{"id":13870,"date":"2026-09-01T23:35:30","date_gmt":"2026-09-01T21:35:30","guid":{"rendered":"https:\/\/www.tablaosflamencos.com\/?p=13870"},"modified":"2026-09-02T00:35:35","modified_gmt":"2026-09-01T22:35:35","slug":"biennale-flamenco-seville-2026-billets-prix-reductions","status":"publish","type":"post","link":"https:\/\/www.tablaosflamencos.com\/fr\/biennale-flamenco-seville-2026-billets-prix-reductions.html","title":{"rendered":"Biennale de Flamenco de S\u00e9ville 2026 : billets, prix et r\u00e9ductions"},"content":{"rendered":"<section class=\"l-section wpb_row height_huge\"><div class=\"l-section-h i-cf\"><div class=\"g-cols vc_row via_flex valign_top type_default stacking_default\"><div class=\"vc_col-sm-6 wpb_column vc_column_container\"><div class=\"vc_column-inner\"><div class=\"wpb_wrapper\"><div class=\"wpb_text_column\"><div class=\"wpb_wrapper\"><h2>Billets de la Biennale de Flamenco 2026 : prix et modalit\u00e9s d\u2019achat<\/h2>\n<p>La <strong>Biennale de Flamenco de S\u00e9ville 2026<\/strong> se tient du <strong>9 septembre au 3 octobre<\/strong> et r\u00e9unit des dizaines de spectacles dans des th\u00e9\u00e2tres, des sites patrimoniaux et des lieux embl\u00e9matiques de la ville. Si vous organisez votre visite, l\u2019une des questions les plus importantes est tr\u00e8s concr\u00e8te : <strong>combien co\u00fbtent les billets, o\u00f9 les acheter et quelles r\u00e9ductions sont encore disponibles<\/strong>.<\/p>\n<p>La r\u00e9ponse d\u00e9pend du lieu et, dans certains cas, de la zone choisie. L\u2019organisation a publi\u00e9 des tarifs allant de <strong>12 \u20ac<\/strong> pour le Paradis Lat\u00e9ral du Teatro Lope de Vega jusqu\u2019\u00e0 <strong>75 \u20ac<\/strong> pour les meilleures places de <em>Infinita<\/em>, de Sara Baras, au Teatro de la Maestranza. Il existe \u00e9galement des spectacles \u00e0 tarif unique de 30 \u20ac, des billets \u00e0 partir de 15 \u20ac \u00e0 l\u2019Espacio Turina et des places \u00e0 partir de 25 \u20ac aux ar\u00e8nes.<\/p>\n<\/div><\/div><\/div><\/div><\/div><div class=\"vc_col-sm-6 wpb_column vc_column_container\"><div class=\"vc_column-inner\"><div class=\"wpb_wrapper\"><div class=\"wpb_text_column\"><div class=\"wpb_wrapper\"><p style=\"text-align: center; font-size: 54px; line-height: 1; margin-bottom: 10px;\"><strong>12 \u20ac<\/strong><\/p>\n<h3 style=\"text-align: center;\">Billet le moins cher publi\u00e9<\/h3>\n<p style=\"text-align: center; font-size: 40px; line-height: 1; margin: 25px 0 10px;\"><strong>75 \u20ac<\/strong><\/p>\n<h3 style=\"text-align: center;\">Prix maximal publi\u00e9<\/h3>\n<p style=\"text-align: center; font-size: 40px; line-height: 1; margin: 25px 0 10px;\"><strong>50 %<\/strong><\/p>\n<h3 style=\"text-align: center;\">Hora Joven pour les moins de 30 ans<\/h3>\n<\/div><\/div><\/div><\/div><\/div><\/div><\/div><\/section><section class=\"l-section wpb_row height_huge color_alternate\"><div class=\"l-section-h i-cf\"><div class=\"g-cols vc_row via_flex valign_top type_default stacking_default\"><div class=\"vc_col-sm-12 wpb_column vc_column_container\"><div class=\"vc_column-inner\"><div class=\"wpb_wrapper\"><div class=\"wpb_text_column\"><div class=\"wpb_wrapper\"><blockquote>\n<p><strong>R\u00e9ponse rapide :<\/strong> les billets de la Biennale de Flamenco de S\u00e9ville 2026 co\u00fbtent officiellement entre <strong>12 et 75 euros<\/strong>, selon le lieu et la zone. Les r\u00e9ductions de 10 % et 5 % pour achat anticip\u00e9 sont termin\u00e9es, mais la <strong>Hora Joven<\/strong>reste disponible : les moins de 30 ans peuvent b\u00e9n\u00e9ficier d\u2019une <strong>r\u00e9duction de 50 %<\/strong> au guichet une heure avant le spectacle, sous r\u00e9serve de places disponibles. Les billets s\u2019ach\u00e8tent depuis la fiche officielle de chaque spectacle dans la programmation de la Biennale.<\/p>\n<\/blockquote>\n<p><strong>Derni\u00e8re mise \u00e0 jour : 1er septembre 2026.<\/strong> Les prix indiqu\u00e9s ici sont ceux publi\u00e9s officiellement par la Biennale. La disponibilit\u00e9 peut \u00e9voluer \u00e0 tout moment et certains spectacles ont d\u00e9j\u00e0 annonc\u00e9 complet ou affichent des billets \u00e9puis\u00e9s.<\/p>\n<\/div><\/div><div class=\"w-separator size_medium\"><\/div><div class=\"w-hwrapper valign_top wrap stack_on_mobiles align_center\" style=\"--hwrapper-gap:1.2rem\"><div class=\"w-btn-wrapper align_none\"><a class=\"w-btn us-btn-style_1\" href=\"https:\/\/www.tablaosflamencos.com\/fr\/biennale-flamenco-seville-2026.html\"><span class=\"w-btn-label\">Guide complet de la Biennale 2026<\/span><\/a><\/div><div class=\"w-btn-wrapper align_none\"><a class=\"w-btn us-btn-style_1\" href=\"https:\/\/www.tablaosflamencos.com\/fr\/biennale-flamenco-seville\"><span class=\"w-btn-label\">Voir toutes nos actualit\u00e9s sur la Biennale<\/span><\/a><\/div><\/div><\/div><\/div><\/div><\/div><\/div><\/section><section class=\"l-section wpb_row height_huge\"><div class=\"l-section-h i-cf\"><div class=\"g-cols vc_row via_flex valign_top type_default stacking_default\"><div class=\"vc_col-sm-3 wpb_column vc_column_container\"><div class=\"vc_column-inner\"><div class=\"wpb_wrapper\"><\/div><\/div><\/div><div class=\"vc_col-sm-6 wpb_column vc_column_container\"><div class=\"vc_column-inner\"><div class=\"wpb_wrapper\"><div class=\"wpb_text_column\"><div class=\"wpb_wrapper\"><h2>Contenu de ce guide<\/h2>\n<ul>\n<li><a href=\"#como-comprar\">Comment acheter des billets pour la Biennale 2026<\/a><\/li>\n<li><a href=\"#precios\">Prix officiels par lieu<\/a><\/li>\n<li><a href=\"#descuentos\">R\u00e9ductions de la Biennale 2026<\/a><\/li>\n<li><a href=\"#hora-joven\">Hora Joven : 50 % pour les moins de 30 ans<\/a><\/li>\n<li><a href=\"#sara-baras\">Tarifs sp\u00e9ciaux pour Sara Baras<\/a><\/li>\n<li><a href=\"#taquillas\">Vente au guichet et billets le jour m\u00eame<\/a><\/li>\n<li><a href=\"#agotadas\">Que faire s\u2019il n\u2019y a plus de billets<\/a><\/li>\n<li><a href=\"#gratis\">Alternatives gratuites<\/a><\/li>\n<li><a href=\"#consejos\">Conseils pour mieux acheter<\/a><\/li>\n<li><a href=\"#faq-entradas\">Questions fr\u00e9quentes<\/a><\/li>\n<\/ul>\n<\/div><\/div><\/div><\/div><\/div><div class=\"vc_col-sm-3 wpb_column vc_column_container\"><div class=\"vc_column-inner\"><div class=\"wpb_wrapper\"><\/div><\/div><\/div><\/div><\/div><\/section><section class=\"l-section wpb_row height_huge color_alternate\"><div class=\"l-section-h i-cf\"><div class=\"g-cols vc_row via_flex valign_top type_default stacking_default\"><div class=\"vc_col-sm-6 wpb_column vc_column_container\"><div class=\"vc_column-inner\"><div class=\"wpb_wrapper\"><div class=\"wpb_text_column\"><div class=\"wpb_wrapper\"><h2 id=\"como-comprar\">Comment acheter des billets pour la Biennale de Flamenco 2026<\/h2>\n<p>La vente g\u00e9n\u00e9rale a commenc\u00e9 le <strong>11 f\u00e9vrier 2026 \u00e0 10 h 00<\/strong>. Le moyen le plus direct d\u2019acheter consiste \u00e0 ouvrir la <strong>Programmation g\u00e9n\u00e9rale<\/strong> de la Biennale puis la fiche du spectacle qui vous int\u00e9resse. Lorsqu\u2019il reste des places, la fiche propose l\u2019option officielle <strong>\u00ab Achat de billets \u00bb<\/strong>.<\/p>\n<p>Vous pouvez consulter la <a href=\"https:\/\/www.labienal.com\/programa-general\" target=\"_blank\" rel=\"noopener\"><strong>programmation officielle de la Biennale<\/strong><\/a> pour v\u00e9rifier l\u2019\u00e9tat actualis\u00e9 de chaque repr\u00e9sentation. Il est pr\u00e9f\u00e9rable de passer par la fiche pr\u00e9cise plut\u00f4t que par d\u2019anciens r\u00e9sultats de recherche, car la disponibilit\u00e9 peut \u00e9voluer rapidement.<\/p>\n<p>La Biennale fournit \u00e9galement une adresse e-mail de billetterie, <strong>taquillaseulen.icas@gmail.com<\/strong>, ainsi que le num\u00e9ro <strong>955 472 822<\/strong> pour les questions relatives \u00e0 l\u2019achat.<\/p>\n<\/div><\/div><\/div><\/div><\/div><div class=\"vc_col-sm-6 wpb_column vc_column_container\"><div class=\"vc_column-inner\"><div class=\"wpb_wrapper\"><div class=\"wpb_text_column\"><div class=\"wpb_wrapper\"><h2>Existe-t-il une billetterie unique pour tous les spectacles ?<\/h2>\n<p>Dans la pratique, la Biennale centralise l\u2019acc\u00e8s \u00e0 l\u2019achat depuis sa propre programmation. C\u2019est utile car l\u2019\u00e9dition se r\u00e9partit entre de nombreux lieux : Teatro Lope de Vega, Teatro de la Maestranza, Teatro Central, Espacio Turina, Teatro Alameda, San Luis de los Franceses, Real F\u00e1brica de Artiller\u00eda, Real Alc\u00e1zar, Hotel Triana et les ar\u00e8nes, entre autres.<\/p>\n<p>Notre conseil est simple : <strong>commencez toujours par le site officiel de la Biennale<\/strong>. Vous r\u00e9duisez ainsi le risque d\u2019arriver sur une fiche obsol\u00e8te, un site de revente ou un canal qui ne refl\u00e8te pas la disponibilit\u00e9 r\u00e9elle.<\/p>\n<p>Si vous comparez plusieurs jours, vous pouvez d\u2019abord ouvrir notre <a href=\"https:\/\/www.tablaosflamencos.com\/bienal-flamenco-sevilla-2026.html\"><strong>guide complet de la Biennale de Flamenco de S\u00e9ville 2026<\/strong><\/a> puis v\u00e9rifier l\u2019achat de chaque spectacle correspondant \u00e0 votre itin\u00e9raire.<\/p>\n<\/div><\/div><\/div><\/div><\/div><\/div><\/div><\/section><section class=\"l-section wpb_row height_huge\"><div class=\"l-section-h i-cf\"><div class=\"g-cols vc_row via_flex valign_top type_default stacking_default\"><div class=\"vc_col-sm-12 wpb_column vc_column_container\"><div class=\"vc_column-inner\"><div class=\"wpb_wrapper\"><div class=\"wpb_text_column\"><div class=\"wpb_wrapper\"><h2 id=\"precios\">Prix des billets de la Biennale de Flamenco 2026 par lieu<\/h2>\n<p>Les prix officiels ne sont pas identiques dans tous les lieux. Certains fonctionnent avec un <strong>tarif unique<\/strong> et d\u2019autres divisent la salle par zones. Voici les tarifs publi\u00e9s par l\u2019organisation pour la XXIVe Biennale :<\/p>\n<div style=\"overflow-x: auto;\">\n<table>\n<thead>\n<tr>\n<th>Lieu<\/th>\n<th>Zone \/ place<\/th>\n<th>Prix<\/th>\n<\/tr>\n<\/thead>\n<tbody>\n<tr>\n<td rowspan=\"6\"><strong>Ar\u00e8nes<\/strong><\/td>\n<td>Piste<\/td>\n<td>50 \u20ac<\/td>\n<\/tr>\n<tr>\n<td>Barri\u00e8re<\/td>\n<td>45 \u20ac<\/td>\n<\/tr>\n<tr>\n<td>Gradins<\/td>\n<td>40 \u20ac<\/td>\n<\/tr>\n<tr>\n<td>Fauteuil de gradin<\/td>\n<td>35 \u20ac<\/td>\n<\/tr>\n<tr>\n<td>Loge<\/td>\n<td>30 \u20ac<\/td>\n<\/tr>\n<tr>\n<td>Tribune<\/td>\n<td>25 \u20ac<\/td>\n<\/tr>\n<tr>\n<td rowspan=\"2\"><strong>Espacio Turina<\/strong><\/td>\n<td>G\u00e9n\u00e9ral<\/td>\n<td>25 \u20ac<\/td>\n<\/tr>\n<tr>\n<td>Paradis<\/td>\n<td>15 \u20ac<\/td>\n<\/tr>\n<tr>\n<td rowspan=\"11\"><strong>Teatro de la Maestranza<\/strong><\/td>\n<td>Parterre A<\/td>\n<td>55 \u20ac<\/td>\n<\/tr>\n<tr>\n<td>Parterre B<\/td>\n<td>50 \u20ac<\/td>\n<\/tr>\n<tr>\n<td>Balcon A<\/td>\n<td>48 \u20ac<\/td>\n<\/tr>\n<tr>\n<td>Balcon B<\/td>\n<td>45 \u20ac<\/td>\n<\/tr>\n<tr>\n<td>Terrasse A<\/td>\n<td>42 \u20ac<\/td>\n<\/tr>\n<tr>\n<td>Terrasse B<\/td>\n<td>40 \u20ac<\/td>\n<\/tr>\n<tr>\n<td>Terrasse C<\/td>\n<td>37 \u20ac<\/td>\n<\/tr>\n<tr>\n<td>Paradis A<\/td>\n<td>35 \u20ac<\/td>\n<\/tr>\n<tr>\n<td>Paradis B<\/td>\n<td>32 \u20ac<\/td>\n<\/tr>\n<tr>\n<td>Paradis C<\/td>\n<td>30 \u20ac<\/td>\n<\/tr>\n<tr>\n<td>Paradis D<\/td>\n<td>28 \u20ac<\/td>\n<\/tr>\n<tr>\n<td rowspan=\"8\"><strong>Teatro Lope de Vega<\/strong><\/td>\n<td>Fauteuil de parterre<\/td>\n<td>35 \u20ac<\/td>\n<\/tr>\n<tr>\n<td>Platea<\/td>\n<td>35 \u20ac<\/td>\n<\/tr>\n<tr>\n<td>Loge centrale<\/td>\n<td>35 \u20ac<\/td>\n<\/tr>\n<tr>\n<td>Loge lat\u00e9rale<\/td>\n<td>30 \u20ac<\/td>\n<\/tr>\n<tr>\n<td>Fauteuil d\u2019amphith\u00e9\u00e2tre<\/td>\n<td>25 \u20ac<\/td>\n<\/tr>\n<tr>\n<td>Loge d\u2019amphith\u00e9\u00e2tre<\/td>\n<td>20 \u20ac<\/td>\n<\/tr>\n<tr>\n<td>Fauteuil de paradis central<\/td>\n<td>15 \u20ac<\/td>\n<\/tr>\n<tr>\n<td>Fauteuil de paradis lat\u00e9ral<\/td>\n<td>12 \u20ac<\/td>\n<\/tr>\n<tr>\n<td><strong>Teatro Central<\/strong><\/td>\n<td>Prix publi\u00e9<\/td>\n<td>30 \u20ac<\/td>\n<\/tr>\n<tr>\n<td><strong>\u00c9glise San Luis<\/strong><\/td>\n<td>Prix publi\u00e9<\/td>\n<td>30 \u20ac<\/td>\n<\/tr>\n<tr>\n<td><strong>Teatro Alameda<\/strong><\/td>\n<td>Prix publi\u00e9<\/td>\n<td>30 \u20ac<\/td>\n<\/tr>\n<tr>\n<td><strong>Real F\u00e1brica de Artiller\u00eda<\/strong><\/td>\n<td>Prix publi\u00e9<\/td>\n<td>30 \u20ac<\/td>\n<\/tr>\n<tr>\n<td><strong>Real Alc\u00e1zar<\/strong><\/td>\n<td>Prix publi\u00e9<\/td>\n<td>30 \u20ac<\/td>\n<\/tr>\n<tr>\n<td><strong>Hotel Triana<\/strong><\/td>\n<td>Prix publi\u00e9<\/td>\n<td>30 \u20ac<\/td>\n<\/tr>\n<\/tbody>\n<\/table>\n<\/div>\n<p>&nbsp;<\/p>\n<p>Ainsi, pour de nombreux spectacles, il est raisonnable de pr\u00e9voir un budget de <strong>25 \u00e0 35 euros par repr\u00e9sentation<\/strong>, m\u00eame si les places au Maestranza et certains \u00e9v\u00e9nements sp\u00e9ciaux peuvent d\u00e9passer ce montant. Le Lope de Vega propose le billet publi\u00e9 le moins cher, avec des places \u00e0 partir de 12 euros.<\/p>\n<\/div><\/div><\/div><\/div><\/div><\/div><\/div><\/section><section class=\"l-section wpb_row height_huge color_alternate\"><div class=\"l-section-h i-cf\"><div class=\"g-cols vc_row via_flex valign_top type_default stacking_default\"><div class=\"vc_col-sm-6 wpb_column vc_column_container\"><div class=\"vc_column-inner\"><div class=\"wpb_wrapper\"><div class=\"wpb_text_column\"><div class=\"wpb_wrapper\"><h2 id=\"descuentos\">R\u00e9ductions de la Biennale de Flamenco 2026<\/h2>\n<p>La Biennale a propos\u00e9 deux p\u00e9riodes de r\u00e9duction pour achat anticip\u00e9 lors de l\u2019ouverture des ventes :<\/p>\n<ul>\n<li><strong>10 % de r\u00e9duction<\/strong> pour les billets achet\u00e9s entre le 11 f\u00e9vrier et le 10 mars 2026.<\/li>\n<li><strong>5 % de r\u00e9duction<\/strong> pour les achats effectu\u00e9s entre le 11 mars et le 11 avril 2026.<\/li>\n<\/ul>\n<p>\u00c0 la date de cette mise \u00e0 jour, <strong>1er septembre 2026, les deux r\u00e9ductions sont termin\u00e9es<\/strong>. Il est important de le pr\u00e9ciser, car d\u2019anciennes pages ou certains r\u00e9sultats de recherche peuvent encore mentionner la promotion sans indiquer clairement qu\u2019elle \u00e9tait limit\u00e9e dans le temps.<\/p>\n<p>Les informations officielles signalent \u00e9galement une exception : les r\u00e9ductions anticip\u00e9es <strong>ne s\u2019appliquaient pas aux deuxi\u00e8me et troisi\u00e8me repr\u00e9sentations de <em>Infinita<\/em>, de Sara Baras<\/strong>.<\/p>\n<\/div><\/div><\/div><\/div><\/div><div class=\"vc_col-sm-6 wpb_column vc_column_container\"><div class=\"vc_column-inner\"><div class=\"wpb_wrapper\"><div class=\"wpb_text_column\"><div class=\"wpb_wrapper\"><h2 id=\"hora-joven\">Hora Joven : 50 % pour les moins de 30 ans<\/h2>\n<p>La r\u00e9duction la plus int\u00e9ressante pour ceux qui n\u2019ont pas encore achet\u00e9 est la <strong>Hora Joven<\/strong>. Les <strong>moins de 30 ans<\/strong> peuvent b\u00e9n\u00e9ficier d\u2019une <strong>r\u00e9duction de 50 %<\/strong> en achetant au guichet <strong>une heure avant le spectacle<\/strong>.<\/p>\n<p>Il existe une condition essentielle : <strong>elle ne s\u2019applique que s\u2019il reste des places en vente<\/strong>. Ce n\u2019est donc pas une option recommand\u00e9e si vous voyagez sp\u00e9cialement \u00e0 S\u00e9ville pour une repr\u00e9sentation pr\u00e9cise ou s\u2019il s\u2019agit d\u2019un spectacle tr\u00e8s demand\u00e9.<\/p>\n<p>Cela peut en revanche \u00eatre une excellente opportunit\u00e9 pour les habitants, les visiteurs flexibles ou les amateurs pr\u00eats \u00e0 choisir leur spectacle au dernier moment. Pour une premi\u00e8re tr\u00e8s attendue, une Noche \u00danica ou une petite salle, attendre la Hora Joven implique d\u2019accepter le risque de ne plus avoir de place.<\/p>\n<\/div><\/div><\/div><\/div><\/div><\/div><\/div><\/section><section class=\"l-section wpb_row height_huge\"><div class=\"l-section-h i-cf\"><div class=\"g-cols vc_row via_flex valign_top type_default stacking_default\"><div class=\"vc_col-sm-6 wpb_column vc_column_container\"><div class=\"vc_column-inner\"><div class=\"wpb_wrapper\"><div class=\"wpb_text_column\"><div class=\"wpb_wrapper\"><h2 id=\"sara-baras\">Combien co\u00fbtent les billets de Sara Baras \u00e0 la Biennale 2026 ?<\/h2>\n<p><em>Infinita<\/em>, le retour de <strong>Sara Baras<\/strong> \u00e0 la Biennale, dispose d\u2019une grille tarifaire sp\u00e9cifique au Teatro de la Maestranza et concentre les places les plus ch\u00e8res publi\u00e9es pour cette \u00e9dition :<\/p>\n<ul>\n<li>Parterre A et Parterre B : <strong>75 \u20ac<\/strong><\/li>\n<li>Balcon A et B : <strong>70 \u20ac<\/strong><\/li>\n<li>Terrasse A et B : <strong>65 \u20ac<\/strong><\/li>\n<li>Terrasse C : <strong>58 \u20ac<\/strong><\/li>\n<li>Paradis A : <strong>54 \u20ac<\/strong><\/li>\n<li>Paradis B : <strong>48 \u20ac<\/strong><\/li>\n<li>Paradis C : <strong>46 \u20ac<\/strong><\/li>\n<li>Paradis D : <strong>42 \u20ac<\/strong><\/li>\n<\/ul>\n<\/div><\/div><\/div><\/div><\/div><div class=\"vc_col-sm-6 wpb_column vc_column_container\"><div class=\"vc_column-inner\"><div class=\"wpb_wrapper\"><div class=\"wpb_text_column\"><div class=\"wpb_wrapper\"><h2>Pourquoi les billets de Sara Baras ont-ils des tarifs diff\u00e9rents ?<\/h2>\n<p>Le tarif publi\u00e9 pour <em>Infinita<\/em> est sup\u00e9rieur \u00e0 la grille g\u00e9n\u00e9rale du Maestranza. Pour les autres spectacles du th\u00e9\u00e2tre, la fourchette officielle va de <strong>28 \u00e0 55 euros<\/strong>, tandis que pour Sara Baras elle se situe entre <strong>42 et 75 euros<\/strong>.<\/p>\n<p>Cela fait d\u2019 <em>Infinita<\/em> une exception claire dans la politique tarifaire de la Biennale. Si le budget est une priorit\u00e9, comparez l\u2019emplacement et la visibilit\u00e9 des diff\u00e9rentes zones avant de choisir.<\/p>\n<p>Vous pouvez \u00e9galement consulter notre article d\u00e9di\u00e9 \u00e0 <a href=\"https:\/\/www.tablaosflamencos.com\/sara-baras-sevilla-2026-infinita-bienal.html\"><strong>Sara Baras \u00e0 S\u00e9ville 2026 : <em>Infinita<\/em> et son retour \u00e0 la Biennale<\/strong><\/a> pour en savoir plus sur le spectacle.<\/p>\n<\/div><\/div><\/div><\/div><\/div><\/div><\/div><\/section><section class=\"l-section wpb_row height_huge color_alternate\"><div class=\"l-section-h i-cf\"><div class=\"g-cols vc_row via_flex valign_top type_default stacking_default\"><div class=\"vc_col-sm-6 wpb_column vc_column_container\"><div class=\"vc_column-inner\"><div class=\"wpb_wrapper\"><div class=\"wpb_text_column\"><div class=\"wpb_wrapper\"><h2 id=\"taquillas\">Vente au guichet et billets le jour m\u00eame<\/h2>\n<p>L\u2019organisation permet d\u2019acheter des billets <strong>une heure avant le spectacle directement sur place<\/strong>, sous r\u00e9serve de disponibilit\u00e9. Cette vente de derni\u00e8re minute peut \u00eatre utile pour les repr\u00e9sentations o\u00f9 il reste quelques places ou pour les personnes d\u00e9j\u00e0 \u00e0 S\u00e9ville et disposant de flexibilit\u00e9.<\/p>\n<p>La billetterie centrale de la <strong>Real F\u00e1brica de Artiller\u00eda<\/strong> conserve, selon les informations publi\u00e9es, des horaires g\u00e9n\u00e9raux du lundi au vendredi de <strong>10 h 00 \u00e0 14 h 00 et de 17 h 00 \u00e0 20 h 00<\/strong>, avec fermeture les week-ends et jours f\u00e9ri\u00e9s.<\/p>\n<p>Pendant la Semaine sainte, la Feria et l\u2019\u00e9t\u00e9, l\u2019horaire indiqu\u00e9 est du lundi au vendredi de <strong>9 h 00 \u00e0 14 h 00<\/strong>. Avant de vous d\u00e9placer sp\u00e9cialement, il est conseill\u00e9 de v\u00e9rifier que ces horaires sont toujours en vigueur.<\/p>\n<\/div><\/div><\/div><\/div><\/div><div class=\"vc_col-sm-6 wpb_column vc_column_container\"><div class=\"vc_column-inner\"><div class=\"wpb_wrapper\"><div class=\"wpb_text_column\"><div class=\"wpb_wrapper\"><h2>Est-ce une bonne id\u00e9e d\u2019attendre le dernier moment ?<\/h2>\n<p>Cela d\u00e9pend du spectacle. L\u2019\u00e9dition 2026 arrive en septembre avec plusieurs repr\u00e9sentations d\u00e9j\u00e0 annonc\u00e9es <strong>compl\u00e8tes<\/strong>. Des lieux comme San Luis de los Franceses ou la Real F\u00e1brica de Artiller\u00eda disposent d\u2019une capacit\u00e9 plus r\u00e9duite que les grands th\u00e9\u00e2tres, de sorte que certaines propositions peuvent se vendre bien plus t\u00f4t.<\/p>\n<p>Si vous avez une priorit\u00e9 artistique tr\u00e8s pr\u00e9cise, la strat\u00e9gie la plus s\u00fbre consiste \u00e0 acheter d\u00e8s que vous trouvez des places. Si vous souhaitez simplement vivre la Biennale sans spectacle absolument indispensable, l\u2019achat de derni\u00e8re minute offre davantage de flexibilit\u00e9 pour profiter de places lib\u00e9r\u00e9es ou de la Hora Joven.<\/p>\n<\/div><\/div><\/div><\/div><\/div><\/div><\/div><\/section><section class=\"l-section wpb_row height_huge\"><div class=\"l-section-h i-cf\"><div class=\"g-cols vc_row via_flex valign_top type_default stacking_default\"><div class=\"vc_col-sm-12 wpb_column vc_column_container\"><div class=\"vc_column-inner\"><div class=\"wpb_wrapper\"><div class=\"wpb_text_column\"><div class=\"wpb_wrapper\"><h2 id=\"agotadas\">Que faire si le spectacle souhait\u00e9 est complet<\/h2>\n<p>Qu\u2019une repr\u00e9sentation soit compl\u00e8te ne signifie pas que votre Biennale est termin\u00e9e. L\u2019\u00e9dition 2026 s\u2019\u00e9tend sur presque un mois et r\u00e9partit sa programmation entre de nombreux lieux, horaires et formats.<\/p>\n<p>La premi\u00e8re \u00e9tape consiste \u00e0 v\u00e9rifier la <strong>fiche officielle de la date concern\u00e9e<\/strong>. Ne consid\u00e9rez pas un spectacle comme complet uniquement parce qu\u2019une date pr\u00e9c\u00e9dente l\u2019\u00e9tait. Certains projets proposent deux repr\u00e9sentations ou davantage et la disponibilit\u00e9 peut varier selon la date.<\/p>\n<p>S\u2019il n\u2019y a effectivement plus de places, nous vous recommandons notre guide <a href=\"https:\/\/www.tablaosflamencos.com\/bienal-flamenco-2026-entradas-agotadas-que-ver.html\"><strong>Biennale de Flamenco 2026 : billets \u00e9puis\u00e9s et quoi voir si vous ne trouvez plus de places<\/strong><\/a>. Nous avons \u00e9galement pr\u00e9par\u00e9 un guide sp\u00e9cifique pour ceux qui cherchent une alternative imm\u00e9diate : <a href=\"https:\/\/www.tablaosflamencos.com\/bienal-agotada-donde-ver-flamenco-hoy-sevilla.html\"><strong>Biennale compl\u00e8te : o\u00f9 voir du flamenco aujourd\u2019hui \u00e0 S\u00e9ville<\/strong><\/a>.<\/p>\n<\/div><\/div><div class=\"w-separator size_medium\"><\/div><div class=\"w-hwrapper valign_top wrap stack_on_mobiles align_center\" style=\"--hwrapper-gap:1.2rem\"><div class=\"w-btn-wrapper align_none\"><a class=\"w-btn us-btn-style_1\" href=\"https:\/\/www.tablaosflamencos.com\/fr\/biennale-flamenco-seville-2026-billets-epuises-alternatives.html\"><span class=\"w-btn-label\">Que faire s\u2019il n\u2019y a plus de billets<\/span><\/a><\/div><div class=\"w-btn-wrapper align_none\"><a class=\"w-btn us-btn-style_1\" href=\"https:\/\/www.tablaosflamencos.com\/fr\/flamenco-a-seville\"><span class=\"w-btn-label\">Voir du flamenco \u00e0 S\u00e9ville<\/span><\/a><\/div><\/div><\/div><\/div><\/div><\/div><\/div><\/section><section class=\"l-section wpb_row height_huge color_alternate\"><div class=\"l-section-h i-cf\"><div class=\"g-cols vc_row via_flex valign_top type_default stacking_default\"><div class=\"vc_col-sm-6 wpb_column vc_column_container\"><div class=\"vc_column-inner\"><div class=\"wpb_wrapper\"><div class=\"wpb_text_column\"><div class=\"wpb_wrapper\"><h2 id=\"gratis\">Y a-t-il des spectacles et activit\u00e9s gratuits \u00e0 la Biennale 2026 ?<\/h2>\n<p>Oui. La Biennale elle-m\u00eame confirme que l\u2019\u00e9dition 2026 propose des <strong>activit\u00e9s gratuites<\/strong> dans le cadre de sa programmation parall\u00e8le. Cela permet de profiter de l\u2019ambiance du festival sans acheter un billet chaque jour.<\/p>\n<p>Expositions, propositions culturelles, rencontres et autres activit\u00e9s peuvent tr\u00e8s bien compl\u00e9ter une repr\u00e9sentation payante. Pour un visiteur qui passe plusieurs jours \u00e0 S\u00e9ville, combiner des spectacles \u00e0 25 ou 30 euros avec des activit\u00e9s gratuites aide aussi \u00e0 ma\u00eetriser le budget total du voyage.<\/p>\n<p>Consultez notre guide <a href=\"https:\/\/www.tablaosflamencos.com\/bienal-flamenco-sevilla-2026-gratis.html\"><strong>Biennale de Flamenco de S\u00e9ville 2026 gratuite : spectacles et activit\u00e9s gratuits<\/strong><\/a> pour d\u00e9couvrir les options que nous avons rassembl\u00e9es.<\/p>\n<\/div><\/div><\/div><\/div><\/div><div class=\"vc_col-sm-6 wpb_column vc_column_container\"><div class=\"vc_column-inner\"><div class=\"wpb_wrapper\"><div class=\"wpb_text_column\"><div class=\"wpb_wrapper\"><h2>Combien peut co\u00fbter une journ\u00e9e de Biennale ?<\/h2>\n<p>Une journ\u00e9e peut \u00eatre tr\u00e8s diff\u00e9rente selon le programme. Avec une place \u00e0 15 ou 20 euros au Lope de Vega ou \u00e0 l\u2019Espacio Turina et une activit\u00e9 gratuite, il est possible de vivre le festival avec un budget r\u00e9duit. Un billet \u00e0 tarif unique dans de nombreux lieux co\u00fbte <strong>30 euros<\/strong>.<\/p>\n<p>Si vous souhaitez combiner deux spectacles payants le m\u00eame jour, un budget habituel peut se situer autour de <strong>50 \u00e0 70 euros<\/strong>, selon les lieux. \u00c0 l\u2019extr\u00e9mit\u00e9 sup\u00e9rieure, une place premium pour Sara Baras co\u00fbte 75 euros avant d\u2019ajouter tout autre spectacle de la journ\u00e9e.<\/p>\n<p>C\u2019est pourquoi nous recommandons de choisir d\u2019abord un ou deux spectacles r\u00e9ellement prioritaires, puis de compl\u00e9ter l\u2019itin\u00e9raire avec des propositions plus \u00e9conomiques, gratuites ou avec du flamenco dans d\u2019autres lieux de S\u00e9ville.<\/p>\n<\/div><\/div><\/div><\/div><\/div><\/div><\/div><\/section><section class=\"l-section wpb_row height_huge\"><div class=\"l-section-h i-cf\"><div class=\"g-cols vc_row via_flex valign_top type_default stacking_default\"><div class=\"vc_col-sm-12 wpb_column vc_column_container\"><div class=\"vc_column-inner\"><div class=\"wpb_wrapper\"><div class=\"wpb_text_column\"><div class=\"wpb_wrapper\"><h2 id=\"consejos\" style=\"text-align: center;\">Conseils pour acheter des billets de la Biennale 2026<\/h2>\n<ul>\n<li><strong>Achetez d\u2019abord les incontournables.<\/strong> Si vous voyagez pour voir un artiste pr\u00e9cis, n\u2019attendez pas que la date approche.<\/li>\n<li><strong>Comparez les zones, pas seulement les prix.<\/strong> Au Maestranza et au Lope de Vega, les diff\u00e9rences entre les places sont importantes.<\/li>\n<li><strong>V\u00e9rifiez chaque date s\u00e9par\u00e9ment.<\/strong> Un spectacle peut \u00eatre complet un jour et conserver des places pour une autre repr\u00e9sentation.<\/li>\n<li><strong>Si vous avez moins de 30 ans, pensez \u00e0 la Hora Joven.<\/strong> L\u2019\u00e9conomie de 50 % est importante, mais elle suppose d\u2019accepter le risque qu\u2019il ne reste plus de billets.<\/li>\n<li><strong>Ne comptez plus sur les r\u00e9ductions anticip\u00e9es.<\/strong> Les campagnes de 10 % et 5 % se sont termin\u00e9es en mars et avril.<\/li>\n<li><strong>Utilisez le canal officiel.<\/strong> Acc\u00e9dez \u00e0 la fiche de chaque spectacle depuis la programmation de la Biennale.<\/li>\n<li><strong>Combinez payant et gratuit.<\/strong> La programmation parall\u00e8le permet de construire des journ\u00e9es de festival avec des budgets tr\u00e8s diff\u00e9rents.<\/li>\n<li><strong>Pr\u00e9voyez un plan B.<\/strong> S\u00e9ville propose du flamenco tous les jours au-del\u00e0 de la programmation officielle de la Biennale.<\/li>\n<\/ul>\n<\/div><\/div><\/div><\/div><\/div><\/div><\/div><\/section><section class=\"l-section wpb_row height_huge color_alternate\"><div class=\"l-section-h i-cf\"><div class=\"g-cols vc_row via_flex valign_top type_default stacking_default\"><div class=\"vc_col-sm-12 wpb_column vc_column_container\"><div class=\"vc_column-inner\"><div class=\"wpb_wrapper\"><div class=\"wpb_text_column\"><div class=\"wpb_wrapper\"><h2 style=\"text-align: center;\">Une Biennale aux prix tr\u00e8s diff\u00e9rents selon l\u2019exp\u00e9rience<\/h2>\n<p style=\"text-align: center;\">La Biennale 2026 permet de composer des exp\u00e9riences tr\u00e8s diff\u00e9rentes. Il est possible d\u2019entrer pour 12 ou 15 euros dans certaines zones, d\u2019assister \u00e0 de nombreux spectacles pour 30 euros ou de choisir de grandes productions au Maestranza \u00e0 des tarifs plus \u00e9lev\u00e9s.<\/p>\n<p style=\"text-align: center;\">\u00c0 ce stade du calendrier, l\u2019essentiel n\u2019est plus d\u2019attendre une nouvelle campagne de r\u00e9duction anticip\u00e9e, mais de <strong>comparer les spectacles, surveiller les disponibilit\u00e9s et profiter de la Hora Joven si vous remplissez les conditions<\/strong>.<\/p>\n<p style=\"text-align: center;\">Et si une repr\u00e9sentation affiche complet, ne centrez pas toute votre visite sur un seul billet : la Biennale anime la ville pendant des semaines et S\u00e9ville offre de nombreuses autres possibilit\u00e9s pour continuer \u00e0 voir du flamenco.<\/p>\n<\/div><\/div><div class=\"w-separator size_medium\"><\/div><div class=\"w-hwrapper valign_top wrap stack_on_mobiles align_center\" style=\"--hwrapper-gap:1.2rem\"><div class=\"w-btn-wrapper align_none\"><a class=\"w-btn us-btn-style_1\" href=\"https:\/\/www.tablaosflamencos.com\/fr\/biennale-flamenco-seville\"><span class=\"w-btn-label\">Voir la page de la Biennale<\/span><\/a><\/div><div class=\"w-btn-wrapper align_none\"><a class=\"w-btn us-btn-style_1\" href=\"https:\/\/www.tablaosflamencos.com\/fr\/biennale-flamenco-seville-2026-gratuite.html\"><span class=\"w-btn-label\">Activit\u00e9s gratuites de la Biennale 2026<\/span><\/a><\/div><\/div><\/div><\/div><\/div><\/div><\/div><\/section><section class=\"l-section wpb_row height_huge with_shape\"><div class=\"l-section-shape type_zigzag pos_bottom\" style=\"height:3vmin;\"><svg xmlns=\"http:\/\/www.w3.org\/2000\/svg\" viewBox=\"0 0 64 8\" preserveAspectRatio=\"none\" width=\"100%\" height=\"100%\">\r\n\t<path fill=\"currentColor\" d=\"M64 8 L0 8 L0 0 L20 7.9 L40 3 L48 5 L64 0 Z\"\/>\r\n<\/svg><\/div><div class=\"l-section-h i-cf\"><div class=\"g-cols vc_row via_flex valign_top type_default stacking_default\"><div class=\"vc_col-sm-1\/5 wpb_column vc_column_container\"><div class=\"vc_column-inner\"><div class=\"wpb_wrapper\"><\/div><\/div><\/div><div class=\"vc_col-sm-3\/5 wpb_column vc_column_container\"><div class=\"vc_column-inner\"><div class=\"wpb_wrapper\"><div class=\"wpb_text_column\"><div class=\"wpb_wrapper\"><h2 id=\"faq-entradas\" style=\"text-align: center;\">Questions fr\u00e9quentes sur les billets, prix et r\u00e9ductions de la Biennale 2026<\/h2>\n<\/div><\/div><div class=\"w-separator size_medium\"><\/div><div class=\"w-tabs accordion toggle_style_1 has_scrolling\" style=\"--sections-title-size:inherit;--sections-gap:0.5rem;\"><div class=\"w-tabs-sections titles-align_none icon_chevron cpos_right\"><div class=\"w-tabs-section\" id=\"qb19\"><button type=\"button\" class=\"w-tabs-section-header\" aria-controls=\"content-qb19\" aria-expanded=\"false\"><div class=\"w-tabs-section-title\">Combien co\u00fbtent les billets de la Biennale de Flamenco de S\u00e9ville 2026 ?<\/div><div class=\"w-tabs-section-control\"><\/div><\/button><div  class=\"w-tabs-section-content\" id=\"content-qb19\"><div class=\"w-tabs-section-content-h i-cf\"><div class=\"wpb_text_column\"><div class=\"wpb_wrapper\"><p>Les prix publi\u00e9s varient entre <strong>12 et 75 euros<\/strong>. Le billet \u00e0 12 \u20ac correspond au Paradis Lat\u00e9ral du Teatro Lope de Vega et les 75 \u20ac aux places de parterre pour <em>Infinita<\/em>, de Sara Baras, au Teatro de la Maestranza.<\/p>\n<\/div><\/div><\/div><\/div><\/div><div class=\"w-tabs-section\" id=\"ic32\"><button type=\"button\" class=\"w-tabs-section-header\" aria-controls=\"content-ic32\" aria-expanded=\"false\"><div class=\"w-tabs-section-title\">O\u00f9 acheter les billets de la Biennale 2026 ?<\/div><div class=\"w-tabs-section-control\"><\/div><\/button><div  class=\"w-tabs-section-content\" id=\"content-ic32\"><div class=\"w-tabs-section-content-h i-cf\"><div class=\"wpb_text_column\"><div class=\"wpb_wrapper\"><p>L\u2019achat s\u2019effectue depuis la <strong>fiche officielle de chaque spectacle<\/strong> dans la Programmation g\u00e9n\u00e9rale de la Biennale. Lorsqu\u2019il reste des places, la fiche donne acc\u00e8s au canal de vente correspondant.<\/p>\n<\/div><\/div><\/div><\/div><\/div><div class=\"w-tabs-section\" id=\"ld1d\"><button type=\"button\" class=\"w-tabs-section-header\" aria-controls=\"content-ld1d\" aria-expanded=\"false\"><div class=\"w-tabs-section-title\">La r\u00e9duction de 10 % pour achat anticip\u00e9 est-elle encore disponible ?<\/div><div class=\"w-tabs-section-control\"><\/div><\/button><div  class=\"w-tabs-section-content\" id=\"content-ld1d\"><div class=\"w-tabs-section-content-h i-cf\"><div class=\"wpb_text_column\"><div class=\"wpb_wrapper\"><p>Non. La r\u00e9duction de 10 % \u00e9tait valable du 11 f\u00e9vrier au 10 mars 2026. Elle a ensuite \u00e9t\u00e9 remplac\u00e9e par une r\u00e9duction de 5 % du 11 mars au 11 avril. Les deux p\u00e9riodes sont maintenant termin\u00e9es.<\/p>\n<\/div><\/div><\/div><\/div><\/div><div class=\"w-tabs-section\" id=\"ie03\"><button type=\"button\" class=\"w-tabs-section-header\" aria-controls=\"content-ie03\" aria-expanded=\"false\"><div class=\"w-tabs-section-title\">Qu\u2019est-ce que la Hora Joven de la Biennale ?<\/div><div class=\"w-tabs-section-control\"><\/div><\/button><div  class=\"w-tabs-section-content\" id=\"content-ie03\"><div class=\"w-tabs-section-content-h i-cf\"><div class=\"wpb_text_column\"><div class=\"wpb_wrapper\"><p>Il s\u2019agit d\u2019une <strong>r\u00e9duction de 50 %<\/strong> pour les moins de 30 ans qui ach\u00e8tent au guichet une heure avant le spectacle, sous r\u00e9serve de places encore disponibles.<\/p>\n<\/div><\/div><\/div><\/div><\/div><div class=\"w-tabs-section\" id=\"pefd\"><button type=\"button\" class=\"w-tabs-section-header\" aria-controls=\"content-pefd\" aria-expanded=\"false\"><div class=\"w-tabs-section-title\">Puis-je acheter un billet le jour m\u00eame du spectacle ?<\/div><div class=\"w-tabs-section-control\"><\/div><\/button><div  class=\"w-tabs-section-content\" id=\"content-pefd\"><div class=\"w-tabs-section-content-h i-cf\"><div class=\"wpb_text_column\"><div class=\"wpb_wrapper\"><p>Oui. La Biennale indique que des billets peuvent \u00eatre achet\u00e9s une heure avant dans le lieu o\u00f9 se d\u00e9roule la repr\u00e9sentation, <strong>\u00e0 condition qu\u2019il reste des places disponibles<\/strong>.<\/p>\n<\/div><\/div><\/div><\/div><\/div><div class=\"w-tabs-section\" id=\"mfed\"><button type=\"button\" class=\"w-tabs-section-header\" aria-controls=\"content-mfed\" aria-expanded=\"false\"><div class=\"w-tabs-section-title\">Combien co\u00fbtent les billets de Sara Baras ?<\/div><div class=\"w-tabs-section-control\"><\/div><\/button><div  class=\"w-tabs-section-content\" id=\"content-mfed\"><div class=\"w-tabs-section-content-h i-cf\"><div class=\"wpb_text_column\"><div class=\"wpb_wrapper\"><p>Pour <em>Infinita<\/em>, de Sara Baras, les prix publi\u00e9s au Teatro de la Maestranza vont de <strong>42 \u00e0 75 euros<\/strong>, selon la zone.<\/p>\n<\/div><\/div><\/div><\/div><\/div><div class=\"w-tabs-section\" id=\"l0cb\"><button type=\"button\" class=\"w-tabs-section-header\" aria-controls=\"content-l0cb\" aria-expanded=\"false\"><div class=\"w-tabs-section-title\">Existe-t-il des billets de la Biennale \u00e0 30 euros ?<\/div><div class=\"w-tabs-section-control\"><\/div><\/button><div  class=\"w-tabs-section-content\" id=\"content-l0cb\"><div class=\"w-tabs-section-content-h i-cf\"><div class=\"wpb_text_column\"><div class=\"wpb_wrapper\"><p>Oui. Teatro Central, l\u2019\u00c9glise San Luis, Teatro Alameda, Real F\u00e1brica de Artiller\u00eda, Real Alc\u00e1zar et Hotel Triana affichent un <strong>prix publi\u00e9 de 30 \u20ac<\/strong> pour leurs spectacles de la Biennale.<\/p>\n<\/div><\/div><\/div><\/div><\/div><div class=\"w-tabs-section\" id=\"o19c\"><button type=\"button\" class=\"w-tabs-section-header\" aria-controls=\"content-o19c\" aria-expanded=\"false\"><div class=\"w-tabs-section-title\">Y a-t-il des activit\u00e9s gratuites \u00e0 la Biennale 2026 ?<\/div><div class=\"w-tabs-section-control\"><\/div><\/button><div  class=\"w-tabs-section-content\" id=\"content-o19c\"><div class=\"w-tabs-section-content-h i-cf\"><div class=\"wpb_text_column\"><div class=\"wpb_wrapper\"><p>Oui. La Biennale inclut des activit\u00e9s gratuites dans sa programmation parall\u00e8le. Leur disponibilit\u00e9 et leur calendrier doivent \u00eatre v\u00e9rifi\u00e9s dans la programmation actualis\u00e9e.<\/p>\n<\/div><\/div><\/div><\/div><\/div><div class=\"w-tabs-section\" id=\"f27d\"><button type=\"button\" class=\"w-tabs-section-header\" aria-controls=\"content-f27d\" aria-expanded=\"false\"><div class=\"w-tabs-section-title\">Que faire si les billets que je veux sont \u00e9puis\u00e9s ?<\/div><div class=\"w-tabs-section-control\"><\/div><\/button><div  class=\"w-tabs-section-content\" id=\"content-f27d\"><div class=\"w-tabs-section-content-h i-cf\"><div class=\"wpb_text_column\"><div class=\"wpb_wrapper\"><p>V\u00e9rifiez d\u2019abord les autres dates du m\u00eame spectacle. S\u2019il n\u2019y a pas de disponibilit\u00e9, cherchez d\u2019autres repr\u00e9sentations de la Biennale, des activit\u00e9s gratuites ou des spectacles de flamenco \u00e0 S\u00e9ville. Chez Tablaos Flamencos, nous maintenons des guides sp\u00e9cifiques avec des alternatives aux repr\u00e9sentations compl\u00e8tes.<\/p>\n<\/div><\/div><\/div><\/div><\/div><div class=\"w-tabs-section\" id=\"s34d\"><button type=\"button\" class=\"w-tabs-section-header\" aria-controls=\"content-s34d\" aria-expanded=\"false\"><div class=\"w-tabs-section-title\">Puis-je appliquer les r\u00e9ductions habituelles d\u2019un th\u00e9\u00e2tre aux billets de la Biennale ?<\/div><div class=\"w-tabs-section-control\"><\/div><\/button><div  class=\"w-tabs-section-content\" id=\"content-s34d\"><div class=\"w-tabs-section-content-h i-cf\"><div class=\"wpb_text_column\"><div class=\"wpb_wrapper\"><p>Il ne faut pas le supposer. Les informations de vente propres \u00e0 la Biennale publient leurs propres conditions et r\u00e9ductions. Avant d\u2019acheter, v\u00e9rifiez toujours les conditions de la repr\u00e9sentation concern\u00e9e ou contactez la billetterie.<\/p>\n<\/div><\/div><\/div><\/div><\/div><\/div><\/div><\/div><\/div><\/div><div class=\"vc_col-sm-1\/5 wpb_column vc_column_container\"><div class=\"vc_column-inner\"><div class=\"wpb_wrapper\"><\/div><\/div><\/div><\/div><\/div><\/section>\n","protected":false},"excerpt":{"rendered":"<p>Guide actualis\u00e9 pour acheter des billets pour la Biennale de Flamenco de S\u00e9ville 2026 : prix par lieu, r\u00e9ductions, Hora Joven, billetteries et solutions en cas de complet.<\/p>\n","protected":false},"author":1,"featured_media":13857,"comment_status":"closed","ping_status":"closed","sticky":false,"template":"","format":"standard","meta":{"_acf_changed":false,"wpai_generated_summary":"","_ayudawp_aiss_exclude":false,"_ayudawp_aiss_exclude_summary":false,"_ayudawp_aiss_summary":"","_ayudawp_aiss_summary_provider":"","_ayudawp_aiss_summary_hash":"","footnotes":""},"categories":[1428],"tags":[1238,1239,1240,1832,1241,1155,1242],"class_list":["post-13870","post","type-post","status-publish","format-standard","has-post-thumbnail","hentry","category-biennale-de-flamenco","tag-agenda-flamenca","tag-bienal-2026","tag-bienal-de-flamenco","tag-billets-flamenco","tag-festivales-flamencos","tag-flamenco-en-sevilla","tag-sevilla"],"acf":[],"yoast_head":"<!-- This site is optimized with the Yoast SEO Premium plugin v28.4 (Yoast SEO v28.4) - https:\/\/yoast.com\/product\/yoast-seo-premium-wordpress\/ -->\n<title>Billets Biennale Flamenco S\u00e9ville 2026 : prix et r\u00e9ductions<\/title>\n<meta name=\"description\" content=\"Prix et r\u00e9ductions de la Biennale de Flamenco de S\u00e9ville 2026 : billets d\u00e8s 12 \u20ac, Hora Joven \u00e0 -50 %, billetteries, achat en ligne et tarifs par lieu.\" \/>\n<meta name=\"robots\" content=\"index, follow, max-snippet:-1, max-image-preview:large, max-video-preview:-1\" \/>\n<link rel=\"canonical\" href=\"https:\/\/www.tablaosflamencos.com\/fr\/biennale-flamenco-seville-2026-billets-prix-reductions.html\" \/>\n<meta property=\"og:locale\" content=\"fr_FR\" \/>\n<meta property=\"og:type\" content=\"article\" \/>\n<meta property=\"og:title\" content=\"Biennale de Flamenco de S\u00e9ville 2026 : billets, prix et r\u00e9ductions\" \/>\n<meta property=\"og:description\" content=\"Prix et r\u00e9ductions de la Biennale de Flamenco de S\u00e9ville 2026 : billets d\u00e8s 12 \u20ac, Hora Joven \u00e0 -50 %, billetteries, achat en ligne et tarifs par lieu.\" \/>\n<meta property=\"og:url\" content=\"https:\/\/www.tablaosflamencos.com\/fr\/biennale-flamenco-seville-2026-billets-prix-reductions.html\" \/>\n<meta property=\"og:site_name\" content=\"Tablaos Flamencos\" \/>\n<meta property=\"article:publisher\" content=\"https:\/\/www.facebook.com\/tablaosflamencos\" \/>\n<meta property=\"article:published_time\" content=\"2026-09-01T21:35:30+00:00\" \/>\n<meta property=\"article:modified_time\" content=\"2026-09-01T22:35:35+00:00\" \/>\n<meta property=\"og:image\" content=\"https:\/\/www.tablaosflamencos.com\/wp-content\/uploads\/bienal-de-flamenco-2026-entradas-precios-y-descuentos-01.webp\" \/>\n\t<meta property=\"og:image:width\" content=\"1672\" \/>\n\t<meta property=\"og:image:height\" content=\"941\" \/>\n\t<meta property=\"og:image:type\" content=\"image\/webp\" \/>\n<meta name=\"author\" content=\"Miguel Ortiz\" \/>\n<meta name=\"twitter:card\" content=\"summary_large_image\" \/>\n<meta name=\"twitter:creator\" content=\"@tablaosflamenco\" \/>\n<meta name=\"twitter:site\" content=\"@tablaosflamenco\" \/>\n<meta name=\"twitter:label1\" content=\"\u00c9crit par\" \/>\n\t<meta name=\"twitter:data1\" content=\"Miguel Ortiz\" \/>\n\t<meta name=\"twitter:label2\" content=\"Dur\u00e9e de lecture estim\u00e9e\" \/>\n\t<meta name=\"twitter:data2\" content=\"17 minutes\" \/>\n<script type=\"application\/ld+json\" class=\"yoast-schema-graph\">{\"@context\":\"https:\\\/\\\/schema.org\",\"@graph\":[{\"@type\":\"Article\",\"@id\":\"https:\\\/\\\/www.tablaosflamencos.com\\\/fr\\\/biennale-flamenco-seville-2026-billets-prix-reductions.html#article\",\"isPartOf\":{\"@id\":\"https:\\\/\\\/www.tablaosflamencos.com\\\/fr\\\/biennale-flamenco-seville-2026-billets-prix-reductions.html\"},\"author\":{\"name\":\"Miguel Ortiz\",\"@id\":\"https:\\\/\\\/www.tablaosflamencos.com\\\/fr#\\\/schema\\\/person\\\/e7a9ebe14eb75a52ceabfbffb3c54f5d\"},\"headline\":\"Biennale de Flamenco de S\u00e9ville 2026 : billets, prix et r\u00e9ductions\",\"datePublished\":\"2026-09-01T21:35:30+00:00\",\"dateModified\":\"2026-09-01T22:35:35+00:00\",\"mainEntityOfPage\":{\"@id\":\"https:\\\/\\\/www.tablaosflamencos.com\\\/fr\\\/biennale-flamenco-seville-2026-billets-prix-reductions.html\"},\"wordCount\":3419,\"publisher\":{\"@id\":\"https:\\\/\\\/www.tablaosflamencos.com\\\/fr#organization\"},\"image\":{\"@id\":\"https:\\\/\\\/www.tablaosflamencos.com\\\/fr\\\/biennale-flamenco-seville-2026-billets-prix-reductions.html#primaryimage\"},\"thumbnailUrl\":\"https:\\\/\\\/www.tablaosflamencos.com\\\/wp-content\\\/uploads\\\/bienal-de-flamenco-2026-entradas-precios-y-descuentos-01.webp\",\"keywords\":[\"agenda flamenca\",\"Bienal 2026\",\"Bienal de Flamenco\",\"Billets de flamenco\",\"festivales flamencos\",\"flamenco en Sevilla\",\"sevilla\"],\"articleSection\":[\"Biennale de Flamenco\"],\"inLanguage\":\"fr-FR\"},{\"@type\":\"WebPage\",\"@id\":\"https:\\\/\\\/www.tablaosflamencos.com\\\/fr\\\/biennale-flamenco-seville-2026-billets-prix-reductions.html\",\"url\":\"https:\\\/\\\/www.tablaosflamencos.com\\\/fr\\\/biennale-flamenco-seville-2026-billets-prix-reductions.html\",\"name\":\"Billets Biennale Flamenco S\u00e9ville 2026 : prix et r\u00e9ductions\",\"isPartOf\":{\"@id\":\"https:\\\/\\\/www.tablaosflamencos.com\\\/fr#website\"},\"primaryImageOfPage\":{\"@id\":\"https:\\\/\\\/www.tablaosflamencos.com\\\/fr\\\/biennale-flamenco-seville-2026-billets-prix-reductions.html#primaryimage\"},\"image\":{\"@id\":\"https:\\\/\\\/www.tablaosflamencos.com\\\/fr\\\/biennale-flamenco-seville-2026-billets-prix-reductions.html#primaryimage\"},\"thumbnailUrl\":\"https:\\\/\\\/www.tablaosflamencos.com\\\/wp-content\\\/uploads\\\/bienal-de-flamenco-2026-entradas-precios-y-descuentos-01.webp\",\"datePublished\":\"2026-09-01T21:35:30+00:00\",\"dateModified\":\"2026-09-01T22:35:35+00:00\",\"description\":\"Prix et r\u00e9ductions de la Biennale de Flamenco de S\u00e9ville 2026 : billets d\u00e8s 12 \u20ac, Hora Joven \u00e0 -50 %, billetteries, achat en ligne et tarifs par lieu.\",\"breadcrumb\":{\"@id\":\"https:\\\/\\\/www.tablaosflamencos.com\\\/fr\\\/biennale-flamenco-seville-2026-billets-prix-reductions.html#breadcrumb\"},\"inLanguage\":\"fr-FR\",\"potentialAction\":[{\"@type\":\"ReadAction\",\"target\":[\"https:\\\/\\\/www.tablaosflamencos.com\\\/fr\\\/biennale-flamenco-seville-2026-billets-prix-reductions.html\"]}]},{\"@type\":\"ImageObject\",\"inLanguage\":\"fr-FR\",\"@id\":\"https:\\\/\\\/www.tablaosflamencos.com\\\/fr\\\/biennale-flamenco-seville-2026-billets-prix-reductions.html#primaryimage\",\"url\":\"https:\\\/\\\/www.tablaosflamencos.com\\\/wp-content\\\/uploads\\\/bienal-de-flamenco-2026-entradas-precios-y-descuentos-01.webp\",\"contentUrl\":\"https:\\\/\\\/www.tablaosflamencos.com\\\/wp-content\\\/uploads\\\/bienal-de-flamenco-2026-entradas-precios-y-descuentos-01.webp\",\"width\":1672,\"height\":941,\"caption\":\"Bienal de Flamenco 2026: entradas, precios y descuentos\"},{\"@type\":\"BreadcrumbList\",\"@id\":\"https:\\\/\\\/www.tablaosflamencos.com\\\/fr\\\/biennale-flamenco-seville-2026-billets-prix-reductions.html#breadcrumb\",\"itemListElement\":[{\"@type\":\"ListItem\",\"position\":1,\"name\":\"Home\",\"item\":\"https:\\\/\\\/www.tablaosflamencos.com\\\/fr\"},{\"@type\":\"ListItem\",\"position\":2,\"name\":\"Biennale de Flamenco de S\u00e9ville 2026 : billets, prix et r\u00e9ductions\"}]},{\"@type\":\"WebSite\",\"@id\":\"https:\\\/\\\/www.tablaosflamencos.com\\\/fr#website\",\"url\":\"https:\\\/\\\/www.tablaosflamencos.com\\\/fr\",\"name\":\"Tablaos Flamencos\",\"description\":\"Entradas para tablaos flamencos de Espa\u00f1a\",\"publisher\":{\"@id\":\"https:\\\/\\\/www.tablaosflamencos.com\\\/fr#organization\"},\"alternateName\":\"Tablaos Flamencos\",\"potentialAction\":[{\"@type\":\"SearchAction\",\"target\":{\"@type\":\"EntryPoint\",\"urlTemplate\":\"https:\\\/\\\/www.tablaosflamencos.com\\\/fr?s={search_term_string}\"},\"query-input\":{\"@type\":\"PropertyValueSpecification\",\"valueRequired\":true,\"valueName\":\"search_term_string\"}}],\"inLanguage\":\"fr-FR\"},{\"@type\":[\"Organization\",\"Place\",\"EntertainmentBusiness\"],\"@id\":\"https:\\\/\\\/www.tablaosflamencos.com\\\/fr#organization\",\"name\":\"Tablaos Flamencos\",\"alternateName\":\"Tablaos Flamencos\",\"url\":\"https:\\\/\\\/www.tablaosflamencos.com\\\/fr\",\"logo\":{\"@id\":\"https:\\\/\\\/www.tablaosflamencos.com\\\/fr\\\/biennale-flamenco-seville-2026-billets-prix-reductions.html#local-main-organization-logo\"},\"image\":{\"@id\":\"https:\\\/\\\/www.tablaosflamencos.com\\\/fr\\\/biennale-flamenco-seville-2026-billets-prix-reductions.html#local-main-organization-logo\"},\"sameAs\":[\"https:\\\/\\\/www.facebook.com\\\/tablaosflamencos\",\"https:\\\/\\\/x.com\\\/tablaosflamenco\",\"https:\\\/\\\/mastodon.social\\\/@tablaosflamencos\",\"https:\\\/\\\/www.instagram.com\\\/tablaosflamencos\",\"https:\\\/\\\/tiktok.com\\\/@tablaosflamencos\",\"https:\\\/\\\/www.linkedin.com\\\/company\\\/109408238\\\/\"],\"description\":\"Venta de entradas para espect\u00e1culos flamencos\",\"legalName\":\"Tablaos Flamencos\",\"foundingDate\":\"2015-01-01\",\"numberOfEmployees\":{\"@type\":\"QuantitativeValue\",\"minValue\":\"1\",\"maxValue\":\"10\"},\"address\":{\"@id\":\"https:\\\/\\\/www.tablaosflamencos.com\\\/fr\\\/biennale-flamenco-seville-2026-billets-prix-reductions.html#local-main-place-address\"},\"geo\":{\"@type\":\"GeoCoordinates\",\"latitude\":\"37.3868072\",\"longitude\":\"-5.993280299999999\"},\"telephone\":[\"+34623787787\"],\"contactPoint\":{\"@type\":\"ContactPoint\",\"telephone\":\"+34623787787\",\"email\":\"info@tablaosflamencos.com\"},\"openingHoursSpecification\":{\"@type\":\"OpeningHoursSpecification\",\"dayOfWeek\":[\"Monday\",\"Tuesday\",\"Wednesday\",\"Thursday\",\"Friday\",\"Saturday\",\"Sunday\"],\"opens\":\"00:00\",\"closes\":\"23:59\"},\"email\":\"info@tablaosflamencos.com\",\"priceRange\":\"$$$\",\"currenciesAccepted\":\"\u20ac\"},{\"@type\":\"Person\",\"@id\":\"https:\\\/\\\/www.tablaosflamencos.com\\\/fr#\\\/schema\\\/person\\\/e7a9ebe14eb75a52ceabfbffb3c54f5d\",\"name\":\"Miguel Ortiz\",\"description\":\"Miguel Ortiz es un empresario flamenco, con una s\u00f3lida trayectoria dentro del sector. Ha presidido entidades culturales vinculadas al flamenco y, cuenta con un amplio recorrido profesional en la gesti\u00f3n y promoci\u00f3n de espect\u00e1culos y tablaos flamencos. Su pasi\u00f3n por la historia y el arte flamenco se refleja en cada art\u00edculo, donde combina experiencia, criterio y un profundo respeto por la tradici\u00f3n.\",\"sameAs\":[\"https:\\\/\\\/www.tablaosflamencos.com\",\"https:\\\/\\\/www.instagra.com\\\/miguelortizfe\",\"https:\\\/\\\/www.linkedin.com\\\/in\\\/miguelortizf\\\/\"],\"birthDate\":\"1984-11-22\",\"gender\":\"hombre\",\"knowsLanguage\":[\"espa\u00f1ol\",\"ingl\u00e9s\"],\"jobTitle\":\"Empresario flamenco\"},{\"@type\":\"PostalAddress\",\"@id\":\"https:\\\/\\\/www.tablaosflamencos.com\\\/fr\\\/biennale-flamenco-seville-2026-billets-prix-reductions.html#local-main-place-address\",\"streetAddress\":\"C\\\/ Alemanes, 19\",\"addressLocality\":\"Sevilla\",\"postalCode\":\"41004\",\"addressRegion\":\"Sevilla\",\"addressCountry\":\"ES\"},{\"@type\":\"ImageObject\",\"inLanguage\":\"fr-FR\",\"@id\":\"https:\\\/\\\/www.tablaosflamencos.com\\\/fr\\\/biennale-flamenco-seville-2026-billets-prix-reductions.html#local-main-organization-logo\",\"url\":\"https:\\\/\\\/www.tablaosflamencos.com\\\/wp-content\\\/uploads\\\/tablaos-flamencos-06-3.webp\",\"contentUrl\":\"https:\\\/\\\/www.tablaosflamencos.com\\\/wp-content\\\/uploads\\\/tablaos-flamencos-06-3.webp\",\"width\":600,\"height\":620,\"caption\":\"Tablaos Flamencos\"}]}<\/script>\n<meta name=\"geo.placename\" content=\"Sevilla\" \/>\n<meta name=\"geo.position\" content=\"37.3868072;-5.993280299999999\" \/>\n<meta name=\"geo.region\" content=\"Espagne\" \/>\n<!-- \/ Yoast SEO Premium plugin. -->","yoast_head_json":{"title":"Billets Biennale Flamenco S\u00e9ville 2026 : prix et r\u00e9ductions","description":"Prix et r\u00e9ductions de la Biennale de Flamenco de S\u00e9ville 2026 : billets d\u00e8s 12 \u20ac, Hora Joven \u00e0 -50 %, billetteries, achat en ligne et tarifs par lieu.","robots":{"index":"index","follow":"follow","max-snippet":"max-snippet:-1","max-image-preview":"max-image-preview:large","max-video-preview":"max-video-preview:-1"},"canonical":"https:\/\/www.tablaosflamencos.com\/fr\/biennale-flamenco-seville-2026-billets-prix-reductions.html","og_locale":"fr_FR","og_type":"article","og_title":"Biennale de Flamenco de S\u00e9ville 2026 : billets, prix et r\u00e9ductions","og_description":"Prix et r\u00e9ductions de la Biennale de Flamenco de S\u00e9ville 2026 : billets d\u00e8s 12 \u20ac, Hora Joven \u00e0 -50 %, billetteries, achat en ligne et tarifs par lieu.","og_url":"https:\/\/www.tablaosflamencos.com\/fr\/biennale-flamenco-seville-2026-billets-prix-reductions.html","og_site_name":"Tablaos Flamencos","article_publisher":"https:\/\/www.facebook.com\/tablaosflamencos","article_published_time":"2026-09-01T21:35:30+00:00","article_modified_time":"2026-09-01T22:35:35+00:00","og_image":[{"width":1672,"height":941,"url":"https:\/\/www.tablaosflamencos.com\/wp-content\/uploads\/bienal-de-flamenco-2026-entradas-precios-y-descuentos-01.webp","type":"image\/webp"}],"author":"Miguel Ortiz","twitter_card":"summary_large_image","twitter_creator":"@tablaosflamenco","twitter_site":"@tablaosflamenco","twitter_misc":{"\u00c9crit par":"Miguel Ortiz","Dur\u00e9e de lecture estim\u00e9e":"17 minutes"},"schema":{"@context":"https:\/\/schema.org","@graph":[{"@type":"Article","@id":"https:\/\/www.tablaosflamencos.com\/fr\/biennale-flamenco-seville-2026-billets-prix-reductions.html#article","isPartOf":{"@id":"https:\/\/www.tablaosflamencos.com\/fr\/biennale-flamenco-seville-2026-billets-prix-reductions.html"},"author":{"name":"Miguel Ortiz","@id":"https:\/\/www.tablaosflamencos.com\/fr#\/schema\/person\/e7a9ebe14eb75a52ceabfbffb3c54f5d"},"headline":"Biennale de Flamenco de S\u00e9ville 2026 : billets, prix et r\u00e9ductions","datePublished":"2026-09-01T21:35:30+00:00","dateModified":"2026-09-01T22:35:35+00:00","mainEntityOfPage":{"@id":"https:\/\/www.tablaosflamencos.com\/fr\/biennale-flamenco-seville-2026-billets-prix-reductions.html"},"wordCount":3419,"publisher":{"@id":"https:\/\/www.tablaosflamencos.com\/fr#organization"},"image":{"@id":"https:\/\/www.tablaosflamencos.com\/fr\/biennale-flamenco-seville-2026-billets-prix-reductions.html#primaryimage"},"thumbnailUrl":"https:\/\/www.tablaosflamencos.com\/wp-content\/uploads\/bienal-de-flamenco-2026-entradas-precios-y-descuentos-01.webp","keywords":["agenda flamenca","Bienal 2026","Bienal de Flamenco","Billets de flamenco","festivales flamencos","flamenco en Sevilla","sevilla"],"articleSection":["Biennale de Flamenco"],"inLanguage":"fr-FR"},{"@type":"WebPage","@id":"https:\/\/www.tablaosflamencos.com\/fr\/biennale-flamenco-seville-2026-billets-prix-reductions.html","url":"https:\/\/www.tablaosflamencos.com\/fr\/biennale-flamenco-seville-2026-billets-prix-reductions.html","name":"Billets Biennale Flamenco S\u00e9ville 2026 : prix et r\u00e9ductions","isPartOf":{"@id":"https:\/\/www.tablaosflamencos.com\/fr#website"},"primaryImageOfPage":{"@id":"https:\/\/www.tablaosflamencos.com\/fr\/biennale-flamenco-seville-2026-billets-prix-reductions.html#primaryimage"},"image":{"@id":"https:\/\/www.tablaosflamencos.com\/fr\/biennale-flamenco-seville-2026-billets-prix-reductions.html#primaryimage"},"thumbnailUrl":"https:\/\/www.tablaosflamencos.com\/wp-content\/uploads\/bienal-de-flamenco-2026-entradas-precios-y-descuentos-01.webp","datePublished":"2026-09-01T21:35:30+00:00","dateModified":"2026-09-01T22:35:35+00:00","description":"Prix et r\u00e9ductions de la Biennale de Flamenco de S\u00e9ville 2026 : billets d\u00e8s 12 \u20ac, Hora Joven \u00e0 -50 %, billetteries, achat en ligne et tarifs par lieu.","breadcrumb":{"@id":"https:\/\/www.tablaosflamencos.com\/fr\/biennale-flamenco-seville-2026-billets-prix-reductions.html#breadcrumb"},"inLanguage":"fr-FR","potentialAction":[{"@type":"ReadAction","target":["https:\/\/www.tablaosflamencos.com\/fr\/biennale-flamenco-seville-2026-billets-prix-reductions.html"]}]},{"@type":"ImageObject","inLanguage":"fr-FR","@id":"https:\/\/www.tablaosflamencos.com\/fr\/biennale-flamenco-seville-2026-billets-prix-reductions.html#primaryimage","url":"https:\/\/www.tablaosflamencos.com\/wp-content\/uploads\/bienal-de-flamenco-2026-entradas-precios-y-descuentos-01.webp","contentUrl":"https:\/\/www.tablaosflamencos.com\/wp-content\/uploads\/bienal-de-flamenco-2026-entradas-precios-y-descuentos-01.webp","width":1672,"height":941,"caption":"Bienal de Flamenco 2026: entradas, precios y descuentos"},{"@type":"BreadcrumbList","@id":"https:\/\/www.tablaosflamencos.com\/fr\/biennale-flamenco-seville-2026-billets-prix-reductions.html#breadcrumb","itemListElement":[{"@type":"ListItem","position":1,"name":"Home","item":"https:\/\/www.tablaosflamencos.com\/fr"},{"@type":"ListItem","position":2,"name":"Biennale de Flamenco de S\u00e9ville 2026 : billets, prix et r\u00e9ductions"}]},{"@type":"WebSite","@id":"https:\/\/www.tablaosflamencos.com\/fr#website","url":"https:\/\/www.tablaosflamencos.com\/fr","name":"Tablaos Flamencos","description":"Entradas para tablaos flamencos de Espa\u00f1a","publisher":{"@id":"https:\/\/www.tablaosflamencos.com\/fr#organization"},"alternateName":"Tablaos Flamencos","potentialAction":[{"@type":"SearchAction","target":{"@type":"EntryPoint","urlTemplate":"https:\/\/www.tablaosflamencos.com\/fr?s={search_term_string}"},"query-input":{"@type":"PropertyValueSpecification","valueRequired":true,"valueName":"search_term_string"}}],"inLanguage":"fr-FR"},{"@type":["Organization","Place","EntertainmentBusiness"],"@id":"https:\/\/www.tablaosflamencos.com\/fr#organization","name":"Tablaos Flamencos","alternateName":"Tablaos Flamencos","url":"https:\/\/www.tablaosflamencos.com\/fr","logo":{"@id":"https:\/\/www.tablaosflamencos.com\/fr\/biennale-flamenco-seville-2026-billets-prix-reductions.html#local-main-organization-logo"},"image":{"@id":"https:\/\/www.tablaosflamencos.com\/fr\/biennale-flamenco-seville-2026-billets-prix-reductions.html#local-main-organization-logo"},"sameAs":["https:\/\/www.facebook.com\/tablaosflamencos","https:\/\/x.com\/tablaosflamenco","https:\/\/mastodon.social\/@tablaosflamencos","https:\/\/www.instagram.com\/tablaosflamencos","https:\/\/tiktok.com\/@tablaosflamencos","https:\/\/www.linkedin.com\/company\/109408238\/"],"description":"Venta de entradas para espect\u00e1culos flamencos","legalName":"Tablaos Flamencos","foundingDate":"2015-01-01","numberOfEmployees":{"@type":"QuantitativeValue","minValue":"1","maxValue":"10"},"address":{"@id":"https:\/\/www.tablaosflamencos.com\/fr\/biennale-flamenco-seville-2026-billets-prix-reductions.html#local-main-place-address"},"geo":{"@type":"GeoCoordinates","latitude":"37.3868072","longitude":"-5.993280299999999"},"telephone":["+34623787787"],"contactPoint":{"@type":"ContactPoint","telephone":"+34623787787","email":"info@tablaosflamencos.com"},"openingHoursSpecification":{"@type":"OpeningHoursSpecification","dayOfWeek":["Monday","Tuesday","Wednesday","Thursday","Friday","Saturday","Sunday"],"opens":"00:00","closes":"23:59"},"email":"info@tablaosflamencos.com","priceRange":"$$$","currenciesAccepted":"\u20ac"},{"@type":"Person","@id":"https:\/\/www.tablaosflamencos.com\/fr#\/schema\/person\/e7a9ebe14eb75a52ceabfbffb3c54f5d","name":"Miguel Ortiz","description":"Miguel Ortiz es un empresario flamenco, con una s\u00f3lida trayectoria dentro del sector. Ha presidido entidades culturales vinculadas al flamenco y, cuenta con un amplio recorrido profesional en la gesti\u00f3n y promoci\u00f3n de espect\u00e1culos y tablaos flamencos. Su pasi\u00f3n por la historia y el arte flamenco se refleja en cada art\u00edculo, donde combina experiencia, criterio y un profundo respeto por la tradici\u00f3n.","sameAs":["https:\/\/www.tablaosflamencos.com","https:\/\/www.instagra.com\/miguelortizfe","https:\/\/www.linkedin.com\/in\/miguelortizf\/"],"birthDate":"1984-11-22","gender":"hombre","knowsLanguage":["espa\u00f1ol","ingl\u00e9s"],"jobTitle":"Empresario flamenco"},{"@type":"PostalAddress","@id":"https:\/\/www.tablaosflamencos.com\/fr\/biennale-flamenco-seville-2026-billets-prix-reductions.html#local-main-place-address","streetAddress":"C\/ Alemanes, 19","addressLocality":"Sevilla","postalCode":"41004","addressRegion":"Sevilla","addressCountry":"ES"},{"@type":"ImageObject","inLanguage":"fr-FR","@id":"https:\/\/www.tablaosflamencos.com\/fr\/biennale-flamenco-seville-2026-billets-prix-reductions.html#local-main-organization-logo","url":"https:\/\/www.tablaosflamencos.com\/wp-content\/uploads\/tablaos-flamencos-06-3.webp","contentUrl":"https:\/\/www.tablaosflamencos.com\/wp-content\/uploads\/tablaos-flamencos-06-3.webp","width":600,"height":620,"caption":"Tablaos Flamencos"}]},"geo.placename":"Sevilla","geo.position":{"lat":"37.3868072","long":"-5.993280299999999"},"geo.region":"Espagne"},"_links":{"self":[{"href":"https:\/\/www.tablaosflamencos.com\/fr\/wp-json\/wp\/v2\/posts\/13870","targetHints":{"allow":["GET"]}}],"collection":[{"href":"https:\/\/www.tablaosflamencos.com\/fr\/wp-json\/wp\/v2\/posts"}],"about":[{"href":"https:\/\/www.tablaosflamencos.com\/fr\/wp-json\/wp\/v2\/types\/post"}],"author":[{"embeddable":true,"href":"https:\/\/www.tablaosflamencos.com\/fr\/wp-json\/wp\/v2\/users\/1"}],"replies":[{"embeddable":true,"href":"https:\/\/www.tablaosflamencos.com\/fr\/wp-json\/wp\/v2\/comments?post=13870"}],"version-history":[{"count":10,"href":"https:\/\/www.tablaosflamencos.com\/fr\/wp-json\/wp\/v2\/posts\/13870\/revisions"}],"predecessor-version":[{"id":13984,"href":"https:\/\/www.tablaosflamencos.com\/fr\/wp-json\/wp\/v2\/posts\/13870\/revisions\/13984"}],"wp:featuredmedia":[{"embeddable":true,"href":"https:\/\/www.tablaosflamencos.com\/fr\/wp-json\/wp\/v2\/media\/13857"}],"wp:attachment":[{"href":"https:\/\/www.tablaosflamencos.com\/fr\/wp-json\/wp\/v2\/media?parent=13870"}],"wp:term":[{"taxonomy":"category","embeddable":true,"href":"https:\/\/www.tablaosflamencos.com\/fr\/wp-json\/wp\/v2\/categories?post=13870"},{"taxonomy":"post_tag","embeddable":true,"href":"https:\/\/www.tablaosflamencos.com\/fr\/wp-json\/wp\/v2\/tags?post=13870"}],"curies":[{"name":"wp","href":"https:\/\/api.w.org\/{rel}","templated":true}]}}