{"id":13866,"date":"2026-09-01T23:44:31","date_gmt":"2026-09-01T21:44:31","guid":{"rendered":"https:\/\/www.tablaosflamencos.com\/?p=13866"},"modified":"2026-09-02T00:34:44","modified_gmt":"2026-09-01T22:34:44","slug":"flamenco-real-alcazar-biennale-seville-2026","status":"publish","type":"post","link":"https:\/\/www.tablaosflamencos.com\/fr\/flamenco-real-alcazar-biennale-seville-2026.html","title":{"rendered":"Flamenco au Real Alc\u00e1zar pendant la Biennale 2026"},"content":{"rendered":"<section class=\"l-section wpb_row height_huge\"><div class=\"l-section-h i-cf\"><div class=\"g-cols vc_row via_flex valign_top type_default stacking_default\"><div class=\"vc_col-sm-6 wpb_column vc_column_container\"><div class=\"vc_column-inner\"><div class=\"wpb_wrapper\"><div class=\"wpb_text_column\"><div class=\"wpb_wrapper\"><h2>Flamenco au Real Alc\u00e1zar pendant la Biennale 2026<\/h2>\n<p>La <strong>XXIVe Biennale de Flamenco de S\u00e9ville<\/strong> transforme le <strong>Real Alc\u00e1zar<\/strong> en l\u2019un de ses d\u00e9cors les plus exceptionnels pendant trois nuits cons\u00e9cutives. Du <strong>14 au 16 septembre 2026<\/strong>, le <strong>Patio de la Monter\u00eda<\/strong> accueillera une programmation centr\u00e9e sur le cante, la m\u00e9moire et les grandes lign\u00e9es flamencas : Israel Fern\u00e1ndez, Rancapino Chico et la rencontre de Jerez <em>Xerezan\u00edas<\/em>.<\/p>\n<p>Ce n\u2019est pas un lieu comme les autres sur la carte de la Biennale. L\u2019Alc\u00e1zar offre quelque chose que peu d\u2019espaces peuvent proposer : un monument historique qui fait partie de l\u2019identit\u00e9 de S\u00e9ville et qui, pendant quelques heures, cesse d\u2019\u00eatre seulement un lieu de visite pour devenir une sc\u00e8ne flamenca nocturne.<\/p>\n<p>Ce guide r\u00e9unit <strong>dates, horaires, artistes, billets, cl\u00e9s de lecture de chaque spectacle et conseils pratiques<\/strong> pour choisir quelle soir\u00e9e vivre au Real Alc\u00e1zar pendant la Biennale 2026.<\/p>\n<\/div><\/div><\/div><\/div><\/div><div class=\"vc_col-sm-6 wpb_column vc_column_container\"><div class=\"vc_column-inner\"><div class=\"wpb_wrapper\"><div class=\"wpb_text_column\"><div class=\"wpb_wrapper\"><p style=\"text-align: center; font-size: 48px; line-height: 1; margin-bottom: 8px;\"><strong>14\u201316<\/strong><\/p>\n<h3 style=\"text-align: center;\">septembre 2026<\/h3>\n<p style=\"text-align: center;\"><strong>Patio de la Monter\u00eda \u00b7 Real Alc\u00e1zar<\/strong><\/p>\n<p style=\"text-align: center;\">Trois soir\u00e9es \u00b7 21 h 30<\/p>\n<p style=\"text-align: center;\">Israel Fern\u00e1ndez \u00b7 Rancapino Chico \u00b7 Xerezan\u00edas<\/p>\n<p style=\"text-align: center;\">Tarif g\u00e9n\u00e9ral publi\u00e9 par la Biennale : <strong>30 \u20ac<\/strong><\/p>\n<\/div><\/div><\/div><\/div><\/div><\/div><\/div><\/section><section class=\"l-section wpb_row height_huge color_alternate with_shape\"><div class=\"l-section-shape type_zigzag pos_top\" style=\"height:3vmin;\"><svg xmlns=\"http:\/\/www.w3.org\/2000\/svg\" viewBox=\"0 0 64 8\" preserveAspectRatio=\"none\" width=\"100%\" height=\"100%\">\r\n\t<path fill=\"currentColor\" d=\"M64 8 L0 8 L0 0 L20 7.9 L40 3 L48 5 L64 0 Z\"\/>\r\n<\/svg><\/div><div class=\"l-section-shape type_zigzag pos_bottom\" style=\"height:3vmin;\"><svg xmlns=\"http:\/\/www.w3.org\/2000\/svg\" viewBox=\"0 0 64 8\" preserveAspectRatio=\"none\" width=\"100%\" height=\"100%\">\r\n\t<path fill=\"currentColor\" d=\"M64 8 L0 8 L0 0 L20 7.9 L40 3 L48 5 L64 0 Z\"\/>\r\n<\/svg><\/div><div class=\"l-section-h i-cf\"><div class=\"g-cols vc_row via_flex valign_top type_default stacking_default\"><div class=\"vc_col-sm-12 wpb_column vc_column_container\"><div class=\"vc_column-inner\"><div class=\"wpb_wrapper\"><div class=\"wpb_text_column\"><div class=\"wpb_wrapper\"><blockquote>\n<p><strong>R\u00e9ponse rapide :<\/strong> le Real Alc\u00e1zar accueillera trois spectacles de la Biennale de Flamenco 2026, tous \u00e0 21 h 30 au Patio de la Monter\u00eda. Le lundi 14, <strong>Israel Fern\u00e1ndez<\/strong> se produira avec <em>De oro y marfil<\/em> ; le mardi 15 <strong>Rancapino Chico<\/strong> cr\u00e9era <em>Pizarra<\/em> ; et le mercredi 16 viendra <strong><em>Xerezan\u00edas<\/em><\/strong>, une Soir\u00e9e Unique avec Luis El Zambo, Dolores Agujetas, Antonio de la Malena, Manuel Valencia et Las Tatas de Jerez. Le tarif g\u00e9n\u00e9ral publi\u00e9 pour le Real Alc\u00e1zar est de 30 \u20ac par spectacle.<\/p>\n<\/blockquote>\n<p><strong>Derni\u00e8re mise \u00e0 jour : 1er septembre 2026.<\/strong> La disponibilit\u00e9 des billets peut changer. V\u00e9rifiez toujours la fiche officielle de chaque repr\u00e9sentation avant d\u2019organiser votre visite.<\/p>\n<\/div><\/div><div class=\"w-separator size_medium\"><\/div><div class=\"w-hwrapper valign_top wrap stack_on_mobiles align_center\" style=\"--hwrapper-gap:1.2rem\"><div class=\"w-btn-wrapper align_none\"><a class=\"w-btn us-btn-style_1\" href=\"https:\/\/www.tablaosflamencos.com\/fr\/biennale-flamenco-seville-2026.html\"><span class=\"w-btn-label\">Guide complet de la Biennale 2026<\/span><\/a><\/div><div class=\"w-btn-wrapper align_none\"><a class=\"w-btn us-btn-style_1\" target=\"_blank\" href=\"https:\/\/www.labienal.com\/programa-general\/real-alcazar\"><span class=\"w-btn-label\">Programme officiel du Real Alc\u00e1zar<\/span><\/a><\/div><div class=\"w-btn-wrapper align_none\"><a class=\"w-btn us-btn-style_1\" href=\"https:\/\/www.tablaosflamencos.com\/fr\/flamenco-a-seville\"><span class=\"w-btn-label\">Voir du flamenco \u00e0 S\u00e9ville<\/span><\/a><\/div><\/div><\/div><\/div><\/div><\/div><\/div><\/section><section class=\"l-section wpb_row height_huge\"><div class=\"l-section-h i-cf\"><div class=\"g-cols vc_row via_flex valign_top type_default stacking_default\"><div class=\"vc_col-sm-3 wpb_column vc_column_container\"><div class=\"vc_column-inner\"><div class=\"wpb_wrapper\"><\/div><\/div><\/div><div class=\"vc_col-sm-6 wpb_column vc_column_container\"><div class=\"vc_column-inner\"><div class=\"wpb_wrapper\"><div class=\"wpb_text_column\"><div class=\"wpb_wrapper\"><h2>Contenu de ce guide<\/h2>\n<ul>\n<li><a href=\"#alcazar-bienal\">Pourquoi le Real Alc\u00e1zar est l\u2019un des lieux les plus particuliers de la Biennale<\/a><\/li>\n<li><a href=\"#programa-alcazar\">Programme complet du 14 au 16 septembre<\/a><\/li>\n<li><a href=\"#israel-fernandez\">14 septembre : Israel Fern\u00e1ndez<\/a><\/li>\n<li><a href=\"#rancapino\">15 septembre : Rancapino Chico<\/a><\/li>\n<li><a href=\"#xerezanias\">16 septembre : Xerezan\u00edas<\/a><\/li>\n<li><a href=\"#que-elegir\">Quelle soir\u00e9e choisir<\/a><\/li>\n<li><a href=\"#entradas-alcazar\">Billets, prix et disponibilit\u00e9<\/a><\/li>\n<li><a href=\"#como-llegar\">Comment s\u2019y rendre et organiser la soir\u00e9e<\/a><\/li>\n<li><a href=\"#visita-alcazar\">Peut-on combiner le spectacle avec une visite de l\u2019Alc\u00e1zar ?<\/a><\/li>\n<li><a href=\"#faq-alcazar\">Questions fr\u00e9quentes<\/a><\/li>\n<\/ul>\n<\/div><\/div><\/div><\/div><\/div><div class=\"vc_col-sm-3 wpb_column vc_column_container\"><div class=\"vc_column-inner\"><div class=\"wpb_wrapper\"><\/div><\/div><\/div><\/div><\/div><\/section><section class=\"l-section wpb_row height_huge color_alternate with_shape\"><div class=\"l-section-shape type_zigzag pos_top\" style=\"height:3vmin;\"><svg xmlns=\"http:\/\/www.w3.org\/2000\/svg\" viewBox=\"0 0 64 8\" preserveAspectRatio=\"none\" width=\"100%\" height=\"100%\">\r\n\t<path fill=\"currentColor\" d=\"M64 8 L0 8 L0 0 L20 7.9 L40 3 L48 5 L64 0 Z\"\/>\r\n<\/svg><\/div><div class=\"l-section-shape type_zigzag pos_bottom\" style=\"height:3vmin;\"><svg xmlns=\"http:\/\/www.w3.org\/2000\/svg\" viewBox=\"0 0 64 8\" preserveAspectRatio=\"none\" width=\"100%\" height=\"100%\">\r\n\t<path fill=\"currentColor\" d=\"M64 8 L0 8 L0 0 L20 7.9 L40 3 L48 5 L64 0 Z\"\/>\r\n<\/svg><\/div><div class=\"l-section-h i-cf\"><div class=\"g-cols vc_row via_flex valign_top type_default stacking_default\"><div class=\"vc_col-sm-6 wpb_column vc_column_container\"><div class=\"vc_column-inner\"><div class=\"wpb_wrapper\"><div class=\"wpb_text_column\"><div class=\"wpb_wrapper\"><h2 id=\"alcazar-bienal\">Le Real Alc\u00e1zar : un patrimoine transform\u00e9 en sc\u00e8ne flamenca<\/h2>\n<p>Le Real Alc\u00e1zar est l\u2019un des plus anciens palais royaux encore en usage au monde et l\u2019un des grands symboles patrimoniaux de S\u00e9ville. Son architecture est le r\u00e9sultat de si\u00e8cles de transformations et de la superposition de diff\u00e9rentes cultures, styles et \u00e9poques. Cette qualit\u00e9 de lieu vivant s\u2019accorde particuli\u00e8rement bien avec une Biennale qui met en relation tradition, m\u00e9moire et cr\u00e9ation contemporaine.<\/p>\n<p>L\u2019organisation elle-m\u00eame choisit le <strong>Patio de la Monter\u00eda<\/strong> comme cadre des trois repr\u00e9sentations de 2026. Il s\u2019agit d\u2019un espace monumental situ\u00e9 au c\u0153ur de l\u2019ensemble palatial, historiquement associ\u00e9 au Palais de Pierre Ier et transform\u00e9, lors d\u2019occasions particuli\u00e8res, en cadre de concerts et d\u2019\u00e9v\u00e9nements culturels.<\/p>\n<p>L\u2019exp\u00e9rience sera tr\u00e8s diff\u00e9rente de celle d\u2019un th\u00e9\u00e2tre conventionnel. Ici, l\u2019architecture fait partie de la perception du spectacle : le patio, les fa\u00e7ades du palais, la nuit s\u00e9villane et le caract\u00e8re exceptionnel de l\u2019acc\u00e8s au monument pour une repr\u00e9sentation de la Biennale modifient la relation entre le public, le cante et l\u2019espace.<\/p>\n<\/div><\/div><\/div><\/div><\/div><div class=\"vc_col-sm-6 wpb_column vc_column_container\"><div class=\"vc_column-inner\"><div class=\"wpb_wrapper\"><div class=\"wpb_text_column\"><div class=\"wpb_wrapper\"><h2>Une programmation \u00e0 l\u2019identit\u00e9 tr\u00e8s claire<\/h2>\n<p>Contrairement \u00e0 d\u2019autres lieux de la Biennale o\u00f9 se c\u00f4toient danse, guitare, exp\u00e9rimentation et grandes productions, le Real Alc\u00e1zar concentre trois soir\u00e9es particuli\u00e8rement li\u00e9es au <strong>cante et \u00e0 la m\u00e9moire flamenca<\/strong>.<\/p>\n<p>Israel Fern\u00e1ndez repr\u00e9sente une g\u00e9n\u00e9ration qui conna\u00eet profond\u00e9ment la tradition mais la projette \u00e0 travers une personnalit\u00e9 musicale contemporaine. Rancapino Chico propose une cr\u00e9ation mondiale qui regarde directement vers les anciens disques 78 tours et les ma\u00eetres du cante. Et <em>Xerezan\u00edas<\/em> r\u00e9unit plusieurs grandes familles de chanteurs de Jerez dans une Soir\u00e9e Unique con\u00e7ue autour des formes classiques et de la transmission orale.<\/p>\n<p>Ainsi, si votre priorit\u00e9 pendant la Biennale est le <strong>cante<\/strong>, le cycle de l\u2019Alc\u00e1zar peut \u00eatre l\u2019un des ensembles les plus coh\u00e9rents de toute la programmation.<\/p>\n<\/div><\/div><\/div><\/div><\/div><\/div><\/div><\/section><section class=\"l-section wpb_row height_huge\"><div class=\"l-section-h i-cf\"><div class=\"g-cols vc_row via_flex valign_top type_default stacking_default\"><div class=\"vc_col-sm-12 wpb_column vc_column_container\"><div class=\"vc_column-inner\"><div class=\"wpb_wrapper\"><div class=\"wpb_text_column\"><div class=\"wpb_wrapper\"><h2 id=\"programa-alcazar\">Programme de flamenco au Real Alc\u00e1zar pendant la Biennale 2026<\/h2>\n<div style=\"overflow-x: auto;\">\n<table>\n<thead>\n<tr>\n<th>Date<\/th>\n<th>Heure<\/th>\n<th>Artiste<\/th>\n<th>Spectacle<\/th>\n<th>Type<\/th>\n<th>Lieu<\/th>\n<\/tr>\n<\/thead>\n<tbody>\n<tr>\n<td><strong>Lundi 14 septembre<\/strong><\/td>\n<td>21 h 30<\/td>\n<td>Israel Fern\u00e1ndez<\/td>\n<td><em>De oro y marfil<\/em><\/td>\n<td>Cante \u00b7 concert<\/td>\n<td>Patio de la Monter\u00eda<\/td>\n<\/tr>\n<tr>\n<td><strong>Mardi 15 septembre<\/strong><\/td>\n<td>21 h 30<\/td>\n<td>Rancapino Chico<\/td>\n<td><em>Pizarra<\/em><\/td>\n<td><strong>Cr\u00e9ation mondiale<\/strong><\/td>\n<td>Patio de la Monter\u00eda<\/td>\n<\/tr>\n<tr>\n<td><strong>Mercredi 16 septembre<\/strong><\/td>\n<td>21 h 30<\/td>\n<td>Luis El Zambo, Dolores Agujetas, Antonio de la Malena, Manuel Valencia et Las Tatas de Jerez<\/td>\n<td><em>Xerezan\u00edas<\/em><\/td>\n<td><strong>Soir\u00e9e Unique<\/strong><\/td>\n<td>Patio de la Monter\u00eda<\/td>\n<\/tr>\n<\/tbody>\n<\/table>\n<\/div>\n<p><small>Programme selon les fiches officielles en vigueur au 1er septembre 2026. Les horaires et la disponibilit\u00e9 peuvent \u00eatre modifi\u00e9s.<\/small><\/p>\n<\/div><\/div><\/div><\/div><\/div><\/div><\/div><\/section><section class=\"l-section wpb_row height_huge color_alternate with_shape\"><div class=\"l-section-shape type_zigzag pos_top\" style=\"height:3vmin;\"><svg xmlns=\"http:\/\/www.w3.org\/2000\/svg\" viewBox=\"0 0 64 8\" preserveAspectRatio=\"none\" width=\"100%\" height=\"100%\">\r\n\t<path fill=\"currentColor\" d=\"M64 8 L0 8 L0 0 L20 7.9 L40 3 L48 5 L64 0 Z\"\/>\r\n<\/svg><\/div><div class=\"l-section-shape type_zigzag pos_bottom\" style=\"height:3vmin;\"><svg xmlns=\"http:\/\/www.w3.org\/2000\/svg\" viewBox=\"0 0 64 8\" preserveAspectRatio=\"none\" width=\"100%\" height=\"100%\">\r\n\t<path fill=\"currentColor\" d=\"M64 8 L0 8 L0 0 L20 7.9 L40 3 L48 5 L64 0 Z\"\/>\r\n<\/svg><\/div><div class=\"l-section-h i-cf\"><div class=\"g-cols vc_row via_flex valign_top type_default stacking_default\"><div class=\"vc_col-sm-6 wpb_column vc_column_container\"><div class=\"vc_column-inner\"><div class=\"wpb_wrapper\"><div class=\"wpb_text_column\"><div class=\"wpb_wrapper\"><h2 id=\"israel-fernandez\">14 septembre : Israel Fern\u00e1ndez et De oro y marfil<\/h2>\n<p>Le cycle commence le lundi 14 avec <strong>Israel Fern\u00e1ndez<\/strong>, l\u2019un des cantaores les plus en vue de sa g\u00e9n\u00e9ration. <em>De oro y marfil<\/em> propose un parcours \u00e0 travers sa mani\u00e8re personnelle de comprendre le flamenco, combinant compositions originales et relectures de pi\u00e8ces classiques dans une mise en sc\u00e8ne musicale plus ample qu\u2019un r\u00e9cital traditionnel.<\/p>\n<p>La fiche officielle annonce Israel lui-m\u00eame au chant, <strong>Diego del Morao<\/strong> \u00e0 la guitare, An\u00e9 Carrasco aux percussions, Pirulo et Marcos Carpio aux palmas et aux ch\u0153urs, ainsi qu\u2019un groupe de cordes et de voix. Ce format permet d\u2019entendre le cante \u00e0 diff\u00e9rents niveaux d\u2019intensit\u00e9, de l\u2019intime jusqu\u2019\u00e0 une architecture musicale plus enveloppante.<\/p>\n<p>La relation entre Israel Fern\u00e1ndez et Diego del Morao est en outre l\u2019une des collaborations cr\u00e9atives les plus reconnaissables du flamenco r\u00e9cent. Dans un espace comme le Patio de la Monter\u00eda, cette combinaison peut \u00eatre particuli\u00e8rement s\u00e9duisante pour qui souhaite une premi\u00e8re soir\u00e9e accessible, musicale et d\u2019un tr\u00e8s haut niveau artistique.<\/p>\n<\/div><\/div><\/div><\/div><\/div><div class=\"vc_col-sm-6 wpb_column vc_column_container\"><div class=\"vc_column-inner\"><div class=\"wpb_wrapper\"><div class=\"wpb_text_column\"><div class=\"wpb_wrapper\"><h2>\u00c0 qui recommandons-nous cette soir\u00e9e ?<\/h2>\n<p>La repr\u00e9sentation d\u2019Israel Fern\u00e1ndez peut \u00eatre l\u2019option la plus polyvalente des trois si vous recherchez une exp\u00e9rience aux racines flamencas \u00e9videntes mais avec une construction musicale contemporaine.<\/p>\n<p>Elle est particuli\u00e8rement recommand\u00e9e si :<\/p>\n<ul>\n<li>vous souhaitez entendre l\u2019une des grandes voix actuelles du flamenco ;<\/li>\n<li>la guitare de Diego del Morao vous int\u00e9resse ;<\/li>\n<li>vous pr\u00e9f\u00e9rez un spectacle musical plus d\u00e9velopp\u00e9 qu\u2019un r\u00e9cital de cante \u00e9pur\u00e9 ;<\/li>\n<li>c\u2019est votre premi\u00e8re Biennale et vous recherchez une proposition relativement accessible.<\/li>\n<\/ul>\n<p>D\u2019autres repr\u00e9sentations importantes ont lieu \u00e0 S\u00e9ville le m\u00eame 14 septembre, il vaut donc mieux \u00e9viter de vouloir encha\u00eener des spectacles aux horaires trop rapproch\u00e9s. Notre <a href=\"https:\/\/www.tablaosflamencos.com\/bienal-flamenco-sevilla-2026.html\"><strong>guide g\u00e9n\u00e9ral de la Biennale 2026<\/strong><\/a> vous aide \u00e0 organiser le reste de la journ\u00e9e.<\/p>\n<\/div><\/div><\/div><\/div><\/div><\/div><\/div><\/section><section class=\"l-section wpb_row height_huge\"><div class=\"l-section-h i-cf\"><div class=\"g-cols vc_row via_flex valign_top type_default stacking_default\"><div class=\"vc_col-sm-6 wpb_column vc_column_container\"><div class=\"vc_column-inner\"><div class=\"wpb_wrapper\"><div class=\"wpb_text_column\"><div class=\"wpb_wrapper\"><h2 id=\"rancapino\">15 septembre : Rancapino Chico cr\u00e9e Pizarra<\/h2>\n<p>La deuxi\u00e8me soir\u00e9e est l\u2019une des plus int\u00e9ressantes pour qui suit les <strong>cr\u00e9ations mondiales de la Biennale 2026<\/strong>. Rancapino Chico pr\u00e9sente <strong><em>Pizarra<\/em><\/strong>, un projet construit \u00e0 partir d\u2019anciens enregistrements 78 tours et de la m\u00e9moire sonore des grands ma\u00eetres.<\/p>\n<p>La proposition ne cherche pas \u00e0 transformer l\u2019archive en reconstruction mus\u00e9ale. Rancapino Chico part de ces enregistrements pour revenir \u00e0 l\u2019origine des cantes et les affronter avec sa propre voix, son h\u00e9ritage familial et la libert\u00e9 du moment. La distribution artistique annonce <strong>Antonio Higuero<\/strong> \u00e0 la guitare, ainsi qu\u2019Edu G\u00f3mez et Naim Real aux palmas et jaleos.<\/p>\n<p>Dans une \u00e9dition riche en projets de recherche et d\u2019avant-garde, <em>Pizarra<\/em> rappelle que la cr\u00e9ation nouvelle peut aussi na\u00eetre d\u2019un regard profond vers le pass\u00e9.<\/p>\n<\/div><\/div><\/div><\/div><\/div><div class=\"vc_col-sm-6 wpb_column vc_column_container\"><div class=\"vc_column-inner\"><div class=\"wpb_wrapper\"><div class=\"wpb_text_column\"><div class=\"wpb_wrapper\"><h2>Une soir\u00e9e pour ceux qui recherchent cante classique et g\u00e9n\u00e9alogie<\/h2>\n<p>Rancapino Chico appartient \u00e0 une famille de tr\u00e8s grande tradition flamenca et a construit une grande partie de son identit\u00e9 artistique autour des cantes de Cadix, des styles classiques et d\u2019une mani\u00e8re de chanter qui revendique la transmission entre g\u00e9n\u00e9rations.<\/p>\n<p>Le choix du Real Alc\u00e1zar renforce ce discours : une cr\u00e9ation mondiale consacr\u00e9e aux sources du cante dans l\u2019un des espaces historiques les plus importants de S\u00e9ville.<\/p>\n<p>Si les nouvelles productions cr\u00e9\u00e9es \u00e0 la Biennale vous int\u00e9ressent particuli\u00e8rement, vous pouvez compl\u00e9ter cette repr\u00e9sentation avec notre guide des <a href=\"https:\/\/www.tablaosflamencos.com\/grandes-estrenos-bienal-flamenco-sevilla-2026.html\"><strong>grandes cr\u00e9ations de la Biennale 2026<\/strong><\/a>.<\/p>\n<\/div><\/div><\/div><\/div><\/div><\/div><\/div><\/section><section class=\"l-section wpb_row height_huge color_alternate with_shape\"><div class=\"l-section-shape type_zigzag pos_top\" style=\"height:3vmin;\"><svg xmlns=\"http:\/\/www.w3.org\/2000\/svg\" viewBox=\"0 0 64 8\" preserveAspectRatio=\"none\" width=\"100%\" height=\"100%\">\r\n\t<path fill=\"currentColor\" d=\"M64 8 L0 8 L0 0 L20 7.9 L40 3 L48 5 L64 0 Z\"\/>\r\n<\/svg><\/div><div class=\"l-section-shape type_zigzag pos_bottom\" style=\"height:3vmin;\"><svg xmlns=\"http:\/\/www.w3.org\/2000\/svg\" viewBox=\"0 0 64 8\" preserveAspectRatio=\"none\" width=\"100%\" height=\"100%\">\r\n\t<path fill=\"currentColor\" d=\"M64 8 L0 8 L0 0 L20 7.9 L40 3 L48 5 L64 0 Z\"\/>\r\n<\/svg><\/div><div class=\"l-section-h i-cf\"><div class=\"g-cols vc_row via_flex valign_top type_default stacking_default\"><div class=\"vc_col-sm-6 wpb_column vc_column_container\"><div class=\"vc_column-inner\"><div class=\"wpb_wrapper\"><div class=\"wpb_text_column\"><div class=\"wpb_wrapper\"><h2 id=\"xerezanias\">16 septembre : Xerezan\u00edas, une Soir\u00e9e Unique de Jerez<\/h2>\n<p>Le mercredi 16, le Real Alc\u00e1zar passe d\u2019un focus individuel \u00e0 une r\u00e9union de grandes lign\u00e9es flamencas. <strong><em>Xerezan\u00edas<\/em><\/strong> r\u00e9unit Luis El Zambo, Dolores Agujetas, Antonio de la Malena, Manuel Valencia et Las Tatas de Jerez dans une proposition que la Biennale classe comme <strong>Soir\u00e9e Unique<\/strong>.<\/p>\n<p>L\u2019id\u00e9e est de mettre en valeur les formes classiques du cante de Jerez \u00e0 travers des artistes \u00e9troitement li\u00e9s \u00e0 des familles et des quartiers fondamentaux de l\u2019histoire flamenca de la ville. Les Zambo renvoient au quartier de Santiago ; les Agujetas \u00e0 La Plazuela ; et les Malena incarnent l\u2019un des liens historiques entre Jerez et Lebrija.<\/p>\n<p>Manuel Valencia dirige une soir\u00e9e o\u00f9 le cante et la guitare occupent le centre, tandis que Las Tatas de Jerez apportent la dimension festive des buler\u00edas.<\/p>\n<\/div><\/div><\/div><\/div><\/div><div class=\"vc_col-sm-6 wpb_column vc_column_container\"><div class=\"vc_column-inner\"><div class=\"wpb_wrapper\"><div class=\"wpb_text_column\"><div class=\"wpb_wrapper\"><h2>L\u2019option la plus difficile \u00e0 reproduire des trois<\/h2>\n<p>Si Israel Fern\u00e1ndez propose une grande production de cante actuel et Rancapino Chico pr\u00e9sente une cr\u00e9ation mondiale, <em>Xerezan\u00edas<\/em> joue une autre carte : <strong>la rencontre<\/strong>.<\/p>\n<p>L\u2019appellation m\u00eame de Soir\u00e9e Unique indique que la Biennale con\u00e7oit le spectacle comme une combinaison cr\u00e9\u00e9e sp\u00e9cialement pour cette \u00e9dition et cette date. Pour un amateur int\u00e9ress\u00e9 par Jerez, les familles de chanteurs et le cante transmis par la vie partag\u00e9e, il peut s\u2019agir de l\u2019un des rendez-vous les plus singuliers du cycle.<\/p>\n<p>C\u2019est aussi un excellent choix pour ceux qui ont d\u00e9j\u00e0 vu certains de ces artistes s\u00e9par\u00e9ment et souhaitent les vivre dans une structure collective et dans un cadre exceptionnel.<\/p>\n<\/div><\/div><\/div><\/div><\/div><\/div><\/div><\/section><section class=\"l-section wpb_row height_huge\"><div class=\"l-section-h i-cf\"><div class=\"g-cols vc_row via_flex valign_top type_default stacking_default\"><div class=\"vc_col-sm-12 wpb_column vc_column_container\"><div class=\"vc_column-inner\"><div class=\"wpb_wrapper\"><div class=\"wpb_text_column\"><div class=\"wpb_wrapper\"><h2 id=\"que-elegir\" style=\"text-align: center;\">Quelle soir\u00e9e choisir au Real Alc\u00e1zar<\/h2>\n<p style=\"text-align: center;\">Les trois repr\u00e9sentations ont le m\u00eame horaire et le m\u00eame lieu, mais offrent des exp\u00e9riences assez diff\u00e9rentes.<\/p>\n<\/div><\/div><div class=\"w-separator size_medium\"><\/div><div class=\"g-cols wpb_row via_flex valign_top type_default stacking_default\"><div class=\"vc_col-sm-4 wpb_column vc_column_container\"><div class=\"vc_column-inner\"><div class=\"wpb_wrapper\"><div class=\"wpb_text_column\"><div class=\"wpb_wrapper\"><h3>Israel Fern\u00e1ndez<\/h3>\n<p><strong>Choisissez le 14 si vous recherchez :<\/strong><\/p>\n<ul>\n<li>une grande voix actuelle ;<\/li>\n<li>Diego del Morao \u00e0 la guitare ;<\/li>\n<li>une production musicale ample ;<\/li>\n<li>la tradition avec un langage contemporain.<\/li>\n<\/ul>\n<\/div><\/div><\/div><\/div><\/div><div class=\"vc_col-sm-4 wpb_column vc_column_container\"><div class=\"vc_column-inner\"><div class=\"wpb_wrapper\"><div class=\"wpb_text_column\"><div class=\"wpb_wrapper\"><h3>Rancapino Chico<\/h3>\n<p><strong>Choisissez le 15 si vous recherchez :<\/strong><\/p>\n<ul>\n<li>une cr\u00e9ation mondiale ;<\/li>\n<li>du cante classique ;<\/li>\n<li>la m\u00e9moire des anciens disques 78 tours ;<\/li>\n<li>une proposition centr\u00e9e sur les racines.<\/li>\n<\/ul>\n<\/div><\/div><\/div><\/div><\/div><div class=\"vc_col-sm-4 wpb_column vc_column_container\"><div class=\"vc_column-inner\"><div class=\"wpb_wrapper\"><div class=\"wpb_text_column\"><div class=\"wpb_wrapper\"><h3>Xerezan\u00edas<\/h3>\n<p><strong>Choisissez le 16 si vous recherchez :<\/strong><\/p>\n<ul>\n<li>une Soir\u00e9e Unique ;<\/li>\n<li>du cante de Jerez ;<\/li>\n<li>de grandes familles flamencas ;<\/li>\n<li>une exp\u00e9rience collective difficile \u00e0 reproduire.<\/li>\n<\/ul>\n<\/div><\/div><\/div><\/div><\/div><\/div><\/div><\/div><\/div><\/div><\/div><\/section><section class=\"l-section wpb_row height_huge color_alternate with_shape\"><div class=\"l-section-shape type_zigzag pos_top\" style=\"height:3vmin;\"><svg xmlns=\"http:\/\/www.w3.org\/2000\/svg\" viewBox=\"0 0 64 8\" preserveAspectRatio=\"none\" width=\"100%\" height=\"100%\">\r\n\t<path fill=\"currentColor\" d=\"M64 8 L0 8 L0 0 L20 7.9 L40 3 L48 5 L64 0 Z\"\/>\r\n<\/svg><\/div><div class=\"l-section-shape type_zigzag pos_bottom\" style=\"height:3vmin;\"><svg xmlns=\"http:\/\/www.w3.org\/2000\/svg\" viewBox=\"0 0 64 8\" preserveAspectRatio=\"none\" width=\"100%\" height=\"100%\">\r\n\t<path fill=\"currentColor\" d=\"M64 8 L0 8 L0 0 L20 7.9 L40 3 L48 5 L64 0 Z\"\/>\r\n<\/svg><\/div><div class=\"l-section-h i-cf\"><div class=\"g-cols vc_row via_flex valign_top type_default stacking_default\"><div class=\"vc_col-sm-6 wpb_column vc_column_container\"><div class=\"vc_column-inner\"><div class=\"wpb_wrapper\"><div class=\"wpb_text_column\"><div class=\"wpb_wrapper\"><h2 id=\"entradas-alcazar\">Billets pour le flamenco au Real Alc\u00e1zar<\/h2>\n<p>Les informations officielles de vente de la XXIVe Biennale fixent pour le <strong>Real Alc\u00e1zar un tarif g\u00e9n\u00e9ral de 30 \u20ac<\/strong> par billet. L\u2019achat s\u2019effectue via les canaux officiels accessibles depuis la fiche de chaque spectacle.<\/p>\n<p>La disponibilit\u00e9 est dynamique. Une repr\u00e9sentation disponible aujourd\u2019hui peut afficher complet plus tard, surtout \u00e0 l\u2019approche des dates du festival. Nous recommandons donc de v\u00e9rifier la fiche pr\u00e9cise avant de finaliser d\u2019autres projets pour la soir\u00e9e.<\/p>\n<p>Nous d\u00e9conseillons la revente non v\u00e9rifi\u00e9e. Si l\u2019une des trois soir\u00e9es affiche complet, consultez d\u2019abord les canaux officiels puis envisagez des alternatives dans le programme de la Biennale ou dans l\u2019offre r\u00e9guli\u00e8re de flamenco de la ville.<\/p>\n<\/div><\/div><div class=\"w-separator size_medium\"><\/div><div class=\"w-btn-wrapper align_none\"><a class=\"w-btn us-btn-style_1\" target=\"_blank\" href=\"https:\/\/www.labienal.com\/venta-de-entradas-xxiv-bienal-de-flamenco-sevilla-2026\"><span class=\"w-btn-label\">Informations officielles sur les billets<\/span><\/a><\/div><\/div><\/div><\/div><div class=\"vc_col-sm-6 wpb_column vc_column_container\"><div class=\"vc_column-inner\"><div class=\"wpb_wrapper\"><div class=\"wpb_text_column\"><div class=\"wpb_wrapper\"><h2>Que faire s\u2019il n\u2019y a plus de billets ?<\/h2>\n<p>L\u2019Alc\u00e1zar ne propose que trois repr\u00e9sentations pendant toute la Biennale, ce qui limite la possibilit\u00e9 d\u2019ajouter des dates. Si votre premier choix est complet, ces journ\u00e9es conservent d\u2019autres spectacles dans des lieux comme la Real F\u00e1brica de Artiller\u00eda, le Teatro Central, le Teatro Alameda ou l\u2019Espacio Turina.<\/p>\n<p>Vous pouvez aussi consulter notre guide sur <a href=\"https:\/\/www.tablaosflamencos.com\/bienal-flamenco-2026-entradas-agotadas-que-ver.html\"><strong>ce qu\u2019il faut voir lorsque les billets de la Biennale sont \u00e9puis\u00e9s<\/strong><\/a>.<\/p>\n<p>Et si vous souhaitez une exp\u00e9rience diff\u00e9rente de la Biennale mais toujours centr\u00e9e sur le flamenco en direct, les <a href=\"https:\/\/www.tablaosflamencos.com\/flamenco-en-sevilla\"><strong>tablaos flamencos de S\u00e9ville<\/strong><\/a> maintiennent leur programmation habituelle pendant le festival.<\/p>\n<\/div><\/div><\/div><\/div><\/div><\/div><\/div><\/section><section class=\"l-section wpb_row height_huge\"><div class=\"l-section-h i-cf\"><div class=\"g-cols vc_row via_flex valign_top type_default stacking_default\"><div class=\"vc_col-sm-6 wpb_column vc_column_container\"><div class=\"vc_column-inner\"><div class=\"wpb_wrapper\"><div class=\"wpb_text_column\"><div class=\"wpb_wrapper\"><h2 id=\"como-llegar\">Comment se rendre au Real Alc\u00e1zar pour la Biennale<\/h2>\n<p>La fiche du lieu de la Biennale utilise comme r\u00e9f\u00e9rence le <strong>Patio de Banderas<\/strong>, en plein c\u0153ur du centre monumental de S\u00e9ville. La zone est particuli\u00e8rement facile d\u2019acc\u00e8s \u00e0 pied depuis la Cath\u00e9drale, l\u2019Archivo de Indias, Puerta Jerez, Santa Cruz et une grande partie du centre historique.<\/p>\n<p>Parmi les options de transports en commun indiqu\u00e9es par l\u2019organisation :<\/p>\n<ul>\n<li><strong>M\u00e9tro :<\/strong> ligne 1, station Puerta Jerez.<\/li>\n<li><strong>Metrocentro :<\/strong> arr\u00eat Archivo de Indias.<\/li>\n<li><strong>Bus TUSSAM :<\/strong> C5, C4, C3, 21, 40, 41 et EA, avec plusieurs arr\u00eats \u00e0 proximit\u00e9.<\/li>\n<li><strong>Taxi :<\/strong> des stations se trouvent \u00e0 proximit\u00e9 de Puerta Jerez et de l\u2019Avenida de la Constituci\u00f3n.<\/li>\n<\/ul>\n<p>Comme il s\u2019agit du centre historique, nous recommandons d\u2019arriver avec de l\u2019avance et de suivre les consignes d\u2019acc\u00e8s sp\u00e9cifiques publi\u00e9es par l\u2019organisation pour chaque repr\u00e9sentation.<\/p>\n<\/div><\/div><\/div><\/div><\/div><div class=\"vc_col-sm-6 wpb_column vc_column_container\"><div class=\"vc_column-inner\"><div class=\"wpb_wrapper\"><div class=\"wpb_text_column\"><div class=\"wpb_wrapper\"><h2>Bien organiser la soir\u00e9e<\/h2>\n<p>Les trois repr\u00e9sentations commencent \u00e0 <strong>21 h 30<\/strong>. Cela permet de d\u00eener t\u00f4t dans le centre ou de laisser le d\u00eener pour apr\u00e8s, mais il vaut mieux \u00e9viter les combinaisons trop serr\u00e9es avec un autre spectacle pr\u00e9c\u00e9dent.<\/p>\n<p>Par exemple, le 14 septembre, Ana Morales se produit \u00e0 21 h 00 \u00e0 la Real F\u00e1brica de Artiller\u00eda et Macarena L\u00f3pez \u00e0 22 h 30 au Teatro Alameda. Aucune de ces combinaisons n\u2019est raisonnable avec Israel Fern\u00e1ndez \u00e0 l\u2019Alc\u00e1zar. Il en va de m\u00eame le 15 avec d\u2019autres spectacles du soir.<\/p>\n<p>L\u2019avantage de l\u2019Alc\u00e1zar est qu\u2019\u00e0 la fin vous serez au c\u0153ur du quartier monumental, avec le centre historique \u00e0 quelques minutes \u00e0 pied. Si votre priorit\u00e9 est de profiter du lieu, nous recommandons de ne pas transformer cette soir\u00e9e en course entre diff\u00e9rentes salles.<\/p>\n<\/div><\/div><\/div><\/div><\/div><\/div><\/div><\/section><section class=\"l-section wpb_row height_huge color_alternate with_shape\"><div class=\"l-section-shape type_zigzag pos_top\" style=\"height:3vmin;\"><svg xmlns=\"http:\/\/www.w3.org\/2000\/svg\" viewBox=\"0 0 64 8\" preserveAspectRatio=\"none\" width=\"100%\" height=\"100%\">\r\n\t<path fill=\"currentColor\" d=\"M64 8 L0 8 L0 0 L20 7.9 L40 3 L48 5 L64 0 Z\"\/>\r\n<\/svg><\/div><div class=\"l-section-shape type_zigzag pos_bottom\" style=\"height:3vmin;\"><svg xmlns=\"http:\/\/www.w3.org\/2000\/svg\" viewBox=\"0 0 64 8\" preserveAspectRatio=\"none\" width=\"100%\" height=\"100%\">\r\n\t<path fill=\"currentColor\" d=\"M64 8 L0 8 L0 0 L20 7.9 L40 3 L48 5 L64 0 Z\"\/>\r\n<\/svg><\/div><div class=\"l-section-h i-cf\"><div class=\"g-cols vc_row via_flex valign_top type_default stacking_default\"><div class=\"vc_col-sm-6 wpb_column vc_column_container\"><div class=\"vc_column-inner\"><div class=\"wpb_wrapper\"><div class=\"wpb_text_column\"><div class=\"wpb_wrapper\"><h2 id=\"visita-alcazar\">Peut-on combiner le spectacle avec une visite touristique de l\u2019Alc\u00e1zar ?<\/h2>\n<p>Oui, vous pouvez organiser les deux exp\u00e9riences le m\u00eame jour, mais il vaut mieux les consid\u00e9rer comme <strong>deux activit\u00e9s distinctes<\/strong>. La visite touristique ordinaire du Real Alc\u00e1zar poss\u00e8de ses propres horaires, tarifs et syst\u00e8me de billetterie. En septembre, l\u2019horaire ordinaire publi\u00e9 correspond au r\u00e9gime d\u2019\u00e9t\u00e9, tandis que les repr\u00e9sentations de la Biennale commencent \u00e0 21 h 30.<\/p>\n<p>Ne supposez donc pas qu\u2019un billet de la Biennale \u00e9quivaut \u00e0 une visite compl\u00e8te du monument. Si vous souhaitez d\u00e9couvrir les palais et les jardins pendant la journ\u00e9e puis revenir le soir pour le spectacle, consultez s\u00e9par\u00e9ment les informations officielles de l\u2019Alc\u00e1zar et le billet de la Biennale.<\/p>\n<p>Cette combinaison peut toutefois constituer l\u2019un des programmes culturels les plus complets de l\u2019\u00e9dition : d\u00e9couvrir le monument \u00e0 la lumi\u00e8re du jour puis revenir quelques heures plus tard pour l\u2019entendre transform\u00e9 en sc\u00e8ne flamenca.<\/p>\n<\/div><\/div><div class=\"w-separator size_medium\"><\/div><div class=\"w-btn-wrapper align_none\"><a class=\"w-btn us-btn-style_1\" target=\"_blank\" href=\"https:\/\/alcazarsevilla.org\/prepara-la-visita\/\"><span class=\"w-btn-label\">Informations officielles du Real Alc\u00e1zar<\/span><\/a><\/div><\/div><\/div><\/div><div class=\"vc_col-sm-6 wpb_column vc_column_container\"><div class=\"vc_column-inner\"><div class=\"wpb_wrapper\"><div class=\"wpb_text_column\"><div class=\"wpb_wrapper\"><h2>Pourquoi ce lieu convient particuli\u00e8rement bien au cante<\/h2>\n<p>La s\u00e9lection artistique de 2026 semble con\u00e7ue pour que le lieu joue un v\u00e9ritable r\u00f4le dans la programmation. Les trois soir\u00e9es sont travers\u00e9es par les id\u00e9es de m\u00e9moire, de g\u00e9n\u00e9alogie et de transmission.<\/p>\n<p>Israel Fern\u00e1ndez revisite les r\u00e9pertoires classiques avec une voix actuelle. Rancapino Chico transforme les premiers enregistrements flamencos en point de d\u00e9part d\u2019une nouvelle cr\u00e9ation. <em>Xerezan\u00edas<\/em> fait monter sur sc\u00e8ne des familles qui repr\u00e9sentent des formes de transmission o\u00f9 le flamenco s\u2019apprend autant dans la vie partag\u00e9e que sur sc\u00e8ne.<\/p>\n<p>L\u2019Alc\u00e1zar, b\u00e2timent qui rassemble des si\u00e8cles d\u2019histoire sans appartenir \u00e0 une seule \u00e9poque, fonctionne ainsi comme bien plus qu\u2019un d\u00e9cor monumental. Il devient une m\u00e9taphore tr\u00e8s juste de ces trois soir\u00e9es : <strong>un h\u00e9ritage qui reste vivant parce qu\u2019il continue \u00e0 se transformer<\/strong>.<\/p>\n<\/div><\/div><\/div><\/div><\/div><\/div><\/div><\/section><section class=\"l-section wpb_row height_huge\"><div class=\"l-section-h i-cf\"><div class=\"g-cols vc_row via_flex valign_top type_default stacking_default\"><div class=\"vc_col-sm-1\/5 wpb_column vc_column_container\"><div class=\"vc_column-inner\"><div class=\"wpb_wrapper\"><\/div><\/div><\/div><div class=\"vc_col-sm-3\/5 wpb_column vc_column_container\"><div class=\"vc_column-inner\"><div class=\"wpb_wrapper\"><div class=\"wpb_text_column\"><div class=\"wpb_wrapper\"><h2 id=\"faq-alcazar\" style=\"text-align: center;\">Questions fr\u00e9quentes sur le flamenco au Real Alc\u00e1zar pendant la Biennale 2026<\/h2>\n<\/div><\/div><div class=\"w-separator size_medium\"><\/div><div class=\"w-tabs accordion toggle_style_1 has_scrolling\" style=\"--sections-title-size:inherit;--sections-gap:0.5rem;\"><div class=\"w-tabs-sections titles-align_none icon_plus cpos_left\"><div class=\"w-tabs-section\" id=\"b7a8\" itemscope itemprop=\"mainEntity\" itemtype=\"https:\/\/schema.org\/Question\"><button type=\"button\" class=\"w-tabs-section-header\" aria-controls=\"content-b7a8\" aria-expanded=\"false\"><h3 class=\"w-tabs-section-title\" itemprop=\"name\">Quels jours y a-t-il du flamenco au Real Alc\u00e1zar pendant la Biennale 2026 ?<\/h3><div class=\"w-tabs-section-control\"><\/div><\/button><div  class=\"w-tabs-section-content\" id=\"content-b7a8\" itemscope itemprop=\"acceptedAnswer\" itemtype=\"https:\/\/schema.org\/Answer\"><div class=\"w-tabs-section-content-h i-cf\" itemprop=\"text\"><div class=\"wpb_text_column\"><div class=\"wpb_wrapper\"><p>Le Real Alc\u00e1zar accueillera des repr\u00e9sentations les <strong>14, 15 et 16 septembre 2026<\/strong>, toutes \u00e0 21 h 30 au Patio de la Monter\u00eda.<\/p>\n<\/div><\/div><\/div><\/div><\/div><div class=\"w-tabs-section\" id=\"s8bb\" itemscope itemprop=\"mainEntity\" itemtype=\"https:\/\/schema.org\/Question\"><button type=\"button\" class=\"w-tabs-section-header\" aria-controls=\"content-s8bb\" aria-expanded=\"false\"><h3 class=\"w-tabs-section-title\" itemprop=\"name\">Qui se produit au Real Alc\u00e1zar pendant la Biennale 2026 ?<\/h3><div class=\"w-tabs-section-control\"><\/div><\/button><div  class=\"w-tabs-section-content\" id=\"content-s8bb\" itemscope itemprop=\"acceptedAnswer\" itemtype=\"https:\/\/schema.org\/Answer\"><div class=\"w-tabs-section-content-h i-cf\" itemprop=\"text\"><div class=\"wpb_text_column\"><div class=\"wpb_wrapper\"><p>Le 14 septembre, Israel Fern\u00e1ndez se produit avec <em>De oro y marfil<\/em> ; le 15, Rancapino Chico cr\u00e9e <em>Pizarra<\/em> ; et le 16 a lieu <em>Xerezan\u00edas<\/em> avec Luis El Zambo, Dolores Agujetas, Antonio de la Malena, Manuel Valencia et Las Tatas de Jerez.<\/p>\n<\/div><\/div><\/div><\/div><\/div><div class=\"w-tabs-section\" id=\"o9c3\" itemscope itemprop=\"mainEntity\" itemtype=\"https:\/\/schema.org\/Question\"><button type=\"button\" class=\"w-tabs-section-header\" aria-controls=\"content-o9c3\" aria-expanded=\"false\"><h3 class=\"w-tabs-section-title\" itemprop=\"name\">\u00c0 quelle heure commencent les spectacles ?<\/h3><div class=\"w-tabs-section-control\"><\/div><\/button><div  class=\"w-tabs-section-content\" id=\"content-o9c3\" itemscope itemprop=\"acceptedAnswer\" itemtype=\"https:\/\/schema.org\/Answer\"><div class=\"w-tabs-section-content-h i-cf\" itemprop=\"text\"><div class=\"wpb_text_column\"><div class=\"wpb_wrapper\"><p>Les trois repr\u00e9sentations sont programm\u00e9es \u00e0 <strong>21 h 30<\/strong>.<\/p>\n<\/div><\/div><\/div><\/div><\/div><div class=\"w-tabs-section\" id=\"dad0\" itemscope itemprop=\"mainEntity\" itemtype=\"https:\/\/schema.org\/Question\"><button type=\"button\" class=\"w-tabs-section-header\" aria-controls=\"content-dad0\" aria-expanded=\"false\"><h3 class=\"w-tabs-section-title\" itemprop=\"name\">O\u00f9 les spectacles ont-ils lieu exactement ?<\/h3><div class=\"w-tabs-section-control\"><\/div><\/button><div  class=\"w-tabs-section-content\" id=\"content-dad0\" itemscope itemprop=\"acceptedAnswer\" itemtype=\"https:\/\/schema.org\/Answer\"><div class=\"w-tabs-section-content-h i-cf\" itemprop=\"text\"><div class=\"wpb_text_column\"><div class=\"wpb_wrapper\"><p>La Biennale programme les trois repr\u00e9sentations au <strong>Patio de la Monter\u00eda du Real Alc\u00e1zar de S\u00e9ville<\/strong>.<\/p>\n<\/div><\/div><\/div><\/div><\/div><div class=\"w-tabs-section\" id=\"rbba\" itemscope itemprop=\"mainEntity\" itemtype=\"https:\/\/schema.org\/Question\"><button type=\"button\" class=\"w-tabs-section-header\" aria-controls=\"content-rbba\" aria-expanded=\"false\"><h3 class=\"w-tabs-section-title\" itemprop=\"name\">Combien co\u00fbtent les billets ?<\/h3><div class=\"w-tabs-section-control\"><\/div><\/button><div  class=\"w-tabs-section-content\" id=\"content-rbba\" itemscope itemprop=\"acceptedAnswer\" itemtype=\"https:\/\/schema.org\/Answer\"><div class=\"w-tabs-section-content-h i-cf\" itemprop=\"text\"><div class=\"wpb_text_column\"><div class=\"wpb_wrapper\"><p>Les informations officielles de vente de la XXIVe Biennale indiquent un tarif g\u00e9n\u00e9ral de <strong>30 \u20ac<\/strong> pour les spectacles du Real Alc\u00e1zar. V\u00e9rifiez la fiche de chaque repr\u00e9sentation en cas de modification ou de disponibilit\u00e9 limit\u00e9e.<\/p>\n<\/div><\/div><\/div><\/div><\/div><div class=\"w-tabs-section\" id=\"uc9d\" itemscope itemprop=\"mainEntity\" itemtype=\"https:\/\/schema.org\/Question\"><button type=\"button\" class=\"w-tabs-section-header\" aria-controls=\"content-uc9d\" aria-expanded=\"false\"><h3 class=\"w-tabs-section-title\" itemprop=\"name\">Pizarra de Rancapino Chico est-il une cr\u00e9ation ?<\/h3><div class=\"w-tabs-section-control\"><\/div><\/button><div  class=\"w-tabs-section-content\" id=\"content-uc9d\" itemscope itemprop=\"acceptedAnswer\" itemtype=\"https:\/\/schema.org\/Answer\"><div class=\"w-tabs-section-content-h i-cf\" itemprop=\"text\"><div class=\"wpb_text_column\"><div class=\"wpb_wrapper\"><p>Oui. <em>Pizarra<\/em> est class\u00e9 par la Biennale comme une <strong>cr\u00e9ation mondiale<\/strong> et sera pr\u00e9sent\u00e9 le 15 septembre \u00e0 21 h 30.<\/p>\n<\/div><\/div><\/div><\/div><\/div><div class=\"w-tabs-section\" id=\"ad97\" itemscope itemprop=\"mainEntity\" itemtype=\"https:\/\/schema.org\/Question\"><button type=\"button\" class=\"w-tabs-section-header\" aria-controls=\"content-ad97\" aria-expanded=\"false\"><h3 class=\"w-tabs-section-title\" itemprop=\"name\">Xerezan\u00edas est-il repr\u00e9sent\u00e9 plus d\u2019une fois ?<\/h3><div class=\"w-tabs-section-control\"><\/div><\/button><div  class=\"w-tabs-section-content\" id=\"content-ad97\" itemscope itemprop=\"acceptedAnswer\" itemtype=\"https:\/\/schema.org\/Answer\"><div class=\"w-tabs-section-content-h i-cf\" itemprop=\"text\"><div class=\"wpb_text_column\"><div class=\"wpb_wrapper\"><p>La Biennale pr\u00e9sente <em>Xerezan\u00edas<\/em> comme une <strong>Soir\u00e9e Unique<\/strong> le 16 septembre ; son principal attrait r\u00e9side donc pr\u00e9cis\u00e9ment dans la r\u00e9union exceptionnelle de cette distribution \u00e0 une seule date.<\/p>\n<\/div><\/div><\/div><\/div><\/div><div class=\"w-tabs-section\" id=\"ke8a\" itemscope itemprop=\"mainEntity\" itemtype=\"https:\/\/schema.org\/Question\"><button type=\"button\" class=\"w-tabs-section-header\" aria-controls=\"content-ke8a\" aria-expanded=\"false\"><h3 class=\"w-tabs-section-title\" itemprop=\"name\">Le billet du spectacle inclut-il une visite du Real Alc\u00e1zar ?<\/h3><div class=\"w-tabs-section-control\"><\/div><\/button><div  class=\"w-tabs-section-content\" id=\"content-ke8a\" itemscope itemprop=\"acceptedAnswer\" itemtype=\"https:\/\/schema.org\/Answer\"><div class=\"w-tabs-section-content-h i-cf\" itemprop=\"text\"><div class=\"wpb_text_column\"><div class=\"wpb_wrapper\"><p>La visite touristique ordinaire du Real Alc\u00e1zar et les spectacles de la Biennale ont des horaires et des billets diff\u00e9rents. Si vous souhaitez visiter le monument pendant la journ\u00e9e, nous recommandons de r\u00e9server et de consulter cette visite s\u00e9par\u00e9ment.<\/p>\n<\/div><\/div><\/div><\/div><\/div><div class=\"w-tabs-section\" id=\"mf74\" itemscope itemprop=\"mainEntity\" itemtype=\"https:\/\/schema.org\/Question\"><button type=\"button\" class=\"w-tabs-section-header\" aria-controls=\"content-mf74\" aria-expanded=\"false\"><h3 class=\"w-tabs-section-title\" itemprop=\"name\">Comment se rendre au Real Alc\u00e1zar ?<\/h3><div class=\"w-tabs-section-control\"><\/div><\/button><div  class=\"w-tabs-section-content\" id=\"content-mf74\" itemscope itemprop=\"acceptedAnswer\" itemtype=\"https:\/\/schema.org\/Answer\"><div class=\"w-tabs-section-content-h i-cf\" itemprop=\"text\"><div class=\"wpb_text_column\"><div class=\"wpb_wrapper\"><p>Le site se trouve dans le centre monumental de S\u00e9ville. La Biennale utilise le Patio de Banderas comme point de r\u00e9f\u00e9rence. Les options de transport public les plus pratiques sont le m\u00e9tro jusqu\u2019\u00e0 Puerta Jerez et le Metrocentro jusqu\u2019\u00e0 Archivo de Indias, ainsi que plusieurs lignes TUSSAM.<\/p>\n<\/div><\/div><\/div><\/div><\/div><div class=\"w-tabs-section\" id=\"p059\" itemscope itemprop=\"mainEntity\" itemtype=\"https:\/\/schema.org\/Question\"><button type=\"button\" class=\"w-tabs-section-header\" aria-controls=\"content-p059\" aria-expanded=\"false\"><h3 class=\"w-tabs-section-title\" itemprop=\"name\">O\u00f9 puis-je acheter les billets officiels ?<\/h3><div class=\"w-tabs-section-control\"><\/div><\/button><div  class=\"w-tabs-section-content\" id=\"content-p059\" itemscope itemprop=\"acceptedAnswer\" itemtype=\"https:\/\/schema.org\/Answer\"><div class=\"w-tabs-section-content-h i-cf\" itemprop=\"text\"><div class=\"wpb_text_column\"><div class=\"wpb_wrapper\"><p>Le moyen le plus s\u00fbr est de consulter le <a href=\"https:\/\/www.labienal.com\/programa-general\/real-alcazar\" target=\"_blank\" rel=\"noopener\"><strong>programme officiel du Real Alc\u00e1zar pour la Biennale<\/strong><\/a> et d\u2019acc\u00e9der, depuis la fiche de chaque spectacle, au canal de vente officiel correspondant.<\/p>\n<\/div><\/div><\/div><\/div><\/div><\/div><\/div><\/div><\/div><\/div><div class=\"vc_col-sm-1\/5 wpb_column vc_column_container\"><div class=\"vc_column-inner\"><div class=\"wpb_wrapper\"><\/div><\/div><\/div><\/div><\/div><\/section><section class=\"l-section wpb_row height_huge color_alternate with_shape\"><div class=\"l-section-shape type_zigzag pos_top\" style=\"height:3vmin;\"><svg xmlns=\"http:\/\/www.w3.org\/2000\/svg\" viewBox=\"0 0 64 8\" preserveAspectRatio=\"none\" width=\"100%\" height=\"100%\">\r\n\t<path fill=\"currentColor\" d=\"M64 8 L0 8 L0 0 L20 7.9 L40 3 L48 5 L64 0 Z\"\/>\r\n<\/svg><\/div><div class=\"l-section-shape type_zigzag pos_bottom\" style=\"height:3vmin;\"><svg xmlns=\"http:\/\/www.w3.org\/2000\/svg\" viewBox=\"0 0 64 8\" preserveAspectRatio=\"none\" width=\"100%\" height=\"100%\">\r\n\t<path fill=\"currentColor\" d=\"M64 8 L0 8 L0 0 L20 7.9 L40 3 L48 5 L64 0 Z\"\/>\r\n<\/svg><\/div><div class=\"l-section-h i-cf\"><div class=\"g-cols vc_row via_flex valign_top type_default stacking_default\"><div class=\"vc_col-sm-12 wpb_column vc_column_container\"><div class=\"vc_column-inner\"><div class=\"wpb_wrapper\"><div class=\"wpb_text_column\"><div class=\"wpb_wrapper\"><h2 style=\"text-align: center;\">Trois soir\u00e9es pour \u00e9couter la m\u00e9moire du flamenco dans l\u2019un des grands monuments de S\u00e9ville<\/h2>\n<p style=\"text-align: center;\">Le cycle du Real Alc\u00e1zar compte peu de repr\u00e9sentations, mais poss\u00e8de une identit\u00e9 tr\u00e8s marqu\u00e9e. En seulement trois soir\u00e9es, il passe de l\u2019une des voix les plus importantes du flamenco actuel \u00e0 une cr\u00e9ation construite sur les enregistrements historiques du cante, avant de r\u00e9unir plusieurs lign\u00e9es de Jerez dans un rendez-vous unique.<\/p>\n<p style=\"text-align: center;\">Si vous recherchez une exp\u00e9rience de Biennale o\u00f9 le lieu p\u00e8se autant que la programmation, le Patio de la Monter\u00eda est l\u2019une des sc\u00e8nes qui m\u00e9rite de figurer sur votre liste.<\/p>\n<\/div><\/div><div class=\"w-separator size_medium\"><\/div><div class=\"w-hwrapper valign_top wrap stack_on_mobiles align_center\" style=\"--hwrapper-gap:1.2rem\"><div class=\"w-btn-wrapper align_none\"><a class=\"w-btn us-btn-style_1\" href=\"https:\/\/www.tablaosflamencos.com\/fr\/biennale-flamenco-seville\"><span class=\"w-btn-label\">Biennale de Flamenco de S\u00e9ville 2026<\/span><\/a><\/div><div class=\"w-btn-wrapper align_none\"><a class=\"w-btn us-btn-style_1\" href=\"https:\/\/www.tablaosflamencos.com\/grandes-estrenos-bienal-flamenco-sevilla-2026.html\"><span class=\"w-btn-label\">Grandes cr\u00e9ations de la Biennale<\/span><\/a><\/div><div class=\"w-btn-wrapper align_none\"><a class=\"w-btn us-btn-style_1\" href=\"https:\/\/www.tablaosflamencos.com\/fr\/flamenco-a-seville\"><span class=\"w-btn-label\">Voir du flamenco \u00e0 S\u00e9ville<\/span><\/a><\/div><\/div><\/div><\/div><\/div><\/div><\/div><\/section>\n","protected":false},"excerpt":{"rendered":"<p>Guide complet du flamenco au Real Alc\u00e1zar pendant la Biennale de Flamenco de S\u00e9ville 2026 : programme du 14 au 16 septembre, artistes, horaires, billets, prix et conseils pratiques.<\/p>\n","protected":false},"author":1,"featured_media":13859,"comment_status":"closed","ping_status":"closed","sticky":false,"template":"","format":"standard","meta":{"_acf_changed":false,"wpai_generated_summary":"","_ayudawp_aiss_exclude":false,"_ayudawp_aiss_exclude_summary":false,"_ayudawp_aiss_summary":"","_ayudawp_aiss_summary_provider":"","_ayudawp_aiss_summary_hash":"","footnotes":""},"categories":[1428],"tags":[1238,1239,1240,1241,1155,1242],"class_list":["post-13866","post","type-post","status-publish","format-standard","has-post-thumbnail","hentry","category-biennale-de-flamenco","tag-agenda-flamenca","tag-bienal-2026","tag-bienal-de-flamenco","tag-festivales-flamencos","tag-flamenco-en-sevilla","tag-sevilla"],"acf":[],"yoast_head":"<!-- This site is optimized with the Yoast SEO Premium plugin v28.4 (Yoast SEO v28.4) - https:\/\/yoast.com\/product\/yoast-seo-premium-wordpress\/ -->\n<title>Flamenco au Real Alc\u00e1zar : Biennale 2026<\/title>\n<meta name=\"description\" content=\"Guide du flamenco au Real Alc\u00e1zar pendant la Biennale 2026 : Israel Fern\u00e1ndez, Rancapino Chico et Xerezan\u00edas, dates, horaires, billets et prix.\" \/>\n<meta name=\"robots\" content=\"index, follow, max-snippet:-1, max-image-preview:large, max-video-preview:-1\" \/>\n<link rel=\"canonical\" href=\"https:\/\/www.tablaosflamencos.com\/fr\/flamenco-real-alcazar-biennale-seville-2026.html\" \/>\n<meta property=\"og:locale\" content=\"fr_FR\" \/>\n<meta property=\"og:type\" content=\"article\" \/>\n<meta property=\"og:title\" content=\"Flamenco au Real Alc\u00e1zar pendant la Biennale 2026\" \/>\n<meta property=\"og:description\" content=\"Guide du flamenco au Real Alc\u00e1zar pendant la Biennale 2026 : Israel Fern\u00e1ndez, Rancapino Chico et Xerezan\u00edas, dates, horaires, billets et prix.\" \/>\n<meta property=\"og:url\" content=\"https:\/\/www.tablaosflamencos.com\/fr\/flamenco-real-alcazar-biennale-seville-2026.html\" \/>\n<meta property=\"og:site_name\" content=\"Tablaos Flamencos\" \/>\n<meta property=\"article:publisher\" content=\"https:\/\/www.facebook.com\/tablaosflamencos\" \/>\n<meta property=\"article:published_time\" content=\"2026-09-01T21:44:31+00:00\" \/>\n<meta property=\"article:modified_time\" content=\"2026-09-01T22:34:44+00:00\" \/>\n<meta property=\"og:image\" content=\"https:\/\/www.tablaosflamencos.com\/wp-content\/uploads\/flamenco-en-el-real-alcazar-durante-la-bienal-2026-01.webp\" \/>\n\t<meta property=\"og:image:width\" content=\"1672\" \/>\n\t<meta property=\"og:image:height\" content=\"941\" \/>\n\t<meta property=\"og:image:type\" content=\"image\/webp\" \/>\n<meta name=\"author\" content=\"Miguel Ortiz\" \/>\n<meta name=\"twitter:card\" content=\"summary_large_image\" \/>\n<meta name=\"twitter:creator\" content=\"@tablaosflamenco\" \/>\n<meta name=\"twitter:site\" content=\"@tablaosflamenco\" \/>\n<meta name=\"twitter:label1\" content=\"\u00c9crit par\" \/>\n\t<meta name=\"twitter:data1\" content=\"Miguel Ortiz\" \/>\n\t<meta name=\"twitter:label2\" content=\"Dur\u00e9e de lecture estim\u00e9e\" \/>\n\t<meta name=\"twitter:data2\" content=\"21 minutes\" \/>\n<script type=\"application\/ld+json\" class=\"yoast-schema-graph\">{\"@context\":\"https:\\\/\\\/schema.org\",\"@graph\":[{\"@type\":\"Article\",\"@id\":\"https:\\\/\\\/www.tablaosflamencos.com\\\/fr\\\/flamenco-real-alcazar-biennale-seville-2026.html#article\",\"isPartOf\":{\"@id\":\"https:\\\/\\\/www.tablaosflamencos.com\\\/fr\\\/flamenco-real-alcazar-biennale-seville-2026.html\"},\"author\":{\"name\":\"Miguel Ortiz\",\"@id\":\"https:\\\/\\\/www.tablaosflamencos.com\\\/fr#\\\/schema\\\/person\\\/e7a9ebe14eb75a52ceabfbffb3c54f5d\"},\"headline\":\"Flamenco au Real Alc\u00e1zar pendant la Biennale 2026\",\"datePublished\":\"2026-09-01T21:44:31+00:00\",\"dateModified\":\"2026-09-01T22:34:44+00:00\",\"mainEntityOfPage\":{\"@id\":\"https:\\\/\\\/www.tablaosflamencos.com\\\/fr\\\/flamenco-real-alcazar-biennale-seville-2026.html\"},\"wordCount\":4179,\"publisher\":{\"@id\":\"https:\\\/\\\/www.tablaosflamencos.com\\\/fr#organization\"},\"image\":{\"@id\":\"https:\\\/\\\/www.tablaosflamencos.com\\\/fr\\\/flamenco-real-alcazar-biennale-seville-2026.html#primaryimage\"},\"thumbnailUrl\":\"https:\\\/\\\/www.tablaosflamencos.com\\\/wp-content\\\/uploads\\\/flamenco-en-el-real-alcazar-durante-la-bienal-2026-01.webp\",\"keywords\":[\"agenda flamenca\",\"Bienal 2026\",\"Bienal de Flamenco\",\"festivales flamencos\",\"flamenco en Sevilla\",\"sevilla\"],\"articleSection\":[\"Biennale de Flamenco\"],\"inLanguage\":\"fr-FR\"},{\"@type\":\"WebPage\",\"@id\":\"https:\\\/\\\/www.tablaosflamencos.com\\\/fr\\\/flamenco-real-alcazar-biennale-seville-2026.html\",\"url\":\"https:\\\/\\\/www.tablaosflamencos.com\\\/fr\\\/flamenco-real-alcazar-biennale-seville-2026.html\",\"name\":\"Flamenco au Real Alc\u00e1zar : Biennale 2026\",\"isPartOf\":{\"@id\":\"https:\\\/\\\/www.tablaosflamencos.com\\\/fr#website\"},\"primaryImageOfPage\":{\"@id\":\"https:\\\/\\\/www.tablaosflamencos.com\\\/fr\\\/flamenco-real-alcazar-biennale-seville-2026.html#primaryimage\"},\"image\":{\"@id\":\"https:\\\/\\\/www.tablaosflamencos.com\\\/fr\\\/flamenco-real-alcazar-biennale-seville-2026.html#primaryimage\"},\"thumbnailUrl\":\"https:\\\/\\\/www.tablaosflamencos.com\\\/wp-content\\\/uploads\\\/flamenco-en-el-real-alcazar-durante-la-bienal-2026-01.webp\",\"datePublished\":\"2026-09-01T21:44:31+00:00\",\"dateModified\":\"2026-09-01T22:34:44+00:00\",\"description\":\"Guide du flamenco au Real Alc\u00e1zar pendant la Biennale 2026 : Israel Fern\u00e1ndez, Rancapino Chico et Xerezan\u00edas, dates, horaires, billets et prix.\",\"breadcrumb\":{\"@id\":\"https:\\\/\\\/www.tablaosflamencos.com\\\/fr\\\/flamenco-real-alcazar-biennale-seville-2026.html#breadcrumb\"},\"inLanguage\":\"fr-FR\",\"potentialAction\":[{\"@type\":\"ReadAction\",\"target\":[\"https:\\\/\\\/www.tablaosflamencos.com\\\/fr\\\/flamenco-real-alcazar-biennale-seville-2026.html\"]}]},{\"@type\":\"ImageObject\",\"inLanguage\":\"fr-FR\",\"@id\":\"https:\\\/\\\/www.tablaosflamencos.com\\\/fr\\\/flamenco-real-alcazar-biennale-seville-2026.html#primaryimage\",\"url\":\"https:\\\/\\\/www.tablaosflamencos.com\\\/wp-content\\\/uploads\\\/flamenco-en-el-real-alcazar-durante-la-bienal-2026-01.webp\",\"contentUrl\":\"https:\\\/\\\/www.tablaosflamencos.com\\\/wp-content\\\/uploads\\\/flamenco-en-el-real-alcazar-durante-la-bienal-2026-01.webp\",\"width\":1672,\"height\":941,\"caption\":\"Flamenco en el Real Alc\u00e1zar durante la Bienal 2026\"},{\"@type\":\"BreadcrumbList\",\"@id\":\"https:\\\/\\\/www.tablaosflamencos.com\\\/fr\\\/flamenco-real-alcazar-biennale-seville-2026.html#breadcrumb\",\"itemListElement\":[{\"@type\":\"ListItem\",\"position\":1,\"name\":\"Home\",\"item\":\"https:\\\/\\\/www.tablaosflamencos.com\\\/fr\"},{\"@type\":\"ListItem\",\"position\":2,\"name\":\"Flamenco au Real Alc\u00e1zar pendant la Biennale 2026\"}]},{\"@type\":\"WebSite\",\"@id\":\"https:\\\/\\\/www.tablaosflamencos.com\\\/fr#website\",\"url\":\"https:\\\/\\\/www.tablaosflamencos.com\\\/fr\",\"name\":\"Tablaos Flamencos\",\"description\":\"Entradas para tablaos flamencos de Espa\u00f1a\",\"publisher\":{\"@id\":\"https:\\\/\\\/www.tablaosflamencos.com\\\/fr#organization\"},\"alternateName\":\"Tablaos Flamencos\",\"potentialAction\":[{\"@type\":\"SearchAction\",\"target\":{\"@type\":\"EntryPoint\",\"urlTemplate\":\"https:\\\/\\\/www.tablaosflamencos.com\\\/fr?s={search_term_string}\"},\"query-input\":{\"@type\":\"PropertyValueSpecification\",\"valueRequired\":true,\"valueName\":\"search_term_string\"}}],\"inLanguage\":\"fr-FR\"},{\"@type\":[\"Organization\",\"Place\",\"EntertainmentBusiness\"],\"@id\":\"https:\\\/\\\/www.tablaosflamencos.com\\\/fr#organization\",\"name\":\"Tablaos Flamencos\",\"alternateName\":\"Tablaos Flamencos\",\"url\":\"https:\\\/\\\/www.tablaosflamencos.com\\\/fr\",\"logo\":{\"@id\":\"https:\\\/\\\/www.tablaosflamencos.com\\\/fr\\\/flamenco-real-alcazar-biennale-seville-2026.html#local-main-organization-logo\"},\"image\":{\"@id\":\"https:\\\/\\\/www.tablaosflamencos.com\\\/fr\\\/flamenco-real-alcazar-biennale-seville-2026.html#local-main-organization-logo\"},\"sameAs\":[\"https:\\\/\\\/www.facebook.com\\\/tablaosflamencos\",\"https:\\\/\\\/x.com\\\/tablaosflamenco\",\"https:\\\/\\\/mastodon.social\\\/@tablaosflamencos\",\"https:\\\/\\\/www.instagram.com\\\/tablaosflamencos\",\"https:\\\/\\\/tiktok.com\\\/@tablaosflamencos\",\"https:\\\/\\\/www.linkedin.com\\\/company\\\/109408238\\\/\"],\"description\":\"Venta de entradas para espect\u00e1culos flamencos\",\"legalName\":\"Tablaos Flamencos\",\"foundingDate\":\"2015-01-01\",\"numberOfEmployees\":{\"@type\":\"QuantitativeValue\",\"minValue\":\"1\",\"maxValue\":\"10\"},\"address\":{\"@id\":\"https:\\\/\\\/www.tablaosflamencos.com\\\/fr\\\/flamenco-real-alcazar-biennale-seville-2026.html#local-main-place-address\"},\"geo\":{\"@type\":\"GeoCoordinates\",\"latitude\":\"37.3868072\",\"longitude\":\"-5.993280299999999\"},\"telephone\":[\"+34623787787\"],\"contactPoint\":{\"@type\":\"ContactPoint\",\"telephone\":\"+34623787787\",\"email\":\"info@tablaosflamencos.com\"},\"openingHoursSpecification\":{\"@type\":\"OpeningHoursSpecification\",\"dayOfWeek\":[\"Monday\",\"Tuesday\",\"Wednesday\",\"Thursday\",\"Friday\",\"Saturday\",\"Sunday\"],\"opens\":\"00:00\",\"closes\":\"23:59\"},\"email\":\"info@tablaosflamencos.com\",\"priceRange\":\"$$$\",\"currenciesAccepted\":\"\u20ac\"},{\"@type\":\"Person\",\"@id\":\"https:\\\/\\\/www.tablaosflamencos.com\\\/fr#\\\/schema\\\/person\\\/e7a9ebe14eb75a52ceabfbffb3c54f5d\",\"name\":\"Miguel Ortiz\",\"description\":\"Miguel Ortiz es un empresario flamenco, con una s\u00f3lida trayectoria dentro del sector. Ha presidido entidades culturales vinculadas al flamenco y, cuenta con un amplio recorrido profesional en la gesti\u00f3n y promoci\u00f3n de espect\u00e1culos y tablaos flamencos. Su pasi\u00f3n por la historia y el arte flamenco se refleja en cada art\u00edculo, donde combina experiencia, criterio y un profundo respeto por la tradici\u00f3n.\",\"sameAs\":[\"https:\\\/\\\/www.tablaosflamencos.com\",\"https:\\\/\\\/www.instagra.com\\\/miguelortizfe\",\"https:\\\/\\\/www.linkedin.com\\\/in\\\/miguelortizf\\\/\"],\"birthDate\":\"1984-11-22\",\"gender\":\"hombre\",\"knowsLanguage\":[\"espa\u00f1ol\",\"ingl\u00e9s\"],\"jobTitle\":\"Empresario flamenco\"},{\"@type\":\"PostalAddress\",\"@id\":\"https:\\\/\\\/www.tablaosflamencos.com\\\/fr\\\/flamenco-real-alcazar-biennale-seville-2026.html#local-main-place-address\",\"streetAddress\":\"C\\\/ Alemanes, 19\",\"addressLocality\":\"Sevilla\",\"postalCode\":\"41004\",\"addressRegion\":\"Sevilla\",\"addressCountry\":\"ES\"},{\"@type\":\"ImageObject\",\"inLanguage\":\"fr-FR\",\"@id\":\"https:\\\/\\\/www.tablaosflamencos.com\\\/fr\\\/flamenco-real-alcazar-biennale-seville-2026.html#local-main-organization-logo\",\"url\":\"https:\\\/\\\/www.tablaosflamencos.com\\\/wp-content\\\/uploads\\\/tablaos-flamencos-06-3.webp\",\"contentUrl\":\"https:\\\/\\\/www.tablaosflamencos.com\\\/wp-content\\\/uploads\\\/tablaos-flamencos-06-3.webp\",\"width\":600,\"height\":620,\"caption\":\"Tablaos Flamencos\"}]}<\/script>\n<meta name=\"geo.placename\" content=\"Sevilla\" \/>\n<meta name=\"geo.position\" content=\"37.3868072;-5.993280299999999\" \/>\n<meta name=\"geo.region\" content=\"Espagne\" \/>\n<!-- \/ Yoast SEO Premium plugin. -->","yoast_head_json":{"title":"Flamenco au Real Alc\u00e1zar : Biennale 2026","description":"Guide du flamenco au Real Alc\u00e1zar pendant la Biennale 2026 : Israel Fern\u00e1ndez, Rancapino Chico et Xerezan\u00edas, dates, horaires, billets et prix.","robots":{"index":"index","follow":"follow","max-snippet":"max-snippet:-1","max-image-preview":"max-image-preview:large","max-video-preview":"max-video-preview:-1"},"canonical":"https:\/\/www.tablaosflamencos.com\/fr\/flamenco-real-alcazar-biennale-seville-2026.html","og_locale":"fr_FR","og_type":"article","og_title":"Flamenco au Real Alc\u00e1zar pendant la Biennale 2026","og_description":"Guide du flamenco au Real Alc\u00e1zar pendant la Biennale 2026 : Israel Fern\u00e1ndez, Rancapino Chico et Xerezan\u00edas, dates, horaires, billets et prix.","og_url":"https:\/\/www.tablaosflamencos.com\/fr\/flamenco-real-alcazar-biennale-seville-2026.html","og_site_name":"Tablaos Flamencos","article_publisher":"https:\/\/www.facebook.com\/tablaosflamencos","article_published_time":"2026-09-01T21:44:31+00:00","article_modified_time":"2026-09-01T22:34:44+00:00","og_image":[{"width":1672,"height":941,"url":"https:\/\/www.tablaosflamencos.com\/wp-content\/uploads\/flamenco-en-el-real-alcazar-durante-la-bienal-2026-01.webp","type":"image\/webp"}],"author":"Miguel Ortiz","twitter_card":"summary_large_image","twitter_creator":"@tablaosflamenco","twitter_site":"@tablaosflamenco","twitter_misc":{"\u00c9crit par":"Miguel Ortiz","Dur\u00e9e de lecture estim\u00e9e":"21 minutes"},"schema":{"@context":"https:\/\/schema.org","@graph":[{"@type":"Article","@id":"https:\/\/www.tablaosflamencos.com\/fr\/flamenco-real-alcazar-biennale-seville-2026.html#article","isPartOf":{"@id":"https:\/\/www.tablaosflamencos.com\/fr\/flamenco-real-alcazar-biennale-seville-2026.html"},"author":{"name":"Miguel Ortiz","@id":"https:\/\/www.tablaosflamencos.com\/fr#\/schema\/person\/e7a9ebe14eb75a52ceabfbffb3c54f5d"},"headline":"Flamenco au Real Alc\u00e1zar pendant la Biennale 2026","datePublished":"2026-09-01T21:44:31+00:00","dateModified":"2026-09-01T22:34:44+00:00","mainEntityOfPage":{"@id":"https:\/\/www.tablaosflamencos.com\/fr\/flamenco-real-alcazar-biennale-seville-2026.html"},"wordCount":4179,"publisher":{"@id":"https:\/\/www.tablaosflamencos.com\/fr#organization"},"image":{"@id":"https:\/\/www.tablaosflamencos.com\/fr\/flamenco-real-alcazar-biennale-seville-2026.html#primaryimage"},"thumbnailUrl":"https:\/\/www.tablaosflamencos.com\/wp-content\/uploads\/flamenco-en-el-real-alcazar-durante-la-bienal-2026-01.webp","keywords":["agenda flamenca","Bienal 2026","Bienal de Flamenco","festivales flamencos","flamenco en Sevilla","sevilla"],"articleSection":["Biennale de Flamenco"],"inLanguage":"fr-FR"},{"@type":"WebPage","@id":"https:\/\/www.tablaosflamencos.com\/fr\/flamenco-real-alcazar-biennale-seville-2026.html","url":"https:\/\/www.tablaosflamencos.com\/fr\/flamenco-real-alcazar-biennale-seville-2026.html","name":"Flamenco au Real Alc\u00e1zar : Biennale 2026","isPartOf":{"@id":"https:\/\/www.tablaosflamencos.com\/fr#website"},"primaryImageOfPage":{"@id":"https:\/\/www.tablaosflamencos.com\/fr\/flamenco-real-alcazar-biennale-seville-2026.html#primaryimage"},"image":{"@id":"https:\/\/www.tablaosflamencos.com\/fr\/flamenco-real-alcazar-biennale-seville-2026.html#primaryimage"},"thumbnailUrl":"https:\/\/www.tablaosflamencos.com\/wp-content\/uploads\/flamenco-en-el-real-alcazar-durante-la-bienal-2026-01.webp","datePublished":"2026-09-01T21:44:31+00:00","dateModified":"2026-09-01T22:34:44+00:00","description":"Guide du flamenco au Real Alc\u00e1zar pendant la Biennale 2026 : Israel Fern\u00e1ndez, Rancapino Chico et Xerezan\u00edas, dates, horaires, billets et prix.","breadcrumb":{"@id":"https:\/\/www.tablaosflamencos.com\/fr\/flamenco-real-alcazar-biennale-seville-2026.html#breadcrumb"},"inLanguage":"fr-FR","potentialAction":[{"@type":"ReadAction","target":["https:\/\/www.tablaosflamencos.com\/fr\/flamenco-real-alcazar-biennale-seville-2026.html"]}]},{"@type":"ImageObject","inLanguage":"fr-FR","@id":"https:\/\/www.tablaosflamencos.com\/fr\/flamenco-real-alcazar-biennale-seville-2026.html#primaryimage","url":"https:\/\/www.tablaosflamencos.com\/wp-content\/uploads\/flamenco-en-el-real-alcazar-durante-la-bienal-2026-01.webp","contentUrl":"https:\/\/www.tablaosflamencos.com\/wp-content\/uploads\/flamenco-en-el-real-alcazar-durante-la-bienal-2026-01.webp","width":1672,"height":941,"caption":"Flamenco en el Real Alc\u00e1zar durante la Bienal 2026"},{"@type":"BreadcrumbList","@id":"https:\/\/www.tablaosflamencos.com\/fr\/flamenco-real-alcazar-biennale-seville-2026.html#breadcrumb","itemListElement":[{"@type":"ListItem","position":1,"name":"Home","item":"https:\/\/www.tablaosflamencos.com\/fr"},{"@type":"ListItem","position":2,"name":"Flamenco au Real Alc\u00e1zar pendant la Biennale 2026"}]},{"@type":"WebSite","@id":"https:\/\/www.tablaosflamencos.com\/fr#website","url":"https:\/\/www.tablaosflamencos.com\/fr","name":"Tablaos Flamencos","description":"Entradas para tablaos flamencos de Espa\u00f1a","publisher":{"@id":"https:\/\/www.tablaosflamencos.com\/fr#organization"},"alternateName":"Tablaos Flamencos","potentialAction":[{"@type":"SearchAction","target":{"@type":"EntryPoint","urlTemplate":"https:\/\/www.tablaosflamencos.com\/fr?s={search_term_string}"},"query-input":{"@type":"PropertyValueSpecification","valueRequired":true,"valueName":"search_term_string"}}],"inLanguage":"fr-FR"},{"@type":["Organization","Place","EntertainmentBusiness"],"@id":"https:\/\/www.tablaosflamencos.com\/fr#organization","name":"Tablaos Flamencos","alternateName":"Tablaos Flamencos","url":"https:\/\/www.tablaosflamencos.com\/fr","logo":{"@id":"https:\/\/www.tablaosflamencos.com\/fr\/flamenco-real-alcazar-biennale-seville-2026.html#local-main-organization-logo"},"image":{"@id":"https:\/\/www.tablaosflamencos.com\/fr\/flamenco-real-alcazar-biennale-seville-2026.html#local-main-organization-logo"},"sameAs":["https:\/\/www.facebook.com\/tablaosflamencos","https:\/\/x.com\/tablaosflamenco","https:\/\/mastodon.social\/@tablaosflamencos","https:\/\/www.instagram.com\/tablaosflamencos","https:\/\/tiktok.com\/@tablaosflamencos","https:\/\/www.linkedin.com\/company\/109408238\/"],"description":"Venta de entradas para espect\u00e1culos flamencos","legalName":"Tablaos Flamencos","foundingDate":"2015-01-01","numberOfEmployees":{"@type":"QuantitativeValue","minValue":"1","maxValue":"10"},"address":{"@id":"https:\/\/www.tablaosflamencos.com\/fr\/flamenco-real-alcazar-biennale-seville-2026.html#local-main-place-address"},"geo":{"@type":"GeoCoordinates","latitude":"37.3868072","longitude":"-5.993280299999999"},"telephone":["+34623787787"],"contactPoint":{"@type":"ContactPoint","telephone":"+34623787787","email":"info@tablaosflamencos.com"},"openingHoursSpecification":{"@type":"OpeningHoursSpecification","dayOfWeek":["Monday","Tuesday","Wednesday","Thursday","Friday","Saturday","Sunday"],"opens":"00:00","closes":"23:59"},"email":"info@tablaosflamencos.com","priceRange":"$$$","currenciesAccepted":"\u20ac"},{"@type":"Person","@id":"https:\/\/www.tablaosflamencos.com\/fr#\/schema\/person\/e7a9ebe14eb75a52ceabfbffb3c54f5d","name":"Miguel Ortiz","description":"Miguel Ortiz es un empresario flamenco, con una s\u00f3lida trayectoria dentro del sector. Ha presidido entidades culturales vinculadas al flamenco y, cuenta con un amplio recorrido profesional en la gesti\u00f3n y promoci\u00f3n de espect\u00e1culos y tablaos flamencos. Su pasi\u00f3n por la historia y el arte flamenco se refleja en cada art\u00edculo, donde combina experiencia, criterio y un profundo respeto por la tradici\u00f3n.","sameAs":["https:\/\/www.tablaosflamencos.com","https:\/\/www.instagra.com\/miguelortizfe","https:\/\/www.linkedin.com\/in\/miguelortizf\/"],"birthDate":"1984-11-22","gender":"hombre","knowsLanguage":["espa\u00f1ol","ingl\u00e9s"],"jobTitle":"Empresario flamenco"},{"@type":"PostalAddress","@id":"https:\/\/www.tablaosflamencos.com\/fr\/flamenco-real-alcazar-biennale-seville-2026.html#local-main-place-address","streetAddress":"C\/ Alemanes, 19","addressLocality":"Sevilla","postalCode":"41004","addressRegion":"Sevilla","addressCountry":"ES"},{"@type":"ImageObject","inLanguage":"fr-FR","@id":"https:\/\/www.tablaosflamencos.com\/fr\/flamenco-real-alcazar-biennale-seville-2026.html#local-main-organization-logo","url":"https:\/\/www.tablaosflamencos.com\/wp-content\/uploads\/tablaos-flamencos-06-3.webp","contentUrl":"https:\/\/www.tablaosflamencos.com\/wp-content\/uploads\/tablaos-flamencos-06-3.webp","width":600,"height":620,"caption":"Tablaos Flamencos"}]},"geo.placename":"Sevilla","geo.position":{"lat":"37.3868072","long":"-5.993280299999999"},"geo.region":"Espagne"},"_links":{"self":[{"href":"https:\/\/www.tablaosflamencos.com\/fr\/wp-json\/wp\/v2\/posts\/13866","targetHints":{"allow":["GET"]}}],"collection":[{"href":"https:\/\/www.tablaosflamencos.com\/fr\/wp-json\/wp\/v2\/posts"}],"about":[{"href":"https:\/\/www.tablaosflamencos.com\/fr\/wp-json\/wp\/v2\/types\/post"}],"author":[{"embeddable":true,"href":"https:\/\/www.tablaosflamencos.com\/fr\/wp-json\/wp\/v2\/users\/1"}],"replies":[{"embeddable":true,"href":"https:\/\/www.tablaosflamencos.com\/fr\/wp-json\/wp\/v2\/comments?post=13866"}],"version-history":[{"count":10,"href":"https:\/\/www.tablaosflamencos.com\/fr\/wp-json\/wp\/v2\/posts\/13866\/revisions"}],"predecessor-version":[{"id":13983,"href":"https:\/\/www.tablaosflamencos.com\/fr\/wp-json\/wp\/v2\/posts\/13866\/revisions\/13983"}],"wp:featuredmedia":[{"embeddable":true,"href":"https:\/\/www.tablaosflamencos.com\/fr\/wp-json\/wp\/v2\/media\/13859"}],"wp:attachment":[{"href":"https:\/\/www.tablaosflamencos.com\/fr\/wp-json\/wp\/v2\/media?parent=13866"}],"wp:term":[{"taxonomy":"category","embeddable":true,"href":"https:\/\/www.tablaosflamencos.com\/fr\/wp-json\/wp\/v2\/categories?post=13866"},{"taxonomy":"post_tag","embeddable":true,"href":"https:\/\/www.tablaosflamencos.com\/fr\/wp-json\/wp\/v2\/tags?post=13866"}],"curies":[{"name":"wp","href":"https:\/\/api.w.org\/{rel}","templated":true}]}}