{"id":13834,"date":"2026-09-01T11:41:25","date_gmt":"2026-09-01T09:41:25","guid":{"rendered":"https:\/\/www.tablaosflamencos.com\/?p=13834"},"modified":"2026-09-01T11:53:14","modified_gmt":"2026-09-01T09:53:14","slug":"inauguration-biennale-flamenco-seville-2026","status":"publish","type":"post","link":"https:\/\/www.tablaosflamencos.com\/fr\/inauguration-biennale-flamenco-seville-2026.html","title":{"rendered":"Comment se d\u00e9roulera l\u2019inauguration de la Biennale de Flamenco de S\u00e9ville 2026"},"content":{"rendered":"<section class=\"l-section wpb_row height_huge\"><div class=\"l-section-h i-cf\"><div class=\"g-cols vc_row via_flex valign_top type_default stacking_default\"><div class=\"vc_col-sm-6 wpb_column vc_column_container\"><div class=\"vc_column-inner\"><div class=\"wpb_wrapper\"><div class=\"wpb_text_column\"><div class=\"wpb_wrapper\"><h2>La Biennale de Flamenco de S\u00e9ville 2026 s\u2019ouvrira avec un preg\u00f3n chant\u00e9 en pleine ville<\/h2>\n<p>La <strong>XXIVe Biennale de Flamenco de S\u00e9ville<\/strong> commencera officiellement le <strong>mercredi 9 septembre 2026<\/strong> avec une inauguration tr\u00e8s diff\u00e9rente d\u2019un gala conventionnel. Il n\u2019y aura pas de sc\u00e8ne frontale dans un th\u00e9\u00e2tre : la <strong>Plaza de San Francisco<\/strong> deviendra un espace sc\u00e9nique immersif o\u00f9 les voix surgiront des balcons et o\u00f9 la danse occupera le centre de la place.<\/p>\n<p>La proposition s\u2019intitule <em>Ecos primitivos. Cante en altura, danza en tierra<\/em> et est con\u00e7ue comme un <strong>preg\u00f3n chant\u00e9<\/strong> plac\u00e9 sous la direction artistique de Segundo Falc\u00f3n. Il commencera \u00e0 <strong>20 h 30<\/strong> et r\u00e9unira Segundo Falc\u00f3n, Esperanza Fern\u00e1ndez, Pedro El Grana\u00edno, Rafael de Utrera et Mar\u00eda Terremoto au cante, avec <strong>Ana Morales<\/strong> comme protagoniste de la danse.<\/p>\n<p>L\u2019id\u00e9e est que le public ne regarde pas l\u2019inauguration dans une seule direction, mais qu\u2019il soit plac\u00e9 au c\u0153ur d\u2019une architecture sonore \u00e0 <strong>360 degr\u00e9s<\/strong>. La ville elle-m\u00eame fera office de sc\u00e8ne : les balcons, la pierre de la place, les voix et le corps de la danseuse feront partie int\u00e9grante de la dramaturgie.<\/p>\n<\/div><\/div><\/div><\/div><\/div><div class=\"vc_col-sm-6 wpb_column vc_column_container\"><div class=\"vc_column-inner\"><div class=\"wpb_wrapper\"><div class=\"wpb_text_column\"><div class=\"wpb_wrapper\"><h3>Inauguration de la Biennale 2026 : informations essentielles<\/h3>\n<ul>\n<li><strong>Date :<\/strong> mercredi 9 septembre 2026.<\/li>\n<li><strong>Heure :<\/strong> 20 h 30.<\/li>\n<li><strong>Lieu :<\/strong> Plaza de San Francisco, S\u00e9ville.<\/li>\n<li><strong>Proposition :<\/strong> <em>Ecos primitivos. Cante en altura, danza en tierra<\/em>.<\/li>\n<li><strong>Format :<\/strong> preg\u00f3n chant\u00e9 et exp\u00e9rience sc\u00e9nique immersive \u00e0 360\u00ba.<\/li>\n<li><strong>Direction artistique :<\/strong> Segundo Falc\u00f3n.<\/li>\n<li><strong>Cante :<\/strong> Segundo Falc\u00f3n, Esperanza Fern\u00e1ndez, Pedro El Grana\u00edno, Rafael de Utrera et Mar\u00eda Terremoto.<\/li>\n<li><strong>Danse :<\/strong> Ana Morales.<\/li>\n<li><strong>Organisation :<\/strong> Biennale de Flamenco de S\u00e9ville, coorganis\u00e9e avec la Fundaci\u00f3n Cajasol.<\/li>\n<\/ul>\n<p><small>\u00c0 la date de publication, la fiche officielle du preg\u00f3n n\u2019indique ni prix ni syst\u00e8me d\u2019achat de billets. Il est conseill\u00e9 de v\u00e9rifier les conditions d\u2019acc\u00e8s actualis\u00e9es avant de se d\u00e9placer.<\/small><\/p>\n<\/div><\/div><\/div><\/div><\/div><\/div><\/div><\/section><section class=\"l-section wpb_row height_huge color_alternate with_shape\"><div class=\"l-section-shape type_zigzag pos_top hor_flip\" style=\"height:3vmin;\"><svg xmlns=\"http:\/\/www.w3.org\/2000\/svg\" viewBox=\"0 0 64 8\" preserveAspectRatio=\"none\" width=\"100%\" height=\"100%\">\r\n\t<path fill=\"currentColor\" d=\"M64 8 L0 8 L0 0 L20 7.9 L40 3 L48 5 L64 0 Z\"\/>\r\n<\/svg><\/div><div class=\"l-section-shape type_zigzag pos_bottom\" style=\"height:3vmin;\"><svg xmlns=\"http:\/\/www.w3.org\/2000\/svg\" viewBox=\"0 0 64 8\" preserveAspectRatio=\"none\" width=\"100%\" height=\"100%\">\r\n\t<path fill=\"currentColor\" d=\"M64 8 L0 8 L0 0 L20 7.9 L40 3 L48 5 L64 0 Z\"\/>\r\n<\/svg><\/div><div class=\"l-section-h i-cf\"><div class=\"g-cols vc_row via_flex valign_top type_default stacking_default\"><div class=\"vc_col-sm-12 wpb_column vc_column_container\"><div class=\"vc_column-inner\"><div class=\"wpb_wrapper\"><div class=\"wpb_text_column\"><div class=\"wpb_wrapper\"><h2>Ecos primitivos : une inauguration con\u00e7ue sp\u00e9cialement pour la Plaza de San Francisco<\/h2>\n<p>L\u2019ouverture n\u2019adapte pas une \u0153uvre th\u00e9\u00e2trale pr\u00e9existante \u00e0 un espace ext\u00e9rieur. <em>Ecos primitivos<\/em> a \u00e9t\u00e9 con\u00e7u sp\u00e9cifiquement pour la Biennale et pour la <strong>Plaza de San Francisco<\/strong>. Cette diff\u00e9rence est importante, car l\u2019architecture ne servira pas de simple d\u00e9cor : elle fera pleinement partie du spectacle.<\/p>\n<p>La proposition repose sur une id\u00e9e de verticalit\u00e9. <strong>Cinq chanteurs de flamenco occuperont diff\u00e9rents balcons autour de la place<\/strong>, cr\u00e9ant une carte sonore qui entourera le public. Face \u00e0 ces voix venues d\u2019en haut, Ana Morales d\u00e9veloppera la chor\u00e9graphie au niveau de la rue, au centre de l\u2019espace.<\/p>\n<p>La Biennale d\u00e9finit le concept comme un dialogue entre <strong>cante en hauteur et danse sur terre<\/strong>. L\u2019opposition entre voix et corps, balcons et sol, m\u00e9moire et cr\u00e9ation contemporaine constitue l\u2019axe visuel et sonore de toute l\u2019inauguration.<\/p>\n<p>Le r\u00e9sultat entend rompre avec la relation habituelle entre sc\u00e8ne et spectateur. Il n\u2019y aura pas un seul point de vue frontal : le public sera int\u00e9gr\u00e9 \u00e0 l\u2019\u00e9v\u00e9nement et devra percevoir des voix provenant de diff\u00e9rentes directions tandis que la danse se d\u00e9veloppera au centre.<\/p>\n<\/div><\/div><\/div><\/div><\/div><\/div><\/div><\/section><section class=\"l-section wpb_row height_huge\"><div class=\"l-section-h i-cf\"><div class=\"g-cols vc_row via_flex valign_top type_default stacking_default\"><div class=\"vc_col-sm-12 wpb_column vc_column_container\"><div class=\"vc_column-inner\"><div class=\"wpb_wrapper\"><div class=\"wpb_text_column\"><div class=\"wpb_wrapper\"><h2>Cinq voix aux balcons : ce que chantera chaque artiste<\/h2>\n<p>L\u2019un des d\u00e9tails les plus int\u00e9ressants d\u00e9j\u00e0 publi\u00e9s par l\u2019organisation est la r\u00e9partition des cantes. Chaque voix aura un r\u00f4le pr\u00e9cis dans cette architecture sonore et sera associ\u00e9e \u00e0 un r\u00e9pertoire enracin\u00e9 dans la tradition.<\/p>\n<table>\n<thead>\n<tr>\n<th>Artiste<\/th>\n<th>Cante pr\u00e9vu<\/th>\n<th>R\u00f4le dans la proposition<\/th>\n<\/tr>\n<\/thead>\n<tbody>\n<tr>\n<td><strong>Segundo Falc\u00f3n<\/strong><\/td>\n<td>Trilla et ton\u00e1 liviana<\/td>\n<td>M\u00e9moire du travail agricole et cante essentiel, d\u00e9pouill\u00e9 de tout artifice.<\/td>\n<\/tr>\n<tr>\n<td><strong>Rafael de Utrera<\/strong><\/td>\n<td>Romance<\/td>\n<td>R\u00e9cit enracin\u00e9 et nudit\u00e9 vocale.<\/td>\n<\/tr>\n<tr>\n<td><strong>Mar\u00eda Terremoto<\/strong><\/td>\n<td>Martinete<\/td>\n<td>Un cante li\u00e9 \u00e0 la forge, \u00e0 la plainte et \u00e0 la r\u00e9sistance.<\/td>\n<\/tr>\n<tr>\n<td><strong>Esperanza Fern\u00e1ndez<\/strong><\/td>\n<td>Romance \/ corrido gitano<\/td>\n<td>La m\u00e9moire transmise par la parole chant\u00e9e.<\/td>\n<\/tr>\n<tr>\n<td><strong>Pedro El Grana\u00edno<\/strong><\/td>\n<td>Saeta<\/td>\n<td>Une voix con\u00e7ue comme une invocation verticale venue des hauteurs.<\/td>\n<\/tr>\n<\/tbody>\n<\/table>\n<p>Cette s\u00e9lection aide \u00e0 comprendre le titre <em>Ecos primitivos<\/em>. Il ne s\u2019agit pas d\u2019un parcours \u00e0 travers les palos les plus festifs ou populaires, mais d\u2019une recherche de formes li\u00e9es au r\u00e9cit oral, au travail, \u00e0 la forge, \u00e0 la transmission et \u00e0 l\u2019invocation.<\/p>\n<\/div><\/div><\/div><\/div><\/div><\/div><\/div><\/section><section class=\"l-section wpb_row height_huge color_alternate with_shape\"><div class=\"l-section-shape type_zigzag pos_top hor_flip\" style=\"height:3vmin;\"><svg xmlns=\"http:\/\/www.w3.org\/2000\/svg\" viewBox=\"0 0 64 8\" preserveAspectRatio=\"none\" width=\"100%\" height=\"100%\">\r\n\t<path fill=\"currentColor\" d=\"M64 8 L0 8 L0 0 L20 7.9 L40 3 L48 5 L64 0 Z\"\/>\r\n<\/svg><\/div><div class=\"l-section-shape type_zigzag pos_bottom\" style=\"height:3vmin;\"><svg xmlns=\"http:\/\/www.w3.org\/2000\/svg\" viewBox=\"0 0 64 8\" preserveAspectRatio=\"none\" width=\"100%\" height=\"100%\">\r\n\t<path fill=\"currentColor\" d=\"M64 8 L0 8 L0 0 L20 7.9 L40 3 L48 5 L64 0 Z\"\/>\r\n<\/svg><\/div><div class=\"l-section-h i-cf\"><div class=\"g-cols vc_row via_flex valign_top type_default stacking_default\"><div class=\"vc_col-sm-12 wpb_column vc_column_container\"><div class=\"vc_column-inner\"><div class=\"wpb_wrapper\"><div class=\"wpb_text_column\"><div class=\"wpb_wrapper\"><h2>Ana Morales dansera au centre de la place<\/h2>\n<p>Tandis que les voix occupent les balcons, <strong>Ana Morales<\/strong> concentrera la dimension physique de l\u2019inauguration au sol de la Plaza de San Francisco. Sa danse ne sera pas un accompagnement d\u00e9coratif du cante : la chor\u00e9graphie est con\u00e7ue comme la r\u00e9ponse corporelle aux voix venant d\u2019en haut.<\/p>\n<p>L\u2019organisation explique sa proposition \u00e0 partir de trois principes : <strong>mouvement organique et corporel<\/strong>, <strong>fragmentation et reconstruction du geste<\/strong> et une <strong>relation directe avec la terre comme espace symbolique<\/strong>.<\/p>\n<p>Cette approche correspond au parcours de Morales, cr\u00e9atrice qui travaille depuis longtemps sur la relation entre tradition flamenca, langage contemporain, espace et corps. Ici, le contraste sera particuli\u00e8rement visible : le cante restera en hauteur autour du public tandis que la danse s\u2019\u00e9crira sur le pav\u00e9 de la place.<\/p>\n<\/div><\/div><\/div><\/div><\/div><\/div><\/div><\/section><section class=\"l-section wpb_row height_huge\"><div class=\"l-section-h i-cf\"><div class=\"g-cols vc_row via_flex valign_top type_default stacking_default\"><div class=\"vc_col-sm-6 wpb_column vc_column_container\"><div class=\"vc_column-inner\"><div class=\"wpb_wrapper\"><div class=\"wpb_text_column\"><div class=\"wpb_wrapper\"><h2>Comment l\u2019espace sera organis\u00e9<\/h2>\n<p>La fiche officielle annonce une disposition sc\u00e9nique tr\u00e8s pr\u00e9cise :<\/p>\n<ul>\n<li><strong>Balcons p\u00e9riph\u00e9riques<\/strong> pour les cinq voix.<\/li>\n<li><strong>Sc\u00e8ne centrale au niveau de la rue<\/strong>.<\/li>\n<li><strong>Zone chor\u00e9graphique<\/strong> pour Ana Morales.<\/li>\n<li><strong>Public enveloppant \u00e0 360\u00ba<\/strong>.<\/li>\n<\/ul>\n<p>Il n\u2019y aura donc pas un seul point de vue privil\u00e9gi\u00e9 comparable \u00e0 un fauteuil central au th\u00e9\u00e2tre. L\u2019exp\u00e9rience d\u00e9pendra en partie de la place occup\u00e9e par chaque spectateur dans la place et de la mani\u00e8re dont les voix circuleront acoustiquement entre les fa\u00e7ades.<\/p>\n<\/div><\/div><\/div><\/div><\/div><div class=\"vc_col-sm-6 wpb_column vc_column_container\"><div class=\"vc_column-inner\"><div class=\"wpb_wrapper\"><div class=\"wpb_text_column\"><div class=\"wpb_wrapper\"><h2>La Plaza de San Francisco comme partie int\u00e9grante de la dramaturgie<\/h2>\n<p>Le choix de la Plaza de San Francisco renforce la volont\u00e9 de transformer S\u00e9ville en sc\u00e8ne de la Biennale. C\u2019est l\u2019un des grands espaces historiques du centre-ville, situ\u00e9 \u00e0 c\u00f4t\u00e9 de l\u2019H\u00f4tel de Ville et directement reli\u00e9 \u00e0 Plaza Nueva et \u00e0 l\u2019axe de l\u2019Avenida de la Constituci\u00f3n.<\/p>\n<p>Dans <em>Ecos primitivos<\/em>, les fa\u00e7ades et les balcons ne serviront pas uniquement de d\u00e9cor. L\u2019architecture permettra de construire la verticalit\u00e9 du spectacle et de r\u00e9partir les voix autour du public. Ainsi, un lieu quotidien du centre historique changera temporairement de fonction pour devenir une sorte de th\u00e9\u00e2tre urbain \u00e0 ciel ouvert.<\/p>\n<\/div><\/div><\/div><\/div><\/div><\/div><\/div><\/section><section class=\"l-section wpb_row height_huge color_alternate with_shape\"><div class=\"l-section-shape type_zigzag pos_top hor_flip\" style=\"height:3vmin;\"><svg xmlns=\"http:\/\/www.w3.org\/2000\/svg\" viewBox=\"0 0 64 8\" preserveAspectRatio=\"none\" width=\"100%\" height=\"100%\">\r\n\t<path fill=\"currentColor\" d=\"M64 8 L0 8 L0 0 L20 7.9 L40 3 L48 5 L64 0 Z\"\/>\r\n<\/svg><\/div><div class=\"l-section-shape type_zigzag pos_bottom\" style=\"height:3vmin;\"><svg xmlns=\"http:\/\/www.w3.org\/2000\/svg\" viewBox=\"0 0 64 8\" preserveAspectRatio=\"none\" width=\"100%\" height=\"100%\">\r\n\t<path fill=\"currentColor\" d=\"M64 8 L0 8 L0 0 L20 7.9 L40 3 L48 5 L64 0 Z\"\/>\r\n<\/svg><\/div><div class=\"l-section-h i-cf\"><div class=\"g-cols vc_row via_flex valign_top type_default stacking_default\"><div class=\"vc_col-sm-12 wpb_column vc_column_container\"><div class=\"vc_column-inner\"><div class=\"wpb_wrapper\"><div class=\"wpb_text_column\"><div class=\"wpb_wrapper\"><h2>Pourquoi un preg\u00f3n chant\u00e9 plut\u00f4t qu\u2019une inauguration conventionnelle ?<\/h2>\n<p>La Biennale a choisi de commencer cette \u00e9dition en retrouvant une dimension collective du flamenco. Au lieu de s\u00e9parer strictement artistes, sc\u00e8ne et spectateurs, l\u2019inauguration se rapproche d\u2019une id\u00e9e plus rituelle : des voix qui apparaissent depuis diff\u00e9rents points, un corps qui r\u00e9pond depuis le centre et un public int\u00e9gr\u00e9 \u00e0 l\u2019espace sonore.<\/p>\n<p>Ce choix dialogue \u00e9galement avec l\u2019un des grands axes de la XXIVe \u00e9dition : regarder vers la m\u00e9moire du flamenco sans la transformer en reconstitution arch\u00e9ologique. La programmation 2026 rappelle le si\u00e8cle \u00e9coul\u00e9 depuis l\u2019essor de la dite \u00d3pera Flamenca et associe cette r\u00e9flexion historique \u00e0 de nombreuses premi\u00e8res et \u00e0 des langages contemporains.<\/p>\n<p><em>Ecos primitivos<\/em> fonctionne donc comme une d\u00e9claration d\u2019intention : ouvrir la Biennale en recherchant d\u2019anciennes formes de transmission \u2014romance, martinete, trilla, ton\u00e1, saeta\u2014 mais r\u00e9organis\u00e9es dans une mise en sc\u00e8ne contemporaine pens\u00e9e pour la ville d\u2019aujourd\u2019hui.<\/p>\n<\/div><\/div><\/div><\/div><\/div><\/div><\/div><\/section><section class=\"l-section wpb_row height_huge\"><div class=\"l-section-h i-cf\"><div class=\"g-cols vc_row via_flex valign_top type_default stacking_default\"><div class=\"vc_col-sm-12 wpb_column vc_column_container\"><div class=\"vc_column-inner\"><div class=\"wpb_wrapper\"><div class=\"wpb_text_column\"><div class=\"wpb_wrapper\"><h2>Le 9 est l\u2019ouverture officielle, mais le grand gala arrive le 10<\/h2>\n<p>Il convient de distinguer plusieurs dates, car l\u2019inauguration de la Biennale 2026 peut pr\u00eater \u00e0 confusion. <strong>Le 9 septembre est le d\u00e9but officiel<\/strong> avec le preg\u00f3n chant\u00e9 de la Plaza de San Francisco. Cependant, le premier grand gala de la programmation g\u00e9n\u00e9rale aura lieu le lendemain.<\/p>\n<p>Le <strong>jeudi 10 septembre \u00e0 21 h 30<\/strong>, les ar\u00e8nes de la Real Maestranza accueilleront <em>El mundo por montera<\/em>, une Noche \u00danica r\u00e9unissant Jos\u00e9 Merc\u00e9, Jos\u00e9 el de la Tomasa, Martirio, Arc\u00e1ngel, La Tremendita, \u00c1ngeles Toledano, El Perrete et Manuel de la Tomasa, ainsi que le Ballet Flamenco de Andaluc\u00eda avec Patricia Guerrero. La direction artistique est assur\u00e9e par Andr\u00e9s Mar\u00edn et Luis Ybarra.<\/p>\n<p>Et le <strong>11 septembre<\/strong> la programmation investira pleinement plusieurs grandes sc\u00e8nes : Antonio Rey se produira \u00e0 Espacio Turina, Sara Baras cr\u00e9era <em>Infinita<\/em> au Teatro de la Maestranza et Rosario La Tremendita pr\u00e9sentera <em>Menos es m\u00e1s<\/em> au Teatro Central.<\/p>\n<p>L\u2019ouverture 2026 peut donc \u00eatre comprise comme une s\u00e9quence sur plusieurs jours : <strong>preg\u00f3n urbain le 9, grand gala le 10 et d\u00e9ploiement des th\u00e9\u00e2tres \u00e0 partir du 11<\/strong>.<\/p>\n<\/div><\/div><\/div><\/div><\/div><\/div><\/div><\/section><section class=\"l-section wpb_row height_huge color_alternate with_shape\"><div class=\"l-section-shape type_zigzag pos_top hor_flip\" style=\"height:3vmin;\"><svg xmlns=\"http:\/\/www.w3.org\/2000\/svg\" viewBox=\"0 0 64 8\" preserveAspectRatio=\"none\" width=\"100%\" height=\"100%\">\r\n\t<path fill=\"currentColor\" d=\"M64 8 L0 8 L0 0 L20 7.9 L40 3 L48 5 L64 0 Z\"\/>\r\n<\/svg><\/div><div class=\"l-section-shape type_zigzag pos_bottom\" style=\"height:3vmin;\"><svg xmlns=\"http:\/\/www.w3.org\/2000\/svg\" viewBox=\"0 0 64 8\" preserveAspectRatio=\"none\" width=\"100%\" height=\"100%\">\r\n\t<path fill=\"currentColor\" d=\"M64 8 L0 8 L0 0 L20 7.9 L40 3 L48 5 L64 0 Z\"\/>\r\n<\/svg><\/div><div class=\"l-section-h i-cf\"><div class=\"g-cols vc_row via_flex valign_top type_default stacking_default\"><div class=\"vc_col-sm-12 wpb_column vc_column_container\"><div class=\"vc_column-inner\"><div class=\"wpb_wrapper\"><div class=\"wpb_text_column\"><div class=\"wpb_wrapper\"><h2>En r\u00e9alit\u00e9, l\u2019activit\u00e9 de la Biennale aura commenc\u00e9 plusieurs jours plus t\u00f4t<\/h2>\n<p>M\u00eame si le 9 septembre est la date d\u2019ouverture officielle, le public pourra entrer dans l\u2019ambiance de la Biennale d\u00e8s le <strong>2 septembre<\/strong>. L\u2019exposition <em>La noche azul<\/em> ouvre ce jour-l\u00e0 \u00e0 la Real F\u00e1brica de Artiller\u00eda et, du 3 au 6, plusieurs activit\u00e9s pr\u00e9alables se succ\u00e8dent dans des quartiers et des lieux patrimoniaux de S\u00e9ville.<\/p>\n<p>Sur Tablaos Flamencos, nous avons pr\u00e9par\u00e9 un guide sp\u00e9cifique de tout ce qui se passe pendant ces journ\u00e9es pour les visiteurs arrivant \u00e0 S\u00e9ville avant l\u2019inauguration.<\/p>\n<p><a href=\"https:\/\/www.tablaosflamencos.com\/bienal-flamenco-2026-antes-9-septiembre.html\"><strong>Voir les \u00e9v\u00e9nements et activit\u00e9s de la Biennale avant le 9 septembre<\/strong><\/a>.<\/p>\n<p>Vous pouvez \u00e9galement consulter notre <a href=\"https:\/\/www.tablaosflamencos.com\/bienal-flamenco-sevilla-2026.html\"><strong>guide complet de la Biennale de Flamenco de S\u00e9ville 2026<\/strong><\/a>, avec les dates, les lieux, la programmation et les contenus associ\u00e9s.<\/p>\n<\/div><\/div><\/div><\/div><\/div><\/div><\/div><\/section><section class=\"l-section wpb_row height_huge\"><div class=\"l-section-h i-cf\"><div class=\"g-cols vc_row via_flex valign_top type_default stacking_default\"><div class=\"vc_col-sm-12 wpb_column vc_column_container\"><div class=\"vc_column-inner\"><div class=\"wpb_wrapper\"><div class=\"wpb_text_column\"><div class=\"wpb_wrapper\"><h2>Conseils pour assister \u00e0 l\u2019inauguration<\/h2>\n<p>L\u2019organisation peut encore publier des indications suppl\u00e9mentaires concernant les acc\u00e8s et la r\u00e9partition du public. Avec les informations disponibles, plusieurs points m\u00e9ritent d\u2019\u00eatre pris en compte.<\/p>\n<p><strong>Arrivez en avance.<\/strong> La Plaza de San Francisco se trouve en plein centre historique et la proposition repose sur une disposition enveloppante du public. Si des contr\u00f4les d\u2019acc\u00e8s ou des limites de capacit\u00e9 sont mis en place, arriver t\u00f4t sera particuli\u00e8rement utile.<\/p>\n<p><strong>Ne cherchez pas forc\u00e9ment un unique \u00ab meilleur emplacement \u00bb.<\/strong> Comme il s\u2019agit d\u2019une proposition \u00e0 360 degr\u00e9s, les voix seront r\u00e9parties sur diff\u00e9rents balcons et la danse occupera le centre. La conception m\u00eame du spectacle \u00e9vite toute frontalit\u00e9 unique.<\/p>\n<p><strong>Consultez la fiche officielle le jour m\u00eame.<\/strong> \u00c0 la date de publication, la page du preg\u00f3n n\u2019affiche ni prix, ni bouton d\u2019achat, ni instructions d\u00e9taill\u00e9es d\u2019acc\u00e8s. Il ne faut pas supposer un syst\u00e8me pr\u00e9cis avant sa confirmation par l\u2019organisation.<\/p>\n<p><strong>Gardez \u00e0 l\u2019esprit qu\u2019il s\u2019agit d\u2019un spectacle en plein air.<\/strong> Les conditions m\u00e9t\u00e9orologiques ou les contraintes techniques peuvent entra\u00eener des consignes sp\u00e9cifiques de derni\u00e8re minute.<\/p>\n<\/div><\/div><\/div><\/div><\/div><\/div><\/div><\/section><section class=\"l-section wpb_row height_huge color_alternate with_shape\"><div class=\"l-section-shape type_zigzag pos_top hor_flip\" style=\"height:3vmin;\"><svg xmlns=\"http:\/\/www.w3.org\/2000\/svg\" viewBox=\"0 0 64 8\" preserveAspectRatio=\"none\" width=\"100%\" height=\"100%\">\r\n\t<path fill=\"currentColor\" d=\"M64 8 L0 8 L0 0 L20 7.9 L40 3 L48 5 L64 0 Z\"\/>\r\n<\/svg><\/div><div class=\"l-section-shape type_zigzag pos_bottom\" style=\"height:3vmin;\"><svg xmlns=\"http:\/\/www.w3.org\/2000\/svg\" viewBox=\"0 0 64 8\" preserveAspectRatio=\"none\" width=\"100%\" height=\"100%\">\r\n\t<path fill=\"currentColor\" d=\"M64 8 L0 8 L0 0 L20 7.9 L40 3 L48 5 L64 0 Z\"\/>\r\n<\/svg><\/div><div class=\"l-section-h i-cf\"><div class=\"g-cols vc_row via_flex valign_top type_default stacking_default\"><div class=\"vc_col-sm-1\/5 wpb_column vc_column_container\"><div class=\"vc_column-inner\"><div class=\"wpb_wrapper\"><\/div><\/div><\/div><div class=\"vc_col-sm-3\/5 wpb_column vc_column_container\"><div class=\"vc_column-inner\"><div class=\"wpb_wrapper\"><div class=\"wpb_text_column\"><div class=\"wpb_wrapper\"><h2>Questions fr\u00e9quentes sur l\u2019inauguration de la Biennale 2026<\/h2>\n<\/div><\/div><div class=\"w-separator size_medium\"><\/div><div class=\"w-tabs accordion toggle_style_1 has_scrolling\" style=\"--sections-title-size:inherit;--sections-gap:0.5rem;\"><div class=\"w-tabs-sections titles-align_none icon_plus cpos_left\"><div class=\"w-tabs-section\" id=\"mb69\" itemscope itemprop=\"mainEntity\" itemtype=\"https:\/\/schema.org\/Question\"><button type=\"button\" class=\"w-tabs-section-header\" aria-controls=\"content-mb69\" aria-expanded=\"false\"><h3 class=\"w-tabs-section-title\" itemprop=\"name\">Quand la Biennale de Flamenco de S\u00e9ville 2026 sera-t-elle officiellement inaugur\u00e9e ?<\/h3><div class=\"w-tabs-section-control\"><\/div><\/button><div  class=\"w-tabs-section-content\" id=\"content-mb69\" itemscope itemprop=\"acceptedAnswer\" itemtype=\"https:\/\/schema.org\/Answer\"><div class=\"w-tabs-section-content-h i-cf\" itemprop=\"text\"><div class=\"wpb_text_column\"><div class=\"wpb_wrapper\"><p>L\u2019inauguration officielle aura lieu le mercredi 9 septembre 2026 \u00e0 20 h 30 sur la Plaza de San Francisco de S\u00e9ville.<\/p>\n<\/div><\/div><\/div><\/div><\/div><div class=\"w-tabs-section\" id=\"ic60\" itemscope itemprop=\"mainEntity\" itemtype=\"https:\/\/schema.org\/Question\"><button type=\"button\" class=\"w-tabs-section-header\" aria-controls=\"content-ic60\" aria-expanded=\"false\"><h3 class=\"w-tabs-section-title\" itemprop=\"name\">Comment s\u2019appelle le spectacle inaugural ?<\/h3><div class=\"w-tabs-section-control\"><\/div><\/button><div  class=\"w-tabs-section-content\" id=\"content-ic60\" itemscope itemprop=\"acceptedAnswer\" itemtype=\"https:\/\/schema.org\/Answer\"><div class=\"w-tabs-section-content-h i-cf\" itemprop=\"text\"><div class=\"wpb_text_column\"><div class=\"wpb_wrapper\"><p>L\u2019ouverture s\u2019intitule <em>Ecos primitivos. Cante en altura, danza en tierra<\/em>. Elle est pr\u00e9sent\u00e9e comme un preg\u00f3n chant\u00e9 et une exp\u00e9rience sc\u00e9nique immersive con\u00e7ue sp\u00e9cialement pour la Plaza de San Francisco.<\/p>\n<\/div><\/div><\/div><\/div><\/div><div class=\"w-tabs-section\" id=\"od4f\" itemscope itemprop=\"mainEntity\" itemtype=\"https:\/\/schema.org\/Question\"><button type=\"button\" class=\"w-tabs-section-header\" aria-controls=\"content-od4f\" aria-expanded=\"false\"><h3 class=\"w-tabs-section-title\" itemprop=\"name\">Qui dirige l\u2019inauguration de la Biennale 2026 ?<\/h3><div class=\"w-tabs-section-control\"><\/div><\/button><div  class=\"w-tabs-section-content\" id=\"content-od4f\" itemscope itemprop=\"acceptedAnswer\" itemtype=\"https:\/\/schema.org\/Answer\"><div class=\"w-tabs-section-content-h i-cf\" itemprop=\"text\"><div class=\"wpb_text_column\"><div class=\"wpb_wrapper\"><p>La direction artistique et l\u2019interpr\u00e9tation vocale principale sont assur\u00e9es par le cantaor Segundo Falc\u00f3n.<\/p>\n<\/div><\/div><\/div><\/div><\/div><div class=\"w-tabs-section\" id=\"ee1f\" itemscope itemprop=\"mainEntity\" itemtype=\"https:\/\/schema.org\/Question\"><button type=\"button\" class=\"w-tabs-section-header\" aria-controls=\"content-ee1f\" aria-expanded=\"false\"><h3 class=\"w-tabs-section-title\" itemprop=\"name\">Quels artistes participeront \u00e0 Ecos primitivos ?<\/h3><div class=\"w-tabs-section-control\"><\/div><\/button><div  class=\"w-tabs-section-content\" id=\"content-ee1f\" itemscope itemprop=\"acceptedAnswer\" itemtype=\"https:\/\/schema.org\/Answer\"><div class=\"w-tabs-section-content-h i-cf\" itemprop=\"text\"><div class=\"wpb_text_column\"><div class=\"wpb_wrapper\"><p>Au cante participeront Segundo Falc\u00f3n, Esperanza Fern\u00e1ndez, Pedro El Grana\u00edno, Rafael de Utrera et Mar\u00eda Terremoto. Ana Morales sera la protagoniste de la danse.<\/p>\n<\/div><\/div><\/div><\/div><\/div><div class=\"w-tabs-section\" id=\"yee3\" itemscope itemprop=\"mainEntity\" itemtype=\"https:\/\/schema.org\/Question\"><button type=\"button\" class=\"w-tabs-section-header\" aria-controls=\"content-yee3\" aria-expanded=\"false\"><h3 class=\"w-tabs-section-title\" itemprop=\"name\">Que chantera chaque artiste pendant l\u2019inauguration ?<\/h3><div class=\"w-tabs-section-control\"><\/div><\/button><div  class=\"w-tabs-section-content\" id=\"content-yee3\" itemscope itemprop=\"acceptedAnswer\" itemtype=\"https:\/\/schema.org\/Answer\"><div class=\"w-tabs-section-content-h i-cf\" itemprop=\"text\"><div class=\"wpb_text_column\"><div class=\"wpb_wrapper\"><p>Segundo Falc\u00f3n interpr\u00e9tera trilla et ton\u00e1 liviana ; Rafael de Utrera, romance ; Mar\u00eda Terremoto, martinete ; Esperanza Fern\u00e1ndez, romance ou corrido gitano ; et Pedro El Grana\u00edno, saeta.<\/p>\n<\/div><\/div><\/div><\/div><\/div><div class=\"w-tabs-section\" id=\"hfa4\" itemscope itemprop=\"mainEntity\" itemtype=\"https:\/\/schema.org\/Question\"><button type=\"button\" class=\"w-tabs-section-header\" aria-controls=\"content-hfa4\" aria-expanded=\"false\"><h3 class=\"w-tabs-section-title\" itemprop=\"name\">L\u2019inauguration de la Biennale 2026 est-elle gratuite ?<\/h3><div class=\"w-tabs-section-control\"><\/div><\/button><div  class=\"w-tabs-section-content\" id=\"content-hfa4\" itemscope itemprop=\"acceptedAnswer\" itemtype=\"https:\/\/schema.org\/Answer\"><div class=\"w-tabs-section-content-h i-cf\" itemprop=\"text\"><div class=\"wpb_text_column\"><div class=\"wpb_wrapper\"><p>\u00c0 la date de publication, la fiche officielle du preg\u00f3n n\u2019indique ni prix, ni bouton d\u2019achat de billets, ni consignes sp\u00e9cifiques d\u2019acc\u00e8s. Nous recommandons de v\u00e9rifier les informations officielles avant de se rendre sur place et de ne pas supposer le syst\u00e8me d\u2019entr\u00e9e avant confirmation par l\u2019organisation.<\/p>\n<\/div><\/div><\/div><\/div><\/div><div class=\"w-tabs-section\" id=\"i06d\" itemscope itemprop=\"mainEntity\" itemtype=\"https:\/\/schema.org\/Question\"><button type=\"button\" class=\"w-tabs-section-header\" aria-controls=\"content-i06d\" aria-expanded=\"false\"><h3 class=\"w-tabs-section-title\" itemprop=\"name\">Le gala de la Maestranza est-il l\u2019inauguration de la Biennale ?<\/h3><div class=\"w-tabs-section-control\"><\/div><\/button><div  class=\"w-tabs-section-content\" id=\"content-i06d\" itemscope itemprop=\"acceptedAnswer\" itemtype=\"https:\/\/schema.org\/Answer\"><div class=\"w-tabs-section-content-h i-cf\" itemprop=\"text\"><div class=\"wpb_text_column\"><div class=\"wpb_wrapper\"><p>L\u2019ouverture officielle a lieu le 9 septembre avec <em>Ecos primitivos<\/em>. Le grand gala <em>El mundo por montera<\/em> se tient le lendemain, 10 septembre, \u00e0 21 h 30 dans les ar\u00e8nes de la Real Maestranza.<\/p>\n<\/div><\/div><\/div><\/div><\/div><div class=\"w-tabs-section\" id=\"j14a\" itemscope itemprop=\"mainEntity\" itemtype=\"https:\/\/schema.org\/Question\"><button type=\"button\" class=\"w-tabs-section-header\" aria-controls=\"content-j14a\" aria-expanded=\"false\"><h3 class=\"w-tabs-section-title\" itemprop=\"name\">O\u00f9 puis-je consulter les mises \u00e0 jour concernant l\u2019inauguration ?<\/h3><div class=\"w-tabs-section-control\"><\/div><\/button><div  class=\"w-tabs-section-content\" id=\"content-j14a\" itemscope itemprop=\"acceptedAnswer\" itemtype=\"https:\/\/schema.org\/Answer\"><div class=\"w-tabs-section-content-h i-cf\" itemprop=\"text\"><div class=\"wpb_text_column\"><div class=\"wpb_wrapper\"><p>La r\u00e9f\u00e9rence principale est le site officiel de la Biennale de Flamenco de S\u00e9ville. Tablaos Flamencos mettra \u00e9galement ce guide \u00e0 jour si de nouvelles conditions d\u2019acc\u00e8s, des changements d\u2019horaire ou des informations pratiques importantes sont publi\u00e9s.<\/p>\n<\/div><\/div><\/div><\/div><\/div><\/div><\/div><\/div><\/div><\/div><div class=\"vc_col-sm-1\/5 wpb_column vc_column_container\"><div class=\"vc_column-inner\"><div class=\"wpb_wrapper\"><\/div><\/div><\/div><\/div><\/div><\/section><section class=\"l-section wpb_row height_huge\"><div class=\"l-section-h i-cf\"><div class=\"g-cols vc_row via_flex valign_top type_default stacking_default\"><div class=\"vc_col-sm-12 wpb_column vc_column_container\"><div class=\"vc_column-inner\"><div class=\"wpb_wrapper\"><div class=\"wpb_text_column\"><div class=\"wpb_wrapper\"><h2>Une ouverture qui transforme le centre de S\u00e9ville en sc\u00e8ne<\/h2>\n<p>L\u2019inauguration de la XXIVe Biennale ne sera pas con\u00e7ue comme un prologue institutionnel s\u00e9par\u00e9 de la programmation artistique. Ce sera d\u00e9j\u00e0 une cr\u00e9ation flamenca \u00e0 part enti\u00e8re. Cinq voix depuis les balcons, une danseuse au centre, le public autour et l\u2019architecture de la Plaza de San Francisco int\u00e9gr\u00e9e \u00e0 l\u2019\u0153uvre.<\/p>\n<p>Cette approche r\u00e9sume bien l\u2019ambition de <em>Ecos primitivos<\/em>: retrouver des \u00e9l\u00e9ments li\u00e9s aux formes les plus anciennes de transmission du cante et les confronter \u00e0 une dramaturgie contemporaine. <strong>Le 9 septembre \u00e0 20 h 30, la Biennale commencera en faisant de S\u00e9ville sa premi\u00e8re grande sc\u00e8ne.<\/strong><\/p>\n<\/div><\/div><\/div><\/div><\/div><\/div><\/div><\/section><section class=\"l-section wpb_row height_huge color_alternate with_shape\"><div class=\"l-section-shape type_zigzag pos_top hor_flip\" style=\"height:3vmin;\"><svg xmlns=\"http:\/\/www.w3.org\/2000\/svg\" viewBox=\"0 0 64 8\" preserveAspectRatio=\"none\" width=\"100%\" height=\"100%\">\r\n\t<path fill=\"currentColor\" d=\"M64 8 L0 8 L0 0 L20 7.9 L40 3 L48 5 L64 0 Z\"\/>\r\n<\/svg><\/div><div class=\"l-section-shape type_zigzag pos_bottom\" style=\"height:3vmin;\"><svg xmlns=\"http:\/\/www.w3.org\/2000\/svg\" viewBox=\"0 0 64 8\" preserveAspectRatio=\"none\" width=\"100%\" height=\"100%\">\r\n\t<path fill=\"currentColor\" d=\"M64 8 L0 8 L0 0 L20 7.9 L40 3 L48 5 L64 0 Z\"\/>\r\n<\/svg><\/div><div class=\"l-section-h i-cf\"><div class=\"g-cols vc_row via_flex valign_top type_default stacking_default\"><div class=\"vc_col-sm-12 wpb_column vc_column_container\"><div class=\"vc_column-inner\"><div class=\"wpb_wrapper\"><div class=\"wpb_text_column\"><div class=\"wpb_wrapper\"><h2>Sources officielles<\/h2>\n<ul>\n<li><a href=\"https:\/\/www.labienal.com\/otras-perlas-actividades-paralelas\/pregon-inaugural\" target=\"_blank\" rel=\"noopener\">Biennale de Flamenco de S\u00e9ville \u2014 Preg\u00f3n chant\u00e9 : Ecos primitivos<\/a>.<\/li>\n<li><a href=\"https:\/\/www.labienal.com\/noticias\/las-otras-perlas-de-la-bienal\" target=\"_blank\" rel=\"noopener\">Biennale de Flamenco de S\u00e9ville \u2014 Les autres perles de la Biennale<\/a>.<\/li>\n<li><a href=\"https:\/\/www.labienal.com\/programa-general\/plaza-de-la-real-maestranza\/gala-inaugural\" target=\"_blank\" rel=\"noopener\">Biennale de Flamenco de S\u00e9ville \u2014 El mundo por montera<\/a>.<\/li>\n<li><a href=\"https:\/\/www.labienal.com\/programa-general\" target=\"_blank\" rel=\"noopener\">Programmation g\u00e9n\u00e9rale de la XXIVe Biennale de Flamenco<\/a>.<\/li>\n<\/ul>\n<p><small>Informations v\u00e9rifi\u00e9es le 31 ao\u00fbt 2026. Les horaires, les acc\u00e8s et les conditions de participation peuvent \u00eatre actualis\u00e9s par l\u2019organisation.<\/small><\/p>\n<\/div><\/div><\/div><\/div><\/div><\/div><\/div><\/section>\n","protected":false},"excerpt":{"rendered":"<p>La Biennale de Flamenco de S\u00e9ville 2026 s\u2019ouvrira le 9 septembre avec Ecos primitivos, un preg\u00f3n chant\u00e9 immersif sur la Plaza de San Francisco, avec cinq voix aux balcons et Ana Morales dansant au centre.<\/p>\n","protected":false},"author":1,"featured_media":13829,"comment_status":"closed","ping_status":"closed","sticky":false,"template":"","format":"standard","meta":{"_acf_changed":false,"wpai_generated_summary":"","_ayudawp_aiss_exclude":false,"_ayudawp_aiss_exclude_summary":false,"_ayudawp_aiss_summary":"","_ayudawp_aiss_summary_provider":"","_ayudawp_aiss_summary_hash":"","footnotes":""},"categories":[372,1428],"tags":[1799,1797,1796,1800,1795,1794,1798],"class_list":["post-13834","post","type-post","status-publish","format-standard","has-post-thumbnail","hentry","category-actualites-flamenco","category-biennale-de-flamenco","tag-ana-morales-fr","tag-biennale-2026-fr","tag-biennale-flamenco-tag","tag-ecos-primitivos-fr","tag-flamenco-a-seville","tag-seville-fr","tag-segundo-falcon-fr"],"acf":[],"yoast_head":"<!-- This site is optimized with the Yoast SEO Premium plugin v28.3 (Yoast SEO v28.3) - https:\/\/yoast.com\/product\/yoast-seo-premium-wordpress\/ -->\n<title>Inauguration Biennale de Flamenco S\u00e9ville 2026 | Guide<\/title>\n<meta name=\"description\" content=\"D\u00e9couvrez comment se d\u00e9roulera l\u2019inauguration de la Biennale de Flamenco de S\u00e9ville 2026 : Ecos primitivos, artistes, cantes, horaire, Plaza de San Francisco et mise en sc\u00e8ne immersive.\" \/>\n<meta name=\"robots\" content=\"index, follow, max-snippet:-1, max-image-preview:large, max-video-preview:-1\" \/>\n<link rel=\"canonical\" href=\"https:\/\/www.tablaosflamencos.com\/fr\/inauguration-biennale-flamenco-seville-2026.html\" \/>\n<meta property=\"og:locale\" content=\"fr_FR\" \/>\n<meta property=\"og:type\" content=\"article\" \/>\n<meta property=\"og:title\" content=\"Comment se d\u00e9roulera l\u2019inauguration de la Biennale de Flamenco de S\u00e9ville 2026\" \/>\n<meta property=\"og:description\" content=\"D\u00e9couvrez comment se d\u00e9roulera l\u2019inauguration de la Biennale de Flamenco de S\u00e9ville 2026 : Ecos primitivos, artistes, cantes, horaire, Plaza de San Francisco et mise en sc\u00e8ne immersive.\" \/>\n<meta property=\"og:url\" content=\"https:\/\/www.tablaosflamencos.com\/fr\/inauguration-biennale-flamenco-seville-2026.html\" \/>\n<meta property=\"og:site_name\" content=\"Tablaos Flamencos\" \/>\n<meta property=\"article:publisher\" content=\"https:\/\/www.facebook.com\/tablaosflamencos\" \/>\n<meta property=\"article:published_time\" content=\"2026-09-01T09:41:25+00:00\" \/>\n<meta property=\"article:modified_time\" content=\"2026-09-01T09:53:14+00:00\" \/>\n<meta property=\"og:image\" content=\"https:\/\/www.tablaosflamencos.com\/wp-content\/uploads\/como-sera-la-inauguracion-de-la-bienal-de-flamenco-de-sevilla-2026-01.webp\" \/>\n\t<meta property=\"og:image:width\" content=\"1920\" \/>\n\t<meta property=\"og:image:height\" content=\"1072\" \/>\n\t<meta property=\"og:image:type\" content=\"image\/webp\" \/>\n<meta name=\"author\" content=\"Miguel Ortiz\" \/>\n<meta name=\"twitter:card\" content=\"summary_large_image\" \/>\n<meta name=\"twitter:creator\" content=\"@tablaosflamenco\" \/>\n<meta name=\"twitter:site\" content=\"@tablaosflamenco\" \/>\n<meta name=\"twitter:label1\" content=\"\u00c9crit par\" \/>\n\t<meta name=\"twitter:data1\" content=\"Miguel Ortiz\" \/>\n\t<meta name=\"twitter:label2\" content=\"Dur\u00e9e de lecture estim\u00e9e\" \/>\n\t<meta name=\"twitter:data2\" content=\"14 minutes\" \/>\n<script type=\"application\/ld+json\" class=\"yoast-schema-graph\">{\"@context\":\"https:\\\/\\\/schema.org\",\"@graph\":[{\"@type\":\"Article\",\"@id\":\"https:\\\/\\\/www.tablaosflamencos.com\\\/fr\\\/inauguration-biennale-flamenco-seville-2026.html#article\",\"isPartOf\":{\"@id\":\"https:\\\/\\\/www.tablaosflamencos.com\\\/fr\\\/inauguration-biennale-flamenco-seville-2026.html\"},\"author\":{\"name\":\"Miguel Ortiz\",\"@id\":\"https:\\\/\\\/www.tablaosflamencos.com\\\/fr#\\\/schema\\\/person\\\/e7a9ebe14eb75a52ceabfbffb3c54f5d\"},\"headline\":\"Comment se d\u00e9roulera l\u2019inauguration de la Biennale de Flamenco de S\u00e9ville 2026\",\"datePublished\":\"2026-09-01T09:41:25+00:00\",\"dateModified\":\"2026-09-01T09:53:14+00:00\",\"mainEntityOfPage\":{\"@id\":\"https:\\\/\\\/www.tablaosflamencos.com\\\/fr\\\/inauguration-biennale-flamenco-seville-2026.html\"},\"wordCount\":2876,\"publisher\":{\"@id\":\"https:\\\/\\\/www.tablaosflamencos.com\\\/fr#organization\"},\"image\":{\"@id\":\"https:\\\/\\\/www.tablaosflamencos.com\\\/fr\\\/inauguration-biennale-flamenco-seville-2026.html#primaryimage\"},\"thumbnailUrl\":\"https:\\\/\\\/www.tablaosflamencos.com\\\/wp-content\\\/uploads\\\/como-sera-la-inauguracion-de-la-bienal-de-flamenco-de-sevilla-2026-01.webp\",\"keywords\":[\"Ana Morales\",\"Biennale 2026\",\"Biennale de Flamenco\",\"Ecos primitivos\",\"flamenco \u00e0 S\u00e9ville\",\"S\u00e9ville\",\"Segundo Falc\u00f3n\"],\"articleSection\":[\"Actualit\u00e9s\",\"Biennale de Flamenco\"],\"inLanguage\":\"fr-FR\"},{\"@type\":\"WebPage\",\"@id\":\"https:\\\/\\\/www.tablaosflamencos.com\\\/fr\\\/inauguration-biennale-flamenco-seville-2026.html\",\"url\":\"https:\\\/\\\/www.tablaosflamencos.com\\\/fr\\\/inauguration-biennale-flamenco-seville-2026.html\",\"name\":\"Inauguration Biennale de Flamenco S\u00e9ville 2026 | Guide\",\"isPartOf\":{\"@id\":\"https:\\\/\\\/www.tablaosflamencos.com\\\/fr#website\"},\"primaryImageOfPage\":{\"@id\":\"https:\\\/\\\/www.tablaosflamencos.com\\\/fr\\\/inauguration-biennale-flamenco-seville-2026.html#primaryimage\"},\"image\":{\"@id\":\"https:\\\/\\\/www.tablaosflamencos.com\\\/fr\\\/inauguration-biennale-flamenco-seville-2026.html#primaryimage\"},\"thumbnailUrl\":\"https:\\\/\\\/www.tablaosflamencos.com\\\/wp-content\\\/uploads\\\/como-sera-la-inauguracion-de-la-bienal-de-flamenco-de-sevilla-2026-01.webp\",\"datePublished\":\"2026-09-01T09:41:25+00:00\",\"dateModified\":\"2026-09-01T09:53:14+00:00\",\"description\":\"D\u00e9couvrez comment se d\u00e9roulera l\u2019inauguration de la Biennale de Flamenco de S\u00e9ville 2026 : Ecos primitivos, artistes, cantes, horaire, Plaza de San Francisco et mise en sc\u00e8ne immersive.\",\"breadcrumb\":{\"@id\":\"https:\\\/\\\/www.tablaosflamencos.com\\\/fr\\\/inauguration-biennale-flamenco-seville-2026.html#breadcrumb\"},\"inLanguage\":\"fr-FR\",\"potentialAction\":[{\"@type\":\"ReadAction\",\"target\":[\"https:\\\/\\\/www.tablaosflamencos.com\\\/fr\\\/inauguration-biennale-flamenco-seville-2026.html\"]}]},{\"@type\":\"ImageObject\",\"inLanguage\":\"fr-FR\",\"@id\":\"https:\\\/\\\/www.tablaosflamencos.com\\\/fr\\\/inauguration-biennale-flamenco-seville-2026.html#primaryimage\",\"url\":\"https:\\\/\\\/www.tablaosflamencos.com\\\/wp-content\\\/uploads\\\/como-sera-la-inauguracion-de-la-bienal-de-flamenco-de-sevilla-2026-01.webp\",\"contentUrl\":\"https:\\\/\\\/www.tablaosflamencos.com\\\/wp-content\\\/uploads\\\/como-sera-la-inauguracion-de-la-bienal-de-flamenco-de-sevilla-2026-01.webp\",\"width\":1920,\"height\":1072,\"caption\":\"C\u00f3mo ser\u00e1 la inauguraci\u00f3n de la Bienal de Flamenco de Sevilla 2026\"},{\"@type\":\"BreadcrumbList\",\"@id\":\"https:\\\/\\\/www.tablaosflamencos.com\\\/fr\\\/inauguration-biennale-flamenco-seville-2026.html#breadcrumb\",\"itemListElement\":[{\"@type\":\"ListItem\",\"position\":1,\"name\":\"Home\",\"item\":\"https:\\\/\\\/www.tablaosflamencos.com\\\/fr\"},{\"@type\":\"ListItem\",\"position\":2,\"name\":\"Comment se d\u00e9roulera l\u2019inauguration de la Biennale de Flamenco de S\u00e9ville 2026\"}]},{\"@type\":\"WebSite\",\"@id\":\"https:\\\/\\\/www.tablaosflamencos.com\\\/fr#website\",\"url\":\"https:\\\/\\\/www.tablaosflamencos.com\\\/fr\",\"name\":\"Tablaos Flamencos\",\"description\":\"Entradas para tablaos flamencos de Espa\u00f1a\",\"publisher\":{\"@id\":\"https:\\\/\\\/www.tablaosflamencos.com\\\/fr#organization\"},\"alternateName\":\"Tablaos Flamencos\",\"potentialAction\":[{\"@type\":\"SearchAction\",\"target\":{\"@type\":\"EntryPoint\",\"urlTemplate\":\"https:\\\/\\\/www.tablaosflamencos.com\\\/fr?s={search_term_string}\"},\"query-input\":{\"@type\":\"PropertyValueSpecification\",\"valueRequired\":true,\"valueName\":\"search_term_string\"}}],\"inLanguage\":\"fr-FR\"},{\"@type\":[\"Organization\",\"Place\",\"EntertainmentBusiness\"],\"@id\":\"https:\\\/\\\/www.tablaosflamencos.com\\\/fr#organization\",\"name\":\"Tablaos Flamencos\",\"alternateName\":\"Tablaos Flamencos\",\"url\":\"https:\\\/\\\/www.tablaosflamencos.com\\\/fr\",\"logo\":{\"@id\":\"https:\\\/\\\/www.tablaosflamencos.com\\\/fr\\\/inauguration-biennale-flamenco-seville-2026.html#local-main-organization-logo\"},\"image\":{\"@id\":\"https:\\\/\\\/www.tablaosflamencos.com\\\/fr\\\/inauguration-biennale-flamenco-seville-2026.html#local-main-organization-logo\"},\"sameAs\":[\"https:\\\/\\\/www.facebook.com\\\/tablaosflamencos\",\"https:\\\/\\\/x.com\\\/tablaosflamenco\",\"https:\\\/\\\/mastodon.social\\\/@tablaosflamencos\",\"https:\\\/\\\/www.instagram.com\\\/tablaosflamencos\",\"https:\\\/\\\/tiktok.com\\\/@tablaosflamencos\",\"https:\\\/\\\/www.linkedin.com\\\/company\\\/109408238\\\/\"],\"description\":\"Venta de entradas para espect\u00e1culos flamencos\",\"legalName\":\"Tablaos Flamencos\",\"foundingDate\":\"2015-01-01\",\"numberOfEmployees\":{\"@type\":\"QuantitativeValue\",\"minValue\":\"1\",\"maxValue\":\"10\"},\"address\":{\"@id\":\"https:\\\/\\\/www.tablaosflamencos.com\\\/fr\\\/inauguration-biennale-flamenco-seville-2026.html#local-main-place-address\"},\"geo\":{\"@type\":\"GeoCoordinates\",\"latitude\":\"37.3868072\",\"longitude\":\"-5.993280299999999\"},\"telephone\":[\"+34623787787\"],\"contactPoint\":{\"@type\":\"ContactPoint\",\"telephone\":\"+34623787787\",\"email\":\"info@tablaosflamencos.com\"},\"openingHoursSpecification\":{\"@type\":\"OpeningHoursSpecification\",\"dayOfWeek\":[\"Monday\",\"Tuesday\",\"Wednesday\",\"Thursday\",\"Friday\",\"Saturday\",\"Sunday\"],\"opens\":\"00:00\",\"closes\":\"23:59\"},\"email\":\"info@tablaosflamencos.com\",\"priceRange\":\"$$$\",\"currenciesAccepted\":\"\u20ac\"},{\"@type\":\"Person\",\"@id\":\"https:\\\/\\\/www.tablaosflamencos.com\\\/fr#\\\/schema\\\/person\\\/e7a9ebe14eb75a52ceabfbffb3c54f5d\",\"name\":\"Miguel Ortiz\",\"description\":\"Miguel Ortiz es un empresario flamenco, con una s\u00f3lida trayectoria dentro del sector. Ha presidido entidades culturales vinculadas al flamenco y, cuenta con un amplio recorrido profesional en la gesti\u00f3n y promoci\u00f3n de espect\u00e1culos y tablaos flamencos. Su pasi\u00f3n por la historia y el arte flamenco se refleja en cada art\u00edculo, donde combina experiencia, criterio y un profundo respeto por la tradici\u00f3n.\",\"sameAs\":[\"https:\\\/\\\/www.tablaosflamencos.com\",\"https:\\\/\\\/www.instagra.com\\\/miguelortizfe\",\"https:\\\/\\\/www.linkedin.com\\\/in\\\/miguelortizf\\\/\"],\"birthDate\":\"1984-11-22\",\"gender\":\"hombre\",\"knowsLanguage\":[\"espa\u00f1ol\",\"ingl\u00e9s\"],\"jobTitle\":\"Empresario flamenco\"},{\"@type\":\"PostalAddress\",\"@id\":\"https:\\\/\\\/www.tablaosflamencos.com\\\/fr\\\/inauguration-biennale-flamenco-seville-2026.html#local-main-place-address\",\"streetAddress\":\"C\\\/ Alemanes, 19\",\"addressLocality\":\"Sevilla\",\"postalCode\":\"41004\",\"addressRegion\":\"Sevilla\",\"addressCountry\":\"ES\"},{\"@type\":\"ImageObject\",\"inLanguage\":\"fr-FR\",\"@id\":\"https:\\\/\\\/www.tablaosflamencos.com\\\/fr\\\/inauguration-biennale-flamenco-seville-2026.html#local-main-organization-logo\",\"url\":\"https:\\\/\\\/www.tablaosflamencos.com\\\/wp-content\\\/uploads\\\/tablaos-flamencos-06-3.webp\",\"contentUrl\":\"https:\\\/\\\/www.tablaosflamencos.com\\\/wp-content\\\/uploads\\\/tablaos-flamencos-06-3.webp\",\"width\":600,\"height\":620,\"caption\":\"Tablaos Flamencos\"}]}<\/script>\n<meta name=\"geo.placename\" content=\"Sevilla\" \/>\n<meta name=\"geo.position\" content=\"37.3868072;-5.993280299999999\" \/>\n<meta name=\"geo.region\" content=\"Espagne\" \/>\n<!-- \/ Yoast SEO Premium plugin. -->","yoast_head_json":{"title":"Inauguration Biennale de Flamenco S\u00e9ville 2026 | Guide","description":"D\u00e9couvrez comment se d\u00e9roulera l\u2019inauguration de la Biennale de Flamenco de S\u00e9ville 2026 : Ecos primitivos, artistes, cantes, horaire, Plaza de San Francisco et mise en sc\u00e8ne immersive.","robots":{"index":"index","follow":"follow","max-snippet":"max-snippet:-1","max-image-preview":"max-image-preview:large","max-video-preview":"max-video-preview:-1"},"canonical":"https:\/\/www.tablaosflamencos.com\/fr\/inauguration-biennale-flamenco-seville-2026.html","og_locale":"fr_FR","og_type":"article","og_title":"Comment se d\u00e9roulera l\u2019inauguration de la Biennale de Flamenco de S\u00e9ville 2026","og_description":"D\u00e9couvrez comment se d\u00e9roulera l\u2019inauguration de la Biennale de Flamenco de S\u00e9ville 2026 : Ecos primitivos, artistes, cantes, horaire, Plaza de San Francisco et mise en sc\u00e8ne immersive.","og_url":"https:\/\/www.tablaosflamencos.com\/fr\/inauguration-biennale-flamenco-seville-2026.html","og_site_name":"Tablaos Flamencos","article_publisher":"https:\/\/www.facebook.com\/tablaosflamencos","article_published_time":"2026-09-01T09:41:25+00:00","article_modified_time":"2026-09-01T09:53:14+00:00","og_image":[{"width":1920,"height":1072,"url":"https:\/\/www.tablaosflamencos.com\/wp-content\/uploads\/como-sera-la-inauguracion-de-la-bienal-de-flamenco-de-sevilla-2026-01.webp","type":"image\/webp"}],"author":"Miguel Ortiz","twitter_card":"summary_large_image","twitter_creator":"@tablaosflamenco","twitter_site":"@tablaosflamenco","twitter_misc":{"\u00c9crit par":"Miguel Ortiz","Dur\u00e9e de lecture estim\u00e9e":"14 minutes"},"schema":{"@context":"https:\/\/schema.org","@graph":[{"@type":"Article","@id":"https:\/\/www.tablaosflamencos.com\/fr\/inauguration-biennale-flamenco-seville-2026.html#article","isPartOf":{"@id":"https:\/\/www.tablaosflamencos.com\/fr\/inauguration-biennale-flamenco-seville-2026.html"},"author":{"name":"Miguel Ortiz","@id":"https:\/\/www.tablaosflamencos.com\/fr#\/schema\/person\/e7a9ebe14eb75a52ceabfbffb3c54f5d"},"headline":"Comment se d\u00e9roulera l\u2019inauguration de la Biennale de Flamenco de S\u00e9ville 2026","datePublished":"2026-09-01T09:41:25+00:00","dateModified":"2026-09-01T09:53:14+00:00","mainEntityOfPage":{"@id":"https:\/\/www.tablaosflamencos.com\/fr\/inauguration-biennale-flamenco-seville-2026.html"},"wordCount":2876,"publisher":{"@id":"https:\/\/www.tablaosflamencos.com\/fr#organization"},"image":{"@id":"https:\/\/www.tablaosflamencos.com\/fr\/inauguration-biennale-flamenco-seville-2026.html#primaryimage"},"thumbnailUrl":"https:\/\/www.tablaosflamencos.com\/wp-content\/uploads\/como-sera-la-inauguracion-de-la-bienal-de-flamenco-de-sevilla-2026-01.webp","keywords":["Ana Morales","Biennale 2026","Biennale de Flamenco","Ecos primitivos","flamenco \u00e0 S\u00e9ville","S\u00e9ville","Segundo Falc\u00f3n"],"articleSection":["Actualit\u00e9s","Biennale de Flamenco"],"inLanguage":"fr-FR"},{"@type":"WebPage","@id":"https:\/\/www.tablaosflamencos.com\/fr\/inauguration-biennale-flamenco-seville-2026.html","url":"https:\/\/www.tablaosflamencos.com\/fr\/inauguration-biennale-flamenco-seville-2026.html","name":"Inauguration Biennale de Flamenco S\u00e9ville 2026 | Guide","isPartOf":{"@id":"https:\/\/www.tablaosflamencos.com\/fr#website"},"primaryImageOfPage":{"@id":"https:\/\/www.tablaosflamencos.com\/fr\/inauguration-biennale-flamenco-seville-2026.html#primaryimage"},"image":{"@id":"https:\/\/www.tablaosflamencos.com\/fr\/inauguration-biennale-flamenco-seville-2026.html#primaryimage"},"thumbnailUrl":"https:\/\/www.tablaosflamencos.com\/wp-content\/uploads\/como-sera-la-inauguracion-de-la-bienal-de-flamenco-de-sevilla-2026-01.webp","datePublished":"2026-09-01T09:41:25+00:00","dateModified":"2026-09-01T09:53:14+00:00","description":"D\u00e9couvrez comment se d\u00e9roulera l\u2019inauguration de la Biennale de Flamenco de S\u00e9ville 2026 : Ecos primitivos, artistes, cantes, horaire, Plaza de San Francisco et mise en sc\u00e8ne immersive.","breadcrumb":{"@id":"https:\/\/www.tablaosflamencos.com\/fr\/inauguration-biennale-flamenco-seville-2026.html#breadcrumb"},"inLanguage":"fr-FR","potentialAction":[{"@type":"ReadAction","target":["https:\/\/www.tablaosflamencos.com\/fr\/inauguration-biennale-flamenco-seville-2026.html"]}]},{"@type":"ImageObject","inLanguage":"fr-FR","@id":"https:\/\/www.tablaosflamencos.com\/fr\/inauguration-biennale-flamenco-seville-2026.html#primaryimage","url":"https:\/\/www.tablaosflamencos.com\/wp-content\/uploads\/como-sera-la-inauguracion-de-la-bienal-de-flamenco-de-sevilla-2026-01.webp","contentUrl":"https:\/\/www.tablaosflamencos.com\/wp-content\/uploads\/como-sera-la-inauguracion-de-la-bienal-de-flamenco-de-sevilla-2026-01.webp","width":1920,"height":1072,"caption":"C\u00f3mo ser\u00e1 la inauguraci\u00f3n de la Bienal de Flamenco de Sevilla 2026"},{"@type":"BreadcrumbList","@id":"https:\/\/www.tablaosflamencos.com\/fr\/inauguration-biennale-flamenco-seville-2026.html#breadcrumb","itemListElement":[{"@type":"ListItem","position":1,"name":"Home","item":"https:\/\/www.tablaosflamencos.com\/fr"},{"@type":"ListItem","position":2,"name":"Comment se d\u00e9roulera l\u2019inauguration de la Biennale de Flamenco de S\u00e9ville 2026"}]},{"@type":"WebSite","@id":"https:\/\/www.tablaosflamencos.com\/fr#website","url":"https:\/\/www.tablaosflamencos.com\/fr","name":"Tablaos Flamencos","description":"Entradas para tablaos flamencos de Espa\u00f1a","publisher":{"@id":"https:\/\/www.tablaosflamencos.com\/fr#organization"},"alternateName":"Tablaos Flamencos","potentialAction":[{"@type":"SearchAction","target":{"@type":"EntryPoint","urlTemplate":"https:\/\/www.tablaosflamencos.com\/fr?s={search_term_string}"},"query-input":{"@type":"PropertyValueSpecification","valueRequired":true,"valueName":"search_term_string"}}],"inLanguage":"fr-FR"},{"@type":["Organization","Place","EntertainmentBusiness"],"@id":"https:\/\/www.tablaosflamencos.com\/fr#organization","name":"Tablaos Flamencos","alternateName":"Tablaos Flamencos","url":"https:\/\/www.tablaosflamencos.com\/fr","logo":{"@id":"https:\/\/www.tablaosflamencos.com\/fr\/inauguration-biennale-flamenco-seville-2026.html#local-main-organization-logo"},"image":{"@id":"https:\/\/www.tablaosflamencos.com\/fr\/inauguration-biennale-flamenco-seville-2026.html#local-main-organization-logo"},"sameAs":["https:\/\/www.facebook.com\/tablaosflamencos","https:\/\/x.com\/tablaosflamenco","https:\/\/mastodon.social\/@tablaosflamencos","https:\/\/www.instagram.com\/tablaosflamencos","https:\/\/tiktok.com\/@tablaosflamencos","https:\/\/www.linkedin.com\/company\/109408238\/"],"description":"Venta de entradas para espect\u00e1culos flamencos","legalName":"Tablaos Flamencos","foundingDate":"2015-01-01","numberOfEmployees":{"@type":"QuantitativeValue","minValue":"1","maxValue":"10"},"address":{"@id":"https:\/\/www.tablaosflamencos.com\/fr\/inauguration-biennale-flamenco-seville-2026.html#local-main-place-address"},"geo":{"@type":"GeoCoordinates","latitude":"37.3868072","longitude":"-5.993280299999999"},"telephone":["+34623787787"],"contactPoint":{"@type":"ContactPoint","telephone":"+34623787787","email":"info@tablaosflamencos.com"},"openingHoursSpecification":{"@type":"OpeningHoursSpecification","dayOfWeek":["Monday","Tuesday","Wednesday","Thursday","Friday","Saturday","Sunday"],"opens":"00:00","closes":"23:59"},"email":"info@tablaosflamencos.com","priceRange":"$$$","currenciesAccepted":"\u20ac"},{"@type":"Person","@id":"https:\/\/www.tablaosflamencos.com\/fr#\/schema\/person\/e7a9ebe14eb75a52ceabfbffb3c54f5d","name":"Miguel Ortiz","description":"Miguel Ortiz es un empresario flamenco, con una s\u00f3lida trayectoria dentro del sector. Ha presidido entidades culturales vinculadas al flamenco y, cuenta con un amplio recorrido profesional en la gesti\u00f3n y promoci\u00f3n de espect\u00e1culos y tablaos flamencos. Su pasi\u00f3n por la historia y el arte flamenco se refleja en cada art\u00edculo, donde combina experiencia, criterio y un profundo respeto por la tradici\u00f3n.","sameAs":["https:\/\/www.tablaosflamencos.com","https:\/\/www.instagra.com\/miguelortizfe","https:\/\/www.linkedin.com\/in\/miguelortizf\/"],"birthDate":"1984-11-22","gender":"hombre","knowsLanguage":["espa\u00f1ol","ingl\u00e9s"],"jobTitle":"Empresario flamenco"},{"@type":"PostalAddress","@id":"https:\/\/www.tablaosflamencos.com\/fr\/inauguration-biennale-flamenco-seville-2026.html#local-main-place-address","streetAddress":"C\/ Alemanes, 19","addressLocality":"Sevilla","postalCode":"41004","addressRegion":"Sevilla","addressCountry":"ES"},{"@type":"ImageObject","inLanguage":"fr-FR","@id":"https:\/\/www.tablaosflamencos.com\/fr\/inauguration-biennale-flamenco-seville-2026.html#local-main-organization-logo","url":"https:\/\/www.tablaosflamencos.com\/wp-content\/uploads\/tablaos-flamencos-06-3.webp","contentUrl":"https:\/\/www.tablaosflamencos.com\/wp-content\/uploads\/tablaos-flamencos-06-3.webp","width":600,"height":620,"caption":"Tablaos Flamencos"}]},"geo.placename":"Sevilla","geo.position":{"lat":"37.3868072","long":"-5.993280299999999"},"geo.region":"Espagne"},"_links":{"self":[{"href":"https:\/\/www.tablaosflamencos.com\/fr\/wp-json\/wp\/v2\/posts\/13834","targetHints":{"allow":["GET"]}}],"collection":[{"href":"https:\/\/www.tablaosflamencos.com\/fr\/wp-json\/wp\/v2\/posts"}],"about":[{"href":"https:\/\/www.tablaosflamencos.com\/fr\/wp-json\/wp\/v2\/types\/post"}],"author":[{"embeddable":true,"href":"https:\/\/www.tablaosflamencos.com\/fr\/wp-json\/wp\/v2\/users\/1"}],"replies":[{"embeddable":true,"href":"https:\/\/www.tablaosflamencos.com\/fr\/wp-json\/wp\/v2\/comments?post=13834"}],"version-history":[{"count":1,"href":"https:\/\/www.tablaosflamencos.com\/fr\/wp-json\/wp\/v2\/posts\/13834\/revisions"}],"predecessor-version":[{"id":13835,"href":"https:\/\/www.tablaosflamencos.com\/fr\/wp-json\/wp\/v2\/posts\/13834\/revisions\/13835"}],"wp:featuredmedia":[{"embeddable":true,"href":"https:\/\/www.tablaosflamencos.com\/fr\/wp-json\/wp\/v2\/media\/13829"}],"wp:attachment":[{"href":"https:\/\/www.tablaosflamencos.com\/fr\/wp-json\/wp\/v2\/media?parent=13834"}],"wp:term":[{"taxonomy":"category","embeddable":true,"href":"https:\/\/www.tablaosflamencos.com\/fr\/wp-json\/wp\/v2\/categories?post=13834"},{"taxonomy":"post_tag","embeddable":true,"href":"https:\/\/www.tablaosflamencos.com\/fr\/wp-json\/wp\/v2\/tags?post=13834"}],"curies":[{"name":"wp","href":"https:\/\/api.w.org\/{rel}","templated":true}]}}