{"id":13735,"date":"2026-08-31T19:52:12","date_gmt":"2026-08-31T17:52:12","guid":{"rendered":"https:\/\/www.tablaosflamencos.com\/?p=13735"},"modified":"2026-08-31T20:17:11","modified_gmt":"2026-08-31T18:17:11","slug":"sara-baras-seville-2026-infinita-biennale","status":"publish","type":"post","link":"https:\/\/www.tablaosflamencos.com\/fr\/sara-baras-seville-2026-infinita-biennale.html","title":{"rendered":"Sara Baras \u00e0 S\u00e9ville en 2026 : Infinita et son retour \u00e0 la Biennale"},"content":{"rendered":"<section class=\"l-section wpb_row height_huge\"><div class=\"l-section-h i-cf\"><div class=\"g-cols vc_row via_flex valign_top type_default stacking_default\"><div class=\"vc_col-sm-6 wpb_column vc_column_container\"><div class=\"vc_column-inner\"><div class=\"wpb_wrapper\"><div class=\"wpb_text_column\"><div class=\"wpb_wrapper\"><h2>Sara Baras revient \u00e0 la Biennale de S\u00e9ville quatorze ans plus tard<\/h2>\n<p><strong>Sara Baras revient \u00e0 la Biennale de Flamenco de S\u00e9ville en 2026<\/strong> avec l\u2019un des \u00e9v\u00e9nements les plus attendus de la XXIVe \u00e9dition : la <strong>premi\u00e8re mondiale de <em>Infinita<\/em><\/strong>, son vingti\u00e8me spectacle et une d\u00e9claration d\u2019amour \u00e0 l\u2019Andalousie construite \u00e0 travers la danse, la m\u00e9moire, le folklore et l\u2019identit\u00e9 de ses huit provinces.<\/p>\n<p>La danseuse gaditane investira le <strong>Teatro de la Maestranza les 11, 12 et 13 septembre 2026, toujours \u00e0 20 h<\/strong>. Il ne s\u2019agit pas d\u2019une simple visite. La Biennale pr\u00e9sente ce retour comme l\u2019une des grandes nouvelles de l\u2019\u00e9dition et comme l\u2019ouverture de la programmation du Maestranza au sein du festival, ainsi que le d\u00e9but de la saison sc\u00e9nique du th\u00e9\u00e2tre.<\/p>\n<p>Le chiffre qui donne toute sa dimension \u00e0 ces retrouvailles est le temps \u00e9coul\u00e9 : <strong>quatorze ans depuis sa derni\u00e8re Biennale<\/strong>. En 2012, elle avait pr\u00e9sent\u00e9 sur cette m\u00eame sc\u00e8ne <em>La Pepa<\/em>, \u00e9galement pendant trois soir\u00e9es, et les 5 100 places mises en vente avaient alors \u00e9t\u00e9 \u00e9puis\u00e9es.<\/p>\n<\/div><\/div><\/div><\/div><\/div><div class=\"vc_col-sm-6 wpb_column vc_column_container\"><div class=\"vc_column-inner\"><div class=\"wpb_wrapper\"><div class=\"wpb_text_column\"><div class=\"wpb_wrapper\"><p style=\"text-align: center; font-size: 58px; line-height: 1; margin-bottom: 10px;\"><strong>14<\/strong><\/p>\n<h3 style=\"text-align: center;\">ans plus tard<\/h3>\n<p style=\"text-align: center;\"><strong>11, 12 et 13 septembre 2026<\/strong><\/p>\n<p style=\"text-align: center;\">20 h \u00b7 Teatro de la Maestranza<\/p>\n<p style=\"text-align: center;\"><strong>Premi\u00e8re mondiale de <em>Infinita<\/em><\/strong><\/p>\n<p style=\"text-align: center;\">Mise en sc\u00e8ne, sc\u00e9nario et chor\u00e9graphie : Sara Baras<\/p>\n<p style=\"text-align: center;\">Musique originale : Keko Baldomero<\/p>\n<\/div><\/div><\/div><\/div><\/div><\/div><\/div><\/section><section class=\"l-section wpb_row height_huge color_alternate with_shape\"><div class=\"l-section-shape type_zigzag pos_top\" style=\"height:3vmin;\"><svg xmlns=\"http:\/\/www.w3.org\/2000\/svg\" viewBox=\"0 0 64 8\" preserveAspectRatio=\"none\" width=\"100%\" height=\"100%\">\r\n\t<path fill=\"currentColor\" d=\"M64 8 L0 8 L0 0 L20 7.9 L40 3 L48 5 L64 0 Z\"\/>\r\n<\/svg><\/div><div class=\"l-section-shape type_zigzag pos_bottom\" style=\"height:3vmin;\"><svg xmlns=\"http:\/\/www.w3.org\/2000\/svg\" viewBox=\"0 0 64 8\" preserveAspectRatio=\"none\" width=\"100%\" height=\"100%\">\r\n\t<path fill=\"currentColor\" d=\"M64 8 L0 8 L0 0 L20 7.9 L40 3 L48 5 L64 0 Z\"\/>\r\n<\/svg><\/div><div class=\"l-section-h i-cf\"><div class=\"g-cols vc_row via_flex valign_top type_default stacking_default\"><div class=\"vc_col-sm-12 wpb_column vc_column_container\"><div class=\"vc_column-inner\"><div class=\"wpb_wrapper\"><div class=\"wpb_text_column\"><div class=\"wpb_wrapper\"><blockquote>\n<p><strong>R\u00e9ponse rapide :<\/strong> Sara Baras pr\u00e9sente <em>Infinita<\/em> \u00e0 la Biennale de Flamenco de S\u00e9ville les <strong>11, 12 et 13 septembre 2026 \u00e0 20 h<\/strong> au Teatro de la Maestranza. Il s\u2019agit d\u2019une premi\u00e8re mondiale cr\u00e9\u00e9e pour la Biennale, d\u2019un hommage \u00e0 l\u2019Andalousie \u00e0 travers huit femmes repr\u00e9sentant ses huit provinces et du retour de l\u2019artiste au festival quatorze ans apr\u00e8s <em>La Pepa<\/em> (2012).<\/p>\n<\/blockquote>\n<p><strong>Derni\u00e8re mise \u00e0 jour : 31 ao\u00fbt 2026.<\/strong> Les trois repr\u00e9sentations de <em>Infinita<\/em> figurent parmi les spectacles complets de cette \u00e9dition. La disponibilit\u00e9 peut \u00e9voluer si des places sont remises en vente ; il est donc conseill\u00e9 de toujours v\u00e9rifier les canaux officiels.<\/p>\n<\/div><\/div><div class=\"w-separator size_medium\"><\/div><div class=\"w-hwrapper valign_top wrap stack_on_mobiles align_center\" style=\"--hwrapper-gap:1.2rem\"><div class=\"w-btn-wrapper align_none\"><a class=\"w-btn us-btn-style_1\" href=\"https:\/\/www.tablaosflamencos.com\/fr\/biennale-flamenco-seville-2026.html\"><span class=\"w-btn-label\">Guide complet de la Biennale 2026<\/span><\/a><\/div><div class=\"w-btn-wrapper align_none\"><a class=\"w-btn us-btn-style_1\" href=\"https:\/\/www.labienal.com\/programa-general\/teatro-de-la-maestranza\/sara-baras\"><span class=\"w-btn-label\">Voir la fiche officielle d\u2019Infinita<\/span><\/a><\/div><\/div><\/div><\/div><\/div><\/div><\/div><\/section><section class=\"l-section wpb_row height_huge\"><div class=\"l-section-h i-cf\"><div class=\"g-cols vc_row via_flex valign_top type_default stacking_default\"><div class=\"vc_col-sm-1\/5 wpb_column vc_column_container\"><div class=\"vc_column-inner\"><div class=\"wpb_wrapper\"><\/div><\/div><\/div><div class=\"vc_col-sm-3\/5 wpb_column vc_column_container\"><div class=\"vc_column-inner\"><div class=\"wpb_wrapper\"><div class=\"wpb_text_column\"><div class=\"wpb_wrapper\"><h2>Contenu de ce guide<\/h2>\n<ul>\n<li><a href=\"#regreso-bienal\">Le retour de Sara Baras \u00e0 la Biennale<\/a><\/li>\n<li><a href=\"#fechas-infinita\">Dates, horaire et lieu d\u2019Infinita<\/a><\/li>\n<li><a href=\"#que-es-infinita\">Qu\u2019est-ce qu\u2019Infinita ?<\/a><\/li>\n<li><a href=\"#ocho-provincias\">Huit femmes pour les huit provinces andalouses<\/a><\/li>\n<li><a href=\"#flamenco-folclore\">Du folklore au flamenco : les paysages musicaux<\/a><\/li>\n<li><a href=\"#equipo-artistico\">Mise en sc\u00e8ne, chor\u00e9graphie et musique originale<\/a><\/li>\n<li><a href=\"#sara-baras-bienal\">Sara Baras et la Biennale : de 1994 \u00e0 2026<\/a><\/li>\n<li><a href=\"#entradas-infinita\">Billets, prix et repr\u00e9sentations compl\u00e8tes<\/a><\/li>\n<li><a href=\"#maestranza-infinita\">Pourquoi le Maestranza est la sc\u00e8ne du retour<\/a><\/li>\n<li><a href=\"#despues-sevilla\">O\u00f9 voir Infinita apr\u00e8s S\u00e9ville<\/a><\/li>\n<li><a href=\"#faq-infinita\">Questions fr\u00e9quentes<\/a><\/li>\n<\/ul>\n<\/div><\/div><\/div><\/div><\/div><div class=\"vc_col-sm-1\/5 wpb_column vc_column_container\"><div class=\"vc_column-inner\"><div class=\"wpb_wrapper\"><\/div><\/div><\/div><\/div><\/div><\/section><section class=\"l-section wpb_row height_huge color_alternate with_shape\"><div class=\"l-section-shape type_zigzag pos_top\" style=\"height:3vmin;\"><svg xmlns=\"http:\/\/www.w3.org\/2000\/svg\" viewBox=\"0 0 64 8\" preserveAspectRatio=\"none\" width=\"100%\" height=\"100%\">\r\n\t<path fill=\"currentColor\" d=\"M64 8 L0 8 L0 0 L20 7.9 L40 3 L48 5 L64 0 Z\"\/>\r\n<\/svg><\/div><div class=\"l-section-shape type_zigzag pos_bottom\" style=\"height:3vmin;\"><svg xmlns=\"http:\/\/www.w3.org\/2000\/svg\" viewBox=\"0 0 64 8\" preserveAspectRatio=\"none\" width=\"100%\" height=\"100%\">\r\n\t<path fill=\"currentColor\" d=\"M64 8 L0 8 L0 0 L20 7.9 L40 3 L48 5 L64 0 Z\"\/>\r\n<\/svg><\/div><div class=\"l-section-h i-cf\"><div class=\"g-cols vc_row via_flex valign_top type_default stacking_default\"><div class=\"vc_col-sm-6 wpb_column vc_column_container\"><div class=\"vc_column-inner\"><div class=\"wpb_wrapper\"><div class=\"wpb_text_column\"><div class=\"wpb_wrapper\"><h2 id=\"regreso-bienal\">Le retour de Sara Baras \u00e0 la Biennale : pourquoi c\u2019est l\u2019une des grandes nouvelles de 2026<\/h2>\n<p>Lorsque la programmation de la XXIVe Biennale a \u00e9t\u00e9 pr\u00e9sent\u00e9e en f\u00e9vrier, le nom de Sara Baras \u00e9tait associ\u00e9 \u00e0 une id\u00e9e qui allait bien au-del\u00e0 d\u2019une grande production : <strong>le retour de l\u2019une des figures internationales de la danse flamenca apr\u00e8s quatorze ans d\u2019absence<\/strong>.<\/p>\n<p>L\u2019organisation a fait de ces retrouvailles l\u2019un des axes symboliques de l\u2019\u00e9dition. <em>Infinita<\/em> n\u2019arrive pas \u00e0 S\u00e9ville apr\u00e8s une premi\u00e8re dans un autre th\u00e9\u00e2tre ni comme une \u00e9tape suppl\u00e9mentaire d\u2019une tourn\u00e9e. <strong>Le spectacle na\u00eet pour la Biennale et y conna\u00eetra sa premi\u00e8re mondiale.<\/strong><\/p>\n<p>Ce caract\u00e8re de cr\u00e9ation exclusive est important. La Biennale 2026 veut qu\u2019une grande partie de sa programmation soit v\u00e9cue comme un \u00e9v\u00e9nement et non comme une simple succession de spectacles. Dans le cas de Sara Baras, ce pari est renforc\u00e9 par trois repr\u00e9sentations cons\u00e9cutives dans la grande salle du Teatro de la Maestranza.<\/p>\n<\/div><\/div><\/div><\/div><\/div><div class=\"vc_col-sm-6 wpb_column vc_column_container\"><div class=\"vc_column-inner\"><div class=\"wpb_wrapper\"><div class=\"wpb_text_column\"><div class=\"wpb_wrapper\"><h2>Un retour charg\u00e9 de m\u00e9moire : de <em>La Pepa<\/em> \u00e0 <em>Infinita<\/em><\/h2>\n<p>La derni\u00e8re participation de Sara Baras \u00e0 la Biennale remonte \u00e0 <strong>septembre 2012<\/strong>. Elle y pr\u00e9sentait <em>La Pepa<\/em>, un spectacle inspir\u00e9 de la Constitution de Cadix de 1812, dont on venait de c\u00e9l\u00e9brer le bicentenaire.<\/p>\n<p>\u00c0 l\u2019\u00e9poque d\u00e9j\u00e0, le Maestranza avait r\u00e9serv\u00e9 trois soir\u00e9es \u00e0 la compagnie : <strong>14, 15 et 16 septembre 2012<\/strong>. Les 5 100 places disponibles pour ces repr\u00e9sentations avaient \u00e9t\u00e9 vendues.<\/p>\n<p>La comparaison avec 2026 est in\u00e9vitable. Quatorze ans plus tard, elle revient dans le m\u00eame th\u00e9\u00e2tre, de nouveau pendant trois jours et avec une demande qui a une nouvelle fois conduit au complet avant m\u00eame le d\u00e9but de la Biennale. Mais le point de d\u00e9part artistique est tr\u00e8s diff\u00e9rent : si <em>La Pepa<\/em> regardait un \u00e9pisode historique pr\u00e9cis, <em>Infinita<\/em> tourne son regard vers <strong>l\u2019ensemble de l\u2019Andalousie, la maturit\u00e9 de l\u2019artiste et l\u2019h\u00e9ritage qui voyage \u00e0 travers le flamenco<\/strong>.<\/p>\n<\/div><\/div><\/div><\/div><\/div><\/div><\/div><\/section><section class=\"l-section wpb_row height_huge\"><div class=\"l-section-h i-cf\"><div class=\"g-cols vc_row via_flex valign_top type_default stacking_default\"><div class=\"vc_col-sm-12 wpb_column vc_column_container\"><div class=\"vc_column-inner\"><div class=\"wpb_wrapper\"><div class=\"wpb_text_column\"><div class=\"wpb_wrapper\"><h2 id=\"fechas-infinita\">Sara Baras \u00e0 S\u00e9ville en 2026 : dates, horaire et Teatro de la Maestranza<\/h2>\n<div style=\"overflow-x: auto;\">\n<table>\n<thead>\n<tr>\n<th>Date<\/th>\n<th>Heure<\/th>\n<th>Spectacle<\/th>\n<th>Lieu<\/th>\n<th>Statut<\/th>\n<\/tr>\n<\/thead>\n<tbody>\n<tr>\n<td><strong>Vendredi 11 septembre<\/strong><\/td>\n<td>20 h<\/td>\n<td><em>Infinita<\/em> \u00b7 premi\u00e8re mondiale<\/td>\n<td>Teatro de la Maestranza<\/td>\n<td>Complet<\/td>\n<\/tr>\n<tr>\n<td><strong>Samedi 12 septembre<\/strong><\/td>\n<td>20 h<\/td>\n<td><em>Infinita<\/em><\/td>\n<td>Teatro de la Maestranza<\/td>\n<td>Complet<\/td>\n<\/tr>\n<tr>\n<td><strong>Dimanche 13 septembre<\/strong><\/td>\n<td>20 h<\/td>\n<td><em>Infinita<\/em><\/td>\n<td>Teatro de la Maestranza<\/td>\n<td>Complet<\/td>\n<\/tr>\n<\/tbody>\n<\/table>\n<\/div>\n<p>&nbsp;<\/p>\n<p>Les trois repr\u00e9sentations font partie de la <strong>XXIVe Biennale de Flamenco de S\u00e9ville<\/strong>, qui se d\u00e9roule du 9 septembre au 3 octobre. La repr\u00e9sentation du 11 constitue la premi\u00e8re mondiale de l\u2019\u0153uvre et ouvre la programmation du Teatro de la Maestranza au sein du festival.<\/p>\n<p>Auparavant, le <strong>10 septembre<\/strong>, la Biennale organise la grande soir\u00e9e <em>El mundo por montera<\/em> aux ar\u00e8nes de la Real Maestranza. Il est donc plus juste de consid\u00e9rer <em>Infinita<\/em> comme le grand lancement sc\u00e9nique du Maestranza et l\u2019un des actes inauguraux de l\u2019\u00e9dition, et non comme la toute premi\u00e8re activit\u00e9 chronologique du festival.<\/p>\n<\/div><\/div><\/div><\/div><\/div><\/div><\/div><\/section><section class=\"l-section wpb_row height_huge color_alternate with_shape\"><div class=\"l-section-shape type_zigzag pos_top\" style=\"height:3vmin;\"><svg xmlns=\"http:\/\/www.w3.org\/2000\/svg\" viewBox=\"0 0 64 8\" preserveAspectRatio=\"none\" width=\"100%\" height=\"100%\">\r\n\t<path fill=\"currentColor\" d=\"M64 8 L0 8 L0 0 L20 7.9 L40 3 L48 5 L64 0 Z\"\/>\r\n<\/svg><\/div><div class=\"l-section-shape type_zigzag pos_bottom\" style=\"height:3vmin;\"><svg xmlns=\"http:\/\/www.w3.org\/2000\/svg\" viewBox=\"0 0 64 8\" preserveAspectRatio=\"none\" width=\"100%\" height=\"100%\">\r\n\t<path fill=\"currentColor\" d=\"M64 8 L0 8 L0 0 L20 7.9 L40 3 L48 5 L64 0 Z\"\/>\r\n<\/svg><\/div><div class=\"l-section-h i-cf\"><div class=\"g-cols vc_row via_flex valign_top type_default stacking_default\"><div class=\"vc_col-sm-6 wpb_column vc_column_container\"><div class=\"vc_column-inner\"><div class=\"wpb_wrapper\"><div class=\"wpb_text_column\"><div class=\"wpb_wrapper\"><h2 id=\"que-es-infinita\">Qu\u2019est-ce que <em>Infinita<\/em>?<\/h2>\n<p><em>Infinita<\/em> part d\u2019une question que Sara Baras elle-m\u00eame pose en pr\u00e9sentant le projet : <strong>comment rendre \u00e0 la terre tout ce que cette terre a donn\u00e9 \u00e0 une artiste<\/strong>.<\/p>\n<p>La r\u00e9ponse est un spectacle d\u00e9di\u00e9 \u00e0 l\u2019Andalousie. Il ne cherche pas \u00e0 construire un guide litt\u00e9ral de ses provinces ni une collection d\u2019images r\u00e9gionales. L\u2019approche est plus sc\u00e9nique et \u00e9motionnelle : observer une terre \u00e0 travers ses diff\u00e9rences et rechercher le battement commun qui les unit.<\/p>\n<p>L\u2019\u0153uvre est aussi le <strong>vingti\u00e8me spectacle de la carri\u00e8re de la compagnie<\/strong>. Ce chiffre situe la premi\u00e8re \u00e0 un moment de bilan et de maturit\u00e9. Apr\u00e8s des d\u00e9cennies \u00e0 porter le flamenco sur les sc\u00e8nes internationales, Baras fait d\u00e9sormais de sa propre terre une mati\u00e8re de cr\u00e9ation.<\/p>\n<p>Le spectacle associe danse, musique, sc\u00e9nographie, lumi\u00e8re et costumes pour parcourir les identit\u00e9s, paysages, mouvements et m\u00e9moires de l\u2019Andalousie.<\/p>\n<\/div><\/div><\/div><\/div><\/div><div class=\"vc_col-sm-6 wpb_column vc_column_container\"><div class=\"vc_column-inner\"><div class=\"wpb_wrapper\"><div class=\"wpb_text_column\"><div class=\"wpb_wrapper\"><h2>Un spectacle sur l\u2019Andalousie, mais aussi sur la maturit\u00e9<\/h2>\n<p>Dans les entretiens pr\u00e9c\u00e9dant la premi\u00e8re, Sara Baras a reli\u00e9 <em>Infinita<\/em> \u00e0 une \u00e9tape de sa vie o\u00f9 elle ressent la danse autrement. La maturit\u00e9 n\u2019appara\u00eet pas comme un renoncement \u00e0 la puissance physique, mais comme une mani\u00e8re de <strong>g\u00e9rer l\u2019\u00e9nergie, \u00e9couter le corps et d\u00e9cider avec davantage de conscience o\u00f9 placer chaque geste<\/strong>.<\/p>\n<p>Cette approche correspond \u00e0 la philosophie expliqu\u00e9e par l\u2019artiste pour le spectacle : apr\u00e8s une vie consacr\u00e9e au flamenco, l\u2019art cesse d\u2019\u00eatre compris uniquement comme d\u00e9monstration et devient de plus en plus un acte de transmission.<\/p>\n<p>C\u2019est pourquoi <em>Infinita<\/em> peut se lire \u00e0 deux \u00e9chelles. La premi\u00e8re est collective : l\u2019Andalousie comme territoire de huit identit\u00e9s. La seconde est personnelle : une bailaora qui revient \u00e0 la Biennale apr\u00e8s quatorze ans et utilise ce retour pour s\u2019interroger sur ce qu\u2019elle a re\u00e7u et ce qu\u2019elle souhaite rendre.<\/p>\n<\/div><\/div><\/div><\/div><\/div><\/div><\/div><\/section><section class=\"l-section wpb_row height_huge\"><div class=\"l-section-h i-cf\"><div class=\"g-cols vc_row via_flex valign_top type_default stacking_default\"><div class=\"vc_col-sm-6 wpb_column vc_column_container\"><div class=\"vc_column-inner\"><div class=\"wpb_wrapper\"><div class=\"wpb_text_column\"><div class=\"wpb_wrapper\"><h2 id=\"ocho-provincias\">Huit femmes pour les huit provinces andalouses<\/h2>\n<p>Au c\u0153ur du concept de <em>Infinita<\/em> se trouvent <strong>huit femmes qui incarnent les huit provinces de l\u2019Andalousie<\/strong>. Chacune poss\u00e8de sa personnalit\u00e9, son rythme, son paysage et sa mani\u00e8re de regarder.<\/p>\n<p>L\u2019id\u00e9e \u00e9vite de pr\u00e9senter l\u2019Andalousie comme une identit\u00e9 uniforme. Cadix n\u2019est pas Grenade ; Huelva n\u2019est pas Ja\u00e9n ; Almer\u00eda n\u2019est pas S\u00e9ville. Il y a la mer, la montagne, la campagne, la fronti\u00e8re, la ville, la m\u00e9moire rurale et une multitude d\u2019accents. Le spectacle cherche \u00e0 faire appara\u00eetre ces diff\u00e9rences sur sc\u00e8ne sans perdre le sentiment d\u2019appartenir \u00e0 un m\u00eame territoire culturel.<\/p>\n<p>La femme sert de v\u00e9hicule \u00e0 cette repr\u00e9sentation. Ce n\u2019est pas inhabituel dans la trajectoire de Baras, qui a construit des spectacles autour de personnages et d\u2019univers f\u00e9minins comme <em>Juana la Loca<\/em>, <em>Mariana Pineda<\/em> ou <em>Carmen<\/em>.<\/p>\n<\/div><\/div><\/div><\/div><\/div><div class=\"vc_col-sm-6 wpb_column vc_column_container\"><div class=\"vc_column-inner\"><div class=\"wpb_wrapper\"><div class=\"wpb_text_column\"><div class=\"wpb_wrapper\"><h2>Une Andalousie qui ne s\u2019arr\u00eate pas \u00e0 ses fronti\u00e8res<\/h2>\n<p>L\u2019un des aspects les plus int\u00e9ressants du projet est que l\u2019identit\u00e9 andalouse n\u2019est pas pens\u00e9e comme quelque chose de ferm\u00e9. L\u2019exp\u00e9rience internationale de la compagnie traverse le concept de l\u2019\u0153uvre : <strong>les racines voyagent<\/strong> et peuvent continuer \u00e0 faire partie d\u2019une personne loin de son lieu d\u2019origine.<\/p>\n<p>Sara Baras se produit depuis des d\u00e9cennies en Europe, en Am\u00e9rique et en Asie. Sa mani\u00e8re de repr\u00e9senter l\u2019Andalousie s\u2019est donc construite \u00e0 la fois de l\u2019int\u00e9rieur et \u00e0 distance.<\/p>\n<p><em>Infinita<\/em> cherche \u00e0 transformer cette exp\u00e9rience en langage sc\u00e9nique. La terre appara\u00eet comme origine, mais aussi comme m\u00e9moire portable. C\u2019est pourquoi le spectacle privil\u00e9gie un regard ouvert sur le monde plut\u00f4t qu\u2019une repr\u00e9sentation folklorique repli\u00e9e sur elle-m\u00eame.<\/p>\n<\/div><\/div><\/div><\/div><\/div><\/div><\/div><\/section><section class=\"l-section wpb_row height_huge color_alternate with_shape\"><div class=\"l-section-shape type_zigzag pos_top\" style=\"height:3vmin;\"><svg xmlns=\"http:\/\/www.w3.org\/2000\/svg\" viewBox=\"0 0 64 8\" preserveAspectRatio=\"none\" width=\"100%\" height=\"100%\">\r\n\t<path fill=\"currentColor\" d=\"M64 8 L0 8 L0 0 L20 7.9 L40 3 L48 5 L64 0 Z\"\/>\r\n<\/svg><\/div><div class=\"l-section-shape type_zigzag pos_bottom\" style=\"height:3vmin;\"><svg xmlns=\"http:\/\/www.w3.org\/2000\/svg\" viewBox=\"0 0 64 8\" preserveAspectRatio=\"none\" width=\"100%\" height=\"100%\">\r\n\t<path fill=\"currentColor\" d=\"M64 8 L0 8 L0 0 L20 7.9 L40 3 L48 5 L64 0 Z\"\/>\r\n<\/svg><\/div><div class=\"l-section-h i-cf\"><div class=\"g-cols vc_row via_flex valign_top type_default stacking_default\"><div class=\"vc_col-sm-6 wpb_column vc_column_container\"><div class=\"vc_column-inner\"><div class=\"wpb_wrapper\"><div class=\"wpb_text_column\"><div class=\"wpb_wrapper\"><h2 id=\"flamenco-folclore\">Du folklore au flamenco : les paysages musicaux d\u2019 <em>Infinita<\/em><\/h2>\n<p>La pr\u00e9sentation m\u00eame du spectacle parle de <strong>passerelles entre le flamenco et le folklore<\/strong>. La musique, la chor\u00e9graphie, la sc\u00e9nographie, la lumi\u00e8re et les costumes explorent ces territoires sans s\u00e9parer de mani\u00e8re rigide le populaire, le traditionnel et le flamenco.<\/p>\n<p>Le parcours annonc\u00e9 traverse des formes et des r\u00e9f\u00e9rences tr\u00e8s diff\u00e9rentes :<\/p>\n<ul>\n<li>romance et fandango,<\/li>\n<li>taranto et malague\u00f1a,<\/li>\n<li>verdial et serrana,<\/li>\n<li>trilla et aceitunera,<\/li>\n<li>grana\u00edna et sole\u00e1,<\/li>\n<li>sevillanas et tanguillo,<\/li>\n<li>alegr\u00edas et buler\u00edas.<\/li>\n<\/ul>\n<p>Toutes ces formes n\u2019appartiennent pas au m\u00eame univers et n\u2019ont pas la m\u00eame histoire. C\u2019est pr\u00e9cis\u00e9ment l\u00e0 que r\u00e9side une partie de la proposition : <strong>\u00e9couter les liens qui existent entre les r\u00e9pertoires populaires d\u2019Andalousie et les langages d\u00e9velopp\u00e9s par le flamenco<\/strong>.<\/p>\n<\/div><\/div><\/div><\/div><\/div><div class=\"vc_col-sm-6 wpb_column vc_column_container\"><div class=\"vc_column-inner\"><div class=\"wpb_wrapper\"><div class=\"wpb_text_column\"><div class=\"wpb_wrapper\"><h2>S\u2019agit-il d\u2019une fusion entre flamenco et folklore ?<\/h2>\n<p>Le mot \u00ab fusion \u00bb est peut-\u00eatre trop r\u00e9ducteur. <em>Infinita<\/em> semble moins chercher \u00e0 m\u00e9langer des genres depuis l\u2019ext\u00e9rieur qu\u2019\u00e0 explorer des zones de contact d\u00e9j\u00e0 pr\u00e9sentes dans la culture andalouse.<\/p>\n<p>Verdiales, trillas, fandangos, sevillanas ou tanguillos coexistent historiquement dans un territoire o\u00f9 les fronti\u00e8res entre f\u00eate populaire, chanson, danse et flamenco n\u2019ont jamais \u00e9t\u00e9 totalement \u00e9tanches.<\/p>\n<p>Le spectacle utilise ce mat\u00e9riau comme point de d\u00e9part chor\u00e9graphique et musical. Le r\u00e9sultat ne cherche pas \u00e0 donner une le\u00e7on d\u2019histoire ni \u00e0 \u00e9tablir des g\u00e9n\u00e9alogies ferm\u00e9es, mais \u00e0 construire une <strong>carte \u00e9motionnelle de l\u2019Andalousie \u00e0 travers le mouvement et le comp\u00e1s<\/strong>.<\/p>\n<\/div><\/div><\/div><\/div><\/div><\/div><\/div><\/section><section class=\"l-section wpb_row height_huge\"><div class=\"l-section-h i-cf\"><div class=\"g-cols vc_row via_flex valign_top type_default stacking_default\"><div class=\"vc_col-sm-12 wpb_column vc_column_container\"><div class=\"vc_column-inner\"><div class=\"wpb_wrapper\"><div class=\"wpb_text_column\"><div class=\"wpb_wrapper\"><h2 id=\"equipo-artistico\">Mise en sc\u00e8ne, sc\u00e9nario, chor\u00e9graphie et musique d\u2019 <em>Infinita<\/em><\/h2>\n<p>La cr\u00e9ation porte directement la signature de <strong>Sara Baras pour la mise en sc\u00e8ne, le sc\u00e9nario et la chor\u00e9graphie<\/strong>. La musique originale a \u00e9t\u00e9 compos\u00e9e par <strong>Keko Baldomero<\/strong>, directeur musical de la compagnie et collaborateur habituel dans la construction sonore de ses spectacles.<\/p>\n<p>Ce contr\u00f4le cr\u00e9atif explique pourquoi <em>Infinita<\/em> est pr\u00e9sent\u00e9 comme une \u0153uvre particuli\u00e8rement personnelle. Il ne s\u2019agit pas seulement d\u2019une chor\u00e9graphie interpr\u00e9t\u00e9e par Baras, mais d\u2019un projet dont l\u2019id\u00e9e, la structure dramatique et le langage du mouvement naissent de sa propre vision.<\/p>\n<p>Le site officiel de l\u2019artiste souligne que tous les langages du spectacle \u2014 musique, chor\u00e9graphie, sc\u00e9nographie, lumi\u00e8re et costumes \u2014 participent \u00e0 ce voyage \u00e0 travers les huit identit\u00e9s andalouses. L\u2019objectif est que chaque province ait sa couleur et sa personnalit\u00e9 sans rompre l\u2019unit\u00e9 de l\u2019ensemble.<\/p>\n<p>La production arrive \u00e9galement apr\u00e8s <em>Vuela<\/em> (2024), l\u2019hommage de Sara Baras \u00e0 Paco de Luc\u00eda, et se pr\u00e9sente comme le vingti\u00e8me titre d\u2019une compagnie priv\u00e9e qui tourne \u00e0 l\u2019international depuis pr\u00e8s de trois d\u00e9cennies.<\/p>\n<\/div><\/div><\/div><\/div><\/div><\/div><\/div><\/section><section class=\"l-section wpb_row height_huge color_alternate with_shape\"><div class=\"l-section-shape type_zigzag pos_top\" style=\"height:3vmin;\"><svg xmlns=\"http:\/\/www.w3.org\/2000\/svg\" viewBox=\"0 0 64 8\" preserveAspectRatio=\"none\" width=\"100%\" height=\"100%\">\r\n\t<path fill=\"currentColor\" d=\"M64 8 L0 8 L0 0 L20 7.9 L40 3 L48 5 L64 0 Z\"\/>\r\n<\/svg><\/div><div class=\"l-section-shape type_zigzag pos_bottom\" style=\"height:3vmin;\"><svg xmlns=\"http:\/\/www.w3.org\/2000\/svg\" viewBox=\"0 0 64 8\" preserveAspectRatio=\"none\" width=\"100%\" height=\"100%\">\r\n\t<path fill=\"currentColor\" d=\"M64 8 L0 8 L0 0 L20 7.9 L40 3 L48 5 L64 0 Z\"\/>\r\n<\/svg><\/div><div class=\"l-section-h i-cf\"><div class=\"g-cols vc_row via_flex valign_top type_default stacking_default\"><div class=\"vc_col-sm-6 wpb_column vc_column_container\"><div class=\"vc_column-inner\"><div class=\"wpb_wrapper\"><div class=\"wpb_text_column\"><div class=\"wpb_wrapper\"><h2 id=\"sara-baras-bienal\">Sara Baras et la Biennale : une relation commenc\u00e9e en 1994<\/h2>\n<p>L\u2019histoire de Sara Baras avec la Biennale a commenc\u00e9 bien avant qu\u2019elle ne devienne l\u2019une des figures les plus reconnaissables du flamenco international. La biographie publi\u00e9e par l\u2019organisation situe sa <strong>premi\u00e8re apparition au festival en 1994<\/strong>, \u00e0 une \u00e9poque o\u00f9 sa carri\u00e8re individuelle commen\u00e7ait \u00e0 s\u2019affirmer.<\/p>\n<p>Elle avait alors d\u00e9j\u00e0 travaill\u00e9 dans des compagnies et projets d\u2019artistes comme Merche Esmeralda ou Antonio Canales et accumulait les tourn\u00e9es au Japon, en France, \u00e0 New York et dans diff\u00e9rents pays europ\u00e9ens.<\/p>\n<p>En 1998, elle fonde le Ballet Flamenco Sara Baras et cr\u00e9e <em>Sensaciones<\/em>, d\u00e9but d\u2019une longue production personnelle suivie de <em>Sue\u00f1os<\/em>, <em>Juana la Loca<\/em>, <em>Mariana Pineda<\/em>, <em>Sabores<\/em>, <em>Carmen<\/em>, <em>Esencia<\/em>, <em>La Pepa<\/em>, <em>Medusa<\/em>, <em>Sombras<\/em>, <em>Alma<\/em>, <em>Vuela<\/em> et d\u2019autres titres.<\/p>\n<\/div><\/div><\/div><\/div><\/div><div class=\"vc_col-sm-6 wpb_column vc_column_container\"><div class=\"vc_column-inner\"><div class=\"wpb_wrapper\"><div class=\"wpb_text_column\"><div class=\"wpb_wrapper\"><h2>D\u2019une jeune bailaora \u00e0 une figure internationale<\/h2>\n<p>Le retour de 2026 permet aussi de mesurer la transformation de la place qu\u2019occupe Sara Baras dans le flamenco. L\u2019artiste arriv\u00e9e \u00e0 la Biennale dans les ann\u00e9es 1990 est aujourd\u2019hui <strong>laur\u00e9ate du Prix national de danse, de la M\u00e9daille d\u2019or d\u2019Andalousie, de la M\u00e9daille d\u2019or du m\u00e9rite des Beaux-Arts et d\u2019un Olivier Award<\/strong>, entre autres distinctions.<\/p>\n<p>Sa compagnie a transform\u00e9 le flamenco grand format en un langage capable de voyager sur les sc\u00e8nes internationales sans abandonner la centralit\u00e9 de la danse et du comp\u00e1s.<\/p>\n<p>C\u2019est pourquoi la Biennale a pr\u00e9sent\u00e9 <em>Infinita<\/em> comme un retour \u00e0 forte port\u00e9e institutionnelle et artistique. Il ne s\u2019agit pas seulement de retrouver une artiste absente du festival depuis 2012 : il s\u2019agit de la faire revenir \u00e0 un moment de maturit\u00e9, avec une nouvelle \u0153uvre et avec S\u00e9ville comme point de d\u00e9part de sa prochaine \u00e9tape cr\u00e9ative.<\/p>\n<\/div><\/div><\/div><\/div><\/div><\/div><\/div><\/section><section class=\"l-section wpb_row height_huge\"><div class=\"l-section-h i-cf\"><div class=\"g-cols vc_row via_flex valign_top type_default stacking_default\"><div class=\"vc_col-sm-12 wpb_column vc_column_container\"><div class=\"vc_column-inner\"><div class=\"wpb_wrapper\"><div class=\"wpb_text_column\"><div class=\"wpb_wrapper\"><h2 id=\"entradas-infinita\">Billets pour Sara Baras \u00e0 S\u00e9ville en 2026 : prix et repr\u00e9sentations compl\u00e8tes<\/h2>\n<p>Les billets pour la Biennale 2026 ont \u00e9t\u00e9 mis en vente le <strong>11 f\u00e9vrier<\/strong>. La fourchette g\u00e9n\u00e9rale des prix du festival va de places \u00e9conomiques dans certains lieux jusqu\u2019aux <strong>75 euros<\/strong> que l\u2019organisation elle-m\u00eame indique comme prix maximal pour Sara Baras en Patio A du Teatro de la Maestranza.<\/p>\n<p>\u00c0 la fin du mois d\u2019ao\u00fbt, la direction de la Biennale a confirm\u00e9 que plus de trente spectacles de l\u2019\u00e9dition \u00e9taient d\u00e9j\u00e0 complets et a cit\u00e9 <strong><em>Infinita<\/em> parmi les repr\u00e9sentations sans disponibilit\u00e9<\/strong>. Les trois dates comptent donc parmi les grands succ\u00e8s de billetterie avant m\u00eame le d\u00e9but du festival.<\/p>\n<p>Cela ne signifie pas qu\u2019aucune place ne puisse appara\u00eetre \u00e0 la derni\u00e8re minute. Sur de grandes productions, des retours, ajustements de quota ou lib\u00e9rations ponctuelles peuvent se produire. Si vous souhaitez tenter votre chance, la seule r\u00e9f\u00e9rence fiable est la billetterie officielle li\u00e9e depuis la Biennale et le Teatro de la Maestranza.<\/p>\n<p>\u00c9vitez de payer des surco\u00fbts sur des canaux non officiels. S\u2019il n\u2019y a plus de billets, la Biennale propose des dizaines de spectacles et S\u00e9ville conserve une offre quotidienne de tablaos et de salles de flamenco \u00e0 ces dates.<\/p>\n<\/div><\/div><div class=\"w-separator size_medium\"><\/div><div class=\"w-hwrapper valign_top wrap stack_on_mobiles align_center\" style=\"--hwrapper-gap:1.2rem\"><div class=\"w-btn-wrapper align_none\"><a class=\"w-btn us-btn-style_1\" href=\"https:\/\/www.tablaosflamencos.com\/fr\/biennale-flamenco-seville-2026-billets-epuises-alternatives.html\"><span class=\"w-btn-label\">Que faire s\u2019il n\u2019y a plus de billets<\/span><\/a><\/div><div class=\"w-btn-wrapper align_none\"><a class=\"w-btn us-btn-style_1\" href=\"https:\/\/www.tablaosflamencos.com\/fr\/flamenco-a-seville\"><span class=\"w-btn-label\">Voir du flamenco \u00e0 S\u00e9ville<\/span><\/a><\/div><\/div><\/div><\/div><\/div><\/div><\/div><\/section><section class=\"l-section wpb_row height_huge color_alternate with_shape\"><div class=\"l-section-shape type_zigzag pos_top\" style=\"height:3vmin;\"><svg xmlns=\"http:\/\/www.w3.org\/2000\/svg\" viewBox=\"0 0 64 8\" preserveAspectRatio=\"none\" width=\"100%\" height=\"100%\">\r\n\t<path fill=\"currentColor\" d=\"M64 8 L0 8 L0 0 L20 7.9 L40 3 L48 5 L64 0 Z\"\/>\r\n<\/svg><\/div><div class=\"l-section-shape type_zigzag pos_bottom\" style=\"height:3vmin;\"><svg xmlns=\"http:\/\/www.w3.org\/2000\/svg\" viewBox=\"0 0 64 8\" preserveAspectRatio=\"none\" width=\"100%\" height=\"100%\">\r\n\t<path fill=\"currentColor\" d=\"M64 8 L0 8 L0 0 L20 7.9 L40 3 L48 5 L64 0 Z\"\/>\r\n<\/svg><\/div><div class=\"l-section-h i-cf\"><div class=\"g-cols vc_row via_flex valign_top type_default stacking_default\"><div class=\"vc_col-sm-6 wpb_column vc_column_container\"><div class=\"vc_column-inner\"><div class=\"wpb_wrapper\"><div class=\"wpb_text_column\"><div class=\"wpb_wrapper\"><h2 id=\"maestranza-infinita\">Le Teatro de la Maestranza, sc\u00e8ne du retour<\/h2>\n<p>Le <strong>Teatro de la Maestranza<\/strong> est l\u2019un des lieux les plus importants et les plus vastes de la Biennale et concentre en 2026 une grande partie des propositions de grand format.<\/p>\n<p>Le fait qu\u2019 <em>Infinita<\/em> y soit cr\u00e9\u00e9 poss\u00e8de \u00e9galement une dimension biographique. Ce fut la sc\u00e8ne de <em>La Pepa<\/em> lors de la Biennale 2012 et, quatorze ans plus tard, redevient le lieu choisi pour les retrouvailles.<\/p>\n<p>La programmation ult\u00e9rieure du th\u00e9\u00e2tre pendant la Biennale comprend Ca\u00f1izares avec l\u2019Orchestre symphonique royal de S\u00e9ville, Jos\u00e9 Merc\u00e9, Manuel Li\u00f1\u00e1n, Israel Galv\u00e1n, Farruquito, Marina Heredia et le spectacle de cl\u00f4ture <em>Perlas a Millares<\/em>. <em>Infinita<\/em> ouvre ainsi une s\u00e9rie de grands noms qui fait du Maestranza l\u2019un des principaux centres de gravit\u00e9 de l\u2019\u00e9dition.<\/p>\n<\/div><\/div><\/div><\/div><\/div><div class=\"vc_col-sm-6 wpb_column vc_column_container\"><div class=\"vc_column-inner\"><div class=\"wpb_wrapper\"><div class=\"wpb_text_column\"><div class=\"wpb_wrapper\"><h2>Conseils pratiques pour les repr\u00e9sentations des 11, 12 et 13 septembre<\/h2>\n<ul>\n<li><strong>V\u00e9rifiez votre date.<\/strong> Les trois repr\u00e9sentations commencent \u00e0 20 h.<\/li>\n<li><strong>Arrivez en avance.<\/strong> Une premi\u00e8re aussi attendue concentrera beaucoup de public aux acc\u00e8s.<\/li>\n<li><strong>V\u00e9rifiez les conditions d\u2019entr\u00e9e.<\/strong> Si vous obtenez une place lib\u00e9r\u00e9e \u00e0 la derni\u00e8re minute, v\u00e9rifiez toujours qu\u2019elle provient du canal officiel.<\/li>\n<li><strong>Ne confondez pas la Real Maestranza et le Teatro de la Maestranza.<\/strong> La soir\u00e9e du 10 a lieu aux ar\u00e8nes ; Sara Baras se produit au th\u00e9\u00e2tre.<\/li>\n<li><strong>Consultez la suite du programme.<\/strong> Les 11, 12 et 13, d\u2019autres repr\u00e9sentations de la Biennale ont lieu dans diff\u00e9rents espaces de S\u00e9ville.<\/li>\n<\/ul>\n<\/div><\/div><\/div><\/div><\/div><\/div><\/div><\/section><section class=\"l-section wpb_row height_huge\"><div class=\"l-section-h i-cf\"><div class=\"g-cols vc_row via_flex valign_top type_default stacking_default\"><div class=\"vc_col-sm-12 wpb_column vc_column_container\"><div class=\"vc_column-inner\"><div class=\"wpb_wrapper\"><div class=\"wpb_text_column\"><div class=\"wpb_wrapper\"><h2 id=\"despues-sevilla\">O\u00f9 pourra-t-on voir <em>Infinita<\/em> apr\u00e8s S\u00e9ville ?<\/h2>\n<p>La premi\u00e8re mondiale aura lieu \u00e0 la Biennale, mais <em>Infinita<\/em> poursuivra ensuite sa tourn\u00e9e dans d\u2019autres th\u00e9\u00e2tres. Parmi les dates d\u00e9j\u00e0 annonc\u00e9es figurent <strong>M\u00e1laga, Pampelune et Jerez de la Frontera<\/strong>.<\/p>\n<p>Le Teatro Cervantes de M\u00e1laga a programm\u00e9 quatre repr\u00e9sentations du 24 au 27 octobre ; Baluarte, \u00e0 Pampelune, accueillera le spectacle le 20 d\u00e9cembre ; et le Teatro Villamarta de Jerez le pr\u00e9sentera les 29 et 30 d\u00e9cembre.<\/p>\n<p>Pour le public s\u00e9villan, toutefois, les repr\u00e9sentations de septembre ont une valeur unique : ce sont les premi\u00e8res repr\u00e9sentations publiques de l\u2019\u0153uvre et le lieu o\u00f9 l\u2019on d\u00e9couvrira pour la premi\u00e8re fois comment prend forme sur sc\u00e8ne le voyage \u00e0 travers les huit Andalousies imagin\u00e9 par Sara Baras.<\/p>\n<\/div><\/div><\/div><\/div><\/div><\/div><\/div><\/section><section class=\"l-section wpb_row height_huge color_alternate with_shape\"><div class=\"l-section-shape type_zigzag pos_top\" style=\"height:3vmin;\"><svg xmlns=\"http:\/\/www.w3.org\/2000\/svg\" viewBox=\"0 0 64 8\" preserveAspectRatio=\"none\" width=\"100%\" height=\"100%\">\r\n\t<path fill=\"currentColor\" d=\"M64 8 L0 8 L0 0 L20 7.9 L40 3 L48 5 L64 0 Z\"\/>\r\n<\/svg><\/div><div class=\"l-section-shape type_zigzag pos_bottom\" style=\"height:3vmin;\"><svg xmlns=\"http:\/\/www.w3.org\/2000\/svg\" viewBox=\"0 0 64 8\" preserveAspectRatio=\"none\" width=\"100%\" height=\"100%\">\r\n\t<path fill=\"currentColor\" d=\"M64 8 L0 8 L0 0 L20 7.9 L40 3 L48 5 L64 0 Z\"\/>\r\n<\/svg><\/div><div class=\"l-section-h i-cf\"><div class=\"g-cols vc_row via_flex valign_top type_default stacking_default\"><div class=\"vc_col-sm-1\/5 wpb_column vc_column_container\"><div class=\"vc_column-inner\"><div class=\"wpb_wrapper\"><\/div><\/div><\/div><div class=\"vc_col-sm-3\/5 wpb_column vc_column_container\"><div class=\"vc_column-inner\"><div class=\"wpb_wrapper\"><div class=\"wpb_text_column\"><div class=\"wpb_wrapper\"><h2 style=\"text-align: center;\">Une premi\u00e8re qui r\u00e9unit retour, m\u00e9moire et nouvelle cr\u00e9ation<\/h2>\n<p style=\"text-align: center;\"><em>Infinita<\/em> r\u00e9unit presque tous les ingr\u00e9dients qui transforment une repr\u00e9sentation de la Biennale en \u00e9v\u00e9nement : une premi\u00e8re mondiale, une artiste au rayonnement international immense, trois soir\u00e9es au Maestranza, une longue absence et une \u0153uvre pens\u00e9e express\u00e9ment pour regarder vers l\u2019Andalousie.<\/p>\n<p style=\"text-align: center;\">L\u2019int\u00e9r\u00eat ne consiste pas seulement \u00e0 v\u00e9rifier si Sara Baras est encore capable de remplir un grand th\u00e9\u00e2tre \u2014 la billetterie a d\u00e9j\u00e0 r\u00e9pondu \u00e0 cette question \u2014, mais \u00e0 d\u00e9couvrir ce que fait une artiste avec des d\u00e9cennies de sc\u00e8ne lorsqu\u2019elle d\u00e9cide de transformer sa propre terre en mati\u00e8re chor\u00e9graphique.<\/p>\n<p style=\"text-align: center;\">Quatorze ans s\u00e9parent <em>La Pepa<\/em> d\u2019 <em>Infinita<\/em>. S\u00e9ville disposera de trois soir\u00e9es pour mesurer tout ce qui a chang\u00e9 entre les deux spectacles et tout ce qui, dans la danse de Sara Baras, continue \u00e0 battre de la m\u00eame fa\u00e7on.<\/p>\n<\/div><\/div><div class=\"w-separator size_medium\"><\/div><div class=\"w-hwrapper valign_top wrap stack_on_mobiles align_center\" style=\"--hwrapper-gap:1.2rem\"><div class=\"w-btn-wrapper align_none\"><a class=\"w-btn us-btn-style_1\" href=\"https:\/\/www.tablaosflamencos.com\/fr\/biennale-flamenco-seville\"><span class=\"w-btn-label\">Voir toutes les actualit\u00e9s de la Biennale<\/span><\/a><\/div><div class=\"w-btn-wrapper align_none\"><a class=\"w-btn us-btn-style_1\" href=\"https:\/\/www.tablaosflamencos.com\/fr\/biennale-flamenco-seville-2026.html\"><span class=\"w-btn-label\">Consulter la programmation compl\u00e8te<\/span><\/a><\/div><\/div><\/div><\/div><\/div><div class=\"vc_col-sm-1\/5 wpb_column vc_column_container\"><div class=\"vc_column-inner\"><div class=\"wpb_wrapper\"><\/div><\/div><\/div><\/div><\/div><\/section><section class=\"l-section wpb_row height_huge\"><div class=\"l-section-h i-cf\"><div class=\"g-cols vc_row via_flex valign_top type_default stacking_default\"><div class=\"vc_col-sm-1\/5 wpb_column vc_column_container\"><div class=\"vc_column-inner\"><div class=\"wpb_wrapper\"><\/div><\/div><\/div><div class=\"vc_col-sm-3\/5 wpb_column vc_column_container\"><div class=\"vc_column-inner\"><div class=\"wpb_wrapper\"><div class=\"wpb_text_column\"><div class=\"wpb_wrapper\"><h2 id=\"faq-infinita\" style=\"text-align: center;\">Questions fr\u00e9quentes sur Sara Baras et <em>Infinita<\/em> \u00e0 S\u00e9ville<\/h2>\n<\/div><\/div><div class=\"w-separator size_medium\"><\/div><div class=\"w-tabs accordion toggle_style_1 has_scrolling\" style=\"--sections-title-size:inherit;--sections-gap:0.5rem;\"><div class=\"w-tabs-sections titles-align_none icon_chevron cpos_right\"><div class=\"w-tabs-section\" id=\"o8bd\"><button type=\"button\" class=\"w-tabs-section-header\" aria-controls=\"content-o8bd\" aria-expanded=\"false\"><div class=\"w-tabs-section-title\">Quand Sara Baras se produit-elle \u00e0 S\u00e9ville en 2026 ?<\/div><div class=\"w-tabs-section-control\"><\/div><\/button><div  class=\"w-tabs-section-content\" id=\"content-o8bd\"><div class=\"w-tabs-section-content-h i-cf\"><div class=\"wpb_text_column\"><div class=\"wpb_wrapper\"><p>Sara Baras pr\u00e9sente <em>Infinita<\/em> les <strong>11, 12 et 13 septembre 2026 \u00e0 20 h<\/strong> au Teatro de la Maestranza, dans le cadre de la XXIVe Biennale de Flamenco de S\u00e9ville.<\/p>\n<\/div><\/div><\/div><\/div><\/div><div class=\"w-tabs-section\" id=\"ua10\"><button type=\"button\" class=\"w-tabs-section-header\" aria-controls=\"content-ua10\" aria-expanded=\"false\"><div class=\"w-tabs-section-title\">Infinita est-il une premi\u00e8re ?<\/div><div class=\"w-tabs-section-control\"><\/div><\/button><div  class=\"w-tabs-section-content\" id=\"content-ua10\"><div class=\"w-tabs-section-content-h i-cf\"><div class=\"wpb_text_column\"><div class=\"wpb_wrapper\"><p>Oui. La repr\u00e9sentation du 11 septembre sera la <strong>premi\u00e8re mondiale<\/strong> d\u2019 <em>Infinita<\/em>. Le spectacle a \u00e9t\u00e9 cr\u00e9\u00e9 pour la Biennale et poursuivra ensuite sa tourn\u00e9e dans d\u2019autres th\u00e9\u00e2tres.<\/p>\n<\/div><\/div><\/div><\/div><\/div><div class=\"w-tabs-section\" id=\"rb5d\"><button type=\"button\" class=\"w-tabs-section-header\" aria-controls=\"content-rb5d\" aria-expanded=\"false\"><div class=\"w-tabs-section-title\">De quoi parle Infinita ?<\/div><div class=\"w-tabs-section-control\"><\/div><\/button><div  class=\"w-tabs-section-content\" id=\"content-rb5d\"><div class=\"w-tabs-section-content-h i-cf\"><div class=\"wpb_text_column\"><div class=\"wpb_wrapper\"><p><em>Infinita<\/em> est un hommage \u00e0 l\u2019Andalousie construit \u00e0 travers <strong>huit femmes repr\u00e9sentant ses huit provinces<\/strong>. Le spectacle utilise flamenco, folklore, musique, chor\u00e9graphie, sc\u00e9nographie, lumi\u00e8re et costumes pour explorer les diff\u00e9rences et le battement commun de l\u2019identit\u00e9 andalouse.<\/p>\n<\/div><\/div><\/div><\/div><\/div><div class=\"w-tabs-section\" id=\"fcc1\"><button type=\"button\" class=\"w-tabs-section-header\" aria-controls=\"content-fcc1\" aria-expanded=\"false\"><div class=\"w-tabs-section-title\">Qui met en sc\u00e8ne et chor\u00e9graphie Infinita ?<\/div><div class=\"w-tabs-section-control\"><\/div><\/button><div  class=\"w-tabs-section-content\" id=\"content-fcc1\"><div class=\"w-tabs-section-content-h i-cf\"><div class=\"wpb_text_column\"><div class=\"wpb_wrapper\"><p><strong>Sara Baras signe la mise en sc\u00e8ne, le sc\u00e9nario et la chor\u00e9graphie.<\/strong> La musique originale est de Keko Baldomero, directeur musical de la compagnie.<\/p>\n<\/div><\/div><\/div><\/div><\/div><div class=\"w-tabs-section\" id=\"xe1c\"><button type=\"button\" class=\"w-tabs-section-header\" aria-controls=\"content-xe1c\" aria-expanded=\"false\"><div class=\"w-tabs-section-title\">Depuis combien d\u2019ann\u00e9es Sara Baras n\u2019avait-elle pas particip\u00e9 \u00e0 la Biennale ?<\/div><div class=\"w-tabs-section-control\"><\/div><\/button><div  class=\"w-tabs-section-content\" id=\"content-xe1c\"><div class=\"w-tabs-section-content-h i-cf\"><div class=\"wpb_text_column\"><div class=\"wpb_wrapper\"><p>Sa derni\u00e8re participation remonte \u00e0 2012 avec <em>La Pepa<\/em>. Par cons\u00e9quent, <em>Infinita<\/em> marque son retour \u00e0 la Biennale <strong>quatorze ans plus tard<\/strong>.<\/p>\n<\/div><\/div><\/div><\/div><\/div><div class=\"w-tabs-section\" id=\"ef5c\"><button type=\"button\" class=\"w-tabs-section-header\" aria-controls=\"content-ef5c\" aria-expanded=\"false\"><div class=\"w-tabs-section-title\">O\u00f9 a eu lieu la derni\u00e8re Biennale de Sara Baras avant 2026 ?<\/div><div class=\"w-tabs-section-control\"><\/div><\/button><div  class=\"w-tabs-section-content\" id=\"content-ef5c\"><div class=\"w-tabs-section-content-h i-cf\"><div class=\"wpb_text_column\"><div class=\"wpb_wrapper\"><p>En 2012, elle a pr\u00e9sent\u00e9 <em>La Pepa<\/em> au <strong>Teatro de la Maestranza<\/strong>, la m\u00eame sc\u00e8ne sur laquelle elle revient en 2026. Les trois repr\u00e9sentations de cette \u00e9dition avaient vendu les 5 100 places mises en vente.<\/p>\n<\/div><\/div><\/div><\/div><\/div><div class=\"w-tabs-section\" id=\"z0a0\"><button type=\"button\" class=\"w-tabs-section-header\" aria-controls=\"content-z0a0\" aria-expanded=\"false\"><div class=\"w-tabs-section-title\">Y a-t-il des billets pour Sara Baras \u00e0 la Biennale 2026 ?<\/div><div class=\"w-tabs-section-control\"><\/div><\/button><div  class=\"w-tabs-section-content\" id=\"content-z0a0\"><div class=\"w-tabs-section-content-h i-cf\"><div class=\"wpb_text_column\"><div class=\"wpb_wrapper\"><p>Au 31 ao\u00fbt 2026, <em>Infinita<\/em> figure parmi les spectacles <strong>complets<\/strong> de la Biennale. Il est conseill\u00e9 de v\u00e9rifier les canaux officiels au cas o\u00f9 des places de derni\u00e8re minute seraient lib\u00e9r\u00e9es et d\u2019\u00e9viter la revente non autoris\u00e9e.<\/p>\n<\/div><\/div><\/div><\/div><\/div><div class=\"w-tabs-section\" id=\"k1e1\"><button type=\"button\" class=\"w-tabs-section-header\" aria-controls=\"content-k1e1\" aria-expanded=\"false\"><div class=\"w-tabs-section-title\">Combien co\u00fbtaient les billets ?<\/div><div class=\"w-tabs-section-control\"><\/div><\/button><div  class=\"w-tabs-section-content\" id=\"content-k1e1\"><div class=\"w-tabs-section-content-h i-cf\"><div class=\"wpb_text_column\"><div class=\"wpb_wrapper\"><p>La Biennale indique que le prix maximal de ses billets en 2026 atteint <strong>75 euros<\/strong> pr\u00e9cis\u00e9ment pour le spectacle de Sara Baras, pour des places de Patio A au Teatro de la Maestranza.<\/p>\n<\/div><\/div><\/div><\/div><\/div><div class=\"w-tabs-section\" id=\"e2d4\"><button type=\"button\" class=\"w-tabs-section-header\" aria-controls=\"content-e2d4\" aria-expanded=\"false\"><div class=\"w-tabs-section-title\">Infinita sera-t-il pr\u00e9sent\u00e9 dans d\u2019autres villes ?<\/div><div class=\"w-tabs-section-control\"><\/div><\/button><div  class=\"w-tabs-section-content\" id=\"content-e2d4\"><div class=\"w-tabs-section-content-h i-cf\"><div class=\"wpb_text_column\"><div class=\"wpb_wrapper\"><p>Oui. Apr\u00e8s la premi\u00e8re \u00e0 S\u00e9ville, des repr\u00e9sentations sont annonc\u00e9es, entre autres villes, \u00e0 <strong>M\u00e1laga, Pampelune et Jerez de la Frontera<\/strong> au cours du dernier trimestre de 2026.<\/p>\n<\/div><\/div><\/div><\/div><\/div><\/div><\/div><\/div><\/div><\/div><div class=\"vc_col-sm-1\/5 wpb_column vc_column_container\"><div class=\"vc_column-inner\"><div class=\"wpb_wrapper\"><\/div><\/div><\/div><\/div><\/div><\/section><section class=\"l-section wpb_row height_huge color_alternate with_shape\"><div class=\"l-section-shape type_zigzag pos_top\" style=\"height:3vmin;\"><svg xmlns=\"http:\/\/www.w3.org\/2000\/svg\" viewBox=\"0 0 64 8\" preserveAspectRatio=\"none\" width=\"100%\" height=\"100%\">\r\n\t<path fill=\"currentColor\" d=\"M64 8 L0 8 L0 0 L20 7.9 L40 3 L48 5 L64 0 Z\"\/>\r\n<\/svg><\/div><div class=\"l-section-h i-cf\"><div class=\"g-cols vc_row via_flex valign_top type_default stacking_default\"><div class=\"vc_col-sm-12 wpb_column vc_column_container\"><div class=\"vc_column-inner\"><div class=\"wpb_wrapper\"><div class=\"wpb_text_column\"><div class=\"wpb_wrapper\"><h2>Sources et mise \u00e0 jour<\/h2>\n<p>Pour pr\u00e9parer ce guide, nous avons recoup\u00e9 les informations de la <a href=\"https:\/\/www.labienal.com\/noticias\/sara-baras-regresa-a-la-bienal-con-el-estreno-absoluto-de-201cinfinita201d\" target=\"_blank\" rel=\"noopener\"><strong>Biennale de Flamenco de S\u00e9ville<\/strong><\/a>, de la <a href=\"https:\/\/www.labienal.com\/programa-general\/teatro-de-la-maestranza\/sara-baras\" target=\"_blank\" rel=\"noopener\"><strong>fiche officielle d\u2019 <em>Infinita<\/em><\/strong><\/a>, du <a href=\"https:\/\/www.teatrodelamaestranza.es\/es\/detalle\/508\/sara-baras\/\" target=\"_blank\" rel=\"noopener\"><strong>Teatro de la Maestranza<\/strong><\/a> et de la <a href=\"https:\/\/sarabarasvuela.com\/infinita\/\" target=\"_blank\" rel=\"noopener\"><strong>page officielle de Sara Baras<\/strong><\/a>.<\/p>\n<p><strong>Informations v\u00e9rifi\u00e9es le 31 ao\u00fbt 2026.<\/strong> Les horaires, la disponibilit\u00e9 des billets et les conditions d\u2019acc\u00e8s peuvent \u00eatre modifi\u00e9s par les organisateurs.<\/p>\n<\/div><\/div><\/div><\/div><\/div><\/div><\/div><\/section>\n","protected":false},"excerpt":{"rendered":"<p>Sara Baras revient \u00e0 la Biennale de Flamenco de S\u00e9ville apr\u00e8s 14 ans avec Infinita : premi\u00e8re mondiale, dates, concept, billets et cl\u00e9s du spectacle.<\/p>\n","protected":false},"author":1,"featured_media":13720,"comment_status":"closed","ping_status":"closed","sticky":false,"template":"","format":"standard","meta":{"_acf_changed":false,"wpai_generated_summary":"","_ayudawp_aiss_exclude":false,"_ayudawp_aiss_exclude_summary":false,"_ayudawp_aiss_summary":"","_ayudawp_aiss_summary_provider":"","_ayudawp_aiss_summary_hash":"","footnotes":""},"categories":[1428],"tags":[1238,1239,1240,1395,1241,1155,1761,1242],"class_list":["post-13735","post","type-post","status-publish","format-standard","has-post-thumbnail","hentry","category-biennale-de-flamenco","tag-agenda-flamenca","tag-bienal-2026","tag-bienal-de-flamenco","tag-danse-flamenca","tag-festivales-flamencos","tag-flamenco-en-sevilla","tag-sara-baras-fr","tag-sevilla"],"acf":[],"yoast_head":"<!-- This site is optimized with the Yoast SEO Premium plugin v28.3 (Yoast SEO v28.3) - https:\/\/yoast.com\/product\/yoast-seo-premium-wordpress\/ -->\n<title>Sara Baras \u00e0 S\u00e9ville 2026 : Infinita \u00e0 la Biennale<\/title>\n<meta name=\"description\" content=\"Sara Baras revient \u00e0 la Biennale de Flamenco de S\u00e9ville apr\u00e8s 14 ans avec Infinita : premi\u00e8re mondiale, dates, concept, billets et cl\u00e9s du spectacle.\" \/>\n<meta name=\"robots\" content=\"index, follow, max-snippet:-1, max-image-preview:large, max-video-preview:-1\" \/>\n<link rel=\"canonical\" href=\"https:\/\/www.tablaosflamencos.com\/fr\/sara-baras-seville-2026-infinita-biennale.html\" \/>\n<meta property=\"og:locale\" content=\"fr_FR\" \/>\n<meta property=\"og:type\" content=\"article\" \/>\n<meta property=\"og:title\" content=\"Sara Baras \u00e0 S\u00e9ville en 2026 : Infinita et son retour \u00e0 la Biennale\" \/>\n<meta property=\"og:description\" content=\"Sara Baras revient \u00e0 la Biennale de Flamenco de S\u00e9ville apr\u00e8s 14 ans avec Infinita : premi\u00e8re mondiale, dates, concept, billets et cl\u00e9s du spectacle.\" \/>\n<meta property=\"og:url\" content=\"https:\/\/www.tablaosflamencos.com\/fr\/sara-baras-seville-2026-infinita-biennale.html\" \/>\n<meta property=\"og:site_name\" content=\"Tablaos Flamencos\" \/>\n<meta property=\"article:publisher\" content=\"https:\/\/www.facebook.com\/tablaosflamencos\" \/>\n<meta property=\"article:published_time\" content=\"2026-08-31T17:52:12+00:00\" \/>\n<meta property=\"article:modified_time\" content=\"2026-08-31T18:17:11+00:00\" \/>\n<meta property=\"og:image\" content=\"https:\/\/www.tablaosflamencos.com\/wp-content\/uploads\/que-es-un-tablao-flamenco-y-como-elegir-el-adecuado-guia-practica-01.webp\" \/>\n\t<meta property=\"og:image:width\" content=\"1920\" \/>\n\t<meta property=\"og:image:height\" content=\"1072\" \/>\n\t<meta property=\"og:image:type\" content=\"image\/webp\" \/>\n<meta name=\"author\" content=\"Miguel Ortiz\" \/>\n<meta name=\"twitter:card\" content=\"summary_large_image\" \/>\n<meta name=\"twitter:creator\" content=\"@tablaosflamenco\" \/>\n<meta name=\"twitter:site\" content=\"@tablaosflamenco\" \/>\n<meta name=\"twitter:label1\" content=\"\u00c9crit par\" \/>\n\t<meta name=\"twitter:data1\" content=\"Miguel Ortiz\" \/>\n\t<meta name=\"twitter:label2\" content=\"Dur\u00e9e de lecture estim\u00e9e\" \/>\n\t<meta name=\"twitter:data2\" content=\"22 minutes\" \/>\n<script type=\"application\/ld+json\" class=\"yoast-schema-graph\">{\"@context\":\"https:\\\/\\\/schema.org\",\"@graph\":[{\"@type\":\"Article\",\"@id\":\"https:\\\/\\\/www.tablaosflamencos.com\\\/fr\\\/sara-baras-seville-2026-infinita-biennale.html#article\",\"isPartOf\":{\"@id\":\"https:\\\/\\\/www.tablaosflamencos.com\\\/fr\\\/sara-baras-seville-2026-infinita-biennale.html\"},\"author\":{\"name\":\"Miguel Ortiz\",\"@id\":\"https:\\\/\\\/www.tablaosflamencos.com\\\/fr#\\\/schema\\\/person\\\/e7a9ebe14eb75a52ceabfbffb3c54f5d\"},\"headline\":\"Sara Baras \u00e0 S\u00e9ville en 2026 : Infinita et son retour \u00e0 la Biennale\",\"datePublished\":\"2026-08-31T17:52:12+00:00\",\"dateModified\":\"2026-08-31T18:17:11+00:00\",\"mainEntityOfPage\":{\"@id\":\"https:\\\/\\\/www.tablaosflamencos.com\\\/fr\\\/sara-baras-seville-2026-infinita-biennale.html\"},\"wordCount\":4441,\"publisher\":{\"@id\":\"https:\\\/\\\/www.tablaosflamencos.com\\\/fr#organization\"},\"image\":{\"@id\":\"https:\\\/\\\/www.tablaosflamencos.com\\\/fr\\\/sara-baras-seville-2026-infinita-biennale.html#primaryimage\"},\"thumbnailUrl\":\"https:\\\/\\\/www.tablaosflamencos.com\\\/wp-content\\\/uploads\\\/sara-baras-en-sevilla-2026-infinita-y-su-regreso-a-la-bienal-01.avif\",\"keywords\":[\"agenda flamenca\",\"Bienal 2026\",\"Bienal de Flamenco\",\"danse flamenca\",\"festivales flamencos\",\"flamenco en Sevilla\",\"Sara Baras\",\"sevilla\"],\"articleSection\":[\"Biennale de Flamenco\"],\"inLanguage\":\"fr-FR\"},{\"@type\":\"WebPage\",\"@id\":\"https:\\\/\\\/www.tablaosflamencos.com\\\/fr\\\/sara-baras-seville-2026-infinita-biennale.html\",\"url\":\"https:\\\/\\\/www.tablaosflamencos.com\\\/fr\\\/sara-baras-seville-2026-infinita-biennale.html\",\"name\":\"Sara Baras \u00e0 S\u00e9ville 2026 : Infinita \u00e0 la Biennale\",\"isPartOf\":{\"@id\":\"https:\\\/\\\/www.tablaosflamencos.com\\\/fr#website\"},\"primaryImageOfPage\":{\"@id\":\"https:\\\/\\\/www.tablaosflamencos.com\\\/fr\\\/sara-baras-seville-2026-infinita-biennale.html#primaryimage\"},\"image\":{\"@id\":\"https:\\\/\\\/www.tablaosflamencos.com\\\/fr\\\/sara-baras-seville-2026-infinita-biennale.html#primaryimage\"},\"thumbnailUrl\":\"https:\\\/\\\/www.tablaosflamencos.com\\\/wp-content\\\/uploads\\\/sara-baras-en-sevilla-2026-infinita-y-su-regreso-a-la-bienal-01.avif\",\"datePublished\":\"2026-08-31T17:52:12+00:00\",\"dateModified\":\"2026-08-31T18:17:11+00:00\",\"description\":\"Sara Baras revient \u00e0 la Biennale de Flamenco de S\u00e9ville apr\u00e8s 14 ans avec Infinita : premi\u00e8re mondiale, dates, concept, billets et cl\u00e9s du spectacle.\",\"breadcrumb\":{\"@id\":\"https:\\\/\\\/www.tablaosflamencos.com\\\/fr\\\/sara-baras-seville-2026-infinita-biennale.html#breadcrumb\"},\"inLanguage\":\"fr-FR\",\"potentialAction\":[{\"@type\":\"ReadAction\",\"target\":[\"https:\\\/\\\/www.tablaosflamencos.com\\\/fr\\\/sara-baras-seville-2026-infinita-biennale.html\"]}]},{\"@type\":\"ImageObject\",\"inLanguage\":\"fr-FR\",\"@id\":\"https:\\\/\\\/www.tablaosflamencos.com\\\/fr\\\/sara-baras-seville-2026-infinita-biennale.html#primaryimage\",\"url\":\"https:\\\/\\\/www.tablaosflamencos.com\\\/wp-content\\\/uploads\\\/sara-baras-en-sevilla-2026-infinita-y-su-regreso-a-la-bienal-01.avif\",\"contentUrl\":\"https:\\\/\\\/www.tablaosflamencos.com\\\/wp-content\\\/uploads\\\/sara-baras-en-sevilla-2026-infinita-y-su-regreso-a-la-bienal-01.avif\",\"width\":1920,\"height\":1279,\"caption\":\"Sara Baras en Sevilla 2026: Infinita y su regreso a la Bienal\"},{\"@type\":\"BreadcrumbList\",\"@id\":\"https:\\\/\\\/www.tablaosflamencos.com\\\/fr\\\/sara-baras-seville-2026-infinita-biennale.html#breadcrumb\",\"itemListElement\":[{\"@type\":\"ListItem\",\"position\":1,\"name\":\"Home\",\"item\":\"https:\\\/\\\/www.tablaosflamencos.com\\\/fr\"},{\"@type\":\"ListItem\",\"position\":2,\"name\":\"Sara Baras \u00e0 S\u00e9ville en 2026 : Infinita et son retour \u00e0 la Biennale\"}]},{\"@type\":\"WebSite\",\"@id\":\"https:\\\/\\\/www.tablaosflamencos.com\\\/fr#website\",\"url\":\"https:\\\/\\\/www.tablaosflamencos.com\\\/fr\",\"name\":\"Tablaos Flamencos\",\"description\":\"Entradas para tablaos flamencos de Espa\u00f1a\",\"publisher\":{\"@id\":\"https:\\\/\\\/www.tablaosflamencos.com\\\/fr#organization\"},\"alternateName\":\"Tablaos Flamencos\",\"potentialAction\":[{\"@type\":\"SearchAction\",\"target\":{\"@type\":\"EntryPoint\",\"urlTemplate\":\"https:\\\/\\\/www.tablaosflamencos.com\\\/fr?s={search_term_string}\"},\"query-input\":{\"@type\":\"PropertyValueSpecification\",\"valueRequired\":true,\"valueName\":\"search_term_string\"}}],\"inLanguage\":\"fr-FR\"},{\"@type\":[\"Organization\",\"Place\",\"EntertainmentBusiness\"],\"@id\":\"https:\\\/\\\/www.tablaosflamencos.com\\\/fr#organization\",\"name\":\"Tablaos Flamencos\",\"alternateName\":\"Tablaos Flamencos\",\"url\":\"https:\\\/\\\/www.tablaosflamencos.com\\\/fr\",\"logo\":{\"@id\":\"https:\\\/\\\/www.tablaosflamencos.com\\\/fr\\\/sara-baras-seville-2026-infinita-biennale.html#local-main-organization-logo\"},\"image\":{\"@id\":\"https:\\\/\\\/www.tablaosflamencos.com\\\/fr\\\/sara-baras-seville-2026-infinita-biennale.html#local-main-organization-logo\"},\"sameAs\":[\"https:\\\/\\\/www.facebook.com\\\/tablaosflamencos\",\"https:\\\/\\\/x.com\\\/tablaosflamenco\",\"https:\\\/\\\/mastodon.social\\\/@tablaosflamencos\",\"https:\\\/\\\/www.instagram.com\\\/tablaosflamencos\",\"https:\\\/\\\/tiktok.com\\\/@tablaosflamencos\",\"https:\\\/\\\/www.linkedin.com\\\/company\\\/109408238\\\/\"],\"description\":\"Venta de entradas para espect\u00e1culos flamencos\",\"legalName\":\"Tablaos Flamencos\",\"foundingDate\":\"2015-01-01\",\"numberOfEmployees\":{\"@type\":\"QuantitativeValue\",\"minValue\":\"1\",\"maxValue\":\"10\"},\"address\":{\"@id\":\"https:\\\/\\\/www.tablaosflamencos.com\\\/fr\\\/sara-baras-seville-2026-infinita-biennale.html#local-main-place-address\"},\"geo\":{\"@type\":\"GeoCoordinates\",\"latitude\":\"37.3868072\",\"longitude\":\"-5.993280299999999\"},\"telephone\":[\"+34623787787\"],\"contactPoint\":{\"@type\":\"ContactPoint\",\"telephone\":\"+34623787787\",\"email\":\"info@tablaosflamencos.com\"},\"openingHoursSpecification\":{\"@type\":\"OpeningHoursSpecification\",\"dayOfWeek\":[\"Monday\",\"Tuesday\",\"Wednesday\",\"Thursday\",\"Friday\",\"Saturday\",\"Sunday\"],\"opens\":\"00:00\",\"closes\":\"23:59\"},\"email\":\"info@tablaosflamencos.com\",\"priceRange\":\"$$$\",\"currenciesAccepted\":\"\u20ac\"},{\"@type\":\"Person\",\"@id\":\"https:\\\/\\\/www.tablaosflamencos.com\\\/fr#\\\/schema\\\/person\\\/e7a9ebe14eb75a52ceabfbffb3c54f5d\",\"name\":\"Miguel Ortiz\",\"description\":\"Miguel Ortiz es un empresario flamenco, con una s\u00f3lida trayectoria dentro del sector. Ha presidido entidades culturales vinculadas al flamenco y, cuenta con un amplio recorrido profesional en la gesti\u00f3n y promoci\u00f3n de espect\u00e1culos y tablaos flamencos. Su pasi\u00f3n por la historia y el arte flamenco se refleja en cada art\u00edculo, donde combina experiencia, criterio y un profundo respeto por la tradici\u00f3n.\",\"sameAs\":[\"https:\\\/\\\/www.tablaosflamencos.com\",\"https:\\\/\\\/www.instagra.com\\\/miguelortizfe\",\"https:\\\/\\\/www.linkedin.com\\\/in\\\/miguelortizf\\\/\"],\"birthDate\":\"1984-11-22\",\"gender\":\"hombre\",\"knowsLanguage\":[\"espa\u00f1ol\",\"ingl\u00e9s\"],\"jobTitle\":\"Empresario flamenco\"},{\"@type\":\"PostalAddress\",\"@id\":\"https:\\\/\\\/www.tablaosflamencos.com\\\/fr\\\/sara-baras-seville-2026-infinita-biennale.html#local-main-place-address\",\"streetAddress\":\"C\\\/ Alemanes, 19\",\"addressLocality\":\"Sevilla\",\"postalCode\":\"41004\",\"addressRegion\":\"Sevilla\",\"addressCountry\":\"ES\"},{\"@type\":\"ImageObject\",\"inLanguage\":\"fr-FR\",\"@id\":\"https:\\\/\\\/www.tablaosflamencos.com\\\/fr\\\/sara-baras-seville-2026-infinita-biennale.html#local-main-organization-logo\",\"url\":\"https:\\\/\\\/www.tablaosflamencos.com\\\/wp-content\\\/uploads\\\/tablaos-flamencos-06-3.webp\",\"contentUrl\":\"https:\\\/\\\/www.tablaosflamencos.com\\\/wp-content\\\/uploads\\\/tablaos-flamencos-06-3.webp\",\"width\":600,\"height\":620,\"caption\":\"Tablaos Flamencos\"}]}<\/script>\n<meta name=\"geo.placename\" content=\"Sevilla\" \/>\n<meta name=\"geo.position\" content=\"37.3868072;-5.993280299999999\" \/>\n<meta name=\"geo.region\" content=\"Espagne\" \/>\n<!-- \/ Yoast SEO Premium plugin. -->","yoast_head_json":{"title":"Sara Baras \u00e0 S\u00e9ville 2026 : Infinita \u00e0 la Biennale","description":"Sara Baras revient \u00e0 la Biennale de Flamenco de S\u00e9ville apr\u00e8s 14 ans avec Infinita : premi\u00e8re mondiale, dates, concept, billets et cl\u00e9s du spectacle.","robots":{"index":"index","follow":"follow","max-snippet":"max-snippet:-1","max-image-preview":"max-image-preview:large","max-video-preview":"max-video-preview:-1"},"canonical":"https:\/\/www.tablaosflamencos.com\/fr\/sara-baras-seville-2026-infinita-biennale.html","og_locale":"fr_FR","og_type":"article","og_title":"Sara Baras \u00e0 S\u00e9ville en 2026 : Infinita et son retour \u00e0 la Biennale","og_description":"Sara Baras revient \u00e0 la Biennale de Flamenco de S\u00e9ville apr\u00e8s 14 ans avec Infinita : premi\u00e8re mondiale, dates, concept, billets et cl\u00e9s du spectacle.","og_url":"https:\/\/www.tablaosflamencos.com\/fr\/sara-baras-seville-2026-infinita-biennale.html","og_site_name":"Tablaos Flamencos","article_publisher":"https:\/\/www.facebook.com\/tablaosflamencos","article_published_time":"2026-08-31T17:52:12+00:00","article_modified_time":"2026-08-31T18:17:11+00:00","og_image":[{"width":1920,"height":1072,"url":"https:\/\/www.tablaosflamencos.com\/wp-content\/uploads\/que-es-un-tablao-flamenco-y-como-elegir-el-adecuado-guia-practica-01.webp","type":"image\/webp"}],"author":"Miguel Ortiz","twitter_card":"summary_large_image","twitter_creator":"@tablaosflamenco","twitter_site":"@tablaosflamenco","twitter_misc":{"\u00c9crit par":"Miguel Ortiz","Dur\u00e9e de lecture estim\u00e9e":"22 minutes"},"schema":{"@context":"https:\/\/schema.org","@graph":[{"@type":"Article","@id":"https:\/\/www.tablaosflamencos.com\/fr\/sara-baras-seville-2026-infinita-biennale.html#article","isPartOf":{"@id":"https:\/\/www.tablaosflamencos.com\/fr\/sara-baras-seville-2026-infinita-biennale.html"},"author":{"name":"Miguel Ortiz","@id":"https:\/\/www.tablaosflamencos.com\/fr#\/schema\/person\/e7a9ebe14eb75a52ceabfbffb3c54f5d"},"headline":"Sara Baras \u00e0 S\u00e9ville en 2026 : Infinita et son retour \u00e0 la Biennale","datePublished":"2026-08-31T17:52:12+00:00","dateModified":"2026-08-31T18:17:11+00:00","mainEntityOfPage":{"@id":"https:\/\/www.tablaosflamencos.com\/fr\/sara-baras-seville-2026-infinita-biennale.html"},"wordCount":4441,"publisher":{"@id":"https:\/\/www.tablaosflamencos.com\/fr#organization"},"image":{"@id":"https:\/\/www.tablaosflamencos.com\/fr\/sara-baras-seville-2026-infinita-biennale.html#primaryimage"},"thumbnailUrl":"https:\/\/www.tablaosflamencos.com\/wp-content\/uploads\/sara-baras-en-sevilla-2026-infinita-y-su-regreso-a-la-bienal-01.avif","keywords":["agenda flamenca","Bienal 2026","Bienal de Flamenco","danse flamenca","festivales flamencos","flamenco en Sevilla","Sara Baras","sevilla"],"articleSection":["Biennale de Flamenco"],"inLanguage":"fr-FR"},{"@type":"WebPage","@id":"https:\/\/www.tablaosflamencos.com\/fr\/sara-baras-seville-2026-infinita-biennale.html","url":"https:\/\/www.tablaosflamencos.com\/fr\/sara-baras-seville-2026-infinita-biennale.html","name":"Sara Baras \u00e0 S\u00e9ville 2026 : Infinita \u00e0 la Biennale","isPartOf":{"@id":"https:\/\/www.tablaosflamencos.com\/fr#website"},"primaryImageOfPage":{"@id":"https:\/\/www.tablaosflamencos.com\/fr\/sara-baras-seville-2026-infinita-biennale.html#primaryimage"},"image":{"@id":"https:\/\/www.tablaosflamencos.com\/fr\/sara-baras-seville-2026-infinita-biennale.html#primaryimage"},"thumbnailUrl":"https:\/\/www.tablaosflamencos.com\/wp-content\/uploads\/sara-baras-en-sevilla-2026-infinita-y-su-regreso-a-la-bienal-01.avif","datePublished":"2026-08-31T17:52:12+00:00","dateModified":"2026-08-31T18:17:11+00:00","description":"Sara Baras revient \u00e0 la Biennale de Flamenco de S\u00e9ville apr\u00e8s 14 ans avec Infinita : premi\u00e8re mondiale, dates, concept, billets et cl\u00e9s du spectacle.","breadcrumb":{"@id":"https:\/\/www.tablaosflamencos.com\/fr\/sara-baras-seville-2026-infinita-biennale.html#breadcrumb"},"inLanguage":"fr-FR","potentialAction":[{"@type":"ReadAction","target":["https:\/\/www.tablaosflamencos.com\/fr\/sara-baras-seville-2026-infinita-biennale.html"]}]},{"@type":"ImageObject","inLanguage":"fr-FR","@id":"https:\/\/www.tablaosflamencos.com\/fr\/sara-baras-seville-2026-infinita-biennale.html#primaryimage","url":"https:\/\/www.tablaosflamencos.com\/wp-content\/uploads\/sara-baras-en-sevilla-2026-infinita-y-su-regreso-a-la-bienal-01.avif","contentUrl":"https:\/\/www.tablaosflamencos.com\/wp-content\/uploads\/sara-baras-en-sevilla-2026-infinita-y-su-regreso-a-la-bienal-01.avif","width":1920,"height":1279,"caption":"Sara Baras en Sevilla 2026: Infinita y su regreso a la Bienal"},{"@type":"BreadcrumbList","@id":"https:\/\/www.tablaosflamencos.com\/fr\/sara-baras-seville-2026-infinita-biennale.html#breadcrumb","itemListElement":[{"@type":"ListItem","position":1,"name":"Home","item":"https:\/\/www.tablaosflamencos.com\/fr"},{"@type":"ListItem","position":2,"name":"Sara Baras \u00e0 S\u00e9ville en 2026 : Infinita et son retour \u00e0 la Biennale"}]},{"@type":"WebSite","@id":"https:\/\/www.tablaosflamencos.com\/fr#website","url":"https:\/\/www.tablaosflamencos.com\/fr","name":"Tablaos Flamencos","description":"Entradas para tablaos flamencos de Espa\u00f1a","publisher":{"@id":"https:\/\/www.tablaosflamencos.com\/fr#organization"},"alternateName":"Tablaos Flamencos","potentialAction":[{"@type":"SearchAction","target":{"@type":"EntryPoint","urlTemplate":"https:\/\/www.tablaosflamencos.com\/fr?s={search_term_string}"},"query-input":{"@type":"PropertyValueSpecification","valueRequired":true,"valueName":"search_term_string"}}],"inLanguage":"fr-FR"},{"@type":["Organization","Place","EntertainmentBusiness"],"@id":"https:\/\/www.tablaosflamencos.com\/fr#organization","name":"Tablaos Flamencos","alternateName":"Tablaos Flamencos","url":"https:\/\/www.tablaosflamencos.com\/fr","logo":{"@id":"https:\/\/www.tablaosflamencos.com\/fr\/sara-baras-seville-2026-infinita-biennale.html#local-main-organization-logo"},"image":{"@id":"https:\/\/www.tablaosflamencos.com\/fr\/sara-baras-seville-2026-infinita-biennale.html#local-main-organization-logo"},"sameAs":["https:\/\/www.facebook.com\/tablaosflamencos","https:\/\/x.com\/tablaosflamenco","https:\/\/mastodon.social\/@tablaosflamencos","https:\/\/www.instagram.com\/tablaosflamencos","https:\/\/tiktok.com\/@tablaosflamencos","https:\/\/www.linkedin.com\/company\/109408238\/"],"description":"Venta de entradas para espect\u00e1culos flamencos","legalName":"Tablaos Flamencos","foundingDate":"2015-01-01","numberOfEmployees":{"@type":"QuantitativeValue","minValue":"1","maxValue":"10"},"address":{"@id":"https:\/\/www.tablaosflamencos.com\/fr\/sara-baras-seville-2026-infinita-biennale.html#local-main-place-address"},"geo":{"@type":"GeoCoordinates","latitude":"37.3868072","longitude":"-5.993280299999999"},"telephone":["+34623787787"],"contactPoint":{"@type":"ContactPoint","telephone":"+34623787787","email":"info@tablaosflamencos.com"},"openingHoursSpecification":{"@type":"OpeningHoursSpecification","dayOfWeek":["Monday","Tuesday","Wednesday","Thursday","Friday","Saturday","Sunday"],"opens":"00:00","closes":"23:59"},"email":"info@tablaosflamencos.com","priceRange":"$$$","currenciesAccepted":"\u20ac"},{"@type":"Person","@id":"https:\/\/www.tablaosflamencos.com\/fr#\/schema\/person\/e7a9ebe14eb75a52ceabfbffb3c54f5d","name":"Miguel Ortiz","description":"Miguel Ortiz es un empresario flamenco, con una s\u00f3lida trayectoria dentro del sector. Ha presidido entidades culturales vinculadas al flamenco y, cuenta con un amplio recorrido profesional en la gesti\u00f3n y promoci\u00f3n de espect\u00e1culos y tablaos flamencos. Su pasi\u00f3n por la historia y el arte flamenco se refleja en cada art\u00edculo, donde combina experiencia, criterio y un profundo respeto por la tradici\u00f3n.","sameAs":["https:\/\/www.tablaosflamencos.com","https:\/\/www.instagra.com\/miguelortizfe","https:\/\/www.linkedin.com\/in\/miguelortizf\/"],"birthDate":"1984-11-22","gender":"hombre","knowsLanguage":["espa\u00f1ol","ingl\u00e9s"],"jobTitle":"Empresario flamenco"},{"@type":"PostalAddress","@id":"https:\/\/www.tablaosflamencos.com\/fr\/sara-baras-seville-2026-infinita-biennale.html#local-main-place-address","streetAddress":"C\/ Alemanes, 19","addressLocality":"Sevilla","postalCode":"41004","addressRegion":"Sevilla","addressCountry":"ES"},{"@type":"ImageObject","inLanguage":"fr-FR","@id":"https:\/\/www.tablaosflamencos.com\/fr\/sara-baras-seville-2026-infinita-biennale.html#local-main-organization-logo","url":"https:\/\/www.tablaosflamencos.com\/wp-content\/uploads\/tablaos-flamencos-06-3.webp","contentUrl":"https:\/\/www.tablaosflamencos.com\/wp-content\/uploads\/tablaos-flamencos-06-3.webp","width":600,"height":620,"caption":"Tablaos Flamencos"}]},"geo.placename":"Sevilla","geo.position":{"lat":"37.3868072","long":"-5.993280299999999"},"geo.region":"Espagne"},"_links":{"self":[{"href":"https:\/\/www.tablaosflamencos.com\/fr\/wp-json\/wp\/v2\/posts\/13735","targetHints":{"allow":["GET"]}}],"collection":[{"href":"https:\/\/www.tablaosflamencos.com\/fr\/wp-json\/wp\/v2\/posts"}],"about":[{"href":"https:\/\/www.tablaosflamencos.com\/fr\/wp-json\/wp\/v2\/types\/post"}],"author":[{"embeddable":true,"href":"https:\/\/www.tablaosflamencos.com\/fr\/wp-json\/wp\/v2\/users\/1"}],"replies":[{"embeddable":true,"href":"https:\/\/www.tablaosflamencos.com\/fr\/wp-json\/wp\/v2\/comments?post=13735"}],"version-history":[{"count":1,"href":"https:\/\/www.tablaosflamencos.com\/fr\/wp-json\/wp\/v2\/posts\/13735\/revisions"}],"predecessor-version":[{"id":13772,"href":"https:\/\/www.tablaosflamencos.com\/fr\/wp-json\/wp\/v2\/posts\/13735\/revisions\/13772"}],"wp:featuredmedia":[{"embeddable":true,"href":"https:\/\/www.tablaosflamencos.com\/fr\/wp-json\/wp\/v2\/media\/13720"}],"wp:attachment":[{"href":"https:\/\/www.tablaosflamencos.com\/fr\/wp-json\/wp\/v2\/media?parent=13735"}],"wp:term":[{"taxonomy":"category","embeddable":true,"href":"https:\/\/www.tablaosflamencos.com\/fr\/wp-json\/wp\/v2\/categories?post=13735"},{"taxonomy":"post_tag","embeddable":true,"href":"https:\/\/www.tablaosflamencos.com\/fr\/wp-json\/wp\/v2\/tags?post=13735"}],"curies":[{"name":"wp","href":"https:\/\/api.w.org\/{rel}","templated":true}]}}