{"id":13687,"date":"2026-08-31T19:04:44","date_gmt":"2026-08-31T17:04:44","guid":{"rendered":"https:\/\/www.tablaosflamencos.com\/?p=13687"},"modified":"2026-08-31T19:24:19","modified_gmt":"2026-08-31T17:24:19","slug":"matinees-uniques-biennale-flamenco-seville-2026","status":"publish","type":"post","link":"https:\/\/www.tablaosflamencos.com\/fr\/matinees-uniques-biennale-flamenco-seville-2026.html","title":{"rendered":"Matin\u00e9es Uniques de la Biennale de Flamenco de S\u00e9ville 2026 : programme, dates et San Luis de los Franceses"},"content":{"rendered":"<section class=\"l-section wpb_row height_huge\"><div class=\"l-section-h i-cf\"><div class=\"g-cols vc_row via_flex valign_top type_default stacking_default\"><div class=\"vc_col-sm-6 wpb_column vc_column_container\"><div class=\"vc_column-inner\"><div class=\"wpb_wrapper\"><div class=\"wpb_text_column\"><div class=\"wpb_wrapper\"><h2>Matin\u00e9es Uniques de la Biennale 2026 : du flamenco \u00e0 midi dans un joyau baroque<\/h2>\n<p>Les <strong>Matin\u00e9es Uniques de la Biennale de Flamenco de S\u00e9ville 2026<\/strong> forment l\u2019un des cycles les plus singuliers de la XXIVe \u00e9dition. Six repr\u00e9sentations, toujours \u00e0 <strong>12 h 00<\/strong>, transformeront pendant trois week-ends l\u2019\u00e9glise de <strong>San Luis de los Franceses<\/strong> en un lieu de rencontre entre le flamenco et la musique ancienne.<\/p>\n<p>La proposition r\u00e9unit <strong>Pedro El Grana\u00edno, Alejandro Hurtado et Encarna Anillo<\/strong>, chacun avec deux repr\u00e9sentations et des musiciens invit\u00e9s li\u00e9s aux instruments et aux r\u00e9pertoires historiques. Le clavecin de Daniel Oyarz\u00e1bal, la guitare d\u2019Enrike Solin\u00eds et le luth de Miguel Rinc\u00f3n dialoguent ainsi avec le chant et la guitare flamenca.<\/p>\n<p>Il ne s\u2019agit pas d\u2019un simple changement d\u2019horaire dans la programmation. La Biennale con\u00e7oit les matin\u00e9es comme une exp\u00e9rience d\u2019 <strong>\u00e9coute intime et apais\u00e9e<\/strong>, dans laquelle l\u2019architecture, la lumi\u00e8re du matin, le silence et l\u2019acoustique de San Luis font partie int\u00e9grante du spectacle.<\/p>\n<\/div><\/div><\/div><\/div><\/div><div class=\"vc_col-sm-6 wpb_column vc_column_container\"><div class=\"vc_column-inner\"><div class=\"wpb_wrapper\"><div class=\"wpb_text_column\"><div class=\"wpb_wrapper\"><p style=\"text-align: center; font-size: 64px; line-height: 1; margin-bottom: 10px;\"><strong>6<\/strong><\/p>\n<h3 style=\"text-align: center;\">Matin\u00e9es Uniques<\/h3>\n<p style=\"text-align: center;\"><strong>12, 13, 19, 20, 26 et 27 septembre<\/strong><\/p>\n<p style=\"text-align: center;\">Toutes \u00e0 <strong>12 h 00<\/strong><\/p>\n<p style=\"text-align: center;\">\u00c9glise de San Luis de los Franceses<\/p>\n<\/div><\/div><\/div><\/div><\/div><\/div><\/div><\/section><section class=\"l-section wpb_row height_huge color_alternate with_shape\"><div class=\"l-section-shape type_zigzag pos_top\" style=\"height:3vmin;\"><svg xmlns=\"http:\/\/www.w3.org\/2000\/svg\" viewBox=\"0 0 64 8\" preserveAspectRatio=\"none\" width=\"100%\" height=\"100%\">\r\n\t<path fill=\"currentColor\" d=\"M64 8 L0 8 L0 0 L20 7.9 L40 3 L48 5 L64 0 Z\"\/>\r\n<\/svg><\/div><div class=\"l-section-shape type_zigzag pos_bottom\" style=\"height:3vmin;\"><svg xmlns=\"http:\/\/www.w3.org\/2000\/svg\" viewBox=\"0 0 64 8\" preserveAspectRatio=\"none\" width=\"100%\" height=\"100%\">\r\n\t<path fill=\"currentColor\" d=\"M64 8 L0 8 L0 0 L20 7.9 L40 3 L48 5 L64 0 Z\"\/>\r\n<\/svg><\/div><div class=\"l-section-h i-cf\"><div class=\"g-cols vc_row via_flex valign_top type_default stacking_default\"><div class=\"vc_col-sm-12 wpb_column vc_column_container\"><div class=\"vc_column-inner\"><div class=\"wpb_wrapper\"><div class=\"wpb_text_column\"><div class=\"wpb_wrapper\"><blockquote>\n<p><strong>R\u00e9ponse rapide :<\/strong> les Matin\u00e9es Uniques de la Biennale 2026 sont six repr\u00e9sentations matinales \u00e0 San Luis de los Franceses. Pedro El Grana\u00edno pr\u00e9sente <em>Pan de oro<\/em> les 12 et 13 septembre ; Alejandro Hurtado, <em>Devenir de la guitarra<\/em> les 19 et 20 ; et Encarna Anillo, <em>Camino de flores<\/em> les 26 et 27. Toutes commencent \u00e0 12 h 00 et explorent, sous des angles diff\u00e9rents, le dialogue entre flamenco, musique ancienne et patrimoine.<\/p>\n<\/blockquote>\n<p><strong>Derni\u00e8re mise \u00e0 jour : 31 ao\u00fbt 2026.<\/strong> La disponibilit\u00e9 des places peut \u00e9voluer. V\u00e9rifiez toujours la situation actuelle de chaque repr\u00e9sentation sur le site officiel de la Biennale.<\/p>\n<\/div><\/div><div class=\"w-separator size_medium\"><\/div><div class=\"w-hwrapper valign_top wrap stack_on_mobiles align_center\" style=\"--hwrapper-gap:1.2rem\"><div class=\"w-btn-wrapper align_none\"><a class=\"w-btn us-btn-style_1\" href=\"https:\/\/www.tablaosflamencos.com\/fr\/biennale-flamenco-seville-2026.html\"><span class=\"w-btn-label\">Guide complet de la Biennale 2026<\/span><\/a><\/div><div class=\"w-btn-wrapper align_none\"><a class=\"w-btn us-btn-style_1\" href=\"https:\/\/www.tablaosflamencos.com\/fr\/biennale-flamenco-seville\"><span class=\"w-btn-label\">Voir toutes nos actualit\u00e9s sur la Biennale<\/span><\/a><\/div><\/div><\/div><\/div><\/div><\/div><\/div><\/section><section class=\"l-section wpb_row height_huge\"><div class=\"l-section-h i-cf\"><div class=\"g-cols vc_row via_flex valign_top type_default stacking_default\"><div class=\"vc_col-sm-1\/5 wpb_column vc_column_container\"><div class=\"vc_column-inner\"><div class=\"wpb_wrapper\"><\/div><\/div><\/div><div class=\"vc_col-sm-3\/5 wpb_column vc_column_container\"><div class=\"vc_column-inner\"><div class=\"wpb_wrapper\"><div class=\"wpb_text_column\"><div class=\"wpb_wrapper\"><h2>Contenu de ce guide<\/h2>\n<ul>\n<li><a href=\"#que-son-matines\">Que sont les Matin\u00e9es Uniques ?<\/a><\/li>\n<li><a href=\"#calendario-matines\">Calendrier complet<\/a><\/li>\n<li><a href=\"#pan-de-oro\">Pedro El Grana\u00edno : Pan de oro<\/a><\/li>\n<li><a href=\"#devenir-guitarra\">Alejandro Hurtado : Devenir de la guitarra<\/a><\/li>\n<li><a href=\"#camino-flores\">Encarna Anillo : Camino de flores<\/a><\/li>\n<li><a href=\"#san-luis\">Pourquoi San Luis de los Franceses fait partie du spectacle<\/a><\/li>\n<li><a href=\"#flamenco-musica-antigua\">Flamenco et musique ancienne<\/a><\/li>\n<li><a href=\"#entradas-matines\">Billets et disponibilit\u00e9<\/a><\/li>\n<li><a href=\"#como-llegar\">Comment s\u2019y rendre et conseils pratiques<\/a><\/li>\n<li><a href=\"#faq-matines\">Questions fr\u00e9quentes<\/a><\/li>\n<\/ul>\n<\/div><\/div><\/div><\/div><\/div><div class=\"vc_col-sm-1\/5 wpb_column vc_column_container\"><div class=\"vc_column-inner\"><div class=\"wpb_wrapper\"><\/div><\/div><\/div><\/div><\/div><\/section><section class=\"l-section wpb_row height_huge color_alternate with_shape\"><div class=\"l-section-shape type_zigzag pos_top\" style=\"height:3vmin;\"><svg xmlns=\"http:\/\/www.w3.org\/2000\/svg\" viewBox=\"0 0 64 8\" preserveAspectRatio=\"none\" width=\"100%\" height=\"100%\">\r\n\t<path fill=\"currentColor\" d=\"M64 8 L0 8 L0 0 L20 7.9 L40 3 L48 5 L64 0 Z\"\/>\r\n<\/svg><\/div><div class=\"l-section-shape type_zigzag pos_bottom\" style=\"height:3vmin;\"><svg xmlns=\"http:\/\/www.w3.org\/2000\/svg\" viewBox=\"0 0 64 8\" preserveAspectRatio=\"none\" width=\"100%\" height=\"100%\">\r\n\t<path fill=\"currentColor\" d=\"M64 8 L0 8 L0 0 L20 7.9 L40 3 L48 5 L64 0 Z\"\/>\r\n<\/svg><\/div><div class=\"l-section-h i-cf\"><div class=\"g-cols vc_row via_flex valign_top type_default stacking_default\"><div class=\"vc_col-sm-6 wpb_column vc_column_container\"><div class=\"vc_column-inner\"><div class=\"wpb_wrapper\"><div class=\"wpb_text_column\"><div class=\"wpb_wrapper\"><h2 id=\"que-son-matines\">Que sont les Matin\u00e9es Uniques de la Biennale ?<\/h2>\n<p>Les Matin\u00e9es Uniques transposent le concept d\u2019\u00e9v\u00e9nement irr\u00e9p\u00e9tible de la Biennale dans un format diff\u00e9rent de celui des <a href=\"https:\/\/www.tablaosflamencos.com\/noches-unicas-bienal-flamenco-sevilla-2026.html\"><strong>Nuits Uniques<\/strong><\/a>. Au lieu de grands th\u00e9\u00e2tres, de sessions nocturnes ou de productions de plus grande ampleur, l\u2019accent est ici mis sur la <strong>proximit\u00e9, le recueillement et l\u2019\u00e9coute<\/strong>.<\/p>\n<p>La XXIVe Biennale programme six rendez-vous entre le 12 et le 27 septembre. Il s\u2019agit en r\u00e9alit\u00e9 de <strong>trois propositions artistiques, chacune pr\u00e9sent\u00e9e deux matins cons\u00e9cutifs<\/strong>. Toutes ont lieu \u00e0 12 h 00 dans l\u2019\u00e9glise de San Luis de los Franceses.<\/p>\n<p>Le cycle \u00e9tablit \u00e9galement un pont avec le <strong>Festival de Musique Ancienne de S\u00e9ville (FeM\u00c0S)<\/strong>. L\u2019id\u00e9e est de consid\u00e9rer le flamenco comme une musique capable de dialoguer avec une approche historiquement inform\u00e9e, en int\u00e9grant des musiciens et des instruments associ\u00e9s aux r\u00e9pertoires anciens sans transformer le r\u00e9sultat en fusion superficielle.<\/p>\n<\/div><\/div><\/div><\/div><\/div><div class=\"vc_col-sm-6 wpb_column vc_column_container\"><div class=\"vc_column-inner\"><div class=\"wpb_wrapper\"><div class=\"wpb_text_column\"><div class=\"wpb_wrapper\"><h2>Un format con\u00e7u pour \u00e9couter autrement<\/h2>\n<p>L\u2019organisation elle-m\u00eame pr\u00e9sente ces repr\u00e9sentations comme une invitation \u00e0 ralentir. L\u2019\u00e9chelle du lieu et l\u2019horaire permettent de s\u2019\u00e9loigner de la logique du grand spectacle nocturne et de se rapprocher du d\u00e9tail du chant et du jeu de guitare.<\/p>\n<p>San Luis de los Franceses ne sert pas ici de simple d\u00e9cor. Son plan, son ornementation baroque, la lumi\u00e8re qui entre le matin et le caract\u00e8re c\u00e9r\u00e9moniel de l\u2019ensemble influencent la perception.<\/p>\n<p>Cela convient particuli\u00e8rement bien aux trois projets choisis : le chant profond et solennel de Pedro El Grana\u00edno, le regard historique d\u2019Alejandro Hurtado sur la guitare et le voyage \u00e9motionnel d\u2019Encarna Anillo.<\/p>\n<\/div><\/div><\/div><\/div><\/div><\/div><\/div><\/section><section class=\"l-section wpb_row height_huge\"><div class=\"l-section-h i-cf\"><div class=\"g-cols vc_row via_flex valign_top type_default stacking_default\"><div class=\"vc_col-sm-12 wpb_column vc_column_container\"><div class=\"vc_column-inner\"><div class=\"wpb_wrapper\"><div class=\"wpb_text_column\"><div class=\"wpb_wrapper\"><h2 id=\"calendario-matines\">Calendrier des Matin\u00e9es Uniques de la Biennale 2026<\/h2>\n<div style=\"overflow-x: auto;\">\n<table>\n<thead>\n<tr>\n<th>Date<\/th>\n<th>Heure<\/th>\n<th>Artiste<\/th>\n<th>Spectacle<\/th>\n<th>Collaboration principale<\/th>\n<\/tr>\n<\/thead>\n<tbody>\n<tr>\n<td><strong>12 septembre<\/strong><\/td>\n<td>12 h 00<\/td>\n<td>Pedro El Grana\u00edno<\/td>\n<td><em>Pan de oro<\/em><\/td>\n<td>Daniel Oyarz\u00e1bal, clavecin<\/td>\n<\/tr>\n<tr>\n<td><strong>13 septembre<\/strong><\/td>\n<td>12 h 00<\/td>\n<td>Pedro El Grana\u00edno<\/td>\n<td><em>Pan de oro<\/em><\/td>\n<td>Daniel Oyarz\u00e1bal, clavecin<\/td>\n<\/tr>\n<tr>\n<td><strong>19 septembre<\/strong><\/td>\n<td>12 h 00<\/td>\n<td>Alejandro Hurtado<\/td>\n<td><em>Devenir de la guitarra<\/em><\/td>\n<td>Enrike Solin\u00eds<\/td>\n<\/tr>\n<tr>\n<td><strong>20 septembre<\/strong><\/td>\n<td>12 h 00<\/td>\n<td>Alejandro Hurtado<\/td>\n<td><em>Devenir de la guitarra<\/em><\/td>\n<td>Enrike Solin\u00eds<\/td>\n<\/tr>\n<tr>\n<td><strong>26 septembre<\/strong><\/td>\n<td>12 h 00<\/td>\n<td>Encarna Anillo<\/td>\n<td><em>Camino de flores<\/em><\/td>\n<td>Miguel Rinc\u00f3n, luth<\/td>\n<\/tr>\n<tr>\n<td><strong>27 septembre<\/strong><\/td>\n<td>12 h 00<\/td>\n<td>Encarna Anillo<\/td>\n<td><em>Camino de flores<\/em><\/td>\n<td>Miguel Rinc\u00f3n, luth<\/td>\n<\/tr>\n<\/tbody>\n<\/table>\n<\/div>\n<p>&nbsp;<\/p>\n<p>Les six repr\u00e9sentations ont lieu dans l\u2019 <strong>\u00e9glise de San Luis de los Franceses<\/strong>. Le programme officiel et les liens d\u2019achat sont disponibles sur <a href=\"https:\/\/www.labienal.com\/programa-general\/iglesia-san-luis-de-los-franceses\" target=\"_blank\" rel=\"noopener\"><strong>la page de la Biennale consacr\u00e9e \u00e0 ce lieu<\/strong><\/a>.<\/p>\n<\/div><\/div><\/div><\/div><\/div><\/div><\/div><\/section><section class=\"l-section wpb_row height_huge color_alternate with_shape\"><div class=\"l-section-shape type_zigzag pos_top\" style=\"height:3vmin;\"><svg xmlns=\"http:\/\/www.w3.org\/2000\/svg\" viewBox=\"0 0 64 8\" preserveAspectRatio=\"none\" width=\"100%\" height=\"100%\">\r\n\t<path fill=\"currentColor\" d=\"M64 8 L0 8 L0 0 L20 7.9 L40 3 L48 5 L64 0 Z\"\/>\r\n<\/svg><\/div><div class=\"l-section-shape type_zigzag pos_bottom\" style=\"height:3vmin;\"><svg xmlns=\"http:\/\/www.w3.org\/2000\/svg\" viewBox=\"0 0 64 8\" preserveAspectRatio=\"none\" width=\"100%\" height=\"100%\">\r\n\t<path fill=\"currentColor\" d=\"M64 8 L0 8 L0 0 L20 7.9 L40 3 L48 5 L64 0 Z\"\/>\r\n<\/svg><\/div><div class=\"l-section-h i-cf\"><div class=\"g-cols vc_row via_flex valign_top type_default stacking_default\"><div class=\"vc_col-sm-6 wpb_column vc_column_container\"><div class=\"vc_column-inner\"><div class=\"wpb_wrapper\"><div class=\"wpb_text_column\"><div class=\"wpb_wrapper\"><h2 id=\"pan-de-oro\">Pedro El Grana\u00edno et Daniel Oyarz\u00e1bal : <em>Pan de oro<\/em><\/h2>\n<p><strong>12 et 13 septembre \u00b7 12 h 00<\/strong><\/p>\n<p>Pedro El Grana\u00edno ouvre le cycle avec un projet con\u00e7u en exclusivit\u00e9 pour la Biennale. <em>Pan de oro<\/em> recherche une atmosph\u00e8re solennelle et intime o\u00f9 le chant rencontre le son du clavecin.<\/p>\n<p>La distribution r\u00e9unit <strong>Pedro El Grana\u00edno au chant, Daniel Oyarz\u00e1bal au clavecin, Rosa Escobar \u00e0 l\u2019alto et Patrocinio Hijo \u00e0 la guitare<\/strong>. La pr\u00e9sence des cordes, du clavecin et de la guitare permet de cr\u00e9er un paysage sonore inhabituel autour d\u2019une voix particuli\u00e8rement li\u00e9e aux registres les plus profonds du flamenco.<\/p>\n<p>Le r\u00e9pertoire annonc\u00e9 parcourt <strong>grana\u00edna, malague\u00f1a, sole\u00e1, fandangos et saeta<\/strong>, entre autres formes. Ces styles peuvent trouver dans le recueillement de San Luis un contexte particuli\u00e8rement adapt\u00e9.<\/p>\n<\/div><\/div><\/div><\/div><\/div><div class=\"vc_col-sm-6 wpb_column vc_column_container\"><div class=\"vc_column-inner\"><div class=\"wpb_wrapper\"><div class=\"wpb_text_column\"><div class=\"wpb_wrapper\"><h2>Pourquoi <em>Pan de oro<\/em> s\u2019accorde avec San Luis<\/h2>\n<p>Le projet ne cherche pas \u00e0 transformer le chant flamenco en musique baroque. L\u2019int\u00e9r\u00eat r\u00e9side pr\u00e9cis\u00e9ment dans la pr\u00e9servation des identit\u00e9s et dans l\u2019observation de ce qui se produit lorsque la voix, la guitare et un instrument comme le clavecin partagent un espace charg\u00e9 de r\u00e9sonances historiques.<\/p>\n<p>Le titre <em>Pan de oro<\/em> cr\u00e9e \u00e9galement une association in\u00e9vitable avec la richesse visuelle du temple. Dans une \u00e9glise o\u00f9 retables, peintures et architecture travaillent ensemble pour produire une exp\u00e9rience sensorielle, le projet transpose cette id\u00e9e de solennit\u00e9 dans le son.<\/p>\n<p>Pour qui souhaite entendre le chant \u00e0 une \u00e9chelle diff\u00e9rente de celle des grandes sc\u00e8nes de la Biennale, il s\u2019agit probablement de l\u2019une des propositions les plus particuli\u00e8res de l\u2019\u00e9dition.<\/p>\n<\/div><\/div><\/div><\/div><\/div><\/div><\/div><\/section><section class=\"l-section wpb_row height_huge\"><div class=\"l-section-h i-cf\"><div class=\"g-cols vc_row via_flex valign_top type_default stacking_default\"><div class=\"vc_col-sm-6 wpb_column vc_column_container\"><div class=\"vc_column-inner\"><div class=\"wpb_wrapper\"><div class=\"wpb_text_column\"><div class=\"wpb_wrapper\"><h2 id=\"devenir-guitarra\">Alejandro Hurtado et Enrike Solin\u00eds : <em>Devenir de la guitarra<\/em><\/h2>\n<p><strong>19 et 20 septembre \u00b7 12 h 00<\/strong><\/p>\n<p>Une semaine plus tard, la guitare devient protagoniste. <strong>Alejandro Hurtado<\/strong> propose un parcours reliant diff\u00e9rentes \u00e9tapes et diff\u00e9rents langages de la guitare espagnole et flamenca, avec la collaboration sp\u00e9ciale d\u2019 <strong>Enrike Solin\u00eds<\/strong> et en collaboration avec FeM\u00c0S.<\/p>\n<p>Le programme associe des compositions de Hurtado \u00e0 des pages li\u00e9es \u00e0 des figures essentielles de la guitare. On y trouve des r\u00e9f\u00e9rences \u00e0 <strong>Francisco T\u00e1rrega, Ram\u00f3n Montoya et Ni\u00f1o Ricardo<\/strong>, ainsi que grana\u00edna, alegr\u00edas, farruca, seguiriya, zapateado, taranta, habanera, panaderos, berceuse et buler\u00edas.<\/p>\n<p>Solin\u00eds apporte \u00e9galement un dialogue avec les r\u00e9pertoires de la guitare historique, ouvrant une autre fen\u00eatre sur l\u2019\u00e9volution de l\u2019instrument.<\/p>\n<\/div><\/div><\/div><\/div><\/div><div class=\"vc_col-sm-6 wpb_column vc_column_container\"><div class=\"vc_column-inner\"><div class=\"wpb_wrapper\"><div class=\"wpb_text_column\"><div class=\"wpb_wrapper\"><h2>Une petite histoire de la guitare au sein de la Biennale<\/h2>\n<p><em>Devenir de la guitarra<\/em> s\u2019inscrit particuli\u00e8rement bien dans l\u2019un des grands axes de l\u2019\u00e9dition 2026 : la guitare de concert. \u00c0 San Luis, cependant, l\u2019approche devient presque arch\u00e9ologique.<\/p>\n<p>Alejandro Hurtado ne propose pas seulement un r\u00e9cital de ses propres compositions. Le programme permet d\u2019entendre comment les techniques, les formes et les sensibilit\u00e9s de diff\u00e9rentes \u00e9poques ont construit la guitare que nous associons aujourd\u2019hui au flamenco.<\/p>\n<p>La collaboration d\u2019Enrike Solin\u00eds renforce cette lecture historique. Plut\u00f4t qu\u2019une opposition simple entre \u00ab guitare ancienne \u00bb et \u00ab guitare flamenca \u00bb, la matin\u00e9e invite \u00e0 comprendre l\u2019instrument comme une continuit\u00e9 faite de croisements, de transformations et d\u2019emprunts.<\/p>\n<\/div><\/div><\/div><\/div><\/div><\/div><\/div><\/section><section class=\"l-section wpb_row height_huge color_alternate with_shape\"><div class=\"l-section-shape type_zigzag pos_top\" style=\"height:3vmin;\"><svg xmlns=\"http:\/\/www.w3.org\/2000\/svg\" viewBox=\"0 0 64 8\" preserveAspectRatio=\"none\" width=\"100%\" height=\"100%\">\r\n\t<path fill=\"currentColor\" d=\"M64 8 L0 8 L0 0 L20 7.9 L40 3 L48 5 L64 0 Z\"\/>\r\n<\/svg><\/div><div class=\"l-section-shape type_zigzag pos_bottom\" style=\"height:3vmin;\"><svg xmlns=\"http:\/\/www.w3.org\/2000\/svg\" viewBox=\"0 0 64 8\" preserveAspectRatio=\"none\" width=\"100%\" height=\"100%\">\r\n\t<path fill=\"currentColor\" d=\"M64 8 L0 8 L0 0 L20 7.9 L40 3 L48 5 L64 0 Z\"\/>\r\n<\/svg><\/div><div class=\"l-section-h i-cf\"><div class=\"g-cols vc_row via_flex valign_top type_default stacking_default\"><div class=\"vc_col-sm-6 wpb_column vc_column_container\"><div class=\"vc_column-inner\"><div class=\"wpb_wrapper\"><div class=\"wpb_text_column\"><div class=\"wpb_wrapper\"><h2 id=\"camino-flores\">Encarna Anillo et Miguel Rinc\u00f3n : <em>Camino de flores<\/em><\/h2>\n<p><strong>26 et 27 septembre \u00b7 12 h 00<\/strong><\/p>\n<p>Encarna Anillo cl\u00f4t les Matin\u00e9es Uniques avec un projet beaucoup plus narratif et autobiographique. <em>Camino de flores<\/em> parcourt diff\u00e9rentes \u00e9tapes \u00e9motionnelles de sa vie et les relie \u00e0 diff\u00e9rents palos du flamenco et aux <strong>\u00e9lixirs floraux de Bach<\/strong>.<\/p>\n<p>Le programme passe par les alegr\u00edas de C\u00f3rdoba, marianas et tientos, petenera, seguiriya, fandango, milonga, sole\u00e1 de C\u00e1diz et buler\u00eda. Chaque chant repr\u00e9sente un \u00e9tat : enfance et innocence, d\u00e9sillusion, d\u00e9sespoir, anxi\u00e9t\u00e9, amour, transformation ou c\u00e9l\u00e9bration.<\/p>\n<p>La chanteuse sera accompagn\u00e9e par <strong>Andr\u00e9s Hern\u00e1ndez \u00ab Pituquete \u00bb \u00e0 la guitare<\/strong>, Roberto Ja\u00e9n et Diego Montoya aux palmas, avec la collaboration du <strong>luthiste Miguel Rinc\u00f3n<\/strong> dans le dialogue avec la musique ancienne.<\/p>\n<\/div><\/div><\/div><\/div><\/div><div class=\"vc_col-sm-6 wpb_column vc_column_container\"><div class=\"vc_column-inner\"><div class=\"wpb_wrapper\"><div class=\"wpb_text_column\"><div class=\"wpb_wrapper\"><h2>Un r\u00e9cital con\u00e7u comme un parcours de vie<\/h2>\n<p>L\u2019organisation pr\u00e9sente <em>Camino de flores<\/em> comme un voyage o\u00f9 le flamenco agit \u00e0 la fois comme m\u00e9moire, racine et outil de transformation. La succession des palos ne r\u00e9pond pas seulement \u00e0 un crit\u00e8re musical : elle structure le r\u00e9cit personnel de l\u2019artiste.<\/p>\n<p>Le choix de San Luis renforce cette dimension introspective. Si <em>Pan de oro<\/em> joue avec la solennit\u00e9 et <em>Devenir de la guitarra<\/em> avec l\u2019histoire de l\u2019instrument, ici la relation avec l\u2019espace est \u00e9motionnelle et presque rituelle.<\/p>\n<p>\u00c0 la fin du mois d\u2019ao\u00fbt, la Biennale a confirm\u00e9 que <strong>les repr\u00e9sentations d\u2019Encarna Anillo \u00e9taient compl\u00e8tes<\/strong>. La disponibilit\u00e9 du reste du cycle doit \u00eatre v\u00e9rifi\u00e9e directement aupr\u00e8s des canaux officiels, car elle peut \u00e9voluer \u00e0 mesure que les dates approchent.<\/p>\n<\/div><\/div><\/div><\/div><\/div><\/div><\/div><\/section><section class=\"l-section wpb_row height_huge\"><div class=\"l-section-h i-cf\"><div class=\"g-cols vc_row via_flex valign_top type_default stacking_default\"><div class=\"vc_col-sm-1\/5 wpb_column vc_column_container\"><div class=\"vc_column-inner\"><div class=\"wpb_wrapper\"><\/div><\/div><\/div><div class=\"vc_col-sm-3\/5 wpb_column vc_column_container\"><div class=\"vc_column-inner\"><div class=\"wpb_wrapper\"><div class=\"wpb_text_column\"><div class=\"wpb_wrapper\"><h2 id=\"san-luis\" style=\"text-align: center;\">San Luis de los Franceses : quand le lieu fait partie de la musique<\/h2>\n<p style=\"text-align: center;\">L\u2019ensemble monumental de San Luis de los Franceses a \u00e9t\u00e9 construit entre <strong>1699 et 1731<\/strong> et est consid\u00e9r\u00e9 comme l\u2019un des exemples les mieux conserv\u00e9s du plein Baroque \u00e0 S\u00e9ville. Le projet est l\u2019\u0153uvre de <strong>Leonardo de Figueroa<\/strong> et faisait partie de l\u2019ancien noviciat de la Compagnie de J\u00e9sus.<\/p>\n<p style=\"text-align: center;\">Son programme artistique associe architecture, sculpture et peinture avec une forte intention symbolique et sc\u00e9nographique. Cette dimension baroque est particuli\u00e8rement importante pour les matin\u00e9es : l\u2019espace a \u00e9t\u00e9 con\u00e7u pour envelopper le visiteur et provoquer une exp\u00e9rience sensorielle.<\/p>\n<p style=\"text-align: center;\">La Biennale exploite pr\u00e9cis\u00e9ment ces caract\u00e9ristiques. La lumi\u00e8re de midi, l\u2019\u00e9chelle intime et le silence de l\u2019\u00e9glise transforment la mani\u00e8re d\u2019\u00e9couter une voix ou une guitare. C\u2019est pourquoi les Matin\u00e9es Uniques ne pourraient \u00eatre d\u00e9plac\u00e9es sur n\u2019importe quelle autre sc\u00e8ne sans perdre une part importante de leur sens.<\/p>\n<\/div><\/div><\/div><\/div><\/div><div class=\"vc_col-sm-1\/5 wpb_column vc_column_container\"><div class=\"vc_column-inner\"><div class=\"wpb_wrapper\"><\/div><\/div><\/div><\/div><\/div><\/section><section class=\"l-section wpb_row height_huge color_alternate with_shape\"><div class=\"l-section-shape type_zigzag pos_top\" style=\"height:3vmin;\"><svg xmlns=\"http:\/\/www.w3.org\/2000\/svg\" viewBox=\"0 0 64 8\" preserveAspectRatio=\"none\" width=\"100%\" height=\"100%\">\r\n\t<path fill=\"currentColor\" d=\"M64 8 L0 8 L0 0 L20 7.9 L40 3 L48 5 L64 0 Z\"\/>\r\n<\/svg><\/div><div class=\"l-section-shape type_zigzag pos_bottom\" style=\"height:3vmin;\"><svg xmlns=\"http:\/\/www.w3.org\/2000\/svg\" viewBox=\"0 0 64 8\" preserveAspectRatio=\"none\" width=\"100%\" height=\"100%\">\r\n\t<path fill=\"currentColor\" d=\"M64 8 L0 8 L0 0 L20 7.9 L40 3 L48 5 L64 0 Z\"\/>\r\n<\/svg><\/div><div class=\"l-section-h i-cf\"><div class=\"g-cols vc_row via_flex valign_top type_default stacking_default\"><div class=\"vc_col-sm-6 wpb_column vc_column_container\"><div class=\"vc_column-inner\"><div class=\"wpb_wrapper\"><div class=\"wpb_text_column\"><div class=\"wpb_wrapper\"><h2 id=\"flamenco-musica-antigua\">Flamenco et musique ancienne : que recherche ce cycle ?<\/h2>\n<p>L\u2019un des aspects les plus int\u00e9ressants des matin\u00e9es est que la Biennale ne consid\u00e8re pas le Baroque comme un simple d\u00e9cor visuel. Il existe une v\u00e9ritable collaboration avec l\u2019univers de la <strong>musique ancienne<\/strong>.<\/p>\n<p>Le claveciniste Daniel Oyarz\u00e1bal, Enrike Solin\u00eds et le luthiste Miguel Rinc\u00f3n introduisent des sonorit\u00e9s qui ne font normalement pas partie d\u2019un r\u00e9cital flamenco conventionnel. Mais chaque projet utilise cette rencontre d\u2019une mani\u00e8re diff\u00e9rente.<\/p>\n<ul>\n<li><strong><em>Pan de oro<\/em><\/strong> recherche la solennit\u00e9 et le recueillement autour du chant.<\/li>\n<li><strong><em>Devenir de la guitarra<\/em><\/strong> se tourne vers l\u2019histoire et la transformation de l\u2019instrument.<\/li>\n<li><strong><em>Camino de flores<\/em><\/strong> utilise le dialogue des timbres dans un r\u00e9cit \u00e9motionnel.<\/li>\n<\/ul>\n<\/div><\/div><\/div><\/div><\/div><div class=\"vc_col-sm-6 wpb_column vc_column_container\"><div class=\"vc_column-inner\"><div class=\"wpb_wrapper\"><div class=\"wpb_text_column\"><div class=\"wpb_wrapper\"><h2>S\u2019agit-il de concerts baroques avec du flamenco ?<\/h2>\n<p>Pas exactement. Le flamenco reste au centre des trois propositions. La musique ancienne agit comme interlocutrice et permet d\u2019entendre autrement des \u00e9l\u00e9ments d\u00e9j\u00e0 pr\u00e9sents dans le chant et le jeu : ornementation, tension, r\u00e9p\u00e9tition, improvisation, r\u00e9sonance ou dimension c\u00e9r\u00e9monielle.<\/p>\n<p>Cette approche \u00e9vite une lecture simpliste de la \u00ab fusion \u00bb. Le cycle ressemble davantage \u00e0 une conversation entre traditions, \u00e9poques et mani\u00e8res de comprendre la musique.<\/p>\n<p>Pour le public int\u00e9ress\u00e9 aussi bien par l\u2019 <strong>histoire du flamenco<\/strong> que par l\u2019\u00e9volution de ses langages, ces six repr\u00e9sentations offrent une perspective diff\u00e9rente du reste de la programmation.<\/p>\n<\/div><\/div><\/div><\/div><\/div><\/div><\/div><\/section><section class=\"l-section wpb_row height_huge\"><div class=\"l-section-h i-cf\"><div class=\"g-cols vc_row via_flex valign_top type_default stacking_default\"><div class=\"vc_col-sm-12 wpb_column vc_column_container\"><div class=\"vc_column-inner\"><div class=\"wpb_wrapper\"><div class=\"wpb_text_column\"><div class=\"wpb_wrapper\"><h2 id=\"entradas-matines\">Billets pour les Matin\u00e9es Uniques de la Biennale 2026<\/h2>\n<p>Les billets sont g\u00e9r\u00e9s depuis les fiches officielles de chaque spectacle sur le site de la Biennale. La disponibilit\u00e9 peut \u00e9voluer rapidement en raison de la capacit\u00e9 limit\u00e9e et du caract\u00e8re intime du lieu.<\/p>\n<p>La demande est particuli\u00e8rement forte depuis plusieurs mois avant le d\u00e9but du festival. D\u00e8s le printemps, la Biennale avait confirm\u00e9 plusieurs repr\u00e9sentations de San Luis parmi les spectacles complets et, le 26 ao\u00fbt, elle a annonc\u00e9 express\u00e9ment que <strong><em>Camino de flores<\/em>, d\u2019Encarna Anillo, affichait complet<\/strong>.<\/p>\n<p>Il convient donc de v\u00e9rifier la fiche de la date pr\u00e9cise plut\u00f4t que de se fier \u00e0 d\u2019anciennes listes. Si une option d\u2019achat officielle appara\u00eet, v\u00e9rifiez-y la disponibilit\u00e9 au moment de la consultation.<\/p>\n<p>Si la matin\u00e9e que vous souhaitiez est compl\u00e8te, consultez notre guide sur <a href=\"https:\/\/www.tablaosflamencos.com\/bienal-flamenco-2026-entradas-agotadas-que-ver.html\"><strong>ce qu\u2019il faut faire lorsqu\u2019il n\u2019y a plus de billets pour la Biennale<\/strong><\/a>. La programmation est tr\u00e8s vaste et il existe d\u2019autres repr\u00e9sentations, des activit\u00e9s gratuites et des options de flamenco dans toute la ville.<\/p>\n<\/div><\/div><div class=\"w-separator size_medium\"><\/div><div class=\"w-hwrapper valign_top wrap stack_on_mobiles align_center\" style=\"--hwrapper-gap:1.2rem\"><div class=\"w-btn-wrapper align_none\"><a class=\"w-btn us-btn-style_1\" href=\"https:\/\/www.tablaosflamencos.com\/fr\/biennale-flamenco-seville-2026-billets-epuises-alternatives.html\"><span class=\"w-btn-label\">Que faire s\u2019il n\u2019y a plus de billets<\/span><\/a><\/div><div class=\"w-btn-wrapper align_none\"><a class=\"w-btn us-btn-style_1\" href=\"https:\/\/www.tablaosflamencos.com\/fr\/flamenco-a-seville\"><span class=\"w-btn-label\">Voir du flamenco \u00e0 S\u00e9ville<\/span><\/a><\/div><\/div><\/div><\/div><\/div><\/div><\/div><\/section><section class=\"l-section wpb_row height_huge color_alternate with_shape\"><div class=\"l-section-shape type_zigzag pos_top\" style=\"height:3vmin;\"><svg xmlns=\"http:\/\/www.w3.org\/2000\/svg\" viewBox=\"0 0 64 8\" preserveAspectRatio=\"none\" width=\"100%\" height=\"100%\">\r\n\t<path fill=\"currentColor\" d=\"M64 8 L0 8 L0 0 L20 7.9 L40 3 L48 5 L64 0 Z\"\/>\r\n<\/svg><\/div><div class=\"l-section-shape type_zigzag pos_bottom\" style=\"height:3vmin;\"><svg xmlns=\"http:\/\/www.w3.org\/2000\/svg\" viewBox=\"0 0 64 8\" preserveAspectRatio=\"none\" width=\"100%\" height=\"100%\">\r\n\t<path fill=\"currentColor\" d=\"M64 8 L0 8 L0 0 L20 7.9 L40 3 L48 5 L64 0 Z\"\/>\r\n<\/svg><\/div><div class=\"l-section-h i-cf\"><div class=\"g-cols vc_row via_flex valign_top type_default stacking_default\"><div class=\"vc_col-sm-6 wpb_column vc_column_container\"><div class=\"vc_column-inner\"><div class=\"wpb_wrapper\"><div class=\"wpb_text_column\"><div class=\"wpb_wrapper\"><h2 id=\"como-llegar\">Comment se rendre \u00e0 San Luis de los Franceses<\/h2>\n<p>L\u2019ensemble monumental se trouve au <strong>37, calle San Luis<\/strong>, dans le centre historique de S\u00e9ville, au nord de l\u2019axe de la calle Feria et relativement pr\u00e8s de la basilique de la Macarena.<\/p>\n<p>Selon les informations du lieu lui-m\u00eame, plusieurs lignes de TUSSAM permettent de s\u2019approcher du quartier, notamment les lignes <strong>02, 14, 27, 32 et C1<\/strong>.<\/p>\n<p>Si vous venez \u00e0 pied depuis le centre monumental, pr\u00e9voyez suffisamment de temps pour le trajet. Les matin\u00e9es commencent \u00e0 12 h 00 et l\u2019acc\u00e8s \u00e0 une repr\u00e9sentation de la Biennale ne doit pas \u00eatre confondu avec la visite touristique ordinaire de l\u2019ensemble monumental.<\/p>\n<\/div><\/div><\/div><\/div><\/div><div class=\"vc_col-sm-6 wpb_column vc_column_container\"><div class=\"vc_column-inner\"><div class=\"wpb_wrapper\"><div class=\"wpb_text_column\"><div class=\"wpb_wrapper\"><h2>Conseils pour profiter d\u2019une matin\u00e9e<\/h2>\n<ul>\n<li><strong>Arrivez en avance.<\/strong> Le format invite \u00e0 entrer sans pr\u00e9cipitation et \u00e0 s\u2019installer avant le d\u00e9but.<\/li>\n<li><strong>V\u00e9rifiez la date exacte.<\/strong> Chaque spectacle est r\u00e9p\u00e9t\u00e9 le samedi et le dimanche, mais la disponibilit\u00e9 peut \u00eatre diff\u00e9rente.<\/li>\n<li><strong>Ne pr\u00e9voyez pas une autre activit\u00e9 trop serr\u00e9e.<\/strong> Pr\u00e9voyez du temps pour quitter le lieu et d\u00e9couvrir le quartier.<\/li>\n<li><strong>Profitez du quartier.<\/strong> San Luis, Feria, l\u2019Alameda et la Macarena permettent de construire un itin\u00e9raire culturel et gastronomique autour de la repr\u00e9sentation.<\/li>\n<li><strong>Consultez la programmation du m\u00eame jour.<\/strong> Une matin\u00e9e peut ensuite \u00eatre combin\u00e9e avec d\u2019autres spectacles de la Biennale l\u2019apr\u00e8s-midi ou le soir.<\/li>\n<\/ul>\n<\/div><\/div><\/div><\/div><\/div><\/div><\/div><\/section><section class=\"l-section wpb_row height_huge\"><div class=\"l-section-h i-cf\"><div class=\"g-cols vc_row via_flex valign_top type_default stacking_default\"><div class=\"vc_col-sm-12 wpb_column vc_column_container\"><div class=\"vc_column-inner\"><div class=\"wpb_wrapper\"><div class=\"wpb_text_column\"><div class=\"wpb_wrapper\"><h2>Comment combiner les Matin\u00e9es Uniques avec le reste de la Biennale<\/h2>\n<p>L\u2019horaire de 12 h 00 fait de ce cycle l\u2019une des fa\u00e7ons les plus simples de construire une journ\u00e9e compl\u00e8te de Biennale. Apr\u00e8s une matin\u00e9e, il reste suffisamment de temps pour d\u00e9jeuner, se reposer et assister \u00e0 un autre spectacle l\u2019apr\u00e8s-midi ou le soir.<\/p>\n<p>Le <strong>12 septembre<\/strong>, par exemple, la journ\u00e9e se poursuit avec des propositions \u00e0 l\u2019Espacio Turina, au Teatro Lope de Vega, au Teatro de la Maestranza et au Teatro Alameda. Le <strong>20 septembre<\/strong>, apr\u00e8s Alejandro Hurtado, la programmation comprend Manuel de la Luz et Manuel Im\u00e1n, Jos\u00e9 Merc\u00e9 et le Gala du Circuit Andalou des Jeunes Artistes Flamencos. Le <strong>27 septembre<\/strong>, apr\u00e8s Encarna Anillo, la programmation se poursuit avec Dani de Mor\u00f3n, <em>Fue tu querer<\/em> et Est\u00e9vez \/ Pa\u00f1os y Compa\u00f1\u00eda.<\/p>\n<p>Cela dit, l\u2019avantage d\u2019une matin\u00e9e est pr\u00e9cis\u00e9ment de la vivre \u00e0 un autre rythme. Il ne sert \u00e0 rien de quitter San Luis en pensant d\u00e9j\u00e0 \u00e0 la prochaine course entre les th\u00e9\u00e2tres.<\/p>\n<\/div><\/div><\/div><\/div><\/div><\/div><\/div><\/section><section class=\"l-section wpb_row height_huge color_alternate with_shape\"><div class=\"l-section-shape type_zigzag pos_top\" style=\"height:3vmin;\"><svg xmlns=\"http:\/\/www.w3.org\/2000\/svg\" viewBox=\"0 0 64 8\" preserveAspectRatio=\"none\" width=\"100%\" height=\"100%\">\r\n\t<path fill=\"currentColor\" d=\"M64 8 L0 8 L0 0 L20 7.9 L40 3 L48 5 L64 0 Z\"\/>\r\n<\/svg><\/div><div class=\"l-section-shape type_zigzag pos_bottom\" style=\"height:3vmin;\"><svg xmlns=\"http:\/\/www.w3.org\/2000\/svg\" viewBox=\"0 0 64 8\" preserveAspectRatio=\"none\" width=\"100%\" height=\"100%\">\r\n\t<path fill=\"currentColor\" d=\"M64 8 L0 8 L0 0 L20 7.9 L40 3 L48 5 L64 0 Z\"\/>\r\n<\/svg><\/div><div class=\"l-section-h i-cf\"><div class=\"g-cols vc_row via_flex valign_top type_default stacking_default\"><div class=\"vc_col-sm-1\/5 wpb_column vc_column_container\"><div class=\"vc_column-inner\"><div class=\"wpb_wrapper\"><\/div><\/div><\/div><div class=\"vc_col-sm-3\/5 wpb_column vc_column_container\"><div class=\"vc_column-inner\"><div class=\"wpb_wrapper\"><div class=\"wpb_text_column\"><div class=\"wpb_wrapper\"><h2 style=\"text-align: center;\">Trois week-ends pour d\u00e9couvrir une autre Biennale<\/h2>\n<p style=\"text-align: center;\">Les Matin\u00e9es Uniques occupent une petite place en nombre dans une programmation immense, mais elles r\u00e9sument tr\u00e8s bien l\u2019une des id\u00e9es les plus int\u00e9ressantes de la XXIVe Biennale : le flamenco n\u2019a pas toujours besoin d\u2019augmenter le volume ou la taille pour cr\u00e9er un \u00e9v\u00e9nement.<\/p>\n<p style=\"text-align: center;\">Ici, le luxe r\u00e9side dans la proximit\u00e9. Une voix face au clavecin. Une guitare flamenca \u00e0 l\u2019\u00e9coute de sa propre histoire. Un luth aux c\u00f4t\u00e9s d\u2019un chant autobiographique. Le tout dans l\u2019un des espaces baroques les plus exceptionnels de S\u00e9ville, en plein jour.<\/p>\n<p style=\"text-align: center;\">Si vous pouvez encore trouver des places pour l\u2019une des dates de votre s\u00e9jour, ce cycle m\u00e9rite vraiment d\u2019\u00eatre pris en compte. Et s\u2019il est d\u00e9j\u00e0 complet, la Biennale elle-m\u00eame offre de nombreuses autres fa\u00e7ons de construire une journ\u00e9e flamenca compl\u00e8te.<\/p>\n<\/div><\/div><div class=\"w-separator size_medium\"><\/div><div class=\"w-hwrapper valign_top wrap stack_on_mobiles align_center\" style=\"--hwrapper-gap:1.2rem\"><div class=\"w-btn-wrapper align_none\"><a class=\"w-btn us-btn-style_1\" href=\"https:\/\/www.tablaosflamencos.com\/fr\/biennale-flamenco-seville\"><span class=\"w-btn-label\">Voir la page principale de la Biennale<\/span><\/a><\/div><div class=\"w-btn-wrapper align_none\"><a class=\"w-btn us-btn-style_1\" href=\"https:\/\/www.tablaosflamencos.com\/fr\/nuits-uniques-biennale-flamenco-seville-2026.html\"><span class=\"w-btn-label\">Consulter les Nuits Uniques 2026<\/span><\/a><\/div><\/div><\/div><\/div><\/div><div class=\"vc_col-sm-1\/5 wpb_column vc_column_container\"><div class=\"vc_column-inner\"><div class=\"wpb_wrapper\"><\/div><\/div><\/div><\/div><\/div><\/section><section class=\"l-section wpb_row height_huge\"><div class=\"l-section-h i-cf\"><div class=\"g-cols vc_row via_flex valign_top type_default stacking_default\"><div class=\"vc_col-sm-1\/5 wpb_column vc_column_container\"><div class=\"vc_column-inner\"><div class=\"wpb_wrapper\"><\/div><\/div><\/div><div class=\"vc_col-sm-3\/5 wpb_column vc_column_container\"><div class=\"vc_column-inner\"><div class=\"wpb_wrapper\"><div class=\"wpb_text_column\"><div class=\"wpb_wrapper\"><h2 id=\"faq-matines\" style=\"text-align: center;\">Questions fr\u00e9quentes sur les Matin\u00e9es Uniques de la Biennale 2026<\/h2>\n<\/div><\/div><div class=\"w-separator size_medium\"><\/div><div class=\"w-tabs accordion toggle_style_1 has_scrolling\" style=\"--sections-title-size:inherit;--sections-gap:0.5rem;\"><div class=\"w-tabs-sections titles-align_none icon_chevron cpos_right\"><div class=\"w-tabs-section\" id=\"i285\"><button type=\"button\" class=\"w-tabs-section-header\" aria-controls=\"content-i285\" aria-expanded=\"false\"><div class=\"w-tabs-section-title\">Combien de Matin\u00e9es Uniques y a-t-il \u00e0 la Biennale de Flamenco de S\u00e9ville 2026 ?<\/div><div class=\"w-tabs-section-control\"><\/div><\/button><div  class=\"w-tabs-section-content\" id=\"content-i285\"><div class=\"w-tabs-section-content-h i-cf\"><div class=\"wpb_text_column\"><div class=\"wpb_wrapper\"><p>Il y a <strong>six repr\u00e9sentations<\/strong>, correspondant \u00e0 trois spectacles pr\u00e9sent\u00e9s chacun deux jours cons\u00e9cutifs.<\/p>\n<\/div><\/div><\/div><\/div><\/div><div class=\"w-tabs-section\" id=\"i387\"><button type=\"button\" class=\"w-tabs-section-header\" aria-controls=\"content-i387\" aria-expanded=\"false\"><div class=\"w-tabs-section-title\">Quand ont lieu les Matin\u00e9es Uniques ?<\/div><div class=\"w-tabs-section-control\"><\/div><\/button><div  class=\"w-tabs-section-content\" id=\"content-i387\"><div class=\"w-tabs-section-content-h i-cf\"><div class=\"wpb_text_column\"><div class=\"wpb_wrapper\"><p>Elles ont lieu les <strong>12, 13, 19, 20, 26 et 27 septembre 2026<\/strong>. Toutes les repr\u00e9sentations commencent \u00e0 12 h 00.<\/p>\n<\/div><\/div><\/div><\/div><\/div><div class=\"w-tabs-section\" id=\"e469\"><button type=\"button\" class=\"w-tabs-section-header\" aria-controls=\"content-e469\" aria-expanded=\"false\"><div class=\"w-tabs-section-title\">O\u00f9 ont-elles lieu ?<\/div><div class=\"w-tabs-section-control\"><\/div><\/button><div  class=\"w-tabs-section-content\" id=\"content-e469\"><div class=\"w-tabs-section-content-h i-cf\"><div class=\"wpb_text_column\"><div class=\"wpb_wrapper\"><p>Toutes les Matin\u00e9es Uniques ont lieu dans l\u2019 <strong>\u00e9glise de San Luis de los Franceses<\/strong>, dans la calle San Luis \u00e0 S\u00e9ville.<\/p>\n<\/div><\/div><\/div><\/div><\/div><div class=\"w-tabs-section\" id=\"k55b\"><button type=\"button\" class=\"w-tabs-section-header\" aria-controls=\"content-k55b\" aria-expanded=\"false\"><div class=\"w-tabs-section-title\">Quels artistes participent ?<\/div><div class=\"w-tabs-section-control\"><\/div><\/button><div  class=\"w-tabs-section-content\" id=\"content-k55b\"><div class=\"w-tabs-section-content-h i-cf\"><div class=\"wpb_text_column\"><div class=\"wpb_wrapper\"><p>Pedro El Grana\u00edno pr\u00e9sente <em>Pan de oro<\/em> avec Daniel Oyarz\u00e1bal ; Alejandro Hurtado pr\u00e9sente <em>Devenir de la guitarra<\/em> avec Enrike Solin\u00eds ; et Encarna Anillo pr\u00e9sente <em>Camino de flores<\/em> avec la collaboration du luthiste Miguel Rinc\u00f3n.<\/p>\n<\/div><\/div><\/div><\/div><\/div><div class=\"w-tabs-section\" id=\"u624\"><button type=\"button\" class=\"w-tabs-section-header\" aria-controls=\"content-u624\" aria-expanded=\"false\"><div class=\"w-tabs-section-title\">Quel lien les matin\u00e9es ont-elles avec la musique ancienne ?<\/div><div class=\"w-tabs-section-control\"><\/div><\/button><div  class=\"w-tabs-section-content\" id=\"content-u624\"><div class=\"w-tabs-section-content-h i-cf\"><div class=\"wpb_text_column\"><div class=\"wpb_wrapper\"><p>Le cycle \u00e9tablit un dialogue entre le flamenco et la musique historique gr\u00e2ce \u00e0 la participation de musiciens et d\u2019instruments comme le clavecin et le luth, ainsi qu\u2019\u00e0 la collaboration avec le Festival de Musique Ancienne de S\u00e9ville.<\/p>\n<\/div><\/div><\/div><\/div><\/div><div class=\"w-tabs-section\" id=\"n6e8\"><button type=\"button\" class=\"w-tabs-section-header\" aria-controls=\"content-n6e8\" aria-expanded=\"false\"><div class=\"w-tabs-section-title\">Les Matin\u00e9es Uniques font-elles partie des Nuits Uniques ?<\/div><div class=\"w-tabs-section-control\"><\/div><\/button><div  class=\"w-tabs-section-content\" id=\"content-n6e8\"><div class=\"w-tabs-section-content-h i-cf\"><div class=\"wpb_text_column\"><div class=\"wpb_wrapper\"><p>Non. Il s\u2019agit d\u2019un cycle sp\u00e9cifique et compl\u00e9mentaire. Les Nuits Uniques disposent de leur propre calendrier dans la programmation de la Biennale.<\/p>\n<\/div><\/div><\/div><\/div><\/div><div class=\"w-tabs-section\" id=\"i7c0\"><button type=\"button\" class=\"w-tabs-section-header\" aria-controls=\"content-i7c0\" aria-expanded=\"false\"><div class=\"w-tabs-section-title\">Y a-t-il des repr\u00e9sentations compl\u00e8tes ?<\/div><div class=\"w-tabs-section-control\"><\/div><\/button><div  class=\"w-tabs-section-content\" id=\"content-i7c0\"><div class=\"w-tabs-section-content-h i-cf\"><div class=\"wpb_text_column\"><div class=\"wpb_wrapper\"><p>Oui. La demande pour ce cycle a \u00e9t\u00e9 tr\u00e8s forte. \u00c0 la fin du mois d\u2019ao\u00fbt, la Biennale a confirm\u00e9 express\u00e9ment que les deux repr\u00e9sentations de <em>Camino de flores<\/em>, d\u2019Encarna Anillo, \u00e9taient compl\u00e8tes. Il est toujours conseill\u00e9 de v\u00e9rifier la disponibilit\u00e9 actuelle de chaque date sur le site officiel.<\/p>\n<\/div><\/div><\/div><\/div><\/div><div class=\"w-tabs-section\" id=\"h89e\"><button type=\"button\" class=\"w-tabs-section-header\" aria-controls=\"content-h89e\" aria-expanded=\"false\"><div class=\"w-tabs-section-title\">\u00c0 quelle heure commencent les matin\u00e9es ?<\/div><div class=\"w-tabs-section-control\"><\/div><\/button><div  class=\"w-tabs-section-content\" id=\"content-h89e\"><div class=\"w-tabs-section-content-h i-cf\"><div class=\"wpb_text_column\"><div class=\"wpb_wrapper\"><p>Elles commencent toutes \u00e0 <strong>12 h 00<\/strong>.<\/p>\n<\/div><\/div><\/div><\/div><\/div><\/div><\/div><\/div><\/div><\/div><div class=\"vc_col-sm-1\/5 wpb_column vc_column_container\"><div class=\"vc_column-inner\"><div class=\"wpb_wrapper\"><\/div><\/div><\/div><\/div><\/div><\/section>\n","protected":false},"excerpt":{"rendered":"<p>Guide complet des Matin\u00e9es Uniques de la Biennale de Flamenco de S\u00e9ville 2026 : dates, programme, artistes, San Luis de los Franceses, billets et informations pratiques.<\/p>\n","protected":false},"author":1,"featured_media":13683,"comment_status":"closed","ping_status":"closed","sticky":false,"template":"","format":"standard","meta":{"_acf_changed":false,"wpai_generated_summary":"","_ayudawp_aiss_exclude":false,"_ayudawp_aiss_exclude_summary":false,"_ayudawp_aiss_summary":"","_ayudawp_aiss_summary_provider":"","_ayudawp_aiss_summary_hash":"","footnotes":""},"categories":[1428],"tags":[1238,1239,1240,1241,1155,1730,1242],"class_list":["post-13687","post","type-post","status-publish","format-standard","has-post-thumbnail","hentry","category-biennale-de-flamenco","tag-agenda-flamenca","tag-bienal-2026","tag-bienal-de-flamenco","tag-festivales-flamencos","tag-flamenco-en-sevilla","tag-matinees-uniques","tag-sevilla"],"acf":[],"yoast_head":"<!-- This site is optimized with the Yoast SEO Premium plugin v28.3 (Yoast SEO v28.3) - https:\/\/yoast.com\/product\/yoast-seo-premium-wordpress\/ -->\n<title>Matin\u00e9es Uniques Biennale 2026 : programme et San Luis<\/title>\n<meta name=\"description\" content=\"D\u00e9couvrez les Matin\u00e9es Uniques de la Biennale de Flamenco de S\u00e9ville 2026 : dates, programme, artistes, San Luis de los Franceses, billets et informations cl\u00e9s.\" \/>\n<meta name=\"robots\" content=\"index, follow, max-snippet:-1, max-image-preview:large, max-video-preview:-1\" \/>\n<link rel=\"canonical\" href=\"https:\/\/www.tablaosflamencos.com\/fr\/matinees-uniques-biennale-flamenco-seville-2026.html\" \/>\n<meta property=\"og:locale\" content=\"fr_FR\" \/>\n<meta property=\"og:type\" content=\"article\" \/>\n<meta property=\"og:title\" content=\"Matin\u00e9es Uniques de la Biennale de Flamenco de S\u00e9ville 2026 : programme, dates et San Luis de los Franceses\" \/>\n<meta property=\"og:description\" content=\"D\u00e9couvrez les Matin\u00e9es Uniques de la Biennale de Flamenco de S\u00e9ville 2026 : dates, programme, artistes, San Luis de los Franceses, billets et informations cl\u00e9s.\" \/>\n<meta property=\"og:url\" content=\"https:\/\/www.tablaosflamencos.com\/fr\/matinees-uniques-biennale-flamenco-seville-2026.html\" \/>\n<meta property=\"og:site_name\" content=\"Tablaos Flamencos\" \/>\n<meta property=\"article:publisher\" content=\"https:\/\/www.facebook.com\/tablaosflamencos\" \/>\n<meta property=\"article:published_time\" content=\"2026-08-31T17:04:44+00:00\" \/>\n<meta property=\"article:modified_time\" content=\"2026-08-31T17:24:19+00:00\" \/>\n<meta property=\"og:image\" content=\"https:\/\/www.tablaosflamencos.com\/wp-content\/uploads\/matines-unicas-de-la-bienal-de-flamenco-2026-programa-fechas-y-san-luis-de-los-franceses-01.webp\" \/>\n\t<meta property=\"og:image:width\" content=\"1920\" \/>\n\t<meta property=\"og:image:height\" content=\"1072\" \/>\n\t<meta property=\"og:image:type\" content=\"image\/webp\" \/>\n<meta name=\"author\" content=\"Miguel Ortiz\" \/>\n<meta name=\"twitter:card\" content=\"summary_large_image\" \/>\n<meta name=\"twitter:creator\" content=\"@tablaosflamenco\" \/>\n<meta name=\"twitter:site\" content=\"@tablaosflamenco\" \/>\n<meta name=\"twitter:label1\" content=\"\u00c9crit par\" \/>\n\t<meta name=\"twitter:data1\" content=\"Miguel Ortiz\" \/>\n\t<meta name=\"twitter:label2\" content=\"Dur\u00e9e de lecture estim\u00e9e\" \/>\n\t<meta name=\"twitter:data2\" content=\"20 minutes\" \/>\n<script type=\"application\/ld+json\" class=\"yoast-schema-graph\">{\"@context\":\"https:\\\/\\\/schema.org\",\"@graph\":[{\"@type\":\"Article\",\"@id\":\"https:\\\/\\\/www.tablaosflamencos.com\\\/fr\\\/matinees-uniques-biennale-flamenco-seville-2026.html#article\",\"isPartOf\":{\"@id\":\"https:\\\/\\\/www.tablaosflamencos.com\\\/fr\\\/matinees-uniques-biennale-flamenco-seville-2026.html\"},\"author\":{\"name\":\"Miguel Ortiz\",\"@id\":\"https:\\\/\\\/www.tablaosflamencos.com\\\/fr#\\\/schema\\\/person\\\/e7a9ebe14eb75a52ceabfbffb3c54f5d\"},\"headline\":\"Matin\u00e9es Uniques de la Biennale de Flamenco de S\u00e9ville 2026 : programme, dates et San Luis de los Franceses\",\"datePublished\":\"2026-08-31T17:04:44+00:00\",\"dateModified\":\"2026-08-31T17:24:19+00:00\",\"mainEntityOfPage\":{\"@id\":\"https:\\\/\\\/www.tablaosflamencos.com\\\/fr\\\/matinees-uniques-biennale-flamenco-seville-2026.html\"},\"wordCount\":3936,\"publisher\":{\"@id\":\"https:\\\/\\\/www.tablaosflamencos.com\\\/fr#organization\"},\"image\":{\"@id\":\"https:\\\/\\\/www.tablaosflamencos.com\\\/fr\\\/matinees-uniques-biennale-flamenco-seville-2026.html#primaryimage\"},\"thumbnailUrl\":\"https:\\\/\\\/www.tablaosflamencos.com\\\/wp-content\\\/uploads\\\/matines-unicas-de-la-bienal-de-flamenco-2026-programa-fechas-y-san-luis-de-los-franceses-01.webp\",\"keywords\":[\"agenda flamenca\",\"Bienal 2026\",\"Bienal de Flamenco\",\"festivales flamencos\",\"flamenco en Sevilla\",\"Matin\u00e9es Uniques\",\"sevilla\"],\"articleSection\":[\"Biennale de Flamenco\"],\"inLanguage\":\"fr-FR\"},{\"@type\":\"WebPage\",\"@id\":\"https:\\\/\\\/www.tablaosflamencos.com\\\/fr\\\/matinees-uniques-biennale-flamenco-seville-2026.html\",\"url\":\"https:\\\/\\\/www.tablaosflamencos.com\\\/fr\\\/matinees-uniques-biennale-flamenco-seville-2026.html\",\"name\":\"Matin\u00e9es Uniques Biennale 2026 : programme et San Luis\",\"isPartOf\":{\"@id\":\"https:\\\/\\\/www.tablaosflamencos.com\\\/fr#website\"},\"primaryImageOfPage\":{\"@id\":\"https:\\\/\\\/www.tablaosflamencos.com\\\/fr\\\/matinees-uniques-biennale-flamenco-seville-2026.html#primaryimage\"},\"image\":{\"@id\":\"https:\\\/\\\/www.tablaosflamencos.com\\\/fr\\\/matinees-uniques-biennale-flamenco-seville-2026.html#primaryimage\"},\"thumbnailUrl\":\"https:\\\/\\\/www.tablaosflamencos.com\\\/wp-content\\\/uploads\\\/matines-unicas-de-la-bienal-de-flamenco-2026-programa-fechas-y-san-luis-de-los-franceses-01.webp\",\"datePublished\":\"2026-08-31T17:04:44+00:00\",\"dateModified\":\"2026-08-31T17:24:19+00:00\",\"description\":\"D\u00e9couvrez les Matin\u00e9es Uniques de la Biennale de Flamenco de S\u00e9ville 2026 : dates, programme, artistes, San Luis de los Franceses, billets et informations cl\u00e9s.\",\"breadcrumb\":{\"@id\":\"https:\\\/\\\/www.tablaosflamencos.com\\\/fr\\\/matinees-uniques-biennale-flamenco-seville-2026.html#breadcrumb\"},\"inLanguage\":\"fr-FR\",\"potentialAction\":[{\"@type\":\"ReadAction\",\"target\":[\"https:\\\/\\\/www.tablaosflamencos.com\\\/fr\\\/matinees-uniques-biennale-flamenco-seville-2026.html\"]}]},{\"@type\":\"ImageObject\",\"inLanguage\":\"fr-FR\",\"@id\":\"https:\\\/\\\/www.tablaosflamencos.com\\\/fr\\\/matinees-uniques-biennale-flamenco-seville-2026.html#primaryimage\",\"url\":\"https:\\\/\\\/www.tablaosflamencos.com\\\/wp-content\\\/uploads\\\/matines-unicas-de-la-bienal-de-flamenco-2026-programa-fechas-y-san-luis-de-los-franceses-01.webp\",\"contentUrl\":\"https:\\\/\\\/www.tablaosflamencos.com\\\/wp-content\\\/uploads\\\/matines-unicas-de-la-bienal-de-flamenco-2026-programa-fechas-y-san-luis-de-los-franceses-01.webp\",\"width\":1920,\"height\":1072,\"caption\":\"Matin\u00e9s \u00danicas de la Bienal de Flamenco 2026: programa, fechas y San Luis de los Franceses\"},{\"@type\":\"BreadcrumbList\",\"@id\":\"https:\\\/\\\/www.tablaosflamencos.com\\\/fr\\\/matinees-uniques-biennale-flamenco-seville-2026.html#breadcrumb\",\"itemListElement\":[{\"@type\":\"ListItem\",\"position\":1,\"name\":\"Home\",\"item\":\"https:\\\/\\\/www.tablaosflamencos.com\\\/fr\"},{\"@type\":\"ListItem\",\"position\":2,\"name\":\"Matin\u00e9es Uniques de la Biennale de Flamenco de S\u00e9ville 2026 : programme, dates et San Luis de los Franceses\"}]},{\"@type\":\"WebSite\",\"@id\":\"https:\\\/\\\/www.tablaosflamencos.com\\\/fr#website\",\"url\":\"https:\\\/\\\/www.tablaosflamencos.com\\\/fr\",\"name\":\"Tablaos Flamencos\",\"description\":\"Entradas para tablaos flamencos de Espa\u00f1a\",\"publisher\":{\"@id\":\"https:\\\/\\\/www.tablaosflamencos.com\\\/fr#organization\"},\"alternateName\":\"Tablaos Flamencos\",\"potentialAction\":[{\"@type\":\"SearchAction\",\"target\":{\"@type\":\"EntryPoint\",\"urlTemplate\":\"https:\\\/\\\/www.tablaosflamencos.com\\\/fr?s={search_term_string}\"},\"query-input\":{\"@type\":\"PropertyValueSpecification\",\"valueRequired\":true,\"valueName\":\"search_term_string\"}}],\"inLanguage\":\"fr-FR\"},{\"@type\":[\"Organization\",\"Place\",\"EntertainmentBusiness\"],\"@id\":\"https:\\\/\\\/www.tablaosflamencos.com\\\/fr#organization\",\"name\":\"Tablaos Flamencos\",\"alternateName\":\"Tablaos Flamencos\",\"url\":\"https:\\\/\\\/www.tablaosflamencos.com\\\/fr\",\"logo\":{\"@id\":\"https:\\\/\\\/www.tablaosflamencos.com\\\/fr\\\/matinees-uniques-biennale-flamenco-seville-2026.html#local-main-organization-logo\"},\"image\":{\"@id\":\"https:\\\/\\\/www.tablaosflamencos.com\\\/fr\\\/matinees-uniques-biennale-flamenco-seville-2026.html#local-main-organization-logo\"},\"sameAs\":[\"https:\\\/\\\/www.facebook.com\\\/tablaosflamencos\",\"https:\\\/\\\/x.com\\\/tablaosflamenco\",\"https:\\\/\\\/mastodon.social\\\/@tablaosflamencos\",\"https:\\\/\\\/www.instagram.com\\\/tablaosflamencos\",\"https:\\\/\\\/tiktok.com\\\/@tablaosflamencos\",\"https:\\\/\\\/www.linkedin.com\\\/company\\\/109408238\\\/\"],\"description\":\"Venta de entradas para espect\u00e1culos flamencos\",\"legalName\":\"Tablaos Flamencos\",\"foundingDate\":\"2015-01-01\",\"numberOfEmployees\":{\"@type\":\"QuantitativeValue\",\"minValue\":\"1\",\"maxValue\":\"10\"},\"address\":{\"@id\":\"https:\\\/\\\/www.tablaosflamencos.com\\\/fr\\\/matinees-uniques-biennale-flamenco-seville-2026.html#local-main-place-address\"},\"geo\":{\"@type\":\"GeoCoordinates\",\"latitude\":\"37.3868072\",\"longitude\":\"-5.993280299999999\"},\"telephone\":[\"+34623787787\"],\"contactPoint\":{\"@type\":\"ContactPoint\",\"telephone\":\"+34623787787\",\"email\":\"info@tablaosflamencos.com\"},\"openingHoursSpecification\":{\"@type\":\"OpeningHoursSpecification\",\"dayOfWeek\":[\"Monday\",\"Tuesday\",\"Wednesday\",\"Thursday\",\"Friday\",\"Saturday\",\"Sunday\"],\"opens\":\"00:00\",\"closes\":\"23:59\"},\"email\":\"info@tablaosflamencos.com\",\"priceRange\":\"$$$\",\"currenciesAccepted\":\"\u20ac\"},{\"@type\":\"Person\",\"@id\":\"https:\\\/\\\/www.tablaosflamencos.com\\\/fr#\\\/schema\\\/person\\\/e7a9ebe14eb75a52ceabfbffb3c54f5d\",\"name\":\"Miguel Ortiz\",\"description\":\"Miguel Ortiz es un empresario flamenco, con una s\u00f3lida trayectoria dentro del sector. Ha presidido entidades culturales vinculadas al flamenco y, cuenta con un amplio recorrido profesional en la gesti\u00f3n y promoci\u00f3n de espect\u00e1culos y tablaos flamencos. Su pasi\u00f3n por la historia y el arte flamenco se refleja en cada art\u00edculo, donde combina experiencia, criterio y un profundo respeto por la tradici\u00f3n.\",\"sameAs\":[\"https:\\\/\\\/www.tablaosflamencos.com\",\"https:\\\/\\\/www.instagra.com\\\/miguelortizfe\",\"https:\\\/\\\/www.linkedin.com\\\/in\\\/miguelortizf\\\/\"],\"birthDate\":\"1984-11-22\",\"gender\":\"hombre\",\"knowsLanguage\":[\"espa\u00f1ol\",\"ingl\u00e9s\"],\"jobTitle\":\"Empresario flamenco\"},{\"@type\":\"PostalAddress\",\"@id\":\"https:\\\/\\\/www.tablaosflamencos.com\\\/fr\\\/matinees-uniques-biennale-flamenco-seville-2026.html#local-main-place-address\",\"streetAddress\":\"C\\\/ Alemanes, 19\",\"addressLocality\":\"Sevilla\",\"postalCode\":\"41004\",\"addressRegion\":\"Sevilla\",\"addressCountry\":\"ES\"},{\"@type\":\"ImageObject\",\"inLanguage\":\"fr-FR\",\"@id\":\"https:\\\/\\\/www.tablaosflamencos.com\\\/fr\\\/matinees-uniques-biennale-flamenco-seville-2026.html#local-main-organization-logo\",\"url\":\"https:\\\/\\\/www.tablaosflamencos.com\\\/wp-content\\\/uploads\\\/tablaos-flamencos-06-3.webp\",\"contentUrl\":\"https:\\\/\\\/www.tablaosflamencos.com\\\/wp-content\\\/uploads\\\/tablaos-flamencos-06-3.webp\",\"width\":600,\"height\":620,\"caption\":\"Tablaos Flamencos\"}]}<\/script>\n<meta name=\"geo.placename\" content=\"Sevilla\" \/>\n<meta name=\"geo.position\" content=\"37.3868072;-5.993280299999999\" \/>\n<meta name=\"geo.region\" content=\"Espagne\" \/>\n<!-- \/ Yoast SEO Premium plugin. -->","yoast_head_json":{"title":"Matin\u00e9es Uniques Biennale 2026 : programme et San Luis","description":"D\u00e9couvrez les Matin\u00e9es Uniques de la Biennale de Flamenco de S\u00e9ville 2026 : dates, programme, artistes, San Luis de los Franceses, billets et informations cl\u00e9s.","robots":{"index":"index","follow":"follow","max-snippet":"max-snippet:-1","max-image-preview":"max-image-preview:large","max-video-preview":"max-video-preview:-1"},"canonical":"https:\/\/www.tablaosflamencos.com\/fr\/matinees-uniques-biennale-flamenco-seville-2026.html","og_locale":"fr_FR","og_type":"article","og_title":"Matin\u00e9es Uniques de la Biennale de Flamenco de S\u00e9ville 2026 : programme, dates et San Luis de los Franceses","og_description":"D\u00e9couvrez les Matin\u00e9es Uniques de la Biennale de Flamenco de S\u00e9ville 2026 : dates, programme, artistes, San Luis de los Franceses, billets et informations cl\u00e9s.","og_url":"https:\/\/www.tablaosflamencos.com\/fr\/matinees-uniques-biennale-flamenco-seville-2026.html","og_site_name":"Tablaos Flamencos","article_publisher":"https:\/\/www.facebook.com\/tablaosflamencos","article_published_time":"2026-08-31T17:04:44+00:00","article_modified_time":"2026-08-31T17:24:19+00:00","og_image":[{"width":1920,"height":1072,"url":"https:\/\/www.tablaosflamencos.com\/wp-content\/uploads\/matines-unicas-de-la-bienal-de-flamenco-2026-programa-fechas-y-san-luis-de-los-franceses-01.webp","type":"image\/webp"}],"author":"Miguel Ortiz","twitter_card":"summary_large_image","twitter_creator":"@tablaosflamenco","twitter_site":"@tablaosflamenco","twitter_misc":{"\u00c9crit par":"Miguel Ortiz","Dur\u00e9e de lecture estim\u00e9e":"20 minutes"},"schema":{"@context":"https:\/\/schema.org","@graph":[{"@type":"Article","@id":"https:\/\/www.tablaosflamencos.com\/fr\/matinees-uniques-biennale-flamenco-seville-2026.html#article","isPartOf":{"@id":"https:\/\/www.tablaosflamencos.com\/fr\/matinees-uniques-biennale-flamenco-seville-2026.html"},"author":{"name":"Miguel Ortiz","@id":"https:\/\/www.tablaosflamencos.com\/fr#\/schema\/person\/e7a9ebe14eb75a52ceabfbffb3c54f5d"},"headline":"Matin\u00e9es Uniques de la Biennale de Flamenco de S\u00e9ville 2026 : programme, dates et San Luis de los Franceses","datePublished":"2026-08-31T17:04:44+00:00","dateModified":"2026-08-31T17:24:19+00:00","mainEntityOfPage":{"@id":"https:\/\/www.tablaosflamencos.com\/fr\/matinees-uniques-biennale-flamenco-seville-2026.html"},"wordCount":3936,"publisher":{"@id":"https:\/\/www.tablaosflamencos.com\/fr#organization"},"image":{"@id":"https:\/\/www.tablaosflamencos.com\/fr\/matinees-uniques-biennale-flamenco-seville-2026.html#primaryimage"},"thumbnailUrl":"https:\/\/www.tablaosflamencos.com\/wp-content\/uploads\/matines-unicas-de-la-bienal-de-flamenco-2026-programa-fechas-y-san-luis-de-los-franceses-01.webp","keywords":["agenda flamenca","Bienal 2026","Bienal de Flamenco","festivales flamencos","flamenco en Sevilla","Matin\u00e9es Uniques","sevilla"],"articleSection":["Biennale de Flamenco"],"inLanguage":"fr-FR"},{"@type":"WebPage","@id":"https:\/\/www.tablaosflamencos.com\/fr\/matinees-uniques-biennale-flamenco-seville-2026.html","url":"https:\/\/www.tablaosflamencos.com\/fr\/matinees-uniques-biennale-flamenco-seville-2026.html","name":"Matin\u00e9es Uniques Biennale 2026 : programme et San Luis","isPartOf":{"@id":"https:\/\/www.tablaosflamencos.com\/fr#website"},"primaryImageOfPage":{"@id":"https:\/\/www.tablaosflamencos.com\/fr\/matinees-uniques-biennale-flamenco-seville-2026.html#primaryimage"},"image":{"@id":"https:\/\/www.tablaosflamencos.com\/fr\/matinees-uniques-biennale-flamenco-seville-2026.html#primaryimage"},"thumbnailUrl":"https:\/\/www.tablaosflamencos.com\/wp-content\/uploads\/matines-unicas-de-la-bienal-de-flamenco-2026-programa-fechas-y-san-luis-de-los-franceses-01.webp","datePublished":"2026-08-31T17:04:44+00:00","dateModified":"2026-08-31T17:24:19+00:00","description":"D\u00e9couvrez les Matin\u00e9es Uniques de la Biennale de Flamenco de S\u00e9ville 2026 : dates, programme, artistes, San Luis de los Franceses, billets et informations cl\u00e9s.","breadcrumb":{"@id":"https:\/\/www.tablaosflamencos.com\/fr\/matinees-uniques-biennale-flamenco-seville-2026.html#breadcrumb"},"inLanguage":"fr-FR","potentialAction":[{"@type":"ReadAction","target":["https:\/\/www.tablaosflamencos.com\/fr\/matinees-uniques-biennale-flamenco-seville-2026.html"]}]},{"@type":"ImageObject","inLanguage":"fr-FR","@id":"https:\/\/www.tablaosflamencos.com\/fr\/matinees-uniques-biennale-flamenco-seville-2026.html#primaryimage","url":"https:\/\/www.tablaosflamencos.com\/wp-content\/uploads\/matines-unicas-de-la-bienal-de-flamenco-2026-programa-fechas-y-san-luis-de-los-franceses-01.webp","contentUrl":"https:\/\/www.tablaosflamencos.com\/wp-content\/uploads\/matines-unicas-de-la-bienal-de-flamenco-2026-programa-fechas-y-san-luis-de-los-franceses-01.webp","width":1920,"height":1072,"caption":"Matin\u00e9s \u00danicas de la Bienal de Flamenco 2026: programa, fechas y San Luis de los Franceses"},{"@type":"BreadcrumbList","@id":"https:\/\/www.tablaosflamencos.com\/fr\/matinees-uniques-biennale-flamenco-seville-2026.html#breadcrumb","itemListElement":[{"@type":"ListItem","position":1,"name":"Home","item":"https:\/\/www.tablaosflamencos.com\/fr"},{"@type":"ListItem","position":2,"name":"Matin\u00e9es Uniques de la Biennale de Flamenco de S\u00e9ville 2026 : programme, dates et San Luis de los Franceses"}]},{"@type":"WebSite","@id":"https:\/\/www.tablaosflamencos.com\/fr#website","url":"https:\/\/www.tablaosflamencos.com\/fr","name":"Tablaos Flamencos","description":"Entradas para tablaos flamencos de Espa\u00f1a","publisher":{"@id":"https:\/\/www.tablaosflamencos.com\/fr#organization"},"alternateName":"Tablaos Flamencos","potentialAction":[{"@type":"SearchAction","target":{"@type":"EntryPoint","urlTemplate":"https:\/\/www.tablaosflamencos.com\/fr?s={search_term_string}"},"query-input":{"@type":"PropertyValueSpecification","valueRequired":true,"valueName":"search_term_string"}}],"inLanguage":"fr-FR"},{"@type":["Organization","Place","EntertainmentBusiness"],"@id":"https:\/\/www.tablaosflamencos.com\/fr#organization","name":"Tablaos Flamencos","alternateName":"Tablaos Flamencos","url":"https:\/\/www.tablaosflamencos.com\/fr","logo":{"@id":"https:\/\/www.tablaosflamencos.com\/fr\/matinees-uniques-biennale-flamenco-seville-2026.html#local-main-organization-logo"},"image":{"@id":"https:\/\/www.tablaosflamencos.com\/fr\/matinees-uniques-biennale-flamenco-seville-2026.html#local-main-organization-logo"},"sameAs":["https:\/\/www.facebook.com\/tablaosflamencos","https:\/\/x.com\/tablaosflamenco","https:\/\/mastodon.social\/@tablaosflamencos","https:\/\/www.instagram.com\/tablaosflamencos","https:\/\/tiktok.com\/@tablaosflamencos","https:\/\/www.linkedin.com\/company\/109408238\/"],"description":"Venta de entradas para espect\u00e1culos flamencos","legalName":"Tablaos Flamencos","foundingDate":"2015-01-01","numberOfEmployees":{"@type":"QuantitativeValue","minValue":"1","maxValue":"10"},"address":{"@id":"https:\/\/www.tablaosflamencos.com\/fr\/matinees-uniques-biennale-flamenco-seville-2026.html#local-main-place-address"},"geo":{"@type":"GeoCoordinates","latitude":"37.3868072","longitude":"-5.993280299999999"},"telephone":["+34623787787"],"contactPoint":{"@type":"ContactPoint","telephone":"+34623787787","email":"info@tablaosflamencos.com"},"openingHoursSpecification":{"@type":"OpeningHoursSpecification","dayOfWeek":["Monday","Tuesday","Wednesday","Thursday","Friday","Saturday","Sunday"],"opens":"00:00","closes":"23:59"},"email":"info@tablaosflamencos.com","priceRange":"$$$","currenciesAccepted":"\u20ac"},{"@type":"Person","@id":"https:\/\/www.tablaosflamencos.com\/fr#\/schema\/person\/e7a9ebe14eb75a52ceabfbffb3c54f5d","name":"Miguel Ortiz","description":"Miguel Ortiz es un empresario flamenco, con una s\u00f3lida trayectoria dentro del sector. Ha presidido entidades culturales vinculadas al flamenco y, cuenta con un amplio recorrido profesional en la gesti\u00f3n y promoci\u00f3n de espect\u00e1culos y tablaos flamencos. Su pasi\u00f3n por la historia y el arte flamenco se refleja en cada art\u00edculo, donde combina experiencia, criterio y un profundo respeto por la tradici\u00f3n.","sameAs":["https:\/\/www.tablaosflamencos.com","https:\/\/www.instagra.com\/miguelortizfe","https:\/\/www.linkedin.com\/in\/miguelortizf\/"],"birthDate":"1984-11-22","gender":"hombre","knowsLanguage":["espa\u00f1ol","ingl\u00e9s"],"jobTitle":"Empresario flamenco"},{"@type":"PostalAddress","@id":"https:\/\/www.tablaosflamencos.com\/fr\/matinees-uniques-biennale-flamenco-seville-2026.html#local-main-place-address","streetAddress":"C\/ Alemanes, 19","addressLocality":"Sevilla","postalCode":"41004","addressRegion":"Sevilla","addressCountry":"ES"},{"@type":"ImageObject","inLanguage":"fr-FR","@id":"https:\/\/www.tablaosflamencos.com\/fr\/matinees-uniques-biennale-flamenco-seville-2026.html#local-main-organization-logo","url":"https:\/\/www.tablaosflamencos.com\/wp-content\/uploads\/tablaos-flamencos-06-3.webp","contentUrl":"https:\/\/www.tablaosflamencos.com\/wp-content\/uploads\/tablaos-flamencos-06-3.webp","width":600,"height":620,"caption":"Tablaos Flamencos"}]},"geo.placename":"Sevilla","geo.position":{"lat":"37.3868072","long":"-5.993280299999999"},"geo.region":"Espagne"},"_links":{"self":[{"href":"https:\/\/www.tablaosflamencos.com\/fr\/wp-json\/wp\/v2\/posts\/13687","targetHints":{"allow":["GET"]}}],"collection":[{"href":"https:\/\/www.tablaosflamencos.com\/fr\/wp-json\/wp\/v2\/posts"}],"about":[{"href":"https:\/\/www.tablaosflamencos.com\/fr\/wp-json\/wp\/v2\/types\/post"}],"author":[{"embeddable":true,"href":"https:\/\/www.tablaosflamencos.com\/fr\/wp-json\/wp\/v2\/users\/1"}],"replies":[{"embeddable":true,"href":"https:\/\/www.tablaosflamencos.com\/fr\/wp-json\/wp\/v2\/comments?post=13687"}],"version-history":[{"count":1,"href":"https:\/\/www.tablaosflamencos.com\/fr\/wp-json\/wp\/v2\/posts\/13687\/revisions"}],"predecessor-version":[{"id":13697,"href":"https:\/\/www.tablaosflamencos.com\/fr\/wp-json\/wp\/v2\/posts\/13687\/revisions\/13697"}],"wp:featuredmedia":[{"embeddable":true,"href":"https:\/\/www.tablaosflamencos.com\/fr\/wp-json\/wp\/v2\/media\/13683"}],"wp:attachment":[{"href":"https:\/\/www.tablaosflamencos.com\/fr\/wp-json\/wp\/v2\/media?parent=13687"}],"wp:term":[{"taxonomy":"category","embeddable":true,"href":"https:\/\/www.tablaosflamencos.com\/fr\/wp-json\/wp\/v2\/categories?post=13687"},{"taxonomy":"post_tag","embeddable":true,"href":"https:\/\/www.tablaosflamencos.com\/fr\/wp-json\/wp\/v2\/tags?post=13687"}],"curies":[{"name":"wp","href":"https:\/\/api.w.org\/{rel}","templated":true}]}}