{"id":13663,"date":"2026-08-31T18:07:57","date_gmt":"2026-08-31T16:07:57","guid":{"rendered":"https:\/\/www.tablaosflamencos.com\/?p=13663"},"modified":"2026-08-31T18:26:31","modified_gmt":"2026-08-31T16:26:31","slug":"festival-cante-jondo-antonio-mairena-2026","status":"publish","type":"post","link":"https:\/\/www.tablaosflamencos.com\/fr\/festival-cante-jondo-antonio-mairena-2026.html","title":{"rendered":"Festival de Cante Jondo Antonio Mairena 2026 : programme, artistes, dates et billets"},"content":{"rendered":"<section class=\"l-section wpb_row height_huge\"><div class=\"l-section-h i-cf\"><div class=\"g-cols vc_row via_flex valign_top type_default stacking_default\"><div class=\"vc_col-sm-6 wpb_column vc_column_container\"><div class=\"vc_column-inner\"><div class=\"wpb_wrapper\"><div class=\"wpb_text_column\"><div class=\"wpb_wrapper\"><h2>Festival de Cante Jondo Antonio Mairena 2026 : cinq jours pour vivre le flamenco dans l\u2019un de ses grands temples<\/h2>\n<p>Mairena del Alcor redevient l\u2019un des centres du flamenco andalou \u00e0 l\u2019occasion du <strong>65e Festival de Cante Jondo Antonio Mairena<\/strong>, qui aura lieu <strong>du 1er au 5 septembre 2026<\/strong>. Cette \u00e9dition r\u00e9unit chant, guitare, danse, conf\u00e9rences, une masterclass, l\u2019historique Concours national de Cante Jondo et un grand gala final emmen\u00e9 par des figures telles que <strong>Jos\u00e9 Merc\u00e9, La Macanita et Farruquito<\/strong>.<\/p>\n<p>Le festival 2026 est <strong>d\u00e9di\u00e9 \u00e0 Diego Clavel<\/strong> et conserve la vocation qui d\u00e9finit ce rendez-vous depuis ses origines : d\u00e9fendre le cante, transmettre la m\u00e9moire flamenca et r\u00e9unir diff\u00e9rentes g\u00e9n\u00e9rations d\u2019artistes \u00e0 Mairena del Alcor, une ville \u00e9troitement li\u00e9e \u00e0 la figure d\u2019Antonio Mairena.<\/p>\n<p>La programmation se r\u00e9partit entre la <strong>Casa Palacio de los Duques de Arcos<\/strong>, le <strong>Th\u00e9\u00e2tre municipal Calixto S\u00e1nchez<\/strong> et l\u2019 <strong>Auditorium municipal Manuel Mairena<\/strong>. En outre, le 28 ao\u00fbt se tient en pr\u00e9lude la <strong>Flamenkedada<\/strong>, une proposition de flamenco fusion destin\u00e9e \u00e0 un public plus jeune.<\/p>\n<\/div><\/div><\/div><\/div><\/div><div class=\"vc_col-sm-6 wpb_column vc_column_container\"><div class=\"vc_column-inner\"><div class=\"wpb_wrapper\"><div class=\"wpb_text_column\"><div class=\"wpb_wrapper\"><h3>Festival Antonio Mairena 2026 : informations essentielles<\/h3>\n<ul>\n<li><strong>\u00c9dition :<\/strong> 65e Festival de Cante Jondo Antonio Mairena.<\/li>\n<li><strong>Dates :<\/strong> du 1er au 5 septembre 2026.<\/li>\n<li><strong>Lieu :<\/strong> Mairena del Alcor, S\u00e9ville.<\/li>\n<li><strong>D\u00e9dicace :<\/strong> Diego Clavel.<\/li>\n<li><strong>Gala final :<\/strong> 5 septembre, 22 h 00.<\/li>\n<li><strong>Artistes du gala :<\/strong> Jos\u00e9 Merc\u00e9, La Macanita, Juan de Mairena, Roc\u00edo Luna et Farruquito, entre autres.<\/li>\n<li><strong>Billets :<\/strong> \u00e0 partir de 10 \u20ac pour les spectacles payants, selon la formule.<\/li>\n<li><strong>Vente :<\/strong> site officiel, plateforme Giglon et points de vente indiqu\u00e9s par la mairie.<\/li>\n<\/ul>\n<p><small>La programmation et les conditions de vente peuvent \u00eatre modifi\u00e9es. Nous vous recommandons de v\u00e9rifier les informations officielles avant de vous d\u00e9placer.<\/small><\/p>\n<\/div><\/div><div class=\"w-separator size_medium\"><\/div><div class=\"w-hwrapper valign_top wrap stack_on_mobiles align_center\" style=\"--hwrapper-gap:1.2rem\"><div class=\"w-btn-wrapper align_none\"><a class=\"w-btn us-btn-style_1\" href=\"https:\/\/festivalmairena.com\/\"><span class=\"w-btn-label\">Site officiel du Festival<\/span><\/a><\/div><\/div><\/div><\/div><\/div><\/div><\/div><\/section><section class=\"l-section wpb_row height_huge color_alternate with_shape\"><div class=\"l-section-shape type_zigzag pos_top hor_flip\" style=\"height:3vmin;\"><svg xmlns=\"http:\/\/www.w3.org\/2000\/svg\" viewBox=\"0 0 64 8\" preserveAspectRatio=\"none\" width=\"100%\" height=\"100%\">\r\n\t<path fill=\"currentColor\" d=\"M64 8 L0 8 L0 0 L20 7.9 L40 3 L48 5 L64 0 Z\"\/>\r\n<\/svg><\/div><div class=\"l-section-shape type_zigzag pos_bottom\" style=\"height:3vmin;\"><svg xmlns=\"http:\/\/www.w3.org\/2000\/svg\" viewBox=\"0 0 64 8\" preserveAspectRatio=\"none\" width=\"100%\" height=\"100%\">\r\n\t<path fill=\"currentColor\" d=\"M64 8 L0 8 L0 0 L20 7.9 L40 3 L48 5 L64 0 Z\"\/>\r\n<\/svg><\/div><div class=\"l-section-h i-cf\"><div class=\"g-cols vc_row via_flex valign_top type_default stacking_default\"><div class=\"vc_col-sm-12 wpb_column vc_column_container\"><div class=\"vc_column-inner\"><div class=\"wpb_wrapper\"><div class=\"wpb_text_column\"><div class=\"wpb_wrapper\"><h2>Programme complet du Festival de Cante Jondo Antonio Mairena 2026<\/h2>\n<p>L\u2019\u00e9dition 2026 combine r\u00e9citals, r\u00e9flexion, formation, danse et comp\u00e9tition. Le programme principal se d\u00e9roule du mardi 1er au samedi 5 septembre, tandis que la Flamenkedada du 28 ao\u00fbt sert de prologue au cycle.<\/p>\n<h3>Mardi 1er septembre : inauguration, Diego Clavel et Rubito de Par\u00e1<\/h3>\n<p>La <strong>Casa Palacio de los Duques de Arcos<\/strong> accueille la premi\u00e8re journ\u00e9e. \u00c0 <strong>21 h 00<\/strong> est pr\u00e9vu l\u2019acte d\u2019inauguration institutionnelle. Ensuite, \u00e0 <strong>21 h 15<\/strong>, Pedro L\u00f3phe donne la conf\u00e9rence <em>Diego Clavel : \u00e9thique et esth\u00e9tique<\/em>, en lien avec la d\u00e9dicace de cette \u00e9dition.<\/p>\n<p>La soir\u00e9e s\u2019ach\u00e8ve \u00e0 <strong>22 h 30<\/strong> avec un r\u00e9cital flamenco de <strong>Rubito de Par\u00e1<\/strong>, accompagn\u00e9 \u00e0 la guitare par <strong>Antonio Carri\u00f3n<\/strong>. Les rendez-vous annonc\u00e9s pour cette premi\u00e8re soir\u00e9e sont gratuits jusqu\u2019\u00e0 \u00e9puisement de la capacit\u00e9 d\u2019accueil.<\/p>\n<h3>Mercredi 2 septembre : Ballet Flamenco de Andaluc\u00eda<\/h3>\n<p>Le <strong>Th\u00e9\u00e2tre municipal Calixto S\u00e1nchez<\/strong> accueille \u00e0 <strong>21 h 30<\/strong> le spectacle <em>Flamenco Patrimonio<\/em>, du <strong>Ballet Flamenco de Andaluc\u00eda<\/strong>. Il s\u2019agit de l\u2019un des principaux rendez-vous sc\u00e9niques de la semaine et l\u2019entr\u00e9e est payante.<\/p>\n<h3>Jeudi 3 septembre : formation, m\u00e9moire et guitare<\/h3>\n<p>La journ\u00e9e commence \u00e0 <strong>11 h 00<\/strong> au Th\u00e9\u00e2tre municipal Calixto S\u00e1nchez avec une <strong>masterclass de danse flamenca d\u2019Alejandro Rodr\u00edguez<\/strong>. L\u2019organisation a annonc\u00e9 une inscription gratuite et un nombre de places limit\u00e9.<\/p>\n<p>Le soir, l\u2019activit\u00e9 revient \u00e0 la Casa Palacio de los Duques de Arcos. \u00c0 <strong>21 h 00<\/strong> aura lieu la rencontre <em>Romerito de Jerez, presque un si\u00e8cle de t\u00e9moignage flamenco<\/em>, avec <strong>Romerito de Jerez et Juan Garrido<\/strong>. \u00c0 <strong>22 h 30<\/strong>, <strong>Diego del Morao<\/strong> donnera un r\u00e9cital de guitare flamenca.<\/p>\n<\/div><\/div><\/div><\/div><\/div><\/div><\/div><\/section><section class=\"l-section wpb_row height_huge\"><div class=\"l-section-h i-cf\"><div class=\"g-cols vc_row via_flex valign_top type_default stacking_default\"><div class=\"vc_col-sm-6 wpb_column vc_column_container\"><div class=\"vc_column-inner\"><div class=\"wpb_wrapper\"><div class=\"wpb_text_column\"><div class=\"wpb_wrapper\"><h2>4 septembre : le Concours national devient festival<\/h2>\n<p>Le vendredi 4 arrive l\u2019une des soir\u00e9es les plus singuli\u00e8res de cette \u00e9dition : le <strong>64e Concours national de Cante Jondo Antonio Mairena<\/strong>, programm\u00e9 \u00e0 <strong>22 h 00<\/strong> \u00e0 l\u2019Auditorium municipal Manuel Mairena.<\/p>\n<p>Cette \u00e9dition est <strong>d\u00e9di\u00e9e \u00e0 Aurora Vargas<\/strong> et se pr\u00e9sente sous le concept de <em>Le concours devenu festival<\/em>. L\u2019affiche annonc\u00e9e r\u00e9unit <strong>Remedios Reyes<\/strong>, avec Julio Romero \u00e0 la guitare ; <strong>Ana La Yiya<\/strong>, avec Antonio Garc\u00eda ; <strong>Caracolillo de C\u00e1diz<\/strong>, avec Nono Reyes ; <strong>Manuel C\u00e1stulo<\/strong>, avec Manolo Herrera ; et <strong>Rubio de Pruna<\/strong>, accompagn\u00e9 par Marcos de Silva.<\/p>\n<p>La soir\u00e9e comprend \u00e9galement la danse de <strong>Mar\u00eda T\u00e1vora et son ensemble<\/strong>, les palmas de Cepa N\u00fa\u00f1ez et Manuel Vinaza, ainsi que la pr\u00e9sentation de <strong>Juan Garrido<\/strong>.<\/p>\n<p>Le Concours national constitue une partie fondamentale de l\u2019identit\u00e9 flamenca de Mairena del Alcor et compl\u00e8te la programmation du festival par un rendez-vous sp\u00e9cifiquement consacr\u00e9 au cante.<\/p>\n<\/div><\/div><\/div><\/div><\/div><div class=\"vc_col-sm-6 wpb_column vc_column_container\"><div class=\"vc_column-inner\"><div class=\"wpb_wrapper\"><div class=\"wpb_text_column\"><div class=\"wpb_wrapper\"><h2>5 septembre : grand Gala avec Jos\u00e9 Merc\u00e9, La Macanita et Farruquito<\/h2>\n<p>Le samedi 5 septembre, \u00e0 <strong>22 h 00<\/strong>, l\u2019 <strong>Auditorium municipal Manuel Mairena<\/strong> accueille le grand Gala du 65e Festival. C\u2019est la soir\u00e9e centrale et celle qui r\u00e9unit l\u2019affiche la plus large de l\u2019\u00e9dition.<\/p>\n<p><strong>Au chant<\/strong> se produiront <strong>Jos\u00e9 Merc\u00e9, La Macanita, Juan de Mairena et Roc\u00edo Luna<\/strong>. Les guitares seront assur\u00e9es par <strong>Antonio Higuero, Manuel Valencia et Francisco G\u00f3mez<\/strong>.<\/p>\n<p>La danse aura pour protagoniste <strong>Juan Manuel Fern\u00e1ndez Montoya \u00ab Farruquito \u00bb<\/strong>, accompagn\u00e9 par les chants d\u2019Ismael de la Rosa \u00ab El Bola \u00bb, Manuel de la Nina et Mari Viz\u00e1rraga ; Manuel Valencia \u00e0 la guitare et Paco Vega aux percussions.<\/p>\n<p>Le gala sera pr\u00e9sent\u00e9 par <strong>Manuel Mart\u00edn Mart\u00edn<\/strong>. Compte tenu de l\u2019importance des artistes et du caract\u00e8re de cl\u00f4ture du festival, c\u2019est la journ\u00e9e pour laquelle il est particuli\u00e8rement conseill\u00e9 de v\u00e9rifier \u00e0 l\u2019avance la disponibilit\u00e9 des billets.<\/p>\n<\/div><\/div><\/div><\/div><\/div><\/div><\/div><\/section><section class=\"l-section wpb_row height_huge color_alternate with_shape\"><div class=\"l-section-shape type_zigzag pos_top hor_flip\" style=\"height:3vmin;\"><svg xmlns=\"http:\/\/www.w3.org\/2000\/svg\" viewBox=\"0 0 64 8\" preserveAspectRatio=\"none\" width=\"100%\" height=\"100%\">\r\n\t<path fill=\"currentColor\" d=\"M64 8 L0 8 L0 0 L20 7.9 L40 3 L48 5 L64 0 Z\"\/>\r\n<\/svg><\/div><div class=\"l-section-shape type_zigzag pos_bottom\" style=\"height:3vmin;\"><svg xmlns=\"http:\/\/www.w3.org\/2000\/svg\" viewBox=\"0 0 64 8\" preserveAspectRatio=\"none\" width=\"100%\" height=\"100%\">\r\n\t<path fill=\"currentColor\" d=\"M64 8 L0 8 L0 0 L20 7.9 L40 3 L48 5 L64 0 Z\"\/>\r\n<\/svg><\/div><div class=\"l-section-h i-cf\"><div class=\"g-cols vc_row via_flex valign_top type_default stacking_default\"><div class=\"vc_col-sm-12 wpb_column vc_column_container\"><div class=\"vc_column-inner\"><div class=\"wpb_wrapper\"><div class=\"wpb_text_column\"><div class=\"wpb_wrapper\"><h2>Billets et tarifs du Festival Antonio Mairena 2026<\/h2>\n<p>Les informations publi\u00e9es par les organismes officiels indiquent des prix \u00e0 partir de <strong>10 euros<\/strong>. Pour le Gala du Festival, des billets non num\u00e9rot\u00e9s et num\u00e9rot\u00e9s ont \u00e9t\u00e9 annonc\u00e9s, tandis que certains \u00e9v\u00e9nements des premi\u00e8res journ\u00e9es sont gratuits jusqu\u2019\u00e0 \u00e9puisement de la capacit\u00e9 d\u2019accueil.<\/p>\n<p>Parmi les tarifs publi\u00e9s pour l\u2019\u00e9dition 2026 figurent :<\/p>\n<ul>\n<li><strong>Flamenkedada :<\/strong> 10 \u20ac.<\/li>\n<li><strong>Flamenco Patrimonio :<\/strong> 10 \u20ac.<\/li>\n<li><strong>Gala du Festival :<\/strong> 15 \u20ac en placement non num\u00e9rot\u00e9 et 20 \u20ac en placement num\u00e9rot\u00e9, selon les informations publi\u00e9es.<\/li>\n<li><strong>Pass combin\u00e9s :<\/strong> il existe des options regroupant plusieurs activit\u00e9s payantes.<\/li>\n<\/ul>\n<p>L\u2019organisation assure la vente via le <strong>site officiel du festival<\/strong>, la plateforme <strong>Giglon<\/strong> et les points de vente physiques communiqu\u00e9s par la mairie de Mairena del Alcor. Au moment de consulter la programmation, le spectacle <em>Flamenco Patrimonio<\/em> appara\u00eet sur le site officiel avec une vente disponible uniquement au guichet.<\/p>\n<p>La disponibilit\u00e9 pouvant \u00e9voluer rapidement dans les derniers jours, il est conseill\u00e9 de v\u00e9rifier le canal officiel avant de se rendre sur place et de ne pas consid\u00e9rer comme garantie la vente \u00e0 l\u2019entr\u00e9e.<\/p>\n<\/div><\/div><div class=\"w-separator size_medium\"><\/div><div class=\"w-hwrapper valign_top wrap stack_on_mobiles align_center\" style=\"--hwrapper-gap:1.2rem\"><div class=\"w-btn-wrapper align_none\"><a class=\"w-btn us-btn-style_1\" href=\"https:\/\/festivalmairena.com\/\"><span class=\"w-btn-label\">Consulter les billets du Festival<\/span><\/a><\/div><\/div><\/div><\/div><\/div><\/div><\/div><\/section><section class=\"l-section wpb_row height_huge\"><div class=\"l-section-h i-cf\"><div class=\"g-cols vc_row via_flex valign_top type_default stacking_default\"><div class=\"vc_col-sm-6 wpb_column vc_column_container\"><div class=\"vc_column-inner\"><div class=\"wpb_wrapper\"><div class=\"wpb_text_column\"><div class=\"wpb_wrapper\"><h2>Flamenkedada : le prologue du 28 ao\u00fbt<\/h2>\n<p>Bien que les dates officielles du 65e Festival soient du 1er au 5 septembre, la programmation du projet inclut quelques jours auparavant la <strong>Flamenkedada<\/strong>, pr\u00e9vue le <strong>28 ao\u00fbt<\/strong> \u00e0 l\u2019Auditorium municipal Manuel Mairena.<\/p>\n<p>Cette initiative \u00e9largit le cadre traditionnel du festival vers des propositions de <strong>flamenco fusion<\/strong> et cherche tout particuli\u00e8rement \u00e0 toucher un public jeune. L\u2019\u00e9dition 2026 annonce <strong>Gonzalo Alhambra et Cristian de Moret<\/strong> avec des billets \u00e0 partir de 10 euros.<\/p>\n<p>Pour qui souhaite vivre l\u2019ambiance flamenca de Mairena avant le programme principal, ce rendez-vous fait office de v\u00e9ritable ouverture informelle de la semaine.<\/p>\n<\/div><\/div><\/div><\/div><\/div><div class=\"vc_col-sm-6 wpb_column vc_column_container\"><div class=\"vc_column-inner\"><div class=\"wpb_wrapper\"><div class=\"wpb_text_column\"><div class=\"wpb_wrapper\"><h2>Trois lieux pour une semaine flamenca<\/h2>\n<p>Le festival ne se concentre pas dans un seul lieu. Cette r\u00e9partition permet de combiner patrimoine, th\u00e9\u00e2tre et grands formats en plein air ou en auditorium.<\/p>\n<p><strong>Casa Palacio de los Duques de Arcos.<\/strong> C\u2019est l\u2019un des espaces historiques de r\u00e9f\u00e9rence de Mairena del Alcor et il accueille l\u2019inauguration, les conf\u00e9rences, les rencontres et les r\u00e9citals au format plus intime.<\/p>\n<p><strong>Th\u00e9\u00e2tre municipal Calixto S\u00e1nchez.<\/strong> Il accueille le spectacle du Ballet Flamenco de Andaluc\u00eda et la masterclass de danse.<\/p>\n<p><strong>Auditorium municipal Manuel Mairena.<\/strong> C\u2019est le lieu des soir\u00e9es de plus grande capacit\u00e9, notamment le Concours national et le Gala final.<\/p>\n<p>Si vous comptez suivre plusieurs activit\u00e9s au cours de la semaine, il est recommand\u00e9 de v\u00e9rifier \u00e0 l\u2019avance le lieu de chaque journ\u00e9e, car horaires et emplacements changent d\u2019un jour \u00e0 l\u2019autre.<\/p>\n<\/div><\/div><\/div><\/div><\/div><\/div><\/div><\/section><section class=\"l-section wpb_row height_huge color_alternate with_shape\"><div class=\"l-section-shape type_zigzag pos_top hor_flip\" style=\"height:3vmin;\"><svg xmlns=\"http:\/\/www.w3.org\/2000\/svg\" viewBox=\"0 0 64 8\" preserveAspectRatio=\"none\" width=\"100%\" height=\"100%\">\r\n\t<path fill=\"currentColor\" d=\"M64 8 L0 8 L0 0 L20 7.9 L40 3 L48 5 L64 0 Z\"\/>\r\n<\/svg><\/div><div class=\"l-section-shape type_zigzag pos_bottom\" style=\"height:3vmin;\"><svg xmlns=\"http:\/\/www.w3.org\/2000\/svg\" viewBox=\"0 0 64 8\" preserveAspectRatio=\"none\" width=\"100%\" height=\"100%\">\r\n\t<path fill=\"currentColor\" d=\"M64 8 L0 8 L0 0 L20 7.9 L40 3 L48 5 L64 0 Z\"\/>\r\n<\/svg><\/div><div class=\"l-section-h i-cf\"><div class=\"g-cols vc_row via_flex valign_top type_default stacking_default\"><div class=\"vc_col-sm-12 wpb_column vc_column_container\"><div class=\"vc_column-inner\"><div class=\"wpb_wrapper\"><div class=\"wpb_text_column\"><div class=\"wpb_wrapper\"><h2>Pourquoi le Festival de Cante Jondo Antonio Mairena est un rendez-vous historique<\/h2>\n<p>L\u2019origine du festival remonte \u00e0 <strong>1962<\/strong>. Selon l\u2019histoire diffus\u00e9e par l\u2019organisation, il est n\u00e9 comme un \u00e9v\u00e9nement caritatif impuls\u00e9 par <strong>Antonio Mairena<\/strong> en collaboration avec le cur\u00e9 de la commune et a rapidement b\u00e9n\u00e9fici\u00e9 aussi du soutien de la mairie.<\/p>\n<p>Depuis lors, le nom de Mairena del Alcor est li\u00e9 \u00e0 l\u2019un des rendez-vous flamencos ayant la plus grande continuit\u00e9 historique. Le festival ne se contente pas de programmer des spectacles : sa structure associe cante, recherche et diffusion, hommage aux figures v\u00e9t\u00e9ranes, nouvelles g\u00e9n\u00e9rations, guitare, danse et Concours national.<\/p>\n<p>La figure d\u2019Antonio Mairena est indissociable de cette identit\u00e9. Le cantaor de Mairena fut l\u2019une des grandes r\u00e9f\u00e9rences du cante du XXe si\u00e8cle et re\u00e7ut en 1962 la <strong>IIIe Llave de Oro del Cante<\/strong>. Son influence artistique et son travail de r\u00e9cup\u00e9ration et d\u2019organisation des r\u00e9pertoires ont marqu\u00e9 une grande partie du d\u00e9bat flamenco de son \u00e9poque.<\/p>\n<p>Le festival conserve ce lien avec la m\u00e9moire, mais chaque \u00e9dition int\u00e8gre des artistes et des formats contemporains. La pr\u00e9sence en 2026 de Jos\u00e9 Merc\u00e9, La Macanita, Roc\u00edo Luna, Diego del Morao, Farruquito ou du Ballet Flamenco de Andaluc\u00eda illustre pr\u00e9cis\u00e9ment ce dialogue entre tradition, artistes confirm\u00e9s et g\u00e9n\u00e9rations plus r\u00e9centes.<\/p>\n<\/div><\/div><\/div><\/div><\/div><\/div><\/div><\/section><section class=\"l-section wpb_row height_huge\"><div class=\"l-section-h i-cf\"><div class=\"g-cols vc_row via_flex valign_top type_default stacking_default\"><div class=\"vc_col-sm-12 wpb_column vc_column_container\"><div class=\"vc_column-inner\"><div class=\"wpb_wrapper\"><div class=\"wpb_text_column\"><div class=\"wpb_wrapper\"><h2>Comment combiner le Festival de Mairena avec une visite flamenca \u00e0 S\u00e9ville<\/h2>\n<p>Mairena del Alcor se trouve dans la province de S\u00e9ville et le festival co\u00efncide avec une p\u00e9riode particuli\u00e8rement intense pour le flamenco dans la r\u00e9gion. Pour un visiteur qui passe plusieurs jours \u00e0 S\u00e9ville, la programmation de Mairena peut devenir une excursion en soir\u00e9e et se combiner avec d\u2019autres spectacles et exp\u00e9riences flamencas dans la capitale.<\/p>\n<p>L\u2019essentiel est de ne pas aborder toutes les journ\u00e9es de la m\u00eame mani\u00e8re. Les r\u00e9citals de la Casa Palacio offrent une ambiance diff\u00e9rente de celle du Concours national ou du Gala final, tandis que S\u00e9ville conserve une offre quotidienne de tablaos permettant de compl\u00e9ter le s\u00e9jour les soirs o\u00f9 l\u2019on n\u2019assiste pas au festival ou lorsqu\u2019une repr\u00e9sentation pr\u00e9cise est compl\u00e8te.<\/p>\n<p>Sur Tablaos Flamencos, vous pouvez consulter et comparer les spectacles disponibles \u00e0 S\u00e9ville afin d\u2019organiser le reste de votre s\u00e9jour.<\/p>\n<\/div><\/div><div class=\"w-separator size_medium\"><\/div><div class=\"w-hwrapper valign_top wrap stack_on_mobiles align_center\" style=\"--hwrapper-gap:1.2rem\"><div class=\"w-btn-wrapper align_none\"><a class=\"w-btn us-btn-style_1\" href=\"https:\/\/www.tablaosflamencos.com\/fr\/flamenco-a-seville\"><span class=\"w-btn-label\">Voir du flamenco \u00e0 S\u00e9ville<\/span><\/a><\/div><\/div><\/div><\/div><\/div><\/div><\/div><\/section><section class=\"l-section wpb_row height_huge color_alternate with_shape\"><div class=\"l-section-shape type_zigzag pos_top hor_flip\" style=\"height:3vmin;\"><svg xmlns=\"http:\/\/www.w3.org\/2000\/svg\" viewBox=\"0 0 64 8\" preserveAspectRatio=\"none\" width=\"100%\" height=\"100%\">\r\n\t<path fill=\"currentColor\" d=\"M64 8 L0 8 L0 0 L20 7.9 L40 3 L48 5 L64 0 Z\"\/>\r\n<\/svg><\/div><div class=\"l-section-shape type_zigzag pos_bottom\" style=\"height:3vmin;\"><svg xmlns=\"http:\/\/www.w3.org\/2000\/svg\" viewBox=\"0 0 64 8\" preserveAspectRatio=\"none\" width=\"100%\" height=\"100%\">\r\n\t<path fill=\"currentColor\" d=\"M64 8 L0 8 L0 0 L20 7.9 L40 3 L48 5 L64 0 Z\"\/>\r\n<\/svg><\/div><div class=\"l-section-h i-cf\"><div class=\"g-cols vc_row via_flex valign_top type_default stacking_default\"><div class=\"vc_col-sm-1\/5 wpb_column vc_column_container\"><div class=\"vc_column-inner\"><div class=\"wpb_wrapper\"><\/div><\/div><\/div><div class=\"vc_col-sm-3\/5 wpb_column vc_column_container\"><div class=\"vc_column-inner\"><div class=\"wpb_wrapper\"><div class=\"wpb_text_column\"><div class=\"wpb_wrapper\"><h2>Questions fr\u00e9quentes sur le Festival Antonio Mairena 2026<\/h2>\n<\/div><\/div><div class=\"w-separator size_medium\"><\/div><div class=\"w-tabs accordion toggle_style_1 has_scrolling\" style=\"--sections-title-size:inherit;--sections-gap:0.5rem;\"><div class=\"w-tabs-sections titles-align_none icon_plus cpos_left\"><div class=\"w-tabs-section\" id=\"i5e2\" itemscope itemprop=\"mainEntity\" itemtype=\"https:\/\/schema.org\/Question\"><button type=\"button\" class=\"w-tabs-section-header\" aria-controls=\"content-i5e2\" aria-expanded=\"false\"><h3 class=\"w-tabs-section-title\" itemprop=\"name\">Quand a lieu le Festival de Cante Jondo Antonio Mairena 2026 ?<\/h3><div class=\"w-tabs-section-control\"><\/div><\/button><div  class=\"w-tabs-section-content\" id=\"content-i5e2\" itemscope itemprop=\"acceptedAnswer\" itemtype=\"https:\/\/schema.org\/Answer\"><div class=\"w-tabs-section-content-h i-cf\" itemprop=\"text\"><div class=\"wpb_text_column\"><div class=\"wpb_wrapper\"><p>Le 65e Festival de Cante Jondo Antonio Mairena se d\u00e9roule du 1er au 5 septembre 2026 \u00e0 Mairena del Alcor, S\u00e9ville. La Flamenkedada est programm\u00e9e auparavant, le 28 ao\u00fbt, comme pr\u00e9lude au festival.<\/p>\n<\/div><\/div><\/div><\/div><\/div><div class=\"w-tabs-section\" id=\"q6fe\" itemscope itemprop=\"mainEntity\" itemtype=\"https:\/\/schema.org\/Question\"><button type=\"button\" class=\"w-tabs-section-header\" aria-controls=\"content-q6fe\" aria-expanded=\"false\"><h3 class=\"w-tabs-section-title\" itemprop=\"name\">Qui se produit lors du Gala du Festival Antonio Mairena 2026 ?<\/h3><div class=\"w-tabs-section-control\"><\/div><\/button><div  class=\"w-tabs-section-content\" id=\"content-q6fe\" itemscope itemprop=\"acceptedAnswer\" itemtype=\"https:\/\/schema.org\/Answer\"><div class=\"w-tabs-section-content-h i-cf\" itemprop=\"text\"><div class=\"wpb_text_column\"><div class=\"wpb_wrapper\"><p>Le gala du 5 septembre r\u00e9unit au chant Jos\u00e9 Merc\u00e9, La Macanita, Juan de Mairena et Roc\u00edo Luna. La danse sera men\u00e9e par Farruquito, accompagn\u00e9 de son ensemble, et Antonio Higuero, Manuel Valencia et Francisco G\u00f3mez participent \u00e9galement \u00e0 la guitare.<\/p>\n<\/div><\/div><\/div><\/div><\/div><div class=\"w-tabs-section\" id=\"g7e2\" itemscope itemprop=\"mainEntity\" itemtype=\"https:\/\/schema.org\/Question\"><button type=\"button\" class=\"w-tabs-section-header\" aria-controls=\"content-g7e2\" aria-expanded=\"false\"><h3 class=\"w-tabs-section-title\" itemprop=\"name\">Combien co\u00fbtent les billets ?<\/h3><div class=\"w-tabs-section-control\"><\/div><\/button><div  class=\"w-tabs-section-content\" id=\"content-g7e2\" itemscope itemprop=\"acceptedAnswer\" itemtype=\"https:\/\/schema.org\/Answer\"><div class=\"w-tabs-section-content-h i-cf\" itemprop=\"text\"><div class=\"wpb_text_column\"><div class=\"wpb_wrapper\"><p>Il y a des activit\u00e9s gratuites et des spectacles payants. Les tarifs publi\u00e9s commencent \u00e0 10 euros. Pour le Gala, des billets \u00e0 15 euros en placement non num\u00e9rot\u00e9 et \u00e0 20 euros en placement num\u00e9rot\u00e9 ont \u00e9t\u00e9 annonc\u00e9s, ainsi que des pass combin\u00e9s. Il convient de v\u00e9rifier le tarif en vigueur et les \u00e9ventuels frais de gestion sur le canal officiel avant d\u2019acheter.<\/p>\n<\/div><\/div><\/div><\/div><\/div><div class=\"w-tabs-section\" id=\"i8b1\" itemscope itemprop=\"mainEntity\" itemtype=\"https:\/\/schema.org\/Question\"><button type=\"button\" class=\"w-tabs-section-header\" aria-controls=\"content-i8b1\" aria-expanded=\"false\"><h3 class=\"w-tabs-section-title\" itemprop=\"name\">O\u00f9 acheter les billets du Festival de Mairena ?<\/h3><div class=\"w-tabs-section-control\"><\/div><\/button><div  class=\"w-tabs-section-content\" id=\"content-i8b1\" itemscope itemprop=\"acceptedAnswer\" itemtype=\"https:\/\/schema.org\/Answer\"><div class=\"w-tabs-section-content-h i-cf\" itemprop=\"text\"><div class=\"wpb_text_column\"><div class=\"wpb_wrapper\"><p>L\u2019organisation renvoie vers son site officiel, la plateforme Giglon et les points de vente physiques annonc\u00e9s par la mairie de Mairena del Alcor. Certaines activit\u00e9s peuvent avoir des conditions de vente sp\u00e9cifiques ou \u00eatre en acc\u00e8s libre jusqu\u2019\u00e0 \u00e9puisement de la capacit\u00e9 d\u2019accueil.<\/p>\n<\/div><\/div><\/div><\/div><\/div><div class=\"w-tabs-section\" id=\"g999\" itemscope itemprop=\"mainEntity\" itemtype=\"https:\/\/schema.org\/Question\"><button type=\"button\" class=\"w-tabs-section-header\" aria-controls=\"content-g999\" aria-expanded=\"false\"><h3 class=\"w-tabs-section-title\" itemprop=\"name\">O\u00f9 se d\u00e9roule le festival ?<\/h3><div class=\"w-tabs-section-control\"><\/div><\/button><div  class=\"w-tabs-section-content\" id=\"content-g999\" itemscope itemprop=\"acceptedAnswer\" itemtype=\"https:\/\/schema.org\/Answer\"><div class=\"w-tabs-section-content-h i-cf\" itemprop=\"text\"><div class=\"wpb_text_column\"><div class=\"wpb_wrapper\"><p>La programmation utilise plusieurs lieux de Mairena del Alcor : la Casa Palacio de los Duques de Arcos, le Th\u00e9\u00e2tre municipal Calixto S\u00e1nchez et l\u2019Auditorium municipal Manuel Mairena. Il est important de v\u00e9rifier le lieu pr\u00e9cis de chaque activit\u00e9.<\/p>\n<\/div><\/div><\/div><\/div><\/div><div class=\"w-tabs-section\" id=\"ta62\" itemscope itemprop=\"mainEntity\" itemtype=\"https:\/\/schema.org\/Question\"><button type=\"button\" class=\"w-tabs-section-header\" aria-controls=\"content-ta62\" aria-expanded=\"false\"><h3 class=\"w-tabs-section-title\" itemprop=\"name\">\u00c0 qui le festival est-il d\u00e9di\u00e9 en 2026 ?<\/h3><div class=\"w-tabs-section-control\"><\/div><\/button><div  class=\"w-tabs-section-content\" id=\"content-ta62\" itemscope itemprop=\"acceptedAnswer\" itemtype=\"https:\/\/schema.org\/Answer\"><div class=\"w-tabs-section-content-h i-cf\" itemprop=\"text\"><div class=\"wpb_text_column\"><div class=\"wpb_wrapper\"><p>La 65e \u00e9dition est d\u00e9di\u00e9e au cantaor Diego Clavel. En outre, le Concours national du 4 septembre rend hommage \u00e0 Aurora Vargas.<\/p>\n<\/div><\/div><\/div><\/div><\/div><\/div><\/div><\/div><\/div><\/div><div class=\"vc_col-sm-1\/5 wpb_column vc_column_container\"><div class=\"vc_column-inner\"><div class=\"wpb_wrapper\"><\/div><\/div><\/div><\/div><\/div><\/section><section class=\"l-section wpb_row height_huge\"><div class=\"l-section-h i-cf\"><div class=\"g-cols vc_row via_flex valign_top type_default stacking_default\"><div class=\"vc_col-sm-12 wpb_column vc_column_container\"><div class=\"vc_column-inner\"><div class=\"wpb_wrapper\"><div class=\"wpb_text_column\"><div class=\"wpb_wrapper\"><h2>Une semaine pour d\u00e9couvrir Mairena sous diff\u00e9rents angles<\/h2>\n<p>Le Festival de Cante Jondo Antonio Mairena atteint sa 65e \u00e9dition avec une programmation qui refuse de r\u00e9duire le flamenco \u00e0 une seule formule. On y trouve du cante de concert, de la guitare solo, de la danse, de la cr\u00e9ation institutionnelle, de la formation, de la m\u00e9moire orale, un concours et un gala r\u00e9unissant de grands noms.<\/p>\n<p>Pour qui recherche l\u2019un des grands rendez-vous flamencos de septembre en Andalousie, <strong>Mairena del Alcor propose cinq jours particuli\u00e8rement intenses du 1er au 5 septembre 2026<\/strong>. La combinaison de lieux historiques, d\u2019artistes confirm\u00e9s et de la continuit\u00e9 d\u2019une tradition commenc\u00e9e en 1962 explique pourquoi le festival reste une r\u00e9f\u00e9rence du calendrier flamenco espagnol.<\/p>\n<\/div><\/div><\/div><\/div><\/div><\/div><\/div><\/section><section class=\"l-section wpb_row height_huge color_alternate with_shape\"><div class=\"l-section-shape type_zigzag pos_top hor_flip\" style=\"height:3vmin;\"><svg xmlns=\"http:\/\/www.w3.org\/2000\/svg\" viewBox=\"0 0 64 8\" preserveAspectRatio=\"none\" width=\"100%\" height=\"100%\">\r\n\t<path fill=\"currentColor\" d=\"M64 8 L0 8 L0 0 L20 7.9 L40 3 L48 5 L64 0 Z\"\/>\r\n<\/svg><\/div><div class=\"l-section-shape type_zigzag pos_bottom\" style=\"height:3vmin;\"><svg xmlns=\"http:\/\/www.w3.org\/2000\/svg\" viewBox=\"0 0 64 8\" preserveAspectRatio=\"none\" width=\"100%\" height=\"100%\">\r\n\t<path fill=\"currentColor\" d=\"M64 8 L0 8 L0 0 L20 7.9 L40 3 L48 5 L64 0 Z\"\/>\r\n<\/svg><\/div><div class=\"l-section-h i-cf\"><div class=\"g-cols vc_row via_flex valign_top type_default stacking_default\"><div class=\"vc_col-sm-12 wpb_column vc_column_container\"><div class=\"vc_column-inner\"><div class=\"wpb_wrapper\"><div class=\"wpb_text_column\"><div class=\"wpb_wrapper\"><h2>Sources et mise \u00e0 jour<\/h2>\n<p>Pour \u00e9laborer ce guide, nous avons recoup\u00e9 les informations publi\u00e9es par l\u2019organisation du Festival, la mairie de Mairena del Alcor, l\u2019Agenda culturel d\u2019Andalousie et le tourisme de la province de S\u00e9ville.<\/p>\n<ul>\n<li><a href=\"https:\/\/festivalmairena.com\/\" target=\"_blank\" rel=\"noopener\">Festival de Cante Jondo Antonio Mairena \u2014 site officiel<\/a>.<\/li>\n<li><a href=\"https:\/\/www.mairenadelalcor.es\/es\/ayuntamiento\/taquillaonline\/\" target=\"_blank\" rel=\"noopener\">Mairie de Mairena del Alcor \u2014 billetterie en ligne<\/a>.<\/li>\n<li><a href=\"https:\/\/www.juntadeandalucia.es\/cultura\/agendaculturaldeandalucia\/evento\/lxv-festival-de-cante-jondo-antonio-mairena-en-mairena-del-alcor\" target=\"_blank\" rel=\"noopener\">Agenda culturel d\u2019Andalousie \u2014 65e Festival<\/a>.<\/li>\n<li><a href=\"https:\/\/turismosevilla.org\/es\/eventos-y-fiestas\/lxv-festival-de-cante-jondo-antonio-mairena\" target=\"_blank\" rel=\"noopener\">Tourisme de la province de S\u00e9ville \u2014 Festival Antonio Mairena 2026<\/a>.<\/li>\n<\/ul>\n<p><small>Informations v\u00e9rifi\u00e9es le 31 ao\u00fbt 2026. La programmation, les prix, les horaires et les conditions d\u2019acc\u00e8s peuvent \u00eatre modifi\u00e9s par l\u2019organisation.<\/small><\/p>\n<\/div><\/div><\/div><\/div><\/div><\/div><\/div><\/section>\n","protected":false},"excerpt":{"rendered":"<p>Guide du Festival de Cante Jondo Antonio Mairena 2026 : programme complet, artistes, horaires, Concours national, gala final, tarifs et billets du 1er au 5 septembre.<\/p>\n","protected":false},"author":1,"featured_media":13661,"comment_status":"closed","ping_status":"closed","sticky":false,"template":"","format":"standard","meta":{"_acf_changed":false,"wpai_generated_summary":"","_ayudawp_aiss_exclude":false,"_ayudawp_aiss_exclude_summary":false,"_ayudawp_aiss_summary":"","_ayudawp_aiss_summary_provider":"","_ayudawp_aiss_summary_hash":"","footnotes":""},"categories":[1668],"tags":[1724,1391,1241,1155],"class_list":["post-13663","post","type-post","status-publish","format-standard","has-post-thumbnail","hentry","category-festivals-flamenco","tag-artistes-flamenco","tag-chant-flamenco","tag-festivales-flamencos","tag-flamenco-en-sevilla"],"acf":[],"yoast_head":"<!-- This site is optimized with the Yoast SEO Premium plugin v28.3 (Yoast SEO v28.3) - https:\/\/yoast.com\/product\/yoast-seo-premium-wordpress\/ -->\n<title>Festival Antonio Mairena 2026 : programme et billets<\/title>\n<meta name=\"description\" content=\"Programme du Festival de Cante Jondo Antonio Mairena 2026 : dates, artistes, horaires, Concours national, gala, tarifs et billets du 1er au 5 septembre.\" \/>\n<meta name=\"robots\" content=\"index, follow, max-snippet:-1, max-image-preview:large, max-video-preview:-1\" \/>\n<link rel=\"canonical\" href=\"https:\/\/www.tablaosflamencos.com\/fr\/festival-cante-jondo-antonio-mairena-2026.html\" \/>\n<meta property=\"og:locale\" content=\"fr_FR\" \/>\n<meta property=\"og:type\" content=\"article\" \/>\n<meta property=\"og:title\" content=\"Festival de Cante Jondo Antonio Mairena 2026 : programme, artistes, dates et billets\" \/>\n<meta property=\"og:description\" content=\"Programme du Festival de Cante Jondo Antonio Mairena 2026 : dates, artistes, horaires, Concours national, gala, tarifs et billets du 1er au 5 septembre.\" \/>\n<meta property=\"og:url\" content=\"https:\/\/www.tablaosflamencos.com\/fr\/festival-cante-jondo-antonio-mairena-2026.html\" \/>\n<meta property=\"og:site_name\" content=\"Tablaos Flamencos\" \/>\n<meta property=\"article:publisher\" content=\"https:\/\/www.facebook.com\/tablaosflamencos\" \/>\n<meta property=\"article:published_time\" content=\"2026-08-31T16:07:57+00:00\" \/>\n<meta property=\"article:modified_time\" content=\"2026-08-31T16:26:31+00:00\" \/>\n<meta property=\"og:image\" content=\"https:\/\/www.tablaosflamencos.com\/wp-content\/uploads\/festival-de-cante-jondo-antonio-mairena-2026-programa-artistas-fechas-y-entradas-01.webp\" \/>\n\t<meta property=\"og:image:width\" content=\"1477\" \/>\n\t<meta property=\"og:image:height\" content=\"1920\" \/>\n\t<meta property=\"og:image:type\" content=\"image\/webp\" \/>\n<meta name=\"author\" content=\"Miguel Ortiz\" \/>\n<meta name=\"twitter:card\" content=\"summary_large_image\" \/>\n<meta name=\"twitter:creator\" content=\"@tablaosflamenco\" \/>\n<meta name=\"twitter:site\" content=\"@tablaosflamenco\" \/>\n<meta name=\"twitter:label1\" content=\"\u00c9crit par\" \/>\n\t<meta name=\"twitter:data1\" content=\"Miguel Ortiz\" \/>\n\t<meta name=\"twitter:label2\" content=\"Dur\u00e9e de lecture estim\u00e9e\" \/>\n\t<meta name=\"twitter:data2\" content=\"14 minutes\" \/>\n<script type=\"application\/ld+json\" class=\"yoast-schema-graph\">{\"@context\":\"https:\\\/\\\/schema.org\",\"@graph\":[{\"@type\":\"Article\",\"@id\":\"https:\\\/\\\/www.tablaosflamencos.com\\\/fr\\\/festival-cante-jondo-antonio-mairena-2026.html#article\",\"isPartOf\":{\"@id\":\"https:\\\/\\\/www.tablaosflamencos.com\\\/fr\\\/festival-cante-jondo-antonio-mairena-2026.html\"},\"author\":{\"name\":\"Miguel Ortiz\",\"@id\":\"https:\\\/\\\/www.tablaosflamencos.com\\\/fr#\\\/schema\\\/person\\\/e7a9ebe14eb75a52ceabfbffb3c54f5d\"},\"headline\":\"Festival de Cante Jondo Antonio Mairena 2026 : programme, artistes, dates et billets\",\"datePublished\":\"2026-08-31T16:07:57+00:00\",\"dateModified\":\"2026-08-31T16:26:31+00:00\",\"mainEntityOfPage\":{\"@id\":\"https:\\\/\\\/www.tablaosflamencos.com\\\/fr\\\/festival-cante-jondo-antonio-mairena-2026.html\"},\"wordCount\":2855,\"publisher\":{\"@id\":\"https:\\\/\\\/www.tablaosflamencos.com\\\/fr#organization\"},\"image\":{\"@id\":\"https:\\\/\\\/www.tablaosflamencos.com\\\/fr\\\/festival-cante-jondo-antonio-mairena-2026.html#primaryimage\"},\"thumbnailUrl\":\"https:\\\/\\\/www.tablaosflamencos.com\\\/wp-content\\\/uploads\\\/festival-de-cante-jondo-antonio-mairena-2026-programa-artistas-fechas-y-entradas-01.webp\",\"keywords\":[\"artistes flamenco\",\"chant flamenco\",\"festivales flamencos\",\"flamenco en Sevilla\"],\"articleSection\":[\"Festivals de flamenco\"],\"inLanguage\":\"fr-FR\"},{\"@type\":\"WebPage\",\"@id\":\"https:\\\/\\\/www.tablaosflamencos.com\\\/fr\\\/festival-cante-jondo-antonio-mairena-2026.html\",\"url\":\"https:\\\/\\\/www.tablaosflamencos.com\\\/fr\\\/festival-cante-jondo-antonio-mairena-2026.html\",\"name\":\"Festival Antonio Mairena 2026 : programme et billets\",\"isPartOf\":{\"@id\":\"https:\\\/\\\/www.tablaosflamencos.com\\\/fr#website\"},\"primaryImageOfPage\":{\"@id\":\"https:\\\/\\\/www.tablaosflamencos.com\\\/fr\\\/festival-cante-jondo-antonio-mairena-2026.html#primaryimage\"},\"image\":{\"@id\":\"https:\\\/\\\/www.tablaosflamencos.com\\\/fr\\\/festival-cante-jondo-antonio-mairena-2026.html#primaryimage\"},\"thumbnailUrl\":\"https:\\\/\\\/www.tablaosflamencos.com\\\/wp-content\\\/uploads\\\/festival-de-cante-jondo-antonio-mairena-2026-programa-artistas-fechas-y-entradas-01.webp\",\"datePublished\":\"2026-08-31T16:07:57+00:00\",\"dateModified\":\"2026-08-31T16:26:31+00:00\",\"description\":\"Programme du Festival de Cante Jondo Antonio Mairena 2026 : dates, artistes, horaires, Concours national, gala, tarifs et billets du 1er au 5 septembre.\",\"breadcrumb\":{\"@id\":\"https:\\\/\\\/www.tablaosflamencos.com\\\/fr\\\/festival-cante-jondo-antonio-mairena-2026.html#breadcrumb\"},\"inLanguage\":\"fr-FR\",\"potentialAction\":[{\"@type\":\"ReadAction\",\"target\":[\"https:\\\/\\\/www.tablaosflamencos.com\\\/fr\\\/festival-cante-jondo-antonio-mairena-2026.html\"]}]},{\"@type\":\"ImageObject\",\"inLanguage\":\"fr-FR\",\"@id\":\"https:\\\/\\\/www.tablaosflamencos.com\\\/fr\\\/festival-cante-jondo-antonio-mairena-2026.html#primaryimage\",\"url\":\"https:\\\/\\\/www.tablaosflamencos.com\\\/wp-content\\\/uploads\\\/festival-de-cante-jondo-antonio-mairena-2026-programa-artistas-fechas-y-entradas-01.webp\",\"contentUrl\":\"https:\\\/\\\/www.tablaosflamencos.com\\\/wp-content\\\/uploads\\\/festival-de-cante-jondo-antonio-mairena-2026-programa-artistas-fechas-y-entradas-01.webp\",\"width\":1477,\"height\":1920,\"caption\":\"Festival de Cante Jondo Antonio Mairena 2026: programa, artistas, fechas y entradas\"},{\"@type\":\"BreadcrumbList\",\"@id\":\"https:\\\/\\\/www.tablaosflamencos.com\\\/fr\\\/festival-cante-jondo-antonio-mairena-2026.html#breadcrumb\",\"itemListElement\":[{\"@type\":\"ListItem\",\"position\":1,\"name\":\"Home\",\"item\":\"https:\\\/\\\/www.tablaosflamencos.com\\\/fr\"},{\"@type\":\"ListItem\",\"position\":2,\"name\":\"Festival de Cante Jondo Antonio Mairena 2026 : programme, artistes, dates et billets\"}]},{\"@type\":\"WebSite\",\"@id\":\"https:\\\/\\\/www.tablaosflamencos.com\\\/fr#website\",\"url\":\"https:\\\/\\\/www.tablaosflamencos.com\\\/fr\",\"name\":\"Tablaos Flamencos\",\"description\":\"Entradas para tablaos flamencos de Espa\u00f1a\",\"publisher\":{\"@id\":\"https:\\\/\\\/www.tablaosflamencos.com\\\/fr#organization\"},\"alternateName\":\"Tablaos Flamencos\",\"potentialAction\":[{\"@type\":\"SearchAction\",\"target\":{\"@type\":\"EntryPoint\",\"urlTemplate\":\"https:\\\/\\\/www.tablaosflamencos.com\\\/fr?s={search_term_string}\"},\"query-input\":{\"@type\":\"PropertyValueSpecification\",\"valueRequired\":true,\"valueName\":\"search_term_string\"}}],\"inLanguage\":\"fr-FR\"},{\"@type\":[\"Organization\",\"Place\",\"EntertainmentBusiness\"],\"@id\":\"https:\\\/\\\/www.tablaosflamencos.com\\\/fr#organization\",\"name\":\"Tablaos Flamencos\",\"alternateName\":\"Tablaos Flamencos\",\"url\":\"https:\\\/\\\/www.tablaosflamencos.com\\\/fr\",\"logo\":{\"@id\":\"https:\\\/\\\/www.tablaosflamencos.com\\\/fr\\\/festival-cante-jondo-antonio-mairena-2026.html#local-main-organization-logo\"},\"image\":{\"@id\":\"https:\\\/\\\/www.tablaosflamencos.com\\\/fr\\\/festival-cante-jondo-antonio-mairena-2026.html#local-main-organization-logo\"},\"sameAs\":[\"https:\\\/\\\/www.facebook.com\\\/tablaosflamencos\",\"https:\\\/\\\/x.com\\\/tablaosflamenco\",\"https:\\\/\\\/mastodon.social\\\/@tablaosflamencos\",\"https:\\\/\\\/www.instagram.com\\\/tablaosflamencos\",\"https:\\\/\\\/tiktok.com\\\/@tablaosflamencos\",\"https:\\\/\\\/www.linkedin.com\\\/company\\\/109408238\\\/\"],\"description\":\"Venta de entradas para espect\u00e1culos flamencos\",\"legalName\":\"Tablaos Flamencos\",\"foundingDate\":\"2015-01-01\",\"numberOfEmployees\":{\"@type\":\"QuantitativeValue\",\"minValue\":\"1\",\"maxValue\":\"10\"},\"address\":{\"@id\":\"https:\\\/\\\/www.tablaosflamencos.com\\\/fr\\\/festival-cante-jondo-antonio-mairena-2026.html#local-main-place-address\"},\"geo\":{\"@type\":\"GeoCoordinates\",\"latitude\":\"37.3868072\",\"longitude\":\"-5.993280299999999\"},\"telephone\":[\"+34623787787\"],\"contactPoint\":{\"@type\":\"ContactPoint\",\"telephone\":\"+34623787787\",\"email\":\"info@tablaosflamencos.com\"},\"openingHoursSpecification\":{\"@type\":\"OpeningHoursSpecification\",\"dayOfWeek\":[\"Monday\",\"Tuesday\",\"Wednesday\",\"Thursday\",\"Friday\",\"Saturday\",\"Sunday\"],\"opens\":\"00:00\",\"closes\":\"23:59\"},\"email\":\"info@tablaosflamencos.com\",\"priceRange\":\"$$$\",\"currenciesAccepted\":\"\u20ac\"},{\"@type\":\"Person\",\"@id\":\"https:\\\/\\\/www.tablaosflamencos.com\\\/fr#\\\/schema\\\/person\\\/e7a9ebe14eb75a52ceabfbffb3c54f5d\",\"name\":\"Miguel Ortiz\",\"description\":\"Miguel Ortiz es un empresario flamenco, con una s\u00f3lida trayectoria dentro del sector. Ha presidido entidades culturales vinculadas al flamenco y, cuenta con un amplio recorrido profesional en la gesti\u00f3n y promoci\u00f3n de espect\u00e1culos y tablaos flamencos. Su pasi\u00f3n por la historia y el arte flamenco se refleja en cada art\u00edculo, donde combina experiencia, criterio y un profundo respeto por la tradici\u00f3n.\",\"sameAs\":[\"https:\\\/\\\/www.tablaosflamencos.com\",\"https:\\\/\\\/www.instagra.com\\\/miguelortizfe\",\"https:\\\/\\\/www.linkedin.com\\\/in\\\/miguelortizf\\\/\"],\"birthDate\":\"1984-11-22\",\"gender\":\"hombre\",\"knowsLanguage\":[\"espa\u00f1ol\",\"ingl\u00e9s\"],\"jobTitle\":\"Empresario flamenco\"},{\"@type\":\"PostalAddress\",\"@id\":\"https:\\\/\\\/www.tablaosflamencos.com\\\/fr\\\/festival-cante-jondo-antonio-mairena-2026.html#local-main-place-address\",\"streetAddress\":\"C\\\/ Alemanes, 19\",\"addressLocality\":\"Sevilla\",\"postalCode\":\"41004\",\"addressRegion\":\"Sevilla\",\"addressCountry\":\"ES\"},{\"@type\":\"ImageObject\",\"inLanguage\":\"fr-FR\",\"@id\":\"https:\\\/\\\/www.tablaosflamencos.com\\\/fr\\\/festival-cante-jondo-antonio-mairena-2026.html#local-main-organization-logo\",\"url\":\"https:\\\/\\\/www.tablaosflamencos.com\\\/wp-content\\\/uploads\\\/tablaos-flamencos-06-3.webp\",\"contentUrl\":\"https:\\\/\\\/www.tablaosflamencos.com\\\/wp-content\\\/uploads\\\/tablaos-flamencos-06-3.webp\",\"width\":600,\"height\":620,\"caption\":\"Tablaos Flamencos\"}]}<\/script>\n<meta name=\"geo.placename\" content=\"Sevilla\" \/>\n<meta name=\"geo.position\" content=\"37.3868072;-5.993280299999999\" \/>\n<meta name=\"geo.region\" content=\"Espagne\" \/>\n<!-- \/ Yoast SEO Premium plugin. -->","yoast_head_json":{"title":"Festival Antonio Mairena 2026 : programme et billets","description":"Programme du Festival de Cante Jondo Antonio Mairena 2026 : dates, artistes, horaires, Concours national, gala, tarifs et billets du 1er au 5 septembre.","robots":{"index":"index","follow":"follow","max-snippet":"max-snippet:-1","max-image-preview":"max-image-preview:large","max-video-preview":"max-video-preview:-1"},"canonical":"https:\/\/www.tablaosflamencos.com\/fr\/festival-cante-jondo-antonio-mairena-2026.html","og_locale":"fr_FR","og_type":"article","og_title":"Festival de Cante Jondo Antonio Mairena 2026 : programme, artistes, dates et billets","og_description":"Programme du Festival de Cante Jondo Antonio Mairena 2026 : dates, artistes, horaires, Concours national, gala, tarifs et billets du 1er au 5 septembre.","og_url":"https:\/\/www.tablaosflamencos.com\/fr\/festival-cante-jondo-antonio-mairena-2026.html","og_site_name":"Tablaos Flamencos","article_publisher":"https:\/\/www.facebook.com\/tablaosflamencos","article_published_time":"2026-08-31T16:07:57+00:00","article_modified_time":"2026-08-31T16:26:31+00:00","og_image":[{"width":1477,"height":1920,"url":"https:\/\/www.tablaosflamencos.com\/wp-content\/uploads\/festival-de-cante-jondo-antonio-mairena-2026-programa-artistas-fechas-y-entradas-01.webp","type":"image\/webp"}],"author":"Miguel Ortiz","twitter_card":"summary_large_image","twitter_creator":"@tablaosflamenco","twitter_site":"@tablaosflamenco","twitter_misc":{"\u00c9crit par":"Miguel Ortiz","Dur\u00e9e de lecture estim\u00e9e":"14 minutes"},"schema":{"@context":"https:\/\/schema.org","@graph":[{"@type":"Article","@id":"https:\/\/www.tablaosflamencos.com\/fr\/festival-cante-jondo-antonio-mairena-2026.html#article","isPartOf":{"@id":"https:\/\/www.tablaosflamencos.com\/fr\/festival-cante-jondo-antonio-mairena-2026.html"},"author":{"name":"Miguel Ortiz","@id":"https:\/\/www.tablaosflamencos.com\/fr#\/schema\/person\/e7a9ebe14eb75a52ceabfbffb3c54f5d"},"headline":"Festival de Cante Jondo Antonio Mairena 2026 : programme, artistes, dates et billets","datePublished":"2026-08-31T16:07:57+00:00","dateModified":"2026-08-31T16:26:31+00:00","mainEntityOfPage":{"@id":"https:\/\/www.tablaosflamencos.com\/fr\/festival-cante-jondo-antonio-mairena-2026.html"},"wordCount":2855,"publisher":{"@id":"https:\/\/www.tablaosflamencos.com\/fr#organization"},"image":{"@id":"https:\/\/www.tablaosflamencos.com\/fr\/festival-cante-jondo-antonio-mairena-2026.html#primaryimage"},"thumbnailUrl":"https:\/\/www.tablaosflamencos.com\/wp-content\/uploads\/festival-de-cante-jondo-antonio-mairena-2026-programa-artistas-fechas-y-entradas-01.webp","keywords":["artistes flamenco","chant flamenco","festivales flamencos","flamenco en Sevilla"],"articleSection":["Festivals de flamenco"],"inLanguage":"fr-FR"},{"@type":"WebPage","@id":"https:\/\/www.tablaosflamencos.com\/fr\/festival-cante-jondo-antonio-mairena-2026.html","url":"https:\/\/www.tablaosflamencos.com\/fr\/festival-cante-jondo-antonio-mairena-2026.html","name":"Festival Antonio Mairena 2026 : programme et billets","isPartOf":{"@id":"https:\/\/www.tablaosflamencos.com\/fr#website"},"primaryImageOfPage":{"@id":"https:\/\/www.tablaosflamencos.com\/fr\/festival-cante-jondo-antonio-mairena-2026.html#primaryimage"},"image":{"@id":"https:\/\/www.tablaosflamencos.com\/fr\/festival-cante-jondo-antonio-mairena-2026.html#primaryimage"},"thumbnailUrl":"https:\/\/www.tablaosflamencos.com\/wp-content\/uploads\/festival-de-cante-jondo-antonio-mairena-2026-programa-artistas-fechas-y-entradas-01.webp","datePublished":"2026-08-31T16:07:57+00:00","dateModified":"2026-08-31T16:26:31+00:00","description":"Programme du Festival de Cante Jondo Antonio Mairena 2026 : dates, artistes, horaires, Concours national, gala, tarifs et billets du 1er au 5 septembre.","breadcrumb":{"@id":"https:\/\/www.tablaosflamencos.com\/fr\/festival-cante-jondo-antonio-mairena-2026.html#breadcrumb"},"inLanguage":"fr-FR","potentialAction":[{"@type":"ReadAction","target":["https:\/\/www.tablaosflamencos.com\/fr\/festival-cante-jondo-antonio-mairena-2026.html"]}]},{"@type":"ImageObject","inLanguage":"fr-FR","@id":"https:\/\/www.tablaosflamencos.com\/fr\/festival-cante-jondo-antonio-mairena-2026.html#primaryimage","url":"https:\/\/www.tablaosflamencos.com\/wp-content\/uploads\/festival-de-cante-jondo-antonio-mairena-2026-programa-artistas-fechas-y-entradas-01.webp","contentUrl":"https:\/\/www.tablaosflamencos.com\/wp-content\/uploads\/festival-de-cante-jondo-antonio-mairena-2026-programa-artistas-fechas-y-entradas-01.webp","width":1477,"height":1920,"caption":"Festival de Cante Jondo Antonio Mairena 2026: programa, artistas, fechas y entradas"},{"@type":"BreadcrumbList","@id":"https:\/\/www.tablaosflamencos.com\/fr\/festival-cante-jondo-antonio-mairena-2026.html#breadcrumb","itemListElement":[{"@type":"ListItem","position":1,"name":"Home","item":"https:\/\/www.tablaosflamencos.com\/fr"},{"@type":"ListItem","position":2,"name":"Festival de Cante Jondo Antonio Mairena 2026 : programme, artistes, dates et billets"}]},{"@type":"WebSite","@id":"https:\/\/www.tablaosflamencos.com\/fr#website","url":"https:\/\/www.tablaosflamencos.com\/fr","name":"Tablaos Flamencos","description":"Entradas para tablaos flamencos de Espa\u00f1a","publisher":{"@id":"https:\/\/www.tablaosflamencos.com\/fr#organization"},"alternateName":"Tablaos Flamencos","potentialAction":[{"@type":"SearchAction","target":{"@type":"EntryPoint","urlTemplate":"https:\/\/www.tablaosflamencos.com\/fr?s={search_term_string}"},"query-input":{"@type":"PropertyValueSpecification","valueRequired":true,"valueName":"search_term_string"}}],"inLanguage":"fr-FR"},{"@type":["Organization","Place","EntertainmentBusiness"],"@id":"https:\/\/www.tablaosflamencos.com\/fr#organization","name":"Tablaos Flamencos","alternateName":"Tablaos Flamencos","url":"https:\/\/www.tablaosflamencos.com\/fr","logo":{"@id":"https:\/\/www.tablaosflamencos.com\/fr\/festival-cante-jondo-antonio-mairena-2026.html#local-main-organization-logo"},"image":{"@id":"https:\/\/www.tablaosflamencos.com\/fr\/festival-cante-jondo-antonio-mairena-2026.html#local-main-organization-logo"},"sameAs":["https:\/\/www.facebook.com\/tablaosflamencos","https:\/\/x.com\/tablaosflamenco","https:\/\/mastodon.social\/@tablaosflamencos","https:\/\/www.instagram.com\/tablaosflamencos","https:\/\/tiktok.com\/@tablaosflamencos","https:\/\/www.linkedin.com\/company\/109408238\/"],"description":"Venta de entradas para espect\u00e1culos flamencos","legalName":"Tablaos Flamencos","foundingDate":"2015-01-01","numberOfEmployees":{"@type":"QuantitativeValue","minValue":"1","maxValue":"10"},"address":{"@id":"https:\/\/www.tablaosflamencos.com\/fr\/festival-cante-jondo-antonio-mairena-2026.html#local-main-place-address"},"geo":{"@type":"GeoCoordinates","latitude":"37.3868072","longitude":"-5.993280299999999"},"telephone":["+34623787787"],"contactPoint":{"@type":"ContactPoint","telephone":"+34623787787","email":"info@tablaosflamencos.com"},"openingHoursSpecification":{"@type":"OpeningHoursSpecification","dayOfWeek":["Monday","Tuesday","Wednesday","Thursday","Friday","Saturday","Sunday"],"opens":"00:00","closes":"23:59"},"email":"info@tablaosflamencos.com","priceRange":"$$$","currenciesAccepted":"\u20ac"},{"@type":"Person","@id":"https:\/\/www.tablaosflamencos.com\/fr#\/schema\/person\/e7a9ebe14eb75a52ceabfbffb3c54f5d","name":"Miguel Ortiz","description":"Miguel Ortiz es un empresario flamenco, con una s\u00f3lida trayectoria dentro del sector. Ha presidido entidades culturales vinculadas al flamenco y, cuenta con un amplio recorrido profesional en la gesti\u00f3n y promoci\u00f3n de espect\u00e1culos y tablaos flamencos. Su pasi\u00f3n por la historia y el arte flamenco se refleja en cada art\u00edculo, donde combina experiencia, criterio y un profundo respeto por la tradici\u00f3n.","sameAs":["https:\/\/www.tablaosflamencos.com","https:\/\/www.instagra.com\/miguelortizfe","https:\/\/www.linkedin.com\/in\/miguelortizf\/"],"birthDate":"1984-11-22","gender":"hombre","knowsLanguage":["espa\u00f1ol","ingl\u00e9s"],"jobTitle":"Empresario flamenco"},{"@type":"PostalAddress","@id":"https:\/\/www.tablaosflamencos.com\/fr\/festival-cante-jondo-antonio-mairena-2026.html#local-main-place-address","streetAddress":"C\/ Alemanes, 19","addressLocality":"Sevilla","postalCode":"41004","addressRegion":"Sevilla","addressCountry":"ES"},{"@type":"ImageObject","inLanguage":"fr-FR","@id":"https:\/\/www.tablaosflamencos.com\/fr\/festival-cante-jondo-antonio-mairena-2026.html#local-main-organization-logo","url":"https:\/\/www.tablaosflamencos.com\/wp-content\/uploads\/tablaos-flamencos-06-3.webp","contentUrl":"https:\/\/www.tablaosflamencos.com\/wp-content\/uploads\/tablaos-flamencos-06-3.webp","width":600,"height":620,"caption":"Tablaos Flamencos"}]},"geo.placename":"Sevilla","geo.position":{"lat":"37.3868072","long":"-5.993280299999999"},"geo.region":"Espagne"},"_links":{"self":[{"href":"https:\/\/www.tablaosflamencos.com\/fr\/wp-json\/wp\/v2\/posts\/13663","targetHints":{"allow":["GET"]}}],"collection":[{"href":"https:\/\/www.tablaosflamencos.com\/fr\/wp-json\/wp\/v2\/posts"}],"about":[{"href":"https:\/\/www.tablaosflamencos.com\/fr\/wp-json\/wp\/v2\/types\/post"}],"author":[{"embeddable":true,"href":"https:\/\/www.tablaosflamencos.com\/fr\/wp-json\/wp\/v2\/users\/1"}],"replies":[{"embeddable":true,"href":"https:\/\/www.tablaosflamencos.com\/fr\/wp-json\/wp\/v2\/comments?post=13663"}],"version-history":[{"count":1,"href":"https:\/\/www.tablaosflamencos.com\/fr\/wp-json\/wp\/v2\/posts\/13663\/revisions"}],"predecessor-version":[{"id":13676,"href":"https:\/\/www.tablaosflamencos.com\/fr\/wp-json\/wp\/v2\/posts\/13663\/revisions\/13676"}],"wp:featuredmedia":[{"embeddable":true,"href":"https:\/\/www.tablaosflamencos.com\/fr\/wp-json\/wp\/v2\/media\/13661"}],"wp:attachment":[{"href":"https:\/\/www.tablaosflamencos.com\/fr\/wp-json\/wp\/v2\/media?parent=13663"}],"wp:term":[{"taxonomy":"category","embeddable":true,"href":"https:\/\/www.tablaosflamencos.com\/fr\/wp-json\/wp\/v2\/categories?post=13663"},{"taxonomy":"post_tag","embeddable":true,"href":"https:\/\/www.tablaosflamencos.com\/fr\/wp-json\/wp\/v2\/tags?post=13663"}],"curies":[{"name":"wp","href":"https:\/\/api.w.org\/{rel}","templated":true}]}}