{"id":13278,"date":"2026-08-29T18:16:39","date_gmt":"2026-08-29T16:16:39","guid":{"rendered":"https:\/\/www.tablaosflamencos.com\/?p=13278"},"modified":"2026-08-29T18:52:42","modified_gmt":"2026-08-29T16:52:42","slug":"reduction-el-jardin-de-murillo-murillo15","status":"publish","type":"post","link":"https:\/\/www.tablaosflamencos.com\/fr\/reduction-el-jardin-de-murillo-murillo15.html","title":{"rendered":"15 % de r\u00e9duction \u00e0 El Jard\u00edn de Murillo avec le code MURILLO15"},"content":{"rendered":"<section class=\"l-section wpb_row height_huge\"><div class=\"l-section-h i-cf\"><div class=\"g-cols vc_row via_flex valign_middle type_default stacking_default\"><div class=\"vc_col-sm-6 wpb_column vc_column_container\"><div class=\"vc_column-inner\"><div class=\"wpb_wrapper\"><div class=\"wpb_text_column\"><div class=\"wpb_wrapper\"><h2>15 % de r\u00e9duction \u00e0 El Jard\u00edn de Murillo jusqu\u2019au 31 ao\u00fbt<\/h2>\n<p>Si vous envisagez de profiter d\u2019une soir\u00e9e flamenco \u00e0 S\u00e9ville pendant ces derniers jours d\u2019ao\u00fbt, vous avez une occasion sp\u00e9ciale de r\u00e9server <strong>Tablao Flamenco El Jard\u00edn de Murillo avec 15 % de r\u00e9duction<\/strong>.<\/p>\n<p>La promotion est disponible en r\u00e9servant via Tablaos Flamencos et en saisissant le code <strong>MURILLO15<\/strong> pendant le processus de r\u00e9servation. Le code sera actif <strong>jusqu\u2019au 31 ao\u00fbt<\/strong>.<\/p>\n<p>El Jard\u00edn de Murillo se trouve dans l\u2019un des quartiers les plus remarquables du centre historique de S\u00e9ville, \u00e0 c\u00f4t\u00e9 des Jardins de Murillo et du quartier de Santa Cruz. C\u2019est une option particuli\u00e8rement int\u00e9ressante pour combiner une promenade dans le centre monumental avec une exp\u00e9rience de flamenco en direct.<\/p>\n<\/div><\/div><\/div><\/div><\/div><div class=\"vc_col-sm-6 wpb_column vc_column_container\"><div class=\"vc_column-inner\"><div class=\"wpb_wrapper\"><div class=\"w-image us_custom_89826a5b has_aspect_ratio align_center\"><div class=\"w-image-h\"><img fetchpriority=\"high\" decoding=\"async\" width=\"683\" height=\"1024\" src=\"https:\/\/www.tablaosflamencos.com\/wp-content\/uploads\/15-de-descuento-en-el-jardin-de-murillo-con-el-codigo-murillo15-01-2-683x1024.webp\" class=\"attachment-large size-large\" alt=\"15% de descuento en El Jard\u00edn de Murillo con el c\u00f3digo MURILLO15\" loading=\"eager\" srcset=\"https:\/\/www.tablaosflamencos.com\/wp-content\/uploads\/15-de-descuento-en-el-jardin-de-murillo-con-el-codigo-murillo15-01-2-683x1024.webp 683w, https:\/\/www.tablaosflamencos.com\/wp-content\/uploads\/15-de-descuento-en-el-jardin-de-murillo-con-el-codigo-murillo15-01-2-200x300.webp 200w, https:\/\/www.tablaosflamencos.com\/wp-content\/uploads\/15-de-descuento-en-el-jardin-de-murillo-con-el-codigo-murillo15-01-2-1024x1536.webp 1024w, https:\/\/www.tablaosflamencos.com\/wp-content\/uploads\/15-de-descuento-en-el-jardin-de-murillo-con-el-codigo-murillo15-01-2-400x600.webp 400w, https:\/\/www.tablaosflamencos.com\/wp-content\/uploads\/15-de-descuento-en-el-jardin-de-murillo-con-el-codigo-murillo15-01-2-100x150.webp 100w, https:\/\/www.tablaosflamencos.com\/wp-content\/uploads\/15-de-descuento-en-el-jardin-de-murillo-con-el-codigo-murillo15-01-2.webp 1280w\" sizes=\"auto, (max-width: 683px) 100vw, 683px\" \/><\/div><\/div><\/div><\/div><\/div><\/div><\/div><\/section><section class=\"l-section wpb_row height_huge color_alternate with_shape\"><div class=\"l-section-shape type_zigzag pos_top hor_flip\" style=\"height:3vmin;\"><svg xmlns=\"http:\/\/www.w3.org\/2000\/svg\" viewBox=\"0 0 64 8\" preserveAspectRatio=\"none\" width=\"100%\" height=\"100%\">\r\n\t<path fill=\"currentColor\" d=\"M64 8 L0 8 L0 0 L20 7.9 L40 3 L48 5 L64 0 Z\"\/>\r\n<\/svg><\/div><div class=\"l-section-shape type_zigzag pos_bottom\" style=\"height:3vmin;\"><svg xmlns=\"http:\/\/www.w3.org\/2000\/svg\" viewBox=\"0 0 64 8\" preserveAspectRatio=\"none\" width=\"100%\" height=\"100%\">\r\n\t<path fill=\"currentColor\" d=\"M64 8 L0 8 L0 0 L20 7.9 L40 3 L48 5 L64 0 Z\"\/>\r\n<\/svg><\/div><div class=\"l-section-h i-cf\"><div class=\"g-cols vc_row via_flex valign_top type_default stacking_default\"><div class=\"vc_col-sm-12 wpb_column vc_column_container\"><div class=\"vc_column-inner\"><div class=\"wpb_wrapper\"><div class=\"wpb_text_column\"><div class=\"wpb_wrapper\"><h2 style=\"text-align: center;\">Code promotionnel : MURILLO15<\/h2>\n<p style=\"text-align: center;\"><strong>Profitez de 15 % de r\u00e9duction<\/strong> en r\u00e9servant Tablao Flamenco El Jard\u00edn de Murillo et en saisissant le code <strong>MURILLO15<\/strong>.<\/p>\n<p style=\"text-align: center;\">Promotion valable jusqu\u2019au <strong>31 ao\u00fbt<\/strong>. La disponibilit\u00e9 d\u00e9pend des places restantes pour la date s\u00e9lectionn\u00e9e.<\/p>\n<\/div><\/div><div class=\"w-separator size_medium\"><\/div><div class=\"w-hwrapper valign_top wrap stack_on_mobiles align_center\" style=\"--hwrapper-gap:1.2rem\"><div class=\"w-btn-wrapper align_none\"><a class=\"w-btn us-btn-style_1\" href=\"https:\/\/www.tablaosflamencos.com\/fr\/tablao\/tablao-flamenco-el-jardin-de-murillo\"><span class=\"w-btn-label\">R\u00e9server avec 15 % de r\u00e9duction<\/span><\/a><\/div><\/div><\/div><\/div><\/div><\/div><\/div><\/section><section class=\"l-section wpb_row height_huge\"><div class=\"l-section-h i-cf\"><div class=\"g-cols vc_row via_flex valign_top type_default stacking_default\"><div class=\"vc_col-sm-12 wpb_column vc_column_container\"><div class=\"vc_column-inner\"><div class=\"wpb_wrapper\"><div class=\"wpb_text_column\"><div class=\"wpb_wrapper\"><h2>Flamenco pr\u00e8s des Jardins de Murillo et du quartier de Santa Cruz<\/h2>\n<p>Le <strong>Tablao Flamenco El Jard\u00edn de Murillo<\/strong> est situ\u00e9 sur le Paseo de Catalina de Ribera, \u00e0 c\u00f4t\u00e9 des Jardins de Murillo et \u00e0 quelques pas de plusieurs des sites les plus visit\u00e9s de S\u00e9ville, comme le Real Alc\u00e1zar, la Cath\u00e9drale et la Giralda.<\/p>\n<p>Son emplacement permet d\u2019organiser un apr\u00e8s-midi ou une soir\u00e9e tr\u00e8s s\u00e9villane sans grands d\u00e9placements : parcourir le quartier de Santa Cruz, se promener dans le secteur monumental et terminer la journ\u00e9e par un spectacle de flamenco en direct.<\/p>\n<p>Le format du tablao privil\u00e9gie pr\u00e9cis\u00e9ment la proximit\u00e9. Sa capacit\u00e9 est d\u2019environ <strong>100 personnes<\/strong>, ce qui permet de vivre le chant, la guitare et la danse de tr\u00e8s pr\u00e8s et de percevoir des d\u00e9tails qui se perdent dans des salles plus grandes.<\/p>\n<\/div><\/div><\/div><\/div><\/div><\/div><\/div><\/section><section class=\"l-section wpb_row height_huge color_alternate with_shape\"><div class=\"l-section-shape type_zigzag pos_top hor_flip\" style=\"height:3vmin;\"><svg xmlns=\"http:\/\/www.w3.org\/2000\/svg\" viewBox=\"0 0 64 8\" preserveAspectRatio=\"none\" width=\"100%\" height=\"100%\">\r\n\t<path fill=\"currentColor\" d=\"M64 8 L0 8 L0 0 L20 7.9 L40 3 L48 5 L64 0 Z\"\/>\r\n<\/svg><\/div><div class=\"l-section-shape type_zigzag pos_bottom\" style=\"height:3vmin;\"><svg xmlns=\"http:\/\/www.w3.org\/2000\/svg\" viewBox=\"0 0 64 8\" preserveAspectRatio=\"none\" width=\"100%\" height=\"100%\">\r\n\t<path fill=\"currentColor\" d=\"M64 8 L0 8 L0 0 L20 7.9 L40 3 L48 5 L64 0 Z\"\/>\r\n<\/svg><\/div><div class=\"l-section-h i-cf\"><div class=\"g-cols vc_row via_flex valign_top type_default stacking_default\"><div class=\"vc_col-sm-4 wpb_column vc_column_container\"><div class=\"vc_column-inner\"><div class=\"wpb_wrapper\"><div class=\"wpb_text_column\"><div class=\"wpb_wrapper\"><h3 style=\"text-align: center;\">1 heure de spectacle<\/h3>\n<p style=\"text-align: center;\">Un spectacle de flamenco en direct con\u00e7u pour concentrer l\u2019intensit\u00e9 du chant, de la guitare et de la danse dans une exp\u00e9rience d\u2019environ une heure.<\/p>\n<\/div><\/div><\/div><\/div><\/div><div class=\"vc_col-sm-4 wpb_column vc_column_container\"><div class=\"vc_column-inner\"><div class=\"wpb_wrapper\"><div class=\"wpb_text_column\"><div class=\"wpb_wrapper\"><h3 style=\"text-align: center;\">Le flamenco au plus pr\u00e8s des artistes<\/h3>\n<p style=\"text-align: center;\">Le format intime et la capacit\u00e9 r\u00e9duite permettent de ressentir de pr\u00e8s le comp\u00e1s, le jeu de pieds, la guitare et l\u2019expression des artistes.<\/p>\n<\/div><\/div><\/div><\/div><\/div><div class=\"vc_col-sm-4 wpb_column vc_column_container\"><div class=\"vc_column-inner\"><div class=\"wpb_wrapper\"><div class=\"wpb_text_column\"><div class=\"wpb_wrapper\"><h3 style=\"text-align: center;\">Boissons et options gastronomiques<\/h3>\n<p style=\"text-align: center;\">En plus des billets avec consommation, certaines formules comprennent une planche de charcuteries ib\u00e9riques et des options \u00e0 partager.<\/p>\n<\/div><\/div><\/div><\/div><\/div><\/div><\/div><\/section><section class=\"l-section wpb_row height_huge\"><div class=\"l-section-h i-cf\"><div class=\"g-cols vc_row via_flex valign_middle type_default stacking_default\"><div class=\"vc_col-sm-6 wpb_column vc_column_container\"><div class=\"vc_column-inner\"><div class=\"wpb_wrapper\"><div class=\"w-image us_custom_8ec565b2 has_aspect_ratio align_center\"><div class=\"w-image-h\"><img decoding=\"async\" width=\"683\" height=\"1024\" src=\"https:\/\/www.tablaosflamencos.com\/wp-content\/uploads\/15-de-descuento-en-el-jardin-de-murillo-con-el-codigo-murillo15-01-1-683x1024.webp\" class=\"attachment-large size-large\" alt=\"15% de descuento en El Jard\u00edn de Murillo con el c\u00f3digo MURILLO15\" loading=\"eager\" srcset=\"https:\/\/www.tablaosflamencos.com\/wp-content\/uploads\/15-de-descuento-en-el-jardin-de-murillo-con-el-codigo-murillo15-01-1-683x1024.webp 683w, https:\/\/www.tablaosflamencos.com\/wp-content\/uploads\/15-de-descuento-en-el-jardin-de-murillo-con-el-codigo-murillo15-01-1-200x300.webp 200w, https:\/\/www.tablaosflamencos.com\/wp-content\/uploads\/15-de-descuento-en-el-jardin-de-murillo-con-el-codigo-murillo15-01-1-1024x1536.webp 1024w, https:\/\/www.tablaosflamencos.com\/wp-content\/uploads\/15-de-descuento-en-el-jardin-de-murillo-con-el-codigo-murillo15-01-1-400x600.webp 400w, https:\/\/www.tablaosflamencos.com\/wp-content\/uploads\/15-de-descuento-en-el-jardin-de-murillo-con-el-codigo-murillo15-01-1-100x150.webp 100w, https:\/\/www.tablaosflamencos.com\/wp-content\/uploads\/15-de-descuento-en-el-jardin-de-murillo-con-el-codigo-murillo15-01-1.webp 1280w\" sizes=\"auto, (max-width: 683px) 100vw, 683px\" \/><\/div><\/div><\/div><\/div><\/div><div class=\"vc_col-sm-6 wpb_column vc_column_container\"><div class=\"vc_column-inner\"><div class=\"wpb_wrapper\"><div class=\"wpb_text_column\"><div class=\"wpb_wrapper\"><h2>Ce que vous trouverez \u00e0 El Jard\u00edn de Murillo<\/h2>\n<p>La proposition se concentre sur les \u00e9l\u00e9ments essentiels du flamenco : <strong>chant, guitare et danse en direct<\/strong>. Il ne s\u2019agit pas d\u2019un spectacle distant, mais d\u2019une exp\u00e9rience o\u00f9 le public peut observer de pr\u00e8s la communication entre les artistes, les variations d\u2019intensit\u00e9 et l\u2019improvisation qui fait partie de chaque repr\u00e9sentation.<\/p>\n<p>L\u2019exp\u00e9rience peut s\u2019adapter \u00e0 diff\u00e9rentes fa\u00e7ons de profiter de la soir\u00e9e. Certaines formules sont centr\u00e9es sur le spectacle avec une consommation, tandis que d\u2019autres ajoutent une proposition gastronomique \u00e0 base de produits ib\u00e9riques. Il existe \u00e9galement une formule pour les couples combinant billets, boissons et planche \u00e0 partager.<\/p>\n<p>Le lieu est accessible et sa situation dans la vieille ville permet de l\u2019int\u00e9grer facilement \u00e0 une visite du centre de S\u00e9ville.<\/p>\n<\/div><\/div><div class=\"w-separator size_medium\"><\/div><div class=\"w-btn-wrapper align_none\"><a class=\"w-btn us-btn-style_1\" href=\"https:\/\/www.tablaosflamencos.com\/fr\/tablao\/tablao-flamenco-el-jardin-de-murillo\"><span class=\"w-btn-label\">Voir El Jard\u00edn de Murillo et r\u00e9server<\/span><\/a><\/div><\/div><\/div><\/div><\/div><\/div><\/section><section class=\"l-section wpb_row height_huge color_alternate with_shape\"><div class=\"l-section-shape type_zigzag pos_top hor_flip\" style=\"height:3vmin;\"><svg xmlns=\"http:\/\/www.w3.org\/2000\/svg\" viewBox=\"0 0 64 8\" preserveAspectRatio=\"none\" width=\"100%\" height=\"100%\">\r\n\t<path fill=\"currentColor\" d=\"M64 8 L0 8 L0 0 L20 7.9 L40 3 L48 5 L64 0 Z\"\/>\r\n<\/svg><\/div><div class=\"l-section-shape type_zigzag pos_bottom\" style=\"height:3vmin;\"><svg xmlns=\"http:\/\/www.w3.org\/2000\/svg\" viewBox=\"0 0 64 8\" preserveAspectRatio=\"none\" width=\"100%\" height=\"100%\">\r\n\t<path fill=\"currentColor\" d=\"M64 8 L0 8 L0 0 L20 7.9 L40 3 L48 5 L64 0 Z\"\/>\r\n<\/svg><\/div><div class=\"l-section-h i-cf\"><div class=\"g-cols vc_row via_flex valign_top type_default stacking_default\"><div class=\"vc_col-sm-12 wpb_column vc_column_container\"><div class=\"vc_column-inner\"><div class=\"wpb_wrapper\"><div class=\"wpb_text_column\"><div class=\"wpb_wrapper\"><h2 style=\"text-align: center;\">Comment utiliser le code MURILLO15<\/h2>\n<p style=\"text-align: center;\">Profiter de la promotion est simple. R\u00e9servez depuis la fiche d\u2019El Jard\u00edn de Murillo sur Tablaos Flamencos et appliquez le code avant de finaliser votre achat.<\/p>\n<\/div><\/div><div class=\"w-separator size_medium\"><\/div><div class=\"g-cols wpb_row via_flex valign_top type_default stacking_default\"><div class=\"vc_col-sm-4 wpb_column vc_column_container\"><div class=\"vc_column-inner\"><div class=\"wpb_wrapper\"><div class=\"wpb_text_column\"><div class=\"wpb_wrapper\"><h3 style=\"text-align: center;\">1. Ouvrez la fiche<\/h3>\n<p style=\"text-align: center;\">Acc\u00e9dez directement \u00e0 la fiche de Tablao Flamenco El Jard\u00edn de Murillo sur Tablaos Flamencos.<\/p>\n<\/div><\/div><\/div><\/div><\/div><div class=\"vc_col-sm-4 wpb_column vc_column_container\"><div class=\"vc_column-inner\"><div class=\"wpb_wrapper\"><div class=\"wpb_text_column\"><div class=\"wpb_wrapper\"><h3 style=\"text-align: center;\">2. Choisissez votre r\u00e9servation<\/h3>\n<p style=\"text-align: center;\">S\u00e9lectionnez la date et la formule de billet que vous souhaitez r\u00e9server selon les disponibilit\u00e9s.<\/p>\n<\/div><\/div><\/div><\/div><\/div><div class=\"vc_col-sm-4 wpb_column vc_column_container\"><div class=\"vc_column-inner\"><div class=\"wpb_wrapper\"><div class=\"wpb_text_column\"><div class=\"wpb_wrapper\"><h3 style=\"text-align: center;\">3. Saisissez MURILLO15<\/h3>\n<p style=\"text-align: center;\">Saisissez le code <strong>MURILLO15<\/strong> pendant le processus de r\u00e9servation pour obtenir <strong>15 % de r\u00e9duction<\/strong>.<\/p>\n<\/div><\/div><\/div><\/div><\/div><\/div><div class=\"w-separator size_medium\"><\/div><div class=\"w-hwrapper valign_top wrap stack_on_mobiles align_center\" style=\"--hwrapper-gap:1.2rem\"><div class=\"w-btn-wrapper align_none\"><a class=\"w-btn us-btn-style_1\" href=\"https:\/\/www.tablaosflamencos.com\/fr\/tablao\/tablao-flamenco-el-jardin-de-murillo\"><span class=\"w-btn-label\">Acc\u00e9der \u00e0 la r\u00e9servation d\u2019El Jard\u00edn de Murillo<\/span><\/a><\/div><\/div><\/div><\/div><\/div><\/div><\/div><\/section><section class=\"l-section wpb_row height_huge\"><div class=\"l-section-h i-cf\"><div class=\"g-cols vc_row via_flex valign_top type_default stacking_default\"><div class=\"vc_col-sm-6 wpb_column vc_column_container\"><div class=\"vc_column-inner\"><div class=\"wpb_wrapper\"><div class=\"wpb_text_column\"><div class=\"wpb_wrapper\"><h2>Un programme parfait pour une soir\u00e9e dans le centre de S\u00e9ville<\/h2>\n<p>L\u2019emplacement d\u2019El Jard\u00edn de Murillo permet d\u2019int\u00e9grer facilement le spectacle \u00e0 un programme plus complet. Avant la repr\u00e9sentation, vous pouvez vous promener dans Santa Cruz, parcourir les alentours de l\u2019Alc\u00e1zar ou vous rendre \u00e0 la Cath\u00e9drale et \u00e0 la Giralda. Ensuite, le centre historique offre de nombreuses possibilit\u00e9s pour poursuivre la soir\u00e9e.<\/p>\n<p>Pour ceux qui ne passent que quelques jours \u00e0 S\u00e9ville, cette combinaison pr\u00e9sente un avantage important : patrimoine, ambiance, gastronomie et flamenco sont r\u00e9unis dans un m\u00eame secteur.<\/p>\n<\/div><\/div><\/div><\/div><\/div><div class=\"vc_col-sm-6 wpb_column vc_column_container\"><div class=\"vc_column-inner\"><div class=\"wpb_wrapper\"><div class=\"wpb_text_column\"><div class=\"wpb_wrapper\"><h2>R\u00e9servez avant la fin de la promotion<\/h2>\n<p>Le code <strong>MURILLO15<\/strong> sera actif uniquement <strong>jusqu\u2019au 31 ao\u00fbt<\/strong>. Si vous pr\u00e9voyez d\u00e9j\u00e0 d\u2019assister \u00e0 un spectacle de flamenco \u00e0 S\u00e9ville pendant ces dates, mieux vaut v\u00e9rifier au plus vite la disponibilit\u00e9 du tablao.<\/p>\n<p>La r\u00e9servation s\u2019effectue directement depuis la <a href=\"https:\/\/www.tablaosflamencos.com\/tablao\/tablao-flamenco-el-jardin-de-murillo\"><strong>fiche de Tablao Flamenco El Jard\u00edn de Murillo<\/strong><\/a>, o\u00f9 vous pouvez consulter les formules disponibles pour la date choisie.<\/p>\n<\/div><\/div><\/div><\/div><\/div><\/div><\/div><\/section><section class=\"l-section wpb_row height_huge color_alternate with_shape\"><div class=\"l-section-shape type_zigzag pos_top hor_flip\" style=\"height:3vmin;\"><svg xmlns=\"http:\/\/www.w3.org\/2000\/svg\" viewBox=\"0 0 64 8\" preserveAspectRatio=\"none\" width=\"100%\" height=\"100%\">\r\n\t<path fill=\"currentColor\" d=\"M64 8 L0 8 L0 0 L20 7.9 L40 3 L48 5 L64 0 Z\"\/>\r\n<\/svg><\/div><div class=\"l-section-shape type_zigzag pos_bottom\" style=\"height:3vmin;\"><svg xmlns=\"http:\/\/www.w3.org\/2000\/svg\" viewBox=\"0 0 64 8\" preserveAspectRatio=\"none\" width=\"100%\" height=\"100%\">\r\n\t<path fill=\"currentColor\" d=\"M64 8 L0 8 L0 0 L20 7.9 L40 3 L48 5 L64 0 Z\"\/>\r\n<\/svg><\/div><div class=\"l-section-h i-cf\"><div class=\"g-cols vc_row via_flex valign_middle type_default stacking_default\"><div class=\"vc_col-sm-12 wpb_column vc_column_container\"><div class=\"vc_column-inner\"><div class=\"wpb_wrapper\"><div class=\"wpb_text_column\"><div class=\"wpb_wrapper\"><h2 style=\"text-align: center;\">15 % de r\u00e9duction avec MURILLO15<\/h2>\n<p style=\"text-align: center;\">R\u00e9servez votre exp\u00e9rience \u00e0 Tablao Flamenco El Jard\u00edn de Murillo, saisissez <strong>MURILLO15<\/strong> et profitez de <strong>15 % de r\u00e9duction<\/strong> avant la fin de la promotion le 31 ao\u00fbt.<\/p>\n<\/div><\/div><div class=\"w-separator size_medium\"><\/div><div class=\"w-hwrapper valign_top wrap stack_on_mobiles align_center\" style=\"--hwrapper-gap:1.2rem\"><div class=\"w-btn-wrapper align_none\"><a class=\"w-btn us-btn-style_1\" href=\"https:\/\/www.tablaosflamencos.com\/fr\/tablao\/tablao-flamenco-el-jardin-de-murillo\"><span class=\"w-btn-label\">R\u00e9server El Jard\u00edn de Murillo<\/span><\/a><\/div><\/div><\/div><\/div><\/div><\/div><\/div><\/section><section class=\"l-section wpb_row height_huge\"><div class=\"l-section-h i-cf\"><div class=\"g-cols vc_row via_flex valign_top type_default stacking_default\"><div class=\"vc_col-sm-1\/5 wpb_column vc_column_container\"><div class=\"vc_column-inner\"><div class=\"wpb_wrapper\"><\/div><\/div><\/div><div class=\"vc_col-sm-3\/5 wpb_column vc_column_container\"><div class=\"vc_column-inner\"><div class=\"wpb_wrapper\"><div class=\"wpb_text_column\"><div class=\"wpb_wrapper\"><h2 style=\"text-align: center;\">Questions fr\u00e9quentes sur la promotion d\u2019El Jard\u00edn de Murillo<\/h2>\n<\/div><\/div><div class=\"w-separator size_medium\"><\/div><div class=\"w-tabs accordion toggle_style_1 has_scrolling\" style=\"--sections-title-size:inherit;--sections-gap:0.5rem;\"><div class=\"w-tabs-sections titles-align_none icon_chevron cpos_right\"><div class=\"w-tabs-section\" id=\"nec7\"><button type=\"button\" class=\"w-tabs-section-header\" aria-controls=\"content-nec7\" aria-expanded=\"false\"><div class=\"w-tabs-section-title\">Quel est le code de r\u00e9duction d\u2019El Jard\u00edn de Murillo ?<\/div><div class=\"w-tabs-section-control\"><\/div><\/button><div  class=\"w-tabs-section-content\" id=\"content-nec7\"><div class=\"w-tabs-section-content-h i-cf\"><div class=\"wpb_text_column\"><div class=\"wpb_wrapper\"><p>Le code promotionnel est <strong>MURILLO15<\/strong> et permet d\u2019obtenir 15 % de r\u00e9duction lors de la r\u00e9servation.<\/p>\n<\/div><\/div><\/div><\/div><\/div><div class=\"w-tabs-section\" id=\"dffa\"><button type=\"button\" class=\"w-tabs-section-header\" aria-controls=\"content-dffa\" aria-expanded=\"false\"><div class=\"w-tabs-section-title\">Jusqu\u2019\u00e0 quand la r\u00e9duction est-elle disponible ?<\/div><div class=\"w-tabs-section-control\"><\/div><\/button><div  class=\"w-tabs-section-content\" id=\"content-dffa\"><div class=\"w-tabs-section-content-h i-cf\"><div class=\"wpb_text_column\"><div class=\"wpb_wrapper\"><p>La promotion sera active jusqu\u2019au <strong>31 ao\u00fbt<\/strong>.<\/p>\n<\/div><\/div><\/div><\/div><\/div><div class=\"w-tabs-section\" id=\"q0fd\"><button type=\"button\" class=\"w-tabs-section-header\" aria-controls=\"content-q0fd\" aria-expanded=\"false\"><div class=\"w-tabs-section-title\">O\u00f9 dois-je r\u00e9server pour utiliser MURILLO15 ?<\/div><div class=\"w-tabs-section-control\"><\/div><\/button><div  class=\"w-tabs-section-content\" id=\"content-q0fd\"><div class=\"w-tabs-section-content-h i-cf\"><div class=\"wpb_text_column\"><div class=\"wpb_wrapper\"><p>La r\u00e9servation doit \u00eatre effectu\u00e9e depuis la fiche de <a href=\"https:\/\/www.tablaosflamencos.com\/tablao\/tablao-flamenco-el-jardin-de-murillo\">Tablao Flamenco El Jard\u00edn de Murillo sur Tablaos Flamencos<\/a> et le code doit \u00eatre saisi pendant le processus d\u2019achat.<\/p>\n<\/div><\/div><\/div><\/div><\/div><div class=\"w-tabs-section\" id=\"l20d\"><button type=\"button\" class=\"w-tabs-section-header\" aria-controls=\"content-l20d\" aria-expanded=\"false\"><div class=\"w-tabs-section-title\">O\u00f9 se trouve El Jard\u00edn de Murillo ?<\/div><div class=\"w-tabs-section-control\"><\/div><\/button><div  class=\"w-tabs-section-content\" id=\"content-l20d\"><div class=\"w-tabs-section-content-h i-cf\"><div class=\"wpb_text_column\"><div class=\"wpb_wrapper\"><p>Il se trouve sur le Paseo de Catalina de Ribera, \u00e0 c\u00f4t\u00e9 des Jardins de Murillo et du quartier de Santa Cruz, en plein centre historique de S\u00e9ville.<\/p>\n<\/div><\/div><\/div><\/div><\/div><div class=\"w-tabs-section\" id=\"n2fc\"><button type=\"button\" class=\"w-tabs-section-header\" aria-controls=\"content-n2fc\" aria-expanded=\"false\"><div class=\"w-tabs-section-title\">Combien de temps dure le spectacle ?<\/div><div class=\"w-tabs-section-control\"><\/div><\/button><div  class=\"w-tabs-section-content\" id=\"content-n2fc\"><div class=\"w-tabs-section-content-h i-cf\"><div class=\"wpb_text_column\"><div class=\"wpb_wrapper\"><p>Le spectacle dure environ une heure et combine chant, guitare et danse flamenco en direct.<\/p>\n<\/div><\/div><\/div><\/div><\/div><\/div><\/div><\/div><\/div><\/div><div class=\"vc_col-sm-1\/5 wpb_column vc_column_container\"><div class=\"vc_column-inner\"><div class=\"wpb_wrapper\"><\/div><\/div><\/div><\/div><\/div><\/section>\n","protected":false},"excerpt":{"rendered":"<p>R\u00e9servez Tablao Flamenco El Jard\u00edn de Murillo \u00e0 S\u00e9ville avec 15 % de r\u00e9duction gr\u00e2ce au code MURILLO15. Promotion valable jusqu\u2019au 31 ao\u00fbt.<\/p>\n","protected":false},"author":1,"featured_media":13264,"comment_status":"closed","ping_status":"closed","sticky":false,"template":"","format":"standard","meta":{"_acf_changed":false,"wpai_generated_summary":"","_ayudawp_aiss_exclude":false,"_ayudawp_aiss_exclude_summary":false,"_ayudawp_aiss_summary":"","_ayudawp_aiss_summary_provider":"","_ayudawp_aiss_summary_hash":"","footnotes":""},"categories":[1434],"tags":[1446,1447,1155,1448,1445,1242,468],"class_list":["post-13278","post","type-post","status-publish","format-standard","has-post-thumbnail","hentry","category-promotions-flamenco","tag-billets-flamenco-seville","tag-el-jardin-de-murillo-fr","tag-flamenco-en-sevilla","tag-reduction-flamenco-seville","tag-reserver-flamenco-seville","tag-sevilla","tag-tablao-flamenco-sevilla"],"acf":[],"yoast_head":"<!-- This site is optimized with the Yoast SEO Premium plugin v28.3 (Yoast SEO v28.3) - https:\/\/yoast.com\/product\/yoast-seo-premium-wordpress\/ -->\n<title>15 % de r\u00e9duction \u00e0 El Jard\u00edn de Murillo : MURILLO15 | Tablaos Flamencos<\/title>\n<meta name=\"description\" content=\"R\u00e9servez El Jard\u00edn de Murillo \u00e0 S\u00e9ville avec 15 % de r\u00e9duction gr\u00e2ce au code MURILLO15. Promotion valable jusqu\u2019au 31 ao\u00fbt.\" \/>\n<meta name=\"robots\" content=\"index, follow, max-snippet:-1, max-image-preview:large, max-video-preview:-1\" \/>\n<link rel=\"canonical\" href=\"https:\/\/www.tablaosflamencos.com\/fr\/reduction-el-jardin-de-murillo-murillo15.html\" \/>\n<meta property=\"og:locale\" content=\"fr_FR\" \/>\n<meta property=\"og:type\" content=\"article\" \/>\n<meta property=\"og:title\" content=\"15 % de r\u00e9duction \u00e0 El Jard\u00edn de Murillo avec le code MURILLO15\" \/>\n<meta property=\"og:description\" content=\"R\u00e9servez El Jard\u00edn de Murillo \u00e0 S\u00e9ville avec 15 % de r\u00e9duction gr\u00e2ce au code MURILLO15. Promotion valable jusqu\u2019au 31 ao\u00fbt.\" \/>\n<meta property=\"og:url\" content=\"https:\/\/www.tablaosflamencos.com\/fr\/reduction-el-jardin-de-murillo-murillo15.html\" \/>\n<meta property=\"og:site_name\" content=\"Tablaos Flamencos\" \/>\n<meta property=\"article:publisher\" content=\"https:\/\/www.facebook.com\/tablaosflamencos\" \/>\n<meta property=\"article:published_time\" content=\"2026-08-29T16:16:39+00:00\" \/>\n<meta property=\"article:modified_time\" content=\"2026-08-29T16:52:42+00:00\" \/>\n<meta property=\"og:image\" content=\"https:\/\/www.tablaosflamencos.com\/wp-content\/uploads\/15-de-descuento-en-el-jardin-de-murillo-con-el-codigo-murillo15-01-3.webp\" \/>\n\t<meta property=\"og:image:width\" content=\"1280\" \/>\n\t<meta property=\"og:image:height\" content=\"1920\" \/>\n\t<meta property=\"og:image:type\" content=\"image\/webp\" \/>\n<meta name=\"author\" content=\"Miguel Ortiz\" \/>\n<meta name=\"twitter:card\" content=\"summary_large_image\" \/>\n<meta name=\"twitter:creator\" content=\"@tablaosflamenco\" \/>\n<meta name=\"twitter:site\" content=\"@tablaosflamenco\" \/>\n<meta name=\"twitter:label1\" content=\"\u00c9crit par\" \/>\n\t<meta name=\"twitter:data1\" content=\"Miguel Ortiz\" \/>\n\t<meta name=\"twitter:label2\" content=\"Dur\u00e9e de lecture estim\u00e9e\" \/>\n\t<meta name=\"twitter:data2\" content=\"8 minutes\" \/>\n<script type=\"application\/ld+json\" class=\"yoast-schema-graph\">{\"@context\":\"https:\\\/\\\/schema.org\",\"@graph\":[{\"@type\":\"Article\",\"@id\":\"https:\\\/\\\/www.tablaosflamencos.com\\\/fr\\\/reduction-el-jardin-de-murillo-murillo15.html#article\",\"isPartOf\":{\"@id\":\"https:\\\/\\\/www.tablaosflamencos.com\\\/fr\\\/reduction-el-jardin-de-murillo-murillo15.html\"},\"author\":{\"name\":\"Miguel Ortiz\",\"@id\":\"https:\\\/\\\/www.tablaosflamencos.com\\\/fr#\\\/schema\\\/person\\\/e7a9ebe14eb75a52ceabfbffb3c54f5d\"},\"headline\":\"15 % de r\u00e9duction \u00e0 El Jard\u00edn de Murillo avec le code MURILLO15\",\"datePublished\":\"2026-08-29T16:16:39+00:00\",\"dateModified\":\"2026-08-29T16:52:42+00:00\",\"mainEntityOfPage\":{\"@id\":\"https:\\\/\\\/www.tablaosflamencos.com\\\/fr\\\/reduction-el-jardin-de-murillo-murillo15.html\"},\"wordCount\":1668,\"publisher\":{\"@id\":\"https:\\\/\\\/www.tablaosflamencos.com\\\/fr#organization\"},\"image\":{\"@id\":\"https:\\\/\\\/www.tablaosflamencos.com\\\/fr\\\/reduction-el-jardin-de-murillo-murillo15.html#primaryimage\"},\"thumbnailUrl\":\"https:\\\/\\\/www.tablaosflamencos.com\\\/wp-content\\\/uploads\\\/15-de-descuento-en-el-jardin-de-murillo-con-el-codigo-murillo15-01-3.webp\",\"keywords\":[\"billets flamenco S\u00e9ville\",\"El Jard\u00edn de Murillo\",\"flamenco en Sevilla\",\"r\u00e9duction flamenco S\u00e9ville\",\"r\u00e9server flamenco S\u00e9ville\",\"sevilla\",\"tablao flamenco Sevilla\"],\"articleSection\":[\"Promotions\"],\"inLanguage\":\"fr-FR\"},{\"@type\":\"WebPage\",\"@id\":\"https:\\\/\\\/www.tablaosflamencos.com\\\/fr\\\/reduction-el-jardin-de-murillo-murillo15.html\",\"url\":\"https:\\\/\\\/www.tablaosflamencos.com\\\/fr\\\/reduction-el-jardin-de-murillo-murillo15.html\",\"name\":\"15 % de r\u00e9duction \u00e0 El Jard\u00edn de Murillo : MURILLO15 | Tablaos Flamencos\",\"isPartOf\":{\"@id\":\"https:\\\/\\\/www.tablaosflamencos.com\\\/fr#website\"},\"primaryImageOfPage\":{\"@id\":\"https:\\\/\\\/www.tablaosflamencos.com\\\/fr\\\/reduction-el-jardin-de-murillo-murillo15.html#primaryimage\"},\"image\":{\"@id\":\"https:\\\/\\\/www.tablaosflamencos.com\\\/fr\\\/reduction-el-jardin-de-murillo-murillo15.html#primaryimage\"},\"thumbnailUrl\":\"https:\\\/\\\/www.tablaosflamencos.com\\\/wp-content\\\/uploads\\\/15-de-descuento-en-el-jardin-de-murillo-con-el-codigo-murillo15-01-3.webp\",\"datePublished\":\"2026-08-29T16:16:39+00:00\",\"dateModified\":\"2026-08-29T16:52:42+00:00\",\"description\":\"R\u00e9servez El Jard\u00edn de Murillo \u00e0 S\u00e9ville avec 15 % de r\u00e9duction gr\u00e2ce au code MURILLO15. Promotion valable jusqu\u2019au 31 ao\u00fbt.\",\"breadcrumb\":{\"@id\":\"https:\\\/\\\/www.tablaosflamencos.com\\\/fr\\\/reduction-el-jardin-de-murillo-murillo15.html#breadcrumb\"},\"inLanguage\":\"fr-FR\",\"potentialAction\":[{\"@type\":\"ReadAction\",\"target\":[\"https:\\\/\\\/www.tablaosflamencos.com\\\/fr\\\/reduction-el-jardin-de-murillo-murillo15.html\"]}]},{\"@type\":\"ImageObject\",\"inLanguage\":\"fr-FR\",\"@id\":\"https:\\\/\\\/www.tablaosflamencos.com\\\/fr\\\/reduction-el-jardin-de-murillo-murillo15.html#primaryimage\",\"url\":\"https:\\\/\\\/www.tablaosflamencos.com\\\/wp-content\\\/uploads\\\/15-de-descuento-en-el-jardin-de-murillo-con-el-codigo-murillo15-01-3.webp\",\"contentUrl\":\"https:\\\/\\\/www.tablaosflamencos.com\\\/wp-content\\\/uploads\\\/15-de-descuento-en-el-jardin-de-murillo-con-el-codigo-murillo15-01-3.webp\",\"width\":1280,\"height\":1920,\"caption\":\"15% de descuento en El Jard\u00edn de Murillo con el c\u00f3digo MURILLO15\"},{\"@type\":\"BreadcrumbList\",\"@id\":\"https:\\\/\\\/www.tablaosflamencos.com\\\/fr\\\/reduction-el-jardin-de-murillo-murillo15.html#breadcrumb\",\"itemListElement\":[{\"@type\":\"ListItem\",\"position\":1,\"name\":\"Home\",\"item\":\"https:\\\/\\\/www.tablaosflamencos.com\\\/fr\"},{\"@type\":\"ListItem\",\"position\":2,\"name\":\"15 % de r\u00e9duction \u00e0 El Jard\u00edn de Murillo avec le code MURILLO15\"}]},{\"@type\":\"WebSite\",\"@id\":\"https:\\\/\\\/www.tablaosflamencos.com\\\/fr#website\",\"url\":\"https:\\\/\\\/www.tablaosflamencos.com\\\/fr\",\"name\":\"Tablaos Flamencos\",\"description\":\"Entradas para tablaos flamencos de Espa\u00f1a\",\"publisher\":{\"@id\":\"https:\\\/\\\/www.tablaosflamencos.com\\\/fr#organization\"},\"alternateName\":\"Tablaos Flamencos\",\"potentialAction\":[{\"@type\":\"SearchAction\",\"target\":{\"@type\":\"EntryPoint\",\"urlTemplate\":\"https:\\\/\\\/www.tablaosflamencos.com\\\/fr?s={search_term_string}\"},\"query-input\":{\"@type\":\"PropertyValueSpecification\",\"valueRequired\":true,\"valueName\":\"search_term_string\"}}],\"inLanguage\":\"fr-FR\"},{\"@type\":[\"Organization\",\"Place\",\"EntertainmentBusiness\"],\"@id\":\"https:\\\/\\\/www.tablaosflamencos.com\\\/fr#organization\",\"name\":\"Tablaos Flamencos\",\"alternateName\":\"Tablaos Flamencos\",\"url\":\"https:\\\/\\\/www.tablaosflamencos.com\\\/fr\",\"logo\":{\"@id\":\"https:\\\/\\\/www.tablaosflamencos.com\\\/fr\\\/reduction-el-jardin-de-murillo-murillo15.html#local-main-organization-logo\"},\"image\":{\"@id\":\"https:\\\/\\\/www.tablaosflamencos.com\\\/fr\\\/reduction-el-jardin-de-murillo-murillo15.html#local-main-organization-logo\"},\"sameAs\":[\"https:\\\/\\\/www.facebook.com\\\/tablaosflamencos\",\"https:\\\/\\\/x.com\\\/tablaosflamenco\",\"https:\\\/\\\/mastodon.social\\\/@tablaosflamencos\",\"https:\\\/\\\/www.instagram.com\\\/tablaosflamencos\",\"https:\\\/\\\/tiktok.com\\\/@tablaosflamencos\",\"https:\\\/\\\/www.linkedin.com\\\/company\\\/109408238\\\/\"],\"description\":\"Venta de entradas para espect\u00e1culos flamencos\",\"legalName\":\"Tablaos Flamencos\",\"foundingDate\":\"2015-01-01\",\"numberOfEmployees\":{\"@type\":\"QuantitativeValue\",\"minValue\":\"1\",\"maxValue\":\"10\"},\"address\":{\"@id\":\"https:\\\/\\\/www.tablaosflamencos.com\\\/fr\\\/reduction-el-jardin-de-murillo-murillo15.html#local-main-place-address\"},\"geo\":{\"@type\":\"GeoCoordinates\",\"latitude\":\"37.3868072\",\"longitude\":\"-5.993280299999999\"},\"telephone\":[\"+34623787787\"],\"contactPoint\":{\"@type\":\"ContactPoint\",\"telephone\":\"+34623787787\",\"email\":\"info@tablaosflamencos.com\"},\"openingHoursSpecification\":{\"@type\":\"OpeningHoursSpecification\",\"dayOfWeek\":[\"Monday\",\"Tuesday\",\"Wednesday\",\"Thursday\",\"Friday\",\"Saturday\",\"Sunday\"],\"opens\":\"00:00\",\"closes\":\"23:59\"},\"email\":\"info@tablaosflamencos.com\",\"priceRange\":\"$$$\",\"currenciesAccepted\":\"\u20ac\"},{\"@type\":\"Person\",\"@id\":\"https:\\\/\\\/www.tablaosflamencos.com\\\/fr#\\\/schema\\\/person\\\/e7a9ebe14eb75a52ceabfbffb3c54f5d\",\"name\":\"Miguel Ortiz\",\"description\":\"Miguel Ortiz es un empresario flamenco, con una s\u00f3lida trayectoria dentro del sector. Ha presidido entidades culturales vinculadas al flamenco y, cuenta con un amplio recorrido profesional en la gesti\u00f3n y promoci\u00f3n de espect\u00e1culos y tablaos flamencos. Su pasi\u00f3n por la historia y el arte flamenco se refleja en cada art\u00edculo, donde combina experiencia, criterio y un profundo respeto por la tradici\u00f3n.\",\"sameAs\":[\"https:\\\/\\\/www.tablaosflamencos.com\",\"https:\\\/\\\/www.instagra.com\\\/miguelortizfe\",\"https:\\\/\\\/www.linkedin.com\\\/in\\\/miguelortizf\\\/\"],\"birthDate\":\"1984-11-22\",\"gender\":\"hombre\",\"knowsLanguage\":[\"espa\u00f1ol\",\"ingl\u00e9s\"],\"jobTitle\":\"Empresario flamenco\"},{\"@type\":\"PostalAddress\",\"@id\":\"https:\\\/\\\/www.tablaosflamencos.com\\\/fr\\\/reduction-el-jardin-de-murillo-murillo15.html#local-main-place-address\",\"streetAddress\":\"C\\\/ Alemanes, 19\",\"addressLocality\":\"Sevilla\",\"postalCode\":\"41004\",\"addressRegion\":\"Sevilla\",\"addressCountry\":\"ES\"},{\"@type\":\"ImageObject\",\"inLanguage\":\"fr-FR\",\"@id\":\"https:\\\/\\\/www.tablaosflamencos.com\\\/fr\\\/reduction-el-jardin-de-murillo-murillo15.html#local-main-organization-logo\",\"url\":\"https:\\\/\\\/www.tablaosflamencos.com\\\/wp-content\\\/uploads\\\/tablaos-flamencos-06-3.webp\",\"contentUrl\":\"https:\\\/\\\/www.tablaosflamencos.com\\\/wp-content\\\/uploads\\\/tablaos-flamencos-06-3.webp\",\"width\":600,\"height\":620,\"caption\":\"Tablaos Flamencos\"}]}<\/script>\n<meta name=\"geo.placename\" content=\"Sevilla\" \/>\n<meta name=\"geo.position\" content=\"37.3868072;-5.993280299999999\" \/>\n<meta name=\"geo.region\" content=\"Espagne\" \/>\n<!-- \/ Yoast SEO Premium plugin. -->","yoast_head_json":{"title":"15 % de r\u00e9duction \u00e0 El Jard\u00edn de Murillo : MURILLO15 | Tablaos Flamencos","description":"R\u00e9servez El Jard\u00edn de Murillo \u00e0 S\u00e9ville avec 15 % de r\u00e9duction gr\u00e2ce au code MURILLO15. Promotion valable jusqu\u2019au 31 ao\u00fbt.","robots":{"index":"index","follow":"follow","max-snippet":"max-snippet:-1","max-image-preview":"max-image-preview:large","max-video-preview":"max-video-preview:-1"},"canonical":"https:\/\/www.tablaosflamencos.com\/fr\/reduction-el-jardin-de-murillo-murillo15.html","og_locale":"fr_FR","og_type":"article","og_title":"15 % de r\u00e9duction \u00e0 El Jard\u00edn de Murillo avec le code MURILLO15","og_description":"R\u00e9servez El Jard\u00edn de Murillo \u00e0 S\u00e9ville avec 15 % de r\u00e9duction gr\u00e2ce au code MURILLO15. Promotion valable jusqu\u2019au 31 ao\u00fbt.","og_url":"https:\/\/www.tablaosflamencos.com\/fr\/reduction-el-jardin-de-murillo-murillo15.html","og_site_name":"Tablaos Flamencos","article_publisher":"https:\/\/www.facebook.com\/tablaosflamencos","article_published_time":"2026-08-29T16:16:39+00:00","article_modified_time":"2026-08-29T16:52:42+00:00","og_image":[{"width":1280,"height":1920,"url":"https:\/\/www.tablaosflamencos.com\/wp-content\/uploads\/15-de-descuento-en-el-jardin-de-murillo-con-el-codigo-murillo15-01-3.webp","type":"image\/webp"}],"author":"Miguel Ortiz","twitter_card":"summary_large_image","twitter_creator":"@tablaosflamenco","twitter_site":"@tablaosflamenco","twitter_misc":{"\u00c9crit par":"Miguel Ortiz","Dur\u00e9e de lecture estim\u00e9e":"8 minutes"},"schema":{"@context":"https:\/\/schema.org","@graph":[{"@type":"Article","@id":"https:\/\/www.tablaosflamencos.com\/fr\/reduction-el-jardin-de-murillo-murillo15.html#article","isPartOf":{"@id":"https:\/\/www.tablaosflamencos.com\/fr\/reduction-el-jardin-de-murillo-murillo15.html"},"author":{"name":"Miguel Ortiz","@id":"https:\/\/www.tablaosflamencos.com\/fr#\/schema\/person\/e7a9ebe14eb75a52ceabfbffb3c54f5d"},"headline":"15 % de r\u00e9duction \u00e0 El Jard\u00edn de Murillo avec le code MURILLO15","datePublished":"2026-08-29T16:16:39+00:00","dateModified":"2026-08-29T16:52:42+00:00","mainEntityOfPage":{"@id":"https:\/\/www.tablaosflamencos.com\/fr\/reduction-el-jardin-de-murillo-murillo15.html"},"wordCount":1668,"publisher":{"@id":"https:\/\/www.tablaosflamencos.com\/fr#organization"},"image":{"@id":"https:\/\/www.tablaosflamencos.com\/fr\/reduction-el-jardin-de-murillo-murillo15.html#primaryimage"},"thumbnailUrl":"https:\/\/www.tablaosflamencos.com\/wp-content\/uploads\/15-de-descuento-en-el-jardin-de-murillo-con-el-codigo-murillo15-01-3.webp","keywords":["billets flamenco S\u00e9ville","El Jard\u00edn de Murillo","flamenco en Sevilla","r\u00e9duction flamenco S\u00e9ville","r\u00e9server flamenco S\u00e9ville","sevilla","tablao flamenco Sevilla"],"articleSection":["Promotions"],"inLanguage":"fr-FR"},{"@type":"WebPage","@id":"https:\/\/www.tablaosflamencos.com\/fr\/reduction-el-jardin-de-murillo-murillo15.html","url":"https:\/\/www.tablaosflamencos.com\/fr\/reduction-el-jardin-de-murillo-murillo15.html","name":"15 % de r\u00e9duction \u00e0 El Jard\u00edn de Murillo : MURILLO15 | Tablaos Flamencos","isPartOf":{"@id":"https:\/\/www.tablaosflamencos.com\/fr#website"},"primaryImageOfPage":{"@id":"https:\/\/www.tablaosflamencos.com\/fr\/reduction-el-jardin-de-murillo-murillo15.html#primaryimage"},"image":{"@id":"https:\/\/www.tablaosflamencos.com\/fr\/reduction-el-jardin-de-murillo-murillo15.html#primaryimage"},"thumbnailUrl":"https:\/\/www.tablaosflamencos.com\/wp-content\/uploads\/15-de-descuento-en-el-jardin-de-murillo-con-el-codigo-murillo15-01-3.webp","datePublished":"2026-08-29T16:16:39+00:00","dateModified":"2026-08-29T16:52:42+00:00","description":"R\u00e9servez El Jard\u00edn de Murillo \u00e0 S\u00e9ville avec 15 % de r\u00e9duction gr\u00e2ce au code MURILLO15. Promotion valable jusqu\u2019au 31 ao\u00fbt.","breadcrumb":{"@id":"https:\/\/www.tablaosflamencos.com\/fr\/reduction-el-jardin-de-murillo-murillo15.html#breadcrumb"},"inLanguage":"fr-FR","potentialAction":[{"@type":"ReadAction","target":["https:\/\/www.tablaosflamencos.com\/fr\/reduction-el-jardin-de-murillo-murillo15.html"]}]},{"@type":"ImageObject","inLanguage":"fr-FR","@id":"https:\/\/www.tablaosflamencos.com\/fr\/reduction-el-jardin-de-murillo-murillo15.html#primaryimage","url":"https:\/\/www.tablaosflamencos.com\/wp-content\/uploads\/15-de-descuento-en-el-jardin-de-murillo-con-el-codigo-murillo15-01-3.webp","contentUrl":"https:\/\/www.tablaosflamencos.com\/wp-content\/uploads\/15-de-descuento-en-el-jardin-de-murillo-con-el-codigo-murillo15-01-3.webp","width":1280,"height":1920,"caption":"15% de descuento en El Jard\u00edn de Murillo con el c\u00f3digo MURILLO15"},{"@type":"BreadcrumbList","@id":"https:\/\/www.tablaosflamencos.com\/fr\/reduction-el-jardin-de-murillo-murillo15.html#breadcrumb","itemListElement":[{"@type":"ListItem","position":1,"name":"Home","item":"https:\/\/www.tablaosflamencos.com\/fr"},{"@type":"ListItem","position":2,"name":"15 % de r\u00e9duction \u00e0 El Jard\u00edn de Murillo avec le code MURILLO15"}]},{"@type":"WebSite","@id":"https:\/\/www.tablaosflamencos.com\/fr#website","url":"https:\/\/www.tablaosflamencos.com\/fr","name":"Tablaos Flamencos","description":"Entradas para tablaos flamencos de Espa\u00f1a","publisher":{"@id":"https:\/\/www.tablaosflamencos.com\/fr#organization"},"alternateName":"Tablaos Flamencos","potentialAction":[{"@type":"SearchAction","target":{"@type":"EntryPoint","urlTemplate":"https:\/\/www.tablaosflamencos.com\/fr?s={search_term_string}"},"query-input":{"@type":"PropertyValueSpecification","valueRequired":true,"valueName":"search_term_string"}}],"inLanguage":"fr-FR"},{"@type":["Organization","Place","EntertainmentBusiness"],"@id":"https:\/\/www.tablaosflamencos.com\/fr#organization","name":"Tablaos Flamencos","alternateName":"Tablaos Flamencos","url":"https:\/\/www.tablaosflamencos.com\/fr","logo":{"@id":"https:\/\/www.tablaosflamencos.com\/fr\/reduction-el-jardin-de-murillo-murillo15.html#local-main-organization-logo"},"image":{"@id":"https:\/\/www.tablaosflamencos.com\/fr\/reduction-el-jardin-de-murillo-murillo15.html#local-main-organization-logo"},"sameAs":["https:\/\/www.facebook.com\/tablaosflamencos","https:\/\/x.com\/tablaosflamenco","https:\/\/mastodon.social\/@tablaosflamencos","https:\/\/www.instagram.com\/tablaosflamencos","https:\/\/tiktok.com\/@tablaosflamencos","https:\/\/www.linkedin.com\/company\/109408238\/"],"description":"Venta de entradas para espect\u00e1culos flamencos","legalName":"Tablaos Flamencos","foundingDate":"2015-01-01","numberOfEmployees":{"@type":"QuantitativeValue","minValue":"1","maxValue":"10"},"address":{"@id":"https:\/\/www.tablaosflamencos.com\/fr\/reduction-el-jardin-de-murillo-murillo15.html#local-main-place-address"},"geo":{"@type":"GeoCoordinates","latitude":"37.3868072","longitude":"-5.993280299999999"},"telephone":["+34623787787"],"contactPoint":{"@type":"ContactPoint","telephone":"+34623787787","email":"info@tablaosflamencos.com"},"openingHoursSpecification":{"@type":"OpeningHoursSpecification","dayOfWeek":["Monday","Tuesday","Wednesday","Thursday","Friday","Saturday","Sunday"],"opens":"00:00","closes":"23:59"},"email":"info@tablaosflamencos.com","priceRange":"$$$","currenciesAccepted":"\u20ac"},{"@type":"Person","@id":"https:\/\/www.tablaosflamencos.com\/fr#\/schema\/person\/e7a9ebe14eb75a52ceabfbffb3c54f5d","name":"Miguel Ortiz","description":"Miguel Ortiz es un empresario flamenco, con una s\u00f3lida trayectoria dentro del sector. Ha presidido entidades culturales vinculadas al flamenco y, cuenta con un amplio recorrido profesional en la gesti\u00f3n y promoci\u00f3n de espect\u00e1culos y tablaos flamencos. Su pasi\u00f3n por la historia y el arte flamenco se refleja en cada art\u00edculo, donde combina experiencia, criterio y un profundo respeto por la tradici\u00f3n.","sameAs":["https:\/\/www.tablaosflamencos.com","https:\/\/www.instagra.com\/miguelortizfe","https:\/\/www.linkedin.com\/in\/miguelortizf\/"],"birthDate":"1984-11-22","gender":"hombre","knowsLanguage":["espa\u00f1ol","ingl\u00e9s"],"jobTitle":"Empresario flamenco"},{"@type":"PostalAddress","@id":"https:\/\/www.tablaosflamencos.com\/fr\/reduction-el-jardin-de-murillo-murillo15.html#local-main-place-address","streetAddress":"C\/ Alemanes, 19","addressLocality":"Sevilla","postalCode":"41004","addressRegion":"Sevilla","addressCountry":"ES"},{"@type":"ImageObject","inLanguage":"fr-FR","@id":"https:\/\/www.tablaosflamencos.com\/fr\/reduction-el-jardin-de-murillo-murillo15.html#local-main-organization-logo","url":"https:\/\/www.tablaosflamencos.com\/wp-content\/uploads\/tablaos-flamencos-06-3.webp","contentUrl":"https:\/\/www.tablaosflamencos.com\/wp-content\/uploads\/tablaos-flamencos-06-3.webp","width":600,"height":620,"caption":"Tablaos Flamencos"}]},"geo.placename":"Sevilla","geo.position":{"lat":"37.3868072","long":"-5.993280299999999"},"geo.region":"Espagne"},"_links":{"self":[{"href":"https:\/\/www.tablaosflamencos.com\/fr\/wp-json\/wp\/v2\/posts\/13278","targetHints":{"allow":["GET"]}}],"collection":[{"href":"https:\/\/www.tablaosflamencos.com\/fr\/wp-json\/wp\/v2\/posts"}],"about":[{"href":"https:\/\/www.tablaosflamencos.com\/fr\/wp-json\/wp\/v2\/types\/post"}],"author":[{"embeddable":true,"href":"https:\/\/www.tablaosflamencos.com\/fr\/wp-json\/wp\/v2\/users\/1"}],"replies":[{"embeddable":true,"href":"https:\/\/www.tablaosflamencos.com\/fr\/wp-json\/wp\/v2\/comments?post=13278"}],"version-history":[{"count":1,"href":"https:\/\/www.tablaosflamencos.com\/fr\/wp-json\/wp\/v2\/posts\/13278\/revisions"}],"predecessor-version":[{"id":13284,"href":"https:\/\/www.tablaosflamencos.com\/fr\/wp-json\/wp\/v2\/posts\/13278\/revisions\/13284"}],"wp:featuredmedia":[{"embeddable":true,"href":"https:\/\/www.tablaosflamencos.com\/fr\/wp-json\/wp\/v2\/media\/13264"}],"wp:attachment":[{"href":"https:\/\/www.tablaosflamencos.com\/fr\/wp-json\/wp\/v2\/media?parent=13278"}],"wp:term":[{"taxonomy":"category","embeddable":true,"href":"https:\/\/www.tablaosflamencos.com\/fr\/wp-json\/wp\/v2\/categories?post=13278"},{"taxonomy":"post_tag","embeddable":true,"href":"https:\/\/www.tablaosflamencos.com\/fr\/wp-json\/wp\/v2\/tags?post=13278"}],"curies":[{"name":"wp","href":"https:\/\/api.w.org\/{rel}","templated":true}]}}