{"id":1428,"count":5,"description":"Toute l\u2019actualit\u00e9 de la Biennale de Flamenco de S\u00e9ville : programmation, artistes, premi\u00e8res, billets, lieux, Noches \u00danicas, activit\u00e9s parall\u00e8les et recommandations pour profiter de l\u2019un des grands \u00e9v\u00e9nements internationaux du flamenco. Nous r\u00e9unissons \u00e9galement des guides pratiques pour organiser votre visite \u00e0 S\u00e9ville pendant chaque \u00e9dition de la Biennale.","link":"https:\/\/www.tablaosflamencos.com\/fr\/categorie\/biennale-de-flamenco","name":"Biennale de Flamenco","slug":"biennale-de-flamenco","taxonomy":"category","parent":0,"meta":[],"acf":[],"yoast_head":"<!-- This site is optimized with the Yoast SEO Premium plugin v28.3 (Yoast SEO v28.3) - https:\/\/yoast.com\/product\/yoast-seo-premium-wordpress\/ -->\n<title>Biennale de Flamenco Archives | Tablaos Flamencos<\/title>\n<meta name=\"robots\" content=\"noindex, follow\" \/>\n<meta property=\"og:locale\" content=\"fr_FR\" \/>\n<meta property=\"og:type\" content=\"article\" \/>\n<meta property=\"og:title\" content=\"Biennale de Flamenco archivos\" \/>\n<meta property=\"og:description\" content=\"Toute l\u2019actualit\u00e9 de la Biennale de Flamenco de S\u00e9ville : programmation, artistes, premi\u00e8res, billets, lieux, Noches \u00danicas, activit\u00e9s parall\u00e8les et recommandations pour profiter de l\u2019un des grands \u00e9v\u00e9nements internationaux du flamenco. Nous r\u00e9unissons \u00e9galement des guides pratiques pour organiser votre visite \u00e0 S\u00e9ville pendant chaque \u00e9dition de la Biennale.\" \/>\n<meta property=\"og:url\" content=\"https:\/\/www.tablaosflamencos.com\/fr\/categorie\/biennale-de-flamenco\" \/>\n<meta property=\"og:site_name\" content=\"Tablaos Flamencos\" \/>\n<meta property=\"og:image\" content=\"https:\/\/www.tablaosflamencos.com\/wp-content\/uploads\/que-es-un-tablao-flamenco-y-como-elegir-el-adecuado-guia-practica-01.webp\" \/>\n\t<meta property=\"og:image:width\" content=\"1920\" \/>\n\t<meta property=\"og:image:height\" content=\"1072\" \/>\n\t<meta property=\"og:image:type\" content=\"image\/webp\" \/>\n<meta name=\"twitter:card\" content=\"summary_large_image\" \/>\n<meta name=\"twitter:site\" content=\"@tablaosflamenco\" \/>\n<script type=\"application\/ld+json\" class=\"yoast-schema-graph\">{\"@context\":\"https:\\\/\\\/schema.org\",\"@graph\":[{\"@type\":\"CollectionPage\",\"@id\":\"https:\\\/\\\/www.tablaosflamencos.com\\\/fr\\\/categorie\\\/biennale-de-flamenco\",\"url\":\"https:\\\/\\\/www.tablaosflamencos.com\\\/fr\\\/categorie\\\/biennale-de-flamenco\",\"name\":\"Biennale de Flamenco Archives | Tablaos Flamencos\",\"isPartOf\":{\"@id\":\"https:\\\/\\\/www.tablaosflamencos.com\\\/fr#website\"},\"breadcrumb\":{\"@id\":\"https:\\\/\\\/www.tablaosflamencos.com\\\/fr\\\/categorie\\\/biennale-de-flamenco#breadcrumb\"},\"inLanguage\":\"fr-FR\"},{\"@type\":\"BreadcrumbList\",\"@id\":\"https:\\\/\\\/www.tablaosflamencos.com\\\/fr\\\/categorie\\\/biennale-de-flamenco#breadcrumb\",\"itemListElement\":[{\"@type\":\"ListItem\",\"position\":1,\"name\":\"Home\",\"item\":\"https:\\\/\\\/www.tablaosflamencos.com\\\/fr\"},{\"@type\":\"ListItem\",\"position\":2,\"name\":\"Biennale de Flamenco\"}]},{\"@type\":\"WebSite\",\"@id\":\"https:\\\/\\\/www.tablaosflamencos.com\\\/fr#website\",\"url\":\"https:\\\/\\\/www.tablaosflamencos.com\\\/fr\",\"name\":\"Tablaos Flamencos\",\"description\":\"Entradas para tablaos flamencos de Espa\u00f1a\",\"publisher\":{\"@id\":\"https:\\\/\\\/www.tablaosflamencos.com\\\/fr#organization\"},\"alternateName\":\"Tablaos Flamencos\",\"potentialAction\":[{\"@type\":\"SearchAction\",\"target\":{\"@type\":\"EntryPoint\",\"urlTemplate\":\"https:\\\/\\\/www.tablaosflamencos.com\\\/fr?s={search_term_string}\"},\"query-input\":{\"@type\":\"PropertyValueSpecification\",\"valueRequired\":true,\"valueName\":\"search_term_string\"}}],\"inLanguage\":\"fr-FR\"},{\"@type\":[\"Organization\",\"Place\",\"EntertainmentBusiness\"],\"@id\":\"https:\\\/\\\/www.tablaosflamencos.com\\\/fr#organization\",\"name\":\"Tablaos Flamencos\",\"alternateName\":\"Tablaos Flamencos\",\"url\":\"https:\\\/\\\/www.tablaosflamencos.com\\\/fr\",\"logo\":{\"@id\":\"https:\\\/\\\/www.tablaosflamencos.com\\\/fr\\\/categorie\\\/biennale-de-flamenco#local-main-organization-logo\"},\"image\":{\"@id\":\"https:\\\/\\\/www.tablaosflamencos.com\\\/fr\\\/categorie\\\/biennale-de-flamenco#local-main-organization-logo\"},\"sameAs\":[\"https:\\\/\\\/www.facebook.com\\\/tablaosflamencos\",\"https:\\\/\\\/x.com\\\/tablaosflamenco\",\"https:\\\/\\\/mastodon.social\\\/@tablaosflamencos\",\"https:\\\/\\\/www.instagram.com\\\/tablaosflamencos\",\"https:\\\/\\\/tiktok.com\\\/@tablaosflamencos\",\"https:\\\/\\\/www.linkedin.com\\\/company\\\/109408238\\\/\"],\"description\":\"Venta de entradas para espect\u00e1culos flamencos\",\"legalName\":\"Tablaos Flamencos\",\"foundingDate\":\"2015-01-01\",\"numberOfEmployees\":{\"@type\":\"QuantitativeValue\",\"minValue\":\"1\",\"maxValue\":\"10\"},\"address\":{\"@id\":\"https:\\\/\\\/www.tablaosflamencos.com\\\/fr\\\/categorie\\\/biennale-de-flamenco#local-main-place-address\"},\"geo\":{\"@type\":\"GeoCoordinates\",\"latitude\":\"37.3868072\",\"longitude\":\"-5.993280299999999\"},\"telephone\":[\"+34623787787\"],\"contactPoint\":{\"@type\":\"ContactPoint\",\"telephone\":\"+34623787787\",\"email\":\"info@tablaosflamencos.com\"},\"openingHoursSpecification\":{\"@type\":\"OpeningHoursSpecification\",\"dayOfWeek\":[\"Monday\",\"Tuesday\",\"Wednesday\",\"Thursday\",\"Friday\",\"Saturday\",\"Sunday\"],\"opens\":\"00:00\",\"closes\":\"23:59\"},\"email\":\"info@tablaosflamencos.com\",\"priceRange\":\"$$$\",\"currenciesAccepted\":\"\u20ac\"},{\"@type\":\"PostalAddress\",\"@id\":\"https:\\\/\\\/www.tablaosflamencos.com\\\/fr\\\/categorie\\\/biennale-de-flamenco#local-main-place-address\",\"streetAddress\":\"C\\\/ Alemanes, 19\",\"addressLocality\":\"Sevilla\",\"postalCode\":\"41004\",\"addressRegion\":\"Sevilla\",\"addressCountry\":\"ES\"},{\"@type\":\"ImageObject\",\"inLanguage\":\"fr-FR\",\"@id\":\"https:\\\/\\\/www.tablaosflamencos.com\\\/fr\\\/categorie\\\/biennale-de-flamenco#local-main-organization-logo\",\"url\":\"https:\\\/\\\/www.tablaosflamencos.com\\\/wp-content\\\/uploads\\\/tablaos-flamencos-06-3.webp\",\"contentUrl\":\"https:\\\/\\\/www.tablaosflamencos.com\\\/wp-content\\\/uploads\\\/tablaos-flamencos-06-3.webp\",\"width\":600,\"height\":620,\"caption\":\"Tablaos Flamencos\"}]}<\/script>\n<meta name=\"geo.placename\" content=\"Sevilla\" \/>\n<meta name=\"geo.position\" content=\"37.3868072;-5.993280299999999\" \/>\n<meta name=\"geo.region\" content=\"Espagne\" \/>\n<!-- \/ Yoast SEO Premium plugin. -->","yoast_head_json":{"title":"Biennale de Flamenco Archives | Tablaos Flamencos","robots":{"index":"noindex","follow":"follow"},"og_locale":"fr_FR","og_type":"article","og_title":"Biennale de Flamenco archivos","og_description":"Toute l\u2019actualit\u00e9 de la Biennale de Flamenco de S\u00e9ville : programmation, artistes, premi\u00e8res, billets, lieux, Noches \u00danicas, activit\u00e9s parall\u00e8les et recommandations pour profiter de l\u2019un des grands \u00e9v\u00e9nements internationaux du flamenco. Nous r\u00e9unissons \u00e9galement des guides pratiques pour organiser votre visite \u00e0 S\u00e9ville pendant chaque \u00e9dition de la Biennale.","og_url":"https:\/\/www.tablaosflamencos.com\/fr\/categorie\/biennale-de-flamenco","og_site_name":"Tablaos Flamencos","og_image":[{"width":1920,"height":1072,"url":"https:\/\/www.tablaosflamencos.com\/wp-content\/uploads\/que-es-un-tablao-flamenco-y-como-elegir-el-adecuado-guia-practica-01.webp","type":"image\/webp"}],"twitter_card":"summary_large_image","twitter_site":"@tablaosflamenco","schema":{"@context":"https:\/\/schema.org","@graph":[{"@type":"CollectionPage","@id":"https:\/\/www.tablaosflamencos.com\/fr\/categorie\/biennale-de-flamenco","url":"https:\/\/www.tablaosflamencos.com\/fr\/categorie\/biennale-de-flamenco","name":"Biennale de Flamenco Archives | Tablaos Flamencos","isPartOf":{"@id":"https:\/\/www.tablaosflamencos.com\/fr#website"},"breadcrumb":{"@id":"https:\/\/www.tablaosflamencos.com\/fr\/categorie\/biennale-de-flamenco#breadcrumb"},"inLanguage":"fr-FR"},{"@type":"BreadcrumbList","@id":"https:\/\/www.tablaosflamencos.com\/fr\/categorie\/biennale-de-flamenco#breadcrumb","itemListElement":[{"@type":"ListItem","position":1,"name":"Home","item":"https:\/\/www.tablaosflamencos.com\/fr"},{"@type":"ListItem","position":2,"name":"Biennale de Flamenco"}]},{"@type":"WebSite","@id":"https:\/\/www.tablaosflamencos.com\/fr#website","url":"https:\/\/www.tablaosflamencos.com\/fr","name":"Tablaos Flamencos","description":"Entradas para tablaos flamencos de Espa\u00f1a","publisher":{"@id":"https:\/\/www.tablaosflamencos.com\/fr#organization"},"alternateName":"Tablaos Flamencos","potentialAction":[{"@type":"SearchAction","target":{"@type":"EntryPoint","urlTemplate":"https:\/\/www.tablaosflamencos.com\/fr?s={search_term_string}"},"query-input":{"@type":"PropertyValueSpecification","valueRequired":true,"valueName":"search_term_string"}}],"inLanguage":"fr-FR"},{"@type":["Organization","Place","EntertainmentBusiness"],"@id":"https:\/\/www.tablaosflamencos.com\/fr#organization","name":"Tablaos Flamencos","alternateName":"Tablaos Flamencos","url":"https:\/\/www.tablaosflamencos.com\/fr","logo":{"@id":"https:\/\/www.tablaosflamencos.com\/fr\/categorie\/biennale-de-flamenco#local-main-organization-logo"},"image":{"@id":"https:\/\/www.tablaosflamencos.com\/fr\/categorie\/biennale-de-flamenco#local-main-organization-logo"},"sameAs":["https:\/\/www.facebook.com\/tablaosflamencos","https:\/\/x.com\/tablaosflamenco","https:\/\/mastodon.social\/@tablaosflamencos","https:\/\/www.instagram.com\/tablaosflamencos","https:\/\/tiktok.com\/@tablaosflamencos","https:\/\/www.linkedin.com\/company\/109408238\/"],"description":"Venta de entradas para espect\u00e1culos flamencos","legalName":"Tablaos Flamencos","foundingDate":"2015-01-01","numberOfEmployees":{"@type":"QuantitativeValue","minValue":"1","maxValue":"10"},"address":{"@id":"https:\/\/www.tablaosflamencos.com\/fr\/categorie\/biennale-de-flamenco#local-main-place-address"},"geo":{"@type":"GeoCoordinates","latitude":"37.3868072","longitude":"-5.993280299999999"},"telephone":["+34623787787"],"contactPoint":{"@type":"ContactPoint","telephone":"+34623787787","email":"info@tablaosflamencos.com"},"openingHoursSpecification":{"@type":"OpeningHoursSpecification","dayOfWeek":["Monday","Tuesday","Wednesday","Thursday","Friday","Saturday","Sunday"],"opens":"00:00","closes":"23:59"},"email":"info@tablaosflamencos.com","priceRange":"$$$","currenciesAccepted":"\u20ac"},{"@type":"PostalAddress","@id":"https:\/\/www.tablaosflamencos.com\/fr\/categorie\/biennale-de-flamenco#local-main-place-address","streetAddress":"C\/ Alemanes, 19","addressLocality":"Sevilla","postalCode":"41004","addressRegion":"Sevilla","addressCountry":"ES"},{"@type":"ImageObject","inLanguage":"fr-FR","@id":"https:\/\/www.tablaosflamencos.com\/fr\/categorie\/biennale-de-flamenco#local-main-organization-logo","url":"https:\/\/www.tablaosflamencos.com\/wp-content\/uploads\/tablaos-flamencos-06-3.webp","contentUrl":"https:\/\/www.tablaosflamencos.com\/wp-content\/uploads\/tablaos-flamencos-06-3.webp","width":600,"height":620,"caption":"Tablaos Flamencos"}]},"geo.placename":"Sevilla","geo.position":{"lat":"37.3868072","long":"-5.993280299999999"},"geo.region":"Espagne"},"_links":{"self":[{"href":"https:\/\/www.tablaosflamencos.com\/fr\/wp-json\/wp\/v2\/categories\/1428","targetHints":{"allow":["GET"]}}],"collection":[{"href":"https:\/\/www.tablaosflamencos.com\/fr\/wp-json\/wp\/v2\/categories"}],"about":[{"href":"https:\/\/www.tablaosflamencos.com\/fr\/wp-json\/wp\/v2\/taxonomies\/category"}],"wp:post_type":[{"href":"https:\/\/www.tablaosflamencos.com\/fr\/wp-json\/wp\/v2\/posts?categories=1428"}],"curies":[{"name":"wp","href":"https:\/\/api.w.org\/{rel}","templated":true}]}}