{"id":15160,"date":"2026-09-06T16:53:49","date_gmt":"2026-09-06T14:53:49","guid":{"rendered":"https:\/\/www.tablaosflamencos.com\/?p=15160"},"modified":"2026-09-06T19:53:21","modified_gmt":"2026-09-06T17:53:21","slug":"trasnoches-flamencos-2026-malaga-programme-tickets","status":"publish","type":"post","link":"https:\/\/www.tablaosflamencos.com\/en\/trasnoches-flamencos-2026-malaga-programme-tickets.html","title":{"rendered":"Trasnoches Flamencos 2026: seven nights of guitar, singing and dance in M\u00e1laga"},"content":{"rendered":"<section class=\"l-section wpb_row height_huge\"><div class=\"l-section-h i-cf\"><div class=\"g-cols vc_row via_flex valign_top type_default stacking_default\"><div class=\"vc_col-sm-6 wpb_column vc_column_container\"><div class=\"vc_column-inner\"><div class=\"wpb_wrapper\"><div class=\"wpb_text_column\"><div class=\"wpb_wrapper\"><h2>Trasnoches Flamencos 2026 in M\u00e1laga<\/h2>\n<p>September turns M\u00e1laga into one of Spain&#8217;s guitar capitals and, within the <strong>5th M\u00e1laga Pepe Romero International Guitar Festival<\/strong>, flamenco has its own dedicated series. <strong>Trasnoches Flamencos 2026<\/strong> brings together seven events between 4 and 26 September featuring some of the most interesting names in contemporary flamenco guitar, as well as singing and dance.<\/p>\n<p>The programme combines solo guitar recitals with encounters in which the guitar opens up to cante and dance. Alejandro Hurtado and Inmaculada Salom\u00f3n opened the series on 4 September; they are followed by El Amir, Pituquete with Encarna Anillo, Daniel Casares, Jos\u00e9 Ferm\u00edn Fern\u00e1ndez, Joni Jim\u00e9nez with Jes\u00fas M\u00e9ndez and Ricardo Fern\u00e1ndez del Moral.<\/p>\n<\/div><\/div><\/div><\/div><\/div><div class=\"vc_col-sm-6 wpb_column vc_column_container\"><div class=\"vc_column-inner\"><div class=\"wpb_wrapper\"><div class=\"wpb_text_column\"><div class=\"wpb_wrapper\"><h2>Essential information<\/h2>\n<ul>\n<li><strong>Dates:<\/strong> 4 to 26 September 2026.<\/li>\n<li><strong>Number of events:<\/strong> 7.<\/li>\n<li><strong>City:<\/strong> M\u00e1laga.<\/li>\n<li><strong>Venues:<\/strong> Fundaci\u00f3n Unicaja Mar\u00eda Cristina Hall and the Patio de Surtidores at the Alcazaba.<\/li>\n<li><strong>Prices:<\/strong> \u20ac10 to \u20ac18.<\/li>\n<li><strong>Tickets:<\/strong> MiEntrada.<\/li>\n<li><strong>Focus:<\/strong> flamenco guitar, singing and dance.<\/li>\n<\/ul>\n<\/div><\/div><\/div><\/div><\/div><\/div><\/div><\/section><section class=\"l-section wpb_row height_huge color_alternate with_shape\"><div class=\"l-section-shape type_zigzag pos_top\" style=\"height:3vmin;\"><svg xmlns=\"http:\/\/www.w3.org\/2000\/svg\" viewBox=\"0 0 64 8\" preserveAspectRatio=\"none\" width=\"100%\" height=\"100%\">\r\n\t<path fill=\"currentColor\" d=\"M64 8 L0 8 L0 0 L20 7.9 L40 3 L48 5 L64 0 Z\"\/>\r\n<\/svg><\/div><div class=\"l-section-shape type_zigzag pos_bottom\" style=\"height:3vmin;\"><svg xmlns=\"http:\/\/www.w3.org\/2000\/svg\" viewBox=\"0 0 64 8\" preserveAspectRatio=\"none\" width=\"100%\" height=\"100%\">\r\n\t<path fill=\"currentColor\" d=\"M64 8 L0 8 L0 0 L20 7.9 L40 3 L48 5 L64 0 Z\"\/>\r\n<\/svg><\/div><div class=\"l-section-h i-cf\"><div class=\"g-cols vc_row via_flex valign_top type_default stacking_default\"><div class=\"vc_col-sm-12 wpb_column vc_column_container\"><div class=\"vc_column-inner\"><div class=\"wpb_wrapper\"><div class=\"wpb_text_column\"><div class=\"wpb_wrapper\"><blockquote>\n<p><strong>Quick answer:<\/strong> Trasnoches Flamencos 2026 includes seven shows in M\u00e1laga from 4 to 26 September. They take place at the Fundaci\u00f3n Unicaja Mar\u00eda Cristina Hall and the Patio de Surtidores at the Alcazaba of M\u00e1laga. Tickets cost between \u20ac10 and \u20ac18 and are sold through MiEntrada.<\/p>\n<\/blockquote>\n<\/div><\/div><\/div><\/div><\/div><\/div><\/div><\/section><section class=\"l-section wpb_row height_huge\"><div class=\"l-section-h i-cf\"><div class=\"g-cols vc_row via_flex valign_top type_default stacking_default\"><div class=\"vc_col-sm-3 wpb_column vc_column_container\"><div class=\"vc_column-inner\"><div class=\"wpb_wrapper\"><\/div><\/div><\/div><div class=\"vc_col-sm-6 wpb_column vc_column_container\"><div class=\"vc_column-inner\"><div class=\"wpb_wrapper\"><div class=\"wpb_text_column\"><div class=\"wpb_wrapper\"><h2>Contents of this guide<\/h2>\n<ul>\n<li><a href=\"#programa\">Full programme<\/a><\/li>\n<li><a href=\"#ciclo\">What is Trasnoches Flamencos?<\/a><\/li>\n<li><a href=\"#artistas\">The seven events<\/a><\/li>\n<li><a href=\"#sedes\">Venues<\/a><\/li>\n<li><a href=\"#entradas\">Tickets<\/a><\/li>\n<li><a href=\"#elegir\">Which concert to choose<\/a><\/li>\n<li><a href=\"#faq\">Frequently asked questions<\/a><\/li>\n<\/ul>\n<\/div><\/div><\/div><\/div><\/div><div class=\"vc_col-sm-3 wpb_column vc_column_container\"><div class=\"vc_column-inner\"><div class=\"wpb_wrapper\"><\/div><\/div><\/div><\/div><\/div><\/section><section class=\"l-section wpb_row height_huge color_alternate with_shape\"><div class=\"l-section-shape type_zigzag pos_top\" style=\"height:3vmin;\"><svg xmlns=\"http:\/\/www.w3.org\/2000\/svg\" viewBox=\"0 0 64 8\" preserveAspectRatio=\"none\" width=\"100%\" height=\"100%\">\r\n\t<path fill=\"currentColor\" d=\"M64 8 L0 8 L0 0 L20 7.9 L40 3 L48 5 L64 0 Z\"\/>\r\n<\/svg><\/div><div class=\"l-section-shape type_zigzag pos_bottom\" style=\"height:3vmin;\"><svg xmlns=\"http:\/\/www.w3.org\/2000\/svg\" viewBox=\"0 0 64 8\" preserveAspectRatio=\"none\" width=\"100%\" height=\"100%\">\r\n\t<path fill=\"currentColor\" d=\"M64 8 L0 8 L0 0 L20 7.9 L40 3 L48 5 L64 0 Z\"\/>\r\n<\/svg><\/div><div class=\"l-section-h i-cf\"><div class=\"g-cols vc_row via_flex valign_top type_default stacking_default\"><div class=\"vc_col-sm-12 wpb_column vc_column_container\"><div class=\"vc_column-inner\"><div class=\"wpb_wrapper\"><div class=\"wpb_text_column\"><div class=\"wpb_wrapper\"><h2 id=\"programa\">Trasnoches Flamencos 2026 programme in M\u00e1laga<\/h2>\n<div style=\"overflow-x: auto;\">\n<table>\n<thead>\n<tr>\n<th>Date<\/th>\n<th>Artists<\/th>\n<th>Time<\/th>\n<th>Venue<\/th>\n<th>Price<\/th>\n<\/tr>\n<\/thead>\n<tbody>\n<tr>\n<td>4 September<\/td>\n<td>Alejandro Hurtado + Inmaculada Salom\u00f3n<\/td>\n<td>19:30<\/td>\n<td>Fundaci\u00f3n Unicaja Mar\u00eda Cristina Hall<\/td>\n<td>\u20ac12<\/td>\n<\/tr>\n<tr>\n<td>11 September<\/td>\n<td>El Amir<\/td>\n<td>19:30<\/td>\n<td>Fundaci\u00f3n Unicaja Mar\u00eda Cristina Hall<\/td>\n<td>\u20ac10<\/td>\n<\/tr>\n<tr>\n<td>17 September<\/td>\n<td>Pituquete + Encarna Anillo<\/td>\n<td>21:30<\/td>\n<td>Patio de Surtidores, Alcazaba of M\u00e1laga<\/td>\n<td>\u20ac15<\/td>\n<\/tr>\n<tr>\n<td>19 September<\/td>\n<td>Daniel Casares<\/td>\n<td>19:30<\/td>\n<td>Fundaci\u00f3n Unicaja Mar\u00eda Cristina Hall<\/td>\n<td>\u20ac12<\/td>\n<\/tr>\n<tr>\n<td>24 September<\/td>\n<td>Jos\u00e9 Ferm\u00edn Fern\u00e1ndez<\/td>\n<td>21:30<\/td>\n<td>Patio de Surtidores, Alcazaba of M\u00e1laga<\/td>\n<td>\u20ac15<\/td>\n<\/tr>\n<tr>\n<td>25 September<\/td>\n<td>Joni Jim\u00e9nez + Jes\u00fas M\u00e9ndez<\/td>\n<td>19:30<\/td>\n<td>Fundaci\u00f3n Unicaja Mar\u00eda Cristina Hall<\/td>\n<td>\u20ac10<\/td>\n<\/tr>\n<tr>\n<td>26 September<\/td>\n<td>Ricardo Fern\u00e1ndez del Moral<\/td>\n<td>21:30<\/td>\n<td>Patio de Surtidores, Alcazaba of M\u00e1laga<\/td>\n<td>\u20ac18<\/td>\n<\/tr>\n<\/tbody>\n<\/table>\n<\/div>\n<p>The first event took place on 4 September. The remaining six are concentrated between 11 and 26 September.<\/p>\n<\/div><\/div><\/div><\/div><\/div><\/div><\/div><\/section><section class=\"l-section wpb_row height_huge\"><div class=\"l-section-h i-cf\"><div class=\"g-cols vc_row via_flex valign_top type_default stacking_default\"><div class=\"vc_col-sm-6 wpb_column vc_column_container\"><div class=\"vc_column-inner\"><div class=\"wpb_wrapper\"><div class=\"wpb_text_column\"><div class=\"wpb_wrapper\"><h2 id=\"ciclo\">What is Trasnoches Flamencos?<\/h2>\n<p><strong>Trasnoches Flamencos<\/strong> is the specifically flamenco strand of the M\u00e1laga Pepe Romero International Guitar Festival. The fifth edition of the festival features a total of 15 concerts between 4 and 30 September 2026, with programmes devoted to classical, Spanish and flamenco guitar, as well as early music and symphonic creation.<\/p>\n<p>Within that wider programme, the seven nights identified as Trasnoches Flamencos form a small festival within the festival. Guitar is the connecting thread, but the selection reveals different ways of understanding contemporary flamenco playing: from concert guitar to accompaniment for cante, dialogue with dance and proposals that cross flamenco with other musical traditions.<\/p>\n<\/div><\/div><\/div><\/div><\/div><div class=\"vc_col-sm-6 wpb_column vc_column_container\"><div class=\"vc_column-inner\"><div class=\"wpb_wrapper\"><div class=\"wpb_text_column\"><div class=\"wpb_wrapper\"><h2>The festival and its venues<\/h2>\n<p>The festival is organised by the European Guitar Foundation and is named after Pepe Romero, one of M\u00e1laga&#8217;s most internationally renowned guitarists.<\/p>\n<p>The 2026 edition takes place at several venues around the city, although Trasnoches Flamencos is concentrated in two locations: the Fundaci\u00f3n Unicaja Mar\u00eda Cristina Hall and the Patio de Surtidores at the Alcazaba.<\/p>\n<p>If you would also like to discover flamenco shows during your stay in the city, see our guide to <a href=\"https:\/\/www.tablaosflamencos.com\/flamenco-en-malaga\">flamenco in M\u00e1laga<\/a>.<\/p>\n<\/div><\/div><\/div><\/div><\/div><\/div><\/div><\/section><section class=\"l-section wpb_row height_huge color_alternate with_shape\"><div class=\"l-section-shape type_zigzag pos_top hor_flip\" style=\"height:3vmin;\"><svg xmlns=\"http:\/\/www.w3.org\/2000\/svg\" viewBox=\"0 0 64 8\" preserveAspectRatio=\"none\" width=\"100%\" height=\"100%\">\r\n\t<path fill=\"currentColor\" d=\"M64 8 L0 8 L0 0 L20 7.9 L40 3 L48 5 L64 0 Z\"\/>\r\n<\/svg><\/div><div class=\"l-section-shape type_zigzag pos_bottom\" style=\"height:3vmin;\"><svg xmlns=\"http:\/\/www.w3.org\/2000\/svg\" viewBox=\"0 0 64 8\" preserveAspectRatio=\"none\" width=\"100%\" height=\"100%\">\r\n\t<path fill=\"currentColor\" d=\"M64 8 L0 8 L0 0 L20 7.9 L40 3 L48 5 L64 0 Z\"\/>\r\n<\/svg><\/div><div class=\"l-section-h i-cf\"><div class=\"g-cols vc_row via_flex valign_top type_default stacking_default\"><div class=\"vc_col-sm-6 wpb_column vc_column_container\"><div class=\"vc_column-inner\"><div class=\"wpb_wrapper\"><div class=\"wpb_text_column\"><div class=\"wpb_wrapper\"><h2 id=\"artistas\">The seven Trasnoches Flamencos 2026 events<\/h2>\n<h3>4 September: Alejandro Hurtado and Inmaculada Salom\u00f3n<\/h3>\n<p>The series opened with a proposal bringing together <strong>guitar and dance<\/strong>. Alejandro Hurtado, winner of the Bord\u00f3n Minero in 2017 and one of the young guitarists with the strongest presence on today&#8217;s circuit, shared the stage with Inmaculada Salom\u00f3n, principal dancer of the Ballet Nacional de Espa\u00f1a.<\/p>\n<p>It was the only event in the series in which dance appeared as an explicit protagonist alongside guitar.<\/p>\n<h3>11 September: El Amir<\/h3>\n<p><strong>El Amir<\/strong>, the stage name of Amir John Haddad, offers a vision of flamenco open to the Mediterranean, the Middle East and other musical languages. His work on tours and recordings linked to Hans Zimmer has given him an unusual international profile within the flamenco circuit.<\/p>\n<\/div><\/div><\/div><\/div><\/div><div class=\"vc_col-sm-6 wpb_column vc_column_container\"><div class=\"vc_column-inner\"><div class=\"wpb_wrapper\"><div class=\"wpb_text_column\"><div class=\"wpb_wrapper\"><h3>17 September: Pituquete and Encarna Anillo<\/h3>\n<p>The third event moves to the <strong>Patio de Surtidores at the Alcazaba of M\u00e1laga<\/strong>. Pituquete&#8217;s guitar brings together Latin American roots, flamenco language and contemporary creation. He will be joined by singer <strong>Encarna Anillo<\/strong>.<\/p>\n<h3>19 September: Daniel Casares<\/h3>\n<p><strong>Daniel Casares<\/strong> is one of the established names in contemporary flamenco guitar. For audiences looking for an evening focused almost entirely on guitar playing, without the need for other stage elements, this is one of the clearest choices on the programme.<\/p>\n<\/div><\/div><\/div><\/div><\/div><\/div><\/div><\/section><section class=\"l-section wpb_row height_huge\"><div class=\"l-section-h i-cf\"><div class=\"g-cols vc_row via_flex valign_top type_default stacking_default\"><div class=\"vc_col-sm-6 wpb_column vc_column_container\"><div class=\"vc_column-inner\"><div class=\"wpb_wrapper\"><div class=\"wpb_text_column\"><div class=\"wpb_wrapper\"><h3>24 September: Jos\u00e9 Ferm\u00edn Fern\u00e1ndez<\/h3>\n<p>Granada-born <strong>Jos\u00e9 Ferm\u00edn Fern\u00e1ndez<\/strong> is one of the most highly recognised flamenco guitarists of his generation in competitions and festivals. His career includes two major distinctions: the Bord\u00f3n Minero at the Festival Internacional del Cante de las Minas and first prize for guitar at C\u00f3rdoba&#8217;s Concurso Nacional de Arte Flamenco.<\/p>\n<p>His recital takes place on 24 September at <strong>21:30<\/strong> in the Patio de Surtidores at the Alcazaba. Both the official ticketing platform and the festival&#8217;s general programme list the performance at that time.<\/p>\n<\/div><\/div><\/div><\/div><\/div><div class=\"vc_col-sm-6 wpb_column vc_column_container\"><div class=\"vc_column-inner\"><div class=\"wpb_wrapper\"><div class=\"wpb_text_column\"><div class=\"wpb_wrapper\"><h3>25 September: Joni Jim\u00e9nez and Jes\u00fas M\u00e9ndez<\/h3>\n<p>One of the most attractive nights for cante lovers brings together guitarist <strong>Joni Jim\u00e9nez<\/strong> and singer <strong>Jes\u00fas M\u00e9ndez<\/strong>. The event clearly shows the role of flamenco guitar as accompaniment, response and support for the voice.<\/p>\n<h3>26 September: Ricardo Fern\u00e1ndez del Moral<\/h3>\n<p>Trasnoches Flamencos 2026 ends with <strong>Ricardo Fern\u00e1ndez del Moral<\/strong>, a singer and guitarist capable of taking on both central roles of a flamenco recital on his own. The closing performance begins at 21:30 in the Patio de Surtidores at the Alcazaba.<\/p>\n<\/div><\/div><\/div><\/div><\/div><\/div><\/div><\/section><section class=\"l-section wpb_row height_huge color_alternate with_shape\"><div class=\"l-section-shape type_zigzag pos_top\" style=\"height:3vmin;\"><svg xmlns=\"http:\/\/www.w3.org\/2000\/svg\" viewBox=\"0 0 64 8\" preserveAspectRatio=\"none\" width=\"100%\" height=\"100%\">\r\n\t<path fill=\"currentColor\" d=\"M64 8 L0 8 L0 0 L20 7.9 L40 3 L48 5 L64 0 Z\"\/>\r\n<\/svg><\/div><div class=\"l-section-shape type_zigzag pos_bottom\" style=\"height:3vmin;\"><svg xmlns=\"http:\/\/www.w3.org\/2000\/svg\" viewBox=\"0 0 64 8\" preserveAspectRatio=\"none\" width=\"100%\" height=\"100%\">\r\n\t<path fill=\"currentColor\" d=\"M64 8 L0 8 L0 0 L20 7.9 L40 3 L48 5 L64 0 Z\"\/>\r\n<\/svg><\/div><div class=\"l-section-h i-cf\"><div class=\"g-cols vc_row via_flex valign_top type_default stacking_default\"><div class=\"vc_col-sm-6 wpb_column vc_column_container\"><div class=\"vc_column-inner\"><div class=\"wpb_wrapper\"><div class=\"wpb_text_column\"><div class=\"wpb_wrapper\"><h2 id=\"sedes\">Two venues for flamenco<\/h2>\n<p>The <strong>Fundaci\u00f3n Unicaja Mar\u00eda Cristina Hall<\/strong>, in the historic centre, hosts the events on 4, 11, 19 and 25 September. It is a concert venue particularly well suited to listening closely to the guitar.<\/p>\n<p>The <strong>Patio de Surtidores at the Alcazaba of M\u00e1laga<\/strong> hosts the concerts on 17, 24 and 26 September. The palace-fortress provides a very different heritage setting, especially attractive for evening performances.<\/p>\n<\/div><\/div><\/div><\/div><\/div><div class=\"vc_col-sm-6 wpb_column vc_column_container\"><div class=\"vc_column-inner\"><div class=\"wpb_wrapper\"><div class=\"wpb_text_column\"><div class=\"wpb_wrapper\"><h2>How to combine the festival with M\u00e1laga<\/h2>\n<p>For concerts at the Alcazaba, the official ticketing platform indicates access via Calle Guill\u00e9n Sotelo, at the entrance to the Alcazaba lift.<\/p>\n<p>Anyone travelling specifically for one of these concerts can combine the festival with other cultural plans and M\u00e1laga&#8217;s regular selection of <a href=\"https:\/\/www.tablaosflamencos.com\/flamenco-en-malaga\">tablaos and flamenco shows<\/a>.<\/p>\n<\/div><\/div><\/div><\/div><\/div><\/div><\/div><\/section><section class=\"l-section wpb_row height_huge\"><div class=\"l-section-h i-cf\"><div class=\"g-cols vc_row via_flex valign_top type_default stacking_default\"><div class=\"vc_col-sm-6 wpb_column vc_column_container\"><div class=\"vc_column-inner\"><div class=\"wpb_wrapper\"><div class=\"wpb_text_column\"><div class=\"wpb_wrapper\"><h2 id=\"entradas\">Tickets for Trasnoches Flamencos 2026<\/h2>\n<p>Tickets are sold through <strong>MiEntrada<\/strong>, the ticketing platform linked from the official website of the M\u00e1laga Pepe Romero International Guitar Festival. Prices range from <strong>\u20ac10 to \u20ac18<\/strong> depending on the concert.<\/p>\n<ul>\n<li>El Amir: \u20ac10<\/li>\n<li>Joni Jim\u00e9nez + Jes\u00fas M\u00e9ndez: \u20ac10<\/li>\n<li>Alejandro Hurtado + Inmaculada Salom\u00f3n: \u20ac12<\/li>\n<li>Daniel Casares: \u20ac12<\/li>\n<li>Pituquete + Encarna Anillo: \u20ac15<\/li>\n<li>Jos\u00e9 Ferm\u00edn Fern\u00e1ndez: \u20ac15<\/li>\n<li>Ricardo Fern\u00e1ndez del Moral: \u20ac18<\/li>\n<\/ul>\n<\/div><\/div><\/div><\/div><\/div><div class=\"vc_col-sm-6 wpb_column vc_column_container\"><div class=\"vc_column-inner\"><div class=\"wpb_wrapper\"><div class=\"wpb_text_column\"><div class=\"wpb_wrapper\"><h2>Booking and availability<\/h2>\n<p>Because the venues have limited capacity and previous editions of the festival have recorded sold-out concerts, it is advisable to check availability in advance, especially for performances at the Alcazaba and events featuring several artists.<\/p>\n<p><a href=\"https:\/\/www.mientrada.net\/\" target=\"_blank\" rel=\"nofollow noopener\"><strong>Check tickets on MiEntrada<\/strong><\/a> \u00b7 <a href=\"https:\/\/www.malagaguitarfestival.com\/\" target=\"_blank\" rel=\"nofollow noopener\"><strong>See the official festival programme<\/strong><\/a><\/p>\n<\/div><\/div><\/div><\/div><\/div><\/div><\/div><\/section><section class=\"l-section wpb_row height_huge color_alternate with_shape\"><div class=\"l-section-shape type_zigzag pos_top hor_flip\" style=\"height:3vmin;\"><svg xmlns=\"http:\/\/www.w3.org\/2000\/svg\" viewBox=\"0 0 64 8\" preserveAspectRatio=\"none\" width=\"100%\" height=\"100%\">\r\n\t<path fill=\"currentColor\" d=\"M64 8 L0 8 L0 0 L20 7.9 L40 3 L48 5 L64 0 Z\"\/>\r\n<\/svg><\/div><div class=\"l-section-shape type_zigzag pos_bottom\" style=\"height:3vmin;\"><svg xmlns=\"http:\/\/www.w3.org\/2000\/svg\" viewBox=\"0 0 64 8\" preserveAspectRatio=\"none\" width=\"100%\" height=\"100%\">\r\n\t<path fill=\"currentColor\" d=\"M64 8 L0 8 L0 0 L20 7.9 L40 3 L48 5 L64 0 Z\"\/>\r\n<\/svg><\/div><div class=\"l-section-h i-cf\"><div class=\"g-cols vc_row via_flex valign_top type_default stacking_default\"><div class=\"vc_col-sm-6 wpb_column vc_column_container\"><div class=\"vc_column-inner\"><div class=\"wpb_wrapper\"><div class=\"wpb_text_column\"><div class=\"wpb_wrapper\"><h2 id=\"elegir\">Which concert should you choose?<\/h2>\n<p>If you can attend only one event, the choice depends greatly on the type of flamenco you want to experience. For those who prioritise <strong>solo guitar<\/strong>, Daniel Casares and Jos\u00e9 Ferm\u00edn Fern\u00e1ndez are two particularly clear choices. If you prefer a more cross-cultural approach open to other musical languages, El Amir or Pituquete may suit you better.<\/p>\n<p>For <strong>cante with guitar<\/strong>, the night featuring Joni Jim\u00e9nez and Jes\u00fas M\u00e9ndez is one of the most attractive events in the series. Ricardo Fern\u00e1ndez del Moral offers a different variation: singing and guitar concentrated in a single performer.<\/p>\n<\/div><\/div><\/div><\/div><\/div><div class=\"vc_col-sm-6 wpb_column vc_column_container\"><div class=\"vc_column-inner\"><div class=\"wpb_wrapper\"><div class=\"wpb_text_column\"><div class=\"wpb_wrapper\"><h2>My recommendation by venue<\/h2>\n<p>The Alcazaba recitals have the added appeal of taking place in one of M\u00e1laga&#8217;s most recognisable monuments, while Mar\u00eda Cristina offers a hall format more focused on close listening.<\/p>\n<p>If the atmosphere of the venue matters as much as the line-up, I would choose one of the three Alcazaba nights. If your priority is to listen to the guitar with maximum attention, Mar\u00eda Cristina is particularly well suited.<\/p>\n<\/div><\/div><\/div><\/div><\/div><\/div><\/div><\/section><section class=\"l-section wpb_row height_huge\"><div class=\"l-section-h i-cf\"><div class=\"g-cols vc_row via_flex valign_top type_default stacking_default\"><div class=\"vc_col-sm-12 wpb_column vc_column_container\"><div class=\"vc_column-inner\"><div class=\"wpb_wrapper\"><div class=\"wpb_text_column\"><div class=\"wpb_wrapper\"><h2>A September of flamenco guitar in M\u00e1laga<\/h2>\n<p>Trasnoches Flamencos turns the wider Pepe Romero Guitar Festival programme into an opportunity to explore several generations and sensibilities in contemporary flamenco guitar. In barely three weeks, solo guitar, accompaniment for cante, dialogue with dance and proposals that extend flamenco&#8217;s usual boundaries follow one another.<\/p>\n<p>With tickets from \u20ac10 and two venues in central M\u00e1laga, the series is one of the city&#8217;s most interesting flamenco events in September 2026. The practical recommendation is simple: check availability for each date and, if your chosen concert is at the Alcazaba, confirm the access point indicated by the organisers beforehand.<\/p>\n<\/div><\/div><div class=\"w-separator size_medium\"><\/div><div class=\"w-hwrapper valign_top wrap align_center\" style=\"--hwrapper-gap:1.2rem\"><div class=\"w-btn-wrapper align_none\"><a class=\"w-btn us-btn-style_1\" href=\"\/?page_id=8784\"><span class=\"w-btn-label\">Discover flamenco in M\u00e1laga<\/span><\/a><\/div><div class=\"w-btn-wrapper align_none\"><a class=\"w-btn us-btn-style_1\" target=\" _blank\" rel=\" nofollow noopener\" href=\"https:\/\/www.malagaguitarfestival.com\/\"><span class=\"w-btn-label\">See the official programme<\/span><\/a><\/div><\/div><\/div><\/div><\/div><\/div><\/div><\/section><section class=\"l-section wpb_row height_huge color_alternate with_shape\"><div class=\"l-section-shape type_zigzag pos_top\" style=\"height:3vmin;\"><svg xmlns=\"http:\/\/www.w3.org\/2000\/svg\" viewBox=\"0 0 64 8\" preserveAspectRatio=\"none\" width=\"100%\" height=\"100%\">\r\n\t<path fill=\"currentColor\" d=\"M64 8 L0 8 L0 0 L20 7.9 L40 3 L48 5 L64 0 Z\"\/>\r\n<\/svg><\/div><div class=\"l-section-h i-cf\"><div class=\"g-cols vc_row via_flex valign_top type_default stacking_default\"><div class=\"vc_col-sm-1\/5 wpb_column vc_column_container\"><div class=\"vc_column-inner\"><div class=\"wpb_wrapper\"><\/div><\/div><\/div><div class=\"vc_col-sm-3\/5 wpb_column vc_column_container\"><div class=\"vc_column-inner\"><div class=\"wpb_wrapper\"><div class=\"wpb_text_column\"><div class=\"wpb_wrapper\"><h2 id=\"faq\">Frequently asked questions about Trasnoches Flamencos 2026<\/h2>\n<\/div><\/div><div class=\"w-separator size_medium\"><\/div><div class=\"w-tabs accordion toggle_style_1 has_scrolling\" style=\"--sections-title-size:inherit;--sections-gap:0.5rem;\"><div class=\"w-tabs-sections titles-align_none icon_chevron cpos_right\"><div class=\"w-tabs-section\" id=\"f3bd\"><button type=\"button\" class=\"w-tabs-section-header\" aria-controls=\"content-f3bd\" aria-expanded=\"false\"><div class=\"w-tabs-section-title\">When is Trasnoches Flamencos 2026 held?<\/div><div class=\"w-tabs-section-control\"><\/div><\/button><div  class=\"w-tabs-section-content\" id=\"content-f3bd\"><div class=\"w-tabs-section-content-h i-cf\"><div class=\"wpb_text_column\"><div class=\"wpb_wrapper\"><p>The series runs from 4 to 26 September 2026 as part of the 5th M\u00e1laga Pepe Romero International Guitar Festival.<\/p>\n<\/div><\/div><\/div><\/div><\/div><div class=\"w-tabs-section\" id=\"n526\"><button type=\"button\" class=\"w-tabs-section-header\" aria-controls=\"content-n526\" aria-expanded=\"false\"><div class=\"w-tabs-section-title\">How many shows are in the series?<\/div><div class=\"w-tabs-section-control\"><\/div><\/button><div  class=\"w-tabs-section-content\" id=\"content-n526\"><div class=\"w-tabs-section-content-h i-cf\"><div class=\"wpb_text_column\"><div class=\"wpb_wrapper\"><p>There are seven events officially identified as Trasnoches Flamencos.<\/p>\n<\/div><\/div><\/div><\/div><\/div><div class=\"w-tabs-section\" id=\"p6a1\"><button type=\"button\" class=\"w-tabs-section-header\" aria-controls=\"content-p6a1\" aria-expanded=\"false\"><div class=\"w-tabs-section-title\">Where are the concerts held?<\/div><div class=\"w-tabs-section-control\"><\/div><\/button><div  class=\"w-tabs-section-content\" id=\"content-p6a1\"><div class=\"w-tabs-section-content-h i-cf\"><div class=\"wpb_text_column\"><div class=\"wpb_wrapper\"><p>At two venues in M\u00e1laga: the Fundaci\u00f3n Unicaja Mar\u00eda Cristina Hall and the Patio de Surtidores at the Alcazaba of M\u00e1laga.<\/p>\n<\/div><\/div><\/div><\/div><\/div><div class=\"w-tabs-section\" id=\"o80b\"><button type=\"button\" class=\"w-tabs-section-header\" aria-controls=\"content-o80b\" aria-expanded=\"false\"><div class=\"w-tabs-section-title\">How much do tickets cost?<\/div><div class=\"w-tabs-section-control\"><\/div><\/button><div  class=\"w-tabs-section-content\" id=\"content-o80b\"><div class=\"w-tabs-section-content-h i-cf\"><div class=\"wpb_text_column\"><div class=\"wpb_wrapper\"><p>Announced prices range from \u20ac10 to \u20ac18, depending on the concert.<\/p>\n<\/div><\/div><\/div><\/div><\/div><div class=\"w-tabs-section\" id=\"m938\"><button type=\"button\" class=\"w-tabs-section-header\" aria-controls=\"content-m938\" aria-expanded=\"false\"><div class=\"w-tabs-section-title\">Where can I buy tickets?<\/div><div class=\"w-tabs-section-control\"><\/div><\/button><div  class=\"w-tabs-section-content\" id=\"content-m938\"><div class=\"w-tabs-section-content-h i-cf\"><div class=\"wpb_text_column\"><div class=\"wpb_wrapper\"><p>The festival&#8217;s official website links ticket sales for all seven events to MiEntrada.<\/p>\n<\/div><\/div><\/div><\/div><\/div><div class=\"w-tabs-section\" id=\"wa62\"><button type=\"button\" class=\"w-tabs-section-header\" aria-controls=\"content-wa62\" aria-expanded=\"false\"><div class=\"w-tabs-section-title\">Are there flamenco singing and dance as well as guitar?<\/div><div class=\"w-tabs-section-control\"><\/div><\/button><div  class=\"w-tabs-section-content\" id=\"content-wa62\"><div class=\"w-tabs-section-content-h i-cf\"><div class=\"wpb_text_column\"><div class=\"wpb_wrapper\"><p>Yes. Although guitar is the central thread of the series, the opening features dance with Alejandro Hurtado and Inmaculada Salom\u00f3n, guest singers include Encarna Anillo and Jes\u00fas M\u00e9ndez, and Ricardo Fern\u00e1ndez del Moral presents both singing and guitar.<\/p>\n<\/div><\/div><\/div><\/div><\/div><\/div><\/div><\/div><\/div><\/div><div class=\"vc_col-sm-1\/5 wpb_column vc_column_container\"><div class=\"vc_column-inner\"><div class=\"wpb_wrapper\"><\/div><\/div><\/div><\/div><\/div><\/section>\n","protected":false},"excerpt":{"rendered":"<p>Trasnoches Flamencos 2026 brings seven flamenco guitar, singing and dance shows to M\u00e1laga from 4 to 26 September. See the programme, artists, times, venues, prices and tickets.<\/p>\n","protected":false},"author":1,"featured_media":14935,"comment_status":"closed","ping_status":"closed","sticky":false,"template":"","format":"standard","meta":{"_acf_changed":false,"wpai_generated_summary":"","_ayudawp_aiss_exclude":false,"_ayudawp_aiss_exclude_summary":false,"_ayudawp_aiss_summary":"","_ayudawp_aiss_summary_provider":"","_ayudawp_aiss_summary_hash":"","footnotes":""},"categories":[1667],"tags":[1235,1388,1389,1384],"class_list":["post-15160","post","type-post","status-publish","format-standard","has-post-thumbnail","hentry","category-flamenco-festivals","tag-festivales-flamencos","tag-flamenco-dance","tag-flamenco-guitar","tag-flamenco-singing"],"acf":[],"yoast_head":"<!-- This site is optimized with the Yoast SEO Premium plugin v28.4 (Yoast SEO v28.4) - https:\/\/yoast.com\/product\/yoast-seo-premium-wordpress\/ -->\n<title>Trasnoches Flamencos 2026 in M\u00e1laga: programme and tickets<\/title>\n<meta name=\"description\" content=\"Trasnoches Flamencos 2026 brings seven flamenco guitar, singing and dance shows to M\u00e1laga from 4 to 26 September. Programme, artists, venues and tickets.\" \/>\n<meta name=\"robots\" content=\"index, follow, max-snippet:-1, max-image-preview:large, max-video-preview:-1\" \/>\n<link rel=\"canonical\" href=\"https:\/\/www.tablaosflamencos.com\/en\/trasnoches-flamencos-2026-malaga-programme-tickets.html\" \/>\n<meta property=\"og:locale\" content=\"en_US\" \/>\n<meta property=\"og:type\" content=\"article\" \/>\n<meta property=\"og:title\" content=\"Trasnoches Flamencos 2026: seven nights of guitar, singing and dance in M\u00e1laga\" \/>\n<meta property=\"og:description\" content=\"Trasnoches Flamencos 2026 brings seven flamenco guitar, singing and dance shows to M\u00e1laga from 4 to 26 September. Programme, artists, venues and tickets.\" \/>\n<meta property=\"og:url\" content=\"https:\/\/www.tablaosflamencos.com\/en\/trasnoches-flamencos-2026-malaga-programme-tickets.html\" \/>\n<meta property=\"og:site_name\" content=\"Tablaos Flamencos\" \/>\n<meta property=\"article:publisher\" content=\"https:\/\/www.facebook.com\/tablaosflamencos\" \/>\n<meta property=\"article:published_time\" content=\"2026-09-06T14:53:49+00:00\" \/>\n<meta property=\"article:modified_time\" content=\"2026-09-06T17:53:21+00:00\" \/>\n<meta property=\"og:image\" content=\"https:\/\/www.tablaosflamencos.com\/wp-content\/uploads\/trasnoches-flamencos-2026-siete-citas-de-guitarra-cante-y-baile-en-malaga-01.webp\" \/>\n\t<meta property=\"og:image:width\" content=\"1672\" \/>\n\t<meta property=\"og:image:height\" content=\"941\" \/>\n\t<meta property=\"og:image:type\" content=\"image\/webp\" \/>\n<meta name=\"author\" content=\"Miguel Ortiz\" \/>\n<meta name=\"twitter:card\" content=\"summary_large_image\" \/>\n<meta name=\"twitter:creator\" content=\"@tablaosflamenco\" \/>\n<meta name=\"twitter:site\" content=\"@tablaosflamenco\" \/>\n<meta name=\"twitter:label1\" content=\"Written by\" \/>\n\t<meta name=\"twitter:data1\" content=\"Miguel Ortiz\" \/>\n\t<meta name=\"twitter:label2\" content=\"Est. reading time\" \/>\n\t<meta name=\"twitter:data2\" content=\"11 minutes\" \/>\n<script type=\"application\/ld+json\" class=\"yoast-schema-graph\">{\"@context\":\"https:\\\/\\\/schema.org\",\"@graph\":[{\"@type\":\"Article\",\"@id\":\"https:\\\/\\\/www.tablaosflamencos.com\\\/en\\\/trasnoches-flamencos-2026-malaga-programme-tickets.html#article\",\"isPartOf\":{\"@id\":\"https:\\\/\\\/www.tablaosflamencos.com\\\/en\\\/trasnoches-flamencos-2026-malaga-programme-tickets.html\"},\"author\":{\"name\":\"Miguel Ortiz\",\"@id\":\"https:\\\/\\\/www.tablaosflamencos.com\\\/en#\\\/schema\\\/person\\\/e7a9ebe14eb75a52ceabfbffb3c54f5d\"},\"headline\":\"Trasnoches Flamencos 2026: seven nights of guitar, singing and dance in M\u00e1laga\",\"datePublished\":\"2026-09-06T14:53:49+00:00\",\"dateModified\":\"2026-09-06T17:53:21+00:00\",\"mainEntityOfPage\":{\"@id\":\"https:\\\/\\\/www.tablaosflamencos.com\\\/en\\\/trasnoches-flamencos-2026-malaga-programme-tickets.html\"},\"wordCount\":2215,\"publisher\":{\"@id\":\"https:\\\/\\\/www.tablaosflamencos.com\\\/en#organization\"},\"image\":{\"@id\":\"https:\\\/\\\/www.tablaosflamencos.com\\\/en\\\/trasnoches-flamencos-2026-malaga-programme-tickets.html#primaryimage\"},\"thumbnailUrl\":\"https:\\\/\\\/www.tablaosflamencos.com\\\/wp-content\\\/uploads\\\/trasnoches-flamencos-2026-siete-citas-de-guitarra-cante-y-baile-en-malaga-01.webp\",\"keywords\":[\"festivales flamencos\",\"flamenco dance\",\"flamenco guitar\",\"flamenco singing\"],\"articleSection\":[\"Flamenco festivals\"],\"inLanguage\":\"en-US\"},{\"@type\":\"WebPage\",\"@id\":\"https:\\\/\\\/www.tablaosflamencos.com\\\/en\\\/trasnoches-flamencos-2026-malaga-programme-tickets.html\",\"url\":\"https:\\\/\\\/www.tablaosflamencos.com\\\/en\\\/trasnoches-flamencos-2026-malaga-programme-tickets.html\",\"name\":\"Trasnoches Flamencos 2026 in M\u00e1laga: programme and tickets\",\"isPartOf\":{\"@id\":\"https:\\\/\\\/www.tablaosflamencos.com\\\/en#website\"},\"primaryImageOfPage\":{\"@id\":\"https:\\\/\\\/www.tablaosflamencos.com\\\/en\\\/trasnoches-flamencos-2026-malaga-programme-tickets.html#primaryimage\"},\"image\":{\"@id\":\"https:\\\/\\\/www.tablaosflamencos.com\\\/en\\\/trasnoches-flamencos-2026-malaga-programme-tickets.html#primaryimage\"},\"thumbnailUrl\":\"https:\\\/\\\/www.tablaosflamencos.com\\\/wp-content\\\/uploads\\\/trasnoches-flamencos-2026-siete-citas-de-guitarra-cante-y-baile-en-malaga-01.webp\",\"datePublished\":\"2026-09-06T14:53:49+00:00\",\"dateModified\":\"2026-09-06T17:53:21+00:00\",\"description\":\"Trasnoches Flamencos 2026 brings seven flamenco guitar, singing and dance shows to M\u00e1laga from 4 to 26 September. Programme, artists, venues and tickets.\",\"breadcrumb\":{\"@id\":\"https:\\\/\\\/www.tablaosflamencos.com\\\/en\\\/trasnoches-flamencos-2026-malaga-programme-tickets.html#breadcrumb\"},\"inLanguage\":\"en-US\",\"potentialAction\":[{\"@type\":\"ReadAction\",\"target\":[\"https:\\\/\\\/www.tablaosflamencos.com\\\/en\\\/trasnoches-flamencos-2026-malaga-programme-tickets.html\"]}]},{\"@type\":\"ImageObject\",\"inLanguage\":\"en-US\",\"@id\":\"https:\\\/\\\/www.tablaosflamencos.com\\\/en\\\/trasnoches-flamencos-2026-malaga-programme-tickets.html#primaryimage\",\"url\":\"https:\\\/\\\/www.tablaosflamencos.com\\\/wp-content\\\/uploads\\\/trasnoches-flamencos-2026-siete-citas-de-guitarra-cante-y-baile-en-malaga-01.webp\",\"contentUrl\":\"https:\\\/\\\/www.tablaosflamencos.com\\\/wp-content\\\/uploads\\\/trasnoches-flamencos-2026-siete-citas-de-guitarra-cante-y-baile-en-malaga-01.webp\",\"width\":1672,\"height\":941,\"caption\":\"Trasnoches Flamencos 2026: siete citas de guitarra, cante y baile en M\u00e1laga\"},{\"@type\":\"BreadcrumbList\",\"@id\":\"https:\\\/\\\/www.tablaosflamencos.com\\\/en\\\/trasnoches-flamencos-2026-malaga-programme-tickets.html#breadcrumb\",\"itemListElement\":[{\"@type\":\"ListItem\",\"position\":1,\"name\":\"Home\",\"item\":\"https:\\\/\\\/www.tablaosflamencos.com\\\/en\"},{\"@type\":\"ListItem\",\"position\":2,\"name\":\"Trasnoches Flamencos 2026: seven nights of guitar, singing and dance in M\u00e1laga\"}]},{\"@type\":\"WebSite\",\"@id\":\"https:\\\/\\\/www.tablaosflamencos.com\\\/en#website\",\"url\":\"https:\\\/\\\/www.tablaosflamencos.com\\\/en\",\"name\":\"Tablaos Flamencos\",\"description\":\"Entradas para tablaos flamencos de Espa\u00f1a\",\"publisher\":{\"@id\":\"https:\\\/\\\/www.tablaosflamencos.com\\\/en#organization\"},\"alternateName\":\"Tablaos Flamencos\",\"potentialAction\":[{\"@type\":\"SearchAction\",\"target\":{\"@type\":\"EntryPoint\",\"urlTemplate\":\"https:\\\/\\\/www.tablaosflamencos.com\\\/en?s={search_term_string}\"},\"query-input\":{\"@type\":\"PropertyValueSpecification\",\"valueRequired\":true,\"valueName\":\"search_term_string\"}}],\"inLanguage\":\"en-US\"},{\"@type\":[\"Organization\",\"Place\",\"EntertainmentBusiness\"],\"@id\":\"https:\\\/\\\/www.tablaosflamencos.com\\\/en#organization\",\"name\":\"Tablaos Flamencos\",\"alternateName\":\"Tablaos Flamencos\",\"url\":\"https:\\\/\\\/www.tablaosflamencos.com\\\/en\",\"logo\":{\"@id\":\"https:\\\/\\\/www.tablaosflamencos.com\\\/en\\\/trasnoches-flamencos-2026-malaga-programme-tickets.html#local-main-organization-logo\"},\"image\":{\"@id\":\"https:\\\/\\\/www.tablaosflamencos.com\\\/en\\\/trasnoches-flamencos-2026-malaga-programme-tickets.html#local-main-organization-logo\"},\"sameAs\":[\"https:\\\/\\\/www.facebook.com\\\/tablaosflamencos\",\"https:\\\/\\\/x.com\\\/tablaosflamenco\",\"https:\\\/\\\/mastodon.social\\\/@tablaosflamencos\",\"https:\\\/\\\/www.instagram.com\\\/tablaosflamencos\",\"https:\\\/\\\/tiktok.com\\\/@tablaosflamencos\",\"https:\\\/\\\/www.linkedin.com\\\/company\\\/109408238\\\/\"],\"description\":\"Venta de entradas para espect\u00e1culos flamencos\",\"legalName\":\"Tablaos Flamencos\",\"foundingDate\":\"2015-01-01\",\"numberOfEmployees\":{\"@type\":\"QuantitativeValue\",\"minValue\":\"1\",\"maxValue\":\"10\"},\"address\":{\"@id\":\"https:\\\/\\\/www.tablaosflamencos.com\\\/en\\\/trasnoches-flamencos-2026-malaga-programme-tickets.html#local-main-place-address\"},\"geo\":{\"@type\":\"GeoCoordinates\",\"latitude\":\"37.3868072\",\"longitude\":\"-5.993280299999999\"},\"telephone\":[\"+34623787787\"],\"contactPoint\":{\"@type\":\"ContactPoint\",\"telephone\":\"+34623787787\",\"email\":\"info@tablaosflamencos.com\"},\"openingHoursSpecification\":{\"@type\":\"OpeningHoursSpecification\",\"dayOfWeek\":[\"Monday\",\"Tuesday\",\"Wednesday\",\"Thursday\",\"Friday\",\"Saturday\",\"Sunday\"],\"opens\":\"00:00\",\"closes\":\"23:59\"},\"email\":\"info@tablaosflamencos.com\",\"priceRange\":\"$$$\",\"currenciesAccepted\":\"\u20ac\"},{\"@type\":\"Person\",\"@id\":\"https:\\\/\\\/www.tablaosflamencos.com\\\/en#\\\/schema\\\/person\\\/e7a9ebe14eb75a52ceabfbffb3c54f5d\",\"name\":\"Miguel Ortiz\",\"description\":\"Miguel Ortiz es un empresario flamenco, con una s\u00f3lida trayectoria dentro del sector. Ha presidido entidades culturales vinculadas al flamenco y, cuenta con un amplio recorrido profesional en la gesti\u00f3n y promoci\u00f3n de espect\u00e1culos y tablaos flamencos. Su pasi\u00f3n por la historia y el arte flamenco se refleja en cada art\u00edculo, donde combina experiencia, criterio y un profundo respeto por la tradici\u00f3n.\",\"sameAs\":[\"https:\\\/\\\/www.tablaosflamencos.com\",\"https:\\\/\\\/www.instagra.com\\\/miguelortizfe\",\"https:\\\/\\\/www.linkedin.com\\\/in\\\/miguelortizf\\\/\"],\"birthDate\":\"1984-11-22\",\"gender\":\"hombre\",\"knowsLanguage\":[\"espa\u00f1ol\",\"ingl\u00e9s\"],\"jobTitle\":\"Empresario flamenco\"},{\"@type\":\"PostalAddress\",\"@id\":\"https:\\\/\\\/www.tablaosflamencos.com\\\/en\\\/trasnoches-flamencos-2026-malaga-programme-tickets.html#local-main-place-address\",\"streetAddress\":\"C\\\/ Alemanes, 19\",\"addressLocality\":\"Sevilla\",\"postalCode\":\"41004\",\"addressRegion\":\"Sevilla\",\"addressCountry\":\"ES\"},{\"@type\":\"ImageObject\",\"inLanguage\":\"en-US\",\"@id\":\"https:\\\/\\\/www.tablaosflamencos.com\\\/en\\\/trasnoches-flamencos-2026-malaga-programme-tickets.html#local-main-organization-logo\",\"url\":\"https:\\\/\\\/www.tablaosflamencos.com\\\/wp-content\\\/uploads\\\/tablaos-flamencos-06-3.webp\",\"contentUrl\":\"https:\\\/\\\/www.tablaosflamencos.com\\\/wp-content\\\/uploads\\\/tablaos-flamencos-06-3.webp\",\"width\":600,\"height\":620,\"caption\":\"Tablaos Flamencos\"}]}<\/script>\n<meta name=\"geo.placename\" content=\"Sevilla\" \/>\n<meta name=\"geo.position\" content=\"37.3868072;-5.993280299999999\" \/>\n<meta name=\"geo.region\" content=\"Spain\" \/>\n<!-- \/ Yoast SEO Premium plugin. -->","yoast_head_json":{"title":"Trasnoches Flamencos 2026 in M\u00e1laga: programme and tickets","description":"Trasnoches Flamencos 2026 brings seven flamenco guitar, singing and dance shows to M\u00e1laga from 4 to 26 September. Programme, artists, venues and tickets.","robots":{"index":"index","follow":"follow","max-snippet":"max-snippet:-1","max-image-preview":"max-image-preview:large","max-video-preview":"max-video-preview:-1"},"canonical":"https:\/\/www.tablaosflamencos.com\/en\/trasnoches-flamencos-2026-malaga-programme-tickets.html","og_locale":"en_US","og_type":"article","og_title":"Trasnoches Flamencos 2026: seven nights of guitar, singing and dance in M\u00e1laga","og_description":"Trasnoches Flamencos 2026 brings seven flamenco guitar, singing and dance shows to M\u00e1laga from 4 to 26 September. Programme, artists, venues and tickets.","og_url":"https:\/\/www.tablaosflamencos.com\/en\/trasnoches-flamencos-2026-malaga-programme-tickets.html","og_site_name":"Tablaos Flamencos","article_publisher":"https:\/\/www.facebook.com\/tablaosflamencos","article_published_time":"2026-09-06T14:53:49+00:00","article_modified_time":"2026-09-06T17:53:21+00:00","og_image":[{"width":1672,"height":941,"url":"https:\/\/www.tablaosflamencos.com\/wp-content\/uploads\/trasnoches-flamencos-2026-siete-citas-de-guitarra-cante-y-baile-en-malaga-01.webp","type":"image\/webp"}],"author":"Miguel Ortiz","twitter_card":"summary_large_image","twitter_creator":"@tablaosflamenco","twitter_site":"@tablaosflamenco","twitter_misc":{"Written by":"Miguel Ortiz","Est. reading time":"11 minutes"},"schema":{"@context":"https:\/\/schema.org","@graph":[{"@type":"Article","@id":"https:\/\/www.tablaosflamencos.com\/en\/trasnoches-flamencos-2026-malaga-programme-tickets.html#article","isPartOf":{"@id":"https:\/\/www.tablaosflamencos.com\/en\/trasnoches-flamencos-2026-malaga-programme-tickets.html"},"author":{"name":"Miguel Ortiz","@id":"https:\/\/www.tablaosflamencos.com\/en#\/schema\/person\/e7a9ebe14eb75a52ceabfbffb3c54f5d"},"headline":"Trasnoches Flamencos 2026: seven nights of guitar, singing and dance in M\u00e1laga","datePublished":"2026-09-06T14:53:49+00:00","dateModified":"2026-09-06T17:53:21+00:00","mainEntityOfPage":{"@id":"https:\/\/www.tablaosflamencos.com\/en\/trasnoches-flamencos-2026-malaga-programme-tickets.html"},"wordCount":2215,"publisher":{"@id":"https:\/\/www.tablaosflamencos.com\/en#organization"},"image":{"@id":"https:\/\/www.tablaosflamencos.com\/en\/trasnoches-flamencos-2026-malaga-programme-tickets.html#primaryimage"},"thumbnailUrl":"https:\/\/www.tablaosflamencos.com\/wp-content\/uploads\/trasnoches-flamencos-2026-siete-citas-de-guitarra-cante-y-baile-en-malaga-01.webp","keywords":["festivales flamencos","flamenco dance","flamenco guitar","flamenco singing"],"articleSection":["Flamenco festivals"],"inLanguage":"en-US"},{"@type":"WebPage","@id":"https:\/\/www.tablaosflamencos.com\/en\/trasnoches-flamencos-2026-malaga-programme-tickets.html","url":"https:\/\/www.tablaosflamencos.com\/en\/trasnoches-flamencos-2026-malaga-programme-tickets.html","name":"Trasnoches Flamencos 2026 in M\u00e1laga: programme and tickets","isPartOf":{"@id":"https:\/\/www.tablaosflamencos.com\/en#website"},"primaryImageOfPage":{"@id":"https:\/\/www.tablaosflamencos.com\/en\/trasnoches-flamencos-2026-malaga-programme-tickets.html#primaryimage"},"image":{"@id":"https:\/\/www.tablaosflamencos.com\/en\/trasnoches-flamencos-2026-malaga-programme-tickets.html#primaryimage"},"thumbnailUrl":"https:\/\/www.tablaosflamencos.com\/wp-content\/uploads\/trasnoches-flamencos-2026-siete-citas-de-guitarra-cante-y-baile-en-malaga-01.webp","datePublished":"2026-09-06T14:53:49+00:00","dateModified":"2026-09-06T17:53:21+00:00","description":"Trasnoches Flamencos 2026 brings seven flamenco guitar, singing and dance shows to M\u00e1laga from 4 to 26 September. Programme, artists, venues and tickets.","breadcrumb":{"@id":"https:\/\/www.tablaosflamencos.com\/en\/trasnoches-flamencos-2026-malaga-programme-tickets.html#breadcrumb"},"inLanguage":"en-US","potentialAction":[{"@type":"ReadAction","target":["https:\/\/www.tablaosflamencos.com\/en\/trasnoches-flamencos-2026-malaga-programme-tickets.html"]}]},{"@type":"ImageObject","inLanguage":"en-US","@id":"https:\/\/www.tablaosflamencos.com\/en\/trasnoches-flamencos-2026-malaga-programme-tickets.html#primaryimage","url":"https:\/\/www.tablaosflamencos.com\/wp-content\/uploads\/trasnoches-flamencos-2026-siete-citas-de-guitarra-cante-y-baile-en-malaga-01.webp","contentUrl":"https:\/\/www.tablaosflamencos.com\/wp-content\/uploads\/trasnoches-flamencos-2026-siete-citas-de-guitarra-cante-y-baile-en-malaga-01.webp","width":1672,"height":941,"caption":"Trasnoches Flamencos 2026: siete citas de guitarra, cante y baile en M\u00e1laga"},{"@type":"BreadcrumbList","@id":"https:\/\/www.tablaosflamencos.com\/en\/trasnoches-flamencos-2026-malaga-programme-tickets.html#breadcrumb","itemListElement":[{"@type":"ListItem","position":1,"name":"Home","item":"https:\/\/www.tablaosflamencos.com\/en"},{"@type":"ListItem","position":2,"name":"Trasnoches Flamencos 2026: seven nights of guitar, singing and dance in M\u00e1laga"}]},{"@type":"WebSite","@id":"https:\/\/www.tablaosflamencos.com\/en#website","url":"https:\/\/www.tablaosflamencos.com\/en","name":"Tablaos Flamencos","description":"Entradas para tablaos flamencos de Espa\u00f1a","publisher":{"@id":"https:\/\/www.tablaosflamencos.com\/en#organization"},"alternateName":"Tablaos Flamencos","potentialAction":[{"@type":"SearchAction","target":{"@type":"EntryPoint","urlTemplate":"https:\/\/www.tablaosflamencos.com\/en?s={search_term_string}"},"query-input":{"@type":"PropertyValueSpecification","valueRequired":true,"valueName":"search_term_string"}}],"inLanguage":"en-US"},{"@type":["Organization","Place","EntertainmentBusiness"],"@id":"https:\/\/www.tablaosflamencos.com\/en#organization","name":"Tablaos Flamencos","alternateName":"Tablaos Flamencos","url":"https:\/\/www.tablaosflamencos.com\/en","logo":{"@id":"https:\/\/www.tablaosflamencos.com\/en\/trasnoches-flamencos-2026-malaga-programme-tickets.html#local-main-organization-logo"},"image":{"@id":"https:\/\/www.tablaosflamencos.com\/en\/trasnoches-flamencos-2026-malaga-programme-tickets.html#local-main-organization-logo"},"sameAs":["https:\/\/www.facebook.com\/tablaosflamencos","https:\/\/x.com\/tablaosflamenco","https:\/\/mastodon.social\/@tablaosflamencos","https:\/\/www.instagram.com\/tablaosflamencos","https:\/\/tiktok.com\/@tablaosflamencos","https:\/\/www.linkedin.com\/company\/109408238\/"],"description":"Venta de entradas para espect\u00e1culos flamencos","legalName":"Tablaos Flamencos","foundingDate":"2015-01-01","numberOfEmployees":{"@type":"QuantitativeValue","minValue":"1","maxValue":"10"},"address":{"@id":"https:\/\/www.tablaosflamencos.com\/en\/trasnoches-flamencos-2026-malaga-programme-tickets.html#local-main-place-address"},"geo":{"@type":"GeoCoordinates","latitude":"37.3868072","longitude":"-5.993280299999999"},"telephone":["+34623787787"],"contactPoint":{"@type":"ContactPoint","telephone":"+34623787787","email":"info@tablaosflamencos.com"},"openingHoursSpecification":{"@type":"OpeningHoursSpecification","dayOfWeek":["Monday","Tuesday","Wednesday","Thursday","Friday","Saturday","Sunday"],"opens":"00:00","closes":"23:59"},"email":"info@tablaosflamencos.com","priceRange":"$$$","currenciesAccepted":"\u20ac"},{"@type":"Person","@id":"https:\/\/www.tablaosflamencos.com\/en#\/schema\/person\/e7a9ebe14eb75a52ceabfbffb3c54f5d","name":"Miguel Ortiz","description":"Miguel Ortiz es un empresario flamenco, con una s\u00f3lida trayectoria dentro del sector. Ha presidido entidades culturales vinculadas al flamenco y, cuenta con un amplio recorrido profesional en la gesti\u00f3n y promoci\u00f3n de espect\u00e1culos y tablaos flamencos. Su pasi\u00f3n por la historia y el arte flamenco se refleja en cada art\u00edculo, donde combina experiencia, criterio y un profundo respeto por la tradici\u00f3n.","sameAs":["https:\/\/www.tablaosflamencos.com","https:\/\/www.instagra.com\/miguelortizfe","https:\/\/www.linkedin.com\/in\/miguelortizf\/"],"birthDate":"1984-11-22","gender":"hombre","knowsLanguage":["espa\u00f1ol","ingl\u00e9s"],"jobTitle":"Empresario flamenco"},{"@type":"PostalAddress","@id":"https:\/\/www.tablaosflamencos.com\/en\/trasnoches-flamencos-2026-malaga-programme-tickets.html#local-main-place-address","streetAddress":"C\/ Alemanes, 19","addressLocality":"Sevilla","postalCode":"41004","addressRegion":"Sevilla","addressCountry":"ES"},{"@type":"ImageObject","inLanguage":"en-US","@id":"https:\/\/www.tablaosflamencos.com\/en\/trasnoches-flamencos-2026-malaga-programme-tickets.html#local-main-organization-logo","url":"https:\/\/www.tablaosflamencos.com\/wp-content\/uploads\/tablaos-flamencos-06-3.webp","contentUrl":"https:\/\/www.tablaosflamencos.com\/wp-content\/uploads\/tablaos-flamencos-06-3.webp","width":600,"height":620,"caption":"Tablaos Flamencos"}]},"geo.placename":"Sevilla","geo.position":{"lat":"37.3868072","long":"-5.993280299999999"},"geo.region":"Spain"},"_links":{"self":[{"href":"https:\/\/www.tablaosflamencos.com\/en\/wp-json\/wp\/v2\/posts\/15160","targetHints":{"allow":["GET"]}}],"collection":[{"href":"https:\/\/www.tablaosflamencos.com\/en\/wp-json\/wp\/v2\/posts"}],"about":[{"href":"https:\/\/www.tablaosflamencos.com\/en\/wp-json\/wp\/v2\/types\/post"}],"author":[{"embeddable":true,"href":"https:\/\/www.tablaosflamencos.com\/en\/wp-json\/wp\/v2\/users\/1"}],"replies":[{"embeddable":true,"href":"https:\/\/www.tablaosflamencos.com\/en\/wp-json\/wp\/v2\/comments?post=15160"}],"version-history":[{"count":1,"href":"https:\/\/www.tablaosflamencos.com\/en\/wp-json\/wp\/v2\/posts\/15160\/revisions"}],"predecessor-version":[{"id":15185,"href":"https:\/\/www.tablaosflamencos.com\/en\/wp-json\/wp\/v2\/posts\/15160\/revisions\/15185"}],"wp:featuredmedia":[{"embeddable":true,"href":"https:\/\/www.tablaosflamencos.com\/en\/wp-json\/wp\/v2\/media\/14935"}],"wp:attachment":[{"href":"https:\/\/www.tablaosflamencos.com\/en\/wp-json\/wp\/v2\/media?parent=15160"}],"wp:term":[{"taxonomy":"category","embeddable":true,"href":"https:\/\/www.tablaosflamencos.com\/en\/wp-json\/wp\/v2\/categories?post=15160"},{"taxonomy":"post_tag","embeddable":true,"href":"https:\/\/www.tablaosflamencos.com\/en\/wp-json\/wp\/v2\/tags?post=15160"}],"curies":[{"name":"wp","href":"https:\/\/api.w.org\/{rel}","templated":true}]}}