{"id":15046,"date":"2026-09-06T16:35:28","date_gmt":"2026-09-06T14:35:28","guid":{"rendered":"https:\/\/www.tablaosflamencos.com\/?p=15046"},"modified":"2026-09-06T19:42:00","modified_gmt":"2026-09-06T17:42:00","slug":"things-to-do-jerez-during-jerez-fusion-2026","status":"publish","type":"post","link":"https:\/\/www.tablaosflamencos.com\/en\/things-to-do-jerez-during-jerez-fusion-2026.html","title":{"rendered":"Things to do in Jerez during Jerez Fusi\u00f3n 2026"},"content":{"rendered":"<section class=\"l-section wpb_row height_huge\"><div class=\"l-section-h i-cf\"><div class=\"g-cols vc_row via_flex valign_top type_default stacking_default\"><div class=\"vc_col-sm-6 wpb_column vc_column_container\"><div class=\"vc_column-inner\"><div class=\"wpb_wrapper\"><div class=\"wpb_text_column\"><div class=\"wpb_wrapper\"><p>Jerez Fusi\u00f3n 2026 takes place from 10 to 13 September, at one of the busiest times in Jerez de la Frontera&#8217;s calendar. The festival coincides with the final days of the Fiestas de la Vendimia, the grape harvest celebrations, with wine activities, flamenco, exhibitions and cultural events across the city. There is also the 7th World Working Equitation Championship and, on Thursday 10 September, the arrival of a La Vuelta time trial in Jerez.<\/p>\n<p>This makes the trip about much more than concerts. With good planning, you can combine Jerez Fusi\u00f3n with a winery visit, a walk through the historic centre, a flamenco evening, a harvest festival activity or an equestrian outing. The key is to avoid trying to fit everything in and, above all, to pay attention to travel restrictions on Thursday 10 September.<\/p>\n<\/div><\/div><\/div><\/div><\/div><div class=\"vc_col-sm-6 wpb_column vc_column_container\"><div class=\"vc_column-inner\"><div class=\"wpb_wrapper\"><div class=\"wpb_text_column\"><div class=\"wpb_wrapper\"><blockquote>\n<p><strong>Quick answer:<\/strong> during Jerez Fusi\u00f3n 2026, combine the festival programme with the grape harvest celebrations, the historic centre and Jerez&#8217;s wine culture, flamenco outside the festival and, if horses interest you, the World Working Equitation Championship. Saturday 12 also features the Verbena Flamenca de la Asunci\u00f3n, with free admission until capacity is reached. Major road closures for La Vuelta are expected on Thursday 10, so walk around the centre and allow time between activities.<\/p>\n<\/blockquote>\n<p><strong>Last updated:<\/strong> 5 September 2026. Times and activities may change; check official information before travelling.<\/p>\n<\/div><\/div><\/div><\/div><\/div><\/div><\/div><\/section><section class=\"l-section wpb_row height_huge color_alternate with_shape\"><div class=\"l-section-shape type_zigzag pos_top hor_flip\" style=\"height:3vmin;\"><svg xmlns=\"http:\/\/www.w3.org\/2000\/svg\" viewBox=\"0 0 64 8\" preserveAspectRatio=\"none\" width=\"100%\" height=\"100%\">\r\n\t<path fill=\"currentColor\" d=\"M64 8 L0 8 L0 0 L20 7.9 L40 3 L48 5 L64 0 Z\"\/>\r\n<\/svg><\/div><div class=\"l-section-shape type_zigzag pos_bottom\" style=\"height:3vmin;\"><svg xmlns=\"http:\/\/www.w3.org\/2000\/svg\" viewBox=\"0 0 64 8\" preserveAspectRatio=\"none\" width=\"100%\" height=\"100%\">\r\n\t<path fill=\"currentColor\" d=\"M64 8 L0 8 L0 0 L20 7.9 L40 3 L48 5 L64 0 Z\"\/>\r\n<\/svg><\/div><div class=\"l-section-h i-cf\"><div class=\"g-cols vc_row via_flex valign_top type_default stacking_default\"><div class=\"vc_col-sm-3 wpb_column vc_column_container\"><div class=\"vc_column-inner\"><div class=\"wpb_wrapper\"><\/div><\/div><\/div><div class=\"vc_col-sm-6 wpb_column vc_column_container\"><div class=\"vc_column-inner\"><div class=\"wpb_wrapper\"><div class=\"wpb_text_column\"><div class=\"wpb_wrapper\"><h2>Contents of this guide<\/h2>\n<ul>\n<li><a href=\"#fin-de-semana-especial\">Why this weekend is special<\/a><\/li>\n<li><a href=\"#jueves-10\">Thursday 10: La Vuelta, wine and the start of Jerez Fusi\u00f3n<\/a><\/li>\n<li><a href=\"#viernes-11\">Friday 11: the festival and harvest celebrations<\/a><\/li>\n<li><a href=\"#sabado-12\">Saturday 12: vineyards, the festival and a flamenco street celebration<\/a><\/li>\n<li><a href=\"#domingo-13\">Sunday 13: the final day of Jerez Fusi\u00f3n and the harvest festivities<\/a><\/li>\n<li><a href=\"#centro-historico\">What to see in the historic centre between concerts<\/a><\/li>\n<li><a href=\"#jerez-del-vino\">How to explore Jerez&#8217;s wine culture<\/a><\/li>\n<li><a href=\"#mas-flamenco\">Where to see more flamenco during the festival<\/a><\/li>\n<li><a href=\"#caballo\">Horses as an alternative outing<\/a><\/li>\n<li><a href=\"#consejos\">Travel and booking tips<\/a><\/li>\n<li><a href=\"#itinerarios\">Suggested itineraries<\/a><\/li>\n<li><a href=\"#faq\">Frequently asked questions<\/a><\/li>\n<\/ul>\n<\/div><\/div><\/div><\/div><\/div><div class=\"vc_col-sm-3 wpb_column vc_column_container\"><div class=\"vc_column-inner\"><div class=\"wpb_wrapper\"><\/div><\/div><\/div><\/div><\/div><\/section><section class=\"l-section wpb_row height_huge\"><div class=\"l-section-h i-cf\"><div class=\"g-cols vc_row via_flex valign_top type_default stacking_default\"><div class=\"vc_col-sm-12 wpb_column vc_column_container\"><div class=\"vc_column-inner\"><div class=\"wpb_wrapper\"><div class=\"wpb_text_column\"><div class=\"wpb_wrapper\"><h2 id=\"fin-de-semana-especial\">Why Jerez Fusi\u00f3n coincides with an especially eventful weekend<\/h2>\n<p>Jerez Fusi\u00f3n does not take place in an ordinary week. Its four days, from Thursday 10 to Sunday 13 September, coincide with the end of the 2026 Jerez grape harvest festivities, which began on 29 August and bring together more than a hundred activities in dozens of venues across the city.<\/p>\n<p>The overlap is particularly interesting because the two programmes complement each other. Jerez Fusi\u00f3n offers a contemporary perspective that brings together flamenco, other music and sherry; the harvest festivities extend that connection with wine to tastings, walks, exhibitions, family activities and events in the centre and other neighbourhoods.<\/p>\n<p>If you are travelling specifically for the festival, we recommend making Jerez Fusi\u00f3n the backbone of your trip and choosing one or two additional activities each day. Trying to attend everything would be impossible and would leave less time for the city itself.<\/p>\n<p>If you have not yet checked the line-up, dates and practical details, start with our <a href=\"https:\/\/www.tablaosflamencos.com\/en\/jerez-fusion-2026-dates-programme.html\">complete guide to Jerez Fusi\u00f3n 2026<\/a>. This article answers a different question: what to do with the free hours before, between or after festival activities.<\/p>\n<\/div><\/div><\/div><\/div><\/div><\/div><\/div><\/section><section class=\"l-section wpb_row height_huge color_alternate with_shape\"><div class=\"l-section-shape type_zigzag pos_top hor_flip\" style=\"height:3vmin;\"><svg xmlns=\"http:\/\/www.w3.org\/2000\/svg\" viewBox=\"0 0 64 8\" preserveAspectRatio=\"none\" width=\"100%\" height=\"100%\">\r\n\t<path fill=\"currentColor\" d=\"M64 8 L0 8 L0 0 L20 7.9 L40 3 L48 5 L64 0 Z\"\/>\r\n<\/svg><\/div><div class=\"l-section-shape type_zigzag pos_bottom\" style=\"height:3vmin;\"><svg xmlns=\"http:\/\/www.w3.org\/2000\/svg\" viewBox=\"0 0 64 8\" preserveAspectRatio=\"none\" width=\"100%\" height=\"100%\">\r\n\t<path fill=\"currentColor\" d=\"M64 8 L0 8 L0 0 L20 7.9 L40 3 L48 5 L64 0 Z\"\/>\r\n<\/svg><\/div><div class=\"l-section-h i-cf\"><div class=\"g-cols vc_row via_flex valign_top type_default stacking_default\"><div class=\"vc_col-sm-12 wpb_column vc_column_container\"><div class=\"vc_column-inner\"><div class=\"wpb_wrapper\"><div class=\"wpb_text_column\"><div class=\"wpb_wrapper\"><h2 id=\"jueves-10\">Thursday 10 September: a day that calls for careful travel planning<\/h2>\n<p>The first day of Jerez Fusi\u00f3n will also be the most challenging for getting around. On Thursday 10 September, stage 18 of La Vuelta Ciclista a Espa\u00f1a arrives in Jerez: an individual time trial between El Puerto de Santa Mar\u00eda and Jerez.<\/p>\n<p>The municipal arrangements include significant traffic restrictions for much of the day, with the urban course closed from approximately 11:00 to 18:00 and additional measures around the finish. If you arrive in Jerez on Thursday, do not plan as though it were a normal day.<\/p>\n<p>Our recommendation is clear: if your accommodation is in or within reasonable distance of the centre, prioritise walking. If you arrive by car, confirm access to your hotel, car park or entry route in advance, and avoid tightly scheduled bookings.<\/p>\n<p>Once you have dealt with those logistics, Thursday offers a very Jerez-style combination. The municipal harvest programme includes the <strong>Desaf\u00edo Cata a Ciegas blind tasting challenge<\/strong> from 12:00, with qualifying rounds on Thursday and Friday, while Jerez Fusi\u00f3n appears in the municipal calendar from 15:00.<\/p>\n<p>The evening brings one of the most interesting events for anyone wanting to spend a few hours exploring wine: <strong>De Copa en Copa<\/strong>, at the Claustros de Santo Domingo, starts at 20:30 and runs until midnight. It features wines from the Jerez-X\u00e9r\u00e8s-Sherry and Manzanilla-Sanl\u00facar de Barrameda designations, offering a chance to sample different wineries.<\/p>\n<p>The best combination depends on the exact times of your Jerez Fusi\u00f3n activities. If they overlap, prioritise the festival; De Copa en Copa is an alternative if you have a free evening slot or prefer a more wine-focused experience.<\/p>\n<\/div><\/div><\/div><\/div><\/div><\/div><\/div><\/section><section class=\"l-section wpb_row height_huge\"><div class=\"l-section-h i-cf\"><div class=\"g-cols vc_row via_flex valign_top type_default stacking_default\"><div class=\"vc_col-sm-12 wpb_column vc_column_container\"><div class=\"vc_column-inner\"><div class=\"wpb_wrapper\"><div class=\"wpb_text_column\"><div class=\"wpb_wrapper\"><h2 id=\"viernes-11\">Friday 11: enjoy Jerez without filling every minute<\/h2>\n<p>Friday is probably one of the best days to combine the festival with the city. Jerez Fusi\u00f3n presents concerts, masterclasses, showcases, round tables, exhibitions and other activities, while the harvest celebrations continue.<\/p>\n<p>Avoid the mistake of planning an overambitious sightseeing itinerary. Jerez is best enjoyed on foot, and many experiences are more rewarding with time to spare: stopping in a square, entering a tabanco wine bar, having a glass of fino or amontillado, discovering a church or sitting down to eat without turning every hour into a race.<\/p>\n<p>If you have a free morning, explore the monuments of the historic centre. The Alc\u00e1zar of Jerez, the Cathedral and the streets linking Plaza del Arenal with Santiago and San Miguel make for a rich visit without travelling far.<\/p>\n<p>Another option is to book a winery tour. Jerez is more than a city that produces wine: its urban landscape, winery architecture and commercial history are closely linked to the criaderas and solera ageing system. A guided tour helps explain why wine is such a natural part of Jerez Fusi\u00f3n&#8217;s concept.<\/p>\n<p>The harvest calendar also announces a <strong>Mercadillo de la Vendimia harvest market<\/strong> on Friday 11 from 19:00. If your schedule allows, it could make a brief extra stop before returning to the main programme.<\/p>\n<\/div><\/div><\/div><\/div><\/div><\/div><\/div><\/section><section class=\"l-section wpb_row height_huge color_alternate with_shape\"><div class=\"l-section-shape type_zigzag pos_top hor_flip\" style=\"height:3vmin;\"><svg xmlns=\"http:\/\/www.w3.org\/2000\/svg\" viewBox=\"0 0 64 8\" preserveAspectRatio=\"none\" width=\"100%\" height=\"100%\">\r\n\t<path fill=\"currentColor\" d=\"M64 8 L0 8 L0 0 L20 7.9 L40 3 L48 5 L64 0 Z\"\/>\r\n<\/svg><\/div><div class=\"l-section-shape type_zigzag pos_bottom\" style=\"height:3vmin;\"><svg xmlns=\"http:\/\/www.w3.org\/2000\/svg\" viewBox=\"0 0 64 8\" preserveAspectRatio=\"none\" width=\"100%\" height=\"100%\">\r\n\t<path fill=\"currentColor\" d=\"M64 8 L0 8 L0 0 L20 7.9 L40 3 L48 5 L64 0 Z\"\/>\r\n<\/svg><\/div><div class=\"l-section-h i-cf\"><div class=\"g-cols vc_row via_flex valign_top type_default stacking_default\"><div class=\"vc_col-sm-12 wpb_column vc_column_container\"><div class=\"vc_column-inner\"><div class=\"wpb_wrapper\"><div class=\"wpb_text_column\"><div class=\"wpb_wrapper\"><h2 id=\"sabado-12\">Saturday 12: vineyards in the morning and neighbourhood flamenco at night<\/h2>\n<p>Saturday offers some of the best opportunities to expand your trip beyond the festival.<\/p>\n<p>At 10:00, the programme includes the <strong>II Ruta entre Vi\u00f1as vineyard walk<\/strong>, an opportunity to discover the wine-growing landscape around Jerez. If you take part, allow enough time to return and continue with Jerez Fusi\u00f3n: a vineyard outing should not become a rushed activity.<\/p>\n<p>The harvest programme also includes the <strong>XI Concurso de Venencia Infantil children&#8217;s wine-pouring competition<\/strong> at 11:30 and the final of the blind tasting challenge. These illustrate how wine culture in Jerez extends far beyond tourist winery visits.<\/p>\n<p>But Saturday&#8217;s great additional outing for flamenco lovers comes at night. The <strong>Verbena Flamenca de la Asunci\u00f3n<\/strong> takes place on 12 September from 20:00, opposite La Asunci\u00f3n shopping centre, with free admission until capacity is reached.<\/p>\n<p>The singers are Antonio Flores U\u00f1o, Eva del Cristo, \u00c1ngel Rayo, Jos\u00e9 de la Lela, Mar\u00eda Jos\u00e9 Bernal, Pesca\u00edlla de Jerez, Juan de la Mar\u00eda and Luis Moneo. Guitarists include Agust\u00edn de la Fuente, Manuel Jero, Jes\u00fas Agarrado \u201cEl Guardia\u201d, Jes\u00fas Rodr\u00edguez, Juan Manuel Moneo and Santiago Moreno, with Jos\u00e9 de Cantarote and \u00c1ngel Pe\u00f1a providing rhythmic handclaps.<\/p>\n<p>Do not assume that the Verbena will automatically fit around any Saturday Jerez Fusi\u00f3n performance. Check times and distances first. If your evening is free, however, it is an excellent chance to experience flamenco in a very different setting: a neighbourhood gathering in an area with a strong flamenco identity.<\/p>\n<p>If your priority is to hear more flamenco in Jerez during these days, see our guide to <a href=\"https:\/\/www.tablaosflamencos.com\/en\/where-to-see-flamenco-jerez-during-jerez-fusion.html\">where to see flamenco in Jerez during Jerez Fusi\u00f3n<\/a>.<\/p>\n<\/div><\/div><\/div><\/div><\/div><\/div><\/div><\/section><section class=\"l-section wpb_row height_huge\"><div class=\"l-section-h i-cf\"><div class=\"g-cols vc_row via_flex valign_top type_default stacking_default\"><div class=\"vc_col-sm-12 wpb_column vc_column_container\"><div class=\"vc_column-inner\"><div class=\"wpb_wrapper\"><div class=\"wpb_text_column\"><div class=\"wpb_wrapper\"><h2 id=\"domingo-13\">Sunday 13: farewell to the festival and the harvest celebrations<\/h2>\n<p>Sunday 13 is the last day of both Jerez Fusi\u00f3n and the grape harvest festivities. It also marks the end of the 7th World Working Equitation Championship at the Royal Andalusian School of Equestrian Art.<\/p>\n<p>That makes Sunday a good opportunity to choose one last outing according to your interests. If you have devoted most of the previous days to music, set aside the morning for the historic centre. If you have already explored the city, equestrian activities offer a distinctly Jerez alternative. And if the festival remains your priority, avoid unnecessary commitments and enjoy its closing programme.<\/p>\n<p>It could also be a good day for an unhurried lunch and local food paired with wines from the sherry region. After four busy days, keeping some time free may be wiser than adding another visit.<\/p>\n<\/div><\/div><\/div><\/div><\/div><\/div><\/div><\/section><section class=\"l-section wpb_row height_huge color_alternate with_shape\"><div class=\"l-section-shape type_zigzag pos_top hor_flip\" style=\"height:3vmin;\"><svg xmlns=\"http:\/\/www.w3.org\/2000\/svg\" viewBox=\"0 0 64 8\" preserveAspectRatio=\"none\" width=\"100%\" height=\"100%\">\r\n\t<path fill=\"currentColor\" d=\"M64 8 L0 8 L0 0 L20 7.9 L40 3 L48 5 L64 0 Z\"\/>\r\n<\/svg><\/div><div class=\"l-section-shape type_zigzag pos_bottom\" style=\"height:3vmin;\"><svg xmlns=\"http:\/\/www.w3.org\/2000\/svg\" viewBox=\"0 0 64 8\" preserveAspectRatio=\"none\" width=\"100%\" height=\"100%\">\r\n\t<path fill=\"currentColor\" d=\"M64 8 L0 8 L0 0 L20 7.9 L40 3 L48 5 L64 0 Z\"\/>\r\n<\/svg><\/div><div class=\"l-section-h i-cf\"><div class=\"g-cols vc_row via_flex valign_top type_default stacking_default\"><div class=\"vc_col-sm-12 wpb_column vc_column_container\"><div class=\"vc_column-inner\"><div class=\"wpb_wrapper\"><div class=\"wpb_text_column\"><div class=\"wpb_wrapper\"><h2 id=\"centro-historico\">What to see in the historic centre between concerts<\/h2>\n<p>One of Jerez&#8217;s strengths is that many of its sights can be included in a fairly compact walk.<\/p>\n<p>The Alc\u00e1zar is one of the city&#8217;s major monuments and provides insight into Jerez&#8217;s history long before its modern wine industry. The Cathedral is nearby, and from there it is easy to continue to Plaza del Arenal, Plaza de la Asunci\u00f3n and the old town&#8217;s streets.<\/p>\n<p>For a flamenco trip, two neighbourhoods are particularly important: <strong>Santiago and San Miguel<\/strong>. These are not themed sets or areas created for visitors. They are essential to understanding the human geography of Jerez flamenco and its connections with families, artists and traditions of transmission that have shaped the history of singing and dance.<\/p>\n<p>It is also worth visiting the <strong>Lola Flores Cultural Centre<\/strong> if it fits your schedule. It is especially relevant on a trip inspired by Jerez Fusi\u00f3n, connecting the festival&#8217;s contemporary experience with one of the city&#8217;s most widely recognised popular artists.<\/p>\n<p>Always check current opening hours for monuments and cultural venues before setting out, especially on Sunday.<\/p>\n<\/div><\/div><\/div><\/div><\/div><\/div><\/div><\/section><section class=\"l-section wpb_row height_huge\"><div class=\"l-section-h i-cf\"><div class=\"g-cols vc_row via_flex valign_top type_default stacking_default\"><div class=\"vc_col-sm-12 wpb_column vc_column_container\"><div class=\"vc_column-inner\"><div class=\"wpb_wrapper\"><div class=\"wpb_text_column\"><div class=\"wpb_wrapper\"><h2 id=\"jerez-del-vino\">How to explore Jerez&#8217;s wine culture during the festival<\/h2>\n<p>In Jerez, wine should not be treated as a tourist extra unrelated to flamenco. It is part of the cultural landscape behind the festival itself.<\/p>\n<p>There are three different ways to discover it.<\/p>\n<p><strong>1. Visit a winery.<\/strong> This is the most educational way to understand ageing and the criaderas and solera system. Book ahead, particularly on such a busy weekend.<\/p>\n<p><strong>2. Join the special harvest festivities.<\/strong> De Copa en Copa is the clearest example during Jerez Fusi\u00f3n: a wine event at the Claustros de Santo Domingo where you can compare wines from different wineries.<\/p>\n<p><strong>3. Visit a tabanco.<\/strong> These small establishments are part of Jerez&#8217;s distinctive urban culture, bringing together wine, conversation and, sometimes, flamenco. Not all offer daily performances, so check ahead if you want live music.<\/p>\n<p>The best approach is to give each experience a different role, rather than choose between a winery, a tabanco and the festival. The winery helps you understand wine; the tabanco reveals its everyday role; Jerez Fusi\u00f3n explores its relationship with contemporary artistic expression.<\/p>\n<\/div><\/div><\/div><\/div><\/div><\/div><\/div><\/section><section class=\"l-section wpb_row height_huge color_alternate with_shape\"><div class=\"l-section-shape type_zigzag pos_top hor_flip\" style=\"height:3vmin;\"><svg xmlns=\"http:\/\/www.w3.org\/2000\/svg\" viewBox=\"0 0 64 8\" preserveAspectRatio=\"none\" width=\"100%\" height=\"100%\">\r\n\t<path fill=\"currentColor\" d=\"M64 8 L0 8 L0 0 L20 7.9 L40 3 L48 5 L64 0 Z\"\/>\r\n<\/svg><\/div><div class=\"l-section-shape type_zigzag pos_bottom\" style=\"height:3vmin;\"><svg xmlns=\"http:\/\/www.w3.org\/2000\/svg\" viewBox=\"0 0 64 8\" preserveAspectRatio=\"none\" width=\"100%\" height=\"100%\">\r\n\t<path fill=\"currentColor\" d=\"M64 8 L0 8 L0 0 L20 7.9 L40 3 L48 5 L64 0 Z\"\/>\r\n<\/svg><\/div><div class=\"l-section-h i-cf\"><div class=\"g-cols vc_row via_flex valign_top type_default stacking_default\"><div class=\"vc_col-sm-12 wpb_column vc_column_container\"><div class=\"vc_column-inner\"><div class=\"wpb_wrapper\"><div class=\"wpb_text_column\"><div class=\"wpb_wrapper\"><h2 id=\"mas-flamenco\">Where to see more flamenco during Jerez Fusi\u00f3n<\/h2>\n<p>Jerez Fusi\u00f3n is rooted in flamenco, but that does not mean it encompasses all the city&#8217;s flamenco offerings.<\/p>\n<p>For an established experience that you can book in advance, see our page on <a href=\"https:\/\/www.tablaosflamencos.com\/en\/flamenco-in-jerez\">flamenco in Jerez<\/a>. Options include <a href=\"https:\/\/www.tablaosflamencos.com\/en\/tablao\/tablao-flamenco-puro-arte\">Tablao Flamenco Puro Arte<\/a>, housed in a historic winery and offering singing, guitar and dance performances designed to bring you close to the stage.<\/p>\n<p>This can be particularly useful if you arrive a day early, stay after the festival or have a free evening that does not fit the events that interest you most.<\/p>\n<p>On Saturday, the Verbena Flamenca de la Asunci\u00f3n adds a completely different format: neighbourhood flamenco open to the city, with free admission until capacity is reached.<\/p>\n<p>We recommend avoiding a competition between \u201cfestival\u201d and \u201cauthentic flamenco\u201d. They are different settings. Jerez Fusi\u00f3n explores artistic crossovers, new forms and connections with wine; a tablao offers professional continuity and intimacy; a neighbourhood flamenco celebration offers another way to share in singing and guitar.<\/p>\n<\/div><\/div><\/div><\/div><\/div><\/div><\/div><\/section><section class=\"l-section wpb_row height_huge\"><div class=\"l-section-h i-cf\"><div class=\"g-cols vc_row via_flex valign_top type_default stacking_default\"><div class=\"vc_col-sm-12 wpb_column vc_column_container\"><div class=\"vc_column-inner\"><div class=\"wpb_wrapper\"><div class=\"wpb_text_column\"><div class=\"wpb_wrapper\"><h2 id=\"caballo\">Horses: the major alternative outing from 8 to 13 September<\/h2>\n<p>Jerez is also one of Spain&#8217;s great equestrian capitals. During the festival dates, the Royal Andalusian School of Equestrian Art hosts the <strong>7th World Working Equitation Championship<\/strong>, from 8 to 13 September.<\/p>\n<p>Spain is hosting this championship for the first time, with 74 horse-and-rider combinations from 22 countries. For visitors interested in horses, this is an exceptional coincidence.<\/p>\n<p>Your trip need not focus on horses for this to be worthwhile. As Jerez Fusi\u00f3n takes up much of the afternoons and evenings, a daytime competition or activity can complement it well.<\/p>\n<p>Buy or confirm admission in advance and check the Royal School&#8217;s official programme. The activities and times differ from day to day.<\/p>\n<\/div><\/div><\/div><\/div><\/div><\/div><\/div><\/section><section class=\"l-section wpb_row height_huge color_alternate with_shape\"><div class=\"l-section-shape type_zigzag pos_top hor_flip\" style=\"height:3vmin;\"><svg xmlns=\"http:\/\/www.w3.org\/2000\/svg\" viewBox=\"0 0 64 8\" preserveAspectRatio=\"none\" width=\"100%\" height=\"100%\">\r\n\t<path fill=\"currentColor\" d=\"M64 8 L0 8 L0 0 L20 7.9 L40 3 L48 5 L64 0 Z\"\/>\r\n<\/svg><\/div><div class=\"l-section-shape type_zigzag pos_bottom\" style=\"height:3vmin;\"><svg xmlns=\"http:\/\/www.w3.org\/2000\/svg\" viewBox=\"0 0 64 8\" preserveAspectRatio=\"none\" width=\"100%\" height=\"100%\">\r\n\t<path fill=\"currentColor\" d=\"M64 8 L0 8 L0 0 L20 7.9 L40 3 L48 5 L64 0 Z\"\/>\r\n<\/svg><\/div><div class=\"l-section-h i-cf\"><div class=\"g-cols vc_row via_flex valign_top type_default stacking_default\"><div class=\"vc_col-sm-12 wpb_column vc_column_container\"><div class=\"vc_column-inner\"><div class=\"wpb_wrapper\"><div class=\"wpb_text_column\"><div class=\"wpb_wrapper\"><h2 id=\"consejos\">Practical tips: accommodation, bookings and getting around<\/h2>\n<p>Several events likely to increase demand coincide over these four days. Jerez Fusi\u00f3n, the end of the harvest celebrations, the equestrian championship and La Vuelta bring visitors and activity to the city.<\/p>\n<ul>\n<li><strong>Choose a practical location.<\/strong> If you have not booked accommodation yet, staying near the centre can reduce travel and be especially useful on Thursday 10.<\/li>\n<li><strong>Book in advance.<\/strong> Restaurants, wineries, guided tours and performances with limited capacity may fill up.<\/li>\n<li><strong>Allow time between activities.<\/strong> A queue, a leisurely meal, a venue change or the city&#8217;s atmosphere itself can disrupt an overly tight itinerary.<\/li>\n<li><strong>Check travel arrangements for Thursday 10.<\/strong> La Vuelta will affect traffic for several hours. Check the latest restrictions before setting out.<\/li>\n<li><strong>Avoid relying on a car in the centre.<\/strong> Whenever the distance allows, walking will be the simplest option at the busiest times.<\/li>\n<\/ul>\n<\/div><\/div><\/div><\/div><\/div><\/div><\/div><\/section><section class=\"l-section wpb_row height_huge\"><div class=\"l-section-h i-cf\"><div class=\"g-cols vc_row via_flex valign_top type_default stacking_default\"><div class=\"vc_col-sm-12 wpb_column vc_column_container\"><div class=\"vc_column-inner\"><div class=\"wpb_wrapper\"><div class=\"wpb_text_column\"><div class=\"wpb_wrapper\"><h2 id=\"itinerarios\">Suggested itineraries for the time you have<\/h2>\n<h3>If you only have one day<\/h3>\n<p>Choose your must-see Jerez Fusi\u00f3n activity first. Then add a walk through the historic centre and a wine experience. If time allows, finish with flamenco or a harvest festival activity.<\/p>\n<h3>If you have two days<\/h3>\n<p>Devote one to the festival and historic centre, and the other to wine and flamenco. A morning winery visit, lunch in the centre, a Jerez Fusi\u00f3n activity in the afternoon and flamenco at night make a full day without leaving the city.<\/p>\n<h3>If you are staying all four days<\/h3>\n<p>Vary your plans. Alternate the festival, old town, winery, tabanco, regular flamenco performances, harvest celebrations and horses. Jerez has enough variety to give each day its own character.<\/p>\n<p><strong>Our suggestion for Saturday 12:<\/strong> a morning devoted to wine or vineyards, an afternoon at Jerez Fusi\u00f3n and the Verbena Flamenca de la Asunci\u00f3n only if the festival schedule lets you get there without rushing.<\/p>\n<p><strong>For Sunday 13:<\/strong> a lighter day: the historic centre or an equestrian activity in the morning, a relaxed lunch and a farewell with Jerez Fusi\u00f3n&#8217;s closing programme.<\/p>\n<\/div><\/div><\/div><\/div><\/div><\/div><\/div><\/section><section class=\"l-section wpb_row height_huge color_alternate with_shape\"><div class=\"l-section-shape type_zigzag pos_top hor_flip\" style=\"height:3vmin;\"><svg xmlns=\"http:\/\/www.w3.org\/2000\/svg\" viewBox=\"0 0 64 8\" preserveAspectRatio=\"none\" width=\"100%\" height=\"100%\">\r\n\t<path fill=\"currentColor\" d=\"M64 8 L0 8 L0 0 L20 7.9 L40 3 L48 5 L64 0 Z\"\/>\r\n<\/svg><\/div><div class=\"l-section-shape type_zigzag pos_bottom\" style=\"height:3vmin;\"><svg xmlns=\"http:\/\/www.w3.org\/2000\/svg\" viewBox=\"0 0 64 8\" preserveAspectRatio=\"none\" width=\"100%\" height=\"100%\">\r\n\t<path fill=\"currentColor\" d=\"M64 8 L0 8 L0 0 L20 7.9 L40 3 L48 5 L64 0 Z\"\/>\r\n<\/svg><\/div><div class=\"l-section-h i-cf\"><div class=\"g-cols vc_row via_flex valign_top type_default stacking_default\"><div class=\"vc_col-sm-12 wpb_column vc_column_container\"><div class=\"vc_column-inner\"><div class=\"wpb_wrapper\"><div class=\"wpb_text_column\"><div class=\"wpb_wrapper\"><h2>Jerez Fusi\u00f3n as a reason to discover the city<\/h2>\n<p>A good festival should not mean spending four days shut away in venues. Jerez Fusi\u00f3n has a special advantage: it takes place in a city where its three main themes\u2014flamenco, wine and culture\u2014also exist beyond the programme.<\/p>\n<p>Spending a few hours away from the festival does not mean missing out. It may help you understand it better.<\/p>\n<p>Hearing flamenco in another setting, visiting a winery, walking through Santiago or San Miguel, tasting wine in a tabanco or seeing how horses form part of local identity lets you return to Jerez Fusi\u00f3n with greater context.<\/p>\n<p>If you are travelling from 10 to 13 September, build a flexible itinerary. Book what you really do not want to miss and leave room for Jerez. On these dates, the city itself offers a parallel programme.<\/p>\n<\/div><\/div><\/div><\/div><\/div><\/div><\/div><\/section><section class=\"l-section wpb_row height_huge\"><div class=\"l-section-h i-cf\"><div class=\"g-cols vc_row via_flex valign_top type_default stacking_default\"><div class=\"vc_col-sm-1\/5 wpb_column vc_column_container\"><div class=\"vc_column-inner\"><div class=\"wpb_wrapper\"><\/div><\/div><\/div><div class=\"vc_col-sm-3\/5 wpb_column vc_column_container\"><div class=\"vc_column-inner\"><div class=\"wpb_wrapper\"><div class=\"wpb_text_column\"><div class=\"wpb_wrapper\"><h2 id=\"faq\">Frequently asked questions about things to do in Jerez during Jerez Fusi\u00f3n 2026<\/h2>\n<\/div><\/div><div class=\"w-tabs accordion toggle_style_1 has_scrolling\" style=\"--sections-title-size:inherit;--sections-gap:0.5rem;\"><div class=\"w-tabs-sections titles-align_none icon_plus cpos_left\"><div class=\"w-tabs-section\" id=\"jerez-planes-faq-1\"><button type=\"button\" class=\"w-tabs-section-header\" aria-controls=\"content-jerez-planes-faq-1\" aria-expanded=\"false\"><h3 class=\"w-tabs-section-title\">When is Jerez Fusi\u00f3n 2026?<\/h3><div class=\"w-tabs-section-control\"><\/div><\/button><div  class=\"w-tabs-section-content\" id=\"content-jerez-planes-faq-1\"><div class=\"w-tabs-section-content-h i-cf\"><div class=\"wpb_text_column\"><div class=\"wpb_wrapper\"><p>Jerez Fusi\u00f3n takes place from Thursday 10 to Sunday 13 September 2026 in Jerez de la Frontera. The festival combines music and wine, with activities in several venues and spaces.<\/p>\n<\/div><\/div><\/div><\/div><\/div><div class=\"w-tabs-section\" id=\"jerez-planes-faq-2\"><button type=\"button\" class=\"w-tabs-section-header\" aria-controls=\"content-jerez-planes-faq-2\" aria-expanded=\"false\"><h3 class=\"w-tabs-section-title\">What other events coincide with Jerez Fusi\u00f3n?<\/h3><div class=\"w-tabs-section-control\"><\/div><\/button><div  class=\"w-tabs-section-content\" id=\"content-jerez-planes-faq-2\"><div class=\"w-tabs-section-content-h i-cf\"><div class=\"wpb_text_column\"><div class=\"wpb_wrapper\"><p>The final four days of the 2026 grape harvest festivities, the 7th World Working Equitation Championship and, on Thursday 10, the arrival of a La Vuelta Ciclista a Espa\u00f1a time trial in Jerez.<\/p>\n<\/div><\/div><\/div><\/div><\/div><div class=\"w-tabs-section\" id=\"jerez-planes-faq-3\"><button type=\"button\" class=\"w-tabs-section-header\" aria-controls=\"content-jerez-planes-faq-3\" aria-expanded=\"false\"><h3 class=\"w-tabs-section-title\">Will there be traffic problems during Jerez Fusi\u00f3n?<\/h3><div class=\"w-tabs-section-control\"><\/div><\/button><div  class=\"w-tabs-section-content\" id=\"content-jerez-planes-faq-3\"><div class=\"w-tabs-section-content-h i-cf\"><div class=\"wpb_text_column\"><div class=\"wpb_wrapper\"><p>Thursday 10 September will be the most difficult day because of La Vuelta. The announced arrangements include closures and restrictions for several hours. Check the latest municipal information and walk around the centre whenever possible.<\/p>\n<\/div><\/div><\/div><\/div><\/div><div class=\"w-tabs-section\" id=\"jerez-planes-faq-4\"><button type=\"button\" class=\"w-tabs-section-header\" aria-controls=\"content-jerez-planes-faq-4\" aria-expanded=\"false\"><h3 class=\"w-tabs-section-title\">Is there flamenco outside Jerez Fusi\u00f3n on those dates?<\/h3><div class=\"w-tabs-section-control\"><\/div><\/button><div  class=\"w-tabs-section-content\" id=\"content-jerez-planes-faq-4\"><div class=\"w-tabs-section-content-h i-cf\"><div class=\"wpb_text_column\"><div class=\"wpb_wrapper\"><p>Yes. Alongside Jerez&#8217;s regular flamenco offerings, the Verbena Flamenca de la Asunci\u00f3n takes place on Saturday 12, with free admission until capacity is reached. You can also book shows at venues with regular programmes.<\/p>\n<\/div><\/div><\/div><\/div><\/div><div class=\"w-tabs-section\" id=\"jerez-planes-faq-5\"><button type=\"button\" class=\"w-tabs-section-header\" aria-controls=\"content-jerez-planes-faq-5\" aria-expanded=\"false\"><h3 class=\"w-tabs-section-title\">Is a winery visit worthwhile during the festival?<\/h3><div class=\"w-tabs-section-control\"><\/div><\/button><div  class=\"w-tabs-section-content\" id=\"content-jerez-planes-faq-5\"><div class=\"w-tabs-section-content-h i-cf\"><div class=\"wpb_text_column\"><div class=\"wpb_wrapper\"><p>Yes, especially on your first visit to Jerez. A winery helps explain the ageing system and wine culture that form part of Jerez Fusi\u00f3n&#8217;s concept. Book your visit in advance.<\/p>\n<\/div><\/div><\/div><\/div><\/div><div class=\"w-tabs-section\" id=\"jerez-planes-faq-6\"><button type=\"button\" class=\"w-tabs-section-header\" aria-controls=\"content-jerez-planes-faq-6\" aria-expanded=\"false\"><h3 class=\"w-tabs-section-title\">What can I do on Saturday 12 September?<\/h3><div class=\"w-tabs-section-control\"><\/div><\/button><div  class=\"w-tabs-section-content\" id=\"content-jerez-planes-faq-6\"><div class=\"w-tabs-section-content-h i-cf\"><div class=\"wpb_text_column\"><div class=\"wpb_wrapper\"><p>Alongside Jerez Fusi\u00f3n, the harvest programme includes the II Ruta entre Vi\u00f1as vineyard walk, the children&#8217;s venencia competition and the blind tasting challenge final. The Verbena Flamenca de la Asunci\u00f3n takes place at night.<\/p>\n<\/div><\/div><\/div><\/div><\/div><div class=\"w-tabs-section\" id=\"jerez-planes-faq-7\"><button type=\"button\" class=\"w-tabs-section-header\" aria-controls=\"content-jerez-planes-faq-7\" aria-expanded=\"false\"><h3 class=\"w-tabs-section-title\">What can I do on Sunday 13?<\/h3><div class=\"w-tabs-section-control\"><\/div><\/button><div  class=\"w-tabs-section-content\" id=\"content-jerez-planes-faq-7\"><div class=\"w-tabs-section-content-h i-cf\"><div class=\"wpb_text_column\"><div class=\"wpb_wrapper\"><p>Sunday is the final day of Jerez Fusi\u00f3n, the harvest festivities and the World Working Equitation Championship. Depending on available times, combine the festival with the historic centre, a relaxed lunch or an equestrian activity.<\/p>\n<\/div><\/div><\/div><\/div><\/div><div class=\"w-tabs-section\" id=\"jerez-planes-faq-8\"><button type=\"button\" class=\"w-tabs-section-header\" aria-controls=\"content-jerez-planes-faq-8\" aria-expanded=\"false\"><h3 class=\"w-tabs-section-title\">Where can I find the complete Jerez Fusi\u00f3n programme?<\/h3><div class=\"w-tabs-section-control\"><\/div><\/button><div  class=\"w-tabs-section-content\" id=\"content-jerez-planes-faq-8\"><div class=\"w-tabs-section-content-h i-cf\"><div class=\"wpb_text_column\"><div class=\"wpb_wrapper\"><p>Our <a href=\"https:\/\/www.tablaosflamencos.com\/en\/jerez-fusion-2026-dates-programme.html\">Jerez Fusi\u00f3n 2026 guide<\/a> brings together the festival&#8217;s key information. For last-minute changes, also check the event&#8217;s official channels.<\/p>\n<\/div><\/div><\/div><\/div><\/div><\/div><\/div><\/div><\/div><\/div><div class=\"vc_col-sm-1\/5 wpb_column vc_column_container\"><div class=\"vc_column-inner\"><div class=\"wpb_wrapper\"><\/div><\/div><\/div><\/div><\/div><\/section>\n","protected":false},"excerpt":{"rendered":"<p>Plan your Jerez Fusi\u00f3n 2026 trip with flamenco, wine, harvest festivities, the historic centre, horses and practical travel tips for 10\u201313 September.<\/p>\n","protected":false},"author":1,"featured_media":15120,"comment_status":"closed","ping_status":"closed","sticky":false,"template":"","format":"standard","meta":{"_acf_changed":false,"wpai_generated_summary":"","_ayudawp_aiss_exclude":false,"_ayudawp_aiss_exclude_summary":false,"_ayudawp_aiss_summary":"","_ayudawp_aiss_summary_provider":"","_ayudawp_aiss_summary_hash":"","footnotes":""},"categories":[353,1667],"tags":[1235,2011,1065,2012,2013],"class_list":["post-15046","post","type-post","status-publish","format-standard","has-post-thumbnail","hentry","category-flamenco-by-city","category-flamenco-festivals","tag-festivales-flamencos","tag-flamenco-in-jerez","tag-jerez-de-la-frontera","tag-jerez-fusion-en","tag-jerez-fusion-2026-en"],"acf":[],"yoast_head":"<!-- This site is optimized with the Yoast SEO Premium plugin v28.4 (Yoast SEO v28.4) - https:\/\/yoast.com\/product\/yoast-seo-premium-wordpress\/ -->\n<title>Things to do in Jerez during Jerez Fusi\u00f3n 2026<\/title>\n<meta name=\"description\" content=\"Discover things to do in Jerez during Jerez Fusi\u00f3n 2026: wine, flamenco, harvest celebrations, sightseeing and practical tips for 10\u201313 September.\" \/>\n<meta name=\"robots\" content=\"index, follow, max-snippet:-1, max-image-preview:large, max-video-preview:-1\" \/>\n<link rel=\"canonical\" href=\"https:\/\/www.tablaosflamencos.com\/en\/things-to-do-jerez-during-jerez-fusion-2026.html\" \/>\n<meta property=\"og:locale\" content=\"en_US\" \/>\n<meta property=\"og:type\" content=\"article\" \/>\n<meta property=\"og:title\" content=\"Things to do in Jerez during Jerez Fusi\u00f3n 2026\" \/>\n<meta property=\"og:description\" content=\"Discover things to do in Jerez during Jerez Fusi\u00f3n 2026: wine, flamenco, harvest celebrations, sightseeing and practical tips for 10\u201313 September.\" \/>\n<meta property=\"og:url\" content=\"https:\/\/www.tablaosflamencos.com\/en\/things-to-do-jerez-during-jerez-fusion-2026.html\" \/>\n<meta property=\"og:site_name\" content=\"Tablaos Flamencos\" \/>\n<meta property=\"article:publisher\" content=\"https:\/\/www.facebook.com\/tablaosflamencos\" \/>\n<meta property=\"article:published_time\" content=\"2026-09-06T14:35:28+00:00\" \/>\n<meta property=\"article:modified_time\" content=\"2026-09-06T17:42:00+00:00\" \/>\n<meta property=\"og:image\" content=\"https:\/\/www.tablaosflamencos.com\/wp-content\/uploads\/Things-to-do-in-Jerez-during-Jerez-Fusion-2026.webp\" \/>\n\t<meta property=\"og:image:width\" content=\"1536\" \/>\n\t<meta property=\"og:image:height\" content=\"1024\" \/>\n\t<meta property=\"og:image:type\" content=\"image\/webp\" \/>\n<meta name=\"author\" content=\"Miguel Ortiz\" \/>\n<meta name=\"twitter:card\" content=\"summary_large_image\" \/>\n<meta name=\"twitter:creator\" content=\"@tablaosflamenco\" \/>\n<meta name=\"twitter:site\" content=\"@tablaosflamenco\" \/>\n<meta name=\"twitter:label1\" content=\"Written by\" \/>\n\t<meta name=\"twitter:data1\" content=\"Miguel Ortiz\" \/>\n\t<meta name=\"twitter:label2\" content=\"Est. reading time\" \/>\n\t<meta name=\"twitter:data2\" content=\"18 minutes\" \/>\n<script type=\"application\/ld+json\" class=\"yoast-schema-graph\">{\"@context\":\"https:\\\/\\\/schema.org\",\"@graph\":[{\"@type\":\"Article\",\"@id\":\"https:\\\/\\\/www.tablaosflamencos.com\\\/en\\\/things-to-do-jerez-during-jerez-fusion-2026.html#article\",\"isPartOf\":{\"@id\":\"https:\\\/\\\/www.tablaosflamencos.com\\\/en\\\/things-to-do-jerez-during-jerez-fusion-2026.html\"},\"author\":{\"name\":\"Miguel Ortiz\",\"@id\":\"https:\\\/\\\/www.tablaosflamencos.com\\\/en#\\\/schema\\\/person\\\/e7a9ebe14eb75a52ceabfbffb3c54f5d\"},\"headline\":\"Things to do in Jerez during Jerez Fusi\u00f3n 2026\",\"datePublished\":\"2026-09-06T14:35:28+00:00\",\"dateModified\":\"2026-09-06T17:42:00+00:00\",\"mainEntityOfPage\":{\"@id\":\"https:\\\/\\\/www.tablaosflamencos.com\\\/en\\\/things-to-do-jerez-during-jerez-fusion-2026.html\"},\"wordCount\":3545,\"publisher\":{\"@id\":\"https:\\\/\\\/www.tablaosflamencos.com\\\/en#organization\"},\"image\":{\"@id\":\"https:\\\/\\\/www.tablaosflamencos.com\\\/en\\\/things-to-do-jerez-during-jerez-fusion-2026.html#primaryimage\"},\"thumbnailUrl\":\"https:\\\/\\\/www.tablaosflamencos.com\\\/wp-content\\\/uploads\\\/Things-to-do-in-Jerez-during-Jerez-Fusion-2026.webp\",\"keywords\":[\"festivales flamencos\",\"flamenco in Jerez\",\"Jerez de la Frontera\",\"Jerez Fusi\u00f3n\",\"Jerez Fusi\u00f3n 2026\"],\"articleSection\":[\"Flamenco by city\",\"Flamenco festivals\"],\"inLanguage\":\"en-US\"},{\"@type\":\"WebPage\",\"@id\":\"https:\\\/\\\/www.tablaosflamencos.com\\\/en\\\/things-to-do-jerez-during-jerez-fusion-2026.html\",\"url\":\"https:\\\/\\\/www.tablaosflamencos.com\\\/en\\\/things-to-do-jerez-during-jerez-fusion-2026.html\",\"name\":\"Things to do in Jerez during Jerez Fusi\u00f3n 2026\",\"isPartOf\":{\"@id\":\"https:\\\/\\\/www.tablaosflamencos.com\\\/en#website\"},\"primaryImageOfPage\":{\"@id\":\"https:\\\/\\\/www.tablaosflamencos.com\\\/en\\\/things-to-do-jerez-during-jerez-fusion-2026.html#primaryimage\"},\"image\":{\"@id\":\"https:\\\/\\\/www.tablaosflamencos.com\\\/en\\\/things-to-do-jerez-during-jerez-fusion-2026.html#primaryimage\"},\"thumbnailUrl\":\"https:\\\/\\\/www.tablaosflamencos.com\\\/wp-content\\\/uploads\\\/Things-to-do-in-Jerez-during-Jerez-Fusion-2026.webp\",\"datePublished\":\"2026-09-06T14:35:28+00:00\",\"dateModified\":\"2026-09-06T17:42:00+00:00\",\"description\":\"Discover things to do in Jerez during Jerez Fusi\u00f3n 2026: wine, flamenco, harvest celebrations, sightseeing and practical tips for 10\u201313 September.\",\"breadcrumb\":{\"@id\":\"https:\\\/\\\/www.tablaosflamencos.com\\\/en\\\/things-to-do-jerez-during-jerez-fusion-2026.html#breadcrumb\"},\"inLanguage\":\"en-US\",\"potentialAction\":[{\"@type\":\"ReadAction\",\"target\":[\"https:\\\/\\\/www.tablaosflamencos.com\\\/en\\\/things-to-do-jerez-during-jerez-fusion-2026.html\"]}]},{\"@type\":\"ImageObject\",\"inLanguage\":\"en-US\",\"@id\":\"https:\\\/\\\/www.tablaosflamencos.com\\\/en\\\/things-to-do-jerez-during-jerez-fusion-2026.html#primaryimage\",\"url\":\"https:\\\/\\\/www.tablaosflamencos.com\\\/wp-content\\\/uploads\\\/Things-to-do-in-Jerez-during-Jerez-Fusion-2026.webp\",\"contentUrl\":\"https:\\\/\\\/www.tablaosflamencos.com\\\/wp-content\\\/uploads\\\/Things-to-do-in-Jerez-during-Jerez-Fusion-2026.webp\",\"width\":1536,\"height\":1024,\"caption\":\"Things to do in Jerez during Jerez Fusi\u00f3n 2026\"},{\"@type\":\"BreadcrumbList\",\"@id\":\"https:\\\/\\\/www.tablaosflamencos.com\\\/en\\\/things-to-do-jerez-during-jerez-fusion-2026.html#breadcrumb\",\"itemListElement\":[{\"@type\":\"ListItem\",\"position\":1,\"name\":\"Home\",\"item\":\"https:\\\/\\\/www.tablaosflamencos.com\\\/en\"},{\"@type\":\"ListItem\",\"position\":2,\"name\":\"Things to do in Jerez during Jerez Fusi\u00f3n 2026\"}]},{\"@type\":\"WebSite\",\"@id\":\"https:\\\/\\\/www.tablaosflamencos.com\\\/en#website\",\"url\":\"https:\\\/\\\/www.tablaosflamencos.com\\\/en\",\"name\":\"Tablaos Flamencos\",\"description\":\"Entradas para tablaos flamencos de Espa\u00f1a\",\"publisher\":{\"@id\":\"https:\\\/\\\/www.tablaosflamencos.com\\\/en#organization\"},\"alternateName\":\"Tablaos Flamencos\",\"potentialAction\":[{\"@type\":\"SearchAction\",\"target\":{\"@type\":\"EntryPoint\",\"urlTemplate\":\"https:\\\/\\\/www.tablaosflamencos.com\\\/en?s={search_term_string}\"},\"query-input\":{\"@type\":\"PropertyValueSpecification\",\"valueRequired\":true,\"valueName\":\"search_term_string\"}}],\"inLanguage\":\"en-US\"},{\"@type\":[\"Organization\",\"Place\",\"EntertainmentBusiness\"],\"@id\":\"https:\\\/\\\/www.tablaosflamencos.com\\\/en#organization\",\"name\":\"Tablaos Flamencos\",\"alternateName\":\"Tablaos Flamencos\",\"url\":\"https:\\\/\\\/www.tablaosflamencos.com\\\/en\",\"logo\":{\"@id\":\"https:\\\/\\\/www.tablaosflamencos.com\\\/en\\\/things-to-do-jerez-during-jerez-fusion-2026.html#local-main-organization-logo\"},\"image\":{\"@id\":\"https:\\\/\\\/www.tablaosflamencos.com\\\/en\\\/things-to-do-jerez-during-jerez-fusion-2026.html#local-main-organization-logo\"},\"sameAs\":[\"https:\\\/\\\/www.facebook.com\\\/tablaosflamencos\",\"https:\\\/\\\/x.com\\\/tablaosflamenco\",\"https:\\\/\\\/mastodon.social\\\/@tablaosflamencos\",\"https:\\\/\\\/www.instagram.com\\\/tablaosflamencos\",\"https:\\\/\\\/tiktok.com\\\/@tablaosflamencos\",\"https:\\\/\\\/www.linkedin.com\\\/company\\\/109408238\\\/\"],\"description\":\"Venta de entradas para espect\u00e1culos flamencos\",\"legalName\":\"Tablaos Flamencos\",\"foundingDate\":\"2015-01-01\",\"numberOfEmployees\":{\"@type\":\"QuantitativeValue\",\"minValue\":\"1\",\"maxValue\":\"10\"},\"address\":{\"@id\":\"https:\\\/\\\/www.tablaosflamencos.com\\\/en\\\/things-to-do-jerez-during-jerez-fusion-2026.html#local-main-place-address\"},\"geo\":{\"@type\":\"GeoCoordinates\",\"latitude\":\"37.3868072\",\"longitude\":\"-5.993280299999999\"},\"telephone\":[\"+34623787787\"],\"contactPoint\":{\"@type\":\"ContactPoint\",\"telephone\":\"+34623787787\",\"email\":\"info@tablaosflamencos.com\"},\"openingHoursSpecification\":{\"@type\":\"OpeningHoursSpecification\",\"dayOfWeek\":[\"Monday\",\"Tuesday\",\"Wednesday\",\"Thursday\",\"Friday\",\"Saturday\",\"Sunday\"],\"opens\":\"00:00\",\"closes\":\"23:59\"},\"email\":\"info@tablaosflamencos.com\",\"priceRange\":\"$$$\",\"currenciesAccepted\":\"\u20ac\"},{\"@type\":\"Person\",\"@id\":\"https:\\\/\\\/www.tablaosflamencos.com\\\/en#\\\/schema\\\/person\\\/e7a9ebe14eb75a52ceabfbffb3c54f5d\",\"name\":\"Miguel Ortiz\",\"description\":\"Miguel Ortiz es un empresario flamenco, con una s\u00f3lida trayectoria dentro del sector. Ha presidido entidades culturales vinculadas al flamenco y, cuenta con un amplio recorrido profesional en la gesti\u00f3n y promoci\u00f3n de espect\u00e1culos y tablaos flamencos. Su pasi\u00f3n por la historia y el arte flamenco se refleja en cada art\u00edculo, donde combina experiencia, criterio y un profundo respeto por la tradici\u00f3n.\",\"sameAs\":[\"https:\\\/\\\/www.tablaosflamencos.com\",\"https:\\\/\\\/www.instagra.com\\\/miguelortizfe\",\"https:\\\/\\\/www.linkedin.com\\\/in\\\/miguelortizf\\\/\"],\"birthDate\":\"1984-11-22\",\"gender\":\"hombre\",\"knowsLanguage\":[\"espa\u00f1ol\",\"ingl\u00e9s\"],\"jobTitle\":\"Empresario flamenco\"},{\"@type\":\"PostalAddress\",\"@id\":\"https:\\\/\\\/www.tablaosflamencos.com\\\/en\\\/things-to-do-jerez-during-jerez-fusion-2026.html#local-main-place-address\",\"streetAddress\":\"C\\\/ Alemanes, 19\",\"addressLocality\":\"Sevilla\",\"postalCode\":\"41004\",\"addressRegion\":\"Sevilla\",\"addressCountry\":\"ES\"},{\"@type\":\"ImageObject\",\"inLanguage\":\"en-US\",\"@id\":\"https:\\\/\\\/www.tablaosflamencos.com\\\/en\\\/things-to-do-jerez-during-jerez-fusion-2026.html#local-main-organization-logo\",\"url\":\"https:\\\/\\\/www.tablaosflamencos.com\\\/wp-content\\\/uploads\\\/tablaos-flamencos-06-3.webp\",\"contentUrl\":\"https:\\\/\\\/www.tablaosflamencos.com\\\/wp-content\\\/uploads\\\/tablaos-flamencos-06-3.webp\",\"width\":600,\"height\":620,\"caption\":\"Tablaos Flamencos\"}]}<\/script>\n<meta name=\"geo.placename\" content=\"Sevilla\" \/>\n<meta name=\"geo.position\" content=\"37.3868072;-5.993280299999999\" \/>\n<meta name=\"geo.region\" content=\"Spain\" \/>\n<!-- \/ Yoast SEO Premium plugin. -->","yoast_head_json":{"title":"Things to do in Jerez during Jerez Fusi\u00f3n 2026","description":"Discover things to do in Jerez during Jerez Fusi\u00f3n 2026: wine, flamenco, harvest celebrations, sightseeing and practical tips for 10\u201313 September.","robots":{"index":"index","follow":"follow","max-snippet":"max-snippet:-1","max-image-preview":"max-image-preview:large","max-video-preview":"max-video-preview:-1"},"canonical":"https:\/\/www.tablaosflamencos.com\/en\/things-to-do-jerez-during-jerez-fusion-2026.html","og_locale":"en_US","og_type":"article","og_title":"Things to do in Jerez during Jerez Fusi\u00f3n 2026","og_description":"Discover things to do in Jerez during Jerez Fusi\u00f3n 2026: wine, flamenco, harvest celebrations, sightseeing and practical tips for 10\u201313 September.","og_url":"https:\/\/www.tablaosflamencos.com\/en\/things-to-do-jerez-during-jerez-fusion-2026.html","og_site_name":"Tablaos Flamencos","article_publisher":"https:\/\/www.facebook.com\/tablaosflamencos","article_published_time":"2026-09-06T14:35:28+00:00","article_modified_time":"2026-09-06T17:42:00+00:00","og_image":[{"width":1536,"height":1024,"url":"https:\/\/www.tablaosflamencos.com\/wp-content\/uploads\/Things-to-do-in-Jerez-during-Jerez-Fusion-2026.webp","type":"image\/webp"}],"author":"Miguel Ortiz","twitter_card":"summary_large_image","twitter_creator":"@tablaosflamenco","twitter_site":"@tablaosflamenco","twitter_misc":{"Written by":"Miguel Ortiz","Est. reading time":"18 minutes"},"schema":{"@context":"https:\/\/schema.org","@graph":[{"@type":"Article","@id":"https:\/\/www.tablaosflamencos.com\/en\/things-to-do-jerez-during-jerez-fusion-2026.html#article","isPartOf":{"@id":"https:\/\/www.tablaosflamencos.com\/en\/things-to-do-jerez-during-jerez-fusion-2026.html"},"author":{"name":"Miguel Ortiz","@id":"https:\/\/www.tablaosflamencos.com\/en#\/schema\/person\/e7a9ebe14eb75a52ceabfbffb3c54f5d"},"headline":"Things to do in Jerez during Jerez Fusi\u00f3n 2026","datePublished":"2026-09-06T14:35:28+00:00","dateModified":"2026-09-06T17:42:00+00:00","mainEntityOfPage":{"@id":"https:\/\/www.tablaosflamencos.com\/en\/things-to-do-jerez-during-jerez-fusion-2026.html"},"wordCount":3545,"publisher":{"@id":"https:\/\/www.tablaosflamencos.com\/en#organization"},"image":{"@id":"https:\/\/www.tablaosflamencos.com\/en\/things-to-do-jerez-during-jerez-fusion-2026.html#primaryimage"},"thumbnailUrl":"https:\/\/www.tablaosflamencos.com\/wp-content\/uploads\/Things-to-do-in-Jerez-during-Jerez-Fusion-2026.webp","keywords":["festivales flamencos","flamenco in Jerez","Jerez de la Frontera","Jerez Fusi\u00f3n","Jerez Fusi\u00f3n 2026"],"articleSection":["Flamenco by city","Flamenco festivals"],"inLanguage":"en-US"},{"@type":"WebPage","@id":"https:\/\/www.tablaosflamencos.com\/en\/things-to-do-jerez-during-jerez-fusion-2026.html","url":"https:\/\/www.tablaosflamencos.com\/en\/things-to-do-jerez-during-jerez-fusion-2026.html","name":"Things to do in Jerez during Jerez Fusi\u00f3n 2026","isPartOf":{"@id":"https:\/\/www.tablaosflamencos.com\/en#website"},"primaryImageOfPage":{"@id":"https:\/\/www.tablaosflamencos.com\/en\/things-to-do-jerez-during-jerez-fusion-2026.html#primaryimage"},"image":{"@id":"https:\/\/www.tablaosflamencos.com\/en\/things-to-do-jerez-during-jerez-fusion-2026.html#primaryimage"},"thumbnailUrl":"https:\/\/www.tablaosflamencos.com\/wp-content\/uploads\/Things-to-do-in-Jerez-during-Jerez-Fusion-2026.webp","datePublished":"2026-09-06T14:35:28+00:00","dateModified":"2026-09-06T17:42:00+00:00","description":"Discover things to do in Jerez during Jerez Fusi\u00f3n 2026: wine, flamenco, harvest celebrations, sightseeing and practical tips for 10\u201313 September.","breadcrumb":{"@id":"https:\/\/www.tablaosflamencos.com\/en\/things-to-do-jerez-during-jerez-fusion-2026.html#breadcrumb"},"inLanguage":"en-US","potentialAction":[{"@type":"ReadAction","target":["https:\/\/www.tablaosflamencos.com\/en\/things-to-do-jerez-during-jerez-fusion-2026.html"]}]},{"@type":"ImageObject","inLanguage":"en-US","@id":"https:\/\/www.tablaosflamencos.com\/en\/things-to-do-jerez-during-jerez-fusion-2026.html#primaryimage","url":"https:\/\/www.tablaosflamencos.com\/wp-content\/uploads\/Things-to-do-in-Jerez-during-Jerez-Fusion-2026.webp","contentUrl":"https:\/\/www.tablaosflamencos.com\/wp-content\/uploads\/Things-to-do-in-Jerez-during-Jerez-Fusion-2026.webp","width":1536,"height":1024,"caption":"Things to do in Jerez during Jerez Fusi\u00f3n 2026"},{"@type":"BreadcrumbList","@id":"https:\/\/www.tablaosflamencos.com\/en\/things-to-do-jerez-during-jerez-fusion-2026.html#breadcrumb","itemListElement":[{"@type":"ListItem","position":1,"name":"Home","item":"https:\/\/www.tablaosflamencos.com\/en"},{"@type":"ListItem","position":2,"name":"Things to do in Jerez during Jerez Fusi\u00f3n 2026"}]},{"@type":"WebSite","@id":"https:\/\/www.tablaosflamencos.com\/en#website","url":"https:\/\/www.tablaosflamencos.com\/en","name":"Tablaos Flamencos","description":"Entradas para tablaos flamencos de Espa\u00f1a","publisher":{"@id":"https:\/\/www.tablaosflamencos.com\/en#organization"},"alternateName":"Tablaos Flamencos","potentialAction":[{"@type":"SearchAction","target":{"@type":"EntryPoint","urlTemplate":"https:\/\/www.tablaosflamencos.com\/en?s={search_term_string}"},"query-input":{"@type":"PropertyValueSpecification","valueRequired":true,"valueName":"search_term_string"}}],"inLanguage":"en-US"},{"@type":["Organization","Place","EntertainmentBusiness"],"@id":"https:\/\/www.tablaosflamencos.com\/en#organization","name":"Tablaos Flamencos","alternateName":"Tablaos Flamencos","url":"https:\/\/www.tablaosflamencos.com\/en","logo":{"@id":"https:\/\/www.tablaosflamencos.com\/en\/things-to-do-jerez-during-jerez-fusion-2026.html#local-main-organization-logo"},"image":{"@id":"https:\/\/www.tablaosflamencos.com\/en\/things-to-do-jerez-during-jerez-fusion-2026.html#local-main-organization-logo"},"sameAs":["https:\/\/www.facebook.com\/tablaosflamencos","https:\/\/x.com\/tablaosflamenco","https:\/\/mastodon.social\/@tablaosflamencos","https:\/\/www.instagram.com\/tablaosflamencos","https:\/\/tiktok.com\/@tablaosflamencos","https:\/\/www.linkedin.com\/company\/109408238\/"],"description":"Venta de entradas para espect\u00e1culos flamencos","legalName":"Tablaos Flamencos","foundingDate":"2015-01-01","numberOfEmployees":{"@type":"QuantitativeValue","minValue":"1","maxValue":"10"},"address":{"@id":"https:\/\/www.tablaosflamencos.com\/en\/things-to-do-jerez-during-jerez-fusion-2026.html#local-main-place-address"},"geo":{"@type":"GeoCoordinates","latitude":"37.3868072","longitude":"-5.993280299999999"},"telephone":["+34623787787"],"contactPoint":{"@type":"ContactPoint","telephone":"+34623787787","email":"info@tablaosflamencos.com"},"openingHoursSpecification":{"@type":"OpeningHoursSpecification","dayOfWeek":["Monday","Tuesday","Wednesday","Thursday","Friday","Saturday","Sunday"],"opens":"00:00","closes":"23:59"},"email":"info@tablaosflamencos.com","priceRange":"$$$","currenciesAccepted":"\u20ac"},{"@type":"Person","@id":"https:\/\/www.tablaosflamencos.com\/en#\/schema\/person\/e7a9ebe14eb75a52ceabfbffb3c54f5d","name":"Miguel Ortiz","description":"Miguel Ortiz es un empresario flamenco, con una s\u00f3lida trayectoria dentro del sector. Ha presidido entidades culturales vinculadas al flamenco y, cuenta con un amplio recorrido profesional en la gesti\u00f3n y promoci\u00f3n de espect\u00e1culos y tablaos flamencos. Su pasi\u00f3n por la historia y el arte flamenco se refleja en cada art\u00edculo, donde combina experiencia, criterio y un profundo respeto por la tradici\u00f3n.","sameAs":["https:\/\/www.tablaosflamencos.com","https:\/\/www.instagra.com\/miguelortizfe","https:\/\/www.linkedin.com\/in\/miguelortizf\/"],"birthDate":"1984-11-22","gender":"hombre","knowsLanguage":["espa\u00f1ol","ingl\u00e9s"],"jobTitle":"Empresario flamenco"},{"@type":"PostalAddress","@id":"https:\/\/www.tablaosflamencos.com\/en\/things-to-do-jerez-during-jerez-fusion-2026.html#local-main-place-address","streetAddress":"C\/ Alemanes, 19","addressLocality":"Sevilla","postalCode":"41004","addressRegion":"Sevilla","addressCountry":"ES"},{"@type":"ImageObject","inLanguage":"en-US","@id":"https:\/\/www.tablaosflamencos.com\/en\/things-to-do-jerez-during-jerez-fusion-2026.html#local-main-organization-logo","url":"https:\/\/www.tablaosflamencos.com\/wp-content\/uploads\/tablaos-flamencos-06-3.webp","contentUrl":"https:\/\/www.tablaosflamencos.com\/wp-content\/uploads\/tablaos-flamencos-06-3.webp","width":600,"height":620,"caption":"Tablaos Flamencos"}]},"geo.placename":"Sevilla","geo.position":{"lat":"37.3868072","long":"-5.993280299999999"},"geo.region":"Spain"},"_links":{"self":[{"href":"https:\/\/www.tablaosflamencos.com\/en\/wp-json\/wp\/v2\/posts\/15046","targetHints":{"allow":["GET"]}}],"collection":[{"href":"https:\/\/www.tablaosflamencos.com\/en\/wp-json\/wp\/v2\/posts"}],"about":[{"href":"https:\/\/www.tablaosflamencos.com\/en\/wp-json\/wp\/v2\/types\/post"}],"author":[{"embeddable":true,"href":"https:\/\/www.tablaosflamencos.com\/en\/wp-json\/wp\/v2\/users\/1"}],"replies":[{"embeddable":true,"href":"https:\/\/www.tablaosflamencos.com\/en\/wp-json\/wp\/v2\/comments?post=15046"}],"version-history":[{"count":2,"href":"https:\/\/www.tablaosflamencos.com\/en\/wp-json\/wp\/v2\/posts\/15046\/revisions"}],"predecessor-version":[{"id":15134,"href":"https:\/\/www.tablaosflamencos.com\/en\/wp-json\/wp\/v2\/posts\/15046\/revisions\/15134"}],"wp:featuredmedia":[{"embeddable":true,"href":"https:\/\/www.tablaosflamencos.com\/en\/wp-json\/wp\/v2\/media\/15120"}],"wp:attachment":[{"href":"https:\/\/www.tablaosflamencos.com\/en\/wp-json\/wp\/v2\/media?parent=15046"}],"wp:term":[{"taxonomy":"category","embeddable":true,"href":"https:\/\/www.tablaosflamencos.com\/en\/wp-json\/wp\/v2\/categories?post=15046"},{"taxonomy":"post_tag","embeddable":true,"href":"https:\/\/www.tablaosflamencos.com\/en\/wp-json\/wp\/v2\/tags?post=15046"}],"curies":[{"name":"wp","href":"https:\/\/api.w.org\/{rel}","templated":true}]}}