{"id":15037,"date":"2026-09-06T16:39:25","date_gmt":"2026-09-06T14:39:25","guid":{"rendered":"https:\/\/www.tablaosflamencos.com\/?p=15037"},"modified":"2026-09-06T17:06:55","modified_gmt":"2026-09-06T15:06:55","slug":"pepe-romero-guitar-festival-malaga-2026","status":"publish","type":"post","link":"https:\/\/www.tablaosflamencos.com\/en\/pepe-romero-guitar-festival-malaga-2026.html","title":{"rendered":"Pepe Romero International Guitar Festival 2026 in M\u00e1laga: programme, artists, flamenco concerts, venues and tickets"},"content":{"rendered":"<section class=\"l-section wpb_row height_huge\"><div class=\"l-section-h i-cf\"><div class=\"g-cols vc_row via_flex valign_top type_default stacking_default\"><div class=\"vc_col-sm-6 wpb_column vc_column_container\"><div class=\"vc_column-inner\"><div class=\"wpb_wrapper\"><div class=\"wpb_text_column\"><div class=\"wpb_wrapper\"><h2>A month of guitar in M\u00e1laga with flamenco as one of its main themes<\/h2>\n<p>The <strong>5th Pepe Romero International Guitar Festival M\u00e1laga 2026<\/strong> takes place from 4 to 30 September with fifteen concerts across four venues in the city. The edition brings together classical guitar, Spanish music, early music and flamenco, with a particularly strong presence of flamenco guitar through the <strong>Trasnoches Flamencos<\/strong>.<\/p>\n<p>The festival began on 4 September with Alejandro Hurtado and Inmaculada Salom\u00f3n and continues throughout the month with names such as El Amir, Pituquete and Encarna Anillo, Daniel Casares, Jos\u00e9 Ferm\u00edn Fern\u00e1ndez, Joni Jim\u00e9nez and Jes\u00fas M\u00e9ndez, Ricardo Fern\u00e1ndez del Moral, Mabel Mill\u00e1n, Daniel Zapico and Pepe Romero. The closing concert will take place on 30 September at Teatro Cervantes.<\/p>\n<\/div><\/div><\/div><\/div><\/div><div class=\"vc_col-sm-6 wpb_column vc_column_container\"><div class=\"vc_column-inner\"><div class=\"wpb_wrapper\"><div class=\"wpb_text_column\"><div class=\"wpb_wrapper\"><h2>Essential festival information<\/h2>\n<ul>\n<li><strong>Dates:<\/strong> 4 to 30 September 2026.<\/li>\n<li><strong>Edition:<\/strong> fifth.<\/li>\n<li><strong>Number of concerts:<\/strong> 15.<\/li>\n<li><strong>City:<\/strong> M\u00e1laga.<\/li>\n<li><strong>Organised by:<\/strong> European Guitar Foundation.<\/li>\n<li><strong>Director:<\/strong> Vicente Coves Merino.<\/li>\n<li><strong>Prices:<\/strong> \u20ac10 to \u20ac20 depending on the concert.<\/li>\n<li><strong>Tickets:<\/strong> MiEntrada for most of the programme; the closing concert at Teatro Cervantes is sold through UniEntradas.<\/li>\n<li><strong>Venues:<\/strong> Alcazaba of M\u00e1laga, Fundaci\u00f3n Unicaja Mar\u00eda Cristina Hall, Fundaci\u00f3n Unicaja Cultural Centre in M\u00e1laga and Teatro Cervantes.<\/li>\n<\/ul>\n<\/div><\/div><\/div><\/div><\/div><\/div><\/div><\/section><section class=\"l-section wpb_row height_huge color_alternate with_shape\"><div class=\"l-section-shape type_zigzag pos_top\" style=\"height:3vmin;\"><svg xmlns=\"http:\/\/www.w3.org\/2000\/svg\" viewBox=\"0 0 64 8\" preserveAspectRatio=\"none\" width=\"100%\" height=\"100%\">\r\n\t<path fill=\"currentColor\" d=\"M64 8 L0 8 L0 0 L20 7.9 L40 3 L48 5 L64 0 Z\"\/>\r\n<\/svg><\/div><div class=\"l-section-shape type_zigzag pos_bottom\" style=\"height:3vmin;\"><svg xmlns=\"http:\/\/www.w3.org\/2000\/svg\" viewBox=\"0 0 64 8\" preserveAspectRatio=\"none\" width=\"100%\" height=\"100%\">\r\n\t<path fill=\"currentColor\" d=\"M64 8 L0 8 L0 0 L20 7.9 L40 3 L48 5 L64 0 Z\"\/>\r\n<\/svg><\/div><div class=\"l-section-h i-cf\"><div class=\"g-cols vc_row via_flex valign_top type_default stacking_default\"><div class=\"vc_col-sm-12 wpb_column vc_column_container\"><div class=\"vc_column-inner\"><div class=\"wpb_wrapper\"><div class=\"wpb_text_column\"><div class=\"wpb_wrapper\"><blockquote>\n<p><strong>Quick answer:<\/strong> the Pepe Romero International Guitar Festival 2026 takes place in M\u00e1laga from 4 to 30 September with 15 concerts. Flamenco has its own series, Trasnoches Flamencos, featuring Alejandro Hurtado and Inmaculada Salom\u00f3n, El Amir, Pituquete and Encarna Anillo, Daniel Casares, Jos\u00e9 Ferm\u00edn Fern\u00e1ndez, Joni Jim\u00e9nez with Jes\u00fas M\u00e9ndez and Ricardo Fern\u00e1ndez del Moral. Tickets cost between \u20ac10 and \u20ac20. Most are sold through MiEntrada, while the closing concert by Pepe Romero with the M\u00e1laga Philharmonic Orchestra at Teatro Cervantes is sold through UniEntradas.<\/p>\n<\/blockquote>\n<\/div><\/div><\/div><\/div><\/div><\/div><\/div><\/section><section class=\"l-section wpb_row height_huge\"><div class=\"l-section-h i-cf\"><div class=\"g-cols vc_row via_flex valign_top type_default stacking_default\"><div class=\"vc_col-sm-3 wpb_column vc_column_container\"><div class=\"vc_column-inner\"><div class=\"wpb_wrapper\"><\/div><\/div><\/div><div class=\"vc_col-sm-6 wpb_column vc_column_container\"><div class=\"vc_column-inner\"><div class=\"wpb_wrapper\"><div class=\"wpb_text_column\"><div class=\"wpb_wrapper\"><h2>Contents of this guide<\/h2>\n<ul>\n<li><a href=\"#programa\">Full programme<\/a><\/li>\n<li><a href=\"#flamenco\">Flamenco concerts<\/a><\/li>\n<li><a href=\"#recomendaciones\">Which flamenco concert to choose<\/a><\/li>\n<li><a href=\"#otros-conciertos\">Classical guitar and other concerts<\/a><\/li>\n<li><a href=\"#sedes\">Venues and spaces<\/a><\/li>\n<li><a href=\"#entradas\">Tickets and prices<\/a><\/li>\n<li><a href=\"#homenajes\">Tributes in the 2026 edition<\/a><\/li>\n<li><a href=\"#faq\">Frequently asked questions<\/a><\/li>\n<\/ul>\n<\/div><\/div><\/div><\/div><\/div><div class=\"vc_col-sm-3 wpb_column vc_column_container\"><div class=\"vc_column-inner\"><div class=\"wpb_wrapper\"><\/div><\/div><\/div><\/div><\/div><\/section><section class=\"l-section wpb_row height_huge color_alternate with_shape\"><div class=\"l-section-shape type_zigzag pos_top\" style=\"height:3vmin;\"><svg xmlns=\"http:\/\/www.w3.org\/2000\/svg\" viewBox=\"0 0 64 8\" preserveAspectRatio=\"none\" width=\"100%\" height=\"100%\">\r\n\t<path fill=\"currentColor\" d=\"M64 8 L0 8 L0 0 L20 7.9 L40 3 L48 5 L64 0 Z\"\/>\r\n<\/svg><\/div><div class=\"l-section-shape type_zigzag pos_bottom\" style=\"height:3vmin;\"><svg xmlns=\"http:\/\/www.w3.org\/2000\/svg\" viewBox=\"0 0 64 8\" preserveAspectRatio=\"none\" width=\"100%\" height=\"100%\">\r\n\t<path fill=\"currentColor\" d=\"M64 8 L0 8 L0 0 L20 7.9 L40 3 L48 5 L64 0 Z\"\/>\r\n<\/svg><\/div><div class=\"l-section-h i-cf\"><div class=\"g-cols vc_row via_flex valign_top type_default stacking_default\"><div class=\"vc_col-sm-12 wpb_column vc_column_container\"><div class=\"vc_column-inner\"><div class=\"wpb_wrapper\"><div class=\"wpb_text_column\"><div class=\"wpb_wrapper\"><h2 id=\"programa\" style=\"text-align: center;\">Full programme of the Pepe Romero International Guitar Festival 2026<\/h2>\n<div style=\"overflow-x: auto;\">\n<table>\n<thead>\n<tr>\n<th>Date<\/th>\n<th>Time<\/th>\n<th>Artist \/ programme<\/th>\n<th>Venue<\/th>\n<th>Price<\/th>\n<\/tr>\n<\/thead>\n<tbody>\n<tr>\n<td>4 September<\/td>\n<td>19:30<\/td>\n<td>Alejandro Hurtado + Inmaculada Salom\u00f3n<\/td>\n<td>Fundaci\u00f3n Unicaja Mar\u00eda Cristina Hall<\/td>\n<td>\u20ac12<\/td>\n<\/tr>\n<tr>\n<td>5 September<\/td>\n<td>21:30<\/td>\n<td>Jacob Kellerman with T\u00e1rrega&#8217;s 1888 Antonio de Torres guitar<\/td>\n<td>Patio de Surtidores, Alcazaba<\/td>\n<td>\u20ac18<\/td>\n<\/tr>\n<tr>\n<td>6 September<\/td>\n<td>12:00<\/td>\n<td>Quinteto 1909<\/td>\n<td>Fundaci\u00f3n Unicaja Cultural Centre in M\u00e1laga<\/td>\n<td>\u20ac15<\/td>\n<\/tr>\n<tr>\n<td>11 September<\/td>\n<td>19:30<\/td>\n<td>El Amir \u2013 Alma Flamenca<\/td>\n<td>Fundaci\u00f3n Unicaja Mar\u00eda Cristina Hall<\/td>\n<td>\u20ac10<\/td>\n<\/tr>\n<tr>\n<td>12 September<\/td>\n<td>21:30<\/td>\n<td>Ausi\u00e0s Parejo \u2013 150 years of Manuel de Falla<\/td>\n<td>Patio de Surtidores, Alcazaba<\/td>\n<td>\u20ac15<\/td>\n<\/tr>\n<tr>\n<td>13 September<\/td>\n<td>12:00<\/td>\n<td>Filip Miskovic<\/td>\n<td>Fundaci\u00f3n Unicaja Cultural Centre in M\u00e1laga<\/td>\n<td>\u20ac10<\/td>\n<\/tr>\n<tr>\n<td>17 September<\/td>\n<td>21:30<\/td>\n<td>Pituquete + Encarna Anillo<\/td>\n<td>Patio de Surtidores, Alcazaba<\/td>\n<td>\u20ac15<\/td>\n<\/tr>\n<tr>\n<td>18 September<\/td>\n<td>21:30<\/td>\n<td>Mabel Mill\u00e1n<\/td>\n<td>Patio de Surtidores, Alcazaba<\/td>\n<td>\u20ac18<\/td>\n<\/tr>\n<tr>\n<td>19 September<\/td>\n<td>19:30<\/td>\n<td>Daniel Casares<\/td>\n<td>Fundaci\u00f3n Unicaja Mar\u00eda Cristina Hall<\/td>\n<td>\u20ac12<\/td>\n<\/tr>\n<tr>\n<td>20 September<\/td>\n<td>12:00<\/td>\n<td>Daniel Zapico<\/td>\n<td>Fundaci\u00f3n Unicaja Cultural Centre in M\u00e1laga<\/td>\n<td>\u20ac15<\/td>\n<\/tr>\n<tr>\n<td>24 September<\/td>\n<td>21:30<\/td>\n<td>Jos\u00e9 Ferm\u00edn Fern\u00e1ndez<\/td>\n<td>Patio de Surtidores, Alcazaba<\/td>\n<td>\u20ac15<\/td>\n<\/tr>\n<tr>\n<td>25 September<\/td>\n<td>19:30<\/td>\n<td>Joni Jim\u00e9nez + Jes\u00fas M\u00e9ndez<\/td>\n<td>Fundaci\u00f3n Unicaja Mar\u00eda Cristina Hall<\/td>\n<td>\u20ac10<\/td>\n<\/tr>\n<tr>\n<td>26 September<\/td>\n<td>21:30<\/td>\n<td>Ricardo Fern\u00e1ndez del Moral<\/td>\n<td>Patio de Surtidores, Alcazaba<\/td>\n<td>\u20ac18<\/td>\n<\/tr>\n<tr>\n<td>27 September<\/td>\n<td>12:00<\/td>\n<td>Jos\u00e9 Luis Ruiz del Puerto<\/td>\n<td>Fundaci\u00f3n Unicaja Cultural Centre in M\u00e1laga<\/td>\n<td>\u20ac10<\/td>\n<\/tr>\n<tr>\n<td>30 September<\/td>\n<td>20:00<\/td>\n<td>Pepe Romero + M\u00e1laga Philharmonic Orchestra + Jos\u00e9 Mar\u00eda Moreno<\/td>\n<td>Teatro Cervantes<\/td>\n<td>\u20ac20<\/td>\n<\/tr>\n<\/tbody>\n<\/table>\n<\/div>\n<p>The opening concert on the 4th has already taken place. As of 5 September, the ticketing platform shows tickets as <strong>sold out<\/strong> for Jacob Kellerman, scheduled for tonight, and Ausi\u00e0s Parejo on the 12th. Availability for the remaining concerts may change, so it is advisable to check before travelling.<\/p>\n<\/div><\/div><\/div><\/div><\/div><\/div><\/div><\/section><section class=\"l-section wpb_row height_huge\"><div class=\"l-section-h i-cf\"><div class=\"g-cols vc_row via_flex valign_top type_default stacking_default\"><div class=\"vc_col-sm-6 wpb_column vc_column_container\"><div class=\"vc_column-inner\"><div class=\"wpb_wrapper\"><div class=\"wpb_text_column\"><div class=\"wpb_wrapper\"><h2 id=\"flamenco\">Trasnoches Flamencos: seven dates with flamenco guitar at the centre<\/h2>\n<p>The part most directly connected with flamenco is concentrated in <strong>Trasnoches Flamencos<\/strong>, a series exploring different ways of understanding the guitar: accompaniment for dance, solo concert, dialogue with singing and proposals open to other musical traditions.<\/p>\n<h3>4 September: Alejandro Hurtado + Inmaculada Salom\u00f3n<\/h3>\n<p>The festival opened with <strong>Alejandro Hurtado<\/strong>, guitarist awarded the Bord\u00f3n Minero, together with <strong>Inmaculada Salom\u00f3n<\/strong>, principal dancer of the Ballet Nacional de Espa\u00f1a. It was the only date in the series clearly conceived around the encounter between guitar and dance. The concert has already taken place and tickets sold out.<\/p>\n<h3>11 September: El Amir \u2013 Alma Flamenca<\/h3>\n<p><em>El Amir<\/em>, guitarist, composer and multi-instrumentalist, presents a flamenco proposal shaped by his broad musical range and international experience. He is also known for taking part in Hans Zimmer&#8217;s tours. The recital takes place at 19:30 in the Fundaci\u00f3n Unicaja Mar\u00eda Cristina Hall and costs \u20ac10.<\/p>\n<\/div><\/div><\/div><\/div><\/div><div class=\"vc_col-sm-6 wpb_column vc_column_container\"><div class=\"vc_column-inner\"><div class=\"wpb_wrapper\"><div class=\"wpb_text_column\"><div class=\"wpb_wrapper\"><h3>17 September: Pituquete + Encarna Anillo<\/h3>\n<p>Guitarist <strong>Pituquete<\/strong> comes to the Patio de Surtidores at the Alcazaba accompanied by singer <strong>Encarna Anillo<\/strong> as guest artist. The organisers present the encounter through the connection between flamenco, Latin American roots and a personal musical voice. Price: \u20ac15.<\/p>\n<h3>19 September: Daniel Casares<\/h3>\n<p>One of the M\u00e1laga flamenco guitarists with the strongest international profile. <strong>Daniel Casares<\/strong> will perform at 19:30 in the Fundaci\u00f3n Unicaja Mar\u00eda Cristina Hall. For anyone seeking a recital centred on concert flamenco guitar and an artist closely linked to M\u00e1laga, this is one of the most attractive dates in the programme. Price: \u20ac12.<\/p>\n<h3>24 September: Jos\u00e9 Ferm\u00edn Fern\u00e1ndez<\/h3>\n<p>The Granada-born <strong>Jos\u00e9 Ferm\u00edn Fern\u00e1ndez<\/strong> represents a generation of guitarists combining highly developed technique with original composition and contemporary language. He will perform at 21:30 at the Alcazaba. Price: \u20ac15.<\/p>\n<\/div><\/div><\/div><\/div><\/div><\/div><\/div><\/section><section class=\"l-section wpb_row height_huge color_alternate with_shape\"><div class=\"l-section-shape type_zigzag pos_top\" style=\"height:3vmin;\"><svg xmlns=\"http:\/\/www.w3.org\/2000\/svg\" viewBox=\"0 0 64 8\" preserveAspectRatio=\"none\" width=\"100%\" height=\"100%\">\r\n\t<path fill=\"currentColor\" d=\"M64 8 L0 8 L0 0 L20 7.9 L40 3 L48 5 L64 0 Z\"\/>\r\n<\/svg><\/div><div class=\"l-section-shape type_zigzag pos_bottom\" style=\"height:3vmin;\"><svg xmlns=\"http:\/\/www.w3.org\/2000\/svg\" viewBox=\"0 0 64 8\" preserveAspectRatio=\"none\" width=\"100%\" height=\"100%\">\r\n\t<path fill=\"currentColor\" d=\"M64 8 L0 8 L0 0 L20 7.9 L40 3 L48 5 L64 0 Z\"\/>\r\n<\/svg><\/div><div class=\"l-section-h i-cf\"><div class=\"g-cols vc_row via_flex valign_top type_default stacking_default\"><div class=\"vc_col-sm-6 wpb_column vc_column_container\"><div class=\"vc_column-inner\"><div class=\"wpb_wrapper\"><div class=\"wpb_text_column\"><div class=\"wpb_wrapper\"><h3>25 September: Joni Jim\u00e9nez + Jes\u00fas M\u00e9ndez<\/h3>\n<p>The concert on the 25th brings together two essential elements of traditional flamenco: guitar and singing. <strong>Joni Jim\u00e9nez<\/strong>, winner of the Bord\u00f3n Minero, will be joined by <strong>Jes\u00fas M\u00e9ndez<\/strong>, one of the leading flamenco singers of his generation. It takes place at 19:30 in the Fundaci\u00f3n Unicaja Mar\u00eda Cristina Hall and, at \u20ac10, is one of the most affordable tickets in the series.<\/p>\n<h3>26 September: Ricardo Fern\u00e1ndez del Moral<\/h3>\n<p>Trasnoches Flamencos closes with <strong>Ricardo Fern\u00e1ndez del Moral<\/strong>, a distinctive figure because he brings singing and guitar together in a single performer. The organisers present him as the only winner of both the L\u00e1mpara Minera and all five singing prizes at La Uni\u00f3n. The recital will be at 21:30 in the Patio de Surtidores at the Alcazaba. Price: \u20ac18.<\/p>\n<\/div><\/div><\/div><\/div><\/div><div class=\"vc_col-sm-6 wpb_column vc_column_container\"><div class=\"vc_column-inner\"><div class=\"wpb_wrapper\"><div class=\"wpb_text_column\"><div class=\"wpb_wrapper\"><h2 id=\"recomendaciones\">Which flamenco concert to choose<\/h2>\n<p>Not all Trasnoches Flamencos concerts offer the same experience. If you can attend only one, these are our recommendations:<\/p>\n<ul>\n<li><strong>For concert flamenco guitar:<\/strong> Daniel Casares, 19 September.<\/li>\n<li><strong>For a recital of singing and guitar:<\/strong> Joni Jim\u00e9nez with Jes\u00fas M\u00e9ndez, on the 25th.<\/li>\n<li><strong>For a very unusual experience:<\/strong> Ricardo Fern\u00e1ndez del Moral, singing while accompanying himself on guitar, on the 26th.<\/li>\n<li><strong>To discover contemporary flamenco guitar:<\/strong> Jos\u00e9 Ferm\u00edn Fern\u00e1ndez, on the 24th.<\/li>\n<li><strong>For an open, cross-cultural proposal:<\/strong> El Amir, on the 11th.<\/li>\n<li><strong>For guitar with guest singing:<\/strong> Pituquete and Encarna Anillo, on the 17th.<\/li>\n<\/ul>\n<p>Anyone specifically looking for dance should bear in mind that the Alejandro Hurtado and Inmaculada Salom\u00f3n performance already took place on 4 September.<\/p>\n<\/div><\/div><\/div><\/div><\/div><\/div><\/div><\/section><section class=\"l-section wpb_row height_huge\"><div class=\"l-section-h i-cf\"><div class=\"g-cols vc_row via_flex valign_top type_default stacking_default\"><div class=\"vc_col-sm-6 wpb_column vc_column_container\"><div class=\"vc_column-inner\"><div class=\"wpb_wrapper\"><div class=\"wpb_text_column\"><div class=\"wpb_wrapper\"><h2 id=\"otros-conciertos\">Beyond flamenco: classical guitar, Spanish music and historic repertoires<\/h2>\n<p>The festival is not exclusively flamenco. Its identity is built around the Spanish guitar in a broad sense.<\/p>\n<p>On 5 September, <strong>Jacob Kellerman<\/strong> plays an 1888 Antonio de Torres guitar linked to Francisco T\u00e1rrega. The distinctive feature lies not only in the repertoire, but in hearing a historic instrument of enormous symbolic value. Tickets are shown as sold out.<\/p>\n<p>On the 6th, <strong>Quinteto 1909<\/strong> presents <em>5 guitars and one heart<\/em>, in memory of \u00c1ngel G. Pi\u00f1ero. On the 12th, <strong>Ausi\u00e0s Parejo<\/strong> dedicates his recital to the 150th anniversary of Manuel de Falla; these tickets are also listed as sold out.<\/p>\n<p>On the 13th, <strong>Filip Miskovic<\/strong>, winner of the 40th Andr\u00e9s Segovia International Competition in La Herradura, performs as part of the festival&#8217;s commitment to young musicians.<\/p>\n<\/div><\/div><\/div><\/div><\/div><div class=\"vc_col-sm-6 wpb_column vc_column_container\"><div class=\"vc_column-inner\"><div class=\"wpb_wrapper\"><div class=\"wpb_text_column\"><div class=\"wpb_wrapper\"><p>On the 18th, <strong>Mabel Mill\u00e1n<\/strong>, winner of a Latin Grammy in 2017, presents a programme of Spanish music. On the 20th, <strong>Daniel Zapico<\/strong> brings the sound of early music, widening the focus beyond the modern guitar.<\/p>\n<p>On the 27th, <strong>Jos\u00e9 Luis Ruiz del Puerto<\/strong>, nominated for a Latin Grammy in 2025, proposes a programme centred on women composers and a tribute to Mar\u00eda Luisa Anido.<\/p>\n<p>The grand finale arrives on 30 September with <strong>Pepe Romero<\/strong>, the <strong>M\u00e1laga Philharmonic Orchestra<\/strong> and conductor <strong>Jos\u00e9 Mar\u00eda Moreno<\/strong>. The programme brings together the <em>Concierto de Aranjuez<\/em> by Joaqu\u00edn Rodrigo with film music by John Williams. It will take place at 20:00 at Teatro Cervantes, with tickets priced at \u20ac20.<\/p>\n<\/div><\/div><\/div><\/div><\/div><\/div><\/div><\/section><section class=\"l-section wpb_row height_huge color_alternate with_shape\"><div class=\"l-section-shape type_zigzag pos_top hor_flip\" style=\"height:3vmin;\"><svg xmlns=\"http:\/\/www.w3.org\/2000\/svg\" viewBox=\"0 0 64 8\" preserveAspectRatio=\"none\" width=\"100%\" height=\"100%\">\r\n\t<path fill=\"currentColor\" d=\"M64 8 L0 8 L0 0 L20 7.9 L40 3 L48 5 L64 0 Z\"\/>\r\n<\/svg><\/div><div class=\"l-section-shape type_zigzag pos_bottom\" style=\"height:3vmin;\"><svg xmlns=\"http:\/\/www.w3.org\/2000\/svg\" viewBox=\"0 0 64 8\" preserveAspectRatio=\"none\" width=\"100%\" height=\"100%\">\r\n\t<path fill=\"currentColor\" d=\"M64 8 L0 8 L0 0 L20 7.9 L40 3 L48 5 L64 0 Z\"\/>\r\n<\/svg><\/div><div class=\"l-section-h i-cf\"><div class=\"g-cols vc_row via_flex valign_top type_default stacking_default\"><div class=\"vc_col-sm-6 wpb_column vc_column_container\"><div class=\"vc_column-inner\"><div class=\"wpb_wrapper\"><div class=\"wpb_text_column\"><div class=\"wpb_wrapper\"><h2 id=\"sedes\">The festival&#8217;s four venues<\/h2>\n<h3>Patio de Surtidores at the Alcazaba of M\u00e1laga<\/h3>\n<p>This is the most monumental setting in the programme. The combination of historic architecture, night-time atmosphere and guitar makes the Alcazaba concerts some of the festival&#8217;s most special experiences. For the concerts, MiEntrada indicates access via <strong>Calle Guill\u00e9n Sotelo, 1<\/strong>, next to the Alcazaba lift entrance.<\/p>\n<h3>Fundaci\u00f3n Unicaja Mar\u00eda Cristina Hall<\/h3>\n<p>Located at <strong>Calle Marqu\u00e9s de Valdeca\u00f1as, 2<\/strong>, it hosts a large part of the flamenco programme: El Amir, Daniel Casares and Joni Jim\u00e9nez with Jes\u00fas M\u00e9ndez, as well as the opening performance by Alejandro Hurtado and Inmaculada Salom\u00f3n.<\/p>\n<p>Its concert-hall format favours close listening, especially important in recitals where the detail of guitar playing and singing takes centre stage.<\/p>\n<\/div><\/div><\/div><\/div><\/div><div class=\"vc_col-sm-6 wpb_column vc_column_container\"><div class=\"vc_column-inner\"><div class=\"wpb_wrapper\"><div class=\"wpb_text_column\"><div class=\"wpb_wrapper\"><h3>Fundaci\u00f3n Unicaja Cultural Centre in M\u00e1laga<\/h3>\n<p>At <strong>Plaza del Obispo, 6<\/strong>, opposite the Cathedral, the morning concerts by Quinteto 1909, Filip Miskovic, Daniel Zapico and Jos\u00e9 Luis Ruiz del Puerto take place. It is the venue associated with the 12:00 programme.<\/p>\n<h3>Teatro Cervantes<\/h3>\n<p>The closing concert moves to the city&#8217;s main theatre, at <strong>Calle Ramos Mar\u00edn, s\/n<\/strong>. Pepe Romero, the M\u00e1laga Philharmonic Orchestra and Jos\u00e9 Mar\u00eda Moreno will perform there on 30 September.<\/p>\n<p>The festival&#8217;s layout combines historic halls, open-air heritage sites and a major theatre. If you plan to attend several dates, check the venue for each concert: there is no single location for the whole festival.<\/p>\n<\/div><\/div><\/div><\/div><\/div><\/div><\/div><\/section><section class=\"l-section wpb_row height_huge\"><div class=\"l-section-h i-cf\"><div class=\"g-cols vc_row via_flex valign_top type_default stacking_default\"><div class=\"vc_col-sm-6 wpb_column vc_column_container\"><div class=\"vc_column-inner\"><div class=\"wpb_wrapper\"><div class=\"wpb_text_column\"><div class=\"wpb_wrapper\"><h2 id=\"entradas\">Tickets: prices, sales and sold-out concerts<\/h2>\n<p>Tickets are relatively affordable for a festival of this kind: the general range is <strong>\u20ac10 to \u20ac20<\/strong>.<\/p>\n<p>Most of the programme is sold through <a href=\"https:\/\/www.mientrada.net\/eventos\/categoria\/pepe-romero-guitar-festival-malaga\/\" target=\"_blank\" rel=\"noopener\">MiEntrada<\/a>. The 30 September closing concert at Teatro Cervantes is linked from the official website to <a href=\"https:\/\/www.unientradas.es\/\" target=\"_blank\" rel=\"noopener\">UniEntradas<\/a>.<\/p>\n<p>As of 5 September, MiEntrada shows the following as sold out:<\/p>\n<ul>\n<li>Jacob Kellerman, 5 September.<\/li>\n<li>Ausi\u00e0s Parejo, 12 September.<\/li>\n<\/ul>\n<p>The opening concert by Alejandro Hurtado and Inmaculada Salom\u00f3n, held on the 4th, also sold out.<\/p>\n<\/div><\/div><\/div><\/div><\/div><div class=\"vc_col-sm-6 wpb_column vc_column_container\"><div class=\"vc_column-inner\"><div class=\"wpb_wrapper\"><div class=\"wpb_text_column\"><div class=\"wpb_wrapper\"><h2>Should you buy in advance?<\/h2>\n<p>Yes. Although several events remain priced at \u20ac10, \u20ac12 or \u20ac15, the first sell-outs show that capacity at some venues is limited and certain proposals generate strong demand.<\/p>\n<p>We recommend buying only from the <a href=\"https:\/\/www.malagaguitarfestival.com\/\" target=\"_blank\" rel=\"noopener\">official Pepe Romero International Guitar Festival M\u00e1laga website<\/a> or from the ticketing platforms linked by the organisers. Always check the date, time and venue before completing payment.<\/p>\n<p>If a concert is sold out, avoid buying tickets from strangers or unauthorised channels. The organisers may update availability, but informal resale adds unnecessary risks.<\/p>\n<\/div><\/div><\/div><\/div><\/div><\/div><\/div><\/section><section class=\"l-section wpb_row height_huge color_alternate with_shape\"><div class=\"l-section-shape type_zigzag pos_top\" style=\"height:3vmin;\"><svg xmlns=\"http:\/\/www.w3.org\/2000\/svg\" viewBox=\"0 0 64 8\" preserveAspectRatio=\"none\" width=\"100%\" height=\"100%\">\r\n\t<path fill=\"currentColor\" d=\"M64 8 L0 8 L0 0 L20 7.9 L40 3 L48 5 L64 0 Z\"\/>\r\n<\/svg><\/div><div class=\"l-section-shape type_zigzag pos_bottom\" style=\"height:3vmin;\"><svg xmlns=\"http:\/\/www.w3.org\/2000\/svg\" viewBox=\"0 0 64 8\" preserveAspectRatio=\"none\" width=\"100%\" height=\"100%\">\r\n\t<path fill=\"currentColor\" d=\"M64 8 L0 8 L0 0 L20 7.9 L40 3 L48 5 L64 0 Z\"\/>\r\n<\/svg><\/div><div class=\"l-section-h i-cf\"><div class=\"g-cols vc_row via_flex valign_top type_default stacking_default\"><div class=\"vc_col-sm-6 wpb_column vc_column_container\"><div class=\"vc_column-inner\"><div class=\"wpb_wrapper\"><div class=\"wpb_text_column\"><div class=\"wpb_wrapper\"><h2 id=\"homenajes\">An edition dedicated to Joaqu\u00edn Rodrigo, Cel\u00edn Romero and \u00c1ngel Romero<\/h2>\n<p>The fifth edition has a strong commemorative dimension. The festival pays tribute to <strong>Joaqu\u00edn Rodrigo<\/strong> on the 125th anniversary of his birth and to two founding members of the Romero Quartet: <strong>Cel\u00edn Romero<\/strong>, on the 90th anniversary of his birth, and <strong>\u00c1ngel Romero<\/strong>, who turns 80.<\/p>\n<p>The closing concert sums up this approach. Pepe Romero performs the <em>Concierto de Aranjuez<\/em>, one of the most universal works written for guitar and orchestra, accompanied by the M\u00e1laga Philharmonic Orchestra under the direction of Jos\u00e9 Mar\u00eda Moreno.<\/p>\n<p>The programme is completed with film music by John Williams and is also linked to the 250th anniversary of the independence of the United States.<\/p>\n<\/div><\/div><\/div><\/div><\/div><div class=\"vc_col-sm-6 wpb_column vc_column_container\"><div class=\"vc_column-inner\"><div class=\"wpb_wrapper\"><div class=\"wpb_text_column\"><div class=\"wpb_wrapper\"><h2>Why the festival is especially interesting for flamenco fans<\/h2>\n<p>Guitar festivals can sometimes be divided by genre. In M\u00e1laga, however, the programme places classical and flamenco guitar within the same narrative about the Spanish guitar.<\/p>\n<p>This makes it possible to hear very different approaches within a few weeks: Daniel Casares&#8217;s solo playing, the relationship between guitar and singing with Joni Jim\u00e9nez and Jes\u00fas M\u00e9ndez, the independence of an artist who sings and plays like Ricardo Fern\u00e1ndez del Moral, Jos\u00e9 Ferm\u00edn Fern\u00e1ndez&#8217;s contemporary guitar or a historic instrument associated with T\u00e1rrega in the hands of Jacob Kellerman.<\/p>\n<p>Visitors to M\u00e1laga who want to complement the festival with a regular flamenco experience can consult our guide to <a href=\"https:\/\/www.tablaosflamencos.com\/flamenco-en-malaga\">flamenco in M\u00e1laga<\/a>, with shows and tablaos available in the city.<\/p>\n<\/div><\/div><\/div><\/div><\/div><\/div><\/div><\/section><section class=\"l-section wpb_row height_huge\"><div class=\"l-section-h i-cf\"><div class=\"g-cols vc_row via_flex valign_top type_default stacking_default\"><div class=\"vc_col-sm-6 wpb_column vc_column_container\"><div class=\"vc_column-inner\"><div class=\"wpb_wrapper\"><div class=\"wpb_text_column\"><div class=\"wpb_wrapper\"><h2>How to plan a visit to the festival<\/h2>\n<p>If you are travelling specifically for the festival, the first step is to choose your concert and venue before booking other plans. Events are spread across central M\u00e1laga and have very different start times: some begin at 12:00, others at 19:30, 20:00 or 21:30.<\/p>\n<p>For Alcazaba concerts, it is advisable to arrive with time to spare and follow the specific access instructions published by the ticketing platform. For evening concerts, booking in advance avoids depending on last-minute availability.<\/p>\n<p>If flamenco is your priority, the second half of the month concentrates the programme particularly well: between 17 and 26 September there are successive performances by Pituquete and Encarna Anillo, Daniel Casares, Jos\u00e9 Ferm\u00edn Fern\u00e1ndez, Joni Jim\u00e9nez with Jes\u00fas M\u00e9ndez and Ricardo Fern\u00e1ndez del Moral.<\/p>\n<\/div><\/div><\/div><\/div><\/div><div class=\"vc_col-sm-6 wpb_column vc_column_container\"><div class=\"vc_column-inner\"><div class=\"wpb_wrapper\"><div class=\"wpb_text_column\"><div class=\"wpb_wrapper\"><h2>An opportunity to discover M\u00e1laga through the guitar<\/h2>\n<p>The distribution of venues also allows the festival to work as a cultural route. The Alcazaba places the guitar inside one of the city&#8217;s major monuments; the Fundaci\u00f3n Unicaja Cultural Centre brings it to Plaza del Obispo; Mar\u00eda Cristina adds a historic hall; and Teatro Cervantes reserves the symphonic format for the finale.<\/p>\n<p>This diversity turns the festival into more than a succession of recitals. The city becomes part of the experience, and the programme appeals both to specialist enthusiasts and to visitors approaching the Spanish guitar for the first time.<\/p>\n<p>With tickets starting at \u20ac10, it is easy to combine more than one event and compare very different musical languages within the same edition.<\/p>\n<\/div><\/div><\/div><\/div><\/div><\/div><\/div><\/section><section class=\"l-section wpb_row height_huge color_alternate with_shape\"><div class=\"l-section-shape type_zigzag pos_top hor_flip\" style=\"height:3vmin;\"><svg xmlns=\"http:\/\/www.w3.org\/2000\/svg\" viewBox=\"0 0 64 8\" preserveAspectRatio=\"none\" width=\"100%\" height=\"100%\">\r\n\t<path fill=\"currentColor\" d=\"M64 8 L0 8 L0 0 L20 7.9 L40 3 L48 5 L64 0 Z\"\/>\r\n<\/svg><\/div><div class=\"l-section-shape type_zigzag pos_bottom\" style=\"height:3vmin;\"><svg xmlns=\"http:\/\/www.w3.org\/2000\/svg\" viewBox=\"0 0 64 8\" preserveAspectRatio=\"none\" width=\"100%\" height=\"100%\">\r\n\t<path fill=\"currentColor\" d=\"M64 8 L0 8 L0 0 L20 7.9 L40 3 L48 5 L64 0 Z\"\/>\r\n<\/svg><\/div><div class=\"l-section-h i-cf\"><div class=\"g-cols vc_row via_flex valign_top type_default stacking_default\"><div class=\"vc_col-sm-12 wpb_column vc_column_container\"><div class=\"vc_column-inner\"><div class=\"wpb_wrapper\"><div class=\"wpb_text_column\"><div class=\"wpb_wrapper\"><h2 style=\"text-align: center;\">Practical summary<\/h2>\n<div style=\"overflow-x: auto;\">\n<table>\n<thead>\n<tr>\n<th>Question<\/th>\n<th>Answer<\/th>\n<\/tr>\n<\/thead>\n<tbody>\n<tr>\n<td>When is it held?<\/td>\n<td>From 4 to 30 September 2026.<\/td>\n<\/tr>\n<tr>\n<td>How many concerts are there?<\/td>\n<td>15.<\/td>\n<\/tr>\n<tr>\n<td>How many flamenco concerts are included?<\/td>\n<td>Seven in the Trasnoches Flamencos series.<\/td>\n<\/tr>\n<tr>\n<td>How much are tickets?<\/td>\n<td>Between \u20ac10 and \u20ac20.<\/td>\n<\/tr>\n<tr>\n<td>Where are they sold?<\/td>\n<td>Mainly through MiEntrada; the closing concert through UniEntradas.<\/td>\n<\/tr>\n<tr>\n<td>Which concerts are sold out?<\/td>\n<td>As of 5 September: Jacob Kellerman and Ausi\u00e0s Parejo; the opening concert on the 4th also sold out.<\/td>\n<\/tr>\n<tr>\n<td>Where does it take place?<\/td>\n<td>Alcazaba, Fundaci\u00f3n Unicaja Mar\u00eda Cristina Hall, Fundaci\u00f3n Unicaja Cultural Centre in M\u00e1laga and Teatro Cervantes.<\/td>\n<\/tr>\n<tr>\n<td>Who closes the festival?<\/td>\n<td>Pepe Romero with the M\u00e1laga Philharmonic Orchestra and Jos\u00e9 Mar\u00eda Moreno.<\/td>\n<\/tr>\n<\/tbody>\n<\/table>\n<\/div>\n<\/div><\/div><\/div><\/div><\/div><\/div><\/div><\/section><section class=\"l-section wpb_row height_huge\"><div class=\"l-section-h i-cf\"><div class=\"g-cols vc_row via_flex valign_top type_default stacking_default\"><div class=\"vc_col-sm-12 wpb_column vc_column_container\"><div class=\"vc_column-inner\"><div class=\"wpb_wrapper\"><div class=\"wpb_text_column\"><div class=\"wpb_wrapper\"><h2>A festival to hear the guitar from several musical worlds<\/h2>\n<p>The Pepe Romero Guitar Festival M\u00e1laga 2026 brings together historic instruments, young performers, major names in Spanish guitar and a flamenco series with its own identity in less than a month. For Tablaos Flamencos readers, the main attraction lies in the continuity of Trasnoches Flamencos and the variety of formats it offers.<\/p>\n<p>Daniel Casares provides the major solo flamenco guitar date; Joni Jim\u00e9nez and Jes\u00fas M\u00e9ndez bring together guitar and singing; Ricardo Fern\u00e1ndez del Moral carries both languages in one person; Jos\u00e9 Ferm\u00edn Fern\u00e1ndez represents a contemporary perspective; and El Amir and Pituquete open the programme to other musical connections.<\/p>\n<p>Pepe Romero&#8217;s closing concert completes the festival&#8217;s arc from another guitar tradition. M\u00e1laga thus uses four emblematic venues to show that the Spanish guitar does not belong to a single aesthetic and that flamenco is an essential part of its richness.<\/p>\n<\/div><\/div><div class=\"w-separator size_medium\"><\/div><div class=\"w-hwrapper valign_top wrap align_center\" style=\"--hwrapper-gap:1.2rem\"><div class=\"w-btn-wrapper align_none\"><a class=\"w-btn us-btn-style_1\" href=\"\/?page_id=8784\"><span class=\"w-btn-label\">See flamenco in M\u00e1laga<\/span><\/a><\/div><div class=\"w-btn-wrapper align_none\"><a class=\"w-btn us-btn-style_1\" href=\"\/tablaos-flamencos\"><span class=\"w-btn-label\">Discover flamenco tablaos<\/span><\/a><\/div><\/div><\/div><\/div><\/div><\/div><\/div><\/section><section class=\"l-section wpb_row height_huge color_alternate with_shape\"><div class=\"l-section-shape type_zigzag pos_top\" style=\"height:3vmin;\"><svg xmlns=\"http:\/\/www.w3.org\/2000\/svg\" viewBox=\"0 0 64 8\" preserveAspectRatio=\"none\" width=\"100%\" height=\"100%\">\r\n\t<path fill=\"currentColor\" d=\"M64 8 L0 8 L0 0 L20 7.9 L40 3 L48 5 L64 0 Z\"\/>\r\n<\/svg><\/div><div class=\"l-section-h i-cf\"><div class=\"g-cols vc_row via_flex valign_top type_default stacking_default\"><div class=\"vc_col-sm-1\/5 wpb_column vc_column_container\"><div class=\"vc_column-inner\"><div class=\"wpb_wrapper\"><\/div><\/div><\/div><div class=\"vc_col-sm-3\/5 wpb_column vc_column_container\"><div class=\"vc_column-inner\"><div class=\"wpb_wrapper\"><div class=\"wpb_text_column\"><div class=\"wpb_wrapper\"><h2 id=\"faq\">Frequently asked questions about the Pepe Romero International Guitar Festival 2026<\/h2>\n<\/div><\/div><div class=\"w-separator size_medium\"><\/div><div class=\"w-tabs accordion toggle_style_1 has_scrolling\" style=\"--sections-title-size:inherit;--sections-gap:0.5rem;\"><div class=\"w-tabs-sections titles-align_none icon_chevron cpos_right\"><div class=\"w-tabs-section\" id=\"d027\"><button type=\"button\" class=\"w-tabs-section-header\" aria-controls=\"content-d027\" aria-expanded=\"false\"><div class=\"w-tabs-section-title\">When is the Pepe Romero International Guitar Festival 2026 held?<\/div><div class=\"w-tabs-section-control\"><\/div><\/button><div  class=\"w-tabs-section-content\" id=\"content-d027\"><div class=\"w-tabs-section-content-h i-cf\"><div class=\"wpb_text_column\"><div class=\"wpb_wrapper\"><p>The fifth edition takes place in M\u00e1laga from 4 to 30 September 2026.<\/p>\n<\/div><\/div><\/div><\/div><\/div><div class=\"w-tabs-section\" id=\"m189\"><button type=\"button\" class=\"w-tabs-section-header\" aria-controls=\"content-m189\" aria-expanded=\"false\"><div class=\"w-tabs-section-title\">How many concerts does the festival have?<\/div><div class=\"w-tabs-section-control\"><\/div><\/button><div  class=\"w-tabs-section-content\" id=\"content-m189\"><div class=\"w-tabs-section-content-h i-cf\"><div class=\"wpb_text_column\"><div class=\"wpb_wrapper\"><p>The official programme consists of 15 concerts spread throughout September.<\/p>\n<\/div><\/div><\/div><\/div><\/div><div class=\"w-tabs-section\" id=\"p2c9\"><button type=\"button\" class=\"w-tabs-section-header\" aria-controls=\"content-p2c9\" aria-expanded=\"false\"><div class=\"w-tabs-section-title\">Which flamenco concerts are included in the Pepe Romero Guitar Festival?<\/div><div class=\"w-tabs-section-control\"><\/div><\/button><div  class=\"w-tabs-section-content\" id=\"content-p2c9\"><div class=\"w-tabs-section-content-h i-cf\"><div class=\"wpb_text_column\"><div class=\"wpb_wrapper\"><p>The Trasnoches Flamencos series includes Alejandro Hurtado and Inmaculada Salom\u00f3n, El Amir, Pituquete with Encarna Anillo, Daniel Casares, Jos\u00e9 Ferm\u00edn Fern\u00e1ndez, Joni Jim\u00e9nez with Jes\u00fas M\u00e9ndez and Ricardo Fern\u00e1ndez del Moral. The first of these events took place on 4 September.<\/p>\n<\/div><\/div><\/div><\/div><\/div><div class=\"w-tabs-section\" id=\"d42e\"><button type=\"button\" class=\"w-tabs-section-header\" aria-controls=\"content-d42e\" aria-expanded=\"false\"><div class=\"w-tabs-section-title\">How much do tickets cost?<\/div><div class=\"w-tabs-section-control\"><\/div><\/button><div  class=\"w-tabs-section-content\" id=\"content-d42e\"><div class=\"w-tabs-section-content-h i-cf\"><div class=\"wpb_text_column\"><div class=\"wpb_wrapper\"><p>Published prices for 2026 range from \u20ac10 to \u20ac20, depending on the concert.<\/p>\n<\/div><\/div><\/div><\/div><\/div><div class=\"w-tabs-section\" id=\"g579\"><button type=\"button\" class=\"w-tabs-section-header\" aria-controls=\"content-g579\" aria-expanded=\"false\"><div class=\"w-tabs-section-title\">Where can tickets be bought?<\/div><div class=\"w-tabs-section-control\"><\/div><\/button><div  class=\"w-tabs-section-content\" id=\"content-g579\"><div class=\"w-tabs-section-content-h i-cf\"><div class=\"wpb_text_column\"><div class=\"wpb_wrapper\"><p>Most concerts are sold through MiEntrada. The official website links the 30 September closing concert at Teatro Cervantes to UniEntradas.<\/p>\n<\/div><\/div><\/div><\/div><\/div><div class=\"w-tabs-section\" id=\"l6ca\"><button type=\"button\" class=\"w-tabs-section-header\" aria-controls=\"content-l6ca\" aria-expanded=\"false\"><div class=\"w-tabs-section-title\">Are any concerts sold out?<\/div><div class=\"w-tabs-section-control\"><\/div><\/button><div  class=\"w-tabs-section-content\" id=\"content-l6ca\"><div class=\"w-tabs-section-content-h i-cf\"><div class=\"wpb_text_column\"><div class=\"wpb_wrapper\"><p>As of 5 September, tickets for Jacob Kellerman on the 5th and Ausi\u00e0s Parejo on the 12th are shown as sold out. The 4 September opening concert with Alejandro Hurtado and Inmaculada Salom\u00f3n also sold out.<\/p>\n<\/div><\/div><\/div><\/div><\/div><div class=\"w-tabs-section\" id=\"m83a\"><button type=\"button\" class=\"w-tabs-section-header\" aria-controls=\"content-m83a\" aria-expanded=\"false\"><div class=\"w-tabs-section-title\">Where are the concerts held?<\/div><div class=\"w-tabs-section-control\"><\/div><\/button><div  class=\"w-tabs-section-content\" id=\"content-m83a\"><div class=\"w-tabs-section-content-h i-cf\"><div class=\"wpb_text_column\"><div class=\"wpb_wrapper\"><p>The four main venues are the Patio de Surtidores at the Alcazaba of M\u00e1laga, the Fundaci\u00f3n Unicaja Mar\u00eda Cristina Hall, the Fundaci\u00f3n Unicaja Cultural Centre in M\u00e1laga and Teatro Cervantes.<\/p>\n<\/div><\/div><\/div><\/div><\/div><div class=\"w-tabs-section\" id=\"w988\"><button type=\"button\" class=\"w-tabs-section-header\" aria-controls=\"content-w988\" aria-expanded=\"false\"><div class=\"w-tabs-section-title\">When does Daniel Casares perform?<\/div><div class=\"w-tabs-section-control\"><\/div><\/button><div  class=\"w-tabs-section-content\" id=\"content-w988\"><div class=\"w-tabs-section-content-h i-cf\"><div class=\"wpb_text_column\"><div class=\"wpb_wrapper\"><p>Daniel Casares performs on Saturday 19 September at 19:30 in the Fundaci\u00f3n Unicaja Mar\u00eda Cristina Hall. The published ticket price is \u20ac12.<\/p>\n<\/div><\/div><\/div><\/div><\/div><div class=\"w-tabs-section\" id=\"aad7\"><button type=\"button\" class=\"w-tabs-section-header\" aria-controls=\"content-aad7\" aria-expanded=\"false\"><div class=\"w-tabs-section-title\">When do Joni Jim\u00e9nez and Jes\u00fas M\u00e9ndez perform?<\/div><div class=\"w-tabs-section-control\"><\/div><\/button><div  class=\"w-tabs-section-content\" id=\"content-aad7\"><div class=\"w-tabs-section-content-h i-cf\"><div class=\"wpb_text_column\"><div class=\"wpb_wrapper\"><p>They perform on Friday 25 September at 19:30 in the Fundaci\u00f3n Unicaja Mar\u00eda Cristina Hall. The ticket costs \u20ac10 according to the official programme.<\/p>\n<\/div><\/div><\/div><\/div><\/div><div class=\"w-tabs-section\" id=\"ic3b\"><button type=\"button\" class=\"w-tabs-section-header\" aria-controls=\"content-ic3b\" aria-expanded=\"false\"><div class=\"w-tabs-section-title\">Who closes the festival?<\/div><div class=\"w-tabs-section-control\"><\/div><\/button><div  class=\"w-tabs-section-content\" id=\"content-ic3b\"><div class=\"w-tabs-section-content-h i-cf\"><div class=\"wpb_text_column\"><div class=\"wpb_wrapper\"><p>Pepe Romero closes the fifth edition on 30 September at Teatro Cervantes together with the M\u00e1laga Philharmonic Orchestra and conductor Jos\u00e9 Mar\u00eda Moreno, with a programme including Joaqu\u00edn Rodrigo&#8217;s Concierto de Aranjuez and film music by John Williams.<\/p>\n<\/div><\/div><\/div><\/div><\/div><\/div><\/div><\/div><\/div><\/div><div class=\"vc_col-sm-1\/5 wpb_column vc_column_container\"><div class=\"vc_column-inner\"><div class=\"wpb_wrapper\"><\/div><\/div><\/div><\/div><\/div><\/section>\n","protected":false},"excerpt":{"rendered":"<p>Complete guide to the Pepe Romero International Guitar Festival 2026 in M\u00e1laga: 15 concerts, flamenco performances, artists, venues, prices and tickets.<\/p>\n","protected":false},"author":1,"featured_media":14939,"comment_status":"closed","ping_status":"closed","sticky":false,"template":"","format":"standard","meta":{"_acf_changed":false,"wpai_generated_summary":"","_ayudawp_aiss_exclude":false,"_ayudawp_aiss_exclude_summary":false,"_ayudawp_aiss_summary":"","_ayudawp_aiss_summary_provider":"","_ayudawp_aiss_summary_hash":"","footnotes":""},"categories":[1667],"tags":[1389],"class_list":["post-15037","post","type-post","status-publish","format-standard","has-post-thumbnail","hentry","category-flamenco-festivals","tag-flamenco-guitar"],"acf":[],"yoast_head":"<!-- This site is optimized with the Yoast SEO Premium plugin v28.4 (Yoast SEO v28.4) - https:\/\/yoast.com\/product\/yoast-seo-premium-wordpress\/ -->\n<title>Pepe Romero Guitar Festival M\u00e1laga 2026: Programme &amp; Tickets<\/title>\n<meta name=\"description\" content=\"Pepe Romero International Guitar Festival 2026 in M\u00e1laga: 15 concerts, flamenco, artists, venues, prices and tickets.\" \/>\n<meta name=\"robots\" content=\"index, follow, max-snippet:-1, max-image-preview:large, max-video-preview:-1\" \/>\n<link rel=\"canonical\" href=\"https:\/\/www.tablaosflamencos.com\/en\/pepe-romero-guitar-festival-malaga-2026.html\" \/>\n<meta property=\"og:locale\" content=\"en_US\" \/>\n<meta property=\"og:type\" content=\"article\" \/>\n<meta property=\"og:title\" content=\"Pepe Romero International Guitar Festival 2026 in M\u00e1laga: programme, artists, flamenco concerts, venues and tickets\" \/>\n<meta property=\"og:description\" content=\"Pepe Romero International Guitar Festival 2026 in M\u00e1laga: 15 concerts, flamenco, artists, venues, prices and tickets.\" \/>\n<meta property=\"og:url\" content=\"https:\/\/www.tablaosflamencos.com\/en\/pepe-romero-guitar-festival-malaga-2026.html\" \/>\n<meta property=\"og:site_name\" content=\"Tablaos Flamencos\" \/>\n<meta property=\"article:publisher\" content=\"https:\/\/www.facebook.com\/tablaosflamencos\" \/>\n<meta property=\"article:published_time\" content=\"2026-09-06T14:39:25+00:00\" \/>\n<meta property=\"article:modified_time\" content=\"2026-09-06T15:06:55+00:00\" \/>\n<meta property=\"og:image\" content=\"https:\/\/www.tablaosflamencos.com\/wp-content\/uploads\/festival-internacional-de-guitarra-pepe-romero-2026-en-malaga-programa-artistas-conciertos-flamencos-sedes-y-entradas-01.webp\" \/>\n\t<meta property=\"og:image:width\" content=\"1672\" \/>\n\t<meta property=\"og:image:height\" content=\"941\" \/>\n\t<meta property=\"og:image:type\" content=\"image\/webp\" \/>\n<meta name=\"author\" content=\"Miguel Ortiz\" \/>\n<meta name=\"twitter:card\" content=\"summary_large_image\" \/>\n<meta name=\"twitter:creator\" content=\"@tablaosflamenco\" \/>\n<meta name=\"twitter:site\" content=\"@tablaosflamenco\" \/>\n<meta name=\"twitter:label1\" content=\"Written by\" \/>\n\t<meta name=\"twitter:data1\" content=\"Miguel Ortiz\" \/>\n\t<meta name=\"twitter:label2\" content=\"Est. reading time\" \/>\n\t<meta name=\"twitter:data2\" content=\"18 minutes\" \/>\n<script type=\"application\/ld+json\" class=\"yoast-schema-graph\">{\"@context\":\"https:\\\/\\\/schema.org\",\"@graph\":[{\"@type\":\"Article\",\"@id\":\"https:\\\/\\\/www.tablaosflamencos.com\\\/en\\\/pepe-romero-guitar-festival-malaga-2026.html#article\",\"isPartOf\":{\"@id\":\"https:\\\/\\\/www.tablaosflamencos.com\\\/en\\\/pepe-romero-guitar-festival-malaga-2026.html\"},\"author\":{\"name\":\"Miguel Ortiz\",\"@id\":\"https:\\\/\\\/www.tablaosflamencos.com\\\/en#\\\/schema\\\/person\\\/e7a9ebe14eb75a52ceabfbffb3c54f5d\"},\"headline\":\"Pepe Romero International Guitar Festival 2026 in M\u00e1laga: programme, artists, flamenco concerts, venues and tickets\",\"datePublished\":\"2026-09-06T14:39:25+00:00\",\"dateModified\":\"2026-09-06T15:06:55+00:00\",\"mainEntityOfPage\":{\"@id\":\"https:\\\/\\\/www.tablaosflamencos.com\\\/en\\\/pepe-romero-guitar-festival-malaga-2026.html\"},\"wordCount\":3630,\"publisher\":{\"@id\":\"https:\\\/\\\/www.tablaosflamencos.com\\\/en#organization\"},\"image\":{\"@id\":\"https:\\\/\\\/www.tablaosflamencos.com\\\/en\\\/pepe-romero-guitar-festival-malaga-2026.html#primaryimage\"},\"thumbnailUrl\":\"https:\\\/\\\/www.tablaosflamencos.com\\\/wp-content\\\/uploads\\\/festival-internacional-de-guitarra-pepe-romero-2026-en-malaga-programa-artistas-conciertos-flamencos-sedes-y-entradas-01.webp\",\"keywords\":[\"flamenco guitar\"],\"articleSection\":[\"Flamenco festivals\"],\"inLanguage\":\"en-US\"},{\"@type\":\"WebPage\",\"@id\":\"https:\\\/\\\/www.tablaosflamencos.com\\\/en\\\/pepe-romero-guitar-festival-malaga-2026.html\",\"url\":\"https:\\\/\\\/www.tablaosflamencos.com\\\/en\\\/pepe-romero-guitar-festival-malaga-2026.html\",\"name\":\"Pepe Romero Guitar Festival M\u00e1laga 2026: Programme & Tickets\",\"isPartOf\":{\"@id\":\"https:\\\/\\\/www.tablaosflamencos.com\\\/en#website\"},\"primaryImageOfPage\":{\"@id\":\"https:\\\/\\\/www.tablaosflamencos.com\\\/en\\\/pepe-romero-guitar-festival-malaga-2026.html#primaryimage\"},\"image\":{\"@id\":\"https:\\\/\\\/www.tablaosflamencos.com\\\/en\\\/pepe-romero-guitar-festival-malaga-2026.html#primaryimage\"},\"thumbnailUrl\":\"https:\\\/\\\/www.tablaosflamencos.com\\\/wp-content\\\/uploads\\\/festival-internacional-de-guitarra-pepe-romero-2026-en-malaga-programa-artistas-conciertos-flamencos-sedes-y-entradas-01.webp\",\"datePublished\":\"2026-09-06T14:39:25+00:00\",\"dateModified\":\"2026-09-06T15:06:55+00:00\",\"description\":\"Pepe Romero International Guitar Festival 2026 in M\u00e1laga: 15 concerts, flamenco, artists, venues, prices and tickets.\",\"breadcrumb\":{\"@id\":\"https:\\\/\\\/www.tablaosflamencos.com\\\/en\\\/pepe-romero-guitar-festival-malaga-2026.html#breadcrumb\"},\"inLanguage\":\"en-US\",\"potentialAction\":[{\"@type\":\"ReadAction\",\"target\":[\"https:\\\/\\\/www.tablaosflamencos.com\\\/en\\\/pepe-romero-guitar-festival-malaga-2026.html\"]}]},{\"@type\":\"ImageObject\",\"inLanguage\":\"en-US\",\"@id\":\"https:\\\/\\\/www.tablaosflamencos.com\\\/en\\\/pepe-romero-guitar-festival-malaga-2026.html#primaryimage\",\"url\":\"https:\\\/\\\/www.tablaosflamencos.com\\\/wp-content\\\/uploads\\\/festival-internacional-de-guitarra-pepe-romero-2026-en-malaga-programa-artistas-conciertos-flamencos-sedes-y-entradas-01.webp\",\"contentUrl\":\"https:\\\/\\\/www.tablaosflamencos.com\\\/wp-content\\\/uploads\\\/festival-internacional-de-guitarra-pepe-romero-2026-en-malaga-programa-artistas-conciertos-flamencos-sedes-y-entradas-01.webp\",\"width\":1672,\"height\":941,\"caption\":\"Guitarrista en concierto nocturno en M\u00e1laga para el Festival Internacional de Guitarra Pepe Romero 2026\"},{\"@type\":\"BreadcrumbList\",\"@id\":\"https:\\\/\\\/www.tablaosflamencos.com\\\/en\\\/pepe-romero-guitar-festival-malaga-2026.html#breadcrumb\",\"itemListElement\":[{\"@type\":\"ListItem\",\"position\":1,\"name\":\"Home\",\"item\":\"https:\\\/\\\/www.tablaosflamencos.com\\\/en\"},{\"@type\":\"ListItem\",\"position\":2,\"name\":\"Pepe Romero International Guitar Festival 2026 in M\u00e1laga: programme, artists, flamenco concerts, venues and tickets\"}]},{\"@type\":\"WebSite\",\"@id\":\"https:\\\/\\\/www.tablaosflamencos.com\\\/en#website\",\"url\":\"https:\\\/\\\/www.tablaosflamencos.com\\\/en\",\"name\":\"Tablaos Flamencos\",\"description\":\"Entradas para tablaos flamencos de Espa\u00f1a\",\"publisher\":{\"@id\":\"https:\\\/\\\/www.tablaosflamencos.com\\\/en#organization\"},\"alternateName\":\"Tablaos Flamencos\",\"potentialAction\":[{\"@type\":\"SearchAction\",\"target\":{\"@type\":\"EntryPoint\",\"urlTemplate\":\"https:\\\/\\\/www.tablaosflamencos.com\\\/en?s={search_term_string}\"},\"query-input\":{\"@type\":\"PropertyValueSpecification\",\"valueRequired\":true,\"valueName\":\"search_term_string\"}}],\"inLanguage\":\"en-US\"},{\"@type\":[\"Organization\",\"Place\",\"EntertainmentBusiness\"],\"@id\":\"https:\\\/\\\/www.tablaosflamencos.com\\\/en#organization\",\"name\":\"Tablaos Flamencos\",\"alternateName\":\"Tablaos Flamencos\",\"url\":\"https:\\\/\\\/www.tablaosflamencos.com\\\/en\",\"logo\":{\"@id\":\"https:\\\/\\\/www.tablaosflamencos.com\\\/en\\\/pepe-romero-guitar-festival-malaga-2026.html#local-main-organization-logo\"},\"image\":{\"@id\":\"https:\\\/\\\/www.tablaosflamencos.com\\\/en\\\/pepe-romero-guitar-festival-malaga-2026.html#local-main-organization-logo\"},\"sameAs\":[\"https:\\\/\\\/www.facebook.com\\\/tablaosflamencos\",\"https:\\\/\\\/x.com\\\/tablaosflamenco\",\"https:\\\/\\\/mastodon.social\\\/@tablaosflamencos\",\"https:\\\/\\\/www.instagram.com\\\/tablaosflamencos\",\"https:\\\/\\\/tiktok.com\\\/@tablaosflamencos\",\"https:\\\/\\\/www.linkedin.com\\\/company\\\/109408238\\\/\"],\"description\":\"Venta de entradas para espect\u00e1culos flamencos\",\"legalName\":\"Tablaos Flamencos\",\"foundingDate\":\"2015-01-01\",\"numberOfEmployees\":{\"@type\":\"QuantitativeValue\",\"minValue\":\"1\",\"maxValue\":\"10\"},\"address\":{\"@id\":\"https:\\\/\\\/www.tablaosflamencos.com\\\/en\\\/pepe-romero-guitar-festival-malaga-2026.html#local-main-place-address\"},\"geo\":{\"@type\":\"GeoCoordinates\",\"latitude\":\"37.3868072\",\"longitude\":\"-5.993280299999999\"},\"telephone\":[\"+34623787787\"],\"contactPoint\":{\"@type\":\"ContactPoint\",\"telephone\":\"+34623787787\",\"email\":\"info@tablaosflamencos.com\"},\"openingHoursSpecification\":{\"@type\":\"OpeningHoursSpecification\",\"dayOfWeek\":[\"Monday\",\"Tuesday\",\"Wednesday\",\"Thursday\",\"Friday\",\"Saturday\",\"Sunday\"],\"opens\":\"00:00\",\"closes\":\"23:59\"},\"email\":\"info@tablaosflamencos.com\",\"priceRange\":\"$$$\",\"currenciesAccepted\":\"\u20ac\"},{\"@type\":\"Person\",\"@id\":\"https:\\\/\\\/www.tablaosflamencos.com\\\/en#\\\/schema\\\/person\\\/e7a9ebe14eb75a52ceabfbffb3c54f5d\",\"name\":\"Miguel Ortiz\",\"description\":\"Miguel Ortiz es un empresario flamenco, con una s\u00f3lida trayectoria dentro del sector. Ha presidido entidades culturales vinculadas al flamenco y, cuenta con un amplio recorrido profesional en la gesti\u00f3n y promoci\u00f3n de espect\u00e1culos y tablaos flamencos. Su pasi\u00f3n por la historia y el arte flamenco se refleja en cada art\u00edculo, donde combina experiencia, criterio y un profundo respeto por la tradici\u00f3n.\",\"sameAs\":[\"https:\\\/\\\/www.tablaosflamencos.com\",\"https:\\\/\\\/www.instagra.com\\\/miguelortizfe\",\"https:\\\/\\\/www.linkedin.com\\\/in\\\/miguelortizf\\\/\"],\"birthDate\":\"1984-11-22\",\"gender\":\"hombre\",\"knowsLanguage\":[\"espa\u00f1ol\",\"ingl\u00e9s\"],\"jobTitle\":\"Empresario flamenco\"},{\"@type\":\"PostalAddress\",\"@id\":\"https:\\\/\\\/www.tablaosflamencos.com\\\/en\\\/pepe-romero-guitar-festival-malaga-2026.html#local-main-place-address\",\"streetAddress\":\"C\\\/ Alemanes, 19\",\"addressLocality\":\"Sevilla\",\"postalCode\":\"41004\",\"addressRegion\":\"Sevilla\",\"addressCountry\":\"ES\"},{\"@type\":\"ImageObject\",\"inLanguage\":\"en-US\",\"@id\":\"https:\\\/\\\/www.tablaosflamencos.com\\\/en\\\/pepe-romero-guitar-festival-malaga-2026.html#local-main-organization-logo\",\"url\":\"https:\\\/\\\/www.tablaosflamencos.com\\\/wp-content\\\/uploads\\\/tablaos-flamencos-06-3.webp\",\"contentUrl\":\"https:\\\/\\\/www.tablaosflamencos.com\\\/wp-content\\\/uploads\\\/tablaos-flamencos-06-3.webp\",\"width\":600,\"height\":620,\"caption\":\"Tablaos Flamencos\"}]}<\/script>\n<meta name=\"geo.placename\" content=\"Sevilla\" \/>\n<meta name=\"geo.position\" content=\"37.3868072;-5.993280299999999\" \/>\n<meta name=\"geo.region\" content=\"Spain\" \/>\n<!-- \/ Yoast SEO Premium plugin. -->","yoast_head_json":{"title":"Pepe Romero Guitar Festival M\u00e1laga 2026: Programme & Tickets","description":"Pepe Romero International Guitar Festival 2026 in M\u00e1laga: 15 concerts, flamenco, artists, venues, prices and tickets.","robots":{"index":"index","follow":"follow","max-snippet":"max-snippet:-1","max-image-preview":"max-image-preview:large","max-video-preview":"max-video-preview:-1"},"canonical":"https:\/\/www.tablaosflamencos.com\/en\/pepe-romero-guitar-festival-malaga-2026.html","og_locale":"en_US","og_type":"article","og_title":"Pepe Romero International Guitar Festival 2026 in M\u00e1laga: programme, artists, flamenco concerts, venues and tickets","og_description":"Pepe Romero International Guitar Festival 2026 in M\u00e1laga: 15 concerts, flamenco, artists, venues, prices and tickets.","og_url":"https:\/\/www.tablaosflamencos.com\/en\/pepe-romero-guitar-festival-malaga-2026.html","og_site_name":"Tablaos Flamencos","article_publisher":"https:\/\/www.facebook.com\/tablaosflamencos","article_published_time":"2026-09-06T14:39:25+00:00","article_modified_time":"2026-09-06T15:06:55+00:00","og_image":[{"width":1672,"height":941,"url":"https:\/\/www.tablaosflamencos.com\/wp-content\/uploads\/festival-internacional-de-guitarra-pepe-romero-2026-en-malaga-programa-artistas-conciertos-flamencos-sedes-y-entradas-01.webp","type":"image\/webp"}],"author":"Miguel Ortiz","twitter_card":"summary_large_image","twitter_creator":"@tablaosflamenco","twitter_site":"@tablaosflamenco","twitter_misc":{"Written by":"Miguel Ortiz","Est. reading time":"18 minutes"},"schema":{"@context":"https:\/\/schema.org","@graph":[{"@type":"Article","@id":"https:\/\/www.tablaosflamencos.com\/en\/pepe-romero-guitar-festival-malaga-2026.html#article","isPartOf":{"@id":"https:\/\/www.tablaosflamencos.com\/en\/pepe-romero-guitar-festival-malaga-2026.html"},"author":{"name":"Miguel Ortiz","@id":"https:\/\/www.tablaosflamencos.com\/en#\/schema\/person\/e7a9ebe14eb75a52ceabfbffb3c54f5d"},"headline":"Pepe Romero International Guitar Festival 2026 in M\u00e1laga: programme, artists, flamenco concerts, venues and tickets","datePublished":"2026-09-06T14:39:25+00:00","dateModified":"2026-09-06T15:06:55+00:00","mainEntityOfPage":{"@id":"https:\/\/www.tablaosflamencos.com\/en\/pepe-romero-guitar-festival-malaga-2026.html"},"wordCount":3630,"publisher":{"@id":"https:\/\/www.tablaosflamencos.com\/en#organization"},"image":{"@id":"https:\/\/www.tablaosflamencos.com\/en\/pepe-romero-guitar-festival-malaga-2026.html#primaryimage"},"thumbnailUrl":"https:\/\/www.tablaosflamencos.com\/wp-content\/uploads\/festival-internacional-de-guitarra-pepe-romero-2026-en-malaga-programa-artistas-conciertos-flamencos-sedes-y-entradas-01.webp","keywords":["flamenco guitar"],"articleSection":["Flamenco festivals"],"inLanguage":"en-US"},{"@type":"WebPage","@id":"https:\/\/www.tablaosflamencos.com\/en\/pepe-romero-guitar-festival-malaga-2026.html","url":"https:\/\/www.tablaosflamencos.com\/en\/pepe-romero-guitar-festival-malaga-2026.html","name":"Pepe Romero Guitar Festival M\u00e1laga 2026: Programme & Tickets","isPartOf":{"@id":"https:\/\/www.tablaosflamencos.com\/en#website"},"primaryImageOfPage":{"@id":"https:\/\/www.tablaosflamencos.com\/en\/pepe-romero-guitar-festival-malaga-2026.html#primaryimage"},"image":{"@id":"https:\/\/www.tablaosflamencos.com\/en\/pepe-romero-guitar-festival-malaga-2026.html#primaryimage"},"thumbnailUrl":"https:\/\/www.tablaosflamencos.com\/wp-content\/uploads\/festival-internacional-de-guitarra-pepe-romero-2026-en-malaga-programa-artistas-conciertos-flamencos-sedes-y-entradas-01.webp","datePublished":"2026-09-06T14:39:25+00:00","dateModified":"2026-09-06T15:06:55+00:00","description":"Pepe Romero International Guitar Festival 2026 in M\u00e1laga: 15 concerts, flamenco, artists, venues, prices and tickets.","breadcrumb":{"@id":"https:\/\/www.tablaosflamencos.com\/en\/pepe-romero-guitar-festival-malaga-2026.html#breadcrumb"},"inLanguage":"en-US","potentialAction":[{"@type":"ReadAction","target":["https:\/\/www.tablaosflamencos.com\/en\/pepe-romero-guitar-festival-malaga-2026.html"]}]},{"@type":"ImageObject","inLanguage":"en-US","@id":"https:\/\/www.tablaosflamencos.com\/en\/pepe-romero-guitar-festival-malaga-2026.html#primaryimage","url":"https:\/\/www.tablaosflamencos.com\/wp-content\/uploads\/festival-internacional-de-guitarra-pepe-romero-2026-en-malaga-programa-artistas-conciertos-flamencos-sedes-y-entradas-01.webp","contentUrl":"https:\/\/www.tablaosflamencos.com\/wp-content\/uploads\/festival-internacional-de-guitarra-pepe-romero-2026-en-malaga-programa-artistas-conciertos-flamencos-sedes-y-entradas-01.webp","width":1672,"height":941,"caption":"Guitarrista en concierto nocturno en M\u00e1laga para el Festival Internacional de Guitarra Pepe Romero 2026"},{"@type":"BreadcrumbList","@id":"https:\/\/www.tablaosflamencos.com\/en\/pepe-romero-guitar-festival-malaga-2026.html#breadcrumb","itemListElement":[{"@type":"ListItem","position":1,"name":"Home","item":"https:\/\/www.tablaosflamencos.com\/en"},{"@type":"ListItem","position":2,"name":"Pepe Romero International Guitar Festival 2026 in M\u00e1laga: programme, artists, flamenco concerts, venues and tickets"}]},{"@type":"WebSite","@id":"https:\/\/www.tablaosflamencos.com\/en#website","url":"https:\/\/www.tablaosflamencos.com\/en","name":"Tablaos Flamencos","description":"Entradas para tablaos flamencos de Espa\u00f1a","publisher":{"@id":"https:\/\/www.tablaosflamencos.com\/en#organization"},"alternateName":"Tablaos Flamencos","potentialAction":[{"@type":"SearchAction","target":{"@type":"EntryPoint","urlTemplate":"https:\/\/www.tablaosflamencos.com\/en?s={search_term_string}"},"query-input":{"@type":"PropertyValueSpecification","valueRequired":true,"valueName":"search_term_string"}}],"inLanguage":"en-US"},{"@type":["Organization","Place","EntertainmentBusiness"],"@id":"https:\/\/www.tablaosflamencos.com\/en#organization","name":"Tablaos Flamencos","alternateName":"Tablaos Flamencos","url":"https:\/\/www.tablaosflamencos.com\/en","logo":{"@id":"https:\/\/www.tablaosflamencos.com\/en\/pepe-romero-guitar-festival-malaga-2026.html#local-main-organization-logo"},"image":{"@id":"https:\/\/www.tablaosflamencos.com\/en\/pepe-romero-guitar-festival-malaga-2026.html#local-main-organization-logo"},"sameAs":["https:\/\/www.facebook.com\/tablaosflamencos","https:\/\/x.com\/tablaosflamenco","https:\/\/mastodon.social\/@tablaosflamencos","https:\/\/www.instagram.com\/tablaosflamencos","https:\/\/tiktok.com\/@tablaosflamencos","https:\/\/www.linkedin.com\/company\/109408238\/"],"description":"Venta de entradas para espect\u00e1culos flamencos","legalName":"Tablaos Flamencos","foundingDate":"2015-01-01","numberOfEmployees":{"@type":"QuantitativeValue","minValue":"1","maxValue":"10"},"address":{"@id":"https:\/\/www.tablaosflamencos.com\/en\/pepe-romero-guitar-festival-malaga-2026.html#local-main-place-address"},"geo":{"@type":"GeoCoordinates","latitude":"37.3868072","longitude":"-5.993280299999999"},"telephone":["+34623787787"],"contactPoint":{"@type":"ContactPoint","telephone":"+34623787787","email":"info@tablaosflamencos.com"},"openingHoursSpecification":{"@type":"OpeningHoursSpecification","dayOfWeek":["Monday","Tuesday","Wednesday","Thursday","Friday","Saturday","Sunday"],"opens":"00:00","closes":"23:59"},"email":"info@tablaosflamencos.com","priceRange":"$$$","currenciesAccepted":"\u20ac"},{"@type":"Person","@id":"https:\/\/www.tablaosflamencos.com\/en#\/schema\/person\/e7a9ebe14eb75a52ceabfbffb3c54f5d","name":"Miguel Ortiz","description":"Miguel Ortiz es un empresario flamenco, con una s\u00f3lida trayectoria dentro del sector. Ha presidido entidades culturales vinculadas al flamenco y, cuenta con un amplio recorrido profesional en la gesti\u00f3n y promoci\u00f3n de espect\u00e1culos y tablaos flamencos. Su pasi\u00f3n por la historia y el arte flamenco se refleja en cada art\u00edculo, donde combina experiencia, criterio y un profundo respeto por la tradici\u00f3n.","sameAs":["https:\/\/www.tablaosflamencos.com","https:\/\/www.instagra.com\/miguelortizfe","https:\/\/www.linkedin.com\/in\/miguelortizf\/"],"birthDate":"1984-11-22","gender":"hombre","knowsLanguage":["espa\u00f1ol","ingl\u00e9s"],"jobTitle":"Empresario flamenco"},{"@type":"PostalAddress","@id":"https:\/\/www.tablaosflamencos.com\/en\/pepe-romero-guitar-festival-malaga-2026.html#local-main-place-address","streetAddress":"C\/ Alemanes, 19","addressLocality":"Sevilla","postalCode":"41004","addressRegion":"Sevilla","addressCountry":"ES"},{"@type":"ImageObject","inLanguage":"en-US","@id":"https:\/\/www.tablaosflamencos.com\/en\/pepe-romero-guitar-festival-malaga-2026.html#local-main-organization-logo","url":"https:\/\/www.tablaosflamencos.com\/wp-content\/uploads\/tablaos-flamencos-06-3.webp","contentUrl":"https:\/\/www.tablaosflamencos.com\/wp-content\/uploads\/tablaos-flamencos-06-3.webp","width":600,"height":620,"caption":"Tablaos Flamencos"}]},"geo.placename":"Sevilla","geo.position":{"lat":"37.3868072","long":"-5.993280299999999"},"geo.region":"Spain"},"_links":{"self":[{"href":"https:\/\/www.tablaosflamencos.com\/en\/wp-json\/wp\/v2\/posts\/15037","targetHints":{"allow":["GET"]}}],"collection":[{"href":"https:\/\/www.tablaosflamencos.com\/en\/wp-json\/wp\/v2\/posts"}],"about":[{"href":"https:\/\/www.tablaosflamencos.com\/en\/wp-json\/wp\/v2\/types\/post"}],"author":[{"embeddable":true,"href":"https:\/\/www.tablaosflamencos.com\/en\/wp-json\/wp\/v2\/users\/1"}],"replies":[{"embeddable":true,"href":"https:\/\/www.tablaosflamencos.com\/en\/wp-json\/wp\/v2\/comments?post=15037"}],"version-history":[{"count":0,"href":"https:\/\/www.tablaosflamencos.com\/en\/wp-json\/wp\/v2\/posts\/15037\/revisions"}],"wp:featuredmedia":[{"embeddable":true,"href":"https:\/\/www.tablaosflamencos.com\/en\/wp-json\/wp\/v2\/media\/14939"}],"wp:attachment":[{"href":"https:\/\/www.tablaosflamencos.com\/en\/wp-json\/wp\/v2\/media?parent=15037"}],"wp:term":[{"taxonomy":"category","embeddable":true,"href":"https:\/\/www.tablaosflamencos.com\/en\/wp-json\/wp\/v2\/categories?post=15037"},{"taxonomy":"post_tag","embeddable":true,"href":"https:\/\/www.tablaosflamencos.com\/en\/wp-json\/wp\/v2\/tags?post=15037"}],"curies":[{"name":"wp","href":"https:\/\/api.w.org\/{rel}","templated":true}]}}