{"id":15007,"date":"2026-09-06T16:15:05","date_gmt":"2026-09-06T14:15:05","guid":{"rendered":"https:\/\/www.tablaosflamencos.com\/?p=15007"},"modified":"2026-09-06T16:55:09","modified_gmt":"2026-09-06T14:55:09","slug":"festival-el-bucaro-2026-programme-artists-date-tickets","status":"publish","type":"post","link":"https:\/\/www.tablaosflamencos.com\/en\/festival-el-bucaro-2026-programme-artists-date-tickets.html","title":{"rendered":"Festival El B\u00facaro 2026: programme, artists, date and everything you need to know"},"content":{"rendered":"<section class=\"l-section wpb_row height_huge\"><div class=\"l-section-h i-cf\"><div class=\"g-cols vc_row via_flex valign_top type_default stacking_default\"><div class=\"vc_col-sm-6 wpb_column vc_column_container\"><div class=\"vc_column-inner\"><div class=\"wpb_wrapper\"><div class=\"wpb_text_column\"><div class=\"wpb_wrapper\"><h2>Festival El B\u00facaro 2026: una de las grandes noches de cante de septiembre en Sevilla<\/h2>\n<p>El <strong>XLIII Festival de Cante Flamenco El B\u00facaro<\/strong> se celebrar\u00e1 el <strong>viernes 18 de septiembre de 2026, a las 22:00 horas<\/strong>, en la <strong>Hacienda Santa Cruz de La Rinconada<\/strong>, en la provincia de Sevilla. La cita alcanza su edici\u00f3n n\u00famero 43 con un cartel encabezado por <strong>El Pele<\/strong> y completado al cante por <strong>Consuelo Hald\u00f3n, Rubito Hijo, Caracolillo de C\u00e1diz y Fernando El Goyo<\/strong>.<\/p>\n<p>La noche reunir\u00e1 adem\u00e1s a algunos de los nombres m\u00e1s reconocibles de la guitarra flamenca sevillana: <strong>Antonio Carri\u00f3n, Ni\u00f1o Seve, Manuel Herrera y Juan Quir\u00f3s<\/strong> estar\u00e1n al toque, mientras que <strong>Manuel Herrera Hijo<\/strong> ofrecer\u00e1 una intervenci\u00f3n como guitarra solista. <strong>Concha Carri\u00f3n y \u00c1ngel Pe\u00f1a<\/strong> estar\u00e1n a las palmas y <strong>Salvador Milla<\/strong> volver\u00e1 a conducir el festival.<\/p>\n<p>&nbsp;<\/p>\n<blockquote>\n<p><strong>Respuesta r\u00e1pida:<\/strong> El Festival El B\u00facaro 2026 se celebra el 18 de septiembre a las 22:00 en la Hacienda Santa Cruz de La Rinconada. La entrada cuesta 10 \u20ac, se vende presencialmente en el Centro Cultural de La Villa y, si quedan localidades, en la taquilla de la Hacienda desde una hora antes. El cartel incluye a El Pele, Consuelo Hald\u00f3n, Rubito Hijo, Caracolillo de C\u00e1diz y Fernando El Goyo.<\/p>\n<\/blockquote>\n<\/div><\/div><\/div><\/div><\/div><div class=\"vc_col-sm-6 wpb_column vc_column_container\"><div class=\"vc_column-inner\"><div class=\"wpb_wrapper\"><div class=\"wpb_text_column\"><div class=\"wpb_wrapper\"><h3>El B\u00facaro 2026: datos esenciales<\/h3>\n<ul>\n<li><strong>Evento:<\/strong> XLIII Festival de Cante Flamenco El B\u00facaro.<\/li>\n<li><strong>Fecha:<\/strong> viernes 18 de septiembre de 2026.<\/li>\n<li><strong>Hora:<\/strong> 22:00.<\/li>\n<li><strong>Lugar:<\/strong> Hacienda Santa Cruz.<\/li>\n<li><strong>Direcci\u00f3n:<\/strong> Carretera de la Estaci\u00f3n, 2, San Jos\u00e9 de La Rinconada, Sevilla.<\/li>\n<li><strong>Precio:<\/strong> 10 \u20ac.<\/li>\n<li><strong>Venta anticipada:<\/strong> Centro Cultural de La Villa, de 10:00 a 13:00.<\/li>\n<li><strong>Taquilla:<\/strong> desde las 21:00 el d\u00eda del festival, solo si quedan localidades.<\/li>\n<li><strong>Organiza:<\/strong> Pe\u00f1a Cultural Flamenca El B\u00facaro, con la colaboraci\u00f3n del Ayuntamiento de La Rinconada.<\/li>\n<li><strong>Presenta:<\/strong> Salvador Milla.<\/li>\n<li><strong>Dedicatoria 2026:<\/strong> Jafelin Helten, fundadora de ExpoFlamenco.<\/li>\n<\/ul>\n<p><small>La organizaci\u00f3n puede modificar horarios, disponibilidad o condiciones de acceso. Recomendamos comprobar la informaci\u00f3n oficial antes de desplazarse.<\/small><\/p>\n<\/div><\/div><div class=\"w-separator size_medium\"><\/div><div class=\"w-hwrapper valign_top wrap stack_on_mobiles align_center\" style=\"--hwrapper-gap:1.2rem\"><div class=\"w-btn-wrapper align_none\"><a class=\"w-btn us-btn-style_1\" href=\"https:\/\/www.larinconada.es\/es\/noticias\/15493\/el-xliii-festival-de-cante-flamenco-el-bucaro-convierte-a-la-rinconada-en-referente-del-arte-jondo\"><span class=\"w-btn-label\">Consultar informaci\u00f3n oficial<\/span><\/a><\/div><\/div><\/div><\/div><\/div><\/div><\/div><\/section><section class=\"l-section wpb_row height_huge color_alternate with_shape\"><div class=\"l-section-shape type_zigzag pos_top hor_flip\" style=\"height:3vmin;\"><svg xmlns=\"http:\/\/www.w3.org\/2000\/svg\" viewBox=\"0 0 64 8\" preserveAspectRatio=\"none\" width=\"100%\" height=\"100%\">\r\n\t<path fill=\"currentColor\" d=\"M64 8 L0 8 L0 0 L20 7.9 L40 3 L48 5 L64 0 Z\"\/>\r\n<\/svg><\/div><div class=\"l-section-shape type_zigzag pos_bottom\" style=\"height:3vmin;\"><svg xmlns=\"http:\/\/www.w3.org\/2000\/svg\" viewBox=\"0 0 64 8\" preserveAspectRatio=\"none\" width=\"100%\" height=\"100%\">\r\n\t<path fill=\"currentColor\" d=\"M64 8 L0 8 L0 0 L20 7.9 L40 3 L48 5 L64 0 Z\"\/>\r\n<\/svg><\/div><div class=\"l-section-h i-cf\"><div class=\"g-cols vc_row via_flex valign_top type_default stacking_default\"><div class=\"vc_col-sm-12 wpb_column vc_column_container\"><div class=\"vc_column-inner\"><div class=\"wpb_wrapper\"><div class=\"wpb_text_column\"><div class=\"wpb_wrapper\"><h2>Programa y artistas del Festival El B\u00facaro 2026<\/h2>\n<p>La edici\u00f3n de 2026 est\u00e1 concebida como una <strong>gran velada flamenca en una sola noche<\/strong>. La cita comienza a las 22:00 horas y re\u00fane cante, guitarra de acompa\u00f1amiento, guitarra solista y palmas. En el momento de preparar esta gu\u00eda, la organizaci\u00f3n ha publicado el cartel completo, pero <strong>no un orden de actuaci\u00f3n individual ni horarios separados para cada artista<\/strong>.<\/p>\n<p>Por tanto, conviene interpretar el programa como un cartel conjunto y no como una sucesi\u00f3n de pases con horas independientes. Estos son los artistas anunciados oficialmente.<\/p>\n<\/div><\/div><div class=\"w-separator size_medium\"><\/div><div class=\"g-cols wpb_row via_flex valign_top type_default stacking_default\"><div class=\"vc_col-sm-4 wpb_column vc_column_container\"><div class=\"vc_column-inner\"><div class=\"wpb_wrapper\"><div class=\"wpb_text_column\"><div class=\"wpb_wrapper\"><h3>Al cante<\/h3>\n<ul>\n<li><strong>El Pele<\/strong>.<\/li>\n<li><strong>Consuelo Hald\u00f3n<\/strong>.<\/li>\n<li><strong>Rubito Hijo<\/strong>.<\/li>\n<li><strong>Caracolillo de C\u00e1diz<\/strong>.<\/li>\n<li><strong>Fernando El Goyo<\/strong>.<\/li>\n<\/ul>\n<\/div><\/div><\/div><\/div><\/div><div class=\"vc_col-sm-4 wpb_column vc_column_container\"><div class=\"vc_column-inner\"><div class=\"wpb_wrapper\"><div class=\"wpb_text_column\"><div class=\"wpb_wrapper\"><h3>Al toque<\/h3>\n<ul>\n<li><strong>Antonio Carri\u00f3n<\/strong>.<\/li>\n<li><strong>Ni\u00f1o Seve<\/strong>.<\/li>\n<li><strong>Manuel Herrera<\/strong>.<\/li>\n<li><strong>Juan Quir\u00f3s<\/strong>.<\/li>\n<\/ul>\n<\/div><\/div><\/div><\/div><\/div><div class=\"vc_col-sm-4 wpb_column vc_column_container\"><div class=\"vc_column-inner\"><div class=\"wpb_wrapper\"><div class=\"wpb_text_column\"><div class=\"wpb_wrapper\"><h3>Guitarra solista y palmas<\/h3>\n<ul>\n<li><strong>Manuel Herrera Hijo<\/strong>, guitarra solista.<\/li>\n<li><strong>Concha Carri\u00f3n<\/strong>, palmas.<\/li>\n<li><strong>\u00c1ngel Pe\u00f1a<\/strong>, palmas.<\/li>\n<\/ul>\n<\/div><\/div><\/div><\/div><\/div><\/div><div class=\"w-separator size_medium\"><\/div><div class=\"wpb_text_column\"><div class=\"wpb_wrapper\"><p>La conducci\u00f3n del espect\u00e1culo volver\u00e1 a estar a cargo de <strong>Salvador Milla<\/strong>. La edici\u00f3n est\u00e1 dedicada a <strong>Jafelin Helten<\/strong>, fundadora de ExpoFlamenco, en reconocimiento a su trabajo de difusi\u00f3n del flamenco.<\/p>\n<\/div><\/div><\/div><\/div><\/div><\/div><\/div><\/section><section class=\"l-section wpb_row height_huge\"><div class=\"l-section-h i-cf\"><div class=\"g-cols vc_row via_flex valign_top type_default stacking_default\"><div class=\"vc_col-sm-6 wpb_column vc_column_container\"><div class=\"vc_column-inner\"><div class=\"wpb_wrapper\"><div class=\"wpb_text_column\"><div class=\"wpb_wrapper\"><h2>El Pele, cabeza de cartel de la edici\u00f3n 43<\/h2>\n<p>La presencia de <strong>El Pele<\/strong> es uno de los grandes argumentos de El B\u00facaro 2026. El cantaor cordob\u00e9s llega a La Rinconada como una de las voces de mayor personalidad del flamenco contempor\u00e1neo, con una trayectoria de d\u00e9cadas y una forma de interpretar en la que conviven conocimiento de los estilos tradicionales, libertad expresiva y una enorme intensidad esc\u00e9nica.<\/p>\n<p>Su participaci\u00f3n sit\u00faa al festival en una l\u00ednea muy reconocible: una cita de pe\u00f1a y de ra\u00edz que no renuncia a incorporar figuras de primera fila. A su lado aparece un cartel pensado para ofrecer distintos acentos del cante.<\/p>\n<p><strong>Consuelo Hald\u00f3n<\/strong> aporta una trayectoria ligada al repertorio tradicional; <strong>Rubito Hijo<\/strong> representa la continuidad de una saga flamenca; <strong>Caracolillo de C\u00e1diz<\/strong> lleva al escenario la personalidad de los cantes gaditanos, y <strong>Fernando El Goyo<\/strong> mantiene el v\u00ednculo directo con la propia Pe\u00f1a Cultural Flamenca El B\u00facaro.<\/p>\n<p>Esa mezcla de figura consagrada, artistas con oficio y presencia local es precisamente uno de los elementos que han dado continuidad al festival durante m\u00e1s de cuatro d\u00e9cadas.<\/p>\n<\/div><\/div><\/div><\/div><\/div><div class=\"vc_col-sm-6 wpb_column vc_column_container\"><div class=\"vc_column-inner\"><div class=\"wpb_wrapper\"><div class=\"wpb_text_column\"><div class=\"wpb_wrapper\"><h2>Un cartel de guitarras especialmente potente<\/h2>\n<p>El acompa\u00f1amiento de 2026 merece atenci\u00f3n propia. <strong>Antonio Carri\u00f3n<\/strong>, reconocido en 2025 con la Medalla de Oro de la Provincia de Sevilla y con m\u00e1s de cinco d\u00e9cadas sobre los escenarios, forma parte de un grupo de guitarristas con una ampl\u00edsima experiencia en recitales y festivales.<\/p>\n<p>Junto a \u00e9l estar\u00e1n <strong>Ni\u00f1o Seve, Manuel Herrera y Juan Quir\u00f3s<\/strong>. La organizaci\u00f3n reserva adem\u00e1s un espacio espec\u00edfico para la <strong>guitarra solista de Manuel Herrera Hijo<\/strong>, representante de una generaci\u00f3n m\u00e1s joven.<\/p>\n<p>Para el aficionado que presta tanta atenci\u00f3n al toque como al cante, El B\u00facaro ofrece por tanto un inter\u00e9s a\u00f1adido: no se trata \u00fanicamente de acompa\u00f1amientos funcionales, sino de un cartel de guitarristas con identidad propia y una presencia importante dentro de la noche.<\/p>\n<p>Las palmas de <strong>Concha Carri\u00f3n y \u00c1ngel Pe\u00f1a<\/strong> completan el apartado del comp\u00e1s.<\/p>\n<\/div><\/div><\/div><\/div><\/div><\/div><\/div><\/section><section class=\"l-section wpb_row height_huge color_alternate with_shape\"><div class=\"l-section-shape type_zigzag pos_top hor_flip\" style=\"height:3vmin;\"><svg xmlns=\"http:\/\/www.w3.org\/2000\/svg\" viewBox=\"0 0 64 8\" preserveAspectRatio=\"none\" width=\"100%\" height=\"100%\">\r\n\t<path fill=\"currentColor\" d=\"M64 8 L0 8 L0 0 L20 7.9 L40 3 L48 5 L64 0 Z\"\/>\r\n<\/svg><\/div><div class=\"l-section-shape type_zigzag pos_bottom\" style=\"height:3vmin;\"><svg xmlns=\"http:\/\/www.w3.org\/2000\/svg\" viewBox=\"0 0 64 8\" preserveAspectRatio=\"none\" width=\"100%\" height=\"100%\">\r\n\t<path fill=\"currentColor\" d=\"M64 8 L0 8 L0 0 L20 7.9 L40 3 L48 5 L64 0 Z\"\/>\r\n<\/svg><\/div><div class=\"l-section-h i-cf\"><div class=\"g-cols vc_row via_flex valign_top type_default stacking_default\"><div class=\"vc_col-sm-12 wpb_column vc_column_container\"><div class=\"vc_column-inner\"><div class=\"wpb_wrapper\"><div class=\"wpb_text_column\"><div class=\"wpb_wrapper\"><h2>Entradas para El B\u00facaro 2026: precio y d\u00f3nde comprarlas<\/h2>\n<p>Las entradas del XLIII Festival de Cante Flamenco El B\u00facaro tienen un <strong>precio \u00fanico de 10 euros<\/strong>. La venta anticipada comenz\u00f3 el <strong>1 de septiembre<\/strong> y se realiza de forma presencial en el <strong>Centro Cultural de La Villa<\/strong>, situado en San Jos\u00e9 de La Rinconada.<\/p>\n<p>El horario de venta anunciado es de <strong>10:00 a 13:00 horas<\/strong>. El propio d\u00eda del festival tambi\u00e9n se abrir\u00e1 la taquilla de la Hacienda Santa Cruz <strong>una hora antes del comienzo<\/strong>, es decir, desde las 21:00, pero \u00fanicamente si todav\u00eda quedan localidades disponibles.<\/p>\n<p>No conviene interpretar la existencia de taquilla como garant\u00eda de compra en puerta. Con un precio de 10 euros, un cartel encabezado por El Pele y una fecha que coincide con uno de los momentos de mayor actividad flamenca del a\u00f1o en Sevilla, nuestra recomendaci\u00f3n es <strong>comprar la entrada con antelaci\u00f3n<\/strong> siempre que sea posible.<\/p>\n<p>El Centro Cultural de La Villa se encuentra en <strong>Vereda de Chapatales, 2, San Jos\u00e9 de La Rinconada<\/strong>. El Ayuntamiento facilita adem\u00e1s el tel\u00e9fono del \u00e1rea de Cultura, <strong>955 79 41 42<\/strong>, para informaci\u00f3n sobre sus espacios culturales.<\/p>\n<\/div><\/div><\/div><\/div><\/div><\/div><\/div><\/section><section class=\"l-section wpb_row height_huge\"><div class=\"l-section-h i-cf\"><div class=\"g-cols vc_row via_flex valign_top type_default stacking_default\"><div class=\"vc_col-sm-6 wpb_column vc_column_container\"><div class=\"vc_column-inner\"><div class=\"wpb_wrapper\"><div class=\"wpb_text_column\"><div class=\"wpb_wrapper\"><h2>D\u00f3nde se celebra: la Hacienda Santa Cruz<\/h2>\n<p>El escenario del festival ser\u00e1 la <strong>Hacienda Santa Cruz<\/strong>, en <strong>Carretera de la Estaci\u00f3n, 2<\/strong>, en San Jos\u00e9 de La Rinconada. El recinto forma parte de la red de espacios culturales municipales y vuelve a convertirse en el punto de encuentro de una de las grandes noches flamencas del municipio.<\/p>\n<p>La elecci\u00f3n de la Hacienda no es un detalle secundario. El B\u00facaro pertenece a esa tradici\u00f3n de festivales andaluces en los que el espacio, el ambiente nocturno y la relaci\u00f3n cercana entre artistas y aficionados forman parte de la experiencia tanto como el propio cartel.<\/p>\n<p>Si se viaja desde Sevilla, conviene llegar con margen. La cita comienza a las 22:00 y la apertura de la taquilla, si quedan entradas, est\u00e1 prevista una hora antes. Quienes ya tengan su localidad pueden aprovechar la llegada temprana para conocer tambi\u00e9n la exposici\u00f3n vinculada a esta edici\u00f3n, siempre dentro de sus horarios de visita.<\/p>\n<\/div><\/div><\/div><\/div><\/div><div class=\"vc_col-sm-6 wpb_column vc_column_container\"><div class=\"vc_column-inner\"><div class=\"wpb_wrapper\"><div class=\"wpb_text_column\"><div class=\"wpb_wrapper\"><h2>C\u00f3mo llegar desde Sevilla a San Jos\u00e9 de La Rinconada<\/h2>\n<p>San Jos\u00e9 de La Rinconada est\u00e1 integrado en el \u00e1rea metropolitana de Sevilla y cuenta con conexi\u00f3n por <strong>Cercan\u00edas<\/strong> en la l\u00ednea Sevilla\u2013Lora del R\u00edo, adem\u00e1s de autobuses metropolitanos. Para una actividad que comienza a las 22:00 y puede terminar avanzada la noche, el punto m\u00e1s importante no es solo la ida, sino <strong>comprobar el \u00faltimo servicio disponible para regresar<\/strong>.<\/p>\n<p>Si se depende de transporte p\u00fablico, recomendamos revisar los horarios vigentes de Renfe Cercan\u00edas y del Consorcio de Transportes el mismo 18 de septiembre. Los horarios nocturnos pueden no encajar con el final real de una velada flamenca de estas caracter\u00edsticas.<\/p>\n<p>Para grupos o visitantes alojados en Sevilla, el coche, taxi o VTC puede resultar m\u00e1s c\u00f3modo para el regreso, especialmente si se quiere permanecer hasta el final sin estar pendiente de la \u00faltima salida del transporte p\u00fablico.<\/p>\n<p>La Hacienda Santa Cruz se encuentra en Carretera de la Estaci\u00f3n, 2. Es recomendable introducir el nombre completo del recinto o la direcci\u00f3n exacta en el navegador para evitar confundirlo con otros espacios del municipio.<\/p>\n<\/div><\/div><\/div><\/div><\/div><\/div><\/div><\/section><section class=\"l-section wpb_row height_huge color_alternate with_shape\"><div class=\"l-section-shape type_zigzag pos_top hor_flip\" style=\"height:3vmin;\"><svg xmlns=\"http:\/\/www.w3.org\/2000\/svg\" viewBox=\"0 0 64 8\" preserveAspectRatio=\"none\" width=\"100%\" height=\"100%\">\r\n\t<path fill=\"currentColor\" d=\"M64 8 L0 8 L0 0 L20 7.9 L40 3 L48 5 L64 0 Z\"\/>\r\n<\/svg><\/div><div class=\"l-section-shape type_zigzag pos_bottom\" style=\"height:3vmin;\"><svg xmlns=\"http:\/\/www.w3.org\/2000\/svg\" viewBox=\"0 0 64 8\" preserveAspectRatio=\"none\" width=\"100%\" height=\"100%\">\r\n\t<path fill=\"currentColor\" d=\"M64 8 L0 8 L0 0 L20 7.9 L40 3 L48 5 L64 0 Z\"\/>\r\n<\/svg><\/div><div class=\"l-section-h i-cf\"><div class=\"g-cols vc_row via_flex valign_top type_default stacking_default\"><div class=\"vc_col-sm-12 wpb_column vc_column_container\"><div class=\"vc_column-inner\"><div class=\"wpb_wrapper\"><div class=\"wpb_text_column\"><div class=\"wpb_wrapper\"><h2>\u201cDame el B\u00facaro\u201d: arte contempor\u00e1neo y flamenco alrededor del festival<\/h2>\n<p>Una de las novedades m\u00e1s interesantes de la edici\u00f3n 43 es <strong>\u201cDame el B\u00facaro\u201d<\/strong>, un proyecto impulsado por el Ayuntamiento de La Rinconada en colaboraci\u00f3n con la Pe\u00f1a Cultural Flamenca El B\u00facaro. La iniciativa ha reunido a <strong>50 artistas contempor\u00e1neos<\/strong> para intervenir medio centenar de b\u00facaros de barro blanco tomando como inspiraci\u00f3n el universo de las letras flamencas.<\/p>\n<p>El resultado se presenta como una exposici\u00f3n en la propia <strong>Hacienda Santa Cruz<\/strong> y puede visitarse <strong>hasta el 20 de septiembre de 2026<\/strong>. La propuesta conecta tres lenguajes que normalmente no aparecen juntos en un festival de cante: la tradici\u00f3n material del b\u00facaro, la literatura de las coplas flamencas y la creaci\u00f3n visual contempor\u00e1nea.<\/p>\n<p>La obra ganadora de la primera edici\u00f3n del proyecto es <strong>\u201cOjos Verdes\u201d<\/strong>, de la artista moronense <strong>Marina Ortiz<\/strong>. Esa pieza se ha convertido en la <strong>imagen oficial del cartel del XLIII Festival<\/strong>. Adem\u00e1s, las doce obras mejor valoradas fueron vinculadas a los doce artistas anunciados en el cartel del festival, creando una colecci\u00f3n visual espec\u00edfica para esta edici\u00f3n.<\/p>\n<p>Para quien viaje expresamente a El B\u00facaro, merece la pena comprobar los horarios de la exposici\u00f3n y plantear la visita como algo m\u00e1s que una sola noche de cante.<\/p>\n<\/div><\/div><\/div><\/div><\/div><\/div><\/div><\/section><section class=\"l-section wpb_row height_huge\"><div class=\"l-section-h i-cf\"><div class=\"g-cols vc_row via_flex valign_top type_default stacking_default\"><div class=\"vc_col-sm-6 wpb_column vc_column_container\"><div class=\"vc_column-inner\"><div class=\"wpb_wrapper\"><div class=\"wpb_text_column\"><div class=\"wpb_wrapper\"><h2>Un festival de pe\u00f1a con 43 ediciones de continuidad<\/h2>\n<p>El Festival de Cante Flamenco El B\u00facaro est\u00e1 organizado por la <strong>Pe\u00f1a Cultural Flamenca El B\u00facaro<\/strong> con la colaboraci\u00f3n del Ayuntamiento de La Rinconada. Llegar a la edici\u00f3n n\u00famero 43 sit\u00faa la cita entre los festivales consolidados de la provincia de Sevilla y demuestra el papel que siguen desempe\u00f1ando las pe\u00f1as en la conservaci\u00f3n de circuitos estables para el cante.<\/p>\n<p>La filosof\u00eda que la organizaci\u00f3n reivindica combina tres elementos: <strong>calidad art\u00edstica, defensa del flamenco y transmisi\u00f3n a nuevas generaciones<\/strong>. El cartel de 2026 responde bien a esa idea, porque re\u00fane a una figura de referencia como El Pele, artistas de distintas procedencias y generaciones, una representaci\u00f3n local y un apartado de guitarra muy cuidado.<\/p>\n<p>El festival tambi\u00e9n sirve para recordar que buena parte de la actividad flamenca andaluza sucede fuera de los grandes teatros. Las pe\u00f1as, festivales locales y ciclos provinciales forman una red esencial para mantener el contacto directo entre aficionados y artistas.<\/p>\n<p>En Tablaos Flamencos estamos siguiendo tambi\u00e9n el <a href=\"https:\/\/www.tablaosflamencos.com\/circuito-andaluz-penas-flamencas-2026.html\">Circuito Andaluz de Pe\u00f1as 2026<\/a>, que este a\u00f1o re\u00fane 225 recitales gratuitos por toda Andaluc\u00eda.<\/p>\n<\/div><\/div><\/div><\/div><\/div><div class=\"vc_col-sm-6 wpb_column vc_column_container\"><div class=\"vc_column-inner\"><div class=\"wpb_wrapper\"><div class=\"wpb_text_column\"><div class=\"wpb_wrapper\"><h2>El B\u00facaro y la Bienal de Flamenco: dos planes el mismo 18 de septiembre<\/h2>\n<p>La fecha a\u00f1ade un atractivo especial para quien est\u00e9 en Sevilla en septiembre: <strong>El B\u00facaro se celebra en plena XXIV Bienal de Flamenco de Sevilla<\/strong>. El 18 de septiembre cae dentro de una de las semanas m\u00e1s intensas de la programaci\u00f3n de la capital, lo que convierte la noche de La Rinconada en una alternativa o complemento para aficionados que quieran salir del centro de Sevilla y conocer otro tipo de ambiente flamenco.<\/p>\n<p>No son experiencias equivalentes. La Bienal ofrece grandes producciones esc\u00e9nicas, estrenos y teatros de distintos formatos. El B\u00facaro responde a la l\u00f3gica de un festival de pe\u00f1a: una noche extensa, un cartel coral, protagonismo del cante y del toque y un contacto m\u00e1s directo con la tradici\u00f3n de los festivales locales.<\/p>\n<p>Si est\u00e1s organizando esos d\u00edas, puedes consultar nuestra gu\u00eda <a href=\"https:\/\/www.tablaosflamencos.com\/que-ver-bienal-flamenco-sevilla-14-20-septiembre-2026.html\">Qu\u00e9 ver en la Bienal del 14 al 20 de septiembre de 2026<\/a> para comparar la programaci\u00f3n de la capital.<\/p>\n<p>Tambi\u00e9n hemos reunido propuestas fuera del programa oficial en <a href=\"https:\/\/www.tablaosflamencos.com\/flamenco-sevilla-bienal-2026-espectaculos-fuera-programacion-oficial.html\">Flamenco en Sevilla durante la Bienal: d\u00f3nde ver espect\u00e1culos adem\u00e1s de la programaci\u00f3n oficial<\/a>.<\/p>\n<\/div><\/div><\/div><\/div><\/div><\/div><\/div><\/section><section class=\"l-section wpb_row height_huge color_alternate with_shape\"><div class=\"l-section-shape type_zigzag pos_top hor_flip\" style=\"height:3vmin;\"><svg xmlns=\"http:\/\/www.w3.org\/2000\/svg\" viewBox=\"0 0 64 8\" preserveAspectRatio=\"none\" width=\"100%\" height=\"100%\">\r\n\t<path fill=\"currentColor\" d=\"M64 8 L0 8 L0 0 L20 7.9 L40 3 L48 5 L64 0 Z\"\/>\r\n<\/svg><\/div><div class=\"l-section-shape type_zigzag pos_bottom\" style=\"height:3vmin;\"><svg xmlns=\"http:\/\/www.w3.org\/2000\/svg\" viewBox=\"0 0 64 8\" preserveAspectRatio=\"none\" width=\"100%\" height=\"100%\">\r\n\t<path fill=\"currentColor\" d=\"M64 8 L0 8 L0 0 L20 7.9 L40 3 L48 5 L64 0 Z\"\/>\r\n<\/svg><\/div><div class=\"l-section-h i-cf\"><div class=\"g-cols vc_row via_flex valign_top type_default stacking_default\"><div class=\"vc_col-sm-12 wpb_column vc_column_container\"><div class=\"vc_column-inner\"><div class=\"wpb_wrapper\"><div class=\"wpb_text_column\"><div class=\"wpb_wrapper\"><h2>Nuestra recomendaci\u00f3n para disfrutar del Festival El B\u00facaro 2026<\/h2>\n<p>Si el objetivo principal es escuchar cante, <strong>El B\u00facaro es una de las citas m\u00e1s interesantes del 18 de septiembre en el entorno de Sevilla<\/strong>. El cartel est\u00e1 construido con una l\u00f3gica muy flamenca: cinco cantaores de perfiles diferentes, cuatro guitarristas de acompa\u00f1amiento, guitarra solista y un equipo de palmas que completa la noche sin convertir el festival en una sucesi\u00f3n de grandes producciones.<\/p>\n<p>Recomendamos especialmente la cita a quienes ya conocen el formato de tablao o de teatro y quieran vivir la atm\u00f3sfera de un festival tradicional de provincia. Tambi\u00e9n es una buena elecci\u00f3n para aficionados a la guitarra, por el peso de Antonio Carri\u00f3n, Manuel Herrera, Ni\u00f1o Seve, Juan Quir\u00f3s y Manuel Herrera Hijo.<\/p>\n<p>Tres consejos pr\u00e1cticos pueden marcar la diferencia:<\/p>\n<ul>\n<li><strong>Compra la entrada antes del d\u00eda 18<\/strong> si tienes posibilidad de acercarte al Centro Cultural de La Villa.<\/li>\n<li><strong>Planifica el regreso antes de salir de Sevilla<\/strong> si vas en transporte p\u00fablico.<\/li>\n<li><strong>Llega con tiempo<\/strong> y consulta los horarios de \u201cDame el B\u00facaro\u201d si quieres a\u00f1adir la exposici\u00f3n a la visita.<\/li>\n<\/ul>\n<p>Si no consigues entrada, si prefieres permanecer en Sevilla o si quieres completar el viaje con otra noche de flamenco, puedes comparar espect\u00e1culos de tablao disponibles en la ciudad.<\/p>\n<\/div><\/div><div class=\"w-separator size_medium\"><\/div><div class=\"w-hwrapper valign_top wrap stack_on_mobiles align_center\" style=\"--hwrapper-gap:1.2rem\"><div class=\"w-btn-wrapper align_none\"><a class=\"w-btn us-btn-style_1\" href=\"https:\/\/www.tablaosflamencos.com\/en\/flamenco-in-seville\"><span class=\"w-btn-label\">Ver espect\u00e1culos flamencos en Sevilla<\/span><\/a><\/div><\/div><\/div><\/div><\/div><\/div><\/div><\/section><section class=\"l-section wpb_row height_huge\"><div class=\"l-section-h i-cf\"><div class=\"g-cols vc_row via_flex valign_top type_default stacking_default\"><div class=\"vc_col-sm-1\/5 wpb_column vc_column_container\"><div class=\"vc_column-inner\"><div class=\"wpb_wrapper\"><\/div><\/div><\/div><div class=\"vc_col-sm-3\/5 wpb_column vc_column_container\"><div class=\"vc_column-inner\"><div class=\"wpb_wrapper\"><div class=\"wpb_text_column\"><div class=\"wpb_wrapper\"><h2>Preguntas frecuentes sobre el Festival El B\u00facaro 2026<\/h2>\n<\/div><\/div><div class=\"w-separator size_medium\"><\/div><div class=\"w-tabs accordion toggle_style_1 has_scrolling\" style=\"--sections-title-size:inherit;--sections-gap:0.5rem;\"><div class=\"w-tabs-sections titles-align_none icon_plus cpos_left\"><div class=\"w-tabs-section\" id=\"v8a6\" itemscope itemprop=\"mainEntity\" itemtype=\"https:\/\/schema.org\/Question\"><button type=\"button\" class=\"w-tabs-section-header\" aria-controls=\"content-v8a6\" aria-expanded=\"false\"><h3 class=\"w-tabs-section-title\" itemprop=\"name\">\u00bfCu\u00e1ndo se celebra el Festival El B\u00facaro 2026?<\/h3><div class=\"w-tabs-section-control\"><\/div><\/button><div  class=\"w-tabs-section-content\" id=\"content-v8a6\" itemscope itemprop=\"acceptedAnswer\" itemtype=\"https:\/\/schema.org\/Answer\"><div class=\"w-tabs-section-content-h i-cf\" itemprop=\"text\"><div class=\"wpb_text_column\"><div class=\"wpb_wrapper\"><p>El XLIII Festival de Cante Flamenco El B\u00facaro se celebra el viernes 18 de septiembre de 2026. La velada comenzar\u00e1 a las 22:00 horas.<\/p>\n<\/div><\/div><\/div><\/div><\/div><div class=\"w-tabs-section\" id=\"m9c1\" itemscope itemprop=\"mainEntity\" itemtype=\"https:\/\/schema.org\/Question\"><button type=\"button\" class=\"w-tabs-section-header\" aria-controls=\"content-m9c1\" aria-expanded=\"false\"><h3 class=\"w-tabs-section-title\" itemprop=\"name\">\u00bfD\u00f3nde se celebra El B\u00facaro 2026?<\/h3><div class=\"w-tabs-section-control\"><\/div><\/button><div  class=\"w-tabs-section-content\" id=\"content-m9c1\" itemscope itemprop=\"acceptedAnswer\" itemtype=\"https:\/\/schema.org\/Answer\"><div class=\"w-tabs-section-content-h i-cf\" itemprop=\"text\"><div class=\"wpb_text_column\"><div class=\"wpb_wrapper\"><p>El festival tendr\u00e1 lugar en la Hacienda Santa Cruz, situada en Carretera de la Estaci\u00f3n, 2, en San Jos\u00e9 de La Rinconada, municipio de La Rinconada, Sevilla.<\/p>\n<\/div><\/div><\/div><\/div><\/div><div class=\"w-tabs-section\" id=\"yaae\" itemscope itemprop=\"mainEntity\" itemtype=\"https:\/\/schema.org\/Question\"><button type=\"button\" class=\"w-tabs-section-header\" aria-controls=\"content-yaae\" aria-expanded=\"false\"><h3 class=\"w-tabs-section-title\" itemprop=\"name\">\u00bfQui\u00e9n act\u00faa en el Festival El B\u00facaro 2026?<\/h3><div class=\"w-tabs-section-control\"><\/div><\/button><div  class=\"w-tabs-section-content\" id=\"content-yaae\" itemscope itemprop=\"acceptedAnswer\" itemtype=\"https:\/\/schema.org\/Answer\"><div class=\"w-tabs-section-content-h i-cf\" itemprop=\"text\"><div class=\"wpb_text_column\"><div class=\"wpb_wrapper\"><p>Al cante est\u00e1n anunciados El Pele, Consuelo Hald\u00f3n, Rubito Hijo, Caracolillo de C\u00e1diz y Fernando El Goyo. Al toque participar\u00e1n Antonio Carri\u00f3n, Ni\u00f1o Seve, Manuel Herrera y Juan Quir\u00f3s. Manuel Herrera Hijo actuar\u00e1 como guitarra solista y Concha Carri\u00f3n y \u00c1ngel Pe\u00f1a estar\u00e1n a las palmas.<\/p>\n<\/div><\/div><\/div><\/div><\/div><div class=\"w-tabs-section\" id=\"ob8b\" itemscope itemprop=\"mainEntity\" itemtype=\"https:\/\/schema.org\/Question\"><button type=\"button\" class=\"w-tabs-section-header\" aria-controls=\"content-ob8b\" aria-expanded=\"false\"><h3 class=\"w-tabs-section-title\" itemprop=\"name\">\u00bfCu\u00e1nto cuestan las entradas de El B\u00facaro 2026?<\/h3><div class=\"w-tabs-section-control\"><\/div><\/button><div  class=\"w-tabs-section-content\" id=\"content-ob8b\" itemscope itemprop=\"acceptedAnswer\" itemtype=\"https:\/\/schema.org\/Answer\"><div class=\"w-tabs-section-content-h i-cf\" itemprop=\"text\"><div class=\"wpb_text_column\"><div class=\"wpb_wrapper\"><p>La entrada tiene un precio \u00fanico de 10 euros. La venta anticipada se realiza en el Centro Cultural de La Villa, de 10:00 a 13:00 horas.<\/p>\n<\/div><\/div><\/div><\/div><\/div><div class=\"w-tabs-section\" id=\"xc76\" itemscope itemprop=\"mainEntity\" itemtype=\"https:\/\/schema.org\/Question\"><button type=\"button\" class=\"w-tabs-section-header\" aria-controls=\"content-xc76\" aria-expanded=\"false\"><h3 class=\"w-tabs-section-title\" itemprop=\"name\">\u00bfSe pueden comprar entradas el mismo d\u00eda del festival?<\/h3><div class=\"w-tabs-section-control\"><\/div><\/button><div  class=\"w-tabs-section-content\" id=\"content-xc76\" itemscope itemprop=\"acceptedAnswer\" itemtype=\"https:\/\/schema.org\/Answer\"><div class=\"w-tabs-section-content-h i-cf\" itemprop=\"text\"><div class=\"wpb_text_column\"><div class=\"wpb_wrapper\"><p>S\u00ed, siempre que queden localidades. La taquilla de la Hacienda Santa Cruz abrir\u00e1 una hora antes del inicio, desde las 21:00. Por eso es recomendable comprar con antelaci\u00f3n si es posible.<\/p>\n<\/div><\/div><\/div><\/div><\/div><div class=\"w-tabs-section\" id=\"yd5c\" itemscope itemprop=\"mainEntity\" itemtype=\"https:\/\/schema.org\/Question\"><button type=\"button\" class=\"w-tabs-section-header\" aria-controls=\"content-yd5c\" aria-expanded=\"false\"><h3 class=\"w-tabs-section-title\" itemprop=\"name\">\u00bfHay un horario de actuaci\u00f3n para cada artista?<\/h3><div class=\"w-tabs-section-control\"><\/div><\/button><div  class=\"w-tabs-section-content\" id=\"content-yd5c\" itemscope itemprop=\"acceptedAnswer\" itemtype=\"https:\/\/schema.org\/Answer\"><div class=\"w-tabs-section-content-h i-cf\" itemprop=\"text\"><div class=\"wpb_text_column\"><div class=\"wpb_wrapper\"><p>No se ha publicado un horario individual para cada artista. El programa oficial anuncia el comienzo general a las 22:00 y presenta el cartel completo de la velada, sin detallar un orden de actuaci\u00f3n por horas.<\/p>\n<\/div><\/div><\/div><\/div><\/div><div class=\"w-tabs-section\" id=\"te2b\" itemscope itemprop=\"mainEntity\" itemtype=\"https:\/\/schema.org\/Question\"><button type=\"button\" class=\"w-tabs-section-header\" aria-controls=\"content-te2b\" aria-expanded=\"false\"><h3 class=\"w-tabs-section-title\" itemprop=\"name\">\u00bfQu\u00e9 es Dame el B\u00facaro?<\/h3><div class=\"w-tabs-section-control\"><\/div><\/button><div  class=\"w-tabs-section-content\" id=\"content-te2b\" itemscope itemprop=\"acceptedAnswer\" itemtype=\"https:\/\/schema.org\/Answer\"><div class=\"w-tabs-section-content-h i-cf\" itemprop=\"text\"><div class=\"wpb_text_column\"><div class=\"wpb_wrapper\"><p>Es un proyecto art\u00edstico vinculado a la edici\u00f3n 43 del festival que re\u00fane 50 b\u00facaros de barro intervenidos por 50 artistas contempor\u00e1neos a partir de las letras del flamenco. La exposici\u00f3n puede visitarse en la Hacienda Santa Cruz hasta el 20 de septiembre de 2026, seg\u00fan la informaci\u00f3n municipal.<\/p>\n<\/div><\/div><\/div><\/div><\/div><div class=\"w-tabs-section\" id=\"ff03\" itemscope itemprop=\"mainEntity\" itemtype=\"https:\/\/schema.org\/Question\"><button type=\"button\" class=\"w-tabs-section-header\" aria-controls=\"content-ff03\" aria-expanded=\"false\"><h3 class=\"w-tabs-section-title\" itemprop=\"name\">\u00bfSe puede ir desde Sevilla en transporte p\u00fablico?<\/h3><div class=\"w-tabs-section-control\"><\/div><\/button><div  class=\"w-tabs-section-content\" id=\"content-ff03\" itemscope itemprop=\"acceptedAnswer\" itemtype=\"https:\/\/schema.org\/Answer\"><div class=\"w-tabs-section-content-h i-cf\" itemprop=\"text\"><div class=\"wpb_text_column\"><div class=\"wpb_wrapper\"><p>S\u00ed. San Jos\u00e9 de La Rinconada cuenta con conexi\u00f3n de Cercan\u00edas en la l\u00ednea Sevilla\u2013Lora del R\u00edo y con autobuses metropolitanos. Como el festival comienza a las 22:00 y puede finalizar tarde, conviene comprobar especialmente los \u00faltimos servicios de regreso del 18 de septiembre.<\/p>\n<\/div><\/div><\/div><\/div><\/div><\/div><\/div><\/div><\/div><\/div><div class=\"vc_col-sm-1\/5 wpb_column vc_column_container\"><div class=\"vc_column-inner\"><div class=\"wpb_wrapper\"><\/div><\/div><\/div><\/div><\/div><\/section><section class=\"l-section wpb_row height_huge color_alternate with_shape\"><div class=\"l-section-shape type_zigzag pos_top hor_flip\" style=\"height:3vmin;\"><svg xmlns=\"http:\/\/www.w3.org\/2000\/svg\" viewBox=\"0 0 64 8\" preserveAspectRatio=\"none\" width=\"100%\" height=\"100%\">\r\n\t<path fill=\"currentColor\" d=\"M64 8 L0 8 L0 0 L20 7.9 L40 3 L48 5 L64 0 Z\"\/>\r\n<\/svg><\/div><div class=\"l-section-shape type_zigzag pos_bottom\" style=\"height:3vmin;\"><svg xmlns=\"http:\/\/www.w3.org\/2000\/svg\" viewBox=\"0 0 64 8\" preserveAspectRatio=\"none\" width=\"100%\" height=\"100%\">\r\n\t<path fill=\"currentColor\" d=\"M64 8 L0 8 L0 0 L20 7.9 L40 3 L48 5 L64 0 Z\"\/>\r\n<\/svg><\/div><div class=\"l-section-h i-cf\"><div class=\"g-cols vc_row via_flex valign_top type_default stacking_default\"><div class=\"vc_col-sm-12 wpb_column vc_column_container\"><div class=\"vc_column-inner\"><div class=\"wpb_wrapper\"><div class=\"wpb_text_column\"><div class=\"wpb_wrapper\"><h2>Fuentes y actualizaci\u00f3n<\/h2>\n<p>Para elaborar esta gu\u00eda hemos contrastado la informaci\u00f3n municipal y tur\u00edstica disponible sobre la edici\u00f3n de 2026, dando prioridad a las fuentes oficiales.<\/p>\n<ul>\n<li><a href=\"https:\/\/www.larinconada.es\/es\/noticias\/15493\/el-xliii-festival-de-cante-flamenco-el-bucaro-convierte-a-la-rinconada-en-referente-del-arte-jondo\" target=\"_blank\" rel=\"noopener\">Ayuntamiento de La Rinconada \u2014 presentaci\u00f3n oficial del XLIII Festival El B\u00facaro<\/a>.<\/li>\n<li><a href=\"https:\/\/www.larinconada.es\/es\/noticias\/15541\/50-bucaros-intervenidos-por-medio-centenar-de-artistas-se-reunen-en-una-exposicion-en-la-hacienda-santa-cruz\" target=\"_blank\" rel=\"noopener\">Ayuntamiento de La Rinconada \u2014 exposici\u00f3n \u201cDame el B\u00facaro\u201d<\/a>.<\/li>\n<li><a href=\"https:\/\/www.turismosevilla.org\/es\/eventos-y-fiestas\/xliii-festival-flamenco-el-bucaro\" target=\"_blank\" rel=\"noopener\">Turismo de la Provincia de Sevilla \u2014 XLIII Festival Flamenco El B\u00facaro<\/a>.<\/li>\n<li><a href=\"https:\/\/www.juntadeandalucia.es\/cultura\/agendaculturaldeandalucia\/espacios\/hacienda-santa-cruz-san-jose-de-la-rinconada\" target=\"_blank\" rel=\"noopener\">Agenda Cultural de Andaluc\u00eda \u2014 Hacienda Santa Cruz<\/a>.<\/li>\n<\/ul>\n<p><small>Informaci\u00f3n revisada el 5 de septiembre de 2026. La disponibilidad de entradas, los horarios, el orden de actuaciones y las condiciones de acceso pueden cambiar. Consulta siempre los canales oficiales antes de desplazarte.<\/small><\/p>\n<\/div><\/div><\/div><\/div><\/div><\/div><\/div><\/section>\n","protected":false},"excerpt":{"rendered":"<p>Guide to Festival El B\u00facaro 2026 in La Rinconada: date, time, artists, tickets, programme, Hacienda Santa Cruz, how to get there from Seville and the Dame el B\u00facaro exhibition.<\/p>\n","protected":false},"author":1,"featured_media":14943,"comment_status":"closed","ping_status":"closed","sticky":false,"template":"","format":"standard","meta":{"_acf_changed":false,"wpai_generated_summary":"","_ayudawp_aiss_exclude":false,"_ayudawp_aiss_exclude_summary":false,"_ayudawp_aiss_summary":"","_ayudawp_aiss_summary_provider":"","_ayudawp_aiss_summary_hash":"","footnotes":""},"categories":[1667],"tags":[1235,1723,1935,1144,1384],"class_list":["post-15007","post","type-post","status-publish","format-standard","has-post-thumbnail","hentry","category-flamenco-festivals","tag-festivales-flamencos","tag-flamenco-artists","tag-flamenco-clubs","tag-flamenco-en-sevilla","tag-flamenco-singing"],"acf":[],"yoast_head":"<!-- This site is optimized with the Yoast SEO Premium plugin v28.4 (Yoast SEO v28.4) - https:\/\/yoast.com\/product\/yoast-seo-premium-wordpress\/ -->\n<title>Festival El B\u00facaro 2026: programme, artists and tickets<\/title>\n<meta name=\"description\" content=\"Festival El B\u00facaro 2026 in La Rinconada: date, time, full line-up, \u20ac10 tickets, Hacienda Santa Cruz, how to get there and Dame el B\u00facaro.\" \/>\n<meta name=\"robots\" content=\"index, follow, max-snippet:-1, max-image-preview:large, max-video-preview:-1\" \/>\n<link rel=\"canonical\" href=\"https:\/\/www.tablaosflamencos.com\/en\/festival-el-bucaro-2026-programme-artists-date-tickets.html\" \/>\n<meta property=\"og:locale\" content=\"en_US\" \/>\n<meta property=\"og:type\" content=\"article\" \/>\n<meta property=\"og:title\" content=\"Festival El B\u00facaro 2026: programme, artists, date and everything you need to know\" \/>\n<meta property=\"og:description\" content=\"Festival El B\u00facaro 2026 in La Rinconada: date, time, full line-up, \u20ac10 tickets, Hacienda Santa Cruz, how to get there and Dame el B\u00facaro.\" \/>\n<meta property=\"og:url\" content=\"https:\/\/www.tablaosflamencos.com\/en\/festival-el-bucaro-2026-programme-artists-date-tickets.html\" \/>\n<meta property=\"og:site_name\" content=\"Tablaos Flamencos\" \/>\n<meta property=\"article:publisher\" content=\"https:\/\/www.facebook.com\/tablaosflamencos\" \/>\n<meta property=\"article:published_time\" content=\"2026-09-06T14:15:05+00:00\" \/>\n<meta property=\"article:modified_time\" content=\"2026-09-06T14:55:09+00:00\" \/>\n<meta property=\"og:image\" content=\"https:\/\/www.tablaosflamencos.com\/wp-content\/uploads\/festival-el-bucaro-2026-programa-artistas-fecha-y-todo-lo-que-necesitas-saber-01.webp\" \/>\n\t<meta property=\"og:image:width\" content=\"1536\" \/>\n\t<meta property=\"og:image:height\" content=\"1024\" \/>\n\t<meta property=\"og:image:type\" content=\"image\/webp\" \/>\n<meta name=\"author\" content=\"Miguel Ortiz\" \/>\n<meta name=\"twitter:card\" content=\"summary_large_image\" \/>\n<meta name=\"twitter:creator\" content=\"@tablaosflamenco\" \/>\n<meta name=\"twitter:site\" content=\"@tablaosflamenco\" \/>\n<meta name=\"twitter:label1\" content=\"Written by\" \/>\n\t<meta name=\"twitter:data1\" content=\"Miguel Ortiz\" \/>\n\t<meta name=\"twitter:label2\" content=\"Est. reading time\" \/>\n\t<meta name=\"twitter:data2\" content=\"17 minutes\" \/>\n<script type=\"application\/ld+json\" class=\"yoast-schema-graph\">{\"@context\":\"https:\\\/\\\/schema.org\",\"@graph\":[{\"@type\":\"Article\",\"@id\":\"https:\\\/\\\/www.tablaosflamencos.com\\\/en\\\/festival-el-bucaro-2026-programme-artists-date-tickets.html#article\",\"isPartOf\":{\"@id\":\"https:\\\/\\\/www.tablaosflamencos.com\\\/en\\\/festival-el-bucaro-2026-programme-artists-date-tickets.html\"},\"author\":{\"name\":\"Miguel Ortiz\",\"@id\":\"https:\\\/\\\/www.tablaosflamencos.com\\\/en#\\\/schema\\\/person\\\/e7a9ebe14eb75a52ceabfbffb3c54f5d\"},\"headline\":\"Festival El B\u00facaro 2026: programme, artists, date and everything you need to know\",\"datePublished\":\"2026-09-06T14:15:05+00:00\",\"dateModified\":\"2026-09-06T14:55:09+00:00\",\"mainEntityOfPage\":{\"@id\":\"https:\\\/\\\/www.tablaosflamencos.com\\\/en\\\/festival-el-bucaro-2026-programme-artists-date-tickets.html\"},\"wordCount\":3416,\"publisher\":{\"@id\":\"https:\\\/\\\/www.tablaosflamencos.com\\\/en#organization\"},\"image\":{\"@id\":\"https:\\\/\\\/www.tablaosflamencos.com\\\/en\\\/festival-el-bucaro-2026-programme-artists-date-tickets.html#primaryimage\"},\"thumbnailUrl\":\"https:\\\/\\\/www.tablaosflamencos.com\\\/wp-content\\\/uploads\\\/festival-el-bucaro-2026-programa-artistas-fecha-y-todo-lo-que-necesitas-saber-01.webp\",\"keywords\":[\"festivales flamencos\",\"flamenco artists\",\"flamenco clubs\",\"flamenco en Sevilla\",\"flamenco singing\"],\"articleSection\":[\"Flamenco festivals\"],\"inLanguage\":\"en-US\"},{\"@type\":\"WebPage\",\"@id\":\"https:\\\/\\\/www.tablaosflamencos.com\\\/en\\\/festival-el-bucaro-2026-programme-artists-date-tickets.html\",\"url\":\"https:\\\/\\\/www.tablaosflamencos.com\\\/en\\\/festival-el-bucaro-2026-programme-artists-date-tickets.html\",\"name\":\"Festival El B\u00facaro 2026: programme, artists and tickets\",\"isPartOf\":{\"@id\":\"https:\\\/\\\/www.tablaosflamencos.com\\\/en#website\"},\"primaryImageOfPage\":{\"@id\":\"https:\\\/\\\/www.tablaosflamencos.com\\\/en\\\/festival-el-bucaro-2026-programme-artists-date-tickets.html#primaryimage\"},\"image\":{\"@id\":\"https:\\\/\\\/www.tablaosflamencos.com\\\/en\\\/festival-el-bucaro-2026-programme-artists-date-tickets.html#primaryimage\"},\"thumbnailUrl\":\"https:\\\/\\\/www.tablaosflamencos.com\\\/wp-content\\\/uploads\\\/festival-el-bucaro-2026-programa-artistas-fecha-y-todo-lo-que-necesitas-saber-01.webp\",\"datePublished\":\"2026-09-06T14:15:05+00:00\",\"dateModified\":\"2026-09-06T14:55:09+00:00\",\"description\":\"Festival El B\u00facaro 2026 in La Rinconada: date, time, full line-up, \u20ac10 tickets, Hacienda Santa Cruz, how to get there and Dame el B\u00facaro.\",\"breadcrumb\":{\"@id\":\"https:\\\/\\\/www.tablaosflamencos.com\\\/en\\\/festival-el-bucaro-2026-programme-artists-date-tickets.html#breadcrumb\"},\"inLanguage\":\"en-US\",\"potentialAction\":[{\"@type\":\"ReadAction\",\"target\":[\"https:\\\/\\\/www.tablaosflamencos.com\\\/en\\\/festival-el-bucaro-2026-programme-artists-date-tickets.html\"]}]},{\"@type\":\"ImageObject\",\"inLanguage\":\"en-US\",\"@id\":\"https:\\\/\\\/www.tablaosflamencos.com\\\/en\\\/festival-el-bucaro-2026-programme-artists-date-tickets.html#primaryimage\",\"url\":\"https:\\\/\\\/www.tablaosflamencos.com\\\/wp-content\\\/uploads\\\/festival-el-bucaro-2026-programa-artistas-fecha-y-todo-lo-que-necesitas-saber-01.webp\",\"contentUrl\":\"https:\\\/\\\/www.tablaosflamencos.com\\\/wp-content\\\/uploads\\\/festival-el-bucaro-2026-programa-artistas-fecha-y-todo-lo-que-necesitas-saber-01.webp\",\"width\":1536,\"height\":1024,\"caption\":\"Festival El B\u00facaro 2026: programa, artistas, fecha y todo lo que necesitas saber\"},{\"@type\":\"BreadcrumbList\",\"@id\":\"https:\\\/\\\/www.tablaosflamencos.com\\\/en\\\/festival-el-bucaro-2026-programme-artists-date-tickets.html#breadcrumb\",\"itemListElement\":[{\"@type\":\"ListItem\",\"position\":1,\"name\":\"Home\",\"item\":\"https:\\\/\\\/www.tablaosflamencos.com\\\/en\"},{\"@type\":\"ListItem\",\"position\":2,\"name\":\"Festival El B\u00facaro 2026: programme, artists, date and everything you need to know\"}]},{\"@type\":\"WebSite\",\"@id\":\"https:\\\/\\\/www.tablaosflamencos.com\\\/en#website\",\"url\":\"https:\\\/\\\/www.tablaosflamencos.com\\\/en\",\"name\":\"Tablaos Flamencos\",\"description\":\"Entradas para tablaos flamencos de Espa\u00f1a\",\"publisher\":{\"@id\":\"https:\\\/\\\/www.tablaosflamencos.com\\\/en#organization\"},\"alternateName\":\"Tablaos Flamencos\",\"potentialAction\":[{\"@type\":\"SearchAction\",\"target\":{\"@type\":\"EntryPoint\",\"urlTemplate\":\"https:\\\/\\\/www.tablaosflamencos.com\\\/en?s={search_term_string}\"},\"query-input\":{\"@type\":\"PropertyValueSpecification\",\"valueRequired\":true,\"valueName\":\"search_term_string\"}}],\"inLanguage\":\"en-US\"},{\"@type\":[\"Organization\",\"Place\",\"EntertainmentBusiness\"],\"@id\":\"https:\\\/\\\/www.tablaosflamencos.com\\\/en#organization\",\"name\":\"Tablaos Flamencos\",\"alternateName\":\"Tablaos Flamencos\",\"url\":\"https:\\\/\\\/www.tablaosflamencos.com\\\/en\",\"logo\":{\"@id\":\"https:\\\/\\\/www.tablaosflamencos.com\\\/en\\\/festival-el-bucaro-2026-programme-artists-date-tickets.html#local-main-organization-logo\"},\"image\":{\"@id\":\"https:\\\/\\\/www.tablaosflamencos.com\\\/en\\\/festival-el-bucaro-2026-programme-artists-date-tickets.html#local-main-organization-logo\"},\"sameAs\":[\"https:\\\/\\\/www.facebook.com\\\/tablaosflamencos\",\"https:\\\/\\\/x.com\\\/tablaosflamenco\",\"https:\\\/\\\/mastodon.social\\\/@tablaosflamencos\",\"https:\\\/\\\/www.instagram.com\\\/tablaosflamencos\",\"https:\\\/\\\/tiktok.com\\\/@tablaosflamencos\",\"https:\\\/\\\/www.linkedin.com\\\/company\\\/109408238\\\/\"],\"description\":\"Venta de entradas para espect\u00e1culos flamencos\",\"legalName\":\"Tablaos Flamencos\",\"foundingDate\":\"2015-01-01\",\"numberOfEmployees\":{\"@type\":\"QuantitativeValue\",\"minValue\":\"1\",\"maxValue\":\"10\"},\"address\":{\"@id\":\"https:\\\/\\\/www.tablaosflamencos.com\\\/en\\\/festival-el-bucaro-2026-programme-artists-date-tickets.html#local-main-place-address\"},\"geo\":{\"@type\":\"GeoCoordinates\",\"latitude\":\"37.3868072\",\"longitude\":\"-5.993280299999999\"},\"telephone\":[\"+34623787787\"],\"contactPoint\":{\"@type\":\"ContactPoint\",\"telephone\":\"+34623787787\",\"email\":\"info@tablaosflamencos.com\"},\"openingHoursSpecification\":{\"@type\":\"OpeningHoursSpecification\",\"dayOfWeek\":[\"Monday\",\"Tuesday\",\"Wednesday\",\"Thursday\",\"Friday\",\"Saturday\",\"Sunday\"],\"opens\":\"00:00\",\"closes\":\"23:59\"},\"email\":\"info@tablaosflamencos.com\",\"priceRange\":\"$$$\",\"currenciesAccepted\":\"\u20ac\"},{\"@type\":\"Person\",\"@id\":\"https:\\\/\\\/www.tablaosflamencos.com\\\/en#\\\/schema\\\/person\\\/e7a9ebe14eb75a52ceabfbffb3c54f5d\",\"name\":\"Miguel Ortiz\",\"description\":\"Miguel Ortiz es un empresario flamenco, con una s\u00f3lida trayectoria dentro del sector. Ha presidido entidades culturales vinculadas al flamenco y, cuenta con un amplio recorrido profesional en la gesti\u00f3n y promoci\u00f3n de espect\u00e1culos y tablaos flamencos. Su pasi\u00f3n por la historia y el arte flamenco se refleja en cada art\u00edculo, donde combina experiencia, criterio y un profundo respeto por la tradici\u00f3n.\",\"sameAs\":[\"https:\\\/\\\/www.tablaosflamencos.com\",\"https:\\\/\\\/www.instagra.com\\\/miguelortizfe\",\"https:\\\/\\\/www.linkedin.com\\\/in\\\/miguelortizf\\\/\"],\"birthDate\":\"1984-11-22\",\"gender\":\"hombre\",\"knowsLanguage\":[\"espa\u00f1ol\",\"ingl\u00e9s\"],\"jobTitle\":\"Empresario flamenco\"},{\"@type\":\"PostalAddress\",\"@id\":\"https:\\\/\\\/www.tablaosflamencos.com\\\/en\\\/festival-el-bucaro-2026-programme-artists-date-tickets.html#local-main-place-address\",\"streetAddress\":\"C\\\/ Alemanes, 19\",\"addressLocality\":\"Sevilla\",\"postalCode\":\"41004\",\"addressRegion\":\"Sevilla\",\"addressCountry\":\"ES\"},{\"@type\":\"ImageObject\",\"inLanguage\":\"en-US\",\"@id\":\"https:\\\/\\\/www.tablaosflamencos.com\\\/en\\\/festival-el-bucaro-2026-programme-artists-date-tickets.html#local-main-organization-logo\",\"url\":\"https:\\\/\\\/www.tablaosflamencos.com\\\/wp-content\\\/uploads\\\/tablaos-flamencos-06-3.webp\",\"contentUrl\":\"https:\\\/\\\/www.tablaosflamencos.com\\\/wp-content\\\/uploads\\\/tablaos-flamencos-06-3.webp\",\"width\":600,\"height\":620,\"caption\":\"Tablaos Flamencos\"}]}<\/script>\n<meta name=\"geo.placename\" content=\"Sevilla\" \/>\n<meta name=\"geo.position\" content=\"37.3868072;-5.993280299999999\" \/>\n<meta name=\"geo.region\" content=\"Spain\" \/>\n<!-- \/ Yoast SEO Premium plugin. -->","yoast_head_json":{"title":"Festival El B\u00facaro 2026: programme, artists and tickets","description":"Festival El B\u00facaro 2026 in La Rinconada: date, time, full line-up, \u20ac10 tickets, Hacienda Santa Cruz, how to get there and Dame el B\u00facaro.","robots":{"index":"index","follow":"follow","max-snippet":"max-snippet:-1","max-image-preview":"max-image-preview:large","max-video-preview":"max-video-preview:-1"},"canonical":"https:\/\/www.tablaosflamencos.com\/en\/festival-el-bucaro-2026-programme-artists-date-tickets.html","og_locale":"en_US","og_type":"article","og_title":"Festival El B\u00facaro 2026: programme, artists, date and everything you need to know","og_description":"Festival El B\u00facaro 2026 in La Rinconada: date, time, full line-up, \u20ac10 tickets, Hacienda Santa Cruz, how to get there and Dame el B\u00facaro.","og_url":"https:\/\/www.tablaosflamencos.com\/en\/festival-el-bucaro-2026-programme-artists-date-tickets.html","og_site_name":"Tablaos Flamencos","article_publisher":"https:\/\/www.facebook.com\/tablaosflamencos","article_published_time":"2026-09-06T14:15:05+00:00","article_modified_time":"2026-09-06T14:55:09+00:00","og_image":[{"width":1536,"height":1024,"url":"https:\/\/www.tablaosflamencos.com\/wp-content\/uploads\/festival-el-bucaro-2026-programa-artistas-fecha-y-todo-lo-que-necesitas-saber-01.webp","type":"image\/webp"}],"author":"Miguel Ortiz","twitter_card":"summary_large_image","twitter_creator":"@tablaosflamenco","twitter_site":"@tablaosflamenco","twitter_misc":{"Written by":"Miguel Ortiz","Est. reading time":"17 minutes"},"schema":{"@context":"https:\/\/schema.org","@graph":[{"@type":"Article","@id":"https:\/\/www.tablaosflamencos.com\/en\/festival-el-bucaro-2026-programme-artists-date-tickets.html#article","isPartOf":{"@id":"https:\/\/www.tablaosflamencos.com\/en\/festival-el-bucaro-2026-programme-artists-date-tickets.html"},"author":{"name":"Miguel Ortiz","@id":"https:\/\/www.tablaosflamencos.com\/en#\/schema\/person\/e7a9ebe14eb75a52ceabfbffb3c54f5d"},"headline":"Festival El B\u00facaro 2026: programme, artists, date and everything you need to know","datePublished":"2026-09-06T14:15:05+00:00","dateModified":"2026-09-06T14:55:09+00:00","mainEntityOfPage":{"@id":"https:\/\/www.tablaosflamencos.com\/en\/festival-el-bucaro-2026-programme-artists-date-tickets.html"},"wordCount":3416,"publisher":{"@id":"https:\/\/www.tablaosflamencos.com\/en#organization"},"image":{"@id":"https:\/\/www.tablaosflamencos.com\/en\/festival-el-bucaro-2026-programme-artists-date-tickets.html#primaryimage"},"thumbnailUrl":"https:\/\/www.tablaosflamencos.com\/wp-content\/uploads\/festival-el-bucaro-2026-programa-artistas-fecha-y-todo-lo-que-necesitas-saber-01.webp","keywords":["festivales flamencos","flamenco artists","flamenco clubs","flamenco en Sevilla","flamenco singing"],"articleSection":["Flamenco festivals"],"inLanguage":"en-US"},{"@type":"WebPage","@id":"https:\/\/www.tablaosflamencos.com\/en\/festival-el-bucaro-2026-programme-artists-date-tickets.html","url":"https:\/\/www.tablaosflamencos.com\/en\/festival-el-bucaro-2026-programme-artists-date-tickets.html","name":"Festival El B\u00facaro 2026: programme, artists and tickets","isPartOf":{"@id":"https:\/\/www.tablaosflamencos.com\/en#website"},"primaryImageOfPage":{"@id":"https:\/\/www.tablaosflamencos.com\/en\/festival-el-bucaro-2026-programme-artists-date-tickets.html#primaryimage"},"image":{"@id":"https:\/\/www.tablaosflamencos.com\/en\/festival-el-bucaro-2026-programme-artists-date-tickets.html#primaryimage"},"thumbnailUrl":"https:\/\/www.tablaosflamencos.com\/wp-content\/uploads\/festival-el-bucaro-2026-programa-artistas-fecha-y-todo-lo-que-necesitas-saber-01.webp","datePublished":"2026-09-06T14:15:05+00:00","dateModified":"2026-09-06T14:55:09+00:00","description":"Festival El B\u00facaro 2026 in La Rinconada: date, time, full line-up, \u20ac10 tickets, Hacienda Santa Cruz, how to get there and Dame el B\u00facaro.","breadcrumb":{"@id":"https:\/\/www.tablaosflamencos.com\/en\/festival-el-bucaro-2026-programme-artists-date-tickets.html#breadcrumb"},"inLanguage":"en-US","potentialAction":[{"@type":"ReadAction","target":["https:\/\/www.tablaosflamencos.com\/en\/festival-el-bucaro-2026-programme-artists-date-tickets.html"]}]},{"@type":"ImageObject","inLanguage":"en-US","@id":"https:\/\/www.tablaosflamencos.com\/en\/festival-el-bucaro-2026-programme-artists-date-tickets.html#primaryimage","url":"https:\/\/www.tablaosflamencos.com\/wp-content\/uploads\/festival-el-bucaro-2026-programa-artistas-fecha-y-todo-lo-que-necesitas-saber-01.webp","contentUrl":"https:\/\/www.tablaosflamencos.com\/wp-content\/uploads\/festival-el-bucaro-2026-programa-artistas-fecha-y-todo-lo-que-necesitas-saber-01.webp","width":1536,"height":1024,"caption":"Festival El B\u00facaro 2026: programa, artistas, fecha y todo lo que necesitas saber"},{"@type":"BreadcrumbList","@id":"https:\/\/www.tablaosflamencos.com\/en\/festival-el-bucaro-2026-programme-artists-date-tickets.html#breadcrumb","itemListElement":[{"@type":"ListItem","position":1,"name":"Home","item":"https:\/\/www.tablaosflamencos.com\/en"},{"@type":"ListItem","position":2,"name":"Festival El B\u00facaro 2026: programme, artists, date and everything you need to know"}]},{"@type":"WebSite","@id":"https:\/\/www.tablaosflamencos.com\/en#website","url":"https:\/\/www.tablaosflamencos.com\/en","name":"Tablaos Flamencos","description":"Entradas para tablaos flamencos de Espa\u00f1a","publisher":{"@id":"https:\/\/www.tablaosflamencos.com\/en#organization"},"alternateName":"Tablaos Flamencos","potentialAction":[{"@type":"SearchAction","target":{"@type":"EntryPoint","urlTemplate":"https:\/\/www.tablaosflamencos.com\/en?s={search_term_string}"},"query-input":{"@type":"PropertyValueSpecification","valueRequired":true,"valueName":"search_term_string"}}],"inLanguage":"en-US"},{"@type":["Organization","Place","EntertainmentBusiness"],"@id":"https:\/\/www.tablaosflamencos.com\/en#organization","name":"Tablaos Flamencos","alternateName":"Tablaos Flamencos","url":"https:\/\/www.tablaosflamencos.com\/en","logo":{"@id":"https:\/\/www.tablaosflamencos.com\/en\/festival-el-bucaro-2026-programme-artists-date-tickets.html#local-main-organization-logo"},"image":{"@id":"https:\/\/www.tablaosflamencos.com\/en\/festival-el-bucaro-2026-programme-artists-date-tickets.html#local-main-organization-logo"},"sameAs":["https:\/\/www.facebook.com\/tablaosflamencos","https:\/\/x.com\/tablaosflamenco","https:\/\/mastodon.social\/@tablaosflamencos","https:\/\/www.instagram.com\/tablaosflamencos","https:\/\/tiktok.com\/@tablaosflamencos","https:\/\/www.linkedin.com\/company\/109408238\/"],"description":"Venta de entradas para espect\u00e1culos flamencos","legalName":"Tablaos Flamencos","foundingDate":"2015-01-01","numberOfEmployees":{"@type":"QuantitativeValue","minValue":"1","maxValue":"10"},"address":{"@id":"https:\/\/www.tablaosflamencos.com\/en\/festival-el-bucaro-2026-programme-artists-date-tickets.html#local-main-place-address"},"geo":{"@type":"GeoCoordinates","latitude":"37.3868072","longitude":"-5.993280299999999"},"telephone":["+34623787787"],"contactPoint":{"@type":"ContactPoint","telephone":"+34623787787","email":"info@tablaosflamencos.com"},"openingHoursSpecification":{"@type":"OpeningHoursSpecification","dayOfWeek":["Monday","Tuesday","Wednesday","Thursday","Friday","Saturday","Sunday"],"opens":"00:00","closes":"23:59"},"email":"info@tablaosflamencos.com","priceRange":"$$$","currenciesAccepted":"\u20ac"},{"@type":"Person","@id":"https:\/\/www.tablaosflamencos.com\/en#\/schema\/person\/e7a9ebe14eb75a52ceabfbffb3c54f5d","name":"Miguel Ortiz","description":"Miguel Ortiz es un empresario flamenco, con una s\u00f3lida trayectoria dentro del sector. Ha presidido entidades culturales vinculadas al flamenco y, cuenta con un amplio recorrido profesional en la gesti\u00f3n y promoci\u00f3n de espect\u00e1culos y tablaos flamencos. Su pasi\u00f3n por la historia y el arte flamenco se refleja en cada art\u00edculo, donde combina experiencia, criterio y un profundo respeto por la tradici\u00f3n.","sameAs":["https:\/\/www.tablaosflamencos.com","https:\/\/www.instagra.com\/miguelortizfe","https:\/\/www.linkedin.com\/in\/miguelortizf\/"],"birthDate":"1984-11-22","gender":"hombre","knowsLanguage":["espa\u00f1ol","ingl\u00e9s"],"jobTitle":"Empresario flamenco"},{"@type":"PostalAddress","@id":"https:\/\/www.tablaosflamencos.com\/en\/festival-el-bucaro-2026-programme-artists-date-tickets.html#local-main-place-address","streetAddress":"C\/ Alemanes, 19","addressLocality":"Sevilla","postalCode":"41004","addressRegion":"Sevilla","addressCountry":"ES"},{"@type":"ImageObject","inLanguage":"en-US","@id":"https:\/\/www.tablaosflamencos.com\/en\/festival-el-bucaro-2026-programme-artists-date-tickets.html#local-main-organization-logo","url":"https:\/\/www.tablaosflamencos.com\/wp-content\/uploads\/tablaos-flamencos-06-3.webp","contentUrl":"https:\/\/www.tablaosflamencos.com\/wp-content\/uploads\/tablaos-flamencos-06-3.webp","width":600,"height":620,"caption":"Tablaos Flamencos"}]},"geo.placename":"Sevilla","geo.position":{"lat":"37.3868072","long":"-5.993280299999999"},"geo.region":"Spain"},"_links":{"self":[{"href":"https:\/\/www.tablaosflamencos.com\/en\/wp-json\/wp\/v2\/posts\/15007","targetHints":{"allow":["GET"]}}],"collection":[{"href":"https:\/\/www.tablaosflamencos.com\/en\/wp-json\/wp\/v2\/posts"}],"about":[{"href":"https:\/\/www.tablaosflamencos.com\/en\/wp-json\/wp\/v2\/types\/post"}],"author":[{"embeddable":true,"href":"https:\/\/www.tablaosflamencos.com\/en\/wp-json\/wp\/v2\/users\/1"}],"replies":[{"embeddable":true,"href":"https:\/\/www.tablaosflamencos.com\/en\/wp-json\/wp\/v2\/comments?post=15007"}],"version-history":[{"count":0,"href":"https:\/\/www.tablaosflamencos.com\/en\/wp-json\/wp\/v2\/posts\/15007\/revisions"}],"wp:featuredmedia":[{"embeddable":true,"href":"https:\/\/www.tablaosflamencos.com\/en\/wp-json\/wp\/v2\/media\/14943"}],"wp:attachment":[{"href":"https:\/\/www.tablaosflamencos.com\/en\/wp-json\/wp\/v2\/media?parent=15007"}],"wp:term":[{"taxonomy":"category","embeddable":true,"href":"https:\/\/www.tablaosflamencos.com\/en\/wp-json\/wp\/v2\/categories?post=15007"},{"taxonomy":"post_tag","embeddable":true,"href":"https:\/\/www.tablaosflamencos.com\/en\/wp-json\/wp\/v2\/tags?post=15007"}],"curies":[{"name":"wp","href":"https:\/\/api.w.org\/{rel}","templated":true}]}}