{"id":14950,"date":"2026-09-06T15:28:14","date_gmt":"2026-09-06T13:28:14","guid":{"rendered":"https:\/\/www.tablaosflamencos.com\/?p=14950"},"modified":"2026-09-06T16:50:39","modified_gmt":"2026-09-06T14:50:39","slug":"merida-flamenco-festival-2026-programme-tickets","status":"publish","type":"post","link":"https:\/\/www.tablaosflamencos.com\/en\/merida-flamenco-festival-2026-programme-tickets.html","title":{"rendered":"M\u00e9rida Flamenco Festival 2026: programme, artists, dates and tickets"},"content":{"rendered":"<section class=\"l-section wpb_row height_huge\"><div class=\"l-section-h i-cf\"><div class=\"g-cols vc_row via_flex valign_top type_default stacking_default\"><div class=\"vc_col-sm-6 wpb_column vc_column_container\"><div class=\"vc_column-inner\"><div class=\"wpb_wrapper\"><div class=\"wpb_text_column\"><div class=\"wpb_wrapper\"><h2>M\u00e9rida celebra cinco a\u00f1os de festival flamenco<\/h2>\n<p>El <strong>V Festival Flamenco de M\u00e9rida 2026<\/strong> convierte el oto\u00f1o de la capital extreme\u00f1a en una sucesi\u00f3n de citas con el cante, el baile y propuestas que cruzan el flamenco con otros lenguajes. La programaci\u00f3n abierta al p\u00fablico se extiende del <strong>8 de septiembre al 21 de noviembre de 2026<\/strong> y combina la Plaza de Espa\u00f1a con el Teatro Mar\u00eda Luisa.<\/p>\n<p>El cartel re\u00fane a <strong>Tomasito, los Hermanos Dom\u00ednguez, Macarena Ram\u00edrez, Jes\u00fas M\u00e9ndez, T\u00eda Yoya, T\u00eda Juana Carrasco, Juan Parrilla, Curro Carrasco, Luc\u00eda La Bronce y Rancapino Chico<\/strong>. Adem\u00e1s, el festival concede su Premio Festival Flamenco de M\u00e9rida 2026 al guitarrista extreme\u00f1o <strong>Miguel Vargas<\/strong>.<\/p>\n<\/div><\/div><\/div><\/div><\/div><div class=\"vc_col-sm-6 wpb_column vc_column_container\"><div class=\"vc_column-inner\"><div class=\"wpb_wrapper\"><div class=\"wpb_text_column\"><div class=\"wpb_wrapper\"><h2>Datos esenciales<\/h2>\n<ul>\n<li><strong>Edici\u00f3n:<\/strong> V Festival Flamenco de M\u00e9rida.<\/li>\n<li><strong>Fechas:<\/strong> del 8 de septiembre al 21 de noviembre de 2026.<\/li>\n<li><strong>Ciudad:<\/strong> M\u00e9rida, Badajoz.<\/li>\n<li><strong>Espacios:<\/strong> Plaza de Espa\u00f1a y Teatro Mar\u00eda Luisa.<\/li>\n<li><strong>Primera cita:<\/strong> Tomasito, 8 de septiembre a las 21:00.<\/li>\n<li><strong>Cierre:<\/strong> Rancapino Chico, 21 de noviembre a las 21:00.<\/li>\n<li><strong>Entradas:<\/strong> Tomasito es gratuito; las funciones del Teatro Mar\u00eda Luisa tienen precios populares.<\/li>\n<li><strong>Venta oficial:<\/strong> web del festival y El Corte Ingl\u00e9s Entradas.<\/li>\n<li><strong>Premio 2026:<\/strong> Miguel Vargas.<\/li>\n<\/ul>\n<\/div><\/div><\/div><\/div><\/div><\/div><\/div><\/section><section class=\"l-section wpb_row height_huge color_alternate with_shape\"><div class=\"l-section-shape type_zigzag pos_top\" style=\"height:3vmin;\"><svg xmlns=\"http:\/\/www.w3.org\/2000\/svg\" viewBox=\"0 0 64 8\" preserveAspectRatio=\"none\" width=\"100%\" height=\"100%\">\r\n\t<path fill=\"currentColor\" d=\"M64 8 L0 8 L0 0 L20 7.9 L40 3 L48 5 L64 0 Z\"\/>\r\n<\/svg><\/div><div class=\"l-section-shape type_zigzag pos_bottom\" style=\"height:3vmin;\"><svg xmlns=\"http:\/\/www.w3.org\/2000\/svg\" viewBox=\"0 0 64 8\" preserveAspectRatio=\"none\" width=\"100%\" height=\"100%\">\r\n\t<path fill=\"currentColor\" d=\"M64 8 L0 8 L0 0 L20 7.9 L40 3 L48 5 L64 0 Z\"\/>\r\n<\/svg><\/div><div class=\"l-section-h i-cf\"><div class=\"g-cols vc_row via_flex valign_top type_default stacking_default\"><div class=\"vc_col-sm-12 wpb_column vc_column_container\"><div class=\"vc_column-inner\"><div class=\"wpb_wrapper\"><div class=\"wpb_text_column\"><div class=\"wpb_wrapper\"><blockquote>\n<p><strong>Respuesta r\u00e1pida:<\/strong> el Festival Flamenco de M\u00e9rida 2026 celebra su quinta edici\u00f3n con seis citas principales para el p\u00fablico entre el 8 de septiembre y el 21 de noviembre. Tomasito inaugura el programa gratis en la Plaza de Espa\u00f1a; despu\u00e9s llegar\u00e1n el Baile Flamenco Ecuestre de los Hermanos Dom\u00ednguez y cuatro funciones en el Teatro Mar\u00eda Luisa: <em>Espina<\/em> de Macarena Ram\u00edrez, la <em>Fiesta de la Buler\u00eda<\/em>, <em>Rec\u00f3ndito<\/em> de Luc\u00eda La Bronce y el recital de Rancapino Chico. La organizaci\u00f3n anunci\u00f3 precios de entre 11 y 22 euros para el teatro y la ticketera muestra actualmente localidades desde 11,60 euros.<\/p>\n<\/blockquote>\n<\/div><\/div><\/div><\/div><\/div><\/div><\/div><\/section><section class=\"l-section wpb_row height_huge\"><div class=\"l-section-h i-cf\"><div class=\"g-cols vc_row via_flex valign_top type_default stacking_default\"><div class=\"vc_col-sm-3 wpb_column vc_column_container\"><div class=\"vc_column-inner\"><div class=\"wpb_wrapper\"><\/div><\/div><\/div><div class=\"vc_col-sm-6 wpb_column vc_column_container\"><div class=\"vc_column-inner\"><div class=\"wpb_wrapper\"><div class=\"wpb_text_column\"><div class=\"wpb_wrapper\"><h2>Contenido de esta gu\u00eda<\/h2>\n<ul>\n<li><a href=\"#programacion\">Programaci\u00f3n completa 2026<\/a><\/li>\n<li><a href=\"#tomasito\">8 de septiembre: Tomasito<\/a><\/li>\n<li><a href=\"#ecuestre\">12 de octubre: Baile Flamenco Ecuestre<\/a><\/li>\n<li><a href=\"#espina\">24 de octubre: Macarena Ram\u00edrez<\/a><\/li>\n<li><a href=\"#buleria\">31 de octubre: Fiesta de la Buler\u00eda<\/a><\/li>\n<li><a href=\"#recondito\">14 de noviembre: Luc\u00eda La Bronce<\/a><\/li>\n<li><a href=\"#rancapino\">21 de noviembre: Rancapino Chico<\/a><\/li>\n<li><a href=\"#entradas\">Entradas y precios<\/a><\/li>\n<li><a href=\"#espacios\">D\u00f3nde se celebra<\/a><\/li>\n<li><a href=\"#miguel-vargas\">Premio a Miguel Vargas<\/a><\/li>\n<li><a href=\"#consejos\">Qu\u00e9 recomendamos ver<\/a><\/li>\n<li><a href=\"#faq\">Preguntas frecuentes<\/a><\/li>\n<\/ul>\n<\/div><\/div><\/div><\/div><\/div><div class=\"vc_col-sm-3 wpb_column vc_column_container\"><div class=\"vc_column-inner\"><div class=\"wpb_wrapper\"><\/div><\/div><\/div><\/div><\/div><\/section><section class=\"l-section wpb_row height_huge color_alternate with_shape\"><div class=\"l-section-shape type_zigzag pos_top hor_flip\" style=\"height:3vmin;\"><svg xmlns=\"http:\/\/www.w3.org\/2000\/svg\" viewBox=\"0 0 64 8\" preserveAspectRatio=\"none\" width=\"100%\" height=\"100%\">\r\n\t<path fill=\"currentColor\" d=\"M64 8 L0 8 L0 0 L20 7.9 L40 3 L48 5 L64 0 Z\"\/>\r\n<\/svg><\/div><div class=\"l-section-shape type_zigzag pos_bottom\" style=\"height:3vmin;\"><svg xmlns=\"http:\/\/www.w3.org\/2000\/svg\" viewBox=\"0 0 64 8\" preserveAspectRatio=\"none\" width=\"100%\" height=\"100%\">\r\n\t<path fill=\"currentColor\" d=\"M64 8 L0 8 L0 0 L20 7.9 L40 3 L48 5 L64 0 Z\"\/>\r\n<\/svg><\/div><div class=\"l-section-h i-cf\"><div class=\"g-cols vc_row via_flex valign_top type_default stacking_default\"><div class=\"vc_col-sm-12 wpb_column vc_column_container\"><div class=\"vc_column-inner\"><div class=\"wpb_wrapper\"><div class=\"wpb_text_column\"><div class=\"wpb_wrapper\"><h2 id=\"programacion\" style=\"text-align: center;\">Programaci\u00f3n del Festival Flamenco de M\u00e9rida 2026<\/h2>\n<div style=\"overflow-x: auto;\">\n<table>\n<thead>\n<tr>\n<th>Fecha<\/th>\n<th>Artista \/ espect\u00e1culo<\/th>\n<th>Espacio<\/th>\n<th>Hora<\/th>\n<th>Entradas<\/th>\n<\/tr>\n<\/thead>\n<tbody>\n<tr>\n<td>8 septiembre<\/td>\n<td>Tomasito<\/td>\n<td>Plaza de Espa\u00f1a<\/td>\n<td>21:00<\/td>\n<td>Gratis<\/td>\n<\/tr>\n<tr>\n<td>12 octubre<\/td>\n<td>Hermanos Dom\u00ednguez \u2013 Baile Flamenco Ecuestre<\/td>\n<td>Plaza de Espa\u00f1a<\/td>\n<td>21:00<\/td>\n<td>Consultar canales oficiales<\/td>\n<\/tr>\n<tr>\n<td>24 octubre<\/td>\n<td>Macarena Ram\u00edrez \u2013 <em>Espina<\/em><\/td>\n<td>Teatro Mar\u00eda Luisa<\/td>\n<td>21:00<\/td>\n<td>Desde 11,60 \u20ac<\/td>\n<\/tr>\n<tr>\n<td>31 octubre<\/td>\n<td><em>Fiesta de la Buler\u00eda<\/em><\/td>\n<td>Teatro Mar\u00eda Luisa<\/td>\n<td>21:00<\/td>\n<td>Desde 11,60 \u20ac<\/td>\n<\/tr>\n<tr>\n<td>14 noviembre<\/td>\n<td>Luc\u00eda La Bronce \u2013 <em>Rec\u00f3ndito<\/em><\/td>\n<td>Teatro Mar\u00eda Luisa<\/td>\n<td>21:00<\/td>\n<td>Desde 11,60 \u20ac<\/td>\n<\/tr>\n<tr>\n<td>21 noviembre<\/td>\n<td>Rancapino Chico<\/td>\n<td>Teatro Mar\u00eda Luisa<\/td>\n<td>21:00<\/td>\n<td>Desde 11,60 \u20ac<\/td>\n<\/tr>\n<\/tbody>\n<\/table>\n<\/div>\n<p><small>Precios y disponibilidad consultados el 5 de septiembre de 2026. Pueden cambiar a medida que se vendan localidades.<\/small><\/p>\n<\/div><\/div><\/div><\/div><\/div><\/div><\/div><\/section><section class=\"l-section wpb_row height_huge\"><div class=\"l-section-h i-cf\"><div class=\"g-cols vc_row via_flex valign_top type_default stacking_default\"><div class=\"vc_col-sm-6 wpb_column vc_column_container\"><div class=\"vc_column-inner\"><div class=\"wpb_wrapper\"><div class=\"wpb_text_column\"><div class=\"wpb_wrapper\"><h2 id=\"tomasito\">8 de septiembre: Tomasito abre el festival<\/h2>\n<p>El arranque tiene lugar el <strong>martes 8 de septiembre a las 21:00<\/strong> en la Plaza de Espa\u00f1a, coincidiendo con el D\u00eda de Extremadura. La actuaci\u00f3n de <strong>Tomasito<\/strong> tiene <strong>entrada libre y gratuita<\/strong> y est\u00e1 planteada como una apertura festiva y accesible a toda la ciudad.<\/p>\n<p>Tomasito es una elecci\u00f3n coherente para una inauguraci\u00f3n en espacio p\u00fablico. Su lenguaje parte del flamenco, pero se mueve con naturalidad entre punk, rock, pop, hip-hop y ritmos urbanos. Cante, baile, humor, improvisaci\u00f3n y comp\u00e1s forman parte de una propuesta dif\u00edcil de encerrar en una \u00fanica etiqueta.<\/p>\n<p>Para quien quiera empezar el festival sin comprar entrada, esta es la fecha m\u00e1s sencilla: basta con acudir a la Plaza de Espa\u00f1a con antelaci\u00f3n suficiente para encontrar una buena ubicaci\u00f3n.<\/p>\n<\/div><\/div><\/div><\/div><\/div><div class=\"vc_col-sm-6 wpb_column vc_column_container\"><div class=\"vc_column-inner\"><div class=\"wpb_wrapper\"><div class=\"wpb_text_column\"><div class=\"wpb_wrapper\"><h2 id=\"ecuestre\">12 de octubre: Baile Flamenco Ecuestre<\/h2>\n<p>La segunda cita vuelve a la <strong>Plaza de Espa\u00f1a<\/strong> el <strong>lunes 12 de octubre a las 21:00<\/strong>. Los <strong>Hermanos Dom\u00ednguez<\/strong> presentan <em>Baile Flamenco Ecuestre<\/em>, un montaje que une doma cl\u00e1sica y alta escuela con zapateado, cante y guitarra flamenca en directo.<\/p>\n<p>El inter\u00e9s est\u00e1 en la sincronizaci\u00f3n entre los movimientos de jinetes y caballos y el lenguaje r\u00edtmico del flamenco. Es, probablemente, la propuesta m\u00e1s visual de la edici\u00f3n y una de las que mejor aprovecha un espacio abierto en pleno centro de M\u00e9rida.<\/p>\n<p>La ficha municipal confirma fecha, hora y ubicaci\u00f3n, pero no publica un precio ni un proceso de compra. Tampoco aparece actualmente entre las funciones de pago del Teatro Mar\u00eda Luisa. Recomendamos comprobar la web oficial del festival antes de desplazarse por si la organizaci\u00f3n concreta las condiciones de acceso.<\/p>\n<\/div><\/div><\/div><\/div><\/div><\/div><\/div><\/section><section class=\"l-section wpb_row height_huge color_alternate with_shape\"><div class=\"l-section-shape type_zigzag pos_top\" style=\"height:3vmin;\"><svg xmlns=\"http:\/\/www.w3.org\/2000\/svg\" viewBox=\"0 0 64 8\" preserveAspectRatio=\"none\" width=\"100%\" height=\"100%\">\r\n\t<path fill=\"currentColor\" d=\"M64 8 L0 8 L0 0 L20 7.9 L40 3 L48 5 L64 0 Z\"\/>\r\n<\/svg><\/div><div class=\"l-section-shape type_zigzag pos_bottom\" style=\"height:3vmin;\"><svg xmlns=\"http:\/\/www.w3.org\/2000\/svg\" viewBox=\"0 0 64 8\" preserveAspectRatio=\"none\" width=\"100%\" height=\"100%\">\r\n\t<path fill=\"currentColor\" d=\"M64 8 L0 8 L0 0 L20 7.9 L40 3 L48 5 L64 0 Z\"\/>\r\n<\/svg><\/div><div class=\"l-section-h i-cf\"><div class=\"g-cols vc_row via_flex valign_top type_default stacking_default\"><div class=\"vc_col-sm-6 wpb_column vc_column_container\"><div class=\"vc_column-inner\"><div class=\"wpb_wrapper\"><div class=\"wpb_text_column\"><div class=\"wpb_wrapper\"><h2 id=\"espina\">24 de octubre: Macarena Ram\u00edrez y <em>Espina<\/em><\/h2>\n<p>El <strong>Teatro Mar\u00eda Luisa<\/strong> toma el relevo el <strong>s\u00e1bado 24 de octubre a las 21:00<\/strong> con <strong>Macarena Ram\u00edrez<\/strong>. La bailaora presenta <em>Espina<\/em>, una obra que parte del dolor, la herida y la vulnerabilidad para transformarlos en belleza mediante el baile.<\/p>\n<p>El espect\u00e1culo reivindica un flamenco vivo y contempor\u00e1neo: una tradici\u00f3n que no permanece inm\u00f3vil, sino que dialoga con el presente y utiliza el cuerpo, el gesto, el silencio y la m\u00fasica para explorar emociones reconocibles.<\/p>\n<p>La duraci\u00f3n anunciada es de aproximadamente <strong>80 minutos<\/strong> y est\u00e1 indicada para todos los p\u00fablicos. Las entradas est\u00e1n a la venta y la ticketera oficial muestra localidades <strong>desde 11,60 \u20ac<\/strong>.<\/p>\n<p><a href=\"https:\/\/www.elcorteingles.es\/entradas\/conciertos\/entradas-macarena-ramirez-espina-merida\/\" target=\"_blank\" rel=\"noopener\">Consultar entradas para Macarena Ram\u00edrez \u2013 Espina<\/a>.<\/p>\n<\/div><\/div><\/div><\/div><\/div><div class=\"vc_col-sm-6 wpb_column vc_column_container\"><div class=\"vc_column-inner\"><div class=\"wpb_wrapper\"><div class=\"wpb_text_column\"><div class=\"wpb_wrapper\"><h2 id=\"buleria\">31 de octubre: una Fiesta de la Buler\u00eda con acento jerezano<\/h2>\n<p>El <strong>s\u00e1bado 31 de octubre a las 21:00<\/strong> llega una de las noches m\u00e1s potentes del cartel: la <strong>Fiesta de la Buler\u00eda<\/strong>, un formato pensado para llevar al escenario la energ\u00eda y la convivencia musical asociadas al flamenco de Jerez.<\/p>\n<p>La direcci\u00f3n musical corresponde a <strong>Juan Parrilla<\/strong> y el cartel principal re\u00fane a <strong>Jes\u00fas M\u00e9ndez, T\u00eda Yoya, T\u00eda Juana Carrasco y Curro Carrasco<\/strong>. El montaje incorpora adem\u00e1s m\u00fasicos y j\u00f3venes valores vinculados a Santiago y La Plazuela, dos barrios fundamentales para entender el flamenco jerezano.<\/p>\n<p>M\u00e1s que una sucesi\u00f3n de recitales independientes, la propuesta se construye como una fiesta compartida entre cante, guitarra, palmas, percusi\u00f3n y las caracter\u00edsticas &#8220;pata\u00edtas&#8221; por buler\u00edas. La duraci\u00f3n anunciada es de unos <strong>80 minutos<\/strong>.<\/p>\n<p><a href=\"https:\/\/www.elcorteingles.es\/entradas\/conciertos\/entradas-fiesta-de-la-buleria-ff-merida-2026-merida\/\" target=\"_blank\" rel=\"noopener\">Consultar entradas para la Fiesta de la Buler\u00eda<\/a>.<\/p>\n<\/div><\/div><\/div><\/div><\/div><\/div><\/div><\/section><section class=\"l-section wpb_row height_huge\"><div class=\"l-section-h i-cf\"><div class=\"g-cols vc_row via_flex valign_top type_default stacking_default\"><div class=\"vc_col-sm-6 wpb_column vc_column_container\"><div class=\"vc_column-inner\"><div class=\"wpb_wrapper\"><div class=\"wpb_text_column\"><div class=\"wpb_wrapper\"><h2 id=\"recondito\">14 de noviembre: Luc\u00eda La Bronce presenta <em>Rec\u00f3ndito<\/em><\/h2>\n<p>El <strong>s\u00e1bado 14 de noviembre a las 21:00<\/strong>, la bailaora <strong>Luc\u00eda La Bronce<\/strong> lleva al Teatro Mar\u00eda Luisa <em>Rec\u00f3ndito<\/em>. El t\u00edtulo alude a lo escondido y a lo \u00edntimo, y sit\u00faa la pieza en un momento de b\u00fasqueda dentro de una carrera profesional que empieza a definir su voz propia.<\/p>\n<p>La obra propone mirar hacia dentro sin abandonar los c\u00f3digos del baile flamenco. En lugar de presentar la identidad art\u00edstica como algo ya resuelto, convierte la exploraci\u00f3n, la duda y el descubrimiento en material esc\u00e9nico.<\/p>\n<p>La ticketera anuncia una duraci\u00f3n aproximada de <strong>80 minutos<\/strong>, apertura de puertas a las 20:45 y entradas <strong>desde 11,60 \u20ac<\/strong>.<\/p>\n<p><a href=\"https:\/\/www.elcorteingles.es\/entradas\/teatro\/entradas-lucia-la-bronce-recondito-merida\/\" target=\"_blank\" rel=\"noopener\">Consultar entradas para Luc\u00eda La Bronce \u2013 Rec\u00f3ndito<\/a>.<\/p>\n<\/div><\/div><\/div><\/div><\/div><div class=\"vc_col-sm-6 wpb_column vc_column_container\"><div class=\"vc_column-inner\"><div class=\"wpb_wrapper\"><div class=\"wpb_text_column\"><div class=\"wpb_wrapper\"><h2 id=\"rancapino\">21 de noviembre: Rancapino Chico cierra la edici\u00f3n<\/h2>\n<p>La clausura ser\u00e1 el <strong>s\u00e1bado 21 de noviembre a las 21:00<\/strong> en el Teatro Mar\u00eda Luisa. Aunque el programa general del festival utiliza de forma abreviada el nombre &#8220;Rancapino&#8221;, tanto el teatro como la venta oficial de entradas identifican al artista como <strong>Rancapino Chico<\/strong>.<\/p>\n<p>Hijo del hist\u00f3rico Rancapino, el cantaor ha construido una trayectoria propia desde una est\u00e9tica profundamente vinculada al flamenco de C\u00e1diz. Su recital cierra el festival desde el cante, despu\u00e9s de una edici\u00f3n que ha pasado por fusi\u00f3n, baile, espect\u00e1culo ecuestre, fiesta jerezana y creaci\u00f3n joven.<\/p>\n<p>El teatro anuncia una duraci\u00f3n aproximada de <strong>80 minutos<\/strong> y la venta oficial muestra localidades <strong>desde 11,60 \u20ac<\/strong>.<\/p>\n<p><a href=\"https:\/\/www.elcorteingles.es\/entradas\/conciertos\/entradas-rancapino-chico-merida\/\" target=\"_blank\" rel=\"noopener\">Consultar entradas para Rancapino Chico<\/a>.<\/p>\n<\/div><\/div><\/div><\/div><\/div><\/div><\/div><\/section><section class=\"l-section wpb_row height_huge color_alternate with_shape\"><div class=\"l-section-shape type_zigzag pos_top hor_flip\" style=\"height:3vmin;\"><svg xmlns=\"http:\/\/www.w3.org\/2000\/svg\" viewBox=\"0 0 64 8\" preserveAspectRatio=\"none\" width=\"100%\" height=\"100%\">\r\n\t<path fill=\"currentColor\" d=\"M64 8 L0 8 L0 0 L20 7.9 L40 3 L48 5 L64 0 Z\"\/>\r\n<\/svg><\/div><div class=\"l-section-shape type_zigzag pos_bottom\" style=\"height:3vmin;\"><svg xmlns=\"http:\/\/www.w3.org\/2000\/svg\" viewBox=\"0 0 64 8\" preserveAspectRatio=\"none\" width=\"100%\" height=\"100%\">\r\n\t<path fill=\"currentColor\" d=\"M64 8 L0 8 L0 0 L20 7.9 L40 3 L48 5 L64 0 Z\"\/>\r\n<\/svg><\/div><div class=\"l-section-h i-cf\"><div class=\"g-cols vc_row via_flex valign_top type_default stacking_default\"><div class=\"vc_col-sm-6 wpb_column vc_column_container\"><div class=\"vc_column-inner\"><div class=\"wpb_wrapper\"><div class=\"wpb_text_column\"><div class=\"wpb_wrapper\"><h2 id=\"entradas\">Entradas del Festival Flamenco de M\u00e9rida 2026<\/h2>\n<p>La organizaci\u00f3n ha optado por una pol\u00edtica de <strong>precios populares<\/strong> para las funciones del Teatro Mar\u00eda Luisa. La informaci\u00f3n difundida con motivo de la quinta edici\u00f3n sit\u00faa las localidades en una horquilla general de <strong>11 a 22 euros<\/strong>.<\/p>\n<p>A fecha de 5 de septiembre, El Corte Ingl\u00e9s Entradas muestra los cuatro espect\u00e1culos del teatro con precios <strong>desde 11,60 \u20ac<\/strong>: Macarena Ram\u00edrez, Fiesta de la Buler\u00eda, Luc\u00eda La Bronce y Rancapino Chico.<\/p>\n<p>La web oficial del festival enlaza directamente con esta ticketera. Recomendamos comprar \u00fanicamente desde los canales oficiales y revisar en cada funci\u00f3n la zona, posibles gastos de gesti\u00f3n y condiciones aplicables antes de finalizar la compra.<\/p>\n<\/div><\/div><\/div><\/div><\/div><div class=\"vc_col-sm-6 wpb_column vc_column_container\"><div class=\"vc_column-inner\"><div class=\"wpb_wrapper\"><div class=\"wpb_text_column\"><div class=\"wpb_wrapper\"><h2>\u00bfQu\u00e9 actuaciones son gratuitas?<\/h2>\n<p>Est\u00e1 confirmado como <strong>gratuito<\/strong> el concierto de Tomasito del 8 de septiembre en la Plaza de Espa\u00f1a. La organizaci\u00f3n lo anuncia expresamente como entrada libre y abierta a todos los p\u00fablicos.<\/p>\n<p>Para <em>Baile Flamenco Ecuestre<\/em>, tambi\u00e9n en la Plaza de Espa\u00f1a, la agenda municipal no muestra precio ni enlace espec\u00edfico de venta. Preferimos no presentar el acceso como gratuito mientras la organizaci\u00f3n no lo indique de forma expl\u00edcita.<\/p>\n<p>Las cuatro actuaciones del Teatro Mar\u00eda Luisa s\u00ed requieren entrada. Aunque sus precios son reducidos para un festival de estas caracter\u00edsticas, la disponibilidad puede variar seg\u00fan se acerque cada fecha.<\/p>\n<p><a href=\"https:\/\/www.elcorteingles.es\/entradas\/conciertos\/festival-flamenco\/\" target=\"_blank\" rel=\"noopener\">Ver la venta oficial del V Festival Flamenco de M\u00e9rida<\/a>.<\/p>\n<\/div><\/div><\/div><\/div><\/div><\/div><\/div><\/section><section class=\"l-section wpb_row height_huge\"><div class=\"l-section-h i-cf\"><div class=\"g-cols vc_row via_flex valign_top type_default stacking_default\"><div class=\"vc_col-sm-6 wpb_column vc_column_container\"><div class=\"vc_column-inner\"><div class=\"wpb_wrapper\"><div class=\"wpb_text_column\"><div class=\"wpb_wrapper\"><h2 id=\"espacios\">Plaza de Espa\u00f1a: flamenco en el centro de M\u00e9rida<\/h2>\n<p>Las dos primeras fechas utilizan la <strong>Plaza de Espa\u00f1a<\/strong>, uno de los espacios urbanos m\u00e1s reconocibles de M\u00e9rida. El 8 de septiembre acoge a Tomasito y el 12 de octubre el espect\u00e1culo ecuestre.<\/p>\n<p>El formato abierto permite que el festival salga del teatro y se encuentre con residentes y visitantes en el centro de la ciudad. Para estas citas recomendamos llegar con tiempo, especialmente cuando no existen localidades numeradas y la visibilidad depende de la ubicaci\u00f3n que se consiga.<\/p>\n<p>La celebraci\u00f3n en un espacio p\u00fablico forma parte de la identidad que el festival ha desarrollado durante sus primeras cinco ediciones: combinar patrimonio, ciudad y flamenco en formatos distintos.<\/p>\n<\/div><\/div><\/div><\/div><\/div><div class=\"vc_col-sm-6 wpb_column vc_column_container\"><div class=\"vc_column-inner\"><div class=\"wpb_wrapper\"><div class=\"wpb_text_column\"><div class=\"wpb_wrapper\"><h2>Teatro Mar\u00eda Luisa: cuatro noches consecutivas de programaci\u00f3n<\/h2>\n<p>A partir del 24 de octubre, el programa se concentra en el <strong>Teatro Mar\u00eda Luisa<\/strong>, en la calle Camilo Jos\u00e9 Cela. All\u00ed se celebrar\u00e1n las cuatro funciones con venta anticipada: <em>Espina<\/em>, <em>Fiesta de la Buler\u00eda<\/em>, <em>Rec\u00f3ndito<\/em> y Rancapino Chico.<\/p>\n<p>El teatro ofrece una experiencia diferente a las citas de plaza: asiento reservado, mejores condiciones ac\u00fasticas y un marco adecuado para obras coreogr\u00e1ficas y recitales de escucha atenta.<\/p>\n<p>Si vas a viajar a M\u00e9rida espec\u00edficamente por uno de estos espect\u00e1culos, comprar con antelaci\u00f3n es la opci\u00f3n m\u00e1s segura. Tambi\u00e9n puedes consultar nuestra p\u00e1gina de <a href=\"https:\/\/www.tablaosflamencos.com\/flamenco-en-badajoz\">flamenco en Badajoz<\/a> para ampliar opciones en la provincia.<\/p>\n<\/div><\/div><\/div><\/div><\/div><\/div><\/div><\/section><section class=\"l-section wpb_row height_huge color_alternate with_shape\"><div class=\"l-section-shape type_zigzag pos_top\" style=\"height:3vmin;\"><svg xmlns=\"http:\/\/www.w3.org\/2000\/svg\" viewBox=\"0 0 64 8\" preserveAspectRatio=\"none\" width=\"100%\" height=\"100%\">\r\n\t<path fill=\"currentColor\" d=\"M64 8 L0 8 L0 0 L20 7.9 L40 3 L48 5 L64 0 Z\"\/>\r\n<\/svg><\/div><div class=\"l-section-shape type_zigzag pos_bottom\" style=\"height:3vmin;\"><svg xmlns=\"http:\/\/www.w3.org\/2000\/svg\" viewBox=\"0 0 64 8\" preserveAspectRatio=\"none\" width=\"100%\" height=\"100%\">\r\n\t<path fill=\"currentColor\" d=\"M64 8 L0 8 L0 0 L20 7.9 L40 3 L48 5 L64 0 Z\"\/>\r\n<\/svg><\/div><div class=\"l-section-h i-cf\"><div class=\"g-cols vc_row via_flex valign_top type_default stacking_default\"><div class=\"vc_col-sm-6 wpb_column vc_column_container\"><div class=\"vc_column-inner\"><div class=\"wpb_wrapper\"><div class=\"wpb_text_column\"><div class=\"wpb_wrapper\"><h2 id=\"miguel-vargas\">Miguel Vargas, Premio Festival Flamenco de M\u00e9rida 2026<\/h2>\n<p>La quinta edici\u00f3n reconoce al guitarrista extreme\u00f1o <strong>Miguel Vargas<\/strong> por su trayectoria y por su contribuci\u00f3n a la difusi\u00f3n y preservaci\u00f3n del flamenco. El festival lo presenta como una figura de referencia y como embajador de la cultura extreme\u00f1a dentro y fuera de Espa\u00f1a.<\/p>\n<p>El homenaje tiene adem\u00e1s un valor simb\u00f3lico en una edici\u00f3n de aniversario. El Festival Flamenco de M\u00e9rida no se limita a importar grandes nombres del circuito nacional: tambi\u00e9n quiere reforzar la conexi\u00f3n entre el flamenco y Extremadura, visibilizando artistas y trayectorias vinculadas al territorio.<\/p>\n<p>La presentaci\u00f3n oficial del quinto aniversario se celebr\u00f3 el 1 de julio en el Centro Cultural Alcazaba. Por eso algunas comunicaciones de la organizaci\u00f3n hablan de siete grandes propuestas, mientras que la agenda que interesa ahora al p\u00fablico re\u00fane seis fechas entre septiembre y noviembre.<\/p>\n<\/div><\/div><\/div><\/div><\/div><div class=\"vc_col-sm-6 wpb_column vc_column_container\"><div class=\"vc_column-inner\"><div class=\"wpb_wrapper\"><div class=\"wpb_text_column\"><div class=\"wpb_wrapper\"><h2>Cinco a\u00f1os de crecimiento<\/h2>\n<p>El festival naci\u00f3 en 2022 y llega a 2026 con una edici\u00f3n dise\u00f1ada para consolidar a M\u00e9rida como plaza flamenca. Seg\u00fan los datos difundidos por la propia organizaci\u00f3n con motivo del quinto aniversario, durante estos a\u00f1os han participado <strong>m\u00e1s de 150 profesionales<\/strong>, se han superado los <strong>10.000 espectadores<\/strong> y el impacto econ\u00f3mico acumulado estimado para la ciudad alcanza los <strong>cuatro millones de euros<\/strong>.<\/p>\n<p>Por sus ediciones anteriores han pasado nombres como Jos\u00e9 Merc\u00e9, Farruquito, Tomatito, Kiki Morente o Antonio Canales. En 2026 el enfoque combina figuras consolidadas con creaci\u00f3n contempor\u00e1nea y artistas que representan nuevas generaciones.<\/p>\n<p>Esa mezcla ayuda a que el festival no dependa de un \u00fanico perfil de p\u00fablico: hay propuestas para quien busca cante tradicional, para quien sigue el baile, para quien prefiere la fusi\u00f3n y para quien quiere acercarse al flamenco desde un espect\u00e1culo visual.<\/p>\n<\/div><\/div><\/div><\/div><\/div><\/div><\/div><\/section><section class=\"l-section wpb_row height_huge\"><div class=\"l-section-h i-cf\"><div class=\"g-cols vc_row via_flex valign_top type_default stacking_default\"><div class=\"vc_col-sm-6 wpb_column vc_column_container\"><div class=\"vc_column-inner\"><div class=\"wpb_wrapper\"><div class=\"wpb_text_column\"><div class=\"wpb_wrapper\"><h2>Ojo: no es el mismo evento que Flamenco &amp; Rumba M\u00e9rida<\/h2>\n<p>En octubre aparece en la agenda de la ciudad otro evento con un nombre parecido: <strong>Festival Flamenco &amp; Rumba M\u00e9rida 2026<\/strong>, previsto para el <strong>10 de octubre<\/strong> en la Plaza de Toros.<\/p>\n<p>Es un festival diferente, con organizaci\u00f3n y cartel propios. No forma parte de la programaci\u00f3n del V Festival Flamenco de M\u00e9rida que explicamos en esta gu\u00eda. Esta distinci\u00f3n es importante al buscar entradas, horarios o artistas, porque ambos eventos se celebran en M\u00e9rida y con solo dos d\u00edas de diferencia respecto al Baile Flamenco Ecuestre del 12 de octubre.<\/p>\n<\/div><\/div><\/div><\/div><\/div><div class=\"vc_col-sm-6 wpb_column vc_column_container\"><div class=\"vc_column-inner\"><div class=\"wpb_wrapper\"><div class=\"wpb_text_column\"><div class=\"wpb_wrapper\"><h2 id=\"consejos\">Qu\u00e9 actuaciones recomendamos especialmente<\/h2>\n<p>Si solo puedes elegir una fecha, la decisi\u00f3n depende del tipo de flamenco que busques.<\/p>\n<ul>\n<li><strong>Para una experiencia popular y gratuita:<\/strong> Tomasito, el 8 de septiembre.<\/li>\n<li><strong>Para un espect\u00e1culo visual y diferente:<\/strong> Baile Flamenco Ecuestre, el 12 de octubre.<\/li>\n<li><strong>Para ver baile flamenco contempor\u00e1neo:<\/strong> <em>Espina<\/em> de Macarena Ram\u00edrez o <em>Rec\u00f3ndito<\/em> de Luc\u00eda La Bronce.<\/li>\n<li><strong>Para vivir comp\u00e1s y ambiente jerezano:<\/strong> Fiesta de la Buler\u00eda, el 31 de octubre.<\/li>\n<li><strong>Para escuchar cante con ra\u00edz gaditana:<\/strong> Rancapino Chico, el 21 de noviembre.<\/li>\n<\/ul>\n<p>Nuestra elecci\u00f3n m\u00e1s singular del cartel es la <strong>Fiesta de la Buler\u00eda<\/strong> por la concentraci\u00f3n de artistas, el concepto colectivo y la presencia de distintas generaciones vinculadas a Jerez. Para quien priorice el cante, el cierre con Rancapino Chico es la alternativa m\u00e1s clara.<\/p>\n<\/div><\/div><\/div><\/div><\/div><\/div><\/div><\/section><section class=\"l-section wpb_row height_huge color_alternate with_shape\"><div class=\"l-section-shape type_zigzag pos_top hor_flip\" style=\"height:3vmin;\"><svg xmlns=\"http:\/\/www.w3.org\/2000\/svg\" viewBox=\"0 0 64 8\" preserveAspectRatio=\"none\" width=\"100%\" height=\"100%\">\r\n\t<path fill=\"currentColor\" d=\"M64 8 L0 8 L0 0 L20 7.9 L40 3 L48 5 L64 0 Z\"\/>\r\n<\/svg><\/div><div class=\"l-section-shape type_zigzag pos_bottom\" style=\"height:3vmin;\"><svg xmlns=\"http:\/\/www.w3.org\/2000\/svg\" viewBox=\"0 0 64 8\" preserveAspectRatio=\"none\" width=\"100%\" height=\"100%\">\r\n\t<path fill=\"currentColor\" d=\"M64 8 L0 8 L0 0 L20 7.9 L40 3 L48 5 L64 0 Z\"\/>\r\n<\/svg><\/div><div class=\"l-section-h i-cf\"><div class=\"g-cols vc_row via_flex valign_top type_default stacking_default\"><div class=\"vc_col-sm-12 wpb_column vc_column_container\"><div class=\"vc_column-inner\"><div class=\"wpb_wrapper\"><div class=\"wpb_text_column\"><div class=\"wpb_wrapper\"><h2 style=\"text-align: center;\">Resumen pr\u00e1ctico para organizar tu visita<\/h2>\n<div style=\"overflow-x: auto;\">\n<table>\n<thead>\n<tr>\n<th>Pregunta<\/th>\n<th>Respuesta<\/th>\n<\/tr>\n<\/thead>\n<tbody>\n<tr>\n<td>\u00bfCu\u00e1ndo empieza?<\/td>\n<td>8 de septiembre de 2026, con Tomasito a las 21:00.<\/td>\n<\/tr>\n<tr>\n<td>\u00bfCu\u00e1ndo termina?<\/td>\n<td>21 de noviembre de 2026, con Rancapino Chico a las 21:00.<\/td>\n<\/tr>\n<tr>\n<td>\u00bfCu\u00e1ntas citas quedan en el programa?<\/td>\n<td>Seis fechas abiertas al p\u00fablico entre septiembre y noviembre.<\/td>\n<\/tr>\n<tr>\n<td>\u00bfD\u00f3nde se celebra?<\/td>\n<td>Plaza de Espa\u00f1a y Teatro Mar\u00eda Luisa, en M\u00e9rida.<\/td>\n<\/tr>\n<tr>\n<td>\u00bfHay actuaciones gratis?<\/td>\n<td>S\u00ed. Tomasito, el 8 de septiembre, tiene entrada libre y gratuita.<\/td>\n<\/tr>\n<tr>\n<td>\u00bfCu\u00e1nto cuestan las entradas del teatro?<\/td>\n<td>La organizaci\u00f3n anunci\u00f3 entre 11 y 22 \u20ac; actualmente se muestran desde 11,60 \u20ac.<\/td>\n<\/tr>\n<tr>\n<td>\u00bfD\u00f3nde se compran?<\/td>\n<td>Desde la web oficial del festival y El Corte Ingl\u00e9s Entradas.<\/td>\n<\/tr>\n<tr>\n<td>\u00bfQui\u00e9n recibe el premio del festival?<\/td>\n<td>El guitarrista extreme\u00f1o Miguel Vargas.<\/td>\n<\/tr>\n<\/tbody>\n<\/table>\n<\/div>\n<\/div><\/div><\/div><\/div><\/div><\/div><\/div><\/section><section class=\"l-section wpb_row height_huge\"><div class=\"l-section-h i-cf\"><div class=\"g-cols vc_row via_flex valign_top type_default stacking_default\"><div class=\"vc_col-sm-12 wpb_column vc_column_container\"><div class=\"vc_column-inner\"><div class=\"wpb_wrapper\"><div class=\"wpb_text_column\"><div class=\"wpb_wrapper\"><h2>M\u00e9rida, una cita flamenca de oto\u00f1o<\/h2>\n<p>El V Festival Flamenco de M\u00e9rida llega a su aniversario con un programa compacto pero muy variado. En poco m\u00e1s de dos meses pasa de la heterodoxia de Tomasito a la tradici\u00f3n del cante de Rancapino Chico, con baile, caballos, creaci\u00f3n contempor\u00e1nea y una gran fiesta jerezana entre medias.<\/p>\n<p>La combinaci\u00f3n de actividades en la calle y funciones a precios accesibles es uno de sus puntos fuertes. Tambi\u00e9n lo es la facilidad para entender el calendario: todas las citas principales empiezan a las 21:00 y las cuatro \u00faltimas se concentran en un mismo teatro.<\/p>\n<p>Para una escapada flamenca a Extremadura, octubre y noviembre ofrecen las opciones m\u00e1s interesantes. Quien busque una experiencia de calle tiene dos fechas en la Plaza de Espa\u00f1a; quien quiera asegurarse asiento puede reservar en el Teatro Mar\u00eda Luisa. En cualquier caso, conviene comprobar horarios y disponibilidad en los canales oficiales antes del viaje.<\/p>\n<\/div><\/div><div class=\"w-separator size_medium\"><\/div><div class=\"w-hwrapper valign_top wrap align_center\" style=\"--hwrapper-gap:1.2rem\"><div class=\"w-btn-wrapper align_none\"><a class=\"w-btn us-btn-style_1\" target=\"_blank\" href=\"https:\/\/festivalflamencomerida.es\/\"><span class=\"w-btn-label\">Web oficial del Festival Flamenco de M\u00e9rida<\/span><\/a><\/div><div class=\"w-btn-wrapper align_none\"><a class=\"w-btn us-btn-style_1\" href=\"https:\/\/www.tablaosflamencos.com\/en\/flamenco-in-badajoz\"><span class=\"w-btn-label\">Ver flamenco en Badajoz<\/span><\/a><\/div><\/div><\/div><\/div><\/div><\/div><\/div><\/section><section class=\"l-section wpb_row height_huge color_alternate with_shape\"><div class=\"l-section-shape type_zigzag pos_top\" style=\"height:3vmin;\"><svg xmlns=\"http:\/\/www.w3.org\/2000\/svg\" viewBox=\"0 0 64 8\" preserveAspectRatio=\"none\" width=\"100%\" height=\"100%\">\r\n\t<path fill=\"currentColor\" d=\"M64 8 L0 8 L0 0 L20 7.9 L40 3 L48 5 L64 0 Z\"\/>\r\n<\/svg><\/div><div class=\"l-section-h i-cf\"><div class=\"g-cols vc_row via_flex valign_top type_default stacking_default\"><div class=\"vc_col-sm-1\/5 wpb_column vc_column_container\"><div class=\"vc_column-inner\"><div class=\"wpb_wrapper\"><\/div><\/div><\/div><div class=\"vc_col-sm-3\/5 wpb_column vc_column_container\"><div class=\"vc_column-inner\"><div class=\"wpb_wrapper\"><div class=\"wpb_text_column\"><div class=\"wpb_wrapper\"><h2 id=\"faq\">Preguntas frecuentes sobre el Festival Flamenco de M\u00e9rida 2026<\/h2>\n<\/div><\/div><div class=\"w-separator size_medium\"><\/div><div class=\"w-tabs accordion toggle_style_1 has_scrolling\" style=\"--sections-title-size:inherit;--sections-gap:0.5rem;\"><div class=\"w-tabs-sections titles-align_none icon_chevron cpos_right\"><div class=\"w-tabs-section\" id=\"bcc2\"><button type=\"button\" class=\"w-tabs-section-header\" aria-controls=\"content-bcc2\" aria-expanded=\"false\"><div class=\"w-tabs-section-title\">\u00bfCu\u00e1ndo se celebra el Festival Flamenco de M\u00e9rida 2026?<\/div><div class=\"w-tabs-section-control\"><\/div><\/button><div  class=\"w-tabs-section-content\" id=\"content-bcc2\"><div class=\"w-tabs-section-content-h i-cf\"><div class=\"wpb_text_column\"><div class=\"wpb_wrapper\"><p>La programaci\u00f3n principal abierta al p\u00fablico se desarrolla del 8 de septiembre al 21 de noviembre de 2026, con seis fechas repartidas entre la Plaza de Espa\u00f1a y el Teatro Mar\u00eda Luisa.<\/p>\n<\/div><\/div><\/div><\/div><\/div><div class=\"w-tabs-section\" id=\"qdff\"><button type=\"button\" class=\"w-tabs-section-header\" aria-controls=\"content-qdff\" aria-expanded=\"false\"><div class=\"w-tabs-section-title\">\u00bfQui\u00e9n abre el festival?<\/div><div class=\"w-tabs-section-control\"><\/div><\/button><div  class=\"w-tabs-section-content\" id=\"content-qdff\"><div class=\"w-tabs-section-content-h i-cf\"><div class=\"wpb_text_column\"><div class=\"wpb_wrapper\"><p>Tomasito abre la programaci\u00f3n el martes 8 de septiembre a las 21:00 en la Plaza de Espa\u00f1a de M\u00e9rida, coincidiendo con el D\u00eda de Extremadura.<\/p>\n<\/div><\/div><\/div><\/div><\/div><div class=\"w-tabs-section\" id=\"nf12\"><button type=\"button\" class=\"w-tabs-section-header\" aria-controls=\"content-nf12\" aria-expanded=\"false\"><div class=\"w-tabs-section-title\">\u00bfLa actuaci\u00f3n de Tomasito es gratis?<\/div><div class=\"w-tabs-section-control\"><\/div><\/button><div  class=\"w-tabs-section-content\" id=\"content-nf12\"><div class=\"w-tabs-section-content-h i-cf\"><div class=\"wpb_text_column\"><div class=\"wpb_wrapper\"><p>S\u00ed. La organizaci\u00f3n y el Ayuntamiento de M\u00e9rida confirman que el concierto de Tomasito tiene entrada libre y gratuita.<\/p>\n<\/div><\/div><\/div><\/div><\/div><div class=\"w-tabs-section\" id=\"c016\"><button type=\"button\" class=\"w-tabs-section-header\" aria-controls=\"content-c016\" aria-expanded=\"false\"><div class=\"w-tabs-section-title\">\u00bfCu\u00e1nto cuestan las entradas del Teatro Mar\u00eda Luisa?<\/div><div class=\"w-tabs-section-control\"><\/div><\/button><div  class=\"w-tabs-section-content\" id=\"content-c016\"><div class=\"w-tabs-section-content-h i-cf\"><div class=\"wpb_text_column\"><div class=\"wpb_wrapper\"><p>La organizaci\u00f3n anunci\u00f3 precios populares entre 11 y 22 euros. A fecha de 5 de septiembre de 2026, la ticketera muestra localidades desde 11,60 euros para las cuatro funciones del teatro.<\/p>\n<\/div><\/div><\/div><\/div><\/div><div class=\"w-tabs-section\" id=\"i127\"><button type=\"button\" class=\"w-tabs-section-header\" aria-controls=\"content-i127\" aria-expanded=\"false\"><div class=\"w-tabs-section-title\">\u00bfD\u00f3nde se compran las entradas oficiales?<\/div><div class=\"w-tabs-section-control\"><\/div><\/button><div  class=\"w-tabs-section-content\" id=\"content-i127\"><div class=\"w-tabs-section-content-h i-cf\"><div class=\"wpb_text_column\"><div class=\"wpb_wrapper\"><p>La web del Festival Flamenco de M\u00e9rida enlaza la venta oficial a El Corte Ingl\u00e9s Entradas. Es recomendable utilizar esos canales y evitar intermediarios no identificados.<\/p>\n<\/div><\/div><\/div><\/div><\/div><div class=\"w-tabs-section\" id=\"w22f\"><button type=\"button\" class=\"w-tabs-section-header\" aria-controls=\"content-w22f\" aria-expanded=\"false\"><div class=\"w-tabs-section-title\">\u00bfQui\u00e9n act\u00faa en la Fiesta de la Buler\u00eda?<\/div><div class=\"w-tabs-section-control\"><\/div><\/button><div  class=\"w-tabs-section-content\" id=\"content-w22f\"><div class=\"w-tabs-section-content-h i-cf\"><div class=\"wpb_text_column\"><div class=\"wpb_wrapper\"><p>El cartel principal incluye a Jes\u00fas M\u00e9ndez, T\u00eda Yoya, T\u00eda Juana Carrasco, Juan Parrilla y Curro Carrasco, junto a m\u00fasicos y j\u00f3venes valores vinculados al flamenco jerezano.<\/p>\n<\/div><\/div><\/div><\/div><\/div><div class=\"w-tabs-section\" id=\"w324\"><button type=\"button\" class=\"w-tabs-section-header\" aria-controls=\"content-w324\" aria-expanded=\"false\"><div class=\"w-tabs-section-title\">\u00bfEl cierre es de Rancapino o Rancapino Chico?<\/div><div class=\"w-tabs-section-control\"><\/div><\/button><div  class=\"w-tabs-section-content\" id=\"content-w324\"><div class=\"w-tabs-section-content-h i-cf\"><div class=\"wpb_text_column\"><div class=\"wpb_wrapper\"><p>El programa general utiliza el nombre abreviado Rancapino, mientras que el Teatro Mar\u00eda Luisa y la venta oficial de entradas identifican la actuaci\u00f3n del 21 de noviembre como Rancapino Chico.<\/p>\n<\/div><\/div><\/div><\/div><\/div><div class=\"w-tabs-section\" id=\"z410\"><button type=\"button\" class=\"w-tabs-section-header\" aria-controls=\"content-z410\" aria-expanded=\"false\"><div class=\"w-tabs-section-title\">\u00bfQui\u00e9n recibe el Premio Festival Flamenco de M\u00e9rida 2026?<\/div><div class=\"w-tabs-section-control\"><\/div><\/button><div  class=\"w-tabs-section-content\" id=\"content-z410\"><div class=\"w-tabs-section-content-h i-cf\"><div class=\"wpb_text_column\"><div class=\"wpb_wrapper\"><p>El guitarrista extreme\u00f1o Miguel Vargas recibe el premio de esta edici\u00f3n en reconocimiento a su trayectoria y a su contribuci\u00f3n a la difusi\u00f3n y preservaci\u00f3n del flamenco.<\/p>\n<\/div><\/div><\/div><\/div><\/div><div class=\"w-tabs-section\" id=\"j504\"><button type=\"button\" class=\"w-tabs-section-header\" aria-controls=\"content-j504\" aria-expanded=\"false\"><div class=\"w-tabs-section-title\">\u00bfEl Festival Flamenco &amp; Rumba M\u00e9rida del 10 de octubre forma parte del festival?<\/div><div class=\"w-tabs-section-control\"><\/div><\/button><div  class=\"w-tabs-section-content\" id=\"content-j504\"><div class=\"w-tabs-section-content-h i-cf\"><div class=\"wpb_text_column\"><div class=\"wpb_wrapper\"><p>No. Es otro evento distinto que se celebra el 10 de octubre en la Plaza de Toros. No debe confundirse con el V Festival Flamenco de M\u00e9rida ni con su Baile Flamenco Ecuestre del 12 de octubre.<\/p>\n<\/div><\/div><\/div><\/div><\/div><div class=\"w-tabs-section\" id=\"s617\"><button type=\"button\" class=\"w-tabs-section-header\" aria-controls=\"content-s617\" aria-expanded=\"false\"><div class=\"w-tabs-section-title\">\u00bfQu\u00e9 actuaci\u00f3n recomendamos si solo puedo elegir una?<\/div><div class=\"w-tabs-section-control\"><\/div><\/button><div  class=\"w-tabs-section-content\" id=\"content-s617\"><div class=\"w-tabs-section-content-h i-cf\"><div class=\"wpb_text_column\"><div class=\"wpb_wrapper\"><p>La Fiesta de la Buler\u00eda del 31 de octubre es una de las propuestas m\u00e1s completas por su car\u00e1cter colectivo y su fuerte v\u00ednculo con Jerez. Si tu prioridad es el cante, el recital de Rancapino Chico del 21 de noviembre es una excelente opci\u00f3n.<\/p>\n<\/div><\/div><\/div><\/div><\/div><\/div><\/div><\/div><\/div><\/div><div class=\"vc_col-sm-1\/5 wpb_column vc_column_container\"><div class=\"vc_column-inner\"><div class=\"wpb_wrapper\"><\/div><\/div><\/div><\/div><\/div><\/section>\n","protected":false},"excerpt":{"rendered":"<p>Complete guide to the M\u00e9rida Flamenco Festival 2026: programme, artists, dates, times, venues, prices and official ticket sales.<\/p>\n","protected":false},"author":1,"featured_media":14937,"comment_status":"closed","ping_status":"closed","sticky":false,"template":"","format":"standard","meta":{"_acf_changed":false,"wpai_generated_summary":"","_ayudawp_aiss_exclude":false,"_ayudawp_aiss_exclude_summary":false,"_ayudawp_aiss_summary":"","_ayudawp_aiss_summary_provider":"","_ayudawp_aiss_summary_hash":"","footnotes":""},"categories":[1667],"tags":[2051,1235,2050,2052],"class_list":["post-14950","post","type-post","status-publish","format-standard","has-post-thumbnail","hentry","category-flamenco-festivals","tag-extremadura-en","tag-festivales-flamencos","tag-merida-en","tag-merida-flamenco-festival"],"acf":[],"yoast_head":"<!-- This site is optimized with the Yoast SEO Premium plugin v28.4 (Yoast SEO v28.4) - https:\/\/yoast.com\/product\/yoast-seo-premium-wordpress\/ -->\n<title>M\u00e9rida Flamenco Festival 2026: programme and tickets<\/title>\n<meta name=\"description\" content=\"M\u00e9rida Flamenco Festival 2026: programme, artists, dates, times, venues, ticket prices and official booking information.\" \/>\n<meta name=\"robots\" content=\"index, follow, max-snippet:-1, max-image-preview:large, max-video-preview:-1\" \/>\n<link rel=\"canonical\" href=\"https:\/\/www.tablaosflamencos.com\/en\/merida-flamenco-festival-2026-programme-tickets.html\" \/>\n<meta property=\"og:locale\" content=\"en_US\" \/>\n<meta property=\"og:type\" content=\"article\" \/>\n<meta property=\"og:title\" content=\"M\u00e9rida Flamenco Festival 2026: programme, artists, dates and tickets\" \/>\n<meta property=\"og:description\" content=\"M\u00e9rida Flamenco Festival 2026: programme, artists, dates, times, venues, ticket prices and official booking information.\" \/>\n<meta property=\"og:url\" content=\"https:\/\/www.tablaosflamencos.com\/en\/merida-flamenco-festival-2026-programme-tickets.html\" \/>\n<meta property=\"og:site_name\" content=\"Tablaos Flamencos\" \/>\n<meta property=\"article:publisher\" content=\"https:\/\/www.facebook.com\/tablaosflamencos\" \/>\n<meta property=\"article:published_time\" content=\"2026-09-06T13:28:14+00:00\" \/>\n<meta property=\"article:modified_time\" content=\"2026-09-06T14:50:39+00:00\" \/>\n<meta property=\"og:image\" content=\"https:\/\/www.tablaosflamencos.com\/wp-content\/uploads\/festival-flamenco-de-merida-2026-programacion-artistas-fechas-y-entradas-01.webp\" \/>\n\t<meta property=\"og:image:width\" content=\"1536\" \/>\n\t<meta property=\"og:image:height\" content=\"1024\" \/>\n\t<meta property=\"og:image:type\" content=\"image\/webp\" \/>\n<meta name=\"author\" content=\"Miguel Ortiz\" \/>\n<meta name=\"twitter:card\" content=\"summary_large_image\" \/>\n<meta name=\"twitter:creator\" content=\"@tablaosflamenco\" \/>\n<meta name=\"twitter:site\" content=\"@tablaosflamenco\" \/>\n<meta name=\"twitter:label1\" content=\"Written by\" \/>\n\t<meta name=\"twitter:data1\" content=\"Miguel Ortiz\" \/>\n\t<meta name=\"twitter:label2\" content=\"Est. reading time\" \/>\n\t<meta name=\"twitter:data2\" content=\"19 minutes\" \/>\n<script type=\"application\/ld+json\" class=\"yoast-schema-graph\">{\"@context\":\"https:\\\/\\\/schema.org\",\"@graph\":[{\"@type\":\"Article\",\"@id\":\"https:\\\/\\\/www.tablaosflamencos.com\\\/en\\\/merida-flamenco-festival-2026-programme-tickets.html#article\",\"isPartOf\":{\"@id\":\"https:\\\/\\\/www.tablaosflamencos.com\\\/en\\\/merida-flamenco-festival-2026-programme-tickets.html\"},\"author\":{\"name\":\"Miguel Ortiz\",\"@id\":\"https:\\\/\\\/www.tablaosflamencos.com\\\/en#\\\/schema\\\/person\\\/e7a9ebe14eb75a52ceabfbffb3c54f5d\"},\"headline\":\"M\u00e9rida Flamenco Festival 2026: programme, artists, dates and tickets\",\"datePublished\":\"2026-09-06T13:28:14+00:00\",\"dateModified\":\"2026-09-06T14:50:39+00:00\",\"mainEntityOfPage\":{\"@id\":\"https:\\\/\\\/www.tablaosflamencos.com\\\/en\\\/merida-flamenco-festival-2026-programme-tickets.html\"},\"wordCount\":3794,\"publisher\":{\"@id\":\"https:\\\/\\\/www.tablaosflamencos.com\\\/en#organization\"},\"image\":{\"@id\":\"https:\\\/\\\/www.tablaosflamencos.com\\\/en\\\/merida-flamenco-festival-2026-programme-tickets.html#primaryimage\"},\"thumbnailUrl\":\"https:\\\/\\\/www.tablaosflamencos.com\\\/wp-content\\\/uploads\\\/festival-flamenco-de-merida-2026-programacion-artistas-fechas-y-entradas-01.webp\",\"keywords\":[\"Extremadura\",\"festivales flamencos\",\"M\u00e9rida\",\"M\u00e9rida Flamenco Festival\"],\"articleSection\":[\"Flamenco festivals\"],\"inLanguage\":\"en-US\"},{\"@type\":\"WebPage\",\"@id\":\"https:\\\/\\\/www.tablaosflamencos.com\\\/en\\\/merida-flamenco-festival-2026-programme-tickets.html\",\"url\":\"https:\\\/\\\/www.tablaosflamencos.com\\\/en\\\/merida-flamenco-festival-2026-programme-tickets.html\",\"name\":\"M\u00e9rida Flamenco Festival 2026: programme and tickets\",\"isPartOf\":{\"@id\":\"https:\\\/\\\/www.tablaosflamencos.com\\\/en#website\"},\"primaryImageOfPage\":{\"@id\":\"https:\\\/\\\/www.tablaosflamencos.com\\\/en\\\/merida-flamenco-festival-2026-programme-tickets.html#primaryimage\"},\"image\":{\"@id\":\"https:\\\/\\\/www.tablaosflamencos.com\\\/en\\\/merida-flamenco-festival-2026-programme-tickets.html#primaryimage\"},\"thumbnailUrl\":\"https:\\\/\\\/www.tablaosflamencos.com\\\/wp-content\\\/uploads\\\/festival-flamenco-de-merida-2026-programacion-artistas-fechas-y-entradas-01.webp\",\"datePublished\":\"2026-09-06T13:28:14+00:00\",\"dateModified\":\"2026-09-06T14:50:39+00:00\",\"description\":\"M\u00e9rida Flamenco Festival 2026: programme, artists, dates, times, venues, ticket prices and official booking information.\",\"breadcrumb\":{\"@id\":\"https:\\\/\\\/www.tablaosflamencos.com\\\/en\\\/merida-flamenco-festival-2026-programme-tickets.html#breadcrumb\"},\"inLanguage\":\"en-US\",\"potentialAction\":[{\"@type\":\"ReadAction\",\"target\":[\"https:\\\/\\\/www.tablaosflamencos.com\\\/en\\\/merida-flamenco-festival-2026-programme-tickets.html\"]}]},{\"@type\":\"ImageObject\",\"inLanguage\":\"en-US\",\"@id\":\"https:\\\/\\\/www.tablaosflamencos.com\\\/en\\\/merida-flamenco-festival-2026-programme-tickets.html#primaryimage\",\"url\":\"https:\\\/\\\/www.tablaosflamencos.com\\\/wp-content\\\/uploads\\\/festival-flamenco-de-merida-2026-programacion-artistas-fechas-y-entradas-01.webp\",\"contentUrl\":\"https:\\\/\\\/www.tablaosflamencos.com\\\/wp-content\\\/uploads\\\/festival-flamenco-de-merida-2026-programacion-artistas-fechas-y-entradas-01.webp\",\"width\":1536,\"height\":1024,\"caption\":\"Trasnoches Flamencos 2026: siete citas de guitarra, cante y baile en M\u00e1laga\"},{\"@type\":\"BreadcrumbList\",\"@id\":\"https:\\\/\\\/www.tablaosflamencos.com\\\/en\\\/merida-flamenco-festival-2026-programme-tickets.html#breadcrumb\",\"itemListElement\":[{\"@type\":\"ListItem\",\"position\":1,\"name\":\"Home\",\"item\":\"https:\\\/\\\/www.tablaosflamencos.com\\\/en\"},{\"@type\":\"ListItem\",\"position\":2,\"name\":\"M\u00e9rida Flamenco Festival 2026: programme, artists, dates and tickets\"}]},{\"@type\":\"WebSite\",\"@id\":\"https:\\\/\\\/www.tablaosflamencos.com\\\/en#website\",\"url\":\"https:\\\/\\\/www.tablaosflamencos.com\\\/en\",\"name\":\"Tablaos Flamencos\",\"description\":\"Entradas para tablaos flamencos de Espa\u00f1a\",\"publisher\":{\"@id\":\"https:\\\/\\\/www.tablaosflamencos.com\\\/en#organization\"},\"alternateName\":\"Tablaos Flamencos\",\"potentialAction\":[{\"@type\":\"SearchAction\",\"target\":{\"@type\":\"EntryPoint\",\"urlTemplate\":\"https:\\\/\\\/www.tablaosflamencos.com\\\/en?s={search_term_string}\"},\"query-input\":{\"@type\":\"PropertyValueSpecification\",\"valueRequired\":true,\"valueName\":\"search_term_string\"}}],\"inLanguage\":\"en-US\"},{\"@type\":[\"Organization\",\"Place\",\"EntertainmentBusiness\"],\"@id\":\"https:\\\/\\\/www.tablaosflamencos.com\\\/en#organization\",\"name\":\"Tablaos Flamencos\",\"alternateName\":\"Tablaos Flamencos\",\"url\":\"https:\\\/\\\/www.tablaosflamencos.com\\\/en\",\"logo\":{\"@id\":\"https:\\\/\\\/www.tablaosflamencos.com\\\/en\\\/merida-flamenco-festival-2026-programme-tickets.html#local-main-organization-logo\"},\"image\":{\"@id\":\"https:\\\/\\\/www.tablaosflamencos.com\\\/en\\\/merida-flamenco-festival-2026-programme-tickets.html#local-main-organization-logo\"},\"sameAs\":[\"https:\\\/\\\/www.facebook.com\\\/tablaosflamencos\",\"https:\\\/\\\/x.com\\\/tablaosflamenco\",\"https:\\\/\\\/mastodon.social\\\/@tablaosflamencos\",\"https:\\\/\\\/www.instagram.com\\\/tablaosflamencos\",\"https:\\\/\\\/tiktok.com\\\/@tablaosflamencos\",\"https:\\\/\\\/www.linkedin.com\\\/company\\\/109408238\\\/\"],\"description\":\"Venta de entradas para espect\u00e1culos flamencos\",\"legalName\":\"Tablaos Flamencos\",\"foundingDate\":\"2015-01-01\",\"numberOfEmployees\":{\"@type\":\"QuantitativeValue\",\"minValue\":\"1\",\"maxValue\":\"10\"},\"address\":{\"@id\":\"https:\\\/\\\/www.tablaosflamencos.com\\\/en\\\/merida-flamenco-festival-2026-programme-tickets.html#local-main-place-address\"},\"geo\":{\"@type\":\"GeoCoordinates\",\"latitude\":\"37.3868072\",\"longitude\":\"-5.993280299999999\"},\"telephone\":[\"+34623787787\"],\"contactPoint\":{\"@type\":\"ContactPoint\",\"telephone\":\"+34623787787\",\"email\":\"info@tablaosflamencos.com\"},\"openingHoursSpecification\":{\"@type\":\"OpeningHoursSpecification\",\"dayOfWeek\":[\"Monday\",\"Tuesday\",\"Wednesday\",\"Thursday\",\"Friday\",\"Saturday\",\"Sunday\"],\"opens\":\"00:00\",\"closes\":\"23:59\"},\"email\":\"info@tablaosflamencos.com\",\"priceRange\":\"$$$\",\"currenciesAccepted\":\"\u20ac\"},{\"@type\":\"Person\",\"@id\":\"https:\\\/\\\/www.tablaosflamencos.com\\\/en#\\\/schema\\\/person\\\/e7a9ebe14eb75a52ceabfbffb3c54f5d\",\"name\":\"Miguel Ortiz\",\"description\":\"Miguel Ortiz es un empresario flamenco, con una s\u00f3lida trayectoria dentro del sector. Ha presidido entidades culturales vinculadas al flamenco y, cuenta con un amplio recorrido profesional en la gesti\u00f3n y promoci\u00f3n de espect\u00e1culos y tablaos flamencos. Su pasi\u00f3n por la historia y el arte flamenco se refleja en cada art\u00edculo, donde combina experiencia, criterio y un profundo respeto por la tradici\u00f3n.\",\"sameAs\":[\"https:\\\/\\\/www.tablaosflamencos.com\",\"https:\\\/\\\/www.instagra.com\\\/miguelortizfe\",\"https:\\\/\\\/www.linkedin.com\\\/in\\\/miguelortizf\\\/\"],\"birthDate\":\"1984-11-22\",\"gender\":\"hombre\",\"knowsLanguage\":[\"espa\u00f1ol\",\"ingl\u00e9s\"],\"jobTitle\":\"Empresario flamenco\"},{\"@type\":\"PostalAddress\",\"@id\":\"https:\\\/\\\/www.tablaosflamencos.com\\\/en\\\/merida-flamenco-festival-2026-programme-tickets.html#local-main-place-address\",\"streetAddress\":\"C\\\/ Alemanes, 19\",\"addressLocality\":\"Sevilla\",\"postalCode\":\"41004\",\"addressRegion\":\"Sevilla\",\"addressCountry\":\"ES\"},{\"@type\":\"ImageObject\",\"inLanguage\":\"en-US\",\"@id\":\"https:\\\/\\\/www.tablaosflamencos.com\\\/en\\\/merida-flamenco-festival-2026-programme-tickets.html#local-main-organization-logo\",\"url\":\"https:\\\/\\\/www.tablaosflamencos.com\\\/wp-content\\\/uploads\\\/tablaos-flamencos-06-3.webp\",\"contentUrl\":\"https:\\\/\\\/www.tablaosflamencos.com\\\/wp-content\\\/uploads\\\/tablaos-flamencos-06-3.webp\",\"width\":600,\"height\":620,\"caption\":\"Tablaos Flamencos\"}]}<\/script>\n<meta name=\"geo.placename\" content=\"Sevilla\" \/>\n<meta name=\"geo.position\" content=\"37.3868072;-5.993280299999999\" \/>\n<meta name=\"geo.region\" content=\"Spain\" \/>\n<!-- \/ Yoast SEO Premium plugin. -->","yoast_head_json":{"title":"M\u00e9rida Flamenco Festival 2026: programme and tickets","description":"M\u00e9rida Flamenco Festival 2026: programme, artists, dates, times, venues, ticket prices and official booking information.","robots":{"index":"index","follow":"follow","max-snippet":"max-snippet:-1","max-image-preview":"max-image-preview:large","max-video-preview":"max-video-preview:-1"},"canonical":"https:\/\/www.tablaosflamencos.com\/en\/merida-flamenco-festival-2026-programme-tickets.html","og_locale":"en_US","og_type":"article","og_title":"M\u00e9rida Flamenco Festival 2026: programme, artists, dates and tickets","og_description":"M\u00e9rida Flamenco Festival 2026: programme, artists, dates, times, venues, ticket prices and official booking information.","og_url":"https:\/\/www.tablaosflamencos.com\/en\/merida-flamenco-festival-2026-programme-tickets.html","og_site_name":"Tablaos Flamencos","article_publisher":"https:\/\/www.facebook.com\/tablaosflamencos","article_published_time":"2026-09-06T13:28:14+00:00","article_modified_time":"2026-09-06T14:50:39+00:00","og_image":[{"width":1536,"height":1024,"url":"https:\/\/www.tablaosflamencos.com\/wp-content\/uploads\/festival-flamenco-de-merida-2026-programacion-artistas-fechas-y-entradas-01.webp","type":"image\/webp"}],"author":"Miguel Ortiz","twitter_card":"summary_large_image","twitter_creator":"@tablaosflamenco","twitter_site":"@tablaosflamenco","twitter_misc":{"Written by":"Miguel Ortiz","Est. reading time":"19 minutes"},"schema":{"@context":"https:\/\/schema.org","@graph":[{"@type":"Article","@id":"https:\/\/www.tablaosflamencos.com\/en\/merida-flamenco-festival-2026-programme-tickets.html#article","isPartOf":{"@id":"https:\/\/www.tablaosflamencos.com\/en\/merida-flamenco-festival-2026-programme-tickets.html"},"author":{"name":"Miguel Ortiz","@id":"https:\/\/www.tablaosflamencos.com\/en#\/schema\/person\/e7a9ebe14eb75a52ceabfbffb3c54f5d"},"headline":"M\u00e9rida Flamenco Festival 2026: programme, artists, dates and tickets","datePublished":"2026-09-06T13:28:14+00:00","dateModified":"2026-09-06T14:50:39+00:00","mainEntityOfPage":{"@id":"https:\/\/www.tablaosflamencos.com\/en\/merida-flamenco-festival-2026-programme-tickets.html"},"wordCount":3794,"publisher":{"@id":"https:\/\/www.tablaosflamencos.com\/en#organization"},"image":{"@id":"https:\/\/www.tablaosflamencos.com\/en\/merida-flamenco-festival-2026-programme-tickets.html#primaryimage"},"thumbnailUrl":"https:\/\/www.tablaosflamencos.com\/wp-content\/uploads\/festival-flamenco-de-merida-2026-programacion-artistas-fechas-y-entradas-01.webp","keywords":["Extremadura","festivales flamencos","M\u00e9rida","M\u00e9rida Flamenco Festival"],"articleSection":["Flamenco festivals"],"inLanguage":"en-US"},{"@type":"WebPage","@id":"https:\/\/www.tablaosflamencos.com\/en\/merida-flamenco-festival-2026-programme-tickets.html","url":"https:\/\/www.tablaosflamencos.com\/en\/merida-flamenco-festival-2026-programme-tickets.html","name":"M\u00e9rida Flamenco Festival 2026: programme and tickets","isPartOf":{"@id":"https:\/\/www.tablaosflamencos.com\/en#website"},"primaryImageOfPage":{"@id":"https:\/\/www.tablaosflamencos.com\/en\/merida-flamenco-festival-2026-programme-tickets.html#primaryimage"},"image":{"@id":"https:\/\/www.tablaosflamencos.com\/en\/merida-flamenco-festival-2026-programme-tickets.html#primaryimage"},"thumbnailUrl":"https:\/\/www.tablaosflamencos.com\/wp-content\/uploads\/festival-flamenco-de-merida-2026-programacion-artistas-fechas-y-entradas-01.webp","datePublished":"2026-09-06T13:28:14+00:00","dateModified":"2026-09-06T14:50:39+00:00","description":"M\u00e9rida Flamenco Festival 2026: programme, artists, dates, times, venues, ticket prices and official booking information.","breadcrumb":{"@id":"https:\/\/www.tablaosflamencos.com\/en\/merida-flamenco-festival-2026-programme-tickets.html#breadcrumb"},"inLanguage":"en-US","potentialAction":[{"@type":"ReadAction","target":["https:\/\/www.tablaosflamencos.com\/en\/merida-flamenco-festival-2026-programme-tickets.html"]}]},{"@type":"ImageObject","inLanguage":"en-US","@id":"https:\/\/www.tablaosflamencos.com\/en\/merida-flamenco-festival-2026-programme-tickets.html#primaryimage","url":"https:\/\/www.tablaosflamencos.com\/wp-content\/uploads\/festival-flamenco-de-merida-2026-programacion-artistas-fechas-y-entradas-01.webp","contentUrl":"https:\/\/www.tablaosflamencos.com\/wp-content\/uploads\/festival-flamenco-de-merida-2026-programacion-artistas-fechas-y-entradas-01.webp","width":1536,"height":1024,"caption":"Trasnoches Flamencos 2026: siete citas de guitarra, cante y baile en M\u00e1laga"},{"@type":"BreadcrumbList","@id":"https:\/\/www.tablaosflamencos.com\/en\/merida-flamenco-festival-2026-programme-tickets.html#breadcrumb","itemListElement":[{"@type":"ListItem","position":1,"name":"Home","item":"https:\/\/www.tablaosflamencos.com\/en"},{"@type":"ListItem","position":2,"name":"M\u00e9rida Flamenco Festival 2026: programme, artists, dates and tickets"}]},{"@type":"WebSite","@id":"https:\/\/www.tablaosflamencos.com\/en#website","url":"https:\/\/www.tablaosflamencos.com\/en","name":"Tablaos Flamencos","description":"Entradas para tablaos flamencos de Espa\u00f1a","publisher":{"@id":"https:\/\/www.tablaosflamencos.com\/en#organization"},"alternateName":"Tablaos Flamencos","potentialAction":[{"@type":"SearchAction","target":{"@type":"EntryPoint","urlTemplate":"https:\/\/www.tablaosflamencos.com\/en?s={search_term_string}"},"query-input":{"@type":"PropertyValueSpecification","valueRequired":true,"valueName":"search_term_string"}}],"inLanguage":"en-US"},{"@type":["Organization","Place","EntertainmentBusiness"],"@id":"https:\/\/www.tablaosflamencos.com\/en#organization","name":"Tablaos Flamencos","alternateName":"Tablaos Flamencos","url":"https:\/\/www.tablaosflamencos.com\/en","logo":{"@id":"https:\/\/www.tablaosflamencos.com\/en\/merida-flamenco-festival-2026-programme-tickets.html#local-main-organization-logo"},"image":{"@id":"https:\/\/www.tablaosflamencos.com\/en\/merida-flamenco-festival-2026-programme-tickets.html#local-main-organization-logo"},"sameAs":["https:\/\/www.facebook.com\/tablaosflamencos","https:\/\/x.com\/tablaosflamenco","https:\/\/mastodon.social\/@tablaosflamencos","https:\/\/www.instagram.com\/tablaosflamencos","https:\/\/tiktok.com\/@tablaosflamencos","https:\/\/www.linkedin.com\/company\/109408238\/"],"description":"Venta de entradas para espect\u00e1culos flamencos","legalName":"Tablaos Flamencos","foundingDate":"2015-01-01","numberOfEmployees":{"@type":"QuantitativeValue","minValue":"1","maxValue":"10"},"address":{"@id":"https:\/\/www.tablaosflamencos.com\/en\/merida-flamenco-festival-2026-programme-tickets.html#local-main-place-address"},"geo":{"@type":"GeoCoordinates","latitude":"37.3868072","longitude":"-5.993280299999999"},"telephone":["+34623787787"],"contactPoint":{"@type":"ContactPoint","telephone":"+34623787787","email":"info@tablaosflamencos.com"},"openingHoursSpecification":{"@type":"OpeningHoursSpecification","dayOfWeek":["Monday","Tuesday","Wednesday","Thursday","Friday","Saturday","Sunday"],"opens":"00:00","closes":"23:59"},"email":"info@tablaosflamencos.com","priceRange":"$$$","currenciesAccepted":"\u20ac"},{"@type":"Person","@id":"https:\/\/www.tablaosflamencos.com\/en#\/schema\/person\/e7a9ebe14eb75a52ceabfbffb3c54f5d","name":"Miguel Ortiz","description":"Miguel Ortiz es un empresario flamenco, con una s\u00f3lida trayectoria dentro del sector. Ha presidido entidades culturales vinculadas al flamenco y, cuenta con un amplio recorrido profesional en la gesti\u00f3n y promoci\u00f3n de espect\u00e1culos y tablaos flamencos. Su pasi\u00f3n por la historia y el arte flamenco se refleja en cada art\u00edculo, donde combina experiencia, criterio y un profundo respeto por la tradici\u00f3n.","sameAs":["https:\/\/www.tablaosflamencos.com","https:\/\/www.instagra.com\/miguelortizfe","https:\/\/www.linkedin.com\/in\/miguelortizf\/"],"birthDate":"1984-11-22","gender":"hombre","knowsLanguage":["espa\u00f1ol","ingl\u00e9s"],"jobTitle":"Empresario flamenco"},{"@type":"PostalAddress","@id":"https:\/\/www.tablaosflamencos.com\/en\/merida-flamenco-festival-2026-programme-tickets.html#local-main-place-address","streetAddress":"C\/ Alemanes, 19","addressLocality":"Sevilla","postalCode":"41004","addressRegion":"Sevilla","addressCountry":"ES"},{"@type":"ImageObject","inLanguage":"en-US","@id":"https:\/\/www.tablaosflamencos.com\/en\/merida-flamenco-festival-2026-programme-tickets.html#local-main-organization-logo","url":"https:\/\/www.tablaosflamencos.com\/wp-content\/uploads\/tablaos-flamencos-06-3.webp","contentUrl":"https:\/\/www.tablaosflamencos.com\/wp-content\/uploads\/tablaos-flamencos-06-3.webp","width":600,"height":620,"caption":"Tablaos Flamencos"}]},"geo.placename":"Sevilla","geo.position":{"lat":"37.3868072","long":"-5.993280299999999"},"geo.region":"Spain"},"_links":{"self":[{"href":"https:\/\/www.tablaosflamencos.com\/en\/wp-json\/wp\/v2\/posts\/14950","targetHints":{"allow":["GET"]}}],"collection":[{"href":"https:\/\/www.tablaosflamencos.com\/en\/wp-json\/wp\/v2\/posts"}],"about":[{"href":"https:\/\/www.tablaosflamencos.com\/en\/wp-json\/wp\/v2\/types\/post"}],"author":[{"embeddable":true,"href":"https:\/\/www.tablaosflamencos.com\/en\/wp-json\/wp\/v2\/users\/1"}],"replies":[{"embeddable":true,"href":"https:\/\/www.tablaosflamencos.com\/en\/wp-json\/wp\/v2\/comments?post=14950"}],"version-history":[{"count":0,"href":"https:\/\/www.tablaosflamencos.com\/en\/wp-json\/wp\/v2\/posts\/14950\/revisions"}],"wp:featuredmedia":[{"embeddable":true,"href":"https:\/\/www.tablaosflamencos.com\/en\/wp-json\/wp\/v2\/media\/14937"}],"wp:attachment":[{"href":"https:\/\/www.tablaosflamencos.com\/en\/wp-json\/wp\/v2\/media?parent=14950"}],"wp:term":[{"taxonomy":"category","embeddable":true,"href":"https:\/\/www.tablaosflamencos.com\/en\/wp-json\/wp\/v2\/categories?post=14950"},{"taxonomy":"post_tag","embeddable":true,"href":"https:\/\/www.tablaosflamencos.com\/en\/wp-json\/wp\/v2\/tags?post=14950"}],"curies":[{"name":"wp","href":"https:\/\/api.w.org\/{rel}","templated":true}]}}