{"id":14833,"date":"2026-09-05T14:14:08","date_gmt":"2026-09-05T12:14:08","guid":{"rendered":"https:\/\/www.tablaosflamencos.com\/?p=14833"},"modified":"2026-09-05T14:23:44","modified_gmt":"2026-09-05T12:23:44","slug":"andalusian-flamenco-club-circuit-seville-2026","status":"publish","type":"post","link":"https:\/\/www.tablaosflamencos.com\/en\/andalusian-flamenco-club-circuit-seville-2026.html","title":{"rendered":"Andalusian Flamenco Club Circuit in Seville 2026: calendar, artists and free recitals"},"content":{"rendered":"<section class=\"l-section wpb_row height_huge\"><div class=\"l-section-h i-cf\"><div class=\"g-cols vc_row via_flex valign_middle type_default stacking_default\"><div class=\"vc_col-sm-6 wpb_column vc_column_container\"><div class=\"vc_column-inner\"><div class=\"wpb_wrapper\"><div class=\"wpb_text_column\"><div class=\"wpb_wrapper\"><h2>56 dates to discover flamenco club culture in Seville<\/h2>\n<p>The <strong>2026 Andalusian Flamenco Club Circuit in Seville<\/strong> turns the province into a major route of free recitals. The programme brings together <strong>56 performances at as many flamenco clubs in 41 towns<\/strong>: 53 singing recitals, two dance performances and one guitar recital. The circuit began in June and reaches its busiest stretch between September and October.<\/p>\n<p>The Seville edition commemorates the <strong>50th anniversary of <em>Persecuci\u00f3n<\/em><\/strong>, the album by Juan Pe\u00f1a \u201cEl Lebrijano\u201d released in 1976 with lyrics by F\u00e9lix Grande. The dedication connects today\u2019s programme with a landmark work for understanding the memory, identity and narrative power of contemporary flamenco.<\/p>\n<p>This guide brings together the detailed September and October calendar, the artists, host clubs, towns and practical information for attending. Admission is free until capacity is reached, but it is advisable to confirm each event before travelling.<\/p>\n<\/div><\/div><\/div><\/div><\/div><div class=\"vc_col-sm-6 wpb_column vc_column_container\"><div class=\"vc_column-inner\"><div class=\"wpb_wrapper\"><div class=\"w-image us_custom_c9d916e8 has_aspect_ratio align_center\"><div class=\"w-image-h\"><img fetchpriority=\"high\" decoding=\"async\" width=\"1024\" height=\"683\" src=\"https:\/\/www.tablaosflamencos.com\/wp-content\/uploads\/circuito-andaluz-de-penas-2026-225-recitales-de-flamenco-gratis-por-toda-andalucia-01-1-1024x683.webp\" class=\"attachment-large size-large\" alt=\"Circuito Andaluz de Pe\u00f1as en Sevilla 2026: calendario, artistas y recitales gratuitos\" loading=\"eager\" srcset=\"https:\/\/www.tablaosflamencos.com\/wp-content\/uploads\/circuito-andaluz-de-penas-2026-225-recitales-de-flamenco-gratis-por-toda-andalucia-01-1-1024x683.webp 1024w, https:\/\/www.tablaosflamencos.com\/wp-content\/uploads\/circuito-andaluz-de-penas-2026-225-recitales-de-flamenco-gratis-por-toda-andalucia-01-1-300x200.webp 300w, https:\/\/www.tablaosflamencos.com\/wp-content\/uploads\/circuito-andaluz-de-penas-2026-225-recitales-de-flamenco-gratis-por-toda-andalucia-01-1-600x400.webp 600w, https:\/\/www.tablaosflamencos.com\/wp-content\/uploads\/circuito-andaluz-de-penas-2026-225-recitales-de-flamenco-gratis-por-toda-andalucia-01-1-150x100.webp 150w, https:\/\/www.tablaosflamencos.com\/wp-content\/uploads\/circuito-andaluz-de-penas-2026-225-recitales-de-flamenco-gratis-por-toda-andalucia-01-1.webp 1536w\" sizes=\"auto, (max-width: 1024px) 100vw, 1024px\" \/><\/div><\/div><\/div><\/div><\/div><\/div><\/div><\/section><section class=\"l-section wpb_row height_huge\"><div class=\"l-section-h i-cf\"><div class=\"g-cols vc_row via_flex valign_middle type_default stacking_default\"><div class=\"vc_col-sm-12 wpb_column vc_column_container\"><div class=\"vc_column-inner\"><div class=\"wpb_wrapper\"><div class=\"w-image align_center\"><div class=\"w-image-h\"><img decoding=\"async\" width=\"819\" height=\"1024\" src=\"https:\/\/www.tablaosflamencos.com\/wp-content\/uploads\/circuito-andaluz-de-penas-en-sevilla-2026-calendario-artistas-y-recitales-gratuitos-01-1.webp\" class=\"attachment-large size-large\" alt=\"Circuito Andaluz de Pe\u00f1as en Sevilla 2026: calendario, artistas y recitales gratuitos\" loading=\"eager\" srcset=\"https:\/\/www.tablaosflamencos.com\/wp-content\/uploads\/circuito-andaluz-de-penas-en-sevilla-2026-calendario-artistas-y-recitales-gratuitos-01-1.webp 819w, https:\/\/www.tablaosflamencos.com\/wp-content\/uploads\/circuito-andaluz-de-penas-en-sevilla-2026-calendario-artistas-y-recitales-gratuitos-01-1-240x300.webp 240w, https:\/\/www.tablaosflamencos.com\/wp-content\/uploads\/circuito-andaluz-de-penas-en-sevilla-2026-calendario-artistas-y-recitales-gratuitos-01-1-480x600.webp 480w, https:\/\/www.tablaosflamencos.com\/wp-content\/uploads\/circuito-andaluz-de-penas-en-sevilla-2026-calendario-artistas-y-recitales-gratuitos-01-1-120x150.webp 120w\" sizes=\"auto, (max-width: 819px) 100vw, 819px\" \/><\/div><\/div><\/div><\/div><\/div><\/div><\/div><\/section><section class=\"l-section wpb_row height_huge color_alternate with_shape\"><div class=\"l-section-shape type_zigzag pos_top hor_flip\" style=\"height:3vmin;\"><svg xmlns=\"http:\/\/www.w3.org\/2000\/svg\" viewBox=\"0 0 64 8\" preserveAspectRatio=\"none\" width=\"100%\" height=\"100%\">\r\n\t<path fill=\"currentColor\" d=\"M64 8 L0 8 L0 0 L20 7.9 L40 3 L48 5 L64 0 Z\"\/>\r\n<\/svg><\/div><div class=\"l-section-shape type_zigzag pos_bottom\" style=\"height:3vmin;\"><svg xmlns=\"http:\/\/www.w3.org\/2000\/svg\" viewBox=\"0 0 64 8\" preserveAspectRatio=\"none\" width=\"100%\" height=\"100%\">\r\n\t<path fill=\"currentColor\" d=\"M64 8 L0 8 L0 0 L20 7.9 L40 3 L48 5 L64 0 Z\"\/>\r\n<\/svg><\/div><div class=\"l-section-h i-cf\"><div class=\"g-cols vc_row via_flex valign_middle type_default stacking_default\"><div class=\"vc_col-sm-6 wpb_column vc_column_container\"><div class=\"vc_column-inner\"><div class=\"wpb_wrapper\"><div class=\"wpb_text_column\"><div class=\"wpb_wrapper\"><h2>Quick answer<\/h2>\n<p>The circuit schedules <strong>56 free performances<\/strong> in 41 towns: 53 singing recitals, two dance performances and one guitar recital. After twelve events held in June, the official calendar lists 44 performances from 2 September to 31 October. Admission is free until capacity is reached, and the time should be confirmed with the host club before setting out.<\/p>\n<\/div><\/div><\/div><\/div><\/div><div class=\"vc_col-sm-6 wpb_column vc_column_container\"><div class=\"vc_column-inner\"><div class=\"wpb_wrapper\"><div class=\"wpb_text_column\"><div class=\"wpb_wrapper\"><h3>Essential information<\/h3>\n<ul>\n<li><strong>Total:<\/strong> 56 performances.<\/li>\n<li><strong>Towns:<\/strong> 41.<\/li>\n<li><strong>Disciplines:<\/strong> 53 singing, 2 dance and 1 guitar.<\/li>\n<li><strong>Price:<\/strong> free until capacity is reached.<\/li>\n<li><strong>Organised by:<\/strong> Andalusian Institute of Flamenco and the Provincial Federation of Flamenco Associations of Seville.<\/li>\n<\/ul>\n<\/div><\/div><\/div><\/div><\/div><\/div><\/div><\/section><section class=\"l-section wpb_row height_huge\"><div class=\"l-section-h i-cf\"><div class=\"g-cols vc_row via_flex valign_middle type_default stacking_default\"><div class=\"vc_col-sm-6 wpb_column vc_column_container\"><div class=\"vc_column-inner\"><div class=\"wpb_wrapper\"><div class=\"wpb_text_column\"><div class=\"wpb_wrapper\"><h2>What this guide covers<\/h2>\n<ul>\n<li><a href=\"#datos-clave\">Key facts about the Seville circuit<\/a><\/li>\n<li><a href=\"#septiembre\">September calendar<\/a><\/li>\n<li><a href=\"#octubre\">October calendar<\/a><\/li>\n<li><a href=\"#capital\">Recitals in Seville city<\/a><\/li>\n<li><a href=\"#artistas\">Artists and disciplines<\/a><\/li>\n<\/ul>\n<\/div><\/div><\/div><\/div><\/div><div class=\"vc_col-sm-6 wpb_column vc_column_container\"><div class=\"vc_column-inner\"><div class=\"wpb_wrapper\"><div class=\"wpb_text_column\"><div class=\"wpb_wrapper\"><ul>\n<li><a href=\"#persecucion\">Tribute to <em>Persecuci\u00f3n<\/em><\/a><\/li>\n<li><a href=\"#acceso\">Access to the free recitals<\/a><\/li>\n<li><a href=\"#ruta\">Route around the province<\/a><\/li>\n<li><a href=\"#fuentes\">Where to confirm changes<\/a><\/li>\n<li><a href=\"#faq\">Frequently asked questions<\/a><\/li>\n<\/ul>\n<\/div><\/div><\/div><\/div><\/div><\/div><\/div><\/section><section class=\"l-section wpb_row height_huge color_alternate with_shape\"><div class=\"l-section-shape type_zigzag pos_top hor_flip\" style=\"height:3vmin;\"><svg xmlns=\"http:\/\/www.w3.org\/2000\/svg\" viewBox=\"0 0 64 8\" preserveAspectRatio=\"none\" width=\"100%\" height=\"100%\">\r\n\t<path fill=\"currentColor\" d=\"M64 8 L0 8 L0 0 L20 7.9 L40 3 L48 5 L64 0 Z\"\/>\r\n<\/svg><\/div><div class=\"l-section-shape type_zigzag pos_bottom\" style=\"height:3vmin;\"><svg xmlns=\"http:\/\/www.w3.org\/2000\/svg\" viewBox=\"0 0 64 8\" preserveAspectRatio=\"none\" width=\"100%\" height=\"100%\">\r\n\t<path fill=\"currentColor\" d=\"M64 8 L0 8 L0 0 L20 7.9 L40 3 L48 5 L64 0 Z\"\/>\r\n<\/svg><\/div><div class=\"l-section-h i-cf\"><div class=\"g-cols vc_row via_flex valign_middle type_default stacking_default\"><div class=\"vc_col-sm-6 wpb_column vc_column_container\"><div class=\"vc_column-inner\"><div class=\"wpb_wrapper\"><div class=\"wpb_text_column\"><div class=\"wpb_wrapper\"><h2 id=\"datos-clave\">The Seville circuit at a glance<\/h2>\n<table>\n<thead>\n<tr>\n<th>Item<\/th>\n<th>Official information<\/th>\n<\/tr>\n<\/thead>\n<tbody>\n<tr>\n<td><strong>Performances<\/strong><\/td>\n<td>56<\/td>\n<\/tr>\n<tr>\n<td><strong>Singing<\/strong><\/td>\n<td>53<\/td>\n<\/tr>\n<tr>\n<td><strong>Dance<\/strong><\/td>\n<td>2<\/td>\n<\/tr>\n<tr>\n<td><strong>Guitar<\/strong><\/td>\n<td>1<\/td>\n<\/tr>\n<tr>\n<td><strong>Towns<\/strong><\/td>\n<td>41<\/td>\n<\/tr>\n<tr>\n<td><strong>Admission<\/strong><\/td>\n<td>Free until capacity is reached<\/td>\n<\/tr>\n<\/tbody>\n<\/table>\n<\/div><\/div><\/div><\/div><\/div><div class=\"vc_col-sm-6 wpb_column vc_column_container\"><div class=\"vc_column-inner\"><div class=\"wpb_wrapper\"><div class=\"wpb_text_column\"><div class=\"wpb_wrapper\"><h2>A programme spread across the whole province<\/h2>\n<p>The map is not limited to the capital. It reaches \u00c9cija, Alcal\u00e1 de Guada\u00edra, Dos Hermanas, Mairena del Alcor, Mor\u00f3n, Arahal, Tomares, Gelves, Bormujos, Olivares, Espartinas, Sanl\u00facar la Mayor, Villanueva del Ariscal, La Algaba, Burguillos, Paradas, Las Cabezas de San Juan, Mart\u00edn de la Jara, Pruna, Herrera, La Luisiana, Fuentes de Andaluc\u00eda, Isla Mayor, Aznalc\u00f3llar, Albaida del Aljarafe, El Castillo de las Guardas and Los Palacios y Villafranca, among other towns.<\/p>\n<p>Seville has <strong>80 federated flamenco clubs<\/strong>, the largest provincial network in Andalusia. The circuit activates an important part of this network and brings professional performances to audiences that do not always have a regular programme.<\/p>\n<\/div><\/div><\/div><\/div><\/div><\/div><\/div><\/section><section class=\"l-section wpb_row height_huge\"><div class=\"l-section-h i-cf\"><div class=\"g-cols vc_row via_flex valign_top type_default stacking_default\"><div class=\"vc_col-sm-6 wpb_column vc_column_container\"><div class=\"vc_column-inner\"><div class=\"wpb_wrapper\"><div class=\"wpb_text_column\"><div class=\"wpb_wrapper\"><h2 id=\"septiembre\">September 2026 calendar<\/h2>\n<h3>2\u201318 September<\/h3>\n<ul>\n<li><strong>2 September, 21:00.<\/strong> Fernanda Pe\u00f1a, singer. Pe\u00f1a Flamenca Cantes al Aire, Seville<\/li>\n<li><strong>4 September, 21:30.<\/strong> Manuel Romero, singer. Pe\u00f1a Flamenca de Isla Mayor<\/li>\n<li><strong>10 September, 21:30.<\/strong> Angelita Montoya, singer. Pe\u00f1a Flamenca El Carbonerillo, Seville<\/li>\n<li><strong>11 September, 21:00.<\/strong> Manuel Bellido, dancer. Pe\u00f1a Flamenca Femenina Teresa Le\u00f3n, \u00c9cija<\/li>\n<li><strong>12 September, 14:00.<\/strong> Pura de Pura, singer. Pe\u00f1a Flamenca La Jumoza 3, Seville<\/li>\n<li><strong>12 September, 21:30.<\/strong> Alfredo Tejada, singer. Pe\u00f1a Flamenca Astigitana Antonio Mairena, \u00c9cija<\/li>\n<li><strong>12 September, 20:30.<\/strong> Luis Moneo, singer. Pe\u00f1a Flamenca La Era, Burguillos<\/li>\n<li><strong>18 September, 21:30.<\/strong> Tino Van der Sman, guitarist. Pe\u00f1a Flamenca La Sole\u00e1, Alcal\u00e1 de Guada\u00edra<\/li>\n<li><strong>18 September, 21:00.<\/strong> Jeromo Segura, singer. Pe\u00f1a Flamenca El Paraguas, Espartinas<\/li>\n<\/ul>\n<\/div><\/div><\/div><\/div><\/div><div class=\"vc_col-sm-6 wpb_column vc_column_container\"><div class=\"vc_column-inner\"><div class=\"wpb_wrapper\"><div class=\"wpb_text_column\"><div class=\"wpb_wrapper\"><h3>19\u201327 September<\/h3>\n<ul>\n<li><strong>19 September, 20:00.<\/strong> Anabel de Vico, singer. Pe\u00f1a Flamenca Antonio El Lobito, Pruna<\/li>\n<li><strong>19 September, 21:30.<\/strong> Paqui R\u00edos, singer. Pe\u00f1a Flamenca Lepanto, Mairena del Aljarafe<\/li>\n<li><strong>20 September, 14:00.<\/strong> Joni Torres, singer. Pe\u00f1a Flamenca Juan Talega, Dos Hermanas<\/li>\n<li><strong>26 September, 15:00.<\/strong> Juanelo, singer. Pe\u00f1a Flamenca de Sanl\u00facar la Mayor<\/li>\n<li><strong>26 September, 14:00.<\/strong> Lidia Rodr\u00edguez, singer. Pe\u00f1a Flamenca El Madro\u00f1ero, Montellano<\/li>\n<li><strong>26 September, 21:30.<\/strong> Mar\u00eda T\u00e1vora, dancer. Pe\u00f1a Flamenca Miguel Vargas, Paradas<\/li>\n<li><strong>27 September, 13:00.<\/strong> Olivia Molina, singer. Pe\u00f1a Flamenca Pozo Nuevo, Olivares<\/li>\n<\/ul>\n<p>The programme lets you choose between Seville city, the Aljarafe, Campi\u00f1a, Sierra Sur and the metropolitan area. Times range from midday to late evening; not all flamenco clubs open their doors the same amount of time in advance.<\/p>\n<\/div><\/div><\/div><\/div><\/div><\/div><\/div><\/section><section class=\"l-section wpb_row height_huge color_alternate with_shape\"><div class=\"l-section-shape type_zigzag pos_top hor_flip\" style=\"height:3vmin;\"><svg xmlns=\"http:\/\/www.w3.org\/2000\/svg\" viewBox=\"0 0 64 8\" preserveAspectRatio=\"none\" width=\"100%\" height=\"100%\">\r\n\t<path fill=\"currentColor\" d=\"M64 8 L0 8 L0 0 L20 7.9 L40 3 L48 5 L64 0 Z\"\/>\r\n<\/svg><\/div><div class=\"l-section-shape type_zigzag pos_bottom\" style=\"height:3vmin;\"><svg xmlns=\"http:\/\/www.w3.org\/2000\/svg\" viewBox=\"0 0 64 8\" preserveAspectRatio=\"none\" width=\"100%\" height=\"100%\">\r\n\t<path fill=\"currentColor\" d=\"M64 8 L0 8 L0 0 L20 7.9 L40 3 L48 5 L64 0 Z\"\/>\r\n<\/svg><\/div><div class=\"l-section-h i-cf\"><div class=\"g-cols vc_row via_flex valign_top type_default stacking_default\"><div class=\"vc_col-sm-6 wpb_column vc_column_container\"><div class=\"vc_column-inner\"><div class=\"wpb_wrapper\"><div class=\"wpb_text_column\"><div class=\"wpb_wrapper\"><h2 id=\"octubre\">October 2026 calendar<\/h2>\n<h3>2\u201311 October<\/h3>\n<ul>\n<li><strong>2 October, 21:00.<\/strong> Abraham El Zambo, singer. Pe\u00f1a Flamenca Alto de la Fuente, Gelves<\/li>\n<li><strong>3 October, 21:30.<\/strong> Luis Heredia \u201cEl Polaco\u201d, singer. Pe\u00f1a Flamenca El Ni\u00f1o de la Jara, Mart\u00edn de la Jara<\/li>\n<li><strong>3 October, 13:30.<\/strong> Antonio L\u00f3pez, singer. Pe\u00f1a Flamenca Fernando El Herrero, Las Cabezas de San Juan<\/li>\n<li><strong>8 October, 19:30.<\/strong> Anabel Valencia, singer. Pe\u00f1a Sentir Flamenco, Pablo de Olavide University, Seville<\/li>\n<li><strong>8 October, 20:00.<\/strong> Armando Mateos, singer. Tertulia Flamenca Calixto S\u00e1nchez Mar\u00edn, Seville<\/li>\n<li><strong>9 October, 21:00.<\/strong> Luis Perdiguero, singer. Pe\u00f1a Flamenca La Polea, Seville<\/li>\n<li><strong>9 October, 21:30.<\/strong> Manuel Cantarote, singer. Pe\u00f1a Flamenca de Tomares<\/li>\n<li><strong>9 October, 21:00.<\/strong> Mari Pe\u00f1a, singer. Pe\u00f1a Flamenca Pastora Pav\u00f3n Cruz \u201cNi\u00f1a de los Peines\u201d, Arahal<\/li>\n<li><strong>10 October, 15:30.<\/strong> Macarena de Jerez, singer. Tertulia Flamenca Sevilla Este, Seville<\/li>\n<li><strong>10 October, 16:00.<\/strong> El Potito, singer. Pe\u00f1a Flamenca de Aznalc\u00f3llar<\/li>\n<li><strong>11 October, 14:00.<\/strong> \u00c1frica Granado, singer. Pe\u00f1a Flamenca El Gallo, Mor\u00f3n de la Frontera<\/li>\n<li><strong>11 October, 19:00.<\/strong> Vicente Gelo, singer. Pe\u00f1a Flamenca El Monino, Herrera<\/li>\n<\/ul>\n<\/div><\/div><\/div><\/div><\/div><div class=\"vc_col-sm-6 wpb_column vc_column_container\"><div class=\"vc_column-inner\"><div class=\"wpb_wrapper\"><div class=\"wpb_text_column\"><div class=\"wpb_wrapper\"><h3>17\u201331 October<\/h3>\n<ul>\n<li><strong>17 October, 12:00.<\/strong> Manuela Cordero, singer. Pe\u00f1a Flamenca Aires Flamencos, Seville<\/li>\n<li><strong>17 October, 21:30.<\/strong> Luis Ortega, singer. Pe\u00f1a Flamenca La Pos\u00e1, La Luisiana<\/li>\n<li><strong>17 October, 20:00.<\/strong> Perico El Pa\u00f1ero, singer. Pe\u00f1a Flamenca Villanove\u00f1a, Villanueva de San Juan<\/li>\n<li><strong>18 October, 14:30.<\/strong> Jes\u00fas Corbacho, singer. Pe\u00f1a Flamenca Miguel Acal, Bormujos<\/li>\n<li><strong>23 October, 21:30.<\/strong> Juan de Mairena, singer. Casa del Arte Antonio Mairena, Mairena del Alcor<\/li>\n<li><strong>24 October, 15:00.<\/strong> Amparo \u201cLa Repompilla\u201d, singer. Pe\u00f1a Flamenca La Ton\u00e1<\/li>\n<li><strong>24 October, 20:00.<\/strong> Manuel Pajares, singer. Pe\u00f1a Flamenca Torremocha, Albaida del Aljarafe<\/li>\n<li><strong>24 October, 13:30.<\/strong> Marta La Ni\u00f1a, singer. Pe\u00f1a Flamenca La Encina, El Castillo de las Guardas<\/li>\n<li><strong>24 October, 23:00.<\/strong> Mar\u00eda Jes\u00fas Bernal, singer. Tertulia Flamenca El Pozo de las Penas, Los Palacios y Villafranca<\/li>\n<li><strong>24 October, 16:30.<\/strong> Joselete de Linares, singer. Pe\u00f1a Flamenca El Despertar, Fuentes de Andaluc\u00eda<\/li>\n<li><strong>24 October, 15:00.<\/strong> Malena Carrasco, singer. Pe\u00f1a Flamenca La Fragua, Seville<\/li>\n<li><strong>25 October, 17:00.<\/strong> Elena de Mor\u00f3n, singer. Pe\u00f1a Flamenca Puertas Abiertas, La Algaba<\/li>\n<li><strong>25 October, 13:30.<\/strong> Marta Aguilar, singer. Pe\u00f1a Flamenca El B\u00facaro, San Jos\u00e9 de la Rinconada<\/li>\n<li><strong>29 October, 21:30.<\/strong> Fernando Caballo, singer. Pe\u00f1a Flamenca Torres Macarena, Seville<\/li>\n<li><strong>30 October, 19:00.<\/strong> Luis Malena, singer. Pe\u00f1a Flamenca Pol\u00edgono Sur, Seville<\/li>\n<li><strong>31 October, 13:00.<\/strong> Silvia Reina, singer. Pe\u00f1a Flamenca La Solera, Villanueva del Ariscal<\/li>\n<\/ul>\n<\/div><\/div><\/div><\/div><\/div><\/div><\/div><\/section><section class=\"l-section wpb_row height_huge\"><div class=\"l-section-h i-cf\"><div class=\"g-cols vc_row via_flex valign_top type_default stacking_default\"><div class=\"vc_col-sm-6 wpb_column vc_column_container\"><div class=\"vc_column-inner\"><div class=\"wpb_wrapper\"><div class=\"wpb_text_column\"><div class=\"wpb_wrapper\"><h2>Important: two different closing dates are listed<\/h2>\n<p>The general information states that the Seville circuit runs until <strong>30 October<\/strong>. However, the detailed calendar in the Andalusian Cultural Agenda includes a final event on <strong>31 October<\/strong>: Silvia Reina at Pe\u00f1a Flamenca La Solera in Villanueva del Ariscal.<\/p>\n<p>As a precaution, this guide includes the performance on the 31st. The agenda itself warns that the programme is subject to change.<\/p>\n<\/div><\/div><\/div><\/div><\/div><div class=\"vc_col-sm-6 wpb_column vc_column_container\"><div class=\"vc_column-inner\"><div class=\"wpb_wrapper\"><div class=\"wpb_text_column\"><div class=\"wpb_wrapper\"><h2 id=\"capital\">Recitals in Seville city<\/h2>\n<p>The city hosts events at Cantes al Aire, El Carbonerillo, La Jumoza 3, Sentir Flamenco at Pablo de Olavide University, Tertulia Calixto S\u00e1nchez Mar\u00edn, La Polea, Sevilla Este, Aires Flamencos, La Fragua, Torres Macarena and Pol\u00edgono Sur.<\/p>\n<p>The announced artists include Fernanda Pe\u00f1a, Angelita Montoya, Pura de Pura, Anabel Valencia, Armando Mateos, Luis Perdiguero, Macarena de Jerez, Manuela Cordero, Malena Carrasco, Fernando Caballo and Luis Malena.<\/p>\n<\/div><\/div><\/div><\/div><\/div><\/div><\/div><\/section><section class=\"l-section wpb_row height_huge\"><div class=\"l-section-h i-cf\"><div class=\"g-cols vc_row via_flex valign_middle type_default stacking_default\"><div class=\"vc_col-sm-6 wpb_column vc_column_container\"><div class=\"vc_column-inner\"><div class=\"wpb_wrapper\"><div class=\"wpb_text_column\"><div class=\"wpb_wrapper\"><h2 id=\"artistas\">Singing, dance and guitar: what the programme offers<\/h2>\n<p>Flamenco <strong>singing clearly dominates the programme<\/strong>. This reflects the historic format of a flamenco-club recital: a lead voice, accompanying guitar and an intimate audience attentive to the styles and personality of the performer.<\/p>\n<p>Established artists \u2014such as Alfredo Tejada, Luis Moneo, Jeromo Segura, El Potito, Macarena de Jerez, Anabel Valencia and La Repompilla\u2014 appear alongside voices that are still building their professional careers.<\/p>\n<p>Dance is represented by <strong>Manuel Bellido<\/strong>, in \u00c9cija, and <strong>Mar\u00eda T\u00e1vora<\/strong>, in Paradas. The only recital specifically announced as a guitar performance features <strong>Tino Van der Sman<\/strong>, in Alcal\u00e1 de Guada\u00edra.<\/p>\n<\/div><\/div><\/div><\/div><\/div><div class=\"vc_col-sm-6 wpb_column vc_column_container\"><div class=\"vc_column-inner\"><div class=\"wpb_wrapper\"><div class=\"wpb_text_column\"><div class=\"wpb_wrapper\"><h2>How to choose an event<\/h2>\n<ul>\n<li><strong>If you are looking for singing:<\/strong> almost every weekend offers several options.<\/li>\n<li><strong>If you prefer dance:<\/strong> note 11 September in \u00c9cija or the 26th in Paradas.<\/li>\n<li><strong>If you are interested in guitar:<\/strong> the dedicated guitar recital is on 18 September in Alcal\u00e1.<\/li>\n<li><strong>If you are staying in Seville city:<\/strong> October has a high concentration of performances in the city.<\/li>\n<li><strong>If you want a local atmosphere:<\/strong> choose a town, confirm the address and arrive early.<\/li>\n<\/ul>\n<p>To compare different formats, also see our guide to <a href=\"https:\/\/www.tablaosflamencos.com\/donde-ver-flamenco-autentico-sevilla.html\"><strong>where to see authentic flamenco in Seville<\/strong><\/a>.<\/p>\n<\/div><\/div><\/div><\/div><\/div><\/div><\/div><\/section><section class=\"l-section wpb_row height_huge color_alternate with_shape\"><div class=\"l-section-shape type_zigzag pos_top hor_flip\" style=\"height:3vmin;\"><svg xmlns=\"http:\/\/www.w3.org\/2000\/svg\" viewBox=\"0 0 64 8\" preserveAspectRatio=\"none\" width=\"100%\" height=\"100%\">\r\n\t<path fill=\"currentColor\" d=\"M64 8 L0 8 L0 0 L20 7.9 L40 3 L48 5 L64 0 Z\"\/>\r\n<\/svg><\/div><div class=\"l-section-shape type_zigzag pos_bottom\" style=\"height:3vmin;\"><svg xmlns=\"http:\/\/www.w3.org\/2000\/svg\" viewBox=\"0 0 64 8\" preserveAspectRatio=\"none\" width=\"100%\" height=\"100%\">\r\n\t<path fill=\"currentColor\" d=\"M64 8 L0 8 L0 0 L20 7.9 L40 3 L48 5 L64 0 Z\"\/>\r\n<\/svg><\/div><div class=\"l-section-h i-cf\"><div class=\"g-cols vc_row via_flex valign_middle type_default stacking_default\"><div class=\"vc_col-sm-6 wpb_column vc_column_container\"><div class=\"vc_column-inner\"><div class=\"wpb_wrapper\"><div class=\"wpb_text_column\"><div class=\"wpb_wrapper\"><h2 id=\"persecucion\">The tribute to <em>Persecuci\u00f3n<\/em> and El Lebrijano<\/h2>\n<p>The Seville programme is dedicated to the 50th anniversary of <em>Persecuci\u00f3n<\/em>, released by Juan Pe\u00f1a \u201cEl Lebrijano\u201d in 1976. Created with texts by F\u00e9lix Grande, the album brought to record a narrative about the historic persecution of the Roma people and opened an expressive territory that was unusual in recorded flamenco at the time.<\/p>\n<p>The tribute also has a strong geographical dimension: El Lebrijano was born in Lebrija and belonged to an artistic lineage that is essential to Seville flamenco. Remembering his work through a network of flamenco clubs connects recorded memory with the spaces where singing is heard, discussed and passed on.<\/p>\n<\/div><\/div><\/div><\/div><\/div><div class=\"vc_col-sm-6 wpb_column vc_column_container\"><div class=\"vc_column-inner\"><div class=\"wpb_wrapper\"><div class=\"wpb_text_column\"><div class=\"wpb_wrapper\"><h2>A celebration focused on the present<\/h2>\n<p>The dedication does not turn the circuit into a repetition of El Lebrijano\u2019s repertoire. It works as the common thread of a diverse programme made up of contemporary artists and spread throughout the province.<\/p>\n<p>For a broader view of the programme, see our general guide to the <a href=\"https:\/\/www.tablaosflamencos.com\/circuito-andaluz-penas-flamencas-2026.html\"><strong>2026 Andalusian Flamenco Club Circuit<\/strong><\/a>. It includes figures for all eight provinces. This page focuses exclusively on Seville and its detailed calendar.<\/p>\n<\/div><\/div><\/div><\/div><\/div><\/div><\/div><\/section><section class=\"l-section wpb_row height_huge\"><div class=\"l-section-h i-cf\"><div class=\"g-cols vc_row via_flex valign_middle type_default stacking_default\"><div class=\"vc_col-sm-6 wpb_column vc_column_container\"><div class=\"vc_column-inner\"><div class=\"wpb_wrapper\"><div class=\"wpb_text_column\"><div class=\"wpb_wrapper\"><h2 id=\"acceso\">Are the recitals really free?<\/h2>\n<p>Yes. The Andalusian Cultural Agenda states that <strong>admission is free until capacity is reached<\/strong>. There is no ticket to purchase, but free admission does not guarantee entry if the venue fills up.<\/p>\n<p>Each flamenco club may organise access differently. Some admit people in order of arrival; others may use invitations or confirmations, or give organisational priority to members. If the listing does not explain the procedure, the safest option is to contact the organisation.<\/p>\n<\/div><\/div><\/div><\/div><\/div><div class=\"vc_col-sm-6 wpb_column vc_column_container\"><div class=\"vc_column-inner\"><div class=\"wpb_wrapper\"><div class=\"wpb_text_column\"><div class=\"wpb_wrapper\"><h2>Tips to avoid missing out<\/h2>\n<ul>\n<li>Check the date, time and address on the day itself.<\/li>\n<li>Arrive early, especially at weekends.<\/li>\n<li>Ask whether an invitation or prior confirmation is required.<\/li>\n<li>Do not confuse the name of the flamenco club with the town.<\/li>\n<li>Bear in mind that an alternative venue may be used.<\/li>\n<li>Keep quiet during the singing and avoid entering or leaving in the middle of a piece.<\/li>\n<\/ul>\n<\/div><\/div><\/div><\/div><\/div><\/div><\/div><\/section><section class=\"l-section wpb_row height_huge color_alternate with_shape\"><div class=\"l-section-shape type_zigzag pos_top hor_flip\" style=\"height:3vmin;\"><svg xmlns=\"http:\/\/www.w3.org\/2000\/svg\" viewBox=\"0 0 64 8\" preserveAspectRatio=\"none\" width=\"100%\" height=\"100%\">\r\n\t<path fill=\"currentColor\" d=\"M64 8 L0 8 L0 0 L20 7.9 L40 3 L48 5 L64 0 Z\"\/>\r\n<\/svg><\/div><div class=\"l-section-shape type_zigzag pos_bottom\" style=\"height:3vmin;\"><svg xmlns=\"http:\/\/www.w3.org\/2000\/svg\" viewBox=\"0 0 64 8\" preserveAspectRatio=\"none\" width=\"100%\" height=\"100%\">\r\n\t<path fill=\"currentColor\" d=\"M64 8 L0 8 L0 0 L20 7.9 L40 3 L48 5 L64 0 Z\"\/>\r\n<\/svg><\/div><div class=\"l-section-h i-cf\"><div class=\"g-cols vc_row via_flex valign_middle type_default stacking_default\"><div class=\"vc_col-sm-6 wpb_column vc_column_container\"><div class=\"vc_column-inner\"><div class=\"wpb_wrapper\"><div class=\"wpb_text_column\"><div class=\"wpb_wrapper\"><h2 id=\"ruta\">How to plan a flamenco route around Seville<\/h2>\n<p>In the Aljarafe you will find Gelves, Tomares, Bormujos, Olivares, Espartinas, Sanl\u00facar la Mayor, Villanueva del Ariscal and Albaida. The Campi\u00f1a has events in \u00c9cija, Arahal, Paradas, Fuentes de Andaluc\u00eda and La Luisiana. In the metropolitan area, Alcal\u00e1 de Guada\u00edra, Dos Hermanas, La Algaba, Mairena del Aljarafe and San Jos\u00e9 de la Rinconada stand out.<\/p>\n<p>Before planning two performances on the same day, check distances and times. Access, parking and duration are not the same at every venue.<\/p>\n<\/div><\/div><\/div><\/div><\/div><div class=\"vc_col-sm-6 wpb_column vc_column_container\"><div class=\"vc_column-inner\"><div class=\"wpb_wrapper\"><div class=\"wpb_text_column\"><div class=\"wpb_wrapper\"><h2>Flamenco club and tablao: complementary experiences<\/h2>\n<p>The circuit offers one-off performances at cultural associations and provides a way to experience flamenco through local community life. A tablao has a regular programme, can be booked in advance and is easier to fit into a trip with fixed dates.<\/p>\n<p>If the recital does not coincide with your stay or the venue is full, see the <a href=\"\/flamenco-sevilla\"><strong>flamenco shows in Seville<\/strong><\/a>. A flamenco club offers a unique local event, while a tablao lets you secure a performance within your itinerary.<\/p>\n<\/div><\/div><\/div><\/div><\/div><\/div><\/div><\/section><section class=\"l-section wpb_row height_huge\"><div class=\"l-section-h i-cf\"><div class=\"g-cols vc_row via_flex valign_middle type_default stacking_default\"><div class=\"vc_col-sm-6 wpb_column vc_column_container\"><div class=\"vc_column-inner\"><div class=\"wpb_wrapper\"><div class=\"wpb_text_column\"><div class=\"wpb_wrapper\"><h2 id=\"fuentes\">Where to confirm artists, times and changes<\/h2>\n<p>The main reference is the <strong>Andalusian Cultural Agenda<\/strong>. It lists the announced recitals and warns that changes may occur. It is also advisable to check the channels of the host club or the Provincial Federation of Flamenco Associations of Seville.<\/p>\n<\/div><\/div><div class=\"w-separator size_medium\"><\/div><div class=\"w-hwrapper valign_top align_center\" style=\"--hwrapper-gap:1.2rem\"><div class=\"w-btn-wrapper align_center\"><a class=\"w-btn us-btn-style_1 icon_atleft\" href=\"https:\/\/www.juntadeandalucia.es\/cultura\/agendaculturaldeandalucia\/evento\/circuito-andaluz-de-penas-2026-provincia-de-sevilla\"><i class=\"fas fa-calendar-alt\"><\/i><span class=\"w-btn-label\">Check the official Seville calendar<\/span><\/a><\/div><\/div><\/div><\/div><\/div><div class=\"vc_col-sm-6 wpb_column vc_column_container\"><div class=\"vc_column-inner\"><div class=\"wpb_wrapper\"><div class=\"wpb_text_column\"><div class=\"wpb_wrapper\"><h2>Who organises the circuit<\/h2>\n<p>The programme is organised through collaboration between the <strong>Andalusian Agency of Cultural Institutions and the Andalusian Institute of Flamenco<\/strong> and the Provincial Federation of Flamenco Associations of Seville.<\/p>\n<p>Across Andalusia, the 2026 edition totals 225 performances and at least 470 artists. The programme stems from an open call and works with the provincial federations to create line-ups adapted to their networks of flamenco clubs and towns.<\/p>\n<\/div><\/div><\/div><\/div><\/div><\/div><\/div><\/section><section class=\"l-section wpb_row height_huge color_alternate with_shape\"><div class=\"l-section-shape type_zigzag pos_top hor_flip\" style=\"height:3vmin;\"><svg xmlns=\"http:\/\/www.w3.org\/2000\/svg\" viewBox=\"0 0 64 8\" preserveAspectRatio=\"none\" width=\"100%\" height=\"100%\">\r\n\t<path fill=\"currentColor\" d=\"M64 8 L0 8 L0 0 L20 7.9 L40 3 L48 5 L64 0 Z\"\/>\r\n<\/svg><\/div><div class=\"l-section-h i-cf\"><div class=\"g-cols vc_row via_flex valign_middle type_default stacking_default\"><div class=\"vc_col-sm-1\/5 wpb_column vc_column_container\"><div class=\"vc_column-inner\"><div class=\"wpb_wrapper\"><\/div><\/div><\/div><div class=\"vc_col-sm-3\/5 wpb_column vc_column_container\"><div class=\"vc_column-inner\"><div class=\"wpb_wrapper\"><div class=\"wpb_text_column\"><div class=\"wpb_wrapper\"><h2 id=\"faq\">Frequently asked questions about the 2026 Andalusian Flamenco Club Circuit in Seville<\/h2>\n<\/div><\/div><div class=\"w-separator size_medium\"><\/div><div class=\"w-tabs accordion toggle_style_1 has_scrolling\" style=\"--sections-title-size:inherit;--sections-gap:0.5rem;\"><div class=\"w-tabs-sections titles-align_none icon_chevron cpos_right\"><div class=\"w-tabs-section\" id=\"x502\"><button type=\"button\" class=\"w-tabs-section-header\" aria-controls=\"content-x502\" aria-expanded=\"false\"><div class=\"w-tabs-section-title\">How many performances are there in Seville?<\/div><div class=\"w-tabs-section-control\"><\/div><\/button><div  class=\"w-tabs-section-content\" id=\"content-x502\"><div class=\"w-tabs-section-content-h i-cf\"><div class=\"wpb_text_column\"><div class=\"wpb_wrapper\"><p>The programme announces <strong>56 performances in 41 towns<\/strong>: 53 singing recitals, two dance performances and one guitar recital.<\/p>\n<\/div><\/div><\/div><\/div><\/div><div class=\"w-tabs-section\" id=\"y5f4\"><button type=\"button\" class=\"w-tabs-section-header\" aria-controls=\"content-y5f4\" aria-expanded=\"false\"><div class=\"w-tabs-section-title\">When does the circuit take place?<\/div><div class=\"w-tabs-section-control\"><\/div><\/button><div  class=\"w-tabs-section-content\" id=\"content-y5f4\"><div class=\"w-tabs-section-content-h i-cf\"><div class=\"wpb_text_column\"><div class=\"wpb_wrapper\"><p>The circuit began on 6 June. The available detailed calendar lists performances from 2 September to 31 October 2026.<\/p>\n<\/div><\/div><\/div><\/div><\/div><div class=\"w-tabs-section\" id=\"o6d6\"><button type=\"button\" class=\"w-tabs-section-header\" aria-controls=\"content-o6d6\" aria-expanded=\"false\"><div class=\"w-tabs-section-title\">Is admission free?<\/div><div class=\"w-tabs-section-control\"><\/div><\/button><div  class=\"w-tabs-section-content\" id=\"content-o6d6\"><div class=\"w-tabs-section-content-h i-cf\"><div class=\"wpb_text_column\"><div class=\"wpb_wrapper\"><p>Yes. All recitals are announced with <strong>free admission until capacity is reached<\/strong>. Depending on the flamenco club, there may be an invitation or confirmation system.<\/p>\n<\/div><\/div><\/div><\/div><\/div><div class=\"w-tabs-section\" id=\"b7a3\"><button type=\"button\" class=\"w-tabs-section-header\" aria-controls=\"content-b7a3\" aria-expanded=\"false\"><div class=\"w-tabs-section-title\">Do I need to be a member of the flamenco club?<\/div><div class=\"w-tabs-section-control\"><\/div><\/button><div  class=\"w-tabs-section-content\" id=\"content-b7a3\"><div class=\"w-tabs-section-content-h i-cf\"><div class=\"wpb_text_column\"><div class=\"wpb_wrapper\"><p>Official information presents the performances as free until capacity is reached. Check with the specific flamenco club to find out how admission is organised.<\/p>\n<\/div><\/div><\/div><\/div><\/div><div class=\"w-tabs-section\" id=\"g888\"><button type=\"button\" class=\"w-tabs-section-header\" aria-controls=\"content-g888\" aria-expanded=\"false\"><div class=\"w-tabs-section-title\">Which dance performances are scheduled?<\/div><div class=\"w-tabs-section-control\"><\/div><\/button><div  class=\"w-tabs-section-content\" id=\"content-g888\"><div class=\"w-tabs-section-content-h i-cf\"><div class=\"wpb_text_column\"><div class=\"wpb_wrapper\"><p>Manuel Bellido performs on 11 September in \u00c9cija and Mar\u00eda T\u00e1vora on 26 September in Paradas.<\/p>\n<\/div><\/div><\/div><\/div><\/div><div class=\"w-tabs-section\" id=\"b952\"><button type=\"button\" class=\"w-tabs-section-header\" aria-controls=\"content-b952\" aria-expanded=\"false\"><div class=\"w-tabs-section-title\">Where is the guitar recital?<\/div><div class=\"w-tabs-section-control\"><\/div><\/button><div  class=\"w-tabs-section-content\" id=\"content-b952\"><div class=\"w-tabs-section-content-h i-cf\"><div class=\"wpb_text_column\"><div class=\"wpb_wrapper\"><p>Tino Van der Sman performs on 18 September at Pe\u00f1a Flamenca La Sole\u00e1 in Alcal\u00e1 de Guada\u00edra.<\/p>\n<\/div><\/div><\/div><\/div><\/div><div class=\"w-tabs-section\" id=\"ta10\"><button type=\"button\" class=\"w-tabs-section-header\" aria-controls=\"content-ta10\" aria-expanded=\"false\"><div class=\"w-tabs-section-title\">Can the calendar change?<\/div><div class=\"w-tabs-section-control\"><\/div><\/button><div  class=\"w-tabs-section-content\" id=\"content-ta10\"><div class=\"w-tabs-section-content-h i-cf\"><div class=\"wpb_text_column\"><div class=\"wpb_wrapper\"><p>Yes. Check the artist, time, address and admission conditions before travelling.<\/p>\n<\/div><\/div><\/div><\/div><\/div><div class=\"w-tabs-section\" id=\"aacd\"><button type=\"button\" class=\"w-tabs-section-header\" aria-controls=\"content-aacd\" aria-expanded=\"false\"><div class=\"w-tabs-section-title\">Where can I check the updated programme?<\/div><div class=\"w-tabs-section-control\"><\/div><\/button><div  class=\"w-tabs-section-content\" id=\"content-aacd\"><div class=\"w-tabs-section-content-h i-cf\"><div class=\"wpb_text_column\"><div class=\"wpb_wrapper\"><p>In the Andalusian Cultural Agenda and through the host flamenco club or provincial federation channels.<\/p>\n<\/div><\/div><\/div><\/div><\/div><\/div><\/div><\/div><\/div><\/div><div class=\"vc_col-sm-1\/5 wpb_column vc_column_container\"><div class=\"vc_column-inner\"><div class=\"wpb_wrapper\"><\/div><\/div><\/div><\/div><\/div><\/section>\n","protected":false},"excerpt":{"rendered":"<p>The 2026 Andalusian Flamenco Club Circuit in Seville brings 56 free performances to 41 towns across the province, with singing, dance and guitar recitals.<\/p>\n","protected":false},"author":1,"featured_media":14729,"comment_status":"closed","ping_status":"closed","sticky":false,"template":"","format":"standard","meta":{"_acf_changed":false,"wpai_generated_summary":"","_ayudawp_aiss_exclude":false,"_ayudawp_aiss_exclude_summary":false,"_ayudawp_aiss_summary":"","_ayudawp_aiss_summary_provider":"","_ayudawp_aiss_summary_hash":"","footnotes":""},"categories":[1900],"tags":[1938,1935,1144,1384,1946],"class_list":["post-14833","post","type-post","status-publish","format-standard","has-post-thumbnail","hentry","category-flamenco-clubs","tag-andalusian-flamenco-club-circuit","tag-flamenco-clubs","tag-flamenco-en-sevilla","tag-flamenco-singing","tag-free-flamenco"],"acf":[],"yoast_head":"<!-- This site is optimized with the Yoast SEO Premium plugin v28.4 (Yoast SEO v28.4) - https:\/\/yoast.com\/product\/yoast-seo-premium-wordpress\/ -->\n<title>Andalusian Flamenco Club Circuit in Seville 2026: calendar and artists | Tablaos Flamencos<\/title>\n<meta name=\"description\" content=\"See the 2026 Andalusian Flamenco Club Circuit calendar in Seville: artists, towns, flamenco clubs and free recitals.\" \/>\n<meta name=\"robots\" content=\"index, follow, max-snippet:-1, max-image-preview:large, max-video-preview:-1\" \/>\n<link rel=\"canonical\" href=\"https:\/\/www.tablaosflamencos.com\/en\/andalusian-flamenco-club-circuit-seville-2026.html\" \/>\n<meta property=\"og:locale\" content=\"en_US\" \/>\n<meta property=\"og:type\" content=\"article\" \/>\n<meta property=\"og:title\" content=\"Andalusian Flamenco Club Circuit in Seville 2026: calendar, artists and free recitals\" \/>\n<meta property=\"og:description\" content=\"See the 2026 Andalusian Flamenco Club Circuit calendar in Seville: artists, towns, flamenco clubs and free recitals.\" \/>\n<meta property=\"og:url\" content=\"https:\/\/www.tablaosflamencos.com\/en\/andalusian-flamenco-club-circuit-seville-2026.html\" \/>\n<meta property=\"og:site_name\" content=\"Tablaos Flamencos\" \/>\n<meta property=\"article:publisher\" content=\"https:\/\/www.facebook.com\/tablaosflamencos\" \/>\n<meta property=\"article:published_time\" content=\"2026-09-05T12:14:08+00:00\" \/>\n<meta property=\"article:modified_time\" content=\"2026-09-05T12:23:44+00:00\" \/>\n<meta property=\"og:image\" content=\"https:\/\/www.tablaosflamencos.com\/wp-content\/uploads\/circuito-andaluz-de-penas-en-sevilla-2026-calendario-artistas-y-recitales-gratuitos-01.webp\" \/>\n\t<meta property=\"og:image:width\" content=\"1536\" \/>\n\t<meta property=\"og:image:height\" content=\"1024\" \/>\n\t<meta property=\"og:image:type\" content=\"image\/webp\" \/>\n<meta name=\"author\" content=\"Miguel Ortiz\" \/>\n<meta name=\"twitter:card\" content=\"summary_large_image\" \/>\n<meta name=\"twitter:creator\" content=\"@tablaosflamenco\" \/>\n<meta name=\"twitter:site\" content=\"@tablaosflamenco\" \/>\n<meta name=\"twitter:label1\" content=\"Written by\" \/>\n\t<meta name=\"twitter:data1\" content=\"Miguel Ortiz\" \/>\n\t<meta name=\"twitter:label2\" content=\"Est. reading time\" \/>\n\t<meta name=\"twitter:data2\" content=\"15 minutes\" \/>\n<script type=\"application\/ld+json\" class=\"yoast-schema-graph\">{\"@context\":\"https:\\\/\\\/schema.org\",\"@graph\":[{\"@type\":\"Article\",\"@id\":\"https:\\\/\\\/www.tablaosflamencos.com\\\/en\\\/andalusian-flamenco-club-circuit-seville-2026.html#article\",\"isPartOf\":{\"@id\":\"https:\\\/\\\/www.tablaosflamencos.com\\\/en\\\/andalusian-flamenco-club-circuit-seville-2026.html\"},\"author\":{\"name\":\"Miguel Ortiz\",\"@id\":\"https:\\\/\\\/www.tablaosflamencos.com\\\/en#\\\/schema\\\/person\\\/e7a9ebe14eb75a52ceabfbffb3c54f5d\"},\"headline\":\"Andalusian Flamenco Club Circuit in Seville 2026: calendar, artists and free recitals\",\"datePublished\":\"2026-09-05T12:14:08+00:00\",\"dateModified\":\"2026-09-05T12:23:44+00:00\",\"mainEntityOfPage\":{\"@id\":\"https:\\\/\\\/www.tablaosflamencos.com\\\/en\\\/andalusian-flamenco-club-circuit-seville-2026.html\"},\"wordCount\":2968,\"publisher\":{\"@id\":\"https:\\\/\\\/www.tablaosflamencos.com\\\/en#organization\"},\"image\":{\"@id\":\"https:\\\/\\\/www.tablaosflamencos.com\\\/en\\\/andalusian-flamenco-club-circuit-seville-2026.html#primaryimage\"},\"thumbnailUrl\":\"https:\\\/\\\/www.tablaosflamencos.com\\\/wp-content\\\/uploads\\\/circuito-andaluz-de-penas-en-sevilla-2026-calendario-artistas-y-recitales-gratuitos-01.webp\",\"keywords\":[\"Andalusian Flamenco Club Circuit\",\"flamenco clubs\",\"flamenco en Sevilla\",\"flamenco singing\",\"free flamenco\"],\"articleSection\":[\"Flamenco clubs\"],\"inLanguage\":\"en-US\"},{\"@type\":\"WebPage\",\"@id\":\"https:\\\/\\\/www.tablaosflamencos.com\\\/en\\\/andalusian-flamenco-club-circuit-seville-2026.html\",\"url\":\"https:\\\/\\\/www.tablaosflamencos.com\\\/en\\\/andalusian-flamenco-club-circuit-seville-2026.html\",\"name\":\"Andalusian Flamenco Club Circuit in Seville 2026: calendar and artists | Tablaos Flamencos\",\"isPartOf\":{\"@id\":\"https:\\\/\\\/www.tablaosflamencos.com\\\/en#website\"},\"primaryImageOfPage\":{\"@id\":\"https:\\\/\\\/www.tablaosflamencos.com\\\/en\\\/andalusian-flamenco-club-circuit-seville-2026.html#primaryimage\"},\"image\":{\"@id\":\"https:\\\/\\\/www.tablaosflamencos.com\\\/en\\\/andalusian-flamenco-club-circuit-seville-2026.html#primaryimage\"},\"thumbnailUrl\":\"https:\\\/\\\/www.tablaosflamencos.com\\\/wp-content\\\/uploads\\\/circuito-andaluz-de-penas-en-sevilla-2026-calendario-artistas-y-recitales-gratuitos-01.webp\",\"datePublished\":\"2026-09-05T12:14:08+00:00\",\"dateModified\":\"2026-09-05T12:23:44+00:00\",\"description\":\"See the 2026 Andalusian Flamenco Club Circuit calendar in Seville: artists, towns, flamenco clubs and free recitals.\",\"breadcrumb\":{\"@id\":\"https:\\\/\\\/www.tablaosflamencos.com\\\/en\\\/andalusian-flamenco-club-circuit-seville-2026.html#breadcrumb\"},\"inLanguage\":\"en-US\",\"potentialAction\":[{\"@type\":\"ReadAction\",\"target\":[\"https:\\\/\\\/www.tablaosflamencos.com\\\/en\\\/andalusian-flamenco-club-circuit-seville-2026.html\"]}]},{\"@type\":\"ImageObject\",\"inLanguage\":\"en-US\",\"@id\":\"https:\\\/\\\/www.tablaosflamencos.com\\\/en\\\/andalusian-flamenco-club-circuit-seville-2026.html#primaryimage\",\"url\":\"https:\\\/\\\/www.tablaosflamencos.com\\\/wp-content\\\/uploads\\\/circuito-andaluz-de-penas-en-sevilla-2026-calendario-artistas-y-recitales-gratuitos-01.webp\",\"contentUrl\":\"https:\\\/\\\/www.tablaosflamencos.com\\\/wp-content\\\/uploads\\\/circuito-andaluz-de-penas-en-sevilla-2026-calendario-artistas-y-recitales-gratuitos-01.webp\",\"width\":1536,\"height\":1024,\"caption\":\"Circuito Andaluz de Pe\u00f1as en Sevilla 2026: calendario, artistas y recitales gratuitos\"},{\"@type\":\"BreadcrumbList\",\"@id\":\"https:\\\/\\\/www.tablaosflamencos.com\\\/en\\\/andalusian-flamenco-club-circuit-seville-2026.html#breadcrumb\",\"itemListElement\":[{\"@type\":\"ListItem\",\"position\":1,\"name\":\"Home\",\"item\":\"https:\\\/\\\/www.tablaosflamencos.com\\\/en\"},{\"@type\":\"ListItem\",\"position\":2,\"name\":\"Andalusian Flamenco Club Circuit in Seville 2026: calendar, artists and free recitals\"}]},{\"@type\":\"WebSite\",\"@id\":\"https:\\\/\\\/www.tablaosflamencos.com\\\/en#website\",\"url\":\"https:\\\/\\\/www.tablaosflamencos.com\\\/en\",\"name\":\"Tablaos Flamencos\",\"description\":\"Entradas para tablaos flamencos de Espa\u00f1a\",\"publisher\":{\"@id\":\"https:\\\/\\\/www.tablaosflamencos.com\\\/en#organization\"},\"alternateName\":\"Tablaos Flamencos\",\"potentialAction\":[{\"@type\":\"SearchAction\",\"target\":{\"@type\":\"EntryPoint\",\"urlTemplate\":\"https:\\\/\\\/www.tablaosflamencos.com\\\/en?s={search_term_string}\"},\"query-input\":{\"@type\":\"PropertyValueSpecification\",\"valueRequired\":true,\"valueName\":\"search_term_string\"}}],\"inLanguage\":\"en-US\"},{\"@type\":[\"Organization\",\"Place\",\"EntertainmentBusiness\"],\"@id\":\"https:\\\/\\\/www.tablaosflamencos.com\\\/en#organization\",\"name\":\"Tablaos Flamencos\",\"alternateName\":\"Tablaos Flamencos\",\"url\":\"https:\\\/\\\/www.tablaosflamencos.com\\\/en\",\"logo\":{\"@id\":\"https:\\\/\\\/www.tablaosflamencos.com\\\/en\\\/andalusian-flamenco-club-circuit-seville-2026.html#local-main-organization-logo\"},\"image\":{\"@id\":\"https:\\\/\\\/www.tablaosflamencos.com\\\/en\\\/andalusian-flamenco-club-circuit-seville-2026.html#local-main-organization-logo\"},\"sameAs\":[\"https:\\\/\\\/www.facebook.com\\\/tablaosflamencos\",\"https:\\\/\\\/x.com\\\/tablaosflamenco\",\"https:\\\/\\\/mastodon.social\\\/@tablaosflamencos\",\"https:\\\/\\\/www.instagram.com\\\/tablaosflamencos\",\"https:\\\/\\\/tiktok.com\\\/@tablaosflamencos\",\"https:\\\/\\\/www.linkedin.com\\\/company\\\/109408238\\\/\"],\"description\":\"Venta de entradas para espect\u00e1culos flamencos\",\"legalName\":\"Tablaos Flamencos\",\"foundingDate\":\"2015-01-01\",\"numberOfEmployees\":{\"@type\":\"QuantitativeValue\",\"minValue\":\"1\",\"maxValue\":\"10\"},\"address\":{\"@id\":\"https:\\\/\\\/www.tablaosflamencos.com\\\/en\\\/andalusian-flamenco-club-circuit-seville-2026.html#local-main-place-address\"},\"geo\":{\"@type\":\"GeoCoordinates\",\"latitude\":\"37.3868072\",\"longitude\":\"-5.993280299999999\"},\"telephone\":[\"+34623787787\"],\"contactPoint\":{\"@type\":\"ContactPoint\",\"telephone\":\"+34623787787\",\"email\":\"info@tablaosflamencos.com\"},\"openingHoursSpecification\":{\"@type\":\"OpeningHoursSpecification\",\"dayOfWeek\":[\"Monday\",\"Tuesday\",\"Wednesday\",\"Thursday\",\"Friday\",\"Saturday\",\"Sunday\"],\"opens\":\"00:00\",\"closes\":\"23:59\"},\"email\":\"info@tablaosflamencos.com\",\"priceRange\":\"$$$\",\"currenciesAccepted\":\"\u20ac\"},{\"@type\":\"Person\",\"@id\":\"https:\\\/\\\/www.tablaosflamencos.com\\\/en#\\\/schema\\\/person\\\/e7a9ebe14eb75a52ceabfbffb3c54f5d\",\"name\":\"Miguel Ortiz\",\"description\":\"Miguel Ortiz es un empresario flamenco, con una s\u00f3lida trayectoria dentro del sector. Ha presidido entidades culturales vinculadas al flamenco y, cuenta con un amplio recorrido profesional en la gesti\u00f3n y promoci\u00f3n de espect\u00e1culos y tablaos flamencos. Su pasi\u00f3n por la historia y el arte flamenco se refleja en cada art\u00edculo, donde combina experiencia, criterio y un profundo respeto por la tradici\u00f3n.\",\"sameAs\":[\"https:\\\/\\\/www.tablaosflamencos.com\",\"https:\\\/\\\/www.instagra.com\\\/miguelortizfe\",\"https:\\\/\\\/www.linkedin.com\\\/in\\\/miguelortizf\\\/\"],\"birthDate\":\"1984-11-22\",\"gender\":\"hombre\",\"knowsLanguage\":[\"espa\u00f1ol\",\"ingl\u00e9s\"],\"jobTitle\":\"Empresario flamenco\"},{\"@type\":\"PostalAddress\",\"@id\":\"https:\\\/\\\/www.tablaosflamencos.com\\\/en\\\/andalusian-flamenco-club-circuit-seville-2026.html#local-main-place-address\",\"streetAddress\":\"C\\\/ Alemanes, 19\",\"addressLocality\":\"Sevilla\",\"postalCode\":\"41004\",\"addressRegion\":\"Sevilla\",\"addressCountry\":\"ES\"},{\"@type\":\"ImageObject\",\"inLanguage\":\"en-US\",\"@id\":\"https:\\\/\\\/www.tablaosflamencos.com\\\/en\\\/andalusian-flamenco-club-circuit-seville-2026.html#local-main-organization-logo\",\"url\":\"https:\\\/\\\/www.tablaosflamencos.com\\\/wp-content\\\/uploads\\\/tablaos-flamencos-06-3.webp\",\"contentUrl\":\"https:\\\/\\\/www.tablaosflamencos.com\\\/wp-content\\\/uploads\\\/tablaos-flamencos-06-3.webp\",\"width\":600,\"height\":620,\"caption\":\"Tablaos Flamencos\"}]}<\/script>\n<meta name=\"geo.placename\" content=\"Sevilla\" \/>\n<meta name=\"geo.position\" content=\"37.3868072;-5.993280299999999\" \/>\n<meta name=\"geo.region\" content=\"Spain\" \/>\n<!-- \/ Yoast SEO Premium plugin. -->","yoast_head_json":{"title":"Andalusian Flamenco Club Circuit in Seville 2026: calendar and artists | Tablaos Flamencos","description":"See the 2026 Andalusian Flamenco Club Circuit calendar in Seville: artists, towns, flamenco clubs and free recitals.","robots":{"index":"index","follow":"follow","max-snippet":"max-snippet:-1","max-image-preview":"max-image-preview:large","max-video-preview":"max-video-preview:-1"},"canonical":"https:\/\/www.tablaosflamencos.com\/en\/andalusian-flamenco-club-circuit-seville-2026.html","og_locale":"en_US","og_type":"article","og_title":"Andalusian Flamenco Club Circuit in Seville 2026: calendar, artists and free recitals","og_description":"See the 2026 Andalusian Flamenco Club Circuit calendar in Seville: artists, towns, flamenco clubs and free recitals.","og_url":"https:\/\/www.tablaosflamencos.com\/en\/andalusian-flamenco-club-circuit-seville-2026.html","og_site_name":"Tablaos Flamencos","article_publisher":"https:\/\/www.facebook.com\/tablaosflamencos","article_published_time":"2026-09-05T12:14:08+00:00","article_modified_time":"2026-09-05T12:23:44+00:00","og_image":[{"width":1536,"height":1024,"url":"https:\/\/www.tablaosflamencos.com\/wp-content\/uploads\/circuito-andaluz-de-penas-en-sevilla-2026-calendario-artistas-y-recitales-gratuitos-01.webp","type":"image\/webp"}],"author":"Miguel Ortiz","twitter_card":"summary_large_image","twitter_creator":"@tablaosflamenco","twitter_site":"@tablaosflamenco","twitter_misc":{"Written by":"Miguel Ortiz","Est. reading time":"15 minutes"},"schema":{"@context":"https:\/\/schema.org","@graph":[{"@type":"Article","@id":"https:\/\/www.tablaosflamencos.com\/en\/andalusian-flamenco-club-circuit-seville-2026.html#article","isPartOf":{"@id":"https:\/\/www.tablaosflamencos.com\/en\/andalusian-flamenco-club-circuit-seville-2026.html"},"author":{"name":"Miguel Ortiz","@id":"https:\/\/www.tablaosflamencos.com\/en#\/schema\/person\/e7a9ebe14eb75a52ceabfbffb3c54f5d"},"headline":"Andalusian Flamenco Club Circuit in Seville 2026: calendar, artists and free recitals","datePublished":"2026-09-05T12:14:08+00:00","dateModified":"2026-09-05T12:23:44+00:00","mainEntityOfPage":{"@id":"https:\/\/www.tablaosflamencos.com\/en\/andalusian-flamenco-club-circuit-seville-2026.html"},"wordCount":2968,"publisher":{"@id":"https:\/\/www.tablaosflamencos.com\/en#organization"},"image":{"@id":"https:\/\/www.tablaosflamencos.com\/en\/andalusian-flamenco-club-circuit-seville-2026.html#primaryimage"},"thumbnailUrl":"https:\/\/www.tablaosflamencos.com\/wp-content\/uploads\/circuito-andaluz-de-penas-en-sevilla-2026-calendario-artistas-y-recitales-gratuitos-01.webp","keywords":["Andalusian Flamenco Club Circuit","flamenco clubs","flamenco en Sevilla","flamenco singing","free flamenco"],"articleSection":["Flamenco clubs"],"inLanguage":"en-US"},{"@type":"WebPage","@id":"https:\/\/www.tablaosflamencos.com\/en\/andalusian-flamenco-club-circuit-seville-2026.html","url":"https:\/\/www.tablaosflamencos.com\/en\/andalusian-flamenco-club-circuit-seville-2026.html","name":"Andalusian Flamenco Club Circuit in Seville 2026: calendar and artists | Tablaos Flamencos","isPartOf":{"@id":"https:\/\/www.tablaosflamencos.com\/en#website"},"primaryImageOfPage":{"@id":"https:\/\/www.tablaosflamencos.com\/en\/andalusian-flamenco-club-circuit-seville-2026.html#primaryimage"},"image":{"@id":"https:\/\/www.tablaosflamencos.com\/en\/andalusian-flamenco-club-circuit-seville-2026.html#primaryimage"},"thumbnailUrl":"https:\/\/www.tablaosflamencos.com\/wp-content\/uploads\/circuito-andaluz-de-penas-en-sevilla-2026-calendario-artistas-y-recitales-gratuitos-01.webp","datePublished":"2026-09-05T12:14:08+00:00","dateModified":"2026-09-05T12:23:44+00:00","description":"See the 2026 Andalusian Flamenco Club Circuit calendar in Seville: artists, towns, flamenco clubs and free recitals.","breadcrumb":{"@id":"https:\/\/www.tablaosflamencos.com\/en\/andalusian-flamenco-club-circuit-seville-2026.html#breadcrumb"},"inLanguage":"en-US","potentialAction":[{"@type":"ReadAction","target":["https:\/\/www.tablaosflamencos.com\/en\/andalusian-flamenco-club-circuit-seville-2026.html"]}]},{"@type":"ImageObject","inLanguage":"en-US","@id":"https:\/\/www.tablaosflamencos.com\/en\/andalusian-flamenco-club-circuit-seville-2026.html#primaryimage","url":"https:\/\/www.tablaosflamencos.com\/wp-content\/uploads\/circuito-andaluz-de-penas-en-sevilla-2026-calendario-artistas-y-recitales-gratuitos-01.webp","contentUrl":"https:\/\/www.tablaosflamencos.com\/wp-content\/uploads\/circuito-andaluz-de-penas-en-sevilla-2026-calendario-artistas-y-recitales-gratuitos-01.webp","width":1536,"height":1024,"caption":"Circuito Andaluz de Pe\u00f1as en Sevilla 2026: calendario, artistas y recitales gratuitos"},{"@type":"BreadcrumbList","@id":"https:\/\/www.tablaosflamencos.com\/en\/andalusian-flamenco-club-circuit-seville-2026.html#breadcrumb","itemListElement":[{"@type":"ListItem","position":1,"name":"Home","item":"https:\/\/www.tablaosflamencos.com\/en"},{"@type":"ListItem","position":2,"name":"Andalusian Flamenco Club Circuit in Seville 2026: calendar, artists and free recitals"}]},{"@type":"WebSite","@id":"https:\/\/www.tablaosflamencos.com\/en#website","url":"https:\/\/www.tablaosflamencos.com\/en","name":"Tablaos Flamencos","description":"Entradas para tablaos flamencos de Espa\u00f1a","publisher":{"@id":"https:\/\/www.tablaosflamencos.com\/en#organization"},"alternateName":"Tablaos Flamencos","potentialAction":[{"@type":"SearchAction","target":{"@type":"EntryPoint","urlTemplate":"https:\/\/www.tablaosflamencos.com\/en?s={search_term_string}"},"query-input":{"@type":"PropertyValueSpecification","valueRequired":true,"valueName":"search_term_string"}}],"inLanguage":"en-US"},{"@type":["Organization","Place","EntertainmentBusiness"],"@id":"https:\/\/www.tablaosflamencos.com\/en#organization","name":"Tablaos Flamencos","alternateName":"Tablaos Flamencos","url":"https:\/\/www.tablaosflamencos.com\/en","logo":{"@id":"https:\/\/www.tablaosflamencos.com\/en\/andalusian-flamenco-club-circuit-seville-2026.html#local-main-organization-logo"},"image":{"@id":"https:\/\/www.tablaosflamencos.com\/en\/andalusian-flamenco-club-circuit-seville-2026.html#local-main-organization-logo"},"sameAs":["https:\/\/www.facebook.com\/tablaosflamencos","https:\/\/x.com\/tablaosflamenco","https:\/\/mastodon.social\/@tablaosflamencos","https:\/\/www.instagram.com\/tablaosflamencos","https:\/\/tiktok.com\/@tablaosflamencos","https:\/\/www.linkedin.com\/company\/109408238\/"],"description":"Venta de entradas para espect\u00e1culos flamencos","legalName":"Tablaos Flamencos","foundingDate":"2015-01-01","numberOfEmployees":{"@type":"QuantitativeValue","minValue":"1","maxValue":"10"},"address":{"@id":"https:\/\/www.tablaosflamencos.com\/en\/andalusian-flamenco-club-circuit-seville-2026.html#local-main-place-address"},"geo":{"@type":"GeoCoordinates","latitude":"37.3868072","longitude":"-5.993280299999999"},"telephone":["+34623787787"],"contactPoint":{"@type":"ContactPoint","telephone":"+34623787787","email":"info@tablaosflamencos.com"},"openingHoursSpecification":{"@type":"OpeningHoursSpecification","dayOfWeek":["Monday","Tuesday","Wednesday","Thursday","Friday","Saturday","Sunday"],"opens":"00:00","closes":"23:59"},"email":"info@tablaosflamencos.com","priceRange":"$$$","currenciesAccepted":"\u20ac"},{"@type":"Person","@id":"https:\/\/www.tablaosflamencos.com\/en#\/schema\/person\/e7a9ebe14eb75a52ceabfbffb3c54f5d","name":"Miguel Ortiz","description":"Miguel Ortiz es un empresario flamenco, con una s\u00f3lida trayectoria dentro del sector. Ha presidido entidades culturales vinculadas al flamenco y, cuenta con un amplio recorrido profesional en la gesti\u00f3n y promoci\u00f3n de espect\u00e1culos y tablaos flamencos. Su pasi\u00f3n por la historia y el arte flamenco se refleja en cada art\u00edculo, donde combina experiencia, criterio y un profundo respeto por la tradici\u00f3n.","sameAs":["https:\/\/www.tablaosflamencos.com","https:\/\/www.instagra.com\/miguelortizfe","https:\/\/www.linkedin.com\/in\/miguelortizf\/"],"birthDate":"1984-11-22","gender":"hombre","knowsLanguage":["espa\u00f1ol","ingl\u00e9s"],"jobTitle":"Empresario flamenco"},{"@type":"PostalAddress","@id":"https:\/\/www.tablaosflamencos.com\/en\/andalusian-flamenco-club-circuit-seville-2026.html#local-main-place-address","streetAddress":"C\/ Alemanes, 19","addressLocality":"Sevilla","postalCode":"41004","addressRegion":"Sevilla","addressCountry":"ES"},{"@type":"ImageObject","inLanguage":"en-US","@id":"https:\/\/www.tablaosflamencos.com\/en\/andalusian-flamenco-club-circuit-seville-2026.html#local-main-organization-logo","url":"https:\/\/www.tablaosflamencos.com\/wp-content\/uploads\/tablaos-flamencos-06-3.webp","contentUrl":"https:\/\/www.tablaosflamencos.com\/wp-content\/uploads\/tablaos-flamencos-06-3.webp","width":600,"height":620,"caption":"Tablaos Flamencos"}]},"geo.placename":"Sevilla","geo.position":{"lat":"37.3868072","long":"-5.993280299999999"},"geo.region":"Spain"},"_links":{"self":[{"href":"https:\/\/www.tablaosflamencos.com\/en\/wp-json\/wp\/v2\/posts\/14833","targetHints":{"allow":["GET"]}}],"collection":[{"href":"https:\/\/www.tablaosflamencos.com\/en\/wp-json\/wp\/v2\/posts"}],"about":[{"href":"https:\/\/www.tablaosflamencos.com\/en\/wp-json\/wp\/v2\/types\/post"}],"author":[{"embeddable":true,"href":"https:\/\/www.tablaosflamencos.com\/en\/wp-json\/wp\/v2\/users\/1"}],"replies":[{"embeddable":true,"href":"https:\/\/www.tablaosflamencos.com\/en\/wp-json\/wp\/v2\/comments?post=14833"}],"version-history":[{"count":1,"href":"https:\/\/www.tablaosflamencos.com\/en\/wp-json\/wp\/v2\/posts\/14833\/revisions"}],"predecessor-version":[{"id":14846,"href":"https:\/\/www.tablaosflamencos.com\/en\/wp-json\/wp\/v2\/posts\/14833\/revisions\/14846"}],"wp:featuredmedia":[{"embeddable":true,"href":"https:\/\/www.tablaosflamencos.com\/en\/wp-json\/wp\/v2\/media\/14729"}],"wp:attachment":[{"href":"https:\/\/www.tablaosflamencos.com\/en\/wp-json\/wp\/v2\/media?parent=14833"}],"wp:term":[{"taxonomy":"category","embeddable":true,"href":"https:\/\/www.tablaosflamencos.com\/en\/wp-json\/wp\/v2\/categories?post=14833"},{"taxonomy":"post_tag","embeddable":true,"href":"https:\/\/www.tablaosflamencos.com\/en\/wp-json\/wp\/v2\/tags?post=14833"}],"curies":[{"name":"wp","href":"https:\/\/api.w.org\/{rel}","templated":true}]}}