{"id":14825,"date":"2026-09-05T14:03:11","date_gmt":"2026-09-05T12:03:11","guid":{"rendered":"https:\/\/www.tablaosflamencos.com\/?p=14825"},"modified":"2026-09-05T14:31:04","modified_gmt":"2026-09-05T12:31:04","slug":"where-to-see-flamenco-jerez-during-jerez-fusion","status":"publish","type":"post","link":"https:\/\/www.tablaosflamencos.com\/en\/where-to-see-flamenco-jerez-during-jerez-fusion.html","title":{"rendered":"Where to see flamenco in Jerez during Jerez Fusi\u00f3n"},"content":{"rendered":"<section class=\"l-section wpb_row height_huge\"><div class=\"l-section-h i-cf\"><div class=\"g-cols vc_row via_flex valign_top type_default stacking_default\"><div class=\"vc_col-sm-6 wpb_column vc_column_container\"><div class=\"vc_column-inner\"><div class=\"wpb_wrapper\"><div class=\"wpb_text_column\"><div class=\"wpb_wrapper\"><h2><strong>Flamenco in Jerez<\/strong><\/h2>\n<p><strong>Seeing flamenco in Jerez during Jerez Fusi\u00f3n<\/strong> lets you combine two ways of experiencing the city: the festival concerts and a session of flamenco singing, guitar and dance in a tablao. The best choice depends on what you want to hear, how much time you have and which tickets are available each day.<\/p>\n<p>If you are travelling from <strong>10 to 13 September 2026<\/strong>, start by choosing the festival activity that interests you most, then set aside time to experience flamenco in a more intimate format. This guide will help you decide where to go and how to organise both experiences.<\/p>\n<\/div><\/div><\/div><\/div><\/div><div class=\"vc_col-sm-6 wpb_column vc_column_container\"><div class=\"vc_column-inner\"><div class=\"wpb_wrapper\"><div class=\"w-image us_custom_83db15f5 has_aspect_ratio align_center\"><div class=\"w-image-h\"><img fetchpriority=\"high\" decoding=\"async\" width=\"1024\" height=\"768\" src=\"https:\/\/www.tablaosflamencos.com\/wp-content\/uploads\/donde-ver-flamenco-en-jerez-durante-jerez-fusion-01-1-1024x768.webp\" class=\"attachment-large size-large\" alt=\"D\u00f3nde ver flamenco en Jerez durante Jerez Fusi\u00f3n\" loading=\"eager\" srcset=\"https:\/\/www.tablaosflamencos.com\/wp-content\/uploads\/donde-ver-flamenco-en-jerez-durante-jerez-fusion-01-1-1024x768.webp 1024w, https:\/\/www.tablaosflamencos.com\/wp-content\/uploads\/donde-ver-flamenco-en-jerez-durante-jerez-fusion-01-1-300x225.webp 300w, https:\/\/www.tablaosflamencos.com\/wp-content\/uploads\/donde-ver-flamenco-en-jerez-durante-jerez-fusion-01-1-600x450.webp 600w, https:\/\/www.tablaosflamencos.com\/wp-content\/uploads\/donde-ver-flamenco-en-jerez-durante-jerez-fusion-01-1-150x113.webp 150w, https:\/\/www.tablaosflamencos.com\/wp-content\/uploads\/donde-ver-flamenco-en-jerez-durante-jerez-fusion-01-1.webp 1448w\" sizes=\"auto, (max-width: 1024px) 100vw, 1024px\" \/><\/div><\/div><\/div><\/div><\/div><\/div><\/div><\/section><section class=\"l-section wpb_row height_huge color_alternate with_shape\"><div class=\"l-section-shape type_zigzag pos_top\" style=\"height:3vmin;\"><svg xmlns=\"http:\/\/www.w3.org\/2000\/svg\" viewBox=\"0 0 64 8\" preserveAspectRatio=\"none\" width=\"100%\" height=\"100%\">\r\n\t<path fill=\"currentColor\" d=\"M64 8 L0 8 L0 0 L20 7.9 L40 3 L48 5 L64 0 Z\"\/>\r\n<\/svg><\/div><div class=\"l-section-shape type_zigzag pos_bottom\" style=\"height:3vmin;\"><svg xmlns=\"http:\/\/www.w3.org\/2000\/svg\" viewBox=\"0 0 64 8\" preserveAspectRatio=\"none\" width=\"100%\" height=\"100%\">\r\n\t<path fill=\"currentColor\" d=\"M64 8 L0 8 L0 0 L20 7.9 L40 3 L48 5 L64 0 Z\"\/>\r\n<\/svg><\/div><div class=\"l-section-h i-cf\"><div class=\"g-cols vc_row via_flex valign_top type_default stacking_default\"><div class=\"vc_col-sm-12 wpb_column vc_column_container\"><div class=\"vc_column-inner\"><div class=\"wpb_wrapper\"><div class=\"wpb_text_column\"><div class=\"wpb_wrapper\"><h2>Quick answer: where to see flamenco during the festival<\/h2>\n<p>To follow Jerez Fusi\u00f3n, check the venues and performances in its <a href=\"https:\/\/www.jerezfusion.com\/\">official programme<\/a>. If you are looking for a tablao show that you can book separately, you can choose <a href=\"https:\/\/www.tablaosflamencos.com\/tablao\/tablao-flamenco-puro-arte\">Tablao Flamenco Puro Arte<\/a>. You can also check our page on <a href=\"https:\/\/www.tablaosflamencos.com\/flamenco-en-jerez\">flamenco in Jerez<\/a> to see the available options.<\/p>\n<p><strong>A tablao booking is separate from the festival.<\/strong> Check the date, time and inclusions of each activity before finalising your plan.<\/p>\n<\/div><\/div><\/div><\/div><\/div><\/div><\/div><\/section><section class=\"l-section wpb_row height_huge\"><div class=\"l-section-h i-cf\"><div class=\"g-cols vc_row via_flex valign_top type_default stacking_default\"><div class=\"vc_col-sm-3 wpb_column vc_column_container\"><div class=\"vc_column-inner\"><div class=\"wpb_wrapper\"><\/div><\/div><\/div><div class=\"vc_col-sm-6 wpb_column vc_column_container\"><div class=\"vc_column-inner\"><div class=\"wpb_wrapper\"><div class=\"wpb_text_column\"><div class=\"wpb_wrapper\"><h2>In this guide<\/h2>\n<ul>\n<li><a href=\"#festival\">Jerez Fusi\u00f3n venues<\/a><\/li>\n<li><a href=\"#puro-arte\">Puro Arte: a tablao option<\/a><\/li>\n<li><a href=\"#elegir\">Which format to choose<\/a><\/li>\n<li><a href=\"#plan\">How to plan your day<\/a><\/li>\n<li><a href=\"#reservar\">Tickets and booking<\/a><\/li>\n<li><a href=\"#preguntas\">Frequently asked questions<\/a><\/li>\n<\/ul>\n<\/div><\/div><\/div><\/div><\/div><div class=\"vc_col-sm-3 wpb_column vc_column_container\"><div class=\"vc_column-inner\"><div class=\"wpb_wrapper\"><\/div><\/div><\/div><\/div><\/div><\/section><section class=\"l-section wpb_row height_huge color_alternate with_shape\"><div class=\"l-section-shape type_zigzag pos_top\" style=\"height:3vmin;\"><svg xmlns=\"http:\/\/www.w3.org\/2000\/svg\" viewBox=\"0 0 64 8\" preserveAspectRatio=\"none\" width=\"100%\" height=\"100%\">\r\n\t<path fill=\"currentColor\" d=\"M64 8 L0 8 L0 0 L20 7.9 L40 3 L48 5 L64 0 Z\"\/>\r\n<\/svg><\/div><div class=\"l-section-shape type_zigzag pos_bottom\" style=\"height:3vmin;\"><svg xmlns=\"http:\/\/www.w3.org\/2000\/svg\" viewBox=\"0 0 64 8\" preserveAspectRatio=\"none\" width=\"100%\" height=\"100%\">\r\n\t<path fill=\"currentColor\" d=\"M64 8 L0 8 L0 0 L20 7.9 L40 3 L48 5 L64 0 Z\"\/>\r\n<\/svg><\/div><div class=\"l-section-h i-cf\"><div class=\"g-cols vc_row via_flex valign_top type_default stacking_default\"><div class=\"vc_col-sm-12 wpb_column vc_column_container\"><div class=\"vc_column-inner\"><div class=\"wpb_wrapper\"><div class=\"wpb_text_column\"><div class=\"wpb_wrapper\"><h2 id=\"festival\">Jerez Fusi\u00f3n venues: choose by performance<\/h2>\n<p>Jerez Fusi\u00f3n brings flamenco together with other musical languages and the culture of wine. The programme is spread across different venues, so the most practical approach is to choose a performance first and then locate its venue. Always check the exact venue shown on your ticket: the festival name does not refer to a single address.<\/p>\n<p>The <a href=\"https:\/\/www.jerez.es\/eventos\/detalle\/jerez-fusion-flamenco-global-experience\">Jerez City Council<\/a> dates the event from 10 to 13 September and announces Alameda Vieja as the venue for the closing concert, featuring a tribute to Antonio de los R\u00edos, \u201cEl Madriles\u201d, and the participation of Raimundo Amador. For times, access information and possible changes, use the details published by the organisers for each concert.<\/p>\n<p>Choose this part of the trip if you would like to discover musical crossovers or follow an artist on the line-up. Before buying, also check the format: a fusion concert can offer a different experience from a traditional flamenco ensemble of singing, guitar and dance.<\/p>\n<\/div><\/div><\/div><\/div><\/div><\/div><\/div><\/section><section class=\"l-section wpb_row height_huge\"><div class=\"l-section-h i-cf\"><div class=\"g-cols vc_row via_flex valign_top type_default stacking_default\"><div class=\"vc_col-sm-6 wpb_column vc_column_container\"><div class=\"vc_column-inner\"><div class=\"wpb_wrapper\"><div class=\"wpb_text_column\"><div class=\"wpb_wrapper\"><h2 id=\"puro-arte\">Tablao Flamenco Puro Arte: singing, guitar and dance<\/h2>\n<p>To add a tablao session to your stay, <strong>Puro Arte<\/strong> is the bookable option you can check on our website. It is at <strong>10 Calle Madre de Dios<\/strong>, in Jerez de la Frontera, and offers a show with flamenco singing, guitar and dance.<\/p>\n<p>The venue page gives an approximate duration of <strong>60\u201370 minutes<\/strong>, a cast of five artists and options with a drink or a tapas menu. Check the options for your chosen session, especially if you want to include food: that part of the plan requires additional time.<\/p>\n<p><a href=\"https:\/\/www.tablaosflamencos.com\/tablao\/tablao-flamenco-puro-arte\">See Puro Arte&#8217;s page and tickets<\/a> to check availability. We present this visit as a separate plan for your stay in Jerez, not as an activity included in Jerez Fusi\u00f3n.<\/p>\n<\/div><\/div><\/div><\/div><\/div><div class=\"vc_col-sm-6 wpb_column vc_column_container\"><div class=\"vc_column-inner\"><div class=\"wpb_wrapper\"><div class=\"w-image align_center\"><div class=\"w-image-h\"><img decoding=\"async\" width=\"1024\" height=\"684\" src=\"https:\/\/www.tablaosflamencos.com\/wp-content\/uploads\/tablao-flamenco-puro-arte-02-1024x684.webp\" class=\"attachment-large size-large\" alt=\"Tablao Flamenco Jerez | Tablao Puro Arte\" loading=\"eager\" srcset=\"https:\/\/www.tablaosflamencos.com\/wp-content\/uploads\/tablao-flamenco-puro-arte-02-1024x684.webp 1024w, https:\/\/www.tablaosflamencos.com\/wp-content\/uploads\/tablao-flamenco-puro-arte-02-300x200.webp 300w, https:\/\/www.tablaosflamencos.com\/wp-content\/uploads\/tablao-flamenco-puro-arte-02-600x401.webp 600w, https:\/\/www.tablaosflamencos.com\/wp-content\/uploads\/tablao-flamenco-puro-arte-02-150x100.webp 150w, https:\/\/www.tablaosflamencos.com\/wp-content\/uploads\/tablao-flamenco-puro-arte-02.webp 1360w\" sizes=\"auto, (max-width: 1024px) 100vw, 1024px\" \/><\/div><\/div><\/div><\/div><\/div><\/div><\/div><\/section><section class=\"l-section wpb_row height_huge color_alternate with_shape\"><div class=\"l-section-shape type_zigzag pos_top\" style=\"height:3vmin;\"><svg xmlns=\"http:\/\/www.w3.org\/2000\/svg\" viewBox=\"0 0 64 8\" preserveAspectRatio=\"none\" width=\"100%\" height=\"100%\">\r\n\t<path fill=\"currentColor\" d=\"M64 8 L0 8 L0 0 L20 7.9 L40 3 L48 5 L64 0 Z\"\/>\r\n<\/svg><\/div><div class=\"l-section-shape type_zigzag pos_bottom\" style=\"height:3vmin;\"><svg xmlns=\"http:\/\/www.w3.org\/2000\/svg\" viewBox=\"0 0 64 8\" preserveAspectRatio=\"none\" width=\"100%\" height=\"100%\">\r\n\t<path fill=\"currentColor\" d=\"M64 8 L0 8 L0 0 L20 7.9 L40 3 L48 5 L64 0 Z\"\/>\r\n<\/svg><\/div><div class=\"l-section-h i-cf\"><div class=\"g-cols vc_row via_flex valign_top type_default stacking_default\"><div class=\"vc_col-sm-12 wpb_column vc_column_container\"><div class=\"vc_column-inner\"><div class=\"wpb_wrapper\"><div class=\"wpb_text_column\"><div class=\"wpb_wrapper\"><h2 id=\"elegir\">Festival, tablao or local listings: which suits you best<\/h2>\n<h3>To follow an artist or discover musical fusions<\/h3>\n<p>Start with the festival line-up. Listen to a sample of the project that interests you and check what the concert proposes. That way you choose according to your musical taste, rather than simply because an activity happens to fit a free slot.<\/p>\n<h3>For a first experience of flamenco singing, guitar and dance<\/h3>\n<p>A tablao makes it easy to organise a visit around a defined show. It is a good choice if you want to spend time observing how voice, guitar and dance work together. Check what the performance advertises: not every flamenco show has the same cast or gives each discipline the same prominence.<\/p>\n<h3>To extend the plan with pe\u00f1as and tabancos<\/h3>\n<p>If you want to add something from the local programme, look for a recital announced for your dates and check its access conditions. Do not assume that every tabanco will have a performance when you arrive or that a pe\u00f1a holds concerts every day. A place with a flamenco atmosphere and a scheduled show are two different propositions; it helps to know which one you are looking for.<\/p>\n<\/div><\/div><\/div><\/div><\/div><\/div><\/div><\/section><section class=\"l-section wpb_row height_huge\"><div class=\"l-section-h i-cf\"><div class=\"g-cols vc_row via_flex valign_top type_default stacking_default\"><div class=\"vc_col-sm-12 wpb_column vc_column_container\"><div class=\"vc_column-inner\"><div class=\"wpb_wrapper\"><div class=\"wpb_text_column\"><div class=\"wpb_wrapper\"><h2 id=\"plan\">How to combine Jerez Fusi\u00f3n and a tablao on the same trip<\/h2>\n<p>Organise your stay around the activity with the fewest alternative dates. If your main reason for travelling is a particular concert, note its time and location first. Then look for a tablao session that fits without making the transfers too tight.<\/p>\n<h3>If you only have one night<\/h3>\n<p>Choose one performance as your main plan. Adding another only makes sense when you can confirm the duration, the time you will leave the first venue and how long it will take to reach the next one. If the timings are too close together, enjoying a single experience at an unhurried pace is usually the better choice.<\/p>\n<h3>If you are staying for a weekend<\/h3>\n<p>Dedicate one day to the festival and another to the tablao. Keeping them separate lets you enjoy each format without constantly watching the time for your next ticket. During the day, leave room for a walk, a meal or a rest; there is no need to fill every gap between performances.<\/p>\n<h3>If you want to include dinner<\/h3>\n<p>Check when it is served and how much time you need. Do not plan the evening based only on the duration of the show. If you prefer to dine elsewhere, book your table allowing time for the show to end and for the journey.<\/p>\n<\/div><\/div><\/div><\/div><\/div><\/div><\/div><\/section><section class=\"l-section wpb_row height_huge color_alternate with_shape\"><div class=\"l-section-shape type_zigzag pos_top\" style=\"height:3vmin;\"><svg xmlns=\"http:\/\/www.w3.org\/2000\/svg\" viewBox=\"0 0 64 8\" preserveAspectRatio=\"none\" width=\"100%\" height=\"100%\">\r\n\t<path fill=\"currentColor\" d=\"M64 8 L0 8 L0 0 L20 7.9 L40 3 L48 5 L64 0 Z\"\/>\r\n<\/svg><\/div><div class=\"l-section-shape type_zigzag pos_bottom\" style=\"height:3vmin;\"><svg xmlns=\"http:\/\/www.w3.org\/2000\/svg\" viewBox=\"0 0 64 8\" preserveAspectRatio=\"none\" width=\"100%\" height=\"100%\">\r\n\t<path fill=\"currentColor\" d=\"M64 8 L0 8 L0 0 L20 7.9 L40 3 L48 5 L64 0 Z\"\/>\r\n<\/svg><\/div><div class=\"l-section-h i-cf\"><div class=\"g-cols vc_row via_flex valign_top type_default stacking_default\"><div class=\"vc_col-sm-12 wpb_column vc_column_container\"><div class=\"vc_column-inner\"><div class=\"wpb_wrapper\"><div class=\"wpb_text_column\"><div class=\"wpb_wrapper\"><h2 id=\"reservar\">What to check when booking flamenco in Jerez<\/h2>\n<p>For the festival, open the information for each activity on its official website. For the tablao, use the Puro Arte page on Tablaos Flamencos. Every booking should clearly state what you are buying and for which date.<\/p>\n<ul>\n<li><strong>Day and time:<\/strong> check that they match your stay and do not clash with another ticket.<\/li>\n<li><strong>Location:<\/strong> save the address of the exact venue and allow for travel time from your previous activity.<\/li>\n<li><strong>Option:<\/strong> check whether it includes only the show, a drink or food.<\/li>\n<li><strong>Total price:<\/strong> check the price for everyone attending and the conditions for changes or cancellations.<\/li>\n<li><strong>Group requirements:<\/strong> check any child policies, accessibility requirements or dietary options you may need.<\/li>\n<\/ul>\n<p>Do not consider your place confirmed until you have completed the purchase and received the corresponding confirmation. If you cannot find availability, try another session or reorganise the day before booking the remaining activities.<\/p>\n<\/div><\/div><\/div><\/div><\/div><\/div><\/div><\/section><section class=\"l-section wpb_row height_huge\"><div class=\"l-section-h i-cf\"><div class=\"g-cols vc_row via_flex valign_top type_default stacking_default\"><div class=\"vc_col-sm-12 wpb_column vc_column_container\"><div class=\"vc_column-inner\"><div class=\"wpb_wrapper\"><div class=\"wpb_text_column\"><div class=\"wpb_wrapper\"><h2>Tips for enjoying the live performance<\/h2>\n<p>Arrive with the advance time indicated on your booking and keep your ticket somewhere easy to show. For Puro Arte, the venue page recommends arriving 15 to 20 minutes early. This gives you time to settle in and begin the experience without rushing.<\/p>\n<p>During the performance, save conversations for afterwards and follow the venue&#8217;s rules on photography and recording. Listening is also part of the experience: changes in intensity and the details of the accompaniment are easier to appreciate when you can give them your full attention.<\/p>\n<p>If you are travelling in a group, agree beforehand how you will return to your accommodation. Sorting out that part of the evening in advance avoids having to organise it on your phone while the show is still taking place.<\/p>\n<\/div><\/div><\/div><\/div><\/div><\/div><\/div><\/section><section class=\"l-section wpb_row height_huge color_alternate with_shape\"><div class=\"l-section-shape type_zigzag pos_top\" style=\"height:3vmin;\"><svg xmlns=\"http:\/\/www.w3.org\/2000\/svg\" viewBox=\"0 0 64 8\" preserveAspectRatio=\"none\" width=\"100%\" height=\"100%\">\r\n\t<path fill=\"currentColor\" d=\"M64 8 L0 8 L0 0 L20 7.9 L40 3 L48 5 L64 0 Z\"\/>\r\n<\/svg><\/div><div class=\"l-section-shape type_zigzag pos_bottom\" style=\"height:3vmin;\"><svg xmlns=\"http:\/\/www.w3.org\/2000\/svg\" viewBox=\"0 0 64 8\" preserveAspectRatio=\"none\" width=\"100%\" height=\"100%\">\r\n\t<path fill=\"currentColor\" d=\"M64 8 L0 8 L0 0 L20 7.9 L40 3 L48 5 L64 0 Z\"\/>\r\n<\/svg><\/div><div class=\"l-section-h i-cf\"><div class=\"g-cols vc_row via_flex valign_top type_default stacking_default\"><div class=\"vc_col-sm-1\/5 wpb_column vc_column_container\"><div class=\"vc_column-inner\"><div class=\"wpb_wrapper\"><\/div><\/div><\/div><div class=\"vc_col-sm-3\/5 wpb_column vc_column_container\"><div class=\"vc_column-inner\"><div class=\"wpb_wrapper\"><div class=\"wpb_text_column\"><div class=\"wpb_wrapper\"><h2 id=\"preguntas\">Frequently asked questions<\/h2>\n<\/div><\/div><div class=\"w-separator size_medium\"><\/div><div class=\"w-tabs accordion type_togglable toggle_style_1 has_scrolling\" style=\"--sections-title-size:inherit;--sections-gap:0.5rem;\"><div class=\"w-tabs-sections titles-align_none icon_chevron cpos_right\"><div class=\"w-tabs-section\" id=\"jerez-fusion-faq-1\"><button type=\"button\" class=\"w-tabs-section-header\" aria-controls=\"content-jerez-fusion-faq-1\" aria-expanded=\"false\"><h3 class=\"w-tabs-section-title\">When is Jerez Fusi\u00f3n 2026 held?<\/h3><div class=\"w-tabs-section-control\"><\/div><\/button><div  class=\"w-tabs-section-content\" id=\"content-jerez-fusion-faq-1\"><div class=\"w-tabs-section-content-h i-cf\"><div class=\"wpb_text_column\"><div class=\"wpb_wrapper\"><p>Jerez Fusi\u00f3n takes place from 10 to 13 September 2026 in Jerez de la Frontera. Check the official programme for the time and venue of each activity.<\/p>\n<\/div><\/div><\/div><\/div><\/div><div class=\"w-tabs-section\" id=\"jerez-fusion-faq-2\"><button type=\"button\" class=\"w-tabs-section-header\" aria-controls=\"content-jerez-fusion-faq-2\" aria-expanded=\"false\"><h3 class=\"w-tabs-section-title\">Where can I book a tablao during my stay?<\/h3><div class=\"w-tabs-section-control\"><\/div><\/button><div  class=\"w-tabs-section-content\" id=\"content-jerez-fusion-faq-2\"><div class=\"w-tabs-section-content-h i-cf\"><div class=\"wpb_text_column\"><div class=\"wpb_wrapper\"><p>You can check availability for Tablao Flamenco Puro Arte on Tablaos Flamencos. The venue is at 10 Calle Madre de Dios in Jerez de la Frontera.<\/p>\n<\/div><\/div><\/div><\/div><\/div><div class=\"w-tabs-section\" id=\"jerez-fusion-faq-3\"><button type=\"button\" class=\"w-tabs-section-header\" aria-controls=\"content-jerez-fusion-faq-3\" aria-expanded=\"false\"><h3 class=\"w-tabs-section-title\">Is the Puro Arte ticket included in Jerez Fusi\u00f3n?<\/h3><div class=\"w-tabs-section-control\"><\/div><\/button><div  class=\"w-tabs-section-content\" id=\"content-jerez-fusion-faq-3\"><div class=\"w-tabs-section-content-h i-cf\"><div class=\"wpb_text_column\"><div class=\"wpb_wrapper\"><p>The Puro Arte booking we recommend in this guide is separate from the festival. Check what each ticket includes and organise the two purchases separately.<\/p>\n<\/div><\/div><\/div><\/div><\/div><div class=\"w-tabs-section\" id=\"jerez-fusion-faq-4\"><button type=\"button\" class=\"w-tabs-section-header\" aria-controls=\"content-jerez-fusion-faq-4\" aria-expanded=\"false\"><h3 class=\"w-tabs-section-title\">Can I go to the festival and a tablao on the same day?<\/h3><div class=\"w-tabs-section-control\"><\/div><\/button><div  class=\"w-tabs-section-content\" id=\"content-jerez-fusion-faq-4\"><div class=\"w-tabs-section-content-h i-cf\"><div class=\"wpb_text_column\"><div class=\"wpb_wrapper\"><p>Yes, if the available times allow it. Leave enough time for the performances, exits, transfers and food. If the plan becomes too tight, choose different days.<\/p>\n<\/div><\/div><\/div><\/div><\/div><div class=\"w-tabs-section\" id=\"jerez-fusion-faq-5\"><button type=\"button\" class=\"w-tabs-section-header\" aria-controls=\"content-jerez-fusion-faq-5\" aria-expanded=\"false\"><h3 class=\"w-tabs-section-title\">Do I have to have dinner to see the show at Puro Arte?<\/h3><div class=\"w-tabs-section-control\"><\/div><\/button><div  class=\"w-tabs-section-content\" id=\"content-jerez-fusion-faq-5\"><div class=\"w-tabs-section-content-h i-cf\"><div class=\"wpb_text_column\"><div class=\"wpb_wrapper\"><p>The venue page offers options with a drink and options with a tapas menu. Check which options are available for the session you want to book.<\/p>\n<\/div><\/div><\/div><\/div><\/div><div class=\"w-tabs-section\" id=\"jerez-fusion-faq-6\"><button type=\"button\" class=\"w-tabs-section-header\" aria-controls=\"content-jerez-fusion-faq-6\" aria-expanded=\"false\"><h3 class=\"w-tabs-section-title\">Is there flamenco in every tabanco every day?<\/h3><div class=\"w-tabs-section-control\"><\/div><\/button><div  class=\"w-tabs-section-content\" id=\"content-jerez-fusion-faq-6\"><div class=\"w-tabs-section-content-h i-cf\"><div class=\"wpb_text_column\"><div class=\"wpb_wrapper\"><p>Do not assume so. Check that the venue has announced a performance for your date and review the time and access conditions before going there.<\/p>\n<\/div><\/div><\/div><\/div><\/div><\/div><\/div><\/div><\/div><\/div><div class=\"vc_col-sm-1\/5 wpb_column vc_column_container\"><div class=\"vc_column-inner\"><div class=\"wpb_wrapper\"><\/div><\/div><\/div><\/div><\/div><\/section><section class=\"l-section wpb_row height_huge\"><div class=\"l-section-h i-cf\"><div class=\"g-cols vc_row via_flex valign_top type_default stacking_default\"><div class=\"vc_col-sm-12 wpb_column vc_column_container\"><div class=\"vc_column-inner\"><div class=\"wpb_wrapper\"><div class=\"wpb_text_column\"><div class=\"wpb_wrapper\"><h2>Plan your flamenco night in Jerez<\/h2>\n<p>Choose your Jerez Fusi\u00f3n concert and check a tablao session that fits your trip. You can start with our <a href=\"https:\/\/www.tablaosflamencos.com\/flamenco-en-jerez\">selection of flamenco in Jerez<\/a> or go directly to the Puro Arte options.<\/p>\n<\/div><\/div><div class=\"w-separator size_medium\"><\/div><div class=\"w-hwrapper valign_top align_center\" style=\"--hwrapper-gap:1.2rem\"><div class=\"w-btn-wrapper align_none\"><a class=\"w-btn us-btn-style_1\" href=\"https:\/\/www.tablaosflamencos.com\/en\/tablao\/tablao-flamenco-puro-arte\"><span class=\"w-btn-label\">Check Puro Arte availability<\/span><\/a><\/div><\/div><\/div><\/div><\/div><\/div><\/div><\/section>\n","protected":false},"excerpt":{"rendered":"Flamenco in Jerez Seeing flamenco in Jerez during Jerez Fusi\u00f3n lets you combine two ways of experiencing the city: the festival concerts and a session of flamenco singing, guitar and dance in a tablao. The best choice depends on what you want to hear, how much time you have and which tickets are available each...","protected":false},"author":1,"featured_media":14752,"comment_status":"closed","ping_status":"closed","sticky":false,"template":"","format":"standard","meta":{"_acf_changed":false,"wpai_generated_summary":"","_ayudawp_aiss_exclude":false,"_ayudawp_aiss_exclude_summary":false,"_ayudawp_aiss_summary":"","_ayudawp_aiss_summary_provider":"","_ayudawp_aiss_summary_hash":"","footnotes":""},"categories":[353,1667],"tags":[2011,2012,2013,2035],"class_list":["post-14825","post","type-post","status-publish","format-standard","has-post-thumbnail","hentry","category-flamenco-by-city","category-flamenco-festivals","tag-flamenco-in-jerez","tag-jerez-fusion-en","tag-jerez-fusion-2026-en","tag-where-to-see-flamenco-in-jerez"],"acf":[],"yoast_head":"<!-- This site is optimized with the Yoast SEO Premium plugin v28.4 (Yoast SEO v28.4) - https:\/\/yoast.com\/product\/yoast-seo-premium-wordpress\/ -->\n<title>Where to see flamenco in Jerez during Jerez Fusi\u00f3n 2026<\/title>\n<meta name=\"description\" content=\"Discover where to see flamenco in Jerez during Jerez Fusi\u00f3n 2026: festival concerts, Puro Arte and tips to combine plans and book tickets.\" \/>\n<meta name=\"robots\" content=\"index, follow, max-snippet:-1, max-image-preview:large, max-video-preview:-1\" \/>\n<link rel=\"canonical\" href=\"https:\/\/www.tablaosflamencos.com\/en\/where-to-see-flamenco-jerez-during-jerez-fusion.html\" \/>\n<meta property=\"og:locale\" content=\"en_US\" \/>\n<meta property=\"og:type\" content=\"article\" \/>\n<meta property=\"og:title\" content=\"Where to see flamenco in Jerez during Jerez Fusi\u00f3n\" \/>\n<meta property=\"og:description\" content=\"Discover where to see flamenco in Jerez during Jerez Fusi\u00f3n 2026: festival concerts, Puro Arte and tips to combine plans and book tickets.\" \/>\n<meta property=\"og:url\" content=\"https:\/\/www.tablaosflamencos.com\/en\/where-to-see-flamenco-jerez-during-jerez-fusion.html\" \/>\n<meta property=\"og:site_name\" content=\"Tablaos Flamencos\" \/>\n<meta property=\"article:publisher\" content=\"https:\/\/www.facebook.com\/tablaosflamencos\" \/>\n<meta property=\"article:published_time\" content=\"2026-09-05T12:03:11+00:00\" \/>\n<meta property=\"article:modified_time\" content=\"2026-09-05T12:31:04+00:00\" \/>\n<meta property=\"og:image\" content=\"https:\/\/www.tablaosflamencos.com\/wp-content\/uploads\/donde-ver-flamenco-en-jerez-durante-jerez-fusion-01.webp\" \/>\n\t<meta property=\"og:image:width\" content=\"1536\" \/>\n\t<meta property=\"og:image:height\" content=\"1024\" \/>\n\t<meta property=\"og:image:type\" content=\"image\/webp\" \/>\n<meta name=\"author\" content=\"Miguel Ortiz\" \/>\n<meta name=\"twitter:card\" content=\"summary_large_image\" \/>\n<meta name=\"twitter:creator\" content=\"@tablaosflamenco\" \/>\n<meta name=\"twitter:site\" content=\"@tablaosflamenco\" \/>\n<meta name=\"twitter:label1\" content=\"Written by\" \/>\n\t<meta name=\"twitter:data1\" content=\"Miguel Ortiz\" \/>\n\t<meta name=\"twitter:label2\" content=\"Est. reading time\" \/>\n\t<meta name=\"twitter:data2\" content=\"10 minutes\" \/>\n<script type=\"application\/ld+json\" class=\"yoast-schema-graph\">{\"@context\":\"https:\\\/\\\/schema.org\",\"@graph\":[{\"@type\":\"Article\",\"@id\":\"https:\\\/\\\/www.tablaosflamencos.com\\\/en\\\/where-to-see-flamenco-jerez-during-jerez-fusion.html#article\",\"isPartOf\":{\"@id\":\"https:\\\/\\\/www.tablaosflamencos.com\\\/en\\\/where-to-see-flamenco-jerez-during-jerez-fusion.html\"},\"author\":{\"name\":\"Miguel Ortiz\",\"@id\":\"https:\\\/\\\/www.tablaosflamencos.com\\\/en#\\\/schema\\\/person\\\/e7a9ebe14eb75a52ceabfbffb3c54f5d\"},\"headline\":\"Where to see flamenco in Jerez during Jerez Fusi\u00f3n\",\"datePublished\":\"2026-09-05T12:03:11+00:00\",\"dateModified\":\"2026-09-05T12:31:04+00:00\",\"mainEntityOfPage\":{\"@id\":\"https:\\\/\\\/www.tablaosflamencos.com\\\/en\\\/where-to-see-flamenco-jerez-during-jerez-fusion.html\"},\"wordCount\":1965,\"publisher\":{\"@id\":\"https:\\\/\\\/www.tablaosflamencos.com\\\/en#organization\"},\"image\":{\"@id\":\"https:\\\/\\\/www.tablaosflamencos.com\\\/en\\\/where-to-see-flamenco-jerez-during-jerez-fusion.html#primaryimage\"},\"thumbnailUrl\":\"https:\\\/\\\/www.tablaosflamencos.com\\\/wp-content\\\/uploads\\\/donde-ver-flamenco-en-jerez-durante-jerez-fusion-01.webp\",\"keywords\":[\"flamenco in Jerez\",\"Jerez Fusi\u00f3n\",\"Jerez Fusi\u00f3n 2026\",\"where to see flamenco in Jerez\"],\"articleSection\":[\"Flamenco by city\",\"Flamenco festivals\"],\"inLanguage\":\"en-US\"},{\"@type\":\"WebPage\",\"@id\":\"https:\\\/\\\/www.tablaosflamencos.com\\\/en\\\/where-to-see-flamenco-jerez-during-jerez-fusion.html\",\"url\":\"https:\\\/\\\/www.tablaosflamencos.com\\\/en\\\/where-to-see-flamenco-jerez-during-jerez-fusion.html\",\"name\":\"Where to see flamenco in Jerez during Jerez Fusi\u00f3n 2026\",\"isPartOf\":{\"@id\":\"https:\\\/\\\/www.tablaosflamencos.com\\\/en#website\"},\"primaryImageOfPage\":{\"@id\":\"https:\\\/\\\/www.tablaosflamencos.com\\\/en\\\/where-to-see-flamenco-jerez-during-jerez-fusion.html#primaryimage\"},\"image\":{\"@id\":\"https:\\\/\\\/www.tablaosflamencos.com\\\/en\\\/where-to-see-flamenco-jerez-during-jerez-fusion.html#primaryimage\"},\"thumbnailUrl\":\"https:\\\/\\\/www.tablaosflamencos.com\\\/wp-content\\\/uploads\\\/donde-ver-flamenco-en-jerez-durante-jerez-fusion-01.webp\",\"datePublished\":\"2026-09-05T12:03:11+00:00\",\"dateModified\":\"2026-09-05T12:31:04+00:00\",\"description\":\"Discover where to see flamenco in Jerez during Jerez Fusi\u00f3n 2026: festival concerts, Puro Arte and tips to combine plans and book tickets.\",\"breadcrumb\":{\"@id\":\"https:\\\/\\\/www.tablaosflamencos.com\\\/en\\\/where-to-see-flamenco-jerez-during-jerez-fusion.html#breadcrumb\"},\"inLanguage\":\"en-US\",\"potentialAction\":[{\"@type\":\"ReadAction\",\"target\":[\"https:\\\/\\\/www.tablaosflamencos.com\\\/en\\\/where-to-see-flamenco-jerez-during-jerez-fusion.html\"]}]},{\"@type\":\"ImageObject\",\"inLanguage\":\"en-US\",\"@id\":\"https:\\\/\\\/www.tablaosflamencos.com\\\/en\\\/where-to-see-flamenco-jerez-during-jerez-fusion.html#primaryimage\",\"url\":\"https:\\\/\\\/www.tablaosflamencos.com\\\/wp-content\\\/uploads\\\/donde-ver-flamenco-en-jerez-durante-jerez-fusion-01.webp\",\"contentUrl\":\"https:\\\/\\\/www.tablaosflamencos.com\\\/wp-content\\\/uploads\\\/donde-ver-flamenco-en-jerez-durante-jerez-fusion-01.webp\",\"width\":1536,\"height\":1024,\"caption\":\"D\u00f3nde ver flamenco en Jerez durante Jerez Fusi\u00f3n\"},{\"@type\":\"BreadcrumbList\",\"@id\":\"https:\\\/\\\/www.tablaosflamencos.com\\\/en\\\/where-to-see-flamenco-jerez-during-jerez-fusion.html#breadcrumb\",\"itemListElement\":[{\"@type\":\"ListItem\",\"position\":1,\"name\":\"Home\",\"item\":\"https:\\\/\\\/www.tablaosflamencos.com\\\/en\"},{\"@type\":\"ListItem\",\"position\":2,\"name\":\"Where to see flamenco in Jerez during Jerez Fusi\u00f3n\"}]},{\"@type\":\"WebSite\",\"@id\":\"https:\\\/\\\/www.tablaosflamencos.com\\\/en#website\",\"url\":\"https:\\\/\\\/www.tablaosflamencos.com\\\/en\",\"name\":\"Tablaos Flamencos\",\"description\":\"Entradas para tablaos flamencos de Espa\u00f1a\",\"publisher\":{\"@id\":\"https:\\\/\\\/www.tablaosflamencos.com\\\/en#organization\"},\"alternateName\":\"Tablaos Flamencos\",\"potentialAction\":[{\"@type\":\"SearchAction\",\"target\":{\"@type\":\"EntryPoint\",\"urlTemplate\":\"https:\\\/\\\/www.tablaosflamencos.com\\\/en?s={search_term_string}\"},\"query-input\":{\"@type\":\"PropertyValueSpecification\",\"valueRequired\":true,\"valueName\":\"search_term_string\"}}],\"inLanguage\":\"en-US\"},{\"@type\":[\"Organization\",\"Place\",\"EntertainmentBusiness\"],\"@id\":\"https:\\\/\\\/www.tablaosflamencos.com\\\/en#organization\",\"name\":\"Tablaos Flamencos\",\"alternateName\":\"Tablaos Flamencos\",\"url\":\"https:\\\/\\\/www.tablaosflamencos.com\\\/en\",\"logo\":{\"@id\":\"https:\\\/\\\/www.tablaosflamencos.com\\\/en\\\/where-to-see-flamenco-jerez-during-jerez-fusion.html#local-main-organization-logo\"},\"image\":{\"@id\":\"https:\\\/\\\/www.tablaosflamencos.com\\\/en\\\/where-to-see-flamenco-jerez-during-jerez-fusion.html#local-main-organization-logo\"},\"sameAs\":[\"https:\\\/\\\/www.facebook.com\\\/tablaosflamencos\",\"https:\\\/\\\/x.com\\\/tablaosflamenco\",\"https:\\\/\\\/mastodon.social\\\/@tablaosflamencos\",\"https:\\\/\\\/www.instagram.com\\\/tablaosflamencos\",\"https:\\\/\\\/tiktok.com\\\/@tablaosflamencos\",\"https:\\\/\\\/www.linkedin.com\\\/company\\\/109408238\\\/\"],\"description\":\"Venta de entradas para espect\u00e1culos flamencos\",\"legalName\":\"Tablaos Flamencos\",\"foundingDate\":\"2015-01-01\",\"numberOfEmployees\":{\"@type\":\"QuantitativeValue\",\"minValue\":\"1\",\"maxValue\":\"10\"},\"address\":{\"@id\":\"https:\\\/\\\/www.tablaosflamencos.com\\\/en\\\/where-to-see-flamenco-jerez-during-jerez-fusion.html#local-main-place-address\"},\"geo\":{\"@type\":\"GeoCoordinates\",\"latitude\":\"37.3868072\",\"longitude\":\"-5.993280299999999\"},\"telephone\":[\"+34623787787\"],\"contactPoint\":{\"@type\":\"ContactPoint\",\"telephone\":\"+34623787787\",\"email\":\"info@tablaosflamencos.com\"},\"openingHoursSpecification\":{\"@type\":\"OpeningHoursSpecification\",\"dayOfWeek\":[\"Monday\",\"Tuesday\",\"Wednesday\",\"Thursday\",\"Friday\",\"Saturday\",\"Sunday\"],\"opens\":\"00:00\",\"closes\":\"23:59\"},\"email\":\"info@tablaosflamencos.com\",\"priceRange\":\"$$$\",\"currenciesAccepted\":\"\u20ac\"},{\"@type\":\"Person\",\"@id\":\"https:\\\/\\\/www.tablaosflamencos.com\\\/en#\\\/schema\\\/person\\\/e7a9ebe14eb75a52ceabfbffb3c54f5d\",\"name\":\"Miguel Ortiz\",\"description\":\"Miguel Ortiz es un empresario flamenco, con una s\u00f3lida trayectoria dentro del sector. Ha presidido entidades culturales vinculadas al flamenco y, cuenta con un amplio recorrido profesional en la gesti\u00f3n y promoci\u00f3n de espect\u00e1culos y tablaos flamencos. Su pasi\u00f3n por la historia y el arte flamenco se refleja en cada art\u00edculo, donde combina experiencia, criterio y un profundo respeto por la tradici\u00f3n.\",\"sameAs\":[\"https:\\\/\\\/www.tablaosflamencos.com\",\"https:\\\/\\\/www.instagra.com\\\/miguelortizfe\",\"https:\\\/\\\/www.linkedin.com\\\/in\\\/miguelortizf\\\/\"],\"birthDate\":\"1984-11-22\",\"gender\":\"hombre\",\"knowsLanguage\":[\"espa\u00f1ol\",\"ingl\u00e9s\"],\"jobTitle\":\"Empresario flamenco\"},{\"@type\":\"PostalAddress\",\"@id\":\"https:\\\/\\\/www.tablaosflamencos.com\\\/en\\\/where-to-see-flamenco-jerez-during-jerez-fusion.html#local-main-place-address\",\"streetAddress\":\"C\\\/ Alemanes, 19\",\"addressLocality\":\"Sevilla\",\"postalCode\":\"41004\",\"addressRegion\":\"Sevilla\",\"addressCountry\":\"ES\"},{\"@type\":\"ImageObject\",\"inLanguage\":\"en-US\",\"@id\":\"https:\\\/\\\/www.tablaosflamencos.com\\\/en\\\/where-to-see-flamenco-jerez-during-jerez-fusion.html#local-main-organization-logo\",\"url\":\"https:\\\/\\\/www.tablaosflamencos.com\\\/wp-content\\\/uploads\\\/tablaos-flamencos-06-3.webp\",\"contentUrl\":\"https:\\\/\\\/www.tablaosflamencos.com\\\/wp-content\\\/uploads\\\/tablaos-flamencos-06-3.webp\",\"width\":600,\"height\":620,\"caption\":\"Tablaos Flamencos\"}]}<\/script>\n<meta name=\"geo.placename\" content=\"Sevilla\" \/>\n<meta name=\"geo.position\" content=\"37.3868072;-5.993280299999999\" \/>\n<meta name=\"geo.region\" content=\"Spain\" \/>\n<!-- \/ Yoast SEO Premium plugin. -->","yoast_head_json":{"title":"Where to see flamenco in Jerez during Jerez Fusi\u00f3n 2026","description":"Discover where to see flamenco in Jerez during Jerez Fusi\u00f3n 2026: festival concerts, Puro Arte and tips to combine plans and book tickets.","robots":{"index":"index","follow":"follow","max-snippet":"max-snippet:-1","max-image-preview":"max-image-preview:large","max-video-preview":"max-video-preview:-1"},"canonical":"https:\/\/www.tablaosflamencos.com\/en\/where-to-see-flamenco-jerez-during-jerez-fusion.html","og_locale":"en_US","og_type":"article","og_title":"Where to see flamenco in Jerez during Jerez Fusi\u00f3n","og_description":"Discover where to see flamenco in Jerez during Jerez Fusi\u00f3n 2026: festival concerts, Puro Arte and tips to combine plans and book tickets.","og_url":"https:\/\/www.tablaosflamencos.com\/en\/where-to-see-flamenco-jerez-during-jerez-fusion.html","og_site_name":"Tablaos Flamencos","article_publisher":"https:\/\/www.facebook.com\/tablaosflamencos","article_published_time":"2026-09-05T12:03:11+00:00","article_modified_time":"2026-09-05T12:31:04+00:00","og_image":[{"width":1536,"height":1024,"url":"https:\/\/www.tablaosflamencos.com\/wp-content\/uploads\/donde-ver-flamenco-en-jerez-durante-jerez-fusion-01.webp","type":"image\/webp"}],"author":"Miguel Ortiz","twitter_card":"summary_large_image","twitter_creator":"@tablaosflamenco","twitter_site":"@tablaosflamenco","twitter_misc":{"Written by":"Miguel Ortiz","Est. reading time":"10 minutes"},"schema":{"@context":"https:\/\/schema.org","@graph":[{"@type":"Article","@id":"https:\/\/www.tablaosflamencos.com\/en\/where-to-see-flamenco-jerez-during-jerez-fusion.html#article","isPartOf":{"@id":"https:\/\/www.tablaosflamencos.com\/en\/where-to-see-flamenco-jerez-during-jerez-fusion.html"},"author":{"name":"Miguel Ortiz","@id":"https:\/\/www.tablaosflamencos.com\/en#\/schema\/person\/e7a9ebe14eb75a52ceabfbffb3c54f5d"},"headline":"Where to see flamenco in Jerez during Jerez Fusi\u00f3n","datePublished":"2026-09-05T12:03:11+00:00","dateModified":"2026-09-05T12:31:04+00:00","mainEntityOfPage":{"@id":"https:\/\/www.tablaosflamencos.com\/en\/where-to-see-flamenco-jerez-during-jerez-fusion.html"},"wordCount":1965,"publisher":{"@id":"https:\/\/www.tablaosflamencos.com\/en#organization"},"image":{"@id":"https:\/\/www.tablaosflamencos.com\/en\/where-to-see-flamenco-jerez-during-jerez-fusion.html#primaryimage"},"thumbnailUrl":"https:\/\/www.tablaosflamencos.com\/wp-content\/uploads\/donde-ver-flamenco-en-jerez-durante-jerez-fusion-01.webp","keywords":["flamenco in Jerez","Jerez Fusi\u00f3n","Jerez Fusi\u00f3n 2026","where to see flamenco in Jerez"],"articleSection":["Flamenco by city","Flamenco festivals"],"inLanguage":"en-US"},{"@type":"WebPage","@id":"https:\/\/www.tablaosflamencos.com\/en\/where-to-see-flamenco-jerez-during-jerez-fusion.html","url":"https:\/\/www.tablaosflamencos.com\/en\/where-to-see-flamenco-jerez-during-jerez-fusion.html","name":"Where to see flamenco in Jerez during Jerez Fusi\u00f3n 2026","isPartOf":{"@id":"https:\/\/www.tablaosflamencos.com\/en#website"},"primaryImageOfPage":{"@id":"https:\/\/www.tablaosflamencos.com\/en\/where-to-see-flamenco-jerez-during-jerez-fusion.html#primaryimage"},"image":{"@id":"https:\/\/www.tablaosflamencos.com\/en\/where-to-see-flamenco-jerez-during-jerez-fusion.html#primaryimage"},"thumbnailUrl":"https:\/\/www.tablaosflamencos.com\/wp-content\/uploads\/donde-ver-flamenco-en-jerez-durante-jerez-fusion-01.webp","datePublished":"2026-09-05T12:03:11+00:00","dateModified":"2026-09-05T12:31:04+00:00","description":"Discover where to see flamenco in Jerez during Jerez Fusi\u00f3n 2026: festival concerts, Puro Arte and tips to combine plans and book tickets.","breadcrumb":{"@id":"https:\/\/www.tablaosflamencos.com\/en\/where-to-see-flamenco-jerez-during-jerez-fusion.html#breadcrumb"},"inLanguage":"en-US","potentialAction":[{"@type":"ReadAction","target":["https:\/\/www.tablaosflamencos.com\/en\/where-to-see-flamenco-jerez-during-jerez-fusion.html"]}]},{"@type":"ImageObject","inLanguage":"en-US","@id":"https:\/\/www.tablaosflamencos.com\/en\/where-to-see-flamenco-jerez-during-jerez-fusion.html#primaryimage","url":"https:\/\/www.tablaosflamencos.com\/wp-content\/uploads\/donde-ver-flamenco-en-jerez-durante-jerez-fusion-01.webp","contentUrl":"https:\/\/www.tablaosflamencos.com\/wp-content\/uploads\/donde-ver-flamenco-en-jerez-durante-jerez-fusion-01.webp","width":1536,"height":1024,"caption":"D\u00f3nde ver flamenco en Jerez durante Jerez Fusi\u00f3n"},{"@type":"BreadcrumbList","@id":"https:\/\/www.tablaosflamencos.com\/en\/where-to-see-flamenco-jerez-during-jerez-fusion.html#breadcrumb","itemListElement":[{"@type":"ListItem","position":1,"name":"Home","item":"https:\/\/www.tablaosflamencos.com\/en"},{"@type":"ListItem","position":2,"name":"Where to see flamenco in Jerez during Jerez Fusi\u00f3n"}]},{"@type":"WebSite","@id":"https:\/\/www.tablaosflamencos.com\/en#website","url":"https:\/\/www.tablaosflamencos.com\/en","name":"Tablaos Flamencos","description":"Entradas para tablaos flamencos de Espa\u00f1a","publisher":{"@id":"https:\/\/www.tablaosflamencos.com\/en#organization"},"alternateName":"Tablaos Flamencos","potentialAction":[{"@type":"SearchAction","target":{"@type":"EntryPoint","urlTemplate":"https:\/\/www.tablaosflamencos.com\/en?s={search_term_string}"},"query-input":{"@type":"PropertyValueSpecification","valueRequired":true,"valueName":"search_term_string"}}],"inLanguage":"en-US"},{"@type":["Organization","Place","EntertainmentBusiness"],"@id":"https:\/\/www.tablaosflamencos.com\/en#organization","name":"Tablaos Flamencos","alternateName":"Tablaos Flamencos","url":"https:\/\/www.tablaosflamencos.com\/en","logo":{"@id":"https:\/\/www.tablaosflamencos.com\/en\/where-to-see-flamenco-jerez-during-jerez-fusion.html#local-main-organization-logo"},"image":{"@id":"https:\/\/www.tablaosflamencos.com\/en\/where-to-see-flamenco-jerez-during-jerez-fusion.html#local-main-organization-logo"},"sameAs":["https:\/\/www.facebook.com\/tablaosflamencos","https:\/\/x.com\/tablaosflamenco","https:\/\/mastodon.social\/@tablaosflamencos","https:\/\/www.instagram.com\/tablaosflamencos","https:\/\/tiktok.com\/@tablaosflamencos","https:\/\/www.linkedin.com\/company\/109408238\/"],"description":"Venta de entradas para espect\u00e1culos flamencos","legalName":"Tablaos Flamencos","foundingDate":"2015-01-01","numberOfEmployees":{"@type":"QuantitativeValue","minValue":"1","maxValue":"10"},"address":{"@id":"https:\/\/www.tablaosflamencos.com\/en\/where-to-see-flamenco-jerez-during-jerez-fusion.html#local-main-place-address"},"geo":{"@type":"GeoCoordinates","latitude":"37.3868072","longitude":"-5.993280299999999"},"telephone":["+34623787787"],"contactPoint":{"@type":"ContactPoint","telephone":"+34623787787","email":"info@tablaosflamencos.com"},"openingHoursSpecification":{"@type":"OpeningHoursSpecification","dayOfWeek":["Monday","Tuesday","Wednesday","Thursday","Friday","Saturday","Sunday"],"opens":"00:00","closes":"23:59"},"email":"info@tablaosflamencos.com","priceRange":"$$$","currenciesAccepted":"\u20ac"},{"@type":"Person","@id":"https:\/\/www.tablaosflamencos.com\/en#\/schema\/person\/e7a9ebe14eb75a52ceabfbffb3c54f5d","name":"Miguel Ortiz","description":"Miguel Ortiz es un empresario flamenco, con una s\u00f3lida trayectoria dentro del sector. Ha presidido entidades culturales vinculadas al flamenco y, cuenta con un amplio recorrido profesional en la gesti\u00f3n y promoci\u00f3n de espect\u00e1culos y tablaos flamencos. Su pasi\u00f3n por la historia y el arte flamenco se refleja en cada art\u00edculo, donde combina experiencia, criterio y un profundo respeto por la tradici\u00f3n.","sameAs":["https:\/\/www.tablaosflamencos.com","https:\/\/www.instagra.com\/miguelortizfe","https:\/\/www.linkedin.com\/in\/miguelortizf\/"],"birthDate":"1984-11-22","gender":"hombre","knowsLanguage":["espa\u00f1ol","ingl\u00e9s"],"jobTitle":"Empresario flamenco"},{"@type":"PostalAddress","@id":"https:\/\/www.tablaosflamencos.com\/en\/where-to-see-flamenco-jerez-during-jerez-fusion.html#local-main-place-address","streetAddress":"C\/ Alemanes, 19","addressLocality":"Sevilla","postalCode":"41004","addressRegion":"Sevilla","addressCountry":"ES"},{"@type":"ImageObject","inLanguage":"en-US","@id":"https:\/\/www.tablaosflamencos.com\/en\/where-to-see-flamenco-jerez-during-jerez-fusion.html#local-main-organization-logo","url":"https:\/\/www.tablaosflamencos.com\/wp-content\/uploads\/tablaos-flamencos-06-3.webp","contentUrl":"https:\/\/www.tablaosflamencos.com\/wp-content\/uploads\/tablaos-flamencos-06-3.webp","width":600,"height":620,"caption":"Tablaos Flamencos"}]},"geo.placename":"Sevilla","geo.position":{"lat":"37.3868072","long":"-5.993280299999999"},"geo.region":"Spain"},"_links":{"self":[{"href":"https:\/\/www.tablaosflamencos.com\/en\/wp-json\/wp\/v2\/posts\/14825","targetHints":{"allow":["GET"]}}],"collection":[{"href":"https:\/\/www.tablaosflamencos.com\/en\/wp-json\/wp\/v2\/posts"}],"about":[{"href":"https:\/\/www.tablaosflamencos.com\/en\/wp-json\/wp\/v2\/types\/post"}],"author":[{"embeddable":true,"href":"https:\/\/www.tablaosflamencos.com\/en\/wp-json\/wp\/v2\/users\/1"}],"replies":[{"embeddable":true,"href":"https:\/\/www.tablaosflamencos.com\/en\/wp-json\/wp\/v2\/comments?post=14825"}],"version-history":[{"count":1,"href":"https:\/\/www.tablaosflamencos.com\/en\/wp-json\/wp\/v2\/posts\/14825\/revisions"}],"predecessor-version":[{"id":14864,"href":"https:\/\/www.tablaosflamencos.com\/en\/wp-json\/wp\/v2\/posts\/14825\/revisions\/14864"}],"wp:featuredmedia":[{"embeddable":true,"href":"https:\/\/www.tablaosflamencos.com\/en\/wp-json\/wp\/v2\/media\/14752"}],"wp:attachment":[{"href":"https:\/\/www.tablaosflamencos.com\/en\/wp-json\/wp\/v2\/media?parent=14825"}],"wp:term":[{"taxonomy":"category","embeddable":true,"href":"https:\/\/www.tablaosflamencos.com\/en\/wp-json\/wp\/v2\/categories?post=14825"},{"taxonomy":"post_tag","embeddable":true,"href":"https:\/\/www.tablaosflamencos.com\/en\/wp-json\/wp\/v2\/tags?post=14825"}],"curies":[{"name":"wp","href":"https:\/\/api.w.org\/{rel}","templated":true}]}}