{"id":14757,"date":"2026-09-05T13:50:39","date_gmt":"2026-09-05T11:50:39","guid":{"rendered":"https:\/\/www.tablaosflamencos.com\/?p=14757"},"modified":"2026-09-05T14:11:07","modified_gmt":"2026-09-05T12:11:07","slug":"macarena-flamenca-2026-programme-tickets","status":"publish","type":"post","link":"https:\/\/www.tablaosflamencos.com\/en\/macarena-flamenca-2026-programme-tickets.html","title":{"rendered":"Macarena Flamenca 2026: programme, tickets and everything you need to know"},"content":{"rendered":"<section class=\"l-section wpb_row height_huge\"><div class=\"l-section-h i-cf\"><div class=\"g-cols vc_row via_flex valign_top type_default stacking_default\"><div class=\"vc_col-sm-6 wpb_column vc_column_container\"><div class=\"vc_column-inner\"><div class=\"wpb_wrapper\"><div class=\"wpb_text_column\"><div class=\"wpb_wrapper\"><h2>Flamenco returns to the streets of Macarena<\/h2>\n<p>The <strong>II Macarena Flamenca Festival 2026<\/strong> takes place on Saturday, 5 September in Plaza Virgen del Pilar, in Seville&#8217;s La Barzola neighbourhood. The event turns a square in the Macarena district into a flamenco stage and dedicates its second edition to <strong>Jos\u00e9 de la Tomasa<\/strong>, one of the essential voices of Seville flamenco singing.<\/p>\n<p>The line-up brings together singing, guitar and dance with artists from different generations: Potito, Antonio Reyes, Remedios Reyes, Manuel de la Tomasa and Manuela Amador Carrasco, accompanied by their respective ensembles. Admission is free and no ticket purchase is required, although access depends on available capacity.<\/p>\n<\/div><\/div><\/div><\/div><\/div><div class=\"vc_col-sm-6 wpb_column vc_column_container\"><div class=\"vc_column-inner\"><div class=\"wpb_wrapper\"><div class=\"wpb_text_column\"><div class=\"wpb_wrapper\"><h2>Key details<\/h2>\n<ul>\n<li><strong>Date:<\/strong> Saturday, 5 September 2026.<\/li>\n<li><strong>Location:<\/strong> Plaza Virgen del Pilar, La Barzola, Seville.<\/li>\n<li><strong>Latest start time:<\/strong> 21:30.<\/li>\n<li><strong>Recommended arrival:<\/strong> before 21:00.<\/li>\n<li><strong>Tickets:<\/strong> free admission.<\/li>\n<li><strong>Honouree:<\/strong> Jos\u00e9 de la Tomasa.<\/li>\n<li><strong>Organised by:<\/strong> Macarena District, Seville City Council.<\/li>\n<li><strong>Context:<\/strong> pre-Bienal activities for the 24th Seville Flamenco Biennial.<\/li>\n<\/ul>\n<\/div><\/div><\/div><\/div><\/div><\/div><\/div><\/section><section class=\"l-section wpb_row height_huge color_alternate with_shape\"><div class=\"l-section-shape type_zigzag pos_top\" style=\"height:3vmin;\"><svg xmlns=\"http:\/\/www.w3.org\/2000\/svg\" viewBox=\"0 0 64 8\" preserveAspectRatio=\"none\" width=\"100%\" height=\"100%\">\r\n\t<path fill=\"currentColor\" d=\"M64 8 L0 8 L0 0 L20 7.9 L40 3 L48 5 L64 0 Z\"\/>\r\n<\/svg><\/div><div class=\"l-section-shape type_zigzag pos_bottom\" style=\"height:3vmin;\"><svg xmlns=\"http:\/\/www.w3.org\/2000\/svg\" viewBox=\"0 0 64 8\" preserveAspectRatio=\"none\" width=\"100%\" height=\"100%\">\r\n\t<path fill=\"currentColor\" d=\"M64 8 L0 8 L0 0 L20 7.9 L40 3 L48 5 L64 0 Z\"\/>\r\n<\/svg><\/div><div class=\"l-section-h i-cf\"><div class=\"g-cols vc_row via_flex valign_top type_default stacking_default\"><div class=\"vc_col-sm-12 wpb_column vc_column_container\"><div class=\"vc_column-inner\"><div class=\"wpb_wrapper\"><div class=\"wpb_text_column\"><div class=\"wpb_wrapper\"><blockquote>\n<p><strong>Quick answer:<\/strong> Macarena Flamenca 2026 takes place on Saturday, 5 September in Plaza Virgen del Pilar, La Barzola. Potito, Antonio Reyes, Remedios Reyes, Manuel de la Tomasa and dancer Manuela Amador Carrasco will perform in an edition dedicated to Jos\u00e9 de la Tomasa. Admission is free and no reservation is required. The latest municipal information gives a 21:30 start time, although another official listing still shows 21:00; the safest option is to arrive before that time.<\/p>\n<\/blockquote>\n<\/div><\/div><\/div><\/div><\/div><\/div><\/div><\/section><section class=\"l-section wpb_row height_huge\"><div class=\"l-section-h i-cf\"><div class=\"g-cols vc_row via_flex valign_top type_default stacking_default\"><div class=\"vc_col-sm-3 wpb_column vc_column_container\"><div class=\"vc_column-inner\"><div class=\"wpb_wrapper\"><\/div><\/div><\/div><div class=\"vc_col-sm-6 wpb_column vc_column_container\"><div class=\"vc_column-inner\"><div class=\"wpb_wrapper\"><div class=\"wpb_text_column\"><div class=\"wpb_wrapper\"><h2>What this guide covers<\/h2>\n<ul>\n<li><a href=\"#programa\">Programme and artists<\/a><\/li>\n<li><a href=\"#homenaje\">Tribute to Jos\u00e9 de la Tomasa<\/a><\/li>\n<li><a href=\"#entradas\">Tickets and admission<\/a><\/li>\n<li><a href=\"#horario\">Start time and official discrepancy<\/a><\/li>\n<li><a href=\"#lugar\">Location and arrival<\/a><\/li>\n<li><a href=\"#bienal\">Connection with the Biennial<\/a><\/li>\n<li><a href=\"#consejos\">Practical tips<\/a><\/li>\n<li><a href=\"#faq\">Frequently asked questions<\/a><\/li>\n<\/ul>\n<\/div><\/div><\/div><\/div><\/div><div class=\"vc_col-sm-3 wpb_column vc_column_container\"><div class=\"vc_column-inner\"><div class=\"wpb_wrapper\"><\/div><\/div><\/div><\/div><\/div><\/section><section class=\"l-section wpb_row height_huge color_alternate with_shape\"><div class=\"l-section-shape type_zigzag pos_top\" style=\"height:3vmin;\"><svg xmlns=\"http:\/\/www.w3.org\/2000\/svg\" viewBox=\"0 0 64 8\" preserveAspectRatio=\"none\" width=\"100%\" height=\"100%\">\r\n\t<path fill=\"currentColor\" d=\"M64 8 L0 8 L0 0 L20 7.9 L40 3 L48 5 L64 0 Z\"\/>\r\n<\/svg><\/div><div class=\"l-section-shape type_zigzag pos_bottom\" style=\"height:3vmin;\"><svg xmlns=\"http:\/\/www.w3.org\/2000\/svg\" viewBox=\"0 0 64 8\" preserveAspectRatio=\"none\" width=\"100%\" height=\"100%\">\r\n\t<path fill=\"currentColor\" d=\"M64 8 L0 8 L0 0 L20 7.9 L40 3 L48 5 L64 0 Z\"\/>\r\n<\/svg><\/div><div class=\"l-section-h i-cf\"><div class=\"g-cols vc_row via_flex valign_top type_default stacking_default\"><div class=\"vc_col-sm-6 wpb_column vc_column_container\"><div class=\"vc_column-inner\"><div class=\"wpb_wrapper\"><div class=\"wpb_text_column\"><div class=\"wpb_wrapper\"><h2 id=\"programa\">Macarena Flamenca 2026 programme<\/h2>\n<p>The programme brings together four flamenco singers and one dance act. No individual running order has been published, so it should be understood as one continuous gala rather than several concerts with separate admissions.<\/p>\n<h3>Potito, with Manuel Herrera<\/h3>\n<p>Antonio Vargas Cort\u00e9s, <strong>Potito<\/strong>, brings a direct connection with Seville&#8217;s Gypsy flamenco singing and a career developed through recitals and collaborations with major figures. He will be accompanied on guitar by <strong>Manuel Herrera<\/strong>.<\/p>\n<h3>Antonio Reyes, with Nono Reyes<\/h3>\n<p><strong>Antonio Reyes<\/strong> is one of the most highly regarded singers of his generation for his sense of comp\u00e1s, pitch and a style that combines tradition with personality. He will be accompanied by <strong>Nono Reyes<\/strong>.<\/p>\n<\/div><\/div><\/div><\/div><\/div><div class=\"vc_col-sm-6 wpb_column vc_column_container\"><div class=\"vc_column-inner\"><div class=\"wpb_wrapper\"><div class=\"wpb_text_column\"><div class=\"wpb_wrapper\"><h3>Remedios Reyes, with Julio Romero<\/h3>\n<p>The singer from Chiclana <strong>Remedios Reyes<\/strong> will bring to the stage an interpretation marked by expressive power and deep knowledge of the cantes. Her guitarist will be <strong>Julio Romero<\/strong>.<\/p>\n<h3>Manuel de la Tomasa, with Nono Reyes<\/h3>\n<p>The presence of <strong>Manuel de la Tomasa<\/strong> has special meaning on a night dedicated to his grandfather. He represents the family continuity of a fundamental lineage in Seville flamenco singing. He will also be accompanied by Nono Reyes.<\/p>\n<h3>Manuela Amador Carrasco and her ensemble<\/h3>\n<p>Dance will be represented by <strong>Manuela Amador Carrasco<\/strong>, accompanied by <strong>Luis Amador<\/strong> on guitar and <strong>Emilio Molina<\/strong> and <strong>Manuel Ta\u00f1\u00e9<\/strong> on vocals. Their participation completes a line-up built around the relationship between voice, guitar, dance and comp\u00e1s.<\/p>\n<p>The artists and accompanists are taken from the published programme. As with any outdoor festival, the running order and final programme may be adjusted.<\/p>\n<\/div><\/div><\/div><\/div><\/div><\/div><\/div><\/section><section class=\"l-section wpb_row height_huge\"><div class=\"l-section-h i-cf\"><div class=\"g-cols vc_row via_flex valign_top type_default stacking_default\"><div class=\"vc_col-sm-6 wpb_column vc_column_container\"><div class=\"vc_column-inner\"><div class=\"wpb_wrapper\"><div class=\"wpb_text_column\"><div class=\"wpb_wrapper\"><h2 id=\"homenaje\">An edition dedicated to Jos\u00e9 de la Tomasa<\/h2>\n<p>The central theme of Macarena Flamenca 2026 is the tribute to <strong>Jos\u00e9 de la Tomasa<\/strong>, presented by the City Council as a fundamental figure in Seville flamenco. Born and raised in Seville, he belongs to a family closely linked to flamenco singing: he is the grandson of Pepe Torre and the son of Pies de Plomo and Tomasa Soto, although his artistic personality goes far beyond the weight of his family lineage.<\/p>\n<p>His repertoire, knowledge of the styles and work passing on the tradition have made him a reference for aficionados and artists. His recent honours include the Medal of the City of Seville, awarded in 2023, and the Giraldillo Internacional Ciudad de Sevilla received in 2024.<\/p>\n<p>The presence of Manuel de la Tomasa reinforces the idea of continuity. Tradition appears as something that is learned, shared and transformed, rather than as something static.<\/p>\n<\/div><\/div><\/div><\/div><\/div><div class=\"vc_col-sm-6 wpb_column vc_column_container\"><div class=\"vc_column-inner\"><div class=\"wpb_wrapper\"><div class=\"wpb_text_column\"><div class=\"wpb_wrapper\"><h2>Will Jos\u00e9 de la Tomasa perform?<\/h2>\n<p>Official communications present the maestro as the central figure and honouree, but they do not specify a full performance by him. It would therefore be unwise to guarantee a solo appearance. The focus of the evening will be his figure, legacy and the neighbourhood&#8217;s recognition of him, regardless of whether he takes part during the event.<\/p>\n<p>The dedication also has a local dimension: the tribute takes place in the Macarena district, as part of a festival created to bring flamenco into public squares. It links artistic memory, neighbourhood life and community.<\/p>\n<p>For more context on these days, see our guide to <a href=\"https:\/\/www.tablaosflamencos.com\/bienal-flamenco-2026-antes-9-septiembre.html\">Biennial events before 9 September<\/a>.<\/p>\n<\/div><\/div><\/div><\/div><\/div><\/div><\/div><\/section><section class=\"l-section wpb_row height_huge color_alternate with_shape\"><div class=\"l-section-shape type_zigzag pos_top hor_flip\" style=\"height:3vmin;\"><svg xmlns=\"http:\/\/www.w3.org\/2000\/svg\" viewBox=\"0 0 64 8\" preserveAspectRatio=\"none\" width=\"100%\" height=\"100%\">\r\n\t<path fill=\"currentColor\" d=\"M64 8 L0 8 L0 0 L20 7.9 L40 3 L48 5 L64 0 Z\"\/>\r\n<\/svg><\/div><div class=\"l-section-shape type_zigzag pos_bottom\" style=\"height:3vmin;\"><svg xmlns=\"http:\/\/www.w3.org\/2000\/svg\" viewBox=\"0 0 64 8\" preserveAspectRatio=\"none\" width=\"100%\" height=\"100%\">\r\n\t<path fill=\"currentColor\" d=\"M64 8 L0 8 L0 0 L20 7.9 L40 3 L48 5 L64 0 Z\"\/>\r\n<\/svg><\/div><div class=\"l-section-h i-cf\"><div class=\"g-cols vc_row via_flex valign_top type_default stacking_default\"><div class=\"vc_col-sm-6 wpb_column vc_column_container\"><div class=\"vc_column-inner\"><div class=\"wpb_wrapper\"><div class=\"wpb_text_column\"><div class=\"wpb_wrapper\"><h2 id=\"entradas\">Tickets: the festival is free<\/h2>\n<p>There are no paid tickets for Macarena Flamenca 2026. The City Council announces <strong>free admission<\/strong> and the Biennial lists the event among the free Flamenco a pie de calle activities.<\/p>\n<ul>\n<li>You do not need to buy a ticket.<\/li>\n<li>There is no official ticketing platform.<\/li>\n<li>No advance reservation or invitation collection has been announced.<\/li>\n<li>Admission depends on available space.<\/li>\n<li>Arriving early improves your chances of finding a good spot.<\/li>\n<\/ul>\n<p>Free admission does not mean a place is guaranteed. If the public area reaches its operating capacity, organisers may restrict access for safety reasons.<\/p>\n<\/div><\/div><\/div><\/div><\/div><div class=\"vc_col-sm-6 wpb_column vc_column_container\"><div class=\"vc_column-inner\"><div class=\"wpb_wrapper\"><div class=\"wpb_text_column\"><div class=\"wpb_wrapper\"><h2>Do I need to book?<\/h2>\n<p>As of the latest update to this guide, <strong>no reservation is required<\/strong>. There is also no official registration process. Simply arrive at Plaza Virgen del Pilar in good time.<\/p>\n<p>Be wary of any website attempting to sell tickets for this gala. The municipal information announces it as a free event. Any change should be communicated through the City Council, Macarena District or Biennial channels.<\/p>\n<p>The festival is part of a week with several free activities. We have brought them together in our guide to <a href=\"https:\/\/www.tablaosflamencos.com\/bienal-flamenco-sevilla-2026-gratis.html\">free shows and activities at the 2026 Biennial<\/a>.<\/p>\n<\/div><\/div><\/div><\/div><\/div><\/div><\/div><\/section><section class=\"l-section wpb_row height_huge\"><div class=\"l-section-h i-cf\"><div class=\"g-cols vc_row via_flex valign_top type_default stacking_default\"><div class=\"vc_col-sm-6 wpb_column vc_column_container\"><div class=\"vc_column-inner\"><div class=\"wpb_wrapper\"><div class=\"wpb_text_column\"><div class=\"wpb_wrapper\"><h2 id=\"horario\">Does it start at 21:00 or 21:30?<\/h2>\n<p>The official sources do not show exactly the same time. The <a href=\"https:\/\/www.sevilla.org\/distritos\/macarena\/eventos\/ii-festival-macarena-flamenca-2026\" target=\"_blank\" rel=\"noopener\">Macarena District agenda<\/a> still shows <strong>21:00<\/strong>. However, the <a href=\"https:\/\/www.sevilla.org\/actualidad\/noticias\/2026\/de-la-cultura-popular-al-flamenco-sevilla-despliega-una-nueva-semana-de-programacion-cultural\" target=\"_blank\" rel=\"noopener\">news item published by the City Council on 4 September<\/a>, which is more recent and detailed, announces <strong>21:30<\/strong>. The Biennial also gives a 21:30 start time.<\/p>\n<p>The practical recommendation is to arrive before 21:00. This leaves enough time to find the square, check access arrangements and secure a place, whichever time is ultimately used.<\/p>\n<\/div><\/div><\/div><\/div><\/div><div class=\"vc_col-sm-6 wpb_column vc_column_container\"><div class=\"vc_column-inner\"><div class=\"wpb_wrapper\"><div class=\"wpb_text_column\"><div class=\"wpb_wrapper\"><h2 id=\"lugar\">Where it takes place<\/h2>\n<p>The stage will be in <strong>Plaza Virgen del Pilar<\/strong>, in the <strong>La Barzola<\/strong>neighbourhood, in the Macarena district. It should not be confused with the Basilica of La Macarena or with other venues in Seville&#8217;s historic centre.<\/p>\n<p>We recommend checking your route before setting out, prioritising public transport, taxi or ride-hailing services from the centre, and allowing time for the final walk. It is also important to respect areas reserved by organisers, residents&#8217; entrances and emergency routes.<\/p>\n<p>Holding the event outside theatres is part of the festival&#8217;s character: for one night, an everyday neighbourhood space becomes a meeting point for artists, residents, aficionados and visitors.<\/p>\n<\/div><\/div><\/div><\/div><\/div><\/div><\/div><\/section><section class=\"l-section wpb_row height_huge color_alternate with_shape\"><div class=\"l-section-shape type_zigzag pos_top\" style=\"height:3vmin;\"><svg xmlns=\"http:\/\/www.w3.org\/2000\/svg\" viewBox=\"0 0 64 8\" preserveAspectRatio=\"none\" width=\"100%\" height=\"100%\">\r\n\t<path fill=\"currentColor\" d=\"M64 8 L0 8 L0 0 L20 7.9 L40 3 L48 5 L64 0 Z\"\/>\r\n<\/svg><\/div><div class=\"l-section-shape type_zigzag pos_bottom\" style=\"height:3vmin;\"><svg xmlns=\"http:\/\/www.w3.org\/2000\/svg\" viewBox=\"0 0 64 8\" preserveAspectRatio=\"none\" width=\"100%\" height=\"100%\">\r\n\t<path fill=\"currentColor\" d=\"M64 8 L0 8 L0 0 L20 7.9 L40 3 L48 5 L64 0 Z\"\/>\r\n<\/svg><\/div><div class=\"l-section-h i-cf\"><div class=\"g-cols vc_row via_flex valign_top type_default stacking_default\"><div class=\"vc_col-sm-6 wpb_column vc_column_container\"><div class=\"vc_column-inner\"><div class=\"wpb_wrapper\"><div class=\"wpb_text_column\"><div class=\"wpb_wrapper\"><h2 id=\"bienal\">Macarena Flamenca and the Seville Biennial<\/h2>\n<p>The festival is part of the activities leading up to the 24th Seville Flamenco Biennial. The official edition runs from 9 September to 3 October 2026, but the preceding days already feature exhibitions, neighbourhood performances and film.<\/p>\n<p>Macarena Flamenca appears within <em>Flamenco a pie de calle<\/em>, one of the parallel programmes that takes flamenco singing, guitar and dance into open spaces across Seville. The event on the 5th combines the district-festival format with a tribute to a historic figure.<\/p>\n<p>See dates, venues and performances in our <a href=\"https:\/\/www.tablaosflamencos.com\/bienal-flamenco-sevilla-2026.html\">complete guide to the 2026 Seville Flamenco Biennial<\/a>.<\/p>\n<\/div><\/div><\/div><\/div><\/div><div class=\"vc_col-sm-6 wpb_column vc_column_container\"><div class=\"vc_column-inner\"><div class=\"wpb_wrapper\"><div class=\"wpb_text_column\"><div class=\"wpb_wrapper\"><h2>A young festival with plans to continue<\/h2>\n<p>Macarena Flamenca began in 2025 as an initiative of the Macarena District. The second edition confirms the intention to establish a regular event with its own flamenco programme.<\/p>\n<p>Its format brings leading artists to a broad audience, activates a neighbourhood square culturally and removes price as a barrier. At the same time, it faces the challenges of an open-air setting: capacity, visibility, acoustics and possible weather-related changes.<\/p>\n<p>The value of the event lies in this combination of proximity and quality. It does not seek to compete with the theatre, but to offer another way of experiencing flamenco.<\/p>\n<\/div><\/div><\/div><\/div><\/div><\/div><\/div><\/section><section class=\"l-section wpb_row height_huge\"><div class=\"l-section-h i-cf\"><div class=\"g-cols vc_row via_flex valign_top type_default stacking_default\"><div class=\"vc_col-sm-6 wpb_column vc_column_container\"><div class=\"vc_column-inner\"><div class=\"wpb_wrapper\"><div class=\"wpb_text_column\"><div class=\"wpb_wrapper\"><h2 id=\"consejos\">Tips for enjoying the festival<\/h2>\n<h3>Arrive early<\/h3>\n<p>With a scheduled start between 21:00 and 21:30, it is sensible to be in the area before 21:00. Free admission and the lack of numbered seating make that extra time useful.<\/p>\n<h3>Prepare for an outdoor show<\/h3>\n<p>Check the weather forecast, bring water and choose suitable clothing for spending time in a public square. Avoid taking up more space than necessary.<\/p>\n<h3>Keep quiet during the singing<\/h3>\n<p>Silence helps you appreciate the nuances and supports communication between artist and audience. Mobile phones should remain silent and recordings should not obstruct other people&#8217;s view.<\/p>\n<\/div><\/div><\/div><\/div><\/div><div class=\"vc_col-sm-6 wpb_column vc_column_container\"><div class=\"vc_column-inner\"><div class=\"wpb_wrapper\"><div class=\"wpb_text_column\"><div class=\"wpb_wrapper\"><h2>If you cannot get in<\/h2>\n<p>As this is a free event, a place cannot be guaranteed. If you arrive when the audience area is full, follow the organisers&#8217; instructions and avoid areas that could compromise safety or disturb local residents.<\/p>\n<p>Seville has a stable flamenco offering beyond this gala and the Biennial. If you are looking for an alternative with a confirmed time and reserved place, see our selection of <a href=\"https:\/\/www.tablaosflamencos.com\/flamenco-en-sevilla\">flamenco shows in Seville<\/a>.<\/p>\n<p>Macarena Flamenca is a one-night public event with free admission; tablaos offer regular professional programming and advance booking. Both formats provide different ways to experience flamenco.<\/p>\n<\/div><\/div><\/div><\/div><\/div><\/div><\/div><\/section><section class=\"l-section wpb_row height_huge color_alternate with_shape\"><div class=\"l-section-shape type_zigzag pos_top hor_flip\" style=\"height:3vmin;\"><svg xmlns=\"http:\/\/www.w3.org\/2000\/svg\" viewBox=\"0 0 64 8\" preserveAspectRatio=\"none\" width=\"100%\" height=\"100%\">\r\n\t<path fill=\"currentColor\" d=\"M64 8 L0 8 L0 0 L20 7.9 L40 3 L48 5 L64 0 Z\"\/>\r\n<\/svg><\/div><div class=\"l-section-shape type_zigzag pos_bottom\" style=\"height:3vmin;\"><svg xmlns=\"http:\/\/www.w3.org\/2000\/svg\" viewBox=\"0 0 64 8\" preserveAspectRatio=\"none\" width=\"100%\" height=\"100%\">\r\n\t<path fill=\"currentColor\" d=\"M64 8 L0 8 L0 0 L20 7.9 L40 3 L48 5 L64 0 Z\"\/>\r\n<\/svg><\/div><div class=\"l-section-h i-cf\"><div class=\"g-cols vc_row via_flex valign_top type_default stacking_default\"><div class=\"vc_col-sm-12 wpb_column vc_column_container\"><div class=\"vc_column-inner\"><div class=\"wpb_wrapper\"><div class=\"wpb_text_column\"><div class=\"wpb_wrapper\"><h2 style=\"text-align: center;\">Practical summary<\/h2>\n<div style=\"overflow-x: auto;\">\n<table>\n<thead>\n<tr>\n<th>Question<\/th>\n<th>Answer<\/th>\n<\/tr>\n<\/thead>\n<tbody>\n<tr>\n<td>When?<\/td>\n<td>Saturday, 5 September 2026.<\/td>\n<\/tr>\n<tr>\n<td>Where?<\/td>\n<td>Plaza Virgen del Pilar, La Barzola, Seville.<\/td>\n<\/tr>\n<tr>\n<td>What time?<\/td>\n<td>The latest reference indicates 21:30; another official listing shows 21:00. It is advisable to arrive before 21:00.<\/td>\n<\/tr>\n<tr>\n<td>How much does it cost?<\/td>\n<td>It is free.<\/td>\n<\/tr>\n<tr>\n<td>Do I need to book?<\/td>\n<td>No reservation or invitation has been announced.<\/td>\n<\/tr>\n<tr>\n<td>Who is being honoured?<\/td>\n<td>Jos\u00e9 de la Tomasa.<\/td>\n<\/tr>\n<tr>\n<td>What does it include?<\/td>\n<td>Flamenco singing, guitar, dance and palmas.<\/td>\n<\/tr>\n<\/tbody>\n<\/table>\n<\/div>\n<\/div><\/div><\/div><\/div><\/div><\/div><\/div><\/section><section class=\"l-section wpb_row height_huge\"><div class=\"l-section-h i-cf\"><div class=\"g-cols vc_row via_flex valign_top type_default stacking_default\"><div class=\"vc_col-sm-12 wpb_column vc_column_container\"><div class=\"vc_column-inner\"><div class=\"wpb_wrapper\"><div class=\"wpb_text_column\"><div class=\"wpb_wrapper\"><h2>A night of flamenco singing, memory and neighbourhood life<\/h2>\n<p>Macarena Flamenca 2026 brings together a meaningful tribute, a first-rate flamenco singing line-up, dance and a venue open to the neighbourhood. Jos\u00e9 de la Tomasa provides historical depth; Manuel de la Tomasa introduces the link between generations; and Potito, Antonio Reyes and Remedios Reyes offer different perspectives on flamenco singing. Manuela Amador Carrasco completes the programme through dance.<\/p>\n<p>Free admission makes the event accessible, but it means arrival should be planned carefully. Getting there before 21:00 is the safest option given the time discrepancy and expected attendance. After that, all that remains is to listen: for one night, the square will become a flamenco stage.<\/p>\n<\/div><\/div><div class=\"w-separator size_medium\"><\/div><div class=\"w-hwrapper valign_top wrap align_center\" style=\"--hwrapper-gap:1.2rem\"><div class=\"w-btn-wrapper align_none\"><a class=\"w-btn us-btn-style_1\" href=\"\/?p=13027\"><span class=\"w-btn-label\">See the complete 2026 Biennial guide<\/span><\/a><\/div><div class=\"w-btn-wrapper align_none\"><a class=\"w-btn us-btn-style_1\" href=\"\/?page_id=8549\"><span class=\"w-btn-label\">Discover flamenco in Seville<\/span><\/a><\/div><\/div><\/div><\/div><\/div><\/div><\/div><\/section><section class=\"l-section wpb_row height_huge color_alternate with_shape\"><div class=\"l-section-shape type_zigzag pos_top\" style=\"height:3vmin;\"><svg xmlns=\"http:\/\/www.w3.org\/2000\/svg\" viewBox=\"0 0 64 8\" preserveAspectRatio=\"none\" width=\"100%\" height=\"100%\">\r\n\t<path fill=\"currentColor\" d=\"M64 8 L0 8 L0 0 L20 7.9 L40 3 L48 5 L64 0 Z\"\/>\r\n<\/svg><\/div><div class=\"l-section-h i-cf\"><div class=\"g-cols vc_row via_flex valign_top type_default stacking_default\"><div class=\"vc_col-sm-1\/5 wpb_column vc_column_container\"><div class=\"vc_column-inner\"><div class=\"wpb_wrapper\"><\/div><\/div><\/div><div class=\"vc_col-sm-3\/5 wpb_column vc_column_container\"><div class=\"vc_column-inner\"><div class=\"wpb_wrapper\"><div class=\"wpb_text_column\"><div class=\"wpb_wrapper\"><h2 id=\"faq\">Frequently asked questions about Macarena Flamenca 2026<\/h2>\n<\/div><\/div><div class=\"w-separator size_medium\"><\/div><div class=\"w-tabs accordion toggle_style_1 has_scrolling\" style=\"--sections-title-size:inherit;--sections-gap:0.5rem;\"><div class=\"w-tabs-sections titles-align_none icon_chevron cpos_right\"><div class=\"w-tabs-section\" id=\"t58d\"><button type=\"button\" class=\"w-tabs-section-header\" aria-controls=\"content-t58d\" aria-expanded=\"false\"><div class=\"w-tabs-section-title\">When is Macarena Flamenca 2026 held?<\/div><div class=\"w-tabs-section-control\"><\/div><\/button><div  class=\"w-tabs-section-content\" id=\"content-t58d\"><div class=\"w-tabs-section-content-h i-cf\"><div class=\"wpb_text_column\"><div class=\"wpb_wrapper\"><p>On Saturday, 5 September 2026 at Plaza Virgen del Pilar, in Seville&#8217;s La Barzola neighbourhood.<\/p>\n<\/div><\/div><\/div><\/div><\/div><div class=\"w-tabs-section\" id=\"y683\"><button type=\"button\" class=\"w-tabs-section-header\" aria-controls=\"content-y683\" aria-expanded=\"false\"><div class=\"w-tabs-section-title\">What time does Macarena Flamenca start?<\/div><div class=\"w-tabs-section-control\"><\/div><\/button><div  class=\"w-tabs-section-content\" id=\"content-y683\"><div class=\"w-tabs-section-content-h i-cf\"><div class=\"wpb_text_column\"><div class=\"wpb_wrapper\"><p>The latest municipal information and the Biennial indicate 21:30, although the Macarena District agenda still shows 21:00. We recommend arriving before 21:00.<\/p>\n<\/div><\/div><\/div><\/div><\/div><div class=\"w-tabs-section\" id=\"h759\"><button type=\"button\" class=\"w-tabs-section-header\" aria-controls=\"content-h759\" aria-expanded=\"false\"><div class=\"w-tabs-section-title\">Do I need to buy tickets for Macarena Flamenca?<\/div><div class=\"w-tabs-section-control\"><\/div><\/button><div  class=\"w-tabs-section-content\" id=\"content-h759\"><div class=\"w-tabs-section-content-h i-cf\"><div class=\"wpb_text_column\"><div class=\"wpb_wrapper\"><p>No. The festival has free admission. There is no official ticketing platform and no advance booking has been announced.<\/p>\n<\/div><\/div><\/div><\/div><\/div><div class=\"w-tabs-section\" id=\"i82e\"><button type=\"button\" class=\"w-tabs-section-header\" aria-controls=\"content-i82e\" aria-expanded=\"false\"><div class=\"w-tabs-section-title\">Does free admission guarantee a place?<\/div><div class=\"w-tabs-section-control\"><\/div><\/button><div  class=\"w-tabs-section-content\" id=\"content-i82e\"><div class=\"w-tabs-section-content-h i-cf\"><div class=\"wpb_text_column\"><div class=\"wpb_wrapper\"><p>No. Admission depends on available capacity and the organisers&#8217; instructions. Arriving early is recommended.<\/p>\n<\/div><\/div><\/div><\/div><\/div><div class=\"w-tabs-section\" id=\"j92b\"><button type=\"button\" class=\"w-tabs-section-header\" aria-controls=\"content-j92b\" aria-expanded=\"false\"><div class=\"w-tabs-section-title\">Who is performing at Macarena Flamenca 2026?<\/div><div class=\"w-tabs-section-control\"><\/div><\/button><div  class=\"w-tabs-section-content\" id=\"content-j92b\"><div class=\"w-tabs-section-content-h i-cf\"><div class=\"wpb_text_column\"><div class=\"wpb_wrapper\"><p>The announced line-up includes Potito, Antonio Reyes, Remedios Reyes, Manuel de la Tomasa and Manuela Amador Carrasco, with Manuel Herrera, Nono Reyes, Julio Romero, Luis Amador, Emilio Molina and Manuel Ta\u00f1\u00e9 accompanying them.<\/p>\n<\/div><\/div><\/div><\/div><\/div><div class=\"w-tabs-section\" id=\"ga03\"><button type=\"button\" class=\"w-tabs-section-header\" aria-controls=\"content-ga03\" aria-expanded=\"false\"><div class=\"w-tabs-section-title\">Who is the festival dedicated to?<\/div><div class=\"w-tabs-section-control\"><\/div><\/button><div  class=\"w-tabs-section-content\" id=\"content-ga03\"><div class=\"w-tabs-section-content-h i-cf\"><div class=\"wpb_text_column\"><div class=\"wpb_wrapper\"><p>The second edition pays tribute to Jos\u00e9 de la Tomasa for his career, his importance in Seville flamenco singing and his work passing on the tradition.<\/p>\n<\/div><\/div><\/div><\/div><\/div><div class=\"w-tabs-section\" id=\"xaca\"><button type=\"button\" class=\"w-tabs-section-header\" aria-controls=\"content-xaca\" aria-expanded=\"false\"><div class=\"w-tabs-section-title\">Will Jos\u00e9 de la Tomasa perform during the tribute?<\/div><div class=\"w-tabs-section-control\"><\/div><\/button><div  class=\"w-tabs-section-content\" id=\"content-xaca\"><div class=\"w-tabs-section-content-h i-cf\"><div class=\"wpb_text_column\"><div class=\"wpb_wrapper\"><p>Official sources present him as the central figure and honouree, but do not specify a full performance by him.<\/p>\n<\/div><\/div><\/div><\/div><\/div><div class=\"w-tabs-section\" id=\"rb8b\"><button type=\"button\" class=\"w-tabs-section-header\" aria-controls=\"content-rb8b\" aria-expanded=\"false\"><div class=\"w-tabs-section-title\">Where is Plaza Virgen del Pilar?<\/div><div class=\"w-tabs-section-control\"><\/div><\/button><div  class=\"w-tabs-section-content\" id=\"content-rb8b\"><div class=\"w-tabs-section-content-h i-cf\"><div class=\"wpb_text_column\"><div class=\"wpb_wrapper\"><p>It is in the La Barzola neighbourhood, within Seville&#8217;s Macarena district. It should not be confused with the Basilica of La Macarena.<\/p>\n<\/div><\/div><\/div><\/div><\/div><div class=\"w-tabs-section\" id=\"nc5b\"><button type=\"button\" class=\"w-tabs-section-header\" aria-controls=\"content-nc5b\" aria-expanded=\"false\"><div class=\"w-tabs-section-title\">Is it part of the Flamenco Biennial?<\/div><div class=\"w-tabs-section-control\"><\/div><\/button><div  class=\"w-tabs-section-content\" id=\"content-nc5b\"><div class=\"w-tabs-section-content-h i-cf\"><div class=\"wpb_text_column\"><div class=\"wpb_wrapper\"><p>Yes. It is linked to the pre-Biennial activities and the Flamenco a pie de calle programme of the 24th Seville Flamenco Biennial.<\/p>\n<\/div><\/div><\/div><\/div><\/div><div class=\"w-tabs-section\" id=\"ed3e\"><button type=\"button\" class=\"w-tabs-section-header\" aria-controls=\"content-ed3e\" aria-expanded=\"false\"><div class=\"w-tabs-section-title\">What happens if it rains or the time changes?<\/div><div class=\"w-tabs-section-control\"><\/div><\/button><div  class=\"w-tabs-section-content\" id=\"content-ed3e\"><div class=\"w-tabs-section-content-h i-cf\"><div class=\"wpb_text_column\"><div class=\"wpb_wrapper\"><p>As this is an outdoor event, adjustments may be made. It is worth checking the City Council, Macarena District and Biennial channels on the day.<\/p>\n<\/div><\/div><\/div><\/div><\/div><\/div><\/div><\/div><\/div><\/div><div class=\"vc_col-sm-1\/5 wpb_column vc_column_container\"><div class=\"vc_column-inner\"><div class=\"wpb_wrapper\"><\/div><\/div><\/div><\/div><\/div><\/section>\n","protected":false},"excerpt":{"rendered":"<p>Macarena Flamenca 2026 in Seville: programme, artists, tribute to Jos\u00e9 de la Tomasa, start time, location and free admission.<\/p>\n","protected":false},"author":1,"featured_media":14653,"comment_status":"closed","ping_status":"closed","sticky":false,"template":"","format":"standard","meta":{"_acf_changed":false,"wpai_generated_summary":"","_ayudawp_aiss_exclude":false,"_ayudawp_aiss_exclude_summary":false,"_ayudawp_aiss_summary":"","_ayudawp_aiss_summary_provider":"","_ayudawp_aiss_summary_hash":"","footnotes":""},"categories":[1667],"tags":[1234,1235,1388,1144,1384,1946,1236],"class_list":["post-14757","post","type-post","status-publish","format-standard","has-post-thumbnail","hentry","category-flamenco-festivals","tag-bienal-de-flamenco","tag-festivales-flamencos","tag-flamenco-dance","tag-flamenco-en-sevilla","tag-flamenco-singing","tag-free-flamenco","tag-sevilla"],"acf":[],"yoast_head":"<!-- This site is optimized with the Yoast SEO Premium plugin v28.4 (Yoast SEO v28.4) - https:\/\/yoast.com\/product\/yoast-seo-premium-wordpress\/ -->\n<title>Macarena Flamenca 2026: programme, time and free entry<\/title>\n<meta name=\"description\" content=\"Macarena Flamenca 2026 in Seville: programme, artists, tribute to Jos\u00e9 de la Tomasa, start time, location and free admission.\" \/>\n<meta name=\"robots\" content=\"index, follow, max-snippet:-1, max-image-preview:large, max-video-preview:-1\" \/>\n<link rel=\"canonical\" href=\"https:\/\/www.tablaosflamencos.com\/en\/macarena-flamenca-2026-programme-tickets.html\" \/>\n<meta property=\"og:locale\" content=\"en_US\" \/>\n<meta property=\"og:type\" content=\"article\" \/>\n<meta property=\"og:title\" content=\"Macarena Flamenca 2026: programme, tickets and everything you need to know\" \/>\n<meta property=\"og:description\" content=\"Macarena Flamenca 2026 in Seville: programme, artists, tribute to Jos\u00e9 de la Tomasa, start time, location and free admission.\" \/>\n<meta property=\"og:url\" content=\"https:\/\/www.tablaosflamencos.com\/en\/macarena-flamenca-2026-programme-tickets.html\" \/>\n<meta property=\"og:site_name\" content=\"Tablaos Flamencos\" \/>\n<meta property=\"article:publisher\" content=\"https:\/\/www.facebook.com\/tablaosflamencos\" \/>\n<meta property=\"article:published_time\" content=\"2026-09-05T11:50:39+00:00\" \/>\n<meta property=\"article:modified_time\" content=\"2026-09-05T12:11:07+00:00\" \/>\n<meta property=\"og:image\" content=\"https:\/\/www.tablaosflamencos.com\/wp-content\/uploads\/macarena-flamenca-2026-programacion-entradas-y-todo-lo-que-necesitas-saber-01.webp\" \/>\n\t<meta property=\"og:image:width\" content=\"1672\" \/>\n\t<meta property=\"og:image:height\" content=\"941\" \/>\n\t<meta property=\"og:image:type\" content=\"image\/webp\" \/>\n<meta name=\"author\" content=\"Miguel Ortiz\" \/>\n<meta name=\"twitter:card\" content=\"summary_large_image\" \/>\n<meta name=\"twitter:creator\" content=\"@tablaosflamenco\" \/>\n<meta name=\"twitter:site\" content=\"@tablaosflamenco\" \/>\n<meta name=\"twitter:label1\" content=\"Written by\" \/>\n\t<meta name=\"twitter:data1\" content=\"Miguel Ortiz\" \/>\n\t<meta name=\"twitter:label2\" content=\"Est. reading time\" \/>\n\t<meta name=\"twitter:data2\" content=\"13 minutes\" \/>\n<script type=\"application\/ld+json\" class=\"yoast-schema-graph\">{\"@context\":\"https:\\\/\\\/schema.org\",\"@graph\":[{\"@type\":\"Article\",\"@id\":\"https:\\\/\\\/www.tablaosflamencos.com\\\/en\\\/macarena-flamenca-2026-programme-tickets.html#article\",\"isPartOf\":{\"@id\":\"https:\\\/\\\/www.tablaosflamencos.com\\\/en\\\/macarena-flamenca-2026-programme-tickets.html\"},\"author\":{\"name\":\"Miguel Ortiz\",\"@id\":\"https:\\\/\\\/www.tablaosflamencos.com\\\/en#\\\/schema\\\/person\\\/e7a9ebe14eb75a52ceabfbffb3c54f5d\"},\"headline\":\"Macarena Flamenca 2026: programme, tickets and everything you need to know\",\"datePublished\":\"2026-09-05T11:50:39+00:00\",\"dateModified\":\"2026-09-05T12:11:07+00:00\",\"mainEntityOfPage\":{\"@id\":\"https:\\\/\\\/www.tablaosflamencos.com\\\/en\\\/macarena-flamenca-2026-programme-tickets.html\"},\"wordCount\":2681,\"publisher\":{\"@id\":\"https:\\\/\\\/www.tablaosflamencos.com\\\/en#organization\"},\"image\":{\"@id\":\"https:\\\/\\\/www.tablaosflamencos.com\\\/en\\\/macarena-flamenca-2026-programme-tickets.html#primaryimage\"},\"thumbnailUrl\":\"https:\\\/\\\/www.tablaosflamencos.com\\\/wp-content\\\/uploads\\\/macarena-flamenca-2026-programacion-entradas-y-todo-lo-que-necesitas-saber-01.webp\",\"keywords\":[\"Bienal de Flamenco\",\"festivales flamencos\",\"flamenco dance\",\"flamenco en Sevilla\",\"flamenco singing\",\"free flamenco\",\"sevilla\"],\"articleSection\":[\"Flamenco festivals\"],\"inLanguage\":\"en-US\"},{\"@type\":\"WebPage\",\"@id\":\"https:\\\/\\\/www.tablaosflamencos.com\\\/en\\\/macarena-flamenca-2026-programme-tickets.html\",\"url\":\"https:\\\/\\\/www.tablaosflamencos.com\\\/en\\\/macarena-flamenca-2026-programme-tickets.html\",\"name\":\"Macarena Flamenca 2026: programme, time and free entry\",\"isPartOf\":{\"@id\":\"https:\\\/\\\/www.tablaosflamencos.com\\\/en#website\"},\"primaryImageOfPage\":{\"@id\":\"https:\\\/\\\/www.tablaosflamencos.com\\\/en\\\/macarena-flamenca-2026-programme-tickets.html#primaryimage\"},\"image\":{\"@id\":\"https:\\\/\\\/www.tablaosflamencos.com\\\/en\\\/macarena-flamenca-2026-programme-tickets.html#primaryimage\"},\"thumbnailUrl\":\"https:\\\/\\\/www.tablaosflamencos.com\\\/wp-content\\\/uploads\\\/macarena-flamenca-2026-programacion-entradas-y-todo-lo-que-necesitas-saber-01.webp\",\"datePublished\":\"2026-09-05T11:50:39+00:00\",\"dateModified\":\"2026-09-05T12:11:07+00:00\",\"description\":\"Macarena Flamenca 2026 in Seville: programme, artists, tribute to Jos\u00e9 de la Tomasa, start time, location and free admission.\",\"breadcrumb\":{\"@id\":\"https:\\\/\\\/www.tablaosflamencos.com\\\/en\\\/macarena-flamenca-2026-programme-tickets.html#breadcrumb\"},\"inLanguage\":\"en-US\",\"potentialAction\":[{\"@type\":\"ReadAction\",\"target\":[\"https:\\\/\\\/www.tablaosflamencos.com\\\/en\\\/macarena-flamenca-2026-programme-tickets.html\"]}]},{\"@type\":\"ImageObject\",\"inLanguage\":\"en-US\",\"@id\":\"https:\\\/\\\/www.tablaosflamencos.com\\\/en\\\/macarena-flamenca-2026-programme-tickets.html#primaryimage\",\"url\":\"https:\\\/\\\/www.tablaosflamencos.com\\\/wp-content\\\/uploads\\\/macarena-flamenca-2026-programacion-entradas-y-todo-lo-que-necesitas-saber-01.webp\",\"contentUrl\":\"https:\\\/\\\/www.tablaosflamencos.com\\\/wp-content\\\/uploads\\\/macarena-flamenca-2026-programacion-entradas-y-todo-lo-que-necesitas-saber-01.webp\",\"width\":1672,\"height\":941,\"caption\":\"Macarena Flamenca 2026: programaci\u00f3n, entradas y todo lo que necesitas saber\"},{\"@type\":\"BreadcrumbList\",\"@id\":\"https:\\\/\\\/www.tablaosflamencos.com\\\/en\\\/macarena-flamenca-2026-programme-tickets.html#breadcrumb\",\"itemListElement\":[{\"@type\":\"ListItem\",\"position\":1,\"name\":\"Home\",\"item\":\"https:\\\/\\\/www.tablaosflamencos.com\\\/en\"},{\"@type\":\"ListItem\",\"position\":2,\"name\":\"Macarena Flamenca 2026: programme, tickets and everything you need to know\"}]},{\"@type\":\"WebSite\",\"@id\":\"https:\\\/\\\/www.tablaosflamencos.com\\\/en#website\",\"url\":\"https:\\\/\\\/www.tablaosflamencos.com\\\/en\",\"name\":\"Tablaos Flamencos\",\"description\":\"Entradas para tablaos flamencos de Espa\u00f1a\",\"publisher\":{\"@id\":\"https:\\\/\\\/www.tablaosflamencos.com\\\/en#organization\"},\"alternateName\":\"Tablaos Flamencos\",\"potentialAction\":[{\"@type\":\"SearchAction\",\"target\":{\"@type\":\"EntryPoint\",\"urlTemplate\":\"https:\\\/\\\/www.tablaosflamencos.com\\\/en?s={search_term_string}\"},\"query-input\":{\"@type\":\"PropertyValueSpecification\",\"valueRequired\":true,\"valueName\":\"search_term_string\"}}],\"inLanguage\":\"en-US\"},{\"@type\":[\"Organization\",\"Place\",\"EntertainmentBusiness\"],\"@id\":\"https:\\\/\\\/www.tablaosflamencos.com\\\/en#organization\",\"name\":\"Tablaos Flamencos\",\"alternateName\":\"Tablaos Flamencos\",\"url\":\"https:\\\/\\\/www.tablaosflamencos.com\\\/en\",\"logo\":{\"@id\":\"https:\\\/\\\/www.tablaosflamencos.com\\\/en\\\/macarena-flamenca-2026-programme-tickets.html#local-main-organization-logo\"},\"image\":{\"@id\":\"https:\\\/\\\/www.tablaosflamencos.com\\\/en\\\/macarena-flamenca-2026-programme-tickets.html#local-main-organization-logo\"},\"sameAs\":[\"https:\\\/\\\/www.facebook.com\\\/tablaosflamencos\",\"https:\\\/\\\/x.com\\\/tablaosflamenco\",\"https:\\\/\\\/mastodon.social\\\/@tablaosflamencos\",\"https:\\\/\\\/www.instagram.com\\\/tablaosflamencos\",\"https:\\\/\\\/tiktok.com\\\/@tablaosflamencos\",\"https:\\\/\\\/www.linkedin.com\\\/company\\\/109408238\\\/\"],\"description\":\"Venta de entradas para espect\u00e1culos flamencos\",\"legalName\":\"Tablaos Flamencos\",\"foundingDate\":\"2015-01-01\",\"numberOfEmployees\":{\"@type\":\"QuantitativeValue\",\"minValue\":\"1\",\"maxValue\":\"10\"},\"address\":{\"@id\":\"https:\\\/\\\/www.tablaosflamencos.com\\\/en\\\/macarena-flamenca-2026-programme-tickets.html#local-main-place-address\"},\"geo\":{\"@type\":\"GeoCoordinates\",\"latitude\":\"37.3868072\",\"longitude\":\"-5.993280299999999\"},\"telephone\":[\"+34623787787\"],\"contactPoint\":{\"@type\":\"ContactPoint\",\"telephone\":\"+34623787787\",\"email\":\"info@tablaosflamencos.com\"},\"openingHoursSpecification\":{\"@type\":\"OpeningHoursSpecification\",\"dayOfWeek\":[\"Monday\",\"Tuesday\",\"Wednesday\",\"Thursday\",\"Friday\",\"Saturday\",\"Sunday\"],\"opens\":\"00:00\",\"closes\":\"23:59\"},\"email\":\"info@tablaosflamencos.com\",\"priceRange\":\"$$$\",\"currenciesAccepted\":\"\u20ac\"},{\"@type\":\"Person\",\"@id\":\"https:\\\/\\\/www.tablaosflamencos.com\\\/en#\\\/schema\\\/person\\\/e7a9ebe14eb75a52ceabfbffb3c54f5d\",\"name\":\"Miguel Ortiz\",\"description\":\"Miguel Ortiz es un empresario flamenco, con una s\u00f3lida trayectoria dentro del sector. Ha presidido entidades culturales vinculadas al flamenco y, cuenta con un amplio recorrido profesional en la gesti\u00f3n y promoci\u00f3n de espect\u00e1culos y tablaos flamencos. Su pasi\u00f3n por la historia y el arte flamenco se refleja en cada art\u00edculo, donde combina experiencia, criterio y un profundo respeto por la tradici\u00f3n.\",\"sameAs\":[\"https:\\\/\\\/www.tablaosflamencos.com\",\"https:\\\/\\\/www.instagra.com\\\/miguelortizfe\",\"https:\\\/\\\/www.linkedin.com\\\/in\\\/miguelortizf\\\/\"],\"birthDate\":\"1984-11-22\",\"gender\":\"hombre\",\"knowsLanguage\":[\"espa\u00f1ol\",\"ingl\u00e9s\"],\"jobTitle\":\"Empresario flamenco\"},{\"@type\":\"PostalAddress\",\"@id\":\"https:\\\/\\\/www.tablaosflamencos.com\\\/en\\\/macarena-flamenca-2026-programme-tickets.html#local-main-place-address\",\"streetAddress\":\"C\\\/ Alemanes, 19\",\"addressLocality\":\"Sevilla\",\"postalCode\":\"41004\",\"addressRegion\":\"Sevilla\",\"addressCountry\":\"ES\"},{\"@type\":\"ImageObject\",\"inLanguage\":\"en-US\",\"@id\":\"https:\\\/\\\/www.tablaosflamencos.com\\\/en\\\/macarena-flamenca-2026-programme-tickets.html#local-main-organization-logo\",\"url\":\"https:\\\/\\\/www.tablaosflamencos.com\\\/wp-content\\\/uploads\\\/tablaos-flamencos-06-3.webp\",\"contentUrl\":\"https:\\\/\\\/www.tablaosflamencos.com\\\/wp-content\\\/uploads\\\/tablaos-flamencos-06-3.webp\",\"width\":600,\"height\":620,\"caption\":\"Tablaos Flamencos\"}]}<\/script>\n<meta name=\"geo.placename\" content=\"Sevilla\" \/>\n<meta name=\"geo.position\" content=\"37.3868072;-5.993280299999999\" \/>\n<meta name=\"geo.region\" content=\"Spain\" \/>\n<!-- \/ Yoast SEO Premium plugin. -->","yoast_head_json":{"title":"Macarena Flamenca 2026: programme, time and free entry","description":"Macarena Flamenca 2026 in Seville: programme, artists, tribute to Jos\u00e9 de la Tomasa, start time, location and free admission.","robots":{"index":"index","follow":"follow","max-snippet":"max-snippet:-1","max-image-preview":"max-image-preview:large","max-video-preview":"max-video-preview:-1"},"canonical":"https:\/\/www.tablaosflamencos.com\/en\/macarena-flamenca-2026-programme-tickets.html","og_locale":"en_US","og_type":"article","og_title":"Macarena Flamenca 2026: programme, tickets and everything you need to know","og_description":"Macarena Flamenca 2026 in Seville: programme, artists, tribute to Jos\u00e9 de la Tomasa, start time, location and free admission.","og_url":"https:\/\/www.tablaosflamencos.com\/en\/macarena-flamenca-2026-programme-tickets.html","og_site_name":"Tablaos Flamencos","article_publisher":"https:\/\/www.facebook.com\/tablaosflamencos","article_published_time":"2026-09-05T11:50:39+00:00","article_modified_time":"2026-09-05T12:11:07+00:00","og_image":[{"width":1672,"height":941,"url":"https:\/\/www.tablaosflamencos.com\/wp-content\/uploads\/macarena-flamenca-2026-programacion-entradas-y-todo-lo-que-necesitas-saber-01.webp","type":"image\/webp"}],"author":"Miguel Ortiz","twitter_card":"summary_large_image","twitter_creator":"@tablaosflamenco","twitter_site":"@tablaosflamenco","twitter_misc":{"Written by":"Miguel Ortiz","Est. reading time":"13 minutes"},"schema":{"@context":"https:\/\/schema.org","@graph":[{"@type":"Article","@id":"https:\/\/www.tablaosflamencos.com\/en\/macarena-flamenca-2026-programme-tickets.html#article","isPartOf":{"@id":"https:\/\/www.tablaosflamencos.com\/en\/macarena-flamenca-2026-programme-tickets.html"},"author":{"name":"Miguel Ortiz","@id":"https:\/\/www.tablaosflamencos.com\/en#\/schema\/person\/e7a9ebe14eb75a52ceabfbffb3c54f5d"},"headline":"Macarena Flamenca 2026: programme, tickets and everything you need to know","datePublished":"2026-09-05T11:50:39+00:00","dateModified":"2026-09-05T12:11:07+00:00","mainEntityOfPage":{"@id":"https:\/\/www.tablaosflamencos.com\/en\/macarena-flamenca-2026-programme-tickets.html"},"wordCount":2681,"publisher":{"@id":"https:\/\/www.tablaosflamencos.com\/en#organization"},"image":{"@id":"https:\/\/www.tablaosflamencos.com\/en\/macarena-flamenca-2026-programme-tickets.html#primaryimage"},"thumbnailUrl":"https:\/\/www.tablaosflamencos.com\/wp-content\/uploads\/macarena-flamenca-2026-programacion-entradas-y-todo-lo-que-necesitas-saber-01.webp","keywords":["Bienal de Flamenco","festivales flamencos","flamenco dance","flamenco en Sevilla","flamenco singing","free flamenco","sevilla"],"articleSection":["Flamenco festivals"],"inLanguage":"en-US"},{"@type":"WebPage","@id":"https:\/\/www.tablaosflamencos.com\/en\/macarena-flamenca-2026-programme-tickets.html","url":"https:\/\/www.tablaosflamencos.com\/en\/macarena-flamenca-2026-programme-tickets.html","name":"Macarena Flamenca 2026: programme, time and free entry","isPartOf":{"@id":"https:\/\/www.tablaosflamencos.com\/en#website"},"primaryImageOfPage":{"@id":"https:\/\/www.tablaosflamencos.com\/en\/macarena-flamenca-2026-programme-tickets.html#primaryimage"},"image":{"@id":"https:\/\/www.tablaosflamencos.com\/en\/macarena-flamenca-2026-programme-tickets.html#primaryimage"},"thumbnailUrl":"https:\/\/www.tablaosflamencos.com\/wp-content\/uploads\/macarena-flamenca-2026-programacion-entradas-y-todo-lo-que-necesitas-saber-01.webp","datePublished":"2026-09-05T11:50:39+00:00","dateModified":"2026-09-05T12:11:07+00:00","description":"Macarena Flamenca 2026 in Seville: programme, artists, tribute to Jos\u00e9 de la Tomasa, start time, location and free admission.","breadcrumb":{"@id":"https:\/\/www.tablaosflamencos.com\/en\/macarena-flamenca-2026-programme-tickets.html#breadcrumb"},"inLanguage":"en-US","potentialAction":[{"@type":"ReadAction","target":["https:\/\/www.tablaosflamencos.com\/en\/macarena-flamenca-2026-programme-tickets.html"]}]},{"@type":"ImageObject","inLanguage":"en-US","@id":"https:\/\/www.tablaosflamencos.com\/en\/macarena-flamenca-2026-programme-tickets.html#primaryimage","url":"https:\/\/www.tablaosflamencos.com\/wp-content\/uploads\/macarena-flamenca-2026-programacion-entradas-y-todo-lo-que-necesitas-saber-01.webp","contentUrl":"https:\/\/www.tablaosflamencos.com\/wp-content\/uploads\/macarena-flamenca-2026-programacion-entradas-y-todo-lo-que-necesitas-saber-01.webp","width":1672,"height":941,"caption":"Macarena Flamenca 2026: programaci\u00f3n, entradas y todo lo que necesitas saber"},{"@type":"BreadcrumbList","@id":"https:\/\/www.tablaosflamencos.com\/en\/macarena-flamenca-2026-programme-tickets.html#breadcrumb","itemListElement":[{"@type":"ListItem","position":1,"name":"Home","item":"https:\/\/www.tablaosflamencos.com\/en"},{"@type":"ListItem","position":2,"name":"Macarena Flamenca 2026: programme, tickets and everything you need to know"}]},{"@type":"WebSite","@id":"https:\/\/www.tablaosflamencos.com\/en#website","url":"https:\/\/www.tablaosflamencos.com\/en","name":"Tablaos Flamencos","description":"Entradas para tablaos flamencos de Espa\u00f1a","publisher":{"@id":"https:\/\/www.tablaosflamencos.com\/en#organization"},"alternateName":"Tablaos Flamencos","potentialAction":[{"@type":"SearchAction","target":{"@type":"EntryPoint","urlTemplate":"https:\/\/www.tablaosflamencos.com\/en?s={search_term_string}"},"query-input":{"@type":"PropertyValueSpecification","valueRequired":true,"valueName":"search_term_string"}}],"inLanguage":"en-US"},{"@type":["Organization","Place","EntertainmentBusiness"],"@id":"https:\/\/www.tablaosflamencos.com\/en#organization","name":"Tablaos Flamencos","alternateName":"Tablaos Flamencos","url":"https:\/\/www.tablaosflamencos.com\/en","logo":{"@id":"https:\/\/www.tablaosflamencos.com\/en\/macarena-flamenca-2026-programme-tickets.html#local-main-organization-logo"},"image":{"@id":"https:\/\/www.tablaosflamencos.com\/en\/macarena-flamenca-2026-programme-tickets.html#local-main-organization-logo"},"sameAs":["https:\/\/www.facebook.com\/tablaosflamencos","https:\/\/x.com\/tablaosflamenco","https:\/\/mastodon.social\/@tablaosflamencos","https:\/\/www.instagram.com\/tablaosflamencos","https:\/\/tiktok.com\/@tablaosflamencos","https:\/\/www.linkedin.com\/company\/109408238\/"],"description":"Venta de entradas para espect\u00e1culos flamencos","legalName":"Tablaos Flamencos","foundingDate":"2015-01-01","numberOfEmployees":{"@type":"QuantitativeValue","minValue":"1","maxValue":"10"},"address":{"@id":"https:\/\/www.tablaosflamencos.com\/en\/macarena-flamenca-2026-programme-tickets.html#local-main-place-address"},"geo":{"@type":"GeoCoordinates","latitude":"37.3868072","longitude":"-5.993280299999999"},"telephone":["+34623787787"],"contactPoint":{"@type":"ContactPoint","telephone":"+34623787787","email":"info@tablaosflamencos.com"},"openingHoursSpecification":{"@type":"OpeningHoursSpecification","dayOfWeek":["Monday","Tuesday","Wednesday","Thursday","Friday","Saturday","Sunday"],"opens":"00:00","closes":"23:59"},"email":"info@tablaosflamencos.com","priceRange":"$$$","currenciesAccepted":"\u20ac"},{"@type":"Person","@id":"https:\/\/www.tablaosflamencos.com\/en#\/schema\/person\/e7a9ebe14eb75a52ceabfbffb3c54f5d","name":"Miguel Ortiz","description":"Miguel Ortiz es un empresario flamenco, con una s\u00f3lida trayectoria dentro del sector. Ha presidido entidades culturales vinculadas al flamenco y, cuenta con un amplio recorrido profesional en la gesti\u00f3n y promoci\u00f3n de espect\u00e1culos y tablaos flamencos. Su pasi\u00f3n por la historia y el arte flamenco se refleja en cada art\u00edculo, donde combina experiencia, criterio y un profundo respeto por la tradici\u00f3n.","sameAs":["https:\/\/www.tablaosflamencos.com","https:\/\/www.instagra.com\/miguelortizfe","https:\/\/www.linkedin.com\/in\/miguelortizf\/"],"birthDate":"1984-11-22","gender":"hombre","knowsLanguage":["espa\u00f1ol","ingl\u00e9s"],"jobTitle":"Empresario flamenco"},{"@type":"PostalAddress","@id":"https:\/\/www.tablaosflamencos.com\/en\/macarena-flamenca-2026-programme-tickets.html#local-main-place-address","streetAddress":"C\/ Alemanes, 19","addressLocality":"Sevilla","postalCode":"41004","addressRegion":"Sevilla","addressCountry":"ES"},{"@type":"ImageObject","inLanguage":"en-US","@id":"https:\/\/www.tablaosflamencos.com\/en\/macarena-flamenca-2026-programme-tickets.html#local-main-organization-logo","url":"https:\/\/www.tablaosflamencos.com\/wp-content\/uploads\/tablaos-flamencos-06-3.webp","contentUrl":"https:\/\/www.tablaosflamencos.com\/wp-content\/uploads\/tablaos-flamencos-06-3.webp","width":600,"height":620,"caption":"Tablaos Flamencos"}]},"geo.placename":"Sevilla","geo.position":{"lat":"37.3868072","long":"-5.993280299999999"},"geo.region":"Spain"},"_links":{"self":[{"href":"https:\/\/www.tablaosflamencos.com\/en\/wp-json\/wp\/v2\/posts\/14757","targetHints":{"allow":["GET"]}}],"collection":[{"href":"https:\/\/www.tablaosflamencos.com\/en\/wp-json\/wp\/v2\/posts"}],"about":[{"href":"https:\/\/www.tablaosflamencos.com\/en\/wp-json\/wp\/v2\/types\/post"}],"author":[{"embeddable":true,"href":"https:\/\/www.tablaosflamencos.com\/en\/wp-json\/wp\/v2\/users\/1"}],"replies":[{"embeddable":true,"href":"https:\/\/www.tablaosflamencos.com\/en\/wp-json\/wp\/v2\/comments?post=14757"}],"version-history":[{"count":1,"href":"https:\/\/www.tablaosflamencos.com\/en\/wp-json\/wp\/v2\/posts\/14757\/revisions"}],"predecessor-version":[{"id":14806,"href":"https:\/\/www.tablaosflamencos.com\/en\/wp-json\/wp\/v2\/posts\/14757\/revisions\/14806"}],"wp:featuredmedia":[{"embeddable":true,"href":"https:\/\/www.tablaosflamencos.com\/en\/wp-json\/wp\/v2\/media\/14653"}],"wp:attachment":[{"href":"https:\/\/www.tablaosflamencos.com\/en\/wp-json\/wp\/v2\/media?parent=14757"}],"wp:term":[{"taxonomy":"category","embeddable":true,"href":"https:\/\/www.tablaosflamencos.com\/en\/wp-json\/wp\/v2\/categories?post=14757"},{"taxonomy":"post_tag","embeddable":true,"href":"https:\/\/www.tablaosflamencos.com\/en\/wp-json\/wp\/v2\/tags?post=14757"}],"curies":[{"name":"wp","href":"https:\/\/api.w.org\/{rel}","templated":true}]}}