{"id":14753,"date":"2026-09-05T13:46:58","date_gmt":"2026-09-05T11:46:58","guid":{"rendered":"https:\/\/www.tablaosflamencos.com\/?p=14753"},"modified":"2026-09-05T14:35:26","modified_gmt":"2026-09-05T12:35:26","slug":"noches-unicas-muelle-sal-hotel-triana-biennial-2026","status":"publish","type":"post","link":"https:\/\/www.tablaosflamencos.com\/en\/noches-unicas-muelle-sal-hotel-triana-biennial-2026.html","title":{"rendered":"Flamenco Biennial: Noches \u00danicas move from Hotel Triana to Muelle de la Sal"},"content":{"rendered":"<section class=\"l-section wpb_row height_huge\"><div class=\"l-section-h i-cf\"><div class=\"g-cols vc_row via_flex valign_middle type_default stacking_default\"><div class=\"vc_col-sm-6 wpb_column vc_column_container\"><div class=\"vc_column-inner\"><div class=\"wpb_wrapper\"><div class=\"wpb_text_column\"><div class=\"wpb_wrapper\"><p>The <a href=\"https:\/\/www.tablaosflamencos.com\/en\/seville-flamenco-biennial-2026.html\"><strong>24th Seville Flamenco Biennial 2026<\/strong><\/a> has announced an important change just days before the festival begins: the three <strong>Noches \u00danicas originally scheduled at Hotel Triana<\/strong> on 17, 18 and 19 September will now take place at <strong>Muelle de la Sal<\/strong>.<\/p>\n<p>The decision responds to strong demand for these performances and will allow a larger audience to attend. Everything else, however, remains unchanged: <strong>the same dates, the same times and the same artists<\/strong>. Tickets already purchased also remain valid, with no need to exchange them.<\/p>\n<\/div><\/div><\/div><\/div><\/div><div class=\"vc_col-sm-6 wpb_column vc_column_container\"><div class=\"vc_column-inner\"><div class=\"wpb_wrapper\"><div class=\"wpb_text_column\"><div class=\"wpb_wrapper\"><h2>Key facts about the venue change<\/h2>\n<ul>\n<li><strong>New venue:<\/strong> Muelle de la Sal, Seville.<\/li>\n<li><strong>Previous venue:<\/strong> Hotel Triana.<\/li>\n<li><strong>Dates:<\/strong> 17, 18 and 19 September 2026.<\/li>\n<li><strong>Time:<\/strong> 23:00 on all three nights.<\/li>\n<li><strong>Reason:<\/strong> to accommodate greater audience demand.<\/li>\n<li><strong>Tickets already purchased:<\/strong> remain valid.<\/li>\n<li><strong>Artists and programme:<\/strong> unchanged.<\/li>\n<\/ul>\n<\/div><\/div><\/div><\/div><\/div><\/div><\/div><\/section><section class=\"l-section wpb_row height_huge color_alternate with_shape\"><div class=\"l-section-shape type_zigzag pos_top hor_flip\" style=\"height:3vmin;\"><svg xmlns=\"http:\/\/www.w3.org\/2000\/svg\" viewBox=\"0 0 64 8\" preserveAspectRatio=\"none\" width=\"100%\" height=\"100%\">\r\n\t<path fill=\"currentColor\" d=\"M64 8 L0 8 L0 0 L20 7.9 L40 3 L48 5 L64 0 Z\"\/>\r\n<\/svg><\/div><div class=\"l-section-shape type_zigzag pos_bottom\" style=\"height:3vmin;\"><svg xmlns=\"http:\/\/www.w3.org\/2000\/svg\" viewBox=\"0 0 64 8\" preserveAspectRatio=\"none\" width=\"100%\" height=\"100%\">\r\n\t<path fill=\"currentColor\" d=\"M64 8 L0 8 L0 0 L20 7.9 L40 3 L48 5 L64 0 Z\"\/>\r\n<\/svg><\/div><div class=\"l-section-h i-cf\"><div class=\"g-cols vc_row via_flex valign_top type_default stacking_default\"><div class=\"vc_col-sm-12 wpb_column vc_column_container\"><div class=\"vc_column-inner\"><div class=\"wpb_wrapper\"><div class=\"wpb_text_column\"><div class=\"wpb_wrapper\"><blockquote>\n<p><strong>At a glance:<\/strong> the three Noches \u00danicas due to take place at Hotel Triana are moving to Muelle de la Sal. <em>Mujeres gitanas<\/em> will be on 17 September, <em>Uvitas negras<\/em> on the 18th and <em>Andaluc\u00eda en el tiempo<\/em> on the 19th, all at 23:00. The line-ups and dates remain unchanged, and tickets already purchased are still valid. Anyone who no longer wishes to attend because of the venue change can request a refund.<\/p>\n<\/blockquote>\n<\/div><\/div><\/div><\/div><\/div><\/div><\/div><\/section><section class=\"l-section wpb_row height_huge\"><div class=\"l-section-h i-cf\"><div class=\"g-cols vc_row via_flex valign_top type_default stacking_default\"><div class=\"vc_col-sm-12 wpb_column vc_column_container\"><div class=\"vc_column-inner\"><div class=\"wpb_wrapper\"><div class=\"wpb_text_column\"><div class=\"wpb_wrapper\"><h2>What changes and what stays the same for the Noches \u00danicas<\/h2>\n<div style=\"overflow-x: auto;\">\n<table>\n<thead>\n<tr>\n<th>Item<\/th>\n<th>Previously<\/th>\n<th>Now<\/th>\n<\/tr>\n<\/thead>\n<tbody>\n<tr>\n<td><strong>Venue<\/strong><\/td>\n<td>Hotel Triana<\/td>\n<td><strong>Muelle de la Sal<\/strong><\/td>\n<\/tr>\n<tr>\n<td><strong>Dates<\/strong><\/td>\n<td>17, 18 and 19 September<\/td>\n<td>Unchanged<\/td>\n<\/tr>\n<tr>\n<td><strong>Time<\/strong><\/td>\n<td>23:00<\/td>\n<td>Unchanged<\/td>\n<\/tr>\n<tr>\n<td><strong>Artist line-ups<\/strong><\/td>\n<td>As originally announced<\/td>\n<td>Remain entirely unchanged<\/td>\n<\/tr>\n<tr>\n<td><strong>Tickets purchased<\/strong><\/td>\n<td>Valid for Hotel Triana<\/td>\n<td>Still valid for Muelle de la Sal<\/td>\n<\/tr>\n<\/tbody>\n<\/table>\n<\/div>\n<p>&nbsp;<\/p>\n<p>The change therefore concerns the <strong>performance venue<\/strong>, not the artistic content of the three evenings. For anyone who had already organised their schedule around these late-night shows, the main adjustment will be the journey to the new venue.<\/p>\n<p>The news is particularly significant because these performances belong to the <a href=\"https:\/\/www.tablaosflamencos.com\/en\/seville-flamenco-biennial-2026-unique-nights.html\"><strong>Noches \u00danicas series at the 2026 Biennial<\/strong><\/a>, a selection of one-off events defined by their particular combination of artists, repertoires and settings. The festival&#8217;s overall programme includes 26 Noches \u00danicas throughout this edition.<\/p>\n<\/div><\/div><div class=\"w-separator size_medium\"><\/div><div class=\"w-hwrapper valign_top wrap align_center\" style=\"--hwrapper-gap:1.2rem\"><div class=\"w-btn-wrapper align_none\"><a class=\"w-btn us-btn-style_1\" href=\"https:\/\/www.tablaosflamencos.com\/en\/seville-flamenco-biennial-2026.html\"><span class=\"w-btn-label\">Complete guide to the 2026 Biennial<\/span><\/a><\/div><div class=\"w-btn-wrapper align_none\"><a class=\"w-btn us-btn-style_11\" href=\"https:\/\/www.tablaosflamencos.com\/en\/seville-flamenco-biennial-2026-unique-nights.html\"><span class=\"w-btn-label\">Noches \u00danicas calendar<\/span><\/a><\/div><\/div><\/div><\/div><\/div><\/div><\/div><\/section><section class=\"l-section wpb_row height_huge color_alternate with_shape\"><div class=\"l-section-shape type_zigzag pos_top hor_flip\" style=\"height:3vmin;\"><svg xmlns=\"http:\/\/www.w3.org\/2000\/svg\" viewBox=\"0 0 64 8\" preserveAspectRatio=\"none\" width=\"100%\" height=\"100%\">\r\n\t<path fill=\"currentColor\" d=\"M64 8 L0 8 L0 0 L20 7.9 L40 3 L48 5 L64 0 Z\"\/>\r\n<\/svg><\/div><div class=\"l-section-shape type_zigzag pos_bottom\" style=\"height:3vmin;\"><svg xmlns=\"http:\/\/www.w3.org\/2000\/svg\" viewBox=\"0 0 64 8\" preserveAspectRatio=\"none\" width=\"100%\" height=\"100%\">\r\n\t<path fill=\"currentColor\" d=\"M64 8 L0 8 L0 0 L20 7.9 L40 3 L48 5 L64 0 Z\"\/>\r\n<\/svg><\/div><div class=\"l-section-h i-cf\"><div class=\"g-cols vc_row via_flex valign_top type_default stacking_default\"><div class=\"vc_col-sm-6 wpb_column vc_column_container\"><div class=\"vc_column-inner\"><div class=\"wpb_wrapper\"><div class=\"wpb_text_column\"><div class=\"wpb_wrapper\"><h2>Why the Biennial is replacing Hotel Triana with Muelle de la Sal<\/h2>\n<p>Seville City Council, through its Tourism and Culture Department, and the organisers of the 24th Biennial have explained that the move responds to <strong>strong demand for the three performances<\/strong>. The new location will accommodate a larger audience without changing the planned artistic programme.<\/p>\n<p>No specific figure has been announced for the increase in capacity, so the move should not be interpreted as a guarantee of unlimited ticket availability. What matters is that Muelle de la Sal offers greater capacity for these events while allowing each performance to retain its date and time.<\/p>\n<p>The change comes after Hotel Triana had been presented as one of the major returning venues of the 2026 edition. The former communal courtyard building was due to resume its role as a late-night setting four years after its previous appearance at the Biennial.<\/p>\n<p>Public demand has ultimately reshaped that initial plan. All three productions retain their Noches \u00danicas identity, but move from an intimate residential courtyard to an open space beside the Guadalquivir, in one of central Seville&#8217;s most recognisable areas.<\/p>\n<\/div><\/div><\/div><\/div><\/div><div class=\"vc_col-sm-6 wpb_column vc_column_container\"><div class=\"vc_column-inner\"><div class=\"wpb_wrapper\"><div class=\"wpb_text_column\"><div class=\"wpb_wrapper\"><h2>What Muelle de la Sal brings as the new setting<\/h2>\n<p>The <strong>Muelle de la Sal<\/strong> lies on the left bank of the Guadalquivir, beside the Puente de Isabel II and opposite Triana. Historically associated with Seville&#8217;s old port, it is now a broad pedestrian area beside the river.<\/p>\n<p>Its location significantly changes the experience originally envisaged for these three nights. Hotel Triana offered the domestic scale of a communal courtyard, with galleries and a very close relationship between stage and audience. Muelle de la Sal, by contrast, places flamenco outdoors, open to Seville&#8217;s cityscape and river views.<\/p>\n<p>The location is not new to the Biennial. The area around Muelle de la Sal has previously hosted flamenco activities and celebrations linked to the festival and World Flamenco Day. In 2026 it also features among the Biennial&#8217;s official venues.<\/p>\n<p>The site is on <strong>Paseo Marqu\u00e9s de Contadero<\/strong>, near Triana Bridge, the Maestranza bullring and Paseo de Crist\u00f3bal Col\u00f3n. For visitors staying in the historic centre, it is easily reached on foot from many of Seville&#8217;s main sights.<\/p>\n<\/div><\/div><\/div><\/div><\/div><\/div><\/div><\/section><section class=\"l-section wpb_row height_huge\"><div class=\"l-section-h i-cf\"><div class=\"g-cols vc_row via_flex valign_top type_default stacking_default\"><div class=\"vc_col-sm-12 wpb_column vc_column_container\"><div class=\"vc_column-inner\"><div class=\"wpb_wrapper\"><div class=\"wpb_text_column\"><div class=\"wpb_wrapper\"><h2>Updated programme at Muelle de la Sal<\/h2>\n<div style=\"overflow-x: auto;\">\n<table>\n<thead>\n<tr>\n<th>Date<\/th>\n<th>Time<\/th>\n<th>Performance<\/th>\n<th>Main artists<\/th>\n<\/tr>\n<\/thead>\n<tbody>\n<tr>\n<td>Thursday 17 September<\/td>\n<td>23:00<\/td>\n<td><strong>Mujeres gitanas<\/strong><\/td>\n<td>Remedios Amaya, Montse Cort\u00e9s, La Fabi, Josemi Carmona and guest artists<\/td>\n<\/tr>\n<tr>\n<td>Friday 18 September<\/td>\n<td>23:00<\/td>\n<td><strong>Uvitas negras<\/strong><\/td>\n<td>Artists from Los Palacios, El Mistela and guest guitarists<\/td>\n<\/tr>\n<tr>\n<td>Saturday 19 September<\/td>\n<td>23:00<\/td>\n<td><strong>Andaluc\u00eda en el tiempo<\/strong><\/td>\n<td>Masters from different Andalusian provinces with Antonio Carri\u00f3n and Eduardo Rebollar<\/td>\n<\/tr>\n<\/tbody>\n<\/table>\n<\/div>\n<p>&nbsp;<\/p>\n<h2>17 September: Mujeres gitanas<\/h2>\n<p>The first of the three relocated evenings will be <strong><em>Mujeres gitanas<\/em><\/strong>, on Thursday 17 September at 23:00. The singing will be in the hands of <strong>Remedios Amaya, Montse Cort\u00e9s and La Fabi<\/strong>, three voices with very different careers and personalities, united by an understanding of flamenco rooted in family experience, transmission and stagecraft.<\/p>\n<p>Guitar accompaniment will be provided by <strong>Josemi Carmona and Jos\u00e9 Serrano<\/strong>. The line-up also includes <strong>Israel Su\u00e1rez \u00abPira\u00f1a\u00bb<\/strong> on percussion, <strong>\u00c1lvaro Llanos<\/strong> on bass and <strong>Los Cherokee<\/strong> on backing vocals and rhythmic handclapping.<\/p>\n<p>The production grew out of the project <em>La verdad duele<\/em> and places Gitana women at its centre. The original concept was developed with Hotel Triana&#8217;s distinctive character in mind; following the move, the same cast will now perform in the open setting of Muelle de la Sal.<\/p>\n<p>Remedios Amaya also has particularly strong ties to Triana and the recent history of Seville&#8217;s flamenco scene. Her appearance alongside Montse Cort\u00e9s and La Fabi makes this one of the most striking vocal encounters of the Biennial&#8217;s second week.<\/p>\n<h2>18 September: Uvitas negras and 75 years of El Pozo de las Penas<\/h2>\n<p>Friday the 18th, again at 23:00, brings <strong><em>Uvitas negras<\/em><\/strong>, a performance created to mark the <strong>75th anniversary of the Pe\u00f1a El Pozo de las Penas<\/strong> in Los Palacios y Villafranca.<\/p>\n<p>The evening will bring together several generations of artists from Los Palacios. The line-up includes <strong>Itoly de Los Palacios, Juan \u00abEl Distinguido\u00bb, Nene Escalera, Manuel Orta, Miguel Ortega, Jos\u00e9 \u00c1ngel Carmona, Anabel de Vico and Juanelo<\/strong>. Dance will be provided by <strong>Juan Manuel \u00abEl Mistela\u00bb<\/strong>, whose return to a Seville stage is one of the production&#8217;s main attractions.<\/p>\n<p>The guitarists will be <strong>Ni\u00f1o Fraile, Salvador Guti\u00e9rrez and Juan Requena<\/strong>. The production is directed by <strong>Manuel Curao<\/strong>.<\/p>\n<p>The title recalls the street-vendor song that Manolo Caracol dedicated to the grapes of Los Palacios and provides the thread for an evening focused on the memory of one of the most influential flamenco associations in the Seville area. The complete line-up remains unchanged despite the venue move.<\/p>\n<h2>19 September: Andaluc\u00eda en el tiempo<\/h2>\n<p>The third event will be <strong><em>Andaluc\u00eda en el tiempo<\/em><\/strong>, on Saturday 19 September at 23:00. The performance explores the regional diversity of flamenco singing through artists associated with different Andalusian provinces.<\/p>\n<p>Taking part will be <strong>Jos\u00e9 Sorroche<\/strong>, from Almer\u00eda; <strong>Paqui Corpas<\/strong>, from M\u00e1laga; <strong>Jaime \u00abEl Parr\u00f3n\u00bb<\/strong>, from Granada; <strong>Curro Lucena<\/strong>, from C\u00f3rdoba; <strong>Joselete de Linares<\/strong>, from Ja\u00e9n; <strong>El Boquer\u00f3n<\/strong>, from Seville; <strong>Carmen de la Jara<\/strong>, from C\u00e1diz; <strong>El Pecas<\/strong>, from Huelva; and <strong>Romerito de Jerez<\/strong>.<\/p>\n<p>The guitarists will be <strong>Antonio Carri\u00f3n and Eduardo Rebollar<\/strong>, with Antonio Amaya \u00abPetete\u00bb and Emilio Casta\u00f1eda providing rhythmic handclapping. Manuel Curao also directs this production.<\/p>\n<p>The aim is to bring together voices that preserve styles, local variations and approaches to interpretation associated with different flamenco regions. Some of the performers now appear less frequently on the major circuits, making their gathering one of the programme&#8217;s genuinely rare opportunities.<\/p>\n<\/div><\/div><\/div><\/div><\/div><\/div><\/div><\/section><section class=\"l-section wpb_row height_huge color_alternate with_shape\"><div class=\"l-section-shape type_zigzag pos_top\" style=\"height:3vmin;\"><svg xmlns=\"http:\/\/www.w3.org\/2000\/svg\" viewBox=\"0 0 64 8\" preserveAspectRatio=\"none\" width=\"100%\" height=\"100%\">\r\n\t<path fill=\"currentColor\" d=\"M64 8 L0 8 L0 0 L20 7.9 L40 3 L48 5 L64 0 Z\"\/>\r\n<\/svg><\/div><div class=\"l-section-shape type_zigzag pos_bottom\" style=\"height:3vmin;\"><svg xmlns=\"http:\/\/www.w3.org\/2000\/svg\" viewBox=\"0 0 64 8\" preserveAspectRatio=\"none\" width=\"100%\" height=\"100%\">\r\n\t<path fill=\"currentColor\" d=\"M64 8 L0 8 L0 0 L20 7.9 L40 3 L48 5 L64 0 Z\"\/>\r\n<\/svg><\/div><div class=\"l-section-h i-cf\"><div class=\"g-cols vc_row via_flex valign_top type_default stacking_default\"><div class=\"vc_col-sm-6 wpb_column vc_column_container\"><div class=\"vc_column-inner\"><div class=\"wpb_wrapper\"><div class=\"wpb_text_column\"><div class=\"wpb_wrapper\"><h2>Do tickets already purchased need to be exchanged?<\/h2>\n<p><strong>No.<\/strong> The organisers have expressly confirmed that tickets purchased for all three performances remain fully valid at the new location.<\/p>\n<p>This means that anyone who already has a ticket for <em>Mujeres gitanas<\/em>, <em>Uvitas negras<\/em> or <em>Andaluc\u00eda en el tiempo<\/em> does not need to complete any formalities to enter Muelle de la Sal.<\/p>\n<p>It is nevertheless worth checking any messages sent by the ticketing provider or the Biennial before attending, particularly because the venue has changed. Official information for each performance should take precedence over screenshots, printed listings or programmes downloaded before the announcement.<\/p>\n<p>If you do not yet have a ticket, check availability through the official channels. Our guide to <a href=\"https:\/\/www.tablaosflamencos.com\/en\/seville-flamenco-biennial-2026-tickets-prices-discounts.html\"><strong>2026 Biennial tickets, prices and discounts<\/strong><\/a> explains where to buy and what precautions to take to avoid resale and unofficial links.<\/p>\n<\/div><\/div><\/div><\/div><\/div><div class=\"vc_col-sm-6 wpb_column vc_column_container\"><div class=\"vc_column-inner\"><div class=\"wpb_wrapper\"><div class=\"wpb_text_column\"><div class=\"wpb_wrapper\"><h2>Can you request a refund because of the venue change?<\/h2>\n<p>Yes. People who decide not to attend because of the move can request a <strong>refund of the amount paid for their tickets<\/strong>.<\/p>\n<p>The organisers have provided this email address for such requests:<\/p>\n<p><strong>taquillaseulen.icas@gmail.com<\/strong><\/p>\n<p>The box office can also be reached by telephone:<\/p>\n<p><strong>955 472 822<\/strong><\/p>\n<p>Keep your proof of purchase and use the purchaser details supplied when booking. If you bought through a particular provider, also check any instructions that operator sends.<\/p>\n<p>The venue change does not oblige anyone to request a refund: this is an option for those who would rather not attend the new location. Everyone else can continue to use their original ticket.<\/p>\n<\/div><\/div><\/div><\/div><\/div><\/div><\/div><\/section><section class=\"l-section wpb_row height_huge\"><div class=\"l-section-h i-cf\"><div class=\"g-cols vc_row via_flex valign_top type_default stacking_default\"><div class=\"vc_col-sm-12 wpb_column vc_column_container\"><div class=\"vc_column-inner\"><div class=\"wpb_wrapper\"><div class=\"wpb_text_column\"><div class=\"wpb_wrapper\"><h2>How to get to Muelle de la Sal<\/h2>\n<p>The Biennial lists the entrance to Muelle de la Sal at <strong>Paseo Marqu\u00e9s de Contadero, s\/n<\/strong>. The venue is beside the Guadalquivir, on the stretch between Puente de Isabel II and Torre del Oro.<\/p>\n<p>The organisers list TUSSAM bus routes <strong>3, 21, 40, 41, EA and A2<\/strong> as public transport options. The nearest metro stations indicated by the Biennial are <strong>Puerta de Jerez<\/strong> and <strong>Plaza de Cuba<\/strong>.<\/p>\n<p>For many visitors staying in the centre, walking will be one of the simplest options. The quay is very close to the Maestranza bullring, Mercado del Barranco and Triana Bridge. Since these performances start at 23:00, plan the return to your accommodation too, rather than relying on tight connections after the show.<\/p>\n<p>If you are combining one of these late-night events with another Biennial performance, allow enough time between venues. On 17 and 18 September there are earlier shows at Teatro Lope de Vega, while other city venues have performances on the 19th. Actual running times can vary, so it is unwise to plan your journeys to the minute.<\/p>\n<\/div><\/div><div class=\"w-separator size_medium\"><\/div><div class=\"w-hwrapper valign_top wrap align_center\" style=\"--hwrapper-gap:1.2rem\"><div class=\"w-btn-wrapper align_none\"><a class=\"w-btn us-btn-style_1\" href=\"https:\/\/www.tablaosflamencos.com\/en\/seville-flamenco-biennial-2026-tickets-prices-discounts.html\"><span class=\"w-btn-label\">Tickets, prices and discounts<\/span><\/a><\/div><div class=\"w-btn-wrapper align_none\"><a class=\"w-btn us-btn-style_11\" href=\"https:\/\/www.labienal.com\/espacios\/muelle-de-la-sal\"><span class=\"w-btn-label\">Muelle de la Sal on the official website<\/span><\/a><\/div><\/div><\/div><\/div><\/div><\/div><\/div><\/section><section class=\"l-section wpb_row height_huge color_alternate with_shape\"><div class=\"l-section-shape type_zigzag pos_top hor_flip\" style=\"height:3vmin;\"><svg xmlns=\"http:\/\/www.w3.org\/2000\/svg\" viewBox=\"0 0 64 8\" preserveAspectRatio=\"none\" width=\"100%\" height=\"100%\">\r\n\t<path fill=\"currentColor\" d=\"M64 8 L0 8 L0 0 L20 7.9 L40 3 L48 5 L64 0 Z\"\/>\r\n<\/svg><\/div><div class=\"l-section-shape type_zigzag pos_bottom\" style=\"height:3vmin;\"><svg xmlns=\"http:\/\/www.w3.org\/2000\/svg\" viewBox=\"0 0 64 8\" preserveAspectRatio=\"none\" width=\"100%\" height=\"100%\">\r\n\t<path fill=\"currentColor\" d=\"M64 8 L0 8 L0 0 L20 7.9 L40 3 L48 5 L64 0 Z\"\/>\r\n<\/svg><\/div><div class=\"l-section-h i-cf\"><div class=\"g-cols vc_row via_flex valign_top type_default stacking_default\"><div class=\"vc_col-sm-12 wpb_column vc_column_container\"><div class=\"vc_column-inner\"><div class=\"wpb_wrapper\"><div class=\"wpb_text_column\"><div class=\"wpb_wrapper\"><h2>An important change for one of the Biennial&#8217;s most distinctive events<\/h2>\n<p>The move changes one of the most appealing stories the Biennial had proposed for September 2026. Hotel Triana&#8217;s return carried strong symbolic significance: three late-night performances in a former communal courtyard, connecting the programme with Triana&#8217;s memory and an intimate way of experiencing flamenco.<\/p>\n<p>High demand has made it necessary to prioritise a space that can welcome more people. The result will be different, but not necessarily any less distinctive. Muelle de la Sal places these three Noches \u00danicas at the foot of Triana Bridge, with the Guadalquivir as a backdrop, in a setting that is part of Seville&#8217;s most recognisable image.<\/p>\n<p>For visitors, the key point is simple: <strong>there is no need to reorganise your schedule beyond the change of location<\/strong>. The dates are still 17, 18 and 19 September, all three performances begin at 23:00 and the announced line-ups remain unchanged.<\/p>\n<p>As the change was announced just days before the Biennial begins, we recommend checking the official programme before travelling to the venue. We will also update our Biennial guides as the changes are reflected in each performance&#8217;s official listing.<\/p>\n<p>And if you cannot get tickets for these evenings, Seville offers a wide choice of flamenco throughout the festival. Our guide to <a href=\"https:\/\/www.tablaosflamencos.com\/en\/seville-flamenco-biennial-2026-sold-out-tickets-what-to-see.html\"><strong>what to see when Biennial tickets sell out<\/strong><\/a> brings together alternatives so you can keep enjoying performances during your stay.<\/p>\n<\/div><\/div><\/div><\/div><\/div><\/div><\/div><\/section><section class=\"l-section wpb_row height_huge\"><div class=\"l-section-h i-cf\"><div class=\"g-cols vc_row via_flex valign_top type_default stacking_default\"><div class=\"vc_col-sm-1\/5 wpb_column vc_column_container\"><div class=\"vc_column-inner\"><div class=\"wpb_wrapper\"><\/div><\/div><\/div><div class=\"vc_col-sm-3\/5 wpb_column vc_column_container\"><div class=\"vc_column-inner\"><div class=\"wpb_wrapper\"><div class=\"wpb_text_column\"><div class=\"wpb_wrapper\"><h2>Frequently asked questions about the move to Muelle de la Sal<\/h2>\n<\/div><\/div><div class=\"w-separator size_medium\"><\/div><div class=\"w-tabs accordion toggle_style_1 has_scrolling\" style=\"--sections-title-size:inherit;--sections-gap:0.5rem;\"><div class=\"w-tabs-sections titles-align_none icon_chevron cpos_right\"><div class=\"w-tabs-section\" id=\"o7e3\" itemscope itemprop=\"mainEntity\" itemtype=\"https:\/\/schema.org\/Question\"><button type=\"button\" class=\"w-tabs-section-header\" aria-controls=\"content-o7e3\" aria-expanded=\"false\"><div class=\"w-tabs-section-title\" itemprop=\"name\">Which performances are moving from Hotel Triana to Muelle de la Sal?<\/div><div class=\"w-tabs-section-control\"><\/div><\/button><div  class=\"w-tabs-section-content\" id=\"content-o7e3\" itemscope itemprop=\"acceptedAnswer\" itemtype=\"https:\/\/schema.org\/Answer\"><div class=\"w-tabs-section-content-h i-cf\" itemprop=\"text\"><div class=\"wpb_text_column\"><div class=\"wpb_wrapper\"><p>All three Noches \u00danicas originally scheduled at Hotel Triana are moving: <em>Mujeres gitanas<\/em>, on 17 September; <em>Uvitas negras<\/em>, on the 18th; and <em>Andaluc\u00eda en el tiempo<\/em>, on the 19th.<\/p>\n<\/div><\/div><\/div><\/div><\/div><div class=\"w-tabs-section\" id=\"k92d\" itemscope itemprop=\"mainEntity\" itemtype=\"https:\/\/schema.org\/Question\"><button type=\"button\" class=\"w-tabs-section-header\" aria-controls=\"content-k92d\" aria-expanded=\"false\"><div class=\"w-tabs-section-title\" itemprop=\"name\">Why is the venue changing?<\/div><div class=\"w-tabs-section-control\"><\/div><\/button><div  class=\"w-tabs-section-content\" id=\"content-k92d\" itemscope itemprop=\"acceptedAnswer\" itemtype=\"https:\/\/schema.org\/Answer\"><div class=\"w-tabs-section-content-h i-cf\" itemprop=\"text\"><div class=\"wpb_text_column\"><div class=\"wpb_wrapper\"><p>Seville City Council and the Biennial organisers have explained that the decision responds to strong demand for these performances. Muelle de la Sal can accommodate a larger audience.<\/p>\n<\/div><\/div><\/div><\/div><\/div><div class=\"w-tabs-section\" id=\"sa7b\" itemscope itemprop=\"mainEntity\" itemtype=\"https:\/\/schema.org\/Question\"><button type=\"button\" class=\"w-tabs-section-header\" aria-controls=\"content-sa7b\" aria-expanded=\"false\"><div class=\"w-tabs-section-title\" itemprop=\"name\">Are the dates or times changing?<\/div><div class=\"w-tabs-section-control\"><\/div><\/button><div  class=\"w-tabs-section-content\" id=\"content-sa7b\" itemscope itemprop=\"acceptedAnswer\" itemtype=\"https:\/\/schema.org\/Answer\"><div class=\"w-tabs-section-content-h i-cf\" itemprop=\"text\"><div class=\"wpb_text_column\"><div class=\"wpb_wrapper\"><p>No. All three performances keep their original dates and will begin at 23:00.<\/p>\n<\/div><\/div><\/div><\/div><\/div><div class=\"w-tabs-section\" id=\"zbbf\" itemscope itemprop=\"mainEntity\" itemtype=\"https:\/\/schema.org\/Question\"><button type=\"button\" class=\"w-tabs-section-header\" aria-controls=\"content-zbbf\" aria-expanded=\"false\"><div class=\"w-tabs-section-title\" itemprop=\"name\">Are Hotel Triana tickets still valid?<\/div><div class=\"w-tabs-section-control\"><\/div><\/button><div  class=\"w-tabs-section-content\" id=\"content-zbbf\" itemscope itemprop=\"acceptedAnswer\" itemtype=\"https:\/\/schema.org\/Answer\"><div class=\"w-tabs-section-content-h i-cf\" itemprop=\"text\"><div class=\"wpb_text_column\"><div class=\"wpb_wrapper\"><p>Yes. Tickets already purchased remain valid for the same performances at Muelle de la Sal and do not need to be exchanged.<\/p>\n<\/div><\/div><\/div><\/div><\/div><div class=\"w-tabs-section\" id=\"vd13\" itemscope itemprop=\"mainEntity\" itemtype=\"https:\/\/schema.org\/Question\"><button type=\"button\" class=\"w-tabs-section-header\" aria-controls=\"content-vd13\" aria-expanded=\"false\"><div class=\"w-tabs-section-title\" itemprop=\"name\">Can I request a refund if I do not want to go to Muelle de la Sal?<\/div><div class=\"w-tabs-section-control\"><\/div><\/button><div  class=\"w-tabs-section-content\" id=\"content-vd13\" itemscope itemprop=\"acceptedAnswer\" itemtype=\"https:\/\/schema.org\/Answer\"><div class=\"w-tabs-section-content-h i-cf\" itemprop=\"text\"><div class=\"wpb_text_column\"><div class=\"wpb_wrapper\"><p>Yes. The organisers allow refunds for people who decide not to attend because of the venue change. For enquiries, they have provided the email address taquillaseulen.icas@gmail.com and the box office telephone number 955 472 822.<\/p>\n<\/div><\/div><\/div><\/div><\/div><div class=\"w-tabs-section\" id=\"fee2\" itemscope itemprop=\"mainEntity\" itemtype=\"https:\/\/schema.org\/Question\"><button type=\"button\" class=\"w-tabs-section-header\" aria-controls=\"content-fee2\" aria-expanded=\"false\"><div class=\"w-tabs-section-title\" itemprop=\"name\">Where is Muelle de la Sal?<\/div><div class=\"w-tabs-section-control\"><\/div><\/button><div  class=\"w-tabs-section-content\" id=\"content-fee2\" itemscope itemprop=\"acceptedAnswer\" itemtype=\"https:\/\/schema.org\/Answer\"><div class=\"w-tabs-section-content-h i-cf\" itemprop=\"text\"><div class=\"wpb_text_column\"><div class=\"wpb_wrapper\"><p>It is beside the Guadalquivir, at the foot of Triana Bridge, on Paseo Marqu\u00e9s de Contadero. It is very close to the Maestranza bullring and Mercado del Barranco.<\/p>\n<\/div><\/div><\/div><\/div><\/div><div class=\"w-tabs-section\" id=\"j017\" itemscope itemprop=\"mainEntity\" itemtype=\"https:\/\/schema.org\/Question\"><button type=\"button\" class=\"w-tabs-section-header\" aria-controls=\"content-j017\" aria-expanded=\"false\"><div class=\"w-tabs-section-title\" itemprop=\"name\">Are the artists for the three Noches \u00danicas changing?<\/div><div class=\"w-tabs-section-control\"><\/div><\/button><div  class=\"w-tabs-section-content\" id=\"content-j017\" itemscope itemprop=\"acceptedAnswer\" itemtype=\"https:\/\/schema.org\/Answer\"><div class=\"w-tabs-section-content-h i-cf\" itemprop=\"text\"><div class=\"wpb_text_column\"><div class=\"wpb_wrapper\"><p>No. The organisers have confirmed that all artist line-ups remain entirely unchanged. The change affects the venue, not the announced performers.<\/p>\n<\/div><\/div><\/div><\/div><\/div><div class=\"w-tabs-section\" id=\"h11b\" itemscope itemprop=\"mainEntity\" itemtype=\"https:\/\/schema.org\/Question\"><button type=\"button\" class=\"w-tabs-section-header\" aria-controls=\"content-h11b\" aria-expanded=\"false\"><div class=\"w-tabs-section-title\" itemprop=\"name\">Is Muelle de la Sal an official venue for the 2026 Biennial?<\/div><div class=\"w-tabs-section-control\"><\/div><\/button><div  class=\"w-tabs-section-content\" id=\"content-h11b\" itemscope itemprop=\"acceptedAnswer\" itemtype=\"https:\/\/schema.org\/Answer\"><div class=\"w-tabs-section-content-h i-cf\" itemprop=\"text\"><div class=\"wpb_text_column\"><div class=\"wpb_wrapper\"><p>Yes. Muelle de la Sal is listed among the official venues of the 24th Flamenco Biennial and has its own page on the festival website.<\/p>\n<\/div><\/div><\/div><\/div><\/div><\/div><\/div><\/div><\/div><\/div><div class=\"vc_col-sm-1\/5 wpb_column vc_column_container\"><div class=\"vc_column-inner\"><div class=\"wpb_wrapper\"><\/div><\/div><\/div><\/div><\/div><\/section><section class=\"l-section wpb_row height_huge color_alternate with_shape\"><div class=\"l-section-shape type_zigzag pos_top\" style=\"height:3vmin;\"><svg xmlns=\"http:\/\/www.w3.org\/2000\/svg\" viewBox=\"0 0 64 8\" preserveAspectRatio=\"none\" width=\"100%\" height=\"100%\">\r\n\t<path fill=\"currentColor\" d=\"M64 8 L0 8 L0 0 L20 7.9 L40 3 L48 5 L64 0 Z\"\/>\r\n<\/svg><\/div><div class=\"l-section-h i-cf\"><div class=\"g-cols vc_row via_flex valign_top type_default stacking_default\"><div class=\"vc_col-sm-12 wpb_column vc_column_container\"><div class=\"vc_column-inner\"><div class=\"wpb_wrapper\"><div class=\"wpb_text_column\"><div class=\"wpb_wrapper\"><h2>Three nights beside the Guadalquivir<\/h2>\n<p>Hotel Triana was set to offer intimacy and a sense of neighbourhood memory. Muelle de la Sal will offer space, scenery and a direct connection with the river. The essentials, in any case, remain: three encounters conceived as Noches \u00danicas and three line-ups that would be hard to bring together outside the Biennial.<\/p>\n<p>On 17, 18 and 19 September 2026 at 23:00, attention will turn to the banks of the Guadalquivir. For existing ticket holders, no action is needed. For those still looking for seats, increased capacity may create new opportunities, but availability should always be checked through the official channels.<\/p>\n<p>The 24th Seville Flamenco Biennial will take place from 9 September to 3 October 2026. You can find dates, venues and practical recommendations in our <a href=\"https:\/\/www.tablaosflamencos.com\/en\/seville-flamenco-biennial-2026.html\"><strong>complete guide to the 2026 Flamenco Biennial<\/strong><\/a>.<\/p>\n<\/div><\/div><div class=\"w-separator size_medium\"><\/div><div class=\"w-hwrapper valign_top wrap align_center\" style=\"--hwrapper-gap:1.2rem\"><div class=\"w-btn-wrapper align_none\"><a class=\"w-btn us-btn-style_1\" href=\"https:\/\/www.tablaosflamencos.com\/en\/seville-flamenco-biennial-2026.html\"><span class=\"w-btn-label\">View the complete Biennial guide<\/span><\/a><\/div><div class=\"w-btn-wrapper align_none\"><a class=\"w-btn us-btn-style_11\" href=\"https:\/\/www.tablaosflamencos.com\/en\/seville-flamenco-biennial-2026-unique-nights.html\"><span class=\"w-btn-label\">Explore the Noches \u00danicas<\/span><\/a><\/div><\/div><\/div><\/div><\/div><\/div><\/div><\/section>\n","protected":false},"excerpt":{"rendered":"<p>The Flamenco Biennial moves the Noches \u00danicas on 17, 18 and 19 September to Muelle de la Sal due to high demand. Tickets, artists and refunds.<\/p>\n","protected":false},"author":1,"featured_media":14746,"comment_status":"closed","ping_status":"closed","sticky":false,"template":"","format":"standard","meta":{"_acf_changed":false,"wpai_generated_summary":"","_ayudawp_aiss_exclude":false,"_ayudawp_aiss_exclude_summary":false,"_ayudawp_aiss_summary":"","_ayudawp_aiss_summary_provider":"","_ayudawp_aiss_summary_hash":"","footnotes":""},"categories":[1427],"tags":[1232,1233,1234,1235,1144,1236],"class_list":["post-14753","post","type-post","status-publish","format-standard","has-post-thumbnail","hentry","category-flamenco-biennial","tag-agenda-flamenca","tag-bienal-2026","tag-bienal-de-flamenco","tag-festivales-flamencos","tag-flamenco-en-sevilla","tag-sevilla"],"acf":[],"yoast_head":"<!-- This site is optimized with the Yoast SEO Premium plugin v28.4 (Yoast SEO v28.4) - https:\/\/yoast.com\/product\/yoast-seo-premium-wordpress\/ -->\n<title>Noches \u00danicas move to Muelle de la Sal | Biennial 2026<\/title>\n<meta name=\"description\" content=\"The Biennial moves three Noches \u00danicas to Muelle de la Sal on 17, 18 and 19 September. See times, artists, ticket validity and refund details.\" \/>\n<meta name=\"robots\" content=\"index, follow, max-snippet:-1, max-image-preview:large, max-video-preview:-1\" \/>\n<link rel=\"canonical\" href=\"https:\/\/www.tablaosflamencos.com\/en\/noches-unicas-muelle-sal-hotel-triana-biennial-2026.html\" \/>\n<meta property=\"og:locale\" content=\"en_US\" \/>\n<meta property=\"og:type\" content=\"article\" \/>\n<meta property=\"og:title\" content=\"Flamenco Biennial: Noches \u00danicas move from Hotel Triana to Muelle de la Sal\" \/>\n<meta property=\"og:description\" content=\"The Biennial moves three Noches \u00danicas to Muelle de la Sal on 17, 18 and 19 September. See times, artists, ticket validity and refund details.\" \/>\n<meta property=\"og:url\" content=\"https:\/\/www.tablaosflamencos.com\/en\/noches-unicas-muelle-sal-hotel-triana-biennial-2026.html\" \/>\n<meta property=\"og:site_name\" content=\"Tablaos Flamencos\" \/>\n<meta property=\"article:publisher\" content=\"https:\/\/www.facebook.com\/tablaosflamencos\" \/>\n<meta property=\"article:published_time\" content=\"2026-09-05T11:46:58+00:00\" \/>\n<meta property=\"article:modified_time\" content=\"2026-09-05T12:35:26+00:00\" \/>\n<meta property=\"og:image\" content=\"https:\/\/www.tablaosflamencos.com\/wp-content\/uploads\/bienal-de-flamenco-las-noches-unicas-se-trasladan-del-hotel-triana-al-muelle-de-la-sal-01.webp\" \/>\n\t<meta property=\"og:image:width\" content=\"1536\" \/>\n\t<meta property=\"og:image:height\" content=\"1024\" \/>\n\t<meta property=\"og:image:type\" content=\"image\/webp\" \/>\n<meta name=\"author\" content=\"Miguel Ortiz\" \/>\n<meta name=\"twitter:card\" content=\"summary_large_image\" \/>\n<meta name=\"twitter:creator\" content=\"@tablaosflamenco\" \/>\n<meta name=\"twitter:site\" content=\"@tablaosflamenco\" \/>\n<meta name=\"twitter:label1\" content=\"Written by\" \/>\n\t<meta name=\"twitter:data1\" content=\"Miguel Ortiz\" \/>\n\t<meta name=\"twitter:label2\" content=\"Est. reading time\" \/>\n\t<meta name=\"twitter:data2\" content=\"15 minutes\" \/>\n<script type=\"application\/ld+json\" class=\"yoast-schema-graph\">{\"@context\":\"https:\\\/\\\/schema.org\",\"@graph\":[{\"@type\":\"Article\",\"@id\":\"https:\\\/\\\/www.tablaosflamencos.com\\\/en\\\/noches-unicas-muelle-sal-hotel-triana-biennial-2026.html#article\",\"isPartOf\":{\"@id\":\"https:\\\/\\\/www.tablaosflamencos.com\\\/en\\\/noches-unicas-muelle-sal-hotel-triana-biennial-2026.html\"},\"author\":{\"name\":\"Miguel Ortiz\",\"@id\":\"https:\\\/\\\/www.tablaosflamencos.com\\\/en#\\\/schema\\\/person\\\/e7a9ebe14eb75a52ceabfbffb3c54f5d\"},\"headline\":\"Flamenco Biennial: Noches \u00danicas move from Hotel Triana to Muelle de la Sal\",\"datePublished\":\"2026-09-05T11:46:58+00:00\",\"dateModified\":\"2026-09-05T12:35:26+00:00\",\"mainEntityOfPage\":{\"@id\":\"https:\\\/\\\/www.tablaosflamencos.com\\\/en\\\/noches-unicas-muelle-sal-hotel-triana-biennial-2026.html\"},\"wordCount\":2990,\"publisher\":{\"@id\":\"https:\\\/\\\/www.tablaosflamencos.com\\\/en#organization\"},\"image\":{\"@id\":\"https:\\\/\\\/www.tablaosflamencos.com\\\/en\\\/noches-unicas-muelle-sal-hotel-triana-biennial-2026.html#primaryimage\"},\"thumbnailUrl\":\"https:\\\/\\\/www.tablaosflamencos.com\\\/wp-content\\\/uploads\\\/bienal-de-flamenco-las-noches-unicas-se-trasladan-del-hotel-triana-al-muelle-de-la-sal-01.webp\",\"keywords\":[\"agenda flamenca\",\"Bienal 2026\",\"Bienal de Flamenco\",\"festivales flamencos\",\"flamenco en Sevilla\",\"sevilla\"],\"articleSection\":[\"Flamenco Biennial\"],\"inLanguage\":\"en-US\"},{\"@type\":\"WebPage\",\"@id\":\"https:\\\/\\\/www.tablaosflamencos.com\\\/en\\\/noches-unicas-muelle-sal-hotel-triana-biennial-2026.html\",\"url\":\"https:\\\/\\\/www.tablaosflamencos.com\\\/en\\\/noches-unicas-muelle-sal-hotel-triana-biennial-2026.html\",\"name\":\"Noches \u00danicas move to Muelle de la Sal | Biennial 2026\",\"isPartOf\":{\"@id\":\"https:\\\/\\\/www.tablaosflamencos.com\\\/en#website\"},\"primaryImageOfPage\":{\"@id\":\"https:\\\/\\\/www.tablaosflamencos.com\\\/en\\\/noches-unicas-muelle-sal-hotel-triana-biennial-2026.html#primaryimage\"},\"image\":{\"@id\":\"https:\\\/\\\/www.tablaosflamencos.com\\\/en\\\/noches-unicas-muelle-sal-hotel-triana-biennial-2026.html#primaryimage\"},\"thumbnailUrl\":\"https:\\\/\\\/www.tablaosflamencos.com\\\/wp-content\\\/uploads\\\/bienal-de-flamenco-las-noches-unicas-se-trasladan-del-hotel-triana-al-muelle-de-la-sal-01.webp\",\"datePublished\":\"2026-09-05T11:46:58+00:00\",\"dateModified\":\"2026-09-05T12:35:26+00:00\",\"description\":\"The Biennial moves three Noches \u00danicas to Muelle de la Sal on 17, 18 and 19 September. See times, artists, ticket validity and refund details.\",\"breadcrumb\":{\"@id\":\"https:\\\/\\\/www.tablaosflamencos.com\\\/en\\\/noches-unicas-muelle-sal-hotel-triana-biennial-2026.html#breadcrumb\"},\"inLanguage\":\"en-US\",\"potentialAction\":[{\"@type\":\"ReadAction\",\"target\":[\"https:\\\/\\\/www.tablaosflamencos.com\\\/en\\\/noches-unicas-muelle-sal-hotel-triana-biennial-2026.html\"]}]},{\"@type\":\"ImageObject\",\"inLanguage\":\"en-US\",\"@id\":\"https:\\\/\\\/www.tablaosflamencos.com\\\/en\\\/noches-unicas-muelle-sal-hotel-triana-biennial-2026.html#primaryimage\",\"url\":\"https:\\\/\\\/www.tablaosflamencos.com\\\/wp-content\\\/uploads\\\/bienal-de-flamenco-las-noches-unicas-se-trasladan-del-hotel-triana-al-muelle-de-la-sal-01.webp\",\"contentUrl\":\"https:\\\/\\\/www.tablaosflamencos.com\\\/wp-content\\\/uploads\\\/bienal-de-flamenco-las-noches-unicas-se-trasladan-del-hotel-triana-al-muelle-de-la-sal-01.webp\",\"width\":1536,\"height\":1024,\"caption\":\"Bienal de Flamenco: las Noches \u00danicas se trasladan del Hotel Triana al Muelle de la Sal\"},{\"@type\":\"BreadcrumbList\",\"@id\":\"https:\\\/\\\/www.tablaosflamencos.com\\\/en\\\/noches-unicas-muelle-sal-hotel-triana-biennial-2026.html#breadcrumb\",\"itemListElement\":[{\"@type\":\"ListItem\",\"position\":1,\"name\":\"Home\",\"item\":\"https:\\\/\\\/www.tablaosflamencos.com\\\/en\"},{\"@type\":\"ListItem\",\"position\":2,\"name\":\"Flamenco Biennial: Noches \u00danicas move from Hotel Triana to Muelle de la Sal\"}]},{\"@type\":\"WebSite\",\"@id\":\"https:\\\/\\\/www.tablaosflamencos.com\\\/en#website\",\"url\":\"https:\\\/\\\/www.tablaosflamencos.com\\\/en\",\"name\":\"Tablaos Flamencos\",\"description\":\"Entradas para tablaos flamencos de Espa\u00f1a\",\"publisher\":{\"@id\":\"https:\\\/\\\/www.tablaosflamencos.com\\\/en#organization\"},\"alternateName\":\"Tablaos Flamencos\",\"potentialAction\":[{\"@type\":\"SearchAction\",\"target\":{\"@type\":\"EntryPoint\",\"urlTemplate\":\"https:\\\/\\\/www.tablaosflamencos.com\\\/en?s={search_term_string}\"},\"query-input\":{\"@type\":\"PropertyValueSpecification\",\"valueRequired\":true,\"valueName\":\"search_term_string\"}}],\"inLanguage\":\"en-US\"},{\"@type\":[\"Organization\",\"Place\",\"EntertainmentBusiness\"],\"@id\":\"https:\\\/\\\/www.tablaosflamencos.com\\\/en#organization\",\"name\":\"Tablaos Flamencos\",\"alternateName\":\"Tablaos Flamencos\",\"url\":\"https:\\\/\\\/www.tablaosflamencos.com\\\/en\",\"logo\":{\"@id\":\"https:\\\/\\\/www.tablaosflamencos.com\\\/en\\\/noches-unicas-muelle-sal-hotel-triana-biennial-2026.html#local-main-organization-logo\"},\"image\":{\"@id\":\"https:\\\/\\\/www.tablaosflamencos.com\\\/en\\\/noches-unicas-muelle-sal-hotel-triana-biennial-2026.html#local-main-organization-logo\"},\"sameAs\":[\"https:\\\/\\\/www.facebook.com\\\/tablaosflamencos\",\"https:\\\/\\\/x.com\\\/tablaosflamenco\",\"https:\\\/\\\/mastodon.social\\\/@tablaosflamencos\",\"https:\\\/\\\/www.instagram.com\\\/tablaosflamencos\",\"https:\\\/\\\/tiktok.com\\\/@tablaosflamencos\",\"https:\\\/\\\/www.linkedin.com\\\/company\\\/109408238\\\/\"],\"description\":\"Venta de entradas para espect\u00e1culos flamencos\",\"legalName\":\"Tablaos Flamencos\",\"foundingDate\":\"2015-01-01\",\"numberOfEmployees\":{\"@type\":\"QuantitativeValue\",\"minValue\":\"1\",\"maxValue\":\"10\"},\"address\":{\"@id\":\"https:\\\/\\\/www.tablaosflamencos.com\\\/en\\\/noches-unicas-muelle-sal-hotel-triana-biennial-2026.html#local-main-place-address\"},\"geo\":{\"@type\":\"GeoCoordinates\",\"latitude\":\"37.3868072\",\"longitude\":\"-5.993280299999999\"},\"telephone\":[\"+34623787787\"],\"contactPoint\":{\"@type\":\"ContactPoint\",\"telephone\":\"+34623787787\",\"email\":\"info@tablaosflamencos.com\"},\"openingHoursSpecification\":{\"@type\":\"OpeningHoursSpecification\",\"dayOfWeek\":[\"Monday\",\"Tuesday\",\"Wednesday\",\"Thursday\",\"Friday\",\"Saturday\",\"Sunday\"],\"opens\":\"00:00\",\"closes\":\"23:59\"},\"email\":\"info@tablaosflamencos.com\",\"priceRange\":\"$$$\",\"currenciesAccepted\":\"\u20ac\"},{\"@type\":\"Person\",\"@id\":\"https:\\\/\\\/www.tablaosflamencos.com\\\/en#\\\/schema\\\/person\\\/e7a9ebe14eb75a52ceabfbffb3c54f5d\",\"name\":\"Miguel Ortiz\",\"description\":\"Miguel Ortiz es un empresario flamenco, con una s\u00f3lida trayectoria dentro del sector. Ha presidido entidades culturales vinculadas al flamenco y, cuenta con un amplio recorrido profesional en la gesti\u00f3n y promoci\u00f3n de espect\u00e1culos y tablaos flamencos. Su pasi\u00f3n por la historia y el arte flamenco se refleja en cada art\u00edculo, donde combina experiencia, criterio y un profundo respeto por la tradici\u00f3n.\",\"sameAs\":[\"https:\\\/\\\/www.tablaosflamencos.com\",\"https:\\\/\\\/www.instagra.com\\\/miguelortizfe\",\"https:\\\/\\\/www.linkedin.com\\\/in\\\/miguelortizf\\\/\"],\"birthDate\":\"1984-11-22\",\"gender\":\"hombre\",\"knowsLanguage\":[\"espa\u00f1ol\",\"ingl\u00e9s\"],\"jobTitle\":\"Empresario flamenco\"},{\"@type\":\"PostalAddress\",\"@id\":\"https:\\\/\\\/www.tablaosflamencos.com\\\/en\\\/noches-unicas-muelle-sal-hotel-triana-biennial-2026.html#local-main-place-address\",\"streetAddress\":\"C\\\/ Alemanes, 19\",\"addressLocality\":\"Sevilla\",\"postalCode\":\"41004\",\"addressRegion\":\"Sevilla\",\"addressCountry\":\"ES\"},{\"@type\":\"ImageObject\",\"inLanguage\":\"en-US\",\"@id\":\"https:\\\/\\\/www.tablaosflamencos.com\\\/en\\\/noches-unicas-muelle-sal-hotel-triana-biennial-2026.html#local-main-organization-logo\",\"url\":\"https:\\\/\\\/www.tablaosflamencos.com\\\/wp-content\\\/uploads\\\/tablaos-flamencos-06-3.webp\",\"contentUrl\":\"https:\\\/\\\/www.tablaosflamencos.com\\\/wp-content\\\/uploads\\\/tablaos-flamencos-06-3.webp\",\"width\":600,\"height\":620,\"caption\":\"Tablaos Flamencos\"}]}<\/script>\n<meta name=\"geo.placename\" content=\"Sevilla\" \/>\n<meta name=\"geo.position\" content=\"37.3868072;-5.993280299999999\" \/>\n<meta name=\"geo.region\" content=\"Spain\" \/>\n<!-- \/ Yoast SEO Premium plugin. -->","yoast_head_json":{"title":"Noches \u00danicas move to Muelle de la Sal | Biennial 2026","description":"The Biennial moves three Noches \u00danicas to Muelle de la Sal on 17, 18 and 19 September. See times, artists, ticket validity and refund details.","robots":{"index":"index","follow":"follow","max-snippet":"max-snippet:-1","max-image-preview":"max-image-preview:large","max-video-preview":"max-video-preview:-1"},"canonical":"https:\/\/www.tablaosflamencos.com\/en\/noches-unicas-muelle-sal-hotel-triana-biennial-2026.html","og_locale":"en_US","og_type":"article","og_title":"Flamenco Biennial: Noches \u00danicas move from Hotel Triana to Muelle de la Sal","og_description":"The Biennial moves three Noches \u00danicas to Muelle de la Sal on 17, 18 and 19 September. See times, artists, ticket validity and refund details.","og_url":"https:\/\/www.tablaosflamencos.com\/en\/noches-unicas-muelle-sal-hotel-triana-biennial-2026.html","og_site_name":"Tablaos Flamencos","article_publisher":"https:\/\/www.facebook.com\/tablaosflamencos","article_published_time":"2026-09-05T11:46:58+00:00","article_modified_time":"2026-09-05T12:35:26+00:00","og_image":[{"width":1536,"height":1024,"url":"https:\/\/www.tablaosflamencos.com\/wp-content\/uploads\/bienal-de-flamenco-las-noches-unicas-se-trasladan-del-hotel-triana-al-muelle-de-la-sal-01.webp","type":"image\/webp"}],"author":"Miguel Ortiz","twitter_card":"summary_large_image","twitter_creator":"@tablaosflamenco","twitter_site":"@tablaosflamenco","twitter_misc":{"Written by":"Miguel Ortiz","Est. reading time":"15 minutes"},"schema":{"@context":"https:\/\/schema.org","@graph":[{"@type":"Article","@id":"https:\/\/www.tablaosflamencos.com\/en\/noches-unicas-muelle-sal-hotel-triana-biennial-2026.html#article","isPartOf":{"@id":"https:\/\/www.tablaosflamencos.com\/en\/noches-unicas-muelle-sal-hotel-triana-biennial-2026.html"},"author":{"name":"Miguel Ortiz","@id":"https:\/\/www.tablaosflamencos.com\/en#\/schema\/person\/e7a9ebe14eb75a52ceabfbffb3c54f5d"},"headline":"Flamenco Biennial: Noches \u00danicas move from Hotel Triana to Muelle de la Sal","datePublished":"2026-09-05T11:46:58+00:00","dateModified":"2026-09-05T12:35:26+00:00","mainEntityOfPage":{"@id":"https:\/\/www.tablaosflamencos.com\/en\/noches-unicas-muelle-sal-hotel-triana-biennial-2026.html"},"wordCount":2990,"publisher":{"@id":"https:\/\/www.tablaosflamencos.com\/en#organization"},"image":{"@id":"https:\/\/www.tablaosflamencos.com\/en\/noches-unicas-muelle-sal-hotel-triana-biennial-2026.html#primaryimage"},"thumbnailUrl":"https:\/\/www.tablaosflamencos.com\/wp-content\/uploads\/bienal-de-flamenco-las-noches-unicas-se-trasladan-del-hotel-triana-al-muelle-de-la-sal-01.webp","keywords":["agenda flamenca","Bienal 2026","Bienal de Flamenco","festivales flamencos","flamenco en Sevilla","sevilla"],"articleSection":["Flamenco Biennial"],"inLanguage":"en-US"},{"@type":"WebPage","@id":"https:\/\/www.tablaosflamencos.com\/en\/noches-unicas-muelle-sal-hotel-triana-biennial-2026.html","url":"https:\/\/www.tablaosflamencos.com\/en\/noches-unicas-muelle-sal-hotel-triana-biennial-2026.html","name":"Noches \u00danicas move to Muelle de la Sal | Biennial 2026","isPartOf":{"@id":"https:\/\/www.tablaosflamencos.com\/en#website"},"primaryImageOfPage":{"@id":"https:\/\/www.tablaosflamencos.com\/en\/noches-unicas-muelle-sal-hotel-triana-biennial-2026.html#primaryimage"},"image":{"@id":"https:\/\/www.tablaosflamencos.com\/en\/noches-unicas-muelle-sal-hotel-triana-biennial-2026.html#primaryimage"},"thumbnailUrl":"https:\/\/www.tablaosflamencos.com\/wp-content\/uploads\/bienal-de-flamenco-las-noches-unicas-se-trasladan-del-hotel-triana-al-muelle-de-la-sal-01.webp","datePublished":"2026-09-05T11:46:58+00:00","dateModified":"2026-09-05T12:35:26+00:00","description":"The Biennial moves three Noches \u00danicas to Muelle de la Sal on 17, 18 and 19 September. See times, artists, ticket validity and refund details.","breadcrumb":{"@id":"https:\/\/www.tablaosflamencos.com\/en\/noches-unicas-muelle-sal-hotel-triana-biennial-2026.html#breadcrumb"},"inLanguage":"en-US","potentialAction":[{"@type":"ReadAction","target":["https:\/\/www.tablaosflamencos.com\/en\/noches-unicas-muelle-sal-hotel-triana-biennial-2026.html"]}]},{"@type":"ImageObject","inLanguage":"en-US","@id":"https:\/\/www.tablaosflamencos.com\/en\/noches-unicas-muelle-sal-hotel-triana-biennial-2026.html#primaryimage","url":"https:\/\/www.tablaosflamencos.com\/wp-content\/uploads\/bienal-de-flamenco-las-noches-unicas-se-trasladan-del-hotel-triana-al-muelle-de-la-sal-01.webp","contentUrl":"https:\/\/www.tablaosflamencos.com\/wp-content\/uploads\/bienal-de-flamenco-las-noches-unicas-se-trasladan-del-hotel-triana-al-muelle-de-la-sal-01.webp","width":1536,"height":1024,"caption":"Bienal de Flamenco: las Noches \u00danicas se trasladan del Hotel Triana al Muelle de la Sal"},{"@type":"BreadcrumbList","@id":"https:\/\/www.tablaosflamencos.com\/en\/noches-unicas-muelle-sal-hotel-triana-biennial-2026.html#breadcrumb","itemListElement":[{"@type":"ListItem","position":1,"name":"Home","item":"https:\/\/www.tablaosflamencos.com\/en"},{"@type":"ListItem","position":2,"name":"Flamenco Biennial: Noches \u00danicas move from Hotel Triana to Muelle de la Sal"}]},{"@type":"WebSite","@id":"https:\/\/www.tablaosflamencos.com\/en#website","url":"https:\/\/www.tablaosflamencos.com\/en","name":"Tablaos Flamencos","description":"Entradas para tablaos flamencos de Espa\u00f1a","publisher":{"@id":"https:\/\/www.tablaosflamencos.com\/en#organization"},"alternateName":"Tablaos Flamencos","potentialAction":[{"@type":"SearchAction","target":{"@type":"EntryPoint","urlTemplate":"https:\/\/www.tablaosflamencos.com\/en?s={search_term_string}"},"query-input":{"@type":"PropertyValueSpecification","valueRequired":true,"valueName":"search_term_string"}}],"inLanguage":"en-US"},{"@type":["Organization","Place","EntertainmentBusiness"],"@id":"https:\/\/www.tablaosflamencos.com\/en#organization","name":"Tablaos Flamencos","alternateName":"Tablaos Flamencos","url":"https:\/\/www.tablaosflamencos.com\/en","logo":{"@id":"https:\/\/www.tablaosflamencos.com\/en\/noches-unicas-muelle-sal-hotel-triana-biennial-2026.html#local-main-organization-logo"},"image":{"@id":"https:\/\/www.tablaosflamencos.com\/en\/noches-unicas-muelle-sal-hotel-triana-biennial-2026.html#local-main-organization-logo"},"sameAs":["https:\/\/www.facebook.com\/tablaosflamencos","https:\/\/x.com\/tablaosflamenco","https:\/\/mastodon.social\/@tablaosflamencos","https:\/\/www.instagram.com\/tablaosflamencos","https:\/\/tiktok.com\/@tablaosflamencos","https:\/\/www.linkedin.com\/company\/109408238\/"],"description":"Venta de entradas para espect\u00e1culos flamencos","legalName":"Tablaos Flamencos","foundingDate":"2015-01-01","numberOfEmployees":{"@type":"QuantitativeValue","minValue":"1","maxValue":"10"},"address":{"@id":"https:\/\/www.tablaosflamencos.com\/en\/noches-unicas-muelle-sal-hotel-triana-biennial-2026.html#local-main-place-address"},"geo":{"@type":"GeoCoordinates","latitude":"37.3868072","longitude":"-5.993280299999999"},"telephone":["+34623787787"],"contactPoint":{"@type":"ContactPoint","telephone":"+34623787787","email":"info@tablaosflamencos.com"},"openingHoursSpecification":{"@type":"OpeningHoursSpecification","dayOfWeek":["Monday","Tuesday","Wednesday","Thursday","Friday","Saturday","Sunday"],"opens":"00:00","closes":"23:59"},"email":"info@tablaosflamencos.com","priceRange":"$$$","currenciesAccepted":"\u20ac"},{"@type":"Person","@id":"https:\/\/www.tablaosflamencos.com\/en#\/schema\/person\/e7a9ebe14eb75a52ceabfbffb3c54f5d","name":"Miguel Ortiz","description":"Miguel Ortiz es un empresario flamenco, con una s\u00f3lida trayectoria dentro del sector. Ha presidido entidades culturales vinculadas al flamenco y, cuenta con un amplio recorrido profesional en la gesti\u00f3n y promoci\u00f3n de espect\u00e1culos y tablaos flamencos. Su pasi\u00f3n por la historia y el arte flamenco se refleja en cada art\u00edculo, donde combina experiencia, criterio y un profundo respeto por la tradici\u00f3n.","sameAs":["https:\/\/www.tablaosflamencos.com","https:\/\/www.instagra.com\/miguelortizfe","https:\/\/www.linkedin.com\/in\/miguelortizf\/"],"birthDate":"1984-11-22","gender":"hombre","knowsLanguage":["espa\u00f1ol","ingl\u00e9s"],"jobTitle":"Empresario flamenco"},{"@type":"PostalAddress","@id":"https:\/\/www.tablaosflamencos.com\/en\/noches-unicas-muelle-sal-hotel-triana-biennial-2026.html#local-main-place-address","streetAddress":"C\/ Alemanes, 19","addressLocality":"Sevilla","postalCode":"41004","addressRegion":"Sevilla","addressCountry":"ES"},{"@type":"ImageObject","inLanguage":"en-US","@id":"https:\/\/www.tablaosflamencos.com\/en\/noches-unicas-muelle-sal-hotel-triana-biennial-2026.html#local-main-organization-logo","url":"https:\/\/www.tablaosflamencos.com\/wp-content\/uploads\/tablaos-flamencos-06-3.webp","contentUrl":"https:\/\/www.tablaosflamencos.com\/wp-content\/uploads\/tablaos-flamencos-06-3.webp","width":600,"height":620,"caption":"Tablaos Flamencos"}]},"geo.placename":"Sevilla","geo.position":{"lat":"37.3868072","long":"-5.993280299999999"},"geo.region":"Spain"},"_links":{"self":[{"href":"https:\/\/www.tablaosflamencos.com\/en\/wp-json\/wp\/v2\/posts\/14753","targetHints":{"allow":["GET"]}}],"collection":[{"href":"https:\/\/www.tablaosflamencos.com\/en\/wp-json\/wp\/v2\/posts"}],"about":[{"href":"https:\/\/www.tablaosflamencos.com\/en\/wp-json\/wp\/v2\/types\/post"}],"author":[{"embeddable":true,"href":"https:\/\/www.tablaosflamencos.com\/en\/wp-json\/wp\/v2\/users\/1"}],"replies":[{"embeddable":true,"href":"https:\/\/www.tablaosflamencos.com\/en\/wp-json\/wp\/v2\/comments?post=14753"}],"version-history":[{"count":15,"href":"https:\/\/www.tablaosflamencos.com\/en\/wp-json\/wp\/v2\/posts\/14753\/revisions"}],"predecessor-version":[{"id":14872,"href":"https:\/\/www.tablaosflamencos.com\/en\/wp-json\/wp\/v2\/posts\/14753\/revisions\/14872"}],"wp:featuredmedia":[{"embeddable":true,"href":"https:\/\/www.tablaosflamencos.com\/en\/wp-json\/wp\/v2\/media\/14746"}],"wp:attachment":[{"href":"https:\/\/www.tablaosflamencos.com\/en\/wp-json\/wp\/v2\/media?parent=14753"}],"wp:term":[{"taxonomy":"category","embeddable":true,"href":"https:\/\/www.tablaosflamencos.com\/en\/wp-json\/wp\/v2\/categories?post=14753"},{"taxonomy":"post_tag","embeddable":true,"href":"https:\/\/www.tablaosflamencos.com\/en\/wp-json\/wp\/v2\/tags?post=14753"}],"curies":[{"name":"wp","href":"https:\/\/api.w.org\/{rel}","templated":true}]}}