{"id":14749,"date":"2026-09-05T13:34:33","date_gmt":"2026-09-05T11:34:33","guid":{"rendered":"https:\/\/www.tablaosflamencos.com\/?p=14749"},"modified":"2026-09-05T15:01:02","modified_gmt":"2026-09-05T13:01:02","slug":"seville-flamenco-biennial-14-20-september-2026","status":"publish","type":"post","link":"https:\/\/www.tablaosflamencos.com\/en\/seville-flamenco-biennial-14-20-september-2026.html","title":{"rendered":"What to see at the Seville Flamenco Biennial, 14\u201320 September 2026"},"content":{"rendered":"<section class=\"l-section wpb_row height_huge\"><div class=\"l-section-h i-cf\"><div class=\"g-cols vc_row via_flex valign_top type_default stacking_default\"><div class=\"vc_col-sm-6 wpb_column vc_column_container\"><div class=\"vc_column-inner\"><div class=\"wpb_wrapper\"><div class=\"wpb_text_column\"><div class=\"wpb_wrapper\"><h2>Qu\u00e9 ver en la Bienal del 14 al 20 de septiembre de 2026<\/h2>\n<p>La <strong>segunda semana de la Bienal de Flamenco de Sevilla 2026<\/strong>, del lunes 14 al domingo 20 de septiembre, cambia el ritmo del festival. Tras el primer gran fin de semana, la programaci\u00f3n se abre en abanico: el Real Alc\u00e1zar concentra tres noches consecutivas de cante y ra\u00edz, el Hotel Triana recupera durante tres madrugadas el esp\u00edritu de los antiguos corrales de vecinos, el Lope de Vega recibe dos recitales de cante de enorme personalidad y el fin de semana re\u00fane guitarra, orquesta, matin\u00e9s, j\u00f3venes valores y varias Noches \u00danicas.<\/p>\n<p>En siete d\u00edas hay <strong>20 funciones oficiales<\/strong>. No todas son compatibles entre s\u00ed y, de hecho, buena parte del inter\u00e9s de esta semana est\u00e1 precisamente en elegir: Israel Fern\u00e1ndez coincide con Ana Morales y Macarena L\u00f3pez; Rancapino Chico se solapa con el homenaje a Isabel Bay\u00f3n; Xerezan\u00edas obliga a decidir frente a Jos\u00e9 del Tomate; y el fin de semana vuelve a enfrentar propuestas a la misma hora.<\/p>\n<p>Esta gu\u00eda ordena la programaci\u00f3n del <strong>14 al 20 de septiembre de 2026<\/strong> y propone qu\u00e9 escoger seg\u00fan busques cante, guitarra, baile, flamenco de ra\u00edz, creaci\u00f3n contempor\u00e1nea o una experiencia especialmente ligada a Sevilla.<\/p>\n<\/div><\/div><\/div><\/div><\/div><div class=\"vc_col-sm-6 wpb_column vc_column_container\"><div class=\"vc_column-inner\"><div class=\"wpb_wrapper\"><div class=\"wpb_text_column\"><div class=\"wpb_wrapper\"><p style=\"text-align: center; font-size: 52px; line-height: 1; margin-bottom: 10px;\"><strong>14\u201320<\/strong><\/p>\n<h3 style=\"text-align: center;\">septiembre de 2026<\/h3>\n<p style=\"text-align: center;\"><strong>Lunes a domingo<\/strong><\/p>\n<p style=\"text-align: center;\">20 funciones oficiales<\/p>\n<p style=\"text-align: center;\">Cante \u00b7 baile \u00b7 guitarra \u00b7 Noches \u00danicas \u00b7 matin\u00e9s<\/p>\n<p style=\"text-align: center;\">Alc\u00e1zar \u00b7 Hotel Triana \u00b7 Maestranza \u00b7 Lope de Vega \u00b7 Turina \u00b7 Alameda \u00b7 Central \u00b7 San Luis \u00b7 Artiller\u00eda<\/p>\n<\/div><\/div><\/div><\/div><\/div><\/div><\/div><\/section><section class=\"l-section wpb_row height_huge color_alternate with_shape\"><div class=\"l-section-shape type_zigzag pos_top\" style=\"height:3vmin;\"><svg xmlns=\"http:\/\/www.w3.org\/2000\/svg\" viewBox=\"0 0 64 8\" preserveAspectRatio=\"none\" width=\"100%\" height=\"100%\">\r\n\t<path fill=\"currentColor\" d=\"M64 8 L0 8 L0 0 L20 7.9 L40 3 L48 5 L64 0 Z\"\/>\r\n<\/svg><\/div><div class=\"l-section-shape type_zigzag pos_bottom\" style=\"height:3vmin;\"><svg xmlns=\"http:\/\/www.w3.org\/2000\/svg\" viewBox=\"0 0 64 8\" preserveAspectRatio=\"none\" width=\"100%\" height=\"100%\">\r\n\t<path fill=\"currentColor\" d=\"M64 8 L0 8 L0 0 L20 7.9 L40 3 L48 5 L64 0 Z\"\/>\r\n<\/svg><\/div><div class=\"l-section-h i-cf\"><div class=\"g-cols vc_row via_flex valign_top type_default stacking_default\"><div class=\"vc_col-sm-12 wpb_column vc_column_container\"><div class=\"vc_column-inner\"><div class=\"wpb_wrapper\"><div class=\"wpb_text_column\"><div class=\"wpb_wrapper\"><blockquote>\n<p><strong>Respuesta r\u00e1pida:<\/strong> si quieres reducir esta semana a unas pocas citas, el <strong>lunes 14<\/strong> ofrece tres caminos muy distintos con Israel Fern\u00e1ndez, Ana Morales y Macarena L\u00f3pez; el <strong>martes 15<\/strong> enfrenta el cante de Rancapino Chico con una Noche \u00danica dedicada a Isabel Bay\u00f3n; el <strong>mi\u00e9rcoles 16<\/strong> contrapone la reuni\u00f3n jerezana de <em>Xerezan\u00edas<\/em> y la guitarra de Jos\u00e9 del Tomate; el <strong>jueves 17<\/strong> permite combinar Arc\u00e1ngel con <em>Mujeres Gitanas<\/em> en el Hotel Triana; el <strong>viernes 18<\/strong> destaca por Antonio Reyes y la noche dedicada a la Pe\u00f1a El Pozo de las Penas; el <strong>s\u00e1bado 19<\/strong> concentra Alejandro Hurtado, Mar\u00eda Mar\u00edn, Ca\u00f1izares con la ROSS y <em>Andaluc\u00eda en el tiempo<\/em>; y el <strong>domingo 20<\/strong> re\u00fane de nuevo a Alejandro Hurtado, Manuel de la Luz &amp; Manuel Im\u00e1n, Jos\u00e9 Merc\u00e9 y la Gala del Circuito Andaluz de J\u00f3venes Flamencos.<\/p>\n<\/blockquote>\n<p><strong>\u00daltima actualizaci\u00f3n: 5 de septiembre de 2026.<\/strong> Horarios y programaci\u00f3n contrastados con la agenda oficial de la XXIV Bienal. La disponibilidad de entradas puede cambiar: comprueba siempre la ficha oficial de cada espect\u00e1culo antes de cerrar tu plan.<\/p>\n<\/div><\/div><div class=\"w-separator size_medium\"><\/div><div class=\"w-hwrapper valign_top wrap stack_on_mobiles align_center\" style=\"--hwrapper-gap:1.2rem\"><div class=\"w-btn-wrapper align_none\"><a class=\"w-btn us-btn-style_1\" href=\"https:\/\/www.tablaosflamencos.com\/en\/seville-flamenco-biennial-2026.html\"><span class=\"w-btn-label\">Gu\u00eda completa de la Bienal 2026<\/span><\/a><\/div><div class=\"w-btn-wrapper align_none\"><a class=\"w-btn us-btn-style_1\" href=\"https:\/\/www.tablaosflamencos.com\/en\/seville-flamenco-biennial-2026-tickets-prices-discounts.html\"><span class=\"w-btn-label\">Entradas, precios y descuentos<\/span><\/a><\/div><div class=\"w-btn-wrapper align_none\"><a class=\"w-btn us-btn-style_1\" target=\"_blank\" href=\"https:\/\/www.labienal.com\/programa-general\"><span class=\"w-btn-label\">Programaci\u00f3n oficial<\/span><\/a><\/div><\/div><\/div><\/div><\/div><\/div><\/div><\/section><section class=\"l-section wpb_row height_huge\"><div class=\"l-section-h i-cf\"><div class=\"g-cols vc_row via_flex valign_top type_default stacking_default\"><div class=\"vc_col-sm-3 wpb_column vc_column_container\"><div class=\"vc_column-inner\"><div class=\"wpb_wrapper\"><\/div><\/div><\/div><div class=\"vc_col-sm-6 wpb_column vc_column_container\"><div class=\"vc_column-inner\"><div class=\"wpb_wrapper\"><div class=\"wpb_text_column\"><div class=\"wpb_wrapper\"><h2>Contenido de esta gu\u00eda<\/h2>\n<ul>\n<li><a href=\"#semana-central\">Por qu\u00e9 esta semana es especial<\/a><\/li>\n<li><a href=\"#programa-14-20\">Programa completo del 14 al 20 de septiembre<\/a><\/li>\n<li><a href=\"#lunes-14\">Lunes 14: Israel Fern\u00e1ndez, Ana Morales o Macarena L\u00f3pez<\/a><\/li>\n<li><a href=\"#martes-15\">Martes 15: Rancapino Chico y el homenaje a Isabel Bay\u00f3n<\/a><\/li>\n<li><a href=\"#miercoles-16\">Mi\u00e9rcoles 16: Jerez en el Alc\u00e1zar o guitarra en el Alameda<\/a><\/li>\n<li><a href=\"#jueves-17\">Jueves 17: Arc\u00e1ngel y Mujeres Gitanas<\/a><\/li>\n<li><a href=\"#viernes-18\">Viernes 18: guitarra, Antonio Reyes y Hotel Triana<\/a><\/li>\n<li><a href=\"#sabado-19\">S\u00e1bado 19: la jornada m\u00e1s completa de la semana<\/a><\/li>\n<li><a href=\"#domingo-20\">Domingo 20: de la matin\u00e9 a Jos\u00e9 Merc\u00e9 y los j\u00f3venes<\/a><\/li>\n<li><a href=\"#itinerarios-14-20\">Itinerarios recomendados<\/a><\/li>\n<li><a href=\"#perfiles-14-20\">Qu\u00e9 elegir seg\u00fan tus gustos<\/a><\/li>\n<li><a href=\"#logistica-14-20\">C\u00f3mo combinar funciones sin correr<\/a><\/li>\n<li><a href=\"#faq-14-20\">Preguntas frecuentes<\/a><\/li>\n<\/ul>\n<\/div><\/div><\/div><\/div><\/div><div class=\"vc_col-sm-3 wpb_column vc_column_container\"><div class=\"vc_column-inner\"><div class=\"wpb_wrapper\"><\/div><\/div><\/div><\/div><\/div><\/section><section class=\"l-section wpb_row height_huge color_alternate with_shape\"><div class=\"l-section-shape type_zigzag pos_top\" style=\"height:3vmin;\"><svg xmlns=\"http:\/\/www.w3.org\/2000\/svg\" viewBox=\"0 0 64 8\" preserveAspectRatio=\"none\" width=\"100%\" height=\"100%\">\r\n\t<path fill=\"currentColor\" d=\"M64 8 L0 8 L0 0 L20 7.9 L40 3 L48 5 L64 0 Z\"\/>\r\n<\/svg><\/div><div class=\"l-section-shape type_zigzag pos_bottom\" style=\"height:3vmin;\"><svg xmlns=\"http:\/\/www.w3.org\/2000\/svg\" viewBox=\"0 0 64 8\" preserveAspectRatio=\"none\" width=\"100%\" height=\"100%\">\r\n\t<path fill=\"currentColor\" d=\"M64 8 L0 8 L0 0 L20 7.9 L40 3 L48 5 L64 0 Z\"\/>\r\n<\/svg><\/div><div class=\"l-section-h i-cf\"><div class=\"g-cols vc_row via_flex valign_top type_default stacking_default\"><div class=\"vc_col-sm-6 wpb_column vc_column_container\"><div class=\"vc_column-inner\"><div class=\"wpb_wrapper\"><div class=\"wpb_text_column\"><div class=\"wpb_wrapper\"><h2 id=\"semana-central\">La semana en la que la Bienal se extiende por toda Sevilla<\/h2>\n<p>Del 14 al 20 de septiembre la Bienal deja de parecer una sucesi\u00f3n de grandes estrenos aislados y empieza a mostrar con claridad su estructura completa. El lunes, martes y mi\u00e9rcoles el <strong>Real Alc\u00e1zar<\/strong> se convierte en uno de los grandes centros del cante con Israel Fern\u00e1ndez, Rancapino Chico y la reuni\u00f3n jerezana de <em>Xerezan\u00edas<\/em>. A partir del jueves, el foco se desplaza tambi\u00e9n al <strong>Hotel Triana<\/strong>, donde se celebran tres Noches \u00danicas consecutivas.<\/p>\n<p>Al mismo tiempo, el Lope de Vega, el Alameda, el Teatro Central, Turina, San Luis de los Franceses, la Real F\u00e1brica de Artiller\u00eda y el Teatro de la Maestranza mantienen l\u00edneas muy diferentes de programaci\u00f3n. Es una semana ideal para entender que la Bienal no propone un \u00fanico flamenco, sino muchas formas de acercarse a \u00e9l.<\/p>\n<\/div><\/div><\/div><\/div><\/div><div class=\"vc_col-sm-6 wpb_column vc_column_container\"><div class=\"vc_column-inner\"><div class=\"wpb_wrapper\"><div class=\"wpb_text_column\"><div class=\"wpb_wrapper\"><h2>De la ra\u00edz al gran formato sin salir de la misma semana<\/h2>\n<p>En pocos d\u00edas se puede pasar del cante de Rancapino Chico a un espect\u00e1culo de baile contempor\u00e1neo de Ana Morales; de la guitarra solista de Jos\u00e9 del Tomate a un concierto sinf\u00f3nico de Ca\u00f1izares con la Real Orquesta Sinf\u00f3nica de Sevilla; o de la intimidad de San Luis de los Franceses al ambiente nocturno del Hotel Triana.<\/p>\n<p>La clave es <strong>no intentar verlo todo<\/strong>. Las coincidencias horarias son deliberadas y obligan a construir una Bienal personal. Por eso esta gu\u00eda distingue entre funciones compatibles, combinaciones arriesgadas y propuestas que directamente exigen escoger una u otra.<\/p>\n<\/div><\/div><\/div><\/div><\/div><\/div><\/div><\/section><section class=\"l-section wpb_row height_huge\"><div class=\"l-section-h i-cf\"><div class=\"g-cols vc_row via_flex valign_top type_default stacking_default\"><div class=\"vc_col-sm-12 wpb_column vc_column_container\"><div class=\"vc_column-inner\"><div class=\"wpb_wrapper\"><div class=\"wpb_text_column\"><div class=\"wpb_wrapper\"><h2 id=\"programa-14-20\">Programa completo de la Bienal del 14 al 20 de septiembre de 2026<\/h2>\n<div style=\"overflow-x: auto;\">\n<table>\n<thead>\n<tr>\n<th>Fecha<\/th>\n<th>Hora<\/th>\n<th>Espacio<\/th>\n<th>Artista \/ espect\u00e1culo<\/th>\n<th>Formato<\/th>\n<\/tr>\n<\/thead>\n<tbody>\n<tr>\n<td><strong>Lun. 14<\/strong><\/td>\n<td>21:30<\/td>\n<td>Real Alc\u00e1zar<\/td>\n<td>Israel Fern\u00e1ndez \u2014 <em>De oro y marfil<\/em><\/td>\n<td>Cante<\/td>\n<\/tr>\n<tr>\n<td><strong>Lun. 14<\/strong><\/td>\n<td>22:00<\/td>\n<td>Real F\u00e1brica de Artiller\u00eda<\/td>\n<td>Ana Morales \u2014 <em>Rapsodia. Fantas\u00eda subterr\u00e1nea<\/em><\/td>\n<td>Estreno absoluto<\/td>\n<\/tr>\n<tr>\n<td><strong>Lun. 14<\/strong><\/td>\n<td>22:30<\/td>\n<td>Teatro Alameda<\/td>\n<td>Macarena L\u00f3pez \u2014 <em>Sobre todas las cosas<\/em><\/td>\n<td>Estreno absoluto<\/td>\n<\/tr>\n<tr>\n<td><strong>Mar. 15<\/strong><\/td>\n<td>21:30<\/td>\n<td>Real Alc\u00e1zar<\/td>\n<td>Rancapino Chico \u2014 <em>Pizarra<\/em><\/td>\n<td>Estreno absoluto<\/td>\n<\/tr>\n<tr>\n<td><strong>Mar. 15<\/strong><\/td>\n<td>22:30<\/td>\n<td>Teatro Central<\/td>\n<td>David Lagos, Miguel Ortega, Antonio Campos, Inma Rivero y Jos\u00e9 Luis Ortiz Nuevo \u2014 <em>Ep\u00edlogo de un cante que se hizo baile. Suite de cantes<\/em><\/td>\n<td>Noche \u00danica \u00b7 homenaje a Isabel Bay\u00f3n<\/td>\n<\/tr>\n<tr>\n<td><strong>Mi\u00e9. 16<\/strong><\/td>\n<td>21:30<\/td>\n<td>Real Alc\u00e1zar<\/td>\n<td>Luis El Zambo, Dolores Agujetas, Antonio de la Malena, Manuel Valencia y Las Tatas de Jerez \u2014 <em>Xerezan\u00edas<\/em><\/td>\n<td>Noche \u00danica<\/td>\n<\/tr>\n<tr>\n<td><strong>Mi\u00e9. 16<\/strong><\/td>\n<td>22:30<\/td>\n<td>Teatro Alameda<\/td>\n<td>Jos\u00e9 del Tomate \u2014 <em>Sonanta 3.0<\/em><\/td>\n<td>Guitarra<\/td>\n<\/tr>\n<tr>\n<td><strong>Jue. 17<\/strong><\/td>\n<td>20:00<\/td>\n<td>Teatro Lope de Vega<\/td>\n<td>Arc\u00e1ngel \u2014 <em>La copla del cante<\/em><\/td>\n<td>Noche \u00danica<\/td>\n<\/tr>\n<tr>\n<td><strong>Jue. 17<\/strong><\/td>\n<td>23:00<\/td>\n<td>Hotel Triana<\/td>\n<td>Remedios Amaya, La Fabi, Montse Cort\u00e9s y Josemi Carmona \u2014 <em>Mujeres Gitanas<\/em><\/td>\n<td>Noche \u00danica<\/td>\n<\/tr>\n<tr>\n<td><strong>Vie. 18<\/strong><\/td>\n<td>19:00<\/td>\n<td>Espacio Turina<\/td>\n<td>Juan Requena \u2014 <em>Requeneando<\/em><\/td>\n<td>Guitarra<\/td>\n<\/tr>\n<tr>\n<td><strong>Vie. 18<\/strong><\/td>\n<td>20:00<\/td>\n<td>Teatro Lope de Vega<\/td>\n<td>Antonio Reyes \u2014 <em>Seis cuerdas, seis<\/em><\/td>\n<td>Noche \u00danica<\/td>\n<\/tr>\n<tr>\n<td><strong>Vie. 18<\/strong><\/td>\n<td>23:00<\/td>\n<td>Hotel Triana<\/td>\n<td>75 aniversario Pe\u00f1a El Pozo de las Penas \u2014 <em>Uvitas negras<\/em><\/td>\n<td>Noche \u00danica<\/td>\n<\/tr>\n<tr>\n<td><strong>S\u00e1b. 19<\/strong><\/td>\n<td>12:00<\/td>\n<td>San Luis de los Franceses<\/td>\n<td>Alejandro Hurtado + Enrique Solin\u00eds \u2014 <em>Devenir de la guitarra<\/em><\/td>\n<td>Matin\u00e9 \u00danica<\/td>\n<\/tr>\n<tr>\n<td><strong>S\u00e1b. 19<\/strong><\/td>\n<td>19:00<\/td>\n<td>Espacio Turina<\/td>\n<td>Mar\u00eda Mar\u00edn \u2014 <em>Las tres Mar\u00edas<\/em><\/td>\n<td>Estreno absoluto<\/td>\n<\/tr>\n<tr>\n<td><strong>S\u00e1b. 19<\/strong><\/td>\n<td>20:00<\/td>\n<td>Teatro de la Maestranza<\/td>\n<td>Ca\u00f1izares &amp; ROSS \u2014 <em>Ca\u00f1izares sinf\u00f3nico<\/em><\/td>\n<td>Noche \u00danica<\/td>\n<\/tr>\n<tr>\n<td><strong>S\u00e1b. 19<\/strong><\/td>\n<td>23:00<\/td>\n<td>Hotel Triana<\/td>\n<td>El Boquer\u00f3n, Carmen de la Jara, Curro Lucena, Jaime \u201cEl Parr\u00f3n\u201d, Joselete de Linares, Jos\u00e9 Sorroche, Paqui Corpas, El Pecas y Romerito de Jerez \u2014 <em>Andaluc\u00eda en el tiempo<\/em><\/td>\n<td>Noche \u00danica<\/td>\n<\/tr>\n<tr>\n<td><strong>Dom. 20<\/strong><\/td>\n<td>12:00<\/td>\n<td>San Luis de los Franceses<\/td>\n<td>Alejandro Hurtado + Enrique Solin\u00eds \u2014 <em>Devenir de la guitarra<\/em><\/td>\n<td>Matin\u00e9 \u00danica<\/td>\n<\/tr>\n<tr>\n<td><strong>Dom. 20<\/strong><\/td>\n<td>19:00<\/td>\n<td>Espacio Turina<\/td>\n<td>Manuel de la Luz &amp; Manuel Im\u00e1n \u2014 <em>Manos que hablan<\/em><\/td>\n<td>Noche \u00danica<\/td>\n<\/tr>\n<tr>\n<td><strong>Dom. 20<\/strong><\/td>\n<td>20:00<\/td>\n<td>Teatro de la Maestranza<\/td>\n<td>Jos\u00e9 Merc\u00e9 \u2014 <em>Toquen a rebato<\/em><\/td>\n<td>Noche \u00danica<\/td>\n<\/tr>\n<tr>\n<td><strong>Dom. 20<\/strong><\/td>\n<td>22:30<\/td>\n<td>Teatro Alameda<\/td>\n<td>Gala Circuito Andaluz de J\u00f3venes Flamencos<\/td>\n<td>J\u00f3venes flamencos<\/td>\n<\/tr>\n<\/tbody>\n<\/table>\n<\/div>\n<p><strong>Consejo:<\/strong> no interpretes esta tabla como un itinerario. Varias funciones se solapan o dejan un margen demasiado peque\u00f1o para cambiar de espacio. La selecci\u00f3n diaria que hacemos a continuaci\u00f3n est\u00e1 pensada para evitar planes imposibles.<\/p>\n<\/div><\/div><\/div><\/div><\/div><\/div><\/div><\/section><section class=\"l-section wpb_row height_huge color_alternate with_shape\"><div class=\"l-section-shape type_zigzag pos_top\" style=\"height:3vmin;\"><svg xmlns=\"http:\/\/www.w3.org\/2000\/svg\" viewBox=\"0 0 64 8\" preserveAspectRatio=\"none\" width=\"100%\" height=\"100%\">\r\n\t<path fill=\"currentColor\" d=\"M64 8 L0 8 L0 0 L20 7.9 L40 3 L48 5 L64 0 Z\"\/>\r\n<\/svg><\/div><div class=\"l-section-shape type_zigzag pos_bottom\" style=\"height:3vmin;\"><svg xmlns=\"http:\/\/www.w3.org\/2000\/svg\" viewBox=\"0 0 64 8\" preserveAspectRatio=\"none\" width=\"100%\" height=\"100%\">\r\n\t<path fill=\"currentColor\" d=\"M64 8 L0 8 L0 0 L20 7.9 L40 3 L48 5 L64 0 Z\"\/>\r\n<\/svg><\/div><div class=\"l-section-h i-cf\"><div class=\"g-cols vc_row via_flex valign_top type_default stacking_default\"><div class=\"vc_col-sm-6 wpb_column vc_column_container\"><div class=\"vc_column-inner\"><div class=\"wpb_wrapper\"><div class=\"wpb_text_column\"><div class=\"wpb_wrapper\"><h2 id=\"lunes-14\">Lunes 14: tres Bienales diferentes en apenas una hora<\/h2>\n<p>El lunes plantea una de las elecciones m\u00e1s claras de toda la semana. A las <strong>21:30<\/strong>, Israel Fern\u00e1ndez lleva <em>De oro y marfil<\/em> al Real Alc\u00e1zar. Para quien priorice el cante, la voz y una noche ligada a uno de los espacios patrimoniales m\u00e1s especiales de la edici\u00f3n, es la opci\u00f3n natural.<\/p>\n<p>Media hora despu\u00e9s, a las <strong>22:00<\/strong>, Ana Morales ofrece la segunda funci\u00f3n de <em>Rapsodia. Fantas\u00eda subterr\u00e1nea<\/em> en la Real F\u00e1brica de Artiller\u00eda. Es una creaci\u00f3n de baile concebida para un espacio industrial singular y representa el camino m\u00e1s contempor\u00e1neo de la noche.<\/p>\n<p>A las <strong>22:30<\/strong>, Macarena L\u00f3pez estrena <em>Sobre todas las cosas<\/em> en el Teatro Alameda, una oportunidad para mirar hacia una generaci\u00f3n de baile m\u00e1s joven dentro de la Bienal.<\/p>\n<\/div><\/div><\/div><\/div><\/div><div class=\"vc_col-sm-6 wpb_column vc_column_container\"><div class=\"vc_column-inner\"><div class=\"wpb_wrapper\"><div class=\"wpb_text_column\"><div class=\"wpb_wrapper\"><h2>Qu\u00e9 elegir el lunes<\/h2>\n<p><strong>Israel Fern\u00e1ndez<\/strong> si quieres cante y una experiencia nocturna en el Alc\u00e1zar. <strong>Ana Morales<\/strong> si buscas creaci\u00f3n esc\u00e9nica, investigaci\u00f3n y baile contempor\u00e1neo. <strong>Macarena L\u00f3pez<\/strong> si prefieres descubrir una propuesta nueva y seguir de cerca la renovaci\u00f3n del baile.<\/p>\n<p>No recomendamos intentar combinar dos de las tres. Los horarios son demasiado cercanos y los espacios est\u00e1n separados. El lunes es una noche para <strong>elegir bien una sola funci\u00f3n<\/strong> y disfrutarla sin mirar el reloj.<\/p>\n<p>Si te interesa especialmente el Alc\u00e1zar, puedes ampliar informaci\u00f3n en nuestra gu\u00eda de <a href=\"https:\/\/www.tablaosflamencos.com\/flamenco-real-alcazar-bienal-sevilla-2026.html\"><strong>flamenco en el Real Alc\u00e1zar durante la Bienal 2026<\/strong><\/a>.<\/p>\n<\/div><\/div><\/div><\/div><\/div><\/div><\/div><\/section><section class=\"l-section wpb_row height_huge\"><div class=\"l-section-h i-cf\"><div class=\"g-cols vc_row via_flex valign_top type_default stacking_default\"><div class=\"vc_col-sm-6 wpb_column vc_column_container\"><div class=\"vc_column-inner\"><div class=\"wpb_wrapper\"><div class=\"wpb_text_column\"><div class=\"wpb_wrapper\"><h2 id=\"martes-15\">Martes 15: Rancapino Chico o una noche irrepetible dedicada a Isabel Bay\u00f3n<\/h2>\n<p>A las <strong>21:30 en el Real Alc\u00e1zar<\/strong>, Rancapino Chico presenta <em>Pizarra<\/em>, estreno absoluto. La elecci\u00f3n tiene un atractivo evidente para quien busca una noche centrada en cante, tradici\u00f3n y personalidad art\u00edstica dentro del marco del Alc\u00e1zar.<\/p>\n<p>Una hora despu\u00e9s, el <strong>Teatro Central<\/strong> acoge <em>Ep\u00edlogo de un cante que se hizo baile. Suite de cantes<\/em>, una Noche \u00danica dedicada a Isabel Bay\u00f3n con David Lagos, Miguel Ortega, Antonio Campos, Inma Rivero y Jos\u00e9 Luis Ortiz Nuevo.<\/p>\n<p>M\u00e1s que un espect\u00e1culo convencional, la segunda cita tiene car\u00e1cter de acontecimiento: re\u00fane voces y memoria alrededor de una figura fundamental del baile sevillano.<\/p>\n<\/div><\/div><\/div><\/div><\/div><div class=\"vc_col-sm-6 wpb_column vc_column_container\"><div class=\"vc_column-inner\"><div class=\"wpb_wrapper\"><div class=\"wpb_text_column\"><div class=\"wpb_wrapper\"><h2>Dos maneras de escuchar la memoria flamenca<\/h2>\n<p>El martes no enfrenta tradici\u00f3n y modernidad tanto como <strong>dos formas de mirar hacia la memoria<\/strong>. Rancapino Chico lo hace desde un recital propio; la noche del Central lo hace desde el homenaje y la construcci\u00f3n colectiva.<\/p>\n<p>Por horarios, intentar asistir a ambos no es realista. Si tu inter\u00e9s principal es el cante de una figura concreta, escoge el Alc\u00e1zar. Si te atraen las Noches \u00danicas y los espect\u00e1culos que solo tienen sentido dentro de una Bienal, el Central tiene un valor especial.<\/p>\n<p>Puedes consultar tambi\u00e9n nuestro calendario de <a href=\"https:\/\/www.tablaosflamencos.com\/noches-unicas-bienal-flamenco-sevilla-2026.html\"><strong>Noches \u00danicas de la Bienal 2026<\/strong><\/a>.<\/p>\n<\/div><\/div><\/div><\/div><\/div><\/div><\/div><\/section><section class=\"l-section wpb_row height_huge color_alternate with_shape\"><div class=\"l-section-shape type_zigzag pos_top\" style=\"height:3vmin;\"><svg xmlns=\"http:\/\/www.w3.org\/2000\/svg\" viewBox=\"0 0 64 8\" preserveAspectRatio=\"none\" width=\"100%\" height=\"100%\">\r\n\t<path fill=\"currentColor\" d=\"M64 8 L0 8 L0 0 L20 7.9 L40 3 L48 5 L64 0 Z\"\/>\r\n<\/svg><\/div><div class=\"l-section-shape type_zigzag pos_bottom\" style=\"height:3vmin;\"><svg xmlns=\"http:\/\/www.w3.org\/2000\/svg\" viewBox=\"0 0 64 8\" preserveAspectRatio=\"none\" width=\"100%\" height=\"100%\">\r\n\t<path fill=\"currentColor\" d=\"M64 8 L0 8 L0 0 L20 7.9 L40 3 L48 5 L64 0 Z\"\/>\r\n<\/svg><\/div><div class=\"l-section-h i-cf\"><div class=\"g-cols vc_row via_flex valign_top type_default stacking_default\"><div class=\"vc_col-sm-6 wpb_column vc_column_container\"><div class=\"vc_column-inner\"><div class=\"wpb_wrapper\"><div class=\"wpb_text_column\"><div class=\"wpb_wrapper\"><h2 id=\"miercoles-16\">Mi\u00e9rcoles 16: Jerez toma el Alc\u00e1zar<\/h2>\n<p>La cita del mi\u00e9rcoles en el Real Alc\u00e1zar es una de las reuniones de cante m\u00e1s rotundas de la semana. <em>Xerezan\u00edas<\/em> junta a <strong>Luis El Zambo, Dolores Agujetas, Antonio de la Malena, Manuel Valencia y Las Tatas de Jerez<\/strong> en una Noche \u00danica que convierte Jerez en el centro simb\u00f3lico de la velada.<\/p>\n<p>Para quien busque cante, comp\u00e1s, genealog\u00eda art\u00edstica y una reuni\u00f3n dif\u00edcil de repetir fuera del contexto de la Bienal, es una de las recomendaciones m\u00e1s claras del periodo 14\u201320.<\/p>\n<\/div><\/div><\/div><\/div><\/div><div class=\"vc_col-sm-6 wpb_column vc_column_container\"><div class=\"vc_column-inner\"><div class=\"wpb_wrapper\"><div class=\"wpb_text_column\"><div class=\"wpb_wrapper\"><h2>22:30: Jos\u00e9 del Tomate y la guitarra como alternativa<\/h2>\n<p>A las <strong>22:30 en el Teatro Alameda<\/strong>, Jos\u00e9 del Tomate presenta <em>Sonanta 3.0<\/em>. El horario hace incompatible verla completa despu\u00e9s de <em>Xerezan\u00edas<\/em>, de modo que el mi\u00e9rcoles vuelve a exigir una elecci\u00f3n de lenguaje.<\/p>\n<p>Si est\u00e1s construyendo una semana centrada en la guitarra, Jos\u00e9 del Tomate debe entrar en la lista. Si buscas una noche de cante que dif\u00edcilmente volver\u00e1 a reunir ese cartel y ese lugar, nuestra prioridad ser\u00eda <em>Xerezan\u00edas<\/em>.<\/p>\n<p>Para ampliar el contexto de ambos caminos, consulta nuestras gu\u00edas sobre <a href=\"https:\/\/www.tablaosflamencos.com\/cante-bienal-flamenco-sevilla-2026.html\"><strong>el cante en la Bienal 2026<\/strong><\/a> y <a href=\"https:\/\/www.tablaosflamencos.com\/guitarra-bienal-flamenco-2026-espectaculos-imprescindibles.html\"><strong>la guitarra en la Bienal<\/strong><\/a>.<\/p>\n<\/div><\/div><\/div><\/div><\/div><\/div><\/div><\/section><section class=\"l-section wpb_row height_huge\"><div class=\"l-section-h i-cf\"><div class=\"g-cols vc_row via_flex valign_top type_default stacking_default\"><div class=\"vc_col-sm-6 wpb_column vc_column_container\"><div class=\"vc_column-inner\"><div class=\"wpb_wrapper\"><div class=\"wpb_text_column\"><div class=\"wpb_wrapper\"><h2 id=\"jueves-17\">Jueves 17: Arc\u00e1ngel abre la noche en el Lope de Vega<\/h2>\n<p>Arc\u00e1ngel presenta <em>La copla del cante<\/em> a las <strong>20:00 en el Teatro Lope de Vega<\/strong>. La propuesta se acerca a la relaci\u00f3n hist\u00f3rica entre el flamenco y la copla, un territorio transitado por numerosas figuras del siglo XX y que aqu\u00ed sirve como punto de partida para una Noche \u00danica.<\/p>\n<p>Es una buena elecci\u00f3n para quien quiera cante en un gran teatro, pero sin acudir a un recital convencional. El proyecto se apoya en una formaci\u00f3n que incluye guitarra, coros y palmas, percusi\u00f3n, teclados, flauta, arm\u00f3nica y viol\u00edn.<\/p>\n<\/div><\/div><\/div><\/div><\/div><div class=\"vc_col-sm-6 wpb_column vc_column_container\"><div class=\"vc_column-inner\"><div class=\"wpb_wrapper\"><div class=\"wpb_text_column\"><div class=\"wpb_wrapper\"><h2>23:00: comienza el ciclo del Hotel Triana con Mujeres Gitanas<\/h2>\n<p>Tres horas despu\u00e9s empieza una de las secuencias m\u00e1s esperadas de la semana: las noches del <strong>Hotel Triana<\/strong>. La primera re\u00fane a <strong>Remedios Amaya, La Fabi, Montse Cort\u00e9s y Josemi Carmona<\/strong> bajo el t\u00edtulo <em>Mujeres Gitanas<\/em>.<\/p>\n<p>Arc\u00e1ngel y Hotel Triana son, sobre el papel, una de las combinaciones m\u00e1s razonables de la semana, pero no conviene tratarlas como una conexi\u00f3n garantizada: hay que contar con la duraci\u00f3n real del espect\u00e1culo, la salida del Lope y el desplazamiento hasta Triana.<\/p>\n<p>Si ya tienes entrada para el Hotel Triana, consulta nuestra gu\u00eda espec\u00edfica sobre <a href=\"https:\/\/www.tablaosflamencos.com\/hotel-triana-bienal-flamenco-sevilla-2026.html\"><strong>las tres noches de la Bienal en el antiguo corral de vecinos<\/strong><\/a>.<\/p>\n<\/div><\/div><\/div><\/div><\/div><\/div><\/div><\/section><section class=\"l-section wpb_row height_huge color_alternate with_shape\"><div class=\"l-section-shape type_zigzag pos_top\" style=\"height:3vmin;\"><svg xmlns=\"http:\/\/www.w3.org\/2000\/svg\" viewBox=\"0 0 64 8\" preserveAspectRatio=\"none\" width=\"100%\" height=\"100%\">\r\n\t<path fill=\"currentColor\" d=\"M64 8 L0 8 L0 0 L20 7.9 L40 3 L48 5 L64 0 Z\"\/>\r\n<\/svg><\/div><div class=\"l-section-shape type_zigzag pos_bottom\" style=\"height:3vmin;\"><svg xmlns=\"http:\/\/www.w3.org\/2000\/svg\" viewBox=\"0 0 64 8\" preserveAspectRatio=\"none\" width=\"100%\" height=\"100%\">\r\n\t<path fill=\"currentColor\" d=\"M64 8 L0 8 L0 0 L20 7.9 L40 3 L48 5 L64 0 Z\"\/>\r\n<\/svg><\/div><div class=\"l-section-h i-cf\"><div class=\"g-cols vc_row via_flex valign_top type_default stacking_default\"><div class=\"vc_col-sm-6 wpb_column vc_column_container\"><div class=\"vc_column-inner\"><div class=\"wpb_wrapper\"><div class=\"wpb_text_column\"><div class=\"wpb_wrapper\"><h2 id=\"viernes-18\">Viernes 18: Juan Requena o Antonio Reyes<\/h2>\n<p>El viernes comienza a las <strong>19:00 en el Espacio Turina<\/strong> con Juan Requena y <em>Requeneando<\/em>. Una hora despu\u00e9s, Antonio Reyes presenta <em>Seis cuerdas, seis<\/em> en el Lope de Vega, una Noche \u00danica que sit\u00faa al cantaor frente a seis guitarras y convierte el acompa\u00f1amiento en parte central del concepto.<\/p>\n<p>Los horarios hacen que ambas propuestas sean incompatibles. Para un aficionado al toque que quiera seguir la l\u00ednea de guitarra de Turina, Juan Requena es la opci\u00f3n natural. Para quien priorice cante y un formato excepcional construido alrededor de distintos guitarristas, Antonio Reyes resulta especialmente atractivo.<\/p>\n<\/div><\/div><\/div><\/div><\/div><div class=\"vc_col-sm-6 wpb_column vc_column_container\"><div class=\"vc_column-inner\"><div class=\"wpb_wrapper\"><div class=\"wpb_text_column\"><div class=\"wpb_wrapper\"><h2>23:00: 75 a\u00f1os de la Pe\u00f1a El Pozo de las Penas<\/h2>\n<p>La segunda noche del Hotel Triana celebra el <strong>75 aniversario de la Pe\u00f1a El Pozo de las Penas<\/strong> con <em>Uvitas negras<\/em>. El cartel re\u00fane a Itoly de Los Palacios, Juan El Distinguido, Nene Escalera, Miguel Ortega, Jos\u00e9 \u00c1ngel Carmona, Juanelo, Anabel de Vico y Manuel Orta, con las guitarras de Ni\u00f1o Fraile y Salvador Guti\u00e9rrez.<\/p>\n<p>La direcci\u00f3n de Manuel Curao refuerza el car\u00e1cter de reuni\u00f3n y memoria de una noche que conecta directamente con la cultura de las pe\u00f1as flamencas. Puede ser un cierre excelente tanto despu\u00e9s de una tarde de guitarra como despu\u00e9s de Antonio Reyes, siempre que la duraci\u00f3n y el desplazamiento permitan llegar con margen.<\/p>\n<\/div><\/div><\/div><\/div><\/div><\/div><\/div><\/section><section class=\"l-section wpb_row height_huge\"><div class=\"l-section-h i-cf\"><div class=\"g-cols vc_row via_flex valign_top type_default stacking_default\"><div class=\"vc_col-sm-6 wpb_column vc_column_container\"><div class=\"vc_column-inner\"><div class=\"wpb_wrapper\"><div class=\"wpb_text_column\"><div class=\"wpb_wrapper\"><h2 id=\"sabado-19\">S\u00e1bado 19: la jornada m\u00e1s completa de la semana<\/h2>\n<p>El s\u00e1bado permite vivir la Bienal desde mediod\u00eda hasta pasada la medianoche. A las <strong>12:00 en San Luis de los Franceses<\/strong>, Alejandro Hurtado presenta <em>Devenir de la guitarra<\/em> con la colaboraci\u00f3n de Enrique Solin\u00eds. El programa recorre grana\u00edna, alegr\u00edas, farruca, seguiriya, zapateado y taranta, y el di\u00e1logo con un m\u00fasico vinculado a la m\u00fasica antigua encaja especialmente bien en el espacio barroco.<\/p>\n<p>A las <strong>19:00 en Turina<\/strong>, Mar\u00eda Mar\u00edn estrena <em>Las tres Mar\u00edas<\/em>. Una hora despu\u00e9s, en el Maestranza, Ca\u00f1izares se une a la Real Orquesta Sinf\u00f3nica de Sevilla para <em>Ca\u00f1izares sinf\u00f3nico<\/em>.<\/p>\n<\/div><\/div><\/div><\/div><\/div><div class=\"vc_col-sm-6 wpb_column vc_column_container\"><div class=\"vc_column-inner\"><div class=\"wpb_wrapper\"><div class=\"wpb_text_column\"><div class=\"wpb_wrapper\"><h2>Ca\u00f1izares con la ROSS o Mar\u00eda Mar\u00edn: otra elecci\u00f3n obligatoria<\/h2>\n<p>Aunque las funciones empiezan con una hora de diferencia, no son una combinaci\u00f3n realista. Quien entre a Mar\u00eda Mar\u00edn a las 19:00 no debe planear estar sentado en el Maestranza a las 20:00.<\/p>\n<p><em>Ca\u00f1izares sinf\u00f3nico<\/em> es una de las propuestas de mayor formato de la semana: incluye el <em>Concierto Al-\u00c1ndalus<\/em>, dedicado a la memoria de Paco de Luc\u00eda, y el <em>Concierto Mediterr\u00e1neo<\/em>, dedicado a Joaqu\u00edn Rodrigo. Mar\u00eda Mar\u00edn, en cambio, ofrece un estreno absoluto en un espacio m\u00e1s cercano.<\/p>\n<p>A las <strong>23:00<\/strong>, <em>Andaluc\u00eda en el tiempo<\/em> cierra el ciclo del Hotel Triana con cantaores procedentes de distintas provincias andaluzas y guitarras de Eduardo Rebollar y Antonio Carri\u00f3n. Es una de las noches m\u00e1s claramente construidas como mapa territorial del cante.<\/p>\n<\/div><\/div><\/div><\/div><\/div><\/div><\/div><\/section><section class=\"l-section wpb_row height_huge color_alternate with_shape\"><div class=\"l-section-shape type_zigzag pos_top\" style=\"height:3vmin;\"><svg xmlns=\"http:\/\/www.w3.org\/2000\/svg\" viewBox=\"0 0 64 8\" preserveAspectRatio=\"none\" width=\"100%\" height=\"100%\">\r\n\t<path fill=\"currentColor\" d=\"M64 8 L0 8 L0 0 L20 7.9 L40 3 L48 5 L64 0 Z\"\/>\r\n<\/svg><\/div><div class=\"l-section-shape type_zigzag pos_bottom\" style=\"height:3vmin;\"><svg xmlns=\"http:\/\/www.w3.org\/2000\/svg\" viewBox=\"0 0 64 8\" preserveAspectRatio=\"none\" width=\"100%\" height=\"100%\">\r\n\t<path fill=\"currentColor\" d=\"M64 8 L0 8 L0 0 L20 7.9 L40 3 L48 5 L64 0 Z\"\/>\r\n<\/svg><\/div><div class=\"l-section-h i-cf\"><div class=\"g-cols vc_row via_flex valign_top type_default stacking_default\"><div class=\"vc_col-sm-6 wpb_column vc_column_container\"><div class=\"vc_column-inner\"><div class=\"wpb_wrapper\"><div class=\"wpb_text_column\"><div class=\"wpb_wrapper\"><h2 id=\"domingo-20\">Domingo 20: una segunda oportunidad para la matin\u00e9<\/h2>\n<p><em>Devenir de la guitarra<\/em> vuelve a San Luis de los Franceses a las <strong>12:00<\/strong>. Si no pudiste asistir el s\u00e1bado, el domingo ofrece la misma oportunidad de escuchar a Alejandro Hurtado con Enrique Solin\u00eds en uno de los espacios m\u00e1s singulares de toda la Bienal.<\/p>\n<p>Las <a href=\"https:\/\/www.tablaosflamencos.com\/matines-unicas-bienal-flamenco-sevilla-2026.html\"><strong>Matin\u00e9s \u00danicas<\/strong><\/a> son adem\u00e1s una forma muy distinta de vivir el festival: permiten separar el concierto de la noche y disfrutar de Sevilla entre una funci\u00f3n y otra, sin encadenar horarios imposibles.<\/p>\n<\/div><\/div><\/div><\/div><\/div><div class=\"vc_col-sm-6 wpb_column vc_column_container\"><div class=\"vc_column-inner\"><div class=\"wpb_wrapper\"><div class=\"wpb_text_column\"><div class=\"wpb_wrapper\"><h2>19:00, 20:00 y 22:30: guitarra, Jos\u00e9 Merc\u00e9 y nueva generaci\u00f3n<\/h2>\n<p>A las <strong>19:00 en Turina<\/strong>, Manuel de la Luz y Manuel Im\u00e1n presentan <em>Manos que hablan<\/em>, Noche \u00danica centrada en el di\u00e1logo de dos guitarras y dos trayectorias. A las <strong>20:00 en el Teatro de la Maestranza<\/strong>, Jos\u00e9 Merc\u00e9 presenta <em>Toquen a rebato<\/em>, una de las grandes citas de cante de la edici\u00f3n.<\/p>\n<p>Las dos funciones se solapan y hay que escoger. Si tu prioridad es Jos\u00e9 Merc\u00e9, puedes ampliar informaci\u00f3n en nuestro art\u00edculo sobre <a href=\"https:\/\/www.tablaosflamencos.com\/jose-merce-bienal-flamenco-2026-toquen-rebato.html\"><strong>Toquen a rebato en la Bienal 2026<\/strong><\/a>.<\/p>\n<p>A las <strong>22:30<\/strong>, el Teatro Alameda acoge la Gala del Circuito Andaluz de J\u00f3venes Flamencos, una oportunidad perfecta para cerrar la semana mirando hacia los artistas que pueden protagonizar las pr\u00f3ximas ediciones.<\/p>\n<\/div><\/div><\/div><\/div><\/div><\/div><\/div><\/section><section class=\"l-section wpb_row height_huge\"><div class=\"l-section-h i-cf\"><div class=\"g-cols vc_row via_flex valign_top type_default stacking_default\"><div class=\"vc_col-sm-12 wpb_column vc_column_container\"><div class=\"vc_column-inner\"><div class=\"wpb_wrapper\"><div class=\"wpb_text_column\"><div class=\"wpb_wrapper\"><h2 id=\"itinerarios-14-20\" style=\"text-align: center;\">Cuatro itinerarios recomendados del 14 al 20 de septiembre<\/h2>\n<p style=\"text-align: center;\">La mejor forma de aprovechar esta semana es elegir una l\u00ednea de inter\u00e9s y dejar margen para cambiar de plan seg\u00fan disponibilidad.<\/p>\n<\/div><\/div><div class=\"w-separator size_medium\"><\/div><div class=\"g-cols wpb_row via_flex valign_top type_default stacking_default\"><div class=\"vc_col-sm-3 wpb_column vc_column_container\"><div class=\"vc_column-inner\"><div class=\"wpb_wrapper\"><div class=\"wpb_text_column\"><div class=\"wpb_wrapper\"><h3>1. Cante y ra\u00edz<\/h3>\n<p><strong>Lun.:<\/strong> Israel Fern\u00e1ndez<\/p>\n<p><strong>Mar.:<\/strong> Rancapino Chico<\/p>\n<p><strong>Mi\u00e9.:<\/strong> Xerezan\u00edas<\/p>\n<p><strong>Jue.:<\/strong> Arc\u00e1ngel<\/p>\n<p><strong>Vie.:<\/strong> Antonio Reyes<\/p>\n<p><strong>Dom.:<\/strong> Jos\u00e9 Merc\u00e9<\/p>\n<p>Es la ruta m\u00e1s directa para quien quiere que la voz sea el centro de la semana.<\/p>\n<\/div><\/div><\/div><\/div><\/div><div class=\"vc_col-sm-3 wpb_column vc_column_container\"><div class=\"vc_column-inner\"><div class=\"wpb_wrapper\"><div class=\"wpb_text_column\"><div class=\"wpb_wrapper\"><h3>2. Guitarra<\/h3>\n<p><strong>Mi\u00e9.:<\/strong> Jos\u00e9 del Tomate<\/p>\n<p><strong>Vie.:<\/strong> Juan Requena<\/p>\n<p><strong>S\u00e1b.:<\/strong> Alejandro Hurtado o Ca\u00f1izares<\/p>\n<p><strong>Dom.:<\/strong> Manuel de la Luz &amp; Manuel Im\u00e1n<\/p>\n<p>Cuatro formas muy distintas de escuchar el toque, desde el recital hasta el formato sinf\u00f3nico.<\/p>\n<\/div><\/div><\/div><\/div><\/div><div class=\"vc_col-sm-3 wpb_column vc_column_container\"><div class=\"vc_column-inner\"><div class=\"wpb_wrapper\"><div class=\"wpb_text_column\"><div class=\"wpb_wrapper\"><h3>3. Noches irrepetibles<\/h3>\n<p><strong>Mar.:<\/strong> homenaje a Isabel Bay\u00f3n<\/p>\n<p><strong>Jue.:<\/strong> Mujeres Gitanas<\/p>\n<p><strong>Vie.:<\/strong> Uvitas negras<\/p>\n<p><strong>S\u00e1b.:<\/strong> Andaluc\u00eda en el tiempo<\/p>\n<p>Es la ruta m\u00e1s vinculada al concepto de Noche \u00danica y al car\u00e1cter excepcional de la Bienal.<\/p>\n<\/div><\/div><\/div><\/div><\/div><div class=\"vc_col-sm-3 wpb_column vc_column_container\"><div class=\"vc_column-inner\"><div class=\"wpb_wrapper\"><div class=\"wpb_text_column\"><div class=\"wpb_wrapper\"><h3>4. Descubrimiento<\/h3>\n<p><strong>Lun.:<\/strong> Macarena L\u00f3pez<\/p>\n<p><strong>Vie.:<\/strong> Juan Requena<\/p>\n<p><strong>S\u00e1b.:<\/strong> Mar\u00eda Mar\u00edn<\/p>\n<p><strong>Dom.:<\/strong> Gala J\u00f3venes Flamencos<\/p>\n<p>Pensada para quien quiere salir de los nombres m\u00e1s evidentes y descubrir nuevas voces y lenguajes.<\/p>\n<\/div><\/div><\/div><\/div><\/div><\/div><\/div><\/div><\/div><\/div><\/div><\/section><section class=\"l-section wpb_row height_huge color_alternate with_shape\"><div class=\"l-section-shape type_zigzag pos_top\" style=\"height:3vmin;\"><svg xmlns=\"http:\/\/www.w3.org\/2000\/svg\" viewBox=\"0 0 64 8\" preserveAspectRatio=\"none\" width=\"100%\" height=\"100%\">\r\n\t<path fill=\"currentColor\" d=\"M64 8 L0 8 L0 0 L20 7.9 L40 3 L48 5 L64 0 Z\"\/>\r\n<\/svg><\/div><div class=\"l-section-shape type_zigzag pos_bottom\" style=\"height:3vmin;\"><svg xmlns=\"http:\/\/www.w3.org\/2000\/svg\" viewBox=\"0 0 64 8\" preserveAspectRatio=\"none\" width=\"100%\" height=\"100%\">\r\n\t<path fill=\"currentColor\" d=\"M64 8 L0 8 L0 0 L20 7.9 L40 3 L48 5 L64 0 Z\"\/>\r\n<\/svg><\/div><div class=\"l-section-h i-cf\"><div class=\"g-cols vc_row via_flex valign_top type_default stacking_default\"><div class=\"vc_col-sm-6 wpb_column vc_column_container\"><div class=\"vc_column-inner\"><div class=\"wpb_wrapper\"><div class=\"wpb_text_column\"><div class=\"wpb_wrapper\"><h2 id=\"perfiles-14-20\">Si es tu primera Bienal<\/h2>\n<p>No necesitas construir una semana enciclop\u00e9dica. Para una primera experiencia, combinar\u00edamos <strong>un gran nombre, un espacio patrimonial y una Noche \u00danica<\/strong>. Por ejemplo: Israel Fern\u00e1ndez en el Alc\u00e1zar, una noche del Hotel Triana y Jos\u00e9 Merc\u00e9 en el Maestranza.<\/p>\n<p>Con esas tres experiencias ya aparecen tres escalas muy diferentes del festival: intimidad patrimonial, reuni\u00f3n flamenca nocturna y gran teatro.<\/p>\n<p>Si una funci\u00f3n oficial est\u00e1 agotada, recuerda que durante la Bienal sigue habiendo flamenco cada noche fuera de la programaci\u00f3n del festival. Nuestra gu\u00eda de <a href=\"https:\/\/www.tablaosflamencos.com\/flamenco-sevilla-bienal-2026-espectaculos-fuera-programacion-oficial.html\"><strong>d\u00f3nde ver flamenco en Sevilla durante la Bienal<\/strong><\/a> re\u00fane alternativas estables.<\/p>\n<\/div><\/div><\/div><\/div><\/div><div class=\"vc_col-sm-6 wpb_column vc_column_container\"><div class=\"vc_column-inner\"><div class=\"wpb_wrapper\"><div class=\"wpb_text_column\"><div class=\"wpb_wrapper\"><h2>Si ya conoces bien el flamenco<\/h2>\n<p>Esta semana ofrece precisamente lo que suele interesar m\u00e1s al aficionado que no necesita perseguir \u00fanicamente los carteles m\u00e1s medi\u00e1ticos: reuniones dif\u00edciles de repetir, cruces generacionales y formatos construidos espec\u00edficamente para la Bienal.<\/p>\n<p><em>Xerezan\u00edas<\/em>, el homenaje a Isabel Bay\u00f3n, las tres noches del Hotel Triana, <em>Seis cuerdas, seis<\/em> y <em>Devenir de la guitarra<\/em> son buenos ejemplos. En lugar de seleccionar por fama, tiene sentido seleccionar por <strong>singularidad<\/strong>: qu\u00e9 funci\u00f3n ser\u00eda m\u00e1s dif\u00edcil volver a ver fuera de Sevilla y fuera de estas fechas.<\/p>\n<\/div><\/div><\/div><\/div><\/div><\/div><\/div><\/section><section class=\"l-section wpb_row height_huge\"><div class=\"l-section-h i-cf\"><div class=\"g-cols vc_row via_flex valign_top type_default stacking_default\"><div class=\"vc_col-sm-6 wpb_column vc_column_container\"><div class=\"vc_column-inner\"><div class=\"wpb_wrapper\"><div class=\"wpb_text_column\"><div class=\"wpb_wrapper\"><h2>Si buscas baile<\/h2>\n<p>El lunes concentra las dos propuestas m\u00e1s claras de baile de esta semana. Ana Morales lleva <em>Rapsodia. Fantas\u00eda subterr\u00e1nea<\/em> a la Real F\u00e1brica de Artiller\u00eda y Macarena L\u00f3pez estrena <em>Sobre todas las cosas<\/em> en el Teatro Alameda.<\/p>\n<p>Son dos escalas diferentes: una creadora consolidada en un proyecto especialmente ligado al espacio y una propuesta de nueva generaci\u00f3n en un teatro de formato m\u00e1s cercano. Si tu viaje a la Bienal tiene el baile como prioridad, el lunes 14 debe quedar marcado desde el principio.<\/p>\n<p>Puedes completar la selecci\u00f3n con nuestra gu\u00eda sobre <a href=\"https:\/\/www.tablaosflamencos.com\/baile-bienal-flamenco-sevilla-2026.html\"><strong>el baile en la Bienal 2026<\/strong><\/a>.<\/p>\n<\/div><\/div><\/div><\/div><\/div><div class=\"vc_col-sm-6 wpb_column vc_column_container\"><div class=\"vc_column-inner\"><div class=\"wpb_wrapper\"><div class=\"wpb_text_column\"><div class=\"wpb_wrapper\"><h2>Si buscas Sevilla adem\u00e1s de flamenco<\/h2>\n<p>El Real Alc\u00e1zar, San Luis de los Franceses, el Hotel Triana y la Real F\u00e1brica de Artiller\u00eda permiten que el propio espacio forme parte del espect\u00e1culo. No es lo mismo escuchar un recital en un teatro convencional que vivir una matin\u00e9 en una iglesia barroca o una noche de cante en un antiguo corral de vecinos.<\/p>\n<p>Si el viaje combina patrimonio y Bienal, priorizar\u00edamos al menos una funci\u00f3n en alguno de estos recintos. Nuestra gu\u00eda sobre <a href=\"https:\/\/www.tablaosflamencos.com\/espacios-espectaculares-bienal-flamenco-sevilla-2026.html\"><strong>los espacios m\u00e1s espectaculares de la Bienal<\/strong><\/a> puede ayudarte a decidir.<\/p>\n<\/div><\/div><\/div><\/div><\/div><\/div><\/div><\/section><section class=\"l-section wpb_row height_huge color_alternate with_shape\"><div class=\"l-section-shape type_zigzag pos_top\" style=\"height:3vmin;\"><svg xmlns=\"http:\/\/www.w3.org\/2000\/svg\" viewBox=\"0 0 64 8\" preserveAspectRatio=\"none\" width=\"100%\" height=\"100%\">\r\n\t<path fill=\"currentColor\" d=\"M64 8 L0 8 L0 0 L20 7.9 L40 3 L48 5 L64 0 Z\"\/>\r\n<\/svg><\/div><div class=\"l-section-shape type_zigzag pos_bottom\" style=\"height:3vmin;\"><svg xmlns=\"http:\/\/www.w3.org\/2000\/svg\" viewBox=\"0 0 64 8\" preserveAspectRatio=\"none\" width=\"100%\" height=\"100%\">\r\n\t<path fill=\"currentColor\" d=\"M64 8 L0 8 L0 0 L20 7.9 L40 3 L48 5 L64 0 Z\"\/>\r\n<\/svg><\/div><div class=\"l-section-h i-cf\"><div class=\"g-cols vc_row via_flex valign_top type_default stacking_default\"><div class=\"vc_col-sm-6 wpb_column vc_column_container\"><div class=\"vc_column-inner\"><div class=\"wpb_wrapper\"><div class=\"wpb_text_column\"><div class=\"wpb_wrapper\"><h2 id=\"logistica-14-20\">Qu\u00e9 combinaciones son razonables<\/h2>\n<ul>\n<li><strong>Arc\u00e1ngel 20:00 + Hotel Triana 23:00:<\/strong> puede ser razonable si la funci\u00f3n termina con margen y sales sin demora.<\/li>\n<li><strong>Antonio Reyes 20:00 + Hotel Triana 23:00:<\/strong> posible en principio, pero no debe darse por garantizado sin conocer la duraci\u00f3n real.<\/li>\n<li><strong>Alejandro Hurtado 12:00 + una funci\u00f3n nocturna:<\/strong> combinaci\u00f3n c\u00f3moda y recomendable.<\/li>\n<li><strong>Una funci\u00f3n de tarde + Hotel Triana 23:00:<\/strong> suele ser la estructura m\u00e1s l\u00f3gica para jueves, viernes y s\u00e1bado.<\/li>\n<li><strong>Jos\u00e9 Merc\u00e9 20:00 + Gala J\u00f3venes 22:30:<\/strong> puede quedar demasiado justo; conviene comprobar duraci\u00f3n y desplazamiento antes de plantearlo.<\/li>\n<\/ul>\n<\/div><\/div><\/div><\/div><\/div><div class=\"vc_col-sm-6 wpb_column vc_column_container\"><div class=\"vc_column-inner\"><div class=\"wpb_wrapper\"><div class=\"wpb_text_column\"><div class=\"wpb_wrapper\"><h2>Qu\u00e9 combinaciones evitar\u00edamos<\/h2>\n<ul>\n<li><strong>Israel Fern\u00e1ndez 21:30 + Ana Morales 22:00:<\/strong> incompatible.<\/li>\n<li><strong>Ana Morales 22:00 + Macarena L\u00f3pez 22:30:<\/strong> incompatible.<\/li>\n<li><strong>Rancapino Chico 21:30 + homenaje a Isabel Bay\u00f3n 22:30:<\/strong> no recomendable.<\/li>\n<li><strong>Xerezan\u00edas 21:30 + Jos\u00e9 del Tomate 22:30:<\/strong> incompatible.<\/li>\n<li><strong>Juan Requena 19:00 + Antonio Reyes 20:00:<\/strong> incompatible.<\/li>\n<li><strong>Mar\u00eda Mar\u00edn 19:00 + Ca\u00f1izares 20:00:<\/strong> incompatible.<\/li>\n<li><strong>Manuel de la Luz &amp; Manuel Im\u00e1n 19:00 + Jos\u00e9 Merc\u00e9 20:00:<\/strong> incompatible.<\/li>\n<\/ul>\n<p>En la Bienal es mejor perder una funci\u00f3n sobre el papel que perder media funci\u00f3n en la realidad. Deja margen para entrar con calma, salir del recinto y moverte por una ciudad que en septiembre sigue teniendo mucha actividad nocturna.<\/p>\n<\/div><\/div><\/div><\/div><\/div><\/div><\/div><\/section><section class=\"l-section wpb_row height_huge\"><div class=\"l-section-h i-cf\"><div class=\"g-cols vc_row via_flex valign_top type_default stacking_default\"><div class=\"vc_col-sm-12 wpb_column vc_column_container\"><div class=\"vc_column-inner\"><div class=\"wpb_wrapper\"><div class=\"wpb_text_column\"><div class=\"wpb_wrapper\"><h2 style=\"text-align: center;\">Nuestra selecci\u00f3n si solo puedes ir a cuatro funciones<\/h2>\n<p style=\"text-align: center;\"><strong>Israel Fern\u00e1ndez<\/strong> en el Real Alc\u00e1zar por la combinaci\u00f3n de cante y espacio; <strong>Xerezan\u00edas<\/strong> por el car\u00e1cter irrepetible de la reuni\u00f3n jerezana; una de las <strong>tres noches del Hotel Triana<\/strong> por el ambiente y el concepto de Noche \u00danica; y <strong>Jos\u00e9 Merc\u00e9<\/strong> en el Teatro de la Maestranza como gran cierre del domingo.<\/p>\n<p style=\"text-align: center;\">Si tu inter\u00e9s principal es la guitarra, sustituir\u00edamos una o dos de esas elecciones por <strong>Alejandro Hurtado<\/strong> en San Luis y <strong>Ca\u00f1izares con la ROSS<\/strong>. Si buscas baile, el lunes debe girar alrededor de <strong>Ana Morales<\/strong> o <strong>Macarena L\u00f3pez<\/strong>.<\/p>\n<\/div><\/div><div class=\"w-separator size_medium\"><\/div><div class=\"w-hwrapper valign_top wrap stack_on_mobiles align_center\" style=\"--hwrapper-gap:1.2rem\"><div class=\"w-btn-wrapper align_none\"><a class=\"w-btn us-btn-style_1\" href=\"https:\/\/www.tablaosflamencos.com\/en\/seville-flamenco-biennial\"><span class=\"w-btn-label\">Ver la Bienal de Flamenco 2026<\/span><\/a><\/div><div class=\"w-btn-wrapper align_none\"><a class=\"w-btn us-btn-style_1\" href=\"https:\/\/www.tablaosflamencos.com\/en\/seville-flamenco-biennial-2026-unique-nights.html\"><span class=\"w-btn-label\">Noches \u00danicas 2026<\/span><\/a><\/div><div class=\"w-btn-wrapper align_none\"><a class=\"w-btn us-btn-style_1\" href=\"https:\/\/www.tablaosflamencos.com\/en\/flamenco-in-seville\"><span class=\"w-btn-label\">Ver flamenco en Sevilla<\/span><\/a><\/div><\/div><\/div><\/div><\/div><\/div><\/div><\/section><section class=\"l-section wpb_row height_huge color_alternate with_shape\"><div class=\"l-section-shape type_zigzag pos_top\" style=\"height:3vmin;\"><svg xmlns=\"http:\/\/www.w3.org\/2000\/svg\" viewBox=\"0 0 64 8\" preserveAspectRatio=\"none\" width=\"100%\" height=\"100%\">\r\n\t<path fill=\"currentColor\" d=\"M64 8 L0 8 L0 0 L20 7.9 L40 3 L48 5 L64 0 Z\"\/>\r\n<\/svg><\/div><div class=\"l-section-shape type_zigzag pos_bottom\" style=\"height:3vmin;\"><svg xmlns=\"http:\/\/www.w3.org\/2000\/svg\" viewBox=\"0 0 64 8\" preserveAspectRatio=\"none\" width=\"100%\" height=\"100%\">\r\n\t<path fill=\"currentColor\" d=\"M64 8 L0 8 L0 0 L20 7.9 L40 3 L48 5 L64 0 Z\"\/>\r\n<\/svg><\/div><div class=\"l-section-h i-cf\"><div class=\"g-cols vc_row via_flex valign_top type_default stacking_default\"><div class=\"vc_col-sm-1\/5 wpb_column vc_column_container\"><div class=\"vc_column-inner\"><div class=\"wpb_wrapper\"><\/div><\/div><\/div><div class=\"vc_col-sm-3\/5 wpb_column vc_column_container\"><div class=\"vc_column-inner\"><div class=\"wpb_wrapper\"><div class=\"wpb_text_column\"><div class=\"wpb_wrapper\"><h2 id=\"faq-14-20\" style=\"text-align: center;\">Preguntas frecuentes sobre la Bienal del 14 al 20 de septiembre<\/h2>\n<\/div><\/div><div class=\"w-separator size_medium\"><\/div><div class=\"w-tabs accordion toggle_style_1 has_scrolling\" style=\"--sections-title-size:inherit;--sections-gap:0.5rem;\"><div class=\"w-tabs-sections titles-align_none icon_chevron cpos_right\"><div class=\"w-tabs-section\" id=\"dd33\"><button type=\"button\" class=\"w-tabs-section-header\" aria-controls=\"content-dd33\" aria-expanded=\"false\"><div class=\"w-tabs-section-title\">\u00bfCu\u00e1ntos espect\u00e1culos hay en la Bienal del 14 al 20 de septiembre de 2026?<\/div><div class=\"w-tabs-section-control\"><\/div><\/button><div  class=\"w-tabs-section-content\" id=\"content-dd33\"><div class=\"w-tabs-section-content-h i-cf\"><div class=\"wpb_text_column\"><div class=\"wpb_wrapper\"><p>La programaci\u00f3n oficial re\u00fane <strong>20 funciones<\/strong> entre el lunes 14 y el domingo 20 de septiembre, contando las dos funciones de <em>Devenir de la guitarra<\/em> de Alejandro Hurtado y Enrique Solin\u00eds en San Luis de los Franceses.<\/p>\n<\/div><\/div><\/div><\/div><\/div><div class=\"w-tabs-section\" id=\"oe38\"><button type=\"button\" class=\"w-tabs-section-header\" aria-controls=\"content-oe38\" aria-expanded=\"false\"><div class=\"w-tabs-section-title\">\u00bfQu\u00e9 hay el lunes 14 de septiembre?<\/div><div class=\"w-tabs-section-control\"><\/div><\/button><div  class=\"w-tabs-section-content\" id=\"content-oe38\"><div class=\"w-tabs-section-content-h i-cf\"><div class=\"wpb_text_column\"><div class=\"wpb_wrapper\"><p>El lunes est\u00e1n programados Israel Fern\u00e1ndez con <em>De oro y marfil<\/em> en el Real Alc\u00e1zar a las 21:30, Ana Morales con <em>Rapsodia. Fantas\u00eda subterr\u00e1nea<\/em> en la Real F\u00e1brica de Artiller\u00eda a las 22:00 y Macarena L\u00f3pez con <em>Sobre todas las cosas<\/em> en el Teatro Alameda a las 22:30.<\/p>\n<\/div><\/div><\/div><\/div><\/div><div class=\"w-tabs-section\" id=\"sf2b\"><button type=\"button\" class=\"w-tabs-section-header\" aria-controls=\"content-sf2b\" aria-expanded=\"false\"><div class=\"w-tabs-section-title\">\u00bfCu\u00e1ndo son las noches del Hotel Triana?<\/div><div class=\"w-tabs-section-control\"><\/div><\/button><div  class=\"w-tabs-section-content\" id=\"content-sf2b\"><div class=\"w-tabs-section-content-h i-cf\"><div class=\"wpb_text_column\"><div class=\"wpb_wrapper\"><p>El Hotel Triana concentra tres Noches \u00danicas consecutivas: <em>Mujeres Gitanas<\/em> el jueves 17, <em>Uvitas negras<\/em> el viernes 18 y <em>Andaluc\u00eda en el tiempo<\/em> el s\u00e1bado 19, todas a las 23:00.<\/p>\n<\/div><\/div><\/div><\/div><\/div><div class=\"w-tabs-section\" id=\"h027\"><button type=\"button\" class=\"w-tabs-section-header\" aria-controls=\"content-h027\" aria-expanded=\"false\"><div class=\"w-tabs-section-title\">\u00bfQu\u00e9 d\u00eda canta Jos\u00e9 Merc\u00e9 en la Bienal 2026?<\/div><div class=\"w-tabs-section-control\"><\/div><\/button><div  class=\"w-tabs-section-content\" id=\"content-h027\"><div class=\"w-tabs-section-content-h i-cf\"><div class=\"wpb_text_column\"><div class=\"wpb_wrapper\"><p>Jos\u00e9 Merc\u00e9 presenta <em>Toquen a rebato<\/em> el <strong>domingo 20 de septiembre de 2026 a las 20:00<\/strong> en el Teatro de la Maestranza.<\/p>\n<\/div><\/div><\/div><\/div><\/div><div class=\"w-tabs-section\" id=\"l0fc\"><button type=\"button\" class=\"w-tabs-section-header\" aria-controls=\"content-l0fc\" aria-expanded=\"false\"><div class=\"w-tabs-section-title\">\u00bfQu\u00e9 espect\u00e1culos de guitarra destacan esta semana?<\/div><div class=\"w-tabs-section-control\"><\/div><\/button><div  class=\"w-tabs-section-content\" id=\"content-l0fc\"><div class=\"w-tabs-section-content-h i-cf\"><div class=\"wpb_text_column\"><div class=\"wpb_wrapper\"><p>Entre las principales citas de guitarra est\u00e1n Jos\u00e9 del Tomate el mi\u00e9rcoles 16, Juan Requena el viernes 18, Alejandro Hurtado con Enrique Solin\u00eds el s\u00e1bado 19 y domingo 20, Ca\u00f1izares con la Real Orquesta Sinf\u00f3nica de Sevilla el s\u00e1bado 19 y Manuel de la Luz con Manuel Im\u00e1n el domingo 20.<\/p>\n<\/div><\/div><\/div><\/div><\/div><div class=\"w-tabs-section\" id=\"n1ca\"><button type=\"button\" class=\"w-tabs-section-header\" aria-controls=\"content-n1ca\" aria-expanded=\"false\"><div class=\"w-tabs-section-title\">\u00bfHay matin\u00e9s entre el 14 y el 20 de septiembre?<\/div><div class=\"w-tabs-section-control\"><\/div><\/button><div  class=\"w-tabs-section-content\" id=\"content-n1ca\"><div class=\"w-tabs-section-content-h i-cf\"><div class=\"wpb_text_column\"><div class=\"wpb_wrapper\"><p>S\u00ed. Alejandro Hurtado, con la colaboraci\u00f3n de Enrique Solin\u00eds, presenta <em>Devenir de la guitarra<\/em> el s\u00e1bado 19 y el domingo 20 a las 12:00 en la Iglesia de San Luis de los Franceses.<\/p>\n<\/div><\/div><\/div><\/div><\/div><div class=\"w-tabs-section\" id=\"o28b\"><button type=\"button\" class=\"w-tabs-section-header\" aria-controls=\"content-o28b\" aria-expanded=\"false\"><div class=\"w-tabs-section-title\">\u00bfCu\u00e1l es el d\u00eda con m\u00e1s funciones?<\/div><div class=\"w-tabs-section-control\"><\/div><\/button><div  class=\"w-tabs-section-content\" id=\"content-o28b\"><div class=\"w-tabs-section-content-h i-cf\"><div class=\"wpb_text_column\"><div class=\"wpb_wrapper\"><p>El s\u00e1bado 19 y el domingo 20 tienen cuatro funciones cada uno. El s\u00e1bado reparte programaci\u00f3n entre San Luis, Turina, Maestranza y Hotel Triana; el domingo entre San Luis, Turina, Maestranza y Teatro Alameda.<\/p>\n<\/div><\/div><\/div><\/div><\/div><div class=\"w-tabs-section\" id=\"f394\"><button type=\"button\" class=\"w-tabs-section-header\" aria-controls=\"content-f394\" aria-expanded=\"false\"><div class=\"w-tabs-section-title\">\u00bfPuedo ver varias funciones el mismo d\u00eda?<\/div><div class=\"w-tabs-section-control\"><\/div><\/button><div  class=\"w-tabs-section-content\" id=\"content-f394\"><div class=\"w-tabs-section-content-h i-cf\"><div class=\"wpb_text_column\"><div class=\"wpb_wrapper\"><p>S\u00ed en algunos casos, especialmente combinando una matin\u00e9 con una funci\u00f3n nocturna o una funci\u00f3n temprana con Hotel Triana a las 23:00. Sin embargo, muchas citas se solapan. No recomendamos intentar combinar funciones separadas solo por 30 o 60 minutos en espacios diferentes.<\/p>\n<\/div><\/div><\/div><\/div><\/div><div class=\"w-tabs-section\" id=\"p484\"><button type=\"button\" class=\"w-tabs-section-header\" aria-controls=\"content-p484\" aria-expanded=\"false\"><div class=\"w-tabs-section-title\">\u00bfD\u00f3nde se compran las entradas?<\/div><div class=\"w-tabs-section-control\"><\/div><\/button><div  class=\"w-tabs-section-content\" id=\"content-p484\"><div class=\"w-tabs-section-content-h i-cf\"><div class=\"wpb_text_column\"><div class=\"wpb_wrapper\"><p>Lo m\u00e1s seguro es entrar en la <a href=\"https:\/\/www.labienal.com\/programa-general\" target=\"_blank\" rel=\"noopener\"><strong>programaci\u00f3n oficial de la Bienal<\/strong><\/a>, abrir la ficha del espect\u00e1culo y utilizar desde all\u00ed el canal oficial de venta correspondiente. La disponibilidad puede cambiar a medida que se acerquen las fechas.<\/p>\n<\/div><\/div><\/div><\/div><\/div><\/div><\/div><\/div><\/div><\/div><div class=\"vc_col-sm-1\/5 wpb_column vc_column_container\"><div class=\"vc_column-inner\"><div class=\"wpb_wrapper\"><\/div><\/div><\/div><\/div><\/div><\/section>\n","protected":false},"excerpt":{"rendered":"<p>Your guide to the Seville Flamenco Biennial from 14 to 20 September 2026: the full programme, daily recommendations, suggested itineraries and realistic combinations.<\/p>\n","protected":false},"author":1,"featured_media":14743,"comment_status":"closed","ping_status":"closed","sticky":false,"template":"","format":"standard","meta":{"_acf_changed":false,"wpai_generated_summary":"","_ayudawp_aiss_exclude":false,"_ayudawp_aiss_exclude_summary":false,"_ayudawp_aiss_summary":"","_ayudawp_aiss_summary_provider":"","_ayudawp_aiss_summary_hash":"","footnotes":""},"categories":[1427],"tags":[1232,1233,1234,1235,1144,1236],"class_list":["post-14749","post","type-post","status-publish","format-standard","has-post-thumbnail","hentry","category-flamenco-biennial","tag-agenda-flamenca","tag-bienal-2026","tag-bienal-de-flamenco","tag-festivales-flamencos","tag-flamenco-en-sevilla","tag-sevilla"],"acf":[],"yoast_head":"<!-- This site is optimized with the Yoast SEO Premium plugin v28.4 (Yoast SEO v28.4) - https:\/\/yoast.com\/product\/yoast-seo-premium-wordpress\/ -->\n<title>Seville Flamenco Biennial: 14\u201320 September 2026 Guide<\/title>\n<meta name=\"description\" content=\"What to see at the Seville Flamenco Biennial from 14 to 20 September 2026: 20 performances, times, daily highlights and realistic itineraries.\" \/>\n<meta name=\"robots\" content=\"index, follow, max-snippet:-1, max-image-preview:large, max-video-preview:-1\" \/>\n<link rel=\"canonical\" href=\"https:\/\/www.tablaosflamencos.com\/en\/seville-flamenco-biennial-14-20-september-2026.html\" \/>\n<meta property=\"og:locale\" content=\"en_US\" \/>\n<meta property=\"og:type\" content=\"article\" \/>\n<meta property=\"og:title\" content=\"What to see at the Seville Flamenco Biennial, 14\u201320 September 2026\" \/>\n<meta property=\"og:description\" content=\"What to see at the Seville Flamenco Biennial from 14 to 20 September 2026: 20 performances, times, daily highlights and realistic itineraries.\" \/>\n<meta property=\"og:url\" content=\"https:\/\/www.tablaosflamencos.com\/en\/seville-flamenco-biennial-14-20-september-2026.html\" \/>\n<meta property=\"og:site_name\" content=\"Tablaos Flamencos\" \/>\n<meta property=\"article:publisher\" content=\"https:\/\/www.facebook.com\/tablaosflamencos\" \/>\n<meta property=\"article:published_time\" content=\"2026-09-05T11:34:33+00:00\" \/>\n<meta property=\"article:modified_time\" content=\"2026-09-05T13:01:02+00:00\" \/>\n<meta property=\"og:image\" content=\"https:\/\/www.tablaosflamencos.com\/wp-content\/uploads\/que-ver-en-la-bienal-del-14-al-20-de-septiembre-de-2026-01.webp\" \/>\n\t<meta property=\"og:image:width\" content=\"1672\" \/>\n\t<meta property=\"og:image:height\" content=\"941\" \/>\n\t<meta property=\"og:image:type\" content=\"image\/webp\" \/>\n<meta name=\"author\" content=\"Miguel Ortiz\" \/>\n<meta name=\"twitter:card\" content=\"summary_large_image\" \/>\n<meta name=\"twitter:creator\" content=\"@tablaosflamenco\" \/>\n<meta name=\"twitter:site\" content=\"@tablaosflamenco\" \/>\n<meta name=\"twitter:label1\" content=\"Written by\" \/>\n\t<meta name=\"twitter:data1\" content=\"Miguel Ortiz\" \/>\n\t<meta name=\"twitter:label2\" content=\"Est. reading time\" \/>\n\t<meta name=\"twitter:data2\" content=\"26 minutes\" \/>\n<script type=\"application\/ld+json\" class=\"yoast-schema-graph\">{\"@context\":\"https:\\\/\\\/schema.org\",\"@graph\":[{\"@type\":\"Article\",\"@id\":\"https:\\\/\\\/www.tablaosflamencos.com\\\/en\\\/seville-flamenco-biennial-14-20-september-2026.html#article\",\"isPartOf\":{\"@id\":\"https:\\\/\\\/www.tablaosflamencos.com\\\/en\\\/seville-flamenco-biennial-14-20-september-2026.html\"},\"author\":{\"name\":\"Miguel Ortiz\",\"@id\":\"https:\\\/\\\/www.tablaosflamencos.com\\\/en#\\\/schema\\\/person\\\/e7a9ebe14eb75a52ceabfbffb3c54f5d\"},\"headline\":\"What to see at the Seville Flamenco Biennial, 14\u201320 September 2026\",\"datePublished\":\"2026-09-05T11:34:33+00:00\",\"dateModified\":\"2026-09-05T13:01:02+00:00\",\"mainEntityOfPage\":{\"@id\":\"https:\\\/\\\/www.tablaosflamencos.com\\\/en\\\/seville-flamenco-biennial-14-20-september-2026.html\"},\"wordCount\":5243,\"publisher\":{\"@id\":\"https:\\\/\\\/www.tablaosflamencos.com\\\/en#organization\"},\"image\":{\"@id\":\"https:\\\/\\\/www.tablaosflamencos.com\\\/en\\\/seville-flamenco-biennial-14-20-september-2026.html#primaryimage\"},\"thumbnailUrl\":\"https:\\\/\\\/www.tablaosflamencos.com\\\/wp-content\\\/uploads\\\/que-ver-en-la-bienal-del-14-al-20-de-septiembre-de-2026-01.webp\",\"keywords\":[\"agenda flamenca\",\"Bienal 2026\",\"Bienal de Flamenco\",\"festivales flamencos\",\"flamenco en Sevilla\",\"sevilla\"],\"articleSection\":[\"Flamenco Biennial\"],\"inLanguage\":\"en-US\"},{\"@type\":\"WebPage\",\"@id\":\"https:\\\/\\\/www.tablaosflamencos.com\\\/en\\\/seville-flamenco-biennial-14-20-september-2026.html\",\"url\":\"https:\\\/\\\/www.tablaosflamencos.com\\\/en\\\/seville-flamenco-biennial-14-20-september-2026.html\",\"name\":\"Seville Flamenco Biennial: 14\u201320 September 2026 Guide\",\"isPartOf\":{\"@id\":\"https:\\\/\\\/www.tablaosflamencos.com\\\/en#website\"},\"primaryImageOfPage\":{\"@id\":\"https:\\\/\\\/www.tablaosflamencos.com\\\/en\\\/seville-flamenco-biennial-14-20-september-2026.html#primaryimage\"},\"image\":{\"@id\":\"https:\\\/\\\/www.tablaosflamencos.com\\\/en\\\/seville-flamenco-biennial-14-20-september-2026.html#primaryimage\"},\"thumbnailUrl\":\"https:\\\/\\\/www.tablaosflamencos.com\\\/wp-content\\\/uploads\\\/que-ver-en-la-bienal-del-14-al-20-de-septiembre-de-2026-01.webp\",\"datePublished\":\"2026-09-05T11:34:33+00:00\",\"dateModified\":\"2026-09-05T13:01:02+00:00\",\"description\":\"What to see at the Seville Flamenco Biennial from 14 to 20 September 2026: 20 performances, times, daily highlights and realistic itineraries.\",\"breadcrumb\":{\"@id\":\"https:\\\/\\\/www.tablaosflamencos.com\\\/en\\\/seville-flamenco-biennial-14-20-september-2026.html#breadcrumb\"},\"inLanguage\":\"en-US\",\"potentialAction\":[{\"@type\":\"ReadAction\",\"target\":[\"https:\\\/\\\/www.tablaosflamencos.com\\\/en\\\/seville-flamenco-biennial-14-20-september-2026.html\"]}]},{\"@type\":\"ImageObject\",\"inLanguage\":\"en-US\",\"@id\":\"https:\\\/\\\/www.tablaosflamencos.com\\\/en\\\/seville-flamenco-biennial-14-20-september-2026.html#primaryimage\",\"url\":\"https:\\\/\\\/www.tablaosflamencos.com\\\/wp-content\\\/uploads\\\/que-ver-en-la-bienal-del-14-al-20-de-septiembre-de-2026-01.webp\",\"contentUrl\":\"https:\\\/\\\/www.tablaosflamencos.com\\\/wp-content\\\/uploads\\\/que-ver-en-la-bienal-del-14-al-20-de-septiembre-de-2026-01.webp\",\"width\":1672,\"height\":941,\"caption\":\"Qu\u00e9 ver en la Bienal del 14 al 20 de septiembre de 2026\"},{\"@type\":\"BreadcrumbList\",\"@id\":\"https:\\\/\\\/www.tablaosflamencos.com\\\/en\\\/seville-flamenco-biennial-14-20-september-2026.html#breadcrumb\",\"itemListElement\":[{\"@type\":\"ListItem\",\"position\":1,\"name\":\"Home\",\"item\":\"https:\\\/\\\/www.tablaosflamencos.com\\\/en\"},{\"@type\":\"ListItem\",\"position\":2,\"name\":\"What to see at the Seville Flamenco Biennial, 14\u201320 September 2026\"}]},{\"@type\":\"WebSite\",\"@id\":\"https:\\\/\\\/www.tablaosflamencos.com\\\/en#website\",\"url\":\"https:\\\/\\\/www.tablaosflamencos.com\\\/en\",\"name\":\"Tablaos Flamencos\",\"description\":\"Entradas para tablaos flamencos de Espa\u00f1a\",\"publisher\":{\"@id\":\"https:\\\/\\\/www.tablaosflamencos.com\\\/en#organization\"},\"alternateName\":\"Tablaos Flamencos\",\"potentialAction\":[{\"@type\":\"SearchAction\",\"target\":{\"@type\":\"EntryPoint\",\"urlTemplate\":\"https:\\\/\\\/www.tablaosflamencos.com\\\/en?s={search_term_string}\"},\"query-input\":{\"@type\":\"PropertyValueSpecification\",\"valueRequired\":true,\"valueName\":\"search_term_string\"}}],\"inLanguage\":\"en-US\"},{\"@type\":[\"Organization\",\"Place\",\"EntertainmentBusiness\"],\"@id\":\"https:\\\/\\\/www.tablaosflamencos.com\\\/en#organization\",\"name\":\"Tablaos Flamencos\",\"alternateName\":\"Tablaos Flamencos\",\"url\":\"https:\\\/\\\/www.tablaosflamencos.com\\\/en\",\"logo\":{\"@id\":\"https:\\\/\\\/www.tablaosflamencos.com\\\/en\\\/seville-flamenco-biennial-14-20-september-2026.html#local-main-organization-logo\"},\"image\":{\"@id\":\"https:\\\/\\\/www.tablaosflamencos.com\\\/en\\\/seville-flamenco-biennial-14-20-september-2026.html#local-main-organization-logo\"},\"sameAs\":[\"https:\\\/\\\/www.facebook.com\\\/tablaosflamencos\",\"https:\\\/\\\/x.com\\\/tablaosflamenco\",\"https:\\\/\\\/mastodon.social\\\/@tablaosflamencos\",\"https:\\\/\\\/www.instagram.com\\\/tablaosflamencos\",\"https:\\\/\\\/tiktok.com\\\/@tablaosflamencos\",\"https:\\\/\\\/www.linkedin.com\\\/company\\\/109408238\\\/\"],\"description\":\"Venta de entradas para espect\u00e1culos flamencos\",\"legalName\":\"Tablaos Flamencos\",\"foundingDate\":\"2015-01-01\",\"numberOfEmployees\":{\"@type\":\"QuantitativeValue\",\"minValue\":\"1\",\"maxValue\":\"10\"},\"address\":{\"@id\":\"https:\\\/\\\/www.tablaosflamencos.com\\\/en\\\/seville-flamenco-biennial-14-20-september-2026.html#local-main-place-address\"},\"geo\":{\"@type\":\"GeoCoordinates\",\"latitude\":\"37.3868072\",\"longitude\":\"-5.993280299999999\"},\"telephone\":[\"+34623787787\"],\"contactPoint\":{\"@type\":\"ContactPoint\",\"telephone\":\"+34623787787\",\"email\":\"info@tablaosflamencos.com\"},\"openingHoursSpecification\":{\"@type\":\"OpeningHoursSpecification\",\"dayOfWeek\":[\"Monday\",\"Tuesday\",\"Wednesday\",\"Thursday\",\"Friday\",\"Saturday\",\"Sunday\"],\"opens\":\"00:00\",\"closes\":\"23:59\"},\"email\":\"info@tablaosflamencos.com\",\"priceRange\":\"$$$\",\"currenciesAccepted\":\"\u20ac\"},{\"@type\":\"Person\",\"@id\":\"https:\\\/\\\/www.tablaosflamencos.com\\\/en#\\\/schema\\\/person\\\/e7a9ebe14eb75a52ceabfbffb3c54f5d\",\"name\":\"Miguel Ortiz\",\"description\":\"Miguel Ortiz es un empresario flamenco, con una s\u00f3lida trayectoria dentro del sector. Ha presidido entidades culturales vinculadas al flamenco y, cuenta con un amplio recorrido profesional en la gesti\u00f3n y promoci\u00f3n de espect\u00e1culos y tablaos flamencos. Su pasi\u00f3n por la historia y el arte flamenco se refleja en cada art\u00edculo, donde combina experiencia, criterio y un profundo respeto por la tradici\u00f3n.\",\"sameAs\":[\"https:\\\/\\\/www.tablaosflamencos.com\",\"https:\\\/\\\/www.instagra.com\\\/miguelortizfe\",\"https:\\\/\\\/www.linkedin.com\\\/in\\\/miguelortizf\\\/\"],\"birthDate\":\"1984-11-22\",\"gender\":\"hombre\",\"knowsLanguage\":[\"espa\u00f1ol\",\"ingl\u00e9s\"],\"jobTitle\":\"Empresario flamenco\"},{\"@type\":\"PostalAddress\",\"@id\":\"https:\\\/\\\/www.tablaosflamencos.com\\\/en\\\/seville-flamenco-biennial-14-20-september-2026.html#local-main-place-address\",\"streetAddress\":\"C\\\/ Alemanes, 19\",\"addressLocality\":\"Sevilla\",\"postalCode\":\"41004\",\"addressRegion\":\"Sevilla\",\"addressCountry\":\"ES\"},{\"@type\":\"ImageObject\",\"inLanguage\":\"en-US\",\"@id\":\"https:\\\/\\\/www.tablaosflamencos.com\\\/en\\\/seville-flamenco-biennial-14-20-september-2026.html#local-main-organization-logo\",\"url\":\"https:\\\/\\\/www.tablaosflamencos.com\\\/wp-content\\\/uploads\\\/tablaos-flamencos-06-3.webp\",\"contentUrl\":\"https:\\\/\\\/www.tablaosflamencos.com\\\/wp-content\\\/uploads\\\/tablaos-flamencos-06-3.webp\",\"width\":600,\"height\":620,\"caption\":\"Tablaos Flamencos\"}]}<\/script>\n<meta name=\"geo.placename\" content=\"Sevilla\" \/>\n<meta name=\"geo.position\" content=\"37.3868072;-5.993280299999999\" \/>\n<meta name=\"geo.region\" content=\"Spain\" \/>\n<!-- \/ Yoast SEO Premium plugin. -->","yoast_head_json":{"title":"Seville Flamenco Biennial: 14\u201320 September 2026 Guide","description":"What to see at the Seville Flamenco Biennial from 14 to 20 September 2026: 20 performances, times, daily highlights and realistic itineraries.","robots":{"index":"index","follow":"follow","max-snippet":"max-snippet:-1","max-image-preview":"max-image-preview:large","max-video-preview":"max-video-preview:-1"},"canonical":"https:\/\/www.tablaosflamencos.com\/en\/seville-flamenco-biennial-14-20-september-2026.html","og_locale":"en_US","og_type":"article","og_title":"What to see at the Seville Flamenco Biennial, 14\u201320 September 2026","og_description":"What to see at the Seville Flamenco Biennial from 14 to 20 September 2026: 20 performances, times, daily highlights and realistic itineraries.","og_url":"https:\/\/www.tablaosflamencos.com\/en\/seville-flamenco-biennial-14-20-september-2026.html","og_site_name":"Tablaos Flamencos","article_publisher":"https:\/\/www.facebook.com\/tablaosflamencos","article_published_time":"2026-09-05T11:34:33+00:00","article_modified_time":"2026-09-05T13:01:02+00:00","og_image":[{"width":1672,"height":941,"url":"https:\/\/www.tablaosflamencos.com\/wp-content\/uploads\/que-ver-en-la-bienal-del-14-al-20-de-septiembre-de-2026-01.webp","type":"image\/webp"}],"author":"Miguel Ortiz","twitter_card":"summary_large_image","twitter_creator":"@tablaosflamenco","twitter_site":"@tablaosflamenco","twitter_misc":{"Written by":"Miguel Ortiz","Est. reading time":"26 minutes"},"schema":{"@context":"https:\/\/schema.org","@graph":[{"@type":"Article","@id":"https:\/\/www.tablaosflamencos.com\/en\/seville-flamenco-biennial-14-20-september-2026.html#article","isPartOf":{"@id":"https:\/\/www.tablaosflamencos.com\/en\/seville-flamenco-biennial-14-20-september-2026.html"},"author":{"name":"Miguel Ortiz","@id":"https:\/\/www.tablaosflamencos.com\/en#\/schema\/person\/e7a9ebe14eb75a52ceabfbffb3c54f5d"},"headline":"What to see at the Seville Flamenco Biennial, 14\u201320 September 2026","datePublished":"2026-09-05T11:34:33+00:00","dateModified":"2026-09-05T13:01:02+00:00","mainEntityOfPage":{"@id":"https:\/\/www.tablaosflamencos.com\/en\/seville-flamenco-biennial-14-20-september-2026.html"},"wordCount":5243,"publisher":{"@id":"https:\/\/www.tablaosflamencos.com\/en#organization"},"image":{"@id":"https:\/\/www.tablaosflamencos.com\/en\/seville-flamenco-biennial-14-20-september-2026.html#primaryimage"},"thumbnailUrl":"https:\/\/www.tablaosflamencos.com\/wp-content\/uploads\/que-ver-en-la-bienal-del-14-al-20-de-septiembre-de-2026-01.webp","keywords":["agenda flamenca","Bienal 2026","Bienal de Flamenco","festivales flamencos","flamenco en Sevilla","sevilla"],"articleSection":["Flamenco Biennial"],"inLanguage":"en-US"},{"@type":"WebPage","@id":"https:\/\/www.tablaosflamencos.com\/en\/seville-flamenco-biennial-14-20-september-2026.html","url":"https:\/\/www.tablaosflamencos.com\/en\/seville-flamenco-biennial-14-20-september-2026.html","name":"Seville Flamenco Biennial: 14\u201320 September 2026 Guide","isPartOf":{"@id":"https:\/\/www.tablaosflamencos.com\/en#website"},"primaryImageOfPage":{"@id":"https:\/\/www.tablaosflamencos.com\/en\/seville-flamenco-biennial-14-20-september-2026.html#primaryimage"},"image":{"@id":"https:\/\/www.tablaosflamencos.com\/en\/seville-flamenco-biennial-14-20-september-2026.html#primaryimage"},"thumbnailUrl":"https:\/\/www.tablaosflamencos.com\/wp-content\/uploads\/que-ver-en-la-bienal-del-14-al-20-de-septiembre-de-2026-01.webp","datePublished":"2026-09-05T11:34:33+00:00","dateModified":"2026-09-05T13:01:02+00:00","description":"What to see at the Seville Flamenco Biennial from 14 to 20 September 2026: 20 performances, times, daily highlights and realistic itineraries.","breadcrumb":{"@id":"https:\/\/www.tablaosflamencos.com\/en\/seville-flamenco-biennial-14-20-september-2026.html#breadcrumb"},"inLanguage":"en-US","potentialAction":[{"@type":"ReadAction","target":["https:\/\/www.tablaosflamencos.com\/en\/seville-flamenco-biennial-14-20-september-2026.html"]}]},{"@type":"ImageObject","inLanguage":"en-US","@id":"https:\/\/www.tablaosflamencos.com\/en\/seville-flamenco-biennial-14-20-september-2026.html#primaryimage","url":"https:\/\/www.tablaosflamencos.com\/wp-content\/uploads\/que-ver-en-la-bienal-del-14-al-20-de-septiembre-de-2026-01.webp","contentUrl":"https:\/\/www.tablaosflamencos.com\/wp-content\/uploads\/que-ver-en-la-bienal-del-14-al-20-de-septiembre-de-2026-01.webp","width":1672,"height":941,"caption":"Qu\u00e9 ver en la Bienal del 14 al 20 de septiembre de 2026"},{"@type":"BreadcrumbList","@id":"https:\/\/www.tablaosflamencos.com\/en\/seville-flamenco-biennial-14-20-september-2026.html#breadcrumb","itemListElement":[{"@type":"ListItem","position":1,"name":"Home","item":"https:\/\/www.tablaosflamencos.com\/en"},{"@type":"ListItem","position":2,"name":"What to see at the Seville Flamenco Biennial, 14\u201320 September 2026"}]},{"@type":"WebSite","@id":"https:\/\/www.tablaosflamencos.com\/en#website","url":"https:\/\/www.tablaosflamencos.com\/en","name":"Tablaos Flamencos","description":"Entradas para tablaos flamencos de Espa\u00f1a","publisher":{"@id":"https:\/\/www.tablaosflamencos.com\/en#organization"},"alternateName":"Tablaos Flamencos","potentialAction":[{"@type":"SearchAction","target":{"@type":"EntryPoint","urlTemplate":"https:\/\/www.tablaosflamencos.com\/en?s={search_term_string}"},"query-input":{"@type":"PropertyValueSpecification","valueRequired":true,"valueName":"search_term_string"}}],"inLanguage":"en-US"},{"@type":["Organization","Place","EntertainmentBusiness"],"@id":"https:\/\/www.tablaosflamencos.com\/en#organization","name":"Tablaos Flamencos","alternateName":"Tablaos Flamencos","url":"https:\/\/www.tablaosflamencos.com\/en","logo":{"@id":"https:\/\/www.tablaosflamencos.com\/en\/seville-flamenco-biennial-14-20-september-2026.html#local-main-organization-logo"},"image":{"@id":"https:\/\/www.tablaosflamencos.com\/en\/seville-flamenco-biennial-14-20-september-2026.html#local-main-organization-logo"},"sameAs":["https:\/\/www.facebook.com\/tablaosflamencos","https:\/\/x.com\/tablaosflamenco","https:\/\/mastodon.social\/@tablaosflamencos","https:\/\/www.instagram.com\/tablaosflamencos","https:\/\/tiktok.com\/@tablaosflamencos","https:\/\/www.linkedin.com\/company\/109408238\/"],"description":"Venta de entradas para espect\u00e1culos flamencos","legalName":"Tablaos Flamencos","foundingDate":"2015-01-01","numberOfEmployees":{"@type":"QuantitativeValue","minValue":"1","maxValue":"10"},"address":{"@id":"https:\/\/www.tablaosflamencos.com\/en\/seville-flamenco-biennial-14-20-september-2026.html#local-main-place-address"},"geo":{"@type":"GeoCoordinates","latitude":"37.3868072","longitude":"-5.993280299999999"},"telephone":["+34623787787"],"contactPoint":{"@type":"ContactPoint","telephone":"+34623787787","email":"info@tablaosflamencos.com"},"openingHoursSpecification":{"@type":"OpeningHoursSpecification","dayOfWeek":["Monday","Tuesday","Wednesday","Thursday","Friday","Saturday","Sunday"],"opens":"00:00","closes":"23:59"},"email":"info@tablaosflamencos.com","priceRange":"$$$","currenciesAccepted":"\u20ac"},{"@type":"Person","@id":"https:\/\/www.tablaosflamencos.com\/en#\/schema\/person\/e7a9ebe14eb75a52ceabfbffb3c54f5d","name":"Miguel Ortiz","description":"Miguel Ortiz es un empresario flamenco, con una s\u00f3lida trayectoria dentro del sector. Ha presidido entidades culturales vinculadas al flamenco y, cuenta con un amplio recorrido profesional en la gesti\u00f3n y promoci\u00f3n de espect\u00e1culos y tablaos flamencos. Su pasi\u00f3n por la historia y el arte flamenco se refleja en cada art\u00edculo, donde combina experiencia, criterio y un profundo respeto por la tradici\u00f3n.","sameAs":["https:\/\/www.tablaosflamencos.com","https:\/\/www.instagra.com\/miguelortizfe","https:\/\/www.linkedin.com\/in\/miguelortizf\/"],"birthDate":"1984-11-22","gender":"hombre","knowsLanguage":["espa\u00f1ol","ingl\u00e9s"],"jobTitle":"Empresario flamenco"},{"@type":"PostalAddress","@id":"https:\/\/www.tablaosflamencos.com\/en\/seville-flamenco-biennial-14-20-september-2026.html#local-main-place-address","streetAddress":"C\/ Alemanes, 19","addressLocality":"Sevilla","postalCode":"41004","addressRegion":"Sevilla","addressCountry":"ES"},{"@type":"ImageObject","inLanguage":"en-US","@id":"https:\/\/www.tablaosflamencos.com\/en\/seville-flamenco-biennial-14-20-september-2026.html#local-main-organization-logo","url":"https:\/\/www.tablaosflamencos.com\/wp-content\/uploads\/tablaos-flamencos-06-3.webp","contentUrl":"https:\/\/www.tablaosflamencos.com\/wp-content\/uploads\/tablaos-flamencos-06-3.webp","width":600,"height":620,"caption":"Tablaos Flamencos"}]},"geo.placename":"Sevilla","geo.position":{"lat":"37.3868072","long":"-5.993280299999999"},"geo.region":"Spain"},"_links":{"self":[{"href":"https:\/\/www.tablaosflamencos.com\/en\/wp-json\/wp\/v2\/posts\/14749","targetHints":{"allow":["GET"]}}],"collection":[{"href":"https:\/\/www.tablaosflamencos.com\/en\/wp-json\/wp\/v2\/posts"}],"about":[{"href":"https:\/\/www.tablaosflamencos.com\/en\/wp-json\/wp\/v2\/types\/post"}],"author":[{"embeddable":true,"href":"https:\/\/www.tablaosflamencos.com\/en\/wp-json\/wp\/v2\/users\/1"}],"replies":[{"embeddable":true,"href":"https:\/\/www.tablaosflamencos.com\/en\/wp-json\/wp\/v2\/comments?post=14749"}],"version-history":[{"count":6,"href":"https:\/\/www.tablaosflamencos.com\/en\/wp-json\/wp\/v2\/posts\/14749\/revisions"}],"predecessor-version":[{"id":14909,"href":"https:\/\/www.tablaosflamencos.com\/en\/wp-json\/wp\/v2\/posts\/14749\/revisions\/14909"}],"wp:featuredmedia":[{"embeddable":true,"href":"https:\/\/www.tablaosflamencos.com\/en\/wp-json\/wp\/v2\/media\/14743"}],"wp:attachment":[{"href":"https:\/\/www.tablaosflamencos.com\/en\/wp-json\/wp\/v2\/media?parent=14749"}],"wp:term":[{"taxonomy":"category","embeddable":true,"href":"https:\/\/www.tablaosflamencos.com\/en\/wp-json\/wp\/v2\/categories?post=14749"},{"taxonomy":"post_tag","embeddable":true,"href":"https:\/\/www.tablaosflamencos.com\/en\/wp-json\/wp\/v2\/tags?post=14749"}],"curies":[{"name":"wp","href":"https:\/\/api.w.org\/{rel}","templated":true}]}}