{"id":14748,"date":"2026-09-05T12:42:59","date_gmt":"2026-09-05T10:42:59","guid":{"rendered":"https:\/\/www.tablaosflamencos.com\/?p=14748"},"modified":"2026-09-05T13:49:39","modified_gmt":"2026-09-05T11:49:39","slug":"jerez-fusion-2026-dates-programme","status":"publish","type":"post","link":"https:\/\/www.tablaosflamencos.com\/en\/jerez-fusion-2026-dates-programme.html","title":{"rendered":"Jerez Fusi\u00f3n 2026: dates, programme and everything you need to know"},"content":{"rendered":"<section class=\"l-section wpb_row height_huge\"><div class=\"l-section-h i-cf\"><div class=\"g-cols vc_row via_flex valign_top type_default stacking_default\"><div class=\"vc_col-sm-6 wpb_column vc_column_container\"><div class=\"vc_column-inner\"><div class=\"wpb_wrapper\"><div class=\"wpb_text_column\"><div class=\"wpb_wrapper\"><h2>Jerez launches a new festival of flamenco, music and wine<\/h2>\n<p><strong>Jerez Fusi\u00f3n 2026<\/strong> holds its first edition from <strong>10 to 13 September 2026<\/strong> in Jerez de la Frontera. The festival starts with a clear idea: to take flamenco as its starting point and bring it into dialogue with other music, contemporary creativity, the cultural industries, and Jerez&#8217;s wine and brandy.<\/p>\n<p>This will not be a festival confined to a single site. Its programme takes place across <strong>more than ten venues around the city<\/strong> and combines concerts, showcases, masterclasses, panel discussions, professional networking, exhibitions, cinema, theatre and gastronomy.<\/p>\n<p>It is organised by the <strong>Cl\u00faster Tur\u00edstico Destino Jerez<\/strong>, with support from Jerez City Council and the collaboration of FEDEJEREZ. The project also forms part of the cultural strategy associated with Jerez 2031 and the development of a city identity linking flamenco, culture and tourism.<\/p>\n<\/div><\/div><\/div><\/div><\/div><div class=\"vc_col-sm-6 wpb_column vc_column_container\"><div class=\"vc_column-inner\"><div class=\"wpb_wrapper\"><div class=\"wpb_text_column\"><div class=\"wpb_wrapper\"><h2>Jerez Fusi\u00f3n 2026: dates and key facts<\/h2>\n<ul>\n<li><strong>Dates:<\/strong> Thursday 10 to Sunday 13 September 2026.<\/li>\n<li><strong>City:<\/strong> Jerez de la Frontera, C\u00e1diz.<\/li>\n<li><strong>Edition:<\/strong> first edition.<\/li>\n<li><strong>Format:<\/strong> music + wine + city.<\/li>\n<li><strong>Artists:<\/strong> more than 12 artists and projects announced.<\/li>\n<li><strong>Venues:<\/strong> more than 10 locations.<\/li>\n<li><strong>Activities:<\/strong> concerts, showcases, masterclasses, panel discussions, networking, exhibitions, cinema, theatre and gastronomy.<\/li>\n<li><strong>Grand finale:<\/strong> a concert at Alameda Vieja featuring a tribute to Antonio de los R\u00edos \u201cEl Madriles\u201d and a performance by Raimundo Amador.<\/li>\n<\/ul>\n<p>The official website uses the concept <strong>Flamenco Global Experience<\/strong>, a description that captures the aim: to present flamenco open to encounters with jazz, blues, world music, electronic music and new approaches to production.<\/p>\n<\/div><\/div><\/div><\/div><\/div><\/div><\/div><\/section><section class=\"l-section wpb_row height_huge color_alternate with_shape\"><div class=\"l-section-shape type_zigzag pos_top hor_flip\" style=\"height:3vmin;\"><svg xmlns=\"http:\/\/www.w3.org\/2000\/svg\" viewBox=\"0 0 64 8\" preserveAspectRatio=\"none\" width=\"100%\" height=\"100%\">\r\n\t<path fill=\"currentColor\" d=\"M64 8 L0 8 L0 0 L20 7.9 L40 3 L48 5 L64 0 Z\"\/>\r\n<\/svg><\/div><div class=\"l-section-shape type_zigzag pos_bottom\" style=\"height:3vmin;\"><svg xmlns=\"http:\/\/www.w3.org\/2000\/svg\" viewBox=\"0 0 64 8\" preserveAspectRatio=\"none\" width=\"100%\" height=\"100%\">\r\n\t<path fill=\"currentColor\" d=\"M64 8 L0 8 L0 0 L20 7.9 L40 3 L48 5 L64 0 Z\"\/>\r\n<\/svg><\/div><div class=\"l-section-h i-cf\"><div class=\"g-cols vc_row via_flex valign_top type_default stacking_default\"><div class=\"vc_col-sm-12 wpb_column vc_column_container\"><div class=\"vc_column-inner\"><div class=\"wpb_wrapper\"><div class=\"wpb_text_column\"><div class=\"wpb_wrapper\"><blockquote>\n<p><strong>At a glance:<\/strong> Jerez Fusi\u00f3n 2026 takes place from <strong>10 to 13 September<\/strong> at various venues in Jerez de la Frontera. The programme combines contemporary flamenco with jazz, blues, electronic music and other genres, alongside wine, showcases, exhibitions and industry gatherings. Announced artists include Raimundo Amador, Tomasito, Diego Carrasco, Curro Carrasco, Luis de Perik\u00edn, Jos\u00e9 de los Camarones, Chico P\u00e9rez, Juan Diego Mateos and other flamenco-fusion projects.<\/p>\n<\/blockquote>\n<p><strong>Last updated: 5 September 2026.<\/strong> Times or venues may change, so check the official website before travelling.<\/p>\n<\/div><\/div><div class=\"w-separator size_medium\"><\/div><div class=\"w-hwrapper valign_top wrap stack_on_mobiles align_center\" style=\"--hwrapper-gap:1.2rem\"><div class=\"w-btn-wrapper align_none\"><a class=\"w-btn us-btn-style_1\" href=\"https:\/\/www.jerezfusion.com\/\"><span class=\"w-btn-label\">Official Jerez Fusi\u00f3n website<\/span><\/a><\/div><div class=\"w-btn-wrapper align_none\"><a class=\"w-btn us-btn-style_1\" href=\"https:\/\/www.tablaosflamencos.com\/en\/flamenco-in-jerez\"><span class=\"w-btn-label\">See flamenco in Jerez<\/span><\/a><\/div><\/div><\/div><\/div><\/div><\/div><\/div><\/section><section class=\"l-section wpb_row height_huge\"><div class=\"l-section-h i-cf\"><div class=\"g-cols vc_row via_flex valign_top type_default stacking_default\"><div class=\"vc_col-sm-3 wpb_column vc_column_container\"><div class=\"vc_column-inner\"><div class=\"wpb_wrapper\"><\/div><\/div><\/div><div class=\"vc_col-sm-6 wpb_column vc_column_container\"><div class=\"vc_column-inner\"><div class=\"wpb_wrapper\"><div class=\"wpb_text_column\"><div class=\"wpb_wrapper\"><h2>In this guide<\/h2>\n<ul>\n<li><a href=\"#que-es\">What is Jerez Fusi\u00f3n?<\/a><\/li>\n<li><a href=\"#jueves\">Thursday 10 programme<\/a><\/li>\n<li><a href=\"#viernes\">Friday 11 programme<\/a><\/li>\n<li><a href=\"#sabado\">Saturday 12 programme<\/a><\/li>\n<li><a href=\"#domingo\">Sunday 13 programme<\/a><\/li>\n<li><a href=\"#artistas\">Featured artists<\/a><\/li>\n<li><a href=\"#espacios\">Festival venues<\/a><\/li>\n<li><a href=\"#profesional\">Networking and industry programme<\/a><\/li>\n<li><a href=\"#vino\">Flamenco, wine and brandy from Jerez<\/a><\/li>\n<li><a href=\"#entradas\">Tickets and admission<\/a><\/li>\n<li><a href=\"#planificar\">Planning your visit<\/a><\/li>\n<li><a href=\"#faq\">Frequently asked questions<\/a><\/li>\n<\/ul>\n<\/div><\/div><div class=\"w-separator size_medium\"><\/div><div class=\"wpb_text_column\"><div class=\"wpb_wrapper\"><h2 id=\"que-es\">What is Jerez Fusi\u00f3n?<\/h2>\n<p>Jerez Fusi\u00f3n does not treat flamenco as a closed or exclusively traditional art form. Its starting point is quite the opposite: <strong>roots as a musical language capable of blending with others<\/strong>.<\/p>\n<p>The festival aims to connect flamenco with jazz, blues, soul, hip-hop, electronic music and other contemporary sounds, keeping Jerez at its cultural heart. The city is more than a backdrop: wineries, venues, cultural spaces, streets and heritage are all part of the experience.<\/p>\n<p>This urban dimension matters. Across four days there will be artistic programming, activities for the general public and meetings for artists, managers, programmers, festivals, agencies, media and music-industry professionals.<\/p>\n<\/div><\/div><\/div><\/div><\/div><div class=\"vc_col-sm-3 wpb_column vc_column_container\"><div class=\"vc_column-inner\"><div class=\"wpb_wrapper\"><\/div><\/div><\/div><\/div><\/div><\/section><section class=\"l-section wpb_row height_huge color_alternate with_shape\"><div class=\"l-section-shape type_zigzag pos_top\" style=\"height:3vmin;\"><svg xmlns=\"http:\/\/www.w3.org\/2000\/svg\" viewBox=\"0 0 64 8\" preserveAspectRatio=\"none\" width=\"100%\" height=\"100%\">\r\n\t<path fill=\"currentColor\" d=\"M64 8 L0 8 L0 0 L20 7.9 L40 3 L48 5 L64 0 Z\"\/>\r\n<\/svg><\/div><div class=\"l-section-shape type_zigzag pos_bottom\" style=\"height:3vmin;\"><svg xmlns=\"http:\/\/www.w3.org\/2000\/svg\" viewBox=\"0 0 64 8\" preserveAspectRatio=\"none\" width=\"100%\" height=\"100%\">\r\n\t<path fill=\"currentColor\" d=\"M64 8 L0 8 L0 0 L20 7.9 L40 3 L48 5 L64 0 Z\"\/>\r\n<\/svg><\/div><div class=\"l-section-h i-cf\"><div class=\"g-cols vc_row via_flex valign_top type_default stacking_default\"><div class=\"vc_col-sm-6 wpb_column vc_column_container\"><div class=\"vc_column-inner\"><div class=\"wpb_wrapper\"><div class=\"wpb_text_column\"><div class=\"wpb_wrapper\"><h2 id=\"jueves\">Thursday 10 September: opening day and the first musical encounters<\/h2>\n<p>The first day opens with afternoon and evening programming across several venues.<\/p>\n<p><strong>Cuarto Creciente \u00b7 19:00\u201321:00<\/strong><\/p>\n<ul>\n<li><strong>Borondo<\/strong>: a project combining flamenco, classical music and jazz.<\/li>\n<li><strong>Flamenco FC<\/strong>: a young perspective on contemporary flamenco.<\/li>\n<\/ul>\n<p><strong>La Guarida del \u00c1ngel \u00b7 21:00\u201301:00<\/strong><\/p>\n<ul>\n<li><strong>Trilog<\/strong>: a meeting of flamenco, jazz and Hindustani music.<\/li>\n<li><strong>Esther Weekes Triana Blues<\/strong>: a connection between blues and flamenco.<\/li>\n<\/ul>\n<p>Showcases complete the afternoon programme. At <strong>Damajuana<\/strong>, the 17:30 slot features <strong>Naima Jazz<\/strong>. At <strong>El 55<\/strong> there will be afternoon and late-night entertainment with <strong>Jesule de la Tomasa<\/strong>, his band and a DJ set.<\/p>\n<\/div><\/div><\/div><\/div><\/div><div class=\"vc_col-sm-6 wpb_column vc_column_container\"><div class=\"vc_column-inner\"><div class=\"wpb_wrapper\"><div class=\"wpb_text_column\"><div class=\"wpb_wrapper\"><h2 id=\"viernes\">Friday 11: piano, singing, guitar and a night of Jerez music<\/h2>\n<p>Friday broadens the musical range and gives greater weight to the industry programme.<\/p>\n<p><strong>Cuarto Creciente \u00b7 19:00\u201321:00<\/strong><\/p>\n<ul>\n<li><strong>Chico P\u00e9rez<\/strong>: piano connecting flamenco and jazz.<\/li>\n<li><strong>Juan Diego Mateos and Sole\u00e1 Gatica<\/strong>: a contemporary flamenco project.<\/li>\n<\/ul>\n<p><strong>La Guarida del \u00c1ngel \u00b7 21:00\u201301:00<\/strong><\/p>\n<ul>\n<li><strong>Jerez flamenco-fusion night<\/strong>.<\/li>\n<li><strong>Jos\u00e9 de los Camarones<\/strong>.<\/li>\n<li><strong>D\u2019Chipen \u2013 El Zambo<\/strong>.<\/li>\n<\/ul>\n<p>Damajuana has announced a showcase by <strong>Johnny Ayuga<\/strong> at 17:30, while El 55 hosts a late-night DJ set.<\/p>\n<\/div><\/div><\/div><\/div><\/div><\/div><\/div><\/section><section class=\"l-section wpb_row height_huge\"><div class=\"l-section-h i-cf\"><div class=\"g-cols vc_row via_flex valign_top type_default stacking_default\"><div class=\"vc_col-sm-6 wpb_column vc_column_container\"><div class=\"vc_column-inner\"><div class=\"wpb_wrapper\"><div class=\"wpb_text_column\"><div class=\"wpb_wrapper\"><h2 id=\"sabado\">Saturday 12: the big closing concert at Alameda Vieja<\/h2>\n<p>Although festival activities continue on Sunday 13, Saturday brings the main musical finale to <strong>Alameda Vieja<\/strong>, starting at <strong>21:00<\/strong>.<\/p>\n<p>The first part will be a <strong>tribute to Antonio de los R\u00edos \u201cEl Madriles\u201d<\/strong>, a composer associated with numerous artists and projects in Jerez flamenco. Those announced for the celebration include <strong>Tomasito, Curro Carrasco, Luis de Perik\u00edn and Diego Carrasco<\/strong>, alongside other participants.<\/p>\n<p>They will be followed by one of the best-known names on the bill: <strong>Raimundo Amador<\/strong> with his show <em>De Pata Negra a Raimundo<\/em>, a journey through his career and the historic connection between flamenco, blues and rock that has shaped much of his work.<\/p>\n<\/div><\/div><\/div><\/div><\/div><div class=\"vc_col-sm-6 wpb_column vc_column_container\"><div class=\"vc_column-inner\"><div class=\"wpb_wrapper\"><div class=\"wpb_text_column\"><div class=\"wpb_wrapper\"><h2 id=\"domingo\">Sunday 13: activities, exhibitions and a caj\u00f3n gathering<\/h2>\n<p>Sunday is the final day, with activities open to the public during the daytime.<\/p>\n<p>The announced programme includes a <strong>caj\u00f3n drumming gathering<\/strong> in <strong>Plaza del Arenal<\/strong>, scheduled between <strong>12:30 and 15:00<\/strong>.<\/p>\n<p>Festival-related exhibitions also continue, including a display dedicated to <strong>Fr\u00e9d\u00e9ric Deval<\/strong> at Sherry Gallery and the exhibition <strong>Flamencos<\/strong> at the Centro Andaluz de Flamenco.<\/p>\n<p>Sunday&#8217;s format fits the festival&#8217;s overall idea: not to limit the experience to evening concerts, but to extend it into the city&#8217;s cultural spaces and meeting places.<\/p>\n<\/div><\/div><\/div><\/div><\/div><\/div><\/div><\/section><section class=\"l-section wpb_row height_huge color_alternate with_shape\"><div class=\"l-section-shape type_zigzag pos_top hor_flip\" style=\"height:3vmin;\"><svg xmlns=\"http:\/\/www.w3.org\/2000\/svg\" viewBox=\"0 0 64 8\" preserveAspectRatio=\"none\" width=\"100%\" height=\"100%\">\r\n\t<path fill=\"currentColor\" d=\"M64 8 L0 8 L0 0 L20 7.9 L40 3 L48 5 L64 0 Z\"\/>\r\n<\/svg><\/div><div class=\"l-section-shape type_zigzag pos_bottom\" style=\"height:3vmin;\"><svg xmlns=\"http:\/\/www.w3.org\/2000\/svg\" viewBox=\"0 0 64 8\" preserveAspectRatio=\"none\" width=\"100%\" height=\"100%\">\r\n\t<path fill=\"currentColor\" d=\"M64 8 L0 8 L0 0 L20 7.9 L40 3 L48 5 L64 0 Z\"\/>\r\n<\/svg><\/div><div class=\"l-section-h i-cf\"><div class=\"g-cols vc_row via_flex valign_top type_default stacking_default\"><div class=\"vc_col-sm-12 wpb_column vc_column_container\"><div class=\"vc_column-inner\"><div class=\"wpb_wrapper\"><div class=\"wpb_text_column\"><div class=\"wpb_wrapper\"><h2 id=\"artistas\" style=\"text-align: center;\">Featured artists and projects at Jerez Fusi\u00f3n 2026<\/h2>\n<p>&nbsp;<\/p>\n<div style=\"overflow-x: auto;\">\n<table>\n<thead>\n<tr>\n<th>Artist \/ project<\/th>\n<th>Musical focus<\/th>\n<th>Day<\/th>\n<\/tr>\n<\/thead>\n<tbody>\n<tr>\n<td>Raimundo Amador<\/td>\n<td>Flamenco, blues and rock<\/td>\n<td>Saturday 12<\/td>\n<\/tr>\n<tr>\n<td>Tomasito<\/td>\n<td>Jerez flamenco and fusion<\/td>\n<td>Saturday 12<\/td>\n<\/tr>\n<tr>\n<td>Diego Carrasco<\/td>\n<td>Flamenco roots and experimentation<\/td>\n<td>Saturday 12<\/td>\n<\/tr>\n<tr>\n<td>Curro Carrasco<\/td>\n<td>Contemporary flamenco<\/td>\n<td>Saturday 12<\/td>\n<\/tr>\n<tr>\n<td>Luis de Perik\u00edn<\/td>\n<td>Comp\u00e1s and Jerez flamenco<\/td>\n<td>Saturday 12<\/td>\n<\/tr>\n<tr>\n<td>Jos\u00e9 de los Camarones<\/td>\n<td>Flamenco singing with Jerez character<\/td>\n<td>Friday 11<\/td>\n<\/tr>\n<tr>\n<td>Chico P\u00e9rez<\/td>\n<td>Piano, flamenco and jazz<\/td>\n<td>Friday 11<\/td>\n<\/tr>\n<tr>\n<td>Juan Diego Mateos + Sole\u00e1 Gatica<\/td>\n<td>Contemporary flamenco<\/td>\n<td>Friday 11<\/td>\n<\/tr>\n<tr>\n<td>Borondo<\/td>\n<td>Flamenco, classical music and jazz<\/td>\n<td>Thursday 10<\/td>\n<\/tr>\n<tr>\n<td>Trilog<\/td>\n<td>Flamenco, jazz and Hindustani music<\/td>\n<td>Thursday 10<\/td>\n<\/tr>\n<\/tbody>\n<\/table>\n<\/div>\n<\/div><\/div><\/div><\/div><\/div><\/div><\/div><\/section><section class=\"l-section wpb_row height_huge\"><div class=\"l-section-h i-cf\"><div class=\"g-cols vc_row via_flex valign_top type_default stacking_default\"><div class=\"vc_col-sm-6 wpb_column vc_column_container\"><div class=\"vc_column-inner\"><div class=\"wpb_wrapper\"><div class=\"wpb_text_column\"><div class=\"wpb_wrapper\"><h2 id=\"espacios\">A festival spread across Jerez<\/h2>\n<p>One of Jerez Fusi\u00f3n&#8217;s most interesting features is its decentralised format. Venues listed in the programme include:<\/p>\n<ul>\n<li><strong>Alameda Vieja<\/strong>, home to Saturday&#8217;s main concert.<\/li>\n<li><strong>La Guarida del \u00c1ngel<\/strong>, a historic venue associated with Jerez flamenco.<\/li>\n<li><strong>Cuarto Creciente<\/strong>, with afternoon programming.<\/li>\n<li><strong>Damajuana<\/strong>, hosting showcases.<\/li>\n<li><strong>El 55<\/strong>, with afternoon and late-night sessions.<\/li>\n<li><strong>Sherry Gallery<\/strong>, hosting exhibitions and networking.<\/li>\n<li><strong>Consejo Regulador<\/strong>, the setting for industry activities.<\/li>\n<li><strong>Centro Andaluz de Flamenco<\/strong>, featuring exhibitions.<\/li>\n<li><strong>Plaza del Arenal<\/strong>, with a closing activity on Sunday.<\/li>\n<\/ul>\n<p>This model requires planning your journeys, but it also turns the festival into a way of discovering different sides of Jerez in a single day.<\/p>\n<\/div><\/div><\/div><\/div><\/div><div class=\"vc_col-sm-6 wpb_column vc_column_container\"><div class=\"vc_column-inner\"><div class=\"wpb_wrapper\"><div class=\"wpb_text_column\"><div class=\"wpb_wrapper\"><h2 id=\"profesional\">Networking and industry programme<\/h2>\n<p>Jerez Fusi\u00f3n also aims to be a meeting point for the music industry. Professional registration is intended for artists, bands, managers, booking agencies, festivals, cultural programmers, promoters, record labels, media, institutions and audiovisual and creative professionals.<\/p>\n<p>The <strong>networking and business matchmaking sessions<\/strong> are scheduled for:<\/p>\n<ul>\n<li><strong>11 September<\/strong> at Sherry Gallery.<\/li>\n<li><strong>12 September<\/strong> at the Consejo Regulador.<\/li>\n<li><strong>Time:<\/strong> 13:00 to 14:30.<\/li>\n<\/ul>\n<p>Professional participation requires <strong>advance registration and accreditation<\/strong> and places are limited.<\/p>\n<\/div><\/div><\/div><\/div><\/div><\/div><\/div><\/section><section class=\"l-section wpb_row height_huge color_alternate with_shape\"><div class=\"l-section-shape type_zigzag pos_top\" style=\"height:3vmin;\"><svg xmlns=\"http:\/\/www.w3.org\/2000\/svg\" viewBox=\"0 0 64 8\" preserveAspectRatio=\"none\" width=\"100%\" height=\"100%\">\r\n\t<path fill=\"currentColor\" d=\"M64 8 L0 8 L0 0 L20 7.9 L40 3 L48 5 L64 0 Z\"\/>\r\n<\/svg><\/div><div class=\"l-section-shape type_zigzag pos_bottom\" style=\"height:3vmin;\"><svg xmlns=\"http:\/\/www.w3.org\/2000\/svg\" viewBox=\"0 0 64 8\" preserveAspectRatio=\"none\" width=\"100%\" height=\"100%\">\r\n\t<path fill=\"currentColor\" d=\"M64 8 L0 8 L0 0 L20 7.9 L40 3 L48 5 L64 0 Z\"\/>\r\n<\/svg><\/div><div class=\"l-section-h i-cf\"><div class=\"g-cols vc_row via_flex valign_top type_default stacking_default\"><div class=\"vc_col-sm-6 wpb_column vc_column_container\"><div class=\"vc_column-inner\"><div class=\"wpb_wrapper\"><div class=\"wpb_text_column\"><div class=\"wpb_wrapper\"><h2 id=\"vino\">Why wine is part of the festival<\/h2>\n<p>One of Jerez Fusi\u00f3n&#8217;s central themes is the relationship between <strong>music, wine and brandy<\/strong>. This is not simply about adding a drink to the concerts: the festival&#8217;s identity is built around the products and places that form part of Jerez culture.<\/p>\n<p>The collaboration of FEDEJEREZ and the involvement of venues connected to the wine industry reinforce this idea. The festival also coincides with the final stretch of the <strong>Jerez Grape Harvest Festival 2026<\/strong>, which ends on 13 September.<\/p>\n<p>That makes it easy to turn the visit into a broader weekend experience: flamenco, wineries, gastronomy, heritage and harvest celebrations running alongside the festival.<\/p>\n<\/div><\/div><\/div><\/div><\/div><div class=\"vc_col-sm-6 wpb_column vc_column_container\"><div class=\"vc_column-inner\"><div class=\"wpb_wrapper\"><div class=\"wpb_text_column\"><div class=\"wpb_wrapper\"><h2 id=\"entradas\">Is Jerez Fusi\u00f3n 2026 free? Tickets and admission<\/h2>\n<p>Much of the announced programme is presented as <strong>free<\/strong>, including Saturday&#8217;s main concert at Alameda Vieja. However, the festival combines many formats and venues, and some professional activities require advance registration or accreditation.<\/p>\n<p>It therefore helps to distinguish three types of admission:<\/p>\n<ul>\n<li><strong>Concerts and public activities:<\/strong> check each venue&#8217;s capacity and admission conditions.<\/li>\n<li><strong>Professional networking:<\/strong> advance registration and accreditation.<\/li>\n<li><strong>Specific activities:<\/strong> check the official event details before attending.<\/li>\n<\/ul>\n<p>Do not assume that every event uses the same admission system. The festival&#8217;s official website is always the most reliable reference.<\/p>\n<\/div><\/div><\/div><\/div><\/div><\/div><\/div><\/section><section class=\"l-section wpb_row height_huge\"><div class=\"l-section-h i-cf\"><div class=\"g-cols vc_row via_flex valign_top type_default stacking_default\"><div class=\"vc_col-sm-6 wpb_column vc_column_container\"><div class=\"vc_column-inner\"><div class=\"wpb_wrapper\"><div class=\"wpb_text_column\"><div class=\"wpb_wrapper\"><h2 id=\"planificar\">Planning a visit to Jerez Fusi\u00f3n<\/h2>\n<p>When travelling from outside Jerez, the best approach is to choose your must-see concerts first and build the rest of the day around them.<\/p>\n<p><strong>Thursday and Friday:<\/strong> concerts are mainly scheduled for the afternoon and evening, leaving the morning for the historic centre, a winery visit or the Centro Andaluz de Flamenco.<\/p>\n<p><strong>Saturday:<\/strong> allow plenty of time to reach Alameda Vieja. The tribute to El Madriles and Raimundo Amador&#8217;s concert make this the day most likely to draw a large audience.<\/p>\n<p><strong>Sunday:<\/strong> the daytime programme makes it possible to combine the festival&#8217;s finale with the last activities of the Grape Harvest Festival.<\/p>\n<p>To add a regularly scheduled flamenco show, see our <a href=\"https:\/\/www.tablaosflamencos.com\/en\/flamenco-in-jerez\"><strong>guide to flamenco in Jerez<\/strong><\/a>. Jerez offers flamenco beyond the festival too, giving you the option to extend your stay by one or several days.<\/p>\n<\/div><\/div><\/div><\/div><\/div><div class=\"vc_col-sm-6 wpb_column vc_column_container\"><div class=\"vc_column-inner\"><div class=\"wpb_wrapper\"><div class=\"wpb_text_column\"><div class=\"wpb_wrapper\"><h2>Jerez Fusi\u00f3n and the city&#8217;s flamenco identity<\/h2>\n<p>The focus on fusion makes particular sense in Jerez: this is not a city without a tradition trying to adopt a flamenco label. Jerez is one of the historic heartlands of flamenco singing, guitar, dance and comp\u00e1s.<\/p>\n<p>That is precisely why the dialogue with contemporary sounds can be so interesting: the roots remain present and recognisable. The festival&#8217;s question is not whether Jerez has flamenco, but <strong>what it can do today with all that heritage<\/strong>.<\/p>\n<p>For another perspective on the city&#8217;s flamenco culture, you can also read our guide to <a href=\"https:\/\/www.tablaosflamencos.com\/en\/flamenco-in-jerez-feria-del-caballo.html\"><strong>flamenco in Jerez during the Horse Fair<\/strong><\/a>, which explains how flamenco culture fits into other major events in Jerez.<\/p>\n<\/div><\/div><\/div><\/div><\/div><\/div><\/div><\/section><section class=\"l-section wpb_row height_huge color_alternate with_shape\"><div class=\"l-section-shape type_zigzag pos_top hor_flip\" style=\"height:3vmin;\"><svg xmlns=\"http:\/\/www.w3.org\/2000\/svg\" viewBox=\"0 0 64 8\" preserveAspectRatio=\"none\" width=\"100%\" height=\"100%\">\r\n\t<path fill=\"currentColor\" d=\"M64 8 L0 8 L0 0 L20 7.9 L40 3 L48 5 L64 0 Z\"\/>\r\n<\/svg><\/div><div class=\"l-section-shape type_zigzag pos_bottom\" style=\"height:3vmin;\"><svg xmlns=\"http:\/\/www.w3.org\/2000\/svg\" viewBox=\"0 0 64 8\" preserveAspectRatio=\"none\" width=\"100%\" height=\"100%\">\r\n\t<path fill=\"currentColor\" d=\"M64 8 L0 8 L0 0 L20 7.9 L40 3 L48 5 L64 0 Z\"\/>\r\n<\/svg><\/div><div class=\"l-section-h i-cf\"><div class=\"g-cols vc_row via_flex valign_top type_default stacking_default\"><div class=\"vc_col-sm-12 wpb_column vc_column_container\"><div class=\"vc_column-inner\"><div class=\"wpb_wrapper\"><div class=\"wpb_text_column\"><div class=\"wpb_wrapper\"><h2 style=\"text-align: center;\">A first edition looking beyond the festival itself<\/h2>\n<p style=\"text-align: center;\">Jerez Fusi\u00f3n launches with the ambition of a city-wide project. It does more than schedule concerts: it connects venues, artists, wine, the music industry, tourism and heritage.<\/p>\n<p style=\"text-align: center;\">The test for this first edition will be whether that mix works naturally and whether the event can establish itself as an annual fixture in Spain&#8217;s flamenco calendar.<\/p>\n<p style=\"text-align: center;\">For 2026, the appeal is already clear: <strong>four days to see Jerez bring its flamenco roots into conversation with new music and new audiences<\/strong>.<\/p>\n<\/div><\/div><div class=\"w-separator size_medium\"><\/div><div class=\"w-hwrapper valign_top wrap stack_on_mobiles align_center\" style=\"--hwrapper-gap:1.2rem\"><div class=\"w-btn-wrapper align_none\"><a class=\"w-btn us-btn-style_1\" href=\"https:\/\/www.jerezfusion.com\/\"><span class=\"w-btn-label\">Check the latest programme<\/span><\/a><\/div><div class=\"w-btn-wrapper align_none\"><a class=\"w-btn us-btn-style_1\" href=\"https:\/\/www.tablaosflamencos.com\/en\/flamenco-in-jerez\"><span class=\"w-btn-label\">Discover flamenco in Jerez<\/span><\/a><\/div><\/div><\/div><\/div><\/div><\/div><\/div><\/section><section class=\"l-section wpb_row height_huge with_shape\"><div class=\"l-section-shape type_zigzag pos_bottom\" style=\"height:3vmin;\"><svg xmlns=\"http:\/\/www.w3.org\/2000\/svg\" viewBox=\"0 0 64 8\" preserveAspectRatio=\"none\" width=\"100%\" height=\"100%\">\r\n\t<path fill=\"currentColor\" d=\"M64 8 L0 8 L0 0 L20 7.9 L40 3 L48 5 L64 0 Z\"\/>\r\n<\/svg><\/div><div class=\"l-section-h i-cf\"><div class=\"g-cols vc_row via_flex valign_top type_default stacking_default\"><div class=\"vc_col-sm-1\/5 wpb_column vc_column_container\"><div class=\"vc_column-inner\"><div class=\"wpb_wrapper\"><\/div><\/div><\/div><div class=\"vc_col-sm-3\/5 wpb_column vc_column_container\"><div class=\"vc_column-inner\"><div class=\"wpb_wrapper\"><div class=\"wpb_text_column\"><div class=\"wpb_wrapper\"><h2 id=\"faq\" style=\"text-align: center;\">Frequently asked questions about Jerez Fusi\u00f3n 2026<\/h2>\n<\/div><\/div><div class=\"w-separator size_medium\"><\/div><div class=\"w-tabs accordion toggle_style_1 has_scrolling\" style=\"--sections-title-size:inherit;--sections-gap:0.5rem;\"><div class=\"w-tabs-sections titles-align_none icon_chevron cpos_right\"><div class=\"w-tabs-section\" id=\"yb0b\"><button type=\"button\" class=\"w-tabs-section-header\" aria-controls=\"content-yb0b\" aria-expanded=\"false\"><div class=\"w-tabs-section-title\">When is Jerez Fusi\u00f3n 2026?<\/div><div class=\"w-tabs-section-control\"><\/div><\/button><div  class=\"w-tabs-section-content\" id=\"content-yb0b\"><div class=\"w-tabs-section-content-h i-cf\"><div class=\"wpb_text_column\"><div class=\"wpb_wrapper\"><p>Jerez Fusi\u00f3n 2026 takes place from Thursday 10 to Sunday 13 September 2026 in Jerez de la Frontera.<\/p>\n<\/div><\/div><\/div><\/div><\/div><div class=\"w-tabs-section\" id=\"sc0a\"><button type=\"button\" class=\"w-tabs-section-header\" aria-controls=\"content-sc0a\" aria-expanded=\"false\"><div class=\"w-tabs-section-title\">Is this the first edition of Jerez Fusi\u00f3n?<\/div><div class=\"w-tabs-section-control\"><\/div><\/button><div  class=\"w-tabs-section-content\" id=\"content-sc0a\"><div class=\"w-tabs-section-content-h i-cf\"><div class=\"wpb_text_column\"><div class=\"wpb_wrapper\"><p>Yes. The 2026 event is the first edition of Jerez Fusi\u00f3n, a project led by the Cl\u00faster Tur\u00edstico Destino Jerez with municipal support and the collaboration of FEDEJEREZ.<\/p>\n<\/div><\/div><\/div><\/div><\/div><div class=\"w-tabs-section\" id=\"wd00\"><button type=\"button\" class=\"w-tabs-section-header\" aria-controls=\"content-wd00\" aria-expanded=\"false\"><div class=\"w-tabs-section-title\">What kind of music will the festival feature?<\/div><div class=\"w-tabs-section-control\"><\/div><\/button><div  class=\"w-tabs-section-content\" id=\"content-wd00\"><div class=\"w-tabs-section-content-h i-cf\"><div class=\"wpb_text_column\"><div class=\"wpb_wrapper\"><p>Flamenco is the starting point, but the programme explores encounters with jazz, blues, rock, classical music, world music and contemporary projects.<\/p>\n<\/div><\/div><\/div><\/div><\/div><div class=\"w-tabs-section\" id=\"hdd0\"><button type=\"button\" class=\"w-tabs-section-header\" aria-controls=\"content-hdd0\" aria-expanded=\"false\"><div class=\"w-tabs-section-title\">Who are the featured artists at Jerez Fusi\u00f3n 2026?<\/div><div class=\"w-tabs-section-control\"><\/div><\/button><div  class=\"w-tabs-section-content\" id=\"content-hdd0\"><div class=\"w-tabs-section-content-h i-cf\"><div class=\"wpb_text_column\"><div class=\"wpb_wrapper\"><p>Announced names include Raimundo Amador, Tomasito, Diego Carrasco, Curro Carrasco, Luis de Perik\u00edn, Jos\u00e9 de los Camarones, Chico P\u00e9rez, Juan Diego Mateos, Sole\u00e1 Gatica, Borondo, Trilog and other projects.<\/p>\n<\/div><\/div><\/div><\/div><\/div><div class=\"w-tabs-section\" id=\"ae92\"><button type=\"button\" class=\"w-tabs-section-header\" aria-controls=\"content-ae92\" aria-expanded=\"false\"><div class=\"w-tabs-section-title\">Where will the main Jerez Fusi\u00f3n concert take place?<\/div><div class=\"w-tabs-section-control\"><\/div><\/button><div  class=\"w-tabs-section-content\" id=\"content-ae92\"><div class=\"w-tabs-section-content-h i-cf\"><div class=\"wpb_text_column\"><div class=\"wpb_wrapper\"><p>The main concert on Saturday 12 is announced for Alameda Vieja, with a tribute to Antonio de los R\u00edos \u201cEl Madriles\u201d and a closing performance by Raimundo Amador with De Pata Negra a Raimundo.<\/p>\n<\/div><\/div><\/div><\/div><\/div><div class=\"w-tabs-section\" id=\"wf63\"><button type=\"button\" class=\"w-tabs-section-header\" aria-controls=\"content-wf63\" aria-expanded=\"false\"><div class=\"w-tabs-section-title\">Is Jerez Fusi\u00f3n 2026 free?<\/div><div class=\"w-tabs-section-control\"><\/div><\/button><div  class=\"w-tabs-section-content\" id=\"content-wf63\"><div class=\"w-tabs-section-content-h i-cf\"><div class=\"wpb_text_column\"><div class=\"wpb_wrapper\"><p>Much of the announced public programme is free, although some professional activities require registration and accreditation. Check the specific conditions for each activity on the official website.<\/p>\n<\/div><\/div><\/div><\/div><\/div><div class=\"w-tabs-section\" id=\"g033\"><button type=\"button\" class=\"w-tabs-section-header\" aria-controls=\"content-g033\" aria-expanded=\"false\"><div class=\"w-tabs-section-title\">Are there activities for flamenco and music professionals?<\/div><div class=\"w-tabs-section-control\"><\/div><\/button><div  class=\"w-tabs-section-content\" id=\"content-g033\"><div class=\"w-tabs-section-content-h i-cf\"><div class=\"wpb_text_column\"><div class=\"wpb_wrapper\"><p>Yes. The festival includes networking and business matchmaking for artists, managers, agencies, festivals, programmers, promoters, record labels, media and institutions. The main sessions are announced for 11 and 12 September.<\/p>\n<\/div><\/div><\/div><\/div><\/div><div class=\"w-tabs-section\" id=\"d103\"><button type=\"button\" class=\"w-tabs-section-header\" aria-controls=\"content-d103\" aria-expanded=\"false\"><div class=\"w-tabs-section-title\">How is the festival connected to Jerez wine?<\/div><div class=\"w-tabs-section-control\"><\/div><\/button><div  class=\"w-tabs-section-content\" id=\"content-d103\"><div class=\"w-tabs-section-content-h i-cf\"><div class=\"wpb_text_column\"><div class=\"wpb_wrapper\"><p>The festival concept combines music, wine and the city. Wine and brandy are part of the project&#8217;s identity, and FEDEJEREZ collaborates with the organisers.<\/p>\n<\/div><\/div><\/div><\/div><\/div><div class=\"w-tabs-section\" id=\"o1c5\"><button type=\"button\" class=\"w-tabs-section-header\" aria-controls=\"content-o1c5\" aria-expanded=\"false\"><div class=\"w-tabs-section-title\">Does Jerez Fusi\u00f3n coincide with the Grape Harvest Festival?<\/div><div class=\"w-tabs-section-control\"><\/div><\/button><div  class=\"w-tabs-section-content\" id=\"content-o1c5\"><div class=\"w-tabs-section-content-h i-cf\"><div class=\"wpb_text_column\"><div class=\"wpb_wrapper\"><p>Yes. The Jerez Grape Harvest Festival 2026 runs until 13 September, so the four days of Jerez Fusi\u00f3n coincide with its final stretch.<\/p>\n<\/div><\/div><\/div><\/div><\/div><div class=\"w-tabs-section\" id=\"e281\"><button type=\"button\" class=\"w-tabs-section-header\" aria-controls=\"content-e281\" aria-expanded=\"false\"><div class=\"w-tabs-section-title\">Where can I check for last-minute changes?<\/div><div class=\"w-tabs-section-control\"><\/div><\/button><div  class=\"w-tabs-section-content\" id=\"content-e281\"><div class=\"w-tabs-section-content-h i-cf\"><div class=\"wpb_text_column\"><div class=\"wpb_wrapper\"><p>The main source is the official website, jerezfusion.com. As the festival takes place across multiple venues, check times, admission details and changes there before travelling.<\/p>\n<\/div><\/div><\/div><\/div><\/div><\/div><\/div><\/div><\/div><\/div><div class=\"vc_col-sm-1\/5 wpb_column vc_column_container\"><div class=\"vc_column-inner\"><div class=\"wpb_wrapper\"><\/div><\/div><\/div><\/div><\/div><\/section>\n","protected":false},"excerpt":{"rendered":"<p>Your complete guide to Jerez Fusi\u00f3n 2026: dates, programme, artists, venues, concerts, industry events, wine, tickets and practical tips for enjoying the festival.<\/p>\n","protected":false},"author":1,"featured_media":14719,"comment_status":"closed","ping_status":"closed","sticky":false,"template":"","format":"standard","meta":{"_acf_changed":false,"wpai_generated_summary":"","_ayudawp_aiss_exclude":false,"_ayudawp_aiss_exclude_summary":false,"_ayudawp_aiss_summary":"","_ayudawp_aiss_summary_provider":"","_ayudawp_aiss_summary_hash":"","footnotes":""},"categories":[1667],"tags":[1232,1235,2014,2011,1065,2012,2013],"class_list":["post-14748","post","type-post","status-publish","format-standard","has-post-thumbnail","hentry","category-flamenco-festivals","tag-agenda-flamenca","tag-festivales-flamencos","tag-flamenco-fusion-en","tag-flamenco-in-jerez","tag-jerez-de-la-frontera","tag-jerez-fusion-en","tag-jerez-fusion-2026-en"],"acf":[],"yoast_head":"<!-- This site is optimized with the Yoast SEO Premium plugin v28.4 (Yoast SEO v28.4) - https:\/\/yoast.com\/product\/yoast-seo-premium-wordpress\/ -->\n<title>Jerez Fusi\u00f3n 2026: dates, programme, artists and guide<\/title>\n<meta name=\"description\" content=\"Jerez Fusi\u00f3n 2026 runs from 10 to 13 September. Explore the programme, artists, venues, concerts, activities, wine and practical visitor tips.\" \/>\n<meta name=\"robots\" content=\"index, follow, max-snippet:-1, max-image-preview:large, max-video-preview:-1\" \/>\n<link rel=\"canonical\" href=\"https:\/\/www.tablaosflamencos.com\/en\/jerez-fusion-2026-dates-programme.html\" \/>\n<meta property=\"og:locale\" content=\"en_US\" \/>\n<meta property=\"og:type\" content=\"article\" \/>\n<meta property=\"og:title\" content=\"Jerez Fusi\u00f3n 2026: dates, programme and everything you need to know\" \/>\n<meta property=\"og:description\" content=\"Jerez Fusi\u00f3n 2026 runs from 10 to 13 September. Explore the programme, artists, venues, concerts, activities, wine and practical visitor tips.\" \/>\n<meta property=\"og:url\" content=\"https:\/\/www.tablaosflamencos.com\/en\/jerez-fusion-2026-dates-programme.html\" \/>\n<meta property=\"og:site_name\" content=\"Tablaos Flamencos\" \/>\n<meta property=\"article:publisher\" content=\"https:\/\/www.facebook.com\/tablaosflamencos\" \/>\n<meta property=\"article:published_time\" content=\"2026-09-05T10:42:59+00:00\" \/>\n<meta property=\"article:modified_time\" content=\"2026-09-05T11:49:39+00:00\" \/>\n<meta property=\"og:image\" content=\"https:\/\/www.tablaosflamencos.com\/wp-content\/uploads\/jerez-fusion-2026-fechas-programacion-y-todo-lo-que-debes-saber-01.webp\" \/>\n\t<meta property=\"og:image:width\" content=\"1491\" \/>\n\t<meta property=\"og:image:height\" content=\"1055\" \/>\n\t<meta property=\"og:image:type\" content=\"image\/webp\" \/>\n<meta name=\"author\" content=\"Miguel Ortiz\" \/>\n<meta name=\"twitter:card\" content=\"summary_large_image\" \/>\n<meta name=\"twitter:creator\" content=\"@tablaosflamenco\" \/>\n<meta name=\"twitter:site\" content=\"@tablaosflamenco\" \/>\n<meta name=\"twitter:label1\" content=\"Written by\" \/>\n\t<meta name=\"twitter:data1\" content=\"Miguel Ortiz\" \/>\n\t<meta name=\"twitter:label2\" content=\"Est. reading time\" \/>\n\t<meta name=\"twitter:data2\" content=\"14 minutes\" \/>\n<script type=\"application\/ld+json\" class=\"yoast-schema-graph\">{\"@context\":\"https:\\\/\\\/schema.org\",\"@graph\":[{\"@type\":\"Article\",\"@id\":\"https:\\\/\\\/www.tablaosflamencos.com\\\/en\\\/jerez-fusion-2026-dates-programme.html#article\",\"isPartOf\":{\"@id\":\"https:\\\/\\\/www.tablaosflamencos.com\\\/en\\\/jerez-fusion-2026-dates-programme.html\"},\"author\":{\"name\":\"Miguel Ortiz\",\"@id\":\"https:\\\/\\\/www.tablaosflamencos.com\\\/en#\\\/schema\\\/person\\\/e7a9ebe14eb75a52ceabfbffb3c54f5d\"},\"headline\":\"Jerez Fusi\u00f3n 2026: dates, programme and everything you need to know\",\"datePublished\":\"2026-09-05T10:42:59+00:00\",\"dateModified\":\"2026-09-05T11:49:39+00:00\",\"mainEntityOfPage\":{\"@id\":\"https:\\\/\\\/www.tablaosflamencos.com\\\/en\\\/jerez-fusion-2026-dates-programme.html\"},\"wordCount\":2749,\"publisher\":{\"@id\":\"https:\\\/\\\/www.tablaosflamencos.com\\\/en#organization\"},\"image\":{\"@id\":\"https:\\\/\\\/www.tablaosflamencos.com\\\/en\\\/jerez-fusion-2026-dates-programme.html#primaryimage\"},\"thumbnailUrl\":\"https:\\\/\\\/www.tablaosflamencos.com\\\/wp-content\\\/uploads\\\/jerez-fusion-2026-fechas-programacion-y-todo-lo-que-debes-saber-01.webp\",\"keywords\":[\"agenda flamenca\",\"festivales flamencos\",\"flamenco fusion\",\"flamenco in Jerez\",\"Jerez de la Frontera\",\"Jerez Fusi\u00f3n\",\"Jerez Fusi\u00f3n 2026\"],\"articleSection\":[\"Flamenco festivals\"],\"inLanguage\":\"en-US\"},{\"@type\":\"WebPage\",\"@id\":\"https:\\\/\\\/www.tablaosflamencos.com\\\/en\\\/jerez-fusion-2026-dates-programme.html\",\"url\":\"https:\\\/\\\/www.tablaosflamencos.com\\\/en\\\/jerez-fusion-2026-dates-programme.html\",\"name\":\"Jerez Fusi\u00f3n 2026: dates, programme, artists and guide\",\"isPartOf\":{\"@id\":\"https:\\\/\\\/www.tablaosflamencos.com\\\/en#website\"},\"primaryImageOfPage\":{\"@id\":\"https:\\\/\\\/www.tablaosflamencos.com\\\/en\\\/jerez-fusion-2026-dates-programme.html#primaryimage\"},\"image\":{\"@id\":\"https:\\\/\\\/www.tablaosflamencos.com\\\/en\\\/jerez-fusion-2026-dates-programme.html#primaryimage\"},\"thumbnailUrl\":\"https:\\\/\\\/www.tablaosflamencos.com\\\/wp-content\\\/uploads\\\/jerez-fusion-2026-fechas-programacion-y-todo-lo-que-debes-saber-01.webp\",\"datePublished\":\"2026-09-05T10:42:59+00:00\",\"dateModified\":\"2026-09-05T11:49:39+00:00\",\"description\":\"Jerez Fusi\u00f3n 2026 runs from 10 to 13 September. Explore the programme, artists, venues, concerts, activities, wine and practical visitor tips.\",\"breadcrumb\":{\"@id\":\"https:\\\/\\\/www.tablaosflamencos.com\\\/en\\\/jerez-fusion-2026-dates-programme.html#breadcrumb\"},\"inLanguage\":\"en-US\",\"potentialAction\":[{\"@type\":\"ReadAction\",\"target\":[\"https:\\\/\\\/www.tablaosflamencos.com\\\/en\\\/jerez-fusion-2026-dates-programme.html\"]}]},{\"@type\":\"ImageObject\",\"inLanguage\":\"en-US\",\"@id\":\"https:\\\/\\\/www.tablaosflamencos.com\\\/en\\\/jerez-fusion-2026-dates-programme.html#primaryimage\",\"url\":\"https:\\\/\\\/www.tablaosflamencos.com\\\/wp-content\\\/uploads\\\/jerez-fusion-2026-fechas-programacion-y-todo-lo-que-debes-saber-01.webp\",\"contentUrl\":\"https:\\\/\\\/www.tablaosflamencos.com\\\/wp-content\\\/uploads\\\/jerez-fusion-2026-fechas-programacion-y-todo-lo-que-debes-saber-01.webp\",\"width\":1491,\"height\":1055,\"caption\":\"Jerez Fusi\u00f3n 2026: fechas, programaci\u00f3n y todo lo que debes saber\"},{\"@type\":\"BreadcrumbList\",\"@id\":\"https:\\\/\\\/www.tablaosflamencos.com\\\/en\\\/jerez-fusion-2026-dates-programme.html#breadcrumb\",\"itemListElement\":[{\"@type\":\"ListItem\",\"position\":1,\"name\":\"Home\",\"item\":\"https:\\\/\\\/www.tablaosflamencos.com\\\/en\"},{\"@type\":\"ListItem\",\"position\":2,\"name\":\"Jerez Fusi\u00f3n 2026: dates, programme and everything you need to know\"}]},{\"@type\":\"WebSite\",\"@id\":\"https:\\\/\\\/www.tablaosflamencos.com\\\/en#website\",\"url\":\"https:\\\/\\\/www.tablaosflamencos.com\\\/en\",\"name\":\"Tablaos Flamencos\",\"description\":\"Entradas para tablaos flamencos de Espa\u00f1a\",\"publisher\":{\"@id\":\"https:\\\/\\\/www.tablaosflamencos.com\\\/en#organization\"},\"alternateName\":\"Tablaos Flamencos\",\"potentialAction\":[{\"@type\":\"SearchAction\",\"target\":{\"@type\":\"EntryPoint\",\"urlTemplate\":\"https:\\\/\\\/www.tablaosflamencos.com\\\/en?s={search_term_string}\"},\"query-input\":{\"@type\":\"PropertyValueSpecification\",\"valueRequired\":true,\"valueName\":\"search_term_string\"}}],\"inLanguage\":\"en-US\"},{\"@type\":[\"Organization\",\"Place\",\"EntertainmentBusiness\"],\"@id\":\"https:\\\/\\\/www.tablaosflamencos.com\\\/en#organization\",\"name\":\"Tablaos Flamencos\",\"alternateName\":\"Tablaos Flamencos\",\"url\":\"https:\\\/\\\/www.tablaosflamencos.com\\\/en\",\"logo\":{\"@id\":\"https:\\\/\\\/www.tablaosflamencos.com\\\/en\\\/jerez-fusion-2026-dates-programme.html#local-main-organization-logo\"},\"image\":{\"@id\":\"https:\\\/\\\/www.tablaosflamencos.com\\\/en\\\/jerez-fusion-2026-dates-programme.html#local-main-organization-logo\"},\"sameAs\":[\"https:\\\/\\\/www.facebook.com\\\/tablaosflamencos\",\"https:\\\/\\\/x.com\\\/tablaosflamenco\",\"https:\\\/\\\/mastodon.social\\\/@tablaosflamencos\",\"https:\\\/\\\/www.instagram.com\\\/tablaosflamencos\",\"https:\\\/\\\/tiktok.com\\\/@tablaosflamencos\",\"https:\\\/\\\/www.linkedin.com\\\/company\\\/109408238\\\/\"],\"description\":\"Venta de entradas para espect\u00e1culos flamencos\",\"legalName\":\"Tablaos Flamencos\",\"foundingDate\":\"2015-01-01\",\"numberOfEmployees\":{\"@type\":\"QuantitativeValue\",\"minValue\":\"1\",\"maxValue\":\"10\"},\"address\":{\"@id\":\"https:\\\/\\\/www.tablaosflamencos.com\\\/en\\\/jerez-fusion-2026-dates-programme.html#local-main-place-address\"},\"geo\":{\"@type\":\"GeoCoordinates\",\"latitude\":\"37.3868072\",\"longitude\":\"-5.993280299999999\"},\"telephone\":[\"+34623787787\"],\"contactPoint\":{\"@type\":\"ContactPoint\",\"telephone\":\"+34623787787\",\"email\":\"info@tablaosflamencos.com\"},\"openingHoursSpecification\":{\"@type\":\"OpeningHoursSpecification\",\"dayOfWeek\":[\"Monday\",\"Tuesday\",\"Wednesday\",\"Thursday\",\"Friday\",\"Saturday\",\"Sunday\"],\"opens\":\"00:00\",\"closes\":\"23:59\"},\"email\":\"info@tablaosflamencos.com\",\"priceRange\":\"$$$\",\"currenciesAccepted\":\"\u20ac\"},{\"@type\":\"Person\",\"@id\":\"https:\\\/\\\/www.tablaosflamencos.com\\\/en#\\\/schema\\\/person\\\/e7a9ebe14eb75a52ceabfbffb3c54f5d\",\"name\":\"Miguel Ortiz\",\"description\":\"Miguel Ortiz es un empresario flamenco, con una s\u00f3lida trayectoria dentro del sector. Ha presidido entidades culturales vinculadas al flamenco y, cuenta con un amplio recorrido profesional en la gesti\u00f3n y promoci\u00f3n de espect\u00e1culos y tablaos flamencos. Su pasi\u00f3n por la historia y el arte flamenco se refleja en cada art\u00edculo, donde combina experiencia, criterio y un profundo respeto por la tradici\u00f3n.\",\"sameAs\":[\"https:\\\/\\\/www.tablaosflamencos.com\",\"https:\\\/\\\/www.instagra.com\\\/miguelortizfe\",\"https:\\\/\\\/www.linkedin.com\\\/in\\\/miguelortizf\\\/\"],\"birthDate\":\"1984-11-22\",\"gender\":\"hombre\",\"knowsLanguage\":[\"espa\u00f1ol\",\"ingl\u00e9s\"],\"jobTitle\":\"Empresario flamenco\"},{\"@type\":\"PostalAddress\",\"@id\":\"https:\\\/\\\/www.tablaosflamencos.com\\\/en\\\/jerez-fusion-2026-dates-programme.html#local-main-place-address\",\"streetAddress\":\"C\\\/ Alemanes, 19\",\"addressLocality\":\"Sevilla\",\"postalCode\":\"41004\",\"addressRegion\":\"Sevilla\",\"addressCountry\":\"ES\"},{\"@type\":\"ImageObject\",\"inLanguage\":\"en-US\",\"@id\":\"https:\\\/\\\/www.tablaosflamencos.com\\\/en\\\/jerez-fusion-2026-dates-programme.html#local-main-organization-logo\",\"url\":\"https:\\\/\\\/www.tablaosflamencos.com\\\/wp-content\\\/uploads\\\/tablaos-flamencos-06-3.webp\",\"contentUrl\":\"https:\\\/\\\/www.tablaosflamencos.com\\\/wp-content\\\/uploads\\\/tablaos-flamencos-06-3.webp\",\"width\":600,\"height\":620,\"caption\":\"Tablaos Flamencos\"}]}<\/script>\n<meta name=\"geo.placename\" content=\"Sevilla\" \/>\n<meta name=\"geo.position\" content=\"37.3868072;-5.993280299999999\" \/>\n<meta name=\"geo.region\" content=\"Spain\" \/>\n<!-- \/ Yoast SEO Premium plugin. -->","yoast_head_json":{"title":"Jerez Fusi\u00f3n 2026: dates, programme, artists and guide","description":"Jerez Fusi\u00f3n 2026 runs from 10 to 13 September. Explore the programme, artists, venues, concerts, activities, wine and practical visitor tips.","robots":{"index":"index","follow":"follow","max-snippet":"max-snippet:-1","max-image-preview":"max-image-preview:large","max-video-preview":"max-video-preview:-1"},"canonical":"https:\/\/www.tablaosflamencos.com\/en\/jerez-fusion-2026-dates-programme.html","og_locale":"en_US","og_type":"article","og_title":"Jerez Fusi\u00f3n 2026: dates, programme and everything you need to know","og_description":"Jerez Fusi\u00f3n 2026 runs from 10 to 13 September. Explore the programme, artists, venues, concerts, activities, wine and practical visitor tips.","og_url":"https:\/\/www.tablaosflamencos.com\/en\/jerez-fusion-2026-dates-programme.html","og_site_name":"Tablaos Flamencos","article_publisher":"https:\/\/www.facebook.com\/tablaosflamencos","article_published_time":"2026-09-05T10:42:59+00:00","article_modified_time":"2026-09-05T11:49:39+00:00","og_image":[{"width":1491,"height":1055,"url":"https:\/\/www.tablaosflamencos.com\/wp-content\/uploads\/jerez-fusion-2026-fechas-programacion-y-todo-lo-que-debes-saber-01.webp","type":"image\/webp"}],"author":"Miguel Ortiz","twitter_card":"summary_large_image","twitter_creator":"@tablaosflamenco","twitter_site":"@tablaosflamenco","twitter_misc":{"Written by":"Miguel Ortiz","Est. reading time":"14 minutes"},"schema":{"@context":"https:\/\/schema.org","@graph":[{"@type":"Article","@id":"https:\/\/www.tablaosflamencos.com\/en\/jerez-fusion-2026-dates-programme.html#article","isPartOf":{"@id":"https:\/\/www.tablaosflamencos.com\/en\/jerez-fusion-2026-dates-programme.html"},"author":{"name":"Miguel Ortiz","@id":"https:\/\/www.tablaosflamencos.com\/en#\/schema\/person\/e7a9ebe14eb75a52ceabfbffb3c54f5d"},"headline":"Jerez Fusi\u00f3n 2026: dates, programme and everything you need to know","datePublished":"2026-09-05T10:42:59+00:00","dateModified":"2026-09-05T11:49:39+00:00","mainEntityOfPage":{"@id":"https:\/\/www.tablaosflamencos.com\/en\/jerez-fusion-2026-dates-programme.html"},"wordCount":2749,"publisher":{"@id":"https:\/\/www.tablaosflamencos.com\/en#organization"},"image":{"@id":"https:\/\/www.tablaosflamencos.com\/en\/jerez-fusion-2026-dates-programme.html#primaryimage"},"thumbnailUrl":"https:\/\/www.tablaosflamencos.com\/wp-content\/uploads\/jerez-fusion-2026-fechas-programacion-y-todo-lo-que-debes-saber-01.webp","keywords":["agenda flamenca","festivales flamencos","flamenco fusion","flamenco in Jerez","Jerez de la Frontera","Jerez Fusi\u00f3n","Jerez Fusi\u00f3n 2026"],"articleSection":["Flamenco festivals"],"inLanguage":"en-US"},{"@type":"WebPage","@id":"https:\/\/www.tablaosflamencos.com\/en\/jerez-fusion-2026-dates-programme.html","url":"https:\/\/www.tablaosflamencos.com\/en\/jerez-fusion-2026-dates-programme.html","name":"Jerez Fusi\u00f3n 2026: dates, programme, artists and guide","isPartOf":{"@id":"https:\/\/www.tablaosflamencos.com\/en#website"},"primaryImageOfPage":{"@id":"https:\/\/www.tablaosflamencos.com\/en\/jerez-fusion-2026-dates-programme.html#primaryimage"},"image":{"@id":"https:\/\/www.tablaosflamencos.com\/en\/jerez-fusion-2026-dates-programme.html#primaryimage"},"thumbnailUrl":"https:\/\/www.tablaosflamencos.com\/wp-content\/uploads\/jerez-fusion-2026-fechas-programacion-y-todo-lo-que-debes-saber-01.webp","datePublished":"2026-09-05T10:42:59+00:00","dateModified":"2026-09-05T11:49:39+00:00","description":"Jerez Fusi\u00f3n 2026 runs from 10 to 13 September. Explore the programme, artists, venues, concerts, activities, wine and practical visitor tips.","breadcrumb":{"@id":"https:\/\/www.tablaosflamencos.com\/en\/jerez-fusion-2026-dates-programme.html#breadcrumb"},"inLanguage":"en-US","potentialAction":[{"@type":"ReadAction","target":["https:\/\/www.tablaosflamencos.com\/en\/jerez-fusion-2026-dates-programme.html"]}]},{"@type":"ImageObject","inLanguage":"en-US","@id":"https:\/\/www.tablaosflamencos.com\/en\/jerez-fusion-2026-dates-programme.html#primaryimage","url":"https:\/\/www.tablaosflamencos.com\/wp-content\/uploads\/jerez-fusion-2026-fechas-programacion-y-todo-lo-que-debes-saber-01.webp","contentUrl":"https:\/\/www.tablaosflamencos.com\/wp-content\/uploads\/jerez-fusion-2026-fechas-programacion-y-todo-lo-que-debes-saber-01.webp","width":1491,"height":1055,"caption":"Jerez Fusi\u00f3n 2026: fechas, programaci\u00f3n y todo lo que debes saber"},{"@type":"BreadcrumbList","@id":"https:\/\/www.tablaosflamencos.com\/en\/jerez-fusion-2026-dates-programme.html#breadcrumb","itemListElement":[{"@type":"ListItem","position":1,"name":"Home","item":"https:\/\/www.tablaosflamencos.com\/en"},{"@type":"ListItem","position":2,"name":"Jerez Fusi\u00f3n 2026: dates, programme and everything you need to know"}]},{"@type":"WebSite","@id":"https:\/\/www.tablaosflamencos.com\/en#website","url":"https:\/\/www.tablaosflamencos.com\/en","name":"Tablaos Flamencos","description":"Entradas para tablaos flamencos de Espa\u00f1a","publisher":{"@id":"https:\/\/www.tablaosflamencos.com\/en#organization"},"alternateName":"Tablaos Flamencos","potentialAction":[{"@type":"SearchAction","target":{"@type":"EntryPoint","urlTemplate":"https:\/\/www.tablaosflamencos.com\/en?s={search_term_string}"},"query-input":{"@type":"PropertyValueSpecification","valueRequired":true,"valueName":"search_term_string"}}],"inLanguage":"en-US"},{"@type":["Organization","Place","EntertainmentBusiness"],"@id":"https:\/\/www.tablaosflamencos.com\/en#organization","name":"Tablaos Flamencos","alternateName":"Tablaos Flamencos","url":"https:\/\/www.tablaosflamencos.com\/en","logo":{"@id":"https:\/\/www.tablaosflamencos.com\/en\/jerez-fusion-2026-dates-programme.html#local-main-organization-logo"},"image":{"@id":"https:\/\/www.tablaosflamencos.com\/en\/jerez-fusion-2026-dates-programme.html#local-main-organization-logo"},"sameAs":["https:\/\/www.facebook.com\/tablaosflamencos","https:\/\/x.com\/tablaosflamenco","https:\/\/mastodon.social\/@tablaosflamencos","https:\/\/www.instagram.com\/tablaosflamencos","https:\/\/tiktok.com\/@tablaosflamencos","https:\/\/www.linkedin.com\/company\/109408238\/"],"description":"Venta de entradas para espect\u00e1culos flamencos","legalName":"Tablaos Flamencos","foundingDate":"2015-01-01","numberOfEmployees":{"@type":"QuantitativeValue","minValue":"1","maxValue":"10"},"address":{"@id":"https:\/\/www.tablaosflamencos.com\/en\/jerez-fusion-2026-dates-programme.html#local-main-place-address"},"geo":{"@type":"GeoCoordinates","latitude":"37.3868072","longitude":"-5.993280299999999"},"telephone":["+34623787787"],"contactPoint":{"@type":"ContactPoint","telephone":"+34623787787","email":"info@tablaosflamencos.com"},"openingHoursSpecification":{"@type":"OpeningHoursSpecification","dayOfWeek":["Monday","Tuesday","Wednesday","Thursday","Friday","Saturday","Sunday"],"opens":"00:00","closes":"23:59"},"email":"info@tablaosflamencos.com","priceRange":"$$$","currenciesAccepted":"\u20ac"},{"@type":"Person","@id":"https:\/\/www.tablaosflamencos.com\/en#\/schema\/person\/e7a9ebe14eb75a52ceabfbffb3c54f5d","name":"Miguel Ortiz","description":"Miguel Ortiz es un empresario flamenco, con una s\u00f3lida trayectoria dentro del sector. Ha presidido entidades culturales vinculadas al flamenco y, cuenta con un amplio recorrido profesional en la gesti\u00f3n y promoci\u00f3n de espect\u00e1culos y tablaos flamencos. Su pasi\u00f3n por la historia y el arte flamenco se refleja en cada art\u00edculo, donde combina experiencia, criterio y un profundo respeto por la tradici\u00f3n.","sameAs":["https:\/\/www.tablaosflamencos.com","https:\/\/www.instagra.com\/miguelortizfe","https:\/\/www.linkedin.com\/in\/miguelortizf\/"],"birthDate":"1984-11-22","gender":"hombre","knowsLanguage":["espa\u00f1ol","ingl\u00e9s"],"jobTitle":"Empresario flamenco"},{"@type":"PostalAddress","@id":"https:\/\/www.tablaosflamencos.com\/en\/jerez-fusion-2026-dates-programme.html#local-main-place-address","streetAddress":"C\/ Alemanes, 19","addressLocality":"Sevilla","postalCode":"41004","addressRegion":"Sevilla","addressCountry":"ES"},{"@type":"ImageObject","inLanguage":"en-US","@id":"https:\/\/www.tablaosflamencos.com\/en\/jerez-fusion-2026-dates-programme.html#local-main-organization-logo","url":"https:\/\/www.tablaosflamencos.com\/wp-content\/uploads\/tablaos-flamencos-06-3.webp","contentUrl":"https:\/\/www.tablaosflamencos.com\/wp-content\/uploads\/tablaos-flamencos-06-3.webp","width":600,"height":620,"caption":"Tablaos Flamencos"}]},"geo.placename":"Sevilla","geo.position":{"lat":"37.3868072","long":"-5.993280299999999"},"geo.region":"Spain"},"_links":{"self":[{"href":"https:\/\/www.tablaosflamencos.com\/en\/wp-json\/wp\/v2\/posts\/14748","targetHints":{"allow":["GET"]}}],"collection":[{"href":"https:\/\/www.tablaosflamencos.com\/en\/wp-json\/wp\/v2\/posts"}],"about":[{"href":"https:\/\/www.tablaosflamencos.com\/en\/wp-json\/wp\/v2\/types\/post"}],"author":[{"embeddable":true,"href":"https:\/\/www.tablaosflamencos.com\/en\/wp-json\/wp\/v2\/users\/1"}],"replies":[{"embeddable":true,"href":"https:\/\/www.tablaosflamencos.com\/en\/wp-json\/wp\/v2\/comments?post=14748"}],"version-history":[{"count":2,"href":"https:\/\/www.tablaosflamencos.com\/en\/wp-json\/wp\/v2\/posts\/14748\/revisions"}],"predecessor-version":[{"id":14751,"href":"https:\/\/www.tablaosflamencos.com\/en\/wp-json\/wp\/v2\/posts\/14748\/revisions\/14751"}],"wp:featuredmedia":[{"embeddable":true,"href":"https:\/\/www.tablaosflamencos.com\/en\/wp-json\/wp\/v2\/media\/14719"}],"wp:attachment":[{"href":"https:\/\/www.tablaosflamencos.com\/en\/wp-json\/wp\/v2\/media?parent=14748"}],"wp:term":[{"taxonomy":"category","embeddable":true,"href":"https:\/\/www.tablaosflamencos.com\/en\/wp-json\/wp\/v2\/categories?post=14748"},{"taxonomy":"post_tag","embeddable":true,"href":"https:\/\/www.tablaosflamencos.com\/en\/wp-json\/wp\/v2\/tags?post=14748"}],"curies":[{"name":"wp","href":"https:\/\/api.w.org\/{rel}","templated":true}]}}