{"id":14708,"date":"2026-09-05T12:21:41","date_gmt":"2026-09-05T10:21:41","guid":{"rendered":"https:\/\/www.tablaosflamencos.com\/?p=14708"},"modified":"2026-09-05T12:29:28","modified_gmt":"2026-09-05T10:29:28","slug":"what-to-do-seville-during-flamenco-biennial-2026","status":"publish","type":"post","link":"https:\/\/www.tablaosflamencos.com\/en\/what-to-do-seville-during-flamenco-biennial-2026.html","title":{"rendered":"What to do in Seville during the Flamenco Biennial 2026"},"content":{"rendered":"<section class=\"l-section wpb_row height_huge\"><div class=\"l-section-h i-cf\"><div class=\"g-cols vc_row via_flex valign_middle type_default stacking_default\"><div class=\"vc_col-sm-6 wpb_column vc_column_container\"><div class=\"vc_column-inner\"><div class=\"wpb_wrapper\"><div class=\"wpb_text_column\"><div class=\"wpb_wrapper\"><h2>Seville during the Biennial: much more than going from one show to the next<\/h2>\n<p>The <strong>Seville Flamenco Biennial 2026<\/strong> takes place from <strong>9 September to 3 October<\/strong> and during those weeks the city takes on a different rhythm. Its major theatres, historic venues and open-air stages host an exceptional programme, but limiting your visit to going in and out of shows means missing an important part of the experience.<\/p>\n<p>The Biennial can also be enjoyed in the morning, between performances and after the final show. There are free exhibitions, street flamenco, neighbourhoods linked to the art form\u2019s history, markets, terraces, monuments, walks beside the Guadalquivir and a year-round selection of tablaos operating independently of the official programme.<\/p>\n<p>This guide is for visitors to Seville during the Biennial who would like to plan their whole day: <strong>what to do before a performance, how to make the most of the time between shows and where to continue your flamenco evening<\/strong>.<\/p>\n<\/div><\/div><\/div><\/div><\/div><div class=\"vc_col-sm-6 wpb_column vc_column_container\"><div class=\"vc_column-inner\"><div class=\"wpb_wrapper\"><div class=\"wpb_text_column\"><div class=\"wpb_wrapper\"><blockquote>\n<p style=\"margin: 0;\"><strong>Quick answer:<\/strong> during the Flamenco Biennial 2026 you can combine the official programme with the free exhibition <em>La noche azul<\/em>, activities in \u201cOtras perlas\u201d, walks through Triana and the historic centre, visits to the Real Alc\u00e1zar, the Cathedral or Plaza de Espa\u00f1a, Sevillian food and flamenco shows beyond the official line-up. The key is to organise your day by area to reduce travelling time.<\/p>\n<\/blockquote>\n<\/div><\/div><\/div><\/div><\/div><\/div><\/div><\/section><section class=\"l-section wpb_row height_huge\"><div class=\"l-section-h i-cf\"><div class=\"g-cols vc_row via_flex valign_top type_default stacking_default\"><div class=\"vc_col-sm-3 wpb_column vc_column_container\"><div class=\"vc_column-inner\"><div class=\"wpb_wrapper\"><\/div><\/div><\/div><div class=\"vc_col-sm-6 wpb_column vc_column_container\"><div class=\"vc_column-inner\"><div class=\"wpb_wrapper\"><div class=\"wpb_text_column\"><div class=\"wpb_wrapper\"><h2>What to do in Seville during the Flamenco Biennial 2026<\/h2>\n<ul>\n<li><a href=\"#manana\">What to do in the morning<\/a><\/li>\n<li><a href=\"#otras-perlas\">The Biennial\u2019s accompanying activities<\/a><\/li>\n<li><a href=\"#barrios\">Neighbourhoods worth exploring<\/a><\/li>\n<li><a href=\"#entre-espectaculos\">What to do between two shows<\/a><\/li>\n<li><a href=\"#comer\">Fitting Sevillian food into your day<\/a><\/li>\n<li><a href=\"#noche\">Continuing your evening after a Biennial performance<\/a><\/li>\n<li><a href=\"#itinerarios\">Three practical itineraries<\/a><\/li>\n<li><a href=\"#consejos\">Tips for planning your stay<\/a><\/li>\n<li><a href=\"#faq\">Frequently asked questions<\/a><\/li>\n<\/ul>\n<p>If you are still deciding which performances to attend, start with our <a href=\"https:\/\/www.tablaosflamencos.com\/en\/seville-flamenco-biennial-2026.html\"><strong>complete guide to the Seville Flamenco Biennial 2026<\/strong><\/a>, including the programme, dates and venues.<\/p>\n<\/div><\/div><\/div><\/div><\/div><div class=\"vc_col-sm-3 wpb_column vc_column_container\"><div class=\"vc_column-inner\"><div class=\"wpb_wrapper\"><\/div><\/div><\/div><\/div><\/div><\/section><section class=\"l-section wpb_row height_huge color_alternate with_shape\"><div class=\"l-section-shape type_zigzag pos_top hor_flip\" style=\"height:3vmin;\"><svg xmlns=\"http:\/\/www.w3.org\/2000\/svg\" viewBox=\"0 0 64 8\" preserveAspectRatio=\"none\" width=\"100%\" height=\"100%\">\r\n\t<path fill=\"currentColor\" d=\"M64 8 L0 8 L0 0 L20 7.9 L40 3 L48 5 L64 0 Z\"\/>\r\n<\/svg><\/div><div class=\"l-section-shape type_zigzag pos_bottom\" style=\"height:3vmin;\"><svg xmlns=\"http:\/\/www.w3.org\/2000\/svg\" viewBox=\"0 0 64 8\" preserveAspectRatio=\"none\" width=\"100%\" height=\"100%\">\r\n\t<path fill=\"currentColor\" d=\"M64 8 L0 8 L0 0 L20 7.9 L40 3 L48 5 L64 0 Z\"\/>\r\n<\/svg><\/div><div class=\"l-section-h i-cf\"><div class=\"g-cols vc_row via_flex valign_top type_default stacking_default\"><div class=\"vc_col-sm-12 wpb_column vc_column_container\"><div class=\"vc_column-inner\"><div class=\"wpb_wrapper\"><div class=\"wpb_text_column\"><div class=\"wpb_wrapper\"><h2 id=\"manana\">Morning: Seville before the flamenco begins<\/h2>\n<p>Most of the Biennial\u2019s stage programme takes place in the afternoon and evening, although there are matin\u00e9es and special activities. That leaves plenty of mornings free to discover Seville without missing the shows.<\/p>\n<h3>The Real Alc\u00e1zar and Santa Cruz neighbourhood<\/h3>\n<p>The Real Alc\u00e1zar is particularly interesting during this edition because it is also one of the Biennial\u2019s venues. Visiting in the morning helps you appreciate the heritage dimension of a programme that uses historic buildings as stages.<\/p>\n<p>Afterwards, you can explore Santa Cruz, head towards the Cathedral and the Giralda and continue to the Archivo de Indias. These sights are within easy walking distance of several regular Biennial venues, making this a good option when you have an afternoon performance in the centre.<\/p>\n<p>For the programme at this monument in particular, we have a guide dedicated to <a href=\"https:\/\/www.tablaosflamencos.com\/en\/flamenco-real-alcazar-seville-biennial-2026.html\"><strong>flamenco at the Real Alc\u00e1zar during the Biennial 2026<\/strong><\/a>.<\/p>\n<h3>Plaza de Espa\u00f1a and Mar\u00eda Luisa Park<\/h3>\n<p>Another straightforward morning option is to explore Mar\u00eda Luisa Park and Plaza de Espa\u00f1a. This area is particularly convenient if you later have a performance at the Teatro Lope de Vega, beside the park.<\/p>\n<p>The advantage of planning your sightseeing around that evening\u2019s venue is simple: central Seville is easy to explore on foot, but unnecessary journeys can be tiring when you still have several hours of performances ahead.<\/p>\n<\/div><\/div><\/div><\/div><\/div><\/div><\/div><\/section><section class=\"l-section wpb_row height_huge\"><div class=\"l-section-h i-cf\"><div class=\"g-cols vc_row via_flex valign_top type_default stacking_default\"><div class=\"vc_col-sm-12 wpb_column vc_column_container\"><div class=\"vc_column-inner\"><div class=\"wpb_wrapper\"><div class=\"wpb_text_column\"><div class=\"wpb_wrapper\"><h2 id=\"otras-perlas\">Make the most of \u201cOtras perlas\u201d: the Biennial beyond the theatres<\/h2>\n<p>The official accompanying programme for 2026 is presented under the name <strong>\u201cOtras perlas\u201d<\/strong> and includes exhibitions, street events, family activities and other cultural initiatives. It is one of the best ways to fill the time between performances while staying immersed in flamenco.<\/p>\n<h3>La noche azul: a free exhibition exploring \u00d3pera Flamenca<\/h3>\n<p>From <strong>2 September to 22 November 2026<\/strong>, the Real F\u00e1brica de Artiller\u00eda hosts <em>La noche azul. \u00d3pera Flamenca en la colecci\u00f3n de Carlos Mart\u00edn Ballester<\/em>. The exhibition brings together hundreds of documents, posters, records, gramophones, photographs and other materials relating to the expansion of \u00d3pera Flamenca during the first half of the twentieth century.<\/p>\n<p>Admission is free, subject to capacity. The opening hours announced by the City Council are Monday to Saturday, 10:00\u201320:00, and Sunday, 10:00\u201314:00. It is especially worthwhile in the morning or early afternoon, giving you a deeper understanding of flamenco singing before you hear it live.<\/p>\n<p>You can find further information in our guide to <a href=\"https:\/\/www.tablaosflamencos.com\/en\/the-blue-night-flamenco-opera-seville-biennial-2026.html\"><strong>La noche azul<\/strong><\/a>.<\/p>\n<h3>Flamenco on the streets<\/h3>\n<p>The Biennial also takes part of its programme into squares and outdoor spaces. These activities offer encounters with flamenco outside the format of a conventional performance and connect the festival with different Seville neighbourhoods.<\/p>\n<p>The accompanying programme also includes initiatives such as the travelling installation <strong>\u201cSala de revelado\u201d<\/strong>, created to reveal the work normally hidden behind the performances: rehearsals, creative processes, personal accounts and documentary materials.<\/p>\n<p>To find things to do at no cost, see our updated selection of <a href=\"https:\/\/www.tablaosflamencos.com\/en\/seville-flamenco-biennial-2026-free.html\"><strong>free shows and activities at the Biennial 2026<\/strong><\/a>.<\/p>\n<\/div><\/div><\/div><\/div><\/div><\/div><\/div><\/section><section class=\"l-section wpb_row height_huge color_alternate with_shape\"><div class=\"l-section-shape type_zigzag pos_top hor_flip\" style=\"height:3vmin;\"><svg xmlns=\"http:\/\/www.w3.org\/2000\/svg\" viewBox=\"0 0 64 8\" preserveAspectRatio=\"none\" width=\"100%\" height=\"100%\">\r\n\t<path fill=\"currentColor\" d=\"M64 8 L0 8 L0 0 L20 7.9 L40 3 L48 5 L64 0 Z\"\/>\r\n<\/svg><\/div><div class=\"l-section-shape type_zigzag pos_bottom\" style=\"height:3vmin;\"><svg xmlns=\"http:\/\/www.w3.org\/2000\/svg\" viewBox=\"0 0 64 8\" preserveAspectRatio=\"none\" width=\"100%\" height=\"100%\">\r\n\t<path fill=\"currentColor\" d=\"M64 8 L0 8 L0 0 L20 7.9 L40 3 L48 5 L64 0 Z\"\/>\r\n<\/svg><\/div><div class=\"l-section-h i-cf\"><div class=\"g-cols vc_row via_flex valign_top type_default stacking_default\"><div class=\"vc_col-sm-12 wpb_column vc_column_container\"><div class=\"vc_column-inner\"><div class=\"wpb_wrapper\"><div class=\"wpb_text_column\"><div class=\"wpb_wrapper\"><h2 id=\"barrios\">Explore Seville\u2019s flamenco neighbourhoods<\/h2>\n<h3>Triana: an obvious choice during the Biennial<\/h3>\n<p>Triana is part of Seville\u2019s flamenco history and deserves a visit even when your evening performance is elsewhere in the city. You can cross the Puente de Isabel II, explore Calle Pureza, visit Triana Market, walk along Calle Betis and finish beside the river.<\/p>\n<p>During the Biennial, the neighbourhood also holds special significance because of the activities historically associated with Hotel Triana. In 2026, owing to high demand, the three performances scheduled there for 17, 18 and 19 September have been moved to <strong>Muelle de la Sal<\/strong>, with the announced dates and times unchanged.<\/p>\n<h3>The historic centre: from San Luis to the Alameda<\/h3>\n<p>The northern part of the centre makes it easy to combine heritage and flamenco. The church of San Luis de los Franceses hosts the <strong>Matin\u00e9s \u00danicas<\/strong> and nearby are the Alameda de H\u00e9rcules, Calle Feria and some appealing places to eat or have a drink without going far.<\/p>\n<p>Before attending a matin\u00e9e, consult our guide to the <a href=\"https:\/\/www.tablaosflamencos.com\/en\/seville-flamenco-biennial-2026-unique-matinees.html\"><strong>Matin\u00e9s \u00danicas at the Biennial 2026<\/strong><\/a>.<\/p>\n<h3>El Arenal: the river, Maestranza and the Biennial<\/h3>\n<p>El Arenal is another strategic area. Here you can combine a walk beside the Guadalquivir with the Torre del Oro, the Real Maestranza bullring, Muelle de la Sal and the Teatro de la Maestranza. If your performance is at one of these venues, setting aside the whole afternoon for this area is the most practical approach.<\/p>\n<\/div><\/div><\/div><\/div><\/div><\/div><\/div><\/section><section class=\"l-section wpb_row height_huge\"><div class=\"l-section-h i-cf\"><div class=\"g-cols vc_row via_flex valign_top type_default stacking_default\"><div class=\"vc_col-sm-12 wpb_column vc_column_container\"><div class=\"vc_column-inner\"><div class=\"wpb_wrapper\"><div class=\"wpb_text_column\"><div class=\"wpb_wrapper\"><h2 id=\"entre-espectaculos\">What to do between two Biennial shows<\/h2>\n<p>One of the most common planning challenges arises when you book two shows on the same day and have two or three hours between them. In that situation, trying to fit in a full monument visit makes little sense.<\/p>\n<h3>When you are in the centre<\/h3>\n<p>You can walk around the Cathedral, Avenida de la Constituci\u00f3n, Plaza Nueva and Plaza de San Francisco; have a drink on a terrace; visit an exhibition; or head towards the Guadalquivir. These are flexible activities that you can finish whenever you need to leave for the next venue.<\/p>\n<h3>When you are in Cartuja<\/h3>\n<p>The Teatro Central is further from the historic centre. For a performance there, allow more travelling time and avoid scheduling activities too tightly immediately before or afterwards. One option is to stay in the Cartuja area, returning to the centre only when you have enough time.<\/p>\n<h3>Between Lope de Vega and Maestranza<\/h3>\n<p>The distance allows you to walk through a good part of the centre. You can go via Mar\u00eda Luisa Park, Puerta de Jerez, Torre del Oro and Paseo de Col\u00f3n. It is a pleasant route that makes travelling between venues part of your sightseeing day.<\/p>\n<\/div><\/div><\/div><\/div><\/div><\/div><\/div><\/section><section class=\"l-section wpb_row height_huge color_alternate with_shape\"><div class=\"l-section-shape type_zigzag pos_top hor_flip\" style=\"height:3vmin;\"><svg xmlns=\"http:\/\/www.w3.org\/2000\/svg\" viewBox=\"0 0 64 8\" preserveAspectRatio=\"none\" width=\"100%\" height=\"100%\">\r\n\t<path fill=\"currentColor\" d=\"M64 8 L0 8 L0 0 L20 7.9 L40 3 L48 5 L64 0 Z\"\/>\r\n<\/svg><\/div><div class=\"l-section-shape type_zigzag pos_bottom\" style=\"height:3vmin;\"><svg xmlns=\"http:\/\/www.w3.org\/2000\/svg\" viewBox=\"0 0 64 8\" preserveAspectRatio=\"none\" width=\"100%\" height=\"100%\">\r\n\t<path fill=\"currentColor\" d=\"M64 8 L0 8 L0 0 L20 7.9 L40 3 L48 5 L64 0 Z\"\/>\r\n<\/svg><\/div><div class=\"l-section-h i-cf\"><div class=\"g-cols vc_row via_flex valign_top type_default stacking_default\"><div class=\"vc_col-sm-12 wpb_column vc_column_container\"><div class=\"vc_column-inner\"><div class=\"wpb_wrapper\"><div class=\"wpb_text_column\"><div class=\"wpb_wrapper\"><h2 id=\"comer\">Food: eating well without arriving late for a show<\/h2>\n<p>During the Biennial, it makes sense to adapt mealtimes to the tickets you have booked. Some shows begin at 19:00 or 20:00, others around 21:30, and late performances may start after 22:00.<\/p>\n<p>For an early show, a useful strategy is to have a slightly later main meal and save a light dinner or tapas for afterwards. If the performance starts at 22:30, you can dine beforehand, but avoid restaurants far from the venue or meals likely to take too long.<\/p>\n<h3>What to try<\/h3>\n<p>September is still warm in Seville, making dishes such as gazpacho, salmorejo, ensaladilla, spinach with chickpeas, fried fish and cold tapas particularly appealing. You can also try Sevillian classics such as montaditos, pring\u00e1, pork fillet in whisky sauce and different cod dishes.<\/p>\n<p>Triana, Arenal, Santa Cruz, Alameda and the area around Calle Feria offer plenty of options for fitting meals into your route. During the Biennial, the priority should be <strong>eating close to your next show<\/strong>, rather than crossing the city for a particular restaurant just before the performance.<\/p>\n<\/div><\/div><\/div><\/div><\/div><\/div><\/div><\/section><section class=\"l-section wpb_row height_huge\"><div class=\"l-section-h i-cf\"><div class=\"g-cols vc_row via_flex valign_top type_default stacking_default\"><div class=\"vc_col-sm-12 wpb_column vc_column_container\"><div class=\"vc_column-inner\"><div class=\"wpb_wrapper\"><div class=\"wpb_text_column\"><div class=\"wpb_wrapper\"><h2 id=\"noche\">After the show: flamenco does not end with the Biennial<\/h2>\n<p>A Biennial performance may be the centrepiece of your evening, but not necessarily its end. Seville has a year-round programme of flamenco shows, with tablaos offering very different formats and atmospheres.<\/p>\n<p>This is particularly useful in three situations: when you have not found a ticket for the show you wanted, when official performances cover only part of your stay, or when you would like to compare a large theatre with a smaller venue.<\/p>\n<p>Our guide to <a href=\"https:\/\/www.tablaosflamencos.com\/en\/flamenco-seville-biennial-2026-shows-beyond-official-programme.html\"><strong>flamenco in Seville during the Biennial beyond the official programme<\/strong><\/a> offers alternatives. To understand the difference between a competent tourist show and a performance with greater artistic interest, also read <a href=\"https:\/\/www.tablaosflamencos.com\/en\/where-see-authentic-flamenco-seville.html\"><strong>where to see authentic flamenco in Seville<\/strong><\/a>.<\/p>\n<p>And when a particular performance is sold out, we have a dedicated guide to <a href=\"https:\/\/www.tablaosflamencos.com\/en\/seville-flamenco-biennial-2026-sold-out-tickets-what-to-see.html\"><strong>what to see when you can no longer find Biennial tickets<\/strong><\/a>.<\/p>\n<\/div><\/div><\/div><\/div><\/div><\/div><\/div><\/section><section class=\"l-section wpb_row height_huge color_alternate with_shape\"><div class=\"l-section-shape type_zigzag pos_top hor_flip\" style=\"height:3vmin;\"><svg xmlns=\"http:\/\/www.w3.org\/2000\/svg\" viewBox=\"0 0 64 8\" preserveAspectRatio=\"none\" width=\"100%\" height=\"100%\">\r\n\t<path fill=\"currentColor\" d=\"M64 8 L0 8 L0 0 L20 7.9 L40 3 L48 5 L64 0 Z\"\/>\r\n<\/svg><\/div><div class=\"l-section-shape type_zigzag pos_bottom\" style=\"height:3vmin;\"><svg xmlns=\"http:\/\/www.w3.org\/2000\/svg\" viewBox=\"0 0 64 8\" preserveAspectRatio=\"none\" width=\"100%\" height=\"100%\">\r\n\t<path fill=\"currentColor\" d=\"M64 8 L0 8 L0 0 L20 7.9 L40 3 L48 5 L64 0 Z\"\/>\r\n<\/svg><\/div><div class=\"l-section-h i-cf\"><div class=\"g-cols vc_row via_flex valign_top type_default stacking_default\"><div class=\"vc_col-sm-12 wpb_column vc_column_container\"><div class=\"vc_column-inner\"><div class=\"wpb_wrapper\"><div class=\"wpb_text_column\"><div class=\"wpb_wrapper\"><h2 id=\"itinerarios\">Three itineraries for making the most of a full day during the Biennial<\/h2>\n<h3>Itinerary 1: heritage and the Biennial in the centre<\/h3>\n<ul>\n<li><strong>Morning:<\/strong> Real Alc\u00e1zar, Cathedral and Santa Cruz neighbourhood.<\/li>\n<li><strong>Lunchtime:<\/strong> a meal in the centre.<\/li>\n<li><strong>Afternoon:<\/strong> the <em>La noche azul<\/em> exhibition at the Real F\u00e1brica de Artiller\u00eda.<\/li>\n<li><strong>Evening:<\/strong> an official Biennial show.<\/li>\n<li><strong>Afterwards:<\/strong> a walk or a drink in Arenal, the centre or Alameda, depending on the venue.<\/li>\n<\/ul>\n<h3>Itinerary 2: Triana, the river and flamenco<\/h3>\n<ul>\n<li><strong>Morning:<\/strong> Triana Market, Calle Pureza and a walk around the neighbourhood.<\/li>\n<li><strong>Lunchtime:<\/strong> tapas in Triana.<\/li>\n<li><strong>Afternoon:<\/strong> Calle Betis, Triana Bridge, Muelle de la Sal and Paseo de Col\u00f3n.<\/li>\n<li><strong>Evening:<\/strong> a performance at Maestranza, in Arenal or at another nearby venue.<\/li>\n<li><strong>Afterwards:<\/strong> a tablao or another show to extend your evening.<\/li>\n<\/ul>\n<h3>Itinerary 3: a full day of flamenco<\/h3>\n<ul>\n<li><strong>Morning:<\/strong> an accompanying activity or exhibition.<\/li>\n<li><strong>Lunchtime:<\/strong> a walk around San Luis, Alameda or Calle Feria.<\/li>\n<li><strong>Afternoon:<\/strong> your first Biennial performance or a free activity.<\/li>\n<li><strong>Evening:<\/strong> a second performance, a Noche \u00danica or a tablao.<\/li>\n<\/ul>\n<p>For performances specifically conceived as one-off experiences, see the <a href=\"https:\/\/www.tablaosflamencos.com\/en\/seville-flamenco-biennial-2026-unique-nights.html\"><strong>Noches \u00danicas calendar for the Biennial 2026<\/strong><\/a>.<\/p>\n<\/div><\/div><\/div><\/div><\/div><\/div><\/div><\/section><section class=\"l-section wpb_row height_huge\"><div class=\"l-section-h i-cf\"><div class=\"g-cols vc_row via_flex valign_top type_default stacking_default\"><div class=\"vc_col-sm-12 wpb_column vc_column_container\"><div class=\"vc_column-inner\"><div class=\"wpb_wrapper\"><div class=\"wpb_text_column\"><div class=\"wpb_wrapper\"><h2 id=\"consejos\">Tips for planning your time in Seville during the Biennial<\/h2>\n<ul>\n<li><strong>Group activities by area.<\/strong> Avoid combining Triana, Cartuja and Mar\u00eda Luisa Park within a few hours.<\/li>\n<li><strong>Allow time before each performance.<\/strong> Rushing is especially inconvenient when there are entry checks, numbered seats or large audiences.<\/li>\n<li><strong>Do not fill every hour of the day.<\/strong> The Biennial may mean several consecutive evenings of performances; making time to rest improves the experience.<\/li>\n<li><strong>Check for last-minute changes.<\/strong> In 2026, for example, the performances originally scheduled at Hotel Triana have already been moved to Muelle de la Sal.<\/li>\n<li><strong>Make the most of free activities.<\/strong> They let you experience the Biennial even on days when you have no tickets.<\/li>\n<li><strong>Combine large-scale shows with intimate venues.<\/strong> A show at Maestranza or Lope de Vega and an evening at a tablao offer very different, complementary experiences.<\/li>\n<li><strong>Book ahead.<\/strong> Both the Biennial and regular shows can attract high demand in September.<\/li>\n<\/ul>\n<\/div><\/div><\/div><\/div><\/div><\/div><\/div><\/section><section class=\"l-section wpb_row height_huge color_alternate with_shape\"><div class=\"l-section-shape type_zigzag pos_top hor_flip\" style=\"height:3vmin;\"><svg xmlns=\"http:\/\/www.w3.org\/2000\/svg\" viewBox=\"0 0 64 8\" preserveAspectRatio=\"none\" width=\"100%\" height=\"100%\">\r\n\t<path fill=\"currentColor\" d=\"M64 8 L0 8 L0 0 L20 7.9 L40 3 L48 5 L64 0 Z\"\/>\r\n<\/svg><\/div><div class=\"l-section-shape type_zigzag pos_bottom\" style=\"height:3vmin;\"><svg xmlns=\"http:\/\/www.w3.org\/2000\/svg\" viewBox=\"0 0 64 8\" preserveAspectRatio=\"none\" width=\"100%\" height=\"100%\">\r\n\t<path fill=\"currentColor\" d=\"M64 8 L0 8 L0 0 L20 7.9 L40 3 L48 5 L64 0 Z\"\/>\r\n<\/svg><\/div><div class=\"l-section-h i-cf\"><div class=\"g-cols vc_row via_flex valign_top type_default stacking_default\"><div class=\"vc_col-sm-12 wpb_column vc_column_container\"><div class=\"vc_column-inner\"><div class=\"wpb_wrapper\"><div class=\"wpb_text_column\"><div class=\"wpb_wrapper\"><h2>The best way to experience the Biennial is to combine the festival and the city<\/h2>\n<p>The Flamenco Biennial is an exceptional opportunity to see artists who are rarely in the same city at the same time and to attend premieres, galas and formats created specifically for this edition. But Seville is not merely a backdrop: it is part of the experience.<\/p>\n<p>Attending a matin\u00e9e at San Luis, crossing Triana, visiting an exhibition at the Real F\u00e1brica de Artiller\u00eda, walking beside the Guadalquivir and ending the evening with live flamenco helps you understand the relationship between the city and this art.<\/p>\n<p>So, when staying for several days during the Biennial, do not simply pack in one performance after another. Mix <strong>heritage, neighbourhoods, food, free activities, the official programme and flamenco beyond the major stages<\/strong>. That combination is probably the fullest way to experience Seville between 9 September and 3 October 2026.<\/p>\n<\/div><\/div><\/div><\/div><\/div><\/div><\/div><\/section><section class=\"l-section wpb_row height_huge\"><div class=\"l-section-h i-cf\"><div class=\"g-cols vc_row via_flex valign_top type_default stacking_default\"><div class=\"vc_col-sm-1\/5 wpb_column vc_column_container\"><div class=\"vc_column-inner\"><div class=\"wpb_wrapper\"><\/div><\/div><\/div><div class=\"vc_col-sm-3\/5 wpb_column vc_column_container\"><div class=\"vc_column-inner\"><div class=\"wpb_wrapper\"><div class=\"wpb_text_column\"><div class=\"wpb_wrapper\"><h2 id=\"faq\">Frequently asked questions about what to do in Seville during the Biennial 2026<\/h2>\n<\/div><\/div><div class=\"w-separator size_medium\"><\/div><div class=\"w-tabs accordion toggle_style_1 has_scrolling\" style=\"--sections-title-size:inherit;--sections-gap:0.5rem;\"><div class=\"w-tabs-sections titles-align_none icon_plus cpos_left\"><div class=\"w-tabs-section\" id=\"ve89\" itemscope itemprop=\"mainEntity\" itemtype=\"https:\/\/schema.org\/Question\"><button type=\"button\" class=\"w-tabs-section-header\" aria-controls=\"content-ve89\" aria-expanded=\"false\"><h3 class=\"w-tabs-section-title\" itemprop=\"name\">When is the Seville Flamenco Biennial 2026?<\/h3><div class=\"w-tabs-section-control\"><\/div><\/button><div  class=\"w-tabs-section-content\" id=\"content-ve89\" itemscope itemprop=\"acceptedAnswer\" itemtype=\"https:\/\/schema.org\/Answer\"><div class=\"w-tabs-section-content-h i-cf\" itemprop=\"text\"><div class=\"wpb_text_column\"><div class=\"wpb_wrapper\"><p>The 24th Seville Flamenco Biennial takes place from <strong>9 September to 3 October 2026<\/strong>, although some accompanying activities began before the official opening.<\/p>\n<\/div><\/div><\/div><\/div><\/div><div class=\"w-tabs-section\" id=\"kfc2\" itemscope itemprop=\"mainEntity\" itemtype=\"https:\/\/schema.org\/Question\"><button type=\"button\" class=\"w-tabs-section-header\" aria-controls=\"content-kfc2\" aria-expanded=\"false\"><h3 class=\"w-tabs-section-title\" itemprop=\"name\">Are there free things to do during the Biennial?<\/h3><div class=\"w-tabs-section-control\"><\/div><\/button><div  class=\"w-tabs-section-content\" id=\"content-kfc2\" itemscope itemprop=\"acceptedAnswer\" itemtype=\"https:\/\/schema.org\/Answer\"><div class=\"w-tabs-section-content-h i-cf\" itemprop=\"text\"><div class=\"wpb_text_column\"><div class=\"wpb_wrapper\"><p>Yes. The accompanying programme includes exhibitions and activities in public spaces. The exhibition <em>La noche azul<\/em>, for example, has free admission, subject to capacity.<\/p>\n<\/div><\/div><\/div><\/div><\/div><div class=\"w-tabs-section\" id=\"m0b5\" itemscope itemprop=\"mainEntity\" itemtype=\"https:\/\/schema.org\/Question\"><button type=\"button\" class=\"w-tabs-section-header\" aria-controls=\"content-m0b5\" aria-expanded=\"false\"><h3 class=\"w-tabs-section-title\" itemprop=\"name\">What can I do in the morning if my show is in the evening?<\/h3><div class=\"w-tabs-section-control\"><\/div><\/button><div  class=\"w-tabs-section-content\" id=\"content-m0b5\" itemscope itemprop=\"acceptedAnswer\" itemtype=\"https:\/\/schema.org\/Answer\"><div class=\"w-tabs-section-content-h i-cf\" itemprop=\"text\"><div class=\"wpb_text_column\"><div class=\"wpb_wrapper\"><p>You can visit the Real Alc\u00e1zar, Cathedral and Santa Cruz; explore Plaza de Espa\u00f1a and Mar\u00eda Luisa Park; discover Triana; or enjoy the Biennial\u2019s exhibitions and accompanying activities.<\/p>\n<\/div><\/div><\/div><\/div><\/div><div class=\"w-tabs-section\" id=\"h18f\" itemscope itemprop=\"mainEntity\" itemtype=\"https:\/\/schema.org\/Question\"><button type=\"button\" class=\"w-tabs-section-header\" aria-controls=\"content-h18f\" aria-expanded=\"false\"><h3 class=\"w-tabs-section-title\" itemprop=\"name\">Can I see flamenco outside the official programme?<\/h3><div class=\"w-tabs-section-control\"><\/div><\/button><div  class=\"w-tabs-section-content\" id=\"content-h18f\" itemscope itemprop=\"acceptedAnswer\" itemtype=\"https:\/\/schema.org\/Answer\"><div class=\"w-tabs-section-content-h i-cf\" itemprop=\"text\"><div class=\"wpb_text_column\"><div class=\"wpb_wrapper\"><p>Yes. Seville\u2019s tablaos and other flamenco venues continue their regular programmes during the Biennial, offering alternatives every day beyond the official line-up.<\/p>\n<\/div><\/div><\/div><\/div><\/div><div class=\"w-tabs-section\" id=\"u258\" itemscope itemprop=\"mainEntity\" itemtype=\"https:\/\/schema.org\/Question\"><button type=\"button\" class=\"w-tabs-section-header\" aria-controls=\"content-u258\" aria-expanded=\"false\"><h3 class=\"w-tabs-section-title\" itemprop=\"name\">Which neighbourhood is best to visit during the Biennial?<\/h3><div class=\"w-tabs-section-control\"><\/div><\/button><div  class=\"w-tabs-section-content\" id=\"content-u258\" itemscope itemprop=\"acceptedAnswer\" itemtype=\"https:\/\/schema.org\/Answer\"><div class=\"w-tabs-section-content-h i-cf\" itemprop=\"text\"><div class=\"wpb_text_column\"><div class=\"wpb_wrapper\"><p>Triana is essential for its historic connection with flamenco, but Arenal, Santa Cruz, San Luis, Alameda and the area around Calle Feria are also very interesting. The best choice depends on your show\u2019s venue.<\/p>\n<\/div><\/div><\/div><\/div><\/div><div class=\"w-tabs-section\" id=\"x344\" itemscope itemprop=\"mainEntity\" itemtype=\"https:\/\/schema.org\/Question\"><button type=\"button\" class=\"w-tabs-section-header\" aria-controls=\"content-x344\" aria-expanded=\"false\"><h3 class=\"w-tabs-section-title\" itemprop=\"name\">Can I attend two Biennial shows on the same day?<\/h3><div class=\"w-tabs-section-control\"><\/div><\/button><div  class=\"w-tabs-section-content\" id=\"content-x344\" itemscope itemprop=\"acceptedAnswer\" itemtype=\"https:\/\/schema.org\/Answer\"><div class=\"w-tabs-section-content-h i-cf\" itemprop=\"text\"><div class=\"wpb_text_column\"><div class=\"wpb_wrapper\"><p>On some days, yes, because performances are scheduled at different times. Check the estimated finishing time and the distance between venues before buying both tickets.<\/p>\n<\/div><\/div><\/div><\/div><\/div><div class=\"w-tabs-section\" id=\"s413\" itemscope itemprop=\"mainEntity\" itemtype=\"https:\/\/schema.org\/Question\"><button type=\"button\" class=\"w-tabs-section-header\" aria-controls=\"content-s413\" aria-expanded=\"false\"><h3 class=\"w-tabs-section-title\" itemprop=\"name\">What should I do if a show is sold out?<\/h3><div class=\"w-tabs-section-control\"><\/div><\/button><div  class=\"w-tabs-section-content\" id=\"content-s413\" itemscope itemprop=\"acceptedAnswer\" itemtype=\"https:\/\/schema.org\/Answer\"><div class=\"w-tabs-section-content-h i-cf\" itemprop=\"text\"><div class=\"wpb_text_column\"><div class=\"wpb_wrapper\"><p>You can explore other official performances, free activities or Seville\u2019s regular tablao programmes. Avoid unofficial resale and check the Biennial\u2019s channels for updates.<\/p>\n<\/div><\/div><\/div><\/div><\/div><div class=\"w-tabs-section\" id=\"g4e7\" itemscope itemprop=\"mainEntity\" itemtype=\"https:\/\/schema.org\/Question\"><button type=\"button\" class=\"w-tabs-section-header\" aria-controls=\"content-g4e7\" aria-expanded=\"false\"><h3 class=\"w-tabs-section-title\" itemprop=\"name\">Do I need a car to get around during the Biennial?<\/h3><div class=\"w-tabs-section-control\"><\/div><\/button><div  class=\"w-tabs-section-content\" id=\"content-g4e7\" itemscope itemprop=\"acceptedAnswer\" itemtype=\"https:\/\/schema.org\/Answer\"><div class=\"w-tabs-section-content-h i-cf\" itemprop=\"text\"><div class=\"wpb_text_column\"><div class=\"wpb_wrapper\"><p>Not for most activities in the centre. Many venues and visitor areas can be reached on foot or by public transport. For places further away, such as the Teatro Central in Cartuja, allow more time for the journey.<\/p>\n<\/div><\/div><\/div><\/div><\/div><\/div><\/div><\/div><\/div><\/div><div class=\"vc_col-sm-1\/5 wpb_column vc_column_container\"><div class=\"vc_column-inner\"><div class=\"wpb_wrapper\"><\/div><\/div><\/div><\/div><\/div><\/section>\n","protected":false},"excerpt":{"rendered":"<p>A practical guide to enjoying Seville during the Flamenco Biennial 2026: morning activities, free events, neighbourhoods, food, itineraries and flamenco beyond the official programme.<\/p>\n","protected":false},"author":1,"featured_media":14704,"comment_status":"closed","ping_status":"closed","sticky":false,"template":"","format":"standard","meta":{"_acf_changed":false,"wpai_generated_summary":"","_ayudawp_aiss_exclude":false,"_ayudawp_aiss_exclude_summary":false,"_ayudawp_aiss_summary":"","_ayudawp_aiss_summary_provider":"","_ayudawp_aiss_summary_hash":"","footnotes":""},"categories":[1427],"tags":[1233,1234,1236,1851,2005],"class_list":["post-14708","post","type-post","status-publish","format-standard","has-post-thumbnail","hentry","category-flamenco-biennial","tag-bienal-2026","tag-bienal-de-flamenco","tag-sevilla","tag-things-to-do-in-seville","tag-what-to-do-in-seville"],"acf":[],"yoast_head":"<!-- This site is optimized with the Yoast SEO Premium plugin v28.4 (Yoast SEO v28.4) - https:\/\/yoast.com\/product\/yoast-seo-premium-wordpress\/ -->\n<title>What to do in Seville during the Flamenco Biennial 2026<\/title>\n<meta name=\"description\" content=\"What to do in Seville during the Flamenco Biennial 2026: free activities, neighbourhoods, food, itineraries and shows beyond the official programme.\" \/>\n<meta name=\"robots\" content=\"index, follow, max-snippet:-1, max-image-preview:large, max-video-preview:-1\" \/>\n<link rel=\"canonical\" href=\"https:\/\/www.tablaosflamencos.com\/en\/what-to-do-seville-during-flamenco-biennial-2026.html\" \/>\n<meta property=\"og:locale\" content=\"en_US\" \/>\n<meta property=\"og:type\" content=\"article\" \/>\n<meta property=\"og:title\" content=\"What to do in Seville during the Flamenco Biennial 2026\" \/>\n<meta property=\"og:description\" content=\"What to do in Seville during the Flamenco Biennial 2026: free activities, neighbourhoods, food, itineraries and shows beyond the official programme.\" \/>\n<meta property=\"og:url\" content=\"https:\/\/www.tablaosflamencos.com\/en\/what-to-do-seville-during-flamenco-biennial-2026.html\" \/>\n<meta property=\"og:site_name\" content=\"Tablaos Flamencos\" \/>\n<meta property=\"article:publisher\" content=\"https:\/\/www.facebook.com\/tablaosflamencos\" \/>\n<meta property=\"article:published_time\" content=\"2026-09-05T10:21:41+00:00\" \/>\n<meta property=\"article:modified_time\" content=\"2026-09-05T10:29:28+00:00\" \/>\n<meta property=\"og:image\" content=\"https:\/\/www.tablaosflamencos.com\/wp-content\/uploads\/que-hacer-en-sevilla-durante-la-bienal-de-flamenco-2026-01.webp\" \/>\n\t<meta property=\"og:image:width\" content=\"1491\" \/>\n\t<meta property=\"og:image:height\" content=\"1055\" \/>\n\t<meta property=\"og:image:type\" content=\"image\/webp\" \/>\n<meta name=\"author\" content=\"Miguel Ortiz\" \/>\n<meta name=\"twitter:card\" content=\"summary_large_image\" \/>\n<meta name=\"twitter:creator\" content=\"@tablaosflamenco\" \/>\n<meta name=\"twitter:site\" content=\"@tablaosflamenco\" \/>\n<meta name=\"twitter:label1\" content=\"Written by\" \/>\n\t<meta name=\"twitter:data1\" content=\"Miguel Ortiz\" \/>\n\t<meta name=\"twitter:label2\" content=\"Est. reading time\" \/>\n\t<meta name=\"twitter:data2\" content=\"15 minutes\" \/>\n<script type=\"application\/ld+json\" class=\"yoast-schema-graph\">{\"@context\":\"https:\\\/\\\/schema.org\",\"@graph\":[{\"@type\":\"Article\",\"@id\":\"https:\\\/\\\/www.tablaosflamencos.com\\\/en\\\/what-to-do-seville-during-flamenco-biennial-2026.html#article\",\"isPartOf\":{\"@id\":\"https:\\\/\\\/www.tablaosflamencos.com\\\/en\\\/what-to-do-seville-during-flamenco-biennial-2026.html\"},\"author\":{\"name\":\"Miguel Ortiz\",\"@id\":\"https:\\\/\\\/www.tablaosflamencos.com\\\/en#\\\/schema\\\/person\\\/e7a9ebe14eb75a52ceabfbffb3c54f5d\"},\"headline\":\"What to do in Seville during the Flamenco Biennial 2026\",\"datePublished\":\"2026-09-05T10:21:41+00:00\",\"dateModified\":\"2026-09-05T10:29:28+00:00\",\"mainEntityOfPage\":{\"@id\":\"https:\\\/\\\/www.tablaosflamencos.com\\\/en\\\/what-to-do-seville-during-flamenco-biennial-2026.html\"},\"wordCount\":2913,\"publisher\":{\"@id\":\"https:\\\/\\\/www.tablaosflamencos.com\\\/en#organization\"},\"image\":{\"@id\":\"https:\\\/\\\/www.tablaosflamencos.com\\\/en\\\/what-to-do-seville-during-flamenco-biennial-2026.html#primaryimage\"},\"thumbnailUrl\":\"https:\\\/\\\/www.tablaosflamencos.com\\\/wp-content\\\/uploads\\\/que-hacer-en-sevilla-durante-la-bienal-de-flamenco-2026-01.webp\",\"keywords\":[\"Bienal 2026\",\"Bienal de Flamenco\",\"sevilla\",\"things to do in Seville\",\"what to do in Seville\"],\"articleSection\":[\"Flamenco Biennial\"],\"inLanguage\":\"en-US\"},{\"@type\":\"WebPage\",\"@id\":\"https:\\\/\\\/www.tablaosflamencos.com\\\/en\\\/what-to-do-seville-during-flamenco-biennial-2026.html\",\"url\":\"https:\\\/\\\/www.tablaosflamencos.com\\\/en\\\/what-to-do-seville-during-flamenco-biennial-2026.html\",\"name\":\"What to do in Seville during the Flamenco Biennial 2026\",\"isPartOf\":{\"@id\":\"https:\\\/\\\/www.tablaosflamencos.com\\\/en#website\"},\"primaryImageOfPage\":{\"@id\":\"https:\\\/\\\/www.tablaosflamencos.com\\\/en\\\/what-to-do-seville-during-flamenco-biennial-2026.html#primaryimage\"},\"image\":{\"@id\":\"https:\\\/\\\/www.tablaosflamencos.com\\\/en\\\/what-to-do-seville-during-flamenco-biennial-2026.html#primaryimage\"},\"thumbnailUrl\":\"https:\\\/\\\/www.tablaosflamencos.com\\\/wp-content\\\/uploads\\\/que-hacer-en-sevilla-durante-la-bienal-de-flamenco-2026-01.webp\",\"datePublished\":\"2026-09-05T10:21:41+00:00\",\"dateModified\":\"2026-09-05T10:29:28+00:00\",\"description\":\"What to do in Seville during the Flamenco Biennial 2026: free activities, neighbourhoods, food, itineraries and shows beyond the official programme.\",\"breadcrumb\":{\"@id\":\"https:\\\/\\\/www.tablaosflamencos.com\\\/en\\\/what-to-do-seville-during-flamenco-biennial-2026.html#breadcrumb\"},\"inLanguage\":\"en-US\",\"potentialAction\":[{\"@type\":\"ReadAction\",\"target\":[\"https:\\\/\\\/www.tablaosflamencos.com\\\/en\\\/what-to-do-seville-during-flamenco-biennial-2026.html\"]}]},{\"@type\":\"ImageObject\",\"inLanguage\":\"en-US\",\"@id\":\"https:\\\/\\\/www.tablaosflamencos.com\\\/en\\\/what-to-do-seville-during-flamenco-biennial-2026.html#primaryimage\",\"url\":\"https:\\\/\\\/www.tablaosflamencos.com\\\/wp-content\\\/uploads\\\/que-hacer-en-sevilla-durante-la-bienal-de-flamenco-2026-01.webp\",\"contentUrl\":\"https:\\\/\\\/www.tablaosflamencos.com\\\/wp-content\\\/uploads\\\/que-hacer-en-sevilla-durante-la-bienal-de-flamenco-2026-01.webp\",\"width\":1491,\"height\":1055,\"caption\":\"Qu\u00e9 hacer en Sevilla durante la Bienal de Flamenco 2026\"},{\"@type\":\"BreadcrumbList\",\"@id\":\"https:\\\/\\\/www.tablaosflamencos.com\\\/en\\\/what-to-do-seville-during-flamenco-biennial-2026.html#breadcrumb\",\"itemListElement\":[{\"@type\":\"ListItem\",\"position\":1,\"name\":\"Home\",\"item\":\"https:\\\/\\\/www.tablaosflamencos.com\\\/en\"},{\"@type\":\"ListItem\",\"position\":2,\"name\":\"What to do in Seville during the Flamenco Biennial 2026\"}]},{\"@type\":\"WebSite\",\"@id\":\"https:\\\/\\\/www.tablaosflamencos.com\\\/en#website\",\"url\":\"https:\\\/\\\/www.tablaosflamencos.com\\\/en\",\"name\":\"Tablaos Flamencos\",\"description\":\"Entradas para tablaos flamencos de Espa\u00f1a\",\"publisher\":{\"@id\":\"https:\\\/\\\/www.tablaosflamencos.com\\\/en#organization\"},\"alternateName\":\"Tablaos Flamencos\",\"potentialAction\":[{\"@type\":\"SearchAction\",\"target\":{\"@type\":\"EntryPoint\",\"urlTemplate\":\"https:\\\/\\\/www.tablaosflamencos.com\\\/en?s={search_term_string}\"},\"query-input\":{\"@type\":\"PropertyValueSpecification\",\"valueRequired\":true,\"valueName\":\"search_term_string\"}}],\"inLanguage\":\"en-US\"},{\"@type\":[\"Organization\",\"Place\",\"EntertainmentBusiness\"],\"@id\":\"https:\\\/\\\/www.tablaosflamencos.com\\\/en#organization\",\"name\":\"Tablaos Flamencos\",\"alternateName\":\"Tablaos Flamencos\",\"url\":\"https:\\\/\\\/www.tablaosflamencos.com\\\/en\",\"logo\":{\"@id\":\"https:\\\/\\\/www.tablaosflamencos.com\\\/en\\\/what-to-do-seville-during-flamenco-biennial-2026.html#local-main-organization-logo\"},\"image\":{\"@id\":\"https:\\\/\\\/www.tablaosflamencos.com\\\/en\\\/what-to-do-seville-during-flamenco-biennial-2026.html#local-main-organization-logo\"},\"sameAs\":[\"https:\\\/\\\/www.facebook.com\\\/tablaosflamencos\",\"https:\\\/\\\/x.com\\\/tablaosflamenco\",\"https:\\\/\\\/mastodon.social\\\/@tablaosflamencos\",\"https:\\\/\\\/www.instagram.com\\\/tablaosflamencos\",\"https:\\\/\\\/tiktok.com\\\/@tablaosflamencos\",\"https:\\\/\\\/www.linkedin.com\\\/company\\\/109408238\\\/\"],\"description\":\"Venta de entradas para espect\u00e1culos flamencos\",\"legalName\":\"Tablaos Flamencos\",\"foundingDate\":\"2015-01-01\",\"numberOfEmployees\":{\"@type\":\"QuantitativeValue\",\"minValue\":\"1\",\"maxValue\":\"10\"},\"address\":{\"@id\":\"https:\\\/\\\/www.tablaosflamencos.com\\\/en\\\/what-to-do-seville-during-flamenco-biennial-2026.html#local-main-place-address\"},\"geo\":{\"@type\":\"GeoCoordinates\",\"latitude\":\"37.3868072\",\"longitude\":\"-5.993280299999999\"},\"telephone\":[\"+34623787787\"],\"contactPoint\":{\"@type\":\"ContactPoint\",\"telephone\":\"+34623787787\",\"email\":\"info@tablaosflamencos.com\"},\"openingHoursSpecification\":{\"@type\":\"OpeningHoursSpecification\",\"dayOfWeek\":[\"Monday\",\"Tuesday\",\"Wednesday\",\"Thursday\",\"Friday\",\"Saturday\",\"Sunday\"],\"opens\":\"00:00\",\"closes\":\"23:59\"},\"email\":\"info@tablaosflamencos.com\",\"priceRange\":\"$$$\",\"currenciesAccepted\":\"\u20ac\"},{\"@type\":\"Person\",\"@id\":\"https:\\\/\\\/www.tablaosflamencos.com\\\/en#\\\/schema\\\/person\\\/e7a9ebe14eb75a52ceabfbffb3c54f5d\",\"name\":\"Miguel Ortiz\",\"description\":\"Miguel Ortiz es un empresario flamenco, con una s\u00f3lida trayectoria dentro del sector. Ha presidido entidades culturales vinculadas al flamenco y, cuenta con un amplio recorrido profesional en la gesti\u00f3n y promoci\u00f3n de espect\u00e1culos y tablaos flamencos. Su pasi\u00f3n por la historia y el arte flamenco se refleja en cada art\u00edculo, donde combina experiencia, criterio y un profundo respeto por la tradici\u00f3n.\",\"sameAs\":[\"https:\\\/\\\/www.tablaosflamencos.com\",\"https:\\\/\\\/www.instagra.com\\\/miguelortizfe\",\"https:\\\/\\\/www.linkedin.com\\\/in\\\/miguelortizf\\\/\"],\"birthDate\":\"1984-11-22\",\"gender\":\"hombre\",\"knowsLanguage\":[\"espa\u00f1ol\",\"ingl\u00e9s\"],\"jobTitle\":\"Empresario flamenco\"},{\"@type\":\"PostalAddress\",\"@id\":\"https:\\\/\\\/www.tablaosflamencos.com\\\/en\\\/what-to-do-seville-during-flamenco-biennial-2026.html#local-main-place-address\",\"streetAddress\":\"C\\\/ Alemanes, 19\",\"addressLocality\":\"Sevilla\",\"postalCode\":\"41004\",\"addressRegion\":\"Sevilla\",\"addressCountry\":\"ES\"},{\"@type\":\"ImageObject\",\"inLanguage\":\"en-US\",\"@id\":\"https:\\\/\\\/www.tablaosflamencos.com\\\/en\\\/what-to-do-seville-during-flamenco-biennial-2026.html#local-main-organization-logo\",\"url\":\"https:\\\/\\\/www.tablaosflamencos.com\\\/wp-content\\\/uploads\\\/tablaos-flamencos-06-3.webp\",\"contentUrl\":\"https:\\\/\\\/www.tablaosflamencos.com\\\/wp-content\\\/uploads\\\/tablaos-flamencos-06-3.webp\",\"width\":600,\"height\":620,\"caption\":\"Tablaos Flamencos\"}]}<\/script>\n<meta name=\"geo.placename\" content=\"Sevilla\" \/>\n<meta name=\"geo.position\" content=\"37.3868072;-5.993280299999999\" \/>\n<meta name=\"geo.region\" content=\"Spain\" \/>\n<!-- \/ Yoast SEO Premium plugin. -->","yoast_head_json":{"title":"What to do in Seville during the Flamenco Biennial 2026","description":"What to do in Seville during the Flamenco Biennial 2026: free activities, neighbourhoods, food, itineraries and shows beyond the official programme.","robots":{"index":"index","follow":"follow","max-snippet":"max-snippet:-1","max-image-preview":"max-image-preview:large","max-video-preview":"max-video-preview:-1"},"canonical":"https:\/\/www.tablaosflamencos.com\/en\/what-to-do-seville-during-flamenco-biennial-2026.html","og_locale":"en_US","og_type":"article","og_title":"What to do in Seville during the Flamenco Biennial 2026","og_description":"What to do in Seville during the Flamenco Biennial 2026: free activities, neighbourhoods, food, itineraries and shows beyond the official programme.","og_url":"https:\/\/www.tablaosflamencos.com\/en\/what-to-do-seville-during-flamenco-biennial-2026.html","og_site_name":"Tablaos Flamencos","article_publisher":"https:\/\/www.facebook.com\/tablaosflamencos","article_published_time":"2026-09-05T10:21:41+00:00","article_modified_time":"2026-09-05T10:29:28+00:00","og_image":[{"width":1491,"height":1055,"url":"https:\/\/www.tablaosflamencos.com\/wp-content\/uploads\/que-hacer-en-sevilla-durante-la-bienal-de-flamenco-2026-01.webp","type":"image\/webp"}],"author":"Miguel Ortiz","twitter_card":"summary_large_image","twitter_creator":"@tablaosflamenco","twitter_site":"@tablaosflamenco","twitter_misc":{"Written by":"Miguel Ortiz","Est. reading time":"15 minutes"},"schema":{"@context":"https:\/\/schema.org","@graph":[{"@type":"Article","@id":"https:\/\/www.tablaosflamencos.com\/en\/what-to-do-seville-during-flamenco-biennial-2026.html#article","isPartOf":{"@id":"https:\/\/www.tablaosflamencos.com\/en\/what-to-do-seville-during-flamenco-biennial-2026.html"},"author":{"name":"Miguel Ortiz","@id":"https:\/\/www.tablaosflamencos.com\/en#\/schema\/person\/e7a9ebe14eb75a52ceabfbffb3c54f5d"},"headline":"What to do in Seville during the Flamenco Biennial 2026","datePublished":"2026-09-05T10:21:41+00:00","dateModified":"2026-09-05T10:29:28+00:00","mainEntityOfPage":{"@id":"https:\/\/www.tablaosflamencos.com\/en\/what-to-do-seville-during-flamenco-biennial-2026.html"},"wordCount":2913,"publisher":{"@id":"https:\/\/www.tablaosflamencos.com\/en#organization"},"image":{"@id":"https:\/\/www.tablaosflamencos.com\/en\/what-to-do-seville-during-flamenco-biennial-2026.html#primaryimage"},"thumbnailUrl":"https:\/\/www.tablaosflamencos.com\/wp-content\/uploads\/que-hacer-en-sevilla-durante-la-bienal-de-flamenco-2026-01.webp","keywords":["Bienal 2026","Bienal de Flamenco","sevilla","things to do in Seville","what to do in Seville"],"articleSection":["Flamenco Biennial"],"inLanguage":"en-US"},{"@type":"WebPage","@id":"https:\/\/www.tablaosflamencos.com\/en\/what-to-do-seville-during-flamenco-biennial-2026.html","url":"https:\/\/www.tablaosflamencos.com\/en\/what-to-do-seville-during-flamenco-biennial-2026.html","name":"What to do in Seville during the Flamenco Biennial 2026","isPartOf":{"@id":"https:\/\/www.tablaosflamencos.com\/en#website"},"primaryImageOfPage":{"@id":"https:\/\/www.tablaosflamencos.com\/en\/what-to-do-seville-during-flamenco-biennial-2026.html#primaryimage"},"image":{"@id":"https:\/\/www.tablaosflamencos.com\/en\/what-to-do-seville-during-flamenco-biennial-2026.html#primaryimage"},"thumbnailUrl":"https:\/\/www.tablaosflamencos.com\/wp-content\/uploads\/que-hacer-en-sevilla-durante-la-bienal-de-flamenco-2026-01.webp","datePublished":"2026-09-05T10:21:41+00:00","dateModified":"2026-09-05T10:29:28+00:00","description":"What to do in Seville during the Flamenco Biennial 2026: free activities, neighbourhoods, food, itineraries and shows beyond the official programme.","breadcrumb":{"@id":"https:\/\/www.tablaosflamencos.com\/en\/what-to-do-seville-during-flamenco-biennial-2026.html#breadcrumb"},"inLanguage":"en-US","potentialAction":[{"@type":"ReadAction","target":["https:\/\/www.tablaosflamencos.com\/en\/what-to-do-seville-during-flamenco-biennial-2026.html"]}]},{"@type":"ImageObject","inLanguage":"en-US","@id":"https:\/\/www.tablaosflamencos.com\/en\/what-to-do-seville-during-flamenco-biennial-2026.html#primaryimage","url":"https:\/\/www.tablaosflamencos.com\/wp-content\/uploads\/que-hacer-en-sevilla-durante-la-bienal-de-flamenco-2026-01.webp","contentUrl":"https:\/\/www.tablaosflamencos.com\/wp-content\/uploads\/que-hacer-en-sevilla-durante-la-bienal-de-flamenco-2026-01.webp","width":1491,"height":1055,"caption":"Qu\u00e9 hacer en Sevilla durante la Bienal de Flamenco 2026"},{"@type":"BreadcrumbList","@id":"https:\/\/www.tablaosflamencos.com\/en\/what-to-do-seville-during-flamenco-biennial-2026.html#breadcrumb","itemListElement":[{"@type":"ListItem","position":1,"name":"Home","item":"https:\/\/www.tablaosflamencos.com\/en"},{"@type":"ListItem","position":2,"name":"What to do in Seville during the Flamenco Biennial 2026"}]},{"@type":"WebSite","@id":"https:\/\/www.tablaosflamencos.com\/en#website","url":"https:\/\/www.tablaosflamencos.com\/en","name":"Tablaos Flamencos","description":"Entradas para tablaos flamencos de Espa\u00f1a","publisher":{"@id":"https:\/\/www.tablaosflamencos.com\/en#organization"},"alternateName":"Tablaos Flamencos","potentialAction":[{"@type":"SearchAction","target":{"@type":"EntryPoint","urlTemplate":"https:\/\/www.tablaosflamencos.com\/en?s={search_term_string}"},"query-input":{"@type":"PropertyValueSpecification","valueRequired":true,"valueName":"search_term_string"}}],"inLanguage":"en-US"},{"@type":["Organization","Place","EntertainmentBusiness"],"@id":"https:\/\/www.tablaosflamencos.com\/en#organization","name":"Tablaos Flamencos","alternateName":"Tablaos Flamencos","url":"https:\/\/www.tablaosflamencos.com\/en","logo":{"@id":"https:\/\/www.tablaosflamencos.com\/en\/what-to-do-seville-during-flamenco-biennial-2026.html#local-main-organization-logo"},"image":{"@id":"https:\/\/www.tablaosflamencos.com\/en\/what-to-do-seville-during-flamenco-biennial-2026.html#local-main-organization-logo"},"sameAs":["https:\/\/www.facebook.com\/tablaosflamencos","https:\/\/x.com\/tablaosflamenco","https:\/\/mastodon.social\/@tablaosflamencos","https:\/\/www.instagram.com\/tablaosflamencos","https:\/\/tiktok.com\/@tablaosflamencos","https:\/\/www.linkedin.com\/company\/109408238\/"],"description":"Venta de entradas para espect\u00e1culos flamencos","legalName":"Tablaos Flamencos","foundingDate":"2015-01-01","numberOfEmployees":{"@type":"QuantitativeValue","minValue":"1","maxValue":"10"},"address":{"@id":"https:\/\/www.tablaosflamencos.com\/en\/what-to-do-seville-during-flamenco-biennial-2026.html#local-main-place-address"},"geo":{"@type":"GeoCoordinates","latitude":"37.3868072","longitude":"-5.993280299999999"},"telephone":["+34623787787"],"contactPoint":{"@type":"ContactPoint","telephone":"+34623787787","email":"info@tablaosflamencos.com"},"openingHoursSpecification":{"@type":"OpeningHoursSpecification","dayOfWeek":["Monday","Tuesday","Wednesday","Thursday","Friday","Saturday","Sunday"],"opens":"00:00","closes":"23:59"},"email":"info@tablaosflamencos.com","priceRange":"$$$","currenciesAccepted":"\u20ac"},{"@type":"Person","@id":"https:\/\/www.tablaosflamencos.com\/en#\/schema\/person\/e7a9ebe14eb75a52ceabfbffb3c54f5d","name":"Miguel Ortiz","description":"Miguel Ortiz es un empresario flamenco, con una s\u00f3lida trayectoria dentro del sector. Ha presidido entidades culturales vinculadas al flamenco y, cuenta con un amplio recorrido profesional en la gesti\u00f3n y promoci\u00f3n de espect\u00e1culos y tablaos flamencos. Su pasi\u00f3n por la historia y el arte flamenco se refleja en cada art\u00edculo, donde combina experiencia, criterio y un profundo respeto por la tradici\u00f3n.","sameAs":["https:\/\/www.tablaosflamencos.com","https:\/\/www.instagra.com\/miguelortizfe","https:\/\/www.linkedin.com\/in\/miguelortizf\/"],"birthDate":"1984-11-22","gender":"hombre","knowsLanguage":["espa\u00f1ol","ingl\u00e9s"],"jobTitle":"Empresario flamenco"},{"@type":"PostalAddress","@id":"https:\/\/www.tablaosflamencos.com\/en\/what-to-do-seville-during-flamenco-biennial-2026.html#local-main-place-address","streetAddress":"C\/ Alemanes, 19","addressLocality":"Sevilla","postalCode":"41004","addressRegion":"Sevilla","addressCountry":"ES"},{"@type":"ImageObject","inLanguage":"en-US","@id":"https:\/\/www.tablaosflamencos.com\/en\/what-to-do-seville-during-flamenco-biennial-2026.html#local-main-organization-logo","url":"https:\/\/www.tablaosflamencos.com\/wp-content\/uploads\/tablaos-flamencos-06-3.webp","contentUrl":"https:\/\/www.tablaosflamencos.com\/wp-content\/uploads\/tablaos-flamencos-06-3.webp","width":600,"height":620,"caption":"Tablaos Flamencos"}]},"geo.placename":"Sevilla","geo.position":{"lat":"37.3868072","long":"-5.993280299999999"},"geo.region":"Spain"},"_links":{"self":[{"href":"https:\/\/www.tablaosflamencos.com\/en\/wp-json\/wp\/v2\/posts\/14708","targetHints":{"allow":["GET"]}}],"collection":[{"href":"https:\/\/www.tablaosflamencos.com\/en\/wp-json\/wp\/v2\/posts"}],"about":[{"href":"https:\/\/www.tablaosflamencos.com\/en\/wp-json\/wp\/v2\/types\/post"}],"author":[{"embeddable":true,"href":"https:\/\/www.tablaosflamencos.com\/en\/wp-json\/wp\/v2\/users\/1"}],"replies":[{"embeddable":true,"href":"https:\/\/www.tablaosflamencos.com\/en\/wp-json\/wp\/v2\/comments?post=14708"}],"version-history":[{"count":0,"href":"https:\/\/www.tablaosflamencos.com\/en\/wp-json\/wp\/v2\/posts\/14708\/revisions"}],"wp:featuredmedia":[{"embeddable":true,"href":"https:\/\/www.tablaosflamencos.com\/en\/wp-json\/wp\/v2\/media\/14704"}],"wp:attachment":[{"href":"https:\/\/www.tablaosflamencos.com\/en\/wp-json\/wp\/v2\/media?parent=14708"}],"wp:term":[{"taxonomy":"category","embeddable":true,"href":"https:\/\/www.tablaosflamencos.com\/en\/wp-json\/wp\/v2\/categories?post=14708"},{"taxonomy":"post_tag","embeddable":true,"href":"https:\/\/www.tablaosflamencos.com\/en\/wp-json\/wp\/v2\/tags?post=14708"}],"curies":[{"name":"wp","href":"https:\/\/api.w.org\/{rel}","templated":true}]}}