{"id":14656,"date":"2026-09-05T11:17:33","date_gmt":"2026-09-05T09:17:33","guid":{"rendered":"https:\/\/www.tablaosflamencos.com\/?p=14656"},"modified":"2026-09-05T12:19:08","modified_gmt":"2026-09-05T10:19:08","slug":"seville-flamenco-biennial-2026-side-events","status":"publish","type":"post","link":"https:\/\/www.tablaosflamencos.com\/en\/seville-flamenco-biennial-2026-side-events.html","title":{"rendered":"Seville Flamenco Biennial 2026 side events: exhibitions, cinema, street flamenco and more"},"content":{"rendered":"<section class=\"l-section wpb_row height_huge\"><div class=\"l-section-h i-cf\"><div class=\"g-cols vc_row via_flex valign_top type_default stacking_default\"><div class=\"vc_col-sm-6 wpb_column vc_column_container\"><div class=\"vc_column-inner\"><div class=\"wpb_wrapper\"><div class=\"wpb_text_column\"><div class=\"wpb_wrapper\"><h2>Biennial 2026 side events: much more than the shows<\/h2>\n<p>The 24th Seville Flamenco Biennial takes place from <strong>9 September to 3 October 2026<\/strong>, but its cultural activities extend beyond those dates and the main stages. Under the name <strong>\u201cOtras perlas\u201d (Other Pearls)<\/strong>, the Biennial brings together exhibitions, cinema, street flamenco, family activities, urban art projects and events organised with Seville\u2019s cultural institutions.<\/p>\n<p>This means you can experience the Biennial without going into a theatre every day. Some activities are free, others complement the main programme, and several begin before the official opening or continue after the festival has ended.<\/p>\n<p>This guide brings together the most relevant side events of 2026 and explains <strong>what is worth seeing, when it takes place and how to fit it into a visit to Seville<\/strong>.<\/p>\n<\/div><\/div><\/div><\/div><\/div><div class=\"vc_col-sm-6 wpb_column vc_column_container\"><div class=\"vc_column-inner\"><div class=\"wpb_wrapper\"><div class=\"wpb_text_column\"><div class=\"wpb_wrapper\"><h2>What \u201cOtras perlas\u201d includes in 2026<\/h2>\n<p>The side programme is far more than a minor addition. The Biennial uses it to connect flamenco with other forms of expression and other audiences: heritage, photography, documentary cinema, family activities, urban spaces and partner programmes run by universities, foundations and cultural organisations.<\/p>\n<p>The main strands for 2026 include <strong>La noche azul<\/strong>, the series <strong>Flamenco a pie de calle<\/strong>, the sung opening proclamation <strong>Ecos Primitivos<\/strong>, the family workshop <strong>Tirititr\u00e1n<\/strong>, the urban art project <strong>Sala de revelado<\/strong> and the partner programme <strong>Sevilla se deja ver<\/strong>.<\/p>\n<p>The practical benefit is important: staying in Seville for several days allows you to combine an official evening performance with exhibitions, cinema or free activities during the day.<\/p>\n<\/div><\/div><\/div><\/div><\/div><\/div><\/div><\/section><section class=\"l-section wpb_row height_huge color_alternate with_shape\"><div class=\"l-section-shape type_zigzag pos_top hor_flip\" style=\"height:3vmin;\"><svg xmlns=\"http:\/\/www.w3.org\/2000\/svg\" viewBox=\"0 0 64 8\" preserveAspectRatio=\"none\" width=\"100%\" height=\"100%\">\r\n\t<path fill=\"currentColor\" d=\"M64 8 L0 8 L0 0 L20 7.9 L40 3 L48 5 L64 0 Z\"\/>\r\n<\/svg><\/div><div class=\"l-section-shape type_zigzag pos_bottom\" style=\"height:3vmin;\"><svg xmlns=\"http:\/\/www.w3.org\/2000\/svg\" viewBox=\"0 0 64 8\" preserveAspectRatio=\"none\" width=\"100%\" height=\"100%\">\r\n\t<path fill=\"currentColor\" d=\"M64 8 L0 8 L0 0 L20 7.9 L40 3 L48 5 L64 0 Z\"\/>\r\n<\/svg><\/div><div class=\"l-section-h i-cf\"><div class=\"g-cols vc_row via_flex valign_top type_default stacking_default\"><div class=\"vc_col-sm-12 wpb_column vc_column_container\"><div class=\"vc_column-inner\"><div class=\"wpb_wrapper\"><div class=\"wpb_text_column\"><div class=\"wpb_wrapper\"><blockquote>\n<p><strong>Quick answer:<\/strong> the Biennial 2026 side events come together under the programme <strong>\u201cOtras perlas\u201d<\/strong> and include the free exhibition <em>La noche azul<\/em>, performances in <em>Flamenco a pie de calle<\/em>, the sung opening proclamation <em>Ecos Primitivos<\/em>, family workshops with <em>Tirititr\u00e1n<\/em>, urban art projects such as <em>Sala de revelado<\/em> and the associated cultural programme <em>Sevilla se deja ver<\/em>, with cinema, exhibitions, talks and other activities.<\/p>\n<\/blockquote>\n<p><strong>Last updated: 5 September 2026.<\/strong><\/p>\n<p>For specifically free things to do, also see our guide to <a href=\"https:\/\/www.tablaosflamencos.com\/en\/seville-flamenco-biennial-2026-free.html\"><strong>the Seville Flamenco Biennial 2026 for free<\/strong><\/a>. To plan your whole festival visit, see our <a href=\"https:\/\/www.tablaosflamencos.com\/en\/seville-flamenco-biennial-2026.html\"><strong>complete guide to the Biennial 2026<\/strong><\/a>.<\/p>\n<\/div><\/div><div class=\"w-separator size_medium\"><\/div><div class=\"w-hwrapper valign_top wrap align_center\" style=\"--hwrapper-gap:1.2rem\"><div class=\"w-btn-wrapper align_none\"><a class=\"w-btn us-btn-style_1\" href=\"https:\/\/www.tablaosflamencos.com\/en\/seville-flamenco-biennial-2026.html\"><span class=\"w-btn-label\">See the complete Biennial guide<\/span><\/a><\/div><div class=\"w-btn-wrapper align_none\"><a class=\"w-btn us-btn-style_11\" href=\"https:\/\/www.tablaosflamencos.com\/en\/seville-flamenco-biennial-2026-free.html\"><span class=\"w-btn-label\">See free activities<\/span><\/a><\/div><\/div><\/div><\/div><\/div><\/div><\/div><\/section><section class=\"l-section wpb_row height_huge\"><div class=\"l-section-h i-cf\"><div class=\"g-cols vc_row via_flex valign_top type_default stacking_default\"><div class=\"vc_col-sm-3 wpb_column vc_column_container\"><div class=\"vc_column-inner\"><div class=\"wpb_wrapper\"><\/div><\/div><\/div><div class=\"vc_col-sm-6 wpb_column vc_column_container\"><div class=\"vc_column-inner\"><div class=\"wpb_wrapper\"><div class=\"wpb_text_column\"><div class=\"wpb_wrapper\"><h2>Contents of this guide<\/h2>\n<ul>\n<li><a href=\"#resumen\">Side events at a glance<\/a><\/li>\n<li><a href=\"#noche-azul\">La noche azul<\/a><\/li>\n<li><a href=\"#calle\">Flamenco a pie de calle<\/a><\/li>\n<li><a href=\"#revelado\">Sala de revelado<\/a><\/li>\n<li><a href=\"#pregon\">Ecos Primitivos sung opening proclamation<\/a><\/li>\n<li><a href=\"#familias\">Tirititr\u00e1n: flamenco for families<\/a><\/li>\n<li><a href=\"#sevilla-se-deja-ver\">Sevilla se deja ver: cinema and culture<\/a><\/li>\n<li><a href=\"#organizar\">How to plan the activities<\/a><\/li>\n<li><a href=\"#faq\">Frequently asked questions<\/a><\/li>\n<\/ul>\n<\/div><\/div><\/div><\/div><\/div><div class=\"vc_col-sm-3 wpb_column vc_column_container\"><div class=\"vc_column-inner\"><div class=\"wpb_wrapper\"><\/div><\/div><\/div><\/div><\/div><\/section><section class=\"l-section wpb_row height_huge\"><div class=\"l-section-h i-cf\"><div class=\"g-cols vc_row via_flex valign_top type_default stacking_default\"><div class=\"vc_col-sm-12 wpb_column vc_column_container\"><div class=\"vc_column-inner\"><div class=\"wpb_wrapper\"><div class=\"wpb_text_column\"><div class=\"wpb_wrapper\"><h2 id=\"resumen\">At a glance: side events at the Biennial 2026<\/h2>\n<div style=\"overflow-x: auto;\">\n<table>\n<thead>\n<tr>\n<th>Activity<\/th>\n<th>Date<\/th>\n<th>Venue \/ area<\/th>\n<th>What it offers<\/th>\n<\/tr>\n<\/thead>\n<tbody>\n<tr>\n<td><strong>La noche azul<\/strong><\/td>\n<td>2 September\u201322 November<\/td>\n<td>Real F\u00e1brica de Artiller\u00eda<\/td>\n<td>Major exhibition on \u00d3pera Flamenca; free admission<\/td>\n<\/tr>\n<tr>\n<td><strong>Flamenco a pie de calle<\/strong><\/td>\n<td>From 3 September<\/td>\n<td>Various neighbourhoods and venues<\/td>\n<td>Public performances and flamenco outside theatres<\/td>\n<\/tr>\n<tr>\n<td><strong>Sala de revelado<\/strong><\/td>\n<td>From 3 September<\/td>\n<td>Urban route through Seville<\/td>\n<td>Photography and sound exploring Biennial artists\u2019 creative processes<\/td>\n<\/tr>\n<tr>\n<td><strong>Ecos Primitivos<\/strong><\/td>\n<td>9 September, 20:30<\/td>\n<td>Plaza de San Francisco<\/td>\n<td>Immersive sung opening proclamation with singing and dance<\/td>\n<\/tr>\n<tr>\n<td><strong>Tirititr\u00e1n<\/strong><\/td>\n<td>11\u201313 September<\/td>\n<td>CaixaForum Sevilla<\/td>\n<td>Family activity introducing flamenco rhythm<\/td>\n<\/tr>\n<tr>\n<td><strong>Flamencas<\/strong><\/td>\n<td>8, 15, 22 and 29 September<\/td>\n<td>Fundaci\u00f3n Tres Culturas<\/td>\n<td>Film series dedicated to women in flamenco<\/td>\n<\/tr>\n<tr>\n<td><strong>Sevilla se deja ver<\/strong><\/td>\n<td>During the Biennial<\/td>\n<td>Various institutions<\/td>\n<td>Cinema, exhibitions, talks and associated cultural activities<\/td>\n<\/tr>\n<\/tbody>\n<\/table>\n<\/div>\n<p>Dates and times may be added or updated during the festival. For last-minute free activities, it is also worth checking the official channels of the Biennial and each participating institution.<\/p>\n<\/div><\/div><\/div><\/div><\/div><\/div><\/div><\/section><section class=\"l-section wpb_row height_huge color_alternate with_shape\"><div class=\"l-section-shape type_zigzag pos_top\" style=\"height:3vmin;\"><svg xmlns=\"http:\/\/www.w3.org\/2000\/svg\" viewBox=\"0 0 64 8\" preserveAspectRatio=\"none\" width=\"100%\" height=\"100%\">\r\n\t<path fill=\"currentColor\" d=\"M64 8 L0 8 L0 0 L20 7.9 L40 3 L48 5 L64 0 Z\"\/>\r\n<\/svg><\/div><div class=\"l-section-shape type_zigzag pos_bottom\" style=\"height:3vmin;\"><svg xmlns=\"http:\/\/www.w3.org\/2000\/svg\" viewBox=\"0 0 64 8\" preserveAspectRatio=\"none\" width=\"100%\" height=\"100%\">\r\n\t<path fill=\"currentColor\" d=\"M64 8 L0 8 L0 0 L20 7.9 L40 3 L48 5 L64 0 Z\"\/>\r\n<\/svg><\/div><div class=\"l-section-h i-cf\"><div class=\"g-cols vc_row via_flex valign_top type_default stacking_default\"><div class=\"vc_col-sm-6 wpb_column vc_column_container\"><div class=\"vc_column-inner\"><div class=\"wpb_wrapper\"><div class=\"wpb_text_column\"><div class=\"wpb_wrapper\"><h2 id=\"noche-azul\">La noche azul: the major exhibition of the Biennial 2026<\/h2>\n<p>The most ambitious side event of this edition is <strong>\u201cLa noche azul. \u00d3pera Flamenca en la colecci\u00f3n de Carlos Mart\u00edn Ballester\u201d<\/strong>. You can visit it from <strong>2 September to 22 November<\/strong> in the Nave de Grabados at the Real F\u00e1brica de Artiller\u00eda, so it remains open well beyond the end of the Biennial.<\/p>\n<p>Curated by Carlos Mart\u00edn Ballester and Zaida Hern\u00e1ndez-\u00darculo, the exhibition brings together <strong>328 objects<\/strong> relating to the \u00d3pera Flamenca phenomenon: posters, shellac records, gramophones, photographs and documents. The exhibition helps explain how, between the 1920s and 1950s, flamenco became mass entertainment connected to theatres, bullrings, radio and the recording industry.<\/p>\n<p>Admission is <strong>free, subject to capacity<\/strong>. To explore the exhibition in more depth, see our dedicated guide to <a href=\"https:\/\/www.tablaosflamencos.com\/en\/the-blue-night-flamenco-opera-seville-biennial-2026.html\"><strong>La noche azul and the era of \u00d3pera Flamenca<\/strong><\/a>.<\/p>\n<\/div><\/div><\/div><\/div><\/div><div class=\"vc_col-sm-6 wpb_column vc_column_container\"><div class=\"vc_column-inner\"><div class=\"wpb_wrapper\"><div class=\"wpb_text_column\"><div class=\"wpb_wrapper\"><h2>Why it is worth visiting even when you are seeing several shows<\/h2>\n<p>The exhibition offers something a Biennial performance cannot provide on its own: <strong>historical context<\/strong>. Seeing a contemporary production after exploring posters, recordings and photographs from a century ago helps you understand how much flamenco has changed and which elements remain alive.<\/p>\n<p>It is also a particularly useful option for the middle of the day. You can visit the Real F\u00e1brica de Artiller\u00eda and keep the evening for an official performance, a tablao or a street event.<\/p>\n<p>Its run until November also makes it one of the few \u201cOtras perlas\u201d activities available to visitors arriving in Seville <strong>after 3 October<\/strong>. In that case, see our guide to <a href=\"https:\/\/www.tablaosflamencos.com\/en\/flamenco-after-biennial-where-to-see-seville.html\"><strong>where to keep seeing flamenco in Seville after the Biennial<\/strong><\/a>.<\/p>\n<\/div><\/div><\/div><\/div><\/div><\/div><\/div><\/section><section class=\"l-section wpb_row height_huge\"><div class=\"l-section-h i-cf\"><div class=\"g-cols vc_row via_flex valign_top type_default stacking_default\"><div class=\"vc_col-sm-6 wpb_column vc_column_container\"><div class=\"vc_column-inner\"><div class=\"wpb_wrapper\"><div class=\"wpb_text_column\"><div class=\"wpb_wrapper\"><h2 id=\"calle\">Flamenco a pie de calle: the Biennial moves beyond theatres<\/h2>\n<p>One of the clearest aims for 2026 is to bring flamenco to neighbourhoods and everyday spaces. The series <strong>Flamenco a pie de calle<\/strong> began even before the official opening.<\/p>\n<p>On <strong>3 September<\/strong>, Pol\u00edgono Sur hosted <em>La noche de las gitanas<\/em>, an ensemble production connected to the memory and flamenco culture of Roma women. On <strong>4 September<\/strong>, brothers Diego and Hugo Aguilar presented <em>Cuesti\u00f3n de tiempo<\/em> at the Monasterio de San Jer\u00f3nimo, a dance piece about memory, identity and family heritage.<\/p>\n<p>On <strong>5 September<\/strong>, Plaza Virgen del Pilar in La Barzola hosts the second Festival Macarena Flamenca, dedicated to Jos\u00e9 el de la Tomasa. These events show that the cultural life of the Biennial 2026 does not begin on the 9th: activities spread across the city from early September.<\/p>\n<\/div><\/div><\/div><\/div><\/div><div class=\"vc_col-sm-6 wpb_column vc_column_container\"><div class=\"vc_column-inner\"><div class=\"wpb_wrapper\"><div class=\"wpb_text_column\"><div class=\"wpb_wrapper\"><h2>A Biennial spread more widely across Seville<\/h2>\n<p>The appeal of <em>Flamenco a pie de calle<\/em> is not simply that many of its events are open to everyone. It also changes visitors\u2019 mental map: flamenco is not confined to the monumental centre or the major venues.<\/p>\n<p>Pol\u00edgono Sur, San Jer\u00f3nimo, Macarena and other locations introduce you to neighbourhoods with distinct identities. For visitors spending several days in Seville, these activities are a good opportunity to <strong>step off the usual tourist trail<\/strong> and understand that the city\u2019s flamenco culture does not belong to just one neighbourhood.<\/p>\n<p>For a roundup of free options, see our article on <a href=\"https:\/\/www.tablaosflamencos.com\/en\/seville-flamenco-biennial-2026-free.html\"><strong>free performances and activities at the Biennial 2026<\/strong><\/a>, which we update with confirmed events.<\/p>\n<\/div><\/div><\/div><\/div><\/div><\/div><\/div><\/section><section class=\"l-section wpb_row height_huge color_alternate with_shape\"><div class=\"l-section-shape type_zigzag pos_top hor_flip\" style=\"height:3vmin;\"><svg xmlns=\"http:\/\/www.w3.org\/2000\/svg\" viewBox=\"0 0 64 8\" preserveAspectRatio=\"none\" width=\"100%\" height=\"100%\">\r\n\t<path fill=\"currentColor\" d=\"M64 8 L0 8 L0 0 L20 7.9 L40 3 L48 5 L64 0 Z\"\/>\r\n<\/svg><\/div><div class=\"l-section-shape type_zigzag pos_bottom\" style=\"height:3vmin;\"><svg xmlns=\"http:\/\/www.w3.org\/2000\/svg\" viewBox=\"0 0 64 8\" preserveAspectRatio=\"none\" width=\"100%\" height=\"100%\">\r\n\t<path fill=\"currentColor\" d=\"M64 8 L0 8 L0 0 L20 7.9 L40 3 L48 5 L64 0 Z\"\/>\r\n<\/svg><\/div><div class=\"l-section-h i-cf\"><div class=\"g-cols vc_row via_flex valign_top type_default stacking_default\"><div class=\"vc_col-sm-6 wpb_column vc_column_container\"><div class=\"vc_column-inner\"><div class=\"wpb_wrapper\"><div class=\"wpb_text_column\"><div class=\"wpb_wrapper\"><h2 id=\"revelado\">Sala de revelado: \u201cThe invisible is flamenco too\u201d<\/h2>\n<p>In September, the Biennial added a particularly interesting urban art project: <strong>\u201cSala de revelado\u201d<\/strong>. The project began on 3 September on Calle San Jacinto in Triana and is designed as a route through different parts of the city, from Triana to Nervi\u00f3n via Calle Feria.<\/p>\n<p>Through photography and sound, it reveals <strong>what happens before the curtain rises<\/strong>: rehearsals, research, repetition, experimentation and the development of productions.<\/p>\n<p>The Biennial\u2019s official photographer, Laura Le\u00f3n, has documented creative processes involving artists such as Manuel Li\u00f1\u00e1n, Ana Morales, Andr\u00e9s Mar\u00edn, David Coria, Patricia Guerrero, the Ballet Flamenco de Andaluc\u00eda and Rosario La Tremendita. It is a different way to engage with the Biennial without entering a performance venue.<\/p>\n<\/div><\/div><\/div><\/div><\/div><div class=\"vc_col-sm-6 wpb_column vc_column_container\"><div class=\"vc_column-inner\"><div class=\"wpb_wrapper\"><div class=\"wpb_text_column\"><div class=\"wpb_wrapper\"><h2>Flamenco in the streets without having to find a stage<\/h2>\n<p>This initiative is different from <em>Flamenco a pie de calle<\/em>. Here, the aim is not necessarily to attend a complete performance, but to <strong>encounter the creative process in urban spaces<\/strong>.<\/p>\n<p>That makes it a particularly flexible activity for visitors: you may come across it while walking through neighbourhoods already on your itinerary. The Biennial specifically wants flamenco to reach people who were not looking for a scheduled event.<\/p>\n<p>The idea fits an edition that aims to reveal the less visible side of creation. When you later see those same artists on stage, it becomes easier to appreciate all the work behind a production.<\/p>\n<\/div><\/div><\/div><\/div><\/div><\/div><\/div><\/section><section class=\"l-section wpb_row height_huge\"><div class=\"l-section-h i-cf\"><div class=\"g-cols vc_row via_flex valign_top type_default stacking_default\"><div class=\"vc_col-sm-6 wpb_column vc_column_container\"><div class=\"vc_column-inner\"><div class=\"wpb_wrapper\"><div class=\"wpb_text_column\"><div class=\"wpb_wrapper\"><h2 id=\"pregon\">Ecos Primitivos: a sung opening proclamation in Plaza de San Francisco<\/h2>\n<p>The opening on <strong>9 September<\/strong> will feature one of the most distinctive events in the entire side programme. At <strong>20:30<\/strong>, Plaza de San Francisco hosts <strong>\u201cEcos Primitivos. Cante en Altura \u00b7 Danza en Tierra\u201d<\/strong>, conceived as the Biennial\u2019s sung opening proclamation and co-organised with Fundaci\u00f3n Cajasol.<\/p>\n<p>Artistic direction is by <strong>Segundo Falc\u00f3n<\/strong>. The voices of Segundo Falc\u00f3n, Esperanza Fern\u00e1ndez, Pedro El Grana\u00edno, Rafael de Utrera and Mar\u00eda Terremoto are positioned on balconies around the square, while <strong>Ana Morales<\/strong> occupies the central space with her dancing.<\/p>\n<p>The urban architecture thus becomes part of the dramaturgy: an audience surrounding the action, voices from above and dance at street level. This opening is designed to be experienced as a collective event rather than a conventional front-facing performance.<\/p>\n<\/div><\/div><\/div><\/div><\/div><div class=\"vc_col-sm-6 wpb_column vc_column_container\"><div class=\"vc_column-inner\"><div class=\"wpb_wrapper\"><div class=\"wpb_text_column\"><div class=\"wpb_wrapper\"><h2>How to fit the proclamation into the first night of the Biennial<\/h2>\n<p>Its location in Plaza de San Francisco makes the proclamation easy to combine with other plans in the centre. The cathedral, Plaza Nueva, Avenida de la Constituci\u00f3n and the area around the Town Hall are just a few minutes away on foot.<\/p>\n<p>For planning the first few days specifically, also see our article on <a href=\"https:\/\/www.tablaosflamencos.com\/en\/opening-seville-flamenco-biennial-2026.html\"><strong>what the opening of the Flamenco Biennial 2026 will be like<\/strong><\/a> and the article <a href=\"https:\/\/www.tablaosflamencos.com\/en\/seville-flamenco-biennial-2026-before-september-9.html\"><strong>The Biennial starts before 9 September<\/strong><\/a>, which brings together the earlier events.<\/p>\n<p>The practical advice is to arrive with time to spare. Since this is an event in a public space, your experience depends greatly on finding a position from which you can hear and see the relationship between the balconies, the square and the dancing.<\/p>\n<\/div><\/div><\/div><\/div><\/div><\/div><\/div><\/section><section class=\"l-section wpb_row height_huge color_alternate with_shape\"><div class=\"l-section-shape type_zigzag pos_top hor_flip\" style=\"height:3vmin;\"><svg xmlns=\"http:\/\/www.w3.org\/2000\/svg\" viewBox=\"0 0 64 8\" preserveAspectRatio=\"none\" width=\"100%\" height=\"100%\">\r\n\t<path fill=\"currentColor\" d=\"M64 8 L0 8 L0 0 L20 7.9 L40 3 L48 5 L64 0 Z\"\/>\r\n<\/svg><\/div><div class=\"l-section-shape type_zigzag pos_bottom\" style=\"height:3vmin;\"><svg xmlns=\"http:\/\/www.w3.org\/2000\/svg\" viewBox=\"0 0 64 8\" preserveAspectRatio=\"none\" width=\"100%\" height=\"100%\">\r\n\t<path fill=\"currentColor\" d=\"M64 8 L0 8 L0 0 L20 7.9 L40 3 L48 5 L64 0 Z\"\/>\r\n<\/svg><\/div><div class=\"l-section-h i-cf\"><div class=\"g-cols vc_row via_flex valign_top type_default stacking_default\"><div class=\"vc_col-sm-6 wpb_column vc_column_container\"><div class=\"vc_column-inner\"><div class=\"wpb_wrapper\"><div class=\"wpb_text_column\"><div class=\"wpb_wrapper\"><h2 id=\"familias\">Tirititr\u00e1n: experience flamenco rhythm as a family<\/h2>\n<p>The Biennial 2026 also includes an activity designed specifically for families. <strong>\u201cCome and experience flamenco rhythm as a family with Tirititr\u00e1n\u201d<\/strong> takes place at CaixaForum Sevilla on <strong>11, 12 and 13 September<\/strong>, with different sessions and time slots.<\/p>\n<p>The workshop, led by <strong>Ra\u00fal Mart\u00ednez<\/strong>, uses alegr\u00edas to introduce children and adults to the twelve-beat rhythmic cycle through body percussion, rhythm games and direct participation.<\/p>\n<p>The activity is free and lets you experience flamenco from within: not just watching or listening, but <strong>feeling the rhythm and taking part<\/strong>. For families travelling to Seville during the Biennial, this could be one of the most accessible and distinctive side events.<\/p>\n<\/div><\/div><\/div><\/div><\/div><div class=\"vc_col-sm-6 wpb_column vc_column_container\"><div class=\"vc_column-inner\"><div class=\"wpb_wrapper\"><div class=\"wpb_text_column\"><div class=\"wpb_wrapper\"><h2>The Biennial can also be a day out with children<\/h2>\n<p>A festival of this size need not be exclusively a night-time or adult experience. The CaixaForum workshop introduces flamenco through play and rhythm, with no prior knowledge required.<\/p>\n<p>Travelling families should check the official agenda each day, as access conditions, sessions and capacity can vary by activity. For performances in theatres and tablaos, also check the specific conditions before booking.<\/p>\n<p>The combination can work very well: a family workshop during the day, a walk around Seville and a performance suited to your group in the afternoon or evening.<\/p>\n<\/div><\/div><\/div><\/div><\/div><\/div><\/div><\/section><section class=\"l-section wpb_row height_huge\"><div class=\"l-section-h i-cf\"><div class=\"g-cols vc_row via_flex valign_top type_default stacking_default\"><div class=\"vc_col-sm-6 wpb_column vc_column_container\"><div class=\"vc_column-inner\"><div class=\"wpb_wrapper\"><div class=\"wpb_text_column\"><div class=\"wpb_wrapper\"><h2 id=\"sevilla-se-deja-ver\">\u201cSevilla se deja ver\u201d: cinema, exhibitions and activities at cultural institutions<\/h2>\n<p>Alongside activities produced directly by the Biennial, there is a partner programme called <strong>\u201cSevilla se deja ver\u201d<\/strong>. The city\u2019s universities, foundations and cultural organisations extend the festival with exhibitions, screenings, talks and gatherings.<\/p>\n<p>Cinema is one of its clearest strands. The <strong>Fundaci\u00f3n Tres Culturas del Mediterr\u00e1neo<\/strong> organises the series <strong>\u201cFlamencas\u201d<\/strong> on <strong>8, 15, 22 and 29 September<\/strong>, with documentaries dedicated to women who have contributed to flamenco\u2019s creation, preservation and international profile.<\/p>\n<p>This kind of programming approaches flamenco through memory, reflection and audiovisual work, making it particularly interesting for anyone wishing to go beyond the stage performance.<\/p>\n<\/div><\/div><\/div><\/div><\/div><div class=\"vc_col-sm-6 wpb_column vc_column_container\"><div class=\"vc_column-inner\"><div class=\"wpb_wrapper\"><div class=\"wpb_text_column\"><div class=\"wpb_wrapper\"><h2>Why you should also check the institutions\u2019 agendas<\/h2>\n<p>The partner programme is the most scattered part of the Biennial. Not everything happens in the usual theatres or follows the same format as ticket sales for the main shows.<\/p>\n<p>For a stay of several days, it is therefore worth consulting the participating institutions\u2019 agendas as well as the Biennial website. You may find a talk, screening or exhibition that fits neatly between two performances.<\/p>\n<p>This programme also turns the city into a kind of <strong>expanded festival<\/strong>: visitors can begin the day with heritage or cinema and finish it with live singing, dancing or guitar.<\/p>\n<\/div><\/div><\/div><\/div><\/div><\/div><\/div><\/section><section class=\"l-section wpb_row height_huge color_alternate with_shape\"><div class=\"l-section-shape type_zigzag pos_top\" style=\"height:3vmin;\"><svg xmlns=\"http:\/\/www.w3.org\/2000\/svg\" viewBox=\"0 0 64 8\" preserveAspectRatio=\"none\" width=\"100%\" height=\"100%\">\r\n\t<path fill=\"currentColor\" d=\"M64 8 L0 8 L0 0 L20 7.9 L40 3 L48 5 L64 0 Z\"\/>\r\n<\/svg><\/div><div class=\"l-section-shape type_zigzag pos_bottom\" style=\"height:3vmin;\"><svg xmlns=\"http:\/\/www.w3.org\/2000\/svg\" viewBox=\"0 0 64 8\" preserveAspectRatio=\"none\" width=\"100%\" height=\"100%\">\r\n\t<path fill=\"currentColor\" d=\"M64 8 L0 8 L0 0 L20 7.9 L40 3 L48 5 L64 0 Z\"\/>\r\n<\/svg><\/div><div class=\"l-section-h i-cf\"><div class=\"g-cols vc_row via_flex valign_top type_default stacking_default\"><div class=\"vc_col-sm-6 wpb_column vc_column_container\"><div class=\"vc_column-inner\"><div class=\"wpb_wrapper\"><div class=\"wpb_text_column\"><div class=\"wpb_wrapper\"><h2 id=\"organizar\">How to plan a day of side events and flamenco<\/h2>\n<p>To make the most of the Biennial without overloading your day, a good strategy is to plan <strong>one daytime activity and one main flamenco experience<\/strong>.<\/p>\n<p>For example, you can visit <em>La noche azul<\/em> in the morning or afternoon, take a break in the centre and then attend an official performance. Another option is to choose a screening in <em>Flamencas<\/em> and round off the evening at a tablao.<\/p>\n<p>When the official programme for that date does not suit your plans or is sold out, see our guide <a href=\"https:\/\/www.tablaosflamencos.com\/en\/biennial-sold-out-where-see-flamenco-tonight-seville.html\"><strong>Biennial sold out: where to see flamenco today in Seville<\/strong><\/a> or the article <a href=\"https:\/\/www.tablaosflamencos.com\/en\/flamenco-tonight-seville-biennial-2026.html\"><strong>Flamenco tonight in Seville during the Biennial<\/strong><\/a>.<\/p>\n<\/div><\/div><\/div><\/div><\/div><div class=\"vc_col-sm-6 wpb_column vc_column_container\"><div class=\"vc_column-inner\"><div class=\"wpb_wrapper\"><div class=\"wpb_text_column\"><div class=\"wpb_wrapper\"><h2>Do not try to do everything<\/h2>\n<p>The Biennial lasts several weeks, and its side programme overlaps with dozens of shows. Trying to fit in too many activities can turn a cultural experience into a race around the city.<\/p>\n<p>Prioritise according to your interests: <strong>history<\/strong> for <em>La noche azul<\/em>; <strong>public space<\/strong> for <em>Flamenco a pie de calle<\/em> and <em>Sala de revelado<\/em>; <strong>families<\/strong> for <em>Tirititr\u00e1n<\/em>; <strong>cinema and reflection<\/strong> for <em>Sevilla se deja ver<\/em>; and <strong>a collective experience<\/strong> for <em>Ecos Primitivos<\/em>.<\/p>\n<p>Then leave time to walk, have dinner and enjoy Seville. During the Biennial, flamenco is also in the city\u2019s atmosphere, not just the next event on the agenda.<\/p>\n<\/div><\/div><\/div><\/div><\/div><\/div><\/div><\/section><section class=\"l-section wpb_row height_huge\"><div class=\"l-section-h i-cf\"><div class=\"g-cols vc_row via_flex valign_top type_default stacking_default\"><div class=\"vc_col-sm-12 wpb_column vc_column_container\"><div class=\"vc_column-inner\"><div class=\"wpb_wrapper\"><div class=\"wpb_text_column\"><div class=\"wpb_wrapper\"><h2>Which activities are free?<\/h2>\n<p>An important part of the side programme aims to make the Biennial accessible to more people. <strong>La noche azul<\/strong> offers free admission subject to capacity; <strong>Tirititr\u00e1n<\/strong> is presented as a free activity; and many events in public spaces let you experience flamenco without buying a theatre ticket.<\/p>\n<p>However, \u201cside event\u201d does not automatically mean \u201cfree activity\u201d. The partner programme may include events with different conditions depending on the organising institution. Always check the individual listing before setting out.<\/p>\n<p>To keep these two search needs distinct, our guide <a href=\"https:\/\/www.tablaosflamencos.com\/en\/seville-flamenco-biennial-2026-free.html\"><strong>Flamenco Biennial 2026 for free<\/strong><\/a> specifically brings together free things to do, while this page provides an overview of the entire side programme.<\/p>\n<\/div><\/div><div class=\"w-separator size_medium\"><\/div><div class=\"w-hwrapper valign_top wrap align_center\" style=\"--hwrapper-gap:1.2rem\"><div class=\"w-btn-wrapper align_none\"><a class=\"w-btn us-btn-style_1\" href=\"https:\/\/www.tablaosflamencos.com\/en\/seville-flamenco-biennial-2026-free.html\"><span class=\"w-btn-label\">Explore the Biennial 2026 for free<\/span><\/a><\/div><div class=\"w-btn-wrapper align_none\"><a class=\"w-btn us-btn-style_11\" href=\"https:\/\/www.tablaosflamencos.com\/en\/flamenco-tonight-seville-biennial-2026.html\"><span class=\"w-btn-label\">Flamenco tonight in Seville<\/span><\/a><\/div><\/div><\/div><\/div><\/div><\/div><\/div><\/section><section class=\"l-section wpb_row height_huge color_alternate with_shape\"><div class=\"l-section-shape type_zigzag pos_top hor_flip\" style=\"height:3vmin;\"><svg xmlns=\"http:\/\/www.w3.org\/2000\/svg\" viewBox=\"0 0 64 8\" preserveAspectRatio=\"none\" width=\"100%\" height=\"100%\">\r\n\t<path fill=\"currentColor\" d=\"M64 8 L0 8 L0 0 L20 7.9 L40 3 L48 5 L64 0 Z\"\/>\r\n<\/svg><\/div><div class=\"l-section-shape type_zigzag pos_bottom\" style=\"height:3vmin;\"><svg xmlns=\"http:\/\/www.w3.org\/2000\/svg\" viewBox=\"0 0 64 8\" preserveAspectRatio=\"none\" width=\"100%\" height=\"100%\">\r\n\t<path fill=\"currentColor\" d=\"M64 8 L0 8 L0 0 L20 7.9 L40 3 L48 5 L64 0 Z\"\/>\r\n<\/svg><\/div><div class=\"l-section-h i-cf\"><div class=\"g-cols vc_row via_flex valign_top type_default stacking_default\"><div class=\"vc_col-sm-1\/5 wpb_column vc_column_container\"><div class=\"vc_column-inner\"><div class=\"wpb_wrapper\"><\/div><\/div><\/div><div class=\"vc_col-sm-3\/5 wpb_column vc_column_container\"><div class=\"vc_column-inner\"><div class=\"wpb_wrapper\"><div class=\"wpb_text_column\"><div class=\"wpb_wrapper\"><h2 id=\"faq\">Frequently asked questions about the Biennial 2026 side events<\/h2>\n<\/div><\/div><div class=\"w-separator size_medium\"><\/div><div class=\"w-tabs accordion toggle_style_1 has_scrolling\" style=\"--sections-title-size:inherit;--sections-gap:0.5rem;\"><div class=\"w-tabs-sections titles-align_none icon_plus cpos_left\"><div class=\"w-tabs-section\" id=\"d705\" itemscope itemprop=\"mainEntity\" itemtype=\"https:\/\/schema.org\/Question\"><button type=\"button\" class=\"w-tabs-section-header\" aria-controls=\"content-d705\" aria-expanded=\"false\"><h3 class=\"w-tabs-section-title\" itemprop=\"name\">What are the Biennial 2026 side events?<\/h3><div class=\"w-tabs-section-control\"><\/div><\/button><div  class=\"w-tabs-section-content\" id=\"content-d705\" itemscope itemprop=\"acceptedAnswer\" itemtype=\"https:\/\/schema.org\/Answer\"><div class=\"w-tabs-section-content-h i-cf\" itemprop=\"text\"><div class=\"wpb_text_column\"><div class=\"wpb_wrapper\"><p>They are activities that complement the Biennial\u2019s main performances: exhibitions, cinema, events in public spaces, family activities, gatherings, talks and cultural projects throughout Seville. Many come together under the \u201cOtras perlas\u201d programme.<\/p>\n<\/div><\/div><\/div><\/div><\/div><div class=\"w-tabs-section\" id=\"y802\" itemscope itemprop=\"mainEntity\" itemtype=\"https:\/\/schema.org\/Question\"><button type=\"button\" class=\"w-tabs-section-header\" aria-controls=\"content-y802\" aria-expanded=\"false\"><h3 class=\"w-tabs-section-title\" itemprop=\"name\">Where can I find the Otras perlas programme?<\/h3><div class=\"w-tabs-section-control\"><\/div><\/button><div  class=\"w-tabs-section-content\" id=\"content-y802\" itemscope itemprop=\"acceptedAnswer\" itemtype=\"https:\/\/schema.org\/Answer\"><div class=\"w-tabs-section-content-h i-cf\" itemprop=\"text\"><div class=\"wpb_text_column\"><div class=\"wpb_wrapper\"><p>The Biennial has a dedicated side-events section on its official website. Since the agenda may receive additions and changes, it is worth checking it during your visit.<\/p>\n<\/div><\/div><\/div><\/div><\/div><div class=\"w-tabs-section\" id=\"y8d6\" itemscope itemprop=\"mainEntity\" itemtype=\"https:\/\/schema.org\/Question\"><button type=\"button\" class=\"w-tabs-section-header\" aria-controls=\"content-y8d6\" aria-expanded=\"false\"><h3 class=\"w-tabs-section-title\" itemprop=\"name\">Are the side events free?<\/h3><div class=\"w-tabs-section-control\"><\/div><\/button><div  class=\"w-tabs-section-content\" id=\"content-y8d6\" itemscope itemprop=\"acceptedAnswer\" itemtype=\"https:\/\/schema.org\/Answer\"><div class=\"w-tabs-section-content-h i-cf\" itemprop=\"text\"><div class=\"wpb_text_column\"><div class=\"wpb_wrapper\"><p>Many are, particularly some street events, La noche azul and family activities such as Tirititr\u00e1n. However, conditions are not necessarily the same for every event, so check each individual listing.<\/p>\n<\/div><\/div><\/div><\/div><\/div><div class=\"w-tabs-section\" id=\"m99b\" itemscope itemprop=\"mainEntity\" itemtype=\"https:\/\/schema.org\/Question\"><button type=\"button\" class=\"w-tabs-section-header\" aria-controls=\"content-m99b\" aria-expanded=\"false\"><h3 class=\"w-tabs-section-title\" itemprop=\"name\">When can I visit La noche azul?<\/h3><div class=\"w-tabs-section-control\"><\/div><\/button><div  class=\"w-tabs-section-content\" id=\"content-m99b\" itemscope itemprop=\"acceptedAnswer\" itemtype=\"https:\/\/schema.org\/Answer\"><div class=\"w-tabs-section-content-h i-cf\" itemprop=\"text\"><div class=\"wpb_text_column\"><div class=\"wpb_wrapper\"><p>The exhibition runs from 2 September to 22 November 2026 in the Nave de Grabados at the Real F\u00e1brica de Artiller\u00eda. It continues well beyond the official dates of the Biennial.<\/p>\n<\/div><\/div><\/div><\/div><\/div><div class=\"w-tabs-section\" id=\"na5d\" itemscope itemprop=\"mainEntity\" itemtype=\"https:\/\/schema.org\/Question\"><button type=\"button\" class=\"w-tabs-section-header\" aria-controls=\"content-na5d\" aria-expanded=\"false\"><h3 class=\"w-tabs-section-title\" itemprop=\"name\">Is there free street flamenco during the Biennial?<\/h3><div class=\"w-tabs-section-control\"><\/div><\/button><div  class=\"w-tabs-section-content\" id=\"content-na5d\" itemscope itemprop=\"acceptedAnswer\" itemtype=\"https:\/\/schema.org\/Answer\"><div class=\"w-tabs-section-content-h i-cf\" itemprop=\"text\"><div class=\"wpb_text_column\"><div class=\"wpb_wrapper\"><p>Yes. The Flamenco a pie de calle programme brings events to different neighbourhoods and spaces in Seville. The Biennial also develops urban art projects such as Sala de revelado and other open events connected to its side programme.<\/p>\n<\/div><\/div><\/div><\/div><\/div><div class=\"w-tabs-section\" id=\"lb3f\" itemscope itemprop=\"mainEntity\" itemtype=\"https:\/\/schema.org\/Question\"><button type=\"button\" class=\"w-tabs-section-header\" aria-controls=\"content-lb3f\" aria-expanded=\"false\"><h3 class=\"w-tabs-section-title\" itemprop=\"name\">What is Ecos Primitivos?<\/h3><div class=\"w-tabs-section-control\"><\/div><\/button><div  class=\"w-tabs-section-content\" id=\"content-lb3f\" itemscope itemprop=\"acceptedAnswer\" itemtype=\"https:\/\/schema.org\/Answer\"><div class=\"w-tabs-section-content-h i-cf\" itemprop=\"text\"><div class=\"wpb_text_column\"><div class=\"wpb_wrapper\"><p>It is the sung opening proclamation of the Biennial 2026, directed by Segundo Falc\u00f3n and scheduled for 9 September at 20:30 in Plaza de San Francisco. It combines five voices from the balconies with Ana Morales\u2019s dancing in the centre of the square.<\/p>\n<\/div><\/div><\/div><\/div><\/div><div class=\"w-tabs-section\" id=\"jc15\" itemscope itemprop=\"mainEntity\" itemtype=\"https:\/\/schema.org\/Question\"><button type=\"button\" class=\"w-tabs-section-header\" aria-controls=\"content-jc15\" aria-expanded=\"false\"><h3 class=\"w-tabs-section-title\" itemprop=\"name\">Are there Biennial activities for children?<\/h3><div class=\"w-tabs-section-control\"><\/div><\/button><div  class=\"w-tabs-section-content\" id=\"content-jc15\" itemscope itemprop=\"acceptedAnswer\" itemtype=\"https:\/\/schema.org\/Answer\"><div class=\"w-tabs-section-content-h i-cf\" itemprop=\"text\"><div class=\"wpb_text_column\"><div class=\"wpb_wrapper\"><p>Yes. At CaixaForum, Tirititr\u00e1n offers a family introduction to flamenco rhythm through body percussion, rhythm games and participation. It is scheduled for 11, 12 and 13 September.<\/p>\n<\/div><\/div><\/div><\/div><\/div><div class=\"w-tabs-section\" id=\"xcd8\" itemscope itemprop=\"mainEntity\" itemtype=\"https:\/\/schema.org\/Question\"><button type=\"button\" class=\"w-tabs-section-header\" aria-controls=\"content-xcd8\" aria-expanded=\"false\"><h3 class=\"w-tabs-section-title\" itemprop=\"name\">Are there flamenco films during the Biennial 2026?<\/h3><div class=\"w-tabs-section-control\"><\/div><\/button><div  class=\"w-tabs-section-content\" id=\"content-xcd8\" itemscope itemprop=\"acceptedAnswer\" itemtype=\"https:\/\/schema.org\/Answer\"><div class=\"w-tabs-section-content-h i-cf\" itemprop=\"text\"><div class=\"wpb_text_column\"><div class=\"wpb_wrapper\"><p>Yes. As part of Sevilla se deja ver, Fundaci\u00f3n Tres Culturas presents the Flamencas series on 8, 15, 22 and 29 September, featuring documentaries about women who have been fundamental to flamenco\u2019s history and profile.<\/p>\n<\/div><\/div><\/div><\/div><\/div><div class=\"w-tabs-section\" id=\"hd91\" itemscope itemprop=\"mainEntity\" itemtype=\"https:\/\/schema.org\/Question\"><button type=\"button\" class=\"w-tabs-section-header\" aria-controls=\"content-hd91\" aria-expanded=\"false\"><h3 class=\"w-tabs-section-title\" itemprop=\"name\">Do the side events start before 9 September?<\/h3><div class=\"w-tabs-section-control\"><\/div><\/button><div  class=\"w-tabs-section-content\" id=\"content-hd91\" itemscope itemprop=\"acceptedAnswer\" itemtype=\"https:\/\/schema.org\/Answer\"><div class=\"w-tabs-section-content-h i-cf\" itemprop=\"text\"><div class=\"wpb_text_column\"><div class=\"wpb_wrapper\"><p>Yes. La noche azul opened on 2 September, and Flamenco a pie de calle began on the 3rd. The Biennial\u2019s cultural activities therefore start before the festival\u2019s official opening date.<\/p>\n<\/div><\/div><\/div><\/div><\/div><div class=\"w-tabs-section\" id=\"se4e\" itemscope itemprop=\"mainEntity\" itemtype=\"https:\/\/schema.org\/Question\"><button type=\"button\" class=\"w-tabs-section-header\" aria-controls=\"content-se4e\" aria-expanded=\"false\"><h3 class=\"w-tabs-section-title\" itemprop=\"name\">What can I do without tickets for a Biennial show?<\/h3><div class=\"w-tabs-section-control\"><\/div><\/button><div  class=\"w-tabs-section-content\" id=\"content-se4e\" itemscope itemprop=\"acceptedAnswer\" itemtype=\"https:\/\/schema.org\/Answer\"><div class=\"w-tabs-section-content-h i-cf\" itemprop=\"text\"><div class=\"wpb_text_column\"><div class=\"wpb_wrapper\"><p>You can enjoy exhibitions, cinema and activities in public spaces and, to finish the day with live flamenco, compare the tablaos available in Seville for that same evening.<\/p>\n<\/div><\/div><\/div><\/div><\/div><\/div><\/div><\/div><\/div><\/div><div class=\"vc_col-sm-1\/5 wpb_column vc_column_container\"><div class=\"vc_column-inner\"><div class=\"wpb_wrapper\"><\/div><\/div><\/div><\/div><\/div><\/section><section class=\"l-section wpb_row height_huge\"><div class=\"l-section-h i-cf\"><div class=\"g-cols vc_row via_flex valign_top type_default stacking_default\"><div class=\"vc_col-sm-12 wpb_column vc_column_container\"><div class=\"vc_column-inner\"><div class=\"wpb_wrapper\"><div class=\"wpb_text_column\"><div class=\"wpb_wrapper\"><h2 style=\"text-align: center;\">The Biennial also happens beyond the stage<\/h2>\n<p style=\"text-align: center;\">The 2026 side programme confirms an important idea: the Seville Biennial is not just a succession of performances. For several weeks, flamenco enters museums, foundations, squares, neighbourhoods, cinema screens and family spaces.<\/p>\n<p style=\"text-align: center;\">During your stay in Seville for the festival, make time for some of these \u201cOtras perlas\u201d. An exhibition, screening or street activity can give you a different perspective on flamenco and perfectly complement an evening of singing, dancing and guitar.<\/p>\n<\/div><\/div><\/div><\/div><\/div><\/div><\/div><\/section>\n","protected":false},"excerpt":{"rendered":"<p>A guide to the Seville Flamenco Biennial 2026 side events: exhibitions, cinema, street flamenco, family activities and the associated cultural programme.<\/p>\n","protected":false},"author":1,"featured_media":14654,"comment_status":"closed","ping_status":"closed","sticky":false,"template":"","format":"standard","meta":{"_acf_changed":false,"wpai_generated_summary":"","_ayudawp_aiss_exclude":false,"_ayudawp_aiss_exclude_summary":false,"_ayudawp_aiss_summary":"","_ayudawp_aiss_summary_provider":"","_ayudawp_aiss_summary_hash":"","footnotes":""},"categories":[1427],"tags":[1232,1233,1234,1235,1144,1236],"class_list":["post-14656","post","type-post","status-publish","format-standard","has-post-thumbnail","hentry","category-flamenco-biennial","tag-agenda-flamenca","tag-bienal-2026","tag-bienal-de-flamenco","tag-festivales-flamencos","tag-flamenco-en-sevilla","tag-sevilla"],"acf":[],"yoast_head":"<!-- This site is optimized with the Yoast SEO Premium plugin v28.4 (Yoast SEO v28.4) - https:\/\/yoast.com\/product\/yoast-seo-premium-wordpress\/ -->\n<title>Biennial 2026 Side Events: Exhibitions, Cinema &amp; Street Flamenco<\/title>\n<meta name=\"description\" content=\"Explore the Seville Flamenco Biennial 2026 side events: exhibitions, cinema, street flamenco, family workshops and free cultural activities.\" \/>\n<meta name=\"robots\" content=\"index, follow, max-snippet:-1, max-image-preview:large, max-video-preview:-1\" \/>\n<link rel=\"canonical\" href=\"https:\/\/www.tablaosflamencos.com\/en\/seville-flamenco-biennial-2026-side-events.html\" \/>\n<meta property=\"og:locale\" content=\"en_US\" \/>\n<meta property=\"og:type\" content=\"article\" \/>\n<meta property=\"og:title\" content=\"Seville Flamenco Biennial 2026 side events: exhibitions, cinema, street flamenco and more\" \/>\n<meta property=\"og:description\" content=\"Explore the Seville Flamenco Biennial 2026 side events: exhibitions, cinema, street flamenco, family workshops and free cultural activities.\" \/>\n<meta property=\"og:url\" content=\"https:\/\/www.tablaosflamencos.com\/en\/seville-flamenco-biennial-2026-side-events.html\" \/>\n<meta property=\"og:site_name\" content=\"Tablaos Flamencos\" \/>\n<meta property=\"article:publisher\" content=\"https:\/\/www.facebook.com\/tablaosflamencos\" \/>\n<meta property=\"article:published_time\" content=\"2026-09-05T09:17:33+00:00\" \/>\n<meta property=\"article:modified_time\" content=\"2026-09-05T10:19:08+00:00\" \/>\n<meta property=\"og:image\" content=\"https:\/\/www.tablaosflamencos.com\/wp-content\/uploads\/actividades-paralelas-de-la-bienal-2026-exposiciones-cine-flamenco-en-la-calle-y-mas-01.webp\" \/>\n\t<meta property=\"og:image:width\" content=\"1672\" \/>\n\t<meta property=\"og:image:height\" content=\"941\" \/>\n\t<meta property=\"og:image:type\" content=\"image\/webp\" \/>\n<meta name=\"author\" content=\"Miguel Ortiz\" \/>\n<meta name=\"twitter:card\" content=\"summary_large_image\" \/>\n<meta name=\"twitter:creator\" content=\"@tablaosflamenco\" \/>\n<meta name=\"twitter:site\" content=\"@tablaosflamenco\" \/>\n<meta name=\"twitter:label1\" content=\"Written by\" \/>\n\t<meta name=\"twitter:data1\" content=\"Miguel Ortiz\" \/>\n\t<meta name=\"twitter:label2\" content=\"Est. reading time\" \/>\n\t<meta name=\"twitter:data2\" content=\"18 minutes\" \/>\n<script type=\"application\/ld+json\" class=\"yoast-schema-graph\">{\"@context\":\"https:\\\/\\\/schema.org\",\"@graph\":[{\"@type\":\"Article\",\"@id\":\"https:\\\/\\\/www.tablaosflamencos.com\\\/en\\\/seville-flamenco-biennial-2026-side-events.html#article\",\"isPartOf\":{\"@id\":\"https:\\\/\\\/www.tablaosflamencos.com\\\/en\\\/seville-flamenco-biennial-2026-side-events.html\"},\"author\":{\"name\":\"Miguel Ortiz\",\"@id\":\"https:\\\/\\\/www.tablaosflamencos.com\\\/en#\\\/schema\\\/person\\\/e7a9ebe14eb75a52ceabfbffb3c54f5d\"},\"headline\":\"Seville Flamenco Biennial 2026 side events: exhibitions, cinema, street flamenco and more\",\"datePublished\":\"2026-09-05T09:17:33+00:00\",\"dateModified\":\"2026-09-05T10:19:08+00:00\",\"mainEntityOfPage\":{\"@id\":\"https:\\\/\\\/www.tablaosflamencos.com\\\/en\\\/seville-flamenco-biennial-2026-side-events.html\"},\"wordCount\":3616,\"publisher\":{\"@id\":\"https:\\\/\\\/www.tablaosflamencos.com\\\/en#organization\"},\"image\":{\"@id\":\"https:\\\/\\\/www.tablaosflamencos.com\\\/en\\\/seville-flamenco-biennial-2026-side-events.html#primaryimage\"},\"thumbnailUrl\":\"https:\\\/\\\/www.tablaosflamencos.com\\\/wp-content\\\/uploads\\\/actividades-paralelas-de-la-bienal-2026-exposiciones-cine-flamenco-en-la-calle-y-mas-01.webp\",\"keywords\":[\"agenda flamenca\",\"Bienal 2026\",\"Bienal de Flamenco\",\"festivales flamencos\",\"flamenco en Sevilla\",\"sevilla\"],\"articleSection\":[\"Flamenco Biennial\"],\"inLanguage\":\"en-US\"},{\"@type\":\"WebPage\",\"@id\":\"https:\\\/\\\/www.tablaosflamencos.com\\\/en\\\/seville-flamenco-biennial-2026-side-events.html\",\"url\":\"https:\\\/\\\/www.tablaosflamencos.com\\\/en\\\/seville-flamenco-biennial-2026-side-events.html\",\"name\":\"Biennial 2026 Side Events: Exhibitions, Cinema & Street Flamenco\",\"isPartOf\":{\"@id\":\"https:\\\/\\\/www.tablaosflamencos.com\\\/en#website\"},\"primaryImageOfPage\":{\"@id\":\"https:\\\/\\\/www.tablaosflamencos.com\\\/en\\\/seville-flamenco-biennial-2026-side-events.html#primaryimage\"},\"image\":{\"@id\":\"https:\\\/\\\/www.tablaosflamencos.com\\\/en\\\/seville-flamenco-biennial-2026-side-events.html#primaryimage\"},\"thumbnailUrl\":\"https:\\\/\\\/www.tablaosflamencos.com\\\/wp-content\\\/uploads\\\/actividades-paralelas-de-la-bienal-2026-exposiciones-cine-flamenco-en-la-calle-y-mas-01.webp\",\"datePublished\":\"2026-09-05T09:17:33+00:00\",\"dateModified\":\"2026-09-05T10:19:08+00:00\",\"description\":\"Explore the Seville Flamenco Biennial 2026 side events: exhibitions, cinema, street flamenco, family workshops and free cultural activities.\",\"breadcrumb\":{\"@id\":\"https:\\\/\\\/www.tablaosflamencos.com\\\/en\\\/seville-flamenco-biennial-2026-side-events.html#breadcrumb\"},\"inLanguage\":\"en-US\",\"potentialAction\":[{\"@type\":\"ReadAction\",\"target\":[\"https:\\\/\\\/www.tablaosflamencos.com\\\/en\\\/seville-flamenco-biennial-2026-side-events.html\"]}]},{\"@type\":\"ImageObject\",\"inLanguage\":\"en-US\",\"@id\":\"https:\\\/\\\/www.tablaosflamencos.com\\\/en\\\/seville-flamenco-biennial-2026-side-events.html#primaryimage\",\"url\":\"https:\\\/\\\/www.tablaosflamencos.com\\\/wp-content\\\/uploads\\\/actividades-paralelas-de-la-bienal-2026-exposiciones-cine-flamenco-en-la-calle-y-mas-01.webp\",\"contentUrl\":\"https:\\\/\\\/www.tablaosflamencos.com\\\/wp-content\\\/uploads\\\/actividades-paralelas-de-la-bienal-2026-exposiciones-cine-flamenco-en-la-calle-y-mas-01.webp\",\"width\":1672,\"height\":941,\"caption\":\"Actividades paralelas de la Bienal 2026: exposiciones, cine, flamenco en la calle y m\u00e1s\"},{\"@type\":\"BreadcrumbList\",\"@id\":\"https:\\\/\\\/www.tablaosflamencos.com\\\/en\\\/seville-flamenco-biennial-2026-side-events.html#breadcrumb\",\"itemListElement\":[{\"@type\":\"ListItem\",\"position\":1,\"name\":\"Home\",\"item\":\"https:\\\/\\\/www.tablaosflamencos.com\\\/en\"},{\"@type\":\"ListItem\",\"position\":2,\"name\":\"Seville Flamenco Biennial 2026 side events: exhibitions, cinema, street flamenco and more\"}]},{\"@type\":\"WebSite\",\"@id\":\"https:\\\/\\\/www.tablaosflamencos.com\\\/en#website\",\"url\":\"https:\\\/\\\/www.tablaosflamencos.com\\\/en\",\"name\":\"Tablaos Flamencos\",\"description\":\"Entradas para tablaos flamencos de Espa\u00f1a\",\"publisher\":{\"@id\":\"https:\\\/\\\/www.tablaosflamencos.com\\\/en#organization\"},\"alternateName\":\"Tablaos Flamencos\",\"potentialAction\":[{\"@type\":\"SearchAction\",\"target\":{\"@type\":\"EntryPoint\",\"urlTemplate\":\"https:\\\/\\\/www.tablaosflamencos.com\\\/en?s={search_term_string}\"},\"query-input\":{\"@type\":\"PropertyValueSpecification\",\"valueRequired\":true,\"valueName\":\"search_term_string\"}}],\"inLanguage\":\"en-US\"},{\"@type\":[\"Organization\",\"Place\",\"EntertainmentBusiness\"],\"@id\":\"https:\\\/\\\/www.tablaosflamencos.com\\\/en#organization\",\"name\":\"Tablaos Flamencos\",\"alternateName\":\"Tablaos Flamencos\",\"url\":\"https:\\\/\\\/www.tablaosflamencos.com\\\/en\",\"logo\":{\"@id\":\"https:\\\/\\\/www.tablaosflamencos.com\\\/en\\\/seville-flamenco-biennial-2026-side-events.html#local-main-organization-logo\"},\"image\":{\"@id\":\"https:\\\/\\\/www.tablaosflamencos.com\\\/en\\\/seville-flamenco-biennial-2026-side-events.html#local-main-organization-logo\"},\"sameAs\":[\"https:\\\/\\\/www.facebook.com\\\/tablaosflamencos\",\"https:\\\/\\\/x.com\\\/tablaosflamenco\",\"https:\\\/\\\/mastodon.social\\\/@tablaosflamencos\",\"https:\\\/\\\/www.instagram.com\\\/tablaosflamencos\",\"https:\\\/\\\/tiktok.com\\\/@tablaosflamencos\",\"https:\\\/\\\/www.linkedin.com\\\/company\\\/109408238\\\/\"],\"description\":\"Venta de entradas para espect\u00e1culos flamencos\",\"legalName\":\"Tablaos Flamencos\",\"foundingDate\":\"2015-01-01\",\"numberOfEmployees\":{\"@type\":\"QuantitativeValue\",\"minValue\":\"1\",\"maxValue\":\"10\"},\"address\":{\"@id\":\"https:\\\/\\\/www.tablaosflamencos.com\\\/en\\\/seville-flamenco-biennial-2026-side-events.html#local-main-place-address\"},\"geo\":{\"@type\":\"GeoCoordinates\",\"latitude\":\"37.3868072\",\"longitude\":\"-5.993280299999999\"},\"telephone\":[\"+34623787787\"],\"contactPoint\":{\"@type\":\"ContactPoint\",\"telephone\":\"+34623787787\",\"email\":\"info@tablaosflamencos.com\"},\"openingHoursSpecification\":{\"@type\":\"OpeningHoursSpecification\",\"dayOfWeek\":[\"Monday\",\"Tuesday\",\"Wednesday\",\"Thursday\",\"Friday\",\"Saturday\",\"Sunday\"],\"opens\":\"00:00\",\"closes\":\"23:59\"},\"email\":\"info@tablaosflamencos.com\",\"priceRange\":\"$$$\",\"currenciesAccepted\":\"\u20ac\"},{\"@type\":\"Person\",\"@id\":\"https:\\\/\\\/www.tablaosflamencos.com\\\/en#\\\/schema\\\/person\\\/e7a9ebe14eb75a52ceabfbffb3c54f5d\",\"name\":\"Miguel Ortiz\",\"description\":\"Miguel Ortiz es un empresario flamenco, con una s\u00f3lida trayectoria dentro del sector. Ha presidido entidades culturales vinculadas al flamenco y, cuenta con un amplio recorrido profesional en la gesti\u00f3n y promoci\u00f3n de espect\u00e1culos y tablaos flamencos. Su pasi\u00f3n por la historia y el arte flamenco se refleja en cada art\u00edculo, donde combina experiencia, criterio y un profundo respeto por la tradici\u00f3n.\",\"sameAs\":[\"https:\\\/\\\/www.tablaosflamencos.com\",\"https:\\\/\\\/www.instagra.com\\\/miguelortizfe\",\"https:\\\/\\\/www.linkedin.com\\\/in\\\/miguelortizf\\\/\"],\"birthDate\":\"1984-11-22\",\"gender\":\"hombre\",\"knowsLanguage\":[\"espa\u00f1ol\",\"ingl\u00e9s\"],\"jobTitle\":\"Empresario flamenco\"},{\"@type\":\"PostalAddress\",\"@id\":\"https:\\\/\\\/www.tablaosflamencos.com\\\/en\\\/seville-flamenco-biennial-2026-side-events.html#local-main-place-address\",\"streetAddress\":\"C\\\/ Alemanes, 19\",\"addressLocality\":\"Sevilla\",\"postalCode\":\"41004\",\"addressRegion\":\"Sevilla\",\"addressCountry\":\"ES\"},{\"@type\":\"ImageObject\",\"inLanguage\":\"en-US\",\"@id\":\"https:\\\/\\\/www.tablaosflamencos.com\\\/en\\\/seville-flamenco-biennial-2026-side-events.html#local-main-organization-logo\",\"url\":\"https:\\\/\\\/www.tablaosflamencos.com\\\/wp-content\\\/uploads\\\/tablaos-flamencos-06-3.webp\",\"contentUrl\":\"https:\\\/\\\/www.tablaosflamencos.com\\\/wp-content\\\/uploads\\\/tablaos-flamencos-06-3.webp\",\"width\":600,\"height\":620,\"caption\":\"Tablaos Flamencos\"}]}<\/script>\n<meta name=\"geo.placename\" content=\"Sevilla\" \/>\n<meta name=\"geo.position\" content=\"37.3868072;-5.993280299999999\" \/>\n<meta name=\"geo.region\" content=\"Spain\" \/>\n<!-- \/ Yoast SEO Premium plugin. -->","yoast_head_json":{"title":"Biennial 2026 Side Events: Exhibitions, Cinema & Street Flamenco","description":"Explore the Seville Flamenco Biennial 2026 side events: exhibitions, cinema, street flamenco, family workshops and free cultural activities.","robots":{"index":"index","follow":"follow","max-snippet":"max-snippet:-1","max-image-preview":"max-image-preview:large","max-video-preview":"max-video-preview:-1"},"canonical":"https:\/\/www.tablaosflamencos.com\/en\/seville-flamenco-biennial-2026-side-events.html","og_locale":"en_US","og_type":"article","og_title":"Seville Flamenco Biennial 2026 side events: exhibitions, cinema, street flamenco and more","og_description":"Explore the Seville Flamenco Biennial 2026 side events: exhibitions, cinema, street flamenco, family workshops and free cultural activities.","og_url":"https:\/\/www.tablaosflamencos.com\/en\/seville-flamenco-biennial-2026-side-events.html","og_site_name":"Tablaos Flamencos","article_publisher":"https:\/\/www.facebook.com\/tablaosflamencos","article_published_time":"2026-09-05T09:17:33+00:00","article_modified_time":"2026-09-05T10:19:08+00:00","og_image":[{"width":1672,"height":941,"url":"https:\/\/www.tablaosflamencos.com\/wp-content\/uploads\/actividades-paralelas-de-la-bienal-2026-exposiciones-cine-flamenco-en-la-calle-y-mas-01.webp","type":"image\/webp"}],"author":"Miguel Ortiz","twitter_card":"summary_large_image","twitter_creator":"@tablaosflamenco","twitter_site":"@tablaosflamenco","twitter_misc":{"Written by":"Miguel Ortiz","Est. reading time":"18 minutes"},"schema":{"@context":"https:\/\/schema.org","@graph":[{"@type":"Article","@id":"https:\/\/www.tablaosflamencos.com\/en\/seville-flamenco-biennial-2026-side-events.html#article","isPartOf":{"@id":"https:\/\/www.tablaosflamencos.com\/en\/seville-flamenco-biennial-2026-side-events.html"},"author":{"name":"Miguel Ortiz","@id":"https:\/\/www.tablaosflamencos.com\/en#\/schema\/person\/e7a9ebe14eb75a52ceabfbffb3c54f5d"},"headline":"Seville Flamenco Biennial 2026 side events: exhibitions, cinema, street flamenco and more","datePublished":"2026-09-05T09:17:33+00:00","dateModified":"2026-09-05T10:19:08+00:00","mainEntityOfPage":{"@id":"https:\/\/www.tablaosflamencos.com\/en\/seville-flamenco-biennial-2026-side-events.html"},"wordCount":3616,"publisher":{"@id":"https:\/\/www.tablaosflamencos.com\/en#organization"},"image":{"@id":"https:\/\/www.tablaosflamencos.com\/en\/seville-flamenco-biennial-2026-side-events.html#primaryimage"},"thumbnailUrl":"https:\/\/www.tablaosflamencos.com\/wp-content\/uploads\/actividades-paralelas-de-la-bienal-2026-exposiciones-cine-flamenco-en-la-calle-y-mas-01.webp","keywords":["agenda flamenca","Bienal 2026","Bienal de Flamenco","festivales flamencos","flamenco en Sevilla","sevilla"],"articleSection":["Flamenco Biennial"],"inLanguage":"en-US"},{"@type":"WebPage","@id":"https:\/\/www.tablaosflamencos.com\/en\/seville-flamenco-biennial-2026-side-events.html","url":"https:\/\/www.tablaosflamencos.com\/en\/seville-flamenco-biennial-2026-side-events.html","name":"Biennial 2026 Side Events: Exhibitions, Cinema & Street Flamenco","isPartOf":{"@id":"https:\/\/www.tablaosflamencos.com\/en#website"},"primaryImageOfPage":{"@id":"https:\/\/www.tablaosflamencos.com\/en\/seville-flamenco-biennial-2026-side-events.html#primaryimage"},"image":{"@id":"https:\/\/www.tablaosflamencos.com\/en\/seville-flamenco-biennial-2026-side-events.html#primaryimage"},"thumbnailUrl":"https:\/\/www.tablaosflamencos.com\/wp-content\/uploads\/actividades-paralelas-de-la-bienal-2026-exposiciones-cine-flamenco-en-la-calle-y-mas-01.webp","datePublished":"2026-09-05T09:17:33+00:00","dateModified":"2026-09-05T10:19:08+00:00","description":"Explore the Seville Flamenco Biennial 2026 side events: exhibitions, cinema, street flamenco, family workshops and free cultural activities.","breadcrumb":{"@id":"https:\/\/www.tablaosflamencos.com\/en\/seville-flamenco-biennial-2026-side-events.html#breadcrumb"},"inLanguage":"en-US","potentialAction":[{"@type":"ReadAction","target":["https:\/\/www.tablaosflamencos.com\/en\/seville-flamenco-biennial-2026-side-events.html"]}]},{"@type":"ImageObject","inLanguage":"en-US","@id":"https:\/\/www.tablaosflamencos.com\/en\/seville-flamenco-biennial-2026-side-events.html#primaryimage","url":"https:\/\/www.tablaosflamencos.com\/wp-content\/uploads\/actividades-paralelas-de-la-bienal-2026-exposiciones-cine-flamenco-en-la-calle-y-mas-01.webp","contentUrl":"https:\/\/www.tablaosflamencos.com\/wp-content\/uploads\/actividades-paralelas-de-la-bienal-2026-exposiciones-cine-flamenco-en-la-calle-y-mas-01.webp","width":1672,"height":941,"caption":"Actividades paralelas de la Bienal 2026: exposiciones, cine, flamenco en la calle y m\u00e1s"},{"@type":"BreadcrumbList","@id":"https:\/\/www.tablaosflamencos.com\/en\/seville-flamenco-biennial-2026-side-events.html#breadcrumb","itemListElement":[{"@type":"ListItem","position":1,"name":"Home","item":"https:\/\/www.tablaosflamencos.com\/en"},{"@type":"ListItem","position":2,"name":"Seville Flamenco Biennial 2026 side events: exhibitions, cinema, street flamenco and more"}]},{"@type":"WebSite","@id":"https:\/\/www.tablaosflamencos.com\/en#website","url":"https:\/\/www.tablaosflamencos.com\/en","name":"Tablaos Flamencos","description":"Entradas para tablaos flamencos de Espa\u00f1a","publisher":{"@id":"https:\/\/www.tablaosflamencos.com\/en#organization"},"alternateName":"Tablaos Flamencos","potentialAction":[{"@type":"SearchAction","target":{"@type":"EntryPoint","urlTemplate":"https:\/\/www.tablaosflamencos.com\/en?s={search_term_string}"},"query-input":{"@type":"PropertyValueSpecification","valueRequired":true,"valueName":"search_term_string"}}],"inLanguage":"en-US"},{"@type":["Organization","Place","EntertainmentBusiness"],"@id":"https:\/\/www.tablaosflamencos.com\/en#organization","name":"Tablaos Flamencos","alternateName":"Tablaos Flamencos","url":"https:\/\/www.tablaosflamencos.com\/en","logo":{"@id":"https:\/\/www.tablaosflamencos.com\/en\/seville-flamenco-biennial-2026-side-events.html#local-main-organization-logo"},"image":{"@id":"https:\/\/www.tablaosflamencos.com\/en\/seville-flamenco-biennial-2026-side-events.html#local-main-organization-logo"},"sameAs":["https:\/\/www.facebook.com\/tablaosflamencos","https:\/\/x.com\/tablaosflamenco","https:\/\/mastodon.social\/@tablaosflamencos","https:\/\/www.instagram.com\/tablaosflamencos","https:\/\/tiktok.com\/@tablaosflamencos","https:\/\/www.linkedin.com\/company\/109408238\/"],"description":"Venta de entradas para espect\u00e1culos flamencos","legalName":"Tablaos Flamencos","foundingDate":"2015-01-01","numberOfEmployees":{"@type":"QuantitativeValue","minValue":"1","maxValue":"10"},"address":{"@id":"https:\/\/www.tablaosflamencos.com\/en\/seville-flamenco-biennial-2026-side-events.html#local-main-place-address"},"geo":{"@type":"GeoCoordinates","latitude":"37.3868072","longitude":"-5.993280299999999"},"telephone":["+34623787787"],"contactPoint":{"@type":"ContactPoint","telephone":"+34623787787","email":"info@tablaosflamencos.com"},"openingHoursSpecification":{"@type":"OpeningHoursSpecification","dayOfWeek":["Monday","Tuesday","Wednesday","Thursday","Friday","Saturday","Sunday"],"opens":"00:00","closes":"23:59"},"email":"info@tablaosflamencos.com","priceRange":"$$$","currenciesAccepted":"\u20ac"},{"@type":"Person","@id":"https:\/\/www.tablaosflamencos.com\/en#\/schema\/person\/e7a9ebe14eb75a52ceabfbffb3c54f5d","name":"Miguel Ortiz","description":"Miguel Ortiz es un empresario flamenco, con una s\u00f3lida trayectoria dentro del sector. Ha presidido entidades culturales vinculadas al flamenco y, cuenta con un amplio recorrido profesional en la gesti\u00f3n y promoci\u00f3n de espect\u00e1culos y tablaos flamencos. Su pasi\u00f3n por la historia y el arte flamenco se refleja en cada art\u00edculo, donde combina experiencia, criterio y un profundo respeto por la tradici\u00f3n.","sameAs":["https:\/\/www.tablaosflamencos.com","https:\/\/www.instagra.com\/miguelortizfe","https:\/\/www.linkedin.com\/in\/miguelortizf\/"],"birthDate":"1984-11-22","gender":"hombre","knowsLanguage":["espa\u00f1ol","ingl\u00e9s"],"jobTitle":"Empresario flamenco"},{"@type":"PostalAddress","@id":"https:\/\/www.tablaosflamencos.com\/en\/seville-flamenco-biennial-2026-side-events.html#local-main-place-address","streetAddress":"C\/ Alemanes, 19","addressLocality":"Sevilla","postalCode":"41004","addressRegion":"Sevilla","addressCountry":"ES"},{"@type":"ImageObject","inLanguage":"en-US","@id":"https:\/\/www.tablaosflamencos.com\/en\/seville-flamenco-biennial-2026-side-events.html#local-main-organization-logo","url":"https:\/\/www.tablaosflamencos.com\/wp-content\/uploads\/tablaos-flamencos-06-3.webp","contentUrl":"https:\/\/www.tablaosflamencos.com\/wp-content\/uploads\/tablaos-flamencos-06-3.webp","width":600,"height":620,"caption":"Tablaos Flamencos"}]},"geo.placename":"Sevilla","geo.position":{"lat":"37.3868072","long":"-5.993280299999999"},"geo.region":"Spain"},"_links":{"self":[{"href":"https:\/\/www.tablaosflamencos.com\/en\/wp-json\/wp\/v2\/posts\/14656","targetHints":{"allow":["GET"]}}],"collection":[{"href":"https:\/\/www.tablaosflamencos.com\/en\/wp-json\/wp\/v2\/posts"}],"about":[{"href":"https:\/\/www.tablaosflamencos.com\/en\/wp-json\/wp\/v2\/types\/post"}],"author":[{"embeddable":true,"href":"https:\/\/www.tablaosflamencos.com\/en\/wp-json\/wp\/v2\/users\/1"}],"replies":[{"embeddable":true,"href":"https:\/\/www.tablaosflamencos.com\/en\/wp-json\/wp\/v2\/comments?post=14656"}],"version-history":[{"count":12,"href":"https:\/\/www.tablaosflamencos.com\/en\/wp-json\/wp\/v2\/posts\/14656\/revisions"}],"predecessor-version":[{"id":14707,"href":"https:\/\/www.tablaosflamencos.com\/en\/wp-json\/wp\/v2\/posts\/14656\/revisions\/14707"}],"wp:featuredmedia":[{"embeddable":true,"href":"https:\/\/www.tablaosflamencos.com\/en\/wp-json\/wp\/v2\/media\/14654"}],"wp:attachment":[{"href":"https:\/\/www.tablaosflamencos.com\/en\/wp-json\/wp\/v2\/media?parent=14656"}],"wp:term":[{"taxonomy":"category","embeddable":true,"href":"https:\/\/www.tablaosflamencos.com\/en\/wp-json\/wp\/v2\/categories?post=14656"},{"taxonomy":"post_tag","embeddable":true,"href":"https:\/\/www.tablaosflamencos.com\/en\/wp-json\/wp\/v2\/tags?post=14656"}],"curies":[{"name":"wp","href":"https:\/\/api.w.org\/{rel}","templated":true}]}}