{"id":14535,"date":"2026-09-04T18:48:29","date_gmt":"2026-09-04T16:48:29","guid":{"rendered":"https:\/\/www.tablaosflamencos.com\/?p=14535"},"modified":"2026-09-04T19:14:17","modified_gmt":"2026-09-04T17:14:17","slug":"flamenco-seville-this-weekend-before-biennial-2026","status":"publish","type":"post","link":"https:\/\/www.tablaosflamencos.com\/en\/flamenco-seville-this-weekend-before-biennial-2026.html","title":{"rendered":"Flamenco in Seville this weekend: what to see before the Biennial"},"content":{"rendered":"<section class=\"l-section wpb_row height_huge\"><div class=\"l-section-h i-cf\"><div class=\"g-cols vc_row via_flex valign_top type_default stacking_default\"><div class=\"vc_col-sm-6 wpb_column vc_column_container\"><div class=\"vc_column-inner\"><div class=\"wpb_wrapper\"><div class=\"wpb_text_column\"><div class=\"wpb_wrapper\"><h2>The weekend just before the Biennial is already full of flamenco<\/h2>\n<p>The <strong>24th Seville Flamenco Biennial<\/strong> officially begins on Wednesday <strong>9 September 2026<\/strong>, but anyone in the city this weekend does not have to wait until then. Between <strong>Friday 4 and Sunday 6 September<\/strong> there are three free flamenco events linked to the Biennial&#8217;s pre-programme, as well as exhibitions and experiences open during the day.<\/p>\n<p>In fact, it is one of the most interesting weekends to arrive in Seville before the main theatre programme begins. There is less pressure on tickets, several events are free until capacity is reached, and the programme is spread across neighbourhoods and heritage venues that are very different from one another.<\/p>\n<\/div><\/div><\/div><\/div><\/div><div class=\"vc_col-sm-6 wpb_column vc_column_container\"><div class=\"vc_column-inner\"><div class=\"wpb_wrapper\"><div class=\"wpb_text_column\"><div class=\"wpb_wrapper\"><h2>What you can see from 4 to 6 September<\/h2>\n<p><strong>Friday 4:<\/strong> <em>Cuesti\u00f3n de tiempo<\/em>, by Hermanos Aguilar, at the Monastery of San Jer\u00f3nimo.<\/p>\n<p><strong>Saturday 5:<\/strong> 2nd Festival <em>Macarena Flamenca<\/em>, a tribute to Jos\u00e9 de la Tomasa, in Plaza Virgen del Pilar in La Barzola.<\/p>\n<p><strong>Sunday 6:<\/strong> <em>Nazareno y Olivares<\/em>, a tribute to Fosforito, at the Museum of Popular Arts and Customs.<\/p>\n<p>All three events begin at <strong>21:30<\/strong> and are announced with <strong>free admission until capacity is reached<\/strong>. During the day you can also visit the exhibition <em>La noche azul<\/em> and, from Saturday, the new <em>Sala de revelado<\/em> of the Biennial at the Royal Artillery Factory.<\/p>\n<\/div><\/div><\/div><\/div><\/div><\/div><\/div><\/section><section class=\"l-section wpb_row height_huge color_alternate with_shape\"><div class=\"l-section-shape type_zigzag pos_top hor_flip\" style=\"height:3vmin;\"><svg xmlns=\"http:\/\/www.w3.org\/2000\/svg\" viewBox=\"0 0 64 8\" preserveAspectRatio=\"none\" width=\"100%\" height=\"100%\">\r\n\t<path fill=\"currentColor\" d=\"M64 8 L0 8 L0 0 L20 7.9 L40 3 L48 5 L64 0 Z\"\/>\r\n<\/svg><\/div><div class=\"l-section-shape type_zigzag pos_bottom\" style=\"height:3vmin;\"><svg xmlns=\"http:\/\/www.w3.org\/2000\/svg\" viewBox=\"0 0 64 8\" preserveAspectRatio=\"none\" width=\"100%\" height=\"100%\">\r\n\t<path fill=\"currentColor\" d=\"M64 8 L0 8 L0 0 L20 7.9 L40 3 L48 5 L64 0 Z\"\/>\r\n<\/svg><\/div><div class=\"l-section-h i-cf\"><div class=\"g-cols vc_row via_flex valign_top type_default stacking_default\"><div class=\"vc_col-sm-12 wpb_column vc_column_container\"><div class=\"vc_column-inner\"><div class=\"wpb_wrapper\"><div class=\"wpb_text_column\"><div class=\"wpb_wrapper\"><blockquote>\n<p><strong>Quick answer:<\/strong> if you&#8217;re looking for flamenco in Seville this weekend, from 4 to 6 September 2026, the best plan is to make the most of the three free performances before the Biennial: Hermanos Aguilar on Friday, Macarena Flamenca on Saturday and the tribute to Fosforito on Sunday. During the day you can complete the route with <em>La noche azul<\/em> and the <em>Sala de revelado<\/em> at the Royal Artillery Factory. If you prefer to secure a time and a seat, Seville&#8217;s tablaos also maintain their usual programme.<\/p>\n<\/blockquote>\n<p><strong>Last updated: 4 September 2026.<\/strong> For free-admission activities, it is advisable to arrive early because entry depends on available capacity.<\/p>\n<\/div><\/div><div class=\"w-separator size_medium\"><\/div><div class=\"w-hwrapper valign_top wrap stack_on_mobiles align_center\" style=\"--hwrapper-gap:1.2rem\"><div class=\"w-btn-wrapper align_none\"><a class=\"w-btn us-btn-style_1\" href=\"https:\/\/www.tablaosflamencos.com\/en\/seville-flamenco-biennial-2026-before-september-9.html\"><span class=\"w-btn-label\">See all events before the Biennial<\/span><\/a><\/div><div class=\"w-btn-wrapper align_none\"><a class=\"w-btn us-btn-style_1\" href=\"https:\/\/www.tablaosflamencos.com\/en\/flamenco-seville-biennial-2026-shows-beyond-official-programme.html\"><span class=\"w-btn-label\">See flamenco outside the official programme<\/span><\/a><\/div><\/div><\/div><\/div><\/div><\/div><\/div><\/section><section class=\"l-section wpb_row height_huge\"><div class=\"l-section-h i-cf\"><div class=\"g-cols vc_row via_flex valign_top type_default stacking_default\"><div class=\"vc_col-sm-6 wpb_column vc_column_container\"><div class=\"vc_column-inner\"><div class=\"wpb_wrapper\"><div class=\"wpb_text_column\"><div class=\"wpb_wrapper\"><h2>Contents of this guide<\/h2>\n<ul>\n<li><a href=\"#viernes\">Friday 4: Hermanos Aguilar in San Jer\u00f3nimo<\/a><\/li>\n<li><a href=\"#sabado\">Saturday 5: Macarena Flamenca<\/a><\/li>\n<li><a href=\"#domingo\">Sunday 6: tribute to Fosforito<\/a><\/li>\n<li><a href=\"#dia\">What to do during the day<\/a><\/li>\n<li><a href=\"#artilleria\">La noche azul and Sala de revelado<\/a><\/li>\n<li><a href=\"#tablaos\">Tablaos to complete the weekend<\/a><\/li>\n<li><a href=\"#agenda\">Quick schedule for 4 to 6 September<\/a><\/li>\n<li><a href=\"#organizar\">How to organise the weekend<\/a><\/li>\n<li><a href=\"#despues\">What comes next<\/a><\/li>\n<li><a href=\"#faq\">Frequently asked questions<\/a><\/li>\n<\/ul>\n<\/div><\/div><\/div><\/div><\/div><div class=\"vc_col-sm-6 wpb_column vc_column_container\"><div class=\"vc_column-inner\"><div class=\"wpb_wrapper\"><div class=\"wpb_text_column\"><div class=\"wpb_wrapper\"><h2>A transitional weekend<\/h2>\n<p>This weekend acts as a bridge between Seville&#8217;s year-round flamenco scene and the city that, from 9 September, fully enters Biennial mode. The major productions at the Maestranza, Lope de Vega, Teatro Central or Espacio Turina have not yet begun, but the parallel programme is already occupying neighbourhoods, squares and heritage venues.<\/p>\n<p>That makes for a different atmosphere: less concentrated around the major theatres and more spread throughout the city. It is also a good opportunity to combine <strong>free flamenco + heritage + tablao<\/strong> without having to string together several official performances on the same day.<\/p>\n<\/div><\/div><\/div><\/div><\/div><\/div><\/div><\/section><section class=\"l-section wpb_row height_huge color_alternate with_shape\"><div class=\"l-section-shape type_zigzag pos_top\" style=\"height:3vmin;\"><svg xmlns=\"http:\/\/www.w3.org\/2000\/svg\" viewBox=\"0 0 64 8\" preserveAspectRatio=\"none\" width=\"100%\" height=\"100%\">\r\n\t<path fill=\"currentColor\" d=\"M64 8 L0 8 L0 0 L20 7.9 L40 3 L48 5 L64 0 Z\"\/>\r\n<\/svg><\/div><div class=\"l-section-shape type_zigzag pos_bottom\" style=\"height:3vmin;\"><svg xmlns=\"http:\/\/www.w3.org\/2000\/svg\" viewBox=\"0 0 64 8\" preserveAspectRatio=\"none\" width=\"100%\" height=\"100%\">\r\n\t<path fill=\"currentColor\" d=\"M64 8 L0 8 L0 0 L20 7.9 L40 3 L48 5 L64 0 Z\"\/>\r\n<\/svg><\/div><div class=\"l-section-h i-cf\"><div class=\"g-cols vc_row via_flex valign_top type_default stacking_default\"><div class=\"vc_col-sm-6 wpb_column vc_column_container\"><div class=\"vc_column-inner\"><div class=\"wpb_wrapper\"><div class=\"wpb_text_column\"><div class=\"wpb_wrapper\"><h2 id=\"viernes\">Friday 4: <em>Cuesti\u00f3n de tiempo<\/em>, Hermanos Aguilar<\/h2>\n<p><strong>21:30 \u00b7 Monastery of San Jer\u00f3nimo \u00b7 Free admission until capacity is reached<\/strong><\/p>\n<p>On Friday the Biennial&#8217;s pre-programme moves to the <strong>Monastery of San Jer\u00f3nimo<\/strong> with <em>Cuesti\u00f3n de tiempo<\/em>, a piece created and performed by <strong>Diego and Hugo Aguilar<\/strong>.<\/p>\n<p>The work revolves around memory, identity, family heritage and the way time transforms relationships. It is organised into five acts \u2014<em>Lembranza, Albor, Confluencia, Soler<\/em> and <em>Umbral<\/em>\u2014 and starts from a very physical idea of transmission: family history remains present in the bodies of those who dance.<\/p>\n<p>This is not a proposal conceived solely as a dance exhibition. The Aguilar brothers present an introspective stage work, with the artists&#8217; father appearing as a symbol of origin and continuity.<\/p>\n<p><strong>Why go:<\/strong> because it lets you begin the weekend with a contemporary creative work in a heritage venue very different from the Biennial&#8217;s main theatres.<\/p>\n<\/div><\/div><\/div><\/div><\/div><div class=\"vc_col-sm-6 wpb_column vc_column_container\"><div class=\"vc_column-inner\"><div class=\"wpb_wrapper\"><div class=\"wpb_text_column\"><div class=\"wpb_wrapper\"><h2 id=\"sabado\">Saturday 5: 2nd Macarena Flamenca Festival<\/h2>\n<p><strong>21:30 \u00b7 Plaza Virgen del Pilar, La Barzola \u00b7 Free admission until capacity is reached<\/strong><\/p>\n<p>On Saturday the focus moves to the Macarena district with the second edition of <strong>Macarena Flamenca<\/strong>, a festival launched in 2025 which this year pays tribute to <strong>Jos\u00e9 de la Tomasa<\/strong> for his career and his importance in passing on Seville&#8217;s cante traditions.<\/p>\n<p>The bill brings together several generations and artistic profiles. The announced singers include <strong>Potito, Antonio Reyes, Remedios Reyes and Manuel de la Tomasa<\/strong>, with guitars by Manuel Herrera, Nono Reyes and Julio Romero, as well as palmas and accompaniment. The dance section features <strong>Manuela Amador Carrasco<\/strong>, with cante by Emilio Molina and Manuel Ta\u00f1\u00e9 and guitar by Luis Amador.<\/p>\n<p><strong>Why it may be Saturday&#8217;s big plan:<\/strong> because it brings together a broad line-up, takes place outdoors in a neighbourhood with a strong flamenco identity and works as a festival in its own right, not simply as a single isolated performance.<\/p>\n<\/div><\/div><\/div><\/div><\/div><\/div><\/div><\/section><section class=\"l-section wpb_row height_huge\"><div class=\"l-section-h i-cf\"><div class=\"g-cols vc_row via_flex valign_top type_default stacking_default\"><div class=\"vc_col-sm-6 wpb_column vc_column_container\"><div class=\"vc_column-inner\"><div class=\"wpb_wrapper\"><div class=\"wpb_text_column\"><div class=\"wpb_wrapper\"><h2 id=\"domingo\">Sunday 6: <em>Nazareno y Olivares<\/em>, tribute to Fosforito<\/h2>\n<p><strong>21:30 \u00b7 Museum of Popular Arts and Customs \u00b7 Free admission until capacity is reached<\/strong><\/p>\n<p>On Sunday the weekend closes at <strong>Plaza de Am\u00e9rica in Mar\u00eda Luisa Park<\/strong>, with a proposal dedicated to one of the fundamental figures of 20th-century cante: <strong>Antonio Fern\u00e1ndez D\u00edaz, Fosforito<\/strong>.<\/p>\n<p><em>Nazareno y Olivares<\/em> looks back over his life and work through a combination of spoken word, music and dance. Announced participants include <strong>Enrique Garc\u00e9s, Bernardo Miranda, Alejandro Hurtado and Yolanda Osuna<\/strong>.<\/p>\n<p>The venue adds a great deal to the plan. The Museum of Popular Arts and Customs occupies the Mud\u00e9jar Pavilion in Plaza de Am\u00e9rica, so the performance lets you end an afternoon in Mar\u00eda Luisa Park with a flamenco event connected to memory and historical repertoire.<\/p>\n<p><strong>Ideal for:<\/strong> those who prefer cante, guitar, storytelling and a heritage tribute over a proposal focused exclusively on dance.<\/p>\n<\/div><\/div><\/div><\/div><\/div><div class=\"vc_col-sm-6 wpb_column vc_column_container\"><div class=\"vc_column-inner\"><div class=\"wpb_wrapper\"><div class=\"wpb_text_column\"><div class=\"wpb_wrapper\"><h2 id=\"dia\">What to do during the day before the performances<\/h2>\n<p>The fact that all three main performances begin at 21:30 leaves practically the whole day free. That makes it possible to build very complete days without rushing.<\/p>\n<p>On Friday you can spend the afternoon in the centre and then travel to San Jer\u00f3nimo. On Saturday it makes sense to explore Macarena, Feria, Alameda or the northern part of the city before heading to La Barzola. On Sunday, meanwhile, Mar\u00eda Luisa Park itself, Plaza de Espa\u00f1a and Plaza de Am\u00e9rica let you organise the whole late afternoon just minutes from the performance.<\/p>\n<p>In addition, throughout the weekend there is one especially recommended stop for anyone who wants to delve deeper into flamenco history and creative processes: the <strong>Royal Artillery Factory<\/strong>.<\/p>\n<\/div><\/div><\/div><\/div><\/div><\/div><\/div><\/section><section class=\"l-section wpb_row height_huge color_alternate with_shape\"><div class=\"l-section-shape type_zigzag pos_top hor_flip\" style=\"height:3vmin;\"><svg xmlns=\"http:\/\/www.w3.org\/2000\/svg\" viewBox=\"0 0 64 8\" preserveAspectRatio=\"none\" width=\"100%\" height=\"100%\">\r\n\t<path fill=\"currentColor\" d=\"M64 8 L0 8 L0 0 L20 7.9 L40 3 L48 5 L64 0 Z\"\/>\r\n<\/svg><\/div><div class=\"l-section-shape type_zigzag pos_bottom\" style=\"height:3vmin;\"><svg xmlns=\"http:\/\/www.w3.org\/2000\/svg\" viewBox=\"0 0 64 8\" preserveAspectRatio=\"none\" width=\"100%\" height=\"100%\">\r\n\t<path fill=\"currentColor\" d=\"M64 8 L0 8 L0 0 L20 7.9 L40 3 L48 5 L64 0 Z\"\/>\r\n<\/svg><\/div><div class=\"l-section-h i-cf\"><div class=\"g-cols vc_row via_flex valign_top type_default stacking_default\"><div class=\"vc_col-sm-6 wpb_column vc_column_container\"><div class=\"vc_column-inner\"><div class=\"wpb_wrapper\"><div class=\"wpb_text_column\"><div class=\"wpb_wrapper\"><h2 id=\"artilleria\"><em>La noche azul<\/em>: an exhibition for understanding Flamenco Opera<\/h2>\n<p>Since 2 September, the Royal Artillery Factory has hosted the exhibition <strong><em>La noche azul. \u00d3pera Flamenca en la colecci\u00f3n de Carlos Mart\u00edn Ballester<\/em><\/strong>.<\/p>\n<p>The exhibition brings together <strong>328 items<\/strong> including posters, shellac records, gramophones, photographs and historical documents to explain how, about a century ago, flamenco moved from caf\u00e9s cantantes to major theatres, bullrings, radio and the early recording industry.<\/p>\n<p>Admission is free. The announced official opening hours are <strong>10:00 to 20:00 Monday to Saturday<\/strong> and <strong>10:00 to 14:00 on Sundays<\/strong>. That makes it especially easy to fit in on Saturday or Sunday before any of the evening performances.<\/p>\n<\/div><\/div><div class=\"w-separator size_medium\"><\/div><div class=\"w-hwrapper valign_top wrap stack_on_mobiles align_center\" style=\"--hwrapper-gap:1.2rem\"><div class=\"w-btn-wrapper align_none\"><a class=\"w-btn us-btn-style_1\" href=\"https:\/\/www.tablaosflamencos.com\/en\/the-blue-night-flamenco-opera-seville-biennial-2026.html\"><span class=\"w-btn-label\">Guide to La noche azul<\/span><\/a><\/div><\/div><\/div><\/div><\/div><div class=\"vc_col-sm-6 wpb_column vc_column_container\"><div class=\"vc_column-inner\"><div class=\"wpb_wrapper\"><div class=\"wpb_text_column\"><div class=\"wpb_wrapper\"><h2>From Saturday: the new Sala de revelado<\/h2>\n<p>The Biennial has also launched a travelling installation under the slogan <strong>\u201cWhat is invisible is also flamenco\u201d<\/strong>. The <em>Sala de revelado<\/em> shows rehearsal, research and creative processes that normally remain outside the public eye.<\/p>\n<p>After travelling through Triana, El Prado\/Nervi\u00f3n and Calle Feria, the installation is based <strong>from Saturday 5 September at the Royal Artillery Factory<\/strong>. There it expands the experience with documentary photographs, testimonies, audio material, podcasts and interviews related to the creative processes of Biennial artists.<\/p>\n<p>The combination is especially logical: visiting <em>La noche azul<\/em> and the <em>Sala de revelado<\/em> in the same building lets you explore two sides of flamenco \u2014 historical memory and contemporary creation \u2014 before going out to see a performance at night.<\/p>\n<\/div><\/div><\/div><\/div><\/div><\/div><\/div><\/section><section class=\"l-section wpb_row height_huge\"><div class=\"l-section-h i-cf\"><div class=\"g-cols vc_row via_flex valign_top type_default stacking_default\"><div class=\"vc_col-sm-6 wpb_column vc_column_container\"><div class=\"vc_column-inner\"><div class=\"wpb_wrapper\"><div class=\"wpb_text_column\"><div class=\"wpb_wrapper\"><h2 id=\"tablaos\">If you prefer to secure a place: tablaos throughout the weekend<\/h2>\n<p>The three major pre-Biennial events on Friday, Saturday and Sunday are free until capacity is reached. That has an obvious advantage, but also a limit: <strong>it is not the same as having a guaranteed seat<\/strong>.<\/p>\n<p>If you arrive late, are travelling on a very tight schedule or simply prefer to book in advance, Seville&#8217;s tablaos maintain their usual programme throughout the weekend. There are options around Las Setas, Santa Cruz, Arenal, Plaza Nueva, the historic centre and Triana, usually with formats of around one hour.<\/p>\n<p>It can also be a good complement: exhibition or daytime activity, free event at 21:30 and a tablao on another day. There is no need to try to do everything on the same night.<\/p>\n<\/div><\/div><div class=\"w-separator size_medium\"><\/div><div class=\"w-hwrapper valign_top wrap stack_on_mobiles align_center\" style=\"--hwrapper-gap:1.2rem\"><div class=\"w-btn-wrapper align_none\"><a class=\"w-btn us-btn-style_1\" href=\"https:\/\/www.tablaosflamencos.com\/en\/flamenco-seville-biennial-2026-shows-beyond-official-programme.html\"><span class=\"w-btn-label\">Compare tablaos in Seville<\/span><\/a><\/div><\/div><\/div><\/div><\/div><div class=\"vc_col-sm-6 wpb_column vc_column_container\"><div class=\"vc_column-inner\"><div class=\"wpb_wrapper\"><div class=\"wpb_text_column\"><div class=\"wpb_wrapper\"><h2>Which plan to choose depending on your interests<\/h2>\n<ul>\n<li><strong>Dance and contemporary creation:<\/strong> Hermanos Aguilar, Friday 4.<\/li>\n<li><strong>Cante festival with a broad line-up:<\/strong> Macarena Flamenca, Saturday 5.<\/li>\n<li><strong>History of cante and tribute to an essential figure:<\/strong> Fosforito, Sunday 6.<\/li>\n<li><strong>History and documentary heritage:<\/strong> <em>La noche azul<\/em>.<\/li>\n<li><strong>Contemporary creative processes:<\/strong> <em>Sala de revelado<\/em>.<\/li>\n<li><strong>Reserved time and regular performance:<\/strong> tablao.<\/li>\n<\/ul>\n<p>If you can only choose one night, the decision depends more on the kind of flamenco you are looking for than on any absolute ranking. These are very different proposals, and precisely that diversity is one of the attractions of the weekend before the Biennial.<\/p>\n<\/div><\/div><\/div><\/div><\/div><\/div><\/div><\/section><section class=\"l-section wpb_row height_huge color_alternate with_shape\"><div class=\"l-section-shape type_zigzag pos_top\" style=\"height:3vmin;\"><svg xmlns=\"http:\/\/www.w3.org\/2000\/svg\" viewBox=\"0 0 64 8\" preserveAspectRatio=\"none\" width=\"100%\" height=\"100%\">\r\n\t<path fill=\"currentColor\" d=\"M64 8 L0 8 L0 0 L20 7.9 L40 3 L48 5 L64 0 Z\"\/>\r\n<\/svg><\/div><div class=\"l-section-shape type_zigzag pos_bottom\" style=\"height:3vmin;\"><svg xmlns=\"http:\/\/www.w3.org\/2000\/svg\" viewBox=\"0 0 64 8\" preserveAspectRatio=\"none\" width=\"100%\" height=\"100%\">\r\n\t<path fill=\"currentColor\" d=\"M64 8 L0 8 L0 0 L20 7.9 L40 3 L48 5 L64 0 Z\"\/>\r\n<\/svg><\/div><div class=\"l-section-h i-cf\"><div class=\"g-cols vc_row via_flex valign_top type_default stacking_default\"><div class=\"vc_col-sm-12 wpb_column vc_column_container\"><div class=\"vc_column-inner\"><div class=\"wpb_wrapper\"><div class=\"wpb_text_column\"><div class=\"wpb_wrapper\"><h2 id=\"agenda\" style=\"text-align: center;\">Quick schedule: flamenco in Seville from 4 to 6 September 2026<\/h2>\n<div style=\"overflow-x: auto;\">\n<table>\n<thead>\n<tr>\n<th>Day<\/th>\n<th>Plan<\/th>\n<th>Time<\/th>\n<th>Venue<\/th>\n<th>Admission<\/th>\n<\/tr>\n<\/thead>\n<tbody>\n<tr>\n<td>Friday 4<\/td>\n<td><strong>Hermanos Aguilar \u2014 <em>Cuesti\u00f3n de tiempo<\/em><\/strong><\/td>\n<td>21:30<\/td>\n<td>Monastery of San Jer\u00f3nimo<\/td>\n<td>Free until capacity is reached<\/td>\n<\/tr>\n<tr>\n<td>Saturday 5<\/td>\n<td><strong>2nd Macarena Flamenca Festival<\/strong><\/td>\n<td>21:30<\/td>\n<td>Plaza Virgen del Pilar, La Barzola<\/td>\n<td>Free until capacity is reached<\/td>\n<\/tr>\n<tr>\n<td>Sunday 6<\/td>\n<td><strong><em>Nazareno y Olivares<\/em> \u2014 Tribute to Fosforito<\/strong><\/td>\n<td>21:30<\/td>\n<td>Museum of Popular Arts and Customs<\/td>\n<td>Free until capacity is reached<\/td>\n<\/tr>\n<tr>\n<td>Saturday 5<\/td>\n<td><strong><em>La noche azul<\/em> + Sala de revelado<\/strong><\/td>\n<td>10:00\u201320:00<\/td>\n<td>Royal Artillery Factory<\/td>\n<td>Free<\/td>\n<\/tr>\n<tr>\n<td>Sunday 6<\/td>\n<td><strong><em>La noche azul<\/em> + Sala de revelado<\/strong><\/td>\n<td>10:00\u201314:00<\/td>\n<td>Royal Artillery Factory<\/td>\n<td>Free<\/td>\n<\/tr>\n<\/tbody>\n<\/table>\n<\/div>\n<\/div><\/div><\/div><\/div><\/div><\/div><\/div><\/section><section class=\"l-section wpb_row height_huge\"><div class=\"l-section-h i-cf\"><div class=\"g-cols vc_row via_flex valign_top type_default stacking_default\"><div class=\"vc_col-sm-6 wpb_column vc_column_container\"><div class=\"vc_column-inner\"><div class=\"wpb_wrapper\"><div class=\"wpb_text_column\"><div class=\"wpb_wrapper\"><h2 id=\"organizar\">How to organise the weekend without rushing<\/h2>\n<p>A good strategy is to reserve each evening for one main event and use the day to explore the city. There is no need to turn the weekend into a marathon.<\/p>\n<p><strong>Friday:<\/strong> historic centre in the afternoon + San Jer\u00f3nimo at 21:30.<\/p>\n<p><strong>Saturday:<\/strong> Artillery Factory in the morning or early afternoon + Macarena and Alameda + Macarena Flamenca Festival at night.<\/p>\n<p><strong>Sunday:<\/strong> Artillery Factory in the morning + Mar\u00eda Luisa Park and Plaza de Espa\u00f1a in the afternoon + tribute to Fosforito at 21:30.<\/p>\n<p>For the free events, our recommendation is to arrive with time to spare. At an event without numbered tickets, arriving early matters much more than at a reserved show.<\/p>\n<\/div><\/div><\/div><\/div><\/div><div class=\"vc_col-sm-6 wpb_column vc_column_container\"><div class=\"vc_column-inner\"><div class=\"wpb_wrapper\"><div class=\"wpb_text_column\"><div class=\"wpb_wrapper\"><h2 id=\"despues\">And afterwards: the Biennial officially begins on the 9th<\/h2>\n<p>The weekend is not the end of this pre-programme. On Tuesday 8 the film series continues <em>Flamencas<\/em> and on Wednesday <strong>9 September<\/strong> the official opening arrives with the <strong>Preg\u00f3n Cantado<\/strong> in Plaza de San Francisco.<\/p>\n<p>From then on the scale changes: the major performances begin and the programme expands across the edition&#8217;s main venues. If you are staying in Seville for more days, it is worth moving from this weekend guide to our <strong>complete Biennial guide<\/strong> and to the specific article about <strong>the first official weekend<\/strong>, which already covers the shows from 9 September onwards.<\/p>\n<\/div><\/div><div class=\"w-separator size_medium\"><\/div><div class=\"w-hwrapper valign_top wrap stack_on_mobiles align_center\" style=\"--hwrapper-gap:1.2rem\"><div class=\"w-btn-wrapper align_none\"><a class=\"w-btn us-btn-style_1\" href=\"https:\/\/www.tablaosflamencos.com\/en\/seville-flamenco-biennial-2026.html\"><span class=\"w-btn-label\">Complete 2026 Biennial guide<\/span><\/a><\/div><div class=\"w-btn-wrapper align_none\"><a class=\"w-btn us-btn-style_1\" href=\"https:\/\/www.tablaosflamencos.com\/en\/what-to-see-first-weekend-seville-flamenco-biennial-2026.html\"><span class=\"w-btn-label\">What to see on the first official weekend<\/span><\/a><\/div><\/div><\/div><\/div><\/div><\/div><\/div><\/section><section class=\"l-section wpb_row height_huge color_alternate with_shape\"><div class=\"l-section-shape type_zigzag pos_top hor_flip\" style=\"height:3vmin;\"><svg xmlns=\"http:\/\/www.w3.org\/2000\/svg\" viewBox=\"0 0 64 8\" preserveAspectRatio=\"none\" width=\"100%\" height=\"100%\">\r\n\t<path fill=\"currentColor\" d=\"M64 8 L0 8 L0 0 L20 7.9 L40 3 L48 5 L64 0 Z\"\/>\r\n<\/svg><\/div><div class=\"l-section-shape type_zigzag pos_bottom\" style=\"height:3vmin;\"><svg xmlns=\"http:\/\/www.w3.org\/2000\/svg\" viewBox=\"0 0 64 8\" preserveAspectRatio=\"none\" width=\"100%\" height=\"100%\">\r\n\t<path fill=\"currentColor\" d=\"M64 8 L0 8 L0 0 L20 7.9 L40 3 L48 5 L64 0 Z\"\/>\r\n<\/svg><\/div><div class=\"l-section-h i-cf\"><div class=\"g-cols vc_row via_flex valign_top type_default stacking_default\"><div class=\"vc_col-sm-12 wpb_column vc_column_container\"><div class=\"vc_column-inner\"><div class=\"wpb_wrapper\"><div class=\"wpb_text_column\"><div class=\"wpb_wrapper\"><h2 style=\"text-align: center;\">The Biennial has not officially begun yet, but Seville is already in flamenco mode<\/h2>\n<p style=\"text-align: center;\">The weekend of 4 to 6 September offers an especially attractive combination: three free evening performances, two daytime cultural proposals at the Royal Artillery Factory and the full regular programme of the tablaos.<\/p>\n<p style=\"text-align: center;\">If you are going to be in Seville on these days, there is no need to wait until 9 September to start experiencing the Biennial. The city is already showing part of what is to come: <strong>dance, cante, memory, heritage, creation and flamenco in the streets<\/strong>.<\/p>\n<\/div><\/div><div class=\"w-separator size_medium\"><\/div><div class=\"w-hwrapper valign_top wrap stack_on_mobiles align_center\" style=\"--hwrapper-gap:1.2rem\"><div class=\"w-btn-wrapper align_none\"><a class=\"w-btn us-btn-style_1\" href=\"https:\/\/www.tablaosflamencos.com\/en\/seville-flamenco-biennial-2026-free.html\"><span class=\"w-btn-label\">See free Biennial activities<\/span><\/a><\/div><\/div><\/div><\/div><\/div><\/div><\/div><\/section><section class=\"l-section wpb_row height_huge with_shape\"><div class=\"l-section-shape type_zigzag pos_bottom\" style=\"height:3vmin;\"><svg xmlns=\"http:\/\/www.w3.org\/2000\/svg\" viewBox=\"0 0 64 8\" preserveAspectRatio=\"none\" width=\"100%\" height=\"100%\">\r\n\t<path fill=\"currentColor\" d=\"M64 8 L0 8 L0 0 L20 7.9 L40 3 L48 5 L64 0 Z\"\/>\r\n<\/svg><\/div><div class=\"l-section-h i-cf\"><div class=\"g-cols vc_row via_flex valign_top type_default stacking_default\"><div class=\"vc_col-sm-1\/5 wpb_column vc_column_container\"><div class=\"vc_column-inner\"><div class=\"wpb_wrapper\"><\/div><\/div><\/div><div class=\"vc_col-sm-3\/5 wpb_column vc_column_container\"><div class=\"vc_column-inner\"><div class=\"wpb_wrapper\"><div class=\"wpb_text_column\"><div class=\"wpb_wrapper\"><h2 id=\"faq\" style=\"text-align: center;\">Frequently asked questions about flamenco in Seville this weekend<\/h2>\n<\/div><\/div><div class=\"w-separator size_medium\"><\/div><div class=\"w-tabs accordion toggle_style_1 has_scrolling\" style=\"--sections-title-size:inherit;--sections-gap:0.5rem;\"><div class=\"w-tabs-sections titles-align_none icon_chevron cpos_right\"><div class=\"w-tabs-section\" id=\"f3ec\"><button type=\"button\" class=\"w-tabs-section-header\" aria-controls=\"content-f3ec\" aria-expanded=\"false\"><div class=\"w-tabs-section-title\">What flamenco is on in Seville this weekend, from 4 to 6 September 2026?<\/div><div class=\"w-tabs-section-control\"><\/div><\/button><div  class=\"w-tabs-section-content\" id=\"content-f3ec\"><div class=\"w-tabs-section-content-h i-cf\"><div class=\"wpb_text_column\"><div class=\"wpb_wrapper\"><p>On Friday 4 Hermanos Aguilar perform <em>Cuesti\u00f3n de tiempo<\/em> at the Monastery of San Jer\u00f3nimo; on Saturday 5 the 2nd Macarena Flamenca Festival takes place in Plaza Virgen del Pilar; and on Sunday 6 there is <em>Nazareno y Olivares<\/em>, a tribute to Fosforito, at the Museum of Popular Arts and Customs. All three events begin at 21:30.<\/p>\n<\/div><\/div><\/div><\/div><\/div><div class=\"w-tabs-section\" id=\"v4f5\"><button type=\"button\" class=\"w-tabs-section-header\" aria-controls=\"content-v4f5\" aria-expanded=\"false\"><div class=\"w-tabs-section-title\">Are this weekend&#8217;s pre-Biennial shows free?<\/div><div class=\"w-tabs-section-control\"><\/div><\/button><div  class=\"w-tabs-section-content\" id=\"content-v4f5\"><div class=\"w-tabs-section-content-h i-cf\"><div class=\"wpb_text_column\"><div class=\"wpb_wrapper\"><p>Yes. The performances on 4, 5 and 6 September are announced with free admission until capacity is reached, so it is advisable to arrive early.<\/p>\n<\/div><\/div><\/div><\/div><\/div><div class=\"w-tabs-section\" id=\"t5cc\"><button type=\"button\" class=\"w-tabs-section-header\" aria-controls=\"content-t5cc\" aria-expanded=\"false\"><div class=\"w-tabs-section-title\">When does the 2026 Seville Flamenco Biennial officially begin?<\/div><div class=\"w-tabs-section-control\"><\/div><\/button><div  class=\"w-tabs-section-content\" id=\"content-t5cc\"><div class=\"w-tabs-section-content-h i-cf\"><div class=\"wpb_text_column\"><div class=\"wpb_wrapper\"><p>The 24th Flamenco Biennial officially runs from 9 September to 3 October 2026. However, several parallel activities and performances begin before the 9th.<\/p>\n<\/div><\/div><\/div><\/div><\/div><div class=\"w-tabs-section\" id=\"s6b1\"><button type=\"button\" class=\"w-tabs-section-header\" aria-controls=\"content-s6b1\" aria-expanded=\"false\"><div class=\"w-tabs-section-title\">What can I see on Friday 4 September?<\/div><div class=\"w-tabs-section-control\"><\/div><\/button><div  class=\"w-tabs-section-content\" id=\"content-s6b1\"><div class=\"w-tabs-section-content-h i-cf\"><div class=\"wpb_text_column\"><div class=\"wpb_wrapper\"><p><em>Cuesti\u00f3n de tiempo<\/em>, by Hermanos Aguilar, at 21:30 in the Monastery of San Jer\u00f3nimo. It is a dance and contemporary creation piece focused on memory, identity and family heritage.<\/p>\n<\/div><\/div><\/div><\/div><\/div><div class=\"w-tabs-section\" id=\"t77e\"><button type=\"button\" class=\"w-tabs-section-header\" aria-controls=\"content-t77e\" aria-expanded=\"false\"><div class=\"w-tabs-section-title\">What is on Saturday 5 September?<\/div><div class=\"w-tabs-section-control\"><\/div><\/button><div  class=\"w-tabs-section-content\" id=\"content-t77e\"><div class=\"w-tabs-section-content-h i-cf\"><div class=\"wpb_text_column\"><div class=\"wpb_wrapper\"><p>The 2nd Macarena Flamenca Festival takes place at 21:30 in Plaza Virgen del Pilar in La Barzola and pays tribute to Jos\u00e9 de la Tomasa. The bill includes, among others, Potito, Antonio Reyes, Remedios Reyes, Manuel de la Tomasa and Manuela Amador Carrasco.<\/p>\n<\/div><\/div><\/div><\/div><\/div><div class=\"w-tabs-section\" id=\"x85d\"><button type=\"button\" class=\"w-tabs-section-header\" aria-controls=\"content-x85d\" aria-expanded=\"false\"><div class=\"w-tabs-section-title\">What is on Sunday 6 September?<\/div><div class=\"w-tabs-section-control\"><\/div><\/button><div  class=\"w-tabs-section-content\" id=\"content-x85d\"><div class=\"w-tabs-section-content-h i-cf\"><div class=\"wpb_text_column\"><div class=\"wpb_wrapper\"><p>At 21:30 there is <em>Nazareno y Olivares<\/em> at the Museum of Popular Arts and Customs, a proposal dedicated to Fosforito&#8217;s life and work through music, spoken word and dance.<\/p>\n<\/div><\/div><\/div><\/div><\/div><div class=\"w-tabs-section\" id=\"m93b\"><button type=\"button\" class=\"w-tabs-section-header\" aria-controls=\"content-m93b\" aria-expanded=\"false\"><div class=\"w-tabs-section-title\">Are there flamenco plans during the day?<\/div><div class=\"w-tabs-section-control\"><\/div><\/button><div  class=\"w-tabs-section-content\" id=\"content-m93b\"><div class=\"w-tabs-section-content-h i-cf\"><div class=\"wpb_text_column\"><div class=\"wpb_wrapper\"><p>Yes. The Royal Artillery Factory hosts the free exhibition <em>La noche azul<\/em> and, from Saturday 5, also the <em>Sala de revelado<\/em>, dedicated to showing the creative processes of Biennial artists.<\/p>\n<\/div><\/div><\/div><\/div><\/div><div class=\"w-tabs-section\" id=\"ka0b\"><button type=\"button\" class=\"w-tabs-section-header\" aria-controls=\"content-ka0b\" aria-expanded=\"false\"><div class=\"w-tabs-section-title\">What are the opening hours of La noche azul this weekend?<\/div><div class=\"w-tabs-section-control\"><\/div><\/button><div  class=\"w-tabs-section-content\" id=\"content-ka0b\"><div class=\"w-tabs-section-content-h i-cf\"><div class=\"wpb_text_column\"><div class=\"wpb_wrapper\"><p>The exhibition&#8217;s official hours are 10:00 to 20:00 Monday to Saturday and 10:00 to 14:00 on Sundays. Admission is free.<\/p>\n<\/div><\/div><\/div><\/div><\/div><div class=\"w-tabs-section\" id=\"cad4\"><button type=\"button\" class=\"w-tabs-section-header\" aria-controls=\"content-cad4\" aria-expanded=\"false\"><div class=\"w-tabs-section-title\">Can I book a tablao if I do not want to depend on capacity at the free events?<\/div><div class=\"w-tabs-section-control\"><\/div><\/button><div  class=\"w-tabs-section-content\" id=\"content-cad4\"><div class=\"w-tabs-section-content-h i-cf\"><div class=\"wpb_text_column\"><div class=\"wpb_wrapper\"><p>Yes. Seville&#8217;s tablaos maintain their usual programme throughout the weekend. It is a recommended alternative if you want to secure a place, choose a specific time or combine one of the Biennial&#8217;s pre-events with another flamenco show.<\/p>\n<\/div><\/div><\/div><\/div><\/div><div class=\"w-tabs-section\" id=\"cb98\"><button type=\"button\" class=\"w-tabs-section-header\" aria-controls=\"content-cb98\" aria-expanded=\"false\"><div class=\"w-tabs-section-title\">What happens after this weekend?<\/div><div class=\"w-tabs-section-control\"><\/div><\/button><div  class=\"w-tabs-section-content\" id=\"content-cb98\"><div class=\"w-tabs-section-content-h i-cf\"><div class=\"wpb_text_column\"><div class=\"wpb_wrapper\"><p>The pre-programme continues on 8 September and the Biennial officially begins on the 9th. From then on the major productions, premieres and series begin at Seville&#8217;s main venues.<\/p>\n<\/div><\/div><\/div><\/div><\/div><\/div><\/div><\/div><\/div><\/div><div class=\"vc_col-sm-1\/5 wpb_column vc_column_container\"><div class=\"vc_column-inner\"><div class=\"wpb_wrapper\"><\/div><\/div><\/div><\/div><\/div><\/section>\n","protected":false},"excerpt":{"rendered":"<p>What to see in Seville from 4 to 6 September 2026 before the Biennial: free shows, exhibitions, tablaos and practical plans.<\/p>\n","protected":false},"author":1,"featured_media":14517,"comment_status":"closed","ping_status":"closed","sticky":false,"template":"","format":"standard","meta":{"_acf_changed":false,"wpai_generated_summary":"","_ayudawp_aiss_exclude":false,"_ayudawp_aiss_exclude_summary":false,"_ayudawp_aiss_summary":"","_ayudawp_aiss_summary_provider":"","_ayudawp_aiss_summary_hash":"","footnotes":""},"categories":[1427],"tags":[1232,1233,1234,1235,1144,1236,1237],"class_list":["post-14535","post","type-post","status-publish","format-standard","has-post-thumbnail","hentry","category-flamenco-biennial","tag-agenda-flamenca","tag-bienal-2026","tag-bienal-de-flamenco","tag-festivales-flamencos","tag-flamenco-en-sevilla","tag-sevilla","tag-tablaos-de-sevilla"],"acf":[],"yoast_head":"<!-- This site is optimized with the Yoast SEO Premium plugin v28.4 (Yoast SEO v28.4) - https:\/\/yoast.com\/product\/yoast-seo-premium-wordpress\/ -->\n<title>Flamenco in Seville This Weekend: 4\u20136 September<\/title>\n<meta name=\"description\" content=\"What to see in Seville from 4 to 6 September 2026 before the Biennial: Hermanos Aguilar, Macarena Flamenca, Fosforito tribute, exhibitions and tablaos.\" \/>\n<meta name=\"robots\" content=\"index, follow, max-snippet:-1, max-image-preview:large, max-video-preview:-1\" \/>\n<link rel=\"canonical\" href=\"https:\/\/www.tablaosflamencos.com\/en\/flamenco-seville-this-weekend-before-biennial-2026.html\" \/>\n<meta property=\"og:locale\" content=\"en_US\" \/>\n<meta property=\"og:type\" content=\"article\" \/>\n<meta property=\"og:title\" content=\"Flamenco in Seville this weekend: what to see before the Biennial\" \/>\n<meta property=\"og:description\" content=\"What to see in Seville from 4 to 6 September 2026 before the Biennial: Hermanos Aguilar, Macarena Flamenca, Fosforito tribute, exhibitions and tablaos.\" \/>\n<meta property=\"og:url\" content=\"https:\/\/www.tablaosflamencos.com\/en\/flamenco-seville-this-weekend-before-biennial-2026.html\" \/>\n<meta property=\"og:site_name\" content=\"Tablaos Flamencos\" \/>\n<meta property=\"article:publisher\" content=\"https:\/\/www.facebook.com\/tablaosflamencos\" \/>\n<meta property=\"article:published_time\" content=\"2026-09-04T16:48:29+00:00\" \/>\n<meta property=\"article:modified_time\" content=\"2026-09-04T17:14:17+00:00\" \/>\n<meta property=\"og:image\" content=\"https:\/\/www.tablaosflamencos.com\/wp-content\/uploads\/flamenco-en-sevilla-este-fin-de-semana-que-ver-antes-de-la-bienal-01.webp\" \/>\n\t<meta property=\"og:image:width\" content=\"1672\" \/>\n\t<meta property=\"og:image:height\" content=\"941\" \/>\n\t<meta property=\"og:image:type\" content=\"image\/webp\" \/>\n<meta name=\"author\" content=\"Miguel Ortiz\" \/>\n<meta name=\"twitter:card\" content=\"summary_large_image\" \/>\n<meta name=\"twitter:creator\" content=\"@tablaosflamenco\" \/>\n<meta name=\"twitter:site\" content=\"@tablaosflamenco\" \/>\n<meta name=\"twitter:label1\" content=\"Written by\" \/>\n\t<meta name=\"twitter:data1\" content=\"Miguel Ortiz\" \/>\n\t<meta name=\"twitter:label2\" content=\"Est. reading time\" \/>\n\t<meta name=\"twitter:data2\" content=\"16 minutes\" \/>\n<script type=\"application\/ld+json\" class=\"yoast-schema-graph\">{\"@context\":\"https:\\\/\\\/schema.org\",\"@graph\":[{\"@type\":\"Article\",\"@id\":\"https:\\\/\\\/www.tablaosflamencos.com\\\/en\\\/flamenco-seville-this-weekend-before-biennial-2026.html#article\",\"isPartOf\":{\"@id\":\"https:\\\/\\\/www.tablaosflamencos.com\\\/en\\\/flamenco-seville-this-weekend-before-biennial-2026.html\"},\"author\":{\"name\":\"Miguel Ortiz\",\"@id\":\"https:\\\/\\\/www.tablaosflamencos.com\\\/en#\\\/schema\\\/person\\\/e7a9ebe14eb75a52ceabfbffb3c54f5d\"},\"headline\":\"Flamenco in Seville this weekend: what to see before the Biennial\",\"datePublished\":\"2026-09-04T16:48:29+00:00\",\"dateModified\":\"2026-09-04T17:14:17+00:00\",\"mainEntityOfPage\":{\"@id\":\"https:\\\/\\\/www.tablaosflamencos.com\\\/en\\\/flamenco-seville-this-weekend-before-biennial-2026.html\"},\"wordCount\":3144,\"publisher\":{\"@id\":\"https:\\\/\\\/www.tablaosflamencos.com\\\/en#organization\"},\"image\":{\"@id\":\"https:\\\/\\\/www.tablaosflamencos.com\\\/en\\\/flamenco-seville-this-weekend-before-biennial-2026.html#primaryimage\"},\"thumbnailUrl\":\"https:\\\/\\\/www.tablaosflamencos.com\\\/wp-content\\\/uploads\\\/flamenco-en-sevilla-este-fin-de-semana-que-ver-antes-de-la-bienal-01.webp\",\"keywords\":[\"agenda flamenca\",\"Bienal 2026\",\"Bienal de Flamenco\",\"festivales flamencos\",\"flamenco en Sevilla\",\"sevilla\",\"tablaos de Sevilla\"],\"articleSection\":[\"Flamenco Biennial\"],\"inLanguage\":\"en-US\"},{\"@type\":\"WebPage\",\"@id\":\"https:\\\/\\\/www.tablaosflamencos.com\\\/en\\\/flamenco-seville-this-weekend-before-biennial-2026.html\",\"url\":\"https:\\\/\\\/www.tablaosflamencos.com\\\/en\\\/flamenco-seville-this-weekend-before-biennial-2026.html\",\"name\":\"Flamenco in Seville This Weekend: 4\u20136 September\",\"isPartOf\":{\"@id\":\"https:\\\/\\\/www.tablaosflamencos.com\\\/en#website\"},\"primaryImageOfPage\":{\"@id\":\"https:\\\/\\\/www.tablaosflamencos.com\\\/en\\\/flamenco-seville-this-weekend-before-biennial-2026.html#primaryimage\"},\"image\":{\"@id\":\"https:\\\/\\\/www.tablaosflamencos.com\\\/en\\\/flamenco-seville-this-weekend-before-biennial-2026.html#primaryimage\"},\"thumbnailUrl\":\"https:\\\/\\\/www.tablaosflamencos.com\\\/wp-content\\\/uploads\\\/flamenco-en-sevilla-este-fin-de-semana-que-ver-antes-de-la-bienal-01.webp\",\"datePublished\":\"2026-09-04T16:48:29+00:00\",\"dateModified\":\"2026-09-04T17:14:17+00:00\",\"description\":\"What to see in Seville from 4 to 6 September 2026 before the Biennial: Hermanos Aguilar, Macarena Flamenca, Fosforito tribute, exhibitions and tablaos.\",\"breadcrumb\":{\"@id\":\"https:\\\/\\\/www.tablaosflamencos.com\\\/en\\\/flamenco-seville-this-weekend-before-biennial-2026.html#breadcrumb\"},\"inLanguage\":\"en-US\",\"potentialAction\":[{\"@type\":\"ReadAction\",\"target\":[\"https:\\\/\\\/www.tablaosflamencos.com\\\/en\\\/flamenco-seville-this-weekend-before-biennial-2026.html\"]}]},{\"@type\":\"ImageObject\",\"inLanguage\":\"en-US\",\"@id\":\"https:\\\/\\\/www.tablaosflamencos.com\\\/en\\\/flamenco-seville-this-weekend-before-biennial-2026.html#primaryimage\",\"url\":\"https:\\\/\\\/www.tablaosflamencos.com\\\/wp-content\\\/uploads\\\/flamenco-en-sevilla-este-fin-de-semana-que-ver-antes-de-la-bienal-01.webp\",\"contentUrl\":\"https:\\\/\\\/www.tablaosflamencos.com\\\/wp-content\\\/uploads\\\/flamenco-en-sevilla-este-fin-de-semana-que-ver-antes-de-la-bienal-01.webp\",\"width\":1672,\"height\":941,\"caption\":\"Flamenco en Sevilla este fin de semana: qu\u00e9 ver antes de la Bienal\"},{\"@type\":\"BreadcrumbList\",\"@id\":\"https:\\\/\\\/www.tablaosflamencos.com\\\/en\\\/flamenco-seville-this-weekend-before-biennial-2026.html#breadcrumb\",\"itemListElement\":[{\"@type\":\"ListItem\",\"position\":1,\"name\":\"Home\",\"item\":\"https:\\\/\\\/www.tablaosflamencos.com\\\/en\"},{\"@type\":\"ListItem\",\"position\":2,\"name\":\"Flamenco in Seville this weekend: what to see before the Biennial\"}]},{\"@type\":\"WebSite\",\"@id\":\"https:\\\/\\\/www.tablaosflamencos.com\\\/en#website\",\"url\":\"https:\\\/\\\/www.tablaosflamencos.com\\\/en\",\"name\":\"Tablaos Flamencos\",\"description\":\"Entradas para tablaos flamencos de Espa\u00f1a\",\"publisher\":{\"@id\":\"https:\\\/\\\/www.tablaosflamencos.com\\\/en#organization\"},\"alternateName\":\"Tablaos Flamencos\",\"potentialAction\":[{\"@type\":\"SearchAction\",\"target\":{\"@type\":\"EntryPoint\",\"urlTemplate\":\"https:\\\/\\\/www.tablaosflamencos.com\\\/en?s={search_term_string}\"},\"query-input\":{\"@type\":\"PropertyValueSpecification\",\"valueRequired\":true,\"valueName\":\"search_term_string\"}}],\"inLanguage\":\"en-US\"},{\"@type\":[\"Organization\",\"Place\",\"EntertainmentBusiness\"],\"@id\":\"https:\\\/\\\/www.tablaosflamencos.com\\\/en#organization\",\"name\":\"Tablaos Flamencos\",\"alternateName\":\"Tablaos Flamencos\",\"url\":\"https:\\\/\\\/www.tablaosflamencos.com\\\/en\",\"logo\":{\"@id\":\"https:\\\/\\\/www.tablaosflamencos.com\\\/en\\\/flamenco-seville-this-weekend-before-biennial-2026.html#local-main-organization-logo\"},\"image\":{\"@id\":\"https:\\\/\\\/www.tablaosflamencos.com\\\/en\\\/flamenco-seville-this-weekend-before-biennial-2026.html#local-main-organization-logo\"},\"sameAs\":[\"https:\\\/\\\/www.facebook.com\\\/tablaosflamencos\",\"https:\\\/\\\/x.com\\\/tablaosflamenco\",\"https:\\\/\\\/mastodon.social\\\/@tablaosflamencos\",\"https:\\\/\\\/www.instagram.com\\\/tablaosflamencos\",\"https:\\\/\\\/tiktok.com\\\/@tablaosflamencos\",\"https:\\\/\\\/www.linkedin.com\\\/company\\\/109408238\\\/\"],\"description\":\"Venta de entradas para espect\u00e1culos flamencos\",\"legalName\":\"Tablaos Flamencos\",\"foundingDate\":\"2015-01-01\",\"numberOfEmployees\":{\"@type\":\"QuantitativeValue\",\"minValue\":\"1\",\"maxValue\":\"10\"},\"address\":{\"@id\":\"https:\\\/\\\/www.tablaosflamencos.com\\\/en\\\/flamenco-seville-this-weekend-before-biennial-2026.html#local-main-place-address\"},\"geo\":{\"@type\":\"GeoCoordinates\",\"latitude\":\"37.3868072\",\"longitude\":\"-5.993280299999999\"},\"telephone\":[\"+34623787787\"],\"contactPoint\":{\"@type\":\"ContactPoint\",\"telephone\":\"+34623787787\",\"email\":\"info@tablaosflamencos.com\"},\"openingHoursSpecification\":{\"@type\":\"OpeningHoursSpecification\",\"dayOfWeek\":[\"Monday\",\"Tuesday\",\"Wednesday\",\"Thursday\",\"Friday\",\"Saturday\",\"Sunday\"],\"opens\":\"00:00\",\"closes\":\"23:59\"},\"email\":\"info@tablaosflamencos.com\",\"priceRange\":\"$$$\",\"currenciesAccepted\":\"\u20ac\"},{\"@type\":\"Person\",\"@id\":\"https:\\\/\\\/www.tablaosflamencos.com\\\/en#\\\/schema\\\/person\\\/e7a9ebe14eb75a52ceabfbffb3c54f5d\",\"name\":\"Miguel Ortiz\",\"description\":\"Miguel Ortiz es un empresario flamenco, con una s\u00f3lida trayectoria dentro del sector. Ha presidido entidades culturales vinculadas al flamenco y, cuenta con un amplio recorrido profesional en la gesti\u00f3n y promoci\u00f3n de espect\u00e1culos y tablaos flamencos. Su pasi\u00f3n por la historia y el arte flamenco se refleja en cada art\u00edculo, donde combina experiencia, criterio y un profundo respeto por la tradici\u00f3n.\",\"sameAs\":[\"https:\\\/\\\/www.tablaosflamencos.com\",\"https:\\\/\\\/www.instagra.com\\\/miguelortizfe\",\"https:\\\/\\\/www.linkedin.com\\\/in\\\/miguelortizf\\\/\"],\"birthDate\":\"1984-11-22\",\"gender\":\"hombre\",\"knowsLanguage\":[\"espa\u00f1ol\",\"ingl\u00e9s\"],\"jobTitle\":\"Empresario flamenco\"},{\"@type\":\"PostalAddress\",\"@id\":\"https:\\\/\\\/www.tablaosflamencos.com\\\/en\\\/flamenco-seville-this-weekend-before-biennial-2026.html#local-main-place-address\",\"streetAddress\":\"C\\\/ Alemanes, 19\",\"addressLocality\":\"Sevilla\",\"postalCode\":\"41004\",\"addressRegion\":\"Sevilla\",\"addressCountry\":\"ES\"},{\"@type\":\"ImageObject\",\"inLanguage\":\"en-US\",\"@id\":\"https:\\\/\\\/www.tablaosflamencos.com\\\/en\\\/flamenco-seville-this-weekend-before-biennial-2026.html#local-main-organization-logo\",\"url\":\"https:\\\/\\\/www.tablaosflamencos.com\\\/wp-content\\\/uploads\\\/tablaos-flamencos-06-3.webp\",\"contentUrl\":\"https:\\\/\\\/www.tablaosflamencos.com\\\/wp-content\\\/uploads\\\/tablaos-flamencos-06-3.webp\",\"width\":600,\"height\":620,\"caption\":\"Tablaos Flamencos\"}]}<\/script>\n<meta name=\"geo.placename\" content=\"Sevilla\" \/>\n<meta name=\"geo.position\" content=\"37.3868072;-5.993280299999999\" \/>\n<meta name=\"geo.region\" content=\"Spain\" \/>\n<!-- \/ Yoast SEO Premium plugin. -->","yoast_head_json":{"title":"Flamenco in Seville This Weekend: 4\u20136 September","description":"What to see in Seville from 4 to 6 September 2026 before the Biennial: Hermanos Aguilar, Macarena Flamenca, Fosforito tribute, exhibitions and tablaos.","robots":{"index":"index","follow":"follow","max-snippet":"max-snippet:-1","max-image-preview":"max-image-preview:large","max-video-preview":"max-video-preview:-1"},"canonical":"https:\/\/www.tablaosflamencos.com\/en\/flamenco-seville-this-weekend-before-biennial-2026.html","og_locale":"en_US","og_type":"article","og_title":"Flamenco in Seville this weekend: what to see before the Biennial","og_description":"What to see in Seville from 4 to 6 September 2026 before the Biennial: Hermanos Aguilar, Macarena Flamenca, Fosforito tribute, exhibitions and tablaos.","og_url":"https:\/\/www.tablaosflamencos.com\/en\/flamenco-seville-this-weekend-before-biennial-2026.html","og_site_name":"Tablaos Flamencos","article_publisher":"https:\/\/www.facebook.com\/tablaosflamencos","article_published_time":"2026-09-04T16:48:29+00:00","article_modified_time":"2026-09-04T17:14:17+00:00","og_image":[{"width":1672,"height":941,"url":"https:\/\/www.tablaosflamencos.com\/wp-content\/uploads\/flamenco-en-sevilla-este-fin-de-semana-que-ver-antes-de-la-bienal-01.webp","type":"image\/webp"}],"author":"Miguel Ortiz","twitter_card":"summary_large_image","twitter_creator":"@tablaosflamenco","twitter_site":"@tablaosflamenco","twitter_misc":{"Written by":"Miguel Ortiz","Est. reading time":"16 minutes"},"schema":{"@context":"https:\/\/schema.org","@graph":[{"@type":"Article","@id":"https:\/\/www.tablaosflamencos.com\/en\/flamenco-seville-this-weekend-before-biennial-2026.html#article","isPartOf":{"@id":"https:\/\/www.tablaosflamencos.com\/en\/flamenco-seville-this-weekend-before-biennial-2026.html"},"author":{"name":"Miguel Ortiz","@id":"https:\/\/www.tablaosflamencos.com\/en#\/schema\/person\/e7a9ebe14eb75a52ceabfbffb3c54f5d"},"headline":"Flamenco in Seville this weekend: what to see before the Biennial","datePublished":"2026-09-04T16:48:29+00:00","dateModified":"2026-09-04T17:14:17+00:00","mainEntityOfPage":{"@id":"https:\/\/www.tablaosflamencos.com\/en\/flamenco-seville-this-weekend-before-biennial-2026.html"},"wordCount":3144,"publisher":{"@id":"https:\/\/www.tablaosflamencos.com\/en#organization"},"image":{"@id":"https:\/\/www.tablaosflamencos.com\/en\/flamenco-seville-this-weekend-before-biennial-2026.html#primaryimage"},"thumbnailUrl":"https:\/\/www.tablaosflamencos.com\/wp-content\/uploads\/flamenco-en-sevilla-este-fin-de-semana-que-ver-antes-de-la-bienal-01.webp","keywords":["agenda flamenca","Bienal 2026","Bienal de Flamenco","festivales flamencos","flamenco en Sevilla","sevilla","tablaos de Sevilla"],"articleSection":["Flamenco Biennial"],"inLanguage":"en-US"},{"@type":"WebPage","@id":"https:\/\/www.tablaosflamencos.com\/en\/flamenco-seville-this-weekend-before-biennial-2026.html","url":"https:\/\/www.tablaosflamencos.com\/en\/flamenco-seville-this-weekend-before-biennial-2026.html","name":"Flamenco in Seville This Weekend: 4\u20136 September","isPartOf":{"@id":"https:\/\/www.tablaosflamencos.com\/en#website"},"primaryImageOfPage":{"@id":"https:\/\/www.tablaosflamencos.com\/en\/flamenco-seville-this-weekend-before-biennial-2026.html#primaryimage"},"image":{"@id":"https:\/\/www.tablaosflamencos.com\/en\/flamenco-seville-this-weekend-before-biennial-2026.html#primaryimage"},"thumbnailUrl":"https:\/\/www.tablaosflamencos.com\/wp-content\/uploads\/flamenco-en-sevilla-este-fin-de-semana-que-ver-antes-de-la-bienal-01.webp","datePublished":"2026-09-04T16:48:29+00:00","dateModified":"2026-09-04T17:14:17+00:00","description":"What to see in Seville from 4 to 6 September 2026 before the Biennial: Hermanos Aguilar, Macarena Flamenca, Fosforito tribute, exhibitions and tablaos.","breadcrumb":{"@id":"https:\/\/www.tablaosflamencos.com\/en\/flamenco-seville-this-weekend-before-biennial-2026.html#breadcrumb"},"inLanguage":"en-US","potentialAction":[{"@type":"ReadAction","target":["https:\/\/www.tablaosflamencos.com\/en\/flamenco-seville-this-weekend-before-biennial-2026.html"]}]},{"@type":"ImageObject","inLanguage":"en-US","@id":"https:\/\/www.tablaosflamencos.com\/en\/flamenco-seville-this-weekend-before-biennial-2026.html#primaryimage","url":"https:\/\/www.tablaosflamencos.com\/wp-content\/uploads\/flamenco-en-sevilla-este-fin-de-semana-que-ver-antes-de-la-bienal-01.webp","contentUrl":"https:\/\/www.tablaosflamencos.com\/wp-content\/uploads\/flamenco-en-sevilla-este-fin-de-semana-que-ver-antes-de-la-bienal-01.webp","width":1672,"height":941,"caption":"Flamenco en Sevilla este fin de semana: qu\u00e9 ver antes de la Bienal"},{"@type":"BreadcrumbList","@id":"https:\/\/www.tablaosflamencos.com\/en\/flamenco-seville-this-weekend-before-biennial-2026.html#breadcrumb","itemListElement":[{"@type":"ListItem","position":1,"name":"Home","item":"https:\/\/www.tablaosflamencos.com\/en"},{"@type":"ListItem","position":2,"name":"Flamenco in Seville this weekend: what to see before the Biennial"}]},{"@type":"WebSite","@id":"https:\/\/www.tablaosflamencos.com\/en#website","url":"https:\/\/www.tablaosflamencos.com\/en","name":"Tablaos Flamencos","description":"Entradas para tablaos flamencos de Espa\u00f1a","publisher":{"@id":"https:\/\/www.tablaosflamencos.com\/en#organization"},"alternateName":"Tablaos Flamencos","potentialAction":[{"@type":"SearchAction","target":{"@type":"EntryPoint","urlTemplate":"https:\/\/www.tablaosflamencos.com\/en?s={search_term_string}"},"query-input":{"@type":"PropertyValueSpecification","valueRequired":true,"valueName":"search_term_string"}}],"inLanguage":"en-US"},{"@type":["Organization","Place","EntertainmentBusiness"],"@id":"https:\/\/www.tablaosflamencos.com\/en#organization","name":"Tablaos Flamencos","alternateName":"Tablaos Flamencos","url":"https:\/\/www.tablaosflamencos.com\/en","logo":{"@id":"https:\/\/www.tablaosflamencos.com\/en\/flamenco-seville-this-weekend-before-biennial-2026.html#local-main-organization-logo"},"image":{"@id":"https:\/\/www.tablaosflamencos.com\/en\/flamenco-seville-this-weekend-before-biennial-2026.html#local-main-organization-logo"},"sameAs":["https:\/\/www.facebook.com\/tablaosflamencos","https:\/\/x.com\/tablaosflamenco","https:\/\/mastodon.social\/@tablaosflamencos","https:\/\/www.instagram.com\/tablaosflamencos","https:\/\/tiktok.com\/@tablaosflamencos","https:\/\/www.linkedin.com\/company\/109408238\/"],"description":"Venta de entradas para espect\u00e1culos flamencos","legalName":"Tablaos Flamencos","foundingDate":"2015-01-01","numberOfEmployees":{"@type":"QuantitativeValue","minValue":"1","maxValue":"10"},"address":{"@id":"https:\/\/www.tablaosflamencos.com\/en\/flamenco-seville-this-weekend-before-biennial-2026.html#local-main-place-address"},"geo":{"@type":"GeoCoordinates","latitude":"37.3868072","longitude":"-5.993280299999999"},"telephone":["+34623787787"],"contactPoint":{"@type":"ContactPoint","telephone":"+34623787787","email":"info@tablaosflamencos.com"},"openingHoursSpecification":{"@type":"OpeningHoursSpecification","dayOfWeek":["Monday","Tuesday","Wednesday","Thursday","Friday","Saturday","Sunday"],"opens":"00:00","closes":"23:59"},"email":"info@tablaosflamencos.com","priceRange":"$$$","currenciesAccepted":"\u20ac"},{"@type":"Person","@id":"https:\/\/www.tablaosflamencos.com\/en#\/schema\/person\/e7a9ebe14eb75a52ceabfbffb3c54f5d","name":"Miguel Ortiz","description":"Miguel Ortiz es un empresario flamenco, con una s\u00f3lida trayectoria dentro del sector. Ha presidido entidades culturales vinculadas al flamenco y, cuenta con un amplio recorrido profesional en la gesti\u00f3n y promoci\u00f3n de espect\u00e1culos y tablaos flamencos. Su pasi\u00f3n por la historia y el arte flamenco se refleja en cada art\u00edculo, donde combina experiencia, criterio y un profundo respeto por la tradici\u00f3n.","sameAs":["https:\/\/www.tablaosflamencos.com","https:\/\/www.instagra.com\/miguelortizfe","https:\/\/www.linkedin.com\/in\/miguelortizf\/"],"birthDate":"1984-11-22","gender":"hombre","knowsLanguage":["espa\u00f1ol","ingl\u00e9s"],"jobTitle":"Empresario flamenco"},{"@type":"PostalAddress","@id":"https:\/\/www.tablaosflamencos.com\/en\/flamenco-seville-this-weekend-before-biennial-2026.html#local-main-place-address","streetAddress":"C\/ Alemanes, 19","addressLocality":"Sevilla","postalCode":"41004","addressRegion":"Sevilla","addressCountry":"ES"},{"@type":"ImageObject","inLanguage":"en-US","@id":"https:\/\/www.tablaosflamencos.com\/en\/flamenco-seville-this-weekend-before-biennial-2026.html#local-main-organization-logo","url":"https:\/\/www.tablaosflamencos.com\/wp-content\/uploads\/tablaos-flamencos-06-3.webp","contentUrl":"https:\/\/www.tablaosflamencos.com\/wp-content\/uploads\/tablaos-flamencos-06-3.webp","width":600,"height":620,"caption":"Tablaos Flamencos"}]},"geo.placename":"Sevilla","geo.position":{"lat":"37.3868072","long":"-5.993280299999999"},"geo.region":"Spain"},"_links":{"self":[{"href":"https:\/\/www.tablaosflamencos.com\/en\/wp-json\/wp\/v2\/posts\/14535","targetHints":{"allow":["GET"]}}],"collection":[{"href":"https:\/\/www.tablaosflamencos.com\/en\/wp-json\/wp\/v2\/posts"}],"about":[{"href":"https:\/\/www.tablaosflamencos.com\/en\/wp-json\/wp\/v2\/types\/post"}],"author":[{"embeddable":true,"href":"https:\/\/www.tablaosflamencos.com\/en\/wp-json\/wp\/v2\/users\/1"}],"replies":[{"embeddable":true,"href":"https:\/\/www.tablaosflamencos.com\/en\/wp-json\/wp\/v2\/comments?post=14535"}],"version-history":[{"count":2,"href":"https:\/\/www.tablaosflamencos.com\/en\/wp-json\/wp\/v2\/posts\/14535\/revisions"}],"predecessor-version":[{"id":14556,"href":"https:\/\/www.tablaosflamencos.com\/en\/wp-json\/wp\/v2\/posts\/14535\/revisions\/14556"}],"wp:featuredmedia":[{"embeddable":true,"href":"https:\/\/www.tablaosflamencos.com\/en\/wp-json\/wp\/v2\/media\/14517"}],"wp:attachment":[{"href":"https:\/\/www.tablaosflamencos.com\/en\/wp-json\/wp\/v2\/media?parent=14535"}],"wp:term":[{"taxonomy":"category","embeddable":true,"href":"https:\/\/www.tablaosflamencos.com\/en\/wp-json\/wp\/v2\/categories?post=14535"},{"taxonomy":"post_tag","embeddable":true,"href":"https:\/\/www.tablaosflamencos.com\/en\/wp-json\/wp\/v2\/tags?post=14535"}],"curies":[{"name":"wp","href":"https:\/\/api.w.org\/{rel}","templated":true}]}}