{"id":14515,"date":"2026-09-04T18:37:03","date_gmt":"2026-09-04T16:37:03","guid":{"rendered":"https:\/\/www.tablaosflamencos.com\/?p=14515"},"modified":"2026-09-04T19:03:15","modified_gmt":"2026-09-04T17:03:15","slug":"flamenco-tonight-seville-biennial-2026","status":"publish","type":"post","link":"https:\/\/www.tablaosflamencos.com\/en\/flamenco-tonight-seville-biennial-2026.html","title":{"rendered":"Flamenco tonight in Seville during the Biennial"},"content":{"rendered":"<section class=\"l-section wpb_row height_huge\"><div class=\"l-section-h i-cf\"><div class=\"g-cols vc_row via_flex valign_top type_default stacking_default\"><div class=\"vc_col-sm-12 wpb_column vc_column_container\"><div class=\"vc_column-inner\"><div class=\"wpb_wrapper\"><div class=\"wpb_text_column\"><div class=\"wpb_wrapper\"><h2>Flamenco tonight in Seville during the Biennial<\/h2>\n<p>If you are in Seville between <strong>9 September and 3 October 2026<\/strong> and want to see flamenco tonight, you have two complementary options: check what is on today in the <a href=\"https:\/\/www.labienal.com\/programa-general\" target=\"_blank\" rel=\"noopener\"><strong>official Biennial programme<\/strong><\/a> and see which regular shows you can book directly at the city\u2019s tablaos.<\/p>\n<p>The Biennial changes artists, times and venues almost every day. There may be events at the Teatro de la Maestranza, Lope de Vega, Teatro Central, Espacio Turina, Real Alc\u00e1zar, Hotel Triana, Real F\u00e1brica de Artiller\u00eda and other venues. So if your search is literally <strong>\u201cflamenco tonight in Seville\u201d<\/strong>, the decision should be made with your exact date in front of you.<\/p>\n<\/div><\/div><\/div><\/div><\/div><div class=\"vc_col-sm-12 wpb_column vc_column_container\"><div class=\"vc_column-inner\"><div class=\"wpb_wrapper\"><div class=\"wpb_text_column\"><div class=\"wpb_wrapper\"><h2>The fastest way to decide what to see today<\/h2>\n<p>You do not need to review the entire Biennial programme from the beginning. First check which official shows take place today and whether tickets are still available. Then compare that option with the <strong>tablaos that operate all year round<\/strong> and that you can book directly through Tablaos Flamencos.<\/p>\n<p>This second step is especially useful if you arrive late in the city, if the Biennial performance you wanted is sold out, if you prefer a more intimate venue or if you simply need an option with confirmed availability for tonight.<\/p>\n<p>The key is simple: <strong>secure a show first; then build the rest of the evening around it<\/strong>.<\/p>\n<\/div><\/div><\/div><\/div><\/div><\/div><\/div><\/section><section class=\"l-section wpb_row height_huge color_alternate with_shape\"><div class=\"l-section-shape type_zigzag pos_top hor_flip\" style=\"height:3vmin;\"><svg xmlns=\"http:\/\/www.w3.org\/2000\/svg\" viewBox=\"0 0 64 8\" preserveAspectRatio=\"none\" width=\"100%\" height=\"100%\">\r\n\t<path fill=\"currentColor\" d=\"M64 8 L0 8 L0 0 L20 7.9 L40 3 L48 5 L64 0 Z\"\/>\r\n<\/svg><\/div><div class=\"l-section-shape type_zigzag pos_bottom\" style=\"height:3vmin;\"><svg xmlns=\"http:\/\/www.w3.org\/2000\/svg\" viewBox=\"0 0 64 8\" preserveAspectRatio=\"none\" width=\"100%\" height=\"100%\">\r\n\t<path fill=\"currentColor\" d=\"M64 8 L0 8 L0 0 L20 7.9 L40 3 L48 5 L64 0 Z\"\/>\r\n<\/svg><\/div><div class=\"l-section-h i-cf\"><div class=\"g-cols vc_row via_flex valign_top type_default stacking_default\"><div class=\"vc_col-sm-12 wpb_column vc_column_container\"><div class=\"vc_column-inner\"><div class=\"wpb_wrapper\"><div class=\"wpb_text_column\"><div class=\"wpb_wrapper\"><blockquote>\n<p><strong>Quick answer:<\/strong> if you are looking for flamenco tonight in Seville during the 2026 Biennial, first check the official programme for your date. If there are no tickets, the time does not suit you or you want an immediate alternative, you can book tablaos directly through our portal such as <a href=\"https:\/\/www.tablaosflamencos.com\/en\/tablao\/tablao-flamenco-las-setas\"><strong>Tablao Flamenco Las Setas<\/strong><\/a>, <a href=\"https:\/\/www.tablaosflamencos.com\/en\/tablao\/tablao-flamenco-la-cantaora\"><strong>Tablao Flamenco La Cantaora<\/strong><\/a>, <a href=\"https:\/\/www.tablaosflamencos.com\/en\/tablao\/casa-duende-tablao\"><strong>Casa Duende Tablao<\/strong><\/a>, <a href=\"https:\/\/www.tablaosflamencos.com\/en\/tablao\/tablao-flamenco-las-duenas\"><strong>Tablao Flamenco Las Due\u00f1as<\/strong><\/a>, <a href=\"https:\/\/www.tablaosflamencos.com\/en\/tablao\/tablao-flamenco-casa-inquieta\"><strong>Casa Inquieta<\/strong><\/a>, <a href=\"https:\/\/www.tablaosflamencos.com\/en\/tablao\/casa-flamenco-azahar\"><strong>Casa Flamenco Azahar<\/strong><\/a>, <a href=\"https:\/\/www.tablaosflamencos.com\/en\/tablao\/tablao-flamenco-el-jardin-de-murillo\"><strong>El Jard\u00edn de Murillo<\/strong><\/a>, <a href=\"https:\/\/www.tablaosflamencos.com\/en\/tablao\/baraka-sala-flamenca\"><strong>Baraka Sala Flamenca<\/strong><\/a> or <a href=\"https:\/\/www.tablaosflamencos.com\/en\/tablao\/tablao-flamenco-triana\"><strong>Tablao Flamenco Triana<\/strong><\/a>.<\/p>\n<\/blockquote>\n<p><strong>Last updated: 4 September 2026.<\/strong><\/p>\n<p>If you are still planning several days, see our <a href=\"https:\/\/www.tablaosflamencos.com\/en\/seville-flamenco-biennial-2026.html\"><strong>complete guide to the 2026 Seville Flamenco Biennial<\/strong><\/a>. If your problem is that the show you wanted no longer has tickets, go straight to <a href=\"https:\/\/www.tablaosflamencos.com\/en\/biennial-sold-out-where-see-flamenco-tonight-seville.html\"><strong>Biennial sold out: where to see flamenco in Seville today<\/strong><\/a>.<\/p>\n<\/div><\/div><div class=\"w-separator size_medium\"><\/div><div class=\"w-hwrapper valign_top wrap align_center\" style=\"--hwrapper-gap:1.2rem\"><div class=\"w-btn-wrapper align_none\"><a class=\"w-btn us-btn-style_1\" href=\"https:\/\/www.tablaosflamencos.com\/en\/flamenco-in-seville\"><span class=\"w-btn-label\">Compare flamenco in Seville<\/span><\/a><\/div><div class=\"w-btn-wrapper align_none\"><a class=\"w-btn us-btn-style_11\" href=\"https:\/\/www.tablaosflamencos.com\/en\/biennial-sold-out-where-see-flamenco-tonight-seville.html\"><span class=\"w-btn-label\">See alternatives if the Biennial is sold out<\/span><\/a><\/div><\/div><\/div><\/div><\/div><\/div><\/div><\/section><section class=\"l-section wpb_row height_huge\"><div class=\"l-section-h i-cf\"><div class=\"g-cols vc_row via_flex valign_top type_default stacking_default\"><div class=\"vc_col-sm-12 wpb_column vc_column_container\"><div class=\"vc_column-inner\"><div class=\"wpb_wrapper\"><\/div><\/div><\/div><div class=\"vc_col-sm-12 wpb_column vc_column_container\"><div class=\"vc_column-inner\"><div class=\"wpb_wrapper\"><div class=\"wpb_text_column\"><div class=\"wpb_wrapper\"><h2>Contents of this guide<\/h2>\n<ul>\n<li><a href=\"#paso-1\">Step 1: check what is on today at the Biennial<\/a><\/li>\n<li><a href=\"#paso-2\">Step 2: secure an alternative at a tablao<\/a><\/li>\n<li><a href=\"#tablaos\">Tablaos you can book tonight<\/a><\/li>\n<li><a href=\"#centro\">Options in central Seville<\/a><\/li>\n<li><a href=\"#triana\">Options in Triana<\/a><\/li>\n<li><a href=\"#ultima-hora\">What to do if you are booking at the last minute<\/a><\/li>\n<li><a href=\"#combinar\">How to combine the Biennial and a tablao<\/a><\/li>\n<li><a href=\"#elegir\">How to choose in five minutes<\/a><\/li>\n<li><a href=\"#faq\">Frequently asked questions<\/a><\/li>\n<\/ul>\n<\/div><\/div><\/div><\/div><\/div><div class=\"vc_col-sm-12 wpb_column vc_column_container\"><div class=\"vc_column-inner\"><div class=\"wpb_wrapper\"><\/div><\/div><\/div><\/div><\/div><\/section><section class=\"l-section wpb_row height_huge color_alternate with_shape\"><div class=\"l-section-shape type_zigzag pos_top\" style=\"height:3vmin;\"><svg xmlns=\"http:\/\/www.w3.org\/2000\/svg\" viewBox=\"0 0 64 8\" preserveAspectRatio=\"none\" width=\"100%\" height=\"100%\">\r\n\t<path fill=\"currentColor\" d=\"M64 8 L0 8 L0 0 L20 7.9 L40 3 L48 5 L64 0 Z\"\/>\r\n<\/svg><\/div><div class=\"l-section-shape type_zigzag pos_bottom\" style=\"height:3vmin;\"><svg xmlns=\"http:\/\/www.w3.org\/2000\/svg\" viewBox=\"0 0 64 8\" preserveAspectRatio=\"none\" width=\"100%\" height=\"100%\">\r\n\t<path fill=\"currentColor\" d=\"M64 8 L0 8 L0 0 L20 7.9 L40 3 L48 5 L64 0 Z\"\/>\r\n<\/svg><\/div><div class=\"l-section-h i-cf\"><div class=\"g-cols vc_row via_flex valign_top type_default stacking_default\"><div class=\"vc_col-sm-12 wpb_column vc_column_container\"><div class=\"vc_column-inner\"><div class=\"wpb_wrapper\"><div class=\"wpb_text_column\"><div class=\"wpb_wrapper\"><h2 id=\"paso-1\">Step 1: check what is on today at the Biennial<\/h2>\n<p>The 24th Flamenco Biennial is not a festival concentrated in a single venue. Each night its performances may be spread across several venues and time slots. The official programme includes singing, dance and guitar, as well as premieres, Unique Nights and productions created especially for this edition.<\/p>\n<p>If your priority is to experience the Biennial, start by opening the <a href=\"https:\/\/www.labienal.com\/programa-general\" target=\"_blank\" rel=\"noopener\"><strong>official programme<\/strong><\/a> and find today\u2019s date. Check three things: <strong>time, venue and ticket availability<\/strong>.<\/p>\n<p>Do not focus only on the artist. The location can completely change the evening plan. A performance at the Real Alc\u00e1zar is not organised in the same way as one at the Teatro Central or a Unique Night elsewhere in Seville.<\/p>\n<p>It is also worth reading our article about <a href=\"https:\/\/www.tablaosflamencos.com\/en\/most-spectacular-venues-seville-flamenco-biennial-2026.html\"><strong>the most spectacular venues of the 2026 Biennial<\/strong><\/a> if you are deciding between several options.<\/p>\n<\/div><\/div><\/div><\/div><\/div><div class=\"vc_col-sm-12 wpb_column vc_column_container\"><div class=\"vc_column-inner\"><div class=\"wpb_wrapper\"><div class=\"wpb_text_column\"><div class=\"wpb_wrapper\"><h2 id=\"paso-2\">Step 2: secure an alternative at a tablao<\/h2>\n<p>The Biennial programme is extraordinary, but it depends on tickets for specific performances. Tablaos work differently: they maintain a regular flamenco programme and are therefore the simplest route when you need <strong>flamenco for tonight<\/strong>.<\/p>\n<p>This is especially useful during the Biennial because the city receives many visitors specifically interested in flamenco. An official performance may sell out, but that does not mean you have to give up seeing live singing, dance and guitar.<\/p>\n<p>In fact, we have prepared a specific guide on <a href=\"https:\/\/www.tablaosflamencos.com\/en\/flamenco-seville-biennial-2026-shows-beyond-official-programme.html\"><strong>where to see flamenco during the Biennial beyond the official programme<\/strong><\/a>. This article has an even more immediate purpose: to help you decide what to do <strong>today<\/strong> without wasting time.<\/p>\n<p>If you find an option that fits your area and availability, book it before you continue planning dinner, tapas or your pre-show walk.<\/p>\n<\/div><\/div><\/div><\/div><\/div><\/div><\/div><\/section><section class=\"l-section wpb_row height_huge\"><div class=\"l-section-h i-cf\"><div class=\"g-cols vc_row via_flex valign_top type_default stacking_default\"><div class=\"vc_col-sm-12 wpb_column vc_column_container\"><div class=\"vc_column-inner\"><div class=\"wpb_wrapper\"><div class=\"wpb_text_column\"><div class=\"wpb_wrapper\"><h2 id=\"tablaos\">Tablaos you can book to see flamenco tonight in Seville<\/h2>\n<p>Exact availability always depends on the date. The following venues are part of our portal and let you check and book the available show directly.<\/p>\n<div style=\"overflow-x: auto;\">\n<table>\n<thead>\n<tr>\n<th>Tablao<\/th>\n<th>Area<\/th>\n<th>May suit you if you are looking for&#8230;<\/th>\n<th>Book<\/th>\n<\/tr>\n<\/thead>\n<tbody>\n<tr>\n<td><strong>Tablao Flamenco Las Setas<\/strong><\/td>\n<td>Encarnaci\u00f3n<\/td>\n<td>A very central location and a polished production for a night in the historic centre.<\/td>\n<td><a href=\"https:\/\/www.tablaosflamencos.com\/en\/tablao\/tablao-flamenco-las-setas\"><strong>Check availability<\/strong><\/a><\/td>\n<\/tr>\n<tr>\n<td><strong>Tablao Flamenco La Cantaora<\/strong><\/td>\n<td>Plaza Nueva \/ City centre<\/td>\n<td>A central option with the possibility of combining flamenco and gastronomy.<\/td>\n<td><a href=\"https:\/\/www.tablaosflamencos.com\/en\/tablao\/tablao-flamenco-la-cantaora\"><strong>Check availability<\/strong><\/a><\/td>\n<\/tr>\n<tr>\n<td><strong>Casa Duende Tablao<\/strong><\/td>\n<td>City centre<\/td>\n<td>A small-scale venue with the artists very close to the audience.<\/td>\n<td><a href=\"https:\/\/www.tablaosflamencos.com\/en\/tablao\/casa-duende-tablao\"><strong>Check availability<\/strong><\/a><\/td>\n<\/tr>\n<tr>\n<td><strong>Tablao Flamenco Las Due\u00f1as<\/strong><\/td>\n<td>Santa Catalina \/ Due\u00f1as<\/td>\n<td>An intimate format very close to the historic centre.<\/td>\n<td><a href=\"https:\/\/www.tablaosflamencos.com\/en\/tablao\/tablao-flamenco-las-duenas\"><strong>Check availability<\/strong><\/a><\/td>\n<\/tr>\n<tr>\n<td><strong>Casa Inquieta<\/strong><\/td>\n<td>Calle Zaragoza \/ City centre<\/td>\n<td>Flamenco in a 19th-century mansion and a close-up experience.<\/td>\n<td><a href=\"https:\/\/www.tablaosflamencos.com\/en\/tablao\/tablao-flamenco-casa-inquieta\"><strong>Check availability<\/strong><\/a><\/td>\n<\/tr>\n<tr>\n<td><strong>Casa Flamenco Azahar<\/strong><\/td>\n<td>Santa Cruz<\/td>\n<td>A particularly intimate experience, with a small capacity and no amplification.<\/td>\n<td><a href=\"https:\/\/www.tablaosflamencos.com\/en\/tablao\/casa-flamenco-azahar\"><strong>Check availability<\/strong><\/a><\/td>\n<\/tr>\n<tr>\n<td><strong>El Jard\u00edn de Murillo<\/strong><\/td>\n<td>Santa Cruz<\/td>\n<td>Fit flamenco in after visiting the Alc\u00e1zar, Cathedral or the Santa Cruz neighbourhood.<\/td>\n<td><a href=\"https:\/\/www.tablaosflamencos.com\/en\/tablao\/tablao-flamenco-el-jardin-de-murillo\"><strong>Check availability<\/strong><\/a><\/td>\n<\/tr>\n<tr>\n<td><strong>Baraka Sala Flamenca<\/strong><\/td>\n<td>Triana<\/td>\n<td>Traditional flamenco in Triana with the artists very close to the audience.<\/td>\n<td><a href=\"https:\/\/www.tablaosflamencos.com\/en\/tablao\/baraka-sala-flamenca\"><strong>Check availability<\/strong><\/a><\/td>\n<\/tr>\n<tr>\n<td><strong>Tablao Flamenco Triana<\/strong><\/td>\n<td>Triana<\/td>\n<td>Build a complete evening in the neighbourhood with a walk, food and flamenco.<\/td>\n<td><a href=\"https:\/\/www.tablaosflamencos.com\/en\/tablao\/tablao-flamenco-triana\"><strong>Check availability<\/strong><\/a><\/td>\n<\/tr>\n<\/tbody>\n<\/table>\n<\/div>\n<p>You do not need to choose the \u201cmost famous\u201d tablao. For a last-minute booking it is usually more useful to compare <strong>area, availability, venue size and type of experience<\/strong>. You can see all the options together on our <a href=\"https:\/\/www.tablaosflamencos.com\/en\/flamenco-in-seville\"><strong>flamenco in Seville<\/strong><\/a>.<\/p>\n<\/div><\/div><\/div><\/div><\/div><\/div><\/div><\/section><section class=\"l-section wpb_row height_huge color_alternate with_shape\"><div class=\"l-section-shape type_zigzag pos_top hor_flip\" style=\"height:3vmin;\"><svg xmlns=\"http:\/\/www.w3.org\/2000\/svg\" viewBox=\"0 0 64 8\" preserveAspectRatio=\"none\" width=\"100%\" height=\"100%\">\r\n\t<path fill=\"currentColor\" d=\"M64 8 L0 8 L0 0 L20 7.9 L40 3 L48 5 L64 0 Z\"\/>\r\n<\/svg><\/div><div class=\"l-section-shape type_zigzag pos_bottom\" style=\"height:3vmin;\"><svg xmlns=\"http:\/\/www.w3.org\/2000\/svg\" viewBox=\"0 0 64 8\" preserveAspectRatio=\"none\" width=\"100%\" height=\"100%\">\r\n\t<path fill=\"currentColor\" d=\"M64 8 L0 8 L0 0 L20 7.9 L40 3 L48 5 L64 0 Z\"\/>\r\n<\/svg><\/div><div class=\"l-section-h i-cf\"><div class=\"g-cols vc_row via_flex valign_top type_default stacking_default\"><div class=\"vc_col-sm-12 wpb_column vc_column_container\"><div class=\"vc_column-inner\"><div class=\"wpb_wrapper\"><div class=\"wpb_text_column\"><div class=\"wpb_wrapper\"><h2 id=\"centro\">If you want to stay in the city centre<\/h2>\n<p>If you are staying in the historic centre or are already visiting the Cathedral, Alc\u00e1zar, Santa Cruz, Plaza Nueva, Encarnaci\u00f3n or the main tourist areas, you probably do not need to cross half the city to see flamenco tonight.<\/p>\n<p>Among the options on our portal are <a href=\"https:\/\/www.tablaosflamencos.com\/en\/tablao\/tablao-flamenco-las-setas\"><strong>Las Setas<\/strong><\/a>, <a href=\"https:\/\/www.tablaosflamencos.com\/en\/tablao\/tablao-flamenco-la-cantaora\"><strong>La Cantaora<\/strong><\/a>, <a href=\"https:\/\/www.tablaosflamencos.com\/en\/tablao\/casa-duende-tablao\"><strong>Casa Duende<\/strong><\/a>, <a href=\"https:\/\/www.tablaosflamencos.com\/en\/tablao\/tablao-flamenco-las-duenas\"><strong>Las Due\u00f1as<\/strong><\/a>, <a href=\"https:\/\/www.tablaosflamencos.com\/en\/tablao\/tablao-flamenco-casa-inquieta\"><strong>Casa Inquieta<\/strong><\/a>, <a href=\"https:\/\/www.tablaosflamencos.com\/en\/tablao\/casa-flamenco-azahar\"><strong>Casa Flamenco Azahar<\/strong><\/a> and <a href=\"https:\/\/www.tablaosflamencos.com\/en\/tablao\/tablao-flamenco-el-jardin-de-murillo\"><strong>El Jard\u00edn de Murillo<\/strong><\/a>.<\/p>\n<p>For a last-minute decision, location matters: the less travel you need, the easier it is to combine the show with dinner or a walk without rushing.<\/p>\n<\/div><\/div><\/div><\/div><\/div><div class=\"vc_col-sm-12 wpb_column vc_column_container\"><div class=\"vc_column-inner\"><div class=\"wpb_wrapper\"><div class=\"wpb_text_column\"><div class=\"wpb_wrapper\"><h2 id=\"triana\">If you want to cross over to Triana tonight<\/h2>\n<p>Triana lets you turn the show into a neighbourhood experience. You can cross the Isabel II Bridge, walk along Pureza, San Jacinto or around Calle Betis and then book a performance.<\/p>\n<p>On our portal you can book directly <a href=\"https:\/\/www.tablaosflamencos.com\/en\/tablao\/baraka-sala-flamenca\"><strong>Baraka Sala Flamenca<\/strong><\/a> and <a href=\"https:\/\/www.tablaosflamencos.com\/en\/tablao\/tablao-flamenco-triana\"><strong>Tablao Flamenco Triana<\/strong><\/a>.<\/p>\n<p>During the Biennial, Triana also has special interest because of its historic relationship with flamenco and the presence of extraordinary programming in the neighbourhood. If you want to expand the plan, see our guide to <a href=\"https:\/\/www.tablaosflamencos.com\/en\/flamenco-in-triana\"><strong>flamenco in Triana<\/strong><\/a> and our article about <a href=\"https:\/\/www.tablaosflamencos.com\/en\/hotel-triana-seville-flamenco-biennial-2026.html\"><strong>Hotel Triana during the 2026 Biennial<\/strong><\/a>.<\/p>\n<\/div><\/div><\/div><\/div><\/div><\/div><\/div><\/section><section class=\"l-section wpb_row height_huge\"><div class=\"l-section-h i-cf\"><div class=\"g-cols vc_row via_flex valign_top type_default stacking_default\"><div class=\"vc_col-sm-12 wpb_column vc_column_container\"><div class=\"vc_column-inner\"><div class=\"wpb_wrapper\"><div class=\"wpb_text_column\"><div class=\"wpb_wrapper\"><h2 id=\"ultima-hora\">Looking for flamenco at the last minute?<\/h2>\n<p>If it is already afternoon or you are organising the evening with very little time, simplify the decision.<\/p>\n<p><strong>1. Check real availability first.<\/strong> Do not choose from an old timetable or a generic recommendation: today\u2019s availability is what matters.<\/p>\n<p><strong>2. Choose the area.<\/strong> The city centre and Triana have many options and let you complete the evening on foot.<\/p>\n<p><strong>3. Book before dinner.<\/strong> During the Biennial, more visitors are looking for flamenco and smaller venues can fill their sessions.<\/p>\n<p><strong>4. Do not expect to find tickets at the door.<\/strong> If an option appears available online and fits your plan, securing it is usually the most practical decision.<\/p>\n<p><strong>5. If the Biennial is sold out, change format, not your plan.<\/strong> You can move from a large theatre production to an intimate tablao and still have an evening entirely focused on flamenco.<\/p>\n<p>For that specific situation, use our guide <a href=\"https:\/\/www.tablaosflamencos.com\/en\/biennial-sold-out-where-see-flamenco-tonight-seville.html\"><strong>Biennial sold out: where to see flamenco in Seville today<\/strong><\/a>.<\/p>\n<\/div><\/div><\/div><\/div><\/div><div class=\"vc_col-sm-12 wpb_column vc_column_container\"><div class=\"vc_column-inner\"><div class=\"wpb_wrapper\"><div class=\"wpb_text_column\"><div class=\"wpb_wrapper\"><h2 id=\"combinar\">Can you combine a Biennial performance and a tablao on the same night?<\/h2>\n<p>On some dates it may be possible, because the official programme uses different time slots and some performances start earlier or later than others. But do not turn the evening into a race.<\/p>\n<p>Before booking two shows, check the <strong>approximate finishing time, distance between venues and actual travel time<\/strong>. Central Seville is very walkable, but Teatro Central, Triana and other locations may require more time.<\/p>\n<p>If you already have a Biennial ticket, it is usually better to build the evening around that performance. A tablao can be an alternative for another night of your stay or a solution when the official show does not fit.<\/p>\n<p>If your trip lasts several days, also see <a href=\"https:\/\/www.tablaosflamencos.com\/en\/seville-flamenco-biennial-2026-unique-nights.html\"><strong>the Unique Nights of the 2026 Biennial<\/strong><\/a> and our guide to <a href=\"https:\/\/www.tablaosflamencos.com\/en\/seville-flamenco-biennial-2026-tickets-prices-discounts.html\"><strong>tickets, prices and discounts<\/strong><\/a> to spread the experiences out more effectively.<\/p>\n<\/div><\/div><\/div><\/div><\/div><\/div><\/div><\/section><section class=\"l-section wpb_row height_huge color_alternate with_shape\"><div class=\"l-section-shape type_zigzag pos_top hor_flip\" style=\"height:3vmin;\"><svg xmlns=\"http:\/\/www.w3.org\/2000\/svg\" viewBox=\"0 0 64 8\" preserveAspectRatio=\"none\" width=\"100%\" height=\"100%\">\r\n\t<path fill=\"currentColor\" d=\"M64 8 L0 8 L0 0 L20 7.9 L40 3 L48 5 L64 0 Z\"\/>\r\n<\/svg><\/div><div class=\"l-section-shape type_zigzag pos_bottom\" style=\"height:3vmin;\"><svg xmlns=\"http:\/\/www.w3.org\/2000\/svg\" viewBox=\"0 0 64 8\" preserveAspectRatio=\"none\" width=\"100%\" height=\"100%\">\r\n\t<path fill=\"currentColor\" d=\"M64 8 L0 8 L0 0 L20 7.9 L40 3 L48 5 L64 0 Z\"\/>\r\n<\/svg><\/div><div class=\"l-section-h i-cf\"><div class=\"g-cols vc_row via_flex valign_top type_default stacking_default\"><div class=\"vc_col-sm-12 wpb_column vc_column_container\"><div class=\"vc_column-inner\"><div class=\"wpb_wrapper\"><div class=\"wpb_text_column\"><div class=\"wpb_wrapper\"><h2>If you want a very intimate experience<\/h2>\n<p>Coming from a large Biennial theatre and then entering a small venue can completely change your perception of flamenco. In a close-up format you can hear the breathing, calls between the artists, footwork and communication within the ensemble more clearly.<\/p>\n<p>Within our catalogue, <a href=\"https:\/\/www.tablaosflamencos.com\/en\/tablao\/casa-flamenco-azahar\"><strong>Casa Flamenco Azahar<\/strong><\/a> and <a href=\"https:\/\/www.tablaosflamencos.com\/en\/tablao\/casa-duende-tablao\"><strong>Casa Duende Tablao<\/strong><\/a> are especially well suited to that search for proximity. Also <a href=\"https:\/\/www.tablaosflamencos.com\/en\/tablao\/tablao-flamenco-las-duenas\"><strong>Las Due\u00f1as<\/strong><\/a> and <a href=\"https:\/\/www.tablaosflamencos.com\/en\/tablao\/baraka-sala-flamenca\"><strong>Baraka<\/strong><\/a> may interest you if you want to feel the artists very close.<\/p>\n<p>A small capacity has an obvious consequence: <strong>if you see availability for tonight, do not leave the decision until the last minute<\/strong>.<\/p>\n<\/div><\/div><\/div><\/div><\/div><div class=\"vc_col-sm-12 wpb_column vc_column_container\"><div class=\"vc_column-inner\"><div class=\"wpb_wrapper\"><div class=\"wpb_text_column\"><div class=\"wpb_wrapper\"><h2>If you want a more complete evening<\/h2>\n<p>Other visitors prefer to integrate flamenco into a plan with food, architecture or broader staging.<\/p>\n<p><a href=\"https:\/\/www.tablaosflamencos.com\/en\/tablao\/tablao-flamenco-la-cantaora\"><strong>La Cantaora<\/strong><\/a> lets you consider options that combine the show and gastronomy. <a href=\"https:\/\/www.tablaosflamencos.com\/en\/tablao\/tablao-flamenco-las-setas\"><strong>Las Setas<\/strong><\/a> fits very well into an evening around Encarnaci\u00f3n and the city centre. <a href=\"https:\/\/www.tablaosflamencos.com\/en\/tablao\/tablao-flamenco-casa-inquieta\"><strong>Casa Inquieta<\/strong><\/a> adds the appeal of a 19th-century mansion. And <a href=\"https:\/\/www.tablaosflamencos.com\/en\/tablao\/tablao-flamenco-el-jardin-de-murillo\"><strong>El Jard\u00edn de Murillo<\/strong><\/a> is especially convenient if you are coming from Santa Cruz, the Cathedral or the Alc\u00e1zar.<\/p>\n<p>If flamenco is the main purpose of the evening, our general recommendation remains to prioritise <strong>the quality and format of the show<\/strong>; dinner can be arranged before or afterwards if you prefer.<\/p>\n<\/div><\/div><\/div><\/div><\/div><\/div><\/div><\/section><section class=\"l-section wpb_row height_huge\"><div class=\"l-section-h i-cf\"><div class=\"g-cols vc_row via_flex valign_top type_default stacking_default\"><div class=\"vc_col-sm-12 wpb_column vc_column_container\"><div class=\"vc_column-inner\"><div class=\"wpb_wrapper\"><div class=\"wpb_text_column\"><div class=\"wpb_wrapper\"><h2 id=\"elegir\">How to choose what to see tonight in five minutes<\/h2>\n<p>If you do not want to keep comparing for half an hour, use this order:<\/p>\n<p><strong>1. Date:<\/strong> open the official programme and look only at what is happening today.<\/p>\n<p><strong>2. Availability:<\/strong> discard performances for which you can no longer buy a ticket.<\/p>\n<p><strong>3. Area:<\/strong> decide whether you want the city centre, Santa Cruz, Encarnaci\u00f3n or Triana.<\/p>\n<p><strong>4. Format:<\/strong> choose between a large Biennial production, an intimate tablao or a broader experience.<\/p>\n<p><strong>5. Book:<\/strong> confirm the ticket before completing the rest of the plan.<\/p>\n<p><strong>6. Dinner and walk:<\/strong> organise them around the time and area of the performance, not the other way around.<\/p>\n<p><strong>7. Plan B:<\/strong> if the Biennial is sold out, immediately compare the tablaos available on <a href=\"https:\/\/www.tablaosflamencos.com\/en\/flamenco-in-seville\"><strong>flamenco in Seville<\/strong><\/a>.<\/p>\n<p>This system is especially useful during the Biennial because it avoids a common mistake: spending too much time looking for \u201cthe perfect show\u201d and ending up losing the options that still had availability.<\/p>\n<\/div><\/div><div class=\"w-separator size_medium\"><\/div><div class=\"w-hwrapper valign_top wrap align_center\" style=\"--hwrapper-gap:1.2rem\"><div class=\"w-btn-wrapper align_none\"><a class=\"w-btn us-btn-style_1\" href=\"https:\/\/www.tablaosflamencos.com\/en\/flamenco-in-seville\"><span class=\"w-btn-label\">See available flamenco in Seville<\/span><\/a><\/div><div class=\"w-btn-wrapper align_none\"><a class=\"w-btn us-btn-style_11\" href=\"https:\/\/www.labienal.com\/programa-general\"><span class=\"w-btn-label\">Check the official programme<\/span><\/a><\/div><\/div><\/div><\/div><\/div><\/div><\/div><\/section><section class=\"l-section wpb_row height_huge color_alternate with_shape\"><div class=\"l-section-shape type_zigzag pos_top hor_flip\" style=\"height:3vmin;\"><svg xmlns=\"http:\/\/www.w3.org\/2000\/svg\" viewBox=\"0 0 64 8\" preserveAspectRatio=\"none\" width=\"100%\" height=\"100%\">\r\n\t<path fill=\"currentColor\" d=\"M64 8 L0 8 L0 0 L20 7.9 L40 3 L48 5 L64 0 Z\"\/>\r\n<\/svg><\/div><div class=\"l-section-shape type_zigzag pos_bottom\" style=\"height:3vmin;\"><svg xmlns=\"http:\/\/www.w3.org\/2000\/svg\" viewBox=\"0 0 64 8\" preserveAspectRatio=\"none\" width=\"100%\" height=\"100%\">\r\n\t<path fill=\"currentColor\" d=\"M64 8 L0 8 L0 0 L20 7.9 L40 3 L48 5 L64 0 Z\"\/>\r\n<\/svg><\/div><div class=\"l-section-h i-cf\"><div class=\"g-cols vc_row via_flex valign_top type_default stacking_default\"><div class=\"vc_col-sm-12 wpb_column vc_column_container\"><div class=\"vc_column-inner\"><div class=\"wpb_wrapper\"><\/div><\/div><\/div><div class=\"vc_col-sm-12 wpb_column vc_column_container\"><div class=\"vc_column-inner\"><div class=\"wpb_wrapper\"><div class=\"wpb_text_column\"><div class=\"wpb_wrapper\"><h2 id=\"faq\">Frequently asked questions about flamenco tonight in Seville during the Biennial<\/h2>\n<\/div><\/div><div class=\"w-separator size_medium\"><\/div><div class=\"w-tabs accordion toggle_style_1 has_scrolling\" style=\"--sections-title-size:inherit;--sections-gap:0.5rem;\"><div class=\"w-tabs-sections titles-align_none icon_plus cpos_left\"><div class=\"w-tabs-section\" id=\"tc81\" itemscope itemprop=\"mainEntity\" itemtype=\"https:\/\/schema.org\/Question\"><button type=\"button\" class=\"w-tabs-section-header\" aria-controls=\"content-tc81\" aria-expanded=\"false\"><h3 class=\"w-tabs-section-title\" itemprop=\"name\">Where can I see flamenco tonight in Seville during the Biennial?<\/h3><div class=\"w-tabs-section-control\"><\/div><\/button><div  class=\"w-tabs-section-content\" id=\"content-tc81\" itemscope itemprop=\"acceptedAnswer\" itemtype=\"https:\/\/schema.org\/Answer\"><div class=\"w-tabs-section-content-h i-cf\" itemprop=\"text\"><div class=\"wpb_text_column\"><div class=\"wpb_wrapper\"><p>It depends on the exact date. First check the official Biennial programme and, if you want an alternative or a show you can book directly, compare the tablaos available through Tablaos Flamencos. The city centre, Santa Cruz, Encarnaci\u00f3n and Triana all have several options.<\/p>\n<\/div><\/div><\/div><\/div><\/div><div class=\"w-tabs-section\" id=\"rdd3\" itemscope itemprop=\"mainEntity\" itemtype=\"https:\/\/schema.org\/Question\"><button type=\"button\" class=\"w-tabs-section-header\" aria-controls=\"content-rdd3\" aria-expanded=\"false\"><h3 class=\"w-tabs-section-title\" itemprop=\"name\">Does the Biennial have shows every night?<\/h3><div class=\"w-tabs-section-control\"><\/div><\/button><div  class=\"w-tabs-section-content\" id=\"content-rdd3\" itemscope itemprop=\"acceptedAnswer\" itemtype=\"https:\/\/schema.org\/Answer\"><div class=\"w-tabs-section-content-h i-cf\" itemprop=\"text\"><div class=\"wpb_text_column\"><div class=\"wpb_wrapper\"><p>The Biennial runs from 9 September to 3 October 2026 and its programme changes by date. Check the official programme to see exactly which performances take place on the day of your visit.<\/p>\n<\/div><\/div><\/div><\/div><\/div><div class=\"w-tabs-section\" id=\"ceff\" itemscope itemprop=\"mainEntity\" itemtype=\"https:\/\/schema.org\/Question\"><button type=\"button\" class=\"w-tabs-section-header\" aria-controls=\"content-ceff\" aria-expanded=\"false\"><h3 class=\"w-tabs-section-title\" itemprop=\"name\">What should I do if the Biennial show I wanted is sold out?<\/h3><div class=\"w-tabs-section-control\"><\/div><\/button><div  class=\"w-tabs-section-content\" id=\"content-ceff\" itemscope itemprop=\"acceptedAnswer\" itemtype=\"https:\/\/schema.org\/Answer\"><div class=\"w-tabs-section-content-h i-cf\" itemprop=\"text\"><div class=\"wpb_text_column\"><div class=\"wpb_wrapper\"><p>You do not have to give up flamenco. You can look for another official show with availability or book a tablao directly. Also see our dedicated guide, Biennial sold out: where to see flamenco in Seville today.<\/p>\n<\/div><\/div><\/div><\/div><\/div><div class=\"w-tabs-section\" id=\"y01a\" itemscope itemprop=\"mainEntity\" itemtype=\"https:\/\/schema.org\/Question\"><button type=\"button\" class=\"w-tabs-section-header\" aria-controls=\"content-y01a\" aria-expanded=\"false\"><h3 class=\"w-tabs-section-title\" itemprop=\"name\">Can I book a tablao for tonight?<\/h3><div class=\"w-tabs-section-control\"><\/div><\/button><div  class=\"w-tabs-section-content\" id=\"content-y01a\" itemscope itemprop=\"acceptedAnswer\" itemtype=\"https:\/\/schema.org\/Answer\"><div class=\"w-tabs-section-content-h i-cf\" itemprop=\"text\"><div class=\"wpb_text_column\"><div class=\"wpb_wrapper\"><p>Yes, as long as places are still available. Availability changes by date and session, so it is best to check online and book as soon as you find an option that fits your plan.<\/p>\n<\/div><\/div><\/div><\/div><\/div><div class=\"w-tabs-section\" id=\"p158\" itemscope itemprop=\"mainEntity\" itemtype=\"https:\/\/schema.org\/Question\"><button type=\"button\" class=\"w-tabs-section-header\" aria-controls=\"content-p158\" aria-expanded=\"false\"><h3 class=\"w-tabs-section-title\" itemprop=\"name\">Is the Biennial better than a tablao?<\/h3><div class=\"w-tabs-section-control\"><\/div><\/button><div  class=\"w-tabs-section-content\" id=\"content-p158\" itemscope itemprop=\"acceptedAnswer\" itemtype=\"https:\/\/schema.org\/Answer\"><div class=\"w-tabs-section-content-h i-cf\" itemprop=\"text\"><div class=\"wpb_text_column\"><div class=\"wpb_wrapper\"><p>They are different experiences. The Biennial offers extraordinary productions, premieres and unique performances; a tablao offers regularity, proximity and a direct relationship between singing, guitar and dance. A stay of several days lets you enjoy both formats.<\/p>\n<\/div><\/div><\/div><\/div><\/div><div class=\"w-tabs-section\" id=\"l25c\" itemscope itemprop=\"mainEntity\" itemtype=\"https:\/\/schema.org\/Question\"><button type=\"button\" class=\"w-tabs-section-header\" aria-controls=\"content-l25c\" aria-expanded=\"false\"><h3 class=\"w-tabs-section-title\" itemprop=\"name\">Which area is best for finding last-minute flamenco?<\/h3><div class=\"w-tabs-section-control\"><\/div><\/button><div  class=\"w-tabs-section-content\" id=\"content-l25c\" itemscope itemprop=\"acceptedAnswer\" itemtype=\"https:\/\/schema.org\/Answer\"><div class=\"w-tabs-section-content-h i-cf\" itemprop=\"text\"><div class=\"wpb_text_column\"><div class=\"wpb_wrapper\"><p>The historic centre and Triana have many options and make it easy to combine the show with other plans. If you are already in Santa Cruz, Encarnaci\u00f3n or Plaza Nueva, choosing a nearby venue reduces travel and makes the evening easier to organise.<\/p>\n<\/div><\/div><\/div><\/div><\/div><div class=\"w-tabs-section\" id=\"f35b\" itemscope itemprop=\"mainEntity\" itemtype=\"https:\/\/schema.org\/Question\"><button type=\"button\" class=\"w-tabs-section-header\" aria-controls=\"content-f35b\" aria-expanded=\"false\"><h3 class=\"w-tabs-section-title\" itemprop=\"name\">Can I have dinner before or after the flamenco?<\/h3><div class=\"w-tabs-section-control\"><\/div><\/button><div  class=\"w-tabs-section-content\" id=\"content-f35b\" itemscope itemprop=\"acceptedAnswer\" itemtype=\"https:\/\/schema.org\/Answer\"><div class=\"w-tabs-section-content-h i-cf\" itemprop=\"text\"><div class=\"wpb_text_column\"><div class=\"wpb_wrapper\"><p>Yes. If flamenco is your priority, it is usually practical to book the show first and then organise dinner or tapas according to the time and area of the performance. Some venues also offer options that include gastronomy.<\/p>\n<\/div><\/div><\/div><\/div><\/div><div class=\"w-tabs-section\" id=\"e47c\" itemscope itemprop=\"mainEntity\" itemtype=\"https:\/\/schema.org\/Question\"><button type=\"button\" class=\"w-tabs-section-header\" aria-controls=\"content-e47c\" aria-expanded=\"false\"><h3 class=\"w-tabs-section-title\" itemprop=\"name\">Can children attend flamenco during the Biennial?<\/h3><div class=\"w-tabs-section-control\"><\/div><\/button><div  class=\"w-tabs-section-content\" id=\"content-e47c\" itemscope itemprop=\"acceptedAnswer\" itemtype=\"https:\/\/schema.org\/Answer\"><div class=\"w-tabs-section-content-h i-cf\" itemprop=\"text\"><div class=\"wpb_text_column\"><div class=\"wpb_wrapper\"><p>It depends on the performance and venue. At tablaos, conditions and possible minimum ages may vary, while for the Biennial you should check the specific conditions of the selected performance before buying tickets.<\/p>\n<\/div><\/div><\/div><\/div><\/div><div class=\"w-tabs-section\" id=\"x58e\" itemscope itemprop=\"mainEntity\" itemtype=\"https:\/\/schema.org\/Question\"><button type=\"button\" class=\"w-tabs-section-header\" aria-controls=\"content-x58e\" aria-expanded=\"false\"><h3 class=\"w-tabs-section-title\" itemprop=\"name\">Where can I see all the tablaos I can book in Seville?<\/h3><div class=\"w-tabs-section-control\"><\/div><\/button><div  class=\"w-tabs-section-content\" id=\"content-x58e\" itemscope itemprop=\"acceptedAnswer\" itemtype=\"https:\/\/schema.org\/Answer\"><div class=\"w-tabs-section-content-h i-cf\" itemprop=\"text\"><div class=\"wpb_text_column\"><div class=\"wpb_wrapper\"><p>On our flamenco in Seville page you can compare the available venues and open their listings to check booking options for your date.<\/p>\n<\/div><\/div><\/div><\/div><\/div><div class=\"w-tabs-section\" id=\"f68a\" itemscope itemprop=\"mainEntity\" itemtype=\"https:\/\/schema.org\/Question\"><button type=\"button\" class=\"w-tabs-section-header\" aria-controls=\"content-f68a\" aria-expanded=\"false\"><h3 class=\"w-tabs-section-title\" itemprop=\"name\">What should I do if I arrive in Seville with no plan for tonight?<\/h3><div class=\"w-tabs-section-control\"><\/div><\/button><div  class=\"w-tabs-section-content\" id=\"content-f68a\" itemscope itemprop=\"acceptedAnswer\" itemtype=\"https:\/\/schema.org\/Answer\"><div class=\"w-tabs-section-content-h i-cf\" itemprop=\"text\"><div class=\"wpb_text_column\"><div class=\"wpb_wrapper\"><p>First check which official Biennial performances take place today and whether tickets remain. If you cannot find a suitable option, immediately compare the tablaos on our portal by area and availability. Book the show first and organise the rest of the evening afterwards.<\/p>\n<\/div><\/div><\/div><\/div><\/div><\/div><\/div><\/div><\/div><\/div><div class=\"vc_col-sm-12 wpb_column vc_column_container\"><div class=\"vc_column-inner\"><div class=\"wpb_wrapper\"><\/div><\/div><\/div><\/div><\/div><\/section><section class=\"l-section wpb_row height_huge\"><div class=\"l-section-h i-cf\"><div class=\"g-cols vc_row via_flex valign_top type_default stacking_default\"><div class=\"vc_col-sm-12 wpb_column vc_column_container\"><div class=\"vc_column-inner\"><div class=\"wpb_wrapper\"><div class=\"wpb_text_column\"><div class=\"wpb_wrapper\"><h2 style=\"text-align: center;\">There is flamenco tonight: the key is securing your ticket<\/h2>\n<p style=\"text-align: center;\">During the Biennial, Seville multiplies its flamenco possibilities. The problem is usually not finding something to see, but choosing well between an extraordinary programme, different times, several neighbourhoods and venues that can fill up.<\/p>\n<p style=\"text-align: center;\">If you want an immediate solution, start with today\u2019s date, check the official programme and then compare the regular shows you can book directly. If the Biennial performance you wanted no longer has tickets, <strong>do not change the plan: change the venue<\/strong>.<\/p>\n<p style=\"text-align: center;\">You can still see singing, dance and guitar tonight at Seville\u2019s tablaos and book from our selection of <a href=\"https:\/\/www.tablaosflamencos.com\/en\/flamenco-in-seville\"><strong>flamenco in Seville<\/strong><\/a>.<\/p>\n<\/div><\/div><\/div><\/div><\/div><\/div><\/div><\/section>\n","protected":false},"excerpt":{"rendered":"<p>Quick guide to choosing what flamenco to see tonight in Seville during the 2026 Biennial: official programme, tablaos, areas and last-minute bookings.<\/p>\n","protected":false},"author":1,"featured_media":14496,"comment_status":"closed","ping_status":"closed","sticky":false,"template":"","format":"standard","meta":{"_acf_changed":false,"wpai_generated_summary":"","_ayudawp_aiss_exclude":false,"_ayudawp_aiss_exclude_summary":false,"_ayudawp_aiss_summary":"","_ayudawp_aiss_summary_provider":"","_ayudawp_aiss_summary_hash":"","footnotes":""},"categories":[1427],"tags":[1232,1233,1234,1235,1144,1236,1237],"class_list":["post-14515","post","type-post","status-publish","format-standard","has-post-thumbnail","hentry","category-flamenco-biennial","tag-agenda-flamenca","tag-bienal-2026","tag-bienal-de-flamenco","tag-festivales-flamencos","tag-flamenco-en-sevilla","tag-sevilla","tag-tablaos-de-sevilla"],"acf":[],"yoast_head":"<!-- This site is optimized with the Yoast SEO Premium plugin v28.4 (Yoast SEO v28.4) - https:\/\/yoast.com\/product\/yoast-seo-premium-wordpress\/ -->\n<title>Flamenco Tonight in Seville during the Biennial 2026<\/title>\n<meta name=\"description\" content=\"Looking for flamenco tonight in Seville during the 2026 Biennial? Check the official programme and book alternatives at tablaos in the centre and Triana.\" \/>\n<meta name=\"robots\" content=\"index, follow, max-snippet:-1, max-image-preview:large, max-video-preview:-1\" \/>\n<link rel=\"canonical\" href=\"https:\/\/www.tablaosflamencos.com\/en\/flamenco-tonight-seville-biennial-2026.html\" \/>\n<meta property=\"og:locale\" content=\"en_US\" \/>\n<meta property=\"og:type\" content=\"article\" \/>\n<meta property=\"og:title\" content=\"Flamenco tonight in Seville during the Biennial\" \/>\n<meta property=\"og:description\" content=\"Looking for flamenco tonight in Seville during the 2026 Biennial? Check the official programme and book alternatives at tablaos in the centre and Triana.\" \/>\n<meta property=\"og:url\" content=\"https:\/\/www.tablaosflamencos.com\/en\/flamenco-tonight-seville-biennial-2026.html\" \/>\n<meta property=\"og:site_name\" content=\"Tablaos Flamencos\" \/>\n<meta property=\"article:publisher\" content=\"https:\/\/www.facebook.com\/tablaosflamencos\" \/>\n<meta property=\"article:published_time\" content=\"2026-09-04T16:37:03+00:00\" \/>\n<meta property=\"article:modified_time\" content=\"2026-09-04T17:03:15+00:00\" \/>\n<meta property=\"og:image\" content=\"https:\/\/www.tablaosflamencos.com\/wp-content\/uploads\/flamenco-esta-noche-en-sevilla-durante-la-bienal-01.webp\" \/>\n\t<meta property=\"og:image:width\" content=\"1672\" \/>\n\t<meta property=\"og:image:height\" content=\"941\" \/>\n\t<meta property=\"og:image:type\" content=\"image\/webp\" \/>\n<meta name=\"author\" content=\"Miguel Ortiz\" \/>\n<meta name=\"twitter:card\" content=\"summary_large_image\" \/>\n<meta name=\"twitter:creator\" content=\"@tablaosflamenco\" \/>\n<meta name=\"twitter:site\" content=\"@tablaosflamenco\" \/>\n<meta name=\"twitter:label1\" content=\"Written by\" \/>\n\t<meta name=\"twitter:data1\" content=\"Miguel Ortiz\" \/>\n\t<meta name=\"twitter:label2\" content=\"Est. reading time\" \/>\n\t<meta name=\"twitter:data2\" content=\"15 minutes\" \/>\n<script type=\"application\/ld+json\" class=\"yoast-schema-graph\">{\"@context\":\"https:\\\/\\\/schema.org\",\"@graph\":[{\"@type\":\"Article\",\"@id\":\"https:\\\/\\\/www.tablaosflamencos.com\\\/en\\\/flamenco-tonight-seville-biennial-2026.html#article\",\"isPartOf\":{\"@id\":\"https:\\\/\\\/www.tablaosflamencos.com\\\/en\\\/flamenco-tonight-seville-biennial-2026.html\"},\"author\":{\"name\":\"Miguel Ortiz\",\"@id\":\"https:\\\/\\\/www.tablaosflamencos.com\\\/en#\\\/schema\\\/person\\\/e7a9ebe14eb75a52ceabfbffb3c54f5d\"},\"headline\":\"Flamenco tonight in Seville during the Biennial\",\"datePublished\":\"2026-09-04T16:37:03+00:00\",\"dateModified\":\"2026-09-04T17:03:15+00:00\",\"mainEntityOfPage\":{\"@id\":\"https:\\\/\\\/www.tablaosflamencos.com\\\/en\\\/flamenco-tonight-seville-biennial-2026.html\"},\"wordCount\":3106,\"publisher\":{\"@id\":\"https:\\\/\\\/www.tablaosflamencos.com\\\/en#organization\"},\"image\":{\"@id\":\"https:\\\/\\\/www.tablaosflamencos.com\\\/en\\\/flamenco-tonight-seville-biennial-2026.html#primaryimage\"},\"thumbnailUrl\":\"https:\\\/\\\/www.tablaosflamencos.com\\\/wp-content\\\/uploads\\\/flamenco-esta-noche-en-sevilla-durante-la-bienal-01.webp\",\"keywords\":[\"agenda flamenca\",\"Bienal 2026\",\"Bienal de Flamenco\",\"festivales flamencos\",\"flamenco en Sevilla\",\"sevilla\",\"tablaos de Sevilla\"],\"articleSection\":[\"Flamenco Biennial\"],\"inLanguage\":\"en-US\"},{\"@type\":\"WebPage\",\"@id\":\"https:\\\/\\\/www.tablaosflamencos.com\\\/en\\\/flamenco-tonight-seville-biennial-2026.html\",\"url\":\"https:\\\/\\\/www.tablaosflamencos.com\\\/en\\\/flamenco-tonight-seville-biennial-2026.html\",\"name\":\"Flamenco Tonight in Seville during the Biennial 2026\",\"isPartOf\":{\"@id\":\"https:\\\/\\\/www.tablaosflamencos.com\\\/en#website\"},\"primaryImageOfPage\":{\"@id\":\"https:\\\/\\\/www.tablaosflamencos.com\\\/en\\\/flamenco-tonight-seville-biennial-2026.html#primaryimage\"},\"image\":{\"@id\":\"https:\\\/\\\/www.tablaosflamencos.com\\\/en\\\/flamenco-tonight-seville-biennial-2026.html#primaryimage\"},\"thumbnailUrl\":\"https:\\\/\\\/www.tablaosflamencos.com\\\/wp-content\\\/uploads\\\/flamenco-esta-noche-en-sevilla-durante-la-bienal-01.webp\",\"datePublished\":\"2026-09-04T16:37:03+00:00\",\"dateModified\":\"2026-09-04T17:03:15+00:00\",\"description\":\"Looking for flamenco tonight in Seville during the 2026 Biennial? Check the official programme and book alternatives at tablaos in the centre and Triana.\",\"breadcrumb\":{\"@id\":\"https:\\\/\\\/www.tablaosflamencos.com\\\/en\\\/flamenco-tonight-seville-biennial-2026.html#breadcrumb\"},\"inLanguage\":\"en-US\",\"potentialAction\":[{\"@type\":\"ReadAction\",\"target\":[\"https:\\\/\\\/www.tablaosflamencos.com\\\/en\\\/flamenco-tonight-seville-biennial-2026.html\"]}]},{\"@type\":\"ImageObject\",\"inLanguage\":\"en-US\",\"@id\":\"https:\\\/\\\/www.tablaosflamencos.com\\\/en\\\/flamenco-tonight-seville-biennial-2026.html#primaryimage\",\"url\":\"https:\\\/\\\/www.tablaosflamencos.com\\\/wp-content\\\/uploads\\\/flamenco-esta-noche-en-sevilla-durante-la-bienal-01.webp\",\"contentUrl\":\"https:\\\/\\\/www.tablaosflamencos.com\\\/wp-content\\\/uploads\\\/flamenco-esta-noche-en-sevilla-durante-la-bienal-01.webp\",\"width\":1672,\"height\":941,\"caption\":\"Flamenco esta noche en Sevilla durante la Bienal\"},{\"@type\":\"BreadcrumbList\",\"@id\":\"https:\\\/\\\/www.tablaosflamencos.com\\\/en\\\/flamenco-tonight-seville-biennial-2026.html#breadcrumb\",\"itemListElement\":[{\"@type\":\"ListItem\",\"position\":1,\"name\":\"Home\",\"item\":\"https:\\\/\\\/www.tablaosflamencos.com\\\/en\"},{\"@type\":\"ListItem\",\"position\":2,\"name\":\"Flamenco tonight in Seville during the Biennial\"}]},{\"@type\":\"WebSite\",\"@id\":\"https:\\\/\\\/www.tablaosflamencos.com\\\/en#website\",\"url\":\"https:\\\/\\\/www.tablaosflamencos.com\\\/en\",\"name\":\"Tablaos Flamencos\",\"description\":\"Entradas para tablaos flamencos de Espa\u00f1a\",\"publisher\":{\"@id\":\"https:\\\/\\\/www.tablaosflamencos.com\\\/en#organization\"},\"alternateName\":\"Tablaos Flamencos\",\"potentialAction\":[{\"@type\":\"SearchAction\",\"target\":{\"@type\":\"EntryPoint\",\"urlTemplate\":\"https:\\\/\\\/www.tablaosflamencos.com\\\/en?s={search_term_string}\"},\"query-input\":{\"@type\":\"PropertyValueSpecification\",\"valueRequired\":true,\"valueName\":\"search_term_string\"}}],\"inLanguage\":\"en-US\"},{\"@type\":[\"Organization\",\"Place\",\"EntertainmentBusiness\"],\"@id\":\"https:\\\/\\\/www.tablaosflamencos.com\\\/en#organization\",\"name\":\"Tablaos Flamencos\",\"alternateName\":\"Tablaos Flamencos\",\"url\":\"https:\\\/\\\/www.tablaosflamencos.com\\\/en\",\"logo\":{\"@id\":\"https:\\\/\\\/www.tablaosflamencos.com\\\/en\\\/flamenco-tonight-seville-biennial-2026.html#local-main-organization-logo\"},\"image\":{\"@id\":\"https:\\\/\\\/www.tablaosflamencos.com\\\/en\\\/flamenco-tonight-seville-biennial-2026.html#local-main-organization-logo\"},\"sameAs\":[\"https:\\\/\\\/www.facebook.com\\\/tablaosflamencos\",\"https:\\\/\\\/x.com\\\/tablaosflamenco\",\"https:\\\/\\\/mastodon.social\\\/@tablaosflamencos\",\"https:\\\/\\\/www.instagram.com\\\/tablaosflamencos\",\"https:\\\/\\\/tiktok.com\\\/@tablaosflamencos\",\"https:\\\/\\\/www.linkedin.com\\\/company\\\/109408238\\\/\"],\"description\":\"Venta de entradas para espect\u00e1culos flamencos\",\"legalName\":\"Tablaos Flamencos\",\"foundingDate\":\"2015-01-01\",\"numberOfEmployees\":{\"@type\":\"QuantitativeValue\",\"minValue\":\"1\",\"maxValue\":\"10\"},\"address\":{\"@id\":\"https:\\\/\\\/www.tablaosflamencos.com\\\/en\\\/flamenco-tonight-seville-biennial-2026.html#local-main-place-address\"},\"geo\":{\"@type\":\"GeoCoordinates\",\"latitude\":\"37.3868072\",\"longitude\":\"-5.993280299999999\"},\"telephone\":[\"+34623787787\"],\"contactPoint\":{\"@type\":\"ContactPoint\",\"telephone\":\"+34623787787\",\"email\":\"info@tablaosflamencos.com\"},\"openingHoursSpecification\":{\"@type\":\"OpeningHoursSpecification\",\"dayOfWeek\":[\"Monday\",\"Tuesday\",\"Wednesday\",\"Thursday\",\"Friday\",\"Saturday\",\"Sunday\"],\"opens\":\"00:00\",\"closes\":\"23:59\"},\"email\":\"info@tablaosflamencos.com\",\"priceRange\":\"$$$\",\"currenciesAccepted\":\"\u20ac\"},{\"@type\":\"Person\",\"@id\":\"https:\\\/\\\/www.tablaosflamencos.com\\\/en#\\\/schema\\\/person\\\/e7a9ebe14eb75a52ceabfbffb3c54f5d\",\"name\":\"Miguel Ortiz\",\"description\":\"Miguel Ortiz es un empresario flamenco, con una s\u00f3lida trayectoria dentro del sector. Ha presidido entidades culturales vinculadas al flamenco y, cuenta con un amplio recorrido profesional en la gesti\u00f3n y promoci\u00f3n de espect\u00e1culos y tablaos flamencos. Su pasi\u00f3n por la historia y el arte flamenco se refleja en cada art\u00edculo, donde combina experiencia, criterio y un profundo respeto por la tradici\u00f3n.\",\"sameAs\":[\"https:\\\/\\\/www.tablaosflamencos.com\",\"https:\\\/\\\/www.instagra.com\\\/miguelortizfe\",\"https:\\\/\\\/www.linkedin.com\\\/in\\\/miguelortizf\\\/\"],\"birthDate\":\"1984-11-22\",\"gender\":\"hombre\",\"knowsLanguage\":[\"espa\u00f1ol\",\"ingl\u00e9s\"],\"jobTitle\":\"Empresario flamenco\"},{\"@type\":\"PostalAddress\",\"@id\":\"https:\\\/\\\/www.tablaosflamencos.com\\\/en\\\/flamenco-tonight-seville-biennial-2026.html#local-main-place-address\",\"streetAddress\":\"C\\\/ Alemanes, 19\",\"addressLocality\":\"Sevilla\",\"postalCode\":\"41004\",\"addressRegion\":\"Sevilla\",\"addressCountry\":\"ES\"},{\"@type\":\"ImageObject\",\"inLanguage\":\"en-US\",\"@id\":\"https:\\\/\\\/www.tablaosflamencos.com\\\/en\\\/flamenco-tonight-seville-biennial-2026.html#local-main-organization-logo\",\"url\":\"https:\\\/\\\/www.tablaosflamencos.com\\\/wp-content\\\/uploads\\\/tablaos-flamencos-06-3.webp\",\"contentUrl\":\"https:\\\/\\\/www.tablaosflamencos.com\\\/wp-content\\\/uploads\\\/tablaos-flamencos-06-3.webp\",\"width\":600,\"height\":620,\"caption\":\"Tablaos Flamencos\"}]}<\/script>\n<meta name=\"geo.placename\" content=\"Sevilla\" \/>\n<meta name=\"geo.position\" content=\"37.3868072;-5.993280299999999\" \/>\n<meta name=\"geo.region\" content=\"Spain\" \/>\n<!-- \/ Yoast SEO Premium plugin. -->","yoast_head_json":{"title":"Flamenco Tonight in Seville during the Biennial 2026","description":"Looking for flamenco tonight in Seville during the 2026 Biennial? Check the official programme and book alternatives at tablaos in the centre and Triana.","robots":{"index":"index","follow":"follow","max-snippet":"max-snippet:-1","max-image-preview":"max-image-preview:large","max-video-preview":"max-video-preview:-1"},"canonical":"https:\/\/www.tablaosflamencos.com\/en\/flamenco-tonight-seville-biennial-2026.html","og_locale":"en_US","og_type":"article","og_title":"Flamenco tonight in Seville during the Biennial","og_description":"Looking for flamenco tonight in Seville during the 2026 Biennial? Check the official programme and book alternatives at tablaos in the centre and Triana.","og_url":"https:\/\/www.tablaosflamencos.com\/en\/flamenco-tonight-seville-biennial-2026.html","og_site_name":"Tablaos Flamencos","article_publisher":"https:\/\/www.facebook.com\/tablaosflamencos","article_published_time":"2026-09-04T16:37:03+00:00","article_modified_time":"2026-09-04T17:03:15+00:00","og_image":[{"width":1672,"height":941,"url":"https:\/\/www.tablaosflamencos.com\/wp-content\/uploads\/flamenco-esta-noche-en-sevilla-durante-la-bienal-01.webp","type":"image\/webp"}],"author":"Miguel Ortiz","twitter_card":"summary_large_image","twitter_creator":"@tablaosflamenco","twitter_site":"@tablaosflamenco","twitter_misc":{"Written by":"Miguel Ortiz","Est. reading time":"15 minutes"},"schema":{"@context":"https:\/\/schema.org","@graph":[{"@type":"Article","@id":"https:\/\/www.tablaosflamencos.com\/en\/flamenco-tonight-seville-biennial-2026.html#article","isPartOf":{"@id":"https:\/\/www.tablaosflamencos.com\/en\/flamenco-tonight-seville-biennial-2026.html"},"author":{"name":"Miguel Ortiz","@id":"https:\/\/www.tablaosflamencos.com\/en#\/schema\/person\/e7a9ebe14eb75a52ceabfbffb3c54f5d"},"headline":"Flamenco tonight in Seville during the Biennial","datePublished":"2026-09-04T16:37:03+00:00","dateModified":"2026-09-04T17:03:15+00:00","mainEntityOfPage":{"@id":"https:\/\/www.tablaosflamencos.com\/en\/flamenco-tonight-seville-biennial-2026.html"},"wordCount":3106,"publisher":{"@id":"https:\/\/www.tablaosflamencos.com\/en#organization"},"image":{"@id":"https:\/\/www.tablaosflamencos.com\/en\/flamenco-tonight-seville-biennial-2026.html#primaryimage"},"thumbnailUrl":"https:\/\/www.tablaosflamencos.com\/wp-content\/uploads\/flamenco-esta-noche-en-sevilla-durante-la-bienal-01.webp","keywords":["agenda flamenca","Bienal 2026","Bienal de Flamenco","festivales flamencos","flamenco en Sevilla","sevilla","tablaos de Sevilla"],"articleSection":["Flamenco Biennial"],"inLanguage":"en-US"},{"@type":"WebPage","@id":"https:\/\/www.tablaosflamencos.com\/en\/flamenco-tonight-seville-biennial-2026.html","url":"https:\/\/www.tablaosflamencos.com\/en\/flamenco-tonight-seville-biennial-2026.html","name":"Flamenco Tonight in Seville during the Biennial 2026","isPartOf":{"@id":"https:\/\/www.tablaosflamencos.com\/en#website"},"primaryImageOfPage":{"@id":"https:\/\/www.tablaosflamencos.com\/en\/flamenco-tonight-seville-biennial-2026.html#primaryimage"},"image":{"@id":"https:\/\/www.tablaosflamencos.com\/en\/flamenco-tonight-seville-biennial-2026.html#primaryimage"},"thumbnailUrl":"https:\/\/www.tablaosflamencos.com\/wp-content\/uploads\/flamenco-esta-noche-en-sevilla-durante-la-bienal-01.webp","datePublished":"2026-09-04T16:37:03+00:00","dateModified":"2026-09-04T17:03:15+00:00","description":"Looking for flamenco tonight in Seville during the 2026 Biennial? Check the official programme and book alternatives at tablaos in the centre and Triana.","breadcrumb":{"@id":"https:\/\/www.tablaosflamencos.com\/en\/flamenco-tonight-seville-biennial-2026.html#breadcrumb"},"inLanguage":"en-US","potentialAction":[{"@type":"ReadAction","target":["https:\/\/www.tablaosflamencos.com\/en\/flamenco-tonight-seville-biennial-2026.html"]}]},{"@type":"ImageObject","inLanguage":"en-US","@id":"https:\/\/www.tablaosflamencos.com\/en\/flamenco-tonight-seville-biennial-2026.html#primaryimage","url":"https:\/\/www.tablaosflamencos.com\/wp-content\/uploads\/flamenco-esta-noche-en-sevilla-durante-la-bienal-01.webp","contentUrl":"https:\/\/www.tablaosflamencos.com\/wp-content\/uploads\/flamenco-esta-noche-en-sevilla-durante-la-bienal-01.webp","width":1672,"height":941,"caption":"Flamenco esta noche en Sevilla durante la Bienal"},{"@type":"BreadcrumbList","@id":"https:\/\/www.tablaosflamencos.com\/en\/flamenco-tonight-seville-biennial-2026.html#breadcrumb","itemListElement":[{"@type":"ListItem","position":1,"name":"Home","item":"https:\/\/www.tablaosflamencos.com\/en"},{"@type":"ListItem","position":2,"name":"Flamenco tonight in Seville during the Biennial"}]},{"@type":"WebSite","@id":"https:\/\/www.tablaosflamencos.com\/en#website","url":"https:\/\/www.tablaosflamencos.com\/en","name":"Tablaos Flamencos","description":"Entradas para tablaos flamencos de Espa\u00f1a","publisher":{"@id":"https:\/\/www.tablaosflamencos.com\/en#organization"},"alternateName":"Tablaos Flamencos","potentialAction":[{"@type":"SearchAction","target":{"@type":"EntryPoint","urlTemplate":"https:\/\/www.tablaosflamencos.com\/en?s={search_term_string}"},"query-input":{"@type":"PropertyValueSpecification","valueRequired":true,"valueName":"search_term_string"}}],"inLanguage":"en-US"},{"@type":["Organization","Place","EntertainmentBusiness"],"@id":"https:\/\/www.tablaosflamencos.com\/en#organization","name":"Tablaos Flamencos","alternateName":"Tablaos Flamencos","url":"https:\/\/www.tablaosflamencos.com\/en","logo":{"@id":"https:\/\/www.tablaosflamencos.com\/en\/flamenco-tonight-seville-biennial-2026.html#local-main-organization-logo"},"image":{"@id":"https:\/\/www.tablaosflamencos.com\/en\/flamenco-tonight-seville-biennial-2026.html#local-main-organization-logo"},"sameAs":["https:\/\/www.facebook.com\/tablaosflamencos","https:\/\/x.com\/tablaosflamenco","https:\/\/mastodon.social\/@tablaosflamencos","https:\/\/www.instagram.com\/tablaosflamencos","https:\/\/tiktok.com\/@tablaosflamencos","https:\/\/www.linkedin.com\/company\/109408238\/"],"description":"Venta de entradas para espect\u00e1culos flamencos","legalName":"Tablaos Flamencos","foundingDate":"2015-01-01","numberOfEmployees":{"@type":"QuantitativeValue","minValue":"1","maxValue":"10"},"address":{"@id":"https:\/\/www.tablaosflamencos.com\/en\/flamenco-tonight-seville-biennial-2026.html#local-main-place-address"},"geo":{"@type":"GeoCoordinates","latitude":"37.3868072","longitude":"-5.993280299999999"},"telephone":["+34623787787"],"contactPoint":{"@type":"ContactPoint","telephone":"+34623787787","email":"info@tablaosflamencos.com"},"openingHoursSpecification":{"@type":"OpeningHoursSpecification","dayOfWeek":["Monday","Tuesday","Wednesday","Thursday","Friday","Saturday","Sunday"],"opens":"00:00","closes":"23:59"},"email":"info@tablaosflamencos.com","priceRange":"$$$","currenciesAccepted":"\u20ac"},{"@type":"Person","@id":"https:\/\/www.tablaosflamencos.com\/en#\/schema\/person\/e7a9ebe14eb75a52ceabfbffb3c54f5d","name":"Miguel Ortiz","description":"Miguel Ortiz es un empresario flamenco, con una s\u00f3lida trayectoria dentro del sector. Ha presidido entidades culturales vinculadas al flamenco y, cuenta con un amplio recorrido profesional en la gesti\u00f3n y promoci\u00f3n de espect\u00e1culos y tablaos flamencos. Su pasi\u00f3n por la historia y el arte flamenco se refleja en cada art\u00edculo, donde combina experiencia, criterio y un profundo respeto por la tradici\u00f3n.","sameAs":["https:\/\/www.tablaosflamencos.com","https:\/\/www.instagra.com\/miguelortizfe","https:\/\/www.linkedin.com\/in\/miguelortizf\/"],"birthDate":"1984-11-22","gender":"hombre","knowsLanguage":["espa\u00f1ol","ingl\u00e9s"],"jobTitle":"Empresario flamenco"},{"@type":"PostalAddress","@id":"https:\/\/www.tablaosflamencos.com\/en\/flamenco-tonight-seville-biennial-2026.html#local-main-place-address","streetAddress":"C\/ Alemanes, 19","addressLocality":"Sevilla","postalCode":"41004","addressRegion":"Sevilla","addressCountry":"ES"},{"@type":"ImageObject","inLanguage":"en-US","@id":"https:\/\/www.tablaosflamencos.com\/en\/flamenco-tonight-seville-biennial-2026.html#local-main-organization-logo","url":"https:\/\/www.tablaosflamencos.com\/wp-content\/uploads\/tablaos-flamencos-06-3.webp","contentUrl":"https:\/\/www.tablaosflamencos.com\/wp-content\/uploads\/tablaos-flamencos-06-3.webp","width":600,"height":620,"caption":"Tablaos Flamencos"}]},"geo.placename":"Sevilla","geo.position":{"lat":"37.3868072","long":"-5.993280299999999"},"geo.region":"Spain"},"_links":{"self":[{"href":"https:\/\/www.tablaosflamencos.com\/en\/wp-json\/wp\/v2\/posts\/14515","targetHints":{"allow":["GET"]}}],"collection":[{"href":"https:\/\/www.tablaosflamencos.com\/en\/wp-json\/wp\/v2\/posts"}],"about":[{"href":"https:\/\/www.tablaosflamencos.com\/en\/wp-json\/wp\/v2\/types\/post"}],"author":[{"embeddable":true,"href":"https:\/\/www.tablaosflamencos.com\/en\/wp-json\/wp\/v2\/users\/1"}],"replies":[{"embeddable":true,"href":"https:\/\/www.tablaosflamencos.com\/en\/wp-json\/wp\/v2\/comments?post=14515"}],"version-history":[{"count":3,"href":"https:\/\/www.tablaosflamencos.com\/en\/wp-json\/wp\/v2\/posts\/14515\/revisions"}],"predecessor-version":[{"id":14561,"href":"https:\/\/www.tablaosflamencos.com\/en\/wp-json\/wp\/v2\/posts\/14515\/revisions\/14561"}],"wp:featuredmedia":[{"embeddable":true,"href":"https:\/\/www.tablaosflamencos.com\/en\/wp-json\/wp\/v2\/media\/14496"}],"wp:attachment":[{"href":"https:\/\/www.tablaosflamencos.com\/en\/wp-json\/wp\/v2\/media?parent=14515"}],"wp:term":[{"taxonomy":"category","embeddable":true,"href":"https:\/\/www.tablaosflamencos.com\/en\/wp-json\/wp\/v2\/categories?post=14515"},{"taxonomy":"post_tag","embeddable":true,"href":"https:\/\/www.tablaosflamencos.com\/en\/wp-json\/wp\/v2\/tags?post=14515"}],"curies":[{"name":"wp","href":"https:\/\/api.w.org\/{rel}","templated":true}]}}