{"id":14481,"date":"2026-01-30T18:17:22","date_gmt":"2026-01-30T17:17:22","guid":{"rendered":"https:\/\/www.tablaosflamencos.com\/?p=14481"},"modified":"2026-09-04T18:40:48","modified_gmt":"2026-09-04T16:40:48","slug":"centro-flamenco-seville-meeting-point-flamenco","status":"publish","type":"post","link":"https:\/\/www.tablaosflamencos.com\/en\/centro-flamenco-seville-meeting-point-flamenco.html","title":{"rendered":"When Centro Flamenco de Sevilla was a meeting point for flamenco in the city"},"content":{"rendered":"<section class=\"l-section wpb_row height_huge\"><div class=\"l-section-h i-cf\"><div class=\"g-cols vc_row via_flex valign_top type_default stacking_default\"><div class=\"vc_col-sm-6 wpb_column vc_column_container\"><div class=\"vc_column-inner\"><div class=\"wpb_wrapper\"><div class=\"wpb_text_column\"><div class=\"wpb_wrapper\"><h2>When Centro Flamenco de Sevilla was a meeting point for flamenco in the city<\/h2>\n<p>For just over two years, at number 33 Calle Francos, a few minutes from the Cathedral and the Giralda, there was a small venue that came to occupy a very particular place in Seville\u2019s flamenco ecosystem. The <strong>Centro Flamenco de Sevilla<\/strong> opened in 2022 as an intimate place to experience flamenco singing, dance and guitar up close, but over time it became something harder to measure: <strong>a meeting place for artists, industry professionals, aficionados and visitors brought together by the same conversation around flamenco<\/strong>.<\/p>\n<p>Its small size became one of its defining features. Municipal tourism documentation listed it with <strong>32 seats<\/strong> and daily shows at 18:00 and 20:00. Inside, the artistic concept worked on a different scale: genuine proximity, acoustic performance and a direct relationship between stage and audience.<\/p>\n<p>That closeness meant many shows did not feel like performances watched from a distance, but like shared experiences. And when the last show ended, another part of the centre\u2019s life often began: the part that never appeared on any programme.<\/p>\n<\/div><\/div><\/div><\/div><\/div><div class=\"vc_col-sm-6 wpb_column vc_column_container\"><div class=\"vc_column-inner\"><div class=\"wpb_wrapper\"><div class=\"w-image us_custom_8ec565b2 has_aspect_ratio align_center\"><div class=\"w-image-h\"><img fetchpriority=\"high\" decoding=\"async\" width=\"1024\" height=\"665\" src=\"https:\/\/www.tablaosflamencos.com\/wp-content\/uploads\/centro-flamenco-de-sevilla-01-21-1024x665.webp\" class=\"attachment-large size-large\" alt=\"Centro Flamenco de Sevilla\" loading=\"eager\" srcset=\"https:\/\/www.tablaosflamencos.com\/wp-content\/uploads\/centro-flamenco-de-sevilla-01-21-1024x665.webp 1024w, https:\/\/www.tablaosflamencos.com\/wp-content\/uploads\/centro-flamenco-de-sevilla-01-21-300x195.webp 300w, https:\/\/www.tablaosflamencos.com\/wp-content\/uploads\/centro-flamenco-de-sevilla-01-21-1536x997.webp 1536w, https:\/\/www.tablaosflamencos.com\/wp-content\/uploads\/centro-flamenco-de-sevilla-01-21-600x389.webp 600w, https:\/\/www.tablaosflamencos.com\/wp-content\/uploads\/centro-flamenco-de-sevilla-01-21-150x97.webp 150w, https:\/\/www.tablaosflamencos.com\/wp-content\/uploads\/centro-flamenco-de-sevilla-01-21.webp 1920w\" sizes=\"auto, (max-width: 1024px) 100vw, 1024px\" \/><\/div><\/div><\/div><\/div><\/div><\/div><\/div><\/section><section class=\"l-section wpb_row height_huge\"><div class=\"l-section-h i-cf\"><div class=\"g-cols vc_row via_flex valign_top type_default stacking_default\"><div class=\"vc_col-sm-6 wpb_column vc_column_container\"><div class=\"vc_column-inner\"><div class=\"wpb_wrapper\"><div class=\"w-image us_custom_89826a5b has_aspect_ratio align_center\"><div class=\"w-image-h\"><img decoding=\"async\" width=\"1024\" height=\"683\" src=\"https:\/\/www.tablaosflamencos.com\/wp-content\/uploads\/centro-flamenco-de-sevilla-01-42-1024x683.webp\" class=\"attachment-large size-large\" alt=\"Centro Flamenco de Sevilla\" loading=\"eager\" srcset=\"https:\/\/www.tablaosflamencos.com\/wp-content\/uploads\/centro-flamenco-de-sevilla-01-42-1024x683.webp 1024w, https:\/\/www.tablaosflamencos.com\/wp-content\/uploads\/centro-flamenco-de-sevilla-01-42-300x200.webp 300w, https:\/\/www.tablaosflamencos.com\/wp-content\/uploads\/centro-flamenco-de-sevilla-01-42-1536x1024.webp 1536w, https:\/\/www.tablaosflamencos.com\/wp-content\/uploads\/centro-flamenco-de-sevilla-01-42-600x400.webp 600w, https:\/\/www.tablaosflamencos.com\/wp-content\/uploads\/centro-flamenco-de-sevilla-01-42-150x100.webp 150w, https:\/\/www.tablaosflamencos.com\/wp-content\/uploads\/centro-flamenco-de-sevilla-01-42.webp 1920w\" sizes=\"auto, (max-width: 1024px) 100vw, 1024px\" \/><\/div><\/div><\/div><\/div><\/div><div class=\"vc_col-sm-6 wpb_column vc_column_container\"><div class=\"vc_column-inner\"><div class=\"wpb_wrapper\"><div class=\"wpb_text_column\"><div class=\"wpb_wrapper\"><h3>A small venue with a lot of life around it<\/h3>\n<ul>\n<li><strong>Founded:<\/strong> 2022.<\/li>\n<li><strong>Location:<\/strong> C\/ Francos, 33, in the heart of the historic centre.<\/li>\n<li><strong>Capacity:<\/strong> 32 people, according to Seville\u2019s tourism documentation.<\/li>\n<li><strong>Format:<\/strong> an intimate acoustic venue, with no need for amplification to sustain the experience.<\/li>\n<li><strong>Direction:<\/strong> founded and directed by Miguel Ortiz, responsible for the general and artistic direction.<\/li>\n<li><strong>Period:<\/strong> just over two years of activity, until its closure due to urban-planning issues affecting the premises.<\/li>\n<li><strong>Identity:<\/strong> the coexistence of established artists and promising young performers.<\/li>\n<\/ul>\n<p><strong>More than a tablao:<\/strong> the value of the venue lay not only in what happened during the hour-long show, but also in the professional and personal relationships woven before and after each performance.<\/p>\n<\/div><\/div><\/div><\/div><\/div><\/div><\/div><\/section><section class=\"l-section wpb_row height_huge\"><div class=\"l-section-h i-cf\"><div class=\"g-cols vc_row via_flex valign_top type_default stacking_default\"><div class=\"vc_col-sm-12 wpb_column vc_column_container\"><div class=\"vc_column-inner\"><div class=\"wpb_wrapper\"><div class=\"w-grid us_post_list type_grid layout_gallery_default cols_5 preload_style_spinner items_have_ratio\" id=\"us_post_list_v061\" style=\"--columns:5;--gap:0.5rem;--img-aspect-ratio:1\/1;--item-aspect-ratio:1\/1;\"><style>@media (max-width:1024px){#us_post_list_v061{--columns:2!important}}@media (max-width:600px){#us_post_list_v061{--columns:1!important}}.layout_gallery_default .w-grid-item-h{}<\/style><div class=\"w-grid-list\">\t<article class=\"w-grid-item size_1x1 post-14441 attachment type-attachment status-inherit hentry\" data-id=\"14441\">\r\n\t\t<div class=\"w-grid-item-h\">\r\n\t\t\t\t\t\t\t<a ref=\"magnificPopupList\" data-alt=\"Centro Flamenco de Sevilla\" href=\"https:\/\/www.tablaosflamencos.com\/wp-content\/uploads\/centro-flamenco-de-sevilla-01-34.webp\" class=\"w-grid-item-anchor\" aria-label=\"Centro Flamenco de Sevilla\"><\/a>\r\n\t\t\t\t\t\t<div class=\"w-post-elm post_image usg_post_image_1 stretched\"><img decoding=\"async\" width=\"600\" height=\"400\" src=\"https:\/\/www.tablaosflamencos.com\/wp-content\/uploads\/centro-flamenco-de-sevilla-01-34-600x400.webp\" class=\"attachment-us_600_600 size-us_600_600\" alt=\"Centro Flamenco de Sevilla\" srcset=\"https:\/\/www.tablaosflamencos.com\/wp-content\/uploads\/centro-flamenco-de-sevilla-01-34-600x400.webp 600w, https:\/\/www.tablaosflamencos.com\/wp-content\/uploads\/centro-flamenco-de-sevilla-01-34-300x200.webp 300w, https:\/\/www.tablaosflamencos.com\/wp-content\/uploads\/centro-flamenco-de-sevilla-01-34-1024x683.webp 1024w, https:\/\/www.tablaosflamencos.com\/wp-content\/uploads\/centro-flamenco-de-sevilla-01-34-1536x1024.webp 1536w, https:\/\/www.tablaosflamencos.com\/wp-content\/uploads\/centro-flamenco-de-sevilla-01-34-150x100.webp 150w, https:\/\/www.tablaosflamencos.com\/wp-content\/uploads\/centro-flamenco-de-sevilla-01-34.webp 1920w\" sizes=\"(max-width: 600px) 100vw, 600px\" loading=\"eager\" \/><\/div>\t\t<\/div>\r\n\t\t\t<\/article>\r\n\t<article class=\"w-grid-item size_1x1 post-14407 attachment type-attachment status-inherit hentry\" data-id=\"14407\">\r\n\t\t<div class=\"w-grid-item-h\">\r\n\t\t\t\t\t\t\t<a ref=\"magnificPopupList\" data-alt=\"Centro Flamenco de Sevilla\" href=\"https:\/\/www.tablaosflamencos.com\/wp-content\/uploads\/centro-flamenco-de-sevilla-01.webp\" class=\"w-grid-item-anchor\" aria-label=\"Centro Flamenco de Sevilla\"><\/a>\r\n\t\t\t\t\t\t<div class=\"w-post-elm post_image usg_post_image_1 stretched\"><img decoding=\"async\" width=\"600\" height=\"400\" src=\"https:\/\/www.tablaosflamencos.com\/wp-content\/uploads\/centro-flamenco-de-sevilla-01-600x400.webp\" class=\"attachment-us_600_600 size-us_600_600\" alt=\"Centro Flamenco de Sevilla\" srcset=\"https:\/\/www.tablaosflamencos.com\/wp-content\/uploads\/centro-flamenco-de-sevilla-01-600x400.webp 600w, https:\/\/www.tablaosflamencos.com\/wp-content\/uploads\/centro-flamenco-de-sevilla-01-300x200.webp 300w, https:\/\/www.tablaosflamencos.com\/wp-content\/uploads\/centro-flamenco-de-sevilla-01-1024x683.webp 1024w, https:\/\/www.tablaosflamencos.com\/wp-content\/uploads\/centro-flamenco-de-sevilla-01-1536x1024.webp 1536w, https:\/\/www.tablaosflamencos.com\/wp-content\/uploads\/centro-flamenco-de-sevilla-01-150x100.webp 150w, https:\/\/www.tablaosflamencos.com\/wp-content\/uploads\/centro-flamenco-de-sevilla-01.webp 1920w\" sizes=\"(max-width: 600px) 100vw, 600px\" loading=\"eager\" \/><\/div>\t\t<\/div>\r\n\t\t\t<\/article>\r\n\t<article class=\"w-grid-item size_1x1 post-14428 attachment type-attachment status-inherit hentry\" data-id=\"14428\">\r\n\t\t<div class=\"w-grid-item-h\">\r\n\t\t\t\t\t\t\t<a ref=\"magnificPopupList\" data-alt=\"Centro Flamenco de Sevilla\" href=\"https:\/\/www.tablaosflamencos.com\/wp-content\/uploads\/centro-flamenco-de-sevilla-01-21.webp\" class=\"w-grid-item-anchor\" aria-label=\"Centro Flamenco de Sevilla\"><\/a>\r\n\t\t\t\t\t\t<div class=\"w-post-elm post_image usg_post_image_1 stretched\"><img decoding=\"async\" width=\"600\" height=\"389\" src=\"https:\/\/www.tablaosflamencos.com\/wp-content\/uploads\/centro-flamenco-de-sevilla-01-21-600x389.webp\" class=\"attachment-us_600_600 size-us_600_600\" alt=\"Centro Flamenco de Sevilla\" srcset=\"https:\/\/www.tablaosflamencos.com\/wp-content\/uploads\/centro-flamenco-de-sevilla-01-21-600x389.webp 600w, https:\/\/www.tablaosflamencos.com\/wp-content\/uploads\/centro-flamenco-de-sevilla-01-21-300x195.webp 300w, https:\/\/www.tablaosflamencos.com\/wp-content\/uploads\/centro-flamenco-de-sevilla-01-21-1024x665.webp 1024w, https:\/\/www.tablaosflamencos.com\/wp-content\/uploads\/centro-flamenco-de-sevilla-01-21-1536x997.webp 1536w, https:\/\/www.tablaosflamencos.com\/wp-content\/uploads\/centro-flamenco-de-sevilla-01-21-150x97.webp 150w, https:\/\/www.tablaosflamencos.com\/wp-content\/uploads\/centro-flamenco-de-sevilla-01-21.webp 1920w\" sizes=\"(max-width: 600px) 100vw, 600px\" loading=\"eager\" \/><\/div>\t\t<\/div>\r\n\t\t\t<\/article>\r\n\t<article class=\"w-grid-item size_1x1 post-14457 attachment type-attachment status-inherit hentry\" data-id=\"14457\">\r\n\t\t<div class=\"w-grid-item-h\">\r\n\t\t\t\t\t\t\t<a ref=\"magnificPopupList\" data-alt=\"Centro Flamenco de Sevilla\" href=\"https:\/\/www.tablaosflamencos.com\/wp-content\/uploads\/centro-flamenco-de-sevilla-01-50.webp\" class=\"w-grid-item-anchor\" aria-label=\"Centro Flamenco de Sevilla\"><\/a>\r\n\t\t\t\t\t\t<div class=\"w-post-elm post_image usg_post_image_1 stretched\"><img decoding=\"async\" width=\"400\" height=\"600\" src=\"https:\/\/www.tablaosflamencos.com\/wp-content\/uploads\/centro-flamenco-de-sevilla-01-50-400x600.webp\" class=\"attachment-us_600_600 size-us_600_600\" alt=\"Centro Flamenco de Sevilla\" srcset=\"https:\/\/www.tablaosflamencos.com\/wp-content\/uploads\/centro-flamenco-de-sevilla-01-50-400x600.webp 400w, https:\/\/www.tablaosflamencos.com\/wp-content\/uploads\/centro-flamenco-de-sevilla-01-50-200x300.webp 200w, https:\/\/www.tablaosflamencos.com\/wp-content\/uploads\/centro-flamenco-de-sevilla-01-50-683x1024.webp 683w, https:\/\/www.tablaosflamencos.com\/wp-content\/uploads\/centro-flamenco-de-sevilla-01-50-1025x1536.webp 1025w, https:\/\/www.tablaosflamencos.com\/wp-content\/uploads\/centro-flamenco-de-sevilla-01-50-100x150.webp 100w, https:\/\/www.tablaosflamencos.com\/wp-content\/uploads\/centro-flamenco-de-sevilla-01-50.webp 1281w\" sizes=\"(max-width: 400px) 100vw, 400px\" loading=\"eager\" \/><\/div>\t\t<\/div>\r\n\t\t\t<\/article>\r\n\t<article class=\"w-grid-item size_1x1 post-14470 attachment type-attachment status-inherit hentry\" data-id=\"14470\">\r\n\t\t<div class=\"w-grid-item-h\">\r\n\t\t\t\t\t\t\t<a ref=\"magnificPopupList\" data-alt=\"Centro Flamenco de Sevilla\" href=\"https:\/\/www.tablaosflamencos.com\/wp-content\/uploads\/centro-flamenco-de-sevilla-01-63.webp\" class=\"w-grid-item-anchor\" aria-label=\"Centro Flamenco de Sevilla\"><\/a>\r\n\t\t\t\t\t\t<div class=\"w-post-elm post_image usg_post_image_1 stretched\"><img decoding=\"async\" width=\"600\" height=\"400\" src=\"https:\/\/www.tablaosflamencos.com\/wp-content\/uploads\/centro-flamenco-de-sevilla-01-63-600x400.webp\" class=\"attachment-us_600_600 size-us_600_600\" alt=\"Centro Flamenco de Sevilla\" srcset=\"https:\/\/www.tablaosflamencos.com\/wp-content\/uploads\/centro-flamenco-de-sevilla-01-63-600x400.webp 600w, https:\/\/www.tablaosflamencos.com\/wp-content\/uploads\/centro-flamenco-de-sevilla-01-63-300x200.webp 300w, https:\/\/www.tablaosflamencos.com\/wp-content\/uploads\/centro-flamenco-de-sevilla-01-63-1024x683.webp 1024w, https:\/\/www.tablaosflamencos.com\/wp-content\/uploads\/centro-flamenco-de-sevilla-01-63-1536x1024.webp 1536w, https:\/\/www.tablaosflamencos.com\/wp-content\/uploads\/centro-flamenco-de-sevilla-01-63-150x100.webp 150w, https:\/\/www.tablaosflamencos.com\/wp-content\/uploads\/centro-flamenco-de-sevilla-01-63.webp 1920w\" sizes=\"(max-width: 600px) 100vw, 600px\" loading=\"eager\" \/><\/div>\t\t<\/div>\r\n\t\t\t<\/article>\r\n\t<article class=\"w-grid-item size_1x1 post-14415 attachment type-attachment status-inherit hentry\" data-id=\"14415\">\r\n\t\t<div class=\"w-grid-item-h\">\r\n\t\t\t\t\t\t\t<a ref=\"magnificPopupList\" data-alt=\"Centro Flamenco de Sevilla\" href=\"https:\/\/www.tablaosflamencos.com\/wp-content\/uploads\/centro-flamenco-de-sevilla-01-8.webp\" class=\"w-grid-item-anchor\" aria-label=\"Centro Flamenco de Sevilla\"><\/a>\r\n\t\t\t\t\t\t<div class=\"w-post-elm post_image usg_post_image_1 stretched\"><img decoding=\"async\" width=\"600\" height=\"400\" src=\"https:\/\/www.tablaosflamencos.com\/wp-content\/uploads\/centro-flamenco-de-sevilla-01-8-600x400.webp\" class=\"attachment-us_600_600 size-us_600_600\" alt=\"Centro Flamenco de Sevilla\" srcset=\"https:\/\/www.tablaosflamencos.com\/wp-content\/uploads\/centro-flamenco-de-sevilla-01-8-600x400.webp 600w, https:\/\/www.tablaosflamencos.com\/wp-content\/uploads\/centro-flamenco-de-sevilla-01-8-300x200.webp 300w, https:\/\/www.tablaosflamencos.com\/wp-content\/uploads\/centro-flamenco-de-sevilla-01-8-1024x683.webp 1024w, https:\/\/www.tablaosflamencos.com\/wp-content\/uploads\/centro-flamenco-de-sevilla-01-8-1536x1024.webp 1536w, https:\/\/www.tablaosflamencos.com\/wp-content\/uploads\/centro-flamenco-de-sevilla-01-8-150x100.webp 150w, https:\/\/www.tablaosflamencos.com\/wp-content\/uploads\/centro-flamenco-de-sevilla-01-8.webp 1920w\" sizes=\"(max-width: 600px) 100vw, 600px\" loading=\"eager\" \/><\/div>\t\t<\/div>\r\n\t\t\t<\/article>\r\n\t<article class=\"w-grid-item size_1x1 post-14440 attachment type-attachment status-inherit hentry\" data-id=\"14440\">\r\n\t\t<div class=\"w-grid-item-h\">\r\n\t\t\t\t\t\t\t<a ref=\"magnificPopupList\" data-alt=\"Centro Flamenco de Sevilla\" href=\"https:\/\/www.tablaosflamencos.com\/wp-content\/uploads\/centro-flamenco-de-sevilla-01-33.webp\" class=\"w-grid-item-anchor\" aria-label=\"Centro Flamenco de Sevilla\"><\/a>\r\n\t\t\t\t\t\t<div class=\"w-post-elm post_image usg_post_image_1 stretched\"><img decoding=\"async\" width=\"600\" height=\"400\" src=\"https:\/\/www.tablaosflamencos.com\/wp-content\/uploads\/centro-flamenco-de-sevilla-01-33-600x400.webp\" class=\"attachment-us_600_600 size-us_600_600\" alt=\"Centro Flamenco de Sevilla\" srcset=\"https:\/\/www.tablaosflamencos.com\/wp-content\/uploads\/centro-flamenco-de-sevilla-01-33-600x400.webp 600w, https:\/\/www.tablaosflamencos.com\/wp-content\/uploads\/centro-flamenco-de-sevilla-01-33-300x200.webp 300w, https:\/\/www.tablaosflamencos.com\/wp-content\/uploads\/centro-flamenco-de-sevilla-01-33-1024x683.webp 1024w, https:\/\/www.tablaosflamencos.com\/wp-content\/uploads\/centro-flamenco-de-sevilla-01-33-1536x1024.webp 1536w, https:\/\/www.tablaosflamencos.com\/wp-content\/uploads\/centro-flamenco-de-sevilla-01-33-150x100.webp 150w, https:\/\/www.tablaosflamencos.com\/wp-content\/uploads\/centro-flamenco-de-sevilla-01-33.webp 1920w\" sizes=\"(max-width: 600px) 100vw, 600px\" loading=\"eager\" \/><\/div>\t\t<\/div>\r\n\t\t\t<\/article>\r\n\t<article class=\"w-grid-item size_1x1 post-14417 attachment type-attachment status-inherit hentry\" data-id=\"14417\">\r\n\t\t<div class=\"w-grid-item-h\">\r\n\t\t\t\t\t\t\t<a ref=\"magnificPopupList\" data-alt=\"Centro Flamenco de Sevilla\" href=\"https:\/\/www.tablaosflamencos.com\/wp-content\/uploads\/centro-flamenco-de-sevilla-01-10.webp\" class=\"w-grid-item-anchor\" aria-label=\"Centro Flamenco de Sevilla\"><\/a>\r\n\t\t\t\t\t\t<div class=\"w-post-elm post_image usg_post_image_1 stretched\"><img decoding=\"async\" width=\"600\" height=\"400\" src=\"https:\/\/www.tablaosflamencos.com\/wp-content\/uploads\/centro-flamenco-de-sevilla-01-10-600x400.webp\" class=\"attachment-us_600_600 size-us_600_600\" alt=\"Centro Flamenco de Sevilla\" srcset=\"https:\/\/www.tablaosflamencos.com\/wp-content\/uploads\/centro-flamenco-de-sevilla-01-10-600x400.webp 600w, https:\/\/www.tablaosflamencos.com\/wp-content\/uploads\/centro-flamenco-de-sevilla-01-10-300x200.webp 300w, https:\/\/www.tablaosflamencos.com\/wp-content\/uploads\/centro-flamenco-de-sevilla-01-10-1024x683.webp 1024w, https:\/\/www.tablaosflamencos.com\/wp-content\/uploads\/centro-flamenco-de-sevilla-01-10-1536x1024.webp 1536w, https:\/\/www.tablaosflamencos.com\/wp-content\/uploads\/centro-flamenco-de-sevilla-01-10-150x100.webp 150w, https:\/\/www.tablaosflamencos.com\/wp-content\/uploads\/centro-flamenco-de-sevilla-01-10.webp 1920w\" sizes=\"(max-width: 600px) 100vw, 600px\" loading=\"eager\" \/><\/div>\t\t<\/div>\r\n\t\t\t<\/article>\r\n\t<article class=\"w-grid-item size_1x1 post-14438 attachment type-attachment status-inherit hentry\" data-id=\"14438\">\r\n\t\t<div class=\"w-grid-item-h\">\r\n\t\t\t\t\t\t\t<a ref=\"magnificPopupList\" data-alt=\"Centro Flamenco de Sevilla\" href=\"https:\/\/www.tablaosflamencos.com\/wp-content\/uploads\/centro-flamenco-de-sevilla-01-31.webp\" class=\"w-grid-item-anchor\" aria-label=\"Centro Flamenco de Sevilla\"><\/a>\r\n\t\t\t\t\t\t<div class=\"w-post-elm post_image usg_post_image_1 stretched\"><img decoding=\"async\" width=\"600\" height=\"400\" src=\"https:\/\/www.tablaosflamencos.com\/wp-content\/uploads\/centro-flamenco-de-sevilla-01-31-600x400.webp\" class=\"attachment-us_600_600 size-us_600_600\" alt=\"Centro Flamenco de Sevilla\" srcset=\"https:\/\/www.tablaosflamencos.com\/wp-content\/uploads\/centro-flamenco-de-sevilla-01-31-600x400.webp 600w, https:\/\/www.tablaosflamencos.com\/wp-content\/uploads\/centro-flamenco-de-sevilla-01-31-300x200.webp 300w, https:\/\/www.tablaosflamencos.com\/wp-content\/uploads\/centro-flamenco-de-sevilla-01-31-1024x683.webp 1024w, https:\/\/www.tablaosflamencos.com\/wp-content\/uploads\/centro-flamenco-de-sevilla-01-31-1536x1024.webp 1536w, https:\/\/www.tablaosflamencos.com\/wp-content\/uploads\/centro-flamenco-de-sevilla-01-31-150x100.webp 150w, https:\/\/www.tablaosflamencos.com\/wp-content\/uploads\/centro-flamenco-de-sevilla-01-31.webp 1920w\" sizes=\"(max-width: 600px) 100vw, 600px\" loading=\"eager\" \/><\/div>\t\t<\/div>\r\n\t\t\t<\/article>\r\n\t<article class=\"w-grid-item size_1x1 post-14420 attachment type-attachment status-inherit hentry\" data-id=\"14420\">\r\n\t\t<div class=\"w-grid-item-h\">\r\n\t\t\t\t\t\t\t<a ref=\"magnificPopupList\" data-alt=\"Centro Flamenco de Sevilla\" href=\"https:\/\/www.tablaosflamencos.com\/wp-content\/uploads\/centro-flamenco-de-sevilla-01-13.webp\" class=\"w-grid-item-anchor\" aria-label=\"Centro Flamenco de Sevilla\"><\/a>\r\n\t\t\t\t\t\t<div class=\"w-post-elm post_image usg_post_image_1 stretched\"><img decoding=\"async\" width=\"600\" height=\"400\" src=\"https:\/\/www.tablaosflamencos.com\/wp-content\/uploads\/centro-flamenco-de-sevilla-01-13-600x400.webp\" class=\"attachment-us_600_600 size-us_600_600\" alt=\"Centro Flamenco de Sevilla\" srcset=\"https:\/\/www.tablaosflamencos.com\/wp-content\/uploads\/centro-flamenco-de-sevilla-01-13-600x400.webp 600w, https:\/\/www.tablaosflamencos.com\/wp-content\/uploads\/centro-flamenco-de-sevilla-01-13-300x200.webp 300w, https:\/\/www.tablaosflamencos.com\/wp-content\/uploads\/centro-flamenco-de-sevilla-01-13-1024x683.webp 1024w, https:\/\/www.tablaosflamencos.com\/wp-content\/uploads\/centro-flamenco-de-sevilla-01-13-1536x1024.webp 1536w, https:\/\/www.tablaosflamencos.com\/wp-content\/uploads\/centro-flamenco-de-sevilla-01-13-150x100.webp 150w, https:\/\/www.tablaosflamencos.com\/wp-content\/uploads\/centro-flamenco-de-sevilla-01-13.webp 1920w\" sizes=\"(max-width: 600px) 100vw, 600px\" loading=\"eager\" \/><\/div>\t\t<\/div>\r\n\t\t\t<\/article>\r\n<\/div><div class=\"g-preloader type_1\"><div><\/div><\/div><div class=\"w-grid-list-json hidden\" onclick='return {&quot;max_num_pages&quot;:0,&quot;paginationBase&quot;:&quot;page&quot;,&quot;pagination&quot;:&quot;none&quot;,&quot;paged&quot;:1,&quot;ajaxData&quot;:{&quot;action&quot;:&quot;us_ajax_post_list&quot;,&quot;meta_type&quot;:&quot;post&quot;,&quot;object_id&quot;:0,&quot;template_vars&quot;:{&quot;shortcode_base&quot;:&quot;us_post_list&quot;,&quot;paged&quot;:1,&quot;max_num_pages&quot;:0,&quot;no_results&quot;:false,&quot;us_post_content_design_css&quot;:[],&quot;found_posts&quot;:0,&quot;per_page&quot;:10,&quot;items_count&quot;:10,&quot;orderby_random_seed&quot;:419253303,&quot;source&quot;:&quot;media&quot;,&quot;custom_field_name&quot;:&quot;&quot;,&quot;ids&quot;:&quot;&quot;,&quot;post_type&quot;:&quot;post&quot;,&quot;attachment_ids&quot;:&quot;14473,14472,14471,14470,14469,14468,14467,14466,14465,14464,14463,14462,14461,14460,14459,14458,14457,14456,14455,14454,14453,14452,14451,14450,14449,14448,14447,14446,14445,14444,14443,14442,14441,14440,14439,14438,14437,14436,14435,14434,14433,14432,14431,14430,14429,14428,14427,14426,14425,14424,14423,14422,14421,14420,14419,14418,14417,14416,14415,14414,14413,14412,14411,14410,14409,14408,14407&quot;,&quot;include_post_thumbnail&quot;:0,&quot;post_author&quot;:&quot;any&quot;,&quot;post_author_ids&quot;:&quot;&quot;,&quot;apply_url_params&quot;:0,&quot;ignore_sticky_posts&quot;:1,&quot;exclude_children&quot;:0,&quot;exclude_current_post&quot;:1,&quot;exclude_prev_posts&quot;:0,&quot;exclude_past_events&quot;:0,&quot;enable_items_offset&quot;:0,&quot;items_offset&quot;:&quot;1&quot;,&quot;tax_query_relation&quot;:&quot;none&quot;,&quot;tax_query&quot;:[{&quot;operator&quot;:&quot;IN&quot;,&quot;taxonomy&quot;:&quot;category&quot;,&quot;terms&quot;:&quot;&quot;,&quot;include_children&quot;:0}],&quot;meta_query_relation&quot;:&quot;none&quot;,&quot;meta_query&quot;:[{&quot;key&quot;:&quot;custom_field_name&quot;,&quot;compare&quot;:&quot;=&quot;,&quot;value&quot;:&quot;&quot;}],&quot;orderby&quot;:&quot;rand&quot;,&quot;orderby_custom_field&quot;:&quot;&quot;,&quot;orderby_custom_type&quot;:0,&quot;order_invert&quot;:0,&quot;show_all&quot;:0,&quot;quantity&quot;:&quot;10&quot;,&quot;posts_per_archive_page&quot;:0,&quot;no_items_action&quot;:&quot;message&quot;,&quot;no_items_message&quot;:&quot;No results found.&quot;,&quot;no_items_page_block&quot;:&quot;&quot;,&quot;pagination&quot;:&quot;none&quot;,&quot;pagination_style&quot;:&quot;&quot;,&quot;pagination_btn_text&quot;:&quot;Load More&quot;,&quot;pagination_btn_size&quot;:&quot;&quot;,&quot;pagination_btn_style&quot;:&quot;1&quot;,&quot;pagination_btn_fullwidth&quot;:0,&quot;items_layout&quot;:&quot;gallery_default&quot;,&quot;type&quot;:&quot;grid&quot;,&quot;items_valign&quot;:0,&quot;ignore_items_size&quot;:0,&quot;columns&quot;:&quot;5&quot;,&quot;items_gap&quot;:&quot;0.5rem&quot;,&quot;load_animation&quot;:&quot;none&quot;,&quot;items_preload_style&quot;:&quot;spinner&quot;,&quot;img_size&quot;:&quot;us_600_600&quot;,&quot;img_aspect_ratio&quot;:&quot;1\\\/1&quot;,&quot;title_size&quot;:&quot;&quot;,&quot;item_aspect_ratio&quot;:&quot;1\\\/1&quot;,&quot;overriding_link&quot;:&quot;%7B%22type%22%3A%22popup_image%22%7D&quot;,&quot;popup_page_template&quot;:&quot;0&quot;,&quot;popup_width&quot;:&quot;&quot;,&quot;popup_arrows&quot;:1,&quot;breakpoint_1_width&quot;:&quot;1381px&quot;,&quot;breakpoint_1_cols&quot;:&quot;default&quot;,&quot;breakpoint_1_quantity&quot;:&quot;&quot;,&quot;breakpoint_1_gap&quot;:&quot;&quot;,&quot;breakpoint_2_width&quot;:&quot;1025px&quot;,&quot;breakpoint_2_cols&quot;:&quot;2&quot;,&quot;breakpoint_2_quantity&quot;:&quot;&quot;,&quot;breakpoint_2_gap&quot;:&quot;&quot;,&quot;breakpoint_3_width&quot;:&quot;601px&quot;,&quot;breakpoint_3_cols&quot;:&quot;1&quot;,&quot;breakpoint_3_quantity&quot;:&quot;&quot;,&quot;breakpoint_3_gap&quot;:&quot;&quot;,&quot;conditions_operator&quot;:&quot;always&quot;,&quot;conditions&quot;:[],&quot;css&quot;:null,&quot;el_class&quot;:&quot;&quot;,&quot;el_id&quot;:&quot;&quot;,&quot;enable_custom_html_atts&quot;:0,&quot;custom_html_atts&quot;:null,&quot;hide_on_states&quot;:&quot;&quot;,&quot;hide_for_sticky&quot;:0,&quot;hide_for_not_sticky&quot;:0,&quot;hide_below&quot;:&quot;0px&quot;,&quot;hide_above&quot;:&quot;0px&quot;,&quot;items_ratio&quot;:&quot;&quot;,&quot;items_ratio_width&quot;:&quot;&quot;,&quot;items_ratio_height&quot;:&quot;&quot;,&quot;classes&quot;:&quot;&quot;},&quot;found_posts&quot;:0,&quot;per_page&quot;:10,&quot;orderby_random_seed&quot;:419253303},&quot;facetedFilter&quot;:[]}'><\/div><\/div><\/div><\/div><\/div><\/div><\/div><\/section><section class=\"l-section wpb_row height_huge color_alternate with_shape\"><div class=\"l-section-shape type_zigzag pos_top\" style=\"height:3vmin;\"><svg xmlns=\"http:\/\/www.w3.org\/2000\/svg\" viewBox=\"0 0 64 8\" preserveAspectRatio=\"none\" width=\"100%\" height=\"100%\">\r\n\t<path fill=\"currentColor\" d=\"M64 8 L0 8 L0 0 L20 7.9 L40 3 L48 5 L64 0 Z\"\/>\r\n<\/svg><\/div><div class=\"l-section-shape type_zigzag pos_bottom\" style=\"height:3vmin;\"><svg xmlns=\"http:\/\/www.w3.org\/2000\/svg\" viewBox=\"0 0 64 8\" preserveAspectRatio=\"none\" width=\"100%\" height=\"100%\">\r\n\t<path fill=\"currentColor\" d=\"M64 8 L0 8 L0 0 L20 7.9 L40 3 L48 5 L64 0 Z\"\/>\r\n<\/svg><\/div><div class=\"l-section-h i-cf\"><div class=\"g-cols vc_row via_flex valign_top type_default stacking_default\"><div class=\"vc_col-sm-6 wpb_column vc_column_container\"><div class=\"vc_column-inner\"><div class=\"wpb_wrapper\"><div class=\"wpb_text_column\"><div class=\"wpb_wrapper\"><blockquote>\n<p><strong>Quick answer:<\/strong> between 2022 and 2024, Centro Flamenco de Sevilla was a small-format tablao at C\/ Francos 33 that combined intimate shows with an intense professional life around the venue. Its limited capacity, the acoustic nature of the performances, the mix of generations on stage and the conversations after the shows meant that artists and flamenco professionals also used it as a meeting place.<\/p>\n<\/blockquote>\n<\/div><\/div><\/div><\/div><\/div><div class=\"vc_col-sm-6 wpb_column vc_column_container\"><div class=\"vc_column-inner\"><div class=\"wpb_wrapper\"><div class=\"wpb_text_column\"><div class=\"wpb_wrapper\"><h3>What could not be seen from the audience<\/h3>\n<p>The audience saw a 32-seat room and a stage just a few metres away. People working in the sector knew another dimension as well: artists arriving before their show, colleagues from other tablaos dropping by to say hello, musicians and dancers staying afterwards, conversations about repertoires, last-minute substitutions, tours, new projects and job opportunities.<\/p>\n<p>In a city with such a broad flamenco offering, that informal space eventually became an essential part of the centre\u2019s identity.<\/p>\n<\/div><\/div><\/div><\/div><\/div><\/div><\/div><\/section><section class=\"l-section wpb_row height_huge\"><div class=\"l-section-h i-cf\"><div class=\"g-cols vc_row via_flex valign_top type_default stacking_default\"><div class=\"vc_col-sm-6 wpb_column vc_column_container\"><div class=\"vc_column-inner\"><div class=\"wpb_wrapper\"><div class=\"wpb_text_column\"><div class=\"wpb_wrapper\"><h2>Contents of this story<\/h2>\n<ul>\n<li><a href=\"#sala-intima\">An intimate venue in the heart of the city<\/a><\/li>\n<li><a href=\"#escenario-generaciones\">Veterans and young artists sharing the stage<\/a><\/li>\n<li><a href=\"#despues-pase\">When the show ended, the conversation began<\/a><\/li>\n<li><a href=\"#punto-encuentro\">A meeting point for the sector<\/a><\/li>\n<li><a href=\"#gestion-digital\">The invisible side: management and digitalisation<\/a><\/li>\n<li><a href=\"#cronologia-centro\">Timeline of Centro Flamenco de Sevilla<\/a><\/li>\n<li><a href=\"#legado-centro\">What remained after the closure<\/a><\/li>\n<li><a href=\"#faq-centro\">Frequently asked questions<\/a><\/li>\n<\/ul>\n<\/div><\/div><\/div><\/div><\/div><div class=\"vc_col-sm-6 wpb_column vc_column_container\"><div class=\"vc_column-inner\"><div class=\"wpb_wrapper\"><div class=\"w-image us_custom_83db15f5 has_aspect_ratio align_center\"><div class=\"w-image-h\"><img decoding=\"async\" width=\"1024\" height=\"683\" src=\"https:\/\/www.tablaosflamencos.com\/wp-content\/uploads\/centro-flamenco-de-sevilla-01-4-1024x683.webp\" class=\"attachment-large size-large\" alt=\"Centro Flamenco de Sevilla\" loading=\"eager\" srcset=\"https:\/\/www.tablaosflamencos.com\/wp-content\/uploads\/centro-flamenco-de-sevilla-01-4-1024x683.webp 1024w, https:\/\/www.tablaosflamencos.com\/wp-content\/uploads\/centro-flamenco-de-sevilla-01-4-300x200.webp 300w, https:\/\/www.tablaosflamencos.com\/wp-content\/uploads\/centro-flamenco-de-sevilla-01-4-1536x1024.webp 1536w, https:\/\/www.tablaosflamencos.com\/wp-content\/uploads\/centro-flamenco-de-sevilla-01-4-600x400.webp 600w, https:\/\/www.tablaosflamencos.com\/wp-content\/uploads\/centro-flamenco-de-sevilla-01-4-150x100.webp 150w, https:\/\/www.tablaosflamencos.com\/wp-content\/uploads\/centro-flamenco-de-sevilla-01-4.webp 1920w\" sizes=\"auto, (max-width: 1024px) 100vw, 1024px\" \/><\/div><\/div><\/div><\/div><\/div><\/div><\/div><\/section><section class=\"l-section wpb_row height_huge\"><div class=\"l-section-h i-cf\"><div class=\"g-cols vc_row via_flex valign_top type_default stacking_default\"><div class=\"vc_col-sm-6 wpb_column vc_column_container\"><div class=\"vc_column-inner\"><div class=\"wpb_wrapper\"><div class=\"w-image us_custom_09d4d40b has_aspect_ratio align_center\"><div class=\"w-image-h\"><img decoding=\"async\" width=\"1024\" height=\"683\" src=\"https:\/\/www.tablaosflamencos.com\/wp-content\/uploads\/centro-flamenco-de-sevilla-01-61-1024x683.webp\" class=\"attachment-large size-large\" alt=\"Centro Flamenco de Sevilla\" loading=\"eager\" srcset=\"https:\/\/www.tablaosflamencos.com\/wp-content\/uploads\/centro-flamenco-de-sevilla-01-61-1024x683.webp 1024w, https:\/\/www.tablaosflamencos.com\/wp-content\/uploads\/centro-flamenco-de-sevilla-01-61-300x200.webp 300w, https:\/\/www.tablaosflamencos.com\/wp-content\/uploads\/centro-flamenco-de-sevilla-01-61-1536x1024.webp 1536w, https:\/\/www.tablaosflamencos.com\/wp-content\/uploads\/centro-flamenco-de-sevilla-01-61-600x400.webp 600w, https:\/\/www.tablaosflamencos.com\/wp-content\/uploads\/centro-flamenco-de-sevilla-01-61-150x100.webp 150w, https:\/\/www.tablaosflamencos.com\/wp-content\/uploads\/centro-flamenco-de-sevilla-01-61.webp 1920w\" sizes=\"auto, (max-width: 1024px) 100vw, 1024px\" \/><\/div><\/div><\/div><\/div><\/div><div class=\"vc_col-sm-6 wpb_column vc_column_container\"><div class=\"vc_column-inner\"><div class=\"wpb_wrapper\"><div class=\"wpb_text_column\"><div class=\"wpb_wrapper\"><h3>A look back through memory, not nostalgia<\/h3>\n<p>Remembering Centro Flamenco de Sevilla is not about idealising a venue that no longer operates as it did then. What matters is observing <strong>what conditions made it possible for such a small venue to generate so much life around it<\/strong>: proximity, artistic continuity, a mix of generations, present-day direction, relationships between colleagues and a scale on which almost everyone eventually knew one another.<\/p>\n<p>This article forms part of the recent memory of flamenco in Seville and draws on both public documentation and the direct experience of those involved in the project.<\/p>\n<\/div><\/div><\/div><\/div><\/div><\/div><\/div><\/section><section class=\"l-section wpb_row height_huge color_alternate with_shape\"><div class=\"l-section-shape type_zigzag pos_top hor_flip\" style=\"height:3vmin;\"><svg xmlns=\"http:\/\/www.w3.org\/2000\/svg\" viewBox=\"0 0 64 8\" preserveAspectRatio=\"none\" width=\"100%\" height=\"100%\">\r\n\t<path fill=\"currentColor\" d=\"M64 8 L0 8 L0 0 L20 7.9 L40 3 L48 5 L64 0 Z\"\/>\r\n<\/svg><\/div><div class=\"l-section-shape type_zigzag pos_bottom\" style=\"height:3vmin;\"><svg xmlns=\"http:\/\/www.w3.org\/2000\/svg\" viewBox=\"0 0 64 8\" preserveAspectRatio=\"none\" width=\"100%\" height=\"100%\">\r\n\t<path fill=\"currentColor\" d=\"M64 8 L0 8 L0 0 L20 7.9 L40 3 L48 5 L64 0 Z\"\/>\r\n<\/svg><\/div><div class=\"l-section-h i-cf\"><div class=\"g-cols vc_row via_flex valign_top type_default stacking_default\"><div class=\"vc_col-sm-6 wpb_column vc_column_container\"><div class=\"vc_column-inner\"><div class=\"wpb_wrapper\"><div class=\"wpb_text_column\"><div class=\"wpb_wrapper\"><h2 id=\"sala-intima\">An intimate venue in the heart of Seville<\/h2>\n<p>Calle Francos is one of those streets in the historic centre used every day by residents, visitors and workers on their way to the Cathedral, the Alfalfa or Plaza del Salvador. There, at number 33, Centro Flamenco de Sevilla occupied a small space that required the show to be built around closeness.<\/p>\n<p>With just 32 seats, there was not enough distance to hide anything. The audience could hear the singer\u2019s breathing, the attack of the guitar, the natural sound of the footwork and the small gestures that can disappear in a large theatre. The lack of a major physical barrier between performers and spectators reinforced the feeling of being inside the flamenco experience rather than simply watching it.<\/p>\n<p>That format connected with one of the historic qualities of many flamenco venues: <strong>the intensity created by proximity<\/strong>. You can explore that context further in our article about Seville\u2019s <a href=\"https:\/\/www.tablaosflamencos.com\/cafes-cantantes-sevilla.html\"><strong>caf\u00e9s cantantes<\/strong><\/a>.<\/p>\n<\/div><\/div><\/div><\/div><\/div><div class=\"vc_col-sm-6 wpb_column vc_column_container\"><div class=\"vc_column-inner\"><div class=\"wpb_wrapper\"><div class=\"wpb_text_column\"><div class=\"wpb_wrapper\"><h3>Silence was also part of the show<\/h3>\n<p>A small room demands attention. The guitar does not need to compete with a large space, the singing can work with subtleties, and the dance is perceived not only as an image but as sound and physical presence.<\/p>\n<p>The acoustic approach encouraged that kind of listening. Rather than turning the show into a distant production, each performance was designed to preserve the tension of a close encounter. That also changed the audience\u2019s behaviour: the nearer the artist was, the clearer it became that silence, listening and the room\u2019s response were part of the performance.<\/p>\n<p>The venue\u2019s small scale was not a limitation to disguise. <strong>It was precisely the mechanism that defined the experience.<\/strong><\/p>\n<\/div><\/div><\/div><\/div><\/div><\/div><\/div><\/section><section class=\"l-section wpb_row height_huge\"><div class=\"l-section-h i-cf\"><div class=\"g-cols vc_row via_flex valign_top type_default stacking_default\"><div class=\"vc_col-sm-6 wpb_column vc_column_container\"><div class=\"vc_column-inner\"><div class=\"wpb_wrapper\"><div class=\"wpb_text_column\"><div class=\"wpb_wrapper\"><h2 id=\"escenario-generaciones\">Veterans and young artists sharing the stage<\/h2>\n<p>One of the principles that defined the artistic direction of Centro Flamenco de Sevilla was the coexistence of performers with established careers and young artists beginning to carve out a professional space for themselves.<\/p>\n<p>Youth was not treated as a separate or secondary programme. Emerging performers could share the stage, dressing room and working dynamics with more experienced artists. That coexistence had value beyond the poster: it allowed them to observe timing, codes, stage resources and ways of relating to singing, guitar and dance that are difficult to learn in a class alone.<\/p>\n<p>For some young artists, working regularly in a professional venue also meant taking on real responsibilities: arriving prepared, adapting to different colleagues, maintaining an artistic standard every day and understanding that a tablao lives through the combination of spontaneity and discipline.<\/p>\n<\/div><\/div><\/div><\/div><\/div><div class=\"vc_col-sm-6 wpb_column vc_column_container\"><div class=\"vc_column-inner\"><div class=\"wpb_wrapper\"><div class=\"wpb_text_column\"><div class=\"wpb_wrapper\"><h3>The tablao as a space for transmission<\/h3>\n<p>Flamenco is passed on in many ways. There is formal teaching, academies, conservatories, families, pe\u00f1as and festivals. But the tablao preserves another form of learning: <strong>practical transmission between colleagues<\/strong>.<\/p>\n<p>A singer learns to read a dancer\u2019s body. The guitarist understands when to support and when to open space. The dancer learns to listen before entering. And young artists discover that each colleague demands a different response.<\/p>\n<p>At Centro Flamenco de Sevilla, that transmission was particularly visible because the scale of the room meant everything happened close together: stage, dressing room, waiting and conversation were all part of the same environment.<\/p>\n<\/div><\/div><\/div><\/div><\/div><\/div><\/div><\/section><section class=\"l-section wpb_row height_huge color_alternate with_shape\"><div class=\"l-section-shape type_zigzag pos_top\" style=\"height:3vmin;\"><svg xmlns=\"http:\/\/www.w3.org\/2000\/svg\" viewBox=\"0 0 64 8\" preserveAspectRatio=\"none\" width=\"100%\" height=\"100%\">\r\n\t<path fill=\"currentColor\" d=\"M64 8 L0 8 L0 0 L20 7.9 L40 3 L48 5 L64 0 Z\"\/>\r\n<\/svg><\/div><div class=\"l-section-shape type_zigzag pos_bottom\" style=\"height:3vmin;\"><svg xmlns=\"http:\/\/www.w3.org\/2000\/svg\" viewBox=\"0 0 64 8\" preserveAspectRatio=\"none\" width=\"100%\" height=\"100%\">\r\n\t<path fill=\"currentColor\" d=\"M64 8 L0 8 L0 0 L20 7.9 L40 3 L48 5 L64 0 Z\"\/>\r\n<\/svg><\/div><div class=\"l-section-h i-cf\"><div class=\"g-cols vc_row via_flex valign_top type_default stacking_default\"><div class=\"vc_col-sm-6 wpb_column vc_column_container\"><div class=\"vc_column-inner\"><div class=\"wpb_wrapper\"><div class=\"wpb_text_column\"><div class=\"wpb_wrapper\"><h2 id=\"despues-pase\">When the show ended, another part of the night began<\/h2>\n<p>The image that best explains why the centre became a meeting point does not necessarily come from a performance. Very often, it appears <strong>after the last show<\/strong>.<\/p>\n<p>With the audience gone and commercial activity over, it was not unusual for artists from the cast, colleagues who had performed at other tablaos, friends and industry professionals to stay and talk. Those conversations could continue well into the early hours.<\/p>\n<p>Nothing was scheduled for those hours. It was neither an event nor an advertised activity. That was precisely what gave it value: it was an organic relationship between people who shared a profession, concerns and a life around flamenco.<\/p>\n<\/div><\/div><\/div><\/div><\/div><div class=\"vc_col-sm-6 wpb_column vc_column_container\"><div class=\"vc_column-inner\"><div class=\"wpb_wrapper\"><div class=\"wpb_text_column\"><div class=\"wpb_wrapper\"><h3>The conversations that never appeared on the programme<\/h3>\n<blockquote>\n<p>A tablao can close its doors to the public and still remain full of flamenco. Sometimes the most important part of the night began when there were no more tickets left to sell.<\/p>\n<\/blockquote>\n<p>Those conversations covered artists, repertoires, who was working where, tours, new venues, projects that did not yet exist and the everyday problems of the profession. Sometimes it was simply about spending time together.<\/p>\n<p>That human component explains better than any figure why a 32-seat venue could have a relational influence far greater than its capacity.<\/p>\n<\/div><\/div><\/div><\/div><\/div><\/div><\/div><\/section><section class=\"l-section wpb_row height_huge\"><div class=\"l-section-h i-cf\"><div class=\"g-cols vc_row via_flex valign_top type_default stacking_default\"><div class=\"vc_col-sm-6 wpb_column vc_column_container\"><div class=\"vc_column-inner\"><div class=\"wpb_wrapper\"><div class=\"wpb_text_column\"><div class=\"wpb_wrapper\"><h2 id=\"punto-encuentro\">A meeting point for flamenco artists and professionals<\/h2>\n<p>Seville has numerous venues, schools, pe\u00f1as, tablaos, theatres and festivals. Yet not all of them generate the same type of relationship among the people who work in them.<\/p>\n<p>Centro Flamenco de Sevilla eventually welcomed more than its own artists and audience. Colleagues from other tablaos also stopped by, as did professionals connected with production and ticket sales, visiting artists and people working around the city\u2019s flamenco activity.<\/p>\n<p>Its central location helped. But the decisive factor was how easy it was for someone to come in, stay for a while, see colleagues and end up joining a conversation that had never been planned.<\/p>\n<\/div><\/div><\/div><\/div><\/div><div class=\"vc_col-sm-6 wpb_column vc_column_container\"><div class=\"vc_column-inner\"><div class=\"wpb_wrapper\"><div class=\"wpb_text_column\"><div class=\"wpb_wrapper\"><h3>A professional network built on a small scale<\/h3>\n<p>Cultural sectors also operate through informal networks. A last-minute substitution, a recommendation, a collaboration or an opportunity can arise from an apparently trivial conversation.<\/p>\n<p>During its active years, Centro Flamenco de Sevilla functioned as one of those nodes: <strong>a space where artistic and professional relationships constantly overlapped<\/strong>.<\/p>\n<p>To understand how the city\u2019s flamenco offering is structured today, this historical perspective can be combined with our guide to <a href=\"https:\/\/www.tablaosflamencos.com\/donde-ver-flamenco-autentico-sevilla.html\"><strong>how to choose an authentic flamenco show in Seville<\/strong><\/a>.<\/p>\n<\/div><\/div><\/div><\/div><\/div><\/div><\/div><\/section><section class=\"l-section wpb_row height_huge\"><div class=\"l-section-h i-cf\"><div class=\"g-cols vc_row via_flex valign_top type_default stacking_default\"><div class=\"vc_col-sm-12 wpb_column vc_column_container\"><div class=\"vc_column-inner\"><div class=\"wpb_wrapper\"><div class=\"w-grid us_post_list type_grid layout_gallery_default cols_5 preload_style_spinner items_have_ratio\" id=\"us_post_list_ad8b\" style=\"--columns:5;--gap:0.5rem;--img-aspect-ratio:1\/1;--item-aspect-ratio:1\/1;\"><style>@media (max-width:1024px){#us_post_list_ad8b{--columns:2!important}}@media (max-width:600px){#us_post_list_ad8b{--columns:1!important}}<\/style><div class=\"w-grid-list\">\t<article class=\"w-grid-item size_1x1 post-14436 attachment type-attachment status-inherit hentry\" data-id=\"14436\">\r\n\t\t<div class=\"w-grid-item-h\">\r\n\t\t\t\t\t\t\t<a ref=\"magnificPopupList\" data-alt=\"Centro Flamenco de Sevilla\" href=\"https:\/\/www.tablaosflamencos.com\/wp-content\/uploads\/centro-flamenco-de-sevilla-01-29.webp\" class=\"w-grid-item-anchor\" aria-label=\"Centro Flamenco de Sevilla\"><\/a>\r\n\t\t\t\t\t\t<div class=\"w-post-elm post_image usg_post_image_1 stretched\"><img decoding=\"async\" width=\"400\" height=\"600\" src=\"https:\/\/www.tablaosflamencos.com\/wp-content\/uploads\/centro-flamenco-de-sevilla-01-29-400x600.webp\" class=\"attachment-us_600_600 size-us_600_600\" alt=\"Centro Flamenco de Sevilla\" srcset=\"https:\/\/www.tablaosflamencos.com\/wp-content\/uploads\/centro-flamenco-de-sevilla-01-29-400x600.webp 400w, https:\/\/www.tablaosflamencos.com\/wp-content\/uploads\/centro-flamenco-de-sevilla-01-29-200x300.webp 200w, https:\/\/www.tablaosflamencos.com\/wp-content\/uploads\/centro-flamenco-de-sevilla-01-29-683x1024.webp 683w, https:\/\/www.tablaosflamencos.com\/wp-content\/uploads\/centro-flamenco-de-sevilla-01-29-1024x1536.webp 1024w, https:\/\/www.tablaosflamencos.com\/wp-content\/uploads\/centro-flamenco-de-sevilla-01-29-100x150.webp 100w, https:\/\/www.tablaosflamencos.com\/wp-content\/uploads\/centro-flamenco-de-sevilla-01-29.webp 1280w\" sizes=\"(max-width: 400px) 100vw, 400px\" loading=\"eager\" \/><\/div>\t\t<\/div>\r\n\t\t\t<\/article>\r\n\t<article class=\"w-grid-item size_1x1 post-14441 attachment type-attachment status-inherit hentry\" data-id=\"14441\">\r\n\t\t<div class=\"w-grid-item-h\">\r\n\t\t\t\t\t\t\t<a ref=\"magnificPopupList\" data-alt=\"Centro Flamenco de Sevilla\" href=\"https:\/\/www.tablaosflamencos.com\/wp-content\/uploads\/centro-flamenco-de-sevilla-01-34.webp\" class=\"w-grid-item-anchor\" aria-label=\"Centro Flamenco de Sevilla\"><\/a>\r\n\t\t\t\t\t\t<div class=\"w-post-elm post_image usg_post_image_1 stretched\"><img decoding=\"async\" width=\"600\" height=\"400\" src=\"https:\/\/www.tablaosflamencos.com\/wp-content\/uploads\/centro-flamenco-de-sevilla-01-34-600x400.webp\" class=\"attachment-us_600_600 size-us_600_600\" alt=\"Centro Flamenco de Sevilla\" srcset=\"https:\/\/www.tablaosflamencos.com\/wp-content\/uploads\/centro-flamenco-de-sevilla-01-34-600x400.webp 600w, https:\/\/www.tablaosflamencos.com\/wp-content\/uploads\/centro-flamenco-de-sevilla-01-34-300x200.webp 300w, https:\/\/www.tablaosflamencos.com\/wp-content\/uploads\/centro-flamenco-de-sevilla-01-34-1024x683.webp 1024w, https:\/\/www.tablaosflamencos.com\/wp-content\/uploads\/centro-flamenco-de-sevilla-01-34-1536x1024.webp 1536w, https:\/\/www.tablaosflamencos.com\/wp-content\/uploads\/centro-flamenco-de-sevilla-01-34-150x100.webp 150w, https:\/\/www.tablaosflamencos.com\/wp-content\/uploads\/centro-flamenco-de-sevilla-01-34.webp 1920w\" sizes=\"(max-width: 600px) 100vw, 600px\" loading=\"eager\" \/><\/div>\t\t<\/div>\r\n\t\t\t<\/article>\r\n\t<article class=\"w-grid-item size_1x1 post-14427 attachment type-attachment status-inherit hentry\" data-id=\"14427\">\r\n\t\t<div class=\"w-grid-item-h\">\r\n\t\t\t\t\t\t\t<a ref=\"magnificPopupList\" data-alt=\"Centro Flamenco de Sevilla\" href=\"https:\/\/www.tablaosflamencos.com\/wp-content\/uploads\/centro-flamenco-de-sevilla-01-20.webp\" class=\"w-grid-item-anchor\" aria-label=\"Centro Flamenco de Sevilla\"><\/a>\r\n\t\t\t\t\t\t<div class=\"w-post-elm post_image usg_post_image_1 stretched\"><img decoding=\"async\" width=\"600\" height=\"400\" src=\"https:\/\/www.tablaosflamencos.com\/wp-content\/uploads\/centro-flamenco-de-sevilla-01-20-600x400.webp\" class=\"attachment-us_600_600 size-us_600_600\" alt=\"Centro Flamenco de Sevilla\" srcset=\"https:\/\/www.tablaosflamencos.com\/wp-content\/uploads\/centro-flamenco-de-sevilla-01-20-600x400.webp 600w, https:\/\/www.tablaosflamencos.com\/wp-content\/uploads\/centro-flamenco-de-sevilla-01-20-300x200.webp 300w, https:\/\/www.tablaosflamencos.com\/wp-content\/uploads\/centro-flamenco-de-sevilla-01-20-1024x683.webp 1024w, https:\/\/www.tablaosflamencos.com\/wp-content\/uploads\/centro-flamenco-de-sevilla-01-20-1536x1024.webp 1536w, https:\/\/www.tablaosflamencos.com\/wp-content\/uploads\/centro-flamenco-de-sevilla-01-20-150x100.webp 150w, https:\/\/www.tablaosflamencos.com\/wp-content\/uploads\/centro-flamenco-de-sevilla-01-20.webp 1920w\" sizes=\"(max-width: 600px) 100vw, 600px\" loading=\"eager\" \/><\/div>\t\t<\/div>\r\n\t\t\t<\/article>\r\n\t<article class=\"w-grid-item size_1x1 post-14410 attachment type-attachment status-inherit hentry\" data-id=\"14410\">\r\n\t\t<div class=\"w-grid-item-h\">\r\n\t\t\t\t\t\t\t<a ref=\"magnificPopupList\" data-alt=\"Centro Flamenco de Sevilla\" href=\"https:\/\/www.tablaosflamencos.com\/wp-content\/uploads\/centro-flamenco-de-sevilla-01-3.webp\" class=\"w-grid-item-anchor\" aria-label=\"Centro Flamenco de Sevilla\"><\/a>\r\n\t\t\t\t\t\t<div class=\"w-post-elm post_image usg_post_image_1 stretched\"><img decoding=\"async\" width=\"600\" height=\"400\" src=\"https:\/\/www.tablaosflamencos.com\/wp-content\/uploads\/centro-flamenco-de-sevilla-01-3-600x400.webp\" class=\"attachment-us_600_600 size-us_600_600\" alt=\"Centro Flamenco de Sevilla\" srcset=\"https:\/\/www.tablaosflamencos.com\/wp-content\/uploads\/centro-flamenco-de-sevilla-01-3-600x400.webp 600w, https:\/\/www.tablaosflamencos.com\/wp-content\/uploads\/centro-flamenco-de-sevilla-01-3-300x200.webp 300w, https:\/\/www.tablaosflamencos.com\/wp-content\/uploads\/centro-flamenco-de-sevilla-01-3-1024x683.webp 1024w, https:\/\/www.tablaosflamencos.com\/wp-content\/uploads\/centro-flamenco-de-sevilla-01-3-1536x1024.webp 1536w, https:\/\/www.tablaosflamencos.com\/wp-content\/uploads\/centro-flamenco-de-sevilla-01-3-150x100.webp 150w, https:\/\/www.tablaosflamencos.com\/wp-content\/uploads\/centro-flamenco-de-sevilla-01-3.webp 1920w\" sizes=\"(max-width: 600px) 100vw, 600px\" loading=\"eager\" \/><\/div>\t\t<\/div>\r\n\t\t\t<\/article>\r\n\t<article class=\"w-grid-item size_1x1 post-14426 attachment type-attachment status-inherit hentry\" data-id=\"14426\">\r\n\t\t<div class=\"w-grid-item-h\">\r\n\t\t\t\t\t\t\t<a ref=\"magnificPopupList\" data-alt=\"Centro Flamenco de Sevilla\" href=\"https:\/\/www.tablaosflamencos.com\/wp-content\/uploads\/centro-flamenco-de-sevilla-01-19.webp\" class=\"w-grid-item-anchor\" aria-label=\"Centro Flamenco de Sevilla\"><\/a>\r\n\t\t\t\t\t\t<div class=\"w-post-elm post_image usg_post_image_1 stretched\"><img decoding=\"async\" width=\"600\" height=\"400\" src=\"https:\/\/www.tablaosflamencos.com\/wp-content\/uploads\/centro-flamenco-de-sevilla-01-19-600x400.webp\" class=\"attachment-us_600_600 size-us_600_600\" alt=\"Centro Flamenco de Sevilla\" srcset=\"https:\/\/www.tablaosflamencos.com\/wp-content\/uploads\/centro-flamenco-de-sevilla-01-19-600x400.webp 600w, https:\/\/www.tablaosflamencos.com\/wp-content\/uploads\/centro-flamenco-de-sevilla-01-19-300x200.webp 300w, https:\/\/www.tablaosflamencos.com\/wp-content\/uploads\/centro-flamenco-de-sevilla-01-19-1024x683.webp 1024w, https:\/\/www.tablaosflamencos.com\/wp-content\/uploads\/centro-flamenco-de-sevilla-01-19-1536x1024.webp 1536w, https:\/\/www.tablaosflamencos.com\/wp-content\/uploads\/centro-flamenco-de-sevilla-01-19-150x100.webp 150w, https:\/\/www.tablaosflamencos.com\/wp-content\/uploads\/centro-flamenco-de-sevilla-01-19.webp 1920w\" sizes=\"(max-width: 600px) 100vw, 600px\" loading=\"eager\" \/><\/div>\t\t<\/div>\r\n\t\t\t<\/article>\r\n\t<article class=\"w-grid-item size_1x1 post-14454 attachment type-attachment status-inherit hentry\" data-id=\"14454\">\r\n\t\t<div class=\"w-grid-item-h\">\r\n\t\t\t\t\t\t\t<a ref=\"magnificPopupList\" data-alt=\"Centro Flamenco de Sevilla\" href=\"https:\/\/www.tablaosflamencos.com\/wp-content\/uploads\/centro-flamenco-de-sevilla-01-47.webp\" class=\"w-grid-item-anchor\" aria-label=\"Centro Flamenco de Sevilla\"><\/a>\r\n\t\t\t\t\t\t<div class=\"w-post-elm post_image usg_post_image_1 stretched\"><img decoding=\"async\" width=\"400\" height=\"600\" src=\"https:\/\/www.tablaosflamencos.com\/wp-content\/uploads\/centro-flamenco-de-sevilla-01-47-400x600.webp\" class=\"attachment-us_600_600 size-us_600_600\" alt=\"Centro Flamenco de Sevilla\" srcset=\"https:\/\/www.tablaosflamencos.com\/wp-content\/uploads\/centro-flamenco-de-sevilla-01-47-400x600.webp 400w, https:\/\/www.tablaosflamencos.com\/wp-content\/uploads\/centro-flamenco-de-sevilla-01-47-200x300.webp 200w, https:\/\/www.tablaosflamencos.com\/wp-content\/uploads\/centro-flamenco-de-sevilla-01-47-683x1024.webp 683w, https:\/\/www.tablaosflamencos.com\/wp-content\/uploads\/centro-flamenco-de-sevilla-01-47-1025x1536.webp 1025w, https:\/\/www.tablaosflamencos.com\/wp-content\/uploads\/centro-flamenco-de-sevilla-01-47-100x150.webp 100w, https:\/\/www.tablaosflamencos.com\/wp-content\/uploads\/centro-flamenco-de-sevilla-01-47.webp 1281w\" sizes=\"(max-width: 400px) 100vw, 400px\" loading=\"eager\" \/><\/div>\t\t<\/div>\r\n\t\t\t<\/article>\r\n\t<article class=\"w-grid-item size_1x1 post-14413 attachment type-attachment status-inherit hentry\" data-id=\"14413\">\r\n\t\t<div class=\"w-grid-item-h\">\r\n\t\t\t\t\t\t\t<a ref=\"magnificPopupList\" data-alt=\"Centro Flamenco de Sevilla\" href=\"https:\/\/www.tablaosflamencos.com\/wp-content\/uploads\/centro-flamenco-de-sevilla-01-6.webp\" class=\"w-grid-item-anchor\" aria-label=\"Centro Flamenco de Sevilla\"><\/a>\r\n\t\t\t\t\t\t<div class=\"w-post-elm post_image usg_post_image_1 stretched\"><img decoding=\"async\" width=\"600\" height=\"400\" src=\"https:\/\/www.tablaosflamencos.com\/wp-content\/uploads\/centro-flamenco-de-sevilla-01-6-600x400.webp\" class=\"attachment-us_600_600 size-us_600_600\" alt=\"Centro Flamenco de Sevilla\" srcset=\"https:\/\/www.tablaosflamencos.com\/wp-content\/uploads\/centro-flamenco-de-sevilla-01-6-600x400.webp 600w, https:\/\/www.tablaosflamencos.com\/wp-content\/uploads\/centro-flamenco-de-sevilla-01-6-300x200.webp 300w, https:\/\/www.tablaosflamencos.com\/wp-content\/uploads\/centro-flamenco-de-sevilla-01-6-1024x683.webp 1024w, https:\/\/www.tablaosflamencos.com\/wp-content\/uploads\/centro-flamenco-de-sevilla-01-6-1536x1024.webp 1536w, https:\/\/www.tablaosflamencos.com\/wp-content\/uploads\/centro-flamenco-de-sevilla-01-6-150x100.webp 150w, https:\/\/www.tablaosflamencos.com\/wp-content\/uploads\/centro-flamenco-de-sevilla-01-6.webp 1920w\" sizes=\"(max-width: 600px) 100vw, 600px\" loading=\"eager\" \/><\/div>\t\t<\/div>\r\n\t\t\t<\/article>\r\n\t<article class=\"w-grid-item size_1x1 post-14459 attachment type-attachment status-inherit hentry\" data-id=\"14459\">\r\n\t\t<div class=\"w-grid-item-h\">\r\n\t\t\t\t\t\t\t<a ref=\"magnificPopupList\" data-alt=\"Centro Flamenco de Sevilla\" href=\"https:\/\/www.tablaosflamencos.com\/wp-content\/uploads\/centro-flamenco-de-sevilla-01-52.webp\" class=\"w-grid-item-anchor\" aria-label=\"Centro Flamenco de Sevilla\"><\/a>\r\n\t\t\t\t\t\t<div class=\"w-post-elm post_image usg_post_image_1 stretched\"><img decoding=\"async\" width=\"600\" height=\"400\" src=\"https:\/\/www.tablaosflamencos.com\/wp-content\/uploads\/centro-flamenco-de-sevilla-01-52-600x400.webp\" class=\"attachment-us_600_600 size-us_600_600\" alt=\"Centro Flamenco de Sevilla\" srcset=\"https:\/\/www.tablaosflamencos.com\/wp-content\/uploads\/centro-flamenco-de-sevilla-01-52-600x400.webp 600w, https:\/\/www.tablaosflamencos.com\/wp-content\/uploads\/centro-flamenco-de-sevilla-01-52-300x200.webp 300w, https:\/\/www.tablaosflamencos.com\/wp-content\/uploads\/centro-flamenco-de-sevilla-01-52-1024x683.webp 1024w, https:\/\/www.tablaosflamencos.com\/wp-content\/uploads\/centro-flamenco-de-sevilla-01-52-1536x1024.webp 1536w, https:\/\/www.tablaosflamencos.com\/wp-content\/uploads\/centro-flamenco-de-sevilla-01-52-150x100.webp 150w, https:\/\/www.tablaosflamencos.com\/wp-content\/uploads\/centro-flamenco-de-sevilla-01-52.webp 1920w\" sizes=\"(max-width: 600px) 100vw, 600px\" loading=\"eager\" \/><\/div>\t\t<\/div>\r\n\t\t\t<\/article>\r\n\t<article class=\"w-grid-item size_1x1 post-14453 attachment type-attachment status-inherit hentry\" data-id=\"14453\">\r\n\t\t<div class=\"w-grid-item-h\">\r\n\t\t\t\t\t\t\t<a ref=\"magnificPopupList\" data-alt=\"Centro Flamenco de Sevilla\" href=\"https:\/\/www.tablaosflamencos.com\/wp-content\/uploads\/centro-flamenco-de-sevilla-01-46.webp\" class=\"w-grid-item-anchor\" aria-label=\"Centro Flamenco de Sevilla\"><\/a>\r\n\t\t\t\t\t\t<div class=\"w-post-elm post_image usg_post_image_1 stretched\"><img decoding=\"async\" width=\"600\" height=\"400\" src=\"https:\/\/www.tablaosflamencos.com\/wp-content\/uploads\/centro-flamenco-de-sevilla-01-46-600x400.webp\" class=\"attachment-us_600_600 size-us_600_600\" alt=\"Centro Flamenco de Sevilla\" srcset=\"https:\/\/www.tablaosflamencos.com\/wp-content\/uploads\/centro-flamenco-de-sevilla-01-46-600x400.webp 600w, https:\/\/www.tablaosflamencos.com\/wp-content\/uploads\/centro-flamenco-de-sevilla-01-46-300x200.webp 300w, https:\/\/www.tablaosflamencos.com\/wp-content\/uploads\/centro-flamenco-de-sevilla-01-46-1024x683.webp 1024w, https:\/\/www.tablaosflamencos.com\/wp-content\/uploads\/centro-flamenco-de-sevilla-01-46-1536x1024.webp 1536w, https:\/\/www.tablaosflamencos.com\/wp-content\/uploads\/centro-flamenco-de-sevilla-01-46-150x100.webp 150w, https:\/\/www.tablaosflamencos.com\/wp-content\/uploads\/centro-flamenco-de-sevilla-01-46.webp 1920w\" sizes=\"(max-width: 600px) 100vw, 600px\" loading=\"eager\" \/><\/div>\t\t<\/div>\r\n\t\t\t<\/article>\r\n\t<article class=\"w-grid-item size_1x1 post-14455 attachment type-attachment status-inherit hentry\" data-id=\"14455\">\r\n\t\t<div class=\"w-grid-item-h\">\r\n\t\t\t\t\t\t\t<a ref=\"magnificPopupList\" data-alt=\"Centro Flamenco de Sevilla\" href=\"https:\/\/www.tablaosflamencos.com\/wp-content\/uploads\/centro-flamenco-de-sevilla-01-48.webp\" class=\"w-grid-item-anchor\" aria-label=\"Centro Flamenco de Sevilla\"><\/a>\r\n\t\t\t\t\t\t<div class=\"w-post-elm post_image usg_post_image_1 stretched\"><img decoding=\"async\" width=\"400\" height=\"600\" src=\"https:\/\/www.tablaosflamencos.com\/wp-content\/uploads\/centro-flamenco-de-sevilla-01-48-400x600.webp\" class=\"attachment-us_600_600 size-us_600_600\" alt=\"Centro Flamenco de Sevilla\" srcset=\"https:\/\/www.tablaosflamencos.com\/wp-content\/uploads\/centro-flamenco-de-sevilla-01-48-400x600.webp 400w, https:\/\/www.tablaosflamencos.com\/wp-content\/uploads\/centro-flamenco-de-sevilla-01-48-200x300.webp 200w, https:\/\/www.tablaosflamencos.com\/wp-content\/uploads\/centro-flamenco-de-sevilla-01-48-683x1024.webp 683w, https:\/\/www.tablaosflamencos.com\/wp-content\/uploads\/centro-flamenco-de-sevilla-01-48-1025x1536.webp 1025w, https:\/\/www.tablaosflamencos.com\/wp-content\/uploads\/centro-flamenco-de-sevilla-01-48-100x150.webp 100w, https:\/\/www.tablaosflamencos.com\/wp-content\/uploads\/centro-flamenco-de-sevilla-01-48.webp 1281w\" sizes=\"(max-width: 400px) 100vw, 400px\" loading=\"eager\" \/><\/div>\t\t<\/div>\r\n\t\t\t<\/article>\r\n<\/div><div class=\"g-preloader type_1\"><div><\/div><\/div><div class=\"w-grid-list-json hidden\" onclick='return {&quot;max_num_pages&quot;:0,&quot;paginationBase&quot;:&quot;page&quot;,&quot;pagination&quot;:&quot;none&quot;,&quot;paged&quot;:1,&quot;ajaxData&quot;:{&quot;action&quot;:&quot;us_ajax_post_list&quot;,&quot;meta_type&quot;:&quot;post&quot;,&quot;object_id&quot;:0,&quot;template_vars&quot;:{&quot;shortcode_base&quot;:&quot;us_post_list&quot;,&quot;paged&quot;:1,&quot;max_num_pages&quot;:0,&quot;no_results&quot;:false,&quot;us_post_content_design_css&quot;:[],&quot;found_posts&quot;:0,&quot;per_page&quot;:10,&quot;items_count&quot;:10,&quot;orderby_random_seed&quot;:296930292,&quot;source&quot;:&quot;media&quot;,&quot;custom_field_name&quot;:&quot;&quot;,&quot;ids&quot;:&quot;&quot;,&quot;post_type&quot;:&quot;post&quot;,&quot;attachment_ids&quot;:&quot;14473,14472,14471,14470,14469,14468,14467,14466,14465,14464,14463,14462,14461,14460,14459,14458,14457,14456,14455,14454,14453,14452,14451,14450,14449,14448,14447,14446,14445,14444,14443,14442,14441,14440,14439,14438,14437,14436,14435,14434,14433,14432,14431,14430,14429,14428,14427,14426,14425,14424,14423,14422,14421,14420,14419,14418,14417,14416,14415,14414,14413,14412,14411,14410,14409,14408,14407&quot;,&quot;include_post_thumbnail&quot;:0,&quot;post_author&quot;:&quot;any&quot;,&quot;post_author_ids&quot;:&quot;&quot;,&quot;apply_url_params&quot;:0,&quot;ignore_sticky_posts&quot;:1,&quot;exclude_children&quot;:0,&quot;exclude_current_post&quot;:1,&quot;exclude_prev_posts&quot;:0,&quot;exclude_past_events&quot;:0,&quot;enable_items_offset&quot;:0,&quot;items_offset&quot;:&quot;1&quot;,&quot;tax_query_relation&quot;:&quot;none&quot;,&quot;tax_query&quot;:[{&quot;operator&quot;:&quot;IN&quot;,&quot;taxonomy&quot;:&quot;category&quot;,&quot;terms&quot;:&quot;&quot;,&quot;include_children&quot;:0}],&quot;meta_query_relation&quot;:&quot;none&quot;,&quot;meta_query&quot;:[{&quot;key&quot;:&quot;custom_field_name&quot;,&quot;compare&quot;:&quot;=&quot;,&quot;value&quot;:&quot;&quot;}],&quot;orderby&quot;:&quot;rand&quot;,&quot;orderby_custom_field&quot;:&quot;&quot;,&quot;orderby_custom_type&quot;:0,&quot;order_invert&quot;:0,&quot;show_all&quot;:0,&quot;quantity&quot;:&quot;10&quot;,&quot;posts_per_archive_page&quot;:0,&quot;no_items_action&quot;:&quot;message&quot;,&quot;no_items_message&quot;:&quot;No results found.&quot;,&quot;no_items_page_block&quot;:&quot;&quot;,&quot;pagination&quot;:&quot;none&quot;,&quot;pagination_style&quot;:&quot;&quot;,&quot;pagination_btn_text&quot;:&quot;Load More&quot;,&quot;pagination_btn_size&quot;:&quot;&quot;,&quot;pagination_btn_style&quot;:&quot;1&quot;,&quot;pagination_btn_fullwidth&quot;:0,&quot;items_layout&quot;:&quot;gallery_default&quot;,&quot;type&quot;:&quot;grid&quot;,&quot;items_valign&quot;:0,&quot;ignore_items_size&quot;:0,&quot;columns&quot;:&quot;5&quot;,&quot;items_gap&quot;:&quot;0.5rem&quot;,&quot;load_animation&quot;:&quot;none&quot;,&quot;items_preload_style&quot;:&quot;spinner&quot;,&quot;img_size&quot;:&quot;us_600_600&quot;,&quot;img_aspect_ratio&quot;:&quot;1\\\/1&quot;,&quot;title_size&quot;:&quot;&quot;,&quot;item_aspect_ratio&quot;:&quot;1\\\/1&quot;,&quot;overriding_link&quot;:&quot;%7B%22type%22%3A%22popup_image%22%7D&quot;,&quot;popup_page_template&quot;:&quot;0&quot;,&quot;popup_width&quot;:&quot;&quot;,&quot;popup_arrows&quot;:1,&quot;breakpoint_1_width&quot;:&quot;1381px&quot;,&quot;breakpoint_1_cols&quot;:&quot;default&quot;,&quot;breakpoint_1_quantity&quot;:&quot;&quot;,&quot;breakpoint_1_gap&quot;:&quot;&quot;,&quot;breakpoint_2_width&quot;:&quot;1025px&quot;,&quot;breakpoint_2_cols&quot;:&quot;2&quot;,&quot;breakpoint_2_quantity&quot;:&quot;&quot;,&quot;breakpoint_2_gap&quot;:&quot;&quot;,&quot;breakpoint_3_width&quot;:&quot;601px&quot;,&quot;breakpoint_3_cols&quot;:&quot;1&quot;,&quot;breakpoint_3_quantity&quot;:&quot;&quot;,&quot;breakpoint_3_gap&quot;:&quot;&quot;,&quot;conditions_operator&quot;:&quot;always&quot;,&quot;conditions&quot;:[],&quot;css&quot;:null,&quot;el_class&quot;:&quot;&quot;,&quot;el_id&quot;:&quot;&quot;,&quot;enable_custom_html_atts&quot;:0,&quot;custom_html_atts&quot;:null,&quot;hide_on_states&quot;:&quot;&quot;,&quot;hide_for_sticky&quot;:0,&quot;hide_for_not_sticky&quot;:0,&quot;hide_below&quot;:&quot;0px&quot;,&quot;hide_above&quot;:&quot;0px&quot;,&quot;items_ratio&quot;:&quot;&quot;,&quot;items_ratio_width&quot;:&quot;&quot;,&quot;items_ratio_height&quot;:&quot;&quot;,&quot;classes&quot;:&quot;&quot;},&quot;found_posts&quot;:0,&quot;per_page&quot;:10,&quot;orderby_random_seed&quot;:296930292},&quot;facetedFilter&quot;:[]}'><\/div><\/div><\/div><\/div><\/div><\/div><\/div><\/section><section class=\"l-section wpb_row height_huge color_alternate with_shape\"><div class=\"l-section-shape type_zigzag pos_top hor_flip\" style=\"height:3vmin;\"><svg xmlns=\"http:\/\/www.w3.org\/2000\/svg\" viewBox=\"0 0 64 8\" preserveAspectRatio=\"none\" width=\"100%\" height=\"100%\">\r\n\t<path fill=\"currentColor\" d=\"M64 8 L0 8 L0 0 L20 7.9 L40 3 L48 5 L64 0 Z\"\/>\r\n<\/svg><\/div><div class=\"l-section-shape type_zigzag pos_bottom\" style=\"height:3vmin;\"><svg xmlns=\"http:\/\/www.w3.org\/2000\/svg\" viewBox=\"0 0 64 8\" preserveAspectRatio=\"none\" width=\"100%\" height=\"100%\">\r\n\t<path fill=\"currentColor\" d=\"M64 8 L0 8 L0 0 L20 7.9 L40 3 L48 5 L64 0 Z\"\/>\r\n<\/svg><\/div><div class=\"l-section-h i-cf\"><div class=\"g-cols vc_row via_flex valign_top type_default stacking_default\"><div class=\"vc_col-sm-6 wpb_column vc_column_container\"><div class=\"vc_column-inner\"><div class=\"wpb_wrapper\"><div class=\"wpb_text_column\"><div class=\"wpb_wrapper\"><h2 id=\"gestion-digital\">The invisible side: management, bookings and digitalisation<\/h2>\n<p>The centre\u2019s artistic life existed alongside another side that was less visible to the public: highly digitalised management. The direction worked with online sales and booking systems, channel control and coordination between direct and partner sales.<\/p>\n<p>The aim was for a small venue to operate with a commercial structure more advanced than its size might suggest. Direct sales, partners, availability and management had to communicate with each other to prevent overbooking and reduce manual work.<\/p>\n<p>That approach did not replace artistic direction. On the contrary, it was intended to free up operational time so that more attention could be given to the cast, the quality of the shows and the relationship with the audience.<\/p>\n<\/div><\/div><\/div><\/div><\/div><div class=\"vc_col-sm-6 wpb_column vc_column_container\"><div class=\"vc_column-inner\"><div class=\"wpb_wrapper\"><div class=\"wpb_text_column\"><div class=\"wpb_wrapper\"><h3>A model that continued beyond the venue<\/h3>\n<p>Some of those digitalisation and organisational practices were later transferred to other flamenco-related projects in Seville. The venue ended its activity, but some of the methods developed during those years continued to circulate.<\/p>\n<p>This legacy is less visible than a photograph of the stage, but it helps explain why Centro Flamenco de Sevilla was also a small management laboratory: <strong>artistic tradition on stage and operational modernisation behind the scenes<\/strong>.<\/p>\n<p>The history of flamenco is not built only from styles, artists and shows. It also changes through the way venues organise, sell, communicate and create conditions in which artists can work.<\/p>\n<\/div><\/div><\/div><\/div><\/div><\/div><\/div><\/section><section class=\"l-section wpb_row height_huge\"><div class=\"l-section-h i-cf\"><div class=\"g-cols vc_row via_flex valign_top type_default stacking_default\"><div class=\"vc_col-sm-12 wpb_column vc_column_container\"><div class=\"vc_column-inner\"><div class=\"wpb_wrapper\"><div class=\"wpb_text_column\"><div class=\"wpb_wrapper\"><h2 id=\"cronologia-centro\">Timeline of Centro Flamenco de Sevilla<\/h2>\n<div style=\"overflow-x: auto;\">\n<table>\n<thead>\n<tr>\n<th>Period<\/th>\n<th>What happened<\/th>\n<th>Why it matters<\/th>\n<\/tr>\n<\/thead>\n<tbody>\n<tr>\n<td><strong>2022<\/strong><\/td>\n<td>Centro Flamenco de Sevilla opens at C\/ Francos 33.<\/td>\n<td>A small-format tablao is born in the heart of the historic centre.<\/td>\n<\/tr>\n<tr>\n<td><strong>2022\u20132023<\/strong><\/td>\n<td>A daily programme based on flamenco singing, dance and guitar becomes established, with artists from different generations.<\/td>\n<td>The venue develops its acoustic, intimate and close-up identity.<\/td>\n<\/tr>\n<tr>\n<td><strong>2023<\/strong><\/td>\n<td>The regular presence of artists, visitors and professionals turns the venue into a habitual meeting place.<\/td>\n<td>The activity around the stage becomes as important as the show itself.<\/td>\n<\/tr>\n<tr>\n<td><strong>2023\u20132024<\/strong><\/td>\n<td>Digital management of bookings, direct sales and partner channels becomes firmly established.<\/td>\n<td>The centre combines a small artistic format with advanced commercial management.<\/td>\n<\/tr>\n<tr>\n<td><strong>2024<\/strong><\/td>\n<td>The project\u2019s period at C\/ Francos ends because of urban-planning issues related to the premises.<\/td>\n<td>The closure ends the activity in the space, but not the relationships or methods that grew around it.<\/td>\n<\/tr>\n<tr>\n<td><strong>Afterwards<\/strong><\/td>\n<td>Part of the artistic, commercial and digital experience is transferred to other projects in the sector.<\/td>\n<td>The legacy continues beyond the walls of the venue.<\/td>\n<\/tr>\n<\/tbody>\n<\/table>\n<\/div>\n<\/div><\/div><\/div><\/div><\/div><\/div><\/div><\/section><section class=\"l-section wpb_row height_huge color_alternate with_shape\"><div class=\"l-section-shape type_zigzag pos_top\" style=\"height:3vmin;\"><svg xmlns=\"http:\/\/www.w3.org\/2000\/svg\" viewBox=\"0 0 64 8\" preserveAspectRatio=\"none\" width=\"100%\" height=\"100%\">\r\n\t<path fill=\"currentColor\" d=\"M64 8 L0 8 L0 0 L20 7.9 L40 3 L48 5 L64 0 Z\"\/>\r\n<\/svg><\/div><div class=\"l-section-shape type_zigzag pos_bottom\" style=\"height:3vmin;\"><svg xmlns=\"http:\/\/www.w3.org\/2000\/svg\" viewBox=\"0 0 64 8\" preserveAspectRatio=\"none\" width=\"100%\" height=\"100%\">\r\n\t<path fill=\"currentColor\" d=\"M64 8 L0 8 L0 0 L20 7.9 L40 3 L48 5 L64 0 Z\"\/>\r\n<\/svg><\/div><div class=\"l-section-h i-cf\"><div class=\"g-cols vc_row via_flex valign_top type_default stacking_default\"><div class=\"vc_col-sm-6 wpb_column vc_column_container\"><div class=\"vc_column-inner\"><div class=\"wpb_wrapper\"><div class=\"wpb_text_column\"><div class=\"wpb_wrapper\"><h2 id=\"legado-centro\">What it meant for Seville\u2019s flamenco scene<\/h2>\n<p>It would be insufficient to measure the value of a cultural venue only by its size or by the number of years it was active. In the case of Centro Flamenco de Sevilla, the key lies precisely in the contrast between the two: <strong>a very small venue with a substantial human network around it<\/strong>.<\/p>\n<p>It was a professional stage, a place for practical learning, a stopping point for colleagues and a space for spending time together. For just over two years, it brought together people who were normally spread across different tablaos, theatres, schools and projects.<\/p>\n<p>Spaces of this kind perform a role that is difficult to capture in statistics. They build trust, facilitate encounters and create shared memory.<\/p>\n<\/div><\/div><\/div><\/div><\/div><div class=\"vc_col-sm-6 wpb_column vc_column_container\"><div class=\"vc_column-inner\"><div class=\"wpb_wrapper\"><div class=\"wpb_text_column\"><div class=\"wpb_wrapper\"><h3>What remained after the closure<\/h3>\n<p>The closure due to urban-planning issues ended the centre\u2019s physical phase, but it did not erase the relationships that had been created. Many of those who met there continued to encounter one another in other venues and projects. The experience of artistic direction, sales and management also continued to be applied outside the premises.<\/p>\n<p>And above all, one simple idea remained: <strong>a tablao can be much more than the place where a show is performed<\/strong>. When continuity, proximity and a professional community exist, it can become a small centre of gravity for part of a city\u2019s flamenco life.<\/p>\n<p>To place this story in a broader context, see also <a href=\"https:\/\/www.tablaosflamencos.com\/que-es-el-flamenco.html\"><strong>what flamenco is and its fundamental elements<\/strong><\/a>.<\/p>\n<\/div><\/div><\/div><\/div><\/div><\/div><\/div><\/section><section class=\"l-section wpb_row height_huge\"><div class=\"l-section-h i-cf\"><div class=\"g-cols vc_row via_flex valign_top type_default stacking_default\"><div class=\"vc_col-sm-1\/5 wpb_column vc_column_container\"><div class=\"vc_column-inner\"><div class=\"wpb_wrapper\"><\/div><\/div><\/div><div class=\"vc_col-sm-3\/5 wpb_column vc_column_container\"><div class=\"vc_column-inner\"><div class=\"wpb_wrapper\"><div class=\"wpb_text_column\"><div class=\"wpb_wrapper\"><h2 id=\"faq-centro\">Frequently asked questions about Centro Flamenco de Sevilla<\/h2>\n<p>A summary of the main facts from this period of the tablao and its role within Seville\u2019s flamenco scene.<\/p>\n<\/div><\/div><div class=\"w-separator size_medium\"><\/div><div class=\"w-tabs accordion toggle_style_1 has_scrolling\" style=\"--sections-title-size:inherit;--sections-gap:0.5rem;\"><div class=\"w-tabs-sections titles-align_none icon_plus cpos_left\"><div class=\"w-tabs-section\" id=\"qe5f\" itemscope itemprop=\"mainEntity\" itemtype=\"https:\/\/schema.org\/Question\"><button type=\"button\" class=\"w-tabs-section-header\" aria-controls=\"content-qe5f\" aria-expanded=\"false\"><h3 class=\"w-tabs-section-title\" itemprop=\"name\">When did Centro Flamenco de Sevilla open?<\/h3><div class=\"w-tabs-section-control\"><\/div><\/button><div  class=\"w-tabs-section-content\" id=\"content-qe5f\" itemscope itemprop=\"acceptedAnswer\" itemtype=\"https:\/\/schema.org\/Answer\"><div class=\"w-tabs-section-content-h i-cf\" itemprop=\"text\"><div class=\"wpb_text_column\"><div class=\"wpb_wrapper\"><p>Centro Flamenco de Sevilla began operating in <strong>2022<\/strong> at C\/ Francos 33, in Seville\u2019s historic centre.<\/p>\n<\/div><\/div><\/div><\/div><\/div><div class=\"w-tabs-section\" id=\"af5f\" itemscope itemprop=\"mainEntity\" itemtype=\"https:\/\/schema.org\/Question\"><button type=\"button\" class=\"w-tabs-section-header\" aria-controls=\"content-af5f\" aria-expanded=\"false\"><h3 class=\"w-tabs-section-title\" itemprop=\"name\">How many people could the venue accommodate?<\/h3><div class=\"w-tabs-section-control\"><\/div><\/button><div  class=\"w-tabs-section-content\" id=\"content-af5f\" itemscope itemprop=\"acceptedAnswer\" itemtype=\"https:\/\/schema.org\/Answer\"><div class=\"w-tabs-section-content-h i-cf\" itemprop=\"text\"><div class=\"wpb_text_column\"><div class=\"wpb_wrapper\"><p>Official Seville tourism documentation listed a <strong>capacity of 32 people<\/strong>, a size that defined the intimate nature of the experience.<\/p>\n<\/div><\/div><\/div><\/div><\/div><div class=\"w-tabs-section\" id=\"h092\" itemscope itemprop=\"mainEntity\" itemtype=\"https:\/\/schema.org\/Question\"><button type=\"button\" class=\"w-tabs-section-header\" aria-controls=\"content-h092\" aria-expanded=\"false\"><h3 class=\"w-tabs-section-title\" itemprop=\"name\">Who founded and directed Centro Flamenco de Sevilla?<\/h3><div class=\"w-tabs-section-control\"><\/div><\/button><div  class=\"w-tabs-section-content\" id=\"content-h092\" itemscope itemprop=\"acceptedAnswer\" itemtype=\"https:\/\/schema.org\/Answer\"><div class=\"w-tabs-section-content-h i-cf\" itemprop=\"text\"><div class=\"wpb_text_column\"><div class=\"wpb_wrapper\"><p>The project was founded and directed by <strong>Miguel Ortiz<\/strong>, who was responsible for its general and artistic direction during its active years.<\/p>\n<\/div><\/div><\/div><\/div><\/div><div class=\"w-tabs-section\" id=\"v180\" itemscope itemprop=\"mainEntity\" itemtype=\"https:\/\/schema.org\/Question\"><button type=\"button\" class=\"w-tabs-section-header\" aria-controls=\"content-v180\" aria-expanded=\"false\"><h3 class=\"w-tabs-section-title\" itemprop=\"name\">What were the shows like?<\/h3><div class=\"w-tabs-section-control\"><\/div><\/button><div  class=\"w-tabs-section-content\" id=\"content-v180\" itemscope itemprop=\"acceptedAnswer\" itemtype=\"https:\/\/schema.org\/Answer\"><div class=\"w-tabs-section-content-h i-cf\" itemprop=\"text\"><div class=\"wpb_text_column\"><div class=\"wpb_wrapper\"><p>The format was based on <strong>flamenco singing, dance and guitar<\/strong> in a small-capacity venue, with performances very close to the audience and an acoustic approach that encouraged natural listening.<\/p>\n<\/div><\/div><\/div><\/div><\/div><div class=\"w-tabs-section\" id=\"k257\" itemscope itemprop=\"mainEntity\" itemtype=\"https:\/\/schema.org\/Question\"><button type=\"button\" class=\"w-tabs-section-header\" aria-controls=\"content-k257\" aria-expanded=\"false\"><h3 class=\"w-tabs-section-title\" itemprop=\"name\">Why did it become a meeting point?<\/h3><div class=\"w-tabs-section-control\"><\/div><\/button><div  class=\"w-tabs-section-content\" id=\"content-k257\" itemscope itemprop=\"acceptedAnswer\" itemtype=\"https:\/\/schema.org\/Answer\"><div class=\"w-tabs-section-content-h i-cf\" itemprop=\"text\"><div class=\"wpb_text_column\"><div class=\"wpb_wrapper\"><p>In addition to its own artists, colleagues from other tablaos and professionals from the sector regularly stopped by. After the last show, it was common to have <strong>conversations and informal gatherings<\/strong> that could continue into the early hours.<\/p>\n<\/div><\/div><\/div><\/div><\/div><\/div><\/div><div class=\"w-separator size_medium\"><\/div><div class=\"wpb_text_column\"><div class=\"wpb_wrapper\"><h3>Why could such a small venue have so much life?<\/h3>\n<ul>\n<li>Artists and audience were physically very close.<\/li>\n<li>There was daily continuity of activity.<\/li>\n<li>Performers from different generations shared the stage.<\/li>\n<li>The direction was involved in both the artistic side and day-to-day management.<\/li>\n<li>Professionals from other venues frequently stopped by the centre.<\/li>\n<li>The end of the show did not necessarily mean the end of the encounter.<\/li>\n<\/ul>\n<p>&nbsp;<\/p>\n<blockquote>\n<p><strong>The essential idea:<\/strong> Centro Flamenco de Sevilla was small in capacity, but during its active years it functioned as a venue with an artistic and professional life far larger than its 32 seats.<\/p>\n<\/blockquote>\n<\/div><\/div><\/div><\/div><\/div><div class=\"vc_col-sm-1\/5 wpb_column vc_column_container\"><div class=\"vc_column-inner\"><div class=\"wpb_wrapper\"><\/div><\/div><\/div><\/div><\/div><\/section><section class=\"l-section wpb_row height_huge color_alternate with_shape\"><div class=\"l-section-shape type_zigzag pos_top hor_flip\" style=\"height:3vmin;\"><svg xmlns=\"http:\/\/www.w3.org\/2000\/svg\" viewBox=\"0 0 64 8\" preserveAspectRatio=\"none\" width=\"100%\" height=\"100%\">\r\n\t<path fill=\"currentColor\" d=\"M64 8 L0 8 L0 0 L20 7.9 L40 3 L48 5 L64 0 Z\"\/>\r\n<\/svg><\/div><div class=\"l-section-shape type_zigzag pos_bottom\" style=\"height:3vmin;\"><svg xmlns=\"http:\/\/www.w3.org\/2000\/svg\" viewBox=\"0 0 64 8\" preserveAspectRatio=\"none\" width=\"100%\" height=\"100%\">\r\n\t<path fill=\"currentColor\" d=\"M64 8 L0 8 L0 0 L20 7.9 L40 3 L48 5 L64 0 Z\"\/>\r\n<\/svg><\/div><div class=\"l-section-h i-cf\"><div class=\"g-cols vc_row via_flex valign_top type_default stacking_default\"><div class=\"vc_col-sm-6 wpb_column vc_column_container\"><div class=\"vc_column-inner\"><div class=\"wpb_wrapper\"><div class=\"wpb_text_column\"><div class=\"wpb_wrapper\"><h2>A recent memory of flamenco in Seville<\/h2>\n<p>Centro Flamenco de Sevilla belongs to a recent period, but one intense enough to leave very specific memories: the stage only a few metres from the front row, artists waiting their turn, conversations after the show, colleagues coming in after working at other venues and nights extending far beyond ticket-selling hours.<\/p>\n<p>Not every place that programmes flamenco becomes a meeting place. For that to happen, time, trust, continuity and a community that feels the space is its own are required.<\/p>\n<p>For just over two years, that was what happened at C\/ Francos 33.<\/p>\n<\/div><\/div><\/div><\/div><\/div><div class=\"vc_col-sm-6 wpb_column vc_column_container\"><div class=\"vc_column-inner\"><div class=\"wpb_wrapper\"><div class=\"wpb_text_column\"><div class=\"wpb_wrapper\"><h3>Sources and project memory<\/h3>\n<p>The existence, location, schedules and capacity of Centro Flamenco de Sevilla are documented in official Seville tourism materials published during its active years. You can consult the <a href=\"https:\/\/visitasevilla.es\/wp-content\/uploads\/2024\/04\/Folleto-Flamenco-ESP.pptx-1_compressed.pdf\" target=\"_blank\" rel=\"noopener\"><strong>official Flamenco in Seville brochure<\/strong><\/a>.<\/p>\n<p>The reconstruction of the venue\u2019s internal life, its acoustic operation, the conversations after the shows, the coexistence of generations and the project\u2019s management also draws on <strong>internal documentation and the direct memory of its management<\/strong>.<\/p>\n<p><strong>Last updated: 4 September 2026.<\/strong><\/p>\n<\/div><\/div><\/div><\/div><\/div><\/div><\/div><\/section>\n","protected":false},"excerpt":{"rendered":"<p>The story of Centro Flamenco de Sevilla at C\/ Francos 33: an intimate venue that brought artists, professionals and flamenco lovers together between 2022 and 2024.<\/p>\n","protected":false},"author":1,"featured_media":14456,"comment_status":"closed","ping_status":"closed","sticky":false,"template":"","format":"standard","meta":{"_acf_changed":false,"wpai_generated_summary":"","_ayudawp_aiss_exclude":false,"_ayudawp_aiss_exclude_summary":false,"_ayudawp_aiss_summary":"","_ayudawp_aiss_summary_provider":"","_ayudawp_aiss_summary_hash":"","footnotes":""},"categories":[347],"tags":[1994,1144,1387,1236,460,1237],"class_list":["post-14481","post","type-post","status-publish","format-standard","has-post-thumbnail","hentry","category-tablaos-and-flamenco-shows","tag-centro-flamenco-de-sevilla-en","tag-flamenco-en-sevilla","tag-history-of-flamenco","tag-sevilla","tag-tablao-flamenco-sevilla","tag-tablaos-de-sevilla"],"acf":[],"yoast_head":"<!-- This site is optimized with the Yoast SEO Premium plugin v28.4 (Yoast SEO v28.4) - https:\/\/yoast.com\/product\/yoast-seo-premium-wordpress\/ -->\n<title>Centro Flamenco de Sevilla: story of a flamenco meeting point<\/title>\n<meta name=\"description\" content=\"The story of Centro Flamenco de Sevilla at C\/ Francos 33: an intimate venue that brought artists, professionals and flamenco lovers together between 2022 and 2024.\" \/>\n<meta name=\"robots\" content=\"index, follow, max-snippet:-1, max-image-preview:large, max-video-preview:-1\" \/>\n<link rel=\"canonical\" href=\"https:\/\/www.tablaosflamencos.com\/en\/centro-flamenco-seville-meeting-point-flamenco.html\" \/>\n<meta property=\"og:locale\" content=\"en_US\" \/>\n<meta property=\"og:type\" content=\"article\" \/>\n<meta property=\"og:title\" content=\"When Centro Flamenco de Sevilla was a meeting point for flamenco in the city\" \/>\n<meta property=\"og:description\" content=\"The story of Centro Flamenco de Sevilla at C\/ Francos 33: an intimate venue that brought artists, professionals and flamenco lovers together between 2022 and 2024.\" \/>\n<meta property=\"og:url\" content=\"https:\/\/www.tablaosflamencos.com\/en\/centro-flamenco-seville-meeting-point-flamenco.html\" \/>\n<meta property=\"og:site_name\" content=\"Tablaos Flamencos\" \/>\n<meta property=\"article:publisher\" content=\"https:\/\/www.facebook.com\/tablaosflamencos\" \/>\n<meta property=\"article:published_time\" content=\"2026-01-30T17:17:22+00:00\" \/>\n<meta property=\"article:modified_time\" content=\"2026-09-04T16:40:48+00:00\" \/>\n<meta property=\"og:image\" content=\"https:\/\/www.tablaosflamencos.com\/wp-content\/uploads\/centro-flamenco-de-sevilla-01-49.webp\" \/>\n\t<meta property=\"og:image:width\" content=\"1920\" \/>\n\t<meta property=\"og:image:height\" content=\"1280\" \/>\n\t<meta property=\"og:image:type\" content=\"image\/webp\" \/>\n<meta name=\"author\" content=\"Miguel Ortiz\" \/>\n<meta name=\"twitter:card\" content=\"summary_large_image\" \/>\n<meta name=\"twitter:creator\" content=\"@tablaosflamenco\" \/>\n<meta name=\"twitter:site\" content=\"@tablaosflamenco\" \/>\n<meta name=\"twitter:label1\" content=\"Written by\" \/>\n\t<meta name=\"twitter:data1\" content=\"Miguel Ortiz\" \/>\n\t<meta name=\"twitter:label2\" content=\"Est. reading time\" \/>\n\t<meta name=\"twitter:data2\" content=\"17 minutes\" \/>\n<script type=\"application\/ld+json\" class=\"yoast-schema-graph\">{\"@context\":\"https:\\\/\\\/schema.org\",\"@graph\":[{\"@type\":\"Article\",\"@id\":\"https:\\\/\\\/www.tablaosflamencos.com\\\/en\\\/centro-flamenco-seville-meeting-point-flamenco.html#article\",\"isPartOf\":{\"@id\":\"https:\\\/\\\/www.tablaosflamencos.com\\\/en\\\/centro-flamenco-seville-meeting-point-flamenco.html\"},\"author\":{\"name\":\"Miguel Ortiz\",\"@id\":\"https:\\\/\\\/www.tablaosflamencos.com\\\/en#\\\/schema\\\/person\\\/e7a9ebe14eb75a52ceabfbffb3c54f5d\"},\"headline\":\"When Centro Flamenco de Sevilla was a meeting point for flamenco in the city\",\"datePublished\":\"2026-01-30T17:17:22+00:00\",\"dateModified\":\"2026-09-04T16:40:48+00:00\",\"mainEntityOfPage\":{\"@id\":\"https:\\\/\\\/www.tablaosflamencos.com\\\/en\\\/centro-flamenco-seville-meeting-point-flamenco.html\"},\"wordCount\":3454,\"publisher\":{\"@id\":\"https:\\\/\\\/www.tablaosflamencos.com\\\/en#organization\"},\"image\":{\"@id\":\"https:\\\/\\\/www.tablaosflamencos.com\\\/en\\\/centro-flamenco-seville-meeting-point-flamenco.html#primaryimage\"},\"thumbnailUrl\":\"https:\\\/\\\/www.tablaosflamencos.com\\\/wp-content\\\/uploads\\\/centro-flamenco-de-sevilla-01-49.webp\",\"keywords\":[\"Centro Flamenco de Sevilla\",\"flamenco en Sevilla\",\"history of flamenco\",\"sevilla\",\"tablao flamenco Sevilla\",\"tablaos de Sevilla\"],\"articleSection\":[\"Tablaos &amp; flamenco shows\"],\"inLanguage\":\"en-US\"},{\"@type\":\"WebPage\",\"@id\":\"https:\\\/\\\/www.tablaosflamencos.com\\\/en\\\/centro-flamenco-seville-meeting-point-flamenco.html\",\"url\":\"https:\\\/\\\/www.tablaosflamencos.com\\\/en\\\/centro-flamenco-seville-meeting-point-flamenco.html\",\"name\":\"Centro Flamenco de Sevilla: story of a flamenco meeting point\",\"isPartOf\":{\"@id\":\"https:\\\/\\\/www.tablaosflamencos.com\\\/en#website\"},\"primaryImageOfPage\":{\"@id\":\"https:\\\/\\\/www.tablaosflamencos.com\\\/en\\\/centro-flamenco-seville-meeting-point-flamenco.html#primaryimage\"},\"image\":{\"@id\":\"https:\\\/\\\/www.tablaosflamencos.com\\\/en\\\/centro-flamenco-seville-meeting-point-flamenco.html#primaryimage\"},\"thumbnailUrl\":\"https:\\\/\\\/www.tablaosflamencos.com\\\/wp-content\\\/uploads\\\/centro-flamenco-de-sevilla-01-49.webp\",\"datePublished\":\"2026-01-30T17:17:22+00:00\",\"dateModified\":\"2026-09-04T16:40:48+00:00\",\"description\":\"The story of Centro Flamenco de Sevilla at C\\\/ Francos 33: an intimate venue that brought artists, professionals and flamenco lovers together between 2022 and 2024.\",\"breadcrumb\":{\"@id\":\"https:\\\/\\\/www.tablaosflamencos.com\\\/en\\\/centro-flamenco-seville-meeting-point-flamenco.html#breadcrumb\"},\"inLanguage\":\"en-US\",\"potentialAction\":[{\"@type\":\"ReadAction\",\"target\":[\"https:\\\/\\\/www.tablaosflamencos.com\\\/en\\\/centro-flamenco-seville-meeting-point-flamenco.html\"]}]},{\"@type\":\"ImageObject\",\"inLanguage\":\"en-US\",\"@id\":\"https:\\\/\\\/www.tablaosflamencos.com\\\/en\\\/centro-flamenco-seville-meeting-point-flamenco.html#primaryimage\",\"url\":\"https:\\\/\\\/www.tablaosflamencos.com\\\/wp-content\\\/uploads\\\/centro-flamenco-de-sevilla-01-49.webp\",\"contentUrl\":\"https:\\\/\\\/www.tablaosflamencos.com\\\/wp-content\\\/uploads\\\/centro-flamenco-de-sevilla-01-49.webp\",\"width\":1920,\"height\":1280,\"caption\":\"Centro Flamenco de Sevilla\"},{\"@type\":\"BreadcrumbList\",\"@id\":\"https:\\\/\\\/www.tablaosflamencos.com\\\/en\\\/centro-flamenco-seville-meeting-point-flamenco.html#breadcrumb\",\"itemListElement\":[{\"@type\":\"ListItem\",\"position\":1,\"name\":\"Home\",\"item\":\"https:\\\/\\\/www.tablaosflamencos.com\\\/en\"},{\"@type\":\"ListItem\",\"position\":2,\"name\":\"When Centro Flamenco de Sevilla was a meeting point for flamenco in the city\"}]},{\"@type\":\"WebSite\",\"@id\":\"https:\\\/\\\/www.tablaosflamencos.com\\\/en#website\",\"url\":\"https:\\\/\\\/www.tablaosflamencos.com\\\/en\",\"name\":\"Tablaos Flamencos\",\"description\":\"Entradas para tablaos flamencos de Espa\u00f1a\",\"publisher\":{\"@id\":\"https:\\\/\\\/www.tablaosflamencos.com\\\/en#organization\"},\"alternateName\":\"Tablaos Flamencos\",\"potentialAction\":[{\"@type\":\"SearchAction\",\"target\":{\"@type\":\"EntryPoint\",\"urlTemplate\":\"https:\\\/\\\/www.tablaosflamencos.com\\\/en?s={search_term_string}\"},\"query-input\":{\"@type\":\"PropertyValueSpecification\",\"valueRequired\":true,\"valueName\":\"search_term_string\"}}],\"inLanguage\":\"en-US\"},{\"@type\":[\"Organization\",\"Place\",\"EntertainmentBusiness\"],\"@id\":\"https:\\\/\\\/www.tablaosflamencos.com\\\/en#organization\",\"name\":\"Tablaos Flamencos\",\"alternateName\":\"Tablaos Flamencos\",\"url\":\"https:\\\/\\\/www.tablaosflamencos.com\\\/en\",\"logo\":{\"@id\":\"https:\\\/\\\/www.tablaosflamencos.com\\\/en\\\/centro-flamenco-seville-meeting-point-flamenco.html#local-main-organization-logo\"},\"image\":{\"@id\":\"https:\\\/\\\/www.tablaosflamencos.com\\\/en\\\/centro-flamenco-seville-meeting-point-flamenco.html#local-main-organization-logo\"},\"sameAs\":[\"https:\\\/\\\/www.facebook.com\\\/tablaosflamencos\",\"https:\\\/\\\/x.com\\\/tablaosflamenco\",\"https:\\\/\\\/mastodon.social\\\/@tablaosflamencos\",\"https:\\\/\\\/www.instagram.com\\\/tablaosflamencos\",\"https:\\\/\\\/tiktok.com\\\/@tablaosflamencos\",\"https:\\\/\\\/www.linkedin.com\\\/company\\\/109408238\\\/\"],\"description\":\"Venta de entradas para espect\u00e1culos flamencos\",\"legalName\":\"Tablaos Flamencos\",\"foundingDate\":\"2015-01-01\",\"numberOfEmployees\":{\"@type\":\"QuantitativeValue\",\"minValue\":\"1\",\"maxValue\":\"10\"},\"address\":{\"@id\":\"https:\\\/\\\/www.tablaosflamencos.com\\\/en\\\/centro-flamenco-seville-meeting-point-flamenco.html#local-main-place-address\"},\"geo\":{\"@type\":\"GeoCoordinates\",\"latitude\":\"37.3868072\",\"longitude\":\"-5.993280299999999\"},\"telephone\":[\"+34623787787\"],\"contactPoint\":{\"@type\":\"ContactPoint\",\"telephone\":\"+34623787787\",\"email\":\"info@tablaosflamencos.com\"},\"openingHoursSpecification\":{\"@type\":\"OpeningHoursSpecification\",\"dayOfWeek\":[\"Monday\",\"Tuesday\",\"Wednesday\",\"Thursday\",\"Friday\",\"Saturday\",\"Sunday\"],\"opens\":\"00:00\",\"closes\":\"23:59\"},\"email\":\"info@tablaosflamencos.com\",\"priceRange\":\"$$$\",\"currenciesAccepted\":\"\u20ac\"},{\"@type\":\"Person\",\"@id\":\"https:\\\/\\\/www.tablaosflamencos.com\\\/en#\\\/schema\\\/person\\\/e7a9ebe14eb75a52ceabfbffb3c54f5d\",\"name\":\"Miguel Ortiz\",\"description\":\"Miguel Ortiz es un empresario flamenco, con una s\u00f3lida trayectoria dentro del sector. Ha presidido entidades culturales vinculadas al flamenco y, cuenta con un amplio recorrido profesional en la gesti\u00f3n y promoci\u00f3n de espect\u00e1culos y tablaos flamencos. Su pasi\u00f3n por la historia y el arte flamenco se refleja en cada art\u00edculo, donde combina experiencia, criterio y un profundo respeto por la tradici\u00f3n.\",\"sameAs\":[\"https:\\\/\\\/www.tablaosflamencos.com\",\"https:\\\/\\\/www.instagra.com\\\/miguelortizfe\",\"https:\\\/\\\/www.linkedin.com\\\/in\\\/miguelortizf\\\/\"],\"birthDate\":\"1984-11-22\",\"gender\":\"hombre\",\"knowsLanguage\":[\"espa\u00f1ol\",\"ingl\u00e9s\"],\"jobTitle\":\"Empresario flamenco\"},{\"@type\":\"PostalAddress\",\"@id\":\"https:\\\/\\\/www.tablaosflamencos.com\\\/en\\\/centro-flamenco-seville-meeting-point-flamenco.html#local-main-place-address\",\"streetAddress\":\"C\\\/ Alemanes, 19\",\"addressLocality\":\"Sevilla\",\"postalCode\":\"41004\",\"addressRegion\":\"Sevilla\",\"addressCountry\":\"ES\"},{\"@type\":\"ImageObject\",\"inLanguage\":\"en-US\",\"@id\":\"https:\\\/\\\/www.tablaosflamencos.com\\\/en\\\/centro-flamenco-seville-meeting-point-flamenco.html#local-main-organization-logo\",\"url\":\"https:\\\/\\\/www.tablaosflamencos.com\\\/wp-content\\\/uploads\\\/tablaos-flamencos-06-3.webp\",\"contentUrl\":\"https:\\\/\\\/www.tablaosflamencos.com\\\/wp-content\\\/uploads\\\/tablaos-flamencos-06-3.webp\",\"width\":600,\"height\":620,\"caption\":\"Tablaos Flamencos\"}]}<\/script>\n<meta name=\"geo.placename\" content=\"Sevilla\" \/>\n<meta name=\"geo.position\" content=\"37.3868072;-5.993280299999999\" \/>\n<meta name=\"geo.region\" content=\"Spain\" \/>\n<!-- \/ Yoast SEO Premium plugin. -->","yoast_head_json":{"title":"Centro Flamenco de Sevilla: story of a flamenco meeting point","description":"The story of Centro Flamenco de Sevilla at C\/ Francos 33: an intimate venue that brought artists, professionals and flamenco lovers together between 2022 and 2024.","robots":{"index":"index","follow":"follow","max-snippet":"max-snippet:-1","max-image-preview":"max-image-preview:large","max-video-preview":"max-video-preview:-1"},"canonical":"https:\/\/www.tablaosflamencos.com\/en\/centro-flamenco-seville-meeting-point-flamenco.html","og_locale":"en_US","og_type":"article","og_title":"When Centro Flamenco de Sevilla was a meeting point for flamenco in the city","og_description":"The story of Centro Flamenco de Sevilla at C\/ Francos 33: an intimate venue that brought artists, professionals and flamenco lovers together between 2022 and 2024.","og_url":"https:\/\/www.tablaosflamencos.com\/en\/centro-flamenco-seville-meeting-point-flamenco.html","og_site_name":"Tablaos Flamencos","article_publisher":"https:\/\/www.facebook.com\/tablaosflamencos","article_published_time":"2026-01-30T17:17:22+00:00","article_modified_time":"2026-09-04T16:40:48+00:00","og_image":[{"width":1920,"height":1280,"url":"https:\/\/www.tablaosflamencos.com\/wp-content\/uploads\/centro-flamenco-de-sevilla-01-49.webp","type":"image\/webp"}],"author":"Miguel Ortiz","twitter_card":"summary_large_image","twitter_creator":"@tablaosflamenco","twitter_site":"@tablaosflamenco","twitter_misc":{"Written by":"Miguel Ortiz","Est. reading time":"17 minutes"},"schema":{"@context":"https:\/\/schema.org","@graph":[{"@type":"Article","@id":"https:\/\/www.tablaosflamencos.com\/en\/centro-flamenco-seville-meeting-point-flamenco.html#article","isPartOf":{"@id":"https:\/\/www.tablaosflamencos.com\/en\/centro-flamenco-seville-meeting-point-flamenco.html"},"author":{"name":"Miguel Ortiz","@id":"https:\/\/www.tablaosflamencos.com\/en#\/schema\/person\/e7a9ebe14eb75a52ceabfbffb3c54f5d"},"headline":"When Centro Flamenco de Sevilla was a meeting point for flamenco in the city","datePublished":"2026-01-30T17:17:22+00:00","dateModified":"2026-09-04T16:40:48+00:00","mainEntityOfPage":{"@id":"https:\/\/www.tablaosflamencos.com\/en\/centro-flamenco-seville-meeting-point-flamenco.html"},"wordCount":3454,"publisher":{"@id":"https:\/\/www.tablaosflamencos.com\/en#organization"},"image":{"@id":"https:\/\/www.tablaosflamencos.com\/en\/centro-flamenco-seville-meeting-point-flamenco.html#primaryimage"},"thumbnailUrl":"https:\/\/www.tablaosflamencos.com\/wp-content\/uploads\/centro-flamenco-de-sevilla-01-49.webp","keywords":["Centro Flamenco de Sevilla","flamenco en Sevilla","history of flamenco","sevilla","tablao flamenco Sevilla","tablaos de Sevilla"],"articleSection":["Tablaos &amp; flamenco shows"],"inLanguage":"en-US"},{"@type":"WebPage","@id":"https:\/\/www.tablaosflamencos.com\/en\/centro-flamenco-seville-meeting-point-flamenco.html","url":"https:\/\/www.tablaosflamencos.com\/en\/centro-flamenco-seville-meeting-point-flamenco.html","name":"Centro Flamenco de Sevilla: story of a flamenco meeting point","isPartOf":{"@id":"https:\/\/www.tablaosflamencos.com\/en#website"},"primaryImageOfPage":{"@id":"https:\/\/www.tablaosflamencos.com\/en\/centro-flamenco-seville-meeting-point-flamenco.html#primaryimage"},"image":{"@id":"https:\/\/www.tablaosflamencos.com\/en\/centro-flamenco-seville-meeting-point-flamenco.html#primaryimage"},"thumbnailUrl":"https:\/\/www.tablaosflamencos.com\/wp-content\/uploads\/centro-flamenco-de-sevilla-01-49.webp","datePublished":"2026-01-30T17:17:22+00:00","dateModified":"2026-09-04T16:40:48+00:00","description":"The story of Centro Flamenco de Sevilla at C\/ Francos 33: an intimate venue that brought artists, professionals and flamenco lovers together between 2022 and 2024.","breadcrumb":{"@id":"https:\/\/www.tablaosflamencos.com\/en\/centro-flamenco-seville-meeting-point-flamenco.html#breadcrumb"},"inLanguage":"en-US","potentialAction":[{"@type":"ReadAction","target":["https:\/\/www.tablaosflamencos.com\/en\/centro-flamenco-seville-meeting-point-flamenco.html"]}]},{"@type":"ImageObject","inLanguage":"en-US","@id":"https:\/\/www.tablaosflamencos.com\/en\/centro-flamenco-seville-meeting-point-flamenco.html#primaryimage","url":"https:\/\/www.tablaosflamencos.com\/wp-content\/uploads\/centro-flamenco-de-sevilla-01-49.webp","contentUrl":"https:\/\/www.tablaosflamencos.com\/wp-content\/uploads\/centro-flamenco-de-sevilla-01-49.webp","width":1920,"height":1280,"caption":"Centro Flamenco de Sevilla"},{"@type":"BreadcrumbList","@id":"https:\/\/www.tablaosflamencos.com\/en\/centro-flamenco-seville-meeting-point-flamenco.html#breadcrumb","itemListElement":[{"@type":"ListItem","position":1,"name":"Home","item":"https:\/\/www.tablaosflamencos.com\/en"},{"@type":"ListItem","position":2,"name":"When Centro Flamenco de Sevilla was a meeting point for flamenco in the city"}]},{"@type":"WebSite","@id":"https:\/\/www.tablaosflamencos.com\/en#website","url":"https:\/\/www.tablaosflamencos.com\/en","name":"Tablaos Flamencos","description":"Entradas para tablaos flamencos de Espa\u00f1a","publisher":{"@id":"https:\/\/www.tablaosflamencos.com\/en#organization"},"alternateName":"Tablaos Flamencos","potentialAction":[{"@type":"SearchAction","target":{"@type":"EntryPoint","urlTemplate":"https:\/\/www.tablaosflamencos.com\/en?s={search_term_string}"},"query-input":{"@type":"PropertyValueSpecification","valueRequired":true,"valueName":"search_term_string"}}],"inLanguage":"en-US"},{"@type":["Organization","Place","EntertainmentBusiness"],"@id":"https:\/\/www.tablaosflamencos.com\/en#organization","name":"Tablaos Flamencos","alternateName":"Tablaos Flamencos","url":"https:\/\/www.tablaosflamencos.com\/en","logo":{"@id":"https:\/\/www.tablaosflamencos.com\/en\/centro-flamenco-seville-meeting-point-flamenco.html#local-main-organization-logo"},"image":{"@id":"https:\/\/www.tablaosflamencos.com\/en\/centro-flamenco-seville-meeting-point-flamenco.html#local-main-organization-logo"},"sameAs":["https:\/\/www.facebook.com\/tablaosflamencos","https:\/\/x.com\/tablaosflamenco","https:\/\/mastodon.social\/@tablaosflamencos","https:\/\/www.instagram.com\/tablaosflamencos","https:\/\/tiktok.com\/@tablaosflamencos","https:\/\/www.linkedin.com\/company\/109408238\/"],"description":"Venta de entradas para espect\u00e1culos flamencos","legalName":"Tablaos Flamencos","foundingDate":"2015-01-01","numberOfEmployees":{"@type":"QuantitativeValue","minValue":"1","maxValue":"10"},"address":{"@id":"https:\/\/www.tablaosflamencos.com\/en\/centro-flamenco-seville-meeting-point-flamenco.html#local-main-place-address"},"geo":{"@type":"GeoCoordinates","latitude":"37.3868072","longitude":"-5.993280299999999"},"telephone":["+34623787787"],"contactPoint":{"@type":"ContactPoint","telephone":"+34623787787","email":"info@tablaosflamencos.com"},"openingHoursSpecification":{"@type":"OpeningHoursSpecification","dayOfWeek":["Monday","Tuesday","Wednesday","Thursday","Friday","Saturday","Sunday"],"opens":"00:00","closes":"23:59"},"email":"info@tablaosflamencos.com","priceRange":"$$$","currenciesAccepted":"\u20ac"},{"@type":"Person","@id":"https:\/\/www.tablaosflamencos.com\/en#\/schema\/person\/e7a9ebe14eb75a52ceabfbffb3c54f5d","name":"Miguel Ortiz","description":"Miguel Ortiz es un empresario flamenco, con una s\u00f3lida trayectoria dentro del sector. Ha presidido entidades culturales vinculadas al flamenco y, cuenta con un amplio recorrido profesional en la gesti\u00f3n y promoci\u00f3n de espect\u00e1culos y tablaos flamencos. Su pasi\u00f3n por la historia y el arte flamenco se refleja en cada art\u00edculo, donde combina experiencia, criterio y un profundo respeto por la tradici\u00f3n.","sameAs":["https:\/\/www.tablaosflamencos.com","https:\/\/www.instagra.com\/miguelortizfe","https:\/\/www.linkedin.com\/in\/miguelortizf\/"],"birthDate":"1984-11-22","gender":"hombre","knowsLanguage":["espa\u00f1ol","ingl\u00e9s"],"jobTitle":"Empresario flamenco"},{"@type":"PostalAddress","@id":"https:\/\/www.tablaosflamencos.com\/en\/centro-flamenco-seville-meeting-point-flamenco.html#local-main-place-address","streetAddress":"C\/ Alemanes, 19","addressLocality":"Sevilla","postalCode":"41004","addressRegion":"Sevilla","addressCountry":"ES"},{"@type":"ImageObject","inLanguage":"en-US","@id":"https:\/\/www.tablaosflamencos.com\/en\/centro-flamenco-seville-meeting-point-flamenco.html#local-main-organization-logo","url":"https:\/\/www.tablaosflamencos.com\/wp-content\/uploads\/tablaos-flamencos-06-3.webp","contentUrl":"https:\/\/www.tablaosflamencos.com\/wp-content\/uploads\/tablaos-flamencos-06-3.webp","width":600,"height":620,"caption":"Tablaos Flamencos"}]},"geo.placename":"Sevilla","geo.position":{"lat":"37.3868072","long":"-5.993280299999999"},"geo.region":"Spain"},"_links":{"self":[{"href":"https:\/\/www.tablaosflamencos.com\/en\/wp-json\/wp\/v2\/posts\/14481","targetHints":{"allow":["GET"]}}],"collection":[{"href":"https:\/\/www.tablaosflamencos.com\/en\/wp-json\/wp\/v2\/posts"}],"about":[{"href":"https:\/\/www.tablaosflamencos.com\/en\/wp-json\/wp\/v2\/types\/post"}],"author":[{"embeddable":true,"href":"https:\/\/www.tablaosflamencos.com\/en\/wp-json\/wp\/v2\/users\/1"}],"replies":[{"embeddable":true,"href":"https:\/\/www.tablaosflamencos.com\/en\/wp-json\/wp\/v2\/comments?post=14481"}],"version-history":[{"count":2,"href":"https:\/\/www.tablaosflamencos.com\/en\/wp-json\/wp\/v2\/posts\/14481\/revisions"}],"predecessor-version":[{"id":14488,"href":"https:\/\/www.tablaosflamencos.com\/en\/wp-json\/wp\/v2\/posts\/14481\/revisions\/14488"}],"wp:featuredmedia":[{"embeddable":true,"href":"https:\/\/www.tablaosflamencos.com\/en\/wp-json\/wp\/v2\/media\/14456"}],"wp:attachment":[{"href":"https:\/\/www.tablaosflamencos.com\/en\/wp-json\/wp\/v2\/media?parent=14481"}],"wp:term":[{"taxonomy":"category","embeddable":true,"href":"https:\/\/www.tablaosflamencos.com\/en\/wp-json\/wp\/v2\/categories?post=14481"},{"taxonomy":"post_tag","embeddable":true,"href":"https:\/\/www.tablaosflamencos.com\/en\/wp-json\/wp\/v2\/tags?post=14481"}],"curies":[{"name":"wp","href":"https:\/\/api.w.org\/{rel}","templated":true}]}}