{"id":14384,"date":"2026-09-04T17:00:57","date_gmt":"2026-09-04T15:00:57","guid":{"rendered":"https:\/\/www.tablaosflamencos.com\/?p=14384"},"modified":"2026-09-04T17:31:07","modified_gmt":"2026-09-04T15:31:07","slug":"antonio-mairena-cante-jondo-festival-2026-from-seville","status":"publish","type":"post","link":"https:\/\/www.tablaosflamencos.com\/en\/antonio-mairena-cante-jondo-festival-2026-from-seville.html","title":{"rendered":"Antonio Mairena Cante Jondo Festival 2026: programme, tickets and how to get there from Seville"},"content":{"rendered":"<section class=\"l-section wpb_row height_huge\"><div class=\"l-section-h i-cf\"><div class=\"g-cols vc_row via_flex valign_middle type_default stacking_default\"><div class=\"vc_col-sm-6 wpb_column vc_column_container\"><div class=\"vc_column-inner\"><div class=\"wpb_wrapper\"><div class=\"wpb_text_column\"><div class=\"wpb_wrapper\"><h2>One of the great cante jondo events less than an hour from Seville<\/h2>\n<p>The <strong>Antonio Mairena Cante Jondo Festival 2026<\/strong> celebrates its 65th edition from <strong>1 to 5 September 2026<\/strong> in Mairena del Alcor. Declared a Festival of Tourist Interest in Andalusia, it brings together five days of cante, dance, guitar, talks and training activities at several venues across this town in Seville province.<\/p>\n<p>The 2026 edition is dedicated to singer <strong>Diego Clavel<\/strong> and culminates on Saturday 5 September with a major gala at the Manuel Mairena Municipal Auditorium. The line-up includes Jos\u00e9 Merc\u00e9, La Macanita, Juan de Mairena, Roc\u00edo Luna and Farruquito, together with top-level guitarists and accompanying artists.<\/p>\n<p>This guide brings together the full programme, official ticket prices and sales points, the festival venues and the most practical ways to reach Mairena del Alcor from Seville.<\/p>\n<\/div><\/div><\/div><\/div><\/div><div class=\"vc_col-sm-6 wpb_column vc_column_container\"><div class=\"vc_column-inner\"><div class=\"wpb_wrapper\"><div class=\"wpb_text_column\"><div class=\"wpb_wrapper\"><blockquote>\n<p style=\"margin: 0;\"><strong>Quick answer:<\/strong> the Antonio Mairena Cante Jondo Festival 2026 takes place from 1 to 5 September in Mairena del Alcor. The main gala is on Saturday 5 at 22:00 at the Manuel Mairena Municipal Auditorium, with Jos\u00e9 Merc\u00e9, La Macanita, Juan de Mairena, Roc\u00edo Luna and Farruquito. Tickets start at \u20ac10 and are sold through the official channels of the Town Council and Giglon.<\/p>\n<\/blockquote>\n<\/div><\/div><\/div><\/div><\/div><\/div><\/div><\/section><section class=\"l-section wpb_row height_huge\"><div class=\"l-section-h i-cf\"><div class=\"g-cols vc_row via_flex valign_top type_default stacking_default\"><div class=\"vc_col-sm-3 wpb_column vc_column_container\"><div class=\"vc_column-inner\"><div class=\"wpb_wrapper\"><\/div><\/div><\/div><div class=\"vc_col-sm-6 wpb_column vc_column_container\"><div class=\"vc_column-inner\"><div class=\"wpb_wrapper\"><div class=\"wpb_text_column\"><div class=\"wpb_wrapper\"><h2>Contents of this guide<\/h2>\n<ul>\n<li><a href=\"#datos-clave\">Key facts about the Antonio Mairena Festival 2026<\/a><\/li>\n<li><a href=\"#programacion\">Full programme from 1 to 5 September<\/a><\/li>\n<li><a href=\"#gala\">The main gala on Saturday 5<\/a><\/li>\n<li><a href=\"#concurso\">The National Competition turned into a festival<\/a><\/li>\n<li><a href=\"#entradas\">Tickets, prices and where to buy them<\/a><\/li>\n<li><a href=\"#espacios\">Where it takes place<\/a><\/li>\n<li><a href=\"#desde-sevilla\">How to get there from Seville<\/a><\/li>\n<li><a href=\"#consejos\">Practical tips<\/a><\/li>\n<li><a href=\"#faq\">Frequently asked questions<\/a><\/li>\n<\/ul>\n<\/div><\/div><\/div><\/div><\/div><div class=\"vc_col-sm-3 wpb_column vc_column_container\"><div class=\"vc_column-inner\"><div class=\"wpb_wrapper\"><\/div><\/div><\/div><\/div><\/div><\/section><section class=\"l-section wpb_row height_huge color_alternate with_shape\"><div class=\"l-section-shape type_zigzag pos_top hor_flip\" style=\"height:3vmin;\"><svg xmlns=\"http:\/\/www.w3.org\/2000\/svg\" viewBox=\"0 0 64 8\" preserveAspectRatio=\"none\" width=\"100%\" height=\"100%\">\r\n\t<path fill=\"currentColor\" d=\"M64 8 L0 8 L0 0 L20 7.9 L40 3 L48 5 L64 0 Z\"\/>\r\n<\/svg><\/div><div class=\"l-section-shape type_zigzag pos_bottom\" style=\"height:3vmin;\"><svg xmlns=\"http:\/\/www.w3.org\/2000\/svg\" viewBox=\"0 0 64 8\" preserveAspectRatio=\"none\" width=\"100%\" height=\"100%\">\r\n\t<path fill=\"currentColor\" d=\"M64 8 L0 8 L0 0 L20 7.9 L40 3 L48 5 L64 0 Z\"\/>\r\n<\/svg><\/div><div class=\"l-section-h i-cf\"><div class=\"g-cols vc_row via_flex valign_top type_default stacking_default\"><div class=\"vc_col-sm-12 wpb_column vc_column_container\"><div class=\"vc_column-inner\"><div class=\"wpb_wrapper\"><div class=\"wpb_text_column\"><div class=\"wpb_wrapper\"><h2 id=\"datos-clave\">Antonio Mairena Cante Jondo Festival 2026: key facts<\/h2>\n<table>\n<tbody>\n<tr>\n<td><strong>Edition<\/strong><\/td>\n<td>LXV, 65th edition<\/td>\n<\/tr>\n<tr>\n<td><strong>Dates<\/strong><\/td>\n<td>1\u20135 September 2026<\/td>\n<\/tr>\n<tr>\n<td><strong>Town<\/strong><\/td>\n<td>Mairena del Alcor, Seville<\/td>\n<\/tr>\n<tr>\n<td><strong>Honouree<\/strong><\/td>\n<td>Diego Clavel<\/td>\n<\/tr>\n<tr>\n<td><strong>Main gala<\/strong><\/td>\n<td>Saturday 5 September, 22:00<\/td>\n<\/tr>\n<tr>\n<td><strong>Gala venue<\/strong><\/td>\n<td>Manuel Mairena Municipal Auditorium<\/td>\n<\/tr>\n<tr>\n<td><strong>Price<\/strong><\/td>\n<td>From \u20ac10; gala from \u20ac15<\/td>\n<\/tr>\n<tr>\n<td><strong>Sales<\/strong><\/td>\n<td>Mairena del Alcor Town Council, Giglon and in-person sales<\/td>\n<\/tr>\n<\/tbody>\n<\/table>\n<p>The festival was founded in 1962 and has become one of the historic fixtures of the Andalusian flamenco calendar. Its connection with Antonio Mairena and the singing tradition of Los Alcores gives it an identity especially closely linked to cante, although today\u2019s programme also makes room for dance, guitar, training and outreach.<\/p>\n<\/div><\/div><\/div><\/div><\/div><\/div><\/div><\/section><section class=\"l-section wpb_row height_huge\"><div class=\"l-section-h i-cf\"><div class=\"g-cols vc_row via_flex valign_top type_default stacking_default\"><div class=\"vc_col-sm-12 wpb_column vc_column_container\"><div class=\"vc_column-inner\"><div class=\"wpb_wrapper\"><div class=\"wpb_text_column\"><div class=\"wpb_wrapper\"><h2 id=\"programacion\">Full programme for the Antonio Mairena Festival 2026<\/h2>\n<h3>Tuesday 1 September: opening and tribute to Diego Clavel<\/h3>\n<p><strong>Palace House of the Dukes of Arcos.<\/strong><\/p>\n<ul>\n<li><strong>21:00:<\/strong> official opening of the LXV Antonio Mairena Cante Jondo Festival.<\/li>\n<li><strong>21:15:<\/strong> talk \u201cDiego Clavel, ethics and aesthetics\u201d, by Pedro Lopeh.<\/li>\n<li><strong>22:30:<\/strong> recital by Rubito de Par\u00e1, accompanied on guitar by Antonio Carri\u00f3n.<\/li>\n<\/ul>\n<p>The opening night places the honouree at the heart of the edition and combines reflection with cante. Diego Clavel has a long history with the event: he won the Antonio Mairena Cante Jondo Competition in 1970.<\/p>\n<h3>Wednesday 2 September: Andalusian Flamenco Ballet<\/h3>\n<p><strong>Calixto S\u00e1nchez Municipal Theatre, 21:30.<\/strong> The Andalusian Flamenco Ballet presents <em>Flamenco Patrimonio<\/em>, a show centred on the roots, transmission and evolution of flamenco.<\/p>\n<h3>Thursday 3 September: training, memory and guitar<\/h3>\n<p>The day is split between the Calixto S\u00e1nchez Municipal Theatre and the Palace House of the Dukes of Arcos.<\/p>\n<ul>\n<li><strong>11:00:<\/strong> free dance masterclass with Alejandro Rodr\u00edguez, with limited places.<\/li>\n<li><strong>21:00:<\/strong> meeting \u201cRomerito de Jerez, almost a century of flamenco testimony\u201d, with Romerito de Jerez and Juan Garrido.<\/li>\n<li><strong>22:30:<\/strong> guitar recital by Diego del Morao.<\/li>\n<\/ul>\n<p>Diego del Morao\u2019s recital is one of the highlights for guitar enthusiasts: he belongs to one of Jerez\u2019s great guitar dynasties and his style combines tradition, personality and a thoroughly contemporary sound.<\/p>\n<h3 id=\"concurso\">Friday 4 September: LXIV National Cante Jondo Competition<\/h3>\n<p>In 2026 the competitive contest is exceptionally transformed into <strong>\u201cThe competition turned into a festival\u201d<\/strong>, a gathering of winners from previous years dedicated to Aurora Vargas.<\/p>\n<p>From 22:00, Remedios Reyes with Julio Romero; Ana La Yiya with Antonio Garc\u00eda; Caracolillo de C\u00e1diz with Nono Reyes; Manuel C\u00e1stulo with Manolo Herrera; and Rubio de Pruna with Marcos de Silva will perform. The night also includes dance by Mar\u00eda T\u00e1vora and her company, palmas by Cepa N\u00fa\u00f1ez and Manuel Vinaza, and presentation by Juan Garrido.<\/p>\n<\/div><\/div><\/div><\/div><\/div><\/div><\/div><\/section><section class=\"l-section wpb_row height_huge color_alternate with_shape\"><div class=\"l-section-shape type_zigzag pos_top hor_flip\" style=\"height:3vmin;\"><svg xmlns=\"http:\/\/www.w3.org\/2000\/svg\" viewBox=\"0 0 64 8\" preserveAspectRatio=\"none\" width=\"100%\" height=\"100%\">\r\n\t<path fill=\"currentColor\" d=\"M64 8 L0 8 L0 0 L20 7.9 L40 3 L48 5 L64 0 Z\"\/>\r\n<\/svg><\/div><div class=\"l-section-shape type_zigzag pos_bottom\" style=\"height:3vmin;\"><svg xmlns=\"http:\/\/www.w3.org\/2000\/svg\" viewBox=\"0 0 64 8\" preserveAspectRatio=\"none\" width=\"100%\" height=\"100%\">\r\n\t<path fill=\"currentColor\" d=\"M64 8 L0 8 L0 0 L20 7.9 L40 3 L48 5 L64 0 Z\"\/>\r\n<\/svg><\/div><div class=\"l-section-h i-cf\"><div class=\"g-cols vc_row via_flex valign_top type_default stacking_default\"><div class=\"vc_col-sm-12 wpb_column vc_column_container\"><div class=\"vc_column-inner\"><div class=\"wpb_wrapper\"><div class=\"wpb_text_column\"><div class=\"wpb_wrapper\"><h2 id=\"gala\">Saturday 5 September: the Festival\u2019s main Gala<\/h2>\n<p><strong>Manuel Mairena Municipal Auditorium, 22:00.<\/strong><\/p>\n<p>The big night of the LXV edition brings together a line-up designed to combine different generations and flamenco languages.<\/p>\n<ul>\n<li><strong>Cante:<\/strong> Jos\u00e9 Merc\u00e9, La Macanita, Juan de Mairena and Roc\u00edo Luna.<\/li>\n<li><strong>Guitar:<\/strong> Antonio Higuero, Manuel Valencia and Francis G\u00f3mez.<\/li>\n<li><strong>Dance:<\/strong> Juan Manuel Fern\u00e1ndez Montoya \u201cFarruquito\u201d.<\/li>\n<\/ul>\n<p>Farruquito will be accompanied by Ismael de la Rosa \u201cBola\u201d, Manuel de la Nina and Mari Viz\u00e1rraga on cante, Manuel Valencia on guitar and Paco Vega on percussion.<\/p>\n<p>For anyone travelling from Seville specifically for this date, the gala is the central event of the festival. Jos\u00e9 Merc\u00e9 and La Macanita represent two essential ways of understanding contemporary cante, while Roc\u00edo Luna brings the voice of a younger generation. Farruquito\u2019s dance adds a major stage dimension to a night that, despite the festival\u2019s historic name, is not limited to the traditional cante-and-guitar recital.<\/p>\n<\/div><\/div><\/div><\/div><\/div><\/div><\/div><\/section><section class=\"l-section wpb_row height_huge\"><div class=\"l-section-h i-cf\"><div class=\"g-cols vc_row via_flex valign_top type_default stacking_default\"><div class=\"vc_col-sm-12 wpb_column vc_column_container\"><div class=\"vc_column-inner\"><div class=\"wpb_wrapper\"><div class=\"wpb_text_column\"><div class=\"wpb_wrapper\"><h2 id=\"entradas\">Tickets for the Antonio Mairena Festival 2026: prices and official sales<\/h2>\n<p>Official sales are through the channels announced by the organisers: the Mairena del Alcor Town Council website, the Giglon platform and in-person sales at the Villa del Conocimiento y las Artes.<\/p>\n<table>\n<tbody>\n<tr>\n<td><strong>Flamenkada<\/strong><\/td>\n<td>\u20ac10<\/td>\n<\/tr>\n<tr>\n<td><strong>Flamenkada + Festival<\/strong><\/td>\n<td>\u20ac20<\/td>\n<\/tr>\n<tr>\n<td><strong>Flamenco Patrimonio<\/strong><\/td>\n<td>\u20ac10<\/td>\n<\/tr>\n<tr>\n<td><strong>Festival Gala, unnumbered seating<\/strong><\/td>\n<td>\u20ac15<\/td>\n<\/tr>\n<tr>\n<td><strong>Festival Gala, numbered seating<\/strong><\/td>\n<td>\u20ac20<\/td>\n<\/tr>\n<tr>\n<td><strong>Flamenkada + Flamenco Patrimonio + Gala<\/strong><\/td>\n<td>\u20ac25<\/td>\n<\/tr>\n<\/tbody>\n<\/table>\n<p>In-person sales are announced at the <strong>Villa del Conocimiento y las Artes<\/strong>, from 9:00 to 14:00. As with any festival with limited capacity, we recommend checking availability through the official channel before travelling, especially for Saturday\u2019s gala.<\/p>\n<p>We do not recommend buying tickets through intermediaries not identified by the organisers. If a session appears sold out on the official ticketing platform, it is also worth checking the Town Council\u2019s latest information in case of returns, reopened allocations or specific box-office instructions.<\/p>\n<\/div><\/div><div class=\"w-separator size_medium\"><\/div><div class=\"w-hwrapper valign_top align_center\" style=\"--hwrapper-gap:1.2rem\"><div class=\"w-btn-wrapper align_center\"><a class=\"w-btn us-btn-style_1 icon_atleft\" href=\"https:\/\/www.giglon.com\"><i class=\"fas fa-ticket-alt\"><\/i><span class=\"w-btn-label\">Buy tickets on Giglon<\/span><\/a><\/div><\/div><\/div><\/div><\/div><\/div><\/div><\/section><section class=\"l-section wpb_row height_huge color_alternate with_shape\"><div class=\"l-section-shape type_zigzag pos_top hor_flip\" style=\"height:3vmin;\"><svg xmlns=\"http:\/\/www.w3.org\/2000\/svg\" viewBox=\"0 0 64 8\" preserveAspectRatio=\"none\" width=\"100%\" height=\"100%\">\r\n\t<path fill=\"currentColor\" d=\"M64 8 L0 8 L0 0 L20 7.9 L40 3 L48 5 L64 0 Z\"\/>\r\n<\/svg><\/div><div class=\"l-section-shape type_zigzag pos_bottom\" style=\"height:3vmin;\"><svg xmlns=\"http:\/\/www.w3.org\/2000\/svg\" viewBox=\"0 0 64 8\" preserveAspectRatio=\"none\" width=\"100%\" height=\"100%\">\r\n\t<path fill=\"currentColor\" d=\"M64 8 L0 8 L0 0 L20 7.9 L40 3 L48 5 L64 0 Z\"\/>\r\n<\/svg><\/div><div class=\"l-section-h i-cf\"><div class=\"g-cols vc_row via_flex valign_top type_default stacking_default\"><div class=\"vc_col-sm-12 wpb_column vc_column_container\"><div class=\"vc_column-inner\"><div class=\"wpb_wrapper\"><div class=\"wpb_text_column\"><div class=\"wpb_wrapper\"><h2 id=\"espacios\">Where the festival takes place<\/h2>\n<p>The Antonio Mairena Festival is not held at a single venue. The programme uses several cultural spaces in Mairena del Alcor:<\/p>\n<h3>Palace House of the Dukes of Arcos<\/h3>\n<p>It is one of the week\u2019s historic settings and hosts talks, meetings and recitals. The courtyard atmosphere creates a more intimate format, particularly suited to cante and guitar.<\/p>\n<h3>Calixto S\u00e1nchez Municipal Theatre<\/h3>\n<p>It hosts the theatre-format productions, such as the Andalusian Flamenco Ballet show, as well as training activities.<\/p>\n<h3>Manuel Mairena Municipal Auditorium<\/h3>\n<p>It is the largest venue and the setting for the main gala on Saturday 5. It is located in the Camino de Alconchel area of Mairena del Alcor.<\/p>\n<p>Before setting off, check the exact venue for each activity: not every day of the festival takes place at the Manuel Mairena Auditorium.<\/p>\n<\/div><\/div><\/div><\/div><\/div><\/div><\/div><\/section><section class=\"l-section wpb_row height_huge\"><div class=\"l-section-h i-cf\"><div class=\"g-cols vc_row via_flex valign_top type_default stacking_default\"><div class=\"vc_col-sm-12 wpb_column vc_column_container\"><div class=\"vc_column-inner\"><div class=\"wpb_wrapper\"><div class=\"wpb_text_column\"><div class=\"wpb_wrapper\"><h2 id=\"desde-sevilla\">How to get to the Antonio Mairena Festival from Seville<\/h2>\n<p>Mairena del Alcor lies east of Seville, in the Los Alcores area. Visitors staying in the city have two main options: car and intercity bus.<\/p>\n<h3>By car from Seville<\/h3>\n<p>This is the most flexible option, especially for the evening gala. The journey is around 25\u201330 kilometres depending on your starting point and usually takes about half an hour in normal conditions, using the routes towards Alcal\u00e1 de Guada\u00edra and Mairena del Alcor.<\/p>\n<p>If you are attending the 22:00 gala, we recommend leaving enough time to find parking and reach the venue before the start. An event of this size may cause concentrated traffic on the roads closest to the auditorium.<\/p>\n<h3>By bus from Seville<\/h3>\n<p>Mairena del Alcor is part of the metropolitan network of the Seville Area Transport Consortium. Intercity services run between Seville and the town, but timetables vary by weekday, weekend and season.<\/p>\n<p>For an evening performance, the key point is not only the outward journey but the <strong>last service back to Seville<\/strong>. The gala starts at 22:00 and may run late, so it is essential to check the current official timetable before buying your ticket if you depend on public transport.<\/p>\n<p>If there is no suitable return service, the alternatives are your own vehicle, taxi or ride-hailing service. For groups of two to four people, sharing the journey can be particularly practical.<\/p>\n<\/div><\/div><\/div><\/div><\/div><\/div><\/div><\/section><section class=\"l-section wpb_row height_huge color_alternate with_shape\"><div class=\"l-section-shape type_zigzag pos_top hor_flip\" style=\"height:3vmin;\"><svg xmlns=\"http:\/\/www.w3.org\/2000\/svg\" viewBox=\"0 0 64 8\" preserveAspectRatio=\"none\" width=\"100%\" height=\"100%\">\r\n\t<path fill=\"currentColor\" d=\"M64 8 L0 8 L0 0 L20 7.9 L40 3 L48 5 L64 0 Z\"\/>\r\n<\/svg><\/div><div class=\"l-section-shape type_zigzag pos_bottom\" style=\"height:3vmin;\"><svg xmlns=\"http:\/\/www.w3.org\/2000\/svg\" viewBox=\"0 0 64 8\" preserveAspectRatio=\"none\" width=\"100%\" height=\"100%\">\r\n\t<path fill=\"currentColor\" d=\"M64 8 L0 8 L0 0 L20 7.9 L40 3 L48 5 L64 0 Z\"\/>\r\n<\/svg><\/div><div class=\"l-section-h i-cf\"><div class=\"g-cols vc_row via_flex valign_top type_default stacking_default\"><div class=\"vc_col-sm-12 wpb_column vc_column_container\"><div class=\"vc_column-inner\"><div class=\"wpb_wrapper\"><div class=\"wpb_text_column\"><div class=\"wpb_wrapper\"><h2 id=\"consejos\">Tips for planning your visit<\/h2>\n<ul>\n<li><strong>Check your ticket before setting off.<\/strong> The gala is the session likely to attract the greatest demand.<\/li>\n<li><strong>Check the exact venue.<\/strong> The festival uses three different venues.<\/li>\n<li><strong>Arrive early.<\/strong> Especially if your ticket is for unnumbered seating.<\/li>\n<li><strong>Plan your return to Seville.<\/strong> If you use the bus, check the last service.<\/li>\n<li><strong>Do not limit your visit to the gala.<\/strong> The special competition, recitals and meetings reveal another side of the festival.<\/li>\n<li><strong>Take the opportunity to discover Mairena del Alcor.<\/strong> The festival is deeply connected to local identity and the memory of Antonio Mairena.<\/li>\n<\/ul>\n<p>If you are staying several days in Seville, you can combine this trip with the regular programme of <a href=\"https:\/\/www.tablaosflamencos.com\/flamenco-en-sevilla\"><strong>flamenco tablaos in Seville<\/strong><\/a>. The experience is different: the Antonio Mairena Festival is an annual event rooted in the local area and singing tradition, while tablaos allow you to book shows throughout the year.<\/p>\n<\/div><\/div><\/div><\/div><\/div><\/div><\/div><\/section><section class=\"l-section wpb_row height_huge\"><div class=\"l-section-h i-cf\"><div class=\"g-cols vc_row via_flex valign_top type_default stacking_default\"><div class=\"vc_col-sm-12 wpb_column vc_column_container\"><div class=\"vc_column-inner\"><div class=\"wpb_wrapper\"><div class=\"wpb_text_column\"><div class=\"wpb_wrapper\"><h2>Why the Antonio Mairena Festival remains a benchmark<\/h2>\n<p>The importance of the festival does not depend only on its age. Mairena del Alcor holds a unique place in flamenco history because of Antonio Mairena, the role of local aficionados and an approach to cante that influenced the research, interpretation and appreciation of certain styles for decades.<\/p>\n<p>Over time, the festival has broadened its language without losing those roots. In 2026, a talk on Diego Clavel, the Andalusian Flamenco Ballet, a masterclass, a meeting with Romerito de Jerez, Diego del Morao\u2019s guitar, a night dedicated to former competition winners and a gala with leading figures in cante and dance all coexist.<\/p>\n<p>That combination explains its appeal to different audiences. The aficionado can find artists and formats deeply tied to tradition; newcomers to flamenco have a varied programme; and visitors staying in Seville have, just a short distance away, an event with an identity very different from the capital\u2019s major theatres.<\/p>\n<\/div><\/div><\/div><\/div><\/div><\/div><\/div><\/section><section class=\"l-section wpb_row height_huge\"><div class=\"l-section-h i-cf\"><div class=\"g-cols vc_row via_flex valign_top type_default stacking_default\"><div class=\"vc_col-sm-1\/5 wpb_column vc_column_container\"><div class=\"vc_column-inner\"><div class=\"wpb_wrapper\"><\/div><\/div><\/div><div class=\"vc_col-sm-3\/5 wpb_column vc_column_container\"><div class=\"vc_column-inner\"><div class=\"wpb_wrapper\"><div class=\"wpb_text_column\"><div class=\"wpb_wrapper\"><h2 id=\"faq\">Frequently asked questions about the Antonio Mairena Festival 2026<\/h2>\n<\/div><\/div><div class=\"w-separator size_medium\"><\/div><div class=\"w-tabs accordion toggle_style_1 has_scrolling\" style=\"--sections-title-size:inherit;--sections-gap:0.5rem;\"><div class=\"w-tabs-sections titles-align_none icon_chevron cpos_right\"><div class=\"w-tabs-section\" id=\"r1c2\"><button type=\"button\" class=\"w-tabs-section-header\" aria-controls=\"content-r1c2\" aria-expanded=\"false\"><div class=\"w-tabs-section-title\">When does the Antonio Mairena Cante Jondo Festival 2026 take place?<\/div><div class=\"w-tabs-section-control\"><\/div><\/button><div  class=\"w-tabs-section-content\" id=\"content-r1c2\"><div class=\"w-tabs-section-content-h i-cf\"><div class=\"wpb_text_column\"><div class=\"wpb_wrapper\"><p>The LXV edition takes place <strong>from 1 to 5 September 2026<\/strong> in Mairena del Alcor, Seville province.<\/p>\n<\/div><\/div><\/div><\/div><\/div><div class=\"w-tabs-section\" id=\"z32c\"><button type=\"button\" class=\"w-tabs-section-header\" aria-controls=\"content-z32c\" aria-expanded=\"false\"><div class=\"w-tabs-section-title\">When is the festival\u2019s main gala?<\/div><div class=\"w-tabs-section-control\"><\/div><\/button><div  class=\"w-tabs-section-content\" id=\"content-z32c\"><div class=\"w-tabs-section-content-h i-cf\"><div class=\"wpb_text_column\"><div class=\"wpb_wrapper\"><p>The main gala will take place on <strong>Saturday 5 September at 22:00<\/strong> at the Manuel Mairena Municipal Auditorium.<\/p>\n<\/div><\/div><\/div><\/div><\/div><div class=\"w-tabs-section\" id=\"e472\"><button type=\"button\" class=\"w-tabs-section-header\" aria-controls=\"content-e472\" aria-expanded=\"false\"><div class=\"w-tabs-section-title\">Who performs at the 2026 gala?<\/div><div class=\"w-tabs-section-control\"><\/div><\/button><div  class=\"w-tabs-section-content\" id=\"content-e472\"><div class=\"w-tabs-section-content-h i-cf\"><div class=\"wpb_text_column\"><div class=\"wpb_wrapper\"><p>The line-up includes Jos\u00e9 Merc\u00e9, La Macanita, Juan de Mairena and Roc\u00edo Luna on cante, and Farruquito on dance, together with their respective guitarists and accompanying artists.<\/p>\n<\/div><\/div><\/div><\/div><\/div><div class=\"w-tabs-section\" id=\"s5b2\"><button type=\"button\" class=\"w-tabs-section-header\" aria-controls=\"content-s5b2\" aria-expanded=\"false\"><div class=\"w-tabs-section-title\">How much do tickets cost?<\/div><div class=\"w-tabs-section-control\"><\/div><\/button><div  class=\"w-tabs-section-content\" id=\"content-s5b2\"><div class=\"w-tabs-section-content-h i-cf\"><div class=\"wpb_text_column\"><div class=\"wpb_wrapper\"><p>Prices start at <strong>\u20ac10<\/strong>. The Festival Gala costs \u20ac15 for unnumbered seating and \u20ac20 for numbered seating, according to the official information published.<\/p>\n<\/div><\/div><\/div><\/div><\/div><div class=\"w-tabs-section\" id=\"u6a9\"><button type=\"button\" class=\"w-tabs-section-header\" aria-controls=\"content-u6a9\" aria-expanded=\"false\"><div class=\"w-tabs-section-title\">Where can official tickets be bought?<\/div><div class=\"w-tabs-section-control\"><\/div><\/button><div  class=\"w-tabs-section-content\" id=\"content-u6a9\"><div class=\"w-tabs-section-content-h i-cf\"><div class=\"wpb_text_column\"><div class=\"wpb_wrapper\"><p>The organisers announce sales through Mairena del Alcor Town Council, the Giglon platform and in person at the Villa del Conocimiento y las Artes.<\/p>\n<\/div><\/div><\/div><\/div><\/div><div class=\"w-tabs-section\" id=\"j7bf\"><button type=\"button\" class=\"w-tabs-section-header\" aria-controls=\"content-j7bf\" aria-expanded=\"false\"><div class=\"w-tabs-section-title\">Who is the 2026 edition dedicated to?<\/div><div class=\"w-tabs-section-control\"><\/div><\/button><div  class=\"w-tabs-section-content\" id=\"content-j7bf\"><div class=\"w-tabs-section-content-h i-cf\"><div class=\"wpb_text_column\"><div class=\"wpb_wrapper\"><p>The 65th edition is dedicated to singer <strong>Diego Clavel<\/strong>, winner of the Antonio Mairena Competition in 1970.<\/p>\n<\/div><\/div><\/div><\/div><\/div><div class=\"w-tabs-section\" id=\"g8c3\"><button type=\"button\" class=\"w-tabs-section-header\" aria-controls=\"content-g8c3\" aria-expanded=\"false\"><div class=\"w-tabs-section-title\">Can you travel from Seville by bus?<\/div><div class=\"w-tabs-section-control\"><\/div><\/button><div  class=\"w-tabs-section-content\" id=\"content-g8c3\"><div class=\"w-tabs-section-content-h i-cf\"><div class=\"wpb_text_column\"><div class=\"wpb_wrapper\"><p>Yes. There are metropolitan transport connections between Seville and Mairena del Alcor. For evening activities, it is essential to check the last return service before travelling.<\/p>\n<\/div><\/div><\/div><\/div><\/div><div class=\"w-tabs-section\" id=\"g9dc\"><button type=\"button\" class=\"w-tabs-section-header\" aria-controls=\"content-g9dc\" aria-expanded=\"false\"><div class=\"w-tabs-section-title\">Is Mairena del Alcor far from Seville?<\/div><div class=\"w-tabs-section-control\"><\/div><\/button><div  class=\"w-tabs-section-content\" id=\"content-g9dc\"><div class=\"w-tabs-section-content-h i-cf\"><div class=\"wpb_text_column\"><div class=\"wpb_wrapper\"><p>No. The town is approximately 25\u201330 kilometres from Seville and the journey by car usually takes around half an hour in normal conditions.<\/p>\n<\/div><\/div><\/div><\/div><\/div><\/div><\/div><\/div><\/div><\/div><div class=\"vc_col-sm-1\/5 wpb_column vc_column_container\"><div class=\"vc_column-inner\"><div class=\"wpb_wrapper\"><\/div><\/div><\/div><\/div><\/div><\/section>\n","protected":false},"excerpt":{"rendered":"<p>Guide to the Antonio Mairena Cante Jondo Festival 2026: full programme, artists, tickets, prices, venues and how to get there from Seville.<\/p>\n","protected":false},"author":1,"featured_media":14378,"comment_status":"closed","ping_status":"closed","sticky":false,"template":"","format":"standard","meta":{"_acf_changed":false,"wpai_generated_summary":"","_ayudawp_aiss_exclude":false,"_ayudawp_aiss_exclude_summary":false,"_ayudawp_aiss_summary":"","_ayudawp_aiss_summary_provider":"","_ayudawp_aiss_summary_hash":"","footnotes":""},"categories":[1667],"tags":[1988,1982,1235,1384],"class_list":["post-14384","post","type-post","status-publish","format-standard","has-post-thumbnail","hentry","category-flamenco-festivals","tag-antonio-mairena-en","tag-antonio-mairena-cante-jondo-festival","tag-festivales-flamencos","tag-flamenco-singing"],"acf":[],"yoast_head":"<!-- This site is optimized with the Yoast SEO Premium plugin v28.4 (Yoast SEO v28.4) - https:\/\/yoast.com\/product\/yoast-seo-premium-wordpress\/ -->\n<title>Antonio Mairena Festival 2026: programme and tickets<\/title>\n<meta name=\"description\" content=\"Antonio Mairena Cante Jondo Festival 2026: full programme, artists, tickets, prices, venues and how to get there from Seville.\" \/>\n<meta name=\"robots\" content=\"index, follow, max-snippet:-1, max-image-preview:large, max-video-preview:-1\" \/>\n<link rel=\"canonical\" href=\"https:\/\/www.tablaosflamencos.com\/en\/antonio-mairena-cante-jondo-festival-2026.html\" \/>\n<meta property=\"og:locale\" content=\"en_US\" \/>\n<meta property=\"og:type\" content=\"article\" \/>\n<meta property=\"og:title\" content=\"Antonio Mairena Cante Jondo Festival 2026: programme, tickets and how to get there from Seville\" \/>\n<meta property=\"og:description\" content=\"Antonio Mairena Cante Jondo Festival 2026: full programme, artists, tickets, prices, venues and how to get there from Seville.\" \/>\n<meta property=\"og:url\" content=\"https:\/\/www.tablaosflamencos.com\/en\/antonio-mairena-cante-jondo-festival-2026.html\" \/>\n<meta property=\"og:site_name\" content=\"Tablaos Flamencos\" \/>\n<meta property=\"article:publisher\" content=\"https:\/\/www.facebook.com\/tablaosflamencos\" \/>\n<meta property=\"article:published_time\" content=\"2026-09-04T15:00:57+00:00\" \/>\n<meta property=\"article:modified_time\" content=\"2026-09-04T15:31:07+00:00\" \/>\n<meta property=\"og:image\" content=\"https:\/\/www.tablaosflamencos.com\/wp-content\/uploads\/festival-de-cante-jondo-antonio-mairena-2026-programacion-entradas-y-como-llegar-desde-sevilla-01.webp\" \/>\n\t<meta property=\"og:image:width\" content=\"1491\" \/>\n\t<meta property=\"og:image:height\" content=\"1055\" \/>\n\t<meta property=\"og:image:type\" content=\"image\/webp\" \/>\n<meta name=\"author\" content=\"Miguel Ortiz\" \/>\n<meta name=\"twitter:card\" content=\"summary_large_image\" \/>\n<meta name=\"twitter:creator\" content=\"@tablaosflamenco\" \/>\n<meta name=\"twitter:site\" content=\"@tablaosflamenco\" \/>\n<meta name=\"twitter:label1\" content=\"Written by\" \/>\n\t<meta name=\"twitter:data1\" content=\"Miguel Ortiz\" \/>\n\t<meta name=\"twitter:label2\" content=\"Est. reading time\" \/>\n\t<meta name=\"twitter:data2\" content=\"12 minutes\" \/>\n<script type=\"application\/ld+json\" class=\"yoast-schema-graph\">{\"@context\":\"https:\\\/\\\/schema.org\",\"@graph\":[{\"@type\":\"Article\",\"@id\":\"https:\\\/\\\/www.tablaosflamencos.com\\\/en\\\/antonio-mairena-cante-jondo-festival-2026.html#article\",\"isPartOf\":{\"@id\":\"https:\\\/\\\/www.tablaosflamencos.com\\\/en\\\/antonio-mairena-cante-jondo-festival-2026-from-seville.html\"},\"author\":{\"name\":\"Miguel Ortiz\",\"@id\":\"https:\\\/\\\/www.tablaosflamencos.com\\\/en#\\\/schema\\\/person\\\/e7a9ebe14eb75a52ceabfbffb3c54f5d\"},\"headline\":\"Antonio Mairena Cante Jondo Festival 2026: programme, tickets and how to get there from Seville\",\"datePublished\":\"2026-09-04T15:00:57+00:00\",\"dateModified\":\"2026-09-04T15:31:07+00:00\",\"mainEntityOfPage\":{\"@id\":\"https:\\\/\\\/www.tablaosflamencos.com\\\/en\\\/antonio-mairena-cante-jondo-festival-2026-from-seville.html\"},\"wordCount\":2367,\"publisher\":{\"@id\":\"https:\\\/\\\/www.tablaosflamencos.com\\\/en#organization\"},\"image\":{\"@id\":\"https:\\\/\\\/www.tablaosflamencos.com\\\/en\\\/antonio-mairena-cante-jondo-festival-2026.html#primaryimage\"},\"thumbnailUrl\":\"https:\\\/\\\/www.tablaosflamencos.com\\\/wp-content\\\/uploads\\\/festival-de-cante-jondo-antonio-mairena-2026-programacion-entradas-y-como-llegar-desde-sevilla-01.webp\",\"keywords\":[\"Antonio Mairena\",\"Antonio Mairena Cante Jondo Festival\",\"festivales flamencos\",\"flamenco singing\"],\"articleSection\":[\"Flamenco festivals\"],\"inLanguage\":\"en-US\"},{\"@type\":\"WebPage\",\"@id\":\"https:\\\/\\\/www.tablaosflamencos.com\\\/en\\\/antonio-mairena-cante-jondo-festival-2026-from-seville.html\",\"url\":\"https:\\\/\\\/www.tablaosflamencos.com\\\/en\\\/antonio-mairena-cante-jondo-festival-2026.html\",\"name\":\"Antonio Mairena Festival 2026: programme and tickets\",\"isPartOf\":{\"@id\":\"https:\\\/\\\/www.tablaosflamencos.com\\\/en#website\"},\"primaryImageOfPage\":{\"@id\":\"https:\\\/\\\/www.tablaosflamencos.com\\\/en\\\/antonio-mairena-cante-jondo-festival-2026.html#primaryimage\"},\"image\":{\"@id\":\"https:\\\/\\\/www.tablaosflamencos.com\\\/en\\\/antonio-mairena-cante-jondo-festival-2026.html#primaryimage\"},\"thumbnailUrl\":\"https:\\\/\\\/www.tablaosflamencos.com\\\/wp-content\\\/uploads\\\/festival-de-cante-jondo-antonio-mairena-2026-programacion-entradas-y-como-llegar-desde-sevilla-01.webp\",\"datePublished\":\"2026-09-04T15:00:57+00:00\",\"dateModified\":\"2026-09-04T15:31:07+00:00\",\"description\":\"Antonio Mairena Cante Jondo Festival 2026: full programme, artists, tickets, prices, venues and how to get there from Seville.\",\"breadcrumb\":{\"@id\":\"https:\\\/\\\/www.tablaosflamencos.com\\\/en\\\/antonio-mairena-cante-jondo-festival-2026.html#breadcrumb\"},\"inLanguage\":\"en-US\",\"potentialAction\":[{\"@type\":\"ReadAction\",\"target\":[\"https:\\\/\\\/www.tablaosflamencos.com\\\/en\\\/antonio-mairena-cante-jondo-festival-2026.html\"]}]},{\"@type\":\"ImageObject\",\"inLanguage\":\"en-US\",\"@id\":\"https:\\\/\\\/www.tablaosflamencos.com\\\/en\\\/antonio-mairena-cante-jondo-festival-2026.html#primaryimage\",\"url\":\"https:\\\/\\\/www.tablaosflamencos.com\\\/wp-content\\\/uploads\\\/festival-de-cante-jondo-antonio-mairena-2026-programacion-entradas-y-como-llegar-desde-sevilla-01.webp\",\"contentUrl\":\"https:\\\/\\\/www.tablaosflamencos.com\\\/wp-content\\\/uploads\\\/festival-de-cante-jondo-antonio-mairena-2026-programacion-entradas-y-como-llegar-desde-sevilla-01.webp\",\"width\":1491,\"height\":1055,\"caption\":\"Festival de Cante Jondo Antonio Mairena 2026: programaci\u00f3n, entradas y c\u00f3mo llegar desde Sevilla\"},{\"@type\":\"BreadcrumbList\",\"@id\":\"https:\\\/\\\/www.tablaosflamencos.com\\\/en\\\/antonio-mairena-cante-jondo-festival-2026.html#breadcrumb\",\"itemListElement\":[{\"@type\":\"ListItem\",\"position\":1,\"name\":\"Home\",\"item\":\"https:\\\/\\\/www.tablaosflamencos.com\\\/en\"},{\"@type\":\"ListItem\",\"position\":2,\"name\":\"Antonio Mairena Cante Jondo Festival 2026: programme, tickets and how to get there from Seville\"}]},{\"@type\":\"WebSite\",\"@id\":\"https:\\\/\\\/www.tablaosflamencos.com\\\/en#website\",\"url\":\"https:\\\/\\\/www.tablaosflamencos.com\\\/en\",\"name\":\"Tablaos Flamencos\",\"description\":\"Entradas para tablaos flamencos de Espa\u00f1a\",\"publisher\":{\"@id\":\"https:\\\/\\\/www.tablaosflamencos.com\\\/en#organization\"},\"alternateName\":\"Tablaos Flamencos\",\"potentialAction\":[{\"@type\":\"SearchAction\",\"target\":{\"@type\":\"EntryPoint\",\"urlTemplate\":\"https:\\\/\\\/www.tablaosflamencos.com\\\/en?s={search_term_string}\"},\"query-input\":{\"@type\":\"PropertyValueSpecification\",\"valueRequired\":true,\"valueName\":\"search_term_string\"}}],\"inLanguage\":\"en-US\"},{\"@type\":[\"Organization\",\"Place\",\"EntertainmentBusiness\"],\"@id\":\"https:\\\/\\\/www.tablaosflamencos.com\\\/en#organization\",\"name\":\"Tablaos Flamencos\",\"alternateName\":\"Tablaos Flamencos\",\"url\":\"https:\\\/\\\/www.tablaosflamencos.com\\\/en\",\"logo\":{\"@id\":\"https:\\\/\\\/www.tablaosflamencos.com\\\/en\\\/antonio-mairena-cante-jondo-festival-2026.html#local-main-organization-logo\"},\"image\":{\"@id\":\"https:\\\/\\\/www.tablaosflamencos.com\\\/en\\\/antonio-mairena-cante-jondo-festival-2026.html#local-main-organization-logo\"},\"sameAs\":[\"https:\\\/\\\/www.facebook.com\\\/tablaosflamencos\",\"https:\\\/\\\/x.com\\\/tablaosflamenco\",\"https:\\\/\\\/mastodon.social\\\/@tablaosflamencos\",\"https:\\\/\\\/www.instagram.com\\\/tablaosflamencos\",\"https:\\\/\\\/tiktok.com\\\/@tablaosflamencos\",\"https:\\\/\\\/www.linkedin.com\\\/company\\\/109408238\\\/\"],\"description\":\"Venta de entradas para espect\u00e1culos flamencos\",\"legalName\":\"Tablaos Flamencos\",\"foundingDate\":\"2015-01-01\",\"numberOfEmployees\":{\"@type\":\"QuantitativeValue\",\"minValue\":\"1\",\"maxValue\":\"10\"},\"address\":{\"@id\":\"https:\\\/\\\/www.tablaosflamencos.com\\\/en\\\/antonio-mairena-cante-jondo-festival-2026.html#local-main-place-address\"},\"geo\":{\"@type\":\"GeoCoordinates\",\"latitude\":\"37.3868072\",\"longitude\":\"-5.993280299999999\"},\"telephone\":[\"+34623787787\"],\"contactPoint\":{\"@type\":\"ContactPoint\",\"telephone\":\"+34623787787\",\"email\":\"info@tablaosflamencos.com\"},\"openingHoursSpecification\":{\"@type\":\"OpeningHoursSpecification\",\"dayOfWeek\":[\"Monday\",\"Tuesday\",\"Wednesday\",\"Thursday\",\"Friday\",\"Saturday\",\"Sunday\"],\"opens\":\"00:00\",\"closes\":\"23:59\"},\"email\":\"info@tablaosflamencos.com\",\"priceRange\":\"$$$\",\"currenciesAccepted\":\"\u20ac\"},{\"@type\":\"Person\",\"@id\":\"https:\\\/\\\/www.tablaosflamencos.com\\\/en#\\\/schema\\\/person\\\/e7a9ebe14eb75a52ceabfbffb3c54f5d\",\"name\":\"Miguel Ortiz\",\"description\":\"Miguel Ortiz es un empresario flamenco, con una s\u00f3lida trayectoria dentro del sector. Ha presidido entidades culturales vinculadas al flamenco y, cuenta con un amplio recorrido profesional en la gesti\u00f3n y promoci\u00f3n de espect\u00e1culos y tablaos flamencos. Su pasi\u00f3n por la historia y el arte flamenco se refleja en cada art\u00edculo, donde combina experiencia, criterio y un profundo respeto por la tradici\u00f3n.\",\"sameAs\":[\"https:\\\/\\\/www.tablaosflamencos.com\",\"https:\\\/\\\/www.instagra.com\\\/miguelortizfe\",\"https:\\\/\\\/www.linkedin.com\\\/in\\\/miguelortizf\\\/\"],\"birthDate\":\"1984-11-22\",\"gender\":\"hombre\",\"knowsLanguage\":[\"espa\u00f1ol\",\"ingl\u00e9s\"],\"jobTitle\":\"Empresario flamenco\"},{\"@type\":\"PostalAddress\",\"@id\":\"https:\\\/\\\/www.tablaosflamencos.com\\\/en\\\/antonio-mairena-cante-jondo-festival-2026.html#local-main-place-address\",\"streetAddress\":\"C\\\/ Alemanes, 19\",\"addressLocality\":\"Sevilla\",\"postalCode\":\"41004\",\"addressRegion\":\"Sevilla\",\"addressCountry\":\"ES\"},{\"@type\":\"ImageObject\",\"inLanguage\":\"en-US\",\"@id\":\"https:\\\/\\\/www.tablaosflamencos.com\\\/en\\\/antonio-mairena-cante-jondo-festival-2026.html#local-main-organization-logo\",\"url\":\"https:\\\/\\\/www.tablaosflamencos.com\\\/wp-content\\\/uploads\\\/tablaos-flamencos-06-3.webp\",\"contentUrl\":\"https:\\\/\\\/www.tablaosflamencos.com\\\/wp-content\\\/uploads\\\/tablaos-flamencos-06-3.webp\",\"width\":600,\"height\":620,\"caption\":\"Tablaos Flamencos\"}]}<\/script>\n<meta name=\"geo.placename\" content=\"Sevilla\" \/>\n<meta name=\"geo.position\" content=\"37.3868072;-5.993280299999999\" \/>\n<meta name=\"geo.region\" content=\"Spain\" \/>\n<!-- \/ Yoast SEO Premium plugin. -->","yoast_head_json":{"title":"Antonio Mairena Festival 2026: programme and tickets","description":"Antonio Mairena Cante Jondo Festival 2026: full programme, artists, tickets, prices, venues and how to get there from Seville.","robots":{"index":"index","follow":"follow","max-snippet":"max-snippet:-1","max-image-preview":"max-image-preview:large","max-video-preview":"max-video-preview:-1"},"canonical":"https:\/\/www.tablaosflamencos.com\/en\/antonio-mairena-cante-jondo-festival-2026.html","og_locale":"en_US","og_type":"article","og_title":"Antonio Mairena Cante Jondo Festival 2026: programme, tickets and how to get there from Seville","og_description":"Antonio Mairena Cante Jondo Festival 2026: full programme, artists, tickets, prices, venues and how to get there from Seville.","og_url":"https:\/\/www.tablaosflamencos.com\/en\/antonio-mairena-cante-jondo-festival-2026.html","og_site_name":"Tablaos Flamencos","article_publisher":"https:\/\/www.facebook.com\/tablaosflamencos","article_published_time":"2026-09-04T15:00:57+00:00","article_modified_time":"2026-09-04T15:31:07+00:00","og_image":[{"width":1491,"height":1055,"url":"https:\/\/www.tablaosflamencos.com\/wp-content\/uploads\/festival-de-cante-jondo-antonio-mairena-2026-programacion-entradas-y-como-llegar-desde-sevilla-01.webp","type":"image\/webp"}],"author":"Miguel Ortiz","twitter_card":"summary_large_image","twitter_creator":"@tablaosflamenco","twitter_site":"@tablaosflamenco","twitter_misc":{"Written by":"Miguel Ortiz","Est. reading time":"12 minutes"},"schema":{"@context":"https:\/\/schema.org","@graph":[{"@type":"Article","@id":"https:\/\/www.tablaosflamencos.com\/en\/antonio-mairena-cante-jondo-festival-2026.html#article","isPartOf":{"@id":"https:\/\/www.tablaosflamencos.com\/en\/antonio-mairena-cante-jondo-festival-2026-from-seville.html"},"author":{"name":"Miguel Ortiz","@id":"https:\/\/www.tablaosflamencos.com\/en#\/schema\/person\/e7a9ebe14eb75a52ceabfbffb3c54f5d"},"headline":"Antonio Mairena Cante Jondo Festival 2026: programme, tickets and how to get there from Seville","datePublished":"2026-09-04T15:00:57+00:00","dateModified":"2026-09-04T15:31:07+00:00","mainEntityOfPage":{"@id":"https:\/\/www.tablaosflamencos.com\/en\/antonio-mairena-cante-jondo-festival-2026-from-seville.html"},"wordCount":2367,"publisher":{"@id":"https:\/\/www.tablaosflamencos.com\/en#organization"},"image":{"@id":"https:\/\/www.tablaosflamencos.com\/en\/antonio-mairena-cante-jondo-festival-2026.html#primaryimage"},"thumbnailUrl":"https:\/\/www.tablaosflamencos.com\/wp-content\/uploads\/festival-de-cante-jondo-antonio-mairena-2026-programacion-entradas-y-como-llegar-desde-sevilla-01.webp","keywords":["Antonio Mairena","Antonio Mairena Cante Jondo Festival","festivales flamencos","flamenco singing"],"articleSection":["Flamenco festivals"],"inLanguage":"en-US"},{"@type":"WebPage","@id":"https:\/\/www.tablaosflamencos.com\/en\/antonio-mairena-cante-jondo-festival-2026-from-seville.html","url":"https:\/\/www.tablaosflamencos.com\/en\/antonio-mairena-cante-jondo-festival-2026.html","name":"Antonio Mairena Festival 2026: programme and tickets","isPartOf":{"@id":"https:\/\/www.tablaosflamencos.com\/en#website"},"primaryImageOfPage":{"@id":"https:\/\/www.tablaosflamencos.com\/en\/antonio-mairena-cante-jondo-festival-2026.html#primaryimage"},"image":{"@id":"https:\/\/www.tablaosflamencos.com\/en\/antonio-mairena-cante-jondo-festival-2026.html#primaryimage"},"thumbnailUrl":"https:\/\/www.tablaosflamencos.com\/wp-content\/uploads\/festival-de-cante-jondo-antonio-mairena-2026-programacion-entradas-y-como-llegar-desde-sevilla-01.webp","datePublished":"2026-09-04T15:00:57+00:00","dateModified":"2026-09-04T15:31:07+00:00","description":"Antonio Mairena Cante Jondo Festival 2026: full programme, artists, tickets, prices, venues and how to get there from Seville.","breadcrumb":{"@id":"https:\/\/www.tablaosflamencos.com\/en\/antonio-mairena-cante-jondo-festival-2026.html#breadcrumb"},"inLanguage":"en-US","potentialAction":[{"@type":"ReadAction","target":["https:\/\/www.tablaosflamencos.com\/en\/antonio-mairena-cante-jondo-festival-2026.html"]}]},{"@type":"ImageObject","inLanguage":"en-US","@id":"https:\/\/www.tablaosflamencos.com\/en\/antonio-mairena-cante-jondo-festival-2026.html#primaryimage","url":"https:\/\/www.tablaosflamencos.com\/wp-content\/uploads\/festival-de-cante-jondo-antonio-mairena-2026-programacion-entradas-y-como-llegar-desde-sevilla-01.webp","contentUrl":"https:\/\/www.tablaosflamencos.com\/wp-content\/uploads\/festival-de-cante-jondo-antonio-mairena-2026-programacion-entradas-y-como-llegar-desde-sevilla-01.webp","width":1491,"height":1055,"caption":"Festival de Cante Jondo Antonio Mairena 2026: programaci\u00f3n, entradas y c\u00f3mo llegar desde Sevilla"},{"@type":"BreadcrumbList","@id":"https:\/\/www.tablaosflamencos.com\/en\/antonio-mairena-cante-jondo-festival-2026.html#breadcrumb","itemListElement":[{"@type":"ListItem","position":1,"name":"Home","item":"https:\/\/www.tablaosflamencos.com\/en"},{"@type":"ListItem","position":2,"name":"Antonio Mairena Cante Jondo Festival 2026: programme, tickets and how to get there from Seville"}]},{"@type":"WebSite","@id":"https:\/\/www.tablaosflamencos.com\/en#website","url":"https:\/\/www.tablaosflamencos.com\/en","name":"Tablaos Flamencos","description":"Entradas para tablaos flamencos de Espa\u00f1a","publisher":{"@id":"https:\/\/www.tablaosflamencos.com\/en#organization"},"alternateName":"Tablaos Flamencos","potentialAction":[{"@type":"SearchAction","target":{"@type":"EntryPoint","urlTemplate":"https:\/\/www.tablaosflamencos.com\/en?s={search_term_string}"},"query-input":{"@type":"PropertyValueSpecification","valueRequired":true,"valueName":"search_term_string"}}],"inLanguage":"en-US"},{"@type":["Organization","Place","EntertainmentBusiness"],"@id":"https:\/\/www.tablaosflamencos.com\/en#organization","name":"Tablaos Flamencos","alternateName":"Tablaos Flamencos","url":"https:\/\/www.tablaosflamencos.com\/en","logo":{"@id":"https:\/\/www.tablaosflamencos.com\/en\/antonio-mairena-cante-jondo-festival-2026.html#local-main-organization-logo"},"image":{"@id":"https:\/\/www.tablaosflamencos.com\/en\/antonio-mairena-cante-jondo-festival-2026.html#local-main-organization-logo"},"sameAs":["https:\/\/www.facebook.com\/tablaosflamencos","https:\/\/x.com\/tablaosflamenco","https:\/\/mastodon.social\/@tablaosflamencos","https:\/\/www.instagram.com\/tablaosflamencos","https:\/\/tiktok.com\/@tablaosflamencos","https:\/\/www.linkedin.com\/company\/109408238\/"],"description":"Venta de entradas para espect\u00e1culos flamencos","legalName":"Tablaos Flamencos","foundingDate":"2015-01-01","numberOfEmployees":{"@type":"QuantitativeValue","minValue":"1","maxValue":"10"},"address":{"@id":"https:\/\/www.tablaosflamencos.com\/en\/antonio-mairena-cante-jondo-festival-2026.html#local-main-place-address"},"geo":{"@type":"GeoCoordinates","latitude":"37.3868072","longitude":"-5.993280299999999"},"telephone":["+34623787787"],"contactPoint":{"@type":"ContactPoint","telephone":"+34623787787","email":"info@tablaosflamencos.com"},"openingHoursSpecification":{"@type":"OpeningHoursSpecification","dayOfWeek":["Monday","Tuesday","Wednesday","Thursday","Friday","Saturday","Sunday"],"opens":"00:00","closes":"23:59"},"email":"info@tablaosflamencos.com","priceRange":"$$$","currenciesAccepted":"\u20ac"},{"@type":"Person","@id":"https:\/\/www.tablaosflamencos.com\/en#\/schema\/person\/e7a9ebe14eb75a52ceabfbffb3c54f5d","name":"Miguel Ortiz","description":"Miguel Ortiz es un empresario flamenco, con una s\u00f3lida trayectoria dentro del sector. Ha presidido entidades culturales vinculadas al flamenco y, cuenta con un amplio recorrido profesional en la gesti\u00f3n y promoci\u00f3n de espect\u00e1culos y tablaos flamencos. Su pasi\u00f3n por la historia y el arte flamenco se refleja en cada art\u00edculo, donde combina experiencia, criterio y un profundo respeto por la tradici\u00f3n.","sameAs":["https:\/\/www.tablaosflamencos.com","https:\/\/www.instagra.com\/miguelortizfe","https:\/\/www.linkedin.com\/in\/miguelortizf\/"],"birthDate":"1984-11-22","gender":"hombre","knowsLanguage":["espa\u00f1ol","ingl\u00e9s"],"jobTitle":"Empresario flamenco"},{"@type":"PostalAddress","@id":"https:\/\/www.tablaosflamencos.com\/en\/antonio-mairena-cante-jondo-festival-2026.html#local-main-place-address","streetAddress":"C\/ Alemanes, 19","addressLocality":"Sevilla","postalCode":"41004","addressRegion":"Sevilla","addressCountry":"ES"},{"@type":"ImageObject","inLanguage":"en-US","@id":"https:\/\/www.tablaosflamencos.com\/en\/antonio-mairena-cante-jondo-festival-2026.html#local-main-organization-logo","url":"https:\/\/www.tablaosflamencos.com\/wp-content\/uploads\/tablaos-flamencos-06-3.webp","contentUrl":"https:\/\/www.tablaosflamencos.com\/wp-content\/uploads\/tablaos-flamencos-06-3.webp","width":600,"height":620,"caption":"Tablaos Flamencos"}]},"geo.placename":"Sevilla","geo.position":{"lat":"37.3868072","long":"-5.993280299999999"},"geo.region":"Spain"},"_links":{"self":[{"href":"https:\/\/www.tablaosflamencos.com\/en\/wp-json\/wp\/v2\/posts\/14384","targetHints":{"allow":["GET"]}}],"collection":[{"href":"https:\/\/www.tablaosflamencos.com\/en\/wp-json\/wp\/v2\/posts"}],"about":[{"href":"https:\/\/www.tablaosflamencos.com\/en\/wp-json\/wp\/v2\/types\/post"}],"author":[{"embeddable":true,"href":"https:\/\/www.tablaosflamencos.com\/en\/wp-json\/wp\/v2\/users\/1"}],"replies":[{"embeddable":true,"href":"https:\/\/www.tablaosflamencos.com\/en\/wp-json\/wp\/v2\/comments?post=14384"}],"version-history":[{"count":0,"href":"https:\/\/www.tablaosflamencos.com\/en\/wp-json\/wp\/v2\/posts\/14384\/revisions"}],"wp:featuredmedia":[{"embeddable":true,"href":"https:\/\/www.tablaosflamencos.com\/en\/wp-json\/wp\/v2\/media\/14378"}],"wp:attachment":[{"href":"https:\/\/www.tablaosflamencos.com\/en\/wp-json\/wp\/v2\/media?parent=14384"}],"wp:term":[{"taxonomy":"category","embeddable":true,"href":"https:\/\/www.tablaosflamencos.com\/en\/wp-json\/wp\/v2\/categories?post=14384"},{"taxonomy":"post_tag","embeddable":true,"href":"https:\/\/www.tablaosflamencos.com\/en\/wp-json\/wp\/v2\/tags?post=14384"}],"curies":[{"name":"wp","href":"https:\/\/api.w.org\/{rel}","templated":true}]}}