{"id":14298,"date":"2026-09-03T23:26:41","date_gmt":"2026-09-03T21:26:41","guid":{"rendered":"https:\/\/www.tablaosflamencos.com\/?p=14298"},"modified":"2026-09-03T23:56:46","modified_gmt":"2026-09-03T21:56:46","slug":"flamenco-after-biennial-where-to-see-seville","status":"publish","type":"post","link":"https:\/\/www.tablaosflamencos.com\/en\/flamenco-after-biennial-where-to-see-seville.html","title":{"rendered":"Flamenco after the Biennial: where to keep seeing flamenco in Seville"},"content":{"rendered":"<section class=\"l-section wpb_row height_huge\"><div class=\"l-section-h i-cf\"><div class=\"g-cols vc_row via_flex valign_top type_default stacking_default\"><div class=\"vc_col-sm-6 wpb_column vc_column_container\"><div class=\"vc_column-inner\"><div class=\"wpb_wrapper\"><div class=\"wpb_text_column\"><div class=\"wpb_wrapper\"><h2>Flamenco after the Biennial: where to keep seeing flamenco in Seville<\/h2>\n<p>The <strong>2026 Seville Flamenco Biennial<\/strong> ends on 3 October, but that does not mean the city stops offering live flamenco. For several weeks, the Biennial concentrates premieres, major productions, one-off encounters and artists from across Spain; when that extraordinary programme ends, Seville returns to its usual flamenco rhythm, which remains very active throughout the rest of the year.<\/p>\n<p>It is not the end of the flamenco season, but a return to the stable network of venues that operates all year round.<\/p>\n<\/div><\/div><\/div><\/div><\/div><div class=\"vc_col-sm-6 wpb_column vc_column_container\"><div class=\"vc_column-inner\"><div class=\"wpb_wrapper\"><div class=\"wpb_text_column\"><div class=\"wpb_wrapper\"><h2>What you will find from 4 October onwards<\/h2>\n<p>For anyone visiting the city <strong>from 4 October onwards<\/strong>, the main change is not the disappearance of flamenco, but the type of offer available. The major theatres stop operating as a temporary network of festival venues and the spotlight returns to <strong>tablaos, cultural venues, flamenco theatres and established shows<\/strong> that programme performances regularly.<\/p>\n<p>In many cases, these venues also feature artists who take part in festivals, Biennials and professional circuits.<\/p>\n<p>This guide is for anyone arriving in Seville after the Biennial and wondering <strong>where to keep seeing good flamenco, what kind of show to choose and how to plan a flamenco evening without relying on a major festival<\/strong>.<\/p>\n<\/div><\/div><\/div><\/div><\/div><\/div><\/div><\/section><section class=\"l-section wpb_row height_huge color_alternate with_shape\"><div class=\"l-section-shape type_zigzag pos_top hor_flip\" style=\"height:3vmin;\"><svg xmlns=\"http:\/\/www.w3.org\/2000\/svg\" viewBox=\"0 0 64 8\" preserveAspectRatio=\"none\" width=\"100%\" height=\"100%\">\r\n\t<path fill=\"currentColor\" d=\"M64 8 L0 8 L0 0 L20 7.9 L40 3 L48 5 L64 0 Z\"\/>\r\n<\/svg><\/div><div class=\"l-section-shape type_zigzag pos_bottom\" style=\"height:3vmin;\"><svg xmlns=\"http:\/\/www.w3.org\/2000\/svg\" viewBox=\"0 0 64 8\" preserveAspectRatio=\"none\" width=\"100%\" height=\"100%\">\r\n\t<path fill=\"currentColor\" d=\"M64 8 L0 8 L0 0 L20 7.9 L40 3 L48 5 L64 0 Z\"\/>\r\n<\/svg><\/div><div class=\"l-section-h i-cf\"><div class=\"g-cols vc_row via_flex valign_top type_default stacking_default\"><div class=\"vc_col-sm-12 wpb_column vc_column_container\"><div class=\"vc_column-inner\"><div class=\"wpb_wrapper\"><div class=\"wpb_text_column\"><div class=\"wpb_wrapper\"><blockquote>\n<p><strong>Quick answer:<\/strong> after the 2026 Flamenco Biennial you can continue seeing flamenco in Seville all year round. The easiest option for a visitor is to book a regular show at a tablao or flamenco theatre. Among the options you can book directly through Tablaos Flamencos are <a href=\"https:\/\/www.tablaosflamencos.com\/en\/tablao\/tablao-flamenco-las-setas\"><strong>Tablao Flamenco Las Setas<\/strong><\/a>, <a href=\"https:\/\/www.tablaosflamencos.com\/en\/tablao\/tablao-flamenco-la-cantaora\"><strong>Tablao Flamenco La Cantaora<\/strong><\/a>, <a href=\"https:\/\/www.tablaosflamencos.com\/en\/tablao\/casa-duende-tablao\"><strong>Casa Duende Tablao<\/strong><\/a>, <a href=\"https:\/\/www.tablaosflamencos.com\/en\/tablao\/tablao-flamenco-las-duenas\"><strong>Tablao Flamenco Las Due\u00f1as<\/strong><\/a>, <a href=\"https:\/\/www.tablaosflamencos.com\/en\/tablao\/tablao-flamenco-casa-inquieta\"><strong>Casa Inquieta<\/strong><\/a>, <a href=\"https:\/\/www.tablaosflamencos.com\/en\/tablao\/casa-flamenco-azahar\"><strong>Casa Flamenco Azahar<\/strong><\/a> and <a href=\"https:\/\/www.tablaosflamencos.com\/en\/tablao\/tablao-flamenco-el-jardin-de-murillo\"><strong>El Jard\u00edn de Murillo<\/strong><\/a>; in Triana you can book <a href=\"https:\/\/www.tablaosflamencos.com\/en\/tablao\/baraka-sala-flamenca\"><strong>Baraka Sala Flamenca<\/strong><\/a> and <a href=\"https:\/\/www.tablaosflamencos.com\/en\/tablao\/tablao-flamenco-triana\"><strong>Tablao Flamenco Triana<\/strong><\/a>. Schedules, line-ups and prices may change, so it is advisable to book in advance and check the available session for your specific date.<\/p>\n<\/blockquote>\n<p><strong>Last updated: 3 September 2026.<\/strong><\/p>\n<p>Also see our <a href=\"https:\/\/www.tablaosflamencos.com\/en\/flamenco-in-seville\"><strong>complete guide to seeing flamenco in Seville<\/strong><\/a> and our <a href=\"https:\/\/www.tablaosflamencos.com\/en\/seville-flamenco-biennial-2026.html\"><strong>guide to the 2026 Seville Flamenco Biennial<\/strong><\/a>.<\/p>\n<\/div><\/div><div class=\"w-separator size_medium\"><\/div><div class=\"w-hwrapper valign_top wrap align_center\" style=\"--hwrapper-gap:1.2rem\"><div class=\"w-btn-wrapper align_none\"><a class=\"w-btn us-btn-style_1\" href=\"https:\/\/www.tablaosflamencos.com\/en\/flamenco-in-seville\"><span class=\"w-btn-label\">See flamenco in Seville<\/span><\/a><\/div><div class=\"w-btn-wrapper align_none\"><a class=\"w-btn us-btn-style_11\" href=\"https:\/\/www.tablaosflamencos.com\/en\/how-to-book\"><span class=\"w-btn-label\">How to book<\/span><\/a><\/div><\/div><\/div><\/div><\/div><\/div><\/div><\/section><section class=\"l-section wpb_row height_huge\"><div class=\"l-section-h i-cf\"><div class=\"g-cols vc_row via_flex valign_top type_default stacking_default\"><div class=\"vc_col-sm-3 wpb_column vc_column_container\"><div class=\"vc_column-inner\"><div class=\"wpb_wrapper\"><\/div><\/div><\/div><div class=\"vc_col-sm-6 wpb_column vc_column_container\"><div class=\"vc_column-inner\"><div class=\"wpb_wrapper\"><div class=\"wpb_text_column\"><div class=\"wpb_wrapper\"><h2>Contents of this guide<\/h2>\n<ul>\n<li><a href=\"#que-cambia\">What changes when the Biennial ends<\/a><\/li>\n<li><a href=\"#tablaos\">Tablaos: the most reliable option<\/a><\/li>\n<li><a href=\"#donde-ver\">Where to keep seeing flamenco in Seville<\/a><\/li>\n<li><a href=\"#triana\">Keep enjoying flamenco in Triana<\/a><\/li>\n<li><a href=\"#intimo\">Intimate venues and close-up formats<\/a><\/li>\n<li><a href=\"#gran-formato\">Larger-scale options<\/a><\/li>\n<li><a href=\"#elegir\">How to choose a good show<\/a><\/li>\n<li><a href=\"#plan\">A practical plan for a flamenco evening<\/a><\/li>\n<li><a href=\"#mas-alla\">Beyond the tablaos<\/a><\/li>\n<li><a href=\"#faq\">Frequently asked questions<\/a><\/li>\n<\/ul>\n<\/div><\/div><\/div><\/div><\/div><div class=\"vc_col-sm-3 wpb_column vc_column_container\"><div class=\"vc_column-inner\"><div class=\"wpb_wrapper\"><\/div><\/div><\/div><\/div><\/div><\/section><section class=\"l-section wpb_row height_huge color_alternate with_shape\"><div class=\"l-section-shape type_zigzag pos_top\" style=\"height:3vmin;\"><svg xmlns=\"http:\/\/www.w3.org\/2000\/svg\" viewBox=\"0 0 64 8\" preserveAspectRatio=\"none\" width=\"100%\" height=\"100%\">\r\n\t<path fill=\"currentColor\" d=\"M64 8 L0 8 L0 0 L20 7.9 L40 3 L48 5 L64 0 Z\"\/>\r\n<\/svg><\/div><div class=\"l-section-shape type_zigzag pos_bottom\" style=\"height:3vmin;\"><svg xmlns=\"http:\/\/www.w3.org\/2000\/svg\" viewBox=\"0 0 64 8\" preserveAspectRatio=\"none\" width=\"100%\" height=\"100%\">\r\n\t<path fill=\"currentColor\" d=\"M64 8 L0 8 L0 0 L20 7.9 L40 3 L48 5 L64 0 Z\"\/>\r\n<\/svg><\/div><div class=\"l-section-h i-cf\"><div class=\"g-cols vc_row via_flex valign_top type_default stacking_default\"><div class=\"vc_col-sm-6 wpb_column vc_column_container\"><div class=\"vc_column-inner\"><div class=\"wpb_wrapper\"><div class=\"wpb_text_column\"><div class=\"wpb_wrapper\"><h2 id=\"que-cambia\">What changes in Seville when the Biennial ends<\/h2>\n<p>During the Biennial, visitors can find flamenco in spaces that are not normally part of a daily circuit: major theatres, monuments, historic courtyards, former factories, deconsecrated churches or venues created specifically for one edition of the festival. That exceptional character is one of the Biennial&#8217;s great strengths, but it can also create the wrong impression: that outside those dates flamenco is reduced to a smaller offer.<\/p>\n<p>In reality, they are two different models. <strong>The Biennial is an extraordinary event; tablaos and flamenco venues form the city&#8217;s permanent infrastructure.<\/strong><\/p>\n<p>After 3 October there is no longer any need to build your visit around the festival&#8217;s official schedule. Instead, it becomes much easier to plan a flamenco evening freely: choose the area, session, type of venue, proximity to the stage and show format according to the rest of your sightseeing itinerary.<\/p>\n<p>Visitors should also bear in mind that tablao line-ups do not usually work like the fixed cast of a theatre production. Artistic line-ups can vary, and that rotation is part of the professional nature of these venues.<\/p>\n<p>So, when choosing after the Biennial, it is better to focus less on chasing one particular name and more on <strong>choosing a venue, experience and format that fit what you are looking for<\/strong>.<\/p>\n<\/div><\/div><\/div><\/div><\/div><div class=\"vc_col-sm-6 wpb_column vc_column_container\"><div class=\"vc_column-inner\"><div class=\"wpb_wrapper\"><div class=\"wpb_text_column\"><div class=\"wpb_wrapper\"><h2 id=\"tablaos\">Tablaos: the easiest way to keep seeing flamenco<\/h2>\n<p>For a visitor who wants to secure a flamenco evening after the Biennial, a tablao is usually the most practical option. Its main advantage is <strong>regularity<\/strong>: while a theatre recital, pe\u00f1a or festival depends on a specific date, tablaos maintain stable or very frequent schedules for much of the year.<\/p>\n<p>That does not mean all tablaos are the same. Seville offers everything from historic venues with decades of history to contemporary rooms, small cultural spaces and theatres specifically devoted to flamenco.<\/p>\n<p>A good flamenco ensemble lets you hear and see the three essential pillars of a live show: <strong>singing, dance and guitar<\/strong>. Depending on the venue, palmas, percussion or other elements may be added, but what matters is that the experience is built around real performers and their interaction.<\/p>\n<p>If it is your first time, it is usually better to choose the show for its quality and type of venue rather than for secondary services. Dinner can be a convenient option in some places, but it is not necessary to enjoy flamenco. If the stage is your priority, a good strategy is to <strong>book the show and arrange tapas or dinner before or afterwards<\/strong>.<\/p>\n<p>You can see the city&#8217;s current selection on our <a href=\"https:\/\/www.tablaosflamencos.com\/en\/flamenco-in-seville\"><strong>flamenco in Seville<\/strong><\/a> page and also learn how the process works in <a href=\"https:\/\/www.tablaosflamencos.com\/en\/how-to-book\"><strong>How to book<\/strong><\/a>.<\/p>\n<\/div><\/div><\/div><\/div><\/div><\/div><\/div><\/section><section class=\"l-section wpb_row height_huge\"><div class=\"l-section-h i-cf\"><div class=\"g-cols vc_row via_flex valign_top type_default stacking_default\"><div class=\"vc_col-sm-12 wpb_column vc_column_container\"><div class=\"vc_column-inner\"><div class=\"wpb_wrapper\"><div class=\"wpb_text_column\"><div class=\"wpb_wrapper\"><h2 id=\"donde-ver\">Where to keep seeing flamenco in Seville after the Biennial<\/h2>\n<p>There is no single \u201cbest tablao\u201d for everyone. The choice depends on whether you want tradition, intimacy, a broader visual production, a particular location or an experience combined with other plans. These are some of the venues that form part of Seville&#8217;s regular flamenco offer and can serve as a reference when planning your visit:<\/p>\n<div style=\"overflow-x: auto;\">\n<table>\n<thead>\n<tr>\n<th>Venue<\/th>\n<th>Area<\/th>\n<th>May suit you if you are looking for&#8230;<\/th>\n<\/tr>\n<\/thead>\n<tbody>\n<tr>\n<td><a href=\"https:\/\/www.tablaosflamencos.com\/en\/tablao\/tablao-flamenco-las-setas\"><strong>Tablao Flamenco Las Setas<\/strong><\/a><\/td>\n<td>Las Setas \/ Encarnaci\u00f3n<\/td>\n<td>A central location, polished format and the option to include the show in a route through the city centre.<\/td>\n<\/tr>\n<tr>\n<td><a href=\"https:\/\/www.tablaosflamencos.com\/en\/tablao\/tablao-flamenco-la-cantaora\"><strong>Tablao Flamenco La Cantaora<\/strong><\/a><\/td>\n<td>Plaza Nueva \/ City centre<\/td>\n<td>Combining flamenco and gastronomy in a single booking.<\/td>\n<\/tr>\n<tr>\n<td><a href=\"https:\/\/www.tablaosflamencos.com\/en\/tablao\/casa-duende-tablao\"><strong>Casa Duende Tablao<\/strong><\/a><\/td>\n<td>City centre<\/td>\n<td>A small-scale venue with very close proximity to the artists.<\/td>\n<\/tr>\n<tr>\n<td><a href=\"https:\/\/www.tablaosflamencos.com\/en\/tablao\/tablao-flamenco-las-duenas\"><strong>Tablao Flamenco Las Due\u00f1as<\/strong><\/a><\/td>\n<td>Santa Catalina \/ Due\u00f1as<\/td>\n<td>An intimate format opposite the Palacio de las Due\u00f1as.<\/td>\n<\/tr>\n<tr>\n<td><a href=\"https:\/\/www.tablaosflamencos.com\/en\/tablao\/tablao-flamenco-casa-inquieta\"><strong>Tablao Flamenco Casa Inquieta<\/strong><\/a><\/td>\n<td>Calle Zaragoza \/ City centre<\/td>\n<td>A 19th-century mansion with a close-up flamenco ensemble.<\/td>\n<\/tr>\n<tr>\n<td><a href=\"https:\/\/www.tablaosflamencos.com\/en\/tablao\/casa-flamenco-azahar\"><strong>Casa Flamenco Azahar<\/strong><\/a><\/td>\n<td>Santa Cruz<\/td>\n<td>A particularly intimate experience, with a very small capacity and no amplification.<\/td>\n<\/tr>\n<tr>\n<td><a href=\"https:\/\/www.tablaosflamencos.com\/en\/tablao\/tablao-flamenco-el-jardin-de-murillo\"><strong>Tablao Flamenco El Jard\u00edn de Murillo<\/strong><\/a><\/td>\n<td>Santa Cruz \/ Jardines de Murillo<\/td>\n<td>Fitting flamenco in after visiting the Alc\u00e1zar, Cathedral and Santa Cruz.<\/td>\n<\/tr>\n<tr>\n<td><a href=\"https:\/\/www.tablaosflamencos.com\/en\/tablao\/baraka-sala-flamenca\"><strong>Baraka Sala Flamenca<\/strong><\/a><\/td>\n<td>Triana<\/td>\n<td>Traditional flamenco in Triana with the artists very close to the audience.<\/td>\n<\/tr>\n<tr>\n<td><a href=\"https:\/\/www.tablaosflamencos.com\/en\/tablao\/tablao-flamenco-triana\"><strong>Tablao Flamenco Triana<\/strong><\/a><\/td>\n<td>Triana<\/td>\n<td>Completing an evening in the neighbourhood with singing, guitar and dance near the Guadalquivir.<\/td>\n<\/tr>\n<\/tbody>\n<\/table>\n<\/div>\n<p>This list is not intended to cover every option in the city. Seville has other tablaos, rooms and cultural venues, and availability changes depending on the date. The aim is to show that once the Biennial has ended, <strong>there are still many very different options<\/strong>.<\/p>\n<p>The most reliable way to choose is to check the sessions available for your specific date and compare location, approximate duration, venue size and type of experience before booking.<\/p>\n<\/div><\/div><\/div><\/div><\/div><\/div><\/div><\/section><section class=\"l-section wpb_row height_huge color_alternate with_shape\"><div class=\"l-section-shape type_zigzag pos_top hor_flip\" style=\"height:3vmin;\"><svg xmlns=\"http:\/\/www.w3.org\/2000\/svg\" viewBox=\"0 0 64 8\" preserveAspectRatio=\"none\" width=\"100%\" height=\"100%\">\r\n\t<path fill=\"currentColor\" d=\"M64 8 L0 8 L0 0 L20 7.9 L40 3 L48 5 L64 0 Z\"\/>\r\n<\/svg><\/div><div class=\"l-section-shape type_zigzag pos_bottom\" style=\"height:3vmin;\"><svg xmlns=\"http:\/\/www.w3.org\/2000\/svg\" viewBox=\"0 0 64 8\" preserveAspectRatio=\"none\" width=\"100%\" height=\"100%\">\r\n\t<path fill=\"currentColor\" d=\"M64 8 L0 8 L0 0 L20 7.9 L40 3 L48 5 L64 0 Z\"\/>\r\n<\/svg><\/div><div class=\"l-section-h i-cf\"><div class=\"g-cols vc_row via_flex valign_top type_default stacking_default\"><div class=\"vc_col-sm-6 wpb_column vc_column_container\"><div class=\"vc_column-inner\"><div class=\"wpb_wrapper\"><div class=\"wpb_text_column\"><div class=\"wpb_wrapper\"><h2 id=\"triana\">Triana after the Biennial: cross the river to keep enjoying flamenco<\/h2>\n<p>Triana holds a special place in Seville&#8217;s flamenco history and imagination. During the Biennial it may be linked to extraordinary venues and specific projects; outside the festival, the neighbourhood remains one of the most interesting places to build flamenco into a Sevillian evening.<\/p>\n<p>The advantage of choosing Triana is not just the show. It allows you to create a complete walking itinerary: cross the Isabel II Bridge, explore the area around Calle Betis, enter the neighbourhood via San Jacinto or Pureza and finish the evening at a flamenco venue.<\/p>\n<p>Through our portal you can book two regular options in the neighbourhood directly: <a href=\"https:\/\/www.tablaosflamencos.com\/en\/tablao\/baraka-sala-flamenca\"><strong>Baraka Sala Flamenca<\/strong><\/a>, on Calle Pureza, and <a href=\"https:\/\/www.tablaosflamencos.com\/en\/tablao\/tablao-flamenco-triana\"><strong>Tablao Flamenco Triana<\/strong><\/a>. Both let you plan an evening in Triana around a confirmed performance and complete the experience by walking around the neighbourhood before or afterwards.<\/p>\n<p>If your aim is to book with certainty, it is worth distinguishing between <strong>a show with a confirmed session<\/strong> and the more open possibility of finding spontaneous flamenco activity. For a short trip, booking first and leaving the unexpected as an extra is usually the most practical decision.<\/p>\n<p>See our dedicated guide to <a href=\"https:\/\/www.tablaosflamencos.com\/en\/flamenco-in-triana\"><strong>flamenco in Triana<\/strong><\/a> for more ideas for this part of your trip.<\/p>\n<\/div><\/div><\/div><\/div><\/div><div class=\"vc_col-sm-6 wpb_column vc_column_container\"><div class=\"vc_column-inner\"><div class=\"wpb_wrapper\"><div class=\"wpb_text_column\"><div class=\"wpb_wrapper\"><h2 id=\"intimo\">If you want an intimate format: less distance, more detail<\/h2>\n<p>One of the experiences that most surprises people coming from the Biennial&#8217;s major theatres is moving into a small venue. The change of scale completely alters perception: you hear the breathing, the calls between performers, the strike of the foot on the floor and the responses of the ensemble with a proximity that a large stage cannot reproduce in the same way.<\/p>\n<p>Among the options on our portal that best fit this idea are <a href=\"https:\/\/www.tablaosflamencos.com\/en\/tablao\/casa-flamenco-azahar\"><strong>Casa Flamenco Azahar<\/strong><\/a>, with a very small maximum capacity and no microphones, and <a href=\"https:\/\/www.tablaosflamencos.com\/en\/tablao\/casa-duende-tablao\"><strong>Casa Duende Tablao<\/strong><\/a>, also geared towards a very close-up experience. For visitors interested in flamenco singing, guitar or watching how the dance is built at close range, this type of format can be especially rewarding.<\/p>\n<p>Intimacy, however, should not be confused with tourist improvisation. A small venue can offer a highly professional show. What matters is whether there is a defined programme, a suitable stage and a clearly announced artistic ensemble.<\/p>\n<p>There is also a practical consequence: <strong>the smaller the capacity, the more important it is to book<\/strong>. In autumn, public holidays, weekends and dates with conferences or major events in Seville can create strong demand even after the Biennial has ended.<\/p>\n<\/div><\/div><\/div><\/div><\/div><\/div><\/div><\/section><section class=\"l-section wpb_row height_huge\"><div class=\"l-section-h i-cf\"><div class=\"g-cols vc_row via_flex valign_top type_default stacking_default\"><div class=\"vc_col-sm-6 wpb_column vc_column_container\"><div class=\"vc_column-inner\"><div class=\"wpb_wrapper\"><div class=\"wpb_text_column\"><div class=\"wpb_wrapper\"><h2 id=\"gran-formato\">If you miss the Biennial&#8217;s large-scale format<\/h2>\n<p>Anyone who has attended a major Biennial production at the Maestranza, Lope de Vega or Teatro Central should bear in mind that the usual tablao format is different. A tablao does not try to reproduce a festival theatre production: its strength lies in proximity, rotating artists and the direct relationship between singing, guitar and dance.<\/p>\n<p>Even so, our own catalogue includes options with a more structured staging or broader experience. <a href=\"https:\/\/www.tablaosflamencos.com\/en\/tablao\/tablao-flamenco-las-setas\"><strong>Tablao Flamenco Las Setas<\/strong><\/a> combines a contemporary setting with a carefully produced show; and <a href=\"https:\/\/www.tablaosflamencos.com\/en\/tablao\/tablao-flamenco-la-cantaora\"><strong>Tablao Flamenco La Cantaora<\/strong><\/a> offers options that combine performance and gastronomy.<\/p>\n<p>If you prefer architecture to be part of the plan, <a href=\"https:\/\/www.tablaosflamencos.com\/en\/tablao\/tablao-flamenco-casa-inquieta\"><strong>Casa Inquieta<\/strong><\/a> stages its show in a 19th-century mansion, making the building itself part of the flamenco experience.<\/p>\n<p>There is no automatic hierarchy between large and small venues. They are different experiences. The useful question is: <strong>do you want to feel flamenco just a few metres away, or would you prefer a broader, more theatrical production?<\/strong><\/p>\n<\/div><\/div><\/div><\/div><\/div><div class=\"vc_col-sm-6 wpb_column vc_column_container\"><div class=\"vc_column-inner\"><div class=\"wpb_wrapper\"><div class=\"wpb_text_column\"><div class=\"wpb_wrapper\"><h2 id=\"elegir\">How to choose a good show after the Biennial<\/h2>\n<p>The enormous quality and diversity of a Biennial can raise expectations considerably. To choose well after the festival, it is useful to change the comparison criterion: do not look for a replica of an extraordinary production, but for a good live flamenco experience.<\/p>\n<p><strong>1. Check that the show includes singing, dance and guitar.<\/strong> For a first introduction, a complete ensemble helps you understand how the three languages interact.<\/p>\n<p><strong>2. Choose the scale of venue you prefer.<\/strong> A small space offers intimacy; a larger room may offer a more spectacular staging.<\/p>\n<p><strong>3. Prioritise the show over dinner if flamenco is your main reason for going.<\/strong> You can have dinner or tapas before or afterwards and devote the performance entirely to watching and listening.<\/p>\n<p><strong>4. Do not base the whole decision on a single artist.<\/strong> Line-ups may vary. In a professional tablao, part of the appeal is precisely discovering different combinations of performers.<\/p>\n<p><strong>5. Consider the location within your itinerary.<\/strong> Santa Cruz, Arenal, Encarnaci\u00f3n, the city centre and Triana offer very different experiences before and after the show.<\/p>\n<p><strong>6. Book online.<\/strong> The end of the festival does not mean demand disappears. Seville receives visitors throughout the autumn and certain sessions can sell out.<\/p>\n<p><strong>7. If you are travelling with children, check the venue&#8217;s conditions.<\/strong> Many shows welcome families, but minimum ages and conditions can vary from one venue to another.<\/p>\n<p>If you have questions about the process, see <a href=\"https:\/\/www.tablaosflamencos.com\/en\/how-to-book\"><strong>how to book<\/strong><\/a> and our <a href=\"https:\/\/www.tablaosflamencos.com\/en\/terms-of-sale-and-cancellation\"><strong>sales terms<\/strong><\/a> before confirming.<\/p>\n<\/div><\/div><\/div><\/div><\/div><\/div><\/div><\/section><section class=\"l-section wpb_row height_huge color_alternate with_shape\"><div class=\"l-section-shape type_zigzag pos_top hor_flip\" style=\"height:3vmin;\"><svg xmlns=\"http:\/\/www.w3.org\/2000\/svg\" viewBox=\"0 0 64 8\" preserveAspectRatio=\"none\" width=\"100%\" height=\"100%\">\r\n\t<path fill=\"currentColor\" d=\"M64 8 L0 8 L0 0 L20 7.9 L40 3 L48 5 L64 0 Z\"\/>\r\n<\/svg><\/div><div class=\"l-section-shape type_zigzag pos_bottom\" style=\"height:3vmin;\"><svg xmlns=\"http:\/\/www.w3.org\/2000\/svg\" viewBox=\"0 0 64 8\" preserveAspectRatio=\"none\" width=\"100%\" height=\"100%\">\r\n\t<path fill=\"currentColor\" d=\"M64 8 L0 8 L0 0 L20 7.9 L40 3 L48 5 L64 0 Z\"\/>\r\n<\/svg><\/div><div class=\"l-section-h i-cf\"><div class=\"g-cols vc_row via_flex valign_top type_default stacking_default\"><div class=\"vc_col-sm-6 wpb_column vc_column_container\"><div class=\"vc_column-inner\"><div class=\"wpb_wrapper\"><div class=\"wpb_text_column\"><div class=\"wpb_wrapper\"><h2 id=\"plan\">A simple plan for a flamenco evening in Seville after 3 October<\/h2>\n<p>If you only have one evening, there is no need to overcomplicate the itinerary. An effective approach is to choose the show first and build the rest around it.<\/p>\n<p><strong>Historic centre option:<\/strong> walk around the Cathedral, Santa Cruz or the City Hall area; have tapas before the show; see a performance at a central tablao; then take an evening stroll through the old town.<\/p>\n<p><strong>Arenal option:<\/strong> walk along the Guadalquivir and by the Torre del Oro; have dinner or tapas nearby; see a flamenco show; then walk back towards Puerta Jerez or the centre.<\/p>\n<p><strong>Encarnaci\u00f3n option:<\/strong> visit the area around Las Setas; have an early dinner in the centre; see the show; then continue the evening through the streets of the historic centre.<\/p>\n<p><strong>Triana option:<\/strong> cross the Isabel II Bridge at sunset; walk around the neighbourhood; see a flamenco show; finish with a drink or late dinner in Triana.<\/p>\n<p>This approach has one advantage: it avoids relying on finding flamenco spontaneously. First you secure the performance, then you leave room for the city to provide the unexpected.<\/p>\n<\/div><\/div><\/div><\/div><\/div><div class=\"vc_col-sm-6 wpb_column vc_column_container\"><div class=\"vc_column-inner\"><div class=\"wpb_wrapper\"><div class=\"wpb_text_column\"><div class=\"wpb_wrapper\"><h2 id=\"mas-alla\">Beyond the tablao: pe\u00f1as, theatres and occasional programmes<\/h2>\n<p>After the Biennial, flamenco also continues outside venues with daily programming. Seville and its province have <strong>flamenco pe\u00f1as, cultural series, theatres and festivals<\/strong> that organise recitals and activities throughout the year.<\/p>\n<p>For an enthusiast, these events can be extraordinary. However, they do not work in the same way as a tablao. They may take place once a month, be concentrated on certain weekends or have specific access conditions. They are therefore an excellent second layer for anyone with time to research the calendar, but not always the safest option for a visitor who needs flamenco on a specific night.<\/p>\n<p>It is also worth keeping an eye on Seville&#8217;s theatre programmes. The end of the Biennial does not mean the Maestranza, Lope de Vega, Central or Alameda stop hosting flamenco; they simply return to their general seasons, where the genre shares space with music, dance and theatre.<\/p>\n<p>The fundamental difference is availability: <strong>tablaos provide continuity; cultural programmes provide one-off events<\/strong>. Both can fit perfectly into the same trip.<\/p>\n<\/div><\/div><\/div><\/div><\/div><\/div><\/div><\/section><section class=\"l-section wpb_row height_huge\"><div class=\"l-section-h i-cf\"><div class=\"g-cols vc_row via_flex valign_top type_default stacking_default\"><div class=\"vc_col-sm-12 wpb_column vc_column_container\"><div class=\"vc_column-inner\"><div class=\"wpb_wrapper\"><div class=\"wpb_text_column\"><div class=\"wpb_wrapper\"><h2>Are you coming just after the Biennial?<\/h2>\n<p>The first days of October can be especially interesting. Seville still retains the atmosphere of the previous weeks, some specialist audiences remain in the city and the autumn tourist season keeps the centre very active.<\/p>\n<p>If your trip begins once the Biennial has ended, there is no reason to change your dates simply because you think you have missed flamenco. The experience will be different, but you will still be able to see professional shows and will also have much more freedom to combine flamenco with monuments, gastronomy and Seville&#8217;s neighbourhoods.<\/p>\n<p>If you were looking for alternatives during the Biennial because tickets were unavailable, you can also see our guide <a href=\"https:\/\/www.tablaosflamencos.com\/en\/biennial-sold-out-where-see-flamenco-tonight-seville.html\"><strong>Biennial sold out: where to see flamenco in Seville today<\/strong><\/a>. Many of the ideas remain useful after the festival because they are based precisely on the city&#8217;s permanent flamenco offer.<\/p>\n<\/div><\/div><div class=\"w-separator size_medium\"><\/div><div class=\"w-hwrapper valign_top wrap align_center\" style=\"--hwrapper-gap:1.2rem\"><div class=\"w-btn-wrapper align_none\"><a class=\"w-btn us-btn-style_1\" href=\"https:\/\/www.tablaosflamencos.com\/en\/flamenco-in-seville\"><span class=\"w-btn-label\">Compare flamenco in Seville<\/span><\/a><\/div><div class=\"w-btn-wrapper align_none\"><a class=\"w-btn us-btn-style_11\" href=\"https:\/\/www.tablaosflamencos.com\/en\/flamenco-in-triana\"><span class=\"w-btn-label\">Flamenco in Triana<\/span><\/a><\/div><\/div><\/div><\/div><\/div><\/div><\/div><\/section><section class=\"l-section wpb_row height_huge color_alternate with_shape\"><div class=\"l-section-shape type_zigzag pos_top hor_flip\" style=\"height:3vmin;\"><svg xmlns=\"http:\/\/www.w3.org\/2000\/svg\" viewBox=\"0 0 64 8\" preserveAspectRatio=\"none\" width=\"100%\" height=\"100%\">\r\n\t<path fill=\"currentColor\" d=\"M64 8 L0 8 L0 0 L20 7.9 L40 3 L48 5 L64 0 Z\"\/>\r\n<\/svg><\/div><div class=\"l-section-shape type_zigzag pos_bottom\" style=\"height:3vmin;\"><svg xmlns=\"http:\/\/www.w3.org\/2000\/svg\" viewBox=\"0 0 64 8\" preserveAspectRatio=\"none\" width=\"100%\" height=\"100%\">\r\n\t<path fill=\"currentColor\" d=\"M64 8 L0 8 L0 0 L20 7.9 L40 3 L48 5 L64 0 Z\"\/>\r\n<\/svg><\/div><div class=\"l-section-h i-cf\"><div class=\"g-cols vc_row via_flex valign_top type_default stacking_default\"><div class=\"vc_col-sm-1\/5 wpb_column vc_column_container\"><div class=\"vc_column-inner\"><div class=\"wpb_wrapper\"><\/div><\/div><\/div><div class=\"vc_col-sm-3\/5 wpb_column vc_column_container\"><div class=\"vc_column-inner\"><div class=\"wpb_wrapper\"><div class=\"wpb_text_column\"><div class=\"wpb_wrapper\"><h2 id=\"faq\">Frequently asked questions about where to see flamenco after the Biennial<\/h2>\n<\/div><\/div><div class=\"w-separator size_medium\"><\/div><div class=\"w-tabs accordion toggle_style_1 has_scrolling\" style=\"--sections-title-size:inherit;--sections-gap:0.5rem;\"><div class=\"w-tabs-sections titles-align_none icon_plus cpos_left\"><div class=\"w-tabs-section\" id=\"tab6\" itemscope itemprop=\"mainEntity\" itemtype=\"https:\/\/schema.org\/Question\"><button type=\"button\" class=\"w-tabs-section-header\" aria-controls=\"content-tab6\" aria-expanded=\"false\"><h3 class=\"w-tabs-section-title\" itemprop=\"name\">Can you still see flamenco in Seville when the Biennial ends?<\/h3><div class=\"w-tabs-section-control\"><\/div><\/button><div  class=\"w-tabs-section-content\" id=\"content-tab6\" itemscope itemprop=\"acceptedAnswer\" itemtype=\"https:\/\/schema.org\/Answer\"><div class=\"w-tabs-section-content-h i-cf\" itemprop=\"text\"><div class=\"wpb_text_column\"><div class=\"wpb_wrapper\"><p>Yes. The Biennial ends on 3 October 2026, but Seville maintains a wide range of tablaos, flamenco theatres and cultural venues with regular programming throughout the rest of the year. What ends is the festival&#8217;s extraordinary schedule, not the city&#8217;s flamenco activity.<\/p>\n<\/div><\/div><\/div><\/div><\/div><div class=\"w-tabs-section\" id=\"ic2d\" itemscope itemprop=\"mainEntity\" itemtype=\"https:\/\/schema.org\/Question\"><button type=\"button\" class=\"w-tabs-section-header\" aria-controls=\"content-ic2d\" aria-expanded=\"false\"><h3 class=\"w-tabs-section-title\" itemprop=\"name\">Where can I see flamenco in Seville from 4 October 2026 onwards?<\/h3><div class=\"w-tabs-section-control\"><\/div><\/button><div  class=\"w-tabs-section-content\" id=\"content-ic2d\" itemscope itemprop=\"acceptedAnswer\" itemtype=\"https:\/\/schema.org\/Answer\"><div class=\"w-tabs-section-content-h i-cf\" itemprop=\"text\"><div class=\"wpb_text_column\"><div class=\"wpb_wrapper\"><p>You can book directly through our portal at venues such as <a href=\"https:\/\/www.tablaosflamencos.com\/en\/tablao\/tablao-flamenco-las-setas\">Tablao Flamenco Las Setas<\/a>, <a href=\"https:\/\/www.tablaosflamencos.com\/en\/tablao\/tablao-flamenco-la-cantaora\">La Cantaora<\/a>, <a href=\"https:\/\/www.tablaosflamencos.com\/en\/tablao\/casa-duende-tablao\">Casa Duende<\/a>, <a href=\"https:\/\/www.tablaosflamencos.com\/en\/tablao\/tablao-flamenco-las-duenas\">Las Due\u00f1as<\/a>, <a href=\"https:\/\/www.tablaosflamencos.com\/en\/tablao\/tablao-flamenco-casa-inquieta\">Casa Inquieta<\/a>, <a href=\"https:\/\/www.tablaosflamencos.com\/en\/tablao\/casa-flamenco-azahar\">Casa Flamenco Azahar<\/a>, <a href=\"https:\/\/www.tablaosflamencos.com\/en\/tablao\/tablao-flamenco-el-jardin-de-murillo\">El Jard\u00edn de Murillo<\/a>, <a href=\"https:\/\/www.tablaosflamencos.com\/en\/tablao\/baraka-sala-flamenca\">Baraka Sala Flamenca<\/a> or <a href=\"https:\/\/www.tablaosflamencos.com\/en\/tablao\/tablao-flamenco-triana\">Tablao Flamenco Triana<\/a>. Always check availability for your specific date.<\/p>\n<\/div><\/div><\/div><\/div><\/div><div class=\"w-tabs-section\" id=\"ed39\" itemscope itemprop=\"mainEntity\" itemtype=\"https:\/\/schema.org\/Question\"><button type=\"button\" class=\"w-tabs-section-header\" aria-controls=\"content-ed39\" aria-expanded=\"false\"><h3 class=\"w-tabs-section-title\" itemprop=\"name\">Do Biennial artists also perform in tablaos?<\/h3><div class=\"w-tabs-section-control\"><\/div><\/button><div  class=\"w-tabs-section-content\" id=\"content-ed39\" itemscope itemprop=\"acceptedAnswer\" itemtype=\"https:\/\/schema.org\/Answer\"><div class=\"w-tabs-section-content-h i-cf\" itemprop=\"text\"><div class=\"wpb_text_column\"><div class=\"wpb_wrapper\"><p>Many professional artists alternate throughout their careers between tablaos, companies, festivals, tours and theatres. However, line-ups change and you should not assume that a particular Biennial artist will perform at a tablao on a given date. It is better to check the available programme.<\/p>\n<\/div><\/div><\/div><\/div><\/div><div class=\"w-tabs-section\" id=\"ae40\" itemscope itemprop=\"mainEntity\" itemtype=\"https:\/\/schema.org\/Question\"><button type=\"button\" class=\"w-tabs-section-header\" aria-controls=\"content-ae40\" aria-expanded=\"false\"><h3 class=\"w-tabs-section-title\" itemprop=\"name\">Is a small tablao better than a large one?<\/h3><div class=\"w-tabs-section-control\"><\/div><\/button><div  class=\"w-tabs-section-content\" id=\"content-ae40\" itemscope itemprop=\"acceptedAnswer\" itemtype=\"https:\/\/schema.org\/Answer\"><div class=\"w-tabs-section-content-h i-cf\" itemprop=\"text\"><div class=\"wpb_text_column\"><div class=\"wpb_wrapper\"><p>It depends on the experience you want. A small venue offers greater proximity to the singing, guitar and dance. A larger room may offer broader staging. No size is automatically better for everyone.<\/p>\n<\/div><\/div><\/div><\/div><\/div><div class=\"w-tabs-section\" id=\"jf68\" itemscope itemprop=\"mainEntity\" itemtype=\"https:\/\/schema.org\/Question\"><button type=\"button\" class=\"w-tabs-section-header\" aria-controls=\"content-jf68\" aria-expanded=\"false\"><h3 class=\"w-tabs-section-title\" itemprop=\"name\">Is it worth seeing flamenco in Triana after the Biennial?<\/h3><div class=\"w-tabs-section-control\"><\/div><\/button><div  class=\"w-tabs-section-content\" id=\"content-jf68\" itemscope itemprop=\"acceptedAnswer\" itemtype=\"https:\/\/schema.org\/Answer\"><div class=\"w-tabs-section-content-h i-cf\" itemprop=\"text\"><div class=\"wpb_text_column\"><div class=\"wpb_wrapper\"><p>Yes. Triana is one of the areas most closely linked to Seville&#8217;s flamenco history and has a regular performance offer as well as occasional cultural programming. For a visitor, it is advisable to book a confirmed show first and then complete the evening by exploring the neighbourhood.<\/p>\n<\/div><\/div><\/div><\/div><\/div><div class=\"w-tabs-section\" id=\"q03c\" itemscope itemprop=\"mainEntity\" itemtype=\"https:\/\/schema.org\/Question\"><button type=\"button\" class=\"w-tabs-section-header\" aria-controls=\"content-q03c\" aria-expanded=\"false\"><h3 class=\"w-tabs-section-title\" itemprop=\"name\">Do I need to book flamenco in advance in October?<\/h3><div class=\"w-tabs-section-control\"><\/div><\/button><div  class=\"w-tabs-section-content\" id=\"content-q03c\" itemscope itemprop=\"acceptedAnswer\" itemtype=\"https:\/\/schema.org\/Answer\"><div class=\"w-tabs-section-content-h i-cf\" itemprop=\"text\"><div class=\"wpb_text_column\"><div class=\"wpb_wrapper\"><p>It is advisable. Although the Biennial has ended, Seville still has strong tourist demand in autumn and smaller venues can sell out certain sessions, especially at weekends, on public holidays and during major events.<\/p>\n<\/div><\/div><\/div><\/div><\/div><div class=\"w-tabs-section\" id=\"g12b\" itemscope itemprop=\"mainEntity\" itemtype=\"https:\/\/schema.org\/Question\"><button type=\"button\" class=\"w-tabs-section-header\" aria-controls=\"content-g12b\" aria-expanded=\"false\"><h3 class=\"w-tabs-section-title\" itemprop=\"name\">Do I need to book dinner with the show?<\/h3><div class=\"w-tabs-section-control\"><\/div><\/button><div  class=\"w-tabs-section-content\" id=\"content-g12b\" itemscope itemprop=\"acceptedAnswer\" itemtype=\"https:\/\/schema.org\/Answer\"><div class=\"w-tabs-section-content-h i-cf\" itemprop=\"text\"><div class=\"wpb_text_column\"><div class=\"wpb_wrapper\"><p>No. If flamenco is your priority, you can book just the show whenever the venue offers that option and arrange dinner or tapas before or afterwards. Choosing dinner and a show is a matter of convenience and preference, not a requirement for enjoying a good performance.<\/p>\n<\/div><\/div><\/div><\/div><\/div><div class=\"w-tabs-section\" id=\"t21f\" itemscope itemprop=\"mainEntity\" itemtype=\"https:\/\/schema.org\/Question\"><button type=\"button\" class=\"w-tabs-section-header\" aria-controls=\"content-t21f\" aria-expanded=\"false\"><h3 class=\"w-tabs-section-title\" itemprop=\"name\">Is there flamenco outside tablaos after the Biennial?<\/h3><div class=\"w-tabs-section-control\"><\/div><\/button><div  class=\"w-tabs-section-content\" id=\"content-t21f\" itemscope itemprop=\"acceptedAnswer\" itemtype=\"https:\/\/schema.org\/Answer\"><div class=\"w-tabs-section-content-h i-cf\" itemprop=\"text\"><div class=\"wpb_text_column\"><div class=\"wpb_wrapper\"><p>Yes. There may be recitals in theatres, pe\u00f1as, cultural centres, festivals and occasional series. The difference is that these activities are not always daily, so it is worth checking the calendar in advance.<\/p>\n<\/div><\/div><\/div><\/div><\/div><div class=\"w-tabs-section\" id=\"o326\" itemscope itemprop=\"mainEntity\" itemtype=\"https:\/\/schema.org\/Question\"><button type=\"button\" class=\"w-tabs-section-header\" aria-controls=\"content-o326\" aria-expanded=\"false\"><h3 class=\"w-tabs-section-title\" itemprop=\"name\">Can I take children to a flamenco show?<\/h3><div class=\"w-tabs-section-control\"><\/div><\/button><div  class=\"w-tabs-section-content\" id=\"content-o326\" itemscope itemprop=\"acceptedAnswer\" itemtype=\"https:\/\/schema.org\/Answer\"><div class=\"w-tabs-section-content-h i-cf\" itemprop=\"text\"><div class=\"wpb_text_column\"><div class=\"wpb_wrapper\"><p>Many venues welcome families, but conditions and minimum ages vary. Before booking, check the specific conditions of the show you choose.<\/p>\n<\/div><\/div><\/div><\/div><\/div><div class=\"w-tabs-section\" id=\"h433\" itemscope itemprop=\"mainEntity\" itemtype=\"https:\/\/schema.org\/Question\"><button type=\"button\" class=\"w-tabs-section-header\" aria-controls=\"content-h433\" aria-expanded=\"false\"><h3 class=\"w-tabs-section-title\" itemprop=\"name\">Where can I compare flamenco options in Seville?<\/h3><div class=\"w-tabs-section-control\"><\/div><\/button><div  class=\"w-tabs-section-content\" id=\"content-h433\" itemscope itemprop=\"acceptedAnswer\" itemtype=\"https:\/\/schema.org\/Answer\"><div class=\"w-tabs-section-content-h i-cf\" itemprop=\"text\"><div class=\"wpb_text_column\"><div class=\"wpb_wrapper\"><p>You can visit our <a href=\"https:\/\/www.tablaosflamencos.com\/en\/flamenco-in-seville\"><strong>flamenco in Seville<\/strong><\/a>page, where we bring together options so you can compare and organise your booking according to your travel date.<\/p>\n<\/div><\/div><\/div><\/div><\/div><\/div><\/div><\/div><\/div><\/div><div class=\"vc_col-sm-1\/5 wpb_column vc_column_container\"><div class=\"vc_column-inner\"><div class=\"wpb_wrapper\"><\/div><\/div><\/div><\/div><\/div><\/section><section class=\"l-section wpb_row height_huge\"><div class=\"l-section-h i-cf\"><div class=\"g-cols vc_row via_flex valign_top type_default stacking_default\"><div class=\"vc_col-sm-12 wpb_column vc_column_container\"><div class=\"vc_column-inner\"><div class=\"wpb_wrapper\"><div class=\"wpb_text_column\"><div class=\"wpb_wrapper\"><h2 style=\"text-align: center;\">The Biennial ends; Seville&#8217;s flamenco continues<\/h2>\n<p style=\"text-align: center;\">The Flamenco Biennial is one of the most intense moments in Seville&#8217;s cultural calendar, but it is not the only time to experience flamenco in the city. Its conclusion marks the end of an extraordinary edition, not the end of the flamenco season.<\/p>\n<p style=\"text-align: center;\">After 3 October, Seville once again shows one of its great strengths: a <strong>stable network of tablaos and performance venues<\/strong> capable of offering flamenco to visitors every week of the year. The experience changes in scale, format and rhythm, but still lets you hear singing, watch dance and feel the guitar from very close range.<\/p>\n<p style=\"text-align: center;\">If you travel after the Biennial, the simplest strategy is to choose the kind of experience you want, <a href=\"https:\/\/www.tablaosflamencos.com\/en\/flamenco-in-seville\"><strong>compare the flamenco shows available in Seville<\/strong><\/a> and book before you arrive. The festival will have said goodbye until its next edition; flamenco will not.<\/p>\n<\/div><\/div><\/div><\/div><\/div><\/div><\/div><\/section>\n","protected":false},"excerpt":{"rendered":"<p>The Biennial ends, but flamenco continues in Seville. A guide to tablaos, Triana venues and regular flamenco shows after 3 October 2026.<\/p>\n","protected":false},"author":1,"featured_media":14271,"comment_status":"closed","ping_status":"closed","sticky":false,"template":"","format":"standard","meta":{"_acf_changed":false,"wpai_generated_summary":"","_ayudawp_aiss_exclude":false,"_ayudawp_aiss_exclude_summary":false,"_ayudawp_aiss_summary":"","_ayudawp_aiss_summary_provider":"","_ayudawp_aiss_summary_hash":"","footnotes":""},"categories":[1427],"tags":[1232,1233,1234,1235,1144,1236],"class_list":["post-14298","post","type-post","status-publish","format-standard","has-post-thumbnail","hentry","category-flamenco-biennial","tag-agenda-flamenca","tag-bienal-2026","tag-bienal-de-flamenco","tag-festivales-flamencos","tag-flamenco-en-sevilla","tag-sevilla"],"acf":[],"yoast_head":"<!-- This site is optimized with the Yoast SEO Premium plugin v28.4 (Yoast SEO v28.4) - https:\/\/yoast.com\/product\/yoast-seo-premium-wordpress\/ -->\n<title>Flamenco in Seville after the Biennial 2026<\/title>\n<meta name=\"description\" content=\"The Biennial ends on 3 October, but flamenco continues in Seville. Guide to tablaos, Triana, regular shows and how to choose and book after the festival.\" \/>\n<meta name=\"robots\" content=\"index, follow, max-snippet:-1, max-image-preview:large, max-video-preview:-1\" \/>\n<link rel=\"canonical\" href=\"https:\/\/www.tablaosflamencos.com\/en\/flamenco-after-biennial-where-to-see-seville.html\" \/>\n<meta property=\"og:locale\" content=\"en_US\" \/>\n<meta property=\"og:type\" content=\"article\" \/>\n<meta property=\"og:title\" content=\"Flamenco after the Biennial: where to keep seeing flamenco in Seville\" \/>\n<meta property=\"og:description\" content=\"The Biennial ends on 3 October, but flamenco continues in Seville. Guide to tablaos, Triana, regular shows and how to choose and book after the festival.\" \/>\n<meta property=\"og:url\" content=\"https:\/\/www.tablaosflamencos.com\/en\/flamenco-after-biennial-where-to-see-seville.html\" \/>\n<meta property=\"og:site_name\" content=\"Tablaos Flamencos\" \/>\n<meta property=\"article:publisher\" content=\"https:\/\/www.facebook.com\/tablaosflamencos\" \/>\n<meta property=\"article:published_time\" content=\"2026-09-03T21:26:41+00:00\" \/>\n<meta property=\"article:modified_time\" content=\"2026-09-03T21:56:46+00:00\" \/>\n<meta property=\"og:image\" content=\"https:\/\/www.tablaosflamencos.com\/wp-content\/uploads\/flamenco-despues-de-la-bienal-donde-seguir-viendo-flamenco-en-sevilla-01.webp\" \/>\n\t<meta property=\"og:image:width\" content=\"1672\" \/>\n\t<meta property=\"og:image:height\" content=\"941\" \/>\n\t<meta property=\"og:image:type\" content=\"image\/webp\" \/>\n<meta name=\"author\" content=\"Miguel Ortiz\" \/>\n<meta name=\"twitter:card\" content=\"summary_large_image\" \/>\n<meta name=\"twitter:creator\" content=\"@tablaosflamenco\" \/>\n<meta name=\"twitter:site\" content=\"@tablaosflamenco\" \/>\n<meta name=\"twitter:label1\" content=\"Written by\" \/>\n\t<meta name=\"twitter:data1\" content=\"Miguel Ortiz\" \/>\n\t<meta name=\"twitter:label2\" content=\"Est. reading time\" \/>\n\t<meta name=\"twitter:data2\" content=\"19 minutes\" \/>\n<script type=\"application\/ld+json\" class=\"yoast-schema-graph\">{\"@context\":\"https:\\\/\\\/schema.org\",\"@graph\":[{\"@type\":\"Article\",\"@id\":\"https:\\\/\\\/www.tablaosflamencos.com\\\/en\\\/flamenco-after-biennial-where-to-see-seville.html#article\",\"isPartOf\":{\"@id\":\"https:\\\/\\\/www.tablaosflamencos.com\\\/en\\\/flamenco-after-biennial-where-to-see-seville.html\"},\"author\":{\"name\":\"Miguel Ortiz\",\"@id\":\"https:\\\/\\\/www.tablaosflamencos.com\\\/en#\\\/schema\\\/person\\\/e7a9ebe14eb75a52ceabfbffb3c54f5d\"},\"headline\":\"Flamenco after the Biennial: where to keep seeing flamenco in Seville\",\"datePublished\":\"2026-09-03T21:26:41+00:00\",\"dateModified\":\"2026-09-03T21:56:46+00:00\",\"mainEntityOfPage\":{\"@id\":\"https:\\\/\\\/www.tablaosflamencos.com\\\/en\\\/flamenco-after-biennial-where-to-see-seville.html\"},\"wordCount\":3814,\"publisher\":{\"@id\":\"https:\\\/\\\/www.tablaosflamencos.com\\\/en#organization\"},\"image\":{\"@id\":\"https:\\\/\\\/www.tablaosflamencos.com\\\/en\\\/flamenco-after-biennial-where-to-see-seville.html#primaryimage\"},\"thumbnailUrl\":\"https:\\\/\\\/www.tablaosflamencos.com\\\/wp-content\\\/uploads\\\/flamenco-despues-de-la-bienal-donde-seguir-viendo-flamenco-en-sevilla-01.webp\",\"keywords\":[\"agenda flamenca\",\"Bienal 2026\",\"Bienal de Flamenco\",\"festivales flamencos\",\"flamenco en Sevilla\",\"sevilla\"],\"articleSection\":[\"Flamenco Biennial\"],\"inLanguage\":\"en-US\"},{\"@type\":\"WebPage\",\"@id\":\"https:\\\/\\\/www.tablaosflamencos.com\\\/en\\\/flamenco-after-biennial-where-to-see-seville.html\",\"url\":\"https:\\\/\\\/www.tablaosflamencos.com\\\/en\\\/flamenco-after-biennial-where-to-see-seville.html\",\"name\":\"Flamenco in Seville after the Biennial 2026\",\"isPartOf\":{\"@id\":\"https:\\\/\\\/www.tablaosflamencos.com\\\/en#website\"},\"primaryImageOfPage\":{\"@id\":\"https:\\\/\\\/www.tablaosflamencos.com\\\/en\\\/flamenco-after-biennial-where-to-see-seville.html#primaryimage\"},\"image\":{\"@id\":\"https:\\\/\\\/www.tablaosflamencos.com\\\/en\\\/flamenco-after-biennial-where-to-see-seville.html#primaryimage\"},\"thumbnailUrl\":\"https:\\\/\\\/www.tablaosflamencos.com\\\/wp-content\\\/uploads\\\/flamenco-despues-de-la-bienal-donde-seguir-viendo-flamenco-en-sevilla-01.webp\",\"datePublished\":\"2026-09-03T21:26:41+00:00\",\"dateModified\":\"2026-09-03T21:56:46+00:00\",\"description\":\"The Biennial ends on 3 October, but flamenco continues in Seville. Guide to tablaos, Triana, regular shows and how to choose and book after the festival.\",\"breadcrumb\":{\"@id\":\"https:\\\/\\\/www.tablaosflamencos.com\\\/en\\\/flamenco-after-biennial-where-to-see-seville.html#breadcrumb\"},\"inLanguage\":\"en-US\",\"potentialAction\":[{\"@type\":\"ReadAction\",\"target\":[\"https:\\\/\\\/www.tablaosflamencos.com\\\/en\\\/flamenco-after-biennial-where-to-see-seville.html\"]}]},{\"@type\":\"ImageObject\",\"inLanguage\":\"en-US\",\"@id\":\"https:\\\/\\\/www.tablaosflamencos.com\\\/en\\\/flamenco-after-biennial-where-to-see-seville.html#primaryimage\",\"url\":\"https:\\\/\\\/www.tablaosflamencos.com\\\/wp-content\\\/uploads\\\/flamenco-despues-de-la-bienal-donde-seguir-viendo-flamenco-en-sevilla-01.webp\",\"contentUrl\":\"https:\\\/\\\/www.tablaosflamencos.com\\\/wp-content\\\/uploads\\\/flamenco-despues-de-la-bienal-donde-seguir-viendo-flamenco-en-sevilla-01.webp\",\"width\":1672,\"height\":941,\"caption\":\"Flamenco despu\u00e9s de la Bienal: d\u00f3nde seguir viendo flamenco en Sevilla\"},{\"@type\":\"BreadcrumbList\",\"@id\":\"https:\\\/\\\/www.tablaosflamencos.com\\\/en\\\/flamenco-after-biennial-where-to-see-seville.html#breadcrumb\",\"itemListElement\":[{\"@type\":\"ListItem\",\"position\":1,\"name\":\"Home\",\"item\":\"https:\\\/\\\/www.tablaosflamencos.com\\\/en\"},{\"@type\":\"ListItem\",\"position\":2,\"name\":\"Flamenco after the Biennial: where to keep seeing flamenco in Seville\"}]},{\"@type\":\"WebSite\",\"@id\":\"https:\\\/\\\/www.tablaosflamencos.com\\\/en#website\",\"url\":\"https:\\\/\\\/www.tablaosflamencos.com\\\/en\",\"name\":\"Tablaos Flamencos\",\"description\":\"Entradas para tablaos flamencos de Espa\u00f1a\",\"publisher\":{\"@id\":\"https:\\\/\\\/www.tablaosflamencos.com\\\/en#organization\"},\"alternateName\":\"Tablaos Flamencos\",\"potentialAction\":[{\"@type\":\"SearchAction\",\"target\":{\"@type\":\"EntryPoint\",\"urlTemplate\":\"https:\\\/\\\/www.tablaosflamencos.com\\\/en?s={search_term_string}\"},\"query-input\":{\"@type\":\"PropertyValueSpecification\",\"valueRequired\":true,\"valueName\":\"search_term_string\"}}],\"inLanguage\":\"en-US\"},{\"@type\":[\"Organization\",\"Place\",\"EntertainmentBusiness\"],\"@id\":\"https:\\\/\\\/www.tablaosflamencos.com\\\/en#organization\",\"name\":\"Tablaos Flamencos\",\"alternateName\":\"Tablaos Flamencos\",\"url\":\"https:\\\/\\\/www.tablaosflamencos.com\\\/en\",\"logo\":{\"@id\":\"https:\\\/\\\/www.tablaosflamencos.com\\\/en\\\/flamenco-after-biennial-where-to-see-seville.html#local-main-organization-logo\"},\"image\":{\"@id\":\"https:\\\/\\\/www.tablaosflamencos.com\\\/en\\\/flamenco-after-biennial-where-to-see-seville.html#local-main-organization-logo\"},\"sameAs\":[\"https:\\\/\\\/www.facebook.com\\\/tablaosflamencos\",\"https:\\\/\\\/x.com\\\/tablaosflamenco\",\"https:\\\/\\\/mastodon.social\\\/@tablaosflamencos\",\"https:\\\/\\\/www.instagram.com\\\/tablaosflamencos\",\"https:\\\/\\\/tiktok.com\\\/@tablaosflamencos\",\"https:\\\/\\\/www.linkedin.com\\\/company\\\/109408238\\\/\"],\"description\":\"Venta de entradas para espect\u00e1culos flamencos\",\"legalName\":\"Tablaos Flamencos\",\"foundingDate\":\"2015-01-01\",\"numberOfEmployees\":{\"@type\":\"QuantitativeValue\",\"minValue\":\"1\",\"maxValue\":\"10\"},\"address\":{\"@id\":\"https:\\\/\\\/www.tablaosflamencos.com\\\/en\\\/flamenco-after-biennial-where-to-see-seville.html#local-main-place-address\"},\"geo\":{\"@type\":\"GeoCoordinates\",\"latitude\":\"37.3868072\",\"longitude\":\"-5.993280299999999\"},\"telephone\":[\"+34623787787\"],\"contactPoint\":{\"@type\":\"ContactPoint\",\"telephone\":\"+34623787787\",\"email\":\"info@tablaosflamencos.com\"},\"openingHoursSpecification\":{\"@type\":\"OpeningHoursSpecification\",\"dayOfWeek\":[\"Monday\",\"Tuesday\",\"Wednesday\",\"Thursday\",\"Friday\",\"Saturday\",\"Sunday\"],\"opens\":\"00:00\",\"closes\":\"23:59\"},\"email\":\"info@tablaosflamencos.com\",\"priceRange\":\"$$$\",\"currenciesAccepted\":\"\u20ac\"},{\"@type\":\"Person\",\"@id\":\"https:\\\/\\\/www.tablaosflamencos.com\\\/en#\\\/schema\\\/person\\\/e7a9ebe14eb75a52ceabfbffb3c54f5d\",\"name\":\"Miguel Ortiz\",\"description\":\"Miguel Ortiz es un empresario flamenco, con una s\u00f3lida trayectoria dentro del sector. Ha presidido entidades culturales vinculadas al flamenco y, cuenta con un amplio recorrido profesional en la gesti\u00f3n y promoci\u00f3n de espect\u00e1culos y tablaos flamencos. Su pasi\u00f3n por la historia y el arte flamenco se refleja en cada art\u00edculo, donde combina experiencia, criterio y un profundo respeto por la tradici\u00f3n.\",\"sameAs\":[\"https:\\\/\\\/www.tablaosflamencos.com\",\"https:\\\/\\\/www.instagra.com\\\/miguelortizfe\",\"https:\\\/\\\/www.linkedin.com\\\/in\\\/miguelortizf\\\/\"],\"birthDate\":\"1984-11-22\",\"gender\":\"hombre\",\"knowsLanguage\":[\"espa\u00f1ol\",\"ingl\u00e9s\"],\"jobTitle\":\"Empresario flamenco\"},{\"@type\":\"PostalAddress\",\"@id\":\"https:\\\/\\\/www.tablaosflamencos.com\\\/en\\\/flamenco-after-biennial-where-to-see-seville.html#local-main-place-address\",\"streetAddress\":\"C\\\/ Alemanes, 19\",\"addressLocality\":\"Sevilla\",\"postalCode\":\"41004\",\"addressRegion\":\"Sevilla\",\"addressCountry\":\"ES\"},{\"@type\":\"ImageObject\",\"inLanguage\":\"en-US\",\"@id\":\"https:\\\/\\\/www.tablaosflamencos.com\\\/en\\\/flamenco-after-biennial-where-to-see-seville.html#local-main-organization-logo\",\"url\":\"https:\\\/\\\/www.tablaosflamencos.com\\\/wp-content\\\/uploads\\\/tablaos-flamencos-06-3.webp\",\"contentUrl\":\"https:\\\/\\\/www.tablaosflamencos.com\\\/wp-content\\\/uploads\\\/tablaos-flamencos-06-3.webp\",\"width\":600,\"height\":620,\"caption\":\"Tablaos Flamencos\"}]}<\/script>\n<meta name=\"geo.placename\" content=\"Sevilla\" \/>\n<meta name=\"geo.position\" content=\"37.3868072;-5.993280299999999\" \/>\n<meta name=\"geo.region\" content=\"Spain\" \/>\n<!-- \/ Yoast SEO Premium plugin. -->","yoast_head_json":{"title":"Flamenco in Seville after the Biennial 2026","description":"The Biennial ends on 3 October, but flamenco continues in Seville. Guide to tablaos, Triana, regular shows and how to choose and book after the festival.","robots":{"index":"index","follow":"follow","max-snippet":"max-snippet:-1","max-image-preview":"max-image-preview:large","max-video-preview":"max-video-preview:-1"},"canonical":"https:\/\/www.tablaosflamencos.com\/en\/flamenco-after-biennial-where-to-see-seville.html","og_locale":"en_US","og_type":"article","og_title":"Flamenco after the Biennial: where to keep seeing flamenco in Seville","og_description":"The Biennial ends on 3 October, but flamenco continues in Seville. Guide to tablaos, Triana, regular shows and how to choose and book after the festival.","og_url":"https:\/\/www.tablaosflamencos.com\/en\/flamenco-after-biennial-where-to-see-seville.html","og_site_name":"Tablaos Flamencos","article_publisher":"https:\/\/www.facebook.com\/tablaosflamencos","article_published_time":"2026-09-03T21:26:41+00:00","article_modified_time":"2026-09-03T21:56:46+00:00","og_image":[{"width":1672,"height":941,"url":"https:\/\/www.tablaosflamencos.com\/wp-content\/uploads\/flamenco-despues-de-la-bienal-donde-seguir-viendo-flamenco-en-sevilla-01.webp","type":"image\/webp"}],"author":"Miguel Ortiz","twitter_card":"summary_large_image","twitter_creator":"@tablaosflamenco","twitter_site":"@tablaosflamenco","twitter_misc":{"Written by":"Miguel Ortiz","Est. reading time":"19 minutes"},"schema":{"@context":"https:\/\/schema.org","@graph":[{"@type":"Article","@id":"https:\/\/www.tablaosflamencos.com\/en\/flamenco-after-biennial-where-to-see-seville.html#article","isPartOf":{"@id":"https:\/\/www.tablaosflamencos.com\/en\/flamenco-after-biennial-where-to-see-seville.html"},"author":{"name":"Miguel Ortiz","@id":"https:\/\/www.tablaosflamencos.com\/en#\/schema\/person\/e7a9ebe14eb75a52ceabfbffb3c54f5d"},"headline":"Flamenco after the Biennial: where to keep seeing flamenco in Seville","datePublished":"2026-09-03T21:26:41+00:00","dateModified":"2026-09-03T21:56:46+00:00","mainEntityOfPage":{"@id":"https:\/\/www.tablaosflamencos.com\/en\/flamenco-after-biennial-where-to-see-seville.html"},"wordCount":3814,"publisher":{"@id":"https:\/\/www.tablaosflamencos.com\/en#organization"},"image":{"@id":"https:\/\/www.tablaosflamencos.com\/en\/flamenco-after-biennial-where-to-see-seville.html#primaryimage"},"thumbnailUrl":"https:\/\/www.tablaosflamencos.com\/wp-content\/uploads\/flamenco-despues-de-la-bienal-donde-seguir-viendo-flamenco-en-sevilla-01.webp","keywords":["agenda flamenca","Bienal 2026","Bienal de Flamenco","festivales flamencos","flamenco en Sevilla","sevilla"],"articleSection":["Flamenco Biennial"],"inLanguage":"en-US"},{"@type":"WebPage","@id":"https:\/\/www.tablaosflamencos.com\/en\/flamenco-after-biennial-where-to-see-seville.html","url":"https:\/\/www.tablaosflamencos.com\/en\/flamenco-after-biennial-where-to-see-seville.html","name":"Flamenco in Seville after the Biennial 2026","isPartOf":{"@id":"https:\/\/www.tablaosflamencos.com\/en#website"},"primaryImageOfPage":{"@id":"https:\/\/www.tablaosflamencos.com\/en\/flamenco-after-biennial-where-to-see-seville.html#primaryimage"},"image":{"@id":"https:\/\/www.tablaosflamencos.com\/en\/flamenco-after-biennial-where-to-see-seville.html#primaryimage"},"thumbnailUrl":"https:\/\/www.tablaosflamencos.com\/wp-content\/uploads\/flamenco-despues-de-la-bienal-donde-seguir-viendo-flamenco-en-sevilla-01.webp","datePublished":"2026-09-03T21:26:41+00:00","dateModified":"2026-09-03T21:56:46+00:00","description":"The Biennial ends on 3 October, but flamenco continues in Seville. Guide to tablaos, Triana, regular shows and how to choose and book after the festival.","breadcrumb":{"@id":"https:\/\/www.tablaosflamencos.com\/en\/flamenco-after-biennial-where-to-see-seville.html#breadcrumb"},"inLanguage":"en-US","potentialAction":[{"@type":"ReadAction","target":["https:\/\/www.tablaosflamencos.com\/en\/flamenco-after-biennial-where-to-see-seville.html"]}]},{"@type":"ImageObject","inLanguage":"en-US","@id":"https:\/\/www.tablaosflamencos.com\/en\/flamenco-after-biennial-where-to-see-seville.html#primaryimage","url":"https:\/\/www.tablaosflamencos.com\/wp-content\/uploads\/flamenco-despues-de-la-bienal-donde-seguir-viendo-flamenco-en-sevilla-01.webp","contentUrl":"https:\/\/www.tablaosflamencos.com\/wp-content\/uploads\/flamenco-despues-de-la-bienal-donde-seguir-viendo-flamenco-en-sevilla-01.webp","width":1672,"height":941,"caption":"Flamenco despu\u00e9s de la Bienal: d\u00f3nde seguir viendo flamenco en Sevilla"},{"@type":"BreadcrumbList","@id":"https:\/\/www.tablaosflamencos.com\/en\/flamenco-after-biennial-where-to-see-seville.html#breadcrumb","itemListElement":[{"@type":"ListItem","position":1,"name":"Home","item":"https:\/\/www.tablaosflamencos.com\/en"},{"@type":"ListItem","position":2,"name":"Flamenco after the Biennial: where to keep seeing flamenco in Seville"}]},{"@type":"WebSite","@id":"https:\/\/www.tablaosflamencos.com\/en#website","url":"https:\/\/www.tablaosflamencos.com\/en","name":"Tablaos Flamencos","description":"Entradas para tablaos flamencos de Espa\u00f1a","publisher":{"@id":"https:\/\/www.tablaosflamencos.com\/en#organization"},"alternateName":"Tablaos Flamencos","potentialAction":[{"@type":"SearchAction","target":{"@type":"EntryPoint","urlTemplate":"https:\/\/www.tablaosflamencos.com\/en?s={search_term_string}"},"query-input":{"@type":"PropertyValueSpecification","valueRequired":true,"valueName":"search_term_string"}}],"inLanguage":"en-US"},{"@type":["Organization","Place","EntertainmentBusiness"],"@id":"https:\/\/www.tablaosflamencos.com\/en#organization","name":"Tablaos Flamencos","alternateName":"Tablaos Flamencos","url":"https:\/\/www.tablaosflamencos.com\/en","logo":{"@id":"https:\/\/www.tablaosflamencos.com\/en\/flamenco-after-biennial-where-to-see-seville.html#local-main-organization-logo"},"image":{"@id":"https:\/\/www.tablaosflamencos.com\/en\/flamenco-after-biennial-where-to-see-seville.html#local-main-organization-logo"},"sameAs":["https:\/\/www.facebook.com\/tablaosflamencos","https:\/\/x.com\/tablaosflamenco","https:\/\/mastodon.social\/@tablaosflamencos","https:\/\/www.instagram.com\/tablaosflamencos","https:\/\/tiktok.com\/@tablaosflamencos","https:\/\/www.linkedin.com\/company\/109408238\/"],"description":"Venta de entradas para espect\u00e1culos flamencos","legalName":"Tablaos Flamencos","foundingDate":"2015-01-01","numberOfEmployees":{"@type":"QuantitativeValue","minValue":"1","maxValue":"10"},"address":{"@id":"https:\/\/www.tablaosflamencos.com\/en\/flamenco-after-biennial-where-to-see-seville.html#local-main-place-address"},"geo":{"@type":"GeoCoordinates","latitude":"37.3868072","longitude":"-5.993280299999999"},"telephone":["+34623787787"],"contactPoint":{"@type":"ContactPoint","telephone":"+34623787787","email":"info@tablaosflamencos.com"},"openingHoursSpecification":{"@type":"OpeningHoursSpecification","dayOfWeek":["Monday","Tuesday","Wednesday","Thursday","Friday","Saturday","Sunday"],"opens":"00:00","closes":"23:59"},"email":"info@tablaosflamencos.com","priceRange":"$$$","currenciesAccepted":"\u20ac"},{"@type":"Person","@id":"https:\/\/www.tablaosflamencos.com\/en#\/schema\/person\/e7a9ebe14eb75a52ceabfbffb3c54f5d","name":"Miguel Ortiz","description":"Miguel Ortiz es un empresario flamenco, con una s\u00f3lida trayectoria dentro del sector. Ha presidido entidades culturales vinculadas al flamenco y, cuenta con un amplio recorrido profesional en la gesti\u00f3n y promoci\u00f3n de espect\u00e1culos y tablaos flamencos. Su pasi\u00f3n por la historia y el arte flamenco se refleja en cada art\u00edculo, donde combina experiencia, criterio y un profundo respeto por la tradici\u00f3n.","sameAs":["https:\/\/www.tablaosflamencos.com","https:\/\/www.instagra.com\/miguelortizfe","https:\/\/www.linkedin.com\/in\/miguelortizf\/"],"birthDate":"1984-11-22","gender":"hombre","knowsLanguage":["espa\u00f1ol","ingl\u00e9s"],"jobTitle":"Empresario flamenco"},{"@type":"PostalAddress","@id":"https:\/\/www.tablaosflamencos.com\/en\/flamenco-after-biennial-where-to-see-seville.html#local-main-place-address","streetAddress":"C\/ Alemanes, 19","addressLocality":"Sevilla","postalCode":"41004","addressRegion":"Sevilla","addressCountry":"ES"},{"@type":"ImageObject","inLanguage":"en-US","@id":"https:\/\/www.tablaosflamencos.com\/en\/flamenco-after-biennial-where-to-see-seville.html#local-main-organization-logo","url":"https:\/\/www.tablaosflamencos.com\/wp-content\/uploads\/tablaos-flamencos-06-3.webp","contentUrl":"https:\/\/www.tablaosflamencos.com\/wp-content\/uploads\/tablaos-flamencos-06-3.webp","width":600,"height":620,"caption":"Tablaos Flamencos"}]},"geo.placename":"Sevilla","geo.position":{"lat":"37.3868072","long":"-5.993280299999999"},"geo.region":"Spain"},"_links":{"self":[{"href":"https:\/\/www.tablaosflamencos.com\/en\/wp-json\/wp\/v2\/posts\/14298","targetHints":{"allow":["GET"]}}],"collection":[{"href":"https:\/\/www.tablaosflamencos.com\/en\/wp-json\/wp\/v2\/posts"}],"about":[{"href":"https:\/\/www.tablaosflamencos.com\/en\/wp-json\/wp\/v2\/types\/post"}],"author":[{"embeddable":true,"href":"https:\/\/www.tablaosflamencos.com\/en\/wp-json\/wp\/v2\/users\/1"}],"replies":[{"embeddable":true,"href":"https:\/\/www.tablaosflamencos.com\/en\/wp-json\/wp\/v2\/comments?post=14298"}],"version-history":[{"count":3,"href":"https:\/\/www.tablaosflamencos.com\/en\/wp-json\/wp\/v2\/posts\/14298\/revisions"}],"predecessor-version":[{"id":14344,"href":"https:\/\/www.tablaosflamencos.com\/en\/wp-json\/wp\/v2\/posts\/14298\/revisions\/14344"}],"wp:featuredmedia":[{"embeddable":true,"href":"https:\/\/www.tablaosflamencos.com\/en\/wp-json\/wp\/v2\/media\/14271"}],"wp:attachment":[{"href":"https:\/\/www.tablaosflamencos.com\/en\/wp-json\/wp\/v2\/media?parent=14298"}],"wp:term":[{"taxonomy":"category","embeddable":true,"href":"https:\/\/www.tablaosflamencos.com\/en\/wp-json\/wp\/v2\/categories?post=14298"},{"taxonomy":"post_tag","embeddable":true,"href":"https:\/\/www.tablaosflamencos.com\/en\/wp-json\/wp\/v2\/tags?post=14298"}],"curies":[{"name":"wp","href":"https:\/\/api.w.org\/{rel}","templated":true}]}}