{"id":14295,"date":"2026-09-03T23:19:59","date_gmt":"2026-09-03T21:19:59","guid":{"rendered":"https:\/\/www.tablaosflamencos.com\/?p=14295"},"modified":"2026-09-04T00:06:56","modified_gmt":"2026-09-03T22:06:56","slug":"andalusian-flamenco-club-circuit-2026-free-recitals","status":"publish","type":"post","link":"https:\/\/www.tablaosflamencos.com\/en\/andalusian-flamenco-club-circuit-2026-free-recitals.html","title":{"rendered":"Andalusian Flamenco Club Circuit 2026: 225 Free Recitals Across Andalusia"},"content":{"rendered":"<section class=\"l-section wpb_row height_huge\"><div class=\"l-section-h i-cf\"><div class=\"g-cols vc_row via_flex valign_middle type_default stacking_default\"><div class=\"vc_col-sm-6 wpb_column vc_column_container\"><div class=\"vc_column-inner\"><div class=\"wpb_wrapper\"><div class=\"wpb_text_column\"><div class=\"wpb_wrapper\"><h2>225 free recitals to explore flamenco Andalusia<\/h2>\n<p>The <strong>Andalusian Flamenco Club Circuit 2026<\/strong> brings flamenco to all eight provinces with an official programme of <strong>225 cante, dance and guitar performances<\/strong>. At least 470 artists will take part across a network of flamenco clubs stretching from the provincial capitals to towns where the professional cultural programme is usually far more limited.<\/p>\n<p>Most events take place between September and November, although Seville and Ja\u00e9n began their series in June, Almer\u00eda in August and Granada in the middle of that same month. Admission <strong>is free until capacity is reached<\/strong>, making the circuit one of the year&#8217;s biggest opportunities to experience live flamenco without buying a ticket.<\/p>\n<p>This guide brings together the announced figures, dates, tributes and locations, explains how to check each province&#8217;s programme and offers practical advice for attending the recitals.<\/p>\n<\/div><\/div><\/div><\/div><\/div><div class=\"vc_col-sm-6 wpb_column vc_column_container\"><div class=\"vc_column-inner\"><div class=\"wpb_wrapper\"><div class=\"w-image us_custom_c9d916e8 has_aspect_ratio align_center\"><div class=\"w-image-h\"><img fetchpriority=\"high\" decoding=\"async\" width=\"1024\" height=\"683\" src=\"https:\/\/www.tablaosflamencos.com\/wp-content\/uploads\/circuito-andaluz-de-penas-2026-225-recitales-de-flamenco-gratis-por-toda-andalucia-01-1-1024x683.webp\" class=\"attachment-large size-large\" alt=\"\" loading=\"eager\" srcset=\"https:\/\/www.tablaosflamencos.com\/wp-content\/uploads\/circuito-andaluz-de-penas-2026-225-recitales-de-flamenco-gratis-por-toda-andalucia-01-1-1024x683.webp 1024w, https:\/\/www.tablaosflamencos.com\/wp-content\/uploads\/circuito-andaluz-de-penas-2026-225-recitales-de-flamenco-gratis-por-toda-andalucia-01-1-300x200.webp 300w, https:\/\/www.tablaosflamencos.com\/wp-content\/uploads\/circuito-andaluz-de-penas-2026-225-recitales-de-flamenco-gratis-por-toda-andalucia-01-1-600x400.webp 600w, https:\/\/www.tablaosflamencos.com\/wp-content\/uploads\/circuito-andaluz-de-penas-2026-225-recitales-de-flamenco-gratis-por-toda-andalucia-01-1-150x100.webp 150w, https:\/\/www.tablaosflamencos.com\/wp-content\/uploads\/circuito-andaluz-de-penas-2026-225-recitales-de-flamenco-gratis-por-toda-andalucia-01-1.webp 1536w\" sizes=\"auto, (max-width: 1024px) 100vw, 1024px\" \/><\/div><\/div><\/div><\/div><\/div><\/div><\/div><\/section><section class=\"l-section wpb_row height_huge color_alternate with_shape\"><div class=\"l-section-shape type_zigzag pos_top hor_flip\" style=\"height:3vmin;\"><svg xmlns=\"http:\/\/www.w3.org\/2000\/svg\" viewBox=\"0 0 64 8\" preserveAspectRatio=\"none\" width=\"100%\" height=\"100%\">\r\n\t<path fill=\"currentColor\" d=\"M64 8 L0 8 L0 0 L20 7.9 L40 3 L48 5 L64 0 Z\"\/>\r\n<\/svg><\/div><div class=\"l-section-shape type_zigzag pos_bottom\" style=\"height:3vmin;\"><svg xmlns=\"http:\/\/www.w3.org\/2000\/svg\" viewBox=\"0 0 64 8\" preserveAspectRatio=\"none\" width=\"100%\" height=\"100%\">\r\n\t<path fill=\"currentColor\" d=\"M64 8 L0 8 L0 0 L20 7.9 L40 3 L48 5 L64 0 Z\"\/>\r\n<\/svg><\/div><div class=\"l-section-h i-cf\"><div class=\"g-cols vc_row via_flex valign_top type_default stacking_default\"><div class=\"vc_col-sm-12 wpb_column vc_column_container\"><div class=\"vc_column-inner\"><div class=\"wpb_wrapper\"><div class=\"wpb_text_column\"><div class=\"wpb_wrapper\"><blockquote>\n<p style=\"margin: 0;\"><strong>Quick answer:<\/strong> the 2026 Andalusian Flamenco Club Circuit features 225 free recitals across all eight provinces of Andalusia, with at least 470 artists. The programme includes 181 cante performances, 31 dance performances and 13 guitar recitals. The provincial series run from 6 June to 28 November, with the largest concentration between September and November. Admission is free until capacity is reached, and times should be checked in the Andalusian Cultural Agenda or directly with the organising flamenco club.<\/p>\n<\/blockquote>\n<\/div><\/div><\/div><\/div><\/div><\/div><\/div><\/section><section class=\"l-section wpb_row height_huge\"><div class=\"l-section-h i-cf\"><div class=\"g-cols vc_row via_flex valign_middle type_default stacking_default\"><div class=\"vc_col-sm-3 wpb_column vc_column_container\"><div class=\"vc_column-inner\"><div class=\"wpb_wrapper\"><\/div><\/div><\/div><div class=\"vc_col-sm-6 wpb_column vc_column_container\"><div class=\"vc_column-inner\"><div class=\"wpb_wrapper\"><div class=\"wpb_text_column\"><div class=\"wpb_wrapper\"><h2>Contents of this guide<\/h2>\n<ul>\n<li><a href=\"#datos-clave\">Key facts about the 2026 Andalusian Flamenco Club Circuit<\/a><\/li>\n<li><a href=\"#que-es\">What the Andalusian Flamenco Club Circuit is<\/a><\/li>\n<li><a href=\"#provincias\">Dates and performances by province<\/a><\/li>\n<li><a href=\"#modalidades\">Cante, dance and guitar: how the programme is divided<\/a><\/li>\n<li><a href=\"#gratis\">How free admission works<\/a><\/li>\n<li><a href=\"#programa\">Where to check artists, flamenco clubs and times<\/a><\/li>\n<li><a href=\"#homenajes\">Tributes in the 2026 edition<\/a><\/li>\n<li><a href=\"#papel-penas\">Why flamenco clubs are essential to flamenco<\/a><\/li>\n<li><a href=\"#organizar\">How to plan a flamenco route through Andalusia<\/a><\/li>\n<li><a href=\"#faq\">Frequently asked questions<\/a><\/li>\n<\/ul>\n<\/div><\/div><\/div><\/div><\/div><div class=\"vc_col-sm-3 wpb_column vc_column_container\"><div class=\"vc_column-inner\"><div class=\"wpb_wrapper\"><\/div><\/div><\/div><\/div><\/div><\/section><section class=\"l-section wpb_row height_huge color_alternate with_shape\"><div class=\"l-section-shape type_zigzag pos_top hor_flip\" style=\"height:3vmin;\"><svg xmlns=\"http:\/\/www.w3.org\/2000\/svg\" viewBox=\"0 0 64 8\" preserveAspectRatio=\"none\" width=\"100%\" height=\"100%\">\r\n\t<path fill=\"currentColor\" d=\"M64 8 L0 8 L0 0 L20 7.9 L40 3 L48 5 L64 0 Z\"\/>\r\n<\/svg><\/div><div class=\"l-section-shape type_zigzag pos_bottom\" style=\"height:3vmin;\"><svg xmlns=\"http:\/\/www.w3.org\/2000\/svg\" viewBox=\"0 0 64 8\" preserveAspectRatio=\"none\" width=\"100%\" height=\"100%\">\r\n\t<path fill=\"currentColor\" d=\"M64 8 L0 8 L0 0 L20 7.9 L40 3 L48 5 L64 0 Z\"\/>\r\n<\/svg><\/div><div class=\"l-section-h i-cf\"><div class=\"g-cols vc_row via_flex valign_top type_default stacking_default\"><div class=\"vc_col-sm-12 wpb_column vc_column_container\"><div class=\"vc_column-inner\"><div class=\"wpb_wrapper\"><div class=\"wpb_text_column\"><div class=\"wpb_wrapper\"><h2 id=\"datos-clave\">2026 Andalusian Flamenco Club Circuit: key facts<\/h2>\n<table>\n<thead>\n<tr>\n<th>Item<\/th>\n<th>Figure or official information<\/th>\n<\/tr>\n<\/thead>\n<tbody>\n<tr>\n<td><strong>Total number of performances<\/strong><\/td>\n<td>225 recitals<\/td>\n<\/tr>\n<tr>\n<td><strong>Participating artists<\/strong><\/td>\n<td>At least 470<\/td>\n<\/tr>\n<tr>\n<td><strong>Cante recitals<\/strong><\/td>\n<td>181<\/td>\n<\/tr>\n<tr>\n<td><strong>Dance performances<\/strong><\/td>\n<td>31<\/td>\n<\/tr>\n<tr>\n<td><strong>Guitar recitals<\/strong><\/td>\n<td>13<\/td>\n<\/tr>\n<tr>\n<td><strong>Provinces<\/strong><\/td>\n<td>Almer\u00eda, C\u00e1diz, C\u00f3rdoba, Granada, Huelva, Ja\u00e9n, M\u00e1laga and Seville<\/td>\n<\/tr>\n<tr>\n<td><strong>Overall period<\/strong><\/td>\n<td>From 6 June to 28 November 2026, depending on the province<\/td>\n<\/tr>\n<tr>\n<td><strong>Price<\/strong><\/td>\n<td>Free admission until capacity is reached<\/td>\n<\/tr>\n<tr>\n<td><strong>Federated flamenco clubs in Andalusia<\/strong><\/td>\n<td>329<\/td>\n<\/tr>\n<tr>\n<td><strong>Specific investment in the circuit<\/strong><\/td>\n<td>\u20ac250,000<\/td>\n<\/tr>\n<\/tbody>\n<\/table>\n<p>The figures clearly show the scale of the programme. This is not a festival concentrated in a single city or a succession of large theatre productions, but a network of intimate recitals that uses flamenco club premises as spaces for performance, attentive listening and community.<\/p>\n<p>Cante accounts for most of the programme, but dance and guitar also have their own place. This combination allows audiences to enjoy everything from voice-centred recitals to performances in which the body, comp\u00e1s or instrument takes the lead.<\/p>\n<\/div><\/div><\/div><\/div><\/div><\/div><\/div><\/section><section class=\"l-section wpb_row height_huge\"><div class=\"l-section-h i-cf\"><div class=\"g-cols vc_row via_flex valign_top type_default stacking_default\"><div class=\"vc_col-sm-12 wpb_column vc_column_container\"><div class=\"vc_column-inner\"><div class=\"wpb_wrapper\"><div class=\"wpb_text_column\"><div class=\"wpb_wrapper\"><h2 id=\"que-es\">What is the Andalusian Flamenco Club Circuit?<\/h2>\n<p>The Andalusian Flamenco Club Circuit is a programme promoted by the <strong>Andalusian Agency of Cultural Institutions and the Andalusian Flamenco Institute<\/strong>, in partnership with the provincial federations of flamenco clubs. Its purpose is to programme professional cante, dance and guitar performances in flamenco associations throughout Andalusia.<\/p>\n<p>The model has two dimensions. For audiences, it creates an extensive calendar of free, local flamenco. For artists, it opens a professional circuit that allows them to perform in a wide variety of towns and connect with aficionados accustomed to listening to flamenco attentively.<\/p>\n<p>The programme is not decided through an informal selection process. In 2026, a <strong>public call for artists<\/strong> was launched and nearly 300 proposals were received. This catalogue provided the basis for the provincial federations to assemble their respective programmes, combining established figures with young performers beginning to consolidate their careers.<\/p>\n<p>The circuit also falls within the framework of the Flamenco Law and the Strategic Plan approved by the Regional Government of Andalusia in May 2026. This framework recognises flamenco clubs as key agents in preserving, promoting and passing on flamenco heritage.<\/p>\n<p>If you would like more artistic context before attending, our guide to <a href=\"https:\/\/www.tablaosflamencos.com\/que-es-el-flamenco.html\"><strong>what flamenco is, its origins and its essential elements<\/strong><\/a> explains how cante, guitar, dance and comp\u00e1s relate to one another.<\/p>\n<\/div><\/div><\/div><\/div><\/div><\/div><\/div><\/section><section class=\"l-section wpb_row height_huge color_alternate with_shape\"><div class=\"l-section-shape type_zigzag pos_top hor_flip\" style=\"height:3vmin;\"><svg xmlns=\"http:\/\/www.w3.org\/2000\/svg\" viewBox=\"0 0 64 8\" preserveAspectRatio=\"none\" width=\"100%\" height=\"100%\">\r\n\t<path fill=\"currentColor\" d=\"M64 8 L0 8 L0 0 L20 7.9 L40 3 L48 5 L64 0 Z\"\/>\r\n<\/svg><\/div><div class=\"l-section-shape type_zigzag pos_bottom\" style=\"height:3vmin;\"><svg xmlns=\"http:\/\/www.w3.org\/2000\/svg\" viewBox=\"0 0 64 8\" preserveAspectRatio=\"none\" width=\"100%\" height=\"100%\">\r\n\t<path fill=\"currentColor\" d=\"M64 8 L0 8 L0 0 L20 7.9 L40 3 L48 5 L64 0 Z\"\/>\r\n<\/svg><\/div><div class=\"l-section-h i-cf\"><div class=\"g-cols vc_row via_flex valign_top type_default stacking_default\"><div class=\"vc_col-sm-12 wpb_column vc_column_container\"><div class=\"vc_column-inner\"><div class=\"wpb_wrapper\"><div class=\"wpb_text_column\"><div class=\"wpb_wrapper\"><h2 id=\"provincias\">Programme by province: dates, recitals and disciplines<\/h2>\n<p>Each provincial federation organises its own calendar within the shared programme. There is therefore no single starting date or general timetable. The following table summarises the official information released for each area.<\/p>\n<table>\n<thead>\n<tr>\n<th>Province<\/th>\n<th>Series dates<\/th>\n<th>Announced performances<\/th>\n<th>Breakdown<\/th>\n<\/tr>\n<\/thead>\n<tbody>\n<tr>\n<td><strong>Seville<\/strong><\/td>\n<td>6 June\u201330 October<\/td>\n<td>56<\/td>\n<td>53 cante, 2 dance and 1 guitar<\/td>\n<\/tr>\n<tr>\n<td><strong>M\u00e1laga<\/strong><\/td>\n<td>5 September\u201328 November<\/td>\n<td>35<\/td>\n<td>21 cante, 8 dance and 6 guitar or other instrumental performances<\/td>\n<\/tr>\n<tr>\n<td><strong>C\u00e1diz<\/strong><\/td>\n<td>5 September\u201321 November<\/td>\n<td>33<\/td>\n<td>22 cante and 11 dance<\/td>\n<\/tr>\n<tr>\n<td><strong>Ja\u00e9n<\/strong><\/td>\n<td>6 June\u201311 July and 12 September\u201328 November<\/td>\n<td>30<\/td>\n<td>27 cante, 1 dance and 2 guitar<\/td>\n<\/tr>\n<tr>\n<td><strong>C\u00f3rdoba<\/strong><\/td>\n<td>6\u201328 November<\/td>\n<td>30<\/td>\n<td>26 cante, 1 dance and 3 guitar<\/td>\n<\/tr>\n<tr>\n<td><strong>Granada<\/strong><\/td>\n<td>15 August\u201321 November<\/td>\n<td>15<\/td>\n<td>9 cante and 6 dance<\/td>\n<\/tr>\n<tr>\n<td><strong>Huelva<\/strong><\/td>\n<td>5 September\u201321 November<\/td>\n<td>14<\/td>\n<td>12 cante, 1 dance and 1 guitar<\/td>\n<\/tr>\n<tr>\n<td><strong>Almer\u00eda<\/strong><\/td>\n<td>1 August\u201315 November<\/td>\n<td>11<\/td>\n<td>11 cante<\/td>\n<\/tr>\n<\/tbody>\n<\/table>\n<p><strong>Note on the figures:<\/strong> the organisers report an overall total of 225 performances, and the breakdown by discipline\u2014181 cante, 31 dance and 13 guitar\u2014also totals 225. However, the provincial subtotals included in the presentation information add up to 224. This suggests that one performance has yet to be reflected or that one breakdown has not been updated. We retain the official overall figure of 225 and recommend checking the updated provincial calendar before planning your visit.<\/p>\n<\/div><\/div><\/div><\/div><\/div><\/div><\/div><\/section><section class=\"l-section wpb_row height_huge\"><div class=\"l-section-h i-cf\"><div class=\"g-cols vc_row via_flex valign_top type_default stacking_default\"><div class=\"vc_col-sm-12 wpb_column vc_column_container\"><div class=\"vc_column-inner\"><div class=\"wpb_wrapper\"><div class=\"wpb_text_column\"><div class=\"wpb_wrapper\"><h2>Seville: 56 performances and a tribute to El Lebrijano<\/h2>\n<p>Seville has the largest provincial programme: <strong>56 performances in 41 towns<\/strong>. The series began on 6 June and runs until 30 October. Twelve recitals took place during June, and the programme resumed with particular intensity in September and October.<\/p>\n<p>The Seville edition marks <strong>50 years since the release of <em>Persecuci\u00f3n<\/em><\/strong>, the landmark album by Juan Pe\u00f1a \u201cEl Lebrijano\u201d. The programme reaches the provincial capital and towns including Lebrija, Alcal\u00e1 de Guada\u00edra, Mairena del Alcor, Mor\u00f3n de la Frontera, \u00c9cija, Dos Hermanas, Coria del R\u00edo, Tomares, Arahal, Paradas, San Jos\u00e9 de la Rinconada and Las Cabezas de San Juan, among many others.<\/p>\n<p>Anyone wishing to combine one of these recitals with a regular programme can consult our selection of <a href=\"https:\/\/www.tablaosflamencos.com\/flamenco-en-sevilla\"><strong>flamenco shows in Seville<\/strong><\/a>. These are different experiences: a flamenco club offers a one-off event within the circuit, while a tablao allows you to book a performance for a specific date.<\/p>\n<h2>M\u00e1laga: 35 performances in 30 towns<\/h2>\n<p>The province of M\u00e1laga holds its circuit from 5 September to 28 November with <strong>35 performances<\/strong>: 21 cante, eight dance and six guitar or other instrumental performances. The recitals reach 30 towns, including M\u00e1laga, Antequera, Marbella, Mijas, Nerja, V\u00e9lez-M\u00e1laga, \u00c1lora, Co\u00edn, C\u00e1rtama, Benalm\u00e1dena, Manilva and several municipalities in the Antequera area.<\/p>\n<p>The series pays tribute to flamenco scholar and collector <strong>Luis Soler<\/strong>, whose research, archival and dissemination work has helped preserve an essential part of flamenco&#8217;s recorded and documentary memory.<\/p>\n<p>To round out a stay in the capital or on the Costa del Sol, you can also see where to enjoy <a href=\"https:\/\/www.tablaosflamencos.com\/flamenco-en-malaga\"><strong>flamenco in M\u00e1laga<\/strong><\/a> during the rest of the week.<\/p>\n<\/div><\/div><\/div><\/div><\/div><\/div><\/div><\/section><section class=\"l-section wpb_row height_huge color_alternate with_shape\"><div class=\"l-section-shape type_zigzag pos_top hor_flip\" style=\"height:3vmin;\"><svg xmlns=\"http:\/\/www.w3.org\/2000\/svg\" viewBox=\"0 0 64 8\" preserveAspectRatio=\"none\" width=\"100%\" height=\"100%\">\r\n\t<path fill=\"currentColor\" d=\"M64 8 L0 8 L0 0 L20 7.9 L40 3 L48 5 L64 0 Z\"\/>\r\n<\/svg><\/div><div class=\"l-section-shape type_zigzag pos_bottom\" style=\"height:3vmin;\"><svg xmlns=\"http:\/\/www.w3.org\/2000\/svg\" viewBox=\"0 0 64 8\" preserveAspectRatio=\"none\" width=\"100%\" height=\"100%\">\r\n\t<path fill=\"currentColor\" d=\"M64 8 L0 8 L0 0 L20 7.9 L40 3 L48 5 L64 0 Z\"\/>\r\n<\/svg><\/div><div class=\"l-section-h i-cf\"><div class=\"g-cols vc_row via_flex valign_top type_default stacking_default\"><div class=\"vc_col-sm-12 wpb_column vc_column_container\"><div class=\"vc_column-inner\"><div class=\"wpb_wrapper\"><div class=\"wpb_text_column\"><div class=\"wpb_wrapper\"><h2>C\u00e1diz: 33 recitals dedicated to Mar\u00eda Vargas<\/h2>\n<p>C\u00e1diz programmes <strong>33 performances between 5 September and 21 November<\/strong>: 22 cante and 11 dance. The series is dedicated to the singer from Sanl\u00facar <strong>Mar\u00eda Vargas Fern\u00e1ndez<\/strong> and visits 22 locations, including C\u00e1diz, Jerez, Sanl\u00facar de Barrameda, Chiclana, Chipiona, San Fernando, El Puerto de Santa Mar\u00eda, Arcos, Conil, Barbate, Ubrique, Algeciras, La L\u00ednea, Los Barrios and Puerto Real, as well as Ceuta.<\/p>\n<p>The eleven dance performances give C\u00e1diz particular weight in this discipline. Jerez is one of the notable stops on the route and can be combined with the regular programme of <a href=\"https:\/\/www.tablaosflamencos.com\/flamenco-en-jerez\"><strong>flamenco in Jerez<\/strong><\/a>.<\/p>\n<h2>Ja\u00e9n: two phases and the A la Verde Oliva series<\/h2>\n<p>Ja\u00e9n was one of the provinces to start early. The first phase, the traditional <strong>A la Verde Oliva<\/strong>series, ran from 6 June to 11 July. The second begins on 12 September and ends on 28 November.<\/p>\n<p>A total of <strong>30 performances in 28 towns<\/strong>are announced: 27 cante, one dance and two guitar. The programme visits Ja\u00e9n, Linares, \u00dabeda, Baeza, And\u00fajar, Martos, Bail\u00e9n, J\u00f3dar, Porcuna, Torredonjimeno, Mancha Real, Torreperogil and many other towns across the province.<\/p>\n<p>If you visit the capital, our <a href=\"https:\/\/www.tablaosflamencos.com\/flamenco-en-jaen\"><strong>flamenco in Ja\u00e9n<\/strong><\/a> page offers options to complete your trip.<\/p>\n<\/div><\/div><\/div><\/div><\/div><\/div><\/div><\/section><section class=\"l-section wpb_row height_huge\"><div class=\"l-section-h i-cf\"><div class=\"g-cols vc_row via_flex valign_top type_default stacking_default\"><div class=\"vc_col-sm-12 wpb_column vc_column_container\"><div class=\"vc_column-inner\"><div class=\"wpb_wrapper\"><div class=\"wpb_text_column\"><div class=\"wpb_wrapper\"><h2>C\u00f3rdoba: 30 performances concentrated in November<\/h2>\n<p>C\u00f3rdoba concentrates its programme into a short period, <strong>from 6 to 28 November<\/strong>. There will be 30 performances\u201426 cante, one dance and three guitar\u2014spread across 28 locations, from the provincial capital to Montilla, Lucena, Cabra, Baena, Priego de C\u00f3rdoba, Palma del R\u00edo, Pozoblanco, Pe\u00f1arroya, Montoro and Aguilar de la Frontera.<\/p>\n<p>The edition is dedicated to <strong>Antonio Gonz\u00e1lez del Moral<\/strong>, recognised for his career and his contribution to flamenco through photography and coverage in specialist media.<\/p>\n<p>Those spending several days in the province can complement the circuit with the available programme of <a href=\"https:\/\/www.tablaosflamencos.com\/flamenco-en-cordoba\"><strong>flamenco in C\u00f3rdoba<\/strong><\/a>.<\/p>\n<h2>Granada: 15 events between August and November<\/h2>\n<p>The Granada circuit began on 15 August and ends on 21 November. It includes <strong>15 performances<\/strong>, nine cante and six dance, in as many locations: Granada, Motril, Loja, Montefr\u00edo, Hu\u00e9tor Vega, Hu\u00e9tor T\u00e1jar, Peligros, \u00cdllora, Salobre\u00f1a, Maracena, Og\u00edjares and other municipalities.<\/p>\n<p>The programme pays tribute to <strong>Antonio Campos Mu\u00f1oz<\/strong>. The balance between cante and dance is more even than in other provinces and offers a good opportunity to discover choreographic proposals in the intimate atmosphere of a flamenco club.<\/p>\n<p>Our guide to <a href=\"https:\/\/www.tablaosflamencos.com\/flamenco-en-granada\"><strong>flamenco in Granada<\/strong><\/a> allows you to compare this one-off calendar with shows that run regularly.<\/p>\n<\/div><\/div><\/div><\/div><\/div><\/div><\/div><\/section><section class=\"l-section wpb_row height_huge color_alternate with_shape\"><div class=\"l-section-shape type_zigzag pos_top hor_flip\" style=\"height:3vmin;\"><svg xmlns=\"http:\/\/www.w3.org\/2000\/svg\" viewBox=\"0 0 64 8\" preserveAspectRatio=\"none\" width=\"100%\" height=\"100%\">\r\n\t<path fill=\"currentColor\" d=\"M64 8 L0 8 L0 0 L20 7.9 L40 3 L48 5 L64 0 Z\"\/>\r\n<\/svg><\/div><div class=\"l-section-shape type_zigzag pos_bottom\" style=\"height:3vmin;\"><svg xmlns=\"http:\/\/www.w3.org\/2000\/svg\" viewBox=\"0 0 64 8\" preserveAspectRatio=\"none\" width=\"100%\" height=\"100%\">\r\n\t<path fill=\"currentColor\" d=\"M64 8 L0 8 L0 0 L20 7.9 L40 3 L48 5 L64 0 Z\"\/>\r\n<\/svg><\/div><div class=\"l-section-h i-cf\"><div class=\"g-cols vc_row via_flex valign_top type_default stacking_default\"><div class=\"vc_col-sm-12 wpb_column vc_column_container\"><div class=\"vc_column-inner\"><div class=\"wpb_wrapper\"><div class=\"wpb_text_column\"><div class=\"wpb_wrapper\"><h2>Huelva: 14 recitals in 12 towns<\/h2>\n<p>Huelva holds its programme from 5 September to 21 November. It includes <strong>14 performances<\/strong>: twelve cante, one dance and one guitar. The recitals reach Almonte, Cala\u00f1as, El Campillo, Huelva, Lepe, Moguer, Paterna del Campo, Paymogo, Punta Umbr\u00eda, Santa B\u00e1rbara de las Casas, Valverde del Camino and Villanueva de las Cruces.<\/p>\n<p>The calendar features voices from different generations and a guitar recital, showing how a relatively compact network can connect the capital, the coast, El And\u00e9valo and the Mining Basin.<\/p>\n<p>You can also check the <a href=\"https:\/\/www.tablaosflamencos.com\/flamenco-en-huelva\"><strong>flamenco in Huelva<\/strong><\/a> programme for other dates.<\/p>\n<h2>Almer\u00eda: eleven cante recitals<\/h2>\n<p>Almer\u00eda began its circuit on 1 August and will close it on 15 November. The province programmes <strong>eleven performances, all cante<\/strong>, at flamenco clubs in Carboneras, Tabernas, Adra, Pechina, El Ejido, Hu\u00e9rcal de Almer\u00eda, Almer\u00eda and Viator.<\/p>\n<p>The Almer\u00eda edition pays tribute to guitarist <strong>Pepe Habichuela<\/strong>, a key figure for understanding the evolution of accompaniment and contemporary flamenco guitar. Although the provincial programme consists of cante recitals, the dedication underlines the inseparable dialogue between voice and guitar.<\/p>\n<\/div><\/div><\/div><\/div><\/div><\/div><\/div><\/section><section class=\"l-section wpb_row height_huge\"><div class=\"l-section-h i-cf\"><div class=\"g-cols vc_row via_flex valign_top type_default stacking_default\"><div class=\"vc_col-sm-12 wpb_column vc_column_container\"><div class=\"vc_column-inner\"><div class=\"wpb_wrapper\"><div class=\"wpb_text_column\"><div class=\"wpb_wrapper\"><h2 id=\"modalidades\">Cante, dance and guitar: how the circuit is divided<\/h2>\n<p>The announced overall figure is divided into <strong>181 cante performances, 31 dance performances and 13 guitar recitals<\/strong>. Cante accounts for roughly four out of every five events, a proportion consistent with the history of many flamenco clubs, where voice-and-guitar recitals have traditionally held a central place.<\/p>\n<p>This does not mean that every concert has the same structure. A cante recital may bring together a lead singer and guitarist and, depending on the format, handclapping or other accompaniment. Each artist chooses different palos, lyrics and styles, so two apparently similar evenings can offer very different experiences.<\/p>\n<p>The 31 dance performances feature proposals adapted to more intimate spaces than a large theatre. In a flamenco club, proximity makes it easier to perceive the footwork, breathing, silences and communication with the singer and guitarist.<\/p>\n<p>Guitar takes centre stage at thirteen events. These recitals are particularly interesting for hearing the instrument outside its accompanying role, appreciating the construction of falsetas and discovering performers who engage with both tradition and contemporary idioms.<\/p>\n<p>This coexistence of disciplines shows why flamenco should not be reduced to dance alone. Cante, guitar, comp\u00e1s and movement form a shared language, even when each recital chooses to highlight a different part of it.<\/p>\n<\/div><\/div><\/div><\/div><\/div><\/div><\/div><\/section><section class=\"l-section wpb_row height_huge color_alternate with_shape\"><div class=\"l-section-shape type_zigzag pos_top hor_flip\" style=\"height:3vmin;\"><svg xmlns=\"http:\/\/www.w3.org\/2000\/svg\" viewBox=\"0 0 64 8\" preserveAspectRatio=\"none\" width=\"100%\" height=\"100%\">\r\n\t<path fill=\"currentColor\" d=\"M64 8 L0 8 L0 0 L20 7.9 L40 3 L48 5 L64 0 Z\"\/>\r\n<\/svg><\/div><div class=\"l-section-shape type_zigzag pos_bottom\" style=\"height:3vmin;\"><svg xmlns=\"http:\/\/www.w3.org\/2000\/svg\" viewBox=\"0 0 64 8\" preserveAspectRatio=\"none\" width=\"100%\" height=\"100%\">\r\n\t<path fill=\"currentColor\" d=\"M64 8 L0 8 L0 0 L20 7.9 L40 3 L48 5 L64 0 Z\"\/>\r\n<\/svg><\/div><div class=\"l-section-h i-cf\"><div class=\"g-cols vc_row via_flex valign_top type_default stacking_default\"><div class=\"vc_col-sm-12 wpb_column vc_column_container\"><div class=\"vc_column-inner\"><div class=\"wpb_wrapper\"><div class=\"wpb_text_column\"><div class=\"wpb_wrapper\"><h2 id=\"gratis\">Are all the recitals free? How admission works<\/h2>\n<p>Official information about the circuit states that <strong>admission to the recitals is free until capacity is reached<\/strong>. There is no ticket to purchase, but free admission does not guarantee a place.<\/p>\n<p>Flamenco clubs usually have limited capacity, and some performances may attract far more demand than the venue can accommodate. Practical arrangements\u2014opening time, distribution of invitations, admission order or the need to confirm attendance\u2014may vary. We therefore recommend checking the official listing and contacting the flamenco club when the procedure is not clearly explained.<\/p>\n<p>To avoid problems:<\/p>\n<ul>\n<li><strong>Check the date and time on the day of the recital.<\/strong> The programme is subject to change.<\/li>\n<li><strong>Arrive early.<\/strong> \u201cUntil capacity is reached\u201d means that admission closes once the permitted capacity has been reached.<\/li>\n<li><strong>Check whether a reservation or invitation is required.<\/strong> Admission remains free even if the organisation allocates places in advance.<\/li>\n<li><strong>Confirm the exact address.<\/strong> Some flamenco clubs have similar names or hold activities away from their usual premises.<\/li>\n<li><strong>Respect the association-based nature of the venue.<\/strong> A flamenco club does not operate exactly like a commercial theatre: it is a cultural association supported by members and aficionados.<\/li>\n<\/ul>\n<p>If you are looking for more free activities on those same dates, you can also consult our guide to <a href=\"https:\/\/www.tablaosflamencos.com\/bienal-flamenco-sevilla-2026-gratis.html\"><strong>free activities at the 2026 Seville Flamenco Biennial<\/strong><\/a>.<\/p>\n<\/div><\/div><\/div><\/div><\/div><\/div><\/div><\/section><section class=\"l-section wpb_row height_huge\"><div class=\"l-section-h i-cf\"><div class=\"g-cols vc_row via_flex valign_top type_default stacking_default\"><div class=\"vc_col-sm-12 wpb_column vc_column_container\"><div class=\"vc_column-inner\"><div class=\"wpb_wrapper\"><div class=\"wpb_text_column\"><div class=\"wpb_wrapper\"><h2 id=\"programa\">Where to find the full programme, artists and times<\/h2>\n<p>The main reference is the <strong>Andalusian Cultural Agenda<\/strong>, where the regional government publishes province-specific pages with dates, flamenco clubs, locations and artists. The circuit&#8217;s launch announcement links to the official provincial programme finder.<\/p>\n<p>The calendar is extensive and may be corrected. For this reason, this guide summarises the overall structure rather than reproducing all 225 listings as though they were fixed. For a specific date, follow these steps:<\/p>\n<ol>\n<li>Open the official programme by province.<\/li>\n<li>Select the province and find the town.<\/li>\n<li>Check the artist, flamenco club, date and time.<\/li>\n<li>Check whether the listing provides admission instructions.<\/li>\n<li>If any information is missing, consult the flamenco club or provincial federation&#8217;s channels.<\/li>\n<\/ol>\n<p>The Cultural Agenda itself warns that the programme is <strong>subject to change<\/strong>. Checking shortly before departure is especially important if you plan to travel between towns.<\/p>\n<\/div><\/div><div class=\"w-separator size_medium\"><\/div><div class=\"w-hwrapper valign_top align_center\" style=\"--hwrapper-gap:1.2rem\"><div class=\"w-btn-wrapper align_center\"><a class=\"w-btn us-btn-style_1 icon_atleft\" href=\"https:\/\/www.juntadeandalucia.es\/organismos\/aaic\/servicios\/actualidad\/noticias\/detalle\/681667.html\"><i class=\"fas fa-calendar-alt\"><\/i><span class=\"w-btn-label\">View the official programme<\/span><\/a><\/div><\/div><\/div><\/div><\/div><\/div><\/div><\/section><section class=\"l-section wpb_row height_huge color_alternate with_shape\"><div class=\"l-section-shape type_zigzag pos_top hor_flip\" style=\"height:3vmin;\"><svg xmlns=\"http:\/\/www.w3.org\/2000\/svg\" viewBox=\"0 0 64 8\" preserveAspectRatio=\"none\" width=\"100%\" height=\"100%\">\r\n\t<path fill=\"currentColor\" d=\"M64 8 L0 8 L0 0 L20 7.9 L40 3 L48 5 L64 0 Z\"\/>\r\n<\/svg><\/div><div class=\"l-section-shape type_zigzag pos_bottom\" style=\"height:3vmin;\"><svg xmlns=\"http:\/\/www.w3.org\/2000\/svg\" viewBox=\"0 0 64 8\" preserveAspectRatio=\"none\" width=\"100%\" height=\"100%\">\r\n\t<path fill=\"currentColor\" d=\"M64 8 L0 8 L0 0 L20 7.9 L40 3 L48 5 L64 0 Z\"\/>\r\n<\/svg><\/div><div class=\"l-section-h i-cf\"><div class=\"g-cols vc_row via_flex valign_top type_default stacking_default\"><div class=\"vc_col-sm-12 wpb_column vc_column_container\"><div class=\"vc_column-inner\"><div class=\"wpb_wrapper\"><div class=\"wpb_text_column\"><div class=\"wpb_wrapper\"><h2 id=\"homenajes\">Tributes that shape the 2026 edition<\/h2>\n<p>In addition to distributing performances, several federations have dedicated their programme to figures or anniversaries connected with flamenco memory:<\/p>\n<ul>\n<li><strong>Seville:<\/strong> 50 years of <em>Persecuci\u00f3n<\/em>, the album by Juan Pe\u00f1a \u201cEl Lebrijano\u201d.<\/li>\n<li><strong>Almer\u00eda:<\/strong> a tribute to guitar master Pepe Habichuela.<\/li>\n<li><strong>C\u00e1diz:<\/strong> dedicated to Mar\u00eda Vargas Fern\u00e1ndez, the singer from Sanl\u00facar.<\/li>\n<li><strong>Granada:<\/strong> a programme dedicated to Antonio Campos Mu\u00f1oz.<\/li>\n<li><strong>M\u00e1laga:<\/strong> recognition of flamenco scholar and collector Luis Soler.<\/li>\n<li><strong>C\u00f3rdoba:<\/strong> a tribute to Antonio Gonz\u00e1lez del Moral for his work in photography and promoting flamenco.<\/li>\n<\/ul>\n<p>These dedications broaden the circuit&#8217;s meaning. It not only programmes the flamenco being made today; it also highlights those who have left works, documents, images, research or performance styles that help us understand the present.<\/p>\n<p>The choice of <em>Persecuci\u00f3n<\/em> is particularly significant. Released in 1976 with lyrics by F\u00e9lix Grande, El Lebrijano&#8217;s album turned the historical memory of the Roma people into a conceptual work of enormous impact. Remembering it half a century later links the recital calendar to one of the essential recordings of contemporary flamenco.<\/p>\n<\/div><\/div><\/div><\/div><\/div><\/div><\/div><\/section><section class=\"l-section wpb_row height_huge\"><div class=\"l-section-h i-cf\"><div class=\"g-cols vc_row via_flex valign_top type_default stacking_default\"><div class=\"vc_col-sm-12 wpb_column vc_column_container\"><div class=\"vc_column-inner\"><div class=\"wpb_wrapper\"><div class=\"wpb_text_column\"><div class=\"wpb_wrapper\"><h2 id=\"papel-penas\">Why flamenco clubs are essential to flamenco<\/h2>\n<p>Andalusia currently has <strong>329 federated flamenco clubs<\/strong>: 14 in Almer\u00eda, 50 in C\u00e1diz, 42 in C\u00f3rdoba, 25 in Granada, 21 in Huelva, 45 in Ja\u00e9n, 52 in M\u00e1laga and 80 in Seville. This network explains how a public programme can reach dozens of towns without relying solely on theatres or large festivals.<\/p>\n<p>A flamenco club is an association formed around a shared passion for flamenco. Its activities may include recitals, talks, competitions, tributes, exhibitions, classes, members&#8217; meetings and initiatives aimed at passing the art on to new generations. Each organisation has its own history and character; some have maintained a regular programme for decades, while others work in small towns where they are one of the main cultural hubs.<\/p>\n<p>The value of the circuit lies in activating this social infrastructure. The artist does not arrive in an indifferent venue, but performs for an audience that understands the language of flamenco, listens attentively and has an ongoing relationship with the organisation. For young performers, appearing before these aficionados can be a formative experience and a path to recognition within the sector.<\/p>\n<p>The programme also encourages <strong>generational renewal<\/strong>. Alongside the main circuit, flamenco clubs have hosted provincial rounds of the Andalusian Young Flamenco Artists Circuit, organised with the federations and the Andalusian Youth Institute to create opportunities and reach new audiences.<\/p>\n<\/div><\/div><\/div><\/div><\/div><\/div><\/div><\/section><section class=\"l-section wpb_row height_huge color_alternate with_shape\"><div class=\"l-section-shape type_zigzag pos_top hor_flip\" style=\"height:3vmin;\"><svg xmlns=\"http:\/\/www.w3.org\/2000\/svg\" viewBox=\"0 0 64 8\" preserveAspectRatio=\"none\" width=\"100%\" height=\"100%\">\r\n\t<path fill=\"currentColor\" d=\"M64 8 L0 8 L0 0 L20 7.9 L40 3 L48 5 L64 0 Z\"\/>\r\n<\/svg><\/div><div class=\"l-section-shape type_zigzag pos_bottom\" style=\"height:3vmin;\"><svg xmlns=\"http:\/\/www.w3.org\/2000\/svg\" viewBox=\"0 0 64 8\" preserveAspectRatio=\"none\" width=\"100%\" height=\"100%\">\r\n\t<path fill=\"currentColor\" d=\"M64 8 L0 8 L0 0 L20 7.9 L40 3 L48 5 L64 0 Z\"\/>\r\n<\/svg><\/div><div class=\"l-section-h i-cf\"><div class=\"g-cols vc_row via_flex valign_top type_default stacking_default\"><div class=\"vc_col-sm-12 wpb_column vc_column_container\"><div class=\"vc_column-inner\"><div class=\"wpb_wrapper\"><div class=\"wpb_text_column\"><div class=\"wpb_wrapper\"><h2>Public investment and artist selection<\/h2>\n<p>The specific consolidated investment for the 2026 Andalusian Flamenco Club Circuit is <strong>\u20ac250,000<\/strong>, 20% more than the amount allocated to the programme in 2019. When the Andalusian Young Flamenco Artists Circuit and the call for grants to support associations are included, the announced funding for flamenco clubs reaches \u20ac330,000.<\/p>\n<p>To take part, artists or their representatives had to submit a proposal through a public call. An advisory committee assessed aspects such as artistic quality, track record, interest, future potential and suitability for the circuit&#8217;s format. The resulting selection gave the federations a pool of nearly 300 proposals.<\/p>\n<p>This procedure helps explain the mix of established names and emerging artists. The circuit is not only a showcase for well-known figures: it also provides paid performances and professional visibility for performers building their careers.<\/p>\n<\/div><\/div><\/div><\/div><\/div><\/div><\/div><\/section><section class=\"l-section wpb_row height_huge\"><div class=\"l-section-h i-cf\"><div class=\"g-cols vc_row via_flex valign_top type_default stacking_default\"><div class=\"vc_col-sm-12 wpb_column vc_column_container\"><div class=\"vc_column-inner\"><div class=\"wpb_wrapper\"><div class=\"wpb_text_column\"><div class=\"wpb_wrapper\"><h2 id=\"organizar\">How to plan a route to see free flamenco across Andalusia<\/h2>\n<p>The circuit&#8217;s reach makes it possible to build a short break around one or several recitals. The best strategy is not to try to cover the entire programme, but to cross-reference three variables: province, available dates and distance between towns.<\/p>\n<h3>If you want the greatest variety<\/h3>\n<p>Seville, M\u00e1laga and C\u00e1diz have the largest number of events. They are good choices for finding several performances in the same week and combining them with cultural visits, gastronomy and other shows.<\/p>\n<h3>If you are especially interested in cante<\/h3>\n<p>Every province offers cante, but it has particular weight in Seville, Ja\u00e9n, C\u00f3rdoba and Almer\u00eda. The latter dedicates all eleven of its performances to the vocal discipline.<\/p>\n<h3>If you prefer dance<\/h3>\n<p>C\u00e1diz announces eleven performances and M\u00e1laga eight; Granada programmes six within a total calendar of fifteen events. These are the three provinces with the highest proportional presence of dance in the published provincial breakdown.<\/p>\n<h3>If you want to hear guitar<\/h3>\n<p>M\u00e1laga offers six guitar or other instrumental performances, C\u00f3rdoba three, Ja\u00e9n two, Seville one and Huelva one. Check the artist&#8217;s listing, as the format may be a solo recital, an instrumental proposal or a larger ensemble.<\/p>\n<h3>If you only have one specific date<\/h3>\n<p>Use the official calendar as your starting point and broaden your search to nearby towns. A performance thirty or forty minutes away may be a better fit than waiting for an event in the provincial capital.<\/p>\n<p>If the circuit does not coincide with your trip, consult our guide to <a href=\"https:\/\/www.tablaosflamencos.com\/ciudades\"><strong>flamenco by city<\/strong><\/a>. There you can find regularly scheduled shows with advance booking in different Spanish destinations.<\/p>\n<\/div><\/div><div class=\"w-separator size_medium\"><\/div><div class=\"w-hwrapper valign_top align_center\" style=\"--hwrapper-gap:1.2rem\"><div class=\"w-btn-wrapper align_center\"><a class=\"w-btn us-btn-style_1 icon_atleft\" href=\"https:\/\/www.tablaosflamencos.com\/en\/cities\"><i class=\"fas fa-map-marker-alt\"><\/i><span class=\"w-btn-label\">View flamenco by city<\/span><\/a><\/div><\/div><\/div><\/div><\/div><\/div><\/div><\/section><section class=\"l-section wpb_row height_huge color_alternate with_shape\"><div class=\"l-section-shape type_zigzag pos_top hor_flip\" style=\"height:3vmin;\"><svg xmlns=\"http:\/\/www.w3.org\/2000\/svg\" viewBox=\"0 0 64 8\" preserveAspectRatio=\"none\" width=\"100%\" height=\"100%\">\r\n\t<path fill=\"currentColor\" d=\"M64 8 L0 8 L0 0 L20 7.9 L40 3 L48 5 L64 0 Z\"\/>\r\n<\/svg><\/div><div class=\"l-section-shape type_zigzag pos_bottom\" style=\"height:3vmin;\"><svg xmlns=\"http:\/\/www.w3.org\/2000\/svg\" viewBox=\"0 0 64 8\" preserveAspectRatio=\"none\" width=\"100%\" height=\"100%\">\r\n\t<path fill=\"currentColor\" d=\"M64 8 L0 8 L0 0 L20 7.9 L40 3 L48 5 L64 0 Z\"\/>\r\n<\/svg><\/div><div class=\"l-section-h i-cf\"><div class=\"g-cols vc_row via_flex valign_top type_default stacking_default\"><div class=\"vc_col-sm-12 wpb_column vc_column_container\"><div class=\"vc_column-inner\"><div class=\"wpb_wrapper\"><div class=\"wpb_text_column\"><div class=\"wpb_wrapper\"><h2>A different way to experience flamenco in 2026<\/h2>\n<p>The Andalusian Flamenco Club Circuit offers something that does not always appear on the major bills: the chance to hear professional flamenco within a cultural network built by aficionados. The proximity, size of the venues and diversity of towns change the relationship between stage and audience.<\/p>\n<p>For those who already know flamenco, the circuit is an opportunity to follow particular performers, discover voices and compare provincial atmospheres. For first-time visitors, it can be a free gateway to the art, provided they understand that a flamenco club has its own codes and that silence, punctuality and respect for the performance are part of the experience.<\/p>\n<p>The 225 announced performances make the 2026 edition a broad map of contemporary Andalusian flamenco: predominantly cante-focused, but open to dance and guitar; attentive to new generations while remaining connected to foundational names from its history.<\/p>\n<\/div><\/div><\/div><\/div><\/div><\/div><\/div><\/section><section class=\"l-section wpb_row height_huge\"><div class=\"l-section-h i-cf\"><div class=\"g-cols vc_row via_flex valign_middle type_default stacking_default\"><div class=\"vc_col-sm-1\/5 wpb_column vc_column_container\"><div class=\"vc_column-inner\"><div class=\"wpb_wrapper\"><\/div><\/div><\/div><div class=\"vc_col-sm-3\/5 wpb_column vc_column_container\"><div class=\"vc_column-inner\"><div class=\"wpb_wrapper\"><div class=\"wpb_text_column\"><div class=\"wpb_wrapper\"><h2 id=\"faq\">Frequently asked questions about the 2026 Andalusian Flamenco Club Circuit<\/h2>\n<\/div><\/div><div class=\"w-separator size_medium\"><\/div><div class=\"w-tabs accordion toggle_style_1 has_scrolling\" style=\"--sections-title-size:inherit;--sections-gap:0.5rem;\"><div class=\"w-tabs-sections titles-align_none icon_chevron cpos_right\"><div class=\"w-tabs-section\" id=\"x236\"><button type=\"button\" class=\"w-tabs-section-header\" aria-controls=\"content-x236\" aria-expanded=\"false\"><div class=\"w-tabs-section-title\">How many recitals are included in the 2026 Andalusian Flamenco Club Circuit?<\/div><div class=\"w-tabs-section-control\"><\/div><\/button><div  class=\"w-tabs-section-content\" id=\"content-x236\"><div class=\"w-tabs-section-content-h i-cf\"><div class=\"wpb_text_column\"><div class=\"wpb_wrapper\"><p>The officially announced overall figure is <strong>225 performances<\/strong> of cante, dance and guitar across the eight provinces of Andalusia.<\/p>\n<\/div><\/div><\/div><\/div><\/div><div class=\"w-tabs-section\" id=\"g340\"><button type=\"button\" class=\"w-tabs-section-header\" aria-controls=\"content-g340\" aria-expanded=\"false\"><div class=\"w-tabs-section-title\">Are the circuit&#8217;s performances free?<\/div><div class=\"w-tabs-section-control\"><\/div><\/button><div  class=\"w-tabs-section-content\" id=\"content-g340\"><div class=\"w-tabs-section-content-h i-cf\"><div class=\"wpb_text_column\"><div class=\"wpb_wrapper\"><p>Yes. The official programme states that <strong>admission is free until capacity is reached<\/strong>. Some flamenco clubs may organise invitations or attendance confirmations, so it is advisable to check each listing.<\/p>\n<\/div><\/div><\/div><\/div><\/div><div class=\"w-tabs-section\" id=\"y430\"><button type=\"button\" class=\"w-tabs-section-header\" aria-controls=\"content-y430\" aria-expanded=\"false\"><div class=\"w-tabs-section-title\">When does the 2026 Andalusian Flamenco Club Circuit take place?<\/div><div class=\"w-tabs-section-control\"><\/div><\/button><div  class=\"w-tabs-section-content\" id=\"content-y430\"><div class=\"w-tabs-section-content-h i-cf\"><div class=\"wpb_text_column\"><div class=\"wpb_wrapper\"><p>The complete calendar runs from 6 June to 28 November 2026, although dates vary by province. Most recitals are concentrated between September and November.<\/p>\n<\/div><\/div><\/div><\/div><\/div><div class=\"w-tabs-section\" id=\"d50a\"><button type=\"button\" class=\"w-tabs-section-header\" aria-controls=\"content-d50a\" aria-expanded=\"false\"><div class=\"w-tabs-section-title\">Which provinces host performances?<\/div><div class=\"w-tabs-section-control\"><\/div><\/button><div  class=\"w-tabs-section-content\" id=\"content-d50a\"><div class=\"w-tabs-section-content-h i-cf\"><div class=\"wpb_text_column\"><div class=\"wpb_wrapper\"><p>The circuit reaches <strong>Almer\u00eda, C\u00e1diz, C\u00f3rdoba, Granada, Huelva, Ja\u00e9n, M\u00e1laga and Seville<\/strong>, with recitals in the capitals and many other towns.<\/p>\n<\/div><\/div><\/div><\/div><\/div><div class=\"w-tabs-section\" id=\"t5d7\"><button type=\"button\" class=\"w-tabs-section-header\" aria-controls=\"content-t5d7\" aria-expanded=\"false\"><div class=\"w-tabs-section-title\">Which flamenco disciplines are included?<\/div><div class=\"w-tabs-section-control\"><\/div><\/button><div  class=\"w-tabs-section-content\" id=\"content-t5d7\"><div class=\"w-tabs-section-content-h i-cf\"><div class=\"wpb_text_column\"><div class=\"wpb_wrapper\"><p>The organisers announce 181 cante performances, 31 dance performances and 13 guitar recitals. At least 470 artists will take part in total.<\/p>\n<\/div><\/div><\/div><\/div><\/div><div class=\"w-tabs-section\" id=\"d6b5\"><button type=\"button\" class=\"w-tabs-section-header\" aria-controls=\"content-d6b5\" aria-expanded=\"false\"><div class=\"w-tabs-section-title\">Where can I check the artists and times?<\/div><div class=\"w-tabs-section-control\"><\/div><\/button><div  class=\"w-tabs-section-content\" id=\"content-d6b5\"><div class=\"w-tabs-section-content-h i-cf\"><div class=\"wpb_text_column\"><div class=\"wpb_wrapper\"><p>The main source is the <strong>Andalusian Cultural Agenda<\/strong>. The official presentation page links to each province&#8217;s programme. It is also advisable to check the host flamenco club&#8217;s channels.<\/p>\n<\/div><\/div><\/div><\/div><\/div><div class=\"w-tabs-section\" id=\"w781\"><button type=\"button\" class=\"w-tabs-section-header\" aria-controls=\"content-w781\" aria-expanded=\"false\"><div class=\"w-tabs-section-title\">Do I need to be a member of a flamenco club to attend?<\/div><div class=\"w-tabs-section-control\"><\/div><\/button><div  class=\"w-tabs-section-content\" id=\"content-w781\"><div class=\"w-tabs-section-content-h i-cf\"><div class=\"wpb_text_column\"><div class=\"wpb_wrapper\"><p>The circuit&#8217;s recitals are advertised as free until capacity is reached. Even so, check the admission conditions for the specific event, as arrangements may vary according to the organisation and venue.<\/p>\n<\/div><\/div><\/div><\/div><\/div><div class=\"w-tabs-section\" id=\"o859\"><button type=\"button\" class=\"w-tabs-section-header\" aria-controls=\"content-o859\" aria-expanded=\"false\"><div class=\"w-tabs-section-title\">Can the programme change?<\/div><div class=\"w-tabs-section-control\"><\/div><\/button><div  class=\"w-tabs-section-content\" id=\"content-o859\"><div class=\"w-tabs-section-content-h i-cf\"><div class=\"wpb_text_column\"><div class=\"wpb_wrapper\"><p>Yes. The provincial calendars warn that dates, times or artists are subject to change. Always confirm the information shortly before travelling.<\/p>\n<\/div><\/div><\/div><\/div><\/div><div class=\"w-tabs-section\" id=\"h91e\"><button type=\"button\" class=\"w-tabs-section-header\" aria-controls=\"content-h91e\" aria-expanded=\"false\"><div class=\"w-tabs-section-title\">Which province has the most recitals?<\/div><div class=\"w-tabs-section-control\"><\/div><\/button><div  class=\"w-tabs-section-content\" id=\"content-h91e\"><div class=\"w-tabs-section-content-h i-cf\"><div class=\"wpb_text_column\"><div class=\"wpb_wrapper\"><p>Seville leads the provincial breakdown with 56 performances, followed by M\u00e1laga with 35, C\u00e1diz with 33, and Ja\u00e9n and C\u00f3rdoba with 30 each.<\/p>\n<\/div><\/div><\/div><\/div><\/div><div class=\"w-tabs-section\" id=\"n9e4\"><button type=\"button\" class=\"w-tabs-section-header\" aria-controls=\"content-n9e4\" aria-expanded=\"false\"><div class=\"w-tabs-section-title\">Why do the provincial subtotals not add up to 225?<\/div><div class=\"w-tabs-section-control\"><\/div><\/button><div  class=\"w-tabs-section-content\" id=\"content-n9e4\"><div class=\"w-tabs-section-content-h i-cf\"><div class=\"wpb_text_column\"><div class=\"wpb_wrapper\"><p>The overall figure and breakdown by discipline published by the organisers total 225, but the provincial subtotals released in the presentation add up to 224. There is probably an update discrepancy in one of the breakdowns. The Andalusian Cultural Agenda should be used as the reference for the current programme.<\/p>\n<\/div><\/div><\/div><\/div><\/div><\/div><\/div><\/div><\/div><\/div><div class=\"vc_col-sm-1\/5 wpb_column vc_column_container\"><div class=\"vc_column-inner\"><div class=\"wpb_wrapper\"><\/div><\/div><\/div><\/div><\/div><\/section>\n","protected":false},"excerpt":{"rendered":"<p>The 2026 Andalusian Flamenco Club Circuit brings together 225 free cante, dance and guitar recitals across all eight provinces. Check dates, admission and programmes.<\/p>\n","protected":false},"author":1,"featured_media":14272,"comment_status":"closed","ping_status":"closed","sticky":false,"template":"","format":"standard","meta":{"_acf_changed":false,"wpai_generated_summary":"","_ayudawp_aiss_exclude":false,"_ayudawp_aiss_exclude_summary":false,"_ayudawp_aiss_summary":"","_ayudawp_aiss_summary_provider":"","_ayudawp_aiss_summary_hash":"","footnotes":""},"categories":[1900],"tags":[1928,1938,1235,1935,1388,1384,1946],"class_list":["post-14295","post","type-post","status-publish","format-standard","has-post-thumbnail","hentry","category-flamenco-clubs","tag-andalusian-flamenco","tag-andalusian-flamenco-club-circuit","tag-festivales-flamencos","tag-flamenco-clubs","tag-flamenco-dance","tag-flamenco-singing","tag-free-flamenco"],"acf":[],"yoast_head":"<!-- This site is optimized with the Yoast SEO Premium plugin v28.4 (Yoast SEO v28.4) - https:\/\/yoast.com\/product\/yoast-seo-premium-wordpress\/ -->\n<title>Andalusian Flamenco Club Circuit 2026: 225 Free Recitals<\/title>\n<meta name=\"description\" content=\"Explore the 2026 Andalusian Flamenco Club Circuit: 225 free recitals, dates by province, artists, venues, times and admission details.\" \/>\n<meta name=\"robots\" content=\"index, follow, max-snippet:-1, max-image-preview:large, max-video-preview:-1\" \/>\n<link rel=\"canonical\" href=\"https:\/\/www.tablaosflamencos.com\/en\/andalusian-flamenco-club-circuit-2026-free-recitals.html\" \/>\n<meta property=\"og:locale\" content=\"en_US\" \/>\n<meta property=\"og:type\" content=\"article\" \/>\n<meta property=\"og:title\" content=\"Andalusian Flamenco Club Circuit 2026: 225 Free Recitals Across Andalusia\" \/>\n<meta property=\"og:description\" content=\"Explore the 2026 Andalusian Flamenco Club Circuit: 225 free recitals, dates by province, artists, venues, times and admission details.\" \/>\n<meta property=\"og:url\" content=\"https:\/\/www.tablaosflamencos.com\/en\/andalusian-flamenco-club-circuit-2026-free-recitals.html\" \/>\n<meta property=\"og:site_name\" content=\"Tablaos Flamencos\" \/>\n<meta property=\"article:publisher\" content=\"https:\/\/www.facebook.com\/tablaosflamencos\" \/>\n<meta property=\"article:published_time\" content=\"2026-09-03T21:19:59+00:00\" \/>\n<meta property=\"article:modified_time\" content=\"2026-09-03T22:06:56+00:00\" \/>\n<meta property=\"og:image\" content=\"https:\/\/www.tablaosflamencos.com\/wp-content\/uploads\/circuito-andaluz-de-penas-2026-225-recitales-de-flamenco-gratis-por-toda-andalucia-01.webp\" \/>\n\t<meta property=\"og:image:width\" content=\"1672\" \/>\n\t<meta property=\"og:image:height\" content=\"941\" \/>\n\t<meta property=\"og:image:type\" content=\"image\/webp\" \/>\n<meta name=\"author\" content=\"Miguel Ortiz\" \/>\n<meta name=\"twitter:card\" content=\"summary_large_image\" \/>\n<meta name=\"twitter:creator\" content=\"@tablaosflamenco\" \/>\n<meta name=\"twitter:site\" content=\"@tablaosflamenco\" \/>\n<meta name=\"twitter:label1\" content=\"Written by\" \/>\n\t<meta name=\"twitter:data1\" content=\"Miguel Ortiz\" \/>\n\t<meta name=\"twitter:label2\" content=\"Est. reading time\" \/>\n\t<meta name=\"twitter:data2\" content=\"22 minutes\" \/>\n<script type=\"application\/ld+json\" class=\"yoast-schema-graph\">{\"@context\":\"https:\\\/\\\/schema.org\",\"@graph\":[{\"@type\":\"Article\",\"@id\":\"https:\\\/\\\/www.tablaosflamencos.com\\\/en\\\/andalusian-flamenco-club-circuit-2026-free-recitals.html#article\",\"isPartOf\":{\"@id\":\"https:\\\/\\\/www.tablaosflamencos.com\\\/en\\\/andalusian-flamenco-club-circuit-2026-free-recitals.html\"},\"author\":{\"name\":\"Miguel Ortiz\",\"@id\":\"https:\\\/\\\/www.tablaosflamencos.com\\\/en#\\\/schema\\\/person\\\/e7a9ebe14eb75a52ceabfbffb3c54f5d\"},\"headline\":\"Andalusian Flamenco Club Circuit 2026: 225 Free Recitals Across Andalusia\",\"datePublished\":\"2026-09-03T21:19:59+00:00\",\"dateModified\":\"2026-09-03T22:06:56+00:00\",\"mainEntityOfPage\":{\"@id\":\"https:\\\/\\\/www.tablaosflamencos.com\\\/en\\\/andalusian-flamenco-club-circuit-2026-free-recitals.html\"},\"wordCount\":4514,\"publisher\":{\"@id\":\"https:\\\/\\\/www.tablaosflamencos.com\\\/en#organization\"},\"image\":{\"@id\":\"https:\\\/\\\/www.tablaosflamencos.com\\\/en\\\/andalusian-flamenco-club-circuit-2026-free-recitals.html#primaryimage\"},\"thumbnailUrl\":\"https:\\\/\\\/www.tablaosflamencos.com\\\/wp-content\\\/uploads\\\/circuito-andaluz-de-penas-2026-225-recitales-de-flamenco-gratis-por-toda-andalucia-01.webp\",\"keywords\":[\"Andalusian flamenco\",\"Andalusian Flamenco Club Circuit\",\"festivales flamencos\",\"flamenco clubs\",\"flamenco dance\",\"flamenco singing\",\"free flamenco\"],\"articleSection\":[\"Flamenco clubs\"],\"inLanguage\":\"en-US\"},{\"@type\":\"WebPage\",\"@id\":\"https:\\\/\\\/www.tablaosflamencos.com\\\/en\\\/andalusian-flamenco-club-circuit-2026-free-recitals.html\",\"url\":\"https:\\\/\\\/www.tablaosflamencos.com\\\/en\\\/andalusian-flamenco-club-circuit-2026-free-recitals.html\",\"name\":\"Andalusian Flamenco Club Circuit 2026: 225 Free Recitals\",\"isPartOf\":{\"@id\":\"https:\\\/\\\/www.tablaosflamencos.com\\\/en#website\"},\"primaryImageOfPage\":{\"@id\":\"https:\\\/\\\/www.tablaosflamencos.com\\\/en\\\/andalusian-flamenco-club-circuit-2026-free-recitals.html#primaryimage\"},\"image\":{\"@id\":\"https:\\\/\\\/www.tablaosflamencos.com\\\/en\\\/andalusian-flamenco-club-circuit-2026-free-recitals.html#primaryimage\"},\"thumbnailUrl\":\"https:\\\/\\\/www.tablaosflamencos.com\\\/wp-content\\\/uploads\\\/circuito-andaluz-de-penas-2026-225-recitales-de-flamenco-gratis-por-toda-andalucia-01.webp\",\"datePublished\":\"2026-09-03T21:19:59+00:00\",\"dateModified\":\"2026-09-03T22:06:56+00:00\",\"description\":\"Explore the 2026 Andalusian Flamenco Club Circuit: 225 free recitals, dates by province, artists, venues, times and admission details.\",\"breadcrumb\":{\"@id\":\"https:\\\/\\\/www.tablaosflamencos.com\\\/en\\\/andalusian-flamenco-club-circuit-2026-free-recitals.html#breadcrumb\"},\"inLanguage\":\"en-US\",\"potentialAction\":[{\"@type\":\"ReadAction\",\"target\":[\"https:\\\/\\\/www.tablaosflamencos.com\\\/en\\\/andalusian-flamenco-club-circuit-2026-free-recitals.html\"]}]},{\"@type\":\"ImageObject\",\"inLanguage\":\"en-US\",\"@id\":\"https:\\\/\\\/www.tablaosflamencos.com\\\/en\\\/andalusian-flamenco-club-circuit-2026-free-recitals.html#primaryimage\",\"url\":\"https:\\\/\\\/www.tablaosflamencos.com\\\/wp-content\\\/uploads\\\/circuito-andaluz-de-penas-2026-225-recitales-de-flamenco-gratis-por-toda-andalucia-01.webp\",\"contentUrl\":\"https:\\\/\\\/www.tablaosflamencos.com\\\/wp-content\\\/uploads\\\/circuito-andaluz-de-penas-2026-225-recitales-de-flamenco-gratis-por-toda-andalucia-01.webp\",\"width\":1672,\"height\":941,\"caption\":\"Circuito Andaluz de Pe\u00f1as 2026: 225 recitales de flamenco gratis por toda Andaluc\u00eda\"},{\"@type\":\"BreadcrumbList\",\"@id\":\"https:\\\/\\\/www.tablaosflamencos.com\\\/en\\\/andalusian-flamenco-club-circuit-2026-free-recitals.html#breadcrumb\",\"itemListElement\":[{\"@type\":\"ListItem\",\"position\":1,\"name\":\"Home\",\"item\":\"https:\\\/\\\/www.tablaosflamencos.com\\\/en\"},{\"@type\":\"ListItem\",\"position\":2,\"name\":\"Andalusian Flamenco Club Circuit 2026: 225 Free Recitals Across Andalusia\"}]},{\"@type\":\"WebSite\",\"@id\":\"https:\\\/\\\/www.tablaosflamencos.com\\\/en#website\",\"url\":\"https:\\\/\\\/www.tablaosflamencos.com\\\/en\",\"name\":\"Tablaos Flamencos\",\"description\":\"Entradas para tablaos flamencos de Espa\u00f1a\",\"publisher\":{\"@id\":\"https:\\\/\\\/www.tablaosflamencos.com\\\/en#organization\"},\"alternateName\":\"Tablaos Flamencos\",\"potentialAction\":[{\"@type\":\"SearchAction\",\"target\":{\"@type\":\"EntryPoint\",\"urlTemplate\":\"https:\\\/\\\/www.tablaosflamencos.com\\\/en?s={search_term_string}\"},\"query-input\":{\"@type\":\"PropertyValueSpecification\",\"valueRequired\":true,\"valueName\":\"search_term_string\"}}],\"inLanguage\":\"en-US\"},{\"@type\":[\"Organization\",\"Place\",\"EntertainmentBusiness\"],\"@id\":\"https:\\\/\\\/www.tablaosflamencos.com\\\/en#organization\",\"name\":\"Tablaos Flamencos\",\"alternateName\":\"Tablaos Flamencos\",\"url\":\"https:\\\/\\\/www.tablaosflamencos.com\\\/en\",\"logo\":{\"@id\":\"https:\\\/\\\/www.tablaosflamencos.com\\\/en\\\/andalusian-flamenco-club-circuit-2026-free-recitals.html#local-main-organization-logo\"},\"image\":{\"@id\":\"https:\\\/\\\/www.tablaosflamencos.com\\\/en\\\/andalusian-flamenco-club-circuit-2026-free-recitals.html#local-main-organization-logo\"},\"sameAs\":[\"https:\\\/\\\/www.facebook.com\\\/tablaosflamencos\",\"https:\\\/\\\/x.com\\\/tablaosflamenco\",\"https:\\\/\\\/mastodon.social\\\/@tablaosflamencos\",\"https:\\\/\\\/www.instagram.com\\\/tablaosflamencos\",\"https:\\\/\\\/tiktok.com\\\/@tablaosflamencos\",\"https:\\\/\\\/www.linkedin.com\\\/company\\\/109408238\\\/\"],\"description\":\"Venta de entradas para espect\u00e1culos flamencos\",\"legalName\":\"Tablaos Flamencos\",\"foundingDate\":\"2015-01-01\",\"numberOfEmployees\":{\"@type\":\"QuantitativeValue\",\"minValue\":\"1\",\"maxValue\":\"10\"},\"address\":{\"@id\":\"https:\\\/\\\/www.tablaosflamencos.com\\\/en\\\/andalusian-flamenco-club-circuit-2026-free-recitals.html#local-main-place-address\"},\"geo\":{\"@type\":\"GeoCoordinates\",\"latitude\":\"37.3868072\",\"longitude\":\"-5.993280299999999\"},\"telephone\":[\"+34623787787\"],\"contactPoint\":{\"@type\":\"ContactPoint\",\"telephone\":\"+34623787787\",\"email\":\"info@tablaosflamencos.com\"},\"openingHoursSpecification\":{\"@type\":\"OpeningHoursSpecification\",\"dayOfWeek\":[\"Monday\",\"Tuesday\",\"Wednesday\",\"Thursday\",\"Friday\",\"Saturday\",\"Sunday\"],\"opens\":\"00:00\",\"closes\":\"23:59\"},\"email\":\"info@tablaosflamencos.com\",\"priceRange\":\"$$$\",\"currenciesAccepted\":\"\u20ac\"},{\"@type\":\"Person\",\"@id\":\"https:\\\/\\\/www.tablaosflamencos.com\\\/en#\\\/schema\\\/person\\\/e7a9ebe14eb75a52ceabfbffb3c54f5d\",\"name\":\"Miguel Ortiz\",\"description\":\"Miguel Ortiz es un empresario flamenco, con una s\u00f3lida trayectoria dentro del sector. Ha presidido entidades culturales vinculadas al flamenco y, cuenta con un amplio recorrido profesional en la gesti\u00f3n y promoci\u00f3n de espect\u00e1culos y tablaos flamencos. Su pasi\u00f3n por la historia y el arte flamenco se refleja en cada art\u00edculo, donde combina experiencia, criterio y un profundo respeto por la tradici\u00f3n.\",\"sameAs\":[\"https:\\\/\\\/www.tablaosflamencos.com\",\"https:\\\/\\\/www.instagra.com\\\/miguelortizfe\",\"https:\\\/\\\/www.linkedin.com\\\/in\\\/miguelortizf\\\/\"],\"birthDate\":\"1984-11-22\",\"gender\":\"hombre\",\"knowsLanguage\":[\"espa\u00f1ol\",\"ingl\u00e9s\"],\"jobTitle\":\"Empresario flamenco\"},{\"@type\":\"PostalAddress\",\"@id\":\"https:\\\/\\\/www.tablaosflamencos.com\\\/en\\\/andalusian-flamenco-club-circuit-2026-free-recitals.html#local-main-place-address\",\"streetAddress\":\"C\\\/ Alemanes, 19\",\"addressLocality\":\"Sevilla\",\"postalCode\":\"41004\",\"addressRegion\":\"Sevilla\",\"addressCountry\":\"ES\"},{\"@type\":\"ImageObject\",\"inLanguage\":\"en-US\",\"@id\":\"https:\\\/\\\/www.tablaosflamencos.com\\\/en\\\/andalusian-flamenco-club-circuit-2026-free-recitals.html#local-main-organization-logo\",\"url\":\"https:\\\/\\\/www.tablaosflamencos.com\\\/wp-content\\\/uploads\\\/tablaos-flamencos-06-3.webp\",\"contentUrl\":\"https:\\\/\\\/www.tablaosflamencos.com\\\/wp-content\\\/uploads\\\/tablaos-flamencos-06-3.webp\",\"width\":600,\"height\":620,\"caption\":\"Tablaos Flamencos\"}]}<\/script>\n<meta name=\"geo.placename\" content=\"Sevilla\" \/>\n<meta name=\"geo.position\" content=\"37.3868072;-5.993280299999999\" \/>\n<meta name=\"geo.region\" content=\"Spain\" \/>\n<!-- \/ Yoast SEO Premium plugin. -->","yoast_head_json":{"title":"Andalusian Flamenco Club Circuit 2026: 225 Free Recitals","description":"Explore the 2026 Andalusian Flamenco Club Circuit: 225 free recitals, dates by province, artists, venues, times and admission details.","robots":{"index":"index","follow":"follow","max-snippet":"max-snippet:-1","max-image-preview":"max-image-preview:large","max-video-preview":"max-video-preview:-1"},"canonical":"https:\/\/www.tablaosflamencos.com\/en\/andalusian-flamenco-club-circuit-2026-free-recitals.html","og_locale":"en_US","og_type":"article","og_title":"Andalusian Flamenco Club Circuit 2026: 225 Free Recitals Across Andalusia","og_description":"Explore the 2026 Andalusian Flamenco Club Circuit: 225 free recitals, dates by province, artists, venues, times and admission details.","og_url":"https:\/\/www.tablaosflamencos.com\/en\/andalusian-flamenco-club-circuit-2026-free-recitals.html","og_site_name":"Tablaos Flamencos","article_publisher":"https:\/\/www.facebook.com\/tablaosflamencos","article_published_time":"2026-09-03T21:19:59+00:00","article_modified_time":"2026-09-03T22:06:56+00:00","og_image":[{"width":1672,"height":941,"url":"https:\/\/www.tablaosflamencos.com\/wp-content\/uploads\/circuito-andaluz-de-penas-2026-225-recitales-de-flamenco-gratis-por-toda-andalucia-01.webp","type":"image\/webp"}],"author":"Miguel Ortiz","twitter_card":"summary_large_image","twitter_creator":"@tablaosflamenco","twitter_site":"@tablaosflamenco","twitter_misc":{"Written by":"Miguel Ortiz","Est. reading time":"22 minutes"},"schema":{"@context":"https:\/\/schema.org","@graph":[{"@type":"Article","@id":"https:\/\/www.tablaosflamencos.com\/en\/andalusian-flamenco-club-circuit-2026-free-recitals.html#article","isPartOf":{"@id":"https:\/\/www.tablaosflamencos.com\/en\/andalusian-flamenco-club-circuit-2026-free-recitals.html"},"author":{"name":"Miguel Ortiz","@id":"https:\/\/www.tablaosflamencos.com\/en#\/schema\/person\/e7a9ebe14eb75a52ceabfbffb3c54f5d"},"headline":"Andalusian Flamenco Club Circuit 2026: 225 Free Recitals Across Andalusia","datePublished":"2026-09-03T21:19:59+00:00","dateModified":"2026-09-03T22:06:56+00:00","mainEntityOfPage":{"@id":"https:\/\/www.tablaosflamencos.com\/en\/andalusian-flamenco-club-circuit-2026-free-recitals.html"},"wordCount":4514,"publisher":{"@id":"https:\/\/www.tablaosflamencos.com\/en#organization"},"image":{"@id":"https:\/\/www.tablaosflamencos.com\/en\/andalusian-flamenco-club-circuit-2026-free-recitals.html#primaryimage"},"thumbnailUrl":"https:\/\/www.tablaosflamencos.com\/wp-content\/uploads\/circuito-andaluz-de-penas-2026-225-recitales-de-flamenco-gratis-por-toda-andalucia-01.webp","keywords":["Andalusian flamenco","Andalusian Flamenco Club Circuit","festivales flamencos","flamenco clubs","flamenco dance","flamenco singing","free flamenco"],"articleSection":["Flamenco clubs"],"inLanguage":"en-US"},{"@type":"WebPage","@id":"https:\/\/www.tablaosflamencos.com\/en\/andalusian-flamenco-club-circuit-2026-free-recitals.html","url":"https:\/\/www.tablaosflamencos.com\/en\/andalusian-flamenco-club-circuit-2026-free-recitals.html","name":"Andalusian Flamenco Club Circuit 2026: 225 Free Recitals","isPartOf":{"@id":"https:\/\/www.tablaosflamencos.com\/en#website"},"primaryImageOfPage":{"@id":"https:\/\/www.tablaosflamencos.com\/en\/andalusian-flamenco-club-circuit-2026-free-recitals.html#primaryimage"},"image":{"@id":"https:\/\/www.tablaosflamencos.com\/en\/andalusian-flamenco-club-circuit-2026-free-recitals.html#primaryimage"},"thumbnailUrl":"https:\/\/www.tablaosflamencos.com\/wp-content\/uploads\/circuito-andaluz-de-penas-2026-225-recitales-de-flamenco-gratis-por-toda-andalucia-01.webp","datePublished":"2026-09-03T21:19:59+00:00","dateModified":"2026-09-03T22:06:56+00:00","description":"Explore the 2026 Andalusian Flamenco Club Circuit: 225 free recitals, dates by province, artists, venues, times and admission details.","breadcrumb":{"@id":"https:\/\/www.tablaosflamencos.com\/en\/andalusian-flamenco-club-circuit-2026-free-recitals.html#breadcrumb"},"inLanguage":"en-US","potentialAction":[{"@type":"ReadAction","target":["https:\/\/www.tablaosflamencos.com\/en\/andalusian-flamenco-club-circuit-2026-free-recitals.html"]}]},{"@type":"ImageObject","inLanguage":"en-US","@id":"https:\/\/www.tablaosflamencos.com\/en\/andalusian-flamenco-club-circuit-2026-free-recitals.html#primaryimage","url":"https:\/\/www.tablaosflamencos.com\/wp-content\/uploads\/circuito-andaluz-de-penas-2026-225-recitales-de-flamenco-gratis-por-toda-andalucia-01.webp","contentUrl":"https:\/\/www.tablaosflamencos.com\/wp-content\/uploads\/circuito-andaluz-de-penas-2026-225-recitales-de-flamenco-gratis-por-toda-andalucia-01.webp","width":1672,"height":941,"caption":"Circuito Andaluz de Pe\u00f1as 2026: 225 recitales de flamenco gratis por toda Andaluc\u00eda"},{"@type":"BreadcrumbList","@id":"https:\/\/www.tablaosflamencos.com\/en\/andalusian-flamenco-club-circuit-2026-free-recitals.html#breadcrumb","itemListElement":[{"@type":"ListItem","position":1,"name":"Home","item":"https:\/\/www.tablaosflamencos.com\/en"},{"@type":"ListItem","position":2,"name":"Andalusian Flamenco Club Circuit 2026: 225 Free Recitals Across Andalusia"}]},{"@type":"WebSite","@id":"https:\/\/www.tablaosflamencos.com\/en#website","url":"https:\/\/www.tablaosflamencos.com\/en","name":"Tablaos Flamencos","description":"Entradas para tablaos flamencos de Espa\u00f1a","publisher":{"@id":"https:\/\/www.tablaosflamencos.com\/en#organization"},"alternateName":"Tablaos Flamencos","potentialAction":[{"@type":"SearchAction","target":{"@type":"EntryPoint","urlTemplate":"https:\/\/www.tablaosflamencos.com\/en?s={search_term_string}"},"query-input":{"@type":"PropertyValueSpecification","valueRequired":true,"valueName":"search_term_string"}}],"inLanguage":"en-US"},{"@type":["Organization","Place","EntertainmentBusiness"],"@id":"https:\/\/www.tablaosflamencos.com\/en#organization","name":"Tablaos Flamencos","alternateName":"Tablaos Flamencos","url":"https:\/\/www.tablaosflamencos.com\/en","logo":{"@id":"https:\/\/www.tablaosflamencos.com\/en\/andalusian-flamenco-club-circuit-2026-free-recitals.html#local-main-organization-logo"},"image":{"@id":"https:\/\/www.tablaosflamencos.com\/en\/andalusian-flamenco-club-circuit-2026-free-recitals.html#local-main-organization-logo"},"sameAs":["https:\/\/www.facebook.com\/tablaosflamencos","https:\/\/x.com\/tablaosflamenco","https:\/\/mastodon.social\/@tablaosflamencos","https:\/\/www.instagram.com\/tablaosflamencos","https:\/\/tiktok.com\/@tablaosflamencos","https:\/\/www.linkedin.com\/company\/109408238\/"],"description":"Venta de entradas para espect\u00e1culos flamencos","legalName":"Tablaos Flamencos","foundingDate":"2015-01-01","numberOfEmployees":{"@type":"QuantitativeValue","minValue":"1","maxValue":"10"},"address":{"@id":"https:\/\/www.tablaosflamencos.com\/en\/andalusian-flamenco-club-circuit-2026-free-recitals.html#local-main-place-address"},"geo":{"@type":"GeoCoordinates","latitude":"37.3868072","longitude":"-5.993280299999999"},"telephone":["+34623787787"],"contactPoint":{"@type":"ContactPoint","telephone":"+34623787787","email":"info@tablaosflamencos.com"},"openingHoursSpecification":{"@type":"OpeningHoursSpecification","dayOfWeek":["Monday","Tuesday","Wednesday","Thursday","Friday","Saturday","Sunday"],"opens":"00:00","closes":"23:59"},"email":"info@tablaosflamencos.com","priceRange":"$$$","currenciesAccepted":"\u20ac"},{"@type":"Person","@id":"https:\/\/www.tablaosflamencos.com\/en#\/schema\/person\/e7a9ebe14eb75a52ceabfbffb3c54f5d","name":"Miguel Ortiz","description":"Miguel Ortiz es un empresario flamenco, con una s\u00f3lida trayectoria dentro del sector. Ha presidido entidades culturales vinculadas al flamenco y, cuenta con un amplio recorrido profesional en la gesti\u00f3n y promoci\u00f3n de espect\u00e1culos y tablaos flamencos. Su pasi\u00f3n por la historia y el arte flamenco se refleja en cada art\u00edculo, donde combina experiencia, criterio y un profundo respeto por la tradici\u00f3n.","sameAs":["https:\/\/www.tablaosflamencos.com","https:\/\/www.instagra.com\/miguelortizfe","https:\/\/www.linkedin.com\/in\/miguelortizf\/"],"birthDate":"1984-11-22","gender":"hombre","knowsLanguage":["espa\u00f1ol","ingl\u00e9s"],"jobTitle":"Empresario flamenco"},{"@type":"PostalAddress","@id":"https:\/\/www.tablaosflamencos.com\/en\/andalusian-flamenco-club-circuit-2026-free-recitals.html#local-main-place-address","streetAddress":"C\/ Alemanes, 19","addressLocality":"Sevilla","postalCode":"41004","addressRegion":"Sevilla","addressCountry":"ES"},{"@type":"ImageObject","inLanguage":"en-US","@id":"https:\/\/www.tablaosflamencos.com\/en\/andalusian-flamenco-club-circuit-2026-free-recitals.html#local-main-organization-logo","url":"https:\/\/www.tablaosflamencos.com\/wp-content\/uploads\/tablaos-flamencos-06-3.webp","contentUrl":"https:\/\/www.tablaosflamencos.com\/wp-content\/uploads\/tablaos-flamencos-06-3.webp","width":600,"height":620,"caption":"Tablaos Flamencos"}]},"geo.placename":"Sevilla","geo.position":{"lat":"37.3868072","long":"-5.993280299999999"},"geo.region":"Spain"},"_links":{"self":[{"href":"https:\/\/www.tablaosflamencos.com\/en\/wp-json\/wp\/v2\/posts\/14295","targetHints":{"allow":["GET"]}}],"collection":[{"href":"https:\/\/www.tablaosflamencos.com\/en\/wp-json\/wp\/v2\/posts"}],"about":[{"href":"https:\/\/www.tablaosflamencos.com\/en\/wp-json\/wp\/v2\/types\/post"}],"author":[{"embeddable":true,"href":"https:\/\/www.tablaosflamencos.com\/en\/wp-json\/wp\/v2\/users\/1"}],"replies":[{"embeddable":true,"href":"https:\/\/www.tablaosflamencos.com\/en\/wp-json\/wp\/v2\/comments?post=14295"}],"version-history":[{"count":1,"href":"https:\/\/www.tablaosflamencos.com\/en\/wp-json\/wp\/v2\/posts\/14295\/revisions"}],"predecessor-version":[{"id":14356,"href":"https:\/\/www.tablaosflamencos.com\/en\/wp-json\/wp\/v2\/posts\/14295\/revisions\/14356"}],"wp:featuredmedia":[{"embeddable":true,"href":"https:\/\/www.tablaosflamencos.com\/en\/wp-json\/wp\/v2\/media\/14272"}],"wp:attachment":[{"href":"https:\/\/www.tablaosflamencos.com\/en\/wp-json\/wp\/v2\/media?parent=14295"}],"wp:term":[{"taxonomy":"category","embeddable":true,"href":"https:\/\/www.tablaosflamencos.com\/en\/wp-json\/wp\/v2\/categories?post=14295"},{"taxonomy":"post_tag","embeddable":true,"href":"https:\/\/www.tablaosflamencos.com\/en\/wp-json\/wp\/v2\/tags?post=14295"}],"curies":[{"name":"wp","href":"https:\/\/api.w.org\/{rel}","templated":true}]}}