{"id":14282,"date":"2026-09-03T22:54:58","date_gmt":"2026-09-03T20:54:58","guid":{"rendered":"https:\/\/www.tablaosflamencos.com\/?p=14282"},"modified":"2026-09-03T23:45:41","modified_gmt":"2026-09-03T21:45:41","slug":"flamenco-seville-biennial-2026-shows-beyond-official-programme","status":"publish","type":"post","link":"https:\/\/www.tablaosflamencos.com\/en\/flamenco-seville-biennial-2026-shows-beyond-official-programme.html","title":{"rendered":"Flamenco in Seville during the Biennial: where to see shows beyond the official programme"},"content":{"rendered":"<section class=\"l-section wpb_row height_huge\"><div class=\"l-section-h i-cf\"><div class=\"g-cols vc_row via_flex valign_top type_default stacking_default\"><div class=\"vc_col-sm-6 wpb_column vc_column_container\"><div class=\"vc_column-inner\"><div class=\"wpb_wrapper\"><div class=\"wpb_text_column\"><div class=\"wpb_wrapper\"><h2>The Biennial is not the only place to see flamenco in Seville<\/h2>\n<p>During the <strong>2026 Seville Flamenco Biennial<\/strong>, the city experiences almost four weeks of intense activity: major productions, premieres, recitals, dance shows, guitar concerts and events spread across theatres and heritage venues. But flamenco in Seville neither begins nor ends with the official programme.<\/p>\n<p>While the Biennial runs between <strong>9 September and 3 October 2026<\/strong>, the city&#8217;s tablaos continue their usual activity. This creates a particularly interesting opportunity for anyone travelling to Seville during those dates: combine an official performance with a tablao show and discover two very different \u2014 and complementary \u2014 ways of experiencing flamenco.<\/p>\n<\/div><\/div><\/div><\/div><\/div><div class=\"vc_col-sm-6 wpb_column vc_column_container\"><div class=\"vc_column-inner\"><div class=\"wpb_wrapper\"><div class=\"wpb_text_column\"><div class=\"wpb_wrapper\"><h2>Two complementary ways to experience flamenco<\/h2>\n<p>The Biennial offers large-scale productions, world premieres and encounters created for a specific occasion. The tablao offers another scale: artists only a few metres away, cante, dance and guitar in direct contact with the audience, formats of around one hour and a programme that is much easier to fit into an afternoon or evening of sightseeing around the city.<\/p>\n<p><strong>The idea of this guide is not to choose between the Biennial and a tablao, but to help you combine both formats during a stay in Seville.<\/strong><\/p>\n<\/div><\/div><\/div><\/div><\/div><\/div><\/div><\/section><section class=\"l-section wpb_row height_huge color_alternate with_shape\"><div class=\"l-section-shape type_zigzag pos_top hor_flip\" style=\"height:3vmin;\"><svg xmlns=\"http:\/\/www.w3.org\/2000\/svg\" viewBox=\"0 0 64 8\" preserveAspectRatio=\"none\" width=\"100%\" height=\"100%\">\r\n\t<path fill=\"currentColor\" d=\"M64 8 L0 8 L0 0 L20 7.9 L40 3 L48 5 L64 0 Z\"\/>\r\n<\/svg><\/div><div class=\"l-section-shape type_zigzag pos_bottom\" style=\"height:3vmin;\"><svg xmlns=\"http:\/\/www.w3.org\/2000\/svg\" viewBox=\"0 0 64 8\" preserveAspectRatio=\"none\" width=\"100%\" height=\"100%\">\r\n\t<path fill=\"currentColor\" d=\"M64 8 L0 8 L0 0 L20 7.9 L40 3 L48 5 L64 0 Z\"\/>\r\n<\/svg><\/div><div class=\"l-section-h i-cf\"><div class=\"g-cols vc_row via_flex valign_top type_default stacking_default\"><div class=\"vc_col-sm-12 wpb_column vc_column_container\"><div class=\"vc_column-inner\"><div class=\"wpb_wrapper\"><div class=\"wpb_text_column\"><div class=\"wpb_wrapper\"><blockquote>\n<p><strong>Quick answer:<\/strong> during the 2026 Flamenco Biennial you can still see flamenco outside the official programme at numerous tablaos in Seville. In the centre there are notable options around Las Setas, Plaza Nueva, Santa Cruz, Calle Zaragoza and Corral del Rey; Triana also has regular shows beside the Guadalquivir. If you are staying for several days, one of the best ways to understand flamenco in Seville is to combine at least one major Biennial performance with a night at a tablao.<\/p>\n<\/blockquote>\n<p><strong>Last updated: 3 September 2026.<\/strong> Tablao schedules, prices and availability can change depending on the date. Always check actual availability before planning your evening.<\/p>\n<\/div><\/div><div class=\"w-separator size_medium\"><\/div><div class=\"w-hwrapper valign_top wrap stack_on_mobiles align_center\" style=\"--hwrapper-gap:1.2rem\"><div class=\"w-btn-wrapper align_none\"><a class=\"w-btn us-btn-style_1\" href=\"https:\/\/www.tablaosflamencos.com\/en\/flamenco-in-seville\"><span class=\"w-btn-label\">See available flamenco in Seville<\/span><\/a><\/div><div class=\"w-btn-wrapper align_none\"><a class=\"w-btn us-btn-style_1\" href=\"https:\/\/www.tablaosflamencos.com\/en\/seville-flamenco-biennial-2026.html\"><span class=\"w-btn-label\">Complete 2026 Biennial guide<\/span><\/a><\/div><\/div><\/div><\/div><\/div><\/div><\/div><\/section><section class=\"l-section wpb_row height_huge\"><div class=\"l-section-h i-cf\"><div class=\"g-cols vc_row via_flex valign_top type_default stacking_default\"><div class=\"vc_col-sm-3 wpb_column vc_column_container\"><div class=\"vc_column-inner\"><div class=\"wpb_wrapper\"><\/div><\/div><\/div><div class=\"vc_col-sm-6 wpb_column vc_column_container\"><div class=\"vc_column-inner\"><div class=\"wpb_wrapper\"><div class=\"wpb_text_column\"><div class=\"wpb_wrapper\"><h2>Contents of this guide<\/h2>\n<ul>\n<li><a href=\"#dos-formatos\">Biennial and tablao: two complementary formats<\/a><\/li>\n<li><a href=\"#donde-ver\">Where to see flamenco in Seville outside the Biennial<\/a><\/li>\n<li><a href=\"#las-setas\">Las Setas and the northern city centre<\/a><\/li>\n<li><a href=\"#santa-cruz\">Santa Cruz and the Alc\u00e1zar area<\/a><\/li>\n<li><a href=\"#centro\">Historic centre, Plaza Nueva and Arenal<\/a><\/li>\n<li><a href=\"#triana\">Triana: cross the river to complete the experience<\/a><\/li>\n<li><a href=\"#comparativa\">Comparison table<\/a><\/li>\n<li><a href=\"#combinar\">How to combine the Biennial and a tablao on the same trip<\/a><\/li>\n<li><a href=\"#elegir\">Which tablao to choose depending on the experience you want<\/a><\/li>\n<li><a href=\"#reservar\">Why it is worth booking during the Biennial<\/a><\/li>\n<li><a href=\"#faq\">Frequently asked questions<\/a><\/li>\n<\/ul>\n<\/div><\/div><\/div><\/div><\/div><div class=\"vc_col-sm-3 wpb_column vc_column_container\"><div class=\"vc_column-inner\"><div class=\"wpb_wrapper\"><\/div><\/div><\/div><\/div><\/div><\/section><section class=\"l-section wpb_row height_huge color_alternate with_shape\"><div class=\"l-section-shape type_zigzag pos_top\" style=\"height:3vmin;\"><svg xmlns=\"http:\/\/www.w3.org\/2000\/svg\" viewBox=\"0 0 64 8\" preserveAspectRatio=\"none\" width=\"100%\" height=\"100%\">\r\n\t<path fill=\"currentColor\" d=\"M64 8 L0 8 L0 0 L20 7.9 L40 3 L48 5 L64 0 Z\"\/>\r\n<\/svg><\/div><div class=\"l-section-shape type_zigzag pos_bottom\" style=\"height:3vmin;\"><svg xmlns=\"http:\/\/www.w3.org\/2000\/svg\" viewBox=\"0 0 64 8\" preserveAspectRatio=\"none\" width=\"100%\" height=\"100%\">\r\n\t<path fill=\"currentColor\" d=\"M64 8 L0 8 L0 0 L20 7.9 L40 3 L48 5 L64 0 Z\"\/>\r\n<\/svg><\/div><div class=\"l-section-h i-cf\"><div class=\"g-cols vc_row via_flex valign_top type_default stacking_default\"><div class=\"vc_col-sm-6 wpb_column vc_column_container\"><div class=\"vc_column-inner\"><div class=\"wpb_wrapper\"><div class=\"wpb_text_column\"><div class=\"wpb_wrapper\"><h2 id=\"dos-formatos\">The Biennial: large-scale productions, creation and exceptional events<\/h2>\n<p>One of the most useful ideas when planning a flamenco trip to Seville is to stop thinking of the Biennial and tablaos as mutually exclusive alternatives. In reality, they show two different dimensions of the same art.<\/p>\n<p>The <strong>Biennial<\/strong> brings together creations designed for theatres, large formats, premieres, unique encounters and shows that often will not be presented again in exactly the same way. The experience depends as much on the artist as on the stage project, venue, lighting, dramaturgy and the exceptional nature of the event itself.<\/p>\n<\/div><\/div><\/div><\/div><\/div><div class=\"vc_col-sm-6 wpb_column vc_column_container\"><div class=\"vc_column-inner\"><div class=\"wpb_wrapper\"><div class=\"wpb_text_column\"><div class=\"wpb_wrapper\"><h2>The tablao: proximity, live performance and dialogue between artists<\/h2>\n<p>The <strong>tablao<\/strong> works differently. The focus is on live performance: a group of artists, a smaller scale, minimal physical distance between stage and audience, and a structure that leaves room for dialogue between cante, guitar and dance. Even when there is a defined artistic base, the evening has an immediate quality that changes with the performers and the way they respond to one another.<\/p>\n<p>That is why someone who sees only Biennial productions will discover an extraordinary part of contemporary flamenco; someone who also adds a tablao can observe how the art works at close range, without the mediation of a large theatrical stage.<\/p>\n<\/div><\/div><\/div><\/div><\/div><\/div><\/div><\/section><section class=\"l-section wpb_row height_huge\"><div class=\"l-section-h i-cf\"><div class=\"g-cols vc_row via_flex valign_top type_default stacking_default\"><div class=\"vc_col-sm-12 wpb_column vc_column_container\"><div class=\"vc_column-inner\"><div class=\"wpb_wrapper\"><div class=\"wpb_text_column\"><div class=\"wpb_wrapper\"><h2 id=\"donde-ver\" style=\"text-align: center;\">Where to see flamenco in Seville during the Biennial, beyond the official programme<\/h2>\n<p style=\"text-align: center;\">Seville has a stable network of tablaos throughout the year. During the Biennial that network continues to operate and can be especially useful both for visitors who want to expand their trip and for those who prefer to keep some evenings free of official performances.<\/p>\n<p style=\"text-align: center;\">We do not present the following selection as a ranking. The best tablao will depend on the area where you are staying, the schedule you need, the size of venue you prefer, whether you want to add food, and above all on the <strong>actual availability for your date<\/strong>.<\/p>\n<\/div><\/div><\/div><\/div><\/div><\/div><\/div><\/section><section class=\"l-section wpb_row height_huge color_alternate with_shape\"><div class=\"l-section-shape type_zigzag pos_top hor_flip\" style=\"height:3vmin;\"><svg xmlns=\"http:\/\/www.w3.org\/2000\/svg\" viewBox=\"0 0 64 8\" preserveAspectRatio=\"none\" width=\"100%\" height=\"100%\">\r\n\t<path fill=\"currentColor\" d=\"M64 8 L0 8 L0 0 L20 7.9 L40 3 L48 5 L64 0 Z\"\/>\r\n<\/svg><\/div><div class=\"l-section-shape type_zigzag pos_bottom\" style=\"height:3vmin;\"><svg xmlns=\"http:\/\/www.w3.org\/2000\/svg\" viewBox=\"0 0 64 8\" preserveAspectRatio=\"none\" width=\"100%\" height=\"100%\">\r\n\t<path fill=\"currentColor\" d=\"M64 8 L0 8 L0 0 L20 7.9 L40 3 L48 5 L64 0 Z\"\/>\r\n<\/svg><\/div><div class=\"l-section-h i-cf\"><div class=\"g-cols vc_row via_flex valign_top type_default stacking_default\"><div class=\"vc_col-sm-6 wpb_column vc_column_container\"><div class=\"vc_column-inner\"><div class=\"wpb_wrapper\"><div class=\"wpb_text_column\"><div class=\"wpb_wrapper\"><h2 id=\"las-setas\">Las Setas: flexibility in the northern city centre<\/h2>\n<p>The area around Plaza de la Encarnaci\u00f3n is especially convenient if you are exploring the northern city centre, Alameda, Regina, Feria or Santa Catalina. Here you will find <strong>Tablao Flamenco Las Setas<\/strong>, one of the city&#8217;s most flexible options in terms of schedules.<\/p>\n<p>Its stable programme of performances makes something especially valuable during the Biennial possible: finding a show without having to reorganise the entire day. The format lasts about one hour and brings together cante, guitar and dance in a venue specifically designed for live flamenco.<\/p>\n<p><strong>It may suit you if:<\/strong><\/p>\n<ul>\n<li>you are staying in the northern city centre or near Las Setas;<\/li>\n<li>you want several possible showtimes;<\/li>\n<li>you are looking for a show lasting about one hour;<\/li>\n<li>you prefer to integrate flamenco into a day of sightseeing in the historic centre.<\/li>\n<\/ul>\n<\/div><\/div><\/div><\/div><\/div><div class=\"vc_col-sm-6 wpb_column vc_column_container\"><div class=\"vc_column-inner\"><div class=\"wpb_wrapper\"><div class=\"wpb_text_column\"><div class=\"wpb_wrapper\"><h2 id=\"santa-cruz\">Santa Cruz and the Alc\u00e1zar area<\/h2>\n<p>If your day revolves around the Real Alc\u00e1zar, the Cathedral, the Giralda or the Santa Cruz neighbourhood, you do not need to travel to the other side of Seville to end the day with flamenco.<\/p>\n<p><strong>Tablao Flamenco El Jard\u00edn de Murillo<\/strong>, next to Paseo de Catalina de Ribera, offers a format of around one hour with cante, guitar and dance. Its location is its great strategic advantage during the Biennial: you can move from an afternoon of monuments to a flamenco show without major transfers.<\/p>\n<p>The available options can also include a drink or simple food choices, making it useful both for those who want to focus solely on the show and for those who want to complete the evening.<\/p>\n<\/div><\/div><div class=\"w-separator size_medium\"><\/div><div class=\"w-hwrapper valign_top wrap stack_on_mobiles align_center\" style=\"--hwrapper-gap:1.2rem\"><div class=\"w-btn-wrapper align_none\"><a class=\"w-btn us-btn-style_1\" href=\"https:\/\/www.tablaosflamencos.com\/en\/tablao\/tablao-flamenco-el-jardin-de-murillo\"><span class=\"w-btn-label\">See El Jard\u00edn de Murillo<\/span><\/a><\/div><\/div><\/div><\/div><\/div><\/div><\/div><\/section><section class=\"l-section wpb_row height_huge\"><div class=\"l-section-h i-cf\"><div class=\"g-cols vc_row via_flex valign_top type_default stacking_default\"><div class=\"vc_col-sm-12 wpb_column vc_column_container\"><div class=\"vc_column-inner\"><div class=\"wpb_wrapper\"><div class=\"wpb_text_column\"><div class=\"wpb_wrapper\"><h2 id=\"centro\" style=\"text-align: center;\">Historic centre, Plaza Nueva and Arenal: three different ways to experience a tablao<\/h2>\n<\/div><\/div><div class=\"g-cols wpb_row via_flex valign_top type_default stacking_default\"><div class=\"vc_col-sm-6 wpb_column vc_column_container\"><div class=\"vc_column-inner\"><div class=\"wpb_wrapper\"><div class=\"wpb_text_column\"><div class=\"wpb_wrapper\"><h3>Casa Duende Tablao: small and very close-up<\/h3>\n<p><strong>Casa Duende Tablao<\/strong>, on Corral del Rey, works with a small-capacity room and a show lasting around 50\u201360 minutes. Its proposal combines solos and ensemble moments before reaching a fin de fiesta, and there are options that can add a tasting or table service.<\/p>\n<p>It is especially interesting for anyone looking for an intimate scale and the feeling that the stage is genuinely only a few steps away.<\/p>\n<\/div><\/div><div class=\"w-separator size_medium\"><\/div><div class=\"w-hwrapper valign_top wrap stack_on_mobiles align_center\" style=\"--hwrapper-gap:1.2rem\"><div class=\"w-btn-wrapper align_none\"><a class=\"w-btn us-btn-style_1\" href=\"https:\/\/www.tablaosflamencos.com\/en\/tablao\/casa-duende-tablao\"><span class=\"w-btn-label\">See Casa Duende Tablao<\/span><\/a><\/div><\/div><\/div><\/div><\/div><div class=\"vc_col-sm-6 wpb_column vc_column_container\"><div class=\"vc_column-inner\"><div class=\"wpb_wrapper\"><div class=\"wpb_text_column\"><div class=\"wpb_wrapper\"><h3>Casa Inquieta: flamenco in a 19th-century palace house<\/h3>\n<p>On Calle Zaragoza, <strong>Tablao Flamenco Casa Inquieta<\/strong> adds the value of the venue itself to the experience. The show takes place in a 19th-century palace house and brings together a five-artist group for approximately one hour.<\/p>\n<p>It can work very well for anyone who wants to stay right in the city centre, move around Arenal or Plaza Nueva, and choose an experience where architecture, atmosphere and proximity are part of the plan.<\/p>\n<\/div><\/div><div class=\"w-separator size_medium\"><\/div><div class=\"w-hwrapper valign_top wrap stack_on_mobiles align_center\" style=\"--hwrapper-gap:1.2rem\"><div class=\"w-btn-wrapper align_none\"><a class=\"w-btn us-btn-style_1\" href=\"https:\/\/www.tablaosflamencos.com\/en\/tablao\/tablao-flamenco-casa-inquieta\"><span class=\"w-btn-label\">See Casa Inquieta<\/span><\/a><\/div><\/div><\/div><\/div><\/div><\/div><\/div><\/div><\/div><\/div><\/div><\/section><section class=\"l-section wpb_row height_huge color_alternate with_shape\"><div class=\"l-section-shape type_zigzag pos_top\" style=\"height:3vmin;\"><svg xmlns=\"http:\/\/www.w3.org\/2000\/svg\" viewBox=\"0 0 64 8\" preserveAspectRatio=\"none\" width=\"100%\" height=\"100%\">\r\n\t<path fill=\"currentColor\" d=\"M64 8 L0 8 L0 0 L20 7.9 L40 3 L48 5 L64 0 Z\"\/>\r\n<\/svg><\/div><div class=\"l-section-shape type_zigzag pos_bottom\" style=\"height:3vmin;\"><svg xmlns=\"http:\/\/www.w3.org\/2000\/svg\" viewBox=\"0 0 64 8\" preserveAspectRatio=\"none\" width=\"100%\" height=\"100%\">\r\n\t<path fill=\"currentColor\" d=\"M64 8 L0 8 L0 0 L20 7.9 L40 3 L48 5 L64 0 Z\"\/>\r\n<\/svg><\/div><div class=\"l-section-h i-cf\"><div class=\"g-cols vc_row via_flex valign_top type_default stacking_default\"><div class=\"vc_col-sm-6 wpb_column vc_column_container\"><div class=\"vc_column-inner\"><div class=\"wpb_wrapper\"><div class=\"wpb_text_column\"><div class=\"wpb_wrapper\"><h2>La Cantaora: flamenco and food on the same night<\/h2>\n<p>Near Plaza Nueva, <strong>Tablao Flamenco La Cantaora<\/strong> is especially useful for visitors who want to combine dinner and a show in a single plan. The venue is inspired by the atmosphere of the old caf\u00e9s cantantes and offers options ranging from a show with a cocktail to tapas or dinner packages.<\/p>\n<p>During a stay focused on the Biennial it can be a good choice for an evening without an official performance, because it turns the whole night into one booking without leaving the historic centre.<\/p>\n<\/div><\/div><div class=\"w-separator size_medium\"><\/div><div class=\"w-hwrapper valign_top wrap stack_on_mobiles align_center\" style=\"--hwrapper-gap:1.2rem\"><div class=\"w-btn-wrapper align_none\"><a class=\"w-btn us-btn-style_1\" href=\"https:\/\/www.tablaosflamencos.com\/en\/tablao\/tablao-flamenco-la-cantaora\"><span class=\"w-btn-label\">See Tablao La Cantaora<\/span><\/a><\/div><\/div><\/div><\/div><\/div><div class=\"vc_col-sm-6 wpb_column vc_column_container\"><div class=\"vc_column-inner\"><div class=\"wpb_wrapper\"><div class=\"wpb_text_column\"><div class=\"wpb_wrapper\"><h2 id=\"triana\">Triana: cross the river to complete the experience<\/h2>\n<p>A flamenco stay in Seville changes character once you cross the Guadalquivir. Triana forms part of flamenco&#8217;s historical memory and remains one of the neighbourhoods where many visitors deliberately look for an experience different from the monumental city centre.<\/p>\n<p><strong>Tablao Flamenco Triana<\/strong>, on Calle Pureza, offers a traditional format with four artists \u2014 singer, guitarist, male dancer and female dancer \u2014 in a small-scale room. The experience lasts around one hour and can easily be combined with a walk around Altozano, Calle Betis or the riverside beforehand.<\/p>\n<p>There is no need to present Triana as a \u201cmore authentic\u201d alternative to the city centre. It is simply another context. For anyone who has already seen a large Biennial production at the Maestranza, Lope de Vega or Teatro Central, ending another evening in a small Triana venue offers flamenco on a completely different scale.<\/p>\n<\/div><\/div><div class=\"w-separator size_medium\"><\/div><div class=\"w-hwrapper valign_top wrap stack_on_mobiles align_center\" style=\"--hwrapper-gap:1.2rem\"><div class=\"w-btn-wrapper align_none\"><a class=\"w-btn us-btn-style_1\" href=\"https:\/\/www.tablaosflamencos.com\/en\/tablao\/tablao-flamenco-triana\"><span class=\"w-btn-label\">See Tablao Flamenco Triana<\/span><\/a><\/div><div class=\"w-btn-wrapper align_none\"><a class=\"w-btn us-btn-style_1\" href=\"https:\/\/www.tablaosflamencos.com\/en\/flamenco-in-triana\"><span class=\"w-btn-label\">See more flamenco in Triana<\/span><\/a><\/div><\/div><\/div><\/div><\/div><\/div><\/div><\/section><section class=\"l-section wpb_row height_huge\"><div class=\"l-section-h i-cf\"><div class=\"g-cols vc_row via_flex valign_top type_default stacking_default\"><div class=\"vc_col-sm-12 wpb_column vc_column_container\"><div class=\"vc_column-inner\"><div class=\"wpb_wrapper\"><div class=\"wpb_text_column\"><div class=\"wpb_wrapper\"><h2 id=\"comparativa\">Flamenco options outside the Biennial at a glance<\/h2>\n<div style=\"overflow-x: auto;\">\n<table>\n<thead>\n<tr>\n<th>Area<\/th>\n<th>Option<\/th>\n<th>Approximate format<\/th>\n<th>It may suit you if&#8230;<\/th>\n<\/tr>\n<\/thead>\n<tbody>\n<tr>\n<td>Las Setas<\/td>\n<td><strong>Tablao Flamenco Las Setas<\/strong><\/td>\n<td>\u2248 60 min \u00b7 several showtimes<\/td>\n<td>You want flexible times and a central location<\/td>\n<\/tr>\n<tr>\n<td>Santa Cruz<\/td>\n<td><strong>El Jard\u00edn de Murillo<\/strong><\/td>\n<td>\u2248 60 min \u00b7 cante, guitar and dance<\/td>\n<td>You are coming from the Alc\u00e1zar, Cathedral or Santa Cruz<\/td>\n<\/tr>\n<tr>\n<td>City centre<\/td>\n<td><strong>Casa Duende Tablao<\/strong><\/td>\n<td>\u2248 50\u201360 min \u00b7 small capacity<\/td>\n<td>You want maximum proximity and an intimate format<\/td>\n<\/tr>\n<tr>\n<td>Arenal \/ Zaragoza<\/td>\n<td><strong>Casa Inquieta<\/strong><\/td>\n<td>\u2248 60 min \u00b7 five artists<\/td>\n<td>Historic venues appeal to you<\/td>\n<\/tr>\n<tr>\n<td>Plaza Nueva<\/td>\n<td><strong>La Cantaora<\/strong><\/td>\n<td>\u2248 60 min \u00b7 food options<\/td>\n<td>You want to combine dinner and a show<\/td>\n<\/tr>\n<tr>\n<td>Triana<\/td>\n<td><strong>Tablao Flamenco Triana<\/strong><\/td>\n<td>\u2248 60 min \u00b7 four artists<\/td>\n<td>You want to add an evening on the other side of the river<\/td>\n<\/tr>\n<\/tbody>\n<\/table>\n<\/div>\n<\/div><\/div><\/div><\/div><\/div><\/div><\/div><\/section><section class=\"l-section wpb_row height_huge color_alternate with_shape\"><div class=\"l-section-shape type_zigzag pos_top hor_flip\" style=\"height:3vmin;\"><svg xmlns=\"http:\/\/www.w3.org\/2000\/svg\" viewBox=\"0 0 64 8\" preserveAspectRatio=\"none\" width=\"100%\" height=\"100%\">\r\n\t<path fill=\"currentColor\" d=\"M64 8 L0 8 L0 0 L20 7.9 L40 3 L48 5 L64 0 Z\"\/>\r\n<\/svg><\/div><div class=\"l-section-shape type_zigzag pos_bottom\" style=\"height:3vmin;\"><svg xmlns=\"http:\/\/www.w3.org\/2000\/svg\" viewBox=\"0 0 64 8\" preserveAspectRatio=\"none\" width=\"100%\" height=\"100%\">\r\n\t<path fill=\"currentColor\" d=\"M64 8 L0 8 L0 0 L20 7.9 L40 3 L48 5 L64 0 Z\"\/>\r\n<\/svg><\/div><div class=\"l-section-h i-cf\"><div class=\"g-cols vc_row via_flex valign_top type_default stacking_default\"><div class=\"vc_col-sm-12 wpb_column vc_column_container\"><div class=\"vc_column-inner\"><div class=\"wpb_wrapper\"><div class=\"g-cols wpb_row via_flex valign_top type_default stacking_default\"><div class=\"vc_col-sm-6 wpb_column vc_column_container\"><div class=\"vc_column-inner\"><div class=\"wpb_wrapper\"><div class=\"wpb_text_column\"><div class=\"wpb_wrapper\"><h2 id=\"combinar\">How to combine the Biennial and a tablao without turning the trip into a race<\/h2>\n<h3>Option 1: one Biennial night and another night at a tablao<\/h3>\n<p>This is the simplest formula and probably the most recommendable. Choose one or two official productions that genuinely interest you and reserve another evening for a tablao. That way you can compare the large-scale stage format with the closeness of live flamenco without rushing.<\/p>\n<h3>Option 2: Unique Matinee + tablao in the afternoon or evening<\/h3>\n<p>The Unique Matinees at San Luis de los Franceses begin at midday. On those dates, keeping the rest of the day free leaves time to eat, explore the city and book a tablao later without overlapping experiences.<\/p>\n<\/div><\/div><\/div><\/div><\/div><div class=\"vc_col-sm-6 wpb_column vc_column_container\"><div class=\"vc_column-inner\"><div class=\"wpb_wrapper\"><div class=\"wpb_text_column\"><div class=\"wpb_wrapper\"><h2>More possible combinations<\/h2>\n<h3>Option 3: free daytime activity + tablao<\/h3>\n<p>The parallel programme includes free activities or events requiring advance booking. Combining an exhibition, workshop or daytime activity with a tablao at night can create a full flamenco day without depending on a major official production.<\/p>\n<h3>Option 4: if your official performance is sold out<\/h3>\n<p>If the show you wanted to see no longer has tickets, the tablao stops being a complement and can become the main option for that evening. In that case, actual availability should come first: check which venues have seats and then compare location and format.<\/p>\n<\/div><\/div><\/div><\/div><\/div><\/div><div class=\"w-separator size_medium\"><\/div><div class=\"w-hwrapper valign_top wrap stack_on_mobiles align_center\" style=\"--hwrapper-gap:1.2rem\"><div class=\"w-btn-wrapper align_none\"><a class=\"w-btn us-btn-style_1\" href=\"https:\/\/www.tablaosflamencos.com\/en\/biennial-sold-out-where-see-flamenco-tonight-seville.html\"><span class=\"w-btn-label\">What to do if the Biennial is sold out<\/span><\/a><\/div><div class=\"w-btn-wrapper align_none\"><a class=\"w-btn us-btn-style_1\" href=\"https:\/\/www.tablaosflamencos.com\/en\/seville-flamenco-biennial-2026-free.html\"><span class=\"w-btn-label\">See free activities<\/span><\/a><\/div><\/div><\/div><\/div><\/div><\/div><\/div><\/section><section class=\"l-section wpb_row height_huge\"><div class=\"l-section-h i-cf\"><div class=\"g-cols vc_row via_flex valign_top type_default stacking_default\"><div class=\"vc_col-sm-6 wpb_column vc_column_container\"><div class=\"vc_column-inner\"><div class=\"wpb_wrapper\"><div class=\"wpb_text_column\"><div class=\"wpb_wrapper\"><h2 id=\"elegir\">What to choose depending on the experience you want<\/h2>\n<ul>\n<li><strong>Schedule flexibility:<\/strong> start by checking options with several daily showtimes in the city centre.<\/li>\n<li><strong>An especially small venue:<\/strong> Casa Duende works on a very intimate scale.<\/li>\n<li><strong>Architecture and historic atmosphere:<\/strong> Casa Inquieta adds the setting of a 19th-century palace house.<\/li>\n<li><strong>Flamenco + food:<\/strong> La Cantaora lets you combine the show with different food or dinner options.<\/li>\n<li><strong>A plan after visiting the Alc\u00e1zar and Santa Cruz:<\/strong> El Jard\u00edn de Murillo reduces travel time and keeps the day in the historic centre.<\/li>\n<li><strong>An evening in Triana:<\/strong> Tablao Flamenco Triana lets you combine a walk through the neighbourhood with a show in the same area.<\/li>\n<\/ul>\n<p>The choice should not be based only on which one seems \u201cbest\u201d. Demand is very high during the Biennial, so a realistic combination of <strong>availability + area + schedule + type of experience<\/strong> usually produces a much more satisfying plan than chasing a single name.<\/p>\n<\/div><\/div><\/div><\/div><\/div><div class=\"vc_col-sm-6 wpb_column vc_column_container\"><div class=\"vc_column-inner\"><div class=\"wpb_wrapper\"><div class=\"wpb_text_column\"><div class=\"wpb_wrapper\"><h2 id=\"reservar\">During the Biennial, it is also worth booking tablaos in advance<\/h2>\n<p>The concentration of enthusiasts, professionals and visitors in September means Seville experiences much higher flamenco demand than usual. Official performances are not the only things that sell out: the best-known tablaos can also fill certain showtimes, especially at weekends and during prime evening hours.<\/p>\n<p>So if you already know which day you want to keep free for a tablao, there is no need to wait until you are in Seville. Check availability, choose the time and book. This is even more important in small-capacity venues.<\/p>\n<p>It is also wise to leave some margin between plans. If you are coming from a Biennial performance, allow enough time for the journey, leaving the venue and arriving at the tablao comfortably. Arriving 15\u201320 minutes early is a common recommendation at these venues.<\/p>\n<p>If you still do not know which tablao to choose, the most practical option is to start from the <strong>flamenco in Seville<\/strong>page, narrow the options mentally by area and open only those that have availability for your date.<\/p>\n<\/div><\/div><div class=\"w-separator size_medium\"><\/div><div class=\"w-hwrapper valign_top wrap stack_on_mobiles align_center\" style=\"--hwrapper-gap:1.2rem\"><div class=\"w-btn-wrapper align_none\"><a class=\"w-btn us-btn-style_1\" href=\"https:\/\/www.tablaosflamencos.com\/en\/flamenco-in-seville\"><span class=\"w-btn-label\">Compare tablaos in Seville<\/span><\/a><\/div><div class=\"w-btn-wrapper align_none\"><a class=\"w-btn us-btn-style_1\" href=\"https:\/\/www.tablaosflamencos.com\/en\/seville-flamenco-biennial-2026-tickets-prices-discounts.html\"><span class=\"w-btn-label\">2026 Biennial tickets, prices and discounts<\/span><\/a><\/div><\/div><\/div><\/div><\/div><\/div><\/div><\/section><section class=\"l-section wpb_row height_huge color_alternate with_shape\"><div class=\"l-section-shape type_zigzag pos_top\" style=\"height:3vmin;\"><svg xmlns=\"http:\/\/www.w3.org\/2000\/svg\" viewBox=\"0 0 64 8\" preserveAspectRatio=\"none\" width=\"100%\" height=\"100%\">\r\n\t<path fill=\"currentColor\" d=\"M64 8 L0 8 L0 0 L20 7.9 L40 3 L48 5 L64 0 Z\"\/>\r\n<\/svg><\/div><div class=\"l-section-shape type_zigzag pos_bottom\" style=\"height:3vmin;\"><svg xmlns=\"http:\/\/www.w3.org\/2000\/svg\" viewBox=\"0 0 64 8\" preserveAspectRatio=\"none\" width=\"100%\" height=\"100%\">\r\n\t<path fill=\"currentColor\" d=\"M64 8 L0 8 L0 0 L20 7.9 L40 3 L48 5 L64 0 Z\"\/>\r\n<\/svg><\/div><div class=\"l-section-h i-cf\"><div class=\"g-cols vc_row via_flex valign_top type_default stacking_default\"><div class=\"vc_col-sm-12 wpb_column vc_column_container\"><div class=\"vc_column-inner\"><div class=\"wpb_wrapper\"><div class=\"wpb_text_column\"><div class=\"wpb_wrapper\"><h2 style=\"text-align: center;\">The best flamenco visit to Seville does not have to be limited to the official programme<\/h2>\n<p style=\"text-align: center;\">The Flamenco Biennial is exceptional precisely because it concentrates an amount of creative work into a few weeks that is difficult to find at any other time. But at the same time Seville keeps its network of tablaos, venues and regular shows running.<\/p>\n<p style=\"text-align: center;\">Combining both formats helps you understand the city better: one day you can see a major production conceived for the Maestranza, Lope de Vega or a heritage venue; another night you can sit only a few metres from a singer, a guitar and a dancer without needing a large-scale stage production.<\/p>\n<p style=\"text-align: center;\"><strong>It is not about choosing between the Biennial and a tablao. In September 2026, the most interesting option may be precisely to experience both.<\/strong><\/p>\n<\/div><\/div><\/div><\/div><\/div><\/div><\/div><\/section><section class=\"l-section wpb_row height_huge with_shape\"><div class=\"l-section-shape type_zigzag pos_bottom\" style=\"height:3vmin;\"><svg xmlns=\"http:\/\/www.w3.org\/2000\/svg\" viewBox=\"0 0 64 8\" preserveAspectRatio=\"none\" width=\"100%\" height=\"100%\">\r\n\t<path fill=\"currentColor\" d=\"M64 8 L0 8 L0 0 L20 7.9 L40 3 L48 5 L64 0 Z\"\/>\r\n<\/svg><\/div><div class=\"l-section-h i-cf\"><div class=\"g-cols vc_row via_flex valign_top type_default stacking_default\"><div class=\"vc_col-sm-1\/5 wpb_column vc_column_container\"><div class=\"vc_column-inner\"><div class=\"wpb_wrapper\"><\/div><\/div><\/div><div class=\"vc_col-sm-3\/5 wpb_column vc_column_container\"><div class=\"vc_column-inner\"><div class=\"wpb_wrapper\"><div class=\"wpb_text_column\"><div class=\"wpb_wrapper\"><h2 id=\"faq\" style=\"text-align: center;\">Frequently asked questions about where to see flamenco in Seville during the Biennial<\/h2>\n<\/div><\/div><div class=\"w-separator size_medium\"><\/div><div class=\"w-tabs accordion toggle_style_1 has_scrolling\" style=\"--sections-title-size:inherit;--sections-gap:0.5rem;\"><div class=\"w-tabs-sections titles-align_none icon_chevron cpos_right\"><div class=\"w-tabs-section\" id=\"v486\"><button type=\"button\" class=\"w-tabs-section-header\" aria-controls=\"content-v486\" aria-expanded=\"false\"><div class=\"w-tabs-section-title\">Can you see flamenco in Seville outside the Biennial&#8217;s official programme?<\/div><div class=\"w-tabs-section-control\"><\/div><\/button><div  class=\"w-tabs-section-content\" id=\"content-v486\"><div class=\"w-tabs-section-content-h i-cf\"><div class=\"wpb_text_column\"><div class=\"wpb_wrapper\"><p>Yes. Seville&#8217;s flamenco tablaos keep their regular programmes during the Biennial. You can book cante, guitar and dance shows in the city centre, Santa Cruz, Arenal, Plaza Nueva, Triana and other areas of the city.<\/p>\n<\/div><\/div><\/div><\/div><\/div><div class=\"w-tabs-section\" id=\"b58f\"><button type=\"button\" class=\"w-tabs-section-header\" aria-controls=\"content-b58f\" aria-expanded=\"false\"><div class=\"w-tabs-section-title\">Is it better to see the Biennial or a tablao?<\/div><div class=\"w-tabs-section-control\"><\/div><\/button><div  class=\"w-tabs-section-content\" id=\"content-b58f\"><div class=\"w-tabs-section-content-h i-cf\"><div class=\"wpb_text_column\"><div class=\"wpb_wrapper\"><p>They are different experiences. The Biennial stands out for large productions, premieres and projects created for specific venues; the tablao offers proximity, a smaller format and a more direct relationship between artists and audience. If your trip allows it, combining both gives the most complete experience.<\/p>\n<\/div><\/div><\/div><\/div><\/div><div class=\"w-tabs-section\" id=\"p694\"><button type=\"button\" class=\"w-tabs-section-header\" aria-controls=\"content-p694\" aria-expanded=\"false\"><div class=\"w-tabs-section-title\">Which tablao is conveniently located if I am visiting Santa Cruz and the Alc\u00e1zar?<\/div><div class=\"w-tabs-section-control\"><\/div><\/button><div  class=\"w-tabs-section-content\" id=\"content-p694\"><div class=\"w-tabs-section-content-h i-cf\"><div class=\"wpb_text_column\"><div class=\"wpb_wrapper\"><p>El Jard\u00edn de Murillo is next to Paseo de Catalina de Ribera and very close to the Santa Cruz neighbourhood, Alc\u00e1zar, Cathedral and Giralda, making it especially convenient if you want to keep the whole day within the historic centre.<\/p>\n<\/div><\/div><\/div><\/div><\/div><div class=\"w-tabs-section\" id=\"r779\"><button type=\"button\" class=\"w-tabs-section-header\" aria-controls=\"content-r779\" aria-expanded=\"false\"><div class=\"w-tabs-section-title\">Where can I see flamenco in Triana during the Biennial?<\/div><div class=\"w-tabs-section-control\"><\/div><\/button><div  class=\"w-tabs-section-content\" id=\"content-r779\"><div class=\"w-tabs-section-content-h i-cf\"><div class=\"wpb_text_column\"><div class=\"wpb_wrapper\"><p>Triana has a stable flamenco offering. Tablao Flamenco Triana, on Calle Pureza, is one of the available options, and our flamenco in Triana page brings together alternatives to compare depending on the date.<\/p>\n<\/div><\/div><\/div><\/div><\/div><div class=\"w-tabs-section\" id=\"g870\"><button type=\"button\" class=\"w-tabs-section-header\" aria-controls=\"content-g870\" aria-expanded=\"false\"><div class=\"w-tabs-section-title\">Are there tablaos with dinner during the Biennial?<\/div><div class=\"w-tabs-section-control\"><\/div><\/button><div  class=\"w-tabs-section-content\" id=\"content-g870\"><div class=\"w-tabs-section-content-h i-cf\"><div class=\"wpb_text_column\"><div class=\"wpb_wrapper\"><p>Yes. Some options include tapas, tastings, drinks or a full dinner. La Cantaora, for example, offers packages that let you combine the show and food in the same booking.<\/p>\n<\/div><\/div><\/div><\/div><\/div><div class=\"w-tabs-section\" id=\"i9d1\"><button type=\"button\" class=\"w-tabs-section-header\" aria-controls=\"content-i9d1\" aria-expanded=\"false\"><div class=\"w-tabs-section-title\">How long does a tablao show in Seville usually last?<\/div><div class=\"w-tabs-section-control\"><\/div><\/button><div  class=\"w-tabs-section-content\" id=\"content-i9d1\"><div class=\"w-tabs-section-content-h i-cf\"><div class=\"wpb_text_column\"><div class=\"wpb_wrapper\"><p>Many of the shows included in this guide last approximately 50 to 60 minutes. The exact duration depends on the tablao and the option booked, so always check the listing before purchasing.<\/p>\n<\/div><\/div><\/div><\/div><\/div><div class=\"w-tabs-section\" id=\"tab9\"><button type=\"button\" class=\"w-tabs-section-header\" aria-controls=\"content-tab9\" aria-expanded=\"false\"><div class=\"w-tabs-section-title\">Can I go to a tablao if my Biennial performance is sold out?<\/div><div class=\"w-tabs-section-control\"><\/div><\/button><div  class=\"w-tabs-section-content\" id=\"content-tab9\"><div class=\"w-tabs-section-content-h i-cf\"><div class=\"wpb_text_column\"><div class=\"wpb_wrapper\"><p>Yes. First check whether there is another official performance with tickets available. If none fits, a tablao with availability that night is an immediate alternative and, above all, a different way of experiencing flamenco rather than a reduced copy of the show you missed.<\/p>\n<\/div><\/div><\/div><\/div><\/div><div class=\"w-tabs-section\" id=\"zba4\"><button type=\"button\" class=\"w-tabs-section-header\" aria-controls=\"content-zba4\" aria-expanded=\"false\"><div class=\"w-tabs-section-title\">Should I book a tablao in advance during the Biennial?<\/div><div class=\"w-tabs-section-control\"><\/div><\/button><div  class=\"w-tabs-section-content\" id=\"content-zba4\"><div class=\"w-tabs-section-content-h i-cf\"><div class=\"wpb_text_column\"><div class=\"wpb_wrapper\"><p>Yes. September brings exceptional flamenco demand to Seville and smaller venues can fill certain showtimes. If you already know the date, it is advisable to check availability and book.<\/p>\n<\/div><\/div><\/div><\/div><\/div><div class=\"w-tabs-section\" id=\"ud0d\"><button type=\"button\" class=\"w-tabs-section-header\" aria-controls=\"content-ud0d\" aria-expanded=\"false\"><div class=\"w-tabs-section-title\">Can I combine a Unique Matinee with a tablao on the same day?<\/div><div class=\"w-tabs-section-control\"><\/div><\/button><div  class=\"w-tabs-section-content\" id=\"content-ud0d\"><div class=\"w-tabs-section-content-h i-cf\"><div class=\"wpb_text_column\"><div class=\"wpb_wrapper\"><p>Yes. The Unique Matinees take place at midday, leaving time to eat, explore the city and attend a tablao later. It is one of the easiest combinations for dedicating a full day to flamenco without stringing together two evening performances.<\/p>\n<\/div><\/div><\/div><\/div><\/div><div class=\"w-tabs-section\" id=\"je4a\"><button type=\"button\" class=\"w-tabs-section-header\" aria-controls=\"content-je4a\" aria-expanded=\"false\"><div class=\"w-tabs-section-title\">Where can I compare tablaos and availability in Seville?<\/div><div class=\"w-tabs-section-control\"><\/div><\/button><div  class=\"w-tabs-section-content\" id=\"content-je4a\"><div class=\"w-tabs-section-content-h i-cf\"><div class=\"wpb_text_column\"><div class=\"wpb_wrapper\"><p>On Tablaos Flamencos&#8217; Flamenco in Seville page you can see the options available in the city, open each venue listing and compare format, location and availability before booking.<\/p>\n<\/div><\/div><\/div><\/div><\/div><\/div><\/div><\/div><\/div><\/div><div class=\"vc_col-sm-1\/5 wpb_column vc_column_container\"><div class=\"vc_column-inner\"><div class=\"wpb_wrapper\"><\/div><\/div><\/div><\/div><\/div><\/section>\n","protected":false},"excerpt":{"rendered":"<p>Guide to seeing flamenco in Seville during the 2026 Biennial beyond the official programme: tablaos, neighbourhoods, formats and how to combine both experiences.<\/p>\n","protected":false},"author":1,"featured_media":14269,"comment_status":"closed","ping_status":"closed","sticky":false,"template":"","format":"standard","meta":{"_acf_changed":false,"wpai_generated_summary":"","_ayudawp_aiss_exclude":false,"_ayudawp_aiss_exclude_summary":false,"_ayudawp_aiss_summary":"","_ayudawp_aiss_summary_provider":"","_ayudawp_aiss_summary_hash":"","footnotes":""},"categories":[1427],"tags":[1232,1233,1234,1235,1144,1236,1237],"class_list":["post-14282","post","type-post","status-publish","format-standard","has-post-thumbnail","hentry","category-flamenco-biennial","tag-agenda-flamenca","tag-bienal-2026","tag-bienal-de-flamenco","tag-festivales-flamencos","tag-flamenco-en-sevilla","tag-sevilla","tag-tablaos-de-sevilla"],"acf":[],"yoast_head":"<!-- This site is optimized with the Yoast SEO Premium plugin v28.4 (Yoast SEO v28.4) - https:\/\/yoast.com\/product\/yoast-seo-premium-wordpress\/ -->\n<title>Flamenco in Seville during the 2026 Biennial: where to go<\/title>\n<meta name=\"description\" content=\"Where to see flamenco in Seville during the 2026 Biennial beyond the official programme: tablaos, areas, formats and how to combine both experiences.\" \/>\n<meta name=\"robots\" content=\"index, follow, max-snippet:-1, max-image-preview:large, max-video-preview:-1\" \/>\n<link rel=\"canonical\" href=\"https:\/\/www.tablaosflamencos.com\/en\/flamenco-seville-biennial-2026-shows-beyond-official-programme.html\" \/>\n<meta property=\"og:locale\" content=\"en_US\" \/>\n<meta property=\"og:type\" content=\"article\" \/>\n<meta property=\"og:title\" content=\"Flamenco in Seville during the Biennial: where to see shows beyond the official programme\" \/>\n<meta property=\"og:description\" content=\"Where to see flamenco in Seville during the 2026 Biennial beyond the official programme: tablaos, areas, formats and how to combine both experiences.\" \/>\n<meta property=\"og:url\" content=\"https:\/\/www.tablaosflamencos.com\/en\/flamenco-seville-biennial-2026-shows-beyond-official-programme.html\" \/>\n<meta property=\"og:site_name\" content=\"Tablaos Flamencos\" \/>\n<meta property=\"article:publisher\" content=\"https:\/\/www.facebook.com\/tablaosflamencos\" \/>\n<meta property=\"article:published_time\" content=\"2026-09-03T20:54:58+00:00\" \/>\n<meta property=\"article:modified_time\" content=\"2026-09-03T21:45:41+00:00\" \/>\n<meta property=\"og:image\" content=\"https:\/\/www.tablaosflamencos.com\/wp-content\/uploads\/flamenco-en-sevilla-durante-la-bienal-donde-ver-espectaculos-ademas-de-la-programacion-oficial-01.webp\" \/>\n\t<meta property=\"og:image:width\" content=\"1672\" \/>\n\t<meta property=\"og:image:height\" content=\"941\" \/>\n\t<meta property=\"og:image:type\" content=\"image\/webp\" \/>\n<meta name=\"author\" content=\"Miguel Ortiz\" \/>\n<meta name=\"twitter:card\" content=\"summary_large_image\" \/>\n<meta name=\"twitter:creator\" content=\"@tablaosflamenco\" \/>\n<meta name=\"twitter:site\" content=\"@tablaosflamenco\" \/>\n<meta name=\"twitter:label1\" content=\"Written by\" \/>\n\t<meta name=\"twitter:data1\" content=\"Miguel Ortiz\" \/>\n\t<meta name=\"twitter:label2\" content=\"Est. reading time\" \/>\n\t<meta name=\"twitter:data2\" content=\"18 minutes\" \/>\n<script type=\"application\/ld+json\" class=\"yoast-schema-graph\">{\"@context\":\"https:\\\/\\\/schema.org\",\"@graph\":[{\"@type\":\"Article\",\"@id\":\"https:\\\/\\\/www.tablaosflamencos.com\\\/en\\\/flamenco-seville-biennial-2026-shows-beyond-official-programme.html#article\",\"isPartOf\":{\"@id\":\"https:\\\/\\\/www.tablaosflamencos.com\\\/en\\\/flamenco-seville-biennial-2026-shows-beyond-official-programme.html\"},\"author\":{\"name\":\"Miguel Ortiz\",\"@id\":\"https:\\\/\\\/www.tablaosflamencos.com\\\/en#\\\/schema\\\/person\\\/e7a9ebe14eb75a52ceabfbffb3c54f5d\"},\"headline\":\"Flamenco in Seville during the Biennial: where to see shows beyond the official programme\",\"datePublished\":\"2026-09-03T20:54:58+00:00\",\"dateModified\":\"2026-09-03T21:45:41+00:00\",\"mainEntityOfPage\":{\"@id\":\"https:\\\/\\\/www.tablaosflamencos.com\\\/en\\\/flamenco-seville-biennial-2026-shows-beyond-official-programme.html\"},\"wordCount\":3716,\"publisher\":{\"@id\":\"https:\\\/\\\/www.tablaosflamencos.com\\\/en#organization\"},\"image\":{\"@id\":\"https:\\\/\\\/www.tablaosflamencos.com\\\/en\\\/flamenco-seville-biennial-2026-shows-beyond-official-programme.html#primaryimage\"},\"thumbnailUrl\":\"https:\\\/\\\/www.tablaosflamencos.com\\\/wp-content\\\/uploads\\\/flamenco-en-sevilla-durante-la-bienal-donde-ver-espectaculos-ademas-de-la-programacion-oficial-01.webp\",\"keywords\":[\"agenda flamenca\",\"Bienal 2026\",\"Bienal de Flamenco\",\"festivales flamencos\",\"flamenco en Sevilla\",\"sevilla\",\"tablaos de Sevilla\"],\"articleSection\":[\"Flamenco Biennial\"],\"inLanguage\":\"en-US\"},{\"@type\":\"WebPage\",\"@id\":\"https:\\\/\\\/www.tablaosflamencos.com\\\/en\\\/flamenco-seville-biennial-2026-shows-beyond-official-programme.html\",\"url\":\"https:\\\/\\\/www.tablaosflamencos.com\\\/en\\\/flamenco-seville-biennial-2026-shows-beyond-official-programme.html\",\"name\":\"Flamenco in Seville during the 2026 Biennial: where to go\",\"isPartOf\":{\"@id\":\"https:\\\/\\\/www.tablaosflamencos.com\\\/en#website\"},\"primaryImageOfPage\":{\"@id\":\"https:\\\/\\\/www.tablaosflamencos.com\\\/en\\\/flamenco-seville-biennial-2026-shows-beyond-official-programme.html#primaryimage\"},\"image\":{\"@id\":\"https:\\\/\\\/www.tablaosflamencos.com\\\/en\\\/flamenco-seville-biennial-2026-shows-beyond-official-programme.html#primaryimage\"},\"thumbnailUrl\":\"https:\\\/\\\/www.tablaosflamencos.com\\\/wp-content\\\/uploads\\\/flamenco-en-sevilla-durante-la-bienal-donde-ver-espectaculos-ademas-de-la-programacion-oficial-01.webp\",\"datePublished\":\"2026-09-03T20:54:58+00:00\",\"dateModified\":\"2026-09-03T21:45:41+00:00\",\"description\":\"Where to see flamenco in Seville during the 2026 Biennial beyond the official programme: tablaos, areas, formats and how to combine both experiences.\",\"breadcrumb\":{\"@id\":\"https:\\\/\\\/www.tablaosflamencos.com\\\/en\\\/flamenco-seville-biennial-2026-shows-beyond-official-programme.html#breadcrumb\"},\"inLanguage\":\"en-US\",\"potentialAction\":[{\"@type\":\"ReadAction\",\"target\":[\"https:\\\/\\\/www.tablaosflamencos.com\\\/en\\\/flamenco-seville-biennial-2026-shows-beyond-official-programme.html\"]}]},{\"@type\":\"ImageObject\",\"inLanguage\":\"en-US\",\"@id\":\"https:\\\/\\\/www.tablaosflamencos.com\\\/en\\\/flamenco-seville-biennial-2026-shows-beyond-official-programme.html#primaryimage\",\"url\":\"https:\\\/\\\/www.tablaosflamencos.com\\\/wp-content\\\/uploads\\\/flamenco-en-sevilla-durante-la-bienal-donde-ver-espectaculos-ademas-de-la-programacion-oficial-01.webp\",\"contentUrl\":\"https:\\\/\\\/www.tablaosflamencos.com\\\/wp-content\\\/uploads\\\/flamenco-en-sevilla-durante-la-bienal-donde-ver-espectaculos-ademas-de-la-programacion-oficial-01.webp\",\"width\":1672,\"height\":941,\"caption\":\"Flamenco en Sevilla durante la Bienal: d\u00f3nde ver espect\u00e1culos adem\u00e1s de la programaci\u00f3n oficial\"},{\"@type\":\"BreadcrumbList\",\"@id\":\"https:\\\/\\\/www.tablaosflamencos.com\\\/en\\\/flamenco-seville-biennial-2026-shows-beyond-official-programme.html#breadcrumb\",\"itemListElement\":[{\"@type\":\"ListItem\",\"position\":1,\"name\":\"Home\",\"item\":\"https:\\\/\\\/www.tablaosflamencos.com\\\/en\"},{\"@type\":\"ListItem\",\"position\":2,\"name\":\"Flamenco in Seville during the Biennial: where to see shows beyond the official programme\"}]},{\"@type\":\"WebSite\",\"@id\":\"https:\\\/\\\/www.tablaosflamencos.com\\\/en#website\",\"url\":\"https:\\\/\\\/www.tablaosflamencos.com\\\/en\",\"name\":\"Tablaos Flamencos\",\"description\":\"Entradas para tablaos flamencos de Espa\u00f1a\",\"publisher\":{\"@id\":\"https:\\\/\\\/www.tablaosflamencos.com\\\/en#organization\"},\"alternateName\":\"Tablaos Flamencos\",\"potentialAction\":[{\"@type\":\"SearchAction\",\"target\":{\"@type\":\"EntryPoint\",\"urlTemplate\":\"https:\\\/\\\/www.tablaosflamencos.com\\\/en?s={search_term_string}\"},\"query-input\":{\"@type\":\"PropertyValueSpecification\",\"valueRequired\":true,\"valueName\":\"search_term_string\"}}],\"inLanguage\":\"en-US\"},{\"@type\":[\"Organization\",\"Place\",\"EntertainmentBusiness\"],\"@id\":\"https:\\\/\\\/www.tablaosflamencos.com\\\/en#organization\",\"name\":\"Tablaos Flamencos\",\"alternateName\":\"Tablaos Flamencos\",\"url\":\"https:\\\/\\\/www.tablaosflamencos.com\\\/en\",\"logo\":{\"@id\":\"https:\\\/\\\/www.tablaosflamencos.com\\\/en\\\/flamenco-seville-biennial-2026-shows-beyond-official-programme.html#local-main-organization-logo\"},\"image\":{\"@id\":\"https:\\\/\\\/www.tablaosflamencos.com\\\/en\\\/flamenco-seville-biennial-2026-shows-beyond-official-programme.html#local-main-organization-logo\"},\"sameAs\":[\"https:\\\/\\\/www.facebook.com\\\/tablaosflamencos\",\"https:\\\/\\\/x.com\\\/tablaosflamenco\",\"https:\\\/\\\/mastodon.social\\\/@tablaosflamencos\",\"https:\\\/\\\/www.instagram.com\\\/tablaosflamencos\",\"https:\\\/\\\/tiktok.com\\\/@tablaosflamencos\",\"https:\\\/\\\/www.linkedin.com\\\/company\\\/109408238\\\/\"],\"description\":\"Venta de entradas para espect\u00e1culos flamencos\",\"legalName\":\"Tablaos Flamencos\",\"foundingDate\":\"2015-01-01\",\"numberOfEmployees\":{\"@type\":\"QuantitativeValue\",\"minValue\":\"1\",\"maxValue\":\"10\"},\"address\":{\"@id\":\"https:\\\/\\\/www.tablaosflamencos.com\\\/en\\\/flamenco-seville-biennial-2026-shows-beyond-official-programme.html#local-main-place-address\"},\"geo\":{\"@type\":\"GeoCoordinates\",\"latitude\":\"37.3868072\",\"longitude\":\"-5.993280299999999\"},\"telephone\":[\"+34623787787\"],\"contactPoint\":{\"@type\":\"ContactPoint\",\"telephone\":\"+34623787787\",\"email\":\"info@tablaosflamencos.com\"},\"openingHoursSpecification\":{\"@type\":\"OpeningHoursSpecification\",\"dayOfWeek\":[\"Monday\",\"Tuesday\",\"Wednesday\",\"Thursday\",\"Friday\",\"Saturday\",\"Sunday\"],\"opens\":\"00:00\",\"closes\":\"23:59\"},\"email\":\"info@tablaosflamencos.com\",\"priceRange\":\"$$$\",\"currenciesAccepted\":\"\u20ac\"},{\"@type\":\"Person\",\"@id\":\"https:\\\/\\\/www.tablaosflamencos.com\\\/en#\\\/schema\\\/person\\\/e7a9ebe14eb75a52ceabfbffb3c54f5d\",\"name\":\"Miguel Ortiz\",\"description\":\"Miguel Ortiz es un empresario flamenco, con una s\u00f3lida trayectoria dentro del sector. Ha presidido entidades culturales vinculadas al flamenco y, cuenta con un amplio recorrido profesional en la gesti\u00f3n y promoci\u00f3n de espect\u00e1culos y tablaos flamencos. Su pasi\u00f3n por la historia y el arte flamenco se refleja en cada art\u00edculo, donde combina experiencia, criterio y un profundo respeto por la tradici\u00f3n.\",\"sameAs\":[\"https:\\\/\\\/www.tablaosflamencos.com\",\"https:\\\/\\\/www.instagra.com\\\/miguelortizfe\",\"https:\\\/\\\/www.linkedin.com\\\/in\\\/miguelortizf\\\/\"],\"birthDate\":\"1984-11-22\",\"gender\":\"hombre\",\"knowsLanguage\":[\"espa\u00f1ol\",\"ingl\u00e9s\"],\"jobTitle\":\"Empresario flamenco\"},{\"@type\":\"PostalAddress\",\"@id\":\"https:\\\/\\\/www.tablaosflamencos.com\\\/en\\\/flamenco-seville-biennial-2026-shows-beyond-official-programme.html#local-main-place-address\",\"streetAddress\":\"C\\\/ Alemanes, 19\",\"addressLocality\":\"Sevilla\",\"postalCode\":\"41004\",\"addressRegion\":\"Sevilla\",\"addressCountry\":\"ES\"},{\"@type\":\"ImageObject\",\"inLanguage\":\"en-US\",\"@id\":\"https:\\\/\\\/www.tablaosflamencos.com\\\/en\\\/flamenco-seville-biennial-2026-shows-beyond-official-programme.html#local-main-organization-logo\",\"url\":\"https:\\\/\\\/www.tablaosflamencos.com\\\/wp-content\\\/uploads\\\/tablaos-flamencos-06-3.webp\",\"contentUrl\":\"https:\\\/\\\/www.tablaosflamencos.com\\\/wp-content\\\/uploads\\\/tablaos-flamencos-06-3.webp\",\"width\":600,\"height\":620,\"caption\":\"Tablaos Flamencos\"}]}<\/script>\n<meta name=\"geo.placename\" content=\"Sevilla\" \/>\n<meta name=\"geo.position\" content=\"37.3868072;-5.993280299999999\" \/>\n<meta name=\"geo.region\" content=\"Spain\" \/>\n<!-- \/ Yoast SEO Premium plugin. -->","yoast_head_json":{"title":"Flamenco in Seville during the 2026 Biennial: where to go","description":"Where to see flamenco in Seville during the 2026 Biennial beyond the official programme: tablaos, areas, formats and how to combine both experiences.","robots":{"index":"index","follow":"follow","max-snippet":"max-snippet:-1","max-image-preview":"max-image-preview:large","max-video-preview":"max-video-preview:-1"},"canonical":"https:\/\/www.tablaosflamencos.com\/en\/flamenco-seville-biennial-2026-shows-beyond-official-programme.html","og_locale":"en_US","og_type":"article","og_title":"Flamenco in Seville during the Biennial: where to see shows beyond the official programme","og_description":"Where to see flamenco in Seville during the 2026 Biennial beyond the official programme: tablaos, areas, formats and how to combine both experiences.","og_url":"https:\/\/www.tablaosflamencos.com\/en\/flamenco-seville-biennial-2026-shows-beyond-official-programme.html","og_site_name":"Tablaos Flamencos","article_publisher":"https:\/\/www.facebook.com\/tablaosflamencos","article_published_time":"2026-09-03T20:54:58+00:00","article_modified_time":"2026-09-03T21:45:41+00:00","og_image":[{"width":1672,"height":941,"url":"https:\/\/www.tablaosflamencos.com\/wp-content\/uploads\/flamenco-en-sevilla-durante-la-bienal-donde-ver-espectaculos-ademas-de-la-programacion-oficial-01.webp","type":"image\/webp"}],"author":"Miguel Ortiz","twitter_card":"summary_large_image","twitter_creator":"@tablaosflamenco","twitter_site":"@tablaosflamenco","twitter_misc":{"Written by":"Miguel Ortiz","Est. reading time":"18 minutes"},"schema":{"@context":"https:\/\/schema.org","@graph":[{"@type":"Article","@id":"https:\/\/www.tablaosflamencos.com\/en\/flamenco-seville-biennial-2026-shows-beyond-official-programme.html#article","isPartOf":{"@id":"https:\/\/www.tablaosflamencos.com\/en\/flamenco-seville-biennial-2026-shows-beyond-official-programme.html"},"author":{"name":"Miguel Ortiz","@id":"https:\/\/www.tablaosflamencos.com\/en#\/schema\/person\/e7a9ebe14eb75a52ceabfbffb3c54f5d"},"headline":"Flamenco in Seville during the Biennial: where to see shows beyond the official programme","datePublished":"2026-09-03T20:54:58+00:00","dateModified":"2026-09-03T21:45:41+00:00","mainEntityOfPage":{"@id":"https:\/\/www.tablaosflamencos.com\/en\/flamenco-seville-biennial-2026-shows-beyond-official-programme.html"},"wordCount":3716,"publisher":{"@id":"https:\/\/www.tablaosflamencos.com\/en#organization"},"image":{"@id":"https:\/\/www.tablaosflamencos.com\/en\/flamenco-seville-biennial-2026-shows-beyond-official-programme.html#primaryimage"},"thumbnailUrl":"https:\/\/www.tablaosflamencos.com\/wp-content\/uploads\/flamenco-en-sevilla-durante-la-bienal-donde-ver-espectaculos-ademas-de-la-programacion-oficial-01.webp","keywords":["agenda flamenca","Bienal 2026","Bienal de Flamenco","festivales flamencos","flamenco en Sevilla","sevilla","tablaos de Sevilla"],"articleSection":["Flamenco Biennial"],"inLanguage":"en-US"},{"@type":"WebPage","@id":"https:\/\/www.tablaosflamencos.com\/en\/flamenco-seville-biennial-2026-shows-beyond-official-programme.html","url":"https:\/\/www.tablaosflamencos.com\/en\/flamenco-seville-biennial-2026-shows-beyond-official-programme.html","name":"Flamenco in Seville during the 2026 Biennial: where to go","isPartOf":{"@id":"https:\/\/www.tablaosflamencos.com\/en#website"},"primaryImageOfPage":{"@id":"https:\/\/www.tablaosflamencos.com\/en\/flamenco-seville-biennial-2026-shows-beyond-official-programme.html#primaryimage"},"image":{"@id":"https:\/\/www.tablaosflamencos.com\/en\/flamenco-seville-biennial-2026-shows-beyond-official-programme.html#primaryimage"},"thumbnailUrl":"https:\/\/www.tablaosflamencos.com\/wp-content\/uploads\/flamenco-en-sevilla-durante-la-bienal-donde-ver-espectaculos-ademas-de-la-programacion-oficial-01.webp","datePublished":"2026-09-03T20:54:58+00:00","dateModified":"2026-09-03T21:45:41+00:00","description":"Where to see flamenco in Seville during the 2026 Biennial beyond the official programme: tablaos, areas, formats and how to combine both experiences.","breadcrumb":{"@id":"https:\/\/www.tablaosflamencos.com\/en\/flamenco-seville-biennial-2026-shows-beyond-official-programme.html#breadcrumb"},"inLanguage":"en-US","potentialAction":[{"@type":"ReadAction","target":["https:\/\/www.tablaosflamencos.com\/en\/flamenco-seville-biennial-2026-shows-beyond-official-programme.html"]}]},{"@type":"ImageObject","inLanguage":"en-US","@id":"https:\/\/www.tablaosflamencos.com\/en\/flamenco-seville-biennial-2026-shows-beyond-official-programme.html#primaryimage","url":"https:\/\/www.tablaosflamencos.com\/wp-content\/uploads\/flamenco-en-sevilla-durante-la-bienal-donde-ver-espectaculos-ademas-de-la-programacion-oficial-01.webp","contentUrl":"https:\/\/www.tablaosflamencos.com\/wp-content\/uploads\/flamenco-en-sevilla-durante-la-bienal-donde-ver-espectaculos-ademas-de-la-programacion-oficial-01.webp","width":1672,"height":941,"caption":"Flamenco en Sevilla durante la Bienal: d\u00f3nde ver espect\u00e1culos adem\u00e1s de la programaci\u00f3n oficial"},{"@type":"BreadcrumbList","@id":"https:\/\/www.tablaosflamencos.com\/en\/flamenco-seville-biennial-2026-shows-beyond-official-programme.html#breadcrumb","itemListElement":[{"@type":"ListItem","position":1,"name":"Home","item":"https:\/\/www.tablaosflamencos.com\/en"},{"@type":"ListItem","position":2,"name":"Flamenco in Seville during the Biennial: where to see shows beyond the official programme"}]},{"@type":"WebSite","@id":"https:\/\/www.tablaosflamencos.com\/en#website","url":"https:\/\/www.tablaosflamencos.com\/en","name":"Tablaos Flamencos","description":"Entradas para tablaos flamencos de Espa\u00f1a","publisher":{"@id":"https:\/\/www.tablaosflamencos.com\/en#organization"},"alternateName":"Tablaos Flamencos","potentialAction":[{"@type":"SearchAction","target":{"@type":"EntryPoint","urlTemplate":"https:\/\/www.tablaosflamencos.com\/en?s={search_term_string}"},"query-input":{"@type":"PropertyValueSpecification","valueRequired":true,"valueName":"search_term_string"}}],"inLanguage":"en-US"},{"@type":["Organization","Place","EntertainmentBusiness"],"@id":"https:\/\/www.tablaosflamencos.com\/en#organization","name":"Tablaos Flamencos","alternateName":"Tablaos Flamencos","url":"https:\/\/www.tablaosflamencos.com\/en","logo":{"@id":"https:\/\/www.tablaosflamencos.com\/en\/flamenco-seville-biennial-2026-shows-beyond-official-programme.html#local-main-organization-logo"},"image":{"@id":"https:\/\/www.tablaosflamencos.com\/en\/flamenco-seville-biennial-2026-shows-beyond-official-programme.html#local-main-organization-logo"},"sameAs":["https:\/\/www.facebook.com\/tablaosflamencos","https:\/\/x.com\/tablaosflamenco","https:\/\/mastodon.social\/@tablaosflamencos","https:\/\/www.instagram.com\/tablaosflamencos","https:\/\/tiktok.com\/@tablaosflamencos","https:\/\/www.linkedin.com\/company\/109408238\/"],"description":"Venta de entradas para espect\u00e1culos flamencos","legalName":"Tablaos Flamencos","foundingDate":"2015-01-01","numberOfEmployees":{"@type":"QuantitativeValue","minValue":"1","maxValue":"10"},"address":{"@id":"https:\/\/www.tablaosflamencos.com\/en\/flamenco-seville-biennial-2026-shows-beyond-official-programme.html#local-main-place-address"},"geo":{"@type":"GeoCoordinates","latitude":"37.3868072","longitude":"-5.993280299999999"},"telephone":["+34623787787"],"contactPoint":{"@type":"ContactPoint","telephone":"+34623787787","email":"info@tablaosflamencos.com"},"openingHoursSpecification":{"@type":"OpeningHoursSpecification","dayOfWeek":["Monday","Tuesday","Wednesday","Thursday","Friday","Saturday","Sunday"],"opens":"00:00","closes":"23:59"},"email":"info@tablaosflamencos.com","priceRange":"$$$","currenciesAccepted":"\u20ac"},{"@type":"Person","@id":"https:\/\/www.tablaosflamencos.com\/en#\/schema\/person\/e7a9ebe14eb75a52ceabfbffb3c54f5d","name":"Miguel Ortiz","description":"Miguel Ortiz es un empresario flamenco, con una s\u00f3lida trayectoria dentro del sector. Ha presidido entidades culturales vinculadas al flamenco y, cuenta con un amplio recorrido profesional en la gesti\u00f3n y promoci\u00f3n de espect\u00e1culos y tablaos flamencos. Su pasi\u00f3n por la historia y el arte flamenco se refleja en cada art\u00edculo, donde combina experiencia, criterio y un profundo respeto por la tradici\u00f3n.","sameAs":["https:\/\/www.tablaosflamencos.com","https:\/\/www.instagra.com\/miguelortizfe","https:\/\/www.linkedin.com\/in\/miguelortizf\/"],"birthDate":"1984-11-22","gender":"hombre","knowsLanguage":["espa\u00f1ol","ingl\u00e9s"],"jobTitle":"Empresario flamenco"},{"@type":"PostalAddress","@id":"https:\/\/www.tablaosflamencos.com\/en\/flamenco-seville-biennial-2026-shows-beyond-official-programme.html#local-main-place-address","streetAddress":"C\/ Alemanes, 19","addressLocality":"Sevilla","postalCode":"41004","addressRegion":"Sevilla","addressCountry":"ES"},{"@type":"ImageObject","inLanguage":"en-US","@id":"https:\/\/www.tablaosflamencos.com\/en\/flamenco-seville-biennial-2026-shows-beyond-official-programme.html#local-main-organization-logo","url":"https:\/\/www.tablaosflamencos.com\/wp-content\/uploads\/tablaos-flamencos-06-3.webp","contentUrl":"https:\/\/www.tablaosflamencos.com\/wp-content\/uploads\/tablaos-flamencos-06-3.webp","width":600,"height":620,"caption":"Tablaos Flamencos"}]},"geo.placename":"Sevilla","geo.position":{"lat":"37.3868072","long":"-5.993280299999999"},"geo.region":"Spain"},"_links":{"self":[{"href":"https:\/\/www.tablaosflamencos.com\/en\/wp-json\/wp\/v2\/posts\/14282","targetHints":{"allow":["GET"]}}],"collection":[{"href":"https:\/\/www.tablaosflamencos.com\/en\/wp-json\/wp\/v2\/posts"}],"about":[{"href":"https:\/\/www.tablaosflamencos.com\/en\/wp-json\/wp\/v2\/types\/post"}],"author":[{"embeddable":true,"href":"https:\/\/www.tablaosflamencos.com\/en\/wp-json\/wp\/v2\/users\/1"}],"replies":[{"embeddable":true,"href":"https:\/\/www.tablaosflamencos.com\/en\/wp-json\/wp\/v2\/comments?post=14282"}],"version-history":[{"count":2,"href":"https:\/\/www.tablaosflamencos.com\/en\/wp-json\/wp\/v2\/posts\/14282\/revisions"}],"predecessor-version":[{"id":14293,"href":"https:\/\/www.tablaosflamencos.com\/en\/wp-json\/wp\/v2\/posts\/14282\/revisions\/14293"}],"wp:featuredmedia":[{"embeddable":true,"href":"https:\/\/www.tablaosflamencos.com\/en\/wp-json\/wp\/v2\/media\/14269"}],"wp:attachment":[{"href":"https:\/\/www.tablaosflamencos.com\/en\/wp-json\/wp\/v2\/media?parent=14282"}],"wp:term":[{"taxonomy":"category","embeddable":true,"href":"https:\/\/www.tablaosflamencos.com\/en\/wp-json\/wp\/v2\/categories?post=14282"},{"taxonomy":"post_tag","embeddable":true,"href":"https:\/\/www.tablaosflamencos.com\/en\/wp-json\/wp\/v2\/tags?post=14282"}],"curies":[{"name":"wp","href":"https:\/\/api.w.org\/{rel}","templated":true}]}}