{"id":14148,"date":"2026-09-03T01:21:11","date_gmt":"2026-09-02T23:21:11","guid":{"rendered":"https:\/\/www.tablaosflamencos.com\/?p=14148"},"modified":"2026-09-03T01:38:58","modified_gmt":"2026-09-02T23:38:58","slug":"hotel-triana-seville-flamenco-biennial-2026","status":"publish","type":"post","link":"https:\/\/www.tablaosflamencos.com\/en\/hotel-triana-seville-flamenco-biennial-2026.html","title":{"rendered":"The Biennial returns to Hotel Triana: three nights of flamenco in a historic communal courtyard"},"content":{"rendered":"<section class=\"l-section wpb_row height_huge\"><div class=\"l-section-h i-cf\"><div class=\"g-cols vc_row via_flex valign_middle type_default stacking_default\"><div class=\"vc_col-sm-6 wpb_column vc_column_container\"><div class=\"vc_column-inner\"><div class=\"wpb_wrapper\"><div class=\"wpb_text_column\"><div class=\"wpb_wrapper\"><p>The <a href=\"https:\/\/www.tablaosflamencos.com\/bienal-flamenco-sevilla-2026.html\"><strong>Seville Flamenco Biennial 2026<\/strong><\/a> brings back one of the venues most closely linked to its recent history. After four years outside the programme, Hotel Triana will once again open its courtyard to flamenco for three consecutive late-night performances, on <strong>17, 18 and 19 September 2026<\/strong>, always at <strong>11:00 pm<\/strong>.<\/p>\n<p>It is neither a conventional theatre nor a working hotel. It is a historic building erected for the 1929 Ibero-American Exposition and later converted into a communal courtyard residence. Its galleries, U-shaped layout and the closeness between artists and audience make every performance an experience that is difficult to recreate at any other Biennial venue.<\/p>\n<\/div><\/div><\/div><\/div><\/div><div class=\"vc_col-sm-6 wpb_column vc_column_container\"><div class=\"vc_column-inner\"><div class=\"wpb_wrapper\"><div class=\"w-image us_custom_83db15f5 has_aspect_ratio align_center\"><div class=\"w-image-h\"><img fetchpriority=\"high\" decoding=\"async\" width=\"1024\" height=\"683\" src=\"https:\/\/www.tablaosflamencos.com\/wp-content\/uploads\/hotel-triana-bienal-flamenco-sevilla-2026-patio-1024x683.webp\" class=\"attachment-large size-large\" alt=\"La Bienal vuelve al Hotel Triana: tres noches de flamenco en un antiguo corral de vecinos\" loading=\"eager\" srcset=\"https:\/\/www.tablaosflamencos.com\/wp-content\/uploads\/hotel-triana-bienal-flamenco-sevilla-2026-patio-1024x683.webp 1024w, https:\/\/www.tablaosflamencos.com\/wp-content\/uploads\/hotel-triana-bienal-flamenco-sevilla-2026-patio-300x200.webp 300w, https:\/\/www.tablaosflamencos.com\/wp-content\/uploads\/hotel-triana-bienal-flamenco-sevilla-2026-patio-600x400.webp 600w, https:\/\/www.tablaosflamencos.com\/wp-content\/uploads\/hotel-triana-bienal-flamenco-sevilla-2026-patio-150x100.webp 150w, https:\/\/www.tablaosflamencos.com\/wp-content\/uploads\/hotel-triana-bienal-flamenco-sevilla-2026-patio.webp 1536w\" sizes=\"auto, (max-width: 1024px) 100vw, 1024px\" \/><\/div><\/div><\/div><\/div><\/div><\/div><\/div><\/section><section class=\"l-section wpb_row height_huge color_alternate with_shape\"><div class=\"l-section-shape type_zigzag pos_top hor_flip\" style=\"height:3vmin;\"><svg xmlns=\"http:\/\/www.w3.org\/2000\/svg\" viewBox=\"0 0 64 8\" preserveAspectRatio=\"none\" width=\"100%\" height=\"100%\">\r\n\t<path fill=\"currentColor\" d=\"M64 8 L0 8 L0 0 L20 7.9 L40 3 L48 5 L64 0 Z\"\/>\r\n<\/svg><\/div><div class=\"l-section-shape type_zigzag pos_bottom\" style=\"height:3vmin;\"><svg xmlns=\"http:\/\/www.w3.org\/2000\/svg\" viewBox=\"0 0 64 8\" preserveAspectRatio=\"none\" width=\"100%\" height=\"100%\">\r\n\t<path fill=\"currentColor\" d=\"M64 8 L0 8 L0 0 L20 7.9 L40 3 L48 5 L64 0 Z\"\/>\r\n<\/svg><\/div><div class=\"l-section-h i-cf\"><div class=\"g-cols vc_row via_flex valign_top type_default stacking_default\"><div class=\"vc_col-sm-12 wpb_column vc_column_container\"><div class=\"vc_column-inner\"><div class=\"wpb_wrapper\"><div class=\"wpb_text_column\"><div class=\"wpb_wrapper\"><blockquote>\n<p><strong>Quick answer:<\/strong> Hotel Triana will host three Unique Nights at the 2026 Biennial: <em>Mujeres gitanas<\/em>, on 17 September; <em>Uvitas negras<\/em>, on the 18th; and <em>Andaluc\u00eda en el tiempo<\/em>, on the 19th. All three evenings will begin at 11:00 pm and will be devoted, respectively, to Gitano women, the flamenco of Los Palacios and the memory of the cantes of Andalusia\u2019s eight provinces.<\/p>\n<\/blockquote>\n<\/div><\/div><\/div><\/div><\/div><\/div><\/div><\/section><section class=\"l-section wpb_row height_huge\"><div class=\"l-section-h i-cf\"><div class=\"g-cols vc_row via_flex valign_top type_default stacking_default\"><div class=\"vc_col-sm-12 wpb_column vc_column_container\"><div class=\"vc_column-inner\"><div class=\"wpb_wrapper\"><div class=\"wpb_text_column\"><div class=\"wpb_wrapper\"><h2>Hotel Triana programme at the 2026 Biennial<\/h2>\n<div style=\"overflow-x: auto;\">\n<table>\n<thead>\n<tr>\n<th>Date<\/th>\n<th>Time<\/th>\n<th>Show<\/th>\n<th>Featured artists<\/th>\n<\/tr>\n<\/thead>\n<tbody>\n<tr>\n<td>17 September<\/td>\n<td>11:00 pm<\/td>\n<td><strong>Mujeres gitanas<\/strong><\/td>\n<td>Remedios Amaya, Montse Cort\u00e9s, La Fabi and Josemi Carmona<\/td>\n<\/tr>\n<tr>\n<td>18 September<\/td>\n<td>11:00 pm<\/td>\n<td><strong>Uvitas negras<\/strong><\/td>\n<td>75th anniversary of the Pe\u00f1a El Pozo de las Penas in Los Palacios<\/td>\n<\/tr>\n<tr>\n<td>19 September<\/td>\n<td>11:00 pm<\/td>\n<td><strong>Andaluc\u00eda en el tiempo<\/strong><\/td>\n<td>Artists from Andalusia\u2019s eight provinces under the direction of Manuel Curao<\/td>\n<\/tr>\n<\/tbody>\n<\/table>\n<\/div>\n<p>&nbsp;<\/p>\n<p>All three productions are classified as <strong>Unique Nights<\/strong>: encounters created specifically for this edition that will be difficult to see again with the same line-up and in the same setting. You can explore how they fit into the rest of the series in our guide to the <a href=\"https:\/\/www.tablaosflamencos.com\/noches-unicas-bienal-flamenco-sevilla-2026.html\"><strong>Unique Nights of the 2026 Biennial<\/strong><\/a>.<\/p>\n<\/div><\/div><div class=\"w-separator size_medium\"><\/div><div class=\"w-hwrapper valign_top wrap align_center\" style=\"--hwrapper-gap:1.2rem\"><div class=\"w-btn-wrapper align_none\"><a class=\"w-btn us-btn-style_1\" href=\"https:\/\/www.tablaosflamencos.com\/bienal-flamenco-sevilla-2026.html\"><span class=\"w-btn-label\">Complete guide to the 2026 Biennial<\/span><\/a><\/div><div class=\"w-btn-wrapper align_none\"><a class=\"w-btn us-btn-style_11\" href=\"https:\/\/www.tablaosflamencos.com\/noches-unicas-bienal-flamenco-sevilla-2026.html\"><span class=\"w-btn-label\">Unique Nights calendar<\/span><\/a><\/div><\/div><\/div><\/div><\/div><\/div><\/div><\/section><section class=\"l-section wpb_row height_huge color_alternate with_shape\"><div class=\"l-section-shape type_zigzag pos_top hor_flip\" style=\"height:3vmin;\"><svg xmlns=\"http:\/\/www.w3.org\/2000\/svg\" viewBox=\"0 0 64 8\" preserveAspectRatio=\"none\" width=\"100%\" height=\"100%\">\r\n\t<path fill=\"currentColor\" d=\"M64 8 L0 8 L0 0 L20 7.9 L40 3 L48 5 L64 0 Z\"\/>\r\n<\/svg><\/div><div class=\"l-section-shape type_tilt pos_bottom\" style=\"height:3vmin;\"><svg xmlns=\"http:\/\/www.w3.org\/2000\/svg\" viewBox=\"0 0 64 8\" preserveAspectRatio=\"none\" width=\"100%\" height=\"100%\">\r\n\t<path fill=\"currentColor\" d=\"M64 7.9 L64 10 L0 10 L0 0 Z\"\/>\r\n<\/svg><\/div><div class=\"l-section-h i-cf\"><div class=\"g-cols vc_row via_flex valign_top type_default stacking_default\"><div class=\"vc_col-sm-6 wpb_column vc_column_container\"><div class=\"vc_column-inner\"><div class=\"wpb_wrapper\"><div class=\"wpb_text_column\"><div class=\"wpb_wrapper\"><h2>Why Hotel Triana\u2019s return is one of the Biennial\u2019s major stories<\/h2>\n<p>Hotel Triana is not returning to the programme merely as a picturesque venue. The Biennial has historically used this courtyard to revive a way of experiencing flamenco rooted in neighbourhoods, families, pe\u00f1as and gatherings that continue late into the night. The last edition to include this venue was in 2022, so its 2026 return comes <strong>four years later<\/strong>.<\/p>\n<p>The Biennial\u2019s director, Luis Ybarra, has conceived these evenings as a celebration of authenticity, a meeting point for late-night flamenco and an exercise in remembrance. That idea runs through the entire programme: first, three Gitano women with very different careers; then, three generations of flamenco from Los Palacios; and finally, performers who preserve styles and repertoires associated with different parts of Andalusia.<\/p>\n<p>Hotel Triana\u2019s return also connects with another important revival in 2026: the reopening of the Teatro Lope de Vega. The two venues, however, play opposite yet complementary roles. The Lope offers the grandeur of a historic theatre; Hotel Triana restores the intimate atmosphere of an inhabited courtyard, with the audience gathered around and popular architecture forming part of the stage.<\/p>\n<p>In an edition filled with major productions, premieres and exploratory works, these three nights focus on oral transmission, cante, place and memory. That is what makes them unique.<\/p>\n<\/div><\/div><\/div><\/div><\/div><div class=\"vc_col-sm-6 wpb_column vc_column_container\"><div class=\"vc_column-inner\"><div class=\"wpb_wrapper\"><div class=\"wpb_text_column\"><div class=\"wpb_wrapper\"><h2>A former 1929 hotel converted into a communal courtyard residence<\/h2>\n<p>The building stands at <strong>28 Calle Clara de Jes\u00fas Montero<\/strong>, between that street and Calle Manuel Arellano. It was built between 1927 and 1929 to accommodate visitors during the Ibero-American Exposition, although it never ultimately operated as the hotel for which it had been designed. Over time, it became communal housing and joined Triana\u2019s tradition of corrales de vecinos.<\/p>\n<p>It has three floors, interior galleries and a U-shaped structure around the courtyard. During the 1980s it was renovated with the aim of keeping traditional neighbourhood families there. The property belongs to Seville City Council and remains residential, an important point to remember: <strong>Hotel Triana is neither tourist accommodation nor a cultural venue that is permanently open<\/strong>.<\/p>\n<p>That is precisely why performances in its courtyard are exceptional. The architecture is not a set designed to evoke community life; it is the actual architecture of the corral, with its balconies, passageways and domestic proportions. The audience does not merely listen to cante: for a few hours, it enters a place that preserves part of Triana\u2019s social history.<\/p>\n<p>If you would like to discover other distinctive venues in this edition, we have gathered a selection of <a href=\"https:\/\/www.tablaosflamencos.com\/espacios-espectaculares-bienal-flamenco-sevilla-2026.html\"><strong>the most spectacular venues at the 2026 Seville Flamenco Biennial<\/strong><\/a>.<\/p>\n<\/div><\/div><\/div><\/div><\/div><\/div><\/div><\/section><section class=\"l-section wpb_row height_huge\"><div class=\"l-section-h i-cf\"><div class=\"g-cols vc_row via_flex valign_top type_default stacking_default\"><div class=\"vc_col-sm-12 wpb_column vc_column_container\"><div class=\"vc_column-inner\"><div class=\"wpb_wrapper\"><div class=\"wpb_text_column\"><div class=\"wpb_wrapper\"><h2>17 September: Mujeres gitanas<\/h2>\n<p>The first night will bring together <strong>Remedios Amaya, Montse Cort\u00e9s and La Fabi<\/strong>, accompanied on guitar by <strong>Josemi Carmona<\/strong>. The encounter stems from an idea associated with the flamenco musical <em>La verdad duele<\/em> and seeks to recover a direct, organic form of expression free of unnecessary elements, with the Gitano woman at the heart of the story.<\/p>\n<p>The three singers represent very different experiences. Remedios Amaya has close ties to Triana and occupies a distinctive place among the great flamenco voices of recent decades. Her cante can move from depth and gravity to a rhythmic energy recognisable from the very first bars.<\/p>\n<p>Montse Cort\u00e9s brings an interpretive depth developed alongside figures such as Paco de Luc\u00eda, Sara Baras and Farruquito. La Fabi, meanwhile, has extensive experience singing for dance and a command of comp\u00e1s that has made her one of the most sought-after voices among leading dancers and companies.<\/p>\n<p>Josemi Carmona will create the musical bridge between tradition and the present. The official listing also includes Jos\u00e9 Serrano, Israel Guti\u00e9rrez \u201cPira\u00f1a\u201d, \u00c1lvaro Llanos and Los Cherokee. More than a sequence of individual recitals, the night is conceived as an encounter between voices, family memory and different ways of understanding cante.<\/p>\n<p>The concept is especially well suited to Hotel Triana. Speaking about oral transmission and flamenco learned through shared life takes on another meaning in the courtyard of a former communal residence.<\/p>\n<h2>18 September: Uvitas negras and the flamenco of Los Palacios<\/h2>\n<p>The second evening will celebrate the <strong>75th anniversary of the Pe\u00f1a Flamenca El Pozo de las Penas<\/strong>, a cornerstone of cultural life in Los Palacios y Villafranca. This will be the first time the town joins the Biennial as a guest territory.<\/p>\n<p>The title <em>Uvitas negras<\/em> refers to the well-known street cry that Manolo Caracol dedicated to grapes from Los Palacios. Taking that reference as its starting point, the show evokes the flamenco gatherings of the pe\u00f1a and brings together several generations of artists connected with the town.<\/p>\n<p>The line-up includes <strong>Itoly de Los Palacios, Juan \u201cEl Distinguido\u201d, Nene Escalera, Manuel Orta, Miguel Ortega, Jos\u00e9 \u00c1ngel Carmona, Anabel de Vico and Juanelo<\/strong>. The night will also feature one of its most eagerly awaited moments with the return of <strong>Juan Manuel \u201cEl Mistela\u201d<\/strong> to Seville\u2019s stages as a dancer.<\/p>\n<p>The guitarists will be Ni\u00f1o Fraile, joined by guests Salvador Guti\u00e9rrez and Juan Requena. Artistic direction is by <strong>Manuel Curao<\/strong>. The aim is not to present a frozen picture of the past, but to show continuity between historic artists, performers at the height of their maturity and younger generations.<\/p>\n<p>Los Palacios has its own flamenco identity and an exceptionally important network of pe\u00f1as. <em>Uvitas negras<\/em> will reveal how that identity has been passed down, transformed and kept alive for seven and a half decades.<\/p>\n<h2>19 September: Andaluc\u00eda en el tiempo<\/h2>\n<p>The final night will broaden the focus from a single town to Andalusia as a whole. <em>Andaluc\u00eda en el tiempo<\/em> will bring together male and female singers associated with the different provinces, many of whom are now removed from the usual circuits or have retired from the stage.<\/p>\n<p>The announced line-up includes <strong>El Pecas<\/strong>, from Huelva; <strong>Diego \u201cEl Boquer\u00f3n\u201d<\/strong>, from Seville; <strong>Carmen de la Jara<\/strong>, from C\u00e1diz; <strong>Curro Lucena<\/strong>, from C\u00f3rdoba; <strong>Joselete de Linares<\/strong>, from Ja\u00e9n; <strong>Jaime \u201cEl Parr\u00f3n\u201d<\/strong>, from Granada; <strong>Paqui Corpas<\/strong>, from M\u00e1laga; and <strong>Jos\u00e9 Sorroche<\/strong>, from Almer\u00eda. They will also be joined by <strong>Romerito de Jerez<\/strong>, a particularly valuable presence because of his age, memory and career.<\/p>\n<p>The guitars of <strong>Antonio Carri\u00f3n and Eduardo Rebollar<\/strong> will accompany a journey through sole\u00e1s, seguiriyas, tangos, fandangos, malague\u00f1as, abandolaos, mining cantes, canti\u00f1as and buler\u00edas. Manuel Curao once again takes charge of the artistic direction.<\/p>\n<p>The purpose is not to create a rigid catalogue in which each province is reduced to a single palo. The aim is to show the diversity of accents, schools, local variants and ways of expression that make up Andalusia\u2019s flamenco geography. Bringing these artists together in one courtyard makes the night a rare opportunity to hear repertoires and voices that seldom coincide at today\u2019s festivals.<\/p>\n<\/div><\/div><\/div><\/div><\/div><\/div><\/div><\/section><section class=\"l-section wpb_row height_huge color_alternate with_shape\"><div class=\"l-section-shape type_zigzag pos_top\" style=\"height:3vmin;\"><svg xmlns=\"http:\/\/www.w3.org\/2000\/svg\" viewBox=\"0 0 64 8\" preserveAspectRatio=\"none\" width=\"100%\" height=\"100%\">\r\n\t<path fill=\"currentColor\" d=\"M64 8 L0 8 L0 0 L20 7.9 L40 3 L48 5 L64 0 Z\"\/>\r\n<\/svg><\/div><div class=\"l-section-shape type_zigzag pos_bottom\" style=\"height:3vmin;\"><svg xmlns=\"http:\/\/www.w3.org\/2000\/svg\" viewBox=\"0 0 64 8\" preserveAspectRatio=\"none\" width=\"100%\" height=\"100%\">\r\n\t<path fill=\"currentColor\" d=\"M64 8 L0 8 L0 0 L20 7.9 L40 3 L48 5 L64 0 Z\"\/>\r\n<\/svg><\/div><div class=\"l-section-h i-cf\"><div class=\"g-cols vc_row via_flex valign_top type_default stacking_default\"><div class=\"vc_col-sm-12 wpb_column vc_column_container\"><div class=\"vc_column-inner\"><div class=\"wpb_wrapper\"><div class=\"wpb_text_column\"><div class=\"wpb_wrapper\"><h2>What the late-night experience will be like<\/h2>\n<p>All three performances will begin at <strong>11:00 pm<\/strong>. The timing is intentional: Hotel Triana will close the programmes on the 17th, 18th and 19th with an atmosphere unlike that of earlier shows. The late-night concept extends the day\u2019s flamenco conversation and ends it in a setting where closeness matters more than large-scale stage production.<\/p>\n<p>The courtyard and galleries encourage a direct relationship with the sound. Its human scale may recall a gathering or an old flamenco convivencia, although it remains a scheduled and organised performance within the Biennial.<\/p>\n<p>Some nights can also be combined with other performances. On 17 September, Arc\u00e1ngel will appear at 8:00 pm at the Lope de Vega before <em>Mujeres gitanas<\/em>. On the 18th, Antonio Reyes will present <em>Seis cuerdas, seis<\/em> at 8:00 pm, also at the Lope, before <em>Uvitas negras<\/em>. On the 19th, Ca\u00f1izares and the Royal Seville Symphony Orchestra will begin at 8:00 pm at the Teatro de la Maestranza, three hours before <em>Andaluc\u00eda en el tiempo<\/em>.<\/p>\n<p>These combinations require allowing for travel and the time needed to leave each venue. Avoid scheduling activities too tightly or assuming that every performance will end at an exact time.<\/p>\n<h2>Practical information: location, tickets and recommendations<\/h2>\n<ul>\n<li><strong>Venue:<\/strong> Hotel Triana, 28 Calle Clara de Jes\u00fas Montero, Seville.<\/li>\n<li><strong>Dates:<\/strong> 17, 18 and 19 September 2026.<\/li>\n<li><strong>Time:<\/strong> 11:00 pm on all three nights.<\/li>\n<li><strong>Programme type:<\/strong> Unique Nights at the 24th Flamenco Biennial.<\/li>\n<li><strong>Tickets:<\/strong> sales and availability through the Biennial\u2019s official channels.<\/li>\n<\/ul>\n<p>With three one-off line-ups and such a distinctive venue, checking availability in advance is advisable. Our guide to <a href=\"https:\/\/www.tablaosflamencos.com\/bienal-flamenco-2026-entradas-precios-descuentos.html\"><strong>tickets, prices and discounts for the 2026 Biennial<\/strong><\/a> explains the purchasing channels, announced discounts and recommendations for avoiding resale or unofficial links.<\/p>\n<p>Arrive with time to spare, check the access conditions shown on your ticket and consult the organisers if you need specific information about mobility or accessibility. As this is a residential property opening exceptionally for a cultural event, the instructions of staff and the daily life of its residents must be respected at all times.<\/p>\n<p>The programme and availability may change. Before travelling, always check the <a href=\"https:\/\/www.labienal.com\/programa-general\/hotel-triana\" target=\"_blank\" rel=\"noopener\"><strong>official Hotel Triana page on the Biennial website<\/strong><\/a>.<\/p>\n<\/div><\/div><div class=\"w-separator size_medium\"><\/div><div class=\"w-hwrapper valign_top wrap align_center\" style=\"--hwrapper-gap:1.2rem\"><div class=\"w-btn-wrapper align_none\"><a class=\"w-btn us-btn-style_1\" href=\"https:\/\/www.tablaosflamencos.com\/bienal-flamenco-2026-entradas-precios-descuentos.html\"><span class=\"w-btn-label\">Tickets, prices and discounts<\/span><\/a><\/div><div class=\"w-btn-wrapper align_none\"><a class=\"w-btn us-btn-style_11\" href=\"https:\/\/www.labienal.com\/programa-general\/hotel-triana\"><span class=\"w-btn-label\">Official Hotel Triana programme<\/span><\/a><\/div><\/div><\/div><\/div><\/div><\/div><\/div><\/section><section class=\"l-section wpb_row height_huge\"><div class=\"l-section-h i-cf\"><div class=\"g-cols vc_row via_flex valign_top type_default stacking_default\"><div class=\"vc_col-sm-1\/5 wpb_column vc_column_container\"><div class=\"vc_column-inner\"><div class=\"wpb_wrapper\"><\/div><\/div><\/div><div class=\"vc_col-sm-3\/5 wpb_column vc_column_container\"><div class=\"vc_column-inner\"><div class=\"wpb_wrapper\"><div class=\"wpb_text_column\"><div class=\"wpb_wrapper\"><h2>Frequently asked questions about Hotel Triana at the 2026 Biennial<\/h2>\n<\/div><\/div><div class=\"w-separator size_medium\"><\/div><div class=\"w-tabs accordion toggle_style_1 has_scrolling\" style=\"--sections-title-size:inherit;--sections-gap:0.5rem;\"><div class=\"w-tabs-sections titles-align_none icon_chevron cpos_right\"><div class=\"w-tabs-section\" id=\"t7bf\" itemscope itemprop=\"mainEntity\" itemtype=\"https:\/\/schema.org\/Question\"><button type=\"button\" class=\"w-tabs-section-header\" aria-controls=\"content-t7bf\" aria-expanded=\"false\"><div class=\"w-tabs-section-title\" itemprop=\"name\">On which dates will there be flamenco at Hotel Triana during the 2026 Biennial?<\/div><div class=\"w-tabs-section-control\"><\/div><\/button><div  class=\"w-tabs-section-content\" id=\"content-t7bf\" itemscope itemprop=\"acceptedAnswer\" itemtype=\"https:\/\/schema.org\/Answer\"><div class=\"w-tabs-section-content-h i-cf\" itemprop=\"text\"><div class=\"wpb_text_column\"><div class=\"wpb_wrapper\"><p>Hotel Triana will host performances on 17, 18 and 19 September 2026. All three will begin at 11:00 pm.<\/p>\n<\/div><\/div><\/div><\/div><\/div><div class=\"w-tabs-section\" id=\"c8cd\" itemscope itemprop=\"mainEntity\" itemtype=\"https:\/\/schema.org\/Question\"><button type=\"button\" class=\"w-tabs-section-header\" aria-controls=\"content-c8cd\" aria-expanded=\"false\"><div class=\"w-tabs-section-title\" itemprop=\"name\">What shows will take place at Hotel Triana?<\/div><div class=\"w-tabs-section-control\"><\/div><\/button><div  class=\"w-tabs-section-content\" id=\"content-c8cd\" itemscope itemprop=\"acceptedAnswer\" itemtype=\"https:\/\/schema.org\/Answer\"><div class=\"w-tabs-section-content-h i-cf\" itemprop=\"text\"><div class=\"wpb_text_column\"><div class=\"wpb_wrapper\"><p>On 17 September, the programme will feature <em>Mujeres gitanas<\/em>; on the 18th, <em>Uvitas negras<\/em>; and on the 19th, <em>Andaluc\u00eda en el tiempo<\/em>. All three are Unique Nights created for the Biennial.<\/p>\n<\/div><\/div><\/div><\/div><\/div><div class=\"w-tabs-section\" id=\"k9c7\" itemscope itemprop=\"mainEntity\" itemtype=\"https:\/\/schema.org\/Question\"><button type=\"button\" class=\"w-tabs-section-header\" aria-controls=\"content-k9c7\" aria-expanded=\"false\"><div class=\"w-tabs-section-title\" itemprop=\"name\">Is Hotel Triana a hotel where I can book a room?<\/div><div class=\"w-tabs-section-control\"><\/div><\/button><div  class=\"w-tabs-section-content\" id=\"content-k9c7\" itemscope itemprop=\"acceptedAnswer\" itemtype=\"https:\/\/schema.org\/Answer\"><div class=\"w-tabs-section-content-h i-cf\" itemprop=\"text\"><div class=\"wpb_text_column\"><div class=\"wpb_wrapper\"><p>No. Although it was built with the intention of operating as a hotel during the 1929 Ibero-American Exposition, it became a communal courtyard residence instead. Today it is a municipally owned residential building and opens its courtyard only for selected cultural events.<\/p>\n<\/div><\/div><\/div><\/div><\/div><div class=\"w-tabs-section\" id=\"vabd\" itemscope itemprop=\"mainEntity\" itemtype=\"https:\/\/schema.org\/Question\"><button type=\"button\" class=\"w-tabs-section-header\" aria-controls=\"content-vabd\" aria-expanded=\"false\"><div class=\"w-tabs-section-title\" itemprop=\"name\">Where is Hotel Triana?<\/div><div class=\"w-tabs-section-control\"><\/div><\/button><div  class=\"w-tabs-section-content\" id=\"content-vabd\" itemscope itemprop=\"acceptedAnswer\" itemtype=\"https:\/\/schema.org\/Answer\"><div class=\"w-tabs-section-content-h i-cf\" itemprop=\"text\"><div class=\"wpb_text_column\"><div class=\"wpb_wrapper\"><p>It is at 28 Calle Clara de Jes\u00fas Montero in the Triana neighbourhood, between that street and Calle Manuel Arellano.<\/p>\n<\/div><\/div><\/div><\/div><\/div><div class=\"w-tabs-section\" id=\"hbac\" itemscope itemprop=\"mainEntity\" itemtype=\"https:\/\/schema.org\/Question\"><button type=\"button\" class=\"w-tabs-section-header\" aria-controls=\"content-hbac\" aria-expanded=\"false\"><div class=\"w-tabs-section-title\" itemprop=\"name\">Where can I buy tickets?<\/div><div class=\"w-tabs-section-control\"><\/div><\/button><div  class=\"w-tabs-section-content\" id=\"content-hbac\" itemscope itemprop=\"acceptedAnswer\" itemtype=\"https:\/\/schema.org\/Answer\"><div class=\"w-tabs-section-content-h i-cf\" itemprop=\"text\"><div class=\"wpb_text_column\"><div class=\"wpb_wrapper\"><p>Tickets must be purchased through the official channels linked from the Flamenco Biennial website. Check there for both availability and any last-minute changes.<\/p>\n<\/div><\/div><\/div><\/div><\/div><div class=\"w-tabs-section\" id=\"kc7f\" itemscope itemprop=\"mainEntity\" itemtype=\"https:\/\/schema.org\/Question\"><button type=\"button\" class=\"w-tabs-section-header\" aria-controls=\"content-kc7f\" aria-expanded=\"false\"><div class=\"w-tabs-section-title\" itemprop=\"name\">Are the Hotel Triana shows world premieres?<\/div><div class=\"w-tabs-section-control\"><\/div><\/button><div  class=\"w-tabs-section-content\" id=\"content-kc7f\" itemscope itemprop=\"acceptedAnswer\" itemtype=\"https:\/\/schema.org\/Answer\"><div class=\"w-tabs-section-content-h i-cf\" itemprop=\"text\"><div class=\"wpb_text_column\"><div class=\"wpb_wrapper\"><p>The programme presents them as Unique Nights, not world premieres. They are encounters conceived specifically for this edition, with line-ups and content that are not part of a conventional tour.<\/p>\n<\/div><\/div><\/div><\/div><\/div><div class=\"w-tabs-section\" id=\"fd5b\" itemscope itemprop=\"mainEntity\" itemtype=\"https:\/\/schema.org\/Question\"><button type=\"button\" class=\"w-tabs-section-header\" aria-controls=\"content-fd5b\" aria-expanded=\"false\"><div class=\"w-tabs-section-title\" itemprop=\"name\">Can Hotel Triana be combined with another show on the same day?<\/div><div class=\"w-tabs-section-control\"><\/div><\/button><div  class=\"w-tabs-section-content\" id=\"content-fd5b\" itemscope itemprop=\"acceptedAnswer\" itemtype=\"https:\/\/schema.org\/Answer\"><div class=\"w-tabs-section-content-h i-cf\" itemprop=\"text\"><div class=\"wpb_text_column\"><div class=\"wpb_wrapper\"><p>Yes. On the 17th, 18th and 19th there are earlier performances at other Biennial venues. As Hotel Triana begins at 11:00 pm, some combinations are possible, but you should allow enough time for each show to finish and for travel between venues.<\/p>\n<\/div><\/div><\/div><\/div><\/div><\/div><\/div><\/div><\/div><\/div><div class=\"vc_col-sm-1\/5 wpb_column vc_column_container\"><div class=\"vc_column-inner\"><div class=\"wpb_wrapper\"><\/div><\/div><\/div><\/div><\/div><\/section><section class=\"l-section wpb_row height_huge color_alternate with_shape\"><div class=\"l-section-shape type_zigzag pos_top hor_flip\" style=\"height:3vmin;\"><svg xmlns=\"http:\/\/www.w3.org\/2000\/svg\" viewBox=\"0 0 64 8\" preserveAspectRatio=\"none\" width=\"100%\" height=\"100%\">\r\n\t<path fill=\"currentColor\" d=\"M64 8 L0 8 L0 0 L20 7.9 L40 3 L48 5 L64 0 Z\"\/>\r\n<\/svg><\/div><div class=\"l-section-shape type_zigzag pos_bottom\" style=\"height:3vmin;\"><svg xmlns=\"http:\/\/www.w3.org\/2000\/svg\" viewBox=\"0 0 64 8\" preserveAspectRatio=\"none\" width=\"100%\" height=\"100%\">\r\n\t<path fill=\"currentColor\" d=\"M64 8 L0 8 L0 0 L20 7.9 L40 3 L48 5 L64 0 Z\"\/>\r\n<\/svg><\/div><div class=\"l-section-h i-cf\"><div class=\"g-cols vc_row via_flex valign_top type_default stacking_default\"><div class=\"vc_col-sm-12 wpb_column vc_column_container\"><div class=\"vc_column-inner\"><div class=\"wpb_wrapper\"><div class=\"wpb_text_column\"><div class=\"wpb_wrapper\"><h2>Three nights to hear flamenco\u2019s living memory<\/h2>\n<p>Hotel Triana\u2019s return captures an essential part of the 2026 Biennial. Not everything happens in the major theatres, nor does everything have to be presented as a large-scale production. Flamenco is also sustained by families, pe\u00f1as, local repertoires, artists who have disappeared from the usual circuits and places where living together formed part of the learning process.<\/p>\n<p><em>Mujeres gitanas<\/em>, <em>Uvitas negras<\/em> and <em>Andaluc\u00eda en el tiempo<\/em> offer three scales of that memory: family transmission, the identity of a town and the diversity of an entire autonomous community. The old communal courtyard provides the right setting in which to explore them.<\/p>\n<p>Anyone who manages to attend one of these nights will experience more than a concert. They will enter one of the places where the Biennial has forged part of its own identity and where the distance between heritage, neighbourhood and flamenco almost disappears.<\/p>\n<p>If tickets sell out or the dates do not suit your trip, Seville still offers a wide range of flamenco performances every night. Our guide to the <a href=\"https:\/\/www.tablaosflamencos.com\/bienal-flamenco-2026-entradas-agotadas-que-ver.html\"><strong>2026 Biennial when tickets are sold out<\/strong><\/a> brings together alternatives for continuing to enjoy flamenco during the festival.<\/p>\n<\/div><\/div><div class=\"w-separator size_medium\"><\/div><div class=\"w-hwrapper valign_top wrap align_center\" style=\"--hwrapper-gap:1.2rem\"><div class=\"w-btn-wrapper align_none\"><a class=\"w-btn us-btn-style_1\" href=\"https:\/\/www.tablaosflamencos.com\/bienal-flamenco-2026-entradas-agotadas-que-ver.html\"><span class=\"w-btn-label\">What to see if tickets are sold out<\/span><\/a><\/div><div class=\"w-btn-wrapper align_none\"><a class=\"w-btn us-btn-style_11\" href=\"https:\/\/www.tablaosflamencos.com\/espacios-espectaculares-bienal-flamenco-sevilla-2026.html\"><span class=\"w-btn-label\">Other spectacular venues<\/span><\/a><\/div><\/div><\/div><\/div><\/div><\/div><\/div><\/section>\n","protected":false},"excerpt":{"rendered":"<p>Hotel Triana returns to the 2026 Flamenco Biennial with three Unique Nights: Mujeres gitanas, Uvitas negras and Andaluc\u00eda en el tiempo. Dates, artists, history and tickets.<\/p>\n","protected":false},"author":1,"featured_media":14087,"comment_status":"closed","ping_status":"closed","sticky":false,"template":"","format":"standard","meta":{"_acf_changed":false,"wpai_generated_summary":"","_ayudawp_aiss_exclude":false,"_ayudawp_aiss_exclude_summary":false,"_ayudawp_aiss_summary":"","_ayudawp_aiss_summary_provider":"","_ayudawp_aiss_summary_hash":"","footnotes":""},"categories":[1427],"tags":[1232,1233,1234,1235,1144,1145,1236],"class_list":["post-14148","post","type-post","status-publish","format-standard","has-post-thumbnail","hentry","category-flamenco-biennial","tag-agenda-flamenca","tag-bienal-2026","tag-bienal-de-flamenco","tag-festivales-flamencos","tag-flamenco-en-sevilla","tag-flamenco-en-triana","tag-sevilla"],"acf":[],"yoast_head":"<!-- This site is optimized with the Yoast SEO Premium plugin v28.4 (Yoast SEO v28.4) - https:\/\/yoast.com\/product\/yoast-seo-premium-wordpress\/ -->\n<title>Hotel Triana at the 2026 Biennial: programme and three nights<\/title>\n<meta name=\"description\" content=\"Hotel Triana returns to the 2026 Biennial with Mujeres gitanas, Uvitas negras and Andaluc\u00eda en el tiempo: dates, artists, times and tickets.\" \/>\n<meta name=\"robots\" content=\"index, follow, max-snippet:-1, max-image-preview:large, max-video-preview:-1\" \/>\n<link rel=\"canonical\" href=\"https:\/\/www.tablaosflamencos.com\/en\/hotel-triana-seville-flamenco-biennial-2026.html\" \/>\n<meta property=\"og:locale\" content=\"en_US\" \/>\n<meta property=\"og:type\" content=\"article\" \/>\n<meta property=\"og:title\" content=\"The Biennial returns to Hotel Triana: three nights of flamenco in a historic communal courtyard\" \/>\n<meta property=\"og:description\" content=\"Hotel Triana returns to the 2026 Biennial with Mujeres gitanas, Uvitas negras and Andaluc\u00eda en el tiempo: dates, artists, times and tickets.\" \/>\n<meta property=\"og:url\" content=\"https:\/\/www.tablaosflamencos.com\/en\/hotel-triana-seville-flamenco-biennial-2026.html\" \/>\n<meta property=\"og:site_name\" content=\"Tablaos Flamencos\" \/>\n<meta property=\"article:publisher\" content=\"https:\/\/www.facebook.com\/tablaosflamencos\" \/>\n<meta property=\"article:published_time\" content=\"2026-09-02T23:21:11+00:00\" \/>\n<meta property=\"article:modified_time\" content=\"2026-09-02T23:38:58+00:00\" \/>\n<meta property=\"og:image\" content=\"https:\/\/www.tablaosflamencos.com\/wp-content\/uploads\/hotel-triana-bienal-2026-flamenco.webp\" \/>\n\t<meta property=\"og:image:width\" content=\"1536\" \/>\n\t<meta property=\"og:image:height\" content=\"1024\" \/>\n\t<meta property=\"og:image:type\" content=\"image\/webp\" \/>\n<meta name=\"author\" content=\"Miguel Ortiz\" \/>\n<meta name=\"twitter:card\" content=\"summary_large_image\" \/>\n<meta name=\"twitter:creator\" content=\"@tablaosflamenco\" \/>\n<meta name=\"twitter:site\" content=\"@tablaosflamenco\" \/>\n<meta name=\"twitter:label1\" content=\"Written by\" \/>\n\t<meta name=\"twitter:data1\" content=\"Miguel Ortiz\" \/>\n\t<meta name=\"twitter:label2\" content=\"Est. reading time\" \/>\n\t<meta name=\"twitter:data2\" content=\"14 minutes\" \/>\n<script type=\"application\/ld+json\" class=\"yoast-schema-graph\">{\"@context\":\"https:\\\/\\\/schema.org\",\"@graph\":[{\"@type\":\"Article\",\"@id\":\"https:\\\/\\\/www.tablaosflamencos.com\\\/en\\\/hotel-triana-seville-flamenco-biennial-2026.html#article\",\"isPartOf\":{\"@id\":\"https:\\\/\\\/www.tablaosflamencos.com\\\/en\\\/hotel-triana-seville-flamenco-biennial-2026.html\"},\"author\":{\"name\":\"Miguel Ortiz\",\"@id\":\"https:\\\/\\\/www.tablaosflamencos.com\\\/en#\\\/schema\\\/person\\\/e7a9ebe14eb75a52ceabfbffb3c54f5d\"},\"headline\":\"The Biennial returns to Hotel Triana: three nights of flamenco in a historic communal courtyard\",\"datePublished\":\"2026-09-02T23:21:11+00:00\",\"dateModified\":\"2026-09-02T23:38:58+00:00\",\"mainEntityOfPage\":{\"@id\":\"https:\\\/\\\/www.tablaosflamencos.com\\\/en\\\/hotel-triana-seville-flamenco-biennial-2026.html\"},\"wordCount\":2775,\"publisher\":{\"@id\":\"https:\\\/\\\/www.tablaosflamencos.com\\\/en#organization\"},\"image\":{\"@id\":\"https:\\\/\\\/www.tablaosflamencos.com\\\/en\\\/hotel-triana-seville-flamenco-biennial-2026.html#primaryimage\"},\"thumbnailUrl\":\"https:\\\/\\\/www.tablaosflamencos.com\\\/wp-content\\\/uploads\\\/hotel-triana-bienal-2026-flamenco.webp\",\"keywords\":[\"agenda flamenca\",\"Bienal 2026\",\"Bienal de Flamenco\",\"festivales flamencos\",\"flamenco en Sevilla\",\"flamenco en Triana\",\"sevilla\"],\"articleSection\":[\"Flamenco Biennial\"],\"inLanguage\":\"en-US\"},{\"@type\":\"WebPage\",\"@id\":\"https:\\\/\\\/www.tablaosflamencos.com\\\/en\\\/hotel-triana-seville-flamenco-biennial-2026.html\",\"url\":\"https:\\\/\\\/www.tablaosflamencos.com\\\/en\\\/hotel-triana-seville-flamenco-biennial-2026.html\",\"name\":\"Hotel Triana at the 2026 Biennial: programme and three nights\",\"isPartOf\":{\"@id\":\"https:\\\/\\\/www.tablaosflamencos.com\\\/en#website\"},\"primaryImageOfPage\":{\"@id\":\"https:\\\/\\\/www.tablaosflamencos.com\\\/en\\\/hotel-triana-seville-flamenco-biennial-2026.html#primaryimage\"},\"image\":{\"@id\":\"https:\\\/\\\/www.tablaosflamencos.com\\\/en\\\/hotel-triana-seville-flamenco-biennial-2026.html#primaryimage\"},\"thumbnailUrl\":\"https:\\\/\\\/www.tablaosflamencos.com\\\/wp-content\\\/uploads\\\/hotel-triana-bienal-2026-flamenco.webp\",\"datePublished\":\"2026-09-02T23:21:11+00:00\",\"dateModified\":\"2026-09-02T23:38:58+00:00\",\"description\":\"Hotel Triana returns to the 2026 Biennial with Mujeres gitanas, Uvitas negras and Andaluc\u00eda en el tiempo: dates, artists, times and tickets.\",\"breadcrumb\":{\"@id\":\"https:\\\/\\\/www.tablaosflamencos.com\\\/en\\\/hotel-triana-seville-flamenco-biennial-2026.html#breadcrumb\"},\"inLanguage\":\"en-US\",\"potentialAction\":[{\"@type\":\"ReadAction\",\"target\":[\"https:\\\/\\\/www.tablaosflamencos.com\\\/en\\\/hotel-triana-seville-flamenco-biennial-2026.html\"]}]},{\"@type\":\"ImageObject\",\"inLanguage\":\"en-US\",\"@id\":\"https:\\\/\\\/www.tablaosflamencos.com\\\/en\\\/hotel-triana-seville-flamenco-biennial-2026.html#primaryimage\",\"url\":\"https:\\\/\\\/www.tablaosflamencos.com\\\/wp-content\\\/uploads\\\/hotel-triana-bienal-2026-flamenco.webp\",\"contentUrl\":\"https:\\\/\\\/www.tablaosflamencos.com\\\/wp-content\\\/uploads\\\/hotel-triana-bienal-2026-flamenco.webp\",\"width\":1536,\"height\":1024,\"caption\":\"La Bienal vuelve al Hotel Triana: tres noches de flamenco en un antiguo corral de vecinos\"},{\"@type\":\"BreadcrumbList\",\"@id\":\"https:\\\/\\\/www.tablaosflamencos.com\\\/en\\\/hotel-triana-seville-flamenco-biennial-2026.html#breadcrumb\",\"itemListElement\":[{\"@type\":\"ListItem\",\"position\":1,\"name\":\"Home\",\"item\":\"https:\\\/\\\/www.tablaosflamencos.com\\\/en\"},{\"@type\":\"ListItem\",\"position\":2,\"name\":\"The Biennial returns to Hotel Triana: three nights of flamenco in a historic communal courtyard\"}]},{\"@type\":\"WebSite\",\"@id\":\"https:\\\/\\\/www.tablaosflamencos.com\\\/en#website\",\"url\":\"https:\\\/\\\/www.tablaosflamencos.com\\\/en\",\"name\":\"Tablaos Flamencos\",\"description\":\"Entradas para tablaos flamencos de Espa\u00f1a\",\"publisher\":{\"@id\":\"https:\\\/\\\/www.tablaosflamencos.com\\\/en#organization\"},\"alternateName\":\"Tablaos Flamencos\",\"potentialAction\":[{\"@type\":\"SearchAction\",\"target\":{\"@type\":\"EntryPoint\",\"urlTemplate\":\"https:\\\/\\\/www.tablaosflamencos.com\\\/en?s={search_term_string}\"},\"query-input\":{\"@type\":\"PropertyValueSpecification\",\"valueRequired\":true,\"valueName\":\"search_term_string\"}}],\"inLanguage\":\"en-US\"},{\"@type\":[\"Organization\",\"Place\",\"EntertainmentBusiness\"],\"@id\":\"https:\\\/\\\/www.tablaosflamencos.com\\\/en#organization\",\"name\":\"Tablaos Flamencos\",\"alternateName\":\"Tablaos Flamencos\",\"url\":\"https:\\\/\\\/www.tablaosflamencos.com\\\/en\",\"logo\":{\"@id\":\"https:\\\/\\\/www.tablaosflamencos.com\\\/en\\\/hotel-triana-seville-flamenco-biennial-2026.html#local-main-organization-logo\"},\"image\":{\"@id\":\"https:\\\/\\\/www.tablaosflamencos.com\\\/en\\\/hotel-triana-seville-flamenco-biennial-2026.html#local-main-organization-logo\"},\"sameAs\":[\"https:\\\/\\\/www.facebook.com\\\/tablaosflamencos\",\"https:\\\/\\\/x.com\\\/tablaosflamenco\",\"https:\\\/\\\/mastodon.social\\\/@tablaosflamencos\",\"https:\\\/\\\/www.instagram.com\\\/tablaosflamencos\",\"https:\\\/\\\/tiktok.com\\\/@tablaosflamencos\",\"https:\\\/\\\/www.linkedin.com\\\/company\\\/109408238\\\/\"],\"description\":\"Venta de entradas para espect\u00e1culos flamencos\",\"legalName\":\"Tablaos Flamencos\",\"foundingDate\":\"2015-01-01\",\"numberOfEmployees\":{\"@type\":\"QuantitativeValue\",\"minValue\":\"1\",\"maxValue\":\"10\"},\"address\":{\"@id\":\"https:\\\/\\\/www.tablaosflamencos.com\\\/en\\\/hotel-triana-seville-flamenco-biennial-2026.html#local-main-place-address\"},\"geo\":{\"@type\":\"GeoCoordinates\",\"latitude\":\"37.3868072\",\"longitude\":\"-5.993280299999999\"},\"telephone\":[\"+34623787787\"],\"contactPoint\":{\"@type\":\"ContactPoint\",\"telephone\":\"+34623787787\",\"email\":\"info@tablaosflamencos.com\"},\"openingHoursSpecification\":{\"@type\":\"OpeningHoursSpecification\",\"dayOfWeek\":[\"Monday\",\"Tuesday\",\"Wednesday\",\"Thursday\",\"Friday\",\"Saturday\",\"Sunday\"],\"opens\":\"00:00\",\"closes\":\"23:59\"},\"email\":\"info@tablaosflamencos.com\",\"priceRange\":\"$$$\",\"currenciesAccepted\":\"\u20ac\"},{\"@type\":\"Person\",\"@id\":\"https:\\\/\\\/www.tablaosflamencos.com\\\/en#\\\/schema\\\/person\\\/e7a9ebe14eb75a52ceabfbffb3c54f5d\",\"name\":\"Miguel Ortiz\",\"description\":\"Miguel Ortiz es un empresario flamenco, con una s\u00f3lida trayectoria dentro del sector. Ha presidido entidades culturales vinculadas al flamenco y, cuenta con un amplio recorrido profesional en la gesti\u00f3n y promoci\u00f3n de espect\u00e1culos y tablaos flamencos. Su pasi\u00f3n por la historia y el arte flamenco se refleja en cada art\u00edculo, donde combina experiencia, criterio y un profundo respeto por la tradici\u00f3n.\",\"sameAs\":[\"https:\\\/\\\/www.tablaosflamencos.com\",\"https:\\\/\\\/www.instagra.com\\\/miguelortizfe\",\"https:\\\/\\\/www.linkedin.com\\\/in\\\/miguelortizf\\\/\"],\"birthDate\":\"1984-11-22\",\"gender\":\"hombre\",\"knowsLanguage\":[\"espa\u00f1ol\",\"ingl\u00e9s\"],\"jobTitle\":\"Empresario flamenco\"},{\"@type\":\"PostalAddress\",\"@id\":\"https:\\\/\\\/www.tablaosflamencos.com\\\/en\\\/hotel-triana-seville-flamenco-biennial-2026.html#local-main-place-address\",\"streetAddress\":\"C\\\/ Alemanes, 19\",\"addressLocality\":\"Sevilla\",\"postalCode\":\"41004\",\"addressRegion\":\"Sevilla\",\"addressCountry\":\"ES\"},{\"@type\":\"ImageObject\",\"inLanguage\":\"en-US\",\"@id\":\"https:\\\/\\\/www.tablaosflamencos.com\\\/en\\\/hotel-triana-seville-flamenco-biennial-2026.html#local-main-organization-logo\",\"url\":\"https:\\\/\\\/www.tablaosflamencos.com\\\/wp-content\\\/uploads\\\/tablaos-flamencos-06-3.webp\",\"contentUrl\":\"https:\\\/\\\/www.tablaosflamencos.com\\\/wp-content\\\/uploads\\\/tablaos-flamencos-06-3.webp\",\"width\":600,\"height\":620,\"caption\":\"Tablaos Flamencos\"}]}<\/script>\n<meta name=\"geo.placename\" content=\"Sevilla\" \/>\n<meta name=\"geo.position\" content=\"37.3868072;-5.993280299999999\" \/>\n<meta name=\"geo.region\" content=\"Spain\" \/>\n<!-- \/ Yoast SEO Premium plugin. -->","yoast_head_json":{"title":"Hotel Triana at the 2026 Biennial: programme and three nights","description":"Hotel Triana returns to the 2026 Biennial with Mujeres gitanas, Uvitas negras and Andaluc\u00eda en el tiempo: dates, artists, times and tickets.","robots":{"index":"index","follow":"follow","max-snippet":"max-snippet:-1","max-image-preview":"max-image-preview:large","max-video-preview":"max-video-preview:-1"},"canonical":"https:\/\/www.tablaosflamencos.com\/en\/hotel-triana-seville-flamenco-biennial-2026.html","og_locale":"en_US","og_type":"article","og_title":"The Biennial returns to Hotel Triana: three nights of flamenco in a historic communal courtyard","og_description":"Hotel Triana returns to the 2026 Biennial with Mujeres gitanas, Uvitas negras and Andaluc\u00eda en el tiempo: dates, artists, times and tickets.","og_url":"https:\/\/www.tablaosflamencos.com\/en\/hotel-triana-seville-flamenco-biennial-2026.html","og_site_name":"Tablaos Flamencos","article_publisher":"https:\/\/www.facebook.com\/tablaosflamencos","article_published_time":"2026-09-02T23:21:11+00:00","article_modified_time":"2026-09-02T23:38:58+00:00","og_image":[{"width":1536,"height":1024,"url":"https:\/\/www.tablaosflamencos.com\/wp-content\/uploads\/hotel-triana-bienal-2026-flamenco.webp","type":"image\/webp"}],"author":"Miguel Ortiz","twitter_card":"summary_large_image","twitter_creator":"@tablaosflamenco","twitter_site":"@tablaosflamenco","twitter_misc":{"Written by":"Miguel Ortiz","Est. reading time":"14 minutes"},"schema":{"@context":"https:\/\/schema.org","@graph":[{"@type":"Article","@id":"https:\/\/www.tablaosflamencos.com\/en\/hotel-triana-seville-flamenco-biennial-2026.html#article","isPartOf":{"@id":"https:\/\/www.tablaosflamencos.com\/en\/hotel-triana-seville-flamenco-biennial-2026.html"},"author":{"name":"Miguel Ortiz","@id":"https:\/\/www.tablaosflamencos.com\/en#\/schema\/person\/e7a9ebe14eb75a52ceabfbffb3c54f5d"},"headline":"The Biennial returns to Hotel Triana: three nights of flamenco in a historic communal courtyard","datePublished":"2026-09-02T23:21:11+00:00","dateModified":"2026-09-02T23:38:58+00:00","mainEntityOfPage":{"@id":"https:\/\/www.tablaosflamencos.com\/en\/hotel-triana-seville-flamenco-biennial-2026.html"},"wordCount":2775,"publisher":{"@id":"https:\/\/www.tablaosflamencos.com\/en#organization"},"image":{"@id":"https:\/\/www.tablaosflamencos.com\/en\/hotel-triana-seville-flamenco-biennial-2026.html#primaryimage"},"thumbnailUrl":"https:\/\/www.tablaosflamencos.com\/wp-content\/uploads\/hotel-triana-bienal-2026-flamenco.webp","keywords":["agenda flamenca","Bienal 2026","Bienal de Flamenco","festivales flamencos","flamenco en Sevilla","flamenco en Triana","sevilla"],"articleSection":["Flamenco Biennial"],"inLanguage":"en-US"},{"@type":"WebPage","@id":"https:\/\/www.tablaosflamencos.com\/en\/hotel-triana-seville-flamenco-biennial-2026.html","url":"https:\/\/www.tablaosflamencos.com\/en\/hotel-triana-seville-flamenco-biennial-2026.html","name":"Hotel Triana at the 2026 Biennial: programme and three nights","isPartOf":{"@id":"https:\/\/www.tablaosflamencos.com\/en#website"},"primaryImageOfPage":{"@id":"https:\/\/www.tablaosflamencos.com\/en\/hotel-triana-seville-flamenco-biennial-2026.html#primaryimage"},"image":{"@id":"https:\/\/www.tablaosflamencos.com\/en\/hotel-triana-seville-flamenco-biennial-2026.html#primaryimage"},"thumbnailUrl":"https:\/\/www.tablaosflamencos.com\/wp-content\/uploads\/hotel-triana-bienal-2026-flamenco.webp","datePublished":"2026-09-02T23:21:11+00:00","dateModified":"2026-09-02T23:38:58+00:00","description":"Hotel Triana returns to the 2026 Biennial with Mujeres gitanas, Uvitas negras and Andaluc\u00eda en el tiempo: dates, artists, times and tickets.","breadcrumb":{"@id":"https:\/\/www.tablaosflamencos.com\/en\/hotel-triana-seville-flamenco-biennial-2026.html#breadcrumb"},"inLanguage":"en-US","potentialAction":[{"@type":"ReadAction","target":["https:\/\/www.tablaosflamencos.com\/en\/hotel-triana-seville-flamenco-biennial-2026.html"]}]},{"@type":"ImageObject","inLanguage":"en-US","@id":"https:\/\/www.tablaosflamencos.com\/en\/hotel-triana-seville-flamenco-biennial-2026.html#primaryimage","url":"https:\/\/www.tablaosflamencos.com\/wp-content\/uploads\/hotel-triana-bienal-2026-flamenco.webp","contentUrl":"https:\/\/www.tablaosflamencos.com\/wp-content\/uploads\/hotel-triana-bienal-2026-flamenco.webp","width":1536,"height":1024,"caption":"La Bienal vuelve al Hotel Triana: tres noches de flamenco en un antiguo corral de vecinos"},{"@type":"BreadcrumbList","@id":"https:\/\/www.tablaosflamencos.com\/en\/hotel-triana-seville-flamenco-biennial-2026.html#breadcrumb","itemListElement":[{"@type":"ListItem","position":1,"name":"Home","item":"https:\/\/www.tablaosflamencos.com\/en"},{"@type":"ListItem","position":2,"name":"The Biennial returns to Hotel Triana: three nights of flamenco in a historic communal courtyard"}]},{"@type":"WebSite","@id":"https:\/\/www.tablaosflamencos.com\/en#website","url":"https:\/\/www.tablaosflamencos.com\/en","name":"Tablaos Flamencos","description":"Entradas para tablaos flamencos de Espa\u00f1a","publisher":{"@id":"https:\/\/www.tablaosflamencos.com\/en#organization"},"alternateName":"Tablaos Flamencos","potentialAction":[{"@type":"SearchAction","target":{"@type":"EntryPoint","urlTemplate":"https:\/\/www.tablaosflamencos.com\/en?s={search_term_string}"},"query-input":{"@type":"PropertyValueSpecification","valueRequired":true,"valueName":"search_term_string"}}],"inLanguage":"en-US"},{"@type":["Organization","Place","EntertainmentBusiness"],"@id":"https:\/\/www.tablaosflamencos.com\/en#organization","name":"Tablaos Flamencos","alternateName":"Tablaos Flamencos","url":"https:\/\/www.tablaosflamencos.com\/en","logo":{"@id":"https:\/\/www.tablaosflamencos.com\/en\/hotel-triana-seville-flamenco-biennial-2026.html#local-main-organization-logo"},"image":{"@id":"https:\/\/www.tablaosflamencos.com\/en\/hotel-triana-seville-flamenco-biennial-2026.html#local-main-organization-logo"},"sameAs":["https:\/\/www.facebook.com\/tablaosflamencos","https:\/\/x.com\/tablaosflamenco","https:\/\/mastodon.social\/@tablaosflamencos","https:\/\/www.instagram.com\/tablaosflamencos","https:\/\/tiktok.com\/@tablaosflamencos","https:\/\/www.linkedin.com\/company\/109408238\/"],"description":"Venta de entradas para espect\u00e1culos flamencos","legalName":"Tablaos Flamencos","foundingDate":"2015-01-01","numberOfEmployees":{"@type":"QuantitativeValue","minValue":"1","maxValue":"10"},"address":{"@id":"https:\/\/www.tablaosflamencos.com\/en\/hotel-triana-seville-flamenco-biennial-2026.html#local-main-place-address"},"geo":{"@type":"GeoCoordinates","latitude":"37.3868072","longitude":"-5.993280299999999"},"telephone":["+34623787787"],"contactPoint":{"@type":"ContactPoint","telephone":"+34623787787","email":"info@tablaosflamencos.com"},"openingHoursSpecification":{"@type":"OpeningHoursSpecification","dayOfWeek":["Monday","Tuesday","Wednesday","Thursday","Friday","Saturday","Sunday"],"opens":"00:00","closes":"23:59"},"email":"info@tablaosflamencos.com","priceRange":"$$$","currenciesAccepted":"\u20ac"},{"@type":"Person","@id":"https:\/\/www.tablaosflamencos.com\/en#\/schema\/person\/e7a9ebe14eb75a52ceabfbffb3c54f5d","name":"Miguel Ortiz","description":"Miguel Ortiz es un empresario flamenco, con una s\u00f3lida trayectoria dentro del sector. Ha presidido entidades culturales vinculadas al flamenco y, cuenta con un amplio recorrido profesional en la gesti\u00f3n y promoci\u00f3n de espect\u00e1culos y tablaos flamencos. Su pasi\u00f3n por la historia y el arte flamenco se refleja en cada art\u00edculo, donde combina experiencia, criterio y un profundo respeto por la tradici\u00f3n.","sameAs":["https:\/\/www.tablaosflamencos.com","https:\/\/www.instagra.com\/miguelortizfe","https:\/\/www.linkedin.com\/in\/miguelortizf\/"],"birthDate":"1984-11-22","gender":"hombre","knowsLanguage":["espa\u00f1ol","ingl\u00e9s"],"jobTitle":"Empresario flamenco"},{"@type":"PostalAddress","@id":"https:\/\/www.tablaosflamencos.com\/en\/hotel-triana-seville-flamenco-biennial-2026.html#local-main-place-address","streetAddress":"C\/ Alemanes, 19","addressLocality":"Sevilla","postalCode":"41004","addressRegion":"Sevilla","addressCountry":"ES"},{"@type":"ImageObject","inLanguage":"en-US","@id":"https:\/\/www.tablaosflamencos.com\/en\/hotel-triana-seville-flamenco-biennial-2026.html#local-main-organization-logo","url":"https:\/\/www.tablaosflamencos.com\/wp-content\/uploads\/tablaos-flamencos-06-3.webp","contentUrl":"https:\/\/www.tablaosflamencos.com\/wp-content\/uploads\/tablaos-flamencos-06-3.webp","width":600,"height":620,"caption":"Tablaos Flamencos"}]},"geo.placename":"Sevilla","geo.position":{"lat":"37.3868072","long":"-5.993280299999999"},"geo.region":"Spain"},"_links":{"self":[{"href":"https:\/\/www.tablaosflamencos.com\/en\/wp-json\/wp\/v2\/posts\/14148","targetHints":{"allow":["GET"]}}],"collection":[{"href":"https:\/\/www.tablaosflamencos.com\/en\/wp-json\/wp\/v2\/posts"}],"about":[{"href":"https:\/\/www.tablaosflamencos.com\/en\/wp-json\/wp\/v2\/types\/post"}],"author":[{"embeddable":true,"href":"https:\/\/www.tablaosflamencos.com\/en\/wp-json\/wp\/v2\/users\/1"}],"replies":[{"embeddable":true,"href":"https:\/\/www.tablaosflamencos.com\/en\/wp-json\/wp\/v2\/comments?post=14148"}],"version-history":[{"count":1,"href":"https:\/\/www.tablaosflamencos.com\/en\/wp-json\/wp\/v2\/posts\/14148\/revisions"}],"predecessor-version":[{"id":14198,"href":"https:\/\/www.tablaosflamencos.com\/en\/wp-json\/wp\/v2\/posts\/14148\/revisions\/14198"}],"wp:featuredmedia":[{"embeddable":true,"href":"https:\/\/www.tablaosflamencos.com\/en\/wp-json\/wp\/v2\/media\/14087"}],"wp:attachment":[{"href":"https:\/\/www.tablaosflamencos.com\/en\/wp-json\/wp\/v2\/media?parent=14148"}],"wp:term":[{"taxonomy":"category","embeddable":true,"href":"https:\/\/www.tablaosflamencos.com\/en\/wp-json\/wp\/v2\/categories?post=14148"},{"taxonomy":"post_tag","embeddable":true,"href":"https:\/\/www.tablaosflamencos.com\/en\/wp-json\/wp\/v2\/tags?post=14148"}],"curies":[{"name":"wp","href":"https:\/\/api.w.org\/{rel}","templated":true}]}}