{"id":14126,"date":"2026-09-03T01:18:36","date_gmt":"2026-09-02T23:18:36","guid":{"rendered":"https:\/\/www.tablaosflamencos.com\/?p=14126"},"modified":"2026-09-03T01:40:17","modified_gmt":"2026-09-02T23:40:17","slug":"flamenco-singing-seville-biennial-2026","status":"publish","type":"post","link":"https:\/\/www.tablaosflamencos.com\/en\/flamenco-singing-seville-biennial-2026.html","title":{"rendered":"Flamenco singing at the 2026 Biennial: generations, artists and great voices"},"content":{"rendered":"<section class=\"l-section wpb_row height_huge\"><div class=\"l-section-h i-cf\"><div class=\"g-cols vc_row via_flex valign_top type_default stacking_default\"><div class=\"vc_col-sm-6 wpb_column vc_column_container\"><div class=\"vc_column-inner\"><div class=\"wpb_wrapper\"><div class=\"wpb_text_column\"><div class=\"wpb_wrapper\"><h2>Flamenco singing at the 2026 Biennial: generations, artists and great voices<\/h2>\n<p>The <strong>24th Seville Flamenco Biennial<\/strong> places flamenco singing at one of the centres of gravity of its programme. Between <strong>9 September and 3 October 2026<\/strong>, Seville will bring together voices from several generations, schools and regions in an edition that the organisation itself sums up with an especially revealing figure: <strong>nearly thirty proposals linked to flamenco singing and more than one hundred voices<\/strong> throughout the festival.<\/p>\n<p>There is therefore no single way to follow flamenco singing at this Biennial. The programme ranges from historic figures such as <strong>Jos\u00e9 Merc\u00e9, Carmen Linares and Jos\u00e9 de la Tomasa<\/strong> to fully established artists such as <strong>Arc\u00e1ngel, Mayte Mart\u00edn, Marina Heredia, Israel Fern\u00e1ndez, Antonio Reyes and La Tremendita<\/strong>, and from there to a younger generation represented by names such as <strong>\u00c1ngeles Toledano, Mar\u00eda Terremoto, Roc\u00edo Luna, El Perrete and Manuel de la Tomasa<\/strong>.<\/p>\n<p>This guide organises that map to help you understand <strong>which generations coexist, which artists are worth following and some of the most important dates for anyone who wants to make flamenco singing the thread running through their 2026 Biennial<\/strong>.<\/p>\n<\/div><\/div><\/div><\/div><\/div><div class=\"vc_col-sm-6 wpb_column vc_column_container\"><div class=\"vc_column-inner\"><div class=\"wpb_wrapper\"><div class=\"w-image us_custom_8ec565b2 has_aspect_ratio align_center\"><div class=\"w-image-h\"><img fetchpriority=\"high\" decoding=\"async\" width=\"1024\" height=\"768\" src=\"https:\/\/www.tablaosflamencos.com\/wp-content\/uploads\/el-cante-en-la-bienal-2026-generaciones-artistas-y-grandes-voces-01-1-1024x768.webp\" class=\"attachment-large size-large\" alt=\"El cante en la Bienal 2026: generaciones, artistas y grandes voces\" loading=\"eager\" srcset=\"https:\/\/www.tablaosflamencos.com\/wp-content\/uploads\/el-cante-en-la-bienal-2026-generaciones-artistas-y-grandes-voces-01-1-1024x768.webp 1024w, https:\/\/www.tablaosflamencos.com\/wp-content\/uploads\/el-cante-en-la-bienal-2026-generaciones-artistas-y-grandes-voces-01-1-300x225.webp 300w, https:\/\/www.tablaosflamencos.com\/wp-content\/uploads\/el-cante-en-la-bienal-2026-generaciones-artistas-y-grandes-voces-01-1-600x450.webp 600w, https:\/\/www.tablaosflamencos.com\/wp-content\/uploads\/el-cante-en-la-bienal-2026-generaciones-artistas-y-grandes-voces-01-1-150x113.webp 150w, https:\/\/www.tablaosflamencos.com\/wp-content\/uploads\/el-cante-en-la-bienal-2026-generaciones-artistas-y-grandes-voces-01-1.webp 1448w\" sizes=\"auto, (max-width: 1024px) 100vw, 1024px\" \/><\/div><\/div><\/div><\/div><\/div><\/div><\/div><\/section><section class=\"l-section wpb_row height_huge color_alternate with_shape\"><div class=\"l-section-shape type_zigzag pos_top hor_flip\" style=\"height:3vmin;\"><svg xmlns=\"http:\/\/www.w3.org\/2000\/svg\" viewBox=\"0 0 64 8\" preserveAspectRatio=\"none\" width=\"100%\" height=\"100%\">\r\n\t<path fill=\"currentColor\" d=\"M64 8 L0 8 L0 0 L20 7.9 L40 3 L48 5 L64 0 Z\"\/>\r\n<\/svg><\/div><div class=\"l-section-shape type_zigzag pos_bottom\" style=\"height:3vmin;\"><svg xmlns=\"http:\/\/www.w3.org\/2000\/svg\" viewBox=\"0 0 64 8\" preserveAspectRatio=\"none\" width=\"100%\" height=\"100%\">\r\n\t<path fill=\"currentColor\" d=\"M64 8 L0 8 L0 0 L20 7.9 L40 3 L48 5 L64 0 Z\"\/>\r\n<\/svg><\/div><div class=\"l-section-h i-cf\"><div class=\"g-cols vc_row via_flex valign_top type_default stacking_default\"><div class=\"vc_col-sm-12 wpb_column vc_column_container\"><div class=\"vc_column-inner\"><div class=\"wpb_wrapper\"><div class=\"wpb_text_column\"><div class=\"wpb_wrapper\"><blockquote>\n<p><strong>Quick answer:<\/strong> the 2026 Seville Flamenco Biennial offers one of its broadest and most generationally diverse programmes of flamenco singing. Highlights include the gala <em>El mundo por montera<\/em>, \u00c1ngeles Toledano, Israel Fern\u00e1ndez, Rancapino Chico, Arc\u00e1ngel, Antonio Reyes, Jos\u00e9 Merc\u00e9, Mayte Mart\u00edn, Marina Heredia and the closing performance by Carmen Linares with Marina Heredia, Mar\u00eda Terremoto and Roc\u00edo Luna. The programme is interesting not only because of its major names, but also because of how it brings tradition into dialogue with the present, gathers flamenco families and creates conversations between generations.<\/p>\n<\/blockquote>\n<p><strong>Last updated: 2 September 2026.<\/strong> The programme and ticket availability may change. Always check the official page for each show before planning your visit.<\/p>\n<p><a href=\"https:\/\/www.tablaosflamencos.com\/en\/seville-flamenco-biennial-2026.html\"><strong>Complete guide to the 2026 Biennial<\/strong><\/a> \u00b7 <a href=\"https:\/\/www.tablaosflamencos.com\/en\/seville-flamenco-biennial-2026-unique-nights.html\"><strong>Unique Nights<\/strong><\/a> \u00b7 <a href=\"https:\/\/www.labienal.com\/programa-general\" target=\"_blank\" rel=\"noopener\"><strong>Official programme<\/strong><\/a><\/p>\n<\/div><\/div><\/div><\/div><\/div><\/div><\/div><\/section><section class=\"l-section wpb_row height_huge\"><div class=\"l-section-h i-cf\"><div class=\"g-cols vc_row via_flex valign_top type_default stacking_default\"><div class=\"vc_col-sm-1\/5 wpb_column vc_column_container\"><div class=\"vc_column-inner\"><div class=\"wpb_wrapper\"><\/div><\/div><\/div><div class=\"vc_col-sm-3\/5 wpb_column vc_column_container\"><div class=\"vc_column-inner\"><div class=\"wpb_wrapper\"><div class=\"wpb_text_column\"><div class=\"wpb_wrapper\"><h2>Contents of this guide<\/h2>\n<ul>\n<li><a href=\"#cante-corazon\">Why flamenco singing occupies a central place<\/a><\/li>\n<li><a href=\"#maestros\">Masters and major references<\/a><\/li>\n<li><a href=\"#consolidados\">The established generation<\/a><\/li>\n<li><a href=\"#jovenes\">The new voices<\/a><\/li>\n<li><a href=\"#sagas\">Flamenco families, regions and memory<\/a><\/li>\n<li><a href=\"#mujeres\">Women\u2019s voices<\/a><\/li>\n<li><a href=\"#fechas-clave\">Key dates<\/a><\/li>\n<li><a href=\"#elegir\">What to choose according to your interests<\/a><\/li>\n<li><a href=\"#faq-cante\">Frequently asked questions<\/a><\/li>\n<\/ul>\n<\/div><\/div><\/div><\/div><\/div><div class=\"vc_col-sm-1\/5 wpb_column vc_column_container\"><div class=\"vc_column-inner\"><div class=\"wpb_wrapper\"><\/div><\/div><\/div><\/div><\/div><\/section><section class=\"l-section wpb_row height_huge color_alternate with_shape\"><div class=\"l-section-shape type_zigzag pos_top\" style=\"height:3vmin;\"><svg xmlns=\"http:\/\/www.w3.org\/2000\/svg\" viewBox=\"0 0 64 8\" preserveAspectRatio=\"none\" width=\"100%\" height=\"100%\">\r\n\t<path fill=\"currentColor\" d=\"M64 8 L0 8 L0 0 L20 7.9 L40 3 L48 5 L64 0 Z\"\/>\r\n<\/svg><\/div><div class=\"l-section-shape type_zigzag pos_bottom\" style=\"height:3vmin;\"><svg xmlns=\"http:\/\/www.w3.org\/2000\/svg\" viewBox=\"0 0 64 8\" preserveAspectRatio=\"none\" width=\"100%\" height=\"100%\">\r\n\t<path fill=\"currentColor\" d=\"M64 8 L0 8 L0 0 L20 7.9 L40 3 L48 5 L64 0 Z\"\/>\r\n<\/svg><\/div><div class=\"l-section-h i-cf\"><div class=\"g-cols vc_row via_flex valign_top type_default stacking_default\"><div class=\"vc_col-sm-12 wpb_column vc_column_container\"><div class=\"vc_column-inner\"><div class=\"wpb_wrapper\"><div class=\"wpb_text_column\"><div class=\"wpb_wrapper\"><h2 id=\"cante-corazon\">Flamenco singing at the heart of the 24th Biennial<\/h2>\n<p>Talking about more than one hundred voices does not mean that the Biennial has created an isolated block devoted exclusively to singing. Quite the opposite: <strong>the voice runs through the entire edition<\/strong>. It appears in classic-format recitals, world premieres, major productions at the Teatro de la Maestranza, gatherings of flamenco families, dance productions in which singing plays a structural role and Unique Nights created especially for Seville.<\/p>\n<p>The official programme speaks of generations, regions, schools and sensibilities. That idea helps explain the 2026 edition: its aim is not to defend a single aesthetic of flamenco singing, but to show how different ways of relating to tradition coexist.<\/p>\n<p>Within the same festival, audiences can hear radically different approaches: Mayte Mart\u00edn\u2019s return to old repertoires, the memory of shellac records that inspires Rancapino Chico, Israel Fern\u00e1ndez\u2019s contemporary musical personality, \u00c1ngeles Toledano\u2019s own writing and imaginative world, or a large-scale symphonic production by Marina Heredia.<\/p>\n<p>One of the great attractions of 2026 is that audiences can compare how different generations understand essential questions in flamenco: <strong>what it means to respect tradition, how far a repertoire can be transformed, how a style of singing is transmitted and where personal creation begins<\/strong>.<\/p>\n<\/div><\/div><\/div><\/div><\/div><\/div><\/div><\/section><section class=\"l-section wpb_row height_huge\"><div class=\"l-section-h i-cf\"><div class=\"g-cols vc_row via_flex valign_top type_default stacking_default\"><div class=\"vc_col-sm-12 wpb_column vc_column_container\"><div class=\"vc_column-inner\"><div class=\"wpb_wrapper\"><div class=\"wpb_text_column\"><div class=\"wpb_wrapper\"><h2 id=\"maestros\">The masters: memory, authority and transmission<\/h2>\n<p>Among the most experienced voices, <strong>Jos\u00e9 Merc\u00e9<\/strong> occupies one of the central places. On 20 September he returns to the Teatro de la Maestranza with <em>Toquen a rebato<\/em>, a Unique Night that revives an idea that already worked at the 2016 Biennial: placing his voice opposite three guitars. This time the dialogue will be with a younger generation of guitarists \u2014David de Arahal, Jos\u00e9 del Tomate and Manuel Cerpa\u2014 making the idea of transmission explicit.<\/p>\n<p>Also playing a special role is <strong>Carmen Linares<\/strong>, who leads one of the major closing events. On 3 October, <em>Perlas a millares<\/em> celebrates the 30th anniversary of her <em>Antolog\u00eda de la Mujer en el Cante<\/em> and brings in Marina Heredia, Mar\u00eda Terremoto and Roc\u00edo Luna, as well as Rafaela Carrasco in dance. The show works not only as a tribute: it turns the memory of women\u2019s flamenco singing into a dialogue between different generations.<\/p>\n<p>These references are joined by names such as <strong>Jos\u00e9 de la Tomasa<\/strong>, present in the major opening gala, or highly distinctive voices such as <strong>Aurora Vargas<\/strong>, who take part in an edition especially attentive to memory and repertoires passed on directly.<\/p>\n<h3>Mayte Mart\u00edn: looking back to affirm the present<\/h3>\n<p>On 30 September, the Teatro Lope de Vega welcomes <strong>Mayte Mart\u00edn<\/strong> with <em>Arqueolog\u00eda de lo puro<\/em>. The project begins with a very clear aesthetic decision: to recover major works from older flamenco, some of them neglected, and defend them without submitting them to contemporary trends.<\/p>\n<p>This is not nostalgia. Looking back is a way to build a present-day artistic position. That makes Mayte Mart\u00edn one of the most useful references for understanding the debate that runs through the whole Biennial: <strong>how to preserve without freezing and how to create without losing memory<\/strong>.<\/p>\n<\/div><\/div><\/div><\/div><\/div><\/div><\/div><\/section><section class=\"l-section wpb_row height_huge color_alternate with_shape\"><div class=\"l-section-shape type_zigzag pos_top\" style=\"height:3vmin;\"><svg xmlns=\"http:\/\/www.w3.org\/2000\/svg\" viewBox=\"0 0 64 8\" preserveAspectRatio=\"none\" width=\"100%\" height=\"100%\">\r\n\t<path fill=\"currentColor\" d=\"M64 8 L0 8 L0 0 L20 7.9 L40 3 L48 5 L64 0 Z\"\/>\r\n<\/svg><\/div><div class=\"l-section-shape type_zigzag pos_bottom\" style=\"height:3vmin;\"><svg xmlns=\"http:\/\/www.w3.org\/2000\/svg\" viewBox=\"0 0 64 8\" preserveAspectRatio=\"none\" width=\"100%\" height=\"100%\">\r\n\t<path fill=\"currentColor\" d=\"M64 8 L0 8 L0 0 L20 7.9 L40 3 L48 5 L64 0 Z\"\/>\r\n<\/svg><\/div><div class=\"l-section-h i-cf\"><div class=\"g-cols vc_row via_flex valign_top type_default stacking_default\"><div class=\"vc_col-sm-12 wpb_column vc_column_container\"><div class=\"vc_column-inner\"><div class=\"wpb_wrapper\"><div class=\"wpb_text_column\"><div class=\"wpb_wrapper\"><h2 id=\"consolidados\">The established generation: Arc\u00e1ngel, Marina Heredia, Israel Fern\u00e1ndez and Antonio Reyes<\/h2>\n<p>Between the historic masters and the youngest voices is a generation that has spent years defining contemporary flamenco singing. The 2026 Biennial gives it a highly visible place.<\/p>\n<p><strong>Arc\u00e1ngel<\/strong> presents on 17 September at the Teatro Lope de Vega <em>La copla del cante<\/em>, a Unique Night that revisits the relationship between flamenco and copla through the memory of performers such as Marchena, Caracol, Pepe Pinto, Canalejas and La Paquera de Jerez.<\/p>\n<p>The following day, <strong>Antonio Reyes<\/strong> presents <em>Seis cuerdas, seis<\/em>, also at the Lope de Vega, creating a dialogue between his singing and six guitarists: Rafael Riqueni, Manolo Franco, Diego del Morao, Joni Jim\u00e9nez, Jos\u00e9 del Tomate and Nono Reyes.<\/p>\n<p>Meanwhile, <strong>Israel Fern\u00e1ndez<\/strong> brings <em>De oro y marfil<\/em> to the Patio de la Monter\u00eda at the Real Alc\u00e1zar on 14 September, with Diego del Morao and a broader musical ensemble. It is one of the proposals that best represents a way of projecting flamenco roots through a fully contemporary sound language.<\/p>\n<h3>Marina Heredia: flamenco singing on a large scale<\/h3>\n<p>On 1 October, <strong>Marina Heredia<\/strong> performs at the Teatro de la Maestranza with the Royal Seville Symphony Orchestra in <em>\u00a1En libertad! El camino de los gitanos<\/em>. The show connects historical memory, Roma identity and large-scale musical creation.<\/p>\n<p>Her presence reveals another dimension of flamenco singing: the voice does not appear only in the singer-and-guitar format. It can coexist with an orchestra, broad dramaturgy and historical research while remaining the expressive centre of the work.<\/p>\n<\/div><\/div><\/div><\/div><\/div><\/div><\/div><\/section><section class=\"l-section wpb_row height_huge\"><div class=\"l-section-h i-cf\"><div class=\"g-cols vc_row via_flex valign_top type_default stacking_default\"><div class=\"vc_col-sm-12 wpb_column vc_column_container\"><div class=\"vc_column-inner\"><div class=\"wpb_wrapper\"><div class=\"wpb_text_column\"><div class=\"wpb_wrapper\"><h2 id=\"jovenes\">The new voices: a generation already creating its own language<\/h2>\n<p>One of the most interesting developments at the 2026 Biennial is the inclusion of young artists who arrive not merely as guests, but with <strong>their own projects and personal artistic statements<\/strong>.<\/p>\n<p>The clearest example is <strong>\u00c1ngeles Toledano<\/strong>. On 12 September she presents at the Teatro Alameda the world premiere of <em>La misma sangre del cuerpo<\/em>, her first show of her own at the Biennial. The work extends the universe of her album <em>Sangre Sucia<\/em> and places a singer trained in classical approaches before a highly personal style of writing, aesthetics and stage language.<\/p>\n<p>Her position is particularly significant: she also appears in <em>El mundo por montera<\/em>, the major gala on 10 September, alongside artists such as Jos\u00e9 Merc\u00e9, Jos\u00e9 de la Tomasa, Arc\u00e1ngel and La Tremendita. In barely two days, the Biennial first places her within a collective genealogy and then at the head of her own creation.<\/p>\n<p><strong>Mar\u00eda Terremoto<\/strong> represents a very direct continuity with the great singing families of Jerez, while <strong>Roc\u00edo Luna<\/strong> arrives at the major closing night with Carmen Linares and Marina Heredia as one of the young voices incorporated into a historical narrative of women\u2019s flamenco singing.<\/p>\n<p><strong>El Perrete<\/strong> and <strong>Manuel de la Tomasa<\/strong> take part in the gala <em>El mundo por montera<\/em>. Added to this is the <strong>Andalusian Young Flamenco Artists Circuit Gala<\/strong>, scheduled for 20 September at the Teatro Alameda.<\/p>\n<\/div><\/div><\/div><\/div><\/div><\/div><\/div><\/section><section class=\"l-section wpb_row height_huge color_alternate with_shape\"><div class=\"l-section-shape type_zigzag pos_top hor_flip\" style=\"height:3vmin;\"><svg xmlns=\"http:\/\/www.w3.org\/2000\/svg\" viewBox=\"0 0 64 8\" preserveAspectRatio=\"none\" width=\"100%\" height=\"100%\">\r\n\t<path fill=\"currentColor\" d=\"M64 8 L0 8 L0 0 L20 7.9 L40 3 L48 5 L64 0 Z\"\/>\r\n<\/svg><\/div><div class=\"l-section-shape type_zigzag pos_bottom\" style=\"height:3vmin;\"><svg xmlns=\"http:\/\/www.w3.org\/2000\/svg\" viewBox=\"0 0 64 8\" preserveAspectRatio=\"none\" width=\"100%\" height=\"100%\">\r\n\t<path fill=\"currentColor\" d=\"M64 8 L0 8 L0 0 L20 7.9 L40 3 L48 5 L64 0 Z\"\/>\r\n<\/svg><\/div><div class=\"l-section-h i-cf\"><div class=\"g-cols vc_row via_flex valign_top type_default stacking_default\"><div class=\"vc_col-sm-12 wpb_column vc_column_container\"><div class=\"vc_column-inner\"><div class=\"wpb_wrapper\"><div class=\"wpb_text_column\"><div class=\"wpb_wrapper\"><h2 id=\"sagas\">Flamenco families, regions and ways of transmitting singing<\/h2>\n<p>The Biennial does not organise its voices only by age. It also connects them through <strong>region, family and performance tradition<\/strong>.<\/p>\n<p>The Real Alc\u00e1zar offers a particularly clear example. After Israel Fern\u00e1ndez, on 15 September <strong>Rancapino Chico<\/strong> premieres <em>Pizarra<\/em>, a project inspired by old 78 rpm recordings and the great masters of flamenco singing. The following day, <em>Xerezan\u00edas<\/em> brings together Luis El Zambo, Dolores Agujetas, Antonio de la Malena, Manuel Valencia and Las Tatas de Jerez.<\/p>\n<p>Across three consecutive nights, the Patio de la Monter\u00eda therefore moves from a major contemporary voice to a reflection on recorded memory and finally to a gathering of flamenco families connected to Jerez. For anyone interested in understanding how singing is transmitted, it is one of the most coherent sections of the entire edition.<\/p>\n<p><a href=\"https:\/\/www.tablaosflamencos.com\/en\/flamenco-real-alcazar-seville-biennial-2026.html\"><strong>See our guide to flamenco at the Real Alc\u00e1zar during the 2026 Biennial<\/strong><\/a>.<\/p>\n<h3>A vocal map of Andalusia<\/h3>\n<p>Jerez appears with enormous strength through Merc\u00e9, the families of <em>Xerezan\u00edas<\/em>, Mar\u00eda Terremoto, Capullo de Jerez and Jos\u00e9 de los Camarones. C\u00e1diz is present in Rancapino Chico\u2019s understanding of singing and in artists such as Encarna Anillo. Huelva has a fundamental voice in Arc\u00e1ngel; Granada in Marina Heredia; and Seville contributes its own figures and lineages alongside encounters created specifically for the city.<\/p>\n<\/div><\/div><\/div><\/div><\/div><\/div><\/div><\/section><section class=\"l-section wpb_row height_huge\"><div class=\"l-section-h i-cf\"><div class=\"g-cols vc_row via_flex valign_top type_default stacking_default\"><div class=\"vc_col-sm-12 wpb_column vc_column_container\"><div class=\"vc_column-inner\"><div class=\"wpb_wrapper\"><div class=\"wpb_text_column\"><div class=\"wpb_wrapper\"><h2 id=\"mujeres\">Women\u2019s voices: from Carmen Linares to \u00c1ngeles Toledano and Roc\u00edo Luna<\/h2>\n<p>Women\u2019s flamenco singing has structural importance in the 2026 edition, not only because of the number of artists, but because of the way the programme builds a historical dialogue.<\/p>\n<p>Carmen Linares closes the Biennial with a revisiting of her <em>Antolog\u00eda de la Mujer en el Cante<\/em>, a decisive work in recovering and foregrounding repertoires associated with great women singers of the past. The programme of <em>Perlas a millares<\/em> evokes names such as Ni\u00f1a de los Peines, La Mejorana, La Trini, La Serneta and La Repompa and adds current voices from different generations.<\/p>\n<p>Marina Heredia, Mar\u00eda Terremoto and Roc\u00edo Luna turn that tribute into a living line rather than a museum piece. At another point in the programme, \u00c1ngeles Toledano premieres a work born from her own creative universe and <strong>La Tremendita<\/strong> presents <em>Menos es m\u00e1s<\/em>, a world premiere on 11 September at the Teatro Central.<\/p>\n<p>One of the most interesting readings of the women\u2019s programme is precisely the coexistence of two apparently opposite movements: <strong>recovering repertoires and writing a voice of one\u2019s own<\/strong>.<\/p>\n<\/div><\/div><\/div><\/div><\/div><\/div><\/div><\/section><section class=\"l-section wpb_row height_huge color_alternate with_shape\"><div class=\"l-section-shape type_zigzag pos_top hor_flip\" style=\"height:3vmin;\"><svg xmlns=\"http:\/\/www.w3.org\/2000\/svg\" viewBox=\"0 0 64 8\" preserveAspectRatio=\"none\" width=\"100%\" height=\"100%\">\r\n\t<path fill=\"currentColor\" d=\"M64 8 L0 8 L0 0 L20 7.9 L40 3 L48 5 L64 0 Z\"\/>\r\n<\/svg><\/div><div class=\"l-section-shape type_zigzag pos_bottom\" style=\"height:3vmin;\"><svg xmlns=\"http:\/\/www.w3.org\/2000\/svg\" viewBox=\"0 0 64 8\" preserveAspectRatio=\"none\" width=\"100%\" height=\"100%\">\r\n\t<path fill=\"currentColor\" d=\"M64 8 L0 8 L0 0 L20 7.9 L40 3 L48 5 L64 0 Z\"\/>\r\n<\/svg><\/div><div class=\"l-section-h i-cf\"><div class=\"g-cols vc_row via_flex valign_top type_default stacking_default\"><div class=\"vc_col-sm-12 wpb_column vc_column_container\"><div class=\"vc_column-inner\"><div class=\"wpb_wrapper\"><div class=\"wpb_text_column\"><div class=\"wpb_wrapper\"><h2 id=\"fechas-clave\">Key flamenco singing dates at the 2026 Biennial<\/h2>\n<div style=\"overflow-x: auto;\">\n<table>\n<thead>\n<tr>\n<th>Date<\/th>\n<th>Artist \/ proposal<\/th>\n<th>Venue<\/th>\n<th>Key point<\/th>\n<\/tr>\n<\/thead>\n<tbody>\n<tr>\n<td><strong>10 September<\/strong><\/td>\n<td><em>El mundo por montera<\/em><\/td>\n<td>Real Maestranza<\/td>\n<td>Intergenerational gala<\/td>\n<\/tr>\n<tr>\n<td><strong>11 September<\/strong><\/td>\n<td>La Tremendita \u00b7 <em>Menos es m\u00e1s<\/em><\/td>\n<td>Teatro Central<\/td>\n<td>World premiere<\/td>\n<\/tr>\n<tr>\n<td><strong>12 September<\/strong><\/td>\n<td>\u00c1ngeles Toledano \u00b7 <em>La misma sangre del cuerpo<\/em><\/td>\n<td>Teatro Alameda<\/td>\n<td>World premiere<\/td>\n<\/tr>\n<tr>\n<td><strong>14 September<\/strong><\/td>\n<td>Israel Fern\u00e1ndez \u00b7 <em>De oro y marfil<\/em><\/td>\n<td>Real Alc\u00e1zar<\/td>\n<td>Contemporary flamenco singing<\/td>\n<\/tr>\n<tr>\n<td><strong>15 September<\/strong><\/td>\n<td>Rancapino Chico \u00b7 <em>Pizarra<\/em><\/td>\n<td>Real Alc\u00e1zar<\/td>\n<td>World premiere<\/td>\n<\/tr>\n<tr>\n<td><strong>16 September<\/strong><\/td>\n<td><em>Xerezan\u00edas<\/em><\/td>\n<td>Real Alc\u00e1zar<\/td>\n<td>Jerez flamenco families<\/td>\n<\/tr>\n<tr>\n<td><strong>17 September<\/strong><\/td>\n<td>Arc\u00e1ngel \u00b7 <em>La copla del cante<\/em><\/td>\n<td>Lope de Vega<\/td>\n<td>Unique Night<\/td>\n<\/tr>\n<tr>\n<td><strong>18 September<\/strong><\/td>\n<td>Antonio Reyes \u00b7 <em>Seis cuerdas, seis<\/em><\/td>\n<td>Lope de Vega<\/td>\n<td>Flamenco singing and six guitars<\/td>\n<\/tr>\n<tr>\n<td><strong>20 September<\/strong><\/td>\n<td>Jos\u00e9 Merc\u00e9 \u00b7 <em>Toquen a rebato<\/em><\/td>\n<td>Maestranza<\/td>\n<td>Unique Night<\/td>\n<\/tr>\n<tr>\n<td><strong>30 September<\/strong><\/td>\n<td>Mayte Mart\u00edn \u00b7 <em>Arqueolog\u00eda de lo puro<\/em><\/td>\n<td>Lope de Vega<\/td>\n<td>Historic repertoire<\/td>\n<\/tr>\n<tr>\n<td><strong>1 October<\/strong><\/td>\n<td>Marina Heredia + ROSS<\/td>\n<td>Maestranza<\/td>\n<td>Large-scale symphonic format<\/td>\n<\/tr>\n<tr>\n<td><strong>3 October<\/strong><\/td>\n<td>Carmen Linares + guests \u00b7 <em>Perlas a millares<\/em><\/td>\n<td>Maestranza<\/td>\n<td>Intergenerational closing event<\/td>\n<\/tr>\n<\/tbody>\n<\/table>\n<\/div>\n<p><small>A selective list of especially relevant dates for following flamenco singing. The Biennial includes many other performances in which the flamenco voice plays a leading role.<\/small><\/p>\n<\/div><\/div><\/div><\/div><\/div><\/div><\/div><\/section><section class=\"l-section wpb_row height_huge\"><div class=\"l-section-h i-cf\"><div class=\"g-cols vc_row via_flex valign_top type_default stacking_default\"><div class=\"vc_col-sm-12 wpb_column vc_column_container\"><div class=\"vc_column-inner\"><div class=\"wpb_wrapper\"><div class=\"wpb_text_column\"><div class=\"wpb_wrapper\"><h2 id=\"elegir\">What to see according to the kind of flamenco singing you want<\/h2>\n<h3>If you are looking for traditional flamenco singing<\/h3>\n<p>If your priority is to hear classical forms and a very direct relationship between voice, repertoire and guitar, pay particular attention to <strong>Mayte Mart\u00edn, Rancapino Chico, Jos\u00e9 Merc\u00e9, Antonio Reyes<\/strong> and several gatherings of flamenco families. Another particularly interesting option may be <em>A canela y clavo<\/em>, with Esperanza Fern\u00e1ndez, Duquende, Jos\u00e9 Valencia, Pepe Torres and Nazaret Reyes.<\/p>\n<h3>If you are looking for the most contemporary flamenco singing<\/h3>\n<p>For a more open view of current creation, <strong>\u00c1ngeles Toledano, La Tremendita, Israel Fern\u00e1ndez and Marina Heredia<\/strong> offer four very different paths. There is no single \u201cavant-garde of flamenco singing\u201d: the Biennial shows several ways forward.<\/p>\n<h3>If you want to understand the generations<\/h3>\n<p>The best strategy is not to choose artists who are too similar. Build a small generational itinerary: a major historic reference, an established voice and a young proposal. For example, Jos\u00e9 Merc\u00e9 or Mayte Mart\u00edn; Israel Fern\u00e1ndez, Arc\u00e1ngel or Marina Heredia; and \u00c1ngeles Toledano or one of the younger proposals.<\/p>\n<p><a href=\"https:\/\/www.tablaosflamencos.com\/en\/seville-flamenco-biennial-2026-tickets-prices-discounts.html\"><strong>Tickets, prices and discounts<\/strong><\/a> \u00b7 <a href=\"https:\/\/www.tablaosflamencos.com\/en\/major-premieres-seville-flamenco-biennial-2026.html\"><strong>Major premieres<\/strong><\/a> \u00b7 <a href=\"https:\/\/www.tablaosflamencos.com\/en\/seville-flamenco-biennial-2026-sold-out-tickets-what-to-see.html\"><strong>What to see if tickets are sold out<\/strong><\/a><\/p>\n<\/div><\/div><\/div><\/div><\/div><\/div><\/div><\/section><section class=\"l-section wpb_row height_huge color_alternate with_shape\"><div class=\"l-section-shape type_zigzag pos_top hor_flip\" style=\"height:3vmin;\"><svg xmlns=\"http:\/\/www.w3.org\/2000\/svg\" viewBox=\"0 0 64 8\" preserveAspectRatio=\"none\" width=\"100%\" height=\"100%\">\r\n\t<path fill=\"currentColor\" d=\"M64 8 L0 8 L0 0 L20 7.9 L40 3 L48 5 L64 0 Z\"\/>\r\n<\/svg><\/div><div class=\"l-section-shape type_zigzag pos_bottom\" style=\"height:3vmin;\"><svg xmlns=\"http:\/\/www.w3.org\/2000\/svg\" viewBox=\"0 0 64 8\" preserveAspectRatio=\"none\" width=\"100%\" height=\"100%\">\r\n\t<path fill=\"currentColor\" d=\"M64 8 L0 8 L0 0 L20 7.9 L40 3 L48 5 L64 0 Z\"\/>\r\n<\/svg><\/div><div class=\"l-section-h i-cf\"><div class=\"g-cols vc_row via_flex valign_top type_default stacking_default\"><div class=\"vc_col-sm-1\/5 wpb_column vc_column_container\"><div class=\"vc_column-inner\"><div class=\"wpb_wrapper\"><\/div><\/div><\/div><div class=\"vc_col-sm-3\/5 wpb_column vc_column_container\"><div class=\"vc_column-inner\"><div class=\"wpb_wrapper\"><div class=\"wpb_text_column\"><div class=\"wpb_wrapper\"><h2 id=\"faq-cante\">Frequently asked questions about flamenco singing at the 2026 Biennial<\/h2>\n<\/div><\/div><div class=\"w-separator size_medium\"><\/div><div class=\"w-tabs accordion toggle_style_1 has_scrolling\" style=\"--sections-title-size:inherit;--sections-gap:0.5rem;\"><div class=\"w-tabs-sections titles-align_none icon_plus cpos_left\"><div class=\"w-tabs-section\" id=\"jf72\" itemscope itemprop=\"mainEntity\" itemtype=\"https:\/\/schema.org\/Question\"><button type=\"button\" class=\"w-tabs-section-header\" aria-controls=\"content-jf72\" aria-expanded=\"false\"><h3 class=\"w-tabs-section-title\" itemprop=\"name\">How many voices are taking part in the 2026 Flamenco Biennial?<\/h3><div class=\"w-tabs-section-control\"><\/div><\/button><div  class=\"w-tabs-section-content\" id=\"content-jf72\" itemscope itemprop=\"acceptedAnswer\" itemtype=\"https:\/\/schema.org\/Answer\"><div class=\"w-tabs-section-content-h i-cf\" itemprop=\"text\"><div class=\"wpb_text_column\"><div class=\"wpb_wrapper\"><p>The organisation speaks of <strong>more than one hundred voices<\/strong> spread across nearly thirty proposals related to flamenco singing. Not all of them are dedicated recitals: many form part of galas, encounters, dance shows or large-scale productions.<\/p>\n<\/div><\/div><\/div><\/div><\/div><div class=\"w-tabs-section\" id=\"o059\" itemscope itemprop=\"mainEntity\" itemtype=\"https:\/\/schema.org\/Question\"><button type=\"button\" class=\"w-tabs-section-header\" aria-controls=\"content-o059\" aria-expanded=\"false\"><h3 class=\"w-tabs-section-title\" itemprop=\"name\">Who are some of the major flamenco singers at the 2026 Biennial?<\/h3><div class=\"w-tabs-section-control\"><\/div><\/button><div  class=\"w-tabs-section-content\" id=\"content-o059\" itemscope itemprop=\"acceptedAnswer\" itemtype=\"https:\/\/schema.org\/Answer\"><div class=\"w-tabs-section-content-h i-cf\" itemprop=\"text\"><div class=\"wpb_text_column\"><div class=\"wpb_wrapper\"><p>Among the most prominent names are Jos\u00e9 Merc\u00e9, Carmen Linares, Jos\u00e9 de la Tomasa, Mayte Mart\u00edn, Arc\u00e1ngel, Marina Heredia, Israel Fern\u00e1ndez, Antonio Reyes, La Tremendita, Rancapino Chico, \u00c1ngeles Toledano, Mar\u00eda Terremoto and Roc\u00edo Luna, among many others.<\/p>\n<\/div><\/div><\/div><\/div><\/div><div class=\"w-tabs-section\" id=\"g138\" itemscope itemprop=\"mainEntity\" itemtype=\"https:\/\/schema.org\/Question\"><button type=\"button\" class=\"w-tabs-section-header\" aria-controls=\"content-g138\" aria-expanded=\"false\"><h3 class=\"w-tabs-section-title\" itemprop=\"name\">Are there young flamenco singers at the 2026 Biennial?<\/h3><div class=\"w-tabs-section-control\"><\/div><\/button><div  class=\"w-tabs-section-content\" id=\"content-g138\" itemscope itemprop=\"acceptedAnswer\" itemtype=\"https:\/\/schema.org\/Answer\"><div class=\"w-tabs-section-content-h i-cf\" itemprop=\"text\"><div class=\"wpb_text_column\"><div class=\"wpb_wrapper\"><p>Yes. \u00c1ngeles Toledano presents a show of her own at the Biennial for the first time, and voices such as Roc\u00edo Luna, Mar\u00eda Terremoto, El Perrete and Manuel de la Tomasa also appear, along with the Andalusian Young Flamenco Artists Circuit Gala.<\/p>\n<\/div><\/div><\/div><\/div><\/div><div class=\"w-tabs-section\" id=\"y213\" itemscope itemprop=\"mainEntity\" itemtype=\"https:\/\/schema.org\/Question\"><button type=\"button\" class=\"w-tabs-section-header\" aria-controls=\"content-y213\" aria-expanded=\"false\"><h3 class=\"w-tabs-section-title\" itemprop=\"name\">What is one of the best dates for hearing several generations together?<\/h3><div class=\"w-tabs-section-control\"><\/div><\/button><div  class=\"w-tabs-section-content\" id=\"content-y213\" itemscope itemprop=\"acceptedAnswer\" itemtype=\"https:\/\/schema.org\/Answer\"><div class=\"w-tabs-section-content-h i-cf\" itemprop=\"text\"><div class=\"wpb_text_column\"><div class=\"wpb_wrapper\"><p>The gala <em>El mundo por montera<\/em>, on 10 September at the Real Maestranza, brings together Jos\u00e9 Merc\u00e9, Jos\u00e9 de la Tomasa, Arc\u00e1ngel, La Tremendita, \u00c1ngeles Toledano, El Perrete and Manuel de la Tomasa, among other artists.<\/p>\n<\/div><\/div><\/div><\/div><\/div><div class=\"w-tabs-section\" id=\"l2fa\" itemscope itemprop=\"mainEntity\" itemtype=\"https:\/\/schema.org\/Question\"><button type=\"button\" class=\"w-tabs-section-header\" aria-controls=\"content-l2fa\" aria-expanded=\"false\"><h3 class=\"w-tabs-section-title\" itemprop=\"name\">Which show is dedicated to women\u2019s flamenco singing?<\/h3><div class=\"w-tabs-section-control\"><\/div><\/button><div  class=\"w-tabs-section-content\" id=\"content-l2fa\" itemscope itemprop=\"acceptedAnswer\" itemtype=\"https:\/\/schema.org\/Answer\"><div class=\"w-tabs-section-content-h i-cf\" itemprop=\"text\"><div class=\"wpb_text_column\"><div class=\"wpb_wrapper\"><p><em>Perlas a millares<\/em>, on 3 October at the Teatro de la Maestranza, celebrates the 30th anniversary of Carmen Linares\u2019s <em>Antolog\u00eda de la Mujer en el Cante<\/em> . Marina Heredia, Mar\u00eda Terremoto and Roc\u00edo Luna also take part.<\/p>\n<\/div><\/div><\/div><\/div><\/div><div class=\"w-tabs-section\" id=\"o3cc\" itemscope itemprop=\"mainEntity\" itemtype=\"https:\/\/schema.org\/Question\"><button type=\"button\" class=\"w-tabs-section-header\" aria-controls=\"content-o3cc\" aria-expanded=\"false\"><h3 class=\"w-tabs-section-title\" itemprop=\"name\">Which recital might interest me if I am looking for older flamenco?<\/h3><div class=\"w-tabs-section-control\"><\/div><\/button><div  class=\"w-tabs-section-content\" id=\"content-o3cc\" itemscope itemprop=\"acceptedAnswer\" itemtype=\"https:\/\/schema.org\/Answer\"><div class=\"w-tabs-section-content-h i-cf\" itemprop=\"text\"><div class=\"wpb_text_column\"><div class=\"wpb_wrapper\"><p>One of the clearest options is <em>Arqueolog\u00eda de lo puro<\/em>, by Mayte Mart\u00edn, on 30 September at the Teatro Lope de Vega. Also <em>Pizarra<\/em>, by Rancapino Chico, is inspired by old 78 rpm recordings.<\/p>\n<\/div><\/div><\/div><\/div><\/div><div class=\"w-tabs-section\" id=\"u496\" itemscope itemprop=\"mainEntity\" itemtype=\"https:\/\/schema.org\/Question\"><button type=\"button\" class=\"w-tabs-section-header\" aria-controls=\"content-u496\" aria-expanded=\"false\"><h3 class=\"w-tabs-section-title\" itemprop=\"name\">Where is the Jerez tradition of flamenco singing concentrated?<\/h3><div class=\"w-tabs-section-control\"><\/div><\/button><div  class=\"w-tabs-section-content\" id=\"content-u496\" itemscope itemprop=\"acceptedAnswer\" itemtype=\"https:\/\/schema.org\/Answer\"><div class=\"w-tabs-section-content-h i-cf\" itemprop=\"text\"><div class=\"wpb_text_column\"><div class=\"wpb_wrapper\"><p>Jerez appears at many points in the programme. Highlights include Jos\u00e9 Merc\u00e9, Mar\u00eda Terremoto and especially <em>Xerezan\u00edas<\/em>, on 16 September at the Real Alc\u00e1zar, with Luis El Zambo, Dolores Agujetas, Antonio de la Malena, Manuel Valencia and Las Tatas de Jerez.<\/p>\n<\/div><\/div><\/div><\/div><\/div><div class=\"w-tabs-section\" id=\"q571\" itemscope itemprop=\"mainEntity\" itemtype=\"https:\/\/schema.org\/Question\"><button type=\"button\" class=\"w-tabs-section-header\" aria-controls=\"content-q571\" aria-expanded=\"false\"><h3 class=\"w-tabs-section-title\" itemprop=\"name\">Are there world premieres related to flamenco singing?<\/h3><div class=\"w-tabs-section-control\"><\/div><\/button><div  class=\"w-tabs-section-content\" id=\"content-q571\" itemscope itemprop=\"acceptedAnswer\" itemtype=\"https:\/\/schema.org\/Answer\"><div class=\"w-tabs-section-content-h i-cf\" itemprop=\"text\"><div class=\"wpb_text_column\"><div class=\"wpb_wrapper\"><p>Yes. They include <em>Menos es m\u00e1s<\/em> by La Tremendita, <em>La misma sangre del cuerpo<\/em> by \u00c1ngeles Toledano and <em>Pizarra<\/em> by Rancapino Chico.<\/p>\n<\/div><\/div><\/div><\/div><\/div><div class=\"w-tabs-section\" id=\"f63c\" itemscope itemprop=\"mainEntity\" itemtype=\"https:\/\/schema.org\/Question\"><button type=\"button\" class=\"w-tabs-section-header\" aria-controls=\"content-f63c\" aria-expanded=\"false\"><h3 class=\"w-tabs-section-title\" itemprop=\"name\">Where can I check dates and buy tickets?<\/h3><div class=\"w-tabs-section-control\"><\/div><\/button><div  class=\"w-tabs-section-content\" id=\"content-f63c\" itemscope itemprop=\"acceptedAnswer\" itemtype=\"https:\/\/schema.org\/Answer\"><div class=\"w-tabs-section-content-h i-cf\" itemprop=\"text\"><div class=\"wpb_text_column\"><div class=\"wpb_wrapper\"><p>The full programme and ticket links are available on the Biennial\u2019s official website. You can also consult our <a href=\"https:\/\/www.tablaosflamencos.com\/en\/seville-flamenco-biennial-2026-tickets-prices-discounts.html\"><strong>guide to tickets, prices and discounts<\/strong><\/a>.<\/p>\n<\/div><\/div><\/div><\/div><\/div><div class=\"w-tabs-section\" id=\"m7a4\" itemscope itemprop=\"mainEntity\" itemtype=\"https:\/\/schema.org\/Question\"><button type=\"button\" class=\"w-tabs-section-header\" aria-controls=\"content-m7a4\" aria-expanded=\"false\"><h3 class=\"w-tabs-section-title\" itemprop=\"name\">What should I do if the show I want to see is sold out?<\/h3><div class=\"w-tabs-section-control\"><\/div><\/button><div  class=\"w-tabs-section-content\" id=\"content-m7a4\" itemscope itemprop=\"acceptedAnswer\" itemtype=\"https:\/\/schema.org\/Answer\"><div class=\"w-tabs-section-content-h i-cf\" itemprop=\"text\"><div class=\"wpb_text_column\"><div class=\"wpb_wrapper\"><p>First check the official channels in case new seats become available. If there is no availability, see our guide to <a href=\"https:\/\/www.tablaosflamencos.com\/en\/seville-flamenco-biennial-2026-sold-out-tickets-what-to-see.html\"><strong>what to see if Biennial tickets are sold out<\/strong><\/a>.<\/p>\n<\/div><\/div><\/div><\/div><\/div><\/div><\/div><\/div><\/div><\/div><div class=\"vc_col-sm-1\/5 wpb_column vc_column_container\"><div class=\"vc_column-inner\"><div class=\"wpb_wrapper\"><\/div><\/div><\/div><\/div><\/div><\/section><section class=\"l-section wpb_row height_huge\"><div class=\"l-section-h i-cf\"><div class=\"g-cols vc_row via_flex valign_top type_default stacking_default\"><div class=\"vc_col-sm-12 wpb_column vc_column_container\"><div class=\"vc_column-inner\"><div class=\"wpb_wrapper\"><div class=\"wpb_text_column\"><div class=\"wpb_wrapper\"><h2>A Biennial for hearing where flamenco singing comes from and where it can go<\/h2>\n<p>The 2026 programme does not present flamenco singing as a fixed snapshot of the past. It shows it as a chain of transmission in motion: masters who remain points of reference, established artists who have built languages of their own and young voices beginning to occupy spaces of greater creative responsibility.<\/p>\n<p>That meeting of generations is probably one of the best reasons to follow flamenco singing as the thread running through the 24th Seville Flamenco Biennial.<\/p>\n<\/div><\/div><\/div><\/div><\/div><\/div><\/div><\/section>\n","protected":false},"excerpt":{"rendered":"<p>Guide to flamenco singing at the 2026 Seville Flamenco Biennial: great masters, established voices, new talent, flamenco families, shows and key dates.<\/p>\n","protected":false},"author":1,"featured_media":14112,"comment_status":"closed","ping_status":"closed","sticky":false,"template":"","format":"standard","meta":{"_acf_changed":false,"wpai_generated_summary":"","_ayudawp_aiss_exclude":false,"_ayudawp_aiss_exclude_summary":false,"_ayudawp_aiss_summary":"","_ayudawp_aiss_summary_provider":"","_ayudawp_aiss_summary_hash":"","footnotes":""},"categories":[1427],"tags":[1232,1233,1234,1235,1144,1236],"class_list":["post-14126","post","type-post","status-publish","format-standard","has-post-thumbnail","hentry","category-flamenco-biennial","tag-agenda-flamenca","tag-bienal-2026","tag-bienal-de-flamenco","tag-festivales-flamencos","tag-flamenco-en-sevilla","tag-sevilla"],"acf":[],"yoast_head":"<!-- This site is optimized with the Yoast SEO Premium plugin v28.4 (Yoast SEO v28.4) - https:\/\/yoast.com\/product\/yoast-seo-premium-wordpress\/ -->\n<title>Flamenco Singing at the Seville Biennial 2026<\/title>\n<meta name=\"description\" content=\"Guide to flamenco singing at the 2026 Seville Flamenco Biennial: Jos\u00e9 Merc\u00e9, Carmen Linares, Mayte Mart\u00edn, Israel Fern\u00e1ndez, new voices and key dates.\" \/>\n<meta name=\"robots\" content=\"index, follow, max-snippet:-1, max-image-preview:large, max-video-preview:-1\" \/>\n<link rel=\"canonical\" href=\"https:\/\/www.tablaosflamencos.com\/en\/flamenco-singing-seville-biennial-2026.html\" \/>\n<meta property=\"og:locale\" content=\"en_US\" \/>\n<meta property=\"og:type\" content=\"article\" \/>\n<meta property=\"og:title\" content=\"Flamenco singing at the 2026 Biennial: generations, artists and great voices\" \/>\n<meta property=\"og:description\" content=\"Guide to flamenco singing at the 2026 Seville Flamenco Biennial: Jos\u00e9 Merc\u00e9, Carmen Linares, Mayte Mart\u00edn, Israel Fern\u00e1ndez, new voices and key dates.\" \/>\n<meta property=\"og:url\" content=\"https:\/\/www.tablaosflamencos.com\/en\/flamenco-singing-seville-biennial-2026.html\" \/>\n<meta property=\"og:site_name\" content=\"Tablaos Flamencos\" \/>\n<meta property=\"article:publisher\" content=\"https:\/\/www.facebook.com\/tablaosflamencos\" \/>\n<meta property=\"article:published_time\" content=\"2026-09-02T23:18:36+00:00\" \/>\n<meta property=\"article:modified_time\" content=\"2026-09-02T23:40:17+00:00\" \/>\n<meta property=\"og:image\" content=\"https:\/\/www.tablaosflamencos.com\/wp-content\/uploads\/el-cante-en-la-bienal-2026-generaciones-artistas-y-grandes-voces-01.webp\" \/>\n\t<meta property=\"og:image:width\" content=\"1672\" \/>\n\t<meta property=\"og:image:height\" content=\"941\" \/>\n\t<meta property=\"og:image:type\" content=\"image\/webp\" \/>\n<meta name=\"author\" content=\"Miguel Ortiz\" \/>\n<meta name=\"twitter:card\" content=\"summary_large_image\" \/>\n<meta name=\"twitter:creator\" content=\"@tablaosflamenco\" \/>\n<meta name=\"twitter:site\" content=\"@tablaosflamenco\" \/>\n<meta name=\"twitter:label1\" content=\"Written by\" \/>\n\t<meta name=\"twitter:data1\" content=\"Miguel Ortiz\" \/>\n\t<meta name=\"twitter:label2\" content=\"Est. reading time\" \/>\n\t<meta name=\"twitter:data2\" content=\"16 minutes\" \/>\n<script type=\"application\/ld+json\" class=\"yoast-schema-graph\">{\"@context\":\"https:\\\/\\\/schema.org\",\"@graph\":[{\"@type\":\"Article\",\"@id\":\"https:\\\/\\\/www.tablaosflamencos.com\\\/en\\\/flamenco-singing-seville-biennial-2026.html#article\",\"isPartOf\":{\"@id\":\"https:\\\/\\\/www.tablaosflamencos.com\\\/en\\\/flamenco-singing-seville-biennial-2026.html\"},\"author\":{\"name\":\"Miguel Ortiz\",\"@id\":\"https:\\\/\\\/www.tablaosflamencos.com\\\/en#\\\/schema\\\/person\\\/e7a9ebe14eb75a52ceabfbffb3c54f5d\"},\"headline\":\"Flamenco singing at the 2026 Biennial: generations, artists and great voices\",\"datePublished\":\"2026-09-02T23:18:36+00:00\",\"dateModified\":\"2026-09-02T23:40:17+00:00\",\"mainEntityOfPage\":{\"@id\":\"https:\\\/\\\/www.tablaosflamencos.com\\\/en\\\/flamenco-singing-seville-biennial-2026.html\"},\"wordCount\":3305,\"publisher\":{\"@id\":\"https:\\\/\\\/www.tablaosflamencos.com\\\/en#organization\"},\"image\":{\"@id\":\"https:\\\/\\\/www.tablaosflamencos.com\\\/en\\\/flamenco-singing-seville-biennial-2026.html#primaryimage\"},\"thumbnailUrl\":\"https:\\\/\\\/www.tablaosflamencos.com\\\/wp-content\\\/uploads\\\/el-cante-en-la-bienal-2026-generaciones-artistas-y-grandes-voces-01.webp\",\"keywords\":[\"agenda flamenca\",\"Bienal 2026\",\"Bienal de Flamenco\",\"festivales flamencos\",\"flamenco en Sevilla\",\"sevilla\"],\"articleSection\":[\"Flamenco Biennial\"],\"inLanguage\":\"en-US\"},{\"@type\":\"WebPage\",\"@id\":\"https:\\\/\\\/www.tablaosflamencos.com\\\/en\\\/flamenco-singing-seville-biennial-2026.html\",\"url\":\"https:\\\/\\\/www.tablaosflamencos.com\\\/en\\\/flamenco-singing-seville-biennial-2026.html\",\"name\":\"Flamenco Singing at the Seville Biennial 2026\",\"isPartOf\":{\"@id\":\"https:\\\/\\\/www.tablaosflamencos.com\\\/en#website\"},\"primaryImageOfPage\":{\"@id\":\"https:\\\/\\\/www.tablaosflamencos.com\\\/en\\\/flamenco-singing-seville-biennial-2026.html#primaryimage\"},\"image\":{\"@id\":\"https:\\\/\\\/www.tablaosflamencos.com\\\/en\\\/flamenco-singing-seville-biennial-2026.html#primaryimage\"},\"thumbnailUrl\":\"https:\\\/\\\/www.tablaosflamencos.com\\\/wp-content\\\/uploads\\\/el-cante-en-la-bienal-2026-generaciones-artistas-y-grandes-voces-01.webp\",\"datePublished\":\"2026-09-02T23:18:36+00:00\",\"dateModified\":\"2026-09-02T23:40:17+00:00\",\"description\":\"Guide to flamenco singing at the 2026 Seville Flamenco Biennial: Jos\u00e9 Merc\u00e9, Carmen Linares, Mayte Mart\u00edn, Israel Fern\u00e1ndez, new voices and key dates.\",\"breadcrumb\":{\"@id\":\"https:\\\/\\\/www.tablaosflamencos.com\\\/en\\\/flamenco-singing-seville-biennial-2026.html#breadcrumb\"},\"inLanguage\":\"en-US\",\"potentialAction\":[{\"@type\":\"ReadAction\",\"target\":[\"https:\\\/\\\/www.tablaosflamencos.com\\\/en\\\/flamenco-singing-seville-biennial-2026.html\"]}]},{\"@type\":\"ImageObject\",\"inLanguage\":\"en-US\",\"@id\":\"https:\\\/\\\/www.tablaosflamencos.com\\\/en\\\/flamenco-singing-seville-biennial-2026.html#primaryimage\",\"url\":\"https:\\\/\\\/www.tablaosflamencos.com\\\/wp-content\\\/uploads\\\/el-cante-en-la-bienal-2026-generaciones-artistas-y-grandes-voces-01.webp\",\"contentUrl\":\"https:\\\/\\\/www.tablaosflamencos.com\\\/wp-content\\\/uploads\\\/el-cante-en-la-bienal-2026-generaciones-artistas-y-grandes-voces-01.webp\",\"width\":1672,\"height\":941,\"caption\":\"El cante en la Bienal 2026: generaciones, artistas y grandes voces\"},{\"@type\":\"BreadcrumbList\",\"@id\":\"https:\\\/\\\/www.tablaosflamencos.com\\\/en\\\/flamenco-singing-seville-biennial-2026.html#breadcrumb\",\"itemListElement\":[{\"@type\":\"ListItem\",\"position\":1,\"name\":\"Home\",\"item\":\"https:\\\/\\\/www.tablaosflamencos.com\\\/en\"},{\"@type\":\"ListItem\",\"position\":2,\"name\":\"Flamenco singing at the 2026 Biennial: generations, artists and great voices\"}]},{\"@type\":\"WebSite\",\"@id\":\"https:\\\/\\\/www.tablaosflamencos.com\\\/en#website\",\"url\":\"https:\\\/\\\/www.tablaosflamencos.com\\\/en\",\"name\":\"Tablaos Flamencos\",\"description\":\"Entradas para tablaos flamencos de Espa\u00f1a\",\"publisher\":{\"@id\":\"https:\\\/\\\/www.tablaosflamencos.com\\\/en#organization\"},\"alternateName\":\"Tablaos Flamencos\",\"potentialAction\":[{\"@type\":\"SearchAction\",\"target\":{\"@type\":\"EntryPoint\",\"urlTemplate\":\"https:\\\/\\\/www.tablaosflamencos.com\\\/en?s={search_term_string}\"},\"query-input\":{\"@type\":\"PropertyValueSpecification\",\"valueRequired\":true,\"valueName\":\"search_term_string\"}}],\"inLanguage\":\"en-US\"},{\"@type\":[\"Organization\",\"Place\",\"EntertainmentBusiness\"],\"@id\":\"https:\\\/\\\/www.tablaosflamencos.com\\\/en#organization\",\"name\":\"Tablaos Flamencos\",\"alternateName\":\"Tablaos Flamencos\",\"url\":\"https:\\\/\\\/www.tablaosflamencos.com\\\/en\",\"logo\":{\"@id\":\"https:\\\/\\\/www.tablaosflamencos.com\\\/en\\\/flamenco-singing-seville-biennial-2026.html#local-main-organization-logo\"},\"image\":{\"@id\":\"https:\\\/\\\/www.tablaosflamencos.com\\\/en\\\/flamenco-singing-seville-biennial-2026.html#local-main-organization-logo\"},\"sameAs\":[\"https:\\\/\\\/www.facebook.com\\\/tablaosflamencos\",\"https:\\\/\\\/x.com\\\/tablaosflamenco\",\"https:\\\/\\\/mastodon.social\\\/@tablaosflamencos\",\"https:\\\/\\\/www.instagram.com\\\/tablaosflamencos\",\"https:\\\/\\\/tiktok.com\\\/@tablaosflamencos\",\"https:\\\/\\\/www.linkedin.com\\\/company\\\/109408238\\\/\"],\"description\":\"Venta de entradas para espect\u00e1culos flamencos\",\"legalName\":\"Tablaos Flamencos\",\"foundingDate\":\"2015-01-01\",\"numberOfEmployees\":{\"@type\":\"QuantitativeValue\",\"minValue\":\"1\",\"maxValue\":\"10\"},\"address\":{\"@id\":\"https:\\\/\\\/www.tablaosflamencos.com\\\/en\\\/flamenco-singing-seville-biennial-2026.html#local-main-place-address\"},\"geo\":{\"@type\":\"GeoCoordinates\",\"latitude\":\"37.3868072\",\"longitude\":\"-5.993280299999999\"},\"telephone\":[\"+34623787787\"],\"contactPoint\":{\"@type\":\"ContactPoint\",\"telephone\":\"+34623787787\",\"email\":\"info@tablaosflamencos.com\"},\"openingHoursSpecification\":{\"@type\":\"OpeningHoursSpecification\",\"dayOfWeek\":[\"Monday\",\"Tuesday\",\"Wednesday\",\"Thursday\",\"Friday\",\"Saturday\",\"Sunday\"],\"opens\":\"00:00\",\"closes\":\"23:59\"},\"email\":\"info@tablaosflamencos.com\",\"priceRange\":\"$$$\",\"currenciesAccepted\":\"\u20ac\"},{\"@type\":\"Person\",\"@id\":\"https:\\\/\\\/www.tablaosflamencos.com\\\/en#\\\/schema\\\/person\\\/e7a9ebe14eb75a52ceabfbffb3c54f5d\",\"name\":\"Miguel Ortiz\",\"description\":\"Miguel Ortiz es un empresario flamenco, con una s\u00f3lida trayectoria dentro del sector. Ha presidido entidades culturales vinculadas al flamenco y, cuenta con un amplio recorrido profesional en la gesti\u00f3n y promoci\u00f3n de espect\u00e1culos y tablaos flamencos. Su pasi\u00f3n por la historia y el arte flamenco se refleja en cada art\u00edculo, donde combina experiencia, criterio y un profundo respeto por la tradici\u00f3n.\",\"sameAs\":[\"https:\\\/\\\/www.tablaosflamencos.com\",\"https:\\\/\\\/www.instagra.com\\\/miguelortizfe\",\"https:\\\/\\\/www.linkedin.com\\\/in\\\/miguelortizf\\\/\"],\"birthDate\":\"1984-11-22\",\"gender\":\"hombre\",\"knowsLanguage\":[\"espa\u00f1ol\",\"ingl\u00e9s\"],\"jobTitle\":\"Empresario flamenco\"},{\"@type\":\"PostalAddress\",\"@id\":\"https:\\\/\\\/www.tablaosflamencos.com\\\/en\\\/flamenco-singing-seville-biennial-2026.html#local-main-place-address\",\"streetAddress\":\"C\\\/ Alemanes, 19\",\"addressLocality\":\"Sevilla\",\"postalCode\":\"41004\",\"addressRegion\":\"Sevilla\",\"addressCountry\":\"ES\"},{\"@type\":\"ImageObject\",\"inLanguage\":\"en-US\",\"@id\":\"https:\\\/\\\/www.tablaosflamencos.com\\\/en\\\/flamenco-singing-seville-biennial-2026.html#local-main-organization-logo\",\"url\":\"https:\\\/\\\/www.tablaosflamencos.com\\\/wp-content\\\/uploads\\\/tablaos-flamencos-06-3.webp\",\"contentUrl\":\"https:\\\/\\\/www.tablaosflamencos.com\\\/wp-content\\\/uploads\\\/tablaos-flamencos-06-3.webp\",\"width\":600,\"height\":620,\"caption\":\"Tablaos Flamencos\"}]}<\/script>\n<meta name=\"geo.placename\" content=\"Sevilla\" \/>\n<meta name=\"geo.position\" content=\"37.3868072;-5.993280299999999\" \/>\n<meta name=\"geo.region\" content=\"Spain\" \/>\n<!-- \/ Yoast SEO Premium plugin. -->","yoast_head_json":{"title":"Flamenco Singing at the Seville Biennial 2026","description":"Guide to flamenco singing at the 2026 Seville Flamenco Biennial: Jos\u00e9 Merc\u00e9, Carmen Linares, Mayte Mart\u00edn, Israel Fern\u00e1ndez, new voices and key dates.","robots":{"index":"index","follow":"follow","max-snippet":"max-snippet:-1","max-image-preview":"max-image-preview:large","max-video-preview":"max-video-preview:-1"},"canonical":"https:\/\/www.tablaosflamencos.com\/en\/flamenco-singing-seville-biennial-2026.html","og_locale":"en_US","og_type":"article","og_title":"Flamenco singing at the 2026 Biennial: generations, artists and great voices","og_description":"Guide to flamenco singing at the 2026 Seville Flamenco Biennial: Jos\u00e9 Merc\u00e9, Carmen Linares, Mayte Mart\u00edn, Israel Fern\u00e1ndez, new voices and key dates.","og_url":"https:\/\/www.tablaosflamencos.com\/en\/flamenco-singing-seville-biennial-2026.html","og_site_name":"Tablaos Flamencos","article_publisher":"https:\/\/www.facebook.com\/tablaosflamencos","article_published_time":"2026-09-02T23:18:36+00:00","article_modified_time":"2026-09-02T23:40:17+00:00","og_image":[{"width":1672,"height":941,"url":"https:\/\/www.tablaosflamencos.com\/wp-content\/uploads\/el-cante-en-la-bienal-2026-generaciones-artistas-y-grandes-voces-01.webp","type":"image\/webp"}],"author":"Miguel Ortiz","twitter_card":"summary_large_image","twitter_creator":"@tablaosflamenco","twitter_site":"@tablaosflamenco","twitter_misc":{"Written by":"Miguel Ortiz","Est. reading time":"16 minutes"},"schema":{"@context":"https:\/\/schema.org","@graph":[{"@type":"Article","@id":"https:\/\/www.tablaosflamencos.com\/en\/flamenco-singing-seville-biennial-2026.html#article","isPartOf":{"@id":"https:\/\/www.tablaosflamencos.com\/en\/flamenco-singing-seville-biennial-2026.html"},"author":{"name":"Miguel Ortiz","@id":"https:\/\/www.tablaosflamencos.com\/en#\/schema\/person\/e7a9ebe14eb75a52ceabfbffb3c54f5d"},"headline":"Flamenco singing at the 2026 Biennial: generations, artists and great voices","datePublished":"2026-09-02T23:18:36+00:00","dateModified":"2026-09-02T23:40:17+00:00","mainEntityOfPage":{"@id":"https:\/\/www.tablaosflamencos.com\/en\/flamenco-singing-seville-biennial-2026.html"},"wordCount":3305,"publisher":{"@id":"https:\/\/www.tablaosflamencos.com\/en#organization"},"image":{"@id":"https:\/\/www.tablaosflamencos.com\/en\/flamenco-singing-seville-biennial-2026.html#primaryimage"},"thumbnailUrl":"https:\/\/www.tablaosflamencos.com\/wp-content\/uploads\/el-cante-en-la-bienal-2026-generaciones-artistas-y-grandes-voces-01.webp","keywords":["agenda flamenca","Bienal 2026","Bienal de Flamenco","festivales flamencos","flamenco en Sevilla","sevilla"],"articleSection":["Flamenco Biennial"],"inLanguage":"en-US"},{"@type":"WebPage","@id":"https:\/\/www.tablaosflamencos.com\/en\/flamenco-singing-seville-biennial-2026.html","url":"https:\/\/www.tablaosflamencos.com\/en\/flamenco-singing-seville-biennial-2026.html","name":"Flamenco Singing at the Seville Biennial 2026","isPartOf":{"@id":"https:\/\/www.tablaosflamencos.com\/en#website"},"primaryImageOfPage":{"@id":"https:\/\/www.tablaosflamencos.com\/en\/flamenco-singing-seville-biennial-2026.html#primaryimage"},"image":{"@id":"https:\/\/www.tablaosflamencos.com\/en\/flamenco-singing-seville-biennial-2026.html#primaryimage"},"thumbnailUrl":"https:\/\/www.tablaosflamencos.com\/wp-content\/uploads\/el-cante-en-la-bienal-2026-generaciones-artistas-y-grandes-voces-01.webp","datePublished":"2026-09-02T23:18:36+00:00","dateModified":"2026-09-02T23:40:17+00:00","description":"Guide to flamenco singing at the 2026 Seville Flamenco Biennial: Jos\u00e9 Merc\u00e9, Carmen Linares, Mayte Mart\u00edn, Israel Fern\u00e1ndez, new voices and key dates.","breadcrumb":{"@id":"https:\/\/www.tablaosflamencos.com\/en\/flamenco-singing-seville-biennial-2026.html#breadcrumb"},"inLanguage":"en-US","potentialAction":[{"@type":"ReadAction","target":["https:\/\/www.tablaosflamencos.com\/en\/flamenco-singing-seville-biennial-2026.html"]}]},{"@type":"ImageObject","inLanguage":"en-US","@id":"https:\/\/www.tablaosflamencos.com\/en\/flamenco-singing-seville-biennial-2026.html#primaryimage","url":"https:\/\/www.tablaosflamencos.com\/wp-content\/uploads\/el-cante-en-la-bienal-2026-generaciones-artistas-y-grandes-voces-01.webp","contentUrl":"https:\/\/www.tablaosflamencos.com\/wp-content\/uploads\/el-cante-en-la-bienal-2026-generaciones-artistas-y-grandes-voces-01.webp","width":1672,"height":941,"caption":"El cante en la Bienal 2026: generaciones, artistas y grandes voces"},{"@type":"BreadcrumbList","@id":"https:\/\/www.tablaosflamencos.com\/en\/flamenco-singing-seville-biennial-2026.html#breadcrumb","itemListElement":[{"@type":"ListItem","position":1,"name":"Home","item":"https:\/\/www.tablaosflamencos.com\/en"},{"@type":"ListItem","position":2,"name":"Flamenco singing at the 2026 Biennial: generations, artists and great voices"}]},{"@type":"WebSite","@id":"https:\/\/www.tablaosflamencos.com\/en#website","url":"https:\/\/www.tablaosflamencos.com\/en","name":"Tablaos Flamencos","description":"Entradas para tablaos flamencos de Espa\u00f1a","publisher":{"@id":"https:\/\/www.tablaosflamencos.com\/en#organization"},"alternateName":"Tablaos Flamencos","potentialAction":[{"@type":"SearchAction","target":{"@type":"EntryPoint","urlTemplate":"https:\/\/www.tablaosflamencos.com\/en?s={search_term_string}"},"query-input":{"@type":"PropertyValueSpecification","valueRequired":true,"valueName":"search_term_string"}}],"inLanguage":"en-US"},{"@type":["Organization","Place","EntertainmentBusiness"],"@id":"https:\/\/www.tablaosflamencos.com\/en#organization","name":"Tablaos Flamencos","alternateName":"Tablaos Flamencos","url":"https:\/\/www.tablaosflamencos.com\/en","logo":{"@id":"https:\/\/www.tablaosflamencos.com\/en\/flamenco-singing-seville-biennial-2026.html#local-main-organization-logo"},"image":{"@id":"https:\/\/www.tablaosflamencos.com\/en\/flamenco-singing-seville-biennial-2026.html#local-main-organization-logo"},"sameAs":["https:\/\/www.facebook.com\/tablaosflamencos","https:\/\/x.com\/tablaosflamenco","https:\/\/mastodon.social\/@tablaosflamencos","https:\/\/www.instagram.com\/tablaosflamencos","https:\/\/tiktok.com\/@tablaosflamencos","https:\/\/www.linkedin.com\/company\/109408238\/"],"description":"Venta de entradas para espect\u00e1culos flamencos","legalName":"Tablaos Flamencos","foundingDate":"2015-01-01","numberOfEmployees":{"@type":"QuantitativeValue","minValue":"1","maxValue":"10"},"address":{"@id":"https:\/\/www.tablaosflamencos.com\/en\/flamenco-singing-seville-biennial-2026.html#local-main-place-address"},"geo":{"@type":"GeoCoordinates","latitude":"37.3868072","longitude":"-5.993280299999999"},"telephone":["+34623787787"],"contactPoint":{"@type":"ContactPoint","telephone":"+34623787787","email":"info@tablaosflamencos.com"},"openingHoursSpecification":{"@type":"OpeningHoursSpecification","dayOfWeek":["Monday","Tuesday","Wednesday","Thursday","Friday","Saturday","Sunday"],"opens":"00:00","closes":"23:59"},"email":"info@tablaosflamencos.com","priceRange":"$$$","currenciesAccepted":"\u20ac"},{"@type":"Person","@id":"https:\/\/www.tablaosflamencos.com\/en#\/schema\/person\/e7a9ebe14eb75a52ceabfbffb3c54f5d","name":"Miguel Ortiz","description":"Miguel Ortiz es un empresario flamenco, con una s\u00f3lida trayectoria dentro del sector. Ha presidido entidades culturales vinculadas al flamenco y, cuenta con un amplio recorrido profesional en la gesti\u00f3n y promoci\u00f3n de espect\u00e1culos y tablaos flamencos. Su pasi\u00f3n por la historia y el arte flamenco se refleja en cada art\u00edculo, donde combina experiencia, criterio y un profundo respeto por la tradici\u00f3n.","sameAs":["https:\/\/www.tablaosflamencos.com","https:\/\/www.instagra.com\/miguelortizfe","https:\/\/www.linkedin.com\/in\/miguelortizf\/"],"birthDate":"1984-11-22","gender":"hombre","knowsLanguage":["espa\u00f1ol","ingl\u00e9s"],"jobTitle":"Empresario flamenco"},{"@type":"PostalAddress","@id":"https:\/\/www.tablaosflamencos.com\/en\/flamenco-singing-seville-biennial-2026.html#local-main-place-address","streetAddress":"C\/ Alemanes, 19","addressLocality":"Sevilla","postalCode":"41004","addressRegion":"Sevilla","addressCountry":"ES"},{"@type":"ImageObject","inLanguage":"en-US","@id":"https:\/\/www.tablaosflamencos.com\/en\/flamenco-singing-seville-biennial-2026.html#local-main-organization-logo","url":"https:\/\/www.tablaosflamencos.com\/wp-content\/uploads\/tablaos-flamencos-06-3.webp","contentUrl":"https:\/\/www.tablaosflamencos.com\/wp-content\/uploads\/tablaos-flamencos-06-3.webp","width":600,"height":620,"caption":"Tablaos Flamencos"}]},"geo.placename":"Sevilla","geo.position":{"lat":"37.3868072","long":"-5.993280299999999"},"geo.region":"Spain"},"_links":{"self":[{"href":"https:\/\/www.tablaosflamencos.com\/en\/wp-json\/wp\/v2\/posts\/14126","targetHints":{"allow":["GET"]}}],"collection":[{"href":"https:\/\/www.tablaosflamencos.com\/en\/wp-json\/wp\/v2\/posts"}],"about":[{"href":"https:\/\/www.tablaosflamencos.com\/en\/wp-json\/wp\/v2\/types\/post"}],"author":[{"embeddable":true,"href":"https:\/\/www.tablaosflamencos.com\/en\/wp-json\/wp\/v2\/users\/1"}],"replies":[{"embeddable":true,"href":"https:\/\/www.tablaosflamencos.com\/en\/wp-json\/wp\/v2\/comments?post=14126"}],"version-history":[{"count":2,"href":"https:\/\/www.tablaosflamencos.com\/en\/wp-json\/wp\/v2\/posts\/14126\/revisions"}],"predecessor-version":[{"id":14204,"href":"https:\/\/www.tablaosflamencos.com\/en\/wp-json\/wp\/v2\/posts\/14126\/revisions\/14204"}],"wp:featuredmedia":[{"embeddable":true,"href":"https:\/\/www.tablaosflamencos.com\/en\/wp-json\/wp\/v2\/media\/14112"}],"wp:attachment":[{"href":"https:\/\/www.tablaosflamencos.com\/en\/wp-json\/wp\/v2\/media?parent=14126"}],"wp:term":[{"taxonomy":"category","embeddable":true,"href":"https:\/\/www.tablaosflamencos.com\/en\/wp-json\/wp\/v2\/categories?post=14126"},{"taxonomy":"post_tag","embeddable":true,"href":"https:\/\/www.tablaosflamencos.com\/en\/wp-json\/wp\/v2\/tags?post=14126"}],"curies":[{"name":"wp","href":"https:\/\/api.w.org\/{rel}","templated":true}]}}