{"id":14031,"date":"2026-09-01T12:18:55","date_gmt":"2026-09-01T10:18:55","guid":{"rendered":"https:\/\/www.tablaosflamencos.com\/?p=14031"},"modified":"2026-09-02T12:13:31","modified_gmt":"2026-09-02T10:13:31","slug":"major-premieres-seville-flamenco-biennial-2026","status":"publish","type":"post","link":"https:\/\/www.tablaosflamencos.com\/en\/major-premieres-seville-flamenco-biennial-2026.html","title":{"rendered":"The Major Premieres of the 2026 Seville Flamenco Biennial"},"content":{"rendered":"<section class=\"l-section wpb_row height_huge\"><div class=\"l-section-h i-cf\"><div class=\"g-cols vc_row via_flex valign_top type_default stacking_default\"><div class=\"vc_col-sm-12 wpb_column vc_column_container\"><div class=\"vc_column-inner\"><div class=\"wpb_wrapper\"><div class=\"wpb_text_column\"><div class=\"wpb_wrapper\"><h2>The Major Premieres of the 2026 Seville Flamenco Biennial<\/h2>\n<p>The <strong>XXIV Seville Flamenco Biennial<\/strong>, which will be held on <strong>September 9 to October 3, 2026<\/strong>, once again turns the city into a great laboratory of creation. Beyond bringing together established figures, one of the hallmarks of the Biennial is to serve as a starting point for works that are born in Seville and that can later tour festivals and theaters around the world.<\/p>\n<p>The number of premieres has been changing as the programming closed. In February, during the initial presentation, the organization spoke of <strong>22 world premieres<\/strong>. On August 18, it published a specific update that placed the balance at <strong>20 world premieres<\/strong>. And the current programming introduces an important nuance: <em>Babel. Torre viva.<\/em>, by David Coria, now appears as <strong>Spanish premiere<\/strong>, while the family workshop <em>Tirititr\u00e1n<\/em>, within the parallel activities of CaixaForum, appears as <strong>world premiere<\/strong>.<\/p>\n<p>Therefore, for this guide we take as reference the <strong>classification that currently appears in the official sheets<\/strong>: 20 world premieres if the general stage programming and <em>Tirititr\u00e1n<\/em>, plus the Spanish premiere of David Coria.<\/p>\n<p><strong>Last updated:<\/strong> September 1, 2026. Official listings, times and availability may still change, so check the official programme before purchasing tickets.<\/p>\n<\/div><\/div><\/div><\/div><\/div><\/div><\/div><\/section><section class=\"l-section wpb_row height_huge color_alternate with_shape\"><div class=\"l-section-shape type_zigzag pos_top hor_flip\" style=\"height:3vmin;\"><svg xmlns=\"http:\/\/www.w3.org\/2000\/svg\" viewBox=\"0 0 64 8\" preserveAspectRatio=\"none\" width=\"100%\" height=\"100%\">\r\n\t<path fill=\"currentColor\" d=\"M64 8 L0 8 L0 0 L20 7.9 L40 3 L48 5 L64 0 Z\"\/>\r\n<\/svg><\/div><div class=\"l-section-shape type_zigzag pos_bottom\" style=\"height:3vmin;\"><svg xmlns=\"http:\/\/www.w3.org\/2000\/svg\" viewBox=\"0 0 64 8\" preserveAspectRatio=\"none\" width=\"100%\" height=\"100%\">\r\n\t<path fill=\"currentColor\" d=\"M64 8 L0 8 L0 0 L20 7.9 L40 3 L48 5 L64 0 Z\"\/>\r\n<\/svg><\/div><div class=\"l-section-h i-cf\"><div class=\"g-cols vc_row via_flex valign_top type_default stacking_default\"><div class=\"vc_col-sm-12 wpb_column vc_column_container\"><div class=\"vc_column-inner\"><div class=\"wpb_wrapper\"><div class=\"wpb_text_column\"><div class=\"wpb_wrapper\"><blockquote>\n<p><strong>Quick answer:<\/strong> the major premieres of the 2026 Flamenco Biennial begin on the opening weekend with <em>Infinita<\/em> by Sara Baras, <em>Menos es m\u00e1s<\/em> from La Tremendita, <em>Fractal Arcano<\/em> of Dorantes, <em>La misma sangre del cuerpo<\/em> by \u00c1ngeles Toledano and <em>Rapsodia. Fantas\u00eda subterr\u00e1nea<\/em> by Ana Morales. Then, among others, Rafael Riqueni and Tim Ries, Olga Pericet, Andr\u00e9s Mar\u00edn, Israel and Pastora Galv\u00e1n, Farruquito, Sara Jim\u00e9nez, Alfonso Losa and Sandra Carrasco will arrive along with David de Arahal. The current programming also adds <em>Tirititr\u00e1n<\/em> as an absolute family premiere and classifies <em>Babel. Torre viva.<\/em>, by David Coria, as a Spanish premiere.<\/p>\n<\/blockquote>\n<\/div><\/div><div class=\"w-separator size_medium\"><\/div><div class=\"w-hwrapper valign_top wrap stack_on_mobiles align_center\" style=\"--hwrapper-gap:1.2rem\"><div class=\"w-btn-wrapper align_none\"><a class=\"w-btn us-btn-style_1\" href=\"https:\/\/www.tablaosflamencos.com\/en\/seville-flamenco-biennial-2026.html\"><span class=\"w-btn-label\">Complete guide to the 2026 Biennial<\/span><\/a><\/div><div class=\"w-btn-wrapper align_none\"><a class=\"w-btn us-btn-style_1\" href=\"https:\/\/www.tablaosflamencos.com\/en\/what-to-see-first-weekend-seville-flamenco-biennial-2026.html\"><span class=\"w-btn-label\">First weekend of the Biennale<\/span><\/a><\/div><div class=\"w-btn-wrapper align_none\"><a class=\"w-btn us-btn-style_1\" target=\"_blank\" href=\"https:\/\/www.labienal.com\/programa-general\"><span class=\"w-btn-label\">Official programme<\/span><\/a><\/div><\/div><\/div><\/div><\/div><\/div><\/div><\/section><section class=\"l-section wpb_row height_huge\"><div class=\"l-section-h i-cf\"><div class=\"g-cols vc_row via_flex valign_top type_default stacking_default\"><div class=\"vc_col-sm-12 wpb_column vc_column_container\"><div class=\"vc_column-inner\"><div class=\"wpb_wrapper\"><div class=\"wpb_text_column\"><div class=\"wpb_wrapper\"><h2>Why premieres are one of the keys to the Biennial<\/h2>\n<p>A Biennale is not limited to bringing together good existing shows. Part of its prestige is in <strong>cause creation<\/strong>: commissioning, co-producing, supporting or hosting new projects and giving them a setting where artists, critics, programmers and audiences discover them at the same time.<\/p>\n<p>A world premiere offers something that an established production cannot: there is no settled critical response, broad public reaction or extensive video archive revealing exactly what will happen on stage. The audience witnesses the work being born.<\/p>\n<p>In 2026, this creative activity is spread across very different venues. Teatro de la Maestranza hosts large-scale productions; Teatro Central is a space for experimentation; Teatro Lope de Vega resumes its historic role within the Biennial; Real F\u00e1brica de Artiller\u00eda opens up performance possibilities linked to its architecture; Teatro Alameda brings together new voices and dance languages; Espacio Turina strengthens flamenco guitar and instrumental creation; the Real Alc\u00e1zar places cante in a heritage setting; and CaixaForum adds a family programme.<\/p>\n<p>If you are planning a trip around the <a href=\"https:\/\/www.tablaosflamencos.com\/bienal-flamenco-sevilla-2026.html\"><strong>Seville Flamenco Biennial 2026<\/strong><\/a>, the program is worth watching not only for the name of the artist, but also for one question: <strong>what works can be seen here for the first time?<\/strong><\/p>\n<\/div><\/div><\/div><\/div><\/div><\/div><\/div><\/section><section class=\"l-section wpb_row height_huge color_alternate with_shape\"><div class=\"l-section-shape type_zigzag pos_top hor_flip\" style=\"height:3vmin;\"><svg xmlns=\"http:\/\/www.w3.org\/2000\/svg\" viewBox=\"0 0 64 8\" preserveAspectRatio=\"none\" width=\"100%\" height=\"100%\">\r\n\t<path fill=\"currentColor\" d=\"M64 8 L0 8 L0 0 L20 7.9 L40 3 L48 5 L64 0 Z\"\/>\r\n<\/svg><\/div><div class=\"l-section-shape type_zigzag pos_bottom\" style=\"height:3vmin;\"><svg xmlns=\"http:\/\/www.w3.org\/2000\/svg\" viewBox=\"0 0 64 8\" preserveAspectRatio=\"none\" width=\"100%\" height=\"100%\">\r\n\t<path fill=\"currentColor\" d=\"M64 8 L0 8 L0 0 L20 7.9 L40 3 L48 5 L64 0 Z\"\/>\r\n<\/svg><\/div><div class=\"l-section-h i-cf\"><div class=\"g-cols vc_row via_flex valign_top type_default stacking_default\"><div class=\"vc_col-sm-12 wpb_column vc_column_container\"><div class=\"vc_column-inner\"><div class=\"wpb_wrapper\"><div class=\"wpb_text_column\"><div class=\"wpb_wrapper\"><h2>The 20 world premieres of the 2026 Biennial, one by one<\/h2>\n<div style=\"overflow-x: auto;\">\n<table>\n<thead>\n<tr>\n<th>Date<\/th>\n<th>Time<\/th>\n<th>Artist \/ activity<\/th>\n<th>Show<\/th>\n<th>Venue<\/th>\n<th>Type<\/th>\n<\/tr>\n<\/thead>\n<tbody>\n<tr>\n<td>September 11-13<\/td>\n<td>Several sessions<\/td>\n<td>Family flamenco workshop<\/td>\n<td><em>Tirititr\u00e1n<\/em><\/td>\n<td>CaixaForum<\/td>\n<td>World premiere \u00b7 free activity<\/td>\n<\/tr>\n<tr>\n<td>September 11-13<\/td>\n<td>20:00<\/td>\n<td>Sara Baras<\/td>\n<td><em>Infinita<\/em><\/td>\n<td>Teatro de la Maestranza<\/td>\n<td>World premiere<\/td>\n<\/tr>\n<tr>\n<td>September 11<\/td>\n<td>22:30<\/td>\n<td>Rosario La Tremendita<\/td>\n<td><em>Menos es m\u00e1s<\/em><\/td>\n<td>Teatro Central<\/td>\n<td>World premiere<\/td>\n<\/tr>\n<tr>\n<td>September 12<\/td>\n<td>20:00<\/td>\n<td>Dorantes<\/td>\n<td><em>Fractal Arcano<\/em><\/td>\n<td>Teatro Lope de Vega<\/td>\n<td>World premiere<\/td>\n<\/tr>\n<tr>\n<td>September 12<\/td>\n<td>22:30<\/td>\n<td>\u00c1ngeles Toledano<\/td>\n<td><em>La misma sangre del cuerpo<\/em><\/td>\n<td>Teatro Alameda<\/td>\n<td>World premiere<\/td>\n<\/tr>\n<tr>\n<td>September 13-14<\/td>\n<td>21:00<\/td>\n<td>Ana Morales<\/td>\n<td><em>Rapsodia. Fantas\u00eda subterr\u00e1nea<\/em><\/td>\n<td>Real F\u00e1brica de Artiller\u00eda<\/td>\n<td>World premiere<\/td>\n<\/tr>\n<tr>\n<td>September 14<\/td>\n<td>22:30<\/td>\n<td>Macarena L\u00f3pez<\/td>\n<td><em>Sobre todas las cosas<\/em><\/td>\n<td>Teatro Alameda<\/td>\n<td>World premiere<\/td>\n<\/tr>\n<tr>\n<td>September 15<\/td>\n<td>21:30<\/td>\n<td>Rancapino Chico<\/td>\n<td><em>Pizarra<\/em><\/td>\n<td>Real Alc\u00e1zar<\/td>\n<td>World premiere<\/td>\n<\/tr>\n<tr>\n<td>September 19<\/td>\n<td>19:00<\/td>\n<td>Mar\u00eda Mar\u00edn<\/td>\n<td><em>Las Tres Mar\u00edas<\/em><\/td>\n<td>Espacio Turina<\/td>\n<td>World premiere<\/td>\n<\/tr>\n<tr>\n<td>September 21<\/td>\n<td>20:00<\/td>\n<td>Rafael Riqueni &amp; Tim Ries<\/td>\n<td><em>Tunisia<\/em><\/td>\n<td>Teatro Lope de Vega<\/td>\n<td>World premiere<\/td>\n<\/tr>\n<tr>\n<td>September 21<\/td>\n<td>22:30<\/td>\n<td>Olga Pericet<\/td>\n<td><em>Perspectiva sobre un baile sonoro<\/em><\/td>\n<td>Teatro Central<\/td>\n<td>World premiere<\/td>\n<\/tr>\n<tr>\n<td>September 23<\/td>\n<td>21:00<\/td>\n<td>Pablo Mart\u00edn Caminero con Mar\u00eda Moreno<\/td>\n<td><em>Trilog\u00eda. Al baile<\/em><\/td>\n<td>Real F\u00e1brica de Artiller\u00eda<\/td>\n<td>World premiere<\/td>\n<\/tr>\n<tr>\n<td>September 23<\/td>\n<td>22:30<\/td>\n<td>Juan Tom\u00e1s de la Mol\u00eda &amp; \u00c1gueda Saavedra<\/td>\n<td><em>Te atrevo<\/em><\/td>\n<td>Teatro Central<\/td>\n<td>World premiere<\/td>\n<\/tr>\n<tr>\n<td>September 25<\/td>\n<td>22:30<\/td>\n<td>Andr\u00e9s Mar\u00edn<\/td>\n<td><em>Desierto<\/em><\/td>\n<td>Teatro Central<\/td>\n<td>World premiere<\/td>\n<\/tr>\n<tr>\n<td>September 26<\/td>\n<td>20:00<\/td>\n<td>Israel Galv\u00e1n<\/td>\n<td><em>Bolero de blanco y negro<\/em><\/td>\n<td>Teatro de la Maestranza<\/td>\n<td>World premiere<\/td>\n<\/tr>\n<tr>\n<td>September 26<\/td>\n<td>22:30<\/td>\n<td>Pastora Galv\u00e1n<\/td>\n<td><em>TRIBUsssh!<\/em><\/td>\n<td>Teatro Alameda<\/td>\n<td>World premiere<\/td>\n<\/tr>\n<tr>\n<td>September 28<\/td>\n<td>20:00<\/td>\n<td>Farruquito<\/td>\n<td><em>Ser\u00e1s Farruquito: el musical<\/em><\/td>\n<td>Teatro de la Maestranza<\/td>\n<td>World premiere<\/td>\n<\/tr>\n<tr>\n<td>September 29<\/td>\n<td>22:30<\/td>\n<td>Sara Jim\u00e9nez en Compa\u00f1\u00eda<\/td>\n<td><em>La compa\u00f1\u00eda<\/em><\/td>\n<td>Teatro Central<\/td>\n<td>World premiere<\/td>\n<\/tr>\n<tr>\n<td>October 2<\/td>\n<td>20:00<\/td>\n<td>Alfonso Losa<\/td>\n<td><em>Gesto m\u00ednimo<\/em><\/td>\n<td>Teatro Lope de Vega<\/td>\n<td>World premiere<\/td>\n<\/tr>\n<tr>\n<td>October 2<\/td>\n<td>22:30<\/td>\n<td>Sandra Carrasco &amp; David de Arahal<\/td>\n<td><em>Poema de la libertad<\/em><\/td>\n<td>Teatro Central<\/td>\n<td>World premiere<\/td>\n<\/tr>\n<\/tbody>\n<\/table>\n<\/div>\n<p><small>Classification based on the current official listings as of September 1, 2026. The three days of <em>Tirititr\u00e1n<\/em> are different sessions of the same world premiere.<\/small><\/p>\n<\/div><\/div><\/div><\/div><\/div><\/div><\/div><\/section><section class=\"l-section wpb_row height_huge\"><div class=\"l-section-h i-cf\"><div class=\"g-cols vc_row via_flex valign_top type_default stacking_default\"><div class=\"vc_col-sm-12 wpb_column vc_column_container\"><div class=\"vc_column-inner\"><div class=\"wpb_wrapper\"><div class=\"wpb_text_column\"><div class=\"wpb_wrapper\"><h2>And one Spanish premiere: Babel. Torre viva. by David Coria<\/h2>\n<p>The situation of <strong>David Coria<\/strong> deserves an explanation because it is the main source of confusion between the different communications of the Biennial. In information published on August 18, <em>Babel. Torre viva.<\/em> appeared within the new creations block of the edition. However, the current official listing of the show identifies it as <strong>Spanish premiere<\/strong> and establishes its representation for the <strong>September 29 at 8:00 p.m.<\/strong> at Teatro Lope de Vega.<\/p>\n<p>A world premiere is the first public presentation of a work anywhere. A Spanish premiere means that the production may already have been performed outside Spain but is being presented in the country for the first time. This distinction does not make the project any less interesting: Coria draws on the myth of the Tower of Babel to explore fractures, languages, coexistence and possibilities for connection through a contemporary physical and choreographic language.<\/p>\n<p>The current classification is especially useful because some earlier news reports and materials may still present <em>Babel. Torre viva.<\/em> as an world premiere. In this guide always prevails <strong>most recent official file<\/strong>.<\/p>\n<\/div><\/div><\/div><\/div><\/div><\/div><\/div><\/section><section class=\"l-section wpb_row height_huge color_alternate with_shape\"><div class=\"l-section-shape type_zigzag pos_top hor_flip\" style=\"height:3vmin;\"><svg xmlns=\"http:\/\/www.w3.org\/2000\/svg\" viewBox=\"0 0 64 8\" preserveAspectRatio=\"none\" width=\"100%\" height=\"100%\">\r\n\t<path fill=\"currentColor\" d=\"M64 8 L0 8 L0 0 L20 7.9 L40 3 L48 5 L64 0 Z\"\/>\r\n<\/svg><\/div><div class=\"l-section-shape type_zigzag pos_bottom\" style=\"height:3vmin;\"><svg xmlns=\"http:\/\/www.w3.org\/2000\/svg\" viewBox=\"0 0 64 8\" preserveAspectRatio=\"none\" width=\"100%\" height=\"100%\">\r\n\t<path fill=\"currentColor\" d=\"M64 8 L0 8 L0 0 L20 7.9 L40 3 L48 5 L64 0 Z\"\/>\r\n<\/svg><\/div><div class=\"l-section-h i-cf\"><div class=\"g-cols vc_row via_flex valign_top type_default stacking_default\"><div class=\"vc_col-sm-12 wpb_column vc_column_container\"><div class=\"vc_column-inner\"><div class=\"wpb_wrapper\"><div class=\"wpb_text_column\"><div class=\"wpb_wrapper\"><h2>The first weekend concentrates five major stage premieres<\/h2>\n<p>The first major wave arrives between September 11 and 14. Sara Baras returns to the Biennial after fourteen years with <strong><em>Infinita<\/em><\/strong>, created for the edition and articulated around eight female perspectives symbolically linked to the eight Andalusian provinces. Her three performances at the Maestranza make the dancer&#8217;s return one of the great events of the start.<\/p>\n<p>That same Friday the 11th, Rosario La Tremendita premieres at the Teatro Central <strong><em>Menos es m\u00e1s<\/em><\/strong>. Singing, bass, guitar, drums and keyboards build a proposal open to research and dialogue with other musical languages. On Saturday the 12th, Dorantes presents <strong><em>Fractal Arcano<\/em><\/strong> at the Lope de Vega and \u00c1ngeles Toledano premieres <strong><em>La misma sangre del cuerpo<\/em><\/strong> in the Alameda.<\/p>\n<p>On Sunday the 13th and Monday the 14th, Ana Morales occupies the Real F\u00e1brica de Artiller\u00eda with <strong><em>Rapsodia. Fantas\u00eda subterr\u00e1nea<\/em><\/strong>, a creation connected to an underground, historical and imaginary Seville and with musical direction by Ni\u00f1o de Elche. Their performances were sold out before the start of the festival.<\/p>\n<p>Added to these stage premieres is <strong><em>Tirititr\u00e1n<\/em><\/strong>, CaixaForum&#8217;s free family proposal, which the official programming also classifies as an world premiere and which takes place on the 11th, 12th and 13th with different sessions.<\/p>\n<p>To order all the matches of those days you can consult our guide <a href=\"https:\/\/www.tablaosflamencos.com\/primer-fin-semana-bienal-flamenco-sevilla-2026.html\"><strong>what to see the first weekend of the 2026 Biennale<\/strong><\/a>.<\/p>\n<\/div><\/div><\/div><\/div><\/div><\/div><\/div><\/section><section class=\"l-section wpb_row height_huge\"><div class=\"l-section-h i-cf\"><div class=\"g-cols vc_row via_flex valign_top type_default stacking_default\"><div class=\"vc_col-sm-12 wpb_column vc_column_container\"><div class=\"vc_column-inner\"><div class=\"wpb_wrapper\"><div class=\"wpb_text_column\"><div class=\"wpb_wrapper\"><h2>From archival singing to new voices<\/h2>\n<p>The singing chapter shows that debuting does not necessarily mean breaking with tradition. <strong>Rancapino Chico<\/strong> will present on September 15 at the Real Alc\u00e1zar <strong><em>Pizarra<\/em><\/strong>, a recital inspired by old 78 rpm records and the sound memory of masters such as Tom\u00e1s Pav\u00f3n or Manuel Torre. It is a premiere that looks back to build a present reading of the sources of singing.<\/p>\n<p>At the other generational extreme, <strong>\u00c1ngeles Toledano<\/strong> converts the universe of his recording work and his relationship with traditional singing into stage material for <em>La misma sangre del cuerpo<\/em>. La Tremendita, for its part, uses the root as a starting point for a much more open musical architecture.<\/p>\n<p>On October 2, <strong>Sandra Carrasco and David de Arahal<\/strong> will close this tour with <strong><em>Poema de la libertad<\/em><\/strong>. The project takes Pepe Marchena as a reference on the 50th anniversary of his death and reviews his legacy from the relationship between singing and guitar, vindicating the creative freedom that accompanied one of the fundamental figures of the so-called Flamenco Opera.<\/p>\n<p>That historical context can be expanded in our guide on <a href=\"https:\/\/www.tablaosflamencos.com\/la-noche-azul-opera-flamenca-bienal-sevilla-2026.html\"><strong>The blue night and the time of the Flamenco Opera<\/strong><\/a>.<\/p>\n<\/div><\/div><\/div><\/div><\/div><\/div><\/div><\/section><section class=\"l-section wpb_row height_huge color_alternate with_shape\"><div class=\"l-section-shape type_zigzag pos_top hor_flip\" style=\"height:3vmin;\"><svg xmlns=\"http:\/\/www.w3.org\/2000\/svg\" viewBox=\"0 0 64 8\" preserveAspectRatio=\"none\" width=\"100%\" height=\"100%\">\r\n\t<path fill=\"currentColor\" d=\"M64 8 L0 8 L0 0 L20 7.9 L40 3 L48 5 L64 0 Z\"\/>\r\n<\/svg><\/div><div class=\"l-section-shape type_zigzag pos_bottom\" style=\"height:3vmin;\"><svg xmlns=\"http:\/\/www.w3.org\/2000\/svg\" viewBox=\"0 0 64 8\" preserveAspectRatio=\"none\" width=\"100%\" height=\"100%\">\r\n\t<path fill=\"currentColor\" d=\"M64 8 L0 8 L0 0 L20 7.9 L40 3 L48 5 L64 0 Z\"\/>\r\n<\/svg><\/div><div class=\"l-section-h i-cf\"><div class=\"g-cols vc_row via_flex valign_top type_default stacking_default\"><div class=\"vc_col-sm-12 wpb_column vc_column_container\"><div class=\"vc_column-inner\"><div class=\"wpb_wrapper\"><div class=\"wpb_text_column\"><div class=\"wpb_wrapper\"><h2>Touch and instrumental creation expand the map<\/h2>\n<p>The <strong>September 19<\/strong>, Mar\u00eda Mar\u00edn will present <strong><em>Las Tres Mar\u00edas<\/em><\/strong> in Espacio Turina. Guitarist, singer and composer, Mar\u00edn moves between flamenco tradition, popular music and contemporary experimentation, with musical production by Ra\u00fal Cantizano.<\/p>\n<p>Two days later, Lope de Vega will bring together <strong>Rafael Riqueni and Tim Ries<\/strong> en <strong><em>Tunisia<\/em><\/strong>. The guitar of the Triana maestro will dialogue with the saxophones and flute of the American musician in a project that crosses flamenco, jazz, improvisation and musical freedom.<\/p>\n<p>Dorantes opens this territory a few days before with <em>Fractal Arcano<\/em>, placing the piano and the clapping at the center of a specially refined proposal. And the Real F\u00e1brica de Artiller\u00eda will host from September 22 to 24 the <strong><em>Trilog\u00eda<\/em> by Pablo Mart\u00edn Caminero<\/strong>. The chapters <em>Al toque<\/em> y <em>Al cante<\/em> frame the world premiere of <strong><em>Trilog\u00eda. Al baile<\/em><\/strong>, with Mar\u00eda Moreno, on September 23.<\/p>\n<p>The key is that the 2026 instrumental premiere is not limited to solo guitar: piano, double bass, saxophone, flute and other sounds broaden the musical landscape of the Biennial.<\/p>\n<\/div><\/div><\/div><\/div><\/div><\/div><\/div><\/section><section class=\"l-section wpb_row height_huge\"><div class=\"l-section-h i-cf\"><div class=\"g-cols vc_row via_flex valign_top type_default stacking_default\"><div class=\"vc_col-sm-12 wpb_column vc_column_container\"><div class=\"vc_column-inner\"><div class=\"wpb_wrapper\"><div class=\"wpb_text_column\"><div class=\"wpb_wrapper\"><h2>The Teatro Central, laboratory of new languages<\/h2>\n<p>The Teatro Central concentrates a good part of the projects most linked to scenic research. The <strong>September 21<\/strong>, Olga Pericet will present <strong><em>Perspectiva sobre un baile sonoro<\/em><\/strong>, name currently used by the official file. The proposal revisits his own bodily and artistic memory and raises new possibilities for the flamenco recital.<\/p>\n<p>The <strong>September 23<\/strong>, <strong>Juan Tom\u00e1s de la Mol\u00eda and \u00c1gueda Saavedra<\/strong> will be released <strong><em>Te atrevo<\/em><\/strong> under the direction of Manuel Li\u00f1\u00e1n. The <strong>25<\/strong> will arrive <strong>Andr\u00e9s Mar\u00edn<\/strong> with <strong><em>Desierto<\/em><\/strong>, a work that is based on the poetic memory of the Alameda de H\u00e9rcules and features Jos\u00e9 de la Tomasa as a guest artist.<\/p>\n<p>The <strong>September 29<\/strong>, <strong>Sara Jim\u00e9nez en Compa\u00f1\u00eda<\/strong> will premiere <strong><em>La compa\u00f1\u00eda<\/em><\/strong>, a stage fable that mixes flamenco, contemporary dance, theater and circus imagery to reflect on identity, difference and the place of the artist.<\/p>\n<p>and the <strong>October 2<\/strong>, Sandra Carrasco and David de Arahal will present <em>Poema de la libertad<\/em>. The Central thus allows us to follow, almost like a festival within the festival, some of the most open paths of contemporary flamenco.<\/p>\n<\/div><\/div><\/div><\/div><\/div><\/div><\/div><\/section><section class=\"l-section wpb_row height_huge color_alternate with_shape\"><div class=\"l-section-shape type_zigzag pos_top hor_flip\" style=\"height:3vmin;\"><svg xmlns=\"http:\/\/www.w3.org\/2000\/svg\" viewBox=\"0 0 64 8\" preserveAspectRatio=\"none\" width=\"100%\" height=\"100%\">\r\n\t<path fill=\"currentColor\" d=\"M64 8 L0 8 L0 0 L20 7.9 L40 3 L48 5 L64 0 Z\"\/>\r\n<\/svg><\/div><div class=\"l-section-shape type_zigzag pos_bottom\" style=\"height:3vmin;\"><svg xmlns=\"http:\/\/www.w3.org\/2000\/svg\" viewBox=\"0 0 64 8\" preserveAspectRatio=\"none\" width=\"100%\" height=\"100%\">\r\n\t<path fill=\"currentColor\" d=\"M64 8 L0 8 L0 0 L20 7.9 L40 3 L48 5 L64 0 Z\"\/>\r\n<\/svg><\/div><div class=\"l-section-h i-cf\"><div class=\"g-cols vc_row via_flex valign_top type_default stacking_default\"><div class=\"vc_col-sm-12 wpb_column vc_column_container\"><div class=\"vc_column-inner\"><div class=\"wpb_wrapper\"><div class=\"wpb_text_column\"><div class=\"wpb_wrapper\"><h2>Israel Galv\u00e1n, Pastora Galv\u00e1n and Farruquito: the great dance section<\/h2>\n<p>The <strong>September 26<\/strong> concentrates two especially attractive premieres for those who follow Sevillian dance. At 8:00 p.m., at the Teatro de la Maestranza, <strong>Israel Galv\u00e1n<\/strong> will present <strong><em>Bolero de blanco y negro<\/em><\/strong>, his approach to the universe of Maurice Ravel and the bolero genre.<\/p>\n<p>At 10:30 p.m., the Teatro Alameda will receive <strong>Pastora Galv\u00e1n<\/strong> with <strong><em>TRIBUsssh!<\/em><\/strong>, a work that puts her stage personality and the tradition of Sevillian women&#8217;s dance in dialogue with a broader musical imaginary.<\/p>\n<p>Two days later, the <strong>September 28<\/strong>, <strong>Farruquito<\/strong> will premiere at the Teatro de la Maestranza <strong><em>Ser\u00e1s Farruquito: el musical<\/em><\/strong>. The project moves away from the conventional recital format and builds an emotional biography around his personal, family and artistic history, with his own archives, a dance group and extensive musical training.<\/p>\n<p>The dance tour is completed with Macarena L\u00f3pez, Ana Morales, Olga Pericet, Andr\u00e9s Mar\u00edn, Sara Jim\u00e9nez, Alfonso Losa and the Spanish premiere of David Coria, showing the extent to which the 2026 edition uses the body as a territory of memory, research and creation.<\/p>\n<\/div><\/div><\/div><\/div><\/div><\/div><\/div><\/section><section class=\"l-section wpb_row height_huge\"><div class=\"l-section-h i-cf\"><div class=\"g-cols vc_row via_flex valign_top type_default stacking_default\"><div class=\"vc_col-sm-12 wpb_column vc_column_container\"><div class=\"vc_column-inner\"><div class=\"wpb_wrapper\"><div class=\"wpb_text_column\"><div class=\"wpb_wrapper\"><h2>The creative closure: Minimal gesture and Poem of freedom<\/h2>\n<p>The <strong>October 2<\/strong>, just one day before the closing, the Biennial will concentrate two very different world premieres.<\/p>\n<p>At 8:00 p.m. at Lope de Vega, <strong>Alfonso Losa<\/strong> will present <strong><em>Gesto m\u00ednimo<\/em><\/strong>, an investigation into the body as a meeting space and the idea of a \u201cdancing community\u201d. The work uses small choreographic gestures to reflect on coexistence, fragility and the relationship between bodies.<\/p>\n<p>At 10:30 p.m. at the Teatro Central, <strong>Sandra Carrasco and David de Arahal<\/strong> will be released <strong><em>Poema de la libertad<\/em><\/strong>. The review of Pepe Marchena&#8217;s legacy connects with one of the great historical threads of this edition: the century that has passed since the consolidation of Flamenco Opera as a scenic and popular phenomenon.<\/p>\n<p>This double closing well summarizes the breadth of the program: a contemporary choreographic investigation and a rereading of the memory of singing coexist in the same night.<\/p>\n<\/div><\/div><\/div><\/div><\/div><\/div><\/div><\/section><section class=\"l-section wpb_row height_huge color_alternate with_shape\"><div class=\"l-section-shape type_zigzag pos_top hor_flip\" style=\"height:3vmin;\"><svg xmlns=\"http:\/\/www.w3.org\/2000\/svg\" viewBox=\"0 0 64 8\" preserveAspectRatio=\"none\" width=\"100%\" height=\"100%\">\r\n\t<path fill=\"currentColor\" d=\"M64 8 L0 8 L0 0 L20 7.9 L40 3 L48 5 L64 0 Z\"\/>\r\n<\/svg><\/div><div class=\"l-section-shape type_zigzag pos_bottom\" style=\"height:3vmin;\"><svg xmlns=\"http:\/\/www.w3.org\/2000\/svg\" viewBox=\"0 0 64 8\" preserveAspectRatio=\"none\" width=\"100%\" height=\"100%\">\r\n\t<path fill=\"currentColor\" d=\"M64 8 L0 8 L0 0 L20 7.9 L40 3 L48 5 L64 0 Z\"\/>\r\n<\/svg><\/div><div class=\"l-section-h i-cf\"><div class=\"g-cols vc_row via_flex valign_top type_default stacking_default\"><div class=\"vc_col-sm-12 wpb_column vc_column_container\"><div class=\"vc_column-inner\"><div class=\"wpb_wrapper\"><div class=\"wpb_text_column\"><div class=\"wpb_wrapper\"><h2>How to choose between so many premieres<\/h2>\n<p>If you&#8217;re only going to be in Seville for a day or two, trying to chase \u201cthe best premiere\u201d may be less useful than deciding what kind of flamenco you want to see.<\/p>\n<p>If you search <strong>large format and dance<\/strong>, Sara Baras, Israel Galv\u00e1n or Farruquito are obvious references. If you are interested in <strong>choreographic research<\/strong>, look towards Ana Morales, Olga Pericet, Andr\u00e9s Mar\u00edn, Sara Jim\u00e9nez, Alfonso Losa or David Coria. For <strong>singing and new voices<\/strong>, La Tremendita, \u00c1ngeles Toledano, Rancapino Chico or Sandra Carrasco offer very different paths. And if your priority is <strong>touch and instrumental music<\/strong>, Dorantes, Mar\u00eda Mar\u00edn, Rafael Riqueni with Tim Ries and Pablo Mart\u00edn Caminero form an exceptional tour.<\/p>\n<p>It is also a good idea to check availability before finalizing your trip and accommodation. Some features have been out of stock for a while. Our guide to <a href=\"https:\/\/www.tablaosflamencos.com\/bienal-flamenco-2026-entradas-agotadas-que-ver.html\"><strong>sold out tickets for the 2026 Biennial<\/strong><\/a> explains what alternatives exist when a first option is no longer available.<\/p>\n<p>Not all the major events of the edition are premieres. The Biennale has also announced <a href=\"https:\/\/www.tablaosflamencos.com\/noches-unicas-bienal-flamenco-sevilla-2026.html\"><strong>26 Unique Nights<\/strong><\/a>, as well as exhibitions, parallel activities and free proposals. You can consult our list of <a href=\"https:\/\/www.tablaosflamencos.com\/bienal-flamenco-sevilla-2026-gratis.html\"><strong>free activities of the 2026 Biennial<\/strong><\/a> to complete the trip without depending exclusively on theater tickets.<\/p>\n<p>To confirm schedules, last minute changes and ticket sales, always consult the <a href=\"https:\/\/www.labienal.com\/programa-general\" target=\"_blank\" rel=\"noopener\"><strong>official programming of the Biennial<\/strong><\/a>.<\/p>\n<\/div><\/div><div class=\"w-separator size_medium\"><\/div><div class=\"w-hwrapper valign_top wrap stack_on_mobiles align_center\" style=\"--hwrapper-gap:1.2rem\"><div class=\"w-btn-wrapper align_none\"><a class=\"w-btn us-btn-style_1\" href=\"https:\/\/www.tablaosflamencos.com\/en\/seville-flamenco-biennial-2026.html\"><span class=\"w-btn-label\">Complete guide to the 2026 Biennial<\/span><\/a><\/div><div class=\"w-btn-wrapper align_none\"><a class=\"w-btn us-btn-style_1\" href=\"https:\/\/www.tablaosflamencos.com\/en\/seville-flamenco-biennial-2026-sold-out-tickets-what-to-see.html\"><span class=\"w-btn-label\">What to do if there are no tickets left<\/span><\/a><\/div><div class=\"w-btn-wrapper align_none\"><a class=\"w-btn us-btn-style_1\" href=\"https:\/\/www.tablaosflamencos.com\/en\/flamenco-in-seville\"><span class=\"w-btn-label\">See flamenco in Seville<\/span><\/a><\/div><\/div><\/div><\/div><\/div><\/div><\/div><\/section><section class=\"l-section wpb_row height_huge\"><div class=\"l-section-h i-cf\"><div class=\"g-cols vc_row via_flex valign_top type_default stacking_default\"><div class=\"vc_col-sm-1\/5 wpb_column vc_column_container\"><div class=\"vc_column-inner\"><div class=\"wpb_wrapper\"><\/div><\/div><\/div><div class=\"vc_col-sm-3\/5 wpb_column vc_column_container\"><div class=\"vc_column-inner\"><div class=\"wpb_wrapper\"><div class=\"wpb_text_column\"><div class=\"wpb_wrapper\"><h2 style=\"text-align: center;\">Frequently asked questions about the 2026 Biennial premieres<\/h2>\n<\/div><\/div><div class=\"w-separator size_medium\"><\/div><div class=\"w-tabs accordion toggle_style_1 has_scrolling\" style=\"--sections-title-size:inherit;--sections-gap:0.5rem;\"><div class=\"w-tabs-sections titles-align_none icon_plus cpos_left\"><div class=\"w-tabs-section\" id=\"e943\" itemscope itemprop=\"mainEntity\" itemtype=\"https:\/\/schema.org\/Question\"><button type=\"button\" class=\"w-tabs-section-header\" aria-controls=\"content-e943\" aria-expanded=\"false\"><h3 class=\"w-tabs-section-title\" itemprop=\"name\">How many world premieres will the 2026 Flamenco Biennial have?<\/h3><div class=\"w-tabs-section-control\"><\/div><\/button><div  class=\"w-tabs-section-content\" id=\"content-e943\" itemscope itemprop=\"acceptedAnswer\" itemtype=\"https:\/\/schema.org\/Answer\"><div class=\"w-tabs-section-content-h i-cf\" itemprop=\"text\"><div class=\"wpb_text_column\"><div class=\"wpb_wrapper\"><p>August 18 official update announced <strong>20 world premieres<\/strong>. When reviewing the lists in force on September 1, there are 19 world premieres in the general stage programming and <em>Tirititr\u00e1n<\/em> as an world premiere in the parallel activities of CaixaForum. David Coria is currently listed as a Spanish premiere.<\/p>\n<\/div><\/div><\/div><\/div><\/div><div class=\"w-tabs-section\" id=\"oa49\" itemscope itemprop=\"mainEntity\" itemtype=\"https:\/\/schema.org\/Question\"><button type=\"button\" class=\"w-tabs-section-header\" aria-controls=\"content-oa49\" aria-expanded=\"false\"><h3 class=\"w-tabs-section-title\" itemprop=\"name\">Why do some reports mention 22 world premieres?<\/h3><div class=\"w-tabs-section-control\"><\/div><\/button><div  class=\"w-tabs-section-content\" id=\"content-oa49\" itemscope itemprop=\"acceptedAnswer\" itemtype=\"https:\/\/schema.org\/Answer\"><div class=\"w-tabs-section-content-h i-cf\" itemprop=\"text\"><div class=\"wpb_text_column\"><div class=\"wpb_wrapper\"><p>At its initial presentation in February 2026, the Biennial announced 22 world premieres. The programme was subsequently adjusted, and on August 18 the organisation published a specific update stating that there would be 20. This guide always uses the latest classification in the official listings.<\/p>\n<\/div><\/div><\/div><\/div><\/div><div class=\"w-tabs-section\" id=\"ub51\" itemscope itemprop=\"mainEntity\" itemtype=\"https:\/\/schema.org\/Question\"><button type=\"button\" class=\"w-tabs-section-header\" aria-controls=\"content-ub51\" aria-expanded=\"false\"><h3 class=\"w-tabs-section-title\" itemprop=\"name\">What does a world premiere mean at the Biennial?<\/h3><div class=\"w-tabs-section-control\"><\/div><\/button><div  class=\"w-tabs-section-content\" id=\"content-ub51\" itemscope itemprop=\"acceptedAnswer\" itemtype=\"https:\/\/schema.org\/Answer\"><div class=\"w-tabs-section-content-h i-cf\" itemprop=\"text\"><div class=\"wpb_text_column\"><div class=\"wpb_wrapper\"><p>An world premiere is the <strong>first public presentation of a work<\/strong>. If the official listing says Spanish premiere, the production may already have been performed outside Spain and is now being presented in the country for the first time.<\/p>\n<\/div><\/div><\/div><\/div><\/div><div class=\"w-tabs-section\" id=\"wc3d\" itemscope itemprop=\"mainEntity\" itemtype=\"https:\/\/schema.org\/Question\"><button type=\"button\" class=\"w-tabs-section-header\" aria-controls=\"content-wc3d\" aria-expanded=\"false\"><h3 class=\"w-tabs-section-title\" itemprop=\"name\">When does Sara Baras\u2019s Infinita premiere?<\/h3><div class=\"w-tabs-section-control\"><\/div><\/button><div  class=\"w-tabs-section-content\" id=\"content-wc3d\" itemscope itemprop=\"acceptedAnswer\" itemtype=\"https:\/\/schema.org\/Answer\"><div class=\"w-tabs-section-content-h i-cf\" itemprop=\"text\"><div class=\"wpb_text_column\"><div class=\"wpb_wrapper\"><p><em>Infinita<\/em> occurs on days <strong>September 11, 12 and 13, 2026 at 8:00 p.m.<\/strong> at the Teatro de la Maestranza. The first performance on the 11th constitutes the world premiere of the work.<\/p>\n<\/div><\/div><\/div><\/div><\/div><div class=\"w-tabs-section\" id=\"cd39\" itemscope itemprop=\"mainEntity\" itemtype=\"https:\/\/schema.org\/Question\"><button type=\"button\" class=\"w-tabs-section-header\" aria-controls=\"content-cd39\" aria-expanded=\"false\"><h3 class=\"w-tabs-section-title\" itemprop=\"name\">Does Tirititr\u00e1n count as an world premiere?<\/h3><div class=\"w-tabs-section-control\"><\/div><\/button><div  class=\"w-tabs-section-content\" id=\"content-cd39\" itemscope itemprop=\"acceptedAnswer\" itemtype=\"https:\/\/schema.org\/Answer\"><div class=\"w-tabs-section-content-h i-cf\" itemprop=\"text\"><div class=\"wpb_text_column\"><div class=\"wpb_wrapper\"><p>Yes. The official listing of family activity <em>Tirititr\u00e1n<\/em> identifies her as <strong>world premiere<\/strong>. It is held at CaixaForum from September 11 to 13, with several sessions, and is a free activity with prior reservation.<\/p>\n<\/div><\/div><\/div><\/div><\/div><div class=\"w-tabs-section\" id=\"oe30\" itemscope itemprop=\"mainEntity\" itemtype=\"https:\/\/schema.org\/Question\"><button type=\"button\" class=\"w-tabs-section-header\" aria-controls=\"content-oe30\" aria-expanded=\"false\"><h3 class=\"w-tabs-section-title\" itemprop=\"name\">Is David Coria\u2019s Babel. Torre viva. a world premiere?<\/h3><div class=\"w-tabs-section-control\"><\/div><\/button><div  class=\"w-tabs-section-content\" id=\"content-oe30\" itemscope itemprop=\"acceptedAnswer\" itemtype=\"https:\/\/schema.org\/Answer\"><div class=\"w-tabs-section-content-h i-cf\" itemprop=\"text\"><div class=\"wpb_text_column\"><div class=\"wpb_wrapper\"><p>The current official file identifies <em>Babel. Torre viva.<\/em> as <strong>Spanish premiere<\/strong>. It is scheduled for September 29, 2026 at 8:00 p.m. at the Teatro Lope de Vega.<\/p>\n<\/div><\/div><\/div><\/div><\/div><div class=\"w-tabs-section\" id=\"qf4c\" itemscope itemprop=\"mainEntity\" itemtype=\"https:\/\/schema.org\/Question\"><button type=\"button\" class=\"w-tabs-section-header\" aria-controls=\"content-qf4c\" aria-expanded=\"false\"><h3 class=\"w-tabs-section-title\" itemprop=\"name\">When does Israel Galv\u00e1n\u2019s Bolero de blanco y negro premiere?<\/h3><div class=\"w-tabs-section-control\"><\/div><\/button><div  class=\"w-tabs-section-content\" id=\"content-qf4c\" itemscope itemprop=\"acceptedAnswer\" itemtype=\"https:\/\/schema.org\/Answer\"><div class=\"w-tabs-section-content-h i-cf\" itemprop=\"text\"><div class=\"wpb_text_column\"><div class=\"wpb_wrapper\"><p>Israel Galv\u00e1n will premiere <em>Bolero de blanco y negro<\/em> the <strong>September 26, 2026 at 8:00 p.m.<\/strong> at the Teatro de la Maestranza.<\/p>\n<\/div><\/div><\/div><\/div><\/div><div class=\"w-tabs-section\" id=\"v035\" itemscope itemprop=\"mainEntity\" itemtype=\"https:\/\/schema.org\/Question\"><button type=\"button\" class=\"w-tabs-section-header\" aria-controls=\"content-v035\" aria-expanded=\"false\"><h3 class=\"w-tabs-section-title\" itemprop=\"name\">When does Farruquito&#8217;s new show premiere?<\/h3><div class=\"w-tabs-section-control\"><\/div><\/button><div  class=\"w-tabs-section-content\" id=\"content-v035\" itemscope itemprop=\"acceptedAnswer\" itemtype=\"https:\/\/schema.org\/Answer\"><div class=\"w-tabs-section-content-h i-cf\" itemprop=\"text\"><div class=\"wpb_text_column\"><div class=\"wpb_wrapper\"><p>Farruquito will present <em>Ser\u00e1s Farruquito: el musical<\/em> the <strong>September 28, 2026 at 8:00 p.m.<\/strong> at the Teatro de la Maestranza.<\/p>\n<\/div><\/div><\/div><\/div><\/div><div class=\"w-tabs-section\" id=\"k110\" itemscope itemprop=\"mainEntity\" itemtype=\"https:\/\/schema.org\/Question\"><button type=\"button\" class=\"w-tabs-section-header\" aria-controls=\"content-k110\" aria-expanded=\"false\"><h3 class=\"w-tabs-section-title\" itemprop=\"name\">Which flamenco-guitar and instrumental premieres stand out?<\/h3><div class=\"w-tabs-section-control\"><\/div><\/button><div  class=\"w-tabs-section-content\" id=\"content-k110\" itemscope itemprop=\"acceptedAnswer\" itemtype=\"https:\/\/schema.org\/Answer\"><div class=\"w-tabs-section-content-h i-cf\" itemprop=\"text\"><div class=\"wpb_text_column\"><div class=\"wpb_wrapper\"><p>Among the instrumental proposals, the following stand out: <em>Fractal Arcano<\/em> of Dorantes, <em>Las Tres Mar\u00edas<\/em> by Mar\u00eda Mar\u00edn, <em>Tunisia<\/em> by Rafael Riqueni and Tim Ries and <em>Trilog\u00eda. Al baile<\/em> by Pablo Mart\u00edn Caminero with Mar\u00eda Moreno.<\/p>\n<\/div><\/div><\/div><\/div><\/div><div class=\"w-tabs-section\" id=\"u1f9\" itemscope itemprop=\"mainEntity\" itemtype=\"https:\/\/schema.org\/Question\"><button type=\"button\" class=\"w-tabs-section-header\" aria-controls=\"content-u1f9\" aria-expanded=\"false\"><h3 class=\"w-tabs-section-title\" itemprop=\"name\">Where can I buy tickets and check changes?<\/h3><div class=\"w-tabs-section-control\"><\/div><\/button><div  class=\"w-tabs-section-content\" id=\"content-u1f9\" itemscope itemprop=\"acceptedAnswer\" itemtype=\"https:\/\/schema.org\/Answer\"><div class=\"w-tabs-section-content-h i-cf\" itemprop=\"text\"><div class=\"wpb_text_column\"><div class=\"wpb_wrapper\"><p>The main reference must be the <a href=\"https:\/\/www.labienal.com\/programa-general\" target=\"_blank\" rel=\"noopener\"><strong>official programming of the Biennial<\/strong><\/a>, where the details of each show, schedules, spaces and official sales channels appear. At Tablaos Flamencos we also maintain specific guides on availability, free activities and featured programming.<\/p>\n<\/div><\/div><\/div><\/div><\/div><\/div><\/div><\/div><\/div><\/div><div class=\"vc_col-sm-1\/5 wpb_column vc_column_container\"><div class=\"vc_column-inner\"><div class=\"wpb_wrapper\"><\/div><\/div><\/div><\/div><\/div><\/section><section class=\"l-section wpb_row height_huge color_alternate with_shape\"><div class=\"l-section-shape type_zigzag pos_top hor_flip\" style=\"height:3vmin;\"><svg xmlns=\"http:\/\/www.w3.org\/2000\/svg\" viewBox=\"0 0 64 8\" preserveAspectRatio=\"none\" width=\"100%\" height=\"100%\">\r\n\t<path fill=\"currentColor\" d=\"M64 8 L0 8 L0 0 L20 7.9 L40 3 L48 5 L64 0 Z\"\/>\r\n<\/svg><\/div><div class=\"l-section-shape type_zigzag pos_bottom\" style=\"height:3vmin;\"><svg xmlns=\"http:\/\/www.w3.org\/2000\/svg\" viewBox=\"0 0 64 8\" preserveAspectRatio=\"none\" width=\"100%\" height=\"100%\">\r\n\t<path fill=\"currentColor\" d=\"M64 8 L0 8 L0 0 L20 7.9 L40 3 L48 5 L64 0 Z\"\/>\r\n<\/svg><\/div><div class=\"l-section-h i-cf\"><div class=\"g-cols vc_row via_flex valign_top type_default stacking_default\"><div class=\"vc_col-sm-12 wpb_column vc_column_container\"><div class=\"vc_column-inner\"><div class=\"wpb_wrapper\"><div class=\"wpb_text_column\"><div class=\"wpb_wrapper\"><h2>Seville is once again the place where new flamenco shows are born<\/h2>\n<p>The dimension of a Biennial is also measured by what it leaves behind after it ends. In October, many of these works will begin or continue their journey and will appear in programming in other cities and countries. But during September 2026 there will be a moment in which there is still no consolidated public reading of what has just been born.<\/p>\n<p>That moment is the premiere.<\/p>\n<p>The Seville Flamenco Biennial thus once again positions itself not only as a showcase for great artists, but as <strong>birthplace of new repertoires, choreographies and formats<\/strong>. For flamenco enthusiasts, the chance to witness a first performance is one of the most compelling reasons to experience the festival live.<\/p>\n<p>If your dates do not coincide with the premiere you want\u2014or tickets are already sold out\u2014Seville still offers a wide range of tablaos and flamenco shows every night. You can compare options on our page about <a href=\"https:\/\/www.tablaosflamencos.com\/flamenco-en-sevilla\"><strong>flamenco in Seville<\/strong><\/a>.<\/p>\n<\/div><\/div><\/div><\/div><\/div><\/div><\/div><\/section>\n","protected":false},"excerpt":{"rendered":"<p>Guide to the 20 world premieres at the 2026 Seville Flamenco Biennial: dates, artists, venues and David Coria\u2019s Spanish premiere.<\/p>\n","protected":false},"author":1,"featured_media":13846,"comment_status":"closed","ping_status":"closed","sticky":false,"template":"","format":"standard","meta":{"_acf_changed":false,"wpai_generated_summary":"","_ayudawp_aiss_exclude":false,"_ayudawp_aiss_exclude_summary":false,"_ayudawp_aiss_summary":"","_ayudawp_aiss_summary_provider":"","_ayudawp_aiss_summary_hash":"","footnotes":""},"categories":[1427],"tags":[1232,1233,1234,1235,1144,1236],"class_list":["post-14031","post","type-post","status-publish","format-standard","has-post-thumbnail","hentry","category-flamenco-biennial","tag-agenda-flamenca","tag-bienal-2026","tag-bienal-de-flamenco","tag-festivales-flamencos","tag-flamenco-en-sevilla","tag-sevilla"],"acf":[],"yoast_head":"<!-- This site is optimized with the Yoast SEO Premium plugin v28.4 (Yoast SEO v28.4) - https:\/\/yoast.com\/product\/yoast-seo-premium-wordpress\/ -->\n<title>2026 Seville Flamenco Biennial Premieres: 20 Key Works<\/title>\n<meta name=\"description\" content=\"Guide to the 20 world premieres at the 2026 Seville Flamenco Biennial: dates, artists, venues and David Coria\u2019s Spanish premiere.\" \/>\n<meta name=\"robots\" content=\"index, follow, max-snippet:-1, max-image-preview:large, max-video-preview:-1\" \/>\n<link rel=\"canonical\" href=\"https:\/\/www.tablaosflamencos.com\/en\/major-premieres-seville-flamenco-biennial-2026.html\" \/>\n<meta property=\"og:locale\" content=\"en_US\" \/>\n<meta property=\"og:type\" content=\"article\" \/>\n<meta property=\"og:title\" content=\"The Major Premieres of the 2026 Seville Flamenco Biennial\" \/>\n<meta property=\"og:description\" content=\"Guide to the 20 world premieres at the 2026 Seville Flamenco Biennial: dates, artists, venues and David Coria\u2019s Spanish premiere.\" \/>\n<meta property=\"og:url\" content=\"https:\/\/www.tablaosflamencos.com\/en\/major-premieres-seville-flamenco-biennial-2026.html\" \/>\n<meta property=\"og:site_name\" content=\"Tablaos Flamencos\" \/>\n<meta property=\"article:publisher\" content=\"https:\/\/www.facebook.com\/tablaosflamencos\" \/>\n<meta property=\"article:published_time\" content=\"2026-09-01T10:18:55+00:00\" \/>\n<meta property=\"article:modified_time\" content=\"2026-09-02T10:13:31+00:00\" \/>\n<meta property=\"og:image\" content=\"https:\/\/www.tablaosflamencos.com\/wp-content\/uploads\/los-grandes-estrenos-de-la-bienal-2026-01.webp\" \/>\n\t<meta property=\"og:image:width\" content=\"1920\" \/>\n\t<meta property=\"og:image:height\" content=\"1072\" \/>\n\t<meta property=\"og:image:type\" content=\"image\/webp\" \/>\n<meta name=\"author\" content=\"Miguel Ortiz\" \/>\n<meta name=\"twitter:card\" content=\"summary_large_image\" \/>\n<meta name=\"twitter:creator\" content=\"@tablaosflamenco\" \/>\n<meta name=\"twitter:site\" content=\"@tablaosflamenco\" \/>\n<meta name=\"twitter:label1\" content=\"Written by\" \/>\n\t<meta name=\"twitter:data1\" content=\"Miguel Ortiz\" \/>\n\t<meta name=\"twitter:label2\" content=\"Est. reading time\" \/>\n\t<meta name=\"twitter:data2\" content=\"19 minutes\" \/>\n<script type=\"application\/ld+json\" class=\"yoast-schema-graph\">{\"@context\":\"https:\\\/\\\/schema.org\",\"@graph\":[{\"@type\":\"Article\",\"@id\":\"https:\\\/\\\/www.tablaosflamencos.com\\\/en\\\/major-premieres-seville-flamenco-biennial-2026.html#article\",\"isPartOf\":{\"@id\":\"https:\\\/\\\/www.tablaosflamencos.com\\\/en\\\/major-premieres-seville-flamenco-biennial-2026.html\"},\"author\":{\"name\":\"Miguel Ortiz\",\"@id\":\"https:\\\/\\\/www.tablaosflamencos.com\\\/en#\\\/schema\\\/person\\\/e7a9ebe14eb75a52ceabfbffb3c54f5d\"},\"headline\":\"The Major Premieres of the 2026 Seville Flamenco Biennial\",\"datePublished\":\"2026-09-01T10:18:55+00:00\",\"dateModified\":\"2026-09-02T10:13:31+00:00\",\"mainEntityOfPage\":{\"@id\":\"https:\\\/\\\/www.tablaosflamencos.com\\\/en\\\/major-premieres-seville-flamenco-biennial-2026.html\"},\"wordCount\":3758,\"publisher\":{\"@id\":\"https:\\\/\\\/www.tablaosflamencos.com\\\/en#organization\"},\"image\":{\"@id\":\"https:\\\/\\\/www.tablaosflamencos.com\\\/en\\\/major-premieres-seville-flamenco-biennial-2026.html#primaryimage\"},\"thumbnailUrl\":\"https:\\\/\\\/www.tablaosflamencos.com\\\/wp-content\\\/uploads\\\/los-grandes-estrenos-de-la-bienal-2026-01.webp\",\"keywords\":[\"agenda flamenca\",\"Bienal 2026\",\"Bienal de Flamenco\",\"festivales flamencos\",\"flamenco en Sevilla\",\"sevilla\"],\"articleSection\":[\"Flamenco Biennial\"],\"inLanguage\":\"en-US\"},{\"@type\":\"WebPage\",\"@id\":\"https:\\\/\\\/www.tablaosflamencos.com\\\/en\\\/major-premieres-seville-flamenco-biennial-2026.html\",\"url\":\"https:\\\/\\\/www.tablaosflamencos.com\\\/en\\\/major-premieres-seville-flamenco-biennial-2026.html\",\"name\":\"2026 Seville Flamenco Biennial Premieres: 20 Key Works\",\"isPartOf\":{\"@id\":\"https:\\\/\\\/www.tablaosflamencos.com\\\/en#website\"},\"primaryImageOfPage\":{\"@id\":\"https:\\\/\\\/www.tablaosflamencos.com\\\/en\\\/major-premieres-seville-flamenco-biennial-2026.html#primaryimage\"},\"image\":{\"@id\":\"https:\\\/\\\/www.tablaosflamencos.com\\\/en\\\/major-premieres-seville-flamenco-biennial-2026.html#primaryimage\"},\"thumbnailUrl\":\"https:\\\/\\\/www.tablaosflamencos.com\\\/wp-content\\\/uploads\\\/los-grandes-estrenos-de-la-bienal-2026-01.webp\",\"datePublished\":\"2026-09-01T10:18:55+00:00\",\"dateModified\":\"2026-09-02T10:13:31+00:00\",\"description\":\"Guide to the 20 world premieres at the 2026 Seville Flamenco Biennial: dates, artists, venues and David Coria\u2019s Spanish premiere.\",\"breadcrumb\":{\"@id\":\"https:\\\/\\\/www.tablaosflamencos.com\\\/en\\\/major-premieres-seville-flamenco-biennial-2026.html#breadcrumb\"},\"inLanguage\":\"en-US\",\"potentialAction\":[{\"@type\":\"ReadAction\",\"target\":[\"https:\\\/\\\/www.tablaosflamencos.com\\\/en\\\/major-premieres-seville-flamenco-biennial-2026.html\"]}]},{\"@type\":\"ImageObject\",\"inLanguage\":\"en-US\",\"@id\":\"https:\\\/\\\/www.tablaosflamencos.com\\\/en\\\/major-premieres-seville-flamenco-biennial-2026.html#primaryimage\",\"url\":\"https:\\\/\\\/www.tablaosflamencos.com\\\/wp-content\\\/uploads\\\/los-grandes-estrenos-de-la-bienal-2026-01.webp\",\"contentUrl\":\"https:\\\/\\\/www.tablaosflamencos.com\\\/wp-content\\\/uploads\\\/los-grandes-estrenos-de-la-bienal-2026-01.webp\",\"width\":1920,\"height\":1072,\"caption\":\"Los grandes estrenos de la Bienal 2026\"},{\"@type\":\"BreadcrumbList\",\"@id\":\"https:\\\/\\\/www.tablaosflamencos.com\\\/en\\\/major-premieres-seville-flamenco-biennial-2026.html#breadcrumb\",\"itemListElement\":[{\"@type\":\"ListItem\",\"position\":1,\"name\":\"Home\",\"item\":\"https:\\\/\\\/www.tablaosflamencos.com\\\/en\"},{\"@type\":\"ListItem\",\"position\":2,\"name\":\"The Major Premieres of the 2026 Seville Flamenco Biennial\"}]},{\"@type\":\"WebSite\",\"@id\":\"https:\\\/\\\/www.tablaosflamencos.com\\\/en#website\",\"url\":\"https:\\\/\\\/www.tablaosflamencos.com\\\/en\",\"name\":\"Tablaos Flamencos\",\"description\":\"Entradas para tablaos flamencos de Espa\u00f1a\",\"publisher\":{\"@id\":\"https:\\\/\\\/www.tablaosflamencos.com\\\/en#organization\"},\"alternateName\":\"Tablaos Flamencos\",\"potentialAction\":[{\"@type\":\"SearchAction\",\"target\":{\"@type\":\"EntryPoint\",\"urlTemplate\":\"https:\\\/\\\/www.tablaosflamencos.com\\\/en?s={search_term_string}\"},\"query-input\":{\"@type\":\"PropertyValueSpecification\",\"valueRequired\":true,\"valueName\":\"search_term_string\"}}],\"inLanguage\":\"en-US\"},{\"@type\":[\"Organization\",\"Place\",\"EntertainmentBusiness\"],\"@id\":\"https:\\\/\\\/www.tablaosflamencos.com\\\/en#organization\",\"name\":\"Tablaos Flamencos\",\"alternateName\":\"Tablaos Flamencos\",\"url\":\"https:\\\/\\\/www.tablaosflamencos.com\\\/en\",\"logo\":{\"@id\":\"https:\\\/\\\/www.tablaosflamencos.com\\\/en\\\/major-premieres-seville-flamenco-biennial-2026.html#local-main-organization-logo\"},\"image\":{\"@id\":\"https:\\\/\\\/www.tablaosflamencos.com\\\/en\\\/major-premieres-seville-flamenco-biennial-2026.html#local-main-organization-logo\"},\"sameAs\":[\"https:\\\/\\\/www.facebook.com\\\/tablaosflamencos\",\"https:\\\/\\\/x.com\\\/tablaosflamenco\",\"https:\\\/\\\/mastodon.social\\\/@tablaosflamencos\",\"https:\\\/\\\/www.instagram.com\\\/tablaosflamencos\",\"https:\\\/\\\/tiktok.com\\\/@tablaosflamencos\",\"https:\\\/\\\/www.linkedin.com\\\/company\\\/109408238\\\/\"],\"description\":\"Venta de entradas para espect\u00e1culos flamencos\",\"legalName\":\"Tablaos Flamencos\",\"foundingDate\":\"2015-01-01\",\"numberOfEmployees\":{\"@type\":\"QuantitativeValue\",\"minValue\":\"1\",\"maxValue\":\"10\"},\"address\":{\"@id\":\"https:\\\/\\\/www.tablaosflamencos.com\\\/en\\\/major-premieres-seville-flamenco-biennial-2026.html#local-main-place-address\"},\"geo\":{\"@type\":\"GeoCoordinates\",\"latitude\":\"37.3868072\",\"longitude\":\"-5.993280299999999\"},\"telephone\":[\"+34623787787\"],\"contactPoint\":{\"@type\":\"ContactPoint\",\"telephone\":\"+34623787787\",\"email\":\"info@tablaosflamencos.com\"},\"openingHoursSpecification\":{\"@type\":\"OpeningHoursSpecification\",\"dayOfWeek\":[\"Monday\",\"Tuesday\",\"Wednesday\",\"Thursday\",\"Friday\",\"Saturday\",\"Sunday\"],\"opens\":\"00:00\",\"closes\":\"23:59\"},\"email\":\"info@tablaosflamencos.com\",\"priceRange\":\"$$$\",\"currenciesAccepted\":\"\u20ac\"},{\"@type\":\"Person\",\"@id\":\"https:\\\/\\\/www.tablaosflamencos.com\\\/en#\\\/schema\\\/person\\\/e7a9ebe14eb75a52ceabfbffb3c54f5d\",\"name\":\"Miguel Ortiz\",\"description\":\"Miguel Ortiz es un empresario flamenco, con una s\u00f3lida trayectoria dentro del sector. Ha presidido entidades culturales vinculadas al flamenco y, cuenta con un amplio recorrido profesional en la gesti\u00f3n y promoci\u00f3n de espect\u00e1culos y tablaos flamencos. Su pasi\u00f3n por la historia y el arte flamenco se refleja en cada art\u00edculo, donde combina experiencia, criterio y un profundo respeto por la tradici\u00f3n.\",\"sameAs\":[\"https:\\\/\\\/www.tablaosflamencos.com\",\"https:\\\/\\\/www.instagra.com\\\/miguelortizfe\",\"https:\\\/\\\/www.linkedin.com\\\/in\\\/miguelortizf\\\/\"],\"birthDate\":\"1984-11-22\",\"gender\":\"hombre\",\"knowsLanguage\":[\"espa\u00f1ol\",\"ingl\u00e9s\"],\"jobTitle\":\"Empresario flamenco\"},{\"@type\":\"PostalAddress\",\"@id\":\"https:\\\/\\\/www.tablaosflamencos.com\\\/en\\\/major-premieres-seville-flamenco-biennial-2026.html#local-main-place-address\",\"streetAddress\":\"C\\\/ Alemanes, 19\",\"addressLocality\":\"Sevilla\",\"postalCode\":\"41004\",\"addressRegion\":\"Sevilla\",\"addressCountry\":\"ES\"},{\"@type\":\"ImageObject\",\"inLanguage\":\"en-US\",\"@id\":\"https:\\\/\\\/www.tablaosflamencos.com\\\/en\\\/major-premieres-seville-flamenco-biennial-2026.html#local-main-organization-logo\",\"url\":\"https:\\\/\\\/www.tablaosflamencos.com\\\/wp-content\\\/uploads\\\/tablaos-flamencos-06-3.webp\",\"contentUrl\":\"https:\\\/\\\/www.tablaosflamencos.com\\\/wp-content\\\/uploads\\\/tablaos-flamencos-06-3.webp\",\"width\":600,\"height\":620,\"caption\":\"Tablaos Flamencos\"}]}<\/script>\n<meta name=\"geo.placename\" content=\"Sevilla\" \/>\n<meta name=\"geo.position\" content=\"37.3868072;-5.993280299999999\" \/>\n<meta name=\"geo.region\" content=\"Spain\" \/>\n<!-- \/ Yoast SEO Premium plugin. -->","yoast_head_json":{"title":"2026 Seville Flamenco Biennial Premieres: 20 Key Works","description":"Guide to the 20 world premieres at the 2026 Seville Flamenco Biennial: dates, artists, venues and David Coria\u2019s Spanish premiere.","robots":{"index":"index","follow":"follow","max-snippet":"max-snippet:-1","max-image-preview":"max-image-preview:large","max-video-preview":"max-video-preview:-1"},"canonical":"https:\/\/www.tablaosflamencos.com\/en\/major-premieres-seville-flamenco-biennial-2026.html","og_locale":"en_US","og_type":"article","og_title":"The Major Premieres of the 2026 Seville Flamenco Biennial","og_description":"Guide to the 20 world premieres at the 2026 Seville Flamenco Biennial: dates, artists, venues and David Coria\u2019s Spanish premiere.","og_url":"https:\/\/www.tablaosflamencos.com\/en\/major-premieres-seville-flamenco-biennial-2026.html","og_site_name":"Tablaos Flamencos","article_publisher":"https:\/\/www.facebook.com\/tablaosflamencos","article_published_time":"2026-09-01T10:18:55+00:00","article_modified_time":"2026-09-02T10:13:31+00:00","og_image":[{"width":1920,"height":1072,"url":"https:\/\/www.tablaosflamencos.com\/wp-content\/uploads\/los-grandes-estrenos-de-la-bienal-2026-01.webp","type":"image\/webp"}],"author":"Miguel Ortiz","twitter_card":"summary_large_image","twitter_creator":"@tablaosflamenco","twitter_site":"@tablaosflamenco","twitter_misc":{"Written by":"Miguel Ortiz","Est. reading time":"19 minutes"},"schema":{"@context":"https:\/\/schema.org","@graph":[{"@type":"Article","@id":"https:\/\/www.tablaosflamencos.com\/en\/major-premieres-seville-flamenco-biennial-2026.html#article","isPartOf":{"@id":"https:\/\/www.tablaosflamencos.com\/en\/major-premieres-seville-flamenco-biennial-2026.html"},"author":{"name":"Miguel Ortiz","@id":"https:\/\/www.tablaosflamencos.com\/en#\/schema\/person\/e7a9ebe14eb75a52ceabfbffb3c54f5d"},"headline":"The Major Premieres of the 2026 Seville Flamenco Biennial","datePublished":"2026-09-01T10:18:55+00:00","dateModified":"2026-09-02T10:13:31+00:00","mainEntityOfPage":{"@id":"https:\/\/www.tablaosflamencos.com\/en\/major-premieres-seville-flamenco-biennial-2026.html"},"wordCount":3758,"publisher":{"@id":"https:\/\/www.tablaosflamencos.com\/en#organization"},"image":{"@id":"https:\/\/www.tablaosflamencos.com\/en\/major-premieres-seville-flamenco-biennial-2026.html#primaryimage"},"thumbnailUrl":"https:\/\/www.tablaosflamencos.com\/wp-content\/uploads\/los-grandes-estrenos-de-la-bienal-2026-01.webp","keywords":["agenda flamenca","Bienal 2026","Bienal de Flamenco","festivales flamencos","flamenco en Sevilla","sevilla"],"articleSection":["Flamenco Biennial"],"inLanguage":"en-US"},{"@type":"WebPage","@id":"https:\/\/www.tablaosflamencos.com\/en\/major-premieres-seville-flamenco-biennial-2026.html","url":"https:\/\/www.tablaosflamencos.com\/en\/major-premieres-seville-flamenco-biennial-2026.html","name":"2026 Seville Flamenco Biennial Premieres: 20 Key Works","isPartOf":{"@id":"https:\/\/www.tablaosflamencos.com\/en#website"},"primaryImageOfPage":{"@id":"https:\/\/www.tablaosflamencos.com\/en\/major-premieres-seville-flamenco-biennial-2026.html#primaryimage"},"image":{"@id":"https:\/\/www.tablaosflamencos.com\/en\/major-premieres-seville-flamenco-biennial-2026.html#primaryimage"},"thumbnailUrl":"https:\/\/www.tablaosflamencos.com\/wp-content\/uploads\/los-grandes-estrenos-de-la-bienal-2026-01.webp","datePublished":"2026-09-01T10:18:55+00:00","dateModified":"2026-09-02T10:13:31+00:00","description":"Guide to the 20 world premieres at the 2026 Seville Flamenco Biennial: dates, artists, venues and David Coria\u2019s Spanish premiere.","breadcrumb":{"@id":"https:\/\/www.tablaosflamencos.com\/en\/major-premieres-seville-flamenco-biennial-2026.html#breadcrumb"},"inLanguage":"en-US","potentialAction":[{"@type":"ReadAction","target":["https:\/\/www.tablaosflamencos.com\/en\/major-premieres-seville-flamenco-biennial-2026.html"]}]},{"@type":"ImageObject","inLanguage":"en-US","@id":"https:\/\/www.tablaosflamencos.com\/en\/major-premieres-seville-flamenco-biennial-2026.html#primaryimage","url":"https:\/\/www.tablaosflamencos.com\/wp-content\/uploads\/los-grandes-estrenos-de-la-bienal-2026-01.webp","contentUrl":"https:\/\/www.tablaosflamencos.com\/wp-content\/uploads\/los-grandes-estrenos-de-la-bienal-2026-01.webp","width":1920,"height":1072,"caption":"Los grandes estrenos de la Bienal 2026"},{"@type":"BreadcrumbList","@id":"https:\/\/www.tablaosflamencos.com\/en\/major-premieres-seville-flamenco-biennial-2026.html#breadcrumb","itemListElement":[{"@type":"ListItem","position":1,"name":"Home","item":"https:\/\/www.tablaosflamencos.com\/en"},{"@type":"ListItem","position":2,"name":"The Major Premieres of the 2026 Seville Flamenco Biennial"}]},{"@type":"WebSite","@id":"https:\/\/www.tablaosflamencos.com\/en#website","url":"https:\/\/www.tablaosflamencos.com\/en","name":"Tablaos Flamencos","description":"Entradas para tablaos flamencos de Espa\u00f1a","publisher":{"@id":"https:\/\/www.tablaosflamencos.com\/en#organization"},"alternateName":"Tablaos Flamencos","potentialAction":[{"@type":"SearchAction","target":{"@type":"EntryPoint","urlTemplate":"https:\/\/www.tablaosflamencos.com\/en?s={search_term_string}"},"query-input":{"@type":"PropertyValueSpecification","valueRequired":true,"valueName":"search_term_string"}}],"inLanguage":"en-US"},{"@type":["Organization","Place","EntertainmentBusiness"],"@id":"https:\/\/www.tablaosflamencos.com\/en#organization","name":"Tablaos Flamencos","alternateName":"Tablaos Flamencos","url":"https:\/\/www.tablaosflamencos.com\/en","logo":{"@id":"https:\/\/www.tablaosflamencos.com\/en\/major-premieres-seville-flamenco-biennial-2026.html#local-main-organization-logo"},"image":{"@id":"https:\/\/www.tablaosflamencos.com\/en\/major-premieres-seville-flamenco-biennial-2026.html#local-main-organization-logo"},"sameAs":["https:\/\/www.facebook.com\/tablaosflamencos","https:\/\/x.com\/tablaosflamenco","https:\/\/mastodon.social\/@tablaosflamencos","https:\/\/www.instagram.com\/tablaosflamencos","https:\/\/tiktok.com\/@tablaosflamencos","https:\/\/www.linkedin.com\/company\/109408238\/"],"description":"Venta de entradas para espect\u00e1culos flamencos","legalName":"Tablaos Flamencos","foundingDate":"2015-01-01","numberOfEmployees":{"@type":"QuantitativeValue","minValue":"1","maxValue":"10"},"address":{"@id":"https:\/\/www.tablaosflamencos.com\/en\/major-premieres-seville-flamenco-biennial-2026.html#local-main-place-address"},"geo":{"@type":"GeoCoordinates","latitude":"37.3868072","longitude":"-5.993280299999999"},"telephone":["+34623787787"],"contactPoint":{"@type":"ContactPoint","telephone":"+34623787787","email":"info@tablaosflamencos.com"},"openingHoursSpecification":{"@type":"OpeningHoursSpecification","dayOfWeek":["Monday","Tuesday","Wednesday","Thursday","Friday","Saturday","Sunday"],"opens":"00:00","closes":"23:59"},"email":"info@tablaosflamencos.com","priceRange":"$$$","currenciesAccepted":"\u20ac"},{"@type":"Person","@id":"https:\/\/www.tablaosflamencos.com\/en#\/schema\/person\/e7a9ebe14eb75a52ceabfbffb3c54f5d","name":"Miguel Ortiz","description":"Miguel Ortiz es un empresario flamenco, con una s\u00f3lida trayectoria dentro del sector. Ha presidido entidades culturales vinculadas al flamenco y, cuenta con un amplio recorrido profesional en la gesti\u00f3n y promoci\u00f3n de espect\u00e1culos y tablaos flamencos. Su pasi\u00f3n por la historia y el arte flamenco se refleja en cada art\u00edculo, donde combina experiencia, criterio y un profundo respeto por la tradici\u00f3n.","sameAs":["https:\/\/www.tablaosflamencos.com","https:\/\/www.instagra.com\/miguelortizfe","https:\/\/www.linkedin.com\/in\/miguelortizf\/"],"birthDate":"1984-11-22","gender":"hombre","knowsLanguage":["espa\u00f1ol","ingl\u00e9s"],"jobTitle":"Empresario flamenco"},{"@type":"PostalAddress","@id":"https:\/\/www.tablaosflamencos.com\/en\/major-premieres-seville-flamenco-biennial-2026.html#local-main-place-address","streetAddress":"C\/ Alemanes, 19","addressLocality":"Sevilla","postalCode":"41004","addressRegion":"Sevilla","addressCountry":"ES"},{"@type":"ImageObject","inLanguage":"en-US","@id":"https:\/\/www.tablaosflamencos.com\/en\/major-premieres-seville-flamenco-biennial-2026.html#local-main-organization-logo","url":"https:\/\/www.tablaosflamencos.com\/wp-content\/uploads\/tablaos-flamencos-06-3.webp","contentUrl":"https:\/\/www.tablaosflamencos.com\/wp-content\/uploads\/tablaos-flamencos-06-3.webp","width":600,"height":620,"caption":"Tablaos Flamencos"}]},"geo.placename":"Sevilla","geo.position":{"lat":"37.3868072","long":"-5.993280299999999"},"geo.region":"Spain"},"_links":{"self":[{"href":"https:\/\/www.tablaosflamencos.com\/en\/wp-json\/wp\/v2\/posts\/14031","targetHints":{"allow":["GET"]}}],"collection":[{"href":"https:\/\/www.tablaosflamencos.com\/en\/wp-json\/wp\/v2\/posts"}],"about":[{"href":"https:\/\/www.tablaosflamencos.com\/en\/wp-json\/wp\/v2\/types\/post"}],"author":[{"embeddable":true,"href":"https:\/\/www.tablaosflamencos.com\/en\/wp-json\/wp\/v2\/users\/1"}],"replies":[{"embeddable":true,"href":"https:\/\/www.tablaosflamencos.com\/en\/wp-json\/wp\/v2\/comments?post=14031"}],"version-history":[{"count":1,"href":"https:\/\/www.tablaosflamencos.com\/en\/wp-json\/wp\/v2\/posts\/14031\/revisions"}],"predecessor-version":[{"id":14033,"href":"https:\/\/www.tablaosflamencos.com\/en\/wp-json\/wp\/v2\/posts\/14031\/revisions\/14033"}],"wp:featuredmedia":[{"embeddable":true,"href":"https:\/\/www.tablaosflamencos.com\/en\/wp-json\/wp\/v2\/media\/13846"}],"wp:attachment":[{"href":"https:\/\/www.tablaosflamencos.com\/en\/wp-json\/wp\/v2\/media?parent=14031"}],"wp:term":[{"taxonomy":"category","embeddable":true,"href":"https:\/\/www.tablaosflamencos.com\/en\/wp-json\/wp\/v2\/categories?post=14031"},{"taxonomy":"post_tag","embeddable":true,"href":"https:\/\/www.tablaosflamencos.com\/en\/wp-json\/wp\/v2\/tags?post=14031"}],"curies":[{"name":"wp","href":"https:\/\/api.w.org\/{rel}","templated":true}]}}