{"id":13864,"date":"2026-09-01T23:35:30","date_gmt":"2026-09-01T21:35:30","guid":{"rendered":"https:\/\/www.tablaosflamencos.com\/?p=13864"},"modified":"2026-09-02T00:33:44","modified_gmt":"2026-09-01T22:33:44","slug":"seville-flamenco-biennial-2026-tickets-prices-discounts","status":"publish","type":"post","link":"https:\/\/www.tablaosflamencos.com\/en\/seville-flamenco-biennial-2026-tickets-prices-discounts.html","title":{"rendered":"Seville Flamenco Biennial 2026: tickets, prices and discounts"},"content":{"rendered":"<section class=\"l-section wpb_row height_huge\"><div class=\"l-section-h i-cf\"><div class=\"g-cols vc_row via_flex valign_top type_default stacking_default\"><div class=\"vc_col-sm-6 wpb_column vc_column_container\"><div class=\"vc_column-inner\"><div class=\"wpb_wrapper\"><div class=\"wpb_text_column\"><div class=\"wpb_wrapper\"><h2>Tickets for the 2026 Flamenco Biennial: prices and how to buy them<\/h2>\n<p>The <strong>2026 Seville Flamenco Biennial<\/strong> takes place from <strong>9 September to 3 October<\/strong> and brings together dozens of performances in theatres, heritage venues and distinctive spaces across the city. If you are planning your visit, one of the most important questions is very specific: <strong>how much tickets cost, where to buy them and which discounts are still available<\/strong>.<\/p>\n<p>The answer depends on the venue and, in some cases, the seating area selected. The organisers have published prices ranging from <strong>\u20ac12<\/strong> for the Side Upper Gallery at Teatro Lope de Vega up to <strong>\u20ac75<\/strong> for the best seats for <em>Infinita<\/em>, by Sara Baras, at Teatro de la Maestranza. There are also shows with a single \u20ac30 price, tickets from \u20ac15 at Espacio Turina and seats from \u20ac25 at the bullring.<\/p>\n<\/div><\/div><\/div><\/div><\/div><div class=\"vc_col-sm-6 wpb_column vc_column_container\"><div class=\"vc_column-inner\"><div class=\"wpb_wrapper\"><div class=\"wpb_text_column\"><div class=\"wpb_wrapper\"><p style=\"text-align: center; font-size: 54px; line-height: 1; margin-bottom: 10px;\"><strong>\u20ac12<\/strong><\/p>\n<h3 style=\"text-align: center;\">Lowest published ticket price<\/h3>\n<p style=\"text-align: center; font-size: 40px; line-height: 1; margin: 25px 0 10px;\"><strong>\u20ac75<\/strong><\/p>\n<h3 style=\"text-align: center;\">Highest published price<\/h3>\n<p style=\"text-align: center; font-size: 40px; line-height: 1; margin: 25px 0 10px;\"><strong>50%<\/strong><\/p>\n<h3 style=\"text-align: center;\">Hora Joven for under-30s<\/h3>\n<\/div><\/div><\/div><\/div><\/div><\/div><\/div><\/section><section class=\"l-section wpb_row height_huge color_alternate\"><div class=\"l-section-h i-cf\"><div class=\"g-cols vc_row via_flex valign_top type_default stacking_default\"><div class=\"vc_col-sm-12 wpb_column vc_column_container\"><div class=\"vc_column-inner\"><div class=\"wpb_wrapper\"><div class=\"wpb_text_column\"><div class=\"wpb_wrapper\"><blockquote>\n<p><strong>Quick answer:<\/strong> official ticket prices for the 2026 Seville Flamenco Biennial range from <strong>\u20ac12 to \u20ac75<\/strong>, depending on the venue and seating area. The 10% and 5% advance-purchase discounts have already ended, but <strong>Hora Joven<\/strong>is still available: people under 30 can receive a <strong>50% discount<\/strong> at the box office one hour before the performance, provided seats are still available. Tickets are purchased from the official page for each performance in the Biennial programme.<\/p>\n<\/blockquote>\n<p><strong>Last updated: 1 September 2026.<\/strong> The prices listed here are those officially published by the Biennial. Ticket availability can change at any time, and some performances have already announced full houses or sold-out dates.<\/p>\n<\/div><\/div><div class=\"w-separator size_medium\"><\/div><div class=\"w-hwrapper valign_top wrap stack_on_mobiles align_center\" style=\"--hwrapper-gap:1.2rem\"><div class=\"w-btn-wrapper align_none\"><a class=\"w-btn us-btn-style_1\" href=\"https:\/\/www.tablaosflamencos.com\/en\/seville-flamenco-biennial-2026.html\"><span class=\"w-btn-label\">Complete 2026 Biennial guide<\/span><\/a><\/div><div class=\"w-btn-wrapper align_none\"><a class=\"w-btn us-btn-style_1\" href=\"https:\/\/www.tablaosflamencos.com\/en\/seville-flamenco-biennial\"><span class=\"w-btn-label\">See all our Biennial news<\/span><\/a><\/div><\/div><\/div><\/div><\/div><\/div><\/div><\/section><section class=\"l-section wpb_row height_huge\"><div class=\"l-section-h i-cf\"><div class=\"g-cols vc_row via_flex valign_top type_default stacking_default\"><div class=\"vc_col-sm-3 wpb_column vc_column_container\"><div class=\"vc_column-inner\"><div class=\"wpb_wrapper\"><\/div><\/div><\/div><div class=\"vc_col-sm-6 wpb_column vc_column_container\"><div class=\"vc_column-inner\"><div class=\"wpb_wrapper\"><div class=\"wpb_text_column\"><div class=\"wpb_wrapper\"><h2>Contents of this guide<\/h2>\n<ul>\n<li><a href=\"#como-comprar\">How to buy tickets for the 2026 Biennial<\/a><\/li>\n<li><a href=\"#precios\">Official prices by venue<\/a><\/li>\n<li><a href=\"#descuentos\">2026 Biennial discounts<\/a><\/li>\n<li><a href=\"#hora-joven\">Hora Joven: 50% off for under-30s<\/a><\/li>\n<li><a href=\"#sara-baras\">Special prices for Sara Baras<\/a><\/li>\n<li><a href=\"#taquillas\">Box-office sales and same-day tickets<\/a><\/li>\n<li><a href=\"#agotadas\">What to do if tickets are sold out<\/a><\/li>\n<li><a href=\"#gratis\">Free alternatives<\/a><\/li>\n<li><a href=\"#consejos\">Tips for buying tickets<\/a><\/li>\n<li><a href=\"#faq-entradas\">Frequently asked questions<\/a><\/li>\n<\/ul>\n<\/div><\/div><\/div><\/div><\/div><div class=\"vc_col-sm-3 wpb_column vc_column_container\"><div class=\"vc_column-inner\"><div class=\"wpb_wrapper\"><\/div><\/div><\/div><\/div><\/div><\/section><section class=\"l-section wpb_row height_huge color_alternate\"><div class=\"l-section-h i-cf\"><div class=\"g-cols vc_row via_flex valign_top type_default stacking_default\"><div class=\"vc_col-sm-6 wpb_column vc_column_container\"><div class=\"vc_column-inner\"><div class=\"wpb_wrapper\"><div class=\"wpb_text_column\"><div class=\"wpb_wrapper\"><h2 id=\"como-comprar\">How to buy tickets for the 2026 Flamenco Biennial<\/h2>\n<p>General ticket sales began on <strong>11 February 2026 at 10:00<\/strong>. The most direct way to buy is to open the Biennial&#8217;s <strong>General Programme<\/strong> and then open the page for the performance you are interested in. When tickets remain, that page includes the official <strong>\u201cBuy tickets\u201d<\/strong> option.<\/p>\n<p>You can check the <a href=\"https:\/\/www.labienal.com\/programa-general\" target=\"_blank\" rel=\"noopener\"><strong>official Biennial programme<\/strong><\/a> to see the latest availability for each performance. It is better to enter through the individual event page rather than old search-engine results, because availability can change quickly.<\/p>\n<p>The Biennial also provides a box-office email address, <strong>taquillaseulen.icas@gmail.com<\/strong>, and the phone number <strong>955 472 822<\/strong> for ticket-purchase enquiries.<\/p>\n<\/div><\/div><\/div><\/div><\/div><div class=\"vc_col-sm-6 wpb_column vc_column_container\"><div class=\"vc_column-inner\"><div class=\"wpb_wrapper\"><div class=\"wpb_text_column\"><div class=\"wpb_wrapper\"><h2>Is there a single ticketing platform for all performances?<\/h2>\n<p>In practice, the Biennial centralises access to ticket sales through its own programme. This is useful because the edition is spread across many venues: Teatro Lope de Vega, Teatro de la Maestranza, Teatro Central, Espacio Turina, Teatro Alameda, San Luis de los Franceses, Real F\u00e1brica de Artiller\u00eda, Real Alc\u00e1zar, Hotel Triana and the bullring, among others.<\/p>\n<p>Our advice is simple: <strong>always start from the official Biennial website<\/strong>. This reduces the risk of reaching an outdated listing, a resale site or a channel that does not reflect the actual remaining capacity.<\/p>\n<p>If you are comparing several days, you can first open our <a href=\"https:\/\/www.tablaosflamencos.com\/bienal-flamenco-sevilla-2026.html\"><strong>complete guide to the 2026 Seville Flamenco Biennial<\/strong><\/a> and then check ticket availability for each performance that fits your itinerary.<\/p>\n<\/div><\/div><\/div><\/div><\/div><\/div><\/div><\/section><section class=\"l-section wpb_row height_huge\"><div class=\"l-section-h i-cf\"><div class=\"g-cols vc_row via_flex valign_top type_default stacking_default\"><div class=\"vc_col-sm-12 wpb_column vc_column_container\"><div class=\"vc_column-inner\"><div class=\"wpb_wrapper\"><div class=\"wpb_text_column\"><div class=\"wpb_wrapper\"><h2 id=\"precios\">2026 Flamenco Biennial ticket prices by venue<\/h2>\n<p>Official prices are not the same at every venue. Some venues use a <strong>single price<\/strong> while others divide the auditorium into seating areas. This is the price list published by the organisers for the 24th Biennial:<\/p>\n<div style=\"overflow-x: auto;\">\n<table>\n<thead>\n<tr>\n<th>Venue<\/th>\n<th>Area \/ seat<\/th>\n<th>Price<\/th>\n<\/tr>\n<\/thead>\n<tbody>\n<tr>\n<td rowspan=\"6\"><strong>Bullring<\/strong><\/td>\n<td>Arena<\/td>\n<td>\u20ac50<\/td>\n<\/tr>\n<tr>\n<td>Barrier<\/td>\n<td>\u20ac45<\/td>\n<\/tr>\n<tr>\n<td>Tier<\/td>\n<td>\u20ac40<\/td>\n<\/tr>\n<tr>\n<td>Tier seat<\/td>\n<td>\u20ac35<\/td>\n<\/tr>\n<tr>\n<td>Box<\/td>\n<td>\u20ac30<\/td>\n<\/tr>\n<tr>\n<td>Upper stand<\/td>\n<td>\u20ac25<\/td>\n<\/tr>\n<tr>\n<td rowspan=\"2\"><strong>Espacio Turina<\/strong><\/td>\n<td>General admission<\/td>\n<td>\u20ac25<\/td>\n<\/tr>\n<tr>\n<td>Upper gallery<\/td>\n<td>\u20ac15<\/td>\n<\/tr>\n<tr>\n<td rowspan=\"11\"><strong>Teatro de la Maestranza<\/strong><\/td>\n<td>Stalls A<\/td>\n<td>\u20ac55<\/td>\n<\/tr>\n<tr>\n<td>Stalls B<\/td>\n<td>\u20ac50<\/td>\n<\/tr>\n<tr>\n<td>Balcony A<\/td>\n<td>\u20ac48<\/td>\n<\/tr>\n<tr>\n<td>Balcony B<\/td>\n<td>\u20ac45<\/td>\n<\/tr>\n<tr>\n<td>Terrace A<\/td>\n<td>\u20ac42<\/td>\n<\/tr>\n<tr>\n<td>Terrace B<\/td>\n<td>\u20ac40<\/td>\n<\/tr>\n<tr>\n<td>Terrace C<\/td>\n<td>\u20ac37<\/td>\n<\/tr>\n<tr>\n<td>Upper Gallery A<\/td>\n<td>\u20ac35<\/td>\n<\/tr>\n<tr>\n<td>Upper Gallery B<\/td>\n<td>\u20ac32<\/td>\n<\/tr>\n<tr>\n<td>Upper Gallery C<\/td>\n<td>\u20ac30<\/td>\n<\/tr>\n<tr>\n<td>Upper Gallery D<\/td>\n<td>\u20ac28<\/td>\n<\/tr>\n<tr>\n<td rowspan=\"8\"><strong>Teatro Lope de Vega<\/strong><\/td>\n<td>Stalls seat<\/td>\n<td>\u20ac35<\/td>\n<\/tr>\n<tr>\n<td>Platea<\/td>\n<td>\u20ac35<\/td>\n<\/tr>\n<tr>\n<td>Central box<\/td>\n<td>\u20ac35<\/td>\n<\/tr>\n<tr>\n<td>Side box<\/td>\n<td>\u20ac30<\/td>\n<\/tr>\n<tr>\n<td>Amphitheatre seat<\/td>\n<td>\u20ac25<\/td>\n<\/tr>\n<tr>\n<td>Amphitheatre box<\/td>\n<td>\u20ac20<\/td>\n<\/tr>\n<tr>\n<td>Central upper-gallery seat<\/td>\n<td>\u20ac15<\/td>\n<\/tr>\n<tr>\n<td>Side upper-gallery seat<\/td>\n<td>\u20ac12<\/td>\n<\/tr>\n<tr>\n<td><strong>Teatro Central<\/strong><\/td>\n<td>Published price<\/td>\n<td>\u20ac30<\/td>\n<\/tr>\n<tr>\n<td><strong>San Luis Church<\/strong><\/td>\n<td>Published price<\/td>\n<td>\u20ac30<\/td>\n<\/tr>\n<tr>\n<td><strong>Teatro Alameda<\/strong><\/td>\n<td>Published price<\/td>\n<td>\u20ac30<\/td>\n<\/tr>\n<tr>\n<td><strong>Real F\u00e1brica de Artiller\u00eda<\/strong><\/td>\n<td>Published price<\/td>\n<td>\u20ac30<\/td>\n<\/tr>\n<tr>\n<td><strong>Royal Alc\u00e1zar<\/strong><\/td>\n<td>Published price<\/td>\n<td>\u20ac30<\/td>\n<\/tr>\n<tr>\n<td><strong>Hotel Triana<\/strong><\/td>\n<td>Published price<\/td>\n<td>\u20ac30<\/td>\n<\/tr>\n<\/tbody>\n<\/table>\n<\/div>\n<p>&nbsp;<\/p>\n<p>Therefore, for many performances it is reasonable to budget <strong>\u20ac25 to \u20ac35 per performance<\/strong>, although seats at the Maestranza and certain special events can cost more. The Lope de Vega offers the lowest published ticket price, with seats from \u20ac12.<\/p>\n<\/div><\/div><\/div><\/div><\/div><\/div><\/div><\/section><section class=\"l-section wpb_row height_huge color_alternate\"><div class=\"l-section-h i-cf\"><div class=\"g-cols vc_row via_flex valign_top type_default stacking_default\"><div class=\"vc_col-sm-6 wpb_column vc_column_container\"><div class=\"vc_column-inner\"><div class=\"wpb_wrapper\"><div class=\"wpb_text_column\"><div class=\"wpb_wrapper\"><h2 id=\"descuentos\">Discounts for the 2026 Flamenco Biennial<\/h2>\n<p>The Biennial offered two advance-purchase discount periods when sales opened:<\/p>\n<ul>\n<li><strong>10% discount<\/strong> for tickets purchased between 11 February and 10 March 2026.<\/li>\n<li><strong>5% discount<\/strong> for purchases made between 11 March and 11 April 2026.<\/li>\n<\/ul>\n<p>As of this update, <strong>1 September 2026, both discounts have ended<\/strong>. This is worth clarifying because older pages or search results may still mention the promotion without making clear that it was available only during a limited period.<\/p>\n<p>The official information also notes one exception: the advance discounts <strong>did not apply to the second and third performances of <em>Infinita<\/em>, by Sara Baras<\/strong>.<\/p>\n<\/div><\/div><\/div><\/div><\/div><div class=\"vc_col-sm-6 wpb_column vc_column_container\"><div class=\"vc_column-inner\"><div class=\"wpb_wrapper\"><div class=\"wpb_text_column\"><div class=\"wpb_wrapper\"><h2 id=\"hora-joven\">Hora Joven: 50% off for under-30s<\/h2>\n<p>The most attractive discount for anyone who has not yet bought a ticket is <strong>Hora Joven<\/strong>. People <strong>under 30<\/strong> can receive a <strong>50% discount<\/strong> when buying at the box office <strong>one hour before the performance<\/strong>.<\/p>\n<p>There is one crucial condition: <strong>it only applies if tickets are still available<\/strong>. It is therefore not a good option if you are travelling specifically to Seville for a particular performance or if the show is in high demand.<\/p>\n<p>It can be an excellent opportunity for residents, flexible visitors or fans willing to decide at the last minute. For a highly anticipated premiere, a Noche \u00danica or a small-capacity venue, waiting for Hora Joven means accepting the risk of missing out.<\/p>\n<\/div><\/div><\/div><\/div><\/div><\/div><\/div><\/section><section class=\"l-section wpb_row height_huge\"><div class=\"l-section-h i-cf\"><div class=\"g-cols vc_row via_flex valign_top type_default stacking_default\"><div class=\"vc_col-sm-6 wpb_column vc_column_container\"><div class=\"vc_column-inner\"><div class=\"wpb_wrapper\"><div class=\"wpb_text_column\"><div class=\"wpb_wrapper\"><h2 id=\"sara-baras\">How much are Sara Baras tickets at the 2026 Biennial?<\/h2>\n<p><em>Infinita<\/em>, the return of <strong>Sara Baras<\/strong> to the Biennial, has its own price scale at Teatro de la Maestranza and includes the most expensive published seats of this edition:<\/p>\n<ul>\n<li>Stalls A and Stalls B: <strong>\u20ac75<\/strong><\/li>\n<li>Balcony A and B: <strong>\u20ac70<\/strong><\/li>\n<li>Terrace A and B: <strong>\u20ac65<\/strong><\/li>\n<li>Terrace C: <strong>\u20ac58<\/strong><\/li>\n<li>Upper Gallery A: <strong>\u20ac54<\/strong><\/li>\n<li>Upper Gallery B: <strong>\u20ac48<\/strong><\/li>\n<li>Upper Gallery C: <strong>\u20ac46<\/strong><\/li>\n<li>Upper Gallery D: <strong>\u20ac42<\/strong><\/li>\n<\/ul>\n<\/div><\/div><\/div><\/div><\/div><div class=\"vc_col-sm-6 wpb_column vc_column_container\"><div class=\"vc_column-inner\"><div class=\"wpb_wrapper\"><div class=\"wpb_text_column\"><div class=\"wpb_wrapper\"><h2>Why are Sara Baras tickets priced differently?<\/h2>\n<p>The published price for <em>Infinita<\/em> is higher than the Maestranza&#8217;s general price table. For the theatre&#8217;s other performances, the official range is <strong>\u20ac28 to \u20ac55<\/strong>, while Sara Baras is priced between <strong>\u20ac42 and \u20ac75<\/strong>.<\/p>\n<p>This makes <em>Infinita<\/em> a clear exception within the Biennial&#8217;s pricing policy. If budget is a priority, compare the location and visibility of the different seating areas before choosing.<\/p>\n<p>You can also read our dedicated article about <a href=\"https:\/\/www.tablaosflamencos.com\/sara-baras-sevilla-2026-infinita-bienal.html\"><strong>Sara Baras in Seville 2026: <em>Infinita<\/em> and her return to the Biennial<\/strong><\/a> for more information about the show.<\/p>\n<\/div><\/div><\/div><\/div><\/div><\/div><\/div><\/section><section class=\"l-section wpb_row height_huge color_alternate\"><div class=\"l-section-h i-cf\"><div class=\"g-cols vc_row via_flex valign_top type_default stacking_default\"><div class=\"vc_col-sm-6 wpb_column vc_column_container\"><div class=\"vc_column-inner\"><div class=\"wpb_wrapper\"><div class=\"wpb_text_column\"><div class=\"wpb_wrapper\"><h2 id=\"taquillas\">Box-office sales and same-day tickets<\/h2>\n<p>The organisers allow tickets to be purchased <strong>at the venue one hour before the performance<\/strong>, provided seats are still available. This last-minute option can be useful for performances with remaining availability or for visitors already in Seville who can be flexible.<\/p>\n<p>The central box office at the <strong>Real F\u00e1brica de Artiller\u00eda<\/strong> has, according to the published information, general opening hours Monday to Friday from <strong>10:00 to 14:00 and 17:00 to 20:00<\/strong>, and is closed at weekends and on public holidays.<\/p>\n<p>During Holy Week, the Feria and summer, the stated hours are Monday to Friday from <strong>09:00 to 14:00<\/strong>. Before making a special trip, it is advisable to confirm that these hours are still in force.<\/p>\n<\/div><\/div><\/div><\/div><\/div><div class=\"vc_col-sm-6 wpb_column vc_column_container\"><div class=\"vc_column-inner\"><div class=\"wpb_wrapper\"><div class=\"wpb_text_column\"><div class=\"wpb_wrapper\"><h2>Is it a good idea to wait until the last minute?<\/h2>\n<p>It depends on the performance. The 2026 edition reaches September with several dates already announced as <strong>sold out<\/strong>. Venues such as San Luis de los Franceses or the Real F\u00e1brica de Artiller\u00eda have a smaller capacity than the major theatres, so certain productions can sell out much earlier.<\/p>\n<p>If you have a very specific artistic priority, the safest strategy is to buy as soon as you find availability. If you simply want to experience the Biennial without one must-see performance, last-minute purchasing gives you more flexibility to take advantage of released seats or Hora Joven.<\/p>\n<\/div><\/div><\/div><\/div><\/div><\/div><\/div><\/section><section class=\"l-section wpb_row height_huge\"><div class=\"l-section-h i-cf\"><div class=\"g-cols vc_row via_flex valign_top type_default stacking_default\"><div class=\"vc_col-sm-12 wpb_column vc_column_container\"><div class=\"vc_column-inner\"><div class=\"wpb_wrapper\"><div class=\"wpb_text_column\"><div class=\"wpb_wrapper\"><h2 id=\"agotadas\">What to do if the performance you want is sold out<\/h2>\n<p>A full performance does not mean your Biennial experience is over. The 2026 edition runs for almost a month and spreads its programme across many venues, times and formats.<\/p>\n<p>The first step is to check the <strong>official page for the specific date<\/strong>. Do not assume a show is sold out just because an earlier date was. Some productions have two or more performances and availability can differ from one date to another.<\/p>\n<p>If there really are no tickets left, we recommend our guide <a href=\"https:\/\/www.tablaosflamencos.com\/bienal-flamenco-2026-entradas-agotadas-que-ver.html\"><strong>2026 Flamenco Biennial: sold-out tickets and what to see if you cannot find seats<\/strong><\/a>. We have also prepared a specific guide for anyone looking for an immediate alternative: <a href=\"https:\/\/www.tablaosflamencos.com\/bienal-agotada-donde-ver-flamenco-hoy-sevilla.html\"><strong>Biennial sold out: where to see flamenco in Seville today<\/strong><\/a>.<\/p>\n<\/div><\/div><div class=\"w-separator size_medium\"><\/div><div class=\"w-hwrapper valign_top wrap stack_on_mobiles align_center\" style=\"--hwrapper-gap:1.2rem\"><div class=\"w-btn-wrapper align_none\"><a class=\"w-btn us-btn-style_1\" href=\"https:\/\/www.tablaosflamencos.com\/en\/seville-flamenco-biennial-2026-sold-out-tickets-what-to-see.html\"><span class=\"w-btn-label\">What to do if tickets are sold out<\/span><\/a><\/div><div class=\"w-btn-wrapper align_none\"><a class=\"w-btn us-btn-style_1\" href=\"https:\/\/www.tablaosflamencos.com\/en\/flamenco-in-seville\"><span class=\"w-btn-label\">See flamenco in Seville<\/span><\/a><\/div><\/div><\/div><\/div><\/div><\/div><\/div><\/section><section class=\"l-section wpb_row height_huge color_alternate\"><div class=\"l-section-h i-cf\"><div class=\"g-cols vc_row via_flex valign_top type_default stacking_default\"><div class=\"vc_col-sm-6 wpb_column vc_column_container\"><div class=\"vc_column-inner\"><div class=\"wpb_wrapper\"><div class=\"wpb_text_column\"><div class=\"wpb_wrapper\"><h2 id=\"gratis\">Are there free shows and activities at the 2026 Biennial?<\/h2>\n<p>Yes. The Biennial itself confirms that the 2026 edition includes <strong>free activities<\/strong> as part of its parallel programme. This makes it possible to take part in the festival atmosphere without buying a ticket for every day.<\/p>\n<p>Exhibitions, cultural events, meetings and other activities can complement a paid performance very well. For visitors spending several days in Seville, combining \u20ac25 or \u20ac30 shows with free activities also helps keep the overall trip budget under control.<\/p>\n<p>See our guide <a href=\"https:\/\/www.tablaosflamencos.com\/bienal-flamenco-sevilla-2026-gratis.html\"><strong>2026 Seville Flamenco Biennial for free: free shows and activities<\/strong><\/a> to explore the options we have been compiling.<\/p>\n<\/div><\/div><\/div><\/div><\/div><div class=\"vc_col-sm-6 wpb_column vc_column_container\"><div class=\"vc_column-inner\"><div class=\"wpb_wrapper\"><div class=\"wpb_text_column\"><div class=\"wpb_wrapper\"><h2>How much can a day at the Biennial cost?<\/h2>\n<p>A day can vary greatly depending on your plans. With a \u20ac15 or \u20ac20 seat at the Lope de Vega or Espacio Turina plus a free activity, it is possible to experience the festival on a modest budget. A single-price ticket at many venues costs <strong>\u20ac30<\/strong>.<\/p>\n<p>If you want to combine two paid performances on the same day, a typical budget may be around <strong>\u20ac50 to \u20ac70<\/strong>, depending on the venues. At the upper end, a premium seat for Sara Baras costs \u20ac75 before adding any other performance that day.<\/p>\n<p>That is why we recommend choosing one or two truly essential shows first, then completing your itinerary with more affordable, free or other flamenco options elsewhere in Seville.<\/p>\n<\/div><\/div><\/div><\/div><\/div><\/div><\/div><\/section><section class=\"l-section wpb_row height_huge\"><div class=\"l-section-h i-cf\"><div class=\"g-cols vc_row via_flex valign_top type_default stacking_default\"><div class=\"vc_col-sm-12 wpb_column vc_column_container\"><div class=\"vc_column-inner\"><div class=\"wpb_wrapper\"><div class=\"wpb_text_column\"><div class=\"wpb_wrapper\"><h2 id=\"consejos\" style=\"text-align: center;\">Tips for buying 2026 Biennial tickets<\/h2>\n<ul>\n<li><strong>Buy the must-see shows first.<\/strong> If you are travelling to see a particular artist, do not wait until the date is close.<\/li>\n<li><strong>Compare seating areas, not just prices.<\/strong> At the Maestranza and Lope de Vega there are significant differences between seating areas.<\/li>\n<li><strong>Check each date separately.<\/strong> A show may be sold out on one day but still have tickets for another performance.<\/li>\n<li><strong>If you are under 30, consider Hora Joven.<\/strong> The 50% saving is substantial, but you have to accept the risk that no tickets may remain.<\/li>\n<li><strong>Do not count on the advance discounts now.<\/strong> The 10% and 5% promotions ended in March and April.<\/li>\n<li><strong>Use the official sales channel.<\/strong> Open each performance page from the Biennial programme.<\/li>\n<li><strong>Combine paid and free activities.<\/strong> The parallel programme lets you build festival days for very different budgets.<\/li>\n<li><strong>Have a plan B.<\/strong> Seville has daily flamenco options beyond the official Biennial programme.<\/li>\n<\/ul>\n<\/div><\/div><\/div><\/div><\/div><\/div><\/div><\/section><section class=\"l-section wpb_row height_huge color_alternate\"><div class=\"l-section-h i-cf\"><div class=\"g-cols vc_row via_flex valign_top type_default stacking_default\"><div class=\"vc_col-sm-12 wpb_column vc_column_container\"><div class=\"vc_column-inner\"><div class=\"wpb_wrapper\"><div class=\"wpb_text_column\"><div class=\"wpb_wrapper\"><h2 style=\"text-align: center;\">A Biennial with very different prices depending on the experience<\/h2>\n<p style=\"text-align: center;\">The 2026 Biennial makes it possible to create very different experiences. Some areas can be accessed for \u20ac12 or \u20ac15, many performances cost \u20ac30, and major productions at the Maestranza are priced higher.<\/p>\n<p style=\"text-align: center;\">At this stage of the calendar, the key is no longer to wait for another advance-discount campaign, but to <strong>compare performances, watch availability and use Hora Joven if you meet the requirements<\/strong>.<\/p>\n<p style=\"text-align: center;\">And if one performance sells out, do not base your entire visit on a single ticket: the Biennial fills the city for weeks and Seville offers many other ways to keep enjoying flamenco.<\/p>\n<\/div><\/div><div class=\"w-separator size_medium\"><\/div><div class=\"w-hwrapper valign_top wrap stack_on_mobiles align_center\" style=\"--hwrapper-gap:1.2rem\"><div class=\"w-btn-wrapper align_none\"><a class=\"w-btn us-btn-style_1\" href=\"https:\/\/www.tablaosflamencos.com\/en\/seville-flamenco-biennial\"><span class=\"w-btn-label\">See the Biennial landing page<\/span><\/a><\/div><div class=\"w-btn-wrapper align_none\"><a class=\"w-btn us-btn-style_1\" href=\"https:\/\/www.tablaosflamencos.com\/en\/seville-flamenco-biennial-2026-free.html\"><span class=\"w-btn-label\">Free activities at the 2026 Biennial<\/span><\/a><\/div><\/div><\/div><\/div><\/div><\/div><\/div><\/section><section class=\"l-section wpb_row height_huge with_shape\"><div class=\"l-section-shape type_zigzag pos_bottom\" style=\"height:3vmin;\"><svg xmlns=\"http:\/\/www.w3.org\/2000\/svg\" viewBox=\"0 0 64 8\" preserveAspectRatio=\"none\" width=\"100%\" height=\"100%\">\r\n\t<path fill=\"currentColor\" d=\"M64 8 L0 8 L0 0 L20 7.9 L40 3 L48 5 L64 0 Z\"\/>\r\n<\/svg><\/div><div class=\"l-section-h i-cf\"><div class=\"g-cols vc_row via_flex valign_top type_default stacking_default\"><div class=\"vc_col-sm-1\/5 wpb_column vc_column_container\"><div class=\"vc_column-inner\"><div class=\"wpb_wrapper\"><\/div><\/div><\/div><div class=\"vc_col-sm-3\/5 wpb_column vc_column_container\"><div class=\"vc_column-inner\"><div class=\"wpb_wrapper\"><div class=\"wpb_text_column\"><div class=\"wpb_wrapper\"><h2 id=\"faq-entradas\" style=\"text-align: center;\">Frequently asked questions about 2026 Biennial tickets, prices and discounts<\/h2>\n<\/div><\/div><div class=\"w-separator size_medium\"><\/div><div class=\"w-tabs accordion toggle_style_1 has_scrolling\" style=\"--sections-title-size:inherit;--sections-gap:0.5rem;\"><div class=\"w-tabs-sections titles-align_none icon_chevron cpos_right\"><div class=\"w-tabs-section\" id=\"rf00\"><button type=\"button\" class=\"w-tabs-section-header\" aria-controls=\"content-rf00\" aria-expanded=\"false\"><div class=\"w-tabs-section-title\">How much are tickets for the 2026 Seville Flamenco Biennial?<\/div><div class=\"w-tabs-section-control\"><\/div><\/button><div  class=\"w-tabs-section-content\" id=\"content-rf00\"><div class=\"w-tabs-section-content-h i-cf\"><div class=\"wpb_text_column\"><div class=\"wpb_wrapper\"><p>Published prices range from <strong>\u20ac12 to \u20ac75<\/strong>. The \u20ac12 ticket is for the Side Upper Gallery at Teatro Lope de Vega, while the \u20ac75 price applies to Stalls seats for <em>Infinita<\/em>, by Sara Baras, at Teatro de la Maestranza.<\/p>\n<\/div><\/div><\/div><\/div><\/div><div class=\"w-tabs-section\" id=\"i02a\"><button type=\"button\" class=\"w-tabs-section-header\" aria-controls=\"content-i02a\" aria-expanded=\"false\"><div class=\"w-tabs-section-title\">Where can I buy tickets for the 2026 Biennial?<\/div><div class=\"w-tabs-section-control\"><\/div><\/button><div  class=\"w-tabs-section-content\" id=\"content-i02a\"><div class=\"w-tabs-section-content-h i-cf\"><div class=\"wpb_text_column\"><div class=\"wpb_wrapper\"><p>Tickets are purchased from the <strong>official page for each performance<\/strong> within the Biennial&#8217;s General Programme. When tickets remain, the page provides access to the corresponding official sales channel.<\/p>\n<\/div><\/div><\/div><\/div><\/div><div class=\"w-tabs-section\" id=\"z12e\"><button type=\"button\" class=\"w-tabs-section-header\" aria-controls=\"content-z12e\" aria-expanded=\"false\"><div class=\"w-tabs-section-title\">Is the 10% advance-purchase discount still available?<\/div><div class=\"w-tabs-section-control\"><\/div><\/button><div  class=\"w-tabs-section-content\" id=\"content-z12e\"><div class=\"w-tabs-section-content-h i-cf\"><div class=\"wpb_text_column\"><div class=\"wpb_wrapper\"><p>No. The 10% discount ran from 11 February to 10 March 2026. It was followed by a 5% discount from 11 March to 11 April. Both periods have now ended.<\/p>\n<\/div><\/div><\/div><\/div><\/div><div class=\"w-tabs-section\" id=\"w229\"><button type=\"button\" class=\"w-tabs-section-header\" aria-controls=\"content-w229\" aria-expanded=\"false\"><div class=\"w-tabs-section-title\">What is the Biennial&#8217;s Hora Joven?<\/div><div class=\"w-tabs-section-control\"><\/div><\/button><div  class=\"w-tabs-section-content\" id=\"content-w229\"><div class=\"w-tabs-section-content-h i-cf\"><div class=\"wpb_text_column\"><div class=\"wpb_wrapper\"><p>It is a <strong>50% discount<\/strong> for people under 30 who buy at the box office one hour before the performance, provided tickets are still available.<\/p>\n<\/div><\/div><\/div><\/div><\/div><div class=\"w-tabs-section\" id=\"o30f\"><button type=\"button\" class=\"w-tabs-section-header\" aria-controls=\"content-o30f\" aria-expanded=\"false\"><div class=\"w-tabs-section-title\">Can I buy a ticket on the day of the performance?<\/div><div class=\"w-tabs-section-control\"><\/div><\/button><div  class=\"w-tabs-section-content\" id=\"content-o30f\"><div class=\"w-tabs-section-content-h i-cf\"><div class=\"wpb_text_column\"><div class=\"wpb_wrapper\"><p>Yes. The Biennial states that tickets can be purchased one hour beforehand at the venue where the performance takes place, <strong>provided tickets are still available<\/strong>.<\/p>\n<\/div><\/div><\/div><\/div><\/div><div class=\"w-tabs-section\" id=\"g3f1\"><button type=\"button\" class=\"w-tabs-section-header\" aria-controls=\"content-g3f1\" aria-expanded=\"false\"><div class=\"w-tabs-section-title\">How much are Sara Baras tickets?<\/div><div class=\"w-tabs-section-control\"><\/div><\/button><div  class=\"w-tabs-section-content\" id=\"content-g3f1\"><div class=\"w-tabs-section-content-h i-cf\"><div class=\"wpb_text_column\"><div class=\"wpb_wrapper\"><p>For <em>Infinita<\/em>, by Sara Baras, published prices at Teatro de la Maestranza range from <strong>\u20ac42 to \u20ac75<\/strong>, depending on the seating area.<\/p>\n<\/div><\/div><\/div><\/div><\/div><div class=\"w-tabs-section\" id=\"y4dc\"><button type=\"button\" class=\"w-tabs-section-header\" aria-controls=\"content-y4dc\" aria-expanded=\"false\"><div class=\"w-tabs-section-title\">Are there \u20ac30 tickets for the Biennial?<\/div><div class=\"w-tabs-section-control\"><\/div><\/button><div  class=\"w-tabs-section-content\" id=\"content-y4dc\"><div class=\"w-tabs-section-content-h i-cf\"><div class=\"wpb_text_column\"><div class=\"wpb_wrapper\"><p>Yes. Teatro Central, San Luis Church, Teatro Alameda, Real F\u00e1brica de Artiller\u00eda, the Royal Alc\u00e1zar and Hotel Triana are listed with a <strong>published price of \u20ac30<\/strong> for their Biennial performances.<\/p>\n<\/div><\/div><\/div><\/div><\/div><div class=\"w-tabs-section\" id=\"m5b7\"><button type=\"button\" class=\"w-tabs-section-header\" aria-controls=\"content-m5b7\" aria-expanded=\"false\"><div class=\"w-tabs-section-title\">Are there free activities at the 2026 Biennial?<\/div><div class=\"w-tabs-section-control\"><\/div><\/button><div  class=\"w-tabs-section-content\" id=\"content-m5b7\"><div class=\"w-tabs-section-content-h i-cf\"><div class=\"wpb_text_column\"><div class=\"wpb_wrapper\"><p>Yes. The Biennial includes free activities as part of its parallel programme. Availability and dates should be checked in the latest programme.<\/p>\n<\/div><\/div><\/div><\/div><\/div><div class=\"w-tabs-section\" id=\"w69b\"><button type=\"button\" class=\"w-tabs-section-header\" aria-controls=\"content-w69b\" aria-expanded=\"false\"><div class=\"w-tabs-section-title\">What should I do if the tickets I want are sold out?<\/div><div class=\"w-tabs-section-control\"><\/div><\/button><div  class=\"w-tabs-section-content\" id=\"content-w69b\"><div class=\"w-tabs-section-content-h i-cf\"><div class=\"wpb_text_column\"><div class=\"wpb_wrapper\"><p>First check other dates for the same show. If there is no availability, look for other Biennial performances, free activities or flamenco shows in Seville. At Tablaos Flamencos we maintain dedicated guides with alternatives for sold-out performances.<\/p>\n<\/div><\/div><\/div><\/div><\/div><div class=\"w-tabs-section\" id=\"k769\"><button type=\"button\" class=\"w-tabs-section-header\" aria-controls=\"content-k769\" aria-expanded=\"false\"><div class=\"w-tabs-section-title\">Can I apply a theatre&#8217;s usual discounts to Biennial tickets?<\/div><div class=\"w-tabs-section-control\"><\/div><\/button><div  class=\"w-tabs-section-content\" id=\"content-k769\"><div class=\"w-tabs-section-content-h i-cf\"><div class=\"wpb_text_column\"><div class=\"wpb_wrapper\"><p>Do not assume so. The Biennial&#8217;s specific sales information sets out its own conditions and discounts. Before buying, always check the conditions for the individual performance or contact the box office.<\/p>\n<\/div><\/div><\/div><\/div><\/div><\/div><\/div><\/div><\/div><\/div><div class=\"vc_col-sm-1\/5 wpb_column vc_column_container\"><div class=\"vc_column-inner\"><div class=\"wpb_wrapper\"><\/div><\/div><\/div><\/div><\/div><\/section>\n","protected":false},"excerpt":{"rendered":"<p>Updated guide to buying tickets for the 2026 Seville Flamenco Biennial: venue prices, discounts, Hora Joven, box offices and what to do if tickets sell out.<\/p>\n","protected":false},"author":1,"featured_media":13857,"comment_status":"closed","ping_status":"closed","sticky":false,"template":"","format":"standard","meta":{"_acf_changed":false,"wpai_generated_summary":"","_ayudawp_aiss_exclude":false,"_ayudawp_aiss_exclude_summary":false,"_ayudawp_aiss_summary":"","_ayudawp_aiss_summary_provider":"","_ayudawp_aiss_summary_hash":"","footnotes":""},"categories":[1427],"tags":[1232,1233,1234,1235,1144,1831,1236],"class_list":["post-13864","post","type-post","status-publish","format-standard","has-post-thumbnail","hentry","category-flamenco-biennial","tag-agenda-flamenca","tag-bienal-2026","tag-bienal-de-flamenco","tag-festivales-flamencos","tag-flamenco-en-sevilla","tag-flamenco-tickets","tag-sevilla"],"acf":[],"yoast_head":"<!-- This site is optimized with the Yoast SEO Premium plugin v28.4 (Yoast SEO v28.4) - https:\/\/yoast.com\/product\/yoast-seo-premium-wordpress\/ -->\n<title>Seville Flamenco Biennial 2026 tickets: prices and discounts<\/title>\n<meta name=\"description\" content=\"2026 Seville Flamenco Biennial prices and discounts: tickets from \u20ac12, 50% Hora Joven, box offices, online booking and venue-by-venue prices.\" \/>\n<meta name=\"robots\" content=\"index, follow, max-snippet:-1, max-image-preview:large, max-video-preview:-1\" \/>\n<link rel=\"canonical\" href=\"https:\/\/www.tablaosflamencos.com\/en\/seville-flamenco-biennial-2026-tickets-prices-discounts.html\" \/>\n<meta property=\"og:locale\" content=\"en_US\" \/>\n<meta property=\"og:type\" content=\"article\" \/>\n<meta property=\"og:title\" content=\"Seville Flamenco Biennial 2026: tickets, prices and discounts\" \/>\n<meta property=\"og:description\" content=\"2026 Seville Flamenco Biennial prices and discounts: tickets from \u20ac12, 50% Hora Joven, box offices, online booking and venue-by-venue prices.\" \/>\n<meta property=\"og:url\" content=\"https:\/\/www.tablaosflamencos.com\/en\/seville-flamenco-biennial-2026-tickets-prices-discounts.html\" \/>\n<meta property=\"og:site_name\" content=\"Tablaos Flamencos\" \/>\n<meta property=\"article:publisher\" content=\"https:\/\/www.facebook.com\/tablaosflamencos\" \/>\n<meta property=\"article:published_time\" content=\"2026-09-01T21:35:30+00:00\" \/>\n<meta property=\"article:modified_time\" content=\"2026-09-01T22:33:44+00:00\" \/>\n<meta property=\"og:image\" content=\"https:\/\/www.tablaosflamencos.com\/wp-content\/uploads\/bienal-de-flamenco-2026-entradas-precios-y-descuentos-01.webp\" \/>\n\t<meta property=\"og:image:width\" content=\"1672\" \/>\n\t<meta property=\"og:image:height\" content=\"941\" \/>\n\t<meta property=\"og:image:type\" content=\"image\/webp\" \/>\n<meta name=\"author\" content=\"Miguel Ortiz\" \/>\n<meta name=\"twitter:card\" content=\"summary_large_image\" \/>\n<meta name=\"twitter:creator\" content=\"@tablaosflamenco\" \/>\n<meta name=\"twitter:site\" content=\"@tablaosflamenco\" \/>\n<meta name=\"twitter:label1\" content=\"Written by\" \/>\n\t<meta name=\"twitter:data1\" content=\"Miguel Ortiz\" \/>\n\t<meta name=\"twitter:label2\" content=\"Est. reading time\" \/>\n\t<meta name=\"twitter:data2\" content=\"15 minutes\" \/>\n<script type=\"application\/ld+json\" class=\"yoast-schema-graph\">{\"@context\":\"https:\\\/\\\/schema.org\",\"@graph\":[{\"@type\":\"Article\",\"@id\":\"https:\\\/\\\/www.tablaosflamencos.com\\\/en\\\/seville-flamenco-biennial-2026-tickets-prices-discounts.html#article\",\"isPartOf\":{\"@id\":\"https:\\\/\\\/www.tablaosflamencos.com\\\/en\\\/seville-flamenco-biennial-2026-tickets-prices-discounts.html\"},\"author\":{\"name\":\"Miguel Ortiz\",\"@id\":\"https:\\\/\\\/www.tablaosflamencos.com\\\/en#\\\/schema\\\/person\\\/e7a9ebe14eb75a52ceabfbffb3c54f5d\"},\"headline\":\"Seville Flamenco Biennial 2026: tickets, prices and discounts\",\"datePublished\":\"2026-09-01T21:35:30+00:00\",\"dateModified\":\"2026-09-01T22:33:44+00:00\",\"mainEntityOfPage\":{\"@id\":\"https:\\\/\\\/www.tablaosflamencos.com\\\/en\\\/seville-flamenco-biennial-2026-tickets-prices-discounts.html\"},\"wordCount\":2956,\"publisher\":{\"@id\":\"https:\\\/\\\/www.tablaosflamencos.com\\\/en#organization\"},\"image\":{\"@id\":\"https:\\\/\\\/www.tablaosflamencos.com\\\/en\\\/seville-flamenco-biennial-2026-tickets-prices-discounts.html#primaryimage\"},\"thumbnailUrl\":\"https:\\\/\\\/www.tablaosflamencos.com\\\/wp-content\\\/uploads\\\/bienal-de-flamenco-2026-entradas-precios-y-descuentos-01.webp\",\"keywords\":[\"agenda flamenca\",\"Bienal 2026\",\"Bienal de Flamenco\",\"festivales flamencos\",\"flamenco en Sevilla\",\"Flamenco tickets\",\"sevilla\"],\"articleSection\":[\"Flamenco Biennial\"],\"inLanguage\":\"en-US\"},{\"@type\":\"WebPage\",\"@id\":\"https:\\\/\\\/www.tablaosflamencos.com\\\/en\\\/seville-flamenco-biennial-2026-tickets-prices-discounts.html\",\"url\":\"https:\\\/\\\/www.tablaosflamencos.com\\\/en\\\/seville-flamenco-biennial-2026-tickets-prices-discounts.html\",\"name\":\"Seville Flamenco Biennial 2026 tickets: prices and discounts\",\"isPartOf\":{\"@id\":\"https:\\\/\\\/www.tablaosflamencos.com\\\/en#website\"},\"primaryImageOfPage\":{\"@id\":\"https:\\\/\\\/www.tablaosflamencos.com\\\/en\\\/seville-flamenco-biennial-2026-tickets-prices-discounts.html#primaryimage\"},\"image\":{\"@id\":\"https:\\\/\\\/www.tablaosflamencos.com\\\/en\\\/seville-flamenco-biennial-2026-tickets-prices-discounts.html#primaryimage\"},\"thumbnailUrl\":\"https:\\\/\\\/www.tablaosflamencos.com\\\/wp-content\\\/uploads\\\/bienal-de-flamenco-2026-entradas-precios-y-descuentos-01.webp\",\"datePublished\":\"2026-09-01T21:35:30+00:00\",\"dateModified\":\"2026-09-01T22:33:44+00:00\",\"description\":\"2026 Seville Flamenco Biennial prices and discounts: tickets from \u20ac12, 50% Hora Joven, box offices, online booking and venue-by-venue prices.\",\"breadcrumb\":{\"@id\":\"https:\\\/\\\/www.tablaosflamencos.com\\\/en\\\/seville-flamenco-biennial-2026-tickets-prices-discounts.html#breadcrumb\"},\"inLanguage\":\"en-US\",\"potentialAction\":[{\"@type\":\"ReadAction\",\"target\":[\"https:\\\/\\\/www.tablaosflamencos.com\\\/en\\\/seville-flamenco-biennial-2026-tickets-prices-discounts.html\"]}]},{\"@type\":\"ImageObject\",\"inLanguage\":\"en-US\",\"@id\":\"https:\\\/\\\/www.tablaosflamencos.com\\\/en\\\/seville-flamenco-biennial-2026-tickets-prices-discounts.html#primaryimage\",\"url\":\"https:\\\/\\\/www.tablaosflamencos.com\\\/wp-content\\\/uploads\\\/bienal-de-flamenco-2026-entradas-precios-y-descuentos-01.webp\",\"contentUrl\":\"https:\\\/\\\/www.tablaosflamencos.com\\\/wp-content\\\/uploads\\\/bienal-de-flamenco-2026-entradas-precios-y-descuentos-01.webp\",\"width\":1672,\"height\":941,\"caption\":\"Bienal de Flamenco 2026: entradas, precios y descuentos\"},{\"@type\":\"BreadcrumbList\",\"@id\":\"https:\\\/\\\/www.tablaosflamencos.com\\\/en\\\/seville-flamenco-biennial-2026-tickets-prices-discounts.html#breadcrumb\",\"itemListElement\":[{\"@type\":\"ListItem\",\"position\":1,\"name\":\"Home\",\"item\":\"https:\\\/\\\/www.tablaosflamencos.com\\\/en\"},{\"@type\":\"ListItem\",\"position\":2,\"name\":\"Seville Flamenco Biennial 2026: tickets, prices and discounts\"}]},{\"@type\":\"WebSite\",\"@id\":\"https:\\\/\\\/www.tablaosflamencos.com\\\/en#website\",\"url\":\"https:\\\/\\\/www.tablaosflamencos.com\\\/en\",\"name\":\"Tablaos Flamencos\",\"description\":\"Entradas para tablaos flamencos de Espa\u00f1a\",\"publisher\":{\"@id\":\"https:\\\/\\\/www.tablaosflamencos.com\\\/en#organization\"},\"alternateName\":\"Tablaos Flamencos\",\"potentialAction\":[{\"@type\":\"SearchAction\",\"target\":{\"@type\":\"EntryPoint\",\"urlTemplate\":\"https:\\\/\\\/www.tablaosflamencos.com\\\/en?s={search_term_string}\"},\"query-input\":{\"@type\":\"PropertyValueSpecification\",\"valueRequired\":true,\"valueName\":\"search_term_string\"}}],\"inLanguage\":\"en-US\"},{\"@type\":[\"Organization\",\"Place\",\"EntertainmentBusiness\"],\"@id\":\"https:\\\/\\\/www.tablaosflamencos.com\\\/en#organization\",\"name\":\"Tablaos Flamencos\",\"alternateName\":\"Tablaos Flamencos\",\"url\":\"https:\\\/\\\/www.tablaosflamencos.com\\\/en\",\"logo\":{\"@id\":\"https:\\\/\\\/www.tablaosflamencos.com\\\/en\\\/seville-flamenco-biennial-2026-tickets-prices-discounts.html#local-main-organization-logo\"},\"image\":{\"@id\":\"https:\\\/\\\/www.tablaosflamencos.com\\\/en\\\/seville-flamenco-biennial-2026-tickets-prices-discounts.html#local-main-organization-logo\"},\"sameAs\":[\"https:\\\/\\\/www.facebook.com\\\/tablaosflamencos\",\"https:\\\/\\\/x.com\\\/tablaosflamenco\",\"https:\\\/\\\/mastodon.social\\\/@tablaosflamencos\",\"https:\\\/\\\/www.instagram.com\\\/tablaosflamencos\",\"https:\\\/\\\/tiktok.com\\\/@tablaosflamencos\",\"https:\\\/\\\/www.linkedin.com\\\/company\\\/109408238\\\/\"],\"description\":\"Venta de entradas para espect\u00e1culos flamencos\",\"legalName\":\"Tablaos Flamencos\",\"foundingDate\":\"2015-01-01\",\"numberOfEmployees\":{\"@type\":\"QuantitativeValue\",\"minValue\":\"1\",\"maxValue\":\"10\"},\"address\":{\"@id\":\"https:\\\/\\\/www.tablaosflamencos.com\\\/en\\\/seville-flamenco-biennial-2026-tickets-prices-discounts.html#local-main-place-address\"},\"geo\":{\"@type\":\"GeoCoordinates\",\"latitude\":\"37.3868072\",\"longitude\":\"-5.993280299999999\"},\"telephone\":[\"+34623787787\"],\"contactPoint\":{\"@type\":\"ContactPoint\",\"telephone\":\"+34623787787\",\"email\":\"info@tablaosflamencos.com\"},\"openingHoursSpecification\":{\"@type\":\"OpeningHoursSpecification\",\"dayOfWeek\":[\"Monday\",\"Tuesday\",\"Wednesday\",\"Thursday\",\"Friday\",\"Saturday\",\"Sunday\"],\"opens\":\"00:00\",\"closes\":\"23:59\"},\"email\":\"info@tablaosflamencos.com\",\"priceRange\":\"$$$\",\"currenciesAccepted\":\"\u20ac\"},{\"@type\":\"Person\",\"@id\":\"https:\\\/\\\/www.tablaosflamencos.com\\\/en#\\\/schema\\\/person\\\/e7a9ebe14eb75a52ceabfbffb3c54f5d\",\"name\":\"Miguel Ortiz\",\"description\":\"Miguel Ortiz es un empresario flamenco, con una s\u00f3lida trayectoria dentro del sector. Ha presidido entidades culturales vinculadas al flamenco y, cuenta con un amplio recorrido profesional en la gesti\u00f3n y promoci\u00f3n de espect\u00e1culos y tablaos flamencos. Su pasi\u00f3n por la historia y el arte flamenco se refleja en cada art\u00edculo, donde combina experiencia, criterio y un profundo respeto por la tradici\u00f3n.\",\"sameAs\":[\"https:\\\/\\\/www.tablaosflamencos.com\",\"https:\\\/\\\/www.instagra.com\\\/miguelortizfe\",\"https:\\\/\\\/www.linkedin.com\\\/in\\\/miguelortizf\\\/\"],\"birthDate\":\"1984-11-22\",\"gender\":\"hombre\",\"knowsLanguage\":[\"espa\u00f1ol\",\"ingl\u00e9s\"],\"jobTitle\":\"Empresario flamenco\"},{\"@type\":\"PostalAddress\",\"@id\":\"https:\\\/\\\/www.tablaosflamencos.com\\\/en\\\/seville-flamenco-biennial-2026-tickets-prices-discounts.html#local-main-place-address\",\"streetAddress\":\"C\\\/ Alemanes, 19\",\"addressLocality\":\"Sevilla\",\"postalCode\":\"41004\",\"addressRegion\":\"Sevilla\",\"addressCountry\":\"ES\"},{\"@type\":\"ImageObject\",\"inLanguage\":\"en-US\",\"@id\":\"https:\\\/\\\/www.tablaosflamencos.com\\\/en\\\/seville-flamenco-biennial-2026-tickets-prices-discounts.html#local-main-organization-logo\",\"url\":\"https:\\\/\\\/www.tablaosflamencos.com\\\/wp-content\\\/uploads\\\/tablaos-flamencos-06-3.webp\",\"contentUrl\":\"https:\\\/\\\/www.tablaosflamencos.com\\\/wp-content\\\/uploads\\\/tablaos-flamencos-06-3.webp\",\"width\":600,\"height\":620,\"caption\":\"Tablaos Flamencos\"}]}<\/script>\n<meta name=\"geo.placename\" content=\"Sevilla\" \/>\n<meta name=\"geo.position\" content=\"37.3868072;-5.993280299999999\" \/>\n<meta name=\"geo.region\" content=\"Spain\" \/>\n<!-- \/ Yoast SEO Premium plugin. -->","yoast_head_json":{"title":"Seville Flamenco Biennial 2026 tickets: prices and discounts","description":"2026 Seville Flamenco Biennial prices and discounts: tickets from \u20ac12, 50% Hora Joven, box offices, online booking and venue-by-venue prices.","robots":{"index":"index","follow":"follow","max-snippet":"max-snippet:-1","max-image-preview":"max-image-preview:large","max-video-preview":"max-video-preview:-1"},"canonical":"https:\/\/www.tablaosflamencos.com\/en\/seville-flamenco-biennial-2026-tickets-prices-discounts.html","og_locale":"en_US","og_type":"article","og_title":"Seville Flamenco Biennial 2026: tickets, prices and discounts","og_description":"2026 Seville Flamenco Biennial prices and discounts: tickets from \u20ac12, 50% Hora Joven, box offices, online booking and venue-by-venue prices.","og_url":"https:\/\/www.tablaosflamencos.com\/en\/seville-flamenco-biennial-2026-tickets-prices-discounts.html","og_site_name":"Tablaos Flamencos","article_publisher":"https:\/\/www.facebook.com\/tablaosflamencos","article_published_time":"2026-09-01T21:35:30+00:00","article_modified_time":"2026-09-01T22:33:44+00:00","og_image":[{"width":1672,"height":941,"url":"https:\/\/www.tablaosflamencos.com\/wp-content\/uploads\/bienal-de-flamenco-2026-entradas-precios-y-descuentos-01.webp","type":"image\/webp"}],"author":"Miguel Ortiz","twitter_card":"summary_large_image","twitter_creator":"@tablaosflamenco","twitter_site":"@tablaosflamenco","twitter_misc":{"Written by":"Miguel Ortiz","Est. reading time":"15 minutes"},"schema":{"@context":"https:\/\/schema.org","@graph":[{"@type":"Article","@id":"https:\/\/www.tablaosflamencos.com\/en\/seville-flamenco-biennial-2026-tickets-prices-discounts.html#article","isPartOf":{"@id":"https:\/\/www.tablaosflamencos.com\/en\/seville-flamenco-biennial-2026-tickets-prices-discounts.html"},"author":{"name":"Miguel Ortiz","@id":"https:\/\/www.tablaosflamencos.com\/en#\/schema\/person\/e7a9ebe14eb75a52ceabfbffb3c54f5d"},"headline":"Seville Flamenco Biennial 2026: tickets, prices and discounts","datePublished":"2026-09-01T21:35:30+00:00","dateModified":"2026-09-01T22:33:44+00:00","mainEntityOfPage":{"@id":"https:\/\/www.tablaosflamencos.com\/en\/seville-flamenco-biennial-2026-tickets-prices-discounts.html"},"wordCount":2956,"publisher":{"@id":"https:\/\/www.tablaosflamencos.com\/en#organization"},"image":{"@id":"https:\/\/www.tablaosflamencos.com\/en\/seville-flamenco-biennial-2026-tickets-prices-discounts.html#primaryimage"},"thumbnailUrl":"https:\/\/www.tablaosflamencos.com\/wp-content\/uploads\/bienal-de-flamenco-2026-entradas-precios-y-descuentos-01.webp","keywords":["agenda flamenca","Bienal 2026","Bienal de Flamenco","festivales flamencos","flamenco en Sevilla","Flamenco tickets","sevilla"],"articleSection":["Flamenco Biennial"],"inLanguage":"en-US"},{"@type":"WebPage","@id":"https:\/\/www.tablaosflamencos.com\/en\/seville-flamenco-biennial-2026-tickets-prices-discounts.html","url":"https:\/\/www.tablaosflamencos.com\/en\/seville-flamenco-biennial-2026-tickets-prices-discounts.html","name":"Seville Flamenco Biennial 2026 tickets: prices and discounts","isPartOf":{"@id":"https:\/\/www.tablaosflamencos.com\/en#website"},"primaryImageOfPage":{"@id":"https:\/\/www.tablaosflamencos.com\/en\/seville-flamenco-biennial-2026-tickets-prices-discounts.html#primaryimage"},"image":{"@id":"https:\/\/www.tablaosflamencos.com\/en\/seville-flamenco-biennial-2026-tickets-prices-discounts.html#primaryimage"},"thumbnailUrl":"https:\/\/www.tablaosflamencos.com\/wp-content\/uploads\/bienal-de-flamenco-2026-entradas-precios-y-descuentos-01.webp","datePublished":"2026-09-01T21:35:30+00:00","dateModified":"2026-09-01T22:33:44+00:00","description":"2026 Seville Flamenco Biennial prices and discounts: tickets from \u20ac12, 50% Hora Joven, box offices, online booking and venue-by-venue prices.","breadcrumb":{"@id":"https:\/\/www.tablaosflamencos.com\/en\/seville-flamenco-biennial-2026-tickets-prices-discounts.html#breadcrumb"},"inLanguage":"en-US","potentialAction":[{"@type":"ReadAction","target":["https:\/\/www.tablaosflamencos.com\/en\/seville-flamenco-biennial-2026-tickets-prices-discounts.html"]}]},{"@type":"ImageObject","inLanguage":"en-US","@id":"https:\/\/www.tablaosflamencos.com\/en\/seville-flamenco-biennial-2026-tickets-prices-discounts.html#primaryimage","url":"https:\/\/www.tablaosflamencos.com\/wp-content\/uploads\/bienal-de-flamenco-2026-entradas-precios-y-descuentos-01.webp","contentUrl":"https:\/\/www.tablaosflamencos.com\/wp-content\/uploads\/bienal-de-flamenco-2026-entradas-precios-y-descuentos-01.webp","width":1672,"height":941,"caption":"Bienal de Flamenco 2026: entradas, precios y descuentos"},{"@type":"BreadcrumbList","@id":"https:\/\/www.tablaosflamencos.com\/en\/seville-flamenco-biennial-2026-tickets-prices-discounts.html#breadcrumb","itemListElement":[{"@type":"ListItem","position":1,"name":"Home","item":"https:\/\/www.tablaosflamencos.com\/en"},{"@type":"ListItem","position":2,"name":"Seville Flamenco Biennial 2026: tickets, prices and discounts"}]},{"@type":"WebSite","@id":"https:\/\/www.tablaosflamencos.com\/en#website","url":"https:\/\/www.tablaosflamencos.com\/en","name":"Tablaos Flamencos","description":"Entradas para tablaos flamencos de Espa\u00f1a","publisher":{"@id":"https:\/\/www.tablaosflamencos.com\/en#organization"},"alternateName":"Tablaos Flamencos","potentialAction":[{"@type":"SearchAction","target":{"@type":"EntryPoint","urlTemplate":"https:\/\/www.tablaosflamencos.com\/en?s={search_term_string}"},"query-input":{"@type":"PropertyValueSpecification","valueRequired":true,"valueName":"search_term_string"}}],"inLanguage":"en-US"},{"@type":["Organization","Place","EntertainmentBusiness"],"@id":"https:\/\/www.tablaosflamencos.com\/en#organization","name":"Tablaos Flamencos","alternateName":"Tablaos Flamencos","url":"https:\/\/www.tablaosflamencos.com\/en","logo":{"@id":"https:\/\/www.tablaosflamencos.com\/en\/seville-flamenco-biennial-2026-tickets-prices-discounts.html#local-main-organization-logo"},"image":{"@id":"https:\/\/www.tablaosflamencos.com\/en\/seville-flamenco-biennial-2026-tickets-prices-discounts.html#local-main-organization-logo"},"sameAs":["https:\/\/www.facebook.com\/tablaosflamencos","https:\/\/x.com\/tablaosflamenco","https:\/\/mastodon.social\/@tablaosflamencos","https:\/\/www.instagram.com\/tablaosflamencos","https:\/\/tiktok.com\/@tablaosflamencos","https:\/\/www.linkedin.com\/company\/109408238\/"],"description":"Venta de entradas para espect\u00e1culos flamencos","legalName":"Tablaos Flamencos","foundingDate":"2015-01-01","numberOfEmployees":{"@type":"QuantitativeValue","minValue":"1","maxValue":"10"},"address":{"@id":"https:\/\/www.tablaosflamencos.com\/en\/seville-flamenco-biennial-2026-tickets-prices-discounts.html#local-main-place-address"},"geo":{"@type":"GeoCoordinates","latitude":"37.3868072","longitude":"-5.993280299999999"},"telephone":["+34623787787"],"contactPoint":{"@type":"ContactPoint","telephone":"+34623787787","email":"info@tablaosflamencos.com"},"openingHoursSpecification":{"@type":"OpeningHoursSpecification","dayOfWeek":["Monday","Tuesday","Wednesday","Thursday","Friday","Saturday","Sunday"],"opens":"00:00","closes":"23:59"},"email":"info@tablaosflamencos.com","priceRange":"$$$","currenciesAccepted":"\u20ac"},{"@type":"Person","@id":"https:\/\/www.tablaosflamencos.com\/en#\/schema\/person\/e7a9ebe14eb75a52ceabfbffb3c54f5d","name":"Miguel Ortiz","description":"Miguel Ortiz es un empresario flamenco, con una s\u00f3lida trayectoria dentro del sector. Ha presidido entidades culturales vinculadas al flamenco y, cuenta con un amplio recorrido profesional en la gesti\u00f3n y promoci\u00f3n de espect\u00e1culos y tablaos flamencos. Su pasi\u00f3n por la historia y el arte flamenco se refleja en cada art\u00edculo, donde combina experiencia, criterio y un profundo respeto por la tradici\u00f3n.","sameAs":["https:\/\/www.tablaosflamencos.com","https:\/\/www.instagra.com\/miguelortizfe","https:\/\/www.linkedin.com\/in\/miguelortizf\/"],"birthDate":"1984-11-22","gender":"hombre","knowsLanguage":["espa\u00f1ol","ingl\u00e9s"],"jobTitle":"Empresario flamenco"},{"@type":"PostalAddress","@id":"https:\/\/www.tablaosflamencos.com\/en\/seville-flamenco-biennial-2026-tickets-prices-discounts.html#local-main-place-address","streetAddress":"C\/ Alemanes, 19","addressLocality":"Sevilla","postalCode":"41004","addressRegion":"Sevilla","addressCountry":"ES"},{"@type":"ImageObject","inLanguage":"en-US","@id":"https:\/\/www.tablaosflamencos.com\/en\/seville-flamenco-biennial-2026-tickets-prices-discounts.html#local-main-organization-logo","url":"https:\/\/www.tablaosflamencos.com\/wp-content\/uploads\/tablaos-flamencos-06-3.webp","contentUrl":"https:\/\/www.tablaosflamencos.com\/wp-content\/uploads\/tablaos-flamencos-06-3.webp","width":600,"height":620,"caption":"Tablaos Flamencos"}]},"geo.placename":"Sevilla","geo.position":{"lat":"37.3868072","long":"-5.993280299999999"},"geo.region":"Spain"},"_links":{"self":[{"href":"https:\/\/www.tablaosflamencos.com\/en\/wp-json\/wp\/v2\/posts\/13864","targetHints":{"allow":["GET"]}}],"collection":[{"href":"https:\/\/www.tablaosflamencos.com\/en\/wp-json\/wp\/v2\/posts"}],"about":[{"href":"https:\/\/www.tablaosflamencos.com\/en\/wp-json\/wp\/v2\/types\/post"}],"author":[{"embeddable":true,"href":"https:\/\/www.tablaosflamencos.com\/en\/wp-json\/wp\/v2\/users\/1"}],"replies":[{"embeddable":true,"href":"https:\/\/www.tablaosflamencos.com\/en\/wp-json\/wp\/v2\/comments?post=13864"}],"version-history":[{"count":12,"href":"https:\/\/www.tablaosflamencos.com\/en\/wp-json\/wp\/v2\/posts\/13864\/revisions"}],"predecessor-version":[{"id":13973,"href":"https:\/\/www.tablaosflamencos.com\/en\/wp-json\/wp\/v2\/posts\/13864\/revisions\/13973"}],"wp:featuredmedia":[{"embeddable":true,"href":"https:\/\/www.tablaosflamencos.com\/en\/wp-json\/wp\/v2\/media\/13857"}],"wp:attachment":[{"href":"https:\/\/www.tablaosflamencos.com\/en\/wp-json\/wp\/v2\/media?parent=13864"}],"wp:term":[{"taxonomy":"category","embeddable":true,"href":"https:\/\/www.tablaosflamencos.com\/en\/wp-json\/wp\/v2\/categories?post=13864"},{"taxonomy":"post_tag","embeddable":true,"href":"https:\/\/www.tablaosflamencos.com\/en\/wp-json\/wp\/v2\/tags?post=13864"}],"curies":[{"name":"wp","href":"https:\/\/api.w.org\/{rel}","templated":true}]}}