{"id":13860,"date":"2026-09-01T23:44:31","date_gmt":"2026-09-01T21:44:31","guid":{"rendered":"https:\/\/www.tablaosflamencos.com\/?p=13860"},"modified":"2026-09-02T00:33:10","modified_gmt":"2026-09-01T22:33:10","slug":"flamenco-real-alcazar-seville-biennial-2026","status":"publish","type":"post","link":"https:\/\/www.tablaosflamencos.com\/en\/flamenco-real-alcazar-seville-biennial-2026.html","title":{"rendered":"Flamenco at the Real Alc\u00e1zar during the 2026 Biennial"},"content":{"rendered":"<section class=\"l-section wpb_row height_huge\"><div class=\"l-section-h i-cf\"><div class=\"g-cols vc_row via_flex valign_top type_default stacking_default\"><div class=\"vc_col-sm-6 wpb_column vc_column_container\"><div class=\"vc_column-inner\"><div class=\"wpb_wrapper\"><div class=\"wpb_text_column\"><div class=\"wpb_wrapper\"><h2>Flamenco at the Real Alc\u00e1zar during the 2026 Biennial<\/h2>\n<p>The <strong>24th Seville Flamenco Biennial<\/strong> turns the <strong>Real Alc\u00e1zar<\/strong> into one of its most special stages for three consecutive nights. From <strong>14 to 16 September 2026<\/strong>, the <strong>Patio de la Monter\u00eda<\/strong> will host a programme focused on cante, memory and the great flamenco lineages: Israel Fern\u00e1ndez, Rancapino Chico and the Jerez gathering <em>Xerezan\u00edas<\/em>.<\/p>\n<p>This is not just another venue on the Biennial map. The Alc\u00e1zar offers something few places can match: a historic monument that forms part of Seville\u2019s identity and that, for a few hours, stops being only a place to visit and becomes a night-time flamenco stage.<\/p>\n<p>This guide brings together <strong>dates, times, artists, tickets, the key features of each show and practical advice<\/strong> to help you choose which night to experience flamenco at the Real Alc\u00e1zar during the 2026 Biennial.<\/p>\n<\/div><\/div><\/div><\/div><\/div><div class=\"vc_col-sm-6 wpb_column vc_column_container\"><div class=\"vc_column-inner\"><div class=\"wpb_wrapper\"><div class=\"wpb_text_column\"><div class=\"wpb_wrapper\"><p style=\"text-align: center; font-size: 48px; line-height: 1; margin-bottom: 8px;\"><strong>14\u201316<\/strong><\/p>\n<h3 style=\"text-align: center;\">September 2026<\/h3>\n<p style=\"text-align: center;\"><strong>Patio de la Monter\u00eda \u00b7 Real Alc\u00e1zar<\/strong><\/p>\n<p style=\"text-align: center;\">Three nights \u00b7 21:30<\/p>\n<p style=\"text-align: center;\">Israel Fern\u00e1ndez \u00b7 Rancapino Chico \u00b7 Xerezan\u00edas<\/p>\n<p style=\"text-align: center;\">General price published by the Biennial: <strong>\u20ac30<\/strong><\/p>\n<\/div><\/div><\/div><\/div><\/div><\/div><\/div><\/section><section class=\"l-section wpb_row height_huge color_alternate with_shape\"><div class=\"l-section-shape type_zigzag pos_top\" style=\"height:3vmin;\"><svg xmlns=\"http:\/\/www.w3.org\/2000\/svg\" viewBox=\"0 0 64 8\" preserveAspectRatio=\"none\" width=\"100%\" height=\"100%\">\r\n\t<path fill=\"currentColor\" d=\"M64 8 L0 8 L0 0 L20 7.9 L40 3 L48 5 L64 0 Z\"\/>\r\n<\/svg><\/div><div class=\"l-section-shape type_zigzag pos_bottom\" style=\"height:3vmin;\"><svg xmlns=\"http:\/\/www.w3.org\/2000\/svg\" viewBox=\"0 0 64 8\" preserveAspectRatio=\"none\" width=\"100%\" height=\"100%\">\r\n\t<path fill=\"currentColor\" d=\"M64 8 L0 8 L0 0 L20 7.9 L40 3 L48 5 L64 0 Z\"\/>\r\n<\/svg><\/div><div class=\"l-section-h i-cf\"><div class=\"g-cols vc_row via_flex valign_top type_default stacking_default\"><div class=\"vc_col-sm-12 wpb_column vc_column_container\"><div class=\"vc_column-inner\"><div class=\"wpb_wrapper\"><div class=\"wpb_text_column\"><div class=\"wpb_wrapper\"><blockquote>\n<p><strong>Quick answer:<\/strong> the Real Alc\u00e1zar will host three shows during the 2026 Flamenco Biennial, all at 21:30 in the Patio de la Monter\u00eda. On Monday 14, <strong>Israel Fern\u00e1ndez<\/strong> will perform <em>De oro y marfil<\/em>; on Tuesday 15 <strong>Rancapino Chico<\/strong> will premiere <em>Pizarra<\/em>; and on Wednesday 16 comes <strong><em>Xerezan\u00edas<\/em><\/strong>, a One-Off Night with Luis El Zambo, Dolores Agujetas, Antonio de la Malena, Manuel Valencia and Las Tatas de Jerez. The general price published for the Real Alc\u00e1zar is \u20ac30 per show.<\/p>\n<\/blockquote>\n<p><strong>Last updated: 1 September 2026.<\/strong> Ticket availability may change. Always check the official page for each performance before planning your visit.<\/p>\n<\/div><\/div><div class=\"w-separator size_medium\"><\/div><div class=\"w-hwrapper valign_top wrap stack_on_mobiles align_center\" style=\"--hwrapper-gap:1.2rem\"><div class=\"w-btn-wrapper align_none\"><a class=\"w-btn us-btn-style_1\" href=\"https:\/\/www.tablaosflamencos.com\/en\/seville-flamenco-biennial-2026.html\"><span class=\"w-btn-label\">Complete guide to the 2026 Biennial<\/span><\/a><\/div><div class=\"w-btn-wrapper align_none\"><a class=\"w-btn us-btn-style_1\" target=\"_blank\" href=\"https:\/\/www.labienal.com\/programa-general\/real-alcazar\"><span class=\"w-btn-label\">Official Real Alc\u00e1zar programme<\/span><\/a><\/div><div class=\"w-btn-wrapper align_none\"><a class=\"w-btn us-btn-style_1\" href=\"https:\/\/www.tablaosflamencos.com\/en\/flamenco-in-seville\"><span class=\"w-btn-label\">See flamenco in Seville<\/span><\/a><\/div><\/div><\/div><\/div><\/div><\/div><\/div><\/section><section class=\"l-section wpb_row height_huge\"><div class=\"l-section-h i-cf\"><div class=\"g-cols vc_row via_flex valign_top type_default stacking_default\"><div class=\"vc_col-sm-3 wpb_column vc_column_container\"><div class=\"vc_column-inner\"><div class=\"wpb_wrapper\"><\/div><\/div><\/div><div class=\"vc_col-sm-6 wpb_column vc_column_container\"><div class=\"vc_column-inner\"><div class=\"wpb_wrapper\"><div class=\"wpb_text_column\"><div class=\"wpb_wrapper\"><h2>Contents of this guide<\/h2>\n<ul>\n<li><a href=\"#alcazar-bienal\">Why the Real Alc\u00e1zar is one of the Biennial\u2019s special venues<\/a><\/li>\n<li><a href=\"#programa-alcazar\">Full programme from 14 to 16 September<\/a><\/li>\n<li><a href=\"#israel-fernandez\">14 September: Israel Fern\u00e1ndez<\/a><\/li>\n<li><a href=\"#rancapino\">15 September: Rancapino Chico<\/a><\/li>\n<li><a href=\"#xerezanias\">16 September: Xerezan\u00edas<\/a><\/li>\n<li><a href=\"#que-elegir\">Which night to choose<\/a><\/li>\n<li><a href=\"#entradas-alcazar\">Tickets, price and availability<\/a><\/li>\n<li><a href=\"#como-llegar\">How to get there and plan the evening<\/a><\/li>\n<li><a href=\"#visita-alcazar\">Can you combine it with a visit to the Alc\u00e1zar?<\/a><\/li>\n<li><a href=\"#faq-alcazar\">Frequently asked questions<\/a><\/li>\n<\/ul>\n<\/div><\/div><\/div><\/div><\/div><div class=\"vc_col-sm-3 wpb_column vc_column_container\"><div class=\"vc_column-inner\"><div class=\"wpb_wrapper\"><\/div><\/div><\/div><\/div><\/div><\/section><section class=\"l-section wpb_row height_huge color_alternate with_shape\"><div class=\"l-section-shape type_zigzag pos_top\" style=\"height:3vmin;\"><svg xmlns=\"http:\/\/www.w3.org\/2000\/svg\" viewBox=\"0 0 64 8\" preserveAspectRatio=\"none\" width=\"100%\" height=\"100%\">\r\n\t<path fill=\"currentColor\" d=\"M64 8 L0 8 L0 0 L20 7.9 L40 3 L48 5 L64 0 Z\"\/>\r\n<\/svg><\/div><div class=\"l-section-shape type_zigzag pos_bottom\" style=\"height:3vmin;\"><svg xmlns=\"http:\/\/www.w3.org\/2000\/svg\" viewBox=\"0 0 64 8\" preserveAspectRatio=\"none\" width=\"100%\" height=\"100%\">\r\n\t<path fill=\"currentColor\" d=\"M64 8 L0 8 L0 0 L20 7.9 L40 3 L48 5 L64 0 Z\"\/>\r\n<\/svg><\/div><div class=\"l-section-h i-cf\"><div class=\"g-cols vc_row via_flex valign_top type_default stacking_default\"><div class=\"vc_col-sm-6 wpb_column vc_column_container\"><div class=\"vc_column-inner\"><div class=\"wpb_wrapper\"><div class=\"wpb_text_column\"><div class=\"wpb_wrapper\"><h2 id=\"alcazar-bienal\">The Real Alc\u00e1zar: heritage transformed into a flamenco stage<\/h2>\n<p>The Real Alc\u00e1zar is one of the oldest royal palaces still in use in the world and one of Seville\u2019s great heritage landmarks. Its architecture is the result of centuries of transformations and the layering of different cultures, styles and periods. That quality of a living place fits especially well with a Biennial that continually connects tradition, memory and contemporary creation.<\/p>\n<p>The organisers themselves designate the <strong>Patio de la Monter\u00eda<\/strong> as the setting for the three 2026 performances. It is a monumental courtyard in the heart of the palace complex, historically associated with the Palace of Pedro I and, on special occasions, turned into a venue for concerts and cultural events.<\/p>\n<p>The experience will be very different from a conventional theatre. Here the architecture becomes part of how the show is perceived: the courtyard, the palace fa\u00e7ades, the Seville night and the exceptional character of entering the complex for a Biennial performance all change the relationship between audience, cante and space.<\/p>\n<\/div><\/div><\/div><\/div><\/div><div class=\"vc_col-sm-6 wpb_column vc_column_container\"><div class=\"vc_column-inner\"><div class=\"wpb_wrapper\"><div class=\"wpb_text_column\"><div class=\"wpb_wrapper\"><h2>A programme with a very clear identity<\/h2>\n<p>Unlike other Biennial venues where dance, guitar, experimentation and large-scale productions coexist, the Real Alc\u00e1zar concentrates three nights especially linked to <strong>cante and flamenco memory<\/strong>.<\/p>\n<p>Israel Fern\u00e1ndez represents a generation that knows the tradition in depth but projects it through a contemporary musical personality. Rancapino Chico presents a world premiere that looks directly to old 78 rpm records and the masters of cante. And <em>Xerezan\u00edas<\/em> brings together several of Jerez\u2019s great singing families in a One-Off Night built around classical forms and oral transmission.<\/p>\n<p>So if your priority during the Biennial is <strong>cante<\/strong>, the Alc\u00e1zar series may be one of the most coherent sections of the entire programme.<\/p>\n<\/div><\/div><\/div><\/div><\/div><\/div><\/div><\/section><section class=\"l-section wpb_row height_huge\"><div class=\"l-section-h i-cf\"><div class=\"g-cols vc_row via_flex valign_top type_default stacking_default\"><div class=\"vc_col-sm-12 wpb_column vc_column_container\"><div class=\"vc_column-inner\"><div class=\"wpb_wrapper\"><div class=\"wpb_text_column\"><div class=\"wpb_wrapper\"><h2 id=\"programa-alcazar\">Flamenco programme at the Real Alc\u00e1zar during the 2026 Biennial<\/h2>\n<div style=\"overflow-x: auto;\">\n<table>\n<thead>\n<tr>\n<th>Date<\/th>\n<th>Time<\/th>\n<th>Artist<\/th>\n<th>Show<\/th>\n<th>Type<\/th>\n<th>Venue<\/th>\n<\/tr>\n<\/thead>\n<tbody>\n<tr>\n<td><strong>Monday 14 September<\/strong><\/td>\n<td>21:30<\/td>\n<td>Israel Fern\u00e1ndez<\/td>\n<td><em>De oro y marfil<\/em><\/td>\n<td>Cante \u00b7 concert<\/td>\n<td>Patio de la Monter\u00eda<\/td>\n<\/tr>\n<tr>\n<td><strong>Tuesday 15 September<\/strong><\/td>\n<td>21:30<\/td>\n<td>Rancapino Chico<\/td>\n<td><em>Pizarra<\/em><\/td>\n<td><strong>World premiere<\/strong><\/td>\n<td>Patio de la Monter\u00eda<\/td>\n<\/tr>\n<tr>\n<td><strong>Wednesday 16 September<\/strong><\/td>\n<td>21:30<\/td>\n<td>Luis El Zambo, Dolores Agujetas, Antonio de la Malena, Manuel Valencia and Las Tatas de Jerez<\/td>\n<td><em>Xerezan\u00edas<\/em><\/td>\n<td><strong>One-Off Night<\/strong><\/td>\n<td>Patio de la Monter\u00eda<\/td>\n<\/tr>\n<\/tbody>\n<\/table>\n<\/div>\n<p><small>Programme according to the official listings in force on 1 September 2026. Times and availability may change.<\/small><\/p>\n<\/div><\/div><\/div><\/div><\/div><\/div><\/div><\/section><section class=\"l-section wpb_row height_huge color_alternate with_shape\"><div class=\"l-section-shape type_zigzag pos_top\" style=\"height:3vmin;\"><svg xmlns=\"http:\/\/www.w3.org\/2000\/svg\" viewBox=\"0 0 64 8\" preserveAspectRatio=\"none\" width=\"100%\" height=\"100%\">\r\n\t<path fill=\"currentColor\" d=\"M64 8 L0 8 L0 0 L20 7.9 L40 3 L48 5 L64 0 Z\"\/>\r\n<\/svg><\/div><div class=\"l-section-shape type_zigzag pos_bottom\" style=\"height:3vmin;\"><svg xmlns=\"http:\/\/www.w3.org\/2000\/svg\" viewBox=\"0 0 64 8\" preserveAspectRatio=\"none\" width=\"100%\" height=\"100%\">\r\n\t<path fill=\"currentColor\" d=\"M64 8 L0 8 L0 0 L20 7.9 L40 3 L48 5 L64 0 Z\"\/>\r\n<\/svg><\/div><div class=\"l-section-h i-cf\"><div class=\"g-cols vc_row via_flex valign_top type_default stacking_default\"><div class=\"vc_col-sm-6 wpb_column vc_column_container\"><div class=\"vc_column-inner\"><div class=\"wpb_wrapper\"><div class=\"wpb_text_column\"><div class=\"wpb_wrapper\"><h2 id=\"israel-fernandez\">14 September: Israel Fern\u00e1ndez and De oro y marfil<\/h2>\n<p>The series begins on Monday 14 with <strong>Israel Fern\u00e1ndez<\/strong>, one of the leading cantaores of his generation. <em>De oro y marfil<\/em> offers a journey through his personal way of understanding flamenco, combining his own compositions with new readings of classical pieces in a musical staging broader than a traditional recital.<\/p>\n<p>The official listing features Israel himself on vocals, <strong>Diego del Morao<\/strong> on guitar, An\u00e9 Carrasco on percussion, Pirulo and Marcos Carpio on palmas and backing vocals, plus a group of strings and voices. This format lets the audience hear cante at different levels of intensity, from intimate passages to a more enveloping musical architecture.<\/p>\n<p>The partnership between Israel Fern\u00e1ndez and Diego del Morao is also one of the most recognisable creative collaborations in recent flamenco. In a space such as the Patio de la Monter\u00eda, that combination can be especially appealing for anyone looking for an accessible, musical first night of a very high artistic standard.<\/p>\n<\/div><\/div><\/div><\/div><\/div><div class=\"vc_col-sm-6 wpb_column vc_column_container\"><div class=\"vc_column-inner\"><div class=\"wpb_wrapper\"><div class=\"wpb_text_column\"><div class=\"wpb_wrapper\"><h2>Who do we recommend this night for?<\/h2>\n<p>Israel Fern\u00e1ndez\u2019s performance may be the most versatile of the three if you want an experience with unmistakable flamenco roots but a contemporary musical construction.<\/p>\n<p>It is especially recommended if:<\/p>\n<ul>\n<li>you want to hear one of today\u2019s great flamenco voices;<\/li>\n<li>you are interested in Diego del Morao\u2019s guitar;<\/li>\n<li>you prefer a more developed musical show to a stripped-back cante recital;<\/li>\n<li>it is your first Biennial and you want a relatively accessible introduction.<\/li>\n<\/ul>\n<p>Other important performances also take place in Seville on 14 September, so it is best not to try to combine shows with very tight timings. Our <a href=\"https:\/\/www.tablaosflamencos.com\/bienal-flamenco-sevilla-2026.html\"><strong>general guide to the 2026 Biennial<\/strong><\/a> helps you organise the rest of the day.<\/p>\n<\/div><\/div><\/div><\/div><\/div><\/div><\/div><\/section><section class=\"l-section wpb_row height_huge\"><div class=\"l-section-h i-cf\"><div class=\"g-cols vc_row via_flex valign_top type_default stacking_default\"><div class=\"vc_col-sm-6 wpb_column vc_column_container\"><div class=\"vc_column-inner\"><div class=\"wpb_wrapper\"><div class=\"wpb_text_column\"><div class=\"wpb_wrapper\"><h2 id=\"rancapino\">15 September: Rancapino Chico premieres Pizarra<\/h2>\n<p>The second night is one of the most interesting for anyone following the <strong>world premieres of the 2026 Biennial<\/strong>. Rancapino Chico presents <strong><em>Pizarra<\/em><\/strong>, a project built from old 78 rpm recordings and the sonic memory of the great masters.<\/p>\n<p>The proposal does not seek to turn the archive into a museum reconstruction. Rancapino Chico uses those recordings to return to the origins of the cantes and approach them through his own voice, his family inheritance and the freedom of the moment. The artistic line-up includes <strong>Antonio Higuero<\/strong> on guitar and Edu G\u00f3mez and Naim Real on palmas and jaleos.<\/p>\n<p>In an edition with numerous research and avant-garde projects, <em>Pizarra<\/em> reminds us that new creation can also emerge from looking deeply into the past.<\/p>\n<\/div><\/div><\/div><\/div><\/div><div class=\"vc_col-sm-6 wpb_column vc_column_container\"><div class=\"vc_column-inner\"><div class=\"wpb_wrapper\"><div class=\"wpb_text_column\"><div class=\"wpb_wrapper\"><h2>A night for those seeking classical cante and genealogy<\/h2>\n<p>Rancapino Chico belongs to a family with an enormous flamenco tradition and has built much of his artistic identity around the cantes of C\u00e1diz, classical styles and a way of singing that champions transmission between generations.<\/p>\n<p>The choice of the Real Alc\u00e1zar reinforces that idea: a world premiere devoted to the sources of cante inside one of Seville\u2019s most important historic spaces.<\/p>\n<p>If you are especially interested in the new productions created at the Biennial, you can complement this performance with our guide to <a href=\"https:\/\/www.tablaosflamencos.com\/grandes-estrenos-bienal-flamenco-sevilla-2026.html\"><strong>the major premieres of the 2026 Biennial<\/strong><\/a>.<\/p>\n<\/div><\/div><\/div><\/div><\/div><\/div><\/div><\/section><section class=\"l-section wpb_row height_huge color_alternate with_shape\"><div class=\"l-section-shape type_zigzag pos_top\" style=\"height:3vmin;\"><svg xmlns=\"http:\/\/www.w3.org\/2000\/svg\" viewBox=\"0 0 64 8\" preserveAspectRatio=\"none\" width=\"100%\" height=\"100%\">\r\n\t<path fill=\"currentColor\" d=\"M64 8 L0 8 L0 0 L20 7.9 L40 3 L48 5 L64 0 Z\"\/>\r\n<\/svg><\/div><div class=\"l-section-shape type_zigzag pos_bottom\" style=\"height:3vmin;\"><svg xmlns=\"http:\/\/www.w3.org\/2000\/svg\" viewBox=\"0 0 64 8\" preserveAspectRatio=\"none\" width=\"100%\" height=\"100%\">\r\n\t<path fill=\"currentColor\" d=\"M64 8 L0 8 L0 0 L20 7.9 L40 3 L48 5 L64 0 Z\"\/>\r\n<\/svg><\/div><div class=\"l-section-h i-cf\"><div class=\"g-cols vc_row via_flex valign_top type_default stacking_default\"><div class=\"vc_col-sm-6 wpb_column vc_column_container\"><div class=\"vc_column-inner\"><div class=\"wpb_wrapper\"><div class=\"wpb_text_column\"><div class=\"wpb_wrapper\"><h2 id=\"xerezanias\">16 September: Xerezan\u00edas, a one-off Jerez night<\/h2>\n<p>On Wednesday 16, the Real Alc\u00e1zar shifts from an individual focus to a gathering of great flamenco lineages. <strong><em>Xerezan\u00edas<\/em><\/strong> brings together Luis El Zambo, Dolores Agujetas, Antonio de la Malena, Manuel Valencia and Las Tatas de Jerez in a production that the Biennial classifies as a <strong>One-Off Night<\/strong>.<\/p>\n<p>The aim is to highlight the classical forms of Jerez cante through artists closely linked to families and neighbourhoods that are fundamental to the city\u2019s flamenco history. The Zambos point to the Santiago district; the Agujetas to La Plazuela; and the Malenas embody one of the historic links between Jerez and Lebrija.<\/p>\n<p>Manuel Valencia directs a night in which cante and guitar take centre stage, while Las Tatas de Jerez add the festive dimension of buler\u00edas.<\/p>\n<\/div><\/div><\/div><\/div><\/div><div class=\"vc_col-sm-6 wpb_column vc_column_container\"><div class=\"vc_column-inner\"><div class=\"wpb_wrapper\"><div class=\"wpb_text_column\"><div class=\"wpb_wrapper\"><h2>The most unrepeatable option of the three<\/h2>\n<p>If Israel Fern\u00e1ndez offers a major production of contemporary cante and Rancapino Chico presents a world premiere, <em>Xerezan\u00edas<\/em> plays another card: <strong>the gathering<\/strong>.<\/p>\n<p>The very label One-Off Night indicates that the Biennial has conceived the show as a combination created specifically for this edition and this date. For a fan interested in Jerez, flamenco singing families and cante transmitted through shared life, it may be one of the most distinctive events in the series.<\/p>\n<p>It is also a good choice for anyone who has already seen some of these artists separately and wants to experience them within a collective structure and in an exceptional setting.<\/p>\n<\/div><\/div><\/div><\/div><\/div><\/div><\/div><\/section><section class=\"l-section wpb_row height_huge\"><div class=\"l-section-h i-cf\"><div class=\"g-cols vc_row via_flex valign_top type_default stacking_default\"><div class=\"vc_col-sm-12 wpb_column vc_column_container\"><div class=\"vc_column-inner\"><div class=\"wpb_wrapper\"><div class=\"wpb_text_column\"><div class=\"wpb_wrapper\"><h2 id=\"que-elegir\" style=\"text-align: center;\">Which night to choose at the Real Alc\u00e1zar<\/h2>\n<p style=\"text-align: center;\">The three performances share the same time and venue, but they offer quite different experiences.<\/p>\n<\/div><\/div><div class=\"w-separator size_medium\"><\/div><div class=\"g-cols wpb_row via_flex valign_top type_default stacking_default\"><div class=\"vc_col-sm-4 wpb_column vc_column_container\"><div class=\"vc_column-inner\"><div class=\"wpb_wrapper\"><div class=\"wpb_text_column\"><div class=\"wpb_wrapper\"><h3>Israel Fern\u00e1ndez<\/h3>\n<p><strong>Choose the 14th if you are looking for:<\/strong><\/p>\n<ul>\n<li>a major contemporary voice;<\/li>\n<li>Diego del Morao on guitar;<\/li>\n<li>a broad musical production;<\/li>\n<li>tradition expressed through a contemporary language.<\/li>\n<\/ul>\n<\/div><\/div><\/div><\/div><\/div><div class=\"vc_col-sm-4 wpb_column vc_column_container\"><div class=\"vc_column-inner\"><div class=\"wpb_wrapper\"><div class=\"wpb_text_column\"><div class=\"wpb_wrapper\"><h3>Rancapino Chico<\/h3>\n<p><strong>Choose the 15th if you are looking for:<\/strong><\/p>\n<ul>\n<li>a world premiere;<\/li>\n<li>classical cante;<\/li>\n<li>the memory of old 78 rpm records;<\/li>\n<li>a proposal focused on the roots.<\/li>\n<\/ul>\n<\/div><\/div><\/div><\/div><\/div><div class=\"vc_col-sm-4 wpb_column vc_column_container\"><div class=\"vc_column-inner\"><div class=\"wpb_wrapper\"><div class=\"wpb_text_column\"><div class=\"wpb_wrapper\"><h3>Xerezan\u00edas<\/h3>\n<p><strong>Choose the 16th if you are looking for:<\/strong><\/p>\n<ul>\n<li>a One-Off Night;<\/li>\n<li>Jerez cante;<\/li>\n<li>great flamenco families;<\/li>\n<li>a collective experience that will be difficult to repeat.<\/li>\n<\/ul>\n<\/div><\/div><\/div><\/div><\/div><\/div><\/div><\/div><\/div><\/div><\/div><\/section><section class=\"l-section wpb_row height_huge color_alternate with_shape\"><div class=\"l-section-shape type_zigzag pos_top\" style=\"height:3vmin;\"><svg xmlns=\"http:\/\/www.w3.org\/2000\/svg\" viewBox=\"0 0 64 8\" preserveAspectRatio=\"none\" width=\"100%\" height=\"100%\">\r\n\t<path fill=\"currentColor\" d=\"M64 8 L0 8 L0 0 L20 7.9 L40 3 L48 5 L64 0 Z\"\/>\r\n<\/svg><\/div><div class=\"l-section-shape type_zigzag pos_bottom\" style=\"height:3vmin;\"><svg xmlns=\"http:\/\/www.w3.org\/2000\/svg\" viewBox=\"0 0 64 8\" preserveAspectRatio=\"none\" width=\"100%\" height=\"100%\">\r\n\t<path fill=\"currentColor\" d=\"M64 8 L0 8 L0 0 L20 7.9 L40 3 L48 5 L64 0 Z\"\/>\r\n<\/svg><\/div><div class=\"l-section-h i-cf\"><div class=\"g-cols vc_row via_flex valign_top type_default stacking_default\"><div class=\"vc_col-sm-6 wpb_column vc_column_container\"><div class=\"vc_column-inner\"><div class=\"wpb_wrapper\"><div class=\"wpb_text_column\"><div class=\"wpb_wrapper\"><h2 id=\"entradas-alcazar\">Tickets for flamenco at the Real Alc\u00e1zar<\/h2>\n<p>The official sales information for the 24th Biennial sets <strong>a general price of \u20ac30 for the Real Alc\u00e1zar<\/strong> per ticket. Purchases are handled through the official channels linked from each show page.<\/p>\n<p>Availability is dynamic. A performance that is on sale today may sell out later, especially as the festival dates approach. We therefore recommend checking the specific listing before finalising other plans for the evening.<\/p>\n<p>We do not recommend unverified resale. If one of the three nights sells out, check the official channels first and then consider alternatives within the Biennial programme itself or Seville\u2019s regular flamenco offering.<\/p>\n<\/div><\/div><div class=\"w-separator size_medium\"><\/div><div class=\"w-btn-wrapper align_none\"><a class=\"w-btn us-btn-style_1\" target=\"_blank\" href=\"https:\/\/www.labienal.com\/venta-de-entradas-xxiv-bienal-de-flamenco-sevilla-2026\"><span class=\"w-btn-label\">Official ticket information<\/span><\/a><\/div><\/div><\/div><\/div><div class=\"vc_col-sm-6 wpb_column vc_column_container\"><div class=\"vc_column-inner\"><div class=\"wpb_wrapper\"><div class=\"wpb_text_column\"><div class=\"wpb_wrapper\"><h2>What happens if there are no tickets left?<\/h2>\n<p>The Alc\u00e1zar hosts only three performances during the entire Biennial, so there is limited scope for adding extra dates. If your first choice is sold out, those days still include other performances at venues such as the Real F\u00e1brica de Artiller\u00eda, Teatro Central, Teatro Alameda and Espacio Turina.<\/p>\n<p>You can also use our guide to <a href=\"https:\/\/www.tablaosflamencos.com\/bienal-flamenco-2026-entradas-agotadas-que-ver.html\"><strong>what to see when Biennial tickets are sold out<\/strong><\/a>.<\/p>\n<p>And if you want an experience outside the Biennial but still centred on live flamenco, Seville\u2019s <a href=\"https:\/\/www.tablaosflamencos.com\/flamenco-en-sevilla\"><strong>flamenco tablaos<\/strong><\/a> continue their regular programmes throughout the festival.<\/p>\n<\/div><\/div><\/div><\/div><\/div><\/div><\/div><\/section><section class=\"l-section wpb_row height_huge\"><div class=\"l-section-h i-cf\"><div class=\"g-cols vc_row via_flex valign_top type_default stacking_default\"><div class=\"vc_col-sm-6 wpb_column vc_column_container\"><div class=\"vc_column-inner\"><div class=\"wpb_wrapper\"><div class=\"wpb_text_column\"><div class=\"wpb_wrapper\"><h2 id=\"como-llegar\">How to get to the Real Alc\u00e1zar for the Biennial<\/h2>\n<p>The Biennial\u2019s venue page uses the <strong>Patio de Banderas<\/strong>as its reference point, right in Seville\u2019s monumental centre. The area is particularly easy to reach on foot from the Cathedral, the Archivo de Indias, Puerta Jerez, Santa Cruz and much of the historic centre.<\/p>\n<p>Public transport options indicated by the organisers include:<\/p>\n<ul>\n<li><strong>Metro:<\/strong> Line 1, Puerta Jerez station.<\/li>\n<li><strong>Metrocentro:<\/strong> Archivo de Indias stop.<\/li>\n<li><strong>TUSSAM bus:<\/strong> C5, C4, C3, 21, 40, 41 and EA, with several stops nearby.<\/li>\n<li><strong>Taxi:<\/strong> there are taxi ranks near Puerta Jerez and Avenida de la Constituci\u00f3n.<\/li>\n<\/ul>\n<p>Because this is the historic centre, we recommend arriving with time to spare and following the specific access instructions published by the organisers for each performance.<\/p>\n<\/div><\/div><\/div><\/div><\/div><div class=\"vc_col-sm-6 wpb_column vc_column_container\"><div class=\"vc_column-inner\"><div class=\"wpb_wrapper\"><div class=\"wpb_text_column\"><div class=\"wpb_wrapper\"><h2>Plan the evening carefully<\/h2>\n<p>All three performances begin at <strong>21:30<\/strong>. That means you can eat early in the centre or leave dinner until afterwards, but it is not wise to plan overly tight combinations with another earlier show.<\/p>\n<p>For example, on 14 September Ana Morales performs at 21:00 at the Real F\u00e1brica de Artiller\u00eda and Macarena L\u00f3pez at 22:30 at Teatro Alameda. Neither is a realistic combination with Israel Fern\u00e1ndez at the Alc\u00e1zar. The same applies on the 15th with other evening performances.<\/p>\n<p>The advantage of the Alc\u00e1zar is that when the show ends you will be in the heart of the monumental city, with the historic centre just a few minutes away on foot. If your priority is to enjoy the setting, we recommend not turning the evening into a race between venues.<\/p>\n<\/div><\/div><\/div><\/div><\/div><\/div><\/div><\/section><section class=\"l-section wpb_row height_huge color_alternate with_shape\"><div class=\"l-section-shape type_zigzag pos_top\" style=\"height:3vmin;\"><svg xmlns=\"http:\/\/www.w3.org\/2000\/svg\" viewBox=\"0 0 64 8\" preserveAspectRatio=\"none\" width=\"100%\" height=\"100%\">\r\n\t<path fill=\"currentColor\" d=\"M64 8 L0 8 L0 0 L20 7.9 L40 3 L48 5 L64 0 Z\"\/>\r\n<\/svg><\/div><div class=\"l-section-shape type_zigzag pos_bottom\" style=\"height:3vmin;\"><svg xmlns=\"http:\/\/www.w3.org\/2000\/svg\" viewBox=\"0 0 64 8\" preserveAspectRatio=\"none\" width=\"100%\" height=\"100%\">\r\n\t<path fill=\"currentColor\" d=\"M64 8 L0 8 L0 0 L20 7.9 L40 3 L48 5 L64 0 Z\"\/>\r\n<\/svg><\/div><div class=\"l-section-h i-cf\"><div class=\"g-cols vc_row via_flex valign_top type_default stacking_default\"><div class=\"vc_col-sm-6 wpb_column vc_column_container\"><div class=\"vc_column-inner\"><div class=\"wpb_wrapper\"><div class=\"wpb_text_column\"><div class=\"wpb_wrapper\"><h2 id=\"visita-alcazar\">Can you combine the show with a tourist visit to the Alc\u00e1zar?<\/h2>\n<p>Yes, you can organise both experiences on the same day, but it is best to treat them as <strong>separate activities<\/strong>. A regular tourist visit to the Real Alc\u00e1zar has its own opening hours, prices and ticket system. In September, the published ordinary schedule follows the summer timetable, while the Biennial performances begin at 21:30.<\/p>\n<p>So do not assume that a Biennial ticket is equivalent to a full visit to the monument. If you want to see the palaces and gardens during the day and return at night for the show, check the Alc\u00e1zar\u2019s official visitor information and your Biennial ticket separately.<\/p>\n<p>The combination can, however, be one of the most complete cultural plans of the edition: discovering the monument in daylight and returning a few hours later to hear it transformed into a flamenco stage.<\/p>\n<\/div><\/div><div class=\"w-separator size_medium\"><\/div><div class=\"w-btn-wrapper align_none\"><a class=\"w-btn us-btn-style_1\" target=\"_blank\" href=\"https:\/\/alcazarsevilla.org\/prepara-la-visita\/\"><span class=\"w-btn-label\">Official Real Alc\u00e1zar information<\/span><\/a><\/div><\/div><\/div><\/div><div class=\"vc_col-sm-6 wpb_column vc_column_container\"><div class=\"vc_column-inner\"><div class=\"wpb_wrapper\"><div class=\"wpb_text_column\"><div class=\"wpb_wrapper\"><h2>Why this venue is especially well suited to cante<\/h2>\n<p>The 2026 artistic selection seems designed so that the venue itself plays a real role in the programme. All three nights are crossed by ideas of memory, genealogy and transmission.<\/p>\n<p>Israel Fern\u00e1ndez revisits classical repertoires through a contemporary voice. Rancapino Chico turns the earliest flamenco recordings into the starting point for a new premiere. <em>Xerezan\u00edas<\/em> brings families to the stage that represent forms of transmission in which flamenco is learned as much through shared life as on stage.<\/p>\n<p>The Alc\u00e1zar, a building that gathers centuries of history without belonging to a single period, therefore functions as more than a monumental backdrop. It becomes a very precise metaphor for these three nights: <strong>a heritage that stays alive because it continues to transform<\/strong>.<\/p>\n<\/div><\/div><\/div><\/div><\/div><\/div><\/div><\/section><section class=\"l-section wpb_row height_huge\"><div class=\"l-section-h i-cf\"><div class=\"g-cols vc_row via_flex valign_top type_default stacking_default\"><div class=\"vc_col-sm-1\/5 wpb_column vc_column_container\"><div class=\"vc_column-inner\"><div class=\"wpb_wrapper\"><\/div><\/div><\/div><div class=\"vc_col-sm-3\/5 wpb_column vc_column_container\"><div class=\"vc_column-inner\"><div class=\"wpb_wrapper\"><div class=\"wpb_text_column\"><div class=\"wpb_wrapper\"><h2 id=\"faq-alcazar\" style=\"text-align: center;\">Frequently asked questions about flamenco at the Real Alc\u00e1zar during the 2026 Biennial<\/h2>\n<\/div><\/div><div class=\"w-separator size_medium\"><\/div><div class=\"w-tabs accordion toggle_style_1 has_scrolling\" style=\"--sections-title-size:inherit;--sections-gap:0.5rem;\"><div class=\"w-tabs-sections titles-align_none icon_plus cpos_left\"><div class=\"w-tabs-section\" id=\"y7f6\" itemscope itemprop=\"mainEntity\" itemtype=\"https:\/\/schema.org\/Question\"><button type=\"button\" class=\"w-tabs-section-header\" aria-controls=\"content-y7f6\" aria-expanded=\"false\"><h3 class=\"w-tabs-section-title\" itemprop=\"name\">On which days is there flamenco at the Real Alc\u00e1zar during the 2026 Biennial?<\/h3><div class=\"w-tabs-section-control\"><\/div><\/button><div  class=\"w-tabs-section-content\" id=\"content-y7f6\" itemscope itemprop=\"acceptedAnswer\" itemtype=\"https:\/\/schema.org\/Answer\"><div class=\"w-tabs-section-content-h i-cf\" itemprop=\"text\"><div class=\"wpb_text_column\"><div class=\"wpb_wrapper\"><p>The Real Alc\u00e1zar will host performances on <strong>14, 15 and 16 September 2026<\/strong>, all at 21:30 in the Patio de la Monter\u00eda.<\/p>\n<\/div><\/div><\/div><\/div><\/div><div class=\"w-tabs-section\" id=\"q909\" itemscope itemprop=\"mainEntity\" itemtype=\"https:\/\/schema.org\/Question\"><button type=\"button\" class=\"w-tabs-section-header\" aria-controls=\"content-q909\" aria-expanded=\"false\"><h3 class=\"w-tabs-section-title\" itemprop=\"name\">Who is performing at the Real Alc\u00e1zar during the 2026 Biennial?<\/h3><div class=\"w-tabs-section-control\"><\/div><\/button><div  class=\"w-tabs-section-content\" id=\"content-q909\" itemscope itemprop=\"acceptedAnswer\" itemtype=\"https:\/\/schema.org\/Answer\"><div class=\"w-tabs-section-content-h i-cf\" itemprop=\"text\"><div class=\"wpb_text_column\"><div class=\"wpb_wrapper\"><p>On 14 September Israel Fern\u00e1ndez performs <em>De oro y marfil<\/em>; on the 15th Rancapino Chico premieres <em>Pizarra<\/em>; and on the 16th there is <em>Xerezan\u00edas<\/em> with Luis El Zambo, Dolores Agujetas, Antonio de la Malena, Manuel Valencia and Las Tatas de Jerez.<\/p>\n<\/div><\/div><\/div><\/div><\/div><div class=\"w-tabs-section\" id=\"oa3a\" itemscope itemprop=\"mainEntity\" itemtype=\"https:\/\/schema.org\/Question\"><button type=\"button\" class=\"w-tabs-section-header\" aria-controls=\"content-oa3a\" aria-expanded=\"false\"><h3 class=\"w-tabs-section-title\" itemprop=\"name\">What time do the shows start?<\/h3><div class=\"w-tabs-section-control\"><\/div><\/button><div  class=\"w-tabs-section-content\" id=\"content-oa3a\" itemscope itemprop=\"acceptedAnswer\" itemtype=\"https:\/\/schema.org\/Answer\"><div class=\"w-tabs-section-content-h i-cf\" itemprop=\"text\"><div class=\"wpb_text_column\"><div class=\"wpb_wrapper\"><p>All three performances are scheduled for <strong>21:30<\/strong>.<\/p>\n<\/div><\/div><\/div><\/div><\/div><div class=\"w-tabs-section\" id=\"ob35\" itemscope itemprop=\"mainEntity\" itemtype=\"https:\/\/schema.org\/Question\"><button type=\"button\" class=\"w-tabs-section-header\" aria-controls=\"content-ob35\" aria-expanded=\"false\"><h3 class=\"w-tabs-section-title\" itemprop=\"name\">Where exactly do the performances take place?<\/h3><div class=\"w-tabs-section-control\"><\/div><\/button><div  class=\"w-tabs-section-content\" id=\"content-ob35\" itemscope itemprop=\"acceptedAnswer\" itemtype=\"https:\/\/schema.org\/Answer\"><div class=\"w-tabs-section-content-h i-cf\" itemprop=\"text\"><div class=\"wpb_text_column\"><div class=\"wpb_wrapper\"><p>The Biennial places all three performances in the <strong>Patio de la Monter\u00eda at the Real Alc\u00e1zar of Seville<\/strong>.<\/p>\n<\/div><\/div><\/div><\/div><\/div><div class=\"w-tabs-section\" id=\"xc24\" itemscope itemprop=\"mainEntity\" itemtype=\"https:\/\/schema.org\/Question\"><button type=\"button\" class=\"w-tabs-section-header\" aria-controls=\"content-xc24\" aria-expanded=\"false\"><h3 class=\"w-tabs-section-title\" itemprop=\"name\">How much do tickets cost?<\/h3><div class=\"w-tabs-section-control\"><\/div><\/button><div  class=\"w-tabs-section-content\" id=\"content-xc24\" itemscope itemprop=\"acceptedAnswer\" itemtype=\"https:\/\/schema.org\/Answer\"><div class=\"w-tabs-section-content-h i-cf\" itemprop=\"text\"><div class=\"wpb_text_column\"><div class=\"wpb_wrapper\"><p>The official sales information for the 24th Biennial lists a general price of <strong>\u20ac30<\/strong> for shows at the Real Alc\u00e1zar. Check the listing for each performance in case there are changes or limited availability.<\/p>\n<\/div><\/div><\/div><\/div><\/div><div class=\"w-tabs-section\" id=\"gd23\" itemscope itemprop=\"mainEntity\" itemtype=\"https:\/\/schema.org\/Question\"><button type=\"button\" class=\"w-tabs-section-header\" aria-controls=\"content-gd23\" aria-expanded=\"false\"><h3 class=\"w-tabs-section-title\" itemprop=\"name\">Is Rancapino Chico\u2019s Pizarra a premiere?<\/h3><div class=\"w-tabs-section-control\"><\/div><\/button><div  class=\"w-tabs-section-content\" id=\"content-gd23\" itemscope itemprop=\"acceptedAnswer\" itemtype=\"https:\/\/schema.org\/Answer\"><div class=\"w-tabs-section-content-h i-cf\" itemprop=\"text\"><div class=\"wpb_text_column\"><div class=\"wpb_wrapper\"><p>Yes. <em>Pizarra<\/em> is classified by the Biennial as a <strong>world premiere<\/strong> and is presented on 15 September at 21:30.<\/p>\n<\/div><\/div><\/div><\/div><\/div><div class=\"w-tabs-section\" id=\"ae3b\" itemscope itemprop=\"mainEntity\" itemtype=\"https:\/\/schema.org\/Question\"><button type=\"button\" class=\"w-tabs-section-header\" aria-controls=\"content-ae3b\" aria-expanded=\"false\"><h3 class=\"w-tabs-section-title\" itemprop=\"name\">Is Xerezan\u00edas performed more than once?<\/h3><div class=\"w-tabs-section-control\"><\/div><\/button><div  class=\"w-tabs-section-content\" id=\"content-ae3b\" itemscope itemprop=\"acceptedAnswer\" itemtype=\"https:\/\/schema.org\/Answer\"><div class=\"w-tabs-section-content-h i-cf\" itemprop=\"text\"><div class=\"wpb_text_column\"><div class=\"wpb_wrapper\"><p>The Biennial presents <em>Xerezan\u00edas<\/em> as a <strong>One-Off Night<\/strong> on 16 September, so one of its main attractions is precisely the exceptional gathering of this cast on a single date.<\/p>\n<\/div><\/div><\/div><\/div><\/div><div class=\"w-tabs-section\" id=\"zf18\" itemscope itemprop=\"mainEntity\" itemtype=\"https:\/\/schema.org\/Question\"><button type=\"button\" class=\"w-tabs-section-header\" aria-controls=\"content-zf18\" aria-expanded=\"false\"><h3 class=\"w-tabs-section-title\" itemprop=\"name\">Does the show ticket include a visit to the Real Alc\u00e1zar?<\/h3><div class=\"w-tabs-section-control\"><\/div><\/button><div  class=\"w-tabs-section-content\" id=\"content-zf18\" itemscope itemprop=\"acceptedAnswer\" itemtype=\"https:\/\/schema.org\/Answer\"><div class=\"w-tabs-section-content-h i-cf\" itemprop=\"text\"><div class=\"wpb_text_column\"><div class=\"wpb_wrapper\"><p>The regular tourist visit to the Real Alc\u00e1zar and the Biennial performances have different schedules and tickets. If you want to visit the monument during the day, we recommend booking and checking that visit separately.<\/p>\n<\/div><\/div><\/div><\/div><\/div><div class=\"w-tabs-section\" id=\"off1\" itemscope itemprop=\"mainEntity\" itemtype=\"https:\/\/schema.org\/Question\"><button type=\"button\" class=\"w-tabs-section-header\" aria-controls=\"content-off1\" aria-expanded=\"false\"><h3 class=\"w-tabs-section-title\" itemprop=\"name\">How do I get to the Real Alc\u00e1zar?<\/h3><div class=\"w-tabs-section-control\"><\/div><\/button><div  class=\"w-tabs-section-content\" id=\"content-off1\" itemscope itemprop=\"acceptedAnswer\" itemtype=\"https:\/\/schema.org\/Answer\"><div class=\"w-tabs-section-content-h i-cf\" itemprop=\"text\"><div class=\"wpb_text_column\"><div class=\"wpb_wrapper\"><p>The complex is in Seville\u2019s monumental centre. The Biennial uses Patio de Banderas as its reference point. The most convenient public transport options are the Metro to Puerta Jerez and Metrocentro to Archivo de Indias, as well as several TUSSAM bus routes.<\/p>\n<\/div><\/div><\/div><\/div><\/div><div class=\"w-tabs-section\" id=\"i0d1\" itemscope itemprop=\"mainEntity\" itemtype=\"https:\/\/schema.org\/Question\"><button type=\"button\" class=\"w-tabs-section-header\" aria-controls=\"content-i0d1\" aria-expanded=\"false\"><h3 class=\"w-tabs-section-title\" itemprop=\"name\">Where can I buy official tickets?<\/h3><div class=\"w-tabs-section-control\"><\/div><\/button><div  class=\"w-tabs-section-content\" id=\"content-i0d1\" itemscope itemprop=\"acceptedAnswer\" itemtype=\"https:\/\/schema.org\/Answer\"><div class=\"w-tabs-section-content-h i-cf\" itemprop=\"text\"><div class=\"wpb_text_column\"><div class=\"wpb_wrapper\"><p>The safest option is to go to the <a href=\"https:\/\/www.labienal.com\/programa-general\/real-alcazar\" target=\"_blank\" rel=\"noopener\"><strong>official Real Alc\u00e1zar programme for the Biennial<\/strong><\/a> and use each show page to access the corresponding official sales channel.<\/p>\n<\/div><\/div><\/div><\/div><\/div><\/div><\/div><\/div><\/div><\/div><div class=\"vc_col-sm-1\/5 wpb_column vc_column_container\"><div class=\"vc_column-inner\"><div class=\"wpb_wrapper\"><\/div><\/div><\/div><\/div><\/div><\/section><section class=\"l-section wpb_row height_huge color_alternate with_shape\"><div class=\"l-section-shape type_zigzag pos_top\" style=\"height:3vmin;\"><svg xmlns=\"http:\/\/www.w3.org\/2000\/svg\" viewBox=\"0 0 64 8\" preserveAspectRatio=\"none\" width=\"100%\" height=\"100%\">\r\n\t<path fill=\"currentColor\" d=\"M64 8 L0 8 L0 0 L20 7.9 L40 3 L48 5 L64 0 Z\"\/>\r\n<\/svg><\/div><div class=\"l-section-shape type_zigzag pos_bottom\" style=\"height:3vmin;\"><svg xmlns=\"http:\/\/www.w3.org\/2000\/svg\" viewBox=\"0 0 64 8\" preserveAspectRatio=\"none\" width=\"100%\" height=\"100%\">\r\n\t<path fill=\"currentColor\" d=\"M64 8 L0 8 L0 0 L20 7.9 L40 3 L48 5 L64 0 Z\"\/>\r\n<\/svg><\/div><div class=\"l-section-h i-cf\"><div class=\"g-cols vc_row via_flex valign_top type_default stacking_default\"><div class=\"vc_col-sm-12 wpb_column vc_column_container\"><div class=\"vc_column-inner\"><div class=\"wpb_wrapper\"><div class=\"wpb_text_column\"><div class=\"wpb_wrapper\"><h2 style=\"text-align: center;\">Three nights to hear flamenco memory in one of Seville\u2019s great monuments<\/h2>\n<p style=\"text-align: center;\">The Real Alc\u00e1zar series is small in number of performances but very clearly defined in identity. In just three nights it moves from one of the most important voices in contemporary flamenco to a premiere built on historic cante recordings and ends by bringing together several Jerez lineages in a unique event.<\/p>\n<p style=\"text-align: center;\">If you are looking for a Biennial experience in which the setting carries as much weight as the programme, the Patio de la Monter\u00eda is one of the venues that deserves a place on your list.<\/p>\n<\/div><\/div><div class=\"w-separator size_medium\"><\/div><div class=\"w-hwrapper valign_top wrap stack_on_mobiles align_center\" style=\"--hwrapper-gap:1.2rem\"><div class=\"w-btn-wrapper align_none\"><a class=\"w-btn us-btn-style_1\" href=\"https:\/\/www.tablaosflamencos.com\/en\/seville-flamenco-biennial\"><span class=\"w-btn-label\">Seville Flamenco Biennial 2026<\/span><\/a><\/div><div class=\"w-btn-wrapper align_none\"><a class=\"w-btn us-btn-style_1\" href=\"https:\/\/www.tablaosflamencos.com\/grandes-estrenos-bienal-flamenco-sevilla-2026.html\"><span class=\"w-btn-label\">Major Biennial premieres<\/span><\/a><\/div><div class=\"w-btn-wrapper align_none\"><a class=\"w-btn us-btn-style_1\" href=\"https:\/\/www.tablaosflamencos.com\/en\/flamenco-in-seville\"><span class=\"w-btn-label\">See flamenco in Seville<\/span><\/a><\/div><\/div><\/div><\/div><\/div><\/div><\/div><\/section>\n","protected":false},"excerpt":{"rendered":"<p>Complete guide to flamenco at the Real Alc\u00e1zar during the 2026 Seville Flamenco Biennial: programme from 14 to 16 September, artists, times, tickets, price and practical advice.<\/p>\n","protected":false},"author":1,"featured_media":13859,"comment_status":"closed","ping_status":"closed","sticky":false,"template":"","format":"standard","meta":{"_acf_changed":false,"wpai_generated_summary":"","_ayudawp_aiss_exclude":false,"_ayudawp_aiss_exclude_summary":false,"_ayudawp_aiss_summary":"","_ayudawp_aiss_summary_provider":"","_ayudawp_aiss_summary_hash":"","footnotes":""},"categories":[1427],"tags":[1232,1233,1234,1235,1144,1236],"class_list":["post-13860","post","type-post","status-publish","format-standard","has-post-thumbnail","hentry","category-flamenco-biennial","tag-agenda-flamenca","tag-bienal-2026","tag-bienal-de-flamenco","tag-festivales-flamencos","tag-flamenco-en-sevilla","tag-sevilla"],"acf":[],"yoast_head":"<!-- This site is optimized with the Yoast SEO Premium plugin v28.4 (Yoast SEO v28.4) - https:\/\/yoast.com\/product\/yoast-seo-premium-wordpress\/ -->\n<title>Flamenco at the Real Alc\u00e1zar: 2026 Biennial<\/title>\n<meta name=\"description\" content=\"Guide to flamenco at the Real Alc\u00e1zar during the 2026 Biennial: Israel Fern\u00e1ndez, Rancapino Chico and Xerezan\u00edas, dates, times, tickets and price.\" \/>\n<meta name=\"robots\" content=\"index, follow, max-snippet:-1, max-image-preview:large, max-video-preview:-1\" \/>\n<link rel=\"canonical\" href=\"https:\/\/www.tablaosflamencos.com\/en\/flamenco-real-alcazar-seville-biennial-2026.html\" \/>\n<meta property=\"og:locale\" content=\"en_US\" \/>\n<meta property=\"og:type\" content=\"article\" \/>\n<meta property=\"og:title\" content=\"Flamenco at the Real Alc\u00e1zar during the 2026 Biennial\" \/>\n<meta property=\"og:description\" content=\"Guide to flamenco at the Real Alc\u00e1zar during the 2026 Biennial: Israel Fern\u00e1ndez, Rancapino Chico and Xerezan\u00edas, dates, times, tickets and price.\" \/>\n<meta property=\"og:url\" content=\"https:\/\/www.tablaosflamencos.com\/en\/flamenco-real-alcazar-seville-biennial-2026.html\" \/>\n<meta property=\"og:site_name\" content=\"Tablaos Flamencos\" \/>\n<meta property=\"article:publisher\" content=\"https:\/\/www.facebook.com\/tablaosflamencos\" \/>\n<meta property=\"article:published_time\" content=\"2026-09-01T21:44:31+00:00\" \/>\n<meta property=\"article:modified_time\" content=\"2026-09-01T22:33:10+00:00\" \/>\n<meta property=\"og:image\" content=\"https:\/\/www.tablaosflamencos.com\/wp-content\/uploads\/flamenco-en-el-real-alcazar-durante-la-bienal-2026-01.webp\" \/>\n\t<meta property=\"og:image:width\" content=\"1672\" \/>\n\t<meta property=\"og:image:height\" content=\"941\" \/>\n\t<meta property=\"og:image:type\" content=\"image\/webp\" \/>\n<meta name=\"author\" content=\"Miguel Ortiz\" \/>\n<meta name=\"twitter:card\" content=\"summary_large_image\" \/>\n<meta name=\"twitter:creator\" content=\"@tablaosflamenco\" \/>\n<meta name=\"twitter:site\" content=\"@tablaosflamenco\" \/>\n<meta name=\"twitter:label1\" content=\"Written by\" \/>\n\t<meta name=\"twitter:data1\" content=\"Miguel Ortiz\" \/>\n\t<meta name=\"twitter:label2\" content=\"Est. reading time\" \/>\n\t<meta name=\"twitter:data2\" content=\"19 minutes\" \/>\n<script type=\"application\/ld+json\" class=\"yoast-schema-graph\">{\"@context\":\"https:\\\/\\\/schema.org\",\"@graph\":[{\"@type\":\"Article\",\"@id\":\"https:\\\/\\\/www.tablaosflamencos.com\\\/en\\\/flamenco-real-alcazar-seville-biennial-2026.html#article\",\"isPartOf\":{\"@id\":\"https:\\\/\\\/www.tablaosflamencos.com\\\/en\\\/flamenco-real-alcazar-seville-biennial-2026.html\"},\"author\":{\"name\":\"Miguel Ortiz\",\"@id\":\"https:\\\/\\\/www.tablaosflamencos.com\\\/en#\\\/schema\\\/person\\\/e7a9ebe14eb75a52ceabfbffb3c54f5d\"},\"headline\":\"Flamenco at the Real Alc\u00e1zar during the 2026 Biennial\",\"datePublished\":\"2026-09-01T21:44:31+00:00\",\"dateModified\":\"2026-09-01T22:33:10+00:00\",\"mainEntityOfPage\":{\"@id\":\"https:\\\/\\\/www.tablaosflamencos.com\\\/en\\\/flamenco-real-alcazar-seville-biennial-2026.html\"},\"wordCount\":3776,\"publisher\":{\"@id\":\"https:\\\/\\\/www.tablaosflamencos.com\\\/en#organization\"},\"image\":{\"@id\":\"https:\\\/\\\/www.tablaosflamencos.com\\\/en\\\/flamenco-real-alcazar-seville-biennial-2026.html#primaryimage\"},\"thumbnailUrl\":\"https:\\\/\\\/www.tablaosflamencos.com\\\/wp-content\\\/uploads\\\/flamenco-en-el-real-alcazar-durante-la-bienal-2026-01.webp\",\"keywords\":[\"agenda flamenca\",\"Bienal 2026\",\"Bienal de Flamenco\",\"festivales flamencos\",\"flamenco en Sevilla\",\"sevilla\"],\"articleSection\":[\"Flamenco Biennial\"],\"inLanguage\":\"en-US\"},{\"@type\":\"WebPage\",\"@id\":\"https:\\\/\\\/www.tablaosflamencos.com\\\/en\\\/flamenco-real-alcazar-seville-biennial-2026.html\",\"url\":\"https:\\\/\\\/www.tablaosflamencos.com\\\/en\\\/flamenco-real-alcazar-seville-biennial-2026.html\",\"name\":\"Flamenco at the Real Alc\u00e1zar: 2026 Biennial\",\"isPartOf\":{\"@id\":\"https:\\\/\\\/www.tablaosflamencos.com\\\/en#website\"},\"primaryImageOfPage\":{\"@id\":\"https:\\\/\\\/www.tablaosflamencos.com\\\/en\\\/flamenco-real-alcazar-seville-biennial-2026.html#primaryimage\"},\"image\":{\"@id\":\"https:\\\/\\\/www.tablaosflamencos.com\\\/en\\\/flamenco-real-alcazar-seville-biennial-2026.html#primaryimage\"},\"thumbnailUrl\":\"https:\\\/\\\/www.tablaosflamencos.com\\\/wp-content\\\/uploads\\\/flamenco-en-el-real-alcazar-durante-la-bienal-2026-01.webp\",\"datePublished\":\"2026-09-01T21:44:31+00:00\",\"dateModified\":\"2026-09-01T22:33:10+00:00\",\"description\":\"Guide to flamenco at the Real Alc\u00e1zar during the 2026 Biennial: Israel Fern\u00e1ndez, Rancapino Chico and Xerezan\u00edas, dates, times, tickets and price.\",\"breadcrumb\":{\"@id\":\"https:\\\/\\\/www.tablaosflamencos.com\\\/en\\\/flamenco-real-alcazar-seville-biennial-2026.html#breadcrumb\"},\"inLanguage\":\"en-US\",\"potentialAction\":[{\"@type\":\"ReadAction\",\"target\":[\"https:\\\/\\\/www.tablaosflamencos.com\\\/en\\\/flamenco-real-alcazar-seville-biennial-2026.html\"]}]},{\"@type\":\"ImageObject\",\"inLanguage\":\"en-US\",\"@id\":\"https:\\\/\\\/www.tablaosflamencos.com\\\/en\\\/flamenco-real-alcazar-seville-biennial-2026.html#primaryimage\",\"url\":\"https:\\\/\\\/www.tablaosflamencos.com\\\/wp-content\\\/uploads\\\/flamenco-en-el-real-alcazar-durante-la-bienal-2026-01.webp\",\"contentUrl\":\"https:\\\/\\\/www.tablaosflamencos.com\\\/wp-content\\\/uploads\\\/flamenco-en-el-real-alcazar-durante-la-bienal-2026-01.webp\",\"width\":1672,\"height\":941,\"caption\":\"Flamenco en el Real Alc\u00e1zar durante la Bienal 2026\"},{\"@type\":\"BreadcrumbList\",\"@id\":\"https:\\\/\\\/www.tablaosflamencos.com\\\/en\\\/flamenco-real-alcazar-seville-biennial-2026.html#breadcrumb\",\"itemListElement\":[{\"@type\":\"ListItem\",\"position\":1,\"name\":\"Home\",\"item\":\"https:\\\/\\\/www.tablaosflamencos.com\\\/en\"},{\"@type\":\"ListItem\",\"position\":2,\"name\":\"Flamenco at the Real Alc\u00e1zar during the 2026 Biennial\"}]},{\"@type\":\"WebSite\",\"@id\":\"https:\\\/\\\/www.tablaosflamencos.com\\\/en#website\",\"url\":\"https:\\\/\\\/www.tablaosflamencos.com\\\/en\",\"name\":\"Tablaos Flamencos\",\"description\":\"Entradas para tablaos flamencos de Espa\u00f1a\",\"publisher\":{\"@id\":\"https:\\\/\\\/www.tablaosflamencos.com\\\/en#organization\"},\"alternateName\":\"Tablaos Flamencos\",\"potentialAction\":[{\"@type\":\"SearchAction\",\"target\":{\"@type\":\"EntryPoint\",\"urlTemplate\":\"https:\\\/\\\/www.tablaosflamencos.com\\\/en?s={search_term_string}\"},\"query-input\":{\"@type\":\"PropertyValueSpecification\",\"valueRequired\":true,\"valueName\":\"search_term_string\"}}],\"inLanguage\":\"en-US\"},{\"@type\":[\"Organization\",\"Place\",\"EntertainmentBusiness\"],\"@id\":\"https:\\\/\\\/www.tablaosflamencos.com\\\/en#organization\",\"name\":\"Tablaos Flamencos\",\"alternateName\":\"Tablaos Flamencos\",\"url\":\"https:\\\/\\\/www.tablaosflamencos.com\\\/en\",\"logo\":{\"@id\":\"https:\\\/\\\/www.tablaosflamencos.com\\\/en\\\/flamenco-real-alcazar-seville-biennial-2026.html#local-main-organization-logo\"},\"image\":{\"@id\":\"https:\\\/\\\/www.tablaosflamencos.com\\\/en\\\/flamenco-real-alcazar-seville-biennial-2026.html#local-main-organization-logo\"},\"sameAs\":[\"https:\\\/\\\/www.facebook.com\\\/tablaosflamencos\",\"https:\\\/\\\/x.com\\\/tablaosflamenco\",\"https:\\\/\\\/mastodon.social\\\/@tablaosflamencos\",\"https:\\\/\\\/www.instagram.com\\\/tablaosflamencos\",\"https:\\\/\\\/tiktok.com\\\/@tablaosflamencos\",\"https:\\\/\\\/www.linkedin.com\\\/company\\\/109408238\\\/\"],\"description\":\"Venta de entradas para espect\u00e1culos flamencos\",\"legalName\":\"Tablaos Flamencos\",\"foundingDate\":\"2015-01-01\",\"numberOfEmployees\":{\"@type\":\"QuantitativeValue\",\"minValue\":\"1\",\"maxValue\":\"10\"},\"address\":{\"@id\":\"https:\\\/\\\/www.tablaosflamencos.com\\\/en\\\/flamenco-real-alcazar-seville-biennial-2026.html#local-main-place-address\"},\"geo\":{\"@type\":\"GeoCoordinates\",\"latitude\":\"37.3868072\",\"longitude\":\"-5.993280299999999\"},\"telephone\":[\"+34623787787\"],\"contactPoint\":{\"@type\":\"ContactPoint\",\"telephone\":\"+34623787787\",\"email\":\"info@tablaosflamencos.com\"},\"openingHoursSpecification\":{\"@type\":\"OpeningHoursSpecification\",\"dayOfWeek\":[\"Monday\",\"Tuesday\",\"Wednesday\",\"Thursday\",\"Friday\",\"Saturday\",\"Sunday\"],\"opens\":\"00:00\",\"closes\":\"23:59\"},\"email\":\"info@tablaosflamencos.com\",\"priceRange\":\"$$$\",\"currenciesAccepted\":\"\u20ac\"},{\"@type\":\"Person\",\"@id\":\"https:\\\/\\\/www.tablaosflamencos.com\\\/en#\\\/schema\\\/person\\\/e7a9ebe14eb75a52ceabfbffb3c54f5d\",\"name\":\"Miguel Ortiz\",\"description\":\"Miguel Ortiz es un empresario flamenco, con una s\u00f3lida trayectoria dentro del sector. Ha presidido entidades culturales vinculadas al flamenco y, cuenta con un amplio recorrido profesional en la gesti\u00f3n y promoci\u00f3n de espect\u00e1culos y tablaos flamencos. Su pasi\u00f3n por la historia y el arte flamenco se refleja en cada art\u00edculo, donde combina experiencia, criterio y un profundo respeto por la tradici\u00f3n.\",\"sameAs\":[\"https:\\\/\\\/www.tablaosflamencos.com\",\"https:\\\/\\\/www.instagra.com\\\/miguelortizfe\",\"https:\\\/\\\/www.linkedin.com\\\/in\\\/miguelortizf\\\/\"],\"birthDate\":\"1984-11-22\",\"gender\":\"hombre\",\"knowsLanguage\":[\"espa\u00f1ol\",\"ingl\u00e9s\"],\"jobTitle\":\"Empresario flamenco\"},{\"@type\":\"PostalAddress\",\"@id\":\"https:\\\/\\\/www.tablaosflamencos.com\\\/en\\\/flamenco-real-alcazar-seville-biennial-2026.html#local-main-place-address\",\"streetAddress\":\"C\\\/ Alemanes, 19\",\"addressLocality\":\"Sevilla\",\"postalCode\":\"41004\",\"addressRegion\":\"Sevilla\",\"addressCountry\":\"ES\"},{\"@type\":\"ImageObject\",\"inLanguage\":\"en-US\",\"@id\":\"https:\\\/\\\/www.tablaosflamencos.com\\\/en\\\/flamenco-real-alcazar-seville-biennial-2026.html#local-main-organization-logo\",\"url\":\"https:\\\/\\\/www.tablaosflamencos.com\\\/wp-content\\\/uploads\\\/tablaos-flamencos-06-3.webp\",\"contentUrl\":\"https:\\\/\\\/www.tablaosflamencos.com\\\/wp-content\\\/uploads\\\/tablaos-flamencos-06-3.webp\",\"width\":600,\"height\":620,\"caption\":\"Tablaos Flamencos\"}]}<\/script>\n<meta name=\"geo.placename\" content=\"Sevilla\" \/>\n<meta name=\"geo.position\" content=\"37.3868072;-5.993280299999999\" \/>\n<meta name=\"geo.region\" content=\"Spain\" \/>\n<!-- \/ Yoast SEO Premium plugin. -->","yoast_head_json":{"title":"Flamenco at the Real Alc\u00e1zar: 2026 Biennial","description":"Guide to flamenco at the Real Alc\u00e1zar during the 2026 Biennial: Israel Fern\u00e1ndez, Rancapino Chico and Xerezan\u00edas, dates, times, tickets and price.","robots":{"index":"index","follow":"follow","max-snippet":"max-snippet:-1","max-image-preview":"max-image-preview:large","max-video-preview":"max-video-preview:-1"},"canonical":"https:\/\/www.tablaosflamencos.com\/en\/flamenco-real-alcazar-seville-biennial-2026.html","og_locale":"en_US","og_type":"article","og_title":"Flamenco at the Real Alc\u00e1zar during the 2026 Biennial","og_description":"Guide to flamenco at the Real Alc\u00e1zar during the 2026 Biennial: Israel Fern\u00e1ndez, Rancapino Chico and Xerezan\u00edas, dates, times, tickets and price.","og_url":"https:\/\/www.tablaosflamencos.com\/en\/flamenco-real-alcazar-seville-biennial-2026.html","og_site_name":"Tablaos Flamencos","article_publisher":"https:\/\/www.facebook.com\/tablaosflamencos","article_published_time":"2026-09-01T21:44:31+00:00","article_modified_time":"2026-09-01T22:33:10+00:00","og_image":[{"width":1672,"height":941,"url":"https:\/\/www.tablaosflamencos.com\/wp-content\/uploads\/flamenco-en-el-real-alcazar-durante-la-bienal-2026-01.webp","type":"image\/webp"}],"author":"Miguel Ortiz","twitter_card":"summary_large_image","twitter_creator":"@tablaosflamenco","twitter_site":"@tablaosflamenco","twitter_misc":{"Written by":"Miguel Ortiz","Est. reading time":"19 minutes"},"schema":{"@context":"https:\/\/schema.org","@graph":[{"@type":"Article","@id":"https:\/\/www.tablaosflamencos.com\/en\/flamenco-real-alcazar-seville-biennial-2026.html#article","isPartOf":{"@id":"https:\/\/www.tablaosflamencos.com\/en\/flamenco-real-alcazar-seville-biennial-2026.html"},"author":{"name":"Miguel Ortiz","@id":"https:\/\/www.tablaosflamencos.com\/en#\/schema\/person\/e7a9ebe14eb75a52ceabfbffb3c54f5d"},"headline":"Flamenco at the Real Alc\u00e1zar during the 2026 Biennial","datePublished":"2026-09-01T21:44:31+00:00","dateModified":"2026-09-01T22:33:10+00:00","mainEntityOfPage":{"@id":"https:\/\/www.tablaosflamencos.com\/en\/flamenco-real-alcazar-seville-biennial-2026.html"},"wordCount":3776,"publisher":{"@id":"https:\/\/www.tablaosflamencos.com\/en#organization"},"image":{"@id":"https:\/\/www.tablaosflamencos.com\/en\/flamenco-real-alcazar-seville-biennial-2026.html#primaryimage"},"thumbnailUrl":"https:\/\/www.tablaosflamencos.com\/wp-content\/uploads\/flamenco-en-el-real-alcazar-durante-la-bienal-2026-01.webp","keywords":["agenda flamenca","Bienal 2026","Bienal de Flamenco","festivales flamencos","flamenco en Sevilla","sevilla"],"articleSection":["Flamenco Biennial"],"inLanguage":"en-US"},{"@type":"WebPage","@id":"https:\/\/www.tablaosflamencos.com\/en\/flamenco-real-alcazar-seville-biennial-2026.html","url":"https:\/\/www.tablaosflamencos.com\/en\/flamenco-real-alcazar-seville-biennial-2026.html","name":"Flamenco at the Real Alc\u00e1zar: 2026 Biennial","isPartOf":{"@id":"https:\/\/www.tablaosflamencos.com\/en#website"},"primaryImageOfPage":{"@id":"https:\/\/www.tablaosflamencos.com\/en\/flamenco-real-alcazar-seville-biennial-2026.html#primaryimage"},"image":{"@id":"https:\/\/www.tablaosflamencos.com\/en\/flamenco-real-alcazar-seville-biennial-2026.html#primaryimage"},"thumbnailUrl":"https:\/\/www.tablaosflamencos.com\/wp-content\/uploads\/flamenco-en-el-real-alcazar-durante-la-bienal-2026-01.webp","datePublished":"2026-09-01T21:44:31+00:00","dateModified":"2026-09-01T22:33:10+00:00","description":"Guide to flamenco at the Real Alc\u00e1zar during the 2026 Biennial: Israel Fern\u00e1ndez, Rancapino Chico and Xerezan\u00edas, dates, times, tickets and price.","breadcrumb":{"@id":"https:\/\/www.tablaosflamencos.com\/en\/flamenco-real-alcazar-seville-biennial-2026.html#breadcrumb"},"inLanguage":"en-US","potentialAction":[{"@type":"ReadAction","target":["https:\/\/www.tablaosflamencos.com\/en\/flamenco-real-alcazar-seville-biennial-2026.html"]}]},{"@type":"ImageObject","inLanguage":"en-US","@id":"https:\/\/www.tablaosflamencos.com\/en\/flamenco-real-alcazar-seville-biennial-2026.html#primaryimage","url":"https:\/\/www.tablaosflamencos.com\/wp-content\/uploads\/flamenco-en-el-real-alcazar-durante-la-bienal-2026-01.webp","contentUrl":"https:\/\/www.tablaosflamencos.com\/wp-content\/uploads\/flamenco-en-el-real-alcazar-durante-la-bienal-2026-01.webp","width":1672,"height":941,"caption":"Flamenco en el Real Alc\u00e1zar durante la Bienal 2026"},{"@type":"BreadcrumbList","@id":"https:\/\/www.tablaosflamencos.com\/en\/flamenco-real-alcazar-seville-biennial-2026.html#breadcrumb","itemListElement":[{"@type":"ListItem","position":1,"name":"Home","item":"https:\/\/www.tablaosflamencos.com\/en"},{"@type":"ListItem","position":2,"name":"Flamenco at the Real Alc\u00e1zar during the 2026 Biennial"}]},{"@type":"WebSite","@id":"https:\/\/www.tablaosflamencos.com\/en#website","url":"https:\/\/www.tablaosflamencos.com\/en","name":"Tablaos Flamencos","description":"Entradas para tablaos flamencos de Espa\u00f1a","publisher":{"@id":"https:\/\/www.tablaosflamencos.com\/en#organization"},"alternateName":"Tablaos Flamencos","potentialAction":[{"@type":"SearchAction","target":{"@type":"EntryPoint","urlTemplate":"https:\/\/www.tablaosflamencos.com\/en?s={search_term_string}"},"query-input":{"@type":"PropertyValueSpecification","valueRequired":true,"valueName":"search_term_string"}}],"inLanguage":"en-US"},{"@type":["Organization","Place","EntertainmentBusiness"],"@id":"https:\/\/www.tablaosflamencos.com\/en#organization","name":"Tablaos Flamencos","alternateName":"Tablaos Flamencos","url":"https:\/\/www.tablaosflamencos.com\/en","logo":{"@id":"https:\/\/www.tablaosflamencos.com\/en\/flamenco-real-alcazar-seville-biennial-2026.html#local-main-organization-logo"},"image":{"@id":"https:\/\/www.tablaosflamencos.com\/en\/flamenco-real-alcazar-seville-biennial-2026.html#local-main-organization-logo"},"sameAs":["https:\/\/www.facebook.com\/tablaosflamencos","https:\/\/x.com\/tablaosflamenco","https:\/\/mastodon.social\/@tablaosflamencos","https:\/\/www.instagram.com\/tablaosflamencos","https:\/\/tiktok.com\/@tablaosflamencos","https:\/\/www.linkedin.com\/company\/109408238\/"],"description":"Venta de entradas para espect\u00e1culos flamencos","legalName":"Tablaos Flamencos","foundingDate":"2015-01-01","numberOfEmployees":{"@type":"QuantitativeValue","minValue":"1","maxValue":"10"},"address":{"@id":"https:\/\/www.tablaosflamencos.com\/en\/flamenco-real-alcazar-seville-biennial-2026.html#local-main-place-address"},"geo":{"@type":"GeoCoordinates","latitude":"37.3868072","longitude":"-5.993280299999999"},"telephone":["+34623787787"],"contactPoint":{"@type":"ContactPoint","telephone":"+34623787787","email":"info@tablaosflamencos.com"},"openingHoursSpecification":{"@type":"OpeningHoursSpecification","dayOfWeek":["Monday","Tuesday","Wednesday","Thursday","Friday","Saturday","Sunday"],"opens":"00:00","closes":"23:59"},"email":"info@tablaosflamencos.com","priceRange":"$$$","currenciesAccepted":"\u20ac"},{"@type":"Person","@id":"https:\/\/www.tablaosflamencos.com\/en#\/schema\/person\/e7a9ebe14eb75a52ceabfbffb3c54f5d","name":"Miguel Ortiz","description":"Miguel Ortiz es un empresario flamenco, con una s\u00f3lida trayectoria dentro del sector. Ha presidido entidades culturales vinculadas al flamenco y, cuenta con un amplio recorrido profesional en la gesti\u00f3n y promoci\u00f3n de espect\u00e1culos y tablaos flamencos. Su pasi\u00f3n por la historia y el arte flamenco se refleja en cada art\u00edculo, donde combina experiencia, criterio y un profundo respeto por la tradici\u00f3n.","sameAs":["https:\/\/www.tablaosflamencos.com","https:\/\/www.instagra.com\/miguelortizfe","https:\/\/www.linkedin.com\/in\/miguelortizf\/"],"birthDate":"1984-11-22","gender":"hombre","knowsLanguage":["espa\u00f1ol","ingl\u00e9s"],"jobTitle":"Empresario flamenco"},{"@type":"PostalAddress","@id":"https:\/\/www.tablaosflamencos.com\/en\/flamenco-real-alcazar-seville-biennial-2026.html#local-main-place-address","streetAddress":"C\/ Alemanes, 19","addressLocality":"Sevilla","postalCode":"41004","addressRegion":"Sevilla","addressCountry":"ES"},{"@type":"ImageObject","inLanguage":"en-US","@id":"https:\/\/www.tablaosflamencos.com\/en\/flamenco-real-alcazar-seville-biennial-2026.html#local-main-organization-logo","url":"https:\/\/www.tablaosflamencos.com\/wp-content\/uploads\/tablaos-flamencos-06-3.webp","contentUrl":"https:\/\/www.tablaosflamencos.com\/wp-content\/uploads\/tablaos-flamencos-06-3.webp","width":600,"height":620,"caption":"Tablaos Flamencos"}]},"geo.placename":"Sevilla","geo.position":{"lat":"37.3868072","long":"-5.993280299999999"},"geo.region":"Spain"},"_links":{"self":[{"href":"https:\/\/www.tablaosflamencos.com\/en\/wp-json\/wp\/v2\/posts\/13860","targetHints":{"allow":["GET"]}}],"collection":[{"href":"https:\/\/www.tablaosflamencos.com\/en\/wp-json\/wp\/v2\/posts"}],"about":[{"href":"https:\/\/www.tablaosflamencos.com\/en\/wp-json\/wp\/v2\/types\/post"}],"author":[{"embeddable":true,"href":"https:\/\/www.tablaosflamencos.com\/en\/wp-json\/wp\/v2\/users\/1"}],"replies":[{"embeddable":true,"href":"https:\/\/www.tablaosflamencos.com\/en\/wp-json\/wp\/v2\/comments?post=13860"}],"version-history":[{"count":13,"href":"https:\/\/www.tablaosflamencos.com\/en\/wp-json\/wp\/v2\/posts\/13860\/revisions"}],"predecessor-version":[{"id":13971,"href":"https:\/\/www.tablaosflamencos.com\/en\/wp-json\/wp\/v2\/posts\/13860\/revisions\/13971"}],"wp:featuredmedia":[{"embeddable":true,"href":"https:\/\/www.tablaosflamencos.com\/en\/wp-json\/wp\/v2\/media\/13859"}],"wp:attachment":[{"href":"https:\/\/www.tablaosflamencos.com\/en\/wp-json\/wp\/v2\/media?parent=13860"}],"wp:term":[{"taxonomy":"category","embeddable":true,"href":"https:\/\/www.tablaosflamencos.com\/en\/wp-json\/wp\/v2\/categories?post=13860"},{"taxonomy":"post_tag","embeddable":true,"href":"https:\/\/www.tablaosflamencos.com\/en\/wp-json\/wp\/v2\/tags?post=13860"}],"curies":[{"name":"wp","href":"https:\/\/api.w.org\/{rel}","templated":true}]}}