{"id":13662,"date":"2026-08-31T18:07:57","date_gmt":"2026-08-31T16:07:57","guid":{"rendered":"https:\/\/www.tablaosflamencos.com\/?p=13662"},"modified":"2026-08-31T18:26:24","modified_gmt":"2026-08-31T16:26:24","slug":"antonio-mairena-cante-jondo-festival-2026","status":"publish","type":"post","link":"https:\/\/www.tablaosflamencos.com\/en\/antonio-mairena-cante-jondo-festival-2026.html","title":{"rendered":"Antonio Mairena Cante Jondo Festival 2026: programme, artists, dates and tickets"},"content":{"rendered":"<section class=\"l-section wpb_row height_huge\"><div class=\"l-section-h i-cf\"><div class=\"g-cols vc_row via_flex valign_top type_default stacking_default\"><div class=\"vc_col-sm-6 wpb_column vc_column_container\"><div class=\"vc_column-inner\"><div class=\"wpb_wrapper\"><div class=\"wpb_text_column\"><div class=\"wpb_wrapper\"><h2>Antonio Mairena Cante Jondo Festival 2026: five days to experience flamenco in one of its great temples<\/h2>\n<p>Mairena del Alcor once again becomes one of the centres of Andalusian flamenco with the celebration of the <strong>65th Antonio Mairena Cante Jondo Festival<\/strong>, which will take place <strong>from 1 to 5 September 2026<\/strong>. This edition brings together singing, guitar, dance, talks, a masterclass, the historic National Cante Jondo Competition and a major final gala headlined by figures such as <strong>Jos\u00e9 Merc\u00e9, La Macanita and Farruquito<\/strong>.<\/p>\n<p>The 2026 festival is <strong>dedicated to Diego Clavel<\/strong> and maintains the spirit that has defined this event from its beginnings: championing cante, preserving flamenco memory and bringing together different generations of artists in Mairena del Alcor, a town closely linked to the figure of Antonio Mairena.<\/p>\n<p>The programme is spread across the <strong>Casa Palacio de los Duques de Arcos<\/strong>, the <strong>Calixto S\u00e1nchez Municipal Theatre<\/strong> and the <strong>Manuel Mairena Municipal Auditorium<\/strong>. In addition, on 28 August the <strong>Flamenkedada<\/strong>is held as a prelude, a flamenco-fusion event aimed at younger audiences.<\/p>\n<\/div><\/div><\/div><\/div><\/div><div class=\"vc_col-sm-6 wpb_column vc_column_container\"><div class=\"vc_column-inner\"><div class=\"wpb_wrapper\"><div class=\"wpb_text_column\"><div class=\"wpb_wrapper\"><h3>Antonio Mairena Festival 2026: essential information<\/h3>\n<ul>\n<li><strong>Edition:<\/strong> 65th Antonio Mairena Cante Jondo Festival.<\/li>\n<li><strong>Dates:<\/strong> 1 to 5 September 2026.<\/li>\n<li><strong>Location:<\/strong> Mairena del Alcor, Seville.<\/li>\n<li><strong>Dedicated to:<\/strong> Diego Clavel.<\/li>\n<li><strong>Final Gala:<\/strong> 5 September, 10:00 pm.<\/li>\n<li><strong>Gala artists:<\/strong> Jos\u00e9 Merc\u00e9, La Macanita, Juan de Mairena, Roc\u00edo Luna and Farruquito, among others.<\/li>\n<li><strong>Tickets:<\/strong> from \u20ac10 for paid shows, depending on the ticket type.<\/li>\n<li><strong>Sales:<\/strong> official website, Giglon platform and sales points indicated by the Town Council.<\/li>\n<\/ul>\n<p><small>The programme and sales conditions may change. We recommend checking the official information before travelling.<\/small><\/p>\n<\/div><\/div><div class=\"w-separator size_medium\"><\/div><div class=\"w-hwrapper valign_top wrap stack_on_mobiles align_center\" style=\"--hwrapper-gap:1.2rem\"><div class=\"w-btn-wrapper align_none\"><a class=\"w-btn us-btn-style_1\" href=\"https:\/\/festivalmairena.com\/\"><span class=\"w-btn-label\">Official Festival Website<\/span><\/a><\/div><\/div><\/div><\/div><\/div><\/div><\/div><\/section><section class=\"l-section wpb_row height_huge color_alternate with_shape\"><div class=\"l-section-shape type_zigzag pos_top hor_flip\" style=\"height:3vmin;\"><svg xmlns=\"http:\/\/www.w3.org\/2000\/svg\" viewBox=\"0 0 64 8\" preserveAspectRatio=\"none\" width=\"100%\" height=\"100%\">\r\n\t<path fill=\"currentColor\" d=\"M64 8 L0 8 L0 0 L20 7.9 L40 3 L48 5 L64 0 Z\"\/>\r\n<\/svg><\/div><div class=\"l-section-shape type_zigzag pos_bottom\" style=\"height:3vmin;\"><svg xmlns=\"http:\/\/www.w3.org\/2000\/svg\" viewBox=\"0 0 64 8\" preserveAspectRatio=\"none\" width=\"100%\" height=\"100%\">\r\n\t<path fill=\"currentColor\" d=\"M64 8 L0 8 L0 0 L20 7.9 L40 3 L48 5 L64 0 Z\"\/>\r\n<\/svg><\/div><div class=\"l-section-h i-cf\"><div class=\"g-cols vc_row via_flex valign_top type_default stacking_default\"><div class=\"vc_col-sm-12 wpb_column vc_column_container\"><div class=\"vc_column-inner\"><div class=\"wpb_wrapper\"><div class=\"wpb_text_column\"><div class=\"wpb_wrapper\"><h2>Full programme of the Antonio Mairena Cante Jondo Festival 2026<\/h2>\n<p>The 2026 edition combines recitals, reflection, training, dance and competition. The main programme runs from Tuesday 1 to Saturday 5 September, while the Flamenkedada on 28 August acts as a prologue to the festival.<\/p>\n<h3>Tuesday 1 September: opening, Diego Clavel and Rubito de Par\u00e1<\/h3>\n<p>The <strong>Casa Palacio de los Duques de Arcos<\/strong> hosts the first day. At <strong>9:00 pm<\/strong> the institutional opening ceremony is scheduled. Afterwards, at <strong>9:15 pm<\/strong>, Pedro L\u00f3phe gives the talk <em>Diego Clavel: ethics and aesthetics<\/em>, linked to the dedication of this edition.<\/p>\n<p>The evening concludes at <strong>10:30 pm<\/strong> with a flamenco recital by <strong>Rubito de Par\u00e1<\/strong>, accompanied on guitar by <strong>Antonio Carri\u00f3n<\/strong>. The events announced for this first evening are free until capacity is reached.<\/p>\n<h3>Wednesday 2 September: Ballet Flamenco de Andaluc\u00eda<\/h3>\n<p>The <strong>Calixto S\u00e1nchez Municipal Theatre<\/strong> hosts at <strong>9:30 pm<\/strong> the show <em>Flamenco Patrimonio<\/em>, by the <strong>Ballet Flamenco de Andaluc\u00eda<\/strong>. It is one of the main stage events of the week and requires a paid ticket.<\/p>\n<h3>Thursday 3 September: training, memory and guitar<\/h3>\n<p>The day begins at <strong>11:00 am<\/strong> at the Calixto S\u00e1nchez Municipal Theatre with a <strong>flamenco dance masterclass by Alejandro Rodr\u00edguez<\/strong>. The organisers announced free registration with limited places.<\/p>\n<p>In the evening, activity returns to the Casa Palacio de los Duques de Arcos. At <strong>9:00 pm<\/strong> the event <em>Romerito de Jerez, almost a century of flamenco testimony<\/em>will take place, with <strong>Romerito de Jerez and Juan Garrido<\/strong>. At <strong>10:30 pm<\/strong>, <strong>Diego del Morao<\/strong> will give a flamenco guitar recital.<\/p>\n<\/div><\/div><\/div><\/div><\/div><\/div><\/div><\/section><section class=\"l-section wpb_row height_huge\"><div class=\"l-section-h i-cf\"><div class=\"g-cols vc_row via_flex valign_top type_default stacking_default\"><div class=\"vc_col-sm-6 wpb_column vc_column_container\"><div class=\"vc_column-inner\"><div class=\"wpb_wrapper\"><div class=\"wpb_text_column\"><div class=\"wpb_wrapper\"><h2>4 September: the National Competition becomes a festival<\/h2>\n<p>Friday 4 brings one of the most distinctive nights of this edition: the <strong>64th Antonio Mairena National Cante Jondo Competition<\/strong>, scheduled for <strong>10:00 pm<\/strong> at the Manuel Mairena Municipal Auditorium.<\/p>\n<p>This edition is <strong>dedicated to Aurora Vargas<\/strong> and is presented under the concept <em>The competition turned into a festival<\/em>. The announced line-up includes <strong>Remedios Reyes<\/strong>, with Julio Romero on guitar; <strong>Ana La Yiya<\/strong>, with Antonio Garc\u00eda; <strong>Caracolillo de C\u00e1diz<\/strong>, with Nono Reyes; <strong>Manuel C\u00e1stulo<\/strong>, with Manolo Herrera; and <strong>Rubio de Pruna<\/strong>, accompanied by Marcos de Silva.<\/p>\n<p>The evening also features dance by <strong>Mar\u00eda T\u00e1vora and her company<\/strong>, palmas by Cepa N\u00fa\u00f1ez and Manuel Vinaza, and presentation by <strong>Juan Garrido<\/strong>.<\/p>\n<p>The National Competition is a fundamental part of Mairena del Alcor&#8217;s flamenco identity and complements the festival programme with an event specifically focused on cante.<\/p>\n<\/div><\/div><\/div><\/div><\/div><div class=\"vc_col-sm-6 wpb_column vc_column_container\"><div class=\"vc_column-inner\"><div class=\"wpb_wrapper\"><div class=\"wpb_text_column\"><div class=\"wpb_wrapper\"><h2>5 September: Grand Gala with Jos\u00e9 Merc\u00e9, La Macanita and Farruquito<\/h2>\n<p>On Saturday 5 September, at <strong>10:00 pm<\/strong>, the <strong>Manuel Mairena Municipal Auditorium<\/strong> hosts the Grand Gala of the 65th Festival. It is the central night and features the broadest line-up of the edition.<\/p>\n<p><strong>On vocals<\/strong> will be <strong>Jos\u00e9 Merc\u00e9, La Macanita, Juan de Mairena and Roc\u00edo Luna<\/strong>. Guitarists will include <strong>Antonio Higuero, Manuel Valencia and Francisco G\u00f3mez<\/strong>.<\/p>\n<p>The dance spotlight will be on <strong>Juan Manuel Fern\u00e1ndez Montoya \u201cFarruquito\u201d<\/strong>, accompanied by singers Ismael de la Rosa \u201cEl Bola\u201d, Manuel de la Nina and Mari Viz\u00e1rraga; Manuel Valencia on guitar and Paco Vega on percussion.<\/p>\n<p>The gala will be presented by <strong>Manuel Mart\u00edn Mart\u00edn<\/strong>. Given the importance of the artists and the festival-closing nature of the event, this is the day for which checking ticket availability in advance is especially advisable.<\/p>\n<\/div><\/div><\/div><\/div><\/div><\/div><\/div><\/section><section class=\"l-section wpb_row height_huge color_alternate with_shape\"><div class=\"l-section-shape type_zigzag pos_top hor_flip\" style=\"height:3vmin;\"><svg xmlns=\"http:\/\/www.w3.org\/2000\/svg\" viewBox=\"0 0 64 8\" preserveAspectRatio=\"none\" width=\"100%\" height=\"100%\">\r\n\t<path fill=\"currentColor\" d=\"M64 8 L0 8 L0 0 L20 7.9 L40 3 L48 5 L64 0 Z\"\/>\r\n<\/svg><\/div><div class=\"l-section-shape type_zigzag pos_bottom\" style=\"height:3vmin;\"><svg xmlns=\"http:\/\/www.w3.org\/2000\/svg\" viewBox=\"0 0 64 8\" preserveAspectRatio=\"none\" width=\"100%\" height=\"100%\">\r\n\t<path fill=\"currentColor\" d=\"M64 8 L0 8 L0 0 L20 7.9 L40 3 L48 5 L64 0 Z\"\/>\r\n<\/svg><\/div><div class=\"l-section-h i-cf\"><div class=\"g-cols vc_row via_flex valign_top type_default stacking_default\"><div class=\"vc_col-sm-12 wpb_column vc_column_container\"><div class=\"vc_column-inner\"><div class=\"wpb_wrapper\"><div class=\"wpb_text_column\"><div class=\"wpb_wrapper\"><h2>Tickets and prices for the Antonio Mairena Festival 2026<\/h2>\n<p>Information published by official bodies sets prices from <strong>10 euros<\/strong>. For the Festival Gala, both unnumbered and numbered ticket options have been announced, while some events on the first days are free until capacity is reached.<\/p>\n<p>Published prices for the 2026 edition include:<\/p>\n<ul>\n<li><strong>Flamenkedada:<\/strong> \u20ac10.<\/li>\n<li><strong>Flamenco Patrimonio:<\/strong> \u20ac10.<\/li>\n<li><strong>Festival Gala:<\/strong> \u20ac15 for unnumbered seating and \u20ac20 for numbered seating, according to the published information.<\/li>\n<li><strong>Combined passes:<\/strong> options are available that include several paid activities.<\/li>\n<\/ul>\n<p>The organisers channel sales through the <strong>official festival website<\/strong>, the <strong>Giglon<\/strong> platform and in-person sales points announced by Mairena del Alcor Town Council. At the time of checking the programme, the show <em>Flamenco Patrimonio<\/em> appears on the official website as available only at the box office.<\/p>\n<p>As availability can change quickly in the final days, it is advisable to check the official channel before attending and not assume tickets will be available at the door.<\/p>\n<\/div><\/div><div class=\"w-separator size_medium\"><\/div><div class=\"w-hwrapper valign_top wrap stack_on_mobiles align_center\" style=\"--hwrapper-gap:1.2rem\"><div class=\"w-btn-wrapper align_none\"><a class=\"w-btn us-btn-style_1\" href=\"https:\/\/festivalmairena.com\/\"><span class=\"w-btn-label\">Check Festival Tickets<\/span><\/a><\/div><\/div><\/div><\/div><\/div><\/div><\/div><\/section><section class=\"l-section wpb_row height_huge\"><div class=\"l-section-h i-cf\"><div class=\"g-cols vc_row via_flex valign_top type_default stacking_default\"><div class=\"vc_col-sm-6 wpb_column vc_column_container\"><div class=\"vc_column-inner\"><div class=\"wpb_wrapper\"><div class=\"wpb_text_column\"><div class=\"wpb_wrapper\"><h2>Flamenkedada: the 28 August prologue<\/h2>\n<p>Although the official dates of the 65th Festival are 1 to 5 September, the project programme includes the <strong>Flamenkedada<\/strong>a few days earlier, scheduled for <strong>28 August<\/strong> at the Manuel Mairena Municipal Auditorium.<\/p>\n<p>The initiative broadens the festival&#8217;s traditional framework towards <strong>flamenco fusion<\/strong> and seeks to connect especially with younger audiences. The 2026 edition announces <strong>Gonzalo Alhambra and Cristian de Moret<\/strong> and tickets start at 10 euros.<\/p>\n<p>For anyone who wants to experience Mairena&#8217;s flamenco atmosphere before the main programme, this event serves as a genuine informal opening to the week.<\/p>\n<\/div><\/div><\/div><\/div><\/div><div class=\"vc_col-sm-6 wpb_column vc_column_container\"><div class=\"vc_column-inner\"><div class=\"wpb_wrapper\"><div class=\"wpb_text_column\"><div class=\"wpb_wrapper\"><h2>Three venues for a flamenco week<\/h2>\n<p>The festival is not concentrated in a single venue. This distribution makes it possible to combine heritage, theatre and larger open-air or auditorium formats.<\/p>\n<p><strong>Casa Palacio de los Duques de Arcos.<\/strong> It is one of Mairena del Alcor&#8217;s key historic spaces and hosts the opening, talks, meetings and more intimate recitals.<\/p>\n<p><strong>Calixto S\u00e1nchez Municipal Theatre.<\/strong> It hosts the Ballet Flamenco de Andaluc\u00eda show and the dance masterclass.<\/p>\n<p><strong>Manuel Mairena Municipal Auditorium.<\/strong> It is the venue for the highest-capacity nights, including the National Competition and the final Gala.<\/p>\n<p>If you plan to attend several activities during the week, it is advisable to check each day&#8217;s venue in advance, as times and locations change from one day to the next.<\/p>\n<\/div><\/div><\/div><\/div><\/div><\/div><\/div><\/section><section class=\"l-section wpb_row height_huge color_alternate with_shape\"><div class=\"l-section-shape type_zigzag pos_top hor_flip\" style=\"height:3vmin;\"><svg xmlns=\"http:\/\/www.w3.org\/2000\/svg\" viewBox=\"0 0 64 8\" preserveAspectRatio=\"none\" width=\"100%\" height=\"100%\">\r\n\t<path fill=\"currentColor\" d=\"M64 8 L0 8 L0 0 L20 7.9 L40 3 L48 5 L64 0 Z\"\/>\r\n<\/svg><\/div><div class=\"l-section-shape type_zigzag pos_bottom\" style=\"height:3vmin;\"><svg xmlns=\"http:\/\/www.w3.org\/2000\/svg\" viewBox=\"0 0 64 8\" preserveAspectRatio=\"none\" width=\"100%\" height=\"100%\">\r\n\t<path fill=\"currentColor\" d=\"M64 8 L0 8 L0 0 L20 7.9 L40 3 L48 5 L64 0 Z\"\/>\r\n<\/svg><\/div><div class=\"l-section-h i-cf\"><div class=\"g-cols vc_row via_flex valign_top type_default stacking_default\"><div class=\"vc_col-sm-12 wpb_column vc_column_container\"><div class=\"vc_column-inner\"><div class=\"wpb_wrapper\"><div class=\"wpb_text_column\"><div class=\"wpb_wrapper\"><h2>Why the Antonio Mairena Cante Jondo Festival is a historic event<\/h2>\n<p>The festival dates back to <strong>1962<\/strong>. According to the history published by the organisers, it began as a charity event promoted by <strong>Antonio Mairena<\/strong> in collaboration with the local parish priest and soon also received support from the Town Council.<\/p>\n<p>Since then, Mairena del Alcor has become associated with one of flamenco&#8217;s longest-running events. The festival does more than programme performances: its structure combines cante, research and outreach, recognition of veteran figures, new generations, guitar, dance and the National Competition.<\/p>\n<p>Antonio Mairena&#8217;s figure is inseparable from this identity. The singer from Mairena was one of the great reference points of 20th-century cante and in 1962 received the <strong>Third Golden Key of Cante<\/strong>. His artistic influence and his work recovering and organising repertoires shaped much of the flamenco debate of his era.<\/p>\n<p>The festival retains that connection with memory, but each edition incorporates contemporary artists and formats. The 2026 presence of Jos\u00e9 Merc\u00e9, La Macanita, Roc\u00edo Luna, Diego del Morao, Farruquito and the Ballet Flamenco de Andaluc\u00eda shows precisely this dialogue between tradition, established artists and newer generations.<\/p>\n<\/div><\/div><\/div><\/div><\/div><\/div><\/div><\/section><section class=\"l-section wpb_row height_huge\"><div class=\"l-section-h i-cf\"><div class=\"g-cols vc_row via_flex valign_top type_default stacking_default\"><div class=\"vc_col-sm-12 wpb_column vc_column_container\"><div class=\"vc_column-inner\"><div class=\"wpb_wrapper\"><div class=\"wpb_text_column\"><div class=\"wpb_wrapper\"><h2>How to combine the Mairena Festival with a flamenco visit to Seville<\/h2>\n<p>Mairena del Alcor is in the province of Seville, and the festival coincides with an especially intense period for flamenco in the area. For visitors spending several days in Seville, Mairena&#8217;s programme can become an evening excursion combined with other flamenco shows and experiences in the capital.<\/p>\n<p>The key is not to treat every day in the same way. Recitals at the Casa Palacio offer a different atmosphere from the National Competition or the final Gala, while Seville maintains a daily tablao programme that can complete the trip on nights when you do not attend the festival or when a particular performance is sold out.<\/p>\n<p>At Tablaos Flamencos you can browse and compare available shows in Seville to organise the rest of your stay.<\/p>\n<\/div><\/div><div class=\"w-separator size_medium\"><\/div><div class=\"w-hwrapper valign_top wrap stack_on_mobiles align_center\" style=\"--hwrapper-gap:1.2rem\"><div class=\"w-btn-wrapper align_none\"><a class=\"w-btn us-btn-style_1\" href=\"https:\/\/www.tablaosflamencos.com\/en\/flamenco-in-seville\"><span class=\"w-btn-label\">See flamenco in Seville<\/span><\/a><\/div><\/div><\/div><\/div><\/div><\/div><\/div><\/section><section class=\"l-section wpb_row height_huge color_alternate with_shape\"><div class=\"l-section-shape type_zigzag pos_top hor_flip\" style=\"height:3vmin;\"><svg xmlns=\"http:\/\/www.w3.org\/2000\/svg\" viewBox=\"0 0 64 8\" preserveAspectRatio=\"none\" width=\"100%\" height=\"100%\">\r\n\t<path fill=\"currentColor\" d=\"M64 8 L0 8 L0 0 L20 7.9 L40 3 L48 5 L64 0 Z\"\/>\r\n<\/svg><\/div><div class=\"l-section-shape type_zigzag pos_bottom\" style=\"height:3vmin;\"><svg xmlns=\"http:\/\/www.w3.org\/2000\/svg\" viewBox=\"0 0 64 8\" preserveAspectRatio=\"none\" width=\"100%\" height=\"100%\">\r\n\t<path fill=\"currentColor\" d=\"M64 8 L0 8 L0 0 L20 7.9 L40 3 L48 5 L64 0 Z\"\/>\r\n<\/svg><\/div><div class=\"l-section-h i-cf\"><div class=\"g-cols vc_row via_flex valign_top type_default stacking_default\"><div class=\"vc_col-sm-1\/5 wpb_column vc_column_container\"><div class=\"vc_column-inner\"><div class=\"wpb_wrapper\"><\/div><\/div><\/div><div class=\"vc_col-sm-3\/5 wpb_column vc_column_container\"><div class=\"vc_column-inner\"><div class=\"wpb_wrapper\"><div class=\"wpb_text_column\"><div class=\"wpb_wrapper\"><h2>Frequently asked questions about the Antonio Mairena Festival 2026<\/h2>\n<\/div><\/div><div class=\"w-separator size_medium\"><\/div><div class=\"w-tabs accordion toggle_style_1 has_scrolling\" style=\"--sections-title-size:inherit;--sections-gap:0.5rem;\"><div class=\"w-tabs-sections titles-align_none icon_plus cpos_left\"><div class=\"w-tabs-section\" id=\"u9a4\" itemscope itemprop=\"mainEntity\" itemtype=\"https:\/\/schema.org\/Question\"><button type=\"button\" class=\"w-tabs-section-header\" aria-controls=\"content-u9a4\" aria-expanded=\"false\"><h3 class=\"w-tabs-section-title\" itemprop=\"name\">When is the Antonio Mairena Cante Jondo Festival 2026 held?<\/h3><div class=\"w-tabs-section-control\"><\/div><\/button><div  class=\"w-tabs-section-content\" id=\"content-u9a4\" itemscope itemprop=\"acceptedAnswer\" itemtype=\"https:\/\/schema.org\/Answer\"><div class=\"w-tabs-section-content-h i-cf\" itemprop=\"text\"><div class=\"wpb_text_column\"><div class=\"wpb_wrapper\"><p>The 65th Antonio Mairena Cante Jondo Festival takes place from 1 to 5 September 2026 in Mairena del Alcor, Seville. The Flamenkedada is scheduled beforehand, on 28 August, as a prelude to the festival.<\/p>\n<\/div><\/div><\/div><\/div><\/div><div class=\"w-tabs-section\" id=\"lab4\" itemscope itemprop=\"mainEntity\" itemtype=\"https:\/\/schema.org\/Question\"><button type=\"button\" class=\"w-tabs-section-header\" aria-controls=\"content-lab4\" aria-expanded=\"false\"><h3 class=\"w-tabs-section-title\" itemprop=\"name\">Who performs at the Antonio Mairena Festival Gala 2026?<\/h3><div class=\"w-tabs-section-control\"><\/div><\/button><div  class=\"w-tabs-section-content\" id=\"content-lab4\" itemscope itemprop=\"acceptedAnswer\" itemtype=\"https:\/\/schema.org\/Answer\"><div class=\"w-tabs-section-content-h i-cf\" itemprop=\"text\"><div class=\"wpb_text_column\"><div class=\"wpb_wrapper\"><p>The 5 September gala brings together singers Jos\u00e9 Merc\u00e9, La Macanita, Juan de Mairena and Roc\u00edo Luna. Farruquito leads the dance, accompanied by his company, while Antonio Higuero, Manuel Valencia and Francisco G\u00f3mez also take part on guitar.<\/p>\n<\/div><\/div><\/div><\/div><\/div><div class=\"w-tabs-section\" id=\"vb98\" itemscope itemprop=\"mainEntity\" itemtype=\"https:\/\/schema.org\/Question\"><button type=\"button\" class=\"w-tabs-section-header\" aria-controls=\"content-vb98\" aria-expanded=\"false\"><h3 class=\"w-tabs-section-title\" itemprop=\"name\">How much do tickets cost?<\/h3><div class=\"w-tabs-section-control\"><\/div><\/button><div  class=\"w-tabs-section-content\" id=\"content-vb98\" itemscope itemprop=\"acceptedAnswer\" itemtype=\"https:\/\/schema.org\/Answer\"><div class=\"w-tabs-section-content-h i-cf\" itemprop=\"text\"><div class=\"wpb_text_column\"><div class=\"wpb_wrapper\"><p>There are free activities and paid performances. Published prices start at 10 euros. For the Gala, \u20ac15 unnumbered and \u20ac20 numbered ticket options have been announced, as well as combined passes. Check the current price and any booking fees on the official sales channel before purchasing.<\/p>\n<\/div><\/div><\/div><\/div><\/div><div class=\"w-tabs-section\" id=\"lc72\" itemscope itemprop=\"mainEntity\" itemtype=\"https:\/\/schema.org\/Question\"><button type=\"button\" class=\"w-tabs-section-header\" aria-controls=\"content-lc72\" aria-expanded=\"false\"><h3 class=\"w-tabs-section-title\" itemprop=\"name\">Where can I buy tickets for the Mairena Festival?<\/h3><div class=\"w-tabs-section-control\"><\/div><\/button><div  class=\"w-tabs-section-content\" id=\"content-lc72\" itemscope itemprop=\"acceptedAnswer\" itemtype=\"https:\/\/schema.org\/Answer\"><div class=\"w-tabs-section-content-h i-cf\" itemprop=\"text\"><div class=\"wpb_text_column\"><div class=\"wpb_wrapper\"><p>The organisers direct visitors to the official website, the Giglon platform and in-person sales points announced by Mairena del Alcor Town Council. Some activities may have specific sales conditions or free admission until capacity is reached.<\/p>\n<\/div><\/div><\/div><\/div><\/div><div class=\"w-tabs-section\" id=\"hd45\" itemscope itemprop=\"mainEntity\" itemtype=\"https:\/\/schema.org\/Question\"><button type=\"button\" class=\"w-tabs-section-header\" aria-controls=\"content-hd45\" aria-expanded=\"false\"><h3 class=\"w-tabs-section-title\" itemprop=\"name\">Where is the festival held?<\/h3><div class=\"w-tabs-section-control\"><\/div><\/button><div  class=\"w-tabs-section-content\" id=\"content-hd45\" itemscope itemprop=\"acceptedAnswer\" itemtype=\"https:\/\/schema.org\/Answer\"><div class=\"w-tabs-section-content-h i-cf\" itemprop=\"text\"><div class=\"wpb_text_column\"><div class=\"wpb_wrapper\"><p>The programme uses several venues in Mairena del Alcor: Casa Palacio de los Duques de Arcos, Calixto S\u00e1nchez Municipal Theatre and Manuel Mairena Municipal Auditorium. It is important to check the specific venue for each activity.<\/p>\n<\/div><\/div><\/div><\/div><\/div><div class=\"w-tabs-section\" id=\"ae1f\" itemscope itemprop=\"mainEntity\" itemtype=\"https:\/\/schema.org\/Question\"><button type=\"button\" class=\"w-tabs-section-header\" aria-controls=\"content-ae1f\" aria-expanded=\"false\"><h3 class=\"w-tabs-section-title\" itemprop=\"name\">Who is the festival dedicated to in 2026?<\/h3><div class=\"w-tabs-section-control\"><\/div><\/button><div  class=\"w-tabs-section-content\" id=\"content-ae1f\" itemscope itemprop=\"acceptedAnswer\" itemtype=\"https:\/\/schema.org\/Answer\"><div class=\"w-tabs-section-content-h i-cf\" itemprop=\"text\"><div class=\"wpb_text_column\"><div class=\"wpb_wrapper\"><p>The 65th edition is dedicated to singer Diego Clavel. In addition, the National Competition on 4 September pays tribute to Aurora Vargas.<\/p>\n<\/div><\/div><\/div><\/div><\/div><\/div><\/div><\/div><\/div><\/div><div class=\"vc_col-sm-1\/5 wpb_column vc_column_container\"><div class=\"vc_column-inner\"><div class=\"wpb_wrapper\"><\/div><\/div><\/div><\/div><\/div><\/section><section class=\"l-section wpb_row height_huge\"><div class=\"l-section-h i-cf\"><div class=\"g-cols vc_row via_flex valign_top type_default stacking_default\"><div class=\"vc_col-sm-12 wpb_column vc_column_container\"><div class=\"vc_column-inner\"><div class=\"wpb_wrapper\"><div class=\"wpb_text_column\"><div class=\"wpb_wrapper\"><h2>A week to experience Mairena from different angles<\/h2>\n<p>The Antonio Mairena Cante Jondo Festival reaches its 65th edition with a programme that refuses to reduce flamenco to a single formula. There is concert cante, solo guitar, dance, institutional creation, training, oral memory, competition and a gala featuring major names.<\/p>\n<p>For anyone looking for one of Andalusia&#8217;s great flamenco events in September, <strong>Mairena del Alcor offers five especially intense days from 1 to 5 September 2026<\/strong>. The combination of historic venues, established artists and continuity with a tradition begun in 1962 explains why the festival remains a reference point in Spain&#8217;s flamenco calendar.<\/p>\n<\/div><\/div><\/div><\/div><\/div><\/div><\/div><\/section><section class=\"l-section wpb_row height_huge color_alternate with_shape\"><div class=\"l-section-shape type_zigzag pos_top hor_flip\" style=\"height:3vmin;\"><svg xmlns=\"http:\/\/www.w3.org\/2000\/svg\" viewBox=\"0 0 64 8\" preserveAspectRatio=\"none\" width=\"100%\" height=\"100%\">\r\n\t<path fill=\"currentColor\" d=\"M64 8 L0 8 L0 0 L20 7.9 L40 3 L48 5 L64 0 Z\"\/>\r\n<\/svg><\/div><div class=\"l-section-shape type_zigzag pos_bottom\" style=\"height:3vmin;\"><svg xmlns=\"http:\/\/www.w3.org\/2000\/svg\" viewBox=\"0 0 64 8\" preserveAspectRatio=\"none\" width=\"100%\" height=\"100%\">\r\n\t<path fill=\"currentColor\" d=\"M64 8 L0 8 L0 0 L20 7.9 L40 3 L48 5 L64 0 Z\"\/>\r\n<\/svg><\/div><div class=\"l-section-h i-cf\"><div class=\"g-cols vc_row via_flex valign_top type_default stacking_default\"><div class=\"vc_col-sm-12 wpb_column vc_column_container\"><div class=\"vc_column-inner\"><div class=\"wpb_wrapper\"><div class=\"wpb_text_column\"><div class=\"wpb_wrapper\"><h2>Sources and updates<\/h2>\n<p>To prepare this guide, we cross-checked information published by the Festival organisers, Mairena del Alcor Town Council, the Andalusian Cultural Agenda and Seville Province Tourism.<\/p>\n<ul>\n<li><a href=\"https:\/\/festivalmairena.com\/\" target=\"_blank\" rel=\"noopener\">Antonio Mairena Cante Jondo Festival \u2014 official website<\/a>.<\/li>\n<li><a href=\"https:\/\/www.mairenadelalcor.es\/es\/ayuntamiento\/taquillaonline\/\" target=\"_blank\" rel=\"noopener\">Mairena del Alcor Town Council \u2014 online box office<\/a>.<\/li>\n<li><a href=\"https:\/\/www.juntadeandalucia.es\/cultura\/agendaculturaldeandalucia\/evento\/lxv-festival-de-cante-jondo-antonio-mairena-en-mairena-del-alcor\" target=\"_blank\" rel=\"noopener\">Andalusian Cultural Agenda \u2014 65th Festival<\/a>.<\/li>\n<li><a href=\"https:\/\/turismosevilla.org\/es\/eventos-y-fiestas\/lxv-festival-de-cante-jondo-antonio-mairena\" target=\"_blank\" rel=\"noopener\">Seville Province Tourism \u2014 Antonio Mairena Festival 2026<\/a>.<\/li>\n<\/ul>\n<p><small>Information reviewed on 31 August 2026. The programme, prices, schedules and access conditions may be changed by the organisers.<\/small><\/p>\n<\/div><\/div><\/div><\/div><\/div><\/div><\/div><\/section>\n","protected":false},"excerpt":{"rendered":"<p>Guide to the Antonio Mairena Cante Jondo Festival 2026: full programme, artists, schedules, National Competition, final Gala, prices and tickets from 1 to 5 September.<\/p>\n","protected":false},"author":1,"featured_media":13661,"comment_status":"closed","ping_status":"closed","sticky":false,"template":"","format":"standard","meta":{"_acf_changed":false,"wpai_generated_summary":"","_ayudawp_aiss_exclude":false,"_ayudawp_aiss_exclude_summary":false,"_ayudawp_aiss_summary":"","_ayudawp_aiss_summary_provider":"","_ayudawp_aiss_summary_hash":"","footnotes":""},"categories":[1667],"tags":[1235,1723,1144,1384],"class_list":["post-13662","post","type-post","status-publish","format-standard","has-post-thumbnail","hentry","category-flamenco-festivals","tag-festivales-flamencos","tag-flamenco-artists","tag-flamenco-en-sevilla","tag-flamenco-singing"],"acf":[],"yoast_head":"<!-- This site is optimized with the Yoast SEO Premium plugin v28.3 (Yoast SEO v28.3) - https:\/\/yoast.com\/product\/yoast-seo-premium-wordpress\/ -->\n<title>Antonio Mairena Festival 2026: programme and tickets<\/title>\n<meta name=\"description\" content=\"Programme for the Antonio Mairena Cante Jondo Festival 2026: dates, artists, times, National Competition, Gala, prices and tickets from 1 to 5 September.\" \/>\n<meta name=\"robots\" content=\"index, follow, max-snippet:-1, max-image-preview:large, max-video-preview:-1\" \/>\n<link rel=\"canonical\" href=\"https:\/\/www.tablaosflamencos.com\/en\/antonio-mairena-cante-jondo-festival-2026.html\" \/>\n<meta property=\"og:locale\" content=\"en_US\" \/>\n<meta property=\"og:type\" content=\"article\" \/>\n<meta property=\"og:title\" content=\"Antonio Mairena Cante Jondo Festival 2026: programme, artists, dates and tickets\" \/>\n<meta property=\"og:description\" content=\"Programme for the Antonio Mairena Cante Jondo Festival 2026: dates, artists, times, National Competition, Gala, prices and tickets from 1 to 5 September.\" \/>\n<meta property=\"og:url\" content=\"https:\/\/www.tablaosflamencos.com\/en\/antonio-mairena-cante-jondo-festival-2026.html\" \/>\n<meta property=\"og:site_name\" content=\"Tablaos Flamencos\" \/>\n<meta property=\"article:publisher\" content=\"https:\/\/www.facebook.com\/tablaosflamencos\" \/>\n<meta property=\"article:published_time\" content=\"2026-08-31T16:07:57+00:00\" \/>\n<meta property=\"article:modified_time\" content=\"2026-08-31T16:26:24+00:00\" \/>\n<meta property=\"og:image\" content=\"https:\/\/www.tablaosflamencos.com\/wp-content\/uploads\/festival-de-cante-jondo-antonio-mairena-2026-programa-artistas-fechas-y-entradas-01.webp\" \/>\n\t<meta property=\"og:image:width\" content=\"1477\" \/>\n\t<meta property=\"og:image:height\" content=\"1920\" \/>\n\t<meta property=\"og:image:type\" content=\"image\/webp\" \/>\n<meta name=\"author\" content=\"Miguel Ortiz\" \/>\n<meta name=\"twitter:card\" content=\"summary_large_image\" \/>\n<meta name=\"twitter:creator\" content=\"@tablaosflamenco\" \/>\n<meta name=\"twitter:site\" content=\"@tablaosflamenco\" \/>\n<meta name=\"twitter:label1\" content=\"Written by\" \/>\n\t<meta name=\"twitter:data1\" content=\"Miguel Ortiz\" \/>\n\t<meta name=\"twitter:label2\" content=\"Est. reading time\" \/>\n\t<meta name=\"twitter:data2\" content=\"12 minutes\" \/>\n<script type=\"application\/ld+json\" class=\"yoast-schema-graph\">{\"@context\":\"https:\\\/\\\/schema.org\",\"@graph\":[{\"@type\":\"Article\",\"@id\":\"https:\\\/\\\/www.tablaosflamencos.com\\\/en\\\/antonio-mairena-cante-jondo-festival-2026.html#article\",\"isPartOf\":{\"@id\":\"https:\\\/\\\/www.tablaosflamencos.com\\\/en\\\/antonio-mairena-cante-jondo-festival-2026.html\"},\"author\":{\"name\":\"Miguel Ortiz\",\"@id\":\"https:\\\/\\\/www.tablaosflamencos.com\\\/en#\\\/schema\\\/person\\\/e7a9ebe14eb75a52ceabfbffb3c54f5d\"},\"headline\":\"Antonio Mairena Cante Jondo Festival 2026: programme, artists, dates and tickets\",\"datePublished\":\"2026-08-31T16:07:57+00:00\",\"dateModified\":\"2026-08-31T16:26:24+00:00\",\"mainEntityOfPage\":{\"@id\":\"https:\\\/\\\/www.tablaosflamencos.com\\\/en\\\/antonio-mairena-cante-jondo-festival-2026.html\"},\"wordCount\":2481,\"publisher\":{\"@id\":\"https:\\\/\\\/www.tablaosflamencos.com\\\/en#organization\"},\"image\":{\"@id\":\"https:\\\/\\\/www.tablaosflamencos.com\\\/en\\\/antonio-mairena-cante-jondo-festival-2026.html#primaryimage\"},\"thumbnailUrl\":\"https:\\\/\\\/www.tablaosflamencos.com\\\/wp-content\\\/uploads\\\/festival-de-cante-jondo-antonio-mairena-2026-programa-artistas-fechas-y-entradas-01.webp\",\"keywords\":[\"festivales flamencos\",\"flamenco artists\",\"flamenco en Sevilla\",\"flamenco singing\"],\"articleSection\":[\"Flamenco festivals\"],\"inLanguage\":\"en-US\"},{\"@type\":\"WebPage\",\"@id\":\"https:\\\/\\\/www.tablaosflamencos.com\\\/en\\\/antonio-mairena-cante-jondo-festival-2026.html\",\"url\":\"https:\\\/\\\/www.tablaosflamencos.com\\\/en\\\/antonio-mairena-cante-jondo-festival-2026.html\",\"name\":\"Antonio Mairena Festival 2026: programme and tickets\",\"isPartOf\":{\"@id\":\"https:\\\/\\\/www.tablaosflamencos.com\\\/en#website\"},\"primaryImageOfPage\":{\"@id\":\"https:\\\/\\\/www.tablaosflamencos.com\\\/en\\\/antonio-mairena-cante-jondo-festival-2026.html#primaryimage\"},\"image\":{\"@id\":\"https:\\\/\\\/www.tablaosflamencos.com\\\/en\\\/antonio-mairena-cante-jondo-festival-2026.html#primaryimage\"},\"thumbnailUrl\":\"https:\\\/\\\/www.tablaosflamencos.com\\\/wp-content\\\/uploads\\\/festival-de-cante-jondo-antonio-mairena-2026-programa-artistas-fechas-y-entradas-01.webp\",\"datePublished\":\"2026-08-31T16:07:57+00:00\",\"dateModified\":\"2026-08-31T16:26:24+00:00\",\"description\":\"Programme for the Antonio Mairena Cante Jondo Festival 2026: dates, artists, times, National Competition, Gala, prices and tickets from 1 to 5 September.\",\"breadcrumb\":{\"@id\":\"https:\\\/\\\/www.tablaosflamencos.com\\\/en\\\/antonio-mairena-cante-jondo-festival-2026.html#breadcrumb\"},\"inLanguage\":\"en-US\",\"potentialAction\":[{\"@type\":\"ReadAction\",\"target\":[\"https:\\\/\\\/www.tablaosflamencos.com\\\/en\\\/antonio-mairena-cante-jondo-festival-2026.html\"]}]},{\"@type\":\"ImageObject\",\"inLanguage\":\"en-US\",\"@id\":\"https:\\\/\\\/www.tablaosflamencos.com\\\/en\\\/antonio-mairena-cante-jondo-festival-2026.html#primaryimage\",\"url\":\"https:\\\/\\\/www.tablaosflamencos.com\\\/wp-content\\\/uploads\\\/festival-de-cante-jondo-antonio-mairena-2026-programa-artistas-fechas-y-entradas-01.webp\",\"contentUrl\":\"https:\\\/\\\/www.tablaosflamencos.com\\\/wp-content\\\/uploads\\\/festival-de-cante-jondo-antonio-mairena-2026-programa-artistas-fechas-y-entradas-01.webp\",\"width\":1477,\"height\":1920,\"caption\":\"Festival de Cante Jondo Antonio Mairena 2026: programa, artistas, fechas y entradas\"},{\"@type\":\"BreadcrumbList\",\"@id\":\"https:\\\/\\\/www.tablaosflamencos.com\\\/en\\\/antonio-mairena-cante-jondo-festival-2026.html#breadcrumb\",\"itemListElement\":[{\"@type\":\"ListItem\",\"position\":1,\"name\":\"Home\",\"item\":\"https:\\\/\\\/www.tablaosflamencos.com\\\/en\"},{\"@type\":\"ListItem\",\"position\":2,\"name\":\"Antonio Mairena Cante Jondo Festival 2026: programme, artists, dates and tickets\"}]},{\"@type\":\"WebSite\",\"@id\":\"https:\\\/\\\/www.tablaosflamencos.com\\\/en#website\",\"url\":\"https:\\\/\\\/www.tablaosflamencos.com\\\/en\",\"name\":\"Tablaos Flamencos\",\"description\":\"Entradas para tablaos flamencos de Espa\u00f1a\",\"publisher\":{\"@id\":\"https:\\\/\\\/www.tablaosflamencos.com\\\/en#organization\"},\"alternateName\":\"Tablaos Flamencos\",\"potentialAction\":[{\"@type\":\"SearchAction\",\"target\":{\"@type\":\"EntryPoint\",\"urlTemplate\":\"https:\\\/\\\/www.tablaosflamencos.com\\\/en?s={search_term_string}\"},\"query-input\":{\"@type\":\"PropertyValueSpecification\",\"valueRequired\":true,\"valueName\":\"search_term_string\"}}],\"inLanguage\":\"en-US\"},{\"@type\":[\"Organization\",\"Place\",\"EntertainmentBusiness\"],\"@id\":\"https:\\\/\\\/www.tablaosflamencos.com\\\/en#organization\",\"name\":\"Tablaos Flamencos\",\"alternateName\":\"Tablaos Flamencos\",\"url\":\"https:\\\/\\\/www.tablaosflamencos.com\\\/en\",\"logo\":{\"@id\":\"https:\\\/\\\/www.tablaosflamencos.com\\\/en\\\/antonio-mairena-cante-jondo-festival-2026.html#local-main-organization-logo\"},\"image\":{\"@id\":\"https:\\\/\\\/www.tablaosflamencos.com\\\/en\\\/antonio-mairena-cante-jondo-festival-2026.html#local-main-organization-logo\"},\"sameAs\":[\"https:\\\/\\\/www.facebook.com\\\/tablaosflamencos\",\"https:\\\/\\\/x.com\\\/tablaosflamenco\",\"https:\\\/\\\/mastodon.social\\\/@tablaosflamencos\",\"https:\\\/\\\/www.instagram.com\\\/tablaosflamencos\",\"https:\\\/\\\/tiktok.com\\\/@tablaosflamencos\",\"https:\\\/\\\/www.linkedin.com\\\/company\\\/109408238\\\/\"],\"description\":\"Venta de entradas para espect\u00e1culos flamencos\",\"legalName\":\"Tablaos Flamencos\",\"foundingDate\":\"2015-01-01\",\"numberOfEmployees\":{\"@type\":\"QuantitativeValue\",\"minValue\":\"1\",\"maxValue\":\"10\"},\"address\":{\"@id\":\"https:\\\/\\\/www.tablaosflamencos.com\\\/en\\\/antonio-mairena-cante-jondo-festival-2026.html#local-main-place-address\"},\"geo\":{\"@type\":\"GeoCoordinates\",\"latitude\":\"37.3868072\",\"longitude\":\"-5.993280299999999\"},\"telephone\":[\"+34623787787\"],\"contactPoint\":{\"@type\":\"ContactPoint\",\"telephone\":\"+34623787787\",\"email\":\"info@tablaosflamencos.com\"},\"openingHoursSpecification\":{\"@type\":\"OpeningHoursSpecification\",\"dayOfWeek\":[\"Monday\",\"Tuesday\",\"Wednesday\",\"Thursday\",\"Friday\",\"Saturday\",\"Sunday\"],\"opens\":\"00:00\",\"closes\":\"23:59\"},\"email\":\"info@tablaosflamencos.com\",\"priceRange\":\"$$$\",\"currenciesAccepted\":\"\u20ac\"},{\"@type\":\"Person\",\"@id\":\"https:\\\/\\\/www.tablaosflamencos.com\\\/en#\\\/schema\\\/person\\\/e7a9ebe14eb75a52ceabfbffb3c54f5d\",\"name\":\"Miguel Ortiz\",\"description\":\"Miguel Ortiz es un empresario flamenco, con una s\u00f3lida trayectoria dentro del sector. Ha presidido entidades culturales vinculadas al flamenco y, cuenta con un amplio recorrido profesional en la gesti\u00f3n y promoci\u00f3n de espect\u00e1culos y tablaos flamencos. Su pasi\u00f3n por la historia y el arte flamenco se refleja en cada art\u00edculo, donde combina experiencia, criterio y un profundo respeto por la tradici\u00f3n.\",\"sameAs\":[\"https:\\\/\\\/www.tablaosflamencos.com\",\"https:\\\/\\\/www.instagra.com\\\/miguelortizfe\",\"https:\\\/\\\/www.linkedin.com\\\/in\\\/miguelortizf\\\/\"],\"birthDate\":\"1984-11-22\",\"gender\":\"hombre\",\"knowsLanguage\":[\"espa\u00f1ol\",\"ingl\u00e9s\"],\"jobTitle\":\"Empresario flamenco\"},{\"@type\":\"PostalAddress\",\"@id\":\"https:\\\/\\\/www.tablaosflamencos.com\\\/en\\\/antonio-mairena-cante-jondo-festival-2026.html#local-main-place-address\",\"streetAddress\":\"C\\\/ Alemanes, 19\",\"addressLocality\":\"Sevilla\",\"postalCode\":\"41004\",\"addressRegion\":\"Sevilla\",\"addressCountry\":\"ES\"},{\"@type\":\"ImageObject\",\"inLanguage\":\"en-US\",\"@id\":\"https:\\\/\\\/www.tablaosflamencos.com\\\/en\\\/antonio-mairena-cante-jondo-festival-2026.html#local-main-organization-logo\",\"url\":\"https:\\\/\\\/www.tablaosflamencos.com\\\/wp-content\\\/uploads\\\/tablaos-flamencos-06-3.webp\",\"contentUrl\":\"https:\\\/\\\/www.tablaosflamencos.com\\\/wp-content\\\/uploads\\\/tablaos-flamencos-06-3.webp\",\"width\":600,\"height\":620,\"caption\":\"Tablaos Flamencos\"}]}<\/script>\n<meta name=\"geo.placename\" content=\"Sevilla\" \/>\n<meta name=\"geo.position\" content=\"37.3868072;-5.993280299999999\" \/>\n<meta name=\"geo.region\" content=\"Spain\" \/>\n<!-- \/ Yoast SEO Premium plugin. -->","yoast_head_json":{"title":"Antonio Mairena Festival 2026: programme and tickets","description":"Programme for the Antonio Mairena Cante Jondo Festival 2026: dates, artists, times, National Competition, Gala, prices and tickets from 1 to 5 September.","robots":{"index":"index","follow":"follow","max-snippet":"max-snippet:-1","max-image-preview":"max-image-preview:large","max-video-preview":"max-video-preview:-1"},"canonical":"https:\/\/www.tablaosflamencos.com\/en\/antonio-mairena-cante-jondo-festival-2026.html","og_locale":"en_US","og_type":"article","og_title":"Antonio Mairena Cante Jondo Festival 2026: programme, artists, dates and tickets","og_description":"Programme for the Antonio Mairena Cante Jondo Festival 2026: dates, artists, times, National Competition, Gala, prices and tickets from 1 to 5 September.","og_url":"https:\/\/www.tablaosflamencos.com\/en\/antonio-mairena-cante-jondo-festival-2026.html","og_site_name":"Tablaos Flamencos","article_publisher":"https:\/\/www.facebook.com\/tablaosflamencos","article_published_time":"2026-08-31T16:07:57+00:00","article_modified_time":"2026-08-31T16:26:24+00:00","og_image":[{"width":1477,"height":1920,"url":"https:\/\/www.tablaosflamencos.com\/wp-content\/uploads\/festival-de-cante-jondo-antonio-mairena-2026-programa-artistas-fechas-y-entradas-01.webp","type":"image\/webp"}],"author":"Miguel Ortiz","twitter_card":"summary_large_image","twitter_creator":"@tablaosflamenco","twitter_site":"@tablaosflamenco","twitter_misc":{"Written by":"Miguel Ortiz","Est. reading time":"12 minutes"},"schema":{"@context":"https:\/\/schema.org","@graph":[{"@type":"Article","@id":"https:\/\/www.tablaosflamencos.com\/en\/antonio-mairena-cante-jondo-festival-2026.html#article","isPartOf":{"@id":"https:\/\/www.tablaosflamencos.com\/en\/antonio-mairena-cante-jondo-festival-2026.html"},"author":{"name":"Miguel Ortiz","@id":"https:\/\/www.tablaosflamencos.com\/en#\/schema\/person\/e7a9ebe14eb75a52ceabfbffb3c54f5d"},"headline":"Antonio Mairena Cante Jondo Festival 2026: programme, artists, dates and tickets","datePublished":"2026-08-31T16:07:57+00:00","dateModified":"2026-08-31T16:26:24+00:00","mainEntityOfPage":{"@id":"https:\/\/www.tablaosflamencos.com\/en\/antonio-mairena-cante-jondo-festival-2026.html"},"wordCount":2481,"publisher":{"@id":"https:\/\/www.tablaosflamencos.com\/en#organization"},"image":{"@id":"https:\/\/www.tablaosflamencos.com\/en\/antonio-mairena-cante-jondo-festival-2026.html#primaryimage"},"thumbnailUrl":"https:\/\/www.tablaosflamencos.com\/wp-content\/uploads\/festival-de-cante-jondo-antonio-mairena-2026-programa-artistas-fechas-y-entradas-01.webp","keywords":["festivales flamencos","flamenco artists","flamenco en Sevilla","flamenco singing"],"articleSection":["Flamenco festivals"],"inLanguage":"en-US"},{"@type":"WebPage","@id":"https:\/\/www.tablaosflamencos.com\/en\/antonio-mairena-cante-jondo-festival-2026.html","url":"https:\/\/www.tablaosflamencos.com\/en\/antonio-mairena-cante-jondo-festival-2026.html","name":"Antonio Mairena Festival 2026: programme and tickets","isPartOf":{"@id":"https:\/\/www.tablaosflamencos.com\/en#website"},"primaryImageOfPage":{"@id":"https:\/\/www.tablaosflamencos.com\/en\/antonio-mairena-cante-jondo-festival-2026.html#primaryimage"},"image":{"@id":"https:\/\/www.tablaosflamencos.com\/en\/antonio-mairena-cante-jondo-festival-2026.html#primaryimage"},"thumbnailUrl":"https:\/\/www.tablaosflamencos.com\/wp-content\/uploads\/festival-de-cante-jondo-antonio-mairena-2026-programa-artistas-fechas-y-entradas-01.webp","datePublished":"2026-08-31T16:07:57+00:00","dateModified":"2026-08-31T16:26:24+00:00","description":"Programme for the Antonio Mairena Cante Jondo Festival 2026: dates, artists, times, National Competition, Gala, prices and tickets from 1 to 5 September.","breadcrumb":{"@id":"https:\/\/www.tablaosflamencos.com\/en\/antonio-mairena-cante-jondo-festival-2026.html#breadcrumb"},"inLanguage":"en-US","potentialAction":[{"@type":"ReadAction","target":["https:\/\/www.tablaosflamencos.com\/en\/antonio-mairena-cante-jondo-festival-2026.html"]}]},{"@type":"ImageObject","inLanguage":"en-US","@id":"https:\/\/www.tablaosflamencos.com\/en\/antonio-mairena-cante-jondo-festival-2026.html#primaryimage","url":"https:\/\/www.tablaosflamencos.com\/wp-content\/uploads\/festival-de-cante-jondo-antonio-mairena-2026-programa-artistas-fechas-y-entradas-01.webp","contentUrl":"https:\/\/www.tablaosflamencos.com\/wp-content\/uploads\/festival-de-cante-jondo-antonio-mairena-2026-programa-artistas-fechas-y-entradas-01.webp","width":1477,"height":1920,"caption":"Festival de Cante Jondo Antonio Mairena 2026: programa, artistas, fechas y entradas"},{"@type":"BreadcrumbList","@id":"https:\/\/www.tablaosflamencos.com\/en\/antonio-mairena-cante-jondo-festival-2026.html#breadcrumb","itemListElement":[{"@type":"ListItem","position":1,"name":"Home","item":"https:\/\/www.tablaosflamencos.com\/en"},{"@type":"ListItem","position":2,"name":"Antonio Mairena Cante Jondo Festival 2026: programme, artists, dates and tickets"}]},{"@type":"WebSite","@id":"https:\/\/www.tablaosflamencos.com\/en#website","url":"https:\/\/www.tablaosflamencos.com\/en","name":"Tablaos Flamencos","description":"Entradas para tablaos flamencos de Espa\u00f1a","publisher":{"@id":"https:\/\/www.tablaosflamencos.com\/en#organization"},"alternateName":"Tablaos Flamencos","potentialAction":[{"@type":"SearchAction","target":{"@type":"EntryPoint","urlTemplate":"https:\/\/www.tablaosflamencos.com\/en?s={search_term_string}"},"query-input":{"@type":"PropertyValueSpecification","valueRequired":true,"valueName":"search_term_string"}}],"inLanguage":"en-US"},{"@type":["Organization","Place","EntertainmentBusiness"],"@id":"https:\/\/www.tablaosflamencos.com\/en#organization","name":"Tablaos Flamencos","alternateName":"Tablaos Flamencos","url":"https:\/\/www.tablaosflamencos.com\/en","logo":{"@id":"https:\/\/www.tablaosflamencos.com\/en\/antonio-mairena-cante-jondo-festival-2026.html#local-main-organization-logo"},"image":{"@id":"https:\/\/www.tablaosflamencos.com\/en\/antonio-mairena-cante-jondo-festival-2026.html#local-main-organization-logo"},"sameAs":["https:\/\/www.facebook.com\/tablaosflamencos","https:\/\/x.com\/tablaosflamenco","https:\/\/mastodon.social\/@tablaosflamencos","https:\/\/www.instagram.com\/tablaosflamencos","https:\/\/tiktok.com\/@tablaosflamencos","https:\/\/www.linkedin.com\/company\/109408238\/"],"description":"Venta de entradas para espect\u00e1culos flamencos","legalName":"Tablaos Flamencos","foundingDate":"2015-01-01","numberOfEmployees":{"@type":"QuantitativeValue","minValue":"1","maxValue":"10"},"address":{"@id":"https:\/\/www.tablaosflamencos.com\/en\/antonio-mairena-cante-jondo-festival-2026.html#local-main-place-address"},"geo":{"@type":"GeoCoordinates","latitude":"37.3868072","longitude":"-5.993280299999999"},"telephone":["+34623787787"],"contactPoint":{"@type":"ContactPoint","telephone":"+34623787787","email":"info@tablaosflamencos.com"},"openingHoursSpecification":{"@type":"OpeningHoursSpecification","dayOfWeek":["Monday","Tuesday","Wednesday","Thursday","Friday","Saturday","Sunday"],"opens":"00:00","closes":"23:59"},"email":"info@tablaosflamencos.com","priceRange":"$$$","currenciesAccepted":"\u20ac"},{"@type":"Person","@id":"https:\/\/www.tablaosflamencos.com\/en#\/schema\/person\/e7a9ebe14eb75a52ceabfbffb3c54f5d","name":"Miguel Ortiz","description":"Miguel Ortiz es un empresario flamenco, con una s\u00f3lida trayectoria dentro del sector. Ha presidido entidades culturales vinculadas al flamenco y, cuenta con un amplio recorrido profesional en la gesti\u00f3n y promoci\u00f3n de espect\u00e1culos y tablaos flamencos. Su pasi\u00f3n por la historia y el arte flamenco se refleja en cada art\u00edculo, donde combina experiencia, criterio y un profundo respeto por la tradici\u00f3n.","sameAs":["https:\/\/www.tablaosflamencos.com","https:\/\/www.instagra.com\/miguelortizfe","https:\/\/www.linkedin.com\/in\/miguelortizf\/"],"birthDate":"1984-11-22","gender":"hombre","knowsLanguage":["espa\u00f1ol","ingl\u00e9s"],"jobTitle":"Empresario flamenco"},{"@type":"PostalAddress","@id":"https:\/\/www.tablaosflamencos.com\/en\/antonio-mairena-cante-jondo-festival-2026.html#local-main-place-address","streetAddress":"C\/ Alemanes, 19","addressLocality":"Sevilla","postalCode":"41004","addressRegion":"Sevilla","addressCountry":"ES"},{"@type":"ImageObject","inLanguage":"en-US","@id":"https:\/\/www.tablaosflamencos.com\/en\/antonio-mairena-cante-jondo-festival-2026.html#local-main-organization-logo","url":"https:\/\/www.tablaosflamencos.com\/wp-content\/uploads\/tablaos-flamencos-06-3.webp","contentUrl":"https:\/\/www.tablaosflamencos.com\/wp-content\/uploads\/tablaos-flamencos-06-3.webp","width":600,"height":620,"caption":"Tablaos Flamencos"}]},"geo.placename":"Sevilla","geo.position":{"lat":"37.3868072","long":"-5.993280299999999"},"geo.region":"Spain"},"_links":{"self":[{"href":"https:\/\/www.tablaosflamencos.com\/en\/wp-json\/wp\/v2\/posts\/13662","targetHints":{"allow":["GET"]}}],"collection":[{"href":"https:\/\/www.tablaosflamencos.com\/en\/wp-json\/wp\/v2\/posts"}],"about":[{"href":"https:\/\/www.tablaosflamencos.com\/en\/wp-json\/wp\/v2\/types\/post"}],"author":[{"embeddable":true,"href":"https:\/\/www.tablaosflamencos.com\/en\/wp-json\/wp\/v2\/users\/1"}],"replies":[{"embeddable":true,"href":"https:\/\/www.tablaosflamencos.com\/en\/wp-json\/wp\/v2\/comments?post=13662"}],"version-history":[{"count":1,"href":"https:\/\/www.tablaosflamencos.com\/en\/wp-json\/wp\/v2\/posts\/13662\/revisions"}],"predecessor-version":[{"id":13675,"href":"https:\/\/www.tablaosflamencos.com\/en\/wp-json\/wp\/v2\/posts\/13662\/revisions\/13675"}],"wp:featuredmedia":[{"embeddable":true,"href":"https:\/\/www.tablaosflamencos.com\/en\/wp-json\/wp\/v2\/media\/13661"}],"wp:attachment":[{"href":"https:\/\/www.tablaosflamencos.com\/en\/wp-json\/wp\/v2\/media?parent=13662"}],"wp:term":[{"taxonomy":"category","embeddable":true,"href":"https:\/\/www.tablaosflamencos.com\/en\/wp-json\/wp\/v2\/categories?post=13662"},{"taxonomy":"post_tag","embeddable":true,"href":"https:\/\/www.tablaosflamencos.com\/en\/wp-json\/wp\/v2\/tags?post=13662"}],"curies":[{"name":"wp","href":"https:\/\/api.w.org\/{rel}","templated":true}]}}