{"id":15171,"date":"2026-09-06T16:53:49","date_gmt":"2026-09-06T14:53:49","guid":{"rendered":"https:\/\/www.tablaosflamencos.com\/?p=15171"},"modified":"2026-09-06T19:54:44","modified_gmt":"2026-09-06T17:54:44","slug":"trasnoches-flamencos-2026-malaga-programm-tickets","status":"publish","type":"post","link":"https:\/\/www.tablaosflamencos.com\/de\/trasnoches-flamencos-2026-malaga-programm-tickets.html","title":{"rendered":"Trasnoches Flamencos 2026: sieben Abende mit Gitarre, Gesang und Tanz in M\u00e1laga"},"content":{"rendered":"<section class=\"l-section wpb_row height_huge\"><div class=\"l-section-h i-cf\"><div class=\"g-cols vc_row via_flex valign_top type_default stacking_default\"><div class=\"vc_col-sm-6 wpb_column vc_column_container\"><div class=\"vc_column-inner\"><div class=\"wpb_wrapper\"><div class=\"wpb_text_column\"><div class=\"wpb_wrapper\"><h2>Trasnoches Flamencos 2026 in M\u00e1laga<\/h2>\n<p>Im September wird M\u00e1laga zu einer der spanischen Hauptst\u00e4dte der Gitarre, und im Rahmen des <strong>5. Internationalen Gitarrenfestivals M\u00e1laga Pepe Romero<\/strong> erh\u00e4lt der Flamenco eine eigene Reihe. <strong>Trasnoches Flamencos 2026<\/strong> vereint zwischen dem 4. und 26. September sieben Veranstaltungen mit einigen der interessantesten Namen der aktuellen Flamenco-Gitarre sowie Gesang und Tanz.<\/p>\n<p>Das Programm verbindet Solo-Gitarrenabende mit Begegnungen, bei denen sich das Spiel f\u00fcr Cante und Tanz \u00f6ffnet. Alejandro Hurtado und Inmaculada Salom\u00f3n er\u00f6ffneten die Reihe am 4. September; danach folgen El Amir, Pituquete mit Encarna Anillo, Daniel Casares, Jos\u00e9 Ferm\u00edn Fern\u00e1ndez, Joni Jim\u00e9nez mit Jes\u00fas M\u00e9ndez und Ricardo Fern\u00e1ndez del Moral.<\/p>\n<\/div><\/div><\/div><\/div><\/div><div class=\"vc_col-sm-6 wpb_column vc_column_container\"><div class=\"vc_column-inner\"><div class=\"wpb_wrapper\"><div class=\"wpb_text_column\"><div class=\"wpb_wrapper\"><h2>Wichtige Informationen<\/h2>\n<ul>\n<li><strong>Termine:<\/strong> 4. bis 26. September 2026.<\/li>\n<li><strong>Anzahl der Veranstaltungen:<\/strong> 7.<\/li>\n<li><strong>Stadt:<\/strong> M\u00e1laga.<\/li>\n<li><strong>Spielorte:<\/strong> Sala Fundaci\u00f3n Unicaja Mar\u00eda Cristina und Patio de Surtidores der Alcazaba.<\/li>\n<li><strong>Preise:<\/strong> 10 bis 18 \u20ac.<\/li>\n<li><strong>Verkauf:<\/strong> MiEntrada.<\/li>\n<li><strong>Schwerpunkt:<\/strong> Flamenco-Gitarre, Gesang und Tanz.<\/li>\n<\/ul>\n<\/div><\/div><\/div><\/div><\/div><\/div><\/div><\/section><section class=\"l-section wpb_row height_huge color_alternate with_shape\"><div class=\"l-section-shape type_zigzag pos_top\" style=\"height:3vmin;\"><svg xmlns=\"http:\/\/www.w3.org\/2000\/svg\" viewBox=\"0 0 64 8\" preserveAspectRatio=\"none\" width=\"100%\" height=\"100%\">\r\n\t<path fill=\"currentColor\" d=\"M64 8 L0 8 L0 0 L20 7.9 L40 3 L48 5 L64 0 Z\"\/>\r\n<\/svg><\/div><div class=\"l-section-shape type_zigzag pos_bottom\" style=\"height:3vmin;\"><svg xmlns=\"http:\/\/www.w3.org\/2000\/svg\" viewBox=\"0 0 64 8\" preserveAspectRatio=\"none\" width=\"100%\" height=\"100%\">\r\n\t<path fill=\"currentColor\" d=\"M64 8 L0 8 L0 0 L20 7.9 L40 3 L48 5 L64 0 Z\"\/>\r\n<\/svg><\/div><div class=\"l-section-h i-cf\"><div class=\"g-cols vc_row via_flex valign_top type_default stacking_default\"><div class=\"vc_col-sm-12 wpb_column vc_column_container\"><div class=\"vc_column-inner\"><div class=\"wpb_wrapper\"><div class=\"wpb_text_column\"><div class=\"wpb_wrapper\"><blockquote>\n<p><strong>Kurzantwort:<\/strong> Trasnoches Flamencos 2026 umfasst sieben Shows in M\u00e1laga vom 4. bis 26. September. Sie finden in der Sala Fundaci\u00f3n Unicaja Mar\u00eda Cristina und im Patio de Surtidores der Alcazaba von M\u00e1laga statt. Die Tickets kosten zwischen 10 und 18 Euro und werden \u00fcber MiEntrada verkauft.<\/p>\n<\/blockquote>\n<\/div><\/div><\/div><\/div><\/div><\/div><\/div><\/section><section class=\"l-section wpb_row height_huge\"><div class=\"l-section-h i-cf\"><div class=\"g-cols vc_row via_flex valign_top type_default stacking_default\"><div class=\"vc_col-sm-3 wpb_column vc_column_container\"><div class=\"vc_column-inner\"><div class=\"wpb_wrapper\"><\/div><\/div><\/div><div class=\"vc_col-sm-6 wpb_column vc_column_container\"><div class=\"vc_column-inner\"><div class=\"wpb_wrapper\"><div class=\"wpb_text_column\"><div class=\"wpb_wrapper\"><h2>Inhalt dieses Guides<\/h2>\n<ul>\n<li><a href=\"#programa\">Vollst\u00e4ndiges Programm<\/a><\/li>\n<li><a href=\"#ciclo\">Was ist Trasnoches Flamencos?<\/a><\/li>\n<li><a href=\"#artistas\">Die sieben Veranstaltungen<\/a><\/li>\n<li><a href=\"#sedes\">Spielorte<\/a><\/li>\n<li><a href=\"#entradas\">Tickets<\/a><\/li>\n<li><a href=\"#elegir\">Welches Konzert w\u00e4hlen?<\/a><\/li>\n<li><a href=\"#faq\">H\u00e4ufig gestellte Fragen<\/a><\/li>\n<\/ul>\n<\/div><\/div><\/div><\/div><\/div><div class=\"vc_col-sm-3 wpb_column vc_column_container\"><div class=\"vc_column-inner\"><div class=\"wpb_wrapper\"><\/div><\/div><\/div><\/div><\/div><\/section><section class=\"l-section wpb_row height_huge color_alternate with_shape\"><div class=\"l-section-shape type_zigzag pos_top\" style=\"height:3vmin;\"><svg xmlns=\"http:\/\/www.w3.org\/2000\/svg\" viewBox=\"0 0 64 8\" preserveAspectRatio=\"none\" width=\"100%\" height=\"100%\">\r\n\t<path fill=\"currentColor\" d=\"M64 8 L0 8 L0 0 L20 7.9 L40 3 L48 5 L64 0 Z\"\/>\r\n<\/svg><\/div><div class=\"l-section-shape type_zigzag pos_bottom\" style=\"height:3vmin;\"><svg xmlns=\"http:\/\/www.w3.org\/2000\/svg\" viewBox=\"0 0 64 8\" preserveAspectRatio=\"none\" width=\"100%\" height=\"100%\">\r\n\t<path fill=\"currentColor\" d=\"M64 8 L0 8 L0 0 L20 7.9 L40 3 L48 5 L64 0 Z\"\/>\r\n<\/svg><\/div><div class=\"l-section-h i-cf\"><div class=\"g-cols vc_row via_flex valign_top type_default stacking_default\"><div class=\"vc_col-sm-12 wpb_column vc_column_container\"><div class=\"vc_column-inner\"><div class=\"wpb_wrapper\"><div class=\"wpb_text_column\"><div class=\"wpb_wrapper\"><h2 id=\"programa\">Programm von Trasnoches Flamencos 2026 in M\u00e1laga<\/h2>\n<div style=\"overflow-x: auto;\">\n<table>\n<thead>\n<tr>\n<th>Datum<\/th>\n<th>K\u00fcnstler<\/th>\n<th>Uhrzeit<\/th>\n<th>Ort<\/th>\n<th>Preis<\/th>\n<\/tr>\n<\/thead>\n<tbody>\n<tr>\n<td>4. September<\/td>\n<td>Alejandro Hurtado + Inmaculada Salom\u00f3n<\/td>\n<td>19:30<\/td>\n<td>Sala Fundaci\u00f3n Unicaja Mar\u00eda Cristina<\/td>\n<td>12 \u20ac<\/td>\n<\/tr>\n<tr>\n<td>11. September<\/td>\n<td>El Amir<\/td>\n<td>19:30<\/td>\n<td>Sala Fundaci\u00f3n Unicaja Mar\u00eda Cristina<\/td>\n<td>10 \u20ac<\/td>\n<\/tr>\n<tr>\n<td>17. September<\/td>\n<td>Pituquete + Encarna Anillo<\/td>\n<td>21:30<\/td>\n<td>Patio de Surtidores, Alcazaba von M\u00e1laga<\/td>\n<td>15 \u20ac<\/td>\n<\/tr>\n<tr>\n<td>19. September<\/td>\n<td>Daniel Casares<\/td>\n<td>19:30<\/td>\n<td>Sala Fundaci\u00f3n Unicaja Mar\u00eda Cristina<\/td>\n<td>12 \u20ac<\/td>\n<\/tr>\n<tr>\n<td>24. September<\/td>\n<td>Jos\u00e9 Ferm\u00edn Fern\u00e1ndez<\/td>\n<td>21:30<\/td>\n<td>Patio de Surtidores, Alcazaba von M\u00e1laga<\/td>\n<td>15 \u20ac<\/td>\n<\/tr>\n<tr>\n<td>25. September<\/td>\n<td>Joni Jim\u00e9nez + Jes\u00fas M\u00e9ndez<\/td>\n<td>19:30<\/td>\n<td>Sala Fundaci\u00f3n Unicaja Mar\u00eda Cristina<\/td>\n<td>10 \u20ac<\/td>\n<\/tr>\n<tr>\n<td>26. September<\/td>\n<td>Ricardo Fern\u00e1ndez del Moral<\/td>\n<td>21:30<\/td>\n<td>Patio de Surtidores, Alcazaba von M\u00e1laga<\/td>\n<td>18 \u20ac<\/td>\n<\/tr>\n<\/tbody>\n<\/table>\n<\/div>\n<p>Die erste Veranstaltung fand am 4. September statt. Die \u00fcbrigen sechs liegen zwischen dem 11. und 26. September.<\/p>\n<\/div><\/div><\/div><\/div><\/div><\/div><\/div><\/section><section class=\"l-section wpb_row height_huge\"><div class=\"l-section-h i-cf\"><div class=\"g-cols vc_row via_flex valign_top type_default stacking_default\"><div class=\"vc_col-sm-6 wpb_column vc_column_container\"><div class=\"vc_column-inner\"><div class=\"wpb_wrapper\"><div class=\"wpb_text_column\"><div class=\"wpb_wrapper\"><h2 id=\"ciclo\">Was ist Trasnoches Flamencos?<\/h2>\n<p><strong>Trasnoches Flamencos<\/strong> ist der speziell dem Flamenco gewidmete Teil des Internationalen Gitarrenfestivals M\u00e1laga Pepe Romero. Die f\u00fcnfte Ausgabe des Festivals umfasst insgesamt 15 Konzerte zwischen dem 4. und 30. September 2026 mit Programmen f\u00fcr klassische, spanische und Flamenco-Gitarre sowie Beitr\u00e4gen zu Alter Musik und symphonischer Kreation.<\/p>\n<p>Innerhalb dieses Gesamtprogramms bilden die sieben als Trasnoches Flamencos ausgewiesenen N\u00e4chte ein kleines Festival im Festival. Die Gitarre ist der rote Faden, doch die Auswahl zeigt unterschiedliche Auffassungen des zeitgen\u00f6ssischen Spiels: von der Konzertgitarre \u00fcber die Begleitung des Cante und den Dialog mit dem Tanz bis hin zu Projekten, die Flamenco mit anderen Musiken verbinden.<\/p>\n<\/div><\/div><\/div><\/div><\/div><div class=\"vc_col-sm-6 wpb_column vc_column_container\"><div class=\"vc_column-inner\"><div class=\"wpb_wrapper\"><div class=\"wpb_text_column\"><div class=\"wpb_wrapper\"><h2>Das Festival und seine Spielorte<\/h2>\n<p>Veranstalter ist die European Guitar Foundation, und das Festival tr\u00e4gt den Namen von Pepe Romero, einem der international bekanntesten Gitarristen aus M\u00e1laga.<\/p>\n<p>Die Ausgabe 2026 findet an mehreren Orten der Stadt statt, Trasnoches Flamencos konzentriert sich jedoch auf zwei B\u00fchnen: die Sala Fundaci\u00f3n Unicaja Mar\u00eda Cristina und den Patio de Surtidores der Alcazaba.<\/p>\n<p>Wenn Sie w\u00e4hrend Ihres Aufenthalts weitere Flamenco-Shows entdecken m\u00f6chten, lesen Sie unseren Guide zu <a href=\"https:\/\/www.tablaosflamencos.com\/flamenco-en-malaga\">Flamenco in M\u00e1laga<\/a>.<\/p>\n<\/div><\/div><\/div><\/div><\/div><\/div><\/div><\/section><section class=\"l-section wpb_row height_huge color_alternate with_shape\"><div class=\"l-section-shape type_zigzag pos_top hor_flip\" style=\"height:3vmin;\"><svg xmlns=\"http:\/\/www.w3.org\/2000\/svg\" viewBox=\"0 0 64 8\" preserveAspectRatio=\"none\" width=\"100%\" height=\"100%\">\r\n\t<path fill=\"currentColor\" d=\"M64 8 L0 8 L0 0 L20 7.9 L40 3 L48 5 L64 0 Z\"\/>\r\n<\/svg><\/div><div class=\"l-section-shape type_zigzag pos_bottom\" style=\"height:3vmin;\"><svg xmlns=\"http:\/\/www.w3.org\/2000\/svg\" viewBox=\"0 0 64 8\" preserveAspectRatio=\"none\" width=\"100%\" height=\"100%\">\r\n\t<path fill=\"currentColor\" d=\"M64 8 L0 8 L0 0 L20 7.9 L40 3 L48 5 L64 0 Z\"\/>\r\n<\/svg><\/div><div class=\"l-section-h i-cf\"><div class=\"g-cols vc_row via_flex valign_top type_default stacking_default\"><div class=\"vc_col-sm-6 wpb_column vc_column_container\"><div class=\"vc_column-inner\"><div class=\"wpb_wrapper\"><div class=\"wpb_text_column\"><div class=\"wpb_wrapper\"><h2 id=\"artistas\">Die sieben Termine von Trasnoches Flamencos 2026<\/h2>\n<h3>4. September: Alejandro Hurtado und Inmaculada Salom\u00f3n<\/h3>\n<p>Die Reihe begann mit einem Programm, das <strong>Gitarre und Tanz<\/strong> zusammenf\u00fchrte. Alejandro Hurtado, Gewinner des Bord\u00f3n Minero 2017 und einer der jungen Gitarristen mit starker Pr\u00e4senz in der aktuellen Szene, teilte die B\u00fchne mit Inmaculada Salom\u00f3n, Solot\u00e4nzerin des Ballet Nacional de Espa\u00f1a.<\/p>\n<p>Es war der einzige Termin der Reihe, bei dem der Tanz ausdr\u00fccklich gemeinsam mit der Gitarre im Mittelpunkt stand.<\/p>\n<h3>11. September: El Amir<\/h3>\n<p><strong>El Amir<\/strong>, K\u00fcnstlername von Amir John Haddad, vertritt eine Flamenco-Sichtweise, die sich dem Mittelmeerraum, dem Nahen Osten und anderen musikalischen Sprachen \u00f6ffnet. Seine Beteiligung an Tourneen und Aufnahmen im Umfeld von Hans Zimmer hat ihm eine im Flamenco ungew\u00f6hnlich starke internationale Pr\u00e4senz verschafft.<\/p>\n<\/div><\/div><\/div><\/div><\/div><div class=\"vc_col-sm-6 wpb_column vc_column_container\"><div class=\"vc_column-inner\"><div class=\"wpb_wrapper\"><div class=\"wpb_text_column\"><div class=\"wpb_wrapper\"><h3>17. September: Pituquete und Encarna Anillo<\/h3>\n<p>Der dritte Termin wechselt in den <strong>Patio de Surtidores der Alcazaba von M\u00e1laga<\/strong>. Pituquetes Gitarre verbindet lateinamerikanische Wurzeln, Flamenco-Sprache und zeitgen\u00f6ssische Kreation. An seiner Seite steht die S\u00e4ngerin <strong>Encarna Anillo<\/strong>.<\/p>\n<h3>19. September: Daniel Casares<\/h3>\n<p><strong>Daniel Casares<\/strong> geh\u00f6rt zu den etablierten Namen der zeitgen\u00f6ssischen Flamenco-Gitarre. F\u00fcr ein Publikum, das einen Abend fast vollst\u00e4ndig auf das Gitarrenspiel konzentriert erleben m\u00f6chte, ist dies einer der klarsten Programmpunkte.<\/p>\n<\/div><\/div><\/div><\/div><\/div><\/div><\/div><\/section><section class=\"l-section wpb_row height_huge\"><div class=\"l-section-h i-cf\"><div class=\"g-cols vc_row via_flex valign_top type_default stacking_default\"><div class=\"vc_col-sm-6 wpb_column vc_column_container\"><div class=\"vc_column-inner\"><div class=\"wpb_wrapper\"><div class=\"wpb_text_column\"><div class=\"wpb_wrapper\"><h3>24. September: Jos\u00e9 Ferm\u00edn Fern\u00e1ndez<\/h3>\n<p>Der aus Granada stammende <strong>Jos\u00e9 Ferm\u00edn Fern\u00e1ndez<\/strong> z\u00e4hlt zu den bei Wettbewerben und Festivals am st\u00e4rksten ausgezeichneten Flamenco-Gitarristen seiner Generation. Zu seinen wichtigen Erfolgen geh\u00f6ren der Bord\u00f3n Minero beim Festival Internacional del Cante de las Minas und der erste Gitarrenpreis beim Concurso Nacional de Arte Flamenco de C\u00f3rdoba.<\/p>\n<p>Sein Recital findet am 24. September um <strong>21:30<\/strong> im Patio de Surtidores der Alcazaba statt. Sowohl die offizielle Ticketplattform als auch das Gesamtprogramm des Festivals nennen diese Uhrzeit.<\/p>\n<\/div><\/div><\/div><\/div><\/div><div class=\"vc_col-sm-6 wpb_column vc_column_container\"><div class=\"vc_column-inner\"><div class=\"wpb_wrapper\"><div class=\"wpb_text_column\"><div class=\"wpb_wrapper\"><h3>25. September: Joni Jim\u00e9nez und Jes\u00fas M\u00e9ndez<\/h3>\n<p>Einer der attraktivsten Abende f\u00fcr Cante-Fans bringt den Gitarristen <strong>Joni Jim\u00e9nez<\/strong> und den S\u00e4nger <strong>Jes\u00fas M\u00e9ndez<\/strong> zusammen. Der Termin zeigt deutlich die Rolle der Flamenco-Gitarre als Begleitung, Antwort und St\u00fctze des Gesangs.<\/p>\n<h3>26. September: Ricardo Fern\u00e1ndez del Moral<\/h3>\n<p>Trasnoches Flamencos 2026 endet mit <strong>Ricardo Fern\u00e1ndez del Moral<\/strong>, S\u00e4nger und Gitarrist, der beide zentralen Rollen eines Flamenco-Recitals allein \u00fcbernehmen kann. Das Abschlusskonzert beginnt um 21:30 im Patio de Surtidores der Alcazaba.<\/p>\n<\/div><\/div><\/div><\/div><\/div><\/div><\/div><\/section><section class=\"l-section wpb_row height_huge color_alternate with_shape\"><div class=\"l-section-shape type_zigzag pos_top\" style=\"height:3vmin;\"><svg xmlns=\"http:\/\/www.w3.org\/2000\/svg\" viewBox=\"0 0 64 8\" preserveAspectRatio=\"none\" width=\"100%\" height=\"100%\">\r\n\t<path fill=\"currentColor\" d=\"M64 8 L0 8 L0 0 L20 7.9 L40 3 L48 5 L64 0 Z\"\/>\r\n<\/svg><\/div><div class=\"l-section-shape type_zigzag pos_bottom\" style=\"height:3vmin;\"><svg xmlns=\"http:\/\/www.w3.org\/2000\/svg\" viewBox=\"0 0 64 8\" preserveAspectRatio=\"none\" width=\"100%\" height=\"100%\">\r\n\t<path fill=\"currentColor\" d=\"M64 8 L0 8 L0 0 L20 7.9 L40 3 L48 5 L64 0 Z\"\/>\r\n<\/svg><\/div><div class=\"l-section-h i-cf\"><div class=\"g-cols vc_row via_flex valign_top type_default stacking_default\"><div class=\"vc_col-sm-6 wpb_column vc_column_container\"><div class=\"vc_column-inner\"><div class=\"wpb_wrapper\"><div class=\"wpb_text_column\"><div class=\"wpb_wrapper\"><h2 id=\"sedes\">Zwei Spielorte f\u00fcr Flamenco<\/h2>\n<p>Die <strong>Sala Fundaci\u00f3n Unicaja Mar\u00eda Cristina<\/strong> im historischen Zentrum beherbergt die Termine am 4., 11., 19. und 25. September. Der Saal eignet sich besonders gut, um der Gitarre aufmerksam und aus n\u00e4chster N\u00e4he zuzuh\u00f6ren.<\/p>\n<p>Der <strong>Patio de Surtidores der Alcazaba von M\u00e1laga<\/strong> ist Schauplatz der Konzerte am 17., 24. und 26. September. Die Palastfestung bietet einen ganz anderen historischen Rahmen, der besonders bei Abendveranstaltungen reizvoll ist.<\/p>\n<\/div><\/div><\/div><\/div><\/div><div class=\"vc_col-sm-6 wpb_column vc_column_container\"><div class=\"vc_column-inner\"><div class=\"wpb_wrapper\"><div class=\"wpb_text_column\"><div class=\"wpb_wrapper\"><h2>So verbinden Sie das Festival mit M\u00e1laga<\/h2>\n<p>F\u00fcr die Konzerte in der Alcazaba nennt die offizielle Ticketplattform den Zugang \u00fcber die Calle Guill\u00e9n Sotelo am Eingang zum Aufzug der Alcazaba.<\/p>\n<p>Wer eigens f\u00fcr eines dieser Konzerte anreist, kann den Aufenthalt mit anderen Kulturangeboten und dem regul\u00e4ren Angebot an <a href=\"https:\/\/www.tablaosflamencos.com\/flamenco-en-malaga\">Tablaos und Flamenco-Shows in M\u00e1laga<\/a> verbinden.<\/p>\n<\/div><\/div><\/div><\/div><\/div><\/div><\/div><\/section><section class=\"l-section wpb_row height_huge\"><div class=\"l-section-h i-cf\"><div class=\"g-cols vc_row via_flex valign_top type_default stacking_default\"><div class=\"vc_col-sm-6 wpb_column vc_column_container\"><div class=\"vc_column-inner\"><div class=\"wpb_wrapper\"><div class=\"wpb_text_column\"><div class=\"wpb_wrapper\"><h2 id=\"entradas\">Tickets f\u00fcr Trasnoches Flamencos 2026<\/h2>\n<p>Die Tickets werden \u00fcber <strong>MiEntrada<\/strong> verkauft, die vom offiziellen Festival-Website verlinkte Ticketplattform. Die Preise liegen je nach Konzert zwischen <strong>10 und 18 Euro<\/strong>.<\/p>\n<ul>\n<li>El Amir: 10 \u20ac<\/li>\n<li>Joni Jim\u00e9nez + Jes\u00fas M\u00e9ndez: 10 \u20ac<\/li>\n<li>Alejandro Hurtado + Inmaculada Salom\u00f3n: 12 \u20ac<\/li>\n<li>Daniel Casares: 12 \u20ac<\/li>\n<li>Pituquete + Encarna Anillo: 15 \u20ac<\/li>\n<li>Jos\u00e9 Ferm\u00edn Fern\u00e1ndez: 15 \u20ac<\/li>\n<li>Ricardo Fern\u00e1ndez del Moral: 18 \u20ac<\/li>\n<\/ul>\n<\/div><\/div><\/div><\/div><\/div><div class=\"vc_col-sm-6 wpb_column vc_column_container\"><div class=\"vc_column-inner\"><div class=\"wpb_wrapper\"><div class=\"wpb_text_column\"><div class=\"wpb_wrapper\"><h2>Kauf und Verf\u00fcgbarkeit<\/h2>\n<p>Da die Spielorte nur begrenzte Kapazit\u00e4ten haben und fr\u00fchere Ausgaben ausverkaufte Konzerte verzeichneten, empfiehlt es sich, die Verf\u00fcgbarkeit fr\u00fchzeitig zu pr\u00fcfen, insbesondere f\u00fcr die Veranstaltungen in der Alcazaba und f\u00fcr Abende mit mehreren K\u00fcnstlern.<\/p>\n<p><a href=\"https:\/\/www.mientrada.net\/\" target=\"_blank\" rel=\"nofollow noopener\"><strong>Tickets bei MiEntrada pr\u00fcfen<\/strong><\/a> \u00b7 <a href=\"https:\/\/www.malagaguitarfestival.com\/\" target=\"_blank\" rel=\"nofollow noopener\"><strong>Offizielles Festivalprogramm ansehen<\/strong><\/a><\/p>\n<\/div><\/div><\/div><\/div><\/div><\/div><\/div><\/section><section class=\"l-section wpb_row height_huge color_alternate with_shape\"><div class=\"l-section-shape type_zigzag pos_top hor_flip\" style=\"height:3vmin;\"><svg xmlns=\"http:\/\/www.w3.org\/2000\/svg\" viewBox=\"0 0 64 8\" preserveAspectRatio=\"none\" width=\"100%\" height=\"100%\">\r\n\t<path fill=\"currentColor\" d=\"M64 8 L0 8 L0 0 L20 7.9 L40 3 L48 5 L64 0 Z\"\/>\r\n<\/svg><\/div><div class=\"l-section-shape type_zigzag pos_bottom\" style=\"height:3vmin;\"><svg xmlns=\"http:\/\/www.w3.org\/2000\/svg\" viewBox=\"0 0 64 8\" preserveAspectRatio=\"none\" width=\"100%\" height=\"100%\">\r\n\t<path fill=\"currentColor\" d=\"M64 8 L0 8 L0 0 L20 7.9 L40 3 L48 5 L64 0 Z\"\/>\r\n<\/svg><\/div><div class=\"l-section-h i-cf\"><div class=\"g-cols vc_row via_flex valign_top type_default stacking_default\"><div class=\"vc_col-sm-6 wpb_column vc_column_container\"><div class=\"vc_column-inner\"><div class=\"wpb_wrapper\"><div class=\"wpb_text_column\"><div class=\"wpb_wrapper\"><h2 id=\"elegir\">Welches Konzert w\u00e4hlen?<\/h2>\n<p>Wenn Sie nur einen Termin besuchen k\u00f6nnen, h\u00e4ngt die Wahl stark davon ab, welche Art von Flamenco Sie erleben m\u00f6chten. Wer <strong>Solo-Gitarre<\/strong> bevorzugt, findet mit Daniel Casares und Jos\u00e9 Ferm\u00edn Fern\u00e1ndez zwei besonders klare Optionen. Wenn Sie einen offeneren, st\u00e4rker von anderen musikalischen Sprachen beeinflussten Ansatz suchen, k\u00f6nnten El Amir oder Pituquete besser passen.<\/p>\n<p>F\u00fcr <strong>Cante mit Gitarre<\/strong> ist der Abend mit Joni Jim\u00e9nez und Jes\u00fas M\u00e9ndez einer der attraktivsten Termine der Reihe. Ricardo Fern\u00e1ndez del Moral bietet eine andere Variante: Gesang und Gitarre in einer einzigen Person.<\/p>\n<\/div><\/div><\/div><\/div><\/div><div class=\"vc_col-sm-6 wpb_column vc_column_container\"><div class=\"vc_column-inner\"><div class=\"wpb_wrapper\"><div class=\"wpb_text_column\"><div class=\"wpb_wrapper\"><h2>Meine Empfehlung nach Spielort<\/h2>\n<p>Die Recitals in der Alcazaba gewinnen durch einen der bekanntesten historischen Orte M\u00e1lagas zus\u00e4tzlichen Reiz, w\u00e4hrend Mar\u00eda Cristina als Konzertsaal st\u00e4rker auf konzentriertes Zuh\u00f6ren ausgerichtet ist.<\/p>\n<p>Wenn die Atmosph\u00e4re des Ortes genauso wichtig ist wie das Programm, w\u00fcrde ich einen der drei Abende in der Alcazaba w\u00e4hlen. Wenn das m\u00f6glichst aufmerksame H\u00f6ren der Gitarre im Vordergrund steht, eignet sich Mar\u00eda Cristina besonders gut.<\/p>\n<\/div><\/div><\/div><\/div><\/div><\/div><\/div><\/section><section class=\"l-section wpb_row height_huge\"><div class=\"l-section-h i-cf\"><div class=\"g-cols vc_row via_flex valign_top type_default stacking_default\"><div class=\"vc_col-sm-12 wpb_column vc_column_container\"><div class=\"vc_column-inner\"><div class=\"wpb_wrapper\"><div class=\"wpb_text_column\"><div class=\"wpb_wrapper\"><h2>Ein September im Zeichen der Flamenco-Gitarre in M\u00e1laga<\/h2>\n<p>Trasnoches Flamencos macht aus dem Gesamtprogramm des Pepe Romero Guitar Festival eine Gelegenheit, mehrere Generationen und Ausdrucksweisen des aktuellen Flamenco-Spiels kennenzulernen. Innerhalb von nur drei Wochen folgen Solo-Gitarre, Begleitung des Cante, Dialog mit dem Tanz und Projekte aufeinander, die die \u00fcblichen Grenzen des Flamenco erweitern.<\/p>\n<p>Mit Tickets ab 10 Euro und zwei Spielorten im Zentrum M\u00e1lagas z\u00e4hlt die Reihe zu den interessantesten Flamenco-Terminen der Stadt im September 2026. Der praktische Rat ist einfach: Verf\u00fcgbarkeit f\u00fcr jedes Datum pr\u00fcfen und bei einem Konzert in der Alcazaba den von den Veranstaltern angegebenen Zugang vorab kontrollieren.<\/p>\n<\/div><\/div><div class=\"w-separator size_medium\"><\/div><div class=\"w-hwrapper valign_top wrap align_center\" style=\"--hwrapper-gap:1.2rem\"><div class=\"w-btn-wrapper align_none\"><a class=\"w-btn us-btn-style_1\" href=\"\/?page_id=8784\"><span class=\"w-btn-label\">Flamenco in M\u00e1laga entdecken<\/span><\/a><\/div><div class=\"w-btn-wrapper align_none\"><a class=\"w-btn us-btn-style_1\" target=\" _blank\" rel=\" nofollow noopener\" href=\"https:\/\/www.malagaguitarfestival.com\/\"><span class=\"w-btn-label\">Offizielles Programm ansehen<\/span><\/a><\/div><\/div><\/div><\/div><\/div><\/div><\/div><\/section><section class=\"l-section wpb_row height_huge color_alternate with_shape\"><div class=\"l-section-shape type_zigzag pos_top\" style=\"height:3vmin;\"><svg xmlns=\"http:\/\/www.w3.org\/2000\/svg\" viewBox=\"0 0 64 8\" preserveAspectRatio=\"none\" width=\"100%\" height=\"100%\">\r\n\t<path fill=\"currentColor\" d=\"M64 8 L0 8 L0 0 L20 7.9 L40 3 L48 5 L64 0 Z\"\/>\r\n<\/svg><\/div><div class=\"l-section-h i-cf\"><div class=\"g-cols vc_row via_flex valign_top type_default stacking_default\"><div class=\"vc_col-sm-1\/5 wpb_column vc_column_container\"><div class=\"vc_column-inner\"><div class=\"wpb_wrapper\"><\/div><\/div><\/div><div class=\"vc_col-sm-3\/5 wpb_column vc_column_container\"><div class=\"vc_column-inner\"><div class=\"wpb_wrapper\"><div class=\"wpb_text_column\"><div class=\"wpb_wrapper\"><h2 id=\"faq\">H\u00e4ufig gestellte Fragen zu Trasnoches Flamencos 2026<\/h2>\n<\/div><\/div><div class=\"w-separator size_medium\"><\/div><div class=\"w-tabs accordion toggle_style_1 has_scrolling\" style=\"--sections-title-size:inherit;--sections-gap:0.5rem;\"><div class=\"w-tabs-sections titles-align_none icon_chevron cpos_right\"><div class=\"w-tabs-section\" id=\"mc76\"><button type=\"button\" class=\"w-tabs-section-header\" aria-controls=\"content-mc76\" aria-expanded=\"false\"><div class=\"w-tabs-section-title\">Wann findet Trasnoches Flamencos 2026 statt?<\/div><div class=\"w-tabs-section-control\"><\/div><\/button><div  class=\"w-tabs-section-content\" id=\"content-mc76\"><div class=\"w-tabs-section-content-h i-cf\"><div class=\"wpb_text_column\"><div class=\"wpb_wrapper\"><p>Die Reihe l\u00e4uft vom 4. bis 26. September 2026 im Rahmen des 5. Internationalen Gitarrenfestivals M\u00e1laga Pepe Romero.<\/p>\n<\/div><\/div><\/div><\/div><\/div><div class=\"w-tabs-section\" id=\"wd79\"><button type=\"button\" class=\"w-tabs-section-header\" aria-controls=\"content-wd79\" aria-expanded=\"false\"><div class=\"w-tabs-section-title\">Wie viele Veranstaltungen umfasst die Reihe?<\/div><div class=\"w-tabs-section-control\"><\/div><\/button><div  class=\"w-tabs-section-content\" id=\"content-wd79\"><div class=\"w-tabs-section-content-h i-cf\"><div class=\"wpb_text_column\"><div class=\"wpb_wrapper\"><p>Sieben Termine sind offiziell als Trasnoches Flamencos ausgewiesen.<\/p>\n<\/div><\/div><\/div><\/div><\/div><div class=\"w-tabs-section\" id=\"ye55\"><button type=\"button\" class=\"w-tabs-section-header\" aria-controls=\"content-ye55\" aria-expanded=\"false\"><div class=\"w-tabs-section-title\">Wo finden die Konzerte statt?<\/div><div class=\"w-tabs-section-control\"><\/div><\/button><div  class=\"w-tabs-section-content\" id=\"content-ye55\"><div class=\"w-tabs-section-content-h i-cf\"><div class=\"wpb_text_column\"><div class=\"wpb_wrapper\"><p>An zwei Orten in M\u00e1laga: in der Sala Fundaci\u00f3n Unicaja Mar\u00eda Cristina und im Patio de Surtidores der Alcazaba von M\u00e1laga.<\/p>\n<\/div><\/div><\/div><\/div><\/div><div class=\"w-tabs-section\" id=\"nf31\"><button type=\"button\" class=\"w-tabs-section-header\" aria-controls=\"content-nf31\" aria-expanded=\"false\"><div class=\"w-tabs-section-title\">Wie viel kosten die Tickets?<\/div><div class=\"w-tabs-section-control\"><\/div><\/button><div  class=\"w-tabs-section-content\" id=\"content-nf31\"><div class=\"w-tabs-section-content-h i-cf\"><div class=\"wpb_text_column\"><div class=\"wpb_wrapper\"><p>Die angek\u00fcndigten Preise liegen je nach Konzert zwischen 10 und 18 Euro.<\/p>\n<\/div><\/div><\/div><\/div><\/div><div class=\"w-tabs-section\" id=\"uffe\"><button type=\"button\" class=\"w-tabs-section-header\" aria-controls=\"content-uffe\" aria-expanded=\"false\"><div class=\"w-tabs-section-title\">Wo kann man Tickets kaufen?<\/div><div class=\"w-tabs-section-control\"><\/div><\/button><div  class=\"w-tabs-section-content\" id=\"content-uffe\"><div class=\"w-tabs-section-content-h i-cf\"><div class=\"wpb_text_column\"><div class=\"wpb_wrapper\"><p>Die offizielle Festivalwebsite verlinkt den Ticketverkauf f\u00fcr alle sieben Veranstaltungen zu MiEntrada.<\/p>\n<\/div><\/div><\/div><\/div><\/div><div class=\"w-tabs-section\" id=\"f0c5\"><button type=\"button\" class=\"w-tabs-section-header\" aria-controls=\"content-f0c5\" aria-expanded=\"false\"><div class=\"w-tabs-section-title\">Gibt es neben Gitarre auch Gesang und Tanz?<\/div><div class=\"w-tabs-section-control\"><\/div><\/button><div  class=\"w-tabs-section-content\" id=\"content-f0c5\"><div class=\"w-tabs-section-content-h i-cf\"><div class=\"wpb_text_column\"><div class=\"wpb_wrapper\"><p>Ja. Obwohl die Gitarre der rote Faden der Reihe ist, bietet die Er\u00f6ffnung Tanz mit Alejandro Hurtado und Inmaculada Salom\u00f3n, Gastgesang mit Encarna Anillo und Jes\u00fas M\u00e9ndez sowie Gesang und Gitarre von Ricardo Fern\u00e1ndez del Moral.<\/p>\n<\/div><\/div><\/div><\/div><\/div><\/div><\/div><\/div><\/div><\/div><div class=\"vc_col-sm-1\/5 wpb_column vc_column_container\"><div class=\"vc_column-inner\"><div class=\"wpb_wrapper\"><\/div><\/div><\/div><\/div><\/div><\/section>\n","protected":false},"excerpt":{"rendered":"<p>Trasnoches Flamencos 2026 bringt vom 4. bis 26. September sieben Flamenco-Abende mit Gitarre, Gesang und Tanz nach M\u00e1laga. Programm, K\u00fcnstler, Zeiten, Orte, Preise und Tickets.<\/p>\n","protected":false},"author":1,"featured_media":14935,"comment_status":"closed","ping_status":"closed","sticky":false,"template":"","format":"standard","meta":{"_acf_changed":false,"wpai_generated_summary":"","_ayudawp_aiss_exclude":false,"_ayudawp_aiss_exclude_summary":false,"_ayudawp_aiss_summary":"","_ayudawp_aiss_summary_provider":"","_ayudawp_aiss_summary_hash":"","footnotes":""},"categories":[1669],"tags":[1247,1412,1417,1416],"class_list":["post-15171","post","type-post","status-publish","format-standard","has-post-thumbnail","hentry","category-flamenco-festivals","tag-festivales-flamencos","tag-flamenco-gesang","tag-flamenco-gitarre","tag-flamenco-tanz"],"acf":[],"yoast_head":"<!-- This site is optimized with the Yoast SEO Premium plugin v28.4 (Yoast SEO v28.4) - https:\/\/yoast.com\/product\/yoast-seo-premium-wordpress\/ -->\n<title>Trasnoches Flamencos 2026 in M\u00e1laga: Programm und Tickets<\/title>\n<meta name=\"description\" content=\"Trasnoches Flamencos 2026 bietet vom 4. bis 26. September sieben Abende mit Flamenco-Gitarre, Gesang und Tanz in M\u00e1laga. Programm, K\u00fcnstler und Tickets.\" \/>\n<meta name=\"robots\" content=\"index, follow, max-snippet:-1, max-image-preview:large, max-video-preview:-1\" \/>\n<link rel=\"canonical\" href=\"https:\/\/www.tablaosflamencos.com\/de\/trasnoches-flamencos-2026-malaga-programm-tickets.html\" \/>\n<meta property=\"og:locale\" content=\"de_DE\" \/>\n<meta property=\"og:type\" content=\"article\" \/>\n<meta property=\"og:title\" content=\"Trasnoches Flamencos 2026: sieben Abende mit Gitarre, Gesang und Tanz in M\u00e1laga\" \/>\n<meta property=\"og:description\" content=\"Trasnoches Flamencos 2026 bietet vom 4. bis 26. September sieben Abende mit Flamenco-Gitarre, Gesang und Tanz in M\u00e1laga. Programm, K\u00fcnstler und Tickets.\" \/>\n<meta property=\"og:url\" content=\"https:\/\/www.tablaosflamencos.com\/de\/trasnoches-flamencos-2026-malaga-programm-tickets.html\" \/>\n<meta property=\"og:site_name\" content=\"Tablaos Flamencos\" \/>\n<meta property=\"article:publisher\" content=\"https:\/\/www.facebook.com\/tablaosflamencos\" \/>\n<meta property=\"article:published_time\" content=\"2026-09-06T14:53:49+00:00\" \/>\n<meta property=\"article:modified_time\" content=\"2026-09-06T17:54:44+00:00\" \/>\n<meta property=\"og:image\" content=\"https:\/\/www.tablaosflamencos.com\/wp-content\/uploads\/trasnoches-flamencos-2026-siete-citas-de-guitarra-cante-y-baile-en-malaga-01.webp\" \/>\n\t<meta property=\"og:image:width\" content=\"1672\" \/>\n\t<meta property=\"og:image:height\" content=\"941\" \/>\n\t<meta property=\"og:image:type\" content=\"image\/webp\" \/>\n<meta name=\"author\" content=\"Miguel Ortiz\" \/>\n<meta name=\"twitter:card\" content=\"summary_large_image\" \/>\n<meta name=\"twitter:creator\" content=\"@tablaosflamenco\" \/>\n<meta name=\"twitter:site\" content=\"@tablaosflamenco\" \/>\n<meta name=\"twitter:label1\" content=\"Verfasst von\" \/>\n\t<meta name=\"twitter:data1\" content=\"Miguel Ortiz\" \/>\n\t<meta name=\"twitter:label2\" content=\"Gesch\u00e4tzte Lesezeit\" \/>\n\t<meta name=\"twitter:data2\" content=\"11\u00a0Minuten\" \/>\n<script type=\"application\/ld+json\" class=\"yoast-schema-graph\">{\"@context\":\"https:\\\/\\\/schema.org\",\"@graph\":[{\"@type\":\"Article\",\"@id\":\"https:\\\/\\\/www.tablaosflamencos.com\\\/de\\\/trasnoches-flamencos-2026-malaga-programm-tickets.html#article\",\"isPartOf\":{\"@id\":\"https:\\\/\\\/www.tablaosflamencos.com\\\/de\\\/trasnoches-flamencos-2026-malaga-programm-tickets.html\"},\"author\":{\"name\":\"Miguel Ortiz\",\"@id\":\"https:\\\/\\\/www.tablaosflamencos.com\\\/de#\\\/schema\\\/person\\\/e7a9ebe14eb75a52ceabfbffb3c54f5d\"},\"headline\":\"Trasnoches Flamencos 2026: sieben Abende mit Gitarre, Gesang und Tanz in M\u00e1laga\",\"datePublished\":\"2026-09-06T14:53:49+00:00\",\"dateModified\":\"2026-09-06T17:54:44+00:00\",\"mainEntityOfPage\":{\"@id\":\"https:\\\/\\\/www.tablaosflamencos.com\\\/de\\\/trasnoches-flamencos-2026-malaga-programm-tickets.html\"},\"wordCount\":2187,\"publisher\":{\"@id\":\"https:\\\/\\\/www.tablaosflamencos.com\\\/de#organization\"},\"image\":{\"@id\":\"https:\\\/\\\/www.tablaosflamencos.com\\\/de\\\/trasnoches-flamencos-2026-malaga-programm-tickets.html#primaryimage\"},\"thumbnailUrl\":\"https:\\\/\\\/www.tablaosflamencos.com\\\/wp-content\\\/uploads\\\/trasnoches-flamencos-2026-siete-citas-de-guitarra-cante-y-baile-en-malaga-01.webp\",\"keywords\":[\"festivales flamencos\",\"Flamenco-Gesang\",\"Flamenco-Gitarre\",\"Flamenco-Tanz\"],\"articleSection\":[\"Flamenco-Festivals\"],\"inLanguage\":\"de\"},{\"@type\":\"WebPage\",\"@id\":\"https:\\\/\\\/www.tablaosflamencos.com\\\/de\\\/trasnoches-flamencos-2026-malaga-programm-tickets.html\",\"url\":\"https:\\\/\\\/www.tablaosflamencos.com\\\/de\\\/trasnoches-flamencos-2026-malaga-programm-tickets.html\",\"name\":\"Trasnoches Flamencos 2026 in M\u00e1laga: Programm und Tickets\",\"isPartOf\":{\"@id\":\"https:\\\/\\\/www.tablaosflamencos.com\\\/de#website\"},\"primaryImageOfPage\":{\"@id\":\"https:\\\/\\\/www.tablaosflamencos.com\\\/de\\\/trasnoches-flamencos-2026-malaga-programm-tickets.html#primaryimage\"},\"image\":{\"@id\":\"https:\\\/\\\/www.tablaosflamencos.com\\\/de\\\/trasnoches-flamencos-2026-malaga-programm-tickets.html#primaryimage\"},\"thumbnailUrl\":\"https:\\\/\\\/www.tablaosflamencos.com\\\/wp-content\\\/uploads\\\/trasnoches-flamencos-2026-siete-citas-de-guitarra-cante-y-baile-en-malaga-01.webp\",\"datePublished\":\"2026-09-06T14:53:49+00:00\",\"dateModified\":\"2026-09-06T17:54:44+00:00\",\"description\":\"Trasnoches Flamencos 2026 bietet vom 4. bis 26. September sieben Abende mit Flamenco-Gitarre, Gesang und Tanz in M\u00e1laga. Programm, K\u00fcnstler und Tickets.\",\"breadcrumb\":{\"@id\":\"https:\\\/\\\/www.tablaosflamencos.com\\\/de\\\/trasnoches-flamencos-2026-malaga-programm-tickets.html#breadcrumb\"},\"inLanguage\":\"de\",\"potentialAction\":[{\"@type\":\"ReadAction\",\"target\":[\"https:\\\/\\\/www.tablaosflamencos.com\\\/de\\\/trasnoches-flamencos-2026-malaga-programm-tickets.html\"]}]},{\"@type\":\"ImageObject\",\"inLanguage\":\"de\",\"@id\":\"https:\\\/\\\/www.tablaosflamencos.com\\\/de\\\/trasnoches-flamencos-2026-malaga-programm-tickets.html#primaryimage\",\"url\":\"https:\\\/\\\/www.tablaosflamencos.com\\\/wp-content\\\/uploads\\\/trasnoches-flamencos-2026-siete-citas-de-guitarra-cante-y-baile-en-malaga-01.webp\",\"contentUrl\":\"https:\\\/\\\/www.tablaosflamencos.com\\\/wp-content\\\/uploads\\\/trasnoches-flamencos-2026-siete-citas-de-guitarra-cante-y-baile-en-malaga-01.webp\",\"width\":1672,\"height\":941,\"caption\":\"Trasnoches Flamencos 2026: siete citas de guitarra, cante y baile en M\u00e1laga\"},{\"@type\":\"BreadcrumbList\",\"@id\":\"https:\\\/\\\/www.tablaosflamencos.com\\\/de\\\/trasnoches-flamencos-2026-malaga-programm-tickets.html#breadcrumb\",\"itemListElement\":[{\"@type\":\"ListItem\",\"position\":1,\"name\":\"Home\",\"item\":\"https:\\\/\\\/www.tablaosflamencos.com\\\/de\"},{\"@type\":\"ListItem\",\"position\":2,\"name\":\"Trasnoches Flamencos 2026: sieben Abende mit Gitarre, Gesang und Tanz in M\u00e1laga\"}]},{\"@type\":\"WebSite\",\"@id\":\"https:\\\/\\\/www.tablaosflamencos.com\\\/de#website\",\"url\":\"https:\\\/\\\/www.tablaosflamencos.com\\\/de\",\"name\":\"Tablaos Flamencos\",\"description\":\"Entradas para tablaos flamencos de Espa\u00f1a\",\"publisher\":{\"@id\":\"https:\\\/\\\/www.tablaosflamencos.com\\\/de#organization\"},\"alternateName\":\"Tablaos Flamencos\",\"potentialAction\":[{\"@type\":\"SearchAction\",\"target\":{\"@type\":\"EntryPoint\",\"urlTemplate\":\"https:\\\/\\\/www.tablaosflamencos.com\\\/de?s={search_term_string}\"},\"query-input\":{\"@type\":\"PropertyValueSpecification\",\"valueRequired\":true,\"valueName\":\"search_term_string\"}}],\"inLanguage\":\"de\"},{\"@type\":[\"Organization\",\"Place\",\"EntertainmentBusiness\"],\"@id\":\"https:\\\/\\\/www.tablaosflamencos.com\\\/de#organization\",\"name\":\"Tablaos Flamencos\",\"alternateName\":\"Tablaos Flamencos\",\"url\":\"https:\\\/\\\/www.tablaosflamencos.com\\\/de\",\"logo\":{\"@id\":\"https:\\\/\\\/www.tablaosflamencos.com\\\/de\\\/trasnoches-flamencos-2026-malaga-programm-tickets.html#local-main-organization-logo\"},\"image\":{\"@id\":\"https:\\\/\\\/www.tablaosflamencos.com\\\/de\\\/trasnoches-flamencos-2026-malaga-programm-tickets.html#local-main-organization-logo\"},\"sameAs\":[\"https:\\\/\\\/www.facebook.com\\\/tablaosflamencos\",\"https:\\\/\\\/x.com\\\/tablaosflamenco\",\"https:\\\/\\\/mastodon.social\\\/@tablaosflamencos\",\"https:\\\/\\\/www.instagram.com\\\/tablaosflamencos\",\"https:\\\/\\\/tiktok.com\\\/@tablaosflamencos\",\"https:\\\/\\\/www.linkedin.com\\\/company\\\/109408238\\\/\"],\"description\":\"Venta de entradas para espect\u00e1culos flamencos\",\"legalName\":\"Tablaos Flamencos\",\"foundingDate\":\"2015-01-01\",\"numberOfEmployees\":{\"@type\":\"QuantitativeValue\",\"minValue\":\"1\",\"maxValue\":\"10\"},\"address\":{\"@id\":\"https:\\\/\\\/www.tablaosflamencos.com\\\/de\\\/trasnoches-flamencos-2026-malaga-programm-tickets.html#local-main-place-address\"},\"geo\":{\"@type\":\"GeoCoordinates\",\"latitude\":\"37.3868072\",\"longitude\":\"-5.993280299999999\"},\"telephone\":[\"+34623787787\"],\"contactPoint\":{\"@type\":\"ContactPoint\",\"telephone\":\"+34623787787\",\"email\":\"info@tablaosflamencos.com\"},\"openingHoursSpecification\":{\"@type\":\"OpeningHoursSpecification\",\"dayOfWeek\":[\"Monday\",\"Tuesday\",\"Wednesday\",\"Thursday\",\"Friday\",\"Saturday\",\"Sunday\"],\"opens\":\"00:00\",\"closes\":\"23:59\"},\"email\":\"info@tablaosflamencos.com\",\"priceRange\":\"$$$\",\"currenciesAccepted\":\"\u20ac\"},{\"@type\":\"Person\",\"@id\":\"https:\\\/\\\/www.tablaosflamencos.com\\\/de#\\\/schema\\\/person\\\/e7a9ebe14eb75a52ceabfbffb3c54f5d\",\"name\":\"Miguel Ortiz\",\"description\":\"Miguel Ortiz es un empresario flamenco, con una s\u00f3lida trayectoria dentro del sector. Ha presidido entidades culturales vinculadas al flamenco y, cuenta con un amplio recorrido profesional en la gesti\u00f3n y promoci\u00f3n de espect\u00e1culos y tablaos flamencos. Su pasi\u00f3n por la historia y el arte flamenco se refleja en cada art\u00edculo, donde combina experiencia, criterio y un profundo respeto por la tradici\u00f3n.\",\"sameAs\":[\"https:\\\/\\\/www.tablaosflamencos.com\",\"https:\\\/\\\/www.instagra.com\\\/miguelortizfe\",\"https:\\\/\\\/www.linkedin.com\\\/in\\\/miguelortizf\\\/\"],\"birthDate\":\"1984-11-22\",\"gender\":\"hombre\",\"knowsLanguage\":[\"espa\u00f1ol\",\"ingl\u00e9s\"],\"jobTitle\":\"Empresario flamenco\"},{\"@type\":\"PostalAddress\",\"@id\":\"https:\\\/\\\/www.tablaosflamencos.com\\\/de\\\/trasnoches-flamencos-2026-malaga-programm-tickets.html#local-main-place-address\",\"streetAddress\":\"C\\\/ Alemanes, 19\",\"addressLocality\":\"Sevilla\",\"postalCode\":\"41004\",\"addressRegion\":\"Sevilla\",\"addressCountry\":\"ES\"},{\"@type\":\"ImageObject\",\"inLanguage\":\"de\",\"@id\":\"https:\\\/\\\/www.tablaosflamencos.com\\\/de\\\/trasnoches-flamencos-2026-malaga-programm-tickets.html#local-main-organization-logo\",\"url\":\"https:\\\/\\\/www.tablaosflamencos.com\\\/wp-content\\\/uploads\\\/tablaos-flamencos-06-3.webp\",\"contentUrl\":\"https:\\\/\\\/www.tablaosflamencos.com\\\/wp-content\\\/uploads\\\/tablaos-flamencos-06-3.webp\",\"width\":600,\"height\":620,\"caption\":\"Tablaos Flamencos\"}]}<\/script>\n<meta name=\"geo.placename\" content=\"Sevilla\" \/>\n<meta name=\"geo.position\" content=\"37.3868072;-5.993280299999999\" \/>\n<meta name=\"geo.region\" content=\"Spanien\" \/>\n<!-- \/ Yoast SEO Premium plugin. -->","yoast_head_json":{"title":"Trasnoches Flamencos 2026 in M\u00e1laga: Programm und Tickets","description":"Trasnoches Flamencos 2026 bietet vom 4. bis 26. September sieben Abende mit Flamenco-Gitarre, Gesang und Tanz in M\u00e1laga. Programm, K\u00fcnstler und Tickets.","robots":{"index":"index","follow":"follow","max-snippet":"max-snippet:-1","max-image-preview":"max-image-preview:large","max-video-preview":"max-video-preview:-1"},"canonical":"https:\/\/www.tablaosflamencos.com\/de\/trasnoches-flamencos-2026-malaga-programm-tickets.html","og_locale":"de_DE","og_type":"article","og_title":"Trasnoches Flamencos 2026: sieben Abende mit Gitarre, Gesang und Tanz in M\u00e1laga","og_description":"Trasnoches Flamencos 2026 bietet vom 4. bis 26. September sieben Abende mit Flamenco-Gitarre, Gesang und Tanz in M\u00e1laga. Programm, K\u00fcnstler und Tickets.","og_url":"https:\/\/www.tablaosflamencos.com\/de\/trasnoches-flamencos-2026-malaga-programm-tickets.html","og_site_name":"Tablaos Flamencos","article_publisher":"https:\/\/www.facebook.com\/tablaosflamencos","article_published_time":"2026-09-06T14:53:49+00:00","article_modified_time":"2026-09-06T17:54:44+00:00","og_image":[{"width":1672,"height":941,"url":"https:\/\/www.tablaosflamencos.com\/wp-content\/uploads\/trasnoches-flamencos-2026-siete-citas-de-guitarra-cante-y-baile-en-malaga-01.webp","type":"image\/webp"}],"author":"Miguel Ortiz","twitter_card":"summary_large_image","twitter_creator":"@tablaosflamenco","twitter_site":"@tablaosflamenco","twitter_misc":{"Verfasst von":"Miguel Ortiz","Gesch\u00e4tzte Lesezeit":"11\u00a0Minuten"},"schema":{"@context":"https:\/\/schema.org","@graph":[{"@type":"Article","@id":"https:\/\/www.tablaosflamencos.com\/de\/trasnoches-flamencos-2026-malaga-programm-tickets.html#article","isPartOf":{"@id":"https:\/\/www.tablaosflamencos.com\/de\/trasnoches-flamencos-2026-malaga-programm-tickets.html"},"author":{"name":"Miguel Ortiz","@id":"https:\/\/www.tablaosflamencos.com\/de#\/schema\/person\/e7a9ebe14eb75a52ceabfbffb3c54f5d"},"headline":"Trasnoches Flamencos 2026: sieben Abende mit Gitarre, Gesang und Tanz in M\u00e1laga","datePublished":"2026-09-06T14:53:49+00:00","dateModified":"2026-09-06T17:54:44+00:00","mainEntityOfPage":{"@id":"https:\/\/www.tablaosflamencos.com\/de\/trasnoches-flamencos-2026-malaga-programm-tickets.html"},"wordCount":2187,"publisher":{"@id":"https:\/\/www.tablaosflamencos.com\/de#organization"},"image":{"@id":"https:\/\/www.tablaosflamencos.com\/de\/trasnoches-flamencos-2026-malaga-programm-tickets.html#primaryimage"},"thumbnailUrl":"https:\/\/www.tablaosflamencos.com\/wp-content\/uploads\/trasnoches-flamencos-2026-siete-citas-de-guitarra-cante-y-baile-en-malaga-01.webp","keywords":["festivales flamencos","Flamenco-Gesang","Flamenco-Gitarre","Flamenco-Tanz"],"articleSection":["Flamenco-Festivals"],"inLanguage":"de"},{"@type":"WebPage","@id":"https:\/\/www.tablaosflamencos.com\/de\/trasnoches-flamencos-2026-malaga-programm-tickets.html","url":"https:\/\/www.tablaosflamencos.com\/de\/trasnoches-flamencos-2026-malaga-programm-tickets.html","name":"Trasnoches Flamencos 2026 in M\u00e1laga: Programm und Tickets","isPartOf":{"@id":"https:\/\/www.tablaosflamencos.com\/de#website"},"primaryImageOfPage":{"@id":"https:\/\/www.tablaosflamencos.com\/de\/trasnoches-flamencos-2026-malaga-programm-tickets.html#primaryimage"},"image":{"@id":"https:\/\/www.tablaosflamencos.com\/de\/trasnoches-flamencos-2026-malaga-programm-tickets.html#primaryimage"},"thumbnailUrl":"https:\/\/www.tablaosflamencos.com\/wp-content\/uploads\/trasnoches-flamencos-2026-siete-citas-de-guitarra-cante-y-baile-en-malaga-01.webp","datePublished":"2026-09-06T14:53:49+00:00","dateModified":"2026-09-06T17:54:44+00:00","description":"Trasnoches Flamencos 2026 bietet vom 4. bis 26. September sieben Abende mit Flamenco-Gitarre, Gesang und Tanz in M\u00e1laga. Programm, K\u00fcnstler und Tickets.","breadcrumb":{"@id":"https:\/\/www.tablaosflamencos.com\/de\/trasnoches-flamencos-2026-malaga-programm-tickets.html#breadcrumb"},"inLanguage":"de","potentialAction":[{"@type":"ReadAction","target":["https:\/\/www.tablaosflamencos.com\/de\/trasnoches-flamencos-2026-malaga-programm-tickets.html"]}]},{"@type":"ImageObject","inLanguage":"de","@id":"https:\/\/www.tablaosflamencos.com\/de\/trasnoches-flamencos-2026-malaga-programm-tickets.html#primaryimage","url":"https:\/\/www.tablaosflamencos.com\/wp-content\/uploads\/trasnoches-flamencos-2026-siete-citas-de-guitarra-cante-y-baile-en-malaga-01.webp","contentUrl":"https:\/\/www.tablaosflamencos.com\/wp-content\/uploads\/trasnoches-flamencos-2026-siete-citas-de-guitarra-cante-y-baile-en-malaga-01.webp","width":1672,"height":941,"caption":"Trasnoches Flamencos 2026: siete citas de guitarra, cante y baile en M\u00e1laga"},{"@type":"BreadcrumbList","@id":"https:\/\/www.tablaosflamencos.com\/de\/trasnoches-flamencos-2026-malaga-programm-tickets.html#breadcrumb","itemListElement":[{"@type":"ListItem","position":1,"name":"Home","item":"https:\/\/www.tablaosflamencos.com\/de"},{"@type":"ListItem","position":2,"name":"Trasnoches Flamencos 2026: sieben Abende mit Gitarre, Gesang und Tanz in M\u00e1laga"}]},{"@type":"WebSite","@id":"https:\/\/www.tablaosflamencos.com\/de#website","url":"https:\/\/www.tablaosflamencos.com\/de","name":"Tablaos Flamencos","description":"Entradas para tablaos flamencos de Espa\u00f1a","publisher":{"@id":"https:\/\/www.tablaosflamencos.com\/de#organization"},"alternateName":"Tablaos Flamencos","potentialAction":[{"@type":"SearchAction","target":{"@type":"EntryPoint","urlTemplate":"https:\/\/www.tablaosflamencos.com\/de?s={search_term_string}"},"query-input":{"@type":"PropertyValueSpecification","valueRequired":true,"valueName":"search_term_string"}}],"inLanguage":"de"},{"@type":["Organization","Place","EntertainmentBusiness"],"@id":"https:\/\/www.tablaosflamencos.com\/de#organization","name":"Tablaos Flamencos","alternateName":"Tablaos Flamencos","url":"https:\/\/www.tablaosflamencos.com\/de","logo":{"@id":"https:\/\/www.tablaosflamencos.com\/de\/trasnoches-flamencos-2026-malaga-programm-tickets.html#local-main-organization-logo"},"image":{"@id":"https:\/\/www.tablaosflamencos.com\/de\/trasnoches-flamencos-2026-malaga-programm-tickets.html#local-main-organization-logo"},"sameAs":["https:\/\/www.facebook.com\/tablaosflamencos","https:\/\/x.com\/tablaosflamenco","https:\/\/mastodon.social\/@tablaosflamencos","https:\/\/www.instagram.com\/tablaosflamencos","https:\/\/tiktok.com\/@tablaosflamencos","https:\/\/www.linkedin.com\/company\/109408238\/"],"description":"Venta de entradas para espect\u00e1culos flamencos","legalName":"Tablaos Flamencos","foundingDate":"2015-01-01","numberOfEmployees":{"@type":"QuantitativeValue","minValue":"1","maxValue":"10"},"address":{"@id":"https:\/\/www.tablaosflamencos.com\/de\/trasnoches-flamencos-2026-malaga-programm-tickets.html#local-main-place-address"},"geo":{"@type":"GeoCoordinates","latitude":"37.3868072","longitude":"-5.993280299999999"},"telephone":["+34623787787"],"contactPoint":{"@type":"ContactPoint","telephone":"+34623787787","email":"info@tablaosflamencos.com"},"openingHoursSpecification":{"@type":"OpeningHoursSpecification","dayOfWeek":["Monday","Tuesday","Wednesday","Thursday","Friday","Saturday","Sunday"],"opens":"00:00","closes":"23:59"},"email":"info@tablaosflamencos.com","priceRange":"$$$","currenciesAccepted":"\u20ac"},{"@type":"Person","@id":"https:\/\/www.tablaosflamencos.com\/de#\/schema\/person\/e7a9ebe14eb75a52ceabfbffb3c54f5d","name":"Miguel Ortiz","description":"Miguel Ortiz es un empresario flamenco, con una s\u00f3lida trayectoria dentro del sector. Ha presidido entidades culturales vinculadas al flamenco y, cuenta con un amplio recorrido profesional en la gesti\u00f3n y promoci\u00f3n de espect\u00e1culos y tablaos flamencos. Su pasi\u00f3n por la historia y el arte flamenco se refleja en cada art\u00edculo, donde combina experiencia, criterio y un profundo respeto por la tradici\u00f3n.","sameAs":["https:\/\/www.tablaosflamencos.com","https:\/\/www.instagra.com\/miguelortizfe","https:\/\/www.linkedin.com\/in\/miguelortizf\/"],"birthDate":"1984-11-22","gender":"hombre","knowsLanguage":["espa\u00f1ol","ingl\u00e9s"],"jobTitle":"Empresario flamenco"},{"@type":"PostalAddress","@id":"https:\/\/www.tablaosflamencos.com\/de\/trasnoches-flamencos-2026-malaga-programm-tickets.html#local-main-place-address","streetAddress":"C\/ Alemanes, 19","addressLocality":"Sevilla","postalCode":"41004","addressRegion":"Sevilla","addressCountry":"ES"},{"@type":"ImageObject","inLanguage":"de","@id":"https:\/\/www.tablaosflamencos.com\/de\/trasnoches-flamencos-2026-malaga-programm-tickets.html#local-main-organization-logo","url":"https:\/\/www.tablaosflamencos.com\/wp-content\/uploads\/tablaos-flamencos-06-3.webp","contentUrl":"https:\/\/www.tablaosflamencos.com\/wp-content\/uploads\/tablaos-flamencos-06-3.webp","width":600,"height":620,"caption":"Tablaos Flamencos"}]},"geo.placename":"Sevilla","geo.position":{"lat":"37.3868072","long":"-5.993280299999999"},"geo.region":"Spanien"},"_links":{"self":[{"href":"https:\/\/www.tablaosflamencos.com\/de\/wp-json\/wp\/v2\/posts\/15171","targetHints":{"allow":["GET"]}}],"collection":[{"href":"https:\/\/www.tablaosflamencos.com\/de\/wp-json\/wp\/v2\/posts"}],"about":[{"href":"https:\/\/www.tablaosflamencos.com\/de\/wp-json\/wp\/v2\/types\/post"}],"author":[{"embeddable":true,"href":"https:\/\/www.tablaosflamencos.com\/de\/wp-json\/wp\/v2\/users\/1"}],"replies":[{"embeddable":true,"href":"https:\/\/www.tablaosflamencos.com\/de\/wp-json\/wp\/v2\/comments?post=15171"}],"version-history":[{"count":1,"href":"https:\/\/www.tablaosflamencos.com\/de\/wp-json\/wp\/v2\/posts\/15171\/revisions"}],"predecessor-version":[{"id":15188,"href":"https:\/\/www.tablaosflamencos.com\/de\/wp-json\/wp\/v2\/posts\/15171\/revisions\/15188"}],"wp:featuredmedia":[{"embeddable":true,"href":"https:\/\/www.tablaosflamencos.com\/de\/wp-json\/wp\/v2\/media\/14935"}],"wp:attachment":[{"href":"https:\/\/www.tablaosflamencos.com\/de\/wp-json\/wp\/v2\/media?parent=15171"}],"wp:term":[{"taxonomy":"category","embeddable":true,"href":"https:\/\/www.tablaosflamencos.com\/de\/wp-json\/wp\/v2\/categories?post=15171"},{"taxonomy":"post_tag","embeddable":true,"href":"https:\/\/www.tablaosflamencos.com\/de\/wp-json\/wp\/v2\/tags?post=15171"}],"curies":[{"name":"wp","href":"https:\/\/api.w.org\/{rel}","templated":true}]}}