{"id":15122,"date":"2026-09-06T16:35:28","date_gmt":"2026-09-06T14:35:28","guid":{"rendered":"https:\/\/www.tablaosflamencos.com\/?p=15122"},"modified":"2026-09-06T19:42:10","modified_gmt":"2026-09-06T17:42:10","slug":"jerez-unternehmen-waehrend-jerez-fusion-2026","status":"publish","type":"post","link":"https:\/\/www.tablaosflamencos.com\/de\/jerez-unternehmen-waehrend-jerez-fusion-2026.html","title":{"rendered":"Was du in Jerez w\u00e4hrend Jerez Fusi\u00f3n 2026 unternehmen kannst"},"content":{"rendered":"<section class=\"l-section wpb_row height_huge\"><div class=\"l-section-h i-cf\"><div class=\"g-cols vc_row via_flex valign_top type_default stacking_default\"><div class=\"vc_col-sm-6 wpb_column vc_column_container\"><div class=\"vc_column-inner\"><div class=\"wpb_wrapper\"><div class=\"wpb_text_column\"><div class=\"wpb_wrapper\"><p>Jerez Fusi\u00f3n 2026 findet vom 10. bis 13. September statt, in einer besonders ereignisreichen Zeit im Kalender von Jerez de la Frontera. Das Festival f\u00e4llt mit den letzten Tagen der Fiestas de la Vendimia zusammen: den Weinlesefesten mit Weinveranstaltungen, Flamenco, Ausstellungen und Kulturterminen in der ganzen Stadt. Hinzu kommen die 7. Weltmeisterschaft in Working Equitation und am Donnerstag, dem 10., die Ankunft eines Einzelzeitfahrens der Vuelta in Jerez.<\/p>\n<p>Damit bietet die Reise weit mehr als Konzerte. Wer seine Zeit gut einteilt, kann Jerez Fusi\u00f3n mit einem Bodegabesuch, einem Altstadtspaziergang, einem Flamencoabend, einer Veranstaltung des Weinlesefestes oder einem Ausflug rund ums Pferd verbinden. Entscheidend ist, nicht alles unterbringen zu wollen und besonders die Verkehrslage am Donnerstag, dem 10. September, zu beachten.<\/p>\n<\/div><\/div><\/div><\/div><\/div><div class=\"vc_col-sm-6 wpb_column vc_column_container\"><div class=\"vc_column-inner\"><div class=\"wpb_wrapper\"><div class=\"wpb_text_column\"><div class=\"wpb_wrapper\"><blockquote>\n<p><strong>Die schnelle Antwort:<\/strong> Verbinde Jerez Fusi\u00f3n 2026 mit den Weinlesefesten, der Altstadt und der Weinkultur von Jerez, Flamenco au\u00dferhalb des Festivals und bei Interesse mit der Weltmeisterschaft in Working Equitation. Am Samstag, dem 12., findet au\u00dferdem die Verbena Flamenca de la Asunci\u00f3n statt, bei freiem Eintritt bis zur Kapazit\u00e4tsgrenze. Am Donnerstag, dem 10., sind wegen der Vuelta erhebliche Stra\u00dfensperrungen vorgesehen. Gehe deshalb im Zentrum m\u00f6glichst zu Fu\u00df und plane Zeit zwischen den Aktivit\u00e4ten ein.<\/p>\n<\/blockquote>\n<p><strong>Zuletzt aktualisiert:<\/strong> 5. September 2026. Zeiten und Veranstaltungen k\u00f6nnen sich \u00e4ndern; pr\u00fcfe vor der Anreise die offiziellen Informationen.<\/p>\n<\/div><\/div><\/div><\/div><\/div><\/div><\/div><\/section><section class=\"l-section wpb_row height_huge color_alternate with_shape\"><div class=\"l-section-shape type_zigzag pos_top hor_flip\" style=\"height:3vmin;\"><svg xmlns=\"http:\/\/www.w3.org\/2000\/svg\" viewBox=\"0 0 64 8\" preserveAspectRatio=\"none\" width=\"100%\" height=\"100%\">\r\n\t<path fill=\"currentColor\" d=\"M64 8 L0 8 L0 0 L20 7.9 L40 3 L48 5 L64 0 Z\"\/>\r\n<\/svg><\/div><div class=\"l-section-shape type_zigzag pos_bottom\" style=\"height:3vmin;\"><svg xmlns=\"http:\/\/www.w3.org\/2000\/svg\" viewBox=\"0 0 64 8\" preserveAspectRatio=\"none\" width=\"100%\" height=\"100%\">\r\n\t<path fill=\"currentColor\" d=\"M64 8 L0 8 L0 0 L20 7.9 L40 3 L48 5 L64 0 Z\"\/>\r\n<\/svg><\/div><div class=\"l-section-h i-cf\"><div class=\"g-cols vc_row via_flex valign_top type_default stacking_default\"><div class=\"vc_col-sm-3 wpb_column vc_column_container\"><div class=\"vc_column-inner\"><div class=\"wpb_wrapper\"><\/div><\/div><\/div><div class=\"vc_col-sm-6 wpb_column vc_column_container\"><div class=\"vc_column-inner\"><div class=\"wpb_wrapper\"><div class=\"wpb_text_column\"><div class=\"wpb_wrapper\"><h2>Inhalt dieses Reisef\u00fchrers<\/h2>\n<ul>\n<li><a href=\"#fin-de-semana-especial\">Warum dieses Wochenende besonders ist<\/a><\/li>\n<li><a href=\"#jueves-10\">Donnerstag, 10.: Vuelta, Wein und Beginn von Jerez Fusi\u00f3n<\/a><\/li>\n<li><a href=\"#viernes-11\">Freitag, 11.: Festival und Weinlesestimmung<\/a><\/li>\n<li><a href=\"#sabado-12\">Samstag, 12.: Weinberge, Festival und Flamencofest<\/a><\/li>\n<li><a href=\"#domingo-13\">Sonntag, 13.: letzter Tag von Jerez Fusi\u00f3n und Weinlesefest<\/a><\/li>\n<li><a href=\"#centro-historico\">Sehensw\u00fcrdigkeiten in der Altstadt zwischen den Konzerten<\/a><\/li>\n<li><a href=\"#jerez-del-vino\">Die Weinkultur von Jerez erleben<\/a><\/li>\n<li><a href=\"#mas-flamenco\">Weitere Flamencoangebote w\u00e4hrend des Festivals<\/a><\/li>\n<li><a href=\"#caballo\">Pferde als alternatives Ausflugsziel<\/a><\/li>\n<li><a href=\"#consejos\">Tipps zu Anreise, Verkehr und Buchungen<\/a><\/li>\n<li><a href=\"#itinerarios\">Empfohlene Reiserouten<\/a><\/li>\n<li><a href=\"#faq\">H\u00e4ufige Fragen<\/a><\/li>\n<\/ul>\n<\/div><\/div><\/div><\/div><\/div><div class=\"vc_col-sm-3 wpb_column vc_column_container\"><div class=\"vc_column-inner\"><div class=\"wpb_wrapper\"><\/div><\/div><\/div><\/div><\/div><\/section><section class=\"l-section wpb_row height_huge\"><div class=\"l-section-h i-cf\"><div class=\"g-cols vc_row via_flex valign_top type_default stacking_default\"><div class=\"vc_col-sm-12 wpb_column vc_column_container\"><div class=\"vc_column-inner\"><div class=\"wpb_wrapper\"><div class=\"wpb_text_column\"><div class=\"wpb_wrapper\"><h2 id=\"fin-de-semana-especial\">Warum Jerez Fusi\u00f3n auf ein besonders ereignisreiches Wochenende f\u00e4llt<\/h2>\n<p>Jerez Fusi\u00f3n findet nicht in einer gew\u00f6hnlichen Woche statt. Die vier Tage von Donnerstag, dem 10., bis Sonntag, dem 13. September, fallen mit dem Ende der Weinlesefeste von Jerez 2026 zusammen. Diese begannen am 29. August und umfassen mehr als hundert Aktivit\u00e4ten an Dutzenden Orten in der Stadt.<\/p>\n<p>Das ist besonders interessant, weil sich die Programme erg\u00e4nzen. Jerez Fusi\u00f3n verbindet Flamenco, andere Musik und Sherry aus einer zeitgen\u00f6ssischen Perspektive. Das Weinlesefest erweitert diese Verbindung durch Verkostungen, Rundg\u00e4nge, Ausstellungen, Familienangebote und Veranstaltungen im Zentrum und in anderen Vierteln.<\/p>\n<p>Wer eigens f\u00fcr das Festival anreist, sollte Jerez Fusi\u00f3n zum Mittelpunkt der Reise machen und t\u00e4glich ein oder zwei erg\u00e4nzende Aktivit\u00e4ten ausw\u00e4hlen. Alles besuchen zu wollen w\u00e4re unm\u00f6glich und w\u00fcrde Zeit f\u00fcr die Stadt selbst kosten.<\/p>\n<p>Wenn du Programm, Termine und praktische Abl\u00e4ufe noch nicht gepr\u00fcft hast, lies zun\u00e4chst unseren <a href=\"https:\/\/www.tablaosflamencos.com\/de\/jerez-fusion-2026-termine-programm.html\">umfassenden Reisef\u00fchrer zu Jerez Fusi\u00f3n 2026<\/a>. Dieser Beitrag beantwortet eine andere Frage: Was l\u00e4sst sich in den freien Stunden vor, zwischen oder nach den Festivalveranstaltungen unternehmen?<\/p>\n<\/div><\/div><\/div><\/div><\/div><\/div><\/div><\/section><section class=\"l-section wpb_row height_huge color_alternate with_shape\"><div class=\"l-section-shape type_zigzag pos_top hor_flip\" style=\"height:3vmin;\"><svg xmlns=\"http:\/\/www.w3.org\/2000\/svg\" viewBox=\"0 0 64 8\" preserveAspectRatio=\"none\" width=\"100%\" height=\"100%\">\r\n\t<path fill=\"currentColor\" d=\"M64 8 L0 8 L0 0 L20 7.9 L40 3 L48 5 L64 0 Z\"\/>\r\n<\/svg><\/div><div class=\"l-section-shape type_zigzag pos_bottom\" style=\"height:3vmin;\"><svg xmlns=\"http:\/\/www.w3.org\/2000\/svg\" viewBox=\"0 0 64 8\" preserveAspectRatio=\"none\" width=\"100%\" height=\"100%\">\r\n\t<path fill=\"currentColor\" d=\"M64 8 L0 8 L0 0 L20 7.9 L40 3 L48 5 L64 0 Z\"\/>\r\n<\/svg><\/div><div class=\"l-section-h i-cf\"><div class=\"g-cols vc_row via_flex valign_top type_default stacking_default\"><div class=\"vc_col-sm-12 wpb_column vc_column_container\"><div class=\"vc_column-inner\"><div class=\"wpb_wrapper\"><div class=\"wpb_text_column\"><div class=\"wpb_wrapper\"><h2 id=\"jueves-10\">Donnerstag, 10. September: Verkehr und Wege vorausschauend planen<\/h2>\n<p>Der erste Tag von Jerez Fusi\u00f3n wird zugleich der schwierigste f\u00fcr die Fortbewegung sein. Am Donnerstag, dem 10. September, erreicht die 18. Etappe der Vuelta Ciclista a Espa\u00f1a Jerez: ein Einzelzeitfahren zwischen El Puerto de Santa Mar\u00eda und Jerez.<\/p>\n<p>Die st\u00e4dtischen Ma\u00dfnahmen sehen f\u00fcr gro\u00dfe Teile des Tages erhebliche Verkehrsbeschr\u00e4nkungen vor. Die innerst\u00e4dtische Strecke soll etwa von 11:00 bis 18:00 Uhr gesperrt sein, hinzu kommen Ma\u00dfnahmen im Zielbereich. Wenn du erst am Donnerstag ankommst, solltest du den Tag daher nicht wie einen gew\u00f6hnlichen Reisetag planen.<\/p>\n<p>Unsere Empfehlung: Liegt deine Unterkunft im Zentrum oder in gut erreichbarer Entfernung, gehe bevorzugt zu Fu\u00df. Wenn du mit dem Auto anreist, kl\u00e4re vorher die Zufahrt zu Hotel, Parkplatz oder Einfahrtsbereich und vermeide zu knapp aufeinanderfolgende Buchungen.<\/p>\n<p>Sind diese Fragen gekl\u00e4rt, bietet der Donnerstag eine f\u00fcr Jerez typische Kombination. Das st\u00e4dtische Weinleseprogramm umfasst den <strong>Desaf\u00edo Cata a Ciegas, einen Blindverkostungswettbewerb<\/strong> ab 12:00 Uhr mit Vorrunden am Donnerstag und Freitag. Jerez Fusi\u00f3n steht ab 15:00 Uhr im st\u00e4dtischen Veranstaltungskalender.<\/p>\n<p>Am Abend folgt ein besonders interessanter Termin f\u00fcr alle, die sich einige Stunden dem Wein widmen m\u00f6chten: <strong>De Copa en Copa<\/strong>, in den Claustros de Santo Domingo, beginnt um 20:30 Uhr und dauert bis Mitternacht. Vertreten sind Weine der Herkunftsbezeichnungen Jerez-X\u00e9r\u00e8s-Sherry und Manzanilla-Sanl\u00facar de Barrameda. Besucher k\u00f6nnen Weine verschiedener Bodegas probieren.<\/p>\n<p>Die beste Kombination h\u00e4ngt von den genauen Zeiten deiner Jerez-Fusi\u00f3n-Veranstaltungen ab. Bei \u00dcberschneidungen sollte das Festival Vorrang haben. De Copa en Copa ist eine Alternative bei einem freien Abendfenster oder f\u00fcr ein st\u00e4rker auf Wein ausgerichtetes Erlebnis.<\/p>\n<\/div><\/div><\/div><\/div><\/div><\/div><\/div><\/section><section class=\"l-section wpb_row height_huge\"><div class=\"l-section-h i-cf\"><div class=\"g-cols vc_row via_flex valign_top type_default stacking_default\"><div class=\"vc_col-sm-12 wpb_column vc_column_container\"><div class=\"vc_column-inner\"><div class=\"wpb_wrapper\"><div class=\"wpb_text_column\"><div class=\"wpb_wrapper\"><h2 id=\"viernes-11\">Freitag, 11.: Jerez genie\u00dfen, ohne jede Minute zu verplanen<\/h2>\n<p>Freitag ist wahrscheinlich einer der besten Tage, um Festival und Stadt zu verbinden. Jerez Fusi\u00f3n bietet Konzerte, Masterclasses, Showcases, Gespr\u00e4chsrunden, Ausstellungen und weitere Aktivit\u00e4ten, w\u00e4hrend das Weinlesefest weiterl\u00e4uft.<\/p>\n<p>Vermeide eine allzu ehrgeizige Besichtigungsroute. Jerez l\u00e4sst sich gut zu Fu\u00df erleben, und viele Eindr\u00fccke gewinnen gerade mit etwas Zeit: auf einem Platz verweilen, einen Tabanco besuchen, Fino oder Amontillado trinken, eine Kirche entdecken oder in Ruhe essen, ohne jede Stunde zur Hetzjagd zu machen.<\/p>\n<p>Ein freier Vormittag eignet sich f\u00fcr die Sehensw\u00fcrdigkeiten der Altstadt. Der Alc\u00e1zar von Jerez, die Kathedrale und die Stra\u00dfen zwischen Plaza del Arenal, Santiago und San Miguel erm\u00f6glichen einen vielseitigen Rundgang ohne weite Wege.<\/p>\n<p>Eine weitere M\u00f6glichkeit ist eine Bodegaf\u00fchrung. Jerez ist nicht nur eine Stadt, in der Wein hergestellt wird: Stadtbild, Bodegaarchitektur und Handelsgeschichte sind eng mit dem Criaderas-und-Solera-System verbunden. Eine F\u00fchrung erkl\u00e4rt, warum Wein so selbstverst\u00e4ndlich zum Konzept von Jerez Fusi\u00f3n geh\u00f6rt.<\/p>\n<p>Der Weinlesekalender k\u00fcndigt au\u00dferdem einen <strong>Mercadillo de la Vendimia, einen Weinlesemarkt<\/strong> am Freitag, dem 11., ab 19:00 Uhr an. Wenn es zeitlich passt, ist das ein kurzer zus\u00e4tzlicher Halt vor der R\u00fcckkehr zum Hauptprogramm.<\/p>\n<\/div><\/div><\/div><\/div><\/div><\/div><\/div><\/section><section class=\"l-section wpb_row height_huge color_alternate with_shape\"><div class=\"l-section-shape type_zigzag pos_top hor_flip\" style=\"height:3vmin;\"><svg xmlns=\"http:\/\/www.w3.org\/2000\/svg\" viewBox=\"0 0 64 8\" preserveAspectRatio=\"none\" width=\"100%\" height=\"100%\">\r\n\t<path fill=\"currentColor\" d=\"M64 8 L0 8 L0 0 L20 7.9 L40 3 L48 5 L64 0 Z\"\/>\r\n<\/svg><\/div><div class=\"l-section-shape type_zigzag pos_bottom\" style=\"height:3vmin;\"><svg xmlns=\"http:\/\/www.w3.org\/2000\/svg\" viewBox=\"0 0 64 8\" preserveAspectRatio=\"none\" width=\"100%\" height=\"100%\">\r\n\t<path fill=\"currentColor\" d=\"M64 8 L0 8 L0 0 L20 7.9 L40 3 L48 5 L64 0 Z\"\/>\r\n<\/svg><\/div><div class=\"l-section-h i-cf\"><div class=\"g-cols vc_row via_flex valign_top type_default stacking_default\"><div class=\"vc_col-sm-12 wpb_column vc_column_container\"><div class=\"vc_column-inner\"><div class=\"wpb_wrapper\"><div class=\"wpb_text_column\"><div class=\"wpb_wrapper\"><h2 id=\"sabado-12\">Samstag, 12.: morgens Weinberge, abends Flamenco im Viertel<\/h2>\n<p>Samstag bietet einige der besten M\u00f6glichkeiten, die Reise \u00fcber das Festival hinaus zu erweitern.<\/p>\n<p>Um 10:00 Uhr ist die <strong>II Ruta entre Vi\u00f1as, ein Rundgang durch die Weinberge<\/strong>vorgesehen. Dabei l\u00e4sst sich die Weinlandschaft rund um Jerez kennenlernen. Plane bei einer Teilnahme gen\u00fcgend Zeit f\u00fcr die R\u00fcckkehr zu Jerez Fusi\u00f3n ein: Ein Weinbergausflug sollte nicht zu einer gehetzten Angelegenheit werden.<\/p>\n<p>Zum Weinleseprogramm geh\u00f6rt auch der <strong>XI Concurso de Venencia Infantil, ein Kinderwettbewerb im Weinausschenken mit der Venencia<\/strong> um 11:30 Uhr sowie das Finale des Blindverkostungswettbewerbs. Das zeigt, wie weit die Weinkultur in Jerez \u00fcber touristische Bodegabesuche hinausreicht.<\/p>\n<p>F\u00fcr Flamencofans kommt der gro\u00dfe erg\u00e4nzende Samstagstermin jedoch am Abend. Die <strong>Verbena Flamenca de la Asunci\u00f3n<\/strong> findet am 12. September ab 20:00 Uhr gegen\u00fcber dem Einkaufszentrum La Asunci\u00f3n statt, bei freiem Eintritt bis zur Kapazit\u00e4tsgrenze.<\/p>\n<p>Es singen Antonio Flores U\u00f1o, Eva del Cristo, \u00c1ngel Rayo, Jos\u00e9 de la Lela, Mar\u00eda Jos\u00e9 Bernal, Pesca\u00edlla de Jerez, Juan de la Mar\u00eda und Luis Moneo. An der Gitarre sind Agust\u00edn de la Fuente, Manuel Jero, Jes\u00fas Agarrado \u201eEl Guardia\u201c, Jes\u00fas Rodr\u00edguez, Juan Manuel Moneo und Santiago Moreno dabei. Jos\u00e9 de Cantarote und \u00c1ngel Pe\u00f1a begleiten mit Palmas.<\/p>\n<p>Gehe nicht davon aus, dass sich die Verbena automatisch mit jedem Samstagsspektakel von Jerez Fusi\u00f3n verbinden l\u00e4sst. Pr\u00fcfe zuerst Zeiten und Entfernungen. Bei einem freien Abend ist sie jedoch eine hervorragende Gelegenheit, Flamenco in einem ganz anderen Umfeld zu erleben: ein Nachbarschaftstreffen in einem Viertel mit starker Flamencoidentit\u00e4t.<\/p>\n<p>Wenn du an diesen Tagen vor allem noch mehr Flamenco in Jerez h\u00f6ren m\u00f6chtest, lies unseren Beitrag dar\u00fcber, <a href=\"https:\/\/www.tablaosflamencos.com\/de\/wo-flamenco-jerez-waehrend-jerez-fusion.html\">wo du w\u00e4hrend Jerez Fusi\u00f3n Flamenco in Jerez erleben kannst<\/a>.<\/p>\n<\/div><\/div><\/div><\/div><\/div><\/div><\/div><\/section><section class=\"l-section wpb_row height_huge\"><div class=\"l-section-h i-cf\"><div class=\"g-cols vc_row via_flex valign_top type_default stacking_default\"><div class=\"vc_col-sm-12 wpb_column vc_column_container\"><div class=\"vc_column-inner\"><div class=\"wpb_wrapper\"><div class=\"wpb_text_column\"><div class=\"wpb_wrapper\"><h2 id=\"domingo-13\">Sonntag, 13.: Abschied vom Festival und vom Weinlesefest<\/h2>\n<p>Sonntag, der 13., ist sowohl der letzte Tag von Jerez Fusi\u00f3n als auch der Weinlesefeste. Auch die 7. Weltmeisterschaft in Working Equitation an der K\u00f6niglich-Andalusischen Reitschule endet an diesem Tag.<\/p>\n<p>Damit eignet sich der Sonntag f\u00fcr eine letzte Aktivit\u00e4t nach deinen Interessen. Hast du die Vortage fast vollst\u00e4ndig der Musik gewidmet, reserviere den Vormittag f\u00fcr die Altstadt. Kennst du die Stadt bereits, bietet die Pferdewelt eine sehr typische Alternative. Bleibt das Festival deine Priorit\u00e4t, verzichte auf unn\u00f6tige Verpflichtungen und genie\u00dfe das Abschlussprogramm.<\/p>\n<p>Auch ein entspanntes Mittagessen mit lokaler K\u00fcche und Weinen der Sherryregion passt gut. Nach vier intensiven Tagen kann ein freier Zeitblock sinnvoller sein als eine weitere Besichtigung.<\/p>\n<\/div><\/div><\/div><\/div><\/div><\/div><\/div><\/section><section class=\"l-section wpb_row height_huge color_alternate with_shape\"><div class=\"l-section-shape type_zigzag pos_top hor_flip\" style=\"height:3vmin;\"><svg xmlns=\"http:\/\/www.w3.org\/2000\/svg\" viewBox=\"0 0 64 8\" preserveAspectRatio=\"none\" width=\"100%\" height=\"100%\">\r\n\t<path fill=\"currentColor\" d=\"M64 8 L0 8 L0 0 L20 7.9 L40 3 L48 5 L64 0 Z\"\/>\r\n<\/svg><\/div><div class=\"l-section-shape type_zigzag pos_bottom\" style=\"height:3vmin;\"><svg xmlns=\"http:\/\/www.w3.org\/2000\/svg\" viewBox=\"0 0 64 8\" preserveAspectRatio=\"none\" width=\"100%\" height=\"100%\">\r\n\t<path fill=\"currentColor\" d=\"M64 8 L0 8 L0 0 L20 7.9 L40 3 L48 5 L64 0 Z\"\/>\r\n<\/svg><\/div><div class=\"l-section-h i-cf\"><div class=\"g-cols vc_row via_flex valign_top type_default stacking_default\"><div class=\"vc_col-sm-12 wpb_column vc_column_container\"><div class=\"vc_column-inner\"><div class=\"wpb_wrapper\"><div class=\"wpb_text_column\"><div class=\"wpb_wrapper\"><h2 id=\"centro-historico\">Sehensw\u00fcrdigkeiten in der Altstadt zwischen den Konzerten<\/h2>\n<p>Eine St\u00e4rke von Jerez ist, dass viele Sehensw\u00fcrdigkeiten auf einem relativ kompakten Spaziergang erreichbar sind.<\/p>\n<p>Der Alc\u00e1zar z\u00e4hlt zu den bedeutendsten Bauwerken der Stadt und vermittelt ihre Geschichte lange vor dem Aufschwung der modernen Weinwirtschaft. Ganz in der N\u00e4he liegt die Kathedrale. Von dort gelangst du leicht zur Plaza del Arenal, zur Plaza de la Asunci\u00f3n und in die Altstadtgassen.<\/p>\n<p>F\u00fcr eine Flamencoreise haben zwei Viertel besondere Bedeutung: <strong>Santiago und San Miguel<\/strong>. Sie sind weder Themenkulissen noch eigens f\u00fcr Besucher geschaffene Gebiete. Sie sind wesentlich, um die menschlichen und r\u00e4umlichen Zusammenh\u00e4nge des Flamenco in Jerez zu verstehen: seine Familien, K\u00fcnstler und Weitergabeformen, die Gesang und Tanz gepr\u00e4gt haben.<\/p>\n<p>Lohnend ist auch das <strong>Kulturzentrum Lola Flores<\/strong> , sofern es zeitlich passt. Gerade bei einer Reise zu Jerez Fusi\u00f3n verbindet es das zeitgen\u00f6ssische Festivalerlebnis mit einer der bekanntesten popul\u00e4ren K\u00fcnstlerinnen aus der Stadt.<\/p>\n<p>Pr\u00fcfe vor dem Aufbruch stets die aktuellen \u00d6ffnungszeiten der Sehensw\u00fcrdigkeiten und Kulturorte, besonders am Sonntag.<\/p>\n<\/div><\/div><\/div><\/div><\/div><\/div><\/div><\/section><section class=\"l-section wpb_row height_huge\"><div class=\"l-section-h i-cf\"><div class=\"g-cols vc_row via_flex valign_top type_default stacking_default\"><div class=\"vc_col-sm-12 wpb_column vc_column_container\"><div class=\"vc_column-inner\"><div class=\"wpb_wrapper\"><div class=\"wpb_text_column\"><div class=\"wpb_wrapper\"><h2 id=\"jerez-del-vino\">Die Weinkultur von Jerez w\u00e4hrend des Festivals erleben<\/h2>\n<p>Wein sollte in Jerez kein touristisches Extra ohne Verbindung zum Flamenco sein. Er geh\u00f6rt zur Kulturlandschaft, aus der das Festival selbst hervorgeht.<\/p>\n<p>Drei unterschiedliche Wege f\u00fchren zu dieser Kultur.<\/p>\n<p><strong>1. Eine Bodega besuchen.<\/strong> Das ist der anschaulichste Weg, die Reifung und das Criaderas-und-Solera-System zu verstehen. Buche fr\u00fchzeitig, besonders an einem so belebten Wochenende.<\/p>\n<p><strong>2. An den besonderen Weinleseveranstaltungen teilnehmen.<\/strong> De Copa en Copa ist w\u00e4hrend Jerez Fusi\u00f3n das deutlichste Beispiel: In den Claustros de Santo Domingo lassen sich Weine verschiedener Bodegas vergleichen.<\/p>\n<p><strong>3. Einen Tabanco besuchen.<\/strong> Diese kleinen Lokale geh\u00f6ren zu einer unverwechselbaren Stadtkultur, in der Wein, Gespr\u00e4che und manchmal Flamenco zusammenkommen. Nicht alle bieten t\u00e4glich Auftritte. Wenn du Livemusik suchst, erkundige dich vorher.<\/p>\n<p>Am besten gibst du jedem Erlebnis eine eigene Rolle. Die Bodega erkl\u00e4rt den Wein, der Tabanco zeigt seine Alltagskultur und Jerez Fusi\u00f3n erforscht die Verbindung zu zeitgen\u00f6ssischen k\u00fcnstlerischen Ausdrucksformen.<\/p>\n<\/div><\/div><\/div><\/div><\/div><\/div><\/div><\/section><section class=\"l-section wpb_row height_huge color_alternate with_shape\"><div class=\"l-section-shape type_zigzag pos_top hor_flip\" style=\"height:3vmin;\"><svg xmlns=\"http:\/\/www.w3.org\/2000\/svg\" viewBox=\"0 0 64 8\" preserveAspectRatio=\"none\" width=\"100%\" height=\"100%\">\r\n\t<path fill=\"currentColor\" d=\"M64 8 L0 8 L0 0 L20 7.9 L40 3 L48 5 L64 0 Z\"\/>\r\n<\/svg><\/div><div class=\"l-section-shape type_zigzag pos_bottom\" style=\"height:3vmin;\"><svg xmlns=\"http:\/\/www.w3.org\/2000\/svg\" viewBox=\"0 0 64 8\" preserveAspectRatio=\"none\" width=\"100%\" height=\"100%\">\r\n\t<path fill=\"currentColor\" d=\"M64 8 L0 8 L0 0 L20 7.9 L40 3 L48 5 L64 0 Z\"\/>\r\n<\/svg><\/div><div class=\"l-section-h i-cf\"><div class=\"g-cols vc_row via_flex valign_top type_default stacking_default\"><div class=\"vc_col-sm-12 wpb_column vc_column_container\"><div class=\"vc_column-inner\"><div class=\"wpb_wrapper\"><div class=\"wpb_text_column\"><div class=\"wpb_wrapper\"><h2 id=\"mas-flamenco\">Wo du w\u00e4hrend Jerez Fusi\u00f3n weiteren Flamenco erleben kannst<\/h2>\n<p>Jerez Fusi\u00f3n wurzelt im Flamenco, umfasst aber nicht das gesamte Flamencoangebot der Stadt.<\/p>\n<p>F\u00fcr ein regelm\u00e4\u00dfig angebotenes Erlebnis mit Vorabreservierung besuche unsere Seite \u00fcber <a href=\"https:\/\/www.tablaosflamencos.com\/de\/flamenco-in-jerez\">Flamenco in Jerez<\/a>. Zu den M\u00f6glichkeiten geh\u00f6rt <a href=\"https:\/\/www.tablaosflamencos.com\/de\/tablao\/tablao-flamenco-puro-arte\">Tablao Flamenco Puro Arte<\/a>, in einer historischen Bodega, mit Gesang, Gitarre und Tanz in einem Format, das die B\u00fchne aus n\u00e4chster N\u00e4he erlebbar macht.<\/p>\n<p>Das ist besonders praktisch, wenn du einen Tag fr\u00fcher anreist, nach dem Festival bleibst oder einen freien Abend hast, an dem kein f\u00fcr dich passender Festivaltermin stattfindet.<\/p>\n<p>Am Samstag bietet die Verbena Flamenca de la Asunci\u00f3n au\u00dferdem ein ganz anderes Format: Flamenco aus dem Viertel, offen f\u00fcr die Stadt, mit freiem Eintritt bis zur Kapazit\u00e4tsgrenze.<\/p>\n<p>Wir empfehlen, die Reise nicht als Wettbewerb zwischen \u201eFestival\u201c und \u201eauthentischem Flamenco\u201c zu betrachten. Es sind unterschiedliche Kontexte. Jerez Fusi\u00f3n erkundet Verbindungen, neue Ausdrucksformen und Wein; ein Tablao bietet professionelle Kontinuit\u00e4t und N\u00e4he; ein Flamencofest im Viertel vermittelt eine weitere Form des gemeinsamen Erlebens von Gesang und Gitarre.<\/p>\n<\/div><\/div><\/div><\/div><\/div><\/div><\/div><\/section><section class=\"l-section wpb_row height_huge\"><div class=\"l-section-h i-cf\"><div class=\"g-cols vc_row via_flex valign_top type_default stacking_default\"><div class=\"vc_col-sm-12 wpb_column vc_column_container\"><div class=\"vc_column-inner\"><div class=\"wpb_wrapper\"><div class=\"wpb_text_column\"><div class=\"wpb_wrapper\"><h2 id=\"caballo\">Pferde: die gro\u00dfe Alternative vom 8. bis 13. September<\/h2>\n<p>Jerez ist auch eine der bedeutendsten Pferdest\u00e4dte Spaniens. Zu den Festivalterminen veranstaltet die K\u00f6niglich-Andalusische Reitschule die <strong>7. Weltmeisterschaft in Working Equitation<\/strong>, vom 8. bis 13. September.<\/p>\n<p>Spanien richtet diese Meisterschaft zum ersten Mal aus. 74 Pferd-Reiter-Paare aus 22 L\u00e4ndern nehmen teil. F\u00fcr Pferdeinteressierte ist das ein au\u00dfergew\u00f6hnliches Zusammentreffen.<\/p>\n<p>Die Reise muss keinen Reitschwerpunkt haben, damit sich diese M\u00f6glichkeit lohnt. Da Jerez Fusi\u00f3n gro\u00dfe Teile der Nachmittage und Abende f\u00fcllt, kann ein Wettbewerb oder eine Aktivit\u00e4t tags\u00fcber gut erg\u00e4nzen.<\/p>\n<p>Kaufe oder best\u00e4tige den Eintritt im Voraus und pr\u00fcfe das offizielle Programm der Reitschule. Inhalte und Zeiten unterscheiden sich je nach Tag.<\/p>\n<\/div><\/div><\/div><\/div><\/div><\/div><\/div><\/section><section class=\"l-section wpb_row height_huge color_alternate with_shape\"><div class=\"l-section-shape type_zigzag pos_top hor_flip\" style=\"height:3vmin;\"><svg xmlns=\"http:\/\/www.w3.org\/2000\/svg\" viewBox=\"0 0 64 8\" preserveAspectRatio=\"none\" width=\"100%\" height=\"100%\">\r\n\t<path fill=\"currentColor\" d=\"M64 8 L0 8 L0 0 L20 7.9 L40 3 L48 5 L64 0 Z\"\/>\r\n<\/svg><\/div><div class=\"l-section-shape type_zigzag pos_bottom\" style=\"height:3vmin;\"><svg xmlns=\"http:\/\/www.w3.org\/2000\/svg\" viewBox=\"0 0 64 8\" preserveAspectRatio=\"none\" width=\"100%\" height=\"100%\">\r\n\t<path fill=\"currentColor\" d=\"M64 8 L0 8 L0 0 L20 7.9 L40 3 L48 5 L64 0 Z\"\/>\r\n<\/svg><\/div><div class=\"l-section-h i-cf\"><div class=\"g-cols vc_row via_flex valign_top type_default stacking_default\"><div class=\"vc_col-sm-12 wpb_column vc_column_container\"><div class=\"vc_column-inner\"><div class=\"wpb_wrapper\"><div class=\"wpb_text_column\"><div class=\"wpb_wrapper\"><h2 id=\"consejos\">Praktische Tipps: Unterkunft, Reservierungen und Fortbewegung<\/h2>\n<p>In diesen vier Tagen treffen mehrere nachfragestarke Ereignisse zusammen. Jerez Fusi\u00f3n, das Ende der Weinlesefeste, die Reitmeisterschaft und die Vuelta bringen viele Besucher und Aktivit\u00e4ten.<\/p>\n<ul>\n<li><strong>W\u00e4hle eine praktische Lage.<\/strong> Wenn du noch keine Unterkunft gebucht hast, kann die N\u00e4he zum Zentrum Wege verk\u00fcrzen und besonders am Donnerstag, dem 10., hilfreich sein.<\/li>\n<li><strong>Buche im Voraus.<\/strong> Restaurants, Bodegas, F\u00fchrungen und Vorstellungen mit begrenzter Kapazit\u00e4t k\u00f6nnen ausgebucht sein.<\/li>\n<li><strong>Plane Puffer zwischen Aktivit\u00e4ten ein.<\/strong> Eine Warteschlange, ein l\u00e4ngeres Essen, ein Ortswechsel oder die Atmosph\u00e4re der Stadt k\u00f6nnen einen zu engen Zeitplan durcheinanderbringen.<\/li>\n<li><strong>Pr\u00fcfe die Verkehrslage f\u00fcr Donnerstag, den 10.<\/strong> Die Vuelta wird den Verkehr mehrere Stunden beeinflussen. Informiere dich vor dem Aufbruch \u00fcber aktuelle Einschr\u00e4nkungen.<\/li>\n<li><strong>Verlasse dich im Zentrum nicht auf das Auto.<\/strong> Wenn die Strecke es erlaubt, ist Gehen zu den belebtesten Zeiten die einfachste Wahl.<\/li>\n<\/ul>\n<\/div><\/div><\/div><\/div><\/div><\/div><\/div><\/section><section class=\"l-section wpb_row height_huge\"><div class=\"l-section-h i-cf\"><div class=\"g-cols vc_row via_flex valign_top type_default stacking_default\"><div class=\"vc_col-sm-12 wpb_column vc_column_container\"><div class=\"vc_column-inner\"><div class=\"wpb_wrapper\"><div class=\"wpb_text_column\"><div class=\"wpb_wrapper\"><h2 id=\"itinerarios\">Empfohlene Reiserouten je nach Aufenthaltsdauer<\/h2>\n<h3>Wenn du nur einen Tag hast<\/h3>\n<p>W\u00e4hle zuerst deine unverzichtbare Jerez-Fusi\u00f3n-Veranstaltung. Erg\u00e4nze einen Altstadtspaziergang und ein Weinerlebnis. Wenn die Zeit reicht, schlie\u00dfe mit Flamenco oder einer Weinleseaktivit\u00e4t ab.<\/p>\n<h3>Wenn du zwei Tage hast<\/h3>\n<p>Widme einen Tag dem Festival und der Altstadt, den anderen Wein und Flamenco. Bodega am Vormittag, Mittagessen im Zentrum, Jerez Fusi\u00f3n am Nachmittag und Flamenco am Abend ergeben einen erf\u00fcllten Tag, ohne die Stadt zu verlassen.<\/p>\n<h3>Wenn du alle vier Tage bleibst<\/h3>\n<p>Wechsle zwischen Festival, Altstadt, Bodega, Tabanco, regelm\u00e4\u00dfigen Flamencoshows, Weinlesefest und Pferden. Jerez bietet gen\u00fcgend Vielfalt f\u00fcr jeden Tag.<\/p>\n<p><strong>Unser Vorschlag f\u00fcr Samstag, den 12.:<\/strong> morgens Wein oder Weinberge, nachmittags Jerez Fusi\u00f3n und die Verbena Flamenca de la Asunci\u00f3n nur dann, wenn die Festivalzeiten einen Besuch ohne Eile erlauben.<\/p>\n<p><strong>F\u00fcr Sonntag, den 13.:<\/strong> ein ruhigerer Tag mit Altstadt oder Pferdeaktivit\u00e4t am Vormittag, entspanntem Mittagessen und dem Abschlussprogramm von Jerez Fusi\u00f3n.<\/p>\n<\/div><\/div><\/div><\/div><\/div><\/div><\/div><\/section><section class=\"l-section wpb_row height_huge color_alternate with_shape\"><div class=\"l-section-shape type_zigzag pos_top hor_flip\" style=\"height:3vmin;\"><svg xmlns=\"http:\/\/www.w3.org\/2000\/svg\" viewBox=\"0 0 64 8\" preserveAspectRatio=\"none\" width=\"100%\" height=\"100%\">\r\n\t<path fill=\"currentColor\" d=\"M64 8 L0 8 L0 0 L20 7.9 L40 3 L48 5 L64 0 Z\"\/>\r\n<\/svg><\/div><div class=\"l-section-shape type_zigzag pos_bottom\" style=\"height:3vmin;\"><svg xmlns=\"http:\/\/www.w3.org\/2000\/svg\" viewBox=\"0 0 64 8\" preserveAspectRatio=\"none\" width=\"100%\" height=\"100%\">\r\n\t<path fill=\"currentColor\" d=\"M64 8 L0 8 L0 0 L20 7.9 L40 3 L48 5 L64 0 Z\"\/>\r\n<\/svg><\/div><div class=\"l-section-h i-cf\"><div class=\"g-cols vc_row via_flex valign_top type_default stacking_default\"><div class=\"vc_col-sm-12 wpb_column vc_column_container\"><div class=\"vc_column-inner\"><div class=\"wpb_wrapper\"><div class=\"wpb_text_column\"><div class=\"wpb_wrapper\"><h2>Jerez Fusi\u00f3n als Anlass, die Stadt kennenzulernen<\/h2>\n<p>Ein gutes Festival sollte nicht bedeuten, vier Tage ausschlie\u00dflich in Veranstaltungsr\u00e4umen zu verbringen. Jerez Fusi\u00f3n hat einen besonderen Vorteil: Seine drei gro\u00dfen Themen \u2014 Flamenco, Wein und Kultur \u2014 sind in der Stadt auch au\u00dferhalb des Programms lebendig.<\/p>\n<p>Das Festival f\u00fcr einige Stunden zu verlassen hei\u00dft nicht, es zu verpassen. Es kann helfen, es besser zu verstehen.<\/p>\n<p>Flamenco in einem anderen Umfeld h\u00f6ren, eine Bodega besuchen, durch Santiago oder San Miguel gehen, Wein in einem Tabanco probieren oder die Bedeutung der Pferde f\u00fcr die lokale Identit\u00e4t erleben: All das gibt dir mehr Hintergrund f\u00fcr Jerez Fusi\u00f3n.<\/p>\n<p>Plane f\u00fcr die Reise vom 10. bis 13. September deshalb flexibel. Buche, was du wirklich nicht verpassen m\u00f6chtest, und lass Zeit f\u00fcr Jerez. Die Stadt selbst bietet in diesen Tagen ein Parallelprogramm.<\/p>\n<\/div><\/div><\/div><\/div><\/div><\/div><\/div><\/section><section class=\"l-section wpb_row height_huge\"><div class=\"l-section-h i-cf\"><div class=\"g-cols vc_row via_flex valign_top type_default stacking_default\"><div class=\"vc_col-sm-1\/5 wpb_column vc_column_container\"><div class=\"vc_column-inner\"><div class=\"wpb_wrapper\"><\/div><\/div><\/div><div class=\"vc_col-sm-3\/5 wpb_column vc_column_container\"><div class=\"vc_column-inner\"><div class=\"wpb_wrapper\"><div class=\"wpb_text_column\"><div class=\"wpb_wrapper\"><h2 id=\"faq\">H\u00e4ufige Fragen zu Unternehmungen in Jerez w\u00e4hrend Jerez Fusi\u00f3n 2026<\/h2>\n<\/div><\/div><div class=\"w-tabs accordion toggle_style_1 has_scrolling\" style=\"--sections-title-size:inherit;--sections-gap:0.5rem;\"><div class=\"w-tabs-sections titles-align_none icon_plus cpos_left\"><div class=\"w-tabs-section\" id=\"jerez-planes-faq-1\"><button type=\"button\" class=\"w-tabs-section-header\" aria-controls=\"content-jerez-planes-faq-1\" aria-expanded=\"false\"><h3 class=\"w-tabs-section-title\">Wann findet Jerez Fusi\u00f3n 2026 statt?<\/h3><div class=\"w-tabs-section-control\"><\/div><\/button><div  class=\"w-tabs-section-content\" id=\"content-jerez-planes-faq-1\"><div class=\"w-tabs-section-content-h i-cf\"><div class=\"wpb_text_column\"><div class=\"wpb_wrapper\"><p>Jerez Fusi\u00f3n findet von Donnerstag, dem 10., bis Sonntag, dem 13. September 2026 in Jerez de la Frontera statt. Das Festival verbindet Musik und Wein mit Aktivit\u00e4ten in mehreren S\u00e4len und Veranstaltungsorten.<\/p>\n<\/div><\/div><\/div><\/div><\/div><div class=\"w-tabs-section\" id=\"jerez-planes-faq-2\"><button type=\"button\" class=\"w-tabs-section-header\" aria-controls=\"content-jerez-planes-faq-2\" aria-expanded=\"false\"><h3 class=\"w-tabs-section-title\">Welche anderen Veranstaltungen fallen mit Jerez Fusi\u00f3n zusammen?<\/h3><div class=\"w-tabs-section-control\"><\/div><\/button><div  class=\"w-tabs-section-content\" id=\"content-jerez-planes-faq-2\"><div class=\"w-tabs-section-content-h i-cf\"><div class=\"wpb_text_column\"><div class=\"wpb_wrapper\"><p>Die letzten vier Tage der Weinlesefeste 2026, die 7. Weltmeisterschaft in Working Equitation und am Donnerstag, dem 10., die Ankunft eines Einzelzeitfahrens der Vuelta Ciclista a Espa\u00f1a in Jerez.<\/p>\n<\/div><\/div><\/div><\/div><\/div><div class=\"w-tabs-section\" id=\"jerez-planes-faq-3\"><button type=\"button\" class=\"w-tabs-section-header\" aria-controls=\"content-jerez-planes-faq-3\" aria-expanded=\"false\"><h3 class=\"w-tabs-section-title\">Gibt es w\u00e4hrend Jerez Fusi\u00f3n Verkehrsprobleme?<\/h3><div class=\"w-tabs-section-control\"><\/div><\/button><div  class=\"w-tabs-section-content\" id=\"content-jerez-planes-faq-3\"><div class=\"w-tabs-section-content-h i-cf\"><div class=\"wpb_text_column\"><div class=\"wpb_wrapper\"><p>Am schwierigsten wird Donnerstag, der 10. September, wegen der Vuelta. Vorgesehen sind mehrst\u00fcndige Sperrungen und Einschr\u00e4nkungen. Pr\u00fcfe aktuelle st\u00e4dtische Informationen und gehe im Zentrum m\u00f6glichst zu Fu\u00df.<\/p>\n<\/div><\/div><\/div><\/div><\/div><div class=\"w-tabs-section\" id=\"jerez-planes-faq-4\"><button type=\"button\" class=\"w-tabs-section-header\" aria-controls=\"content-jerez-planes-faq-4\" aria-expanded=\"false\"><h3 class=\"w-tabs-section-title\">Gibt es an diesen Tagen Flamenco au\u00dferhalb von Jerez Fusi\u00f3n?<\/h3><div class=\"w-tabs-section-control\"><\/div><\/button><div  class=\"w-tabs-section-content\" id=\"content-jerez-planes-faq-4\"><div class=\"w-tabs-section-content-h i-cf\"><div class=\"wpb_text_column\"><div class=\"wpb_wrapper\"><p>Ja. Neben dem regelm\u00e4\u00dfigen Angebot findet am Samstag, dem 12., die Verbena Flamenca de la Asunci\u00f3n statt, mit freiem Eintritt bis zur Kapazit\u00e4tsgrenze. Auch Shows in regelm\u00e4\u00dfig bespielten Veranstaltungsorten sind buchbar.<\/p>\n<\/div><\/div><\/div><\/div><\/div><div class=\"w-tabs-section\" id=\"jerez-planes-faq-5\"><button type=\"button\" class=\"w-tabs-section-header\" aria-controls=\"content-jerez-planes-faq-5\" aria-expanded=\"false\"><h3 class=\"w-tabs-section-title\">Lohnt sich w\u00e4hrend des Festivals ein Bodegabesuch?<\/h3><div class=\"w-tabs-section-control\"><\/div><\/button><div  class=\"w-tabs-section-content\" id=\"content-jerez-planes-faq-5\"><div class=\"w-tabs-section-content-h i-cf\"><div class=\"wpb_text_column\"><div class=\"wpb_wrapper\"><p>Ja, besonders bei deinem ersten Besuch in Jerez. Eine Bodega erkl\u00e4rt die Reifung und die Weinkultur, die zum Konzept von Jerez Fusi\u00f3n geh\u00f6ren. Buche den Besuch im Voraus.<\/p>\n<\/div><\/div><\/div><\/div><\/div><div class=\"w-tabs-section\" id=\"jerez-planes-faq-6\"><button type=\"button\" class=\"w-tabs-section-header\" aria-controls=\"content-jerez-planes-faq-6\" aria-expanded=\"false\"><h3 class=\"w-tabs-section-title\">Was kann ich am Samstag, dem 12. September, unternehmen?<\/h3><div class=\"w-tabs-section-control\"><\/div><\/button><div  class=\"w-tabs-section-content\" id=\"content-jerez-planes-faq-6\"><div class=\"w-tabs-section-content-h i-cf\"><div class=\"wpb_text_column\"><div class=\"wpb_wrapper\"><p>Neben Jerez Fusi\u00f3n bietet das Weinleseprogramm die II Ruta entre Vi\u00f1as, den Venencia-Kinderwettbewerb und das Finale der Blindverkostung. Abends findet die Verbena Flamenca de la Asunci\u00f3n statt.<\/p>\n<\/div><\/div><\/div><\/div><\/div><div class=\"w-tabs-section\" id=\"jerez-planes-faq-7\"><button type=\"button\" class=\"w-tabs-section-header\" aria-controls=\"content-jerez-planes-faq-7\" aria-expanded=\"false\"><h3 class=\"w-tabs-section-title\">Was kann ich am Sonntag, dem 13., unternehmen?<\/h3><div class=\"w-tabs-section-control\"><\/div><\/button><div  class=\"w-tabs-section-content\" id=\"content-jerez-planes-faq-7\"><div class=\"w-tabs-section-content-h i-cf\"><div class=\"wpb_text_column\"><div class=\"wpb_wrapper\"><p>Sonntag ist der letzte Tag von Jerez Fusi\u00f3n, den Weinlesefesten und der Weltmeisterschaft in Working Equitation. Je nach Zeiten kannst du das Festival mit der Altstadt, einem entspannten Mittagessen oder einer Pferdeaktivit\u00e4t verbinden.<\/p>\n<\/div><\/div><\/div><\/div><\/div><div class=\"w-tabs-section\" id=\"jerez-planes-faq-8\"><button type=\"button\" class=\"w-tabs-section-header\" aria-controls=\"content-jerez-planes-faq-8\" aria-expanded=\"false\"><h3 class=\"w-tabs-section-title\">Wo finde ich das vollst\u00e4ndige Programm von Jerez Fusi\u00f3n?<\/h3><div class=\"w-tabs-section-control\"><\/div><\/button><div  class=\"w-tabs-section-content\" id=\"content-jerez-planes-faq-8\"><div class=\"w-tabs-section-content-h i-cf\"><div class=\"wpb_text_column\"><div class=\"wpb_wrapper\"><p>Unser <a href=\"https:\/\/www.tablaosflamencos.com\/de\/jerez-fusion-2026-termine-programm.html\">Reisef\u00fchrer zu Jerez Fusi\u00f3n 2026<\/a> b\u00fcndelt die wichtigsten Informationen zum Festival. Pr\u00fcfe f\u00fcr kurzfristige \u00c4nderungen auch die offiziellen Kan\u00e4le der Veranstaltung.<\/p>\n<\/div><\/div><\/div><\/div><\/div><\/div><\/div><\/div><\/div><\/div><div class=\"vc_col-sm-1\/5 wpb_column vc_column_container\"><div class=\"vc_column-inner\"><div class=\"wpb_wrapper\"><\/div><\/div><\/div><\/div><\/div><\/section>\n","protected":false},"excerpt":{"rendered":"<p>Jerez Fusi\u00f3n 2026 erleben: Flamenco, Wein, Weinlesefeste, Altstadt, Pferde und praktische Tipps f\u00fcr den Aufenthalt vom 10. bis 13. September.<\/p>\n","protected":false},"author":1,"featured_media":15149,"comment_status":"closed","ping_status":"closed","sticky":false,"template":"","format":"standard","meta":{"_acf_changed":false,"wpai_generated_summary":"","_ayudawp_aiss_exclude":false,"_ayudawp_aiss_exclude_summary":false,"_ayudawp_aiss_summary":"","_ayudawp_aiss_summary_provider":"","_ayudawp_aiss_summary_hash":"","footnotes":""},"categories":[356,1669],"tags":[1247,2019,1105,2020,2021],"class_list":["post-15122","post","type-post","status-publish","format-standard","has-post-thumbnail","hentry","category-flamenco-nach-staedten","category-flamenco-festivals","tag-festivales-flamencos","tag-flamenco-in-jerez-de","tag-jerez-de-la-frontera","tag-jerez-fusion-de","tag-jerez-fusion-2026-de"],"acf":[],"yoast_head":"<!-- This site is optimized with the Yoast SEO Premium plugin v28.4 (Yoast SEO v28.4) - https:\/\/yoast.com\/product\/yoast-seo-premium-wordpress\/ -->\n<title>Jerez Fusi\u00f3n 2026: Was du in Jerez unternehmen kannst<\/title>\n<meta name=\"description\" content=\"Entdecke Jerez w\u00e4hrend Jerez Fusi\u00f3n 2026: Flamenco, Bodegas, Weinlesefeste, Altstadt und praktische Tipps f\u00fcr den 10. bis 13. September.\" \/>\n<meta name=\"robots\" content=\"index, follow, max-snippet:-1, max-image-preview:large, max-video-preview:-1\" \/>\n<link rel=\"canonical\" href=\"https:\/\/www.tablaosflamencos.com\/de\/jerez-unternehmen-waehrend-jerez-fusion-2026.html\" \/>\n<meta property=\"og:locale\" content=\"de_DE\" \/>\n<meta property=\"og:type\" content=\"article\" \/>\n<meta property=\"og:title\" content=\"Was du in Jerez w\u00e4hrend Jerez Fusi\u00f3n 2026 unternehmen kannst\" \/>\n<meta property=\"og:description\" content=\"Entdecke Jerez w\u00e4hrend Jerez Fusi\u00f3n 2026: Flamenco, Bodegas, Weinlesefeste, Altstadt und praktische Tipps f\u00fcr den 10. bis 13. September.\" \/>\n<meta property=\"og:url\" content=\"https:\/\/www.tablaosflamencos.com\/de\/jerez-unternehmen-waehrend-jerez-fusion-2026.html\" \/>\n<meta property=\"og:site_name\" content=\"Tablaos Flamencos\" \/>\n<meta property=\"article:publisher\" content=\"https:\/\/www.facebook.com\/tablaosflamencos\" \/>\n<meta property=\"article:published_time\" content=\"2026-09-06T14:35:28+00:00\" \/>\n<meta property=\"article:modified_time\" content=\"2026-09-06T17:42:10+00:00\" \/>\n<meta property=\"og:image\" content=\"https:\/\/www.tablaosflamencos.com\/wp-content\/uploads\/Was-du-in-Jerez-wahrend-Jerez-Fusion-2026-unternehmen-kannst.webp\" \/>\n\t<meta property=\"og:image:width\" content=\"1536\" \/>\n\t<meta property=\"og:image:height\" content=\"1024\" \/>\n\t<meta property=\"og:image:type\" content=\"image\/webp\" \/>\n<meta name=\"author\" content=\"Miguel Ortiz\" \/>\n<meta name=\"twitter:card\" content=\"summary_large_image\" \/>\n<meta name=\"twitter:creator\" content=\"@tablaosflamenco\" \/>\n<meta name=\"twitter:site\" content=\"@tablaosflamenco\" \/>\n<meta name=\"twitter:label1\" content=\"Verfasst von\" \/>\n\t<meta name=\"twitter:data1\" content=\"Miguel Ortiz\" \/>\n\t<meta name=\"twitter:label2\" content=\"Gesch\u00e4tzte Lesezeit\" \/>\n\t<meta name=\"twitter:data2\" content=\"17\u00a0Minuten\" \/>\n<script type=\"application\/ld+json\" class=\"yoast-schema-graph\">{\"@context\":\"https:\\\/\\\/schema.org\",\"@graph\":[{\"@type\":\"Article\",\"@id\":\"https:\\\/\\\/www.tablaosflamencos.com\\\/de\\\/jerez-unternehmen-waehrend-jerez-fusion-2026.html#article\",\"isPartOf\":{\"@id\":\"https:\\\/\\\/www.tablaosflamencos.com\\\/de\\\/jerez-unternehmen-waehrend-jerez-fusion-2026.html\"},\"author\":{\"name\":\"Miguel Ortiz\",\"@id\":\"https:\\\/\\\/www.tablaosflamencos.com\\\/de#\\\/schema\\\/person\\\/e7a9ebe14eb75a52ceabfbffb3c54f5d\"},\"headline\":\"Was du in Jerez w\u00e4hrend Jerez Fusi\u00f3n 2026 unternehmen kannst\",\"datePublished\":\"2026-09-06T14:35:28+00:00\",\"dateModified\":\"2026-09-06T17:42:10+00:00\",\"mainEntityOfPage\":{\"@id\":\"https:\\\/\\\/www.tablaosflamencos.com\\\/de\\\/jerez-unternehmen-waehrend-jerez-fusion-2026.html\"},\"wordCount\":3472,\"publisher\":{\"@id\":\"https:\\\/\\\/www.tablaosflamencos.com\\\/de#organization\"},\"image\":{\"@id\":\"https:\\\/\\\/www.tablaosflamencos.com\\\/de\\\/jerez-unternehmen-waehrend-jerez-fusion-2026.html#primaryimage\"},\"thumbnailUrl\":\"https:\\\/\\\/www.tablaosflamencos.com\\\/wp-content\\\/uploads\\\/Was-du-in-Jerez-wahrend-Jerez-Fusion-2026-unternehmen-kannst.webp\",\"keywords\":[\"festivales flamencos\",\"Flamenco in Jerez\",\"Jerez de la Frontera\",\"Jerez Fusi\u00f3n\",\"Jerez Fusi\u00f3n 2026\"],\"articleSection\":[\"Flamenco nach St\u00e4dten\",\"Flamenco-Festivals\"],\"inLanguage\":\"de\"},{\"@type\":\"WebPage\",\"@id\":\"https:\\\/\\\/www.tablaosflamencos.com\\\/de\\\/jerez-unternehmen-waehrend-jerez-fusion-2026.html\",\"url\":\"https:\\\/\\\/www.tablaosflamencos.com\\\/de\\\/jerez-unternehmen-waehrend-jerez-fusion-2026.html\",\"name\":\"Jerez Fusi\u00f3n 2026: Was du in Jerez unternehmen kannst\",\"isPartOf\":{\"@id\":\"https:\\\/\\\/www.tablaosflamencos.com\\\/de#website\"},\"primaryImageOfPage\":{\"@id\":\"https:\\\/\\\/www.tablaosflamencos.com\\\/de\\\/jerez-unternehmen-waehrend-jerez-fusion-2026.html#primaryimage\"},\"image\":{\"@id\":\"https:\\\/\\\/www.tablaosflamencos.com\\\/de\\\/jerez-unternehmen-waehrend-jerez-fusion-2026.html#primaryimage\"},\"thumbnailUrl\":\"https:\\\/\\\/www.tablaosflamencos.com\\\/wp-content\\\/uploads\\\/Was-du-in-Jerez-wahrend-Jerez-Fusion-2026-unternehmen-kannst.webp\",\"datePublished\":\"2026-09-06T14:35:28+00:00\",\"dateModified\":\"2026-09-06T17:42:10+00:00\",\"description\":\"Entdecke Jerez w\u00e4hrend Jerez Fusi\u00f3n 2026: Flamenco, Bodegas, Weinlesefeste, Altstadt und praktische Tipps f\u00fcr den 10. bis 13. September.\",\"breadcrumb\":{\"@id\":\"https:\\\/\\\/www.tablaosflamencos.com\\\/de\\\/jerez-unternehmen-waehrend-jerez-fusion-2026.html#breadcrumb\"},\"inLanguage\":\"de\",\"potentialAction\":[{\"@type\":\"ReadAction\",\"target\":[\"https:\\\/\\\/www.tablaosflamencos.com\\\/de\\\/jerez-unternehmen-waehrend-jerez-fusion-2026.html\"]}]},{\"@type\":\"ImageObject\",\"inLanguage\":\"de\",\"@id\":\"https:\\\/\\\/www.tablaosflamencos.com\\\/de\\\/jerez-unternehmen-waehrend-jerez-fusion-2026.html#primaryimage\",\"url\":\"https:\\\/\\\/www.tablaosflamencos.com\\\/wp-content\\\/uploads\\\/Was-du-in-Jerez-wahrend-Jerez-Fusion-2026-unternehmen-kannst.webp\",\"contentUrl\":\"https:\\\/\\\/www.tablaosflamencos.com\\\/wp-content\\\/uploads\\\/Was-du-in-Jerez-wahrend-Jerez-Fusion-2026-unternehmen-kannst.webp\",\"width\":1536,\"height\":1024,\"caption\":\"Was du in Jerez w\u00e4hrend Jerez Fusi\u00f3n 2026 unternehmen kannst\"},{\"@type\":\"BreadcrumbList\",\"@id\":\"https:\\\/\\\/www.tablaosflamencos.com\\\/de\\\/jerez-unternehmen-waehrend-jerez-fusion-2026.html#breadcrumb\",\"itemListElement\":[{\"@type\":\"ListItem\",\"position\":1,\"name\":\"Home\",\"item\":\"https:\\\/\\\/www.tablaosflamencos.com\\\/de\"},{\"@type\":\"ListItem\",\"position\":2,\"name\":\"Was du in Jerez w\u00e4hrend Jerez Fusi\u00f3n 2026 unternehmen kannst\"}]},{\"@type\":\"WebSite\",\"@id\":\"https:\\\/\\\/www.tablaosflamencos.com\\\/de#website\",\"url\":\"https:\\\/\\\/www.tablaosflamencos.com\\\/de\",\"name\":\"Tablaos Flamencos\",\"description\":\"Entradas para tablaos flamencos de Espa\u00f1a\",\"publisher\":{\"@id\":\"https:\\\/\\\/www.tablaosflamencos.com\\\/de#organization\"},\"alternateName\":\"Tablaos Flamencos\",\"potentialAction\":[{\"@type\":\"SearchAction\",\"target\":{\"@type\":\"EntryPoint\",\"urlTemplate\":\"https:\\\/\\\/www.tablaosflamencos.com\\\/de?s={search_term_string}\"},\"query-input\":{\"@type\":\"PropertyValueSpecification\",\"valueRequired\":true,\"valueName\":\"search_term_string\"}}],\"inLanguage\":\"de\"},{\"@type\":[\"Organization\",\"Place\",\"EntertainmentBusiness\"],\"@id\":\"https:\\\/\\\/www.tablaosflamencos.com\\\/de#organization\",\"name\":\"Tablaos Flamencos\",\"alternateName\":\"Tablaos Flamencos\",\"url\":\"https:\\\/\\\/www.tablaosflamencos.com\\\/de\",\"logo\":{\"@id\":\"https:\\\/\\\/www.tablaosflamencos.com\\\/de\\\/jerez-unternehmen-waehrend-jerez-fusion-2026.html#local-main-organization-logo\"},\"image\":{\"@id\":\"https:\\\/\\\/www.tablaosflamencos.com\\\/de\\\/jerez-unternehmen-waehrend-jerez-fusion-2026.html#local-main-organization-logo\"},\"sameAs\":[\"https:\\\/\\\/www.facebook.com\\\/tablaosflamencos\",\"https:\\\/\\\/x.com\\\/tablaosflamenco\",\"https:\\\/\\\/mastodon.social\\\/@tablaosflamencos\",\"https:\\\/\\\/www.instagram.com\\\/tablaosflamencos\",\"https:\\\/\\\/tiktok.com\\\/@tablaosflamencos\",\"https:\\\/\\\/www.linkedin.com\\\/company\\\/109408238\\\/\"],\"description\":\"Venta de entradas para espect\u00e1culos flamencos\",\"legalName\":\"Tablaos Flamencos\",\"foundingDate\":\"2015-01-01\",\"numberOfEmployees\":{\"@type\":\"QuantitativeValue\",\"minValue\":\"1\",\"maxValue\":\"10\"},\"address\":{\"@id\":\"https:\\\/\\\/www.tablaosflamencos.com\\\/de\\\/jerez-unternehmen-waehrend-jerez-fusion-2026.html#local-main-place-address\"},\"geo\":{\"@type\":\"GeoCoordinates\",\"latitude\":\"37.3868072\",\"longitude\":\"-5.993280299999999\"},\"telephone\":[\"+34623787787\"],\"contactPoint\":{\"@type\":\"ContactPoint\",\"telephone\":\"+34623787787\",\"email\":\"info@tablaosflamencos.com\"},\"openingHoursSpecification\":{\"@type\":\"OpeningHoursSpecification\",\"dayOfWeek\":[\"Monday\",\"Tuesday\",\"Wednesday\",\"Thursday\",\"Friday\",\"Saturday\",\"Sunday\"],\"opens\":\"00:00\",\"closes\":\"23:59\"},\"email\":\"info@tablaosflamencos.com\",\"priceRange\":\"$$$\",\"currenciesAccepted\":\"\u20ac\"},{\"@type\":\"Person\",\"@id\":\"https:\\\/\\\/www.tablaosflamencos.com\\\/de#\\\/schema\\\/person\\\/e7a9ebe14eb75a52ceabfbffb3c54f5d\",\"name\":\"Miguel Ortiz\",\"description\":\"Miguel Ortiz es un empresario flamenco, con una s\u00f3lida trayectoria dentro del sector. Ha presidido entidades culturales vinculadas al flamenco y, cuenta con un amplio recorrido profesional en la gesti\u00f3n y promoci\u00f3n de espect\u00e1culos y tablaos flamencos. Su pasi\u00f3n por la historia y el arte flamenco se refleja en cada art\u00edculo, donde combina experiencia, criterio y un profundo respeto por la tradici\u00f3n.\",\"sameAs\":[\"https:\\\/\\\/www.tablaosflamencos.com\",\"https:\\\/\\\/www.instagra.com\\\/miguelortizfe\",\"https:\\\/\\\/www.linkedin.com\\\/in\\\/miguelortizf\\\/\"],\"birthDate\":\"1984-11-22\",\"gender\":\"hombre\",\"knowsLanguage\":[\"espa\u00f1ol\",\"ingl\u00e9s\"],\"jobTitle\":\"Empresario flamenco\"},{\"@type\":\"PostalAddress\",\"@id\":\"https:\\\/\\\/www.tablaosflamencos.com\\\/de\\\/jerez-unternehmen-waehrend-jerez-fusion-2026.html#local-main-place-address\",\"streetAddress\":\"C\\\/ Alemanes, 19\",\"addressLocality\":\"Sevilla\",\"postalCode\":\"41004\",\"addressRegion\":\"Sevilla\",\"addressCountry\":\"ES\"},{\"@type\":\"ImageObject\",\"inLanguage\":\"de\",\"@id\":\"https:\\\/\\\/www.tablaosflamencos.com\\\/de\\\/jerez-unternehmen-waehrend-jerez-fusion-2026.html#local-main-organization-logo\",\"url\":\"https:\\\/\\\/www.tablaosflamencos.com\\\/wp-content\\\/uploads\\\/tablaos-flamencos-06-3.webp\",\"contentUrl\":\"https:\\\/\\\/www.tablaosflamencos.com\\\/wp-content\\\/uploads\\\/tablaos-flamencos-06-3.webp\",\"width\":600,\"height\":620,\"caption\":\"Tablaos Flamencos\"}]}<\/script>\n<meta name=\"geo.placename\" content=\"Sevilla\" \/>\n<meta name=\"geo.position\" content=\"37.3868072;-5.993280299999999\" \/>\n<meta name=\"geo.region\" content=\"Spanien\" \/>\n<!-- \/ Yoast SEO Premium plugin. -->","yoast_head_json":{"title":"Jerez Fusi\u00f3n 2026: Was du in Jerez unternehmen kannst","description":"Entdecke Jerez w\u00e4hrend Jerez Fusi\u00f3n 2026: Flamenco, Bodegas, Weinlesefeste, Altstadt und praktische Tipps f\u00fcr den 10. bis 13. September.","robots":{"index":"index","follow":"follow","max-snippet":"max-snippet:-1","max-image-preview":"max-image-preview:large","max-video-preview":"max-video-preview:-1"},"canonical":"https:\/\/www.tablaosflamencos.com\/de\/jerez-unternehmen-waehrend-jerez-fusion-2026.html","og_locale":"de_DE","og_type":"article","og_title":"Was du in Jerez w\u00e4hrend Jerez Fusi\u00f3n 2026 unternehmen kannst","og_description":"Entdecke Jerez w\u00e4hrend Jerez Fusi\u00f3n 2026: Flamenco, Bodegas, Weinlesefeste, Altstadt und praktische Tipps f\u00fcr den 10. bis 13. September.","og_url":"https:\/\/www.tablaosflamencos.com\/de\/jerez-unternehmen-waehrend-jerez-fusion-2026.html","og_site_name":"Tablaos Flamencos","article_publisher":"https:\/\/www.facebook.com\/tablaosflamencos","article_published_time":"2026-09-06T14:35:28+00:00","article_modified_time":"2026-09-06T17:42:10+00:00","og_image":[{"width":1536,"height":1024,"url":"https:\/\/www.tablaosflamencos.com\/wp-content\/uploads\/Was-du-in-Jerez-wahrend-Jerez-Fusion-2026-unternehmen-kannst.webp","type":"image\/webp"}],"author":"Miguel Ortiz","twitter_card":"summary_large_image","twitter_creator":"@tablaosflamenco","twitter_site":"@tablaosflamenco","twitter_misc":{"Verfasst von":"Miguel Ortiz","Gesch\u00e4tzte Lesezeit":"17\u00a0Minuten"},"schema":{"@context":"https:\/\/schema.org","@graph":[{"@type":"Article","@id":"https:\/\/www.tablaosflamencos.com\/de\/jerez-unternehmen-waehrend-jerez-fusion-2026.html#article","isPartOf":{"@id":"https:\/\/www.tablaosflamencos.com\/de\/jerez-unternehmen-waehrend-jerez-fusion-2026.html"},"author":{"name":"Miguel Ortiz","@id":"https:\/\/www.tablaosflamencos.com\/de#\/schema\/person\/e7a9ebe14eb75a52ceabfbffb3c54f5d"},"headline":"Was du in Jerez w\u00e4hrend Jerez Fusi\u00f3n 2026 unternehmen kannst","datePublished":"2026-09-06T14:35:28+00:00","dateModified":"2026-09-06T17:42:10+00:00","mainEntityOfPage":{"@id":"https:\/\/www.tablaosflamencos.com\/de\/jerez-unternehmen-waehrend-jerez-fusion-2026.html"},"wordCount":3472,"publisher":{"@id":"https:\/\/www.tablaosflamencos.com\/de#organization"},"image":{"@id":"https:\/\/www.tablaosflamencos.com\/de\/jerez-unternehmen-waehrend-jerez-fusion-2026.html#primaryimage"},"thumbnailUrl":"https:\/\/www.tablaosflamencos.com\/wp-content\/uploads\/Was-du-in-Jerez-wahrend-Jerez-Fusion-2026-unternehmen-kannst.webp","keywords":["festivales flamencos","Flamenco in Jerez","Jerez de la Frontera","Jerez Fusi\u00f3n","Jerez Fusi\u00f3n 2026"],"articleSection":["Flamenco nach St\u00e4dten","Flamenco-Festivals"],"inLanguage":"de"},{"@type":"WebPage","@id":"https:\/\/www.tablaosflamencos.com\/de\/jerez-unternehmen-waehrend-jerez-fusion-2026.html","url":"https:\/\/www.tablaosflamencos.com\/de\/jerez-unternehmen-waehrend-jerez-fusion-2026.html","name":"Jerez Fusi\u00f3n 2026: Was du in Jerez unternehmen kannst","isPartOf":{"@id":"https:\/\/www.tablaosflamencos.com\/de#website"},"primaryImageOfPage":{"@id":"https:\/\/www.tablaosflamencos.com\/de\/jerez-unternehmen-waehrend-jerez-fusion-2026.html#primaryimage"},"image":{"@id":"https:\/\/www.tablaosflamencos.com\/de\/jerez-unternehmen-waehrend-jerez-fusion-2026.html#primaryimage"},"thumbnailUrl":"https:\/\/www.tablaosflamencos.com\/wp-content\/uploads\/Was-du-in-Jerez-wahrend-Jerez-Fusion-2026-unternehmen-kannst.webp","datePublished":"2026-09-06T14:35:28+00:00","dateModified":"2026-09-06T17:42:10+00:00","description":"Entdecke Jerez w\u00e4hrend Jerez Fusi\u00f3n 2026: Flamenco, Bodegas, Weinlesefeste, Altstadt und praktische Tipps f\u00fcr den 10. bis 13. September.","breadcrumb":{"@id":"https:\/\/www.tablaosflamencos.com\/de\/jerez-unternehmen-waehrend-jerez-fusion-2026.html#breadcrumb"},"inLanguage":"de","potentialAction":[{"@type":"ReadAction","target":["https:\/\/www.tablaosflamencos.com\/de\/jerez-unternehmen-waehrend-jerez-fusion-2026.html"]}]},{"@type":"ImageObject","inLanguage":"de","@id":"https:\/\/www.tablaosflamencos.com\/de\/jerez-unternehmen-waehrend-jerez-fusion-2026.html#primaryimage","url":"https:\/\/www.tablaosflamencos.com\/wp-content\/uploads\/Was-du-in-Jerez-wahrend-Jerez-Fusion-2026-unternehmen-kannst.webp","contentUrl":"https:\/\/www.tablaosflamencos.com\/wp-content\/uploads\/Was-du-in-Jerez-wahrend-Jerez-Fusion-2026-unternehmen-kannst.webp","width":1536,"height":1024,"caption":"Was du in Jerez w\u00e4hrend Jerez Fusi\u00f3n 2026 unternehmen kannst"},{"@type":"BreadcrumbList","@id":"https:\/\/www.tablaosflamencos.com\/de\/jerez-unternehmen-waehrend-jerez-fusion-2026.html#breadcrumb","itemListElement":[{"@type":"ListItem","position":1,"name":"Home","item":"https:\/\/www.tablaosflamencos.com\/de"},{"@type":"ListItem","position":2,"name":"Was du in Jerez w\u00e4hrend Jerez Fusi\u00f3n 2026 unternehmen kannst"}]},{"@type":"WebSite","@id":"https:\/\/www.tablaosflamencos.com\/de#website","url":"https:\/\/www.tablaosflamencos.com\/de","name":"Tablaos Flamencos","description":"Entradas para tablaos flamencos de Espa\u00f1a","publisher":{"@id":"https:\/\/www.tablaosflamencos.com\/de#organization"},"alternateName":"Tablaos Flamencos","potentialAction":[{"@type":"SearchAction","target":{"@type":"EntryPoint","urlTemplate":"https:\/\/www.tablaosflamencos.com\/de?s={search_term_string}"},"query-input":{"@type":"PropertyValueSpecification","valueRequired":true,"valueName":"search_term_string"}}],"inLanguage":"de"},{"@type":["Organization","Place","EntertainmentBusiness"],"@id":"https:\/\/www.tablaosflamencos.com\/de#organization","name":"Tablaos Flamencos","alternateName":"Tablaos Flamencos","url":"https:\/\/www.tablaosflamencos.com\/de","logo":{"@id":"https:\/\/www.tablaosflamencos.com\/de\/jerez-unternehmen-waehrend-jerez-fusion-2026.html#local-main-organization-logo"},"image":{"@id":"https:\/\/www.tablaosflamencos.com\/de\/jerez-unternehmen-waehrend-jerez-fusion-2026.html#local-main-organization-logo"},"sameAs":["https:\/\/www.facebook.com\/tablaosflamencos","https:\/\/x.com\/tablaosflamenco","https:\/\/mastodon.social\/@tablaosflamencos","https:\/\/www.instagram.com\/tablaosflamencos","https:\/\/tiktok.com\/@tablaosflamencos","https:\/\/www.linkedin.com\/company\/109408238\/"],"description":"Venta de entradas para espect\u00e1culos flamencos","legalName":"Tablaos Flamencos","foundingDate":"2015-01-01","numberOfEmployees":{"@type":"QuantitativeValue","minValue":"1","maxValue":"10"},"address":{"@id":"https:\/\/www.tablaosflamencos.com\/de\/jerez-unternehmen-waehrend-jerez-fusion-2026.html#local-main-place-address"},"geo":{"@type":"GeoCoordinates","latitude":"37.3868072","longitude":"-5.993280299999999"},"telephone":["+34623787787"],"contactPoint":{"@type":"ContactPoint","telephone":"+34623787787","email":"info@tablaosflamencos.com"},"openingHoursSpecification":{"@type":"OpeningHoursSpecification","dayOfWeek":["Monday","Tuesday","Wednesday","Thursday","Friday","Saturday","Sunday"],"opens":"00:00","closes":"23:59"},"email":"info@tablaosflamencos.com","priceRange":"$$$","currenciesAccepted":"\u20ac"},{"@type":"Person","@id":"https:\/\/www.tablaosflamencos.com\/de#\/schema\/person\/e7a9ebe14eb75a52ceabfbffb3c54f5d","name":"Miguel Ortiz","description":"Miguel Ortiz es un empresario flamenco, con una s\u00f3lida trayectoria dentro del sector. Ha presidido entidades culturales vinculadas al flamenco y, cuenta con un amplio recorrido profesional en la gesti\u00f3n y promoci\u00f3n de espect\u00e1culos y tablaos flamencos. Su pasi\u00f3n por la historia y el arte flamenco se refleja en cada art\u00edculo, donde combina experiencia, criterio y un profundo respeto por la tradici\u00f3n.","sameAs":["https:\/\/www.tablaosflamencos.com","https:\/\/www.instagra.com\/miguelortizfe","https:\/\/www.linkedin.com\/in\/miguelortizf\/"],"birthDate":"1984-11-22","gender":"hombre","knowsLanguage":["espa\u00f1ol","ingl\u00e9s"],"jobTitle":"Empresario flamenco"},{"@type":"PostalAddress","@id":"https:\/\/www.tablaosflamencos.com\/de\/jerez-unternehmen-waehrend-jerez-fusion-2026.html#local-main-place-address","streetAddress":"C\/ Alemanes, 19","addressLocality":"Sevilla","postalCode":"41004","addressRegion":"Sevilla","addressCountry":"ES"},{"@type":"ImageObject","inLanguage":"de","@id":"https:\/\/www.tablaosflamencos.com\/de\/jerez-unternehmen-waehrend-jerez-fusion-2026.html#local-main-organization-logo","url":"https:\/\/www.tablaosflamencos.com\/wp-content\/uploads\/tablaos-flamencos-06-3.webp","contentUrl":"https:\/\/www.tablaosflamencos.com\/wp-content\/uploads\/tablaos-flamencos-06-3.webp","width":600,"height":620,"caption":"Tablaos Flamencos"}]},"geo.placename":"Sevilla","geo.position":{"lat":"37.3868072","long":"-5.993280299999999"},"geo.region":"Spanien"},"_links":{"self":[{"href":"https:\/\/www.tablaosflamencos.com\/de\/wp-json\/wp\/v2\/posts\/15122","targetHints":{"allow":["GET"]}}],"collection":[{"href":"https:\/\/www.tablaosflamencos.com\/de\/wp-json\/wp\/v2\/posts"}],"about":[{"href":"https:\/\/www.tablaosflamencos.com\/de\/wp-json\/wp\/v2\/types\/post"}],"author":[{"embeddable":true,"href":"https:\/\/www.tablaosflamencos.com\/de\/wp-json\/wp\/v2\/users\/1"}],"replies":[{"embeddable":true,"href":"https:\/\/www.tablaosflamencos.com\/de\/wp-json\/wp\/v2\/comments?post=15122"}],"version-history":[{"count":2,"href":"https:\/\/www.tablaosflamencos.com\/de\/wp-json\/wp\/v2\/posts\/15122\/revisions"}],"predecessor-version":[{"id":15140,"href":"https:\/\/www.tablaosflamencos.com\/de\/wp-json\/wp\/v2\/posts\/15122\/revisions\/15140"}],"wp:featuredmedia":[{"embeddable":true,"href":"https:\/\/www.tablaosflamencos.com\/de\/wp-json\/wp\/v2\/media\/15149"}],"wp:attachment":[{"href":"https:\/\/www.tablaosflamencos.com\/de\/wp-json\/wp\/v2\/media?parent=15122"}],"wp:term":[{"taxonomy":"category","embeddable":true,"href":"https:\/\/www.tablaosflamencos.com\/de\/wp-json\/wp\/v2\/categories?post=15122"},{"taxonomy":"post_tag","embeddable":true,"href":"https:\/\/www.tablaosflamencos.com\/de\/wp-json\/wp\/v2\/tags?post=15122"}],"curies":[{"name":"wp","href":"https:\/\/api.w.org\/{rel}","templated":true}]}}