{"id":15106,"date":"2026-09-06T16:39:25","date_gmt":"2026-09-06T14:39:25","guid":{"rendered":"https:\/\/www.tablaosflamencos.com\/?p=15106"},"modified":"2026-09-06T19:31:52","modified_gmt":"2026-09-06T17:31:52","slug":"pepe-romero-gitarrenfestival-malaga-2026","status":"publish","type":"post","link":"https:\/\/www.tablaosflamencos.com\/de\/pepe-romero-gitarrenfestival-malaga-2026.html","title":{"rendered":"Internationales Pepe-Romero-Gitarrenfestival 2026 in M\u00e1laga: Programm, K\u00fcnstler, Flamenco-Konzerte, Spielorte und Tickets"},"content":{"rendered":"<section class=\"l-section wpb_row height_huge\"><div class=\"l-section-h i-cf\"><div class=\"g-cols vc_row via_flex valign_top type_default stacking_default\"><div class=\"vc_col-sm-6 wpb_column vc_column_container\"><div class=\"vc_column-inner\"><div class=\"wpb_wrapper\"><div class=\"wpb_text_column\"><div class=\"wpb_wrapper\"><h2>Ein Monat voller Gitarre in M\u00e1laga, mit Flamenco als einem der gro\u00dfen Schwerpunkte<\/h2>\n<p>Das <strong>5. Internationale Gitarrenfestival M\u00e1laga Pepe Romero 2026<\/strong> findet vom 4. bis 30. September mit f\u00fcnfzehn Konzerten an vier Spielorten in der Stadt statt. Die Ausgabe vereint klassische Gitarre, spanische Musik, Alte Musik und Flamenco, wobei der Flamenco-Gitarre im Rahmen der Reihe <strong>Trasnoches Flamencos<\/strong>eine besonders wichtige Rolle zukommt.<\/p>\n<p>Das Festival begann am 4. September mit Alejandro Hurtado und Inmaculada Salom\u00f3n und wird den ganzen Monat \u00fcber mit Namen wie El Amir, Pituquete und Encarna Anillo, Daniel Casares, Jos\u00e9 Ferm\u00edn Fern\u00e1ndez, Joni Jim\u00e9nez und Jes\u00fas M\u00e9ndez, Ricardo Fern\u00e1ndez del Moral, Mabel Mill\u00e1n, Daniel Zapico oder Pepe Romero fortgesetzt. Das Abschlusskonzert findet am 30. September im Teatro Cervantes statt.<\/p>\n<\/div><\/div><\/div><\/div><\/div><div class=\"vc_col-sm-6 wpb_column vc_column_container\"><div class=\"vc_column-inner\"><div class=\"wpb_wrapper\"><div class=\"wpb_text_column\"><div class=\"wpb_wrapper\"><h2>Wichtige Festivaldaten<\/h2>\n<ul>\n<li><strong>Termine:<\/strong> 4. bis 30. September 2026.<\/li>\n<li><strong>Ausgabe:<\/strong> f\u00fcnfte.<\/li>\n<li><strong>Anzahl der Konzerte:<\/strong> 15.<\/li>\n<li><strong>Stadt:<\/strong> M\u00e1laga.<\/li>\n<li><strong>Veranstalter:<\/strong> European Guitar Foundation.<\/li>\n<li><strong>Direktor:<\/strong> Vicente Coves Merino.<\/li>\n<li><strong>Preise:<\/strong> je nach Konzert zwischen 10 und 20 \u20ac.<\/li>\n<li><strong>Tickets:<\/strong> MiEntrada f\u00fcr den gr\u00f6\u00dften Teil des Programms; das Abschlusskonzert im Teatro Cervantes wird \u00fcber UniEntradas verkauft.<\/li>\n<li><strong>Spielorte:<\/strong> Alcazaba von M\u00e1laga, Sala Fundaci\u00f3n Unicaja Mar\u00eda Cristina, Centro Cultural Fundaci\u00f3n Unicaja de M\u00e1laga und Teatro Cervantes.<\/li>\n<\/ul>\n<\/div><\/div><\/div><\/div><\/div><\/div><\/div><\/section><section class=\"l-section wpb_row height_huge color_alternate with_shape\"><div class=\"l-section-shape type_zigzag pos_top\" style=\"height:3vmin;\"><svg xmlns=\"http:\/\/www.w3.org\/2000\/svg\" viewBox=\"0 0 64 8\" preserveAspectRatio=\"none\" width=\"100%\" height=\"100%\">\r\n\t<path fill=\"currentColor\" d=\"M64 8 L0 8 L0 0 L20 7.9 L40 3 L48 5 L64 0 Z\"\/>\r\n<\/svg><\/div><div class=\"l-section-shape type_zigzag pos_bottom\" style=\"height:3vmin;\"><svg xmlns=\"http:\/\/www.w3.org\/2000\/svg\" viewBox=\"0 0 64 8\" preserveAspectRatio=\"none\" width=\"100%\" height=\"100%\">\r\n\t<path fill=\"currentColor\" d=\"M64 8 L0 8 L0 0 L20 7.9 L40 3 L48 5 L64 0 Z\"\/>\r\n<\/svg><\/div><div class=\"l-section-h i-cf\"><div class=\"g-cols vc_row via_flex valign_top type_default stacking_default\"><div class=\"vc_col-sm-12 wpb_column vc_column_container\"><div class=\"vc_column-inner\"><div class=\"wpb_wrapper\"><div class=\"wpb_text_column\"><div class=\"wpb_wrapper\"><blockquote>\n<p><strong>Kurzantwort:<\/strong> Das Internationale Pepe-Romero-Gitarrenfestival 2026 findet vom 4. bis 30. September in M\u00e1laga statt und umfasst 15 Konzerte. Mit Trasnoches Flamencos gibt es eine eigene Flamenco-Reihe mit Alejandro Hurtado und Inmaculada Salom\u00f3n, El Amir, Pituquete und Encarna Anillo, Daniel Casares, Jos\u00e9 Ferm\u00edn Fern\u00e1ndez, Joni Jim\u00e9nez mit Jes\u00fas M\u00e9ndez sowie Ricardo Fern\u00e1ndez del Moral. Die Tickets kosten zwischen 10 und 20 \u20ac. Die meisten werden \u00fcber MiEntrada verkauft; das Abschlusskonzert von Pepe Romero mit der Orquesta Filarm\u00f3nica de M\u00e1laga im Teatro Cervantes l\u00e4uft \u00fcber UniEntradas.<\/p>\n<\/blockquote>\n<\/div><\/div><\/div><\/div><\/div><\/div><\/div><\/section><section class=\"l-section wpb_row height_huge\"><div class=\"l-section-h i-cf\"><div class=\"g-cols vc_row via_flex valign_top type_default stacking_default\"><div class=\"vc_col-sm-3 wpb_column vc_column_container\"><div class=\"vc_column-inner\"><div class=\"wpb_wrapper\"><\/div><\/div><\/div><div class=\"vc_col-sm-6 wpb_column vc_column_container\"><div class=\"vc_column-inner\"><div class=\"wpb_wrapper\"><div class=\"wpb_text_column\"><div class=\"wpb_wrapper\"><h2>Inhalt dieses Guides<\/h2>\n<ul>\n<li><a href=\"#programa\">Vollst\u00e4ndiges Programm<\/a><\/li>\n<li><a href=\"#flamenco\">Flamenco-Konzerte<\/a><\/li>\n<li><a href=\"#recomendaciones\">Welches Flamenco-Konzert w\u00e4hlen?<\/a><\/li>\n<li><a href=\"#otros-conciertos\">Klassische Gitarre und weitere Konzerte<\/a><\/li>\n<li><a href=\"#sedes\">Spielorte und R\u00e4ume<\/a><\/li>\n<li><a href=\"#entradas\">Tickets und Preise<\/a><\/li>\n<li><a href=\"#homenajes\">Ehrungen der Ausgabe 2026<\/a><\/li>\n<li><a href=\"#faq\">H\u00e4ufig gestellte Fragen<\/a><\/li>\n<\/ul>\n<\/div><\/div><\/div><\/div><\/div><div class=\"vc_col-sm-3 wpb_column vc_column_container\"><div class=\"vc_column-inner\"><div class=\"wpb_wrapper\"><\/div><\/div><\/div><\/div><\/div><\/section><section class=\"l-section wpb_row height_huge color_alternate with_shape\"><div class=\"l-section-shape type_zigzag pos_top\" style=\"height:3vmin;\"><svg xmlns=\"http:\/\/www.w3.org\/2000\/svg\" viewBox=\"0 0 64 8\" preserveAspectRatio=\"none\" width=\"100%\" height=\"100%\">\r\n\t<path fill=\"currentColor\" d=\"M64 8 L0 8 L0 0 L20 7.9 L40 3 L48 5 L64 0 Z\"\/>\r\n<\/svg><\/div><div class=\"l-section-shape type_zigzag pos_bottom\" style=\"height:3vmin;\"><svg xmlns=\"http:\/\/www.w3.org\/2000\/svg\" viewBox=\"0 0 64 8\" preserveAspectRatio=\"none\" width=\"100%\" height=\"100%\">\r\n\t<path fill=\"currentColor\" d=\"M64 8 L0 8 L0 0 L20 7.9 L40 3 L48 5 L64 0 Z\"\/>\r\n<\/svg><\/div><div class=\"l-section-h i-cf\"><div class=\"g-cols vc_row via_flex valign_top type_default stacking_default\"><div class=\"vc_col-sm-12 wpb_column vc_column_container\"><div class=\"vc_column-inner\"><div class=\"wpb_wrapper\"><div class=\"wpb_text_column\"><div class=\"wpb_wrapper\"><h2 id=\"programa\" style=\"text-align: center;\">Vollst\u00e4ndiges Programm des Internationalen Pepe-Romero-Gitarrenfestivals 2026<\/h2>\n<div style=\"overflow-x: auto;\">\n<table>\n<thead>\n<tr>\n<th>Datum<\/th>\n<th>Uhrzeit<\/th>\n<th>K\u00fcnstler \/ Programm<\/th>\n<th>Spielort<\/th>\n<th>Preis<\/th>\n<\/tr>\n<\/thead>\n<tbody>\n<tr>\n<td>4. September<\/td>\n<td>19:30<\/td>\n<td>Alejandro Hurtado + Inmaculada Salom\u00f3n<\/td>\n<td>Sala Fundaci\u00f3n Unicaja Mar\u00eda Cristina<\/td>\n<td>12 \u20ac<\/td>\n<\/tr>\n<tr>\n<td>5. September<\/td>\n<td>21:30<\/td>\n<td>Jacob Kellerman mit T\u00e1rregas Antonio-de-Torres-Gitarre von 1888<\/td>\n<td>Patio de Surtidores der Alcazaba<\/td>\n<td>18 \u20ac<\/td>\n<\/tr>\n<tr>\n<td>6. September<\/td>\n<td>12:00<\/td>\n<td>Quinteto 1909<\/td>\n<td>Centro Cultural Fundaci\u00f3n Unicaja de M\u00e1laga<\/td>\n<td>15 \u20ac<\/td>\n<\/tr>\n<tr>\n<td>11. September<\/td>\n<td>19:30<\/td>\n<td>El Amir \u2013 Alma Flamenca<\/td>\n<td>Sala Fundaci\u00f3n Unicaja Mar\u00eda Cristina<\/td>\n<td>10 \u20ac<\/td>\n<\/tr>\n<tr>\n<td>12. September<\/td>\n<td>21:30<\/td>\n<td>Ausi\u00e0s Parejo \u2013 150 Jahre Manuel de Falla<\/td>\n<td>Patio de Surtidores der Alcazaba<\/td>\n<td>15 \u20ac<\/td>\n<\/tr>\n<tr>\n<td>13. September<\/td>\n<td>12:00<\/td>\n<td>Filip Miskovic<\/td>\n<td>Centro Cultural Fundaci\u00f3n Unicaja de M\u00e1laga<\/td>\n<td>10 \u20ac<\/td>\n<\/tr>\n<tr>\n<td>17. September<\/td>\n<td>21:30<\/td>\n<td>Pituquete + Encarna Anillo<\/td>\n<td>Patio de Surtidores der Alcazaba<\/td>\n<td>15 \u20ac<\/td>\n<\/tr>\n<tr>\n<td>18. September<\/td>\n<td>21:30<\/td>\n<td>Mabel Mill\u00e1n<\/td>\n<td>Patio de Surtidores der Alcazaba<\/td>\n<td>18 \u20ac<\/td>\n<\/tr>\n<tr>\n<td>19. September<\/td>\n<td>19:30<\/td>\n<td>Daniel Casares<\/td>\n<td>Sala Fundaci\u00f3n Unicaja Mar\u00eda Cristina<\/td>\n<td>12 \u20ac<\/td>\n<\/tr>\n<tr>\n<td>20. September<\/td>\n<td>12:00<\/td>\n<td>Daniel Zapico<\/td>\n<td>Centro Cultural Fundaci\u00f3n Unicaja de M\u00e1laga<\/td>\n<td>15 \u20ac<\/td>\n<\/tr>\n<tr>\n<td>24. September<\/td>\n<td>21:30<\/td>\n<td>Jos\u00e9 Ferm\u00edn Fern\u00e1ndez<\/td>\n<td>Patio de Surtidores der Alcazaba<\/td>\n<td>15 \u20ac<\/td>\n<\/tr>\n<tr>\n<td>25. September<\/td>\n<td>19:30<\/td>\n<td>Joni Jim\u00e9nez + Jes\u00fas M\u00e9ndez<\/td>\n<td>Sala Fundaci\u00f3n Unicaja Mar\u00eda Cristina<\/td>\n<td>10 \u20ac<\/td>\n<\/tr>\n<tr>\n<td>26. September<\/td>\n<td>21:30<\/td>\n<td>Ricardo Fern\u00e1ndez del Moral<\/td>\n<td>Patio de Surtidores der Alcazaba<\/td>\n<td>18 \u20ac<\/td>\n<\/tr>\n<tr>\n<td>27. September<\/td>\n<td>12:00<\/td>\n<td>Jos\u00e9 Luis Ruiz del Puerto<\/td>\n<td>Centro Cultural Fundaci\u00f3n Unicaja de M\u00e1laga<\/td>\n<td>10 \u20ac<\/td>\n<\/tr>\n<tr>\n<td>30. September<\/td>\n<td>20:00<\/td>\n<td>Pepe Romero + Orquesta Filarm\u00f3nica de M\u00e1laga + Jos\u00e9 Mar\u00eda Moreno<\/td>\n<td>Teatro Cervantes<\/td>\n<td>20 \u20ac<\/td>\n<\/tr>\n<\/tbody>\n<\/table>\n<\/div>\n<p>Das Er\u00f6ffnungskonzert am 4. September hat bereits stattgefunden. Mit Stand vom 5. September kennzeichnet die Ticketplattform die Pl\u00e4tze f\u00fcr <strong>ausverkauft<\/strong> Jacob Kellerman, der f\u00fcr heute Abend vorgesehen ist, sowie f\u00fcr Ausi\u00e0s Parejo am 12. September als ausverkauft. Die Verf\u00fcgbarkeit der \u00fcbrigen Konzerte kann sich \u00e4ndern; daher sollte sie vor der Anreise \u00fcberpr\u00fcft werden.<\/p>\n<\/div><\/div><\/div><\/div><\/div><\/div><\/div><\/section><section class=\"l-section wpb_row height_huge\"><div class=\"l-section-h i-cf\"><div class=\"g-cols vc_row via_flex valign_top type_default stacking_default\"><div class=\"vc_col-sm-6 wpb_column vc_column_container\"><div class=\"vc_column-inner\"><div class=\"wpb_wrapper\"><div class=\"wpb_text_column\"><div class=\"wpb_wrapper\"><h2 id=\"flamenco\">Trasnoches Flamencos: sieben Termine mit der Flamenco-Gitarre im Mittelpunkt<\/h2>\n<p>Der Teil des Programms, der am unmittelbarsten mit Flamenco verbunden ist, konzentriert sich auf <strong>Trasnoches Flamencos<\/strong>, eine Reihe, die unterschiedliche Arten des Gitarrenspiels erkundet: Begleitung zum Tanz, Solokonzert, Dialog mit dem Gesang und Konzepte, die sich anderen Musiktraditionen \u00f6ffnen.<\/p>\n<h3>4. September: Alejandro Hurtado + Inmaculada Salom\u00f3n<\/h3>\n<p>Das Festival er\u00f6ffnete mit <strong>Alejandro Hurtado<\/strong>, dem mit dem Bord\u00f3n Minero ausgezeichneten Gitarristen, zusammen mit <strong>Inmaculada Salom\u00f3n<\/strong>, Solot\u00e4nzerin des Ballet Nacional de Espa\u00f1a. Es war der einzige Termin der Reihe, der klar um das Zusammentreffen von Gitarre und Tanz konzipiert war. Das Konzert hat bereits stattgefunden und war ausverkauft.<\/p>\n<h3>11. September: El Amir \u2013 Alma Flamenca<\/h3>\n<p><em>El Amir<\/em>, Gitarrist, Komponist und Multiinstrumentalist, pr\u00e4sentiert ein Flamenco-Programm, das von seiner musikalischen Vielfalt und internationalen Erfahrung gepr\u00e4gt ist. Er ist auch durch seine Mitwirkung an den Tourneen von Hans Zimmer bekannt. Das Konzert findet um 19:30 in der Sala Fundaci\u00f3n Unicaja Mar\u00eda Cristina statt und kostet 10 \u20ac.<\/p>\n<\/div><\/div><\/div><\/div><\/div><div class=\"vc_col-sm-6 wpb_column vc_column_container\"><div class=\"vc_column-inner\"><div class=\"wpb_wrapper\"><div class=\"wpb_text_column\"><div class=\"wpb_wrapper\"><h3>17. September: Pituquete + Encarna Anillo<\/h3>\n<p>Der Gitarrist <strong>Pituquete<\/strong> kommt in den Patio de Surtidores der Alcazaba, begleitet von der Flamenco-S\u00e4ngerin <strong>Encarna Anillo<\/strong> als Gastk\u00fcnstlerin. Die Veranstalter stellen die Begegnung als Verbindung von Flamenco, lateinamerikanischen Wurzeln und einer pers\u00f6nlichen musikalischen Stimme vor. Preis: 15 \u20ac.<\/p>\n<h3>19. September: Daniel Casares<\/h3>\n<p>Einer der international bekanntesten Namen der Flamenco-Gitarre aus M\u00e1laga. <strong>Daniel Casares<\/strong> tritt um 19:30 in der Sala Fundaci\u00f3n Unicaja Mar\u00eda Cristina auf. Wer ein Konzert sucht, das sich auf die solistische Flamenco-Gitarre und einen eng mit M\u00e1laga verbundenen K\u00fcnstler konzentriert, findet hier einen der attraktivsten Termine des Programms. Preis: 12 \u20ac.<\/p>\n<h3>24. September: Jos\u00e9 Ferm\u00edn Fern\u00e1ndez<\/h3>\n<p>Der aus Granada stammende <strong>Jos\u00e9 Ferm\u00edn Fern\u00e1ndez<\/strong> steht f\u00fcr eine Generation von Gitarristen, die hochentwickelte Technik mit eigenen Kompositionen und zeitgen\u00f6ssischer Sprache verbindet. Er spielt um 21:30 in der Alcazaba. Preis: 15 \u20ac.<\/p>\n<\/div><\/div><\/div><\/div><\/div><\/div><\/div><\/section><section class=\"l-section wpb_row height_huge color_alternate with_shape\"><div class=\"l-section-shape type_zigzag pos_top\" style=\"height:3vmin;\"><svg xmlns=\"http:\/\/www.w3.org\/2000\/svg\" viewBox=\"0 0 64 8\" preserveAspectRatio=\"none\" width=\"100%\" height=\"100%\">\r\n\t<path fill=\"currentColor\" d=\"M64 8 L0 8 L0 0 L20 7.9 L40 3 L48 5 L64 0 Z\"\/>\r\n<\/svg><\/div><div class=\"l-section-shape type_zigzag pos_bottom\" style=\"height:3vmin;\"><svg xmlns=\"http:\/\/www.w3.org\/2000\/svg\" viewBox=\"0 0 64 8\" preserveAspectRatio=\"none\" width=\"100%\" height=\"100%\">\r\n\t<path fill=\"currentColor\" d=\"M64 8 L0 8 L0 0 L20 7.9 L40 3 L48 5 L64 0 Z\"\/>\r\n<\/svg><\/div><div class=\"l-section-h i-cf\"><div class=\"g-cols vc_row via_flex valign_top type_default stacking_default\"><div class=\"vc_col-sm-6 wpb_column vc_column_container\"><div class=\"vc_column-inner\"><div class=\"wpb_wrapper\"><div class=\"wpb_text_column\"><div class=\"wpb_wrapper\"><h3>25. September: Joni Jim\u00e9nez + Jes\u00fas M\u00e9ndez<\/h3>\n<p>Der Termin am 25. verbindet zwei wesentliche Elemente des traditionellen Flamenco: Gitarre und Gesang. <strong>Joni Jim\u00e9nez<\/strong>, Gewinner des Bord\u00f3n Minero, wird begleitet von <strong>Jes\u00fas M\u00e9ndez<\/strong>, einem der bedeutenden Flamenco-S\u00e4nger seiner Generation. Das Konzert findet um 19:30 in der Sala Fundaci\u00f3n Unicaja Mar\u00eda Cristina statt und geh\u00f6rt mit 10 \u20ac zu den g\u00fcnstigsten Tickets der Reihe.<\/p>\n<h3>26. September: Ricardo Fern\u00e1ndez del Moral<\/h3>\n<p>Den Abschluss von Trasnoches Flamencos \u00fcbernimmt <strong>Ricardo Fern\u00e1ndez del Moral<\/strong>, eine besondere Pers\u00f6nlichkeit, weil er Gesang und Gitarre in einem einzigen Interpreten vereint. Die Veranstalter bezeichnen ihn als einzigen Gewinner sowohl der L\u00e1mpara Minera als auch aller f\u00fcnf Gesangspreise von La Uni\u00f3n. Das Konzert findet um 21:30 im Patio de Surtidores der Alcazaba statt. Preis: 18 \u20ac.<\/p>\n<\/div><\/div><\/div><\/div><\/div><div class=\"vc_col-sm-6 wpb_column vc_column_container\"><div class=\"vc_column-inner\"><div class=\"wpb_wrapper\"><div class=\"wpb_text_column\"><div class=\"wpb_wrapper\"><h2 id=\"recomendaciones\">Welches Flamenco-Konzert w\u00e4hlen?<\/h2>\n<p>Nicht alle Konzerte von Trasnoches Flamencos bieten dasselbe Erlebnis. Wenn Sie nur eines besuchen k\u00f6nnen, sind dies unsere Empfehlungen:<\/p>\n<ul>\n<li><strong>F\u00fcr konzertante Flamenco-Gitarre:<\/strong> Daniel Casares, am 19. September.<\/li>\n<li><strong>F\u00fcr ein Konzert mit Gesang und Gitarre:<\/strong> Joni Jim\u00e9nez mit Jes\u00fas M\u00e9ndez, am 25.<\/li>\n<li><strong>F\u00fcr ein besonders ungew\u00f6hnliches Erlebnis:<\/strong> Ricardo Fern\u00e1ndez del Moral, der singt und sich selbst auf der Gitarre begleitet, am 26.<\/li>\n<li><strong>Um zeitgen\u00f6ssische Flamenco-Gitarre zu entdecken:<\/strong> Jos\u00e9 Ferm\u00edn Fern\u00e1ndez, am 24.<\/li>\n<li><strong>F\u00fcr ein offenes, genre\u00fcbergreifendes Programm:<\/strong> El Amir, am 11.<\/li>\n<li><strong>F\u00fcr Gitarre mit Gastgesang:<\/strong> Pituquete und Encarna Anillo, am 17.<\/li>\n<\/ul>\n<p>Wer gezielt Tanz erleben m\u00f6chte, sollte beachten, dass der Auftritt von Alejandro Hurtado und Inmaculada Salom\u00f3n bereits am 4. September stattgefunden hat.<\/p>\n<\/div><\/div><\/div><\/div><\/div><\/div><\/div><\/section><section class=\"l-section wpb_row height_huge\"><div class=\"l-section-h i-cf\"><div class=\"g-cols vc_row via_flex valign_top type_default stacking_default\"><div class=\"vc_col-sm-6 wpb_column vc_column_container\"><div class=\"vc_column-inner\"><div class=\"wpb_wrapper\"><div class=\"wpb_text_column\"><div class=\"wpb_wrapper\"><h2 id=\"otros-conciertos\">Jenseits des Flamenco: klassische Gitarre, spanische Musik und historische Repertoires<\/h2>\n<p>Das Festival ist nicht ausschlie\u00dflich Flamenco gewidmet. Seine Identit\u00e4t dreht sich im weiteren Sinn um die spanische Gitarre.<\/p>\n<p>Am 5. September spielt <strong>Jacob Kellerman<\/strong> eine Antonio-de-Torres-Gitarre von 1888, die mit Francisco T\u00e1rrega verbunden ist. Das Besondere liegt nicht nur im Repertoire, sondern auch darin, ein historisches Instrument von gro\u00dfer symbolischer Bedeutung zu h\u00f6ren. Die Tickets sind als ausverkauft gekennzeichnet.<\/p>\n<p>Am 6. pr\u00e4sentiert das <strong>Quinteto 1909<\/strong> das Programm <em>5 Gitarren und ein Herz<\/em>, zum Gedenken an \u00c1ngel G. Pi\u00f1ero. Am 12. widmet <strong>Ausi\u00e0s Parejo<\/strong> sein Konzert dem 150. Geburtstag von Manuel de Falla; auch diese Tickets sind als ausverkauft verzeichnet.<\/p>\n<p>Am 13. tritt <strong>Filip Miskovic<\/strong>auf, Gewinner des 40. Internationalen Andr\u00e9s-Segovia-Wettbewerbs von La Herradura und Teil des Engagements des Festivals f\u00fcr junge Interpretinnen und Interpreten.<\/p>\n<\/div><\/div><\/div><\/div><\/div><div class=\"vc_col-sm-6 wpb_column vc_column_container\"><div class=\"vc_column-inner\"><div class=\"wpb_wrapper\"><div class=\"wpb_text_column\"><div class=\"wpb_wrapper\"><p>Am 18. pr\u00e4sentiert <strong>Mabel Mill\u00e1n<\/strong>, Gewinnerin eines Latin Grammy 2017, ein Programm mit spanischer Musik. Am 20. bringt <strong>Daniel Zapico<\/strong> den Klang der Alten Musik ein und erweitert damit den Blick \u00fcber die moderne Gitarre hinaus.<\/p>\n<p>Am 27. pr\u00e4sentiert <strong>Jos\u00e9 Luis Ruiz del Puerto<\/strong>, 2025 f\u00fcr einen Latin Grammy nominiert, ein Programm \u00fcber Komponistinnen und als Hommage an Mar\u00eda Luisa Anido.<\/p>\n<p>Der gro\u00dfe Abschluss folgt am 30. September mit <strong>Pepe Romero<\/strong>, der <strong>Orquesta Filarm\u00f3nica de M\u00e1laga<\/strong> und dem Dirigenten <strong>Jos\u00e9 Mar\u00eda Moreno<\/strong>. Das Programm verbindet das <em>Concierto de Aranjuez<\/em> von Joaqu\u00edn Rodrigo mit Filmmusik von John Williams. Beginn ist um 20:00 im Teatro Cervantes, Tickets kosten 20 \u20ac.<\/p>\n<\/div><\/div><\/div><\/div><\/div><\/div><\/div><\/section><section class=\"l-section wpb_row height_huge color_alternate with_shape\"><div class=\"l-section-shape type_zigzag pos_top hor_flip\" style=\"height:3vmin;\"><svg xmlns=\"http:\/\/www.w3.org\/2000\/svg\" viewBox=\"0 0 64 8\" preserveAspectRatio=\"none\" width=\"100%\" height=\"100%\">\r\n\t<path fill=\"currentColor\" d=\"M64 8 L0 8 L0 0 L20 7.9 L40 3 L48 5 L64 0 Z\"\/>\r\n<\/svg><\/div><div class=\"l-section-shape type_zigzag pos_bottom\" style=\"height:3vmin;\"><svg xmlns=\"http:\/\/www.w3.org\/2000\/svg\" viewBox=\"0 0 64 8\" preserveAspectRatio=\"none\" width=\"100%\" height=\"100%\">\r\n\t<path fill=\"currentColor\" d=\"M64 8 L0 8 L0 0 L20 7.9 L40 3 L48 5 L64 0 Z\"\/>\r\n<\/svg><\/div><div class=\"l-section-h i-cf\"><div class=\"g-cols vc_row via_flex valign_top type_default stacking_default\"><div class=\"vc_col-sm-6 wpb_column vc_column_container\"><div class=\"vc_column-inner\"><div class=\"wpb_wrapper\"><div class=\"wpb_text_column\"><div class=\"wpb_wrapper\"><h2 id=\"sedes\">Die vier Spielorte des Festivals<\/h2>\n<h3>Patio de Surtidores der Alcazaba von M\u00e1laga<\/h3>\n<p>Dies ist der monumentalste Spielort des Programms. Die Kombination aus historischer Architektur, Nachtstimmung und Gitarre macht die Termine in der Alcazaba zu einigen der besonderen Erlebnisse des Festivals. F\u00fcr die Konzerte nennt MiEntrada den Zugang \u00fcber <strong>Calle Guill\u00e9n Sotelo, 1<\/strong>, neben dem Eingang zum Aufzug der Alcazaba.<\/p>\n<h3>Sala Fundaci\u00f3n Unicaja Mar\u00eda Cristina<\/h3>\n<p>Sie befindet sich in der <strong>Calle Marqu\u00e9s de Valdeca\u00f1as, 2<\/strong>und beherbergt einen gro\u00dfen Teil des Flamenco-Programms: El Amir, Daniel Casares und Joni Jim\u00e9nez mit Jes\u00fas M\u00e9ndez sowie die Er\u00f6ffnung mit Alejandro Hurtado und Inmaculada Salom\u00f3n.<\/p>\n<p>Der Konzertsaal erm\u00f6glicht ein unmittelbares H\u00f6rerlebnis, was besonders bei Recitals wichtig ist, in denen die Feinheiten von Gitarrenspiel und Gesang im Mittelpunkt stehen.<\/p>\n<\/div><\/div><\/div><\/div><\/div><div class=\"vc_col-sm-6 wpb_column vc_column_container\"><div class=\"vc_column-inner\"><div class=\"wpb_wrapper\"><div class=\"wpb_text_column\"><div class=\"wpb_wrapper\"><h3>Centro Cultural Fundaci\u00f3n Unicaja de M\u00e1laga<\/h3>\n<p>An der <strong>Plaza del Obispo, 6<\/strong>, gegen\u00fcber der Kathedrale, finden die Vormittagskonzerte von Quinteto 1909, Filip Miskovic, Daniel Zapico und Jos\u00e9 Luis Ruiz del Puerto statt. Dieser Spielort ist mit dem Programm um 12:00 verbunden.<\/p>\n<h3>Teatro Cervantes<\/h3>\n<p>F\u00fcr den Abschluss geht es in das wichtigste Theater der Stadt, in der <strong>Calle Ramos Mar\u00edn, s\/n<\/strong>. Dort treten Pepe Romero, die Orquesta Filarm\u00f3nica de M\u00e1laga und Jos\u00e9 Mar\u00eda Moreno am 30. September auf.<\/p>\n<p>Die Verteilung der Spielorte verbindet historische S\u00e4le, Kulturerbe unter freiem Himmel und ein gro\u00dfes Theater. Wenn Sie mehrere Termine besuchen m\u00f6chten, pr\u00fcfen Sie jeweils den Spielort: Es gibt keinen einzigen Veranstaltungsort f\u00fcr das gesamte Festival.<\/p>\n<\/div><\/div><\/div><\/div><\/div><\/div><\/div><\/section><section class=\"l-section wpb_row height_huge\"><div class=\"l-section-h i-cf\"><div class=\"g-cols vc_row via_flex valign_top type_default stacking_default\"><div class=\"vc_col-sm-6 wpb_column vc_column_container\"><div class=\"vc_column-inner\"><div class=\"wpb_wrapper\"><div class=\"wpb_text_column\"><div class=\"wpb_wrapper\"><h2 id=\"entradas\">Tickets: Preise, Verkauf und ausverkaufte Konzerte<\/h2>\n<p>Die Tickets sind f\u00fcr ein Festival dieser Art relativ g\u00fcnstig: Die allgemeine Preisspanne reicht von <strong>10 bis 20 \u20ac<\/strong>.<\/p>\n<p>Der gr\u00f6\u00dfte Teil des Programms wird \u00fcber <a href=\"https:\/\/www.mientrada.net\/eventos\/categoria\/pepe-romero-guitar-festival-malaga\/\" target=\"_blank\" rel=\"noopener\">MiEntrada<\/a>verkauft. Das Abschlusskonzert am 30. September im Teatro Cervantes wird auf der offiziellen Website mit <a href=\"https:\/\/www.unientradas.es\/\" target=\"_blank\" rel=\"noopener\">UniEntradas<\/a>verlinkt.<\/p>\n<p>Mit Stand vom 5. September zeigt MiEntrada folgende Konzerte als ausverkauft:<\/p>\n<ul>\n<li>Jacob Kellerman, 5. September.<\/li>\n<li>Ausi\u00e0s Parejo, 12. September.<\/li>\n<\/ul>\n<p>Auch das Er\u00f6ffnungskonzert von Alejandro Hurtado und Inmaculada Salom\u00f3n am 4. war ausverkauft.<\/p>\n<\/div><\/div><\/div><\/div><\/div><div class=\"vc_col-sm-6 wpb_column vc_column_container\"><div class=\"vc_column-inner\"><div class=\"wpb_wrapper\"><div class=\"wpb_text_column\"><div class=\"wpb_wrapper\"><h2>Sollte man im Voraus kaufen?<\/h2>\n<p>Ja. Obwohl mehrere Termine weiterhin 10, 12 oder 15 \u20ac kosten, zeigen die ersten ausverkauften Veranstaltungen, dass die Kapazit\u00e4t mancher Spielorte begrenzt ist und bestimmte Programme stark nachgefragt werden.<\/p>\n<p>Wir empfehlen, ausschlie\u00dflich \u00fcber die <a href=\"https:\/\/www.malagaguitarfestival.com\/\" target=\"_blank\" rel=\"noopener\">offizielle Website des Internationalen Gitarrenfestivals M\u00e1laga Pepe Romero<\/a> oder \u00fcber die dort verlinkten Ticketplattformen zu kaufen. Pr\u00fcfen Sie vor Abschluss der Zahlung immer Datum, Uhrzeit und Spielort.<\/p>\n<p>Wenn ein Konzert ausverkauft ist, vermeiden Sie den Kauf von unbekannten Personen oder nicht autorisierten Kan\u00e4len. Die Veranstalter k\u00f6nnen die Verf\u00fcgbarkeit aktualisieren, doch informeller Weiterverkauf bringt unn\u00f6tige Risiken mit sich.<\/p>\n<\/div><\/div><\/div><\/div><\/div><\/div><\/div><\/section><section class=\"l-section wpb_row height_huge color_alternate with_shape\"><div class=\"l-section-shape type_zigzag pos_top\" style=\"height:3vmin;\"><svg xmlns=\"http:\/\/www.w3.org\/2000\/svg\" viewBox=\"0 0 64 8\" preserveAspectRatio=\"none\" width=\"100%\" height=\"100%\">\r\n\t<path fill=\"currentColor\" d=\"M64 8 L0 8 L0 0 L20 7.9 L40 3 L48 5 L64 0 Z\"\/>\r\n<\/svg><\/div><div class=\"l-section-shape type_zigzag pos_bottom\" style=\"height:3vmin;\"><svg xmlns=\"http:\/\/www.w3.org\/2000\/svg\" viewBox=\"0 0 64 8\" preserveAspectRatio=\"none\" width=\"100%\" height=\"100%\">\r\n\t<path fill=\"currentColor\" d=\"M64 8 L0 8 L0 0 L20 7.9 L40 3 L48 5 L64 0 Z\"\/>\r\n<\/svg><\/div><div class=\"l-section-h i-cf\"><div class=\"g-cols vc_row via_flex valign_top type_default stacking_default\"><div class=\"vc_col-sm-6 wpb_column vc_column_container\"><div class=\"vc_column-inner\"><div class=\"wpb_wrapper\"><div class=\"wpb_text_column\"><div class=\"wpb_wrapper\"><h2 id=\"homenajes\">Eine Ausgabe zu Ehren von Joaqu\u00edn Rodrigo, Cel\u00edn Romero und \u00c1ngel Romero<\/h2>\n<p>Die f\u00fcnfte Ausgabe hat einen stark commemorativen Charakter. Das Festival ehrt <strong>Joaqu\u00edn Rodrigo<\/strong> anl\u00e4sslich seines 125. Geburtstags sowie zwei Gr\u00fcndungsmitglieder des Romero-Quartetts: <strong>Cel\u00edn Romero<\/strong>, anl\u00e4sslich seines 90. Geburtstags, und <strong>\u00c1ngel Romero<\/strong>, der 80 Jahre alt wird.<\/p>\n<p>Das Abschlusskonzert fasst diesen Ansatz zusammen. Pepe Romero spielt das <em>Concierto de Aranjuez<\/em>, eines der weltweit bekanntesten Werke f\u00fcr Gitarre und Orchester, begleitet von der Orquesta Filarm\u00f3nica de M\u00e1laga unter der Leitung von Jos\u00e9 Mar\u00eda Moreno.<\/p>\n<p>Das Programm wird durch Filmmusik von John Williams erg\u00e4nzt und steht au\u00dferdem im Zusammenhang mit dem 250. Jahrestag der Unabh\u00e4ngigkeit der Vereinigten Staaten.<\/p>\n<\/div><\/div><\/div><\/div><\/div><div class=\"vc_col-sm-6 wpb_column vc_column_container\"><div class=\"vc_column-inner\"><div class=\"wpb_wrapper\"><div class=\"wpb_text_column\"><div class=\"wpb_wrapper\"><h2>Warum das Festival f\u00fcr Flamenco-Fans besonders interessant ist<\/h2>\n<p>Gitarrenfestivals werden manchmal nach Genres getrennt. In M\u00e1laga hingegen stellt das Programm klassische und Flamenco-Gitarre in einen gemeinsamen Zusammenhang rund um die spanische Gitarre.<\/p>\n<p>So lassen sich innerhalb weniger Wochen sehr unterschiedliche Ans\u00e4tze h\u00f6ren: das solistische Spiel von Daniel Casares, das Zusammenspiel von Gitarre und Gesang bei Joni Jim\u00e9nez und Jes\u00fas M\u00e9ndez, die Eigenst\u00e4ndigkeit eines K\u00fcnstlers, der wie Ricardo Fern\u00e1ndez del Moral singt und spielt, die zeitgen\u00f6ssische Gitarre von Jos\u00e9 Ferm\u00edn Fern\u00e1ndez oder ein historisches, mit T\u00e1rrega verbundenes Instrument in den H\u00e4nden von Jacob Kellerman.<\/p>\n<p>Wer M\u00e1laga besucht und das Festival mit einem regul\u00e4ren Flamenco-Erlebnis erg\u00e4nzen m\u00f6chte, findet in unserem Guide zu <a href=\"https:\/\/www.tablaosflamencos.com\/flamenco-en-malaga\">Flamenco in M\u00e1laga<\/a>Shows und Tablaos in der Stadt.<\/p>\n<\/div><\/div><\/div><\/div><\/div><\/div><\/div><\/section><section class=\"l-section wpb_row height_huge\"><div class=\"l-section-h i-cf\"><div class=\"g-cols vc_row via_flex valign_top type_default stacking_default\"><div class=\"vc_col-sm-6 wpb_column vc_column_container\"><div class=\"vc_column-inner\"><div class=\"wpb_wrapper\"><div class=\"wpb_text_column\"><div class=\"wpb_wrapper\"><h2>So planen Sie einen Festivalbesuch<\/h2>\n<p>Wenn Sie speziell wegen des Festivals anreisen, sollten Sie zuerst Konzert und Spielort ausw\u00e4hlen, bevor Sie weitere Pl\u00e4ne buchen. Die Termine verteilen sich \u00fcber das Zentrum von M\u00e1laga und haben sehr unterschiedliche Anfangszeiten: Einige beginnen um 12:00, andere um 19:30, 20:00 oder 21:30.<\/p>\n<p>F\u00fcr Konzerte in der Alcazaba empfiehlt es sich, fr\u00fchzeitig anzukommen und die spezifischen Zugangshinweise der Ticketplattform zu beachten. Bei Abendkonzerten verhindert eine fr\u00fchzeitige Buchung, dass Sie von der kurzfristigen Verf\u00fcgbarkeit abh\u00e4ngig sind.<\/p>\n<p>Wenn Flamenco Ihre Priorit\u00e4t ist, konzentriert sich das Programm besonders gut auf die zweite Monatsh\u00e4lfte: Zwischen dem 17. und 26. September folgen Pituquete und Encarna Anillo, Daniel Casares, Jos\u00e9 Ferm\u00edn Fern\u00e1ndez, Joni Jim\u00e9nez mit Jes\u00fas M\u00e9ndez und Ricardo Fern\u00e1ndez del Moral aufeinander.<\/p>\n<\/div><\/div><\/div><\/div><\/div><div class=\"vc_col-sm-6 wpb_column vc_column_container\"><div class=\"vc_column-inner\"><div class=\"wpb_wrapper\"><div class=\"wpb_text_column\"><div class=\"wpb_wrapper\"><h2>Eine Gelegenheit, M\u00e1laga durch die Gitarre zu entdecken<\/h2>\n<p>Die Verteilung der Spielorte macht das Festival auch zu einer kulturellen Route. Die Alcazaba bringt die Gitarre in eines der wichtigsten Monumente der Stadt; das Centro Cultural Fundaci\u00f3n Unicaja f\u00fchrt sie an die Plaza del Obispo; Mar\u00eda Cristina bietet einen historischen Saal; und das Teatro Cervantes reserviert das sinfonische Format f\u00fcr den Abschluss.<\/p>\n<p>Diese Vielfalt macht das Festival zu mehr als einer Reihe von Recitals. Die Stadt wird Teil des Erlebnisses, und das Programm spricht sowohl Fachpublikum als auch Besucher an, die sich erstmals der spanischen Gitarre n\u00e4hern.<\/p>\n<p>Tickets ab 10 \u20ac machen es leicht, mehrere Termine zu kombinieren und sehr unterschiedliche musikalische Sprachen innerhalb derselben Ausgabe zu vergleichen.<\/p>\n<\/div><\/div><\/div><\/div><\/div><\/div><\/div><\/section><section class=\"l-section wpb_row height_huge color_alternate with_shape\"><div class=\"l-section-shape type_zigzag pos_top hor_flip\" style=\"height:3vmin;\"><svg xmlns=\"http:\/\/www.w3.org\/2000\/svg\" viewBox=\"0 0 64 8\" preserveAspectRatio=\"none\" width=\"100%\" height=\"100%\">\r\n\t<path fill=\"currentColor\" d=\"M64 8 L0 8 L0 0 L20 7.9 L40 3 L48 5 L64 0 Z\"\/>\r\n<\/svg><\/div><div class=\"l-section-shape type_zigzag pos_bottom\" style=\"height:3vmin;\"><svg xmlns=\"http:\/\/www.w3.org\/2000\/svg\" viewBox=\"0 0 64 8\" preserveAspectRatio=\"none\" width=\"100%\" height=\"100%\">\r\n\t<path fill=\"currentColor\" d=\"M64 8 L0 8 L0 0 L20 7.9 L40 3 L48 5 L64 0 Z\"\/>\r\n<\/svg><\/div><div class=\"l-section-h i-cf\"><div class=\"g-cols vc_row via_flex valign_top type_default stacking_default\"><div class=\"vc_col-sm-12 wpb_column vc_column_container\"><div class=\"vc_column-inner\"><div class=\"wpb_wrapper\"><div class=\"wpb_text_column\"><div class=\"wpb_wrapper\"><h2 style=\"text-align: center;\">Praktische Zusammenfassung<\/h2>\n<div style=\"overflow-x: auto;\">\n<table>\n<thead>\n<tr>\n<th>Frage<\/th>\n<th>Antwort<\/th>\n<\/tr>\n<\/thead>\n<tbody>\n<tr>\n<td>Wann findet es statt?<\/td>\n<td>Vom 4. bis 30. September 2026.<\/td>\n<\/tr>\n<tr>\n<td>Wie viele Konzerte gibt es?<\/td>\n<td>15.<\/td>\n<\/tr>\n<tr>\n<td>Wie viele Flamenco-Konzerte sind enthalten?<\/td>\n<td>Sieben in der Reihe Trasnoches Flamencos.<\/td>\n<\/tr>\n<tr>\n<td>Wie viel kosten die Tickets?<\/td>\n<td>Zwischen 10 und 20 \u20ac.<\/td>\n<\/tr>\n<tr>\n<td>Wo kann man sie kaufen?<\/td>\n<td>Haupts\u00e4chlich \u00fcber MiEntrada; der Abschluss \u00fcber UniEntradas.<\/td>\n<\/tr>\n<tr>\n<td>Welche Konzerte sind ausverkauft?<\/td>\n<td>Stand 5. September: Jacob Kellerman und Ausi\u00e0s Parejo; auch die Er\u00f6ffnung am 4. war ausverkauft.<\/td>\n<\/tr>\n<tr>\n<td>Wo findet das Festival statt?<\/td>\n<td>Alcazaba, Sala Fundaci\u00f3n Unicaja Mar\u00eda Cristina, Centro Cultural Fundaci\u00f3n Unicaja de M\u00e1laga und Teatro Cervantes.<\/td>\n<\/tr>\n<tr>\n<td>Wer schlie\u00dft das Festival ab?<\/td>\n<td>Pepe Romero mit der Orquesta Filarm\u00f3nica de M\u00e1laga und Jos\u00e9 Mar\u00eda Moreno.<\/td>\n<\/tr>\n<\/tbody>\n<\/table>\n<\/div>\n<\/div><\/div><\/div><\/div><\/div><\/div><\/div><\/section><section class=\"l-section wpb_row height_huge\"><div class=\"l-section-h i-cf\"><div class=\"g-cols vc_row via_flex valign_top type_default stacking_default\"><div class=\"vc_col-sm-12 wpb_column vc_column_container\"><div class=\"vc_column-inner\"><div class=\"wpb_wrapper\"><div class=\"wpb_text_column\"><div class=\"wpb_wrapper\"><h2>Ein Festival, das die Gitarre aus verschiedenen musikalischen Welten zeigt<\/h2>\n<p>Das Pepe Romero Guitar Festival M\u00e1laga 2026 vereint in weniger als einem Monat historische Instrumente, junge Interpretinnen und Interpreten, gro\u00dfe Namen der spanischen Gitarre und eine Flamenco-Reihe mit eigener Identit\u00e4t. F\u00fcr das Publikum von Tablaos Flamencos liegt der gr\u00f6\u00dfte Reiz in der Kontinuit\u00e4t von Trasnoches Flamencos und der Vielfalt der Formate.<\/p>\n<p>Daniel Casares bietet den gro\u00dfen Termin f\u00fcr solistische Flamenco-Gitarre; Joni Jim\u00e9nez und Jes\u00fas M\u00e9ndez verbinden Gitarre und Gesang; Ricardo Fern\u00e1ndez del Moral vereint beide Ausdrucksformen in einer Person; Jos\u00e9 Ferm\u00edn Fern\u00e1ndez steht f\u00fcr eine zeitgen\u00f6ssische Perspektive; El Amir und Pituquete \u00f6ffnen das Programm f\u00fcr weitere musikalische Verbindungen.<\/p>\n<p>Pepe Romeros Abschlusskonzert vollendet den Bogen des Festivals aus einer anderen Gitarrentradition. M\u00e1laga nutzt vier emblematische Spielorte, um zu zeigen, dass die spanische Gitarre nicht nur einer einzigen \u00c4sthetik folgt und Flamenco ein wesentlicher Teil ihres Reichtums ist.<\/p>\n<\/div><\/div><div class=\"w-separator size_medium\"><\/div><div class=\"w-hwrapper valign_top wrap align_center\" style=\"--hwrapper-gap:1.2rem\"><div class=\"w-btn-wrapper align_none\"><a class=\"w-btn us-btn-style_1\" href=\"\/?page_id=8784\"><span class=\"w-btn-label\">Flamenco in M\u00e1laga ansehen<\/span><\/a><\/div><div class=\"w-btn-wrapper align_none\"><a class=\"w-btn us-btn-style_1\" href=\"\/tablaos-flamencos\"><span class=\"w-btn-label\">Flamenco-Tablaos entdecken<\/span><\/a><\/div><\/div><\/div><\/div><\/div><\/div><\/div><\/section><section class=\"l-section wpb_row height_huge color_alternate with_shape\"><div class=\"l-section-shape type_zigzag pos_top\" style=\"height:3vmin;\"><svg xmlns=\"http:\/\/www.w3.org\/2000\/svg\" viewBox=\"0 0 64 8\" preserveAspectRatio=\"none\" width=\"100%\" height=\"100%\">\r\n\t<path fill=\"currentColor\" d=\"M64 8 L0 8 L0 0 L20 7.9 L40 3 L48 5 L64 0 Z\"\/>\r\n<\/svg><\/div><div class=\"l-section-h i-cf\"><div class=\"g-cols vc_row via_flex valign_top type_default stacking_default\"><div class=\"vc_col-sm-1\/5 wpb_column vc_column_container\"><div class=\"vc_column-inner\"><div class=\"wpb_wrapper\"><\/div><\/div><\/div><div class=\"vc_col-sm-3\/5 wpb_column vc_column_container\"><div class=\"vc_column-inner\"><div class=\"wpb_wrapper\"><div class=\"wpb_text_column\"><div class=\"wpb_wrapper\"><h2 id=\"faq\">H\u00e4ufig gestellte Fragen zum Internationalen Pepe-Romero-Gitarrenfestival 2026<\/h2>\n<\/div><\/div><div class=\"w-separator size_medium\"><\/div><div class=\"w-tabs accordion toggle_style_1 has_scrolling\" style=\"--sections-title-size:inherit;--sections-gap:0.5rem;\"><div class=\"w-tabs-sections titles-align_none icon_chevron cpos_right\"><div class=\"w-tabs-section\" id=\"mdec\"><button type=\"button\" class=\"w-tabs-section-header\" aria-controls=\"content-mdec\" aria-expanded=\"false\"><div class=\"w-tabs-section-title\">Wann findet das Internationale Pepe-Romero-Gitarrenfestival 2026 statt?<\/div><div class=\"w-tabs-section-control\"><\/div><\/button><div  class=\"w-tabs-section-content\" id=\"content-mdec\"><div class=\"w-tabs-section-content-h i-cf\"><div class=\"wpb_text_column\"><div class=\"wpb_wrapper\"><p>Die f\u00fcnfte Ausgabe findet vom 4. bis 30. September 2026 in M\u00e1laga statt.<\/p>\n<\/div><\/div><\/div><\/div><\/div><div class=\"w-tabs-section\" id=\"lf44\"><button type=\"button\" class=\"w-tabs-section-header\" aria-controls=\"content-lf44\" aria-expanded=\"false\"><div class=\"w-tabs-section-title\">Wie viele Konzerte umfasst das Festival?<\/div><div class=\"w-tabs-section-control\"><\/div><\/button><div  class=\"w-tabs-section-content\" id=\"content-lf44\"><div class=\"w-tabs-section-content-h i-cf\"><div class=\"wpb_text_column\"><div class=\"wpb_wrapper\"><p>Das offizielle Programm besteht aus 15 Konzerten im Laufe des Septembers.<\/p>\n<\/div><\/div><\/div><\/div><\/div><div class=\"w-tabs-section\" id=\"s06f\"><button type=\"button\" class=\"w-tabs-section-header\" aria-controls=\"content-s06f\" aria-expanded=\"false\"><div class=\"w-tabs-section-title\">Welche Flamenco-Konzerte gibt es beim Pepe Romero Guitar Festival?<\/div><div class=\"w-tabs-section-control\"><\/div><\/button><div  class=\"w-tabs-section-content\" id=\"content-s06f\"><div class=\"w-tabs-section-content-h i-cf\"><div class=\"wpb_text_column\"><div class=\"wpb_wrapper\"><p>Die Reihe Trasnoches Flamencos umfasst Alejandro Hurtado und Inmaculada Salom\u00f3n, El Amir, Pituquete mit Encarna Anillo, Daniel Casares, Jos\u00e9 Ferm\u00edn Fern\u00e1ndez, Joni Jim\u00e9nez mit Jes\u00fas M\u00e9ndez und Ricardo Fern\u00e1ndez del Moral. Der erste dieser Termine fand am 4. September statt.<\/p>\n<\/div><\/div><\/div><\/div><\/div><div class=\"w-tabs-section\" id=\"j17a\"><button type=\"button\" class=\"w-tabs-section-header\" aria-controls=\"content-j17a\" aria-expanded=\"false\"><div class=\"w-tabs-section-title\">Wie viel kosten die Tickets?<\/div><div class=\"w-tabs-section-control\"><\/div><\/button><div  class=\"w-tabs-section-content\" id=\"content-j17a\"><div class=\"w-tabs-section-content-h i-cf\"><div class=\"wpb_text_column\"><div class=\"wpb_wrapper\"><p>Die ver\u00f6ffentlichten Preise f\u00fcr 2026 liegen je nach Konzert zwischen 10 und 20 \u20ac.<\/p>\n<\/div><\/div><\/div><\/div><\/div><div class=\"w-tabs-section\" id=\"u298\"><button type=\"button\" class=\"w-tabs-section-header\" aria-controls=\"content-u298\" aria-expanded=\"false\"><div class=\"w-tabs-section-title\">Wo kann man Tickets kaufen?<\/div><div class=\"w-tabs-section-control\"><\/div><\/button><div  class=\"w-tabs-section-content\" id=\"content-u298\"><div class=\"w-tabs-section-content-h i-cf\"><div class=\"wpb_text_column\"><div class=\"wpb_wrapper\"><p>Die meisten Konzerte werden \u00fcber MiEntrada verkauft. Auf der offiziellen Website ist das Abschlusskonzert am 30. September im Teatro Cervantes mit UniEntradas verlinkt.<\/p>\n<\/div><\/div><\/div><\/div><\/div><div class=\"w-tabs-section\" id=\"c3a2\"><button type=\"button\" class=\"w-tabs-section-header\" aria-controls=\"content-c3a2\" aria-expanded=\"false\"><div class=\"w-tabs-section-title\">Sind Konzerte ausverkauft?<\/div><div class=\"w-tabs-section-control\"><\/div><\/button><div  class=\"w-tabs-section-content\" id=\"content-c3a2\"><div class=\"w-tabs-section-content-h i-cf\"><div class=\"wpb_text_column\"><div class=\"wpb_wrapper\"><p>Mit Stand vom 5. September sind die Tickets f\u00fcr Jacob Kellerman am 5. und Ausi\u00e0s Parejo am 12. als ausverkauft gekennzeichnet. Auch das Er\u00f6ffnungskonzert am 4. September mit Alejandro Hurtado und Inmaculada Salom\u00f3n war ausverkauft.<\/p>\n<\/div><\/div><\/div><\/div><\/div><div class=\"w-tabs-section\" id=\"h4ac\"><button type=\"button\" class=\"w-tabs-section-header\" aria-controls=\"content-h4ac\" aria-expanded=\"false\"><div class=\"w-tabs-section-title\">Wo finden die Konzerte statt?<\/div><div class=\"w-tabs-section-control\"><\/div><\/button><div  class=\"w-tabs-section-content\" id=\"content-h4ac\"><div class=\"w-tabs-section-content-h i-cf\"><div class=\"wpb_text_column\"><div class=\"wpb_wrapper\"><p>Die vier wichtigsten Spielorte sind der Patio de Surtidores der Alcazaba von M\u00e1laga, die Sala Fundaci\u00f3n Unicaja Mar\u00eda Cristina, das Centro Cultural Fundaci\u00f3n Unicaja de M\u00e1laga und das Teatro Cervantes.<\/p>\n<\/div><\/div><\/div><\/div><\/div><div class=\"w-tabs-section\" id=\"q5a4\"><button type=\"button\" class=\"w-tabs-section-header\" aria-controls=\"content-q5a4\" aria-expanded=\"false\"><div class=\"w-tabs-section-title\">Wann tritt Daniel Casares auf?<\/div><div class=\"w-tabs-section-control\"><\/div><\/button><div  class=\"w-tabs-section-content\" id=\"content-q5a4\"><div class=\"w-tabs-section-content-h i-cf\"><div class=\"wpb_text_column\"><div class=\"wpb_wrapper\"><p>Daniel Casares tritt am Samstag, 19. September, um 19:30 in der Sala Fundaci\u00f3n Unicaja Mar\u00eda Cristina auf. Der ver\u00f6ffentlichte Ticketpreis betr\u00e4gt 12 \u20ac.<\/p>\n<\/div><\/div><\/div><\/div><\/div><div class=\"w-tabs-section\" id=\"m6b0\"><button type=\"button\" class=\"w-tabs-section-header\" aria-controls=\"content-m6b0\" aria-expanded=\"false\"><div class=\"w-tabs-section-title\">Wann treten Joni Jim\u00e9nez und Jes\u00fas M\u00e9ndez auf?<\/div><div class=\"w-tabs-section-control\"><\/div><\/button><div  class=\"w-tabs-section-content\" id=\"content-m6b0\"><div class=\"w-tabs-section-content-h i-cf\"><div class=\"wpb_text_column\"><div class=\"wpb_wrapper\"><p>Sie treten am Freitag, 25. September, um 19:30 in der Sala Fundaci\u00f3n Unicaja Mar\u00eda Cristina auf. Laut offiziellem Programm kostet das Ticket 10 \u20ac.<\/p>\n<\/div><\/div><\/div><\/div><\/div><div class=\"w-tabs-section\" id=\"s7af\"><button type=\"button\" class=\"w-tabs-section-header\" aria-controls=\"content-s7af\" aria-expanded=\"false\"><div class=\"w-tabs-section-title\">Wer schlie\u00dft das Festival ab?<\/div><div class=\"w-tabs-section-control\"><\/div><\/button><div  class=\"w-tabs-section-content\" id=\"content-s7af\"><div class=\"w-tabs-section-content-h i-cf\"><div class=\"wpb_text_column\"><div class=\"wpb_wrapper\"><p>Pepe Romero schlie\u00dft die f\u00fcnfte Ausgabe am 30. September im Teatro Cervantes gemeinsam mit der Orquesta Filarm\u00f3nica de M\u00e1laga und dem Dirigenten Jos\u00e9 Mar\u00eda Moreno ab. Das Programm umfasst Joaqu\u00edn Rodrigos Concierto de Aranjuez und Filmmusik von John Williams.<\/p>\n<\/div><\/div><\/div><\/div><\/div><\/div><\/div><\/div><\/div><\/div><div class=\"vc_col-sm-1\/5 wpb_column vc_column_container\"><div class=\"vc_column-inner\"><div class=\"wpb_wrapper\"><\/div><\/div><\/div><\/div><\/div><\/section>\n","protected":false},"excerpt":{"rendered":"<p>Kompletter Guide zum Internationalen Pepe-Romero-Gitarrenfestival 2026 in M\u00e1laga: 15 Konzerte, Flamenco, K\u00fcnstler, Spielorte, Preise und Tickets.<\/p>\n","protected":false},"author":1,"featured_media":14939,"comment_status":"closed","ping_status":"closed","sticky":false,"template":"","format":"standard","meta":{"_acf_changed":false,"wpai_generated_summary":"","_ayudawp_aiss_exclude":false,"_ayudawp_aiss_exclude_summary":false,"_ayudawp_aiss_summary":"","_ayudawp_aiss_summary_provider":"","_ayudawp_aiss_summary_hash":"","footnotes":""},"categories":[1669],"tags":[1417],"class_list":["post-15106","post","type-post","status-publish","format-standard","has-post-thumbnail","hentry","category-flamenco-festivals","tag-flamenco-gitarre"],"acf":[],"yoast_head":"<!-- This site is optimized with the Yoast SEO Premium plugin v28.4 (Yoast SEO v28.4) - https:\/\/yoast.com\/product\/yoast-seo-premium-wordpress\/ -->\n<title>Pepe-Romero-Gitarrenfestival M\u00e1laga 2026: Programm &amp; Tickets<\/title>\n<meta name=\"description\" content=\"Internationales Pepe-Romero-Gitarrenfestival 2026 in M\u00e1laga: 15 Konzerte, Flamenco, K\u00fcnstler, Spielorte, Preise und Tickets.\" \/>\n<meta name=\"robots\" content=\"index, follow, max-snippet:-1, max-image-preview:large, max-video-preview:-1\" \/>\n<link rel=\"canonical\" href=\"https:\/\/www.tablaosflamencos.com\/de\/pepe-romero-gitarrenfestival-malaga-2026.html\" \/>\n<meta property=\"og:locale\" content=\"de_DE\" \/>\n<meta property=\"og:type\" content=\"article\" \/>\n<meta property=\"og:title\" content=\"Internationales Pepe-Romero-Gitarrenfestival 2026 in M\u00e1laga: Programm, K\u00fcnstler, Flamenco-Konzerte, Spielorte und Tickets\" \/>\n<meta property=\"og:description\" content=\"Internationales Pepe-Romero-Gitarrenfestival 2026 in M\u00e1laga: 15 Konzerte, Flamenco, K\u00fcnstler, Spielorte, Preise und Tickets.\" \/>\n<meta property=\"og:url\" content=\"https:\/\/www.tablaosflamencos.com\/de\/pepe-romero-gitarrenfestival-malaga-2026.html\" \/>\n<meta property=\"og:site_name\" content=\"Tablaos Flamencos\" \/>\n<meta property=\"article:publisher\" content=\"https:\/\/www.facebook.com\/tablaosflamencos\" \/>\n<meta property=\"article:published_time\" content=\"2026-09-06T14:39:25+00:00\" \/>\n<meta property=\"article:modified_time\" content=\"2026-09-06T17:31:52+00:00\" \/>\n<meta property=\"og:image\" content=\"https:\/\/www.tablaosflamencos.com\/wp-content\/uploads\/festival-internacional-de-guitarra-pepe-romero-2026-en-malaga-programa-artistas-conciertos-flamencos-sedes-y-entradas-01.webp\" \/>\n\t<meta property=\"og:image:width\" content=\"1672\" \/>\n\t<meta property=\"og:image:height\" content=\"941\" \/>\n\t<meta property=\"og:image:type\" content=\"image\/webp\" \/>\n<meta name=\"author\" content=\"Miguel Ortiz\" \/>\n<meta name=\"twitter:card\" content=\"summary_large_image\" \/>\n<meta name=\"twitter:creator\" content=\"@tablaosflamenco\" \/>\n<meta name=\"twitter:site\" content=\"@tablaosflamenco\" \/>\n<meta name=\"twitter:label1\" content=\"Verfasst von\" \/>\n\t<meta name=\"twitter:data1\" content=\"Miguel Ortiz\" \/>\n\t<meta name=\"twitter:label2\" content=\"Gesch\u00e4tzte Lesezeit\" \/>\n\t<meta name=\"twitter:data2\" content=\"18\u00a0Minuten\" \/>\n<script type=\"application\/ld+json\" class=\"yoast-schema-graph\">{\"@context\":\"https:\\\/\\\/schema.org\",\"@graph\":[{\"@type\":\"Article\",\"@id\":\"https:\\\/\\\/www.tablaosflamencos.com\\\/de\\\/pepe-romero-gitarrenfestival-malaga-2026.html#article\",\"isPartOf\":{\"@id\":\"https:\\\/\\\/www.tablaosflamencos.com\\\/de\\\/pepe-romero-gitarrenfestival-malaga-2026.html\"},\"author\":{\"name\":\"Miguel Ortiz\",\"@id\":\"https:\\\/\\\/www.tablaosflamencos.com\\\/de#\\\/schema\\\/person\\\/e7a9ebe14eb75a52ceabfbffb3c54f5d\"},\"headline\":\"Internationales Pepe-Romero-Gitarrenfestival 2026 in M\u00e1laga: Programm, K\u00fcnstler, Flamenco-Konzerte, Spielorte und Tickets\",\"datePublished\":\"2026-09-06T14:39:25+00:00\",\"dateModified\":\"2026-09-06T17:31:52+00:00\",\"mainEntityOfPage\":{\"@id\":\"https:\\\/\\\/www.tablaosflamencos.com\\\/de\\\/pepe-romero-gitarrenfestival-malaga-2026.html\"},\"wordCount\":3645,\"publisher\":{\"@id\":\"https:\\\/\\\/www.tablaosflamencos.com\\\/de#organization\"},\"image\":{\"@id\":\"https:\\\/\\\/www.tablaosflamencos.com\\\/de\\\/pepe-romero-gitarrenfestival-malaga-2026.html#primaryimage\"},\"thumbnailUrl\":\"https:\\\/\\\/www.tablaosflamencos.com\\\/wp-content\\\/uploads\\\/festival-internacional-de-guitarra-pepe-romero-2026-en-malaga-programa-artistas-conciertos-flamencos-sedes-y-entradas-01.webp\",\"keywords\":[\"Flamenco-Gitarre\"],\"articleSection\":[\"Flamenco-Festivals\"],\"inLanguage\":\"de\"},{\"@type\":\"WebPage\",\"@id\":\"https:\\\/\\\/www.tablaosflamencos.com\\\/de\\\/pepe-romero-gitarrenfestival-malaga-2026.html\",\"url\":\"https:\\\/\\\/www.tablaosflamencos.com\\\/de\\\/pepe-romero-gitarrenfestival-malaga-2026.html\",\"name\":\"Pepe-Romero-Gitarrenfestival M\u00e1laga 2026: Programm & Tickets\",\"isPartOf\":{\"@id\":\"https:\\\/\\\/www.tablaosflamencos.com\\\/de#website\"},\"primaryImageOfPage\":{\"@id\":\"https:\\\/\\\/www.tablaosflamencos.com\\\/de\\\/pepe-romero-gitarrenfestival-malaga-2026.html#primaryimage\"},\"image\":{\"@id\":\"https:\\\/\\\/www.tablaosflamencos.com\\\/de\\\/pepe-romero-gitarrenfestival-malaga-2026.html#primaryimage\"},\"thumbnailUrl\":\"https:\\\/\\\/www.tablaosflamencos.com\\\/wp-content\\\/uploads\\\/festival-internacional-de-guitarra-pepe-romero-2026-en-malaga-programa-artistas-conciertos-flamencos-sedes-y-entradas-01.webp\",\"datePublished\":\"2026-09-06T14:39:25+00:00\",\"dateModified\":\"2026-09-06T17:31:52+00:00\",\"description\":\"Internationales Pepe-Romero-Gitarrenfestival 2026 in M\u00e1laga: 15 Konzerte, Flamenco, K\u00fcnstler, Spielorte, Preise und Tickets.\",\"breadcrumb\":{\"@id\":\"https:\\\/\\\/www.tablaosflamencos.com\\\/de\\\/pepe-romero-gitarrenfestival-malaga-2026.html#breadcrumb\"},\"inLanguage\":\"de\",\"potentialAction\":[{\"@type\":\"ReadAction\",\"target\":[\"https:\\\/\\\/www.tablaosflamencos.com\\\/de\\\/pepe-romero-gitarrenfestival-malaga-2026.html\"]}]},{\"@type\":\"ImageObject\",\"inLanguage\":\"de\",\"@id\":\"https:\\\/\\\/www.tablaosflamencos.com\\\/de\\\/pepe-romero-gitarrenfestival-malaga-2026.html#primaryimage\",\"url\":\"https:\\\/\\\/www.tablaosflamencos.com\\\/wp-content\\\/uploads\\\/festival-internacional-de-guitarra-pepe-romero-2026-en-malaga-programa-artistas-conciertos-flamencos-sedes-y-entradas-01.webp\",\"contentUrl\":\"https:\\\/\\\/www.tablaosflamencos.com\\\/wp-content\\\/uploads\\\/festival-internacional-de-guitarra-pepe-romero-2026-en-malaga-programa-artistas-conciertos-flamencos-sedes-y-entradas-01.webp\",\"width\":1672,\"height\":941,\"caption\":\"Guitarrista en concierto nocturno en M\u00e1laga para el Festival Internacional de Guitarra Pepe Romero 2026\"},{\"@type\":\"BreadcrumbList\",\"@id\":\"https:\\\/\\\/www.tablaosflamencos.com\\\/de\\\/pepe-romero-gitarrenfestival-malaga-2026.html#breadcrumb\",\"itemListElement\":[{\"@type\":\"ListItem\",\"position\":1,\"name\":\"Home\",\"item\":\"https:\\\/\\\/www.tablaosflamencos.com\\\/de\"},{\"@type\":\"ListItem\",\"position\":2,\"name\":\"Internationales Pepe-Romero-Gitarrenfestival 2026 in M\u00e1laga: Programm, K\u00fcnstler, Flamenco-Konzerte, Spielorte und Tickets\"}]},{\"@type\":\"WebSite\",\"@id\":\"https:\\\/\\\/www.tablaosflamencos.com\\\/de#website\",\"url\":\"https:\\\/\\\/www.tablaosflamencos.com\\\/de\",\"name\":\"Tablaos Flamencos\",\"description\":\"Entradas para tablaos flamencos de Espa\u00f1a\",\"publisher\":{\"@id\":\"https:\\\/\\\/www.tablaosflamencos.com\\\/de#organization\"},\"alternateName\":\"Tablaos Flamencos\",\"potentialAction\":[{\"@type\":\"SearchAction\",\"target\":{\"@type\":\"EntryPoint\",\"urlTemplate\":\"https:\\\/\\\/www.tablaosflamencos.com\\\/de?s={search_term_string}\"},\"query-input\":{\"@type\":\"PropertyValueSpecification\",\"valueRequired\":true,\"valueName\":\"search_term_string\"}}],\"inLanguage\":\"de\"},{\"@type\":[\"Organization\",\"Place\",\"EntertainmentBusiness\"],\"@id\":\"https:\\\/\\\/www.tablaosflamencos.com\\\/de#organization\",\"name\":\"Tablaos Flamencos\",\"alternateName\":\"Tablaos Flamencos\",\"url\":\"https:\\\/\\\/www.tablaosflamencos.com\\\/de\",\"logo\":{\"@id\":\"https:\\\/\\\/www.tablaosflamencos.com\\\/de\\\/pepe-romero-gitarrenfestival-malaga-2026.html#local-main-organization-logo\"},\"image\":{\"@id\":\"https:\\\/\\\/www.tablaosflamencos.com\\\/de\\\/pepe-romero-gitarrenfestival-malaga-2026.html#local-main-organization-logo\"},\"sameAs\":[\"https:\\\/\\\/www.facebook.com\\\/tablaosflamencos\",\"https:\\\/\\\/x.com\\\/tablaosflamenco\",\"https:\\\/\\\/mastodon.social\\\/@tablaosflamencos\",\"https:\\\/\\\/www.instagram.com\\\/tablaosflamencos\",\"https:\\\/\\\/tiktok.com\\\/@tablaosflamencos\",\"https:\\\/\\\/www.linkedin.com\\\/company\\\/109408238\\\/\"],\"description\":\"Venta de entradas para espect\u00e1culos flamencos\",\"legalName\":\"Tablaos Flamencos\",\"foundingDate\":\"2015-01-01\",\"numberOfEmployees\":{\"@type\":\"QuantitativeValue\",\"minValue\":\"1\",\"maxValue\":\"10\"},\"address\":{\"@id\":\"https:\\\/\\\/www.tablaosflamencos.com\\\/de\\\/pepe-romero-gitarrenfestival-malaga-2026.html#local-main-place-address\"},\"geo\":{\"@type\":\"GeoCoordinates\",\"latitude\":\"37.3868072\",\"longitude\":\"-5.993280299999999\"},\"telephone\":[\"+34623787787\"],\"contactPoint\":{\"@type\":\"ContactPoint\",\"telephone\":\"+34623787787\",\"email\":\"info@tablaosflamencos.com\"},\"openingHoursSpecification\":{\"@type\":\"OpeningHoursSpecification\",\"dayOfWeek\":[\"Monday\",\"Tuesday\",\"Wednesday\",\"Thursday\",\"Friday\",\"Saturday\",\"Sunday\"],\"opens\":\"00:00\",\"closes\":\"23:59\"},\"email\":\"info@tablaosflamencos.com\",\"priceRange\":\"$$$\",\"currenciesAccepted\":\"\u20ac\"},{\"@type\":\"Person\",\"@id\":\"https:\\\/\\\/www.tablaosflamencos.com\\\/de#\\\/schema\\\/person\\\/e7a9ebe14eb75a52ceabfbffb3c54f5d\",\"name\":\"Miguel Ortiz\",\"description\":\"Miguel Ortiz es un empresario flamenco, con una s\u00f3lida trayectoria dentro del sector. Ha presidido entidades culturales vinculadas al flamenco y, cuenta con un amplio recorrido profesional en la gesti\u00f3n y promoci\u00f3n de espect\u00e1culos y tablaos flamencos. Su pasi\u00f3n por la historia y el arte flamenco se refleja en cada art\u00edculo, donde combina experiencia, criterio y un profundo respeto por la tradici\u00f3n.\",\"sameAs\":[\"https:\\\/\\\/www.tablaosflamencos.com\",\"https:\\\/\\\/www.instagra.com\\\/miguelortizfe\",\"https:\\\/\\\/www.linkedin.com\\\/in\\\/miguelortizf\\\/\"],\"birthDate\":\"1984-11-22\",\"gender\":\"hombre\",\"knowsLanguage\":[\"espa\u00f1ol\",\"ingl\u00e9s\"],\"jobTitle\":\"Empresario flamenco\"},{\"@type\":\"PostalAddress\",\"@id\":\"https:\\\/\\\/www.tablaosflamencos.com\\\/de\\\/pepe-romero-gitarrenfestival-malaga-2026.html#local-main-place-address\",\"streetAddress\":\"C\\\/ Alemanes, 19\",\"addressLocality\":\"Sevilla\",\"postalCode\":\"41004\",\"addressRegion\":\"Sevilla\",\"addressCountry\":\"ES\"},{\"@type\":\"ImageObject\",\"inLanguage\":\"de\",\"@id\":\"https:\\\/\\\/www.tablaosflamencos.com\\\/de\\\/pepe-romero-gitarrenfestival-malaga-2026.html#local-main-organization-logo\",\"url\":\"https:\\\/\\\/www.tablaosflamencos.com\\\/wp-content\\\/uploads\\\/tablaos-flamencos-06-3.webp\",\"contentUrl\":\"https:\\\/\\\/www.tablaosflamencos.com\\\/wp-content\\\/uploads\\\/tablaos-flamencos-06-3.webp\",\"width\":600,\"height\":620,\"caption\":\"Tablaos Flamencos\"}]}<\/script>\n<meta name=\"geo.placename\" content=\"Sevilla\" \/>\n<meta name=\"geo.position\" content=\"37.3868072;-5.993280299999999\" \/>\n<meta name=\"geo.region\" content=\"Spanien\" \/>\n<!-- \/ Yoast SEO Premium plugin. -->","yoast_head_json":{"title":"Pepe-Romero-Gitarrenfestival M\u00e1laga 2026: Programm & Tickets","description":"Internationales Pepe-Romero-Gitarrenfestival 2026 in M\u00e1laga: 15 Konzerte, Flamenco, K\u00fcnstler, Spielorte, Preise und Tickets.","robots":{"index":"index","follow":"follow","max-snippet":"max-snippet:-1","max-image-preview":"max-image-preview:large","max-video-preview":"max-video-preview:-1"},"canonical":"https:\/\/www.tablaosflamencos.com\/de\/pepe-romero-gitarrenfestival-malaga-2026.html","og_locale":"de_DE","og_type":"article","og_title":"Internationales Pepe-Romero-Gitarrenfestival 2026 in M\u00e1laga: Programm, K\u00fcnstler, Flamenco-Konzerte, Spielorte und Tickets","og_description":"Internationales Pepe-Romero-Gitarrenfestival 2026 in M\u00e1laga: 15 Konzerte, Flamenco, K\u00fcnstler, Spielorte, Preise und Tickets.","og_url":"https:\/\/www.tablaosflamencos.com\/de\/pepe-romero-gitarrenfestival-malaga-2026.html","og_site_name":"Tablaos Flamencos","article_publisher":"https:\/\/www.facebook.com\/tablaosflamencos","article_published_time":"2026-09-06T14:39:25+00:00","article_modified_time":"2026-09-06T17:31:52+00:00","og_image":[{"width":1672,"height":941,"url":"https:\/\/www.tablaosflamencos.com\/wp-content\/uploads\/festival-internacional-de-guitarra-pepe-romero-2026-en-malaga-programa-artistas-conciertos-flamencos-sedes-y-entradas-01.webp","type":"image\/webp"}],"author":"Miguel Ortiz","twitter_card":"summary_large_image","twitter_creator":"@tablaosflamenco","twitter_site":"@tablaosflamenco","twitter_misc":{"Verfasst von":"Miguel Ortiz","Gesch\u00e4tzte Lesezeit":"18\u00a0Minuten"},"schema":{"@context":"https:\/\/schema.org","@graph":[{"@type":"Article","@id":"https:\/\/www.tablaosflamencos.com\/de\/pepe-romero-gitarrenfestival-malaga-2026.html#article","isPartOf":{"@id":"https:\/\/www.tablaosflamencos.com\/de\/pepe-romero-gitarrenfestival-malaga-2026.html"},"author":{"name":"Miguel Ortiz","@id":"https:\/\/www.tablaosflamencos.com\/de#\/schema\/person\/e7a9ebe14eb75a52ceabfbffb3c54f5d"},"headline":"Internationales Pepe-Romero-Gitarrenfestival 2026 in M\u00e1laga: Programm, K\u00fcnstler, Flamenco-Konzerte, Spielorte und Tickets","datePublished":"2026-09-06T14:39:25+00:00","dateModified":"2026-09-06T17:31:52+00:00","mainEntityOfPage":{"@id":"https:\/\/www.tablaosflamencos.com\/de\/pepe-romero-gitarrenfestival-malaga-2026.html"},"wordCount":3645,"publisher":{"@id":"https:\/\/www.tablaosflamencos.com\/de#organization"},"image":{"@id":"https:\/\/www.tablaosflamencos.com\/de\/pepe-romero-gitarrenfestival-malaga-2026.html#primaryimage"},"thumbnailUrl":"https:\/\/www.tablaosflamencos.com\/wp-content\/uploads\/festival-internacional-de-guitarra-pepe-romero-2026-en-malaga-programa-artistas-conciertos-flamencos-sedes-y-entradas-01.webp","keywords":["Flamenco-Gitarre"],"articleSection":["Flamenco-Festivals"],"inLanguage":"de"},{"@type":"WebPage","@id":"https:\/\/www.tablaosflamencos.com\/de\/pepe-romero-gitarrenfestival-malaga-2026.html","url":"https:\/\/www.tablaosflamencos.com\/de\/pepe-romero-gitarrenfestival-malaga-2026.html","name":"Pepe-Romero-Gitarrenfestival M\u00e1laga 2026: Programm & Tickets","isPartOf":{"@id":"https:\/\/www.tablaosflamencos.com\/de#website"},"primaryImageOfPage":{"@id":"https:\/\/www.tablaosflamencos.com\/de\/pepe-romero-gitarrenfestival-malaga-2026.html#primaryimage"},"image":{"@id":"https:\/\/www.tablaosflamencos.com\/de\/pepe-romero-gitarrenfestival-malaga-2026.html#primaryimage"},"thumbnailUrl":"https:\/\/www.tablaosflamencos.com\/wp-content\/uploads\/festival-internacional-de-guitarra-pepe-romero-2026-en-malaga-programa-artistas-conciertos-flamencos-sedes-y-entradas-01.webp","datePublished":"2026-09-06T14:39:25+00:00","dateModified":"2026-09-06T17:31:52+00:00","description":"Internationales Pepe-Romero-Gitarrenfestival 2026 in M\u00e1laga: 15 Konzerte, Flamenco, K\u00fcnstler, Spielorte, Preise und Tickets.","breadcrumb":{"@id":"https:\/\/www.tablaosflamencos.com\/de\/pepe-romero-gitarrenfestival-malaga-2026.html#breadcrumb"},"inLanguage":"de","potentialAction":[{"@type":"ReadAction","target":["https:\/\/www.tablaosflamencos.com\/de\/pepe-romero-gitarrenfestival-malaga-2026.html"]}]},{"@type":"ImageObject","inLanguage":"de","@id":"https:\/\/www.tablaosflamencos.com\/de\/pepe-romero-gitarrenfestival-malaga-2026.html#primaryimage","url":"https:\/\/www.tablaosflamencos.com\/wp-content\/uploads\/festival-internacional-de-guitarra-pepe-romero-2026-en-malaga-programa-artistas-conciertos-flamencos-sedes-y-entradas-01.webp","contentUrl":"https:\/\/www.tablaosflamencos.com\/wp-content\/uploads\/festival-internacional-de-guitarra-pepe-romero-2026-en-malaga-programa-artistas-conciertos-flamencos-sedes-y-entradas-01.webp","width":1672,"height":941,"caption":"Guitarrista en concierto nocturno en M\u00e1laga para el Festival Internacional de Guitarra Pepe Romero 2026"},{"@type":"BreadcrumbList","@id":"https:\/\/www.tablaosflamencos.com\/de\/pepe-romero-gitarrenfestival-malaga-2026.html#breadcrumb","itemListElement":[{"@type":"ListItem","position":1,"name":"Home","item":"https:\/\/www.tablaosflamencos.com\/de"},{"@type":"ListItem","position":2,"name":"Internationales Pepe-Romero-Gitarrenfestival 2026 in M\u00e1laga: Programm, K\u00fcnstler, Flamenco-Konzerte, Spielorte und Tickets"}]},{"@type":"WebSite","@id":"https:\/\/www.tablaosflamencos.com\/de#website","url":"https:\/\/www.tablaosflamencos.com\/de","name":"Tablaos Flamencos","description":"Entradas para tablaos flamencos de Espa\u00f1a","publisher":{"@id":"https:\/\/www.tablaosflamencos.com\/de#organization"},"alternateName":"Tablaos Flamencos","potentialAction":[{"@type":"SearchAction","target":{"@type":"EntryPoint","urlTemplate":"https:\/\/www.tablaosflamencos.com\/de?s={search_term_string}"},"query-input":{"@type":"PropertyValueSpecification","valueRequired":true,"valueName":"search_term_string"}}],"inLanguage":"de"},{"@type":["Organization","Place","EntertainmentBusiness"],"@id":"https:\/\/www.tablaosflamencos.com\/de#organization","name":"Tablaos Flamencos","alternateName":"Tablaos Flamencos","url":"https:\/\/www.tablaosflamencos.com\/de","logo":{"@id":"https:\/\/www.tablaosflamencos.com\/de\/pepe-romero-gitarrenfestival-malaga-2026.html#local-main-organization-logo"},"image":{"@id":"https:\/\/www.tablaosflamencos.com\/de\/pepe-romero-gitarrenfestival-malaga-2026.html#local-main-organization-logo"},"sameAs":["https:\/\/www.facebook.com\/tablaosflamencos","https:\/\/x.com\/tablaosflamenco","https:\/\/mastodon.social\/@tablaosflamencos","https:\/\/www.instagram.com\/tablaosflamencos","https:\/\/tiktok.com\/@tablaosflamencos","https:\/\/www.linkedin.com\/company\/109408238\/"],"description":"Venta de entradas para espect\u00e1culos flamencos","legalName":"Tablaos Flamencos","foundingDate":"2015-01-01","numberOfEmployees":{"@type":"QuantitativeValue","minValue":"1","maxValue":"10"},"address":{"@id":"https:\/\/www.tablaosflamencos.com\/de\/pepe-romero-gitarrenfestival-malaga-2026.html#local-main-place-address"},"geo":{"@type":"GeoCoordinates","latitude":"37.3868072","longitude":"-5.993280299999999"},"telephone":["+34623787787"],"contactPoint":{"@type":"ContactPoint","telephone":"+34623787787","email":"info@tablaosflamencos.com"},"openingHoursSpecification":{"@type":"OpeningHoursSpecification","dayOfWeek":["Monday","Tuesday","Wednesday","Thursday","Friday","Saturday","Sunday"],"opens":"00:00","closes":"23:59"},"email":"info@tablaosflamencos.com","priceRange":"$$$","currenciesAccepted":"\u20ac"},{"@type":"Person","@id":"https:\/\/www.tablaosflamencos.com\/de#\/schema\/person\/e7a9ebe14eb75a52ceabfbffb3c54f5d","name":"Miguel Ortiz","description":"Miguel Ortiz es un empresario flamenco, con una s\u00f3lida trayectoria dentro del sector. Ha presidido entidades culturales vinculadas al flamenco y, cuenta con un amplio recorrido profesional en la gesti\u00f3n y promoci\u00f3n de espect\u00e1culos y tablaos flamencos. Su pasi\u00f3n por la historia y el arte flamenco se refleja en cada art\u00edculo, donde combina experiencia, criterio y un profundo respeto por la tradici\u00f3n.","sameAs":["https:\/\/www.tablaosflamencos.com","https:\/\/www.instagra.com\/miguelortizfe","https:\/\/www.linkedin.com\/in\/miguelortizf\/"],"birthDate":"1984-11-22","gender":"hombre","knowsLanguage":["espa\u00f1ol","ingl\u00e9s"],"jobTitle":"Empresario flamenco"},{"@type":"PostalAddress","@id":"https:\/\/www.tablaosflamencos.com\/de\/pepe-romero-gitarrenfestival-malaga-2026.html#local-main-place-address","streetAddress":"C\/ Alemanes, 19","addressLocality":"Sevilla","postalCode":"41004","addressRegion":"Sevilla","addressCountry":"ES"},{"@type":"ImageObject","inLanguage":"de","@id":"https:\/\/www.tablaosflamencos.com\/de\/pepe-romero-gitarrenfestival-malaga-2026.html#local-main-organization-logo","url":"https:\/\/www.tablaosflamencos.com\/wp-content\/uploads\/tablaos-flamencos-06-3.webp","contentUrl":"https:\/\/www.tablaosflamencos.com\/wp-content\/uploads\/tablaos-flamencos-06-3.webp","width":600,"height":620,"caption":"Tablaos Flamencos"}]},"geo.placename":"Sevilla","geo.position":{"lat":"37.3868072","long":"-5.993280299999999"},"geo.region":"Spanien"},"_links":{"self":[{"href":"https:\/\/www.tablaosflamencos.com\/de\/wp-json\/wp\/v2\/posts\/15106","targetHints":{"allow":["GET"]}}],"collection":[{"href":"https:\/\/www.tablaosflamencos.com\/de\/wp-json\/wp\/v2\/posts"}],"about":[{"href":"https:\/\/www.tablaosflamencos.com\/de\/wp-json\/wp\/v2\/types\/post"}],"author":[{"embeddable":true,"href":"https:\/\/www.tablaosflamencos.com\/de\/wp-json\/wp\/v2\/users\/1"}],"replies":[{"embeddable":true,"href":"https:\/\/www.tablaosflamencos.com\/de\/wp-json\/wp\/v2\/comments?post=15106"}],"version-history":[{"count":1,"href":"https:\/\/www.tablaosflamencos.com\/de\/wp-json\/wp\/v2\/posts\/15106\/revisions"}],"predecessor-version":[{"id":15127,"href":"https:\/\/www.tablaosflamencos.com\/de\/wp-json\/wp\/v2\/posts\/15106\/revisions\/15127"}],"wp:featuredmedia":[{"embeddable":true,"href":"https:\/\/www.tablaosflamencos.com\/de\/wp-json\/wp\/v2\/media\/14939"}],"wp:attachment":[{"href":"https:\/\/www.tablaosflamencos.com\/de\/wp-json\/wp\/v2\/media?parent=15106"}],"wp:term":[{"taxonomy":"category","embeddable":true,"href":"https:\/\/www.tablaosflamencos.com\/de\/wp-json\/wp\/v2\/categories?post=15106"},{"taxonomy":"post_tag","embeddable":true,"href":"https:\/\/www.tablaosflamencos.com\/de\/wp-json\/wp\/v2\/tags?post=15106"}],"curies":[{"name":"wp","href":"https:\/\/api.w.org\/{rel}","templated":true}]}}