{"id":15092,"date":"2026-09-06T16:35:39","date_gmt":"2026-09-06T14:35:39","guid":{"rendered":"https:\/\/www.tablaosflamencos.com\/?p=15092"},"modified":"2026-09-06T17:04:42","modified_gmt":"2026-09-06T15:04:42","slug":"entwicklungsraum-flamenco-biennale-sevilla-2026","status":"publish","type":"post","link":"https:\/\/www.tablaosflamencos.com\/de\/entwicklungsraum-flamenco-biennale-sevilla-2026.html","title":{"rendered":"Entwicklungsraum der Flamenco-Biennale 2026: \u201eAuch das Unsichtbare ist Flamenco\u201c"},"content":{"rendered":"<section class=\"l-section wpb_row height_huge\"><div class=\"l-section-h i-cf\"><div class=\"g-cols vc_row via_flex valign_top type_default stacking_default\"><div class=\"vc_col-sm-12 wpb_column vc_column_container\"><div class=\"vc_column-inner\"><div class=\"wpb_wrapper\"><div class=\"wpb_text_column\"><div class=\"wpb_wrapper\"><p>Die 24. Flamenco-Biennale von Sevilla m\u00f6chte, dass das Publikum nicht nur das fertige Ergebnis auf der B\u00fchne sieht. Unter dem Motto <strong>\u201eAuch das Unsichtbare ist Flamenco\u201c<\/strong> hat die Ausgabe 2026 einen <strong>Entwicklungsraum<\/strong> geschaffen, der einen Teil der Arbeit zeigt, die dem Blick des Publikums normalerweise verborgen bleibt: Proben, Recherchen, Versuche, Entscheidungen, Gespr\u00e4che und kreative Prozesse einiger teilnehmender K\u00fcnstler.<\/p>\n<p>Die Installation begann ihren Weg durch Sevilla am 3. September und machte Station in Triana, Nervi\u00f3n und im Umfeld der Calle Feria. <strong>Seit Samstag, dem 5. September 2026, befindet sie sich in der Real F\u00e1brica de Artiller\u00eda<\/strong>, einem der Spielorte der Biennale, wo die Erz\u00e4hlung mit Fotografien, Klanginhalten, Interviews und Podcasts weitergef\u00fchrt wird. Sie geh\u00f6rt au\u00dferdem zu den interessantesten Angeboten, um die Biennale \u00fcber ihr Auff\u00fchrungsprogramm hinaus zu verstehen.<\/p>\n<\/div><\/div><\/div><\/div><\/div><\/div><\/div><\/section><section class=\"l-section wpb_row height_huge color_alternate with_shape\"><div class=\"l-section-shape type_zigzag pos_top hor_flip\" style=\"height:3vmin;\"><svg xmlns=\"http:\/\/www.w3.org\/2000\/svg\" viewBox=\"0 0 64 8\" preserveAspectRatio=\"none\" width=\"100%\" height=\"100%\">\r\n\t<path fill=\"currentColor\" d=\"M64 8 L0 8 L0 0 L20 7.9 L40 3 L48 5 L64 0 Z\"\/>\r\n<\/svg><\/div><div class=\"l-section-shape type_zigzag pos_bottom\" style=\"height:3vmin;\"><svg xmlns=\"http:\/\/www.w3.org\/2000\/svg\" viewBox=\"0 0 64 8\" preserveAspectRatio=\"none\" width=\"100%\" height=\"100%\">\r\n\t<path fill=\"currentColor\" d=\"M64 8 L0 8 L0 0 L20 7.9 L40 3 L48 5 L64 0 Z\"\/>\r\n<\/svg><\/div><div class=\"l-section-h i-cf\"><div class=\"g-cols vc_row via_flex valign_top type_default stacking_default\"><div class=\"vc_col-sm-12 wpb_column vc_column_container\"><div class=\"vc_column-inner\"><div class=\"wpb_wrapper\"><div class=\"wpb_text_column\"><div class=\"wpb_wrapper\"><blockquote>\n<p><strong>Kurzantwort:<\/strong> Der Entwicklungsraum ist eine visuelle und akustische Installation der Flamenco-Biennale Sevilla 2026, die zeigt, wie K\u00fcnstler arbeiten, bevor ihre Werke auf die B\u00fchne kommen. Nach Stationen in mehreren Vierteln Sevillas befindet sie sich seit dem 5. September in der <strong>Real F\u00e1brica de Artiller\u00eda<\/strong>. Die Veranstalter haben bislang keinen eigenen, unabh\u00e4ngigen Zeitplan f\u00fcr den Raum ver\u00f6ffentlicht. Vor dem Besuch sollte daher die offizielle Information des Veranstaltungsortes gepr\u00fcft werden.<\/p>\n<\/blockquote>\n<\/div><\/div><\/div><\/div><\/div><\/div><\/div><\/section><section class=\"l-section wpb_row height_huge\"><div class=\"l-section-h i-cf\"><div class=\"g-cols vc_row via_flex valign_top type_default stacking_default\"><div class=\"vc_col-sm-12 wpb_column vc_column_container\"><div class=\"vc_column-inner\"><div class=\"wpb_wrapper\"><div class=\"wpb_text_column\"><div class=\"wpb_wrapper\"><h2>Was ist der Entwicklungsraum der Biennale 2026?<\/h2>\n<p>Der Entwicklungsraum ist eine Ausstellungs- und Erlebnisinstallation, konzipiert von <strong>Surnames und La Ejecutora<\/strong> f\u00fcr die 24. Flamenco-Biennale von Sevilla. Das Ziel ist leicht zu erkl\u00e4ren, aber f\u00fcr ein Festival ungew\u00f6hnlich: dem Publikum zu zeigen, was <em>bevor<\/em> ein Werk fertiggestellt ist.<\/p>\n<p>Normalerweise lernen wir eine Auff\u00fchrung kennen, wenn sie im Theater ankommt. Wir sehen die fertige Choreografie, h\u00f6ren die bereits geordnete Musik und erleben eine Produktion, die viele Wochen oder Monate Arbeit hinter sich hat. Verborgen bleiben jedoch Proben, Zweifel, verworfene Ideen, unerwartete Entdeckungen und die Art, wie jeder K\u00fcnstler seine Sprache entwickelt.<\/p>\n<p>Die Biennale macht diesen Prozess selbst zu einem Teil der Erz\u00e4hlung von 2026. Die Installation erinnert bewusst an ein <strong>fotografisches Entwicklungslabor<\/strong>: So wie ein Bild nach und nach auf dem Papier erscheint, versucht der Raum, Arbeit sichtbar zu machen, die bereits vorhanden war, auch wenn das Publikum sie noch nicht sehen konnte.<\/p>\n<p>Diese Idee steht in direktem Zusammenhang mit dem Gesamtkonzept der Ausgabe. Die Biennale pr\u00e4sentiert sich nicht nur als die Wochen, in denen Sevilla Dutzende Auff\u00fchrungen b\u00fcndelt, sondern als Ergebnis eines k\u00fcnstlerischen und menschlichen Netzwerks, das das ganze Jahr \u00fcber arbeitet. Deshalb l\u00e4dt die Installation dazu ein, Flamenco nicht nur als Auff\u00fchrung, sondern auch als Forschung, Handwerk und kreativen Prozess zu betrachten.<\/p>\n<\/div><\/div><\/div><\/div><\/div><\/div><\/div><\/section><section class=\"l-section wpb_row height_huge color_alternate with_shape\"><div class=\"l-section-shape type_zigzag pos_top hor_flip\" style=\"height:3vmin;\"><svg xmlns=\"http:\/\/www.w3.org\/2000\/svg\" viewBox=\"0 0 64 8\" preserveAspectRatio=\"none\" width=\"100%\" height=\"100%\">\r\n\t<path fill=\"currentColor\" d=\"M64 8 L0 8 L0 0 L20 7.9 L40 3 L48 5 L64 0 Z\"\/>\r\n<\/svg><\/div><div class=\"l-section-shape type_zigzag pos_bottom\" style=\"height:3vmin;\"><svg xmlns=\"http:\/\/www.w3.org\/2000\/svg\" viewBox=\"0 0 64 8\" preserveAspectRatio=\"none\" width=\"100%\" height=\"100%\">\r\n\t<path fill=\"currentColor\" d=\"M64 8 L0 8 L0 0 L20 7.9 L40 3 L48 5 L64 0 Z\"\/>\r\n<\/svg><\/div><div class=\"l-section-h i-cf\"><div class=\"g-cols vc_row via_flex valign_top type_default stacking_default\"><div class=\"vc_col-sm-12 wpb_column vc_column_container\"><div class=\"vc_column-inner\"><div class=\"wpb_wrapper\"><div class=\"wpb_text_column\"><div class=\"wpb_wrapper\"><h2>Wo sich der Entwicklungsraum befindet: Route durch Sevilla und aktueller Standort<\/h2>\n<p>Die Installation war von Anfang an als Wanderprojekt gedacht und begann ihre Tour durch die Stadt noch vor dem offiziellen Start der Biennale, deren B\u00fchnenprogramm vom 9. September bis 3. Oktober l\u00e4uft.<\/p>\n<ul>\n<li><strong>3. September:<\/strong> Pr\u00e4sentation in der Calle San Jacinto in Triana.<\/li>\n<li><strong>4. September, 12:00 Uhr:<\/strong> Calle Enramadilla im Bereich El Prado\/Nervi\u00f3n.<\/li>\n<li><strong>4. September, 18:30 Uhr:<\/strong> Plaza Calder\u00f3n de la Barca, neben dem Palacio de los Marqueses de la Algaba und im Umfeld der Calle Feria.<\/li>\n<li><strong>Seit 5. September:<\/strong> <strong>Real F\u00e1brica de Artiller\u00eda<\/strong>, Endpunkt der Wanderroute.<\/li>\n<\/ul>\n<p>Die Wahl dieser Orte f\u00fchrt die Initiative aus dem rein theatralischen Rahmen hinaus und bringt sie in verschiedenen Stadtteilen Sevillas mit Einwohnern und Besuchern zusammen. Die letzte Station ist besonders interessant: Die Real F\u00e1brica de Artiller\u00eda z\u00e4hlt zu den wichtigsten Orten der Biennale 2026 und beherbergt auch weitere Kulturangebote.<\/p>\n<p>Wenn Sie die Installation gezielt besuchen m\u00f6chten, beachten Sie, dass die bislang ver\u00f6ffentlichten offiziellen Informationen <strong>keinen eigenen, unabh\u00e4ngigen Zeitplan f\u00fcr den Entwicklungsraum festlegen<\/strong>. Wir empfehlen, am Tag des Besuchs die aktuellen Informationen der Biennale und die Zugangsbedingungen der Real F\u00e1brica de Artiller\u00eda zu pr\u00fcfen.<\/p>\n<\/div><\/div><\/div><\/div><\/div><\/div><\/div><\/section><section class=\"l-section wpb_row height_huge\"><div class=\"l-section-h i-cf\"><div class=\"g-cols vc_row via_flex valign_top type_default stacking_default\"><div class=\"vc_col-sm-12 wpb_column vc_column_container\"><div class=\"vc_column-inner\"><div class=\"wpb_wrapper\"><div class=\"wpb_text_column\"><div class=\"wpb_wrapper\"><h2>Was man sehen und h\u00f6ren kann<\/h2>\n<p>Das Erlebnis verbindet verschiedene Ebenen. Es handelt sich nicht einfach um eine Fotoausstellung. Die Installation ist so konzipiert, dass Besucher Schritt f\u00fcr Schritt entdecken, was in den Arbeitsr\u00e4umen der K\u00fcnstler geschieht.<\/p>\n<h3>Fotografien der kreativen Prozesse<\/h3>\n<p>Ein wesentlicher Bestandteil des Projekts sind die Aufnahmen der Fotografin <strong>Laura Le\u00f3n<\/strong>, die verschiedene K\u00fcnstler der Biennale in Studios und Prober\u00e4umen begleitet hat. Ihre Kamera dokumentiert Momente der Suche, Wiederholung, Konzentration und des Dialogs, die normalerweise verschwinden, sobald ein Werk fertig auf der B\u00fchne steht.<\/p>\n<p>Auch die Architektur der Installation spielt mit der Idee des Schauens und Entdeckens. Von au\u00dfen kann man durch Sicht\u00f6ffnungen hineinblicken, w\u00e4hrend der Zugang zum Inneren eine intensivere Auseinandersetzung mit den Inhalten erm\u00f6glicht. Das Ergebnis wird dem Besucher nicht auf einmal pr\u00e4sentiert: Er \u201eentwickelt\u201c es nach und nach.<\/p>\n<h3>Stimmen, Interviews und Podcasts<\/h3>\n<p>Die Installation erg\u00e4nzt die Perspektive durch die Stimmen der Beteiligten in Interviews und Podcasts, die speziell f\u00fcr das Projekt produziert wurden. Besonders interessant ist, dass die K\u00fcnstler erkl\u00e4ren, wie sie Entscheidungen treffen, woran sie forschen, was sich w\u00e4hrend der Proben ver\u00e4ndert und welche Teile einer Kreation schlie\u00dflich wesentlich werden oder verworfen werden.<\/p>\n<p>F\u00fcr alle, die das Programm der <a href=\"https:\/\/www.tablaosflamencos.com\/bienal-flamenco-sevilla\">Flamenco-Biennale von Sevilla<\/a> verfolgen, liefern diese Aussagen einen Kontext, der die sp\u00e4tere Wahrnehmung der Auff\u00fchrungen ver\u00e4ndern kann. Wer den vorherigen Weg kennt, versteht besser, warum ein Werk eine bestimmte Struktur, einen konkreten Klang oder eine besondere Verbindung von Tanz, Gesang und Musik besitzt.<\/p>\n<\/div><\/div><\/div><\/div><\/div><\/div><\/div><\/section><section class=\"l-section wpb_row height_huge color_alternate with_shape\"><div class=\"l-section-shape type_zigzag pos_top hor_flip\" style=\"height:3vmin;\"><svg xmlns=\"http:\/\/www.w3.org\/2000\/svg\" viewBox=\"0 0 64 8\" preserveAspectRatio=\"none\" width=\"100%\" height=\"100%\">\r\n\t<path fill=\"currentColor\" d=\"M64 8 L0 8 L0 0 L20 7.9 L40 3 L48 5 L64 0 Z\"\/>\r\n<\/svg><\/div><div class=\"l-section-shape type_zigzag pos_bottom\" style=\"height:3vmin;\"><svg xmlns=\"http:\/\/www.w3.org\/2000\/svg\" viewBox=\"0 0 64 8\" preserveAspectRatio=\"none\" width=\"100%\" height=\"100%\">\r\n\t<path fill=\"currentColor\" d=\"M64 8 L0 8 L0 0 L20 7.9 L40 3 L48 5 L64 0 Z\"\/>\r\n<\/svg><\/div><div class=\"l-section-h i-cf\"><div class=\"g-cols vc_row via_flex valign_top type_default stacking_default\"><div class=\"vc_col-sm-12 wpb_column vc_column_container\"><div class=\"vc_column-inner\"><div class=\"wpb_wrapper\"><div class=\"wpb_text_column\"><div class=\"wpb_wrapper\"><h2>Welche K\u00fcnstler an \u201eAuch das Unsichtbare ist Flamenco\u201c teilnehmen<\/h2>\n<p>F\u00fcr dieses Projekt hat die Biennale K\u00fcnstler verschiedener Generationen und Disziplinen zusammengebracht. Zu den von der Organisation genannten Namen geh\u00f6ren:<\/p>\n<ul>\n<li><strong>Patricia Guerrero<\/strong> und das Ballet Flamenco de Andaluc\u00eda.<\/li>\n<li><strong>Manuel Li\u00f1\u00e1n<\/strong>.<\/li>\n<li><strong>Ana Morales<\/strong>.<\/li>\n<li><strong>Andr\u00e9s Mar\u00edn<\/strong>.<\/li>\n<li><strong>David Coria<\/strong>.<\/li>\n<li><strong>Juan Tom\u00e1s de la Mol\u00eda<\/strong>.<\/li>\n<li><strong>\u00c1gueda Saavedra<\/strong>.<\/li>\n<li><strong>Rosario La Tremendita<\/strong>.<\/li>\n<li><strong>Encarna Anillo<\/strong>.<\/li>\n<li><strong>Rafael Riqueni<\/strong>.<\/li>\n<li>Der Saxofonist <strong>Tim Ries<\/strong>.<\/li>\n<li>Das <strong>Real Orquesta Sinf\u00f3nica de Sevilla (ROSS)<\/strong>.<\/li>\n<\/ul>\n<p>Die gro\u00dfe Vielfalt dieser Profile ist eine der St\u00e4rken des Raums. Sie zeigt, dass es nicht nur eine einzige Art gibt, Flamenco zu schaffen. Ein T\u00e4nzer, eine S\u00e4ngerin, ein Gitarrist, eine Compagnie oder ein Orchester arbeiten mit unterschiedlichen Werkzeugen und Zeitabl\u00e4ufen. Gerade deshalb ist es spannend zu sehen, was sie verbindet: Wiederholung, Zuh\u00f6ren, Forschung, Erinnerung, Intuition und ein st\u00e4ndiger Prozess der Ver\u00e4nderung.<\/p>\n<p>In der ersten Mitteilung der Biennale wurde au\u00dferdem <strong>Marina Heredia<\/strong> genannt, wobei ihre Teilnahme in dieser ersten Ank\u00fcndigung noch als nicht best\u00e4tigt galt. Wir behalten diesen Hinweis bei, bis die Organisation diesen Punkt endg\u00fcltig aktualisiert.<\/p>\n<\/div><\/div><\/div><\/div><\/div><\/div><\/div><\/section><section class=\"l-section wpb_row height_huge\"><div class=\"l-section-h i-cf\"><div class=\"g-cols vc_row via_flex valign_top type_default stacking_default\"><div class=\"vc_col-sm-12 wpb_column vc_column_container\"><div class=\"vc_column-inner\"><div class=\"wpb_wrapper\"><div class=\"wpb_text_column\"><div class=\"wpb_wrapper\"><h2>Laura Le\u00f3n: Fotografie als Zugang zur Probe<\/h2>\n<p>Die Wahl von Laura Le\u00f3n ist keineswegs nebens\u00e4chlich. Die Fotografin verf\u00fcgt \u00fcber eine lange dokumentarische Laufbahn und hat mit nationalen und internationalen Medien zusammengearbeitet, darunter <em>The New York Times<\/em>, <em>Time<\/em>, <em>Der Spiegel<\/em>, <em>The Guardian<\/em> und <em>El Pa\u00eds Semanal<\/em>. Die Biennale hat sie in eine besondere Position versetzt: nicht die fertige Auff\u00fchrung zu fotografieren, sondern die R\u00e4ume zu betreten, in denen sie entsteht.<\/p>\n<p>Dieser Perspektivwechsel ver\u00e4ndert auch die Art der Bilder. Eine Probe ist nicht daf\u00fcr gedacht, von einem Publikum gesehen zu werden. Es gibt Momente der Konzentration, Pausen, Gespr\u00e4che und Wiederholungen, die nicht Teil der endg\u00fcltigen Szene sind, aber viel \u00fcber sie erkl\u00e4ren. Der Entwicklungsraum macht diese Bilder zu einer Erinnerung an den Prozess und nicht nur zu Werbematerial.<\/p>\n<p>F\u00fcr eine Ausgabe, die darauf besteht, dass \u201eauch das Unsichtbare Flamenco ist\u201c, ist die dokumentarische Fotografie ein besonders stimmiges Mittel: Sie h\u00e4lt etwas fest, das normalerweise verschwindet, sobald die Probe endet, und erm\u00f6glicht dem Publikum, es sp\u00e4ter zu betrachten.<\/p>\n<\/div><\/div><\/div><\/div><\/div><\/div><\/div><\/section><section class=\"l-section wpb_row height_huge color_alternate with_shape\"><div class=\"l-section-shape type_zigzag pos_top hor_flip\" style=\"height:3vmin;\"><svg xmlns=\"http:\/\/www.w3.org\/2000\/svg\" viewBox=\"0 0 64 8\" preserveAspectRatio=\"none\" width=\"100%\" height=\"100%\">\r\n\t<path fill=\"currentColor\" d=\"M64 8 L0 8 L0 0 L20 7.9 L40 3 L48 5 L64 0 Z\"\/>\r\n<\/svg><\/div><div class=\"l-section-shape type_zigzag pos_bottom\" style=\"height:3vmin;\"><svg xmlns=\"http:\/\/www.w3.org\/2000\/svg\" viewBox=\"0 0 64 8\" preserveAspectRatio=\"none\" width=\"100%\" height=\"100%\">\r\n\t<path fill=\"currentColor\" d=\"M64 8 L0 8 L0 0 L20 7.9 L40 3 L48 5 L64 0 Z\"\/>\r\n<\/svg><\/div><div class=\"l-section-h i-cf\"><div class=\"g-cols vc_row via_flex valign_top type_default stacking_default\"><div class=\"vc_col-sm-12 wpb_column vc_column_container\"><div class=\"vc_column-inner\"><div class=\"wpb_wrapper\"><div class=\"wpb_text_column\"><div class=\"wpb_wrapper\"><h2>Die Biennale zeigt sich auch im Internet<\/h2>\n<p>Das Projekt endet nicht mit der physischen Installation. Die Biennale hat au\u00dferdem die digitale Plattform <a href=\"https:\/\/labienalserevela.com\/\" target=\"_blank\" rel=\"noopener\">La Bienal se revela<\/a> geschaffen, die die offizielle Website erg\u00e4nzt und Interviews, Berichte, Galerien, Audioinhalte, Podcasts und Videos zu kreativen Prozessen und Aktivit\u00e4ten rund um die Ausgabe 2026 b\u00fcndelt.<\/p>\n<p>So k\u00f6nnen auch Menschen dem Projekt folgen, die in diesen Tagen nicht nach Sevilla reisen k\u00f6nnen. Vor allem verl\u00e4ngert dies den dokumentarischen Wert der Initiative: Proben und Aussagen sind nicht mehr nur fl\u00fcchtige Momente, sondern werden zu einem Archiv, auf das man zur\u00fcckgreifen kann.<\/p>\n<p>Das Projekt passt zu einer besonders interessanten Entwicklung im zeitgen\u00f6ssischen Flamenco: Nicht nur das fertige Werk wird dokumentiert, sondern auch die Forschung, die es m\u00f6glich macht. F\u00fcr Liebhaber, Studierende und Fachleute kann dies eine wertvolle Quelle sein, weil kreative Entscheidungen sichtbar werden, die sonst kaum in Programmheften oder gew\u00f6hnlichen Werbeinterviews auftauchen.<\/p>\n<\/div><\/div><\/div><\/div><\/div><\/div><\/div><\/section><section class=\"l-section wpb_row height_huge\"><div class=\"l-section-h i-cf\"><div class=\"g-cols vc_row via_flex valign_top type_default stacking_default\"><div class=\"vc_col-sm-12 wpb_column vc_column_container\"><div class=\"vc_column-inner\"><div class=\"wpb_wrapper\"><div class=\"wpb_text_column\"><div class=\"wpb_wrapper\"><h2>Ein partizipatives Erlebnis: die Ticketverlosung der Biennale<\/h2>\n<p>W\u00e4hrend der Tour des Raums wurde die Installation von der Flamenco-Performerin <strong>Noem\u00ed Mart\u00ednez Chico<\/strong> begleitet, die auf Interventionen in ungew\u00f6hnlichen R\u00e4umen spezialisiert ist und das Publikum eingeladen hat, vor der Kamera \u201eseine flamencohafte Seite zu zeigen\u201c.<\/p>\n<p>Die Biennale hat diese Teilnahme mit einer <strong>Verlosung von Eintrittskarten f\u00fcr ihre Auff\u00fchrungen<\/strong> verbunden. Nach Angaben der Organisation k\u00f6nnen Personen, die vor Ort teilnehmen, an der Verlosung teilnehmen. Zus\u00e4tzlich gibt es eine M\u00f6glichkeit \u00fcber soziale Netzwerke, indem <strong>@labienaldeflamenco<\/strong>  markiert und die von der Biennale vorgegebene Botschaft verwendet wird.<\/p>\n<p>Da sich die Bedingungen solcher Aktionen \u00e4ndern k\u00f6nnen, empfehlen wir, vor der Teilnahme die offiziellen Profile zu pr\u00fcfen. Besonders interessant ist in jedem Fall, dass die Installation den Besucher nicht als rein passiven Beobachter behandelt: Sie macht ihn zum Teil der Erz\u00e4hlung und verwandelt Stra\u00dfe und Ausstellungsraum in Orte der Begegnung.<\/p>\n<\/div><\/div><\/div><\/div><\/div><\/div><\/div><\/section><section class=\"l-section wpb_row height_huge color_alternate with_shape\"><div class=\"l-section-shape type_zigzag pos_top hor_flip\" style=\"height:3vmin;\"><svg xmlns=\"http:\/\/www.w3.org\/2000\/svg\" viewBox=\"0 0 64 8\" preserveAspectRatio=\"none\" width=\"100%\" height=\"100%\">\r\n\t<path fill=\"currentColor\" d=\"M64 8 L0 8 L0 0 L20 7.9 L40 3 L48 5 L64 0 Z\"\/>\r\n<\/svg><\/div><div class=\"l-section-shape type_zigzag pos_bottom\" style=\"height:3vmin;\"><svg xmlns=\"http:\/\/www.w3.org\/2000\/svg\" viewBox=\"0 0 64 8\" preserveAspectRatio=\"none\" width=\"100%\" height=\"100%\">\r\n\t<path fill=\"currentColor\" d=\"M64 8 L0 8 L0 0 L20 7.9 L40 3 L48 5 L64 0 Z\"\/>\r\n<\/svg><\/div><div class=\"l-section-h i-cf\"><div class=\"g-cols vc_row via_flex valign_top type_default stacking_default\"><div class=\"vc_col-sm-12 wpb_column vc_column_container\"><div class=\"vc_column-inner\"><div class=\"wpb_wrapper\"><div class=\"wpb_text_column\"><div class=\"wpb_wrapper\"><h2>Was man w\u00e4hrend der Biennale au\u00dferdem in der Real F\u00e1brica de Artiller\u00eda sehen kann<\/h2>\n<p>Mit dem Entwicklungsraum in der Real F\u00e1brica de Artiller\u00eda lohnt es sich besonders, diesen Ort in einen Biennale-Tag einzubauen. Dort kann man au\u00dferdem <a href=\"https:\/\/www.tablaosflamencos.com\/la-noche-azul-opera-flamenca-bienal-sevilla-2026.html\"><strong>La noche azul<\/strong> besuchen, die Ausstellung \u00fcber die Epoche der \u00d3pera Flamenca<\/a> mit einer au\u00dfergew\u00f6hnlichen Auswahl historischer Dokumente und Objekte.<\/p>\n<p>Der Kontrast zwischen beiden Angeboten ist besonders reizvoll. <em>La noche azul<\/em>  blickt auf einen grundlegenden Moment der Flamenco-Geschichte zur\u00fcck, w\u00e4hrend der Entwicklungsraum eine Gegenwart betrachtet, die noch im Entstehen ist. Die eine bewahrt Spuren der Vergangenheit; der andere dokumentiert das, was gerade geschieht und in einigen Jahren ebenfalls Teil des Flamenco-Ged\u00e4chtnisses sein wird.<\/p>\n<p>Wenn Sie mehrere Aktivit\u00e4ten rund um das Festival planen, sehen Sie auch unseren Leitfaden zu den <a href=\"https:\/\/www.tablaosflamencos.com\/actividades-paralelas-bienal-flamenco-sevilla-2026.html\">Begleitveranstaltungen der Biennale 2026<\/a>, unsere Auswahl an <a href=\"https:\/\/www.tablaosflamencos.com\/bienal-flamenco-sevilla-2026-gratis.html\">kostenlosen Auff\u00fchrungen und Aktivit\u00e4ten der Biennale<\/a> und unseren Leitfaden dazu, <a href=\"https:\/\/www.tablaosflamencos.com\/que-hacer-sevilla-durante-bienal-flamenco-2026.html\">was man w\u00e4hrend der Flamenco-Biennale 2026 in Sevilla unternehmen kann<\/a>.<\/p>\n<\/div><\/div><\/div><\/div><\/div><\/div><\/div><\/section><section class=\"l-section wpb_row height_huge\"><div class=\"l-section-h i-cf\"><div class=\"g-cols vc_row via_flex valign_top type_default stacking_default\"><div class=\"vc_col-sm-12 wpb_column vc_column_container\"><div class=\"vc_column-inner\"><div class=\"wpb_wrapper\"><div class=\"wpb_text_column\"><div class=\"wpb_wrapper\"><h2>Praktische Informationen<\/h2>\n<table>\n<tbody>\n<tr>\n<th>Aktivit\u00e4t<\/th>\n<td>Entwicklungsraum \u2014 \u201eAuch das Unsichtbare ist Flamenco\u201c<\/td>\n<\/tr>\n<tr>\n<th>Veranstaltung<\/th>\n<td>24. Flamenco-Biennale von Sevilla 2026<\/td>\n<\/tr>\n<tr>\n<th>Art<\/th>\n<td>Visuelle, akustische und partizipative Installation \u00fcber kreative Prozesse<\/td>\n<\/tr>\n<tr>\n<th>Standort seit 5. September<\/th>\n<td>Real F\u00e1brica de Artiller\u00eda, Sevilla<\/td>\n<\/tr>\n<tr>\n<th>Vorherige Route<\/th>\n<td>San Jacinto (Triana), Enramadilla (Prado\/Nervi\u00f3n) und Plaza Calder\u00f3n de la Barca (Calle Feria)<\/td>\n<\/tr>\n<tr>\n<th>Inhalte<\/th>\n<td>Fotografien, Proben, Aussagen, Podcasts, Interviews und Videos<\/td>\n<\/tr>\n<tr>\n<th>Fotografie<\/th>\n<td>Laura Le\u00f3n<\/td>\n<\/tr>\n<tr>\n<th>\u00d6ffnungszeiten<\/th>\n<td>Die Organisation hat in den gepr\u00fcften Informationen keinen eigenen, unabh\u00e4ngigen Zeitplan f\u00fcr den Raum ver\u00f6ffentlicht<\/td>\n<\/tr>\n<tr>\n<th>Offizielle Informationen<\/th>\n<td><a href=\"https:\/\/www.labienal.com\/\" target=\"_blank\" rel=\"noopener\">labienal.com<\/a> und <a href=\"https:\/\/labienalserevela.com\/\" target=\"_blank\" rel=\"noopener\">labienalserevela.com<\/a><\/td>\n<\/tr>\n<\/tbody>\n<\/table>\n<p><small>Informationen gepr\u00fcft am 5. September 2026. Programm, Zugangsbedingungen und Mitmachaktionen k\u00f6nnen sich \u00e4ndern. Vor der Anreise empfehlen wir daher, die offiziellen Kan\u00e4le zu pr\u00fcfen.<\/small><\/p>\n<\/div><\/div><\/div><\/div><\/div><\/div><\/div><\/section><section class=\"l-section wpb_row height_huge color_alternate with_shape\"><div class=\"l-section-shape type_zigzag pos_top hor_flip\" style=\"height:3vmin;\"><svg xmlns=\"http:\/\/www.w3.org\/2000\/svg\" viewBox=\"0 0 64 8\" preserveAspectRatio=\"none\" width=\"100%\" height=\"100%\">\r\n\t<path fill=\"currentColor\" d=\"M64 8 L0 8 L0 0 L20 7.9 L40 3 L48 5 L64 0 Z\"\/>\r\n<\/svg><\/div><div class=\"l-section-shape type_zigzag pos_bottom\" style=\"height:3vmin;\"><svg xmlns=\"http:\/\/www.w3.org\/2000\/svg\" viewBox=\"0 0 64 8\" preserveAspectRatio=\"none\" width=\"100%\" height=\"100%\">\r\n\t<path fill=\"currentColor\" d=\"M64 8 L0 8 L0 0 L20 7.9 L40 3 L48 5 L64 0 Z\"\/>\r\n<\/svg><\/div><div class=\"l-section-h i-cf\"><div class=\"g-cols vc_row via_flex valign_top type_default stacking_default\"><div class=\"vc_col-sm-12 wpb_column vc_column_container\"><div class=\"vc_column-inner\"><div class=\"wpb_wrapper\"><div class=\"wpb_text_column\"><div class=\"wpb_wrapper\"><h2>Unsere Empfehlung<\/h2>\n<p>Der Entwicklungsraum ist besonders einen Besuch wert, wenn Sie bereits Karten f\u00fcr einen der im Projekt vertretenen K\u00fcnstler haben. Zuerst einen Teil des kreativen Prozesses zu sehen und anschlie\u00dfend die Auff\u00fchrung zu erleben, kann eine andere Lesart des Werks erm\u00f6glichen.<\/p>\n<p>Wir empfehlen den Raum auch allen, die neugierig darauf sind, wie zeitgen\u00f6ssischer Flamenco entsteht. Das Angebot richtet sich nicht nur an Fachleute: Eines seiner Ziele besteht gerade darin, diese unsichtbare Arbeit Menschen n\u00e4herzubringen, die vielleicht noch nie einen Proberaum betreten haben. F\u00fcr alle, die Tanz, Gesang, Gitarre, Komposition, Regie oder Fotografie studieren, ist der Reiz noch gr\u00f6\u00dfer.<\/p>\n<p>Es gibt noch einen weiteren Grund f\u00fcr einen Besuch: Diese Aktivit\u00e4t fasst eine der interessantesten Ideen der Biennale 2026 sehr gut zusammen. Flamenco beginnt nicht erst, wenn sich der Vorhang hebt. Davor liegen viele Stunden Arbeit, die wir selten sehen. Genau darauf richtet der Entwicklungsraum den Blick.<\/p>\n<\/div><\/div><\/div><\/div><\/div><\/div><\/div><\/section><section class=\"l-section wpb_row height_huge\"><div class=\"l-section-h i-cf\"><div class=\"g-cols vc_row via_flex valign_top type_default stacking_default\"><div class=\"vc_col-sm-1\/5 wpb_column vc_column_container\"><div class=\"vc_column-inner\"><div class=\"wpb_wrapper\"><\/div><\/div><\/div><div class=\"vc_col-sm-3\/5 wpb_column vc_column_container\"><div class=\"vc_column-inner\"><div class=\"wpb_wrapper\"><div class=\"wpb_text_column\"><div class=\"wpb_wrapper\"><h2>H\u00e4ufige Fragen zum Entwicklungsraum<\/h2>\n<\/div><\/div><div class=\"w-separator size_medium\"><\/div><div class=\"w-tabs accordion toggle_style_1 has_scrolling\" style=\"--sections-title-size:inherit;--sections-gap:0.5rem;\"><div class=\"w-tabs-sections titles-align_none icon_chevron cpos_right\"><div class=\"w-tabs-section\" id=\"y6a7\"><button type=\"button\" class=\"w-tabs-section-header\" aria-controls=\"content-y6a7\" aria-expanded=\"false\"><div class=\"w-tabs-section-title\">Wo befindet sich der Entwicklungsraum der Biennale 2026 jetzt?<\/div><div class=\"w-tabs-section-control\"><\/div><\/button><div  class=\"w-tabs-section-content\" id=\"content-y6a7\"><div class=\"w-tabs-section-content-h i-cf\"><div class=\"wpb_text_column\"><div class=\"wpb_wrapper\"><p>Seit Samstag, dem 5. September 2026, befindet sich die Installation in der <strong>Real F\u00e1brica de Artiller\u00eda in Sevilla<\/strong>, nachdem sie zuvor in Triana, im Bereich El Prado\/Nervi\u00f3n und im Umfeld der Calle Feria zu sehen war.<\/p>\n<\/div><\/div><\/div><\/div><\/div><div class=\"w-tabs-section\" id=\"j7b0\"><button type=\"button\" class=\"w-tabs-section-header\" aria-controls=\"content-j7b0\" aria-expanded=\"false\"><div class=\"w-tabs-section-title\">Was sieht man im Entwicklungsraum?<\/div><div class=\"w-tabs-section-control\"><\/div><\/button><div  class=\"w-tabs-section-content\" id=\"content-j7b0\"><div class=\"w-tabs-section-content-h i-cf\"><div class=\"wpb_text_column\"><div class=\"wpb_wrapper\"><p>Dokumentarische Fotografien kreativer Prozesse, Momente aus Proben und Materialien, die zeigen, wie verschiedene K\u00fcnstler der Biennale arbeiten. Erg\u00e4nzt wird das Erlebnis durch Interviews, Stimmen, Podcasts und weitere audiovisuelle Inhalte.<\/p>\n<\/div><\/div><\/div><\/div><\/div><div class=\"w-tabs-section\" id=\"t893\"><button type=\"button\" class=\"w-tabs-section-header\" aria-controls=\"content-t893\" aria-expanded=\"false\"><div class=\"w-tabs-section-title\">Welche K\u00fcnstler sind im Projekt vertreten?<\/div><div class=\"w-tabs-section-control\"><\/div><\/button><div  class=\"w-tabs-section-content\" id=\"content-t893\"><div class=\"w-tabs-section-content-h i-cf\"><div class=\"wpb_text_column\"><div class=\"wpb_wrapper\"><p>Zu den von der Biennale genannten Namen geh\u00f6ren Patricia Guerrero und das Ballet Flamenco de Andaluc\u00eda, Manuel Li\u00f1\u00e1n, Ana Morales, Andr\u00e9s Mar\u00edn, David Coria, Juan Tom\u00e1s de la Mol\u00eda, \u00c1gueda Saavedra, Rosario La Tremendita, Encarna Anillo, Rafael Riqueni, Tim Ries und das Real Orquesta Sinf\u00f3nica de Sevilla.<\/p>\n<\/div><\/div><\/div><\/div><\/div><div class=\"w-tabs-section\" id=\"t97f\"><button type=\"button\" class=\"w-tabs-section-header\" aria-controls=\"content-t97f\" aria-expanded=\"false\"><div class=\"w-tabs-section-title\">Muss man f\u00fcr den Entwicklungsraum ein Ticket kaufen?<\/div><div class=\"w-tabs-section-control\"><\/div><\/button><div  class=\"w-tabs-section-content\" id=\"content-t97f\"><div class=\"w-tabs-section-content-h i-cf\"><div class=\"wpb_text_column\"><div class=\"wpb_wrapper\"><p>Die gepr\u00fcften offiziellen Informationen nennen f\u00fcr diese Installation kein spezielles Ticket, keinen Preis und kein Buchungssystem. W\u00e4hrend der ersten Stationen war sie eine \u00f6ffentlich zug\u00e4ngliche Aktion an verschiedenen Orten im Stra\u00dfenraum. Seit der Installation in der Real F\u00e1brica de Artiller\u00eda empfehlen wir, die aktuellen Zugangsbedingungen des Ortes und der Biennale zu pr\u00fcfen.<\/p>\n<\/div><\/div><\/div><\/div><\/div><div class=\"w-tabs-section\" id=\"ja49\"><button type=\"button\" class=\"w-tabs-section-header\" aria-controls=\"content-ja49\" aria-expanded=\"false\"><div class=\"w-tabs-section-title\">Welche \u00d6ffnungszeiten hat der Entwicklungsraum?<\/div><div class=\"w-tabs-section-control\"><\/div><\/button><div  class=\"w-tabs-section-content\" id=\"content-ja49\"><div class=\"w-tabs-section-content-h i-cf\"><div class=\"wpb_text_column\"><div class=\"wpb_wrapper\"><p>In den gepr\u00fcften Informationen hat die Biennale keinen eigenen, unabh\u00e4ngigen Zeitplan f\u00fcr den Raum nach seiner Installation in der Real F\u00e1brica de Artiller\u00eda ver\u00f6ffentlicht. Vor dem Besuch sollten die offizielle Website und die offiziellen Profile gepr\u00fcft werden.<\/p>\n<\/div><\/div><\/div><\/div><\/div><div class=\"w-tabs-section\" id=\"zb0e\"><button type=\"button\" class=\"w-tabs-section-header\" aria-controls=\"content-zb0e\" aria-expanded=\"false\"><div class=\"w-tabs-section-title\">Kann man an der Ticketverlosung der Biennale teilnehmen?<\/div><div class=\"w-tabs-section-control\"><\/div><\/button><div  class=\"w-tabs-section-content\" id=\"content-zb0e\"><div class=\"w-tabs-section-content-h i-cf\"><div class=\"wpb_text_column\"><div class=\"wpb_wrapper\"><p>Ja. Die Organisation hat die Mitmachaktion, bei der Besucher \u201eihre flamencohafte Seite zeigen\u201c, mit einer Ticketverlosung verbunden. Da die Teilnahmebedingungen aktualisiert werden k\u00f6nnen, empfehlen wir, die offiziellen Profile der Biennale zu pr\u00fcfen.<\/p>\n<\/div><\/div><\/div><\/div><\/div><\/div><\/div><\/div><\/div><\/div><div class=\"vc_col-sm-1\/5 wpb_column vc_column_container\"><div class=\"vc_column-inner\"><div class=\"wpb_wrapper\"><\/div><\/div><\/div><\/div><\/div><\/section><section class=\"l-section wpb_row height_huge\"><div class=\"l-section-h i-cf\"><div class=\"g-cols vc_row via_flex valign_top type_default stacking_default\"><div class=\"vc_col-sm-12 wpb_column vc_column_container\"><div class=\"vc_column-inner\"><div class=\"wpb_wrapper\"><div class=\"wpb_text_column\"><div class=\"wpb_wrapper\"><h2>Mehr zur Flamenco-Biennale Sevilla 2026<\/h2>\n<p>Der Entwicklungsraum ist Teil einer besonders umfangreichen Ausgabe mit Auff\u00fchrungen, Ausstellungen, Begegnungen und Aktivit\u00e4ten an verschiedenen Orten in Sevilla. Unsere gesamte Berichterstattung finden Sie im <a href=\"https:\/\/www.tablaosflamencos.com\/bienal-flamenco-sevilla\"><strong>Leitfaden zur Flamenco-Biennale von Sevilla<\/strong><\/a>, in dem wir Programm, Tickets, K\u00fcnstler, Spielorte und praktische Empfehlungen b\u00fcndeln.<\/p>\n<\/div><\/div><\/div><\/div><\/div><\/div><\/div><\/section>\n","protected":false},"excerpt":{"rendered":"<p>Entdecken Sie den Entwicklungsraum der Flamenco-Biennale Sevilla 2026 \u2013 eine Installation \u00fcber Proben, kreative Prozesse, Fotografie, Interviews und Podcasts hinter den Auff\u00fchrungen.<\/p>\n","protected":false},"author":1,"featured_media":14945,"comment_status":"closed","ping_status":"closed","sticky":false,"template":"","format":"standard","meta":{"_acf_changed":false,"wpai_generated_summary":"","_ayudawp_aiss_exclude":false,"_ayudawp_aiss_exclude_summary":false,"_ayudawp_aiss_summary":"","_ayudawp_aiss_summary_provider":"","_ayudawp_aiss_summary_hash":"","footnotes":""},"categories":[1431],"tags":[1863,1245,1246,1166,405],"class_list":["post-15092","post","type-post","status-publish","format-standard","has-post-thumbnail","hentry","category-flamenco-biennale","tag-aktivitaeten-in-sevilla","tag-bienal-2026","tag-bienal-de-flamenco","tag-flamenco-en-sevilla","tag-sevilla"],"acf":[],"yoast_head":"<!-- This site is optimized with the Yoast SEO Premium plugin v28.4 (Yoast SEO v28.4) - https:\/\/yoast.com\/product\/yoast-seo-premium-wordpress\/ -->\n<title>Entwicklungsraum Flamenco-Biennale 2026<\/title>\n<meta name=\"description\" content=\"Entdecken Sie den Entwicklungsraum der Flamenco-Biennale 2026: K\u00fcnstler, Route, Fotografien, Podcasts und Standort in der Real F\u00e1brica de Artiller\u00eda.\" \/>\n<meta name=\"robots\" content=\"index, follow, max-snippet:-1, max-image-preview:large, max-video-preview:-1\" \/>\n<link rel=\"canonical\" href=\"https:\/\/www.tablaosflamencos.com\/de\/entwicklungsraum-flamenco-biennale-sevilla-2026.html\" \/>\n<meta property=\"og:locale\" content=\"de_DE\" \/>\n<meta property=\"og:type\" content=\"article\" \/>\n<meta property=\"og:title\" content=\"Entwicklungsraum der Flamenco-Biennale 2026: \u201eAuch das Unsichtbare ist Flamenco\u201c\" \/>\n<meta property=\"og:description\" content=\"Entdecken Sie den Entwicklungsraum der Flamenco-Biennale 2026: K\u00fcnstler, Route, Fotografien, Podcasts und Standort in der Real F\u00e1brica de Artiller\u00eda.\" \/>\n<meta property=\"og:url\" content=\"https:\/\/www.tablaosflamencos.com\/de\/entwicklungsraum-flamenco-biennale-sevilla-2026.html\" \/>\n<meta property=\"og:site_name\" content=\"Tablaos Flamencos\" \/>\n<meta property=\"article:publisher\" content=\"https:\/\/www.facebook.com\/tablaosflamencos\" \/>\n<meta property=\"article:published_time\" content=\"2026-09-06T14:35:39+00:00\" \/>\n<meta property=\"article:modified_time\" content=\"2026-09-06T15:04:42+00:00\" \/>\n<meta property=\"og:image\" content=\"https:\/\/www.tablaosflamencos.com\/wp-content\/uploads\/sala-de-revelado-de-la-bienal-de-flamenco-2026-lo-invisible-tambien-es-flamenco-01.webp\" \/>\n\t<meta property=\"og:image:width\" content=\"1672\" \/>\n\t<meta property=\"og:image:height\" content=\"941\" \/>\n\t<meta property=\"og:image:type\" content=\"image\/webp\" \/>\n<meta name=\"author\" content=\"Miguel Ortiz\" \/>\n<meta name=\"twitter:card\" content=\"summary_large_image\" \/>\n<meta name=\"twitter:creator\" content=\"@tablaosflamenco\" \/>\n<meta name=\"twitter:site\" content=\"@tablaosflamenco\" \/>\n<meta name=\"twitter:label1\" content=\"Verfasst von\" \/>\n\t<meta name=\"twitter:data1\" content=\"Miguel Ortiz\" \/>\n\t<meta name=\"twitter:label2\" content=\"Gesch\u00e4tzte Lesezeit\" \/>\n\t<meta name=\"twitter:data2\" content=\"14\u00a0Minuten\" \/>\n<script type=\"application\/ld+json\" class=\"yoast-schema-graph\">{\"@context\":\"https:\\\/\\\/schema.org\",\"@graph\":[{\"@type\":\"Article\",\"@id\":\"https:\\\/\\\/www.tablaosflamencos.com\\\/de\\\/entwicklungsraum-flamenco-biennale-sevilla-2026.html#article\",\"isPartOf\":{\"@id\":\"https:\\\/\\\/www.tablaosflamencos.com\\\/de\\\/entwicklungsraum-flamenco-biennale-sevilla-2026.html\"},\"author\":{\"name\":\"Miguel Ortiz\",\"@id\":\"https:\\\/\\\/www.tablaosflamencos.com\\\/de#\\\/schema\\\/person\\\/e7a9ebe14eb75a52ceabfbffb3c54f5d\"},\"headline\":\"Entwicklungsraum der Flamenco-Biennale 2026: \u201eAuch das Unsichtbare ist Flamenco\u201c\",\"datePublished\":\"2026-09-06T14:35:39+00:00\",\"dateModified\":\"2026-09-06T15:04:42+00:00\",\"mainEntityOfPage\":{\"@id\":\"https:\\\/\\\/www.tablaosflamencos.com\\\/de\\\/entwicklungsraum-flamenco-biennale-sevilla-2026.html\"},\"wordCount\":2891,\"publisher\":{\"@id\":\"https:\\\/\\\/www.tablaosflamencos.com\\\/de#organization\"},\"image\":{\"@id\":\"https:\\\/\\\/www.tablaosflamencos.com\\\/de\\\/entwicklungsraum-flamenco-biennale-sevilla-2026.html#primaryimage\"},\"thumbnailUrl\":\"https:\\\/\\\/www.tablaosflamencos.com\\\/wp-content\\\/uploads\\\/sala-de-revelado-de-la-bienal-de-flamenco-2026-lo-invisible-tambien-es-flamenco-01.webp\",\"keywords\":[\"Aktivit\u00e4ten in Sevilla\",\"Bienal 2026\",\"Bienal de Flamenco\",\"flamenco en Sevilla\",\"sevilla\"],\"articleSection\":[\"Flamenco-Biennale\"],\"inLanguage\":\"de\"},{\"@type\":\"WebPage\",\"@id\":\"https:\\\/\\\/www.tablaosflamencos.com\\\/de\\\/entwicklungsraum-flamenco-biennale-sevilla-2026.html\",\"url\":\"https:\\\/\\\/www.tablaosflamencos.com\\\/de\\\/entwicklungsraum-flamenco-biennale-sevilla-2026.html\",\"name\":\"Entwicklungsraum Flamenco-Biennale 2026\",\"isPartOf\":{\"@id\":\"https:\\\/\\\/www.tablaosflamencos.com\\\/de#website\"},\"primaryImageOfPage\":{\"@id\":\"https:\\\/\\\/www.tablaosflamencos.com\\\/de\\\/entwicklungsraum-flamenco-biennale-sevilla-2026.html#primaryimage\"},\"image\":{\"@id\":\"https:\\\/\\\/www.tablaosflamencos.com\\\/de\\\/entwicklungsraum-flamenco-biennale-sevilla-2026.html#primaryimage\"},\"thumbnailUrl\":\"https:\\\/\\\/www.tablaosflamencos.com\\\/wp-content\\\/uploads\\\/sala-de-revelado-de-la-bienal-de-flamenco-2026-lo-invisible-tambien-es-flamenco-01.webp\",\"datePublished\":\"2026-09-06T14:35:39+00:00\",\"dateModified\":\"2026-09-06T15:04:42+00:00\",\"description\":\"Entdecken Sie den Entwicklungsraum der Flamenco-Biennale 2026: K\u00fcnstler, Route, Fotografien, Podcasts und Standort in der Real F\u00e1brica de Artiller\u00eda.\",\"breadcrumb\":{\"@id\":\"https:\\\/\\\/www.tablaosflamencos.com\\\/de\\\/entwicklungsraum-flamenco-biennale-sevilla-2026.html#breadcrumb\"},\"inLanguage\":\"de\",\"potentialAction\":[{\"@type\":\"ReadAction\",\"target\":[\"https:\\\/\\\/www.tablaosflamencos.com\\\/de\\\/entwicklungsraum-flamenco-biennale-sevilla-2026.html\"]}]},{\"@type\":\"ImageObject\",\"inLanguage\":\"de\",\"@id\":\"https:\\\/\\\/www.tablaosflamencos.com\\\/de\\\/entwicklungsraum-flamenco-biennale-sevilla-2026.html#primaryimage\",\"url\":\"https:\\\/\\\/www.tablaosflamencos.com\\\/wp-content\\\/uploads\\\/sala-de-revelado-de-la-bienal-de-flamenco-2026-lo-invisible-tambien-es-flamenco-01.webp\",\"contentUrl\":\"https:\\\/\\\/www.tablaosflamencos.com\\\/wp-content\\\/uploads\\\/sala-de-revelado-de-la-bienal-de-flamenco-2026-lo-invisible-tambien-es-flamenco-01.webp\",\"width\":1672,\"height\":941,\"caption\":\"Sala de revelado de la Bienal de Flamenco 2026: \u201cLo invisible tambi\u00e9n es flamenco\u201d\"},{\"@type\":\"BreadcrumbList\",\"@id\":\"https:\\\/\\\/www.tablaosflamencos.com\\\/de\\\/entwicklungsraum-flamenco-biennale-sevilla-2026.html#breadcrumb\",\"itemListElement\":[{\"@type\":\"ListItem\",\"position\":1,\"name\":\"Home\",\"item\":\"https:\\\/\\\/www.tablaosflamencos.com\\\/de\"},{\"@type\":\"ListItem\",\"position\":2,\"name\":\"Entwicklungsraum der Flamenco-Biennale 2026: \u201eAuch das Unsichtbare ist Flamenco\u201c\"}]},{\"@type\":\"WebSite\",\"@id\":\"https:\\\/\\\/www.tablaosflamencos.com\\\/de#website\",\"url\":\"https:\\\/\\\/www.tablaosflamencos.com\\\/de\",\"name\":\"Tablaos Flamencos\",\"description\":\"Entradas para tablaos flamencos de Espa\u00f1a\",\"publisher\":{\"@id\":\"https:\\\/\\\/www.tablaosflamencos.com\\\/de#organization\"},\"alternateName\":\"Tablaos Flamencos\",\"potentialAction\":[{\"@type\":\"SearchAction\",\"target\":{\"@type\":\"EntryPoint\",\"urlTemplate\":\"https:\\\/\\\/www.tablaosflamencos.com\\\/de?s={search_term_string}\"},\"query-input\":{\"@type\":\"PropertyValueSpecification\",\"valueRequired\":true,\"valueName\":\"search_term_string\"}}],\"inLanguage\":\"de\"},{\"@type\":[\"Organization\",\"Place\",\"EntertainmentBusiness\"],\"@id\":\"https:\\\/\\\/www.tablaosflamencos.com\\\/de#organization\",\"name\":\"Tablaos Flamencos\",\"alternateName\":\"Tablaos Flamencos\",\"url\":\"https:\\\/\\\/www.tablaosflamencos.com\\\/de\",\"logo\":{\"@id\":\"https:\\\/\\\/www.tablaosflamencos.com\\\/de\\\/entwicklungsraum-flamenco-biennale-sevilla-2026.html#local-main-organization-logo\"},\"image\":{\"@id\":\"https:\\\/\\\/www.tablaosflamencos.com\\\/de\\\/entwicklungsraum-flamenco-biennale-sevilla-2026.html#local-main-organization-logo\"},\"sameAs\":[\"https:\\\/\\\/www.facebook.com\\\/tablaosflamencos\",\"https:\\\/\\\/x.com\\\/tablaosflamenco\",\"https:\\\/\\\/mastodon.social\\\/@tablaosflamencos\",\"https:\\\/\\\/www.instagram.com\\\/tablaosflamencos\",\"https:\\\/\\\/tiktok.com\\\/@tablaosflamencos\",\"https:\\\/\\\/www.linkedin.com\\\/company\\\/109408238\\\/\"],\"description\":\"Venta de entradas para espect\u00e1culos flamencos\",\"legalName\":\"Tablaos Flamencos\",\"foundingDate\":\"2015-01-01\",\"numberOfEmployees\":{\"@type\":\"QuantitativeValue\",\"minValue\":\"1\",\"maxValue\":\"10\"},\"address\":{\"@id\":\"https:\\\/\\\/www.tablaosflamencos.com\\\/de\\\/entwicklungsraum-flamenco-biennale-sevilla-2026.html#local-main-place-address\"},\"geo\":{\"@type\":\"GeoCoordinates\",\"latitude\":\"37.3868072\",\"longitude\":\"-5.993280299999999\"},\"telephone\":[\"+34623787787\"],\"contactPoint\":{\"@type\":\"ContactPoint\",\"telephone\":\"+34623787787\",\"email\":\"info@tablaosflamencos.com\"},\"openingHoursSpecification\":{\"@type\":\"OpeningHoursSpecification\",\"dayOfWeek\":[\"Monday\",\"Tuesday\",\"Wednesday\",\"Thursday\",\"Friday\",\"Saturday\",\"Sunday\"],\"opens\":\"00:00\",\"closes\":\"23:59\"},\"email\":\"info@tablaosflamencos.com\",\"priceRange\":\"$$$\",\"currenciesAccepted\":\"\u20ac\"},{\"@type\":\"Person\",\"@id\":\"https:\\\/\\\/www.tablaosflamencos.com\\\/de#\\\/schema\\\/person\\\/e7a9ebe14eb75a52ceabfbffb3c54f5d\",\"name\":\"Miguel Ortiz\",\"description\":\"Miguel Ortiz es un empresario flamenco, con una s\u00f3lida trayectoria dentro del sector. Ha presidido entidades culturales vinculadas al flamenco y, cuenta con un amplio recorrido profesional en la gesti\u00f3n y promoci\u00f3n de espect\u00e1culos y tablaos flamencos. Su pasi\u00f3n por la historia y el arte flamenco se refleja en cada art\u00edculo, donde combina experiencia, criterio y un profundo respeto por la tradici\u00f3n.\",\"sameAs\":[\"https:\\\/\\\/www.tablaosflamencos.com\",\"https:\\\/\\\/www.instagra.com\\\/miguelortizfe\",\"https:\\\/\\\/www.linkedin.com\\\/in\\\/miguelortizf\\\/\"],\"birthDate\":\"1984-11-22\",\"gender\":\"hombre\",\"knowsLanguage\":[\"espa\u00f1ol\",\"ingl\u00e9s\"],\"jobTitle\":\"Empresario flamenco\"},{\"@type\":\"PostalAddress\",\"@id\":\"https:\\\/\\\/www.tablaosflamencos.com\\\/de\\\/entwicklungsraum-flamenco-biennale-sevilla-2026.html#local-main-place-address\",\"streetAddress\":\"C\\\/ Alemanes, 19\",\"addressLocality\":\"Sevilla\",\"postalCode\":\"41004\",\"addressRegion\":\"Sevilla\",\"addressCountry\":\"ES\"},{\"@type\":\"ImageObject\",\"inLanguage\":\"de\",\"@id\":\"https:\\\/\\\/www.tablaosflamencos.com\\\/de\\\/entwicklungsraum-flamenco-biennale-sevilla-2026.html#local-main-organization-logo\",\"url\":\"https:\\\/\\\/www.tablaosflamencos.com\\\/wp-content\\\/uploads\\\/tablaos-flamencos-06-3.webp\",\"contentUrl\":\"https:\\\/\\\/www.tablaosflamencos.com\\\/wp-content\\\/uploads\\\/tablaos-flamencos-06-3.webp\",\"width\":600,\"height\":620,\"caption\":\"Tablaos Flamencos\"}]}<\/script>\n<meta name=\"geo.placename\" content=\"Sevilla\" \/>\n<meta name=\"geo.position\" content=\"37.3868072;-5.993280299999999\" \/>\n<meta name=\"geo.region\" content=\"Spanien\" \/>\n<!-- \/ Yoast SEO Premium plugin. -->","yoast_head_json":{"title":"Entwicklungsraum Flamenco-Biennale 2026","description":"Entdecken Sie den Entwicklungsraum der Flamenco-Biennale 2026: K\u00fcnstler, Route, Fotografien, Podcasts und Standort in der Real F\u00e1brica de Artiller\u00eda.","robots":{"index":"index","follow":"follow","max-snippet":"max-snippet:-1","max-image-preview":"max-image-preview:large","max-video-preview":"max-video-preview:-1"},"canonical":"https:\/\/www.tablaosflamencos.com\/de\/entwicklungsraum-flamenco-biennale-sevilla-2026.html","og_locale":"de_DE","og_type":"article","og_title":"Entwicklungsraum der Flamenco-Biennale 2026: \u201eAuch das Unsichtbare ist Flamenco\u201c","og_description":"Entdecken Sie den Entwicklungsraum der Flamenco-Biennale 2026: K\u00fcnstler, Route, Fotografien, Podcasts und Standort in der Real F\u00e1brica de Artiller\u00eda.","og_url":"https:\/\/www.tablaosflamencos.com\/de\/entwicklungsraum-flamenco-biennale-sevilla-2026.html","og_site_name":"Tablaos Flamencos","article_publisher":"https:\/\/www.facebook.com\/tablaosflamencos","article_published_time":"2026-09-06T14:35:39+00:00","article_modified_time":"2026-09-06T15:04:42+00:00","og_image":[{"width":1672,"height":941,"url":"https:\/\/www.tablaosflamencos.com\/wp-content\/uploads\/sala-de-revelado-de-la-bienal-de-flamenco-2026-lo-invisible-tambien-es-flamenco-01.webp","type":"image\/webp"}],"author":"Miguel Ortiz","twitter_card":"summary_large_image","twitter_creator":"@tablaosflamenco","twitter_site":"@tablaosflamenco","twitter_misc":{"Verfasst von":"Miguel Ortiz","Gesch\u00e4tzte Lesezeit":"14\u00a0Minuten"},"schema":{"@context":"https:\/\/schema.org","@graph":[{"@type":"Article","@id":"https:\/\/www.tablaosflamencos.com\/de\/entwicklungsraum-flamenco-biennale-sevilla-2026.html#article","isPartOf":{"@id":"https:\/\/www.tablaosflamencos.com\/de\/entwicklungsraum-flamenco-biennale-sevilla-2026.html"},"author":{"name":"Miguel Ortiz","@id":"https:\/\/www.tablaosflamencos.com\/de#\/schema\/person\/e7a9ebe14eb75a52ceabfbffb3c54f5d"},"headline":"Entwicklungsraum der Flamenco-Biennale 2026: \u201eAuch das Unsichtbare ist Flamenco\u201c","datePublished":"2026-09-06T14:35:39+00:00","dateModified":"2026-09-06T15:04:42+00:00","mainEntityOfPage":{"@id":"https:\/\/www.tablaosflamencos.com\/de\/entwicklungsraum-flamenco-biennale-sevilla-2026.html"},"wordCount":2891,"publisher":{"@id":"https:\/\/www.tablaosflamencos.com\/de#organization"},"image":{"@id":"https:\/\/www.tablaosflamencos.com\/de\/entwicklungsraum-flamenco-biennale-sevilla-2026.html#primaryimage"},"thumbnailUrl":"https:\/\/www.tablaosflamencos.com\/wp-content\/uploads\/sala-de-revelado-de-la-bienal-de-flamenco-2026-lo-invisible-tambien-es-flamenco-01.webp","keywords":["Aktivit\u00e4ten in Sevilla","Bienal 2026","Bienal de Flamenco","flamenco en Sevilla","sevilla"],"articleSection":["Flamenco-Biennale"],"inLanguage":"de"},{"@type":"WebPage","@id":"https:\/\/www.tablaosflamencos.com\/de\/entwicklungsraum-flamenco-biennale-sevilla-2026.html","url":"https:\/\/www.tablaosflamencos.com\/de\/entwicklungsraum-flamenco-biennale-sevilla-2026.html","name":"Entwicklungsraum Flamenco-Biennale 2026","isPartOf":{"@id":"https:\/\/www.tablaosflamencos.com\/de#website"},"primaryImageOfPage":{"@id":"https:\/\/www.tablaosflamencos.com\/de\/entwicklungsraum-flamenco-biennale-sevilla-2026.html#primaryimage"},"image":{"@id":"https:\/\/www.tablaosflamencos.com\/de\/entwicklungsraum-flamenco-biennale-sevilla-2026.html#primaryimage"},"thumbnailUrl":"https:\/\/www.tablaosflamencos.com\/wp-content\/uploads\/sala-de-revelado-de-la-bienal-de-flamenco-2026-lo-invisible-tambien-es-flamenco-01.webp","datePublished":"2026-09-06T14:35:39+00:00","dateModified":"2026-09-06T15:04:42+00:00","description":"Entdecken Sie den Entwicklungsraum der Flamenco-Biennale 2026: K\u00fcnstler, Route, Fotografien, Podcasts und Standort in der Real F\u00e1brica de Artiller\u00eda.","breadcrumb":{"@id":"https:\/\/www.tablaosflamencos.com\/de\/entwicklungsraum-flamenco-biennale-sevilla-2026.html#breadcrumb"},"inLanguage":"de","potentialAction":[{"@type":"ReadAction","target":["https:\/\/www.tablaosflamencos.com\/de\/entwicklungsraum-flamenco-biennale-sevilla-2026.html"]}]},{"@type":"ImageObject","inLanguage":"de","@id":"https:\/\/www.tablaosflamencos.com\/de\/entwicklungsraum-flamenco-biennale-sevilla-2026.html#primaryimage","url":"https:\/\/www.tablaosflamencos.com\/wp-content\/uploads\/sala-de-revelado-de-la-bienal-de-flamenco-2026-lo-invisible-tambien-es-flamenco-01.webp","contentUrl":"https:\/\/www.tablaosflamencos.com\/wp-content\/uploads\/sala-de-revelado-de-la-bienal-de-flamenco-2026-lo-invisible-tambien-es-flamenco-01.webp","width":1672,"height":941,"caption":"Sala de revelado de la Bienal de Flamenco 2026: \u201cLo invisible tambi\u00e9n es flamenco\u201d"},{"@type":"BreadcrumbList","@id":"https:\/\/www.tablaosflamencos.com\/de\/entwicklungsraum-flamenco-biennale-sevilla-2026.html#breadcrumb","itemListElement":[{"@type":"ListItem","position":1,"name":"Home","item":"https:\/\/www.tablaosflamencos.com\/de"},{"@type":"ListItem","position":2,"name":"Entwicklungsraum der Flamenco-Biennale 2026: \u201eAuch das Unsichtbare ist Flamenco\u201c"}]},{"@type":"WebSite","@id":"https:\/\/www.tablaosflamencos.com\/de#website","url":"https:\/\/www.tablaosflamencos.com\/de","name":"Tablaos Flamencos","description":"Entradas para tablaos flamencos de Espa\u00f1a","publisher":{"@id":"https:\/\/www.tablaosflamencos.com\/de#organization"},"alternateName":"Tablaos Flamencos","potentialAction":[{"@type":"SearchAction","target":{"@type":"EntryPoint","urlTemplate":"https:\/\/www.tablaosflamencos.com\/de?s={search_term_string}"},"query-input":{"@type":"PropertyValueSpecification","valueRequired":true,"valueName":"search_term_string"}}],"inLanguage":"de"},{"@type":["Organization","Place","EntertainmentBusiness"],"@id":"https:\/\/www.tablaosflamencos.com\/de#organization","name":"Tablaos Flamencos","alternateName":"Tablaos Flamencos","url":"https:\/\/www.tablaosflamencos.com\/de","logo":{"@id":"https:\/\/www.tablaosflamencos.com\/de\/entwicklungsraum-flamenco-biennale-sevilla-2026.html#local-main-organization-logo"},"image":{"@id":"https:\/\/www.tablaosflamencos.com\/de\/entwicklungsraum-flamenco-biennale-sevilla-2026.html#local-main-organization-logo"},"sameAs":["https:\/\/www.facebook.com\/tablaosflamencos","https:\/\/x.com\/tablaosflamenco","https:\/\/mastodon.social\/@tablaosflamencos","https:\/\/www.instagram.com\/tablaosflamencos","https:\/\/tiktok.com\/@tablaosflamencos","https:\/\/www.linkedin.com\/company\/109408238\/"],"description":"Venta de entradas para espect\u00e1culos flamencos","legalName":"Tablaos Flamencos","foundingDate":"2015-01-01","numberOfEmployees":{"@type":"QuantitativeValue","minValue":"1","maxValue":"10"},"address":{"@id":"https:\/\/www.tablaosflamencos.com\/de\/entwicklungsraum-flamenco-biennale-sevilla-2026.html#local-main-place-address"},"geo":{"@type":"GeoCoordinates","latitude":"37.3868072","longitude":"-5.993280299999999"},"telephone":["+34623787787"],"contactPoint":{"@type":"ContactPoint","telephone":"+34623787787","email":"info@tablaosflamencos.com"},"openingHoursSpecification":{"@type":"OpeningHoursSpecification","dayOfWeek":["Monday","Tuesday","Wednesday","Thursday","Friday","Saturday","Sunday"],"opens":"00:00","closes":"23:59"},"email":"info@tablaosflamencos.com","priceRange":"$$$","currenciesAccepted":"\u20ac"},{"@type":"Person","@id":"https:\/\/www.tablaosflamencos.com\/de#\/schema\/person\/e7a9ebe14eb75a52ceabfbffb3c54f5d","name":"Miguel Ortiz","description":"Miguel Ortiz es un empresario flamenco, con una s\u00f3lida trayectoria dentro del sector. Ha presidido entidades culturales vinculadas al flamenco y, cuenta con un amplio recorrido profesional en la gesti\u00f3n y promoci\u00f3n de espect\u00e1culos y tablaos flamencos. Su pasi\u00f3n por la historia y el arte flamenco se refleja en cada art\u00edculo, donde combina experiencia, criterio y un profundo respeto por la tradici\u00f3n.","sameAs":["https:\/\/www.tablaosflamencos.com","https:\/\/www.instagra.com\/miguelortizfe","https:\/\/www.linkedin.com\/in\/miguelortizf\/"],"birthDate":"1984-11-22","gender":"hombre","knowsLanguage":["espa\u00f1ol","ingl\u00e9s"],"jobTitle":"Empresario flamenco"},{"@type":"PostalAddress","@id":"https:\/\/www.tablaosflamencos.com\/de\/entwicklungsraum-flamenco-biennale-sevilla-2026.html#local-main-place-address","streetAddress":"C\/ Alemanes, 19","addressLocality":"Sevilla","postalCode":"41004","addressRegion":"Sevilla","addressCountry":"ES"},{"@type":"ImageObject","inLanguage":"de","@id":"https:\/\/www.tablaosflamencos.com\/de\/entwicklungsraum-flamenco-biennale-sevilla-2026.html#local-main-organization-logo","url":"https:\/\/www.tablaosflamencos.com\/wp-content\/uploads\/tablaos-flamencos-06-3.webp","contentUrl":"https:\/\/www.tablaosflamencos.com\/wp-content\/uploads\/tablaos-flamencos-06-3.webp","width":600,"height":620,"caption":"Tablaos Flamencos"}]},"geo.placename":"Sevilla","geo.position":{"lat":"37.3868072","long":"-5.993280299999999"},"geo.region":"Spanien"},"_links":{"self":[{"href":"https:\/\/www.tablaosflamencos.com\/de\/wp-json\/wp\/v2\/posts\/15092","targetHints":{"allow":["GET"]}}],"collection":[{"href":"https:\/\/www.tablaosflamencos.com\/de\/wp-json\/wp\/v2\/posts"}],"about":[{"href":"https:\/\/www.tablaosflamencos.com\/de\/wp-json\/wp\/v2\/types\/post"}],"author":[{"embeddable":true,"href":"https:\/\/www.tablaosflamencos.com\/de\/wp-json\/wp\/v2\/users\/1"}],"replies":[{"embeddable":true,"href":"https:\/\/www.tablaosflamencos.com\/de\/wp-json\/wp\/v2\/comments?post=15092"}],"version-history":[{"count":0,"href":"https:\/\/www.tablaosflamencos.com\/de\/wp-json\/wp\/v2\/posts\/15092\/revisions"}],"wp:featuredmedia":[{"embeddable":true,"href":"https:\/\/www.tablaosflamencos.com\/de\/wp-json\/wp\/v2\/media\/14945"}],"wp:attachment":[{"href":"https:\/\/www.tablaosflamencos.com\/de\/wp-json\/wp\/v2\/media?parent=15092"}],"wp:term":[{"taxonomy":"category","embeddable":true,"href":"https:\/\/www.tablaosflamencos.com\/de\/wp-json\/wp\/v2\/categories?post=15092"},{"taxonomy":"post_tag","embeddable":true,"href":"https:\/\/www.tablaosflamencos.com\/de\/wp-json\/wp\/v2\/tags?post=15092"}],"curies":[{"name":"wp","href":"https:\/\/api.w.org\/{rel}","templated":true}]}}