{"id":15019,"date":"2026-09-06T16:15:05","date_gmt":"2026-09-06T14:15:05","guid":{"rendered":"https:\/\/www.tablaosflamencos.com\/?p=15019"},"modified":"2026-09-06T19:44:46","modified_gmt":"2026-09-06T17:44:46","slug":"festival-el-bucaro-2026-programm-kuenstler-datum-tickets","status":"publish","type":"post","link":"https:\/\/www.tablaosflamencos.com\/de\/festival-el-bucaro-2026-programm-kuenstler-datum-tickets.html","title":{"rendered":"Festival El B\u00facaro 2026: Programm, K\u00fcnstler, Datum und alles Wissenswerte"},"content":{"rendered":"<section class=\"l-section wpb_row height_huge\"><div class=\"l-section-h i-cf\"><div class=\"g-cols vc_row via_flex valign_top type_default stacking_default\"><div class=\"vc_col-sm-6 wpb_column vc_column_container\"><div class=\"vc_column-inner\"><div class=\"wpb_wrapper\"><div class=\"wpb_text_column\"><div class=\"wpb_wrapper\"><h2>Festival El B\u00facaro 2026: einer der gro\u00dfen Flamenco-Gesangsabende im September bei Sevilla<\/h2>\n<p>Das <strong>43. Festival de Cante Flamenco El B\u00facaro<\/strong> findet am <strong>Freitag, 18. September 2026, um 22:00 Uhr<\/strong> in der <strong>Hacienda Santa Cruz in La Rinconada<\/strong> in der Provinz Sevilla statt. Bei der 43. Ausgabe f\u00fchrt <strong>El Pele<\/strong> das Programm an; au\u00dferdem stehen <strong>Consuelo Hald\u00f3n, Rubito Hijo, Caracolillo de C\u00e1diz und Fernando El Goyo<\/strong> als S\u00e4nger auf der B\u00fchne.<\/p>\n<p>Der Abend vereint au\u00dferdem einige der bekanntesten Namen der sevillanischen Flamenco-Gitarre: <strong>Antonio Carri\u00f3n, Ni\u00f1o Seve, Manuel Herrera und Juan Quir\u00f3s<\/strong> begleiten den Gesang, w\u00e4hrend <strong>Manuel Herrera Hijo<\/strong> einen Solo-Gitarrenbeitrag \u00fcbernimmt. <strong>Concha Carri\u00f3n und \u00c1ngel Pe\u00f1a<\/strong> sorgen f\u00fcr die Palmas, und <strong>Salvador Milla<\/strong> moderiert das Festival erneut.<\/p>\n<p>&nbsp;<\/p>\n<blockquote>\n<p><strong>Kurzantwort:<\/strong> Das Festival El B\u00facaro 2026 findet am 18. September um 22:00 Uhr in der Hacienda Santa Cruz in La Rinconada statt. Tickets kosten 10 \u20ac und werden pers\u00f6nlich im Centro Cultural de La Villa verkauft; sofern noch Pl\u00e4tze verf\u00fcgbar sind, gibt es Karten au\u00dferdem ab einer Stunde vor Beginn an der Kasse der Hacienda. Zum Programm geh\u00f6ren El Pele, Consuelo Hald\u00f3n, Rubito Hijo, Caracolillo de C\u00e1diz und Fernando El Goyo.<\/p>\n<\/blockquote>\n<\/div><\/div><\/div><\/div><\/div><div class=\"vc_col-sm-6 wpb_column vc_column_container\"><div class=\"vc_column-inner\"><div class=\"wpb_wrapper\"><div class=\"wpb_text_column\"><div class=\"wpb_wrapper\"><h3>El B\u00facaro 2026: die wichtigsten Informationen<\/h3>\n<ul>\n<li><strong>Veranstaltung:<\/strong> 43. Festival de Cante Flamenco El B\u00facaro.<\/li>\n<li><strong>Datum:<\/strong> Freitag, 18. September 2026.<\/li>\n<li><strong>Beginn:<\/strong> 22:00 Uhr.<\/li>\n<li><strong>Ort:<\/strong> Hacienda Santa Cruz.<\/li>\n<li><strong>Adresse:<\/strong> Carretera de la Estaci\u00f3n, 2, San Jos\u00e9 de La Rinconada, Sevilla.<\/li>\n<li><strong>Preis:<\/strong> 10 \u20ac.<\/li>\n<li><strong>Vorverkauf:<\/strong> Centro Cultural de La Villa, 10:00 bis 13:00 Uhr.<\/li>\n<li><strong>Abendkasse:<\/strong> am Festivaltag ab 21:00 Uhr, nur solange noch Pl\u00e4tze verf\u00fcgbar sind.<\/li>\n<li><strong>Veranstalter:<\/strong> Pe\u00f1a Cultural Flamenca El B\u00facaro mit Unterst\u00fctzung der Stadt La Rinconada.<\/li>\n<li><strong>Moderation:<\/strong> Salvador Milla.<\/li>\n<li><strong>Widmung 2026:<\/strong> Jafelin Helten, Gr\u00fcnderin von ExpoFlamenco.<\/li>\n<\/ul>\n<p><small>Die Veranstalter k\u00f6nnen Uhrzeiten, Verf\u00fcgbarkeit oder Zugangsbedingungen \u00e4ndern. Pr\u00fcfen Sie vor der Anreise die offiziellen Informationen.<\/small><\/p>\n<\/div><\/div><div class=\"w-separator size_medium\"><\/div><div class=\"w-hwrapper valign_top wrap stack_on_mobiles align_center\" style=\"--hwrapper-gap:1.2rem\"><div class=\"w-btn-wrapper align_none\"><a class=\"w-btn us-btn-style_1\" href=\"https:\/\/www.larinconada.es\/es\/noticias\/15493\/el-xliii-festival-de-cante-flamenco-el-bucaro-convierte-a-la-rinconada-en-referente-del-arte-jondo\"><span class=\"w-btn-label\">Offizielle Informationen ansehen<\/span><\/a><\/div><\/div><\/div><\/div><\/div><\/div><\/div><\/section><section class=\"l-section wpb_row height_huge color_alternate with_shape\"><div class=\"l-section-shape type_zigzag pos_top hor_flip\" style=\"height:3vmin;\"><svg xmlns=\"http:\/\/www.w3.org\/2000\/svg\" viewBox=\"0 0 64 8\" preserveAspectRatio=\"none\" width=\"100%\" height=\"100%\">\r\n\t<path fill=\"currentColor\" d=\"M64 8 L0 8 L0 0 L20 7.9 L40 3 L48 5 L64 0 Z\"\/>\r\n<\/svg><\/div><div class=\"l-section-shape type_zigzag pos_bottom\" style=\"height:3vmin;\"><svg xmlns=\"http:\/\/www.w3.org\/2000\/svg\" viewBox=\"0 0 64 8\" preserveAspectRatio=\"none\" width=\"100%\" height=\"100%\">\r\n\t<path fill=\"currentColor\" d=\"M64 8 L0 8 L0 0 L20 7.9 L40 3 L48 5 L64 0 Z\"\/>\r\n<\/svg><\/div><div class=\"l-section-h i-cf\"><div class=\"g-cols vc_row via_flex valign_top type_default stacking_default\"><div class=\"vc_col-sm-12 wpb_column vc_column_container\"><div class=\"vc_column-inner\"><div class=\"wpb_wrapper\"><div class=\"wpb_text_column\"><div class=\"wpb_wrapper\"><h2>Programm und K\u00fcnstler des Festivals El B\u00facaro 2026<\/h2>\n<p>Die Ausgabe 2026 ist als <strong>gro\u00dfer Flamenco-Abend an einem einzigen Abend<\/strong> konzipiert. Beginn ist um 22:00 Uhr; geboten werden Gesang, begleitende Gitarre, Solo-Gitarre und Palmas. Zum Zeitpunkt der Erstellung dieses Leitfadens hatte der Veranstalter das vollst\u00e4ndige Line-up ver\u00f6ffentlicht, jedoch <strong>keine individuelle Auftrittsreihenfolge und keine getrennten Uhrzeiten f\u00fcr die einzelnen K\u00fcnstler<\/strong>.<\/p>\n<p>Das Programm ist daher als gemeinsames Line-up zu verstehen und nicht als Reihe einzelner Sets mit eigenen Startzeiten. Folgende K\u00fcnstler sind offiziell angek\u00fcndigt.<\/p>\n<\/div><\/div><div class=\"w-separator size_medium\"><\/div><div class=\"g-cols wpb_row via_flex valign_top type_default stacking_default\"><div class=\"vc_col-sm-4 wpb_column vc_column_container\"><div class=\"vc_column-inner\"><div class=\"wpb_wrapper\"><div class=\"wpb_text_column\"><div class=\"wpb_wrapper\"><h3>Gesang<\/h3>\n<ul>\n<li><strong>El Pele<\/strong>.<\/li>\n<li><strong>Consuelo Hald\u00f3n<\/strong>.<\/li>\n<li><strong>Rubito Hijo<\/strong>.<\/li>\n<li><strong>Caracolillo de C\u00e1diz<\/strong>.<\/li>\n<li><strong>Fernando El Goyo<\/strong>.<\/li>\n<\/ul>\n<\/div><\/div><\/div><\/div><\/div><div class=\"vc_col-sm-4 wpb_column vc_column_container\"><div class=\"vc_column-inner\"><div class=\"wpb_wrapper\"><div class=\"wpb_text_column\"><div class=\"wpb_wrapper\"><h3>Gitarrenbegleitung<\/h3>\n<ul>\n<li><strong>Antonio Carri\u00f3n<\/strong>.<\/li>\n<li><strong>Ni\u00f1o Seve<\/strong>.<\/li>\n<li><strong>Manuel Herrera<\/strong>.<\/li>\n<li><strong>Juan Quir\u00f3s<\/strong>.<\/li>\n<\/ul>\n<\/div><\/div><\/div><\/div><\/div><div class=\"vc_col-sm-4 wpb_column vc_column_container\"><div class=\"vc_column-inner\"><div class=\"wpb_wrapper\"><div class=\"wpb_text_column\"><div class=\"wpb_wrapper\"><h3>Solo-Gitarre und Palmas<\/h3>\n<ul>\n<li><strong>Manuel Herrera Hijo<\/strong>, Solo-Gitarre.<\/li>\n<li><strong>Concha Carri\u00f3n<\/strong>, Palmas.<\/li>\n<li><strong>\u00c1ngel Pe\u00f1a<\/strong>, Palmas.<\/li>\n<\/ul>\n<\/div><\/div><\/div><\/div><\/div><\/div><div class=\"w-separator size_medium\"><\/div><div class=\"wpb_text_column\"><div class=\"wpb_wrapper\"><p>Die Moderation \u00fcbernimmt erneut <strong>Salvador Milla<\/strong>. Die Ausgabe ist <strong>Jafelin Helten<\/strong>, Gr\u00fcnderin von ExpoFlamenco, gewidmet \u2013 als Anerkennung f\u00fcr ihre Arbeit zur Verbreitung des Flamenco.<\/p>\n<\/div><\/div><\/div><\/div><\/div><\/div><\/div><\/section><section class=\"l-section wpb_row height_huge\"><div class=\"l-section-h i-cf\"><div class=\"g-cols vc_row via_flex valign_top type_default stacking_default\"><div class=\"vc_col-sm-6 wpb_column vc_column_container\"><div class=\"vc_column-inner\"><div class=\"wpb_wrapper\"><div class=\"wpb_text_column\"><div class=\"wpb_wrapper\"><h2>El Pele, Hauptname der 43. Ausgabe<\/h2>\n<p>Die Teilnahme von <strong>El Pele<\/strong> ist eines der wichtigsten Argumente f\u00fcr El B\u00facaro 2026. Der S\u00e4nger aus C\u00f3rdoba z\u00e4hlt zu den unverwechselbarsten Stimmen des zeitgen\u00f6ssischen Flamenco. Seine jahrzehntelange Karriere verbindet tiefes Wissen um traditionelle Formen mit gro\u00dfer Ausdrucksfreiheit und intensiver B\u00fchnenpr\u00e4senz.<\/p>\n<p>Sein Auftritt verortet das Festival in einer klar erkennbaren Tradition: ein verwurzeltes Pe\u00f1a-Festival, das zugleich gro\u00dfe Namen verpflichtet. Daneben ist das Programm so zusammengestellt, dass unterschiedliche Facetten des Flamenco-Gesangs zu h\u00f6ren sind.<\/p>\n<p><strong>Consuelo Hald\u00f3n<\/strong> steht f\u00fcr einen Werdegang, der eng mit dem traditionellen Repertoire verbunden ist; <strong>Rubito Hijo<\/strong> f\u00fchrt eine Flamenco-Familientradition fort; <strong>Caracolillo de C\u00e1diz<\/strong> bringt die Pers\u00f6nlichkeit der Ges\u00e4nge aus C\u00e1diz auf die B\u00fchne, und <strong>Fernando El Goyo<\/strong> h\u00e4lt die direkte Verbindung zur Pe\u00f1a Cultural Flamenca El B\u00facaro selbst aufrecht.<\/p>\n<p>Gerade diese Mischung aus etablierter Gr\u00f6\u00dfe, erfahrenen K\u00fcnstlern und lokaler Pr\u00e4senz geh\u00f6rt zu den Gr\u00fcnden, warum das Festival seit mehr als vier Jahrzehnten Bestand hat.<\/p>\n<\/div><\/div><\/div><\/div><\/div><div class=\"vc_col-sm-6 wpb_column vc_column_container\"><div class=\"vc_column-inner\"><div class=\"wpb_wrapper\"><div class=\"wpb_text_column\"><div class=\"wpb_wrapper\"><h2>Ein besonders starkes Gitarren-Line-up<\/h2>\n<p>Die Gitarrenbegleitung 2026 verdient besondere Aufmerksamkeit. <strong>Antonio Carri\u00f3n<\/strong>, der 2025 mit der Goldmedaille der Provinz Sevilla ausgezeichnet wurde und seit mehr als f\u00fcnf Jahrzehnten auf der B\u00fchne steht, geh\u00f6rt zu einer Gruppe von Gitarristen mit gro\u00dfer Erfahrung bei Recitals und Festivals.<\/p>\n<p>Mit ihm spielen <strong>Ni\u00f1o Seve, Manuel Herrera und Juan Quir\u00f3s<\/strong>. Zus\u00e4tzlich ist ein eigener Programmpunkt f\u00fcr die <strong>Solo-Gitarre von Manuel Herrera Hijo<\/strong> vorgesehen, der eine j\u00fcngere Generation vertritt.<\/p>\n<p>F\u00fcr Aficionados, die der Gitarre ebenso viel Aufmerksamkeit schenken wie dem Gesang, bietet El B\u00facaro damit einen zus\u00e4tzlichen Reiz: Hier geht es nicht nur um reine Begleitung, sondern um Gitarristen mit eigenem Profil und einer wichtigen Rolle im Verlauf des Abends.<\/p>\n<p>Die Palmas von <strong>Concha Carri\u00f3n und \u00c1ngel Pe\u00f1a<\/strong> vervollst\u00e4ndigen den rhythmischen Teil.<\/p>\n<\/div><\/div><\/div><\/div><\/div><\/div><\/div><\/section><section class=\"l-section wpb_row height_huge color_alternate with_shape\"><div class=\"l-section-shape type_zigzag pos_top hor_flip\" style=\"height:3vmin;\"><svg xmlns=\"http:\/\/www.w3.org\/2000\/svg\" viewBox=\"0 0 64 8\" preserveAspectRatio=\"none\" width=\"100%\" height=\"100%\">\r\n\t<path fill=\"currentColor\" d=\"M64 8 L0 8 L0 0 L20 7.9 L40 3 L48 5 L64 0 Z\"\/>\r\n<\/svg><\/div><div class=\"l-section-shape type_zigzag pos_bottom\" style=\"height:3vmin;\"><svg xmlns=\"http:\/\/www.w3.org\/2000\/svg\" viewBox=\"0 0 64 8\" preserveAspectRatio=\"none\" width=\"100%\" height=\"100%\">\r\n\t<path fill=\"currentColor\" d=\"M64 8 L0 8 L0 0 L20 7.9 L40 3 L48 5 L64 0 Z\"\/>\r\n<\/svg><\/div><div class=\"l-section-h i-cf\"><div class=\"g-cols vc_row via_flex valign_top type_default stacking_default\"><div class=\"vc_col-sm-12 wpb_column vc_column_container\"><div class=\"vc_column-inner\"><div class=\"wpb_wrapper\"><div class=\"wpb_text_column\"><div class=\"wpb_wrapper\"><h2>Tickets f\u00fcr El B\u00facaro 2026: Preis und Verkaufsstellen<\/h2>\n<p>Tickets f\u00fcr das 43. Festival de Cante Flamenco El B\u00facaro kosten einheitlich <strong>10 Euro<\/strong>. Der Vorverkauf begann am <strong>1. September<\/strong> und findet pers\u00f6nlich im <strong>Centro Cultural de La Villa<\/strong> in San Jos\u00e9 de La Rinconada statt.<\/p>\n<p>Die angek\u00fcndigten Verkaufszeiten sind <strong>10:00 bis 13:00 Uhr<\/strong>. Am Festivaltag \u00f6ffnet au\u00dferdem die Kasse der Hacienda Santa Cruz <strong>eine Stunde vor Beginn<\/strong>, also ab 21:00 Uhr, jedoch nur, wenn noch Pl\u00e4tze verf\u00fcgbar sind.<\/p>\n<p>Eine Abendkasse bedeutet daher nicht, dass Tickets am Eingang garantiert erh\u00e4ltlich sind. Bei einem Preis von 10 Euro, einem Line-up mit El Pele als Hauptname und einem Termin in einer der flamencoreichsten Wochen des Jahres in Sevilla empfehlen wir, <strong>Tickets m\u00f6glichst im Voraus zu kaufen<\/strong>.<\/p>\n<p>Das Centro Cultural de La Villa befindet sich in <strong>Vereda de Chapatales, 2, San Jos\u00e9 de La Rinconada<\/strong>. Die Stadtverwaltung nennt au\u00dferdem die Telefonnummer des Kulturbereichs, <strong>955 79 41 42<\/strong>, f\u00fcr Informationen zu ihren Kulturst\u00e4tten.<\/p>\n<\/div><\/div><\/div><\/div><\/div><\/div><\/div><\/section><section class=\"l-section wpb_row height_huge\"><div class=\"l-section-h i-cf\"><div class=\"g-cols vc_row via_flex valign_top type_default stacking_default\"><div class=\"vc_col-sm-6 wpb_column vc_column_container\"><div class=\"vc_column-inner\"><div class=\"wpb_wrapper\"><div class=\"wpb_text_column\"><div class=\"wpb_wrapper\"><h2>Veranstaltungsort: Hacienda Santa Cruz<\/h2>\n<p>Das Festival findet in der <strong>Hacienda Santa Cruz<\/strong> an der <strong>Carretera de la Estaci\u00f3n, 2<\/strong> in San Jos\u00e9 de La Rinconada statt. Der Ort geh\u00f6rt zum kommunalen Netzwerk kultureller Einrichtungen und wird erneut zum Treffpunkt f\u00fcr einen der gro\u00dfen Flamenco-Abende der Gemeinde.<\/p>\n<p>Die Wahl der Hacienda ist keineswegs nebens\u00e4chlich. El B\u00facaro geh\u00f6rt zu jener andalusischen Festivaltradition, in der Ort, n\u00e4chtliche Atmosph\u00e4re und N\u00e4he zwischen K\u00fcnstlern und Publikum ebenso zur Erfahrung geh\u00f6ren wie das Line-up selbst.<\/p>\n<p>Wer aus Sevilla anreist, sollte ausreichend Zeit einplanen. Das Festival beginnt um 22:00 Uhr; falls noch Tickets verf\u00fcgbar sind, \u00f6ffnet die Kasse eine Stunde vorher. Wer bereits eine Karte hat, kann die fr\u00fche Ankunft nutzen, um \u2013 innerhalb der \u00d6ffnungszeiten \u2013 auch die Ausstellung zu dieser Ausgabe zu besuchen.<\/p>\n<\/div><\/div><\/div><\/div><\/div><div class=\"vc_col-sm-6 wpb_column vc_column_container\"><div class=\"vc_column-inner\"><div class=\"wpb_wrapper\"><div class=\"wpb_text_column\"><div class=\"wpb_wrapper\"><h2>Anreise von Sevilla nach San Jos\u00e9 de La Rinconada<\/h2>\n<p>San Jos\u00e9 de La Rinconada geh\u00f6rt zum Gro\u00dfraum Sevilla und ist mit der <strong>Cercan\u00edas-Nahverkehrsbahn<\/strong> auf der Strecke Sevilla\u2013Lora del R\u00edo sowie mit Regionalbussen erreichbar. Bei einer Veranstaltung, die um 22:00 Uhr beginnt und sp\u00e4t enden kann, ist nicht nur die Hinfahrt wichtig, sondern vor allem, <strong>die letzte R\u00fcckverbindung zu pr\u00fcfen<\/strong>.<\/p>\n<p>Wer auf \u00f6ffentliche Verkehrsmittel angewiesen ist, sollte am 18. September selbst die aktuellen Fahrpl\u00e4ne von Renfe Cercan\u00edas und dem Consorcio de Transportes pr\u00fcfen. Die sp\u00e4ten Verbindungen passen m\u00f6glicherweise nicht zum tats\u00e4chlichen Ende eines Flamenco-Abends dieser Art.<\/p>\n<p>F\u00fcr Gruppen oder Besucher, die in Sevilla \u00fcbernachten, k\u00f6nnen Auto, Taxi oder Fahrdienst f\u00fcr die R\u00fcckfahrt bequemer sein, insbesondere wenn Sie bis zum Ende bleiben m\u00f6chten, ohne sich nach der letzten Verbindung richten zu m\u00fcssen.<\/p>\n<p>Die Hacienda Santa Cruz liegt an der Carretera de la Estaci\u00f3n, 2. Geben Sie am besten den vollst\u00e4ndigen Namen des Veranstaltungsorts oder die genaue Adresse in Ihre Navigation ein, um Verwechslungen mit anderen Orten in der Gemeinde zu vermeiden.<\/p>\n<\/div><\/div><\/div><\/div><\/div><\/div><\/div><\/section><section class=\"l-section wpb_row height_huge color_alternate with_shape\"><div class=\"l-section-shape type_zigzag pos_top hor_flip\" style=\"height:3vmin;\"><svg xmlns=\"http:\/\/www.w3.org\/2000\/svg\" viewBox=\"0 0 64 8\" preserveAspectRatio=\"none\" width=\"100%\" height=\"100%\">\r\n\t<path fill=\"currentColor\" d=\"M64 8 L0 8 L0 0 L20 7.9 L40 3 L48 5 L64 0 Z\"\/>\r\n<\/svg><\/div><div class=\"l-section-shape type_zigzag pos_bottom\" style=\"height:3vmin;\"><svg xmlns=\"http:\/\/www.w3.org\/2000\/svg\" viewBox=\"0 0 64 8\" preserveAspectRatio=\"none\" width=\"100%\" height=\"100%\">\r\n\t<path fill=\"currentColor\" d=\"M64 8 L0 8 L0 0 L20 7.9 L40 3 L48 5 L64 0 Z\"\/>\r\n<\/svg><\/div><div class=\"l-section-h i-cf\"><div class=\"g-cols vc_row via_flex valign_top type_default stacking_default\"><div class=\"vc_col-sm-12 wpb_column vc_column_container\"><div class=\"vc_column-inner\"><div class=\"wpb_wrapper\"><div class=\"wpb_text_column\"><div class=\"wpb_wrapper\"><h2>\u201eDame el B\u00facaro\u201c: zeitgen\u00f6ssische Kunst und Flamenco rund um das Festival<\/h2>\n<p>Eine der interessantesten Neuerungen der 43. Ausgabe ist <strong>\u201eDame el B\u00facaro\u201c<\/strong>, ein Projekt der Stadt La Rinconada in Zusammenarbeit mit der Pe\u00f1a Cultural Flamenca El B\u00facaro. Daf\u00fcr wurden <strong>50 zeitgen\u00f6ssische K\u00fcnstler<\/strong> eingeladen, f\u00fcnfzig wei\u00dfe Tongef\u00e4\u00dfe \u2013 b\u00facaros \u2013 zu gestalten und sich dabei von der Welt der Flamenco-Texte inspirieren zu lassen.<\/p>\n<p>Das Ergebnis wird als Ausstellung in der <strong>Hacienda Santa Cruz<\/strong> pr\u00e4sentiert und kann <strong>bis zum 20. September 2026<\/strong> besucht werden. Die Idee verbindet drei Ausdrucksformen, die bei einem Festival f\u00fcr Flamenco-Gesang nur selten gemeinsam auftreten: die materielle Tradition des b\u00facaro, die Literatur der Flamenco-Coplas und zeitgen\u00f6ssische bildende Kunst.<\/p>\n<p>Das Siegerwerk der ersten Ausgabe des Projekts hei\u00dft <strong>\u201eOjos Verdes\u201c<\/strong> und stammt von der aus Mor\u00f3n kommenden K\u00fcnstlerin <strong>Marina Ortiz<\/strong>. Dieses Werk wurde zum <strong>offiziellen Motiv des Plakats des 43. Festivals<\/strong>. Zus\u00e4tzlich wurden die zw\u00f6lf bestbewerteten Arbeiten den zw\u00f6lf auf dem Festivalplakat angek\u00fcndigten K\u00fcnstlern zugeordnet, sodass eine eigene visuelle Kollektion f\u00fcr diese Ausgabe entstand.<\/p>\n<p>Wer eigens f\u00fcr El B\u00facaro anreist, sollte die \u00d6ffnungszeiten der Ausstellung pr\u00fcfen und den Besuch als mehr als nur einen einzelnen Flamenco-Abend planen.<\/p>\n<\/div><\/div><\/div><\/div><\/div><\/div><\/div><\/section><section class=\"l-section wpb_row height_huge\"><div class=\"l-section-h i-cf\"><div class=\"g-cols vc_row via_flex valign_top type_default stacking_default\"><div class=\"vc_col-sm-6 wpb_column vc_column_container\"><div class=\"vc_column-inner\"><div class=\"wpb_wrapper\"><div class=\"wpb_text_column\"><div class=\"wpb_wrapper\"><h2>Ein Pe\u00f1a-Festival mit 43 Ausgaben Kontinuit\u00e4t<\/h2>\n<p>Das Festival de Cante Flamenco El B\u00facaro wird von der <strong>Pe\u00f1a Cultural Flamenca El B\u00facaro<\/strong> mit Unterst\u00fctzung der Stadt La Rinconada organisiert. Mit 43 Ausgaben geh\u00f6rt die Veranstaltung zu den etablierten Festivals der Provinz Sevilla und zeigt, welche Rolle Pe\u00f1as weiterhin dabei spielen, stabile Auftrittsm\u00f6glichkeiten f\u00fcr Flamenco-Gesang zu erhalten.<\/p>\n<p>Die Philosophie des Veranstalters verbindet drei Elemente: <strong>k\u00fcnstlerische Qualit\u00e4t, Schutz des Flamenco und Weitergabe an neue Generationen<\/strong>. Das Line-up 2026 entspricht diesem Ansatz: eine Referenzfigur wie El Pele, K\u00fcnstler verschiedener Herkunft und Generationen, lokale Pr\u00e4senz und ein sorgf\u00e4ltig zusammengestellter Gitarrenbereich.<\/p>\n<p>Das Festival erinnert au\u00dferdem daran, dass ein gro\u00dfer Teil des andalusischen Flamenco-Lebens au\u00dferhalb der gro\u00dfen Theater stattfindet. Pe\u00f1as, lokale Festivals und regionale Reihen bilden ein wichtiges Netzwerk f\u00fcr den direkten Kontakt zwischen Aficionados und K\u00fcnstlern.<\/p>\n<p>Bei Tablaos Flamencos verfolgen wir au\u00dferdem den <a href=\"https:\/\/www.tablaosflamencos.com\/circuito-andaluz-penas-flamencas-2026.html\">Andalusischen Pe\u00f1a-Zyklus 2026<\/a>, der in diesem Jahr 225 kostenlose Recitals in ganz Andalusien umfasst.<\/p>\n<\/div><\/div><\/div><\/div><\/div><div class=\"vc_col-sm-6 wpb_column vc_column_container\"><div class=\"vc_column-inner\"><div class=\"wpb_wrapper\"><div class=\"wpb_text_column\"><div class=\"wpb_wrapper\"><h2>El B\u00facaro und die Flamenco-Biennale: zwei M\u00f6glichkeiten am 18. September<\/h2>\n<p>Der Termin ist besonders interessant f\u00fcr alle, die im September in Sevilla sind: <strong>El B\u00facaro findet mitten w\u00e4hrend der 24. Flamenco-Biennale von Sevilla statt<\/strong>. Der 18. September liegt in einer der intensivsten Programmwochen der Hauptstadt, sodass der Abend in La Rinconada eine Alternative oder Erg\u00e4nzung f\u00fcr Aficionados bietet, die das Zentrum von Sevilla verlassen und eine andere Flamenco-Atmosph\u00e4re erleben m\u00f6chten.<\/p>\n<p>Die beiden Erfahrungen sind nicht gleich. Die Biennale bietet gro\u00dfe B\u00fchnenproduktionen, Premieren und Theater unterschiedlicher Gr\u00f6\u00dfe. El B\u00facaro folgt der Logik eines Pe\u00f1a-Festivals: ein langer Abend, ein gemeinsames Line-up, viel Gewicht auf Gesang und Gitarre und ein direkterer Kontakt mit der Tradition lokaler Festivals.<\/p>\n<p>Wenn Sie diese Tage planen, finden Sie in unserem Leitfaden <a href=\"https:\/\/www.tablaosflamencos.com\/que-ver-bienal-flamenco-sevilla-14-20-septiembre-2026.html\">Was Sie bei der Biennale vom 14. bis 20. September 2026 sehen k\u00f6nnen<\/a> einen \u00dcberblick zum Vergleich mit dem Programm in Sevilla.<\/p>\n<p>Au\u00dferdem haben wir in <a href=\"https:\/\/www.tablaosflamencos.com\/flamenco-sevilla-bienal-2026-espectaculos-fuera-programacion-oficial.html\">Flamenco in Sevilla w\u00e4hrend der Biennale: Shows au\u00dferhalb des offiziellen Programms<\/a> weitere M\u00f6glichkeiten zusammengestellt.<\/p>\n<\/div><\/div><\/div><\/div><\/div><\/div><\/div><\/section><section class=\"l-section wpb_row height_huge color_alternate with_shape\"><div class=\"l-section-shape type_zigzag pos_top hor_flip\" style=\"height:3vmin;\"><svg xmlns=\"http:\/\/www.w3.org\/2000\/svg\" viewBox=\"0 0 64 8\" preserveAspectRatio=\"none\" width=\"100%\" height=\"100%\">\r\n\t<path fill=\"currentColor\" d=\"M64 8 L0 8 L0 0 L20 7.9 L40 3 L48 5 L64 0 Z\"\/>\r\n<\/svg><\/div><div class=\"l-section-shape type_zigzag pos_bottom\" style=\"height:3vmin;\"><svg xmlns=\"http:\/\/www.w3.org\/2000\/svg\" viewBox=\"0 0 64 8\" preserveAspectRatio=\"none\" width=\"100%\" height=\"100%\">\r\n\t<path fill=\"currentColor\" d=\"M64 8 L0 8 L0 0 L20 7.9 L40 3 L48 5 L64 0 Z\"\/>\r\n<\/svg><\/div><div class=\"l-section-h i-cf\"><div class=\"g-cols vc_row via_flex valign_top type_default stacking_default\"><div class=\"vc_col-sm-12 wpb_column vc_column_container\"><div class=\"vc_column-inner\"><div class=\"wpb_wrapper\"><div class=\"wpb_text_column\"><div class=\"wpb_wrapper\"><h2>Unsere Empfehlung f\u00fcr das Festival El B\u00facaro 2026<\/h2>\n<p>Wenn Ihr Hauptziel der Flamenco-Gesang ist, <strong>geh\u00f6rt El B\u00facaro am 18. September zu den interessantesten Veranstaltungen im Raum Sevilla<\/strong>. Das Programm folgt einer sehr flamencotypischen Logik: f\u00fcnf S\u00e4nger mit unterschiedlichen Profilen, vier begleitende Gitarristen, Solo-Gitarre und ein Palmas-Team, das den Abend erg\u00e4nzt, ohne das Festival in eine Folge gro\u00dfer Produktionen zu verwandeln.<\/p>\n<p>Wir empfehlen die Veranstaltung besonders Besuchern, die das Tablao- oder Theaterformat bereits kennen und die Atmosph\u00e4re eines traditionellen Provinzfestivals erleben m\u00f6chten. Auch f\u00fcr Gitarrenfans ist der Abend dank Antonio Carri\u00f3n, Manuel Herrera, Ni\u00f1o Seve, Juan Quir\u00f3s und Manuel Herrera Hijo besonders interessant.<\/p>\n<p>Drei praktische Tipps k\u00f6nnen den Unterschied machen:<\/p>\n<ul>\n<li><strong>Kaufen Sie Ihr Ticket m\u00f6glichst vor dem 18.<\/strong>, wenn Sie zum Centro Cultural de La Villa kommen k\u00f6nnen.<\/li>\n<li><strong>Planen Sie die R\u00fcckfahrt, bevor Sie Sevilla verlassen<\/strong>, wenn Sie \u00f6ffentliche Verkehrsmittel nutzen.<\/li>\n<li><strong>Kommen Sie rechtzeitig<\/strong> und pr\u00fcfen Sie die \u00d6ffnungszeiten von \u201eDame el B\u00facaro\u201c, wenn Sie die Ausstellung in Ihren Besuch einbeziehen m\u00f6chten.<\/li>\n<\/ul>\n<p>Wenn Sie kein Ticket bekommen, lieber in Sevilla bleiben oder Ihre Reise um einen weiteren Flamenco-Abend erg\u00e4nzen m\u00f6chten, k\u00f6nnen Sie die verf\u00fcgbaren Tablao-Shows in der Stadt vergleichen.<\/p>\n<\/div><\/div><div class=\"w-separator size_medium\"><\/div><div class=\"w-hwrapper valign_top wrap stack_on_mobiles align_center\" style=\"--hwrapper-gap:1.2rem\"><div class=\"w-btn-wrapper align_none\"><a class=\"w-btn us-btn-style_1\" href=\"https:\/\/www.tablaosflamencos.com\/de\/flamenco-in-sevilla\"><span class=\"w-btn-label\">Flamenco-Shows in Sevilla ansehen<\/span><\/a><\/div><\/div><\/div><\/div><\/div><\/div><\/div><\/section><section class=\"l-section wpb_row height_huge\"><div class=\"l-section-h i-cf\"><div class=\"g-cols vc_row via_flex valign_top type_default stacking_default\"><div class=\"vc_col-sm-1\/5 wpb_column vc_column_container\"><div class=\"vc_column-inner\"><div class=\"wpb_wrapper\"><\/div><\/div><\/div><div class=\"vc_col-sm-3\/5 wpb_column vc_column_container\"><div class=\"vc_column-inner\"><div class=\"wpb_wrapper\"><div class=\"wpb_text_column\"><div class=\"wpb_wrapper\"><h2>H\u00e4ufige Fragen zum Festival El B\u00facaro 2026<\/h2>\n<\/div><\/div><div class=\"w-separator size_medium\"><\/div><div class=\"w-tabs accordion toggle_style_1 has_scrolling\" style=\"--sections-title-size:inherit;--sections-gap:0.5rem;\"><div class=\"w-tabs-sections titles-align_none icon_plus cpos_left\"><div class=\"w-tabs-section\" id=\"c6a4\" itemscope itemprop=\"mainEntity\" itemtype=\"https:\/\/schema.org\/Question\"><button type=\"button\" class=\"w-tabs-section-header\" aria-controls=\"content-c6a4\" aria-expanded=\"false\"><h3 class=\"w-tabs-section-title\" itemprop=\"name\">Wann findet das Festival El B\u00facaro 2026 statt?<\/h3><div class=\"w-tabs-section-control\"><\/div><\/button><div  class=\"w-tabs-section-content\" id=\"content-c6a4\" itemscope itemprop=\"acceptedAnswer\" itemtype=\"https:\/\/schema.org\/Answer\"><div class=\"w-tabs-section-content-h i-cf\" itemprop=\"text\"><div class=\"wpb_text_column\"><div class=\"wpb_wrapper\"><p>Das 43. Festival de Cante Flamenco El B\u00facaro findet am Freitag, 18. September 2026, statt. Beginn ist um 22:00 Uhr.<\/p>\n<\/div><\/div><\/div><\/div><\/div><div class=\"w-tabs-section\" id=\"j7da\" itemscope itemprop=\"mainEntity\" itemtype=\"https:\/\/schema.org\/Question\"><button type=\"button\" class=\"w-tabs-section-header\" aria-controls=\"content-j7da\" aria-expanded=\"false\"><h3 class=\"w-tabs-section-title\" itemprop=\"name\">Wo findet El B\u00facaro 2026 statt?<\/h3><div class=\"w-tabs-section-control\"><\/div><\/button><div  class=\"w-tabs-section-content\" id=\"content-j7da\" itemscope itemprop=\"acceptedAnswer\" itemtype=\"https:\/\/schema.org\/Answer\"><div class=\"w-tabs-section-content-h i-cf\" itemprop=\"text\"><div class=\"wpb_text_column\"><div class=\"wpb_wrapper\"><p>Das Festival findet in der Hacienda Santa Cruz, Carretera de la Estaci\u00f3n, 2, in San Jos\u00e9 de La Rinconada, Gemeinde La Rinconada, Sevilla, statt.<\/p>\n<\/div><\/div><\/div><\/div><\/div><div class=\"w-tabs-section\" id=\"h8d0\" itemscope itemprop=\"mainEntity\" itemtype=\"https:\/\/schema.org\/Question\"><button type=\"button\" class=\"w-tabs-section-header\" aria-controls=\"content-h8d0\" aria-expanded=\"false\"><h3 class=\"w-tabs-section-title\" itemprop=\"name\">Wer tritt beim Festival El B\u00facaro 2026 auf?<\/h3><div class=\"w-tabs-section-control\"><\/div><\/button><div  class=\"w-tabs-section-content\" id=\"content-h8d0\" itemscope itemprop=\"acceptedAnswer\" itemtype=\"https:\/\/schema.org\/Answer\"><div class=\"w-tabs-section-content-h i-cf\" itemprop=\"text\"><div class=\"wpb_text_column\"><div class=\"wpb_wrapper\"><p>Als S\u00e4nger sind El Pele, Consuelo Hald\u00f3n, Rubito Hijo, Caracolillo de C\u00e1diz und Fernando El Goyo angek\u00fcndigt. An der Gitarre spielen Antonio Carri\u00f3n, Ni\u00f1o Seve, Manuel Herrera und Juan Quir\u00f3s. Manuel Herrera Hijo \u00fcbernimmt die Solo-Gitarre, Concha Carri\u00f3n und \u00c1ngel Pe\u00f1a die Palmas.<\/p>\n<\/div><\/div><\/div><\/div><\/div><div class=\"w-tabs-section\" id=\"k9a4\" itemscope itemprop=\"mainEntity\" itemtype=\"https:\/\/schema.org\/Question\"><button type=\"button\" class=\"w-tabs-section-header\" aria-controls=\"content-k9a4\" aria-expanded=\"false\"><h3 class=\"w-tabs-section-title\" itemprop=\"name\">Wie viel kosten Tickets f\u00fcr El B\u00facaro 2026?<\/h3><div class=\"w-tabs-section-control\"><\/div><\/button><div  class=\"w-tabs-section-content\" id=\"content-k9a4\" itemscope itemprop=\"acceptedAnswer\" itemtype=\"https:\/\/schema.org\/Answer\"><div class=\"w-tabs-section-content-h i-cf\" itemprop=\"text\"><div class=\"wpb_text_column\"><div class=\"wpb_wrapper\"><p>Ein Ticket kostet 10 Euro. Der Vorverkauf findet im Centro Cultural de La Villa von 10:00 bis 13:00 Uhr statt.<\/p>\n<\/div><\/div><\/div><\/div><\/div><div class=\"w-tabs-section\" id=\"fa7b\" itemscope itemprop=\"mainEntity\" itemtype=\"https:\/\/schema.org\/Question\"><button type=\"button\" class=\"w-tabs-section-header\" aria-controls=\"content-fa7b\" aria-expanded=\"false\"><h3 class=\"w-tabs-section-title\" itemprop=\"name\">Kann man am Festivaltag noch Tickets kaufen?<\/h3><div class=\"w-tabs-section-control\"><\/div><\/button><div  class=\"w-tabs-section-content\" id=\"content-fa7b\" itemscope itemprop=\"acceptedAnswer\" itemtype=\"https:\/\/schema.org\/Answer\"><div class=\"w-tabs-section-content-h i-cf\" itemprop=\"text\"><div class=\"wpb_text_column\"><div class=\"wpb_wrapper\"><p>Ja, sofern noch Pl\u00e4tze verf\u00fcgbar sind. Die Kasse der Hacienda Santa Cruz \u00f6ffnet eine Stunde vor Beginn, ab 21:00 Uhr. Daher empfiehlt sich nach M\u00f6glichkeit der Vorverkauf.<\/p>\n<\/div><\/div><\/div><\/div><\/div><div class=\"w-tabs-section\" id=\"qb5e\" itemscope itemprop=\"mainEntity\" itemtype=\"https:\/\/schema.org\/Question\"><button type=\"button\" class=\"w-tabs-section-header\" aria-controls=\"content-qb5e\" aria-expanded=\"false\"><h3 class=\"w-tabs-section-title\" itemprop=\"name\">Gibt es einen Zeitplan f\u00fcr die einzelnen K\u00fcnstler?<\/h3><div class=\"w-tabs-section-control\"><\/div><\/button><div  class=\"w-tabs-section-content\" id=\"content-qb5e\" itemscope itemprop=\"acceptedAnswer\" itemtype=\"https:\/\/schema.org\/Answer\"><div class=\"w-tabs-section-content-h i-cf\" itemprop=\"text\"><div class=\"wpb_text_column\"><div class=\"wpb_wrapper\"><p>F\u00fcr die einzelnen K\u00fcnstler wurde kein separater Zeitplan ver\u00f6ffentlicht. Das offizielle Programm nennt 22:00 Uhr als allgemeinen Beginn und pr\u00e4sentiert das vollst\u00e4ndige Line-up des Abends, ohne eine st\u00fcndliche Auftrittsreihenfolge anzugeben.<\/p>\n<\/div><\/div><\/div><\/div><\/div><div class=\"w-tabs-section\" id=\"jc29\" itemscope itemprop=\"mainEntity\" itemtype=\"https:\/\/schema.org\/Question\"><button type=\"button\" class=\"w-tabs-section-header\" aria-controls=\"content-jc29\" aria-expanded=\"false\"><h3 class=\"w-tabs-section-title\" itemprop=\"name\">Was ist Dame el B\u00facaro?<\/h3><div class=\"w-tabs-section-control\"><\/div><\/button><div  class=\"w-tabs-section-content\" id=\"content-jc29\" itemscope itemprop=\"acceptedAnswer\" itemtype=\"https:\/\/schema.org\/Answer\"><div class=\"w-tabs-section-content-h i-cf\" itemprop=\"text\"><div class=\"wpb_text_column\"><div class=\"wpb_wrapper\"><p>Es ist ein Kunstprojekt zur 43. Festivalausgabe, bei dem 50 Ton-B\u00facaros von 50 zeitgen\u00f6ssischen K\u00fcnstlern auf Grundlage von Flamenco-Texten gestaltet wurden. Laut den kommunalen Informationen ist die Ausstellung bis zum 20. September 2026 in der Hacienda Santa Cruz zu sehen.<\/p>\n<\/div><\/div><\/div><\/div><\/div><div class=\"w-tabs-section\" id=\"ncec\" itemscope itemprop=\"mainEntity\" itemtype=\"https:\/\/schema.org\/Question\"><button type=\"button\" class=\"w-tabs-section-header\" aria-controls=\"content-ncec\" aria-expanded=\"false\"><h3 class=\"w-tabs-section-title\" itemprop=\"name\">Kann man von Sevilla mit \u00f6ffentlichen Verkehrsmitteln anreisen?<\/h3><div class=\"w-tabs-section-control\"><\/div><\/button><div  class=\"w-tabs-section-content\" id=\"content-ncec\" itemscope itemprop=\"acceptedAnswer\" itemtype=\"https:\/\/schema.org\/Answer\"><div class=\"w-tabs-section-content-h i-cf\" itemprop=\"text\"><div class=\"wpb_text_column\"><div class=\"wpb_wrapper\"><p>Ja. San Jos\u00e9 de La Rinconada ist \u00fcber Cercan\u00edas auf der Strecke Sevilla\u2013Lora del R\u00edo und mit Regionalbussen angebunden. Da das Festival um 22:00 Uhr beginnt und sp\u00e4t enden kann, sollten Sie besonders die letzten R\u00fcckverbindungen am 18. September pr\u00fcfen.<\/p>\n<\/div><\/div><\/div><\/div><\/div><\/div><\/div><\/div><\/div><\/div><div class=\"vc_col-sm-1\/5 wpb_column vc_column_container\"><div class=\"vc_column-inner\"><div class=\"wpb_wrapper\"><\/div><\/div><\/div><\/div><\/div><\/section><section class=\"l-section wpb_row height_huge color_alternate with_shape\"><div class=\"l-section-shape type_zigzag pos_top hor_flip\" style=\"height:3vmin;\"><svg xmlns=\"http:\/\/www.w3.org\/2000\/svg\" viewBox=\"0 0 64 8\" preserveAspectRatio=\"none\" width=\"100%\" height=\"100%\">\r\n\t<path fill=\"currentColor\" d=\"M64 8 L0 8 L0 0 L20 7.9 L40 3 L48 5 L64 0 Z\"\/>\r\n<\/svg><\/div><div class=\"l-section-shape type_zigzag pos_bottom\" style=\"height:3vmin;\"><svg xmlns=\"http:\/\/www.w3.org\/2000\/svg\" viewBox=\"0 0 64 8\" preserveAspectRatio=\"none\" width=\"100%\" height=\"100%\">\r\n\t<path fill=\"currentColor\" d=\"M64 8 L0 8 L0 0 L20 7.9 L40 3 L48 5 L64 0 Z\"\/>\r\n<\/svg><\/div><div class=\"l-section-h i-cf\"><div class=\"g-cols vc_row via_flex valign_top type_default stacking_default\"><div class=\"vc_col-sm-12 wpb_column vc_column_container\"><div class=\"vc_column-inner\"><div class=\"wpb_wrapper\"><div class=\"wpb_text_column\"><div class=\"wpb_wrapper\"><h2>Quellen und Aktualisierung<\/h2>\n<p>F\u00fcr diesen Leitfaden haben wir die verf\u00fcgbaren kommunalen und touristischen Informationen zur Ausgabe 2026 abgeglichen und offiziellen Quellen Vorrang gegeben.<\/p>\n<ul>\n<li><a href=\"https:\/\/www.larinconada.es\/es\/noticias\/15493\/el-xliii-festival-de-cante-flamenco-el-bucaro-convierte-a-la-rinconada-en-referente-del-arte-jondo\" target=\"_blank\" rel=\"noopener\">Stadt La Rinconada \u2014 offizielle Vorstellung des 43. Festivals El B\u00facaro<\/a>.<\/li>\n<li><a href=\"https:\/\/www.larinconada.es\/es\/noticias\/15541\/50-bucaros-intervenidos-por-medio-centenar-de-artistas-se-reunen-en-una-exposicion-en-la-hacienda-santa-cruz\" target=\"_blank\" rel=\"noopener\">Stadt La Rinconada \u2014 Ausstellung \u201eDame el B\u00facaro\u201c<\/a>.<\/li>\n<li><a href=\"https:\/\/www.turismosevilla.org\/es\/eventos-y-fiestas\/xliii-festival-flamenco-el-bucaro\" target=\"_blank\" rel=\"noopener\">Tourismus der Provinz Sevilla \u2014 43. Flamenco-Festival El B\u00facaro<\/a>.<\/li>\n<li><a href=\"https:\/\/www.juntadeandalucia.es\/cultura\/agendaculturaldeandalucia\/espacios\/hacienda-santa-cruz-san-jose-de-la-rinconada\" target=\"_blank\" rel=\"noopener\">Kulturagenda Andalusiens \u2014 Hacienda Santa Cruz<\/a>.<\/li>\n<\/ul>\n<p><small>Informationen gepr\u00fcft am 5. September 2026. Ticketverf\u00fcgbarkeit, Uhrzeiten, Auftrittsreihenfolge und Zugangsbedingungen k\u00f6nnen sich \u00e4ndern. Pr\u00fcfen Sie vor der Anreise stets die offiziellen Kan\u00e4le.<\/small><\/p>\n<\/div><\/div><\/div><\/div><\/div><\/div><\/div><\/section>\n","protected":false},"excerpt":{"rendered":"<p>Guide zum Festival El B\u00facaro 2026 in La Rinconada: Datum, Uhrzeit, K\u00fcnstler, Tickets, Programm, Hacienda Santa Cruz, Anreise ab Sevilla und Ausstellung Dame el B\u00facaro.<\/p>\n","protected":false},"author":1,"featured_media":14943,"comment_status":"closed","ping_status":"closed","sticky":false,"template":"","format":"standard","meta":{"_acf_changed":false,"wpai_generated_summary":"","_ayudawp_aiss_exclude":false,"_ayudawp_aiss_exclude_summary":false,"_ayudawp_aiss_summary":"","_ayudawp_aiss_summary_provider":"","_ayudawp_aiss_summary_hash":"","footnotes":""},"categories":[1669],"tags":[1247,1166,1412,1725,1940],"class_list":["post-15019","post","type-post","status-publish","format-standard","has-post-thumbnail","hentry","category-flamenco-festivals","tag-festivales-flamencos","tag-flamenco-en-sevilla","tag-flamenco-gesang","tag-flamenco-kuenstler","tag-flamenco-penas-de"],"acf":[],"yoast_head":"<!-- This site is optimized with the Yoast SEO Premium plugin v28.4 (Yoast SEO v28.4) - https:\/\/yoast.com\/product\/yoast-seo-premium-wordpress\/ -->\n<title>Festival El B\u00facaro 2026: Programm, K\u00fcnstler und Tickets<\/title>\n<meta name=\"description\" content=\"Festival El B\u00facaro 2026 in La Rinconada: Datum, Uhrzeit, komplettes Programm, Tickets f\u00fcr 10 \u20ac, Hacienda Santa Cruz, Anreise und Dame el B\u00facaro.\" \/>\n<meta name=\"robots\" content=\"index, follow, max-snippet:-1, max-image-preview:large, max-video-preview:-1\" \/>\n<link rel=\"canonical\" href=\"https:\/\/www.tablaosflamencos.com\/de\/festival-el-bucaro-2026-programm-kuenstler-datum-tickets.html\" \/>\n<meta property=\"og:locale\" content=\"de_DE\" \/>\n<meta property=\"og:type\" content=\"article\" \/>\n<meta property=\"og:title\" content=\"Festival El B\u00facaro 2026: Programm, K\u00fcnstler, Datum und alles Wissenswerte\" \/>\n<meta property=\"og:description\" content=\"Festival El B\u00facaro 2026 in La Rinconada: Datum, Uhrzeit, komplettes Programm, Tickets f\u00fcr 10 \u20ac, Hacienda Santa Cruz, Anreise und Dame el B\u00facaro.\" \/>\n<meta property=\"og:url\" content=\"https:\/\/www.tablaosflamencos.com\/de\/festival-el-bucaro-2026-programm-kuenstler-datum-tickets.html\" \/>\n<meta property=\"og:site_name\" content=\"Tablaos Flamencos\" \/>\n<meta property=\"article:publisher\" content=\"https:\/\/www.facebook.com\/tablaosflamencos\" \/>\n<meta property=\"article:published_time\" content=\"2026-09-06T14:15:05+00:00\" \/>\n<meta property=\"article:modified_time\" content=\"2026-09-06T17:44:46+00:00\" \/>\n<meta property=\"og:image\" content=\"https:\/\/www.tablaosflamencos.com\/wp-content\/uploads\/festival-el-bucaro-2026-programa-artistas-fecha-y-todo-lo-que-necesitas-saber-01.webp\" \/>\n\t<meta property=\"og:image:width\" content=\"1536\" \/>\n\t<meta property=\"og:image:height\" content=\"1024\" \/>\n\t<meta property=\"og:image:type\" content=\"image\/webp\" \/>\n<meta name=\"author\" content=\"Miguel Ortiz\" \/>\n<meta name=\"twitter:card\" content=\"summary_large_image\" \/>\n<meta name=\"twitter:creator\" content=\"@tablaosflamenco\" \/>\n<meta name=\"twitter:site\" content=\"@tablaosflamenco\" \/>\n<meta name=\"twitter:label1\" content=\"Verfasst von\" \/>\n\t<meta name=\"twitter:data1\" content=\"Miguel Ortiz\" \/>\n\t<meta name=\"twitter:label2\" content=\"Gesch\u00e4tzte Lesezeit\" \/>\n\t<meta name=\"twitter:data2\" content=\"15\u00a0Minuten\" \/>\n<script type=\"application\/ld+json\" class=\"yoast-schema-graph\">{\"@context\":\"https:\\\/\\\/schema.org\",\"@graph\":[{\"@type\":\"Article\",\"@id\":\"https:\\\/\\\/www.tablaosflamencos.com\\\/de\\\/festival-el-bucaro-2026-programm-kuenstler-datum-tickets.html#article\",\"isPartOf\":{\"@id\":\"https:\\\/\\\/www.tablaosflamencos.com\\\/de\\\/festival-el-bucaro-2026-programm-kuenstler-datum-tickets.html\"},\"author\":{\"name\":\"Miguel Ortiz\",\"@id\":\"https:\\\/\\\/www.tablaosflamencos.com\\\/de#\\\/schema\\\/person\\\/e7a9ebe14eb75a52ceabfbffb3c54f5d\"},\"headline\":\"Festival El B\u00facaro 2026: Programm, K\u00fcnstler, Datum und alles Wissenswerte\",\"datePublished\":\"2026-09-06T14:15:05+00:00\",\"dateModified\":\"2026-09-06T17:44:46+00:00\",\"mainEntityOfPage\":{\"@id\":\"https:\\\/\\\/www.tablaosflamencos.com\\\/de\\\/festival-el-bucaro-2026-programm-kuenstler-datum-tickets.html\"},\"wordCount\":3083,\"publisher\":{\"@id\":\"https:\\\/\\\/www.tablaosflamencos.com\\\/de#organization\"},\"image\":{\"@id\":\"https:\\\/\\\/www.tablaosflamencos.com\\\/de\\\/festival-el-bucaro-2026-programm-kuenstler-datum-tickets.html#primaryimage\"},\"thumbnailUrl\":\"https:\\\/\\\/www.tablaosflamencos.com\\\/wp-content\\\/uploads\\\/festival-el-bucaro-2026-programa-artistas-fecha-y-todo-lo-que-necesitas-saber-01.webp\",\"keywords\":[\"festivales flamencos\",\"flamenco en Sevilla\",\"Flamenco-Gesang\",\"Flamenco-K\u00fcnstler\",\"Flamenco-Pe\u00f1as\"],\"articleSection\":[\"Flamenco-Festivals\"],\"inLanguage\":\"de\"},{\"@type\":\"WebPage\",\"@id\":\"https:\\\/\\\/www.tablaosflamencos.com\\\/de\\\/festival-el-bucaro-2026-programm-kuenstler-datum-tickets.html\",\"url\":\"https:\\\/\\\/www.tablaosflamencos.com\\\/de\\\/festival-el-bucaro-2026-programm-kuenstler-datum-tickets.html\",\"name\":\"Festival El B\u00facaro 2026: Programm, K\u00fcnstler und Tickets\",\"isPartOf\":{\"@id\":\"https:\\\/\\\/www.tablaosflamencos.com\\\/de#website\"},\"primaryImageOfPage\":{\"@id\":\"https:\\\/\\\/www.tablaosflamencos.com\\\/de\\\/festival-el-bucaro-2026-programm-kuenstler-datum-tickets.html#primaryimage\"},\"image\":{\"@id\":\"https:\\\/\\\/www.tablaosflamencos.com\\\/de\\\/festival-el-bucaro-2026-programm-kuenstler-datum-tickets.html#primaryimage\"},\"thumbnailUrl\":\"https:\\\/\\\/www.tablaosflamencos.com\\\/wp-content\\\/uploads\\\/festival-el-bucaro-2026-programa-artistas-fecha-y-todo-lo-que-necesitas-saber-01.webp\",\"datePublished\":\"2026-09-06T14:15:05+00:00\",\"dateModified\":\"2026-09-06T17:44:46+00:00\",\"description\":\"Festival El B\u00facaro 2026 in La Rinconada: Datum, Uhrzeit, komplettes Programm, Tickets f\u00fcr 10 \u20ac, Hacienda Santa Cruz, Anreise und Dame el B\u00facaro.\",\"breadcrumb\":{\"@id\":\"https:\\\/\\\/www.tablaosflamencos.com\\\/de\\\/festival-el-bucaro-2026-programm-kuenstler-datum-tickets.html#breadcrumb\"},\"inLanguage\":\"de\",\"potentialAction\":[{\"@type\":\"ReadAction\",\"target\":[\"https:\\\/\\\/www.tablaosflamencos.com\\\/de\\\/festival-el-bucaro-2026-programm-kuenstler-datum-tickets.html\"]}]},{\"@type\":\"ImageObject\",\"inLanguage\":\"de\",\"@id\":\"https:\\\/\\\/www.tablaosflamencos.com\\\/de\\\/festival-el-bucaro-2026-programm-kuenstler-datum-tickets.html#primaryimage\",\"url\":\"https:\\\/\\\/www.tablaosflamencos.com\\\/wp-content\\\/uploads\\\/festival-el-bucaro-2026-programa-artistas-fecha-y-todo-lo-que-necesitas-saber-01.webp\",\"contentUrl\":\"https:\\\/\\\/www.tablaosflamencos.com\\\/wp-content\\\/uploads\\\/festival-el-bucaro-2026-programa-artistas-fecha-y-todo-lo-que-necesitas-saber-01.webp\",\"width\":1536,\"height\":1024,\"caption\":\"Festival El B\u00facaro 2026: programa, artistas, fecha y todo lo que necesitas saber\"},{\"@type\":\"BreadcrumbList\",\"@id\":\"https:\\\/\\\/www.tablaosflamencos.com\\\/de\\\/festival-el-bucaro-2026-programm-kuenstler-datum-tickets.html#breadcrumb\",\"itemListElement\":[{\"@type\":\"ListItem\",\"position\":1,\"name\":\"Home\",\"item\":\"https:\\\/\\\/www.tablaosflamencos.com\\\/de\"},{\"@type\":\"ListItem\",\"position\":2,\"name\":\"Festival El B\u00facaro 2026: Programm, K\u00fcnstler, Datum und alles Wissenswerte\"}]},{\"@type\":\"WebSite\",\"@id\":\"https:\\\/\\\/www.tablaosflamencos.com\\\/de#website\",\"url\":\"https:\\\/\\\/www.tablaosflamencos.com\\\/de\",\"name\":\"Tablaos Flamencos\",\"description\":\"Entradas para tablaos flamencos de Espa\u00f1a\",\"publisher\":{\"@id\":\"https:\\\/\\\/www.tablaosflamencos.com\\\/de#organization\"},\"alternateName\":\"Tablaos Flamencos\",\"potentialAction\":[{\"@type\":\"SearchAction\",\"target\":{\"@type\":\"EntryPoint\",\"urlTemplate\":\"https:\\\/\\\/www.tablaosflamencos.com\\\/de?s={search_term_string}\"},\"query-input\":{\"@type\":\"PropertyValueSpecification\",\"valueRequired\":true,\"valueName\":\"search_term_string\"}}],\"inLanguage\":\"de\"},{\"@type\":[\"Organization\",\"Place\",\"EntertainmentBusiness\"],\"@id\":\"https:\\\/\\\/www.tablaosflamencos.com\\\/de#organization\",\"name\":\"Tablaos Flamencos\",\"alternateName\":\"Tablaos Flamencos\",\"url\":\"https:\\\/\\\/www.tablaosflamencos.com\\\/de\",\"logo\":{\"@id\":\"https:\\\/\\\/www.tablaosflamencos.com\\\/de\\\/festival-el-bucaro-2026-programm-kuenstler-datum-tickets.html#local-main-organization-logo\"},\"image\":{\"@id\":\"https:\\\/\\\/www.tablaosflamencos.com\\\/de\\\/festival-el-bucaro-2026-programm-kuenstler-datum-tickets.html#local-main-organization-logo\"},\"sameAs\":[\"https:\\\/\\\/www.facebook.com\\\/tablaosflamencos\",\"https:\\\/\\\/x.com\\\/tablaosflamenco\",\"https:\\\/\\\/mastodon.social\\\/@tablaosflamencos\",\"https:\\\/\\\/www.instagram.com\\\/tablaosflamencos\",\"https:\\\/\\\/tiktok.com\\\/@tablaosflamencos\",\"https:\\\/\\\/www.linkedin.com\\\/company\\\/109408238\\\/\"],\"description\":\"Venta de entradas para espect\u00e1culos flamencos\",\"legalName\":\"Tablaos Flamencos\",\"foundingDate\":\"2015-01-01\",\"numberOfEmployees\":{\"@type\":\"QuantitativeValue\",\"minValue\":\"1\",\"maxValue\":\"10\"},\"address\":{\"@id\":\"https:\\\/\\\/www.tablaosflamencos.com\\\/de\\\/festival-el-bucaro-2026-programm-kuenstler-datum-tickets.html#local-main-place-address\"},\"geo\":{\"@type\":\"GeoCoordinates\",\"latitude\":\"37.3868072\",\"longitude\":\"-5.993280299999999\"},\"telephone\":[\"+34623787787\"],\"contactPoint\":{\"@type\":\"ContactPoint\",\"telephone\":\"+34623787787\",\"email\":\"info@tablaosflamencos.com\"},\"openingHoursSpecification\":{\"@type\":\"OpeningHoursSpecification\",\"dayOfWeek\":[\"Monday\",\"Tuesday\",\"Wednesday\",\"Thursday\",\"Friday\",\"Saturday\",\"Sunday\"],\"opens\":\"00:00\",\"closes\":\"23:59\"},\"email\":\"info@tablaosflamencos.com\",\"priceRange\":\"$$$\",\"currenciesAccepted\":\"\u20ac\"},{\"@type\":\"Person\",\"@id\":\"https:\\\/\\\/www.tablaosflamencos.com\\\/de#\\\/schema\\\/person\\\/e7a9ebe14eb75a52ceabfbffb3c54f5d\",\"name\":\"Miguel Ortiz\",\"description\":\"Miguel Ortiz es un empresario flamenco, con una s\u00f3lida trayectoria dentro del sector. Ha presidido entidades culturales vinculadas al flamenco y, cuenta con un amplio recorrido profesional en la gesti\u00f3n y promoci\u00f3n de espect\u00e1culos y tablaos flamencos. Su pasi\u00f3n por la historia y el arte flamenco se refleja en cada art\u00edculo, donde combina experiencia, criterio y un profundo respeto por la tradici\u00f3n.\",\"sameAs\":[\"https:\\\/\\\/www.tablaosflamencos.com\",\"https:\\\/\\\/www.instagra.com\\\/miguelortizfe\",\"https:\\\/\\\/www.linkedin.com\\\/in\\\/miguelortizf\\\/\"],\"birthDate\":\"1984-11-22\",\"gender\":\"hombre\",\"knowsLanguage\":[\"espa\u00f1ol\",\"ingl\u00e9s\"],\"jobTitle\":\"Empresario flamenco\"},{\"@type\":\"PostalAddress\",\"@id\":\"https:\\\/\\\/www.tablaosflamencos.com\\\/de\\\/festival-el-bucaro-2026-programm-kuenstler-datum-tickets.html#local-main-place-address\",\"streetAddress\":\"C\\\/ Alemanes, 19\",\"addressLocality\":\"Sevilla\",\"postalCode\":\"41004\",\"addressRegion\":\"Sevilla\",\"addressCountry\":\"ES\"},{\"@type\":\"ImageObject\",\"inLanguage\":\"de\",\"@id\":\"https:\\\/\\\/www.tablaosflamencos.com\\\/de\\\/festival-el-bucaro-2026-programm-kuenstler-datum-tickets.html#local-main-organization-logo\",\"url\":\"https:\\\/\\\/www.tablaosflamencos.com\\\/wp-content\\\/uploads\\\/tablaos-flamencos-06-3.webp\",\"contentUrl\":\"https:\\\/\\\/www.tablaosflamencos.com\\\/wp-content\\\/uploads\\\/tablaos-flamencos-06-3.webp\",\"width\":600,\"height\":620,\"caption\":\"Tablaos Flamencos\"}]}<\/script>\n<meta name=\"geo.placename\" content=\"Sevilla\" \/>\n<meta name=\"geo.position\" content=\"37.3868072;-5.993280299999999\" \/>\n<meta name=\"geo.region\" content=\"Spanien\" \/>\n<!-- \/ Yoast SEO Premium plugin. -->","yoast_head_json":{"title":"Festival El B\u00facaro 2026: Programm, K\u00fcnstler und Tickets","description":"Festival El B\u00facaro 2026 in La Rinconada: Datum, Uhrzeit, komplettes Programm, Tickets f\u00fcr 10 \u20ac, Hacienda Santa Cruz, Anreise und Dame el B\u00facaro.","robots":{"index":"index","follow":"follow","max-snippet":"max-snippet:-1","max-image-preview":"max-image-preview:large","max-video-preview":"max-video-preview:-1"},"canonical":"https:\/\/www.tablaosflamencos.com\/de\/festival-el-bucaro-2026-programm-kuenstler-datum-tickets.html","og_locale":"de_DE","og_type":"article","og_title":"Festival El B\u00facaro 2026: Programm, K\u00fcnstler, Datum und alles Wissenswerte","og_description":"Festival El B\u00facaro 2026 in La Rinconada: Datum, Uhrzeit, komplettes Programm, Tickets f\u00fcr 10 \u20ac, Hacienda Santa Cruz, Anreise und Dame el B\u00facaro.","og_url":"https:\/\/www.tablaosflamencos.com\/de\/festival-el-bucaro-2026-programm-kuenstler-datum-tickets.html","og_site_name":"Tablaos Flamencos","article_publisher":"https:\/\/www.facebook.com\/tablaosflamencos","article_published_time":"2026-09-06T14:15:05+00:00","article_modified_time":"2026-09-06T17:44:46+00:00","og_image":[{"width":1536,"height":1024,"url":"https:\/\/www.tablaosflamencos.com\/wp-content\/uploads\/festival-el-bucaro-2026-programa-artistas-fecha-y-todo-lo-que-necesitas-saber-01.webp","type":"image\/webp"}],"author":"Miguel Ortiz","twitter_card":"summary_large_image","twitter_creator":"@tablaosflamenco","twitter_site":"@tablaosflamenco","twitter_misc":{"Verfasst von":"Miguel Ortiz","Gesch\u00e4tzte Lesezeit":"15\u00a0Minuten"},"schema":{"@context":"https:\/\/schema.org","@graph":[{"@type":"Article","@id":"https:\/\/www.tablaosflamencos.com\/de\/festival-el-bucaro-2026-programm-kuenstler-datum-tickets.html#article","isPartOf":{"@id":"https:\/\/www.tablaosflamencos.com\/de\/festival-el-bucaro-2026-programm-kuenstler-datum-tickets.html"},"author":{"name":"Miguel Ortiz","@id":"https:\/\/www.tablaosflamencos.com\/de#\/schema\/person\/e7a9ebe14eb75a52ceabfbffb3c54f5d"},"headline":"Festival El B\u00facaro 2026: Programm, K\u00fcnstler, Datum und alles Wissenswerte","datePublished":"2026-09-06T14:15:05+00:00","dateModified":"2026-09-06T17:44:46+00:00","mainEntityOfPage":{"@id":"https:\/\/www.tablaosflamencos.com\/de\/festival-el-bucaro-2026-programm-kuenstler-datum-tickets.html"},"wordCount":3083,"publisher":{"@id":"https:\/\/www.tablaosflamencos.com\/de#organization"},"image":{"@id":"https:\/\/www.tablaosflamencos.com\/de\/festival-el-bucaro-2026-programm-kuenstler-datum-tickets.html#primaryimage"},"thumbnailUrl":"https:\/\/www.tablaosflamencos.com\/wp-content\/uploads\/festival-el-bucaro-2026-programa-artistas-fecha-y-todo-lo-que-necesitas-saber-01.webp","keywords":["festivales flamencos","flamenco en Sevilla","Flamenco-Gesang","Flamenco-K\u00fcnstler","Flamenco-Pe\u00f1as"],"articleSection":["Flamenco-Festivals"],"inLanguage":"de"},{"@type":"WebPage","@id":"https:\/\/www.tablaosflamencos.com\/de\/festival-el-bucaro-2026-programm-kuenstler-datum-tickets.html","url":"https:\/\/www.tablaosflamencos.com\/de\/festival-el-bucaro-2026-programm-kuenstler-datum-tickets.html","name":"Festival El B\u00facaro 2026: Programm, K\u00fcnstler und Tickets","isPartOf":{"@id":"https:\/\/www.tablaosflamencos.com\/de#website"},"primaryImageOfPage":{"@id":"https:\/\/www.tablaosflamencos.com\/de\/festival-el-bucaro-2026-programm-kuenstler-datum-tickets.html#primaryimage"},"image":{"@id":"https:\/\/www.tablaosflamencos.com\/de\/festival-el-bucaro-2026-programm-kuenstler-datum-tickets.html#primaryimage"},"thumbnailUrl":"https:\/\/www.tablaosflamencos.com\/wp-content\/uploads\/festival-el-bucaro-2026-programa-artistas-fecha-y-todo-lo-que-necesitas-saber-01.webp","datePublished":"2026-09-06T14:15:05+00:00","dateModified":"2026-09-06T17:44:46+00:00","description":"Festival El B\u00facaro 2026 in La Rinconada: Datum, Uhrzeit, komplettes Programm, Tickets f\u00fcr 10 \u20ac, Hacienda Santa Cruz, Anreise und Dame el B\u00facaro.","breadcrumb":{"@id":"https:\/\/www.tablaosflamencos.com\/de\/festival-el-bucaro-2026-programm-kuenstler-datum-tickets.html#breadcrumb"},"inLanguage":"de","potentialAction":[{"@type":"ReadAction","target":["https:\/\/www.tablaosflamencos.com\/de\/festival-el-bucaro-2026-programm-kuenstler-datum-tickets.html"]}]},{"@type":"ImageObject","inLanguage":"de","@id":"https:\/\/www.tablaosflamencos.com\/de\/festival-el-bucaro-2026-programm-kuenstler-datum-tickets.html#primaryimage","url":"https:\/\/www.tablaosflamencos.com\/wp-content\/uploads\/festival-el-bucaro-2026-programa-artistas-fecha-y-todo-lo-que-necesitas-saber-01.webp","contentUrl":"https:\/\/www.tablaosflamencos.com\/wp-content\/uploads\/festival-el-bucaro-2026-programa-artistas-fecha-y-todo-lo-que-necesitas-saber-01.webp","width":1536,"height":1024,"caption":"Festival El B\u00facaro 2026: programa, artistas, fecha y todo lo que necesitas saber"},{"@type":"BreadcrumbList","@id":"https:\/\/www.tablaosflamencos.com\/de\/festival-el-bucaro-2026-programm-kuenstler-datum-tickets.html#breadcrumb","itemListElement":[{"@type":"ListItem","position":1,"name":"Home","item":"https:\/\/www.tablaosflamencos.com\/de"},{"@type":"ListItem","position":2,"name":"Festival El B\u00facaro 2026: Programm, K\u00fcnstler, Datum und alles Wissenswerte"}]},{"@type":"WebSite","@id":"https:\/\/www.tablaosflamencos.com\/de#website","url":"https:\/\/www.tablaosflamencos.com\/de","name":"Tablaos Flamencos","description":"Entradas para tablaos flamencos de Espa\u00f1a","publisher":{"@id":"https:\/\/www.tablaosflamencos.com\/de#organization"},"alternateName":"Tablaos Flamencos","potentialAction":[{"@type":"SearchAction","target":{"@type":"EntryPoint","urlTemplate":"https:\/\/www.tablaosflamencos.com\/de?s={search_term_string}"},"query-input":{"@type":"PropertyValueSpecification","valueRequired":true,"valueName":"search_term_string"}}],"inLanguage":"de"},{"@type":["Organization","Place","EntertainmentBusiness"],"@id":"https:\/\/www.tablaosflamencos.com\/de#organization","name":"Tablaos Flamencos","alternateName":"Tablaos Flamencos","url":"https:\/\/www.tablaosflamencos.com\/de","logo":{"@id":"https:\/\/www.tablaosflamencos.com\/de\/festival-el-bucaro-2026-programm-kuenstler-datum-tickets.html#local-main-organization-logo"},"image":{"@id":"https:\/\/www.tablaosflamencos.com\/de\/festival-el-bucaro-2026-programm-kuenstler-datum-tickets.html#local-main-organization-logo"},"sameAs":["https:\/\/www.facebook.com\/tablaosflamencos","https:\/\/x.com\/tablaosflamenco","https:\/\/mastodon.social\/@tablaosflamencos","https:\/\/www.instagram.com\/tablaosflamencos","https:\/\/tiktok.com\/@tablaosflamencos","https:\/\/www.linkedin.com\/company\/109408238\/"],"description":"Venta de entradas para espect\u00e1culos flamencos","legalName":"Tablaos Flamencos","foundingDate":"2015-01-01","numberOfEmployees":{"@type":"QuantitativeValue","minValue":"1","maxValue":"10"},"address":{"@id":"https:\/\/www.tablaosflamencos.com\/de\/festival-el-bucaro-2026-programm-kuenstler-datum-tickets.html#local-main-place-address"},"geo":{"@type":"GeoCoordinates","latitude":"37.3868072","longitude":"-5.993280299999999"},"telephone":["+34623787787"],"contactPoint":{"@type":"ContactPoint","telephone":"+34623787787","email":"info@tablaosflamencos.com"},"openingHoursSpecification":{"@type":"OpeningHoursSpecification","dayOfWeek":["Monday","Tuesday","Wednesday","Thursday","Friday","Saturday","Sunday"],"opens":"00:00","closes":"23:59"},"email":"info@tablaosflamencos.com","priceRange":"$$$","currenciesAccepted":"\u20ac"},{"@type":"Person","@id":"https:\/\/www.tablaosflamencos.com\/de#\/schema\/person\/e7a9ebe14eb75a52ceabfbffb3c54f5d","name":"Miguel Ortiz","description":"Miguel Ortiz es un empresario flamenco, con una s\u00f3lida trayectoria dentro del sector. Ha presidido entidades culturales vinculadas al flamenco y, cuenta con un amplio recorrido profesional en la gesti\u00f3n y promoci\u00f3n de espect\u00e1culos y tablaos flamencos. Su pasi\u00f3n por la historia y el arte flamenco se refleja en cada art\u00edculo, donde combina experiencia, criterio y un profundo respeto por la tradici\u00f3n.","sameAs":["https:\/\/www.tablaosflamencos.com","https:\/\/www.instagra.com\/miguelortizfe","https:\/\/www.linkedin.com\/in\/miguelortizf\/"],"birthDate":"1984-11-22","gender":"hombre","knowsLanguage":["espa\u00f1ol","ingl\u00e9s"],"jobTitle":"Empresario flamenco"},{"@type":"PostalAddress","@id":"https:\/\/www.tablaosflamencos.com\/de\/festival-el-bucaro-2026-programm-kuenstler-datum-tickets.html#local-main-place-address","streetAddress":"C\/ Alemanes, 19","addressLocality":"Sevilla","postalCode":"41004","addressRegion":"Sevilla","addressCountry":"ES"},{"@type":"ImageObject","inLanguage":"de","@id":"https:\/\/www.tablaosflamencos.com\/de\/festival-el-bucaro-2026-programm-kuenstler-datum-tickets.html#local-main-organization-logo","url":"https:\/\/www.tablaosflamencos.com\/wp-content\/uploads\/tablaos-flamencos-06-3.webp","contentUrl":"https:\/\/www.tablaosflamencos.com\/wp-content\/uploads\/tablaos-flamencos-06-3.webp","width":600,"height":620,"caption":"Tablaos Flamencos"}]},"geo.placename":"Sevilla","geo.position":{"lat":"37.3868072","long":"-5.993280299999999"},"geo.region":"Spanien"},"_links":{"self":[{"href":"https:\/\/www.tablaosflamencos.com\/de\/wp-json\/wp\/v2\/posts\/15019","targetHints":{"allow":["GET"]}}],"collection":[{"href":"https:\/\/www.tablaosflamencos.com\/de\/wp-json\/wp\/v2\/posts"}],"about":[{"href":"https:\/\/www.tablaosflamencos.com\/de\/wp-json\/wp\/v2\/types\/post"}],"author":[{"embeddable":true,"href":"https:\/\/www.tablaosflamencos.com\/de\/wp-json\/wp\/v2\/users\/1"}],"replies":[{"embeddable":true,"href":"https:\/\/www.tablaosflamencos.com\/de\/wp-json\/wp\/v2\/comments?post=15019"}],"version-history":[{"count":2,"href":"https:\/\/www.tablaosflamencos.com\/de\/wp-json\/wp\/v2\/posts\/15019\/revisions"}],"predecessor-version":[{"id":15170,"href":"https:\/\/www.tablaosflamencos.com\/de\/wp-json\/wp\/v2\/posts\/15019\/revisions\/15170"}],"wp:featuredmedia":[{"embeddable":true,"href":"https:\/\/www.tablaosflamencos.com\/de\/wp-json\/wp\/v2\/media\/14943"}],"wp:attachment":[{"href":"https:\/\/www.tablaosflamencos.com\/de\/wp-json\/wp\/v2\/media?parent=15019"}],"wp:term":[{"taxonomy":"category","embeddable":true,"href":"https:\/\/www.tablaosflamencos.com\/de\/wp-json\/wp\/v2\/categories?post=15019"},{"taxonomy":"post_tag","embeddable":true,"href":"https:\/\/www.tablaosflamencos.com\/de\/wp-json\/wp\/v2\/tags?post=15019"}],"curies":[{"name":"wp","href":"https:\/\/api.w.org\/{rel}","templated":true}]}}