{"id":14870,"date":"2026-09-05T14:14:08","date_gmt":"2026-09-05T12:14:08","guid":{"rendered":"https:\/\/www.tablaosflamencos.com\/?p=14870"},"modified":"2026-09-05T14:36:00","modified_gmt":"2026-09-05T12:36:00","slug":"andalusische-pena-reihe-sevilla-2026","status":"publish","type":"post","link":"https:\/\/www.tablaosflamencos.com\/de\/andalusische-pena-reihe-sevilla-2026.html","title":{"rendered":"Andalusische Pe\u00f1a-Reihe in Sevilla 2026: Kalender, K\u00fcnstler und kostenlose Flamenco-Abende"},"content":{"rendered":"<section class=\"l-section wpb_row height_huge\"><div class=\"l-section-h i-cf\"><div class=\"g-cols vc_row via_flex valign_middle type_default stacking_default\"><div class=\"vc_col-sm-6 wpb_column vc_column_container\"><div class=\"vc_column-inner\"><div class=\"wpb_wrapper\"><div class=\"wpb_text_column\"><div class=\"wpb_wrapper\"><h2>56 Termine, um die Flamenco-Kultur der Pe\u00f1as in Sevilla zu entdecken<\/h2>\n<p>Die <strong>Andalusische Pe\u00f1a-Reihe in Sevilla 2026<\/strong> macht die Provinz zu einer gro\u00dfen Route kostenloser Flamenco-Abende. Das Programm umfasst <strong>56 Auftritte in ebenso vielen Pe\u00f1as in 41 Orten<\/strong>: 53 Gesangsabende, zwei Tanzauftritte und ein Gitarrenrecital. Die Reihe begann im Juni und erreicht zwischen September und Oktober ihre intensivste Phase.<\/p>\n<p>Die Ausgabe in Sevilla erinnert an den <strong>50. Jahrestag von <em>Persecuci\u00f3n<\/em><\/strong>, dem 1976 erschienenen Album von Juan Pe\u00f1a \u201eEl Lebrijano\u201c mit Texten von F\u00e9lix Grande. Die Widmung verbindet das heutige Programm mit einem Schl\u00fcsselwerk f\u00fcr das Verst\u00e4ndnis von Erinnerung, Identit\u00e4t und erz\u00e4hlerischer Kraft des zeitgen\u00f6ssischen Flamenco.<\/p>\n<p>Dieser Guide enth\u00e4lt den ver\u00f6ffentlichten Detailkalender f\u00fcr September und Oktober, die K\u00fcnstler, gastgebenden Pe\u00f1as, Orte und praktische Hinweise f\u00fcr den Besuch. Der Eintritt ist kostenlos, solange Pl\u00e4tze verf\u00fcgbar sind; vor der Anreise sollte jeder Termin jedoch best\u00e4tigt werden.<\/p>\n<\/div><\/div><\/div><\/div><\/div><div class=\"vc_col-sm-6 wpb_column vc_column_container\"><div class=\"vc_column-inner\"><div class=\"wpb_wrapper\"><div class=\"w-image us_custom_c9d916e8 has_aspect_ratio align_center\"><div class=\"w-image-h\"><img fetchpriority=\"high\" decoding=\"async\" width=\"1024\" height=\"683\" src=\"https:\/\/www.tablaosflamencos.com\/wp-content\/uploads\/circuito-andaluz-de-penas-2026-225-recitales-de-flamenco-gratis-por-toda-andalucia-01-1-1024x683.webp\" class=\"attachment-large size-large\" alt=\"Circuito Andaluz de Pe\u00f1as en Sevilla 2026: calendario, artistas y recitales gratuitos\" loading=\"eager\" srcset=\"https:\/\/www.tablaosflamencos.com\/wp-content\/uploads\/circuito-andaluz-de-penas-2026-225-recitales-de-flamenco-gratis-por-toda-andalucia-01-1-1024x683.webp 1024w, https:\/\/www.tablaosflamencos.com\/wp-content\/uploads\/circuito-andaluz-de-penas-2026-225-recitales-de-flamenco-gratis-por-toda-andalucia-01-1-300x200.webp 300w, https:\/\/www.tablaosflamencos.com\/wp-content\/uploads\/circuito-andaluz-de-penas-2026-225-recitales-de-flamenco-gratis-por-toda-andalucia-01-1-600x400.webp 600w, https:\/\/www.tablaosflamencos.com\/wp-content\/uploads\/circuito-andaluz-de-penas-2026-225-recitales-de-flamenco-gratis-por-toda-andalucia-01-1-150x100.webp 150w, https:\/\/www.tablaosflamencos.com\/wp-content\/uploads\/circuito-andaluz-de-penas-2026-225-recitales-de-flamenco-gratis-por-toda-andalucia-01-1.webp 1536w\" sizes=\"auto, (max-width: 1024px) 100vw, 1024px\" \/><\/div><\/div><\/div><\/div><\/div><\/div><\/div><\/section><section class=\"l-section wpb_row height_huge\"><div class=\"l-section-h i-cf\"><div class=\"g-cols vc_row via_flex valign_middle type_default stacking_default\"><div class=\"vc_col-sm-12 wpb_column vc_column_container\"><div class=\"vc_column-inner\"><div class=\"wpb_wrapper\"><div class=\"w-image align_center\"><div class=\"w-image-h\"><img decoding=\"async\" width=\"819\" height=\"1024\" src=\"https:\/\/www.tablaosflamencos.com\/wp-content\/uploads\/circuito-andaluz-de-penas-en-sevilla-2026-calendario-artistas-y-recitales-gratuitos-01-1.webp\" class=\"attachment-large size-large\" alt=\"Circuito Andaluz de Pe\u00f1as en Sevilla 2026: calendario, artistas y recitales gratuitos\" loading=\"eager\" srcset=\"https:\/\/www.tablaosflamencos.com\/wp-content\/uploads\/circuito-andaluz-de-penas-en-sevilla-2026-calendario-artistas-y-recitales-gratuitos-01-1.webp 819w, https:\/\/www.tablaosflamencos.com\/wp-content\/uploads\/circuito-andaluz-de-penas-en-sevilla-2026-calendario-artistas-y-recitales-gratuitos-01-1-240x300.webp 240w, https:\/\/www.tablaosflamencos.com\/wp-content\/uploads\/circuito-andaluz-de-penas-en-sevilla-2026-calendario-artistas-y-recitales-gratuitos-01-1-480x600.webp 480w, https:\/\/www.tablaosflamencos.com\/wp-content\/uploads\/circuito-andaluz-de-penas-en-sevilla-2026-calendario-artistas-y-recitales-gratuitos-01-1-120x150.webp 120w\" sizes=\"auto, (max-width: 819px) 100vw, 819px\" \/><\/div><\/div><\/div><\/div><\/div><\/div><\/div><\/section><section class=\"l-section wpb_row height_huge color_alternate with_shape\"><div class=\"l-section-shape type_zigzag pos_top hor_flip\" style=\"height:3vmin;\"><svg xmlns=\"http:\/\/www.w3.org\/2000\/svg\" viewBox=\"0 0 64 8\" preserveAspectRatio=\"none\" width=\"100%\" height=\"100%\">\r\n\t<path fill=\"currentColor\" d=\"M64 8 L0 8 L0 0 L20 7.9 L40 3 L48 5 L64 0 Z\"\/>\r\n<\/svg><\/div><div class=\"l-section-shape type_zigzag pos_bottom\" style=\"height:3vmin;\"><svg xmlns=\"http:\/\/www.w3.org\/2000\/svg\" viewBox=\"0 0 64 8\" preserveAspectRatio=\"none\" width=\"100%\" height=\"100%\">\r\n\t<path fill=\"currentColor\" d=\"M64 8 L0 8 L0 0 L20 7.9 L40 3 L48 5 L64 0 Z\"\/>\r\n<\/svg><\/div><div class=\"l-section-h i-cf\"><div class=\"g-cols vc_row via_flex valign_middle type_default stacking_default\"><div class=\"vc_col-sm-6 wpb_column vc_column_container\"><div class=\"vc_column-inner\"><div class=\"wpb_wrapper\"><div class=\"wpb_text_column\"><div class=\"wpb_wrapper\"><h2>Schnelle Antwort<\/h2>\n<p>Die Reihe bietet in Sevilla <strong>56 kostenlose Auftritte<\/strong> in 41 Orten: 53 Gesangsrecitals, zwei Tanzauftritte und ein Gitarrenrecital. Nach zw\u00f6lf Terminen im Juni f\u00fchrt der offizielle Kalender 44 Auftritte vom 2. September bis 31. Oktober auf. Der Eintritt ist frei, solange Pl\u00e4tze verf\u00fcgbar sind; die Uhrzeit sollte vor der Abfahrt bei der Pe\u00f1a gepr\u00fcft werden.<\/p>\n<\/div><\/div><\/div><\/div><\/div><div class=\"vc_col-sm-6 wpb_column vc_column_container\"><div class=\"vc_column-inner\"><div class=\"wpb_wrapper\"><div class=\"wpb_text_column\"><div class=\"wpb_wrapper\"><h3>Wichtige Daten<\/h3>\n<ul>\n<li><strong>Insgesamt:<\/strong> 56 Auftritte.<\/li>\n<li><strong>Orte:<\/strong> 41.<\/li>\n<li><strong>Disziplinen:<\/strong> 53 Gesang, 2 Tanz und 1 Gitarre.<\/li>\n<li><strong>Preis:<\/strong> kostenlos, solange Pl\u00e4tze verf\u00fcgbar sind.<\/li>\n<li><strong>Organisation:<\/strong> Andalusisches Flamenco-Institut und Provinzverband der Flamenco-Vereinigungen von Sevilla.<\/li>\n<\/ul>\n<\/div><\/div><\/div><\/div><\/div><\/div><\/div><\/section><section class=\"l-section wpb_row height_huge\"><div class=\"l-section-h i-cf\"><div class=\"g-cols vc_row via_flex valign_middle type_default stacking_default\"><div class=\"vc_col-sm-6 wpb_column vc_column_container\"><div class=\"vc_column-inner\"><div class=\"wpb_wrapper\"><div class=\"wpb_text_column\"><div class=\"wpb_wrapper\"><h2>Inhalt dieses Guides<\/h2>\n<ul>\n<li><a href=\"#datos-clave\">Eckdaten der Reihe in Sevilla<\/a><\/li>\n<li><a href=\"#septiembre\">Kalender September<\/a><\/li>\n<li><a href=\"#octubre\">Kalender Oktober<\/a><\/li>\n<li><a href=\"#capital\">Recitals in Sevilla-Stadt<\/a><\/li>\n<li><a href=\"#artistas\">K\u00fcnstler und Disziplinen<\/a><\/li>\n<\/ul>\n<\/div><\/div><\/div><\/div><\/div><div class=\"vc_col-sm-6 wpb_column vc_column_container\"><div class=\"vc_column-inner\"><div class=\"wpb_wrapper\"><div class=\"wpb_text_column\"><div class=\"wpb_wrapper\"><ul>\n<li><a href=\"#persecucion\">Hommage an <em>Persecuci\u00f3n<\/em><\/a><\/li>\n<li><a href=\"#acceso\">Zugang zu den kostenlosen Recitals<\/a><\/li>\n<li><a href=\"#ruta\">Route durch die Provinz<\/a><\/li>\n<li><a href=\"#fuentes\">Wo \u00c4nderungen best\u00e4tigt werden k\u00f6nnen<\/a><\/li>\n<li><a href=\"#faq\">H\u00e4ufig gestellte Fragen<\/a><\/li>\n<\/ul>\n<\/div><\/div><\/div><\/div><\/div><\/div><\/div><\/section><section class=\"l-section wpb_row height_huge color_alternate with_shape\"><div class=\"l-section-shape type_zigzag pos_top hor_flip\" style=\"height:3vmin;\"><svg xmlns=\"http:\/\/www.w3.org\/2000\/svg\" viewBox=\"0 0 64 8\" preserveAspectRatio=\"none\" width=\"100%\" height=\"100%\">\r\n\t<path fill=\"currentColor\" d=\"M64 8 L0 8 L0 0 L20 7.9 L40 3 L48 5 L64 0 Z\"\/>\r\n<\/svg><\/div><div class=\"l-section-shape type_zigzag pos_bottom\" style=\"height:3vmin;\"><svg xmlns=\"http:\/\/www.w3.org\/2000\/svg\" viewBox=\"0 0 64 8\" preserveAspectRatio=\"none\" width=\"100%\" height=\"100%\">\r\n\t<path fill=\"currentColor\" d=\"M64 8 L0 8 L0 0 L20 7.9 L40 3 L48 5 L64 0 Z\"\/>\r\n<\/svg><\/div><div class=\"l-section-h i-cf\"><div class=\"g-cols vc_row via_flex valign_middle type_default stacking_default\"><div class=\"vc_col-sm-6 wpb_column vc_column_container\"><div class=\"vc_column-inner\"><div class=\"wpb_wrapper\"><div class=\"wpb_text_column\"><div class=\"wpb_wrapper\"><h2 id=\"datos-clave\">Die Reihe in Sevilla auf einen Blick<\/h2>\n<table>\n<thead>\n<tr>\n<th>Angabe<\/th>\n<th>Offizielle Information<\/th>\n<\/tr>\n<\/thead>\n<tbody>\n<tr>\n<td><strong>Auftritte<\/strong><\/td>\n<td>56<\/td>\n<\/tr>\n<tr>\n<td><strong>Gesang<\/strong><\/td>\n<td>53<\/td>\n<\/tr>\n<tr>\n<td><strong>Tanz<\/strong><\/td>\n<td>2<\/td>\n<\/tr>\n<tr>\n<td><strong>Gitarre<\/strong><\/td>\n<td>1<\/td>\n<\/tr>\n<tr>\n<td><strong>Orte<\/strong><\/td>\n<td>41<\/td>\n<\/tr>\n<tr>\n<td><strong>Eintritt<\/strong><\/td>\n<td>Kostenlos, solange Pl\u00e4tze verf\u00fcgbar sind<\/td>\n<\/tr>\n<\/tbody>\n<\/table>\n<\/div><\/div><\/div><\/div><\/div><div class=\"vc_col-sm-6 wpb_column vc_column_container\"><div class=\"vc_column-inner\"><div class=\"wpb_wrapper\"><div class=\"wpb_text_column\"><div class=\"wpb_wrapper\"><h2>Ein Programm in der gesamten Provinz<\/h2>\n<p>Die Karte beschr\u00e4nkt sich nicht auf die Hauptstadt. Sie umfasst \u00c9cija, Alcal\u00e1 de Guada\u00edra, Dos Hermanas, Mairena del Alcor, Mor\u00f3n, Arahal, Tomares, Gelves, Bormujos, Olivares, Espartinas, Sanl\u00facar la Mayor, Villanueva del Ariscal, La Algaba, Burguillos, Paradas, Las Cabezas de San Juan, Mart\u00edn de la Jara, Pruna, Herrera, La Luisiana, Fuentes de Andaluc\u00eda, Isla Mayor, Aznalc\u00f3llar, Albaida del Aljarafe, El Castillo de las Guardas und Los Palacios y Villafranca sowie weitere Orte.<\/p>\n<p>Sevilla verf\u00fcgt \u00fcber <strong>80 f\u00f6derierte Pe\u00f1as<\/strong>, das gr\u00f6\u00dfte Provinznetz Andalusiens. Die Reihe aktiviert einen wichtigen Teil dieses Netzwerks und bringt professionelle Auftritte zu einem Publikum, das nicht \u00fcberall \u00fcber ein regelm\u00e4\u00dfiges Programm verf\u00fcgt.<\/p>\n<\/div><\/div><\/div><\/div><\/div><\/div><\/div><\/section><section class=\"l-section wpb_row height_huge\"><div class=\"l-section-h i-cf\"><div class=\"g-cols vc_row via_flex valign_top type_default stacking_default\"><div class=\"vc_col-sm-6 wpb_column vc_column_container\"><div class=\"vc_column-inner\"><div class=\"wpb_wrapper\"><div class=\"wpb_text_column\"><div class=\"wpb_wrapper\"><h2 id=\"septiembre\">Kalender September 2026<\/h2>\n<h3>2. bis 18. September<\/h3>\n<ul>\n<li><strong>2. September, 21:00 Uhr.<\/strong> Fernanda Pe\u00f1a, S\u00e4ngerin. Pe\u00f1a Flamenca Cantes al Aire, Sevilla<\/li>\n<li><strong>4. September, 21:30 Uhr.<\/strong> Manuel Romero, S\u00e4nger. Pe\u00f1a Flamenca de Isla Mayor<\/li>\n<li><strong>10. September, 21:30 Uhr.<\/strong> Angelita Montoya, S\u00e4ngerin. Pe\u00f1a Flamenca El Carbonerillo, Sevilla<\/li>\n<li><strong>11. September, 21:00 Uhr.<\/strong> Manuel Bellido, T\u00e4nzer. Pe\u00f1a Flamenca Femenina Teresa Le\u00f3n, \u00c9cija<\/li>\n<li><strong>12. September, 14:00 Uhr.<\/strong> Pura de Pura, S\u00e4ngerin. Pe\u00f1a Flamenca La Jumoza 3, Sevilla<\/li>\n<li><strong>12. September, 21:30 Uhr.<\/strong> Alfredo Tejada, S\u00e4nger. Pe\u00f1a Flamenca Astigitana Antonio Mairena, \u00c9cija<\/li>\n<li><strong>12. September, 20:30 Uhr.<\/strong> Luis Moneo, S\u00e4nger. Pe\u00f1a Flamenca La Era, Burguillos<\/li>\n<li><strong>18. September, 21:30 Uhr.<\/strong> Tino Van der Sman, Gitarrist. Pe\u00f1a Flamenca La Sole\u00e1, Alcal\u00e1 de Guada\u00edra<\/li>\n<li><strong>18. September, 21:00 Uhr.<\/strong> Jeromo Segura, S\u00e4nger. Pe\u00f1a Flamenca El Paraguas, Espartinas<\/li>\n<\/ul>\n<\/div><\/div><\/div><\/div><\/div><div class=\"vc_col-sm-6 wpb_column vc_column_container\"><div class=\"vc_column-inner\"><div class=\"wpb_wrapper\"><div class=\"wpb_text_column\"><div class=\"wpb_wrapper\"><h3>19. bis 27. September<\/h3>\n<ul>\n<li><strong>19. September, 20:00 Uhr.<\/strong> Anabel de Vico, S\u00e4ngerin. Pe\u00f1a Flamenca Antonio El Lobito, Pruna<\/li>\n<li><strong>19. September, 21:30 Uhr.<\/strong> Paqui R\u00edos, S\u00e4ngerin. Pe\u00f1a Flamenca Lepanto, Mairena del Aljarafe<\/li>\n<li><strong>20. September, 14:00 Uhr.<\/strong> Joni Torres, S\u00e4nger. Pe\u00f1a Flamenca Juan Talega, Dos Hermanas<\/li>\n<li><strong>26. September, 15:00 Uhr.<\/strong> Juanelo, S\u00e4nger. Pe\u00f1a Flamenca de Sanl\u00facar la Mayor<\/li>\n<li><strong>26. September, 14:00 Uhr.<\/strong> Lidia Rodr\u00edguez, S\u00e4ngerin. Pe\u00f1a Flamenca El Madro\u00f1ero, Montellano<\/li>\n<li><strong>26. September, 21:30 Uhr.<\/strong> Mar\u00eda T\u00e1vora, T\u00e4nzerin. Pe\u00f1a Flamenca Miguel Vargas, Paradas<\/li>\n<li><strong>27. September, 13:00 Uhr.<\/strong> Olivia Molina, S\u00e4ngerin. Pe\u00f1a Flamenca Pozo Nuevo, Olivares<\/li>\n<\/ul>\n<p>Das Programm bietet Auswahl zwischen Sevilla-Stadt, Aljarafe, Campi\u00f1a, Sierra Sur und Metropolregion. Die Uhrzeiten reichen von mittags bis abends; nicht alle Pe\u00f1as \u00f6ffnen gleich fr\u00fch vor Beginn.<\/p>\n<\/div><\/div><\/div><\/div><\/div><\/div><\/div><\/section><section class=\"l-section wpb_row height_huge color_alternate with_shape\"><div class=\"l-section-shape type_zigzag pos_top hor_flip\" style=\"height:3vmin;\"><svg xmlns=\"http:\/\/www.w3.org\/2000\/svg\" viewBox=\"0 0 64 8\" preserveAspectRatio=\"none\" width=\"100%\" height=\"100%\">\r\n\t<path fill=\"currentColor\" d=\"M64 8 L0 8 L0 0 L20 7.9 L40 3 L48 5 L64 0 Z\"\/>\r\n<\/svg><\/div><div class=\"l-section-shape type_zigzag pos_bottom\" style=\"height:3vmin;\"><svg xmlns=\"http:\/\/www.w3.org\/2000\/svg\" viewBox=\"0 0 64 8\" preserveAspectRatio=\"none\" width=\"100%\" height=\"100%\">\r\n\t<path fill=\"currentColor\" d=\"M64 8 L0 8 L0 0 L20 7.9 L40 3 L48 5 L64 0 Z\"\/>\r\n<\/svg><\/div><div class=\"l-section-h i-cf\"><div class=\"g-cols vc_row via_flex valign_top type_default stacking_default\"><div class=\"vc_col-sm-6 wpb_column vc_column_container\"><div class=\"vc_column-inner\"><div class=\"wpb_wrapper\"><div class=\"wpb_text_column\"><div class=\"wpb_wrapper\"><h2 id=\"octubre\">Kalender Oktober 2026<\/h2>\n<h3>2. bis 11. Oktober<\/h3>\n<ul>\n<li><strong>2. Oktober, 21:00 Uhr.<\/strong> Abraham El Zambo, S\u00e4nger. Pe\u00f1a Flamenca Alto de la Fuente, Gelves<\/li>\n<li><strong>3. Oktober, 21:30 Uhr.<\/strong> Luis Heredia \u201eEl Polaco\u201c, S\u00e4nger. Pe\u00f1a Flamenca El Ni\u00f1o de la Jara, Mart\u00edn de la Jara<\/li>\n<li><strong>3. Oktober, 13:30 Uhr.<\/strong> Antonio L\u00f3pez, S\u00e4nger. Pe\u00f1a Flamenca Fernando El Herrero, Las Cabezas de San Juan<\/li>\n<li><strong>8. Oktober, 19:30 Uhr.<\/strong> Anabel Valencia, S\u00e4ngerin. Pe\u00f1a Sentir Flamenco, Universit\u00e4t Pablo de Olavide, Sevilla<\/li>\n<li><strong>8. Oktober, 20:00 Uhr.<\/strong> Armando Mateos, S\u00e4nger. Tertulia Flamenca Calixto S\u00e1nchez Mar\u00edn, Sevilla<\/li>\n<li><strong>9. Oktober, 21:00 Uhr.<\/strong> Luis Perdiguero, S\u00e4nger. Pe\u00f1a Flamenca La Polea, Sevilla<\/li>\n<li><strong>9. Oktober, 21:30 Uhr.<\/strong> Manuel Cantarote, S\u00e4nger. Pe\u00f1a Flamenca de Tomares<\/li>\n<li><strong>9. Oktober, 21:00 Uhr.<\/strong> Mari Pe\u00f1a, S\u00e4ngerin. Pe\u00f1a Flamenca Pastora Pav\u00f3n Cruz \u201eNi\u00f1a de los Peines\u201c, Arahal<\/li>\n<li><strong>10. Oktober, 15:30 Uhr.<\/strong> Macarena de Jerez, S\u00e4ngerin. Tertulia Flamenca Sevilla Este, Sevilla<\/li>\n<li><strong>10. Oktober, 16:00 Uhr.<\/strong> El Potito, S\u00e4nger. Pe\u00f1a Flamenca de Aznalc\u00f3llar<\/li>\n<li><strong>11. Oktober, 14:00 Uhr.<\/strong> \u00c1frica Granado, S\u00e4ngerin. Pe\u00f1a Flamenca El Gallo, Mor\u00f3n de la Frontera<\/li>\n<li><strong>11. Oktober, 19:00 Uhr.<\/strong> Vicente Gelo, S\u00e4nger. Pe\u00f1a Flamenca El Monino, Herrera<\/li>\n<\/ul>\n<\/div><\/div><\/div><\/div><\/div><div class=\"vc_col-sm-6 wpb_column vc_column_container\"><div class=\"vc_column-inner\"><div class=\"wpb_wrapper\"><div class=\"wpb_text_column\"><div class=\"wpb_wrapper\"><h3>17. bis 31. Oktober<\/h3>\n<ul>\n<li><strong>17. Oktober, 12:00 Uhr.<\/strong> Manuela Cordero, S\u00e4ngerin. Pe\u00f1a Flamenca Aires Flamencos, Sevilla<\/li>\n<li><strong>17. Oktober, 21:30 Uhr.<\/strong> Luis Ortega, S\u00e4nger. Pe\u00f1a Flamenca La Pos\u00e1, La Luisiana<\/li>\n<li><strong>17. Oktober, 20:00 Uhr.<\/strong> Perico El Pa\u00f1ero, S\u00e4nger. Pe\u00f1a Flamenca Villanove\u00f1a, Villanueva de San Juan<\/li>\n<li><strong>18. Oktober, 14:30 Uhr.<\/strong> Jes\u00fas Corbacho, S\u00e4nger. Pe\u00f1a Flamenca Miguel Acal, Bormujos<\/li>\n<li><strong>23. Oktober, 21:30 Uhr.<\/strong> Juan de Mairena, S\u00e4nger. Casa del Arte Antonio Mairena, Mairena del Alcor<\/li>\n<li><strong>24. Oktober, 15:00 Uhr.<\/strong> Amparo \u201eLa Repompilla\u201c, S\u00e4ngerin. Pe\u00f1a Flamenca La Ton\u00e1<\/li>\n<li><strong>24. Oktober, 20:00 Uhr.<\/strong> Manuel Pajares, S\u00e4nger. Pe\u00f1a Flamenca Torremocha, Albaida del Aljarafe<\/li>\n<li><strong>24. Oktober, 13:30 Uhr.<\/strong> Marta La Ni\u00f1a, S\u00e4ngerin. Pe\u00f1a Flamenca La Encina, El Castillo de las Guardas<\/li>\n<li><strong>24. Oktober, 23:00 Uhr.<\/strong> Mar\u00eda Jes\u00fas Bernal, S\u00e4ngerin. Tertulia Flamenca El Pozo de las Penas, Los Palacios y Villafranca<\/li>\n<li><strong>24. Oktober, 16:30 Uhr.<\/strong> Joselete de Linares, S\u00e4nger. Pe\u00f1a Flamenca El Despertar, Fuentes de Andaluc\u00eda<\/li>\n<li><strong>24. Oktober, 15:00 Uhr.<\/strong> Malena Carrasco, S\u00e4ngerin. Pe\u00f1a Flamenca La Fragua, Sevilla<\/li>\n<li><strong>25. Oktober, 17:00 Uhr.<\/strong> Elena de Mor\u00f3n, S\u00e4ngerin. Pe\u00f1a Flamenca Puertas Abiertas, La Algaba<\/li>\n<li><strong>25. Oktober, 13:30 Uhr.<\/strong> Marta Aguilar, S\u00e4ngerin. Pe\u00f1a Flamenca El B\u00facaro, San Jos\u00e9 de la Rinconada<\/li>\n<li><strong>29. Oktober, 21:30 Uhr.<\/strong> Fernando Caballo, S\u00e4nger. Pe\u00f1a Flamenca Torres Macarena, Sevilla<\/li>\n<li><strong>30. Oktober, 19:00 Uhr.<\/strong> Luis Malena, S\u00e4nger. Pe\u00f1a Flamenca Pol\u00edgono Sur, Sevilla<\/li>\n<li><strong>31. Oktober, 13:00 Uhr.<\/strong> Silvia Reina, S\u00e4ngerin. Pe\u00f1a Flamenca La Solera, Villanueva del Ariscal<\/li>\n<\/ul>\n<\/div><\/div><\/div><\/div><\/div><\/div><\/div><\/section><section class=\"l-section wpb_row height_huge\"><div class=\"l-section-h i-cf\"><div class=\"g-cols vc_row via_flex valign_top type_default stacking_default\"><div class=\"vc_col-sm-6 wpb_column vc_column_container\"><div class=\"vc_column-inner\"><div class=\"wpb_wrapper\"><div class=\"wpb_text_column\"><div class=\"wpb_wrapper\"><h2>Wichtig: F\u00fcr das Ende werden zwei Daten genannt<\/h2>\n<p>Die allgemeinen Informationen geben an, dass die Reihe in Sevilla bis zum <strong>30. Oktober<\/strong>l\u00e4uft. Der detaillierte Kalender der Agenda Cultural de Andaluc\u00eda enth\u00e4lt jedoch noch einen letzten Termin am <strong>31. Oktober<\/strong>: Silvia Reina in der Pe\u00f1a Flamenca La Solera in Villanueva del Ariscal.<\/p>\n<p>Vorsichtshalber ist der Auftritt am 31. in diesem Guide enthalten. Die Agenda selbst weist darauf hin, dass Programm\u00e4nderungen m\u00f6glich sind.<\/p>\n<\/div><\/div><\/div><\/div><\/div><div class=\"vc_col-sm-6 wpb_column vc_column_container\"><div class=\"vc_column-inner\"><div class=\"wpb_wrapper\"><div class=\"wpb_text_column\"><div class=\"wpb_wrapper\"><h2 id=\"capital\">Recitals in Sevilla-Stadt<\/h2>\n<p>In der Stadt finden Termine bei Cantes al Aire, El Carbonerillo, La Jumoza 3, Sentir Flamenco an der Universit\u00e4t Pablo de Olavide, der Tertulia Calixto S\u00e1nchez Mar\u00edn, La Polea, Sevilla Este, Aires Flamencos, La Fragua, Torres Macarena und Pol\u00edgono Sur statt.<\/p>\n<p>Zu den angek\u00fcndigten K\u00fcnstlern z\u00e4hlen Fernanda Pe\u00f1a, Angelita Montoya, Pura de Pura, Anabel Valencia, Armando Mateos, Luis Perdiguero, Macarena de Jerez, Manuela Cordero, Malena Carrasco, Fernando Caballo und Luis Malena.<\/p>\n<\/div><\/div><\/div><\/div><\/div><\/div><\/div><\/section><section class=\"l-section wpb_row height_huge\"><div class=\"l-section-h i-cf\"><div class=\"g-cols vc_row via_flex valign_middle type_default stacking_default\"><div class=\"vc_col-sm-6 wpb_column vc_column_container\"><div class=\"vc_column-inner\"><div class=\"wpb_wrapper\"><div class=\"wpb_text_column\"><div class=\"wpb_wrapper\"><h2 id=\"artistas\">Gesang, Tanz und Gitarre: Was das Programm bietet<\/h2>\n<p>Der <strong>Cante dominiert das Programm deutlich<\/strong>. Das entspricht dem historischen Format eines Pe\u00f1a-Recitals: eine f\u00fchrende Stimme, begleitende Gitarre und ein nahes Publikum, das aufmerksam auf Stile und Pers\u00f6nlichkeit des Interpreten h\u00f6rt.<\/p>\n<p>Etablierte K\u00fcnstler wie Alfredo Tejada, Luis Moneo, Jeromo Segura, El Potito, Macarena de Jerez, Anabel Valencia oder La Repompilla stehen neben Stimmen, die ihre professionelle Laufbahn weiter aufbauen.<\/p>\n<p>Beim Tanz treten <strong>Manuel Bellido<\/strong>in \u00c9cija und <strong>Mar\u00eda T\u00e1vora<\/strong>in Paradas auf. Das einzige ausdr\u00fccklich als Gitarrenrecital angek\u00fcndigte Konzert bestreitet <strong>Tino Van der Sman<\/strong>in Alcal\u00e1 de Guada\u00edra.<\/p>\n<\/div><\/div><\/div><\/div><\/div><div class=\"vc_col-sm-6 wpb_column vc_column_container\"><div class=\"vc_column-inner\"><div class=\"wpb_wrapper\"><div class=\"wpb_text_column\"><div class=\"wpb_wrapper\"><h2>So w\u00e4hlst du einen Termin aus<\/h2>\n<ul>\n<li><strong>Wenn du Gesang suchst:<\/strong> Fast jedes Wochenende bietet mehrere M\u00f6glichkeiten.<\/li>\n<li><strong>Wenn du Tanz bevorzugst:<\/strong> Merke dir den 11. September in \u00c9cija oder den 26. in Paradas.<\/li>\n<li><strong>Wenn dich Gitarre interessiert:<\/strong> Das spezielle Gitarrenrecital findet am 18. September in Alcal\u00e1 statt.<\/li>\n<li><strong>Wenn du in Sevilla-Stadt bist:<\/strong> Im Oktober gibt es besonders viele Auftritte in der Stadt.<\/li>\n<li><strong>Wenn du lokale Atmosph\u00e4re erleben m\u00f6chtest:<\/strong> W\u00e4hle einen Ort, best\u00e4tige die Adresse und komm fr\u00fchzeitig.<\/li>\n<\/ul>\n<p>Zum Vergleich verschiedener Formate sieh auch unseren Guide dazu, <a href=\"https:\/\/www.tablaosflamencos.com\/donde-ver-flamenco-autentico-sevilla.html\"><strong>wo du authentischen Flamenco in Sevilla erleben kannst<\/strong><\/a>.<\/p>\n<\/div><\/div><\/div><\/div><\/div><\/div><\/div><\/section><section class=\"l-section wpb_row height_huge color_alternate with_shape\"><div class=\"l-section-shape type_zigzag pos_top hor_flip\" style=\"height:3vmin;\"><svg xmlns=\"http:\/\/www.w3.org\/2000\/svg\" viewBox=\"0 0 64 8\" preserveAspectRatio=\"none\" width=\"100%\" height=\"100%\">\r\n\t<path fill=\"currentColor\" d=\"M64 8 L0 8 L0 0 L20 7.9 L40 3 L48 5 L64 0 Z\"\/>\r\n<\/svg><\/div><div class=\"l-section-shape type_zigzag pos_bottom\" style=\"height:3vmin;\"><svg xmlns=\"http:\/\/www.w3.org\/2000\/svg\" viewBox=\"0 0 64 8\" preserveAspectRatio=\"none\" width=\"100%\" height=\"100%\">\r\n\t<path fill=\"currentColor\" d=\"M64 8 L0 8 L0 0 L20 7.9 L40 3 L48 5 L64 0 Z\"\/>\r\n<\/svg><\/div><div class=\"l-section-h i-cf\"><div class=\"g-cols vc_row via_flex valign_middle type_default stacking_default\"><div class=\"vc_col-sm-6 wpb_column vc_column_container\"><div class=\"vc_column-inner\"><div class=\"wpb_wrapper\"><div class=\"wpb_text_column\"><div class=\"wpb_wrapper\"><h2 id=\"persecucion\">Die Hommage an <em>Persecuci\u00f3n<\/em> und El Lebrijano<\/h2>\n<p>Das Programm in Sevilla ist dem 50. Jahrestag von <em>Persecuci\u00f3n<\/em>gewidmet, das Juan Pe\u00f1a \u201eEl Lebrijano\u201c 1976 ver\u00f6ffentlichte. Das mit Texten von F\u00e9lix Grande konzipierte Album brachte eine Erz\u00e4hlung \u00fcber die historische Verfolgung der Roma auf Tontr\u00e4ger und erschloss einen damals im aufgenommenen Flamenco ungew\u00f6hnlichen Ausdrucksraum.<\/p>\n<p>Die Hommage hat auch eine geografische Dimension: El Lebrijano wurde in Lebrija geboren und geh\u00f6rte zu einer f\u00fcr den Flamenco Sevillas wichtigen K\u00fcnstlerfamilie. Sein Werk \u00fcber ein Netz von Pe\u00f1as zu w\u00fcrdigen, verbindet die Erinnerung an die Aufnahme mit den Orten, an denen der Cante geh\u00f6rt, diskutiert und weitergegeben wird.<\/p>\n<\/div><\/div><\/div><\/div><\/div><div class=\"vc_col-sm-6 wpb_column vc_column_container\"><div class=\"vc_column-inner\"><div class=\"wpb_wrapper\"><div class=\"wpb_text_column\"><div class=\"wpb_wrapper\"><h2>Eine Feier mit Blick auf die Gegenwart<\/h2>\n<p>Die Widmung macht die Reihe nicht zu einer Wiederholung des Repertoires von El Lebrijano. Sie dient als roter Faden f\u00fcr ein vielf\u00e4ltiges Programm mit heutigen K\u00fcnstlern in der gesamten Provinz.<\/p>\n<p>F\u00fcr einen umfassenderen \u00dcberblick siehe unseren allgemeinen Guide zur <a href=\"https:\/\/www.tablaosflamencos.com\/circuito-andaluz-penas-flamencas-2026.html\"><strong>Andalusischen Pe\u00f1a-Reihe 2026<\/strong><\/a>. Dort findest du die Zahlen f\u00fcr alle acht Provinzen. Diese Seite konzentriert sich ausschlie\u00dflich auf Sevilla und den detaillierten Kalender.<\/p>\n<\/div><\/div><\/div><\/div><\/div><\/div><\/div><\/section><section class=\"l-section wpb_row height_huge\"><div class=\"l-section-h i-cf\"><div class=\"g-cols vc_row via_flex valign_middle type_default stacking_default\"><div class=\"vc_col-sm-6 wpb_column vc_column_container\"><div class=\"vc_column-inner\"><div class=\"wpb_wrapper\"><div class=\"wpb_text_column\"><div class=\"wpb_wrapper\"><h2 id=\"acceso\">Sind die Recitals wirklich kostenlos?<\/h2>\n<p>Ja. Die Agenda Cultural de Andaluc\u00eda gibt an, dass der <strong>Eintritt kostenlos ist, solange Pl\u00e4tze verf\u00fcgbar sind<\/strong>. Es muss kein Ticket gekauft werden, aber freier Eintritt garantiert keinen Zugang, wenn der Raum voll ist.<\/p>\n<p>Jede Pe\u00f1a kann den Einlass anders organisieren. Manche lassen Besucher nach Reihenfolge der Ankunft hinein; andere arbeiten mit Einladungen oder Best\u00e4tigungen oder geben Mitgliedern organisatorisch Vorrang. Wenn die Ank\u00fcndigung das Verfahren nicht erkl\u00e4rt, ist eine direkte Nachfrage bei der Pe\u00f1a am sichersten.<\/p>\n<\/div><\/div><\/div><\/div><\/div><div class=\"vc_col-sm-6 wpb_column vc_column_container\"><div class=\"vc_column-inner\"><div class=\"wpb_wrapper\"><div class=\"wpb_text_column\"><div class=\"wpb_wrapper\"><h2>Tipps, damit du nicht vor der T\u00fcr bleibst<\/h2>\n<ul>\n<li>Pr\u00fcfe Datum, Uhrzeit und Adresse am Veranstaltungstag.<\/li>\n<li>Komm fr\u00fchzeitig, besonders am Wochenende.<\/li>\n<li>Frag nach, ob eine Einladung oder vorherige Best\u00e4tigung erforderlich ist.<\/li>\n<li>Verwechsle den Namen der Pe\u00f1a nicht mit dem Ort.<\/li>\n<li>Ber\u00fccksichtige m\u00f6gliche alternative Veranstaltungsorte.<\/li>\n<li>Respektiere die Stille w\u00e4hrend des Cante und vermeide es, mitten in einem St\u00fcck hinein- oder hinauszugehen.<\/li>\n<\/ul>\n<\/div><\/div><\/div><\/div><\/div><\/div><\/div><\/section><section class=\"l-section wpb_row height_huge color_alternate with_shape\"><div class=\"l-section-shape type_zigzag pos_top hor_flip\" style=\"height:3vmin;\"><svg xmlns=\"http:\/\/www.w3.org\/2000\/svg\" viewBox=\"0 0 64 8\" preserveAspectRatio=\"none\" width=\"100%\" height=\"100%\">\r\n\t<path fill=\"currentColor\" d=\"M64 8 L0 8 L0 0 L20 7.9 L40 3 L48 5 L64 0 Z\"\/>\r\n<\/svg><\/div><div class=\"l-section-shape type_zigzag pos_bottom\" style=\"height:3vmin;\"><svg xmlns=\"http:\/\/www.w3.org\/2000\/svg\" viewBox=\"0 0 64 8\" preserveAspectRatio=\"none\" width=\"100%\" height=\"100%\">\r\n\t<path fill=\"currentColor\" d=\"M64 8 L0 8 L0 0 L20 7.9 L40 3 L48 5 L64 0 Z\"\/>\r\n<\/svg><\/div><div class=\"l-section-h i-cf\"><div class=\"g-cols vc_row via_flex valign_middle type_default stacking_default\"><div class=\"vc_col-sm-6 wpb_column vc_column_container\"><div class=\"vc_column-inner\"><div class=\"wpb_wrapper\"><div class=\"wpb_text_column\"><div class=\"wpb_wrapper\"><h2 id=\"ruta\">So planst du eine Flamenco-Route durch Sevilla<\/h2>\n<p>Im Aljarafe liegen Gelves, Tomares, Bormujos, Olivares, Espartinas, Sanl\u00facar la Mayor, Villanueva del Ariscal und Albaida. In der Campi\u00f1a gibt es Termine in \u00c9cija, Arahal, Paradas, Fuentes de Andaluc\u00eda und La Luisiana. In der Metropolregion stechen Alcal\u00e1 de Guada\u00edra, Dos Hermanas, La Algaba, Mairena del Aljarafe und San Jos\u00e9 de la Rinconada hervor.<\/p>\n<p>Bevor du zwei Auftritte an einem Tag kombinierst, pr\u00fcfe Entfernungen und Uhrzeiten. Zufahrt, Parkm\u00f6glichkeiten und Dauer sind nicht an allen Veranstaltungsorten gleich.<\/p>\n<\/div><\/div><\/div><\/div><\/div><div class=\"vc_col-sm-6 wpb_column vc_column_container\"><div class=\"vc_column-inner\"><div class=\"wpb_wrapper\"><div class=\"wpb_text_column\"><div class=\"wpb_wrapper\"><h2>Pe\u00f1a und Tablao: erg\u00e4nzende Erlebnisse<\/h2>\n<p>Die Reihe bietet einzelne Auftritte in Kulturvereinen und erm\u00f6glicht einen Zugang zum Flamenco \u00fcber das lokale Gemeinschaftsleben. Ein Tablao hat ein regelm\u00e4\u00dfiges Programm, l\u00e4sst sich im Voraus buchen und ist bei einer Reise mit festen Daten leichter einzuplanen.<\/p>\n<p>Wenn das Recital nicht in deinen Aufenthalt f\u00e4llt oder der Raum voll ist, sieh dir die <a href=\"\/flamenco-sevilla\"><strong>Flamenco-Shows in Sevilla<\/strong><\/a>an. Eine Pe\u00f1a bietet ein einmaliges lokales Ereignis, w\u00e4hrend ein Tablao einen festen Showtermin im Reiseplan erm\u00f6glicht.<\/p>\n<\/div><\/div><\/div><\/div><\/div><\/div><\/div><\/section><section class=\"l-section wpb_row height_huge\"><div class=\"l-section-h i-cf\"><div class=\"g-cols vc_row via_flex valign_middle type_default stacking_default\"><div class=\"vc_col-sm-6 wpb_column vc_column_container\"><div class=\"vc_column-inner\"><div class=\"wpb_wrapper\"><div class=\"wpb_text_column\"><div class=\"wpb_wrapper\"><h2 id=\"fuentes\">Wo K\u00fcnstler, Uhrzeiten und \u00c4nderungen best\u00e4tigt werden k\u00f6nnen<\/h2>\n<p>Die wichtigste Quelle ist die <strong>Agenda Cultural de Andaluc\u00eda<\/strong>. Dort stehen die angek\u00fcndigten Recitals und der Hinweis, dass \u00c4nderungen m\u00f6glich sind. Zus\u00e4tzlich empfiehlt es sich, die Kan\u00e4le der gastgebenden Pe\u00f1a oder des Provinzverbands der Flamenco-Vereinigungen von Sevilla zu pr\u00fcfen.<\/p>\n<\/div><\/div><div class=\"w-separator size_medium\"><\/div><div class=\"w-hwrapper valign_top align_center\" style=\"--hwrapper-gap:1.2rem\"><div class=\"w-btn-wrapper align_center\"><a class=\"w-btn us-btn-style_1 icon_atleft\" href=\"https:\/\/www.juntadeandalucia.es\/cultura\/agendaculturaldeandalucia\/evento\/circuito-andaluz-de-penas-2026-provincia-de-sevilla\"><i class=\"fas fa-calendar-alt\"><\/i><span class=\"w-btn-label\">Offiziellen Kalender f\u00fcr Sevilla ansehen<\/span><\/a><\/div><\/div><\/div><\/div><\/div><div class=\"vc_col-sm-6 wpb_column vc_column_container\"><div class=\"vc_column-inner\"><div class=\"wpb_wrapper\"><div class=\"wpb_text_column\"><div class=\"wpb_wrapper\"><h2>Wer die Reihe organisiert<\/h2>\n<p>Das Programm entsteht in Zusammenarbeit zwischen der <strong>Andalusischen Agentur f\u00fcr Kultureinrichtungen und dem Andalusischen Flamenco-Institut<\/strong> sowie dem Provinzverband der Flamenco-Vereinigungen von Sevilla.<\/p>\n<p>In ganz Andalusien umfasst die Ausgabe 2026 insgesamt 225 Auftritte und mindestens 470 K\u00fcnstler. Das Programm basiert auf einer \u00f6ffentlichen Ausschreibung und arbeitet mit den Provinzverb\u00e4nden, um Programme f\u00fcr deren Netzwerke aus Pe\u00f1as und Orten zusammenzustellen.<\/p>\n<\/div><\/div><\/div><\/div><\/div><\/div><\/div><\/section><section class=\"l-section wpb_row height_huge color_alternate with_shape\"><div class=\"l-section-shape type_zigzag pos_top hor_flip\" style=\"height:3vmin;\"><svg xmlns=\"http:\/\/www.w3.org\/2000\/svg\" viewBox=\"0 0 64 8\" preserveAspectRatio=\"none\" width=\"100%\" height=\"100%\">\r\n\t<path fill=\"currentColor\" d=\"M64 8 L0 8 L0 0 L20 7.9 L40 3 L48 5 L64 0 Z\"\/>\r\n<\/svg><\/div><div class=\"l-section-h i-cf\"><div class=\"g-cols vc_row via_flex valign_middle type_default stacking_default\"><div class=\"vc_col-sm-1\/5 wpb_column vc_column_container\"><div class=\"vc_column-inner\"><div class=\"wpb_wrapper\"><\/div><\/div><\/div><div class=\"vc_col-sm-3\/5 wpb_column vc_column_container\"><div class=\"vc_column-inner\"><div class=\"wpb_wrapper\"><div class=\"wpb_text_column\"><div class=\"wpb_wrapper\"><h2 id=\"faq\">H\u00e4ufig gestellte Fragen zur Andalusischen Pe\u00f1a-Reihe in Sevilla 2026<\/h2>\n<\/div><\/div><div class=\"w-separator size_medium\"><\/div><div class=\"w-tabs accordion toggle_style_1 has_scrolling\" style=\"--sections-title-size:inherit;--sections-gap:0.5rem;\"><div class=\"w-tabs-sections titles-align_none icon_chevron cpos_right\"><div class=\"w-tabs-section\" id=\"c903\"><button type=\"button\" class=\"w-tabs-section-header\" aria-controls=\"content-c903\" aria-expanded=\"false\"><div class=\"w-tabs-section-title\">Wie viele Auftritte gibt es in Sevilla?<\/div><div class=\"w-tabs-section-control\"><\/div><\/button><div  class=\"w-tabs-section-content\" id=\"content-c903\"><div class=\"w-tabs-section-content-h i-cf\"><div class=\"wpb_text_column\"><div class=\"wpb_wrapper\"><p>Das Programm k\u00fcndigt <strong>56 Auftritte in 41 Orten<\/strong>an: 53 Gesangsabende, zwei Tanzauftritte und ein Gitarrenrecital.<\/p>\n<\/div><\/div><\/div><\/div><\/div><div class=\"w-tabs-section\" id=\"za21\"><button type=\"button\" class=\"w-tabs-section-header\" aria-controls=\"content-za21\" aria-expanded=\"false\"><div class=\"w-tabs-section-title\">Wann findet die Reihe statt?<\/div><div class=\"w-tabs-section-control\"><\/div><\/button><div  class=\"w-tabs-section-content\" id=\"content-za21\"><div class=\"w-tabs-section-content-h i-cf\"><div class=\"wpb_text_column\"><div class=\"wpb_wrapper\"><p>Die Reihe begann am 6. Juni. Der verf\u00fcgbare Detailkalender umfasst Auftritte vom 2. September bis 31. Oktober 2026.<\/p>\n<\/div><\/div><\/div><\/div><\/div><div class=\"w-tabs-section\" id=\"mb3c\"><button type=\"button\" class=\"w-tabs-section-header\" aria-controls=\"content-mb3c\" aria-expanded=\"false\"><div class=\"w-tabs-section-title\">Ist der Eintritt kostenlos?<\/div><div class=\"w-tabs-section-control\"><\/div><\/button><div  class=\"w-tabs-section-content\" id=\"content-mb3c\"><div class=\"w-tabs-section-content-h i-cf\"><div class=\"wpb_text_column\"><div class=\"wpb_wrapper\"><p>Ja. Alle Recitals werden angek\u00fcndigt mit <strong>freiem Eintritt, solange Pl\u00e4tze verf\u00fcgbar sind<\/strong>. Je nach Pe\u00f1a kann es ein Einladungs- oder Best\u00e4tigungssystem geben.<\/p>\n<\/div><\/div><\/div><\/div><\/div><div class=\"w-tabs-section\" id=\"pc33\"><button type=\"button\" class=\"w-tabs-section-header\" aria-controls=\"content-pc33\" aria-expanded=\"false\"><div class=\"w-tabs-section-title\">Muss man Mitglied der Pe\u00f1a sein?<\/div><div class=\"w-tabs-section-control\"><\/div><\/button><div  class=\"w-tabs-section-content\" id=\"content-pc33\"><div class=\"w-tabs-section-content-h i-cf\"><div class=\"wpb_text_column\"><div class=\"wpb_wrapper\"><p>Die offiziellen Informationen weisen die Veranstaltungen als kostenlos bis zur Kapazit\u00e4tsgrenze aus. Erkundige dich bei der jeweiligen Pe\u00f1a nach den Zugangsbedingungen.<\/p>\n<\/div><\/div><\/div><\/div><\/div><div class=\"w-tabs-section\" id=\"pd2d\"><button type=\"button\" class=\"w-tabs-section-header\" aria-controls=\"content-pd2d\" aria-expanded=\"false\"><div class=\"w-tabs-section-title\">Welche Tanzauftritte gibt es?<\/div><div class=\"w-tabs-section-control\"><\/div><\/button><div  class=\"w-tabs-section-content\" id=\"content-pd2d\"><div class=\"w-tabs-section-content-h i-cf\"><div class=\"wpb_text_column\"><div class=\"wpb_wrapper\"><p>Manuel Bellido tritt am 11. September in \u00c9cija und Mar\u00eda T\u00e1vora am 26. September in Paradas auf.<\/p>\n<\/div><\/div><\/div><\/div><\/div><div class=\"w-tabs-section\" id=\"ue05\"><button type=\"button\" class=\"w-tabs-section-header\" aria-controls=\"content-ue05\" aria-expanded=\"false\"><div class=\"w-tabs-section-title\">Wo findet das Gitarrenrecital statt?<\/div><div class=\"w-tabs-section-control\"><\/div><\/button><div  class=\"w-tabs-section-content\" id=\"content-ue05\"><div class=\"w-tabs-section-content-h i-cf\"><div class=\"wpb_text_column\"><div class=\"wpb_wrapper\"><p>Tino Van der Sman tritt am 18. September in der Pe\u00f1a Flamenca La Sole\u00e1 in Alcal\u00e1 de Guada\u00edra auf.<\/p>\n<\/div><\/div><\/div><\/div><\/div><div class=\"w-tabs-section\" id=\"zee3\"><button type=\"button\" class=\"w-tabs-section-header\" aria-controls=\"content-zee3\" aria-expanded=\"false\"><div class=\"w-tabs-section-title\">Kann sich der Kalender \u00e4ndern?<\/div><div class=\"w-tabs-section-control\"><\/div><\/button><div  class=\"w-tabs-section-content\" id=\"content-zee3\"><div class=\"w-tabs-section-content-h i-cf\"><div class=\"wpb_text_column\"><div class=\"wpb_wrapper\"><p>Ja. Pr\u00fcfe vor der Anreise K\u00fcnstler, Uhrzeit, Adresse und Zugangsbedingungen.<\/p>\n<\/div><\/div><\/div><\/div><\/div><div class=\"w-tabs-section\" id=\"vfb4\"><button type=\"button\" class=\"w-tabs-section-header\" aria-controls=\"content-vfb4\" aria-expanded=\"false\"><div class=\"w-tabs-section-title\">Wo finde ich das aktualisierte Programm?<\/div><div class=\"w-tabs-section-control\"><\/div><\/button><div  class=\"w-tabs-section-content\" id=\"content-vfb4\"><div class=\"w-tabs-section-content-h i-cf\"><div class=\"wpb_text_column\"><div class=\"wpb_wrapper\"><p>In der Agenda Cultural de Andaluc\u00eda sowie \u00fcber die Kan\u00e4le der gastgebenden Pe\u00f1a oder des Provinzverbands.<\/p>\n<\/div><\/div><\/div><\/div><\/div><\/div><\/div><\/div><\/div><\/div><div class=\"vc_col-sm-1\/5 wpb_column vc_column_container\"><div class=\"vc_column-inner\"><div class=\"wpb_wrapper\"><\/div><\/div><\/div><\/div><\/div><\/section>\n","protected":false},"excerpt":{"rendered":"<p>Die Andalusische Pe\u00f1a-Reihe in Sevilla 2026 bringt 56 kostenlose Auftritte in 41 Orte der Provinz \u2013 mit Gesang, Tanz und Flamencogitarre.<\/p>\n","protected":false},"author":1,"featured_media":14729,"comment_status":"closed","ping_status":"closed","sticky":false,"template":"","format":"standard","meta":{"_acf_changed":false,"wpai_generated_summary":"","_ayudawp_aiss_exclude":false,"_ayudawp_aiss_exclude_summary":false,"_ayudawp_aiss_summary":"","_ayudawp_aiss_summary_provider":"","_ayudawp_aiss_summary_hash":"","footnotes":""},"categories":[1904],"tags":[1933,1166,1412,1940,1945],"class_list":["post-14870","post","type-post","status-publish","format-standard","has-post-thumbnail","hentry","category-flamenco-penas","tag-andalusische-pena-reihe","tag-flamenco-en-sevilla","tag-flamenco-gesang","tag-flamenco-penas-de","tag-kostenloser-flamenco"],"acf":[],"yoast_head":"<!-- This site is optimized with the Yoast SEO Premium plugin v28.4 (Yoast SEO v28.4) - https:\/\/yoast.com\/product\/yoast-seo-premium-wordpress\/ -->\n<title>Andalusische Pe\u00f1a-Reihe in Sevilla 2026: Kalender und K\u00fcnstler | Tablaos Flamencos<\/title>\n<meta name=\"description\" content=\"Kalender der Andalusischen Pe\u00f1a-Reihe in Sevilla 2026: K\u00fcnstler, Orte, Flamenco-Pe\u00f1as und kostenlose Auftritte im \u00dcberblick.\" \/>\n<meta name=\"robots\" content=\"index, follow, max-snippet:-1, max-image-preview:large, max-video-preview:-1\" \/>\n<link rel=\"canonical\" href=\"https:\/\/www.tablaosflamencos.com\/de\/andalusische-pena-reihe-sevilla-2026.html\" \/>\n<meta property=\"og:locale\" content=\"de_DE\" \/>\n<meta property=\"og:type\" content=\"article\" \/>\n<meta property=\"og:title\" content=\"Andalusische Pe\u00f1a-Reihe in Sevilla 2026: Kalender, K\u00fcnstler und kostenlose Flamenco-Abende\" \/>\n<meta property=\"og:description\" content=\"Kalender der Andalusischen Pe\u00f1a-Reihe in Sevilla 2026: K\u00fcnstler, Orte, Flamenco-Pe\u00f1as und kostenlose Auftritte im \u00dcberblick.\" \/>\n<meta property=\"og:url\" content=\"https:\/\/www.tablaosflamencos.com\/de\/andalusische-pena-reihe-sevilla-2026.html\" \/>\n<meta property=\"og:site_name\" content=\"Tablaos Flamencos\" \/>\n<meta property=\"article:publisher\" content=\"https:\/\/www.facebook.com\/tablaosflamencos\" \/>\n<meta property=\"article:published_time\" content=\"2026-09-05T12:14:08+00:00\" \/>\n<meta property=\"article:modified_time\" content=\"2026-09-05T12:36:00+00:00\" \/>\n<meta property=\"og:image\" content=\"https:\/\/www.tablaosflamencos.com\/wp-content\/uploads\/circuito-andaluz-de-penas-en-sevilla-2026-calendario-artistas-y-recitales-gratuitos-01.webp\" \/>\n\t<meta property=\"og:image:width\" content=\"1536\" \/>\n\t<meta property=\"og:image:height\" content=\"1024\" \/>\n\t<meta property=\"og:image:type\" content=\"image\/webp\" \/>\n<meta name=\"author\" content=\"Miguel Ortiz\" \/>\n<meta name=\"twitter:card\" content=\"summary_large_image\" \/>\n<meta name=\"twitter:creator\" content=\"@tablaosflamenco\" \/>\n<meta name=\"twitter:site\" content=\"@tablaosflamenco\" \/>\n<meta name=\"twitter:label1\" content=\"Verfasst von\" \/>\n\t<meta name=\"twitter:data1\" content=\"Miguel Ortiz\" \/>\n\t<meta name=\"twitter:label2\" content=\"Gesch\u00e4tzte Lesezeit\" \/>\n\t<meta name=\"twitter:data2\" content=\"16\u00a0Minuten\" \/>\n<script type=\"application\/ld+json\" class=\"yoast-schema-graph\">{\"@context\":\"https:\\\/\\\/schema.org\",\"@graph\":[{\"@type\":\"Article\",\"@id\":\"https:\\\/\\\/www.tablaosflamencos.com\\\/de\\\/andalusische-pena-reihe-sevilla-2026.html#article\",\"isPartOf\":{\"@id\":\"https:\\\/\\\/www.tablaosflamencos.com\\\/de\\\/andalusische-pena-reihe-sevilla-2026.html\"},\"author\":{\"name\":\"Miguel Ortiz\",\"@id\":\"https:\\\/\\\/www.tablaosflamencos.com\\\/de#\\\/schema\\\/person\\\/e7a9ebe14eb75a52ceabfbffb3c54f5d\"},\"headline\":\"Andalusische Pe\u00f1a-Reihe in Sevilla 2026: Kalender, K\u00fcnstler und kostenlose Flamenco-Abende\",\"datePublished\":\"2026-09-05T12:14:08+00:00\",\"dateModified\":\"2026-09-05T12:36:00+00:00\",\"mainEntityOfPage\":{\"@id\":\"https:\\\/\\\/www.tablaosflamencos.com\\\/de\\\/andalusische-pena-reihe-sevilla-2026.html\"},\"wordCount\":3113,\"publisher\":{\"@id\":\"https:\\\/\\\/www.tablaosflamencos.com\\\/de#organization\"},\"image\":{\"@id\":\"https:\\\/\\\/www.tablaosflamencos.com\\\/de\\\/andalusische-pena-reihe-sevilla-2026.html#primaryimage\"},\"thumbnailUrl\":\"https:\\\/\\\/www.tablaosflamencos.com\\\/wp-content\\\/uploads\\\/circuito-andaluz-de-penas-en-sevilla-2026-calendario-artistas-y-recitales-gratuitos-01.webp\",\"keywords\":[\"Andalusische Pe\u00f1a-Reihe\",\"flamenco en Sevilla\",\"Flamenco-Gesang\",\"Flamenco-Pe\u00f1as\",\"kostenloser Flamenco\"],\"articleSection\":[\"Flamenco-Pe\u00f1as\"],\"inLanguage\":\"de\"},{\"@type\":\"WebPage\",\"@id\":\"https:\\\/\\\/www.tablaosflamencos.com\\\/de\\\/andalusische-pena-reihe-sevilla-2026.html\",\"url\":\"https:\\\/\\\/www.tablaosflamencos.com\\\/de\\\/andalusische-pena-reihe-sevilla-2026.html\",\"name\":\"Andalusische Pe\u00f1a-Reihe in Sevilla 2026: Kalender und K\u00fcnstler | Tablaos Flamencos\",\"isPartOf\":{\"@id\":\"https:\\\/\\\/www.tablaosflamencos.com\\\/de#website\"},\"primaryImageOfPage\":{\"@id\":\"https:\\\/\\\/www.tablaosflamencos.com\\\/de\\\/andalusische-pena-reihe-sevilla-2026.html#primaryimage\"},\"image\":{\"@id\":\"https:\\\/\\\/www.tablaosflamencos.com\\\/de\\\/andalusische-pena-reihe-sevilla-2026.html#primaryimage\"},\"thumbnailUrl\":\"https:\\\/\\\/www.tablaosflamencos.com\\\/wp-content\\\/uploads\\\/circuito-andaluz-de-penas-en-sevilla-2026-calendario-artistas-y-recitales-gratuitos-01.webp\",\"datePublished\":\"2026-09-05T12:14:08+00:00\",\"dateModified\":\"2026-09-05T12:36:00+00:00\",\"description\":\"Kalender der Andalusischen Pe\u00f1a-Reihe in Sevilla 2026: K\u00fcnstler, Orte, Flamenco-Pe\u00f1as und kostenlose Auftritte im \u00dcberblick.\",\"breadcrumb\":{\"@id\":\"https:\\\/\\\/www.tablaosflamencos.com\\\/de\\\/andalusische-pena-reihe-sevilla-2026.html#breadcrumb\"},\"inLanguage\":\"de\",\"potentialAction\":[{\"@type\":\"ReadAction\",\"target\":[\"https:\\\/\\\/www.tablaosflamencos.com\\\/de\\\/andalusische-pena-reihe-sevilla-2026.html\"]}]},{\"@type\":\"ImageObject\",\"inLanguage\":\"de\",\"@id\":\"https:\\\/\\\/www.tablaosflamencos.com\\\/de\\\/andalusische-pena-reihe-sevilla-2026.html#primaryimage\",\"url\":\"https:\\\/\\\/www.tablaosflamencos.com\\\/wp-content\\\/uploads\\\/circuito-andaluz-de-penas-en-sevilla-2026-calendario-artistas-y-recitales-gratuitos-01.webp\",\"contentUrl\":\"https:\\\/\\\/www.tablaosflamencos.com\\\/wp-content\\\/uploads\\\/circuito-andaluz-de-penas-en-sevilla-2026-calendario-artistas-y-recitales-gratuitos-01.webp\",\"width\":1536,\"height\":1024,\"caption\":\"Circuito Andaluz de Pe\u00f1as en Sevilla 2026: calendario, artistas y recitales gratuitos\"},{\"@type\":\"BreadcrumbList\",\"@id\":\"https:\\\/\\\/www.tablaosflamencos.com\\\/de\\\/andalusische-pena-reihe-sevilla-2026.html#breadcrumb\",\"itemListElement\":[{\"@type\":\"ListItem\",\"position\":1,\"name\":\"Home\",\"item\":\"https:\\\/\\\/www.tablaosflamencos.com\\\/de\"},{\"@type\":\"ListItem\",\"position\":2,\"name\":\"Andalusische Pe\u00f1a-Reihe in Sevilla 2026: Kalender, K\u00fcnstler und kostenlose Flamenco-Abende\"}]},{\"@type\":\"WebSite\",\"@id\":\"https:\\\/\\\/www.tablaosflamencos.com\\\/de#website\",\"url\":\"https:\\\/\\\/www.tablaosflamencos.com\\\/de\",\"name\":\"Tablaos Flamencos\",\"description\":\"Entradas para tablaos flamencos de Espa\u00f1a\",\"publisher\":{\"@id\":\"https:\\\/\\\/www.tablaosflamencos.com\\\/de#organization\"},\"alternateName\":\"Tablaos Flamencos\",\"potentialAction\":[{\"@type\":\"SearchAction\",\"target\":{\"@type\":\"EntryPoint\",\"urlTemplate\":\"https:\\\/\\\/www.tablaosflamencos.com\\\/de?s={search_term_string}\"},\"query-input\":{\"@type\":\"PropertyValueSpecification\",\"valueRequired\":true,\"valueName\":\"search_term_string\"}}],\"inLanguage\":\"de\"},{\"@type\":[\"Organization\",\"Place\",\"EntertainmentBusiness\"],\"@id\":\"https:\\\/\\\/www.tablaosflamencos.com\\\/de#organization\",\"name\":\"Tablaos Flamencos\",\"alternateName\":\"Tablaos Flamencos\",\"url\":\"https:\\\/\\\/www.tablaosflamencos.com\\\/de\",\"logo\":{\"@id\":\"https:\\\/\\\/www.tablaosflamencos.com\\\/de\\\/andalusische-pena-reihe-sevilla-2026.html#local-main-organization-logo\"},\"image\":{\"@id\":\"https:\\\/\\\/www.tablaosflamencos.com\\\/de\\\/andalusische-pena-reihe-sevilla-2026.html#local-main-organization-logo\"},\"sameAs\":[\"https:\\\/\\\/www.facebook.com\\\/tablaosflamencos\",\"https:\\\/\\\/x.com\\\/tablaosflamenco\",\"https:\\\/\\\/mastodon.social\\\/@tablaosflamencos\",\"https:\\\/\\\/www.instagram.com\\\/tablaosflamencos\",\"https:\\\/\\\/tiktok.com\\\/@tablaosflamencos\",\"https:\\\/\\\/www.linkedin.com\\\/company\\\/109408238\\\/\"],\"description\":\"Venta de entradas para espect\u00e1culos flamencos\",\"legalName\":\"Tablaos Flamencos\",\"foundingDate\":\"2015-01-01\",\"numberOfEmployees\":{\"@type\":\"QuantitativeValue\",\"minValue\":\"1\",\"maxValue\":\"10\"},\"address\":{\"@id\":\"https:\\\/\\\/www.tablaosflamencos.com\\\/de\\\/andalusische-pena-reihe-sevilla-2026.html#local-main-place-address\"},\"geo\":{\"@type\":\"GeoCoordinates\",\"latitude\":\"37.3868072\",\"longitude\":\"-5.993280299999999\"},\"telephone\":[\"+34623787787\"],\"contactPoint\":{\"@type\":\"ContactPoint\",\"telephone\":\"+34623787787\",\"email\":\"info@tablaosflamencos.com\"},\"openingHoursSpecification\":{\"@type\":\"OpeningHoursSpecification\",\"dayOfWeek\":[\"Monday\",\"Tuesday\",\"Wednesday\",\"Thursday\",\"Friday\",\"Saturday\",\"Sunday\"],\"opens\":\"00:00\",\"closes\":\"23:59\"},\"email\":\"info@tablaosflamencos.com\",\"priceRange\":\"$$$\",\"currenciesAccepted\":\"\u20ac\"},{\"@type\":\"Person\",\"@id\":\"https:\\\/\\\/www.tablaosflamencos.com\\\/de#\\\/schema\\\/person\\\/e7a9ebe14eb75a52ceabfbffb3c54f5d\",\"name\":\"Miguel Ortiz\",\"description\":\"Miguel Ortiz es un empresario flamenco, con una s\u00f3lida trayectoria dentro del sector. Ha presidido entidades culturales vinculadas al flamenco y, cuenta con un amplio recorrido profesional en la gesti\u00f3n y promoci\u00f3n de espect\u00e1culos y tablaos flamencos. Su pasi\u00f3n por la historia y el arte flamenco se refleja en cada art\u00edculo, donde combina experiencia, criterio y un profundo respeto por la tradici\u00f3n.\",\"sameAs\":[\"https:\\\/\\\/www.tablaosflamencos.com\",\"https:\\\/\\\/www.instagra.com\\\/miguelortizfe\",\"https:\\\/\\\/www.linkedin.com\\\/in\\\/miguelortizf\\\/\"],\"birthDate\":\"1984-11-22\",\"gender\":\"hombre\",\"knowsLanguage\":[\"espa\u00f1ol\",\"ingl\u00e9s\"],\"jobTitle\":\"Empresario flamenco\"},{\"@type\":\"PostalAddress\",\"@id\":\"https:\\\/\\\/www.tablaosflamencos.com\\\/de\\\/andalusische-pena-reihe-sevilla-2026.html#local-main-place-address\",\"streetAddress\":\"C\\\/ Alemanes, 19\",\"addressLocality\":\"Sevilla\",\"postalCode\":\"41004\",\"addressRegion\":\"Sevilla\",\"addressCountry\":\"ES\"},{\"@type\":\"ImageObject\",\"inLanguage\":\"de\",\"@id\":\"https:\\\/\\\/www.tablaosflamencos.com\\\/de\\\/andalusische-pena-reihe-sevilla-2026.html#local-main-organization-logo\",\"url\":\"https:\\\/\\\/www.tablaosflamencos.com\\\/wp-content\\\/uploads\\\/tablaos-flamencos-06-3.webp\",\"contentUrl\":\"https:\\\/\\\/www.tablaosflamencos.com\\\/wp-content\\\/uploads\\\/tablaos-flamencos-06-3.webp\",\"width\":600,\"height\":620,\"caption\":\"Tablaos Flamencos\"}]}<\/script>\n<meta name=\"geo.placename\" content=\"Sevilla\" \/>\n<meta name=\"geo.position\" content=\"37.3868072;-5.993280299999999\" \/>\n<meta name=\"geo.region\" content=\"Spanien\" \/>\n<!-- \/ Yoast SEO Premium plugin. -->","yoast_head_json":{"title":"Andalusische Pe\u00f1a-Reihe in Sevilla 2026: Kalender und K\u00fcnstler | Tablaos Flamencos","description":"Kalender der Andalusischen Pe\u00f1a-Reihe in Sevilla 2026: K\u00fcnstler, Orte, Flamenco-Pe\u00f1as und kostenlose Auftritte im \u00dcberblick.","robots":{"index":"index","follow":"follow","max-snippet":"max-snippet:-1","max-image-preview":"max-image-preview:large","max-video-preview":"max-video-preview:-1"},"canonical":"https:\/\/www.tablaosflamencos.com\/de\/andalusische-pena-reihe-sevilla-2026.html","og_locale":"de_DE","og_type":"article","og_title":"Andalusische Pe\u00f1a-Reihe in Sevilla 2026: Kalender, K\u00fcnstler und kostenlose Flamenco-Abende","og_description":"Kalender der Andalusischen Pe\u00f1a-Reihe in Sevilla 2026: K\u00fcnstler, Orte, Flamenco-Pe\u00f1as und kostenlose Auftritte im \u00dcberblick.","og_url":"https:\/\/www.tablaosflamencos.com\/de\/andalusische-pena-reihe-sevilla-2026.html","og_site_name":"Tablaos Flamencos","article_publisher":"https:\/\/www.facebook.com\/tablaosflamencos","article_published_time":"2026-09-05T12:14:08+00:00","article_modified_time":"2026-09-05T12:36:00+00:00","og_image":[{"width":1536,"height":1024,"url":"https:\/\/www.tablaosflamencos.com\/wp-content\/uploads\/circuito-andaluz-de-penas-en-sevilla-2026-calendario-artistas-y-recitales-gratuitos-01.webp","type":"image\/webp"}],"author":"Miguel Ortiz","twitter_card":"summary_large_image","twitter_creator":"@tablaosflamenco","twitter_site":"@tablaosflamenco","twitter_misc":{"Verfasst von":"Miguel Ortiz","Gesch\u00e4tzte Lesezeit":"16\u00a0Minuten"},"schema":{"@context":"https:\/\/schema.org","@graph":[{"@type":"Article","@id":"https:\/\/www.tablaosflamencos.com\/de\/andalusische-pena-reihe-sevilla-2026.html#article","isPartOf":{"@id":"https:\/\/www.tablaosflamencos.com\/de\/andalusische-pena-reihe-sevilla-2026.html"},"author":{"name":"Miguel Ortiz","@id":"https:\/\/www.tablaosflamencos.com\/de#\/schema\/person\/e7a9ebe14eb75a52ceabfbffb3c54f5d"},"headline":"Andalusische Pe\u00f1a-Reihe in Sevilla 2026: Kalender, K\u00fcnstler und kostenlose Flamenco-Abende","datePublished":"2026-09-05T12:14:08+00:00","dateModified":"2026-09-05T12:36:00+00:00","mainEntityOfPage":{"@id":"https:\/\/www.tablaosflamencos.com\/de\/andalusische-pena-reihe-sevilla-2026.html"},"wordCount":3113,"publisher":{"@id":"https:\/\/www.tablaosflamencos.com\/de#organization"},"image":{"@id":"https:\/\/www.tablaosflamencos.com\/de\/andalusische-pena-reihe-sevilla-2026.html#primaryimage"},"thumbnailUrl":"https:\/\/www.tablaosflamencos.com\/wp-content\/uploads\/circuito-andaluz-de-penas-en-sevilla-2026-calendario-artistas-y-recitales-gratuitos-01.webp","keywords":["Andalusische Pe\u00f1a-Reihe","flamenco en Sevilla","Flamenco-Gesang","Flamenco-Pe\u00f1as","kostenloser Flamenco"],"articleSection":["Flamenco-Pe\u00f1as"],"inLanguage":"de"},{"@type":"WebPage","@id":"https:\/\/www.tablaosflamencos.com\/de\/andalusische-pena-reihe-sevilla-2026.html","url":"https:\/\/www.tablaosflamencos.com\/de\/andalusische-pena-reihe-sevilla-2026.html","name":"Andalusische Pe\u00f1a-Reihe in Sevilla 2026: Kalender und K\u00fcnstler | Tablaos Flamencos","isPartOf":{"@id":"https:\/\/www.tablaosflamencos.com\/de#website"},"primaryImageOfPage":{"@id":"https:\/\/www.tablaosflamencos.com\/de\/andalusische-pena-reihe-sevilla-2026.html#primaryimage"},"image":{"@id":"https:\/\/www.tablaosflamencos.com\/de\/andalusische-pena-reihe-sevilla-2026.html#primaryimage"},"thumbnailUrl":"https:\/\/www.tablaosflamencos.com\/wp-content\/uploads\/circuito-andaluz-de-penas-en-sevilla-2026-calendario-artistas-y-recitales-gratuitos-01.webp","datePublished":"2026-09-05T12:14:08+00:00","dateModified":"2026-09-05T12:36:00+00:00","description":"Kalender der Andalusischen Pe\u00f1a-Reihe in Sevilla 2026: K\u00fcnstler, Orte, Flamenco-Pe\u00f1as und kostenlose Auftritte im \u00dcberblick.","breadcrumb":{"@id":"https:\/\/www.tablaosflamencos.com\/de\/andalusische-pena-reihe-sevilla-2026.html#breadcrumb"},"inLanguage":"de","potentialAction":[{"@type":"ReadAction","target":["https:\/\/www.tablaosflamencos.com\/de\/andalusische-pena-reihe-sevilla-2026.html"]}]},{"@type":"ImageObject","inLanguage":"de","@id":"https:\/\/www.tablaosflamencos.com\/de\/andalusische-pena-reihe-sevilla-2026.html#primaryimage","url":"https:\/\/www.tablaosflamencos.com\/wp-content\/uploads\/circuito-andaluz-de-penas-en-sevilla-2026-calendario-artistas-y-recitales-gratuitos-01.webp","contentUrl":"https:\/\/www.tablaosflamencos.com\/wp-content\/uploads\/circuito-andaluz-de-penas-en-sevilla-2026-calendario-artistas-y-recitales-gratuitos-01.webp","width":1536,"height":1024,"caption":"Circuito Andaluz de Pe\u00f1as en Sevilla 2026: calendario, artistas y recitales gratuitos"},{"@type":"BreadcrumbList","@id":"https:\/\/www.tablaosflamencos.com\/de\/andalusische-pena-reihe-sevilla-2026.html#breadcrumb","itemListElement":[{"@type":"ListItem","position":1,"name":"Home","item":"https:\/\/www.tablaosflamencos.com\/de"},{"@type":"ListItem","position":2,"name":"Andalusische Pe\u00f1a-Reihe in Sevilla 2026: Kalender, K\u00fcnstler und kostenlose Flamenco-Abende"}]},{"@type":"WebSite","@id":"https:\/\/www.tablaosflamencos.com\/de#website","url":"https:\/\/www.tablaosflamencos.com\/de","name":"Tablaos Flamencos","description":"Entradas para tablaos flamencos de Espa\u00f1a","publisher":{"@id":"https:\/\/www.tablaosflamencos.com\/de#organization"},"alternateName":"Tablaos Flamencos","potentialAction":[{"@type":"SearchAction","target":{"@type":"EntryPoint","urlTemplate":"https:\/\/www.tablaosflamencos.com\/de?s={search_term_string}"},"query-input":{"@type":"PropertyValueSpecification","valueRequired":true,"valueName":"search_term_string"}}],"inLanguage":"de"},{"@type":["Organization","Place","EntertainmentBusiness"],"@id":"https:\/\/www.tablaosflamencos.com\/de#organization","name":"Tablaos Flamencos","alternateName":"Tablaos Flamencos","url":"https:\/\/www.tablaosflamencos.com\/de","logo":{"@id":"https:\/\/www.tablaosflamencos.com\/de\/andalusische-pena-reihe-sevilla-2026.html#local-main-organization-logo"},"image":{"@id":"https:\/\/www.tablaosflamencos.com\/de\/andalusische-pena-reihe-sevilla-2026.html#local-main-organization-logo"},"sameAs":["https:\/\/www.facebook.com\/tablaosflamencos","https:\/\/x.com\/tablaosflamenco","https:\/\/mastodon.social\/@tablaosflamencos","https:\/\/www.instagram.com\/tablaosflamencos","https:\/\/tiktok.com\/@tablaosflamencos","https:\/\/www.linkedin.com\/company\/109408238\/"],"description":"Venta de entradas para espect\u00e1culos flamencos","legalName":"Tablaos Flamencos","foundingDate":"2015-01-01","numberOfEmployees":{"@type":"QuantitativeValue","minValue":"1","maxValue":"10"},"address":{"@id":"https:\/\/www.tablaosflamencos.com\/de\/andalusische-pena-reihe-sevilla-2026.html#local-main-place-address"},"geo":{"@type":"GeoCoordinates","latitude":"37.3868072","longitude":"-5.993280299999999"},"telephone":["+34623787787"],"contactPoint":{"@type":"ContactPoint","telephone":"+34623787787","email":"info@tablaosflamencos.com"},"openingHoursSpecification":{"@type":"OpeningHoursSpecification","dayOfWeek":["Monday","Tuesday","Wednesday","Thursday","Friday","Saturday","Sunday"],"opens":"00:00","closes":"23:59"},"email":"info@tablaosflamencos.com","priceRange":"$$$","currenciesAccepted":"\u20ac"},{"@type":"Person","@id":"https:\/\/www.tablaosflamencos.com\/de#\/schema\/person\/e7a9ebe14eb75a52ceabfbffb3c54f5d","name":"Miguel Ortiz","description":"Miguel Ortiz es un empresario flamenco, con una s\u00f3lida trayectoria dentro del sector. Ha presidido entidades culturales vinculadas al flamenco y, cuenta con un amplio recorrido profesional en la gesti\u00f3n y promoci\u00f3n de espect\u00e1culos y tablaos flamencos. Su pasi\u00f3n por la historia y el arte flamenco se refleja en cada art\u00edculo, donde combina experiencia, criterio y un profundo respeto por la tradici\u00f3n.","sameAs":["https:\/\/www.tablaosflamencos.com","https:\/\/www.instagra.com\/miguelortizfe","https:\/\/www.linkedin.com\/in\/miguelortizf\/"],"birthDate":"1984-11-22","gender":"hombre","knowsLanguage":["espa\u00f1ol","ingl\u00e9s"],"jobTitle":"Empresario flamenco"},{"@type":"PostalAddress","@id":"https:\/\/www.tablaosflamencos.com\/de\/andalusische-pena-reihe-sevilla-2026.html#local-main-place-address","streetAddress":"C\/ Alemanes, 19","addressLocality":"Sevilla","postalCode":"41004","addressRegion":"Sevilla","addressCountry":"ES"},{"@type":"ImageObject","inLanguage":"de","@id":"https:\/\/www.tablaosflamencos.com\/de\/andalusische-pena-reihe-sevilla-2026.html#local-main-organization-logo","url":"https:\/\/www.tablaosflamencos.com\/wp-content\/uploads\/tablaos-flamencos-06-3.webp","contentUrl":"https:\/\/www.tablaosflamencos.com\/wp-content\/uploads\/tablaos-flamencos-06-3.webp","width":600,"height":620,"caption":"Tablaos Flamencos"}]},"geo.placename":"Sevilla","geo.position":{"lat":"37.3868072","long":"-5.993280299999999"},"geo.region":"Spanien"},"_links":{"self":[{"href":"https:\/\/www.tablaosflamencos.com\/de\/wp-json\/wp\/v2\/posts\/14870","targetHints":{"allow":["GET"]}}],"collection":[{"href":"https:\/\/www.tablaosflamencos.com\/de\/wp-json\/wp\/v2\/posts"}],"about":[{"href":"https:\/\/www.tablaosflamencos.com\/de\/wp-json\/wp\/v2\/types\/post"}],"author":[{"embeddable":true,"href":"https:\/\/www.tablaosflamencos.com\/de\/wp-json\/wp\/v2\/users\/1"}],"replies":[{"embeddable":true,"href":"https:\/\/www.tablaosflamencos.com\/de\/wp-json\/wp\/v2\/comments?post=14870"}],"version-history":[{"count":1,"href":"https:\/\/www.tablaosflamencos.com\/de\/wp-json\/wp\/v2\/posts\/14870\/revisions"}],"predecessor-version":[{"id":14875,"href":"https:\/\/www.tablaosflamencos.com\/de\/wp-json\/wp\/v2\/posts\/14870\/revisions\/14875"}],"wp:featuredmedia":[{"embeddable":true,"href":"https:\/\/www.tablaosflamencos.com\/de\/wp-json\/wp\/v2\/media\/14729"}],"wp:attachment":[{"href":"https:\/\/www.tablaosflamencos.com\/de\/wp-json\/wp\/v2\/media?parent=14870"}],"wp:term":[{"taxonomy":"category","embeddable":true,"href":"https:\/\/www.tablaosflamencos.com\/de\/wp-json\/wp\/v2\/categories?post=14870"},{"taxonomy":"post_tag","embeddable":true,"href":"https:\/\/www.tablaosflamencos.com\/de\/wp-json\/wp\/v2\/tags?post=14870"}],"curies":[{"name":"wp","href":"https:\/\/api.w.org\/{rel}","templated":true}]}}