{"id":14828,"date":"2026-09-05T14:03:11","date_gmt":"2026-09-05T12:03:11","guid":{"rendered":"https:\/\/www.tablaosflamencos.com\/?p=14828"},"modified":"2026-09-05T14:31:32","modified_gmt":"2026-09-05T12:31:32","slug":"wo-flamenco-jerez-waehrend-jerez-fusion","status":"publish","type":"post","link":"https:\/\/www.tablaosflamencos.com\/de\/wo-flamenco-jerez-waehrend-jerez-fusion.html","title":{"rendered":"Wo man in Jerez w\u00e4hrend Jerez Fusi\u00f3n Flamenco sehen kann"},"content":{"rendered":"<section class=\"l-section wpb_row height_huge\"><div class=\"l-section-h i-cf\"><div class=\"g-cols vc_row via_flex valign_top type_default stacking_default\"><div class=\"vc_col-sm-6 wpb_column vc_column_container\"><div class=\"vc_column-inner\"><div class=\"wpb_wrapper\"><div class=\"wpb_text_column\"><div class=\"wpb_wrapper\"><h2><strong>Flamenco in Jerez<\/strong><\/h2>\n<p><strong>Flamenco in Jerez w\u00e4hrend Jerez Fusi\u00f3n erleben<\/strong> verbindet zwei Arten, die Stadt kennenzulernen: die Konzerte des Festivals und eine Tablao-Vorstellung mit Flamencogesang, Gitarre und Tanz. Die beste Wahl h\u00e4ngt davon ab, was Sie h\u00f6ren m\u00f6chten, wie viel Zeit Sie haben und welche Tickets an den einzelnen Tagen verf\u00fcgbar sind.<\/p>\n<p>Wenn Sie vom <strong>10. bis 13. September 2026<\/strong> reisen, w\u00e4hlen Sie zun\u00e4chst die Festivalveranstaltung aus, die Sie am meisten interessiert, und reservieren Sie anschlie\u00dfend Zeit, um Flamenco in einem intimeren Rahmen zu erleben. Dieser Leitfaden hilft Ihnen bei der Entscheidung, wohin Sie gehen und wie Sie beide Erlebnisse organisieren k\u00f6nnen.<\/p>\n<\/div><\/div><\/div><\/div><\/div><div class=\"vc_col-sm-6 wpb_column vc_column_container\"><div class=\"vc_column-inner\"><div class=\"wpb_wrapper\"><div class=\"w-image us_custom_83db15f5 has_aspect_ratio align_center\"><div class=\"w-image-h\"><img fetchpriority=\"high\" decoding=\"async\" width=\"1024\" height=\"768\" src=\"https:\/\/www.tablaosflamencos.com\/wp-content\/uploads\/donde-ver-flamenco-en-jerez-durante-jerez-fusion-01-1-1024x768.webp\" class=\"attachment-large size-large\" alt=\"D\u00f3nde ver flamenco en Jerez durante Jerez Fusi\u00f3n\" loading=\"eager\" srcset=\"https:\/\/www.tablaosflamencos.com\/wp-content\/uploads\/donde-ver-flamenco-en-jerez-durante-jerez-fusion-01-1-1024x768.webp 1024w, https:\/\/www.tablaosflamencos.com\/wp-content\/uploads\/donde-ver-flamenco-en-jerez-durante-jerez-fusion-01-1-300x225.webp 300w, https:\/\/www.tablaosflamencos.com\/wp-content\/uploads\/donde-ver-flamenco-en-jerez-durante-jerez-fusion-01-1-600x450.webp 600w, https:\/\/www.tablaosflamencos.com\/wp-content\/uploads\/donde-ver-flamenco-en-jerez-durante-jerez-fusion-01-1-150x113.webp 150w, https:\/\/www.tablaosflamencos.com\/wp-content\/uploads\/donde-ver-flamenco-en-jerez-durante-jerez-fusion-01-1.webp 1448w\" sizes=\"auto, (max-width: 1024px) 100vw, 1024px\" \/><\/div><\/div><\/div><\/div><\/div><\/div><\/div><\/section><section class=\"l-section wpb_row height_huge color_alternate with_shape\"><div class=\"l-section-shape type_zigzag pos_top\" style=\"height:3vmin;\"><svg xmlns=\"http:\/\/www.w3.org\/2000\/svg\" viewBox=\"0 0 64 8\" preserveAspectRatio=\"none\" width=\"100%\" height=\"100%\">\r\n\t<path fill=\"currentColor\" d=\"M64 8 L0 8 L0 0 L20 7.9 L40 3 L48 5 L64 0 Z\"\/>\r\n<\/svg><\/div><div class=\"l-section-shape type_zigzag pos_bottom\" style=\"height:3vmin;\"><svg xmlns=\"http:\/\/www.w3.org\/2000\/svg\" viewBox=\"0 0 64 8\" preserveAspectRatio=\"none\" width=\"100%\" height=\"100%\">\r\n\t<path fill=\"currentColor\" d=\"M64 8 L0 8 L0 0 L20 7.9 L40 3 L48 5 L64 0 Z\"\/>\r\n<\/svg><\/div><div class=\"l-section-h i-cf\"><div class=\"g-cols vc_row via_flex valign_top type_default stacking_default\"><div class=\"vc_col-sm-12 wpb_column vc_column_container\"><div class=\"vc_column-inner\"><div class=\"wpb_wrapper\"><div class=\"wpb_text_column\"><div class=\"wpb_wrapper\"><h2>Kurzantwort: Wo kann man w\u00e4hrend des Festivals Flamenco sehen?<\/h2>\n<p>F\u00fcr Jerez Fusi\u00f3n finden Sie die Spielorte und Auftritte im <a href=\"https:\/\/www.jerezfusion.com\/\">offiziellen Programm<\/a>. Wenn Sie eine Tablao-Show suchen, die Sie separat buchen k\u00f6nnen, steht Ihnen <a href=\"https:\/\/www.tablaosflamencos.com\/tablao\/tablao-flamenco-puro-arte\">Tablao Flamenco Puro Arte<\/a> zur Verf\u00fcgung. Sie k\u00f6nnen au\u00dferdem unsere Seite \u00fcber <a href=\"https:\/\/www.tablaosflamencos.com\/flamenco-en-jerez\">Flamenco in Jerez<\/a> besuchen, um die verf\u00fcgbaren Angebote zu sehen.<\/p>\n<p><strong>Die Buchung eines Tablaos ist unabh\u00e4ngig vom Festival.<\/strong> Pr\u00fcfen Sie Datum, Uhrzeit und enthaltene Leistungen jeder Aktivit\u00e4t, bevor Sie Ihren Plan festlegen.<\/p>\n<\/div><\/div><\/div><\/div><\/div><\/div><\/div><\/section><section class=\"l-section wpb_row height_huge\"><div class=\"l-section-h i-cf\"><div class=\"g-cols vc_row via_flex valign_top type_default stacking_default\"><div class=\"vc_col-sm-3 wpb_column vc_column_container\"><div class=\"vc_column-inner\"><div class=\"wpb_wrapper\"><\/div><\/div><\/div><div class=\"vc_col-sm-6 wpb_column vc_column_container\"><div class=\"vc_column-inner\"><div class=\"wpb_wrapper\"><div class=\"wpb_text_column\"><div class=\"wpb_wrapper\"><h2>In diesem Leitfaden<\/h2>\n<ul>\n<li><a href=\"#festival\">Die Spielorte von Jerez Fusi\u00f3n<\/a><\/li>\n<li><a href=\"#puro-arte\">Puro Arte: eine Tablao-Option<\/a><\/li>\n<li><a href=\"#elegir\">Welches Format passt zu Ihnen?<\/a><\/li>\n<li><a href=\"#plan\">So planen Sie den Tag<\/a><\/li>\n<li><a href=\"#reservar\">Tickets und Buchung<\/a><\/li>\n<li><a href=\"#preguntas\">H\u00e4ufig gestellte Fragen<\/a><\/li>\n<\/ul>\n<\/div><\/div><\/div><\/div><\/div><div class=\"vc_col-sm-3 wpb_column vc_column_container\"><div class=\"vc_column-inner\"><div class=\"wpb_wrapper\"><\/div><\/div><\/div><\/div><\/div><\/section><section class=\"l-section wpb_row height_huge color_alternate with_shape\"><div class=\"l-section-shape type_zigzag pos_top\" style=\"height:3vmin;\"><svg xmlns=\"http:\/\/www.w3.org\/2000\/svg\" viewBox=\"0 0 64 8\" preserveAspectRatio=\"none\" width=\"100%\" height=\"100%\">\r\n\t<path fill=\"currentColor\" d=\"M64 8 L0 8 L0 0 L20 7.9 L40 3 L48 5 L64 0 Z\"\/>\r\n<\/svg><\/div><div class=\"l-section-shape type_zigzag pos_bottom\" style=\"height:3vmin;\"><svg xmlns=\"http:\/\/www.w3.org\/2000\/svg\" viewBox=\"0 0 64 8\" preserveAspectRatio=\"none\" width=\"100%\" height=\"100%\">\r\n\t<path fill=\"currentColor\" d=\"M64 8 L0 8 L0 0 L20 7.9 L40 3 L48 5 L64 0 Z\"\/>\r\n<\/svg><\/div><div class=\"l-section-h i-cf\"><div class=\"g-cols vc_row via_flex valign_top type_default stacking_default\"><div class=\"vc_col-sm-12 wpb_column vc_column_container\"><div class=\"vc_column-inner\"><div class=\"wpb_wrapper\"><div class=\"wpb_text_column\"><div class=\"wpb_wrapper\"><h2 id=\"festival\">Die Spielorte von Jerez Fusi\u00f3n: nach Auftritt ausw\u00e4hlen<\/h2>\n<p>Jerez Fusi\u00f3n bringt Flamenco mit anderen musikalischen Ausdrucksformen und der Weinkultur zusammen. Das Programm verteilt sich auf verschiedene Spielorte. Am praktischsten ist es daher, zuerst einen Auftritt auszuw\u00e4hlen und anschlie\u00dfend den Veranstaltungsort zu pr\u00fcfen. Kontrollieren Sie immer den konkreten Ort auf Ihrem Ticket: Der Festivalname steht nicht f\u00fcr eine einzige Adresse.<\/p>\n<p>Die <a href=\"https:\/\/www.jerez.es\/eventos\/detalle\/jerez-fusion-flamenco-global-experience\">Stadtverwaltung von Jerez<\/a> setzt die Veranstaltung f\u00fcr den 10. bis 13. September an und nennt die Alameda Vieja als Ort des Abschlusskonzerts mit einer Hommage an Antonio de los R\u00edos, \u201eEl Madriles\u201c, und der Mitwirkung von Raimundo Amador. Informationen zu Uhrzeiten, Zugang und m\u00f6glichen \u00c4nderungen entnehmen Sie den Angaben, die die Organisation f\u00fcr jedes Konzert ver\u00f6ffentlicht.<\/p>\n<p>W\u00e4hlen Sie diesen Teil Ihrer Reise, wenn Sie musikalische Begegnungen entdecken oder einem K\u00fcnstler aus dem Programm folgen m\u00f6chten. Pr\u00fcfen Sie vor dem Kauf auch das Format: Ein Fusion-Konzert kann ein anderes Erlebnis bieten als ein Flamenco-Ensemble mit Gesang, Gitarre und Tanz.<\/p>\n<\/div><\/div><\/div><\/div><\/div><\/div><\/div><\/section><section class=\"l-section wpb_row height_huge\"><div class=\"l-section-h i-cf\"><div class=\"g-cols vc_row via_flex valign_top type_default stacking_default\"><div class=\"vc_col-sm-6 wpb_column vc_column_container\"><div class=\"vc_column-inner\"><div class=\"wpb_wrapper\"><div class=\"wpb_text_column\"><div class=\"wpb_wrapper\"><h2 id=\"puro-arte\">Tablao Flamenco Puro Arte: Gesang, Gitarre und Tanz<\/h2>\n<p>Wenn Sie Ihren Aufenthalt um eine Tablao-Vorstellung erg\u00e4nzen m\u00f6chten, <strong>Puro Arte<\/strong> ist die buchbare Option, die Sie auf unserer Website finden. Es befindet sich in der <strong>calle Madre de Dios, 10<\/strong>, in Jerez de la Frontera, und bietet eine Show mit Flamencogesang, Gitarre und Tanz.<\/p>\n<p>Die Beschreibung des Lokals nennt eine ungef\u00e4hre Dauer von <strong>60\u201370 Minuten<\/strong>, ein Ensemble aus f\u00fcnf K\u00fcnstlern sowie Optionen mit Getr\u00e4nk oder Tapas-Men\u00fc. Pr\u00fcfen Sie die M\u00f6glichkeiten f\u00fcr Ihre gew\u00fcnschte Vorstellung, besonders wenn Sie Essen einplanen m\u00f6chten: Daf\u00fcr sollten Sie zus\u00e4tzliche Zeit vorsehen.<\/p>\n<p><a href=\"https:\/\/www.tablaosflamencos.com\/tablao\/tablao-flamenco-puro-arte\">Puro Arte und die verf\u00fcgbaren Tickets ansehen<\/a> und die Verf\u00fcgbarkeit pr\u00fcfen. Wir empfehlen diesen Besuch als eigenst\u00e4ndigen Programmpunkt f\u00fcr Ihren Aufenthalt in Jerez, nicht als Teil von Jerez Fusi\u00f3n.<\/p>\n<\/div><\/div><\/div><\/div><\/div><div class=\"vc_col-sm-6 wpb_column vc_column_container\"><div class=\"vc_column-inner\"><div class=\"wpb_wrapper\"><div class=\"w-image align_center\"><div class=\"w-image-h\"><img decoding=\"async\" width=\"1024\" height=\"684\" src=\"https:\/\/www.tablaosflamencos.com\/wp-content\/uploads\/tablao-flamenco-puro-arte-02-1024x684.webp\" class=\"attachment-large size-large\" alt=\"Tablao Flamenco Jerez | Tablao Puro Arte\" loading=\"eager\" srcset=\"https:\/\/www.tablaosflamencos.com\/wp-content\/uploads\/tablao-flamenco-puro-arte-02-1024x684.webp 1024w, https:\/\/www.tablaosflamencos.com\/wp-content\/uploads\/tablao-flamenco-puro-arte-02-300x200.webp 300w, https:\/\/www.tablaosflamencos.com\/wp-content\/uploads\/tablao-flamenco-puro-arte-02-600x401.webp 600w, https:\/\/www.tablaosflamencos.com\/wp-content\/uploads\/tablao-flamenco-puro-arte-02-150x100.webp 150w, https:\/\/www.tablaosflamencos.com\/wp-content\/uploads\/tablao-flamenco-puro-arte-02.webp 1360w\" sizes=\"auto, (max-width: 1024px) 100vw, 1024px\" \/><\/div><\/div><\/div><\/div><\/div><\/div><\/div><\/section><section class=\"l-section wpb_row height_huge color_alternate with_shape\"><div class=\"l-section-shape type_zigzag pos_top\" style=\"height:3vmin;\"><svg xmlns=\"http:\/\/www.w3.org\/2000\/svg\" viewBox=\"0 0 64 8\" preserveAspectRatio=\"none\" width=\"100%\" height=\"100%\">\r\n\t<path fill=\"currentColor\" d=\"M64 8 L0 8 L0 0 L20 7.9 L40 3 L48 5 L64 0 Z\"\/>\r\n<\/svg><\/div><div class=\"l-section-shape type_zigzag pos_bottom\" style=\"height:3vmin;\"><svg xmlns=\"http:\/\/www.w3.org\/2000\/svg\" viewBox=\"0 0 64 8\" preserveAspectRatio=\"none\" width=\"100%\" height=\"100%\">\r\n\t<path fill=\"currentColor\" d=\"M64 8 L0 8 L0 0 L20 7.9 L40 3 L48 5 L64 0 Z\"\/>\r\n<\/svg><\/div><div class=\"l-section-h i-cf\"><div class=\"g-cols vc_row via_flex valign_top type_default stacking_default\"><div class=\"vc_col-sm-12 wpb_column vc_column_container\"><div class=\"vc_column-inner\"><div class=\"wpb_wrapper\"><div class=\"wpb_text_column\"><div class=\"wpb_wrapper\"><h2 id=\"elegir\">Festival, Tablao oder lokales Programm: Was passt zu Ihnen?<\/h2>\n<h3>Wenn Sie einem K\u00fcnstler folgen oder Fusionen entdecken m\u00f6chten<\/h3>\n<p>Beginnen Sie mit dem Festivalprogramm. H\u00f6ren Sie sich eine Kostprobe des Projekts an, das Sie interessiert, und pr\u00fcfen Sie, was das Konzert bietet. So entscheiden Sie nach Ihrem Musikgeschmack und nicht nur danach, ob gerade ein freies Zeitfenster vorhanden ist.<\/p>\n<h3>F\u00fcr ein erstes Erlebnis mit Flamencogesang, Gitarre und Tanz<\/h3>\n<p>Ein Tablao erleichtert die Planung rund um eine klar definierte Show. Es ist eine gute Wahl, wenn Sie beobachten m\u00f6chten, wie Stimme, Gitarre und Tanz zusammenspielen. Pr\u00fcfen Sie, was f\u00fcr die Vorstellung angek\u00fcndigt wird: Nicht jede Flamenco-Show hat die gleiche Besetzung oder gewichtet die einzelnen Disziplinen gleich.<\/p>\n<h3>F\u00fcr ein erweitertes Programm mit Pe\u00f1as und Tabancos<\/h3>\n<p>Wenn Sie etwas aus dem lokalen Veranstaltungskalender erg\u00e4nzen m\u00f6chten, suchen Sie nach einem f\u00fcr Ihre Reisedaten angek\u00fcndigten Recital und pr\u00fcfen Sie die Zugangsbedingungen. Gehen Sie nicht davon aus, dass jeder Tabanco bei Ihrer Ankunft eine Auff\u00fchrung bietet oder eine Pe\u00f1a t\u00e4glich Konzerte veranstaltet. Ein Ort mit Flamenco-Atmosph\u00e4re und eine geplante Auff\u00fchrung sind unterschiedliche Angebote; es ist hilfreich zu wissen, wonach Sie suchen.<\/p>\n<\/div><\/div><\/div><\/div><\/div><\/div><\/div><\/section><section class=\"l-section wpb_row height_huge\"><div class=\"l-section-h i-cf\"><div class=\"g-cols vc_row via_flex valign_top type_default stacking_default\"><div class=\"vc_col-sm-12 wpb_column vc_column_container\"><div class=\"vc_column-inner\"><div class=\"wpb_wrapper\"><div class=\"wpb_text_column\"><div class=\"wpb_wrapper\"><h2 id=\"plan\">So kombinieren Sie Jerez Fusi\u00f3n und einen Tablao auf derselben Reise<\/h2>\n<p>Planen Sie Ihren Aufenthalt zuerst rund um die Aktivit\u00e4t, f\u00fcr die es die wenigsten alternativen Termine gibt. Wenn ein bestimmtes Konzert Ihr Hauptgrund f\u00fcr die Reise ist, notieren Sie zun\u00e4chst Uhrzeit und Ort. Suchen Sie danach eine passende Tablao-Vorstellung, ohne die Wege zu knapp zu kalkulieren.<\/p>\n<h3>Wenn Sie nur einen Abend haben<\/h3>\n<p>W\u00e4hlen Sie eine Auff\u00fchrung als Hauptprogramm. Eine zweite Veranstaltung lohnt sich nur, wenn Sie die Dauer, den Zeitpunkt des Verlassens des ersten Veranstaltungsortes und die Fahrt zum n\u00e4chsten zuverl\u00e4ssig einsch\u00e4tzen k\u00f6nnen. Liegen die Zeiten zu nah beieinander, ist es meist besser, ein einziges Erlebnis in Ruhe zu genie\u00dfen.<\/p>\n<h3>Wenn Sie ein Wochenende bleiben<\/h3>\n<p>Widmen Sie einen Tag dem Festival und einen anderen dem Tablao. Wenn Sie beide Formate trennen, k\u00f6nnen Sie jedes genie\u00dfen, ohne st\u00e4ndig auf die n\u00e4chste Ticketzeit achten zu m\u00fcssen. Lassen Sie tags\u00fcber Raum f\u00fcr einen Spaziergang, eine Mahlzeit oder eine Pause; nicht jedes Zeitfenster zwischen den Auff\u00fchrungen muss gef\u00fcllt sein.<\/p>\n<h3>Wenn Sie ein Abendessen einplanen m\u00f6chten<\/h3>\n<p>Pr\u00fcfen Sie, wann es serviert wird und wie viel Zeit Sie daf\u00fcr ben\u00f6tigen. Planen Sie den Abend nicht nur nach der Dauer der Show. Wenn Sie lieber woanders essen, reservieren Sie den Tisch so, dass auch das Ende der Vorstellung und der Weg ber\u00fccksichtigt sind.<\/p>\n<\/div><\/div><\/div><\/div><\/div><\/div><\/div><\/section><section class=\"l-section wpb_row height_huge color_alternate with_shape\"><div class=\"l-section-shape type_zigzag pos_top\" style=\"height:3vmin;\"><svg xmlns=\"http:\/\/www.w3.org\/2000\/svg\" viewBox=\"0 0 64 8\" preserveAspectRatio=\"none\" width=\"100%\" height=\"100%\">\r\n\t<path fill=\"currentColor\" d=\"M64 8 L0 8 L0 0 L20 7.9 L40 3 L48 5 L64 0 Z\"\/>\r\n<\/svg><\/div><div class=\"l-section-shape type_zigzag pos_bottom\" style=\"height:3vmin;\"><svg xmlns=\"http:\/\/www.w3.org\/2000\/svg\" viewBox=\"0 0 64 8\" preserveAspectRatio=\"none\" width=\"100%\" height=\"100%\">\r\n\t<path fill=\"currentColor\" d=\"M64 8 L0 8 L0 0 L20 7.9 L40 3 L48 5 L64 0 Z\"\/>\r\n<\/svg><\/div><div class=\"l-section-h i-cf\"><div class=\"g-cols vc_row via_flex valign_top type_default stacking_default\"><div class=\"vc_col-sm-12 wpb_column vc_column_container\"><div class=\"vc_column-inner\"><div class=\"wpb_wrapper\"><div class=\"wpb_text_column\"><div class=\"wpb_wrapper\"><h2 id=\"reservar\">Was Sie bei der Buchung von Flamenco in Jerez pr\u00fcfen sollten<\/h2>\n<p>F\u00fcr das Festival finden Sie die Informationen zu jeder Veranstaltung auf der offiziellen Website. F\u00fcr den Tablao nutzen Sie die Puro-Arte-Seite auf Tablaos Flamencos. Jede Buchung sollte klar angeben, was Sie kaufen und f\u00fcr welches Datum.<\/p>\n<ul>\n<li><strong>Tag und Uhrzeit:<\/strong> Pr\u00fcfen Sie, ob sie zu Ihrem Aufenthalt passen und sich nicht mit einem anderen Ticket \u00fcberschneiden.<\/li>\n<li><strong>Ort:<\/strong> Speichern Sie die genaue Adresse des Veranstaltungsortes und kalkulieren Sie den Weg von Ihrer vorherigen Aktivit\u00e4t ein.<\/li>\n<li><strong>Option:<\/strong> Pr\u00fcfen Sie, ob nur die Show, ein Getr\u00e4nk oder Essen enthalten ist.<\/li>\n<li><strong>Gesamtpreis:<\/strong> Pr\u00fcfen Sie den Preis f\u00fcr alle Teilnehmer und die Bedingungen f\u00fcr \u00c4nderungen oder Stornierungen.<\/li>\n<li><strong>Bed\u00fcrfnisse der Gruppe:<\/strong> Pr\u00fcfen Sie Kinderregelungen, Barrierefreiheit oder ben\u00f6tigte Verpflegungsoptionen.<\/li>\n<\/ul>\n<p>Betrachten Sie Ihren Platz erst dann als best\u00e4tigt, wenn Sie den Kauf abgeschlossen und die entsprechende Best\u00e4tigung erhalten haben. Wenn keine Verf\u00fcgbarkeit besteht, probieren Sie eine andere Vorstellung oder organisieren Sie den Tag neu, bevor Sie die \u00fcbrigen Aktivit\u00e4ten buchen.<\/p>\n<\/div><\/div><\/div><\/div><\/div><\/div><\/div><\/section><section class=\"l-section wpb_row height_huge\"><div class=\"l-section-h i-cf\"><div class=\"g-cols vc_row via_flex valign_top type_default stacking_default\"><div class=\"vc_col-sm-12 wpb_column vc_column_container\"><div class=\"vc_column-inner\"><div class=\"wpb_wrapper\"><div class=\"wpb_text_column\"><div class=\"wpb_wrapper\"><h2>Tipps f\u00fcr das Live-Erlebnis<\/h2>\n<p>Kommen Sie mit dem in Ihrer Buchung angegebenen Vorlauf und halten Sie Ihr Ticket so bereit, dass Sie es leicht vorzeigen k\u00f6nnen. F\u00fcr Puro Arte empfiehlt die Beschreibung, 15 bis 20 Minuten fr\u00fcher da zu sein. So k\u00f6nnen Sie sich in Ruhe setzen und ohne Hektik beginnen.<\/p>\n<p>Verschieben Sie Gespr\u00e4che w\u00e4hrend der Auff\u00fchrung auf sp\u00e4ter und beachten Sie die Regeln des Lokals zu Fotos und Aufnahmen. Auch das Zuh\u00f6ren ist Teil des Erlebnisses: Wechsel in der Intensit\u00e4t und Feinheiten der Begleitung lassen sich besser wahrnehmen, wenn Sie aufmerksam bleiben.<\/p>\n<p>Wenn Sie in einer Gruppe reisen, vereinbaren Sie vorher, wie Sie zu Ihrer Unterkunft zur\u00fcckkehren. Wenn dieser Teil des Abends im Voraus gekl\u00e4rt ist, m\u00fcssen Sie ihn nicht w\u00e4hrend der laufenden Vorstellung am Handy organisieren.<\/p>\n<\/div><\/div><\/div><\/div><\/div><\/div><\/div><\/section><section class=\"l-section wpb_row height_huge color_alternate with_shape\"><div class=\"l-section-shape type_zigzag pos_top\" style=\"height:3vmin;\"><svg xmlns=\"http:\/\/www.w3.org\/2000\/svg\" viewBox=\"0 0 64 8\" preserveAspectRatio=\"none\" width=\"100%\" height=\"100%\">\r\n\t<path fill=\"currentColor\" d=\"M64 8 L0 8 L0 0 L20 7.9 L40 3 L48 5 L64 0 Z\"\/>\r\n<\/svg><\/div><div class=\"l-section-shape type_zigzag pos_bottom\" style=\"height:3vmin;\"><svg xmlns=\"http:\/\/www.w3.org\/2000\/svg\" viewBox=\"0 0 64 8\" preserveAspectRatio=\"none\" width=\"100%\" height=\"100%\">\r\n\t<path fill=\"currentColor\" d=\"M64 8 L0 8 L0 0 L20 7.9 L40 3 L48 5 L64 0 Z\"\/>\r\n<\/svg><\/div><div class=\"l-section-h i-cf\"><div class=\"g-cols vc_row via_flex valign_top type_default stacking_default\"><div class=\"vc_col-sm-1\/5 wpb_column vc_column_container\"><div class=\"vc_column-inner\"><div class=\"wpb_wrapper\"><\/div><\/div><\/div><div class=\"vc_col-sm-3\/5 wpb_column vc_column_container\"><div class=\"vc_column-inner\"><div class=\"wpb_wrapper\"><div class=\"wpb_text_column\"><div class=\"wpb_wrapper\"><h2 id=\"preguntas\">H\u00e4ufig gestellte Fragen<\/h2>\n<\/div><\/div><div class=\"w-separator size_medium\"><\/div><div class=\"w-tabs accordion type_togglable toggle_style_1 has_scrolling\" style=\"--sections-title-size:inherit;--sections-gap:0.5rem;\"><div class=\"w-tabs-sections titles-align_none icon_chevron cpos_right\"><div class=\"w-tabs-section\" id=\"jerez-fusion-faq-1\"><button type=\"button\" class=\"w-tabs-section-header\" aria-controls=\"content-jerez-fusion-faq-1\" aria-expanded=\"false\"><h3 class=\"w-tabs-section-title\">Wann findet Jerez Fusi\u00f3n 2026 statt?<\/h3><div class=\"w-tabs-section-control\"><\/div><\/button><div  class=\"w-tabs-section-content\" id=\"content-jerez-fusion-faq-1\"><div class=\"w-tabs-section-content-h i-cf\"><div class=\"wpb_text_column\"><div class=\"wpb_wrapper\"><p>Jerez Fusi\u00f3n findet vom 10. bis 13. September 2026 in Jerez de la Frontera statt. Im offiziellen Programm finden Sie Uhrzeit und Ort jeder Aktivit\u00e4t.<\/p>\n<\/div><\/div><\/div><\/div><\/div><div class=\"w-tabs-section\" id=\"jerez-fusion-faq-2\"><button type=\"button\" class=\"w-tabs-section-header\" aria-controls=\"content-jerez-fusion-faq-2\" aria-expanded=\"false\"><h3 class=\"w-tabs-section-title\">Wo kann ich w\u00e4hrend meines Aufenthalts einen Tablao buchen?<\/h3><div class=\"w-tabs-section-control\"><\/div><\/button><div  class=\"w-tabs-section-content\" id=\"content-jerez-fusion-faq-2\"><div class=\"w-tabs-section-content-h i-cf\"><div class=\"wpb_text_column\"><div class=\"wpb_wrapper\"><p>Sie k\u00f6nnen die Verf\u00fcgbarkeit des Tablao Flamenco Puro Arte auf Tablaos Flamencos pr\u00fcfen. Das Lokal befindet sich in der calle Madre de Dios, 10, in Jerez de la Frontera.<\/p>\n<\/div><\/div><\/div><\/div><\/div><div class=\"w-tabs-section\" id=\"jerez-fusion-faq-3\"><button type=\"button\" class=\"w-tabs-section-header\" aria-controls=\"content-jerez-fusion-faq-3\" aria-expanded=\"false\"><h3 class=\"w-tabs-section-title\">Ist das Ticket f\u00fcr Puro Arte in Jerez Fusi\u00f3n enthalten?<\/h3><div class=\"w-tabs-section-control\"><\/div><\/button><div  class=\"w-tabs-section-content\" id=\"content-jerez-fusion-faq-3\"><div class=\"w-tabs-section-content-h i-cf\"><div class=\"wpb_text_column\"><div class=\"wpb_wrapper\"><p>Die in diesem Leitfaden empfohlene Buchung f\u00fcr Puro Arte ist unabh\u00e4ngig vom Festival. Pr\u00fcfen Sie die enthaltenen Leistungen jedes Tickets und f\u00fchren Sie beide K\u00e4ufe getrennt durch.<\/p>\n<\/div><\/div><\/div><\/div><\/div><div class=\"w-tabs-section\" id=\"jerez-fusion-faq-4\"><button type=\"button\" class=\"w-tabs-section-header\" aria-controls=\"content-jerez-fusion-faq-4\" aria-expanded=\"false\"><h3 class=\"w-tabs-section-title\">Kann ich das Festival und einen Tablao am selben Tag besuchen?<\/h3><div class=\"w-tabs-section-control\"><\/div><\/button><div  class=\"w-tabs-section-content\" id=\"content-jerez-fusion-faq-4\"><div class=\"w-tabs-section-content-h i-cf\"><div class=\"wpb_text_column\"><div class=\"wpb_wrapper\"><p>Ja, wenn es die verf\u00fcgbaren Zeiten zulassen. Planen Sie ausreichend Zeit f\u00fcr die Dauer der Auff\u00fchrungen, das Verlassen der Spielorte, Wege und Essen ein. Wenn der Plan zu knapp wird, w\u00e4hlen Sie unterschiedliche Tage.<\/p>\n<\/div><\/div><\/div><\/div><\/div><div class=\"w-tabs-section\" id=\"jerez-fusion-faq-5\"><button type=\"button\" class=\"w-tabs-section-header\" aria-controls=\"content-jerez-fusion-faq-5\" aria-expanded=\"false\"><h3 class=\"w-tabs-section-title\">Muss ich zum Besuch der Show im Puro Arte zu Abend essen?<\/h3><div class=\"w-tabs-section-control\"><\/div><\/button><div  class=\"w-tabs-section-content\" id=\"content-jerez-fusion-faq-5\"><div class=\"w-tabs-section-content-h i-cf\"><div class=\"wpb_text_column\"><div class=\"wpb_wrapper\"><p>Die Angebotsseite enth\u00e4lt Optionen mit Getr\u00e4nk sowie Varianten mit Tapas-Men\u00fc. Pr\u00fcfen Sie, welche M\u00f6glichkeiten f\u00fcr die gew\u00fcnschte Vorstellung verf\u00fcgbar sind.<\/p>\n<\/div><\/div><\/div><\/div><\/div><div class=\"w-tabs-section\" id=\"jerez-fusion-faq-6\"><button type=\"button\" class=\"w-tabs-section-header\" aria-controls=\"content-jerez-fusion-faq-6\" aria-expanded=\"false\"><h3 class=\"w-tabs-section-title\">Gibt es in jedem Tabanco jeden Tag Flamenco?<\/h3><div class=\"w-tabs-section-control\"><\/div><\/button><div  class=\"w-tabs-section-content\" id=\"content-jerez-fusion-faq-6\"><div class=\"w-tabs-section-content-h i-cf\"><div class=\"wpb_text_column\"><div class=\"wpb_wrapper\"><p>Gehen Sie nicht automatisch davon aus. Pr\u00fcfen Sie, ob das Lokal f\u00fcr Ihr Datum eine Auff\u00fchrung angek\u00fcndigt hat, und kontrollieren Sie vor dem Besuch Uhrzeit und Zugangsbedingungen.<\/p>\n<\/div><\/div><\/div><\/div><\/div><\/div><\/div><\/div><\/div><\/div><div class=\"vc_col-sm-1\/5 wpb_column vc_column_container\"><div class=\"vc_column-inner\"><div class=\"wpb_wrapper\"><\/div><\/div><\/div><\/div><\/div><\/section><section class=\"l-section wpb_row height_huge\"><div class=\"l-section-h i-cf\"><div class=\"g-cols vc_row via_flex valign_top type_default stacking_default\"><div class=\"vc_col-sm-12 wpb_column vc_column_container\"><div class=\"vc_column-inner\"><div class=\"wpb_wrapper\"><div class=\"wpb_text_column\"><div class=\"wpb_wrapper\"><h2>Planen Sie Ihren Flamenco-Abend in Jerez<\/h2>\n<p>W\u00e4hlen Sie Ihr Jerez-Fusi\u00f3n-Konzert und pr\u00fcfen Sie eine Tablao-Vorstellung, die zu Ihrer Reise passt. Beginnen k\u00f6nnen Sie mit unserer <a href=\"https:\/\/www.tablaosflamencos.com\/flamenco-en-jerez\">Auswahl an Flamenco in Jerez<\/a> oder gehen Sie direkt zu den Optionen von Puro Arte.<\/p>\n<\/div><\/div><div class=\"w-separator size_medium\"><\/div><div class=\"w-hwrapper valign_top align_center\" style=\"--hwrapper-gap:1.2rem\"><div class=\"w-btn-wrapper align_none\"><a class=\"w-btn us-btn-style_1\" href=\"https:\/\/www.tablaosflamencos.com\/de\/tablao\/tablao-flamenco-puro-arte\"><span class=\"w-btn-label\">Verf\u00fcgbarkeit von Puro Arte pr\u00fcfen<\/span><\/a><\/div><\/div><\/div><\/div><\/div><\/div><\/div><\/section>\n","protected":false},"excerpt":{"rendered":"Flamenco in Jerez Flamenco in Jerez w\u00e4hrend Jerez Fusi\u00f3n erleben verbindet zwei Arten, die Stadt kennenzulernen: die Konzerte des Festivals und eine Tablao-Vorstellung mit Flamencogesang, Gitarre und Tanz. Die beste Wahl h\u00e4ngt davon ab, was Sie h\u00f6ren m\u00f6chten, wie viel Zeit Sie haben und welche Tickets an den einzelnen Tagen verf\u00fcgbar sind. Wenn Sie vom...","protected":false},"author":1,"featured_media":14752,"comment_status":"closed","ping_status":"closed","sticky":false,"template":"","format":"standard","meta":{"_acf_changed":false,"wpai_generated_summary":"","_ayudawp_aiss_exclude":false,"_ayudawp_aiss_exclude_summary":false,"_ayudawp_aiss_summary":"","_ayudawp_aiss_summary_provider":"","_ayudawp_aiss_summary_hash":"","footnotes":""},"categories":[356,1669],"tags":[2019,2020,2021,2038],"class_list":["post-14828","post","type-post","status-publish","format-standard","has-post-thumbnail","hentry","category-flamenco-nach-staedten","category-flamenco-festivals","tag-flamenco-in-jerez-de","tag-jerez-fusion-de","tag-jerez-fusion-2026-de","tag-wo-flamenco-in-jerez-sehen"],"acf":[],"yoast_head":"<!-- This site is optimized with the Yoast SEO Premium plugin v28.4 (Yoast SEO v28.4) - https:\/\/yoast.com\/product\/yoast-seo-premium-wordpress\/ -->\n<title>Flamenco in Jerez w\u00e4hrend Jerez Fusi\u00f3n 2026: Wo hingehen?<\/title>\n<meta name=\"description\" content=\"Entdecken Sie Flamenco in Jerez w\u00e4hrend Jerez Fusi\u00f3n 2026: Festivalkonzerte, Puro Arte sowie Tipps zum Planen und Buchen Ihrer Abende.\" \/>\n<meta name=\"robots\" content=\"index, follow, max-snippet:-1, max-image-preview:large, max-video-preview:-1\" \/>\n<link rel=\"canonical\" href=\"https:\/\/www.tablaosflamencos.com\/de\/wo-flamenco-jerez-waehrend-jerez-fusion.html\" \/>\n<meta property=\"og:locale\" content=\"de_DE\" \/>\n<meta property=\"og:type\" content=\"article\" \/>\n<meta property=\"og:title\" content=\"Wo man in Jerez w\u00e4hrend Jerez Fusi\u00f3n Flamenco sehen kann\" \/>\n<meta property=\"og:description\" content=\"Entdecken Sie Flamenco in Jerez w\u00e4hrend Jerez Fusi\u00f3n 2026: Festivalkonzerte, Puro Arte sowie Tipps zum Planen und Buchen Ihrer Abende.\" \/>\n<meta property=\"og:url\" content=\"https:\/\/www.tablaosflamencos.com\/de\/wo-flamenco-jerez-waehrend-jerez-fusion.html\" \/>\n<meta property=\"og:site_name\" content=\"Tablaos Flamencos\" \/>\n<meta property=\"article:publisher\" content=\"https:\/\/www.facebook.com\/tablaosflamencos\" \/>\n<meta property=\"article:published_time\" content=\"2026-09-05T12:03:11+00:00\" \/>\n<meta property=\"article:modified_time\" content=\"2026-09-05T12:31:32+00:00\" \/>\n<meta property=\"og:image\" content=\"https:\/\/www.tablaosflamencos.com\/wp-content\/uploads\/donde-ver-flamenco-en-jerez-durante-jerez-fusion-01.webp\" \/>\n\t<meta property=\"og:image:width\" content=\"1536\" \/>\n\t<meta property=\"og:image:height\" content=\"1024\" \/>\n\t<meta property=\"og:image:type\" content=\"image\/webp\" \/>\n<meta name=\"author\" content=\"Miguel Ortiz\" \/>\n<meta name=\"twitter:card\" content=\"summary_large_image\" \/>\n<meta name=\"twitter:creator\" content=\"@tablaosflamenco\" \/>\n<meta name=\"twitter:site\" content=\"@tablaosflamenco\" \/>\n<meta name=\"twitter:label1\" content=\"Verfasst von\" \/>\n\t<meta name=\"twitter:data1\" content=\"Miguel Ortiz\" \/>\n\t<meta name=\"twitter:label2\" content=\"Gesch\u00e4tzte Lesezeit\" \/>\n\t<meta name=\"twitter:data2\" content=\"10\u00a0Minuten\" \/>\n<script type=\"application\/ld+json\" class=\"yoast-schema-graph\">{\"@context\":\"https:\\\/\\\/schema.org\",\"@graph\":[{\"@type\":\"Article\",\"@id\":\"https:\\\/\\\/www.tablaosflamencos.com\\\/de\\\/wo-flamenco-jerez-waehrend-jerez-fusion.html#article\",\"isPartOf\":{\"@id\":\"https:\\\/\\\/www.tablaosflamencos.com\\\/de\\\/wo-flamenco-jerez-waehrend-jerez-fusion.html\"},\"author\":{\"name\":\"Miguel Ortiz\",\"@id\":\"https:\\\/\\\/www.tablaosflamencos.com\\\/de#\\\/schema\\\/person\\\/e7a9ebe14eb75a52ceabfbffb3c54f5d\"},\"headline\":\"Wo man in Jerez w\u00e4hrend Jerez Fusi\u00f3n Flamenco sehen kann\",\"datePublished\":\"2026-09-05T12:03:11+00:00\",\"dateModified\":\"2026-09-05T12:31:32+00:00\",\"mainEntityOfPage\":{\"@id\":\"https:\\\/\\\/www.tablaosflamencos.com\\\/de\\\/wo-flamenco-jerez-waehrend-jerez-fusion.html\"},\"wordCount\":2109,\"publisher\":{\"@id\":\"https:\\\/\\\/www.tablaosflamencos.com\\\/de#organization\"},\"image\":{\"@id\":\"https:\\\/\\\/www.tablaosflamencos.com\\\/de\\\/wo-flamenco-jerez-waehrend-jerez-fusion.html#primaryimage\"},\"thumbnailUrl\":\"https:\\\/\\\/www.tablaosflamencos.com\\\/wp-content\\\/uploads\\\/donde-ver-flamenco-en-jerez-durante-jerez-fusion-01.webp\",\"keywords\":[\"Flamenco in Jerez\",\"Jerez Fusi\u00f3n\",\"Jerez Fusi\u00f3n 2026\",\"wo man in Jerez Flamenco sehen kann\"],\"articleSection\":[\"Flamenco nach St\u00e4dten\",\"Flamenco-Festivals\"],\"inLanguage\":\"de\"},{\"@type\":\"WebPage\",\"@id\":\"https:\\\/\\\/www.tablaosflamencos.com\\\/de\\\/wo-flamenco-jerez-waehrend-jerez-fusion.html\",\"url\":\"https:\\\/\\\/www.tablaosflamencos.com\\\/de\\\/wo-flamenco-jerez-waehrend-jerez-fusion.html\",\"name\":\"Flamenco in Jerez w\u00e4hrend Jerez Fusi\u00f3n 2026: Wo hingehen?\",\"isPartOf\":{\"@id\":\"https:\\\/\\\/www.tablaosflamencos.com\\\/de#website\"},\"primaryImageOfPage\":{\"@id\":\"https:\\\/\\\/www.tablaosflamencos.com\\\/de\\\/wo-flamenco-jerez-waehrend-jerez-fusion.html#primaryimage\"},\"image\":{\"@id\":\"https:\\\/\\\/www.tablaosflamencos.com\\\/de\\\/wo-flamenco-jerez-waehrend-jerez-fusion.html#primaryimage\"},\"thumbnailUrl\":\"https:\\\/\\\/www.tablaosflamencos.com\\\/wp-content\\\/uploads\\\/donde-ver-flamenco-en-jerez-durante-jerez-fusion-01.webp\",\"datePublished\":\"2026-09-05T12:03:11+00:00\",\"dateModified\":\"2026-09-05T12:31:32+00:00\",\"description\":\"Entdecken Sie Flamenco in Jerez w\u00e4hrend Jerez Fusi\u00f3n 2026: Festivalkonzerte, Puro Arte sowie Tipps zum Planen und Buchen Ihrer Abende.\",\"breadcrumb\":{\"@id\":\"https:\\\/\\\/www.tablaosflamencos.com\\\/de\\\/wo-flamenco-jerez-waehrend-jerez-fusion.html#breadcrumb\"},\"inLanguage\":\"de\",\"potentialAction\":[{\"@type\":\"ReadAction\",\"target\":[\"https:\\\/\\\/www.tablaosflamencos.com\\\/de\\\/wo-flamenco-jerez-waehrend-jerez-fusion.html\"]}]},{\"@type\":\"ImageObject\",\"inLanguage\":\"de\",\"@id\":\"https:\\\/\\\/www.tablaosflamencos.com\\\/de\\\/wo-flamenco-jerez-waehrend-jerez-fusion.html#primaryimage\",\"url\":\"https:\\\/\\\/www.tablaosflamencos.com\\\/wp-content\\\/uploads\\\/donde-ver-flamenco-en-jerez-durante-jerez-fusion-01.webp\",\"contentUrl\":\"https:\\\/\\\/www.tablaosflamencos.com\\\/wp-content\\\/uploads\\\/donde-ver-flamenco-en-jerez-durante-jerez-fusion-01.webp\",\"width\":1536,\"height\":1024,\"caption\":\"D\u00f3nde ver flamenco en Jerez durante Jerez Fusi\u00f3n\"},{\"@type\":\"BreadcrumbList\",\"@id\":\"https:\\\/\\\/www.tablaosflamencos.com\\\/de\\\/wo-flamenco-jerez-waehrend-jerez-fusion.html#breadcrumb\",\"itemListElement\":[{\"@type\":\"ListItem\",\"position\":1,\"name\":\"Home\",\"item\":\"https:\\\/\\\/www.tablaosflamencos.com\\\/de\"},{\"@type\":\"ListItem\",\"position\":2,\"name\":\"Wo man in Jerez w\u00e4hrend Jerez Fusi\u00f3n Flamenco sehen kann\"}]},{\"@type\":\"WebSite\",\"@id\":\"https:\\\/\\\/www.tablaosflamencos.com\\\/de#website\",\"url\":\"https:\\\/\\\/www.tablaosflamencos.com\\\/de\",\"name\":\"Tablaos Flamencos\",\"description\":\"Entradas para tablaos flamencos de Espa\u00f1a\",\"publisher\":{\"@id\":\"https:\\\/\\\/www.tablaosflamencos.com\\\/de#organization\"},\"alternateName\":\"Tablaos Flamencos\",\"potentialAction\":[{\"@type\":\"SearchAction\",\"target\":{\"@type\":\"EntryPoint\",\"urlTemplate\":\"https:\\\/\\\/www.tablaosflamencos.com\\\/de?s={search_term_string}\"},\"query-input\":{\"@type\":\"PropertyValueSpecification\",\"valueRequired\":true,\"valueName\":\"search_term_string\"}}],\"inLanguage\":\"de\"},{\"@type\":[\"Organization\",\"Place\",\"EntertainmentBusiness\"],\"@id\":\"https:\\\/\\\/www.tablaosflamencos.com\\\/de#organization\",\"name\":\"Tablaos Flamencos\",\"alternateName\":\"Tablaos Flamencos\",\"url\":\"https:\\\/\\\/www.tablaosflamencos.com\\\/de\",\"logo\":{\"@id\":\"https:\\\/\\\/www.tablaosflamencos.com\\\/de\\\/wo-flamenco-jerez-waehrend-jerez-fusion.html#local-main-organization-logo\"},\"image\":{\"@id\":\"https:\\\/\\\/www.tablaosflamencos.com\\\/de\\\/wo-flamenco-jerez-waehrend-jerez-fusion.html#local-main-organization-logo\"},\"sameAs\":[\"https:\\\/\\\/www.facebook.com\\\/tablaosflamencos\",\"https:\\\/\\\/x.com\\\/tablaosflamenco\",\"https:\\\/\\\/mastodon.social\\\/@tablaosflamencos\",\"https:\\\/\\\/www.instagram.com\\\/tablaosflamencos\",\"https:\\\/\\\/tiktok.com\\\/@tablaosflamencos\",\"https:\\\/\\\/www.linkedin.com\\\/company\\\/109408238\\\/\"],\"description\":\"Venta de entradas para espect\u00e1culos flamencos\",\"legalName\":\"Tablaos Flamencos\",\"foundingDate\":\"2015-01-01\",\"numberOfEmployees\":{\"@type\":\"QuantitativeValue\",\"minValue\":\"1\",\"maxValue\":\"10\"},\"address\":{\"@id\":\"https:\\\/\\\/www.tablaosflamencos.com\\\/de\\\/wo-flamenco-jerez-waehrend-jerez-fusion.html#local-main-place-address\"},\"geo\":{\"@type\":\"GeoCoordinates\",\"latitude\":\"37.3868072\",\"longitude\":\"-5.993280299999999\"},\"telephone\":[\"+34623787787\"],\"contactPoint\":{\"@type\":\"ContactPoint\",\"telephone\":\"+34623787787\",\"email\":\"info@tablaosflamencos.com\"},\"openingHoursSpecification\":{\"@type\":\"OpeningHoursSpecification\",\"dayOfWeek\":[\"Monday\",\"Tuesday\",\"Wednesday\",\"Thursday\",\"Friday\",\"Saturday\",\"Sunday\"],\"opens\":\"00:00\",\"closes\":\"23:59\"},\"email\":\"info@tablaosflamencos.com\",\"priceRange\":\"$$$\",\"currenciesAccepted\":\"\u20ac\"},{\"@type\":\"Person\",\"@id\":\"https:\\\/\\\/www.tablaosflamencos.com\\\/de#\\\/schema\\\/person\\\/e7a9ebe14eb75a52ceabfbffb3c54f5d\",\"name\":\"Miguel Ortiz\",\"description\":\"Miguel Ortiz es un empresario flamenco, con una s\u00f3lida trayectoria dentro del sector. Ha presidido entidades culturales vinculadas al flamenco y, cuenta con un amplio recorrido profesional en la gesti\u00f3n y promoci\u00f3n de espect\u00e1culos y tablaos flamencos. Su pasi\u00f3n por la historia y el arte flamenco se refleja en cada art\u00edculo, donde combina experiencia, criterio y un profundo respeto por la tradici\u00f3n.\",\"sameAs\":[\"https:\\\/\\\/www.tablaosflamencos.com\",\"https:\\\/\\\/www.instagra.com\\\/miguelortizfe\",\"https:\\\/\\\/www.linkedin.com\\\/in\\\/miguelortizf\\\/\"],\"birthDate\":\"1984-11-22\",\"gender\":\"hombre\",\"knowsLanguage\":[\"espa\u00f1ol\",\"ingl\u00e9s\"],\"jobTitle\":\"Empresario flamenco\"},{\"@type\":\"PostalAddress\",\"@id\":\"https:\\\/\\\/www.tablaosflamencos.com\\\/de\\\/wo-flamenco-jerez-waehrend-jerez-fusion.html#local-main-place-address\",\"streetAddress\":\"C\\\/ Alemanes, 19\",\"addressLocality\":\"Sevilla\",\"postalCode\":\"41004\",\"addressRegion\":\"Sevilla\",\"addressCountry\":\"ES\"},{\"@type\":\"ImageObject\",\"inLanguage\":\"de\",\"@id\":\"https:\\\/\\\/www.tablaosflamencos.com\\\/de\\\/wo-flamenco-jerez-waehrend-jerez-fusion.html#local-main-organization-logo\",\"url\":\"https:\\\/\\\/www.tablaosflamencos.com\\\/wp-content\\\/uploads\\\/tablaos-flamencos-06-3.webp\",\"contentUrl\":\"https:\\\/\\\/www.tablaosflamencos.com\\\/wp-content\\\/uploads\\\/tablaos-flamencos-06-3.webp\",\"width\":600,\"height\":620,\"caption\":\"Tablaos Flamencos\"}]}<\/script>\n<meta name=\"geo.placename\" content=\"Sevilla\" \/>\n<meta name=\"geo.position\" content=\"37.3868072;-5.993280299999999\" \/>\n<meta name=\"geo.region\" content=\"Spanien\" \/>\n<!-- \/ Yoast SEO Premium plugin. -->","yoast_head_json":{"title":"Flamenco in Jerez w\u00e4hrend Jerez Fusi\u00f3n 2026: Wo hingehen?","description":"Entdecken Sie Flamenco in Jerez w\u00e4hrend Jerez Fusi\u00f3n 2026: Festivalkonzerte, Puro Arte sowie Tipps zum Planen und Buchen Ihrer Abende.","robots":{"index":"index","follow":"follow","max-snippet":"max-snippet:-1","max-image-preview":"max-image-preview:large","max-video-preview":"max-video-preview:-1"},"canonical":"https:\/\/www.tablaosflamencos.com\/de\/wo-flamenco-jerez-waehrend-jerez-fusion.html","og_locale":"de_DE","og_type":"article","og_title":"Wo man in Jerez w\u00e4hrend Jerez Fusi\u00f3n Flamenco sehen kann","og_description":"Entdecken Sie Flamenco in Jerez w\u00e4hrend Jerez Fusi\u00f3n 2026: Festivalkonzerte, Puro Arte sowie Tipps zum Planen und Buchen Ihrer Abende.","og_url":"https:\/\/www.tablaosflamencos.com\/de\/wo-flamenco-jerez-waehrend-jerez-fusion.html","og_site_name":"Tablaos Flamencos","article_publisher":"https:\/\/www.facebook.com\/tablaosflamencos","article_published_time":"2026-09-05T12:03:11+00:00","article_modified_time":"2026-09-05T12:31:32+00:00","og_image":[{"width":1536,"height":1024,"url":"https:\/\/www.tablaosflamencos.com\/wp-content\/uploads\/donde-ver-flamenco-en-jerez-durante-jerez-fusion-01.webp","type":"image\/webp"}],"author":"Miguel Ortiz","twitter_card":"summary_large_image","twitter_creator":"@tablaosflamenco","twitter_site":"@tablaosflamenco","twitter_misc":{"Verfasst von":"Miguel Ortiz","Gesch\u00e4tzte Lesezeit":"10\u00a0Minuten"},"schema":{"@context":"https:\/\/schema.org","@graph":[{"@type":"Article","@id":"https:\/\/www.tablaosflamencos.com\/de\/wo-flamenco-jerez-waehrend-jerez-fusion.html#article","isPartOf":{"@id":"https:\/\/www.tablaosflamencos.com\/de\/wo-flamenco-jerez-waehrend-jerez-fusion.html"},"author":{"name":"Miguel Ortiz","@id":"https:\/\/www.tablaosflamencos.com\/de#\/schema\/person\/e7a9ebe14eb75a52ceabfbffb3c54f5d"},"headline":"Wo man in Jerez w\u00e4hrend Jerez Fusi\u00f3n Flamenco sehen kann","datePublished":"2026-09-05T12:03:11+00:00","dateModified":"2026-09-05T12:31:32+00:00","mainEntityOfPage":{"@id":"https:\/\/www.tablaosflamencos.com\/de\/wo-flamenco-jerez-waehrend-jerez-fusion.html"},"wordCount":2109,"publisher":{"@id":"https:\/\/www.tablaosflamencos.com\/de#organization"},"image":{"@id":"https:\/\/www.tablaosflamencos.com\/de\/wo-flamenco-jerez-waehrend-jerez-fusion.html#primaryimage"},"thumbnailUrl":"https:\/\/www.tablaosflamencos.com\/wp-content\/uploads\/donde-ver-flamenco-en-jerez-durante-jerez-fusion-01.webp","keywords":["Flamenco in Jerez","Jerez Fusi\u00f3n","Jerez Fusi\u00f3n 2026","wo man in Jerez Flamenco sehen kann"],"articleSection":["Flamenco nach St\u00e4dten","Flamenco-Festivals"],"inLanguage":"de"},{"@type":"WebPage","@id":"https:\/\/www.tablaosflamencos.com\/de\/wo-flamenco-jerez-waehrend-jerez-fusion.html","url":"https:\/\/www.tablaosflamencos.com\/de\/wo-flamenco-jerez-waehrend-jerez-fusion.html","name":"Flamenco in Jerez w\u00e4hrend Jerez Fusi\u00f3n 2026: Wo hingehen?","isPartOf":{"@id":"https:\/\/www.tablaosflamencos.com\/de#website"},"primaryImageOfPage":{"@id":"https:\/\/www.tablaosflamencos.com\/de\/wo-flamenco-jerez-waehrend-jerez-fusion.html#primaryimage"},"image":{"@id":"https:\/\/www.tablaosflamencos.com\/de\/wo-flamenco-jerez-waehrend-jerez-fusion.html#primaryimage"},"thumbnailUrl":"https:\/\/www.tablaosflamencos.com\/wp-content\/uploads\/donde-ver-flamenco-en-jerez-durante-jerez-fusion-01.webp","datePublished":"2026-09-05T12:03:11+00:00","dateModified":"2026-09-05T12:31:32+00:00","description":"Entdecken Sie Flamenco in Jerez w\u00e4hrend Jerez Fusi\u00f3n 2026: Festivalkonzerte, Puro Arte sowie Tipps zum Planen und Buchen Ihrer Abende.","breadcrumb":{"@id":"https:\/\/www.tablaosflamencos.com\/de\/wo-flamenco-jerez-waehrend-jerez-fusion.html#breadcrumb"},"inLanguage":"de","potentialAction":[{"@type":"ReadAction","target":["https:\/\/www.tablaosflamencos.com\/de\/wo-flamenco-jerez-waehrend-jerez-fusion.html"]}]},{"@type":"ImageObject","inLanguage":"de","@id":"https:\/\/www.tablaosflamencos.com\/de\/wo-flamenco-jerez-waehrend-jerez-fusion.html#primaryimage","url":"https:\/\/www.tablaosflamencos.com\/wp-content\/uploads\/donde-ver-flamenco-en-jerez-durante-jerez-fusion-01.webp","contentUrl":"https:\/\/www.tablaosflamencos.com\/wp-content\/uploads\/donde-ver-flamenco-en-jerez-durante-jerez-fusion-01.webp","width":1536,"height":1024,"caption":"D\u00f3nde ver flamenco en Jerez durante Jerez Fusi\u00f3n"},{"@type":"BreadcrumbList","@id":"https:\/\/www.tablaosflamencos.com\/de\/wo-flamenco-jerez-waehrend-jerez-fusion.html#breadcrumb","itemListElement":[{"@type":"ListItem","position":1,"name":"Home","item":"https:\/\/www.tablaosflamencos.com\/de"},{"@type":"ListItem","position":2,"name":"Wo man in Jerez w\u00e4hrend Jerez Fusi\u00f3n Flamenco sehen kann"}]},{"@type":"WebSite","@id":"https:\/\/www.tablaosflamencos.com\/de#website","url":"https:\/\/www.tablaosflamencos.com\/de","name":"Tablaos Flamencos","description":"Entradas para tablaos flamencos de Espa\u00f1a","publisher":{"@id":"https:\/\/www.tablaosflamencos.com\/de#organization"},"alternateName":"Tablaos Flamencos","potentialAction":[{"@type":"SearchAction","target":{"@type":"EntryPoint","urlTemplate":"https:\/\/www.tablaosflamencos.com\/de?s={search_term_string}"},"query-input":{"@type":"PropertyValueSpecification","valueRequired":true,"valueName":"search_term_string"}}],"inLanguage":"de"},{"@type":["Organization","Place","EntertainmentBusiness"],"@id":"https:\/\/www.tablaosflamencos.com\/de#organization","name":"Tablaos Flamencos","alternateName":"Tablaos Flamencos","url":"https:\/\/www.tablaosflamencos.com\/de","logo":{"@id":"https:\/\/www.tablaosflamencos.com\/de\/wo-flamenco-jerez-waehrend-jerez-fusion.html#local-main-organization-logo"},"image":{"@id":"https:\/\/www.tablaosflamencos.com\/de\/wo-flamenco-jerez-waehrend-jerez-fusion.html#local-main-organization-logo"},"sameAs":["https:\/\/www.facebook.com\/tablaosflamencos","https:\/\/x.com\/tablaosflamenco","https:\/\/mastodon.social\/@tablaosflamencos","https:\/\/www.instagram.com\/tablaosflamencos","https:\/\/tiktok.com\/@tablaosflamencos","https:\/\/www.linkedin.com\/company\/109408238\/"],"description":"Venta de entradas para espect\u00e1culos flamencos","legalName":"Tablaos Flamencos","foundingDate":"2015-01-01","numberOfEmployees":{"@type":"QuantitativeValue","minValue":"1","maxValue":"10"},"address":{"@id":"https:\/\/www.tablaosflamencos.com\/de\/wo-flamenco-jerez-waehrend-jerez-fusion.html#local-main-place-address"},"geo":{"@type":"GeoCoordinates","latitude":"37.3868072","longitude":"-5.993280299999999"},"telephone":["+34623787787"],"contactPoint":{"@type":"ContactPoint","telephone":"+34623787787","email":"info@tablaosflamencos.com"},"openingHoursSpecification":{"@type":"OpeningHoursSpecification","dayOfWeek":["Monday","Tuesday","Wednesday","Thursday","Friday","Saturday","Sunday"],"opens":"00:00","closes":"23:59"},"email":"info@tablaosflamencos.com","priceRange":"$$$","currenciesAccepted":"\u20ac"},{"@type":"Person","@id":"https:\/\/www.tablaosflamencos.com\/de#\/schema\/person\/e7a9ebe14eb75a52ceabfbffb3c54f5d","name":"Miguel Ortiz","description":"Miguel Ortiz es un empresario flamenco, con una s\u00f3lida trayectoria dentro del sector. Ha presidido entidades culturales vinculadas al flamenco y, cuenta con un amplio recorrido profesional en la gesti\u00f3n y promoci\u00f3n de espect\u00e1culos y tablaos flamencos. Su pasi\u00f3n por la historia y el arte flamenco se refleja en cada art\u00edculo, donde combina experiencia, criterio y un profundo respeto por la tradici\u00f3n.","sameAs":["https:\/\/www.tablaosflamencos.com","https:\/\/www.instagra.com\/miguelortizfe","https:\/\/www.linkedin.com\/in\/miguelortizf\/"],"birthDate":"1984-11-22","gender":"hombre","knowsLanguage":["espa\u00f1ol","ingl\u00e9s"],"jobTitle":"Empresario flamenco"},{"@type":"PostalAddress","@id":"https:\/\/www.tablaosflamencos.com\/de\/wo-flamenco-jerez-waehrend-jerez-fusion.html#local-main-place-address","streetAddress":"C\/ Alemanes, 19","addressLocality":"Sevilla","postalCode":"41004","addressRegion":"Sevilla","addressCountry":"ES"},{"@type":"ImageObject","inLanguage":"de","@id":"https:\/\/www.tablaosflamencos.com\/de\/wo-flamenco-jerez-waehrend-jerez-fusion.html#local-main-organization-logo","url":"https:\/\/www.tablaosflamencos.com\/wp-content\/uploads\/tablaos-flamencos-06-3.webp","contentUrl":"https:\/\/www.tablaosflamencos.com\/wp-content\/uploads\/tablaos-flamencos-06-3.webp","width":600,"height":620,"caption":"Tablaos Flamencos"}]},"geo.placename":"Sevilla","geo.position":{"lat":"37.3868072","long":"-5.993280299999999"},"geo.region":"Spanien"},"_links":{"self":[{"href":"https:\/\/www.tablaosflamencos.com\/de\/wp-json\/wp\/v2\/posts\/14828","targetHints":{"allow":["GET"]}}],"collection":[{"href":"https:\/\/www.tablaosflamencos.com\/de\/wp-json\/wp\/v2\/posts"}],"about":[{"href":"https:\/\/www.tablaosflamencos.com\/de\/wp-json\/wp\/v2\/types\/post"}],"author":[{"embeddable":true,"href":"https:\/\/www.tablaosflamencos.com\/de\/wp-json\/wp\/v2\/users\/1"}],"replies":[{"embeddable":true,"href":"https:\/\/www.tablaosflamencos.com\/de\/wp-json\/wp\/v2\/comments?post=14828"}],"version-history":[{"count":1,"href":"https:\/\/www.tablaosflamencos.com\/de\/wp-json\/wp\/v2\/posts\/14828\/revisions"}],"predecessor-version":[{"id":14867,"href":"https:\/\/www.tablaosflamencos.com\/de\/wp-json\/wp\/v2\/posts\/14828\/revisions\/14867"}],"wp:featuredmedia":[{"embeddable":true,"href":"https:\/\/www.tablaosflamencos.com\/de\/wp-json\/wp\/v2\/media\/14752"}],"wp:attachment":[{"href":"https:\/\/www.tablaosflamencos.com\/de\/wp-json\/wp\/v2\/media?parent=14828"}],"wp:term":[{"taxonomy":"category","embeddable":true,"href":"https:\/\/www.tablaosflamencos.com\/de\/wp-json\/wp\/v2\/categories?post=14828"},{"taxonomy":"post_tag","embeddable":true,"href":"https:\/\/www.tablaosflamencos.com\/de\/wp-json\/wp\/v2\/tags?post=14828"}],"curies":[{"name":"wp","href":"https:\/\/api.w.org\/{rel}","templated":true}]}}