{"id":14813,"date":"2026-09-05T13:46:58","date_gmt":"2026-09-05T11:46:58","guid":{"rendered":"https:\/\/www.tablaosflamencos.com\/?p=14813"},"modified":"2026-09-05T15:04:09","modified_gmt":"2026-09-05T13:04:09","slug":"noches-unicas-muelle-sal-hotel-triana-biennale-2026","status":"publish","type":"post","link":"https:\/\/www.tablaosflamencos.com\/de\/noches-unicas-muelle-sal-hotel-triana-biennale-2026.html","title":{"rendered":"Flamenco-Biennale: Die Noches \u00danicas ziehen vom Hotel Triana zum Muelle de la Sal"},"content":{"rendered":"<section class=\"l-section wpb_row height_huge\"><div class=\"l-section-h i-cf\"><div class=\"g-cols vc_row via_flex valign_middle type_default stacking_default\"><div class=\"vc_col-sm-6 wpb_column vc_column_container\"><div class=\"vc_column-inner\"><div class=\"wpb_wrapper\"><div class=\"wpb_text_column\"><div class=\"wpb_wrapper\"><p>Die <a href=\"https:\/\/www.tablaosflamencos.com\/de\/flamenco-biennale-sevilla-2026.html\"><strong>24. Flamenco-Biennale Sevilla 2026<\/strong><\/a> hat wenige Tage vor Festivalbeginn eine wichtige \u00c4nderung angek\u00fcndigt: Neuer Veranstaltungsort f\u00fcr die drei <strong>urspr\u00fcnglich im Hotel Triana geplanten Noches \u00danicas<\/strong> am 17., 18. und 19. September ist der <strong>Muelle de la Sal<\/strong>.<\/p>\n<p>Die Entscheidung reagiert auf die hohe Nachfrage nach diesen Veranstaltungen und erm\u00f6glicht es, mehr Zuschauer zu empfangen. Alles andere bleibt jedoch unver\u00e4ndert: <strong>dieselben Termine, dieselben Uhrzeiten und dieselben K\u00fcnstler<\/strong>. Bereits gekaufte Eintrittskarten behalten ebenfalls ihre G\u00fcltigkeit und m\u00fcssen nicht umgetauscht werden.<\/p>\n<\/div><\/div><\/div><\/div><\/div><div class=\"vc_col-sm-6 wpb_column vc_column_container\"><div class=\"vc_column-inner\"><div class=\"wpb_wrapper\"><div class=\"wpb_text_column\"><div class=\"wpb_wrapper\"><h2>Die wichtigsten Fakten zum Ortswechsel<\/h2>\n<ul>\n<li><strong>Neuer Veranstaltungsort:<\/strong> Muelle de la Sal, Sevilla.<\/li>\n<li><strong>Bisheriger Veranstaltungsort:<\/strong> Hotel Triana.<\/li>\n<li><strong>Termine:<\/strong> 17., 18. und 19. September 2026.<\/li>\n<li><strong>Uhrzeit:<\/strong> 23:00 Uhr an allen drei Abenden.<\/li>\n<li><strong>Grund:<\/strong> der Nachfrage des Publikums besser gerecht werden.<\/li>\n<li><strong>Bereits gekaufte Tickets:<\/strong> bleiben g\u00fcltig.<\/li>\n<li><strong>K\u00fcnstler und Programm:<\/strong> bleiben unver\u00e4ndert.<\/li>\n<\/ul>\n<\/div><\/div><\/div><\/div><\/div><\/div><\/div><\/section><section class=\"l-section wpb_row height_huge color_alternate with_shape\"><div class=\"l-section-shape type_zigzag pos_top hor_flip\" style=\"height:3vmin;\"><svg xmlns=\"http:\/\/www.w3.org\/2000\/svg\" viewBox=\"0 0 64 8\" preserveAspectRatio=\"none\" width=\"100%\" height=\"100%\">\r\n\t<path fill=\"currentColor\" d=\"M64 8 L0 8 L0 0 L20 7.9 L40 3 L48 5 L64 0 Z\"\/>\r\n<\/svg><\/div><div class=\"l-section-shape type_zigzag pos_bottom\" style=\"height:3vmin;\"><svg xmlns=\"http:\/\/www.w3.org\/2000\/svg\" viewBox=\"0 0 64 8\" preserveAspectRatio=\"none\" width=\"100%\" height=\"100%\">\r\n\t<path fill=\"currentColor\" d=\"M64 8 L0 8 L0 0 L20 7.9 L40 3 L48 5 L64 0 Z\"\/>\r\n<\/svg><\/div><div class=\"l-section-h i-cf\"><div class=\"g-cols vc_row via_flex valign_top type_default stacking_default\"><div class=\"vc_col-sm-12 wpb_column vc_column_container\"><div class=\"vc_column-inner\"><div class=\"wpb_wrapper\"><div class=\"wpb_text_column\"><div class=\"wpb_wrapper\"><blockquote>\n<p><strong>Auf einen Blick:<\/strong> Die drei urspr\u00fcnglich im Hotel Triana geplanten Noches \u00danicas werden zum Muelle de la Sal verlegt. <em>Mujeres gitanas<\/em> ist am 17. September zu sehen, <em>Uvitas negras<\/em> am 18. und <em>Andaluc\u00eda en el tiempo<\/em> am 19., jeweils um 23:00 Uhr. Besetzungen und Termine bleiben unver\u00e4ndert, bereits gekaufte Tickets behalten ihre G\u00fcltigkeit. Wer wegen des Ortswechsels nicht teilnehmen m\u00f6chte, kann eine Erstattung beantragen.<\/p>\n<\/blockquote>\n<\/div><\/div><\/div><\/div><\/div><\/div><\/div><\/section><section class=\"l-section wpb_row height_huge\"><div class=\"l-section-h i-cf\"><div class=\"g-cols vc_row via_flex valign_top type_default stacking_default\"><div class=\"vc_col-sm-12 wpb_column vc_column_container\"><div class=\"vc_column-inner\"><div class=\"wpb_wrapper\"><div class=\"wpb_text_column\"><div class=\"wpb_wrapper\"><h2>Was sich bei den Noches \u00danicas \u00e4ndert und was gleich bleibt<\/h2>\n<div style=\"overflow-x: auto;\">\n<table>\n<thead>\n<tr>\n<th>Punkt<\/th>\n<th>Bisher<\/th>\n<th>Jetzt<\/th>\n<\/tr>\n<\/thead>\n<tbody>\n<tr>\n<td><strong>Veranstaltungsort<\/strong><\/td>\n<td>Hotel Triana<\/td>\n<td><strong>Muelle de la Sal<\/strong><\/td>\n<\/tr>\n<tr>\n<td><strong>Termine<\/strong><\/td>\n<td>17., 18. und 19. September<\/td>\n<td>Unver\u00e4ndert<\/td>\n<\/tr>\n<tr>\n<td><strong>Beginn<\/strong><\/td>\n<td>23:00 Uhr<\/td>\n<td>Unver\u00e4ndert<\/td>\n<\/tr>\n<tr>\n<td><strong>K\u00fcnstlerische Besetzungen<\/strong><\/td>\n<td>Wie urspr\u00fcnglich angek\u00fcndigt<\/td>\n<td>Vollst\u00e4ndig unver\u00e4ndert<\/td>\n<\/tr>\n<tr>\n<td><strong>Gekaufte Tickets<\/strong><\/td>\n<td>G\u00fcltig f\u00fcr das Hotel Triana<\/td>\n<td>Weiterhin g\u00fcltig f\u00fcr den Muelle de la Sal<\/td>\n<\/tr>\n<\/tbody>\n<\/table>\n<\/div>\n<p>&nbsp;<\/p>\n<p>Die \u00c4nderung betrifft somit den <strong>Veranstaltungsort<\/strong>, nicht den k\u00fcnstlerischen Inhalt der drei Abende. Wer seinen Zeitplan bereits auf diese sp\u00e4ten Vorstellungen abgestimmt hat, muss vor allem den Weg zum neuen Veranstaltungsort anpassen.<\/p>\n<p>Die Nachricht ist besonders relevant, weil diese Vorstellungen zur Reihe der <a href=\"https:\/\/www.tablaosflamencos.com\/de\/einzigartige-naechte-flamenco-biennale-sevilla-2026.html\"><strong>Noches \u00danicas der Biennale 2026<\/strong><\/a> geh\u00f6ren. Diese ausgew\u00e4hlten Veranstaltungen gelten durch ihre Kombination aus K\u00fcnstlern, Repertoires und Spielst\u00e4tten als einmalige Begegnungen. Das Gesamtprogramm des Festivals umfasst bei dieser Ausgabe 26 Noches \u00danicas.<\/p>\n<\/div><\/div><div class=\"w-separator size_medium\"><\/div><div class=\"w-hwrapper valign_top wrap align_center\" style=\"--hwrapper-gap:1.2rem\"><div class=\"w-btn-wrapper align_none\"><a class=\"w-btn us-btn-style_1\" href=\"https:\/\/www.tablaosflamencos.com\/de\/flamenco-biennale-sevilla-2026.html\"><span class=\"w-btn-label\">Vollst\u00e4ndiger Guide zur Biennale 2026<\/span><\/a><\/div><div class=\"w-btn-wrapper align_none\"><a class=\"w-btn us-btn-style_11\" href=\"https:\/\/www.tablaosflamencos.com\/de\/einzigartige-naechte-flamenco-biennale-sevilla-2026.html\"><span class=\"w-btn-label\">Kalender der Noches \u00danicas<\/span><\/a><\/div><\/div><\/div><\/div><\/div><\/div><\/div><\/section><section class=\"l-section wpb_row height_huge color_alternate with_shape\"><div class=\"l-section-shape type_zigzag pos_top hor_flip\" style=\"height:3vmin;\"><svg xmlns=\"http:\/\/www.w3.org\/2000\/svg\" viewBox=\"0 0 64 8\" preserveAspectRatio=\"none\" width=\"100%\" height=\"100%\">\r\n\t<path fill=\"currentColor\" d=\"M64 8 L0 8 L0 0 L20 7.9 L40 3 L48 5 L64 0 Z\"\/>\r\n<\/svg><\/div><div class=\"l-section-shape type_zigzag pos_bottom\" style=\"height:3vmin;\"><svg xmlns=\"http:\/\/www.w3.org\/2000\/svg\" viewBox=\"0 0 64 8\" preserveAspectRatio=\"none\" width=\"100%\" height=\"100%\">\r\n\t<path fill=\"currentColor\" d=\"M64 8 L0 8 L0 0 L20 7.9 L40 3 L48 5 L64 0 Z\"\/>\r\n<\/svg><\/div><div class=\"l-section-h i-cf\"><div class=\"g-cols vc_row via_flex valign_top type_default stacking_default\"><div class=\"vc_col-sm-6 wpb_column vc_column_container\"><div class=\"vc_column-inner\"><div class=\"wpb_wrapper\"><div class=\"wpb_text_column\"><div class=\"wpb_wrapper\"><h2>Warum die Biennale das Hotel Triana durch den Muelle de la Sal ersetzt<\/h2>\n<p>Die Stadt Sevilla mit ihrem Bereich Tourismus und Kultur sowie die Organisation der 24. Biennale haben den Grund f\u00fcr die Verlegung erl\u00e4utert: <strong>die hohe Nachfrage nach den drei Vorstellungen<\/strong>. Der neue Standort erm\u00f6glicht es, ein gr\u00f6\u00dferes Publikum zu empfangen, ohne das geplante k\u00fcnstlerische Programm zu ver\u00e4ndern.<\/p>\n<p>Eine konkrete Zahl zur zus\u00e4tzlichen Kapazit\u00e4t wurde nicht bekannt gegeben. Die Verlegung sollte daher nicht als Garantie f\u00fcr unbegrenzt verf\u00fcgbare Tickets verstanden werden. Entscheidend ist, dass der Muelle de la Sal f\u00fcr diese Veranstaltungen mehr Platz bietet und zugleich die jeweiligen Termine und Uhrzeiten erhalten bleiben.<\/p>\n<p>Der Wechsel erfolgt, nachdem das Hotel Triana als eine der wichtigsten zur\u00fcckkehrenden Spielst\u00e4tten der Ausgabe 2026 vorgestellt worden war. Das fr\u00fchere Wohngeb\u00e4ude mit gemeinschaftlichem Innenhof sollte vier Jahre nach seiner letzten Pr\u00e4senz im Biennale-Programm wieder als B\u00fchne f\u00fcr sp\u00e4te Vorstellungen dienen.<\/p>\n<p>Die Nachfrage des Publikums hat diesen urspr\u00fcnglichen Plan schlie\u00dflich ver\u00e4ndert. Alle drei Produktionen behalten ihren Charakter als Noche \u00danica, wechseln aber von einem intimen Wohnhof auf eine Freifl\u00e4che am Guadalquivir, in einer der markantesten Gegenden des Zentrums von Sevilla.<\/p>\n<\/div><\/div><\/div><\/div><\/div><div class=\"vc_col-sm-6 wpb_column vc_column_container\"><div class=\"vc_column-inner\"><div class=\"wpb_wrapper\"><div class=\"wpb_text_column\"><div class=\"wpb_wrapper\"><h2>Was der Muelle de la Sal als neue Spielst\u00e4tte bietet<\/h2>\n<p>Der <strong>Muelle de la Sal<\/strong> liegt am linken Ufer des Guadalquivir, neben der Puente de Isabel II und gegen\u00fcber von Triana. Der Ort ist historisch mit Sevillas altem Hafen verbunden und dient heute als weitl\u00e4ufiger Fu\u00dfg\u00e4ngerbereich am Fluss.<\/p>\n<p>Seine Lage ver\u00e4ndert das f\u00fcr diese drei Abende vorgesehene Erlebnis deutlich. Das Hotel Triana bot die \u00fcberschaubaren Dimensionen eines gemeinschaftlichen Innenhofs mit Galerien und gro\u00dfer N\u00e4he zwischen B\u00fchne und Publikum. Der Muelle de la Sal bringt den Flamenco dagegen ins Freie und \u00f6ffnet ihn zur Stadt- und Flusslandschaft Sevillas.<\/p>\n<p>Der Ort ist der Biennale nicht fremd. Rund um den Muelle de la Sal fanden bereits Flamenco-Aktivit\u00e4ten und Veranstaltungen im Zusammenhang mit dem Festival und dem Weltflamencotag statt. 2026 geh\u00f6rt er au\u00dferdem zu den offiziellen Spielst\u00e4tten der Biennale.<\/p>\n<p>Das Gel\u00e4nde liegt am <strong>Paseo Marqu\u00e9s de Contadero<\/strong>, nahe der Triana-Br\u00fccke, der Stierkampfarena La Maestranza und dem Paseo de Crist\u00f3bal Col\u00f3n. Wer in der Altstadt \u00fcbernachtet, kann es von vielen der wichtigsten Sehensw\u00fcrdigkeiten Sevillas bequem zu Fu\u00df erreichen.<\/p>\n<\/div><\/div><\/div><\/div><\/div><\/div><\/div><\/section><section class=\"l-section wpb_row height_huge\"><div class=\"l-section-h i-cf\"><div class=\"g-cols vc_row via_flex valign_top type_default stacking_default\"><div class=\"vc_col-sm-12 wpb_column vc_column_container\"><div class=\"vc_column-inner\"><div class=\"wpb_wrapper\"><div class=\"wpb_text_column\"><div class=\"wpb_wrapper\"><h2>Aktualisiertes Programm am Muelle de la Sal<\/h2>\n<div style=\"overflow-x: auto;\">\n<table>\n<thead>\n<tr>\n<th>Datum<\/th>\n<th>Uhrzeit<\/th>\n<th>Vorstellung<\/th>\n<th>Wichtigste K\u00fcnstler<\/th>\n<\/tr>\n<\/thead>\n<tbody>\n<tr>\n<td>Donnerstag, 17. September<\/td>\n<td>23:00 Uhr<\/td>\n<td><strong>Mujeres gitanas<\/strong><\/td>\n<td>Remedios Amaya, Montse Cort\u00e9s, La Fabi, Josemi Carmona und Gastk\u00fcnstler<\/td>\n<\/tr>\n<tr>\n<td>Freitag, 18. September<\/td>\n<td>23:00 Uhr<\/td>\n<td><strong>Uvitas negras<\/strong><\/td>\n<td>K\u00fcnstler aus Los Palacios, El Mistela und Gastgitarristen<\/td>\n<\/tr>\n<tr>\n<td>Samstag, 19. September<\/td>\n<td>23:00 Uhr<\/td>\n<td><strong>Andaluc\u00eda en el tiempo<\/strong><\/td>\n<td>Meister aus verschiedenen andalusischen Provinzen mit Antonio Carri\u00f3n und Eduardo Rebollar<\/td>\n<\/tr>\n<\/tbody>\n<\/table>\n<\/div>\n<p>&nbsp;<\/p>\n<h2>17. September: Mujeres gitanas<\/h2>\n<p>Den Auftakt der drei verlegten Abende bildet <strong><em>Mujeres gitanas<\/em><\/strong>, am Donnerstag, 17. September, um 23:00 Uhr. Den Gesang \u00fcbernehmen <strong>Remedios Amaya, Montse Cort\u00e9s und La Fabi<\/strong>, drei Stimmen mit sehr unterschiedlichen Laufbahnen und Pers\u00f6nlichkeiten. Sie verbindet ein Verst\u00e4ndnis des Flamenco, das von famili\u00e4rer Erfahrung, Weitergabe und B\u00fchnenpraxis gepr\u00e4gt ist.<\/p>\n<p>An den Gitarren sind <strong>Josemi Carmona und Jos\u00e9 Serrano<\/strong> zu h\u00f6ren. Zur Besetzung geh\u00f6ren au\u00dferdem <strong>Israel Su\u00e1rez \u00abPira\u00f1a\u00bb<\/strong> an der Perkussion, <strong>\u00c1lvaro Llanos<\/strong> am Bass und <strong>Los Cherokee<\/strong> mit Chorgesang und rhythmischem H\u00e4ndeklatschen, den Palmas.<\/p>\n<p>Die Produktion entstand im Zusammenhang mit dem Projekt <em>La verdad duele<\/em> und stellt Gitana-Frauen in den Mittelpunkt. Das urspr\u00fcngliche Konzept war auf den besonderen Charakter des Hotel Triana zugeschnitten; nach der Verlegung wird dieselbe Besetzung nun in der offenen Kulisse des Muelle de la Sal auftreten.<\/p>\n<p>Remedios Amaya ist dar\u00fcber hinaus besonders eng mit Triana und der j\u00fcngeren Geschichte des Flamenco in Sevilla verbunden. Ihr Auftritt zusammen mit Montse Cort\u00e9s und La Fabi macht diese Vorstellung zu einer der bemerkenswertesten Begegnungen gro\u00dfer Stimmen in der zweiten Biennale-Woche.<\/p>\n<h2>18. September: Uvitas negras und 75 Jahre El Pozo de las Penas<\/h2>\n<p>Am Freitag, dem 18., folgt ebenfalls um 23:00 Uhr <strong><em>Uvitas negras<\/em><\/strong>, eine Produktion zum <strong>75. Jubil\u00e4um der Pe\u00f1a El Pozo de las Penas<\/strong> aus Los Palacios y Villafranca.<\/p>\n<p>Der Abend vereint mehrere Generationen von K\u00fcnstlern aus dem Ort. Angek\u00fcndigt sind <strong>Itoly de Los Palacios, Juan \u00abEl Distinguido\u00bb, Nene Escalera, Manuel Orta, Miguel Ortega, Jos\u00e9 \u00c1ngel Carmona, Anabel de Vico und Juanelo<\/strong>. Den Tanz \u00fcbernimmt <strong>Juan Manuel \u00abEl Mistela\u00bb<\/strong>, dessen R\u00fcckkehr auf eine B\u00fchne in Sevilla zu den besonderen H\u00f6hepunkten der Produktion z\u00e4hlt.<\/p>\n<p>An den Gitarren spielen <strong>Ni\u00f1o Fraile, Salvador Guti\u00e9rrez und Juan Requena<\/strong>. Die Leitung \u00fcbernimmt <strong>Manuel Curao<\/strong>.<\/p>\n<p>Der Titel erinnert an den Ausrufergesang, den Manolo Caracol den Trauben von Los Palacios widmete. Er dient als roter Faden f\u00fcr einen Abend, der dem Ged\u00e4chtnis einer der einflussreichsten Flamenco-Vereinigungen im Raum Sevilla gewidmet ist. Trotz des Ortswechsels bleibt die Besetzung vollst\u00e4ndig erhalten.<\/p>\n<h2>19. September: Andaluc\u00eda en el tiempo<\/h2>\n<p>Das dritte Treffen ist <strong><em>Andaluc\u00eda en el tiempo<\/em><\/strong>, am Samstag, 19. September, um 23:00 Uhr. Die Produktion beleuchtet die regionale Vielfalt des Flamenco-Gesangs anhand von K\u00fcnstlern, die mit unterschiedlichen andalusischen Provinzen verbunden sind.<\/p>\n<p>Mit dabei sind <strong>Jos\u00e9 Sorroche<\/strong> aus Almer\u00eda; <strong>Paqui Corpas<\/strong> aus M\u00e1laga; <strong>Jaime \u00abEl Parr\u00f3n\u00bb<\/strong> aus Granada; <strong>Curro Lucena<\/strong> aus C\u00f3rdoba; <strong>Joselete de Linares<\/strong> aus Ja\u00e9n; <strong>El Boquer\u00f3n<\/strong> aus Sevilla; <strong>Carmen de la Jara<\/strong> aus C\u00e1diz; <strong>El Pecas<\/strong> aus Huelva; sowie <strong>Romerito de Jerez<\/strong>.<\/p>\n<p>An den Gitarren spielen <strong>Antonio Carri\u00f3n und Eduardo Rebollar<\/strong>, begleitet von Antonio Amaya \u00abPetete\u00bb und Emilio Casta\u00f1eda an den Palmas. Auch diese Produktion wird von Manuel Curao geleitet.<\/p>\n<p>Ziel ist es, Stimmen zusammenzubringen, die Stile, lokale Varianten und Ausdrucksweisen aus unterschiedlichen Flamenco-Regionen bewahren. Einige der Beteiligten sind heute seltener auf den gro\u00dfen B\u00fchnen zu erleben. Gerade das macht ihr Zusammentreffen zu einer der echten Rarit\u00e4ten des Programms.<\/p>\n<\/div><\/div><\/div><\/div><\/div><\/div><\/div><\/section><section class=\"l-section wpb_row height_huge color_alternate with_shape\"><div class=\"l-section-shape type_zigzag pos_top\" style=\"height:3vmin;\"><svg xmlns=\"http:\/\/www.w3.org\/2000\/svg\" viewBox=\"0 0 64 8\" preserveAspectRatio=\"none\" width=\"100%\" height=\"100%\">\r\n\t<path fill=\"currentColor\" d=\"M64 8 L0 8 L0 0 L20 7.9 L40 3 L48 5 L64 0 Z\"\/>\r\n<\/svg><\/div><div class=\"l-section-shape type_zigzag pos_bottom\" style=\"height:3vmin;\"><svg xmlns=\"http:\/\/www.w3.org\/2000\/svg\" viewBox=\"0 0 64 8\" preserveAspectRatio=\"none\" width=\"100%\" height=\"100%\">\r\n\t<path fill=\"currentColor\" d=\"M64 8 L0 8 L0 0 L20 7.9 L40 3 L48 5 L64 0 Z\"\/>\r\n<\/svg><\/div><div class=\"l-section-h i-cf\"><div class=\"g-cols vc_row via_flex valign_top type_default stacking_default\"><div class=\"vc_col-sm-6 wpb_column vc_column_container\"><div class=\"vc_column-inner\"><div class=\"wpb_wrapper\"><div class=\"wpb_text_column\"><div class=\"wpb_wrapper\"><h2>M\u00fcssen bereits gekaufte Tickets umgetauscht werden?<\/h2>\n<p><strong>Nein.<\/strong> Die Veranstalter haben ausdr\u00fccklich best\u00e4tigt, dass die f\u00fcr die drei Vorstellungen erworbenen Eintrittskarten am neuen Ort uneingeschr\u00e4nkt g\u00fcltig bleiben.<\/p>\n<p>Das bedeutet: Wer bereits ein Ticket f\u00fcr <em>Mujeres gitanas<\/em>, <em>Uvitas negras<\/em> oder <em>Andaluc\u00eda en el tiempo<\/em> hat, muss nichts weiter veranlassen, um Zugang zum Muelle de la Sal zu erhalten.<\/p>\n<p>Trotzdem empfiehlt es sich, vor dem Besuch m\u00f6gliche Mitteilungen des Ticketanbieters oder der Biennale zu pr\u00fcfen, gerade wegen des Ortswechsels. Die offiziellen Informationen zur jeweiligen Vorstellung sollten Vorrang vor Screenshots, gedruckten Kalendern oder vor der Ank\u00fcndigung heruntergeladenen Programmen haben.<\/p>\n<p>Wer noch kein Ticket besitzt, sollte die Verf\u00fcgbarkeit \u00fcber die offiziellen Kan\u00e4le pr\u00fcfen. In unserem Guide zu <a href=\"https:\/\/www.tablaosflamencos.com\/de\/flamenco-biennale-sevilla-2026-tickets-preise-rabatte.html\"><strong>Tickets, Preisen und Erm\u00e4\u00dfigungen der Biennale 2026<\/strong><\/a> erkl\u00e4ren wir, wo man kaufen kann und worauf man achten sollte, um Weiterverkaufsangebote und inoffizielle Links zu vermeiden.<\/p>\n<\/div><\/div><\/div><\/div><\/div><div class=\"vc_col-sm-6 wpb_column vc_column_container\"><div class=\"vc_column-inner\"><div class=\"wpb_wrapper\"><div class=\"wpb_text_column\"><div class=\"wpb_wrapper\"><h2>Ist wegen des Ortswechsels eine Erstattung m\u00f6glich?<\/h2>\n<p>Ja. Wer wegen der Verlegung auf den Besuch verzichtet, kann Folgendes beantragen: <strong>die Erstattung des Ticketpreises<\/strong>.<\/p>\n<p>F\u00fcr diese Anfragen hat die Organisation folgende E-Mail-Adresse angegeben:<\/p>\n<p><strong>taquillaseulen.icas@gmail.com<\/strong><\/p>\n<p>Auch die Theaterkasse ist weiterhin telefonisch erreichbar:<\/p>\n<p><strong>955 472 822<\/strong><\/p>\n<p>Es empfiehlt sich, den Kaufbeleg aufzubewahren und die bei der Buchung angegebenen K\u00e4uferdaten zu verwenden. Wurde das Ticket \u00fcber einen bestimmten Anbieter erworben, sollten auch dessen m\u00f6gliche Hinweise gepr\u00fcft werden.<\/p>\n<p>Der Ortswechsel verpflichtet nicht dazu, eine Erstattung zu verlangen. Sie ist eine M\u00f6glichkeit f\u00fcr diejenigen, die den neuen Veranstaltungsort nicht besuchen m\u00f6chten. F\u00fcr alle anderen bleibt das urspr\u00fcngliche Ticket g\u00fcltig.<\/p>\n<\/div><\/div><\/div><\/div><\/div><\/div><\/div><\/section><section class=\"l-section wpb_row height_huge\"><div class=\"l-section-h i-cf\"><div class=\"g-cols vc_row via_flex valign_top type_default stacking_default\"><div class=\"vc_col-sm-12 wpb_column vc_column_container\"><div class=\"vc_column-inner\"><div class=\"wpb_wrapper\"><div class=\"wpb_text_column\"><div class=\"wpb_wrapper\"><h2>So gelangst du zum Muelle de la Sal<\/h2>\n<p>Die Biennale nennt als Zugang zum Muelle de la Sal den <strong>Paseo Marqu\u00e9s de Contadero, s\/n<\/strong>. Das Gel\u00e4nde liegt am Guadalquivir, im Abschnitt zwischen der Puente de Isabel II und der Torre del Oro.<\/p>\n<p>Als M\u00f6glichkeiten f\u00fcr die Anreise mit \u00f6ffentlichen Verkehrsmitteln nennt die Organisation die TUSSAM-Buslinien <strong>3, 21, 40, 41, EA und A2<\/strong>. Die von der Biennale genannten n\u00e4chstgelegenen Metrostationen sind <strong>Puerta de Jerez<\/strong> und <strong>Plaza de Cuba<\/strong>.<\/p>\n<p>F\u00fcr viele Besucher mit Unterkunft im Zentrum ist der Fu\u00dfweg eine der einfachsten M\u00f6glichkeiten. Der Muelle liegt ganz in der N\u00e4he der Stierkampfarena La Maestranza, des Mercado del Barranco und der Triana-Br\u00fccke. Da die Vorstellungen um 23:00 Uhr beginnen, sollte auch die R\u00fcckkehr zur Unterkunft geplant werden, ohne auf knappe Anschl\u00fcsse nach Veranstaltungsende angewiesen zu sein.<\/p>\n<p>Wer einen dieser sp\u00e4ten Abende mit einer anderen Biennale-Vorstellung verbinden m\u00f6chte, sollte ausreichend Zeit zwischen den Spielst\u00e4tten einplanen. Am 17. und 18. September gibt es fr\u00fchere Auff\u00fchrungen im Teatro Lope de Vega; am 19. stehen auch andere Orte der Stadt auf dem Programm. Die tats\u00e4chliche Dauer einer Vorstellung kann variieren, daher sind auf die Minute geplante Wege nicht ratsam.<\/p>\n<\/div><\/div><div class=\"w-separator size_medium\"><\/div><div class=\"w-hwrapper valign_top wrap align_center\" style=\"--hwrapper-gap:1.2rem\"><div class=\"w-btn-wrapper align_none\"><a class=\"w-btn us-btn-style_1\" href=\"https:\/\/www.tablaosflamencos.com\/de\/flamenco-biennale-sevilla-2026-tickets-preise-rabatte.html\"><span class=\"w-btn-label\">Tickets, Preise und Erm\u00e4\u00dfigungen<\/span><\/a><\/div><div class=\"w-btn-wrapper align_none\"><a class=\"w-btn us-btn-style_11\" href=\"https:\/\/www.labienal.com\/espacios\/muelle-de-la-sal\"><span class=\"w-btn-label\">Muelle de la Sal auf der offiziellen Website<\/span><\/a><\/div><\/div><\/div><\/div><\/div><\/div><\/div><\/section><section class=\"l-section wpb_row height_huge color_alternate with_shape\"><div class=\"l-section-shape type_zigzag pos_top hor_flip\" style=\"height:3vmin;\"><svg xmlns=\"http:\/\/www.w3.org\/2000\/svg\" viewBox=\"0 0 64 8\" preserveAspectRatio=\"none\" width=\"100%\" height=\"100%\">\r\n\t<path fill=\"currentColor\" d=\"M64 8 L0 8 L0 0 L20 7.9 L40 3 L48 5 L64 0 Z\"\/>\r\n<\/svg><\/div><div class=\"l-section-shape type_zigzag pos_bottom\" style=\"height:3vmin;\"><svg xmlns=\"http:\/\/www.w3.org\/2000\/svg\" viewBox=\"0 0 64 8\" preserveAspectRatio=\"none\" width=\"100%\" height=\"100%\">\r\n\t<path fill=\"currentColor\" d=\"M64 8 L0 8 L0 0 L20 7.9 L40 3 L48 5 L64 0 Z\"\/>\r\n<\/svg><\/div><div class=\"l-section-h i-cf\"><div class=\"g-cols vc_row via_flex valign_top type_default stacking_default\"><div class=\"vc_col-sm-12 wpb_column vc_column_container\"><div class=\"vc_column-inner\"><div class=\"wpb_wrapper\"><div class=\"wpb_text_column\"><div class=\"wpb_wrapper\"><h2>Eine wichtige \u00c4nderung f\u00fcr eines der besonderen Ereignisse der Biennale<\/h2>\n<p>Die Verlegung ver\u00e4ndert eines der reizvollsten Konzepte, die die Biennale f\u00fcr September 2026 angek\u00fcndigt hatte. Die R\u00fcckkehr des Hotel Triana besa\u00df eine starke symbolische Bedeutung: drei sp\u00e4te Vorstellungen in einem fr\u00fcheren Wohngeb\u00e4ude mit Gemeinschaftshof, die das Programm mit der Erinnerung an Triana und einer intimen Form des Flamenco-Erlebens verbinden sollten.<\/p>\n<p>Die hohe Nachfrage hat dazu gef\u00fchrt, einem Ort mit mehr Platz f\u00fcr das Publikum den Vorrang zu geben. Das Ergebnis wird anders, aber nicht zwangsl\u00e4ufig weniger besonders sein. Der Muelle de la Sal verankert die drei Noches \u00danicas am Fu\u00df der Triana-Br\u00fccke, mit dem Guadalquivir im Hintergrund, an einem Ort, der das vertraute Bild Sevillas entscheidend pr\u00e4gt.<\/p>\n<p>F\u00fcr Besucher ist vor allem eines wichtig: <strong>Abgesehen vom Veranstaltungsort muss der Zeitplan nicht ge\u00e4ndert werden<\/strong>. Die Termine bleiben der 17., 18. und 19. September, alle drei Vorstellungen beginnen um 23:00 Uhr und die angek\u00fcndigten Besetzungen bleiben erhalten.<\/p>\n<p>Da die \u00c4nderung nur wenige Tage vor Beginn der Biennale mitgeteilt wurde, empfehlen wir, vor der Anreise das offizielle Programm zu pr\u00fcfen. Auch unsere Biennale-Guides werden wir aktualisieren, sobald die \u00c4nderungen in den offiziellen Angaben zu den einzelnen Vorstellungen \u00fcbernommen sind.<\/p>\n<p>Wer keine Tickets f\u00fcr diese Abende bekommt, findet in Sevilla w\u00e4hrend des gesamten Festivals weiterhin ein breites Flamenco-Angebot. Unser Guide zu <a href=\"https:\/\/www.tablaosflamencos.com\/de\/flamenco-biennale-sevilla-2026-ausverkauft-alternativen.html\"><strong>Alternativen bei ausverkauften Biennale-Vorstellungen<\/strong><\/a> versammelt weitere M\u00f6glichkeiten, um in diesen Tagen Live-Flamenco zu erleben.<\/p>\n<\/div><\/div><\/div><\/div><\/div><\/div><\/div><\/section><section class=\"l-section wpb_row height_huge\"><div class=\"l-section-h i-cf\"><div class=\"g-cols vc_row via_flex valign_top type_default stacking_default\"><div class=\"vc_col-sm-1\/5 wpb_column vc_column_container\"><div class=\"vc_column-inner\"><div class=\"wpb_wrapper\"><\/div><\/div><\/div><div class=\"vc_col-sm-3\/5 wpb_column vc_column_container\"><div class=\"vc_column-inner\"><div class=\"wpb_wrapper\"><div class=\"wpb_text_column\"><div class=\"wpb_wrapper\"><h2>H\u00e4ufige Fragen zur Verlegung zum Muelle de la Sal<\/h2>\n<\/div><\/div><div class=\"w-separator size_medium\"><\/div><div class=\"w-tabs accordion toggle_style_1 has_scrolling\" style=\"--sections-title-size:inherit;--sections-gap:0.5rem;\"><div class=\"w-tabs-sections titles-align_none icon_chevron cpos_right\"><div class=\"w-tabs-section\" id=\"k790\" itemscope itemprop=\"mainEntity\" itemtype=\"https:\/\/schema.org\/Question\"><button type=\"button\" class=\"w-tabs-section-header\" aria-controls=\"content-k790\" aria-expanded=\"false\"><div class=\"w-tabs-section-title\" itemprop=\"name\">Welche Vorstellungen werden vom Hotel Triana zum Muelle de la Sal verlegt?<\/div><div class=\"w-tabs-section-control\"><\/div><\/button><div  class=\"w-tabs-section-content\" id=\"content-k790\" itemscope itemprop=\"acceptedAnswer\" itemtype=\"https:\/\/schema.org\/Answer\"><div class=\"w-tabs-section-content-h i-cf\" itemprop=\"text\"><div class=\"wpb_text_column\"><div class=\"wpb_wrapper\"><p>Verlegt werden die drei urspr\u00fcnglich f\u00fcr das Hotel Triana geplanten Noches \u00danicas: <em>Mujeres gitanas<\/em> am 17. September; <em>Uvitas negras<\/em> am 18.; und <em>Andaluc\u00eda en el tiempo<\/em> am 19.<\/p>\n<\/div><\/div><\/div><\/div><\/div><div class=\"w-tabs-section\" id=\"j8bf\" itemscope itemprop=\"mainEntity\" itemtype=\"https:\/\/schema.org\/Question\"><button type=\"button\" class=\"w-tabs-section-header\" aria-controls=\"content-j8bf\" aria-expanded=\"false\"><div class=\"w-tabs-section-title\" itemprop=\"name\">Warum \u00e4ndert sich der Veranstaltungsort?<\/div><div class=\"w-tabs-section-control\"><\/div><\/button><div  class=\"w-tabs-section-content\" id=\"content-j8bf\" itemscope itemprop=\"acceptedAnswer\" itemtype=\"https:\/\/schema.org\/Answer\"><div class=\"w-tabs-section-content-h i-cf\" itemprop=\"text\"><div class=\"wpb_text_column\"><div class=\"wpb_wrapper\"><p>Die Stadt Sevilla und die Organisation der Biennale haben erkl\u00e4rt, dass die Entscheidung auf die hohe Nachfrage nach diesen Vorstellungen zur\u00fcckgeht. Am Muelle de la Sal findet ein gr\u00f6\u00dferes Publikum Platz.<\/p>\n<\/div><\/div><\/div><\/div><\/div><div class=\"w-tabs-section\" id=\"m9b7\" itemscope itemprop=\"mainEntity\" itemtype=\"https:\/\/schema.org\/Question\"><button type=\"button\" class=\"w-tabs-section-header\" aria-controls=\"content-m9b7\" aria-expanded=\"false\"><div class=\"w-tabs-section-title\" itemprop=\"name\">\u00c4ndern sich Termine oder Uhrzeiten?<\/div><div class=\"w-tabs-section-control\"><\/div><\/button><div  class=\"w-tabs-section-content\" id=\"content-m9b7\" itemscope itemprop=\"acceptedAnswer\" itemtype=\"https:\/\/schema.org\/Answer\"><div class=\"w-tabs-section-content-h i-cf\" itemprop=\"text\"><div class=\"wpb_text_column\"><div class=\"wpb_wrapper\"><p>Nein. Alle drei Vorstellungen behalten ihre urspr\u00fcnglichen Termine und beginnen um 23:00 Uhr.<\/p>\n<\/div><\/div><\/div><\/div><\/div><div class=\"w-tabs-section\" id=\"saf1\" itemscope itemprop=\"mainEntity\" itemtype=\"https:\/\/schema.org\/Question\"><button type=\"button\" class=\"w-tabs-section-header\" aria-controls=\"content-saf1\" aria-expanded=\"false\"><div class=\"w-tabs-section-title\" itemprop=\"name\">Bleiben die Tickets f\u00fcr das Hotel Triana g\u00fcltig?<\/div><div class=\"w-tabs-section-control\"><\/div><\/button><div  class=\"w-tabs-section-content\" id=\"content-saf1\" itemscope itemprop=\"acceptedAnswer\" itemtype=\"https:\/\/schema.org\/Answer\"><div class=\"w-tabs-section-content-h i-cf\" itemprop=\"text\"><div class=\"wpb_text_column\"><div class=\"wpb_wrapper\"><p>Ja. Bereits gekaufte Eintrittskarten bleiben f\u00fcr dieselben Vorstellungen am Muelle de la Sal g\u00fcltig. Ein Umtausch ist nicht erforderlich.<\/p>\n<\/div><\/div><\/div><\/div><\/div><div class=\"w-tabs-section\" id=\"oc43\" itemscope itemprop=\"mainEntity\" itemtype=\"https:\/\/schema.org\/Question\"><button type=\"button\" class=\"w-tabs-section-header\" aria-controls=\"content-oc43\" aria-expanded=\"false\"><div class=\"w-tabs-section-title\" itemprop=\"name\">Kann ich eine Erstattung verlangen, wenn ich nicht zum Muelle de la Sal m\u00f6chte?<\/div><div class=\"w-tabs-section-control\"><\/div><\/button><div  class=\"w-tabs-section-content\" id=\"content-oc43\" itemscope itemprop=\"acceptedAnswer\" itemtype=\"https:\/\/schema.org\/Answer\"><div class=\"w-tabs-section-content-h i-cf\" itemprop=\"text\"><div class=\"wpb_text_column\"><div class=\"wpb_wrapper\"><p>Ja. Wer wegen des Ortswechsels auf den Besuch verzichtet, kann bei der Organisation eine Erstattung beantragen. F\u00fcr R\u00fcckfragen wurden die E-Mail-Adresse taquillaseulen.icas@gmail.com und die Telefonnummer der Theaterkasse 955 472 822 angegeben.<\/p>\n<\/div><\/div><\/div><\/div><\/div><div class=\"w-tabs-section\" id=\"fd6b\" itemscope itemprop=\"mainEntity\" itemtype=\"https:\/\/schema.org\/Question\"><button type=\"button\" class=\"w-tabs-section-header\" aria-controls=\"content-fd6b\" aria-expanded=\"false\"><div class=\"w-tabs-section-title\" itemprop=\"name\">Wo liegt der Muelle de la Sal?<\/div><div class=\"w-tabs-section-control\"><\/div><\/button><div  class=\"w-tabs-section-content\" id=\"content-fd6b\" itemscope itemprop=\"acceptedAnswer\" itemtype=\"https:\/\/schema.org\/Answer\"><div class=\"w-tabs-section-content-h i-cf\" itemprop=\"text\"><div class=\"wpb_text_column\"><div class=\"wpb_wrapper\"><p>Er liegt am Guadalquivir, am Fu\u00df der Triana-Br\u00fccke, am Paseo Marqu\u00e9s de Contadero. Die Stierkampfarena La Maestranza und der Mercado del Barranco sind ganz in der N\u00e4he.<\/p>\n<\/div><\/div><\/div><\/div><\/div><div class=\"w-tabs-section\" id=\"je99\" itemscope itemprop=\"mainEntity\" itemtype=\"https:\/\/schema.org\/Question\"><button type=\"button\" class=\"w-tabs-section-header\" aria-controls=\"content-je99\" aria-expanded=\"false\"><div class=\"w-tabs-section-title\" itemprop=\"name\">\u00c4ndern sich die K\u00fcnstler der drei Noches \u00danicas?<\/div><div class=\"w-tabs-section-control\"><\/div><\/button><div  class=\"w-tabs-section-content\" id=\"content-je99\" itemscope itemprop=\"acceptedAnswer\" itemtype=\"https:\/\/schema.org\/Answer\"><div class=\"w-tabs-section-content-h i-cf\" itemprop=\"text\"><div class=\"wpb_text_column\"><div class=\"wpb_wrapper\"><p>Nein. Die Organisation hat best\u00e4tigt, dass die k\u00fcnstlerischen Besetzungen vollst\u00e4ndig unver\u00e4ndert bleiben. Der Wechsel betrifft den Veranstaltungsort, nicht die angek\u00fcndigten K\u00fcnstler.<\/p>\n<\/div><\/div><\/div><\/div><\/div><div class=\"w-tabs-section\" id=\"ufca\" itemscope itemprop=\"mainEntity\" itemtype=\"https:\/\/schema.org\/Question\"><button type=\"button\" class=\"w-tabs-section-header\" aria-controls=\"content-ufca\" aria-expanded=\"false\"><div class=\"w-tabs-section-title\" itemprop=\"name\">Geh\u00f6rt der Muelle de la Sal zu den offiziellen Spielst\u00e4tten der Biennale 2026?<\/div><div class=\"w-tabs-section-control\"><\/div><\/button><div  class=\"w-tabs-section-content\" id=\"content-ufca\" itemscope itemprop=\"acceptedAnswer\" itemtype=\"https:\/\/schema.org\/Answer\"><div class=\"w-tabs-section-content-h i-cf\" itemprop=\"text\"><div class=\"wpb_text_column\"><div class=\"wpb_wrapper\"><p>Ja. Der Muelle de la Sal geh\u00f6rt zu den offiziellen Spielst\u00e4tten der 24. Flamenco-Biennale und hat einen eigenen Eintrag auf der Festivalwebsite.<\/p>\n<\/div><\/div><\/div><\/div><\/div><\/div><\/div><\/div><\/div><\/div><div class=\"vc_col-sm-1\/5 wpb_column vc_column_container\"><div class=\"vc_column-inner\"><div class=\"wpb_wrapper\"><\/div><\/div><\/div><\/div><\/div><\/section><section class=\"l-section wpb_row height_huge color_alternate with_shape\"><div class=\"l-section-shape type_zigzag pos_top\" style=\"height:3vmin;\"><svg xmlns=\"http:\/\/www.w3.org\/2000\/svg\" viewBox=\"0 0 64 8\" preserveAspectRatio=\"none\" width=\"100%\" height=\"100%\">\r\n\t<path fill=\"currentColor\" d=\"M64 8 L0 8 L0 0 L20 7.9 L40 3 L48 5 L64 0 Z\"\/>\r\n<\/svg><\/div><div class=\"l-section-h i-cf\"><div class=\"g-cols vc_row via_flex valign_top type_default stacking_default\"><div class=\"vc_col-sm-12 wpb_column vc_column_container\"><div class=\"vc_column-inner\"><div class=\"wpb_wrapper\"><div class=\"wpb_text_column\"><div class=\"wpb_wrapper\"><h2>Drei N\u00e4chte am Guadalquivir<\/h2>\n<p>Das Hotel Triana sollte Intimit\u00e4t und die Erinnerung an das nachbarschaftliche Leben einbringen. Der Muelle de la Sal bietet Weite, Aussicht und einen direkten Bezug zum Fluss. Das Wesentliche bleibt jedoch erhalten: drei als Noches \u00danicas konzipierte Begegnungen und drei Besetzungen, die au\u00dferhalb der Biennale kaum in dieser Form zusammenkommen d\u00fcrften.<\/p>\n<p>Am 17., 18. und 19. September 2026 richtet sich der Blick jeweils um 23:00 Uhr auf das Ufer des Guadalquivir. Wer bereits ein Ticket besitzt, muss nichts veranlassen. F\u00fcr alle, die noch einen Platz suchen, kann die gr\u00f6\u00dfere Kapazit\u00e4t neue M\u00f6glichkeiten er\u00f6ffnen; die Verf\u00fcgbarkeit sollte jedoch immer \u00fcber die offiziellen Kan\u00e4le gepr\u00fcft werden.<\/p>\n<p>Die 24. Flamenco-Biennale Sevilla findet vom 9. September bis zum 3. Oktober 2026 statt. Termine, Spielst\u00e4tten und praktische Empfehlungen findest du in unserem <a href=\"https:\/\/www.tablaosflamencos.com\/de\/flamenco-biennale-sevilla-2026.html\"><strong>vollst\u00e4ndigen Guide zur Flamenco-Biennale 2026<\/strong><\/a>.<\/p>\n<\/div><\/div><div class=\"w-separator size_medium\"><\/div><div class=\"w-hwrapper valign_top wrap align_center\" style=\"--hwrapper-gap:1.2rem\"><div class=\"w-btn-wrapper align_none\"><a class=\"w-btn us-btn-style_1\" href=\"https:\/\/www.tablaosflamencos.com\/de\/flamenco-biennale-sevilla-2026.html\"><span class=\"w-btn-label\">Zum vollst\u00e4ndigen Biennale-Guide<\/span><\/a><\/div><div class=\"w-btn-wrapper align_none\"><a class=\"w-btn us-btn-style_11\" href=\"https:\/\/www.tablaosflamencos.com\/de\/einzigartige-naechte-flamenco-biennale-sevilla-2026.html\"><span class=\"w-btn-label\">Die Noches \u00danicas entdecken<\/span><\/a><\/div><\/div><\/div><\/div><\/div><\/div><\/div><\/section>\n","protected":false},"excerpt":{"rendered":"<p>Wegen der hohen Nachfrage verlegt die Flamenco-Biennale die Noches \u00danicas am 17., 18. und 19. September zum Muelle de la Sal. Tickets, K\u00fcnstler und Erstattungen.<\/p>\n","protected":false},"author":1,"featured_media":14746,"comment_status":"closed","ping_status":"closed","sticky":false,"template":"","format":"standard","meta":{"_acf_changed":false,"wpai_generated_summary":"","_ayudawp_aiss_exclude":false,"_ayudawp_aiss_exclude_summary":false,"_ayudawp_aiss_summary":"","_ayudawp_aiss_summary_provider":"","_ayudawp_aiss_summary_hash":"","footnotes":""},"categories":[1431],"tags":[1244,1245,1246,1247,1166,405],"class_list":["post-14813","post","type-post","status-publish","format-standard","has-post-thumbnail","hentry","category-flamenco-biennale","tag-agenda-flamenca","tag-bienal-2026","tag-bienal-de-flamenco","tag-festivales-flamencos","tag-flamenco-en-sevilla","tag-sevilla"],"acf":[],"yoast_head":"<!-- This site is optimized with the Yoast SEO Premium plugin v28.4 (Yoast SEO v28.4) - https:\/\/yoast.com\/product\/yoast-seo-premium-wordpress\/ -->\n<title>Noches \u00danicas am Muelle de la Sal | Biennale 2026<\/title>\n<meta name=\"description\" content=\"Die Noches \u00danicas am 17., 18. und 19. September ziehen zum Muelle de la Sal. Alle Infos zu Uhrzeiten, K\u00fcnstlern, g\u00fcltigen Tickets und Erstattungen.\" \/>\n<meta name=\"robots\" content=\"index, follow, max-snippet:-1, max-image-preview:large, max-video-preview:-1\" \/>\n<link rel=\"canonical\" href=\"https:\/\/www.tablaosflamencos.com\/de\/noches-unicas-muelle-sal-hotel-triana-biennale-2026.html\" \/>\n<meta property=\"og:locale\" content=\"de_DE\" \/>\n<meta property=\"og:type\" content=\"article\" \/>\n<meta property=\"og:title\" content=\"Flamenco-Biennale: Die Noches \u00danicas ziehen vom Hotel Triana zum Muelle de la Sal\" \/>\n<meta property=\"og:description\" content=\"Die Noches \u00danicas am 17., 18. und 19. September ziehen zum Muelle de la Sal. Alle Infos zu Uhrzeiten, K\u00fcnstlern, g\u00fcltigen Tickets und Erstattungen.\" \/>\n<meta property=\"og:url\" content=\"https:\/\/www.tablaosflamencos.com\/de\/noches-unicas-muelle-sal-hotel-triana-biennale-2026.html\" \/>\n<meta property=\"og:site_name\" content=\"Tablaos Flamencos\" \/>\n<meta property=\"article:publisher\" content=\"https:\/\/www.facebook.com\/tablaosflamencos\" \/>\n<meta property=\"article:published_time\" content=\"2026-09-05T11:46:58+00:00\" \/>\n<meta property=\"article:modified_time\" content=\"2026-09-05T13:04:09+00:00\" \/>\n<meta property=\"og:image\" content=\"https:\/\/www.tablaosflamencos.com\/wp-content\/uploads\/bienal-de-flamenco-las-noches-unicas-se-trasladan-del-hotel-triana-al-muelle-de-la-sal-01.webp\" \/>\n\t<meta property=\"og:image:width\" content=\"1536\" \/>\n\t<meta property=\"og:image:height\" content=\"1024\" \/>\n\t<meta property=\"og:image:type\" content=\"image\/webp\" \/>\n<meta name=\"author\" content=\"Miguel Ortiz\" \/>\n<meta name=\"twitter:card\" content=\"summary_large_image\" \/>\n<meta name=\"twitter:creator\" content=\"@tablaosflamenco\" \/>\n<meta name=\"twitter:site\" content=\"@tablaosflamenco\" \/>\n<meta name=\"twitter:label1\" content=\"Verfasst von\" \/>\n\t<meta name=\"twitter:data1\" content=\"Miguel Ortiz\" \/>\n\t<meta name=\"twitter:label2\" content=\"Gesch\u00e4tzte Lesezeit\" \/>\n\t<meta name=\"twitter:data2\" content=\"15\u00a0Minuten\" \/>\n<script type=\"application\/ld+json\" class=\"yoast-schema-graph\">{\"@context\":\"https:\\\/\\\/schema.org\",\"@graph\":[{\"@type\":\"Article\",\"@id\":\"https:\\\/\\\/www.tablaosflamencos.com\\\/de\\\/noches-unicas-muelle-sal-hotel-triana-biennale-2026.html#article\",\"isPartOf\":{\"@id\":\"https:\\\/\\\/www.tablaosflamencos.com\\\/de\\\/noches-unicas-muelle-sal-hotel-triana-biennale-2026.html\"},\"author\":{\"name\":\"Miguel Ortiz\",\"@id\":\"https:\\\/\\\/www.tablaosflamencos.com\\\/de#\\\/schema\\\/person\\\/e7a9ebe14eb75a52ceabfbffb3c54f5d\"},\"headline\":\"Flamenco-Biennale: Die Noches \u00danicas ziehen vom Hotel Triana zum Muelle de la Sal\",\"datePublished\":\"2026-09-05T11:46:58+00:00\",\"dateModified\":\"2026-09-05T13:04:09+00:00\",\"mainEntityOfPage\":{\"@id\":\"https:\\\/\\\/www.tablaosflamencos.com\\\/de\\\/noches-unicas-muelle-sal-hotel-triana-biennale-2026.html\"},\"wordCount\":3067,\"publisher\":{\"@id\":\"https:\\\/\\\/www.tablaosflamencos.com\\\/de#organization\"},\"image\":{\"@id\":\"https:\\\/\\\/www.tablaosflamencos.com\\\/de\\\/noches-unicas-muelle-sal-hotel-triana-biennale-2026.html#primaryimage\"},\"thumbnailUrl\":\"https:\\\/\\\/www.tablaosflamencos.com\\\/wp-content\\\/uploads\\\/bienal-de-flamenco-las-noches-unicas-se-trasladan-del-hotel-triana-al-muelle-de-la-sal-01.webp\",\"keywords\":[\"agenda flamenca\",\"Bienal 2026\",\"Bienal de Flamenco\",\"festivales flamencos\",\"flamenco en Sevilla\",\"sevilla\"],\"articleSection\":[\"Flamenco-Biennale\"],\"inLanguage\":\"de\"},{\"@type\":\"WebPage\",\"@id\":\"https:\\\/\\\/www.tablaosflamencos.com\\\/de\\\/noches-unicas-muelle-sal-hotel-triana-biennale-2026.html\",\"url\":\"https:\\\/\\\/www.tablaosflamencos.com\\\/de\\\/noches-unicas-muelle-sal-hotel-triana-biennale-2026.html\",\"name\":\"Noches \u00danicas am Muelle de la Sal | Biennale 2026\",\"isPartOf\":{\"@id\":\"https:\\\/\\\/www.tablaosflamencos.com\\\/de#website\"},\"primaryImageOfPage\":{\"@id\":\"https:\\\/\\\/www.tablaosflamencos.com\\\/de\\\/noches-unicas-muelle-sal-hotel-triana-biennale-2026.html#primaryimage\"},\"image\":{\"@id\":\"https:\\\/\\\/www.tablaosflamencos.com\\\/de\\\/noches-unicas-muelle-sal-hotel-triana-biennale-2026.html#primaryimage\"},\"thumbnailUrl\":\"https:\\\/\\\/www.tablaosflamencos.com\\\/wp-content\\\/uploads\\\/bienal-de-flamenco-las-noches-unicas-se-trasladan-del-hotel-triana-al-muelle-de-la-sal-01.webp\",\"datePublished\":\"2026-09-05T11:46:58+00:00\",\"dateModified\":\"2026-09-05T13:04:09+00:00\",\"description\":\"Die Noches \u00danicas am 17., 18. und 19. September ziehen zum Muelle de la Sal. Alle Infos zu Uhrzeiten, K\u00fcnstlern, g\u00fcltigen Tickets und Erstattungen.\",\"breadcrumb\":{\"@id\":\"https:\\\/\\\/www.tablaosflamencos.com\\\/de\\\/noches-unicas-muelle-sal-hotel-triana-biennale-2026.html#breadcrumb\"},\"inLanguage\":\"de\",\"potentialAction\":[{\"@type\":\"ReadAction\",\"target\":[\"https:\\\/\\\/www.tablaosflamencos.com\\\/de\\\/noches-unicas-muelle-sal-hotel-triana-biennale-2026.html\"]}]},{\"@type\":\"ImageObject\",\"inLanguage\":\"de\",\"@id\":\"https:\\\/\\\/www.tablaosflamencos.com\\\/de\\\/noches-unicas-muelle-sal-hotel-triana-biennale-2026.html#primaryimage\",\"url\":\"https:\\\/\\\/www.tablaosflamencos.com\\\/wp-content\\\/uploads\\\/bienal-de-flamenco-las-noches-unicas-se-trasladan-del-hotel-triana-al-muelle-de-la-sal-01.webp\",\"contentUrl\":\"https:\\\/\\\/www.tablaosflamencos.com\\\/wp-content\\\/uploads\\\/bienal-de-flamenco-las-noches-unicas-se-trasladan-del-hotel-triana-al-muelle-de-la-sal-01.webp\",\"width\":1536,\"height\":1024,\"caption\":\"Bienal de Flamenco: las Noches \u00danicas se trasladan del Hotel Triana al Muelle de la Sal\"},{\"@type\":\"BreadcrumbList\",\"@id\":\"https:\\\/\\\/www.tablaosflamencos.com\\\/de\\\/noches-unicas-muelle-sal-hotel-triana-biennale-2026.html#breadcrumb\",\"itemListElement\":[{\"@type\":\"ListItem\",\"position\":1,\"name\":\"Home\",\"item\":\"https:\\\/\\\/www.tablaosflamencos.com\\\/de\"},{\"@type\":\"ListItem\",\"position\":2,\"name\":\"Flamenco-Biennale: Die Noches \u00danicas ziehen vom Hotel Triana zum Muelle de la Sal\"}]},{\"@type\":\"WebSite\",\"@id\":\"https:\\\/\\\/www.tablaosflamencos.com\\\/de#website\",\"url\":\"https:\\\/\\\/www.tablaosflamencos.com\\\/de\",\"name\":\"Tablaos Flamencos\",\"description\":\"Entradas para tablaos flamencos de Espa\u00f1a\",\"publisher\":{\"@id\":\"https:\\\/\\\/www.tablaosflamencos.com\\\/de#organization\"},\"alternateName\":\"Tablaos Flamencos\",\"potentialAction\":[{\"@type\":\"SearchAction\",\"target\":{\"@type\":\"EntryPoint\",\"urlTemplate\":\"https:\\\/\\\/www.tablaosflamencos.com\\\/de?s={search_term_string}\"},\"query-input\":{\"@type\":\"PropertyValueSpecification\",\"valueRequired\":true,\"valueName\":\"search_term_string\"}}],\"inLanguage\":\"de\"},{\"@type\":[\"Organization\",\"Place\",\"EntertainmentBusiness\"],\"@id\":\"https:\\\/\\\/www.tablaosflamencos.com\\\/de#organization\",\"name\":\"Tablaos Flamencos\",\"alternateName\":\"Tablaos Flamencos\",\"url\":\"https:\\\/\\\/www.tablaosflamencos.com\\\/de\",\"logo\":{\"@id\":\"https:\\\/\\\/www.tablaosflamencos.com\\\/de\\\/noches-unicas-muelle-sal-hotel-triana-biennale-2026.html#local-main-organization-logo\"},\"image\":{\"@id\":\"https:\\\/\\\/www.tablaosflamencos.com\\\/de\\\/noches-unicas-muelle-sal-hotel-triana-biennale-2026.html#local-main-organization-logo\"},\"sameAs\":[\"https:\\\/\\\/www.facebook.com\\\/tablaosflamencos\",\"https:\\\/\\\/x.com\\\/tablaosflamenco\",\"https:\\\/\\\/mastodon.social\\\/@tablaosflamencos\",\"https:\\\/\\\/www.instagram.com\\\/tablaosflamencos\",\"https:\\\/\\\/tiktok.com\\\/@tablaosflamencos\",\"https:\\\/\\\/www.linkedin.com\\\/company\\\/109408238\\\/\"],\"description\":\"Venta de entradas para espect\u00e1culos flamencos\",\"legalName\":\"Tablaos Flamencos\",\"foundingDate\":\"2015-01-01\",\"numberOfEmployees\":{\"@type\":\"QuantitativeValue\",\"minValue\":\"1\",\"maxValue\":\"10\"},\"address\":{\"@id\":\"https:\\\/\\\/www.tablaosflamencos.com\\\/de\\\/noches-unicas-muelle-sal-hotel-triana-biennale-2026.html#local-main-place-address\"},\"geo\":{\"@type\":\"GeoCoordinates\",\"latitude\":\"37.3868072\",\"longitude\":\"-5.993280299999999\"},\"telephone\":[\"+34623787787\"],\"contactPoint\":{\"@type\":\"ContactPoint\",\"telephone\":\"+34623787787\",\"email\":\"info@tablaosflamencos.com\"},\"openingHoursSpecification\":{\"@type\":\"OpeningHoursSpecification\",\"dayOfWeek\":[\"Monday\",\"Tuesday\",\"Wednesday\",\"Thursday\",\"Friday\",\"Saturday\",\"Sunday\"],\"opens\":\"00:00\",\"closes\":\"23:59\"},\"email\":\"info@tablaosflamencos.com\",\"priceRange\":\"$$$\",\"currenciesAccepted\":\"\u20ac\"},{\"@type\":\"Person\",\"@id\":\"https:\\\/\\\/www.tablaosflamencos.com\\\/de#\\\/schema\\\/person\\\/e7a9ebe14eb75a52ceabfbffb3c54f5d\",\"name\":\"Miguel Ortiz\",\"description\":\"Miguel Ortiz es un empresario flamenco, con una s\u00f3lida trayectoria dentro del sector. Ha presidido entidades culturales vinculadas al flamenco y, cuenta con un amplio recorrido profesional en la gesti\u00f3n y promoci\u00f3n de espect\u00e1culos y tablaos flamencos. Su pasi\u00f3n por la historia y el arte flamenco se refleja en cada art\u00edculo, donde combina experiencia, criterio y un profundo respeto por la tradici\u00f3n.\",\"sameAs\":[\"https:\\\/\\\/www.tablaosflamencos.com\",\"https:\\\/\\\/www.instagra.com\\\/miguelortizfe\",\"https:\\\/\\\/www.linkedin.com\\\/in\\\/miguelortizf\\\/\"],\"birthDate\":\"1984-11-22\",\"gender\":\"hombre\",\"knowsLanguage\":[\"espa\u00f1ol\",\"ingl\u00e9s\"],\"jobTitle\":\"Empresario flamenco\"},{\"@type\":\"PostalAddress\",\"@id\":\"https:\\\/\\\/www.tablaosflamencos.com\\\/de\\\/noches-unicas-muelle-sal-hotel-triana-biennale-2026.html#local-main-place-address\",\"streetAddress\":\"C\\\/ Alemanes, 19\",\"addressLocality\":\"Sevilla\",\"postalCode\":\"41004\",\"addressRegion\":\"Sevilla\",\"addressCountry\":\"ES\"},{\"@type\":\"ImageObject\",\"inLanguage\":\"de\",\"@id\":\"https:\\\/\\\/www.tablaosflamencos.com\\\/de\\\/noches-unicas-muelle-sal-hotel-triana-biennale-2026.html#local-main-organization-logo\",\"url\":\"https:\\\/\\\/www.tablaosflamencos.com\\\/wp-content\\\/uploads\\\/tablaos-flamencos-06-3.webp\",\"contentUrl\":\"https:\\\/\\\/www.tablaosflamencos.com\\\/wp-content\\\/uploads\\\/tablaos-flamencos-06-3.webp\",\"width\":600,\"height\":620,\"caption\":\"Tablaos Flamencos\"}]}<\/script>\n<meta name=\"geo.placename\" content=\"Sevilla\" \/>\n<meta name=\"geo.position\" content=\"37.3868072;-5.993280299999999\" \/>\n<meta name=\"geo.region\" content=\"Spanien\" \/>\n<!-- \/ Yoast SEO Premium plugin. -->","yoast_head_json":{"title":"Noches \u00danicas am Muelle de la Sal | Biennale 2026","description":"Die Noches \u00danicas am 17., 18. und 19. September ziehen zum Muelle de la Sal. Alle Infos zu Uhrzeiten, K\u00fcnstlern, g\u00fcltigen Tickets und Erstattungen.","robots":{"index":"index","follow":"follow","max-snippet":"max-snippet:-1","max-image-preview":"max-image-preview:large","max-video-preview":"max-video-preview:-1"},"canonical":"https:\/\/www.tablaosflamencos.com\/de\/noches-unicas-muelle-sal-hotel-triana-biennale-2026.html","og_locale":"de_DE","og_type":"article","og_title":"Flamenco-Biennale: Die Noches \u00danicas ziehen vom Hotel Triana zum Muelle de la Sal","og_description":"Die Noches \u00danicas am 17., 18. und 19. September ziehen zum Muelle de la Sal. Alle Infos zu Uhrzeiten, K\u00fcnstlern, g\u00fcltigen Tickets und Erstattungen.","og_url":"https:\/\/www.tablaosflamencos.com\/de\/noches-unicas-muelle-sal-hotel-triana-biennale-2026.html","og_site_name":"Tablaos Flamencos","article_publisher":"https:\/\/www.facebook.com\/tablaosflamencos","article_published_time":"2026-09-05T11:46:58+00:00","article_modified_time":"2026-09-05T13:04:09+00:00","og_image":[{"width":1536,"height":1024,"url":"https:\/\/www.tablaosflamencos.com\/wp-content\/uploads\/bienal-de-flamenco-las-noches-unicas-se-trasladan-del-hotel-triana-al-muelle-de-la-sal-01.webp","type":"image\/webp"}],"author":"Miguel Ortiz","twitter_card":"summary_large_image","twitter_creator":"@tablaosflamenco","twitter_site":"@tablaosflamenco","twitter_misc":{"Verfasst von":"Miguel Ortiz","Gesch\u00e4tzte Lesezeit":"15\u00a0Minuten"},"schema":{"@context":"https:\/\/schema.org","@graph":[{"@type":"Article","@id":"https:\/\/www.tablaosflamencos.com\/de\/noches-unicas-muelle-sal-hotel-triana-biennale-2026.html#article","isPartOf":{"@id":"https:\/\/www.tablaosflamencos.com\/de\/noches-unicas-muelle-sal-hotel-triana-biennale-2026.html"},"author":{"name":"Miguel Ortiz","@id":"https:\/\/www.tablaosflamencos.com\/de#\/schema\/person\/e7a9ebe14eb75a52ceabfbffb3c54f5d"},"headline":"Flamenco-Biennale: Die Noches \u00danicas ziehen vom Hotel Triana zum Muelle de la Sal","datePublished":"2026-09-05T11:46:58+00:00","dateModified":"2026-09-05T13:04:09+00:00","mainEntityOfPage":{"@id":"https:\/\/www.tablaosflamencos.com\/de\/noches-unicas-muelle-sal-hotel-triana-biennale-2026.html"},"wordCount":3067,"publisher":{"@id":"https:\/\/www.tablaosflamencos.com\/de#organization"},"image":{"@id":"https:\/\/www.tablaosflamencos.com\/de\/noches-unicas-muelle-sal-hotel-triana-biennale-2026.html#primaryimage"},"thumbnailUrl":"https:\/\/www.tablaosflamencos.com\/wp-content\/uploads\/bienal-de-flamenco-las-noches-unicas-se-trasladan-del-hotel-triana-al-muelle-de-la-sal-01.webp","keywords":["agenda flamenca","Bienal 2026","Bienal de Flamenco","festivales flamencos","flamenco en Sevilla","sevilla"],"articleSection":["Flamenco-Biennale"],"inLanguage":"de"},{"@type":"WebPage","@id":"https:\/\/www.tablaosflamencos.com\/de\/noches-unicas-muelle-sal-hotel-triana-biennale-2026.html","url":"https:\/\/www.tablaosflamencos.com\/de\/noches-unicas-muelle-sal-hotel-triana-biennale-2026.html","name":"Noches \u00danicas am Muelle de la Sal | Biennale 2026","isPartOf":{"@id":"https:\/\/www.tablaosflamencos.com\/de#website"},"primaryImageOfPage":{"@id":"https:\/\/www.tablaosflamencos.com\/de\/noches-unicas-muelle-sal-hotel-triana-biennale-2026.html#primaryimage"},"image":{"@id":"https:\/\/www.tablaosflamencos.com\/de\/noches-unicas-muelle-sal-hotel-triana-biennale-2026.html#primaryimage"},"thumbnailUrl":"https:\/\/www.tablaosflamencos.com\/wp-content\/uploads\/bienal-de-flamenco-las-noches-unicas-se-trasladan-del-hotel-triana-al-muelle-de-la-sal-01.webp","datePublished":"2026-09-05T11:46:58+00:00","dateModified":"2026-09-05T13:04:09+00:00","description":"Die Noches \u00danicas am 17., 18. und 19. September ziehen zum Muelle de la Sal. Alle Infos zu Uhrzeiten, K\u00fcnstlern, g\u00fcltigen Tickets und Erstattungen.","breadcrumb":{"@id":"https:\/\/www.tablaosflamencos.com\/de\/noches-unicas-muelle-sal-hotel-triana-biennale-2026.html#breadcrumb"},"inLanguage":"de","potentialAction":[{"@type":"ReadAction","target":["https:\/\/www.tablaosflamencos.com\/de\/noches-unicas-muelle-sal-hotel-triana-biennale-2026.html"]}]},{"@type":"ImageObject","inLanguage":"de","@id":"https:\/\/www.tablaosflamencos.com\/de\/noches-unicas-muelle-sal-hotel-triana-biennale-2026.html#primaryimage","url":"https:\/\/www.tablaosflamencos.com\/wp-content\/uploads\/bienal-de-flamenco-las-noches-unicas-se-trasladan-del-hotel-triana-al-muelle-de-la-sal-01.webp","contentUrl":"https:\/\/www.tablaosflamencos.com\/wp-content\/uploads\/bienal-de-flamenco-las-noches-unicas-se-trasladan-del-hotel-triana-al-muelle-de-la-sal-01.webp","width":1536,"height":1024,"caption":"Bienal de Flamenco: las Noches \u00danicas se trasladan del Hotel Triana al Muelle de la Sal"},{"@type":"BreadcrumbList","@id":"https:\/\/www.tablaosflamencos.com\/de\/noches-unicas-muelle-sal-hotel-triana-biennale-2026.html#breadcrumb","itemListElement":[{"@type":"ListItem","position":1,"name":"Home","item":"https:\/\/www.tablaosflamencos.com\/de"},{"@type":"ListItem","position":2,"name":"Flamenco-Biennale: Die Noches \u00danicas ziehen vom Hotel Triana zum Muelle de la Sal"}]},{"@type":"WebSite","@id":"https:\/\/www.tablaosflamencos.com\/de#website","url":"https:\/\/www.tablaosflamencos.com\/de","name":"Tablaos Flamencos","description":"Entradas para tablaos flamencos de Espa\u00f1a","publisher":{"@id":"https:\/\/www.tablaosflamencos.com\/de#organization"},"alternateName":"Tablaos Flamencos","potentialAction":[{"@type":"SearchAction","target":{"@type":"EntryPoint","urlTemplate":"https:\/\/www.tablaosflamencos.com\/de?s={search_term_string}"},"query-input":{"@type":"PropertyValueSpecification","valueRequired":true,"valueName":"search_term_string"}}],"inLanguage":"de"},{"@type":["Organization","Place","EntertainmentBusiness"],"@id":"https:\/\/www.tablaosflamencos.com\/de#organization","name":"Tablaos Flamencos","alternateName":"Tablaos Flamencos","url":"https:\/\/www.tablaosflamencos.com\/de","logo":{"@id":"https:\/\/www.tablaosflamencos.com\/de\/noches-unicas-muelle-sal-hotel-triana-biennale-2026.html#local-main-organization-logo"},"image":{"@id":"https:\/\/www.tablaosflamencos.com\/de\/noches-unicas-muelle-sal-hotel-triana-biennale-2026.html#local-main-organization-logo"},"sameAs":["https:\/\/www.facebook.com\/tablaosflamencos","https:\/\/x.com\/tablaosflamenco","https:\/\/mastodon.social\/@tablaosflamencos","https:\/\/www.instagram.com\/tablaosflamencos","https:\/\/tiktok.com\/@tablaosflamencos","https:\/\/www.linkedin.com\/company\/109408238\/"],"description":"Venta de entradas para espect\u00e1culos flamencos","legalName":"Tablaos Flamencos","foundingDate":"2015-01-01","numberOfEmployees":{"@type":"QuantitativeValue","minValue":"1","maxValue":"10"},"address":{"@id":"https:\/\/www.tablaosflamencos.com\/de\/noches-unicas-muelle-sal-hotel-triana-biennale-2026.html#local-main-place-address"},"geo":{"@type":"GeoCoordinates","latitude":"37.3868072","longitude":"-5.993280299999999"},"telephone":["+34623787787"],"contactPoint":{"@type":"ContactPoint","telephone":"+34623787787","email":"info@tablaosflamencos.com"},"openingHoursSpecification":{"@type":"OpeningHoursSpecification","dayOfWeek":["Monday","Tuesday","Wednesday","Thursday","Friday","Saturday","Sunday"],"opens":"00:00","closes":"23:59"},"email":"info@tablaosflamencos.com","priceRange":"$$$","currenciesAccepted":"\u20ac"},{"@type":"Person","@id":"https:\/\/www.tablaosflamencos.com\/de#\/schema\/person\/e7a9ebe14eb75a52ceabfbffb3c54f5d","name":"Miguel Ortiz","description":"Miguel Ortiz es un empresario flamenco, con una s\u00f3lida trayectoria dentro del sector. Ha presidido entidades culturales vinculadas al flamenco y, cuenta con un amplio recorrido profesional en la gesti\u00f3n y promoci\u00f3n de espect\u00e1culos y tablaos flamencos. Su pasi\u00f3n por la historia y el arte flamenco se refleja en cada art\u00edculo, donde combina experiencia, criterio y un profundo respeto por la tradici\u00f3n.","sameAs":["https:\/\/www.tablaosflamencos.com","https:\/\/www.instagra.com\/miguelortizfe","https:\/\/www.linkedin.com\/in\/miguelortizf\/"],"birthDate":"1984-11-22","gender":"hombre","knowsLanguage":["espa\u00f1ol","ingl\u00e9s"],"jobTitle":"Empresario flamenco"},{"@type":"PostalAddress","@id":"https:\/\/www.tablaosflamencos.com\/de\/noches-unicas-muelle-sal-hotel-triana-biennale-2026.html#local-main-place-address","streetAddress":"C\/ Alemanes, 19","addressLocality":"Sevilla","postalCode":"41004","addressRegion":"Sevilla","addressCountry":"ES"},{"@type":"ImageObject","inLanguage":"de","@id":"https:\/\/www.tablaosflamencos.com\/de\/noches-unicas-muelle-sal-hotel-triana-biennale-2026.html#local-main-organization-logo","url":"https:\/\/www.tablaosflamencos.com\/wp-content\/uploads\/tablaos-flamencos-06-3.webp","contentUrl":"https:\/\/www.tablaosflamencos.com\/wp-content\/uploads\/tablaos-flamencos-06-3.webp","width":600,"height":620,"caption":"Tablaos Flamencos"}]},"geo.placename":"Sevilla","geo.position":{"lat":"37.3868072","long":"-5.993280299999999"},"geo.region":"Spanien"},"_links":{"self":[{"href":"https:\/\/www.tablaosflamencos.com\/de\/wp-json\/wp\/v2\/posts\/14813","targetHints":{"allow":["GET"]}}],"collection":[{"href":"https:\/\/www.tablaosflamencos.com\/de\/wp-json\/wp\/v2\/posts"}],"about":[{"href":"https:\/\/www.tablaosflamencos.com\/de\/wp-json\/wp\/v2\/types\/post"}],"author":[{"embeddable":true,"href":"https:\/\/www.tablaosflamencos.com\/de\/wp-json\/wp\/v2\/users\/1"}],"replies":[{"embeddable":true,"href":"https:\/\/www.tablaosflamencos.com\/de\/wp-json\/wp\/v2\/comments?post=14813"}],"version-history":[{"count":8,"href":"https:\/\/www.tablaosflamencos.com\/de\/wp-json\/wp\/v2\/posts\/14813\/revisions"}],"predecessor-version":[{"id":14917,"href":"https:\/\/www.tablaosflamencos.com\/de\/wp-json\/wp\/v2\/posts\/14813\/revisions\/14917"}],"wp:featuredmedia":[{"embeddable":true,"href":"https:\/\/www.tablaosflamencos.com\/de\/wp-json\/wp\/v2\/media\/14746"}],"wp:attachment":[{"href":"https:\/\/www.tablaosflamencos.com\/de\/wp-json\/wp\/v2\/media?parent=14813"}],"wp:term":[{"taxonomy":"category","embeddable":true,"href":"https:\/\/www.tablaosflamencos.com\/de\/wp-json\/wp\/v2\/categories?post=14813"},{"taxonomy":"post_tag","embeddable":true,"href":"https:\/\/www.tablaosflamencos.com\/de\/wp-json\/wp\/v2\/tags?post=14813"}],"curies":[{"name":"wp","href":"https:\/\/api.w.org\/{rel}","templated":true}]}}