{"id":14776,"date":"2026-09-05T13:34:33","date_gmt":"2026-09-05T11:34:33","guid":{"rendered":"https:\/\/www.tablaosflamencos.com\/?p=14776"},"modified":"2026-09-05T16:25:58","modified_gmt":"2026-09-05T14:25:58","slug":"flamenco-biennale-sevilla-14-20-september-2026","status":"publish","type":"post","link":"https:\/\/www.tablaosflamencos.com\/de\/flamenco-biennale-sevilla-14-20-september-2026.html","title":{"rendered":"Flamenco-Biennale Sevilla: Was sich vom 14. bis 20. September 2026 lohnt"},"content":{"rendered":"<section class=\"l-section wpb_row height_huge\"><div class=\"l-section-h i-cf\"><div class=\"g-cols vc_row via_flex valign_top type_default stacking_default\"><div class=\"vc_col-sm-6 wpb_column vc_column_container\"><div class=\"vc_column-inner\"><div class=\"wpb_wrapper\"><div class=\"wpb_text_column\"><div class=\"wpb_wrapper\"><h2>Flamenco-Biennale Sevilla: Was sich vom 14. bis 20. September 2026 lohnt<\/h2>\n<p>Die <strong>zweite Woche der Flamenco-Biennale Sevilla 2026<\/strong>, von Montag, 14., bis Sonntag, 20. September, ver\u00e4ndert den Rhythmus des Festivals. Nach dem ersten gro\u00dfen Wochenende f\u00e4chert sich das Programm auf: Der Real Alc\u00e1zar bietet drei aufeinanderfolgende Abende mit Gesang und traditionellem Flamenco; die drei urspr\u00fcnglich im Hotel Triana geplanten sp\u00e4ten Abendveranstaltungen ziehen an den Muelle de la Sal um; das Lope de Vega empf\u00e4ngt zwei Gesangsrecitals mit ausgepr\u00e4gter Pers\u00f6nlichkeit; und das Wochenende verbindet Gitarre, Orchester, Matineen, Nachwuchstalente und mehrere einmalige Konzertabende.<\/p>\n<p>In sieben Tagen stehen <strong>20 offizielle Vorstellungen<\/strong> auf dem Programm. Nicht alle lassen sich miteinander verbinden. Gerade das Ausw\u00e4hlen macht diese Woche interessant: Israel Fern\u00e1ndez \u00fcberschneidet sich mit Ana Morales und Macarena L\u00f3pez; Rancapino Chico mit der Hommage an Isabel Bay\u00f3n; Xerezan\u00edas verlangt eine Entscheidung gegen Jos\u00e9 del Tomate; und am Wochenende konkurrieren erneut mehrere Angebote zeitlich miteinander.<\/p>\n<p>Dieser Guide ordnet das Programm vom <strong>14. bis 20. September 2026<\/strong> und hilft bei der Auswahl nach deinen Interessen: Gesang, Gitarre, Tanz, traditioneller Flamenco, zeitgen\u00f6ssische Kreation oder ein besonders eng mit Sevilla verbundenes Erlebnis.<\/p>\n<\/div><\/div><\/div><\/div><\/div><div class=\"vc_col-sm-6 wpb_column vc_column_container\"><div class=\"vc_column-inner\"><div class=\"wpb_wrapper\"><div class=\"wpb_text_column\"><div class=\"wpb_wrapper\"><p style=\"text-align: center; font-size: 52px; line-height: 1; margin-bottom: 10px;\"><strong>14.\u201320.<\/strong><\/p>\n<h3 style=\"text-align: center;\">September 2026<\/h3>\n<p style=\"text-align: center;\"><strong>Montag bis Sonntag<\/strong><\/p>\n<p style=\"text-align: center;\">20 offizielle Vorstellungen<\/p>\n<p style=\"text-align: center;\">Gesang \u00b7 Tanz \u00b7 Gitarre \u00b7 einmalige Konzertabende \u00b7 Matineen<\/p>\n<p style=\"text-align: center;\">Alc\u00e1zar \u00b7 Muelle de la Sal \u00b7 Maestranza \u00b7 Lope de Vega \u00b7 Turina \u00b7 Alameda \u00b7 Central \u00b7 San Luis \u00b7 Artiller\u00eda<\/p>\n<\/div><\/div><\/div><\/div><\/div><\/div><\/div><\/section><section class=\"l-section wpb_row height_huge color_alternate with_shape\"><div class=\"l-section-shape type_zigzag pos_top\" style=\"height:3vmin;\"><svg xmlns=\"http:\/\/www.w3.org\/2000\/svg\" viewBox=\"0 0 64 8\" preserveAspectRatio=\"none\" width=\"100%\" height=\"100%\">\r\n\t<path fill=\"currentColor\" d=\"M64 8 L0 8 L0 0 L20 7.9 L40 3 L48 5 L64 0 Z\"\/>\r\n<\/svg><\/div><div class=\"l-section-shape type_zigzag pos_bottom\" style=\"height:3vmin;\"><svg xmlns=\"http:\/\/www.w3.org\/2000\/svg\" viewBox=\"0 0 64 8\" preserveAspectRatio=\"none\" width=\"100%\" height=\"100%\">\r\n\t<path fill=\"currentColor\" d=\"M64 8 L0 8 L0 0 L20 7.9 L40 3 L48 5 L64 0 Z\"\/>\r\n<\/svg><\/div><div class=\"l-section-h i-cf\"><div class=\"g-cols vc_row via_flex valign_top type_default stacking_default\"><div class=\"vc_col-sm-12 wpb_column vc_column_container\"><div class=\"vc_column-inner\"><div class=\"wpb_wrapper\"><div class=\"wpb_text_column\"><div class=\"wpb_wrapper\"><blockquote>\n<p><strong>Auf einen Blick:<\/strong> F\u00fcr eine Auswahl weniger H\u00f6hepunkte bietet der <strong>Montag, 14.<\/strong> drei sehr unterschiedliche Wege mit Israel Fern\u00e1ndez, Ana Morales und Macarena L\u00f3pez; der <strong>Dienstag, 15.<\/strong> stellt Rancapino Chicos Gesang einer einmaligen Hommage an Isabel Bay\u00f3n gegen\u00fcber; der <strong>Mittwoch, 16.<\/strong> verlangt die Wahl zwischen dem Treffen aus Jerez unter dem Titel <em>Xerezan\u00edas<\/em> und Jos\u00e9 del Tomates Gitarre; der <strong>Donnerstag, 17.<\/strong> erm\u00f6glicht eine Kombination von Arc\u00e1ngel und <em>Mujeres Gitanas<\/em> am Muelle de la Sal; der <strong>Freitag, 18.<\/strong> zeichnet sich durch Antonio Reyes und den Abend f\u00fcr die Pe\u00f1a El Pozo de las Penas aus; der <strong>Samstag, 19.<\/strong> vereint Alejandro Hurtado, Mar\u00eda Mar\u00edn, Ca\u00f1izares mit der ROSS und <em>Andaluc\u00eda en el tiempo<\/em>; und der <strong>Sonntag, 20.<\/strong> bringt erneut Alejandro Hurtado, Manuel de la Luz &amp; Manuel Im\u00e1n, Jos\u00e9 Merc\u00e9 und die Gala des andalusischen Nachwuchsprogramms f\u00fcr Flamenco zusammen.<\/p>\n<\/blockquote>\n<p><strong>Letzte Aktualisierung: 5. September 2026.<\/strong> Zeiten und Programm wurden mit dem offiziellen Kalender der 24. Biennale abgeglichen. Neuer Veranstaltungsort: Die urspr\u00fcnglich im Hotel Triana geplanten Vorstellungen am 17., 18. und 19. September finden am Muelle de la Sal statt; Termine und Beginn um 23:00 Uhr bleiben unver\u00e4ndert. Die Ticketverf\u00fcgbarkeit kann sich \u00e4ndern. Pr\u00fcfe vor der endg\u00fcltigen Planung immer den offiziellen Eintrag der jeweiligen Vorstellung.<\/p>\n<\/div><\/div><div class=\"w-separator size_medium\"><\/div><div class=\"w-hwrapper valign_top wrap stack_on_mobiles align_center\" style=\"--hwrapper-gap:1.2rem\"><div class=\"w-btn-wrapper align_none\"><a class=\"w-btn us-btn-style_1\" href=\"https:\/\/www.tablaosflamencos.com\/de\/flamenco-biennale-sevilla-2026.html\"><span class=\"w-btn-label\">Kompletter Guide zur Biennale 2026<\/span><\/a><\/div><div class=\"w-btn-wrapper align_none\"><a class=\"w-btn us-btn-style_1\" href=\"https:\/\/www.tablaosflamencos.com\/de\/flamenco-biennale-sevilla-2026-tickets-preise-rabatte.html\"><span class=\"w-btn-label\">Tickets, Preise und Erm\u00e4\u00dfigungen<\/span><\/a><\/div><div class=\"w-btn-wrapper align_none\"><a class=\"w-btn us-btn-style_1\" target=\"_blank\" href=\"https:\/\/www.labienal.com\/programa-general\"><span class=\"w-btn-label\">Offizielles Programm<\/span><\/a><\/div><\/div><\/div><\/div><\/div><\/div><\/div><\/section><section class=\"l-section wpb_row height_huge\"><div class=\"l-section-h i-cf\"><div class=\"g-cols vc_row via_flex valign_top type_default stacking_default\"><div class=\"vc_col-sm-3 wpb_column vc_column_container\"><div class=\"vc_column-inner\"><div class=\"wpb_wrapper\"><\/div><\/div><\/div><div class=\"vc_col-sm-6 wpb_column vc_column_container\"><div class=\"vc_column-inner\"><div class=\"wpb_wrapper\"><div class=\"wpb_text_column\"><div class=\"wpb_wrapper\"><h2>In diesem Guide<\/h2>\n<ul>\n<li><a href=\"#semana-central\">Was diese Woche besonders macht<\/a><\/li>\n<li><a href=\"#programa-14-20\">Komplettes Programm vom 14. bis 20. September<\/a><\/li>\n<li><a href=\"#lunes-14\">Montag, 14.: Israel Fern\u00e1ndez, Ana Morales oder Macarena L\u00f3pez<\/a><\/li>\n<li><a href=\"#martes-15\">Dienstag, 15.: Rancapino Chico und die Hommage an Isabel Bay\u00f3n<\/a><\/li>\n<li><a href=\"#miercoles-16\">Mittwoch, 16.: Jerez im Alc\u00e1zar oder Gitarre im Alameda<\/a><\/li>\n<li><a href=\"#jueves-17\">Donnerstag, 17.: Arc\u00e1ngel und Mujeres Gitanas<\/a><\/li>\n<li><a href=\"#viernes-18\">Freitag, 18.: Gitarre, Antonio Reyes und Muelle de la Sal<\/a><\/li>\n<li><a href=\"#sabado-19\">Samstag, 19.: der vielseitigste Tag der Woche<\/a><\/li>\n<li><a href=\"#domingo-20\">Sonntag, 20.: von der Matinee zu Jos\u00e9 Merc\u00e9 und dem Nachwuchs<\/a><\/li>\n<li><a href=\"#itinerarios-14-20\">Empfohlene Themenrouten<\/a><\/li>\n<li><a href=\"#perfiles-14-20\">Auswahl nach deinen Interessen<\/a><\/li>\n<li><a href=\"#logistica-14-20\">Vorstellungen ohne Eile kombinieren<\/a><\/li>\n<li><a href=\"#faq-14-20\">H\u00e4ufige Fragen<\/a><\/li>\n<\/ul>\n<\/div><\/div><\/div><\/div><\/div><div class=\"vc_col-sm-3 wpb_column vc_column_container\"><div class=\"vc_column-inner\"><div class=\"wpb_wrapper\"><\/div><\/div><\/div><\/div><\/div><\/section><section class=\"l-section wpb_row height_huge color_alternate with_shape\"><div class=\"l-section-shape type_zigzag pos_top\" style=\"height:3vmin;\"><svg xmlns=\"http:\/\/www.w3.org\/2000\/svg\" viewBox=\"0 0 64 8\" preserveAspectRatio=\"none\" width=\"100%\" height=\"100%\">\r\n\t<path fill=\"currentColor\" d=\"M64 8 L0 8 L0 0 L20 7.9 L40 3 L48 5 L64 0 Z\"\/>\r\n<\/svg><\/div><div class=\"l-section-shape type_zigzag pos_bottom\" style=\"height:3vmin;\"><svg xmlns=\"http:\/\/www.w3.org\/2000\/svg\" viewBox=\"0 0 64 8\" preserveAspectRatio=\"none\" width=\"100%\" height=\"100%\">\r\n\t<path fill=\"currentColor\" d=\"M64 8 L0 8 L0 0 L20 7.9 L40 3 L48 5 L64 0 Z\"\/>\r\n<\/svg><\/div><div class=\"l-section-h i-cf\"><div class=\"g-cols vc_row via_flex valign_top type_default stacking_default\"><div class=\"vc_col-sm-6 wpb_column vc_column_container\"><div class=\"vc_column-inner\"><div class=\"wpb_wrapper\"><div class=\"wpb_text_column\"><div class=\"wpb_wrapper\"><h2 id=\"semana-central\">Die Woche, in der sich die Biennale \u00fcber ganz Sevilla ausbreitet<\/h2>\n<p>Vom 14. bis 20. September wirkt die Biennale nicht mehr wie eine Folge einzelner gro\u00dfer Premieren, sondern zeigt ihre ganze Struktur. Am Montag, Dienstag und Mittwoch wird der <strong>Real Alc\u00e1zar<\/strong> zu einem Zentrum des Gesangs mit Israel Fern\u00e1ndez, Rancapino Chico und dem Treffen aus Jerez unter dem Titel <em>Xerezan\u00edas<\/em>. Ab Donnerstag richtet sich der Blick au\u00dferdem auf den <strong>Muelle de la Sal<\/strong>, den neuen Ort f\u00fcr drei aufeinanderfolgende einmalige Konzertabende, die urspr\u00fcnglich im Hotel Triana angek\u00fcndigt waren.<\/p>\n<p>Gleichzeitig verfolgen Lope de Vega, Alameda, Teatro Central, Turina, San Luis de los Franceses, Real F\u00e1brica de Artiller\u00eda und Teatro de la Maestranza sehr unterschiedliche Programmlinien. Diese Woche eignet sich ideal, um zu verstehen, dass die Biennale nicht einen einzigen Flamenco bietet, sondern viele Zug\u00e4nge zu dieser Kunst.<\/p>\n<\/div><\/div><\/div><\/div><\/div><div class=\"vc_col-sm-6 wpb_column vc_column_container\"><div class=\"vc_column-inner\"><div class=\"wpb_wrapper\"><div class=\"wpb_text_column\"><div class=\"wpb_wrapper\"><h2>Von den Wurzeln zur Gro\u00dfproduktion in derselben Woche<\/h2>\n<p>Innerhalb weniger Tage kannst du von Rancapino Chicos Gesang zu Ana Morales\u2019 zeitgen\u00f6ssischem Tanz wechseln; von Jos\u00e9 del Tomates Sologitarre zu einem sinfonischen Konzert von Ca\u00f1izares mit dem K\u00f6niglichen Sinfonieorchester Sevilla; oder von der Intimit\u00e4t von San Luis de los Franceses zur n\u00e4chtlichen Atmosph\u00e4re am Muelle de la Sal.<\/p>\n<p>Entscheidend ist, <strong>nicht alles sehen zu wollen<\/strong>. Zeitliche \u00dcberschneidungen erfordern eine pers\u00f6nliche Auswahl. Deshalb unterscheidet dieser Guide zwischen gut kombinierbaren Vorstellungen, riskanten Anschl\u00fcssen und Angeboten, bei denen du dich klar f\u00fcr eines entscheiden musst.<\/p>\n<\/div><\/div><\/div><\/div><\/div><\/div><\/div><\/section><section class=\"l-section wpb_row height_huge\"><div class=\"l-section-h i-cf\"><div class=\"g-cols vc_row via_flex valign_top type_default stacking_default\"><div class=\"vc_col-sm-12 wpb_column vc_column_container\"><div class=\"vc_column-inner\"><div class=\"wpb_wrapper\"><div class=\"wpb_text_column\"><div class=\"wpb_wrapper\"><h2 id=\"programa-14-20\">Das vollst\u00e4ndige Biennale-Programm vom 14. bis 20. September 2026<\/h2>\n<div style=\"overflow-x: auto;\">\n<table>\n<thead>\n<tr>\n<th>Datum<\/th>\n<th>Uhrzeit<\/th>\n<th>Spielst\u00e4tte<\/th>\n<th>K\u00fcnstler \/ Vorstellung<\/th>\n<th>Format<\/th>\n<\/tr>\n<\/thead>\n<tbody>\n<tr>\n<td><strong>Mo., 14.<\/strong><\/td>\n<td>21:30<\/td>\n<td>Real Alc\u00e1zar<\/td>\n<td>Israel Fern\u00e1ndez \u2014 <em>De oro y marfil<\/em><\/td>\n<td>Flamenco-Gesang<\/td>\n<\/tr>\n<tr>\n<td><strong>Mo., 14.<\/strong><\/td>\n<td>22:00<\/td>\n<td>Real F\u00e1brica de Artiller\u00eda<\/td>\n<td>Ana Morales \u2014 <em>Rapsodia. Fantas\u00eda subterr\u00e1nea<\/em><\/td>\n<td>Urauff\u00fchrung<\/td>\n<\/tr>\n<tr>\n<td><strong>Mo., 14.<\/strong><\/td>\n<td>22:30<\/td>\n<td>Teatro Alameda<\/td>\n<td>Macarena L\u00f3pez \u2014 <em>Sobre todas las cosas<\/em><\/td>\n<td>Urauff\u00fchrung<\/td>\n<\/tr>\n<tr>\n<td><strong>Di., 15.<\/strong><\/td>\n<td>21:30<\/td>\n<td>Real Alc\u00e1zar<\/td>\n<td>Rancapino Chico \u2014 <em>Pizarra<\/em><\/td>\n<td>Urauff\u00fchrung<\/td>\n<\/tr>\n<tr>\n<td><strong>Di., 15.<\/strong><\/td>\n<td>22:30<\/td>\n<td>Teatro Central<\/td>\n<td>David Lagos, Miguel Ortega, Antonio Campos, Inma Rivero und Jos\u00e9 Luis Ortiz Nuevo \u2014 <em>Ep\u00edlogo de un cante que se hizo baile. Suite de cantes<\/em><\/td>\n<td>Einmaliger Konzertabend \u00b7 Hommage an Isabel Bay\u00f3n<\/td>\n<\/tr>\n<tr>\n<td><strong>Mi., 16.<\/strong><\/td>\n<td>21:30<\/td>\n<td>Real Alc\u00e1zar<\/td>\n<td>Luis El Zambo, Dolores Agujetas, Antonio de la Malena, Manuel Valencia und Las Tatas de Jerez \u2014 <em>Xerezan\u00edas<\/em><\/td>\n<td>Einmaliger Konzertabend<\/td>\n<\/tr>\n<tr>\n<td><strong>Mi., 16.<\/strong><\/td>\n<td>22:30<\/td>\n<td>Teatro Alameda<\/td>\n<td>Jos\u00e9 del Tomate \u2014 <em>Sonanta 3.0<\/em><\/td>\n<td>Gitarre<\/td>\n<\/tr>\n<tr>\n<td><strong>Do., 17.<\/strong><\/td>\n<td>20:00<\/td>\n<td>Teatro Lope de Vega<\/td>\n<td>Arc\u00e1ngel \u2014 <em>La copla del cante<\/em><\/td>\n<td>Einmaliger Konzertabend<\/td>\n<\/tr>\n<tr>\n<td><strong>Do., 17.<\/strong><\/td>\n<td>23:00<\/td>\n<td>Muelle de la Sal<\/td>\n<td>Remedios Amaya, La Fabi, Montse Cort\u00e9s und Josemi Carmona \u2014 <em>Mujeres Gitanas<\/em><\/td>\n<td>Einmaliger Konzertabend<\/td>\n<\/tr>\n<tr>\n<td><strong>Fr., 18.<\/strong><\/td>\n<td>19:00<\/td>\n<td>Espacio Turina<\/td>\n<td>Juan Requena \u2014 <em>Requeneando<\/em><\/td>\n<td>Gitarre<\/td>\n<\/tr>\n<tr>\n<td><strong>Fr., 18.<\/strong><\/td>\n<td>20:00<\/td>\n<td>Teatro Lope de Vega<\/td>\n<td>Antonio Reyes \u2014 <em>Seis cuerdas, seis<\/em><\/td>\n<td>Einmaliger Konzertabend<\/td>\n<\/tr>\n<tr>\n<td><strong>Fr., 18.<\/strong><\/td>\n<td>23:00<\/td>\n<td>Muelle de la Sal<\/td>\n<td>75-j\u00e4hriges Jubil\u00e4um der Pe\u00f1a El Pozo de las Penas \u2014 <em>Uvitas negras<\/em><\/td>\n<td>Einmaliger Konzertabend<\/td>\n<\/tr>\n<tr>\n<td><strong>Sa., 19.<\/strong><\/td>\n<td>12:00<\/td>\n<td>San Luis de los Franceses<\/td>\n<td>Alejandro Hurtado + Enrique Solin\u00eds \u2014 <em>Devenir de la guitarra<\/em><\/td>\n<td>Besondere Matinee<\/td>\n<\/tr>\n<tr>\n<td><strong>Sa., 19.<\/strong><\/td>\n<td>19:00<\/td>\n<td>Espacio Turina<\/td>\n<td>Mar\u00eda Mar\u00edn \u2014 <em>Las tres Mar\u00edas<\/em><\/td>\n<td>Urauff\u00fchrung<\/td>\n<\/tr>\n<tr>\n<td><strong>Sa., 19.<\/strong><\/td>\n<td>20:00<\/td>\n<td>Teatro de la Maestranza<\/td>\n<td>Ca\u00f1izares &amp; ROSS \u2014 <em>Ca\u00f1izares sinf\u00f3nico<\/em><\/td>\n<td>Einmaliger Konzertabend<\/td>\n<\/tr>\n<tr>\n<td><strong>Sa., 19.<\/strong><\/td>\n<td>23:00<\/td>\n<td>Muelle de la Sal<\/td>\n<td>El Boquer\u00f3n, Carmen de la Jara, Curro Lucena, Jaime \u201eEl Parr\u00f3n\u201c, Joselete de Linares, Jos\u00e9 Sorroche, Paqui Corpas, El Pecas und Romerito de Jerez \u2014 <em>Andaluc\u00eda en el tiempo<\/em><\/td>\n<td>Einmaliger Konzertabend<\/td>\n<\/tr>\n<tr>\n<td><strong>So., 20.<\/strong><\/td>\n<td>12:00<\/td>\n<td>San Luis de los Franceses<\/td>\n<td>Alejandro Hurtado + Enrique Solin\u00eds \u2014 <em>Devenir de la guitarra<\/em><\/td>\n<td>Besondere Matinee<\/td>\n<\/tr>\n<tr>\n<td><strong>So., 20.<\/strong><\/td>\n<td>19:00<\/td>\n<td>Espacio Turina<\/td>\n<td>Manuel de la Luz &amp; Manuel Im\u00e1n \u2014 <em>Manos que hablan<\/em><\/td>\n<td>Einmaliger Konzertabend<\/td>\n<\/tr>\n<tr>\n<td><strong>So., 20.<\/strong><\/td>\n<td>20:00<\/td>\n<td>Teatro de la Maestranza<\/td>\n<td>Jos\u00e9 Merc\u00e9 \u2014 <em>Toquen a rebato<\/em><\/td>\n<td>Einmaliger Konzertabend<\/td>\n<\/tr>\n<tr>\n<td><strong>So., 20.<\/strong><\/td>\n<td>22:30<\/td>\n<td>Teatro Alameda<\/td>\n<td>Gala des andalusischen Nachwuchsprogramms f\u00fcr Flamenco<\/td>\n<td>Flamenco-Nachwuchs<\/td>\n<\/tr>\n<\/tbody>\n<\/table>\n<\/div>\n<p><strong>Tipp:<\/strong> Verstehe diese Tabelle nicht als Ablaufplan. Mehrere Vorstellungen \u00fcberschneiden sich oder lassen zu wenig Zeit f\u00fcr einen Ortswechsel. Die folgende Tagesauswahl soll unm\u00f6gliche Kombinationen vermeiden.<\/p>\n<\/div><\/div><\/div><\/div><\/div><\/div><\/div><\/section><section class=\"l-section wpb_row height_huge color_alternate with_shape\"><div class=\"l-section-shape type_zigzag pos_top\" style=\"height:3vmin;\"><svg xmlns=\"http:\/\/www.w3.org\/2000\/svg\" viewBox=\"0 0 64 8\" preserveAspectRatio=\"none\" width=\"100%\" height=\"100%\">\r\n\t<path fill=\"currentColor\" d=\"M64 8 L0 8 L0 0 L20 7.9 L40 3 L48 5 L64 0 Z\"\/>\r\n<\/svg><\/div><div class=\"l-section-shape type_zigzag pos_bottom\" style=\"height:3vmin;\"><svg xmlns=\"http:\/\/www.w3.org\/2000\/svg\" viewBox=\"0 0 64 8\" preserveAspectRatio=\"none\" width=\"100%\" height=\"100%\">\r\n\t<path fill=\"currentColor\" d=\"M64 8 L0 8 L0 0 L20 7.9 L40 3 L48 5 L64 0 Z\"\/>\r\n<\/svg><\/div><div class=\"l-section-h i-cf\"><div class=\"g-cols vc_row via_flex valign_top type_default stacking_default\"><div class=\"vc_col-sm-6 wpb_column vc_column_container\"><div class=\"vc_column-inner\"><div class=\"wpb_wrapper\"><div class=\"wpb_text_column\"><div class=\"wpb_wrapper\"><h2 id=\"lunes-14\">Montag, 14.: drei verschiedene Biennalen innerhalb einer Stunde<\/h2>\n<p>Am Montag steht eine der klarsten Entscheidungen der Woche an. Um <strong>21:30 Uhr<\/strong> bringt Israel Fern\u00e1ndez <em>De oro y marfil<\/em> in den Real Alc\u00e1zar. F\u00fcr alle, die Gesang, Stimme und einen Abend an einem der besonderen historischen Orte dieser Ausgabe bevorzugen, ist das die naheliegende Wahl.<\/p>\n<p>Eine halbe Stunde sp\u00e4ter, um <strong>22:00 Uhr<\/strong>, zeigt Ana Morales die zweite Vorstellung von <em>Rapsodia. Fantas\u00eda subterr\u00e1nea<\/em> in der Real F\u00e1brica de Artiller\u00eda. Diese Tanzkreation wurde f\u00fcr einen besonderen industriellen Raum entwickelt und steht f\u00fcr den zeitgen\u00f6ssischsten Weg des Abends.<\/p>\n<p>Um <strong>22:30 Uhr<\/strong> pr\u00e4sentiert Macarena L\u00f3pez die Urauff\u00fchrung von <em>Sobre todas las cosas<\/em> im Teatro Alameda: eine Gelegenheit, die j\u00fcngere Tanzgeneration der Biennale kennenzulernen.<\/p>\n<\/div><\/div><\/div><\/div><\/div><div class=\"vc_col-sm-6 wpb_column vc_column_container\"><div class=\"vc_column-inner\"><div class=\"wpb_wrapper\"><div class=\"wpb_text_column\"><div class=\"wpb_wrapper\"><h2>Was sich am Montag empfiehlt<\/h2>\n<p><strong>Israel Fern\u00e1ndez<\/strong> f\u00fcr Gesang und ein n\u00e4chtliches Erlebnis im Alc\u00e1zar. <strong>Ana Morales<\/strong> f\u00fcr B\u00fchnenkreation, k\u00fcnstlerische Forschung und zeitgen\u00f6ssischen Tanz. <strong>Macarena L\u00f3pez<\/strong> f\u00fcr eine neue Entdeckung und einen Einblick in die Erneuerung des Flamenco-Tanzes.<\/p>\n<p>Wir empfehlen nicht, zwei der drei Vorstellungen zu kombinieren. Die Anfangszeiten liegen zu nah beieinander und die Spielst\u00e4tten sind voneinander entfernt. Am Montag solltest du <strong>eine einzige Vorstellung sorgf\u00e4ltig ausw\u00e4hlen<\/strong> und ohne Blick auf die Uhr genie\u00dfen.<\/p>\n<p>Mehr zum Alc\u00e1zar erf\u00e4hrst du in unserem Guide \u00fcber <a href=\"https:\/\/www.tablaosflamencos.com\/de\/flamenco-real-alcazar-flamenco-biennale-sevilla-2026.html\"><strong>Flamenco im Real Alc\u00e1zar w\u00e4hrend der Biennale 2026<\/strong><\/a>.<\/p>\n<\/div><\/div><\/div><\/div><\/div><\/div><\/div><\/section><section class=\"l-section wpb_row height_huge\"><div class=\"l-section-h i-cf\"><div class=\"g-cols vc_row via_flex valign_top type_default stacking_default\"><div class=\"vc_col-sm-6 wpb_column vc_column_container\"><div class=\"vc_column-inner\"><div class=\"wpb_wrapper\"><div class=\"wpb_text_column\"><div class=\"wpb_wrapper\"><h2 id=\"martes-15\">Dienstag, 15.: Rancapino Chico oder ein einmaliger Abend f\u00fcr Isabel Bay\u00f3n<\/h2>\n<p>Um <strong>21:30 Uhr im Real Alc\u00e1zar<\/strong> pr\u00e4sentiert Rancapino Chico <em>Pizarra<\/em> als Urauff\u00fchrung. Eine attraktive Wahl f\u00fcr einen Abend, an dem Gesang, Tradition und k\u00fcnstlerische Pers\u00f6nlichkeit im Rahmen des Alc\u00e1zar im Mittelpunkt stehen.<\/p>\n<p>Eine Stunde sp\u00e4ter folgt im <strong>Teatro Central<\/strong> die Vorstellung <em>Ep\u00edlogo de un cante que se hizo baile. Suite de cantes<\/em>, ein einmaliger Abend f\u00fcr Isabel Bay\u00f3n mit David Lagos, Miguel Ortega, Antonio Campos, Inma Rivero und Jos\u00e9 Luis Ortiz Nuevo.<\/p>\n<p>Mehr als eine gew\u00f6hnliche Vorstellung ist dieser zweite Termin ein besonderes Ereignis: Stimmen und Erinnerungen kommen rund um eine zentrale Pers\u00f6nlichkeit des sevillanischen Tanzes zusammen.<\/p>\n<\/div><\/div><\/div><\/div><\/div><div class=\"vc_col-sm-6 wpb_column vc_column_container\"><div class=\"vc_column-inner\"><div class=\"wpb_wrapper\"><div class=\"wpb_text_column\"><div class=\"wpb_wrapper\"><h2>Zwei Arten, der Erinnerung des Flamenco zuzuh\u00f6ren<\/h2>\n<p>Am Dienstag stehen sich weniger Tradition und Moderne gegen\u00fcber als <strong>zwei Formen des Erinnerns<\/strong>. Rancapino Chico n\u00e4hert sich ihr mit einem eigenen Recital; der Abend im Central mit einer Hommage und gemeinschaftlicher Gestaltung.<\/p>\n<p>Beide Veranstaltungen zu besuchen ist zeitlich unrealistisch. F\u00fcr den Gesang eines bestimmten K\u00fcnstlers empfiehlt sich der Alc\u00e1zar. F\u00fcr einmalige Abende und Produktionen, die gerade im Rahmen einer Biennale ihren besonderen Sinn entfalten, besitzt das Central einen eigenen Reiz.<\/p>\n<p>Weitere Informationen bietet unser Kalender der <a href=\"https:\/\/www.tablaosflamencos.com\/de\/einzigartige-naechte-flamenco-biennale-sevilla-2026.html\"><strong>einmaligen Konzertabende der Biennale 2026<\/strong><\/a>.<\/p>\n<\/div><\/div><\/div><\/div><\/div><\/div><\/div><\/section><section class=\"l-section wpb_row height_huge color_alternate with_shape\"><div class=\"l-section-shape type_zigzag pos_top\" style=\"height:3vmin;\"><svg xmlns=\"http:\/\/www.w3.org\/2000\/svg\" viewBox=\"0 0 64 8\" preserveAspectRatio=\"none\" width=\"100%\" height=\"100%\">\r\n\t<path fill=\"currentColor\" d=\"M64 8 L0 8 L0 0 L20 7.9 L40 3 L48 5 L64 0 Z\"\/>\r\n<\/svg><\/div><div class=\"l-section-shape type_zigzag pos_bottom\" style=\"height:3vmin;\"><svg xmlns=\"http:\/\/www.w3.org\/2000\/svg\" viewBox=\"0 0 64 8\" preserveAspectRatio=\"none\" width=\"100%\" height=\"100%\">\r\n\t<path fill=\"currentColor\" d=\"M64 8 L0 8 L0 0 L20 7.9 L40 3 L48 5 L64 0 Z\"\/>\r\n<\/svg><\/div><div class=\"l-section-h i-cf\"><div class=\"g-cols vc_row via_flex valign_top type_default stacking_default\"><div class=\"vc_col-sm-6 wpb_column vc_column_container\"><div class=\"vc_column-inner\"><div class=\"wpb_wrapper\"><div class=\"wpb_text_column\"><div class=\"wpb_wrapper\"><h2 id=\"miercoles-16\">Mittwoch, 16.: Jerez \u00fcbernimmt den Alc\u00e1zar<\/h2>\n<p>Der Mittwoch im Real Alc\u00e1zar bietet eines der eindrucksvollsten Gesangstreffen dieser Woche. <em>Xerezan\u00edas<\/em> vereint <strong>Luis El Zambo, Dolores Agujetas, Antonio de la Malena, Manuel Valencia und Las Tatas de Jerez<\/strong> an einem einmaligen Konzertabend, dessen symbolischer Mittelpunkt Jerez ist.<\/p>\n<p>F\u00fcr Gesang, Comp\u00e1s, k\u00fcnstlerische Traditionslinien und eine Begegnung, die au\u00dferhalb der Biennale schwer zu wiederholen w\u00e4re, ist dies eine unserer klarsten Empfehlungen f\u00fcr den Zeitraum vom 14. bis 20.<\/p>\n<\/div><\/div><\/div><\/div><\/div><div class=\"vc_col-sm-6 wpb_column vc_column_container\"><div class=\"vc_column-inner\"><div class=\"wpb_wrapper\"><div class=\"wpb_text_column\"><div class=\"wpb_wrapper\"><h2>22:30 Uhr: Jos\u00e9 del Tomate und die Gitarre als Alternative<\/h2>\n<p>Um <strong>22:30 Uhr im Teatro Alameda<\/strong> pr\u00e4sentiert Jos\u00e9 del Tomate <em>Sonanta 3.0<\/em>. Wegen der Anfangszeit l\u00e4sst sich diese Vorstellung nach <em>Xerezan\u00edas<\/em> nicht vollst\u00e4ndig erleben. Am Mittwoch musst du dich also erneut f\u00fcr eine k\u00fcnstlerische Richtung entscheiden.<\/p>\n<p>F\u00fcr eine gitarrenorientierte Woche geh\u00f6rt Jos\u00e9 del Tomate auf die Liste. F\u00fcr einen Gesangsabend, der diese Besetzung an diesem Ort wohl kaum erneut zusammenbringt, w\u00fcrden wir <em>Xerezan\u00edas<\/em> bevorzugen.<\/p>\n<p>Mehr Hintergrund zu beiden Wegen bieten unsere Guides \u00fcber <a href=\"https:\/\/www.tablaosflamencos.com\/de\/cante-flamenco-biennale-sevilla-2026.html\"><strong>Gesang bei der Biennale 2026<\/strong><\/a> und <a href=\"https:\/\/www.tablaosflamencos.com\/de\/gitarre-flamenco-biennale-sevilla-2026-unverzichtbare-shows.html\"><strong>Gitarre bei der Biennale<\/strong><\/a>.<\/p>\n<\/div><\/div><\/div><\/div><\/div><\/div><\/div><\/section><section class=\"l-section wpb_row height_huge\"><div class=\"l-section-h i-cf\"><div class=\"g-cols vc_row via_flex valign_top type_default stacking_default\"><div class=\"vc_col-sm-6 wpb_column vc_column_container\"><div class=\"vc_column-inner\"><div class=\"wpb_wrapper\"><div class=\"wpb_text_column\"><div class=\"wpb_wrapper\"><h2 id=\"jueves-17\">Donnerstag, 17.: Arc\u00e1ngel er\u00f6ffnet den Abend im Lope de Vega<\/h2>\n<p>Arc\u00e1ngel pr\u00e4sentiert <em>La copla del cante<\/em> um <strong>20:00 Uhr im Teatro Lope de Vega<\/strong>. Die Produktion erkundet die historische Beziehung zwischen Flamenco und Copla, einem spanischen Liedgenre, dem sich zahlreiche K\u00fcnstler des 20. Jahrhunderts gewidmet haben und das hier den Ausgangspunkt eines einmaligen Abends bildet.<\/p>\n<p>Eine gute Wahl f\u00fcr Gesang in einem gro\u00dfen Theater, ohne ein konventionelles Recital zu besuchen. Zur Besetzung geh\u00f6ren Gitarre, Begleitgesang und rhythmisches H\u00e4ndeklatschen, Perkussion, Keyboards, Fl\u00f6te, Mundharmonika und Violine.<\/p>\n<\/div><\/div><\/div><\/div><\/div><div class=\"vc_col-sm-6 wpb_column vc_column_container\"><div class=\"vc_column-inner\"><div class=\"wpb_wrapper\"><div class=\"wpb_text_column\"><div class=\"wpb_wrapper\"><h2>23:00 Uhr: Mujeres Gitanas er\u00f6ffnet die Reihe am Muelle de la Sal<\/h2>\n<p>Drei Stunden sp\u00e4ter beginnt eine der am meisten erwarteten Folgen dieser Woche: die vom Hotel Triana verlegten Abendveranstaltungen am <strong>Muelle de la Sal<\/strong>. Zum Auftakt kommen <strong>Remedios Amaya, La Fabi, Montse Cort\u00e9s und Josemi Carmona<\/strong> zusammen, unter dem Titel <em>Mujeres Gitanas<\/em>.<\/p>\n<p>Arc\u00e1ngel und anschlie\u00dfend Muelle de la Sal bilden auf dem Papier eine der vern\u00fcnftigeren Kombinationen der Woche. Ein garantierter Anschluss ist das dennoch nicht: Ber\u00fccksichtige die tats\u00e4chliche Spieldauer, das Verlassen des Lope de Vega und den Weg zum neuen Ort am Fluss, nicht zum Hotel Triana.<\/p>\n<p>Hintergrund zum urspr\u00fcnglich vorgesehenen Veranstaltungsort liefert unser Guide \u00fcber <a href=\"https:\/\/www.tablaosflamencos.com\/de\/hotel-triana-flamenco-biennale-sevilla-2026.html\"><strong>die drei urspr\u00fcnglich im historischen Gemeinschaftshof geplanten Biennale-Abende<\/strong><\/a>.<\/p>\n<\/div><\/div><\/div><\/div><\/div><\/div><\/div><\/section><section class=\"l-section wpb_row height_huge color_alternate with_shape\"><div class=\"l-section-shape type_zigzag pos_top\" style=\"height:3vmin;\"><svg xmlns=\"http:\/\/www.w3.org\/2000\/svg\" viewBox=\"0 0 64 8\" preserveAspectRatio=\"none\" width=\"100%\" height=\"100%\">\r\n\t<path fill=\"currentColor\" d=\"M64 8 L0 8 L0 0 L20 7.9 L40 3 L48 5 L64 0 Z\"\/>\r\n<\/svg><\/div><div class=\"l-section-shape type_zigzag pos_bottom\" style=\"height:3vmin;\"><svg xmlns=\"http:\/\/www.w3.org\/2000\/svg\" viewBox=\"0 0 64 8\" preserveAspectRatio=\"none\" width=\"100%\" height=\"100%\">\r\n\t<path fill=\"currentColor\" d=\"M64 8 L0 8 L0 0 L20 7.9 L40 3 L48 5 L64 0 Z\"\/>\r\n<\/svg><\/div><div class=\"l-section-h i-cf\"><div class=\"g-cols vc_row via_flex valign_top type_default stacking_default\"><div class=\"vc_col-sm-6 wpb_column vc_column_container\"><div class=\"vc_column-inner\"><div class=\"wpb_wrapper\"><div class=\"wpb_text_column\"><div class=\"wpb_wrapper\"><h2 id=\"viernes-18\">Freitag, 18.: Juan Requena oder Antonio Reyes<\/h2>\n<p>Der Freitag beginnt um <strong>19:00 Uhr im Espacio Turina<\/strong> mit Juan Requena und <em>Requeneando<\/em>. Eine Stunde sp\u00e4ter pr\u00e4sentiert Antonio Reyes <em>Seis cuerdas, seis<\/em> im Lope de Vega: einen einmaligen Abend, der dem S\u00e4nger sechs Gitarren gegen\u00fcberstellt und die Begleitung zum zentralen Bestandteil des Konzepts macht.<\/p>\n<p>Die Anfangszeiten machen beide Angebote unvereinbar. F\u00fcr Gitarrenliebhaber, die Turinas Programmlinie verfolgen m\u00f6chten, ist Juan Requena die nat\u00fcrliche Wahl. F\u00fcr Gesang und ein au\u00dfergew\u00f6hnliches Format mit verschiedenen Gitarristen ist Antonio Reyes besonders reizvoll.<\/p>\n<\/div><\/div><\/div><\/div><\/div><div class=\"vc_col-sm-6 wpb_column vc_column_container\"><div class=\"vc_column-inner\"><div class=\"wpb_wrapper\"><div class=\"wpb_text_column\"><div class=\"wpb_wrapper\"><h2>23:00 Uhr: 75 Jahre Pe\u00f1a El Pozo de las Penas<\/h2>\n<p>Der zweite Abend am Muelle de la Sal feiert das <strong>75-j\u00e4hrige Jubil\u00e4um der Pe\u00f1a El Pozo de las Penas<\/strong> mit <em>Uvitas negras<\/em>. Die Besetzung vereint Itoly de Los Palacios, Juan El Distinguido, Nene Escalera, Miguel Ortega, Jos\u00e9 \u00c1ngel Carmona, Juanelo, Anabel de Vico und Manuel Orta, begleitet von Ni\u00f1o Fraile und Salvador Guti\u00e9rrez an den Gitarren.<\/p>\n<p>Die Leitung von Manuel Curao unterstreicht den Charakter von Begegnung und Erinnerung und die Verbindung zur Kultur der Flamenco-Vereine. Der Abend eignet sich hervorragend als Abschluss nach einem Gitarrenkonzert oder nach Antonio Reyes, sofern Spieldauer und Weg gen\u00fcgend Zeit lassen.<\/p>\n<\/div><\/div><\/div><\/div><\/div><\/div><\/div><\/section><section class=\"l-section wpb_row height_huge\"><div class=\"l-section-h i-cf\"><div class=\"g-cols vc_row via_flex valign_top type_default stacking_default\"><div class=\"vc_col-sm-6 wpb_column vc_column_container\"><div class=\"vc_column-inner\"><div class=\"wpb_wrapper\"><div class=\"wpb_text_column\"><div class=\"wpb_wrapper\"><h2 id=\"sabado-19\">Samstag, 19.: der vielseitigste Tag der Woche<\/h2>\n<p>Am Samstag kannst du die Biennale von mittags bis nach Mitternacht erleben. Um <strong>12:00 Uhr in San Luis de los Franceses<\/strong> pr\u00e4sentiert Alejandro Hurtado <em>Devenir de la guitarra<\/em> mit Enrique Solin\u00eds. Das Programm f\u00fchrt durch Grana\u00edna, Alegr\u00edas, Farruca, Seguiriya, Zapateado und Taranta; der Dialog mit einem Musiker aus der Alten Musik passt besonders gut zur barocken Umgebung.<\/p>\n<p>Um <strong>19:00 Uhr im Turina<\/strong> pr\u00e4sentiert Mar\u00eda Mar\u00edn die Urauff\u00fchrung von <em>Las tres Mar\u00edas<\/em>. Eine Stunde sp\u00e4ter kommt Ca\u00f1izares im Maestranza mit dem K\u00f6niglichen Sinfonieorchester Sevilla zusammen, f\u00fcr <em>Ca\u00f1izares sinf\u00f3nico<\/em>.<\/p>\n<\/div><\/div><\/div><\/div><\/div><div class=\"vc_col-sm-6 wpb_column vc_column_container\"><div class=\"vc_column-inner\"><div class=\"wpb_wrapper\"><div class=\"wpb_text_column\"><div class=\"wpb_wrapper\"><h2>Ca\u00f1izares mit der ROSS oder Mar\u00eda Mar\u00edn: erneut ist eine Entscheidung n\u00f6tig<\/h2>\n<p>Obwohl die Vorstellungen mit einer Stunde Abstand beginnen, ist eine Kombination unrealistisch. Wer Mar\u00eda Mar\u00edn um 19:00 Uhr besucht, sollte nicht damit planen, um 20:00 Uhr im Maestranza zu sitzen.<\/p>\n<p><em>Ca\u00f1izares sinf\u00f3nico<\/em> geh\u00f6rt zu den gr\u00f6\u00dften Produktionen der Woche. Auf dem Programm stehen das <em>Concierto Al-\u00c1ndalus<\/em>, dem Andenken an Paco de Luc\u00eda gewidmet, und das <em>Concierto Mediterr\u00e1neo<\/em>, eine Widmung an Joaqu\u00edn Rodrigo. Mar\u00eda Mar\u00edn bietet dagegen eine Urauff\u00fchrung in einem intimeren Rahmen.<\/p>\n<p>Um <strong>23:00 Uhr<\/strong> beendet <em>Andaluc\u00eda en el tiempo<\/em> die Reihe am Muelle de la Sal mit S\u00e4ngern aus verschiedenen andalusischen Provinzen und den Gitarristen Eduardo Rebollar und Antonio Carri\u00f3n. Dieser Abend ist besonders deutlich als geografisches Portr\u00e4t des Flamenco-Gesangs angelegt.<\/p>\n<\/div><\/div><\/div><\/div><\/div><\/div><\/div><\/section><section class=\"l-section wpb_row height_huge color_alternate with_shape\"><div class=\"l-section-shape type_zigzag pos_top\" style=\"height:3vmin;\"><svg xmlns=\"http:\/\/www.w3.org\/2000\/svg\" viewBox=\"0 0 64 8\" preserveAspectRatio=\"none\" width=\"100%\" height=\"100%\">\r\n\t<path fill=\"currentColor\" d=\"M64 8 L0 8 L0 0 L20 7.9 L40 3 L48 5 L64 0 Z\"\/>\r\n<\/svg><\/div><div class=\"l-section-shape type_zigzag pos_bottom\" style=\"height:3vmin;\"><svg xmlns=\"http:\/\/www.w3.org\/2000\/svg\" viewBox=\"0 0 64 8\" preserveAspectRatio=\"none\" width=\"100%\" height=\"100%\">\r\n\t<path fill=\"currentColor\" d=\"M64 8 L0 8 L0 0 L20 7.9 L40 3 L48 5 L64 0 Z\"\/>\r\n<\/svg><\/div><div class=\"l-section-h i-cf\"><div class=\"g-cols vc_row via_flex valign_top type_default stacking_default\"><div class=\"vc_col-sm-6 wpb_column vc_column_container\"><div class=\"vc_column-inner\"><div class=\"wpb_wrapper\"><div class=\"wpb_text_column\"><div class=\"wpb_wrapper\"><h2 id=\"domingo-20\">Sonntag, 20.: eine zweite Gelegenheit f\u00fcr die Matinee<\/h2>\n<p><em>Devenir de la guitarra<\/em> ist erneut in San Luis de los Franceses zu erleben, um <strong>12:00 Uhr<\/strong>. Wer am Samstag nicht teilnehmen konnte, hat am Sonntag dieselbe Gelegenheit, Alejandro Hurtado mit Enrique Solin\u00eds an einem der au\u00dfergew\u00f6hnlichsten Orte der gesamten Biennale zu h\u00f6ren.<\/p>\n<p>Die <a href=\"https:\/\/www.tablaosflamencos.com\/de\/einzigartige-matineen-flamenco-biennale-sevilla-2026.html\"><strong>besonderen Matineen<\/strong><\/a> erm\u00f6glichen au\u00dferdem eine andere Art des Festivalbesuchs: Konzert und Abendprogramm liegen auseinander, sodass du zwischen den Vorstellungen Sevilla genie\u00dfen kannst, ohne unm\u00f6gliche Zeitpl\u00e4ne aneinanderzureihen.<\/p>\n<\/div><\/div><\/div><\/div><\/div><div class=\"vc_col-sm-6 wpb_column vc_column_container\"><div class=\"vc_column-inner\"><div class=\"wpb_wrapper\"><div class=\"wpb_text_column\"><div class=\"wpb_wrapper\"><h2>19:00, 20:00 und 22:30 Uhr: Gitarre, Jos\u00e9 Merc\u00e9 und die neue Generation<\/h2>\n<p>Um <strong>19:00 Uhr im Turina<\/strong> pr\u00e4sentieren Manuel de la Luz und Manuel Im\u00e1n <em>Manos que hablan<\/em>, einen einmaligen Konzertabend im Dialog zweier Gitarren und zweier k\u00fcnstlerischer Wege. Um <strong>20:00 Uhr im Teatro de la Maestranza<\/strong> pr\u00e4sentiert Jos\u00e9 Merc\u00e9 <em>Toquen a rebato<\/em>, einen der gro\u00dfen Gesangstermine dieser Ausgabe.<\/p>\n<p>Beide Vorstellungen \u00fcberschneiden sich und erfordern eine Entscheidung. Mehr \u00fcber Jos\u00e9 Merc\u00e9 erf\u00e4hrst du in unserem Artikel \u00fcber <a href=\"https:\/\/www.tablaosflamencos.com\/de\/jose-merce-flamenco-biennale-2026-toquen-a-rebato.html\"><strong>Toquen a rebato bei der Biennale 2026<\/strong><\/a>.<\/p>\n<p>Um <strong>22:30 Uhr<\/strong> veranstaltet das Teatro Alameda die Gala des andalusischen Nachwuchsprogramms f\u00fcr Flamenco. Eine ideale Gelegenheit, die Woche mit einem Blick auf K\u00fcnstler zu beenden, die kommende Ausgaben pr\u00e4gen k\u00f6nnten.<\/p>\n<\/div><\/div><\/div><\/div><\/div><\/div><\/div><\/section><section class=\"l-section wpb_row height_huge\"><div class=\"l-section-h i-cf\"><div class=\"g-cols vc_row via_flex valign_top type_default stacking_default\"><div class=\"vc_col-sm-12 wpb_column vc_column_container\"><div class=\"vc_column-inner\"><div class=\"wpb_wrapper\"><div class=\"wpb_text_column\"><div class=\"wpb_wrapper\"><h2 id=\"itinerarios-14-20\" style=\"text-align: center;\">Vier empfohlene Themenrouten vom 14. bis 20. September<\/h2>\n<p style=\"text-align: center;\">Am besten nutzt du diese Woche, indem du einen Interessenschwerpunkt setzt und Spielraum f\u00fcr \u00c4nderungen je nach Verf\u00fcgbarkeit l\u00e4sst.<\/p>\n<\/div><\/div><div class=\"w-separator size_medium\"><\/div><div class=\"g-cols wpb_row via_flex valign_top type_default stacking_default\"><div class=\"vc_col-sm-3 wpb_column vc_column_container\"><div class=\"vc_column-inner\"><div class=\"wpb_wrapper\"><div class=\"wpb_text_column\"><div class=\"wpb_wrapper\"><h3>1. Gesang und Tradition<\/h3>\n<p><strong>Mo.:<\/strong> Israel Fern\u00e1ndez<\/p>\n<p><strong>Di.:<\/strong> Rancapino Chico<\/p>\n<p><strong>Mi.:<\/strong> Xerezan\u00edas<\/p>\n<p><strong>Do.:<\/strong> Arc\u00e1ngel<\/p>\n<p><strong>Fr.:<\/strong> Antonio Reyes<\/p>\n<p><strong>So.:<\/strong> Jos\u00e9 Merc\u00e9<\/p>\n<p>Der direkteste Weg f\u00fcr alle, die die Stimme ins Zentrum der Woche stellen m\u00f6chten.<\/p>\n<\/div><\/div><\/div><\/div><\/div><div class=\"vc_col-sm-3 wpb_column vc_column_container\"><div class=\"vc_column-inner\"><div class=\"wpb_wrapper\"><div class=\"wpb_text_column\"><div class=\"wpb_wrapper\"><h3>2. Gitarre<\/h3>\n<p><strong>Mi.:<\/strong> Jos\u00e9 del Tomate<\/p>\n<p><strong>Fr.:<\/strong> Juan Requena<\/p>\n<p><strong>Sa.:<\/strong> Alejandro Hurtado oder Ca\u00f1izares<\/p>\n<p><strong>So.:<\/strong> Manuel de la Luz &amp; Manuel Im\u00e1n<\/p>\n<p>Vier sehr unterschiedliche Zug\u00e4nge zur Flamenco-Gitarre, vom Recital bis zum sinfonischen Format.<\/p>\n<\/div><\/div><\/div><\/div><\/div><div class=\"vc_col-sm-3 wpb_column vc_column_container\"><div class=\"vc_column-inner\"><div class=\"wpb_wrapper\"><div class=\"wpb_text_column\"><div class=\"wpb_wrapper\"><h3>3. Einmalige Abende<\/h3>\n<p><strong>Di.:<\/strong> Hommage an Isabel Bay\u00f3n<\/p>\n<p><strong>Do.:<\/strong> Mujeres Gitanas<\/p>\n<p><strong>Fr.:<\/strong> Uvitas negras<\/p>\n<p><strong>Sa.:<\/strong> Andaluc\u00eda en el tiempo<\/p>\n<p>Diese Route ist besonders eng mit dem Konzept einmaliger Abende und dem au\u00dfergew\u00f6hnlichen Charakter der Biennale verbunden.<\/p>\n<\/div><\/div><\/div><\/div><\/div><div class=\"vc_col-sm-3 wpb_column vc_column_container\"><div class=\"vc_column-inner\"><div class=\"wpb_wrapper\"><div class=\"wpb_text_column\"><div class=\"wpb_wrapper\"><h3>4. Entdeckungen<\/h3>\n<p><strong>Mo.:<\/strong> Macarena L\u00f3pez<\/p>\n<p><strong>Fr.:<\/strong> Juan Requena<\/p>\n<p><strong>Sa.:<\/strong> Mar\u00eda Mar\u00edn<\/p>\n<p><strong>So.:<\/strong> Gala des Flamenco-Nachwuchses<\/p>\n<p>F\u00fcr alle, die \u00fcber die bekanntesten Namen hinaus neue Stimmen und k\u00fcnstlerische Ausdrucksformen entdecken m\u00f6chten.<\/p>\n<\/div><\/div><\/div><\/div><\/div><\/div><\/div><\/div><\/div><\/div><\/div><\/section><section class=\"l-section wpb_row height_huge color_alternate with_shape\"><div class=\"l-section-shape type_zigzag pos_top\" style=\"height:3vmin;\"><svg xmlns=\"http:\/\/www.w3.org\/2000\/svg\" viewBox=\"0 0 64 8\" preserveAspectRatio=\"none\" width=\"100%\" height=\"100%\">\r\n\t<path fill=\"currentColor\" d=\"M64 8 L0 8 L0 0 L20 7.9 L40 3 L48 5 L64 0 Z\"\/>\r\n<\/svg><\/div><div class=\"l-section-shape type_zigzag pos_bottom\" style=\"height:3vmin;\"><svg xmlns=\"http:\/\/www.w3.org\/2000\/svg\" viewBox=\"0 0 64 8\" preserveAspectRatio=\"none\" width=\"100%\" height=\"100%\">\r\n\t<path fill=\"currentColor\" d=\"M64 8 L0 8 L0 0 L20 7.9 L40 3 L48 5 L64 0 Z\"\/>\r\n<\/svg><\/div><div class=\"l-section-h i-cf\"><div class=\"g-cols vc_row via_flex valign_top type_default stacking_default\"><div class=\"vc_col-sm-6 wpb_column vc_column_container\"><div class=\"vc_column-inner\"><div class=\"wpb_wrapper\"><div class=\"wpb_text_column\"><div class=\"wpb_wrapper\"><h2 id=\"perfiles-14-20\">F\u00fcr deine erste Biennale<\/h2>\n<p>Du brauchst keinen enzyklop\u00e4dischen Wochenplan. F\u00fcr einen ersten Besuch w\u00fcrden wir <strong>einen gro\u00dfen Namen, einen historischen Ort und einen einmaligen Abend<\/strong> kombinieren. Zum Beispiel: Israel Fern\u00e1ndez im Alc\u00e1zar, ein Abend am Muelle de la Sal und Jos\u00e9 Merc\u00e9 im Maestranza.<\/p>\n<p>Schon diese drei Erlebnisse zeigen drei sehr unterschiedliche Dimensionen des Festivals: historische Intimit\u00e4t, ein n\u00e4chtliches Flamenco-Treffen und gro\u00dfes Theater.<\/p>\n<p>Ist eine offizielle Vorstellung ausverkauft, denke daran, dass auch au\u00dferhalb des Festivalprogramms jeden Abend Flamenco stattfindet. Unser Guide <a href=\"https:\/\/www.tablaosflamencos.com\/de\/flamenco-sevilla-biennale-2026-shows-ausserhalb-offizielles-programm.html\"><strong>Flamenco in Sevilla w\u00e4hrend der Biennale erleben<\/strong><\/a> stellt ganzj\u00e4hrig verf\u00fcgbare Alternativen vor.<\/p>\n<\/div><\/div><\/div><\/div><\/div><div class=\"vc_col-sm-6 wpb_column vc_column_container\"><div class=\"vc_column-inner\"><div class=\"wpb_wrapper\"><div class=\"wpb_text_column\"><div class=\"wpb_wrapper\"><h2>F\u00fcr erfahrene Flamenco-Fans<\/h2>\n<p>Diese Woche bietet genau das, was Liebhaber jenseits der gr\u00f6\u00dften Schlagzeilen h\u00e4ufig besonders interessiert: schwer wiederholbare Begegnungen, generationen\u00fcbergreifende Treffen und speziell f\u00fcr die Biennale entwickelte Formate.<\/p>\n<p><em>Xerezan\u00edas<\/em>, die Hommage an Isabel Bay\u00f3n, die drei an den Muelle de la Sal verlegten Abende, <em>Seis cuerdas, seis<\/em> und <em>Devenir de la guitarra<\/em> sind gute Beispiele. Statt nach Bekanntheit auszuw\u00e4hlen, lohnt sich der Blick auf die <strong>Einzigartigkeit<\/strong>: Welche Vorstellung w\u00e4re au\u00dferhalb Sevillas und dieser Termine am schwersten erneut zu erleben?<\/p>\n<\/div><\/div><\/div><\/div><\/div><\/div><\/div><\/section><section class=\"l-section wpb_row height_huge\"><div class=\"l-section-h i-cf\"><div class=\"g-cols vc_row via_flex valign_top type_default stacking_default\"><div class=\"vc_col-sm-6 wpb_column vc_column_container\"><div class=\"vc_column-inner\"><div class=\"wpb_wrapper\"><div class=\"wpb_text_column\"><div class=\"wpb_wrapper\"><h2>F\u00fcr Tanzbegeisterte<\/h2>\n<p>Der Montag vereint die beiden deutlichsten Tanzangebote dieser Woche. Ana Morales bringt <em>Rapsodia. Fantas\u00eda subterr\u00e1nea<\/em> in die Real F\u00e1brica de Artiller\u00eda und Macarena L\u00f3pez pr\u00e4sentiert die Urauff\u00fchrung von <em>Sobre todas las cosas<\/em> im Teatro Alameda.<\/p>\n<p>Zwei unterschiedliche Ma\u00dfst\u00e4be: eine etablierte Choreografin mit einem stark ortsbezogenen Projekt und eine Produktion der neuen Generation in einem publikumsnahen Theater. Bei einer Biennale-Reise mit Tanz als Schwerpunkt geh\u00f6rt Montag, der 14., von Anfang an in den Kalender.<\/p>\n<p>Weitere Anregungen bietet unser Guide \u00fcber <a href=\"https:\/\/www.tablaosflamencos.com\/de\/flamenco-tanz-biennale-sevilla-2026.html\"><strong>Tanz bei der Biennale 2026<\/strong><\/a>.<\/p>\n<\/div><\/div><\/div><\/div><\/div><div class=\"vc_col-sm-6 wpb_column vc_column_container\"><div class=\"vc_column-inner\"><div class=\"wpb_wrapper\"><div class=\"wpb_text_column\"><div class=\"wpb_wrapper\"><h2>F\u00fcr Sevilla ebenso wie f\u00fcr Flamenco<\/h2>\n<p>Real Alc\u00e1zar, San Luis de los Franceses, Muelle de la Sal und Real F\u00e1brica de Artiller\u00eda lassen den Ort selbst zum Bestandteil des Erlebnisses werden. Ein Recital in einem gew\u00f6hnlichen Theater wirkt anders als eine Matinee in einer Barockkirche oder ein Gesangsabend am Guadalquivir. Die drei urspr\u00fcnglich im Gemeinschaftshof des Hotel Triana vorgesehenen Abende finden jetzt am Muelle de la Sal statt.<\/p>\n<p>Verbindest du Kulturerbe und Biennale, w\u00fcrden wir mindestens eine Vorstellung an einem dieser Orte bevorzugen. Unser Guide \u00fcber <a href=\"https:\/\/www.tablaosflamencos.com\/de\/spektakulaerste-spielstaetten-flamenco-biennale-sevilla-2026.html\"><strong>die spektakul\u00e4rsten Spielst\u00e4tten der Biennale<\/strong><\/a> hilft bei der Entscheidung.<\/p>\n<\/div><\/div><\/div><\/div><\/div><\/div><\/div><\/section><section class=\"l-section wpb_row height_huge color_alternate with_shape\"><div class=\"l-section-shape type_zigzag pos_top\" style=\"height:3vmin;\"><svg xmlns=\"http:\/\/www.w3.org\/2000\/svg\" viewBox=\"0 0 64 8\" preserveAspectRatio=\"none\" width=\"100%\" height=\"100%\">\r\n\t<path fill=\"currentColor\" d=\"M64 8 L0 8 L0 0 L20 7.9 L40 3 L48 5 L64 0 Z\"\/>\r\n<\/svg><\/div><div class=\"l-section-shape type_zigzag pos_bottom\" style=\"height:3vmin;\"><svg xmlns=\"http:\/\/www.w3.org\/2000\/svg\" viewBox=\"0 0 64 8\" preserveAspectRatio=\"none\" width=\"100%\" height=\"100%\">\r\n\t<path fill=\"currentColor\" d=\"M64 8 L0 8 L0 0 L20 7.9 L40 3 L48 5 L64 0 Z\"\/>\r\n<\/svg><\/div><div class=\"l-section-h i-cf\"><div class=\"g-cols vc_row via_flex valign_top type_default stacking_default\"><div class=\"vc_col-sm-6 wpb_column vc_column_container\"><div class=\"vc_column-inner\"><div class=\"wpb_wrapper\"><div class=\"wpb_text_column\"><div class=\"wpb_wrapper\"><h2 id=\"logistica-14-20\">Welche Kombinationen sinnvoll sind<\/h2>\n<ul>\n<li><strong>Arc\u00e1ngel 20:00 + Muelle de la Sal 23:00:<\/strong> sinnvoll, sofern die erste Vorstellung rechtzeitig endet und du z\u00fcgig hinausgehst.<\/li>\n<li><strong>Antonio Reyes 20:00 + Muelle de la Sal 23:00:<\/strong> grunds\u00e4tzlich m\u00f6glich, aber ohne Kenntnis der tats\u00e4chlichen Spieldauer nicht garantiert.<\/li>\n<li><strong>Alejandro Hurtado 12:00 + eine Abendvorstellung:<\/strong> eine entspannte und empfehlenswerte Kombination.<\/li>\n<li><strong>Eine fr\u00fchere Vorstellung + Muelle de la Sal 23:00:<\/strong> meist die sinnvollste Struktur f\u00fcr Donnerstag, Freitag und Samstag.<\/li>\n<li><strong>Jos\u00e9 Merc\u00e9 20:00 + Nachwuchsgala 22:30:<\/strong> m\u00f6glicherweise zu knapp; pr\u00fcfe vorher Spieldauer und Weg.<\/li>\n<\/ul>\n<\/div><\/div><\/div><\/div><\/div><div class=\"vc_col-sm-6 wpb_column vc_column_container\"><div class=\"vc_column-inner\"><div class=\"wpb_wrapper\"><div class=\"wpb_text_column\"><div class=\"wpb_wrapper\"><h2>Welche Kombinationen wir vermeiden w\u00fcrden<\/h2>\n<ul>\n<li><strong>Israel Fern\u00e1ndez 21:30 + Ana Morales 22:00:<\/strong> nicht kombinierbar.<\/li>\n<li><strong>Ana Morales 22:00 + Macarena L\u00f3pez 22:30:<\/strong> nicht kombinierbar.<\/li>\n<li><strong>Rancapino Chico 21:30 + Hommage an Isabel Bay\u00f3n 22:30:<\/strong> nicht empfehlenswert.<\/li>\n<li><strong>Xerezan\u00edas 21:30 + Jos\u00e9 del Tomate 22:30:<\/strong> nicht kombinierbar.<\/li>\n<li><strong>Juan Requena 19:00 + Antonio Reyes 20:00:<\/strong> nicht kombinierbar.<\/li>\n<li><strong>Mar\u00eda Mar\u00edn 19:00 + Ca\u00f1izares 20:00:<\/strong> nicht kombinierbar.<\/li>\n<li><strong>Manuel de la Luz &amp; Manuel Im\u00e1n 19:00 + Jos\u00e9 Merc\u00e9 20:00:<\/strong> nicht kombinierbar.<\/li>\n<\/ul>\n<p>Bei der Biennale ist es besser, eine Vorstellung aus dem Plan zu streichen, als tats\u00e4chlich eine halbe Vorstellung zu verpassen. Plane genug Zeit f\u00fcr einen ruhigen Einlass, das Verlassen der Spielst\u00e4tte und die Wege durch eine Stadt ein, die auch im September nachts sehr lebendig ist.<\/p>\n<\/div><\/div><\/div><\/div><\/div><\/div><\/div><\/section><section class=\"l-section wpb_row height_huge\"><div class=\"l-section-h i-cf\"><div class=\"g-cols vc_row via_flex valign_top type_default stacking_default\"><div class=\"vc_col-sm-12 wpb_column vc_column_container\"><div class=\"vc_column-inner\"><div class=\"wpb_wrapper\"><div class=\"wpb_text_column\"><div class=\"wpb_wrapper\"><h2 style=\"text-align: center;\">Unsere Auswahl f\u00fcr nur vier Vorstellungen<\/h2>\n<p style=\"text-align: center;\"><strong>Israel Fern\u00e1ndez<\/strong> im Real Alc\u00e1zar wegen der Verbindung von Gesang und Ort; <strong>Xerezan\u00edas<\/strong> wegen der Einmaligkeit des Treffens aus Jerez; einer der <strong>drei Abende am Muelle de la Sal<\/strong> wegen der Atmosph\u00e4re und des besonderen Konzertformats; und <strong>Jos\u00e9 Merc\u00e9<\/strong> im Teatro de la Maestranza als gro\u00dfer Abschluss des Sonntags.<\/p>\n<p style=\"text-align: center;\">Mit Gitarre als Schwerpunkt w\u00fcrden wir eine oder zwei dieser Vorstellungen ersetzen durch <strong>Alejandro Hurtado<\/strong> in San Luis und <strong>Ca\u00f1izares mit der ROSS<\/strong>. F\u00fcr Tanzbegeisterte stehen am Montag besonders im Mittelpunkt: <strong>Ana Morales<\/strong> oder <strong>Macarena L\u00f3pez<\/strong>.<\/p>\n<\/div><\/div><div class=\"w-separator size_medium\"><\/div><div class=\"w-hwrapper valign_top wrap stack_on_mobiles align_center\" style=\"--hwrapper-gap:1.2rem\"><div class=\"w-btn-wrapper align_none\"><a class=\"w-btn us-btn-style_1\" href=\"https:\/\/www.tablaosflamencos.com\/de\/flamenco-biennale-sevilla\"><span class=\"w-btn-label\">Flamenco-Biennale 2026 entdecken<\/span><\/a><\/div><div class=\"w-btn-wrapper align_none\"><a class=\"w-btn us-btn-style_1\" href=\"https:\/\/www.tablaosflamencos.com\/de\/einzigartige-naechte-flamenco-biennale-sevilla-2026.html\"><span class=\"w-btn-label\">Einmalige Konzertabende 2026<\/span><\/a><\/div><div class=\"w-btn-wrapper align_none\"><a class=\"w-btn us-btn-style_1\" href=\"https:\/\/www.tablaosflamencos.com\/de\/flamenco-in-sevilla\"><span class=\"w-btn-label\">Flamenco in Sevilla erleben<\/span><\/a><\/div><\/div><\/div><\/div><\/div><\/div><\/div><\/section><section class=\"l-section wpb_row height_huge color_alternate with_shape\"><div class=\"l-section-shape type_zigzag pos_top\" style=\"height:3vmin;\"><svg xmlns=\"http:\/\/www.w3.org\/2000\/svg\" viewBox=\"0 0 64 8\" preserveAspectRatio=\"none\" width=\"100%\" height=\"100%\">\r\n\t<path fill=\"currentColor\" d=\"M64 8 L0 8 L0 0 L20 7.9 L40 3 L48 5 L64 0 Z\"\/>\r\n<\/svg><\/div><div class=\"l-section-shape type_zigzag pos_bottom\" style=\"height:3vmin;\"><svg xmlns=\"http:\/\/www.w3.org\/2000\/svg\" viewBox=\"0 0 64 8\" preserveAspectRatio=\"none\" width=\"100%\" height=\"100%\">\r\n\t<path fill=\"currentColor\" d=\"M64 8 L0 8 L0 0 L20 7.9 L40 3 L48 5 L64 0 Z\"\/>\r\n<\/svg><\/div><div class=\"l-section-h i-cf\"><div class=\"g-cols vc_row via_flex valign_top type_default stacking_default\"><div class=\"vc_col-sm-1\/5 wpb_column vc_column_container\"><div class=\"vc_column-inner\"><div class=\"wpb_wrapper\"><\/div><\/div><\/div><div class=\"vc_col-sm-3\/5 wpb_column vc_column_container\"><div class=\"vc_column-inner\"><div class=\"wpb_wrapper\"><div class=\"wpb_text_column\"><div class=\"wpb_wrapper\"><h2 id=\"faq-14-20\" style=\"text-align: center;\">H\u00e4ufige Fragen zur Biennale vom 14. bis 20. September<\/h2>\n<\/div><\/div><div class=\"w-separator size_medium\"><\/div><div class=\"w-tabs accordion toggle_style_1 has_scrolling\" style=\"--sections-title-size:inherit;--sections-gap:0.5rem;\"><div class=\"w-tabs-sections titles-align_none icon_chevron cpos_right\"><div class=\"w-tabs-section\" id=\"m1c8\"><button type=\"button\" class=\"w-tabs-section-header\" aria-controls=\"content-m1c8\" aria-expanded=\"false\"><div class=\"w-tabs-section-title\">Wie viele Biennale-Vorstellungen gibt es vom 14. bis 20. September 2026?<\/div><div class=\"w-tabs-section-control\"><\/div><\/button><div  class=\"w-tabs-section-content\" id=\"content-m1c8\"><div class=\"w-tabs-section-content-h i-cf\"><div class=\"wpb_text_column\"><div class=\"wpb_wrapper\"><p>Das offizielle Programm umfasst <strong>20 Vorstellungen<\/strong> zwischen Montag, 14., und Sonntag, 20. September. Mitgez\u00e4hlt werden beide Vorstellungen von <em>Devenir de la guitarra<\/em> mit Alejandro Hurtado und Enrique Solin\u00eds in San Luis de los Franceses.<\/p>\n<\/div><\/div><\/div><\/div><\/div><div class=\"w-tabs-section\" id=\"o2cf\"><button type=\"button\" class=\"w-tabs-section-header\" aria-controls=\"content-o2cf\" aria-expanded=\"false\"><div class=\"w-tabs-section-title\">Was findet am Montag, 14. September, statt?<\/div><div class=\"w-tabs-section-control\"><\/div><\/button><div  class=\"w-tabs-section-content\" id=\"content-o2cf\"><div class=\"w-tabs-section-content-h i-cf\"><div class=\"wpb_text_column\"><div class=\"wpb_wrapper\"><p>Am Montag stehen Israel Fern\u00e1ndez mit <em>De oro y marfil<\/em> im Real Alc\u00e1zar um 21:30 Uhr, Ana Morales mit <em>Rapsodia. Fantas\u00eda subterr\u00e1nea<\/em> in der Real F\u00e1brica de Artiller\u00eda um 22:00 Uhr und Macarena L\u00f3pez mit <em>Sobre todas las cosas<\/em> im Teatro Alameda um 22:30 Uhr auf dem Programm.<\/p>\n<\/div><\/div><\/div><\/div><\/div><div class=\"w-tabs-section\" id=\"n3bd\"><button type=\"button\" class=\"w-tabs-section-header\" aria-controls=\"content-n3bd\" aria-expanded=\"false\"><div class=\"w-tabs-section-title\">Wann finden die vom Hotel Triana an den Muelle de la Sal verlegten Abende statt?<\/div><div class=\"w-tabs-section-control\"><\/div><\/button><div  class=\"w-tabs-section-content\" id=\"content-n3bd\"><div class=\"w-tabs-section-content-h i-cf\"><div class=\"wpb_text_column\"><div class=\"wpb_wrapper\"><p>Am Muelle de la Sal finden jetzt drei einmalige Konzertabende in Folge statt. Termine und Anfangszeiten bleiben unver\u00e4ndert: <em>Mujeres Gitanas<\/em> am Donnerstag, 17., <em>Uvitas negras<\/em> am Freitag, 18., und <em>Andaluc\u00eda en el tiempo<\/em> am Samstag, 19., jeweils um 23:00 Uhr.<\/p>\n<\/div><\/div><\/div><\/div><\/div><div class=\"w-tabs-section\" id=\"w4a4\"><button type=\"button\" class=\"w-tabs-section-header\" aria-controls=\"content-w4a4\" aria-expanded=\"false\"><div class=\"w-tabs-section-title\">Wann singt Jos\u00e9 Merc\u00e9 bei der Biennale 2026?<\/div><div class=\"w-tabs-section-control\"><\/div><\/button><div  class=\"w-tabs-section-content\" id=\"content-w4a4\"><div class=\"w-tabs-section-content-h i-cf\"><div class=\"wpb_text_column\"><div class=\"wpb_wrapper\"><p>Jos\u00e9 Merc\u00e9 pr\u00e4sentiert <em>Toquen a rebato<\/em> am <strong>Sonntag, 20. September 2026, um 20:00 Uhr<\/strong> im Teatro de la Maestranza.<\/p>\n<\/div><\/div><\/div><\/div><\/div><div class=\"w-tabs-section\" id=\"z57c\"><button type=\"button\" class=\"w-tabs-section-header\" aria-controls=\"content-z57c\" aria-expanded=\"false\"><div class=\"w-tabs-section-title\">Welche Gitarrenkonzerte sind diese Woche besonders interessant?<\/div><div class=\"w-tabs-section-control\"><\/div><\/button><div  class=\"w-tabs-section-content\" id=\"content-z57c\"><div class=\"w-tabs-section-content-h i-cf\"><div class=\"wpb_text_column\"><div class=\"wpb_wrapper\"><p>Zu den wichtigsten Terminen geh\u00f6ren Jos\u00e9 del Tomate am Mittwoch, 16., Juan Requena am Freitag, 18., Alejandro Hurtado mit Enrique Solin\u00eds am Samstag, 19., und Sonntag, 20., Ca\u00f1izares mit dem K\u00f6niglichen Sinfonieorchester Sevilla am Samstag, 19., sowie Manuel de la Luz mit Manuel Im\u00e1n am Sonntag, 20.<\/p>\n<\/div><\/div><\/div><\/div><\/div><div class=\"w-tabs-section\" id=\"a660\"><button type=\"button\" class=\"w-tabs-section-header\" aria-controls=\"content-a660\" aria-expanded=\"false\"><div class=\"w-tabs-section-title\">Gibt es zwischen dem 14. und 20. September Matineen?<\/div><div class=\"w-tabs-section-control\"><\/div><\/button><div  class=\"w-tabs-section-content\" id=\"content-a660\"><div class=\"w-tabs-section-content-h i-cf\"><div class=\"wpb_text_column\"><div class=\"wpb_wrapper\"><p>Ja. Alejandro Hurtado pr\u00e4sentiert gemeinsam mit Enrique Solin\u00eds <em>Devenir de la guitarra<\/em> am Samstag, 19., und Sonntag, 20., jeweils um 12:00 Uhr in der Kirche San Luis de los Franceses.<\/p>\n<\/div><\/div><\/div><\/div><\/div><div class=\"w-tabs-section\" id=\"x72f\"><button type=\"button\" class=\"w-tabs-section-header\" aria-controls=\"content-x72f\" aria-expanded=\"false\"><div class=\"w-tabs-section-title\">An welchem Tag gibt es die meisten Vorstellungen?<\/div><div class=\"w-tabs-section-control\"><\/div><\/button><div  class=\"w-tabs-section-content\" id=\"content-x72f\"><div class=\"w-tabs-section-content-h i-cf\"><div class=\"wpb_text_column\"><div class=\"wpb_wrapper\"><p>Samstag, der 19., und Sonntag, der 20., bieten jeweils vier Vorstellungen. Am Samstag verteilen sie sich auf San Luis, Turina, Maestranza und Muelle de la Sal; am Sonntag auf San Luis, Turina, Maestranza und Teatro Alameda.<\/p>\n<\/div><\/div><\/div><\/div><\/div><div class=\"w-tabs-section\" id=\"e80e\"><button type=\"button\" class=\"w-tabs-section-header\" aria-controls=\"content-e80e\" aria-expanded=\"false\"><div class=\"w-tabs-section-title\">Kann ich mehrere Vorstellungen am selben Tag besuchen?<\/div><div class=\"w-tabs-section-control\"><\/div><\/button><div  class=\"w-tabs-section-content\" id=\"content-e80e\"><div class=\"w-tabs-section-content-h i-cf\"><div class=\"wpb_text_column\"><div class=\"wpb_wrapper\"><p>In manchen F\u00e4llen ja, besonders bei einer Matinee plus Abendvorstellung oder einer fr\u00fchen Vorstellung plus Muelle de la Sal um 23:00 Uhr. Viele Termine \u00fcberschneiden sich jedoch. Wir raten davon ab, Vorstellungen an verschiedenen Orten zu kombinieren, deren Beginn nur 30 oder 60 Minuten auseinanderliegt.<\/p>\n<\/div><\/div><\/div><\/div><\/div><div class=\"w-tabs-section\" id=\"s8e8\"><button type=\"button\" class=\"w-tabs-section-header\" aria-controls=\"content-s8e8\" aria-expanded=\"false\"><div class=\"w-tabs-section-title\">Wo kann ich Tickets kaufen?<\/div><div class=\"w-tabs-section-control\"><\/div><\/button><div  class=\"w-tabs-section-content\" id=\"content-s8e8\"><div class=\"w-tabs-section-content-h i-cf\"><div class=\"wpb_text_column\"><div class=\"wpb_wrapper\"><p>Am sichersten ist es, das <a href=\"https:\/\/www.labienal.com\/programa-general\" target=\"_blank\" rel=\"noopener\"><strong>offizielle Programm der Biennale<\/strong><\/a> aufzurufen, den Eintrag der gew\u00fcnschten Vorstellung zu \u00f6ffnen und dem dort angegebenen offiziellen Ticketkanal zu folgen. Die Verf\u00fcgbarkeit kann sich mit n\u00e4her r\u00fcckenden Terminen \u00e4ndern.<\/p>\n<\/div><\/div><\/div><\/div><\/div><\/div><\/div><\/div><\/div><\/div><div class=\"vc_col-sm-1\/5 wpb_column vc_column_container\"><div class=\"vc_column-inner\"><div class=\"wpb_wrapper\"><\/div><\/div><\/div><\/div><\/div><\/section>\n","protected":false},"excerpt":{"rendered":"<p>Der Programmf\u00fchrer zur Flamenco-Biennale Sevilla vom 14. bis 20. September 2026: alle Veranstaltungen, Tagestipps, Themenrouten und realistische Kombinationen.<\/p>\n","protected":false},"author":1,"featured_media":14743,"comment_status":"closed","ping_status":"closed","sticky":false,"template":"","format":"standard","meta":{"_acf_changed":false,"wpai_generated_summary":"","_ayudawp_aiss_exclude":false,"_ayudawp_aiss_exclude_summary":false,"_ayudawp_aiss_summary":"","_ayudawp_aiss_summary_provider":"","_ayudawp_aiss_summary_hash":"","footnotes":""},"categories":[1431],"tags":[1244,1245,1246,1247,1166,405],"class_list":["post-14776","post","type-post","status-publish","format-standard","has-post-thumbnail","hentry","category-flamenco-biennale","tag-agenda-flamenca","tag-bienal-2026","tag-bienal-de-flamenco","tag-festivales-flamencos","tag-flamenco-en-sevilla","tag-sevilla"],"acf":[],"yoast_head":"<!-- This site is optimized with the Yoast SEO Premium plugin v28.4 (Yoast SEO v28.4) - https:\/\/yoast.com\/product\/yoast-seo-premium-wordpress\/ -->\n<title>Flamenco-Biennale Sevilla: 14.\u201320. September 2026<\/title>\n<meta name=\"description\" content=\"Was lohnt sich bei der Flamenco-Biennale Sevilla vom 14. bis 20. September 2026? Alle 20 Vorstellungen, Uhrzeiten, Tagestipps und passende Kombinationen.\" \/>\n<meta name=\"robots\" content=\"index, follow, max-snippet:-1, max-image-preview:large, max-video-preview:-1\" \/>\n<link rel=\"canonical\" href=\"https:\/\/www.tablaosflamencos.com\/de\/flamenco-biennale-sevilla-14-20-september-2026.html\" \/>\n<meta property=\"og:locale\" content=\"de_DE\" \/>\n<meta property=\"og:type\" content=\"article\" \/>\n<meta property=\"og:title\" content=\"Flamenco-Biennale Sevilla: Was sich vom 14. bis 20. September 2026 lohnt\" \/>\n<meta property=\"og:description\" content=\"Was lohnt sich bei der Flamenco-Biennale Sevilla vom 14. bis 20. September 2026? Alle 20 Vorstellungen, Uhrzeiten, Tagestipps und passende Kombinationen.\" \/>\n<meta property=\"og:url\" content=\"https:\/\/www.tablaosflamencos.com\/de\/flamenco-biennale-sevilla-14-20-september-2026.html\" \/>\n<meta property=\"og:site_name\" content=\"Tablaos Flamencos\" \/>\n<meta property=\"article:publisher\" content=\"https:\/\/www.facebook.com\/tablaosflamencos\" \/>\n<meta property=\"article:published_time\" content=\"2026-09-05T11:34:33+00:00\" \/>\n<meta property=\"article:modified_time\" content=\"2026-09-05T14:25:58+00:00\" \/>\n<meta property=\"og:image\" content=\"https:\/\/www.tablaosflamencos.com\/wp-content\/uploads\/que-ver-en-la-bienal-del-14-al-20-de-septiembre-de-2026-01.webp\" \/>\n\t<meta property=\"og:image:width\" content=\"1672\" \/>\n\t<meta property=\"og:image:height\" content=\"941\" \/>\n\t<meta property=\"og:image:type\" content=\"image\/webp\" \/>\n<meta name=\"author\" content=\"Miguel Ortiz\" \/>\n<meta name=\"twitter:card\" content=\"summary_large_image\" \/>\n<meta name=\"twitter:creator\" content=\"@tablaosflamenco\" \/>\n<meta name=\"twitter:site\" content=\"@tablaosflamenco\" \/>\n<meta name=\"twitter:label1\" content=\"Verfasst von\" \/>\n\t<meta name=\"twitter:data1\" content=\"Miguel Ortiz\" \/>\n\t<meta name=\"twitter:label2\" content=\"Gesch\u00e4tzte Lesezeit\" \/>\n\t<meta name=\"twitter:data2\" content=\"25\u00a0Minuten\" \/>\n<script type=\"application\/ld+json\" class=\"yoast-schema-graph\">{\"@context\":\"https:\\\/\\\/schema.org\",\"@graph\":[{\"@type\":\"Article\",\"@id\":\"https:\\\/\\\/www.tablaosflamencos.com\\\/de\\\/flamenco-biennale-sevilla-14-20-september-2026.html#article\",\"isPartOf\":{\"@id\":\"https:\\\/\\\/www.tablaosflamencos.com\\\/de\\\/flamenco-biennale-sevilla-14-20-september-2026.html\"},\"author\":{\"name\":\"Miguel Ortiz\",\"@id\":\"https:\\\/\\\/www.tablaosflamencos.com\\\/de#\\\/schema\\\/person\\\/e7a9ebe14eb75a52ceabfbffb3c54f5d\"},\"headline\":\"Flamenco-Biennale Sevilla: Was sich vom 14. bis 20. September 2026 lohnt\",\"datePublished\":\"2026-09-05T11:34:33+00:00\",\"dateModified\":\"2026-09-05T14:25:58+00:00\",\"mainEntityOfPage\":{\"@id\":\"https:\\\/\\\/www.tablaosflamencos.com\\\/de\\\/flamenco-biennale-sevilla-14-20-september-2026.html\"},\"wordCount\":4978,\"publisher\":{\"@id\":\"https:\\\/\\\/www.tablaosflamencos.com\\\/de#organization\"},\"image\":{\"@id\":\"https:\\\/\\\/www.tablaosflamencos.com\\\/de\\\/flamenco-biennale-sevilla-14-20-september-2026.html#primaryimage\"},\"thumbnailUrl\":\"https:\\\/\\\/www.tablaosflamencos.com\\\/wp-content\\\/uploads\\\/que-ver-en-la-bienal-del-14-al-20-de-septiembre-de-2026-01.webp\",\"keywords\":[\"agenda flamenca\",\"Bienal 2026\",\"Bienal de Flamenco\",\"festivales flamencos\",\"flamenco en Sevilla\",\"sevilla\"],\"articleSection\":[\"Flamenco-Biennale\"],\"inLanguage\":\"de\"},{\"@type\":\"WebPage\",\"@id\":\"https:\\\/\\\/www.tablaosflamencos.com\\\/de\\\/flamenco-biennale-sevilla-14-20-september-2026.html\",\"url\":\"https:\\\/\\\/www.tablaosflamencos.com\\\/de\\\/flamenco-biennale-sevilla-14-20-september-2026.html\",\"name\":\"Flamenco-Biennale Sevilla: 14.\u201320. September 2026\",\"isPartOf\":{\"@id\":\"https:\\\/\\\/www.tablaosflamencos.com\\\/de#website\"},\"primaryImageOfPage\":{\"@id\":\"https:\\\/\\\/www.tablaosflamencos.com\\\/de\\\/flamenco-biennale-sevilla-14-20-september-2026.html#primaryimage\"},\"image\":{\"@id\":\"https:\\\/\\\/www.tablaosflamencos.com\\\/de\\\/flamenco-biennale-sevilla-14-20-september-2026.html#primaryimage\"},\"thumbnailUrl\":\"https:\\\/\\\/www.tablaosflamencos.com\\\/wp-content\\\/uploads\\\/que-ver-en-la-bienal-del-14-al-20-de-septiembre-de-2026-01.webp\",\"datePublished\":\"2026-09-05T11:34:33+00:00\",\"dateModified\":\"2026-09-05T14:25:58+00:00\",\"description\":\"Was lohnt sich bei der Flamenco-Biennale Sevilla vom 14. bis 20. September 2026? Alle 20 Vorstellungen, Uhrzeiten, Tagestipps und passende Kombinationen.\",\"breadcrumb\":{\"@id\":\"https:\\\/\\\/www.tablaosflamencos.com\\\/de\\\/flamenco-biennale-sevilla-14-20-september-2026.html#breadcrumb\"},\"inLanguage\":\"de\",\"potentialAction\":[{\"@type\":\"ReadAction\",\"target\":[\"https:\\\/\\\/www.tablaosflamencos.com\\\/de\\\/flamenco-biennale-sevilla-14-20-september-2026.html\"]}]},{\"@type\":\"ImageObject\",\"inLanguage\":\"de\",\"@id\":\"https:\\\/\\\/www.tablaosflamencos.com\\\/de\\\/flamenco-biennale-sevilla-14-20-september-2026.html#primaryimage\",\"url\":\"https:\\\/\\\/www.tablaosflamencos.com\\\/wp-content\\\/uploads\\\/que-ver-en-la-bienal-del-14-al-20-de-septiembre-de-2026-01.webp\",\"contentUrl\":\"https:\\\/\\\/www.tablaosflamencos.com\\\/wp-content\\\/uploads\\\/que-ver-en-la-bienal-del-14-al-20-de-septiembre-de-2026-01.webp\",\"width\":1672,\"height\":941,\"caption\":\"Qu\u00e9 ver en la Bienal del 14 al 20 de septiembre de 2026\"},{\"@type\":\"BreadcrumbList\",\"@id\":\"https:\\\/\\\/www.tablaosflamencos.com\\\/de\\\/flamenco-biennale-sevilla-14-20-september-2026.html#breadcrumb\",\"itemListElement\":[{\"@type\":\"ListItem\",\"position\":1,\"name\":\"Home\",\"item\":\"https:\\\/\\\/www.tablaosflamencos.com\\\/de\"},{\"@type\":\"ListItem\",\"position\":2,\"name\":\"Flamenco-Biennale Sevilla: Was sich vom 14. bis 20. September 2026 lohnt\"}]},{\"@type\":\"WebSite\",\"@id\":\"https:\\\/\\\/www.tablaosflamencos.com\\\/de#website\",\"url\":\"https:\\\/\\\/www.tablaosflamencos.com\\\/de\",\"name\":\"Tablaos Flamencos\",\"description\":\"Entradas para tablaos flamencos de Espa\u00f1a\",\"publisher\":{\"@id\":\"https:\\\/\\\/www.tablaosflamencos.com\\\/de#organization\"},\"alternateName\":\"Tablaos Flamencos\",\"potentialAction\":[{\"@type\":\"SearchAction\",\"target\":{\"@type\":\"EntryPoint\",\"urlTemplate\":\"https:\\\/\\\/www.tablaosflamencos.com\\\/de?s={search_term_string}\"},\"query-input\":{\"@type\":\"PropertyValueSpecification\",\"valueRequired\":true,\"valueName\":\"search_term_string\"}}],\"inLanguage\":\"de\"},{\"@type\":[\"Organization\",\"Place\",\"EntertainmentBusiness\"],\"@id\":\"https:\\\/\\\/www.tablaosflamencos.com\\\/de#organization\",\"name\":\"Tablaos Flamencos\",\"alternateName\":\"Tablaos Flamencos\",\"url\":\"https:\\\/\\\/www.tablaosflamencos.com\\\/de\",\"logo\":{\"@id\":\"https:\\\/\\\/www.tablaosflamencos.com\\\/de\\\/flamenco-biennale-sevilla-14-20-september-2026.html#local-main-organization-logo\"},\"image\":{\"@id\":\"https:\\\/\\\/www.tablaosflamencos.com\\\/de\\\/flamenco-biennale-sevilla-14-20-september-2026.html#local-main-organization-logo\"},\"sameAs\":[\"https:\\\/\\\/www.facebook.com\\\/tablaosflamencos\",\"https:\\\/\\\/x.com\\\/tablaosflamenco\",\"https:\\\/\\\/mastodon.social\\\/@tablaosflamencos\",\"https:\\\/\\\/www.instagram.com\\\/tablaosflamencos\",\"https:\\\/\\\/tiktok.com\\\/@tablaosflamencos\",\"https:\\\/\\\/www.linkedin.com\\\/company\\\/109408238\\\/\"],\"description\":\"Venta de entradas para espect\u00e1culos flamencos\",\"legalName\":\"Tablaos Flamencos\",\"foundingDate\":\"2015-01-01\",\"numberOfEmployees\":{\"@type\":\"QuantitativeValue\",\"minValue\":\"1\",\"maxValue\":\"10\"},\"address\":{\"@id\":\"https:\\\/\\\/www.tablaosflamencos.com\\\/de\\\/flamenco-biennale-sevilla-14-20-september-2026.html#local-main-place-address\"},\"geo\":{\"@type\":\"GeoCoordinates\",\"latitude\":\"37.3868072\",\"longitude\":\"-5.993280299999999\"},\"telephone\":[\"+34623787787\"],\"contactPoint\":{\"@type\":\"ContactPoint\",\"telephone\":\"+34623787787\",\"email\":\"info@tablaosflamencos.com\"},\"openingHoursSpecification\":{\"@type\":\"OpeningHoursSpecification\",\"dayOfWeek\":[\"Monday\",\"Tuesday\",\"Wednesday\",\"Thursday\",\"Friday\",\"Saturday\",\"Sunday\"],\"opens\":\"00:00\",\"closes\":\"23:59\"},\"email\":\"info@tablaosflamencos.com\",\"priceRange\":\"$$$\",\"currenciesAccepted\":\"\u20ac\"},{\"@type\":\"Person\",\"@id\":\"https:\\\/\\\/www.tablaosflamencos.com\\\/de#\\\/schema\\\/person\\\/e7a9ebe14eb75a52ceabfbffb3c54f5d\",\"name\":\"Miguel Ortiz\",\"description\":\"Miguel Ortiz es un empresario flamenco, con una s\u00f3lida trayectoria dentro del sector. Ha presidido entidades culturales vinculadas al flamenco y, cuenta con un amplio recorrido profesional en la gesti\u00f3n y promoci\u00f3n de espect\u00e1culos y tablaos flamencos. Su pasi\u00f3n por la historia y el arte flamenco se refleja en cada art\u00edculo, donde combina experiencia, criterio y un profundo respeto por la tradici\u00f3n.\",\"sameAs\":[\"https:\\\/\\\/www.tablaosflamencos.com\",\"https:\\\/\\\/www.instagra.com\\\/miguelortizfe\",\"https:\\\/\\\/www.linkedin.com\\\/in\\\/miguelortizf\\\/\"],\"birthDate\":\"1984-11-22\",\"gender\":\"hombre\",\"knowsLanguage\":[\"espa\u00f1ol\",\"ingl\u00e9s\"],\"jobTitle\":\"Empresario flamenco\"},{\"@type\":\"PostalAddress\",\"@id\":\"https:\\\/\\\/www.tablaosflamencos.com\\\/de\\\/flamenco-biennale-sevilla-14-20-september-2026.html#local-main-place-address\",\"streetAddress\":\"C\\\/ Alemanes, 19\",\"addressLocality\":\"Sevilla\",\"postalCode\":\"41004\",\"addressRegion\":\"Sevilla\",\"addressCountry\":\"ES\"},{\"@type\":\"ImageObject\",\"inLanguage\":\"de\",\"@id\":\"https:\\\/\\\/www.tablaosflamencos.com\\\/de\\\/flamenco-biennale-sevilla-14-20-september-2026.html#local-main-organization-logo\",\"url\":\"https:\\\/\\\/www.tablaosflamencos.com\\\/wp-content\\\/uploads\\\/tablaos-flamencos-06-3.webp\",\"contentUrl\":\"https:\\\/\\\/www.tablaosflamencos.com\\\/wp-content\\\/uploads\\\/tablaos-flamencos-06-3.webp\",\"width\":600,\"height\":620,\"caption\":\"Tablaos Flamencos\"}]}<\/script>\n<meta name=\"geo.placename\" content=\"Sevilla\" \/>\n<meta name=\"geo.position\" content=\"37.3868072;-5.993280299999999\" \/>\n<meta name=\"geo.region\" content=\"Spanien\" \/>\n<!-- \/ Yoast SEO Premium plugin. -->","yoast_head_json":{"title":"Flamenco-Biennale Sevilla: 14.\u201320. September 2026","description":"Was lohnt sich bei der Flamenco-Biennale Sevilla vom 14. bis 20. September 2026? Alle 20 Vorstellungen, Uhrzeiten, Tagestipps und passende Kombinationen.","robots":{"index":"index","follow":"follow","max-snippet":"max-snippet:-1","max-image-preview":"max-image-preview:large","max-video-preview":"max-video-preview:-1"},"canonical":"https:\/\/www.tablaosflamencos.com\/de\/flamenco-biennale-sevilla-14-20-september-2026.html","og_locale":"de_DE","og_type":"article","og_title":"Flamenco-Biennale Sevilla: Was sich vom 14. bis 20. September 2026 lohnt","og_description":"Was lohnt sich bei der Flamenco-Biennale Sevilla vom 14. bis 20. September 2026? Alle 20 Vorstellungen, Uhrzeiten, Tagestipps und passende Kombinationen.","og_url":"https:\/\/www.tablaosflamencos.com\/de\/flamenco-biennale-sevilla-14-20-september-2026.html","og_site_name":"Tablaos Flamencos","article_publisher":"https:\/\/www.facebook.com\/tablaosflamencos","article_published_time":"2026-09-05T11:34:33+00:00","article_modified_time":"2026-09-05T14:25:58+00:00","og_image":[{"width":1672,"height":941,"url":"https:\/\/www.tablaosflamencos.com\/wp-content\/uploads\/que-ver-en-la-bienal-del-14-al-20-de-septiembre-de-2026-01.webp","type":"image\/webp"}],"author":"Miguel Ortiz","twitter_card":"summary_large_image","twitter_creator":"@tablaosflamenco","twitter_site":"@tablaosflamenco","twitter_misc":{"Verfasst von":"Miguel Ortiz","Gesch\u00e4tzte Lesezeit":"25\u00a0Minuten"},"schema":{"@context":"https:\/\/schema.org","@graph":[{"@type":"Article","@id":"https:\/\/www.tablaosflamencos.com\/de\/flamenco-biennale-sevilla-14-20-september-2026.html#article","isPartOf":{"@id":"https:\/\/www.tablaosflamencos.com\/de\/flamenco-biennale-sevilla-14-20-september-2026.html"},"author":{"name":"Miguel Ortiz","@id":"https:\/\/www.tablaosflamencos.com\/de#\/schema\/person\/e7a9ebe14eb75a52ceabfbffb3c54f5d"},"headline":"Flamenco-Biennale Sevilla: Was sich vom 14. bis 20. September 2026 lohnt","datePublished":"2026-09-05T11:34:33+00:00","dateModified":"2026-09-05T14:25:58+00:00","mainEntityOfPage":{"@id":"https:\/\/www.tablaosflamencos.com\/de\/flamenco-biennale-sevilla-14-20-september-2026.html"},"wordCount":4978,"publisher":{"@id":"https:\/\/www.tablaosflamencos.com\/de#organization"},"image":{"@id":"https:\/\/www.tablaosflamencos.com\/de\/flamenco-biennale-sevilla-14-20-september-2026.html#primaryimage"},"thumbnailUrl":"https:\/\/www.tablaosflamencos.com\/wp-content\/uploads\/que-ver-en-la-bienal-del-14-al-20-de-septiembre-de-2026-01.webp","keywords":["agenda flamenca","Bienal 2026","Bienal de Flamenco","festivales flamencos","flamenco en Sevilla","sevilla"],"articleSection":["Flamenco-Biennale"],"inLanguage":"de"},{"@type":"WebPage","@id":"https:\/\/www.tablaosflamencos.com\/de\/flamenco-biennale-sevilla-14-20-september-2026.html","url":"https:\/\/www.tablaosflamencos.com\/de\/flamenco-biennale-sevilla-14-20-september-2026.html","name":"Flamenco-Biennale Sevilla: 14.\u201320. September 2026","isPartOf":{"@id":"https:\/\/www.tablaosflamencos.com\/de#website"},"primaryImageOfPage":{"@id":"https:\/\/www.tablaosflamencos.com\/de\/flamenco-biennale-sevilla-14-20-september-2026.html#primaryimage"},"image":{"@id":"https:\/\/www.tablaosflamencos.com\/de\/flamenco-biennale-sevilla-14-20-september-2026.html#primaryimage"},"thumbnailUrl":"https:\/\/www.tablaosflamencos.com\/wp-content\/uploads\/que-ver-en-la-bienal-del-14-al-20-de-septiembre-de-2026-01.webp","datePublished":"2026-09-05T11:34:33+00:00","dateModified":"2026-09-05T14:25:58+00:00","description":"Was lohnt sich bei der Flamenco-Biennale Sevilla vom 14. bis 20. September 2026? Alle 20 Vorstellungen, Uhrzeiten, Tagestipps und passende Kombinationen.","breadcrumb":{"@id":"https:\/\/www.tablaosflamencos.com\/de\/flamenco-biennale-sevilla-14-20-september-2026.html#breadcrumb"},"inLanguage":"de","potentialAction":[{"@type":"ReadAction","target":["https:\/\/www.tablaosflamencos.com\/de\/flamenco-biennale-sevilla-14-20-september-2026.html"]}]},{"@type":"ImageObject","inLanguage":"de","@id":"https:\/\/www.tablaosflamencos.com\/de\/flamenco-biennale-sevilla-14-20-september-2026.html#primaryimage","url":"https:\/\/www.tablaosflamencos.com\/wp-content\/uploads\/que-ver-en-la-bienal-del-14-al-20-de-septiembre-de-2026-01.webp","contentUrl":"https:\/\/www.tablaosflamencos.com\/wp-content\/uploads\/que-ver-en-la-bienal-del-14-al-20-de-septiembre-de-2026-01.webp","width":1672,"height":941,"caption":"Qu\u00e9 ver en la Bienal del 14 al 20 de septiembre de 2026"},{"@type":"BreadcrumbList","@id":"https:\/\/www.tablaosflamencos.com\/de\/flamenco-biennale-sevilla-14-20-september-2026.html#breadcrumb","itemListElement":[{"@type":"ListItem","position":1,"name":"Home","item":"https:\/\/www.tablaosflamencos.com\/de"},{"@type":"ListItem","position":2,"name":"Flamenco-Biennale Sevilla: Was sich vom 14. bis 20. September 2026 lohnt"}]},{"@type":"WebSite","@id":"https:\/\/www.tablaosflamencos.com\/de#website","url":"https:\/\/www.tablaosflamencos.com\/de","name":"Tablaos Flamencos","description":"Entradas para tablaos flamencos de Espa\u00f1a","publisher":{"@id":"https:\/\/www.tablaosflamencos.com\/de#organization"},"alternateName":"Tablaos Flamencos","potentialAction":[{"@type":"SearchAction","target":{"@type":"EntryPoint","urlTemplate":"https:\/\/www.tablaosflamencos.com\/de?s={search_term_string}"},"query-input":{"@type":"PropertyValueSpecification","valueRequired":true,"valueName":"search_term_string"}}],"inLanguage":"de"},{"@type":["Organization","Place","EntertainmentBusiness"],"@id":"https:\/\/www.tablaosflamencos.com\/de#organization","name":"Tablaos Flamencos","alternateName":"Tablaos Flamencos","url":"https:\/\/www.tablaosflamencos.com\/de","logo":{"@id":"https:\/\/www.tablaosflamencos.com\/de\/flamenco-biennale-sevilla-14-20-september-2026.html#local-main-organization-logo"},"image":{"@id":"https:\/\/www.tablaosflamencos.com\/de\/flamenco-biennale-sevilla-14-20-september-2026.html#local-main-organization-logo"},"sameAs":["https:\/\/www.facebook.com\/tablaosflamencos","https:\/\/x.com\/tablaosflamenco","https:\/\/mastodon.social\/@tablaosflamencos","https:\/\/www.instagram.com\/tablaosflamencos","https:\/\/tiktok.com\/@tablaosflamencos","https:\/\/www.linkedin.com\/company\/109408238\/"],"description":"Venta de entradas para espect\u00e1culos flamencos","legalName":"Tablaos Flamencos","foundingDate":"2015-01-01","numberOfEmployees":{"@type":"QuantitativeValue","minValue":"1","maxValue":"10"},"address":{"@id":"https:\/\/www.tablaosflamencos.com\/de\/flamenco-biennale-sevilla-14-20-september-2026.html#local-main-place-address"},"geo":{"@type":"GeoCoordinates","latitude":"37.3868072","longitude":"-5.993280299999999"},"telephone":["+34623787787"],"contactPoint":{"@type":"ContactPoint","telephone":"+34623787787","email":"info@tablaosflamencos.com"},"openingHoursSpecification":{"@type":"OpeningHoursSpecification","dayOfWeek":["Monday","Tuesday","Wednesday","Thursday","Friday","Saturday","Sunday"],"opens":"00:00","closes":"23:59"},"email":"info@tablaosflamencos.com","priceRange":"$$$","currenciesAccepted":"\u20ac"},{"@type":"Person","@id":"https:\/\/www.tablaosflamencos.com\/de#\/schema\/person\/e7a9ebe14eb75a52ceabfbffb3c54f5d","name":"Miguel Ortiz","description":"Miguel Ortiz es un empresario flamenco, con una s\u00f3lida trayectoria dentro del sector. Ha presidido entidades culturales vinculadas al flamenco y, cuenta con un amplio recorrido profesional en la gesti\u00f3n y promoci\u00f3n de espect\u00e1culos y tablaos flamencos. Su pasi\u00f3n por la historia y el arte flamenco se refleja en cada art\u00edculo, donde combina experiencia, criterio y un profundo respeto por la tradici\u00f3n.","sameAs":["https:\/\/www.tablaosflamencos.com","https:\/\/www.instagra.com\/miguelortizfe","https:\/\/www.linkedin.com\/in\/miguelortizf\/"],"birthDate":"1984-11-22","gender":"hombre","knowsLanguage":["espa\u00f1ol","ingl\u00e9s"],"jobTitle":"Empresario flamenco"},{"@type":"PostalAddress","@id":"https:\/\/www.tablaosflamencos.com\/de\/flamenco-biennale-sevilla-14-20-september-2026.html#local-main-place-address","streetAddress":"C\/ Alemanes, 19","addressLocality":"Sevilla","postalCode":"41004","addressRegion":"Sevilla","addressCountry":"ES"},{"@type":"ImageObject","inLanguage":"de","@id":"https:\/\/www.tablaosflamencos.com\/de\/flamenco-biennale-sevilla-14-20-september-2026.html#local-main-organization-logo","url":"https:\/\/www.tablaosflamencos.com\/wp-content\/uploads\/tablaos-flamencos-06-3.webp","contentUrl":"https:\/\/www.tablaosflamencos.com\/wp-content\/uploads\/tablaos-flamencos-06-3.webp","width":600,"height":620,"caption":"Tablaos Flamencos"}]},"geo.placename":"Sevilla","geo.position":{"lat":"37.3868072","long":"-5.993280299999999"},"geo.region":"Spanien"},"_links":{"self":[{"href":"https:\/\/www.tablaosflamencos.com\/de\/wp-json\/wp\/v2\/posts\/14776","targetHints":{"allow":["GET"]}}],"collection":[{"href":"https:\/\/www.tablaosflamencos.com\/de\/wp-json\/wp\/v2\/posts"}],"about":[{"href":"https:\/\/www.tablaosflamencos.com\/de\/wp-json\/wp\/v2\/types\/post"}],"author":[{"embeddable":true,"href":"https:\/\/www.tablaosflamencos.com\/de\/wp-json\/wp\/v2\/users\/1"}],"replies":[{"embeddable":true,"href":"https:\/\/www.tablaosflamencos.com\/de\/wp-json\/wp\/v2\/comments?post=14776"}],"version-history":[{"count":8,"href":"https:\/\/www.tablaosflamencos.com\/de\/wp-json\/wp\/v2\/posts\/14776\/revisions"}],"predecessor-version":[{"id":14922,"href":"https:\/\/www.tablaosflamencos.com\/de\/wp-json\/wp\/v2\/posts\/14776\/revisions\/14922"}],"wp:featuredmedia":[{"embeddable":true,"href":"https:\/\/www.tablaosflamencos.com\/de\/wp-json\/wp\/v2\/media\/14743"}],"wp:attachment":[{"href":"https:\/\/www.tablaosflamencos.com\/de\/wp-json\/wp\/v2\/media?parent=14776"}],"wp:term":[{"taxonomy":"category","embeddable":true,"href":"https:\/\/www.tablaosflamencos.com\/de\/wp-json\/wp\/v2\/categories?post=14776"},{"taxonomy":"post_tag","embeddable":true,"href":"https:\/\/www.tablaosflamencos.com\/de\/wp-json\/wp\/v2\/tags?post=14776"}],"curies":[{"name":"wp","href":"https:\/\/api.w.org\/{rel}","templated":true}]}}