{"id":14775,"date":"2026-09-05T12:42:59","date_gmt":"2026-09-05T10:42:59","guid":{"rendered":"https:\/\/www.tablaosflamencos.com\/?p=14775"},"modified":"2026-09-05T14:03:24","modified_gmt":"2026-09-05T12:03:24","slug":"jerez-fusion-2026-termine-programm","status":"publish","type":"post","link":"https:\/\/www.tablaosflamencos.com\/de\/jerez-fusion-2026-termine-programm.html","title":{"rendered":"Jerez Fusi\u00f3n 2026: Termine, Programm und alles Wissenswerte"},"content":{"rendered":"<section class=\"l-section wpb_row height_huge\"><div class=\"l-section-h i-cf\"><div class=\"g-cols vc_row via_flex valign_top type_default stacking_default\"><div class=\"vc_col-sm-6 wpb_column vc_column_container\"><div class=\"vc_column-inner\"><div class=\"wpb_wrapper\"><div class=\"wpb_text_column\"><div class=\"wpb_wrapper\"><h2>Jerez startet ein neues Festival f\u00fcr Flamenco, Musik und Wein<\/h2>\n<p><strong>Jerez Fusi\u00f3n 2026<\/strong> feiert seine erste Ausgabe vom <strong>10. bis 13. September 2026<\/strong> in Jerez de la Frontera. Das Festival beginnt mit einer klaren Idee: Flamenco als Ausgangspunkt f\u00fcr den Dialog mit anderen Musikrichtungen, zeitgen\u00f6ssischer Kreativit\u00e4t, der Kulturbranche sowie Wein und Brandy aus Jerez.<\/p>\n<p>Das Festival wird nicht auf ein einziges Gel\u00e4nde beschr\u00e4nkt sein. Das Programm verteilt sich auf <strong>mehr als zehn Veranstaltungsorte in der Stadt<\/strong> und verbindet Konzerte, Showcases, Masterclasses, Podiumsgespr\u00e4che, berufliches Networking, Ausstellungen, Kino, Theater und Gastronomie.<\/p>\n<p>Veranstalter ist der <strong>Cl\u00faster Tur\u00edstico Destino Jerez<\/strong>, unterst\u00fctzt von der Stadtverwaltung Jerez und in Zusammenarbeit mit FEDEJEREZ. Das Projekt geh\u00f6rt au\u00dferdem zur Kulturstrategie rund um Jerez 2031 und zur Entwicklung einer Stadtmarke, die Flamenco, Kultur und Tourismus verbindet.<\/p>\n<\/div><\/div><\/div><\/div><\/div><div class=\"vc_col-sm-6 wpb_column vc_column_container\"><div class=\"vc_column-inner\"><div class=\"wpb_wrapper\"><div class=\"wpb_text_column\"><div class=\"wpb_wrapper\"><h2>Termine und wichtige Informationen zu Jerez Fusi\u00f3n 2026<\/h2>\n<ul>\n<li><strong>Termin:<\/strong> Donnerstag, 10., bis Sonntag, 13. September 2026.<\/li>\n<li><strong>Stadt:<\/strong> Jerez de la Frontera, Provinz C\u00e1diz.<\/li>\n<li><strong>Ausgabe:<\/strong> erste Ausgabe.<\/li>\n<li><strong>Format:<\/strong> Musik + Wein + Stadt.<\/li>\n<li><strong>K\u00fcnstler:<\/strong> mehr als 12 K\u00fcnstler und Projekte angek\u00fcndigt.<\/li>\n<li><strong>Spielorte:<\/strong> mehr als 10 Standorte.<\/li>\n<li><strong>Aktivit\u00e4ten:<\/strong> Konzerte, Showcases, Masterclasses, Podiumsgespr\u00e4che, Networking, Ausstellungen, Kino, Theater und Gastronomie.<\/li>\n<li><strong>Gro\u00dfes Finale:<\/strong> Konzert auf der Alameda Vieja mit einer Hommage an Antonio de los R\u00edos \u201eEl Madriles\u201c und einem Auftritt von Raimundo Amador.<\/li>\n<\/ul>\n<p>Die offizielle Website verwendet den Begriff <strong>Flamenco Global Experience<\/strong>, der das Ziel treffend zusammenfasst: einen Flamenco zu zeigen, der offen f\u00fcr Begegnungen mit Jazz, Blues, Weltmusik, elektronischer Musik und neuen Produktionsformen ist.<\/p>\n<\/div><\/div><\/div><\/div><\/div><\/div><\/div><\/section><section class=\"l-section wpb_row height_huge color_alternate with_shape\"><div class=\"l-section-shape type_zigzag pos_top hor_flip\" style=\"height:3vmin;\"><svg xmlns=\"http:\/\/www.w3.org\/2000\/svg\" viewBox=\"0 0 64 8\" preserveAspectRatio=\"none\" width=\"100%\" height=\"100%\">\r\n\t<path fill=\"currentColor\" d=\"M64 8 L0 8 L0 0 L20 7.9 L40 3 L48 5 L64 0 Z\"\/>\r\n<\/svg><\/div><div class=\"l-section-shape type_zigzag pos_bottom\" style=\"height:3vmin;\"><svg xmlns=\"http:\/\/www.w3.org\/2000\/svg\" viewBox=\"0 0 64 8\" preserveAspectRatio=\"none\" width=\"100%\" height=\"100%\">\r\n\t<path fill=\"currentColor\" d=\"M64 8 L0 8 L0 0 L20 7.9 L40 3 L48 5 L64 0 Z\"\/>\r\n<\/svg><\/div><div class=\"l-section-h i-cf\"><div class=\"g-cols vc_row via_flex valign_top type_default stacking_default\"><div class=\"vc_col-sm-12 wpb_column vc_column_container\"><div class=\"vc_column-inner\"><div class=\"wpb_wrapper\"><div class=\"wpb_text_column\"><div class=\"wpb_wrapper\"><blockquote>\n<p><strong>Auf einen Blick:<\/strong> Jerez Fusi\u00f3n 2026 l\u00e4uft vom <strong>10. bis 13. September<\/strong> an verschiedenen Veranstaltungsorten in Jerez de la Frontera. Das Programm verbindet zeitgen\u00f6ssischen Flamenco mit Jazz, Blues, elektronischer Musik und weiteren Genres sowie Wein, Showcases, Ausstellungen und Branchentreffen. Angek\u00fcndigt sind unter anderem Raimundo Amador, Tomasito, Diego Carrasco, Curro Carrasco, Luis de Perik\u00edn, Jos\u00e9 de los Camarones, Chico P\u00e9rez, Juan Diego Mateos und weitere Flamenco-Fusion-Projekte.<\/p>\n<\/blockquote>\n<p><strong>Letzte Aktualisierung: 5. September 2026.<\/strong> Uhrzeiten oder Veranstaltungsorte k\u00f6nnen sich \u00e4ndern. Pr\u00fcfen Sie deshalb vor der Anreise die offizielle Website.<\/p>\n<\/div><\/div><div class=\"w-separator size_medium\"><\/div><div class=\"w-hwrapper valign_top wrap stack_on_mobiles align_center\" style=\"--hwrapper-gap:1.2rem\"><div class=\"w-btn-wrapper align_none\"><a class=\"w-btn us-btn-style_1\" href=\"https:\/\/www.jerezfusion.com\/\"><span class=\"w-btn-label\">Offizielle Website von Jerez Fusi\u00f3n<\/span><\/a><\/div><div class=\"w-btn-wrapper align_none\"><a class=\"w-btn us-btn-style_1\" href=\"https:\/\/www.tablaosflamencos.com\/de\/flamenco-in-jerez\"><span class=\"w-btn-label\">Flamenco in Jerez erleben<\/span><\/a><\/div><\/div><\/div><\/div><\/div><\/div><\/div><\/section><section class=\"l-section wpb_row height_huge\"><div class=\"l-section-h i-cf\"><div class=\"g-cols vc_row via_flex valign_top type_default stacking_default\"><div class=\"vc_col-sm-3 wpb_column vc_column_container\"><div class=\"vc_column-inner\"><div class=\"wpb_wrapper\"><\/div><\/div><\/div><div class=\"vc_col-sm-6 wpb_column vc_column_container\"><div class=\"vc_column-inner\"><div class=\"wpb_wrapper\"><div class=\"wpb_text_column\"><div class=\"wpb_wrapper\"><h2>Inhalt dieses Guides<\/h2>\n<ul>\n<li><a href=\"#que-es\">Was ist Jerez Fusi\u00f3n?<\/a><\/li>\n<li><a href=\"#jueves\">Programm am Donnerstag, 10.<\/a><\/li>\n<li><a href=\"#viernes\">Programm am Freitag, 11.<\/a><\/li>\n<li><a href=\"#sabado\">Programm am Samstag, 12.<\/a><\/li>\n<li><a href=\"#domingo\">Programm am Sonntag, 13.<\/a><\/li>\n<li><a href=\"#artistas\">K\u00fcnstler im \u00dcberblick<\/a><\/li>\n<li><a href=\"#espacios\">Veranstaltungsorte des Festivals<\/a><\/li>\n<li><a href=\"#profesional\">Networking und Branchenprogramm<\/a><\/li>\n<li><a href=\"#vino\">Flamenco, Wein und Brandy aus Jerez<\/a><\/li>\n<li><a href=\"#entradas\">Tickets und Eintritt<\/a><\/li>\n<li><a href=\"#planificar\">Den Besuch planen<\/a><\/li>\n<li><a href=\"#faq\">H\u00e4ufig gestellte Fragen<\/a><\/li>\n<\/ul>\n<\/div><\/div><div class=\"w-separator size_medium\"><\/div><div class=\"wpb_text_column\"><div class=\"wpb_wrapper\"><h2 id=\"que-es\">Was ist Jerez Fusi\u00f3n?<\/h2>\n<p>Jerez Fusi\u00f3n betrachtet Flamenco nicht als abgeschlossene oder ausschlie\u00dflich traditionelle Kunstform. Der Ausgangspunkt ist genau das Gegenteil: <strong>die Wurzeln als musikalische Sprache, die sich mit anderen verbinden kann<\/strong>.<\/p>\n<p>Das Festival m\u00f6chte Flamenco mit Jazz, Blues, Soul, Hip-Hop, elektronischer Musik und weiteren zeitgen\u00f6ssischen Kl\u00e4ngen verbinden, wobei Jerez das kulturelle Zentrum bleibt. Die Stadt dient nicht nur als Kulisse: Bodegas, S\u00e4le, Kulturorte, Stra\u00dfen und das historische Erbe geh\u00f6ren zum Erlebnis.<\/p>\n<p>Diese st\u00e4dtische Dimension ist wichtig. An vier Tagen gibt es k\u00fcnstlerische Programme, Angebote f\u00fcr das allgemeine Publikum und Treffen f\u00fcr K\u00fcnstler, Manager, Programmverantwortliche, Festivals, Agenturen, Medien und Fachleute der Musikbranche.<\/p>\n<\/div><\/div><\/div><\/div><\/div><div class=\"vc_col-sm-3 wpb_column vc_column_container\"><div class=\"vc_column-inner\"><div class=\"wpb_wrapper\"><\/div><\/div><\/div><\/div><\/div><\/section><section class=\"l-section wpb_row height_huge color_alternate with_shape\"><div class=\"l-section-shape type_zigzag pos_top\" style=\"height:3vmin;\"><svg xmlns=\"http:\/\/www.w3.org\/2000\/svg\" viewBox=\"0 0 64 8\" preserveAspectRatio=\"none\" width=\"100%\" height=\"100%\">\r\n\t<path fill=\"currentColor\" d=\"M64 8 L0 8 L0 0 L20 7.9 L40 3 L48 5 L64 0 Z\"\/>\r\n<\/svg><\/div><div class=\"l-section-shape type_zigzag pos_bottom\" style=\"height:3vmin;\"><svg xmlns=\"http:\/\/www.w3.org\/2000\/svg\" viewBox=\"0 0 64 8\" preserveAspectRatio=\"none\" width=\"100%\" height=\"100%\">\r\n\t<path fill=\"currentColor\" d=\"M64 8 L0 8 L0 0 L20 7.9 L40 3 L48 5 L64 0 Z\"\/>\r\n<\/svg><\/div><div class=\"l-section-h i-cf\"><div class=\"g-cols vc_row via_flex valign_top type_default stacking_default\"><div class=\"vc_col-sm-6 wpb_column vc_column_container\"><div class=\"vc_column-inner\"><div class=\"wpb_wrapper\"><div class=\"wpb_text_column\"><div class=\"wpb_wrapper\"><h2 id=\"jueves\">Donnerstag, 10. September: Auftakt und erste musikalische Begegnungen<\/h2>\n<p>Der erste Tag beginnt mit einem Nachmittags- und Abendprogramm in mehreren Spielst\u00e4tten.<\/p>\n<p><strong>Cuarto Creciente \u00b7 19:00\u201321:00 Uhr<\/strong><\/p>\n<ul>\n<li><strong>Borondo<\/strong>: ein Projekt zwischen Flamenco, klassischer Musik und Jazz.<\/li>\n<li><strong>Flamenco FC<\/strong>: ein junger Blick auf zeitgen\u00f6ssischen Flamenco.<\/li>\n<\/ul>\n<p><strong>La Guarida del \u00c1ngel \u00b7 21:00\u201301:00 Uhr<\/strong><\/p>\n<ul>\n<li><strong>Trilog<\/strong>: eine Begegnung von Flamenco, Jazz und hindustanischer Musik.<\/li>\n<li><strong>Esther Weekes Triana Blues<\/strong>: eine Verbindung zwischen Blues und Flamenco.<\/li>\n<\/ul>\n<p>Showcases erg\u00e4nzen den Nachmittag. Im <strong>Damajuana<\/strong> steht um 17:30 Uhr folgender Act auf dem Programm: <strong>Naima Jazz<\/strong>. Im <strong>El 55<\/strong> gibt es Nachmittags- und Sp\u00e4tabendunterhaltung mit <strong>Jesule de la Tomasa<\/strong>, seiner Band und einem DJ-Set.<\/p>\n<\/div><\/div><\/div><\/div><\/div><div class=\"vc_col-sm-6 wpb_column vc_column_container\"><div class=\"vc_column-inner\"><div class=\"wpb_wrapper\"><div class=\"wpb_text_column\"><div class=\"wpb_wrapper\"><h2 id=\"viernes\">Freitag, 11.: Klavier, Gesang, Gitarre und eine Nacht voller Jerez-Musik<\/h2>\n<p>Am Freitag wird das musikalische Spektrum breiter und das Branchenprogramm gewinnt an Gewicht.<\/p>\n<p><strong>Cuarto Creciente \u00b7 19:00\u201321:00 Uhr<\/strong><\/p>\n<ul>\n<li><strong>Chico P\u00e9rez<\/strong>: Klavier zwischen Flamenco und Jazz.<\/li>\n<li><strong>Juan Diego Mateos und Sole\u00e1 Gatica<\/strong>: ein zeitgen\u00f6ssisches Flamenco-Projekt.<\/li>\n<\/ul>\n<p><strong>La Guarida del \u00c1ngel \u00b7 21:00\u201301:00 Uhr<\/strong><\/p>\n<ul>\n<li><strong>Flamenco-Fusion-Nacht aus Jerez<\/strong>.<\/li>\n<li><strong>Jos\u00e9 de los Camarones<\/strong>.<\/li>\n<li><strong>D\u2019Chipen \u2013 El Zambo<\/strong>.<\/li>\n<\/ul>\n<p>Im Damajuana ist ein Showcase von <strong>Johnny Ayuga<\/strong> um 17:30 Uhr angek\u00fcndigt, w\u00e4hrend im El 55 nachts ein DJ-Set stattfindet.<\/p>\n<\/div><\/div><\/div><\/div><\/div><\/div><\/div><\/section><section class=\"l-section wpb_row height_huge\"><div class=\"l-section-h i-cf\"><div class=\"g-cols vc_row via_flex valign_top type_default stacking_default\"><div class=\"vc_col-sm-6 wpb_column vc_column_container\"><div class=\"vc_column-inner\"><div class=\"wpb_wrapper\"><div class=\"wpb_text_column\"><div class=\"wpb_wrapper\"><h2 id=\"sabado\">Samstag, 12.: gro\u00dfer Abschlussabend auf der Alameda Vieja<\/h2>\n<p>Obwohl das Festival am Sonntag, dem 13., mit weiteren Aktivit\u00e4ten fortgesetzt wird, findet das gro\u00dfe musikalische Abschlusskonzert bereits am Samstag auf der <strong>Alameda Vieja<\/strong> statt, ab <strong>21:00 Uhr<\/strong>.<\/p>\n<p>Den ersten Teil bildet eine <strong>Hommage an Antonio de los R\u00edos \u201eEl Madriles\u201c<\/strong>, einen Komponisten, der mit zahlreichen K\u00fcnstlern und Projekten des Flamenco aus Jerez verbunden ist. F\u00fcr diese Feier angek\u00fcndigt sind <strong>Tomasito, Curro Carrasco, Luis de Perik\u00edn und Diego Carrasco<\/strong> sowie weitere Mitwirkende.<\/p>\n<p>Danach folgt einer der bekanntesten Namen des Programms: <strong>Raimundo Amador<\/strong> mit seiner Show <em>De Pata Negra a Raimundo<\/em>, einer Reise durch seine Laufbahn und jene historische Verbindung zwischen Flamenco, Blues und Rock, die einen gro\u00dfen Teil seiner Karriere gepr\u00e4gt hat.<\/p>\n<\/div><\/div><\/div><\/div><\/div><div class=\"vc_col-sm-6 wpb_column vc_column_container\"><div class=\"vc_column-inner\"><div class=\"wpb_wrapper\"><div class=\"wpb_text_column\"><div class=\"wpb_wrapper\"><h2 id=\"domingo\">Sonntag, 13.: Aktivit\u00e4ten, Ausstellungen und gemeinsames Caj\u00f3n-Spiel<\/h2>\n<p>Der Sonntag bildet den letzten Festivaltag und bietet weiterhin tags\u00fcber \u00f6ffentlich zug\u00e4ngliche Aktivit\u00e4ten.<\/p>\n<p>Angek\u00fcndigt ist unter anderem ein <strong>gemeinsames Caj\u00f3n-Trommeln<\/strong> auf der <strong>Plaza del Arenal<\/strong>, geplant zwischen <strong>12:30 und 15:00 Uhr<\/strong>.<\/p>\n<p>Au\u00dferdem laufen die begleitenden Ausstellungen weiter, darunter eine Schau \u00fcber <strong>Fr\u00e9d\u00e9ric Deval<\/strong> in der Sherry Gallery und die Ausstellung <strong>Flamencos<\/strong> im Centro Andaluz de Flamenco.<\/p>\n<p>Das Sonntagsformat passt zur Grundidee des Festivals: Das Erlebnis soll nicht auf Abendkonzerte begrenzt bleiben, sondern sich auf Kulturorte und Treffpunkte der Stadt erstrecken.<\/p>\n<\/div><\/div><\/div><\/div><\/div><\/div><\/div><\/section><section class=\"l-section wpb_row height_huge color_alternate with_shape\"><div class=\"l-section-shape type_zigzag pos_top hor_flip\" style=\"height:3vmin;\"><svg xmlns=\"http:\/\/www.w3.org\/2000\/svg\" viewBox=\"0 0 64 8\" preserveAspectRatio=\"none\" width=\"100%\" height=\"100%\">\r\n\t<path fill=\"currentColor\" d=\"M64 8 L0 8 L0 0 L20 7.9 L40 3 L48 5 L64 0 Z\"\/>\r\n<\/svg><\/div><div class=\"l-section-shape type_zigzag pos_bottom\" style=\"height:3vmin;\"><svg xmlns=\"http:\/\/www.w3.org\/2000\/svg\" viewBox=\"0 0 64 8\" preserveAspectRatio=\"none\" width=\"100%\" height=\"100%\">\r\n\t<path fill=\"currentColor\" d=\"M64 8 L0 8 L0 0 L20 7.9 L40 3 L48 5 L64 0 Z\"\/>\r\n<\/svg><\/div><div class=\"l-section-h i-cf\"><div class=\"g-cols vc_row via_flex valign_top type_default stacking_default\"><div class=\"vc_col-sm-12 wpb_column vc_column_container\"><div class=\"vc_column-inner\"><div class=\"wpb_wrapper\"><div class=\"wpb_text_column\"><div class=\"wpb_wrapper\"><h2 id=\"artistas\" style=\"text-align: center;\">K\u00fcnstler und Projekte bei Jerez Fusi\u00f3n 2026<\/h2>\n<p>&nbsp;<\/p>\n<div style=\"overflow-x: auto;\">\n<table>\n<thead>\n<tr>\n<th>K\u00fcnstler \/ Projekt<\/th>\n<th>Musikalischer Schwerpunkt<\/th>\n<th>Tag<\/th>\n<\/tr>\n<\/thead>\n<tbody>\n<tr>\n<td>Raimundo Amador<\/td>\n<td>Flamenco, Blues und Rock<\/td>\n<td>Samstag, 12.<\/td>\n<\/tr>\n<tr>\n<td>Tomasito<\/td>\n<td>Flamenco aus Jerez und Fusion<\/td>\n<td>Samstag, 12.<\/td>\n<\/tr>\n<tr>\n<td>Diego Carrasco<\/td>\n<td>Flamenco-Wurzeln und Experiment<\/td>\n<td>Samstag, 12.<\/td>\n<\/tr>\n<tr>\n<td>Curro Carrasco<\/td>\n<td>Zeitgen\u00f6ssischer Flamenco<\/td>\n<td>Samstag, 12.<\/td>\n<\/tr>\n<tr>\n<td>Luis de Perik\u00edn<\/td>\n<td>Comp\u00e1s und Flamenco aus Jerez<\/td>\n<td>Samstag, 12.<\/td>\n<\/tr>\n<tr>\n<td>Jos\u00e9 de los Camarones<\/td>\n<td>Cante mit dem Charakter von Jerez<\/td>\n<td>Freitag, 11.<\/td>\n<\/tr>\n<tr>\n<td>Chico P\u00e9rez<\/td>\n<td>Klavier, Flamenco und Jazz<\/td>\n<td>Freitag, 11.<\/td>\n<\/tr>\n<tr>\n<td>Juan Diego Mateos + Sole\u00e1 Gatica<\/td>\n<td>Zeitgen\u00f6ssischer Flamenco<\/td>\n<td>Freitag, 11.<\/td>\n<\/tr>\n<tr>\n<td>Borondo<\/td>\n<td>Flamenco, Klassik und Jazz<\/td>\n<td>Donnerstag, 10.<\/td>\n<\/tr>\n<tr>\n<td>Trilog<\/td>\n<td>Flamenco, Jazz und hindustanische Musik<\/td>\n<td>Donnerstag, 10.<\/td>\n<\/tr>\n<\/tbody>\n<\/table>\n<\/div>\n<\/div><\/div><\/div><\/div><\/div><\/div><\/div><\/section><section class=\"l-section wpb_row height_huge\"><div class=\"l-section-h i-cf\"><div class=\"g-cols vc_row via_flex valign_top type_default stacking_default\"><div class=\"vc_col-sm-6 wpb_column vc_column_container\"><div class=\"vc_column-inner\"><div class=\"wpb_wrapper\"><div class=\"wpb_text_column\"><div class=\"wpb_wrapper\"><h2 id=\"espacios\">Ein Festival in ganz Jerez<\/h2>\n<p>Zu den interessantesten Merkmalen von Jerez Fusi\u00f3n geh\u00f6rt sein dezentrales Konzept. Im Programm werden unter anderem folgende Orte genannt:<\/p>\n<ul>\n<li><strong>Alameda Vieja<\/strong>, Schauplatz des gro\u00dfen Samstagskonzerts.<\/li>\n<li><strong>La Guarida del \u00c1ngel<\/strong>, ein historischer Veranstaltungsort mit enger Verbindung zum Flamenco in Jerez.<\/li>\n<li><strong>Cuarto Creciente<\/strong>, mit Nachmittagsprogramm.<\/li>\n<li><strong>Damajuana<\/strong>, Veranstaltungsort der Showcases.<\/li>\n<li><strong>El 55<\/strong>, mit Nachmittags- und Nachtsessions.<\/li>\n<li><strong>Sherry Gallery<\/strong>, mit Ausstellungen und Networking.<\/li>\n<li><strong>Consejo Regulador<\/strong>, Veranstaltungsort f\u00fcr Branchenaktivit\u00e4ten.<\/li>\n<li><strong>Centro Andaluz de Flamenco<\/strong>, mit Ausstellungen.<\/li>\n<li><strong>Plaza del Arenal<\/strong>, mit einer Abschlussaktivit\u00e4t am Sonntag.<\/li>\n<\/ul>\n<p>Dieses Modell erfordert eine Planung der Wege, bietet aber auch die M\u00f6glichkeit, an einem einzigen Tag unterschiedliche Seiten von Jerez zu entdecken.<\/p>\n<\/div><\/div><\/div><\/div><\/div><div class=\"vc_col-sm-6 wpb_column vc_column_container\"><div class=\"vc_column-inner\"><div class=\"wpb_wrapper\"><div class=\"wpb_text_column\"><div class=\"wpb_wrapper\"><h2 id=\"profesional\">Networking und Branchenprogramm<\/h2>\n<p>Jerez Fusi\u00f3n m\u00f6chte auch ein Treffpunkt f\u00fcr die Musikindustrie sein. Die Fachregistrierung richtet sich an K\u00fcnstler, Bands, Manager, Booking-Agenturen, Festivals, Kulturprogrammverantwortliche, Veranstalter, Labels, Medien, Institutionen sowie Fachleute aus der audiovisuellen und kreativen Branche.<\/p>\n<p>Die <strong>Networking- und Gesch\u00e4ftstreffen<\/strong> sind f\u00fcr folgende Termine angek\u00fcndigt:<\/p>\n<ul>\n<li><strong>11. September<\/strong> in der Sherry Gallery.<\/li>\n<li><strong>12. September<\/strong> beim Consejo Regulador.<\/li>\n<li><strong>Uhrzeit:<\/strong> 13:00 bis 14:30 Uhr.<\/li>\n<\/ul>\n<p>Die professionelle Teilnahme erfordert <strong>eine vorherige Anmeldung und Akkreditierung<\/strong> und die Zahl der Pl\u00e4tze ist begrenzt.<\/p>\n<\/div><\/div><\/div><\/div><\/div><\/div><\/div><\/section><section class=\"l-section wpb_row height_huge color_alternate with_shape\"><div class=\"l-section-shape type_zigzag pos_top\" style=\"height:3vmin;\"><svg xmlns=\"http:\/\/www.w3.org\/2000\/svg\" viewBox=\"0 0 64 8\" preserveAspectRatio=\"none\" width=\"100%\" height=\"100%\">\r\n\t<path fill=\"currentColor\" d=\"M64 8 L0 8 L0 0 L20 7.9 L40 3 L48 5 L64 0 Z\"\/>\r\n<\/svg><\/div><div class=\"l-section-shape type_zigzag pos_bottom\" style=\"height:3vmin;\"><svg xmlns=\"http:\/\/www.w3.org\/2000\/svg\" viewBox=\"0 0 64 8\" preserveAspectRatio=\"none\" width=\"100%\" height=\"100%\">\r\n\t<path fill=\"currentColor\" d=\"M64 8 L0 8 L0 0 L20 7.9 L40 3 L48 5 L64 0 Z\"\/>\r\n<\/svg><\/div><div class=\"l-section-h i-cf\"><div class=\"g-cols vc_row via_flex valign_top type_default stacking_default\"><div class=\"vc_col-sm-6 wpb_column vc_column_container\"><div class=\"vc_column-inner\"><div class=\"wpb_wrapper\"><div class=\"wpb_text_column\"><div class=\"wpb_wrapper\"><h2 id=\"vino\">Warum Wein zum Festival geh\u00f6rt<\/h2>\n<p>Eine zentrale Grundlage von Jerez Fusi\u00f3n ist die Verbindung von <strong>Musik, Wein und Brandy<\/strong>. Dabei geht es nicht einfach darum, zu Konzerten ein Glas Wein anzubieten: Die Identit\u00e4t des Festivals entsteht rund um Produkte und Orte, die zur Kultur von Jerez geh\u00f6ren.<\/p>\n<p>Die Zusammenarbeit mit FEDEJEREZ und die Beteiligung von Orten aus dem Bodega- und Weinsektor unterstreichen diese Idee. Das Festival f\u00e4llt au\u00dferdem in die Schlussphase der <strong>Weinlesefeste von Jerez 2026<\/strong>, die am 13. September enden.<\/p>\n<p>So l\u00e4sst sich der Besuch leicht zu einem vielseitigen Wochenende erweitern: Flamenco, Bodegas, Gastronomie, Kulturerbe und parallel stattfindende Weinleseveranstaltungen.<\/p>\n<\/div><\/div><\/div><\/div><\/div><div class=\"vc_col-sm-6 wpb_column vc_column_container\"><div class=\"vc_column-inner\"><div class=\"wpb_wrapper\"><div class=\"wpb_text_column\"><div class=\"wpb_wrapper\"><h2 id=\"entradas\">Ist Jerez Fusi\u00f3n 2026 kostenlos? Tickets und Eintritt<\/h2>\n<p>Ein gro\u00dfer Teil des angek\u00fcndigten Programms ist <strong>kostenlos<\/strong>, einschlie\u00dflich des gro\u00dfen Samstagskonzerts auf der Alameda Vieja. Das Festival verbindet jedoch viele Formate und Spielst\u00e4tten, und manche Branchenaktivit\u00e4ten verlangen eine vorherige Anmeldung oder Akkreditierung.<\/p>\n<p>Deshalb sollte man drei Zugangsarten unterscheiden:<\/p>\n<ul>\n<li><strong>Konzerte und \u00f6ffentliche Aktivit\u00e4ten:<\/strong> Kapazit\u00e4ts- und Einlassbedingungen des jeweiligen Ortes pr\u00fcfen.<\/li>\n<li><strong>Berufliches Networking:<\/strong> vorherige Anmeldung und Akkreditierung.<\/li>\n<li><strong>Besondere Aktivit\u00e4ten:<\/strong> vor dem Besuch die offiziellen Veranstaltungsdetails pr\u00fcfen.<\/li>\n<\/ul>\n<p>Gehen Sie nicht davon aus, dass bei allen Veranstaltungen dieselben Einlassregeln gelten. Die verl\u00e4sslichste Referenz ist immer die offizielle Festivalwebsite.<\/p>\n<\/div><\/div><\/div><\/div><\/div><\/div><\/div><\/section><section class=\"l-section wpb_row height_huge\"><div class=\"l-section-h i-cf\"><div class=\"g-cols vc_row via_flex valign_top type_default stacking_default\"><div class=\"vc_col-sm-6 wpb_column vc_column_container\"><div class=\"vc_column-inner\"><div class=\"wpb_wrapper\"><div class=\"wpb_text_column\"><div class=\"wpb_wrapper\"><h2 id=\"planificar\">So planen Sie Ihren Besuch bei Jerez Fusi\u00f3n<\/h2>\n<p>Wenn Sie von au\u00dferhalb nach Jerez kommen, w\u00e4hlen Sie am besten zuerst die Konzerte aus, die Sie keinesfalls verpassen m\u00f6chten, und planen den \u00fcbrigen Tag darum herum.<\/p>\n<p><strong>Donnerstag und Freitag:<\/strong> Die Konzerte finden haupts\u00e4chlich nachmittags und abends statt. Den Vormittag k\u00f6nnen Sie daher f\u00fcr die Altstadt, einen Bodega-Besuch oder das Centro Andaluz de Flamenco nutzen.<\/p>\n<p><strong>Samstag:<\/strong> Planen Sie gen\u00fcgend Zeit ein, um fr\u00fchzeitig an der Alameda Vieja anzukommen. Die Hommage an El Madriles und das Konzert von Raimundo Amador d\u00fcrften an diesem Tag besonders viele Menschen anziehen.<\/p>\n<p><strong>Sonntag:<\/strong> Das Tagesprogramm l\u00e4sst sich mit dem Festivalabschluss und den letzten Veranstaltungen der Weinlesefeste verbinden.<\/p>\n<p>F\u00fcr eine zus\u00e4tzliche regul\u00e4re Flamenco-Vorstellung finden Sie Informationen in unserem <a href=\"https:\/\/www.tablaosflamencos.com\/de\/flamenco-in-jerez\"><strong>Guide zu Flamenco in Jerez<\/strong><\/a>. Jerez bietet auch au\u00dferhalb des Festivals Flamenco und erm\u00f6glicht damit eine Verl\u00e4ngerung der Reise um einen oder mehrere Tage.<\/p>\n<\/div><\/div><\/div><\/div><\/div><div class=\"vc_col-sm-6 wpb_column vc_column_container\"><div class=\"vc_column-inner\"><div class=\"wpb_wrapper\"><div class=\"wpb_text_column\"><div class=\"wpb_wrapper\"><h2>Jerez Fusi\u00f3n und die Flamenco-Identit\u00e4t der Stadt<\/h2>\n<p>Die Ausrichtung auf Fusion ergibt in Jerez besonders viel Sinn: Hier versucht nicht eine traditionslose Stadt, sich ein Flamenco-Etikett anzueignen. Jerez geh\u00f6rt zu den gro\u00dfen historischen Zentren von Cante, Gitarre, Tanz und Comp\u00e1s.<\/p>\n<p>Gerade deshalb kann der Dialog mit zeitgen\u00f6ssischen Kl\u00e4ngen besonders interessant sein: Die Wurzeln bleiben pr\u00e4sent und erkennbar. Die Frage des Festivals lautet nicht, ob Jerez Flamenco hat, sondern <strong>was die Stadt heute mit diesem reichen Erbe anfangen kann<\/strong>.<\/p>\n<p>Wer diesen zeitgen\u00f6ssischen Blick um andere Zusammenh\u00e4nge erg\u00e4nzen m\u00f6chte, kann auch unseren Guide \u00fcber <a href=\"https:\/\/www.tablaosflamencos.com\/de\/flamenco-in-jerez-feria-del-caballo.html\"><strong>Flamenco in Jerez w\u00e4hrend der Feria del Caballo<\/strong><\/a> lesen. Dort erkl\u00e4ren wir, wie sich die Flamenco-Kultur in weitere gro\u00dfe Veranstaltungen der Stadt einf\u00fcgt.<\/p>\n<\/div><\/div><\/div><\/div><\/div><\/div><\/div><\/section><section class=\"l-section wpb_row height_huge color_alternate with_shape\"><div class=\"l-section-shape type_zigzag pos_top hor_flip\" style=\"height:3vmin;\"><svg xmlns=\"http:\/\/www.w3.org\/2000\/svg\" viewBox=\"0 0 64 8\" preserveAspectRatio=\"none\" width=\"100%\" height=\"100%\">\r\n\t<path fill=\"currentColor\" d=\"M64 8 L0 8 L0 0 L20 7.9 L40 3 L48 5 L64 0 Z\"\/>\r\n<\/svg><\/div><div class=\"l-section-shape type_zigzag pos_bottom\" style=\"height:3vmin;\"><svg xmlns=\"http:\/\/www.w3.org\/2000\/svg\" viewBox=\"0 0 64 8\" preserveAspectRatio=\"none\" width=\"100%\" height=\"100%\">\r\n\t<path fill=\"currentColor\" d=\"M64 8 L0 8 L0 0 L20 7.9 L40 3 L48 5 L64 0 Z\"\/>\r\n<\/svg><\/div><div class=\"l-section-h i-cf\"><div class=\"g-cols vc_row via_flex valign_top type_default stacking_default\"><div class=\"vc_col-sm-12 wpb_column vc_column_container\"><div class=\"vc_column-inner\"><div class=\"wpb_wrapper\"><div class=\"wpb_text_column\"><div class=\"wpb_wrapper\"><h2 style=\"text-align: center;\">Eine erste Ausgabe mit Blick \u00fcber das Festival hinaus<\/h2>\n<p style=\"text-align: center;\">Jerez Fusi\u00f3n startet mit dem Anspruch eines Projekts f\u00fcr die ganze Stadt. Es programmiert nicht nur Konzerte, sondern verbindet Orte, K\u00fcnstler, Wein, Musikindustrie, Tourismus und Kulturerbe.<\/p>\n<p style=\"text-align: center;\">Entscheidend wird bei dieser ersten Ausgabe sein, ob diese Mischung auf nat\u00fcrliche Weise funktioniert und sich das Festival als j\u00e4hrlicher Termin im spanischen Flamenco-Kalender etablieren kann.<\/p>\n<p style=\"text-align: center;\">F\u00fcr 2026 ist der Reiz bereits klar: <strong>vier Tage, um zu erleben, wie Jerez seine Flamenco-Wurzeln mit neuer Musik und neuem Publikum ins Gespr\u00e4ch bringt<\/strong>.<\/p>\n<\/div><\/div><div class=\"w-separator size_medium\"><\/div><div class=\"w-hwrapper valign_top wrap stack_on_mobiles align_center\" style=\"--hwrapper-gap:1.2rem\"><div class=\"w-btn-wrapper align_none\"><a class=\"w-btn us-btn-style_1\" href=\"https:\/\/www.jerezfusion.com\/\"><span class=\"w-btn-label\">Aktuelles Programm ansehen<\/span><\/a><\/div><div class=\"w-btn-wrapper align_none\"><a class=\"w-btn us-btn-style_1\" href=\"https:\/\/www.tablaosflamencos.com\/de\/flamenco-in-jerez\"><span class=\"w-btn-label\">Flamenco in Jerez entdecken<\/span><\/a><\/div><\/div><\/div><\/div><\/div><\/div><\/div><\/section><section class=\"l-section wpb_row height_huge with_shape\"><div class=\"l-section-shape type_zigzag pos_bottom\" style=\"height:3vmin;\"><svg xmlns=\"http:\/\/www.w3.org\/2000\/svg\" viewBox=\"0 0 64 8\" preserveAspectRatio=\"none\" width=\"100%\" height=\"100%\">\r\n\t<path fill=\"currentColor\" d=\"M64 8 L0 8 L0 0 L20 7.9 L40 3 L48 5 L64 0 Z\"\/>\r\n<\/svg><\/div><div class=\"l-section-h i-cf\"><div class=\"g-cols vc_row via_flex valign_top type_default stacking_default\"><div class=\"vc_col-sm-1\/5 wpb_column vc_column_container\"><div class=\"vc_column-inner\"><div class=\"wpb_wrapper\"><\/div><\/div><\/div><div class=\"vc_col-sm-3\/5 wpb_column vc_column_container\"><div class=\"vc_column-inner\"><div class=\"wpb_wrapper\"><div class=\"wpb_text_column\"><div class=\"wpb_wrapper\"><h2 id=\"faq\" style=\"text-align: center;\">H\u00e4ufige Fragen zu Jerez Fusi\u00f3n 2026<\/h2>\n<\/div><\/div><div class=\"w-separator size_medium\"><\/div><div class=\"w-tabs accordion toggle_style_1 has_scrolling\" style=\"--sections-title-size:inherit;--sections-gap:0.5rem;\"><div class=\"w-tabs-sections titles-align_none icon_chevron cpos_right\"><div class=\"w-tabs-section\" id=\"n38c\"><button type=\"button\" class=\"w-tabs-section-header\" aria-controls=\"content-n38c\" aria-expanded=\"false\"><div class=\"w-tabs-section-title\">Wann findet Jerez Fusi\u00f3n 2026 statt?<\/div><div class=\"w-tabs-section-control\"><\/div><\/button><div  class=\"w-tabs-section-content\" id=\"content-n38c\"><div class=\"w-tabs-section-content-h i-cf\"><div class=\"wpb_text_column\"><div class=\"wpb_wrapper\"><p>Jerez Fusi\u00f3n 2026 findet von Donnerstag, 10., bis Sonntag, 13. September 2026 in Jerez de la Frontera statt.<\/p>\n<\/div><\/div><\/div><\/div><\/div><div class=\"w-tabs-section\" id=\"d4d2\"><button type=\"button\" class=\"w-tabs-section-header\" aria-controls=\"content-d4d2\" aria-expanded=\"false\"><div class=\"w-tabs-section-title\">Ist dies die erste Ausgabe von Jerez Fusi\u00f3n?<\/div><div class=\"w-tabs-section-control\"><\/div><\/button><div  class=\"w-tabs-section-content\" id=\"content-d4d2\"><div class=\"w-tabs-section-content-h i-cf\"><div class=\"wpb_text_column\"><div class=\"wpb_wrapper\"><p>Ja. Die Veranstaltung 2026 ist die erste Ausgabe von Jerez Fusi\u00f3n, einem Projekt des Cl\u00faster Tur\u00edstico Destino Jerez mit kommunaler Unterst\u00fctzung und in Zusammenarbeit mit FEDEJEREZ.<\/p>\n<\/div><\/div><\/div><\/div><\/div><div class=\"w-tabs-section\" id=\"n5b8\"><button type=\"button\" class=\"w-tabs-section-header\" aria-controls=\"content-n5b8\" aria-expanded=\"false\"><div class=\"w-tabs-section-title\">Welche Musikrichtungen bietet das Festival?<\/div><div class=\"w-tabs-section-control\"><\/div><\/button><div  class=\"w-tabs-section-content\" id=\"content-n5b8\"><div class=\"w-tabs-section-content-h i-cf\"><div class=\"wpb_text_column\"><div class=\"wpb_wrapper\"><p>Flamenco ist der Ausgangspunkt, doch das Programm sucht Begegnungen mit Jazz, Blues, Rock, klassischer Musik, Weltmusik und zeitgen\u00f6ssischen Projekten.<\/p>\n<\/div><\/div><\/div><\/div><\/div><div class=\"w-tabs-section\" id=\"j690\"><button type=\"button\" class=\"w-tabs-section-header\" aria-controls=\"content-j690\" aria-expanded=\"false\"><div class=\"w-tabs-section-title\">Welche K\u00fcnstler sind bei Jerez Fusi\u00f3n 2026 besonders hervorzuheben?<\/div><div class=\"w-tabs-section-control\"><\/div><\/button><div  class=\"w-tabs-section-content\" id=\"content-j690\"><div class=\"w-tabs-section-content-h i-cf\"><div class=\"wpb_text_column\"><div class=\"wpb_wrapper\"><p>Angek\u00fcndigt sind unter anderem Raimundo Amador, Tomasito, Diego Carrasco, Curro Carrasco, Luis de Perik\u00edn, Jos\u00e9 de los Camarones, Chico P\u00e9rez, Juan Diego Mateos, Sole\u00e1 Gatica, Borondo, Trilog und weitere Projekte.<\/p>\n<\/div><\/div><\/div><\/div><\/div><div class=\"w-tabs-section\" id=\"b76e\"><button type=\"button\" class=\"w-tabs-section-header\" aria-controls=\"content-b76e\" aria-expanded=\"false\"><div class=\"w-tabs-section-title\">Wo findet das Hauptkonzert von Jerez Fusi\u00f3n statt?<\/div><div class=\"w-tabs-section-control\"><\/div><\/button><div  class=\"w-tabs-section-content\" id=\"content-b76e\"><div class=\"w-tabs-section-content-h i-cf\"><div class=\"wpb_text_column\"><div class=\"wpb_wrapper\"><p>Das gro\u00dfe Konzert am Samstag, dem 12., ist auf der Alameda Vieja angek\u00fcndigt. Es umfasst eine Hommage an Antonio de los R\u00edos \u201eEl Madriles\u201c und zum Abschluss Raimundo Amador mit De Pata Negra a Raimundo.<\/p>\n<\/div><\/div><\/div><\/div><\/div><div class=\"w-tabs-section\" id=\"t83d\"><button type=\"button\" class=\"w-tabs-section-header\" aria-controls=\"content-t83d\" aria-expanded=\"false\"><div class=\"w-tabs-section-title\">Ist Jerez Fusi\u00f3n 2026 kostenlos?<\/div><div class=\"w-tabs-section-control\"><\/div><\/button><div  class=\"w-tabs-section-content\" id=\"content-t83d\"><div class=\"w-tabs-section-content-h i-cf\"><div class=\"wpb_text_column\"><div class=\"wpb_wrapper\"><p>Ein gro\u00dfer Teil des angek\u00fcndigten \u00f6ffentlichen Programms ist kostenlos. Einige Branchenaktivit\u00e4ten verlangen jedoch Anmeldung und Akkreditierung. Pr\u00fcfen Sie die jeweiligen Bedingungen auf der offiziellen Website.<\/p>\n<\/div><\/div><\/div><\/div><\/div><div class=\"w-tabs-section\" id=\"x8ff\"><button type=\"button\" class=\"w-tabs-section-header\" aria-controls=\"content-x8ff\" aria-expanded=\"false\"><div class=\"w-tabs-section-title\">Gibt es Angebote f\u00fcr Fachleute aus Flamenco und Musik?<\/div><div class=\"w-tabs-section-control\"><\/div><\/button><div  class=\"w-tabs-section-content\" id=\"content-x8ff\"><div class=\"w-tabs-section-content-h i-cf\"><div class=\"wpb_text_column\"><div class=\"wpb_wrapper\"><p>Ja. Das Festival bietet Networking und Gesch\u00e4ftstreffen f\u00fcr K\u00fcnstler, Manager, Agenturen, Festivals, Programmverantwortliche, Veranstalter, Labels, Medien und Institutionen. Die wichtigsten Treffen sind f\u00fcr den 11. und 12. September angek\u00fcndigt.<\/p>\n<\/div><\/div><\/div><\/div><\/div><div class=\"w-tabs-section\" id=\"a9ba\"><button type=\"button\" class=\"w-tabs-section-header\" aria-controls=\"content-a9ba\" aria-expanded=\"false\"><div class=\"w-tabs-section-title\">Welche Verbindung hat das Festival zum Wein aus Jerez?<\/div><div class=\"w-tabs-section-control\"><\/div><\/button><div  class=\"w-tabs-section-content\" id=\"content-a9ba\"><div class=\"w-tabs-section-content-h i-cf\"><div class=\"wpb_text_column\"><div class=\"wpb_wrapper\"><p>Das Festivalkonzept verbindet Musik, Wein und Stadt. Wein und Brandy sind Teil der Projektidentit\u00e4t, und die Organisation arbeitet mit FEDEJEREZ zusammen.<\/p>\n<\/div><\/div><\/div><\/div><\/div><div class=\"w-tabs-section\" id=\"ba82\"><button type=\"button\" class=\"w-tabs-section-header\" aria-controls=\"content-ba82\" aria-expanded=\"false\"><div class=\"w-tabs-section-title\">Findet Jerez Fusi\u00f3n gleichzeitig mit den Weinlesefesten statt?<\/div><div class=\"w-tabs-section-control\"><\/div><\/button><div  class=\"w-tabs-section-content\" id=\"content-ba82\"><div class=\"w-tabs-section-content-h i-cf\"><div class=\"wpb_text_column\"><div class=\"wpb_wrapper\"><p>Ja. Die Weinlesefeste von Jerez 2026 dauern bis zum 13. September. Die vier Tage von Jerez Fusi\u00f3n fallen damit in ihre Schlussphase.<\/p>\n<\/div><\/div><\/div><\/div><\/div><div class=\"w-tabs-section\" id=\"yb7f\"><button type=\"button\" class=\"w-tabs-section-header\" aria-controls=\"content-yb7f\" aria-expanded=\"false\"><div class=\"w-tabs-section-title\">Wo kann ich kurzfristige \u00c4nderungen nachsehen?<\/div><div class=\"w-tabs-section-control\"><\/div><\/button><div  class=\"w-tabs-section-content\" id=\"content-yb7f\"><div class=\"w-tabs-section-content-h i-cf\"><div class=\"wpb_text_column\"><div class=\"wpb_wrapper\"><p>Die wichtigste Quelle ist die offizielle Website jerezfusion.com. Da das Festival an verschiedenen Orten stattfindet, empfiehlt es sich, dort vor der Anreise Uhrzeiten, Einlassbedingungen und \u00c4nderungen zu pr\u00fcfen.<\/p>\n<\/div><\/div><\/div><\/div><\/div><\/div><\/div><\/div><\/div><\/div><div class=\"vc_col-sm-1\/5 wpb_column vc_column_container\"><div class=\"vc_column-inner\"><div class=\"wpb_wrapper\"><\/div><\/div><\/div><\/div><\/div><\/section>\n","protected":false},"excerpt":{"rendered":"<p>Der komplette Guide zu Jerez Fusi\u00f3n 2026: Termine, Programm, K\u00fcnstler, Veranstaltungsorte, Konzerte, Branchentreffen, Wein, Tickets und praktische Tipps f\u00fcr Ihren Besuch.<\/p>\n","protected":false},"author":1,"featured_media":14719,"comment_status":"closed","ping_status":"closed","sticky":false,"template":"","format":"standard","meta":{"_acf_changed":false,"wpai_generated_summary":"","_ayudawp_aiss_exclude":false,"_ayudawp_aiss_exclude_summary":false,"_ayudawp_aiss_summary":"","_ayudawp_aiss_summary_provider":"","_ayudawp_aiss_summary_hash":"","footnotes":""},"categories":[1669],"tags":[1244,1247,2019,2022,1105,2020,2021],"class_list":["post-14775","post","type-post","status-publish","format-standard","has-post-thumbnail","hentry","category-flamenco-festivals","tag-agenda-flamenca","tag-festivales-flamencos","tag-flamenco-in-jerez-de","tag-flamenco-fusion-de","tag-jerez-de-la-frontera","tag-jerez-fusion-de","tag-jerez-fusion-2026-de"],"acf":[],"yoast_head":"<!-- This site is optimized with the Yoast SEO Premium plugin v28.4 (Yoast SEO v28.4) - https:\/\/yoast.com\/product\/yoast-seo-premium-wordpress\/ -->\n<title>Jerez Fusi\u00f3n 2026: Termine, Programm und K\u00fcnstler<\/title>\n<meta name=\"description\" content=\"Jerez Fusi\u00f3n 2026 vom 10. bis 13. September: Programm, K\u00fcnstler, Veranstaltungsorte, Konzerte, Wein und praktische Tipps f\u00fcr Ihren Festivalbesuch.\" \/>\n<meta name=\"robots\" content=\"index, follow, max-snippet:-1, max-image-preview:large, max-video-preview:-1\" \/>\n<link rel=\"canonical\" href=\"https:\/\/www.tablaosflamencos.com\/de\/jerez-fusion-2026-termine-programm.html\" \/>\n<meta property=\"og:locale\" content=\"de_DE\" \/>\n<meta property=\"og:type\" content=\"article\" \/>\n<meta property=\"og:title\" content=\"Jerez Fusi\u00f3n 2026: Termine, Programm und alles Wissenswerte\" \/>\n<meta property=\"og:description\" content=\"Jerez Fusi\u00f3n 2026 vom 10. bis 13. September: Programm, K\u00fcnstler, Veranstaltungsorte, Konzerte, Wein und praktische Tipps f\u00fcr Ihren Festivalbesuch.\" \/>\n<meta property=\"og:url\" content=\"https:\/\/www.tablaosflamencos.com\/de\/jerez-fusion-2026-termine-programm.html\" \/>\n<meta property=\"og:site_name\" content=\"Tablaos Flamencos\" \/>\n<meta property=\"article:publisher\" content=\"https:\/\/www.facebook.com\/tablaosflamencos\" \/>\n<meta property=\"article:published_time\" content=\"2026-09-05T10:42:59+00:00\" \/>\n<meta property=\"article:modified_time\" content=\"2026-09-05T12:03:24+00:00\" \/>\n<meta property=\"og:image\" content=\"https:\/\/www.tablaosflamencos.com\/wp-content\/uploads\/jerez-fusion-2026-fechas-programacion-y-todo-lo-que-debes-saber-01.webp\" \/>\n\t<meta property=\"og:image:width\" content=\"1491\" \/>\n\t<meta property=\"og:image:height\" content=\"1055\" \/>\n\t<meta property=\"og:image:type\" content=\"image\/webp\" \/>\n<meta name=\"author\" content=\"Miguel Ortiz\" \/>\n<meta name=\"twitter:card\" content=\"summary_large_image\" \/>\n<meta name=\"twitter:creator\" content=\"@tablaosflamenco\" \/>\n<meta name=\"twitter:site\" content=\"@tablaosflamenco\" \/>\n<meta name=\"twitter:label1\" content=\"Verfasst von\" \/>\n\t<meta name=\"twitter:data1\" content=\"Miguel Ortiz\" \/>\n\t<meta name=\"twitter:label2\" content=\"Gesch\u00e4tzte Lesezeit\" \/>\n\t<meta name=\"twitter:data2\" content=\"14\u00a0Minuten\" \/>\n<script type=\"application\/ld+json\" class=\"yoast-schema-graph\">{\"@context\":\"https:\\\/\\\/schema.org\",\"@graph\":[{\"@type\":\"Article\",\"@id\":\"https:\\\/\\\/www.tablaosflamencos.com\\\/de\\\/jerez-fusion-2026-termine-programm.html#article\",\"isPartOf\":{\"@id\":\"https:\\\/\\\/www.tablaosflamencos.com\\\/de\\\/jerez-fusion-2026-termine-programm.html\"},\"author\":{\"name\":\"Miguel Ortiz\",\"@id\":\"https:\\\/\\\/www.tablaosflamencos.com\\\/de#\\\/schema\\\/person\\\/e7a9ebe14eb75a52ceabfbffb3c54f5d\"},\"headline\":\"Jerez Fusi\u00f3n 2026: Termine, Programm und alles Wissenswerte\",\"datePublished\":\"2026-09-05T10:42:59+00:00\",\"dateModified\":\"2026-09-05T12:03:24+00:00\",\"mainEntityOfPage\":{\"@id\":\"https:\\\/\\\/www.tablaosflamencos.com\\\/de\\\/jerez-fusion-2026-termine-programm.html\"},\"wordCount\":2842,\"publisher\":{\"@id\":\"https:\\\/\\\/www.tablaosflamencos.com\\\/de#organization\"},\"image\":{\"@id\":\"https:\\\/\\\/www.tablaosflamencos.com\\\/de\\\/jerez-fusion-2026-termine-programm.html#primaryimage\"},\"thumbnailUrl\":\"https:\\\/\\\/www.tablaosflamencos.com\\\/wp-content\\\/uploads\\\/jerez-fusion-2026-fechas-programacion-y-todo-lo-que-debes-saber-01.webp\",\"keywords\":[\"agenda flamenca\",\"festivales flamencos\",\"Flamenco in Jerez\",\"Flamenco-Fusion\",\"Jerez de la Frontera\",\"Jerez Fusi\u00f3n\",\"Jerez Fusi\u00f3n 2026\"],\"articleSection\":[\"Flamenco-Festivals\"],\"inLanguage\":\"de\"},{\"@type\":\"WebPage\",\"@id\":\"https:\\\/\\\/www.tablaosflamencos.com\\\/de\\\/jerez-fusion-2026-termine-programm.html\",\"url\":\"https:\\\/\\\/www.tablaosflamencos.com\\\/de\\\/jerez-fusion-2026-termine-programm.html\",\"name\":\"Jerez Fusi\u00f3n 2026: Termine, Programm und K\u00fcnstler\",\"isPartOf\":{\"@id\":\"https:\\\/\\\/www.tablaosflamencos.com\\\/de#website\"},\"primaryImageOfPage\":{\"@id\":\"https:\\\/\\\/www.tablaosflamencos.com\\\/de\\\/jerez-fusion-2026-termine-programm.html#primaryimage\"},\"image\":{\"@id\":\"https:\\\/\\\/www.tablaosflamencos.com\\\/de\\\/jerez-fusion-2026-termine-programm.html#primaryimage\"},\"thumbnailUrl\":\"https:\\\/\\\/www.tablaosflamencos.com\\\/wp-content\\\/uploads\\\/jerez-fusion-2026-fechas-programacion-y-todo-lo-que-debes-saber-01.webp\",\"datePublished\":\"2026-09-05T10:42:59+00:00\",\"dateModified\":\"2026-09-05T12:03:24+00:00\",\"description\":\"Jerez Fusi\u00f3n 2026 vom 10. bis 13. September: Programm, K\u00fcnstler, Veranstaltungsorte, Konzerte, Wein und praktische Tipps f\u00fcr Ihren Festivalbesuch.\",\"breadcrumb\":{\"@id\":\"https:\\\/\\\/www.tablaosflamencos.com\\\/de\\\/jerez-fusion-2026-termine-programm.html#breadcrumb\"},\"inLanguage\":\"de\",\"potentialAction\":[{\"@type\":\"ReadAction\",\"target\":[\"https:\\\/\\\/www.tablaosflamencos.com\\\/de\\\/jerez-fusion-2026-termine-programm.html\"]}]},{\"@type\":\"ImageObject\",\"inLanguage\":\"de\",\"@id\":\"https:\\\/\\\/www.tablaosflamencos.com\\\/de\\\/jerez-fusion-2026-termine-programm.html#primaryimage\",\"url\":\"https:\\\/\\\/www.tablaosflamencos.com\\\/wp-content\\\/uploads\\\/jerez-fusion-2026-fechas-programacion-y-todo-lo-que-debes-saber-01.webp\",\"contentUrl\":\"https:\\\/\\\/www.tablaosflamencos.com\\\/wp-content\\\/uploads\\\/jerez-fusion-2026-fechas-programacion-y-todo-lo-que-debes-saber-01.webp\",\"width\":1491,\"height\":1055,\"caption\":\"Jerez Fusi\u00f3n 2026: fechas, programaci\u00f3n y todo lo que debes saber\"},{\"@type\":\"BreadcrumbList\",\"@id\":\"https:\\\/\\\/www.tablaosflamencos.com\\\/de\\\/jerez-fusion-2026-termine-programm.html#breadcrumb\",\"itemListElement\":[{\"@type\":\"ListItem\",\"position\":1,\"name\":\"Home\",\"item\":\"https:\\\/\\\/www.tablaosflamencos.com\\\/de\"},{\"@type\":\"ListItem\",\"position\":2,\"name\":\"Jerez Fusi\u00f3n 2026: Termine, Programm und alles Wissenswerte\"}]},{\"@type\":\"WebSite\",\"@id\":\"https:\\\/\\\/www.tablaosflamencos.com\\\/de#website\",\"url\":\"https:\\\/\\\/www.tablaosflamencos.com\\\/de\",\"name\":\"Tablaos Flamencos\",\"description\":\"Entradas para tablaos flamencos de Espa\u00f1a\",\"publisher\":{\"@id\":\"https:\\\/\\\/www.tablaosflamencos.com\\\/de#organization\"},\"alternateName\":\"Tablaos Flamencos\",\"potentialAction\":[{\"@type\":\"SearchAction\",\"target\":{\"@type\":\"EntryPoint\",\"urlTemplate\":\"https:\\\/\\\/www.tablaosflamencos.com\\\/de?s={search_term_string}\"},\"query-input\":{\"@type\":\"PropertyValueSpecification\",\"valueRequired\":true,\"valueName\":\"search_term_string\"}}],\"inLanguage\":\"de\"},{\"@type\":[\"Organization\",\"Place\",\"EntertainmentBusiness\"],\"@id\":\"https:\\\/\\\/www.tablaosflamencos.com\\\/de#organization\",\"name\":\"Tablaos Flamencos\",\"alternateName\":\"Tablaos Flamencos\",\"url\":\"https:\\\/\\\/www.tablaosflamencos.com\\\/de\",\"logo\":{\"@id\":\"https:\\\/\\\/www.tablaosflamencos.com\\\/de\\\/jerez-fusion-2026-termine-programm.html#local-main-organization-logo\"},\"image\":{\"@id\":\"https:\\\/\\\/www.tablaosflamencos.com\\\/de\\\/jerez-fusion-2026-termine-programm.html#local-main-organization-logo\"},\"sameAs\":[\"https:\\\/\\\/www.facebook.com\\\/tablaosflamencos\",\"https:\\\/\\\/x.com\\\/tablaosflamenco\",\"https:\\\/\\\/mastodon.social\\\/@tablaosflamencos\",\"https:\\\/\\\/www.instagram.com\\\/tablaosflamencos\",\"https:\\\/\\\/tiktok.com\\\/@tablaosflamencos\",\"https:\\\/\\\/www.linkedin.com\\\/company\\\/109408238\\\/\"],\"description\":\"Venta de entradas para espect\u00e1culos flamencos\",\"legalName\":\"Tablaos Flamencos\",\"foundingDate\":\"2015-01-01\",\"numberOfEmployees\":{\"@type\":\"QuantitativeValue\",\"minValue\":\"1\",\"maxValue\":\"10\"},\"address\":{\"@id\":\"https:\\\/\\\/www.tablaosflamencos.com\\\/de\\\/jerez-fusion-2026-termine-programm.html#local-main-place-address\"},\"geo\":{\"@type\":\"GeoCoordinates\",\"latitude\":\"37.3868072\",\"longitude\":\"-5.993280299999999\"},\"telephone\":[\"+34623787787\"],\"contactPoint\":{\"@type\":\"ContactPoint\",\"telephone\":\"+34623787787\",\"email\":\"info@tablaosflamencos.com\"},\"openingHoursSpecification\":{\"@type\":\"OpeningHoursSpecification\",\"dayOfWeek\":[\"Monday\",\"Tuesday\",\"Wednesday\",\"Thursday\",\"Friday\",\"Saturday\",\"Sunday\"],\"opens\":\"00:00\",\"closes\":\"23:59\"},\"email\":\"info@tablaosflamencos.com\",\"priceRange\":\"$$$\",\"currenciesAccepted\":\"\u20ac\"},{\"@type\":\"Person\",\"@id\":\"https:\\\/\\\/www.tablaosflamencos.com\\\/de#\\\/schema\\\/person\\\/e7a9ebe14eb75a52ceabfbffb3c54f5d\",\"name\":\"Miguel Ortiz\",\"description\":\"Miguel Ortiz es un empresario flamenco, con una s\u00f3lida trayectoria dentro del sector. Ha presidido entidades culturales vinculadas al flamenco y, cuenta con un amplio recorrido profesional en la gesti\u00f3n y promoci\u00f3n de espect\u00e1culos y tablaos flamencos. Su pasi\u00f3n por la historia y el arte flamenco se refleja en cada art\u00edculo, donde combina experiencia, criterio y un profundo respeto por la tradici\u00f3n.\",\"sameAs\":[\"https:\\\/\\\/www.tablaosflamencos.com\",\"https:\\\/\\\/www.instagra.com\\\/miguelortizfe\",\"https:\\\/\\\/www.linkedin.com\\\/in\\\/miguelortizf\\\/\"],\"birthDate\":\"1984-11-22\",\"gender\":\"hombre\",\"knowsLanguage\":[\"espa\u00f1ol\",\"ingl\u00e9s\"],\"jobTitle\":\"Empresario flamenco\"},{\"@type\":\"PostalAddress\",\"@id\":\"https:\\\/\\\/www.tablaosflamencos.com\\\/de\\\/jerez-fusion-2026-termine-programm.html#local-main-place-address\",\"streetAddress\":\"C\\\/ Alemanes, 19\",\"addressLocality\":\"Sevilla\",\"postalCode\":\"41004\",\"addressRegion\":\"Sevilla\",\"addressCountry\":\"ES\"},{\"@type\":\"ImageObject\",\"inLanguage\":\"de\",\"@id\":\"https:\\\/\\\/www.tablaosflamencos.com\\\/de\\\/jerez-fusion-2026-termine-programm.html#local-main-organization-logo\",\"url\":\"https:\\\/\\\/www.tablaosflamencos.com\\\/wp-content\\\/uploads\\\/tablaos-flamencos-06-3.webp\",\"contentUrl\":\"https:\\\/\\\/www.tablaosflamencos.com\\\/wp-content\\\/uploads\\\/tablaos-flamencos-06-3.webp\",\"width\":600,\"height\":620,\"caption\":\"Tablaos Flamencos\"}]}<\/script>\n<meta name=\"geo.placename\" content=\"Sevilla\" \/>\n<meta name=\"geo.position\" content=\"37.3868072;-5.993280299999999\" \/>\n<meta name=\"geo.region\" content=\"Spanien\" \/>\n<!-- \/ Yoast SEO Premium plugin. -->","yoast_head_json":{"title":"Jerez Fusi\u00f3n 2026: Termine, Programm und K\u00fcnstler","description":"Jerez Fusi\u00f3n 2026 vom 10. bis 13. September: Programm, K\u00fcnstler, Veranstaltungsorte, Konzerte, Wein und praktische Tipps f\u00fcr Ihren Festivalbesuch.","robots":{"index":"index","follow":"follow","max-snippet":"max-snippet:-1","max-image-preview":"max-image-preview:large","max-video-preview":"max-video-preview:-1"},"canonical":"https:\/\/www.tablaosflamencos.com\/de\/jerez-fusion-2026-termine-programm.html","og_locale":"de_DE","og_type":"article","og_title":"Jerez Fusi\u00f3n 2026: Termine, Programm und alles Wissenswerte","og_description":"Jerez Fusi\u00f3n 2026 vom 10. bis 13. September: Programm, K\u00fcnstler, Veranstaltungsorte, Konzerte, Wein und praktische Tipps f\u00fcr Ihren Festivalbesuch.","og_url":"https:\/\/www.tablaosflamencos.com\/de\/jerez-fusion-2026-termine-programm.html","og_site_name":"Tablaos Flamencos","article_publisher":"https:\/\/www.facebook.com\/tablaosflamencos","article_published_time":"2026-09-05T10:42:59+00:00","article_modified_time":"2026-09-05T12:03:24+00:00","og_image":[{"width":1491,"height":1055,"url":"https:\/\/www.tablaosflamencos.com\/wp-content\/uploads\/jerez-fusion-2026-fechas-programacion-y-todo-lo-que-debes-saber-01.webp","type":"image\/webp"}],"author":"Miguel Ortiz","twitter_card":"summary_large_image","twitter_creator":"@tablaosflamenco","twitter_site":"@tablaosflamenco","twitter_misc":{"Verfasst von":"Miguel Ortiz","Gesch\u00e4tzte Lesezeit":"14\u00a0Minuten"},"schema":{"@context":"https:\/\/schema.org","@graph":[{"@type":"Article","@id":"https:\/\/www.tablaosflamencos.com\/de\/jerez-fusion-2026-termine-programm.html#article","isPartOf":{"@id":"https:\/\/www.tablaosflamencos.com\/de\/jerez-fusion-2026-termine-programm.html"},"author":{"name":"Miguel Ortiz","@id":"https:\/\/www.tablaosflamencos.com\/de#\/schema\/person\/e7a9ebe14eb75a52ceabfbffb3c54f5d"},"headline":"Jerez Fusi\u00f3n 2026: Termine, Programm und alles Wissenswerte","datePublished":"2026-09-05T10:42:59+00:00","dateModified":"2026-09-05T12:03:24+00:00","mainEntityOfPage":{"@id":"https:\/\/www.tablaosflamencos.com\/de\/jerez-fusion-2026-termine-programm.html"},"wordCount":2842,"publisher":{"@id":"https:\/\/www.tablaosflamencos.com\/de#organization"},"image":{"@id":"https:\/\/www.tablaosflamencos.com\/de\/jerez-fusion-2026-termine-programm.html#primaryimage"},"thumbnailUrl":"https:\/\/www.tablaosflamencos.com\/wp-content\/uploads\/jerez-fusion-2026-fechas-programacion-y-todo-lo-que-debes-saber-01.webp","keywords":["agenda flamenca","festivales flamencos","Flamenco in Jerez","Flamenco-Fusion","Jerez de la Frontera","Jerez Fusi\u00f3n","Jerez Fusi\u00f3n 2026"],"articleSection":["Flamenco-Festivals"],"inLanguage":"de"},{"@type":"WebPage","@id":"https:\/\/www.tablaosflamencos.com\/de\/jerez-fusion-2026-termine-programm.html","url":"https:\/\/www.tablaosflamencos.com\/de\/jerez-fusion-2026-termine-programm.html","name":"Jerez Fusi\u00f3n 2026: Termine, Programm und K\u00fcnstler","isPartOf":{"@id":"https:\/\/www.tablaosflamencos.com\/de#website"},"primaryImageOfPage":{"@id":"https:\/\/www.tablaosflamencos.com\/de\/jerez-fusion-2026-termine-programm.html#primaryimage"},"image":{"@id":"https:\/\/www.tablaosflamencos.com\/de\/jerez-fusion-2026-termine-programm.html#primaryimage"},"thumbnailUrl":"https:\/\/www.tablaosflamencos.com\/wp-content\/uploads\/jerez-fusion-2026-fechas-programacion-y-todo-lo-que-debes-saber-01.webp","datePublished":"2026-09-05T10:42:59+00:00","dateModified":"2026-09-05T12:03:24+00:00","description":"Jerez Fusi\u00f3n 2026 vom 10. bis 13. September: Programm, K\u00fcnstler, Veranstaltungsorte, Konzerte, Wein und praktische Tipps f\u00fcr Ihren Festivalbesuch.","breadcrumb":{"@id":"https:\/\/www.tablaosflamencos.com\/de\/jerez-fusion-2026-termine-programm.html#breadcrumb"},"inLanguage":"de","potentialAction":[{"@type":"ReadAction","target":["https:\/\/www.tablaosflamencos.com\/de\/jerez-fusion-2026-termine-programm.html"]}]},{"@type":"ImageObject","inLanguage":"de","@id":"https:\/\/www.tablaosflamencos.com\/de\/jerez-fusion-2026-termine-programm.html#primaryimage","url":"https:\/\/www.tablaosflamencos.com\/wp-content\/uploads\/jerez-fusion-2026-fechas-programacion-y-todo-lo-que-debes-saber-01.webp","contentUrl":"https:\/\/www.tablaosflamencos.com\/wp-content\/uploads\/jerez-fusion-2026-fechas-programacion-y-todo-lo-que-debes-saber-01.webp","width":1491,"height":1055,"caption":"Jerez Fusi\u00f3n 2026: fechas, programaci\u00f3n y todo lo que debes saber"},{"@type":"BreadcrumbList","@id":"https:\/\/www.tablaosflamencos.com\/de\/jerez-fusion-2026-termine-programm.html#breadcrumb","itemListElement":[{"@type":"ListItem","position":1,"name":"Home","item":"https:\/\/www.tablaosflamencos.com\/de"},{"@type":"ListItem","position":2,"name":"Jerez Fusi\u00f3n 2026: Termine, Programm und alles Wissenswerte"}]},{"@type":"WebSite","@id":"https:\/\/www.tablaosflamencos.com\/de#website","url":"https:\/\/www.tablaosflamencos.com\/de","name":"Tablaos Flamencos","description":"Entradas para tablaos flamencos de Espa\u00f1a","publisher":{"@id":"https:\/\/www.tablaosflamencos.com\/de#organization"},"alternateName":"Tablaos Flamencos","potentialAction":[{"@type":"SearchAction","target":{"@type":"EntryPoint","urlTemplate":"https:\/\/www.tablaosflamencos.com\/de?s={search_term_string}"},"query-input":{"@type":"PropertyValueSpecification","valueRequired":true,"valueName":"search_term_string"}}],"inLanguage":"de"},{"@type":["Organization","Place","EntertainmentBusiness"],"@id":"https:\/\/www.tablaosflamencos.com\/de#organization","name":"Tablaos Flamencos","alternateName":"Tablaos Flamencos","url":"https:\/\/www.tablaosflamencos.com\/de","logo":{"@id":"https:\/\/www.tablaosflamencos.com\/de\/jerez-fusion-2026-termine-programm.html#local-main-organization-logo"},"image":{"@id":"https:\/\/www.tablaosflamencos.com\/de\/jerez-fusion-2026-termine-programm.html#local-main-organization-logo"},"sameAs":["https:\/\/www.facebook.com\/tablaosflamencos","https:\/\/x.com\/tablaosflamenco","https:\/\/mastodon.social\/@tablaosflamencos","https:\/\/www.instagram.com\/tablaosflamencos","https:\/\/tiktok.com\/@tablaosflamencos","https:\/\/www.linkedin.com\/company\/109408238\/"],"description":"Venta de entradas para espect\u00e1culos flamencos","legalName":"Tablaos Flamencos","foundingDate":"2015-01-01","numberOfEmployees":{"@type":"QuantitativeValue","minValue":"1","maxValue":"10"},"address":{"@id":"https:\/\/www.tablaosflamencos.com\/de\/jerez-fusion-2026-termine-programm.html#local-main-place-address"},"geo":{"@type":"GeoCoordinates","latitude":"37.3868072","longitude":"-5.993280299999999"},"telephone":["+34623787787"],"contactPoint":{"@type":"ContactPoint","telephone":"+34623787787","email":"info@tablaosflamencos.com"},"openingHoursSpecification":{"@type":"OpeningHoursSpecification","dayOfWeek":["Monday","Tuesday","Wednesday","Thursday","Friday","Saturday","Sunday"],"opens":"00:00","closes":"23:59"},"email":"info@tablaosflamencos.com","priceRange":"$$$","currenciesAccepted":"\u20ac"},{"@type":"Person","@id":"https:\/\/www.tablaosflamencos.com\/de#\/schema\/person\/e7a9ebe14eb75a52ceabfbffb3c54f5d","name":"Miguel Ortiz","description":"Miguel Ortiz es un empresario flamenco, con una s\u00f3lida trayectoria dentro del sector. Ha presidido entidades culturales vinculadas al flamenco y, cuenta con un amplio recorrido profesional en la gesti\u00f3n y promoci\u00f3n de espect\u00e1culos y tablaos flamencos. Su pasi\u00f3n por la historia y el arte flamenco se refleja en cada art\u00edculo, donde combina experiencia, criterio y un profundo respeto por la tradici\u00f3n.","sameAs":["https:\/\/www.tablaosflamencos.com","https:\/\/www.instagra.com\/miguelortizfe","https:\/\/www.linkedin.com\/in\/miguelortizf\/"],"birthDate":"1984-11-22","gender":"hombre","knowsLanguage":["espa\u00f1ol","ingl\u00e9s"],"jobTitle":"Empresario flamenco"},{"@type":"PostalAddress","@id":"https:\/\/www.tablaosflamencos.com\/de\/jerez-fusion-2026-termine-programm.html#local-main-place-address","streetAddress":"C\/ Alemanes, 19","addressLocality":"Sevilla","postalCode":"41004","addressRegion":"Sevilla","addressCountry":"ES"},{"@type":"ImageObject","inLanguage":"de","@id":"https:\/\/www.tablaosflamencos.com\/de\/jerez-fusion-2026-termine-programm.html#local-main-organization-logo","url":"https:\/\/www.tablaosflamencos.com\/wp-content\/uploads\/tablaos-flamencos-06-3.webp","contentUrl":"https:\/\/www.tablaosflamencos.com\/wp-content\/uploads\/tablaos-flamencos-06-3.webp","width":600,"height":620,"caption":"Tablaos Flamencos"}]},"geo.placename":"Sevilla","geo.position":{"lat":"37.3868072","long":"-5.993280299999999"},"geo.region":"Spanien"},"_links":{"self":[{"href":"https:\/\/www.tablaosflamencos.com\/de\/wp-json\/wp\/v2\/posts\/14775","targetHints":{"allow":["GET"]}}],"collection":[{"href":"https:\/\/www.tablaosflamencos.com\/de\/wp-json\/wp\/v2\/posts"}],"about":[{"href":"https:\/\/www.tablaosflamencos.com\/de\/wp-json\/wp\/v2\/types\/post"}],"author":[{"embeddable":true,"href":"https:\/\/www.tablaosflamencos.com\/de\/wp-json\/wp\/v2\/users\/1"}],"replies":[{"embeddable":true,"href":"https:\/\/www.tablaosflamencos.com\/de\/wp-json\/wp\/v2\/comments?post=14775"}],"version-history":[{"count":2,"href":"https:\/\/www.tablaosflamencos.com\/de\/wp-json\/wp\/v2\/posts\/14775\/revisions"}],"predecessor-version":[{"id":14779,"href":"https:\/\/www.tablaosflamencos.com\/de\/wp-json\/wp\/v2\/posts\/14775\/revisions\/14779"}],"wp:featuredmedia":[{"embeddable":true,"href":"https:\/\/www.tablaosflamencos.com\/de\/wp-json\/wp\/v2\/media\/14719"}],"wp:attachment":[{"href":"https:\/\/www.tablaosflamencos.com\/de\/wp-json\/wp\/v2\/media?parent=14775"}],"wp:term":[{"taxonomy":"category","embeddable":true,"href":"https:\/\/www.tablaosflamencos.com\/de\/wp-json\/wp\/v2\/categories?post=14775"},{"taxonomy":"post_tag","embeddable":true,"href":"https:\/\/www.tablaosflamencos.com\/de\/wp-json\/wp\/v2\/tags?post=14775"}],"curies":[{"name":"wp","href":"https:\/\/api.w.org\/{rel}","templated":true}]}}