{"id":14768,"date":"2026-09-05T13:50:39","date_gmt":"2026-09-05T11:50:39","guid":{"rendered":"https:\/\/www.tablaosflamencos.com\/?p=14768"},"modified":"2026-09-05T14:11:33","modified_gmt":"2026-09-05T12:11:33","slug":"macarena-flamenca-2026-programm-tickets","status":"publish","type":"post","link":"https:\/\/www.tablaosflamencos.com\/de\/macarena-flamenca-2026-programm-tickets.html","title":{"rendered":"Macarena Flamenca 2026: Programm, Tickets und alles, was Sie wissen m\u00fcssen"},"content":{"rendered":"<section class=\"l-section wpb_row height_huge\"><div class=\"l-section-h i-cf\"><div class=\"g-cols vc_row via_flex valign_top type_default stacking_default\"><div class=\"vc_col-sm-6 wpb_column vc_column_container\"><div class=\"vc_column-inner\"><div class=\"wpb_wrapper\"><div class=\"wpb_text_column\"><div class=\"wpb_wrapper\"><h2>Der Flamenco kehrt auf die Stra\u00dfen der Macarena zur\u00fcck<\/h2>\n<p>Das <strong>II Festival Macarena Flamenca 2026<\/strong> findet am Samstag, dem 5. September, auf der Plaza Virgen del Pilar im Sevillaner Viertel La Barzola statt. Die Veranstaltung verwandelt einen Platz im Stadtbezirk Macarena in eine Flamenco-B\u00fchne und widmet ihre zweite Ausgabe <strong>Jos\u00e9 de la Tomasa<\/strong>, einer der bedeutendsten Stimmen des Sevillaner Flamenco-Gesangs.<\/p>\n<p>Das Programm vereint Gesang, Gitarre und Tanz mit K\u00fcnstlern verschiedener Generationen: Potito, Antonio Reyes, Remedios Reyes, Manuel de la Tomasa und Manuela Amador Carrasco, begleitet von ihren jeweiligen Ensembles. Der Eintritt ist frei und es muss kein Ticket gekauft werden; der Zugang h\u00e4ngt jedoch von der verf\u00fcgbaren Kapazit\u00e4t ab.<\/p>\n<\/div><\/div><\/div><\/div><\/div><div class=\"vc_col-sm-6 wpb_column vc_column_container\"><div class=\"vc_column-inner\"><div class=\"wpb_wrapper\"><div class=\"wpb_text_column\"><div class=\"wpb_wrapper\"><h2>Die wichtigsten Informationen<\/h2>\n<ul>\n<li><strong>Datum:<\/strong> Samstag, 5. September 2026.<\/li>\n<li><strong>Ort:<\/strong> Plaza Virgen del Pilar, La Barzola, Sevilla.<\/li>\n<li><strong>Aktuellste Startzeit:<\/strong> 21:30 Uhr.<\/li>\n<li><strong>Empfohlene Ankunft:<\/strong> vor 21:00 Uhr.<\/li>\n<li><strong>Tickets:<\/strong> freier und kostenloser Eintritt.<\/li>\n<li><strong>Geehrt wird:<\/strong> Jos\u00e9 de la Tomasa.<\/li>\n<li><strong>Veranstalter:<\/strong> Stadtbezirk Macarena der Stadt Sevilla.<\/li>\n<li><strong>Kontext:<\/strong> Veranstaltungen im Vorfeld der XXIV. Flamenco-Biennale.<\/li>\n<\/ul>\n<\/div><\/div><\/div><\/div><\/div><\/div><\/div><\/section><section class=\"l-section wpb_row height_huge color_alternate with_shape\"><div class=\"l-section-shape type_zigzag pos_top\" style=\"height:3vmin;\"><svg xmlns=\"http:\/\/www.w3.org\/2000\/svg\" viewBox=\"0 0 64 8\" preserveAspectRatio=\"none\" width=\"100%\" height=\"100%\">\r\n\t<path fill=\"currentColor\" d=\"M64 8 L0 8 L0 0 L20 7.9 L40 3 L48 5 L64 0 Z\"\/>\r\n<\/svg><\/div><div class=\"l-section-shape type_zigzag pos_bottom\" style=\"height:3vmin;\"><svg xmlns=\"http:\/\/www.w3.org\/2000\/svg\" viewBox=\"0 0 64 8\" preserveAspectRatio=\"none\" width=\"100%\" height=\"100%\">\r\n\t<path fill=\"currentColor\" d=\"M64 8 L0 8 L0 0 L20 7.9 L40 3 L48 5 L64 0 Z\"\/>\r\n<\/svg><\/div><div class=\"l-section-h i-cf\"><div class=\"g-cols vc_row via_flex valign_top type_default stacking_default\"><div class=\"vc_col-sm-12 wpb_column vc_column_container\"><div class=\"vc_column-inner\"><div class=\"wpb_wrapper\"><div class=\"wpb_text_column\"><div class=\"wpb_wrapper\"><blockquote>\n<p><strong>Kurzantwort:<\/strong> Macarena Flamenca 2026 findet am Samstag, dem 5. September, auf der Plaza Virgen del Pilar in La Barzola statt. Auftreten werden Potito, Antonio Reyes, Remedios Reyes, Manuel de la Tomasa und die T\u00e4nzerin Manuela Amador Carrasco, bei einer Ausgabe zu Ehren von Jos\u00e9 de la Tomasa. Der Eintritt ist kostenlos und eine Reservierung ist nicht erforderlich. Die aktuellsten Informationen der Stadt nennen 21:30 Uhr als Beginn, w\u00e4hrend ein anderer offizieller Eintrag weiterhin 21:00 Uhr angibt; am sichersten ist es, vor dieser Zeit anzukommen.<\/p>\n<\/blockquote>\n<\/div><\/div><\/div><\/div><\/div><\/div><\/div><\/section><section class=\"l-section wpb_row height_huge\"><div class=\"l-section-h i-cf\"><div class=\"g-cols vc_row via_flex valign_top type_default stacking_default\"><div class=\"vc_col-sm-3 wpb_column vc_column_container\"><div class=\"vc_column-inner\"><div class=\"wpb_wrapper\"><\/div><\/div><\/div><div class=\"vc_col-sm-6 wpb_column vc_column_container\"><div class=\"vc_column-inner\"><div class=\"wpb_wrapper\"><div class=\"wpb_text_column\"><div class=\"wpb_wrapper\"><h2>Inhalt dieses Leitfadens<\/h2>\n<ul>\n<li><a href=\"#programa\">Programm und K\u00fcnstler<\/a><\/li>\n<li><a href=\"#homenaje\">Hommage an Jos\u00e9 de la Tomasa<\/a><\/li>\n<li><a href=\"#entradas\">Tickets und Zugang<\/a><\/li>\n<li><a href=\"#horario\">Uhrzeit und offizielle Abweichung<\/a><\/li>\n<li><a href=\"#lugar\">Ort und Anreise<\/a><\/li>\n<li><a href=\"#bienal\">Verbindung zur Biennale<\/a><\/li>\n<li><a href=\"#consejos\">Praktische Tipps<\/a><\/li>\n<li><a href=\"#faq\">H\u00e4ufig gestellte Fragen<\/a><\/li>\n<\/ul>\n<\/div><\/div><\/div><\/div><\/div><div class=\"vc_col-sm-3 wpb_column vc_column_container\"><div class=\"vc_column-inner\"><div class=\"wpb_wrapper\"><\/div><\/div><\/div><\/div><\/div><\/section><section class=\"l-section wpb_row height_huge color_alternate with_shape\"><div class=\"l-section-shape type_zigzag pos_top\" style=\"height:3vmin;\"><svg xmlns=\"http:\/\/www.w3.org\/2000\/svg\" viewBox=\"0 0 64 8\" preserveAspectRatio=\"none\" width=\"100%\" height=\"100%\">\r\n\t<path fill=\"currentColor\" d=\"M64 8 L0 8 L0 0 L20 7.9 L40 3 L48 5 L64 0 Z\"\/>\r\n<\/svg><\/div><div class=\"l-section-shape type_zigzag pos_bottom\" style=\"height:3vmin;\"><svg xmlns=\"http:\/\/www.w3.org\/2000\/svg\" viewBox=\"0 0 64 8\" preserveAspectRatio=\"none\" width=\"100%\" height=\"100%\">\r\n\t<path fill=\"currentColor\" d=\"M64 8 L0 8 L0 0 L20 7.9 L40 3 L48 5 L64 0 Z\"\/>\r\n<\/svg><\/div><div class=\"l-section-h i-cf\"><div class=\"g-cols vc_row via_flex valign_top type_default stacking_default\"><div class=\"vc_col-sm-6 wpb_column vc_column_container\"><div class=\"vc_column-inner\"><div class=\"wpb_wrapper\"><div class=\"wpb_text_column\"><div class=\"wpb_wrapper\"><h2 id=\"programa\">Programm von Macarena Flamenca 2026<\/h2>\n<p>Das Programm vereint vier Namen des Flamenco-Gesangs und einen Tanzbeitrag. Eine individuelle zeitliche Reihenfolge wurde nicht ver\u00f6ffentlicht; daher ist die Veranstaltung als durchgehende Gala und nicht als mehrere Konzerte mit getrenntem Zugang zu verstehen.<\/p>\n<h3>Potito, mit Manuel Herrera<\/h3>\n<p>Antonio Vargas Cort\u00e9s, <strong>Potito<\/strong>, steht in direkter Verbindung mit dem sevillanischen Gitano-Flamenco-Gesang und blickt auf eine Laufbahn mit Recitals und Zusammenarbeiten mit gro\u00dfen Pers\u00f6nlichkeiten zur\u00fcck. An der Gitarre begleitet ihn <strong>Manuel Herrera<\/strong>.<\/p>\n<h3>Antonio Reyes, mit Nono Reyes<\/h3>\n<p><strong>Antonio Reyes<\/strong> geh\u00f6rt wegen seines Comp\u00e1s-Gef\u00fchls, seiner Intonation und einer Ausdrucksweise, die Tradition und Pers\u00f6nlichkeit verbindet, zu den angesehensten S\u00e4ngern seiner Generation. Begleitet wird er von <strong>Nono Reyes<\/strong>.<\/p>\n<\/div><\/div><\/div><\/div><\/div><div class=\"vc_col-sm-6 wpb_column vc_column_container\"><div class=\"vc_column-inner\"><div class=\"wpb_wrapper\"><div class=\"wpb_text_column\"><div class=\"wpb_wrapper\"><h3>Remedios Reyes, mit Julio Romero<\/h3>\n<p>Die S\u00e4ngerin aus Chiclana <strong>Remedios Reyes<\/strong> bringt eine Interpretation auf die B\u00fchne, die von Ausdruckskraft und umfassender Kenntnis der Cantes gepr\u00e4gt ist. An der Gitarre begleitet sie <strong>Julio Romero<\/strong>.<\/p>\n<h3>Manuel de la Tomasa, mit Nono Reyes<\/h3>\n<p>Die Anwesenheit von <strong>Manuel de la Tomasa<\/strong> hat an einem Abend, der seinem Gro\u00dfvater gewidmet ist, eine besondere Bedeutung. Er steht f\u00fcr die famili\u00e4re Kontinuit\u00e4t einer f\u00fcr den Sevillaner Flamenco-Gesang grundlegenden Dynastie. Auch er wird von Nono Reyes begleitet.<\/p>\n<h3>Manuela Amador Carrasco und ihr Ensemble<\/h3>\n<p>Der Tanz wird vertreten durch <strong>Manuela Amador Carrasco<\/strong>, begleitet von <strong>Luis Amador<\/strong> an der Gitarre sowie <strong>Emilio Molina<\/strong> und <strong>Manuel Ta\u00f1\u00e9<\/strong> am Gesang. Ihre Mitwirkung vervollst\u00e4ndigt ein Programm, das auf dem Zusammenspiel von Stimme, Gitarre, Tanz und Comp\u00e1s basiert.<\/p>\n<p>Die K\u00fcnstler und Begleitungen entsprechen dem ver\u00f6ffentlichten Programm. Wie bei jedem Open-Air-Festival k\u00f6nnen Reihenfolge und endg\u00fcltiger Ablauf noch angepasst werden.<\/p>\n<\/div><\/div><\/div><\/div><\/div><\/div><\/div><\/section><section class=\"l-section wpb_row height_huge\"><div class=\"l-section-h i-cf\"><div class=\"g-cols vc_row via_flex valign_top type_default stacking_default\"><div class=\"vc_col-sm-6 wpb_column vc_column_container\"><div class=\"vc_column-inner\"><div class=\"wpb_wrapper\"><div class=\"wpb_text_column\"><div class=\"wpb_wrapper\"><h2 id=\"homenaje\">Eine Ausgabe zu Ehren von Jos\u00e9 de la Tomasa<\/h2>\n<p>Der rote Faden von Macarena Flamenca 2026 ist die Hommage an <strong>Jos\u00e9 de la Tomasa<\/strong>, den die Stadt als eine zentrale Figur des Sevillaner Flamenco pr\u00e4sentiert. Er wurde in Sevilla geboren und wuchs dort auf und stammt aus einer eng mit dem Cante verbundenen Familie: Er ist Enkel von Pepe Torre und Sohn von Pies de Plomo und Tomasa Soto, doch seine k\u00fcnstlerische Pers\u00f6nlichkeit geht weit \u00fcber die Bedeutung seiner Abstammung hinaus.<\/p>\n<p>Sein Repertoire, seine Kenntnis der Stile und seine Arbeit in der Weitergabe der Tradition haben ihn zu einer Referenz f\u00fcr Aficionados und K\u00fcnstler gemacht. Zu seinen j\u00fcngsten Auszeichnungen geh\u00f6ren die 2023 verliehene Medaille der Stadt Sevilla und der 2024 erhaltene Giraldillo Internacional Ciudad de Sevilla.<\/p>\n<p>Die Anwesenheit von Manuel de la Tomasa verst\u00e4rkt die Idee der Kontinuit\u00e4t. Tradition erscheint als etwas, das erlernt, geteilt und weiterentwickelt wird, nicht als etwas Unbewegliches.<\/p>\n<\/div><\/div><\/div><\/div><\/div><div class=\"vc_col-sm-6 wpb_column vc_column_container\"><div class=\"vc_column-inner\"><div class=\"wpb_wrapper\"><div class=\"wpb_text_column\"><div class=\"wpb_wrapper\"><h2>Wird Jos\u00e9 de la Tomasa auftreten?<\/h2>\n<p>Die offiziellen Mitteilungen stellen den Maestro als Hauptfigur und Geehrten vor, nennen jedoch keinen vollst\u00e4ndigen Auftritt von ihm. Deshalb sollte ein eigener Auftritt nicht zugesichert werden. Im Mittelpunkt des Abends stehen seine Person, sein Verm\u00e4chtnis und die Anerkennung durch das Viertel \u2013 unabh\u00e4ngig davon, ob er w\u00e4hrend der Veranstaltung selbst mitwirkt.<\/p>\n<p>Die Widmung hat au\u00dferdem eine lokale Dimension: Die Hommage findet im Stadtbezirk Macarena im Rahmen eines Festivals statt, das die Kunst auf die Pl\u00e4tze bringen soll. Sie verbindet k\u00fcnstlerische Erinnerung, Nachbarschaft und Zusammenleben.<\/p>\n<p>Mehr zum Kontext dieser Tage finden Sie in unserem Leitfaden zu <a href=\"https:\/\/www.tablaosflamencos.com\/bienal-flamenco-2026-antes-9-septiembre.html\">den Biennale-Veranstaltungen vor dem 9. September<\/a>.<\/p>\n<\/div><\/div><\/div><\/div><\/div><\/div><\/div><\/section><section class=\"l-section wpb_row height_huge color_alternate with_shape\"><div class=\"l-section-shape type_zigzag pos_top hor_flip\" style=\"height:3vmin;\"><svg xmlns=\"http:\/\/www.w3.org\/2000\/svg\" viewBox=\"0 0 64 8\" preserveAspectRatio=\"none\" width=\"100%\" height=\"100%\">\r\n\t<path fill=\"currentColor\" d=\"M64 8 L0 8 L0 0 L20 7.9 L40 3 L48 5 L64 0 Z\"\/>\r\n<\/svg><\/div><div class=\"l-section-shape type_zigzag pos_bottom\" style=\"height:3vmin;\"><svg xmlns=\"http:\/\/www.w3.org\/2000\/svg\" viewBox=\"0 0 64 8\" preserveAspectRatio=\"none\" width=\"100%\" height=\"100%\">\r\n\t<path fill=\"currentColor\" d=\"M64 8 L0 8 L0 0 L20 7.9 L40 3 L48 5 L64 0 Z\"\/>\r\n<\/svg><\/div><div class=\"l-section-h i-cf\"><div class=\"g-cols vc_row via_flex valign_top type_default stacking_default\"><div class=\"vc_col-sm-6 wpb_column vc_column_container\"><div class=\"vc_column-inner\"><div class=\"wpb_wrapper\"><div class=\"wpb_text_column\"><div class=\"wpb_wrapper\"><h2 id=\"entradas\">Tickets: Das Festival ist kostenlos<\/h2>\n<p>F\u00fcr Macarena Flamenca 2026 gibt es keine kostenpflichtigen Tickets. Die Stadt k\u00fcndigt <strong>freien Eintritt<\/strong> an, und die Biennale f\u00fchrt die Veranstaltung unter den kostenlosen Angeboten von Flamenco a pie de calle.<\/p>\n<ul>\n<li>Es muss kein Platz gekauft werden.<\/li>\n<li>Es gibt keine offizielle Ticketplattform.<\/li>\n<li>Eine Vorabreservierung oder Abholung von Einladungen wurde nicht angek\u00fcndigt.<\/li>\n<li>Der Zugang h\u00e4ngt vom verf\u00fcgbaren Platz ab.<\/li>\n<li>Wer fr\u00fch kommt, hat bessere Chancen auf einen guten Platz.<\/li>\n<\/ul>\n<p>Kostenloser Eintritt bedeutet nicht, dass ein Platz garantiert ist. Wenn der Publikumsbereich seine zul\u00e4ssige Kapazit\u00e4t erreicht, kann die Organisation den Zugang aus Sicherheitsgr\u00fcnden beschr\u00e4nken.<\/p>\n<\/div><\/div><\/div><\/div><\/div><div class=\"vc_col-sm-6 wpb_column vc_column_container\"><div class=\"vc_column-inner\"><div class=\"wpb_wrapper\"><div class=\"wpb_text_column\"><div class=\"wpb_wrapper\"><h2>Ist eine Reservierung n\u00f6tig?<\/h2>\n<p>Zum Zeitpunkt der Aktualisierung dieses Leitfadens <strong>ist keine Reservierung erforderlich<\/strong>. Auch ein offizielles Anmeldeverfahren gibt es nicht. Es gen\u00fcgt, rechtzeitig zur Plaza Virgen del Pilar zu kommen.<\/p>\n<p>Seien Sie vorsichtig bei Websites, die versuchen, Tickets f\u00fcr diese Gala zu verkaufen. Die st\u00e4dtischen Informationen weisen sie als kostenlose Veranstaltung aus. \u00c4nderungen sollten \u00fcber die Kan\u00e4le der Stadt, des Stadtbezirks Macarena oder der Biennale bekannt gegeben werden.<\/p>\n<p>Das Festival ist Teil einer Woche mit mehreren frei zug\u00e4nglichen Angeboten. Wir haben sie in unserem Leitfaden zu den <a href=\"https:\/\/www.tablaosflamencos.com\/bienal-flamenco-sevilla-2026-gratis.html\">kostenlosen Shows und Aktivit\u00e4ten der Biennale 2026<\/a>.<\/p>\n<\/div><\/div><\/div><\/div><\/div><\/div><\/div><\/section><section class=\"l-section wpb_row height_huge\"><div class=\"l-section-h i-cf\"><div class=\"g-cols vc_row via_flex valign_top type_default stacking_default\"><div class=\"vc_col-sm-6 wpb_column vc_column_container\"><div class=\"vc_column-inner\"><div class=\"wpb_wrapper\"><div class=\"wpb_text_column\"><div class=\"wpb_wrapper\"><h2 id=\"horario\">Beginnt die Veranstaltung um 21:00 oder um 21:30 Uhr?<\/h2>\n<p>Die offiziellen Quellen nennen nicht exakt dieselbe Uhrzeit. Der <a href=\"https:\/\/www.sevilla.org\/distritos\/macarena\/eventos\/ii-festival-macarena-flamenca-2026\" target=\"_blank\" rel=\"noopener\">Kalender des Stadtbezirks Macarena<\/a> f\u00fchrt weiterhin <strong>21:00 Uhr<\/strong>. Die <a href=\"https:\/\/www.sevilla.org\/actualidad\/noticias\/2026\/de-la-cultura-popular-al-flamenco-sevilla-despliega-una-nueva-semana-de-programacion-cultural\" target=\"_blank\" rel=\"noopener\">am 4. September von der Stadt ver\u00f6ffentlichte Meldung<\/a>ist jedoch aktueller und ausf\u00fchrlicher und nennt <strong>21:30 Uhr<\/strong>. Auch die Biennale gibt 21:30 Uhr als Beginn an.<\/p>\n<p>Praktisch empfiehlt es sich, vor 21:00 Uhr anzukommen. So bleibt gen\u00fcgend Zeit, den Platz zu finden, den Zugang zu pr\u00fcfen und einen Platz zu bekommen \u2013 unabh\u00e4ngig davon, welche Uhrzeit letztlich gilt.<\/p>\n<\/div><\/div><\/div><\/div><\/div><div class=\"vc_col-sm-6 wpb_column vc_column_container\"><div class=\"vc_column-inner\"><div class=\"wpb_wrapper\"><div class=\"wpb_text_column\"><div class=\"wpb_wrapper\"><h2 id=\"lugar\">Wo das Festival stattfindet<\/h2>\n<p>Die B\u00fchne wird auf der <strong>Plaza Virgen del Pilar<\/strong>im Viertel <strong>La Barzola<\/strong>im Stadtbezirk Macarena aufgebaut. Der Ort darf nicht mit der Bas\u00edlica de la Macarena oder anderen Orten in der Altstadt verwechselt werden.<\/p>\n<p>Es empfiehlt sich, die Route vor der Abfahrt zu pr\u00fcfen, vom Zentrum aus \u00f6ffentliche Verkehrsmittel, Taxi oder Fahrdienst zu bevorzugen und Zeit f\u00fcr den letzten Fu\u00dfweg einzuplanen. Au\u00dferdem sollten die von der Organisation reservierten Bereiche, Hauseing\u00e4nge der Anwohner und Rettungswege respektiert werden.<\/p>\n<p>Dass die Veranstaltung au\u00dferhalb von Theatern stattfindet, geh\u00f6rt zum Charakter des Festivals: F\u00fcr eine Nacht wird ein allt\u00e4glicher Ort im Viertel zum Treffpunkt f\u00fcr K\u00fcnstler, Anwohner, Aficionados und Besucher.<\/p>\n<\/div><\/div><\/div><\/div><\/div><\/div><\/div><\/section><section class=\"l-section wpb_row height_huge color_alternate with_shape\"><div class=\"l-section-shape type_zigzag pos_top\" style=\"height:3vmin;\"><svg xmlns=\"http:\/\/www.w3.org\/2000\/svg\" viewBox=\"0 0 64 8\" preserveAspectRatio=\"none\" width=\"100%\" height=\"100%\">\r\n\t<path fill=\"currentColor\" d=\"M64 8 L0 8 L0 0 L20 7.9 L40 3 L48 5 L64 0 Z\"\/>\r\n<\/svg><\/div><div class=\"l-section-shape type_zigzag pos_bottom\" style=\"height:3vmin;\"><svg xmlns=\"http:\/\/www.w3.org\/2000\/svg\" viewBox=\"0 0 64 8\" preserveAspectRatio=\"none\" width=\"100%\" height=\"100%\">\r\n\t<path fill=\"currentColor\" d=\"M64 8 L0 8 L0 0 L20 7.9 L40 3 L48 5 L64 0 Z\"\/>\r\n<\/svg><\/div><div class=\"l-section-h i-cf\"><div class=\"g-cols vc_row via_flex valign_top type_default stacking_default\"><div class=\"vc_col-sm-6 wpb_column vc_column_container\"><div class=\"vc_column-inner\"><div class=\"wpb_wrapper\"><div class=\"wpb_text_column\"><div class=\"wpb_wrapper\"><h2 id=\"bienal\">Macarena Flamenca und die Biennale von Sevilla<\/h2>\n<p>Das Festival ist Teil der Veranstaltungen im Vorfeld der XXIV. Flamenco-Biennale von Sevilla. Die offizielle Ausgabe findet vom 9. September bis zum 3. Oktober 2026 statt, doch bereits in den Tagen zuvor gibt es Ausstellungen, Auff\u00fchrungen in den Stadtvierteln und Filmvorf\u00fchrungen.<\/p>\n<p>Macarena Flamenca geh\u00f6rt zu <em>Flamenco a pie de calle<\/em>, einem Bereich des Begleitprogramms, der Gesang, Gitarre und Tanz in offene R\u00e4ume Sevillas bringt. Die Veranstaltung am 5. verbindet das Format eines Stadtteilfestivals mit der Hommage an eine historische Pers\u00f6nlichkeit.<\/p>\n<p>Termine, Spielorte und Auff\u00fchrungen finden Sie in unserem <a href=\"https:\/\/www.tablaosflamencos.com\/bienal-flamenco-sevilla-2026.html\">vollst\u00e4ndigen Leitfaden zur Flamenco-Biennale Sevilla 2026<\/a>.<\/p>\n<\/div><\/div><\/div><\/div><\/div><div class=\"vc_col-sm-6 wpb_column vc_column_container\"><div class=\"vc_column-inner\"><div class=\"wpb_wrapper\"><div class=\"wpb_text_column\"><div class=\"wpb_wrapper\"><h2>Ein junges Festival mit Zukunft<\/h2>\n<p>Macarena Flamenca entstand 2025 auf Initiative des Stadtbezirks Macarena. Die zweite Ausgabe best\u00e4tigt die Absicht, eine feste Veranstaltung mit eigenem Flamenco-Programm zu etablieren.<\/p>\n<p>Das Format bringt hochkar\u00e4tige K\u00fcnstler einem breiten Publikum n\u00e4her, belebt einen Platz im Viertel kulturell und beseitigt den Preis als Zugangsh\u00fcrde. Zugleich bringt ein Veranstaltungsort unter freiem Himmel eigene Herausforderungen mit sich: Kapazit\u00e4t, Sicht, Akustik und m\u00f6gliche wetterbedingte \u00c4nderungen.<\/p>\n<p>Der Wert des Konzepts liegt in dieser Verbindung von N\u00e4he und Qualit\u00e4t. Es will nicht mit dem Theater konkurrieren, sondern eine andere Art der Begegnung mit Flamenco bieten.<\/p>\n<\/div><\/div><\/div><\/div><\/div><\/div><\/div><\/section><section class=\"l-section wpb_row height_huge\"><div class=\"l-section-h i-cf\"><div class=\"g-cols vc_row via_flex valign_top type_default stacking_default\"><div class=\"vc_col-sm-6 wpb_column vc_column_container\"><div class=\"vc_column-inner\"><div class=\"wpb_wrapper\"><div class=\"wpb_text_column\"><div class=\"wpb_wrapper\"><h2 id=\"consejos\">Tipps f\u00fcr den Festivalbesuch<\/h2>\n<h3>Kommen Sie fr\u00fchzeitig<\/h3>\n<p>Bei einem vorgesehenen Beginn zwischen 21:00 und 21:30 Uhr ist es sinnvoll, vor 21:00 Uhr vor Ort zu sein. Der freie Eintritt und die fehlende Nummerierung der Pl\u00e4tze machen diesen Zeitpuffer hilfreich.<\/p>\n<h3>Bereiten Sie sich auf eine Open-Air-Show vor<\/h3>\n<p>Pr\u00fcfen Sie die Wettervorhersage, nehmen Sie Wasser mit und w\u00e4hlen Sie geeignete Kleidung f\u00fcr einen l\u00e4ngeren Aufenthalt auf einem Platz. Belegen Sie nicht mehr Raum als n\u00f6tig.<\/p>\n<h3>Seien Sie w\u00e4hrend des Gesangs still<\/h3>\n<p>Ruhe erm\u00f6glicht es, Nuancen wahrzunehmen, und erleichtert die Kommunikation zwischen K\u00fcnstler und Publikum. Mobiltelefone sollten lautlos sein, und Aufnahmen sollten anderen nicht die Sicht versperren.<\/p>\n<\/div><\/div><\/div><\/div><\/div><div class=\"vc_col-sm-6 wpb_column vc_column_container\"><div class=\"vc_column-inner\"><div class=\"wpb_wrapper\"><div class=\"wpb_text_column\"><div class=\"wpb_wrapper\"><h2>Wenn Sie keinen Zugang mehr bekommen<\/h2>\n<p>Da es sich um eine kostenlose Veranstaltung handelt, kann kein Platz garantiert werden. Wenn Sie ankommen und der Publikumsbereich bereits voll ist, folgen Sie den Anweisungen und meiden Sie Bereiche, die die Sicherheit oder das Zusammenleben mit den Anwohnern beeintr\u00e4chtigen k\u00f6nnten.<\/p>\n<p>Sevilla bietet auch au\u00dferhalb dieser Gala und der Biennale ein dauerhaftes Flamenco-Angebot. Wenn Sie eine Alternative mit best\u00e4tigter Uhrzeit und reserviertem Platz suchen, sehen Sie unsere Auswahl an <a href=\"https:\/\/www.tablaosflamencos.com\/flamenco-en-sevilla\">Flamenco-Shows in Sevilla<\/a>.<\/p>\n<p>Macarena Flamenca ist eine einmalige \u00f6ffentliche Veranstaltung mit freiem Eintritt; Tablaos bieten regelm\u00e4\u00dfig professionelle Programme und Reservierung im Voraus. Beide Formate erm\u00f6glichen unterschiedliche Zug\u00e4nge zum Flamenco.<\/p>\n<\/div><\/div><\/div><\/div><\/div><\/div><\/div><\/section><section class=\"l-section wpb_row height_huge color_alternate with_shape\"><div class=\"l-section-shape type_zigzag pos_top hor_flip\" style=\"height:3vmin;\"><svg xmlns=\"http:\/\/www.w3.org\/2000\/svg\" viewBox=\"0 0 64 8\" preserveAspectRatio=\"none\" width=\"100%\" height=\"100%\">\r\n\t<path fill=\"currentColor\" d=\"M64 8 L0 8 L0 0 L20 7.9 L40 3 L48 5 L64 0 Z\"\/>\r\n<\/svg><\/div><div class=\"l-section-shape type_zigzag pos_bottom\" style=\"height:3vmin;\"><svg xmlns=\"http:\/\/www.w3.org\/2000\/svg\" viewBox=\"0 0 64 8\" preserveAspectRatio=\"none\" width=\"100%\" height=\"100%\">\r\n\t<path fill=\"currentColor\" d=\"M64 8 L0 8 L0 0 L20 7.9 L40 3 L48 5 L64 0 Z\"\/>\r\n<\/svg><\/div><div class=\"l-section-h i-cf\"><div class=\"g-cols vc_row via_flex valign_top type_default stacking_default\"><div class=\"vc_col-sm-12 wpb_column vc_column_container\"><div class=\"vc_column-inner\"><div class=\"wpb_wrapper\"><div class=\"wpb_text_column\"><div class=\"wpb_wrapper\"><h2 style=\"text-align: center;\">Praktische Zusammenfassung<\/h2>\n<div style=\"overflow-x: auto;\">\n<table>\n<thead>\n<tr>\n<th>Frage<\/th>\n<th>Antwort<\/th>\n<\/tr>\n<\/thead>\n<tbody>\n<tr>\n<td>Wann?<\/td>\n<td>Samstag, 5. September 2026.<\/td>\n<\/tr>\n<tr>\n<td>Wo?<\/td>\n<td>Plaza Virgen del Pilar, La Barzola, Sevilla.<\/td>\n<\/tr>\n<tr>\n<td>Um wie viel Uhr?<\/td>\n<td>Die aktuellste Quelle nennt 21:30 Uhr; ein anderer offizieller Kalender zeigt 21:00 Uhr. Es empfiehlt sich, vor 21:00 Uhr anzukommen.<\/td>\n<\/tr>\n<tr>\n<td>Was kostet es?<\/td>\n<td>Der Eintritt ist kostenlos.<\/td>\n<\/tr>\n<tr>\n<td>Muss man reservieren?<\/td>\n<td>Eine Reservierung oder Einladung wurde nicht angek\u00fcndigt.<\/td>\n<\/tr>\n<tr>\n<td>Wem gilt die Hommage?<\/td>\n<td>Jos\u00e9 de la Tomasa.<\/td>\n<\/tr>\n<tr>\n<td>Was ist enthalten?<\/td>\n<td>Flamenco-Gesang, Gitarre, Tanz und Palmas.<\/td>\n<\/tr>\n<\/tbody>\n<\/table>\n<\/div>\n<\/div><\/div><\/div><\/div><\/div><\/div><\/div><\/section><section class=\"l-section wpb_row height_huge\"><div class=\"l-section-h i-cf\"><div class=\"g-cols vc_row via_flex valign_top type_default stacking_default\"><div class=\"vc_col-sm-12 wpb_column vc_column_container\"><div class=\"vc_column-inner\"><div class=\"wpb_wrapper\"><div class=\"wpb_text_column\"><div class=\"wpb_wrapper\"><h2>Eine Nacht voller Cante, Erinnerung und Nachbarschaft<\/h2>\n<p>Macarena Flamenca 2026 verbindet eine bedeutungsvolle Hommage mit einem erstklassigen Cante-Programm, Tanz und einem offenen Raum f\u00fcr das Viertel. Jos\u00e9 de la Tomasa bringt historische Tiefe ein; Manuel de la Tomasa stellt die Verbindung zwischen den Generationen her; und Potito, Antonio Reyes und Remedios Reyes zeigen unterschiedliche Perspektiven auf den Cante. Manuela Amador Carrasco erg\u00e4nzt das Programm mit Tanz.<\/p>\n<p>Der kostenlose Eintritt macht die Veranstaltung zug\u00e4nglich, erfordert aber eine gute Planung der Ankunft. Vor 21:00 Uhr vor Ort zu sein, ist angesichts der unterschiedlichen Zeitangaben und des m\u00f6glichen Andrangs die sicherste Option. Danach gilt es nur noch zuzuh\u00f6ren: F\u00fcr eine Nacht wird der Platz zur Flamenco-B\u00fchne.<\/p>\n<\/div><\/div><div class=\"w-separator size_medium\"><\/div><div class=\"w-hwrapper valign_top wrap align_center\" style=\"--hwrapper-gap:1.2rem\"><div class=\"w-btn-wrapper align_none\"><a class=\"w-btn us-btn-style_1\" href=\"\/?p=13027\"><span class=\"w-btn-label\">Vollst\u00e4ndigen Biennale-Leitfaden 2026 ansehen<\/span><\/a><\/div><div class=\"w-btn-wrapper align_none\"><a class=\"w-btn us-btn-style_1\" href=\"\/?page_id=8549\"><span class=\"w-btn-label\">Flamenco in Sevilla entdecken<\/span><\/a><\/div><\/div><\/div><\/div><\/div><\/div><\/div><\/section><section class=\"l-section wpb_row height_huge color_alternate with_shape\"><div class=\"l-section-shape type_zigzag pos_top\" style=\"height:3vmin;\"><svg xmlns=\"http:\/\/www.w3.org\/2000\/svg\" viewBox=\"0 0 64 8\" preserveAspectRatio=\"none\" width=\"100%\" height=\"100%\">\r\n\t<path fill=\"currentColor\" d=\"M64 8 L0 8 L0 0 L20 7.9 L40 3 L48 5 L64 0 Z\"\/>\r\n<\/svg><\/div><div class=\"l-section-h i-cf\"><div class=\"g-cols vc_row via_flex valign_top type_default stacking_default\"><div class=\"vc_col-sm-1\/5 wpb_column vc_column_container\"><div class=\"vc_column-inner\"><div class=\"wpb_wrapper\"><\/div><\/div><\/div><div class=\"vc_col-sm-3\/5 wpb_column vc_column_container\"><div class=\"vc_column-inner\"><div class=\"wpb_wrapper\"><div class=\"wpb_text_column\"><div class=\"wpb_wrapper\"><h2 id=\"faq\">H\u00e4ufig gestellte Fragen zu Macarena Flamenca 2026<\/h2>\n<\/div><\/div><div class=\"w-separator size_medium\"><\/div><div class=\"w-tabs accordion toggle_style_1 has_scrolling\" style=\"--sections-title-size:inherit;--sections-gap:0.5rem;\"><div class=\"w-tabs-sections titles-align_none icon_chevron cpos_right\"><div class=\"w-tabs-section\" id=\"e86e\"><button type=\"button\" class=\"w-tabs-section-header\" aria-controls=\"content-e86e\" aria-expanded=\"false\"><div class=\"w-tabs-section-title\">Wann findet Macarena Flamenca 2026 statt?<\/div><div class=\"w-tabs-section-control\"><\/div><\/button><div  class=\"w-tabs-section-content\" id=\"content-e86e\"><div class=\"w-tabs-section-content-h i-cf\"><div class=\"wpb_text_column\"><div class=\"wpb_wrapper\"><p>Am Samstag, dem 5. September 2026, auf der Plaza Virgen del Pilar im Sevillaner Viertel La Barzola.<\/p>\n<\/div><\/div><\/div><\/div><\/div><div class=\"w-tabs-section\" id=\"ba0d\"><button type=\"button\" class=\"w-tabs-section-header\" aria-controls=\"content-ba0d\" aria-expanded=\"false\"><div class=\"w-tabs-section-title\">Um wie viel Uhr beginnt Macarena Flamenca?<\/div><div class=\"w-tabs-section-control\"><\/div><\/button><div  class=\"w-tabs-section-content\" id=\"content-ba0d\"><div class=\"w-tabs-section-content-h i-cf\"><div class=\"wpb_text_column\"><div class=\"wpb_wrapper\"><p>Die aktuellsten Informationen der Stadt und die Biennale nennen 21:30 Uhr, w\u00e4hrend der Kalender des Stadtbezirks Macarena weiterhin 21:00 Uhr angibt. Wir empfehlen, vor 21:00 Uhr anzukommen.<\/p>\n<\/div><\/div><\/div><\/div><\/div><div class=\"w-tabs-section\" id=\"ab75\"><button type=\"button\" class=\"w-tabs-section-header\" aria-controls=\"content-ab75\" aria-expanded=\"false\"><div class=\"w-tabs-section-title\">Muss man Tickets f\u00fcr Macarena Flamenca kaufen?<\/div><div class=\"w-tabs-section-control\"><\/div><\/button><div  class=\"w-tabs-section-content\" id=\"content-ab75\"><div class=\"w-tabs-section-content-h i-cf\"><div class=\"wpb_text_column\"><div class=\"wpb_wrapper\"><p>Nein. Der Eintritt zum Festival ist frei und kostenlos. Es gibt keine offizielle Ticketplattform, und eine Vorabreservierung wurde nicht angek\u00fcndigt.<\/p>\n<\/div><\/div><\/div><\/div><\/div><div class=\"w-tabs-section\" id=\"kcb5\"><button type=\"button\" class=\"w-tabs-section-header\" aria-controls=\"content-kcb5\" aria-expanded=\"false\"><div class=\"w-tabs-section-title\">Garantiert der kostenlose Eintritt einen Platz?<\/div><div class=\"w-tabs-section-control\"><\/div><\/button><div  class=\"w-tabs-section-content\" id=\"content-kcb5\"><div class=\"w-tabs-section-content-h i-cf\"><div class=\"wpb_text_column\"><div class=\"wpb_wrapper\"><p>Nein. Der Zugang h\u00e4ngt von der verf\u00fcgbaren Kapazit\u00e4t und den Anweisungen der Organisation ab. Eine fr\u00fchzeitige Ankunft wird empfohlen.<\/p>\n<\/div><\/div><\/div><\/div><\/div><div class=\"w-tabs-section\" id=\"jdfc\"><button type=\"button\" class=\"w-tabs-section-header\" aria-controls=\"content-jdfc\" aria-expanded=\"false\"><div class=\"w-tabs-section-title\">Wer tritt bei Macarena Flamenca 2026 auf?<\/div><div class=\"w-tabs-section-control\"><\/div><\/button><div  class=\"w-tabs-section-content\" id=\"content-jdfc\"><div class=\"w-tabs-section-content-h i-cf\"><div class=\"wpb_text_column\"><div class=\"wpb_wrapper\"><p>Angek\u00fcndigt sind Potito, Antonio Reyes, Remedios Reyes, Manuel de la Tomasa und Manuela Amador Carrasco, begleitet von Manuel Herrera, Nono Reyes, Julio Romero, Luis Amador, Emilio Molina und Manuel Ta\u00f1\u00e9.<\/p>\n<\/div><\/div><\/div><\/div><\/div><div class=\"w-tabs-section\" id=\"zf58\"><button type=\"button\" class=\"w-tabs-section-header\" aria-controls=\"content-zf58\" aria-expanded=\"false\"><div class=\"w-tabs-section-title\">Wem ist das Festival gewidmet?<\/div><div class=\"w-tabs-section-control\"><\/div><\/button><div  class=\"w-tabs-section-content\" id=\"content-zf58\"><div class=\"w-tabs-section-content-h i-cf\"><div class=\"wpb_text_column\"><div class=\"wpb_wrapper\"><p>Die zweite Ausgabe ehrt Jos\u00e9 de la Tomasa f\u00fcr seine Laufbahn, seine Bedeutung f\u00fcr den Sevillaner Flamenco-Gesang und seine Arbeit bei der Weitergabe der Tradition.<\/p>\n<\/div><\/div><\/div><\/div><\/div><div class=\"w-tabs-section\" id=\"q08b\"><button type=\"button\" class=\"w-tabs-section-header\" aria-controls=\"content-q08b\" aria-expanded=\"false\"><div class=\"w-tabs-section-title\">Wird Jos\u00e9 de la Tomasa w\u00e4hrend der Hommage auftreten?<\/div><div class=\"w-tabs-section-control\"><\/div><\/button><div  class=\"w-tabs-section-content\" id=\"content-q08b\"><div class=\"w-tabs-section-content-h i-cf\"><div class=\"wpb_text_column\"><div class=\"wpb_wrapper\"><p>Die offiziellen Quellen pr\u00e4sentieren ihn als Hauptfigur und Geehrten, nennen jedoch keinen vollst\u00e4ndigen Auftritt von ihm.<\/p>\n<\/div><\/div><\/div><\/div><\/div><div class=\"w-tabs-section\" id=\"b1be\"><button type=\"button\" class=\"w-tabs-section-header\" aria-controls=\"content-b1be\" aria-expanded=\"false\"><div class=\"w-tabs-section-title\">Wo liegt die Plaza Virgen del Pilar?<\/div><div class=\"w-tabs-section-control\"><\/div><\/button><div  class=\"w-tabs-section-content\" id=\"content-b1be\"><div class=\"w-tabs-section-content-h i-cf\"><div class=\"wpb_text_column\"><div class=\"wpb_wrapper\"><p>Sie befindet sich im Viertel La Barzola im Sevillaner Stadtbezirk Macarena. Sie darf nicht mit der Bas\u00edlica de la Macarena verwechselt werden.<\/p>\n<\/div><\/div><\/div><\/div><\/div><div class=\"w-tabs-section\" id=\"e308\"><button type=\"button\" class=\"w-tabs-section-header\" aria-controls=\"content-e308\" aria-expanded=\"false\"><div class=\"w-tabs-section-title\">Geh\u00f6rt die Veranstaltung zur Flamenco-Biennale?<\/div><div class=\"w-tabs-section-control\"><\/div><\/button><div  class=\"w-tabs-section-content\" id=\"content-e308\"><div class=\"w-tabs-section-content-h i-cf\"><div class=\"wpb_text_column\"><div class=\"wpb_wrapper\"><p>Ja. Sie ist mit den Veranstaltungen im Vorfeld und dem Programm Flamenco a pie de calle der XXIV. Flamenco-Biennale von Sevilla verbunden.<\/p>\n<\/div><\/div><\/div><\/div><\/div><div class=\"w-tabs-section\" id=\"g44a\"><button type=\"button\" class=\"w-tabs-section-header\" aria-controls=\"content-g44a\" aria-expanded=\"false\"><div class=\"w-tabs-section-title\">Was passiert bei Regen oder einer \u00c4nderung der Uhrzeit?<\/div><div class=\"w-tabs-section-control\"><\/div><\/button><div  class=\"w-tabs-section-content\" id=\"content-g44a\"><div class=\"w-tabs-section-content-h i-cf\"><div class=\"wpb_text_column\"><div class=\"wpb_wrapper\"><p>Da es sich um eine Open-Air-Veranstaltung handelt, kann es zu Anpassungen kommen. Es empfiehlt sich, am selben Tag die Kan\u00e4le der Stadt, des Stadtbezirks Macarena und der Biennale zu pr\u00fcfen.<\/p>\n<\/div><\/div><\/div><\/div><\/div><\/div><\/div><\/div><\/div><\/div><div class=\"vc_col-sm-1\/5 wpb_column vc_column_container\"><div class=\"vc_column-inner\"><div class=\"wpb_wrapper\"><\/div><\/div><\/div><\/div><\/div><\/section>\n","protected":false},"excerpt":{"rendered":"<p>Macarena Flamenca 2026 in Sevilla: Programm, K\u00fcnstler, Hommage an Jos\u00e9 de la Tomasa, Uhrzeit, Ort und kostenloser Eintritt.<\/p>\n","protected":false},"author":1,"featured_media":14653,"comment_status":"closed","ping_status":"closed","sticky":false,"template":"","format":"standard","meta":{"_acf_changed":false,"wpai_generated_summary":"","_ayudawp_aiss_exclude":false,"_ayudawp_aiss_exclude_summary":false,"_ayudawp_aiss_summary":"","_ayudawp_aiss_summary_provider":"","_ayudawp_aiss_summary_hash":"","footnotes":""},"categories":[1669],"tags":[1246,1247,1166,1412,1416,1945,405],"class_list":["post-14768","post","type-post","status-publish","format-standard","has-post-thumbnail","hentry","category-flamenco-festivals","tag-bienal-de-flamenco","tag-festivales-flamencos","tag-flamenco-en-sevilla","tag-flamenco-gesang","tag-flamenco-tanz","tag-kostenloser-flamenco","tag-sevilla"],"acf":[],"yoast_head":"<!-- This site is optimized with the Yoast SEO Premium plugin v28.4 (Yoast SEO v28.4) - https:\/\/yoast.com\/product\/yoast-seo-premium-wordpress\/ -->\n<title>Macarena Flamenca 2026: Programm, Uhrzeit und Eintritt frei<\/title>\n<meta name=\"description\" content=\"Macarena Flamenca 2026 in Sevilla: Programm, K\u00fcnstler, Hommage an Jos\u00e9 de la Tomasa, Uhrzeit, Ort und kostenloser Eintritt.\" \/>\n<meta name=\"robots\" content=\"index, follow, max-snippet:-1, max-image-preview:large, max-video-preview:-1\" \/>\n<link rel=\"canonical\" href=\"https:\/\/www.tablaosflamencos.com\/de\/macarena-flamenca-2026-programm-tickets.html\" \/>\n<meta property=\"og:locale\" content=\"de_DE\" \/>\n<meta property=\"og:type\" content=\"article\" \/>\n<meta property=\"og:title\" content=\"Macarena Flamenca 2026: Programm, Tickets und alles, was Sie wissen m\u00fcssen\" \/>\n<meta property=\"og:description\" content=\"Macarena Flamenca 2026 in Sevilla: Programm, K\u00fcnstler, Hommage an Jos\u00e9 de la Tomasa, Uhrzeit, Ort und kostenloser Eintritt.\" \/>\n<meta property=\"og:url\" content=\"https:\/\/www.tablaosflamencos.com\/de\/macarena-flamenca-2026-programm-tickets.html\" \/>\n<meta property=\"og:site_name\" content=\"Tablaos Flamencos\" \/>\n<meta property=\"article:publisher\" content=\"https:\/\/www.facebook.com\/tablaosflamencos\" \/>\n<meta property=\"article:published_time\" content=\"2026-09-05T11:50:39+00:00\" \/>\n<meta property=\"article:modified_time\" content=\"2026-09-05T12:11:33+00:00\" \/>\n<meta property=\"og:image\" content=\"https:\/\/www.tablaosflamencos.com\/wp-content\/uploads\/macarena-flamenca-2026-programacion-entradas-y-todo-lo-que-necesitas-saber-01.webp\" \/>\n\t<meta property=\"og:image:width\" content=\"1672\" \/>\n\t<meta property=\"og:image:height\" content=\"941\" \/>\n\t<meta property=\"og:image:type\" content=\"image\/webp\" \/>\n<meta name=\"author\" content=\"Miguel Ortiz\" \/>\n<meta name=\"twitter:card\" content=\"summary_large_image\" \/>\n<meta name=\"twitter:creator\" content=\"@tablaosflamenco\" \/>\n<meta name=\"twitter:site\" content=\"@tablaosflamenco\" \/>\n<meta name=\"twitter:label1\" content=\"Verfasst von\" \/>\n\t<meta name=\"twitter:data1\" content=\"Miguel Ortiz\" \/>\n\t<meta name=\"twitter:label2\" content=\"Gesch\u00e4tzte Lesezeit\" \/>\n\t<meta name=\"twitter:data2\" content=\"14\u00a0Minuten\" \/>\n<script type=\"application\/ld+json\" class=\"yoast-schema-graph\">{\"@context\":\"https:\\\/\\\/schema.org\",\"@graph\":[{\"@type\":\"Article\",\"@id\":\"https:\\\/\\\/www.tablaosflamencos.com\\\/de\\\/macarena-flamenca-2026-programm-tickets.html#article\",\"isPartOf\":{\"@id\":\"https:\\\/\\\/www.tablaosflamencos.com\\\/de\\\/macarena-flamenca-2026-programm-tickets.html\"},\"author\":{\"name\":\"Miguel Ortiz\",\"@id\":\"https:\\\/\\\/www.tablaosflamencos.com\\\/de#\\\/schema\\\/person\\\/e7a9ebe14eb75a52ceabfbffb3c54f5d\"},\"headline\":\"Macarena Flamenca 2026: Programm, Tickets und alles, was Sie wissen m\u00fcssen\",\"datePublished\":\"2026-09-05T11:50:39+00:00\",\"dateModified\":\"2026-09-05T12:11:33+00:00\",\"mainEntityOfPage\":{\"@id\":\"https:\\\/\\\/www.tablaosflamencos.com\\\/de\\\/macarena-flamenca-2026-programm-tickets.html\"},\"wordCount\":2823,\"publisher\":{\"@id\":\"https:\\\/\\\/www.tablaosflamencos.com\\\/de#organization\"},\"image\":{\"@id\":\"https:\\\/\\\/www.tablaosflamencos.com\\\/de\\\/macarena-flamenca-2026-programm-tickets.html#primaryimage\"},\"thumbnailUrl\":\"https:\\\/\\\/www.tablaosflamencos.com\\\/wp-content\\\/uploads\\\/macarena-flamenca-2026-programacion-entradas-y-todo-lo-que-necesitas-saber-01.webp\",\"keywords\":[\"Bienal de Flamenco\",\"festivales flamencos\",\"flamenco en Sevilla\",\"Flamenco-Gesang\",\"Flamenco-Tanz\",\"kostenloser Flamenco\",\"sevilla\"],\"articleSection\":[\"Flamenco-Festivals\"],\"inLanguage\":\"de\"},{\"@type\":\"WebPage\",\"@id\":\"https:\\\/\\\/www.tablaosflamencos.com\\\/de\\\/macarena-flamenca-2026-programm-tickets.html\",\"url\":\"https:\\\/\\\/www.tablaosflamencos.com\\\/de\\\/macarena-flamenca-2026-programm-tickets.html\",\"name\":\"Macarena Flamenca 2026: Programm, Uhrzeit und Eintritt frei\",\"isPartOf\":{\"@id\":\"https:\\\/\\\/www.tablaosflamencos.com\\\/de#website\"},\"primaryImageOfPage\":{\"@id\":\"https:\\\/\\\/www.tablaosflamencos.com\\\/de\\\/macarena-flamenca-2026-programm-tickets.html#primaryimage\"},\"image\":{\"@id\":\"https:\\\/\\\/www.tablaosflamencos.com\\\/de\\\/macarena-flamenca-2026-programm-tickets.html#primaryimage\"},\"thumbnailUrl\":\"https:\\\/\\\/www.tablaosflamencos.com\\\/wp-content\\\/uploads\\\/macarena-flamenca-2026-programacion-entradas-y-todo-lo-que-necesitas-saber-01.webp\",\"datePublished\":\"2026-09-05T11:50:39+00:00\",\"dateModified\":\"2026-09-05T12:11:33+00:00\",\"description\":\"Macarena Flamenca 2026 in Sevilla: Programm, K\u00fcnstler, Hommage an Jos\u00e9 de la Tomasa, Uhrzeit, Ort und kostenloser Eintritt.\",\"breadcrumb\":{\"@id\":\"https:\\\/\\\/www.tablaosflamencos.com\\\/de\\\/macarena-flamenca-2026-programm-tickets.html#breadcrumb\"},\"inLanguage\":\"de\",\"potentialAction\":[{\"@type\":\"ReadAction\",\"target\":[\"https:\\\/\\\/www.tablaosflamencos.com\\\/de\\\/macarena-flamenca-2026-programm-tickets.html\"]}]},{\"@type\":\"ImageObject\",\"inLanguage\":\"de\",\"@id\":\"https:\\\/\\\/www.tablaosflamencos.com\\\/de\\\/macarena-flamenca-2026-programm-tickets.html#primaryimage\",\"url\":\"https:\\\/\\\/www.tablaosflamencos.com\\\/wp-content\\\/uploads\\\/macarena-flamenca-2026-programacion-entradas-y-todo-lo-que-necesitas-saber-01.webp\",\"contentUrl\":\"https:\\\/\\\/www.tablaosflamencos.com\\\/wp-content\\\/uploads\\\/macarena-flamenca-2026-programacion-entradas-y-todo-lo-que-necesitas-saber-01.webp\",\"width\":1672,\"height\":941,\"caption\":\"Macarena Flamenca 2026: programaci\u00f3n, entradas y todo lo que necesitas saber\"},{\"@type\":\"BreadcrumbList\",\"@id\":\"https:\\\/\\\/www.tablaosflamencos.com\\\/de\\\/macarena-flamenca-2026-programm-tickets.html#breadcrumb\",\"itemListElement\":[{\"@type\":\"ListItem\",\"position\":1,\"name\":\"Home\",\"item\":\"https:\\\/\\\/www.tablaosflamencos.com\\\/de\"},{\"@type\":\"ListItem\",\"position\":2,\"name\":\"Macarena Flamenca 2026: Programm, Tickets und alles, was Sie wissen m\u00fcssen\"}]},{\"@type\":\"WebSite\",\"@id\":\"https:\\\/\\\/www.tablaosflamencos.com\\\/de#website\",\"url\":\"https:\\\/\\\/www.tablaosflamencos.com\\\/de\",\"name\":\"Tablaos Flamencos\",\"description\":\"Entradas para tablaos flamencos de Espa\u00f1a\",\"publisher\":{\"@id\":\"https:\\\/\\\/www.tablaosflamencos.com\\\/de#organization\"},\"alternateName\":\"Tablaos Flamencos\",\"potentialAction\":[{\"@type\":\"SearchAction\",\"target\":{\"@type\":\"EntryPoint\",\"urlTemplate\":\"https:\\\/\\\/www.tablaosflamencos.com\\\/de?s={search_term_string}\"},\"query-input\":{\"@type\":\"PropertyValueSpecification\",\"valueRequired\":true,\"valueName\":\"search_term_string\"}}],\"inLanguage\":\"de\"},{\"@type\":[\"Organization\",\"Place\",\"EntertainmentBusiness\"],\"@id\":\"https:\\\/\\\/www.tablaosflamencos.com\\\/de#organization\",\"name\":\"Tablaos Flamencos\",\"alternateName\":\"Tablaos Flamencos\",\"url\":\"https:\\\/\\\/www.tablaosflamencos.com\\\/de\",\"logo\":{\"@id\":\"https:\\\/\\\/www.tablaosflamencos.com\\\/de\\\/macarena-flamenca-2026-programm-tickets.html#local-main-organization-logo\"},\"image\":{\"@id\":\"https:\\\/\\\/www.tablaosflamencos.com\\\/de\\\/macarena-flamenca-2026-programm-tickets.html#local-main-organization-logo\"},\"sameAs\":[\"https:\\\/\\\/www.facebook.com\\\/tablaosflamencos\",\"https:\\\/\\\/x.com\\\/tablaosflamenco\",\"https:\\\/\\\/mastodon.social\\\/@tablaosflamencos\",\"https:\\\/\\\/www.instagram.com\\\/tablaosflamencos\",\"https:\\\/\\\/tiktok.com\\\/@tablaosflamencos\",\"https:\\\/\\\/www.linkedin.com\\\/company\\\/109408238\\\/\"],\"description\":\"Venta de entradas para espect\u00e1culos flamencos\",\"legalName\":\"Tablaos Flamencos\",\"foundingDate\":\"2015-01-01\",\"numberOfEmployees\":{\"@type\":\"QuantitativeValue\",\"minValue\":\"1\",\"maxValue\":\"10\"},\"address\":{\"@id\":\"https:\\\/\\\/www.tablaosflamencos.com\\\/de\\\/macarena-flamenca-2026-programm-tickets.html#local-main-place-address\"},\"geo\":{\"@type\":\"GeoCoordinates\",\"latitude\":\"37.3868072\",\"longitude\":\"-5.993280299999999\"},\"telephone\":[\"+34623787787\"],\"contactPoint\":{\"@type\":\"ContactPoint\",\"telephone\":\"+34623787787\",\"email\":\"info@tablaosflamencos.com\"},\"openingHoursSpecification\":{\"@type\":\"OpeningHoursSpecification\",\"dayOfWeek\":[\"Monday\",\"Tuesday\",\"Wednesday\",\"Thursday\",\"Friday\",\"Saturday\",\"Sunday\"],\"opens\":\"00:00\",\"closes\":\"23:59\"},\"email\":\"info@tablaosflamencos.com\",\"priceRange\":\"$$$\",\"currenciesAccepted\":\"\u20ac\"},{\"@type\":\"Person\",\"@id\":\"https:\\\/\\\/www.tablaosflamencos.com\\\/de#\\\/schema\\\/person\\\/e7a9ebe14eb75a52ceabfbffb3c54f5d\",\"name\":\"Miguel Ortiz\",\"description\":\"Miguel Ortiz es un empresario flamenco, con una s\u00f3lida trayectoria dentro del sector. Ha presidido entidades culturales vinculadas al flamenco y, cuenta con un amplio recorrido profesional en la gesti\u00f3n y promoci\u00f3n de espect\u00e1culos y tablaos flamencos. Su pasi\u00f3n por la historia y el arte flamenco se refleja en cada art\u00edculo, donde combina experiencia, criterio y un profundo respeto por la tradici\u00f3n.\",\"sameAs\":[\"https:\\\/\\\/www.tablaosflamencos.com\",\"https:\\\/\\\/www.instagra.com\\\/miguelortizfe\",\"https:\\\/\\\/www.linkedin.com\\\/in\\\/miguelortizf\\\/\"],\"birthDate\":\"1984-11-22\",\"gender\":\"hombre\",\"knowsLanguage\":[\"espa\u00f1ol\",\"ingl\u00e9s\"],\"jobTitle\":\"Empresario flamenco\"},{\"@type\":\"PostalAddress\",\"@id\":\"https:\\\/\\\/www.tablaosflamencos.com\\\/de\\\/macarena-flamenca-2026-programm-tickets.html#local-main-place-address\",\"streetAddress\":\"C\\\/ Alemanes, 19\",\"addressLocality\":\"Sevilla\",\"postalCode\":\"41004\",\"addressRegion\":\"Sevilla\",\"addressCountry\":\"ES\"},{\"@type\":\"ImageObject\",\"inLanguage\":\"de\",\"@id\":\"https:\\\/\\\/www.tablaosflamencos.com\\\/de\\\/macarena-flamenca-2026-programm-tickets.html#local-main-organization-logo\",\"url\":\"https:\\\/\\\/www.tablaosflamencos.com\\\/wp-content\\\/uploads\\\/tablaos-flamencos-06-3.webp\",\"contentUrl\":\"https:\\\/\\\/www.tablaosflamencos.com\\\/wp-content\\\/uploads\\\/tablaos-flamencos-06-3.webp\",\"width\":600,\"height\":620,\"caption\":\"Tablaos Flamencos\"}]}<\/script>\n<meta name=\"geo.placename\" content=\"Sevilla\" \/>\n<meta name=\"geo.position\" content=\"37.3868072;-5.993280299999999\" \/>\n<meta name=\"geo.region\" content=\"Spanien\" \/>\n<!-- \/ Yoast SEO Premium plugin. -->","yoast_head_json":{"title":"Macarena Flamenca 2026: Programm, Uhrzeit und Eintritt frei","description":"Macarena Flamenca 2026 in Sevilla: Programm, K\u00fcnstler, Hommage an Jos\u00e9 de la Tomasa, Uhrzeit, Ort und kostenloser Eintritt.","robots":{"index":"index","follow":"follow","max-snippet":"max-snippet:-1","max-image-preview":"max-image-preview:large","max-video-preview":"max-video-preview:-1"},"canonical":"https:\/\/www.tablaosflamencos.com\/de\/macarena-flamenca-2026-programm-tickets.html","og_locale":"de_DE","og_type":"article","og_title":"Macarena Flamenca 2026: Programm, Tickets und alles, was Sie wissen m\u00fcssen","og_description":"Macarena Flamenca 2026 in Sevilla: Programm, K\u00fcnstler, Hommage an Jos\u00e9 de la Tomasa, Uhrzeit, Ort und kostenloser Eintritt.","og_url":"https:\/\/www.tablaosflamencos.com\/de\/macarena-flamenca-2026-programm-tickets.html","og_site_name":"Tablaos Flamencos","article_publisher":"https:\/\/www.facebook.com\/tablaosflamencos","article_published_time":"2026-09-05T11:50:39+00:00","article_modified_time":"2026-09-05T12:11:33+00:00","og_image":[{"width":1672,"height":941,"url":"https:\/\/www.tablaosflamencos.com\/wp-content\/uploads\/macarena-flamenca-2026-programacion-entradas-y-todo-lo-que-necesitas-saber-01.webp","type":"image\/webp"}],"author":"Miguel Ortiz","twitter_card":"summary_large_image","twitter_creator":"@tablaosflamenco","twitter_site":"@tablaosflamenco","twitter_misc":{"Verfasst von":"Miguel Ortiz","Gesch\u00e4tzte Lesezeit":"14\u00a0Minuten"},"schema":{"@context":"https:\/\/schema.org","@graph":[{"@type":"Article","@id":"https:\/\/www.tablaosflamencos.com\/de\/macarena-flamenca-2026-programm-tickets.html#article","isPartOf":{"@id":"https:\/\/www.tablaosflamencos.com\/de\/macarena-flamenca-2026-programm-tickets.html"},"author":{"name":"Miguel Ortiz","@id":"https:\/\/www.tablaosflamencos.com\/de#\/schema\/person\/e7a9ebe14eb75a52ceabfbffb3c54f5d"},"headline":"Macarena Flamenca 2026: Programm, Tickets und alles, was Sie wissen m\u00fcssen","datePublished":"2026-09-05T11:50:39+00:00","dateModified":"2026-09-05T12:11:33+00:00","mainEntityOfPage":{"@id":"https:\/\/www.tablaosflamencos.com\/de\/macarena-flamenca-2026-programm-tickets.html"},"wordCount":2823,"publisher":{"@id":"https:\/\/www.tablaosflamencos.com\/de#organization"},"image":{"@id":"https:\/\/www.tablaosflamencos.com\/de\/macarena-flamenca-2026-programm-tickets.html#primaryimage"},"thumbnailUrl":"https:\/\/www.tablaosflamencos.com\/wp-content\/uploads\/macarena-flamenca-2026-programacion-entradas-y-todo-lo-que-necesitas-saber-01.webp","keywords":["Bienal de Flamenco","festivales flamencos","flamenco en Sevilla","Flamenco-Gesang","Flamenco-Tanz","kostenloser Flamenco","sevilla"],"articleSection":["Flamenco-Festivals"],"inLanguage":"de"},{"@type":"WebPage","@id":"https:\/\/www.tablaosflamencos.com\/de\/macarena-flamenca-2026-programm-tickets.html","url":"https:\/\/www.tablaosflamencos.com\/de\/macarena-flamenca-2026-programm-tickets.html","name":"Macarena Flamenca 2026: Programm, Uhrzeit und Eintritt frei","isPartOf":{"@id":"https:\/\/www.tablaosflamencos.com\/de#website"},"primaryImageOfPage":{"@id":"https:\/\/www.tablaosflamencos.com\/de\/macarena-flamenca-2026-programm-tickets.html#primaryimage"},"image":{"@id":"https:\/\/www.tablaosflamencos.com\/de\/macarena-flamenca-2026-programm-tickets.html#primaryimage"},"thumbnailUrl":"https:\/\/www.tablaosflamencos.com\/wp-content\/uploads\/macarena-flamenca-2026-programacion-entradas-y-todo-lo-que-necesitas-saber-01.webp","datePublished":"2026-09-05T11:50:39+00:00","dateModified":"2026-09-05T12:11:33+00:00","description":"Macarena Flamenca 2026 in Sevilla: Programm, K\u00fcnstler, Hommage an Jos\u00e9 de la Tomasa, Uhrzeit, Ort und kostenloser Eintritt.","breadcrumb":{"@id":"https:\/\/www.tablaosflamencos.com\/de\/macarena-flamenca-2026-programm-tickets.html#breadcrumb"},"inLanguage":"de","potentialAction":[{"@type":"ReadAction","target":["https:\/\/www.tablaosflamencos.com\/de\/macarena-flamenca-2026-programm-tickets.html"]}]},{"@type":"ImageObject","inLanguage":"de","@id":"https:\/\/www.tablaosflamencos.com\/de\/macarena-flamenca-2026-programm-tickets.html#primaryimage","url":"https:\/\/www.tablaosflamencos.com\/wp-content\/uploads\/macarena-flamenca-2026-programacion-entradas-y-todo-lo-que-necesitas-saber-01.webp","contentUrl":"https:\/\/www.tablaosflamencos.com\/wp-content\/uploads\/macarena-flamenca-2026-programacion-entradas-y-todo-lo-que-necesitas-saber-01.webp","width":1672,"height":941,"caption":"Macarena Flamenca 2026: programaci\u00f3n, entradas y todo lo que necesitas saber"},{"@type":"BreadcrumbList","@id":"https:\/\/www.tablaosflamencos.com\/de\/macarena-flamenca-2026-programm-tickets.html#breadcrumb","itemListElement":[{"@type":"ListItem","position":1,"name":"Home","item":"https:\/\/www.tablaosflamencos.com\/de"},{"@type":"ListItem","position":2,"name":"Macarena Flamenca 2026: Programm, Tickets und alles, was Sie wissen m\u00fcssen"}]},{"@type":"WebSite","@id":"https:\/\/www.tablaosflamencos.com\/de#website","url":"https:\/\/www.tablaosflamencos.com\/de","name":"Tablaos Flamencos","description":"Entradas para tablaos flamencos de Espa\u00f1a","publisher":{"@id":"https:\/\/www.tablaosflamencos.com\/de#organization"},"alternateName":"Tablaos Flamencos","potentialAction":[{"@type":"SearchAction","target":{"@type":"EntryPoint","urlTemplate":"https:\/\/www.tablaosflamencos.com\/de?s={search_term_string}"},"query-input":{"@type":"PropertyValueSpecification","valueRequired":true,"valueName":"search_term_string"}}],"inLanguage":"de"},{"@type":["Organization","Place","EntertainmentBusiness"],"@id":"https:\/\/www.tablaosflamencos.com\/de#organization","name":"Tablaos Flamencos","alternateName":"Tablaos Flamencos","url":"https:\/\/www.tablaosflamencos.com\/de","logo":{"@id":"https:\/\/www.tablaosflamencos.com\/de\/macarena-flamenca-2026-programm-tickets.html#local-main-organization-logo"},"image":{"@id":"https:\/\/www.tablaosflamencos.com\/de\/macarena-flamenca-2026-programm-tickets.html#local-main-organization-logo"},"sameAs":["https:\/\/www.facebook.com\/tablaosflamencos","https:\/\/x.com\/tablaosflamenco","https:\/\/mastodon.social\/@tablaosflamencos","https:\/\/www.instagram.com\/tablaosflamencos","https:\/\/tiktok.com\/@tablaosflamencos","https:\/\/www.linkedin.com\/company\/109408238\/"],"description":"Venta de entradas para espect\u00e1culos flamencos","legalName":"Tablaos Flamencos","foundingDate":"2015-01-01","numberOfEmployees":{"@type":"QuantitativeValue","minValue":"1","maxValue":"10"},"address":{"@id":"https:\/\/www.tablaosflamencos.com\/de\/macarena-flamenca-2026-programm-tickets.html#local-main-place-address"},"geo":{"@type":"GeoCoordinates","latitude":"37.3868072","longitude":"-5.993280299999999"},"telephone":["+34623787787"],"contactPoint":{"@type":"ContactPoint","telephone":"+34623787787","email":"info@tablaosflamencos.com"},"openingHoursSpecification":{"@type":"OpeningHoursSpecification","dayOfWeek":["Monday","Tuesday","Wednesday","Thursday","Friday","Saturday","Sunday"],"opens":"00:00","closes":"23:59"},"email":"info@tablaosflamencos.com","priceRange":"$$$","currenciesAccepted":"\u20ac"},{"@type":"Person","@id":"https:\/\/www.tablaosflamencos.com\/de#\/schema\/person\/e7a9ebe14eb75a52ceabfbffb3c54f5d","name":"Miguel Ortiz","description":"Miguel Ortiz es un empresario flamenco, con una s\u00f3lida trayectoria dentro del sector. Ha presidido entidades culturales vinculadas al flamenco y, cuenta con un amplio recorrido profesional en la gesti\u00f3n y promoci\u00f3n de espect\u00e1culos y tablaos flamencos. Su pasi\u00f3n por la historia y el arte flamenco se refleja en cada art\u00edculo, donde combina experiencia, criterio y un profundo respeto por la tradici\u00f3n.","sameAs":["https:\/\/www.tablaosflamencos.com","https:\/\/www.instagra.com\/miguelortizfe","https:\/\/www.linkedin.com\/in\/miguelortizf\/"],"birthDate":"1984-11-22","gender":"hombre","knowsLanguage":["espa\u00f1ol","ingl\u00e9s"],"jobTitle":"Empresario flamenco"},{"@type":"PostalAddress","@id":"https:\/\/www.tablaosflamencos.com\/de\/macarena-flamenca-2026-programm-tickets.html#local-main-place-address","streetAddress":"C\/ Alemanes, 19","addressLocality":"Sevilla","postalCode":"41004","addressRegion":"Sevilla","addressCountry":"ES"},{"@type":"ImageObject","inLanguage":"de","@id":"https:\/\/www.tablaosflamencos.com\/de\/macarena-flamenca-2026-programm-tickets.html#local-main-organization-logo","url":"https:\/\/www.tablaosflamencos.com\/wp-content\/uploads\/tablaos-flamencos-06-3.webp","contentUrl":"https:\/\/www.tablaosflamencos.com\/wp-content\/uploads\/tablaos-flamencos-06-3.webp","width":600,"height":620,"caption":"Tablaos Flamencos"}]},"geo.placename":"Sevilla","geo.position":{"lat":"37.3868072","long":"-5.993280299999999"},"geo.region":"Spanien"},"_links":{"self":[{"href":"https:\/\/www.tablaosflamencos.com\/de\/wp-json\/wp\/v2\/posts\/14768","targetHints":{"allow":["GET"]}}],"collection":[{"href":"https:\/\/www.tablaosflamencos.com\/de\/wp-json\/wp\/v2\/posts"}],"about":[{"href":"https:\/\/www.tablaosflamencos.com\/de\/wp-json\/wp\/v2\/types\/post"}],"author":[{"embeddable":true,"href":"https:\/\/www.tablaosflamencos.com\/de\/wp-json\/wp\/v2\/users\/1"}],"replies":[{"embeddable":true,"href":"https:\/\/www.tablaosflamencos.com\/de\/wp-json\/wp\/v2\/comments?post=14768"}],"version-history":[{"count":1,"href":"https:\/\/www.tablaosflamencos.com\/de\/wp-json\/wp\/v2\/posts\/14768\/revisions"}],"predecessor-version":[{"id":14809,"href":"https:\/\/www.tablaosflamencos.com\/de\/wp-json\/wp\/v2\/posts\/14768\/revisions\/14809"}],"wp:featuredmedia":[{"embeddable":true,"href":"https:\/\/www.tablaosflamencos.com\/de\/wp-json\/wp\/v2\/media\/14653"}],"wp:attachment":[{"href":"https:\/\/www.tablaosflamencos.com\/de\/wp-json\/wp\/v2\/media?parent=14768"}],"wp:term":[{"taxonomy":"category","embeddable":true,"href":"https:\/\/www.tablaosflamencos.com\/de\/wp-json\/wp\/v2\/categories?post=14768"},{"taxonomy":"post_tag","embeddable":true,"href":"https:\/\/www.tablaosflamencos.com\/de\/wp-json\/wp\/v2\/tags?post=14768"}],"curies":[{"name":"wp","href":"https:\/\/api.w.org\/{rel}","templated":true}]}}