{"id":14727,"date":"2026-09-05T12:21:41","date_gmt":"2026-09-05T10:21:41","guid":{"rendered":"https:\/\/www.tablaosflamencos.com\/?p=14727"},"modified":"2026-09-05T12:54:53","modified_gmt":"2026-09-05T10:54:53","slug":"was-tun-sevilla-waehrend-flamenco-biennale-2026","status":"publish","type":"post","link":"https:\/\/www.tablaosflamencos.com\/de\/was-tun-sevilla-waehrend-flamenco-biennale-2026.html","title":{"rendered":"Was Sie in Sevilla w\u00e4hrend der Flamenco-Biennale 2026 unternehmen k\u00f6nnen"},"content":{"rendered":"<section class=\"l-section wpb_row height_huge\"><div class=\"l-section-h i-cf\"><div class=\"g-cols vc_row via_flex valign_middle type_default stacking_default\"><div class=\"vc_col-sm-6 wpb_column vc_column_container\"><div class=\"vc_column-inner\"><div class=\"wpb_wrapper\"><div class=\"wpb_text_column\"><div class=\"wpb_wrapper\"><h2>Sevilla w\u00e4hrend der Biennale: viel mehr als eine Vorstellung nach der anderen<\/h2>\n<p>Die <strong>Flamenco-Biennale von Sevilla 2026<\/strong> l\u00e4uft vom <strong>9. September bis 3. Oktober<\/strong> und w\u00e4hrend dieser Wochen ver\u00e4ndert sich der Rhythmus der Stadt. Gro\u00dfe Theater, historische Spielst\u00e4tten und Freilichtb\u00fchnen bieten ein au\u00dfergew\u00f6hnliches Programm. Wer seinen Besuch jedoch auf die Vorstellungen beschr\u00e4nkt, verpasst einen wichtigen Teil des Erlebnisses.<\/p>\n<p>Die Biennale l\u00e4sst sich auch am Vormittag, zwischen zwei Vorstellungen und nach dem letzten Auftritt erleben. Kostenlose Ausstellungen, Flamenco auf der Stra\u00dfe, mit der Geschichte dieser Kunst verbundene Viertel, M\u00e4rkte, Terrassen, Sehensw\u00fcrdigkeiten und Spazierg\u00e4nge am Guadalquivir erg\u00e4nzen das Angebot. Hinzu kommen die Tablaos, deren regelm\u00e4\u00dfiges Programm unabh\u00e4ngig vom offiziellen Festival weiterl\u00e4uft.<\/p>\n<p>Dieser Guide richtet sich an Besucher, die Sevilla w\u00e4hrend der Biennale erleben und den ganzen Tag planen m\u00f6chten: <strong>was Sie vor einer Vorstellung unternehmen k\u00f6nnen, wie Sie die Zeit zwischen den Auff\u00fchrungen nutzen und wo Sie Ihren Flamenco-Abend fortsetzen<\/strong>.<\/p>\n<\/div><\/div><\/div><\/div><\/div><div class=\"vc_col-sm-6 wpb_column vc_column_container\"><div class=\"vc_column-inner\"><div class=\"wpb_wrapper\"><div class=\"wpb_text_column\"><div class=\"wpb_wrapper\"><blockquote>\n<p style=\"margin: 0;\"><strong>Auf einen Blick:<\/strong> W\u00e4hrend der Flamenco-Biennale 2026 k\u00f6nnen Sie das offizielle Programm mit der kostenlosen Ausstellung <em>La noche azul<\/em>, Veranstaltungen von \u201eOtras perlas\u201c, Spazierg\u00e4ngen durch Triana und die Altstadt, Besuchen im Real Alc\u00e1zar, in der Kathedrale oder auf der Plaza de Espa\u00f1a, sevillanischer Gastronomie und Flamenco-Shows au\u00dferhalb des offiziellen Programms verbinden. Entscheidend ist, den Tag nach Stadtgebieten zu planen und unn\u00f6tige Wege zu vermeiden.<\/p>\n<\/blockquote>\n<\/div><\/div><\/div><\/div><\/div><\/div><\/div><\/section><section class=\"l-section wpb_row height_huge\"><div class=\"l-section-h i-cf\"><div class=\"g-cols vc_row via_flex valign_top type_default stacking_default\"><div class=\"vc_col-sm-3 wpb_column vc_column_container\"><div class=\"vc_column-inner\"><div class=\"wpb_wrapper\"><\/div><\/div><\/div><div class=\"vc_col-sm-6 wpb_column vc_column_container\"><div class=\"vc_column-inner\"><div class=\"wpb_wrapper\"><div class=\"wpb_text_column\"><div class=\"wpb_wrapper\"><h2>Was Sie in Sevilla w\u00e4hrend der Flamenco-Biennale 2026 unternehmen k\u00f6nnen<\/h2>\n<ul>\n<li><a href=\"#manana\">Unternehmungen am Vormittag<\/a><\/li>\n<li><a href=\"#otras-perlas\">Das Rahmenprogramm der Biennale<\/a><\/li>\n<li><a href=\"#barrios\">Sehenswerte Stadtviertel<\/a><\/li>\n<li><a href=\"#entre-espectaculos\">Unternehmungen zwischen zwei Vorstellungen<\/a><\/li>\n<li><a href=\"#comer\">Sevillanische Gastronomie in den Tagesplan einbauen<\/a><\/li>\n<li><a href=\"#noche\">Den Abend nach einer Biennale-Vorstellung fortsetzen<\/a><\/li>\n<li><a href=\"#itinerarios\">Drei praktische Tagesrouten<\/a><\/li>\n<li><a href=\"#consejos\">Tipps f\u00fcr Ihren Aufenthalt<\/a><\/li>\n<li><a href=\"#faq\">H\u00e4ufig gestellte Fragen<\/a><\/li>\n<\/ul>\n<p>Wenn Sie noch \u00fcberlegen, welche Vorstellungen Sie besuchen m\u00f6chten, lesen Sie zun\u00e4chst unseren <a href=\"https:\/\/www.tablaosflamencos.com\/de\/flamenco-biennale-sevilla-2026.html\"><strong>vollst\u00e4ndigen Guide zur Flamenco-Biennale von Sevilla 2026<\/strong><\/a>, mit Programm, Terminen und Spielst\u00e4tten.<\/p>\n<\/div><\/div><\/div><\/div><\/div><div class=\"vc_col-sm-3 wpb_column vc_column_container\"><div class=\"vc_column-inner\"><div class=\"wpb_wrapper\"><\/div><\/div><\/div><\/div><\/div><\/section><section class=\"l-section wpb_row height_huge color_alternate with_shape\"><div class=\"l-section-shape type_zigzag pos_top hor_flip\" style=\"height:3vmin;\"><svg xmlns=\"http:\/\/www.w3.org\/2000\/svg\" viewBox=\"0 0 64 8\" preserveAspectRatio=\"none\" width=\"100%\" height=\"100%\">\r\n\t<path fill=\"currentColor\" d=\"M64 8 L0 8 L0 0 L20 7.9 L40 3 L48 5 L64 0 Z\"\/>\r\n<\/svg><\/div><div class=\"l-section-shape type_zigzag pos_bottom\" style=\"height:3vmin;\"><svg xmlns=\"http:\/\/www.w3.org\/2000\/svg\" viewBox=\"0 0 64 8\" preserveAspectRatio=\"none\" width=\"100%\" height=\"100%\">\r\n\t<path fill=\"currentColor\" d=\"M64 8 L0 8 L0 0 L20 7.9 L40 3 L48 5 L64 0 Z\"\/>\r\n<\/svg><\/div><div class=\"l-section-h i-cf\"><div class=\"g-cols vc_row via_flex valign_top type_default stacking_default\"><div class=\"vc_col-sm-12 wpb_column vc_column_container\"><div class=\"vc_column-inner\"><div class=\"wpb_wrapper\"><div class=\"wpb_text_column\"><div class=\"wpb_wrapper\"><h2 id=\"manana\">Am Vormittag: Sevilla, bevor der Flamenco beginnt<\/h2>\n<p>Die meisten B\u00fchnenveranstaltungen der Biennale liegen am Nachmittag und Abend, auch wenn es Matineen und Sonderveranstaltungen gibt. So bleiben viele Vormittage frei, um Sevilla kennenzulernen, ohne auf die Vorstellungen zu verzichten.<\/p>\n<h3>Real Alc\u00e1zar und das Viertel Santa Cruz<\/h3>\n<p>Der Real Alc\u00e1zar ist bei dieser Ausgabe besonders interessant, weil er ebenfalls zu den Spielst\u00e4tten der Biennale geh\u00f6rt. Ein Besuch am Vormittag verdeutlicht den kulturellen und historischen Charakter eines Programms, das historische Geb\u00e4ude als B\u00fchnen nutzt.<\/p>\n<p>Anschlie\u00dfend k\u00f6nnen Sie Santa Cruz erkunden, zur Kathedrale und Giralda gehen und bis zum Archivo de Indias weiterlaufen. Diese Sehensw\u00fcrdigkeiten liegen nur einen kurzen Fu\u00dfweg von mehreren regelm\u00e4\u00dfigen Biennale-Spielst\u00e4tten entfernt. Das passt besonders gut, wenn Sie am Nachmittag eine Vorstellung im Zentrum besuchen.<\/p>\n<p>Zum Programm in diesem Bauwerk haben wir einen eigenen Guide \u00fcber <a href=\"https:\/\/www.tablaosflamencos.com\/de\/flamenco-real-alcazar-flamenco-biennale-sevilla-2026.html\"><strong>Flamenco im Real Alc\u00e1zar w\u00e4hrend der Biennale 2026<\/strong><\/a>.<\/p>\n<h3>Plaza de Espa\u00f1a und Mar\u00eda-Luisa-Park<\/h3>\n<p>Eine weitere unkomplizierte Vormittagsidee ist ein Spaziergang durch den Mar\u00eda-Luisa-Park und \u00fcber die Plaza de Espa\u00f1a. Dieses Gebiet ist besonders praktisch, wenn Sie sp\u00e4ter eine Vorstellung im Teatro Lope de Vega direkt neben dem Park besuchen.<\/p>\n<p>Der Vorteil, die Stadtbesichtigung rund um die Spielst\u00e4tte des Abends zu planen, liegt auf der Hand: Das Zentrum von Sevilla l\u00e4sst sich gut zu Fu\u00df erkunden. Unn\u00f6tige Wege k\u00f6nnen jedoch erm\u00fcden, wenn noch mehrere Stunden voller Auff\u00fchrungen vor Ihnen liegen.<\/p>\n<\/div><\/div><\/div><\/div><\/div><\/div><\/div><\/section><section class=\"l-section wpb_row height_huge\"><div class=\"l-section-h i-cf\"><div class=\"g-cols vc_row via_flex valign_top type_default stacking_default\"><div class=\"vc_col-sm-12 wpb_column vc_column_container\"><div class=\"vc_column-inner\"><div class=\"wpb_wrapper\"><div class=\"wpb_text_column\"><div class=\"wpb_wrapper\"><h2 id=\"otras-perlas\">Nutzen Sie \u201eOtras perlas\u201c: die Biennale au\u00dferhalb der Theater<\/h2>\n<p>Das offizielle Rahmenprogramm 2026 tr\u00e4gt den Namen <strong>\u201eOtras perlas\u201c<\/strong> und umfasst Ausstellungen, Stra\u00dfenveranstaltungen, Familienaktivit\u00e4ten und weitere Kulturangebote. Damit l\u00e4sst sich die Zeit zwischen zwei Vorstellungen besonders gut nutzen, ohne die Welt des Flamenco zu verlassen.<\/p>\n<h3>La noche azul: eine kostenlose Ausstellung zum Verst\u00e4ndnis der \u00d3pera Flamenca<\/h3>\n<p>Im Zeitraum <strong>2. September bis 22. November 2026<\/strong>: In der Real F\u00e1brica de Artiller\u00eda ist folgende Ausstellung zu sehen: <em>La noche azul. \u00d3pera Flamenca en la colecci\u00f3n de Carlos Mart\u00edn Ballester<\/em>. Die Schau vereint Hunderte Dokumente, Plakate, Schallplatten, Grammophone, Fotografien und weitere Materialien zur Verbreitung der \u00d3pera Flamenca in der ersten H\u00e4lfte des 20. Jahrhunderts.<\/p>\n<p>Der Eintritt ist im Rahmen der verf\u00fcgbaren Kapazit\u00e4t kostenlos. Die Stadtverwaltung nennt folgende \u00d6ffnungszeiten: Montag bis Samstag von 10:00 bis 20:00 Uhr und Sonntag von 10:00 bis 14:00 Uhr. Ein Besuch am Vormittag oder fr\u00fchen Nachmittag ist besonders empfehlenswert, weil Sie die Geschichte des Cante vertiefen k\u00f6nnen, bevor Sie Flamenco live h\u00f6ren.<\/p>\n<p>Weitere Informationen finden Sie in unserem Guide zu <a href=\"https:\/\/www.tablaosflamencos.com\/de\/die-blaue-nacht-flamenco-oper-biennale-sevilla-2026.html\"><strong>La noche azul<\/strong><\/a>.<\/p>\n<h3>Flamenco auf der Stra\u00dfe<\/h3>\n<p>Die Biennale bringt einen Teil ihres Programms auch auf Pl\u00e4tze und in offene Stadtr\u00e4ume. Diese Veranstaltungen erm\u00f6glichen Begegnungen mit Flamenco au\u00dferhalb des \u00fcblichen Vorstellungsformats und verbinden das Festival mit unterschiedlichen Vierteln Sevillas.<\/p>\n<p>Zum Rahmenprogramm geh\u00f6ren au\u00dferdem Projekte wie die wandernde Installation <strong>\u201eSala de revelado\u201c<\/strong>, die die normalerweise verborgene Arbeit hinter den Auff\u00fchrungen zeigt: Proben, kreative Prozesse, pers\u00f6nliche Berichte und dokumentarisches Material.<\/p>\n<p>Kostenlose Unternehmungen finden Sie in unserer aktualisierten \u00dcbersicht der <a href=\"https:\/\/www.tablaosflamencos.com\/de\/flamenco-biennale-sevilla-2026-kostenlos.html\"><strong>kostenlosen Vorstellungen und Aktivit\u00e4ten der Biennale 2026<\/strong><\/a>.<\/p>\n<\/div><\/div><\/div><\/div><\/div><\/div><\/div><\/section><section class=\"l-section wpb_row height_huge color_alternate with_shape\"><div class=\"l-section-shape type_zigzag pos_top hor_flip\" style=\"height:3vmin;\"><svg xmlns=\"http:\/\/www.w3.org\/2000\/svg\" viewBox=\"0 0 64 8\" preserveAspectRatio=\"none\" width=\"100%\" height=\"100%\">\r\n\t<path fill=\"currentColor\" d=\"M64 8 L0 8 L0 0 L20 7.9 L40 3 L48 5 L64 0 Z\"\/>\r\n<\/svg><\/div><div class=\"l-section-shape type_zigzag pos_bottom\" style=\"height:3vmin;\"><svg xmlns=\"http:\/\/www.w3.org\/2000\/svg\" viewBox=\"0 0 64 8\" preserveAspectRatio=\"none\" width=\"100%\" height=\"100%\">\r\n\t<path fill=\"currentColor\" d=\"M64 8 L0 8 L0 0 L20 7.9 L40 3 L48 5 L64 0 Z\"\/>\r\n<\/svg><\/div><div class=\"l-section-h i-cf\"><div class=\"g-cols vc_row via_flex valign_top type_default stacking_default\"><div class=\"vc_col-sm-12 wpb_column vc_column_container\"><div class=\"vc_column-inner\"><div class=\"wpb_wrapper\"><div class=\"wpb_text_column\"><div class=\"wpb_wrapper\"><h2 id=\"barrios\">Erkunden Sie Sevillas Flamenco-Viertel<\/h2>\n<h3>Triana: ein naheliegender Besuch w\u00e4hrend der Biennale<\/h3>\n<p>Triana geh\u00f6rt zur Geschichte des sevillanischen Flamenco und lohnt einen Besuch, selbst wenn Ihre Abendvorstellung anderswo stattfindet. Sie k\u00f6nnen die Puente de Isabel II \u00fcberqueren, durch die Calle Pureza gehen, den Mercado de Triana besuchen, die Calle Betis entlangspazieren und den Rundgang am Fluss beenden.<\/p>\n<p>W\u00e4hrend der Biennale erh\u00e4lt das Viertel zudem durch die historisch mit dem Hotel Triana verbundenen Veranstaltungen besondere Bedeutung. Wegen der hohen Nachfrage wurden 2026 die drei dort f\u00fcr den 17., 18. und 19. September geplanten Vorstellungen an einen anderen Ort verlegt: <strong>Muelle de la Sal<\/strong>, bei unver\u00e4nderten Terminen und Uhrzeiten.<\/p>\n<h3>Die Altstadt: von San Luis zur Alameda<\/h3>\n<p>Im n\u00f6rdlichen Zentrum lassen sich Kulturerbe und Flamenco leicht verbinden. In der Kirche San Luis de los Franceses finden die <strong>Matin\u00e9s \u00danicas<\/strong> statt. Ganz in der N\u00e4he liegen die Alameda de H\u00e9rcules, die Calle Feria und interessante M\u00f6glichkeiten zum Essen oder f\u00fcr ein Getr\u00e4nk, ohne weite Wege zur\u00fccklegen zu m\u00fcssen.<\/p>\n<p>Lesen Sie vor Ihrem Matineebesuch unseren Guide zu den <a href=\"https:\/\/www.tablaosflamencos.com\/de\/einzigartige-matineen-flamenco-biennale-sevilla-2026.html\"><strong>Matin\u00e9s \u00danicas der Biennale 2026<\/strong><\/a>.<\/p>\n<h3>El Arenal: Fluss, Maestranza und Biennale<\/h3>\n<p>El Arenal ist ein weiteres strategisch g\u00fcnstiges Gebiet. Hier k\u00f6nnen Sie einen Spaziergang am Guadalquivir mit der Torre del Oro, der Stierkampfarena Real Maestranza, dem Muelle de la Sal und dem Teatro de la Maestranza verbinden. Wenn Ihre Vorstellung an einem dieser Orte stattfindet, reservieren Sie am besten den ganzen Nachmittag f\u00fcr diese Gegend.<\/p>\n<\/div><\/div><\/div><\/div><\/div><\/div><\/div><\/section><section class=\"l-section wpb_row height_huge\"><div class=\"l-section-h i-cf\"><div class=\"g-cols vc_row via_flex valign_top type_default stacking_default\"><div class=\"vc_col-sm-12 wpb_column vc_column_container\"><div class=\"vc_column-inner\"><div class=\"wpb_wrapper\"><div class=\"wpb_text_column\"><div class=\"wpb_wrapper\"><h2 id=\"entre-espectaculos\">Was Sie zwischen zwei Biennale-Vorstellungen unternehmen k\u00f6nnen<\/h2>\n<p>Eine h\u00e4ufige Herausforderung bei der Biennale-Planung entsteht, wenn Sie zwei Vorstellungen am selben Tag buchen und dazwischen zwei oder drei Stunden frei haben. In diesem Fall ist es wenig sinnvoll, noch eine vollst\u00e4ndige Besichtigung einer gro\u00dfen Sehensw\u00fcrdigkeit einzuplanen.<\/p>\n<h3>Wenn Sie im Zentrum sind<\/h3>\n<p>Spazieren Sie rund um die Kathedrale, \u00fcber die Avenida de la Constituci\u00f3n, die Plaza Nueva und die Plaza de San Francisco; trinken Sie etwas auf einer Terrasse; besuchen Sie eine Ausstellung oder gehen Sie zum Guadalquivir. Diese Aktivit\u00e4ten lassen sich flexibel beenden, sobald Sie zur n\u00e4chsten Spielst\u00e4tte aufbrechen m\u00fcssen.<\/p>\n<h3>Wenn Sie in Cartuja sind<\/h3>\n<p>Das Teatro Central liegt weiter vom historischen Zentrum entfernt. Planen Sie f\u00fcr eine Vorstellung dort die Wege sorgf\u00e4ltiger und vermeiden Sie einen zu engen Zeitplan unmittelbar davor oder danach. Sie k\u00f6nnen in Cartuja bleiben oder erst dann ins Zentrum zur\u00fcckkehren, wenn ausreichend Zeit vorhanden ist.<\/p>\n<h3>Zwischen Lope de Vega und Maestranza<\/h3>\n<p>Die Entfernung erlaubt einen Spaziergang durch einen guten Teil des Zentrums. Sie k\u00f6nnen \u00fcber den Mar\u00eda-Luisa-Park, Puerta de Jerez, Torre del Oro und Paseo de Col\u00f3n gehen. Die angenehme Route macht den Weg zwischen den Spielst\u00e4tten zu einem Bestandteil Ihres Besichtigungstages.<\/p>\n<\/div><\/div><\/div><\/div><\/div><\/div><\/div><\/section><section class=\"l-section wpb_row height_huge color_alternate with_shape\"><div class=\"l-section-shape type_zigzag pos_top hor_flip\" style=\"height:3vmin;\"><svg xmlns=\"http:\/\/www.w3.org\/2000\/svg\" viewBox=\"0 0 64 8\" preserveAspectRatio=\"none\" width=\"100%\" height=\"100%\">\r\n\t<path fill=\"currentColor\" d=\"M64 8 L0 8 L0 0 L20 7.9 L40 3 L48 5 L64 0 Z\"\/>\r\n<\/svg><\/div><div class=\"l-section-shape type_zigzag pos_bottom\" style=\"height:3vmin;\"><svg xmlns=\"http:\/\/www.w3.org\/2000\/svg\" viewBox=\"0 0 64 8\" preserveAspectRatio=\"none\" width=\"100%\" height=\"100%\">\r\n\t<path fill=\"currentColor\" d=\"M64 8 L0 8 L0 0 L20 7.9 L40 3 L48 5 L64 0 Z\"\/>\r\n<\/svg><\/div><div class=\"l-section-h i-cf\"><div class=\"g-cols vc_row via_flex valign_top type_default stacking_default\"><div class=\"vc_col-sm-12 wpb_column vc_column_container\"><div class=\"vc_column-inner\"><div class=\"wpb_wrapper\"><div class=\"wpb_text_column\"><div class=\"wpb_wrapper\"><h2 id=\"comer\">Gastronomie: gut essen und trotzdem p\u00fcnktlich zur Vorstellung kommen<\/h2>\n<p>W\u00e4hrend der Biennale sollten Sie Ihre Essenszeiten an die gebuchten Vorstellungen anpassen. Manche Auff\u00fchrungen beginnen um 19:00 oder 20:00 Uhr, andere gegen 21:30 Uhr, und sp\u00e4te Vorstellungen k\u00f6nnen nach 22:00 Uhr starten.<\/p>\n<p>Bei einer fr\u00fchen Vorstellung bietet es sich an, die Hauptmahlzeit etwas sp\u00e4ter einzunehmen und anschlie\u00dfend nur noch leicht zu Abend zu essen oder Tapas zu bestellen. Beginnt die Vorstellung um 22:30 Uhr, k\u00f6nnen Sie vorher essen. Vermeiden Sie dabei Restaurants weit entfernt von der Spielst\u00e4tte und Mahlzeiten, die zu lange dauern k\u00f6nnten.<\/p>\n<h3>Was Sie probieren sollten<\/h3>\n<p>Im September ist es in Sevilla noch warm. Daher passen Gazpacho, Salmorejo, Ensaladilla, Spinat mit Kichererbsen, frittierter Fisch und kalte Tapas besonders gut. Probieren Sie auch sevillanische Klassiker wie Montaditos, Pring\u00e1, Schweinefilet in Whiskysauce oder verschiedene Kabeljaugerichte.<\/p>\n<p>In Triana, Arenal, Santa Cruz, Alameda und rund um die Calle Feria gibt es gen\u00fcgend M\u00f6glichkeiten, das Essen in die Tagesroute einzubauen. W\u00e4hrend der Biennale sollte die Priorit\u00e4t darauf liegen, <strong>in der N\u00e4he der n\u00e4chsten Vorstellung zu essen<\/strong>, statt kurz vor Beginn f\u00fcr ein bestimmtes Restaurant quer durch die Stadt zu fahren.<\/p>\n<\/div><\/div><\/div><\/div><\/div><\/div><\/div><\/section><section class=\"l-section wpb_row height_huge\"><div class=\"l-section-h i-cf\"><div class=\"g-cols vc_row via_flex valign_top type_default stacking_default\"><div class=\"vc_col-sm-12 wpb_column vc_column_container\"><div class=\"vc_column-inner\"><div class=\"wpb_wrapper\"><div class=\"wpb_text_column\"><div class=\"wpb_wrapper\"><h2 id=\"noche\">Nach der Vorstellung: Flamenco endet nicht mit der Biennale<\/h2>\n<p>Eine Biennale-Vorstellung kann der Mittelpunkt des Abends sein, muss aber nicht dessen Ende bedeuten. Sevilla bietet das ganze Jahr \u00fcber Flamenco-Shows in Tablaos mit sehr unterschiedlichen Formaten und Atmosph\u00e4ren.<\/p>\n<p>Das ist in drei Situationen besonders n\u00fctzlich: wenn Sie kein Ticket f\u00fcr die gew\u00fcnschte Vorstellung bekommen haben, wenn offizielle Auff\u00fchrungen nur einen Teil Ihres Aufenthalts abdecken oder wenn Sie ein gro\u00dfes Theater mit einem kleineren Veranstaltungsort vergleichen m\u00f6chten.<\/p>\n<p>Unser Guide zu <a href=\"https:\/\/www.tablaosflamencos.com\/de\/flamenco-sevilla-biennale-2026-shows-ausserhalb-offizielles-programm.html\"><strong>Flamenco in Sevilla w\u00e4hrend der Biennale au\u00dferhalb des offiziellen Programms<\/strong><\/a> zeigt Alternativen. Wenn Sie zun\u00e4chst verstehen m\u00f6chten, was eine solide touristische Show von einer k\u00fcnstlerisch interessanteren Auff\u00fchrung unterscheidet, lesen Sie auch, <a href=\"https:\/\/www.tablaosflamencos.com\/de\/authentischer-flamenco-sevilla-gute-show.html\"><strong>wo Sie authentischen Flamenco in Sevilla erleben k\u00f6nnen<\/strong><\/a>.<\/p>\n<p>Wenn eine bestimmte Vorstellung ausverkauft ist, finden Sie au\u00dferdem einen eigenen Guide dar\u00fcber, <a href=\"https:\/\/www.tablaosflamencos.com\/de\/flamenco-biennale-sevilla-2026-ausverkauft-alternativen.html\"><strong>was Sie sehen k\u00f6nnen, wenn keine Biennale-Tickets mehr erh\u00e4ltlich sind<\/strong><\/a>.<\/p>\n<\/div><\/div><\/div><\/div><\/div><\/div><\/div><\/section><section class=\"l-section wpb_row height_huge color_alternate with_shape\"><div class=\"l-section-shape type_zigzag pos_top hor_flip\" style=\"height:3vmin;\"><svg xmlns=\"http:\/\/www.w3.org\/2000\/svg\" viewBox=\"0 0 64 8\" preserveAspectRatio=\"none\" width=\"100%\" height=\"100%\">\r\n\t<path fill=\"currentColor\" d=\"M64 8 L0 8 L0 0 L20 7.9 L40 3 L48 5 L64 0 Z\"\/>\r\n<\/svg><\/div><div class=\"l-section-shape type_zigzag pos_bottom\" style=\"height:3vmin;\"><svg xmlns=\"http:\/\/www.w3.org\/2000\/svg\" viewBox=\"0 0 64 8\" preserveAspectRatio=\"none\" width=\"100%\" height=\"100%\">\r\n\t<path fill=\"currentColor\" d=\"M64 8 L0 8 L0 0 L20 7.9 L40 3 L48 5 L64 0 Z\"\/>\r\n<\/svg><\/div><div class=\"l-section-h i-cf\"><div class=\"g-cols vc_row via_flex valign_top type_default stacking_default\"><div class=\"vc_col-sm-12 wpb_column vc_column_container\"><div class=\"vc_column-inner\"><div class=\"wpb_wrapper\"><div class=\"wpb_text_column\"><div class=\"wpb_wrapper\"><h2 id=\"itinerarios\">Drei Routen f\u00fcr einen ganzen Tag w\u00e4hrend der Biennale<\/h2>\n<h3>Route 1: Kulturerbe und Biennale im Zentrum<\/h3>\n<ul>\n<li><strong>Vormittag:<\/strong> Real Alc\u00e1zar, Kathedrale und das Viertel Santa Cruz.<\/li>\n<li><strong>Mittag:<\/strong> Essen im Zentrum.<\/li>\n<li><strong>Nachmittag:<\/strong> Ausstellung <em>La noche azul<\/em> in der Real F\u00e1brica de Artiller\u00eda.<\/li>\n<li><strong>Abend:<\/strong> offizielle Vorstellung der Biennale.<\/li>\n<li><strong>Danach:<\/strong> Spaziergang oder Getr\u00e4nk in Arenal, im Zentrum oder in Alameda, je nach Spielst\u00e4tte.<\/li>\n<\/ul>\n<h3>Route 2: Triana, Fluss und Flamenco<\/h3>\n<ul>\n<li><strong>Vormittag:<\/strong> Mercado de Triana, Calle Pureza und ein Spaziergang durch das Viertel.<\/li>\n<li><strong>Mittag:<\/strong> Tapas in Triana.<\/li>\n<li><strong>Nachmittag:<\/strong> Calle Betis, Triana-Br\u00fccke, Muelle de la Sal und Paseo de Col\u00f3n.<\/li>\n<li><strong>Abend:<\/strong> Vorstellung in der Maestranza, in Arenal oder an einer anderen nahe gelegenen Spielst\u00e4tte.<\/li>\n<li><strong>Danach:<\/strong> ein Tablao oder eine weitere Show, um den Abend fortzusetzen.<\/li>\n<\/ul>\n<h3>Route 3: ein ganzer Tag voller Flamenco<\/h3>\n<ul>\n<li><strong>Vormittag:<\/strong> eine Veranstaltung des Rahmenprogramms oder eine Ausstellung.<\/li>\n<li><strong>Mittag:<\/strong> Rundgang durch San Luis, Alameda oder die Calle Feria.<\/li>\n<li><strong>Nachmittag:<\/strong> erste Biennale-Vorstellung oder eine kostenlose Aktivit\u00e4t.<\/li>\n<li><strong>Abend:<\/strong> zweite Vorstellung, eine Noche \u00danica oder ein Tablao.<\/li>\n<\/ul>\n<p>F\u00fcr Auff\u00fchrungen, die ausdr\u00fccklich als einmalige Erlebnisse konzipiert sind, konsultieren Sie den <a href=\"https:\/\/www.tablaosflamencos.com\/de\/einzigartige-naechte-flamenco-biennale-sevilla-2026.html\"><strong>Kalender der Noches \u00danicas der Biennale 2026<\/strong><\/a>.<\/p>\n<\/div><\/div><\/div><\/div><\/div><\/div><\/div><\/section><section class=\"l-section wpb_row height_huge\"><div class=\"l-section-h i-cf\"><div class=\"g-cols vc_row via_flex valign_top type_default stacking_default\"><div class=\"vc_col-sm-12 wpb_column vc_column_container\"><div class=\"vc_column-inner\"><div class=\"wpb_wrapper\"><div class=\"wpb_text_column\"><div class=\"wpb_wrapper\"><h2 id=\"consejos\">Tipps zur Planung Ihres Sevilla-Aufenthalts w\u00e4hrend der Biennale<\/h2>\n<ul>\n<li><strong>B\u00fcndeln Sie Unternehmungen nach Stadtgebieten.<\/strong> Vermeiden Sie es, Triana, Cartuja und den Mar\u00eda-Luisa-Park innerhalb weniger Stunden zu kombinieren.<\/li>\n<li><strong>Planen Sie vor jeder Vorstellung einen Zeitpuffer ein.<\/strong> Hektische Ankunft ist besonders ung\u00fcnstig bei Einlasskontrollen, nummerierten Pl\u00e4tzen oder gro\u00dfem Publikumsandrang.<\/li>\n<li><strong>Verplanen Sie nicht jede Stunde des Tages.<\/strong> Die Biennale kann mehrere aufeinanderfolgende Abende mit Vorstellungen bedeuten; Ruhepausen verbessern das Erlebnis.<\/li>\n<li><strong>Informieren Sie sich \u00fcber kurzfristige \u00c4nderungen.<\/strong> 2026 wurden beispielsweise die urspr\u00fcnglich im Hotel Triana geplanten Vorstellungen bereits zum Muelle de la Sal verlegt.<\/li>\n<li><strong>Nutzen Sie die kostenlosen Angebote.<\/strong> Damit erleben Sie die Biennale auch an Tagen, f\u00fcr die Sie keine Tickets haben.<\/li>\n<li><strong>Verbinden Sie gro\u00dfe B\u00fchnen mit intimen Spielst\u00e4tten.<\/strong> Eine Vorstellung in der Maestranza oder im Lope de Vega und ein Abend im Tablao bieten sehr unterschiedliche, sich erg\u00e4nzende Erfahrungen.<\/li>\n<li><strong>Buchen Sie fr\u00fchzeitig.<\/strong> Sowohl die Biennale als auch die regul\u00e4ren Shows k\u00f6nnen im September stark nachgefragt sein.<\/li>\n<\/ul>\n<\/div><\/div><\/div><\/div><\/div><\/div><\/div><\/section><section class=\"l-section wpb_row height_huge color_alternate with_shape\"><div class=\"l-section-shape type_zigzag pos_top hor_flip\" style=\"height:3vmin;\"><svg xmlns=\"http:\/\/www.w3.org\/2000\/svg\" viewBox=\"0 0 64 8\" preserveAspectRatio=\"none\" width=\"100%\" height=\"100%\">\r\n\t<path fill=\"currentColor\" d=\"M64 8 L0 8 L0 0 L20 7.9 L40 3 L48 5 L64 0 Z\"\/>\r\n<\/svg><\/div><div class=\"l-section-shape type_zigzag pos_bottom\" style=\"height:3vmin;\"><svg xmlns=\"http:\/\/www.w3.org\/2000\/svg\" viewBox=\"0 0 64 8\" preserveAspectRatio=\"none\" width=\"100%\" height=\"100%\">\r\n\t<path fill=\"currentColor\" d=\"M64 8 L0 8 L0 0 L20 7.9 L40 3 L48 5 L64 0 Z\"\/>\r\n<\/svg><\/div><div class=\"l-section-h i-cf\"><div class=\"g-cols vc_row via_flex valign_top type_default stacking_default\"><div class=\"vc_col-sm-12 wpb_column vc_column_container\"><div class=\"vc_column-inner\"><div class=\"wpb_wrapper\"><div class=\"wpb_text_column\"><div class=\"wpb_wrapper\"><h2>Am besten erleben Sie die Biennale, wenn Sie Festival und Stadt verbinden<\/h2>\n<p>Die Flamenco-Biennale bietet eine au\u00dfergew\u00f6hnliche Gelegenheit, K\u00fcnstler zu sehen, die selten gleichzeitig in derselben Stadt auftreten, und Premieren, Galas sowie speziell f\u00fcr diese Ausgabe geschaffene Formate zu besuchen. Doch Sevilla ist nicht nur Kulisse: Die Stadt geh\u00f6rt zum Erlebnis.<\/p>\n<p>Eine Matinee in San Luis, ein Spaziergang durch Triana, eine Ausstellung in der Real F\u00e1brica de Artiller\u00eda, ein Weg am Guadalquivir entlang und live erlebter Flamenco zum Abschluss des Abends machen die Verbindung zwischen Stadt und Kunst verst\u00e4ndlicher.<\/p>\n<p>Wenn Sie mehrere Tage w\u00e4hrend der Biennale bleiben, reihen Sie deshalb nicht ausschlie\u00dflich Vorstellungen aneinander. Kombinieren Sie <strong>Kulturerbe, Stadtviertel, Gastronomie, kostenlose Aktivit\u00e4ten, das offizielle Programm und Flamenco abseits der gro\u00dfen B\u00fchnen<\/strong>. Diese Mischung ist wahrscheinlich die umfassendste Art, Sevilla zwischen dem 9. September und dem 3. Oktober 2026 zu erleben.<\/p>\n<\/div><\/div><\/div><\/div><\/div><\/div><\/div><\/section><section class=\"l-section wpb_row height_huge\"><div class=\"l-section-h i-cf\"><div class=\"g-cols vc_row via_flex valign_top type_default stacking_default\"><div class=\"vc_col-sm-1\/5 wpb_column vc_column_container\"><div class=\"vc_column-inner\"><div class=\"wpb_wrapper\"><\/div><\/div><\/div><div class=\"vc_col-sm-3\/5 wpb_column vc_column_container\"><div class=\"vc_column-inner\"><div class=\"wpb_wrapper\"><div class=\"wpb_text_column\"><div class=\"wpb_wrapper\"><h2 id=\"faq\">H\u00e4ufig gestellte Fragen zu Unternehmungen in Sevilla w\u00e4hrend der Biennale 2026<\/h2>\n<\/div><\/div><div class=\"w-separator size_medium\"><\/div><div class=\"w-tabs accordion toggle_style_1 has_scrolling\" style=\"--sections-title-size:inherit;--sections-gap:0.5rem;\"><div class=\"w-tabs-sections titles-align_none icon_plus cpos_left\"><div class=\"w-tabs-section\" id=\"vff5\" itemscope itemprop=\"mainEntity\" itemtype=\"https:\/\/schema.org\/Question\"><button type=\"button\" class=\"w-tabs-section-header\" aria-controls=\"content-vff5\" aria-expanded=\"false\"><h3 class=\"w-tabs-section-title\" itemprop=\"name\">Wann ist die Flamenco-Biennale von Sevilla 2026?<\/h3><div class=\"w-tabs-section-control\"><\/div><\/button><div  class=\"w-tabs-section-content\" id=\"content-vff5\" itemscope itemprop=\"acceptedAnswer\" itemtype=\"https:\/\/schema.org\/Answer\"><div class=\"w-tabs-section-content-h i-cf\" itemprop=\"text\"><div class=\"wpb_text_column\"><div class=\"wpb_wrapper\"><p>Die 24. Flamenco-Biennale von Sevilla l\u00e4uft vom <strong>9. September bis 3. Oktober 2026<\/strong>, wobei einige Veranstaltungen des Rahmenprogramms bereits vor der offiziellen Er\u00f6ffnung begonnen haben.<\/p>\n<\/div><\/div><\/div><\/div><\/div><div class=\"w-tabs-section\" id=\"h189\" itemscope itemprop=\"mainEntity\" itemtype=\"https:\/\/schema.org\/Question\"><button type=\"button\" class=\"w-tabs-section-header\" aria-controls=\"content-h189\" aria-expanded=\"false\"><h3 class=\"w-tabs-section-title\" itemprop=\"name\">Gibt es w\u00e4hrend der Biennale kostenlose Aktivit\u00e4ten?<\/h3><div class=\"w-tabs-section-control\"><\/div><\/button><div  class=\"w-tabs-section-content\" id=\"content-h189\" itemscope itemprop=\"acceptedAnswer\" itemtype=\"https:\/\/schema.org\/Answer\"><div class=\"w-tabs-section-content-h i-cf\" itemprop=\"text\"><div class=\"wpb_text_column\"><div class=\"wpb_wrapper\"><p>Ja. Das Rahmenprogramm umfasst Ausstellungen und Veranstaltungen im \u00f6ffentlichen Raum. Die Ausstellung <em>La noche azul<\/em>, zum Beispiel, bietet freien Eintritt im Rahmen der verf\u00fcgbaren Kapazit\u00e4t.<\/p>\n<\/div><\/div><\/div><\/div><\/div><div class=\"w-tabs-section\" id=\"w2e8\" itemscope itemprop=\"mainEntity\" itemtype=\"https:\/\/schema.org\/Question\"><button type=\"button\" class=\"w-tabs-section-header\" aria-controls=\"content-w2e8\" aria-expanded=\"false\"><h3 class=\"w-tabs-section-title\" itemprop=\"name\">Was kann ich vormittags unternehmen, wenn meine Vorstellung abends ist?<\/h3><div class=\"w-tabs-section-control\"><\/div><\/button><div  class=\"w-tabs-section-content\" id=\"content-w2e8\" itemscope itemprop=\"acceptedAnswer\" itemtype=\"https:\/\/schema.org\/Answer\"><div class=\"w-tabs-section-content-h i-cf\" itemprop=\"text\"><div class=\"wpb_text_column\"><div class=\"wpb_wrapper\"><p>Sie k\u00f6nnen den Real Alc\u00e1zar, die Kathedrale und Santa Cruz besuchen, die Plaza de Espa\u00f1a und den Mar\u00eda-Luisa-Park erkunden, Triana kennenlernen oder die Ausstellungen und das Rahmenprogramm der Biennale nutzen.<\/p>\n<\/div><\/div><\/div><\/div><\/div><div class=\"w-tabs-section\" id=\"t45e\" itemscope itemprop=\"mainEntity\" itemtype=\"https:\/\/schema.org\/Question\"><button type=\"button\" class=\"w-tabs-section-header\" aria-controls=\"content-t45e\" aria-expanded=\"false\"><h3 class=\"w-tabs-section-title\" itemprop=\"name\">Kann man Flamenco au\u00dferhalb des offiziellen Programms sehen?<\/h3><div class=\"w-tabs-section-control\"><\/div><\/button><div  class=\"w-tabs-section-content\" id=\"content-t45e\" itemscope itemprop=\"acceptedAnswer\" itemtype=\"https:\/\/schema.org\/Answer\"><div class=\"w-tabs-section-content-h i-cf\" itemprop=\"text\"><div class=\"wpb_text_column\"><div class=\"wpb_wrapper\"><p>Ja. Die Tablaos und andere Flamenco-Spielst\u00e4tten Sevillas setzen ihr regul\u00e4res Programm w\u00e4hrend der Biennale fort. Dadurch gibt es t\u00e4glich Alternativen au\u00dferhalb des offiziellen Festivalprogramms.<\/p>\n<\/div><\/div><\/div><\/div><\/div><div class=\"w-tabs-section\" id=\"b5a7\" itemscope itemprop=\"mainEntity\" itemtype=\"https:\/\/schema.org\/Question\"><button type=\"button\" class=\"w-tabs-section-header\" aria-controls=\"content-b5a7\" aria-expanded=\"false\"><h3 class=\"w-tabs-section-title\" itemprop=\"name\">Welches Viertel sollte man w\u00e4hrend der Biennale besuchen?<\/h3><div class=\"w-tabs-section-control\"><\/div><\/button><div  class=\"w-tabs-section-content\" id=\"content-b5a7\" itemscope itemprop=\"acceptedAnswer\" itemtype=\"https:\/\/schema.org\/Answer\"><div class=\"w-tabs-section-content-h i-cf\" itemprop=\"text\"><div class=\"wpb_text_column\"><div class=\"wpb_wrapper\"><p>Triana ist wegen seiner historischen Verbindung zum Flamenco ein Muss. Auch Arenal, Santa Cruz, San Luis, Alameda und die Umgebung der Calle Feria sind sehr interessant. Die beste Wahl h\u00e4ngt vom Veranstaltungsort Ihrer Vorstellung ab.<\/p>\n<\/div><\/div><\/div><\/div><\/div><div class=\"w-tabs-section\" id=\"t6db\" itemscope itemprop=\"mainEntity\" itemtype=\"https:\/\/schema.org\/Question\"><button type=\"button\" class=\"w-tabs-section-header\" aria-controls=\"content-t6db\" aria-expanded=\"false\"><h3 class=\"w-tabs-section-title\" itemprop=\"name\">Kann man zwei Biennale-Vorstellungen am selben Tag besuchen?<\/h3><div class=\"w-tabs-section-control\"><\/div><\/button><div  class=\"w-tabs-section-content\" id=\"content-t6db\" itemscope itemprop=\"acceptedAnswer\" itemtype=\"https:\/\/schema.org\/Answer\"><div class=\"w-tabs-section-content-h i-cf\" itemprop=\"text\"><div class=\"wpb_text_column\"><div class=\"wpb_wrapper\"><p>An manchen Tagen ja, da die Vorstellungen zu unterschiedlichen Zeiten beginnen. Pr\u00fcfen Sie vor dem Kauf beider Tickets die voraussichtliche Endzeit und die Entfernung zwischen den Spielst\u00e4tten.<\/p>\n<\/div><\/div><\/div><\/div><\/div><div class=\"w-tabs-section\" id=\"k82f\" itemscope itemprop=\"mainEntity\" itemtype=\"https:\/\/schema.org\/Question\"><button type=\"button\" class=\"w-tabs-section-header\" aria-controls=\"content-k82f\" aria-expanded=\"false\"><h3 class=\"w-tabs-section-title\" itemprop=\"name\">Was mache ich, wenn eine Vorstellung ausverkauft ist?<\/h3><div class=\"w-tabs-section-control\"><\/div><\/button><div  class=\"w-tabs-section-content\" id=\"content-k82f\" itemscope itemprop=\"acceptedAnswer\" itemtype=\"https:\/\/schema.org\/Answer\"><div class=\"w-tabs-section-content-h i-cf\" itemprop=\"text\"><div class=\"wpb_text_column\"><div class=\"wpb_wrapper\"><p>Sie k\u00f6nnen andere offizielle Vorstellungen, kostenlose Veranstaltungen oder das regelm\u00e4\u00dfige Programm der Flamenco-Tablaos in Sevilla pr\u00fcfen. Meiden Sie inoffiziellen Weiterverkauf und beachten Sie m\u00f6gliche Aktualisierungen \u00fcber die Kan\u00e4le der Biennale.<\/p>\n<\/div><\/div><\/div><\/div><\/div><div class=\"w-tabs-section\" id=\"v962\" itemscope itemprop=\"mainEntity\" itemtype=\"https:\/\/schema.org\/Question\"><button type=\"button\" class=\"w-tabs-section-header\" aria-controls=\"content-v962\" aria-expanded=\"false\"><h3 class=\"w-tabs-section-title\" itemprop=\"name\">Brauche ich w\u00e4hrend der Biennale ein Auto?<\/h3><div class=\"w-tabs-section-control\"><\/div><\/button><div  class=\"w-tabs-section-content\" id=\"content-v962\" itemscope itemprop=\"acceptedAnswer\" itemtype=\"https:\/\/schema.org\/Answer\"><div class=\"w-tabs-section-content-h i-cf\" itemprop=\"text\"><div class=\"wpb_text_column\"><div class=\"wpb_wrapper\"><p>F\u00fcr die meisten Unternehmungen im Zentrum nicht. Viele Spielst\u00e4tten und touristische Viertel sind zu Fu\u00df oder mit \u00f6ffentlichen Verkehrsmitteln erreichbar. F\u00fcr weiter entfernte Orte wie das Teatro Central in Cartuja sollten Sie mehr Zeit f\u00fcr den Weg einplanen.<\/p>\n<\/div><\/div><\/div><\/div><\/div><\/div><\/div><\/div><\/div><\/div><div class=\"vc_col-sm-1\/5 wpb_column vc_column_container\"><div class=\"vc_column-inner\"><div class=\"wpb_wrapper\"><\/div><\/div><\/div><\/div><\/div><\/section>\n","protected":false},"excerpt":{"rendered":"<p>Praktischer Guide f\u00fcr Sevilla w\u00e4hrend der Flamenco-Biennale 2026: Vormittagsaktivit\u00e4ten, kostenlose Veranstaltungen, Viertel, Gastronomie, Tagesrouten und Flamenco abseits des offiziellen Programms.<\/p>\n","protected":false},"author":1,"featured_media":14704,"comment_status":"closed","ping_status":"closed","sticky":false,"template":"","format":"standard","meta":{"_acf_changed":false,"wpai_generated_summary":"","_ayudawp_aiss_exclude":false,"_ayudawp_aiss_exclude_summary":false,"_ayudawp_aiss_summary":"","_ayudawp_aiss_summary_provider":"","_ayudawp_aiss_summary_hash":"","footnotes":""},"categories":[1431],"tags":[1863,1245,1246,405,2009],"class_list":["post-14727","post","type-post","status-publish","format-standard","has-post-thumbnail","hentry","category-flamenco-biennale","tag-aktivitaeten-in-sevilla","tag-bienal-2026","tag-bienal-de-flamenco","tag-sevilla","tag-was-tun-in-sevilla"],"acf":[],"yoast_head":"<!-- This site is optimized with the Yoast SEO Premium plugin v28.4 (Yoast SEO v28.4) - https:\/\/yoast.com\/product\/yoast-seo-premium-wordpress\/ -->\n<title>Sevilla zur Flamenco-Biennale 2026: Was unternehmen?<\/title>\n<meta name=\"description\" content=\"Sevilla w\u00e4hrend der Flamenco-Biennale 2026: kostenlose Aktivit\u00e4ten, Stadtviertel, Gastronomie, Tagesrouten und Shows au\u00dferhalb des offiziellen Programms.\" \/>\n<meta name=\"robots\" content=\"index, follow, max-snippet:-1, max-image-preview:large, max-video-preview:-1\" \/>\n<link rel=\"canonical\" href=\"https:\/\/www.tablaosflamencos.com\/de\/was-tun-sevilla-waehrend-flamenco-biennale-2026.html\" \/>\n<meta property=\"og:locale\" content=\"de_DE\" \/>\n<meta property=\"og:type\" content=\"article\" \/>\n<meta property=\"og:title\" content=\"Was Sie in Sevilla w\u00e4hrend der Flamenco-Biennale 2026 unternehmen k\u00f6nnen\" \/>\n<meta property=\"og:description\" content=\"Sevilla w\u00e4hrend der Flamenco-Biennale 2026: kostenlose Aktivit\u00e4ten, Stadtviertel, Gastronomie, Tagesrouten und Shows au\u00dferhalb des offiziellen Programms.\" \/>\n<meta property=\"og:url\" content=\"https:\/\/www.tablaosflamencos.com\/de\/was-tun-sevilla-waehrend-flamenco-biennale-2026.html\" \/>\n<meta property=\"og:site_name\" content=\"Tablaos Flamencos\" \/>\n<meta property=\"article:publisher\" content=\"https:\/\/www.facebook.com\/tablaosflamencos\" \/>\n<meta property=\"article:published_time\" content=\"2026-09-05T10:21:41+00:00\" \/>\n<meta property=\"article:modified_time\" content=\"2026-09-05T10:54:53+00:00\" \/>\n<meta property=\"og:image\" content=\"https:\/\/www.tablaosflamencos.com\/wp-content\/uploads\/que-hacer-en-sevilla-durante-la-bienal-de-flamenco-2026-01.webp\" \/>\n\t<meta property=\"og:image:width\" content=\"1491\" \/>\n\t<meta property=\"og:image:height\" content=\"1055\" \/>\n\t<meta property=\"og:image:type\" content=\"image\/webp\" \/>\n<meta name=\"author\" content=\"Miguel Ortiz\" \/>\n<meta name=\"twitter:card\" content=\"summary_large_image\" \/>\n<meta name=\"twitter:creator\" content=\"@tablaosflamenco\" \/>\n<meta name=\"twitter:site\" content=\"@tablaosflamenco\" \/>\n<meta name=\"twitter:label1\" content=\"Verfasst von\" \/>\n\t<meta name=\"twitter:data1\" content=\"Miguel Ortiz\" \/>\n\t<meta name=\"twitter:label2\" content=\"Gesch\u00e4tzte Lesezeit\" \/>\n\t<meta name=\"twitter:data2\" content=\"15\u00a0Minuten\" \/>\n<script type=\"application\/ld+json\" class=\"yoast-schema-graph\">{\"@context\":\"https:\\\/\\\/schema.org\",\"@graph\":[{\"@type\":\"Article\",\"@id\":\"https:\\\/\\\/www.tablaosflamencos.com\\\/de\\\/was-tun-sevilla-waehrend-flamenco-biennale-2026.html#article\",\"isPartOf\":{\"@id\":\"https:\\\/\\\/www.tablaosflamencos.com\\\/de\\\/was-tun-sevilla-waehrend-flamenco-biennale-2026.html\"},\"author\":{\"name\":\"Miguel Ortiz\",\"@id\":\"https:\\\/\\\/www.tablaosflamencos.com\\\/de#\\\/schema\\\/person\\\/e7a9ebe14eb75a52ceabfbffb3c54f5d\"},\"headline\":\"Was Sie in Sevilla w\u00e4hrend der Flamenco-Biennale 2026 unternehmen k\u00f6nnen\",\"datePublished\":\"2026-09-05T10:21:41+00:00\",\"dateModified\":\"2026-09-05T10:54:53+00:00\",\"mainEntityOfPage\":{\"@id\":\"https:\\\/\\\/www.tablaosflamencos.com\\\/de\\\/was-tun-sevilla-waehrend-flamenco-biennale-2026.html\"},\"wordCount\":3044,\"publisher\":{\"@id\":\"https:\\\/\\\/www.tablaosflamencos.com\\\/de#organization\"},\"image\":{\"@id\":\"https:\\\/\\\/www.tablaosflamencos.com\\\/de\\\/was-tun-sevilla-waehrend-flamenco-biennale-2026.html#primaryimage\"},\"thumbnailUrl\":\"https:\\\/\\\/www.tablaosflamencos.com\\\/wp-content\\\/uploads\\\/que-hacer-en-sevilla-durante-la-bienal-de-flamenco-2026-01.webp\",\"keywords\":[\"Aktivit\u00e4ten in Sevilla\",\"Bienal 2026\",\"Bienal de Flamenco\",\"sevilla\",\"Was tun in Sevilla\"],\"articleSection\":[\"Flamenco-Biennale\"],\"inLanguage\":\"de\"},{\"@type\":\"WebPage\",\"@id\":\"https:\\\/\\\/www.tablaosflamencos.com\\\/de\\\/was-tun-sevilla-waehrend-flamenco-biennale-2026.html\",\"url\":\"https:\\\/\\\/www.tablaosflamencos.com\\\/de\\\/was-tun-sevilla-waehrend-flamenco-biennale-2026.html\",\"name\":\"Sevilla zur Flamenco-Biennale 2026: Was unternehmen?\",\"isPartOf\":{\"@id\":\"https:\\\/\\\/www.tablaosflamencos.com\\\/de#website\"},\"primaryImageOfPage\":{\"@id\":\"https:\\\/\\\/www.tablaosflamencos.com\\\/de\\\/was-tun-sevilla-waehrend-flamenco-biennale-2026.html#primaryimage\"},\"image\":{\"@id\":\"https:\\\/\\\/www.tablaosflamencos.com\\\/de\\\/was-tun-sevilla-waehrend-flamenco-biennale-2026.html#primaryimage\"},\"thumbnailUrl\":\"https:\\\/\\\/www.tablaosflamencos.com\\\/wp-content\\\/uploads\\\/que-hacer-en-sevilla-durante-la-bienal-de-flamenco-2026-01.webp\",\"datePublished\":\"2026-09-05T10:21:41+00:00\",\"dateModified\":\"2026-09-05T10:54:53+00:00\",\"description\":\"Sevilla w\u00e4hrend der Flamenco-Biennale 2026: kostenlose Aktivit\u00e4ten, Stadtviertel, Gastronomie, Tagesrouten und Shows au\u00dferhalb des offiziellen Programms.\",\"breadcrumb\":{\"@id\":\"https:\\\/\\\/www.tablaosflamencos.com\\\/de\\\/was-tun-sevilla-waehrend-flamenco-biennale-2026.html#breadcrumb\"},\"inLanguage\":\"de\",\"potentialAction\":[{\"@type\":\"ReadAction\",\"target\":[\"https:\\\/\\\/www.tablaosflamencos.com\\\/de\\\/was-tun-sevilla-waehrend-flamenco-biennale-2026.html\"]}]},{\"@type\":\"ImageObject\",\"inLanguage\":\"de\",\"@id\":\"https:\\\/\\\/www.tablaosflamencos.com\\\/de\\\/was-tun-sevilla-waehrend-flamenco-biennale-2026.html#primaryimage\",\"url\":\"https:\\\/\\\/www.tablaosflamencos.com\\\/wp-content\\\/uploads\\\/que-hacer-en-sevilla-durante-la-bienal-de-flamenco-2026-01.webp\",\"contentUrl\":\"https:\\\/\\\/www.tablaosflamencos.com\\\/wp-content\\\/uploads\\\/que-hacer-en-sevilla-durante-la-bienal-de-flamenco-2026-01.webp\",\"width\":1491,\"height\":1055,\"caption\":\"Qu\u00e9 hacer en Sevilla durante la Bienal de Flamenco 2026\"},{\"@type\":\"BreadcrumbList\",\"@id\":\"https:\\\/\\\/www.tablaosflamencos.com\\\/de\\\/was-tun-sevilla-waehrend-flamenco-biennale-2026.html#breadcrumb\",\"itemListElement\":[{\"@type\":\"ListItem\",\"position\":1,\"name\":\"Home\",\"item\":\"https:\\\/\\\/www.tablaosflamencos.com\\\/de\"},{\"@type\":\"ListItem\",\"position\":2,\"name\":\"Was Sie in Sevilla w\u00e4hrend der Flamenco-Biennale 2026 unternehmen k\u00f6nnen\"}]},{\"@type\":\"WebSite\",\"@id\":\"https:\\\/\\\/www.tablaosflamencos.com\\\/de#website\",\"url\":\"https:\\\/\\\/www.tablaosflamencos.com\\\/de\",\"name\":\"Tablaos Flamencos\",\"description\":\"Entradas para tablaos flamencos de Espa\u00f1a\",\"publisher\":{\"@id\":\"https:\\\/\\\/www.tablaosflamencos.com\\\/de#organization\"},\"alternateName\":\"Tablaos Flamencos\",\"potentialAction\":[{\"@type\":\"SearchAction\",\"target\":{\"@type\":\"EntryPoint\",\"urlTemplate\":\"https:\\\/\\\/www.tablaosflamencos.com\\\/de?s={search_term_string}\"},\"query-input\":{\"@type\":\"PropertyValueSpecification\",\"valueRequired\":true,\"valueName\":\"search_term_string\"}}],\"inLanguage\":\"de\"},{\"@type\":[\"Organization\",\"Place\",\"EntertainmentBusiness\"],\"@id\":\"https:\\\/\\\/www.tablaosflamencos.com\\\/de#organization\",\"name\":\"Tablaos Flamencos\",\"alternateName\":\"Tablaos Flamencos\",\"url\":\"https:\\\/\\\/www.tablaosflamencos.com\\\/de\",\"logo\":{\"@id\":\"https:\\\/\\\/www.tablaosflamencos.com\\\/de\\\/was-tun-sevilla-waehrend-flamenco-biennale-2026.html#local-main-organization-logo\"},\"image\":{\"@id\":\"https:\\\/\\\/www.tablaosflamencos.com\\\/de\\\/was-tun-sevilla-waehrend-flamenco-biennale-2026.html#local-main-organization-logo\"},\"sameAs\":[\"https:\\\/\\\/www.facebook.com\\\/tablaosflamencos\",\"https:\\\/\\\/x.com\\\/tablaosflamenco\",\"https:\\\/\\\/mastodon.social\\\/@tablaosflamencos\",\"https:\\\/\\\/www.instagram.com\\\/tablaosflamencos\",\"https:\\\/\\\/tiktok.com\\\/@tablaosflamencos\",\"https:\\\/\\\/www.linkedin.com\\\/company\\\/109408238\\\/\"],\"description\":\"Venta de entradas para espect\u00e1culos flamencos\",\"legalName\":\"Tablaos Flamencos\",\"foundingDate\":\"2015-01-01\",\"numberOfEmployees\":{\"@type\":\"QuantitativeValue\",\"minValue\":\"1\",\"maxValue\":\"10\"},\"address\":{\"@id\":\"https:\\\/\\\/www.tablaosflamencos.com\\\/de\\\/was-tun-sevilla-waehrend-flamenco-biennale-2026.html#local-main-place-address\"},\"geo\":{\"@type\":\"GeoCoordinates\",\"latitude\":\"37.3868072\",\"longitude\":\"-5.993280299999999\"},\"telephone\":[\"+34623787787\"],\"contactPoint\":{\"@type\":\"ContactPoint\",\"telephone\":\"+34623787787\",\"email\":\"info@tablaosflamencos.com\"},\"openingHoursSpecification\":{\"@type\":\"OpeningHoursSpecification\",\"dayOfWeek\":[\"Monday\",\"Tuesday\",\"Wednesday\",\"Thursday\",\"Friday\",\"Saturday\",\"Sunday\"],\"opens\":\"00:00\",\"closes\":\"23:59\"},\"email\":\"info@tablaosflamencos.com\",\"priceRange\":\"$$$\",\"currenciesAccepted\":\"\u20ac\"},{\"@type\":\"Person\",\"@id\":\"https:\\\/\\\/www.tablaosflamencos.com\\\/de#\\\/schema\\\/person\\\/e7a9ebe14eb75a52ceabfbffb3c54f5d\",\"name\":\"Miguel Ortiz\",\"description\":\"Miguel Ortiz es un empresario flamenco, con una s\u00f3lida trayectoria dentro del sector. Ha presidido entidades culturales vinculadas al flamenco y, cuenta con un amplio recorrido profesional en la gesti\u00f3n y promoci\u00f3n de espect\u00e1culos y tablaos flamencos. Su pasi\u00f3n por la historia y el arte flamenco se refleja en cada art\u00edculo, donde combina experiencia, criterio y un profundo respeto por la tradici\u00f3n.\",\"sameAs\":[\"https:\\\/\\\/www.tablaosflamencos.com\",\"https:\\\/\\\/www.instagra.com\\\/miguelortizfe\",\"https:\\\/\\\/www.linkedin.com\\\/in\\\/miguelortizf\\\/\"],\"birthDate\":\"1984-11-22\",\"gender\":\"hombre\",\"knowsLanguage\":[\"espa\u00f1ol\",\"ingl\u00e9s\"],\"jobTitle\":\"Empresario flamenco\"},{\"@type\":\"PostalAddress\",\"@id\":\"https:\\\/\\\/www.tablaosflamencos.com\\\/de\\\/was-tun-sevilla-waehrend-flamenco-biennale-2026.html#local-main-place-address\",\"streetAddress\":\"C\\\/ Alemanes, 19\",\"addressLocality\":\"Sevilla\",\"postalCode\":\"41004\",\"addressRegion\":\"Sevilla\",\"addressCountry\":\"ES\"},{\"@type\":\"ImageObject\",\"inLanguage\":\"de\",\"@id\":\"https:\\\/\\\/www.tablaosflamencos.com\\\/de\\\/was-tun-sevilla-waehrend-flamenco-biennale-2026.html#local-main-organization-logo\",\"url\":\"https:\\\/\\\/www.tablaosflamencos.com\\\/wp-content\\\/uploads\\\/tablaos-flamencos-06-3.webp\",\"contentUrl\":\"https:\\\/\\\/www.tablaosflamencos.com\\\/wp-content\\\/uploads\\\/tablaos-flamencos-06-3.webp\",\"width\":600,\"height\":620,\"caption\":\"Tablaos Flamencos\"}]}<\/script>\n<meta name=\"geo.placename\" content=\"Sevilla\" \/>\n<meta name=\"geo.position\" content=\"37.3868072;-5.993280299999999\" \/>\n<meta name=\"geo.region\" content=\"Spanien\" \/>\n<!-- \/ Yoast SEO Premium plugin. -->","yoast_head_json":{"title":"Sevilla zur Flamenco-Biennale 2026: Was unternehmen?","description":"Sevilla w\u00e4hrend der Flamenco-Biennale 2026: kostenlose Aktivit\u00e4ten, Stadtviertel, Gastronomie, Tagesrouten und Shows au\u00dferhalb des offiziellen Programms.","robots":{"index":"index","follow":"follow","max-snippet":"max-snippet:-1","max-image-preview":"max-image-preview:large","max-video-preview":"max-video-preview:-1"},"canonical":"https:\/\/www.tablaosflamencos.com\/de\/was-tun-sevilla-waehrend-flamenco-biennale-2026.html","og_locale":"de_DE","og_type":"article","og_title":"Was Sie in Sevilla w\u00e4hrend der Flamenco-Biennale 2026 unternehmen k\u00f6nnen","og_description":"Sevilla w\u00e4hrend der Flamenco-Biennale 2026: kostenlose Aktivit\u00e4ten, Stadtviertel, Gastronomie, Tagesrouten und Shows au\u00dferhalb des offiziellen Programms.","og_url":"https:\/\/www.tablaosflamencos.com\/de\/was-tun-sevilla-waehrend-flamenco-biennale-2026.html","og_site_name":"Tablaos Flamencos","article_publisher":"https:\/\/www.facebook.com\/tablaosflamencos","article_published_time":"2026-09-05T10:21:41+00:00","article_modified_time":"2026-09-05T10:54:53+00:00","og_image":[{"width":1491,"height":1055,"url":"https:\/\/www.tablaosflamencos.com\/wp-content\/uploads\/que-hacer-en-sevilla-durante-la-bienal-de-flamenco-2026-01.webp","type":"image\/webp"}],"author":"Miguel Ortiz","twitter_card":"summary_large_image","twitter_creator":"@tablaosflamenco","twitter_site":"@tablaosflamenco","twitter_misc":{"Verfasst von":"Miguel Ortiz","Gesch\u00e4tzte Lesezeit":"15\u00a0Minuten"},"schema":{"@context":"https:\/\/schema.org","@graph":[{"@type":"Article","@id":"https:\/\/www.tablaosflamencos.com\/de\/was-tun-sevilla-waehrend-flamenco-biennale-2026.html#article","isPartOf":{"@id":"https:\/\/www.tablaosflamencos.com\/de\/was-tun-sevilla-waehrend-flamenco-biennale-2026.html"},"author":{"name":"Miguel Ortiz","@id":"https:\/\/www.tablaosflamencos.com\/de#\/schema\/person\/e7a9ebe14eb75a52ceabfbffb3c54f5d"},"headline":"Was Sie in Sevilla w\u00e4hrend der Flamenco-Biennale 2026 unternehmen k\u00f6nnen","datePublished":"2026-09-05T10:21:41+00:00","dateModified":"2026-09-05T10:54:53+00:00","mainEntityOfPage":{"@id":"https:\/\/www.tablaosflamencos.com\/de\/was-tun-sevilla-waehrend-flamenco-biennale-2026.html"},"wordCount":3044,"publisher":{"@id":"https:\/\/www.tablaosflamencos.com\/de#organization"},"image":{"@id":"https:\/\/www.tablaosflamencos.com\/de\/was-tun-sevilla-waehrend-flamenco-biennale-2026.html#primaryimage"},"thumbnailUrl":"https:\/\/www.tablaosflamencos.com\/wp-content\/uploads\/que-hacer-en-sevilla-durante-la-bienal-de-flamenco-2026-01.webp","keywords":["Aktivit\u00e4ten in Sevilla","Bienal 2026","Bienal de Flamenco","sevilla","Was tun in Sevilla"],"articleSection":["Flamenco-Biennale"],"inLanguage":"de"},{"@type":"WebPage","@id":"https:\/\/www.tablaosflamencos.com\/de\/was-tun-sevilla-waehrend-flamenco-biennale-2026.html","url":"https:\/\/www.tablaosflamencos.com\/de\/was-tun-sevilla-waehrend-flamenco-biennale-2026.html","name":"Sevilla zur Flamenco-Biennale 2026: Was unternehmen?","isPartOf":{"@id":"https:\/\/www.tablaosflamencos.com\/de#website"},"primaryImageOfPage":{"@id":"https:\/\/www.tablaosflamencos.com\/de\/was-tun-sevilla-waehrend-flamenco-biennale-2026.html#primaryimage"},"image":{"@id":"https:\/\/www.tablaosflamencos.com\/de\/was-tun-sevilla-waehrend-flamenco-biennale-2026.html#primaryimage"},"thumbnailUrl":"https:\/\/www.tablaosflamencos.com\/wp-content\/uploads\/que-hacer-en-sevilla-durante-la-bienal-de-flamenco-2026-01.webp","datePublished":"2026-09-05T10:21:41+00:00","dateModified":"2026-09-05T10:54:53+00:00","description":"Sevilla w\u00e4hrend der Flamenco-Biennale 2026: kostenlose Aktivit\u00e4ten, Stadtviertel, Gastronomie, Tagesrouten und Shows au\u00dferhalb des offiziellen Programms.","breadcrumb":{"@id":"https:\/\/www.tablaosflamencos.com\/de\/was-tun-sevilla-waehrend-flamenco-biennale-2026.html#breadcrumb"},"inLanguage":"de","potentialAction":[{"@type":"ReadAction","target":["https:\/\/www.tablaosflamencos.com\/de\/was-tun-sevilla-waehrend-flamenco-biennale-2026.html"]}]},{"@type":"ImageObject","inLanguage":"de","@id":"https:\/\/www.tablaosflamencos.com\/de\/was-tun-sevilla-waehrend-flamenco-biennale-2026.html#primaryimage","url":"https:\/\/www.tablaosflamencos.com\/wp-content\/uploads\/que-hacer-en-sevilla-durante-la-bienal-de-flamenco-2026-01.webp","contentUrl":"https:\/\/www.tablaosflamencos.com\/wp-content\/uploads\/que-hacer-en-sevilla-durante-la-bienal-de-flamenco-2026-01.webp","width":1491,"height":1055,"caption":"Qu\u00e9 hacer en Sevilla durante la Bienal de Flamenco 2026"},{"@type":"BreadcrumbList","@id":"https:\/\/www.tablaosflamencos.com\/de\/was-tun-sevilla-waehrend-flamenco-biennale-2026.html#breadcrumb","itemListElement":[{"@type":"ListItem","position":1,"name":"Home","item":"https:\/\/www.tablaosflamencos.com\/de"},{"@type":"ListItem","position":2,"name":"Was Sie in Sevilla w\u00e4hrend der Flamenco-Biennale 2026 unternehmen k\u00f6nnen"}]},{"@type":"WebSite","@id":"https:\/\/www.tablaosflamencos.com\/de#website","url":"https:\/\/www.tablaosflamencos.com\/de","name":"Tablaos Flamencos","description":"Entradas para tablaos flamencos de Espa\u00f1a","publisher":{"@id":"https:\/\/www.tablaosflamencos.com\/de#organization"},"alternateName":"Tablaos Flamencos","potentialAction":[{"@type":"SearchAction","target":{"@type":"EntryPoint","urlTemplate":"https:\/\/www.tablaosflamencos.com\/de?s={search_term_string}"},"query-input":{"@type":"PropertyValueSpecification","valueRequired":true,"valueName":"search_term_string"}}],"inLanguage":"de"},{"@type":["Organization","Place","EntertainmentBusiness"],"@id":"https:\/\/www.tablaosflamencos.com\/de#organization","name":"Tablaos Flamencos","alternateName":"Tablaos Flamencos","url":"https:\/\/www.tablaosflamencos.com\/de","logo":{"@id":"https:\/\/www.tablaosflamencos.com\/de\/was-tun-sevilla-waehrend-flamenco-biennale-2026.html#local-main-organization-logo"},"image":{"@id":"https:\/\/www.tablaosflamencos.com\/de\/was-tun-sevilla-waehrend-flamenco-biennale-2026.html#local-main-organization-logo"},"sameAs":["https:\/\/www.facebook.com\/tablaosflamencos","https:\/\/x.com\/tablaosflamenco","https:\/\/mastodon.social\/@tablaosflamencos","https:\/\/www.instagram.com\/tablaosflamencos","https:\/\/tiktok.com\/@tablaosflamencos","https:\/\/www.linkedin.com\/company\/109408238\/"],"description":"Venta de entradas para espect\u00e1culos flamencos","legalName":"Tablaos Flamencos","foundingDate":"2015-01-01","numberOfEmployees":{"@type":"QuantitativeValue","minValue":"1","maxValue":"10"},"address":{"@id":"https:\/\/www.tablaosflamencos.com\/de\/was-tun-sevilla-waehrend-flamenco-biennale-2026.html#local-main-place-address"},"geo":{"@type":"GeoCoordinates","latitude":"37.3868072","longitude":"-5.993280299999999"},"telephone":["+34623787787"],"contactPoint":{"@type":"ContactPoint","telephone":"+34623787787","email":"info@tablaosflamencos.com"},"openingHoursSpecification":{"@type":"OpeningHoursSpecification","dayOfWeek":["Monday","Tuesday","Wednesday","Thursday","Friday","Saturday","Sunday"],"opens":"00:00","closes":"23:59"},"email":"info@tablaosflamencos.com","priceRange":"$$$","currenciesAccepted":"\u20ac"},{"@type":"Person","@id":"https:\/\/www.tablaosflamencos.com\/de#\/schema\/person\/e7a9ebe14eb75a52ceabfbffb3c54f5d","name":"Miguel Ortiz","description":"Miguel Ortiz es un empresario flamenco, con una s\u00f3lida trayectoria dentro del sector. Ha presidido entidades culturales vinculadas al flamenco y, cuenta con un amplio recorrido profesional en la gesti\u00f3n y promoci\u00f3n de espect\u00e1culos y tablaos flamencos. Su pasi\u00f3n por la historia y el arte flamenco se refleja en cada art\u00edculo, donde combina experiencia, criterio y un profundo respeto por la tradici\u00f3n.","sameAs":["https:\/\/www.tablaosflamencos.com","https:\/\/www.instagra.com\/miguelortizfe","https:\/\/www.linkedin.com\/in\/miguelortizf\/"],"birthDate":"1984-11-22","gender":"hombre","knowsLanguage":["espa\u00f1ol","ingl\u00e9s"],"jobTitle":"Empresario flamenco"},{"@type":"PostalAddress","@id":"https:\/\/www.tablaosflamencos.com\/de\/was-tun-sevilla-waehrend-flamenco-biennale-2026.html#local-main-place-address","streetAddress":"C\/ Alemanes, 19","addressLocality":"Sevilla","postalCode":"41004","addressRegion":"Sevilla","addressCountry":"ES"},{"@type":"ImageObject","inLanguage":"de","@id":"https:\/\/www.tablaosflamencos.com\/de\/was-tun-sevilla-waehrend-flamenco-biennale-2026.html#local-main-organization-logo","url":"https:\/\/www.tablaosflamencos.com\/wp-content\/uploads\/tablaos-flamencos-06-3.webp","contentUrl":"https:\/\/www.tablaosflamencos.com\/wp-content\/uploads\/tablaos-flamencos-06-3.webp","width":600,"height":620,"caption":"Tablaos Flamencos"}]},"geo.placename":"Sevilla","geo.position":{"lat":"37.3868072","long":"-5.993280299999999"},"geo.region":"Spanien"},"_links":{"self":[{"href":"https:\/\/www.tablaosflamencos.com\/de\/wp-json\/wp\/v2\/posts\/14727","targetHints":{"allow":["GET"]}}],"collection":[{"href":"https:\/\/www.tablaosflamencos.com\/de\/wp-json\/wp\/v2\/posts"}],"about":[{"href":"https:\/\/www.tablaosflamencos.com\/de\/wp-json\/wp\/v2\/types\/post"}],"author":[{"embeddable":true,"href":"https:\/\/www.tablaosflamencos.com\/de\/wp-json\/wp\/v2\/users\/1"}],"replies":[{"embeddable":true,"href":"https:\/\/www.tablaosflamencos.com\/de\/wp-json\/wp\/v2\/comments?post=14727"}],"version-history":[{"count":2,"href":"https:\/\/www.tablaosflamencos.com\/de\/wp-json\/wp\/v2\/posts\/14727\/revisions"}],"predecessor-version":[{"id":14737,"href":"https:\/\/www.tablaosflamencos.com\/de\/wp-json\/wp\/v2\/posts\/14727\/revisions\/14737"}],"wp:featuredmedia":[{"embeddable":true,"href":"https:\/\/www.tablaosflamencos.com\/de\/wp-json\/wp\/v2\/media\/14704"}],"wp:attachment":[{"href":"https:\/\/www.tablaosflamencos.com\/de\/wp-json\/wp\/v2\/media?parent=14727"}],"wp:term":[{"taxonomy":"category","embeddable":true,"href":"https:\/\/www.tablaosflamencos.com\/de\/wp-json\/wp\/v2\/categories?post=14727"},{"taxonomy":"post_tag","embeddable":true,"href":"https:\/\/www.tablaosflamencos.com\/de\/wp-json\/wp\/v2\/tags?post=14727"}],"curies":[{"name":"wp","href":"https:\/\/api.w.org\/{rel}","templated":true}]}}