{"id":14662,"date":"2026-09-05T11:17:33","date_gmt":"2026-09-05T09:17:33","guid":{"rendered":"https:\/\/www.tablaosflamencos.com\/?p=14662"},"modified":"2026-09-05T12:39:47","modified_gmt":"2026-09-05T10:39:47","slug":"begleitprogramm-flamenco-biennale-sevilla-2026","status":"publish","type":"post","link":"https:\/\/www.tablaosflamencos.com\/de\/begleitprogramm-flamenco-biennale-sevilla-2026.html","title":{"rendered":"Begleitprogramm der Biennale 2026: Ausstellungen, Kino, Flamenco auf der Stra\u00dfe und mehr"},"content":{"rendered":"<section class=\"l-section wpb_row height_huge\"><div class=\"l-section-h i-cf\"><div class=\"g-cols vc_row via_flex valign_top type_default stacking_default\"><div class=\"vc_col-sm-6 wpb_column vc_column_container\"><div class=\"vc_column-inner\"><div class=\"wpb_wrapper\"><div class=\"wpb_text_column\"><div class=\"wpb_wrapper\"><h2>Begleitprogramm der Biennale 2026: weit mehr als die Vorstellungen<\/h2>\n<p>Die 24. Flamenco-Biennale von Sevilla findet <strong>vom 9. September bis zum 3. Oktober 2026 statt<\/strong>, doch ihr Kulturprogramm reicht \u00fcber diese Termine und die gro\u00dfen B\u00fchnen hinaus. Unter dem Namen <strong>\u201eOtras perlas\u201c (Weitere Perlen)<\/strong> b\u00fcndelt die Biennale Ausstellungen, Kino, Flamenco auf der Stra\u00dfe, Familienangebote, urbane Kunstaktionen und Veranstaltungen mit Sevillas Kulturinstitutionen.<\/p>\n<p>Sie k\u00f6nnen die Biennale also auch erleben, ohne jeden Tag ein Theater zu besuchen. Manche Aktivit\u00e4ten sind kostenlos, andere erg\u00e4nzen das Hauptprogramm, und einige beginnen vor der offiziellen Er\u00f6ffnung oder dauern \u00fcber das Festivalende hinaus an.<\/p>\n<p>Dieser Guide stellt die wichtigsten Begleitveranstaltungen 2026 vor und erkl\u00e4rt, <strong>was sich lohnt, wann es stattfindet und wie es sich in einen Sevilla-Besuch einplanen l\u00e4sst<\/strong>.<\/p>\n<\/div><\/div><\/div><\/div><\/div><div class=\"vc_col-sm-6 wpb_column vc_column_container\"><div class=\"vc_column-inner\"><div class=\"wpb_wrapper\"><div class=\"wpb_text_column\"><div class=\"wpb_wrapper\"><h2>Was \u201eOtras perlas\u201c 2026 umfasst<\/h2>\n<p>Das Begleitprogramm ist keineswegs nur ein kleiner Zusatz. Die Biennale \u00f6ffnet damit den Flamenco f\u00fcr andere Ausdrucksformen und Publikumsgruppen: Kulturerbe, Fotografie, Dokumentarfilm, Familienaktivit\u00e4ten, Stadtr\u00e4ume und Partnerprogramme von Universit\u00e4ten, Stiftungen und Kultureinrichtungen.<\/p>\n<p>Zu den Schwerpunkten 2026 geh\u00f6ren <strong>La noche azul<\/strong>, die Reihe <strong>Flamenco a pie de calle<\/strong>, der gesungene Er\u00f6ffnungsprolog <strong>Ecos Primitivos<\/strong>, der Familienworkshop <strong>Tirititr\u00e1n<\/strong>, die urbane Kunstaktion <strong>Sala de revelado<\/strong> und das Partnerprogramm <strong>Sevilla se deja ver<\/strong>.<\/p>\n<p>Der praktische Vorteil: Wer mehrere Tage in Sevilla bleibt, kann eine offizielle Abendvorstellung mit Ausstellungen, Kino oder kostenlosen Aktivit\u00e4ten am Tag verbinden.<\/p>\n<\/div><\/div><\/div><\/div><\/div><\/div><\/div><\/section><section class=\"l-section wpb_row height_huge color_alternate with_shape\"><div class=\"l-section-shape type_zigzag pos_top hor_flip\" style=\"height:3vmin;\"><svg xmlns=\"http:\/\/www.w3.org\/2000\/svg\" viewBox=\"0 0 64 8\" preserveAspectRatio=\"none\" width=\"100%\" height=\"100%\">\r\n\t<path fill=\"currentColor\" d=\"M64 8 L0 8 L0 0 L20 7.9 L40 3 L48 5 L64 0 Z\"\/>\r\n<\/svg><\/div><div class=\"l-section-shape type_zigzag pos_bottom\" style=\"height:3vmin;\"><svg xmlns=\"http:\/\/www.w3.org\/2000\/svg\" viewBox=\"0 0 64 8\" preserveAspectRatio=\"none\" width=\"100%\" height=\"100%\">\r\n\t<path fill=\"currentColor\" d=\"M64 8 L0 8 L0 0 L20 7.9 L40 3 L48 5 L64 0 Z\"\/>\r\n<\/svg><\/div><div class=\"l-section-h i-cf\"><div class=\"g-cols vc_row via_flex valign_top type_default stacking_default\"><div class=\"vc_col-sm-12 wpb_column vc_column_container\"><div class=\"vc_column-inner\"><div class=\"wpb_wrapper\"><div class=\"wpb_text_column\"><div class=\"wpb_wrapper\"><blockquote>\n<p><strong>Auf einen Blick:<\/strong> Das Begleitprogramm der Biennale 2026 tr\u00e4gt den Namen <strong>\u201eOtras perlas\u201c<\/strong> und umfasst die kostenlose Ausstellung <em>La noche azul<\/em>, Auff\u00fchrungen der Reihe <em>Flamenco a pie de calle<\/em>, den gesungenen Er\u00f6ffnungsprolog <em>Ecos Primitivos<\/em>, Familienworkshops mit <em>Tirititr\u00e1n<\/em>, urbane Kunstaktionen wie <em>Sala de revelado<\/em> und das begleitende Kulturprogramm <em>Sevilla se deja ver<\/em> mit Kino, Ausstellungen, Vortr\u00e4gen und weiteren Angeboten.<\/p>\n<\/blockquote>\n<p><strong>Zuletzt aktualisiert: 5. September 2026.<\/strong><\/p>\n<p>F\u00fcr ausdr\u00fccklich kostenlose Unternehmungen lesen Sie auch unseren Guide <a href=\"https:\/\/www.tablaosflamencos.com\/de\/flamenco-biennale-sevilla-2026-kostenlos.html\"><strong>Flamenco-Biennale Sevilla 2026 kostenlos<\/strong><\/a>. F\u00fcr die gesamte Festivalplanung hilft unser <a href=\"https:\/\/www.tablaosflamencos.com\/de\/flamenco-biennale-sevilla-2026.html\"><strong>umfassender Guide zur Biennale 2026<\/strong><\/a>.<\/p>\n<\/div><\/div><div class=\"w-separator size_medium\"><\/div><div class=\"w-hwrapper valign_top wrap align_center\" style=\"--hwrapper-gap:1.2rem\"><div class=\"w-btn-wrapper align_none\"><a class=\"w-btn us-btn-style_1\" href=\"https:\/\/www.tablaosflamencos.com\/de\/flamenco-biennale-sevilla-2026.html\"><span class=\"w-btn-label\">Zum vollst\u00e4ndigen Biennale-Guide<\/span><\/a><\/div><div class=\"w-btn-wrapper align_none\"><a class=\"w-btn us-btn-style_11\" href=\"https:\/\/www.tablaosflamencos.com\/de\/flamenco-biennale-sevilla-2026-kostenlos.html\"><span class=\"w-btn-label\">Kostenlose Aktivit\u00e4ten entdecken<\/span><\/a><\/div><\/div><\/div><\/div><\/div><\/div><\/div><\/section><section class=\"l-section wpb_row height_huge\"><div class=\"l-section-h i-cf\"><div class=\"g-cols vc_row via_flex valign_top type_default stacking_default\"><div class=\"vc_col-sm-3 wpb_column vc_column_container\"><div class=\"vc_column-inner\"><div class=\"wpb_wrapper\"><\/div><\/div><\/div><div class=\"vc_col-sm-6 wpb_column vc_column_container\"><div class=\"vc_column-inner\"><div class=\"wpb_wrapper\"><div class=\"wpb_text_column\"><div class=\"wpb_wrapper\"><h2>Inhalt dieses Guides<\/h2>\n<ul>\n<li><a href=\"#resumen\">Termine des Begleitprogramms im \u00dcberblick<\/a><\/li>\n<li><a href=\"#noche-azul\">La noche azul<\/a><\/li>\n<li><a href=\"#calle\">Flamenco a pie de calle<\/a><\/li>\n<li><a href=\"#revelado\">Sala de revelado<\/a><\/li>\n<li><a href=\"#pregon\">Gesungener Er\u00f6ffnungsprolog Ecos Primitivos<\/a><\/li>\n<li><a href=\"#familias\">Tirititr\u00e1n: Flamenco f\u00fcr Familien<\/a><\/li>\n<li><a href=\"#sevilla-se-deja-ver\">Sevilla se deja ver: Kino und Kultur<\/a><\/li>\n<li><a href=\"#organizar\">So planen Sie die Aktivit\u00e4ten<\/a><\/li>\n<li><a href=\"#faq\">H\u00e4ufige Fragen<\/a><\/li>\n<\/ul>\n<\/div><\/div><\/div><\/div><\/div><div class=\"vc_col-sm-3 wpb_column vc_column_container\"><div class=\"vc_column-inner\"><div class=\"wpb_wrapper\"><\/div><\/div><\/div><\/div><\/div><\/section><section class=\"l-section wpb_row height_huge\"><div class=\"l-section-h i-cf\"><div class=\"g-cols vc_row via_flex valign_top type_default stacking_default\"><div class=\"vc_col-sm-12 wpb_column vc_column_container\"><div class=\"vc_column-inner\"><div class=\"wpb_wrapper\"><div class=\"wpb_text_column\"><div class=\"wpb_wrapper\"><h2 id=\"resumen\">Termin\u00fcbersicht: das Begleitprogramm der Biennale 2026<\/h2>\n<div style=\"overflow-x: auto;\">\n<table>\n<thead>\n<tr>\n<th>Aktivit\u00e4t<\/th>\n<th>Termin<\/th>\n<th>Ort \/ Bereich<\/th>\n<th>Das erwartet Sie<\/th>\n<\/tr>\n<\/thead>\n<tbody>\n<tr>\n<td><strong>La noche azul<\/strong><\/td>\n<td>2. September\u201322. November<\/td>\n<td>Real F\u00e1brica de Artiller\u00eda<\/td>\n<td>Gro\u00dfe Ausstellung zur \u00d3pera Flamenca; Eintritt frei<\/td>\n<\/tr>\n<tr>\n<td><strong>Flamenco a pie de calle<\/strong><\/td>\n<td>Ab 3. September<\/td>\n<td>Verschiedene Stadtviertel und Orte<\/td>\n<td>\u00d6ffentliche Auff\u00fchrungen und Flamenco au\u00dferhalb der Theater<\/td>\n<\/tr>\n<tr>\n<td><strong>Sala de revelado<\/strong><\/td>\n<td>Ab 3. September<\/td>\n<td>Urbaner Parcours durch Sevilla<\/td>\n<td>Fotografie und Klang zu den kreativen Prozessen der Biennale-K\u00fcnstler<\/td>\n<\/tr>\n<tr>\n<td><strong>Ecos Primitivos<\/strong><\/td>\n<td>9. September, 20:30 Uhr<\/td>\n<td>Plaza de San Francisco<\/td>\n<td>Immersiver gesungener Er\u00f6ffnungsprolog mit Gesang und Tanz<\/td>\n<\/tr>\n<tr>\n<td><strong>Tirititr\u00e1n<\/strong><\/td>\n<td>11.\u201313. September<\/td>\n<td>CaixaForum Sevilla<\/td>\n<td>Familienaktivit\u00e4t zum Kennenlernen des Flamenco-Rhythmus<\/td>\n<\/tr>\n<tr>\n<td><strong>Flamencas<\/strong><\/td>\n<td>8., 15., 22. und 29. September<\/td>\n<td>Fundaci\u00f3n Tres Culturas<\/td>\n<td>Filmreihe \u00fcber Frauen im Flamenco<\/td>\n<\/tr>\n<tr>\n<td><strong>Sevilla se deja ver<\/strong><\/td>\n<td>W\u00e4hrend der Biennale<\/td>\n<td>Verschiedene Institutionen<\/td>\n<td>Kino, Ausstellungen, Vortr\u00e4ge und begleitende Kulturveranstaltungen<\/td>\n<\/tr>\n<\/tbody>\n<\/table>\n<\/div>\n<p>Termine und Uhrzeiten k\u00f6nnen w\u00e4hrend des Festivals erg\u00e4nzt oder aktualisiert werden. F\u00fcr kurzfristig angek\u00fcndigte kostenlose Angebote sollten Sie auch die offiziellen Kan\u00e4le der Biennale und der beteiligten Institutionen pr\u00fcfen.<\/p>\n<\/div><\/div><\/div><\/div><\/div><\/div><\/div><\/section><section class=\"l-section wpb_row height_huge color_alternate with_shape\"><div class=\"l-section-shape type_zigzag pos_top\" style=\"height:3vmin;\"><svg xmlns=\"http:\/\/www.w3.org\/2000\/svg\" viewBox=\"0 0 64 8\" preserveAspectRatio=\"none\" width=\"100%\" height=\"100%\">\r\n\t<path fill=\"currentColor\" d=\"M64 8 L0 8 L0 0 L20 7.9 L40 3 L48 5 L64 0 Z\"\/>\r\n<\/svg><\/div><div class=\"l-section-shape type_zigzag pos_bottom\" style=\"height:3vmin;\"><svg xmlns=\"http:\/\/www.w3.org\/2000\/svg\" viewBox=\"0 0 64 8\" preserveAspectRatio=\"none\" width=\"100%\" height=\"100%\">\r\n\t<path fill=\"currentColor\" d=\"M64 8 L0 8 L0 0 L20 7.9 L40 3 L48 5 L64 0 Z\"\/>\r\n<\/svg><\/div><div class=\"l-section-h i-cf\"><div class=\"g-cols vc_row via_flex valign_top type_default stacking_default\"><div class=\"vc_col-sm-6 wpb_column vc_column_container\"><div class=\"vc_column-inner\"><div class=\"wpb_wrapper\"><div class=\"wpb_text_column\"><div class=\"wpb_wrapper\"><h2 id=\"noche-azul\">La noche azul: die gro\u00dfe Ausstellung der Biennale 2026<\/h2>\n<p>Die ambitionierteste Begleitveranstaltung dieser Ausgabe ist <strong>\u201eLa noche azul. \u00d3pera Flamenca en la colecci\u00f3n de Carlos Mart\u00edn Ballester\u201c<\/strong>. Sie ist <strong>vom 2. September bis zum 22. November<\/strong> in der Nave de Grabados der Real F\u00e1brica de Artiller\u00eda zu sehen und bleibt damit deutlich \u00fcber das Ende der Biennale hinaus ge\u00f6ffnet.<\/p>\n<p>Die von Carlos Mart\u00edn Ballester und Zaida Hern\u00e1ndez-\u00darculo kuratierte Ausstellung versammelt <strong>328 Exponate<\/strong> zum Ph\u00e4nomen der \u00d3pera Flamenca: Plakate, Schellackplatten, Grammophone, Fotografien und Dokumente. Der Rundgang zeigt, wie Flamenco zwischen den 1920er- und 1950er-Jahren zu einem Massenereignis wurde, das mit Theatern, Stierkampfarenen, Radio und Schallplattenindustrie verbunden war.<\/p>\n<p>Der Eintritt ist <strong>frei, solange Pl\u00e4tze verf\u00fcgbar sind<\/strong>. Eine ausf\u00fchrlichere Einf\u00fchrung bietet unser eigener Guide zu <a href=\"https:\/\/www.tablaosflamencos.com\/de\/die-blaue-nacht-flamenco-oper-biennale-sevilla-2026.html\"><strong>La noche azul und der \u00c4ra der \u00d3pera Flamenca<\/strong><\/a>.<\/p>\n<\/div><\/div><\/div><\/div><\/div><div class=\"vc_col-sm-6 wpb_column vc_column_container\"><div class=\"vc_column-inner\"><div class=\"wpb_wrapper\"><div class=\"wpb_text_column\"><div class=\"wpb_wrapper\"><h2>Warum sich der Besuch auch bei mehreren geplanten Vorstellungen lohnt<\/h2>\n<p>Die Ausstellung bietet etwas, das eine Biennale-Vorstellung allein nicht leisten kann: <strong>historischen Kontext<\/strong>. Wer vor einer zeitgen\u00f6ssischen Produktion Plakate, Aufnahmen und Fotografien aus der Zeit vor hundert Jahren betrachtet, versteht besser, wie sehr sich der Flamenco ver\u00e4ndert hat und welche Elemente lebendig geblieben sind.<\/p>\n<p>Auch f\u00fcr die Tagesmitte ist die Ausstellung eine gute Option. Sie k\u00f6nnen die Real F\u00e1brica de Artiller\u00eda besuchen und den Abend f\u00fcr eine offizielle Vorstellung, einen Tablao oder eine Stra\u00dfenveranstaltung freihalten.<\/p>\n<p>Durch ihre Laufzeit bis November geh\u00f6rt sie au\u00dferdem zu den wenigen \u201eOtras perlas\u201c, die auch Besucher erleben k\u00f6nnen, die <strong>nach dem 3. Oktober<\/strong> in Sevilla ankommen. Dazu finden Sie unseren Guide <a href=\"https:\/\/www.tablaosflamencos.com\/de\/flamenco-nach-biennale-wo-sevilla.html\"><strong>Wo Sie nach der Biennale weiterhin Flamenco in Sevilla erleben k\u00f6nnen<\/strong><\/a>.<\/p>\n<\/div><\/div><\/div><\/div><\/div><\/div><\/div><\/section><section class=\"l-section wpb_row height_huge\"><div class=\"l-section-h i-cf\"><div class=\"g-cols vc_row via_flex valign_top type_default stacking_default\"><div class=\"vc_col-sm-6 wpb_column vc_column_container\"><div class=\"vc_column-inner\"><div class=\"wpb_wrapper\"><div class=\"wpb_text_column\"><div class=\"wpb_wrapper\"><h2 id=\"calle\">Flamenco a pie de calle: die Biennale verl\u00e4sst die Theater<\/h2>\n<p>Eines der klarsten Ziele 2026 ist es, Flamenco in Stadtviertel und allt\u00e4gliche R\u00e4ume zu bringen. Die Reihe <strong>Flamenco a pie de calle<\/strong> begann bereits vor der offiziellen Er\u00f6ffnung.<\/p>\n<p>Am <strong>3. September<\/strong> war im Pol\u00edgono Sur <em>La noche de las gitanas<\/em> zu erleben, eine Ensembleproduktion zur Erinnerung und Flamenco-Kultur von Roma-Frauen. Am <strong>4. September<\/strong> pr\u00e4sentierten die Br\u00fcder Diego und Hugo Aguilar <em>Cuesti\u00f3n de tiempo<\/em> im Monasterio de San Jer\u00f3nimo, ein Tanzst\u00fcck \u00fcber Erinnerung, Identit\u00e4t und famili\u00e4res Erbe.<\/p>\n<p>Am <strong>5. September<\/strong> findet auf der Plaza Virgen del Pilar in La Barzola das zweite Festival Macarena Flamenca statt, das Jos\u00e9 el de la Tomasa gewidmet ist. Diese Angebote zeigen: Kulturell beginnt die Biennale 2026 nicht erst am 9. September, sondern entfaltet sich bereits ab Monatsbeginn in der ganzen Stadt.<\/p>\n<\/div><\/div><\/div><\/div><\/div><div class=\"vc_col-sm-6 wpb_column vc_column_container\"><div class=\"vc_column-inner\"><div class=\"wpb_wrapper\"><div class=\"wpb_text_column\"><div class=\"wpb_wrapper\"><h2>Eine Biennale in noch mehr Teilen Sevillas<\/h2>\n<p>Der Reiz von <em>Flamenco a pie de calle<\/em> liegt nicht nur darin, dass viele Angebote \u00f6ffentlich zug\u00e4nglich sind. Die Reihe ver\u00e4ndert auch das Bild der Stadt: Flamenco ist weder auf das monumentale Zentrum noch auf die gro\u00dfen S\u00e4le beschr\u00e4nkt.<\/p>\n<p>Pol\u00edgono Sur, San Jer\u00f3nimo, Macarena und weitere Orte er\u00f6ffnen Einblicke in Viertel mit unterschiedlichen Identit\u00e4ten. F\u00fcr einen mehrt\u00e4gigen Sevilla-Besuch sind diese Aktivit\u00e4ten eine gute Gelegenheit, <strong>die \u00fcblichen Touristenwege zu verlassen<\/strong> und zu verstehen, dass die Flamenco-Kultur der Stadt nicht nur einem einzigen Viertel geh\u00f6rt.<\/p>\n<p>F\u00fcr einen \u00dcberblick \u00fcber kostenlose Angebote lesen Sie unseren Artikel \u00fcber <a href=\"https:\/\/www.tablaosflamencos.com\/de\/flamenco-biennale-sevilla-2026-kostenlos.html\"><strong>kostenlose Vorstellungen und Aktivit\u00e4ten der Biennale 2026<\/strong><\/a>, den wir mit best\u00e4tigten Veranstaltungen aktualisieren.<\/p>\n<\/div><\/div><\/div><\/div><\/div><\/div><\/div><\/section><section class=\"l-section wpb_row height_huge color_alternate with_shape\"><div class=\"l-section-shape type_zigzag pos_top hor_flip\" style=\"height:3vmin;\"><svg xmlns=\"http:\/\/www.w3.org\/2000\/svg\" viewBox=\"0 0 64 8\" preserveAspectRatio=\"none\" width=\"100%\" height=\"100%\">\r\n\t<path fill=\"currentColor\" d=\"M64 8 L0 8 L0 0 L20 7.9 L40 3 L48 5 L64 0 Z\"\/>\r\n<\/svg><\/div><div class=\"l-section-shape type_zigzag pos_bottom\" style=\"height:3vmin;\"><svg xmlns=\"http:\/\/www.w3.org\/2000\/svg\" viewBox=\"0 0 64 8\" preserveAspectRatio=\"none\" width=\"100%\" height=\"100%\">\r\n\t<path fill=\"currentColor\" d=\"M64 8 L0 8 L0 0 L20 7.9 L40 3 L48 5 L64 0 Z\"\/>\r\n<\/svg><\/div><div class=\"l-section-h i-cf\"><div class=\"g-cols vc_row via_flex valign_top type_default stacking_default\"><div class=\"vc_col-sm-6 wpb_column vc_column_container\"><div class=\"vc_column-inner\"><div class=\"wpb_wrapper\"><div class=\"wpb_text_column\"><div class=\"wpb_wrapper\"><h2 id=\"revelado\">Sala de revelado: \u201eAuch das Unsichtbare ist Flamenco\u201c<\/h2>\n<p>Im September hat die Biennale eine besonders interessante urbane Kunstaktion hinzugef\u00fcgt: <strong>\u201eSala de revelado\u201c<\/strong>. Das Projekt begann am 3. September in der Calle San Jacinto in Triana. Es ist als Parcours durch verschiedene Teile der Stadt angelegt, von Triana \u00fcber die Calle Feria bis nach Nervi\u00f3n.<\/p>\n<p>Fotografie und Klang zeigen, <strong>was vor dem \u00d6ffnen des Vorhangs geschieht<\/strong>: Proben, Recherche, Wiederholung, Suche und die Entwicklung der Produktionen.<\/p>\n<p>Die offizielle Biennale-Fotografin Laura Le\u00f3n hat kreative Prozesse von K\u00fcnstlern wie Manuel Li\u00f1\u00e1n, Ana Morales, Andr\u00e9s Mar\u00edn, David Coria, Patricia Guerrero, dem Ballet Flamenco de Andaluc\u00eda und Rosario La Tremendita dokumentiert. So l\u00e4sst sich die Biennale auf andere Weise entdecken, ohne einen Veranstaltungssaal zu betreten.<\/p>\n<\/div><\/div><\/div><\/div><\/div><div class=\"vc_col-sm-6 wpb_column vc_column_container\"><div class=\"vc_column-inner\"><div class=\"wpb_wrapper\"><div class=\"wpb_text_column\"><div class=\"wpb_wrapper\"><h2>Flamenco auf der Stra\u00dfe, ohne eine B\u00fchne suchen zu m\u00fcssen<\/h2>\n<p>Diese Initiative unterscheidet sich von <em>Flamenco a pie de calle<\/em>. Hier geht es nicht unbedingt darum, eine vollst\u00e4ndige Auff\u00fchrung zu besuchen, sondern <strong>dem kreativen Prozess im Stadtraum zu begegnen<\/strong>.<\/p>\n<p>Das macht die Aktivit\u00e4t f\u00fcr Besucher besonders flexibel: Sie k\u00f6nnen ihr bei einem Spaziergang durch Viertel begegnen, die ohnehin auf ihrer Route liegen. Die Biennale m\u00f6chte ausdr\u00fccklich auch Menschen erreichen, die keine geplante Kulturveranstaltung gesucht haben.<\/p>\n<p>Die Idee passt zu einer Ausgabe, die die weniger sichtbare Seite k\u00fcnstlerischer Arbeit zeigen m\u00f6chte. Wenn Sie dieselben K\u00fcnstler sp\u00e4ter auf der B\u00fchne erleben, wird die Arbeit hinter einer Produktion leichter nachvollziehbar.<\/p>\n<\/div><\/div><\/div><\/div><\/div><\/div><\/div><\/section><section class=\"l-section wpb_row height_huge\"><div class=\"l-section-h i-cf\"><div class=\"g-cols vc_row via_flex valign_top type_default stacking_default\"><div class=\"vc_col-sm-6 wpb_column vc_column_container\"><div class=\"vc_column-inner\"><div class=\"wpb_wrapper\"><div class=\"wpb_text_column\"><div class=\"wpb_wrapper\"><h2 id=\"pregon\">Ecos Primitivos: ein gesungener Er\u00f6ffnungsprolog auf der Plaza de San Francisco<\/h2>\n<p>Die Er\u00f6ffnung am <strong>9. September<\/strong> bietet eine der au\u00dfergew\u00f6hnlichsten Veranstaltungen des gesamten Begleitprogramms. Um <strong>20:30 Uhr<\/strong> wird die Plaza de San Francisco zum Schauplatz von <strong>\u201eEcos Primitivos. Cante en Altura \u00b7 Danza en Tierra\u201c<\/strong>, dem gesungenen Er\u00f6ffnungsprolog der Biennale, der gemeinsam mit der Fundaci\u00f3n Cajasol organisiert wird.<\/p>\n<p>Die k\u00fcnstlerische Leitung \u00fcbernimmt <strong>Segundo Falc\u00f3n<\/strong>. Die Stimmen von Segundo Falc\u00f3n, Esperanza Fern\u00e1ndez, Pedro El Grana\u00edno, Rafael de Utrera und Mar\u00eda Terremoto verteilen sich auf die Balkone des Platzes, w\u00e4hrend <strong>Ana Morales<\/strong> im Zentrum tanzt.<\/p>\n<p>Die Stadtarchitektur wird damit Teil der Dramaturgie: Publikum rund um das Geschehen, Stimmen aus der H\u00f6he und Tanz auf Stra\u00dfenebene. Diese Er\u00f6ffnung soll als gemeinschaftliches Ereignis erlebt werden, nicht als konventionelle frontale Auff\u00fchrung.<\/p>\n<\/div><\/div><\/div><\/div><\/div><div class=\"vc_col-sm-6 wpb_column vc_column_container\"><div class=\"vc_column-inner\"><div class=\"wpb_wrapper\"><div class=\"wpb_text_column\"><div class=\"wpb_wrapper\"><h2>So passt der Prolog in den ersten Biennale-Abend<\/h2>\n<p>Die Lage auf der Plaza de San Francisco erleichtert die Verbindung mit weiteren Unternehmungen im Zentrum. Kathedrale, Plaza Nueva, Avenida de la Constituci\u00f3n und das Umfeld des Rathauses sind nur wenige Gehminuten entfernt.<\/p>\n<p>F\u00fcr die Planung der ersten Festivaltage lesen Sie auch unseren Artikel dar\u00fcber, <a href=\"https:\/\/www.tablaosflamencos.com\/de\/eroeffnung-flamenco-biennale-sevilla-2026.html\"><strong>wie die Er\u00f6ffnung der Flamenco-Biennale 2026 abl\u00e4uft<\/strong><\/a> sowie den Beitrag <a href=\"https:\/\/www.tablaosflamencos.com\/de\/flamenco-biennale-sevilla-2026-vor-9-september.html\"><strong>Die Biennale beginnt vor dem 9. September<\/strong><\/a>, in dem wir die fr\u00fcheren Veranstaltungen zusammenstellen.<\/p>\n<p>Praktisch empfiehlt es sich, fr\u00fchzeitig anzukommen. Bei einer Veranstaltung im \u00f6ffentlichen Raum h\u00e4ngt das Erlebnis stark davon ab, von welchem Standort Sie die Beziehung zwischen Balkonen, Platz und Tanz h\u00f6ren und sehen k\u00f6nnen.<\/p>\n<\/div><\/div><\/div><\/div><\/div><\/div><\/div><\/section><section class=\"l-section wpb_row height_huge color_alternate with_shape\"><div class=\"l-section-shape type_zigzag pos_top hor_flip\" style=\"height:3vmin;\"><svg xmlns=\"http:\/\/www.w3.org\/2000\/svg\" viewBox=\"0 0 64 8\" preserveAspectRatio=\"none\" width=\"100%\" height=\"100%\">\r\n\t<path fill=\"currentColor\" d=\"M64 8 L0 8 L0 0 L20 7.9 L40 3 L48 5 L64 0 Z\"\/>\r\n<\/svg><\/div><div class=\"l-section-shape type_zigzag pos_bottom\" style=\"height:3vmin;\"><svg xmlns=\"http:\/\/www.w3.org\/2000\/svg\" viewBox=\"0 0 64 8\" preserveAspectRatio=\"none\" width=\"100%\" height=\"100%\">\r\n\t<path fill=\"currentColor\" d=\"M64 8 L0 8 L0 0 L20 7.9 L40 3 L48 5 L64 0 Z\"\/>\r\n<\/svg><\/div><div class=\"l-section-h i-cf\"><div class=\"g-cols vc_row via_flex valign_top type_default stacking_default\"><div class=\"vc_col-sm-6 wpb_column vc_column_container\"><div class=\"vc_column-inner\"><div class=\"wpb_wrapper\"><div class=\"wpb_text_column\"><div class=\"wpb_wrapper\"><h2 id=\"familias\">Tirititr\u00e1n: Flamenco-Rhythmus als Familie erleben<\/h2>\n<p>Die Biennale 2026 bietet auch eine speziell f\u00fcr Familien entwickelte Aktivit\u00e4t. <strong>\u201eFlamenco-Rhythmus als Familie mit Tirititr\u00e1n erleben\u201c<\/strong> findet im CaixaForum Sevilla am <strong>11., 12. und 13. September<\/strong> in mehreren Terminen und Zeitfenstern statt.<\/p>\n<p>Der Workshop unter der Leitung von <strong>Ra\u00fal Mart\u00ednez<\/strong> f\u00fchrt Kinder und Erwachsene anhand der Alegr\u00edas in den zw\u00f6lfschl\u00e4gigen Rhythmuszyklus ein. K\u00f6rperperkussion, Rhythmusspiele und aktives Mitmachen stehen im Mittelpunkt.<\/p>\n<p>Das Angebot ist kostenlos und l\u00e4sst Flamenco von innen heraus erleben: nicht nur zusehen oder zuh\u00f6ren, sondern <strong>den Rhythmus sp\u00fcren und mitmachen<\/strong>. F\u00fcr Familien, die w\u00e4hrend der Biennale nach Sevilla reisen, geh\u00f6rt dies m\u00f6glicherweise zu den zug\u00e4nglichsten und ungew\u00f6hnlichsten Begleitangeboten.<\/p>\n<\/div><\/div><\/div><\/div><\/div><div class=\"vc_col-sm-6 wpb_column vc_column_container\"><div class=\"vc_column-inner\"><div class=\"wpb_wrapper\"><div class=\"wpb_text_column\"><div class=\"wpb_wrapper\"><h2>Die Biennale l\u00e4sst sich auch mit Kindern erleben<\/h2>\n<p>Ein Festival dieser Gr\u00f6\u00dfe muss weder ausschlie\u00dflich nachts stattfinden noch nur Erwachsene ansprechen. Der CaixaForum-Workshop f\u00fchrt \u00fcber Spiel und Rhythmus in den Flamenco ein, ohne Vorkenntnisse vorauszusetzen.<\/p>\n<p>Familien sollten die offizielle Agenda t\u00e4glich pr\u00fcfen, da Zugangsvoraussetzungen, Termine und Kapazit\u00e4ten je nach Aktivit\u00e4t variieren k\u00f6nnen. F\u00fcr Vorstellungen in Theatern und Tablaos gelten ebenfalls die jeweiligen Bedingungen, die Sie vor der Buchung nachlesen sollten.<\/p>\n<p>Die Kombination kann sehr gut funktionieren: tags\u00fcber ein Familienworkshop, ein Spaziergang durch Sevilla und am Nachmittag oder Abend eine f\u00fcr Ihre Gruppe passende Vorstellung.<\/p>\n<\/div><\/div><\/div><\/div><\/div><\/div><\/div><\/section><section class=\"l-section wpb_row height_huge\"><div class=\"l-section-h i-cf\"><div class=\"g-cols vc_row via_flex valign_top type_default stacking_default\"><div class=\"vc_col-sm-6 wpb_column vc_column_container\"><div class=\"vc_column-inner\"><div class=\"wpb_wrapper\"><div class=\"wpb_text_column\"><div class=\"wpb_wrapper\"><h2 id=\"sevilla-se-deja-ver\">\u201eSevilla se deja ver\u201c: Kino, Ausstellungen und Angebote der Kulturinstitutionen<\/h2>\n<p>Neben den direkt von der Biennale produzierten Aktivit\u00e4ten gibt es das Partnerprogramm <strong>\u201eSevilla se deja ver\u201c<\/strong>. Universit\u00e4ten, Stiftungen und Kultureinrichtungen der Stadt erweitern das Festival um Ausstellungen, Filmvorf\u00fchrungen, Vortr\u00e4ge und Begegnungen.<\/p>\n<p>Ein deutlicher Schwerpunkt liegt auf dem Kino. Die <strong>Fundaci\u00f3n Tres Culturas del Mediterr\u00e1neo<\/strong> veranstaltet die Reihe <strong>\u201eFlamencas\u201c<\/strong> am <strong>8., 15., 22. und 29. September<\/strong> mit Dokumentarfilmen \u00fcber Frauen, die zur Entstehung, Bewahrung und internationalen Ausstrahlung des Flamenco beigetragen haben.<\/p>\n<p>Diese Programmform n\u00e4hert sich der Kunst des Flamenco \u00fcber Erinnerung, Reflexion und audiovisuelle Arbeiten. Das ist besonders interessant f\u00fcr alle, die \u00fcber das reine B\u00fchnenerlebnis hinausgehen m\u00f6chten.<\/p>\n<\/div><\/div><\/div><\/div><\/div><div class=\"vc_col-sm-6 wpb_column vc_column_container\"><div class=\"vc_column-inner\"><div class=\"wpb_wrapper\"><div class=\"wpb_text_column\"><div class=\"wpb_wrapper\"><h2>Warum sich auch der Blick in die Veranstaltungskalender der Institutionen lohnt<\/h2>\n<p>Das Partnerprogramm ist der am weitesten verteilte Teil der Biennale. Nicht alles findet in den \u00fcblichen Theatern statt oder folgt derselben Logik wie der Ticketverkauf f\u00fcr die Hauptvorstellungen.<\/p>\n<p>Bei einem mehrt\u00e4gigen Aufenthalt lohnt es sich deshalb, zus\u00e4tzlich zur Biennale-Website die Veranstaltungskalender der beteiligten Institutionen zu pr\u00fcfen. Vielleicht passt ein Vortrag, eine Filmvorf\u00fchrung oder eine Ausstellung genau zwischen zwei Vorstellungen.<\/p>\n<p>Dieses Programm verwandelt die Stadt au\u00dferdem in eine Art <strong>erweitertes Festival<\/strong>: Besucher k\u00f6nnen den Tag mit Kulturerbe oder Kino beginnen und ihn mit live gesungenem, getanztem oder auf der Gitarre gespieltem Flamenco beenden.<\/p>\n<\/div><\/div><\/div><\/div><\/div><\/div><\/div><\/section><section class=\"l-section wpb_row height_huge color_alternate with_shape\"><div class=\"l-section-shape type_zigzag pos_top\" style=\"height:3vmin;\"><svg xmlns=\"http:\/\/www.w3.org\/2000\/svg\" viewBox=\"0 0 64 8\" preserveAspectRatio=\"none\" width=\"100%\" height=\"100%\">\r\n\t<path fill=\"currentColor\" d=\"M64 8 L0 8 L0 0 L20 7.9 L40 3 L48 5 L64 0 Z\"\/>\r\n<\/svg><\/div><div class=\"l-section-shape type_zigzag pos_bottom\" style=\"height:3vmin;\"><svg xmlns=\"http:\/\/www.w3.org\/2000\/svg\" viewBox=\"0 0 64 8\" preserveAspectRatio=\"none\" width=\"100%\" height=\"100%\">\r\n\t<path fill=\"currentColor\" d=\"M64 8 L0 8 L0 0 L20 7.9 L40 3 L48 5 L64 0 Z\"\/>\r\n<\/svg><\/div><div class=\"l-section-h i-cf\"><div class=\"g-cols vc_row via_flex valign_top type_default stacking_default\"><div class=\"vc_col-sm-6 wpb_column vc_column_container\"><div class=\"vc_column-inner\"><div class=\"wpb_wrapper\"><div class=\"wpb_text_column\"><div class=\"wpb_wrapper\"><h2 id=\"organizar\">So planen Sie einen Tag mit Begleitprogramm und Flamenco<\/h2>\n<p>Um die Biennale zu genie\u00dfen, ohne den Tag zu \u00fcberladen, empfiehlt sich <strong>eine Aktivit\u00e4t am Tag und ein zentrales Flamenco-Erlebnis<\/strong>.<\/p>\n<p>Sie k\u00f6nnen beispielsweise <em>La noche azul<\/em> vormittags oder nachmittags besuchen, eine Pause im Zentrum einlegen und anschlie\u00dfend eine offizielle Vorstellung erleben. Alternativ w\u00e4hlen Sie einen Filmtermin von <em>Flamencas<\/em> und lassen den Abend in einem Tablao ausklingen.<\/p>\n<p>Passt das offizielle Programm des Tages nicht zu Ihren Pl\u00e4nen oder ist es ausverkauft, lesen Sie unseren Guide <a href=\"https:\/\/www.tablaosflamencos.com\/de\/flamenco-biennale-ausverkauft-flamenco-heute-sevilla.html\"><strong>Biennale ausverkauft: Wo Sie heute Flamenco in Sevilla erleben k\u00f6nnen<\/strong><\/a> oder den Artikel <a href=\"https:\/\/www.tablaosflamencos.com\/de\/flamenco-heute-abend-sevilla-biennale-2026.html\"><strong>Flamenco heute Abend in Sevilla w\u00e4hrend der Biennale<\/strong><\/a>.<\/p>\n<\/div><\/div><\/div><\/div><\/div><div class=\"vc_col-sm-6 wpb_column vc_column_container\"><div class=\"vc_column-inner\"><div class=\"wpb_wrapper\"><div class=\"wpb_text_column\"><div class=\"wpb_wrapper\"><h2>Versuchen Sie nicht, alles zu erleben<\/h2>\n<p>Die Biennale dauert mehrere Wochen, und ihr Begleitprogramm \u00fcberschneidet sich mit Dutzenden Vorstellungen. Wer zu viele Aktivit\u00e4ten aneinanderreiht, macht aus einem Kulturerlebnis leicht einen Wettlauf durch die Stadt.<\/p>\n<p>Setzen Sie Schwerpunkte nach Ihren Interessen: <strong>Geschichte<\/strong> bei <em>La noche azul<\/em>; <strong>\u00f6ffentlicher Raum<\/strong> bei <em>Flamenco a pie de calle<\/em> und <em>Sala de revelado<\/em>; <strong>Familien<\/strong> bei <em>Tirititr\u00e1n<\/em>; <strong>Kino und Reflexion<\/strong> bei <em>Sevilla se deja ver<\/em>; und <strong>gemeinschaftliches Erleben<\/strong> bei <em>Ecos Primitivos<\/em>.<\/p>\n<p>Lassen Sie anschlie\u00dfend Zeit zum Spazierengehen, Abendessen und Genie\u00dfen. W\u00e4hrend der Biennale liegt Flamenco auch in der Atmosph\u00e4re Sevillas, nicht nur in der n\u00e4chsten Veranstaltung im Kalender.<\/p>\n<\/div><\/div><\/div><\/div><\/div><\/div><\/div><\/section><section class=\"l-section wpb_row height_huge\"><div class=\"l-section-h i-cf\"><div class=\"g-cols vc_row via_flex valign_top type_default stacking_default\"><div class=\"vc_col-sm-12 wpb_column vc_column_container\"><div class=\"vc_column-inner\"><div class=\"wpb_wrapper\"><div class=\"wpb_text_column\"><div class=\"wpb_wrapper\"><h2>Welche Aktivit\u00e4ten sind kostenlos?<\/h2>\n<p>Ein wesentlicher Teil des Begleitprogramms soll die Biennale f\u00fcr mehr Menschen zug\u00e4nglich machen. <strong>La noche azul<\/strong> bietet freien Eintritt, solange die Kapazit\u00e4t reicht; <strong>Tirititr\u00e1n<\/strong> wird als kostenlose Aktivit\u00e4t angeboten; und viele Veranstaltungen im \u00f6ffentlichen Raum erm\u00f6glichen Flamenco-Erlebnisse ohne Theaterticket.<\/p>\n<p>\u201eBegleitveranstaltung\u201c bedeutet allerdings nicht automatisch \u201ekostenlose Aktivit\u00e4t\u201c. Im Partnerprogramm k\u00f6nnen je nach veranstaltender Institution unterschiedliche Bedingungen gelten. Pr\u00fcfen Sie deshalb vor dem Aufbruch immer den konkreten Eintrag.<\/p>\n<p>Um diese beiden Suchanliegen zu trennen, b\u00fcndelt unser Guide <a href=\"https:\/\/www.tablaosflamencos.com\/de\/flamenco-biennale-sevilla-2026-kostenlos.html\"><strong>Flamenco-Biennale 2026 kostenlos<\/strong><\/a> gezielt kostenlose Unternehmungen, w\u00e4hrend diese Seite einen \u00dcberblick \u00fcber das gesamte Begleitprogramm bietet.<\/p>\n<\/div><\/div><div class=\"w-separator size_medium\"><\/div><div class=\"w-hwrapper valign_top wrap align_center\" style=\"--hwrapper-gap:1.2rem\"><div class=\"w-btn-wrapper align_none\"><a class=\"w-btn us-btn-style_1\" href=\"https:\/\/www.tablaosflamencos.com\/de\/flamenco-biennale-sevilla-2026-kostenlos.html\"><span class=\"w-btn-label\">Biennale 2026 kostenlos entdecken<\/span><\/a><\/div><div class=\"w-btn-wrapper align_none\"><a class=\"w-btn us-btn-style_11\" href=\"https:\/\/www.tablaosflamencos.com\/de\/flamenco-heute-abend-sevilla-biennale-2026.html\"><span class=\"w-btn-label\">Flamenco heute Abend in Sevilla<\/span><\/a><\/div><\/div><\/div><\/div><\/div><\/div><\/div><\/section><section class=\"l-section wpb_row height_huge color_alternate with_shape\"><div class=\"l-section-shape type_zigzag pos_top hor_flip\" style=\"height:3vmin;\"><svg xmlns=\"http:\/\/www.w3.org\/2000\/svg\" viewBox=\"0 0 64 8\" preserveAspectRatio=\"none\" width=\"100%\" height=\"100%\">\r\n\t<path fill=\"currentColor\" d=\"M64 8 L0 8 L0 0 L20 7.9 L40 3 L48 5 L64 0 Z\"\/>\r\n<\/svg><\/div><div class=\"l-section-shape type_zigzag pos_bottom\" style=\"height:3vmin;\"><svg xmlns=\"http:\/\/www.w3.org\/2000\/svg\" viewBox=\"0 0 64 8\" preserveAspectRatio=\"none\" width=\"100%\" height=\"100%\">\r\n\t<path fill=\"currentColor\" d=\"M64 8 L0 8 L0 0 L20 7.9 L40 3 L48 5 L64 0 Z\"\/>\r\n<\/svg><\/div><div class=\"l-section-h i-cf\"><div class=\"g-cols vc_row via_flex valign_top type_default stacking_default\"><div class=\"vc_col-sm-1\/5 wpb_column vc_column_container\"><div class=\"vc_column-inner\"><div class=\"wpb_wrapper\"><\/div><\/div><\/div><div class=\"vc_col-sm-3\/5 wpb_column vc_column_container\"><div class=\"vc_column-inner\"><div class=\"wpb_wrapper\"><div class=\"wpb_text_column\"><div class=\"wpb_wrapper\"><h2 id=\"faq\">H\u00e4ufige Fragen zum Begleitprogramm der Biennale 2026<\/h2>\n<\/div><\/div><div class=\"w-separator size_medium\"><\/div><div class=\"w-tabs accordion toggle_style_1 has_scrolling\" style=\"--sections-title-size:inherit;--sections-gap:0.5rem;\"><div class=\"w-tabs-sections titles-align_none icon_plus cpos_left\"><div class=\"w-tabs-section\" id=\"v5cf\" itemscope itemprop=\"mainEntity\" itemtype=\"https:\/\/schema.org\/Question\"><button type=\"button\" class=\"w-tabs-section-header\" aria-controls=\"content-v5cf\" aria-expanded=\"false\"><h3 class=\"w-tabs-section-title\" itemprop=\"name\">Was geh\u00f6rt zum Begleitprogramm der Biennale 2026?<\/h3><div class=\"w-tabs-section-control\"><\/div><\/button><div  class=\"w-tabs-section-content\" id=\"content-v5cf\" itemscope itemprop=\"acceptedAnswer\" itemtype=\"https:\/\/schema.org\/Answer\"><div class=\"w-tabs-section-content-h i-cf\" itemprop=\"text\"><div class=\"wpb_text_column\"><div class=\"wpb_wrapper\"><p>Es erg\u00e4nzt die Hauptvorstellungen der Biennale mit Ausstellungen, Kino, Auff\u00fchrungen im \u00f6ffentlichen Raum, Familienaktivit\u00e4ten, Begegnungen, Vortr\u00e4gen und Kulturaktionen in ganz Sevilla. Viele Angebote sind im Programm \u201eOtras perlas\u201c geb\u00fcndelt.<\/p>\n<\/div><\/div><\/div><\/div><\/div><div class=\"w-tabs-section\" id=\"i6e9\" itemscope itemprop=\"mainEntity\" itemtype=\"https:\/\/schema.org\/Question\"><button type=\"button\" class=\"w-tabs-section-header\" aria-controls=\"content-i6e9\" aria-expanded=\"false\"><h3 class=\"w-tabs-section-title\" itemprop=\"name\">Wo finde ich das Programm von Otras perlas?<\/h3><div class=\"w-tabs-section-control\"><\/div><\/button><div  class=\"w-tabs-section-content\" id=\"content-i6e9\" itemscope itemprop=\"acceptedAnswer\" itemtype=\"https:\/\/schema.org\/Answer\"><div class=\"w-tabs-section-content-h i-cf\" itemprop=\"text\"><div class=\"wpb_text_column\"><div class=\"wpb_wrapper\"><p>Auf der offiziellen Website der Biennale gibt es einen eigenen Bereich f\u00fcr das Begleitprogramm. Da Termine erg\u00e4nzt oder ge\u00e4ndert werden k\u00f6nnen, sollten Sie ihn w\u00e4hrend Ihres Aufenthalts regelm\u00e4\u00dfig pr\u00fcfen.<\/p>\n<\/div><\/div><\/div><\/div><\/div><div class=\"w-tabs-section\" id=\"q7d4\" itemscope itemprop=\"mainEntity\" itemtype=\"https:\/\/schema.org\/Question\"><button type=\"button\" class=\"w-tabs-section-header\" aria-controls=\"content-q7d4\" aria-expanded=\"false\"><h3 class=\"w-tabs-section-title\" itemprop=\"name\">Sind die Begleitveranstaltungen kostenlos?<\/h3><div class=\"w-tabs-section-control\"><\/div><\/button><div  class=\"w-tabs-section-content\" id=\"content-q7d4\" itemscope itemprop=\"acceptedAnswer\" itemtype=\"https:\/\/schema.org\/Answer\"><div class=\"w-tabs-section-content-h i-cf\" itemprop=\"text\"><div class=\"wpb_text_column\"><div class=\"wpb_wrapper\"><p>Viele sind kostenlos, insbesondere einige Stra\u00dfenveranstaltungen, La noche azul und Familienangebote wie Tirititr\u00e1n. Die Bedingungen sind jedoch nicht \u00fcberall gleich. Pr\u00fcfen Sie deshalb jeden konkreten Veranstaltungseintrag.<\/p>\n<\/div><\/div><\/div><\/div><\/div><div class=\"w-tabs-section\" id=\"o8b0\" itemscope itemprop=\"mainEntity\" itemtype=\"https:\/\/schema.org\/Question\"><button type=\"button\" class=\"w-tabs-section-header\" aria-controls=\"content-o8b0\" aria-expanded=\"false\"><h3 class=\"w-tabs-section-title\" itemprop=\"name\">Wann kann man La noche azul besuchen?<\/h3><div class=\"w-tabs-section-control\"><\/div><\/button><div  class=\"w-tabs-section-content\" id=\"content-o8b0\" itemscope itemprop=\"acceptedAnswer\" itemtype=\"https:\/\/schema.org\/Answer\"><div class=\"w-tabs-section-content-h i-cf\" itemprop=\"text\"><div class=\"wpb_text_column\"><div class=\"wpb_wrapper\"><p>Die Ausstellung ist vom 2. September bis zum 22. November 2026 in der Nave de Grabados der Real F\u00e1brica de Artiller\u00eda zu sehen. Ihre Laufzeit reicht deutlich \u00fcber die offiziellen Biennale-Termine hinaus.<\/p>\n<\/div><\/div><\/div><\/div><\/div><div class=\"w-tabs-section\" id=\"j9a9\" itemscope itemprop=\"mainEntity\" itemtype=\"https:\/\/schema.org\/Question\"><button type=\"button\" class=\"w-tabs-section-header\" aria-controls=\"content-j9a9\" aria-expanded=\"false\"><h3 class=\"w-tabs-section-title\" itemprop=\"name\">Gibt es w\u00e4hrend der Biennale kostenlosen Flamenco auf der Stra\u00dfe?<\/h3><div class=\"w-tabs-section-control\"><\/div><\/button><div  class=\"w-tabs-section-content\" id=\"content-j9a9\" itemscope itemprop=\"acceptedAnswer\" itemtype=\"https:\/\/schema.org\/Answer\"><div class=\"w-tabs-section-content-h i-cf\" itemprop=\"text\"><div class=\"wpb_text_column\"><div class=\"wpb_wrapper\"><p>Ja. Das Programm Flamenco a pie de calle bringt Veranstaltungen in verschiedene Stadtviertel und \u00f6ffentliche R\u00e4ume Sevillas. Hinzu kommen urbane Kunstaktionen wie Sala de revelado und weitere offene Veranstaltungen des Begleitprogramms.<\/p>\n<\/div><\/div><\/div><\/div><\/div><div class=\"w-tabs-section\" id=\"aa81\" itemscope itemprop=\"mainEntity\" itemtype=\"https:\/\/schema.org\/Question\"><button type=\"button\" class=\"w-tabs-section-header\" aria-controls=\"content-aa81\" aria-expanded=\"false\"><h3 class=\"w-tabs-section-title\" itemprop=\"name\">Was ist Ecos Primitivos?<\/h3><div class=\"w-tabs-section-control\"><\/div><\/button><div  class=\"w-tabs-section-content\" id=\"content-aa81\" itemscope itemprop=\"acceptedAnswer\" itemtype=\"https:\/\/schema.org\/Answer\"><div class=\"w-tabs-section-content-h i-cf\" itemprop=\"text\"><div class=\"wpb_text_column\"><div class=\"wpb_wrapper\"><p>Es ist der gesungene Er\u00f6ffnungsprolog der Biennale 2026 unter der Leitung von Segundo Falc\u00f3n. Er findet am 9. September um 20:30 Uhr auf der Plaza de San Francisco statt und verbindet f\u00fcnf Stimmen von den Balkonen mit Ana Morales\u2019 Tanz in der Platzmitte.<\/p>\n<\/div><\/div><\/div><\/div><\/div><div class=\"w-tabs-section\" id=\"xb4b\" itemscope itemprop=\"mainEntity\" itemtype=\"https:\/\/schema.org\/Question\"><button type=\"button\" class=\"w-tabs-section-header\" aria-controls=\"content-xb4b\" aria-expanded=\"false\"><h3 class=\"w-tabs-section-title\" itemprop=\"name\">Gibt es Biennale-Aktivit\u00e4ten f\u00fcr Kinder?<\/h3><div class=\"w-tabs-section-control\"><\/div><\/button><div  class=\"w-tabs-section-content\" id=\"content-xb4b\" itemscope itemprop=\"acceptedAnswer\" itemtype=\"https:\/\/schema.org\/Answer\"><div class=\"w-tabs-section-content-h i-cf\" itemprop=\"text\"><div class=\"wpb_text_column\"><div class=\"wpb_wrapper\"><p>Ja. Tirititr\u00e1n bietet im CaixaForum eine Einf\u00fchrung in den Flamenco-Rhythmus f\u00fcr Familien mit K\u00f6rperperkussion, Rhythmusspielen und aktivem Mitmachen. Die Termine sind der 11., 12. und 13. September.<\/p>\n<\/div><\/div><\/div><\/div><\/div><div class=\"w-tabs-section\" id=\"bc0c\" itemscope itemprop=\"mainEntity\" itemtype=\"https:\/\/schema.org\/Question\"><button type=\"button\" class=\"w-tabs-section-header\" aria-controls=\"content-bc0c\" aria-expanded=\"false\"><h3 class=\"w-tabs-section-title\" itemprop=\"name\">Gibt es Flamenco-Filme w\u00e4hrend der Biennale 2026?<\/h3><div class=\"w-tabs-section-control\"><\/div><\/button><div  class=\"w-tabs-section-content\" id=\"content-bc0c\" itemscope itemprop=\"acceptedAnswer\" itemtype=\"https:\/\/schema.org\/Answer\"><div class=\"w-tabs-section-content-h i-cf\" itemprop=\"text\"><div class=\"wpb_text_column\"><div class=\"wpb_wrapper\"><p>Ja. Im Rahmen von Sevilla se deja ver zeigt die Fundaci\u00f3n Tres Culturas am 8., 15., 22. und 29. September die Filmreihe Flamencas. Im Mittelpunkt stehen Dokumentarfilme \u00fcber Frauen, die f\u00fcr die Geschichte und Ausstrahlung des Flamenco entscheidend waren.<\/p>\n<\/div><\/div><\/div><\/div><\/div><div class=\"w-tabs-section\" id=\"acec\" itemscope itemprop=\"mainEntity\" itemtype=\"https:\/\/schema.org\/Question\"><button type=\"button\" class=\"w-tabs-section-header\" aria-controls=\"content-acec\" aria-expanded=\"false\"><h3 class=\"w-tabs-section-title\" itemprop=\"name\">Beginnt das Begleitprogramm vor dem 9. September?<\/h3><div class=\"w-tabs-section-control\"><\/div><\/button><div  class=\"w-tabs-section-content\" id=\"content-acec\" itemscope itemprop=\"acceptedAnswer\" itemtype=\"https:\/\/schema.org\/Answer\"><div class=\"w-tabs-section-content-h i-cf\" itemprop=\"text\"><div class=\"wpb_text_column\"><div class=\"wpb_wrapper\"><p>Ja. La noche azul er\u00f6ffnete am 2. September, Flamenco a pie de calle begann am 3. September. Die kulturellen Aktivit\u00e4ten der Biennale starten somit vor der offiziellen Festivaler\u00f6ffnung.<\/p>\n<\/div><\/div><\/div><\/div><\/div><div class=\"w-tabs-section\" id=\"kdb7\" itemscope itemprop=\"mainEntity\" itemtype=\"https:\/\/schema.org\/Question\"><button type=\"button\" class=\"w-tabs-section-header\" aria-controls=\"content-kdb7\" aria-expanded=\"false\"><h3 class=\"w-tabs-section-title\" itemprop=\"name\">Was kann ich ohne Tickets f\u00fcr eine Biennale-Vorstellung unternehmen?<\/h3><div class=\"w-tabs-section-control\"><\/div><\/button><div  class=\"w-tabs-section-content\" id=\"content-kdb7\" itemscope itemprop=\"acceptedAnswer\" itemtype=\"https:\/\/schema.org\/Answer\"><div class=\"w-tabs-section-content-h i-cf\" itemprop=\"text\"><div class=\"wpb_text_column\"><div class=\"wpb_wrapper\"><p>Sie k\u00f6nnen Ausstellungen, Kino und Aktivit\u00e4ten im \u00f6ffentlichen Raum genie\u00dfen. F\u00fcr einen Tagesabschluss mit Live-Flamenco vergleichen Sie die Tablaos, die in Sevilla f\u00fcr denselben Abend verf\u00fcgbar sind.<\/p>\n<\/div><\/div><\/div><\/div><\/div><\/div><\/div><\/div><\/div><\/div><div class=\"vc_col-sm-1\/5 wpb_column vc_column_container\"><div class=\"vc_column-inner\"><div class=\"wpb_wrapper\"><\/div><\/div><\/div><\/div><\/div><\/section><section class=\"l-section wpb_row height_huge\"><div class=\"l-section-h i-cf\"><div class=\"g-cols vc_row via_flex valign_top type_default stacking_default\"><div class=\"vc_col-sm-12 wpb_column vc_column_container\"><div class=\"vc_column-inner\"><div class=\"wpb_wrapper\"><div class=\"wpb_text_column\"><div class=\"wpb_wrapper\"><h2 style=\"text-align: center;\">Die Biennale findet auch jenseits der B\u00fchne statt<\/h2>\n<p style=\"text-align: center;\">Das Begleitprogramm 2026 best\u00e4tigt einen wichtigen Gedanken: Die Biennale von Sevilla ist mehr als eine Folge von Vorstellungen. Mehrere Wochen lang zieht Flamenco in Museen, Stiftungen, Pl\u00e4tze, Stadtviertel, Kinos und Familienr\u00e4ume ein.<\/p>\n<p style=\"text-align: center;\">Planen Sie w\u00e4hrend Ihres Festivalaufenthalts in Sevilla Zeit f\u00fcr einige dieser \u201eOtras perlas\u201c ein. Eine Ausstellung, eine Filmvorf\u00fchrung oder eine Stra\u00dfenaktivit\u00e4t kann Ihnen eine andere Sicht auf den Flamenco er\u00f6ffnen und einen Abend mit Gesang, Tanz und Gitarre hervorragend erg\u00e4nzen.<\/p>\n<\/div><\/div><\/div><\/div><\/div><\/div><\/div><\/section>\n","protected":false},"excerpt":{"rendered":"<p>Das Begleitprogramm der Flamenco-Biennale Sevilla 2026: Ausstellungen, Kino, Stra\u00dfenflamenco, Familienangebote und Kulturveranstaltungen der Partnerinstitutionen.<\/p>\n","protected":false},"author":1,"featured_media":14654,"comment_status":"closed","ping_status":"closed","sticky":false,"template":"","format":"standard","meta":{"_acf_changed":false,"wpai_generated_summary":"","_ayudawp_aiss_exclude":false,"_ayudawp_aiss_exclude_summary":false,"_ayudawp_aiss_summary":"","_ayudawp_aiss_summary_provider":"","_ayudawp_aiss_summary_hash":"","footnotes":""},"categories":[1431],"tags":[1244,1245,1246,1247,1166,405],"class_list":["post-14662","post","type-post","status-publish","format-standard","has-post-thumbnail","hentry","category-flamenco-biennale","tag-agenda-flamenca","tag-bienal-2026","tag-bienal-de-flamenco","tag-festivales-flamencos","tag-flamenco-en-sevilla","tag-sevilla"],"acf":[],"yoast_head":"<!-- This site is optimized with the Yoast SEO Premium plugin v28.4 (Yoast SEO v28.4) - https:\/\/yoast.com\/product\/yoast-seo-premium-wordpress\/ -->\n<title>Biennale 2026: Begleitprogramm, Ausstellungen und Kino<\/title>\n<meta name=\"description\" content=\"Entdecken Sie das Begleitprogramm der Flamenco-Biennale Sevilla 2026: Ausstellungen, Kino, Stra\u00dfenflamenco und kostenlose Familienaktivit\u00e4ten.\" \/>\n<meta name=\"robots\" content=\"index, follow, max-snippet:-1, max-image-preview:large, max-video-preview:-1\" \/>\n<link rel=\"canonical\" href=\"https:\/\/www.tablaosflamencos.com\/de\/begleitprogramm-flamenco-biennale-sevilla-2026.html\" \/>\n<meta property=\"og:locale\" content=\"de_DE\" \/>\n<meta property=\"og:type\" content=\"article\" \/>\n<meta property=\"og:title\" content=\"Begleitprogramm der Biennale 2026: Ausstellungen, Kino, Flamenco auf der Stra\u00dfe und mehr\" \/>\n<meta property=\"og:description\" content=\"Entdecken Sie das Begleitprogramm der Flamenco-Biennale Sevilla 2026: Ausstellungen, Kino, Stra\u00dfenflamenco und kostenlose Familienaktivit\u00e4ten.\" \/>\n<meta property=\"og:url\" content=\"https:\/\/www.tablaosflamencos.com\/de\/begleitprogramm-flamenco-biennale-sevilla-2026.html\" \/>\n<meta property=\"og:site_name\" content=\"Tablaos Flamencos\" \/>\n<meta property=\"article:publisher\" content=\"https:\/\/www.facebook.com\/tablaosflamencos\" \/>\n<meta property=\"article:published_time\" content=\"2026-09-05T09:17:33+00:00\" \/>\n<meta property=\"article:modified_time\" content=\"2026-09-05T10:39:47+00:00\" \/>\n<meta property=\"og:image\" content=\"https:\/\/www.tablaosflamencos.com\/wp-content\/uploads\/actividades-paralelas-de-la-bienal-2026-exposiciones-cine-flamenco-en-la-calle-y-mas-01.webp\" \/>\n\t<meta property=\"og:image:width\" content=\"1672\" \/>\n\t<meta property=\"og:image:height\" content=\"941\" \/>\n\t<meta property=\"og:image:type\" content=\"image\/webp\" \/>\n<meta name=\"author\" content=\"Miguel Ortiz\" \/>\n<meta name=\"twitter:card\" content=\"summary_large_image\" \/>\n<meta name=\"twitter:creator\" content=\"@tablaosflamenco\" \/>\n<meta name=\"twitter:site\" content=\"@tablaosflamenco\" \/>\n<meta name=\"twitter:label1\" content=\"Verfasst von\" \/>\n\t<meta name=\"twitter:data1\" content=\"Miguel Ortiz\" \/>\n\t<meta name=\"twitter:label2\" content=\"Gesch\u00e4tzte Lesezeit\" \/>\n\t<meta name=\"twitter:data2\" content=\"18\u00a0Minuten\" \/>\n<script type=\"application\/ld+json\" class=\"yoast-schema-graph\">{\"@context\":\"https:\\\/\\\/schema.org\",\"@graph\":[{\"@type\":\"Article\",\"@id\":\"https:\\\/\\\/www.tablaosflamencos.com\\\/de\\\/begleitprogramm-flamenco-biennale-sevilla-2026.html#article\",\"isPartOf\":{\"@id\":\"https:\\\/\\\/www.tablaosflamencos.com\\\/de\\\/begleitprogramm-flamenco-biennale-sevilla-2026.html\"},\"author\":{\"name\":\"Miguel Ortiz\",\"@id\":\"https:\\\/\\\/www.tablaosflamencos.com\\\/de#\\\/schema\\\/person\\\/e7a9ebe14eb75a52ceabfbffb3c54f5d\"},\"headline\":\"Begleitprogramm der Biennale 2026: Ausstellungen, Kino, Flamenco auf der Stra\u00dfe und mehr\",\"datePublished\":\"2026-09-05T09:17:33+00:00\",\"dateModified\":\"2026-09-05T10:39:47+00:00\",\"mainEntityOfPage\":{\"@id\":\"https:\\\/\\\/www.tablaosflamencos.com\\\/de\\\/begleitprogramm-flamenco-biennale-sevilla-2026.html\"},\"wordCount\":3663,\"publisher\":{\"@id\":\"https:\\\/\\\/www.tablaosflamencos.com\\\/de#organization\"},\"image\":{\"@id\":\"https:\\\/\\\/www.tablaosflamencos.com\\\/de\\\/begleitprogramm-flamenco-biennale-sevilla-2026.html#primaryimage\"},\"thumbnailUrl\":\"https:\\\/\\\/www.tablaosflamencos.com\\\/wp-content\\\/uploads\\\/actividades-paralelas-de-la-bienal-2026-exposiciones-cine-flamenco-en-la-calle-y-mas-01.webp\",\"keywords\":[\"agenda flamenca\",\"Bienal 2026\",\"Bienal de Flamenco\",\"festivales flamencos\",\"flamenco en Sevilla\",\"sevilla\"],\"articleSection\":[\"Flamenco-Biennale\"],\"inLanguage\":\"de\"},{\"@type\":\"WebPage\",\"@id\":\"https:\\\/\\\/www.tablaosflamencos.com\\\/de\\\/begleitprogramm-flamenco-biennale-sevilla-2026.html\",\"url\":\"https:\\\/\\\/www.tablaosflamencos.com\\\/de\\\/begleitprogramm-flamenco-biennale-sevilla-2026.html\",\"name\":\"Biennale 2026: Begleitprogramm, Ausstellungen und Kino\",\"isPartOf\":{\"@id\":\"https:\\\/\\\/www.tablaosflamencos.com\\\/de#website\"},\"primaryImageOfPage\":{\"@id\":\"https:\\\/\\\/www.tablaosflamencos.com\\\/de\\\/begleitprogramm-flamenco-biennale-sevilla-2026.html#primaryimage\"},\"image\":{\"@id\":\"https:\\\/\\\/www.tablaosflamencos.com\\\/de\\\/begleitprogramm-flamenco-biennale-sevilla-2026.html#primaryimage\"},\"thumbnailUrl\":\"https:\\\/\\\/www.tablaosflamencos.com\\\/wp-content\\\/uploads\\\/actividades-paralelas-de-la-bienal-2026-exposiciones-cine-flamenco-en-la-calle-y-mas-01.webp\",\"datePublished\":\"2026-09-05T09:17:33+00:00\",\"dateModified\":\"2026-09-05T10:39:47+00:00\",\"description\":\"Entdecken Sie das Begleitprogramm der Flamenco-Biennale Sevilla 2026: Ausstellungen, Kino, Stra\u00dfenflamenco und kostenlose Familienaktivit\u00e4ten.\",\"breadcrumb\":{\"@id\":\"https:\\\/\\\/www.tablaosflamencos.com\\\/de\\\/begleitprogramm-flamenco-biennale-sevilla-2026.html#breadcrumb\"},\"inLanguage\":\"de\",\"potentialAction\":[{\"@type\":\"ReadAction\",\"target\":[\"https:\\\/\\\/www.tablaosflamencos.com\\\/de\\\/begleitprogramm-flamenco-biennale-sevilla-2026.html\"]}]},{\"@type\":\"ImageObject\",\"inLanguage\":\"de\",\"@id\":\"https:\\\/\\\/www.tablaosflamencos.com\\\/de\\\/begleitprogramm-flamenco-biennale-sevilla-2026.html#primaryimage\",\"url\":\"https:\\\/\\\/www.tablaosflamencos.com\\\/wp-content\\\/uploads\\\/actividades-paralelas-de-la-bienal-2026-exposiciones-cine-flamenco-en-la-calle-y-mas-01.webp\",\"contentUrl\":\"https:\\\/\\\/www.tablaosflamencos.com\\\/wp-content\\\/uploads\\\/actividades-paralelas-de-la-bienal-2026-exposiciones-cine-flamenco-en-la-calle-y-mas-01.webp\",\"width\":1672,\"height\":941,\"caption\":\"Actividades paralelas de la Bienal 2026: exposiciones, cine, flamenco en la calle y m\u00e1s\"},{\"@type\":\"BreadcrumbList\",\"@id\":\"https:\\\/\\\/www.tablaosflamencos.com\\\/de\\\/begleitprogramm-flamenco-biennale-sevilla-2026.html#breadcrumb\",\"itemListElement\":[{\"@type\":\"ListItem\",\"position\":1,\"name\":\"Home\",\"item\":\"https:\\\/\\\/www.tablaosflamencos.com\\\/de\"},{\"@type\":\"ListItem\",\"position\":2,\"name\":\"Begleitprogramm der Biennale 2026: Ausstellungen, Kino, Flamenco auf der Stra\u00dfe und mehr\"}]},{\"@type\":\"WebSite\",\"@id\":\"https:\\\/\\\/www.tablaosflamencos.com\\\/de#website\",\"url\":\"https:\\\/\\\/www.tablaosflamencos.com\\\/de\",\"name\":\"Tablaos Flamencos\",\"description\":\"Entradas para tablaos flamencos de Espa\u00f1a\",\"publisher\":{\"@id\":\"https:\\\/\\\/www.tablaosflamencos.com\\\/de#organization\"},\"alternateName\":\"Tablaos Flamencos\",\"potentialAction\":[{\"@type\":\"SearchAction\",\"target\":{\"@type\":\"EntryPoint\",\"urlTemplate\":\"https:\\\/\\\/www.tablaosflamencos.com\\\/de?s={search_term_string}\"},\"query-input\":{\"@type\":\"PropertyValueSpecification\",\"valueRequired\":true,\"valueName\":\"search_term_string\"}}],\"inLanguage\":\"de\"},{\"@type\":[\"Organization\",\"Place\",\"EntertainmentBusiness\"],\"@id\":\"https:\\\/\\\/www.tablaosflamencos.com\\\/de#organization\",\"name\":\"Tablaos Flamencos\",\"alternateName\":\"Tablaos Flamencos\",\"url\":\"https:\\\/\\\/www.tablaosflamencos.com\\\/de\",\"logo\":{\"@id\":\"https:\\\/\\\/www.tablaosflamencos.com\\\/de\\\/begleitprogramm-flamenco-biennale-sevilla-2026.html#local-main-organization-logo\"},\"image\":{\"@id\":\"https:\\\/\\\/www.tablaosflamencos.com\\\/de\\\/begleitprogramm-flamenco-biennale-sevilla-2026.html#local-main-organization-logo\"},\"sameAs\":[\"https:\\\/\\\/www.facebook.com\\\/tablaosflamencos\",\"https:\\\/\\\/x.com\\\/tablaosflamenco\",\"https:\\\/\\\/mastodon.social\\\/@tablaosflamencos\",\"https:\\\/\\\/www.instagram.com\\\/tablaosflamencos\",\"https:\\\/\\\/tiktok.com\\\/@tablaosflamencos\",\"https:\\\/\\\/www.linkedin.com\\\/company\\\/109408238\\\/\"],\"description\":\"Venta de entradas para espect\u00e1culos flamencos\",\"legalName\":\"Tablaos Flamencos\",\"foundingDate\":\"2015-01-01\",\"numberOfEmployees\":{\"@type\":\"QuantitativeValue\",\"minValue\":\"1\",\"maxValue\":\"10\"},\"address\":{\"@id\":\"https:\\\/\\\/www.tablaosflamencos.com\\\/de\\\/begleitprogramm-flamenco-biennale-sevilla-2026.html#local-main-place-address\"},\"geo\":{\"@type\":\"GeoCoordinates\",\"latitude\":\"37.3868072\",\"longitude\":\"-5.993280299999999\"},\"telephone\":[\"+34623787787\"],\"contactPoint\":{\"@type\":\"ContactPoint\",\"telephone\":\"+34623787787\",\"email\":\"info@tablaosflamencos.com\"},\"openingHoursSpecification\":{\"@type\":\"OpeningHoursSpecification\",\"dayOfWeek\":[\"Monday\",\"Tuesday\",\"Wednesday\",\"Thursday\",\"Friday\",\"Saturday\",\"Sunday\"],\"opens\":\"00:00\",\"closes\":\"23:59\"},\"email\":\"info@tablaosflamencos.com\",\"priceRange\":\"$$$\",\"currenciesAccepted\":\"\u20ac\"},{\"@type\":\"Person\",\"@id\":\"https:\\\/\\\/www.tablaosflamencos.com\\\/de#\\\/schema\\\/person\\\/e7a9ebe14eb75a52ceabfbffb3c54f5d\",\"name\":\"Miguel Ortiz\",\"description\":\"Miguel Ortiz es un empresario flamenco, con una s\u00f3lida trayectoria dentro del sector. Ha presidido entidades culturales vinculadas al flamenco y, cuenta con un amplio recorrido profesional en la gesti\u00f3n y promoci\u00f3n de espect\u00e1culos y tablaos flamencos. Su pasi\u00f3n por la historia y el arte flamenco se refleja en cada art\u00edculo, donde combina experiencia, criterio y un profundo respeto por la tradici\u00f3n.\",\"sameAs\":[\"https:\\\/\\\/www.tablaosflamencos.com\",\"https:\\\/\\\/www.instagra.com\\\/miguelortizfe\",\"https:\\\/\\\/www.linkedin.com\\\/in\\\/miguelortizf\\\/\"],\"birthDate\":\"1984-11-22\",\"gender\":\"hombre\",\"knowsLanguage\":[\"espa\u00f1ol\",\"ingl\u00e9s\"],\"jobTitle\":\"Empresario flamenco\"},{\"@type\":\"PostalAddress\",\"@id\":\"https:\\\/\\\/www.tablaosflamencos.com\\\/de\\\/begleitprogramm-flamenco-biennale-sevilla-2026.html#local-main-place-address\",\"streetAddress\":\"C\\\/ Alemanes, 19\",\"addressLocality\":\"Sevilla\",\"postalCode\":\"41004\",\"addressRegion\":\"Sevilla\",\"addressCountry\":\"ES\"},{\"@type\":\"ImageObject\",\"inLanguage\":\"de\",\"@id\":\"https:\\\/\\\/www.tablaosflamencos.com\\\/de\\\/begleitprogramm-flamenco-biennale-sevilla-2026.html#local-main-organization-logo\",\"url\":\"https:\\\/\\\/www.tablaosflamencos.com\\\/wp-content\\\/uploads\\\/tablaos-flamencos-06-3.webp\",\"contentUrl\":\"https:\\\/\\\/www.tablaosflamencos.com\\\/wp-content\\\/uploads\\\/tablaos-flamencos-06-3.webp\",\"width\":600,\"height\":620,\"caption\":\"Tablaos Flamencos\"}]}<\/script>\n<meta name=\"geo.placename\" content=\"Sevilla\" \/>\n<meta name=\"geo.position\" content=\"37.3868072;-5.993280299999999\" \/>\n<meta name=\"geo.region\" content=\"Spanien\" \/>\n<!-- \/ Yoast SEO Premium plugin. -->","yoast_head_json":{"title":"Biennale 2026: Begleitprogramm, Ausstellungen und Kino","description":"Entdecken Sie das Begleitprogramm der Flamenco-Biennale Sevilla 2026: Ausstellungen, Kino, Stra\u00dfenflamenco und kostenlose Familienaktivit\u00e4ten.","robots":{"index":"index","follow":"follow","max-snippet":"max-snippet:-1","max-image-preview":"max-image-preview:large","max-video-preview":"max-video-preview:-1"},"canonical":"https:\/\/www.tablaosflamencos.com\/de\/begleitprogramm-flamenco-biennale-sevilla-2026.html","og_locale":"de_DE","og_type":"article","og_title":"Begleitprogramm der Biennale 2026: Ausstellungen, Kino, Flamenco auf der Stra\u00dfe und mehr","og_description":"Entdecken Sie das Begleitprogramm der Flamenco-Biennale Sevilla 2026: Ausstellungen, Kino, Stra\u00dfenflamenco und kostenlose Familienaktivit\u00e4ten.","og_url":"https:\/\/www.tablaosflamencos.com\/de\/begleitprogramm-flamenco-biennale-sevilla-2026.html","og_site_name":"Tablaos Flamencos","article_publisher":"https:\/\/www.facebook.com\/tablaosflamencos","article_published_time":"2026-09-05T09:17:33+00:00","article_modified_time":"2026-09-05T10:39:47+00:00","og_image":[{"width":1672,"height":941,"url":"https:\/\/www.tablaosflamencos.com\/wp-content\/uploads\/actividades-paralelas-de-la-bienal-2026-exposiciones-cine-flamenco-en-la-calle-y-mas-01.webp","type":"image\/webp"}],"author":"Miguel Ortiz","twitter_card":"summary_large_image","twitter_creator":"@tablaosflamenco","twitter_site":"@tablaosflamenco","twitter_misc":{"Verfasst von":"Miguel Ortiz","Gesch\u00e4tzte Lesezeit":"18\u00a0Minuten"},"schema":{"@context":"https:\/\/schema.org","@graph":[{"@type":"Article","@id":"https:\/\/www.tablaosflamencos.com\/de\/begleitprogramm-flamenco-biennale-sevilla-2026.html#article","isPartOf":{"@id":"https:\/\/www.tablaosflamencos.com\/de\/begleitprogramm-flamenco-biennale-sevilla-2026.html"},"author":{"name":"Miguel Ortiz","@id":"https:\/\/www.tablaosflamencos.com\/de#\/schema\/person\/e7a9ebe14eb75a52ceabfbffb3c54f5d"},"headline":"Begleitprogramm der Biennale 2026: Ausstellungen, Kino, Flamenco auf der Stra\u00dfe und mehr","datePublished":"2026-09-05T09:17:33+00:00","dateModified":"2026-09-05T10:39:47+00:00","mainEntityOfPage":{"@id":"https:\/\/www.tablaosflamencos.com\/de\/begleitprogramm-flamenco-biennale-sevilla-2026.html"},"wordCount":3663,"publisher":{"@id":"https:\/\/www.tablaosflamencos.com\/de#organization"},"image":{"@id":"https:\/\/www.tablaosflamencos.com\/de\/begleitprogramm-flamenco-biennale-sevilla-2026.html#primaryimage"},"thumbnailUrl":"https:\/\/www.tablaosflamencos.com\/wp-content\/uploads\/actividades-paralelas-de-la-bienal-2026-exposiciones-cine-flamenco-en-la-calle-y-mas-01.webp","keywords":["agenda flamenca","Bienal 2026","Bienal de Flamenco","festivales flamencos","flamenco en Sevilla","sevilla"],"articleSection":["Flamenco-Biennale"],"inLanguage":"de"},{"@type":"WebPage","@id":"https:\/\/www.tablaosflamencos.com\/de\/begleitprogramm-flamenco-biennale-sevilla-2026.html","url":"https:\/\/www.tablaosflamencos.com\/de\/begleitprogramm-flamenco-biennale-sevilla-2026.html","name":"Biennale 2026: Begleitprogramm, Ausstellungen und Kino","isPartOf":{"@id":"https:\/\/www.tablaosflamencos.com\/de#website"},"primaryImageOfPage":{"@id":"https:\/\/www.tablaosflamencos.com\/de\/begleitprogramm-flamenco-biennale-sevilla-2026.html#primaryimage"},"image":{"@id":"https:\/\/www.tablaosflamencos.com\/de\/begleitprogramm-flamenco-biennale-sevilla-2026.html#primaryimage"},"thumbnailUrl":"https:\/\/www.tablaosflamencos.com\/wp-content\/uploads\/actividades-paralelas-de-la-bienal-2026-exposiciones-cine-flamenco-en-la-calle-y-mas-01.webp","datePublished":"2026-09-05T09:17:33+00:00","dateModified":"2026-09-05T10:39:47+00:00","description":"Entdecken Sie das Begleitprogramm der Flamenco-Biennale Sevilla 2026: Ausstellungen, Kino, Stra\u00dfenflamenco und kostenlose Familienaktivit\u00e4ten.","breadcrumb":{"@id":"https:\/\/www.tablaosflamencos.com\/de\/begleitprogramm-flamenco-biennale-sevilla-2026.html#breadcrumb"},"inLanguage":"de","potentialAction":[{"@type":"ReadAction","target":["https:\/\/www.tablaosflamencos.com\/de\/begleitprogramm-flamenco-biennale-sevilla-2026.html"]}]},{"@type":"ImageObject","inLanguage":"de","@id":"https:\/\/www.tablaosflamencos.com\/de\/begleitprogramm-flamenco-biennale-sevilla-2026.html#primaryimage","url":"https:\/\/www.tablaosflamencos.com\/wp-content\/uploads\/actividades-paralelas-de-la-bienal-2026-exposiciones-cine-flamenco-en-la-calle-y-mas-01.webp","contentUrl":"https:\/\/www.tablaosflamencos.com\/wp-content\/uploads\/actividades-paralelas-de-la-bienal-2026-exposiciones-cine-flamenco-en-la-calle-y-mas-01.webp","width":1672,"height":941,"caption":"Actividades paralelas de la Bienal 2026: exposiciones, cine, flamenco en la calle y m\u00e1s"},{"@type":"BreadcrumbList","@id":"https:\/\/www.tablaosflamencos.com\/de\/begleitprogramm-flamenco-biennale-sevilla-2026.html#breadcrumb","itemListElement":[{"@type":"ListItem","position":1,"name":"Home","item":"https:\/\/www.tablaosflamencos.com\/de"},{"@type":"ListItem","position":2,"name":"Begleitprogramm der Biennale 2026: Ausstellungen, Kino, Flamenco auf der Stra\u00dfe und mehr"}]},{"@type":"WebSite","@id":"https:\/\/www.tablaosflamencos.com\/de#website","url":"https:\/\/www.tablaosflamencos.com\/de","name":"Tablaos Flamencos","description":"Entradas para tablaos flamencos de Espa\u00f1a","publisher":{"@id":"https:\/\/www.tablaosflamencos.com\/de#organization"},"alternateName":"Tablaos Flamencos","potentialAction":[{"@type":"SearchAction","target":{"@type":"EntryPoint","urlTemplate":"https:\/\/www.tablaosflamencos.com\/de?s={search_term_string}"},"query-input":{"@type":"PropertyValueSpecification","valueRequired":true,"valueName":"search_term_string"}}],"inLanguage":"de"},{"@type":["Organization","Place","EntertainmentBusiness"],"@id":"https:\/\/www.tablaosflamencos.com\/de#organization","name":"Tablaos Flamencos","alternateName":"Tablaos Flamencos","url":"https:\/\/www.tablaosflamencos.com\/de","logo":{"@id":"https:\/\/www.tablaosflamencos.com\/de\/begleitprogramm-flamenco-biennale-sevilla-2026.html#local-main-organization-logo"},"image":{"@id":"https:\/\/www.tablaosflamencos.com\/de\/begleitprogramm-flamenco-biennale-sevilla-2026.html#local-main-organization-logo"},"sameAs":["https:\/\/www.facebook.com\/tablaosflamencos","https:\/\/x.com\/tablaosflamenco","https:\/\/mastodon.social\/@tablaosflamencos","https:\/\/www.instagram.com\/tablaosflamencos","https:\/\/tiktok.com\/@tablaosflamencos","https:\/\/www.linkedin.com\/company\/109408238\/"],"description":"Venta de entradas para espect\u00e1culos flamencos","legalName":"Tablaos Flamencos","foundingDate":"2015-01-01","numberOfEmployees":{"@type":"QuantitativeValue","minValue":"1","maxValue":"10"},"address":{"@id":"https:\/\/www.tablaosflamencos.com\/de\/begleitprogramm-flamenco-biennale-sevilla-2026.html#local-main-place-address"},"geo":{"@type":"GeoCoordinates","latitude":"37.3868072","longitude":"-5.993280299999999"},"telephone":["+34623787787"],"contactPoint":{"@type":"ContactPoint","telephone":"+34623787787","email":"info@tablaosflamencos.com"},"openingHoursSpecification":{"@type":"OpeningHoursSpecification","dayOfWeek":["Monday","Tuesday","Wednesday","Thursday","Friday","Saturday","Sunday"],"opens":"00:00","closes":"23:59"},"email":"info@tablaosflamencos.com","priceRange":"$$$","currenciesAccepted":"\u20ac"},{"@type":"Person","@id":"https:\/\/www.tablaosflamencos.com\/de#\/schema\/person\/e7a9ebe14eb75a52ceabfbffb3c54f5d","name":"Miguel Ortiz","description":"Miguel Ortiz es un empresario flamenco, con una s\u00f3lida trayectoria dentro del sector. Ha presidido entidades culturales vinculadas al flamenco y, cuenta con un amplio recorrido profesional en la gesti\u00f3n y promoci\u00f3n de espect\u00e1culos y tablaos flamencos. Su pasi\u00f3n por la historia y el arte flamenco se refleja en cada art\u00edculo, donde combina experiencia, criterio y un profundo respeto por la tradici\u00f3n.","sameAs":["https:\/\/www.tablaosflamencos.com","https:\/\/www.instagra.com\/miguelortizfe","https:\/\/www.linkedin.com\/in\/miguelortizf\/"],"birthDate":"1984-11-22","gender":"hombre","knowsLanguage":["espa\u00f1ol","ingl\u00e9s"],"jobTitle":"Empresario flamenco"},{"@type":"PostalAddress","@id":"https:\/\/www.tablaosflamencos.com\/de\/begleitprogramm-flamenco-biennale-sevilla-2026.html#local-main-place-address","streetAddress":"C\/ Alemanes, 19","addressLocality":"Sevilla","postalCode":"41004","addressRegion":"Sevilla","addressCountry":"ES"},{"@type":"ImageObject","inLanguage":"de","@id":"https:\/\/www.tablaosflamencos.com\/de\/begleitprogramm-flamenco-biennale-sevilla-2026.html#local-main-organization-logo","url":"https:\/\/www.tablaosflamencos.com\/wp-content\/uploads\/tablaos-flamencos-06-3.webp","contentUrl":"https:\/\/www.tablaosflamencos.com\/wp-content\/uploads\/tablaos-flamencos-06-3.webp","width":600,"height":620,"caption":"Tablaos Flamencos"}]},"geo.placename":"Sevilla","geo.position":{"lat":"37.3868072","long":"-5.993280299999999"},"geo.region":"Spanien"},"_links":{"self":[{"href":"https:\/\/www.tablaosflamencos.com\/de\/wp-json\/wp\/v2\/posts\/14662","targetHints":{"allow":["GET"]}}],"collection":[{"href":"https:\/\/www.tablaosflamencos.com\/de\/wp-json\/wp\/v2\/posts"}],"about":[{"href":"https:\/\/www.tablaosflamencos.com\/de\/wp-json\/wp\/v2\/types\/post"}],"author":[{"embeddable":true,"href":"https:\/\/www.tablaosflamencos.com\/de\/wp-json\/wp\/v2\/users\/1"}],"replies":[{"embeddable":true,"href":"https:\/\/www.tablaosflamencos.com\/de\/wp-json\/wp\/v2\/comments?post=14662"}],"version-history":[{"count":11,"href":"https:\/\/www.tablaosflamencos.com\/de\/wp-json\/wp\/v2\/posts\/14662\/revisions"}],"predecessor-version":[{"id":14725,"href":"https:\/\/www.tablaosflamencos.com\/de\/wp-json\/wp\/v2\/posts\/14662\/revisions\/14725"}],"wp:featuredmedia":[{"embeddable":true,"href":"https:\/\/www.tablaosflamencos.com\/de\/wp-json\/wp\/v2\/media\/14654"}],"wp:attachment":[{"href":"https:\/\/www.tablaosflamencos.com\/de\/wp-json\/wp\/v2\/media?parent=14662"}],"wp:term":[{"taxonomy":"category","embeddable":true,"href":"https:\/\/www.tablaosflamencos.com\/de\/wp-json\/wp\/v2\/categories?post=14662"},{"taxonomy":"post_tag","embeddable":true,"href":"https:\/\/www.tablaosflamencos.com\/de\/wp-json\/wp\/v2\/tags?post=14662"}],"curies":[{"name":"wp","href":"https:\/\/api.w.org\/{rel}","templated":true}]}}