{"id":14539,"date":"2026-09-04T18:48:29","date_gmt":"2026-09-04T16:48:29","guid":{"rendered":"https:\/\/www.tablaosflamencos.com\/?p=14539"},"modified":"2026-09-04T19:15:17","modified_gmt":"2026-09-04T17:15:17","slug":"flamenco-sevilla-dieses-wochenende-vor-biennale-2026","status":"publish","type":"post","link":"https:\/\/www.tablaosflamencos.com\/de\/flamenco-sevilla-dieses-wochenende-vor-biennale-2026.html","title":{"rendered":"Flamenco in Sevilla dieses Wochenende: was vor der Biennale sehen"},"content":{"rendered":"<section class=\"l-section wpb_row height_huge\"><div class=\"l-section-h i-cf\"><div class=\"g-cols vc_row via_flex valign_top type_default stacking_default\"><div class=\"vc_col-sm-6 wpb_column vc_column_container\"><div class=\"vc_column-inner\"><div class=\"wpb_wrapper\"><div class=\"wpb_text_column\"><div class=\"wpb_wrapper\"><h2>Das Wochenende direkt vor der Biennale ist bereits voller Flamenco<\/h2>\n<p>Die <strong>XXIV. Flamenco-Biennale Sevilla<\/strong> beginnt offiziell am Mittwoch <strong>9. September 2026<\/strong>, aber wer dieses Wochenende in der Stadt ist, muss nicht bis dahin warten. Zwischen <strong>Freitag, dem 4., und Sonntag, dem 6. September<\/strong> gibt es drei kostenlose Flamenco-Veranstaltungen im Vorprogramm der Biennale sowie Ausstellungen und tags\u00fcber ge\u00f6ffnete Erlebnisse.<\/p>\n<p>Tats\u00e4chlich ist es eines der interessantesten Wochenenden f\u00fcr eine Anreise nach Sevilla, bevor der gro\u00dfe Theaterkalender beginnt. Der Druck auf Tickets ist geringer, mehrere Angebote sind bei freiem Eintritt bis zur Kapazit\u00e4tsgrenze zug\u00e4nglich, und das Programm verteilt sich auf sehr unterschiedliche Viertel und historische Orte.<\/p>\n<\/div><\/div><\/div><\/div><\/div><div class=\"vc_col-sm-6 wpb_column vc_column_container\"><div class=\"vc_column-inner\"><div class=\"wpb_wrapper\"><div class=\"wpb_text_column\"><div class=\"wpb_wrapper\"><h2>Was Sie vom 4. bis 6. September sehen k\u00f6nnen<\/h2>\n<p><strong>Freitag, 4.:<\/strong> <em>Cuesti\u00f3n de tiempo<\/em>, von Hermanos Aguilar, im Kloster San Jer\u00f3nimo.<\/p>\n<p><strong>Samstag, 5.:<\/strong> 2. Festival <em>Macarena Flamenca<\/em>, Hommage an Jos\u00e9 de la Tomasa, auf der Plaza Virgen del Pilar in La Barzola.<\/p>\n<p><strong>Sonntag, 6.:<\/strong> <em>Nazareno y Olivares<\/em>, Hommage an Fosforito, im Museum f\u00fcr Volkskunst und Brauchtum.<\/p>\n<p>Alle drei Veranstaltungen beginnen um <strong>21:30 Uhr<\/strong> und sind angek\u00fcndigt mit <strong>freiem Eintritt bis zur Kapazit\u00e4tsgrenze<\/strong>. Tags\u00fcber kann man au\u00dferdem die Ausstellung <em>La noche azul<\/em> und ab Samstag die neue <em>Sala de revelado<\/em> der Biennale in der Real F\u00e1brica de Artiller\u00eda besuchen.<\/p>\n<\/div><\/div><\/div><\/div><\/div><\/div><\/div><\/section><section class=\"l-section wpb_row height_huge color_alternate with_shape\"><div class=\"l-section-shape type_zigzag pos_top hor_flip\" style=\"height:3vmin;\"><svg xmlns=\"http:\/\/www.w3.org\/2000\/svg\" viewBox=\"0 0 64 8\" preserveAspectRatio=\"none\" width=\"100%\" height=\"100%\">\r\n\t<path fill=\"currentColor\" d=\"M64 8 L0 8 L0 0 L20 7.9 L40 3 L48 5 L64 0 Z\"\/>\r\n<\/svg><\/div><div class=\"l-section-shape type_zigzag pos_bottom\" style=\"height:3vmin;\"><svg xmlns=\"http:\/\/www.w3.org\/2000\/svg\" viewBox=\"0 0 64 8\" preserveAspectRatio=\"none\" width=\"100%\" height=\"100%\">\r\n\t<path fill=\"currentColor\" d=\"M64 8 L0 8 L0 0 L20 7.9 L40 3 L48 5 L64 0 Z\"\/>\r\n<\/svg><\/div><div class=\"l-section-h i-cf\"><div class=\"g-cols vc_row via_flex valign_top type_default stacking_default\"><div class=\"vc_col-sm-12 wpb_column vc_column_container\"><div class=\"vc_column-inner\"><div class=\"wpb_wrapper\"><div class=\"wpb_text_column\"><div class=\"wpb_wrapper\"><blockquote>\n<p><strong>Kurzantwort:<\/strong> Wenn Sie dieses Wochenende vom 4. bis 6. September 2026 Flamenco in Sevilla suchen, nutzen Sie am besten die drei kostenlosen Auftritte vor der Biennale: Hermanos Aguilar am Freitag, Macarena Flamenca am Samstag und die Hommage an Fosforito am Sonntag. Tags\u00fcber k\u00f6nnen Sie den Rundgang erg\u00e4nzen mit <em>La noche azul<\/em> und der <em>Sala de revelado<\/em> in der Real F\u00e1brica de Artiller\u00eda. Wenn Sie lieber Uhrzeit und Sitzplatz sichern m\u00f6chten, bieten Sevillas Tablaos au\u00dferdem ihr regul\u00e4res Programm an.<\/p>\n<\/blockquote>\n<p><strong>Letzte Aktualisierung: 4. September 2026.<\/strong> Bei Veranstaltungen mit freiem Eintritt empfiehlt es sich, fr\u00fchzeitig zu kommen, da der Einlass von der verf\u00fcgbaren Kapazit\u00e4t abh\u00e4ngt.<\/p>\n<\/div><\/div><div class=\"w-separator size_medium\"><\/div><div class=\"w-hwrapper valign_top wrap stack_on_mobiles align_center\" style=\"--hwrapper-gap:1.2rem\"><div class=\"w-btn-wrapper align_none\"><a class=\"w-btn us-btn-style_1\" href=\"https:\/\/www.tablaosflamencos.com\/de\/flamenco-biennale-sevilla-2026-vor-9-september.html\"><span class=\"w-btn-label\">Alle Veranstaltungen vor der Biennale ansehen<\/span><\/a><\/div><div class=\"w-btn-wrapper align_none\"><a class=\"w-btn us-btn-style_1\" href=\"https:\/\/www.tablaosflamencos.com\/de\/flamenco-sevilla-biennale-2026-shows-ausserhalb-offizielles-programm.html\"><span class=\"w-btn-label\">Flamenco au\u00dferhalb des offiziellen Programms ansehen<\/span><\/a><\/div><\/div><\/div><\/div><\/div><\/div><\/div><\/section><section class=\"l-section wpb_row height_huge\"><div class=\"l-section-h i-cf\"><div class=\"g-cols vc_row via_flex valign_top type_default stacking_default\"><div class=\"vc_col-sm-6 wpb_column vc_column_container\"><div class=\"vc_column-inner\"><div class=\"wpb_wrapper\"><div class=\"wpb_text_column\"><div class=\"wpb_wrapper\"><h2>Inhalt dieses Guides<\/h2>\n<ul>\n<li><a href=\"#viernes\">Freitag, 4.: Hermanos Aguilar in San Jer\u00f3nimo<\/a><\/li>\n<li><a href=\"#sabado\">Samstag, 5.: Macarena Flamenca<\/a><\/li>\n<li><a href=\"#domingo\">Sonntag, 6.: Hommage an Fosforito<\/a><\/li>\n<li><a href=\"#dia\">Was man tags\u00fcber unternehmen kann<\/a><\/li>\n<li><a href=\"#artilleria\">La noche azul und Sala de revelado<\/a><\/li>\n<li><a href=\"#tablaos\">Tablaos zur Erg\u00e4nzung des Wochenendes<\/a><\/li>\n<li><a href=\"#agenda\">Schneller \u00dcberblick vom 4. bis 6. September<\/a><\/li>\n<li><a href=\"#organizar\">So organisieren Sie das Wochenende<\/a><\/li>\n<li><a href=\"#despues\">Was danach kommt<\/a><\/li>\n<li><a href=\"#faq\">H\u00e4ufig gestellte Fragen<\/a><\/li>\n<\/ul>\n<\/div><\/div><\/div><\/div><\/div><div class=\"vc_col-sm-6 wpb_column vc_column_container\"><div class=\"vc_column-inner\"><div class=\"wpb_wrapper\"><div class=\"wpb_text_column\"><div class=\"wpb_wrapper\"><h2>Ein \u00dcbergangswochenende<\/h2>\n<p>Dieses Wochenende bildet eine Br\u00fccke zwischen dem ganzj\u00e4hrigen Flamenco-Sevilla und der Stadt, die ab dem 9. September vollst\u00e4ndig in die Biennale eintaucht. Die gro\u00dfen Produktionen im Maestranza, Lope de Vega, Teatro Central oder Espacio Turina haben noch nicht begonnen, doch das Rahmenprogramm belebt bereits Viertel, Pl\u00e4tze und historische Orte.<\/p>\n<p>So entsteht eine andere Atmosph\u00e4re: weniger auf die gro\u00dfen Theater konzentriert und st\u00e4rker \u00fcber die Stadt verteilt. Es ist auch eine gute Gelegenheit, Folgendes zu kombinieren <strong>kostenloser Flamenco + Kulturerbe + Tablao<\/strong> ohne mehrere offizielle Vorstellungen am selben Tag hintereinander besuchen zu m\u00fcssen.<\/p>\n<\/div><\/div><\/div><\/div><\/div><\/div><\/div><\/section><section class=\"l-section wpb_row height_huge color_alternate with_shape\"><div class=\"l-section-shape type_zigzag pos_top\" style=\"height:3vmin;\"><svg xmlns=\"http:\/\/www.w3.org\/2000\/svg\" viewBox=\"0 0 64 8\" preserveAspectRatio=\"none\" width=\"100%\" height=\"100%\">\r\n\t<path fill=\"currentColor\" d=\"M64 8 L0 8 L0 0 L20 7.9 L40 3 L48 5 L64 0 Z\"\/>\r\n<\/svg><\/div><div class=\"l-section-shape type_zigzag pos_bottom\" style=\"height:3vmin;\"><svg xmlns=\"http:\/\/www.w3.org\/2000\/svg\" viewBox=\"0 0 64 8\" preserveAspectRatio=\"none\" width=\"100%\" height=\"100%\">\r\n\t<path fill=\"currentColor\" d=\"M64 8 L0 8 L0 0 L20 7.9 L40 3 L48 5 L64 0 Z\"\/>\r\n<\/svg><\/div><div class=\"l-section-h i-cf\"><div class=\"g-cols vc_row via_flex valign_top type_default stacking_default\"><div class=\"vc_col-sm-6 wpb_column vc_column_container\"><div class=\"vc_column-inner\"><div class=\"wpb_wrapper\"><div class=\"wpb_text_column\"><div class=\"wpb_wrapper\"><h2 id=\"viernes\">Freitag, 4.: <em>Cuesti\u00f3n de tiempo<\/em>, Hermanos Aguilar<\/h2>\n<p><strong>21:30 Uhr \u00b7 Kloster San Jer\u00f3nimo \u00b7 Freier Eintritt bis zur Kapazit\u00e4tsgrenze<\/strong><\/p>\n<p>Am Freitag zieht das Vorprogramm der Biennale ins <strong>Kloster San Jer\u00f3nimo<\/strong> mit <em>Cuesti\u00f3n de tiempo<\/em>, einem St\u00fcck, geschaffen und aufgef\u00fchrt von <strong>Diego und Hugo Aguilar<\/strong>.<\/p>\n<p>Das Werk kreist um Erinnerung, Identit\u00e4t, famili\u00e4res Erbe und darum, wie die Zeit Beziehungen ver\u00e4ndert. Es gliedert sich in f\u00fcnf Akte \u2014<em>Lembranza, Albor, Confluencia, Soler<\/em> und <em>Umbral<\/em>\u2014 und geht von einer sehr k\u00f6rperlichen Vorstellung der Weitergabe aus: Die famili\u00e4re Vergangenheit bleibt im K\u00f6rper der Tanzenden pr\u00e4sent.<\/p>\n<p>Es handelt sich nicht blo\u00df um eine Tanzvorf\u00fchrung. Die Aguilar-Br\u00fcder entwickeln ein introspektives B\u00fchnenst\u00fcck, in dem der Vater der K\u00fcnstler als Symbol f\u00fcr Ursprung und Kontinuit\u00e4t erscheint.<\/p>\n<p><strong>Warum hingehen:<\/strong> weil man das Wochenende mit zeitgen\u00f6ssischer Kreation an einem historischen Ort beginnen kann, der sich stark von den Haupttheatern der Biennale unterscheidet.<\/p>\n<\/div><\/div><\/div><\/div><\/div><div class=\"vc_col-sm-6 wpb_column vc_column_container\"><div class=\"vc_column-inner\"><div class=\"wpb_wrapper\"><div class=\"wpb_text_column\"><div class=\"wpb_wrapper\"><h2 id=\"sabado\">Samstag, 5.: 2. Festival Macarena Flamenca<\/h2>\n<p><strong>21:30 Uhr \u00b7 Plaza Virgen del Pilar, La Barzola \u00b7 Freier Eintritt bis zur Kapazit\u00e4tsgrenze<\/strong><\/p>\n<p>Am Samstag verlagert sich der Schwerpunkt in den Bezirk Macarena mit der zweiten Ausgabe von <strong>Macarena Flamenca<\/strong>, einem 2025 gegr\u00fcndeten Festival, das in diesem Jahr <strong>Jos\u00e9 de la Tomasa<\/strong> f\u00fcr seine Laufbahn und seine Bedeutung bei der Weitergabe sevillanischer Cantes ehrt.<\/p>\n<p>Das Programm vereint mehrere Generationen und Profile. Als S\u00e4nger sind angek\u00fcndigt <strong>Potito, Antonio Reyes, Remedios Reyes und Manuel de la Tomasa<\/strong>, begleitet von den Gitarren Manuel Herrera, Nono Reyes und Julio Romero sowie Palmas und weiteren Begleitern. Im Tanz wirkt mit <strong>Manuela Amador Carrasco<\/strong>, mit Cante von Emilio Molina und Manuel Ta\u00f1\u00e9 sowie Gitarre von Luis Amador.<\/p>\n<p><strong>Warum dies der gro\u00dfe Plan f\u00fcr Samstag sein kann:<\/strong> weil das Festival ein umfangreiches Programm bietet, unter freiem Himmel in einem Viertel mit starker Flamenco-Identit\u00e4t stattfindet und als eigenst\u00e4ndiges Festival funktioniert, nicht nur als einzelne Auff\u00fchrung.<\/p>\n<\/div><\/div><\/div><\/div><\/div><\/div><\/div><\/section><section class=\"l-section wpb_row height_huge\"><div class=\"l-section-h i-cf\"><div class=\"g-cols vc_row via_flex valign_top type_default stacking_default\"><div class=\"vc_col-sm-6 wpb_column vc_column_container\"><div class=\"vc_column-inner\"><div class=\"wpb_wrapper\"><div class=\"wpb_text_column\"><div class=\"wpb_wrapper\"><h2 id=\"domingo\">Sonntag, 6.: <em>Nazareno y Olivares<\/em>, Hommage an Fosforito<\/h2>\n<p><strong>21:30 Uhr \u00b7 Museum f\u00fcr Volkskunst und Brauchtum \u00b7 Freier Eintritt bis zur Kapazit\u00e4tsgrenze<\/strong><\/p>\n<p>Am Sonntag endet das Wochenende auf der <strong>Plaza de Am\u00e9rica im Mar\u00eda-Luisa-Park<\/strong>, mit einer Produktion, die einer der grundlegenden Figuren des Cante im 20. Jahrhundert gewidmet ist: <strong>Antonio Fern\u00e1ndez D\u00edaz, Fosforito<\/strong>.<\/p>\n<p><em>Nazareno y Olivares<\/em> zeichnet sein Leben und Werk durch eine Kombination aus Wort, Musik und Tanz nach. Zu den angek\u00fcndigten Mitwirkenden geh\u00f6ren <strong>Enrique Garc\u00e9s, Bernardo Miranda, Alejandro Hurtado und Yolanda Osuna<\/strong>.<\/p>\n<p>Der Ort tr\u00e4gt viel zum Erlebnis bei. Das Museum f\u00fcr Volkskunst und Brauchtum befindet sich im Mud\u00e9jar-Pavillon an der Plaza de Am\u00e9rica, sodass man einen Nachmittag im Mar\u00eda-Luisa-Park mit einer Flamenco-Veranstaltung beenden kann, die Erinnerung und historisches Repertoire verbindet.<\/p>\n<p><strong>Ideal f\u00fcr:<\/strong> alle, die Cante, Gitarre, Erz\u00e4hlung und eine kulturhistorische Hommage einer ausschlie\u00dflich auf Tanz konzentrierten Produktion vorziehen.<\/p>\n<\/div><\/div><\/div><\/div><\/div><div class=\"vc_col-sm-6 wpb_column vc_column_container\"><div class=\"vc_column-inner\"><div class=\"wpb_wrapper\"><div class=\"wpb_text_column\"><div class=\"wpb_wrapper\"><h2 id=\"dia\">Was man tags\u00fcber vor den Vorstellungen unternehmen kann<\/h2>\n<p>Da die drei Hauptveranstaltungen erst um 21:30 Uhr beginnen, bleibt praktisch der ganze Tag frei. So lassen sich vollst\u00e4ndige Tage ohne Hektik planen.<\/p>\n<p>Am Freitag k\u00f6nnen Sie den Nachmittag im Zentrum verbringen und danach nach San Jer\u00f3nimo fahren. Am Samstag bietet es sich an, Macarena, Feria, Alameda oder den n\u00f6rdlichen Bereich zu erkunden, bevor Sie nach La Barzola gehen. Am Sonntag wiederum lassen sich Mar\u00eda-Luisa-Park, Plaza de Espa\u00f1a und Plaza de Am\u00e9rica so kombinieren, dass der sp\u00e4te Nachmittag nur wenige Minuten vom Veranstaltungsort entfernt stattfindet.<\/p>\n<p>Au\u00dferdem gibt es das ganze Wochenende \u00fcber einen besonders empfehlenswerten Ort f\u00fcr alle, die tiefer in Geschichte und kreative Prozesse des Flamenco eintauchen m\u00f6chten: die <strong>Real F\u00e1brica de Artiller\u00eda<\/strong>.<\/p>\n<\/div><\/div><\/div><\/div><\/div><\/div><\/div><\/section><section class=\"l-section wpb_row height_huge color_alternate with_shape\"><div class=\"l-section-shape type_zigzag pos_top hor_flip\" style=\"height:3vmin;\"><svg xmlns=\"http:\/\/www.w3.org\/2000\/svg\" viewBox=\"0 0 64 8\" preserveAspectRatio=\"none\" width=\"100%\" height=\"100%\">\r\n\t<path fill=\"currentColor\" d=\"M64 8 L0 8 L0 0 L20 7.9 L40 3 L48 5 L64 0 Z\"\/>\r\n<\/svg><\/div><div class=\"l-section-shape type_zigzag pos_bottom\" style=\"height:3vmin;\"><svg xmlns=\"http:\/\/www.w3.org\/2000\/svg\" viewBox=\"0 0 64 8\" preserveAspectRatio=\"none\" width=\"100%\" height=\"100%\">\r\n\t<path fill=\"currentColor\" d=\"M64 8 L0 8 L0 0 L20 7.9 L40 3 L48 5 L64 0 Z\"\/>\r\n<\/svg><\/div><div class=\"l-section-h i-cf\"><div class=\"g-cols vc_row via_flex valign_top type_default stacking_default\"><div class=\"vc_col-sm-6 wpb_column vc_column_container\"><div class=\"vc_column-inner\"><div class=\"wpb_wrapper\"><div class=\"wpb_text_column\"><div class=\"wpb_wrapper\"><h2 id=\"artilleria\"><em>La noche azul<\/em>: eine Ausstellung zum Verst\u00e4ndnis der \u00d3pera Flamenca<\/h2>\n<p>Seit dem 2. September zeigt die Real F\u00e1brica de Artiller\u00eda die Ausstellung <strong><em>La noche azul. \u00d3pera Flamenca en la colecci\u00f3n de Carlos Mart\u00edn Ballester<\/em><\/strong>.<\/p>\n<p>Die Ausstellung vereint <strong>328 Exponate<\/strong> darunter Plakate, Schellackplatten, Grammophone, Fotografien und historische Dokumente. Sie zeigt, wie der Flamenco vor rund einem Jahrhundert von den Caf\u00e9s Cantantes in gro\u00dfe Theater, Stierkampfarenen, ins Radio und in die fr\u00fche Tontr\u00e4gerindustrie gelangte.<\/p>\n<p>Der Eintritt ist kostenlos. Die offiziell angek\u00fcndigten \u00d6ffnungszeiten sind <strong>10:00 bis 20:00 Uhr von Montag bis Samstag<\/strong> und <strong>10:00 bis 14:00 Uhr sonntags<\/strong>. Dadurch l\u00e4sst sich die Ausstellung besonders gut am Samstag oder Sonntag vor einer der Abendveranstaltungen einplanen.<\/p>\n<\/div><\/div><div class=\"w-separator size_medium\"><\/div><div class=\"w-hwrapper valign_top wrap stack_on_mobiles align_center\" style=\"--hwrapper-gap:1.2rem\"><div class=\"w-btn-wrapper align_none\"><a class=\"w-btn us-btn-style_1\" href=\"https:\/\/www.tablaosflamencos.com\/de\/die-blaue-nacht-flamenco-oper-biennale-sevilla-2026.html\"><span class=\"w-btn-label\">Guide zu La noche azul<\/span><\/a><\/div><\/div><\/div><\/div><\/div><div class=\"vc_col-sm-6 wpb_column vc_column_container\"><div class=\"vc_column-inner\"><div class=\"wpb_wrapper\"><div class=\"wpb_text_column\"><div class=\"wpb_wrapper\"><h2>Ab Samstag: die neue Sala de revelado<\/h2>\n<p>Die Biennale hat au\u00dferdem eine mobile Installation unter dem Motto er\u00f6ffnet <strong>\u201eAuch das Unsichtbare ist Flamenco\u201c<\/strong>. Die <em>Sala de revelado<\/em> zeigt Proben-, Forschungs- und Schaffensprozesse, die normalerweise dem Blick des Publikums verborgen bleiben.<\/p>\n<p>Nach Stationen in Triana, El Prado\/Nervi\u00f3n und der Calle Feria befindet sich die Installation <strong>ab Samstag, 5. September, in der Real F\u00e1brica de Artiller\u00eda<\/strong>. Dort wird das Erlebnis durch dokumentarische Fotografien, Zeugnisse, Audiomaterial, Podcasts und Interviews zu den kreativen Prozessen der Biennale-K\u00fcnstler erweitert.<\/p>\n<p>Die Kombination ist besonders stimmig: ein Besuch von <em>La noche azul<\/em> und der <em>Sala de revelado<\/em> im selben Geb\u00e4ude erschlie\u00dft zwei Seiten des Flamenco \u2014 historische Erinnerung und zeitgen\u00f6ssische Kreation \u2014 bevor man abends eine Vorstellung besucht.<\/p>\n<\/div><\/div><\/div><\/div><\/div><\/div><\/div><\/section><section class=\"l-section wpb_row height_huge\"><div class=\"l-section-h i-cf\"><div class=\"g-cols vc_row via_flex valign_top type_default stacking_default\"><div class=\"vc_col-sm-6 wpb_column vc_column_container\"><div class=\"vc_column-inner\"><div class=\"wpb_wrapper\"><div class=\"wpb_text_column\"><div class=\"wpb_wrapper\"><h2 id=\"tablaos\">Wenn Sie einen Platz sichern m\u00f6chten: Tablaos das ganze Wochenende<\/h2>\n<p>Die drei gro\u00dfen Veranstaltungen am Freitag, Samstag und Sonntag sind kostenlos bis zur Kapazit\u00e4tsgrenze. Das ist ein klarer Vorteil, hat aber auch eine Grenze: <strong>es bedeutet nicht, dass ein Sitzplatz garantiert ist<\/strong>.<\/p>\n<p>Wenn Sie sp\u00e4t ankommen, einen sehr engen Zeitplan haben oder einfach lieber im Voraus buchen, bieten Sevillas Tablaos das ganze Wochenende ihr regul\u00e4res Programm an. Es gibt Optionen bei Las Setas, Santa Cruz, Arenal, Plaza Nueva, im historischen Zentrum und in Triana, meist mit Formaten von etwa einer Stunde.<\/p>\n<p>Auch als Erg\u00e4nzung ist das sinnvoll: Ausstellung oder Tagesaktivit\u00e4t, kostenlose Veranstaltung um 21:30 Uhr und Tablao an einem anderen Tag. Man muss nicht alles am selben Abend unterbringen.<\/p>\n<\/div><\/div><div class=\"w-separator size_medium\"><\/div><div class=\"w-hwrapper valign_top wrap stack_on_mobiles align_center\" style=\"--hwrapper-gap:1.2rem\"><div class=\"w-btn-wrapper align_none\"><a class=\"w-btn us-btn-style_1\" href=\"https:\/\/www.tablaosflamencos.com\/de\/flamenco-sevilla-biennale-2026-shows-ausserhalb-offizielles-programm.html\"><span class=\"w-btn-label\">Tablaos in Sevilla vergleichen<\/span><\/a><\/div><\/div><\/div><\/div><\/div><div class=\"vc_col-sm-6 wpb_column vc_column_container\"><div class=\"vc_column-inner\"><div class=\"wpb_wrapper\"><div class=\"wpb_text_column\"><div class=\"wpb_wrapper\"><h2>Welcher Plan zu Ihren Interessen passt<\/h2>\n<ul>\n<li><strong>Tanz und zeitgen\u00f6ssische Kreation:<\/strong> Hermanos Aguilar, Freitag, 4.<\/li>\n<li><strong>Cante-Festival mit gro\u00dfem Programm:<\/strong> Macarena Flamenca, Samstag, 5.<\/li>\n<li><strong>Geschichte des Cante und Hommage an eine zentrale Figur:<\/strong> Fosforito, Sonntag, 6.<\/li>\n<li><strong>Geschichte und dokumentarisches Erbe:<\/strong> <em>La noche azul<\/em>.<\/li>\n<li><strong>Aktuelle kreative Prozesse:<\/strong> <em>Sala de revelado<\/em>.<\/li>\n<li><strong>Reservierte Uhrzeit und regelm\u00e4\u00dfige Vorstellung:<\/strong> Tablao.<\/li>\n<\/ul>\n<p>Wenn Sie nur einen Abend w\u00e4hlen k\u00f6nnen, h\u00e4ngt die Entscheidung st\u00e4rker davon ab, welche Art von Flamenco Sie suchen, als von einer absoluten Rangfolge. Die Angebote sind sehr unterschiedlich, und genau diese Vielfalt ist einer der Reize des Wochenendes vor der Biennale.<\/p>\n<\/div><\/div><\/div><\/div><\/div><\/div><\/div><\/section><section class=\"l-section wpb_row height_huge color_alternate with_shape\"><div class=\"l-section-shape type_zigzag pos_top\" style=\"height:3vmin;\"><svg xmlns=\"http:\/\/www.w3.org\/2000\/svg\" viewBox=\"0 0 64 8\" preserveAspectRatio=\"none\" width=\"100%\" height=\"100%\">\r\n\t<path fill=\"currentColor\" d=\"M64 8 L0 8 L0 0 L20 7.9 L40 3 L48 5 L64 0 Z\"\/>\r\n<\/svg><\/div><div class=\"l-section-shape type_zigzag pos_bottom\" style=\"height:3vmin;\"><svg xmlns=\"http:\/\/www.w3.org\/2000\/svg\" viewBox=\"0 0 64 8\" preserveAspectRatio=\"none\" width=\"100%\" height=\"100%\">\r\n\t<path fill=\"currentColor\" d=\"M64 8 L0 8 L0 0 L20 7.9 L40 3 L48 5 L64 0 Z\"\/>\r\n<\/svg><\/div><div class=\"l-section-h i-cf\"><div class=\"g-cols vc_row via_flex valign_top type_default stacking_default\"><div class=\"vc_col-sm-12 wpb_column vc_column_container\"><div class=\"vc_column-inner\"><div class=\"wpb_wrapper\"><div class=\"wpb_text_column\"><div class=\"wpb_wrapper\"><h2 id=\"agenda\" style=\"text-align: center;\">Schneller \u00dcberblick: Flamenco in Sevilla vom 4. bis 6. September 2026<\/h2>\n<div style=\"overflow-x: auto;\">\n<table>\n<thead>\n<tr>\n<th>Tag<\/th>\n<th>Programm<\/th>\n<th>Uhrzeit<\/th>\n<th>Ort<\/th>\n<th>Eintritt<\/th>\n<\/tr>\n<\/thead>\n<tbody>\n<tr>\n<td>Freitag, 4.<\/td>\n<td><strong>Hermanos Aguilar \u2014 <em>Cuesti\u00f3n de tiempo<\/em><\/strong><\/td>\n<td>21:30 Uhr<\/td>\n<td>Kloster San Jer\u00f3nimo<\/td>\n<td>Frei bis zur Kapazit\u00e4tsgrenze<\/td>\n<\/tr>\n<tr>\n<td>Samstag, 5.<\/td>\n<td><strong>2. Festival Macarena Flamenca<\/strong><\/td>\n<td>21:30 Uhr<\/td>\n<td>Plaza Virgen del Pilar, La Barzola<\/td>\n<td>Frei bis zur Kapazit\u00e4tsgrenze<\/td>\n<\/tr>\n<tr>\n<td>Sonntag, 6.<\/td>\n<td><strong><em>Nazareno y Olivares<\/em> \u2014 Hommage an Fosforito<\/strong><\/td>\n<td>21:30 Uhr<\/td>\n<td>Museum f\u00fcr Volkskunst und Brauchtum<\/td>\n<td>Frei bis zur Kapazit\u00e4tsgrenze<\/td>\n<\/tr>\n<tr>\n<td>Samstag, 5.<\/td>\n<td><strong><em>La noche azul<\/em> + Sala de revelado<\/strong><\/td>\n<td>10:00\u201320:00 Uhr<\/td>\n<td>Real F\u00e1brica de Artiller\u00eda<\/td>\n<td>Kostenlos<\/td>\n<\/tr>\n<tr>\n<td>Sonntag, 6.<\/td>\n<td><strong><em>La noche azul<\/em> + Sala de revelado<\/strong><\/td>\n<td>10:00\u201314:00 Uhr<\/td>\n<td>Real F\u00e1brica de Artiller\u00eda<\/td>\n<td>Kostenlos<\/td>\n<\/tr>\n<\/tbody>\n<\/table>\n<\/div>\n<\/div><\/div><\/div><\/div><\/div><\/div><\/div><\/section><section class=\"l-section wpb_row height_huge\"><div class=\"l-section-h i-cf\"><div class=\"g-cols vc_row via_flex valign_top type_default stacking_default\"><div class=\"vc_col-sm-6 wpb_column vc_column_container\"><div class=\"vc_column-inner\"><div class=\"wpb_wrapper\"><div class=\"wpb_text_column\"><div class=\"wpb_wrapper\"><h2 id=\"organizar\">So organisieren Sie das Wochenende ohne Hektik<\/h2>\n<p>Eine gute Strategie ist, jeden Abend nur f\u00fcr eine Hauptveranstaltung einzuplanen und den Tag zur Erkundung der Stadt zu nutzen. Das Wochenende muss kein Marathon werden.<\/p>\n<p><strong>Freitag:<\/strong> historisches Zentrum am Nachmittag + San Jer\u00f3nimo um 21:30 Uhr.<\/p>\n<p><strong>Samstag:<\/strong> Artiller\u00eda am Morgen oder fr\u00fchen Nachmittag + Macarena und Alameda + Festival Macarena Flamenca am Abend.<\/p>\n<p><strong>Sonntag:<\/strong> Artiller\u00eda am Morgen + Mar\u00eda-Luisa-Park und Plaza de Espa\u00f1a am Nachmittag + Hommage an Fosforito um 21:30 Uhr.<\/p>\n<p>F\u00fcr die kostenlosen Veranstaltungen empfehlen wir, mit ausreichend Vorlauf zu kommen. Bei einer Veranstaltung ohne nummerierte Eintrittskarten ist fr\u00fches Erscheinen viel wichtiger als bei einer reservierten Vorstellung.<\/p>\n<\/div><\/div><\/div><\/div><\/div><div class=\"vc_col-sm-6 wpb_column vc_column_container\"><div class=\"vc_column-inner\"><div class=\"wpb_wrapper\"><div class=\"wpb_text_column\"><div class=\"wpb_wrapper\"><h2 id=\"despues\">Und danach: Die Biennale beginnt offiziell am 9.<\/h2>\n<p>Das Wochenende ist nicht das Ende des Vorprogramms. Am Dienstag, dem 8., wird die Filmreihe fortgesetzt <em>Flamencas<\/em> und am Mittwoch <strong>9. September<\/strong> beginnt das offizielle Programm mit dem <strong>Preg\u00f3n Cantado<\/strong> auf der Plaza de San Francisco.<\/p>\n<p>Ab dann \u00e4ndert sich die Gr\u00f6\u00dfenordnung: Die gro\u00dfen Vorstellungen beginnen und das Programm verteilt sich auf die wichtigsten Spielst\u00e4tten der Ausgabe. Wenn Sie l\u00e4nger in Sevilla bleiben, wechseln Sie von diesem Wochenend-Guide am besten zu unserem <strong>kompletten Biennale-Guide<\/strong> und zum speziellen Artikel \u00fcber <strong>das erste offizielle Wochenende<\/strong>, der bereits die Shows ab dem 9. September behandelt.<\/p>\n<\/div><\/div><div class=\"w-separator size_medium\"><\/div><div class=\"w-hwrapper valign_top wrap stack_on_mobiles align_center\" style=\"--hwrapper-gap:1.2rem\"><div class=\"w-btn-wrapper align_none\"><a class=\"w-btn us-btn-style_1\" href=\"https:\/\/www.tablaosflamencos.com\/de\/flamenco-biennale-sevilla-2026.html\"><span class=\"w-btn-label\">Kompletter Biennale-Guide 2026<\/span><\/a><\/div><div class=\"w-btn-wrapper align_none\"><a class=\"w-btn us-btn-style_1\" href=\"https:\/\/www.tablaosflamencos.com\/de\/erstes-wochenende-flamenco-biennale-sevilla-2026-was-sehen.html\"><span class=\"w-btn-label\">Was am ersten offiziellen Wochenende zu sehen ist<\/span><\/a><\/div><\/div><\/div><\/div><\/div><\/div><\/div><\/section><section class=\"l-section wpb_row height_huge color_alternate with_shape\"><div class=\"l-section-shape type_zigzag pos_top hor_flip\" style=\"height:3vmin;\"><svg xmlns=\"http:\/\/www.w3.org\/2000\/svg\" viewBox=\"0 0 64 8\" preserveAspectRatio=\"none\" width=\"100%\" height=\"100%\">\r\n\t<path fill=\"currentColor\" d=\"M64 8 L0 8 L0 0 L20 7.9 L40 3 L48 5 L64 0 Z\"\/>\r\n<\/svg><\/div><div class=\"l-section-shape type_zigzag pos_bottom\" style=\"height:3vmin;\"><svg xmlns=\"http:\/\/www.w3.org\/2000\/svg\" viewBox=\"0 0 64 8\" preserveAspectRatio=\"none\" width=\"100%\" height=\"100%\">\r\n\t<path fill=\"currentColor\" d=\"M64 8 L0 8 L0 0 L20 7.9 L40 3 L48 5 L64 0 Z\"\/>\r\n<\/svg><\/div><div class=\"l-section-h i-cf\"><div class=\"g-cols vc_row via_flex valign_top type_default stacking_default\"><div class=\"vc_col-sm-12 wpb_column vc_column_container\"><div class=\"vc_column-inner\"><div class=\"wpb_wrapper\"><div class=\"wpb_text_column\"><div class=\"wpb_wrapper\"><h2 style=\"text-align: center;\">Die Biennale hat offiziell noch nicht begonnen, aber Sevilla ist bereits im Flamenco-Modus<\/h2>\n<p style=\"text-align: center;\">Das Wochenende vom 4. bis 6. September bietet eine besonders attraktive Kombination: drei kostenlose Abendveranstaltungen, zwei kulturelle Tagesangebote in der Real F\u00e1brica de Artiller\u00eda und das gesamte regul\u00e4re Tablao-Programm.<\/p>\n<p style=\"text-align: center;\">Wenn Sie in diesen Tagen in Sevilla sind, m\u00fcssen Sie nicht bis zum 9. September warten, um die Biennale zu erleben. Die Stadt zeigt bereits einen Teil dessen, was kommt: <strong>Tanz, Cante, Erinnerung, Kulturerbe, Kreation und Flamenco auf der Stra\u00dfe<\/strong>.<\/p>\n<\/div><\/div><div class=\"w-separator size_medium\"><\/div><div class=\"w-hwrapper valign_top wrap stack_on_mobiles align_center\" style=\"--hwrapper-gap:1.2rem\"><div class=\"w-btn-wrapper align_none\"><a class=\"w-btn us-btn-style_1\" href=\"https:\/\/www.tablaosflamencos.com\/de\/flamenco-biennale-sevilla-2026-kostenlos.html\"><span class=\"w-btn-label\">Kostenlose Biennale-Aktivit\u00e4ten ansehen<\/span><\/a><\/div><\/div><\/div><\/div><\/div><\/div><\/div><\/section><section class=\"l-section wpb_row height_huge with_shape\"><div class=\"l-section-shape type_zigzag pos_bottom\" style=\"height:3vmin;\"><svg xmlns=\"http:\/\/www.w3.org\/2000\/svg\" viewBox=\"0 0 64 8\" preserveAspectRatio=\"none\" width=\"100%\" height=\"100%\">\r\n\t<path fill=\"currentColor\" d=\"M64 8 L0 8 L0 0 L20 7.9 L40 3 L48 5 L64 0 Z\"\/>\r\n<\/svg><\/div><div class=\"l-section-h i-cf\"><div class=\"g-cols vc_row via_flex valign_top type_default stacking_default\"><div class=\"vc_col-sm-1\/5 wpb_column vc_column_container\"><div class=\"vc_column-inner\"><div class=\"wpb_wrapper\"><\/div><\/div><\/div><div class=\"vc_col-sm-3\/5 wpb_column vc_column_container\"><div class=\"vc_column-inner\"><div class=\"wpb_wrapper\"><div class=\"wpb_text_column\"><div class=\"wpb_wrapper\"><h2 id=\"faq\" style=\"text-align: center;\">H\u00e4ufige Fragen zu Flamenco in Sevilla an diesem Wochenende<\/h2>\n<\/div><\/div><div class=\"w-separator size_medium\"><\/div><div class=\"w-tabs accordion toggle_style_1 has_scrolling\" style=\"--sections-title-size:inherit;--sections-gap:0.5rem;\"><div class=\"w-tabs-sections titles-align_none icon_chevron cpos_right\"><div class=\"w-tabs-section\" id=\"tb8a\"><button type=\"button\" class=\"w-tabs-section-header\" aria-controls=\"content-tb8a\" aria-expanded=\"false\"><div class=\"w-tabs-section-title\">Welchen Flamenco gibt es in Sevilla dieses Wochenende vom 4. bis 6. September 2026?<\/div><div class=\"w-tabs-section-control\"><\/div><\/button><div  class=\"w-tabs-section-content\" id=\"content-tb8a\"><div class=\"w-tabs-section-content-h i-cf\"><div class=\"wpb_text_column\"><div class=\"wpb_wrapper\"><p>Am Freitag, dem 4., treten Hermanos Aguilar auf mit <em>Cuesti\u00f3n de tiempo<\/em> im Kloster San Jer\u00f3nimo; am Samstag, dem 5., findet das 2. Festival Macarena Flamenca auf der Plaza Virgen del Pilar statt; und am Sonntag, dem 6., gibt es <em>Nazareno y Olivares<\/em>, eine Hommage an Fosforito, im Museum f\u00fcr Volkskunst und Brauchtum. Alle drei Veranstaltungen beginnen um 21:30 Uhr.<\/p>\n<\/div><\/div><\/div><\/div><\/div><div class=\"w-tabs-section\" id=\"fcaa\"><button type=\"button\" class=\"w-tabs-section-header\" aria-controls=\"content-fcaa\" aria-expanded=\"false\"><div class=\"w-tabs-section-title\">Sind die Veranstaltungen vor der Biennale an diesem Wochenende kostenlos?<\/div><div class=\"w-tabs-section-control\"><\/div><\/button><div  class=\"w-tabs-section-content\" id=\"content-fcaa\"><div class=\"w-tabs-section-content-h i-cf\"><div class=\"wpb_text_column\"><div class=\"wpb_wrapper\"><p>Ja. Die Veranstaltungen am 4., 5. und 6. September sind bei freiem Eintritt bis zur Kapazit\u00e4tsgrenze angek\u00fcndigt; daher empfiehlt es sich, fr\u00fchzeitig zu kommen.<\/p>\n<\/div><\/div><\/div><\/div><\/div><div class=\"w-tabs-section\" id=\"ad92\"><button type=\"button\" class=\"w-tabs-section-header\" aria-controls=\"content-ad92\" aria-expanded=\"false\"><div class=\"w-tabs-section-title\">Wann beginnt die Flamenco-Biennale Sevilla 2026 offiziell?<\/div><div class=\"w-tabs-section-control\"><\/div><\/button><div  class=\"w-tabs-section-content\" id=\"content-ad92\"><div class=\"w-tabs-section-content-h i-cf\"><div class=\"wpb_text_column\"><div class=\"wpb_wrapper\"><p>Die XXIV. Flamenco-Biennale findet offiziell vom 9. September bis 3. Oktober 2026 statt. Mehrere Begleitaktivit\u00e4ten und Auff\u00fchrungen beginnen jedoch bereits vor dem 9.<\/p>\n<\/div><\/div><\/div><\/div><\/div><div class=\"w-tabs-section\" id=\"tf03\"><button type=\"button\" class=\"w-tabs-section-header\" aria-controls=\"content-tf03\" aria-expanded=\"false\"><div class=\"w-tabs-section-title\">Was kann ich am Freitag, dem 4. September, sehen?<\/div><div class=\"w-tabs-section-control\"><\/div><\/button><div  class=\"w-tabs-section-content\" id=\"content-tf03\"><div class=\"w-tabs-section-content-h i-cf\"><div class=\"wpb_text_column\"><div class=\"wpb_wrapper\"><p><em>Cuesti\u00f3n de tiempo<\/em>, von Hermanos Aguilar, um 21:30 Uhr im Kloster San Jer\u00f3nimo. Es ist ein Tanz- und zeitgen\u00f6ssisches Kreationsst\u00fcck \u00fcber Erinnerung, Identit\u00e4t und famili\u00e4res Erbe.<\/p>\n<\/div><\/div><\/div><\/div><\/div><div class=\"w-tabs-section\" id=\"eff6\"><button type=\"button\" class=\"w-tabs-section-header\" aria-controls=\"content-eff6\" aria-expanded=\"false\"><div class=\"w-tabs-section-title\">Was gibt es am Samstag, dem 5. September?<\/div><div class=\"w-tabs-section-control\"><\/div><\/button><div  class=\"w-tabs-section-content\" id=\"content-eff6\"><div class=\"w-tabs-section-content-h i-cf\"><div class=\"wpb_text_column\"><div class=\"wpb_wrapper\"><p>Das 2. Festival Macarena Flamenca findet um 21:30 Uhr auf der Plaza Virgen del Pilar in La Barzola statt und ehrt Jos\u00e9 de la Tomasa. Zum Programm geh\u00f6ren unter anderem Potito, Antonio Reyes, Remedios Reyes, Manuel de la Tomasa und Manuela Amador Carrasco.<\/p>\n<\/div><\/div><\/div><\/div><\/div><div class=\"w-tabs-section\" id=\"w0d1\"><button type=\"button\" class=\"w-tabs-section-header\" aria-controls=\"content-w0d1\" aria-expanded=\"false\"><div class=\"w-tabs-section-title\">Was gibt es am Sonntag, dem 6. September?<\/div><div class=\"w-tabs-section-control\"><\/div><\/button><div  class=\"w-tabs-section-content\" id=\"content-w0d1\"><div class=\"w-tabs-section-content-h i-cf\"><div class=\"wpb_text_column\"><div class=\"wpb_wrapper\"><p>Um 21:30 Uhr wird <em>Nazareno y Olivares<\/em> im Museum f\u00fcr Volkskunst und Brauchtum pr\u00e4sentiert, eine Produktion \u00fcber Leben und Werk Fosforitos mit Musik, Wort und Tanz.<\/p>\n<\/div><\/div><\/div><\/div><\/div><div class=\"w-tabs-section\" id=\"e1a4\"><button type=\"button\" class=\"w-tabs-section-header\" aria-controls=\"content-e1a4\" aria-expanded=\"false\"><div class=\"w-tabs-section-title\">Gibt es tags\u00fcber Flamenco-Aktivit\u00e4ten?<\/div><div class=\"w-tabs-section-control\"><\/div><\/button><div  class=\"w-tabs-section-content\" id=\"content-e1a4\"><div class=\"w-tabs-section-content-h i-cf\"><div class=\"wpb_text_column\"><div class=\"wpb_wrapper\"><p>Ja. Die Real F\u00e1brica de Artiller\u00eda zeigt die kostenlose Ausstellung <em>La noche azul<\/em> und ab Samstag, dem 5., au\u00dferdem die <em>Sala de revelado<\/em>, die die kreativen Prozesse der Biennale-K\u00fcnstler sichtbar macht.<\/p>\n<\/div><\/div><\/div><\/div><\/div><div class=\"w-tabs-section\" id=\"x283\"><button type=\"button\" class=\"w-tabs-section-header\" aria-controls=\"content-x283\" aria-expanded=\"false\"><div class=\"w-tabs-section-title\">Welche \u00d6ffnungszeiten hat La noche azul an diesem Wochenende?<\/div><div class=\"w-tabs-section-control\"><\/div><\/button><div  class=\"w-tabs-section-content\" id=\"content-x283\"><div class=\"w-tabs-section-content-h i-cf\"><div class=\"wpb_text_column\"><div class=\"wpb_wrapper\"><p>Die offiziellen \u00d6ffnungszeiten der Ausstellung sind Montag bis Samstag von 10:00 bis 20:00 Uhr und sonntags von 10:00 bis 14:00 Uhr. Der Eintritt ist kostenlos.<\/p>\n<\/div><\/div><\/div><\/div><\/div><div class=\"w-tabs-section\" id=\"l36a\"><button type=\"button\" class=\"w-tabs-section-header\" aria-controls=\"content-l36a\" aria-expanded=\"false\"><div class=\"w-tabs-section-title\">Kann ich einen Tablao buchen, wenn ich nicht von der Kapazit\u00e4t der kostenlosen Veranstaltungen abh\u00e4ngen m\u00f6chte?<\/div><div class=\"w-tabs-section-control\"><\/div><\/button><div  class=\"w-tabs-section-content\" id=\"content-l36a\"><div class=\"w-tabs-section-content-h i-cf\"><div class=\"wpb_text_column\"><div class=\"wpb_wrapper\"><p>Ja. Sevillas Tablaos bieten das ganze Wochenende ihr regul\u00e4res Programm an. Das ist eine empfehlenswerte Alternative, wenn Sie einen Platz sichern, eine bestimmte Uhrzeit w\u00e4hlen oder eine der Vorveranstaltungen der Biennale mit einer weiteren Flamenco-Show kombinieren m\u00f6chten.<\/p>\n<\/div><\/div><\/div><\/div><\/div><div class=\"w-tabs-section\" id=\"y44b\"><button type=\"button\" class=\"w-tabs-section-header\" aria-controls=\"content-y44b\" aria-expanded=\"false\"><div class=\"w-tabs-section-title\">Was passiert nach diesem Wochenende?<\/div><div class=\"w-tabs-section-control\"><\/div><\/button><div  class=\"w-tabs-section-content\" id=\"content-y44b\"><div class=\"w-tabs-section-content-h i-cf\"><div class=\"wpb_text_column\"><div class=\"wpb_wrapper\"><p>Das Vorprogramm wird am 8. September fortgesetzt, und am 9. beginnt die Biennale offiziell. Ab dann starten die gro\u00dfen Produktionen, Premieren und Reihen an den wichtigsten Spielst\u00e4tten Sevillas.<\/p>\n<\/div><\/div><\/div><\/div><\/div><\/div><\/div><\/div><\/div><\/div><div class=\"vc_col-sm-1\/5 wpb_column vc_column_container\"><div class=\"vc_column-inner\"><div class=\"wpb_wrapper\"><\/div><\/div><\/div><\/div><\/div><\/section>\n","protected":false},"excerpt":{"rendered":"<p>Was man vom 4. bis 6. September 2026 in Sevilla vor der Biennale sehen kann: kostenlose Shows, Ausstellungen, Tablaos und praktische Tipps.<\/p>\n","protected":false},"author":1,"featured_media":14517,"comment_status":"closed","ping_status":"closed","sticky":false,"template":"","format":"standard","meta":{"_acf_changed":false,"wpai_generated_summary":"","_ayudawp_aiss_exclude":false,"_ayudawp_aiss_exclude_summary":false,"_ayudawp_aiss_summary":"","_ayudawp_aiss_summary_provider":"","_ayudawp_aiss_summary_hash":"","footnotes":""},"categories":[1431],"tags":[1244,1245,1246,1247,1166,405,1248],"class_list":["post-14539","post","type-post","status-publish","format-standard","has-post-thumbnail","hentry","category-flamenco-biennale","tag-agenda-flamenca","tag-bienal-2026","tag-bienal-de-flamenco","tag-festivales-flamencos","tag-flamenco-en-sevilla","tag-sevilla","tag-tablaos-de-sevilla"],"acf":[],"yoast_head":"<!-- This site is optimized with the Yoast SEO Premium plugin v28.4 (Yoast SEO v28.4) - https:\/\/yoast.com\/product\/yoast-seo-premium-wordpress\/ -->\n<title>Flamenco in Sevilla dieses Wochenende: 4.\u20136. September<\/title>\n<meta name=\"description\" content=\"Was man vom 4. bis 6. September 2026 in Sevilla vor der Biennale sehen kann: Hermanos Aguilar, Macarena Flamenca, Fosforito-Hommage, Ausstellungen und Tablaos.\" \/>\n<meta name=\"robots\" content=\"index, follow, max-snippet:-1, max-image-preview:large, max-video-preview:-1\" \/>\n<link rel=\"canonical\" href=\"https:\/\/www.tablaosflamencos.com\/de\/flamenco-sevilla-dieses-wochenende-vor-biennale-2026.html\" \/>\n<meta property=\"og:locale\" content=\"de_DE\" \/>\n<meta property=\"og:type\" content=\"article\" \/>\n<meta property=\"og:title\" content=\"Flamenco in Sevilla dieses Wochenende: was vor der Biennale sehen\" \/>\n<meta property=\"og:description\" content=\"Was man vom 4. bis 6. September 2026 in Sevilla vor der Biennale sehen kann: Hermanos Aguilar, Macarena Flamenca, Fosforito-Hommage, Ausstellungen und Tablaos.\" \/>\n<meta property=\"og:url\" content=\"https:\/\/www.tablaosflamencos.com\/de\/flamenco-sevilla-dieses-wochenende-vor-biennale-2026.html\" \/>\n<meta property=\"og:site_name\" content=\"Tablaos Flamencos\" \/>\n<meta property=\"article:publisher\" content=\"https:\/\/www.facebook.com\/tablaosflamencos\" \/>\n<meta property=\"article:published_time\" content=\"2026-09-04T16:48:29+00:00\" \/>\n<meta property=\"article:modified_time\" content=\"2026-09-04T17:15:17+00:00\" \/>\n<meta property=\"og:image\" content=\"https:\/\/www.tablaosflamencos.com\/wp-content\/uploads\/flamenco-en-sevilla-este-fin-de-semana-que-ver-antes-de-la-bienal-01.webp\" \/>\n\t<meta property=\"og:image:width\" content=\"1672\" \/>\n\t<meta property=\"og:image:height\" content=\"941\" \/>\n\t<meta property=\"og:image:type\" content=\"image\/webp\" \/>\n<meta name=\"author\" content=\"Miguel Ortiz\" \/>\n<meta name=\"twitter:card\" content=\"summary_large_image\" \/>\n<meta name=\"twitter:creator\" content=\"@tablaosflamenco\" \/>\n<meta name=\"twitter:site\" content=\"@tablaosflamenco\" \/>\n<meta name=\"twitter:label1\" content=\"Verfasst von\" \/>\n\t<meta name=\"twitter:data1\" content=\"Miguel Ortiz\" \/>\n\t<meta name=\"twitter:label2\" content=\"Gesch\u00e4tzte Lesezeit\" \/>\n\t<meta name=\"twitter:data2\" content=\"16\u00a0Minuten\" \/>\n<script type=\"application\/ld+json\" class=\"yoast-schema-graph\">{\"@context\":\"https:\\\/\\\/schema.org\",\"@graph\":[{\"@type\":\"Article\",\"@id\":\"https:\\\/\\\/www.tablaosflamencos.com\\\/de\\\/flamenco-sevilla-dieses-wochenende-vor-biennale-2026.html#article\",\"isPartOf\":{\"@id\":\"https:\\\/\\\/www.tablaosflamencos.com\\\/de\\\/flamenco-sevilla-dieses-wochenende-vor-biennale-2026.html\"},\"author\":{\"name\":\"Miguel Ortiz\",\"@id\":\"https:\\\/\\\/www.tablaosflamencos.com\\\/de#\\\/schema\\\/person\\\/e7a9ebe14eb75a52ceabfbffb3c54f5d\"},\"headline\":\"Flamenco in Sevilla dieses Wochenende: was vor der Biennale sehen\",\"datePublished\":\"2026-09-04T16:48:29+00:00\",\"dateModified\":\"2026-09-04T17:15:17+00:00\",\"mainEntityOfPage\":{\"@id\":\"https:\\\/\\\/www.tablaosflamencos.com\\\/de\\\/flamenco-sevilla-dieses-wochenende-vor-biennale-2026.html\"},\"wordCount\":3181,\"publisher\":{\"@id\":\"https:\\\/\\\/www.tablaosflamencos.com\\\/de#organization\"},\"image\":{\"@id\":\"https:\\\/\\\/www.tablaosflamencos.com\\\/de\\\/flamenco-sevilla-dieses-wochenende-vor-biennale-2026.html#primaryimage\"},\"thumbnailUrl\":\"https:\\\/\\\/www.tablaosflamencos.com\\\/wp-content\\\/uploads\\\/flamenco-en-sevilla-este-fin-de-semana-que-ver-antes-de-la-bienal-01.webp\",\"keywords\":[\"agenda flamenca\",\"Bienal 2026\",\"Bienal de Flamenco\",\"festivales flamencos\",\"flamenco en Sevilla\",\"sevilla\",\"tablaos de Sevilla\"],\"articleSection\":[\"Flamenco-Biennale\"],\"inLanguage\":\"de\"},{\"@type\":\"WebPage\",\"@id\":\"https:\\\/\\\/www.tablaosflamencos.com\\\/de\\\/flamenco-sevilla-dieses-wochenende-vor-biennale-2026.html\",\"url\":\"https:\\\/\\\/www.tablaosflamencos.com\\\/de\\\/flamenco-sevilla-dieses-wochenende-vor-biennale-2026.html\",\"name\":\"Flamenco in Sevilla dieses Wochenende: 4.\u20136. September\",\"isPartOf\":{\"@id\":\"https:\\\/\\\/www.tablaosflamencos.com\\\/de#website\"},\"primaryImageOfPage\":{\"@id\":\"https:\\\/\\\/www.tablaosflamencos.com\\\/de\\\/flamenco-sevilla-dieses-wochenende-vor-biennale-2026.html#primaryimage\"},\"image\":{\"@id\":\"https:\\\/\\\/www.tablaosflamencos.com\\\/de\\\/flamenco-sevilla-dieses-wochenende-vor-biennale-2026.html#primaryimage\"},\"thumbnailUrl\":\"https:\\\/\\\/www.tablaosflamencos.com\\\/wp-content\\\/uploads\\\/flamenco-en-sevilla-este-fin-de-semana-que-ver-antes-de-la-bienal-01.webp\",\"datePublished\":\"2026-09-04T16:48:29+00:00\",\"dateModified\":\"2026-09-04T17:15:17+00:00\",\"description\":\"Was man vom 4. bis 6. September 2026 in Sevilla vor der Biennale sehen kann: Hermanos Aguilar, Macarena Flamenca, Fosforito-Hommage, Ausstellungen und Tablaos.\",\"breadcrumb\":{\"@id\":\"https:\\\/\\\/www.tablaosflamencos.com\\\/de\\\/flamenco-sevilla-dieses-wochenende-vor-biennale-2026.html#breadcrumb\"},\"inLanguage\":\"de\",\"potentialAction\":[{\"@type\":\"ReadAction\",\"target\":[\"https:\\\/\\\/www.tablaosflamencos.com\\\/de\\\/flamenco-sevilla-dieses-wochenende-vor-biennale-2026.html\"]}]},{\"@type\":\"ImageObject\",\"inLanguage\":\"de\",\"@id\":\"https:\\\/\\\/www.tablaosflamencos.com\\\/de\\\/flamenco-sevilla-dieses-wochenende-vor-biennale-2026.html#primaryimage\",\"url\":\"https:\\\/\\\/www.tablaosflamencos.com\\\/wp-content\\\/uploads\\\/flamenco-en-sevilla-este-fin-de-semana-que-ver-antes-de-la-bienal-01.webp\",\"contentUrl\":\"https:\\\/\\\/www.tablaosflamencos.com\\\/wp-content\\\/uploads\\\/flamenco-en-sevilla-este-fin-de-semana-que-ver-antes-de-la-bienal-01.webp\",\"width\":1672,\"height\":941,\"caption\":\"Flamenco en Sevilla este fin de semana: qu\u00e9 ver antes de la Bienal\"},{\"@type\":\"BreadcrumbList\",\"@id\":\"https:\\\/\\\/www.tablaosflamencos.com\\\/de\\\/flamenco-sevilla-dieses-wochenende-vor-biennale-2026.html#breadcrumb\",\"itemListElement\":[{\"@type\":\"ListItem\",\"position\":1,\"name\":\"Home\",\"item\":\"https:\\\/\\\/www.tablaosflamencos.com\\\/de\"},{\"@type\":\"ListItem\",\"position\":2,\"name\":\"Flamenco in Sevilla dieses Wochenende: was vor der Biennale sehen\"}]},{\"@type\":\"WebSite\",\"@id\":\"https:\\\/\\\/www.tablaosflamencos.com\\\/de#website\",\"url\":\"https:\\\/\\\/www.tablaosflamencos.com\\\/de\",\"name\":\"Tablaos Flamencos\",\"description\":\"Entradas para tablaos flamencos de Espa\u00f1a\",\"publisher\":{\"@id\":\"https:\\\/\\\/www.tablaosflamencos.com\\\/de#organization\"},\"alternateName\":\"Tablaos Flamencos\",\"potentialAction\":[{\"@type\":\"SearchAction\",\"target\":{\"@type\":\"EntryPoint\",\"urlTemplate\":\"https:\\\/\\\/www.tablaosflamencos.com\\\/de?s={search_term_string}\"},\"query-input\":{\"@type\":\"PropertyValueSpecification\",\"valueRequired\":true,\"valueName\":\"search_term_string\"}}],\"inLanguage\":\"de\"},{\"@type\":[\"Organization\",\"Place\",\"EntertainmentBusiness\"],\"@id\":\"https:\\\/\\\/www.tablaosflamencos.com\\\/de#organization\",\"name\":\"Tablaos Flamencos\",\"alternateName\":\"Tablaos Flamencos\",\"url\":\"https:\\\/\\\/www.tablaosflamencos.com\\\/de\",\"logo\":{\"@id\":\"https:\\\/\\\/www.tablaosflamencos.com\\\/de\\\/flamenco-sevilla-dieses-wochenende-vor-biennale-2026.html#local-main-organization-logo\"},\"image\":{\"@id\":\"https:\\\/\\\/www.tablaosflamencos.com\\\/de\\\/flamenco-sevilla-dieses-wochenende-vor-biennale-2026.html#local-main-organization-logo\"},\"sameAs\":[\"https:\\\/\\\/www.facebook.com\\\/tablaosflamencos\",\"https:\\\/\\\/x.com\\\/tablaosflamenco\",\"https:\\\/\\\/mastodon.social\\\/@tablaosflamencos\",\"https:\\\/\\\/www.instagram.com\\\/tablaosflamencos\",\"https:\\\/\\\/tiktok.com\\\/@tablaosflamencos\",\"https:\\\/\\\/www.linkedin.com\\\/company\\\/109408238\\\/\"],\"description\":\"Venta de entradas para espect\u00e1culos flamencos\",\"legalName\":\"Tablaos Flamencos\",\"foundingDate\":\"2015-01-01\",\"numberOfEmployees\":{\"@type\":\"QuantitativeValue\",\"minValue\":\"1\",\"maxValue\":\"10\"},\"address\":{\"@id\":\"https:\\\/\\\/www.tablaosflamencos.com\\\/de\\\/flamenco-sevilla-dieses-wochenende-vor-biennale-2026.html#local-main-place-address\"},\"geo\":{\"@type\":\"GeoCoordinates\",\"latitude\":\"37.3868072\",\"longitude\":\"-5.993280299999999\"},\"telephone\":[\"+34623787787\"],\"contactPoint\":{\"@type\":\"ContactPoint\",\"telephone\":\"+34623787787\",\"email\":\"info@tablaosflamencos.com\"},\"openingHoursSpecification\":{\"@type\":\"OpeningHoursSpecification\",\"dayOfWeek\":[\"Monday\",\"Tuesday\",\"Wednesday\",\"Thursday\",\"Friday\",\"Saturday\",\"Sunday\"],\"opens\":\"00:00\",\"closes\":\"23:59\"},\"email\":\"info@tablaosflamencos.com\",\"priceRange\":\"$$$\",\"currenciesAccepted\":\"\u20ac\"},{\"@type\":\"Person\",\"@id\":\"https:\\\/\\\/www.tablaosflamencos.com\\\/de#\\\/schema\\\/person\\\/e7a9ebe14eb75a52ceabfbffb3c54f5d\",\"name\":\"Miguel Ortiz\",\"description\":\"Miguel Ortiz es un empresario flamenco, con una s\u00f3lida trayectoria dentro del sector. Ha presidido entidades culturales vinculadas al flamenco y, cuenta con un amplio recorrido profesional en la gesti\u00f3n y promoci\u00f3n de espect\u00e1culos y tablaos flamencos. Su pasi\u00f3n por la historia y el arte flamenco se refleja en cada art\u00edculo, donde combina experiencia, criterio y un profundo respeto por la tradici\u00f3n.\",\"sameAs\":[\"https:\\\/\\\/www.tablaosflamencos.com\",\"https:\\\/\\\/www.instagra.com\\\/miguelortizfe\",\"https:\\\/\\\/www.linkedin.com\\\/in\\\/miguelortizf\\\/\"],\"birthDate\":\"1984-11-22\",\"gender\":\"hombre\",\"knowsLanguage\":[\"espa\u00f1ol\",\"ingl\u00e9s\"],\"jobTitle\":\"Empresario flamenco\"},{\"@type\":\"PostalAddress\",\"@id\":\"https:\\\/\\\/www.tablaosflamencos.com\\\/de\\\/flamenco-sevilla-dieses-wochenende-vor-biennale-2026.html#local-main-place-address\",\"streetAddress\":\"C\\\/ Alemanes, 19\",\"addressLocality\":\"Sevilla\",\"postalCode\":\"41004\",\"addressRegion\":\"Sevilla\",\"addressCountry\":\"ES\"},{\"@type\":\"ImageObject\",\"inLanguage\":\"de\",\"@id\":\"https:\\\/\\\/www.tablaosflamencos.com\\\/de\\\/flamenco-sevilla-dieses-wochenende-vor-biennale-2026.html#local-main-organization-logo\",\"url\":\"https:\\\/\\\/www.tablaosflamencos.com\\\/wp-content\\\/uploads\\\/tablaos-flamencos-06-3.webp\",\"contentUrl\":\"https:\\\/\\\/www.tablaosflamencos.com\\\/wp-content\\\/uploads\\\/tablaos-flamencos-06-3.webp\",\"width\":600,\"height\":620,\"caption\":\"Tablaos Flamencos\"}]}<\/script>\n<meta name=\"geo.placename\" content=\"Sevilla\" \/>\n<meta name=\"geo.position\" content=\"37.3868072;-5.993280299999999\" \/>\n<meta name=\"geo.region\" content=\"Spanien\" \/>\n<!-- \/ Yoast SEO Premium plugin. -->","yoast_head_json":{"title":"Flamenco in Sevilla dieses Wochenende: 4.\u20136. September","description":"Was man vom 4. bis 6. September 2026 in Sevilla vor der Biennale sehen kann: Hermanos Aguilar, Macarena Flamenca, Fosforito-Hommage, Ausstellungen und Tablaos.","robots":{"index":"index","follow":"follow","max-snippet":"max-snippet:-1","max-image-preview":"max-image-preview:large","max-video-preview":"max-video-preview:-1"},"canonical":"https:\/\/www.tablaosflamencos.com\/de\/flamenco-sevilla-dieses-wochenende-vor-biennale-2026.html","og_locale":"de_DE","og_type":"article","og_title":"Flamenco in Sevilla dieses Wochenende: was vor der Biennale sehen","og_description":"Was man vom 4. bis 6. September 2026 in Sevilla vor der Biennale sehen kann: Hermanos Aguilar, Macarena Flamenca, Fosforito-Hommage, Ausstellungen und Tablaos.","og_url":"https:\/\/www.tablaosflamencos.com\/de\/flamenco-sevilla-dieses-wochenende-vor-biennale-2026.html","og_site_name":"Tablaos Flamencos","article_publisher":"https:\/\/www.facebook.com\/tablaosflamencos","article_published_time":"2026-09-04T16:48:29+00:00","article_modified_time":"2026-09-04T17:15:17+00:00","og_image":[{"width":1672,"height":941,"url":"https:\/\/www.tablaosflamencos.com\/wp-content\/uploads\/flamenco-en-sevilla-este-fin-de-semana-que-ver-antes-de-la-bienal-01.webp","type":"image\/webp"}],"author":"Miguel Ortiz","twitter_card":"summary_large_image","twitter_creator":"@tablaosflamenco","twitter_site":"@tablaosflamenco","twitter_misc":{"Verfasst von":"Miguel Ortiz","Gesch\u00e4tzte Lesezeit":"16\u00a0Minuten"},"schema":{"@context":"https:\/\/schema.org","@graph":[{"@type":"Article","@id":"https:\/\/www.tablaosflamencos.com\/de\/flamenco-sevilla-dieses-wochenende-vor-biennale-2026.html#article","isPartOf":{"@id":"https:\/\/www.tablaosflamencos.com\/de\/flamenco-sevilla-dieses-wochenende-vor-biennale-2026.html"},"author":{"name":"Miguel Ortiz","@id":"https:\/\/www.tablaosflamencos.com\/de#\/schema\/person\/e7a9ebe14eb75a52ceabfbffb3c54f5d"},"headline":"Flamenco in Sevilla dieses Wochenende: was vor der Biennale sehen","datePublished":"2026-09-04T16:48:29+00:00","dateModified":"2026-09-04T17:15:17+00:00","mainEntityOfPage":{"@id":"https:\/\/www.tablaosflamencos.com\/de\/flamenco-sevilla-dieses-wochenende-vor-biennale-2026.html"},"wordCount":3181,"publisher":{"@id":"https:\/\/www.tablaosflamencos.com\/de#organization"},"image":{"@id":"https:\/\/www.tablaosflamencos.com\/de\/flamenco-sevilla-dieses-wochenende-vor-biennale-2026.html#primaryimage"},"thumbnailUrl":"https:\/\/www.tablaosflamencos.com\/wp-content\/uploads\/flamenco-en-sevilla-este-fin-de-semana-que-ver-antes-de-la-bienal-01.webp","keywords":["agenda flamenca","Bienal 2026","Bienal de Flamenco","festivales flamencos","flamenco en Sevilla","sevilla","tablaos de Sevilla"],"articleSection":["Flamenco-Biennale"],"inLanguage":"de"},{"@type":"WebPage","@id":"https:\/\/www.tablaosflamencos.com\/de\/flamenco-sevilla-dieses-wochenende-vor-biennale-2026.html","url":"https:\/\/www.tablaosflamencos.com\/de\/flamenco-sevilla-dieses-wochenende-vor-biennale-2026.html","name":"Flamenco in Sevilla dieses Wochenende: 4.\u20136. September","isPartOf":{"@id":"https:\/\/www.tablaosflamencos.com\/de#website"},"primaryImageOfPage":{"@id":"https:\/\/www.tablaosflamencos.com\/de\/flamenco-sevilla-dieses-wochenende-vor-biennale-2026.html#primaryimage"},"image":{"@id":"https:\/\/www.tablaosflamencos.com\/de\/flamenco-sevilla-dieses-wochenende-vor-biennale-2026.html#primaryimage"},"thumbnailUrl":"https:\/\/www.tablaosflamencos.com\/wp-content\/uploads\/flamenco-en-sevilla-este-fin-de-semana-que-ver-antes-de-la-bienal-01.webp","datePublished":"2026-09-04T16:48:29+00:00","dateModified":"2026-09-04T17:15:17+00:00","description":"Was man vom 4. bis 6. September 2026 in Sevilla vor der Biennale sehen kann: Hermanos Aguilar, Macarena Flamenca, Fosforito-Hommage, Ausstellungen und Tablaos.","breadcrumb":{"@id":"https:\/\/www.tablaosflamencos.com\/de\/flamenco-sevilla-dieses-wochenende-vor-biennale-2026.html#breadcrumb"},"inLanguage":"de","potentialAction":[{"@type":"ReadAction","target":["https:\/\/www.tablaosflamencos.com\/de\/flamenco-sevilla-dieses-wochenende-vor-biennale-2026.html"]}]},{"@type":"ImageObject","inLanguage":"de","@id":"https:\/\/www.tablaosflamencos.com\/de\/flamenco-sevilla-dieses-wochenende-vor-biennale-2026.html#primaryimage","url":"https:\/\/www.tablaosflamencos.com\/wp-content\/uploads\/flamenco-en-sevilla-este-fin-de-semana-que-ver-antes-de-la-bienal-01.webp","contentUrl":"https:\/\/www.tablaosflamencos.com\/wp-content\/uploads\/flamenco-en-sevilla-este-fin-de-semana-que-ver-antes-de-la-bienal-01.webp","width":1672,"height":941,"caption":"Flamenco en Sevilla este fin de semana: qu\u00e9 ver antes de la Bienal"},{"@type":"BreadcrumbList","@id":"https:\/\/www.tablaosflamencos.com\/de\/flamenco-sevilla-dieses-wochenende-vor-biennale-2026.html#breadcrumb","itemListElement":[{"@type":"ListItem","position":1,"name":"Home","item":"https:\/\/www.tablaosflamencos.com\/de"},{"@type":"ListItem","position":2,"name":"Flamenco in Sevilla dieses Wochenende: was vor der Biennale sehen"}]},{"@type":"WebSite","@id":"https:\/\/www.tablaosflamencos.com\/de#website","url":"https:\/\/www.tablaosflamencos.com\/de","name":"Tablaos Flamencos","description":"Entradas para tablaos flamencos de Espa\u00f1a","publisher":{"@id":"https:\/\/www.tablaosflamencos.com\/de#organization"},"alternateName":"Tablaos Flamencos","potentialAction":[{"@type":"SearchAction","target":{"@type":"EntryPoint","urlTemplate":"https:\/\/www.tablaosflamencos.com\/de?s={search_term_string}"},"query-input":{"@type":"PropertyValueSpecification","valueRequired":true,"valueName":"search_term_string"}}],"inLanguage":"de"},{"@type":["Organization","Place","EntertainmentBusiness"],"@id":"https:\/\/www.tablaosflamencos.com\/de#organization","name":"Tablaos Flamencos","alternateName":"Tablaos Flamencos","url":"https:\/\/www.tablaosflamencos.com\/de","logo":{"@id":"https:\/\/www.tablaosflamencos.com\/de\/flamenco-sevilla-dieses-wochenende-vor-biennale-2026.html#local-main-organization-logo"},"image":{"@id":"https:\/\/www.tablaosflamencos.com\/de\/flamenco-sevilla-dieses-wochenende-vor-biennale-2026.html#local-main-organization-logo"},"sameAs":["https:\/\/www.facebook.com\/tablaosflamencos","https:\/\/x.com\/tablaosflamenco","https:\/\/mastodon.social\/@tablaosflamencos","https:\/\/www.instagram.com\/tablaosflamencos","https:\/\/tiktok.com\/@tablaosflamencos","https:\/\/www.linkedin.com\/company\/109408238\/"],"description":"Venta de entradas para espect\u00e1culos flamencos","legalName":"Tablaos Flamencos","foundingDate":"2015-01-01","numberOfEmployees":{"@type":"QuantitativeValue","minValue":"1","maxValue":"10"},"address":{"@id":"https:\/\/www.tablaosflamencos.com\/de\/flamenco-sevilla-dieses-wochenende-vor-biennale-2026.html#local-main-place-address"},"geo":{"@type":"GeoCoordinates","latitude":"37.3868072","longitude":"-5.993280299999999"},"telephone":["+34623787787"],"contactPoint":{"@type":"ContactPoint","telephone":"+34623787787","email":"info@tablaosflamencos.com"},"openingHoursSpecification":{"@type":"OpeningHoursSpecification","dayOfWeek":["Monday","Tuesday","Wednesday","Thursday","Friday","Saturday","Sunday"],"opens":"00:00","closes":"23:59"},"email":"info@tablaosflamencos.com","priceRange":"$$$","currenciesAccepted":"\u20ac"},{"@type":"Person","@id":"https:\/\/www.tablaosflamencos.com\/de#\/schema\/person\/e7a9ebe14eb75a52ceabfbffb3c54f5d","name":"Miguel Ortiz","description":"Miguel Ortiz es un empresario flamenco, con una s\u00f3lida trayectoria dentro del sector. Ha presidido entidades culturales vinculadas al flamenco y, cuenta con un amplio recorrido profesional en la gesti\u00f3n y promoci\u00f3n de espect\u00e1culos y tablaos flamencos. Su pasi\u00f3n por la historia y el arte flamenco se refleja en cada art\u00edculo, donde combina experiencia, criterio y un profundo respeto por la tradici\u00f3n.","sameAs":["https:\/\/www.tablaosflamencos.com","https:\/\/www.instagra.com\/miguelortizfe","https:\/\/www.linkedin.com\/in\/miguelortizf\/"],"birthDate":"1984-11-22","gender":"hombre","knowsLanguage":["espa\u00f1ol","ingl\u00e9s"],"jobTitle":"Empresario flamenco"},{"@type":"PostalAddress","@id":"https:\/\/www.tablaosflamencos.com\/de\/flamenco-sevilla-dieses-wochenende-vor-biennale-2026.html#local-main-place-address","streetAddress":"C\/ Alemanes, 19","addressLocality":"Sevilla","postalCode":"41004","addressRegion":"Sevilla","addressCountry":"ES"},{"@type":"ImageObject","inLanguage":"de","@id":"https:\/\/www.tablaosflamencos.com\/de\/flamenco-sevilla-dieses-wochenende-vor-biennale-2026.html#local-main-organization-logo","url":"https:\/\/www.tablaosflamencos.com\/wp-content\/uploads\/tablaos-flamencos-06-3.webp","contentUrl":"https:\/\/www.tablaosflamencos.com\/wp-content\/uploads\/tablaos-flamencos-06-3.webp","width":600,"height":620,"caption":"Tablaos Flamencos"}]},"geo.placename":"Sevilla","geo.position":{"lat":"37.3868072","long":"-5.993280299999999"},"geo.region":"Spanien"},"_links":{"self":[{"href":"https:\/\/www.tablaosflamencos.com\/de\/wp-json\/wp\/v2\/posts\/14539","targetHints":{"allow":["GET"]}}],"collection":[{"href":"https:\/\/www.tablaosflamencos.com\/de\/wp-json\/wp\/v2\/posts"}],"about":[{"href":"https:\/\/www.tablaosflamencos.com\/de\/wp-json\/wp\/v2\/types\/post"}],"author":[{"embeddable":true,"href":"https:\/\/www.tablaosflamencos.com\/de\/wp-json\/wp\/v2\/users\/1"}],"replies":[{"embeddable":true,"href":"https:\/\/www.tablaosflamencos.com\/de\/wp-json\/wp\/v2\/comments?post=14539"}],"version-history":[{"count":2,"href":"https:\/\/www.tablaosflamencos.com\/de\/wp-json\/wp\/v2\/posts\/14539\/revisions"}],"predecessor-version":[{"id":14570,"href":"https:\/\/www.tablaosflamencos.com\/de\/wp-json\/wp\/v2\/posts\/14539\/revisions\/14570"}],"wp:featuredmedia":[{"embeddable":true,"href":"https:\/\/www.tablaosflamencos.com\/de\/wp-json\/wp\/v2\/media\/14517"}],"wp:attachment":[{"href":"https:\/\/www.tablaosflamencos.com\/de\/wp-json\/wp\/v2\/media?parent=14539"}],"wp:term":[{"taxonomy":"category","embeddable":true,"href":"https:\/\/www.tablaosflamencos.com\/de\/wp-json\/wp\/v2\/categories?post=14539"},{"taxonomy":"post_tag","embeddable":true,"href":"https:\/\/www.tablaosflamencos.com\/de\/wp-json\/wp\/v2\/tags?post=14539"}],"curies":[{"name":"wp","href":"https:\/\/api.w.org\/{rel}","templated":true}]}}