{"id":14518,"date":"2026-09-04T18:37:03","date_gmt":"2026-09-04T16:37:03","guid":{"rendered":"https:\/\/www.tablaosflamencos.com\/?p=14518"},"modified":"2026-09-04T19:03:45","modified_gmt":"2026-09-04T17:03:45","slug":"flamenco-heute-abend-sevilla-biennale-2026","status":"publish","type":"post","link":"https:\/\/www.tablaosflamencos.com\/de\/flamenco-heute-abend-sevilla-biennale-2026.html","title":{"rendered":"Flamenco heute Abend in Sevilla w\u00e4hrend der Biennale"},"content":{"rendered":"<section class=\"l-section wpb_row height_huge\"><div class=\"l-section-h i-cf\"><div class=\"g-cols vc_row via_flex valign_top type_default stacking_default\"><div class=\"vc_col-sm-12 wpb_column vc_column_container\"><div class=\"vc_column-inner\"><div class=\"wpb_wrapper\"><div class=\"wpb_text_column\"><div class=\"wpb_wrapper\"><h2>Flamenco heute Abend in Sevilla w\u00e4hrend der Biennale<\/h2>\n<p>Wenn Sie sich in Sevilla zwischen dem <strong>9. September und dem 3. Oktober 2026<\/strong> aufhalten und heute Abend Flamenco sehen m\u00f6chten, haben Sie zwei sich erg\u00e4nzende M\u00f6glichkeiten: Pr\u00fcfen Sie, was heute im <a href=\"https:\/\/www.labienal.com\/programa-general\" target=\"_blank\" rel=\"noopener\"><strong>offiziellen Programm der Biennale<\/strong><\/a> angeboten wird, und sehen Sie nach, welche regelm\u00e4\u00dfigen Shows Sie direkt in den Tablaos der Stadt buchen k\u00f6nnen.<\/p>\n<p>Die Biennale wechselt fast t\u00e4glich K\u00fcnstler, Uhrzeiten und Spielst\u00e4tten. Veranstaltungen k\u00f6nnen im Teatro de la Maestranza, Lope de Vega, Teatro Central, Espacio Turina, Real Alc\u00e1zar, Hotel Triana, in der Real F\u00e1brica de Artiller\u00eda und an weiteren Orten stattfinden. Wenn Ihre Suche also w\u00f6rtlich lautet <strong>\u201eFlamenco heute Abend in Sevilla\u201c<\/strong>, sollten Sie die Entscheidung immer anhand Ihres konkreten Datums treffen.<\/p>\n<\/div><\/div><\/div><\/div><\/div><div class=\"vc_col-sm-12 wpb_column vc_column_container\"><div class=\"vc_column-inner\"><div class=\"wpb_wrapper\"><div class=\"wpb_text_column\"><div class=\"wpb_wrapper\"><h2>So entscheiden Sie am schnellsten, was Sie heute sehen<\/h2>\n<p>Sie m\u00fcssen nicht das gesamte Biennale-Programm von Anfang an durchgehen. Pr\u00fcfen Sie zuerst, welche offiziellen Shows heute stattfinden und ob noch Tickets verf\u00fcgbar sind. Vergleichen Sie diese Option anschlie\u00dfend mit den <strong>Tablaos, die das ganze Jahr \u00fcber ge\u00f6ffnet sind<\/strong> und die Sie direkt \u00fcber Tablaos Flamencos buchen k\u00f6nnen.<\/p>\n<p>Dieser zweite Schritt ist besonders n\u00fctzlich, wenn Sie sp\u00e4t in der Stadt ankommen, wenn die gew\u00fcnschte Biennale-Vorstellung ausverkauft ist, wenn Sie einen intimeren Saal bevorzugen oder wenn Sie einfach eine Option mit best\u00e4tigter Verf\u00fcgbarkeit f\u00fcr heute Abend ben\u00f6tigen.<\/p>\n<p>Der Schl\u00fcssel ist einfach: <strong>Sichern Sie zuerst eine Vorstellung; planen Sie dann den Rest des Abends darum herum<\/strong>.<\/p>\n<\/div><\/div><\/div><\/div><\/div><\/div><\/div><\/section><section class=\"l-section wpb_row height_huge color_alternate with_shape\"><div class=\"l-section-shape type_zigzag pos_top hor_flip\" style=\"height:3vmin;\"><svg xmlns=\"http:\/\/www.w3.org\/2000\/svg\" viewBox=\"0 0 64 8\" preserveAspectRatio=\"none\" width=\"100%\" height=\"100%\">\r\n\t<path fill=\"currentColor\" d=\"M64 8 L0 8 L0 0 L20 7.9 L40 3 L48 5 L64 0 Z\"\/>\r\n<\/svg><\/div><div class=\"l-section-shape type_zigzag pos_bottom\" style=\"height:3vmin;\"><svg xmlns=\"http:\/\/www.w3.org\/2000\/svg\" viewBox=\"0 0 64 8\" preserveAspectRatio=\"none\" width=\"100%\" height=\"100%\">\r\n\t<path fill=\"currentColor\" d=\"M64 8 L0 8 L0 0 L20 7.9 L40 3 L48 5 L64 0 Z\"\/>\r\n<\/svg><\/div><div class=\"l-section-h i-cf\"><div class=\"g-cols vc_row via_flex valign_top type_default stacking_default\"><div class=\"vc_col-sm-12 wpb_column vc_column_container\"><div class=\"vc_column-inner\"><div class=\"wpb_wrapper\"><div class=\"wpb_text_column\"><div class=\"wpb_wrapper\"><blockquote>\n<p><strong>Kurzantwort:<\/strong> Wenn Sie heute Abend w\u00e4hrend der Biennale 2026 Flamenco in Sevilla suchen, pr\u00fcfen Sie zuerst das offizielle Programm f\u00fcr Ihr Datum. Gibt es keine Tickets mehr, passt die Uhrzeit nicht oder m\u00f6chten Sie sofort eine Alternative, k\u00f6nnen Sie \u00fcber unser Portal direkt Tablaos buchen wie <a href=\"https:\/\/www.tablaosflamencos.com\/de\/tablao\/tablao-flamenco-las-setas\"><strong>Tablao Flamenco Las Setas<\/strong><\/a>, <a href=\"https:\/\/www.tablaosflamencos.com\/de\/tablao\/tablao-flamenco-la-cantaora\"><strong>Tablao Flamenco La Cantaora<\/strong><\/a>, <a href=\"https:\/\/www.tablaosflamencos.com\/de\/tablao\/casa-duende-tablao\"><strong>Casa Duende Tablao<\/strong><\/a>, <a href=\"https:\/\/www.tablaosflamencos.com\/de\/tablao\/tablao-flamenco-las-duenas\"><strong>Tablao Flamenco Las Due\u00f1as<\/strong><\/a>, <a href=\"https:\/\/www.tablaosflamencos.com\/de\/tablao\/tablao-flamenco-casa-inquieta\"><strong>Casa Inquieta<\/strong><\/a>, <a href=\"https:\/\/www.tablaosflamencos.com\/de\/tablao\/casa-flamenco-azahar\"><strong>Casa Flamenco Azahar<\/strong><\/a>, <a href=\"https:\/\/www.tablaosflamencos.com\/de\/tablao\/tablao-flamenco-el-jardin-de-murillo\"><strong>El Jard\u00edn de Murillo<\/strong><\/a>, <a href=\"https:\/\/www.tablaosflamencos.com\/de\/tablao\/baraka-sala-flamenca\"><strong>Baraka Sala Flamenca<\/strong><\/a> oder <a href=\"https:\/\/www.tablaosflamencos.com\/de\/tablao\/tablao-flamenco-triana\"><strong>Tablao Flamenco Triana<\/strong><\/a>.<\/p>\n<\/blockquote>\n<p><strong>Letzte Aktualisierung: 4. September 2026.<\/strong><\/p>\n<p>Wenn Sie noch mehrere Tage planen, lesen Sie unseren <a href=\"https:\/\/www.tablaosflamencos.com\/de\/flamenco-biennale-sevilla-2026.html\"><strong>vollst\u00e4ndigen Guide zur Flamenco-Biennale Sevilla 2026<\/strong><\/a>. Wenn Ihr Problem darin besteht, dass es f\u00fcr die gew\u00fcnschte Show keine Tickets mehr gibt, gehen Sie direkt zu <a href=\"https:\/\/www.tablaosflamencos.com\/de\/flamenco-biennale-ausverkauft-flamenco-heute-sevilla.html\"><strong>Biennale ausverkauft: Wo Sie heute in Sevilla Flamenco sehen k\u00f6nnen<\/strong><\/a>.<\/p>\n<\/div><\/div><div class=\"w-separator size_medium\"><\/div><div class=\"w-hwrapper valign_top wrap align_center\" style=\"--hwrapper-gap:1.2rem\"><div class=\"w-btn-wrapper align_none\"><a class=\"w-btn us-btn-style_1\" href=\"https:\/\/www.tablaosflamencos.com\/de\/flamenco-in-sevilla\"><span class=\"w-btn-label\">Flamenco in Sevilla vergleichen<\/span><\/a><\/div><div class=\"w-btn-wrapper align_none\"><a class=\"w-btn us-btn-style_11\" href=\"https:\/\/www.tablaosflamencos.com\/de\/flamenco-biennale-ausverkauft-flamenco-heute-sevilla.html\"><span class=\"w-btn-label\">Alternativen ansehen, wenn die Biennale ausverkauft ist<\/span><\/a><\/div><\/div><\/div><\/div><\/div><\/div><\/div><\/section><section class=\"l-section wpb_row height_huge\"><div class=\"l-section-h i-cf\"><div class=\"g-cols vc_row via_flex valign_top type_default stacking_default\"><div class=\"vc_col-sm-12 wpb_column vc_column_container\"><div class=\"vc_column-inner\"><div class=\"wpb_wrapper\"><\/div><\/div><\/div><div class=\"vc_col-sm-12 wpb_column vc_column_container\"><div class=\"vc_column-inner\"><div class=\"wpb_wrapper\"><div class=\"wpb_text_column\"><div class=\"wpb_wrapper\"><h2>Inhalt dieses Guides<\/h2>\n<ul>\n<li><a href=\"#paso-1\">Schritt 1: pr\u00fcfen, was heute bei der Biennale l\u00e4uft<\/a><\/li>\n<li><a href=\"#paso-2\">Schritt 2: eine Alternative in einem Tablao sichern<\/a><\/li>\n<li><a href=\"#tablaos\">Tablaos, die Sie heute Abend buchen k\u00f6nnen<\/a><\/li>\n<li><a href=\"#centro\">Optionen im Zentrum von Sevilla<\/a><\/li>\n<li><a href=\"#triana\">Optionen in Triana<\/a><\/li>\n<li><a href=\"#ultima-hora\">Was tun bei einer Last-Minute-Suche?<\/a><\/li>\n<li><a href=\"#combinar\">Biennale und Tablao kombinieren<\/a><\/li>\n<li><a href=\"#elegir\">In f\u00fcnf Minuten entscheiden<\/a><\/li>\n<li><a href=\"#faq\">H\u00e4ufig gestellte Fragen<\/a><\/li>\n<\/ul>\n<\/div><\/div><\/div><\/div><\/div><div class=\"vc_col-sm-12 wpb_column vc_column_container\"><div class=\"vc_column-inner\"><div class=\"wpb_wrapper\"><\/div><\/div><\/div><\/div><\/div><\/section><section class=\"l-section wpb_row height_huge color_alternate with_shape\"><div class=\"l-section-shape type_zigzag pos_top\" style=\"height:3vmin;\"><svg xmlns=\"http:\/\/www.w3.org\/2000\/svg\" viewBox=\"0 0 64 8\" preserveAspectRatio=\"none\" width=\"100%\" height=\"100%\">\r\n\t<path fill=\"currentColor\" d=\"M64 8 L0 8 L0 0 L20 7.9 L40 3 L48 5 L64 0 Z\"\/>\r\n<\/svg><\/div><div class=\"l-section-shape type_zigzag pos_bottom\" style=\"height:3vmin;\"><svg xmlns=\"http:\/\/www.w3.org\/2000\/svg\" viewBox=\"0 0 64 8\" preserveAspectRatio=\"none\" width=\"100%\" height=\"100%\">\r\n\t<path fill=\"currentColor\" d=\"M64 8 L0 8 L0 0 L20 7.9 L40 3 L48 5 L64 0 Z\"\/>\r\n<\/svg><\/div><div class=\"l-section-h i-cf\"><div class=\"g-cols vc_row via_flex valign_top type_default stacking_default\"><div class=\"vc_col-sm-12 wpb_column vc_column_container\"><div class=\"vc_column-inner\"><div class=\"wpb_wrapper\"><div class=\"wpb_text_column\"><div class=\"wpb_wrapper\"><h2 id=\"paso-1\">Schritt 1: Pr\u00fcfen Sie, was heute bei der Biennale l\u00e4uft<\/h2>\n<p>Die 24. Flamenco-Biennale funktioniert nicht wie ein Festival an nur einem Ort. Jeden Abend k\u00f6nnen sich die Vorstellungen auf mehrere Spielst\u00e4tten und Zeitfenster verteilen. Das offizielle Programm umfasst Gesang, Tanz und Gitarre sowie Premieren, Noches \u00danicas und eigens f\u00fcr diese Ausgabe entwickelte Produktionen.<\/p>\n<p>Wenn Sie die Biennale erleben m\u00f6chten, \u00f6ffnen Sie zuerst das <a href=\"https:\/\/www.labienal.com\/programa-general\" target=\"_blank\" rel=\"noopener\"><strong>offizielle Programm<\/strong><\/a> und suchen Sie das heutige Datum. Pr\u00fcfen Sie drei Dinge: <strong>Uhrzeit, Spielst\u00e4tte und Ticketverf\u00fcgbarkeit<\/strong>.<\/p>\n<p>Achten Sie nicht nur auf den K\u00fcnstler. Die Lage kann den Abendplan komplett ver\u00e4ndern. Eine Vorstellung im Real Alc\u00e1zar organisiert man anders als eine im Teatro Central oder eine Noche \u00danica an einem anderen Ort in Sevilla.<\/p>\n<p>Lesen Sie auch unseren Beitrag \u00fcber <a href=\"https:\/\/www.tablaosflamencos.com\/de\/spektakulaerste-spielstaetten-flamenco-biennale-sevilla-2026.html\"><strong>die spektakul\u00e4rsten Spielst\u00e4tten der Biennale 2026<\/strong><\/a> wenn Sie zwischen mehreren Angeboten schwanken.<\/p>\n<\/div><\/div><\/div><\/div><\/div><div class=\"vc_col-sm-12 wpb_column vc_column_container\"><div class=\"vc_column-inner\"><div class=\"wpb_wrapper\"><div class=\"wpb_text_column\"><div class=\"wpb_wrapper\"><h2 id=\"paso-2\">Schritt 2: Sichern Sie eine Alternative in einem Tablao<\/h2>\n<p>Das Programm der Biennale ist au\u00dfergew\u00f6hnlich, h\u00e4ngt aber von Tickets f\u00fcr konkrete Vorstellungen ab. Tablaos funktionieren anders: Sie bieten ein regelm\u00e4\u00dfiges Flamenco-Programm und sind daher die einfachste L\u00f6sung, wenn Sie <strong>Flamenco f\u00fcr heute Abend<\/strong>brauchen.<\/p>\n<p>Das ist w\u00e4hrend der Biennale besonders n\u00fctzlich, weil viele Besucher speziell wegen des Flamencos in die Stadt kommen. Eine offizielle Vorstellung kann ausverkauft sein, doch Sie m\u00fcssen deshalb nicht auf Live-Gesang, Tanz und Gitarre verzichten.<\/p>\n<p>Wir haben au\u00dferdem einen eigenen Guide dazu erstellt, <a href=\"https:\/\/www.tablaosflamencos.com\/de\/flamenco-sevilla-biennale-2026-shows-ausserhalb-offizielles-programm.html\"><strong>wo Sie w\u00e4hrend der Biennale au\u00dferhalb des offiziellen Programms Flamenco sehen k\u00f6nnen<\/strong><\/a>. Dieser Artikel verfolgt ein noch unmittelbareres Ziel: Ihnen zu helfen, zu entscheiden, was Sie <strong>heute<\/strong> tun k\u00f6nnen, ohne Zeit zu verlieren.<\/p>\n<p>Wenn Sie eine Option finden, die zu Ihrer Lage und zur Verf\u00fcgbarkeit passt, buchen Sie sie, bevor Sie Abendessen, Tapas oder den Spaziergang vor der Show weiterplanen.<\/p>\n<\/div><\/div><\/div><\/div><\/div><\/div><\/div><\/section><section class=\"l-section wpb_row height_huge\"><div class=\"l-section-h i-cf\"><div class=\"g-cols vc_row via_flex valign_top type_default stacking_default\"><div class=\"vc_col-sm-12 wpb_column vc_column_container\"><div class=\"vc_column-inner\"><div class=\"wpb_wrapper\"><div class=\"wpb_text_column\"><div class=\"wpb_wrapper\"><h2 id=\"tablaos\">Tablaos, die Sie f\u00fcr Flamenco heute Abend in Sevilla buchen k\u00f6nnen<\/h2>\n<p>Die genaue Verf\u00fcgbarkeit h\u00e4ngt immer vom Datum ab. Die folgenden Spielst\u00e4tten geh\u00f6ren zu unserem Portal und erm\u00f6glichen es, die verf\u00fcgbare Show direkt zu pr\u00fcfen und zu buchen.<\/p>\n<div style=\"overflow-x: auto;\">\n<table>\n<thead>\n<tr>\n<th>Tablao<\/th>\n<th>Viertel<\/th>\n<th>Interessant, wenn Sie suchen&#8230;<\/th>\n<th>Buchen<\/th>\n<\/tr>\n<\/thead>\n<tbody>\n<tr>\n<td><strong>Tablao Flamenco Las Setas<\/strong><\/td>\n<td>Encarnaci\u00f3n<\/td>\n<td>Sehr zentrale Lage und eine sorgf\u00e4ltig produzierte Show f\u00fcr einen Abend in der Altstadt.<\/td>\n<td><a href=\"https:\/\/www.tablaosflamencos.com\/de\/tablao\/tablao-flamenco-las-setas\"><strong>Verf\u00fcgbarkeit pr\u00fcfen<\/strong><\/a><\/td>\n<\/tr>\n<tr>\n<td><strong>Tablao Flamenco La Cantaora<\/strong><\/td>\n<td>Plaza Nueva \/ Zentrum<\/td>\n<td>Eine zentrale Option mit der M\u00f6glichkeit, Flamenco und Gastronomie zu kombinieren.<\/td>\n<td><a href=\"https:\/\/www.tablaosflamencos.com\/de\/tablao\/tablao-flamenco-la-cantaora\"><strong>Verf\u00fcgbarkeit pr\u00fcfen<\/strong><\/a><\/td>\n<\/tr>\n<tr>\n<td><strong>Casa Duende Tablao<\/strong><\/td>\n<td>Zentrum<\/td>\n<td>Ein kleiner Saal mit gro\u00dfer N\u00e4he zu den K\u00fcnstlern.<\/td>\n<td><a href=\"https:\/\/www.tablaosflamencos.com\/de\/tablao\/casa-duende-tablao\"><strong>Verf\u00fcgbarkeit pr\u00fcfen<\/strong><\/a><\/td>\n<\/tr>\n<tr>\n<td><strong>Tablao Flamenco Las Due\u00f1as<\/strong><\/td>\n<td>Santa Catalina \/ Due\u00f1as<\/td>\n<td>Ein intimes Format ganz in der N\u00e4he der Altstadt.<\/td>\n<td><a href=\"https:\/\/www.tablaosflamencos.com\/de\/tablao\/tablao-flamenco-las-duenas\"><strong>Verf\u00fcgbarkeit pr\u00fcfen<\/strong><\/a><\/td>\n<\/tr>\n<tr>\n<td><strong>Casa Inquieta<\/strong><\/td>\n<td>Calle Zaragoza \/ Zentrum<\/td>\n<td>Flamenco in einem Stadtpalais aus dem 19. Jahrhundert und ein Erlebnis aus n\u00e4chster N\u00e4he.<\/td>\n<td><a href=\"https:\/\/www.tablaosflamencos.com\/de\/tablao\/tablao-flamenco-casa-inquieta\"><strong>Verf\u00fcgbarkeit pr\u00fcfen<\/strong><\/a><\/td>\n<\/tr>\n<tr>\n<td><strong>Casa Flamenco Azahar<\/strong><\/td>\n<td>Santa Cruz<\/td>\n<td>Ein besonders intimes Erlebnis mit kleiner Kapazit\u00e4t und ohne Verst\u00e4rkung.<\/td>\n<td><a href=\"https:\/\/www.tablaosflamencos.com\/de\/tablao\/casa-flamenco-azahar\"><strong>Verf\u00fcgbarkeit pr\u00fcfen<\/strong><\/a><\/td>\n<\/tr>\n<tr>\n<td><strong>El Jard\u00edn de Murillo<\/strong><\/td>\n<td>Santa Cruz<\/td>\n<td>Flamenco nach dem Besuch des Alc\u00e1zar, der Kathedrale oder des Viertels Santa Cruz einplanen.<\/td>\n<td><a href=\"https:\/\/www.tablaosflamencos.com\/de\/tablao\/tablao-flamenco-el-jardin-de-murillo\"><strong>Verf\u00fcgbarkeit pr\u00fcfen<\/strong><\/a><\/td>\n<\/tr>\n<tr>\n<td><strong>Baraka Sala Flamenca<\/strong><\/td>\n<td>Triana<\/td>\n<td>Traditioneller Flamenco in Triana mit den K\u00fcnstlern ganz nah am Publikum.<\/td>\n<td><a href=\"https:\/\/www.tablaosflamencos.com\/de\/tablao\/baraka-sala-flamenca\"><strong>Verf\u00fcgbarkeit pr\u00fcfen<\/strong><\/a><\/td>\n<\/tr>\n<tr>\n<td><strong>Tablao Flamenco Triana<\/strong><\/td>\n<td>Triana<\/td>\n<td>Einen kompletten Abend im Viertel mit Spaziergang, Gastronomie und Flamenco gestalten.<\/td>\n<td><a href=\"https:\/\/www.tablaosflamencos.com\/de\/tablao\/tablao-flamenco-triana\"><strong>Verf\u00fcgbarkeit pr\u00fcfen<\/strong><\/a><\/td>\n<\/tr>\n<\/tbody>\n<\/table>\n<\/div>\n<p>Sie m\u00fcssen nicht das \u201eber\u00fchmteste\u201c Tablao w\u00e4hlen. Bei einer Last-Minute-Buchung ist es meist hilfreicher, Folgendes zu vergleichen: <strong>Viertel, Verf\u00fcgbarkeit, Saalgr\u00f6\u00dfe und Art des Erlebnisses<\/strong>. Alle Optionen finden Sie zusammen auf unserer Seite <a href=\"https:\/\/www.tablaosflamencos.com\/de\/flamenco-in-sevilla\"><strong>Flamenco in Sevilla<\/strong><\/a>.<\/p>\n<\/div><\/div><\/div><\/div><\/div><\/div><\/div><\/section><section class=\"l-section wpb_row height_huge color_alternate with_shape\"><div class=\"l-section-shape type_zigzag pos_top hor_flip\" style=\"height:3vmin;\"><svg xmlns=\"http:\/\/www.w3.org\/2000\/svg\" viewBox=\"0 0 64 8\" preserveAspectRatio=\"none\" width=\"100%\" height=\"100%\">\r\n\t<path fill=\"currentColor\" d=\"M64 8 L0 8 L0 0 L20 7.9 L40 3 L48 5 L64 0 Z\"\/>\r\n<\/svg><\/div><div class=\"l-section-shape type_zigzag pos_bottom\" style=\"height:3vmin;\"><svg xmlns=\"http:\/\/www.w3.org\/2000\/svg\" viewBox=\"0 0 64 8\" preserveAspectRatio=\"none\" width=\"100%\" height=\"100%\">\r\n\t<path fill=\"currentColor\" d=\"M64 8 L0 8 L0 0 L20 7.9 L40 3 L48 5 L64 0 Z\"\/>\r\n<\/svg><\/div><div class=\"l-section-h i-cf\"><div class=\"g-cols vc_row via_flex valign_top type_default stacking_default\"><div class=\"vc_col-sm-12 wpb_column vc_column_container\"><div class=\"vc_column-inner\"><div class=\"wpb_wrapper\"><div class=\"wpb_text_column\"><div class=\"wpb_wrapper\"><h2 id=\"centro\">Wenn Sie im Zentrum bleiben m\u00f6chten<\/h2>\n<p>Wenn Sie in der Altstadt wohnen oder bereits Kathedrale, Alc\u00e1zar, Santa Cruz, Plaza Nueva, Encarnaci\u00f3n oder andere wichtige touristische Bereiche besuchen, m\u00fcssen Sie vermutlich nicht quer durch die Stadt fahren, um heute Abend Flamenco zu sehen.<\/p>\n<p>Zu den Optionen auf unserem Portal geh\u00f6ren <a href=\"https:\/\/www.tablaosflamencos.com\/de\/tablao\/tablao-flamenco-las-setas\"><strong>Las Setas<\/strong><\/a>, <a href=\"https:\/\/www.tablaosflamencos.com\/de\/tablao\/tablao-flamenco-la-cantaora\"><strong>La Cantaora<\/strong><\/a>, <a href=\"https:\/\/www.tablaosflamencos.com\/de\/tablao\/casa-duende-tablao\"><strong>Casa Duende<\/strong><\/a>, <a href=\"https:\/\/www.tablaosflamencos.com\/de\/tablao\/tablao-flamenco-las-duenas\"><strong>Las Due\u00f1as<\/strong><\/a>, <a href=\"https:\/\/www.tablaosflamencos.com\/de\/tablao\/tablao-flamenco-casa-inquieta\"><strong>Casa Inquieta<\/strong><\/a>, <a href=\"https:\/\/www.tablaosflamencos.com\/de\/tablao\/casa-flamenco-azahar\"><strong>Casa Flamenco Azahar<\/strong><\/a> und <a href=\"https:\/\/www.tablaosflamencos.com\/de\/tablao\/tablao-flamenco-el-jardin-de-murillo\"><strong>El Jard\u00edn de Murillo<\/strong><\/a>.<\/p>\n<p>Bei einer Last-Minute-Entscheidung ist die Lage wichtig: Je weniger Sie sich bewegen m\u00fcssen, desto leichter l\u00e4sst sich die Show mit Abendessen oder einem Spaziergang verbinden, ohne in Eile zu geraten.<\/p>\n<\/div><\/div><\/div><\/div><\/div><div class=\"vc_col-sm-12 wpb_column vc_column_container\"><div class=\"vc_column-inner\"><div class=\"wpb_wrapper\"><div class=\"wpb_text_column\"><div class=\"wpb_wrapper\"><h2 id=\"triana\">Wenn Sie heute Abend nach Triana m\u00f6chten<\/h2>\n<p>Triana macht aus der Show ein echtes Viertelerlebnis. Sie k\u00f6nnen die Isabel-II.-Br\u00fccke \u00fcberqueren, durch Pureza, San Jacinto oder die Umgebung der Calle Betis spazieren und anschlie\u00dfend eine Vorstellung buchen.<\/p>\n<p>\u00dcber unser Portal k\u00f6nnen Sie direkt buchen: <a href=\"https:\/\/www.tablaosflamencos.com\/de\/tablao\/baraka-sala-flamenca\"><strong>Baraka Sala Flamenca<\/strong><\/a> und <a href=\"https:\/\/www.tablaosflamencos.com\/de\/tablao\/tablao-flamenco-triana\"><strong>Tablao Flamenco Triana<\/strong><\/a>.<\/p>\n<p>W\u00e4hrend der Biennale ist Triana au\u00dferdem wegen seiner historischen Verbindung zum Flamenco und wegen besonderer Veranstaltungen im Viertel interessant. Wenn Sie den Plan erweitern m\u00f6chten, lesen Sie unseren Guide zu <a href=\"https:\/\/www.tablaosflamencos.com\/de\/flamenco-in-triana\"><strong>Flamenco in Triana<\/strong><\/a> sowie unseren Beitrag zum <a href=\"https:\/\/www.tablaosflamencos.com\/de\/hotel-triana-flamenco-biennale-sevilla-2026.html\"><strong>Hotel Triana w\u00e4hrend der Biennale 2026<\/strong><\/a>.<\/p>\n<\/div><\/div><\/div><\/div><\/div><\/div><\/div><\/section><section class=\"l-section wpb_row height_huge\"><div class=\"l-section-h i-cf\"><div class=\"g-cols vc_row via_flex valign_top type_default stacking_default\"><div class=\"vc_col-sm-12 wpb_column vc_column_container\"><div class=\"vc_column-inner\"><div class=\"wpb_wrapper\"><div class=\"wpb_text_column\"><div class=\"wpb_wrapper\"><h2 id=\"ultima-hora\">Suchen Sie Last-Minute-Flamenco?<\/h2>\n<p>Wenn es bereits Nachmittag ist oder Sie den Abend mit sehr wenig Vorlauf planen, vereinfachen Sie die Entscheidung.<\/p>\n<p><strong>1. Pr\u00fcfen Sie zuerst die tats\u00e4chliche Verf\u00fcgbarkeit.<\/strong> W\u00e4hlen Sie nicht anhand eines alten Zeitplans oder einer allgemeinen Empfehlung: Entscheidend ist, was heute verf\u00fcgbar ist.<\/p>\n<p><strong>2. W\u00e4hlen Sie das Viertel.<\/strong> Zentrum und Triana bieten viele Optionen und erm\u00f6glichen es, den Abend zu Fu\u00df zu gestalten.<\/p>\n<p><strong>3. Buchen Sie vor dem Abendessen.<\/strong> W\u00e4hrend der Biennale suchen mehr Besucher nach Flamenco, und kleinere Spielst\u00e4tten k\u00f6nnen bei bestimmten Vorstellungen ausgebucht sein.<\/p>\n<p><strong>4. Verlassen Sie sich nicht auf Tickets an der Abendkasse.<\/strong> Wenn eine Option online verf\u00fcgbar ist und zu Ihrem Plan passt, ist eine sofortige Buchung meist die praktischste Entscheidung.<\/p>\n<p><strong>5. Wenn die Biennale ausverkauft ist, \u00e4ndern Sie das Format, nicht den Plan.<\/strong> Sie k\u00f6nnen von einer gro\u00dfen Theaterproduktion in ein intimes Tablao wechseln und trotzdem einen Abend erleben, der ganz dem Flamenco gewidmet ist.<\/p>\n<p>F\u00fcr genau diesen Fall nutzen Sie unseren Guide <a href=\"https:\/\/www.tablaosflamencos.com\/de\/flamenco-biennale-ausverkauft-flamenco-heute-sevilla.html\"><strong>Biennale ausverkauft: Wo Sie heute in Sevilla Flamenco sehen k\u00f6nnen<\/strong><\/a>.<\/p>\n<\/div><\/div><\/div><\/div><\/div><div class=\"vc_col-sm-12 wpb_column vc_column_container\"><div class=\"vc_column-inner\"><div class=\"wpb_wrapper\"><div class=\"wpb_text_column\"><div class=\"wpb_wrapper\"><h2 id=\"combinar\">Kann man am selben Abend eine Biennale-Vorstellung und ein Tablao kombinieren?<\/h2>\n<p>An manchen Tagen ist das m\u00f6glich, weil das offizielle Programm unterschiedliche Zeitfenster nutzt und einige Shows fr\u00fcher oder sp\u00e4ter beginnen als andere. Machen Sie den Abend jedoch nicht zu einem Wettlauf.<\/p>\n<p>Pr\u00fcfen Sie vor der Buchung zweier Vorstellungen <strong>die ungef\u00e4hre Endzeit, die Entfernung zwischen den Spielst\u00e4tten und die tats\u00e4chliche Fahr- oder Gehzeit<\/strong>. Das Zentrum von Sevilla l\u00e4sst sich gut zu Fu\u00df erkunden, doch Teatro Central, Triana und andere Orte ben\u00f6tigen m\u00f6glicherweise mehr Zeit.<\/p>\n<p>Wenn Sie bereits ein Ticket f\u00fcr die Biennale haben, ist es meist sinnvoller, den Abend um diese Vorstellung herum zu planen. Ein Tablao kann eine Alternative f\u00fcr einen anderen Abend Ihres Aufenthalts sein oder eine L\u00f6sung, wenn die offizielle Vorstellung nicht passt.<\/p>\n<p>Wenn Ihre Reise mehrere Tage dauert, lesen Sie auch <a href=\"https:\/\/www.tablaosflamencos.com\/de\/einzigartige-naechte-flamenco-biennale-sevilla-2026.html\"><strong>die Noches \u00danicas der Biennale 2026<\/strong><\/a> und unseren Guide zu <a href=\"https:\/\/www.tablaosflamencos.com\/de\/flamenco-biennale-sevilla-2026-tickets-preise-rabatte.html\"><strong>Tickets, Preisen und Erm\u00e4\u00dfigungen<\/strong><\/a> um die Erlebnisse besser auf mehrere Tage zu verteilen.<\/p>\n<\/div><\/div><\/div><\/div><\/div><\/div><\/div><\/section><section class=\"l-section wpb_row height_huge color_alternate with_shape\"><div class=\"l-section-shape type_zigzag pos_top hor_flip\" style=\"height:3vmin;\"><svg xmlns=\"http:\/\/www.w3.org\/2000\/svg\" viewBox=\"0 0 64 8\" preserveAspectRatio=\"none\" width=\"100%\" height=\"100%\">\r\n\t<path fill=\"currentColor\" d=\"M64 8 L0 8 L0 0 L20 7.9 L40 3 L48 5 L64 0 Z\"\/>\r\n<\/svg><\/div><div class=\"l-section-shape type_zigzag pos_bottom\" style=\"height:3vmin;\"><svg xmlns=\"http:\/\/www.w3.org\/2000\/svg\" viewBox=\"0 0 64 8\" preserveAspectRatio=\"none\" width=\"100%\" height=\"100%\">\r\n\t<path fill=\"currentColor\" d=\"M64 8 L0 8 L0 0 L20 7.9 L40 3 L48 5 L64 0 Z\"\/>\r\n<\/svg><\/div><div class=\"l-section-h i-cf\"><div class=\"g-cols vc_row via_flex valign_top type_default stacking_default\"><div class=\"vc_col-sm-12 wpb_column vc_column_container\"><div class=\"vc_column-inner\"><div class=\"wpb_wrapper\"><div class=\"wpb_text_column\"><div class=\"wpb_wrapper\"><h2>Wenn Sie ein sehr intimes Erlebnis suchen<\/h2>\n<p>Der Wechsel von einem gro\u00dfen Biennale-Theater in einen kleinen Saal kann Ihre Wahrnehmung des Flamencos v\u00f6llig ver\u00e4ndern. In einem nahen Format h\u00f6rt man Atem, Zurufe zwischen den K\u00fcnstlern, Fu\u00dfarbeit und die Kommunikation des Ensembles deutlicher.<\/p>\n<p>In unserem Katalog passen <a href=\"https:\/\/www.tablaosflamencos.com\/de\/tablao\/casa-flamenco-azahar\"><strong>Casa Flamenco Azahar<\/strong><\/a> und <a href=\"https:\/\/www.tablaosflamencos.com\/de\/tablao\/casa-duende-tablao\"><strong>Casa Duende Tablao<\/strong><\/a> besonders gut zu dieser Suche nach N\u00e4he. Auch <a href=\"https:\/\/www.tablaosflamencos.com\/de\/tablao\/tablao-flamenco-las-duenas\"><strong>Las Due\u00f1as<\/strong><\/a> und <a href=\"https:\/\/www.tablaosflamencos.com\/de\/tablao\/baraka-sala-flamenca\"><strong>Baraka<\/strong><\/a> k\u00f6nnen interessant sein, wenn Sie die K\u00fcnstler ganz nah erleben m\u00f6chten.<\/p>\n<p>Die geringe Kapazit\u00e4t hat eine klare Folge: <strong>Wenn Sie f\u00fcr heute Abend Verf\u00fcgbarkeit sehen, sollten Sie die Entscheidung nicht bis zur letzten Minute aufschieben<\/strong>.<\/p>\n<\/div><\/div><\/div><\/div><\/div><div class=\"vc_col-sm-12 wpb_column vc_column_container\"><div class=\"vc_column-inner\"><div class=\"wpb_wrapper\"><div class=\"wpb_text_column\"><div class=\"wpb_wrapper\"><h2>Wenn Sie einen umfassenderen Abend suchen<\/h2>\n<p>Andere Besucher m\u00f6chten Flamenco mit Gastronomie, Architektur oder einer gr\u00f6\u00dferen Inszenierung verbinden.<\/p>\n<p><a href=\"https:\/\/www.tablaosflamencos.com\/de\/tablao\/tablao-flamenco-la-cantaora\"><strong>La Cantaora<\/strong><\/a> bietet Optionen, die Show und Gastronomie miteinander verbinden. <a href=\"https:\/\/www.tablaosflamencos.com\/de\/tablao\/tablao-flamenco-las-setas\"><strong>Las Setas<\/strong><\/a> passt sehr gut zu einem Abend rund um Encarnaci\u00f3n und das Zentrum. <a href=\"https:\/\/www.tablaosflamencos.com\/de\/tablao\/tablao-flamenco-casa-inquieta\"><strong>Casa Inquieta<\/strong><\/a> bietet zus\u00e4tzlich den Reiz eines Stadtpalais aus dem 19. Jahrhundert. Und <a href=\"https:\/\/www.tablaosflamencos.com\/de\/tablao\/tablao-flamenco-el-jardin-de-murillo\"><strong>El Jard\u00edn de Murillo<\/strong><\/a> ist besonders praktisch, wenn Sie aus Santa Cruz, von der Kathedrale oder vom Alc\u00e1zar kommen.<\/p>\n<p>Wenn Flamenco der Hauptgrund f\u00fcr Ihren Abend ist, empfehlen wir weiterhin, Folgendes zu priorisieren: <strong>Qualit\u00e4t und Format der Show<\/strong>; das Abendessen k\u00f6nnen Sie davor oder danach einplanen.<\/p>\n<\/div><\/div><\/div><\/div><\/div><\/div><\/div><\/section><section class=\"l-section wpb_row height_huge\"><div class=\"l-section-h i-cf\"><div class=\"g-cols vc_row via_flex valign_top type_default stacking_default\"><div class=\"vc_col-sm-12 wpb_column vc_column_container\"><div class=\"vc_column-inner\"><div class=\"wpb_wrapper\"><div class=\"wpb_text_column\"><div class=\"wpb_wrapper\"><h2 id=\"elegir\">So entscheiden Sie in f\u00fcnf Minuten, was Sie heute Abend sehen<\/h2>\n<p>Wenn Sie nicht eine halbe Stunde weiter vergleichen m\u00f6chten, gehen Sie in dieser Reihenfolge vor:<\/p>\n<p><strong>1. Datum:<\/strong> \u00d6ffnen Sie das offizielle Programm und schauen Sie nur, was heute stattfindet.<\/p>\n<p><strong>2. Verf\u00fcgbarkeit:<\/strong> Streichen Sie Vorstellungen, f\u00fcr die Sie kein Ticket mehr kaufen k\u00f6nnen.<\/p>\n<p><strong>3. Viertel:<\/strong> Entscheiden Sie sich zwischen Zentrum, Santa Cruz, Encarnaci\u00f3n oder Triana.<\/p>\n<p><strong>4. Format:<\/strong> W\u00e4hlen Sie zwischen einer gro\u00dfen Biennale-Produktion, einem intimen Tablao oder einem umfassenderen Erlebnis.<\/p>\n<p><strong>5. Buchen:<\/strong> Best\u00e4tigen Sie das Ticket, bevor Sie den Rest des Abends planen.<\/p>\n<p><strong>6. Abendessen und Spaziergang:<\/strong> Planen Sie beides rund um Uhrzeit und Lage der Vorstellung, nicht umgekehrt.<\/p>\n<p><strong>7. Plan B:<\/strong> Wenn die Biennale ausverkauft ist, vergleichen Sie sofort die verf\u00fcgbaren Tablaos auf <a href=\"https:\/\/www.tablaosflamencos.com\/de\/flamenco-in-sevilla\"><strong>Flamenco in Sevilla<\/strong><\/a>.<\/p>\n<p>Dieses System ist w\u00e4hrend der Biennale besonders hilfreich, weil es einen h\u00e4ufigen Fehler vermeidet: zu viel Zeit mit der Suche nach \u201eder perfekten Show\u201c zu verbringen und dadurch die noch verf\u00fcgbaren Optionen zu verpassen.<\/p>\n<\/div><\/div><div class=\"w-separator size_medium\"><\/div><div class=\"w-hwrapper valign_top wrap align_center\" style=\"--hwrapper-gap:1.2rem\"><div class=\"w-btn-wrapper align_none\"><a class=\"w-btn us-btn-style_1\" href=\"https:\/\/www.tablaosflamencos.com\/de\/flamenco-in-sevilla\"><span class=\"w-btn-label\">Verf\u00fcgbaren Flamenco in Sevilla ansehen<\/span><\/a><\/div><div class=\"w-btn-wrapper align_none\"><a class=\"w-btn us-btn-style_11\" href=\"https:\/\/www.labienal.com\/programa-general\"><span class=\"w-btn-label\">Offizielles Programm ansehen<\/span><\/a><\/div><\/div><\/div><\/div><\/div><\/div><\/div><\/section><section class=\"l-section wpb_row height_huge color_alternate with_shape\"><div class=\"l-section-shape type_zigzag pos_top hor_flip\" style=\"height:3vmin;\"><svg xmlns=\"http:\/\/www.w3.org\/2000\/svg\" viewBox=\"0 0 64 8\" preserveAspectRatio=\"none\" width=\"100%\" height=\"100%\">\r\n\t<path fill=\"currentColor\" d=\"M64 8 L0 8 L0 0 L20 7.9 L40 3 L48 5 L64 0 Z\"\/>\r\n<\/svg><\/div><div class=\"l-section-shape type_zigzag pos_bottom\" style=\"height:3vmin;\"><svg xmlns=\"http:\/\/www.w3.org\/2000\/svg\" viewBox=\"0 0 64 8\" preserveAspectRatio=\"none\" width=\"100%\" height=\"100%\">\r\n\t<path fill=\"currentColor\" d=\"M64 8 L0 8 L0 0 L20 7.9 L40 3 L48 5 L64 0 Z\"\/>\r\n<\/svg><\/div><div class=\"l-section-h i-cf\"><div class=\"g-cols vc_row via_flex valign_top type_default stacking_default\"><div class=\"vc_col-sm-12 wpb_column vc_column_container\"><div class=\"vc_column-inner\"><div class=\"wpb_wrapper\"><\/div><\/div><\/div><div class=\"vc_col-sm-12 wpb_column vc_column_container\"><div class=\"vc_column-inner\"><div class=\"wpb_wrapper\"><div class=\"wpb_text_column\"><div class=\"wpb_wrapper\"><h2 id=\"faq\">H\u00e4ufig gestellte Fragen zu Flamenco heute Abend in Sevilla w\u00e4hrend der Biennale<\/h2>\n<\/div><\/div><div class=\"w-separator size_medium\"><\/div><div class=\"w-tabs accordion toggle_style_1 has_scrolling\" style=\"--sections-title-size:inherit;--sections-gap:0.5rem;\"><div class=\"w-tabs-sections titles-align_none icon_plus cpos_left\"><div class=\"w-tabs-section\" id=\"kbdd\" itemscope itemprop=\"mainEntity\" itemtype=\"https:\/\/schema.org\/Question\"><button type=\"button\" class=\"w-tabs-section-header\" aria-controls=\"content-kbdd\" aria-expanded=\"false\"><h3 class=\"w-tabs-section-title\" itemprop=\"name\">Wo kann ich heute Abend w\u00e4hrend der Biennale in Sevilla Flamenco sehen?<\/h3><div class=\"w-tabs-section-control\"><\/div><\/button><div  class=\"w-tabs-section-content\" id=\"content-kbdd\" itemscope itemprop=\"acceptedAnswer\" itemtype=\"https:\/\/schema.org\/Answer\"><div class=\"w-tabs-section-content-h i-cf\" itemprop=\"text\"><div class=\"wpb_text_column\"><div class=\"wpb_wrapper\"><p>Das h\u00e4ngt vom konkreten Datum ab. Pr\u00fcfen Sie zuerst das offizielle Biennale-Programm und vergleichen Sie, wenn Sie eine Alternative oder eine direkt buchbare Vorstellung suchen, die verf\u00fcgbaren Tablaos auf Tablaos Flamencos. Im Zentrum, in Santa Cruz, Encarnaci\u00f3n und Triana gibt es mehrere Optionen.<\/p>\n<\/div><\/div><\/div><\/div><\/div><div class=\"w-tabs-section\" id=\"yd65\" itemscope itemprop=\"mainEntity\" itemtype=\"https:\/\/schema.org\/Question\"><button type=\"button\" class=\"w-tabs-section-header\" aria-controls=\"content-yd65\" aria-expanded=\"false\"><h3 class=\"w-tabs-section-title\" itemprop=\"name\">Gibt es bei der Biennale jeden Abend Vorstellungen?<\/h3><div class=\"w-tabs-section-control\"><\/div><\/button><div  class=\"w-tabs-section-content\" id=\"content-yd65\" itemscope itemprop=\"acceptedAnswer\" itemtype=\"https:\/\/schema.org\/Answer\"><div class=\"w-tabs-section-content-h i-cf\" itemprop=\"text\"><div class=\"wpb_text_column\"><div class=\"wpb_wrapper\"><p>Die Biennale findet vom 9. September bis zum 3. Oktober 2026 statt und das Programm \u00e4ndert sich je nach Datum. Pr\u00fcfen Sie das offizielle Programm, um zu sehen, welche Vorstellungen genau am Tag Ihres Besuchs stattfinden.<\/p>\n<\/div><\/div><\/div><\/div><\/div><div class=\"w-tabs-section\" id=\"iea5\" itemscope itemprop=\"mainEntity\" itemtype=\"https:\/\/schema.org\/Question\"><button type=\"button\" class=\"w-tabs-section-header\" aria-controls=\"content-iea5\" aria-expanded=\"false\"><h3 class=\"w-tabs-section-title\" itemprop=\"name\">Was mache ich, wenn die gew\u00fcnschte Biennale-Show ausverkauft ist?<\/h3><div class=\"w-tabs-section-control\"><\/div><\/button><div  class=\"w-tabs-section-content\" id=\"content-iea5\" itemscope itemprop=\"acceptedAnswer\" itemtype=\"https:\/\/schema.org\/Answer\"><div class=\"w-tabs-section-content-h i-cf\" itemprop=\"text\"><div class=\"wpb_text_column\"><div class=\"wpb_wrapper\"><p>Sie m\u00fcssen nicht auf Flamenco verzichten. Sie k\u00f6nnen nach einer anderen offiziellen Vorstellung mit Verf\u00fcgbarkeit suchen oder direkt ein Tablao buchen. Lesen Sie auch unseren speziellen Guide Biennale ausverkauft: Wo Sie heute in Sevilla Flamenco sehen k\u00f6nnen.<\/p>\n<\/div><\/div><\/div><\/div><\/div><div class=\"w-tabs-section\" id=\"yfb5\" itemscope itemprop=\"mainEntity\" itemtype=\"https:\/\/schema.org\/Question\"><button type=\"button\" class=\"w-tabs-section-header\" aria-controls=\"content-yfb5\" aria-expanded=\"false\"><h3 class=\"w-tabs-section-title\" itemprop=\"name\">Kann ich ein Tablao noch f\u00fcr heute Abend buchen?<\/h3><div class=\"w-tabs-section-control\"><\/div><\/button><div  class=\"w-tabs-section-content\" id=\"content-yfb5\" itemscope itemprop=\"acceptedAnswer\" itemtype=\"https:\/\/schema.org\/Answer\"><div class=\"w-tabs-section-content-h i-cf\" itemprop=\"text\"><div class=\"wpb_text_column\"><div class=\"wpb_wrapper\"><p>Ja, solange noch Pl\u00e4tze verf\u00fcgbar sind. Die Verf\u00fcgbarkeit \u00e4ndert sich je nach Datum und Vorstellung. Pr\u00fcfen Sie daher online und buchen Sie, sobald Sie eine Option finden, die zu Ihrem Plan passt.<\/p>\n<\/div><\/div><\/div><\/div><\/div><div class=\"w-tabs-section\" id=\"q09f\" itemscope itemprop=\"mainEntity\" itemtype=\"https:\/\/schema.org\/Question\"><button type=\"button\" class=\"w-tabs-section-header\" aria-controls=\"content-q09f\" aria-expanded=\"false\"><h3 class=\"w-tabs-section-title\" itemprop=\"name\">Ist die Biennale besser als ein Tablao?<\/h3><div class=\"w-tabs-section-control\"><\/div><\/button><div  class=\"w-tabs-section-content\" id=\"content-q09f\" itemscope itemprop=\"acceptedAnswer\" itemtype=\"https:\/\/schema.org\/Answer\"><div class=\"w-tabs-section-content-h i-cf\" itemprop=\"text\"><div class=\"wpb_text_column\"><div class=\"wpb_wrapper\"><p>Es sind unterschiedliche Erlebnisse. Die Biennale bietet au\u00dfergew\u00f6hnliche Produktionen, Premieren und einzigartige Vorstellungen; ein Tablao bietet Regelm\u00e4\u00dfigkeit, N\u00e4he und eine direkte Beziehung zwischen Gesang, Gitarre und Tanz. Bei einem mehrt\u00e4gigen Aufenthalt k\u00f6nnen Sie beide Formate genie\u00dfen.<\/p>\n<\/div><\/div><\/div><\/div><\/div><div class=\"w-tabs-section\" id=\"t17a\" itemscope itemprop=\"mainEntity\" itemtype=\"https:\/\/schema.org\/Question\"><button type=\"button\" class=\"w-tabs-section-header\" aria-controls=\"content-t17a\" aria-expanded=\"false\"><h3 class=\"w-tabs-section-title\" itemprop=\"name\">Welches Viertel eignet sich am besten f\u00fcr Last-Minute-Flamenco?<\/h3><div class=\"w-tabs-section-control\"><\/div><\/button><div  class=\"w-tabs-section-content\" id=\"content-t17a\" itemscope itemprop=\"acceptedAnswer\" itemtype=\"https:\/\/schema.org\/Answer\"><div class=\"w-tabs-section-content-h i-cf\" itemprop=\"text\"><div class=\"wpb_text_column\"><div class=\"wpb_wrapper\"><p>Altstadt und Triana bieten viele M\u00f6glichkeiten und lassen sich leicht mit anderen Pl\u00e4nen kombinieren. Wenn Sie bereits in Santa Cruz, Encarnaci\u00f3n oder Plaza Nueva sind, reduziert eine nahe Spielst\u00e4tte die Wege und erleichtert die Organisation des Abends.<\/p>\n<\/div><\/div><\/div><\/div><\/div><div class=\"w-tabs-section\" id=\"o24c\" itemscope itemprop=\"mainEntity\" itemtype=\"https:\/\/schema.org\/Question\"><button type=\"button\" class=\"w-tabs-section-header\" aria-controls=\"content-o24c\" aria-expanded=\"false\"><h3 class=\"w-tabs-section-title\" itemprop=\"name\">Kann ich vor oder nach dem Flamenco zu Abend essen?<\/h3><div class=\"w-tabs-section-control\"><\/div><\/button><div  class=\"w-tabs-section-content\" id=\"content-o24c\" itemscope itemprop=\"acceptedAnswer\" itemtype=\"https:\/\/schema.org\/Answer\"><div class=\"w-tabs-section-content-h i-cf\" itemprop=\"text\"><div class=\"wpb_text_column\"><div class=\"wpb_wrapper\"><p>Ja. Wenn Flamenco Ihre Priorit\u00e4t ist, ist es meist sinnvoll, zuerst die Vorstellung zu buchen und danach Abendessen oder Tapas nach Uhrzeit und Lage der Show zu organisieren. Einige Spielst\u00e4tten bieten auch Varianten mit Gastronomie an.<\/p>\n<\/div><\/div><\/div><\/div><\/div><div class=\"w-tabs-section\" id=\"a36b\" itemscope itemprop=\"mainEntity\" itemtype=\"https:\/\/schema.org\/Question\"><button type=\"button\" class=\"w-tabs-section-header\" aria-controls=\"content-a36b\" aria-expanded=\"false\"><h3 class=\"w-tabs-section-title\" itemprop=\"name\">K\u00f6nnen Kinder w\u00e4hrend der Biennale Flamenco sehen?<\/h3><div class=\"w-tabs-section-control\"><\/div><\/button><div  class=\"w-tabs-section-content\" id=\"content-a36b\" itemscope itemprop=\"acceptedAnswer\" itemtype=\"https:\/\/schema.org\/Answer\"><div class=\"w-tabs-section-content-h i-cf\" itemprop=\"text\"><div class=\"wpb_text_column\"><div class=\"wpb_wrapper\"><p>Das h\u00e4ngt von der Vorstellung und der Spielst\u00e4tte ab. In Tablaos k\u00f6nnen Bedingungen und Mindestalter variieren; bei der Biennale sollten Sie die konkreten Bedingungen der gew\u00e4hlten Vorstellung pr\u00fcfen, bevor Sie Tickets kaufen.<\/p>\n<\/div><\/div><\/div><\/div><\/div><div class=\"w-tabs-section\" id=\"a48f\" itemscope itemprop=\"mainEntity\" itemtype=\"https:\/\/schema.org\/Question\"><button type=\"button\" class=\"w-tabs-section-header\" aria-controls=\"content-a48f\" aria-expanded=\"false\"><h3 class=\"w-tabs-section-title\" itemprop=\"name\">Wo sehe ich alle Tablaos, die ich in Sevilla buchen kann?<\/h3><div class=\"w-tabs-section-control\"><\/div><\/button><div  class=\"w-tabs-section-content\" id=\"content-a48f\" itemscope itemprop=\"acceptedAnswer\" itemtype=\"https:\/\/schema.org\/Answer\"><div class=\"w-tabs-section-content-h i-cf\" itemprop=\"text\"><div class=\"wpb_text_column\"><div class=\"wpb_wrapper\"><p>Auf unserer Seite Flamenco in Sevilla k\u00f6nnen Sie die verf\u00fcgbaren Spielst\u00e4tten vergleichen und ihre Eintr\u00e4ge \u00f6ffnen, um Buchungsm\u00f6glichkeiten f\u00fcr Ihr Datum zu pr\u00fcfen.<\/p>\n<\/div><\/div><\/div><\/div><\/div><div class=\"w-tabs-section\" id=\"q57a\" itemscope itemprop=\"mainEntity\" itemtype=\"https:\/\/schema.org\/Question\"><button type=\"button\" class=\"w-tabs-section-header\" aria-controls=\"content-q57a\" aria-expanded=\"false\"><h3 class=\"w-tabs-section-title\" itemprop=\"name\">Was mache ich, wenn ich ohne Plan f\u00fcr heute Abend in Sevilla ankomme?<\/h3><div class=\"w-tabs-section-control\"><\/div><\/button><div  class=\"w-tabs-section-content\" id=\"content-q57a\" itemscope itemprop=\"acceptedAnswer\" itemtype=\"https:\/\/schema.org\/Answer\"><div class=\"w-tabs-section-content-h i-cf\" itemprop=\"text\"><div class=\"wpb_text_column\"><div class=\"wpb_wrapper\"><p>Pr\u00fcfen Sie zuerst, welche offiziellen Biennale-Vorstellungen heute stattfinden und ob noch Tickets verf\u00fcgbar sind. Finden Sie keine passende Option, vergleichen Sie sofort die Tablaos unseres Portals nach Viertel und Verf\u00fcgbarkeit. Buchen Sie zuerst die Vorstellung und planen Sie danach den Rest des Abends.<\/p>\n<\/div><\/div><\/div><\/div><\/div><\/div><\/div><\/div><\/div><\/div><div class=\"vc_col-sm-12 wpb_column vc_column_container\"><div class=\"vc_column-inner\"><div class=\"wpb_wrapper\"><\/div><\/div><\/div><\/div><\/div><\/section><section class=\"l-section wpb_row height_huge\"><div class=\"l-section-h i-cf\"><div class=\"g-cols vc_row via_flex valign_top type_default stacking_default\"><div class=\"vc_col-sm-12 wpb_column vc_column_container\"><div class=\"vc_column-inner\"><div class=\"wpb_wrapper\"><div class=\"wpb_text_column\"><div class=\"wpb_wrapper\"><h2 style=\"text-align: center;\">Heute Abend gibt es Flamenco: Entscheidend ist, Ihr Ticket zu sichern<\/h2>\n<p style=\"text-align: center;\">W\u00e4hrend der Biennale vervielfacht Sevilla seine Flamenco-M\u00f6glichkeiten. Das Problem ist meist nicht, etwas zu finden, sondern zwischen einem au\u00dfergew\u00f6hnlichen Programm, verschiedenen Uhrzeiten, mehreren Vierteln und begrenzten Kapazit\u00e4ten richtig zu w\u00e4hlen.<\/p>\n<p style=\"text-align: center;\">Wenn Sie sofort eine L\u00f6sung suchen, beginnen Sie mit dem heutigen Datum, pr\u00fcfen Sie das offizielle Programm und vergleichen Sie anschlie\u00dfend die regelm\u00e4\u00dfig buchbaren Shows. Wenn die gew\u00fcnschte Biennale-Vorstellung keine Tickets mehr hat, <strong>\u00e4ndern Sie nicht den Plan: wechseln Sie die B\u00fchne<\/strong>.<\/p>\n<p style=\"text-align: center;\">Sie k\u00f6nnen heute Abend weiterhin Gesang, Tanz und Gitarre in Sevillas Tablaos erleben und aus unserer Auswahl von <a href=\"https:\/\/www.tablaosflamencos.com\/de\/flamenco-in-sevilla\"><strong>Flamenco in Sevilla<\/strong><\/a>.<\/p>\n<\/div><\/div><\/div><\/div><\/div><\/div><\/div><\/section>\n","protected":false},"excerpt":{"rendered":"<p>Schneller Guide zur Wahl des Flamencos f\u00fcr heute Abend in Sevilla w\u00e4hrend der Biennale 2026: offizielles Programm, Tablaos, Viertel und Last-Minute-Buchungen.<\/p>\n","protected":false},"author":1,"featured_media":14496,"comment_status":"closed","ping_status":"closed","sticky":false,"template":"","format":"standard","meta":{"_acf_changed":false,"wpai_generated_summary":"","_ayudawp_aiss_exclude":false,"_ayudawp_aiss_exclude_summary":false,"_ayudawp_aiss_summary":"","_ayudawp_aiss_summary_provider":"","_ayudawp_aiss_summary_hash":"","footnotes":""},"categories":[1431],"tags":[1244,1245,1246,1247,1166,405,1248],"class_list":["post-14518","post","type-post","status-publish","format-standard","has-post-thumbnail","hentry","category-flamenco-biennale","tag-agenda-flamenca","tag-bienal-2026","tag-bienal-de-flamenco","tag-festivales-flamencos","tag-flamenco-en-sevilla","tag-sevilla","tag-tablaos-de-sevilla"],"acf":[],"yoast_head":"<!-- This site is optimized with the Yoast SEO Premium plugin v28.4 (Yoast SEO v28.4) - https:\/\/yoast.com\/product\/yoast-seo-premium-wordpress\/ -->\n<title>Flamenco heute Abend in Sevilla: Biennale 2026<\/title>\n<meta name=\"description\" content=\"Sie suchen heute Abend Flamenco in Sevilla w\u00e4hrend der Biennale 2026? Pr\u00fcfen Sie das offizielle Programm und buchen Sie Tablao-Alternativen im Zentrum und in Triana.\" \/>\n<meta name=\"robots\" content=\"index, follow, max-snippet:-1, max-image-preview:large, max-video-preview:-1\" \/>\n<link rel=\"canonical\" href=\"https:\/\/www.tablaosflamencos.com\/de\/flamenco-heute-abend-sevilla-biennale-2026.html\" \/>\n<meta property=\"og:locale\" content=\"de_DE\" \/>\n<meta property=\"og:type\" content=\"article\" \/>\n<meta property=\"og:title\" content=\"Flamenco heute Abend in Sevilla w\u00e4hrend der Biennale\" \/>\n<meta property=\"og:description\" content=\"Sie suchen heute Abend Flamenco in Sevilla w\u00e4hrend der Biennale 2026? Pr\u00fcfen Sie das offizielle Programm und buchen Sie Tablao-Alternativen im Zentrum und in Triana.\" \/>\n<meta property=\"og:url\" content=\"https:\/\/www.tablaosflamencos.com\/de\/flamenco-heute-abend-sevilla-biennale-2026.html\" \/>\n<meta property=\"og:site_name\" content=\"Tablaos Flamencos\" \/>\n<meta property=\"article:publisher\" content=\"https:\/\/www.facebook.com\/tablaosflamencos\" \/>\n<meta property=\"article:published_time\" content=\"2026-09-04T16:37:03+00:00\" \/>\n<meta property=\"article:modified_time\" content=\"2026-09-04T17:03:45+00:00\" \/>\n<meta property=\"og:image\" content=\"https:\/\/www.tablaosflamencos.com\/wp-content\/uploads\/flamenco-esta-noche-en-sevilla-durante-la-bienal-01.webp\" \/>\n\t<meta property=\"og:image:width\" content=\"1672\" \/>\n\t<meta property=\"og:image:height\" content=\"941\" \/>\n\t<meta property=\"og:image:type\" content=\"image\/webp\" \/>\n<meta name=\"author\" content=\"Miguel Ortiz\" \/>\n<meta name=\"twitter:card\" content=\"summary_large_image\" \/>\n<meta name=\"twitter:creator\" content=\"@tablaosflamenco\" \/>\n<meta name=\"twitter:site\" content=\"@tablaosflamenco\" \/>\n<meta name=\"twitter:label1\" content=\"Verfasst von\" \/>\n\t<meta name=\"twitter:data1\" content=\"Miguel Ortiz\" \/>\n\t<meta name=\"twitter:label2\" content=\"Gesch\u00e4tzte Lesezeit\" \/>\n\t<meta name=\"twitter:data2\" content=\"16\u00a0Minuten\" \/>\n<script type=\"application\/ld+json\" class=\"yoast-schema-graph\">{\"@context\":\"https:\\\/\\\/schema.org\",\"@graph\":[{\"@type\":\"Article\",\"@id\":\"https:\\\/\\\/www.tablaosflamencos.com\\\/de\\\/flamenco-heute-abend-sevilla-biennale-2026.html#article\",\"isPartOf\":{\"@id\":\"https:\\\/\\\/www.tablaosflamencos.com\\\/de\\\/flamenco-heute-abend-sevilla-biennale-2026.html\"},\"author\":{\"name\":\"Miguel Ortiz\",\"@id\":\"https:\\\/\\\/www.tablaosflamencos.com\\\/de#\\\/schema\\\/person\\\/e7a9ebe14eb75a52ceabfbffb3c54f5d\"},\"headline\":\"Flamenco heute Abend in Sevilla w\u00e4hrend der Biennale\",\"datePublished\":\"2026-09-04T16:37:03+00:00\",\"dateModified\":\"2026-09-04T17:03:45+00:00\",\"mainEntityOfPage\":{\"@id\":\"https:\\\/\\\/www.tablaosflamencos.com\\\/de\\\/flamenco-heute-abend-sevilla-biennale-2026.html\"},\"wordCount\":3295,\"publisher\":{\"@id\":\"https:\\\/\\\/www.tablaosflamencos.com\\\/de#organization\"},\"image\":{\"@id\":\"https:\\\/\\\/www.tablaosflamencos.com\\\/de\\\/flamenco-heute-abend-sevilla-biennale-2026.html#primaryimage\"},\"thumbnailUrl\":\"https:\\\/\\\/www.tablaosflamencos.com\\\/wp-content\\\/uploads\\\/flamenco-esta-noche-en-sevilla-durante-la-bienal-01.webp\",\"keywords\":[\"agenda flamenca\",\"Bienal 2026\",\"Bienal de Flamenco\",\"festivales flamencos\",\"flamenco en Sevilla\",\"sevilla\",\"tablaos de Sevilla\"],\"articleSection\":[\"Flamenco-Biennale\"],\"inLanguage\":\"de\"},{\"@type\":\"WebPage\",\"@id\":\"https:\\\/\\\/www.tablaosflamencos.com\\\/de\\\/flamenco-heute-abend-sevilla-biennale-2026.html\",\"url\":\"https:\\\/\\\/www.tablaosflamencos.com\\\/de\\\/flamenco-heute-abend-sevilla-biennale-2026.html\",\"name\":\"Flamenco heute Abend in Sevilla: Biennale 2026\",\"isPartOf\":{\"@id\":\"https:\\\/\\\/www.tablaosflamencos.com\\\/de#website\"},\"primaryImageOfPage\":{\"@id\":\"https:\\\/\\\/www.tablaosflamencos.com\\\/de\\\/flamenco-heute-abend-sevilla-biennale-2026.html#primaryimage\"},\"image\":{\"@id\":\"https:\\\/\\\/www.tablaosflamencos.com\\\/de\\\/flamenco-heute-abend-sevilla-biennale-2026.html#primaryimage\"},\"thumbnailUrl\":\"https:\\\/\\\/www.tablaosflamencos.com\\\/wp-content\\\/uploads\\\/flamenco-esta-noche-en-sevilla-durante-la-bienal-01.webp\",\"datePublished\":\"2026-09-04T16:37:03+00:00\",\"dateModified\":\"2026-09-04T17:03:45+00:00\",\"description\":\"Sie suchen heute Abend Flamenco in Sevilla w\u00e4hrend der Biennale 2026? Pr\u00fcfen Sie das offizielle Programm und buchen Sie Tablao-Alternativen im Zentrum und in Triana.\",\"breadcrumb\":{\"@id\":\"https:\\\/\\\/www.tablaosflamencos.com\\\/de\\\/flamenco-heute-abend-sevilla-biennale-2026.html#breadcrumb\"},\"inLanguage\":\"de\",\"potentialAction\":[{\"@type\":\"ReadAction\",\"target\":[\"https:\\\/\\\/www.tablaosflamencos.com\\\/de\\\/flamenco-heute-abend-sevilla-biennale-2026.html\"]}]},{\"@type\":\"ImageObject\",\"inLanguage\":\"de\",\"@id\":\"https:\\\/\\\/www.tablaosflamencos.com\\\/de\\\/flamenco-heute-abend-sevilla-biennale-2026.html#primaryimage\",\"url\":\"https:\\\/\\\/www.tablaosflamencos.com\\\/wp-content\\\/uploads\\\/flamenco-esta-noche-en-sevilla-durante-la-bienal-01.webp\",\"contentUrl\":\"https:\\\/\\\/www.tablaosflamencos.com\\\/wp-content\\\/uploads\\\/flamenco-esta-noche-en-sevilla-durante-la-bienal-01.webp\",\"width\":1672,\"height\":941,\"caption\":\"Flamenco esta noche en Sevilla durante la Bienal\"},{\"@type\":\"BreadcrumbList\",\"@id\":\"https:\\\/\\\/www.tablaosflamencos.com\\\/de\\\/flamenco-heute-abend-sevilla-biennale-2026.html#breadcrumb\",\"itemListElement\":[{\"@type\":\"ListItem\",\"position\":1,\"name\":\"Home\",\"item\":\"https:\\\/\\\/www.tablaosflamencos.com\\\/de\"},{\"@type\":\"ListItem\",\"position\":2,\"name\":\"Flamenco heute Abend in Sevilla w\u00e4hrend der Biennale\"}]},{\"@type\":\"WebSite\",\"@id\":\"https:\\\/\\\/www.tablaosflamencos.com\\\/de#website\",\"url\":\"https:\\\/\\\/www.tablaosflamencos.com\\\/de\",\"name\":\"Tablaos Flamencos\",\"description\":\"Entradas para tablaos flamencos de Espa\u00f1a\",\"publisher\":{\"@id\":\"https:\\\/\\\/www.tablaosflamencos.com\\\/de#organization\"},\"alternateName\":\"Tablaos Flamencos\",\"potentialAction\":[{\"@type\":\"SearchAction\",\"target\":{\"@type\":\"EntryPoint\",\"urlTemplate\":\"https:\\\/\\\/www.tablaosflamencos.com\\\/de?s={search_term_string}\"},\"query-input\":{\"@type\":\"PropertyValueSpecification\",\"valueRequired\":true,\"valueName\":\"search_term_string\"}}],\"inLanguage\":\"de\"},{\"@type\":[\"Organization\",\"Place\",\"EntertainmentBusiness\"],\"@id\":\"https:\\\/\\\/www.tablaosflamencos.com\\\/de#organization\",\"name\":\"Tablaos Flamencos\",\"alternateName\":\"Tablaos Flamencos\",\"url\":\"https:\\\/\\\/www.tablaosflamencos.com\\\/de\",\"logo\":{\"@id\":\"https:\\\/\\\/www.tablaosflamencos.com\\\/de\\\/flamenco-heute-abend-sevilla-biennale-2026.html#local-main-organization-logo\"},\"image\":{\"@id\":\"https:\\\/\\\/www.tablaosflamencos.com\\\/de\\\/flamenco-heute-abend-sevilla-biennale-2026.html#local-main-organization-logo\"},\"sameAs\":[\"https:\\\/\\\/www.facebook.com\\\/tablaosflamencos\",\"https:\\\/\\\/x.com\\\/tablaosflamenco\",\"https:\\\/\\\/mastodon.social\\\/@tablaosflamencos\",\"https:\\\/\\\/www.instagram.com\\\/tablaosflamencos\",\"https:\\\/\\\/tiktok.com\\\/@tablaosflamencos\",\"https:\\\/\\\/www.linkedin.com\\\/company\\\/109408238\\\/\"],\"description\":\"Venta de entradas para espect\u00e1culos flamencos\",\"legalName\":\"Tablaos Flamencos\",\"foundingDate\":\"2015-01-01\",\"numberOfEmployees\":{\"@type\":\"QuantitativeValue\",\"minValue\":\"1\",\"maxValue\":\"10\"},\"address\":{\"@id\":\"https:\\\/\\\/www.tablaosflamencos.com\\\/de\\\/flamenco-heute-abend-sevilla-biennale-2026.html#local-main-place-address\"},\"geo\":{\"@type\":\"GeoCoordinates\",\"latitude\":\"37.3868072\",\"longitude\":\"-5.993280299999999\"},\"telephone\":[\"+34623787787\"],\"contactPoint\":{\"@type\":\"ContactPoint\",\"telephone\":\"+34623787787\",\"email\":\"info@tablaosflamencos.com\"},\"openingHoursSpecification\":{\"@type\":\"OpeningHoursSpecification\",\"dayOfWeek\":[\"Monday\",\"Tuesday\",\"Wednesday\",\"Thursday\",\"Friday\",\"Saturday\",\"Sunday\"],\"opens\":\"00:00\",\"closes\":\"23:59\"},\"email\":\"info@tablaosflamencos.com\",\"priceRange\":\"$$$\",\"currenciesAccepted\":\"\u20ac\"},{\"@type\":\"Person\",\"@id\":\"https:\\\/\\\/www.tablaosflamencos.com\\\/de#\\\/schema\\\/person\\\/e7a9ebe14eb75a52ceabfbffb3c54f5d\",\"name\":\"Miguel Ortiz\",\"description\":\"Miguel Ortiz es un empresario flamenco, con una s\u00f3lida trayectoria dentro del sector. Ha presidido entidades culturales vinculadas al flamenco y, cuenta con un amplio recorrido profesional en la gesti\u00f3n y promoci\u00f3n de espect\u00e1culos y tablaos flamencos. Su pasi\u00f3n por la historia y el arte flamenco se refleja en cada art\u00edculo, donde combina experiencia, criterio y un profundo respeto por la tradici\u00f3n.\",\"sameAs\":[\"https:\\\/\\\/www.tablaosflamencos.com\",\"https:\\\/\\\/www.instagra.com\\\/miguelortizfe\",\"https:\\\/\\\/www.linkedin.com\\\/in\\\/miguelortizf\\\/\"],\"birthDate\":\"1984-11-22\",\"gender\":\"hombre\",\"knowsLanguage\":[\"espa\u00f1ol\",\"ingl\u00e9s\"],\"jobTitle\":\"Empresario flamenco\"},{\"@type\":\"PostalAddress\",\"@id\":\"https:\\\/\\\/www.tablaosflamencos.com\\\/de\\\/flamenco-heute-abend-sevilla-biennale-2026.html#local-main-place-address\",\"streetAddress\":\"C\\\/ Alemanes, 19\",\"addressLocality\":\"Sevilla\",\"postalCode\":\"41004\",\"addressRegion\":\"Sevilla\",\"addressCountry\":\"ES\"},{\"@type\":\"ImageObject\",\"inLanguage\":\"de\",\"@id\":\"https:\\\/\\\/www.tablaosflamencos.com\\\/de\\\/flamenco-heute-abend-sevilla-biennale-2026.html#local-main-organization-logo\",\"url\":\"https:\\\/\\\/www.tablaosflamencos.com\\\/wp-content\\\/uploads\\\/tablaos-flamencos-06-3.webp\",\"contentUrl\":\"https:\\\/\\\/www.tablaosflamencos.com\\\/wp-content\\\/uploads\\\/tablaos-flamencos-06-3.webp\",\"width\":600,\"height\":620,\"caption\":\"Tablaos Flamencos\"}]}<\/script>\n<meta name=\"geo.placename\" content=\"Sevilla\" \/>\n<meta name=\"geo.position\" content=\"37.3868072;-5.993280299999999\" \/>\n<meta name=\"geo.region\" content=\"Spanien\" \/>\n<!-- \/ Yoast SEO Premium plugin. -->","yoast_head_json":{"title":"Flamenco heute Abend in Sevilla: Biennale 2026","description":"Sie suchen heute Abend Flamenco in Sevilla w\u00e4hrend der Biennale 2026? Pr\u00fcfen Sie das offizielle Programm und buchen Sie Tablao-Alternativen im Zentrum und in Triana.","robots":{"index":"index","follow":"follow","max-snippet":"max-snippet:-1","max-image-preview":"max-image-preview:large","max-video-preview":"max-video-preview:-1"},"canonical":"https:\/\/www.tablaosflamencos.com\/de\/flamenco-heute-abend-sevilla-biennale-2026.html","og_locale":"de_DE","og_type":"article","og_title":"Flamenco heute Abend in Sevilla w\u00e4hrend der Biennale","og_description":"Sie suchen heute Abend Flamenco in Sevilla w\u00e4hrend der Biennale 2026? Pr\u00fcfen Sie das offizielle Programm und buchen Sie Tablao-Alternativen im Zentrum und in Triana.","og_url":"https:\/\/www.tablaosflamencos.com\/de\/flamenco-heute-abend-sevilla-biennale-2026.html","og_site_name":"Tablaos Flamencos","article_publisher":"https:\/\/www.facebook.com\/tablaosflamencos","article_published_time":"2026-09-04T16:37:03+00:00","article_modified_time":"2026-09-04T17:03:45+00:00","og_image":[{"width":1672,"height":941,"url":"https:\/\/www.tablaosflamencos.com\/wp-content\/uploads\/flamenco-esta-noche-en-sevilla-durante-la-bienal-01.webp","type":"image\/webp"}],"author":"Miguel Ortiz","twitter_card":"summary_large_image","twitter_creator":"@tablaosflamenco","twitter_site":"@tablaosflamenco","twitter_misc":{"Verfasst von":"Miguel Ortiz","Gesch\u00e4tzte Lesezeit":"16\u00a0Minuten"},"schema":{"@context":"https:\/\/schema.org","@graph":[{"@type":"Article","@id":"https:\/\/www.tablaosflamencos.com\/de\/flamenco-heute-abend-sevilla-biennale-2026.html#article","isPartOf":{"@id":"https:\/\/www.tablaosflamencos.com\/de\/flamenco-heute-abend-sevilla-biennale-2026.html"},"author":{"name":"Miguel Ortiz","@id":"https:\/\/www.tablaosflamencos.com\/de#\/schema\/person\/e7a9ebe14eb75a52ceabfbffb3c54f5d"},"headline":"Flamenco heute Abend in Sevilla w\u00e4hrend der Biennale","datePublished":"2026-09-04T16:37:03+00:00","dateModified":"2026-09-04T17:03:45+00:00","mainEntityOfPage":{"@id":"https:\/\/www.tablaosflamencos.com\/de\/flamenco-heute-abend-sevilla-biennale-2026.html"},"wordCount":3295,"publisher":{"@id":"https:\/\/www.tablaosflamencos.com\/de#organization"},"image":{"@id":"https:\/\/www.tablaosflamencos.com\/de\/flamenco-heute-abend-sevilla-biennale-2026.html#primaryimage"},"thumbnailUrl":"https:\/\/www.tablaosflamencos.com\/wp-content\/uploads\/flamenco-esta-noche-en-sevilla-durante-la-bienal-01.webp","keywords":["agenda flamenca","Bienal 2026","Bienal de Flamenco","festivales flamencos","flamenco en Sevilla","sevilla","tablaos de Sevilla"],"articleSection":["Flamenco-Biennale"],"inLanguage":"de"},{"@type":"WebPage","@id":"https:\/\/www.tablaosflamencos.com\/de\/flamenco-heute-abend-sevilla-biennale-2026.html","url":"https:\/\/www.tablaosflamencos.com\/de\/flamenco-heute-abend-sevilla-biennale-2026.html","name":"Flamenco heute Abend in Sevilla: Biennale 2026","isPartOf":{"@id":"https:\/\/www.tablaosflamencos.com\/de#website"},"primaryImageOfPage":{"@id":"https:\/\/www.tablaosflamencos.com\/de\/flamenco-heute-abend-sevilla-biennale-2026.html#primaryimage"},"image":{"@id":"https:\/\/www.tablaosflamencos.com\/de\/flamenco-heute-abend-sevilla-biennale-2026.html#primaryimage"},"thumbnailUrl":"https:\/\/www.tablaosflamencos.com\/wp-content\/uploads\/flamenco-esta-noche-en-sevilla-durante-la-bienal-01.webp","datePublished":"2026-09-04T16:37:03+00:00","dateModified":"2026-09-04T17:03:45+00:00","description":"Sie suchen heute Abend Flamenco in Sevilla w\u00e4hrend der Biennale 2026? Pr\u00fcfen Sie das offizielle Programm und buchen Sie Tablao-Alternativen im Zentrum und in Triana.","breadcrumb":{"@id":"https:\/\/www.tablaosflamencos.com\/de\/flamenco-heute-abend-sevilla-biennale-2026.html#breadcrumb"},"inLanguage":"de","potentialAction":[{"@type":"ReadAction","target":["https:\/\/www.tablaosflamencos.com\/de\/flamenco-heute-abend-sevilla-biennale-2026.html"]}]},{"@type":"ImageObject","inLanguage":"de","@id":"https:\/\/www.tablaosflamencos.com\/de\/flamenco-heute-abend-sevilla-biennale-2026.html#primaryimage","url":"https:\/\/www.tablaosflamencos.com\/wp-content\/uploads\/flamenco-esta-noche-en-sevilla-durante-la-bienal-01.webp","contentUrl":"https:\/\/www.tablaosflamencos.com\/wp-content\/uploads\/flamenco-esta-noche-en-sevilla-durante-la-bienal-01.webp","width":1672,"height":941,"caption":"Flamenco esta noche en Sevilla durante la Bienal"},{"@type":"BreadcrumbList","@id":"https:\/\/www.tablaosflamencos.com\/de\/flamenco-heute-abend-sevilla-biennale-2026.html#breadcrumb","itemListElement":[{"@type":"ListItem","position":1,"name":"Home","item":"https:\/\/www.tablaosflamencos.com\/de"},{"@type":"ListItem","position":2,"name":"Flamenco heute Abend in Sevilla w\u00e4hrend der Biennale"}]},{"@type":"WebSite","@id":"https:\/\/www.tablaosflamencos.com\/de#website","url":"https:\/\/www.tablaosflamencos.com\/de","name":"Tablaos Flamencos","description":"Entradas para tablaos flamencos de Espa\u00f1a","publisher":{"@id":"https:\/\/www.tablaosflamencos.com\/de#organization"},"alternateName":"Tablaos Flamencos","potentialAction":[{"@type":"SearchAction","target":{"@type":"EntryPoint","urlTemplate":"https:\/\/www.tablaosflamencos.com\/de?s={search_term_string}"},"query-input":{"@type":"PropertyValueSpecification","valueRequired":true,"valueName":"search_term_string"}}],"inLanguage":"de"},{"@type":["Organization","Place","EntertainmentBusiness"],"@id":"https:\/\/www.tablaosflamencos.com\/de#organization","name":"Tablaos Flamencos","alternateName":"Tablaos Flamencos","url":"https:\/\/www.tablaosflamencos.com\/de","logo":{"@id":"https:\/\/www.tablaosflamencos.com\/de\/flamenco-heute-abend-sevilla-biennale-2026.html#local-main-organization-logo"},"image":{"@id":"https:\/\/www.tablaosflamencos.com\/de\/flamenco-heute-abend-sevilla-biennale-2026.html#local-main-organization-logo"},"sameAs":["https:\/\/www.facebook.com\/tablaosflamencos","https:\/\/x.com\/tablaosflamenco","https:\/\/mastodon.social\/@tablaosflamencos","https:\/\/www.instagram.com\/tablaosflamencos","https:\/\/tiktok.com\/@tablaosflamencos","https:\/\/www.linkedin.com\/company\/109408238\/"],"description":"Venta de entradas para espect\u00e1culos flamencos","legalName":"Tablaos Flamencos","foundingDate":"2015-01-01","numberOfEmployees":{"@type":"QuantitativeValue","minValue":"1","maxValue":"10"},"address":{"@id":"https:\/\/www.tablaosflamencos.com\/de\/flamenco-heute-abend-sevilla-biennale-2026.html#local-main-place-address"},"geo":{"@type":"GeoCoordinates","latitude":"37.3868072","longitude":"-5.993280299999999"},"telephone":["+34623787787"],"contactPoint":{"@type":"ContactPoint","telephone":"+34623787787","email":"info@tablaosflamencos.com"},"openingHoursSpecification":{"@type":"OpeningHoursSpecification","dayOfWeek":["Monday","Tuesday","Wednesday","Thursday","Friday","Saturday","Sunday"],"opens":"00:00","closes":"23:59"},"email":"info@tablaosflamencos.com","priceRange":"$$$","currenciesAccepted":"\u20ac"},{"@type":"Person","@id":"https:\/\/www.tablaosflamencos.com\/de#\/schema\/person\/e7a9ebe14eb75a52ceabfbffb3c54f5d","name":"Miguel Ortiz","description":"Miguel Ortiz es un empresario flamenco, con una s\u00f3lida trayectoria dentro del sector. Ha presidido entidades culturales vinculadas al flamenco y, cuenta con un amplio recorrido profesional en la gesti\u00f3n y promoci\u00f3n de espect\u00e1culos y tablaos flamencos. Su pasi\u00f3n por la historia y el arte flamenco se refleja en cada art\u00edculo, donde combina experiencia, criterio y un profundo respeto por la tradici\u00f3n.","sameAs":["https:\/\/www.tablaosflamencos.com","https:\/\/www.instagra.com\/miguelortizfe","https:\/\/www.linkedin.com\/in\/miguelortizf\/"],"birthDate":"1984-11-22","gender":"hombre","knowsLanguage":["espa\u00f1ol","ingl\u00e9s"],"jobTitle":"Empresario flamenco"},{"@type":"PostalAddress","@id":"https:\/\/www.tablaosflamencos.com\/de\/flamenco-heute-abend-sevilla-biennale-2026.html#local-main-place-address","streetAddress":"C\/ Alemanes, 19","addressLocality":"Sevilla","postalCode":"41004","addressRegion":"Sevilla","addressCountry":"ES"},{"@type":"ImageObject","inLanguage":"de","@id":"https:\/\/www.tablaosflamencos.com\/de\/flamenco-heute-abend-sevilla-biennale-2026.html#local-main-organization-logo","url":"https:\/\/www.tablaosflamencos.com\/wp-content\/uploads\/tablaos-flamencos-06-3.webp","contentUrl":"https:\/\/www.tablaosflamencos.com\/wp-content\/uploads\/tablaos-flamencos-06-3.webp","width":600,"height":620,"caption":"Tablaos Flamencos"}]},"geo.placename":"Sevilla","geo.position":{"lat":"37.3868072","long":"-5.993280299999999"},"geo.region":"Spanien"},"_links":{"self":[{"href":"https:\/\/www.tablaosflamencos.com\/de\/wp-json\/wp\/v2\/posts\/14518","targetHints":{"allow":["GET"]}}],"collection":[{"href":"https:\/\/www.tablaosflamencos.com\/de\/wp-json\/wp\/v2\/posts"}],"about":[{"href":"https:\/\/www.tablaosflamencos.com\/de\/wp-json\/wp\/v2\/types\/post"}],"author":[{"embeddable":true,"href":"https:\/\/www.tablaosflamencos.com\/de\/wp-json\/wp\/v2\/users\/1"}],"replies":[{"embeddable":true,"href":"https:\/\/www.tablaosflamencos.com\/de\/wp-json\/wp\/v2\/comments?post=14518"}],"version-history":[{"count":3,"href":"https:\/\/www.tablaosflamencos.com\/de\/wp-json\/wp\/v2\/posts\/14518\/revisions"}],"predecessor-version":[{"id":14563,"href":"https:\/\/www.tablaosflamencos.com\/de\/wp-json\/wp\/v2\/posts\/14518\/revisions\/14563"}],"wp:featuredmedia":[{"embeddable":true,"href":"https:\/\/www.tablaosflamencos.com\/de\/wp-json\/wp\/v2\/media\/14496"}],"wp:attachment":[{"href":"https:\/\/www.tablaosflamencos.com\/de\/wp-json\/wp\/v2\/media?parent=14518"}],"wp:term":[{"taxonomy":"category","embeddable":true,"href":"https:\/\/www.tablaosflamencos.com\/de\/wp-json\/wp\/v2\/categories?post=14518"},{"taxonomy":"post_tag","embeddable":true,"href":"https:\/\/www.tablaosflamencos.com\/de\/wp-json\/wp\/v2\/tags?post=14518"}],"curies":[{"name":"wp","href":"https:\/\/api.w.org\/{rel}","templated":true}]}}