{"id":14502,"date":"2026-09-04T17:20:37","date_gmt":"2026-09-04T15:20:37","guid":{"rendered":"https:\/\/www.tablaosflamencos.com\/?p=14502"},"modified":"2026-09-04T19:09:16","modified_gmt":"2026-09-04T17:09:16","slug":"baraka-sala-flamenca-intimer-flamenco-calle-pureza","status":"publish","type":"post","link":"https:\/\/www.tablaosflamencos.com\/de\/baraka-sala-flamenca-intimer-flamenco-calle-pureza.html","title":{"rendered":"Baraka Sala Flamenca: Intimer Flamenco in der Calle Pureza"},"content":{"rendered":"<section class=\"l-section wpb_row height_huge\"><div class=\"l-section-h i-cf\"><div class=\"g-cols vc_row via_flex valign_top type_default stacking_default\"><div class=\"vc_col-sm-6 wpb_column vc_column_container\"><div class=\"vc_column-inner\"><div class=\"wpb_wrapper\"><div class=\"wpb_text_column\"><div class=\"wpb_wrapper\"><h2>Baraka Sala Flamenca, ein Tablao, um Flamenco aus n\u00e4chster N\u00e4he zu erleben<\/h2>\n<p>In einer Stadt mit sehr unterschiedlichen Flamenco-Angeboten <strong>nimmt Baraka Sala Flamenca<\/strong> einen leicht erkennbaren Platz ein: ein Veranstaltungsort mit kleiner Kapazit\u00e4t in der Calle Pureza in Triana, wo das Publikum Gesang, Gitarre und Tanz ganz nah erlebt. Baraka strebt weder die Gr\u00f6\u00dfe eines gro\u00dfen Theaters an noch verbindet es die Vorstellung mit einem Abendessen. Das Angebot konzentriert sich auf das Wesentliche: vier K\u00fcnstler, eine Stunde Vorstellung und ein inbegriffenes Getr\u00e4nk.<\/p>\n<p>Die Vorstellung findet im Flamenco-Saal Lola de los Reyes statt, einem andalusisch gestalteten Raum mit 48 Pl\u00e4tzen. Diese Gr\u00f6\u00dfe pr\u00e4gt einen gro\u00dfen Teil des Erlebnisses. Von fast jedem Platz aus nimmt man den Schlag des Absatzes, den Atem des Gesangs, die Falsetas der Gitarre, die Palmas und die Blicke wahr, mit denen sich das Ensemble live koordiniert.<\/p>\n<p>Wer bei einem Besuch in Triana Flamenco sehen m\u00f6chte, kann bei Baraka die Vorstellung mit einem Spaziergang \u00fcber den Altozano, durch die Calle Betis, die Umgebung von Santa Ana und die Calle Pureza selbst verbinden. Der Ort liefert den Kontext; die N\u00e4he zur B\u00fchne erledigt den Rest.<\/p>\n<\/div><\/div><\/div><\/div><\/div><div class=\"vc_col-sm-6 wpb_column vc_column_container\"><div class=\"vc_column-inner\"><div class=\"wpb_wrapper\"><div class=\"w-image has_ratio align_center\"><div class=\"w-image-h\"><div style=\"padding-bottom:75%\"><\/div><img fetchpriority=\"high\" decoding=\"async\" width=\"600\" height=\"400\" src=\"https:\/\/www.tablaosflamencos.com\/wp-content\/uploads\/baraka-sala-flamenca-01-1-600x400.webp\" class=\"attachment-us_600_600 size-us_600_600\" alt=\"Baraka Sala Flamenca - Baraka Flamenco show | Tablaos Flamencos\" loading=\"eager\" \/><\/div><\/div><div class=\"wpb_text_column\"><div class=\"wpb_wrapper\"><p style=\"text-align: center;\"><em>Die kleine Kapazit\u00e4t des Saals l\u00e4sst den Dialog zwischen Gesang, Gitarre und Tanz aus n\u00e4chster N\u00e4he verfolgen.<\/em><\/p>\n<\/div><\/div><\/div><\/div><\/div><\/div><\/div><\/section><section class=\"l-section wpb_row height_huge with_shape\"><div class=\"l-section-overlay\" style=\"background:#f5f5f5\"><\/div><div class=\"l-section-shape type_zigzag pos_top\" style=\"height:3vmin;\"><svg xmlns=\"http:\/\/www.w3.org\/2000\/svg\" viewBox=\"0 0 64 8\" preserveAspectRatio=\"none\" width=\"100%\" height=\"100%\">\r\n\t<path fill=\"currentColor\" d=\"M64 8 L0 8 L0 0 L20 7.9 L40 3 L48 5 L64 0 Z\"\/>\r\n<\/svg><\/div><div class=\"l-section-shape type_zigzag pos_bottom\" style=\"height:3vmin;\"><svg xmlns=\"http:\/\/www.w3.org\/2000\/svg\" viewBox=\"0 0 64 8\" preserveAspectRatio=\"none\" width=\"100%\" height=\"100%\">\r\n\t<path fill=\"currentColor\" d=\"M64 8 L0 8 L0 0 L20 7.9 L40 3 L48 5 L64 0 Z\"\/>\r\n<\/svg><\/div><div class=\"l-section-h i-cf\"><div class=\"g-cols vc_row via_flex valign_top type_default stacking_default\"><div class=\"vc_col-sm-12 wpb_column vc_column_container\"><div class=\"vc_column-inner\"><div class=\"wpb_wrapper\"><div class=\"wpb_text_column\"><div class=\"wpb_wrapper\"><blockquote>\n<p style=\"margin: 0;\"><strong>Kurzantwort:<\/strong> Baraka Sala Flamenca ist ein intimer Tablao in der Calle Pureza 107 in Triana. Die Vorstellung dauert etwa eine Stunde und bringt vier K\u00fcnstler \u2014 Gesang, Gitarre, einen T\u00e4nzer und eine T\u00e4nzerin \u2014 im Saal Lola de los Reyes mit einer Kapazit\u00e4t von 48 Personen zusammen. Die Eintrittskarte umfasst ein Getr\u00e4nk, aber kein Abendessen. Termine und Preise k\u00f6nnen je nach Datum variieren; deshalb empfiehlt es sich, die Verf\u00fcgbarkeit zu pr\u00fcfen und im Voraus zu buchen.<\/p>\n<\/blockquote>\n<\/div><\/div><div class=\"w-separator size_medium\"><\/div><div class=\"w-hwrapper valign_top wrap stack_on_mobiles align_center\" style=\"--hwrapper-gap:1.2rem\"><div class=\"w-btn-wrapper align_none\"><a class=\"w-btn us-btn-style_1\" href=\"https:\/\/www.tablaosflamencos.com\/de\/tablao\/baraka-sala-flamenca\"><span class=\"w-btn-label\">Verf\u00fcgbarkeit bei Baraka pr\u00fcfen<\/span><\/a><\/div><div class=\"w-btn-wrapper align_none\"><a class=\"w-btn us-btn-style_1\" href=\"https:\/\/www.tablaosflamencos.com\/de\/flamenco-in-triana\"><span class=\"w-btn-label\">Flamenco in Triana ansehen<\/span><\/a><\/div><\/div><\/div><\/div><\/div><\/div><\/div><\/section><section class=\"l-section wpb_row height_huge\"><div class=\"l-section-h i-cf\"><div class=\"g-cols vc_row via_flex valign_top type_default stacking_default\"><div class=\"vc_col-sm-3 wpb_column vc_column_container\"><div class=\"vc_column-inner\"><div class=\"wpb_wrapper\"><\/div><\/div><\/div><div class=\"vc_col-sm-6 wpb_column vc_column_container\"><div class=\"vc_column-inner\"><div class=\"wpb_wrapper\"><div class=\"wpb_text_column\"><div class=\"wpb_wrapper\"><h2>Inhalt dieses Leitfadens<\/h2>\n<ul>\n<li><a href=\"#sala-intima\">Was es bedeutet, Flamenco in einem intimen Saal zu erleben<\/a><\/li>\n<li><a href=\"#espectaculo\">Wie die Vorstellung bei Baraka abl\u00e4uft<\/a><\/li>\n<li><a href=\"#calle-pureza\">Das Erlebnis der Ankunft durch die Calle Pureza<\/a><\/li>\n<li><a href=\"#informacion-practica\">Dauer, Eintrittskarte, Getr\u00e4nk und Zeiten<\/a><\/li>\n<li><a href=\"#para-quien\">F\u00fcr wen Baraka eine gute Wahl ist<\/a><\/li>\n<li><a href=\"#primera-vez\">Was Sie beim ersten Besuch erwartet<\/a><\/li>\n<li><a href=\"#plan-triana\">So erg\u00e4nzen Sie den Abend in Triana<\/a><\/li>\n<li><a href=\"#reservar\">Warum eine fr\u00fchzeitige Buchung sinnvoll ist<\/a><\/li>\n<li><a href=\"#faq\">H\u00e4ufig gestellte Fragen<\/a><\/li>\n<\/ul>\n<\/div><\/div><\/div><\/div><\/div><div class=\"vc_col-sm-3 wpb_column vc_column_container\"><div class=\"vc_column-inner\"><div class=\"wpb_wrapper\"><\/div><\/div><\/div><\/div><\/div><\/section><section class=\"l-section wpb_row height_huge with_shape\"><div class=\"l-section-overlay\" style=\"background:#f5f5f5\"><\/div><div class=\"l-section-shape type_zigzag pos_top\" style=\"height:3vmin;\"><svg xmlns=\"http:\/\/www.w3.org\/2000\/svg\" viewBox=\"0 0 64 8\" preserveAspectRatio=\"none\" width=\"100%\" height=\"100%\">\r\n\t<path fill=\"currentColor\" d=\"M64 8 L0 8 L0 0 L20 7.9 L40 3 L48 5 L64 0 Z\"\/>\r\n<\/svg><\/div><div class=\"l-section-shape type_zigzag pos_bottom\" style=\"height:3vmin;\"><svg xmlns=\"http:\/\/www.w3.org\/2000\/svg\" viewBox=\"0 0 64 8\" preserveAspectRatio=\"none\" width=\"100%\" height=\"100%\">\r\n\t<path fill=\"currentColor\" d=\"M64 8 L0 8 L0 0 L20 7.9 L40 3 L48 5 L64 0 Z\"\/>\r\n<\/svg><\/div><div class=\"l-section-h i-cf\"><div class=\"g-cols vc_row via_flex valign_top type_default stacking_default\"><div class=\"vc_col-sm-6 wpb_column vc_column_container\"><div class=\"vc_column-inner\"><div class=\"wpb_wrapper\"><div class=\"wpb_text_column\"><div class=\"wpb_wrapper\"><h2 id=\"sala-intima\">Was es bedeutet, Flamenco in einem intimen Saal zu erleben<\/h2>\n<p>Das Wort \u201eintim\u201c wird h\u00e4ufig f\u00fcr kleine Vorstellungen verwendet, bei Baraka hat es jedoch eine konkrete Bedeutung: Die Kapazit\u00e4t betr\u00e4gt 48 Personen. Zwischen B\u00fchne und Publikum liegt keine gro\u00dfe Distanz, sodass die Darbietung wie eine nahe Begegnung und nicht wie ein aus der Ferne betrachtetes Bild wirkt.<\/p>\n<p>Beim Flamenco l\u00e4sst diese N\u00e4he Elemente erkennen, die in einem gr\u00f6\u00dferen Raum unbemerkt bleiben k\u00f6nnen. Man h\u00f6rt, wie die Gitarre den Gesang begleitet, wie die Palmas den Rhythmus tragen und wie der Tanz auf einen Ruf antwortet oder seine Intensit\u00e4t ver\u00e4ndert. Auch die Gesten, mit denen sich die K\u00fcnstler Raum geben, einander anfeuern oder einen Abschluss vorbereiten, werden sichtbar.<\/p>\n<p>N\u00e4he bedeutet nicht, dass die Vorstellung von Anfang bis Ende improvisiert ist. Es gibt eine professionelle Struktur, doch innerhalb dieser m\u00fcssen Gesang, Gitarre und Tanz aufeinander h\u00f6ren. Jede Vorstellung hat eigene Nuancen, denn der Flamenco auf der B\u00fchne lebt von dieser direkten Beziehung.<\/p>\n<\/div><\/div><\/div><\/div><\/div><div class=\"vc_col-sm-6 wpb_column vc_column_container\"><div class=\"vc_column-inner\"><div class=\"wpb_wrapper\"><div class=\"wpb_text_column\"><div class=\"wpb_wrapper\"><h3>Ein Erlebnis mit voller Konzentration auf die B\u00fchne<\/h3>\n<p>Baraka bietet kein Abendessen an: Die verf\u00fcgbare Variante konzentriert sich auf die Vorstellung und umfasst ein Getr\u00e4nk. Dadurch bleibt die B\u00fchne w\u00e4hrend der einst\u00fcndigen Darbietung der eigentliche Mittelpunkt. Wer zu Abend essen m\u00f6chte, kann dies vorher oder nachher in Triana tun, ohne dass Gastronomie zu einem verpflichtenden Teil der Eintrittskarte wird.<\/p>\n<p>Der andalusisch gestaltete Raum tr\u00e4gt zur Atmosph\u00e4re bei, ersetzt aber nicht den k\u00fcnstlerischen Inhalt. Der wichtigste Grund f\u00fcr die Wahl dieses Saals ist die M\u00f6glichkeit, ein Flamenco-Ensemble aus vier Interpreten aus n\u00e4chster N\u00e4he zu beobachten und das Zusammenspiel ihrer Disziplinen zu verfolgen.<\/p>\n<p>Dieses Format eignet sich besonders f\u00fcr Menschen, die Konzentration sch\u00e4tzen, einen kleinen Veranstaltungsort bevorzugen oder ihren ersten Kontakt mit Flamenco direkt und leicht nachvollziehbar erleben m\u00f6chten. Sie m\u00fcssen weder die verschiedenen Palos kennen noch jede Liedzeile verstehen: Achten Sie einfach auf den Rhythmus, die Pausen, die Ver\u00e4nderungen der Energie und die Kommunikation auf der B\u00fchne.<\/p>\n<\/div><\/div><\/div><\/div><\/div><\/div><\/div><\/section><section class=\"l-section wpb_row height_huge\"><div class=\"l-section-h i-cf\"><div class=\"g-cols vc_row via_flex valign_top type_default stacking_default\"><div class=\"vc_col-sm-6 wpb_column vc_column_container\"><div class=\"vc_column-inner\"><div class=\"wpb_wrapper\"><div class=\"wpb_text_column\"><div class=\"wpb_wrapper\"><h2 id=\"espectaculo\">Wie die Vorstellung im Baraka Sala Flamenca abl\u00e4uft<\/h2>\n<p>Die \u00fcbliche Besetzung vereint <strong>vier K\u00fcnstler: eine Gesangsstimme, einen Gitarristen, einen T\u00e4nzer und eine T\u00e4nzerin<\/strong>. Es ist ein kompaktes, aber ausreichend vollst\u00e4ndiges Ensemble, um die S\u00e4ulen eines traditionellen Tablaos zu zeigen.<\/p>\n<p>Der Gesang funktioniert nicht als Hintergrundmusik: Er pr\u00e4gt den Charakter jedes Moments und tritt mit der Gitarre in Dialog. Das Gitarrenspiel begleitet, tr\u00e4gt und \u00f6ffnet mit Falsetas eigene R\u00e4ume. Der Tanz verwandelt den Rhythmus in Bewegung und Perkussion, w\u00e4hrend Palmas und Jaleos das Ensemble zusammenf\u00fchren.<\/p>\n<p>Die Anwesenheit eines T\u00e4nzers und einer T\u00e4nzerin ist nicht als zwei getrennte und identische Nummern zu verstehen. Jeder Interpret bringt seine eigene Sprache, seine Art, die B\u00fchne zu nutzen, und seine Beziehung zu den Musikern ein. Je nach Vorstellung k\u00f6nnen Reihenfolge, Nuancen und Intensit\u00e4t variieren. Diese Variation geh\u00f6rt zur lebendigen Natur des Tablaos.<\/p>\n<\/div><\/div><\/div><\/div><\/div><div class=\"vc_col-sm-6 wpb_column vc_column_container\"><div class=\"vc_column-inner\"><div class=\"wpb_wrapper\"><div class=\"wpb_text_column\"><div class=\"wpb_wrapper\"><h3>Eine Stunde mit eigenem Rhythmus<\/h3>\n<p>Die ungef\u00e4hre Dauer betr\u00e4gt 60 Minuten. Das Format l\u00e4sst sich gut in einen Nachmittag oder Abend in Sevilla integrieren und ist zugleich lang genug, damit die Vorstellung Kontraste entwickelt: Momente des Zuh\u00f6rens, Soli, Tanz, Rhythmuswechsel und intensivere Abschl\u00fcsse.<\/p>\n<p>Eine Stunde Flamenco ist keine ununterbrochene Abfolge von Fu\u00dfarbeit. Gesang und Gitarre ben\u00f6tigen ihre eigenen R\u00e4ume, und auch die Stille hat Gewicht. Erwarten Sie bei Ihrem ersten Besuch nicht, dass die gesamte Vorstellung das gleiche Tempo beibeh\u00e4lt. Die Emotion entsteht gerade aus dem Kontrast zwischen Zur\u00fcckhaltung und Explosion.<\/p>\n<p>Im Saal lassen sich technische Details erkennen, ohne dass der Gesamteindruck verloren geht. Das ist einer der gro\u00dfen Vorteile von Baraka: Das Format zwingt nicht dazu, zwischen dem Beobachten der F\u00fc\u00dfe und dem Verfolgen der Musiker zu w\u00e4hlen. Die N\u00e4he hilft zu verstehen, wie jeder Teil die anderen tr\u00e4gt.<\/p>\n<\/div><\/div><\/div><\/div><\/div><\/div><\/div><\/section><section class=\"l-section wpb_row height_huge with_shape\"><div class=\"l-section-overlay\" style=\"background:#f5f5f5\"><\/div><div class=\"l-section-shape type_zigzag pos_top\" style=\"height:3vmin;\"><svg xmlns=\"http:\/\/www.w3.org\/2000\/svg\" viewBox=\"0 0 64 8\" preserveAspectRatio=\"none\" width=\"100%\" height=\"100%\">\r\n\t<path fill=\"currentColor\" d=\"M64 8 L0 8 L0 0 L20 7.9 L40 3 L48 5 L64 0 Z\"\/>\r\n<\/svg><\/div><div class=\"l-section-shape type_zigzag pos_bottom\" style=\"height:3vmin;\"><svg xmlns=\"http:\/\/www.w3.org\/2000\/svg\" viewBox=\"0 0 64 8\" preserveAspectRatio=\"none\" width=\"100%\" height=\"100%\">\r\n\t<path fill=\"currentColor\" d=\"M64 8 L0 8 L0 0 L20 7.9 L40 3 L48 5 L64 0 Z\"\/>\r\n<\/svg><\/div><div class=\"l-section-h i-cf\"><div class=\"g-cols vc_row via_flex valign_top type_default stacking_default\"><div class=\"vc_col-sm-6 wpb_column vc_column_container\"><div class=\"vc_column-inner\"><div class=\"wpb_wrapper\"><div class=\"wpb_text_column\"><div class=\"wpb_wrapper\"><h2 id=\"calle-pureza\">Das Erlebnis der Ankunft durch die Calle Pureza<\/h2>\n<p>Baraka befindet sich in der Calle Pureza 107, einer der bekanntesten Stra\u00dfen Trianas. Von der Isabel-II.-Br\u00fccke aus ist der Saal zu Fu\u00df erreichbar, sodass schon der Weg Teil des Plans wird. Vom Altozano f\u00fchrt die Route ins Viertel hinein, nahe der Real Parroquia de Se\u00f1ora Santa Ana und unweit der Calle Betis und des Guadalquivir.<\/p>\n<p>Ein Standort in Triana macht nicht automatisch jede Vorstellung authentisch. Die Qualit\u00e4t h\u00e4ngt von den K\u00fcnstlern, dem Rhythmus, der Livemusik und dem Respekt vor der B\u00fchne ab. Das Viertel liefert jedoch einen kulturellen und historischen Kontext, der den Besuch bereichert, wenn man es aufmerksam erkundet und nicht auf eine Kulisse reduziert.<\/p>\n<\/div><\/div><\/div><\/div><\/div><div class=\"vc_col-sm-6 wpb_column vc_column_container\"><div class=\"vc_column-inner\"><div class=\"wpb_wrapper\"><div class=\"wpb_text_column\"><div class=\"wpb_wrapper\"><h3>Ein praktischer Ort f\u00fcr die Abendplanung<\/h3>\n<p>Die Adresse eignet sich sowohl f\u00fcr G\u00e4ste, die in Triana wohnen, als auch f\u00fcr Besucher aus der Altstadt. Wer die Br\u00fccke zu Fu\u00df \u00fcberquert, kann den Tablao mit der Plaza Nueva, dem Arenal und dem Kathedralenviertel verbinden, ohne unbedingt ein Fahrzeug zu ben\u00f6tigen.<\/p>\n<p>Wenn Sie weitere Angebote in der N\u00e4he kennenlernen oder Formate vergleichen m\u00f6chten, besuchen Sie unsere Seite \u00fcber <a href=\"https:\/\/www.tablaosflamencos.com\/flamenco-en-triana\"><strong>Flamenco in Triana<\/strong><\/a>. Wenn Sie die Suche auf die ganze Stadt ausweiten m\u00f6chten, b\u00fcndelt unser Leitfaden zu <a href=\"https:\/\/www.tablaosflamencos.com\/flamenco-en-sevilla\"><strong>Flamenco-Shows in Sevilla<\/strong><\/a> die verf\u00fcgbaren Angebote nach Viertel und Variante.<\/p>\n<p>Planen Sie f\u00fcr den Spaziergang ausreichend Zeit ein. Eine fr\u00fche Ankunft verhindert einen hektischen Einlass, hilft dabei, den Eingang zu finden, und erleichtert es, vor Beginn in Ruhe Platz zu nehmen.<\/p>\n<\/div><\/div><\/div><\/div><\/div><\/div><\/div><\/section><section class=\"l-section wpb_row height_huge\"><div class=\"l-section-h i-cf\"><div class=\"g-cols vc_row via_flex valign_top type_default stacking_default\"><div class=\"vc_col-sm-6 wpb_column vc_column_container\"><div class=\"vc_column-inner\"><div class=\"wpb_wrapper\"><div class=\"wpb_text_column\"><div class=\"wpb_wrapper\"><h2 id=\"informacion-practica\">Praktische Informationen vor der Buchung<\/h2>\n<ul>\n<li><strong>Adresse:<\/strong> Calle Pureza 107, 41010 Sevilla.<\/li>\n<li><strong>Stadtviertel:<\/strong> Triana.<\/li>\n<li><strong>Saal:<\/strong> Lola de los Reyes.<\/li>\n<li><strong>Dauer:<\/strong> etwa 60 Minuten.<\/li>\n<li><strong>K\u00fcnstler:<\/strong> vier Interpreten: Gesang, Gitarre, T\u00e4nzer und T\u00e4nzerin.<\/li>\n<li><strong>Kapazit\u00e4t:<\/strong> 48 Personen.<\/li>\n<li><strong>Eintrittskarte:<\/strong> Vorstellung mit einem inbegriffenen Getr\u00e4nk.<\/li>\n<li><strong>Abendessen:<\/strong> nicht inbegriffen; im Saal werden Getr\u00e4nke serviert.<\/li>\n<li><strong>Barrierefreiheit:<\/strong> der Veranstaltungsort wird als barrierefrei gef\u00fchrt.<\/li>\n<li><strong>Kinder:<\/strong> Einlass ab 4 Jahren, stets gem\u00e4\u00df den Bedingungen der gew\u00e4hlten Eintrittskarte.<\/li>\n<\/ul>\n<\/div><\/div><\/div><\/div><\/div><div class=\"vc_col-sm-6 wpb_column vc_column_container\"><div class=\"vc_column-inner\"><div class=\"wpb_wrapper\"><div class=\"wpb_text_column\"><div class=\"wpb_wrapper\"><h3>Zeiten und Preise<\/h3>\n<p>Baraka bietet verschiedene Termine an und kann die Zeiten je nach Wochentag und Saison anpassen. Wirklich relevant sind daher die Angaben, die nach Auswahl eines konkreten Datums erscheinen. Die Buchungsseite zeigt die verf\u00fcgbaren Vorstellungen und den Preis f\u00fcr jede Ticketart.<\/p>\n<p>Bei der Erstellung dieses Leitfadens wurden Eintrittskarten ab 22 Euro sowie altersabh\u00e4ngige Varianten f\u00fcr Kinder, Erwachsene und Personen \u00fcber 65 Jahren angezeigt. Da sich Preise und Termine \u00e4ndern k\u00f6nnen, pr\u00fcfen Sie vor Abschluss des Kaufs den Gesamtbetrag.<\/p>\n<p>Es wird empfohlen, 15 bis 20 Minuten fr\u00fcher zu kommen. Nach der Buchung wird die Eintrittskarte per E-Mail verschickt und kann auf dem Smartphone vorgezeigt werden; ein Ausdruck ist nicht erforderlich. Wenn Sie eine bestimmte barrierefreie L\u00f6sung ben\u00f6tigen, sollten Sie dies w\u00e4hrend der Buchung angeben.<\/p>\n<\/div><\/div><div class=\"w-separator size_medium\"><\/div><div class=\"w-btn-wrapper align_left\"><a class=\"w-btn us-btn-style_1 icon_atleft\" href=\"https:\/\/www.tablaosflamencos.com\/de\/tablao\/baraka-sala-flamenca\"><i class=\"fas fa-ticket-alt\"><\/i><span class=\"w-btn-label\">Termine und Preise pr\u00fcfen<\/span><\/a><\/div><\/div><\/div><\/div><\/div><\/div><\/section><section class=\"l-section wpb_row height_huge with_shape\"><div class=\"l-section-overlay\" style=\"background:#f5f5f5\"><\/div><div class=\"l-section-shape type_zigzag pos_top\" style=\"height:3vmin;\"><svg xmlns=\"http:\/\/www.w3.org\/2000\/svg\" viewBox=\"0 0 64 8\" preserveAspectRatio=\"none\" width=\"100%\" height=\"100%\">\r\n\t<path fill=\"currentColor\" d=\"M64 8 L0 8 L0 0 L20 7.9 L40 3 L48 5 L64 0 Z\"\/>\r\n<\/svg><\/div><div class=\"l-section-shape type_zigzag pos_bottom\" style=\"height:3vmin;\"><svg xmlns=\"http:\/\/www.w3.org\/2000\/svg\" viewBox=\"0 0 64 8\" preserveAspectRatio=\"none\" width=\"100%\" height=\"100%\">\r\n\t<path fill=\"currentColor\" d=\"M64 8 L0 8 L0 0 L20 7.9 L40 3 L48 5 L64 0 Z\"\/>\r\n<\/svg><\/div><div class=\"l-section-h i-cf\"><div class=\"g-cols vc_row via_flex valign_top type_default stacking_default\"><div class=\"vc_col-sm-6 wpb_column vc_column_container\"><div class=\"vc_column-inner\"><div class=\"wpb_wrapper\"><div class=\"wpb_text_column\"><div class=\"wpb_wrapper\"><h2 id=\"para-quien\">F\u00fcr wen Baraka eine gute Wahl ist<\/h2>\n<h3>F\u00fcr Menschen, die N\u00e4he suchen<\/h3>\n<p>Die kleine Kapazit\u00e4t ist das deutlichste Merkmal von Baraka. Wenn es Ihnen wichtig ist, Gesten, Fu\u00dfarbeit und die Kommunikation des Ensembles zu erkennen, bietet das intime Format einen klaren Vorteil.<\/p>\n<h3>F\u00fcr ein erstes Flamenco-Erlebnis<\/h3>\n<p>Die einst\u00fcndige Dauer und die Kombination aus Gesang, Gitarre und zwei Tanzprofilen vermitteln die wichtigsten Elemente ohne Vorkenntnisse. Es ist ein zug\u00e4nglicher Einstieg in die Sprache des Tablaos.<\/p>\n<h3>F\u00fcr Menschen, die Triana kennenlernen m\u00f6chten<\/h3>\n<p>Die Calle Pureza macht es leicht, die Vorstellung in einen Spaziergang durch das Viertel einzubinden. Danach m\u00fcssen Sie nicht in einen anderen Stadtteil fahren, um den Abend zu vervollst\u00e4ndigen.<\/p>\n<\/div><\/div><\/div><\/div><\/div><div class=\"vc_col-sm-6 wpb_column vc_column_container\"><div class=\"vc_column-inner\"><div class=\"wpb_wrapper\"><div class=\"wpb_text_column\"><div class=\"wpb_wrapper\"><h3>F\u00fcr Menschen, die ihr Abendessen selbst w\u00e4hlen m\u00f6chten<\/h3>\n<p>Die Eintrittskarte umfasst ein Getr\u00e4nk, aber kein Abendessen. So k\u00f6nnen Sie Restaurant, Uhrzeit und Budget vor oder nach der Vorstellung frei w\u00e4hlen. Au\u00dferdem gibt es w\u00e4hrend der Darbietung weniger Servicebewegungen.<\/p>\n<h3>F\u00fcr Paare, Familien und kleine Gruppen<\/h3>\n<p>Die intime Atmosph\u00e4re eignet sich f\u00fcr einen Abend zu zweit, einen Familienbesuch mit Kindern ab dem erlaubten Alter oder eine Gruppe, die das Erlebnis teilen m\u00f6chte, ohne die N\u00e4he zu verlieren.<\/p>\n<h3>F\u00fcr Reisende mit engem Zeitplan<\/h3>\n<p>Durch die festgelegte Dauer l\u00e4sst sich die Vorstellung leicht mit anderen Pl\u00e4nen verbinden. Legen Sie sie dennoch nicht ohne Puffer zwischen andere Aktivit\u00e4ten: Planen Sie Zeit f\u00fcr die Ankunft, einen ruhigen Einlass und einen entspannten Aufbruch ein.<\/p>\n<\/div><\/div><\/div><\/div><\/div><\/div><\/div><\/section><section class=\"l-section wpb_row height_huge\"><div class=\"l-section-h i-cf\"><div class=\"g-cols vc_row via_flex valign_top type_default stacking_default\"><div class=\"vc_col-sm-6 wpb_column vc_column_container\"><div class=\"vc_column-inner\"><div class=\"wpb_wrapper\"><div class=\"wpb_text_column\"><div class=\"wpb_wrapper\"><h2 id=\"primera-vez\">Was Sie beim ersten Besuch eines Tablaos erwartet<\/h2>\n<p>Sie m\u00fcssen keine Sole\u00e1, Alegr\u00edas oder Buler\u00eda erkennen, um die Vorstellung zu genie\u00dfen. Beobachten Sie zun\u00e4chst das Zusammenspiel der Interpreten: Wer gibt den Beginn vor, wie antwortet die Gitarre, wann setzen die Palmas ein und wie nutzt der Tanz die Akzente?<\/p>\n<p>W\u00e4hrend des Gesangs wird die Atmosph\u00e4re meist stiller. In Abschl\u00fcssen und Tanzpassagen zeigt sich eine sichtbarere Energie mit Jaleos und Antworten des Ensembles. Das Publikum darf Emotionen ausdr\u00fccken, sollte jedoch Gespr\u00e4che vermeiden, die mit der Musik konkurrieren.<\/p>\n<p>Foto- und Videoaufnahmen richten sich nach den Regeln des Saals. Wenn Bilder erlaubt sind, fotografieren Sie ohne Blitz und halten Sie das Smartphone nicht lange hoch. Die N\u00e4he, die Baraka besonders macht, sorgt auch daf\u00fcr, dass jede Ablenkung st\u00e4rker auff\u00e4llt.<\/p>\n<\/div><\/div><\/div><\/div><\/div><div class=\"vc_col-sm-6 wpb_column vc_column_container\"><div class=\"vc_column-inner\"><div class=\"wpb_wrapper\"><div class=\"wpb_text_column\"><div class=\"wpb_wrapper\"><h3>Authentizit\u00e4t ohne Klischees<\/h3>\n<p>Ein professioneller Tablao kann G\u00e4ste aus vielen L\u00e4ndern empfangen und authentischen Flamenco bieten. Die Herkunft des Publikums bestimmt nicht die Qualit\u00e4t. Entscheidend ist, dass Gesang, Gitarre und Tanz live dargeboten werden, die K\u00fcnstler innerhalb der Flamenco-Sprache arbeiten und der Saal ein gutes Zuh\u00f6ren erm\u00f6glicht.<\/p>\n<p>Auch muss nicht alles spontan oder informell wirken. P\u00fcnktlichkeit, Beleuchtung, Vorverkauf und klare Organisation mindern nicht die Echtheit der Vorstellung; sie schaffen die Bedingungen, unter denen sich das Ensemble konzentrieren kann.<\/p>\n<p>Wenn Sie diese Kriterien vor einem Vergleich vertiefen m\u00f6chten, lesen Sie unseren Leitfaden dar\u00fcber, <a href=\"https:\/\/www.tablaosflamencos.com\/donde-ver-flamenco-autentico-sevilla.html\"><strong>wo man in Sevilla authentischen Flamenco sehen kann<\/strong><\/a>. Er hilft Ihnen, k\u00fcnstlerische Qualit\u00e4t von Marketingbezeichnungen zu unterscheiden.<\/p>\n<\/div><\/div><\/div><\/div><\/div><\/div><\/div><\/section><section class=\"l-section wpb_row height_huge with_shape\"><div class=\"l-section-overlay\" style=\"background:#f5f5f5\"><\/div><div class=\"l-section-shape type_zigzag pos_top\" style=\"height:3vmin;\"><svg xmlns=\"http:\/\/www.w3.org\/2000\/svg\" viewBox=\"0 0 64 8\" preserveAspectRatio=\"none\" width=\"100%\" height=\"100%\">\r\n\t<path fill=\"currentColor\" d=\"M64 8 L0 8 L0 0 L20 7.9 L40 3 L48 5 L64 0 Z\"\/>\r\n<\/svg><\/div><div class=\"l-section-shape type_zigzag pos_bottom\" style=\"height:3vmin;\"><svg xmlns=\"http:\/\/www.w3.org\/2000\/svg\" viewBox=\"0 0 64 8\" preserveAspectRatio=\"none\" width=\"100%\" height=\"100%\">\r\n\t<path fill=\"currentColor\" d=\"M64 8 L0 8 L0 0 L20 7.9 L40 3 L48 5 L64 0 Z\"\/>\r\n<\/svg><\/div><div class=\"l-section-h i-cf\"><div class=\"g-cols vc_row via_flex valign_top type_default stacking_default\"><div class=\"vc_col-sm-6 wpb_column vc_column_container\"><div class=\"vc_column-inner\"><div class=\"wpb_wrapper\"><div class=\"wpb_text_column\"><div class=\"wpb_wrapper\"><h2 id=\"plan-triana\">So erg\u00e4nzen Sie den Abend in Triana<\/h2>\n<p>Eine einfache Besuchsplanung beginnt mit einer fr\u00fchen Ankunft am Altozano, einem Abstecher zum Mercado de Triana und anschlie\u00dfendem Spaziergang durch die Calle Pureza. Wenn Sie lieber den Fluss sehen m\u00f6chten, k\u00f6nnen Sie vor der Vorstellung einen Abschnitt der Calle Betis hinzuf\u00fcgen.<\/p>\n<p>Je nach gew\u00e4hltem Termin kann das Abendessen davor oder danach stattfinden. Da Baraka ein Getr\u00e4nk, aber keine Speisen umfasst, m\u00fcssen Sie Ihre Restaurantwahl nicht an ein festes Men\u00fc anpassen. Reservieren Sie an Wochenenden, Feiertagen oder in Zeiten hoher Nachfrage auch das Restaurant, wenn es ein wichtiger Teil Ihres Plans ist.<\/p>\n<p>Nach der Vorstellung bietet der Weg zur\u00fcck zur Br\u00fccke einen angenehmen \u00dcbergang ins Zentrum. Wenn Sie den Abend in Triana fortsetzen, pr\u00fcfen Sie besonders bei sp\u00e4ten Vorstellungen vorher die K\u00fcchen- und Verkehrszeiten.<\/p>\n<\/div><\/div><\/div><\/div><\/div><div class=\"vc_col-sm-6 wpb_column vc_column_container\"><div class=\"vc_column-inner\"><div class=\"wpb_wrapper\"><div class=\"wpb_text_column\"><div class=\"wpb_wrapper\"><h3>Ein dauerhaftes Angebot, nicht nur f\u00fcr besondere Termine<\/h3>\n<p>Baraka l\u00e4sst sich mit der Vel\u00e1 de Santa Ana und anderen Festen des Viertels verbinden, doch sein Reiz h\u00e4ngt nicht von einem bestimmten Ereignis ab. Der Saal bietet das ganze Jahr \u00fcber ein regelm\u00e4\u00dfiges Programm und ist eine verl\u00e4ssliche Option f\u00fcr alle, die Flamenco in Triana suchen.<\/p>\n<p>Wenn Sie Sevilla im Juli besuchen, k\u00f6nnen Sie Ihren Plan mit unserem Leitfaden zu <a href=\"https:\/\/www.tablaosflamencos.com\/flamenco-en-triana-vela-santa-ana.html\"><strong>Flamenco in Triana w\u00e4hrend der Vel\u00e1 de Santa Ana<\/strong><\/a>erg\u00e4nzen. Au\u00dferhalb dieser Tage beh\u00e4lt die Calle Pureza ihren Reiz, und die Vorstellung bleibt der Mittelpunkt des Erlebnisses.<\/p>\n<p>Praktisch empfiehlt es sich, zuerst den Termin zu w\u00e4hlen, die Ankunftszeit festzulegen und Spaziergang und Essen darum herum zu planen. So verhindert eine spontane Aktivit\u00e4t, dass Sie zu sp\u00e4t zu einem Saal mit begrenzten Pl\u00e4tzen kommen.<\/p>\n<\/div><\/div><\/div><\/div><\/div><\/div><\/div><\/section><section class=\"l-section wpb_row height_huge\"><div class=\"l-section-h i-cf\"><div class=\"g-cols vc_row via_flex valign_top type_default stacking_default\"><div class=\"vc_col-sm-6 wpb_column vc_column_container\"><div class=\"vc_column-inner\"><div class=\"wpb_wrapper\"><div class=\"wpb_text_column\"><div class=\"wpb_wrapper\"><h2 id=\"reservar\">Warum eine fr\u00fchzeitige Buchung f\u00fcr Baraka sinnvoll ist<\/h2>\n<p>In einem Saal mit 48 Pl\u00e4tzen kann die Verf\u00fcgbarkeit schnell abnehmen. Wer erst am Eingang kaufen m\u00f6chte, hat weniger Auswahl bei den Zeiten und keine Garantie auf Karten f\u00fcr den Termin, der am besten in die Reiseplanung passt.<\/p>\n<p>Bei der Online-Buchung k\u00f6nnen Sie das Datum ausw\u00e4hlen, die Ticketarten pr\u00fcfen und die Best\u00e4tigung per E-Mail erhalten. Die Eintrittskarte auf dem Smartphone vereinfacht den Einlass und macht Sie unabh\u00e4ngig von einer Kasse in letzter Minute.<\/p>\n<p>Pr\u00fcfen Sie vor der Zahlung Datum, Vorstellung, Teilnehmerzahl und Alterskategorie. Beachten Sie au\u00dferdem die geltenden Verkaufsbedingungen. Auf unserer Seite \u00fcber <a href=\"https:\/\/www.tablaosflamencos.com\/como-reservar\"><strong>die Buchung<\/strong><\/a> erkl\u00e4ren wir den allgemeinen Ablauf und was nach Erhalt der Eintrittskarten zu tun ist.<\/p>\n<\/div><\/div><\/div><\/div><\/div><div class=\"vc_col-sm-6 wpb_column vc_column_container\"><div class=\"vc_column-inner\"><div class=\"wpb_wrapper\"><div class=\"wpb_text_column\"><div class=\"wpb_wrapper\"><h3>Der beste Grund, Baraka zu w\u00e4hlen<\/h3>\n<p>Baraka muss nicht \u00fcber seine Gr\u00f6\u00dfe konkurrieren. Sein Wert liegt gerade in seinem Ma\u00dfstab: ein Ensemble aus vier K\u00fcnstlern vor einem kleinen Publikum, in einem Saal, in dem die geringe Distanz die Nuancen nicht verwischt.<\/p>\n<p>Es ist ein klares Angebot f\u00fcr alle, die in Triana eine Stunde dem Flamenco widmen m\u00f6chten, ohne verpflichtendes Abendessen und mit gut definierten praktischen Informationen. Das inbegriffene Getr\u00e4nk rundet den Empfang ab, doch die Vorstellung bleibt der Mittelpunkt der Buchung.<\/p>\n<p>Wenn diese Kombination Ihren Vorstellungen entspricht, pr\u00fcfen Sie den Termin f\u00fcr Ihr Datum und buchen Sie, bevor Sie den restlichen Abend planen. Intimit\u00e4t funktioniert am besten, wenn sie nicht davon abh\u00e4ngt, in letzter Minute noch einen freien Platz zu finden.<\/p>\n<\/div><\/div><div class=\"w-separator size_medium\"><\/div><div class=\"w-btn-wrapper align_left\"><a class=\"w-btn us-btn-style_1 icon_atleft\" href=\"https:\/\/www.tablaosflamencos.com\/de\/tablao\/baraka-sala-flamenca\"><i class=\"fas fa-ticket-alt\"><\/i><span class=\"w-btn-label\">Baraka Sala Flamenca buchen<\/span><\/a><\/div><\/div><\/div><\/div><\/div><\/div><\/section><section class=\"l-section wpb_row height_huge with_shape\"><div class=\"l-section-overlay\" style=\"background:#f5f5f5\"><\/div><div class=\"l-section-shape type_zigzag pos_top\" style=\"height:3vmin;\"><svg xmlns=\"http:\/\/www.w3.org\/2000\/svg\" viewBox=\"0 0 64 8\" preserveAspectRatio=\"none\" width=\"100%\" height=\"100%\">\r\n\t<path fill=\"currentColor\" d=\"M64 8 L0 8 L0 0 L20 7.9 L40 3 L48 5 L64 0 Z\"\/>\r\n<\/svg><\/div><div class=\"l-section-shape type_zigzag pos_bottom\" style=\"height:3vmin;\"><svg xmlns=\"http:\/\/www.w3.org\/2000\/svg\" viewBox=\"0 0 64 8\" preserveAspectRatio=\"none\" width=\"100%\" height=\"100%\">\r\n\t<path fill=\"currentColor\" d=\"M64 8 L0 8 L0 0 L20 7.9 L40 3 L48 5 L64 0 Z\"\/>\r\n<\/svg><\/div><div class=\"l-section-h i-cf\"><div class=\"g-cols vc_row via_flex valign_top type_default stacking_default\"><div class=\"vc_col-sm-12 wpb_column vc_column_container\"><div class=\"vc_column-inner\"><div class=\"wpb_wrapper\"><div class=\"wpb_text_column\"><div class=\"wpb_wrapper\"><h2 style=\"text-align: center;\">Flamenco in genau der richtigen Entfernung<\/h2>\n<p style=\"text-align: center;\">Das Erlebnis im Baraka Sala Flamenca erschlie\u00dft sich am besten durch die N\u00e4he. Die Kapazit\u00e4t von 48 Personen, die Besetzung mit vier K\u00fcnstlern und der Verzicht auf ein Abendessen w\u00e4hrend der Vorstellung lenken die Aufmerksamkeit auf Gesang, Gitarre und Tanz. Die Calle Pureza und Triana liefern den Rahmen; der Dialog des Ensembles liefert den Inhalt.<\/p>\n<p style=\"text-align: center;\">Pr\u00fcfen Sie die verf\u00fcgbaren Termine f\u00fcr Ihr Datum, kommen Sie 15 bis 20 Minuten fr\u00fcher und planen Sie den restlichen Abend um die Vorstellung herum. So k\u00f6nnen Sie das Viertel ohne Eile genie\u00dfen und den Saal bereit zum Zuh\u00f6ren betreten.<\/p>\n<\/div><\/div><div class=\"w-separator size_medium\"><\/div><div class=\"w-hwrapper valign_top wrap stack_on_mobiles align_center\" style=\"--hwrapper-gap:1.2rem\"><div class=\"w-btn-wrapper align_none\"><a class=\"w-btn us-btn-style_1\" href=\"https:\/\/www.tablaosflamencos.com\/de\/tablao\/baraka-sala-flamenca\"><span class=\"w-btn-label\">Eintrittskarten f\u00fcr Baraka ansehen<\/span><\/a><\/div><div class=\"w-btn-wrapper align_none\"><a class=\"w-btn us-btn-style_1\" href=\"https:\/\/www.tablaosflamencos.com\/de\/flamenco-in-triana\"><span class=\"w-btn-label\">Tablaos in Triana vergleichen<\/span><\/a><\/div><\/div><\/div><\/div><\/div><\/div><\/div><\/section><section class=\"l-section wpb_row height_huge\"><div class=\"l-section-h i-cf\"><div class=\"g-cols vc_row via_flex valign_top type_default stacking_default\"><div class=\"vc_col-sm-1\/5 wpb_column vc_column_container\"><div class=\"vc_column-inner\"><div class=\"wpb_wrapper\"><\/div><\/div><\/div><div class=\"vc_col-sm-3\/5 wpb_column vc_column_container\"><div class=\"vc_column-inner\"><div class=\"wpb_wrapper\"><div class=\"wpb_text_column\"><div class=\"wpb_wrapper\"><h2 id=\"faq\">H\u00e4ufig gestellte Fragen zu Baraka Sala Flamenca<\/h2>\n<\/div><\/div><div class=\"w-separator size_medium\"><\/div><div class=\"w-tabs accordion toggle_style_1\" style=\"--sections-title-size:inherit;--sections-gap:0.5rem;\"><div class=\"w-tabs-sections titles-align_none icon_chevron cpos_right\"><div class=\"w-tabs-section\" id=\"k0ce\" itemscope itemprop=\"mainEntity\" itemtype=\"https:\/\/schema.org\/Question\"><button type=\"button\" class=\"w-tabs-section-header\" aria-controls=\"content-k0ce\" aria-expanded=\"false\"><div class=\"w-tabs-section-title\" itemprop=\"name\">Wo befindet sich Baraka Sala Flamenca?<\/div><div class=\"w-tabs-section-control\"><\/div><\/button><div  class=\"w-tabs-section-content\" id=\"content-k0ce\" itemscope itemprop=\"acceptedAnswer\" itemtype=\"https:\/\/schema.org\/Answer\"><div class=\"w-tabs-section-content-h i-cf\" itemprop=\"text\"><div class=\"wpb_text_column\"><div class=\"wpb_wrapper\"><p>Baraka Sala Flamenca befindet sich in der Calle Pureza 107 im Stadtviertel Triana in Sevilla. Der Saal liegt unweit vom Altozano, der Calle Betis, dem Guadalquivir und der Pfarrkirche Santa Ana.<\/p>\n<\/div><\/div><\/div><\/div><\/div><div class=\"w-tabs-section\" id=\"d1c8\" itemscope itemprop=\"mainEntity\" itemtype=\"https:\/\/schema.org\/Question\"><button type=\"button\" class=\"w-tabs-section-header\" aria-controls=\"content-d1c8\" aria-expanded=\"false\"><div class=\"w-tabs-section-title\" itemprop=\"name\">Wie lange dauert die Vorstellung bei Baraka?<\/div><div class=\"w-tabs-section-control\"><\/div><\/button><div  class=\"w-tabs-section-content\" id=\"content-d1c8\" itemscope itemprop=\"acceptedAnswer\" itemtype=\"https:\/\/schema.org\/Answer\"><div class=\"w-tabs-section-content-h i-cf\" itemprop=\"text\"><div class=\"wpb_text_column\"><div class=\"wpb_wrapper\"><p>Die Vorstellung dauert etwa 60 Minuten. Es empfiehlt sich, 15 bis 20 Minuten fr\u00fcher zu kommen, um in Ruhe einzutreten und Platz zu nehmen.<\/p>\n<\/div><\/div><\/div><\/div><\/div><div class=\"w-tabs-section\" id=\"k2a2\" itemscope itemprop=\"mainEntity\" itemtype=\"https:\/\/schema.org\/Question\"><button type=\"button\" class=\"w-tabs-section-header\" aria-controls=\"content-k2a2\" aria-expanded=\"false\"><div class=\"w-tabs-section-title\" itemprop=\"name\">Wie viele K\u00fcnstler treten im Baraka Sala Flamenca auf?<\/div><div class=\"w-tabs-section-control\"><\/div><\/button><div  class=\"w-tabs-section-content\" id=\"content-k2a2\" itemscope itemprop=\"acceptedAnswer\" itemtype=\"https:\/\/schema.org\/Answer\"><div class=\"w-tabs-section-content-h i-cf\" itemprop=\"text\"><div class=\"wpb_text_column\"><div class=\"wpb_wrapper\"><p>Die \u00fcbliche Besetzung besteht aus vier K\u00fcnstlern: einer Gesangsstimme, einem Gitarristen, einem T\u00e4nzer und einer T\u00e4nzerin. Das Ensemble pr\u00e4sentiert Gesang, Gitarre und Tanz live.<\/p>\n<\/div><\/div><\/div><\/div><\/div><div class=\"w-tabs-section\" id=\"l38a\" itemscope itemprop=\"mainEntity\" itemtype=\"https:\/\/schema.org\/Question\"><button type=\"button\" class=\"w-tabs-section-header\" aria-controls=\"content-l38a\" aria-expanded=\"false\"><div class=\"w-tabs-section-title\" itemprop=\"name\">Was ist in der Eintrittskarte f\u00fcr Baraka enthalten?<\/div><div class=\"w-tabs-section-control\"><\/div><\/button><div  class=\"w-tabs-section-content\" id=\"content-l38a\" itemscope itemprop=\"acceptedAnswer\" itemtype=\"https:\/\/schema.org\/Answer\"><div class=\"w-tabs-section-content-h i-cf\" itemprop=\"text\"><div class=\"wpb_text_column\"><div class=\"wpb_wrapper\"><p>Die Eintrittskarte umfasst die Flamenco-Show und ein Getr\u00e4nk. Verf\u00fcgbare Optionen, Preise und Vorstellungszeiten sollten bei der Auswahl des Buchungsdatums gepr\u00fcft werden.<\/p>\n<\/div><\/div><\/div><\/div><\/div><div class=\"w-tabs-section\" id=\"b467\" itemscope itemprop=\"mainEntity\" itemtype=\"https:\/\/schema.org\/Question\"><button type=\"button\" class=\"w-tabs-section-header\" aria-controls=\"content-b467\" aria-expanded=\"false\"><div class=\"w-tabs-section-title\" itemprop=\"name\">Kann man w\u00e4hrend der Vorstellung zu Abend essen?<\/div><div class=\"w-tabs-section-control\"><\/div><\/button><div  class=\"w-tabs-section-content\" id=\"content-b467\" itemscope itemprop=\"acceptedAnswer\" itemtype=\"https:\/\/schema.org\/Answer\"><div class=\"w-tabs-section-content-h i-cf\" itemprop=\"text\"><div class=\"wpb_text_column\"><div class=\"wpb_wrapper\"><p>Ein Abendessen ist nicht inbegriffen; im Saal werden Getr\u00e4nke serviert. Sie k\u00f6nnen vorher oder nachher in Triana essen und die Stunde der Darbietung ganz der Vorstellung widmen.<\/p>\n<\/div><\/div><\/div><\/div><\/div><div class=\"w-tabs-section\" id=\"x54a\" itemscope itemprop=\"mainEntity\" itemtype=\"https:\/\/schema.org\/Question\"><button type=\"button\" class=\"w-tabs-section-header\" aria-controls=\"content-x54a\" aria-expanded=\"false\"><div class=\"w-tabs-section-title\" itemprop=\"name\">K\u00f6nnen Kinder das Baraka Sala Flamenca besuchen?<\/div><div class=\"w-tabs-section-control\"><\/div><\/button><div  class=\"w-tabs-section-content\" id=\"content-x54a\" itemscope itemprop=\"acceptedAnswer\" itemtype=\"https:\/\/schema.org\/Answer\"><div class=\"w-tabs-section-content-h i-cf\" itemprop=\"text\"><div class=\"wpb_text_column\"><div class=\"wpb_wrapper\"><p>Die Buchungsseite erlaubt den Einlass von Kindern ab 4 Jahren und bietet ein Kinderticket. Kinder m\u00fcssen von einem Erwachsenen begleitet werden; pr\u00fcfen Sie au\u00dferdem die Bedingungen des gew\u00e4hlten Datums.<\/p>\n<\/div><\/div><\/div><\/div><\/div><div class=\"w-tabs-section\" id=\"a615\" itemscope itemprop=\"mainEntity\" itemtype=\"https:\/\/schema.org\/Question\"><button type=\"button\" class=\"w-tabs-section-header\" aria-controls=\"content-a615\" aria-expanded=\"false\"><div class=\"w-tabs-section-title\" itemprop=\"name\">Ist Baraka Sala Flamenca barrierefrei?<\/div><div class=\"w-tabs-section-control\"><\/div><\/button><div  class=\"w-tabs-section-content\" id=\"content-a615\" itemscope itemprop=\"acceptedAnswer\" itemtype=\"https:\/\/schema.org\/Answer\"><div class=\"w-tabs-section-content-h i-cf\" itemprop=\"text\"><div class=\"wpb_text_column\"><div class=\"wpb_wrapper\"><p>Der Veranstaltungsort wird als barrierefrei gef\u00fchrt. Wenn Sie einen Rollstuhlplatz oder eine andere konkrete Anpassung ben\u00f6tigen, geben Sie dies bei der Buchung an, damit der Zugang entsprechend vorbereitet werden kann.<\/p>\n<\/div><\/div><\/div><\/div><\/div><div class=\"w-tabs-section\" id=\"r6f1\" itemscope itemprop=\"mainEntity\" itemtype=\"https:\/\/schema.org\/Question\"><button type=\"button\" class=\"w-tabs-section-header\" aria-controls=\"content-r6f1\" aria-expanded=\"false\"><div class=\"w-tabs-section-title\" itemprop=\"name\">Muss man im Voraus buchen?<\/div><div class=\"w-tabs-section-control\"><\/div><\/button><div  class=\"w-tabs-section-content\" id=\"content-r6f1\" itemscope itemprop=\"acceptedAnswer\" itemtype=\"https:\/\/schema.org\/Answer\"><div class=\"w-tabs-section-content-h i-cf\" itemprop=\"text\"><div class=\"wpb_text_column\"><div class=\"wpb_wrapper\"><p>Es ist empfehlenswert. Baraka hat 48 Pl\u00e4tze, und manche Termine k\u00f6nnen ausverkauft sein. Bei der Online-Buchung k\u00f6nnen Sie die Verf\u00fcgbarkeit pr\u00fcfen, einen Termin w\u00e4hlen und die Eintrittskarte auf dem Smartphone erhalten.<\/p>\n<\/div><\/div><\/div><\/div><\/div><\/div><\/div><\/div><\/div><\/div><div class=\"vc_col-sm-1\/5 wpb_column vc_column_container\"><div class=\"vc_column-inner\"><div class=\"wpb_wrapper\"><\/div><\/div><\/div><\/div><\/div><\/section>\n","protected":false},"excerpt":{"rendered":"<p>Entdecken Sie Baraka Sala Flamenca, einen intimen Tablao in der Calle Pureza in Triana, mit Gesang, Gitarre, Tanz und einem inbegriffenen Getr\u00e4nk.<\/p>\n","protected":false},"author":1,"featured_media":11530,"comment_status":"closed","ping_status":"closed","sticky":false,"template":"","format":"standard","meta":{"_acf_changed":false,"wpai_generated_summary":"","_ayudawp_aiss_exclude":false,"_ayudawp_aiss_exclude_summary":false,"_ayudawp_aiss_summary":"","_ayudawp_aiss_summary_provider":"","_ayudawp_aiss_summary_hash":"","footnotes":""},"categories":[350],"tags":[1161,1164,1167],"class_list":["post-14502","post","type-post","status-publish","format-standard","has-post-thumbnail","hentry","category-tablaos-und-flamenco-shows","tag-baraka-sala-flamenca","tag-calle-pureza","tag-flamenco-en-triana"],"acf":[],"yoast_head":"<!-- This site is optimized with the Yoast SEO Premium plugin v28.4 (Yoast SEO v28.4) - https:\/\/yoast.com\/product\/yoast-seo-premium-wordpress\/ -->\n<title>Baraka Sala Flamenca: Intimer Flamenco in Triana | Tablaos Flamencos<\/title>\n<meta name=\"description\" content=\"Entdecken Sie Baraka Sala Flamenca in der Calle Pureza: intimer Flamenco in Triana mit vier K\u00fcnstlern, einer Stunde Show und einem Getr\u00e4nk.\" \/>\n<meta name=\"robots\" content=\"index, follow, max-snippet:-1, max-image-preview:large, max-video-preview:-1\" \/>\n<link rel=\"canonical\" href=\"https:\/\/www.tablaosflamencos.com\/de\/baraka-sala-flamenca-intimer-flamenco-calle-pureza.html\" \/>\n<meta property=\"og:locale\" content=\"de_DE\" \/>\n<meta property=\"og:type\" content=\"article\" \/>\n<meta property=\"og:title\" content=\"Baraka Sala Flamenca: Intimer Flamenco in der Calle Pureza\" \/>\n<meta property=\"og:description\" content=\"Entdecken Sie Baraka Sala Flamenca in der Calle Pureza: intimer Flamenco in Triana mit vier K\u00fcnstlern, einer Stunde Show und einem Getr\u00e4nk.\" \/>\n<meta property=\"og:url\" content=\"https:\/\/www.tablaosflamencos.com\/de\/baraka-sala-flamenca-intimer-flamenco-calle-pureza.html\" \/>\n<meta property=\"og:site_name\" content=\"Tablaos Flamencos\" \/>\n<meta property=\"article:publisher\" content=\"https:\/\/www.facebook.com\/tablaosflamencos\" \/>\n<meta property=\"article:published_time\" content=\"2026-09-04T15:20:37+00:00\" \/>\n<meta property=\"article:modified_time\" content=\"2026-09-04T17:09:16+00:00\" \/>\n<meta property=\"og:image\" content=\"https:\/\/www.tablaosflamencos.com\/wp-content\/uploads\/baraka-sala-flamenca-01-2.webp\" \/>\n\t<meta property=\"og:image:width\" content=\"1920\" \/>\n\t<meta property=\"og:image:height\" content=\"1281\" \/>\n\t<meta property=\"og:image:type\" content=\"image\/webp\" \/>\n<meta name=\"author\" content=\"Miguel Ortiz\" \/>\n<meta name=\"twitter:card\" content=\"summary_large_image\" \/>\n<meta name=\"twitter:creator\" content=\"@tablaosflamenco\" \/>\n<meta name=\"twitter:site\" content=\"@tablaosflamenco\" \/>\n<meta name=\"twitter:label1\" content=\"Verfasst von\" \/>\n\t<meta name=\"twitter:data1\" content=\"Miguel Ortiz\" \/>\n\t<meta name=\"twitter:label2\" content=\"Gesch\u00e4tzte Lesezeit\" \/>\n\t<meta name=\"twitter:data2\" content=\"19\u00a0Minuten\" \/>\n<script type=\"application\/ld+json\" class=\"yoast-schema-graph\">{\"@context\":\"https:\\\/\\\/schema.org\",\"@graph\":[{\"@type\":\"Article\",\"@id\":\"https:\\\/\\\/www.tablaosflamencos.com\\\/de\\\/baraka-sala-flamenca-intimer-flamenco-calle-pureza.html#article\",\"isPartOf\":{\"@id\":\"https:\\\/\\\/www.tablaosflamencos.com\\\/de\\\/baraka-sala-flamenca-intimer-flamenco-calle-pureza.html\"},\"author\":{\"name\":\"Miguel Ortiz\",\"@id\":\"https:\\\/\\\/www.tablaosflamencos.com\\\/de#\\\/schema\\\/person\\\/e7a9ebe14eb75a52ceabfbffb3c54f5d\"},\"headline\":\"Baraka Sala Flamenca: Intimer Flamenco in der Calle Pureza\",\"datePublished\":\"2026-09-04T15:20:37+00:00\",\"dateModified\":\"2026-09-04T17:09:16+00:00\",\"mainEntityOfPage\":{\"@id\":\"https:\\\/\\\/www.tablaosflamencos.com\\\/de\\\/baraka-sala-flamenca-intimer-flamenco-calle-pureza.html\"},\"wordCount\":3843,\"publisher\":{\"@id\":\"https:\\\/\\\/www.tablaosflamencos.com\\\/de#organization\"},\"image\":{\"@id\":\"https:\\\/\\\/www.tablaosflamencos.com\\\/de\\\/baraka-sala-flamenca-intimer-flamenco-calle-pureza.html#primaryimage\"},\"thumbnailUrl\":\"https:\\\/\\\/www.tablaosflamencos.com\\\/wp-content\\\/uploads\\\/baraka-sala-flamenca-01-2.webp\",\"keywords\":[\"Baraka Sala Flamenca\",\"calle Pureza\",\"flamenco en Triana\"],\"articleSection\":[\"Tablaos und Flamenco-Shows\"],\"inLanguage\":\"de\"},{\"@type\":\"WebPage\",\"@id\":\"https:\\\/\\\/www.tablaosflamencos.com\\\/de\\\/baraka-sala-flamenca-intimer-flamenco-calle-pureza.html\",\"url\":\"https:\\\/\\\/www.tablaosflamencos.com\\\/de\\\/baraka-sala-flamenca-intimer-flamenco-calle-pureza.html\",\"name\":\"Baraka Sala Flamenca: Intimer Flamenco in Triana | Tablaos Flamencos\",\"isPartOf\":{\"@id\":\"https:\\\/\\\/www.tablaosflamencos.com\\\/de#website\"},\"primaryImageOfPage\":{\"@id\":\"https:\\\/\\\/www.tablaosflamencos.com\\\/de\\\/baraka-sala-flamenca-intimer-flamenco-calle-pureza.html#primaryimage\"},\"image\":{\"@id\":\"https:\\\/\\\/www.tablaosflamencos.com\\\/de\\\/baraka-sala-flamenca-intimer-flamenco-calle-pureza.html#primaryimage\"},\"thumbnailUrl\":\"https:\\\/\\\/www.tablaosflamencos.com\\\/wp-content\\\/uploads\\\/baraka-sala-flamenca-01-2.webp\",\"datePublished\":\"2026-09-04T15:20:37+00:00\",\"dateModified\":\"2026-09-04T17:09:16+00:00\",\"description\":\"Entdecken Sie Baraka Sala Flamenca in der Calle Pureza: intimer Flamenco in Triana mit vier K\u00fcnstlern, einer Stunde Show und einem Getr\u00e4nk.\",\"breadcrumb\":{\"@id\":\"https:\\\/\\\/www.tablaosflamencos.com\\\/de\\\/baraka-sala-flamenca-intimer-flamenco-calle-pureza.html#breadcrumb\"},\"inLanguage\":\"de\",\"potentialAction\":[{\"@type\":\"ReadAction\",\"target\":[\"https:\\\/\\\/www.tablaosflamencos.com\\\/de\\\/baraka-sala-flamenca-intimer-flamenco-calle-pureza.html\"]}]},{\"@type\":\"ImageObject\",\"inLanguage\":\"de\",\"@id\":\"https:\\\/\\\/www.tablaosflamencos.com\\\/de\\\/baraka-sala-flamenca-intimer-flamenco-calle-pureza.html#primaryimage\",\"url\":\"https:\\\/\\\/www.tablaosflamencos.com\\\/wp-content\\\/uploads\\\/baraka-sala-flamenca-01-2.webp\",\"contentUrl\":\"https:\\\/\\\/www.tablaosflamencos.com\\\/wp-content\\\/uploads\\\/baraka-sala-flamenca-01-2.webp\",\"width\":1920,\"height\":1281,\"caption\":\"Baraka Sala Flamenca - Baraka Flamenco show | Tablaos Flamencos\"},{\"@type\":\"BreadcrumbList\",\"@id\":\"https:\\\/\\\/www.tablaosflamencos.com\\\/de\\\/baraka-sala-flamenca-intimer-flamenco-calle-pureza.html#breadcrumb\",\"itemListElement\":[{\"@type\":\"ListItem\",\"position\":1,\"name\":\"Home\",\"item\":\"https:\\\/\\\/www.tablaosflamencos.com\\\/de\"},{\"@type\":\"ListItem\",\"position\":2,\"name\":\"Baraka Sala Flamenca: Intimer Flamenco in der Calle Pureza\"}]},{\"@type\":\"WebSite\",\"@id\":\"https:\\\/\\\/www.tablaosflamencos.com\\\/de#website\",\"url\":\"https:\\\/\\\/www.tablaosflamencos.com\\\/de\",\"name\":\"Tablaos Flamencos\",\"description\":\"Entradas para tablaos flamencos de Espa\u00f1a\",\"publisher\":{\"@id\":\"https:\\\/\\\/www.tablaosflamencos.com\\\/de#organization\"},\"alternateName\":\"Tablaos Flamencos\",\"potentialAction\":[{\"@type\":\"SearchAction\",\"target\":{\"@type\":\"EntryPoint\",\"urlTemplate\":\"https:\\\/\\\/www.tablaosflamencos.com\\\/de?s={search_term_string}\"},\"query-input\":{\"@type\":\"PropertyValueSpecification\",\"valueRequired\":true,\"valueName\":\"search_term_string\"}}],\"inLanguage\":\"de\"},{\"@type\":[\"Organization\",\"Place\",\"EntertainmentBusiness\"],\"@id\":\"https:\\\/\\\/www.tablaosflamencos.com\\\/de#organization\",\"name\":\"Tablaos Flamencos\",\"alternateName\":\"Tablaos Flamencos\",\"url\":\"https:\\\/\\\/www.tablaosflamencos.com\\\/de\",\"logo\":{\"@id\":\"https:\\\/\\\/www.tablaosflamencos.com\\\/de\\\/baraka-sala-flamenca-intimer-flamenco-calle-pureza.html#local-main-organization-logo\"},\"image\":{\"@id\":\"https:\\\/\\\/www.tablaosflamencos.com\\\/de\\\/baraka-sala-flamenca-intimer-flamenco-calle-pureza.html#local-main-organization-logo\"},\"sameAs\":[\"https:\\\/\\\/www.facebook.com\\\/tablaosflamencos\",\"https:\\\/\\\/x.com\\\/tablaosflamenco\",\"https:\\\/\\\/mastodon.social\\\/@tablaosflamencos\",\"https:\\\/\\\/www.instagram.com\\\/tablaosflamencos\",\"https:\\\/\\\/tiktok.com\\\/@tablaosflamencos\",\"https:\\\/\\\/www.linkedin.com\\\/company\\\/109408238\\\/\"],\"description\":\"Venta de entradas para espect\u00e1culos flamencos\",\"legalName\":\"Tablaos Flamencos\",\"foundingDate\":\"2015-01-01\",\"numberOfEmployees\":{\"@type\":\"QuantitativeValue\",\"minValue\":\"1\",\"maxValue\":\"10\"},\"address\":{\"@id\":\"https:\\\/\\\/www.tablaosflamencos.com\\\/de\\\/baraka-sala-flamenca-intimer-flamenco-calle-pureza.html#local-main-place-address\"},\"geo\":{\"@type\":\"GeoCoordinates\",\"latitude\":\"37.3868072\",\"longitude\":\"-5.993280299999999\"},\"telephone\":[\"+34623787787\"],\"contactPoint\":{\"@type\":\"ContactPoint\",\"telephone\":\"+34623787787\",\"email\":\"info@tablaosflamencos.com\"},\"openingHoursSpecification\":{\"@type\":\"OpeningHoursSpecification\",\"dayOfWeek\":[\"Monday\",\"Tuesday\",\"Wednesday\",\"Thursday\",\"Friday\",\"Saturday\",\"Sunday\"],\"opens\":\"00:00\",\"closes\":\"23:59\"},\"email\":\"info@tablaosflamencos.com\",\"priceRange\":\"$$$\",\"currenciesAccepted\":\"\u20ac\"},{\"@type\":\"Person\",\"@id\":\"https:\\\/\\\/www.tablaosflamencos.com\\\/de#\\\/schema\\\/person\\\/e7a9ebe14eb75a52ceabfbffb3c54f5d\",\"name\":\"Miguel Ortiz\",\"description\":\"Miguel Ortiz es un empresario flamenco, con una s\u00f3lida trayectoria dentro del sector. Ha presidido entidades culturales vinculadas al flamenco y, cuenta con un amplio recorrido profesional en la gesti\u00f3n y promoci\u00f3n de espect\u00e1culos y tablaos flamencos. Su pasi\u00f3n por la historia y el arte flamenco se refleja en cada art\u00edculo, donde combina experiencia, criterio y un profundo respeto por la tradici\u00f3n.\",\"sameAs\":[\"https:\\\/\\\/www.tablaosflamencos.com\",\"https:\\\/\\\/www.instagra.com\\\/miguelortizfe\",\"https:\\\/\\\/www.linkedin.com\\\/in\\\/miguelortizf\\\/\"],\"birthDate\":\"1984-11-22\",\"gender\":\"hombre\",\"knowsLanguage\":[\"espa\u00f1ol\",\"ingl\u00e9s\"],\"jobTitle\":\"Empresario flamenco\"},{\"@type\":\"PostalAddress\",\"@id\":\"https:\\\/\\\/www.tablaosflamencos.com\\\/de\\\/baraka-sala-flamenca-intimer-flamenco-calle-pureza.html#local-main-place-address\",\"streetAddress\":\"C\\\/ Alemanes, 19\",\"addressLocality\":\"Sevilla\",\"postalCode\":\"41004\",\"addressRegion\":\"Sevilla\",\"addressCountry\":\"ES\"},{\"@type\":\"ImageObject\",\"inLanguage\":\"de\",\"@id\":\"https:\\\/\\\/www.tablaosflamencos.com\\\/de\\\/baraka-sala-flamenca-intimer-flamenco-calle-pureza.html#local-main-organization-logo\",\"url\":\"https:\\\/\\\/www.tablaosflamencos.com\\\/wp-content\\\/uploads\\\/tablaos-flamencos-06-3.webp\",\"contentUrl\":\"https:\\\/\\\/www.tablaosflamencos.com\\\/wp-content\\\/uploads\\\/tablaos-flamencos-06-3.webp\",\"width\":600,\"height\":620,\"caption\":\"Tablaos Flamencos\"}]}<\/script>\n<meta name=\"geo.placename\" content=\"Sevilla\" \/>\n<meta name=\"geo.position\" content=\"37.3868072;-5.993280299999999\" \/>\n<meta name=\"geo.region\" content=\"Spanien\" \/>\n<!-- \/ Yoast SEO Premium plugin. -->","yoast_head_json":{"title":"Baraka Sala Flamenca: Intimer Flamenco in Triana | Tablaos Flamencos","description":"Entdecken Sie Baraka Sala Flamenca in der Calle Pureza: intimer Flamenco in Triana mit vier K\u00fcnstlern, einer Stunde Show und einem Getr\u00e4nk.","robots":{"index":"index","follow":"follow","max-snippet":"max-snippet:-1","max-image-preview":"max-image-preview:large","max-video-preview":"max-video-preview:-1"},"canonical":"https:\/\/www.tablaosflamencos.com\/de\/baraka-sala-flamenca-intimer-flamenco-calle-pureza.html","og_locale":"de_DE","og_type":"article","og_title":"Baraka Sala Flamenca: Intimer Flamenco in der Calle Pureza","og_description":"Entdecken Sie Baraka Sala Flamenca in der Calle Pureza: intimer Flamenco in Triana mit vier K\u00fcnstlern, einer Stunde Show und einem Getr\u00e4nk.","og_url":"https:\/\/www.tablaosflamencos.com\/de\/baraka-sala-flamenca-intimer-flamenco-calle-pureza.html","og_site_name":"Tablaos Flamencos","article_publisher":"https:\/\/www.facebook.com\/tablaosflamencos","article_published_time":"2026-09-04T15:20:37+00:00","article_modified_time":"2026-09-04T17:09:16+00:00","og_image":[{"width":1920,"height":1281,"url":"https:\/\/www.tablaosflamencos.com\/wp-content\/uploads\/baraka-sala-flamenca-01-2.webp","type":"image\/webp"}],"author":"Miguel Ortiz","twitter_card":"summary_large_image","twitter_creator":"@tablaosflamenco","twitter_site":"@tablaosflamenco","twitter_misc":{"Verfasst von":"Miguel Ortiz","Gesch\u00e4tzte Lesezeit":"19\u00a0Minuten"},"schema":{"@context":"https:\/\/schema.org","@graph":[{"@type":"Article","@id":"https:\/\/www.tablaosflamencos.com\/de\/baraka-sala-flamenca-intimer-flamenco-calle-pureza.html#article","isPartOf":{"@id":"https:\/\/www.tablaosflamencos.com\/de\/baraka-sala-flamenca-intimer-flamenco-calle-pureza.html"},"author":{"name":"Miguel Ortiz","@id":"https:\/\/www.tablaosflamencos.com\/de#\/schema\/person\/e7a9ebe14eb75a52ceabfbffb3c54f5d"},"headline":"Baraka Sala Flamenca: Intimer Flamenco in der Calle Pureza","datePublished":"2026-09-04T15:20:37+00:00","dateModified":"2026-09-04T17:09:16+00:00","mainEntityOfPage":{"@id":"https:\/\/www.tablaosflamencos.com\/de\/baraka-sala-flamenca-intimer-flamenco-calle-pureza.html"},"wordCount":3843,"publisher":{"@id":"https:\/\/www.tablaosflamencos.com\/de#organization"},"image":{"@id":"https:\/\/www.tablaosflamencos.com\/de\/baraka-sala-flamenca-intimer-flamenco-calle-pureza.html#primaryimage"},"thumbnailUrl":"https:\/\/www.tablaosflamencos.com\/wp-content\/uploads\/baraka-sala-flamenca-01-2.webp","keywords":["Baraka Sala Flamenca","calle Pureza","flamenco en Triana"],"articleSection":["Tablaos und Flamenco-Shows"],"inLanguage":"de"},{"@type":"WebPage","@id":"https:\/\/www.tablaosflamencos.com\/de\/baraka-sala-flamenca-intimer-flamenco-calle-pureza.html","url":"https:\/\/www.tablaosflamencos.com\/de\/baraka-sala-flamenca-intimer-flamenco-calle-pureza.html","name":"Baraka Sala Flamenca: Intimer Flamenco in Triana | Tablaos Flamencos","isPartOf":{"@id":"https:\/\/www.tablaosflamencos.com\/de#website"},"primaryImageOfPage":{"@id":"https:\/\/www.tablaosflamencos.com\/de\/baraka-sala-flamenca-intimer-flamenco-calle-pureza.html#primaryimage"},"image":{"@id":"https:\/\/www.tablaosflamencos.com\/de\/baraka-sala-flamenca-intimer-flamenco-calle-pureza.html#primaryimage"},"thumbnailUrl":"https:\/\/www.tablaosflamencos.com\/wp-content\/uploads\/baraka-sala-flamenca-01-2.webp","datePublished":"2026-09-04T15:20:37+00:00","dateModified":"2026-09-04T17:09:16+00:00","description":"Entdecken Sie Baraka Sala Flamenca in der Calle Pureza: intimer Flamenco in Triana mit vier K\u00fcnstlern, einer Stunde Show und einem Getr\u00e4nk.","breadcrumb":{"@id":"https:\/\/www.tablaosflamencos.com\/de\/baraka-sala-flamenca-intimer-flamenco-calle-pureza.html#breadcrumb"},"inLanguage":"de","potentialAction":[{"@type":"ReadAction","target":["https:\/\/www.tablaosflamencos.com\/de\/baraka-sala-flamenca-intimer-flamenco-calle-pureza.html"]}]},{"@type":"ImageObject","inLanguage":"de","@id":"https:\/\/www.tablaosflamencos.com\/de\/baraka-sala-flamenca-intimer-flamenco-calle-pureza.html#primaryimage","url":"https:\/\/www.tablaosflamencos.com\/wp-content\/uploads\/baraka-sala-flamenca-01-2.webp","contentUrl":"https:\/\/www.tablaosflamencos.com\/wp-content\/uploads\/baraka-sala-flamenca-01-2.webp","width":1920,"height":1281,"caption":"Baraka Sala Flamenca - Baraka Flamenco show | Tablaos Flamencos"},{"@type":"BreadcrumbList","@id":"https:\/\/www.tablaosflamencos.com\/de\/baraka-sala-flamenca-intimer-flamenco-calle-pureza.html#breadcrumb","itemListElement":[{"@type":"ListItem","position":1,"name":"Home","item":"https:\/\/www.tablaosflamencos.com\/de"},{"@type":"ListItem","position":2,"name":"Baraka Sala Flamenca: Intimer Flamenco in der Calle Pureza"}]},{"@type":"WebSite","@id":"https:\/\/www.tablaosflamencos.com\/de#website","url":"https:\/\/www.tablaosflamencos.com\/de","name":"Tablaos Flamencos","description":"Entradas para tablaos flamencos de Espa\u00f1a","publisher":{"@id":"https:\/\/www.tablaosflamencos.com\/de#organization"},"alternateName":"Tablaos Flamencos","potentialAction":[{"@type":"SearchAction","target":{"@type":"EntryPoint","urlTemplate":"https:\/\/www.tablaosflamencos.com\/de?s={search_term_string}"},"query-input":{"@type":"PropertyValueSpecification","valueRequired":true,"valueName":"search_term_string"}}],"inLanguage":"de"},{"@type":["Organization","Place","EntertainmentBusiness"],"@id":"https:\/\/www.tablaosflamencos.com\/de#organization","name":"Tablaos Flamencos","alternateName":"Tablaos Flamencos","url":"https:\/\/www.tablaosflamencos.com\/de","logo":{"@id":"https:\/\/www.tablaosflamencos.com\/de\/baraka-sala-flamenca-intimer-flamenco-calle-pureza.html#local-main-organization-logo"},"image":{"@id":"https:\/\/www.tablaosflamencos.com\/de\/baraka-sala-flamenca-intimer-flamenco-calle-pureza.html#local-main-organization-logo"},"sameAs":["https:\/\/www.facebook.com\/tablaosflamencos","https:\/\/x.com\/tablaosflamenco","https:\/\/mastodon.social\/@tablaosflamencos","https:\/\/www.instagram.com\/tablaosflamencos","https:\/\/tiktok.com\/@tablaosflamencos","https:\/\/www.linkedin.com\/company\/109408238\/"],"description":"Venta de entradas para espect\u00e1culos flamencos","legalName":"Tablaos Flamencos","foundingDate":"2015-01-01","numberOfEmployees":{"@type":"QuantitativeValue","minValue":"1","maxValue":"10"},"address":{"@id":"https:\/\/www.tablaosflamencos.com\/de\/baraka-sala-flamenca-intimer-flamenco-calle-pureza.html#local-main-place-address"},"geo":{"@type":"GeoCoordinates","latitude":"37.3868072","longitude":"-5.993280299999999"},"telephone":["+34623787787"],"contactPoint":{"@type":"ContactPoint","telephone":"+34623787787","email":"info@tablaosflamencos.com"},"openingHoursSpecification":{"@type":"OpeningHoursSpecification","dayOfWeek":["Monday","Tuesday","Wednesday","Thursday","Friday","Saturday","Sunday"],"opens":"00:00","closes":"23:59"},"email":"info@tablaosflamencos.com","priceRange":"$$$","currenciesAccepted":"\u20ac"},{"@type":"Person","@id":"https:\/\/www.tablaosflamencos.com\/de#\/schema\/person\/e7a9ebe14eb75a52ceabfbffb3c54f5d","name":"Miguel Ortiz","description":"Miguel Ortiz es un empresario flamenco, con una s\u00f3lida trayectoria dentro del sector. Ha presidido entidades culturales vinculadas al flamenco y, cuenta con un amplio recorrido profesional en la gesti\u00f3n y promoci\u00f3n de espect\u00e1culos y tablaos flamencos. Su pasi\u00f3n por la historia y el arte flamenco se refleja en cada art\u00edculo, donde combina experiencia, criterio y un profundo respeto por la tradici\u00f3n.","sameAs":["https:\/\/www.tablaosflamencos.com","https:\/\/www.instagra.com\/miguelortizfe","https:\/\/www.linkedin.com\/in\/miguelortizf\/"],"birthDate":"1984-11-22","gender":"hombre","knowsLanguage":["espa\u00f1ol","ingl\u00e9s"],"jobTitle":"Empresario flamenco"},{"@type":"PostalAddress","@id":"https:\/\/www.tablaosflamencos.com\/de\/baraka-sala-flamenca-intimer-flamenco-calle-pureza.html#local-main-place-address","streetAddress":"C\/ Alemanes, 19","addressLocality":"Sevilla","postalCode":"41004","addressRegion":"Sevilla","addressCountry":"ES"},{"@type":"ImageObject","inLanguage":"de","@id":"https:\/\/www.tablaosflamencos.com\/de\/baraka-sala-flamenca-intimer-flamenco-calle-pureza.html#local-main-organization-logo","url":"https:\/\/www.tablaosflamencos.com\/wp-content\/uploads\/tablaos-flamencos-06-3.webp","contentUrl":"https:\/\/www.tablaosflamencos.com\/wp-content\/uploads\/tablaos-flamencos-06-3.webp","width":600,"height":620,"caption":"Tablaos Flamencos"}]},"geo.placename":"Sevilla","geo.position":{"lat":"37.3868072","long":"-5.993280299999999"},"geo.region":"Spanien"},"_links":{"self":[{"href":"https:\/\/www.tablaosflamencos.com\/de\/wp-json\/wp\/v2\/posts\/14502","targetHints":{"allow":["GET"]}}],"collection":[{"href":"https:\/\/www.tablaosflamencos.com\/de\/wp-json\/wp\/v2\/posts"}],"about":[{"href":"https:\/\/www.tablaosflamencos.com\/de\/wp-json\/wp\/v2\/types\/post"}],"author":[{"embeddable":true,"href":"https:\/\/www.tablaosflamencos.com\/de\/wp-json\/wp\/v2\/users\/1"}],"replies":[{"embeddable":true,"href":"https:\/\/www.tablaosflamencos.com\/de\/wp-json\/wp\/v2\/comments?post=14502"}],"version-history":[{"count":5,"href":"https:\/\/www.tablaosflamencos.com\/de\/wp-json\/wp\/v2\/posts\/14502\/revisions"}],"predecessor-version":[{"id":14573,"href":"https:\/\/www.tablaosflamencos.com\/de\/wp-json\/wp\/v2\/posts\/14502\/revisions\/14573"}],"wp:featuredmedia":[{"embeddable":true,"href":"https:\/\/www.tablaosflamencos.com\/de\/wp-json\/wp\/v2\/media\/11530"}],"wp:attachment":[{"href":"https:\/\/www.tablaosflamencos.com\/de\/wp-json\/wp\/v2\/media?parent=14502"}],"wp:term":[{"taxonomy":"category","embeddable":true,"href":"https:\/\/www.tablaosflamencos.com\/de\/wp-json\/wp\/v2\/categories?post=14502"},{"taxonomy":"post_tag","embeddable":true,"href":"https:\/\/www.tablaosflamencos.com\/de\/wp-json\/wp\/v2\/tags?post=14502"}],"curies":[{"name":"wp","href":"https:\/\/api.w.org\/{rel}","templated":true}]}}